{"id":20809,"date":"2001-08-02T00:00:00","date_gmt":"2001-08-02T00:00:00","guid":{"rendered":"https:\/\/tunisnews.net\/2-aout-2001\/"},"modified":"2001-08-02T00:00:00","modified_gmt":"2001-08-02T00:00:00","slug":"2-aout-2001","status":"publish","type":"post","link":"https:\/\/tunisnews.net\/ar\/2-aout-2001\/","title":{"rendered":"2 ao\u00fbt 2001"},"content":{"rendered":"<p><html><head><meta content=\"text\/html\" description='Professor Ali Laarayidh was born in 1955 in the countryside of South Tunisia where he had his primary education. He received his secondary education in Mednine where he passed his Baccalaureate in economics with distinction. He graduated from the Tunisian university with a degree in engineering\". ' http-equiv=\"Content-Type\"\/><\/head><body><body><\/p>\n<p align=\"center\"><b><a href=\"index.html\">Accueil<\/a><\/b><\/p>\n<p align=\"center\">\u00a0<\/p>\n<p align=\"center\">\u00a0<\/p>\n<div>\n<div><font face=\"Arial\" size=\"2\">\u00a0<\/font><\/p>\n<table border=\"1\" width=\"100%\">\n<tbody>\n<tr>\n<td bgcolor=\"#bbe9ff\" width=\"100%\"><tt><font face=\"Arial\" size=\"2\"><span><tt><span><span lang=\"SV\"><span lang=\"SV\"><font><\/font><\/span><\/span><\/span><\/tt><\/span><\/p>\n<div align=\"center\"><span lang=\"EN-US\"><span lang=\"EN-US\"><span><span><font face=\"Algerian\"><font size=\"2\"><font size=\"3\"><font face=\"Trebuchet MS\"><font size=\"7\"><span><span><font face=\"Bookman Old Style\" size=\"7\"><font><span lang=\"SV\"><span lang=\"SV\"><\/span><\/span><\/font><\/font><\/span><\/span><\/font><\/font><\/font><\/font><\/font><\/span><\/span><\/span><\/span>\u00a0<\/div>\n<div align=\"center\"><span lang=\"EN-US\"><span lang=\"EN-US\"><span><span><font face=\"Algerian\"><font size=\"2\"><font size=\"3\"><font face=\"Trebuchet MS\"><font size=\"7\"><span><span><font face=\"Bookman Old Style\" size=\"7\"><font><span lang=\"SV\"><span lang=\"SV\"><strong>TUNISNEWS<\/strong><\/span><\/span><\/font><\/font><\/span><\/span><\/font><\/font><\/font><\/font><\/font><\/span><\/span><\/span><\/span><\/div>\n<div align=\"center\">\n<h2 style=\"color: red;\"><font><font><font face=\"Courier New\" size=\"3\"><strong>Nr\u00a0443 du 02\/08\/2001<\/strong><\/font><\/font><\/font><\/h2>\n<\/div>\n<div align=\"center\"><font><font><font face=\"Courier New\"><\/font><\/font><\/font>\u00a0<\/div>\n<div align=\"center\">\n<h2 style=\"color: red;\"><font><font><font face=\"Courier New\"><a href=\"http:\/\/64.4.16.250\/cgi-bin\/linkrd?_lang=EN&amp;lah=4e07464faa112289f442ebf185702b83&amp;lat=993570223&amp;hm___action=http:\/\/64.4.16.250\/cgi-bin\/linkrd?_lang=EN&amp;amp;lah=13faf252d5f7a755f197d6ec06de9a5c&amp;amp;lat=993115472&amp;amp;hm___action=http:\/\/64.4.16.250\/cgi-bin\/linkrd?_lang=EN&amp;amp;lah=996e2acc8de5d39e36c03b9c42be14d5&amp;amp;lat=992000921&amp;amp;hm___action=http:\/\/64.4.16.250\/cgi-bin\/linkrd?_lang=EN&amp;amp;amp;lah=41d5a6627ea62bcdb1e7150e2e3f3ba8&amp;amp;amp;lat=991992191&amp;amp;amp;hm___action=http:\/\/64.4.16.250\/cgi-bin\/linkrd?_lang=EN&amp;amp;lah=085bfd357ab924245b7f96793309e35e&amp;amp;lat=985858123&amp;amp;hm___action=http:\/\/64.4.16.250\/cgi-bin\/linkrd?_lang=EN&amp;amp;amp;lah=5873fa5b3b7635502c0d1db3dfc17c71&amp;amp;amp;lat=985771929&amp;amp;amp;hm___action=http:\/\/64.4.16.250\/cgi-bin\/linkrd?_lang=EN&amp;amp;lah=bf10ebcb3c72e95ec0025ef7eba2719a&amp;amp;lat=985725222&amp;amp;hm___action=http:\/\/64.4.16.250\/cgi-bin\/linkrd?_lang=EN&amp;amp;amp;lah=64ca2720f1fb87bd2de947c637564388&amp;amp;amp;lat=984392794&amp;amp;amp;hm___action=http:\/\/64.4.16.250\/cgi-bin\/linkrd?_lang=EN&amp;amp;amp;amp;lah=fd612f7a3f00d1af7511df7996ae86a8&amp;amp;amp;amp;lat=982841103&amp;amp;amp;amp;hm___action=http:\/\/64.4.16.250\/cgi-bin\/linkrd?_lang=EN&amp;amp;amp;amp;lah=1491b6a744d4bd00730868fdc3e399e0&amp;amp;amp;amp;lat=982652956&amp;amp;amp;amp;hm___action=http:\/\/64.4.16.250\/cgi-bin\/linkrd?_lang=EN&amp;amp;amp;amp;lah=314de79d3ea48dc4ff22f6cd896e04f9&amp;amp;amp;amp;lat=982220682&amp;amp;amp;amp;hm___action=http:\/\/groups.yahoo.com\/group\/TUNISNEWS\/messages\" target=\"_blank\" rel=\"noopener\">Consulter les messages pr\u00e9c\u00e9dents ici<\/a><\/font><\/font><\/font><\/h2>\n<\/div>\n<p><\/font><\/tt><\/td>\n<\/tr>\n<tr>\n<td bgcolor=\"#efefef\" width=\"100%\"><font face=\"Courier New\"><font><span lang=\"FR\"><\/span><\/font><font><span lang=\"FR\"><font face=\"Arial\"><font size=\"2\"><\/p>\n<div align=\"right\"><font size=\"3\"><strong><\/strong><\/font>\u00a0. <\/div>\n<ul>\n<li>\n<div align=\"center\"><font face=\"Bookman Old Style\" size=\"4\">LES TITRES DE CE JOUR:<\/font><font face=\"Arial\"><font face=\"Arial\"><font face=\"Georgia, Times New Roman, Times, serif\"><span lang=\"FR\"><span lang=\"FR-CA\"><strong><strong><strong><span lang=\"FR\"><span lang=\"FR\"><font face=\"Arial\"><font face=\"Arial\"><span lang=\"FR-CH\"><font size=\"4\"><strong><font size=\"3\"><font><\/font><\/font><\/strong><\/font><\/span><\/font><\/font><\/span><\/span><\/strong><\/strong><\/strong><\/span><\/span><\/font><\/font><\/font><\/div>\n<\/li>\n<\/ul>\n<div align=\"right\">\n<ol>\n<li><font face=\"Georgia, Times New Roman, Times, serif\">\n<div align=\"left\"><span lang=\"FR\"><span lang=\"FR-CA\"><span lang=\"FR\"><span lang=\"FR\"><font face=\"Arial\"><\/p>\n<div align=\"left\">\n<div align=\"left\"><font face=\"Arial\"><span lang=\"FR-CH\"><\/p>\n<div>\n<div>\n<div>\n<p><font size=\"4\"><\/p>\n<div><font size=\"3\"><\/p>\n<div>\n<div>\n<div>\n<div>\n<div><strong>Ali Laareydh, le \u00ab\u00a0Nelson Mandela\u00a0\u00bb tunisien entame ces jours-ci sa deuxieme decennie d&rsquo;isolement total.<\/strong><font face=\"Georgia, Times New Roman, Times, serif\"><span lang=\"FR\"><span lang=\"FR-CA\"><strong><strong><strong><span lang=\"FR\"><span lang=\"FR\"><font face=\"Arial\"><font face=\"Arial\"><span lang=\"FR-CH\"><font size=\"4\"><font><\/font><\/font><\/span><\/font><\/font><\/span><\/span><\/strong><\/strong><\/strong><\/span><\/span><\/font><\/div>\n<\/div>\n<\/div>\n<\/div>\n<\/div>\n<p><\/font><\/div>\n<p><\/font><\/p>\n<\/div>\n<\/div>\n<\/div>\n<p><\/span><\/font><\/div>\n<\/div>\n<p><\/font><\/span><\/span><\/span><\/span><\/div>\n<li>\n<div align=\"left\">\n<div align=\"left\">\n<div align=\"left\">\n<div>\n<div>\n<div>\n<div>\n<div>\n<div>\n<div>\n<div>\n<div>\n<h2 style=\"color: red;\"><font size=\"3\"><strong>Moncef Marzouki :Lettre aux\u00a0 Tunisiens et\u00a0 \u00e0\u00a0 tous mes amis de par le monde<\/strong><\/font><\/h2>\n<\/div>\n<\/div>\n<\/div>\n<\/div>\n<\/div>\n<\/div>\n<\/div>\n<\/div>\n<\/div>\n<\/div>\n<\/div>\n<\/div>\n<\/li>\n<li>\n<div align=\"left\">\n<div align=\"left\">\n<div align=\"left\">\n<div>\n<div>\n<div>\n<div>\n<div>\n<div>\n<div>\n<div>\n<div><font size=\"3\"><strong>Sequestration de M. Samir Dillou ou chronique d\u2019une enieme injustice ordinaire<\/strong><\/font><\/div>\n<\/div>\n<\/div>\n<\/div>\n<\/div>\n<\/div>\n<\/div>\n<\/div>\n<\/div>\n<\/div>\n<\/div>\n<\/div>\n<\/li>\n<li>\n<div align=\"left\">\n<div align=\"left\">\n<div align=\"left\">\n<div>\n<div>\n<div>\n<div>\n<div>\n<div>\n<div>\n<div>\n<div>\n<h2 style=\"color: red;\"><font>Mokhtar Yahyaoui r\u00e9integre son poste de juge<\/font><\/h2>\n<\/div>\n<\/div>\n<\/div>\n<\/div>\n<\/div>\n<\/div>\n<\/div>\n<\/div>\n<\/div>\n<\/div>\n<\/div>\n<\/div>\n<\/li>\n<li>\n<div align=\"left\">\n<div align=\"left\">\n<div align=\"left\">\n<div>\n<div>\n<div>\n<div>\n<div>\n<div>\n<div>\n<div>\n<div>\n<p><font size=\"3\"><strong><font>Une ONG (<span lang=\"FR\">MEDEL)<\/span>\u00a0rassemblant des milliers de juges europeens declare son soutien au president Mokhtar Yahyaoui<\/font>.<\/strong><\/font><\/p>\n<\/div>\n<\/div>\n<\/div>\n<\/div>\n<\/div>\n<\/div>\n<\/div>\n<\/div>\n<\/div>\n<\/div>\n<\/div>\n<\/div>\n<\/li>\n<li>\n<div align=\"left\">\n<div align=\"left\">\n<div align=\"left\">\n<div>\n<div>\n<div>\n<div>\n<div>\n<div>\n<div>\n<div>\n<div>\n<h2 style=\"color: red;\"><font>SYNDICAT de la MAGISTRATURE &amp; SYNDICAT DES AVOCATS DE FRANCE: Lettre au Ministre de la Justice<\/font><\/h2>\n<\/div>\n<\/div>\n<\/div>\n<\/div>\n<\/div>\n<\/div>\n<\/div>\n<\/div>\n<\/div>\n<\/div>\n<\/div>\n<\/div>\n<\/li>\n<li>\n<div align=\"left\">\n<div align=\"left\">\n<div align=\"left\">\n<div>\n<div>\n<div>\n<div>\n<div>\n<div>\n<div>\n<div>\n<div>Comit\u00e9 de Soutien aux Luttes Civiles et Politiques en Tunisie: Communiqu\u00e9<\/div>\n<\/div>\n<\/div>\n<\/div>\n<\/div>\n<\/div>\n<\/div>\n<\/div>\n<\/div>\n<\/div>\n<\/div>\n<\/div>\n<\/li>\n<li>\n<div align=\"left\">\n<div align=\"left\">\n<div align=\"left\">\n<div>\n<div>\n<div>\n<div>\n<div>\n<div>\n<div>\n<div>\n<div><font size=\"3\"><strong><\/p>\n<h2 style=\"color: red;\"><font>Le PDP accuse le gouvernement d&rsquo;avoir saisi un num\u00e9ro de son journal\u00a0 (<em>El Mawqif )<\/em><\/font><\/h2>\n<p><\/strong><\/font><\/div>\n<\/div>\n<\/div>\n<\/div>\n<\/div>\n<\/div>\n<\/div>\n<\/div>\n<\/div>\n<\/div>\n<\/div>\n<\/div>\n<\/li>\n<li>\n<div align=\"left\">\n<div align=\"left\">\n<div align=\"left\">\n<div>\n<div>\n<div>\n<div>\n<div>\n<div>\n<div>\n<div>\n<div><font size=\"3\"><strong>Association tunisienne pour l\u2019abolition de la peine de mort: Communiqu\u00e9<\/strong><\/font><\/div>\n<\/div>\n<\/div>\n<\/div>\n<\/div>\n<\/div>\n<\/div>\n<\/div>\n<\/div>\n<\/div>\n<\/div>\n<\/div>\n<\/li>\n<li>\n<div align=\"left\">\n<div align=\"left\">\n<div align=\"left\">\n<div>\n<div>\n<div>\n<div>\n<div>\n<div>\n<div>\n<div>\n<div>\n<h2 style=\"color: red;\"><font size=\"3\"><strong>COMMENTAIRES A CHAUD DU 2\u00e9me d\u00e9bat sur TV7 sur les droits de l&rsquo;homme<\/strong><\/font><\/h2>\n<\/div>\n<\/div>\n<\/div>\n<\/div>\n<\/div>\n<\/div>\n<\/div>\n<\/div>\n<\/div>\n<\/div>\n<\/div>\n<\/div>\n<\/li>\n<li>\n<div align=\"left\">\n<div align=\"left\">\n<div align=\"left\">\n<div>\n<div>\n<div>\n<div>\n<div>\n<div>\n<div>\n<div>\n<div>\n<h2 style=\"color: red;\"><font size=\"3\"><strong><font>Un jeune tunisien raconte \u00e0 TUNISNEWS ses d\u00e9boires avec le PC familial..<\/font> <\/strong><\/font><\/h2>\n<\/div>\n<\/div>\n<\/div>\n<\/div>\n<\/div>\n<\/div>\n<\/div>\n<\/div>\n<\/div>\n<\/div>\n<\/div>\n<\/div>\n<\/li>\n<li>\n<div align=\"left\">\n<div align=\"left\">\n<div align=\"left\">\n<div>\n<div>\n<div>\n<div>\n<div>\n<div>\n<div>\n<div>\n<div>\n<p><font size=\"3\"><strong>Le journal \u00a0\u00bb Libre Belgique\u00a0\u00bb reprend une partie de l&rsquo;article terrible \u00e9crit par le Dr. Moncef Marzouki (LES ANONYMES)<\/strong><\/font><\/p>\n<\/div>\n<\/div>\n<\/div>\n<\/div>\n<\/div>\n<\/div>\n<\/div>\n<\/div>\n<\/div>\n<\/div>\n<\/div>\n<\/div>\n<\/li>\n<li>\n<div align=\"left\">\n<div align=\"left\">\n<div align=\"left\">\n<div>\n<div>\n<div>\n<div>\n<div>\n<div>\n<div>\n<div>\n<div><font size=\"3\"><strong>Le Soir: Non aux islamistes, confirme Strasbourg<\/strong><\/font><font face=\"Georgia, Times New Roman, Times, serif\"><font face=\"Arial\" size=\"2\"><span lang=\"FR\"><font><font><font face=\"Arial, Helvetica, sans-serif\"><font size=\"3\"><font><strong> <\/p>\n<hr\/>\n<p><\/strong><\/font><\/font><\/font><\/font><\/font><\/span><\/font><\/font><\/div>\n<\/div>\n<\/div>\n<\/div>\n<\/div>\n<\/div>\n<\/div>\n<\/div>\n<\/div>\n<\/div>\n<\/div>\n<\/div>\n<\/li>\n<p><\/font><\/li>\n<\/ol>\n<\/div>\n<ol><font face=\"Georgia, Times New Roman, Times, serif\"><font face=\"Arial\" size=\"2\"><span lang=\"FR\"><\/span><\/font><\/font><\/ol>\n<ol><font face=\"Georgia, Times New Roman, Times, serif\"><font face=\"Arial\" size=\"2\"><span lang=\"FR\"><\/span><\/font><\/font><\/ol>\n<ol><font face=\"Georgia, Times New Roman, Times, serif\"><font face=\"Arial\" size=\"2\"><span lang=\"FR\"><\/span><\/font><\/font><\/ol>\n<ol><font face=\"Georgia, Times New Roman, Times, serif\"><font face=\"Arial\" size=\"2\"><span lang=\"FR\"><\/span><\/font><\/font><\/ol>\n<p><\/font><\/font><\/span><\/font><\/font><\/p>\n<div align=\"right\"><font face=\"Arabic Transparent\"><font size=\"5\"><\/p>\n<div>\n<div>\n<p><font><\/p>\n<div><font><\/p>\n<div>\n<h3 style=\"color: blue;\"><font>\u0645\u062c\u0644\u0629 \u0627\u0644\u0623\u0645\u0627\u0646 \u0627\u0644\u0644\u0628\u0646\u0627\u0646\u064a\u0629 \u062a\u0639\u0644\u0642 \u0639\u0644\u0649 \u0622\u062e\u0631 \u0627\u0644\u062a\u0637\u0648\u0631\u0627\u062a \u0639\u0644\u0649 \u0627\u0644\u0633\u0627\u062d\u0629 \u0627\u0644\u0633\u064a\u0627\u0633\u064a\u0629 \u0627\u0644\u062a\u0648\u0646\u0633\u064a\u0629<\/font><\/h3>\n<\/p><\/div>\n<div>\u0627\u0644\u0648\u062f\u0627\u062f\u064a\u0629 \u0627\u0644\u0648\u0637\u0646\u064a\u0629 \u0644\u0642\u062f\u0645\u0627\u0621 \u0627\u0644\u0645\u0642\u0627\u0648\u0645\u064a\u0646: \u0628\u0640\u064a\u0640\u0640\u0640\u0640\u0640\u0640\u0640\u0640\u0640\u0627\u0646 <\/div>\n<p><\/font><\/div>\n<p><\/font><\/p>\n<\/div>\n<\/div>\n<p><\/font><\/font><\/div>\n<\/td>\n<\/tr>\n<\/tbody>\n<\/table>\n<div>\u00a0<\/div>\n<div>\n<table border=\"1\" width=\"100%\">\n<tbody>\n<tr>\n<td bgcolor=\"#bbe9ff\" width=\"100%\">\n<div align=\"center\"><font><span lang=\"FR\"><?xml:namespace prefix = o ns = \"urn:schemas-microsoft-com:office:office\" \/><o:p><font size=\"4\"><\/p>\n<p align=\"center\"><font size=\"4\"><strong><img decoding=\"async\" src=\"http:\/\/groups.yahoo.com\/group\/TUNISNEWS\/files\/laaridh.jpg\"\/><\/strong><\/font><\/p>\n<p align=\"center\"><font size=\"4\"><strong>L&rsquo;INGENIEUR ALI LAAREYDH, LE \u00ab\u00a0NELSON MANDELA\u00a0\u00bb TUNISIEN ENTAME CES JOURS-CI SA DEUXIEME DECENNIE D&rsquo;ISOLEMENT TOTAL DANS UNE CELLULE LUGUBRE.<\/strong><\/font><\/p>\n<p><font><strong>QUE DIRONT LES TUNISIENS ( au pouvoir,\u00a0opposants, simples citoyens..) QUAND LEURS FILS ET PETITS-FILS LUI DEMANDERONT DES COMPTES?<\/strong><\/font><\/p>\n<p><font size=\"4\"><strong>POURQUOI AVEZ-VOUS LAISSE SE PERPETUER\u00a0CE CRIME ABOMINABLE?<\/strong><\/font><\/p>\n<p><font size=\"4\"><strong>POURQUOI AVEZ-VOUS ACCEPTE QU&rsquo;UN HOMME QUI N&rsquo;A COMMIS AUCUN CRIME SOIT LAISSE MOISIR, ISOLE ET\u00a0MALTRAITE\u00a0DANS UNE CELLULE PENDANT PLUS DE DIX ANS?? <\/strong><\/font><\/p>\n<p><font size=\"4\"><strong>QUE REPONDREZ-VOUS?\u00a0<\/strong><\/font><\/p>\n<p><\/font><\/o:p><\/span><\/font><\/div>\n<\/td>\n<\/tr>\n<tr>\n<td bgcolor=\"#efefef\" width=\"100%\"><font size=\"4\"><font size=\"2\"><font size=\"+0\"><font size=\"2\"><span lang=\"FR\"><font size=\"2\"><\/p>\n<p><font size=\"3\"><font size=\"2\"><b><span lang=\"FR\"><o:p><\/o:p><\/span><\/b><\/font><\/font><\/p>\n<p><font size=\"3\"><font size=\"2\"><\/p>\n<p><font face=\"Geneva, Arial, Sans-serif\"><\/font><span lang=\"FR\">\u00a0<\/span><\/p>\n<p align=\"center\"><span lang=\"EN-US\"><\/p>\n<h3 style=\"color: blue;\"><font size=\"4\"><strong>Ali Laarayidh,\u00a0ten years in solitary confinement<\/strong><\/font><\/h3>\n<p> <\/span><\/p>\n<p><span lang=\"EN-US\">Professor Ali Laarayidh was born in 1955 in the countryside of South Tunisia where he had his primary education. He received his secondary education in Mednine where he passed his Baccalaureate in economics with distinction. He graduated from the Tunisian university with a degree in engineering\u00a0\u00bb. <\/span><\/p>\n<p><span lang=\"EN-US\">He worked for nine months only then he was forced to leave the country during the arrests of 1981 which affected many leading members of the \u00ab\u00a0Islamic Tendency Movement\u00a0\u00bb. After four months he returned to Tunisia to reconstitute, in the company of other members, the leadership of the movement. He chaired its consultative council and its strategic research committee. He spent four years working in secrecy moving around the capital and the interior regions. <o:p><\/o:p><\/span><\/p>\n<p><span lang=\"EN-US\">In 1983, he married Wided Lagha; he has one daughter and two sons. <o:p><\/o:p><\/span><\/p>\n<p><span lang=\"EN-US\">He was arrested in the autumn of 1987, at the end of Bourguiba&rsquo;s rule. He was sentenced to death. Then he was kept in a solitary confinement until he was prosecuted again after the Seventh of November 1987, and sentenced again to death sentence which was the first one for political reasons under the rule of Ben Ali. It was toned down to life imprisonment but he was released one year later. <o:p><\/o:p><\/span><\/p>\n<p><span lang=\"EN-US\">He became the president of the political bureau of the Islamic Tendency Movement, then the official spokesman of an-Nahdha Movement replacing its president, Rached al-Ghannouchi who was abroad at that time. <o:p><\/o:p><\/span><\/p>\n<p><span lang=\"EN-US\">He spent the period between his first imprisonment and his second arrest under heavy surveillance. He was occasinally arrested for hours and somtimes for days. <o:p><\/o:p><\/span><\/p>\n<p><span lang=\"EN-US\">Professor Ali Laarayidh wrote many articles in \u00ab\u00a0al-Fajr\u00a0\u00bb newspaper. He also delivered many political and intellectual speeches and interviews about the movement and the situation in Tunisia and abroad. He also participated in trade union and students&rsquo; conferences as a representative of the movement. <o:p><\/o:p><\/span><\/p>\n<p><span lang=\"EN-US\">When he was arrested, he was on the verge of writing a book about \u00ab\u00a0Development and Democracy\u00a0\u00bb. Since his imprisonment professor Ali Laarayidh&rsquo;s health deteriorated at a very fast rate. He suffers from Asthma and from a severe allergy which has intensified because of the effects of the jail&rsquo;s humidity and the lack of any form of health care. <o:p><\/o:p><\/span><\/p>\n<p><span lang=\"EN-US\">He is now about to finish his seventh year in solitary confinement in a tiny prison cell which he has occupied Since his arrest in December 1990. He has been prevented from any contact with the external world, be it in the form of newspapers and books. <\/span><\/p>\n<div><span lang=\"EN-US\"><\/p>\n<hr\/>\n<p><\/span><\/div>\n<div><span lang=\"EN-US\"><strong><font size=\"3\">POUR PLUS D\u00b4INFOS VOIR:<\/font><\/strong><\/span><\/div>\n<div><span lang=\"EN-US\"><span lang=\"EN-US\"><font face=\"Haettenschweiler\" size=\"5\">Comit\u00e9 International de Solidarit\u00e9 pour les Prisonniers Politiques en Tunisie<\/font><\/span><\/span><\/div>\n<div><span lang=\"EN-US\"><\/span><o:p><a href=\"http:\/\/membres.tripod.fr\/polprisoners\/\" target=\"_blank\" rel=\"noopener\"><font size=\"5\">http:\/\/membres.tripod.fr\/polprisoners\/<\/font><\/a><\/o:p><\/div>\n<p><\/font><\/font><\/font><\/span><\/font><\/font><\/font><\/font><\/td>\n<\/tr>\n<\/tbody>\n<\/table>\n<\/div>\n<div>\u00a0<\/div>\n<div>\n<table border=\"1\" width=\"100%\">\n<tbody>\n<tr>\n<td bgcolor=\"#bbe9ff\" width=\"100%\">\n<div align=\"center\"><font><span lang=\"FR\"><o:p><font size=\"4\"><\/p>\n<p align=\"center\"><span lang=\"FR\"><o:p><\/o:p><\/span><strong>\u00a0<\/p>\n<h3 style=\"color: blue;\"><font face=\"Arabic Transparent\" size=\"5\">\u0645\u062c\u0644\u0629 \u0627\u0644\u0623\u0645\u0627\u0646 \u0627\u0644\u0644\u0628\u0646\u0627\u0646\u064a\u0629 \u062a\u0639\u0644\u0642 \u0639\u0644\u0649 \u0622\u062e\u0631 \u0627\u0644\u062a\u0637\u0648\u0631\u0627\u062a \u0639\u0644\u0649 \u0627\u0644\u0633\u0627\u062d\u0629 \u0627\u0644\u0633\u064a\u0627\u0633\u064a\u0629 \u0627\u0644\u062a\u0648\u0646\u0633\u064a\u0629<\/font><\/h3>\n<p><\/strong><font face=\"Times New Roman\"> <\/font><\/p>\n<p><\/font><\/o:p><\/span><\/font><\/div>\n<\/td>\n<\/tr>\n<tr>\n<td bgcolor=\"#efefef\" width=\"100%\"><font size=\"4\"><font size=\"2\"><font size=\"+0\"><font size=\"2\"><span lang=\"FR\"><font size=\"2\"><font size=\"3\"><font size=\"2\"><font size=\"3\"><\/p>\n<p align=\"center\"><span lang=\"FR\"><a div=\"\" href=\"http:\/\/www.al-aman.com\/7-8(466).pdf\" target=\"_blank\" rel=\"noopener\"><strong><font size=\"4\">http:\/\/www.al-aman.com\/7-8(466).pdf<\/font><\/strong><\/a><font size=\"2\">\u00a0\u00a0\u00a0\u00a0\u00a0 <\/font><\/span><\/p>\n<p align=\"center\">\n<p><\/font><\/font><\/font><\/font><span lang=\"FR\"><font size=\"3\"><strong>Page 8<\/strong><\/font><\/span><\/span><\/font><\/font><\/font><\/font><\/td>\n<\/tr>\n<\/tbody>\n<\/table>\n<\/div>\n<div>\u00a0<\/div>\n<div>\n<table border=\"1\" width=\"100%\">\n<tbody>\n<tr>\n<td bgcolor=\"#bbe9ff\" width=\"100%\">\n<div align=\"center\"><font><strong><span lang=\"FR\"><o:p><u><font size=\"4\"><\/p>\n<p align=\"center\"><b><span lang=\"FR\"><o:p><\/o:p><\/span><\/b>Lettre aux\u00a0 Tunisiens et\u00a0 \u00e0\u00a0 tous mes amis de par le monde<br \/>Moncef Marzouki <\/p>\n<p><\/font><\/u><\/o:p><\/span><\/strong><\/font><\/div>\n<\/td>\n<\/tr>\n<tr>\n<td bgcolor=\"#efefef\" width=\"100%\"><font size=\"4\"><font size=\"2\"><font size=\"+0\"><font size=\"2\"><span lang=\"FR\"><font size=\"2\"><\/p>\n<p><font size=\"3\"><font size=\"2\"><b><span lang=\"FR\"><o:p><\/o:p><\/span><\/b><\/font><\/font><\/p>\n<p><font size=\"3\"><font size=\"2\"><\/p>\n<p><font face=\"Geneva, Arial, Sans-serif\"><\/font>\u00a0<span lang=\"FR\">\u00a0En tr\u00e8s bref, et en vrac ces \u00e9motions et ces quelques id\u00e9es :<br \/>-Ma\u00a0 gratitude et celle de tous mes compagnons pour les nombreuses f\u00e9licitations, encouragements, marque de sympathie, \u00e0 la suite de la naissance du Congr\u00e8s pour la R\u00e9publique <br \/>-les excuses de n\u2019y avoir pas \u00e0\u00a0 temps, car mon t\u00e9l\u00e9phone a \u00e9t\u00e9 coup\u00e9 le jour m\u00eame de l\u2019annonce de la cr\u00e9ation du parti. L\u2019acc\u00e8s \u00e0 Internet a\u00a0 \u00e9t\u00e9 rendu du m\u00eame coup impossible. Les publinet en Tunisie \u00e9tant aussi\u00a0 des\u2019\u2019 flicinet, \u2018\u2019et ne voulant pas mettre en danger les lignes t\u00e9l\u00e9phoniques\u00a0de mes amis ,\u00a0 j\u2019ai \u00e9t\u00e9 r\u00e9duit au silence toute cette semaine . La communication va devenir un enjeu permanent de la bataille \u00e0 venir . Ils ne savent pas qu\u2019ils l\u2019ont d\u00e9j\u00e0 perdue .<br \/>-L indignation devant la coupure du t\u00e9l\u00e9phone le m\u00eame jour \u00e0 mon fr\u00e8re Mokhles. Ces gens qui\u00a0 coupent le t\u00e9l\u00e9phone priv\u00e9 et professionnel d\u2019un m\u00e9decin simplement parce qu\u2019il est mon fr\u00e8re, mettant en danger des malades innocents, n\u2019ont que la loi \u00e0 la bouche. Cet incident banal est h\u00e9las symptomatique de l\u2019\u00e9tat d\u2019esprit de ces grands l\u00e9galistes, d\u00e9mocrates et droithomiens qui nous gouvernent Un ministre en exercice l\u2019a appel\u00e9 la veuve par d\u00e9rision, se moquant de toutes les veuves. Je comprends qu\u2019il n\u2019aime pas beaucoup cette grande dame qu\u2019est Danielle Mitterrand. Et pour cause elle a diagnostiqu\u00e9 en deux <br \/>mots les caract\u00e9ristiques de ce r\u00e9gime l\u00e9galiste au point d\u2019avoir fait de l\u2019arbitraire la seule loi de ce pays : Duplicit\u00e9 et mauvaise foi.<br \/>-La d\u00e9termination \u00e0 continuer le combat pour la souverainet\u00e9 du peuple, la l\u00e9gitimit\u00e9 de l\u2019Etat, la dignit\u00e9 du citoyen,\u00a0 avec vous tous\u00a0 sans sectarisme ou volont\u00e9 de domination .. \u00a0L\u2019appel aux h\u00e9sitants, aux d\u00e9\u00e7us de la politique, aux attentistes, aux pessimistes, \u00e0 ceux qui ont peur d\u2019\u00eatre manipul\u00e9s par des politiciens malhonn\u00eates, \u00e0 vous tous je dis : Tout se remet \u00e0 vivre sous la chape\u00a0 de plomb. Faites partie de la r\u00e9surrection N\u2019ayez plus jamais peur.\u00a0 <br \/>Engagez vous sur tous les plans et dans tous les domaines et en permanence car la Tunisie qu\u2019on veut r\u00e9duire \u00e0 une f\u00e9odalit\u00e9 gouvern\u00e9e par la force e le mensonge vous appelle \u00e0 son secours\u00a0 .<br \/>Sousse le 30 Juillet 2001<\/span><\/p>\n<p><\/font><\/font><\/font><\/span><\/font><\/font><\/font><\/font><\/td>\n<\/tr>\n<\/tbody>\n<\/table>\n<\/div>\n<div>\u00a0<\/div>\n<div>\n<table border=\"1\" width=\"100%\">\n<tbody>\n<tr>\n<td bgcolor=\"#bbe9ff\" width=\"100%\">\n<div align=\"center\"><font><strong><span lang=\"FR\"><o:p><font size=\"4\"><b><span lang=\"FR\"><o:p><\/o:p><\/span><\/b><\/p>\n<div><font><strong>Olivier Dupuis, secr\u00e9taire du Parti Radical Transnational et d\u00e9put\u00e9 europ\u00e9en a d\u00e9pos\u00e9 une question urgente \u00e0 la Commission Europ\u00e9enne au sujet de Me SAMIR DILLOU.<\/strong><\/font><\/div>\n<div><font><strong><font>TEXTE DE LA QUESTION.<\/font><\/strong><\/font>\u00a0<\/div>\n<p><\/font><\/o:p><\/span><\/strong><\/font><\/div>\n<\/td>\n<\/tr>\n<tr>\n<td bgcolor=\"#efefef\" width=\"100%\"><font size=\"4\"><font size=\"2\"><font size=\"+0\"><font size=\"2\"><span lang=\"FR\"><font size=\"2\"><\/p>\n<p><font size=\"3\"><font size=\"2\"><b><span lang=\"FR\"><o:p><\/o:p><\/span><\/b><\/font><\/font><\/p>\n<p><font size=\"3\"><font size=\"2\"><\/p>\n<p>\u00a0<span lang=\"FR\">\u00a0<\/span><\/p>\n<div>\n<div><font size=\"1\"><\/font>\u00a0<\/div>\n<div>\n<h3 style=\"color: blue;\"><font size=\"4\"><strong>TUNISIE: SEQUESTRATION DE M. SAMIR DILLOU OU CHRONIQUE D\u2019UNE ENIEME INJUSTICE ORDINAIRE<\/strong><\/font><\/h3>\n<\/div>\n<\/div>\n<div><\/div>\n<p><font face=\"Arial\"><tt><\/tt><o:p><\/p>\n<div>TUNISIE: SEQUESTRATION DE M. SAMIR DILLOU OU CHRONIQUE D\u2019UNE ENIEME INJUSTICE ORDINAIRE <br \/>QUESTION A LA COMMISSION<\/div>\n<div>\u00a0<\/div>\n<div>Bruxelles, le 1\u00b0 ao\u00fbt 2001. Apr\u00e8s avoir purg\u00e9 plus de 10 ans de prison \u00e0 la suite d\u2019un proc\u00e8s sans preuve, M. Samir Dillou, militant \u00e9tudiant a \u00e9t\u00e9 finalement lib\u00e9r\u00e9 \u2026 pour \u00eatre arr\u00eat\u00e9 trois jours plus tard par la brigade de la politice politique qui l\u2019avait interrog\u00e9 \u2026 et tortur\u00e9 dix ans plus t\u00f4t \u2026 Sur cette \u00e9ni\u00e8me chronique d\u2019injustice ordinaire, Olivier Dupuis, secr\u00e9taire du Parti Radical Transnational et d\u00e9put\u00e9 europ\u00e9en a d\u00e9pos\u00e9 une question urgente \u00e0 la Commission.<\/div>\n<div>\u00a0<\/div>\n<div>Question \u00e9crit\u00e9 prioritaire \u00e0 la Commission<\/div>\n<div>\u00a0<\/div>\n<div>D\u00e9pos\u00e9e par Olivier Dupuis (TDI-radical)<\/div>\n<div>\u00a0<\/div>\n<div>Bruxelles, le 1\u00b0 ao\u00fbt 2001<\/div>\n<div>\u00a0<\/div>\n<div>Mr Samir Dillou, citoyen tunisien, militant \u00e9tudiant \u00e0 l\u2019Universit\u00e9 de Sousse et responsable de l\u2019UGTE a \u00e9t\u00e9 incarc\u00e9r\u00e9 par la police tunisienne le 17 mai 1991 \u00e0 la prison de Sousse o\u00f9 il a subi \u00e0 de nombreuses reprises la torture, provoquant une fracture de son bras gauche, une baisse consid\u00e9rable de son acuit\u00e9 visuelle, un d\u00e9chaussement dentaire ainsi que de s\u00e9rieux probl\u00e8mes reinaux. Au terme d\u2019un proc\u00e8s fond\u00e9 sur des chefs d\u2019accusation ne reposant sur aucune preuve, M. Samir Dillou a \u00e9t\u00e9 condamn\u00e9 \u00e0 dix ans et quatre mois de prison ferme. Lors de sa d\u00e9tention, il a men\u00e9 plusieurs gr\u00e8ves de la faim pour protester contre les conditions inhumaines de son incarc\u00e9ration. Apr\u00e8s avoir purg\u00e9 l\u2019entieret\u00e9 de sa peine, il a \u00e9t\u00e9 lib\u00e9r\u00e9 le 18 juillet dernier pour \u00eatre interpell\u00e9 \u00e0 nouveau par la police \u2026 trois jours plus tard et \u00eatre tranf\u00e9r\u00e9 \u00e0 Sousse aux \u00ab bons \u00bb soins de cette m\u00eame brigade de police politique qui l&rsquo;avait d\u00e9j\u00e0 longuement tortur\u00e9 lors de sa premi\u00e8re arrestation. Il est actuellement d\u00e9tenu sans aucune accusation et est s\u00e9questr\u00e9 dans les locaux de la police en dehors des d\u00e9lais de la garde \u00e0 vue pr\u00e9vu par la loi.<\/div>\n<div>\u00a0<\/div>\n<div>Que pense la Commission de cette \u00e9ni\u00e8me violation grave des libert\u00e9s fondamentales ainsi que des lois tunisiennes par les autorit\u00e9s de ce pays ? La Commission a-t-elle d\u00e9cid\u00e9 d\u2019abandonner toute pr\u00e9tention de voir respecter l\u2019Article 2 de l\u2019Accord d\u2019Association liant la Tunisie et l\u2019Union europ\u00e9enne ? Si ce n\u2019est pas le cas quelles initiatives concr\u00e8tes et urgentes, y compris en ce qui concerne la situation de M. Samir Dillou, entend-elle prendre pour qu\u2019au del\u00e0 des d\u00e9clarations sur l&rsquo;importance fondamentale du respect des droits de l&rsquo;homme, son attitude refl\u00e8te une volont\u00e9 r\u00e9elle d\u2019amener les autorit\u00e9s tunisiennes \u00e0 respecter les engagements pris dans le cadre de l\u2019Accord d\u2019Association et en particulier son Article 2 ? <\/div>\n<div>\u00a0<\/div>\n<div><a href=\"http:\/\/www.radicalparty.org\" target=\"_blank\" rel=\"noopener\">www.radicalparty.org<\/a><\/div>\n<p><\/o:p><\/font><\/font><\/font><\/font><\/span><\/font><\/font><\/font><\/font><\/td>\n<\/tr>\n<\/tbody>\n<\/table>\n<\/div>\n<div>\u00a0<\/div>\n<div>\n<table border=\"1\" width=\"100%\">\n<tbody>\n<tr>\n<td bgcolor=\"#bbe9ff\" width=\"100%\">\n<div align=\"center\"><font><span lang=\"FR\"><o:p><\/p>\n<h3 style=\"color: blue;\"><font size=\"4\"><\/p>\n<p align=\"center\"><strong>DOSSIER DU JUGE MOKHTAR YAHYAOUI: SUITE<\/strong><\/p>\n<p><\/font><\/h3>\n<p><\/o:p><\/span><\/font><\/div>\n<\/td>\n<\/tr>\n<tr>\n<td bgcolor=\"#efefef\" width=\"100%\"><font size=\"4\"><font size=\"2\"><font size=\"+0\"><font size=\"2\"><span lang=\"FR\"><font size=\"2\"><font size=\"3\"><font size=\"2\"><font size=\"3\"><font size=\"2\"><\/p>\n<p><span lang=\"FR\"><o:p>\u00a0<\/o:p><\/span><\/p>\n<div><span lang=\"FR\"><font size=\"4\"><strong>Le juge r\u00e9int\u00e9gre son poste gr\u00e2ce \u00e0 vous<\/strong><\/font><\/span><\/div>\n<div><span lang=\"FR\"><strong><font size=\"4\"><\/font><\/strong><br \/><a href=\"http:\/\/site.voila.fr\/tunezine\/index.html\" target=\"_blank\" rel=\"noopener\"><font size=\"5\">http:\/\/site.voila.fr\/tunezine\/index.html<\/font><\/a><\/span><\/div>\n<p><\/font><\/font><\/font><\/font><\/font><\/span><span lang=\"FR\"><o:p><\/p>\n<table border=\"0\" cellpadding=\"0\" cellspacing=\"0\" width=\"100%\">\n<tbody>\n<tr>\n<td><strong><\/p>\n<h3 style=\"color: blue;\"><font size=\"4\">La m\u00e8re de toutes les batailles<\/font><\/h3>\n<p><\/strong><\/td>\n<\/tr>\n<tr>\n<td><\/p>\n<table align=\"left\" border=\"0\" cellpadding=\"0\" cellspacing=\"5\" width=\"70\">\n<tbody>\n<tr>\n<td align=\"middle\"><img decoding=\"async\" height=\"149\" src=\"http:\/\/site.voila.fr\/tunezine\/Mokhtar_Yahyaoui.jpg\" width=\"133\"\/><\/td>\n<\/tr>\n<tr>\n<td>Mokhtar Yahyaoui<br \/>\u00a9 TUNeZINE<\/td>\n<\/tr>\n<\/tbody>\n<\/table>\n<p>Lorsque TUNeZINE a envoy\u00e9 \u00e0 certains d&rsquo;entre vous un mail, quand le juge a d\u00e9cid\u00e9 de publier sa lettre ouverte au pr\u00e9sident de la r\u00e9publique, le titre du mail \u00e9tait LE TOURNANT HISTORIQUE, les faits montrent qu&rsquo;on ne s&rsquo;est pas tromp\u00e9 car l&rsquo;histoire risque et c&rsquo;est une premi\u00e8re en Tunisie d&rsquo;avoir une fin heureuse gr\u00e2ce \u00e0 un appel \u00e0 la raison lanc\u00e9 par des tunisiens sages appartenant \u00e0 la soci\u00e9t\u00e9 civile et au pouvoir en effet M. Mokhtar Yahiaoui est appel\u00e9 \u00e0 int\u00e9grer son poste d\u00e9s demain matin ( Jeudi 2 ao\u00fbt 2001 ). Tout cela a \u00e9t\u00e9 possible gr\u00e2ce au soutien massif apport\u00e9 au juge dans sa d\u00e9marche par toutes les tendances politiques tunisiennes et par des gens non tunisiens mais tr\u00e8s proches \u00e0 la Tunisie. Les personnes qui ont d\u00e9nigr\u00e9 le juge doivent savoir que l&rsquo;impunit\u00e9 n&rsquo;a plus de place et qu&rsquo;ils ont des comptes \u00e0 rendre \u00e0 tous les Tunisiens car les lois ne sont pas faites pour \u00eatre viol\u00e9es ( ou violets si vous pr\u00e9f\u00e9rez?! ) et que la pr\u00e9somption d&rsquo;innocence est le fondement d&rsquo;une justice \u00e9quitable. L&rsquo;ind\u00e9pendance de la justice est et sera la m\u00e8re de toutes les \u00a0\u00bb batailles \u00a0\u00bb car elle a r\u00e9ussit \u00e0 cr\u00e9er un consensus jamais atteint auparavant, m\u00eame les gens qui ont cru que l&rsquo;action de M. Mokhtar Yahiaoui \u00e9tait par d\u00e9pit ont salu\u00e9 son engagement conte la justice al\u00e9atoire. TUNeZINE rappelle tous les Tunisiens qu&rsquo;il est temps de sortir de leur l\u00e9thargie et du mutisme ambiant, personne ne peut sortir indemne d&rsquo;une injustice s&rsquo;il ne prend pas le courage de la d\u00e9noncer, la Tunisie est pleine de militants pr\u00eats \u00e0 venir \u00e0 votre secours sans rien demander en contre partie, Me Radhia Nasraoui, Me N\u00e9jib Hosni et tous les militants qui font honneur \u00e0 leur patrie, ne sont pas le genre \u00e0 vous demander votre carte d&rsquo;identit\u00e9 id\u00e9ologique ou votre d\u00e9claration des revenus pour courir \u00e0 votre aide !!! Votre silence complice a encourag\u00e9 certains de nos concitoyens \u00e0 commettre des crimes car ils \u00e9taient s\u00fbrs de l&rsquo;impunit\u00e9, d&rsquo;autres ont eu le courage de d\u00e9noncer et m\u00eame s&rsquo;ils ont pay\u00e9 et ils continuent \u00e0 payer la justesse de leurs choix ils croient qu&rsquo;un jour viendra et la v\u00e9rit\u00e9 aura le dessus et sachez qu&rsquo;en Italie, pays pr\u00e9sum\u00e9 de la mafia, les Italiens r\u00e9p\u00e8tent sans cesse que seul le silence est mafieux.<br \/>TUNeZINE et tous les sites tunisiens censur\u00e9s, mais libres, seront toujours pr\u00eats \u00e0 publier vos dol\u00e9ances pour qu&rsquo;on finisse \u00e0 jamais avec l&rsquo;impunit\u00e9 et qu&rsquo;on comble notre d\u00e9ficit \u00e9norme en mati\u00e8re de libert\u00e9s fondamentales.<\/p>\n<p>\u00a0<\/p>\n<\/td>\n<\/tr>\n<\/tbody>\n<\/table>\n<hr\/>\n<p><\/o:p><\/span><\/font><\/p>\n<p><span lang=\"FR\"><font size=\"3\">UNE ONG RASSEMBLANT DES MILLIERS DE JUGES EUROPEENS DECLARE SON SOUTIEN AU PRESIDENT MOKHTAR YAHYAOUI<\/font><\/span><\/p>\n<h3 style=\"color: blue;\"><span lang=\"FR\"><font size=\"4\"><span lang=\"FR\"><font size=\"4\">MEDEL:<\/font><\/span><\/font><\/span><\/h3>\n<h3 style=\"color: blue;\"><span lang=\"FR\"><font size=\"4\"><span lang=\"FR\"><\/span>MAGISTRATS EUROPEENS POUR LA DEMOCRATIE ET LES LIBERTES<\/font><\/span><\/h3>\n<p><span lang=\"FR\"><o:p><\/o:p><\/span><\/p>\n<p align=\"right\"><span lang=\"FR\">Le 1<sup>er<\/sup> ao\u00fbt 2001-08-01<\/span><\/p>\n<p><span lang=\"FR\"><o:p><\/o:p><\/span><\/p>\n<\/p>\n<p><span lang=\"FR\"><o:p><\/o:p><\/span><\/p>\n<p><span lang=\"FR\"><font size=\"4\"><strong><font>COMMUNIQUE<o:p><\/o:p><\/font><\/strong><\/font><\/span> <\/p>\n<p><span lang=\"FR\"><\/span><\/p>\n<p><span lang=\"FR\"><font size=\"2\">Monsieur Mokhtar Yahiaoui, pr\u00e9sident de chambre au tribunal de Tunis, suspendu de ses fonctions et priv\u00e9 de son traitement apr\u00e8s avoir envoy\u00e9 au chef de l\u2019Etat une lettre ouverte d\u00e9non\u00e7ant l\u2019asservissement de la justice tunisienne, va comparaitre le 2 ao\u00fbt 2001 devant le conseil de discipline pour manquement aux devoirs de son\u00e9tat et atteinte \u00e0 l\u2019honneur de la justice, et encourt la r\u00e9vocation.<o:p><\/o:p><\/font><\/span><\/p>\n<p><span lang=\"FR\"><o:p><\/o:p><\/span><\/p>\n<p><span lang=\"FR\"><font size=\"2\">L\u2019association MEDEL, qui regroupe plusieurs milliers de juges et procureurs de quinze pays d\u2019Europe, rappelle que, dans un Etat de droit o\u00f9 doit r\u00e9gner la libert\u00e9 d\u2019expression, il est du devoir des juges de faire conna\u00eetre les atteintes port\u00e9es \u00e0 l\u2019ind\u00e9pendance de l\u2019autorit\u00e9 judiciaire.<o:p><\/o:p><\/font><\/span><\/p>\n<p><span lang=\"FR\"><o:p><\/o:p><\/span><\/p>\n<p><span lang=\"FR\"><font size=\"2\">MEDEL apporte son entier soutien au juge Yahiaoui et demande au conseil de discipline et aux autorit\u00e9 tunisiennes d\u2019abandonner sans d\u00e9lai les poursuites en cours et de r\u00e9tablir le magistrat dans ses fonctions.<o:p><\/o:p><\/font><\/span><\/p>\n<p><span lang=\"FR\">\u00a0<\/span><span lang=\"FR\">Secr\u00e9tariat permanent\u00a0: Mme Chantal Lenfant, 8 rond-point des M\u00e9sanges. F17 120 BARZAN<o:p><\/o:p><\/span><\/p>\n<p align=\"center\"><span lang=\"FR\">T\u00e9l\/fax\u00a0: + 33 5 46 90 49 33<o:p><\/o:p><\/span><\/p>\n<p><span lang=\"FR\"><a href=\"mailto:Medel.secr@wanadoo.fr\">Medel.secr@wanadoo.fr<\/a><\/span><\/p>\n<div><span lang=\"FR\"><\/p>\n<hr\/>\n<hr\/>\n<p><\/span><\/div>\n<div><span lang=\"FR\"><font face=\"Arial\" size=\"2\">\u00a0<\/font><\/span><\/div>\n<div>\n<h3 style=\"color: blue;\"><span lang=\"FR\"><font><font size=\"4\">SYNDICAT de la MAGISTRATURE<o:p><\/o:p><\/font><\/font><\/span><\/h3>\n<p><b><span lang=\"FR\">B.P. 155<o:p><\/o:p><\/span><\/b><\/p>\n<p><b><span lang=\"FR\">75 523 Paris cedex 11<\/span><\/b><span lang=\"FR\"><o:p><\/o:p><\/span><\/p>\n<p><b><span lang=\"FR\">T\u00e9l\u00a0:<\/span><\/b><span lang=\"FR\"> 01 48 05 47 88<o:p><\/o:p><\/span><\/p>\n<p><b><span lang=\"FR\">Fax\u00a0:<\/span><\/b><span lang=\"FR\"> 01 47 00 16 05<o:p><\/o:p><\/span><\/p>\n<p><b><span lang=\"FR\">e.mail\u00a0:<\/span><\/b><span lang=\"FR\"> <a href=\"mailto:syndicat.magistrature@wanadoo.fr\">syndicat.magistrature@wanadoo.fr<\/a><o:p><\/o:p><\/span><\/p>\n<div>\n<p><b><span lang=\"FR\">site\u00a0:<\/span><\/b><span lang=\"FR\"> <a href=\"http:\/\/www.syndicat-magistrature.org\/\" target=\"_blank\" rel=\"noopener\">www.syndicat-magistrature.org<\/a><\/span><span lang=\"FR\"><o:p><\/o:p><\/span><\/p>\n<\/div>\n<h4 style=\"color: blue;\"><span lang=\"FR\"><font size=\"4\"><font>SYNDICAT DES AVOCATS DE FRANCE<o:p><\/o:p><\/font><\/font><\/span><\/h4>\n<p><b><span lang=\"FR\">21 bis, rue Victor Mass\u00e9<o:p><\/o:p><\/span><\/b><\/p>\n<p><b><span lang=\"FR\">75 009 Paris<o:p><\/o:p><\/span><\/b><\/p>\n<h4 style=\"color: blue;\"><b><span lang=\"FR\">T\u00e9l\u00a0: <\/span><\/b><span lang=\"FR\">01 42 82 01 26<o:p><\/o:p><\/span><\/h4>\n<p><b><span lang=\"FR\">Fax\u00a0:<\/span><\/b><span lang=\"FR\"> 01 45 26 01 55<\/span><span lang=\"FR\"><br clear=\"all\"\/><\/span><\/p>\n<\/div>\n<p><span lang=\"FR\"><o:p><\/o:p><\/span><\/p>\n<h4 style=\"color: blue;\"><span lang=\"FR\">Monsieur Bechir Tekkari, Ministre de la Justice<o:p><\/o:p><\/span><\/h4>\n<p><b><span lang=\"FR\">Minist\u00e8re de la Justice<o:p><\/o:p><\/span><\/b><\/p>\n<p><b><span lang=\"DE\">Bd Bab el-benat<span>\u00a0 <\/span>1006 Tunis<\/span><\/b><span lang=\"DE\">\u00a0<o:p><\/o:p><\/span><\/p>\n<h4 align=\"right\" style=\"color: blue;\"><span lang=\"FR\">Paris, le 31 juillet 2001<o:p><\/o:p><\/span><\/h4>\n<p><span lang=\"FR\">\u00a0<o:p><\/o:p><\/span><\/p>\n<p><span lang=\"FR\">Monsieur le Ministre,<o:p><\/o:p><\/span><\/p>\n<p><span lang=\"FR\"><o:p><\/o:p><\/span><\/p>\n<p><span lang=\"FR\">Nous avons l\u2019honneur de vous faire part du fait qu\u2019une d\u00e9l\u00e9gation de magistrats et d\u2019avocats fran\u00e7ais s\u2019appr\u00eate \u00e0 effectuer un s\u00e9jour dans votre pays afin de prendre contact avec des confr\u00e8res tunisiens et avec les instances repr\u00e9sentatives des corps des magistrats et des avocats, ainsi qu\u2019avec des associations de la soci\u00e9t\u00e9 civile tunisienne.<o:p><\/o:p><\/span><\/p>\n<p><span lang=\"FR\"><o:p><\/o:p><\/span><\/p>\n<p><span lang=\"FR\">L\u2019objectif de ces rencontres est de se rendre compte de la situation des institutions judiciaires, de donner corps \u00e0 la solidarit\u00e9 professionnelle qui nous lie \u00e0 nos confr\u00e8res tunisiens et d\u2019exprimer notre soutien aux efforts de l\u2019ensemble de la soci\u00e9t\u00e9 civile en faveur des libert\u00e9s et des drois humains.<o:p><\/o:p><\/span><\/p>\n<p><span lang=\"FR\"><o:p><\/o:p><\/span><\/p>\n<p><span lang=\"FR\">Nous pensons, Monsieur le Ministre que notre s\u00e9jour doit comporter un entretien avec le repr\u00e9sentant de l\u2019autorit\u00e9 de tutelle des professions judiciaires de votre pays. C\u2019est pourquoi nous vous demandons respectueusement, Monsieur le Ministre, de bien vouloir nous accorder une audience. Nous vous prions d\u2019excuser l\u2019etroitesse de nos d\u00e9lais.<o:p><\/o:p><\/span><\/p>\n<p><span lang=\"FR\">\u00a0<\/span><span lang=\"FR\">En vous priant de recevoir, Monsieur, l\u2019assurance de notre respectueuse consid\u00e9ration.<o:p><\/o:p><\/span><\/p>\n<p><span lang=\"FR\"><o:p><\/o:p><\/span><\/p>\n<p align=\"right\"><b><span lang=\"FR\">Evelyne Sire-Marin<o:p><\/o:p><\/span><\/b><\/p>\n<p align=\"right\"><b><span lang=\"FR\">Magistrat, Pr\u00e9sidente du Syndicat de la Magistrature<\/span><\/b><span lang=\"FR\"><o:p><\/o:p><\/span><\/p>\n<p><span lang=\"FR\">\u00a0<o:p><\/o:p><\/span><\/p>\n<p><span lang=\"FR\">Post scriptum\u00a0: La d\u00e9l\u00e9gation est compos\u00e9e des personnes suivantes.<o:p><\/o:p><\/span><\/p>\n<p><span lang=\"FR\">&#8211;<span>\u00a0\u00a0\u00a0\u00a0\u00a0\u00a0\u00a0\u00a0\u00a0 <\/span><\/span><span lang=\"FR\">Carbon De S\u00e8ze, d\u00e9l\u00e9gu\u00e9 du b\u00e2tonnier du Barreau de Paris<o:p><\/o:p><\/span><\/p>\n<p><span lang=\"FR\">&#8211;<span>\u00a0\u00a0\u00a0\u00a0\u00a0\u00a0\u00a0\u00a0\u00a0 <\/span><\/span><span lang=\"FR\">Evelyne Sire-Marin, Pr\u00e9sidente du Syndicat de la Magistrature<o:p><\/o:p><\/span><\/p>\n<p><span lang=\"FR\">&#8211;<span>\u00a0\u00a0\u00a0\u00a0\u00a0\u00a0\u00a0\u00a0\u00a0 <\/span><\/span><span lang=\"FR\">G\u00e9rard Tcholakian, Bureau du Syndicat des Avocats de France<o:p><\/o:p><\/span><\/p>\n<p><span lang=\"FR\">&#8211;<span>\u00a0\u00a0\u00a0\u00a0\u00a0\u00a0\u00a0\u00a0\u00a0 <\/span><\/span><span lang=\"FR\">Laurence Morisset, F\u00e9d\u00e9ration Nationale des Jeunes Avocats<o:p><\/o:p><\/span><\/p>\n<div><span lang=\"FR\">Marina Coppieterf-\u2018Twallant, F\u00e9d\u00e9ration Internationale des Droits de l\u2019Homme, Organisation Mondiale Contre la Torture et Avocats sans Fronti\u00e8res.<\/span><\/div>\n<div><span lang=\"FR\"><\/p>\n<hr\/>\n<p><\/span><\/div>\n<div><span lang=\"FR\"><\/p>\n<hr\/>\n<p><\/span><\/div>\n<div><span lang=\"FR\"><\/p>\n<h4 align=\"left\" style=\"color: blue;\"><span lang=\"FR\">C<\/span><span lang=\"FR\">S<span>L<\/span>CP<span>T<\/span><\/span><span lang=\"FR\"><span>\u00a0\u00a0\u00a0\u00a0\u00a0\u00a0\u00a0\u00a0\u00a0\u00a0<\/span><\/span><span lang=\"FR\"><span>\u00a0\u00a0\u00a0\u00a0\u00a0\u00a0\u00a0\u00a0\u00a0\u00a0\u00a0\u00a0\u00a0\u00a0\u00a0\u00a0\u00a0\u00a0\u00a0\u00a0\u00a0\u00a0\u00a0\u00a0\u00a0\u00a0\u00a0\u00a0\u00a0\u00a0\u00a0\u00a0\u00a0\u00a0\u00a0\u00a0\u00a0\u00a0\u00a0\u00a0\u00a0\u00a0\u00a0\u00a0\u00a0<\/span><\/span><\/h4>\n<p><span lang=\"FR\">Comit\u00e9<\/span><span lang=\"FR\"> de Soutien aux <span>Luttes<\/span> Civiles et Politiques <span>en Tunisie<\/span><\/span><\/p>\n<p><span lang=\"FR\">\u00a0<o:p><\/o:p><\/span><\/p>\n<p><span lang=\"FR\">\u00a0<o:p><\/o:p><\/span><\/p>\n<p><span lang=\"FR\">COMMUNIQUE<o:p><\/o:p><\/span><\/p>\n<p><span lang=\"FR\"><o:p><\/o:p><\/span><\/p>\n<p><span lang=\"FR\"><o:p><\/o:p><\/span><\/p>\n<p><span lang=\"FR\">Nous vous informons que la d\u00e9l\u00e9gation constitu\u00e9e suite \u00e0 la <i>D\u00e9claration pour Justice Ind\u00e9pendante en Tunisie et de Soutien au Juge M. Yahiaoui<\/i><\/span><\/p>\n<p><span lang=\"FR\">est arriv\u00e9e \u00e0 Tunis l\u2019apr\u00e8s-midi du Mercredi 1<sup>er<\/sup> ao\u00fbt 2001.<\/span><\/p>\n<p><span lang=\"FR\"><o:p><\/o:p><\/span><\/p>\n<p><span lang=\"FR\">La d\u00e9l\u00e9gation est constitu\u00e9e d\u2019un d\u00e9l\u00e9gu\u00e9 du Batonnier du Barreau de Paris (Me Carbon De S\u00e8ze), de la pr\u00e9sidente du Syndicat de la Magistrature (Mme Evelyne Sire-Marin), d\u2019un membre du bureau du Syndicat de France (Me G\u00e9rard Tcholakian) et d\u2019un membre du bureau de la F\u00e9d\u00e9ration Nationale des Jeunes Avocats (Me Laurence Morisset).<\/span><\/p>\n<p><span lang=\"FR\"><font size=\"2\"><\/font><\/span><\/p>\n<div>La d\u00e9l\u00e9gation a \u00e9t\u00e9 accueillie par le Juge M. Yahiaoui, par plusieurs avocats et repr\u00e9sentants des associations de la soci\u00e9t\u00e9 civile. Elle a appris \u00e0 son arriv\u00e9e que le report sine die du conseil de discipline de M. Yahiaoui est confirm\u00e9 et que la d\u00e9cision de lui restituer son traitement a \u00e9t\u00e9 signifi\u00e9e par les autorit\u00e9s aujourd\u2019hui. Nous consid\u00e9rons ces \u00e9volutions comme une preuve de l\u2019efficacit\u00e9 des mobilisations en faveurs des libert\u00e9<\/div>\n<p><\/span><\/p>\n<p><span lang=\"FR\"><o:p><\/o:p><\/span><\/p>\n<p><span lang=\"FR\"><font face=\"Arial\" size=\"2\">Par ailleurs, la d\u00e9l\u00e9gation va poursuivre sa mission. Elle compte s\u2019entretenir avec les diff\u00e9rentes associations ind\u00e9pendantes et organisations non gouvernementales, ainsi qu\u2019avec les Instances repr\u00e9sentatives de la Magistrature et de l\u2019Avocature. Elle a \u00e9galement adress\u00e9 une demande d\u2019audience<\/font><a href=\"mhtml:mid:\/\/00000269\/#_ftn2\" title=\"\"><span><span><font face=\"Arial\" size=\"2\">[2]<\/font><\/span><\/span><\/a><font face=\"Arial\"><font size=\"2\"> \u00e0 M. Bechir Tekkari, Ministre de la Justice. Mme Marina Coppieterf-\u2018Twallant (magistrat belge mandat\u00e9 par la F\u00e9d\u00e9ration Internationale des Droits de l\u2019Homme, l\u2019Organisation Mondiale Contre la Torture et Avocat Sans Fronti\u00e8re Belgique) s\u2019est jointe \u00e0 la demande d\u2019audience.<o:p><\/o:p><\/font><\/font><\/span><\/p>\n<p><span lang=\"FR\"><o:p><\/o:p><\/span><\/p>\n<p><span lang=\"FR\"><font face=\"Arial\" size=\"2\">Enfin, la d\u00e9l\u00e9gation est r\u00e9solue \u00e0 tout faire pour obtenir de visiter Mme Sihem Ben Sedrine en prison ainsi que M. Muhammad Moua\u2019da<\/font>.<\/span> <\/p>\n<div><br clear=\"all\"\/><\/p>\n<hr align=\"left\" size=\"1\" width=\"33%\"\/>\n<div>\n<p><a href=\"mhtml:mid:\/\/00000269\/#_ftnref2\" title=\"\"><span><span lang=\"FR\"><span>[2]<\/span><\/span><\/span><\/a><span lang=\"FR\"> idem<\/span><\/p>\n<\/div>\n<\/div>\n<\/div>\n<div><span lang=\"FR\"><font face=\"Arial\" size=\"2\"><\/font><\/span>\u00a0<\/div>\n<div><span lang=\"FR\"><\/p>\n<hr\/>\n<p><\/span><\/div>\n<p><\/font><\/font><\/font><\/td>\n<\/tr>\n<\/tbody>\n<\/table>\n<\/div>\n<div>\u00a0<\/div>\n<div>\n<table border=\"1\" width=\"100%\">\n<tbody>\n<tr>\n<td bgcolor=\"#bbe9ff\" width=\"100%\">\n<div align=\"center\"><font><strong><span lang=\"FR\"><o:p><u><font size=\"4\"><\/p>\n<p align=\"center\"><b><span lang=\"FR\"><o:p><\/o:p><\/span><\/b>Le PDP accuse le gouvernement d&rsquo;avoir saisi un num\u00e9ro de son journal\u00a0\u00a0<\/p>\n<p><\/font><\/u><\/o:p><\/span><\/strong><\/font><\/div>\n<\/td>\n<\/tr>\n<tr>\n<td bgcolor=\"#efefef\" width=\"100%\"><font size=\"4\"><font size=\"2\"><font size=\"+0\"><font size=\"2\"><span lang=\"FR\"><font size=\"2\"><\/p>\n<p><font size=\"3\"><font size=\"2\"><b><span lang=\"FR\"><o:p><\/o:p><\/span><\/b><\/font><\/font><\/p>\n<p><font size=\"3\"><font size=\"2\"><\/p>\n<p><font face=\"Geneva, Arial, Sans-serif\"><\/font>\u00a0<span lang=\"FR\">\u00a0 <\/span><\/p>\n<\/p>\n<p><font face=\"Arial,Helvetica,sans-serif\" size=\"2\">TUNIS, 1er ao\u00fbt (AFP) &#8211; <\/font><font face=\"Arial,Helvetica,sans-serif\" size=\"1\">mercredi 01 ao\u00fbt 2001 &#8211; 17h20 <\/font>&#8211; <font face=\"Arial, Helvetica,sans-serif\" size=\"2\"><\/font><\/p>\n<p>Le Parti d\u00e9mocratique progressisteopposition) a indiqu\u00e9 que sa revue hebdomadaire \u00ab\u00a0Al-Mawquif\u00a0\u00bb n&rsquo;\u00e9tait pas parue dans les kiosques mercredi, accusant les autorit\u00e9s tunisiennes d&rsquo;avoir pratiqu\u00e9 une \u00ab\u00a0saisie d\u00e9guis\u00e9e\u00a0\u00bb.<\/p>\n<p>Dans un communiqu\u00e9, le PDP affirme que le num\u00e9ro 213 du journal, paraissant le mercredi, \u00e9tait introuvable dans les kiosques, tandis que les copies destin\u00e9es aux abonn\u00e9s n&rsquo;avaient pas \u00e9t\u00e9 livr\u00e9es non plus.<\/p>\n<p>Aucune explication n&rsquo;a pu \u00eatre obtenue aupr\u00e8s de l&rsquo;imprimeur, ni de la soci\u00e9t\u00e9 de distribution, ajoute le communiqu\u00e9, pr\u00e9cisant que le num\u00e9ro concern\u00e9 contient le point de vue du parti sur l&rsquo;\u00e9lection pr\u00e9sidentielle, ainsi qu&rsquo;un article sur la r\u00e9volte du juge Mokhtar Yahyaoui contre le fonctionnement de la justice en Tunisie.<\/p>\n<p>Le PDP est le seul des six partis de l&rsquo;opposition l\u00e9galement reconnue \u00e0 s&rsquo;\u00eatre prononc\u00e9 contre un amendement de la Constitution devant permettre au pr\u00e9sident Zine El Abidine Ben Ali de briguer un quatri\u00e8me mandat \u00e0 la pr\u00e9sidentielle de 2004, la Constitution les limitant \u00e0 trois.<\/p>\n<p>Le parti a accus\u00e9 le gouvernement d&rsquo;avoir pratiqu\u00e9 une \u00ab\u00a0saisie d\u00e9guis\u00e9e\u00a0\u00bb, et d&rsquo;avoir usage \u00e0 la censure indirecte, \u00ab\u00a0tout en multipliant les discours sur la n\u00e9cessit\u00e9 de lib\u00e9raliser la presse\u00a0\u00bb.<\/p>\n<p>Des copies de l&rsquo;\u00e9dition saisie ont \u00e9t\u00e9 d\u00e9pos\u00e9es dans un seul point de vente du pays, pr\u00e8s des locaux du journal \u00ab\u00a0pour faire croire \u00e0 une distribution r\u00e9guli\u00e8re\u00a0\u00bb du journal, selon le communiqu\u00e9.<\/p>\n<p>\u00ab\u00a0Cette saisie qui ne dit pas son nom t\u00e9moigne de la nature de l&rsquo;ouverture promise par les autorit\u00e9s et d\u00e9montre une persistance dans la voie du repli et de la restriction des libert\u00e9s\u00a0\u00bb, ajoute le communiqu\u00e9.<\/p>\n<p>Le PDP, dirig\u00e9 par l&rsquo;avocat Ahmed N\u00e9jib Chebbi, demande au gouvernement de \u00ab\u00a0lever imm\u00e9diatement la saisie\u00a0\u00bb et de \u00ab\u00a0respecter les libert\u00e9s de presse et d&rsquo;information\u00a0\u00bb.<\/p>\n<p>Un num\u00e9ro de Al-Mawquif, qui contenait des articles critiquant la politique du gouvernement, avait \u00e9t\u00e9 formellement saisi en janvier dernier par le minist\u00e8re de l&rsquo;Int\u00e9rieur.<\/p>\n<p>Reconnu mais non repr\u00e9sent\u00e9 au parlement, le PDP s&rsquo;est d\u00e9marqu\u00e9 ces derniers mois du reste de l&rsquo;opposition en affichant des positions plus critiques \u00e0 l&rsquo;\u00e9gard du pouvoir.<\/p>\n<\/p>\n<p><\/font><\/p>\n<div><o:p><\/p>\n<hr\/>\n<p><\/o:p><\/div>\n<div><o:p><\/p>\n<table border=\"0\" height=\"975\" width=\"100%\">\n<tbody>\n<tr>\n<td colspan=\"2\" height=\"42\" width=\"200%\">\n<p align=\"center\"><b><font face=\"Simplified Arabic\" size=\"5\">\u0641\u064a \u0647\u0640\u0640\u0640\u0630\u0627 \u0627\u0644\u0639\u0640\u0640\u0640\u062f\u062f<\/font><\/b><\/p>\n<\/td>\n<\/tr>\n<tr>\n<td align=\"right\" bgcolor=\"#ffcccc\" height=\"606\" valign=\"top\" width=\"20%\">\n<p align=\"center\" dir=\"rtl\"><span lang=\"AR-SA\"><font size=\"6\">\u0645\u0628\u0631\u0648\u0643<o:p> <\/o:p><\/font><\/span><\/p>\n<p dir=\"rtl\"><font size=\"4\"><span lang=\"AR-SA\">\u062a\u062a\u0642\u062f\u0651\u0645 \u0623\u0633\u0631\u0629 <\/span><span dir=\"ltr\" lang=\"EN-US\">\u00bb<\/span><span lang=\"AR-SA\">\u0627\u0644\u0645\u0648\u0642\u0641\u00bb \u0628\u0623\u062d\u0631\u0651 \u0627\u0644\u062a\u0647\u0627\u0646\u064a \u0644\u0644\u0634\u0628\u0627\u0628 \u0627\u0644\u0645\u0646\u062a\u0645\u064a \u0644\u0644\u062d\u0632\u0628 \u0627\u0644\u062f\u064a\u0645\u0642\u0631\u0627\u0637\u064a \u0627\u0644\u062a\u0642\u062f\u0651\u0645\u064a \u0627\u0644\u0630\u064a\u0646 \u0646\u062c\u062d\u0648\u0627 \u0641\u064a \u0627\u0645\u062a\u062d\u0627\u0646 \u0627\u0644\u0628\u0627\u0643\u0627\u0644\u0648\u0631\u064a\u0627 \u0648\u0647\u0645: &#8211; \u0631\u0636\u0627 \u0643\u062f\u0651\u0627\u0634\u064a &#8211; \u0627\u0644\u0623\u0645\u062c\u062f \u063a\u0631\u0628\u064a &#8211; \u0641\u0642\u064a\u0647 \u062d\u0633\u064a\u0646\u064a &#8211; \u0646\u0628\u064a\u0644 \u062e\u0644\u064a\u0641\u064a &#8211; \u0628\u0644\u0627\u0644 \u062d\u0627\u0645\u062f\u064a &#8211; \u0639\u062f\u0644\u0627\u0646\u064a \u0639\u0644\u0648\u064a &#8211; \u0639\u0628\u062f \u0627\u0644\u062d\u0645\u064a\u062f \u062c\u0644\u0627\u0644\u064a &#8211; \u062d\u0628\u064a\u0628 \u0645\u062d\u0645\u0651\u062f\u064a<o:p> <\/o:p><\/span><\/font><\/p>\n<p dir=\"rtl\"><span lang=\"AR-SA\"><font size=\"4\">\u0645\u0628\u0631\u0648\u0643 \u0644\u0647\u0645 \u062c\u0645\u064a\u0639\u0627.<o:p> <\/o:p><\/font><\/span><\/p>\n<p align=\"center\" dir=\"rtl\"><span lang=\"AR-SA\"><font size=\"6\">\u0639\u0637\u0644\u0629 \u0633\u0646\u0648\u064a\u0651\u0629<o:p> <\/o:p><\/font><\/span><\/p>\n<p dir=\"rtl\"><font face=\"Arabic Transparent\" size=\"4\"><b><span lang=\"AR-SA\">\u062a\u062f\u062e\u0644 \u062c\u0631\u064a\u062f\u0629 <\/span><span dir=\"ltr\" lang=\"EN-US\">\u00bb<\/span><span lang=\"AR-SA\">\u0627\u0644\u0645\u0648\u0642\u0641\u00bb \u0628\u062f\u0627\u064a\u0629 \u0645\u0646 \u0627\u0644\u0623\u0633\u0628\u0648\u0639 \u0627\u0644\u0645\u0642\u0628\u0644 \u0641\u064a \u0639\u0637\u0644\u062a\u0647\u0627 \u0627\u0644\u0633\u0646\u0648\u064a\u0629 \u0627\u0644\u062a\u064a \u062a\u0633\u062a\u0645\u0631\u0651 \u0637\u0648\u0627\u0644 \u0634\u0647\u0631 \u0623\u0648\u062a \u0639\u0644\u0649 \u0623\u0646 \u062a\u0639\u0648\u062f \u0625\u0644\u0649 \u0642\u0631\u0627\u0626\u0647\u0627 \u0627\u0644\u0623\u0639\u0632\u0627\u0621 \u0645\u0639 \u0628\u062f\u0627\u064a\u0629 \u0633\u0628\u062a\u0645\u0628\u0631\u060c \u0641\u0625\u0644\u0649 \u0627\u0644\u0644\u0642\u0627\u0621 \u0648\u0639\u0637\u0644\u0629 \u0633\u0639\u064a\u062f\u0629 \u0644\u0643\u0645 \u062c\u0645\u064a\u0639\u0627.<o:p> <\/o:p><\/span><\/b><\/font><\/p>\n<p align=\"center\" dir=\"rtl\"><font face=\"Arabic Transparent\" size=\"4\"><span lang=\"AR-SA\"><b><\/b><\/span><\/font><\/p>\n<\/td>\n<td align=\"right\" height=\"262\" rowspan=\"2\" valign=\"top\" width=\"157%\">\n<p align=\"center\" dir=\"rtl\"><span lang=\"AR-SA\"><\/p>\n<h4 style=\"color: blue;\"><font size=\"6\"><b>\u0645\u064a\u0644\u0627\u062f \u0627\u0644\u062d\u0632\u0628 \u0627\u0644\u062f\u064a\u0645\u0642\u0631\u0627\u0637\u064a \u0627\u0644\u062a\u0642\u062f\u0651\u0645\u064a<\/b><\/font><\/h4>\n<p><\/span><\/p>\n<p dir=\"rtl\"><span lang=\"AR-SA\"><font size=\"5\"><b>\u0648\u062b\u0627\u0626\u0642 \u0627\u0644\u0645\u0624\u062a\u0645\u0631 \u0627\u0644\u062b\u0627\u0644\u062b<o:p> <\/o:p><\/b><\/font><\/span><\/p>\n<p dir=\"rtl\"><font size=\"5\"><span lang=\"AR-SA\"><a href=\"http:\/\/www.rsp-tunisia.com\/21313.htm\" target=\"_blank\" rel=\"noopener\">\u0627\u0644\u0644\u0627\u0626\u062d\u0629 \u0627\u0644\u062a\u0631\u0628\u0648\u064a\u0629: \u062a\u062d\u062f\u064a\u062b \u0627\u0644\u0645\u062f\u0631\u0633\u0629 \u0648\u062a\u0637\u0648\u064a\u0631 \u0627\u0644\u0645\u0636\u0627\u0645\u064a\u0646<\/a><\/span><b><span dir=\"ltr\" lang=\"EN-US\"><o:p> <\/o:p><\/span><\/b><\/font><\/p>\n<hr align=\"center\" size=\"6\" width=\"80%\"\/>\n<p dir=\"rtl\"><span lang=\"AR-SA\"><a href=\"http:\/\/www.rsp-tunisia.com\/21310.htm\" target=\"_blank\" rel=\"noopener\"><font size=\"5\">\u0647\u0644 \u062a\u0643\u0648\u0646 \u0633\u0646\u0629 2004 \u0645\u0648\u0639\u062f\u0627 \u0644\u0644\u062a\u062f\u0627\u0648\u0644 \u0627\u0644\u0633\u0644\u0645\u064a \u0639\u0644\u0649 \u0627\u0644\u062d\u0643\u0645\u061f<\/font><\/a><\/span><font size=\"5\"><b><span dir=\"ltr\" lang=\"EN-US\"><o:p> <\/o:p><\/span><\/b><\/font><\/p>\n<p dir=\"rtl\"><font size=\"5\"><span lang=\"AR-SA\"><a href=\"http:\/\/www.rsp-tunisia.com\/21301.htm\" target=\"_blank\" rel=\"noopener\">\u062a\u0642\u062f\u0651\u0645 \u0627\u0644\u062d\u0631\u0643\u0629 \u0627\u0644\u062f\u064a\u0645\u0642\u0631\u0627\u0637\u064a\u0629 \u0631\u0647\u064a\u0646 \u0628\u0648\u062d\u062f\u0629 \u0641\u0635\u0627\u0626\u0644\u0647\u0627<\/a><\/span><span dir=\"ltr\" lang=\"AR-SA\"> <\/span><span lang=\"AR-SA\">\u0628\u0642\u0644\u0645: \u0639\u0628\u062f \u0627\u0644\u0645\u062c\u064a\u062f \u062d\u0648\u0651\u0627\u0634\u064a<o:p> <\/o:p><\/span><\/font><\/p>\n<p dir=\"rtl\"><span lang=\"AR-SA\"><a href=\"http:\/\/www.rsp-tunisia.com\/21302.htm\" target=\"_blank\" rel=\"noopener\"><font size=\"5\">\u062c\u0645\u0639\u064a\u0629 \u0627\u0644\u0642\u0636\u0627\u0629 \u0627\u0644\u062a\u0648\u0646\u0633\u064a\u064a\u0646 \u062a\u0646\u062a\u0642\u062f \u0623\u0645\u064a\u0646 \u0639\u0627\u0645 \u0627\u0644\u062d\u0632\u0628 \u0627\u0644\u062d\u0627\u0643\u0645<\/font><\/a><\/span><\/p>\n<p dir=\"rtl\"><font size=\"5\"><span lang=\"AR-SA\"><a href=\"http:\/\/www.rsp-tunisia.com\/21308.htm\" target=\"_blank\" rel=\"noopener\">\u0627\u0644\u0645\u062d\u0627\u0645\u0648\u0646 \u064a\u062a\u0636\u0627\u0645\u0646\u0648\u0646 \u0645\u0639 \u0627\u0644\u0642\u0627\u0636\u064a \u0627\u0644\u064a\u062d\u064a\u0627\u0648\u064a<\/a><\/span><b><span dir=\"ltr\" lang=\"EN-US\"><o:p> <\/o:p><\/span><\/b><\/font><\/p>\n<p dir=\"rtl\"><font size=\"5\"><span lang=\"AR-SA\"><a href=\"http:\/\/www.rsp-tunisia.com\/21303.htm\" target=\"_blank\" rel=\"noopener\">\u0647\u0630\u0627 \u0645\u0627 \u0641\u0639\u0644\u0647 \u0645\u0642\u0635\u0651 <span dir=\"ltr\" lang=\"EN-US\">\u00bb<\/span>\u0644\u0627\u0628\u0631\u0627\u0633\u00bb \u0628\u0645\u062f\u0627\u062e\u0644\u062a\u064a<\/a><\/span><span dir=\"ltr\" lang=\"AR-SA\"> <\/span><span lang=\"AR-SA\">\u0628\u0642\u0644\u0645: \u0631\u0627\u0645\u064a \u0627\u0644\u0635\u0627\u0644\u062d\u064a*<o:p> <\/o:p><\/span><\/font><\/p>\n<p dir=\"rtl\"><span lang=\"AR-SA\"><a href=\"http:\/\/www.rsp-tunisia.com\/21304.htm\" target=\"_blank\" rel=\"noopener\"><font size=\"5\">\u0627\u0644\u062d\u0644\u0645 \u0627\u0644\u062a\u0648\u0646\u0633\u064a<span dir=\"ltr\" lang=\"EN-US\">\/<\/span>\u0645\u0642\u0648\u0645\u0627\u062a \u0627\u0644\u0646\u062c\u0627\u062d \u0648\u0645\u0639\u0648\u0642\u0627\u062a\u0647<\/font><\/a><\/span><font size=\"5\"><span dir=\"ltr\" lang=\"AR-SA\"> <\/span><span lang=\"AR-SA\">\u0628\u0642\u0644\u0645: \u0633\u0627\u0645\u064a \u0628\u0631\u0627\u0647\u0645<o:p> <\/o:p><\/span><\/font><\/p>\n<p dir=\"rtl\"><font size=\"5\"><span lang=\"AR-SA\"><a href=\"http:\/\/www.rsp-tunisia.com\/21305.htm\" target=\"_blank\" rel=\"noopener\">\u0635\u0646\u0627\u062f\u064a\u0642 \u0627\u0644\u0627\u0642\u062a\u0631\u0627\u0639 \u062a\u0635\u0646\u0639 \u0627\u0644\u0648\u062d\u062f\u0629 \u0627\u0644\u0645\u063a\u0627\u0631\u0628\u064a\u0629<\/a><\/span><b><span dir=\"ltr\" lang=\"AR-SA\"> <\/span><\/b><span lang=\"AR-SA\">\u0628\u0642\u0644\u0645: \u0627\u0644\u0634\u0627\u0630\u0644\u064a \u0632\u0648\u064a\u062a\u0646<o:p> <\/o:p><\/span><\/font><\/p>\n<p dir=\"rtl\"><font size=\"5\"><span lang=\"AR-SA\"><a href=\"http:\/\/www.rsp-tunisia.com\/21306.htm\" target=\"_blank\" rel=\"noopener\">\u0645\u0627 \u0644\u0645 \u064a\u0646\u0634\u0631 \u0645\u0646 \u0641\u0639\u0627\u0644\u064a\u0651\u0627\u062a \u0645\u0624\u062a\u0645\u0631 \u0627\u0644\u0627\u062a\u062d\u0627\u062f \u0627\u0644\u062c\u0647\u0648\u064a \u0644\u0644\u0634\u063a\u0644 \u0628\u0627\u0644\u0645\u0647\u062f\u064a\u0629<\/a> <\/span><span lang=\"AR-TN\">\u0628\u0642\u0644\u0645:<\/span><b><span dir=\"ltr\" lang=\"AR-TN\"> <\/span><\/b><span lang=\"AR-SA\">\u0646\u0627\u0626\u0628 \u0641\u064a \u0627\u0644\u0645\u0624\u062a\u0645\u0631<\/span><span dir=\"ltr\" lang=\"AR-SA\"> <\/span><span lang=\"AR-SA\">\u0639\u0646 \u0627\u0644\u062a\u0639\u0644\u064a\u0645 \u0627\u0644\u062b\u0627\u0646\u0648\u064a<o:p> <\/o:p><\/span><\/font><\/p>\n<p dir=\"rtl\"><font size=\"5\"><span lang=\"AR-SA\"><a href=\"http:\/\/www.rsp-tunisia.com\/21307.htm\" target=\"_blank\" rel=\"noopener\">\u0635\u063a\u0627\u0631 \u0627\u0644\u0645\u062f\u062e\u0631\u064a\u0646 \u0628\u0627\u0644\u0628\u0648\u0631\u0635\u0629 \u064a\u062a\u062c\u0631\u0651\u0639\u0648\u0646 \u0645\u0631\u0627\u0631\u0629 \u0627\u0644\u062a\u062c\u0631\u0628\u0629<\/a> <\/span><span lang=\"AR-SA\">\u0628\u0642\u0644\u0645: \u0627\u0644\u0645\u0646\u062c\u064a \u0627\u0644\u062f\u0643\u0627\u0644\u064a<o:p> <\/o:p><\/span><\/font><\/p>\n<p dir=\"rtl\"><font size=\"5\"><span lang=\"AR-SA\"><a href=\"http:\/\/www.rsp-tunisia.com\/21309.htm\" target=\"_blank\" rel=\"noopener\">\u0623\u062e\u0628\u0627\u0631&#8230;\u062d\u0631\u064a\u0627\u062a&#8230;\u0623\u0646\u0634\u0637\u0629&#8230;<\/a><\/span><b><span dir=\"ltr\" lang=\"EN-US\"><o:p> <\/o:p><\/span><\/b><\/font><\/p>\n<p dir=\"rtl\"><span lang=\"AR-SA\"><font size=\"5\">\u0627\u0644\u0645\u062e\u064a\u0651\u0645 \u0627\u0644\u0623\u0648\u0644 \u0644\u0634\u0628\u0627\u0628 \u0627\u0644\u0623\u062d\u0632\u0627\u0628 \u0627\u0644\u0639\u0631\u0628\u064a\u0629\/<span><a href=\"http:\/\/www.rsp-tunisia.com\/21311.htm\" target=\"_blank\" rel=\"noopener\">\u062e\u0637\u0648\u0629 \u0647\u0627\u0645\u0629 \u0639\u0644\u0649 \u0637\u0631\u064a\u0642 \u0627\u0644\u0639\u0645\u0644 \u0627\u0644\u0639\u0631\u0628\u064a \u0627\u0644\u0645\u0634\u062a\u0631\u0643<\/a> \u0628\u0642\u0644\u0645: <\/span>\u063a\u0633\u0651\u0627\u0646 \u0628\u0646 \u062e\u0644\u064a\u0641\u0629 \u0627\u0644\u0645\u0646\u0633\u0651\u0642 \u0627\u0644\u0639\u0627\u0645 \u0644\u0645\u062c\u0645\u0648\u0639\u0629 \u0634\u0628\u0627\u0628 \u062a\u0648\u0646\u0633<o:p> <\/o:p><\/font><\/span><\/p>\n<p dir=\"rtl\"><font size=\"5\"><span lang=\"AR-SA\"><a href=\"http:\/\/www.rsp-tunisia.com\/21312.htm\" target=\"_blank\" rel=\"noopener\">\u0645\u0636\u0627\u064a\u0642\u0627\u062a \u062c\u062f\u064a\u062f\u0629 \u0636\u062f\u0651 \u0627\u0644\u0639\u0631\u0628\u064a \u0627\u0644\u0639\u0643\u0631\u0645\u064a<\/a><\/span><b><span dir=\"ltr\" lang=\"EN-US\"><o:p> <\/o:p><\/span><\/b><\/font><\/p>\n<p dir=\"rtl\"><span lang=\"AR-SA\"><font size=\"5\"><\/font><\/span><\/p>\n<p>\u00a0<\/p>\n<\/td>\n<\/tr>\n<tr>\n<td align=\"right\" height=\"1\" valign=\"top\" width=\"20%\"><\/td>\n<\/tr>\n<\/tbody>\n<\/table>\n<p align=\"center\">\n<p><\/o:p><o:p><\/o:p><font face=\"Arial\">\u00a0<\/font><\/div>\n<p><\/font><\/font><\/span><\/font><\/font><\/font><\/font><\/td>\n<\/tr>\n<\/tbody>\n<\/table>\n<\/div>\n<div><font face=\"Arial\"><\/font>\u00a0<\/div>\n<div>\n<table border=\"1\" width=\"100%\">\n<tbody>\n<tr>\n<td bgcolor=\"#bbe9ff\" width=\"100%\">\n<div align=\"center\"><font><strong><span lang=\"FR\"><o:p><font size=\"4\"><\/p>\n<p align=\"center\" dir=\"rtl\"><b><span lang=\"AR-SA\">\u0627\u0644\u0645\u062c\u062a\u0645\u0639 \u0627\u0644\u062a\u0648\u0646\u0633\u064a \u064a\u0641\u0648\u0631 \u0628\u0627\u0644\u062d\u0631\u0643\u0629 \u0639\u0644\u0649 \u0627\u0644\u0631\u063a\u0645 \u0645\u0646 \u0645\u0648\u0633\u0645 \u0627\u0644\u0639\u0637\u0644<u>.<o:p><\/o:p><\/u><\/span><\/b><\/p>\n<p dir=\"rtl\"><span lang=\"AR-SA\"><font size=\"5\">\u0641\u0644\u0627 \u064a\u0643\u0627\u062f \u064a\u0645\u0631 \u0623\u0633\u0628\u0648\u0639 \u0625\u0644\u0627 \u0648\u064a\u062a\u0645 \u0627\u0644\u0625\u0639\u0644\u0627\u0646 \u0627\u0644\u0631\u0633\u0645\u064a \u0639\u0646 \u062a\u0643\u0648\u064a\u0646 \u062c\u0645\u0639\u064a\u0627\u062a \u062c\u062f\u064a\u062f\u0629 \u0644\u0644\u062f\u0641\u0627\u0639 \u0639\u0646 \u062d\u0642\u0648\u0642 \u0628\u0639\u0636 \u0627\u0644\u0623\u0635\u0646\u0627\u0641 \u0645\u0646 \u0627\u0644\u0645\u0648\u0627\u0637\u0646\u064a\u0646 \u0623\u0648 \u0644\u0644\u0645\u0637\u0627\u0644\u0628\u0629 \u0628\u062a\u063a\u064a\u064a\u0631\u0627\u062a \u062c\u0630\u0631\u064a\u0629 \u0641\u064a \u0627\u0644\u0642\u0648\u0627\u0646\u064a\u0646 \u0627\u0644\u0633\u0627\u0626\u062f\u0629 \u0641\u064a \u062a\u0648\u0646\u0633<\/font><u>. <o:p><\/o:p><\/u><\/span><\/p>\n<p align=\"center\"><b><span dir=\"rtl\" lang=\"AR-SA\">\u0627\u0644\u0633\u0644\u0637\u0627\u062a \u0627\u0644\u062c\u0647\u0648\u064a\u0629 \u0641\u064a \u0648\u0644\u0627\u064a\u0629 \u0628\u0646\u0632\u0631\u062a \u062a\u0631\u0641\u0636 \u062a\u0633\u0644\u064a\u0645 \u0648\u0635\u0644 \u0644\u0645\u0624\u0633\u0633\u064a \u0648\u062f\u0627\u062f\u064a\u0629 \u0644\u0644\u0645\u0642\u0627\u0648\u0645\u064a\u0646<\/span><\/b><\/p>\n<p align=\"center\"><b><span dir=\"rtl\" lang=\"AR-SA\">\u00a0\u0648\u062c\u0645\u0639\u064a\u0629 \u0644\u0644\u0645\u0637\u0627\u0644\u0628\u0629 \u0628\u0625\u0644\u063a\u0627\u0621 \u062d\u0643\u0645 \u0627\u0644\u0625\u0639\u062f\u0627\u0645 \u062a\u0648\u062f\u0639 \u0642\u0627\u0646\u0648\u0646\u0647\u0627 \u0627\u0644\u0623\u0633\u0627\u0633\u064a \u0644\u062f\u0649 \u0627\u0644\u0633\u0644\u0637\u0627\u062a \u0627\u0644\u0645\u0639\u0646\u064a\u0629 \u0641\u064a \u0645\u0642\u0631 \u0648\u0644\u0627\u064a\u0629 \u0623\u0631\u064a\u0627\u0646\u0629 <\/span><\/b><\/p>\n<p><\/font><\/o:p><\/span><\/strong><\/font><\/div>\n<\/td>\n<\/tr>\n<tr>\n<td bgcolor=\"#efefef\" width=\"100%\"><font size=\"4\"><font size=\"2\"><font size=\"+0\"><font size=\"2\"><span lang=\"FR\"><font size=\"2\"><\/p>\n<p><font size=\"3\"><font size=\"2\"><b><span lang=\"FR\"><o:p><\/o:p><\/span><\/b><\/font><\/font><\/p>\n<p><font size=\"3\"><font size=\"2\"><\/p>\n<p><font face=\"Geneva, Arial, Sans-serif\"><\/font>\u00a0<span lang=\"FR\">\u00a0 <\/span><\/p>\n<h4 align=\"right\" dir=\"rtl\" style=\"color: blue;\"><span dir=\"rtl\"><\/span><span lang=\"AR-SA\"><span dir=\"rtl\"><\/span>25<\/span><span dir=\"ltr\"><\/span><span dir=\"ltr\" lang=\"AR-SA\"><span dir=\"ltr\"><\/span> <\/span><span lang=\"AR-SA\">\u062c\u0648\u064a\u0644\u064a\u0629 2001<o:p><\/o:p><\/span><\/h4>\n<p dir=\"rtl\"><span lang=\"AR-SA\">\u00a0<o:p><\/o:p><\/span><\/p>\n<h4 align=\"center\" dir=\"rtl\" style=\"color: blue;\"><span lang=\"AR-SA\"><font size=\"6\"><font>\u0628\u0640\u064a\u0640\u0640\u0640\u0640\u0640\u0640\u0640\u0640\u0640\u0627\u0646<o:p><\/o:p><\/font><\/font><\/span><\/h4>\n<p dir=\"rtl\"><span lang=\"AR-SA\">\u00a0<o:p><\/o:p><\/span><\/p>\n<p dir=\"rtl\"><span lang=\"AR-SA\">\u0637\u0628\u0642\u0627 \u0644\u0644\u0642\u0627\u0646\u0648\u0646\u060c<o:p><\/o:p><\/span><\/p>\n<p dir=\"rtl\"><span lang=\"AR-SA\">\u0646\u062d\u0646\u060c \u062c\u0645\u0639 \u0645\u0646 \u0642\u062f\u0645\u0627\u0621 \u0627\u0644\u0645\u0642\u0627\u0648\u0645\u064a\u0646 \u0648\u0623\u0631\u0627\u0645\u0644 \u0628\u0639\u0636\u0647\u0645\u060c \u0623\u0648\u062f\u0639\u0646\u0627 \u064a\u0648\u0645 25 \u062c\u0648\u0627\u0646 2001 \u0628\u0625\u062f\u0627\u0631\u0629 \u0648\u0644\u0627\u064a\u0629 \u0628\u0646\u0632\u0631\u062a \u0627\u0644\u0648\u062b\u0627\u0626\u0642 \u0627\u0644\u0642\u0627\u0646\u0648\u0646\u064a\u0629 \u0627\u0644\u0645\u062a\u0639\u0644\u0642\u0629 \u0628\u0627\u0644\u062a\u0635\u0631\u064a\u062d \u0627\u0644\u0642\u0627\u0646\u0648\u0646\u064a \u0628\u062c\u0645\u0639\u064a\u062a\u0646\u0627. \u0625\u0644\u0627 \u0623\u0646 \u0627\u0644\u0625\u062f\u0627\u0631\u0629\u060c \u0648\u0625\u0644\u0649 \u062d\u062f \u0647\u0630\u0627 \u0627\u0644\u062a\u0627\u0631\u064a\u062e\u060c \u062a\u0631\u0641\u0636 \u062a\u0633\u0644\u064a\u0645\u0646\u0627 \u0627\u0644\u0648\u0635\u0644 \u0627\u0644\u0642\u0627\u0646\u0648\u0646\u064a \u0627\u0644\u0630\u064a \u064a\u062b\u0628\u062a \u0642\u064a\u0627\u0645 \u0647\u0624\u0644\u0627\u0621 \u0627\u0644\u0645\u0642\u0627\u0648\u0645\u064a\u0646 \u0628\u0627\u0644\u0625\u062c\u0631\u0627\u0621\u0627\u062a \u0627\u0644\u0642\u0627\u0646\u0648\u0646\u064a\u0629. \u0648\u0631\u063a\u0645 \u062a\u0631\u062f\u062f\u0646\u0627 \u0648\u0625\u0644\u062d\u0627\u062d\u0646\u0627 \u0639\u0644\u0649 \u0627\u0644\u0625\u062f\u0627\u0631\u0629 \u0637\u0644\u0628\u0627 \u0644\u0630\u0644\u0643 \u0627\u0644\u0648\u0635\u0644\u060c \u062a\u0635\u0631 \u0627\u0644\u0633\u0644\u0637 \u0648\u0628\u0637\u0631\u0642 \u0645\u0644\u062a\u0648\u064a\u0629\u060c \u0644\u0627 \u062a\u0644\u064a\u0642 \u0628\u062f\u0648\u0644\u0629 \u0627\u0644\u0642\u0627\u0646\u0648\u0646 \u0648\u0627\u0644\u0645\u0624\u0633\u0633\u0627\u062a\u060c \u0639\u0644\u0649 \u0639\u062f\u0645 \u062a\u0633\u0644\u064a\u0645\u0647 \u0644\u0646\u0627.<o:p><\/o:p><\/span><\/p>\n<p dir=\"rtl\"><span lang=\"AR-SA\">\u00a0<o:p><\/o:p><\/span><\/p>\n<p dir=\"rtl\"><span lang=\"AR-SA\">\u0644\u0630\u0627\u060c \u0646\u0639\u0644\u0646 \u0644\u0644\u0631\u0623\u064a \u0627\u0644\u0639\u0627\u0645 \u0627\u0644\u062a\u0648\u0646\u0633\u064a :<o:p><\/o:p><\/span><\/p>\n<p dir=\"rtl\"><span lang=\"AR-SA\">1) \u0628\u0627\u0633\u0645 \u0627\u0644\u0648\u0627\u062c\u0628\u0627\u062a \u0627\u0644\u0648\u0637\u0646\u064a\u0629 \u0648\u0627\u0644\u062d\u0642\u0648\u0642 \u0627\u0644\u0645\u0643\u062a\u0633\u0628\u0629\u060c<o:p><\/o:p><\/span><\/p>\n<p dir=\"rtl\"><span lang=\"AR-SA\">2) \u0628\u0627\u0633\u0645 \u0627\u0644\u062d\u0642 \u0641\u064a \u0627\u0644\u062a\u0646\u0638\u0645 \u0641\u064a \u0638\u0644 \u062f\u0633\u062a\u0648\u0631 \u062a\u0648\u0646\u0633\u064a \u064a\u0639\u0644\u0648 \u0648\u0644\u0627 \u064a\u0639\u0644\u0649 \u0639\u0644\u064a\u0647.<o:p><\/o:p><\/span><\/p>\n<p dir=\"rtl\"><span lang=\"AR-SA\">3) \u0628\u0627\u0633\u0645 \u0627\u0644\u0634\u0647\u062f\u0627\u0621 \u0641\u064a \u0633\u0628\u064a\u0644 \u0627\u0644\u0639\u062f\u0644 \u0648\u0627\u0644\u0625\u0646\u0635\u0627\u0641\u060c<o:p><\/o:p><\/span><\/p>\n<p dir=\"rtl\"><span lang=\"AR-SA\">\u0639\u0646 \u062a\u0643\u0648\u064a\u0646 \u062c\u0645\u0639\u064a\u0629 \u0648\u062f\u0627\u062f\u064a\u0629\u060c \u0645\u0646 \u0623\u0647\u062f\u0627\u0641\u0647\u0627 \u0627\u0644\u062f\u0641\u0627\u0639 \u0639\u0646 \u0627\u0644\u062d\u0642\u0648\u0642 \u0627\u0644\u0645\u0627\u062f\u064a\u0629 \u0648\u0627\u0644\u0645\u0639\u0646\u0648\u064a\u0629 \u0644\u0644\u0645\u0642\u0627\u0648\u0645\u064a\u0646 \u0648\u0623\u0631\u0627\u0645\u0644\u0647\u0645\u060c \u0648\u0623\u0637\u0644\u0642\u0646\u0627 \u0639\u0644\u064a\u0647\u0627 \u0625\u0633\u0645 : <b>\u0627\u0644\u0648\u062f\u0627\u062f\u064a\u0629 \u0627\u0644\u0648\u0637\u0646\u064a\u0629 \u0644\u0642\u062f\u0645\u0627\u0621 \u0627\u0644\u0645\u0642\u0627\u0648\u0645\u064a\u0646<o:p><\/o:p><\/b><\/span><\/p>\n<p dir=\"rtl\"><span lang=\"AR-SA\">\u00a0<o:p><\/o:p><\/span><\/p>\n<h4 dir=\"rtl\" style=\"color: blue;\"><u><span lang=\"AR-SA\">\u0639\u0646 \u0627\u0644\u0625\u062e\u0648\u0629 \u0648\u0627\u0644\u0623\u062e\u0648\u0627\u062a \u0623\u0639\u0636\u0627\u0621 \u0627\u0644\u0648\u062f\u0627\u062f\u064a\u0629<o:p><\/o:p><\/span><\/u><\/h4>\n<p dir=\"rtl\"><span lang=\"AR-SA\">\u0631\u0626\u064a\u0633 \u0627\u0644\u0648\u062f\u0627\u062f\u064a\u0629<o:p><\/o:p><\/span><\/p>\n<h4 dir=\"rtl\" style=\"color: blue;\"><span lang=\"AR-SA\">\u0639\u0644\u064a \u0628\u0646 \u0633\u0627\u0644\u0645<\/span><span lang=\"AR-SA\">\u00a0<o:p><\/o:p><\/span><\/h4>\n<p dir=\"rtl\"><span lang=\"AR-SA\">\u0627\u0644\u0639\u0646\u0648\u0627\u0646 : 75 \u0634\u0627\u0631\u0639 \u0641\u0631\u062d\u0627\u062a \u062d\u0634\u0627\u062f<o:p><\/o:p><\/span><\/p>\n<h4 dir=\"rtl\" style=\"color: blue;\"><font size=\"4\"><span lang=\"AR-SA\">\u0628\u0646\u0632\u0631\u062a 7001<\/span><span lang=\"AR-SA\">. <\/span><\/font><span lang=\"AR-SA\"><font size=\"4\"><span>\u00a0<\/span>\u0627\u0644\u0647\u0627\u062a\u0641 \u0648\u0627\u0644\u0641\u0627\u0643\u0633 : 435.440 (02<\/font>)<\/span><span lang=\"AR-SA\">\u00a0<\/span><\/h4>\n<hr\/>\n<hr\/>\n<p><o:p><\/o:p><\/font><\/font><\/font><\/span><\/p>\n<p align=\"left\"><u><span lang=\"FR\">Tunis, le 21 juillet 2001<o:p><\/o:p><\/span><\/u><\/p>\n<p align=\"left\"><span lang=\"FR\"><o:p><\/o:p><\/span><\/p>\n<p align=\"left\"><u><span lang=\"FR\"><o:p><\/o:p><\/span><\/u><\/p>\n<p><font><span lang=\"FR\">UNE NOUVELLE ASSOCIATION EST NEE<\/span><span lang=\"FR\">\u00a0:<\/span><\/font> <\/p>\n<p><span lang=\"FR\"><o:p><\/o:p><\/span><\/p>\n<p><span lang=\"FR\">L\u2019<i>ASSOCIATION TUNISIENNE POUR L\u2019ABOLITION DE LA PEINE DE MORT (A.T.A.P.)<o:p><\/o:p><\/i><\/span> <\/p>\n<p><b><span lang=\"FR\"><o:p><\/o:p><\/span><\/b><\/p>\n<p><span lang=\"FR\">Un groupe de citoyen-nes de la mouvance d\u00e9mocratique vient de d\u00e9poser, le samedi 21 juillet 2001,<span>\u00a0 <\/span>aupr\u00e8s du gouvernorat de l\u2019Ariana, des statuts en vue de la cr\u00e9ation d\u2019une association s\u2019intitulant\u00a0:<o:p><\/o:p><\/span><\/p>\n<p><span lang=\"FR\"><o:p><\/o:p><\/span><\/p>\n<p align=\"center\"><b><i><span lang=\"SV\"><\/p>\n<h5 style=\"color: blue;\"><font>Association tunisienne pour l\u2019abolition de la peine de mort<o:p><\/o:p><\/font><\/h5>\n<p><\/span><\/i><\/b><\/p>\n<p align=\"center\"><b><i><span lang=\"SV\"><font>(A.T.A.P.)<o:p><\/o:p><\/font><\/span><\/i><\/b><\/p>\n<p><span lang=\"SV\"><font size=\"2\">qui a pour objectifs de\u00a0:<o:p><\/o:p><\/font><\/span><\/p>\n<p><font size=\"2\"><span lang=\"SV\">\u00b7<span>\u00a0\u00a0\u00a0\u00a0\u00a0\u00a0\u00a0 <\/span><\/span><span lang=\"SV\"><font size=\"2\">oeuvrer dans le sens d\u2019un moratoire sur les ex\u00e9cutions et de l\u2019abolition de la peine de mort en Tunisie et dans le monde<\/font>\u00a0;<o:p><\/o:p><\/span><\/font><\/p>\n<p><font size=\"2\"><span lang=\"SV\">\u00b7<span>\u00a0\u00a0\u00a0\u00a0\u00a0\u00a0\u00a0 <\/span><\/span><span lang=\"SV\"><font size=\"2\">sensibiliser l\u2019opinion publique nationale et internationale autour de l\u2019importance de l\u2019action en faveur de l\u2019abolition<\/font>\u00a0;<o:p><\/o:p><\/span><\/font><\/p>\n<p><font size=\"2\"><span lang=\"SV\">\u00b7<span>\u00a0\u00a0\u00a0\u00a0\u00a0\u00a0\u00a0 <\/span><\/span><span lang=\"SV\"><font size=\"2\">propager une culture abolitionniste en organisant des campagnes et des rencontres dans ce sens<\/font>\u00a0;<o:p><\/o:p><\/span><\/font><\/p>\n<p><font size=\"2\"><span>\u00b7<span>\u00a0\u00a0\u00a0\u00a0\u00a0\u00a0\u00a0 <\/span><\/span><span><font size=\"2\">apporter une assistance juridique, humanitaire, psychologique et sociale aux condamn\u00e9s \u00e0 mort<\/font>\u00a0;<o:p><\/o:p><\/span><\/font><\/p>\n<p><font size=\"2\"><span>\u00b7<span>\u00a0\u00a0\u00a0\u00a0\u00a0\u00a0\u00a0 <\/span><\/span><span><font size=\"2\">soutenir les familles des victimes des crimes\u00a0sur la base desquels la peine de mort est prononc\u00e9e<\/font>;<o:p><\/o:p><\/span><\/font><\/p>\n<p><font size=\"2\"><span lang=\"SV\">\u00b7<span>\u00a0\u00a0\u00a0\u00a0\u00a0\u00a0\u00a0 <\/span><\/span><span lang=\"SV\"><font size=\"2\">mener une r\u00e9flexion autour de la violence soci\u00e9tale et de la criminalit\u00e9 dans le sens de leur diminution dans notre soci\u00e9t\u00e9<\/font>\u00a0;<o:p><\/o:p><\/span><\/font><\/p>\n<p><font size=\"2\"><span>\u00b7<span>\u00a0\u00a0\u00a0\u00a0\u00a0\u00a0\u00a0 <\/span><\/span><\/font><span><font size=\"2\">r\u00e9fl\u00e9chir sur les peines de substitution et sur le r\u00f4le de l\u2019institution carc\u00e9rale (la prison<\/font><font size=\"2\">).<\/font><\/span><\/p>\n<p><\/font><span><font size=\"2\"><span>\u00a0<\/span><o:p><\/o:p><\/font><\/span><\/p>\n<p><span lang=\"FR\">L\u2019association s\u2019est dot\u00e9e d\u2019un bureau directeur compos\u00e9 des membres suivants\u00a0:<o:p><\/o:p><\/span><\/p>\n<p><span lang=\"FR\"><\/span><\/p>\n<div><font size=\"3\">1-<strong>Noura BORSALI<\/strong> (enseignante et collaboratrice \u00e0 un journal) : Pr\u00e9sidente<br \/>2- <strong>Ahmed KILANI<\/strong> (enseignant) : Vice-pr\u00e9sident<\/font><\/div>\n<div><font size=\"3\">3- <strong>N\u00e9ziha BOUDHIB<\/strong> (avocate) : Secr\u00e9taire g\u00e9n\u00e9rale<\/font><\/div>\n<div><font size=\"3\">4- <strong>Soufiene BEN HAMIDA<\/strong> (journaliste) : Tr\u00e9sorier<\/font><\/div>\n<div><font size=\"3\">5- <strong>Mouna MTIBAA<\/strong> (journaliste) : Membre responsable de l\u2019information et de l\u2019\u00e9dition<\/font><\/div>\n<div><font size=\"3\">6- <strong>Fay\u00e7al CHARRAD<\/strong> (universitaire) : Membre<\/font><\/div>\n<div><font size=\"3\">7- <strong>Monia El Abed<\/strong> (avocate) : Membre<\/font><\/div>\n<div><font size=\"3\">8- <strong>Ahmed MAAROUFI<\/strong> (universitaire) : Membre<\/font><\/div>\n<div><font size=\"3\">9- <strong>Tahar MESTIRI<\/strong> (m\u00e9decin) : Membre<\/font><\/div>\n<div><font size=\"3\">10- <strong>Najet YAACOUBI<\/strong> (avocate) : Membre<\/font><\/div>\n<div><font size=\"3\"><\/font>\u00a0<\/div>\n<div>\n<div>Les membres ont tenu \u00e0 respecter dans la composition de leur bureau le principe de la parit\u00e9 et dans son fonctionnement le principe de l\u2019alternance en se mettant d\u2019accord sur un mandat de deux ans pour le B.D. et sur l\u2019alternance au niveau des postes de la pr\u00e9sidence et du secr\u00e9tariat g\u00e9n\u00e9ral dont la dur\u00e9e est fix\u00e9e \u00e0 une seule ann\u00e9e dans le courant d\u2019un m\u00eame mandat. Aussi une redistribution de ces deux fonctions est-elle pr\u00e9vue tous les ans.<\/div>\n<div>\u00a0<\/div>\n<div>Pour tout contact : <a href=\"mailto:ataptunisie@yahoo.fr\">ataptunisie@yahoo.fr<\/a><\/div>\n<\/div>\n<p><\/font><\/font><\/font><\/td>\n<\/tr>\n<\/tbody>\n<\/table>\n<\/div>\n<div>\u00a0<\/div>\n<div>\n<table border=\"1\" width=\"100%\">\n<tbody>\n<tr>\n<td bgcolor=\"#bbe9ff\" width=\"100%\">\n<div align=\"center\"><font><strong><span lang=\"FR\"><o:p><u><font size=\"4\"><\/p>\n<p align=\"center\"><span>COMMENTAIRES A CHAUD DU 2\u00e9me d\u00e9bat sur TV7 sur les droits de l&rsquo;homme <\/span><\/p>\n<p><\/font><\/u><\/o:p><\/span><\/strong><\/font><\/div>\n<\/td>\n<\/tr>\n<tr>\n<td bgcolor=\"#efefef\" width=\"100%\"><font size=\"4\"><font size=\"2\"><font size=\"+0\"><font size=\"2\"><span lang=\"FR\"><font size=\"2\"><\/p>\n<p><font size=\"3\"><font size=\"2\"><b><span lang=\"FR\"><o:p><\/o:p><\/span><\/b><\/font><\/font><\/p>\n<p><font size=\"3\"><font size=\"2\"><\/p>\n<p><font face=\"Geneva, Arial, Sans-serif\"><\/font>\u00a0<span lang=\"FR\">\u00a0 <\/span><\/p>\n<p><span lang=\"FR-CH\">\u00a0<span><strong><\/p>\n<h5 style=\"color: blue;\"><font size=\"4\"><u>(EXTRAITS DES FORUMS DU CNLT ET DE PERSPECTIVES )<\/u><\/font><\/h5>\n<p><\/strong><\/span><\/span><\/p>\n<p><span><font size=\"2\">\u2026Je viens de voir les debats de ce soir sur TV7 sur les droits de l&rsquo;homme. <o:p><\/o:p><\/font><\/span><\/p>\n<p><span><o:p><font size=\"2\"><\/font><\/o:p><\/span><\/p>\n<p><span><font size=\"2\">&#8211; Mr Sadok Chaabane (gouvernement) a dit, au sujet de l&rsquo;inconstitutionalite des lois: \u00ab\u00a0Toutes nos lois sont saines: \u00ab\u00a0Qawaninouna salimatoun\u00a0\u00bb. <\/p>\n<p>&#8211; Mr Kraiem, LTDH, a ete superbe. <\/p>\n<p>&#8211; Mr Hatem Qotran, un juriste, a dit: <\/font><\/span><span><font size=\"2\">\u00ab\u00a0la justice Tunisienne est une ecole \u00ab\u00a0al qadha attounsi madrasatoun &lsquo;ariqah\u00a0\u00bb. <\/p>\n<p>&#8211; Mr Mohamed Bouchiha, Partie de l&rsquo;Unite Populaire (PUP) a dit textuellement, et c&rsquo;est vraiment choquant et incroyable: Il n&rsquo;y a pas de violations des driots de l&rsquo;homme en Tunisie, mais il y a des defauts \u00ab\u00a0laisa hunaka intihakoun lihouqouk al-insan, wa lakin hunaka naqaiss\u00a0\u00bb. <o:p><\/o:p><\/font><\/span><\/p>\n<p><span><font size=\"2\"><\/font><\/p>\n<p><font size=\"2\"><\/font><br \/><font size=\"2\">&#8211; Mme Mezzi: cette pauvre dame a parle sans rien dire, un exemple classique de l&rsquo;usage de la langue de bois. Elle avait la frousse,la pauvre! Jaurai bien voulu lui dire: Pourquoi, dans ton journal La Presse, tu n&rsquo;as pas parle de Sihem Ben Sedrine, De Mouaada, de Moncef Marzouki, de Maitre Dillou, des tortures, des humiliations dans les prisons! <\/font><\/p>\n<p><font size=\"2\"><\/font><\/p>\n<p><\/span><span><br \/><font size=\"2\">Ces d\u00e9bats sont quand meme mieux que rien, tres tres timides et circonspects, mais c&rsquo;est mieux que rien. Au moins le matin, comme a dit un des participants, les gens de la rue ne parlent pas de football.<span dir=\"rtl\"><\/span><span dir=\"rtl\" lang=\"AR-SA\"><span dir=\"rtl\"><\/span><o:p><\/o:p><\/span><\/font><\/span><\/p>\n<p><span dir=\"rtl\" lang=\"AR-SA\"><o:p><\/o:p><\/span><\/p>\n<p><span dir=\"ltr\"><\/span><span><span dir=\"ltr\"><\/span><font size=\"2\"><\/p>\n<hr\/>\n<p><span dir=\"rtl\"><\/span><span dir=\"rtl\" lang=\"AR-SA\"><span dir=\"rtl\"><\/span><o:p><\/o:p><\/span><\/font><\/span><\/p>\n<\/p>\n<p><span dir=\"ltr\"><\/span><span><u>\u00a0<\/u><\/span><font size=\"2\"><span><font size=\"2\">D\u00e9sormais, tout le monde saura que le citoyen a des droits qu&rsquo;il peut revendiquer. <\/font><\/span><span lang=\"SV\"><font size=\"2\">En soi c&rsquo;est un pas de g\u00e9ant<\/font>. <\/span><\/font><span><font size=\"2\">On oublie souvent que tous les tunisiens n&rsquo;ont pas acc\u00e8s \u00e0 une information \u00ab\u00a0lib\u00e9ratrice\u00a0\u00bb. <\/p>\n<p>Les r\u00e9ponses aux questions pos\u00e9es sont pauvres, mais aucune importance, ce sont les questions qui comptent et surtout le fait que le simple citoyen, \u00e9loign\u00e9 du monde de l&rsquo;information, r\u00e9alise qu&rsquo;il peut assumer les questions sur ses droits. Viendra alors le stade de la revendication pour que la th\u00e9orie soit appliqu\u00e9e, une fois les consciences sont bien r\u00e9veill\u00e9es.<span dir=\"rtl\"><\/span><span dir=\"rtl\" lang=\"AR-SA\"><span dir=\"rtl\"><\/span><o:p><\/o:p><\/span><\/font><\/span><\/p>\n<p><span dir=\"ltr\"><\/span><span lang=\"FR-CH\"><span dir=\"ltr\"><\/span><font size=\"2\"><\/font><\/span><\/p>\n<hr\/>\n<p><span lang=\"FR-CH\"><o:p><\/o:p><\/span><\/p>\n<p><font size=\"2\">\u2026Et puis avez-vous remarqu\u00e9 comment le juge Yahyaoui est redevenu \u00ab\u00a0le juge respectable, honn\u00eate et int\u00e8gre qu&rsquo;il a toujours connu\u00a0\u00bb? Et cette merveille : \u00ab\u00a0le fait qu&rsquo;un prisonnier ait eu les deux jambes coup\u00e9es \u00e0 cause de liens serr\u00e9s trop fort n&rsquo;est pas de la torture mais une n\u00e9gligence!!!\u00a0\u00bb. D\u00e9cid\u00e9ment, on en apprend du nouveau toujours avec vous, monsieur le ministre&#8230; <\/p>\n<p>Je me demande o\u00f9 est-ce-qu&rsquo;ils sont all\u00e9s p\u00eacher les participants \u00e0 ce d\u00e9bat, euh! pardon, cette d\u00e9b\u00e2cle&#8230;<\/font> <\/p>\n<p><span><u><\/p>\n<hr\/>\n<p><o:p><\/o:p><\/u><\/span><\/p>\n<\/p>\n<div>\n<p><span><font size=\"2\">A part la langue de bois a 180 degre de la realite.. Il a fini par dire que finalement les droits de l&rsquo;homme c&rsquo;est la responsabilite des associations non gouvernementales!! <\/p>\n<p>L\u00e0 il est correct, c&rsquo;est un d\u00e9fi peut etre, mais si le peuple ne peut pas le relever, il ne m\u00e9rite pas de respect. <\/p>\n<p>Bien sur aucun invit\u00e9 n&rsquo;a invoque le droit a l&rsquo;alternance et le respect de la constitution.<o:p><\/o:p><\/font><\/span><\/p>\n<\/div>\n<p><u><\/p>\n<hr\/>\n<p><\/u><\/p>\n<p><\/font><\/font><\/font><\/span><\/p>\n<p><span dir=\"rtl\"><\/span><span dir=\"rtl\" lang=\"AR-SA\"><span dir=\"rtl\"><\/span><o:p><\/o:p><\/span><\/p>\n<p>Les trois coups de gong ont sonn\u00e9 et le rideau se l\u00e8ve .<\/p>\n<p>Nous allons assister \u00e0 une pi\u00e8ce de th\u00e9athre pitoyable et grossi\u00e8re. Et contrairement aux usages th\u00e9atraux nous allons vous pr\u00e9senter les protagonistes de la pi\u00e8ce en d\u00e9but de spectacle:<\/p>\n<p><span>\u00b7<span>\u00a0\u00a0\u00a0\u00a0\u00a0\u00a0\u00a0 <\/span><\/span>Dans le role du <b><span>pr\u00e9sentateur<\/span><\/b> un monsieur loyal digne de la tel\u00e9vision sovi\u00e9tique des ann\u00e9es Brejnev ,transpirant ne sachant pas sur quel pied danser ,qui \u00e9lude des le d\u00e9part les questions essentielles , je vous assure que des pr\u00e9sentateurs comme \u00e7a on en fait plus meme \u00e0 la t\u00e9l\u00e9 Birmane.<\/p>\n<p><span>\u00b7<span>\u00a0\u00a0\u00a0\u00a0\u00a0\u00a0\u00a0 <\/span><\/span>Dans le role de l&rsquo;universitaire ,expert et consultant international ,un gentil professeur qui nous ass\u00e9ne des affirmations et des informations genre les lois Tunisiennes garantissent les droits de l&rsquo;homme ,la Tunisie est en tete des pays qui respectent les chartes internationales etc;; RABBI YIHDIK &#8230;. <\/p>\n<p><span>\u00b7<span>\u00a0\u00a0\u00a0\u00a0\u00a0\u00a0\u00a0 <\/span><\/span>Dans le role le role de l&rsquo;avocat du diable une eminente chercheuse en sociologie et un ersatz de jounaliste qui repr\u00e9sente l&rsquo;\u00e9minent organe de presse Stalinien ,La PRESSE, et dans lequel les r\u00e9dacteurs n&rsquo;ont meme pas le courage de signer leurs \u00e9ditoriaux. Cette plumeuse nous dit, sans ironie, qu&rsquo;elle est l\u00e0 pour poser les questions provocantes du style il faut renforcer les pouvoirs du tribunal administratif ..Subversive v\u00e0..(hilarit\u00e9 dans la salle)<\/p>\n<p><span lang=\"SV\">\u00b7<span>\u00a0\u00a0\u00a0\u00a0\u00a0\u00a0\u00a0 <\/span><\/span>Dans un petit role un acteur d\u00e9butant qui pr\u00e9tend d\u00e9fendre les droits de l&rsquo;homme et qui n&rsquo;\u00e9tait apparement l\u00e0 que pour donner la r\u00e9plique \u00e0 la vedette lequel le lui a bien rendu en lui prodigant plusieurs bravos (yatik essaha..) <span lang=\"SV\">Un role de valet est jou\u00e9 par un acteur ,bien en chair,mais je n&rsquo;ai pas bien compris son jeu. Ce monsieur a chuchot\u00e9 le nom de SIHEM BENSEDRINE..et de M Moada et ensuite il s&rsquo;est \u00e9vanoui.. <o:p><\/o:p><\/span><\/p>\n<p><span lang=\"SV\"><o:p><\/o:p><\/span><\/p>\n<p><span>\u00b7<span>\u00a0\u00a0\u00a0\u00a0\u00a0\u00a0\u00a0 <\/span><\/span>D&rsquo;autres comparses ont fait de courtes interventions en voix-off l&rsquo;un d&rsquo;eux a affirme qu&rsquo;il y avait plus de droits des citoyens en Tunisie qu&rsquo;en France en \u00e9voquant les bidonvilles de Cassis tout en oubliant que le journalistes de France info qui a r\u00e9v\u00e9l\u00e9 cette affaire a intutil\u00e9 son reportage \u00ab\u00a0les bidonvilles de la honte\u00a0\u00bb..Ce monsieur se plaint de ne pas pouvoir voter au \u00e9lections municipales en France &#8230;Mais la ficelle est trop grosse et ce monsieur devrait abondonner le theatre..<\/p>\n<p><span lang=\"SV\">\u00b7<span>\u00a0\u00a0\u00a0\u00a0\u00a0\u00a0\u00a0 <\/span><\/span>Le role principal est tenu par un acteur a la chevelure argent\u00e9\u00e9 qui excellait dans les mimiques &#8230;Monsieur le ministre Chaabane a essay\u00e9 de cacher le soleil avec un tamis quel talent &#8230;&#8230;&#8230; Il nous apprend que le juge Yahyaoui est un honnete homme alors que son coll\u00e8gue le ministre Maaoui se livre \u00e0 une campagne de d\u00e9nigrement et de calomnies contre ce juge&#8230;Il parle de maladresse \u00e0 propos d&rsquo;une affaire de torture juge\u00e9 et reconnue comme telle par les tribunaux Tunisiens &#8230;.Il parle de sa soeur (el okht) BENSEDRINE et du fr\u00e9re MOADA (el akh) alors qu&rsquo;ils croupissent dans les goeles de son propre gouvernement &#8230;&#8230;&#8230; <span lang=\"SV\">Il traite une militante des doits de l&rsquo;homme de HAJJALA etc&#8230;&#8230;<o:p><\/o:p><\/span><\/p>\n<p><span lang=\"SV\">\u00a0<o:p><\/o:p><\/span><\/p>\n<p><b><span lang=\"SV\"><span>\u00a0<\/span>Voil\u00e0 r\u00e9sum\u00e9e cette pi\u00e9ce pitoyable qui nous a ete joue\u00e9 par des acteurs m\u00e9diocres &#8230;Quel gachis et pauvre Tunisie.<\/span><\/b><\/p>\n<div><b><span lang=\"SV\"><\/p>\n<hr\/>\n<p><\/span><\/b><\/div>\n<div><span lang=\"SV\"><\/p>\n<table border=\"0\" cellpadding=\"0\" cellspacing=\"0\" width=\"100%\">\n<tbody>\n<tr>\n<td><strong><img decoding=\"async\" height=\"9\" src=\"http:\/\/site.voila.fr\/tunezine\/matta.gif\" width=\"16\"\/><\/p>\n<h5 style=\"color: blue;\"><font size=\"4\">Un scoop \u00e0 canette 7 : D. Mitterand est une hajjela (veuve)<\/font><\/h5>\n<p><\/strong><\/td>\n<\/tr>\n<tr>\n<td><\/p>\n<table align=\"left\" border=\"0\" cellpadding=\"0\" cellspacing=\"3\" width=\"200\">\n<tbody>\n<tr>\n<td align=\"middle\"><strong><img decoding=\"async\" height=\"122\" src=\"http:\/\/site.voila.fr\/tunezine\/lavedova.gif\" width=\"193\"\/><\/strong><\/td>\n<\/tr>\n<tr>\n<td><strong>La v\u00e9dova all\u00e9gra<\/strong><\/td>\n<\/tr>\n<\/tbody>\n<\/table>\n<p><font face=\"Arial\" size=\"2\">Qui l&rsquo;aurait cru : Danielle Mitterrand est veuve !!! C&rsquo;est le conseiller de ZABA qui est venu en personne nous annoncer et en premi\u00e8re mondiale que la veuve de Fran\u00e7ois Mitterrand est hajjela, quelle honte ! Qui pouvait imaginer \u00e7a de la femme d&rsquo;un ex pr\u00e9sident fran\u00e7ais? La police des airs et des fronti\u00e8res est d\u00e9sormais invit\u00e9e \u00e0 faire des contr\u00f4les plus stricts sur les vols en provenance de la France, c&rsquo;est tr\u00e8s dangereux une hajjela pour le moral des troupes en pleine campagne pr\u00e9sidentielle, les douaniers fautifs doivent payer cette n\u00e9gligence tr\u00e8s cher !!! Beaucoup de nos concitoyens ont eu un entretien en t\u00eate \u00e0 t\u00eate avec la hajjela fran\u00e7aise et le risque d&rsquo;une \u00e9pid\u00e9mie est tr\u00e8s \u00e9lev\u00e9, le minist\u00e8re de l&rsquo;int\u00e9rieur est invit\u00e9 d&rsquo;urgence \u00e0 isoler la population touch\u00e9e par ce fl\u00e9au virtuellement transmissible, la famille Marzouki a \u00e9t\u00e9 la premi\u00e8re a b\u00e9n\u00e9ficier de la bienveillance de ZABA en effet toutes leurs lignes t\u00e9l\u00e9phoniques ont \u00e9t\u00e9 coup\u00e9es pour exclure tout risque de contagion. Sihem ben Sedrine et Mohamed Mouadda l&rsquo;ont \u00e9chapp\u00e9 belle gr\u00e2ce \u00e0 la clairvoyance de notre ministre de la justice qui a refus\u00e9 la visite de la hajjela \u00e0 ces deux rescap\u00e9s de la soci\u00e9t\u00e9 civile. Le docteur Marzouki a \u00e9t\u00e9 emp\u00each\u00e9 de justesse de quitter le territoire pour se soigner en France son \u00e9tat est tr\u00e8s critique et l&rsquo;image de la Tunisie saine risquait d&rsquo;\u00eatre ternie \u00e0 jamais. Questionn\u00e9 sur les sources de son scoop inou\u00ef Sadok Ch\u00e2abene \u00e0 souligner que tous les conseillers du pr\u00e9sident avaient un doute m\u00eame avant que Danielle Mitterrand d\u00e9barque en Tunisie, car un bon conseiller de ZABA est avant tout un WELD HAJJELA SARF.<\/p>\n<p><\/font><\/p>\n<\/td>\n<\/tr>\n<tr>\n<td><font face=\"Arial\" size=\"2\">Hajjel eddine ech-chihi . Tunis, mardi 31 juillet 2001 .<\/font><\/td>\n<\/tr>\n<tr>\n<td><font face=\"Arial\" size=\"2\"><\/font><\/td>\n<\/tr>\n<\/tbody>\n<\/table>\n<p><\/span><\/div>\n<div><span lang=\"SV\"><a href=\"http:\/\/site.voila.fr\/tunezine\/index.html\" target=\"_blank\" rel=\"noopener\"><font size=\"5\">http:\/\/site.voila.fr\/tunezine\/index.html<\/font><\/a><\/span><\/div>\n<p><u><strong><\/p>\n<hr\/>\n<p>APF, le 1er Aout 2001 \u00e0 15h48\u00a0\u00a0<\/strong><\/u> <\/p>\n<\/p>\n<p>\u00a0<strong><font size=\"4\">Apr\u00e8s la d\u00e9mocratie, la TV tunisienne brise le tabou des droits de l&rsquo;Homme\u00a0<br \/><\/font><\/strong>\u00a0\u00a0<br \/>\u00a0\u00a0 <font face=\"Geneva, Arial, Sans-serif\">TUNIS (AP) &#8212; Deux semaines apr\u00e8s avoir ouvert le dossier de la d\u00e9mocratie, la t\u00e9l\u00e9vision publique tunisienne a bris\u00e9 un autre tabou mardi soir en abordant pour la premi\u00e8re fois celui des droits de l&rsquo;Homme qui est au centre de l&rsquo;actualit\u00e9 en Tunisie depuis plusieurs mois. <br \/>\u00a0\u00a0 Les participants du d\u00e9bat de plus de deux heures sur TV7 n&rsquo;ont toutefois pas \u00e9t\u00e9 jusqu&rsquo;\u00e0 \u00e9voquer certains dossiers chauds comme celui de la journaliste et militante des droits de l&rsquo;Homme, Sihem Ben S\u00e9drine, et de l&rsquo;opposant Mohamed Mouada, tous deux en d\u00e9tention, ainsi que l&rsquo;affaire du juge \u00ab\u00a0rebelle\u00a0\u00bb Mokhtar Yahaoui, qui ont \u00e9t\u00e9 pass\u00e9s sous silence ou presque. <br \/>\u00a0\u00a0 Tout de m\u00eame, ce d\u00e9bat a suscit\u00e9 d&rsquo;autant plus d&rsquo;engouement aupr\u00e8s des Tunisiens qu&rsquo;il intervient apr\u00e8s la pol\u00e9mique soulev\u00e9e notamment par les prises de position du Parti socialiste fran\u00e7ais et de l&rsquo;organisation Reporters sans fronti\u00e8res (RSF) jug\u00e9es \u00ab\u00a0inacceptables\u00a0\u00bb par Tunis qui les consid\u00e8rent comme des \u00ab\u00a0ing\u00e9rences\u00a0\u00bb relevant d&rsquo;une \u00ab\u00a0\u00e9poque r\u00e9volue\u00a0\u00bb. <br \/>\u00a0\u00a0 Les articles, publi\u00e9s r\u00e9guli\u00e8rement par certains m\u00e9dias fran\u00e7ais, en particulier \u00ab\u00a0Le Monde\u00a0\u00bb, ont ajout\u00e9 un grain de sel \u00e0 cette pol\u00e9mique, d&rsquo;autant que les responsables du quotidien parisien ont refus\u00e9 \u00e0 deux reprises ces derniers jours d&rsquo;accorder un droit de r\u00e9ponse au ministre tunisien des Droits de l&rsquo;Homme et de la Communication. A d\u00e9faut, Slaheddine Maaoui a d\u00fb se contenter de faire publier ses r\u00e9pliques dans la presse locale. <br \/>\u00a0\u00a0 De m\u00eame, la mission effectu\u00e9e la semaine derni\u00e8re en Tunisie par Danielle Mitterrand pour rencontrer des repr\u00e9sentants de la soci\u00e9t\u00e9 civile n&rsquo;a pas l&rsquo;air d&rsquo;avoir \u00e9t\u00e9 appr\u00e9ci\u00e9e. Les participants, toutes tendances confondues, ont sembl\u00e9 m\u00eame choqu\u00e9s par la d\u00e9claration faite par la pr\u00e9sidente de la fondation France-Libert\u00e9s selon laquelle elle \u00e9tait venue \u00e0 Tunis pour porter \u00ab\u00a0assistance \u00e0 personne en danger\u00a0\u00bb. <br \/>\u00a0\u00a0 \u00ab\u00a0Mme Mitterrand aurait plut\u00f4t int\u00e9r\u00eat \u00e0 s&rsquo;occuper des agissements de son fils qui fait du trafic d&rsquo;armes en Afrique\u00a0\u00bb, a lanc\u00e9, agac\u00e9, le secr\u00e9taire g\u00e9n\u00e9ral de l&rsquo;une des principales formations d&rsquo;opposition, le Parti de l&rsquo;unit\u00e9 populaire (PUP), Mohamed Bouchiha. <br \/>\u00a0\u00a0 Encore une fois, le d\u00e9bat t\u00e9l\u00e9vis\u00e9 a commenc\u00e9 par ce que d&rsquo;aucuns ont consid\u00e9r\u00e9 comme une \u00ab\u00a0fausse note\u00a0\u00bb. L&rsquo;animateur Abdemalek Berrabah a d&#8217;embl\u00e9e donn\u00e9 lecture d&rsquo;un message de protestation qui lui a \u00e9t\u00e9 adress\u00e9 par le pr\u00e9sident de la Ligue tunisienne des droits de l&rsquo;Homme (LTDH), Mokhtar Trifi, pour n&rsquo;avoir pas invit\u00e9 un repr\u00e9sentant de la direction de la LTDH. <br \/>\u00a0\u00a0 Pour le ministre de l&rsquo;Enseignement sup\u00e9rieur, Sadok Chaabane, l&rsquo;actuel comit\u00e9 de la LTDH n&rsquo;a pas de qualit\u00e9 l\u00e9gale en vertu du jugement rendu derni\u00e8rement par la cour d&rsquo;appel de Tunis le chargeant uniquement d&rsquo;organiser un nouveau congr\u00e8s apr\u00e8s l&rsquo;annulation des assises d&rsquo;octobre 2000 contest\u00e9es par quatre membres de la Ligue. Ces assises avaient \u00e9t\u00e9 marqu\u00e9es par l&rsquo;\u00e9lection <br \/>d&rsquo;une direction hostile au r\u00e9gime tunisien. <br \/>\u00a0\u00a0 Tout en d\u00e9plorant \u00ab\u00a0certains abus et entraves\u00a0\u00bb en mati\u00e8re de droits de l&rsquo;Homme, les participants au d\u00e9bat t\u00e9l\u00e9vis\u00e9 ont \u00e9t\u00e9 d&rsquo;avis que la Tunisie est \u00ab\u00a0sur la bonne voie\u00a0\u00bb et que pour surmonter les probl\u00e8mes en suspens, il importe d&rsquo;engager un dialogue tuniso-tunisien. <br \/>\u00a0\u00a0 \u00ab\u00a0La Tunisie vit un moment d\u00e9cisif dans ce domaine qui exige du pouvoir de traiter et de composer avec la soci\u00e9t\u00e9 civile\u00a0\u00bb, a sugg\u00e9r\u00e9 M. Bouchiha qui a joint sa voix \u00e0 la journaliste Faouzia Mezzi et \u00e0 l&rsquo;universitaire Hatem Kotrane pour souligner l&rsquo;importance que rev\u00eat \u00ab\u00a0une presse libre\u00a0\u00bb dans la d\u00e9fense des droits de l&rsquo;Homme. <\/font><\/p>\n<p><u><em>Associated Press <\/em><\/u><\/p>\n<div><o:p><\/p>\n<hr\/>\n<p><\/o:p><\/div>\n<div><o:p><em><u><\/u><\/em><\/o:p>\u00a0<\/div>\n<div><o:p><strong><u><font size=\"5\">ET VOICI ENFIN LA DESCRPTION OFFICIELLE&#8230;<\/font><\/u><\/strong><br \/><\/o:p><\/div>\n<table bgcolor=\"white\" border=\"0\" cellspacing=\"8\" height=\"72\" width=\"100%\">\n<tbody>\n<tr>\n<td height=\"2\" valign=\"top\">\n<p align=\"center\"><font face=\"Geneva, Arial, Sans-serif\" size=\"4\"><strong>D\u00e9bat t\u00e9l\u00e9vis\u00e9 en direct sur les droits de l&rsquo;Homme en Tunisie<\/strong><\/font><\/p>\n<p><font face=\"Geneva, Arial, Sans-serif\"><font size=\"2\"><i><font>01\/08\/2001&#8211; (Nouvelles de Tunisie)<\/font><\/i><font> Un d\u00e9bat t\u00e9l\u00e9vis\u00e9 sur les droits de l&rsquo;Homme en Tunisie a \u00e9t\u00e9 diffus\u00e9 mardi soir en direct par la t\u00e9l\u00e9vision satellitaire tunisienne (Tunis 7).<\/font><\/font><\/font><\/p>\n<p><font face=\"Geneva, Arial, Sans-serif\" size=\"2\">Premier de son genre sur la question, ce d\u00e9bat a \u00e9t\u00e9 anim\u00e9 par le ministre de l&rsquo;Enseignement sup\u00e9rieur, M. Sadok Cha\u00e2bane, le Secr\u00e9taire g\u00e9n\u00e9ral du parti de l&rsquo;Unit\u00e9 populaire (opposition), M. Mohamed Bouchiha, un ex- vice-pr\u00e9sident de la Ligue tunisienne des Droits de l&rsquo;Homme, M. Abderrahmane Kra\u00efm, un \u00e9minent universitaire, Dr. Hatem Kotrane, et une journaliste repr\u00e9sentant l&rsquo;Association des journalistes tunisiens, Mme Faouzia Mezzi. Diffus\u00e9 en direct, avec les lignes t\u00e9l\u00e9phoniques ouvertes, ce d\u00e9bat s&rsquo;est distingu\u00e9 par la diversit\u00e9 des points de vue quant \u00e0 l&rsquo;approche de la question des droits de l&rsquo;Homme aussi bien sur le plan national qu&rsquo;international.<\/font><\/p>\n<p><font face=\"Geneva, Arial, Sans-serif\" size=\"2\">Il s&rsquo;est aussi distingu\u00e9 par le souci de traiter cette question dans sons sens le plus complet ainsi que par la franchise des interventions, ce qui a permis d&rsquo;exprimer des opinions souvent contradictoires. Les intervenants ont surtout insist\u00e9 sur la n\u00e9cessit\u00e9 que le d\u00e9bat sur les droits de l&rsquo;Homme \u00e9volue sans aucune limite que celles impos\u00e9es par la loi, mais n\u00e9cessairement dans un cadre purement tunisien o\u00f9 il ne peut \u00eatre question d&rsquo;intervention \u00e9trang\u00e8re de quelque ordre que ce soit..<\/font><\/p>\n<p><font size=\"4\"><font face=\"Geneva, Arial, Sans-serif\"><font size=\"2\">Tr\u00e8s anim\u00e9, ce d\u00e9bat, qui fait suite \u00e0 celui diffus\u00e9 il y&rsquo;a environ deux semaines par \u00ab\u00a0Tunis7\u00a0\u00bb sur le th\u00e8me de \u00ab\u00a0la d\u00e9mocratie entre la th\u00e9orie et la pratique\u00a0\u00bb, a adopt\u00e9 la m\u00eame d\u00e9marche et r\u00e9alis\u00e9 aupr\u00e8s des t\u00e9l\u00e9spectateurs tunisiens le m\u00eame succ\u00e8s. Si le premier d\u00e9bat a \u00e9t\u00e9 qualifi\u00e9 par les commentateurs de \u00ab\u00a0tournant dans la pratique journalistique\u00a0\u00bb en Tunisie, les premi\u00e8res impressions sur ce second d\u00e9bat parlent de \u00a0\u00bb consolidation d&rsquo;un vrai changement \u00a0\u00bb dans cette pratique. Les programmes de \u00ab\u00a0Tunis7\u00a0\u00bb peuvent \u00eatre suivis sur satellite (Arabsat et Eutelsat) et sur internet (www.tunisiatv.com).<\/font> <\/font><\/font><\/p>\n<\/td>\n<\/tr>\n<\/tbody>\n<\/table>\n<p align=\"left\"><font face=\"Arial, Helvetica\" size=\"1\"><strong>SOURCE: <\/strong><a href=\"http:\/\/www.INFOTUNISIE.COM\" target=\"_blank\" rel=\"noopener\"><strong>WWW.INFOTUNISIE.COM<\/strong><\/a><\/font><\/p>\n<p><\/font><\/font><\/font><\/font><\/td>\n<\/tr>\n<\/tbody>\n<\/table>\n<\/div>\n<div>\n<table border=\"1\" width=\"100%\">\n<tbody>\n<tr>\n<td bgcolor=\"#bbe9ff\" width=\"100%\">\n<div align=\"center\"><font><strong><span lang=\"FR\"><o:p><u><font size=\"4\"><\/p>\n<p align=\"center\"><b><span lang=\"FR\"><o:p><\/o:p><\/span><\/b><font size=\"5\">Un jeune tunisien raconte \u00e0 TUNISNEWS ses d\u00e9boires avec le PC familial..<\/font>\u00a0<\/p>\n<p><\/font><\/u><\/o:p><\/span><\/strong><\/font><\/div>\n<\/td>\n<\/tr>\n<tr>\n<td bgcolor=\"#efefef\" width=\"100%\"><font size=\"4\"><font size=\"2\"><font size=\"+0\"><font size=\"2\"><span lang=\"FR\"><font size=\"2\"><\/p>\n<p><font size=\"3\"><font size=\"2\"><b><span lang=\"FR\"><o:p><\/o:p><\/span><\/b><\/font><\/font><\/p>\n<p><font size=\"3\"><font size=\"2\"><\/p>\n<p><font face=\"Geneva, Arial, Sans-serif\"><\/font>\u00a0<span lang=\"FR\">\u00a0<br \/><font face=\"Comic Sans MS\"><em><strong>\u00a0\u00a0\u00a0\u00a0 <font><font size=\"4\">Salut pour tous les tunisiens<\/font> <\/p>\n<p><\/font><\/strong><\/em>Je suis un \u00e9tudiant tunisien , le probl\u00e8me que je veux le proposer concerne le PC familial , pour la plupart des PC la carte fax-modem ne fonctionne pas, j&rsquo;ai un copain qui travaille chez l&rsquo;un des fournisseurs de ces PC (plus r\u00e9cisament la soci\u00e9t\u00e9 S.A.M.I. et il m&rsquo;a dit que pour plus que 50% les cartes fax-modem ne fonctionnent pas , moi aussi j&rsquo;ai trouv\u00e9 ce probl\u00e8me et ils ne veulent pas me la remplacer suivant la garantie et je me suis oblig\u00e9 de payer 80 DT pour acheter une nouvelle carte<\/font>. <\/p>\n<p><font>\u00a0\u00a0\u00a0\u00a0\u00a0\u00a0\u00a0\u00a0\u00a0\u00a0\u00a0\u00a0\u00a0\u00a0\u00a0\u00a0\u00a0\u00a0\u00a0\u00a0\u00a0\u00a0\u00a0\u00a0\u00a0\u00a0\u00a0\u00a0\u00a0\u00a0\u00a0\u00a0\u00a0\u00a0\u00a0\u00a0\u00a0\u00a0\u00a0\u00a0\u00a0\u00a0\u00a0\u00a0\u00a0\u00a0\u00a0 Merci pour votre effort <\/p>\n<p><\/font><font>\u00a0\u00a0\u00a0\u00a0\u00a0\u00a0\u00a0\u00a0\u00a0\u00a0\u00a0\u00a0\u00a0\u00a0\u00a0\u00a0\u00a0\u00a0\u00a0\u00a0\u00a0\u00a0\u00a0\u00a0\u00a0\u00a0\u00a0\u00a0\u00a0\u00a0\u00a0\u00a0\u00a0\u00a0\u00a0\u00a0\u00a0\u00a0\u00a0\u00a0\u00a0\u00a0\u00a0\u00a0\u00a0\u00a0\u00a0\u00a0\u00a0\u00a0\u00a0\u00a0\u00a0\u00a0\u00a0\u00a0\u00a0\u00a0\u00a0\u00a0\u00a0\u00a0\u00a0\u00a0\u00a0\u00a0\u00a0\u00a0 Au revoir<\/font><\/span><\/p>\n<p><font><\/font><o:p><font size=\"4\"><strong>Super Inconnu<\/strong><\/font> <\/o:p><\/p>\n<p><\/font><\/font><\/font><\/span><\/font><\/font><\/font><\/font><\/td>\n<\/tr>\n<\/tbody>\n<\/table>\n<\/div>\n<div>\u00a0<\/div>\n<div>\n<table border=\"1\" width=\"100%\">\n<tbody>\n<tr>\n<td bgcolor=\"#bbe9ff\" width=\"100%\">\n<div align=\"center\"><font><strong><span lang=\"FR\"><o:p><u><font size=\"4\"><\/p>\n<p align=\"center\"><b><span lang=\"FR\"><o:p><\/o:p><\/span><\/b><font>LE JOURNAL BELGE \u00a0\u00bb libre belgique\u00a0\u00bb reprend une partie de l&rsquo;article terrible \u00e9crit par le Dr. Moncef Marzouki sur le calvaire de dizaines de milliers de tunisiens depuis plus de dix ans.<\/font><\/p>\n<p align=\"center\"><font>\u00a0Belle initiative.<\/font><\/p>\n<p><\/font><\/u><\/o:p><\/span><\/strong><\/font><\/div>\n<\/td>\n<\/tr>\n<tr>\n<td bgcolor=\"#efefef\" width=\"100%\"><font size=\"4\"><font size=\"2\"><font size=\"+0\"><font size=\"2\"><span lang=\"FR\"><font size=\"2\"><font size=\"3\"><font size=\"2\"><font size=\"3\"><font size=\"2\"><\/p>\n<p><span lang=\"FR\"><span lang=\"FR\"><a href=\"http:\/\/www.lalibre.be\/article.phtml?id=11&amp;subid=118&amp;art_id=31136\" target=\"_blank\" rel=\"noopener\"><font size=\"3\">http:\/\/www.lalibre.be\/article.phtml?id=11&amp;subid=118&amp;art_id=31136<\/font><\/a><\/span><span lang=\"FR\"><o:p><\/o:p><\/span><\/span><\/p>\n<p><span lang=\"FR\"><\/span><\/p>\n<p><span>OPINION<\/span><\/p>\n<p><span>Les anonymes<\/span><br \/><span>PAR MONCEF MARZOUKI<\/span><\/p>\n<p><span>Mis en ligne le\u00a031\/07\/2001<br \/>&#8211;\u00a0&#8211;\u00a0&#8211;\u00a0&#8211;\u00a0&#8211;\u00a0&#8211;\u00a0&#8211;\u00a0&#8211;\u00a0&#8211;\u00a0&#8211;\u00a0&#8211;\u00a0<br \/><\/span><\/p>\n<p><span><\/p>\n<table align=\"left\" border=\"0\" cellpadding=\"2\" cellspacing=\"0\">\n<tbody>\n<tr>\n<td><img loading=\"lazy\" decoding=\"async\" alt=\"\" border=\"0\" height=\"147\" src=\"http:\/\/www.lalibre.be\/pict_articles\/pict_8565.jpg\" width=\"200\"\/><\/td>\n<\/tr>\n<tr>\n<td>Denis Deprez<\/td>\n<\/tr>\n<\/tbody>\n<\/table>\n<p><b>OPINION<\/b><\/p>\n<p>Depuis des lustres je d\u00e9fends l&rsquo;id\u00e9e que ce sont les anonymes qui sont les v\u00e9ritables h\u00e9ros.<\/p>\n<p>Il ne s&rsquo;agit pas l\u00e0 d&rsquo;une coquetterie intellectuelle d&rsquo;un homme qui ne l&rsquo;est pas, mais d&rsquo;une conviction n\u00e9e d&rsquo;une double observation.<\/p>\n<p>D&rsquo;abord, les soi-disant h\u00e9ros qui organisent la construction de leur image m\u00e9diatique, comme d&rsquo;autres font le commerce des \u00e9pices, sont souvent tr\u00e8s d\u00e9cevants vus de pr\u00e8s.<\/p>\n<p>Ensuite, la v\u00e9ritable vague sur laquelle \u00absurfe\u00bb les soi-disant h\u00e9ros, est faite de ces anonymes sans lesquels ils ne sont rien&#8230; Au mieux les \u00abh\u00e9ros\u00bb ne sont que des anonymes qui ont r\u00e9ussi. Hormis la chance, la diff\u00e9rence comme disent les statisticiens n&rsquo;est pas significative.<\/p>\n<p>Et c&rsquo;est justement de l&rsquo;un de ces anonymes que je voudrais vous parler car j&rsquo;y ai vu toutes les caract\u00e9ristiques de l&rsquo;esp\u00e8ce.<\/p>\n<p>Il a un nom qui ne vous dit rien et pour cause: c&rsquo;est un anonyme.<\/p>\n<p>Alors apprenez-le par coeur et r\u00e9p\u00e9tez-le autour de vous, juste le temps de lui faire plaisir. Il a droit lui aussi \u00e0 \u00eatre connu et reconnu.<\/p>\n<p>Il s&rsquo;appelle Abdessalem Smiri. Comme tous les anonymes, il est au bas de l&rsquo;\u00e9chelle socioprofessionnelle. Il est tourneur, sachant \u00e0 peine lire, et vit dans un patelin au nord de Tunis au nom ridicule \u00abEzzahra\u00bb.<\/p>\n<p>Je dis ridicule car il n&rsquo;y a pas beaucoup de fleurs dans cette bourgade dont le nom en fran\u00e7ais donnerait \u00abla fleurie\u00bb.<\/p>\n<p>Notre anonyme en question vit donc dans une maison ou plut\u00f4t une masure anonyme au fond d&rsquo;une ruelle poussi\u00e9reuse qui, cela va sans dire, ne porte pas de plaque lui conf\u00e9rant un nom.<\/p>\n<p>Je le trouve couch\u00e9 par terre sur une couverture rapi\u00e9c\u00e9e et ce sera le seul meuble dans le d\u00e9cor, car voyez-vous les anonymes, les vrais, les durs, les purs, sont souvent TR\u00c8S pauvres.<\/p>\n<p>En g\u00e9n\u00e9ral, ce genre d&rsquo;\u00eatres, sous d&rsquo;autres cieux, et m\u00eame chez nous ne mange pas \u00e0 sa faim, mais celui-ci ne mange pas du tout.<\/p>\n<p>Il est en gr\u00e8ve de la faim depuis une semaine (*). Aujourd&rsquo;hui, c&rsquo;est la tourn\u00e9e des gr\u00e9vistes de la faim. C&rsquo;est pas plus amusant que la tourn\u00e9e des prisons ou des tribunaux, mais c&rsquo;est tout aussi instructif sur la face cach\u00e9e de la Tunisie.<\/p>\n<p>L&rsquo;homme n&rsquo;a pas du tout l&rsquo;air bien. Comment un tel vieillard peut-il tenir depuis une semaine?<\/p>\n<p>Je demande \u00e0 \u00abSi\u00bb (monsieur) Abdessalem son \u00e2ge. Sa r\u00e9ponse me glace le sang. Le \u00abvieillard\u00bb s&rsquo;av\u00e8re plus jeune que moi. Il a \u00e0 peine cinquante ans. Je cligne des yeux, incr\u00e9dule. Il en para\u00eet au moins soixante-dix.<\/p>\n<p>Ici, on fait intervenir dans la description de l&rsquo;anonyme le flot de souffrances dont personne, bien entendu, n&rsquo;a jamais entendu parler et qui ont blanchi la barbe et la crini\u00e8re, vo\u00fbt\u00e9 le dos, et trac\u00e9 sur le visage ces rides si profondes qu&rsquo;on les prendrait pour des balafres.<\/p>\n<p>Arrestation selon le sc\u00e9nario qu&rsquo;affectionne la dictature. Des Super flics sur le toit, mitraillette au poing, le village boucl\u00e9, l&rsquo;interruption brutale dans la masure, les injures, les bousculades, la fouille (avec le grand classique du matelas d\u00e9coup\u00e9 au couteau).<\/p>\n<p>Il aurait suffi, me dit-il, d&rsquo;une convocation. Eh oui mon vieux, mais comment se seraient-ils fait plaisir, les anonymes se mettant en spectacle et admirant leur propre jeu.<\/p>\n<p>Donc arrestation, donc torture, donc condamnation \u00e0 huit ans de prison sur une pr\u00e9somption de collusion avec les islamistes.<\/p>\n<p>Mon compagnon de visite, islamiste et fier de l&rsquo;\u00eatre me dit accabl\u00e9: huit ans pour rien. L&rsquo;homme n&rsquo;\u00e9tait pas des n\u00f4tres. Il sait de quoi il parle parce que Lassa Jouhri emprisonn\u00e9 des ann\u00e9es, devenu handicap\u00e9 par la torture a \u00e9t\u00e9 jug\u00e9 avec lui dans la m\u00eame affaire.<\/p>\n<p>Les anonymes sont d&rsquo;excellentes victimes expiatoires et le menu fretin a toujours constitu\u00e9 le terrain de pr\u00e9dilection pour ce qu&rsquo;on appelle sous d&rsquo;autres cieux les erreurs judiciaires.<\/p>\n<p>L&rsquo;homme parle de ces ann\u00e9es d&rsquo;horreur avec des yeux embu\u00e9s. Un d\u00e9tail me frappe.- Sous la torture, ils m&rsquo;ont cass\u00e9 le bras droit. Ils ont fini par m&#8217;emmener \u00e0 l&rsquo;h\u00f4pital. Le gardien m&rsquo;a mis les menottes sur mon bras cass\u00e9. Je l&rsquo;ai suppli\u00e9 de me les mettre sur le bras gauche. Il a refus\u00e9. Je hurlais de douleur.<\/p>\n<p>Je \u00abvois\u00bb: de l&rsquo;acier froid et tr\u00e8s serr\u00e9 sur de l&rsquo;oed\u00e8me.<\/p>\n<p>Passons.<\/p>\n<p>Finissent enfin huit ann\u00e9es de cauchemar dans l&rsquo;un des syst\u00e8mes p\u00e9nitentiaires les plus odieux de la plan\u00e8te, pourtant riche en lieux d&rsquo;horreur et d&rsquo;abjection.- Je sors pour qu&rsquo;un autre cauchemar commence. Je retrouve mon travail de tourneur. La police s&rsquo;en m\u00eale. Mon patron me chasse sans explication.<\/p>\n<p>J&rsquo;essaie d&rsquo;ouvrir un garage de r\u00e9paration de bicyclettes. La police s&rsquo;en m\u00eale et le propri\u00e9taire annule la location.<\/p>\n<p>Les enfants n&rsquo;allaient plus \u00e0 l&rsquo;\u00e9cole depuis longtemps.<\/p>\n<p>Le petit dernier n&rsquo;arr\u00eatait pas de d\u00e9ambuler dans les vergers se parlant tout seul. Maintenant cela va un peu mieux, mais j&rsquo;ai eu peur qu&rsquo;il me devienne fou.<\/p>\n<p>Ma femme, malade, s&rsquo;en va chercher du travail tous les matins chez les mara\u00eechers du coin. Elle trime du matin au soir pour cinq dinars la journ\u00e9e. Elle revient, accabl\u00e9e de fatigue le soir, pour s&rsquo;occuper du d\u00eener et des trois enfants. Comment allons nous manger si elle tombe malade? Nous n&rsquo;avons pas droit au carnet de soins gratuits qui n&rsquo;est donn\u00e9 qu&rsquo;aux gens du parti.<\/p>\n<p>Comment ach\u00e8terions-nous les m\u00e9dicaments alors que nous n&rsquo;avons \u00e0 peine de quoi manger?<\/p>\n<p>J&rsquo;ai souvent r\u00e9fl\u00e9chi \u00e0 la tactique du pouvoir avec les anciens prisonniers politiques. En sortant de prison, ils ne doivent ni travailler, ni sortir du pays pour chercher du travail, ni recevoir aucune aide selon la r\u00e8gle que tout le monde conna\u00eet \u00abcinq = cinq\u00bb. Un don de cinq dinars f\u00fbt-ce \u00e0 un proche entra\u00eene cinq ann\u00e9es de prison. Une partie des prisonniers politiques sont les victimes du \u00abcinq = cinq\u00bb.<\/p>\n<p>Au d\u00e9part, je mettais cela sur le compte d&rsquo;une haine sans borne et d&rsquo;une \u00e9paisse stupidit\u00e9. Comment condamner des milliers de familles \u00e0 la faim, des femmes \u00e0 la prostitution sans pousser les gens \u00e0 la r\u00e9volte? Puis j&rsquo;ai compris que tel \u00e9tait justement l&rsquo;objectif.<\/p>\n<p>Ainsi on pourrait justifier a posteriori toutes les horreurs de la d\u00e9cennie noire et justifier le maintien de la machine r\u00e9pressive, au ch\u00f4mage depuis des ann\u00e9es, et dont les pi\u00e8ces commencent \u00e0 rouiller s\u00e9rieusement. Le g\u00e9nie de notre peuple a \u00e9t\u00e9 justement d&rsquo;opposer au terrorisme de l&rsquo;Etat une r\u00e9sistance pacifique, ou des hommes et des femmes ont brandi des principes contre des int\u00e9r\u00eats, la non-violence contre la brutalit\u00e9, l&rsquo;intelligence face la b\u00eatise&#8230; la responsabilit\u00e9 face \u00e0 la plus criminelle des irresponsabilit\u00e9s que peut commettre un pouvoir: pousser ses propres administr\u00e9s \u00e0 la violence.- Je ne demande rien d&rsquo;autre que d&rsquo;\u00eatre trait\u00e9 comme un humain. Je veux retrouver mon travail de tourneur, faire vivre ma famille, est-ce trop demander?<\/p>\n<p>Cet homme meurtri dans sa chair et son \u00e2me, depuis tant d&rsquo;ann\u00e9es, qui n&rsquo;a pour r\u00e9clamer ses droits que cette d\u00e9risoire gr\u00e8ve de la faim est le symbole anonyme de ce refus calme et patient du r\u00e8gne de la force et de la brutalit\u00e9.<\/p>\n<p>Je songe un instant au principe sur lequel fonctionne cette g\u00e9niale invention qu&rsquo;est la gr\u00e8ve de la faim.- Moi homme, je m&rsquo;adresse \u00e0 toi, qui sous ta carapace de col\u00e8re, de peur et d&rsquo;ignorance, restes mon semblable et mon fr\u00e8re, pour te demander de mettre fin \u00e0 mes tourments. Je subodore que toi non plus, car comme moi enfant n\u00e9 d&rsquo;une femme et d&rsquo;une m\u00e8re, tu n&rsquo;es ni heureux ni fier de tout cela. Alors rencontrons-nous et faisons la paix.<\/p>\n<p>Quelle chance un tel message, a-t-il de parvenir \u00e0 ses destinataires?<\/p>\n<p>Tout d\u00e9pend de l&rsquo;\u00e9paisseur de la couche de cynisme, de col\u00e8re, de peur et d&rsquo;ignorance pour parvenir \u00e0 cette \u00e9tincelle du divin enfouie en chacun d&rsquo;entre nous.<\/p>\n<p>La nappe est \u00e0 ciel ouvert ou \u00e0 quelques pas sous vos pieds chez les uns.<\/p>\n<p>Creusez, creusez, ce n&rsquo;est qu&rsquo;une question de profondeur chez les serial-killer.<\/p>\n<p>Des fois le miracle se produit. Bourreaux et victimes tombent dans les bras les uns des autres et la vall\u00e9e de larmes devient l&rsquo;espace d&rsquo;un instant la vall\u00e9e des sourires.<\/p>\n<p>Mais certaines \u00e2mes sont enfouies sous une couche si \u00e9paisse que le \u00absignal\u00bb rebondit comme une balle de caoutchouc sur une plaque de ciment.<\/p>\n<p>Nous sommes pour l&rsquo;instant dans ce cas de figure. Point de miracle, mais la sordide r\u00e9alit\u00e9.<\/p>\n<p>Je suis comme satur\u00e9 de toute cette souffrance.<\/p>\n<p>D\u00e9j\u00e0, dans la voiture, j&rsquo;avais demand\u00e9 \u00e0 Jouhri de parler d&rsquo;autre chose que du commerce des mignons dans les prisons.<\/p>\n<p>D\u00e9j\u00e0, j&rsquo;avais demand\u00e9 chez H\u00e9di Bjaoui de parler des enfants et de leurs r\u00e9sultats d&rsquo;examens pour oublier qu&rsquo;on \u00e9tait au trente-quatri\u00e8me jour de sa gr\u00e8ve.- En prison, on refusait de nous communiquer les carnets de note.<\/p>\n<p>Les gardiens \u00e9taient jaloux des r\u00e9sultats de nos enfants. C&rsquo;est bien connu que les enfants des prisonniers politiques sont les \u00e9l\u00e8ves les plus brillants par un m\u00e9canisme psychologique simple \u00e0 imaginer. Mais c&rsquo;est toujours de prison qu&rsquo;on parle.<\/p>\n<p>Comment fuir cette maudite r\u00e9pression ne fut-ce qu&rsquo;un instant?<\/p>\n<p>Je tire la longue tresse de la petite assise \u00e0 c\u00f4t\u00e9 de moi.- Mes filles se sont coup\u00e9 nattes et queues parce que je les tirais toujours, et toi ton p\u00e8re, te tire-t-il les cheveux?<\/p>\n<p>Jouhri intervient:- Dites-lui qu&rsquo;il n&rsquo;est pas question de participer \u00e0 la gr\u00e8ve de la faim de son p\u00e8re&#8230;<\/p>\n<p>Rien \u00e0 faire, il n&rsquo;y a nul endroit o\u00f9 fuir.<\/p>\n<p>En sortant de chez le \u00abvieux\u00bb Abdessalem, Jouhri me dit.- Dites-lui qu&rsquo;il n&rsquo;est pas question qu&rsquo;elle participe \u00e0 la gr\u00e8ve de la faim de son fils.<\/p>\n<p>Je le regarde sans comprendre.- La m\u00e8re de Si Abdessalem ne mange plus depuis que son fils est en gr\u00e8ve de la faim. A son \u00e2ge, c&rsquo;est une folie.<\/p>\n<p>Je regarde, \u00e9berlu\u00e9, une petite vieille ratatin\u00e9e, portant sur son visage toute la m\u00e9lancolie de ce monde. Elle nous tend un plateau avec des verres de \u00abFana\u00bb et quelques g\u00e2teaux secs avec des larmes silencieuses.<\/p>\n<p>Des vieillards et des enfants faisant la gr\u00e8ve de la faim!!!<\/p>\n<p>Existe-t-il pire indicateur sur le d\u00e9labrement moral de ce pays livr\u00e9 \u00e0 l&rsquo;arbitraire et la corruption?<\/p>\n<p>Je ne veux qu&rsquo;une chose: Assez pour aujourd&rsquo;hui.<\/p>\n<p>C&rsquo;est d\u00e9cid\u00e9, ce soir en rentrant chez moi, je mets le casque et la musique \u00e0 fond et je me \u00abshoote\u00bb avec la voix de soeur Marie Keyrouz.<\/p>\n<p>Comme toute grande musique, cette voix b\u00e9nite entre toutes les voix qui chantent depuis les temps imm\u00e9moriaux la douleur de l&rsquo;homme, n&rsquo;occulte ni ne fuit la souffrance comme le permet l&rsquo;alcool, la coca\u00efne ou cette autre drogue dure qu&rsquo;est le pouvoir absolu.<\/p>\n<p>Au contraire, elle la met au centre de la conscience. Puis elle la travaille, la cis\u00e8le, la porte \u00e0 son extr\u00eame niveau d&rsquo;incandescence, et ce faisant la transforme en son exact contraire. Ainsi par la myst\u00e9rieuse force de la beaut\u00e9, elle arrive \u00e0 en tirer une joie lumineuse et apaisante.<\/p>\n<p>Alors voil\u00e0.<\/p>\n<p>Les anonymes par milliers continuent de charrier leurs souffrances inconnues pour demander des droits aussi d\u00e9risoires quand on les a, et aussi fondamentaux quand on ne les a pas, comme avoir une pi\u00e8ce d&rsquo;identit\u00e9, un passeport, garder le pr\u00e9cieux travail qu&rsquo;on a enfin trouv\u00e9 et vivre sans trembler de peur.<\/p>\n<p>Demain quand la Tunisie conna\u00eetra enfin la libert\u00e9, qui se souviendra d&rsquo;Abdessalem, du cauchemar v\u00e9cu par lui et par les milliers d&rsquo;anonymes: youssefistes et gauchistes des \u00absixties\u00bb, islamistes et d\u00e9mocrates des ann\u00e9es 90.<\/p>\n<p>Voil\u00e0 une id\u00e9e pour le futur: une st\u00e8le de la patrie reconnaissante \u00e0 ses enfants anonymes dont la souffrance \u00e0 \u00e9t\u00e9 le terreau de la R\u00e9publique et de la D\u00e9mocratie.<\/p>\n<p>(*) Sousse le 14-6-2001<\/p>\n<p>\u00a9 La Libre Belgique 2001<\/p>\n<p><\/span><o:p><\/o:p><\/p>\n<p><\/font><\/font><\/font><\/font><\/font><\/span><\/font><\/font><\/font><\/font><\/td>\n<\/tr>\n<\/tbody>\n<\/table>\n<\/div>\n<div>\u00a0<\/div>\n<div>\n<table border=\"1\" width=\"100%\">\n<tbody>\n<tr>\n<td bgcolor=\"#bbe9ff\" width=\"100%\">\n<div align=\"center\"><font><strong><span lang=\"FR\"><o:p><u><font size=\"4\"><\/p>\n<p align=\"center\"><b><span lang=\"FR\"><o:p><\/o:p><\/span><\/b>COMMENTAIRES APRES LA DECISION DE LA COUR EUROPEENNE DES DROITS DE L&rsquo;HOMME DE VALIDER LA DECISION D&rsquo;INTERDIRE LE PARTI \u00ab\u00a0REFAH\u00a0\u00bb EN TURQUIE.\u00a0<\/p>\n<p><\/font><\/u><\/o:p><\/span><\/strong><\/font><\/div>\n<\/td>\n<\/tr>\n<tr>\n<td bgcolor=\"#efefef\" width=\"100%\"><font size=\"4\"><font size=\"2\"><font size=\"+0\"><font size=\"2\"><span lang=\"FR\"><font size=\"2\"><\/p>\n<p><font size=\"3\"><font size=\"2\"><b><span lang=\"FR\"><o:p><\/o:p><\/span><\/b><\/font><\/font><\/p>\n<p><font size=\"3\"><font size=\"2\"><\/p>\n<p><font face=\"Geneva, Arial, Sans-serif\"><\/font>\u00a0<\/p>\n<h5 style=\"color: blue;\"><font size=\"4\"><strong>Non aux islamistes, confirme Strasbourg<\/strong><\/font><\/h5>\n<\/p>\n<p><span lang=\"FR\">\u00a0Pour la Cour, en gros, seule la la\u00efcit\u00e9 permet de garantir la d\u00e9mocratie. D\u00e9cision r\u00e9volutionnaire. Mais qui suscite un malaise, en raison du contexte turc.ANALYSEAGN\u00c8S GORISSEN<\/p>\n<p>C&rsquo;est une petite r\u00e9volution : la Cour europ\u00e9enne des droits de l&rsquo;homme a d\u00e9cid\u00e9 hier que, pour d\u00e9fendre la d\u00e9mocratie, il fallait lui imposer des limites. C&rsquo;est \u00e0 l&rsquo;occasion d&rsquo;une plainte d\u00e9pos\u00e9e par le Refah, parti islamiste turc dissous en 1998, que la Cour de Strasbourg a statu\u00e9 en ce sens. Elle a d\u00e9cid\u00e9 que la Turquie avait eu raison de dissoudre cette formation, estimant que ses appels \u00e0 la \u00ab guerre sainte \u00bb et \u00e0 l&rsquo;instauration de la charia (loi islamique), notamment, \u00e9taient incompatibles avec les valeurs de la Convention europ\u00e9enne des droits de l&rsquo;homme. Et contraires, dit-elle, \u00e0 la la\u00efcit\u00e9 qui devrait pr\u00e9valoir partout comme gage de la d\u00e9mocratie.<\/p>\n<p>L&rsquo;arr\u00eat, contre lequel les islamistes turcs ont d\u00e9j\u00e0 annonc\u00e9 qu&rsquo;ils feraient appel, satisfera sans nul doute tous ceux &#8211; et ils sont nombreux en Europe &#8211; qui estiment que la religion n&rsquo;a pas \u00e0 faire intrusion dans la politique. Mais la proc\u00e9dure et les motivations du jugement de Strasbourg suscitent un certain malaise. Exemples.<\/p>\n<p>1 La proc\u00e9dure. Les juges \u00e9taient sept. Parmi eux, un Turc. M\u00eame s&rsquo;il n&rsquo;est pas question de mettre d&rsquo;office son honn\u00eatet\u00e9 intellectuelle en cause, sa seule pr\u00e9sence jette une suspicion sur la d\u00e9cision de la Cour. D&rsquo;autant que cette d\u00e9cision s&rsquo;est prise par quatre voix (dont celle du juge turc) contre trois. Un magistrat d&rsquo;une autre nationalit\u00e9, non imm\u00e9diatement concern\u00e9 par le sujet, aurait peut-\u00eatre fait basculer le verdict dans l&rsquo;autre sens.<\/p>\n<p>Autre point d\u00e9licat : lors de l&rsquo;audience devant la Cour, en janvier, d&rsquo;ex-responsables du Refah ont affirm\u00e9 que les d\u00e9clarations cit\u00e9es par Ankara pour interdire la formation islamiste avaient \u00e9t\u00e9 sorties de leur contexte et que jamais il n&rsquo;avait \u00e9t\u00e9 question d&rsquo;appel \u00e0 la violence ou de volont\u00e9 de modifier la structure \u00e9tatique et politique de la Turquie. Un dirigeant du parti dissous a d&rsquo;ailleurs rappel\u00e9 hier qu&rsquo;aucun responsable du Refah n&rsquo;avait \u00e9t\u00e9 accus\u00e9 ni jug\u00e9 pour ses actes ou ses d\u00e9clarations.<\/p>\n<p>2 Les motivations. Pour expliquer sa d\u00e9cision, la Cour europ\u00e9enne des droits de l&rsquo;homme fait valoir qu&rsquo;un pays a le droit d&#8217;emp\u00eacher la r\u00e9alisation d&rsquo;un projet politique incompatible avec les normes de la Convention europ\u00e9enne \u00d2des droits de l&rsquo;homme\u00d3 avant qu&rsquo;il ne soit mis en pratique par des actes concrets risquant de compromettre (&#8230;) le r\u00e9gime d\u00e9mocratique dans le pays. Reste \u00e0 savoir de quel r\u00e9gime d\u00e9mocratique on parle. La Turquie a d\u00e9j\u00e0 \u00e9t\u00e9 condamn\u00e9e \u00e0 maintes reprises, et notamment \u00e0 Strasbourg, pour des violations r\u00e9currentes et importantes des droits de l&rsquo;homme &#8211; il a \u00e9t\u00e9 question de tortures, d&rsquo;arrestations arbitraires, de violations de la libert\u00e9 d&rsquo;association, etc.<\/p>\n<p>En particulier, elle a \u00e9t\u00e9 condamn\u00e9e, en 1998 et 1999, pour l&rsquo;interdiction d&rsquo;autres partis, cette fois d&rsquo;inspiration marxiste ou pro-kurde, mais qu&rsquo;Ankara pr\u00e9sente aussi comme dangereux pour la d\u00e9mocratie ou l&rsquo;unit\u00e9 de l&rsquo;Etat. Or, dans ces derniers cas, ces formations repr\u00e9sentaient chacune moins de 0,5 % des \u00e9lecteurs. Alors que le Refah, par la volont\u00e9 de plus de 4,5 millions de votants, \u00e9tait devenu le premier parti du pays.<\/p>\n<p>3 Le contexte. Le Refah, comme le parti islamiste qui lui a succ\u00e9d\u00e9 &#8211; le Fazilet, dissous \u00e0 son tour en juin 2001 -, sont fort diff\u00e9rents de la plupart des formations dites fondamentalistes; qu&rsquo;ils le veuillent ou non, les islamistes turcs sont impr\u00e9gn\u00e9s de la tradition la\u00efque de l&rsquo;Etat et cela se sent dans leurs revendications et leur programme. Ils correspondent simplement \u00e0 une volont\u00e9 de nombreux Turcs de r\u00e9affirmer leur identit\u00e9 musulmane dans un pays o\u00f9 les autorit\u00e9s l&rsquo;ont estomp\u00e9e de fa\u00e7on forc\u00e9e. Il faut d&rsquo;ailleurs rappeler qu&rsquo;\u00e0 l&rsquo;\u00e9poque, l&rsquo;interdiction du Refah avait suscit\u00e9 les critiques des pays europ\u00e9ens. D&rsquo;autant qu&rsquo;un parti dit d\u00e9mocratique (celui de l&rsquo;ex-Premier ministre Tansu \u00c7iller) n&rsquo;avait pas jug\u00e9 indigne de s&rsquo;allier au Refah pendant un an pour gouverner la Turquie. Jusqu&rsquo;\u00e0 ce que l&rsquo;arm\u00e9e y mette fin. Ce qui ne ressemble pas beaucoup \u00e0 de la d\u00e9mocratie&#8230;\u00b7<\/span><\/p>\n<p><span lang=\"FR\"><o:p>\u00a0<a href=\"http:\/\/www.lesoir.be\" target=\"_blank\" rel=\"noopener\">http:\/\/www.lesoir.be<\/a><\/o:p><\/span><\/p>\n<p><\/font><\/font><\/font><\/span><\/font><\/font><\/font><\/font><\/td>\n<\/tr>\n<\/tbody>\n<\/table>\n<\/div>\n<div>\u00a0<\/div>\n<div>\n<table border=\"1\" width=\"100%\">\n<tbody>\n<tr>\n<td bgcolor=\"#66ffff\" width=\"100%\">\n<div><font size=\"2\"><b>Liste publi\u00e9e gr\u00e2ce \u00e0 l&rsquo;aide exquise de l&rsquo;association :<\/b><\/font> <\/div>\n<div align=\"left\">\n<div align=\"left\"><font size=\"2\"><b>Freedoms Friends\u00a0 FrihetsV\u0646nner F\u0650reningen\u00a0 Box 62 127 22 Sk\u0646rholmen\u00a0 Sweden<br \/>Tel\/:(46) 8- 4648308 e-mail: <a href=\"http:\/\/lw11fd.law11.hotmail.msn.com\/cgi-bin\/compose?curmbox=F000000001&amp;a=545cb2866cd2eb80b79d9bed34a9b761&amp;mailto=1&amp;to=fvf@swipnet.se&amp;msg=MSG984378325.23&amp;start=2446776&amp;len=119992&amp;src=&amp;type=x\" target=\"_blank\" rel=\"noopener\">fvf@swipnet.se<\/a><\/b><\/font><\/div>\n<\/div>\n<\/td>\n<\/tr>\n<\/tbody>\n<\/table>\n<\/div>\n<\/div>\n<\/div>\n<p><br clear=\"all\"\/><\/p>\n<hr\/>\n<p>Get your FREE download of MSN Explorer at  http:\/\/explorer.msn.com <a href=\"http:\/\/go.msn.com\/bql\/hmtag_itl_EN.asp\" target=\"_blank\" rel=\"noopener\"><\/a>  To Subscribe send an email to:\u00a0 TUNISNEWS-subscribe@yahoogroups.com\u00a0<tt> <br \/>To Unsubscribe send an email to:\u00a0 TUNISNEWS-unsubscribe@yahoogroups.com\u00a0 <br \/>URL to this page: http:\/\/www.groups.yahoo.com\/group\/TUNISNEWS <a href=\"http:\/\/www.groups.yahoo.com\/group\/TUNISNEWS\" target=\"_blank\" rel=\"noopener\"><\/a> <\/p>\n<p><\/tt>    L&rsquo;utilisation du service Yahoo! Groups est soumise \u00e0 l&rsquo;acceptation des Conditions d&rsquo;utilisation.<tt> <a href=\"http:\/\/docs.yahoo.com\/info\/terms\/\" target=\"_blank\" rel=\"noopener\"><\/a><\/tt><\/p>\n<p align=\"center\"><b><a href=\"index.html\">Accueil<\/a><\/b><\/p>\n<p><script language=\"javascript\">document.write('<img decoding=\"async\" src=\"http:\/\/monsite.voila.fr\/servlets\/istat?site=archivtn&#038;page=\/2aout01.htm&#038;outil=ftpweb&#038;n=' + Math.round(Math.random()*100000) + '\" width=1 height=1>'); <\/script><script language=\"javascript\">document.write('<img decoding=\"async\" src=\"http:\/\/e.voila.fr\/cgi-bin\/ft\/10000033638?&#038;page=archivtn_2aout01.htm&#038;n=' + Math.round(Math.random()*100000) + '\" width=1 height=1>'); <\/script><\/body><\/body><\/html><\/p>\n","protected":false},"excerpt":{"rendered":"<p>Accueil \u00a0 \u00a0 \u00a0 \u00a0 TUNISNEWS Nr\u00a0443 du 02\/08\/2001 \u00a0 Consulter les messages pr\u00e9c\u00e9dents ici \u00a0. LES TITRES DE CE JOUR: Ali Laareydh, le \u00ab\u00a0Nelson Mandela\u00a0\u00bb tunisien entame ces jours-ci sa deuxieme decennie d&rsquo;isolement total. Moncef Marzouki :Lettre aux\u00a0 Tunisiens et\u00a0 \u00e0\u00a0 tous mes amis de par le monde Sequestration de M. Samir Dillou ou [&hellip;]<\/p>\n","protected":false},"author":1,"featured_media":22040,"comment_status":"open","ping_status":"open","sticky":false,"template":"","format":"standard","meta":{"inline_featured_image":false,"site-sidebar-layout":"default","site-content-layout":"","ast-site-content-layout":"default","site-content-style":"default","site-sidebar-style":"default","ast-global-header-display":"","ast-banner-title-visibility":"","ast-main-header-display":"","ast-hfb-above-header-display":"","ast-hfb-below-header-display":"","ast-hfb-mobile-header-display":"","site-post-title":"","ast-breadcrumbs-content":"","ast-featured-img":"","footer-sml-layout":"","ast-disable-related-posts":"","theme-transparent-header-meta":"","adv-header-id-meta":"","stick-header-meta":"","header-above-stick-meta":"","header-main-stick-meta":"","header-below-stick-meta":"","astra-migrate-meta-layouts":"default","ast-page-background-enabled":"default","ast-page-background-meta":{"desktop":{"background-color":"","background-image":"","background-repeat":"repeat","background-position":"center center","background-size":"auto","background-attachment":"scroll","background-type":"","background-media":"","overlay-type":"","overlay-color":"","overlay-opacity":"","overlay-gradient":""},"tablet":{"background-color":"","background-image":"","background-repeat":"repeat","background-position":"center center","background-size":"auto","background-attachment":"scroll","background-type":"","background-media":"","overlay-type":"","overlay-color":"","overlay-opacity":"","overlay-gradient":""},"mobile":{"background-color":"","background-image":"","background-repeat":"repeat","background-position":"center center","background-size":"auto","background-attachment":"scroll","background-type":"","background-media":"","overlay-type":"","overlay-color":"","overlay-opacity":"","overlay-gradient":""}},"ast-content-background-meta":{"desktop":{"background-color":"var(--ast-global-color-5)","background-image":"","background-repeat":"repeat","background-position":"center center","background-size":"auto","background-attachment":"scroll","background-type":"","background-media":"","overlay-type":"","overlay-color":"","overlay-opacity":"","overlay-gradient":""},"tablet":{"background-color":"var(--ast-global-color-5)","background-image":"","background-repeat":"repeat","background-position":"center center","background-size":"auto","background-attachment":"scroll","background-type":"","background-media":"","overlay-type":"","overlay-color":"","overlay-opacity":"","overlay-gradient":""},"mobile":{"background-color":"var(--ast-global-color-5)","background-image":"","background-repeat":"repeat","background-position":"center center","background-size":"auto","background-attachment":"scroll","background-type":"","background-media":"","overlay-type":"","overlay-color":"","overlay-opacity":"","overlay-gradient":""}},"footnotes":""},"categories":[],"tags":[60,32,30,29],"class_list":["post-20809","post","type-post","status-publish","format-standard","has-post-thumbnail","hentry","tag-60","tag-32","tag-ar","tag-fr"],"_links":{"self":[{"href":"https:\/\/tunisnews.net\/ar\/wp-json\/wp\/v2\/posts\/20809","targetHints":{"allow":["GET"]}}],"collection":[{"href":"https:\/\/tunisnews.net\/ar\/wp-json\/wp\/v2\/posts"}],"about":[{"href":"https:\/\/tunisnews.net\/ar\/wp-json\/wp\/v2\/types\/post"}],"author":[{"embeddable":true,"href":"https:\/\/tunisnews.net\/ar\/wp-json\/wp\/v2\/users\/1"}],"replies":[{"embeddable":true,"href":"https:\/\/tunisnews.net\/ar\/wp-json\/wp\/v2\/comments?post=20809"}],"version-history":[{"count":0,"href":"https:\/\/tunisnews.net\/ar\/wp-json\/wp\/v2\/posts\/20809\/revisions"}],"wp:featuredmedia":[{"embeddable":true,"href":"https:\/\/tunisnews.net\/ar\/wp-json\/wp\/v2\/media\/22040"}],"wp:attachment":[{"href":"https:\/\/tunisnews.net\/ar\/wp-json\/wp\/v2\/media?parent=20809"}],"wp:term":[{"taxonomy":"category","embeddable":true,"href":"https:\/\/tunisnews.net\/ar\/wp-json\/wp\/v2\/categories?post=20809"},{"taxonomy":"post_tag","embeddable":true,"href":"https:\/\/tunisnews.net\/ar\/wp-json\/wp\/v2\/tags?post=20809"}],"curies":[{"name":"wp","href":"https:\/\/api.w.org\/{rel}","templated":true}]}}