{"id":20600,"date":"2001-07-01T00:00:00","date_gmt":"2001-07-01T00:00:00","guid":{"rendered":"https:\/\/tunisnews.net\/1-juillet-2001\/"},"modified":"2001-07-01T00:00:00","modified_gmt":"2001-07-01T00:00:00","slug":"1-juillet-2001","status":"publish","type":"post","link":"https:\/\/tunisnews.net\/ar\/1-juillet-2001\/","title":{"rendered":"1 juillet 2001"},"content":{"rendered":"<p><html><head><meta content=\"text\/html\" description=\" Vous Trouvez ci-joint le texte de la lettre destin\u00e9e au Pr\u00e9sident Tunisien et sign\u00e9e par dix organisations d\u00e9fendant les droits de l'Homme ainsi que celle adress\u00e9e au Pr\u00e9sident de la Conf\u00e9d\u00e9ration Suisse Monsieur Moritz Leunberger.\" http-equiv=\"Content-Type\"\/><\/head><body><body><\/p>\n<p align=\"center\"><b><a href=\"\/ar\/index.html\/\">\u0627\u0644\u0628\u062f\u0627\u064a\u0629<\/a><\/b><\/p>\n<p align=\"center\">\u00a0<\/p>\n<p align=\"center\">\u00a0<\/p>\n<div>\n<div><font face=\"Arial\" size=\"2\">\u00a0 <\/p>\n<table border=\"1\" width=\"100%\">\n<tbody>\n<tr>\n<td bgcolor=\"#bbe9ff\" width=\"100%\"><tt><font face=\"Arial\" size=\"2\"><span><tt><span><span lang=\"SV\"><span lang=\"SV\"><font><\/font><\/span><\/span><\/span><\/tt><\/span><\/p>\n<div align=\"center\"><span lang=\"EN-US\"><span lang=\"EN-US\"><span><span><font face=\"Algerian\"><font size=\"2\"><font size=\"3\"><font face=\"Trebuchet MS\"><font size=\"7\"><span><span><font face=\"Bookman Old Style\" size=\"7\"><font><span lang=\"SV\"><span lang=\"SV\"><\/span><\/span><\/font><\/font><\/span><\/span><\/font><\/font><\/font><\/font><\/font><\/span><\/span><\/span><\/span>\u00a0<\/div>\n<div align=\"center\"><span lang=\"EN-US\"><span lang=\"EN-US\"><span><span><font face=\"Algerian\"><font size=\"2\"><font size=\"3\"><font face=\"Trebuchet MS\"><font size=\"7\"><span><span><font face=\"Bookman Old Style\" size=\"7\"><font><span lang=\"SV\"><span lang=\"SV\"><strong>TUNISNEWS<\/strong><\/span><\/span><\/font><\/font><\/span><\/span><\/font><\/font><\/font><\/font><\/font><\/span><\/span><\/span><\/span><\/div>\n<div align=\"center\">\n<h2 style=\"color: red;\"><font><font><font face=\"Courier New\" size=\"3\"><strong>Nr\u00a0410 du 01\/07\/2001<\/strong><\/font><\/font><\/font><\/h2>\n<\/div>\n<div align=\"center\"><font><font><font face=\"Courier New\"><\/font><\/font><\/font>\u00a0<\/div>\n<div align=\"center\">\n<h2 style=\"color: red;\"><font><font><font face=\"Courier New\"><a href=\"http:\/\/64.4.16.250\/cgi-bin\/linkrd?_lang=EN&amp;lah=4e07464faa112289f442ebf185702b83&amp;lat=993570223&amp;hm___action=http:\/\/64.4.16.250\/cgi-bin\/linkrd?_lang=EN&amp;amp;lah=13faf252d5f7a755f197d6ec06de9a5c&amp;amp;lat=993115472&amp;amp;hm___action=http:\/\/64.4.16.250\/cgi-bin\/linkrd?_lang=EN&amp;amp;lah=996e2acc8de5d39e36c03b9c42be14d5&amp;amp;lat=992000921&amp;amp;hm___action=http:\/\/64.4.16.250\/cgi-bin\/linkrd?_lang=EN&amp;amp;amp;lah=41d5a6627ea62bcdb1e7150e2e3f3ba8&amp;amp;amp;lat=991992191&amp;amp;amp;hm___action=http:\/\/64.4.16.250\/cgi-bin\/linkrd?_lang=EN&amp;amp;lah=085bfd357ab924245b7f96793309e35e&amp;amp;lat=985858123&amp;amp;hm___action=http:\/\/64.4.16.250\/cgi-bin\/linkrd?_lang=EN&amp;amp;amp;lah=5873fa5b3b7635502c0d1db3dfc17c71&amp;amp;amp;lat=985771929&amp;amp;amp;hm___action=http:\/\/64.4.16.250\/cgi-bin\/linkrd?_lang=EN&amp;amp;lah=bf10ebcb3c72e95ec0025ef7eba2719a&amp;amp;lat=985725222&amp;amp;hm___action=http:\/\/64.4.16.250\/cgi-bin\/linkrd?_lang=EN&amp;amp;amp;lah=64ca2720f1fb87bd2de947c637564388&amp;amp;amp;lat=984392794&amp;amp;amp;hm___action=http:\/\/64.4.16.250\/cgi-bin\/linkrd?_lang=EN&amp;amp;amp;amp;lah=fd612f7a3f00d1af7511df7996ae86a8&amp;amp;amp;amp;lat=982841103&amp;amp;amp;amp;hm___action=http:\/\/64.4.16.250\/cgi-bin\/linkrd?_lang=EN&amp;amp;amp;amp;lah=1491b6a744d4bd00730868fdc3e399e0&amp;amp;amp;amp;lat=982652956&amp;amp;amp;amp;hm___action=http:\/\/64.4.16.250\/cgi-bin\/linkrd?_lang=EN&amp;amp;amp;amp;lah=314de79d3ea48dc4ff22f6cd896e04f9&amp;amp;amp;amp;lat=982220682&amp;amp;amp;amp;hm___action=http:\/\/groups.yahoo.com\/group\/TUNISNEWS\/messages\" target=\"_blank\" rel=\"noopener\">Consulter les messages pr\u00e9c\u00e9dents ici<\/a><\/font><\/font><\/font><\/h2>\n<\/div>\n<p><\/font><\/tt><\/td>\n<\/tr>\n<tr>\n<td bgcolor=\"#efefef\" width=\"100%\"><font face=\"Courier New\"><font><span lang=\"FR\"><\/span><\/font><font><span lang=\"FR\"><font face=\"Arial\"><font size=\"2\"><\/p>\n<div align=\"right\"><font size=\"3\"><strong><\/strong><\/font>\u00a0. <\/div>\n<ul>\n<li>\n<div align=\"center\"><font face=\"Bookman Old Style\" size=\"4\">LES TITRES DE CE JOUR:<\/font><\/div>\n<p><font face=\"Arial\"><font face=\"Arial\"><strong><font size=\"3\"><\/font><\/strong><\/font><\/font><\/li>\n<\/ul>\n<div align=\"right\">\n<ol>\n<li><font face=\"Georgia, Times New Roman, Times, serif\"><font size=\"2\">\n<div align=\"left\">\n<div align=\"left\"><span lang=\"FR\"><\/p>\n<div align=\"left\"><font><\/font><\/p>\n<p><font><\/p>\n<p align=\"left\"><font><font><span lang=\"FR-CA\"><span lang=\"FR\"><font><font><\/p>\n<p><font><span lang=\"FR\"><font><font face=\"Arial\"><strong><font size=\"3\">V\u00e9rit\u00e9-Action :<\/p>\n<h2 style=\"color: red;\"><font><strong>A l&rsquo;ambassade de la Tunisie <\/strong><strong>\u00e0 Berne<\/strong><\/font><\/h2>\n<h2 style=\"color: red;\"><font><strong>On refuse de recevoir la d\u00e9l\u00e9gation de la manifestation du 29 juin<\/strong><\/font><\/h2>\n<p><\/font><\/strong><\/font><\/font><\/span><\/font><\/p>\n<p><\/font><\/font><\/span><\/span><\/font><\/font><\/p>\n<p><\/font><\/p>\n<\/div>\n<p><\/span><\/div>\n<\/div>\n<p><\/font><\/font><\/li>\n<li><font face=\"Georgia, Times New Roman, Times, serif\"><font face=\"Arial\" size=\"2\">\n<div align=\"left\">\n<div align=\"left\"><span lang=\"FR\"><\/p>\n<div align=\"left\"><font size=\"3\"><\/p>\n<h2 style=\"color: red;\"><font><\/p>\n<p align=\"left\"><font face=\"Arial, Helvetica, sans-serif\"><font size=\"2\"><font size=\"3\"><font><span lang=\"FR-CA\"><font face=\"Arial\"><font size=\"2\"><span lang=\"FR\"><font><font size=\"2\"><\/p>\n<h2 style=\"color: red;\"><font size=\"4\"><span lang=\"FR\"><strong><font>A.V.T.T<\/font>: DRAME D&rsquo;UNE FAMILLE EN QUETE DE PROTECTION DEPUIS 13 ANS<\/strong><\/span><\/font><\/h2>\n<p><\/font><\/font><\/span><\/font><\/font><\/span><\/font><\/font><\/font><\/font><\/p>\n<p><\/font><\/h2>\n<p><\/font><\/div>\n<p><\/span><\/div>\n<\/div>\n<p><\/font><\/font><\/li>\n<li><font face=\"Georgia, Times New Roman, Times, serif\"><font face=\"Arial\" size=\"2\">\n<div align=\"left\">\n<div align=\"left\"><span lang=\"FR\"><\/p>\n<div align=\"left\"><font size=\"3\"><\/p>\n<h2 style=\"color: red;\"><font><\/p>\n<p align=\"left\"><font face=\"Arial, Helvetica, sans-serif\"><font size=\"2\"><font size=\"3\"><font><span lang=\"FR-CA\"><b><font face=\"Arial\"><font size=\"2\"><span lang=\"FR\"><strong><font><font size=\"3\">Moncef Marzouki:<span lang=\"FR\"><?xml:namespace prefix = o \/><o:p><span lang=\"FR\"><strong><font>La rencontre<\/font><\/strong><span>\u00a0 <\/span><\/span><\/o:p><\/span><\/font><\/font><\/strong><\/span><\/font><\/font><\/b><\/span><\/font><\/font><\/font><\/font><\/p>\n<p><\/font><\/h2>\n<p><\/font><\/div>\n<p><\/span><\/div>\n<\/div>\n<p><\/font><\/font><\/li>\n<li><font face=\"Georgia, Times New Roman, Times, serif\"><font face=\"Arial\" size=\"2\">\n<div align=\"left\">\n<div align=\"left\"><span lang=\"FR\"><\/p>\n<div align=\"left\"><font size=\"3\"><\/p>\n<h2 style=\"color: red;\"><font><\/p>\n<p align=\"left\"><font face=\"Arial, Helvetica, sans-serif\"><font size=\"2\"><font size=\"3\"><font><span lang=\"FR-CA\"><b><font face=\"Arial\"><font size=\"2\"><span lang=\"FR\"><strong><font><font size=\"2\"><span lang=\"FR\"><o:p><span lang=\"FR\"><span><font face=\"Arial, Helvetica, sans-serif\"><font size=\"2\"><font size=\"3\"><font><span lang=\"FR-CA\"><b><font face=\"Arial\"><font size=\"2\"><span lang=\"FR\"><strong><font><font size=\"3\">Moncef Marzouki:<span lang=\"FR\"><o:p><span lang=\"FR\"><strong><\/p>\n<h2 style=\"color: red;\"><font><\/p>\n<h3 style=\"color: blue;\"><font face=\"Arial\" size=\"4\"><a><strong>Ils ont encag\u00e9 la lionne<\/strong><\/a><\/font><\/h3>\n<p><\/font><\/h2>\n<p><\/strong><\/span><\/o:p><\/span><\/font><\/font><\/strong><\/span><\/font><\/font><\/b><\/span><\/font><\/font><\/font><\/font><\/span><\/span><\/o:p><\/span><\/font><\/font><\/strong><\/span><\/font><\/font><\/b><\/span><\/font><\/font><\/font><\/font><\/p>\n<p><\/font><\/h2>\n<p><\/font><\/div>\n<p><\/span><\/div>\n<\/div>\n<p><\/font><\/font><\/li>\n<li><font face=\"Georgia, Times New Roman, Times, serif\"><font face=\"Arial\" size=\"2\">\n<div align=\"left\">\n<div align=\"left\"><span lang=\"FR\"><\/p>\n<div align=\"left\"><font size=\"3\"><\/p>\n<h3 style=\"color: blue;\"><font><\/p>\n<p align=\"left\"><font face=\"Arial, Helvetica, sans-serif\"><font size=\"2\"><font size=\"3\"><font><span lang=\"FR-CA\"><font face=\"Arial\"><font size=\"2\"><span lang=\"FR\"><font><font size=\"2\"><span lang=\"FR\"><o:p><span lang=\"FR\"><span><font face=\"Arial, Helvetica, sans-serif\"><font size=\"2\"><font size=\"3\"><span lang=\"FR-CA\"><font face=\"Arial\"><font size=\"2\"><span lang=\"FR\"><font size=\"3\"><span lang=\"FR\"><o:p><span lang=\"FR\"><font size=\"3\"><strong>LE CONGRES DU RAID-ATTAC-TUNISIE A PU S&rsquo;OUVRIR \u00ab\u00a0NORMALEMENT\u00a0\u00bb.<\/strong><\/font><\/span><\/o:p><\/span><\/font><\/span><\/font><\/font><\/span><\/font><\/font><\/font><\/span><\/span><\/o:p><\/span><\/font><\/font><\/span><\/font><\/font><\/span><\/font><\/font><\/font><\/font><\/p>\n<p><\/font><\/h3>\n<p><\/font><\/div>\n<p><\/span><\/div>\n<\/div>\n<p><\/font><\/font><\/li>\n<li><font face=\"Georgia, Times New Roman, Times, serif\"><font face=\"Arial\" size=\"2\">\n<div align=\"left\">\n<div align=\"left\"><span lang=\"FR\"><\/p>\n<div align=\"left\"><font size=\"3\"><\/p>\n<h3 style=\"color: blue;\"><font><\/p>\n<p align=\"left\"><font face=\"Arial, Helvetica, sans-serif\"><font size=\"2\"><font size=\"3\"><font><span lang=\"FR-CA\"><font face=\"Arial\"><font size=\"2\"><span lang=\"FR\"><font><font size=\"2\"><span lang=\"FR\"><o:p><span lang=\"FR\"><span><font face=\"Arial, Helvetica, sans-serif\"><font size=\"2\"><font size=\"3\"><span lang=\"FR-CA\"><font face=\"Arial\"><font size=\"2\"><span lang=\"FR\"><font size=\"3\"><span lang=\"FR\"><o:p><span lang=\"FR\"><strong><font size=\"3\"><font><strong>Sadri Khiari:<\/p>\n<h3 style=\"color: blue;\"><font size=\"4\"><strong>Communiqu\u00e9 de presse<\/strong><\/font><\/h3>\n<p><\/strong><\/font><\/font><\/strong><\/span><\/o:p><\/span><\/font><\/span><\/font><\/font><\/span><\/font><\/font><\/font><\/span><\/span><\/o:p><\/span><\/font><\/font><\/span><\/font><\/font><\/span><\/font><\/font><\/font><\/font><\/p>\n<p><\/font><\/h3>\n<p><\/font><\/div>\n<p><\/span><\/div>\n<\/div>\n<p><\/font><\/font><\/li>\n<\/ol>\n<\/div>\n<div><font face=\"Georgia, Times New Roman, Times, serif\"><font face=\"Arial\" size=\"2\"><\/p>\n<div align=\"left\"><span lang=\"FR\"><font><font><font face=\"Arial, Helvetica, sans-serif\"><font size=\"3\"><font><\/p>\n<p align=\"left\"><strong><\/p>\n<hr\/>\n<p><\/strong><font face=\"Arabic Transparent\"><\/p>\n<div align=\"right\"><font size=\"4\"><font><font><span><\/span><\/font><\/font><\/font>\u00a0<\/div>\n<p><\/font><\/p>\n<p><\/font><\/font><\/font><\/font><\/font><\/span><\/div>\n<p><\/font><\/font><\/div>\n<p><\/font><\/font><\/span><\/font><\/font><\/td>\n<\/tr>\n<\/tbody>\n<\/table>\n<div>\u00a0<\/div>\n<div>\n<table border=\"1\" width=\"100%\">\n<tbody>\n<tr>\n<td bgcolor=\"#bbe9ff\" width=\"100%\">\n<p align=\"center\"><font><strong>Veuillez visitez le site du Mouvement Des D\u00e9mocrates Socialistes <\/strong><\/font><\/p>\n<\/td>\n<\/tr>\n<tr>\n<td bgcolor=\"#efefef\" width=\"100%\">\n<div align=\"center\"><font size=\"4\"><strong>\u00a0\u00a0 <a href=\"http:\/\/www.mdstunisie.org\/\" target=\"_blank\" rel=\"noopener\">www.mdstunisie.org<\/a><\/strong><\/font><\/div>\n<\/td>\n<\/tr>\n<\/tbody>\n<\/table>\n<\/div>\n<div>\u00a0<\/div>\n<div>\n<table border=\"1\" width=\"100%\">\n<tbody>\n<tr>\n<td bgcolor=\"#bbe9ff\" width=\"100%\">\n<p align=\"center\"><font><strong>V\u00e9rit\u00e9-Action <\/strong><\/font><\/p>\n<p align=\"center\"><u><\/u><font size=\"4\"><\/p>\n<h3 style=\"color: blue;\"><font><strong>A l&rsquo;ambassade de la Tunisie <\/strong><strong>\u00e0 Berne<\/strong><\/font><\/h3>\n<h3 style=\"color: blue;\"><font><strong>On refuse de recevoir la d\u00e9l\u00e9gation de la manifestation du 29 juin<\/strong><\/font><\/h3>\n<p><\/font><\/p>\n<\/td>\n<\/tr>\n<tr>\n<td bgcolor=\"#efefef\" width=\"100%\"><font size=\"2\"><font size=\"2\"><\/p>\n<div align=\"left\">\u00a0\u00a0 <\/div>\n<div align=\"left\" dir=\"ltr\"><font face=\"Arial Narrow\"><strong><\/strong><\/font><strong><\/p>\n<p align=\"justify\">NB:<\/p>\n<p><\/strong> Vous Trouvez ci-joint le texte de la lettre destin\u00e9e au Pr\u00e9sident Tunisien et sign\u00e9e par dix organisations d\u00e9fendant les droits de l&rsquo;Homme ainsi que celle adress\u00e9e au Pr\u00e9sident de la Conf\u00e9d\u00e9ration Suisse Monsieur Moritz Leunberger.<\/div>\n<p align=\"center\"><strong>V\u00e9rit\u00e9-Action <\/strong><a href=\"http:\/\/lw10fd.law10.hotmail.msn.com\/cgi-bin\/compose?curmbox=F000000001&amp;a=3ce2443b47028a327b280b085c7cad4c&amp;mailto=1&amp;to=verite_action@hotmail.com&amp;msg=MSG994079074.37&amp;start=7251391&amp;len=35537&amp;src=&amp;type=x\" target=\"_blank\" rel=\"noopener\">verite_action@hotmail.com<\/a><\/p>\n<div align=\"left\" dir=\"ltr\"><strong><\/p>\n<hr\/>\n<p><u>Communiqu\u00e9:<\/u><\/p>\n<p align=\"center\"><u><\/u><font size=\"3\">A l&rsquo;ambassade de la Tunisie \u00e0 Berne<\/font><\/p>\n<p align=\"center\"><font size=\"3\">On refuse de recevoir la d\u00e9l\u00e9gation de la manifestation du 29 juin<\/font><\/p>\n<p><\/strong><\/p>\n<p align=\"justify\">\n<p align=\"justify\">Une fois encore, le gouvernement tunisien \u00e0 travers son ambassadeur en Suisse montre son m\u00e9pris aux appels \u00e0 la raison. La porte \u00e9tait ferm\u00e9e devant la d\u00e9l\u00e9gation de la manifestation du 29 juin 2001 organis\u00e9e \u00e0 Berne par <b>V\u00e9rit\u00e9-Action<\/b> et soutenue par l&rsquo;ACAT-Suisse, Amnesty International-section suisse, l\u2019Organisation Mondiale Contre la Torture OMCT- Gen\u00e8ve, le Centre Europe-Tiers Monde CETIM-Suisse, la Commission arabe des Droits humains-Paris, le mouvement ATTAC-Gen\u00e8ve, Droits pour tous- Gen\u00e8ve, Forum Tuniso-Suisse des libert\u00e9s-Suisse et le Programme arabe pour les activistes des Droits humains APA-Egypte. <\/p>\n<p align=\"justify\">\n<p align=\"justify\">Nous avons appris que personne ne peut recevoir la lettre destin\u00e9e au Pr\u00e9sident tunisien. Les volets des fen\u00eatres de la demeure diplomatique sont baiss\u00e9s \u00e0 l&rsquo;exception du dernier \u00e9tage o\u00f9 nous avons pu constater l&rsquo;existence des fonctionnaires de l&rsquo;ambassade qui se cachaient les visages, regardant la foule en toute discr\u00e9tion derri\u00e8re les volets. La seule et unique chose qu\u2019ils ont pu faire \u00e9tait de filmer la foule ! ! !. Une pratique polici\u00e8re qui marque le gouvernement tunisien. <\/p>\n<p align=\"justify\">\n<p align=\"justify\">Malgr\u00e9 cet accueil, la d\u00e9l\u00e9gation des manifestants \u00e0 pu remettre la lettre dans la bo\u00eete aux lettres situ\u00e9e \u00e0 la porte d&rsquo;entr\u00e9e. Cette lettre sign\u00e9e par les dix organisations sera envoy\u00e9e par courrier postal enregistr\u00e9, par fax et par e-mail. Nous ferons tout pour faire passer la voix des manifestants. <\/p>\n<p align=\"justify\">\n<p align=\"justify\">En Tunisie, les autorit\u00e9s tunisiennes ont recouru et comme d&rsquo;habitude \u00e0 la police. Selon la Ligue Tunisienne des Droits de l&rsquo;Homme LTDH \u00ab\u00a0d\u2019importantes forces de polices ont encercl\u00e9 le si\u00e8ge du Conseil National pour les Libert\u00e9s en Tunisie (CNLT)et a interdit l\u2019acc\u00e8s aux participants et aux invit\u00e9s venus participer et assister au rassemblement et a la r\u00e9union qui devait \u00eatre tenue dans le cadre de la journ\u00e9e nationale et internationale pour l\u2019amnistie g\u00e9n\u00e9rale en Tunisie (29juin2001)\u00a0\u00bb, l&rsquo;acc\u00e8s au domicile de Mme Sihem Ben Sedrine(4 rue abou dhabi) a \u00e9t\u00e9 interdit aux membres du CNLT qui devaient tenir une r\u00e9union. M. Sadri Khiari, en gr\u00e8ve de la faim depuis le 14 juin, ne fait pas l&rsquo;exception. Sa demeure a \u00e9t\u00e9, \u00e9galement encercl\u00e9e et des personnalit\u00e9s se sont vues malmen\u00e9 par la police et interdits de lui apporter soutien. <\/p>\n<p align=\"justify\">\n<p><b><\/b><\/p>\n<p align=\"justify\">V\u00e9rit\u00e9-Action <b>proteste contre cette mani\u00e8re de r\u00e9pondre aux appels des diff\u00e9rentes composantes de la soci\u00e9t\u00e9 civile et des organisations nationales et internationales \u00e0 mettre fin aux pressions et aux attaques contre les d\u00e9fenseurs des Droits de l\u2019homme et les acteurs de la soci\u00e9t\u00e9 civile, et leur permettre de mener \u00e0 bien leurs activit\u00e9s sans interf\u00e9rence ni menace. Elle appelle le gouvernement tunisien \u00e0 la promulgation d&rsquo;une loi d&rsquo;amnistie g\u00e9n\u00e9rale garantissant \u00e0 chacun ses Droits et au r\u00e9tablissement de l&rsquo;Etat des libert\u00e9s. <\/b><\/p>\n<p align=\"justify\">\n<p align=\"justify\">Fribourg, le 30 juin 2001 <\/p>\n<p align=\"justify\">Pour V\u00e9rit\u00e9-Action <\/p>\n<p align=\"justify\">Elafif GHANMI, Pr\u00e9sident <\/p>\n<p align=\"justify\">\n<p><strong><\/p>\n<hr\/>\n<p><\/strong><\/div>\n<div align=\"center\" dir=\"ltr\"><strong>Lettre sign\u00e9e par dix organisations et adress\u00e9e au Pr\u00e9sident tunisien<\/strong><\/div>\n<div align=\"left\" dir=\"ltr\"><font face=\"Arial Narrow\"><font face=\"Arial\"><\/p>\n<hr\/>\n<p><\/font><dir><dir><dir><dir><dir><dir><dir><dir><dir><dir><\/p>\n<p align=\"justify\"><font face=\"Arial\">A l\u2019attention de Monsieur Zine-Al-Abidine BEN ALI<\/font><\/p>\n<p align=\"justify\"><font face=\"Arial\">Pr\u00e9sident de la R\u00e9publique <\/font><\/p>\n<p align=\"justify\"><font face=\"Arial\">Palais Pr\u00e9sidentiel <\/font><\/p>\n<p align=\"justify\"><font face=\"Arial\">Tunis \/ TUNISIE<u> <\/u><\/font><\/p>\n<p align=\"justify\"><u><\/u><font face=\"Arial\">Berne, le 29 juin 2001\u00a0<\/font><\/p>\n<p><dir><dir><dir><dir><\/p>\n<p align=\"justify\">\n<p><\/dir><\/dir><\/dir><\/dir><\/dir><\/dir><\/dir><\/dir><\/dir><\/dir><\/dir><\/dir><\/dir><\/dir><\/p>\n<p align=\"justify\">\n<p align=\"justify\">\n<p align=\"justify\"><font face=\"Arial\"><strong>Concerne : Pour une amnistie g\u00e9n\u00e9rale en Tunisie. <\/strong><\/font><\/p>\n<p align=\"justify\">\n<p align=\"justify\"><font face=\"Arial\">Monsieur le Pr\u00e9sident,<\/font><\/p>\n<p align=\"justify\">\n<p align=\"justify\"><font face=\"Arial\">Nous, les soussign\u00e9es, organisations d\u00e9fendant les Droits de l&rsquo;Homme, exprimons notre forte pr\u00e9occupation quant au sort des prisonniers politiques et d\u2019opinion, actuellement, en gr\u00e8ve de la faim. Leur \u00e9tat de sant\u00e9 se d\u00e9grade et le pire est \u00e0 craindre.<\/font><\/p>\n<p align=\"justify\">\n<p align=\"justify\"><font face=\"Arial\">De sources concordantes, nous venons d\u2019apprendre qu\u2019un vaste mouvement de gr\u00e8ve de la faim se d\u00e9roule dans les prisons tunisiennes notamment la prison de 9 avril de Tunis pour protester contre la d\u00e9gradation de ses conditions de d\u00e9tention et r\u00e9clamer la promulgation d\u2019une loi d\u2019amnistie g\u00e9n\u00e9rale qui mettra fin \u00e0 leur calvaire. Un soutien sans pr\u00e9c\u00e9dent de la part de la soci\u00e9t\u00e9 civile tunisienne et des organisations ind\u00e9pendantes vient de se cr\u00e9er autour des m\u00eames revendications.<\/font><\/p>\n<p align=\"justify\">\n<p align=\"justify\"><font face=\"Arial\">D\u2019autres ex-prisonniers ont entam\u00e9 de leur part des actions de protestation contre le r\u00e9gime sp\u00e9cial de contr\u00f4le administratif qui les prive de tous leurs droits de citoyen pour les plonger dans la mis\u00e8re et le harc\u00e8lement. Le cas de M.H\u00e9di Bejaoui est illustrant. En gr\u00e8ve de la faim depuis le 8 mai 2001, il r\u00e9clame ses droits aux soins m\u00e9dicaux, au travail, \u00e0 la libre circulation et \u00e0 vivre en s\u00e9curit\u00e9 dans son pays. <\/font><\/p>\n<p align=\"justify\">\n<p align=\"justify\"><font face=\"Arial\">Nous protestons solennellement contre de tels agissements, qui sont contraires \u00e0 loi tunisienne m\u00eame, et qui heurtent les principes d\u00e9mocratiques fondamentaux et les trait\u00e9s internationaux auxquels la Tunisie est partie.<\/font><\/p>\n<p align=\"justify\">\n<p align=\"justify\"><font face=\"Arial\">Nous vous prions instamment d&rsquo;exercer vos pouvoirs constitutionnels pour :<\/font><\/p>\n<p align=\"justify\">\n<ol>\n<p align=\"justify\">\n<li><font face=\"Arial\">Lib\u00e9rer les gr\u00e9vistes de la faim et tous les prisonniers d&rsquo;opinion. <\/font>\n<\/p>\n<p align=\"justify\">\n<\/li>\n<li><font face=\"Arial\">Promulguer une loi d&rsquo;amnistie g\u00e9n\u00e9rale et r\u00e9tablir \u00e0 chacun ses droits aux soins, au travail et au d\u00e9placement \u00e0 l\u2019int\u00e9rieur du pays comme \u00e0 l\u2019\u00e9tranger. <\/font>\n<\/p>\n<p align=\"justify\">\n<\/li>\n<li><font face=\"Arial\">Mettre fin instamment aux pressions et attaques contre les d\u00e9fenseurs des Droits de l\u2019homme et les militantes et militants de la soci\u00e9t\u00e9 civile, et leur permettre de mener \u00e0 bien leurs activit\u00e9s sans interf\u00e9rence ni menace. <\/font>\n<\/p>\n<p align=\"justify\">\n<\/li>\n<li><font face=\"Arial\">Garantir la libert\u00e9 d&rsquo;association, d&rsquo;expression et d&rsquo;opinion <\/font>\n<\/p>\n<p align=\"justify\">\n<\/li>\n<li><font face=\"Arial\">Garantir le respect des trait\u00e9s internationaux auxquels la Tunisie est partie. <\/font>\n<\/p>\n<\/li>\n<\/ol>\n<p align=\"justify\">\n<p align=\"justify\"><font face=\"Arial\">Nous vous prions, Monsieur le Pr\u00e9sident, de bien vouloir agr\u00e9er nos salutations distingu\u00e9es.<\/font><\/p>\n<p align=\"justify\">\n<p align=\"justify\"><font face=\"Arial\"><u>Organisations signataires :<\/u><\/font><\/p>\n<p align=\"left\">\n<ol>\n<p align=\"left\">\n<li><font face=\"Arial\">Centre Europe-Tiers Monde CETIM, Suisse <\/font>\n<\/p>\n<p align=\"left\">\n<\/li>\n<li><font face=\"Arial\">ACAT-Suisse, Berne <\/font>\n<\/p>\n<p align=\"left\">\n<\/li>\n<li><font face=\"Arial\">Amnesty international, Section Suisse <\/font>\n<\/p>\n<p align=\"left\">\n<\/li>\n<li><font face=\"Arial\">Organisation Mondiale Contre la Torture OMCT, Gen\u00e8ve <\/font>\n<\/p>\n<p align=\"left\">\n<\/li>\n<li><font face=\"Arial\">V\u00e9rit\u00e9-Action, Fribourg, Suisse <\/font>\n<\/p>\n<p align=\"left\">\n<\/li>\n<li><font face=\"Arial\">Commission arabe des Droits Humains, Paris <\/font>\n<\/p>\n<p align=\"left\">\n<\/li>\n<li><font face=\"Arial\">ATTAC-Gen\u00e8ve <\/font>\n<\/p>\n<p align=\"left\">\n<\/li>\n<li><font face=\"Arial\">Droits pour Tous, Gen\u00e8ve <\/font>\n<\/p>\n<p align=\"left\">\n<\/li>\n<li><font face=\"Arial\">Forum Tuniso-Suisse des libert\u00e9s, Etoy, Suisse <\/font>\n<\/p>\n<p align=\"left\">\n<\/li>\n<li><font face=\"Arial\">Programme arabe pour les activistes des Droits Humains APA, Egypte<\/font><\/li>\n<\/ol>\n<p><\/font><\/div>\n<div align=\"center\"><font face=\"Arial\"><\/p>\n<hr\/>\n<p><strong>Lettre sign\u00e9e par dix organisations et adress\u00e9e au Pr\u00e9sident de la Conf\u00e9d\u00e9ration Suisse, le 29 juin 2001<\/strong><strong> <\/p>\n<hr\/>\n<p><\/strong><\/font><\/div>\n<div align=\"left\" dir=\"ltr\"><dir><dir><dir><dir><dir><dir><dir><dir><dir><dir><dir><dir><dir><dir><font face=\"Arial Narrow\" size=\"4\"><\/p>\n<p align=\"justify\"><font face=\"Arial\" size=\"2\">A l\u2019attention de Monsieur <\/font><\/p>\n<p align=\"justify\"><font face=\"Arial\" size=\"2\">Moritz Luenberger<\/font><\/p>\n<p align=\"justify\"><font face=\"Arial\" size=\"2\">Pr\u00e9sident de la conf\u00e9d\u00e9ration <\/font><\/p>\n<p align=\"justify\"><font face=\"Arial\" size=\"2\">Palais f\u00e9d\u00e9ral <\/font><\/p>\n<p align=\"justify\"><font size=\"2\">3003 Berne <\/font><\/p>\n<p align=\"justify\">\n<p align=\"justify\"><font size=\"2\">Berne, le 29 juin 2001<\/font><\/p>\n<p><\/font><\/dir><\/dir><\/dir><\/dir><\/dir><\/dir><\/dir><\/dir><\/dir><\/dir><\/dir><\/dir><\/dir><\/dir><\/p>\n<p align=\"justify\">\n<p align=\"justify\"><font face=\"Arial\" size=\"2\"><strong>Concerne : Pour une amnistie g\u00e9n\u00e9rale en Tunisie. <\/strong><\/font><\/p>\n<p align=\"justify\">\n<p align=\"justify\"><font face=\"Arial\" size=\"2\">Monsieur le Pr\u00e9sident,<\/font><\/p>\n<p align=\"justify\">\n<p align=\"justify\"><font face=\"Arial\" size=\"2\">Nous, les soussign\u00e9es, organisations d\u00e9fendant les Droits de l&rsquo;Homme, exprimons notre forte pr\u00e9occupation quant au sort des prisonniers politiques et d\u2019opinion, actuellement, en gr\u00e8ve de la faim. Leur \u00e9tat de sant\u00e9 se d\u00e9grade de jour en jour et le pire est \u00e0 craindre.<\/font><\/p>\n<p align=\"justify\">\n<p align=\"justify\"><font face=\"Arial\" size=\"2\">De sources concordantes, nous venons d\u2019apprendre qu\u2019un vaste mouvement de gr\u00e8ve de la faim se d\u00e9roule dans les prisons tunisiennes notamment la prison de 9 avril de Tunis pour protester contre la d\u00e9gradation de leurs conditions de d\u00e9tention et r\u00e9clamer la promulgation d\u2019une loi d\u2019amnistie g\u00e9n\u00e9rale qui mettra fin \u00e0 leur calvaire. <\/font><\/p>\n<p align=\"justify\">\n<p align=\"justify\"><font face=\"Arial\" size=\"2\">En ce moment m\u00eame, les diff\u00e9rents lieux d\u2019incarc\u00e9ration \u00e0 travers le pays regorgent d\u2019un peu plus d\u2019un millier de prisonniers d\u2019opinion condamn\u00e9es lors des proc\u00e8s politiques qui ne respectent pas les moindres r\u00e8gles internationales de justice et d\u2019\u00e9quit\u00e9. Dans des cellules surpeupl\u00e9es, ces prisonniers priv\u00e9s de soins vitaux souffrent de plusieurs maladies tr\u00e8s graves qui menacent leur vie notamment les cas de MM. Ali Layaraidh en isolement total depuis 10 ans et Dr Sadok Chourou.<\/font><\/p>\n<p align=\"justify\">\n<p align=\"justify\"><font face=\"Arial\" size=\"2\">Selon M. Hussein Abid, le Rapporteur sp\u00e9cial des Nations Unies sur la libert\u00e9 d\u2019expression et d\u2019opinion, un peu plus de 9000 opposants ont subi des peines de prison ferme ces douze derni\u00e8res ann\u00e9es. Le calvaire des prisonniers d\u2019opinion ne s\u2019arr\u00eate malheureusement pas apr\u00e8s leur lib\u00e9ration. De nouvelles contraintes viennent prolonger leur souffrance. Des ex-prisonniers ont entam\u00e9 ces derniers jours des actions de protestation contre le r\u00e9gime sp\u00e9cial de contr\u00f4le administratif qui les prive de tous leurs droits de citoyen pour les plonger dans la mis\u00e8re et le harc\u00e8lement. Le cas de M.H\u00e9di Bejaoui est illustrant. En gr\u00e8ve de la faim depuis le 8 mai 2001, il r\u00e9clame ses droits aux soins m\u00e9dicaux, au travail, \u00e0 la libre circulation et \u00e0 vivre en s\u00e9curit\u00e9 dans son propre pays. <\/font><\/p>\n<p align=\"justify\">\n<p align=\"justify\"><font face=\"Arial\" size=\"2\">En r\u00e9alit\u00e9, les autorit\u00e9s tunisiennes qui se vantent d\u2019avoir sign\u00e9 la majorit\u00e9 des conventions et des trait\u00e9s internationaux relatifs aux libert\u00e9s et aux droits fondamentaux ne cessent de les bafouer constamment. Plusieurs acteurs de la sc\u00e8ne internationale notamment le Parlement Europ\u00e9en et la France ont manifest\u00e9 r\u00e9cemment leur pr\u00e9occupation face \u00e0 la d\u00e9t\u00e9rioration de la situation des libert\u00e9s dans ce pays.<\/font><\/p>\n<p align=\"justify\">\n<p align=\"justify\"><font face=\"Arial\" size=\"2\">De tels agissements qui ne respectent en rien la dignit\u00e9 de la personne humaine ne laisseront certainement pas la Suisse qui consid\u00e8re la d\u00e9fense des droits de l\u2019homme et la promotion des libert\u00e9s fondamentales comme un objectif de sa politique ext\u00e9rieure indiff\u00e9rente.<\/font><\/p>\n<p align=\"justify\">\n<p align=\"justify\"><font face=\"Arial\" size=\"2\">Ainsi, nous vous sollicitons afin de bien vouloir intervenir aupr\u00e8s des hautes autorit\u00e9s tunisiennes pour : <\/font><\/p>\n<ol start=\"0\">\n<p align=\"justify\">\n<li><font face=\"Arial\" size=\"2\">Lib\u00e9rer les gr\u00e9vistes de la faim et tous les prisonniers d&rsquo;opinion <\/font>\n<\/p>\n<p align=\"justify\">\n<\/li>\n<li><font face=\"Arial\" size=\"2\">Promulguer une loi d&rsquo;amnistie g\u00e9n\u00e9rale et r\u00e9tablir \u00e0 chacun ses droits aux soins, au travail et au d\u00e9placement \u00e0 l\u2019int\u00e9rieur du pays comme \u00e0 l\u2019\u00e9tranger. <\/font>\n<\/p>\n<p align=\"justify\">\n<\/li>\n<li><font face=\"Arial\" size=\"2\">Mettre fin aux pressions et aux attaques contre les d\u00e9fenseurs des droits de l\u2019homme et les acteurs de la soci\u00e9t\u00e9 civile, et leur permettre de mener \u00e0 bien leurs activit\u00e9s sans interf\u00e9rence ni menace. <\/font>\n<\/p>\n<p align=\"justify\">\n<\/li>\n<li><font face=\"Arial\" size=\"2\">Garantir la libert\u00e9 d&rsquo;association, d&rsquo;expression et d&rsquo;opinion <\/font>\n<\/p>\n<p align=\"justify\">\n<\/li>\n<li><font face=\"Arial\" size=\"2\">Garantir le respect des trait\u00e9s internationaux auxquels la Tunisie est partie. <\/font>\n<\/p>\n<\/li>\n<\/ol>\n<p align=\"justify\">\n<p align=\"justify\"><font face=\"Arial\" size=\"2\">Nous vous prions, Monsieur le Pr\u00e9sident, de bien vouloir agr\u00e9er notre profond respect.<\/font><\/p>\n<p align=\"justify\">\n<p align=\"justify\"><font face=\"Arial\" size=\"2\"><u>Organisations signataires :<\/u><\/font><\/p>\n<p align=\"justify\">\n<ol>\n<p align=\"justify\">\n<li><font face=\"Arial\" size=\"2\">Centre Europe-Tiers Monde CETIM, Suisse <\/font>\n<\/p>\n<p align=\"justify\">\n<\/li>\n<li><font face=\"Arial\" size=\"2\">ACAT-Suisse, Berne <\/font>\n<\/p>\n<p align=\"justify\">\n<\/li>\n<li><font face=\"Arial\" size=\"2\">Amnesty international, Section Suisse <\/font>\n<\/p>\n<p align=\"justify\">\n<\/li>\n<li><font face=\"Arial\" size=\"2\">Organisation Mondiale Contre la Torture OMCT, Gen\u00e8ve <\/font>\n<\/p>\n<p align=\"justify\">\n<\/li>\n<li><font face=\"Arial\" size=\"2\">V\u00e9rit\u00e9-Action, Fribourg, Suisse <\/font>\n<\/p>\n<p align=\"justify\">\n<\/li>\n<li><font face=\"Arial\" size=\"2\">Commission arabe des Droits Humains, Paris <\/font>\n<\/p>\n<p align=\"justify\">\n<\/li>\n<li><font face=\"Arial\" size=\"2\">ATTAC-Gen\u00e8ve <\/font>\n<\/p>\n<p align=\"justify\">\n<\/li>\n<li><font face=\"Arial\" size=\"2\">Droits pour Tous, Gen\u00e8ve <\/font>\n<\/p>\n<p align=\"justify\">\n<\/li>\n<li><font face=\"Arial\" size=\"2\">Forum Tuniso-Suisse des libert\u00e9s, Etoy, Suisse <\/font>\n<\/p>\n<p align=\"justify\">\n<\/li>\n<li><font face=\"Arial\" size=\"2\">Programme arabe pour les activistes des Droits Humains APA, Egypte<\/font><strong><font face=\"Arial\" size=\"2\"> <\/font>\n<\/p>\n<p><\/strong><\/li>\n<\/ol>\n<p align=\"justify\">\u00a0<\/p>\n<\/div>\n<p><\/font><\/font><\/td>\n<\/tr>\n<\/tbody>\n<\/table>\n<\/div>\n<div>\u00a0<\/div>\n<div>\n<table border=\"1\" width=\"100%\">\n<tbody>\n<tr>\n<td bgcolor=\"#bbe9ff\" width=\"100%\">\n<p align=\"center\"><font><span lang=\"FR\"><strong>AVTT<\/strong><\/span><\/font><\/p>\n<p align=\"center\"><font><span lang=\"FR\"><?xml:namespace prefix = o ns = \"urn:schemas-microsoft-com:office:office\" \/><o:p><span lang=\"FR\"><strong>Association des Victimes de la Torture en Tunisie<\/strong><\/span><\/o:p><\/span><\/font><\/p>\n<p align=\"center\"><font size=\"2\"><span lang=\"FR\"><o:p><span lang=\"FR\"><o:p><\/p>\n<h3 style=\"color: blue;\"><font size=\"4\"><span lang=\"FR\"><strong>DRAME D&rsquo;UNE FAMILLE EN QUETE DE PROTECTION DEPUIS 13 ANS<\/strong><\/span><\/font><\/h3>\n<p><\/o:p><\/span><\/o:p><\/span><\/font><\/p>\n<\/td>\n<\/tr>\n<tr>\n<td bgcolor=\"#efefef\" width=\"100%\"><font size=\"2\"><font size=\"2\"><\/p>\n<div align=\"left\">\u00a0\u00a0\u00a0 <\/p>\n<p><span lang=\"FR\">\u00a0<\/span><span lang=\"FR\"><span>\u00a0<\/span><\/span><span lang=\"FR\"><strong><em>\u00a0\u00bbIl n&rsquo;existe pas de plus grande douleur au monde que la perte de sa terre natale\u00a0\u00bb<\/em><\/strong><o:p><\/o:p><\/span><\/p>\n<p align=\"right\"><span lang=\"FR\">Euripide, 431 av. J-C<\/span><\/p>\n<p><span lang=\"FR\">\u00a0<\/span><span lang=\"FR\">\u00a0<\/span><span lang=\"FR\">Gen\u00e8ve le 1er juillet 2001<\/span><\/p>\n<p><span lang=\"FR\">\u00a0<\/span><\/p>\n<p><font size=\"4\"><\/p>\n<h3 style=\"color: blue;\"><font><strong><span lang=\"FR\">LE DECES DE Mme BALTI: <o:p><\/o:p><\/span><\/strong><\/font><\/h3>\n<p><\/font><\/p>\n<p><h3 style=\"color: blue;\"><font size=\"4\"><span lang=\"FR\"><strong>DRAME D&rsquo;UNE FAMILLE EN QUETE DE PROTECTION DEPUIS 13 ANS<\/strong><\/span><\/font><\/h3>\n<\/p>\n<p><span lang=\"FR\">\u00a0<\/span><span lang=\"FR\">\u00a0<\/span><span lang=\"FR\">\u00a0<\/span><font size=\"2\"><span lang=\"FR\"><font size=\"2\">C&rsquo;est avec regret que nous annon\u00e7ons la nouvelle du d\u00e9c\u00e8s de notre compatriote Jamila BOUALI, \u00e9pouse BALTI, dans l&rsquo;apr\u00e8s midi du 30 juin 200, \u00e0 l&rsquo;H\u00f4pital cantonal de Zurich, suite \u00e0 une grave<span>\u00a0 <\/span>maladie<\/font>.<o:p><\/o:p><\/span><\/font><\/p>\n<p><font size=\"2\"><span lang=\"FR\"><span>\u00a0<\/span><\/span><span lang=\"FR\"><font size=\"2\">Mme BALTI, \u00e2g\u00e9e de 34 ans et originaire de Tunis, mari\u00e9e et m\u00e8re de 4 enfants a quitt\u00e9 la Tunisie<span>\u00a0 <\/span>en 1988, pour rejoindre son mari Sahbi BALTI, recherch\u00e9 par les autorit\u00e9s, pour fuire les repr\u00e9sailles de la police tunisienne. Ils ont pu rejoindre Valencia en Espagne en 1988 pour s&rsquo;y r\u00e9fugier. Le mari a \u00e9t\u00e9 d\u00e9bout\u00e9 du droit d&rsquo;asile, les autorit\u00e9s tunisiennes n&rsquo;ont pas cess\u00e9 d&rsquo;utiliser de divers moyens de pression pour faire d\u00e9bouter les requ\u00e9rants d&rsquo;asile tunisien dans les quatre points de la plan\u00e8te. Mme BALTI, a obtenu l&rsquo;asile en 1998, au terme de 10 longues ann\u00e9es d&rsquo;attente<\/font>. <o:p><\/o:p><\/span><\/font><\/p>\n<p><font size=\"2\"><font size=\"2\"><span lang=\"FR\"><span>\u00a0<\/span><\/span><\/font><span lang=\"FR\"><font size=\"2\">Le drame des BALTI s&rsquo;aggrave lorsque les autorit\u00e9s espagnoles ordonnent au mari de quitter le pays. M. BALTI est alors contraint de trouver une autre terre d&rsquo;asile. Il vint s&rsquo;installer en Suisse o\u00f9 son dossier est instruit par l&rsquo;Office F\u00e9d\u00e9ral des R\u00e9fugi\u00e9s (ODR) depuis Ao\u00fbt 2000. Les enfants ont rejoint leur p\u00e8re, sans leur m\u00e8re, qui n&rsquo;a pu faire le voyage qu&rsquo;en f\u00e9vrier 2001, vu son \u00e9tat de sant\u00e9. Elle fut tout<span>\u00a0 <\/span>de suite admise \u00e0 l&rsquo;h\u00f4pital cantonal de Zurich, pour le traitement d&rsquo;une leuc\u00e9mie<\/font>.<o:p><\/o:p><\/span><\/font><\/p>\n<p><font size=\"2\"><font size=\"2\"><span lang=\"FR\"><span>\u00a0<\/span><\/span><\/font><span lang=\"FR\"><font size=\"2\">L&rsquo;ODR, jugeant la situation grave, d\u00e9cide d&rsquo;accepter Mme BALTI pour des raisons humanitaires, tout en acc\u00e9l\u00e9rant la proc\u00e9dure de traitement de sa demande d&rsquo;asile. Cette d\u00e9cision n&rsquo;est pas encore prise, la mort \u00e9tait plus rapide que le syst\u00e8me de protection des r\u00e9fugi\u00e9s<\/font>. <o:p><\/o:p><\/span><\/font><\/p>\n<p><font size=\"2\"><span lang=\"FR\">\u00a0<\/span><\/font><span lang=\"FR\"><font size=\"2\">Bien que la mort fait partie des lois de la nature, ce drame illustre bien le calvaire quotidien des<span>\u00a0 <\/span>centaines de tunisiens et des centaines de milliers d&rsquo;humains de par le monde, qui errent pour trouver une terre d&rsquo;asile, une protection pour eux et pour leurs enfants. Les BALTI ont attendu cette protection 13 ann\u00e9es durant, sans pour autant en l&rsquo;avoir, une longue attente dans la d\u00e9tresse et l&rsquo;angoisse au quotidien, la peur d&rsquo;\u00eatre livr\u00e9 \u00e0 leurs bourreaux<\/font>.<o:p><\/o:p><\/span><\/p>\n<p><font size=\"2\"><span lang=\"FR\"><span>\u00a0<\/span><\/span><\/font><span lang=\"FR\"><font size=\"2\">La d\u00e9funte a \u00e9t\u00e9 priv\u00e9 de son pays, vivante, elle ne peu l&rsquo;\u00eatre apr\u00e8s sa mort. L&rsquo;AVTT souligne l&rsquo;importance de la r\u00e9alisation du souhait de la d\u00e9funte et de ses proches, d&rsquo;\u00eatre enterr\u00e9e en Tunisie, sa terre natale, pr\u00e8s des siens<\/font>.<o:p><\/o:p><\/span><\/p>\n<p><span lang=\"FR\"><span>\u00a0<\/span><\/span><span lang=\"FR\">&#8211;<font size=\"2\">L&rsquo;AVTT appelle le Haut Commissariat aux R\u00e9fugi\u00e9s des Nations Unies, les Gouvernements Suisse, Espagnol et Tunisien d&rsquo;\u0153uvrer pour r\u00e9aliser ce testament. L&rsquo;AVTT souligne avec beaucoup de satisfaction le fait que la Tunisie prenne en charge le rapatriement de ses nationaux<\/font>. <o:p><\/o:p><\/span><\/p>\n<p><span lang=\"FR\">\u00a0<\/span><span lang=\"FR\">&#8211;<font size=\"2\">L&rsquo;AVTT urge le Haut Commissaire aux R\u00e9fugi\u00e9s des Nations Unies d&rsquo;user de son pouvoir et ses prorogatives pour permettre au mari et aux enfants d&rsquo;assister aux fun\u00e9railles \u00e0 Tunis, sous la protection internationale<\/font>. <o:p><\/o:p><\/span><\/p>\n<p><span lang=\"FR\"><span>\u00a0<\/span><\/span><span lang=\"FR\">&#8211;<font size=\"2\">L&rsquo;AVTT demande \u00e0 l&rsquo;ODR de donner, incessamment, une issue humaine \u00e0 ce drame, en accordant l&rsquo;asile \u00e0 M. BALTI et \u00e0 ses enfants, pour leur permettre de jouir de la protection de la convention de Gen\u00e8ve sur les r\u00e9fugi\u00e9s<\/font>.<o:p><\/o:p><\/span><\/p>\n<p><span lang=\"FR\">\u00a0<\/span><span lang=\"FR\"><font size=\"2\">-L&rsquo;AVTT exprime ses condol\u00e9ances aux familles BALTI et BOUALI et \u00e0 toutes les victimes de la torture en Tunisie, tout en exigent des autorit\u00e9s tunisiennes de respecter la coutume internationale qui donne le droit \u00e0 tout un chacun de faire le deuil et d&rsquo;assister aux fun\u00e9railles des siens<\/font>.<o:p><\/o:p><\/span><\/p>\n<p><span lang=\"FR\"><span>\u00a0<\/span><\/span><i><span lang=\"FR\">\u00a0<o:p><\/o:p><\/span><\/i><\/p>\n<p align=\"right\"><i><span lang=\"FR\"><strong>\u00a0\u00bbNous sommes tous \u00e0 Dieu et \u00e0 lui nous retournons\u00a0\u00bb<\/strong><o:p><\/o:p><\/span><\/i><\/p>\n<p align=\"right\"><span lang=\"FR\">Le saint Coran<\/span><\/p>\n<h4 align=\"right\" style=\"color: blue;\"><span lang=\"FR\">Gen\u00e8ve le 1er juillet 2001<\/span><span lang=\"FR\">\u00a0<o:p><\/o:p><\/span><\/h4>\n<p align=\"left\"><span lang=\"FR\">AVTT<o:p><\/o:p><\/span><\/p>\n<p>\u00a0<\/p>\n<p><span lang=\"FR\">P.S.: <\/span><\/p>\n<h3 style=\"color: blue;\"><font size=\"3\"><span lang=\"FR\">M. Sahbi BALTI: +41-(0)78 795 21 64<\/span><\/font><\/h3>\n<h3 style=\"color: blue;\"><font size=\"2\"><span lang=\"FR\">Dossier HCR suivi par Mme RETCHILELLI, +41-(0)22-739 83 29<\/span><\/font><\/h3>\n<p><font size=\"2\"><span lang=\"FR\">M. Paul BUSSINGER, Freiplatz aktion: +41-(0)1-241 54 11<o:p><\/o:p><\/span><\/font><\/p>\n<p><font size=\"2\"><span lang=\"FR\">Dossier AVTT suivi par Abdennacer NAIT-LIMAN: +41-(0)79 683 07 12<\/span><\/font><\/p>\n<\/div>\n<p><\/font><\/font><\/td>\n<\/tr>\n<\/tbody>\n<\/table>\n<\/div>\n<div>\u00a0<\/div>\n<div>\n<table border=\"1\" width=\"100%\">\n<tbody>\n<tr>\n<td bgcolor=\"#bbe9ff\" width=\"100%\">\n<p align=\"center\"><font size=\"2\"><span lang=\"FR\"><strong><font size=\"3\">Moncef Marzouki<\/font><\/strong><\/span><\/font><\/p>\n<p align=\"center\"><font size=\"2\"><span lang=\"FR\"><o:p><span lang=\"FR\"><strong><font size=\"4\">La rencontre<\/font><\/strong><span>\u00a0 <\/span><o:p><\/o:p><\/span><\/o:p><\/span><\/font><\/p>\n<\/td>\n<\/tr>\n<tr>\n<td bgcolor=\"#efefef\" width=\"100%\"><font size=\"2\"><font size=\"2\"><\/p>\n<div align=\"left\">\u00a0\u00a0\u00a0\u00a0<span lang=\"FR\"><span>\u00a0\u00a0\u00a0\u00a0\u00a0\u00a0\u00a0\u00a0\u00a0\u00a0\u00a0\u00a0\u00a0\u00a0\u00a0\u00a0\u00a0 <\/span><\/span><\/div>\n<p align=\"left\" dir=\"ltr\"><span lang=\"FR\">Vendredi 28 juin 2001.<o:p><\/o:p><\/span><\/p>\n<p align=\"left\" dir=\"ltr\"><span lang=\"FR\">C\u2019est le<span>\u00a0 <\/span>jour national pour<span>\u00a0 <\/span>l\u2019amnistie g\u00e9n\u00e9rale<span>\u00a0 <\/span>en Tunisie .<o:p><\/o:p><\/span><\/p>\n<p align=\"left\" dir=\"ltr\"><span lang=\"FR\"><span>\u00a0<\/span>Ils vont \u00eatre un peu plus collants , un peu plus nerveux ,un peu plus nombreux\u00a0,<span>\u00a0 <\/span>me suis \u2013je dit<span>\u00a0 <\/span>en me pr\u00e9parant \u00e0 une dure journ\u00e9e .<o:p><\/o:p><\/span><\/p>\n<p align=\"left\" dir=\"ltr\"><i><span lang=\"FR\">Ils<\/span><\/i><span lang=\"FR\"> , ce sont les policiers en civil que je tra\u00eene avec moi comme un boulet depuis une d\u00e9cennie <o:p><\/o:p><\/span><\/p>\n<p align=\"left\" dir=\"ltr\"><span lang=\"FR\">Ils<span>\u00a0 <\/span>m\u2019ont fil\u00e9<span>\u00a0 <\/span>dans les ruelles de la m\u00e9dina , accompagn\u00e9 chez l\u2019\u00e9picier du coin,<span>\u00a0 <\/span>poursuivi sur des centaines de kilom\u00e8tres dans leurs voitures banalis\u00e9es , talonn\u00e9 dans les couloirs des cliniques , encadr\u00e9 dans les trains , camp\u00e9 devant chez moi pendant des semaines . Je les ai vu assister \u00e0 mes cours , aux soutenances de th\u00e8se , noter<span>\u00a0 <\/span>religieusement ce que je dis dans les conf\u00e9rences internationales dans tout pays<span>\u00a0 <\/span>ou la Tunisie a un consulat .<o:p><\/o:p><\/span><\/p>\n<p align=\"left\" dir=\"ltr\"><span lang=\"FR\">Que de fois m\u2019ont \u2013ils arr\u00eat\u00e9 aussi\u00a0:<span>\u00a0\u00a0 <\/span>chez moi , \u00e0 ma descente d\u2019avion , en sortant de la facult\u00e9 ,<span>\u00a0 <\/span>d\u2019une c\u00e9r\u00e9monie fun\u00e8bre .<span>\u00a0 <\/span>Ils<span>\u00a0 <\/span>m\u2019ont m\u00eame kidnapp\u00e9 une fois selon les sc\u00e9nario des plus mauvais films de s\u00e9rie B.<o:p><\/o:p><\/span><\/p>\n<p align=\"left\" dir=\"ltr\"><span lang=\"FR\"><span>\u00a0<\/span>Je ne mesurais pas encore \u00e0 quel point <i>ils<\/i> allaient \u00eatre Nerveux , collants , et innombrables , ce jour que la soci\u00e9t\u00e9 civile voulait d\u00e9dier \u00e0 ma concorde civile . <o:p><\/o:p><\/span><\/p>\n<p align=\"left\" dir=\"ltr\"><span lang=\"FR\">Les deux flics qui montent avec moi dans le train<span>\u00a0 <\/span>Sousse-Tunis respirent bruyamment dans mon dos . A la gare de Tunis c\u2019est la foule .Trois motos avec des gamins bruyants et excit\u00e9s ne me l\u00e2cheront plus<span>\u00a0 <\/span>d\u2019une semelle toute le journ\u00e9e , roulant bruyamment sur le trottoir ou je marche , fendant \u00e0 contre-sens<span>\u00a0 <\/span>une foule inqui\u00e8te et perplexe .<o:p><\/o:p><\/span><\/p>\n<p align=\"left\" dir=\"ltr\"><span lang=\"FR\">Le barrage autour du si\u00e8ge<span>\u00a0 <\/span>de la ligue, ou devait se tenir la premi\u00e8re r\u00e9union de la journ\u00e9e<span>\u00a0 <\/span>,<span>\u00a0 <\/span>est incroyablement dense .<span>\u00a0 <\/span>ils ont beau \u00eatre tous en civil , j\u2019en<span>\u00a0 <\/span>reconnais la plupart . On me laisse passer<span>\u00a0 <\/span>pour rejoindre ceux qui ont pu se faufiler , mais les anonymes sont brutalement refoul\u00e9s .<o:p><\/o:p><\/span><\/p>\n<p align=\"left\" dir=\"ltr\"><span lang=\"FR\"><span>\u00a0<\/span>la conf\u00e9rence de presse d\u00e9marre dans le bruit des cris qui montent de la rue , ou les fiers \u00e0 bras continuent de repousser<span>\u00a0 <\/span>les arrivants<span>\u00a0 <\/span>.\u00a0<\/span><span lang=\"FR\"><span><\/span><\/span><\/p>\n<p align=\"left\" dir=\"ltr\"><span lang=\"FR\"><span>\u00a0<\/span>La conf\u00e9rence termin\u00e9e , je redescends au pas du course . Tant de choses \u00e0 faire , de gens \u00e0 voir , par cette canicule et avec ces trois motos dans le dos\u00a0! quelle perspective peu r\u00e9jouissante<span>\u00a0 <\/span>.<o:p><\/o:p><\/span><\/p>\n<p align=\"left\" dir=\"ltr\"><span lang=\"FR\"><span>\u00a0<\/span>En bas de l\u2019immeuble , il y plus de policiers que de passants .c\u2019est fou , c\u2019est d\u00e9mentiel , c\u2019est insens\u00e9 , et c\u2019est partout pareil\u00a0: devant l\u2019immeuble du Conseil , les maisons des militants<span>\u00a0 <\/span>connus , dans toutes les rues sensibles . Tunis est en \u00e9tat de si\u00e8ge policier .<o:p><\/o:p><\/span><\/p>\n<p align=\"left\" dir=\"ltr\"><span lang=\"FR\">Je fends cette masse compacte de visages hostiles , regardant droit devant moi .<o:p><\/o:p><\/span><\/p>\n<p align=\"left\" dir=\"ltr\"><span lang=\"FR\">Brusquement un grand gaillard<span>\u00a0 <\/span>me fait face , vrille son regard dans le mien et me dit d\u2019une voix presque plaintive .<o:p><\/o:p><\/span><\/p>\n<p align=\"left\" dir=\"ltr\"><span lang=\"FR\">-Docteur , nous ne faisons qu\u2019ex\u00e9cuter des ordres .<o:p><\/o:p><\/span><\/p>\n<p align=\"left\" dir=\"ltr\"><span lang=\"FR\"><span>\u00a0<\/span>Rien peut plus m\u2019agacer<span>\u00a0 <\/span>davantage que cette excuse . Croyant l\u2019homme libre , je le crois aussi responsable . Mais je n\u2019ai pas le temps de d\u00e9battre .<o:p><\/o:p><\/span><\/p>\n<p align=\"left\" dir=\"ltr\"><span lang=\"FR\">&#8211;<span>\u00a0\u00a0\u00a0\u00a0\u00a0\u00a0\u00a0\u00a0\u00a0 <\/span><\/span><span lang=\"FR\">je sais mais allez \u2013y doucement .<o:p><\/o:p><\/span><\/p>\n<p align=\"left\" dir=\"ltr\"><span lang=\"FR\">L\u2019homme s\u2019enhardit .<o:p><\/o:p><\/span><\/p>\n<p align=\"left\" dir=\"ltr\"><span lang=\"FR\">-vous Docteur , vous \u00eates un homme raisonnable , vous ne nous insultez jamais , mais certains de vos amis<o:p><\/o:p><\/span><\/p>\n<p align=\"left\" dir=\"ltr\"><span lang=\"FR\">la situation ne manque pas de sel . L\u2019homme qui traque pour son ma\u00eetre tous ceux qui commettent le d\u00e9lit de dignit\u00e9 , se plaint \u00e0 l\u2019un d\u2019eux qu\u2019on ait attent\u00e9 \u00e0 la sienne <o:p><\/o:p><\/span><\/p>\n<p align=\"left\" dir=\"ltr\"><span lang=\"FR\">&#8211; Docteur apr\u00e8s tout nous sommes<span>\u00a0 <\/span>aussi des \u2026.<o:p><\/o:p><\/span><\/p>\n<p align=\"left\" dir=\"ltr\"><span lang=\"FR\"><span>\u00a0<\/span>Je continue mentalement la phrase suspendue: Des humains , oui des humains Que pourriez \u2013vous \u00eatre d\u2019autre ,<span>\u00a0 <\/span>sinon des humains \u00e0<span>\u00a0 <\/span>que la malchance et les circonstances font jouer le r\u00f4le de vilains , exprimant ces \u2018\u2019g\u00eanes \u2018\u2019 de violence et de m\u00e9chancet\u00e9<span>\u00a0 <\/span>que nous portons tous en nous<span>\u00a0 <\/span>quiescents , fortement brid\u00e9s mais pr\u00eats \u00e0 exploser si les conditions l\u2019exigent ou le permettent<span>\u00a0 <\/span>.<o:p><\/o:p><\/span><\/p>\n<p align=\"left\" dir=\"ltr\"><span lang=\"FR\">Je n\u2019ignore rien de l\u2019\u00e9tat d\u2019\u00e2me de cette police qui se sait pl\u00e9thorique sans raison , crainte et m\u00e9pris\u00e9e , surtout<span>\u00a0 <\/span>inutile ,tournant en rond et \u00e0 vide car<span>\u00a0 <\/span>dress\u00e9e \u00e0 courir derri\u00e8re<span>\u00a0 <\/span>le secret dans un pays transparent ,<span>\u00a0 <\/span>\u00e0 mater les r\u00e9voltes dans une<span>\u00a0 <\/span>soci\u00e9t\u00e9<span>\u00a0 <\/span>pacifique , qui plus est secr\u00e8tement habit\u00e9e par la peur de l\u2019arriv\u00e9e au pouvoir de ceux qu\u2019elle traque . Intenable<span>\u00a0 <\/span>situation . Mais qu\u2019 y puis-je\u00a0?<o:p><\/o:p><\/span><\/p>\n<p align=\"left\" dir=\"ltr\"><span lang=\"FR\">L\u2019homme rench\u00e9rit en toute vitesse comme s\u2019il voulait me dire quelque chose d\u2019important avant que je file .<o:p><\/o:p><\/span><\/p>\n<p align=\"left\" dir=\"ltr\"><span lang=\"FR\">&#8211; Certains de vos amis ne veulent rien comprendre \u00e0 notre situation . ils nous insultent . Il y en a m\u00eame qui \u2026. Il y a quelques mois , une femme m\u2019a crach\u00e9 sur le visage .<o:p><\/o:p><\/span><\/p>\n<p align=\"left\" dir=\"ltr\"><span lang=\"FR\">l\u2019homme porte la main \u00e0 sa joue droite et me regarde d\u2019une \u00e9trange fa\u00e7on .<o:p><\/o:p><\/span><\/p>\n<p align=\"left\" dir=\"ltr\"><span lang=\"FR\">C\u2019est \u00e0 ce moment l\u00e0 qu\u2019eut lieu ce que j\u2019appelle la rencontre . <o:p><\/o:p><\/span><\/p>\n<p align=\"left\" dir=\"ltr\"><span lang=\"FR\">Rien n\u2019est plus pr\u00e9cieux que cette sorte de \u2018\u2019Satori<span>\u00a0 <\/span>\u2018\u2019 psychologique , \u00e0 la fois banale et sans prix<span>\u00a0 <\/span>. Comme pour cette exp\u00e9rience ce l\u2019\u00e9veil si ch\u00e8re aux bouddhistes<span>\u00a0 <\/span>, il est inutile d\u2019essayer de le provoquer . la rencontre. Que ce soit<span>\u00a0 <\/span>avec le partenaire , l\u2019enfant , l\u2019ami ou l\u2019ennemi , elle est<span>\u00a0 <\/span>un acte fortuit,<span>\u00a0 <\/span>al\u00e9atoire , arrivant quand il arrive au moment o\u00f9 on l\u2019attend le moins<span>\u00a0 <\/span>.<o:p><\/o:p><\/span><\/p>\n<p align=\"left\" dir=\"ltr\"><span lang=\"FR\">Les humains sont la plupart du temps opaques les uns aux autres . ils tiennent \u00e0 le rester et pour ce faire ,<span>\u00a0 <\/span>ils ont mille ruses dont la plus affect\u00e9e des franchises . Encombr\u00e9s de masques , jouant le r\u00f4le<span>\u00a0 <\/span>de leur propre personnage,<span>\u00a0 <\/span>plus celui d\u2019un nombre incalculables de \u2018\u2019je \u2018\u2019 parasite , ils sont toujours dans un ailleurs flou et incertain ou ils se perdent pour eux-m\u00eames et pour les autres . <o:p><\/o:p><\/span><\/p>\n<p align=\"left\" dir=\"ltr\"><span lang=\"FR\">Quand se produit <span>\u00a0<\/span>le miracle<span>\u00a0 <\/span>de la rencontre , tout se passe comme si les deux \u00eatres ont abandonn\u00e9 les masques empil\u00e9s\u00a0, le jeu des statuts et des r\u00f4les . Les deux consciences sont nues .elles se font face et sont parfaitement synchronis\u00e9es .On plonge le regard dans l\u2019autre conscience<span>\u00a0 <\/span>comme<span>\u00a0 <\/span>on regarde le fond<span>\u00a0 <\/span>une piscine \u00e0 l\u2019eau claire . cette plong\u00e9e du regard ne s\u2019apparente \u00e0 aucune forme de viol , puisque l\u2019autre se donne<span>\u00a0 <\/span>pleinement \u00e0 vous et ne se fuit plus lui-m\u00eame<span>\u00a0 <\/span>.<o:p><\/o:p><\/span><\/p>\n<p align=\"left\" dir=\"ltr\"><span lang=\"FR\">En fait , est-ce bien dans l\u2019autre qu\u2019on plonge ce<span>\u00a0 <\/span>regard qui ne rencontre point<span>\u00a0 <\/span>d\u2019obstacle ou<span>\u00a0 <\/span>le plonge-t-on dans un soi devenu aussi par le miracle de la rencontre tout aussi transparent\u00a0?<o:p><\/o:p><\/span><\/p>\n<p align=\"left\" dir=\"ltr\"><span lang=\"FR\">En r\u00e9alit\u00e9 la magie de la rencontre tient dans cette exp\u00e9rience extraordinaire , ou l\u2019espace d\u2019un temps infinit\u00e9simal on devient l\u2019autre tout en restant soi . Alors on comprend tout car<span>\u00a0 <\/span>entre les deux \u00eatres il n\u2019y a plus de fracture , mais la<span>\u00a0 <\/span>continuit\u00e9.<span>\u00a0 <\/span><o:p><\/o:p><\/span><\/p>\n<p align=\"left\" dir=\"ltr\"><span lang=\"FR\">Le terrible crachat ravine maintenant ma joue gauche comme une coul\u00e9e de lave br\u00fblante d\u2019humiliation . <o:p><\/o:p><\/span><\/p>\n<p align=\"left\" dir=\"ltr\"><span lang=\"FR\">Quand la rencontre a lieu , la r\u00e9ponse<span>\u00a0\u00a0 <\/span>ne se commande pas . Elle<span>\u00a0 <\/span>est ample , ais\u00e9e<span>\u00a0 <\/span>spontan\u00e9e et parfaitement adapt\u00e9e .<o:p><\/o:p><\/span><\/p>\n<p align=\"left\" dir=\"ltr\"><span lang=\"FR\">Ma main sait toute seule<span>\u00a0 <\/span>ce qu\u2019il faut faire et le fait<span>\u00a0 <\/span>. Elle se tend doucement<span>\u00a0 <\/span>, cherche la joue du policier<span>\u00a0 <\/span>et l\u2019effleure<span>\u00a0 <\/span>.<o:p><\/o:p><\/span><\/p>\n<p align=\"left\" dir=\"ltr\"><span lang=\"FR\">-voil\u00e0 , maintenant<span>\u00a0 <\/span>il est essuy\u00e9 .<o:p><\/o:p><\/span><\/p>\n<p align=\"left\" dir=\"ltr\"><span lang=\"FR\">La salive qui coule depuis des mois , voire des ann\u00e9es s\u2019ass\u00e8che brusquement . la plaie purulente se referme tout aussi brusquement .<o:p><\/o:p><\/span><\/p>\n<p align=\"left\" dir=\"ltr\"><span lang=\"FR\"><span>\u00a0<\/span>l\u2019homme sourit , l\u2019\u00e2me enfin en paix<span>\u00a0\u00a0 <\/span>. <o:p><\/o:p><\/span><\/p>\n<p align=\"left\" dir=\"ltr\"><span lang=\"FR\">je lui tourne le dos et je fonce vers mes rendez-vous incertains <o:p><\/o:p><\/span><\/p>\n<p align=\"left\" dir=\"ltr\"><span lang=\"FR\">Toute la sc\u00e8ne aura dur\u00e9 moins de trente seconde .<o:p><\/o:p><\/span><\/p>\n<p align=\"left\" dir=\"ltr\"><span lang=\"FR\">Derri\u00e8re moi vombrissent les motos . Bient\u00f4t fuseront les quolibets et les insultes .<o:p><\/o:p><\/span><\/p>\n<p align=\"left\" dir=\"ltr\"><span lang=\"FR\">Mais qu\u2019importe . Quelle magnifique journ\u00e9e\u00a0: Une<span>\u00a0\u00a0 <\/span>dictature discr\u00e9dit\u00e9e et<span>\u00a0 <\/span>affol\u00e9e \u00e9talant sa brutalit\u00e9 impuissante ,<span>\u00a0 <\/span>une soci\u00e9t\u00e9 civile plus que jamais unie dans<span>\u00a0 <\/span>sa d\u00e9termination \u00e0 tourner la page d\u2019une d\u00e9cennie de r\u00e9pression aveugle<span>\u00a0 <\/span>, et puis une rencontre , qui plus est avec un policier .Que veut le peuple\u00a0?<\/span><\/p>\n<p><\/font><\/font><\/td>\n<\/tr>\n<\/tbody>\n<\/table>\n<\/div>\n<div>\u00a0<\/div>\n<div>\n<table border=\"1\" width=\"100%\">\n<tbody>\n<tr>\n<td bgcolor=\"#bbe9ff\" width=\"100%\">\n<p align=\"center\"><font face=\"Arial\" size=\"2\"><font size=\"2\"><span lang=\"FR\"><strong><font size=\"3\">Moncef Marzouki<\/font><\/strong><\/span><\/font><\/font><\/p>\n<p align=\"center\">\n<h4 style=\"color: blue;\"><font face=\"Arial\" size=\"4\"><a><strong>Ils ont encag\u00e9 la lionne<\/strong><\/a><\/font><\/h4>\n<\/p>\n<\/td>\n<\/tr>\n<tr>\n<td bgcolor=\"#efefef\" width=\"100%\"><font size=\"2\"><font size=\"2\"><\/p>\n<div align=\"left\">\u00a0\u00a0 <font face=\"Arial\" size=\"2\">Sousse le 27\/06\/2001\u00a0<\/font> <\/div>\n<p align=\"left\"><font face=\"Arial\" size=\"2\">Le 26 juin, Sihem Ben Sedrine, journaliste et militante de la premi\u00e8re heure pour la D\u00e9mocratie et les droits de l&rsquo;homme en Tunisie, a \u00e9t\u00e9 Interpell\u00e9e \u00e0 sa descente d&rsquo;avion, et jet\u00e9e \u00e0 la prison de \u00a0\u00bbla Manouba\u00a0\u00bb pour \u00a0\u00bbdiffusion de fausses nouvelles\u00a0\u00bb \u00e0 l&rsquo;\u00e9tranger. Nous \u00e9tions un certain nombre d&rsquo;amis venus \u00e0 l&rsquo;attendre \u00e0 l&rsquo;a\u00e9roport de Tunis -carthage, le bruit ayant couru qu&rsquo;elle pourrait \u00eatre arr\u00eat\u00e9e pares avoir stigmatis\u00e9 cr\u00fbment la corruption et la dictature, les deux plaies b\u00e9antes de la Tunisie de Ben Ali.\u00a0<br \/>L&rsquo;arrestation confirm\u00e9e, je vis autour de moi, l&rsquo;humeur g\u00e9nerale basculer dans la col\u00e8re, l&rsquo;indignation, le d\u00e9gout, la r\u00e9volte. Moi, par contre j&rsquo;\u00e9tais tout simplement amus\u00e9. Il faut dire qu&rsquo;avec la longue pratique de ce r\u00e9gime, peut-\u00eatre aussi l&rsquo;\u00e2ge, voire m\u00eame le d\u00e9but de ce que d&rsquo;aucuns nomment sagesse, je ne r\u00e9agis plus aux travers des humains -les miens compris- que par deux modes affectifs: l&rsquo;agacement et l&rsquo;amusement.\u00a0<br \/>Le m\u00eame \u00e9v\u00e9nement sera v\u00e9cu sur un mode plut\u00f4t que l&rsquo;autre en fonction d&rsquo;infimes facteurs positionnant l&rsquo;aiguille de l&rsquo;humeur tant\u00f4t dans le vert de l&rsquo;amusement, tant\u00f4t dans l&rsquo;orange de l&rsquo;agacement .\u00a0<br \/>Ce matin le d\u00e9tail infime, \u00e9tait l&rsquo;accoutrement de mes anges gardiens qui ne me l\u00e2chent pas d&rsquo;une semelle, et qui sont mont\u00e9s avec moi dans le train en m&rsquo;encadrant soigneusement, au cas ou j&rsquo;aurais l&rsquo;id\u00e9e de sauter en marche. Lunettes de soleil,casquettes de base-balle, short bouffants, chemises bariol\u00e9es, on aurait dit des touristes Hawaiens. Je n&rsquo;ai pas arr\u00eat le long du trajet de rire dans ma barbe. La caract\u00e9ristique fondamentale, l&rsquo;essence comme diraient les philosophes d&rsquo;une dictature est ce cot\u00e9 \u00e0 la fois sinistre et ridicule si difficile \u00e0 rendre dans le cin\u00e9ma et la litt\u00e9rature, mais qui signe quand il est bien rendu \u00e0 la fois la r\u00e9ussite de l&rsquo;\u0153uvre et la mise \u00e0 nu du noyau dur de toute dictature. L&rsquo;arrestation de Sihem porte mon amusement \u00e0 son comble. Ils ont encag\u00e9 la lionne. Elle, va s&rsquo;amuser, mais eux\u2026 les pauvres. Cette femme intr\u00e9pide, inflexible, non -intimidable, va leur en faire voir de toutes les couleurs.\u00a0<br \/>La connaissant depuis vingt ans, c&rsquo;est comme si je la voyais dompter ses gardiennes, en faire ses subordonn\u00e9s. Journaliste jusqu&rsquo;au sang, avant m\u00eame d&rsquo;\u00eatre militante des droits de l&rsquo;homme, je la vois s&rsquo;atteler au travail. Une telle occasion ne se perd pas. Il faut dire que nous manquions singuli\u00e8rement d&rsquo;informations sur les prisons de femmes. le long des ann\u00e9es, et avec le nombre de Tunisiens embastill\u00e9s dont la plupart des militants des droits de l&rsquo;homme, nous avions fini par faire le tour des horreurs du syst\u00e8me p\u00e9nitentiaire de la dictature -encombrement \u00e9pouvantable, auto-mutilation de protestation, viols de mineurs, drogue, s\u00e9vices etc. La moisson \u00e9tait si consid\u00e9rable que nous en avions fait un rapport publi\u00e9 en Octobre 1999 au nom du Conseil National pour les Libert\u00e9s en Tunisie (CNLT) dont sihem est aujourd&rsquo;hui la porte-parole. Par contre sur les prisons de femmes, nous ne savions rien ou quelques vagues rumeurs plus inqui\u00e9tantes les unes que les autres et tout aussi inv\u00e9rifiables. En 1986 Sihem avait d\u00e9j\u00e0 fait un bref s\u00e9jour \u00e0 la prison de la Manouba.\u00a0<br \/>A sa sortie, elle a fait un compte-rendu au bureau directeur de la ligue des droits de l&rsquo;homme, dont nous \u00e9tions tous les deux membres. Deux choses l&rsquo;avaient particuli\u00e8rement r\u00e9volt\u00e9e. Le plus endurci des criminels hommes recevra la visite de sa femme, de ses enfants. Par contre une femme en prison est une honte qu&rsquo;on s&#8217;empresse d&rsquo;effacer de son souvenir. Le plus souvent, elle ne verra ni mari, ni enfants, ni parents et ce pendant des ann\u00e9es.\u00a0<br \/>L&rsquo;autre diff\u00e9rence est que dans les prisons de femmes, les journaux \u00e9taient tout simplement interdits. Depuis quand des femmes et de surcroit des criminelles ont-elles besoin de lire? Sihem, lectrice enrag\u00e9e, passionn\u00e9e de Borgnes et de Kundera doit subtiliser les journaux d&#8217;emballage pour rester en contact avec l&rsquo;\u00e9crit.\u00a0<br \/>Voil\u00e0 donc l&rsquo;occasion r\u00e9v\u00e9e pour voir ou en est la situation, v\u00e9rifier surtout comment se perd l&rsquo;humanit\u00e9, dans ces lieux de cauchemar que sont les prisons tunisiennes, quand on est un humain de sexe f\u00e9minin. Mais sihem, va les rendre fous \u00e0 tous les niveaux ou se joue le combat entre une soci\u00e9t\u00e9 civile d\u00e9velopp\u00e9e et un r\u00e9gime digne de l&rsquo;Am\u00e9rique latine ou du moyen-orient des ann\u00e9es 50.\u00a0<br \/>Je songe d\u00e9j\u00e0 \u00e0 la t\u00eate du juge d&rsquo;instruction quand la lionne se d\u00e9chainera contre lui et contre toute cette parodie de justice, ou l&rsquo;appareil policier essaye de cacher l&rsquo;arbitraire dans lequel il fait vivre le pays, derri\u00e8re une feuille de vigne qu&rsquo;il appelle la loi. Mon amusement frise la jubilation quand je \u00a0\u00bbvois\u00a0\u00bb la t\u00eate du pouvoir devant le toll\u00e9 g\u00e9neral, la mont\u00e9e d&rsquo;un nouveau cran de l&rsquo;hostilit\u00e9 de l&rsquo;opinion nationale lasse de ce r\u00e9gime ou seuls fonctionnent les r\u00e9flexes et plus sp\u00e9cialement le r\u00e9flexe de la r\u00e9pression, la mobilisation de la plus puissante arm\u00e9e au monde, celle des journalistes pour une des leurs. Je \u00a0\u00bbvois\u00a0\u00bb sa t\u00eate devant l&rsquo;exasp\u00e9ration croissante de la soci\u00e9t\u00e9 civile car jamais le divorce n&rsquo;aura \u00e9t\u00e9 aussi grand entre elle et le pouvoir. D&rsquo;un c\u00f4t\u00e9 une mobilisation sans pr\u00e9c\u00e9dent pour l&rsquo;amnistie g\u00e9n\u00e9rale, de l&rsquo;autre la poursuite du remplissage des prisons.\u00a0<br \/>Quelle absurde fuite en avant dans une politique contre-productive et sans perspective!! Contre cette folie r\u00e9pressive, il y&rsquo;a la r\u00e9sistance d\u00e9mocratique de l&rsquo;int\u00e9rieur dont Sihem est l&rsquo;une des figures embl\u00e9matiques. De l&rsquo;ext\u00e9rieur, c&rsquo;est la solidarit\u00e9 d\u00e9mocratique des soci\u00e9t\u00e9s civiles s\u0153urs qui doit jouer \u00e0 plein. la fran\u00e7aise qui f\u00eate dans l&rsquo;all\u00e9gresse la loi de 1901, en oubliant parfois ce que sa promulgation a co\u00fbt\u00e9 hier au fran\u00e7ais, ne doit pas fermer les yeux sur ce qu&rsquo;elle co\u00fbte aujourd&rsquo;hui aux Alg\u00e9riens ou aux Tunisiens.\u00a0<br \/>L&rsquo;un de mes amis Belges m&rsquo;a appris une tr\u00e8s belle phrase ou il est dit \u00a0\u00bbce qui est le plus dangereux au monde ce n&rsquo;est pas le bruit des bottes, mais le silence des pantoufles\u00a0\u00bb.\u00a0<\/font><\/p>\n<p align=\"left\"><font face=\"Arial\" size=\"2\">Puisse ce silence se faire clameur montant de toute part:\u00a0<br \/>Lib\u00e9rez la lionne.<\/font><\/p>\n<p><\/font><\/font><\/td>\n<\/tr>\n<\/tbody>\n<\/table>\n<\/div>\n<div>\u00a0<\/div>\n<table border=\"1\" width=\"100%\">\n<tbody>\n<tr>\n<td bgcolor=\"#bbe9ff\" width=\"100%\">\n<p align=\"center\"><font><strong>MARSEILLE: MANIF DEVANT LE CONSULAT<\/strong><\/font><\/p>\n<\/td>\n<\/tr>\n<tr>\n<td bgcolor=\"#efefef\" width=\"100%\"><font size=\"2\"><font size=\"2\"><\/p>\n<p align=\"left\">\u00a0<\/p>\n<p align=\"left\">\n<h4 style=\"color: blue;\"><font size=\"4\"><strong>TUNIS: NOUVELLES REJOUISSANTES..LE CONGRES DU RAID-ATTAC-TUNISIE A PU S&rsquo;OUVRIR \u00ab\u00a0NORMALEMENT\u00a0\u00bb.<br \/><\/strong><\/font><\/h4>\n<\/p>\n<div align=\"left\"><\/div>\n<div align=\"left\"><\/div>\n<div align=\"left\"><\/div>\n<div align=\"left\"><\/div>\n<div align=\"left\">Chers amis,pari r\u00e9ussi! <\/div>\n<div align=\"left\"><\/div>\n<div align=\"left\">Samedi matin gr\u00e2ce aux efforts de tous, nous \u00e9tions une cinquantaine devant le consulat de Tunisie \u00e0 Marseille. Le consul a refus\u00e9, une fois de plus de nous recevoir. Nous sommes rest\u00e9s sous ses fen\u00eatres, pour lui dire notre fa\u00e7on de penser et pour informer la population marseillaise sur la r\u00e9alit\u00e9 de la dictature de Ben Ali. <\/div>\n<div align=\"left\"><\/div>\n<div align=\"left\">Les journalistes s&rsquo;\u00e9taient d\u00e9plac\u00e9s, dont un cam\u00e9ramen de FR3. Nous avons expliqu\u00e9 tout le mal que nous pensions des compromissions du gouvernement fran\u00e7ais avec un r\u00e9gime liberticide et corrompu; et nous avons d\u00e9nonc\u00e9 l&rsquo;hypocrisie des accords de partenariat, mis en place par l&rsquo;Union Europ\u00e9enne, qui permettent aux multinationales europ\u00e9ennes d&rsquo;un c\u00f4t\u00e9 et \u00e0 une clique mafieuse de l&rsquo;autre de faire des affaires sur le dos des peuples. <\/div>\n<div align=\"left\"><\/div>\n<div align=\"left\">Nous avons eu la bonne surprise de constater qu&rsquo;une partie des tunisiens de Marseille n&rsquo;h\u00e9sitaient plus \u00e0 se joindre \u00e0 nous pour d\u00e9noncer ce qui dans <\/div>\n<div align=\"left\"><\/div>\n<div align=\"left\">leur pays doit changer d&rsquo;urgence. Pendant ce temps \u00e0 Tunis, \u00e0 partir de 13h, la police levait le si\u00e8ge du local du RAID et permettait enfin aux nombreuses d\u00e9l\u00e9gations \u00e9trang\u00e8res d&rsquo;arriver et de tenir une conf\u00e9rence de presse. <\/div>\n<div align=\"left\"><\/div>\n<div align=\"left\">A cette conf\u00e9rence ont particip\u00e9 non seulement nos camarades du RAID et d&rsquo;ATTAC, des repr\u00e9sentants des organisations d\u00e9mocratiques tunisiennes, des d\u00e9put\u00e9s fran\u00e7ais du parlement europ\u00e9en, un s\u00e9nateur italien, un repr\u00e9sentant de la FSU, mais aussi le pr\u00e9sident d&rsquo;ATTAC MAROC et des repr\u00e9sentants du mouvement syndical alg\u00e9rien&#8230; <\/div>\n<div align=\"left\"><\/div>\n<div align=\"left\">A l&rsquo;heure qu&rsquo;il est le congr\u00e9s du RAID se tient normalement, si l&rsquo;on peut dire. Car le r\u00e9gime maitient sa menace, en annon\u00e7ant que le proc\u00e9s en appel des dirigeants du Raid, aura lieu le 9 Juillet. Nous ferons tout pour maintenir la pression. <\/div>\n<div align=\"left\"><\/div>\n<div align=\"left\">Paul et Jean-Paul rentrent \u00e0 Marseille, Lundi 2\/07. Nous les accueillerons \u00e0 11h, \u00e0 l&rsquo;a\u00e9roport de Marseille-Marignane et nous invitons tous leurs amis \u00e0 se joindre \u00e0 nous; ils aurons pas mal de choses \u00e0 raconter, qui interessent les attacants et tous les d\u00e9mocrates. <\/div>\n<div align=\"left\"><\/div>\n<div align=\"left\"><\/div>\n<div align=\"left\">LA SOLIDARIT\u00c9 PAIE, RESTONS SOLIDAIRES. <\/div>\n<div align=\"left\"><\/div>\n<div align=\"left\"><\/div>\n<div align=\"left\"><\/div>\n<div align=\"left\"><\/div>\n<div align=\"left\"><\/div>\n<div align=\"left\"><\/div>\n<div align=\"left\">Jean-Louis MARCHETTI <\/div>\n<div align=\"left\"><\/div>\n<div align=\"left\">Pr\u00e9sident d&rsquo;Attac Marseille <\/div>\n<div align=\"left\"><\/div>\n<div align=\"left\">26, bd. des Dames <\/div>\n<div align=\"left\"><\/div>\n<div align=\"left\">13002 MARSEILLE <\/div>\n<div align=\"center\"><\/div>\n<div align=\"center\"><\/div>\n<div align=\"center\"><\/div>\n<div align=\"left\">&#8212;\u00a0\u00a0\u00a0 <\/p>\n<hr\/>\n<\/div>\n<div><font size=\"2\"><\/p>\n<p><font size=\"4\"><span dir=\"rtl\" lang=\"AR-SA\">\u062a\u0648\u0646\u0633 \u0641\u064a 01-07-\u200f2001\u200f<o:p><\/o:p><\/span><\/font><\/p>\n<h4 align=\"center\" dir=\"rtl\" style=\"color: blue;\"><font face=\"Arabic Transparent\"><\/p>\n<h4 style=\"color: blue;\"><font><font size=\"5\"><span lang=\"AR-SA\">\u0645\u0624\u062a\u0645\u0631 \u00ab\u00a0\u0631\u0627\u062f\u00a0\u00bb \u064c<\/span><span dir=\"ltr\" lang=\"FR\">RAID<\/span><span dir=\"rtl\"><\/span><span lang=\"AR-SA\"><span dir=\"rtl\"><\/span> \u0648\u0646\u0635\u0631 \u062c\u062f\u064a\u062f \u0641\u064a \u0637\u0631\u064a\u0642 \u0627\u0644\u062d\u0633\u0645 \u0645\u0639 \u0646\u0638\u0627\u0645 \u0628\u0646 \u0639\u0644\u064a<o:p><\/o:p><\/span><\/font><\/font><\/h4>\n<p><\/font><\/h4>\n<p dir=\"rtl\"><font size=\"4\"><font face=\"Arabic Transparent\"><span lang=\"AR-SA\">\u0623\u0646\u062c\u0632 \u0627\u0644\u0645\u0624\u062a\u0645\u0631\u0648\u0646 \u0648\u0628\u0639\u062f \u0631\u0641\u0639 \u0627\u0644\u062d\u0635\u0627\u0631 \u0627\u0644\u0645\u0638\u0631\u0648\u0628 \u0639\u0644\u0649 \u0645\u0642\u0631 \u0627\u0644\u062c\u0645\u0639\u064a\u0629 \u0648\u0647\u0648 \u0641\u064a \u0646\u0641\u0633 \u0627\u0644\u0648\u0642\u062a \u0645\u0633\u0643\u0646 \u0627\u0644\u0631\u0641\u064a\u0642 \u0635\u062f\u0631\u064a \u0627\u0644\u062e\u064a\u0627\u0631\u064a \u0627\u0644\u0645\u0636\u0631\u0628 \u0639\u0646 \u0627\u0644\u0637\u0639\u0627\u0645 \u0645\u0646\u0630 14-07-2001 \u0627\u0644\u0645\u0624\u062a\u0645\u0631 \u0627\u0644\u062a\u0623\u0633\u064a\u0633\u064a<span>\u00a0 <\/span>\u0644\u062c\u0645\u0639\u064a\u0629 \u00ab\u00a0\u0627\u0644\u062a\u062c\u0645\u0639 \u0645\u0646 \u0623\u062c\u0644 \u0628\u062f\u064a\u0644 \u0639\u0627\u0644\u0645\u064a \u0644\u0644\u062a\u0646\u0645\u064a\u0629\u00a0\u00bb <\/span><span dir=\"ltr\" lang=\"FR\">RAID <\/span><span lang=\"AR-SA\">\u0648\u0643\u0627\u0646 \u0630\u0644\u0643 \u0628\u0645\u062b\u0627\u0628\u0629 \u0646\u0635\u0631 \u062d\u0642\u0642\u0647 \u0645\u0646\u0627\u0636\u0644\u0627\u062a \u0645\u0646\u0627\u0636\u0644\u064a \u0627\u0644\u062d\u0631\u064a\u0629 \u0627\u0644\u0630\u064a\u0646 \u0628\u0625\u0635\u0631\u0627\u0631\u0647\u0645 \u0648\u0627\u0633\u062a\u0639\u062f\u0627\u062f\u0647\u0645 \u0644\u0644\u062a\u0636\u062d\u064a\u0629 \u062a\u0645\u0643\u0646\u0648\u0627 \u0645\u0646 \u0631\u0641\u0639 \u0627\u0644\u062d\u0635\u0627\u0631 \u0648\u0628\u0627\u0634\u0631\u0648\u0627 \u0623\u0634\u063a\u0627\u0644 \u0645\u0624\u062a\u0645\u0631\u0647\u0645 \u0627\u0644\u062a\u0623\u0633\u064a\u0633\u064a \u0648\u0627\u0646\u062a\u062e\u0627\u0628 \u0644\u062c\u0646\u0629 \u062a\u0646\u0633\u064a\u0642\u064a\u0629 \u062c\u062f\u064a\u062f\u0629 \u062a\u062a\u0631\u0643\u0628 \u0645\u0646 :<o:p><\/o:p><\/span><\/font><\/font><\/p>\n<p dir=\"rtl\"><font size=\"4\"><font face=\"Arabic Transparent\"><span lang=\"AR-SA\">&#8211;<span>\u00a0\u00a0\u00a0\u00a0\u00a0\u00a0\u00a0\u00a0 <\/span><\/span><span lang=\"AR-SA\">\u0641\u062a\u062d\u064a \u0627\u0644\u0634\u0627\u0645\u062e\u064a (\u0646\u0627\u0637\u0642 \u0631\u0633\u0645\u064a)<o:p><\/o:p><\/span><\/font><\/font><\/p>\n<p dir=\"rtl\"><font size=\"4\"><font face=\"Arabic Transparent\"><span lang=\"FR\">&#8211;<span>\u00a0\u00a0\u00a0\u00a0\u00a0\u00a0\u00a0\u00a0 <\/span><\/span><span lang=\"AR-SA\">\u0633\u0627\u0645\u064a \u0627\u0644\u0633\u0648\u064a\u062d\u0644\u064a<\/span><span dir=\"ltr\"><\/span><span dir=\"ltr\" lang=\"FR\"><span dir=\"ltr\"><\/span><o:p><\/o:p><\/span><\/font><\/font><\/p>\n<p dir=\"rtl\"><font size=\"4\"><font face=\"Arabic Transparent\"><span lang=\"FR\">&#8211;<span>\u00a0\u00a0\u00a0\u00a0\u00a0\u00a0\u00a0\u00a0 <\/span><\/span><span lang=\"AR-SA\">\u0641\u062a\u062d\u064a \u0628\u0646 \u0639\u0644\u064a \u2013 \u0627\u0644\u062f\u0628\u0643\u0651<\/span><span dir=\"ltr\"><\/span><span dir=\"ltr\" lang=\"FR\"><span dir=\"ltr\"><\/span><o:p><\/o:p><\/span><\/font><\/font><\/p>\n<p dir=\"rtl\"><font size=\"4\"><font face=\"Arabic Transparent\"><span lang=\"FR\">&#8211;<span>\u00a0\u00a0\u00a0\u00a0\u00a0\u00a0\u00a0\u00a0 <\/span><\/span><span lang=\"AR-SA\">\u0646\u0632\u0627\u0631 \u0639\u0645\u0627\u0645\u064a<\/span><span dir=\"ltr\"><\/span><span dir=\"ltr\" lang=\"FR\"><span dir=\"ltr\"><\/span><o:p><\/o:p><\/span><\/font><\/font><\/p>\n<p dir=\"rtl\"><font size=\"4\"><font face=\"Arabic Transparent\"><span lang=\"FR\">&#8211;<span>\u00a0\u00a0\u00a0\u00a0\u00a0\u00a0\u00a0\u00a0 <\/span><\/span><span lang=\"AR-SA\">\u0635\u062f\u0631\u064a \u0627\u0644\u062e\u064a\u0627\u0631\u064a<\/span><span dir=\"ltr\"><\/span><span dir=\"ltr\" lang=\"FR\"><span dir=\"ltr\"><\/span><o:p><\/o:p><\/span><\/font><\/font><\/p>\n<p dir=\"rtl\"><font size=\"4\"><font face=\"Arabic Transparent\"><span lang=\"FR\">&#8211;<span>\u00a0\u00a0\u00a0\u00a0\u00a0\u00a0\u00a0\u00a0 <\/span><\/span><span lang=\"AR-SA\">\u0645\u062d\u0645\u062f \u0627\u0644\u0634\u0648\u0631\u0627\u0628\u064a<\/span><span dir=\"ltr\"><\/span><span dir=\"ltr\" lang=\"FR\"><span dir=\"ltr\"><\/span><o:p><\/o:p><\/span><\/font><\/font><\/p>\n<p dir=\"rtl\"><font size=\"4\"><font face=\"Arabic Transparent\"><span lang=\"FR\">&#8211;<span>\u00a0\u00a0\u00a0\u00a0\u00a0\u00a0\u00a0\u00a0 <\/span><\/span><span lang=\"AR-SA\">\u0641\u0648\u0632\u064a \u0628\u0646 \u0645\u0631\u0627\u062f<\/span><span dir=\"ltr\"><\/span><span dir=\"ltr\" lang=\"FR\"><span dir=\"ltr\"><\/span><o:p><\/o:p><\/span><\/font><\/font><\/p>\n<p dir=\"rtl\"><font size=\"4\"><font face=\"Arabic Transparent\"><span lang=\"FR\">&#8211;<span>\u00a0\u00a0\u00a0\u00a0\u00a0\u00a0\u00a0\u00a0 <\/span><\/span><span lang=\"AR-SA\">\u0646\u0628\u064a\u0644 \u0639\u0643\u0627\u0634\u0629<\/span><span dir=\"ltr\"><\/span><span dir=\"ltr\" lang=\"FR\"><span dir=\"ltr\"><\/span><o:p><\/o:p><\/span><\/font><\/font><\/p>\n<p dir=\"rtl\"><font size=\"4\"><font face=\"Arabic Transparent\"><span lang=\"FR\">&#8211;<span>\u00a0\u00a0\u00a0\u00a0\u00a0\u00a0\u00a0\u00a0 <\/span><\/span><span lang=\"AR-SA\">\u0645\u062e\u062a\u0627\u0631 \u0628\u0646 \u062d\u0641\u0635\u0629<\/span><span dir=\"ltr\"><\/span><span dir=\"ltr\" lang=\"FR\"><span dir=\"ltr\"><\/span><o:p><\/o:p><\/span><\/font><\/font><\/p>\n<p align=\"right\" dir=\"rtl\"><span dir=\"rtl\"><\/span><span lang=\"AR-SA\"><span dir=\"rtl\"><\/span><font size=\"4\">&#8230; \u0648\u0627\u0644\u0649 \u0627\u0644\u0623\u0645\u0627\u0645 \u0648\u0627\u0644\u0643\u0641\u0627\u062d \u0627\u0644\u062b\u0648\u0631\u064a \u0645\u0633\u062a\u0645\u0631&#8230;<\/font><\/span>\u00a0<\/p>\n<p align=\"right\" dir=\"rtl\"><font size=\"4\"><span dir=\"ltr\" lang=\"FR\"><font size=\"4\"><span dir=\"ltr\" lang=\"FR\">Le congre de RAID<o:p><\/o:p><\/span><\/font><\/span><\/font><\/p>\n<p align=\"right\" dir=\"rtl\"><font><strong><font><strong>Source<\/strong><\/font><\/strong><\/font><\/p>\n<p align=\"right\" dir=\"rtl\"><font><strong><font><strong><font><strong><font size=\"2\"><font size=\"2\"><a href=\"mailto:liste@maghreb-ddh.sgdg.org\">liste@maghreb-ddh.sgdg.org<\/a><\/font><\/font><\/strong><\/font><\/strong><\/font>:<\/strong><\/font><\/p>\n<p><font size=\"4\"><span dir=\"ltr\" lang=\"FR\"><font size=\"2\"><\/p>\n<p align=\"right\" dir=\"rtl\">\n<table border=\"0\" cellpadding=\"0\" cellspacing=\"1\">\n<tbody>\n<tr>\n<td><\/td>\n<td><strong><font size=\"2\">\u00ab\u00a0Mohseni Loumamba\u00a0\u00bb &lt;<a href=\"mailto:loumambamohseni@hotmail.com\">loumambamohseni@hotmail.com<\/a>&gt;<\/font><\/strong><\/td>\n<\/tr>\n<\/tbody>\n<\/table>\n<p><\/font><\/span><\/font><\/p>\n<div align=\"center\"><font size=\"4\"><span dir=\"ltr\" lang=\"FR\"><font size=\"2\"><\/p>\n<div align=\"right\" dir=\"rtl\">\n<table border=\"0\" cellpadding=\"0\" cellspacing=\"1\">\n<tbody>\n<tr>\n<td nowrap=\"\"><strong><font size=\"2\">Date:\u00a0<\/font><\/strong><\/td>\n<td><font size=\"2\"><strong>Mon, 02 Jul 2001 09:41:18 -0000<\/strong><\/font><\/td>\n<\/tr>\n<\/tbody>\n<\/table>\n<p><font><strong><font size=\"2\"><font size=\"2\"><\/font><\/font><\/strong><\/font><\/div>\n<div align=\"right\" dir=\"rtl\">\u00a0<\/div>\n<p><\/font><\/span><\/font><\/div>\n<p><\/font><\/div>\n<p><\/font><\/font><\/td>\n<\/tr>\n<\/tbody>\n<\/table>\n<div>\u00a0<\/div>\n<table border=\"1\" width=\"100%\">\n<tbody>\n<tr>\n<td bgcolor=\"#bbe9ff\" width=\"100%\">\n<p align=\"center\"><font><strong>Sadri Khiari<\/strong><\/font><\/p>\n<p align=\"center\">\n<h4 style=\"color: blue;\"><font size=\"4\"><strong>Communiqu\u00e9 de presse<\/strong><\/font><\/h4>\n<\/p>\n<\/td>\n<\/tr>\n<tr>\n<td bgcolor=\"#efefef\" width=\"100%\"><font size=\"2\"><font size=\"2\"><\/p>\n<div align=\"left\">\n<p>Apr\u00e8s consultation de mes amis du RAID (Attac-Tunisie) et du CNLT, et sur leurs recommandations, j\u2019ai d\u00e9cid\u00e9, ce samedi 30 juin 2001, de mettre un terme \u00e0 la gr\u00e8ve de la faim que j\u2019ai entam\u00e9e le 14 juin dernier pour exiger la reconnaissance de mon droit \u00e0 circuler et voyager librement.<br \/>L\u2019arrestation de Sihem Ben Sedrine et les graves \u00e9v\u00e9nements d\u2019hier :<br \/>&#8211; l\u2019interdiction des initiatives pr\u00e9vues au CNLT et \u00e0 la LTDH \u00e0 l\u2019occasion la Journ\u00e9e internationale pour l\u2019amnistie g\u00e9n\u00e9rale,<br \/>&#8211; le refoulement sans m\u00e9nagement de toutes les personnes venues, hier et aujourd\u2019hui jusqu\u2019au environ de 13h30 m\u2019exprimer leur solidarit\u00e9, les brutalit\u00e9s dont a \u00e9t\u00e9 victime mon ami N\u00e9jib el Hosni qui venait<br \/>me rendre visite, l\u2019interdiction faite \u00e0 Paul Renty (80 ans), pendant deux heures, de regagner mon domicile,<br \/>&#8211; les menaces d\u2019emp\u00eacher par la force la conf\u00e9rence de presse pr\u00e9vue aujourd\u2019hui chez moi (ainsi que le Congr\u00e8s de fondation du RAID, pr\u00e9vu demain) en pr\u00e9sence des eurod\u00e9put\u00e9s H\u00e9l\u00e8ne Flautre et Roselyne<br \/>Vachetta, du s\u00e9nateur italien Tommaso Sodana, en pr\u00e9sence \u00e9galement de Mohamed Lazizi, pr\u00e9sident d\u2019Attac-Maroc, Kaddour Chouicha, coordinateur national adjoint du Conseil national de l\u2019enseignement<br \/>sup\u00e9rieur (Alg\u00e9rie), Jean Paul Lain\u00e9, membre du BE du SNESup charg\u00e9 des relations ext\u00e9rieures (France), Jean Luc Cipi\u00e8re et Paul Renty pour Attac France et Jean Paul Garagnon pour le r\u00e9seau m\u00e9diterran\u00e9en MedBadil,<\/p>\n<p>Ces graves \u00e9v\u00e9nements, qui attestent de la volont\u00e9 du pouvoir tunisien de casser brutalement l\u2019\u00e9lan de la r\u00e9sistance d\u00e9mocratique, m\u2019incitent \u00e0 joindre mes efforts \u00e0 ceux de mes amis autour de la revendication<br \/>centrale de l\u2019heure : l\u2019amnistie g\u00e9n\u00e9rale.<\/p>\n<p>Je ne renonce pas pour autant \u00e0 d\u00e9fendre ma libert\u00e9 de circulation et l\u2019interruption des poursuites judiciaires dont on m\u2019a r\u00e9v\u00e9l\u00e9 r\u00e9cemment l\u2019existence. D\u2019autres formes d\u2019action sont envisag\u00e9es. Un Comit\u00e9<br \/>international de parrainage s\u2019est constitu\u00e9, dans ce cadre, compos\u00e9 de pr\u00e8s de 200 universitaires et artistes parmi lesquels les universitaires Larbi Chouikha, Ilhem Marzouki, Salah Hamzaoui, Ahmed Maaroufi, Sana Ben Achour, Kh\u00e9dija Cherif, Ferjani Cherif, Habib Malakh, le metteur en sc\u00e8ne Ariane Mnouchkine, l\u2019\u00e9crivain H\u00e9l\u00e8ne Cixous, le sociologue Alain Touraine, la r\u00e9alisatrice Anspach Solveig, l\u2019historienne Madeleine Reberioux, le philosophe Daniel Bensaid, les sociologues Vincent Geisser, Michel Camau, Michael Lowy, les polititologues Jeannette Habel, Catherine Samary, le journaliste Zouheir Latif, les militants Khemais Chamari et Oumeyya Seddik et beaucoup d\u2019autres encore que je remercie vivement au passage. La liste compl\u00e8te sera publi\u00e9e dans les jours qui viennent. Je remercie de m\u00eame tous les militants, les d\u00e9fenseurs des droits humains, les nombreux syndicalistes ainsi que les associations tunisiennes ind\u00e9pendantes et toutes les organisations d\u00e9mocratiques qui m\u2019ont apport\u00e9 leur soutien de par le monde. Je remercie tout particuli\u00e8rement mon m\u00e9decin et militant Tahar Mestiri.<\/p>\n<p><font size=\"4\"><strong>Sadri Khiari<\/strong><\/font><br \/>Tunis, le 30 juin 2001<\/p>\n<p>Post-scriptum : Je soup\u00e7onnais depuis un certain temps que l\u2019appartement\u00a0 situ\u00e9 sur le m\u00eame palier que le mien \u00e9tait occup\u00e9 par des individus \u00e9tranges. J\u2019en ai eu la confirmation ce matin, en voyant le commissaire de police du quartier et l\u2019un de ses adjoints y p\u00e9n\u00e9trer comme s\u2019ils \u00e9taient chez eux\u2026<\/p>\n<p>\u00a0\u00a0 <\/p><\/div>\n<p><\/font><\/font><\/td>\n<\/tr>\n<\/tbody>\n<\/table>\n<div>\u00a0<\/div>\n<div>\n<div><font size=\"2\"><\/p>\n<table border=\"1\" width=\"100%\">\n<tbody>\n<tr>\n<td bgcolor=\"#66ffff\" width=\"100%\">\n<div><font size=\"2\"><b>Liste publi\u00e9e gr\u00e2ce \u00e0 l&rsquo;aide exquise de l&rsquo;association :<\/b><\/font> <\/div>\n<div align=\"left\">\n<div align=\"left\"><font size=\"2\"><b>Freedoms Friends\u00a0 FrihetsV\u0646nner F\u0650reningen\u00a0 Box 62 127 22 Sk\u0646rholmen\u00a0 Sweden<br \/>Tel\/:(46) 8- 4648308 e-mail: <a href=\"http:\/\/lw11fd.law11.hotmail.msn.com\/cgi-bin\/compose?curmbox=F000000001&amp;a=545cb2866cd2eb80b79d9bed34a9b761&amp;mailto=1&amp;to=fvf@swipnet.se&amp;msg=MSG984378325.23&amp;start=2446776&amp;len=119992&amp;src=&amp;type=x\" target=\"_blank\" rel=\"noopener\">fvf@swipnet.se<\/a><\/b><\/font><\/div>\n<\/div>\n<\/td>\n<\/tr>\n<\/tbody>\n<\/table>\n<p><\/font><\/div>\n<p><font face=\"Arial\" size=\"2\"><\/font><\/div>\n<p><\/font><\/div>\n<\/div>\n<p><br clear=\"all\"\/><\/p>\n<hr\/>\n<p>Get Your Private, Free E-mail from MSN Hotmail athttp:\/\/www.hotmail.com. <a href=\"http:\/\/www.hotmail.com\" target=\"_blank\" rel=\"noopener\"><\/a>  To Subscribe send an email to:\u00a0 TUNISNEWS-subscribe@yahoogroups.com\u00a0<tt> <br \/>To Unsubscribe send an email to:\u00a0 TUNISNEWS-unsubscribe@yahoogroups.com\u00a0 <br \/>URL to this page: http:\/\/www.groups.yahoo.com\/group\/TUNISNEWS <a href=\"http:\/\/www.groups.yahoo.com\/group\/TUNISNEWS\" target=\"_blank\" rel=\"noopener\"><\/a> <\/p>\n<p><\/tt>  L&rsquo;utilisation du service Yahoo! Groups est soumise \u00e0 l&rsquo;acceptation des Conditions d&rsquo;utilisation.<tt> <a href=\"http:\/\/docs.yahoo.com\/info\/terms\/\" target=\"_blank\" rel=\"noopener\"><\/a><\/tt><\/p>\n<p align=\"center\"><b><a href=\"\/ar\/index.html\/\">\u0627\u0644\u0628\u062f\u0627\u064a\u0629<\/a><\/b><\/p>\n<p><script language=\"javascript\">document.write('<img decoding=\"async\" src=\"http:\/\/monsite.voila.fr\/servlets\/istat?site=archivtn&#038;page=\/1juillet01.htm&#038;outil=ftpweb&#038;n=' + Math.round(Math.random()*100000) + '\" width=1 height=1>'); <\/script><script language=\"javascript\">document.write('<img decoding=\"async\" src=\"http:\/\/e.voila.fr\/cgi-bin\/ft\/10000033638?&#038;page=archivtn_1juillet01.htm&#038;n=' + Math.round(Math.random()*100000) + '\" width=1 height=1>'); <\/script><\/body><\/body><\/html><\/p>","protected":false},"excerpt":{"rendered":"<p>Accueil \u00a0 \u00a0 \u00a0 \u00a0 TUNISNEWS Nr\u00a0410 du 01\/07\/2001 \u00a0 Consulter les messages pr\u00e9c\u00e9dents ici \u00a0. LES TITRES DE CE JOUR: V\u00e9rit\u00e9-Action : A l&rsquo;ambassade de la Tunisie \u00e0 Berne On refuse de recevoir la d\u00e9l\u00e9gation de la manifestation du 29 juin A.V.T.T: DRAME D&rsquo;UNE FAMILLE EN QUETE DE PROTECTION DEPUIS 13 ANS Moncef Marzouki:La [&hellip;]<\/p>\n","protected":false},"author":1,"featured_media":22040,"comment_status":"open","ping_status":"open","sticky":false,"template":"","format":"standard","meta":{"inline_featured_image":false,"site-sidebar-layout":"default","site-content-layout":"","ast-site-content-layout":"default","site-content-style":"default","site-sidebar-style":"default","ast-global-header-display":"","ast-banner-title-visibility":"","ast-main-header-display":"","ast-hfb-above-header-display":"","ast-hfb-below-header-display":"","ast-hfb-mobile-header-display":"","site-post-title":"","ast-breadcrumbs-content":"","ast-featured-img":"","footer-sml-layout":"","ast-disable-related-posts":"","theme-transparent-header-meta":"","adv-header-id-meta":"","stick-header-meta":"","header-above-stick-meta":"","header-main-stick-meta":"","header-below-stick-meta":"","astra-migrate-meta-layouts":"default","ast-page-background-enabled":"default","ast-page-background-meta":{"desktop":{"background-color":"","background-image":"","background-repeat":"repeat","background-position":"center center","background-size":"auto","background-attachment":"scroll","background-type":"","background-media":"","overlay-type":"","overlay-color":"","overlay-opacity":"","overlay-gradient":""},"tablet":{"background-color":"","background-image":"","background-repeat":"repeat","background-position":"center center","background-size":"auto","background-attachment":"scroll","background-type":"","background-media":"","overlay-type":"","overlay-color":"","overlay-opacity":"","overlay-gradient":""},"mobile":{"background-color":"","background-image":"","background-repeat":"repeat","background-position":"center center","background-size":"auto","background-attachment":"scroll","background-type":"","background-media":"","overlay-type":"","overlay-color":"","overlay-opacity":"","overlay-gradient":""}},"ast-content-background-meta":{"desktop":{"background-color":"var(--ast-global-color-5)","background-image":"","background-repeat":"repeat","background-position":"center center","background-size":"auto","background-attachment":"scroll","background-type":"","background-media":"","overlay-type":"","overlay-color":"","overlay-opacity":"","overlay-gradient":""},"tablet":{"background-color":"var(--ast-global-color-5)","background-image":"","background-repeat":"repeat","background-position":"center center","background-size":"auto","background-attachment":"scroll","background-type":"","background-media":"","overlay-type":"","overlay-color":"","overlay-opacity":"","overlay-gradient":""},"mobile":{"background-color":"var(--ast-global-color-5)","background-image":"","background-repeat":"repeat","background-position":"center center","background-size":"auto","background-attachment":"scroll","background-type":"","background-media":"","overlay-type":"","overlay-color":"","overlay-opacity":"","overlay-gradient":""}},"footnotes":""},"categories":[],"tags":[59,32,30,29],"class_list":["post-20600","post","type-post","status-publish","format-standard","has-post-thumbnail","hentry","tag-59","tag-32","tag-ar","tag-fr"],"_links":{"self":[{"href":"https:\/\/tunisnews.net\/ar\/wp-json\/wp\/v2\/posts\/20600","targetHints":{"allow":["GET"]}}],"collection":[{"href":"https:\/\/tunisnews.net\/ar\/wp-json\/wp\/v2\/posts"}],"about":[{"href":"https:\/\/tunisnews.net\/ar\/wp-json\/wp\/v2\/types\/post"}],"author":[{"embeddable":true,"href":"https:\/\/tunisnews.net\/ar\/wp-json\/wp\/v2\/users\/1"}],"replies":[{"embeddable":true,"href":"https:\/\/tunisnews.net\/ar\/wp-json\/wp\/v2\/comments?post=20600"}],"version-history":[{"count":0,"href":"https:\/\/tunisnews.net\/ar\/wp-json\/wp\/v2\/posts\/20600\/revisions"}],"wp:featuredmedia":[{"embeddable":true,"href":"https:\/\/tunisnews.net\/ar\/wp-json\/wp\/v2\/media\/22040"}],"wp:attachment":[{"href":"https:\/\/tunisnews.net\/ar\/wp-json\/wp\/v2\/media?parent=20600"}],"wp:term":[{"taxonomy":"category","embeddable":true,"href":"https:\/\/tunisnews.net\/ar\/wp-json\/wp\/v2\/categories?post=20600"},{"taxonomy":"post_tag","embeddable":true,"href":"https:\/\/tunisnews.net\/ar\/wp-json\/wp\/v2\/tags?post=20600"}],"curies":[{"name":"wp","href":"https:\/\/api.w.org\/{rel}","templated":true}]}}