{"id":19563,"date":"2011-09-22T00:00:00","date_gmt":"2011-09-22T00:00:00","guid":{"rendered":"https:\/\/tunisnews.net\/22-septembre-2011\/"},"modified":"2011-09-22T00:00:00","modified_gmt":"2011-09-22T00:00:00","slug":"22-septembre-2011","status":"publish","type":"post","link":"https:\/\/tunisnews.net\/ar\/22-septembre-2011\/","title":{"rendered":"22 septembre 2011"},"content":{"rendered":"<p><html><head><meta content=\"text\/html\" description=\"TUNIS - \n\t\t\t\t\t\t\t\t\t\t\t\t\t\t\t\t\tL'arm\u00e9e \n\t\t\t\t\t\t\t\t\t\t\t\t\t\t\t\t\ttunisienne a \n\t\t\t\t\t\t\t\t\t\t\t\t\t\t\t\t\tattaqu\u00e9 et \n\t\t\t\t\t\t\t\t\t\t\t\t\t\t\t\t\tneutralis\u00e9 \n\t\t\t\t\t\t\t\t\t\t\t\t\t\t\t\t\tmercredi un \n\t\t\t\t\t\t\t\t\t\t\t\t\t\t\t\t\tconvoi arm\u00e9 \n\t\t\t\t\t\t\t\t\t\t\t\t\t\t\t\t\t\u00e9quip\u00e9 de \n\t\t\t\t\t\t\t\t\t\t\t\t\t\t\t\t\tbatteries \n\t\t\t\t\t\t\t\t\t\t\t\t\t\t\t\t\tanti-a\u00e9riennes \n\t\t\t\t\t\t\t\t\t\t\t\t\t\t\t\t\tdans le sud \n\t\t\t\t\t\t\t\t\t\t\t\t\t\t\t\t\td\u00e9sertique \n\t\t\t\t\t\t\t\t\t\t\t\t\t\t\t\t\ttunisien, \n\t\t\t\t\t\t\t\t\t\t\t\t\t\t\t\t\tpr\u00e8s de la \n\t\t\t\t\t\t\t\t\t\t\t\t\t\t\t\t\tfronti\u00e8re \n\t\t\t\t\t\t\t\t\t\t\t\t\t\t\t\t\talg\u00e9rienne, \n\t\t\t\t\t\t\t\t\t\t\t\t\t\t\t\t\ta indiqu\u00e9 le \n\t\t\t\t\t\t\t\t\t\t\t\t\t\t\t\t\tminist\u00e8re de \n\t\t\t\t\t\t\t\t\t\t\t\t\t\t\t\t\tla D\u00e9fense.\" http-equiv=\"Content-Type\"\/><\/head><body><body><\/p>\n<div>\n<div dir=\"ltr\">\n<div>\n<div>\n<div>\n<div>\n<div>\n<div>\n<div>\n<div>\n<div>\n<div>\n<div>\n<div>\n<div>\n<div>\n<div>\n<div dir=\"ltr\">\n<div>\n<div>\n<div>\n<div>\n<div>\n<div>\n<div>\n<div>\n<div>\n<div>\n<div>\n<div>\n<div dir=\"ltr\"><\/div>\n<div align=\"center\" dir=\"ltr\"><font face=\"Bookman Old Style\" size=\"7\"><strong>TUNISNEWS <\/strong><\/font><\/div>\n<div align=\"center\" dir=\"ltr\"><strong><font face=\"Arial\" size=\"2\">11 \u00e8me ann\u00e9e, N\u00b04102 du 22.09.2011<\/font><\/strong><\/div>\n<div align=\"center\" dir=\"ltr\"><font face=\"Arial\" size=\"2\"><strong>archives : <\/strong><\/font><a target=\"_blank\" rel=\"noopener\"><font face=\"Arial\" size=\"2\"><strong>www.tunisnews.net<\/strong><\/font><\/a><span lang=\"FR\"><strong><font face=\"Arial\" size=\"2\"> <\/font><\/strong><\/span><\/div>\n<p><font><\/p>\n<div dir=\"ltr\">\u00a0<\/div>\n<p><\/font><font><font><font size=\"2\"><font face=\"Arial\"><\/p>\n<div dir=\"ltr\"><strong><\/p>\n<hr\/>\n<p><\/strong><\/div>\n<p><\/font><\/font><\/font><\/font><\/p>\n<div>\n<div>\n<div>\n<div>\n<div>\n<div>\n<div>\n<div>\n<div>\n<div>\n<div>\n<div>\n<div>\n<div>\n<div>\n<div>\n<div>\n<div>\n<div>\n<div>\n<div>\n<div>\n<div>\n<div>\n<div>\n<div>\n<div dir=\"ltr\"><strong><\/p>\n<h2 style=\"color: red;\"><font face=\"Arial\" size=\"2\">Romandie News: L&rsquo;arm\u00e9e tunisienne attaque un convoi arm\u00e9 dans le sud, pr\u00e8s de l&rsquo;Alg\u00e9rie<\/font><\/h2>\n<p><\/strong><\/div>\n<div dir=\"ltr\"><strong><font face=\"Arial\" size=\"2\">Ouest France: Lampedusa. Heurts entre la police et des immigr\u00e9s tunisiens<\/font><\/strong><\/div>\n<div dir=\"ltr\"><strong><\/p>\n<h2 style=\"color: red;\"><font face=\"Arial\" size=\"2\">AP: L&rsquo;Union europ\u00e9enne d\u00e9ploiera 150 observateurs pour les \u00e9lections en Tunisie<\/font><\/h2>\n<p><\/strong><\/div>\n<div dir=\"ltr\"><strong><font face=\"Arial\" size=\"2\">ADPM: Legouvernement Harper refuse aux tunisiens canadiens les droits d\u00e9mocratiques reconnus\u00e0 d\u2019autres communaut\u00e9s<\/font><\/strong><\/div>\n<div dir=\"ltr\"><strong><\/p>\n<p><font face=\"Arial\" size=\"2\">France24: \u00ab\u00a0Botzarileaks\u00a0\u00bb: les archives du RCD \u00e0 Paris r\u00e9v\u00e8lent les malversations du parti de Ben Ali<\/font><\/p>\n<p><\/strong><\/div>\n<div dir=\"ltr\"><strong><font face=\"Arial\" size=\"2\">Planete Campus : Ben Ali : Il ose vouloir revenir en Tunisie<\/font><\/strong><\/div>\n<\/div>\n<\/div>\n<\/div>\n<\/div>\n<\/div>\n<\/div>\n<\/div>\n<\/div>\n<\/div>\n<\/div>\n<\/div>\n<\/div>\n<\/div>\n<\/div>\n<\/div>\n<\/div>\n<\/div>\n<\/div>\n<\/div>\n<\/div>\n<\/div>\n<\/div>\n<\/div>\n<\/div>\n<\/div>\n<\/div>\n<\/div>\n<\/div>\n<\/div>\n<\/div>\n<\/div>\n<\/div>\n<\/div>\n<\/div>\n<\/div>\n<\/div>\n<\/div>\n<\/div>\n<\/div>\n<\/div>\n<p><font face=\"Arial\" size=\"2\"><\/p>\n<div dir=\"ltr\"><strong><\/p>\n<hr\/>\n<p><\/strong><\/div>\n<div align=\"center\" dir=\"ltr\"><font face=\"Arial\"><strong><\/p>\n<h2 style=\"color: red;\"><font>L&rsquo;arm\u00e9e tunisienne attaque un convoi arm\u00e9 dans le sud, pr\u00e8s de l&rsquo;Alg\u00e9rie<\/font><\/h2>\n<p><\/strong><\/font><\/div>\n<div align=\"center\" dir=\"ltr\"><font face=\"Arial\"><\/p>\n<hr\/>\n<p><\/font><\/div>\n<div dir=\"ltr\">\u00a0<\/div>\n<div align=\"justify\" dir=\"ltr\">\u00a0<\/div>\n<div align=\"justify\" dir=\"ltr\"><font face=\"Arial\" size=\"2\">TUNIS &#8211; L&rsquo;arm\u00e9e tunisienne a attaqu\u00e9 et neutralis\u00e9 mercredi un convoi arm\u00e9 \u00e9quip\u00e9 de batteries anti-a\u00e9riennes dans le sud d\u00e9sertique tunisien, pr\u00e8s de la fronti\u00e8re alg\u00e9rienne, a indiqu\u00e9 le minist\u00e8re de la D\u00e9fense.<\/font><\/div>\n<div dir=\"ltr\">\u00a0<\/div>\n<div align=\"justify\" dir=\"ltr\">\u00a0<\/div>\n<div dir=\"ltr\">\u00a0<\/div>\n<div align=\"justify\" dir=\"ltr\"><font face=\"Arial\" size=\"2\">La situation est actuellement ma\u00eetris\u00e9e apr\u00e8s la destruction de sept v\u00e9hicules tout terrain et la neutralisation des deux autres, a d\u00e9clar\u00e9 mercredi soir \u00e0 l&rsquo;AFP Haykel Bouzouita, porte-parole du minist\u00e8re de la D\u00e9fense.<\/font><\/div>\n<div dir=\"ltr\">\u00a0<\/div>\n<div align=\"justify\" dir=\"ltr\">\u00a0<\/div>\n<div align=\"justify\" dir=\"ltr\"><font face=\"Arial\" size=\"2\">Les rescap\u00e9s parmi le groupe d&rsquo;intrus devaient \u00eatre arr\u00eat\u00e9s pour \u00eatre soumis \u00e0 une enqu\u00eate qui d\u00e9terminera leur projet et leur identit\u00e9, a-t-il ajout\u00e9.<\/font><\/div>\n<div align=\"justify\" dir=\"ltr\">\u00a0<\/div>\n<div dir=\"ltr\">\u00a0<\/div>\n<div align=\"justify\" dir=\"ltr\"><font face=\"Arial\" size=\"2\">Des unit\u00e9s terrestres de l&rsquo;arm\u00e9e tunisienne et des h\u00e9licopt\u00e8res de combat sont mobilis\u00e9s contre un groupe arm\u00e9 qui s&rsquo;est infiltr\u00e9 \u00e0 bord de voitures tout-terrain (&#8230;) \u00e0 Bir Znigra dans la r\u00e9gion de K\u00e9bili (extr\u00eame sud d\u00e9sertique) \u00e0 80 km de la fronti\u00e8re alg\u00e9rienne, avait-il indiqu\u00e9 auparavant.<\/font><\/div>\n<div dir=\"ltr\">\u00a0<\/div>\n<div align=\"justify\" dir=\"ltr\">\u00a0<\/div>\n<div dir=\"ltr\">\u00a0<\/div>\n<div align=\"justify\" dir=\"ltr\"><font face=\"Arial\" size=\"2\">Ces attaques n&rsquo;ont provoqu\u00e9 aucune perte humaine ou d\u00e9g\u00e2ts mat\u00e9riels du c\u00f4te tunisien, a pr\u00e9cise la m\u00eame source.<\/font><\/div>\n<div dir=\"ltr\">\u00a0<\/div>\n<div align=\"justify\" dir=\"ltr\">\u00a0<\/div>\n<div align=\"justify\" dir=\"ltr\"><font face=\"Arial\" size=\"2\">Les combats s&rsquo;\u00e9taient poursuivis mercredi apr\u00e8s 17H00 GMT, a-t-on indiqu\u00e9, sans r\u00e9v\u00e9ler plus de d\u00e9tails sur l&rsquo;identit\u00e9 du groupe infiltr\u00e9. Nous voulons d&rsquo;abord achever totalement l&rsquo;op\u00e9ration avant d&rsquo;annoncer quoi que ce soit. Ce sont des gens tenaces, avait ajout\u00e9 la source.<\/font><\/div>\n<div align=\"justify\" dir=\"ltr\">\u00a0<\/div>\n<div dir=\"ltr\">\u00a0<\/div>\n<div align=\"justify\" dir=\"ltr\"><font face=\"Arial\" size=\"2\">Un h\u00e9licopt\u00e8re a d\u00e9truit sept v\u00e9hicules sur neuf du convoi rep\u00e9r\u00e9 par une patrouille a\u00e9rienne de l&rsquo;arm\u00e9e mercredi \u00e0 05H00 GMT dans la localit\u00e9 de Bir Znigra, a pr\u00e9cis\u00e9 le porte-parole.<\/font><\/div>\n<div dir=\"ltr\">\u00a0<\/div>\n<div dir=\"ltr\">\u00a0<\/div>\n<div align=\"justify\" dir=\"ltr\"><font face=\"Arial\" size=\"2\">Les neuf v\u00e9hicules \u00e9quip\u00e9s de batteries anti-a\u00e9riennes avaient \u00e9t\u00e9 pourchass\u00e9s dans une zone rocailleuse accessible uniquement par voie a\u00e9rienne, selon lui.<\/font><\/div>\n<div dir=\"ltr\">\u00a0<\/div>\n<div align=\"justify\" dir=\"ltr\">\u00a0<\/div>\n<div align=\"justify\" dir=\"ltr\"><font face=\"Arial\" size=\"2\">Les intrus ont tir\u00e9 les premiers sur un h\u00e9licopt\u00e8re.<\/font><\/div>\n<div align=\"justify\" dir=\"ltr\">\u00a0<\/div>\n<div dir=\"ltr\">\u00a0<\/div>\n<div align=\"justify\" dir=\"ltr\"><font face=\"Arial\" size=\"2\">Le groupe arm\u00e9 \u00e9tait localis\u00e9 en fin de journ\u00e9e \u00e0 20 km de la fronti\u00e8re alg\u00e9rienne, selon le porte-parole..<\/font><\/div>\n<div dir=\"ltr\">\u00a0<\/div>\n<div align=\"justify\" dir=\"ltr\">\u00a0<\/div>\n<div align=\"justify\" dir=\"ltr\"><font face=\"Arial\" size=\"2\">Des unit\u00e9s de l&rsquo;arm\u00e9e tunisienne ont ratiss\u00e9 la zone d\u00e9sertique situ\u00e9e sur les fronti\u00e8res tuniso-alg\u00e9riennes, a par ailleurs indiqu\u00e9 l&rsquo;agence tunisienne TAP.<\/font><\/div>\n<div dir=\"ltr\">\u00a0<\/div>\n<div dir=\"ltr\">\u00a0<\/div>\n<div align=\"justify\" dir=\"ltr\"><font face=\"Arial\" size=\"2\">Les autorit\u00e9s alg\u00e9riennes et tunisiennes coop\u00e8rent habituellement dans la surveillance des mille kilom\u00e8tres de fronti\u00e8re commune, en organisant des patrouilles.<\/font><\/div>\n<div dir=\"ltr\">\u00a0<\/div>\n<div dir=\"ltr\">\u00a0<\/div>\n<div align=\"justify\" dir=\"ltr\"><font face=\"Arial\" size=\"2\">En mai, un colonel et un soldat de l&rsquo;arm\u00e9e tunisienne avaient \u00e9t\u00e9 tu\u00e9s \u00e0 Rouhia (nord ouest) dans des \u00e9changes de tirs avec des hommes fortement suspect\u00e9s d&rsquo;appartenir \u00e0 Al-Qa\u00efda.<\/font><\/div>\n<div dir=\"ltr\">\u00a0<\/div>\n<div dir=\"ltr\">\u00a0<\/div>\n<div align=\"justify\" dir=\"ltr\"><font face=\"Arial\" size=\"2\">(Source: \u201cRomandie News\u201d le 21 septembre 2011)<\/font><\/div>\n<div dir=\"ltr\">\u00a0<\/div>\n<div align=\"justify\" dir=\"ltr\">\u00a0<\/div>\n<div dir=\"ltr\">\u00a0<\/div>\n<div align=\"justify\" dir=\"ltr\"><font face=\"Arial\" size=\"2\">Lien:<a href=\"http:\/\/www.romandie.com\/news\/n\/_L_armee_tunisienne_attaque_un_convoi_arme_dans_le_sud_pres_de_l_Algerie210920112109.asp\" target=\"_blank\" rel=\"noopener\">http:\/\/www.romandie.com\/news\/n\/_L_armee_tunisienne_attaque_un_convoi_arme_dans_le_sud_pres_de_l_Algerie210920112109.asp<\/a><\/font><\/div>\n<div dir=\"ltr\">\u00a0<\/div>\n<p><strong><\/p>\n<div dir=\"ltr\">\n<hr\/>\n<\/div>\n<p><\/strong><\/p>\n<div align=\"center\" dir=\"ltr\">\n<h2 style=\"color: red;\"><font face=\"Arial\"><strong><font>Lampedusa. Heurts entre la police et des immigr\u00e9s tunisiens<\/font><\/strong><\/font><\/h2>\n<\/div>\n<div align=\"center\" dir=\"ltr\">\n<hr\/>\n<\/div>\n<div dir=\"ltr\">\u00a0<\/div>\n<div align=\"justify\" dir=\"ltr\"><font face=\"Arial\" size=\"2\">Faits de soci\u00e9t\u00e9mercredi 21 septembre 2011<\/font><\/div>\n<div align=\"justify\" dir=\"ltr\"><font face=\"Arial\" size=\"2\">Des heurts opposaient ce mercredi en milieu de journ\u00e9e des policiers en tenue anti\u00e9meute \u00e0 quelques centaines d\u2019immigr\u00e9s tunisiens, qui manifestaient dans la petite \u00eele italienne de Lampedusa contre leurs conditions d\u2019accueil, selon les m\u00e9dias italiens.<\/font><\/div>\n<div align=\"justify\" dir=\"ltr\"><font face=\"Arial\" size=\"2\">Des policiers \u00e9quip\u00e9s de casques et de boucliers matraquaient des immigr\u00e9s qui se sont lanc\u00e9s d\u2019une hauteur de 3-4 m\u00e8tres dans une cour pour \u00e9chapper aux coups de ces derniers, selon des images de la cha\u00eene de t\u00e9l\u00e9vision Sky TG-24.<\/font><\/div>\n<div align=\"justify\" dir=\"ltr\"><font face=\"Arial\" size=\"2\">La tension a grimp\u00e9 ces derniers jours sur la petite \u00eele avec la pr\u00e9sence de plus d\u2019un millier d\u2019immigr\u00e9s tunisiens qui souhaitent \u00eatre transf\u00e9r\u00e9s dans des centres d\u2019accueil en Italie mais devraient plut\u00f4t \u00eatre rapatri\u00e9s, en vertu d\u2019un accord sign\u00e9 entre Tunis et Rome.<\/font><\/div>\n<div align=\"justify\" dir=\"ltr\"><font face=\"Arial\" size=\"2\">Un groupe d\u2019entre eux a provoqu\u00e9 mardi apr\u00e8s-midi un incendie qui a d\u00e9truit trois b\u00e2timents du centre d\u2019accueil local et la tension a continu\u00e9 \u00e0 grimper mercredi dans la matin\u00e9e quand quelque 300 immigr\u00e9s tunisiens ont d\u00e9fil\u00e9 dans les rues de Lampedusa aux cris de \u00ab libert\u00e9, libert\u00e9 \u00bb.<\/font><\/div>\n<div align=\"justify\" dir=\"ltr\"><font face=\"Arial\" size=\"2\">Les habitants de Lampedusa, exc\u00e9d\u00e9s par la pr\u00e9sence des immigr\u00e9s, ont attaqu\u00e9 deux \u00e9quipes de t\u00e9l\u00e9vision, l\u2019une de la cha\u00eene publique RAI, l\u2019autre de Sky TG-24, indique pour sa part l\u2019agence Ansa. Certains des habitants ont \u00e9galement jet\u00e9 des pierres aux immigr\u00e9s qui ont ripost\u00e9 et ont menac\u00e9 de faire exploser des bonbonnes de gaz, selon la m\u00eame source.<\/font><\/div>\n<div align=\"justify\" dir=\"ltr\"><font face=\"Arial\" size=\"2\">Plus de 48 000 migrants ill\u00e9gaux venus de Tunisie ou de Libye sont arriv\u00e9s depuis le d\u00e9but de cette ann\u00e9e dans le sud de l\u2019Italie apr\u00e8s avoir travers\u00e9 la M\u00e9diterran\u00e9e dans des embarcations de fortune.<\/font><\/div>\n<div align=\"justify\" dir=\"ltr\"><font face=\"Arial\" size=\"2\">Ce n\u2019est pas la premi\u00e8re fois que le centre d\u2019accueil de Lampedusa est le th\u00e9\u00e2tre de tensions et de manifestations de la part des immigr\u00e9s et des r\u00e9fugi\u00e9s protestant contre leurs conditions de r\u00e9tention et la lenteur du transfert vers d\u2019autres centres moins surpeupl\u00e9s.<\/font><\/div>\n<div align=\"justify\" dir=\"ltr\">\u00a0<\/div>\n<div align=\"justify\" dir=\"ltr\"><font face=\"Arial\" size=\"2\">(Source: Ouest France le 21 septembre 2011)<\/font><\/div>\n<div align=\"justify\" dir=\"ltr\"><font face=\"Arial\" size=\"2\"><a href=\"http:\/\/www.ouest-france.fr\/ofdernmin_-Lampedusa.-Heurts-entre-la-police-et-des-immigres-tunisiens_6346-1991621-fils-tous_filDMA.Htm\" target=\"_blank\" title=\"http:\/\/www.ouest-france.fr\/ofdernmin_-Lampedusa.-Heurts-entre-la-police-et-des-immigres-tunisiens_6346-1991621-fils-tous_filDMA.Htm\" rel=\"noopener\">http:\/\/www.ouest-france.fr\/ofdernmin_-Lampedusa.-Heurts-entre-la-police-et-des-immigres-tunisiens_6346-1991621-fils-tous_filDMA.Htm<\/a><\/font><\/div>\n<p><strong><\/p>\n<div dir=\"ltr\">\n<hr\/>\n<\/div>\n<p><\/strong><\/p>\n<div align=\"center\" dir=\"ltr\"><font face=\"Arial\" size=\"2\"><\/p>\n<h2 style=\"color: red;\"><font size=\"3\"><strong>L&rsquo;Union europ\u00e9enne d\u00e9ploiera 150 observateurs pour les \u00e9lections en Tunisie<\/strong><\/font><\/h2>\n<p><font><\/font><\/font><\/div>\n<div align=\"center\" dir=\"ltr\">\n<hr\/>\n<\/div>\n<div dir=\"ltr\">\u00a0<\/div>\n<div dir=\"ltr\">\n<p><font face=\"Arial\" size=\"2\">Publi\u00e9 le 21-09-11 \u00e0 17:50 Modifi\u00e9 \u00e0 17:40 <\/font><\/p>\n<\/div>\n<div dir=\"ltr\">\n<p><font face=\"Arial\" size=\"2\">TUNIS (AP) \u2014 L&rsquo;Union europ\u00e9enne (UE) d\u00e9ploiera 150 observateurs pour suivre les diff\u00e9rentes phases des \u00e9lections en Tunisie le 23 octobre prochain, a annonc\u00e9 mercredi \u00e0 Tunis le chef de cette mission, l&rsquo;Allemand Michael Gahler, membre du parlement europ\u00e9en.<\/font><\/p>\n<\/div>\n<div dir=\"ltr\">\n<p><font face=\"Arial\" size=\"2\">Trois jours avant le scrutin, 15 d\u00e9put\u00e9s europ\u00e9ens s&rsquo;y joindront pour observer le vote, a-t-il pr\u00e9cis\u00e9 lors d&rsquo;une conf\u00e9rence de presse marquant le lancement officiel de la mission.<\/font><\/p>\n<\/div>\n<div dir=\"ltr\">\n<p><font face=\"Arial\" size=\"2\">Tr\u00e8s attendue, cette consultation interviendra environ neuf mois apr\u00e8s la chute du r\u00e9gime totalitaire de l&rsquo;ancien pr\u00e9sident Zine El Abidine Ben Ali, balay\u00e9 par un soul\u00e8vement populaire apr\u00e8s avoir gouvern\u00e9 le pays d&rsquo;une main de fer pendant 23 ans.<\/font><\/p>\n<\/div>\n<div dir=\"ltr\">\n<p><font face=\"Arial\" size=\"2\">Les Tunisiens doivent \u00e9lire une assembl\u00e9e constituante appel\u00e9e \u00e0 \u00e9laborer une nouvelle constitution devant remplacer celle en vigueur sous Ben Ali accus\u00e9 de l&rsquo;avoir amend\u00e9e \u00e0 plusieurs reprises pour \u00ab\u00a0s&rsquo;\u00e9terniser a pouvoir\u00a0\u00bb.<\/font><\/p>\n<\/div>\n<div dir=\"ltr\">\n<p><font face=\"Arial\" size=\"2\">Selon M. Gahler, l&rsquo;effectif mobilis\u00e9 est le double de celui que d\u00e9ploie d&rsquo;ordinaire l&rsquo;UE dans d&rsquo;autres pays.<\/font><\/p>\n<\/div>\n<div dir=\"ltr\">\n<p><font face=\"Arial\" size=\"2\">\u00ab\u00a0Ce sera la plus importante mission d&rsquo;observateurs \u00e9trangers qui sera pr\u00e9sente en Tunisie dans le but d&rsquo;accompagner une nation sur le chemin de la d\u00e9mocratie\u00a0\u00bb, a-t-il assur\u00e9.<\/font><\/p>\n<\/div>\n<div dir=\"ltr\">\n<p><font face=\"Arial\" size=\"2\">Compos\u00e9e d&rsquo;experts et d&rsquo;analystes ayant \u00ab\u00a0une grande exp\u00e9rience en mati\u00e8re d&rsquo;observation \u00e9lectorale\u00a0\u00bb, la mission est \u00ab\u00a0ind\u00e9pendante des institutions europ\u00e9ennes et des Etats membres de l&rsquo;UE\u00a0\u00bb, a insist\u00e9 le parlementaire europ\u00e9en.<\/font><\/p>\n<\/div>\n<div dir=\"ltr\">\n<p><font face=\"Arial\" size=\"2\">Ses \u00e9quipes seront d\u00e9ploy\u00e9es dans les 27 circonscriptions \u00e9lectorales de Tunisie, a-t-il pr\u00e9cis\u00e9.<\/font><\/p>\n<\/div>\n<div dir=\"ltr\">\n<p><font face=\"Arial\" size=\"2\">En r\u00e9ponse \u00e0 une question, M. Gahler a qualifi\u00e9 la situation s\u00e9curitaire en Tunisie de \u00ab\u00a0positive\u00a0\u00bb. Il a not\u00e9 qu&rsquo;il n&rsquo;y avait \u00ab\u00a0aucune comparaison avec d&rsquo;autres pays o\u00f9 nous nous \u00e9tions rendus\u00a0\u00bb, citant comme exemple les \u00e9lections au Pakistan en 2008.<\/font><\/p>\n<\/div>\n<div dir=\"ltr\">\u00a0<\/div>\n<div dir=\"ltr\">\n<p><font face=\"Arial\" size=\"2\">\u00ab\u00a0Nous n&rsquo;avons pas de souci pour ce qui est de la s\u00e9curit\u00e9 du processus \u00e9lectoral en Tunisie et nous avons beaucoup de raisons d&rsquo;\u00eatre optimiste\u00a0\u00bb, a-t-il dit.<\/font><\/p>\n<\/div>\n<div dir=\"ltr\">\u00a0<\/div>\n<div dir=\"ltr\"><font face=\"Arial\" size=\"2\">La campagne \u00e9lectorale d\u00e9butera le 1er octobre avec la participation de nombreuses listes de candidats ind\u00e9pendants et d&rsquo;une pl\u00e9thore de partis dont le nombre d\u00e9passe la centaine, la quasi-totalit\u00e9 reconnus apr\u00e8s la chute de l&rsquo;ancien r\u00e9gime. AP<\/font><\/div>\n<p><strong><\/p>\n<div dir=\"ltr\">\n<hr\/>\n<\/div>\n<p><\/strong><\/p>\n<div align=\"center\" dir=\"ltr\"><font face=\"Arial\" size=\"2\"><strong><font>Association des droits de la personne au Maghreb <\/font><font size=\"3\">Communiqu\u00e9de presse<\/font><\/strong><\/font><\/div>\n<div align=\"center\" dir=\"ltr\">\u00a0<\/div>\n<div align=\"center\" dir=\"ltr\"><font face=\"Arial\" size=\"2\"><strong>Le 21 septembre 2011<\/strong><\/font><\/div>\n<div align=\"center\" dir=\"ltr\">\n<hr\/>\n<\/div>\n<div align=\"center\" dir=\"ltr\">\u00a0<\/div>\n<div align=\"center\" dir=\"ltr\"><font face=\"Arial\" size=\"2\"><strong>Legouvernement Harper refuse aux tunisiens canadiens les droits d\u00e9mocratiques reconnus\u00e0 d\u2019autres communaut\u00e9s<\/strong><\/font><\/div>\n<div align=\"justify\" dir=\"ltr\">\u00a0<\/div>\n<div align=\"justify\" dir=\"ltr\"><font face=\"Arial\" size=\"2\">Contrairement \u00e0plusieurs autres communaut\u00e9s issues de l\u2019immigration vivant au Canada, lestunisiens d\u2019ici ne pourront pas voter pour leurs repr\u00e9sentants en Am\u00e9rique duNord aux \u00e9lections de l\u2019assembl\u00e9e nationale constituante qui est pr\u00e9vue pour le23 octobre 2011.<\/font><\/div>\n<div align=\"justify\" dir=\"ltr\">\u00a0<\/div>\n<div align=\"justify\" dir=\"ltr\"><font face=\"Arial\" size=\"2\">C\u2019est par unenote \u00e0 l&rsquo;ambassadeur de Tunisie que le Minist\u00e8re des affaires \u00e9trang\u00e8res et duCommerce international a d\u00e9clar\u00e9 qu&rsquo;il s&rsquo;opposait \u00e0 la tenue de l&rsquo;op\u00e9ration\u00e9lectorale au Canada. La m\u00eame notepr\u00e9cisait que le Canada pourrait reconsid\u00e9rer lors des \u00e9lectionspr\u00e9sidentielles ou d\u2019un r\u00e9f\u00e9rendum.<\/font><\/div>\n<div align=\"justify\" dir=\"ltr\">\u00a0<\/div>\n<div align=\"justify\" dir=\"ltr\"><font face=\"Arial\" size=\"2\">Le 8 septembredernier, le minist\u00e8re des Affaires \u00e9trang\u00e8res et du Commerce international publiaitune note sur la politique du Canada en ce qui a trait aux activit\u00e9s li\u00e9es \u00e0 des\u00e9lections \u00e0 l\u2019\u00e9tranger qui se d\u00e9roulent aussi en sol canadien.<\/font><\/div>\n<div align=\"justify\" dir=\"ltr\">\u00a0<\/div>\n<div align=\"justify\" dir=\"ltr\"><font face=\"Arial\" size=\"2\">La note indiqueque la politique canadienne est de refuser en principe toute demande d\u2019\u00c9tatstiers d\u2019ajouter le Canada \u00e0 leurs circonscriptions \u00e9lectoralesextraterritoriales respectives. En r\u00e9alit\u00e9 cependant, le Canada permet \u00e0 plusieursautres \u00c9tats de proc\u00e9der \u00e0 des \u00e9lections de repr\u00e9sentants au Canada.<\/font><\/div>\n<div align=\"justify\" dir=\"ltr\">\u00a0<\/div>\n<div align=\"justify\" dir=\"ltr\"><font face=\"Arial\" size=\"2\">Alternatives et l\u2019Associationdes droits de la personne au Maghreb, s\u2019interrogent sur le sens d\u2019une telled\u00e9cision qui va \u00e0 l\u2019encontre des principes d\u00e9mocratiques des droits civils etpolitiques des tunisiens.<\/font><\/div>\n<div align=\"justify\" dir=\"ltr\">\u00a0<\/div>\n<div align=\"justify\" dir=\"ltr\"><font face=\"Arial\" size=\"2\">Nous demandonsdes explications au gouvernement canadien et r\u00e9clamons un traitement \u00e9gal quipermettra aux 15600 ressortissants tunisiens au Canada d\u2019exprimer leur droit devote voter aux premi\u00e8res \u00e9lections libres de l&rsquo;histoire de la Tunisie.<\/font><\/div>\n<div align=\"justify\" dir=\"ltr\">\u00a0<\/div>\n<div align=\"justify\" dir=\"ltr\"><font face=\"Arial\" size=\"2\">Pour info :<\/font><\/div>\n<div align=\"justify\" dir=\"ltr\">\u00a0<\/div>\n<div align=\"justify\" dir=\"ltr\"><font face=\"Arial\" size=\"2\">Alternatives, Michel Lambert, T\u00e9l.:514-577-0942<\/font><\/div>\n<div align=\"justify\" dir=\"ltr\">\u00a0<\/div>\n<div align=\"justify\" dir=\"ltr\"><font face=\"Arial\" size=\"2\">Association des droits de la personne au Maghreb, Jamel Jani, T\u00e9l.: 613-620-2078<\/font><\/div>\n<div><strong><\/p>\n<hr\/>\n<p><\/strong><\/div>\n<div align=\"center\" dir=\"ltr\">\n<h2 style=\"color: red;\"><font face=\"Arial\" size=\"3\"><strong>\u00ab\u00a0Botzarileaks\u00a0\u00bb: les archives du RCD \u00e0 Paris r\u00e9v\u00e8lent les malversations du parti de Ben Ali<\/strong><\/font><\/h2>\n<\/div>\n<div dir=\"ltr\">\n<hr\/>\n<\/div>\n<div align=\"justify\" dir=\"ltr\"><font face=\"Arial\" size=\"2\">By <\/font><a href=\"http:\/\/observers.france24.com\/fr\/users\/team_observers\" target=\"_blank\" title=\"Voir le profil utilisateur.\" rel=\"noopener\"><font face=\"Arial\" size=\"2\">Team Observers<\/font><\/a><font face=\"Arial\" size=\"2\"> on 21\/09\/2011 &#8211; 14:59<\/font><\/div>\n<div align=\"justify\" dir=\"ltr\">\u00a0<\/div>\n<div align=\"justify\" dir=\"ltr\">\u00a0<\/div>\n<div align=\"justify\" dir=\"ltr\"><font face=\"Arial\" size=\"2\">Des documents r\u00e9cup\u00e9r\u00e9s par FRANCE 24 d\u00e9voilent les fraudes \u00e9lectorales, emplois fictifs et autres malversations organis\u00e9es par le parti au pouvoir en Tunisie avant la r\u00e9volution.<\/font><\/div>\n<div align=\"justify\" dir=\"ltr\">\u00a0<\/div>\n<div align=\"justify\" dir=\"ltr\"><font face=\"Arial\" size=\"2\">En juin dernier, nous avions publi\u00e9, sur le site des Observateurs de FRANCE 24, un article sur le \u00ab\u00a0myst\u00e8re des documents de la rue Botzaris\u00a0\u00bb. Nous nous y interrogions sur des archives r\u00e9cup\u00e9r\u00e9es au si\u00e8ge \u00e0 Paris du RCD, le parti de l\u2019ancien pr\u00e9sident tunisien, dont tout le monde parlait sans que personne ne sache exactement ce qu\u2019elles pourraient r\u00e9v\u00e9ler. Nous avons finalement eu acc\u00e8s en exclusivit\u00e9 \u00e0 ces documents, qui r\u00e9v\u00e8lent la confusion totale qui existait entre le parti au pouvoir et les services de l\u2019Etat tunisien.<\/font><\/div>\n<div align=\"justify\" dir=\"ltr\">\u00a0<\/div>\n<div align=\"justify\" dir=\"ltr\"><font face=\"Arial\" size=\"2\">Les documents que nous avons analys\u00e9s ont \u00e9t\u00e9 r\u00e9cup\u00e9r\u00e9s par une avocate, ma\u00eetre Taboubi, avant que les locaux du RCD soient ferm\u00e9s par la police fran\u00e7aise \u00e0 la demande de l\u2019ambassade de Tunisie (<\/font><a href=\"http:\/\/observers.france24.com\/fr\/content\/20110624-mystere-documents-36-rue-botzaris-tunisie-ben-ali-rcd\" target=\"_blank\" rel=\"noopener\"><font face=\"Arial\" size=\"2\">notre billet sur la r\u00e9cup\u00e9ration de ces archives<\/font><\/a><font face=\"Arial\" size=\"2\">).<\/font><\/div>\n<div align=\"justify\" dir=\"ltr\">\u00a0<\/div>\n<div align=\"justify\" dir=\"ltr\"><font face=\"Arial\" size=\"2\">Des militants tunisiens se sont r\u00e9unis pour cr\u00e9er une association, \u00ab\u00a0<\/font><a href=\"http:\/\/nawaat.org\/portail\/2011\/09\/10\/botzaris-verite-et-justice\/\" rel=\"nofollow noopener\" target=\"_blank\"><font face=\"Arial\" size=\"2\">Botzaris v\u00e9rit\u00e9 et justice<\/font><\/a><font face=\"Arial\" size=\"2\">\u00ab\u00a0, charg\u00e9e d\u2019exploiter ces documents. C\u2019est par l\u2019interm\u00e9diaire de Rahim Ouahrani, secr\u00e9taire g\u00e9n\u00e9ral de l\u2019association, que FRANCE 24 a pu acc\u00e9der \u00e0 ces archives. Les documents s\u2019\u00e9talent sur une p\u00e9riode allant du d\u00e9but des ann\u00e9es 1990 jusqu\u2019\u00e0 2006. Il n\u2019existe presque plus aucune trace de l\u2019activit\u00e9 de la cellule du RCD sous la direction du dernier secr\u00e9taire g\u00e9n\u00e9ral du parti, H\u00e9di Limam. Une source ayant travaill\u00e9 au 36, rue Botzaris nous a affirm\u00e9 que le dernier responsable des lieux s\u2019\u00e9tait d\u00e9barrass\u00e9 d\u2019une bonne partie des documents couvrant son mandat, d\u00e9but\u00e9 en 2005.<\/font><\/div>\n<div align=\"justify\" dir=\"ltr\">\u00a0<\/div>\n<div align=\"justify\" dir=\"ltr\"><font face=\"Arial\" size=\"2\">Les documents que nous avons consult\u00e9s mettent en lumi\u00e8re le fonctionnement interne du parti de Ben Ali en France. Il s\u2019agit principalement de rapports, d\u2019\u00e9changes de courriers, de factures et de listes de collaborateurs du RCD.<\/font><\/div>\n<div align=\"justify\" dir=\"ltr\">\u00a0<\/div>\n<div align=\"justify\" dir=\"ltr\"><font face=\"Arial\" size=\"2\">Le RCD, Rassemblement constitutionnel d\u00e9mocratique, est le parti fond\u00e9 par Ben Ali en 1988 pour succ\u00e9der au Parti socialiste destourien (PSD) de l\u2019ancien pr\u00e9sident Habib Bourguiba. Parti h\u00e9g\u00e9monique, il a \u00e9t\u00e9 d\u00e9finitivement dissous par d\u00e9cision judiciaire le 28 mars dernier, apr\u00e8s la r\u00e9volution tunisienne.<\/font><\/div>\n<div align=\"justify\" dir=\"ltr\">\u00a0<\/div>\n<div align=\"justify\" dir=\"ltr\"><strong><font face=\"Arial\" size=\"2\">Les votes des Tunisiens de France d\u00e9pouill\u00e9s par le RCD<\/font><\/strong><\/div>\n<div align=\"justify\" dir=\"ltr\">\u00a0<\/div>\n<div align=\"justify\" dir=\"ltr\"><font face=\"Arial\" size=\"2\">Le RCD, et \u00e0 sa t\u00eate l\u2019ancien pr\u00e9sident tunisien Zine El Abidine Ben Ali, s\u2019est toujours distingu\u00e9 par des scores \u00e9tonnamment \u00e9lev\u00e9s \u00e0 chaque \u00e9lection. La pr\u00e9sidentielle de 2009 a par exemple \u00e9t\u00e9 remport\u00e9e par Ben Ali avec pas moins de 89,62 % des suffrages. Les \u00e9lections tunisiennes \u00e9taient d\u2019ailleurs chaque fois d\u00e9nonc\u00e9es comme frauduleuses par les organisations de d\u00e9fense des droits de l\u2019Homme.<\/font><\/div>\n<div align=\"justify\" dir=\"ltr\"> <font face=\"Arial\" size=\"2\">Les documents de la rue Botzaris montrent que les votes des Tunisiens de France \u00e9taient d\u00e9pouill\u00e9s par le parti lui-m\u00eame, et non par l\u2019ambassade tunisienne comme l\u2019exige la loi.<\/font><\/div>\n<div align=\"justify\" dir=\"ltr\">\u00a0<\/div>\n<div align=\"justify\" dir=\"ltr\"><font face=\"Arial\" size=\"2\">Ainsi, des rapports sign\u00e9s par le secr\u00e9taire g\u00e9n\u00e9ral de la F\u00e9d\u00e9ration de Nantes du RCD donnent un compte-rendu d\u00e9taill\u00e9 du nombre d\u2019inscrits, mais aussi les noms des personnes ayant particip\u00e9 au d\u00e9pouillement des votes et du r\u00e9sultat. Dans ces rapports de 2002, lorsque le gouvernement Ben Ali avait organis\u00e9 un r\u00e9f\u00e9rendum pour modifier la Constitution, afin de pouvoir se repr\u00e9senter en 2009, il appara\u00eet que le RCD a pris en charge l\u2019organisation du scrutin en France.<\/font><\/div>\n<div align=\"justify\" dir=\"ltr\">\u00a0<\/div>\n<div align=\"justify\" dir=\"ltr\">\u00a0<\/div>\n<div align=\"justify\" dir=\"ltr\">\u00a0<\/div>\n<div align=\"justify\" dir=\"ltr\"><font face=\"Arial\" size=\"2\">C\u2019est \u00e9galement le RCD qui proc\u00e8dait \u00e0 la nomination des observateurs cens\u00e9s veiller au bon d\u00e9roulement des \u00e9lections. Un des documents de la rue Botzaris montre que la t\u00e2che de ces observateurs consistait d\u2019ailleurs surtout \u00e0 d\u00e9noncer les Tunisiens n\u2019ayant pas vot\u00e9 pour Ben Ali. Avant la r\u00e9volution tunisienne, il \u00e9tait en effet possible de rep\u00e9rer la couleur des bulletins de vote par transparence \u00e0 l\u2019int\u00e9rieur des enveloppes. Dans un rapport du 23 octobre 2004, on peut donc lire ce compte-rendu d\u2019une observatrice : \u00ab\u00a0Je vous communique les coordonn\u00e9es des personnes, constat\u00e9es par moi-m\u00eame, qui ont vot\u00e9 pour \u00ab\u00a0la carte bleu\u00a0\u00bb et la \u00ab\u00a0carte or\u00a0\u00bb \u00a0\u00bb (le bleu \u00e9tant la couleur du parti Ettajdid, ancien Parti communiste tunisien, l\u2019or la couleur du Parti social-lib\u00e9ral, le rouge celle du RCD).<\/font><\/div>\n<div align=\"justify\" dir=\"ltr\">\u00a0<\/div>\n<div align=\"justify\" dir=\"ltr\">\u00a0<\/div>\n<div align=\"justify\" dir=\"ltr\"><strong><font face=\"Arial\" size=\"2\">Le parti de Ben Ali financ\u00e9 sur les deniers de l\u2019Etat<\/font><\/strong><\/div>\n<div align=\"justify\" dir=\"ltr\">\u00a0<\/div>\n<div align=\"justify\" dir=\"ltr\"><font face=\"Arial\" size=\"2\">Les documents de la rue Botzaris r\u00e9v\u00e8lent que le budget de fonctionnement du RCD \u00e0 Paris \u00e9tait aliment\u00e9 par l\u2019Etat tunisien. Les financements \u00e9taient d\u00e9bloqu\u00e9s principalement par l\u2019Agence des Tunisiens \u00e0 l\u2019\u00e9tranger (agence relevant du minist\u00e8re tunisien des Affaires sociales). Mais d\u2019autres minist\u00e8res, comme celui de la Culture, ou des Affaires religieuses, mettaient \u00e9galement la main \u00e0 la poche sur les projets relevant de leur comp\u00e9tence. Ainsi, dans un rapport du RCD \u00e0 Paris dat\u00e9 du 6 d\u00e9cembre 2005, on apprend que l\u2019Agence des Tunisiens \u00e0 l\u2019\u00e9tranger a particip\u00e9 au budget de 2005 \u00e0 hauteur de 276 073,62 euros et que cette participation devait \u00eatre augment\u00e9e d\u2019environ 80 000 euros l\u2019ann\u00e9e suivante, \u00e0 cause de la hausse du cours de l\u2019euro.<\/font><\/div>\n<div align=\"justify\" dir=\"ltr\">\u00a0<\/div>\n<div align=\"justify\" dir=\"ltr\">\u00a0<\/div>\n<div align=\"justify\" dir=\"ltr\"><strong><font face=\"Arial\" size=\"2\">Les emplois fictifs du RCD<\/font><\/strong><\/div>\n<div align=\"justify\" dir=\"ltr\">\u00a0<\/div>\n<div align=\"justify\" dir=\"ltr\"><font face=\"Arial\" size=\"2\">Autre information r\u00e9v\u00e9l\u00e9e par les documents de la rue Botzaris : le RCD demandait \u00e0 des entreprises publiques tunisiennes implant\u00e9es en France de prendre en charge les salaires de certains de ses collaborateurs. Dans certains courriers, le secr\u00e9taire g\u00e9n\u00e9ral du RCD \u00e0 Paris demande explicitement au si\u00e8ge de son parti \u00e0 Tunis d\u2019appuyer sa demande pour que des \u00ab\u00a0\u00e9tablissements \u00e9tatiques\u00a0\u00bb (tels que la compagnie a\u00e9rienne Tunisair, la Compagnie tunisienne de navigation ou encore l\u2019Office du tourisme) prennent en charge les salaires de plusieurs de ses \u00ab\u00a0fonctionnaires et employ\u00e9s\u00a0\u00bb. Il s\u2019agit d\u2019une prise en charge financi\u00e8re, mais aussi d\u2019un moyen de fournir \u00ab\u00a0une couverture sociale\u00a0\u00bb \u00e0 ces employ\u00e9s pour qu\u2019ils puissent renouveler leurs papiers en France.<\/font><\/div>\n<div align=\"justify\" dir=\"ltr\">\u00a0<\/div>\n<div align=\"justify\" dir=\"ltr\">\u00a0<\/div>\n<div align=\"justify\" dir=\"ltr\"><strong><font face=\"Arial\" size=\"2\">Un fid\u00e8le du RCD plac\u00e9 dans une organisation \u00ab\u00a0droits de l\u2019Homme\u00a0\u00bb<\/font><\/strong><\/div>\n<div align=\"justify\" dir=\"ltr\">\u00a0<\/div>\n<div align=\"justify\" dir=\"ltr\"><font face=\"Arial\" size=\"2\">Comme les autres Etats, la Tunisie de Ben Ali s\u2019effor\u00e7ait de placer ses partisans \u00e0 des postes-cl\u00e9s dans les organisations internationales. Les archives de la rue Botzaris font ressortir des exemples particuli\u00e8rement frappant de nomination douteuse. Le Secr\u00e9taire g\u00e9n\u00e9ral de la Ligue africaine des droits de l\u2019Homme, B\u00e9chir Khalfallah, est par exemple clairement pr\u00e9sent\u00e9, dans un rapport r\u00e9dig\u00e9 par le secr\u00e9taire g\u00e9n\u00e9ral du RCD dat\u00e9 du 21 juin 2005, comme un fid\u00e8le du parti, assistant \u00e0 \u00ab\u00a0toutes les activit\u00e9s\u00a0\u00bb et repr\u00e9sentant m\u00eame la \u00ab\u00a0pseudo-opposition\u00a0\u00bb (opposition manipul\u00e9e par le pouvoir) lors des congr\u00e8s des organisations internationales. Des ordres de virement montrent que B\u00e9chir Khalfallah recevait d\u2019ailleurs de l\u2019argent du RCD. A noter, la Ligue africaine des droits de l\u2019Homme avait \u00e9t\u00e9, selon un responsable de la section tunisienne d\u2019Amnesty International, \u00ab\u00a0fabriqu\u00e9e sur mesure\u00a0\u00bb par les chefs d\u2019Etats africains \u00ab\u00a0afin de couvrir les exactions de leurs r\u00e9gimes\u00a0\u00bb. L\u2019organisation a d\u2019ailleurs d\u00e9cern\u00e9 un prix \u00e0 Ben Ali pour son action dans le domaine des droits de l\u2019Homme au milieu des ann\u00e9es 1990, alors que B\u00e9chir Khalfallah en \u00e9tait le pr\u00e9sident (nous avons contact\u00e9 B\u00e9chir Khalfallah qui a confirm\u00e9 avoir \u00e9t\u00e9 membre du RCD en pr\u00e9cisant qu&rsquo;il critiquait le parti de l&rsquo;int\u00e9rieur).<\/font><\/div>\n<div align=\"justify\" dir=\"ltr\">\u00a0<\/div>\n<div align=\"justify\" dir=\"ltr\">\u00a0<\/div>\n<div align=\"justify\" dir=\"ltr\"><strong><font face=\"Arial\" size=\"2\">Le secr\u00e9taire g\u00e9n\u00e9ral du RCD disposait du statut diplomatique<\/font><\/strong><\/div>\n<div align=\"justify\" dir=\"ltr\">\u00a0<\/div>\n<div align=\"justify\" dir=\"ltr\"><font face=\"Arial\" size=\"2\">Les documents du \u00ab\u00a0Botzarileaks\u00a0\u00bb montrent par ailleurs que le secr\u00e9taire g\u00e9n\u00e9ral du RCD avait le statut d\u2019attach\u00e9 culturel aupr\u00e8s de l\u2019ambassade de Tunisie \u00e0 Paris. Une photocopie dat\u00e9e du 31 d\u00e9cembre 2000 de la carte diplomatique du secr\u00e9taire g\u00e9n\u00e9ral du RCD \u00e0 Paris, H\u00e9di Slim, montre que celui-ci b\u00e9n\u00e9ficiait d\u2019un passeport diplomatique.<\/font><\/div>\n<div align=\"justify\" dir=\"ltr\">\u00a0<\/div>\n<div align=\"justify\" dir=\"ltr\"><font face=\"Arial\" size=\"2\">Les pratiques r\u00e9v\u00e9l\u00e9es par les documents du 36, rue Botzaris ne sont pas surprenantes, compte tenu du caract\u00e8re h\u00e9g\u00e9monique du RCD sous Ben Ali. Ces archives d\u00e9taillent toutefois le fonctionnement interne de ce parti en France et apportent les preuves qu\u2019il disposait de pr\u00e9rogatives r\u00e9galiennes et qu\u2019il enfreignait all\u00e9grement la loi tunisienne. FRANCE 24 n\u2019a pu analyser qu\u2019une partie des documents de la rue Botzaris r\u00e9cup\u00e9r\u00e9s par l\u2019association \u00ab\u00a0Botzaris v\u00e9rit\u00e9 et justice\u00a0\u00bb. D\u2019autres r\u00e9v\u00e9lations viendront probablement de l\u2019examen du reste des archives.<\/font><\/div>\n<div align=\"justify\" dir=\"ltr\">\u00a0<\/div>\n<div align=\"justify\" dir=\"ltr\"><font face=\"Arial\" size=\"2\">Article r\u00e9dig\u00e9 par Sarra Grira, journaliste aux Observateurs de FRANCE 24.<\/font><\/div>\n<p><font face=\"Calibri\" size=\"3\"><\/font><\/p>\n<p align=\"justify\" dir=\"ltr\"><font face=\"Arial\" size=\"2\"><font><strong>Liens:<\/strong> [1] http:\/\/observers.france24.com\/fr\/content\/20110624-mystere-documents-36-rue-botzaris-tunisie-ben-ali-rcd [2] http:\/\/nawaat.org\/portail\/2011\/09\/10\/botzaris-verite-et-justice\/ [3] http:\/\/observers.france24.com\/fr\/content\/20110921-botzarileaks-archives-rcd-paris-revelent-malversations-parti-ben-ali-tunisie-revolution [4] <\/font><a href=\"http:\/\/observers.france24.com\/fr\/users\/team_observers\" target=\"_blank\" rel=\"noopener\">http:\/\/observers.france24.com\/fr\/users\/team_observers<\/a><\/font><\/p>\n<div>\n<div>\n<p><font face=\"Arial\" size=\"2\"><font>(Source: Observer.france24 le 21 septembre 2011) <strong>URL source:<\/strong><\/font><a href=\"http:\/\/observers.france24.com\/fr\/content\/20110921-botzarileaks-archives-rcd-paris-revelent-malversations-parti-ben-ali-tunisie-revolution\" target=\"_blank\" rel=\"noopener\">http:\/\/observers.france24.com\/fr\/content\/20110921-botzarileaks-archives-rcd-paris-revelent-malversations-parti-ben-ali-tunisie-revolution<\/a><\/font><\/p>\n<\/div>\n<p><strong><\/p>\n<hr\/>\n<p><\/strong><\/div>\n<div align=\"center\" dir=\"ltr\"><strong><\/p>\n<h2 style=\"color: red;\"><font face=\"Arial\"><font>Ben Ali : Il ose vouloir revenir en Tunisie<\/font> <\/font><\/h2>\n<p><font face=\"Arial\" size=\"2\">Zine el-Abidine Ben Ali est en bonne sant\u00e9 et envisage de rentrer en Tunisie !<\/font><\/strong><\/div>\n<div dir=\"ltr\">\n<hr\/>\n<\/div>\n<div dir=\"ltr\"><font face=\"Arial\" size=\"2\">C\u2019est pas l\u2019interm\u00e9diaire de son avocat, Akram Azzouri, qu<strong>\u2018<\/strong>il<strong> clame son innocence<\/strong> et d\u00e9clare vouloir<em> \u00bbrentrer au pays, qu\u2019il a servi pendant 50 ans, d\u00e8s que les conditions seront propices pour ce retour et que la situation sera stabilis\u00e9e \u00bb. <\/em><\/font> \u00a0<\/div>\n<p align=\"left\" dir=\"ltr\"><font face=\"Arial\" size=\"2\"><strong>Ben Ali est la victime.<\/strong>Ben Ali pointe du doigt la <em>\u00ab campagne de d\u00e9nigrement qui nuit terriblement \u00e0 son image \u00bb <\/em>et son avocat insiste sur le fait qu\u2019 \u00bba<em>ucun ordre de Ben Ali n\u2019a \u00e9t\u00e9 donn\u00e9 pour faire tirer sur les manifestants et les conversations t\u00e9l\u00e9phoniques entre les minist\u00e8res de l\u2019Int\u00e9rieur et de la D\u00e9fense sont toutes enregistr\u00e9es \u00bb,<\/em>a-t-il d\u00e9clar\u00e9 dans une interview \u00e0 <em>Achark al Awssat,<\/em>quotidien saoudien. Idem pour le d\u00e9tournement des caisses de l\u2019\u00c9tat, tout est faux assure l\u2019avocat. A preuve, les banques suisses et fran\u00e7aises ne lui ont trouv\u00e9 aucun num\u00e9ro de compte bancaire en son nom. Ce qui a \u00e9t\u00e9 film\u00e9 au Palais de Carthage a \u00e9t\u00e9 effectu\u00e9 40 jours apr\u00e8s son d\u00e9part, souligne encore l\u2019avocat, par allusion aux armoires pleines de liasses de billets de banques trouv\u00e9es dans son palais de Sidi Dhrif, pr\u00e8s de Sidi Bou Sa\u00efd.<\/font><\/p>\n<p dir=\"ltr\">\u00a0<\/p>\n<p align=\"left\" dir=\"ltr\"><font face=\"Arial\" size=\"2\"><strong>C\u2019est un complot !<\/strong><em>\u00abIl y a eu un complot contre Ben Ali, actuellement h\u00f4te privil\u00e9gi\u00e9 de l\u2019Arabie saoudite et point \u00e0 la ligne. Ce complot a \u00e9t\u00e9 tram\u00e9 pour l\u2019obliger \u00e0 quitter imm\u00e9diatement le pays et le renverser. Mon client d\u00e9voilera bient\u00f4t \u00e0 son peuple des secrets avec des d\u00e9tails\u00bb<\/em>, souligne l\u2019avocat libanais de Ben Ali. Interrog\u00e9 sur les accusations port\u00e9es contre son client, l\u2019avocat de l\u2019ancien pr\u00e9sident dit qu\u2019il s\u2019agit d\u2019un r\u00e8glement de compte et en veut \u00e0 ceux qui ont voulu s\u2019emparer du pouvoir. L\u2019argent et les armes retrouv\u00e9es dans son palais ? <em>\u00abMon client nie toutes ces accusations. En ce qui concerne les armes trouv\u00e9es, ce sont des fusils offerts par des chefs d\u2019Etat en guise de cadeaux, tout comme les parures en or et diamant qui sont aussi des cadeaux \u00e0 Le\u00efla Ben Ali. Quant aux lingots d\u2019or vol\u00e9s de la Banque centrale de Tunisie (Bct), c\u2019est une histoire infond\u00e9e. D\u2019ailleurs, le gouverneur de la Bct a lui-m\u00eame ni\u00e9 le vol de lingots d\u2019or\u00bb,<\/em> plaide Me Azzouri.<\/font><\/p>\n<div dir=\"ltr\"><font face=\"Arial\" size=\"2\">Au total, selon le ministre tunisien de la Justice, Lazhar Karoui Chebbi,<strong>18 actions en justice<\/strong> ont d\u00e9j\u00e0 \u00e9t\u00e9 enclench\u00e9es contre le pr\u00e9sident d\u00e9chu, notamment pour <strong>homicides volontaires<\/strong> et <strong>usage et trafic de drogues<\/strong>. Le gouvernement est en train de constituer un dossier afin d\u2019obtenir l\u2019extradition de l\u2019ex-pr\u00e9sident, r\u00e9fugi\u00e9 avec des membres de sa famille en Arabie Saoudite depuis sa fuite le 14 janvier.<\/font> <font face=\"Arial\" size=\"2\"><strong>(Source: Planete Campus le 21 septembre 2011)<\/strong><\/font> <font face=\"Arial\" size=\"2\"><strong><font>Lien: <\/font><\/strong><a href=\"http:\/\/www.planetecampus.com\/actu\/37595-ben-ali-il-ose-vouloir-revenir-en-tunisie\" target=\"_blank\" title=\"http:\/\/www.planetecampus.com\/actu\/37595-ben-ali-il-ose-vouloir-revenir-en-tunisie\" rel=\"noopener\"><strong><font>http:\/\/www.planetecampus.com\/actu\/37595-ben-ali-il-ose-vouloir-revenir-en-tunisie<\/font><\/strong><\/a><\/font> \u00a0<\/div>\n<p><\/font><\/p>\n<\/div>\n<\/div>\n<\/div>\n<\/div>\n<\/div>\n<\/div>\n<\/div>\n<\/div>\n<\/div>\n<\/div>\n<\/div>\n<\/div>\n<\/div>\n<\/div>\n<\/div>\n<\/div>\n<p><\/body><\/body><\/html><\/p>\n","protected":false},"excerpt":{"rendered":"<p>TUNISNEWS 11 \u00e8me ann\u00e9e, N\u00b04102 du 22.09.2011 archives : www.tunisnews.net \u00a0 Romandie News: L&rsquo;arm\u00e9e tunisienne attaque un convoi arm\u00e9 dans le sud, pr\u00e8s de l&rsquo;Alg\u00e9rie Ouest France: Lampedusa. Heurts entre la police et des immigr\u00e9s tunisiens AP: L&rsquo;Union europ\u00e9enne d\u00e9ploiera 150 observateurs pour les \u00e9lections en Tunisie ADPM: Legouvernement Harper refuse aux tunisiens canadiens les [&hellip;]<\/p>\n","protected":false},"author":1,"featured_media":22040,"comment_status":"open","ping_status":"open","sticky":false,"template":"","format":"standard","meta":{"inline_featured_image":false,"site-sidebar-layout":"default","site-content-layout":"","ast-site-content-layout":"default","site-content-style":"default","site-sidebar-style":"default","ast-global-header-display":"","ast-banner-title-visibility":"","ast-main-header-display":"","ast-hfb-above-header-display":"","ast-hfb-below-header-display":"","ast-hfb-mobile-header-display":"","site-post-title":"","ast-breadcrumbs-content":"","ast-featured-img":"","footer-sml-layout":"","ast-disable-related-posts":"","theme-transparent-header-meta":"","adv-header-id-meta":"","stick-header-meta":"","header-above-stick-meta":"","header-main-stick-meta":"","header-below-stick-meta":"","astra-migrate-meta-layouts":"default","ast-page-background-enabled":"default","ast-page-background-meta":{"desktop":{"background-color":"","background-image":"","background-repeat":"repeat","background-position":"center center","background-size":"auto","background-attachment":"scroll","background-type":"","background-media":"","overlay-type":"","overlay-color":"","overlay-opacity":"","overlay-gradient":""},"tablet":{"background-color":"","background-image":"","background-repeat":"repeat","background-position":"center center","background-size":"auto","background-attachment":"scroll","background-type":"","background-media":"","overlay-type":"","overlay-color":"","overlay-opacity":"","overlay-gradient":""},"mobile":{"background-color":"","background-image":"","background-repeat":"repeat","background-position":"center center","background-size":"auto","background-attachment":"scroll","background-type":"","background-media":"","overlay-type":"","overlay-color":"","overlay-opacity":"","overlay-gradient":""}},"ast-content-background-meta":{"desktop":{"background-color":"var(--ast-global-color-5)","background-image":"","background-repeat":"repeat","background-position":"center center","background-size":"auto","background-attachment":"scroll","background-type":"","background-media":"","overlay-type":"","overlay-color":"","overlay-opacity":"","overlay-gradient":""},"tablet":{"background-color":"var(--ast-global-color-5)","background-image":"","background-repeat":"repeat","background-position":"center center","background-size":"auto","background-attachment":"scroll","background-type":"","background-media":"","overlay-type":"","overlay-color":"","overlay-opacity":"","overlay-gradient":""},"mobile":{"background-color":"var(--ast-global-color-5)","background-image":"","background-repeat":"repeat","background-position":"center center","background-size":"auto","background-attachment":"scroll","background-type":"","background-media":"","overlay-type":"","overlay-color":"","overlay-opacity":"","overlay-gradient":""}},"footnotes":""},"categories":[],"tags":[61,42,29],"class_list":["post-19563","post","type-post","status-publish","format-standard","has-post-thumbnail","hentry","tag-61","tag-42","tag-fr"],"_links":{"self":[{"href":"https:\/\/tunisnews.net\/ar\/wp-json\/wp\/v2\/posts\/19563","targetHints":{"allow":["GET"]}}],"collection":[{"href":"https:\/\/tunisnews.net\/ar\/wp-json\/wp\/v2\/posts"}],"about":[{"href":"https:\/\/tunisnews.net\/ar\/wp-json\/wp\/v2\/types\/post"}],"author":[{"embeddable":true,"href":"https:\/\/tunisnews.net\/ar\/wp-json\/wp\/v2\/users\/1"}],"replies":[{"embeddable":true,"href":"https:\/\/tunisnews.net\/ar\/wp-json\/wp\/v2\/comments?post=19563"}],"version-history":[{"count":0,"href":"https:\/\/tunisnews.net\/ar\/wp-json\/wp\/v2\/posts\/19563\/revisions"}],"wp:featuredmedia":[{"embeddable":true,"href":"https:\/\/tunisnews.net\/ar\/wp-json\/wp\/v2\/media\/22040"}],"wp:attachment":[{"href":"https:\/\/tunisnews.net\/ar\/wp-json\/wp\/v2\/media?parent=19563"}],"wp:term":[{"taxonomy":"category","embeddable":true,"href":"https:\/\/tunisnews.net\/ar\/wp-json\/wp\/v2\/categories?post=19563"},{"taxonomy":"post_tag","embeddable":true,"href":"https:\/\/tunisnews.net\/ar\/wp-json\/wp\/v2\/tags?post=19563"}],"curies":[{"name":"wp","href":"https:\/\/api.w.org\/{rel}","templated":true}]}}