{"id":19547,"date":"2011-02-19T00:00:00","date_gmt":"2011-02-19T00:00:00","guid":{"rendered":"https:\/\/tunisnews.net\/19-fevrier-2011\/"},"modified":"2011-02-19T00:00:00","modified_gmt":"2011-02-19T00:00:00","slug":"19-fevrier-2011","status":"publish","type":"post","link":"https:\/\/tunisnews.net\/ar\/19-fevrier-2011\/","title":{"rendered":"19 f\u00e9vrier 2011"},"content":{"rendered":"<p><html><head><meta content=\"text\/html\" description=\". Le diplomate, qui s'est montr\u00e9 arrogant lors de \n  sa premi\u00e8re rencontre avec la presse jeudi, a choqu\u00e9 une partie de la \n  population, d\u00e9j\u00e0 \u00e9chaud\u00e9e par les d\u00e9clarations controvers\u00e9es de Mich\u00e8le \n  Alliot-Marie en pleine\" http-equiv=\"Content-Type\"\/><\/head><body><body><\/p>\n<div><font face=\"Arial\" size=\"2\"><\/p>\n<div>\n<div align=\"center\" dir=\"rtl\"><a><strong><font face=\"Arabic Transparent\" size=\"3\"><span>Home<\/span><span lang=\"FR-CH\"> &#8211; Accuei<\/span><\/font><\/strong><\/a><font size=\"3\"><span lang=\"fr-ch\"><strong><font face=\"Arabic Transparent\">l<\/font><\/strong><\/span> <\/font><font face=\"Arial\"><font size=\"2\"> <\/p>\n<p align=\"left\">  \u00a0<\/p>\n<p> <\/font><\/font> <\/div>\n<\/p><\/div>\n<p> <\/font><\/div>\n<div> <font face=\"Arial\" size=\"2\"><b> <span lang=\"FR\">  <\/p>\n<div align=\"center\" dir=\"ltr\"> <font face=\"Bookman Old Style\" size=\"7\"> <strong>TUNISNEWS <\/strong><\/font><font> <font face=\"Arial\" size=\"3\">10 \u00e8me ann\u00e9e, <\/font><span lang=\"FR\"> <font face=\"Arial\" size=\"3\">N\u00b0 3924 du 19 .02 . 2011     <\/font><\/span><\/font><span> <font face=\"Arial\">archives : <\/font><a target=\"_blank\" rel=\"noopener\"> <font face=\"Arial\">www.tunisnews.net<\/font><\/a><\/span><span lang=\"FR\"> <\/span><font face=\"Arial\"> <\/font><\/div>\n<p> <\/span><\/b><\/font><\/div>\n<div> <font face=\"Arial\" size=\"2\"><b> <span lang=\"FR\"> <\/p>\n<hr\/>\n<p>Le Figaro :Manifestation \u00e0 Tunis contre l&rsquo;ambassadeur de France   <font>Europe1:Boris Boillon, persona non grata \u00e0 Tunis    <\/font><\/p>\n<h2 style=\"color: red;\"><font>Le Parisien:Manifestation \u00abpour une Tunisie   la\u00efque\u00bb apr\u00e8s des incidents avec les islamistes<\/font><\/h2>\n<p><font>Le gouvernement et \u201dEnnahda\u201d condamnent   l\u2019assassinat d\u2019un pretre polonais   <\/font><\/p>\n<h2 style=\"color: red;\"><font>Le Figaro :Tunisie: l&rsquo;\u00e9cole du pr\u00eatre \u00e9tait   menac\u00e9e<\/font><\/h2>\n<p><font>Le Telegramme:Quand un d\u00e9put\u00e9 UMP d\u00e9fend le bilan   de Ben Ali   <\/font><\/p>\n<p><font>Le Inrocks:Rencontre avec Moncef Marzouki:   l&rsquo;opposant de Ben Ali est de retour en Tunisie apr\u00e8s un exil de 10 ans<\/font><\/p>\n<p><font>cyberpresse:Saisie des biens de Ben Ali: la   Tunisie tarde \u00e0 fournir des renseignements \u00e0 Ottawa   <\/font><\/p>\n<h2 style=\"color: red;\"><font>wmc:Tunisie : La presse classique \u00e0 l\u2019\u00e9preuve du   journalisme citoyen<\/font><\/h2>\n<p><font>Kapitalis :Tunisie. Les ministres de Ben Ali:   responsables et\/ou coupables?   <\/font><\/p>\n<h2 style=\"color: red;\"><font>Jeune Afrique:R\u00e9volutions en Tunisie et en   \u00c9gypte, m\u00eame combat<\/font><\/h2>\n<p><font>Le Temps:Six magistrats d\u00e9mis de leurs fonctions     <\/font><\/p>\n<h2 style=\"color: red;\"><font>Le Temps:Les priorit\u00e9s \u00e9conomiques et sociales de   la transition: Huit points incontournables<\/font><\/h2>\n<p><font>Afrik.com:Le Maroc \u00e0 l\u2019heure de la r\u00e9volution   arabe   <\/font><\/p>\n<h2 style=\"color: red;\"><font>AFP:Hundreds demonstrate for secular Tunisia<\/font><\/h2>\n<\/p>\n<p><\/span><\/b><\/font><\/div>\n<div> <font face=\"Arial\" size=\"2\"><b> <span lang=\"FR\"> <\/p>\n<p>\u00a0<\/p>\n<hr\/>\n<p align=\"center\">  Manifestation \u00e0 Tunis contre l&rsquo;ambassadeur de France<\/p>\n<hr\/>\n<p><\/span><\/b> <\/p>\n<p> <b> <span lang=\"FR\">  Le diplomate, fra\u00eechement nomm\u00e9, fait les frais de propos assez secs tenus   jeudi \u00e0 des journalistes tunisiens. Les images ont circul\u00e9 sur internet.<\/span><\/b><\/p>\n<p> <span lang=\"FR\"> <img decoding=\"async\" height=\"1\" src=\"19Fevr3.gif\" v:shapes=\"_x0000_i1025\" width=\"1\"\/><\/span><\/p>\n<p> <span lang=\"FR\">  Des centaines de Tunisiens ont manifest\u00e9 samedi devant l&rsquo;ambassade de France \u00e0   Tunis pour r\u00e9clamer le d\u00e9part du  <a href=\"http:\/\/www.lefigaro.fr\/international\/2011\/01\/26\/01003-20110126ARTFIG00478-boris-boillon-nomme-ambassadeur-a-tunis.php\" target=\"_blank\" rel=\"noopener\"> <b><span>nouvel ambassadeur,   Boris Boillon<\/span><\/b><\/a>. Le diplomate, qui s&rsquo;est montr\u00e9 arrogant lors de   sa premi\u00e8re rencontre avec la presse jeudi, a choqu\u00e9 une partie de la   population, d\u00e9j\u00e0 \u00e9chaud\u00e9e par les d\u00e9clarations controvers\u00e9es de Mich\u00e8le   Alliot-Marie en pleine<a href=\"http:\/\/www.lefigaro.fr\/international\/revolution-tunisie.php\" target=\"_blank\" rel=\"noopener\"><b><span>   r\u00e9volution \u00abdu Jasmin\u00bb<\/span><\/b><\/a>.<\/span><\/p>\n<p> <span lang=\"FR\">  Boris Boillon a refus\u00e9 de r\u00e9pondre jeudi \u00e0 des journalistes qui   l&rsquo;interrogeaient sur la ministre des Affaires \u00e9trang\u00e8res. Il leur a reproch\u00e9   d&rsquo;essayer de le faire tomber dans \u00abdes trucs d\u00e9biles \u00bb. \u00abVous croyez que moi,   l&rsquo;ambassadeur de France en Tunisie, je vais r\u00e9pondre \u00e0 cette question ?!\u00bb, a   lanc\u00e9  <a href=\"http:\/\/www.lefigaro.fr\/international\/2010\/08\/30\/01003-20100830ARTFIG00616-l-irak-laboratoire-de-la-democratie-du-monde-arabe.php\" target=\"_blank\" rel=\"noopener\"> <b><span>l&rsquo;ex-ambassadeur de   France en Irak<\/span><\/b><\/a>. \u00abVous croyez que je suis dans la petite phrase   d\u00e9bile ? Moi, je suis l\u00e0 pour exposer une philosophie\u00bb.<\/span><\/p>\n<p> <span lang=\"FR\">  La manifestation pour condamner le ton et les propos de cet ancien conseiller   de Nicolas Sarkoy a r\u00e9uni environ 500 Tunisiens sur l&rsquo;avenue Habib Bourguiba,   dans la capitale samedi.<\/span><\/p>\n<p> <span lang=\"FR\">  \u00abM. Boillon, vous occupez un poste diplomatique et vous n&rsquo;avez rien d&rsquo;un   diplomate\u00bb, \u00abd\u00e9gagez, petit Sarko !\u00bb, \u00abBoris d\u00e9gage !\u00bb, \u00abC&rsquo;est vous qui faites   honte \u00e0 la France\u00bb, pouvait-on lire sur les banderoles des manifestants,   mobilis\u00e9s par des appels sur Facebook.<\/span><\/p>\n<p> <span lang=\"FR\">  \u00abJe suis tr\u00e8s choqu\u00e9e, c&rsquo;est la premi\u00e8re apparition de l&rsquo;ambassadeur, il a   paru tr\u00e8s agressif pour un diplomate. C&rsquo;est dommage, on esp\u00e9rait une nouvelle   coop\u00e9ration sur des nouvelles bases mais cette personne a cr\u00e9\u00e9 une tension   avec la presse, il s&rsquo;est cram\u00e9!\u00bb, a d\u00e9clar\u00e9 Houria, 50 ans.<\/span><\/p>\n<p> <span lang=\"FR\">  Des extraits de cette rencontre ont \u00e9t\u00e9 diffus\u00e9s \u00e0 la t\u00e9l\u00e9vision tunisienne   ainsi que sur Facebook. Une page du r\u00e9seau social a \u00e9t\u00e9 ouverte sous le titre   : \u00abBoris Boillon, d\u00e9gage !\u00bb. Parmi les commentaires, on peut lire : \u00abLe d\u00e9gage   tunisien n&rsquo;\u00e9pargne personne. Le peuple tunisien choisit ses ministres et il   est m\u00fbr pour juger les ambassadeurs \u00e9trangers\u00bb.<\/span><\/p>\n<p> <span lang=\"FR\">  Ag\u00e9 de 41 ans, Boris Boillon remplace Pierre M\u00e9nat, 60 ans, qui a fait les   frais des erreurs d&rsquo;appr\u00e9ciation de la diplomatie fran\u00e7aise lors de la   r\u00e9volution tunisienne.<\/span><\/p>\n<p> <span lang=\"FR\">  Source\u00a0:\u00a0\u00ab\u00a0Le Figaro\u00a0\u00bb Le 19-02-2011<\/span><\/p>\n<p> <span lang=\"FR\">  Lien\u00a0: La manifestation pour condamner le ton et les propos de cet ancien   conseiller de Nicolas Sarkoy a r\u00e9uni environ 500 Tunisiens sur l&rsquo;avenue Habib   Bourguiba, dans la capitale samedi.<\/span><\/p>\n<p> <span lang=\"FR\">  <\/p>\n<hr\/>\n<h2 align=\"center\" style=\"color: red;\"> <font size=\"2\">Boris Boillon, <i>persona non grata<\/i> \u00e0 Tunis <\/font><\/h2>\n<hr\/>\n<p><\/span> <\/p>\n<p><strong> <span lang=\"FR\">Des   manifestants ont r\u00e9clam\u00e9 le d\u00e9part du nouvel ambassadeur de France \u00e0 Tunis.  <\/span><\/strong><\/p>\n<p><span lang=\"FR\">Pr\u00e8s   de 500 manifestants se sont rassembl\u00e9s samedi devant l&rsquo;ambassade de France,   avenue Bourguiba \u00e0 Tunis pour r\u00e9clamer le d\u00e9part du nouvel ambassadeur de   France, Boris Boillon. Les Tunisiens mobilis\u00e9s devant le b\u00e2timent d\u00e9noncent ce   qu&rsquo;ils qualifient de \u00ab\u00a0manque de diplomatie\u00a0\u00bb du repr\u00e9sentant. Jeudi d\u00e9j\u00e0, lors   d&rsquo;une conf\u00e9rence de presse, des Tunisiens avaient critiqu\u00e9 l'\u00a0\u00bbagressivit\u00e9\u00a0\u00bb du   diplomate arabophone, qui \u00e9tait  <a href=\"http:\/\/www.europe1.fr\/Politique\/La-France-change-d-ambassadeur-a-Tunis-387249\/\" target=\"_self\" rel=\"noopener\">  jusqu&rsquo;alors en poste en Irak<\/a>. <\/span><\/p>\n<h2 style=\"color: red;\"> <span lang=\"FR\">\u00ab\u00a0Boris   Boillon, d\u00e9gage !\u00a0\u00bb, clament des manifestants<\/span><\/h2>\n<p><span lang=\"FR\">Les   banderoles des manifestants sont tr\u00e8s virulentes. \u00ab\u00a0M. Boillon, vous occupez un   poste diplomatique et vous n&rsquo;avez rien d&rsquo;un diplomate\u00a0\u00bb, \u00ab\u00a0d\u00e9gagez, petit Sarko   !\u00a0\u00bb, \u00ab\u00a0Boris d\u00e9gage !\u00a0\u00bb, \u00ab\u00a0C&rsquo;est vous qui faites honte \u00e0 la France\u00a0\u00bb, pouvait-on   effectivement y lire. <\/span><\/p>\n<p><span lang=\"FR\">\u00ab\u00a0Je   suis tr\u00e8s choqu\u00e9e, c&rsquo;est la premi\u00e8re apparition de l&rsquo;ambassadeur, il a paru   tr\u00e8s agressif pour un diplomate. C&rsquo;est dommage, on esp\u00e9rait une nouvelle   coop\u00e9ration sur des nouvelles bases mais cette personne a cr\u00e9\u00e9 une tension   avec la presse, il s&rsquo;est cram\u00e9!\u00a0\u00bb, a lanc\u00e9 Houria, 50 ans, \u00e0 l&rsquo;agence   France-Presse. Elle faisait allusion \u00e0 la premi\u00e8re rencontre du diplomate   fran\u00e7ais avec la presse, le 17 f\u00e9vrier, au cours de laquelle Boris Boillon   avait refus\u00e9 de r\u00e9pondre aux questions de certains journalistes. <\/span><\/p>\n<p><span lang=\"FR\">Des   extraits de cette rencontre ont \u00e9t\u00e9 diffus\u00e9s \u00e0 la t\u00e9l\u00e9vision tunisienne et   reprise sur Facebook.<a href=\"http:\/\/www.facebook.com\/?sk=messages&amp;tid=1532900455333#%21\/Boris.Boillon.Degage\" target=\"_blank\" rel=\"noopener\">   Une page <\/a>a d&rsquo;ailleurs \u00e9t\u00e9 ouverte sur le r\u00e9seau social et baptis\u00e9e \u00ab\u00a0Boris   Boillon, d\u00e9gage !\u00a0\u00bb. Parmi les commentaires, on peut lire : \u00ab\u00a0Le d\u00e9gage tunisien   n&rsquo;\u00e9pargne personne. Le peuple tunisien choisit ses ministres et il est m\u00fbr   pour juger les ambassadeurs \u00e9trangers\u00a0\u00bb. <\/span><\/p>\n<h2 style=\"color: red;\"> <span lang=\"FR\">Le Quai   d&rsquo;Orsay r\u00e9agit<\/span><\/h2>\n<p><span lang=\"FR\">Le   minist\u00e8re des Affaires \u00e9trang\u00e8res est venu samedi apr\u00e8s-midi \u00e0 la rescousse de   son diplomate. Boris Boillon \u00ab\u00a0est dans l&rsquo;action, pas dans la pol\u00e9mique\u00a0\u00bb, a   rappel\u00e9 le porte-parole du Quai d&rsquo;Orsay, Bernard Valero. <\/span><\/p>\n<p><span lang=\"FR\">.\u00a0\u00bbLe   dynamisme de M. Boillon est un gage de r\u00e9sultat dans cette p\u00e9riode cruciale o\u00f9   nos relations sont en train d&rsquo;aborder une nouvelle \u00e9tape, de prendre un nouvel   \u00e9lan, en s&rsquo;appuyant sur une nouvelle ambition partag\u00e9e\u00a0\u00bb, a-t-il ainsi d\u00e9fendu.   \u00ab\u00a0C&rsquo;est vers cet objectif que porte l&rsquo;effort de notre ambassadeur. Il y   consacre toute son \u00e9nergie\u00a0\u00bb, a-t-il \u00e9galement fait valoir. <\/span><\/p>\n<p> <span lang=\"FR\">  Source\u00a0: \u00ab\u00a0Europe1\u00a0\u00bb Le 19-02-2011<\/span><\/p>\n<p> <span lang=\"FR\">  Lien\u00a0:  <a href=\"http:\/\/www.europe1.fr\/International\/Boris-Boillon-persona-non-grata-a-Tunis-420207\/\" target=\"_blank\" rel=\"noopener\">  http:\/\/www.europe1.fr\/International\/Boris-Boillon-persona-non-grata-a-Tunis-420207\/<\/a><\/span><\/p>\n<p> <span lang=\"EN-US\">  <\/p>\n<hr\/>\n<h2 align=\"center\" style=\"color: red;\"> <font size=\"2\">Manifestation \u00abpour une Tunisie la\u00efque\u00bb apr\u00e8s des incidents   avec les islamistes<\/font><\/h2>\n<hr\/>\n<p><\/span> <\/p>\n<p> <span lang=\"EN-US\">  \u00abArr\u00eatez vos actes extr\u00e9mistes\u00bb, \u00abLa\u00efcit\u00e9 = libert\u00e9 et tol\u00e9rance\u00bb&#8230; Des   centaines de manifestants manifestaient ce samedi \u00e0 Tunis \u00abpour une Tunisie   la\u00efque\u00bb, sur l&rsquo;avenue Habib Bourguiba, haut lieu de la contestation qui a   provoqu\u00e9 la chute du pr\u00e9sident Ben Ali. Cette manifestation a \u00e9t\u00e9 organis\u00e9e au   lendemain d&rsquo;incidents avec des islamistes, qui ont attaqu\u00e9 une rue d\u00e9di\u00e9e \u00e0 la   prostitution, et de la mort d&rsquo;un pr\u00eatre. <\/span><\/p>\n<p> <span lang=\"EN-US\">  \u00a0<\/span><\/p>\n<p> <span lang=\"NO-BOK\">  Vendredi apr\u00e8s-midi, dans le centre de la capitale, des dizaines d&rsquo;islamistes   ont tent\u00e9 de mettre le feu dans la rue Abdallaah Guech o\u00f9 travaillent des   prostitu\u00e9es. \u00abDes habitants les ont emp\u00each\u00e9s de rentrer dans cette rue jusqu&rsquo;\u00e0   l&rsquo;arriv\u00e9e des agents des forces de l&rsquo;ordre qui ont bloqu\u00e9 l&rsquo;entr\u00e9e en   interdisant tout passage. <\/span> <span lang=\"EN-US\">  Ils ont ensuite r\u00e9ussi \u00e0 disperser ces manifestants\u00bb, a racont\u00e9 un policier   tunisien sous couvert de l&rsquo;anonymat le policier.<\/span><\/p>\n<p> <span lang=\"EN-US\">  \u00a0<\/span><\/p>\n<p> <span lang=\"EN-US\">  Par alleurs, sans d\u00e9signer nomm\u00e9ment les islamistes, les autorit\u00e9s ont   attribu\u00e9 \u00e0 des \u00abextr\u00e9mistes\u00bb le meurtre d&rsquo;un pr\u00eatre polonais pr\u00e8s de Tunis   vendredi. Marek Rybinski, 34 ans, a \u00e9t\u00e9 retrouv\u00e9 \u00ab\u00e9gorg\u00e9\u00bb dans le garage d&rsquo;une   \u00e9cole religieuse priv\u00e9e de la r\u00e9gion de Manouba, o\u00f9 il \u00e9tait charg\u00e9 de la   comptabilit\u00e9. <\/span> <span lang=\"NO-BOK\">  C&rsquo;est le premier meurtre annonc\u00e9 \u00e0 la fois d&rsquo;un religieux et d&rsquo;un \u00e9tranger   depuis la chute du r\u00e9gime de Ben Ali, le 14 janvier. <\/span><\/p>\n<p> <span lang=\"NO-BOK\">  \u00a0<\/span><\/p>\n<p> <span lang=\"EN-US\">  Un mois apr\u00e8s la chute du pr\u00e9sident Ben Ali, la peur d&rsquo;une pouss\u00e9e de fi\u00e8vre   islamiste est dans tous les esprits.<\/span><\/p>\n<p> <span lang=\"EN-US\">  \u00a0<\/span><\/p>\n<p> <span lang=\"EN-US\">  \u00a0\u00abNous risquons un d\u00e9rapage vers l&rsquo;obscurantisme\u00bb<\/span><\/p>\n<p> <span lang=\"EN-US\">  \u00a0<\/span><\/p>\n<p> <span lang=\"EN-US\">  Ce samedi apr\u00e8s-midi, les manifestants mobilis\u00e9s apr\u00e8s un appel sur Facebook   scandaient : \u00abPour un pays la\u00efque\u00bb. \u00abNous avons appel\u00e9 \u00e0 cette manifestation   pour montrer que la Tunisie est un pays tol\u00e9rant qui refuse le fanatisme et   afin de renforcer la la\u00efcit\u00e9 dans la pratique et dans la loi\u00bb, a d\u00e9clar\u00e9 un   blogueur de 29 ans, Sofiane Chourabi. \u00abC&rsquo;est le combat de demain car nous   risquons un d\u00e9rapage vers l&rsquo;obscurantisme\u00bb, a affirm\u00e9 un \u00e9crivain sexag\u00e9naire,   Fraj Chouchan.<\/span><\/p>\n<p> <span lang=\"EN-US\">  \u00a0<\/span><\/p>\n<p> <span lang=\"EN-US\">  \u00abIl y a une mont\u00e9e des islamistes qui ont manifest\u00e9 pour faire fermer les   maisons closes et devant la synagogue\u00bb, s&rsquo;est inqui\u00e9t\u00e9 un \u00e9tudiant de 19 ans,   Amine Zidi. Le 11 f\u00e9vrier, juste avant le d\u00e9but de shabbat, un groupe d&rsquo;hommes   avait scand\u00e9 devant la grande synagogue de Tunis : \u00abAllez les Juifs, l&rsquo;arm\u00e9e   de Mohammed est de retour\u00bb, selon des images diffus\u00e9es sur internet.<\/span><\/p>\n<p> <span lang=\"EN-US\">  \u00abCela ressemble \u00e0 une manipulation des b\u00e9nalistes pour semer la zizanie\u00bb<\/span><\/p>\n<p> <span lang=\"EN-US\">  En revanche, plusieurs manifestants interrog\u00e9s ont estim\u00e9 que le meurtre du   pr\u00eatre devait \u00eatre le fait de personnes rest\u00e9es fid\u00e8les \u00e0 l&rsquo;ancien r\u00e9gime de   Ben Ali. \u00abEgorger, ce n&rsquo;est pas dans l&rsquo;habitude des Tunisiens. Cela ressemble   \u00e0 une manipulation des b\u00e9nalistes pour semer la zizanie, \u00e0 une propagande pour   montrer que la nouvelle Tunisie n&rsquo;est pas tol\u00e9rante\u00bb, jugeait Kaouther, 42   ans, employ\u00e9e d&rsquo;un \u00e9tablissement occidental. Le r\u00e9gime autoritaire de Zine El   Abidine Ben Ali, qui avait fait arr\u00eater des milliers d&rsquo;islamistes durant les   ann\u00e9es 1990, se pr\u00e9sentait comme un rempart au fanatisme.<\/span><\/p>\n<p> <span lang=\"EN-US\">  Source: \u201cLe Parisien.fr\u201d Le 19-02-2011<\/span><\/p>\n<p> <span lang=\"NO-BOK\">  Lien:  <a href=\"http:\/\/www.leparisien.fr\/crise-tunisie\/manifestation-pour-une-tunisie-laique-apres-des-incidents-avec-les-islamistes-19-02-2011-1322992.php\" target=\"_blank\" rel=\"noopener\">  http:\/\/www.leparisien.fr\/crise-tunisie\/manifestation-pour-une-tunisie-laique-apres-des-incidents-avec-les-islamistes-19-02-2011-1322992.php<\/a><\/span><\/p>\n<p> <b> <span lang=\"NO-BOK\"> <\/p>\n<hr\/>\n<p align=\"center\">  Le gouvernement et \u201dEnnahda\u201d condamnent l\u2019assassinat d\u2019un pretre polonais<\/p>\n<hr\/>\n<p><\/span><\/b> <\/p>\n<p> <span lang=\"FR\">  L&rsquo;assassinat, vendredi pr\u00e8s de Tunis, du pr\u00eatre polonais Marek Marius   Rybinski, continue de susciter la r\u00e9probation, tant dans les milieux officiels   que de la soci\u00e9t\u00e9 civile en Tunisie, y compris le mouvement islamiste   \u00ab\u00a0Ennahdha\u00a0\u00bb.<\/span><\/p>\n<p> <span lang=\"FR\">  Embo\u00eetant le pas au minist\u00e8re de l&rsquo;Int\u00e9rieur, le d\u00e9partement des Affaires   religieuses a, \u00e0 son tour, condamn\u00e9 samedi cet \u00ab\u00a0acte criminel\u00a0\u00bb et appel\u00e9   \u00ab\u00a0instamment les hommes de religion et les composantes de la soci\u00e9t\u00e9 civile \u00e0   agir avec d\u00e9termination pour \u00e9viter que de tels actes se reproduisent\u00a0\u00bb.<\/span><\/p>\n<p> <span lang=\"FR\">  Dans un communiqu\u00e9 diffus\u00e9 par l&rsquo;agence gouvernementale TAP, \u00ab\u00a0le minist\u00e8re des   Affaires religieuses r\u00e9affirme son attachement au principe de coexistence   entre les races et les nationalit\u00e9s et \u00e0 la libert\u00e9 du culte aussi bien au   niveau des croyances qu&rsquo;au niveau des pratiques\u00a0\u00bb, et ce \u00ab\u00a0conform\u00e9ment aux   id\u00e9aux et \u00e0 l&rsquo;esprit de la grande r\u00e9volution du peuple tunisien\u00a0\u00bb.<\/span><\/p>\n<p> <span lang=\"FR\">  Le minist\u00e8re \u00ab\u00a0regrette que de tels agissements aient eu lieu dans un pays qui   s&rsquo;attache au principe du respect d&rsquo;autrui et au droit \u00e0 la diff\u00e9rence\u00a0\u00bb.<\/span><\/p>\n<p> <span lang=\"FR\">  Le pr\u00eatre, \u00e2g\u00e9 de 34 ans, a \u00e9t\u00e9 retrouv\u00e9 mort, \u00e9gorg\u00e9 dans le parking d&rsquo;une   \u00e9cole catholique situ\u00e9e dans la localit\u00e9 de la Manouba, \u00e0 une quinzaine de   kilom\u00e8tres de la capitale, dont il \u00e9tait l&rsquo;\u00e9conome.<\/span><\/p>\n<p> <span lang=\"FR\">  C&rsquo;est la premi\u00e8re fois, depuis le soul\u00e8vement populaire qui a conduit \u00e0 la   chute le 14 janvier dernier du r\u00e9gime du pr\u00e9sident Zine el Abidine ben Ali,   que l&rsquo;on enregistre la mort d&rsquo;un ressortissant \u00e9tranger et un homme de   religion.<\/span><\/p>\n<p> <span lang=\"FR\">  Vendredi, le minist\u00e8re de l&rsquo;Int\u00e9rieur a accus\u00e9 \u00ab\u00a0un groupe de terroristes   fascistes d&rsquo;ob\u00e9dience extr\u00e9miste d&rsquo;\u00eatre derri\u00e8re ce crime, comme l&rsquo;attestent   la fa\u00e7on dont il a \u00e9t\u00e9 assassin\u00e9\u00a0\u00bb. Il a assur\u00e9 que les auteurs de ce \u00ab\u00a0crime   odieux\u00a0\u00bb et leurs complices seront \u00ab\u00a0s\u00e9v\u00e8rement punis \u00ab\u00a0.<\/span><\/p>\n<p> <span lang=\"FR\">  De son c\u00f4t\u00e9, \u00ab\u00a0Ennahdha\u00a0\u00bb a \u00ab\u00a0vigoureusement condamn\u00e9 ce meurtre quels qu&rsquo;en   soient les mobiles et les auteurs\u00a0\u00bb.<\/span><\/p>\n<p> <span lang=\"FR\">  Dans un communiqu\u00e9 transmis \u00e0 l&rsquo;Associated Press, le mouvement islamiste met   en garde contre les manoeuvres visant \u00e0 d\u00e9tourner l&rsquo;attention sur les   objectifs fondamentaux de la r\u00e9volution\u00a0\u00bb.<\/span><\/p>\n<p> <span lang=\"FR\">  Mettant l&rsquo;accent sur \u00ab\u00a0les valeurs d&rsquo;ouverture et de tol\u00e9rance dont le peuple   tunisien, toutes cat\u00e9gories confondues, est impr\u00e9gn\u00e9\u00a0\u00bb, le communiqu\u00e9 \u00ab\u00a0appelle   les autorit\u00e9s comp\u00e9tentes \u00e0 faire la lumi\u00e8re sur les circonstances r\u00e9elles de   cet acte et ses auteurs afin d&rsquo;\u00e9clairer l&rsquo;opinion publique avant d&rsquo;adresser   des accusations\u00a0\u00bb \u00e0 quelque partie que ce soit.<\/span><\/p>\n<p> <span lang=\"FR\">  Le communiqu\u00e9 sign\u00e9 par le pr\u00e9sident d&rsquo;Ennahdha, Rached Ghannouchi, exhorte \u00e0   \u00ab\u00a0la vigilance pour parer \u00e0 tout ce qui peut semer l&rsquo;anarchie dans la soci\u00e9t\u00e9\u00a0\u00bb.<\/span><\/p>\n<p> <span lang=\"FR\">  Dans un autre communiqu\u00e9, il se d\u00e9marque par ailleurs des incidents   antis\u00e9mites survenus derni\u00e8rement devant la grande synagogue de Tunis ainsi   que des manifestations d&rsquo;\u00e9l\u00e9ments islamistes ayant cibl\u00e9 des points de vente   de boissons alcoolis\u00e9es et des maisons closes, y voyant des \u00ab\u00a0atteintes aux   fondements de la d\u00e9mocratie qui sous-tendent notre soci\u00e9t\u00e9\u00a0\u00bb<\/span><\/p>\n<p> <span lang=\"FR\">  Source\u00a0: \u00ab\u00a0Le Nouvel Observateur\u00a0\u00bb Le 19-02-2011<\/span><\/p>\n<p> <span lang=\"FR\">  Lien\u00a0:  <a href=\"http:\/\/tempsreel.nouvelobs.com\/actualite\/monde\/20110219.FAP5265\/tunisie-le-gouvernement-et-ennahdha-condamnent-l-assassinat-d-un-pretre-polonais.html\" target=\"_blank\" rel=\"noopener\">  http:\/\/tempsreel.nouvelobs.com\/actualite\/monde\/20110219.FAP5265\/tunisie-le-gouvernement-et-ennahdha-condamnent-l-assassinat-d-un-pretre-polonais.html<\/a><\/span><\/p>\n<p> <b> <span lang=\"FR\"> <\/p>\n<hr\/>\n<p align=\"center\">  Tunisie: l&rsquo;\u00e9cole du pr\u00eatre \u00e9tait menac\u00e9e <\/p>\n<hr\/>\n<p><\/span><\/b> <\/p>\n<p> <span lang=\"FR\">L&rsquo;\u00e9cole   priv\u00e9e dirig\u00e9e par trois pr\u00eatres de la communaut\u00e9 sal\u00e9sienne \u00e0 Manouba, pr\u00e8s   de Tunis, dont un a \u00e9t\u00e9 retrouv\u00e9 \u00e9gorg\u00e9 hier, avait re\u00e7u des menaces de mort   dans une lettre confuse adress\u00e9e aux \u00ab\u00a0Juifs\u00a0\u00bb, a d\u00e9clar\u00e9 aujourd&rsquo;hui son   directeur \u00e0 l&rsquo;AFP.<\/span><\/p>\n<p> <span lang=\"FR\">  \u00ab\u00a0Attention les Juifs. On a mis des cam\u00e9ras et des micro chez vous. Mettez tout   ce que vous avez d&rsquo;argent dans un sac rouge et donnez-le \u00e0 un ouvrier de chez   vous (&#8230;) avant midi. Aucun coup de t\u00e9l\u00e9phone sinon \u00e7a sera la guerre entre   nous et la mort\u00a0\u00bb, dit la lettre de menace anonyme avec une croix gamm\u00e9e   gliss\u00e9e entre les barreaux de la grille de l&rsquo;\u00e9cole le 30 janvier et transmise   par le p\u00e8re Mario Mulestagno.<\/span><\/p>\n<p> <span lang=\"FR\">Une   plainte avait \u00e9t\u00e9 d\u00e9pos\u00e9e \u00e0 la police. \u00ab\u00a0Nous nous sommes sentis vis\u00e9s comme   des \u00e9trangers: il y a eu un amalgame avec les Juifs qui, pour ceux qui ont   \u00e9crit la lettre, constitue une insulte. C&rsquo;est mauvais pour la communaut\u00e9 juive   et mauvais pour nous\u00a0\u00bb, a d\u00e9clar\u00e9 le p\u00e8re Mario.<\/span><\/p>\n<p> <span lang=\"FR\">Le   pr\u00eatre polonais Marek Rybinski, 34 ans, a \u00e9t\u00e9 retrouv\u00e9 mort \u00e9gorg\u00e9 vendredi   dans un hangar de l&rsquo;\u00e9cole qui accueille plus de 700 \u00e9l\u00e8ves tunisiens   essentiellement musulmans. Les autorit\u00e9s ont attribu\u00e9 son meurtre \u00e0 \u00ab\u00a0un groupe   de terroristes fascistes ayant des orientations extr\u00e9mistes, (&#8230;) compte tenu   de la fa\u00e7on dont il a \u00e9t\u00e9 assassin\u00e9\u00a0\u00bb.<\/span><\/p>\n<p> <span lang=\"FR\">Le fait   que rien n&rsquo;ait \u00e9t\u00e9 vol\u00e9 et \u00ab\u00a0la fa\u00e7on dont il est mort rappelle la m\u00e9thode des   islamistes mais c&rsquo;est aussi peut-\u00eatre une imitation, il y a une possibilit\u00e9 de   provocation\u00a0\u00bb de la part des personnes rest\u00e9es fid\u00e8les \u00e0 l&rsquo;ancien r\u00e9gime \u00ab\u00a0ou   bien c&rsquo;est tout simplement un crime malgr\u00e9 les apparences\u00a0\u00bb, a estim\u00e9 p\u00e8re   Mario.<\/span><\/p>\n<p> <span lang=\"FR\">Marek   Rybinski, qui \u00e9tait responsable financier de l&rsquo;\u00e9tablissement, avait disparu   depuis jeudi matin alors qu&rsquo;il jouait avec des \u00e9l\u00e8ves pendant la r\u00e9cr\u00e9ation.   Comme il avait l&rsquo;habitude de couper son t\u00e9l\u00e9phone portable, le personnel de   l&rsquo;\u00e9cole n&rsquo;avait signal\u00e9 sa disparition que le lendemain matin lorsqu&rsquo;il n&rsquo;a   pas r\u00e9apparu, a racont\u00e9 \u00e0 l&rsquo;AFP son aide-\u00e9conome Neji Khedhiri, 39 ans.<\/span><\/p>\n<p> <span lang=\"FR\">Son   corps a finalement \u00e9t\u00e9 retrouv\u00e9 dans un hangar de l&rsquo;\u00e9cole par du personnel.   \u00ab\u00a0Je suis venu avec deux policiers, il \u00e9tait allong\u00e9 sur le dos \u00e9gorg\u00e9 comme un   mouton. C&rsquo;\u00e9tait horrible. Il y avait aussi des traces de coups sur la t\u00eate.   Rien ne manquait, il y avait ses cl\u00e9s, son argent\u00a0\u00bb, a t\u00e9moign\u00e9 M. Khedhiri.<\/span><\/p>\n<p> <span lang=\"FR\">  Source\u00a0: \u00ab\u00a0Le Figaro\u00a0\u00bb Le 19-02-2011<\/span><\/p>\n<p> <span lang=\"FR\">  Lien\u00a0:  <a href=\"http:\/\/www.lefigaro.fr\/flash-actu\/2011\/02\/19\/97001-20110219FILWWW00414-tunisie-l-ecole-du-pretre-etait-menacee.php\" target=\"_blank\" rel=\"noopener\">  http:\/\/www.lefigaro.fr\/flash-actu\/2011\/02\/19\/97001-20110219FILWWW00414-tunisie-l-ecole-du-pretre-etait-menacee.php<\/a><\/span><\/p>\n<p> <b> <span lang=\"FR\"> <\/p>\n<hr\/>\n<p align=\"center\">  Quand un d\u00e9put\u00e9 UMP d\u00e9fend le bilan de Ben Ali<\/p>\n<hr\/>\n<p><\/span><\/b> <\/p>\n<p><b><span lang=\"FR\">  Le d\u00e9put\u00e9-maire UMP du Raincy (Seine-Saint-Denis) Eric Raoult a tenu ce matin   un discours \u00e0 contre-courant de celui de la classe politique fran\u00e7aise sur le   pr\u00e9sident d\u00e9chu de Tunisie, Ben Ali.<\/span><\/b><\/p>\n<p><span lang=\"FR\">Si   aujourd&rsquo;hui en France il fait bon taper sur le pr\u00e9sident d\u00e9chu de Tunisie Ben   Ali, que ce soit \u00e0 droite ou \u00e0 gauche, le d\u00e9put\u00e9-maire UMP du Raincy, Eric   Raoult, tient \u00e0 se d\u00e9marquer, en d\u00e9fendant un bilan \u00ab\u00a0contrast\u00e9\u00a0\u00bb, sur  <a href=\"http:\/\/www.europe1.fr\/Politique\/Raoult-Ben-Ali-etait-un-progressiste-418629\/\" target=\"_blank\" rel=\"noopener\"> <strong><span>Europe 1<\/span><\/strong><\/a>.   A noter que le maire du\u00a0Raincy est membre du groupe d&rsquo;amiti\u00e9 France-Tunisie \u00e0   l&rsquo;Assembl\u00e9e nationale.<\/span><\/p>\n<p><b><span lang=\"FR\">  Ben Ali, un \u00ab\u00a0progressiste\u00a0\u00bb<\/span><\/b><\/p>\n<p><span lang=\"FR\">Eric   Raoult consid\u00e8re Ben Ali comme un \u00ab\u00a0progressiste\u00a0\u00bb. Il explique : \u00ab\u00a0C\u2019\u00e9tait   quelqu\u2019un qui avait accueilli Yasser Arafat sur son territoire, qui prot\u00e9geait   les Juifs de Tunisie, qui avait une vision du tiers-monde qui plaisait \u00e0 la   droite et \u00e0 la gauche.\u00a0\u00bb Et de tacler ceux qui, aujourd&rsquo;hui, ont un discours   assassin sur le pr\u00e9sident d\u00e9chu : \u00ab\u00a0Si on devait publier les listes de ceux qui   nous ont accompagn\u00e9s l\u00e0-bas\u2026 Quand on crie contre Ben Ali, c\u2019est souvent parce   qu\u2019on a beaucoup \u00e0 faire oublier.\u00a0\u00bb<\/span><\/p>\n<p><b><span lang=\"FR\">  \u00ab\u00a0Un homme qui aimait son pays\u00a0\u00bb<\/span><\/b><\/p>\n<p><span lang=\"FR\">Il   d\u00e9fend le \u00ab\u00a0nationalisme\u00a0\u00bb de Ben\u00a0Ali, arguant qu&rsquo;il y avait en Tunisie \u00ab\u00a0l\u2019ordre   et la s\u00e9curit\u00e9, alors qu\u2019il y avait des attentats au Maroc et une guerre   civile en Alg\u00e9rie\u00a0\u00bb.\u00a0 Et de reconna\u00eetre, tout de m\u00eame, la corruption qui   r\u00e8gnait dans les plus hauts lieux du pouvoir : \u00ab\u00a0On fermait les yeux l\u00e0-dessus,   et on aurait d\u00fb les avoir grand ouvert. Il y a d\u2019autres \u00e9tats autoritaires   dans le Maghreb, mais jamais avec un tel niveau de corruption\u2026\u00a0\u00bb<\/span><\/p>\n<p><span lang=\"FR\">Il   appelle \u00e0 mod\u00e9rer la vision d\u00e9plorable qui est faite du bilan de Ben Ali\u00a0:   \u00ab\u00a0Dans le Coran, il y a le pardon. J\u2019esp\u00e8re que l\u2019histoire fera un bilan   contrast\u00e9 de son action. Il y a eu le dirigeant et le militant. C\u2019\u00e9tait un   homme qui aimait son pays [&#8230;] Il y a aussi des Tunisiens qui se rappellent   qu\u2019il a fait du bien \u00e0 son pays.\u00a0\u00bb<\/span><\/p>\n<p> <span lang=\"FR\">  Source\u00a0: \u00ab\u00a0Le Telegramme\u00a0\u00bb Le 19-02-2011<\/span><\/p>\n<p> <span lang=\"FR\">  Lien\u00a0:  <a href=\"http:\/\/www.letelegramme.com\/ig\/generales\/france-monde\/france\/tunisie-quand-un-depute-ump-defend-le-bilan-de-ben-ali-18-02-2011-1211787.php\" target=\"_blank\" rel=\"noopener\">  http:\/\/www.letelegramme.com\/ig\/generales\/france-monde\/france\/tunisie-quand-un-depute-ump-defend-le-bilan-de-ben-ali-18-02-2011-1211787.php<\/a><\/span><\/p>\n<p> <span lang=\"FR\"> <\/p>\n<hr\/>\n<p align=\"center\"> <font size=\"2\">Rencontre avec Moncef Marzouki: l&rsquo;opposant de Ben Ali est de   retour en Tunisie apr\u00e8s un exil de 10 ans<\/font><\/p>\n<hr\/>\n<p><\/span> <\/p>\n<p> <span lang=\"FR\">Les   droits de son dernier livre, <i>Dictateurs en sursis &#8211; Une voie d\u00e9mocratique   pour le monde arabe,<\/i> ont \u00e9t\u00e9 rachet\u00e9s par une maison d&rsquo;\u00e9dition tunisienne   et il est d\u00e9sormais disponible en Tunisie. Moncef Marzouki a dor\u00e9navant droit   de cit\u00e9 dans son pays. <\/span><\/p>\n<p> <span lang=\"FR\">  Opposant historique de Ben Ali, ancien pr\u00e9sident de la Ligue tunisienne des   droits de l&rsquo;homme et aujourd&rsquo;hui chef du Congr\u00e8s pour la r\u00e9publique, un parti   la\u00efc de gauche, il avait d\u00fb s&rsquo;exiler il y a dix ans pour se r\u00e9fugier en   France. Le 18 janvier, quelques jours apr\u00e8s le d\u00e9part de Ben Ali, il est   revenu chez lui. <\/span><\/p>\n<p> <font><b> <span lang=\"FR\">  entretien &gt; Un mois apr\u00e8s la fuite de Ben Ali, quel est l&rsquo;\u00e9tat d&rsquo;esprit des   Tunisiens ? <\/span><\/b><\/font><\/p>\n<p> <b><span lang=\"FR\">  Moncef Marzouki &#8211;<\/span><\/b><span lang=\"FR\">   Ce qui saute aux yeux, c&rsquo;est la lib\u00e9ration de la parole. Ils parlent, disent   r\u00e9ellement ce qu&rsquo;ils pensent, ne craignent plus que le voisin soit un sbire de   Ben Ali. La r\u00e9volution des esprits est faite, elle est partout. L&rsquo;autre jour \u00e0   l&rsquo;a\u00e9roport de Tunis, c&rsquo;\u00e9tait un foutoir incroyable. D&rsquo;un c\u00f4t\u00e9 du terminal, les   bagagistes manifestaient, de l&rsquo;autre, les femmes de m\u00e9nage brandissaient leurs   feuilles de paie de 80 euros par mois. <\/span><\/p>\n<p> <span lang=\"FR\">Puis la   police des fronti\u00e8res est arriv\u00e9e, et eux aussi \u00e9taient en gr\u00e8ve. Ils ont   expliqu\u00e9 qu&rsquo;un passager \u00e0 qui ils avaient demand\u00e9 de donner son adresse avait   r\u00e9pondu : <i>\u00ab\u00a0\u00c7a te regarde pas, sale con !\u00a0\u00bb<\/i> Voil\u00e0, c&rsquo;est la r\u00e9volution !   Pendant des d\u00e9cennies, nous avons eu peur de la police. Aujourd&rsquo;hui, la police   a peur de nous. <\/span><\/p>\n<p> <b><span lang=\"FR\">Sur   le terrain, la situation semble assez complexe.<\/span><\/b><span lang=\"FR\"> <\/span><\/p>\n<p> <span lang=\"FR\">On ne   sait absolument pas ce qui va se passer l&rsquo;instant suivant. Les nervis de Ben   Ali sont toujours l\u00e0 et essaient de garder leur pouvoir. Le gouvernement de   transition est un facteur \u00e9norme d&rsquo;instabilit\u00e9. Personne ne comprend que   Mohamed Ghannouchi, le Premier ministre de Ben Ali, soit encore au   gouvernement. Personne ne comprend non plus que des membres du Rassemblement   constitutionnel d\u00e9mocratique (RCD) aient \u00e9t\u00e9 nomm\u00e9s ministres ou gouverneurs   de r\u00e9gion. C&rsquo;est de l&rsquo;incomp\u00e9tence politique et cela ne peut pas passer aupr\u00e8s   du peuple, devenu ultravigilant. <\/span><\/p>\n<p> <span lang=\"FR\">Quand   je suis rentr\u00e9 en Tunisie, j&rsquo;ai imm\u00e9diatement suivi le chemin de la   r\u00e9volution. Je voulais rendre hommage \u00e0 Mohamed Bouazizi, \u00e0 Sidi Bouzid, et   j&rsquo;ai d\u00fb traverser de nombreuses villes du pays, o\u00f9 des gens sont morts pour la   r\u00e9volution. L&rsquo;accueil a \u00e9t\u00e9 extraordinaire, les Tunisiens se sentaient   revigor\u00e9s, ravis. Dans le m\u00eame temps, certaines personnes se sont montr\u00e9es   tr\u00e8s hostiles. J&rsquo;ai \u00e9t\u00e9 attaqu\u00e9, molest\u00e9, on m&rsquo;a crach\u00e9 dessus. <\/span><\/p>\n<p> <span lang=\"FR\">Il   s&rsquo;agissait en fait des milices du RCD, des sbires de Ben Ali. Elles m&rsquo;ont   trait\u00e9 comme il y a des ann\u00e9es de cela. J&rsquo;ai compris que ce n&rsquo;\u00e9tait pas encore   gagn\u00e9. Les hommes de Ben Ali tentent actuellement de discr\u00e9diter la r\u00e9volution   en semant le chaos. <\/span><\/p>\n<p> <font><b> <span lang=\"FR\">Vous   a-t-on reproch\u00e9 d&rsquo;arriver apr\u00e8s la bataille et de vouloir en quelque sorte   r\u00e9cup\u00e9rer la r\u00e9volution ?<\/span><\/b><span lang=\"FR\"> <\/span><\/font><\/p>\n<p> <span lang=\"FR\">Oui,   certains l&rsquo;ont ressenti ainsi. Mais ce ne sont pas eux qui m&rsquo;ont molest\u00e9. Il   faut que nous expliquions aux jeunes qui ont fait la r\u00e9volution que pendant   des ann\u00e9es, nous avons nous aussi lutt\u00e9 contre le r\u00e9gime de Ben Ali. Avant mon   d\u00e9part forc\u00e9 pour la France, j&rsquo;ai pass\u00e9 vingt ans \u00e0 militer, \u00e0 th\u00e9oriser la   r\u00e9volution. Des milliers de personnes ont lutt\u00e9 contre Ben Ali, ont \u00e9t\u00e9   violent\u00e9es, emprisonn\u00e9es ou exil\u00e9es. Les partis d&rsquo;opposition ont jou\u00e9 leur   r\u00f4le. Les jeunes le comprennent. Il faut \u00e0 tout prix \u00e9viter l&rsquo;affrontement des   g\u00e9n\u00e9rations. C&rsquo;est le peuple dans sa totalit\u00e9 qui a fait la r\u00e9volution. <\/span> <\/p>\n<p> <b><span lang=\"FR\"> <font>Comment fonctionne le pays aujourd&rsquo;hui ?<\/font><\/span><\/b><span lang=\"FR\"> <\/span><\/p>\n<p> <span lang=\"FR\">On   assiste \u00e0 un tr\u00e8s lent retour \u00e0 la normale. Dans certaines r\u00e9gions, les   administrations fonctionnent \u00e0 nouveau mais c&rsquo;est loin d&rsquo;\u00eatre le cas partout.   Pour maintenir l&rsquo;ordre, l&rsquo;arm\u00e9e a d\u00fb faire appel aux r\u00e9servistes. Mais cela   doit rester provisoire. Il faut qu&rsquo;une police honn\u00eate et saine puisse   fonctionner normalement afin d&rsquo;instaurer tr\u00e8s vite un climat de confiance.   Puis il faudra se tourner vers le combat suivant : les \u00e9lections. J&rsquo;ai d\u00e9j\u00e0   annonc\u00e9 que j&rsquo;\u00e9tais candidat \u00e0 la pr\u00e9sidentielle au nom du Congr\u00e8s pour la   r\u00e9publique. L&rsquo;enjeu pour le moment n&rsquo;est pas de se faire \u00e9lire mais d&rsquo;obtenir   l&rsquo;assurance que les \u00e9lections seront transparentes. <\/span><\/p>\n<p> <span lang=\"FR\">  Aujourd&rsquo;hui, il y a de quoi \u00eatre inquiet. Les hommes de Ben Ali ont l&rsquo;habitude   des \u00e9lections, ils savent comment s&rsquo;y prendre. Les voir voter des lois   \u00e9lectorales dans notre dos, comme ils le font actuellement, n&rsquo;est vraiment pas   rassurant. Dans ce contexte, l&rsquo;opposition doit, comme nous le faisons, prendre   des positions politiques \u00e0 chaque instant. Le RCD est en voie de dissolution.   Nous manifestons tr\u00e8s fr\u00e9quemment et avons acc\u00e8s aux m\u00e9dias nationaux. C&rsquo;est   nouveau pour nous. <\/span><\/p>\n<p> <font><b> <span lang=\"FR\">Vous   doutez de la capacit\u00e9 du pays \u00e0 organiser des \u00e9lections saines ?<\/span><\/b><span lang=\"FR\"> <\/span><\/font><\/p>\n<p> <span lang=\"FR\">Il y a   soixante ans, les Indiens ont \u00e9t\u00e9 capables d&rsquo;organiser des \u00e9lections. Pourquoi   les Tunisiens n&rsquo;y arriveraientils pas ? Il faut cesser de se demander si le   pays est pr\u00eat pour la d\u00e9mocratie. \u00c7a y est, elle est l\u00e0, l&rsquo;Occident doit se   faire \u00e0 cette id\u00e9e. Pendant des ann\u00e9es, on nous a r\u00e9p\u00e9t\u00e9 que la d\u00e9mocratie   \u00e9tait un r\u00e9gime occidental, que les pays arabes n&rsquo;\u00e9taient pas faits pour \u00e7a.  <\/span><\/p>\n<p> <span lang=\"FR\">J&rsquo;ai   entendu \u00e7a pendant des ann\u00e9es, chez vous, en France, de la bouche de d\u00e9cideurs   comme Hubert V\u00e9drine, par exemple. Aujourd&rsquo;hui, ces propos aux relents   colonialistes, voire racistes, ne tiennent plus. Il est ridicule aussi de dire   que la menace islamiste guette le pays. Nous ne sommes pas condamn\u00e9s \u00e0 un   choix entre dictature militaire et dictature islamiste. C&rsquo;est du pur fantasme.  <\/span><\/p>\n<p> <span lang=\"FR\">En   Tunisie, les islamistes et leur parti, l&rsquo;Ennahdha, n&rsquo;ont rien \u00e0 voir avec les   talibans. Ce sont des bourgeois. Ils resteront des interlocuteurs aussi   longtemps qu&rsquo;ils respecteront le processus d\u00e9mocratique. La Tunisie est un   pays multiple, avec des opinions diverses, il faut l&rsquo;accepter. En France, vous   acceptez bien l&rsquo;extr\u00eame droite tant qu&rsquo;elle s&rsquo;inscrit dans le processus   d\u00e9mocratique. <\/span><\/p>\n<p> <span lang=\"FR\">  Source\u00a0: \u00ab\u00a0Le Inrocks\u00a0\u00bb Le 19-02-2011<\/span><\/p>\n<p> <span lang=\"FR\">  Lien\u00a0:  <a href=\"http:\/\/www.lesinrocks.com\/actualite\/actu-article\/t\/60294\/date\/2011-02-19\/article\/-5d24939a6b\/\" target=\"_blank\" rel=\"noopener\">  http:\/\/www.lesinrocks.com\/actualite\/actu-article\/t\/60294\/date\/2011-02-19\/article\/-5d24939a6b\/<\/a><\/span><\/p>\n<p> <span lang=\"NO-BOK\"> <\/p>\n<hr\/>\n<h3 align=\"center\" style=\"color: blue;\"> <font size=\"2\">Saisie des biens de Ben Ali: la Tunisie tarde \u00e0 fournir des   renseignements \u00e0 Ottawa<\/font><\/h3>\n<hr\/>\n<p><\/span> <\/p>\n<p> <span lang=\"NO-BOK\">Les   autorit\u00e9s tunisiennes tardent \u00e0 soumettre au gouvernement canadien les   renseignements pertinents qui lui permettraient de saisir, comme elles le   r\u00e9clament, les biens que d\u00e9tiendraient au Canada l&rsquo;ancien pr\u00e9sident Zine   el-Abidine Ben Ali, sa famille et ses associ\u00e9s.<\/span><\/p>\n<p><span lang=\"NO-BOK\">  Le minist\u00e8re canadien de la Justice a envoy\u00e9 le 3\u00a0f\u00e9vrier une lettre au doyen   des juges d&rsquo;instruction de la Tunisie, Igrahim Eloueslati, pour lui demander   de fournir les renseignements dont Ottawa a besoin pour donner suite \u00e0 la   requ\u00eate de saisie tout en respectant le droit canadien.<\/span><\/p>\n<p><span lang=\"EN-US\">  Les autorit\u00e9s tunisiennes n&rsquo;ont toujours pas r\u00e9pondu, a appris <em> <span>La Presse<\/span><\/em> hier.<\/span><\/p>\n<p><span lang=\"EN-US\">  \u00abEn droit canadien, l&rsquo;aide sollicit\u00e9e par la Tunisie peut \u00eatre accord\u00e9e sous   r\u00e9serve de respect de certaines exigences juridiques. Malheureusement, les   demandes, telles qu&rsquo;elles ont \u00e9t\u00e9 pr\u00e9sent\u00e9es, ne fournissent pas au Canada   suffisamment de renseignements pour lui permettre d&rsquo;y acquiescer\u00bb, \u00e9crit le   minist\u00e8re de la Justice dans sa lettre, que La Presse a obtenue.<\/span><\/p>\n<p><font><strong> <span lang=\"EN-US\">  Trois notes diplomatiques<\/span><\/strong><\/font><\/p>\n<p><span lang=\"EN-US\">  Essentiellement, la demande d&rsquo;assistance formul\u00e9e par les autorit\u00e9s   tunisiennes se r\u00e9sume \u00e0 trois notes diplomatiques dans lesquelles on dit   vouloir obtenir des dossiers bancaires et des renseignements sur des actions   ainsi que la saisie des biens de la famille Ben Ali.<\/span><\/p>\n<p><span lang=\"EN-US\">  \u00abL&rsquo;Autorit\u00e9 centrale canadienne s&rsquo;efforcera de travailler avec les autorit\u00e9s   tunisiennes afin de leur expliquer quelles sont les lacunes que comporte leur   demande et de leur d\u00e9crire les renseignements additionnels qu&rsquo;elles doivent   fournir pour r\u00e9ussir \u00e0 obtenir l&rsquo;aide demand\u00e9e du Canada\u00bb, ajoute-t-on dans la   lettre.<\/span><\/p>\n<p><span lang=\"EN-US\">\u00c0   l&rsquo;heure actuelle, il n&rsquo;existe pas de trait\u00e9 d&rsquo;entraide juridique entre le   Canada et la Tunisie. Il faut donc que les autorit\u00e9s tunisiennes pr\u00e9cisent au   Canada l&rsquo;entente internationale sur laquelle elles fondent leur demande, soit   la Convention des Nations unies contre la corruption ou encore la Convention   des Nations unies sur la criminalit\u00e9 transnationale organis\u00e9e. Les deux pays   sont signataires de ces deux trait\u00e9s.<\/span><\/p>\n<p><span lang=\"EN-US\">  Dans sa lettre, le minist\u00e8re de la Justice demande aussi aux autorit\u00e9s   tunisiennes de pr\u00e9ciser les all\u00e9gations qui p\u00e8sent sur la famille Ben Ali et   ses associ\u00e9s et de pr\u00e9senter un sommaire des \u00e9l\u00e9ments de preuve \u00e0 l&rsquo;appui de   l&rsquo;enqu\u00eate. \u00abIl ne suffit pas de simplement indiquer dans votre demande qu&rsquo;il y   a une enqu\u00eate en cours et que divers types de preuve\/d&rsquo;aide permettront de   faire avancer l&rsquo;enqu\u00eate\u00bb, dit la lettre, sign\u00e9e par Janet Henchey, avocate   principale et directrice g\u00e9n\u00e9rale du service d&rsquo;entraide internationale.<\/span><\/p>\n<p><font><strong> <span lang=\"EN-US\">  Num\u00e9ros de comptes<\/span><\/strong><\/font><\/p>\n<p><span lang=\"EN-US\">  En ce qui a trait aux dossiers bancaires, les autorit\u00e9s canadiennes demandent   que l&rsquo;on pr\u00e9cise les num\u00e9ros des comptes vis\u00e9s par la demande de saisie ainsi   que le nom et l&#8217;emplacement de l&rsquo;institution financi\u00e8re canadienne o\u00f9 les   dossiers devraient se trouver. \u00abIl n&rsquo;est pas suffisant de demander les   dossiers concernant \u00abtout\u00bb compte bancaire d\u00e9tenu par les suspects. Le Canada   ne poss\u00e8de pas de base centrale de donn\u00e9es sur tous les comptes bancaires   d\u00e9tenus par des individus au Canada.\u00bb<\/span><\/p>\n<p><span lang=\"EN-US\">  Le Canada demande aussi \u00e0 la Tunisie de lui fournir une ordonnance de saisie   ou de blocage de biens rendue par une cour criminelle tunisienne. \u00abLa personne   dont les biens seraient bloqu\u00e9s ou saisis doit faire l&rsquo;objet d&rsquo;une accusation   dans votre pays\u00bb, \u00e9crit-on.<\/span><\/p>\n<p><span lang=\"EN-US\">  La valeur totale des avoirs de la famille Ben Ali au Canada est inconnue, mais   on sait que la famille poss\u00e8de une maison \u00e9valu\u00e9e \u00e0 plus de 2 millions de   dollars \u00e0 Westmount.<\/span><\/p>\n<p><span lang=\"EN-US\">  Depuis quelques jours, le Bloc qu\u00e9b\u00e9cois talonne le gouvernement Harper pour   qu&rsquo;il g\u00e8le, m\u00eame provisoirement, les avoirs de la famille de Ben Ali au   Canada. Le Bloc soutient que d&rsquo;autres pays ont agi rapidement et juge   inacceptable la lenteur du gouvernement canadien.<\/span><\/p>\n<p><span lang=\"EN-US\">  L&rsquo;ambassadeur de la Tunisie en poste \u00e0 Ottawa, Mouldi Sakri, a aussi montr\u00e9   des signes d&rsquo;impatience cette semaine. Il a affirm\u00e9 que le gouvernement Harper   met en jeu l&rsquo;image du Canada \u00e0 l&rsquo;\u00e9tranger en tra\u00eenant les pieds dans ce   dossier.<\/span><\/p>\n<p><span lang=\"EN-US\">  Le minist\u00e8re des Affaires \u00e9trang\u00e8res a convoqu\u00e9 l&rsquo;ambassadeur jeudi pour lui   faire expliquer les \u00e9tapes juridiques qui doivent \u00eatre respect\u00e9es pour   qu&rsquo;Ottawa donne suite \u00e0 la requ\u00eate, selon nos sources.<\/span><\/p>\n<p> <span lang=\"EN-US\">  Source: \u201ccyberpresse\u201d Le 19-02-2011<\/span><\/p>\n<p> <span lang=\"NO-BOK\">  Lien: <\/span> <span lang=\"EN-US\"> <a href=\"http:\/\/www.cyberpresse.ca\/actualites\/quebec-canada\/national\/201102\/18\/01-4371964-saisie-des-biens-de-ben-ali-la-tunisie-tarde-a-fournir-des-renseignements-a-ottawa.php\" target=\"_blank\" rel=\"noopener\"> <span lang=\"NO-BOK\">  http:\/\/www.cyberpresse.ca\/actualites\/quebec-canada\/national\/201102\/18\/01-4371964-saisie-des-biens-de-ben-ali-la-tunisie-tarde-a-fournir-des-renseignements-a-ottawa.php<\/span><\/a><\/span><\/p>\n<p> <b> <span lang=\"NO-BOK\"> <\/p>\n<hr\/>\n<p align=\"center\">  Tunisie : La presse classique \u00e0 l\u2019\u00e9preuve du journalisme citoyen <\/p>\n<hr\/>\n<p><\/span><\/b> <\/p>\n<p> <span lang=\"NO-BOK\">  Le journalisme citoyen a constitu\u00e9 le principal fer de lance de la r\u00e9volution   tunisienne, depuis l\u2019immolation par le feu de Mohamed Bouazizi. <\/span> <span lang=\"EN-US\">  Un mois apr\u00e8s, alors que les m\u00e9dias officiels restaient dans leur mutisme, cet   \u00e9v\u00e9nement fut relay\u00e9 par les r\u00e9seaux sociaux, essentiellement, poussant Ben   Ali \u00e0 fuir le pays. Leurs r\u00e9actions, d\u2019ailleurs, n\u2019ont fait qu\u2019alimenter le   feu de la r\u00e9volte populaire en Tunisie. Alors que les r\u00e9seaux sociaux, en   l\u2019occurrence facebook et twitter, inondaient de vid\u00e9os et de photos montrant   l\u2019ampleur des manifestations et des confrontations \u00e0 Sidi Bouzid et Kasserine,   nos m\u00e9dias se limitaient \u00e0 dire que ces \u00e9v\u00e9nements sont des actes isol\u00e9s et   qu\u2019il n\u2019y a pas lieu de s\u2019inqui\u00e9ter.<\/span><\/p>\n<p> <span lang=\"EN-US\">  Pour les m\u00e9dias \u00e9trangers, le black out m\u00e9diatique exerc\u00e9 par le gouvernement   tunisien les a amen\u00e9s\u00a0 \u00e0 recourir aux r\u00e9seaux sociaux. Les vid\u00e9os qui   circulaient sur facebook \u00e9taient diffus\u00e9es sur les t\u00e9l\u00e9visions \u00e9trang\u00e8res. Ce   qu\u2019on appelle d\u00e9sormais le journalisme citoyen l\u2019a emport\u00e9 sur la presse   classique. La majorit\u00e9 des m\u00e9dias s\u2019appuyait sur les t\u00e9moignages   d\u2019observateurs citoyens. Certaines t\u00e9l\u00e9visions \u00e9trang\u00e8res ont r\u00e9ussi aussi \u00e0   couvrir les \u00e9v\u00e9nements, quelques jours avant la chute de Ben Ali, bien qu\u2019ils   n\u2019aient pas eu l\u2019autorisation de l\u2019ATCE pour le faire. \u00abNous avons pris le   risque d\u2019aller \u00e0 Sidi Bouzid alors que la situation s\u00e9curitaire \u00e9tait tr\u00e8s   fragile. <\/span> <span lang=\"NO-BOK\">  La veille du dernier discours de Ben Ali, la situation s\u2019est d\u2019autant plus   aggrav\u00e9e. Les partisans du pr\u00e9sident d\u00e9chu \u00e9taient partout et nous avions   vraiment eu peur\u00bb, nous raconte la correspondante d\u2019une cha\u00eene \u00e9trang\u00e8re.<\/span><\/p>\n<p> <span lang=\"NO-BOK\">  Le r\u00f4le des observateurs \u00e9tait \u00e9difiant dans la couverture des \u00e9v\u00e9nements.   France 24, l\u2019une des cha\u00eenes t\u00e9l\u00e9vis\u00e9es \u00e9trang\u00e8res ayant suivi au jour le jour   la r\u00e9volution tunisienne, a recouru \u00e0 une panoplie d\u2019observateurs qui   constituait sa principale source d\u2019information, essentiellement avant le 14   janvier 2011. <\/span> <span lang=\"EN-US\">  Elle a organis\u00e9, le 17 f\u00e9vrier 2011, une rencontre avec ces observateurs pour   apporter leurs t\u00e9moignages sur leur v\u00e9cu, \u00e0 cette date. Pour Sofi\u00e8ne Chourabi,   sa couverture des \u00e9v\u00e9nements d\u00e9coulait de son r\u00f4le de journaliste.\u00a0 Les vid\u00e9os   qu\u2019ils prenaient \u00e9taient diffus\u00e9es sur France 24. \u00abPour moi, c\u2019\u00e9tait un   challenge. A maintes reprises, ma cam\u00e9ra a \u00e9t\u00e9 confisqu\u00e9e par la police, alors   j\u2019ai trouv\u00e9 une astuce. D\u00e8s que je terminais de filmer, j\u2019enlevais la carte   m\u00e9moire pour la mettre dans mes chaussettes, ce qui me permettait d\u2019avoir   toujours mes films en cas de confiscation de la camera\u00bb, se rappelle-t-il.<\/span><\/p>\n<p> <span lang=\"EN-US\">  \u00a0Pour la bloggueuse Lina Ben Mhenni, elle est intervenue \u00e0 plusieurs reprises   sur France 24, \u00e0 visage d\u00e9couvert. \u00abJe ne cherchais pas \u00e0 me prot\u00e9ger. J\u2019\u00e9tais   d\u00e9j\u00e0 tr\u00e8s suivie, donc il ne servirait \u00e0 rien de me cacher\u00bb, explique-t-elle.   Lina a, d\u2019ailleurs, \u00e9t\u00e9 tr\u00e8s active avant et apr\u00e8s la r\u00e9volution, en visitant   les villes les plus touch\u00e9es par les \u00e9v\u00e9nements et en rapportant son   t\u00e9moignage sur la situation dans ces r\u00e9gions mais aussi en partageant vid\u00e9os   et photos. <\/span><\/p>\n<p> <span lang=\"EN-US\">  De son c\u00f4t\u00e9, le lyc\u00e9en Rami Zaatour, originaire de Gab\u00e8s, faisait partie des   observateurs de la cha\u00eene, en rapportant ce qui se passait dans son lyc\u00e9e.   Sahbi Khalfaoui, un militant d\u2019opposition, qui a t\u00e9moign\u00e9 sur la cha\u00eene, a \u00e9t\u00e9   incarc\u00e9r\u00e9 trois jours avant le 14 janvier 2011.<\/span><\/p>\n<p> <span lang=\"EN-US\">  Plus d\u2019un mois apr\u00e8s la fuite de Ben Ali, nos m\u00e9dias sont certes devenus plus   libres, bien que cet usage de la libert\u00e9 soit controvers\u00e9 par les uns et les   autres. Mais une chose est s\u00fbre, ce sont les r\u00e9seaux sociaux qui ont fa\u00e7onn\u00e9   la r\u00e9volte populaire en Tunisie. Ces m\u00e9dias alternatifs \u00e9taient le seul   recours en absence de m\u00e9dias officiels cr\u00e9dibles. Les journalistes citoyens   ont men\u00e9 la r\u00e9volution \u00e0 leur fa\u00e7on. Une r\u00e9volution contre la censure, contre   le black out et contre la dictature. <\/span> <span lang=\"NO-BOK\">  Le journalisme citoyen a eu le m\u00e9rite d\u2019ouvrir la voie au journalisme   classique, lui permettant de tirer les le\u00e7ons des fautes du pass\u00e9. <\/span><\/p>\n<p> <span lang=\"EN-US\">  Alors, peut-on parler de la naissance d\u2019une nouvelle presse? La r\u00e9ponse est   aussi controvers\u00e9e puisque la confiance ne s\u2019est pas encore restitu\u00e9e du c\u00f4t\u00e9   des Tunisiens envers les m\u00e9dias officiels essentiellement. Reste que le r\u00f4le   de la presse classique est primordial pour entamer le processus d\u00e9mocratique   en Tunisie. Une presse libre et responsable est un pari \u00e0 gagner. Le   journalisme citoyen aura certainement toujours sa place comme partenaire de   cette \u00e9volution vers un avenir meilleur de la presse tunisienne. <\/span><\/p>\n<p> <span lang=\"EN-US\">  Source: \u201cwmc\u201d le 18.02-2011<\/span><\/p>\n<p> <span lang=\"NO-BOK\">  Lien: <\/span> <span lang=\"EN-US\"> <a href=\"http:\/\/www.webmanagercenter.com\/management\/article-102260-tunisie-la-presse-classique-a-l-epreuve-du-journalisme-citoyen\" target=\"_blank\" rel=\"noopener\"> <span lang=\"NO-BOK\">  http:\/\/www.webmanagercenter.com\/management\/article-102260-tunisie-la-presse-classique-a-l-epreuve-du-journalisme-citoyen<\/span><\/a><\/span><\/p>\n<p> <b> <span lang=\"NO-BOK\"> <\/p>\n<hr\/>\n<p align=\"center\">  Tunisie. Les ministres de Ben Ali: responsables et\/ou coupables?<\/p>\n<hr\/>\n<p><\/span><\/b> <\/p>\n<p> <span lang=\"FR\">  Les ministres des gouvernements successifs de Ben Ali \u00e9taient-ils de simples   ex\u00e9cutants des d\u00e9cisions prises au Palais de Carthage ou des acteurs actifs du   syst\u00e8me? Le d\u00e9bat est ouvert\u2026<\/span><\/p>\n<p> <span lang=\"FR\">  La Commission nationale d\u2019\u00e9tablissement des faits sur les affaires de   malversation et de corruption, dirig\u00e9e par Abdelfattah Amor, commence \u00e0   d\u00e9monter les m\u00e9canismes du syst\u00e8me de corruption mis en place par les proches   de l\u2019ex-pr\u00e9sident. <\/span><\/p>\n<p> <b> <span lang=\"FR\">  Ben Ali et les siens sont-ils seuls coupables?   <\/span><\/b> <span lang=\"FR\">  Sur la base des premi\u00e8res constatations, le pr\u00e9sident de la commission a   soulign\u00e9, au cours de sa conf\u00e9rence de presse d\u2019hier, que la mode de   gouvernement en Tunisie n\u2019\u00e9tait ni pr\u00e9sidentiel ni pr\u00e9sidentialiste mais   plut\u00f4t totalitaire, en ce sens que tous les pouvoirs, y compris les moindres   d\u00e9tails, \u00e9taient d\u00e9cid\u00e9s personnellement par le pr\u00e9sident d\u00e9chu. Ces pouvoirs   concernent les d\u00e9cisions relatives \u00e0 la souverainet\u00e9, \u00e0 l\u2019octroi des agr\u00e9ments   et des concessions ainsi qu\u2019aux autorisations relatives \u00e0 l\u2019entr\u00e9e des   voitures de luxe, destin\u00e9es \u00e0 la famille du pr\u00e9sident et qui ne remplissent   pas le plus souvent les conditions juridiques. Ben Ali intervenait m\u00eame dans   l\u2019interdiction de d\u00e9livrer un visa pour l\u2019entr\u00e9e des citoyens au territoire   tunisien.   Selon M. Amor, le r\u00f4le des ministres et des responsables, qui ont \u00e9t\u00e9   auditionn\u00e9s par la commission, a \u00e9t\u00e9 marginal et m\u00eame inexistant. Ce r\u00f4le   \u00e9tait limit\u00e9 \u00e0 l\u2019ex\u00e9cution et \u00e0 l\u2019information de l\u2019ex\u00e9cution qui se transforme   en une menace, en cas de r\u00e9ticence de certains ministres vis-\u00e0-vis de certains   dossiers.<\/span><\/p>\n<p> <b> <span lang=\"FR\">  Un vide institutionnel et gouvernemental    <\/span><\/b> <span lang=\"FR\">  A l\u2019appui de sa d\u00e9monstration, M. Amor a mis l\u2019accent sur l\u2019existence d\u2019un   vide institutionnel et gouvernemental, \u00e0 la lumi\u00e8re des pouvoirs illimit\u00e9s et   des privil\u00e8ges dont jouissaient les familles de Trabelsi et de Ben Ali, ce qui   a port\u00e9 atteinte au dispositif des droits de l\u2019homme et \u00e0 la structure   \u00e9conomique du pays.   En d\u2019autres termes, les ministres de Ben Ali sont responsables, mais pas   coupables.    Ce raisonnement a une cons\u00e9quence: il d\u00e9douane les membres du gouvernement et   les soustrait \u00e0 la justice. Ce qui nous semble pour le moins inacceptable. Les   enqu\u00eates doivent \u00eatre pouss\u00e9es pour que les responsabilit\u00e9s soient d\u00e9limit\u00e9es   et tous les coupables d\u00e9nonc\u00e9s et sanctionn\u00e9s. Car il serait commode de faire   tout endosser par le clan de Ben Ali alors que les corrompus \u2013 qui profitaient   du syst\u00e8me en sous-main \u2013 sont \u00e0 tous les \u00e9tages, y compris au sein du   gouvernement.    On ne peut, bien s\u00fbr, juger et sanctionner tous les hauts cadres de   l\u2019administration qui auraient tremp\u00e9 dans des malversations en relation avec   les int\u00e9r\u00eats de l\u2019ex-clan au pouvoir. Cela ne doit pas aussi aboutir \u00e0 la   banalisation de l\u2019impunit\u00e9 pour raison d\u2019Etat. Car on risque de retomber dans   les m\u00eames travers. Les hauts cadres corrompus doivent \u00eatre d\u00e9masqu\u00e9s et   d\u00e9nonc\u00e9s. Ils doivent, tout au moins, reconna\u00eetre leurs m\u00e9faits et demander   pardon.<\/span><\/p>\n<p> <span lang=\"FR\">  Source\u00a0: \u00ab\u00a0Kapitalis\u00a0\u00bb Le 19-02-2011<\/span><\/p>\n<p> <span lang=\"FR\">  Lien\u00a0:  <a href=\"http:\/\/kapitalis.com\/fokus\/62-national\/2762-tunisie-les-ministres-de-ben-ali-responsables-etou-coupables.html\" target=\"_blank\" rel=\"noopener\">  http:\/\/kapitalis.com\/fokus\/62-national\/2762-tunisie-les-ministres-de-ben-ali-responsables-etou-coupables.html<\/a><\/span><\/p>\n<p> <b> <span lang=\"FR\"> <\/p>\n<p>\u00a0<\/p>\n<hr\/>\n<p align=\"center\">  R\u00e9volutions en Tunisie et en \u00c9gypte, m\u00eame combat<\/p>\n<hr\/>\n<p><\/span><\/b> <\/p>\n<p> <b> <span lang=\"FR\">  Mokhtar Zannad, ancien diplomate (1979-1987) et ex-gouverneur de Nabeul   (nord-est de la Tunisie), fait le parall\u00e8le entre les r\u00e9volutions tunisienne   et \u00e9gyptienne.<\/span><\/b><\/p>\n<p> <span lang=\"FR\">  Depuis le 11 f\u00e9vrier 2011, la  <a href=\"http:\/\/www.jeuneafrique.com\/revolution-tunisienne.php\" target=\"_blank\" rel=\"noopener\"> <span>r\u00e9volution tunisienne<\/span><\/a>   n\u2019est plus isol\u00e9e. Elle a d\u00e9sormais une petite s\u0153ur en  <a href=\"http:\/\/www.jeuneafrique.com\/pays\/egypte\/egypte.asp\" target=\"_blank\" rel=\"noopener\"> <span>\u00c9gypte<\/span><\/a>. En   obligeant leur dictateur de pr\u00e9sident \u00e0 quitter le pouvoir, les masses   tunisiennes puis \u00e9gyptiennes ont signifi\u00e9 au monde entier que la d\u00e9mocratie   est \u00e0 leur port\u00e9e. <\/span><\/p>\n<p> <span lang=\"FR\">  Dans ces deux pays, une telle situation a \u00e9t\u00e9 rendue possible par le courage   et la d\u00e9termination in\u00e9branlable des manifestants ainsi que par l\u2019attitude de   l\u2019arm\u00e9e. <\/span><\/p>\n<p> <span lang=\"FR\">  Seule force effective et cr\u00e9dible lors des soul\u00e8vements, elle s\u2019est rang\u00e9e du   c\u00f4t\u00e9 des insurg\u00e9s, refusant de les r\u00e9primer, les prot\u00e9geant m\u00eame contre les   nervis des autocrates et\u00a0 contraignant les deux dictateurs \u00e0 se retirer   d\u00e9finitivement.<\/span><\/p>\n<p> <span lang=\"FR\">  Il s\u2019agit \u00e0 pr\u00e9sent de transformer l\u2019essai et de rendre irr\u00e9versible le   processus d\u00e9mocratique en cours. Les gouvernements de transition sont appel\u00e9s   \u00e0 agir rapidement mais sans pr\u00e9cipitation pour mettre en place les structures   charg\u00e9es de pr\u00e9parer les \u00e9tapes suivantes :<\/span><\/p>\n<p> <span lang=\"FR\">  &#8211; r\u00e9tablir l\u2019ordre et la s\u00e9curit\u00e9 afin que la population active se remette au   travail et que les jeunes reprennent le chemin de l\u2019\u00e9cole.<\/span><\/p>\n<p> <span lang=\"FR\">  &#8211; r\u00e9viser la Constitution et les lois \u00e9lectorales pour organiser des \u00e9lections   libres et transparentes sous contr\u00f4le international devant conduire \u00e0   l\u2019instauration d\u2019un \u00c9tat de droit.<\/span><\/p>\n<p> <span lang=\"FR\">  Dans ce processus, les dirigeants transitoires des deux pays pourront se   concerter et se soutenir mutuellement afin de r\u00e9ussir cette \u00e9tape cruciale de   leur histoire.<\/span><\/p>\n<p> <b> <span lang=\"FR\">  Puissances occidentales <\/span><\/b><\/p>\n<p> <span lang=\"FR\">  Les puissances occidentales, pour leur part, apr\u00e8s avoir au cours du si\u00e8cle   \u00e9coul\u00e9 accept\u00e9 et parfois soutenu l\u2019abolition de la domination coloniale,   favoris\u00e9 la chute du mur de Berlin, la r\u00e9unification de l\u2019Allemagne,   l\u2019\u00e9mancipation de l\u2019Europe centrale et orientale et l\u2019\u00e9largissement de l\u2019Union   europ\u00e9enne, sauront-elles maintenant apporter leur aide \u00e0 l\u2019\u00e9mergence de   d\u00e9mocraties authentiques et p\u00e9rennes en Tunisie et en \u00c9gypte aujourd\u2019hui et   dans d\u2019autres pays demain ?<\/span><\/p>\n<p> <span lang=\"FR\">  Les nombreuses interventions m\u00e9diatiques, diplomatiques et probablement   strat\u00e9giques du pr\u00e9sident Obama au cours des \u00e9v\u00e9nements le laissent augurer.<\/span><\/p>\n<p> <span lang=\"FR\">  Ces puissances occidentales sauront-elles, en d\u00e9pit de la crise \u00e9conomique   mondiale et peut-\u00eatre pour contrer celle-ci, aider massivement ces pays \u00e0   retrouver les chemins du d\u00e9veloppement, du progr\u00e8s et de la justice sociale   par la cr\u00e9ation d\u2019un fonds d\u00e9di\u00e9 et par l\u2019effacement d\u2019une partie de la dette   publique de ces \u00c9tats ? Sauront-elles, une foi la confiance restaur\u00e9e,   encourager dans ces pays, les Investissements directs \u00e9trangers (IDE) et le   retour rapide des touristes ?<\/span><\/p>\n<p> <span lang=\"FR\">  Profitant de cette dynamique et de cette situation g\u00e9opolitique nouvelle,   sauront-elles peser de tout leur poids en vue d\u2019un r\u00e8glement \u00e9quitable et   durable du  <a href=\"http:\/\/www.jeuneafrique.com\/Article\/DEPAFP20101216100149\/onu-ligue-arabe-arabe-etats-unisles-arabes-veulent-saisir-le-conseil-de-securite.html\" target=\"_blank\" rel=\"noopener\"> <span>conflit isra\u00e9lo-arabe<\/span><\/a>   en vue de l\u2019instauration d\u2019un \u00c9tat palestinien d\u00e9mocratique, viable et   prosp\u00e8re. Ce faisant, ces puissances rendraient possible et cr\u00e9dible le projet   relatif \u00e0 l\u2019Union pour la M\u00e9diterran\u00e9e (UPM) actuellement en panne et que   certains qualifient d\u2019illusoire et d\u00e9magogique. <\/span><\/p>\n<p> <span lang=\"FR\">  Sauront-elles enfin agir avec d\u00e9termination pour \u00e9laborer et faire adopter de   profondes r\u00e9formes au sein de l\u2019Organisation des nations unies et de son   Conseil de s\u00e9curit\u00e9 dans lequel l\u2019Afrique disposerait d\u2019un si\u00e8ge permanent ?<\/span><\/p>\n<p> <span lang=\"FR\">  Des r\u00e9ponses positives \u00e0 toutes ces interrogations favoriseraient sans doute   l\u2019\u00e9mergence d\u2019un monde plus juste et plus stable.<\/span><\/p>\n<p> <span lang=\"FR\">  Source\u00a0: \u00ab\u00a0Jeune Afrique\u00a0\u00bb Le 19-02-2011<\/span><\/p>\n<p> <span lang=\"FR\">  Lien\u00a0:  <a href=\"http:\/\/www.jeuneafrique.com\/Article\/ARTJAWEB20110214132908\/onu-tunisie-barack-obama-union-europeennerevolutions-en-tunisie-et-en-egypte-meme-combat.html\" target=\"_blank\" rel=\"noopener\">  http:\/\/www.jeuneafrique.com\/Article\/ARTJAWEB20110214132908\/onu-tunisie-barack-obama-union-europeennerevolutions-en-tunisie-et-en-egypte-meme-combat.html<\/a><\/span><\/p>\n<p> <b> <span lang=\"EN-US\"> <\/p>\n<hr\/>\n<p align=\"center\">  Six magistrats d\u00e9mis de leurs fonctions <\/p>\n<p>\u00a0<\/p>\n<hr\/>\n<p><\/span><\/b> <\/p>\n<p> <span lang=\"EN-US\">  Notre cons\u0153ur Assabah rapporte dans une information parue aujourd\u2019hui que six   magistrats ont \u00e9t\u00e9 d\u00e9mis dont le premier substitut du procureur de <\/span> <span lang=\"NO-BOK\"> <?xml:namespace prefix=\"ns1\" ns=\"urn:schemas-microsoft-com:office:smarttags\"?> <ns1:personname ns0:productid=\"la R\u00e9publique\"> <span lang=\"EN-US\">la R\u00e9publique<\/span><\/ns1:personname><\/span><span lang=\"EN-US\">   ainsi qu\u2019un juge d\u2019instruction et un substitut du Procureur de <\/span> <span lang=\"NO-BOK\"> <ns1:personname ns0:productid=\"la R\u00e9publique\"> <span lang=\"EN-US\">la R\u00e9publique<\/span><\/ns1:personname><\/span><span lang=\"EN-US\">   pr\u00e8s du tribunal de 1\u00e8re instance de Tunis. Dans la liste figure aussi trois   pr\u00e9sidents de cours (premi\u00e8re instance et appel).<\/span><\/p>\n<p> <span lang=\"EN-US\">  Cela s\u2019est fait sur d\u00e9cret sign\u00e9 par le Premier ministre du gouvernement   provisoire a paru sur le journal officiel.<\/span><\/p>\n<p> <span lang=\"EN-US\">\u00a0<\/span><\/p>\n<p> <span lang=\"EN-US\">  Commentant cette d\u00e9cision M. Ahmed Rahmouni, pr\u00e9sident de l\u2019Association des   Magistrats l\u2019a jug\u00e9e \u00ab\u00a0unilat\u00e9rale\u00a0\u00bb surtout, affirme-t-il, que cette d\u00e9cision   n\u2019a pas \u00e9t\u00e9 circonstanci\u00e9e. \u00ab\u00a0Cette d\u00e9cision ajoute-t-il, va \u00e0 contre-courant   du principe de l\u2019ind\u00e9pendance de la magistrature\u2026 L\u2019Association, ajoute-t-il,   va cr\u00e9er une commission pour \u00e9tudier les changements survenus dans la   profession. <\/span><\/p>\n<p> <span lang=\"EN-US\">  Les magistrats d\u00e9mis sont\u00a0:<\/span><\/p>\n<p> <span lang=\"EN-US\">  MM. Lotfi Daouas, Zied Souidane, Mohamed Amira, Manoubi Ben Hmidane, Mehrez   Hammami et Mohamed Ali Ben Chouikha.<\/span><\/p>\n<p> <span lang=\"EN-US\">  D\u2019apr\u00e8s des sources fiables lesdits magistrats porteraient plainte aupr\u00e8s du   Tribunal administratif.<\/span><\/p>\n<p> <span lang=\"EN-US\">  Source: \u201cLe Temps\u201d Le 19-02-2011<\/span><\/p>\n<p> <span lang=\"NO-BOK\">  Lien: <a href=\"http:\/\/www.letemps.com.tn\/article-53171.html\" target=\"_blank\" rel=\"noopener\">  http:\/\/www.letemps.com.tn\/article-53171.html<\/a><\/span><\/p>\n<p> <b> <span lang=\"NO-BOK\"> <\/p>\n<hr\/>\n<p align=\"center\">  Les priorit\u00e9s \u00e9conomiques et sociales de la transition <\/p>\n<p><\/span><\/b> <\/p>\n<p align=\"center\"> <b> <span lang=\"EN-US\">  Huit points incontournables <\/span><\/b><\/p>\n<hr\/>\n<p> <b> <span lang=\"EN-US\"> <font>Par B\u00e9chir CHEBBAHI et Ch\u00e9rif FERJANI <\/font><\/span><\/b> <\/p>\n<p> <span lang=\"EN-US\">  \u00a0<\/span><span lang=\"NO-BOK\"><ns1:personname ns0:productid=\"La Communaut\u00e9 Europ\u00e9enne\"><span lang=\"EN-US\">La   Communaut\u00e9 Europ\u00e9enne<\/span><\/ns1:personname><\/span><span lang=\"EN-US\">   semble avoir pris conscience des enjeux et de l\u2019importance des aspirations   d\u00e9mocratiques qui portent les soul\u00e8vements populaires en Tunisie et en Egypte   contre les dictatures corrompues de Ben Ali et Moubarak.<\/span><\/p>\n<p> <span lang=\"NO-BOK\">  S\u2019agissant de  <ns1:personname ns0:productid=\"la Tunisie\">la Tunisie<\/ns1:personname>, le   Parlement Europ\u00e9en a vot\u00e9 des r\u00e9solutions gelant les avoirs de la famille Ben   Ali-Trabelsi pour les rendre \u00e0  <ns1:personname ns0:productid=\"la Tunisie\">la Tunisie<\/ns1:personname>, et   promettant une aide de  <ns1:personname ns0:productid=\"la Communaut\u00e9\">la Communaut\u00e9<\/ns1:personname>   pour garantir la r\u00e9ussite de la transition d\u00e9mocratique. <\/span><\/p>\n<p> <span lang=\"NO-BOK\">  L\u2019objet de cette r\u00e9flexion est d\u2019identifier les risques \u00e9conomiques et sociaux   qui p\u00e8sent sur l\u2019\u00e9conomie tunisienne inh\u00e9rents \u00e0 la conjoncture que va   traverser notre pays en 2011, afin que l\u2019aide apport\u00e9e r\u00e9ponde aux besoins de   la population qui s\u2019est soulev\u00e9e contre le r\u00e9gime de Ben Ali avec un mot   d\u2019ordre central repris dans toutes les manifestations qui ont conduit \u00e0 sa   chute et qui continuent \u00e0 r\u00e9clamer le d\u00e9mant\u00e8lement des rouages de son syst\u00e8me   : TRAVAIL, LIBERTE, DIGNITE.<\/span><\/p>\n<p> <span lang=\"NO-BOK\">  Ce mot d\u2019ordre r\u00e9sume les aspirations politiques, \u00e9conomiques et sociales d\u2019un   peuple qui ne veut plus ni de la dictature d\u2019un Parti-Etat, ni de la   corruption, qui veut une Police au service du citoyen (comme l\u2019a d\u00e9montr\u00e9   l\u2019Arm\u00e9e), une Justice int\u00e8gre et ind\u00e9pendante ; en un mot le peuple tunisien   veut un ETAT DE DROIT d\u00e9mocratique digne de ce nom.<\/span><\/p>\n<p> <span lang=\"NO-BOK\">  Nous n\u2019aborderons pas en d\u00e9tail dans notre propos les aspects politiques des   r\u00e9formes \u00e0 entreprendre en Tunisie pour d\u00e9manteler les rouages de la dictature   et instaurer une d\u00e9mocratie \u00e0 la hauteur des espoirs suscit\u00e9s par la chute des   r\u00e9gimes de Ben Ali, il y a tout juste un mois.<\/span><\/p>\n<p> <span lang=\"EN-US\">  Nous notons avec satisfaction que des mesures importantes ont \u00e9t\u00e9 prises dans   ce sens par le gouvernement de transition (lib\u00e9ration des prisonniers   politiques, retour des exil\u00e9s, projet d\u2019une amnistie g\u00e9n\u00e9rale, reconnaissance   des partis et associations qui en ont fait la demande, lev\u00e9e de beaucoup   d\u2019entraves \u00e0 la libert\u00e9 d\u2019expression, dissolution du Parti-Etat sur lequel   reposait la dictature, ratification de conventions internationales concernant   les droits humains dont celles abolissant la peine de mort, interdisant la   torture, cr\u00e9ant le tribunal p\u00e9nal international, lev\u00e9e des r\u00e9serves sur   l\u2019\u00e9limination de toutes les discriminations \u00e0 l\u2019\u00e9gard des femmes, etc.).<\/span><\/p>\n<p> <span lang=\"EN-US\">  Le d\u00e9bat sur ces r\u00e9formes, dans les commissions mises en place pour faire des   propositions dans ce sens comme dans les medias, permet d\u2019entrevoir les pi\u00e8ges   et les impasses \u00e0 \u00e9viter, les options qui limitent les risques de d\u00e9tournement   de la r\u00e9volution de ses objectifs d\u00e9mocratiques soit par la restauration de   l\u2019ancien syst\u00e8me ou par l\u2019instauration d\u2019une nouvelle dictature (d\u2019o\u00f9   l\u2019importance d\u2019un syst\u00e8me \u00e9lectoral \u00e0 la proportionnelle, ou avec une dose de   proportionnelle qui permet d\u2019\u00e9viter qu\u2019un courant accapare tous les pouvoirs,   r\u00e9forme de la constitution ou \u00e9lection d\u2019une constituante pour \u00e9laborer une   nouvelle constitution et dans quels d\u00e9lais, instauration d\u2019un syst\u00e8me   parlementaire ou semi parlementaire, s\u00e9cularisation et statut de la religion   pour \u00e9viter son instrumentalisation politique par quelque parti que ce soit   aussi bien dans les mosqu\u00e9es que dans d\u2019autres espaces, etc.).<\/span><\/p>\n<p> <span lang=\"EN-US\">  L\u2019objet de cette contribution, r\u00e9alis\u00e9e en rapport avec une d\u00e9marche aupr\u00e8s du   Parlement Europ\u00e9en et de <\/span> <span lang=\"NO-BOK\"> <ns1:personname ns0:productid=\"la Commission\"><span lang=\"EN-US\">la Commission<\/span><\/ns1:personname><\/span><span lang=\"EN-US\">   de Bruxelles, est centr\u00e9 sur la question \u00e9conomique et ses implications   sociales dans la conjoncture que connait <\/span> <span lang=\"NO-BOK\"> <ns1:personname ns0:productid=\"la Tunisie\"><span lang=\"EN-US\">la Tunisie<\/span><\/ns1:personname><\/span><span lang=\"EN-US\">   en cette p\u00e9riode de transition.<\/span><\/p>\n<p> <span lang=\"EN-US\">  Sur invitation de <\/span> <span lang=\"NO-BOK\"> <ns1:personname ns0:productid=\"la Fondation Europ\u00e9enne\"><span lang=\"EN-US\">la   Fondation Europ\u00e9enne<\/span><\/ns1:personname><\/span><span lang=\"EN-US\">   Pour <\/span> <span lang=\"NO-BOK\"> <ns1:personname ns0:productid=\"la D\u00e9mocratie\"><span lang=\"EN-US\">la D\u00e9mocratie<\/span><\/ns1:personname><\/span><span lang=\"EN-US\">   et de parlementaires europ\u00e9ens \u00e0 une rencontre \u00e0 laquelle nous n\u2019avons pas pu   nous rendre tous les deux3 , les \u00e9changes \u00e0 Bruxelles avec des d\u00e9put\u00e9s et des   repr\u00e9sentants de diff\u00e9rents pays europ\u00e9ens \u00e0 <\/span> <span lang=\"NO-BOK\"> <ns1:personname ns0:productid=\"la Commission\"><span lang=\"EN-US\">la Commission<\/span><\/ns1:personname><\/span><span lang=\"EN-US\">,   a port\u00e9 sur la r\u00e9volution tunisienne, sur ses enjeux d\u00e9mocratiques non   seulement pour <\/span> <span lang=\"NO-BOK\"> <ns1:personname ns0:productid=\"la Tunisie\"><span lang=\"EN-US\">la Tunisie<\/span><\/ns1:personname><\/span><span lang=\"EN-US\">,   mais aussi pour toute la rive Sud de <\/span> <span lang=\"NO-BOK\"> <ns1:personname ns0:productid=\"la M\u00e9diterran\u00e9e\"><span lang=\"EN-US\">la   M\u00e9diterran\u00e9e<\/span><\/ns1:personname><\/span><span lang=\"EN-US\">,   et pour d\u2019autres r\u00e9gions du monde, ainsi que sur les menaces qui p\u00e8sent sur   son devenir, tant de l\u2019int\u00e9rieur que de l\u2019ext\u00e9rieur.<\/span><\/p>\n<p> <span lang=\"EN-US\">  C\u2019\u00e9tait aussi une occasion pour insister sur les risques \u00e9conomiques et   sociaux qu\u2019il ne faut pas n\u00e9gliger, car le probl\u00e8me crucial en Tunisie est   l\u2019emploi et notamment celui des jeunes.<\/span><\/p>\n<p> <span lang=\"EN-US\">  Il est important de rappeler \u00e0 cet \u00e9gard, que la question de l\u2019emploi,   notamment dans les r\u00e9gions d\u00e9favoris\u00e9es du Sud et de l\u2019Ouest du pays, \u00e9tait   l\u2019origine principale du soul\u00e8vement qui a conduit \u00e0 la chute de Ben Ali. Cette   question d\u00e9pend \u00e9troitement de la situation \u00e9conomique qui \u00e9tait d\u00e9j\u00e0 pr\u00e9caire   avant la r\u00e9volution, entre autres \u00e0 cause de la mise des richesses du pays   sous la coupe de clans mafieux, mais aussi en raison des effets de la crise   globale et de l\u2019essoufflement du \u00a0\u00bb mod\u00e8le \u00e9conomique \u00a0\u00bb tunisien.<\/span><\/p>\n<p> <span lang=\"EN-US\">  Quels que soient les efforts qui seront d\u00e9ploy\u00e9s durant la p\u00e9riode de   transition, et m\u00eame apr\u00e8s, il faut s\u2019attendre \u00e0 une conjoncture difficile qui,   si des solutions pour la sauvegarde des emplois existants et la cr\u00e9ation de   nouveaux emplois ne sont pas trouv\u00e9es, risque d\u2019aggraver la crise sociale.<\/span><\/p>\n<p> <span lang=\"EN-US\">  Durant la p\u00e9riode de transition, le pays doit s\u2019attendre aux difficult\u00e9s   suivantes :<\/span><\/p>\n<p> <span lang=\"EN-US\">  1) La saison touristique pour l\u2019ann\u00e9e 2011, au moins, risque d\u2019\u00eatre   compromise; alors que le tourisme fournit entre 350 \u00e0 400 000 emplois directs   ou indirects (pour 2010 les recettes en devises sont estim\u00e9es \u00e0 1.8 milliard   d\u2019_uros)<\/span><\/p>\n<p> <span lang=\"EN-US\">  2) Beaucoup d\u2019investissements directs \u00e9trangers qui \u00e9taient pr\u00e9vus avant le   soul\u00e8vement, risquent d\u2019\u00eatre annul\u00e9s, ou au moins report\u00e9s, jusqu&rsquo;\u00e0 la   stabilisation d\u00e9finitive. Aucun nouvel investissement direct \u00e9tranger   significatif ne se fera pendant l\u2019ann\u00e9e 2011. Les investissements directs   \u00e9trangers emploient pr\u00e8s de 150 000 personnes,<\/span><\/p>\n<p> <span lang=\"EN-US\">  3) La plupart des soci\u00e9t\u00e9s d\u2019Etat, vont \u00eatre d\u00e9stabilis\u00e9es par des changements   de direction n\u00e9cessaires et devront \u00eatre r\u00e9organis\u00e9es, les nouvelles   directions vont se focaliser sur les d\u00e9penses courantes de fonctionnement, et   sur la gestion des relations sociales dans ces entreprises ; elles vont tr\u00e8s   probablement diff\u00e9rer les investissements pr\u00e9vus en 2011. Cela risque de   r\u00e9duire \u00e0 z\u00e9ro toute croissance envisageable.<\/span><\/p>\n<p> <span lang=\"EN-US\">  4) Pour \u00e9viter l\u2019aggravation des conditions de vie des couches sociales les   plus fragiles, l\u2019Etat devrait accro\u00eetre les subventions pour les produits de   base, par le biais de la caisse de compensation ; ces subventions sont   aujourd\u2019hui de l\u2019ordre de 1.7 Milliards de dinars \/ an, auxquelles s\u2019ajoutent   les subventions sur les hydrocarbures, qui s\u2019\u00e9l\u00e8vent \u00e0 900 Millions de dinars   \/ an. Cet accroissement para\u00eet in\u00e9luctable compte tenu de la conjoncture   mondiale qui se traduit par des hausses g\u00e9n\u00e9ralis\u00e9es des prix des mati\u00e8res   premi\u00e8res, notamment ceux des produits alimentaires et des hydrocarbures.   Cette augmentation va impacter le budget de l\u2019Etat, et probablement accro\u00eetre,   au moins pour 2011, le d\u00e9ficit budg\u00e9taire.<\/span><\/p>\n<p> <span lang=\"EN-US\">  5) Le rating de <\/span> <span lang=\"NO-BOK\"> <ns1:personname ns0:productid=\"la Tunisie\"><span lang=\"EN-US\">la Tunisie<\/span><\/ns1:personname><\/span><span lang=\"EN-US\">   s\u2019est d\u00e9grad\u00e9 significativement, \u00e0 tort, \u00e0 cause de l\u2019incons\u00e9quence des   agences de notation, soit disant en raison de la conjoncture que conna\u00eet le   pays. Cela se traduira, au moins, par une augmentation du co\u00fbt de la dette   publique, sinon par une r\u00e9duction de la capacit\u00e9 de lever des fonds sur les   march\u00e9s internationaux.<\/span><\/p>\n<p> <span lang=\"EN-US\">  6) La baisse de l\u2019activit\u00e9 \u00e9conomique pr\u00e9visible en 2011 aura n\u00e9cessairement   comme cons\u00e9quence une baisse des recettes fiscales.<\/span><\/p>\n<p> <span lang=\"EN-US\">  7) Le secteur bancaire risque d\u2019avoir des difficult\u00e9s li\u00e9es au contexte   \u00e9conomique \u00e9voqu\u00e9 ci-dessus, ainsi qu\u2019aux nombreuses op\u00e9rations douteuses   r\u00e9alis\u00e9es souvent sans garanties r\u00e9elles par les clans d\u00e9chus et leurs alli\u00e9s   ; cela va peser sur les comptes des banques et leurs capacit\u00e9s \u00e0 financer   l\u2019\u00e9conomie.<\/span><\/p>\n<p> <span lang=\"EN-US\">  8) L\u2019Etat sera tenu d\u2019apporter des aides d\u2019urgences \u00e0 des couches sociales en   difficult\u00e9s (aide au ch\u00f4meur, aide aux personnes d\u00e9sh\u00e9rit\u00e9es\u2026), aide aux   entreprises en difficult\u00e9s pour maintenir l\u2019emploi, co\u00fbt de r\u00e9paration des   d\u00e9gradations sur des biens publics, tout cela contribuera \u00e0 accro\u00eetre les   d\u00e9penses publiques.<\/span><\/p>\n<p> <span lang=\"EN-US\">  Ces difficult\u00e9s vont tr\u00e8s probablement limiter fortement les capacit\u00e9s de   l\u2019Etat et des op\u00e9rateurs \u00e9conomiques priv\u00e9s \u00e0 r\u00e9pondre \u00e0 la revendication   principale du mouvement qui s\u2019est transform\u00e9 en r\u00e9volution. Nous avons,   peut-\u00eatre l\u00e0 une des raisons pour lesquelles cette question est peu abord\u00e9e   dans les d\u00e9bats actuels. Parmi les commissions mises en place, aucune, \u00e0 notre   connaissance, n\u2019est consacr\u00e9e \u00e0 cette question des d\u00e9fis \u00e9conomiques et   sociaux qui nous attendent et qui doit \u00eatre la priorit\u00e9 des priorit\u00e9s si on ne   veut pas aller vers de nouvelles d\u00e9ceptions et des explosions de d\u00e9sespoir.<\/span><\/p>\n<p> <span lang=\"EN-US\">  Pour relever ce d\u00e9fi, les pouvoirs publics et les op\u00e9rateurs \u00e9conomiques   priv\u00e9s doivent mobiliser toutes les \u00e9nergies et tous les moyens pour pr\u00e9server   les emplois existants et cr\u00e9er rapidement de nouveaux emplois notamment pour   les jeunes et dans les r\u00e9gions d\u00e9favoris\u00e9es de l\u2019Ouest et du Sud d\u2019o\u00f9 le   soul\u00e8vement est parti. L\u2019UGTT doit jouer un r\u00f4le essentiel pour organiser le   dialogue social et canaliser les demandes souvent l\u00e9gitimes des salari\u00e9s, mais   en tenant compte des possibilit\u00e9s actuelles du pays. La protection de l\u2019outil   du travail et de la continuit\u00e9 des services, la s\u00e9curit\u00e9 des biens et des   personnes qui sont la base de toute d\u00e9mocratie sont les conditions   fondamentales pour l\u2019avenir de la soci\u00e9t\u00e9 tunisienne. Dans la conjoncture   actuelle, la priorit\u00e9 n\u2019est pas \u00e0 l\u2019augmentation rapide et massive des   salaires, aussi l\u00e9gitime soit-elle, mais \u00e0 la pr\u00e9servation des emplois   existants et \u00e0 la prise en compte de la demande de travail de celles et ceux   qui n\u2019en ont pas.<\/span><\/p>\n<p> <span lang=\"EN-US\">  Pour faire face \u00e0 la situation que conna\u00eet le pays, les id\u00e9es et les   propositions ne manquent pas. Il est important de rappeler qu\u2019il y a deux ans   un autre soul\u00e8vement, pour les m\u00eames raisons, a dur\u00e9 plusieurs mois dans la   r\u00e9gion des mines de Gafsa (particuli\u00e8rement \u00e0 R\u00e9deyef). Malgr\u00e9 les appels des   syndicats, des expressions autonomes de la soci\u00e9t\u00e9 civile pour r\u00e9pondre aux   revendications de ce soul\u00e8vement, le pouvoir a r\u00e9pondu par la r\u00e9pression, le   m\u00e9pris et des promesses non tenues. Le Bureau des Etudes Economiques et   Sociales de l\u2019UGTT et des partis de l\u2019opposition qui ont soutenu ce mouvement   ont fait des propositions concr\u00e8tes pour le d\u00e9veloppement des r\u00e9gions   concern\u00e9es et prendre en compte les revendications l\u00e9gitimes de la population.   Un grand nombre de ces propositions rejoint le plan pr\u00e9sent\u00e9 par le ministre   Afif Chelbi, reconnu pour son int\u00e9grit\u00e9 et sa comp\u00e9tence, mais le plan fut   rejet\u00e9 d\u2019un revers de main car jug\u00e9 trop couteux et ne correspondant pas aux   priorit\u00e9s du palais de Carthage. <\/span> <span lang=\"NO-BOK\">  Le co\u00fbt social et politique de son rejet n\u2019\u00e9tait pas pris en compte malgr\u00e9 les   mises en garde des syndicats, de l\u2019opposition, de  <ns1:personname ns0:productid=\"la Ligue\">la Ligue<\/ns1:personname> des Droits   Humains et d\u2019autres expressions de la soci\u00e9t\u00e9, sans parler des alertes   internationales allant dans le m\u00eame sens.<\/span><\/p>\n<p> <span lang=\"EN-US\">  Il est urgent de revenir aux propositions et au plan rejet\u00e9s il y a deux ans,   pour les actualiser, s\u2019en inspirer et r\u00e9pondre sans trop tarder aux attentes   d\u2019une population qui n\u2019accepte plus d\u2019\u00eatre exclue du d\u00e9veloppement du pays.   Pour cela, le gouvernement de transition doit r\u00e9viser ses priorit\u00e9s, mobiliser   le maximum de ressources internes et externes pour cr\u00e9er les conditions qui   encouragent l\u2019installation d\u2019entreprises et d\u2019activit\u00e9s pourvoyeuses d\u2019emplois   dans les r\u00e9gions concern\u00e9es, donner l\u2019exemple en consacrant une part   importante des investissements publics \u00e0 un d\u00e9veloppement plus \u00e9quitable entre   les r\u00e9gions et capable de cr\u00e9er rapidement des emplois l\u00e0 o\u00f9 le besoin est des   plus urgents.<\/span><\/p>\n<p> <span lang=\"EN-US\">  Il est certain que <\/span> <span lang=\"NO-BOK\"> <ns1:personname ns0:productid=\"la Tunisie\"><span lang=\"EN-US\">la Tunisie<\/span><\/ns1:personname><\/span><span lang=\"EN-US\">,   en raison des difficult\u00e9s de la conjoncture \u00e9num\u00e9r\u00e9es plus haut, ne pourra pas   relever toute seule le grand d\u00e9fi de l\u2019emploi et du d\u00e9veloppement des r\u00e9gions   d\u00e9favoris\u00e9es. Elle ne pourra pas compter sur l\u2019aide des gouvernements de ses   riches voisins qui n\u2019ont pas envie de voir une exp\u00e9rience d\u00e9mocratique r\u00e9ussir   tout pr\u00e8s de chez eux. . La sympathie des peuples voisins pour la r\u00e9volution   ne suffira pas pour aider \u00e0 relever les d\u00e9fis et \u00e0 r\u00e9pondre aux besoins   urgents de la population.<\/span><\/p>\n<p> <span lang=\"EN-US\">  La communaut\u00e9 internationale et notamment l\u2019Union Europ\u00e9enne et plus   particuli\u00e8rement <\/span> <span lang=\"NO-BOK\"> <ns1:personname ns0:productid=\"la France\"><span lang=\"EN-US\">la France<\/span><\/ns1:personname><\/span><span lang=\"EN-US\">,   les Etats-Unis et les institutions qu\u2019elles contr\u00f4lent : FMI, Banque Mondiale,   Banque Europ\u00e9enne d\u2019Investissement\u2026, ont int\u00e9r\u00eat \u00e0 ce qu\u2019une r\u00e9volution   d\u00e9mocratique r\u00e9ussisse en Tunisie et serve d\u2019exemple \u00e0 tous les pays de la   rive sud de <\/span> <span lang=\"NO-BOK\"> <ns1:personname ns0:productid=\"la M\u00e9diterran\u00e9e\"><span lang=\"EN-US\">la   M\u00e9diterran\u00e9e<\/span><\/ns1:personname><\/span><span lang=\"EN-US\">,   en Afrique et au Moyen Orient (voir l\u2019impact de la r\u00e9volution tunisienne sur   l\u2019Egypte).<\/span><\/p>\n<p> <span lang=\"EN-US\">  L\u2019Union Europ\u00e9enne doit montrer pour cela toute la g\u00e9n\u00e9rosit\u00e9 dont elle a fait   preuve pour aider \u00e0 la transition d\u00e9mocratique dans l\u2019Europe du sud apr\u00e8s la   chute des dictatures de Franco, de Salazar, et des colonels grecs, et dans   l\u2019Europe de l\u2019Est apr\u00e8s la chute du mur de Berlin.<\/span><\/p>\n<p> <span lang=\"NO-BOK\">  La dette publique tunisienne est estim\u00e9e \u00e0 fin 2010 \u00e0 25 milliards de dinars   (moins de 13 milliards d\u2019euros) dont pr\u00e8s de 90 % de dette ext\u00e9rieure, elle   repr\u00e9sente moins de 40% du PIB (en France la dette publique repr\u00e9sente plus de   80 % du PIB en 2010).<\/span><\/p>\n<p> <span lang=\"NO-BOK\">  Pour relever le d\u00e9fi de l\u2019emploi et du d\u00e9veloppement des r\u00e9gions d\u00e9favoris\u00e9es,  <ns1:personname ns0:productid=\"la Tunisie\">la Tunisie<\/ns1:personname> a un   besoin urgent d\u2019un soutien financier ext\u00e9rieur massif sous toutes ses formes.  <\/span> <span lang=\"EN-US\">  Elle doit \u00e9galement mobiliser l\u2019\u00e9pargne int\u00e9rieure par le lancement d\u2019un grand   emprunt national de la r\u00e9volution\u00a0 (GER). <\/span><\/p>\n<p> <span lang=\"EN-US\">  Ce Grand Emprunt de <\/span> <span lang=\"NO-BOK\"> <ns1:personname ns0:productid=\"la R\u00e9volution\"><span lang=\"EN-US\">la R\u00e9volution<\/span><\/ns1:personname><\/span><span lang=\"EN-US\">   doit servir en partie \u00e0 r\u00e9pondre aux urgences sociales, mais pour l\u2019essentiel   \u00e0 financer les investissements d\u2019avenir : d\u00e9veloppement r\u00e9gional,   infrastructures, technologies, recherche, enseignement sup\u00e9rieur, etc. <\/span> <\/p>\n<p> <span lang=\"EN-US\">  La r\u00e9cup\u00e9ration de tout ou partie des avoirs d\u00e9tourn\u00e9s par Ben Ali, son \u00e9pouse   et leurs clans (estim\u00e9s par Forbes \u00e0 au moins 5 milliards de dollars, soit   pr\u00e8s du tiers de la dette ext\u00e9rieure tunisienne et l\u2019\u00e9quivalent de la moiti\u00e9   du budget du pays) sera longue, malgr\u00e9 la bonne volont\u00e9 affich\u00e9e par toutes   les capitales europ\u00e9ennes o\u00f9 ces avoirs sont investis, mais elle pourra servir   dans le futur \u00e0 all\u00e9ger la dette de l\u2019Etat.<\/span><\/p>\n<p> <span lang=\"EN-US\">  Sans aide ext\u00e9rieure s\u00e9rieuse la situation \u00e9conomique de 2011, voire de 2012,   sera critique. Nous esp\u00e9rons que les r\u00e9ponses des pays qui vont participer \u00e0   la r\u00e9union de Carthage dans les prochains jours, \u00e0 l\u2019invitation du   gouvernement de transition, soient \u00e0 la hauteur des d\u00e9fis que <\/span> <span lang=\"NO-BOK\"> <ns1:personname ns0:productid=\"la Tunisie\"><span lang=\"EN-US\">la Tunisie<\/span><\/ns1:personname><\/span><span lang=\"EN-US\">   aura \u00e0 affronter. Nous appelons tous nos amis europ\u00e9ens, et en particulier   fran\u00e7ais et allemands, \u00e0 faire pression sur leur propre gouvernement pour que   ceux-ci contribuent de mani\u00e8re significative et positive \u00e0 l\u2019effort   n\u00e9cessaire.<\/span><\/p>\n<p> <span lang=\"NO-BOK\">  L\u2019Union Europ\u00e9enne en g\u00e9n\u00e9ral et  <ns1:personname ns0:productid=\"la France\">la France<\/ns1:personname> en   particulier ont un int\u00e9r\u00eat strat\u00e9gique \u00e0 la r\u00e9ussite \u00e9conomique et sociale de   la r\u00e9volution d\u00e9mocratique en Tunisie. Elles ne seront pas perdantes en y   contribuant, que ce soit pour leur propre s\u00e9curit\u00e9, ou du point de vue du   d\u00e9veloppement de l\u2019activit\u00e9 \u00e9conomique europ\u00e9enne (75 % du commerce   international de  <ns1:personname ns0:productid=\"la Tunisie\">la Tunisie<\/ns1:personname> est   effectu\u00e9 avec l\u2019Union Europ\u00e9enne).<\/span><\/p>\n<p> <span lang=\"NO-BOK\"> <ns1:personname ns0:productid=\"la France\">La France<\/ns1:personname>, en   raison de ses liens historiques avec  <ns1:personname ns0:productid=\"la Tunisie\">la Tunisie<\/ns1:personname>, de sa   situation actuelle sur la sc\u00e8ne internationale (pr\u00e9sidence du G20), de son   r\u00f4le dans l\u2019Union Europ\u00e9enne, doit \u00eatre le moteur d\u2019une action rapide et   concr\u00e8te pour apporter \u00e0  <ns1:personname ns0:productid=\"la Tunisie\">la Tunisie<\/ns1:personname> toute   l\u2019aide n\u00e9cessaire pour que cette r\u00e9volution s\u2019accompagne d\u2019une r\u00e9ussite   \u00e9conomique et sociale.<\/span><\/p>\n<p> <span lang=\"NO-BOK\">  Il faut anticiper les situations et agir vite, de nombreux chefs   d\u2019entreprises, des syndicalistes, des salari\u00e9s, une grande partie de la   soci\u00e9t\u00e9 civile en Tunisie et de la diaspora tunisienne dans le monde, sont   pr\u00eats \u00e0 relever tous ces d\u00e9fis. Ils ont besoin de l\u2019aide de  <ns1:personname ns0:productid=\"la France\">la France<\/ns1:personname> et de   l\u2019Union Europ\u00e9enne. Il faut les aider et ne pas rester sourd \u00e0 leur appel.<\/span><\/p>\n<p> <span lang=\"EN-US\">  Source: \u201dLe temps\u201d Le 19-02-2011<\/span><\/p>\n<p> <span lang=\"NO-BOK\">  Lien: <a href=\"http:\/\/www.letemps.com.tn\/article-53165.html\" target=\"_blank\" rel=\"noopener\">  http:\/\/www.letemps.com.tn\/article-53165.html<\/a><\/span><\/p>\n<p> <b> <span lang=\"NO-BOK\"> <\/p>\n<p>\u00a0<\/p>\n<hr\/>\n<p align=\"center\">  Le Maroc \u00e0 l\u2019heure de la r\u00e9volution arabe<\/p>\n<p>\u00a0<\/p>\n<hr\/>\n<p><\/span><\/b> <\/p>\n<p> <b> <span lang=\"EN-US\">  Trois points de vue sur l\u2019appel au soul\u00e8vement populaire pr\u00e9vu le 20 f\u00e9vrier<\/span><\/b><\/p>\n<p> <b> <span lang=\"EN-US\">  \u00a0<\/span><\/b><\/p>\n<p> <b> <span lang=\"NO-BOK\">  Au Maghreb, la contestation passe par la toile. En Egypte et en Tunisie, les   r\u00e9seaux sociaux comme Facebook, Twitter sont devenus les fers de lance d\u2019une   jeunesse en col\u00e8re. <\/span> <span lang=\"EN-US\">  A l\u2019instar de ces pays, le Maroc lance sur internet un appel \u00e0 manifester le   20 f\u00e9vrier contre le r\u00e9gime. Une initiative qui est loin de faire l\u2019unanimit\u00e9   dans le royaume ch\u00e9rifien. Pour Afrik.com, trois jeunes Marocains   s\u2019interrogent sur le bien-fond\u00e9 de ce soul\u00e8vement.<\/span><\/b><\/p>\n<p> <span lang=\"NO-BOK\">  Apr\u00e8s la Tunisie et l\u2019Egypte, c\u2019est au tour du Maroc de manifester son   m\u00e9contentement vis \u00e0 vis du r\u00e9gime en place. Un groupe de Marocains a appel\u00e9   sur Facebook \u00e0  <a href=\"http:\/\/www.afrik.com\/article22083.html\" target=\"_blank\" rel=\"noopener\"><b> <span>  se rassembler le 20 f\u00e9vrier<\/span><\/b><\/a> pour une large r\u00e9forme politique   dans le pays. Dans son sillon, une vid\u00e9o post\u00e9e lundi sur Youtube et Facebook,   mettant en sc\u00e8ne quatorze Marocains m\u00e9contents de la monarchie, a d\u00e9j\u00e0   recueilli plusieurs milliers de signatures pour appeler \u00e0 manifester dimanche   \u00e0 travers le royaume. Au Maroc, les jeunes semblent vouloir en d\u00e9coudre avec   les autorit\u00e9s et r\u00eavent d\u2019une r\u00e9volution comme en Tunisie, et en Egypte. Si   certains souhaitent le d\u00e9part de Mohammed VI, d\u2019autres ont des aspirations   plus mod\u00e9r\u00e9es telles que la mise en place d\u2019une monarchie parlementaire.  <\/span> <span lang=\"EN-US\">  Mais un tel sc\u00e9nario est-il possible\u00a0? Quoi qu\u2019il en soit, les Marocains ne   veulent pas \u00eatre \u00ab\u00a0les laiss\u00e9s-pour-compte de la r\u00e9volution arabe\u00a0\u00bb. Regards   crois\u00e9s de trois Marocains sur cette manifestation du 20 f\u00e9vrier.<\/span><\/p>\n<p> <b> <span lang=\"NO-BOK\">  Oussama El Khlifi, 23 ans, \u00e0 l\u2019initiative de l\u2019appel \u00e0 la manifestation du 20   f\u00e9vrier sur Facebook<\/span><\/b><\/p>\n<p> <b> <span lang=\"EN-US\">  Pourquoi avez-vous d\u00e9cid\u00e9 de lancer ce mouvement de contestation\u00a0?<\/span><\/b><span lang=\"EN-US\">     Le Maroc comme les autres pays doit acc\u00e9der \u00e0 la d\u00e9mocratie. <\/span> <span lang=\"NO-BOK\">  Il fait partie int\u00e9grante de l\u2019Afrique du Nord et doit lui aussi lutter.  <\/span> <span lang=\"EN-US\">  Le r\u00e9gime refuse d\u2019\u00e9couter les revendications du peuple. Pourtant, des mesures   doivent \u00eatre prises. Notre message est clair, l\u2019appel du 20 f\u00e9vrier est un   mouvement de jeunes marocains qui souhaitent acc\u00e9der \u00e0 la d\u00e9mocratie. Il   appelle \u00e0 la poursuite des fonctionnaires corrompus. <\/span> <span lang=\"NO-BOK\">  Il est ind\u00e9pendant et ouvert. Toutes les personnes qui le souhaitent,   islamistes, de gauche ou lib\u00e9raux peuvent y participer.<\/span><\/p>\n<p> <b> <span lang=\"EN-US\">  Ibtissame Betty Lachgar, <\/span> <span lang=\"NO-BOK\"> <a href=\"http:\/\/www.afrik.com\/article17596.html\" target=\"_blank\" rel=\"noopener\"> <span lang=\"EN-US\">  co-fondatrice du Mouvement alternatif pour les libert\u00e9s individuelles (Mali)<\/span><\/a><\/span><span lang=\"EN-US\">.<\/span><\/b><span lang=\"EN-US\">\u00a0[<\/span><a href=\"http:\/\/www.afrik.com\/article22079.html#nb1\" title=\"[1] Elle s&#039;\u00e9tait fait conna\u00eetre en 2009, lors de sa prise de position (...)\" target=\"_blank\" rel=\"noopener\"><b><span lang=\"EN-US\">1<\/span><\/b><\/a><span lang=\"EN-US\">]<\/span><\/p>\n<p> <b> <span lang=\"EN-US\">  Une r\u00e9volution est-elle possible au Maroc\u00a0?<\/span><\/b><span lang=\"EN-US\">     La jeunesse marocaine et beaucoup d\u2019autres mouvements et associations ont   t\u00e9moign\u00e9 leur soutien aux manifestants tunisiens (et \u00e9gyptiens). Les   revendications sociales et\/ou politiques commencent \u00e0 \u00e9merger. La   \u00ab\u00a0b\u00e9nalisation\u00a0\u00bb du Maroc est une expression courante ces derni\u00e8res ann\u00e9es. La   comparaison se situe au niveau du pouvoir \u00e9conomique, politique, de la   corruption, du r\u00f4le de la police, de l\u2019espace de libert\u00e9 de plus en plus   r\u00e9duit, des dipl\u00f4m\u00e9s ch\u00f4meurs, de la domination du pouvoir sur l\u2019\u00e9conomie, et   enfin d\u2019une r\u00e9elle demande de d\u00e9mocratisation. Toutefois, au Maroc, il ne   s\u2019agit pas de renverser un chef d\u2019Etat, c\u2019est une revendication en faveur d\u2019un   changement de Constitution limitant les pouvoirs du roi et la mise en place   d\u2019une monarchie parlementaire.<\/span><\/p>\n<p> <b> <span lang=\"EN-US\">  Sans Internet, l\u2019apparition de r\u00e9seaux sociaux, ce genre d\u2019actions   auraient-elles eu lieu\u00a0?<\/span><\/b><span lang=\"EN-US\">     Il ne faut pas oublier que ce ne sont pas les m\u00e9dias officiels qui informent   le \u00ab\u00a0sujet\u00a0\u00bb marocain. Ceux-ci se focalisent sur les d\u00e9placements du roi et des   inaugurations qu\u2019il effectue. Les Marocains se nourrissent d\u2019informations sur   les cha\u00eenes \u00e9trang\u00e8res mais surtout sur le Web et les r\u00e9seaux sociaux (FB et   Twitter notamment). Internet est une r\u00e9elle alternative de communication dans   un pays o\u00f9 la libert\u00e9 d\u2019expression est musel\u00e9e. Nous avons de la chance de ne   pas voir celui-ci censur\u00e9, ce qui permet des \u00e9changes et la \u00ab\u00a0fi\u00e8vre\u00a0\u00bb qui   saisit des individus (ou groupes) partageant les m\u00eames id\u00e9es, les m\u00eames   combats. De plus, les r\u00e9seaux sociaux permettent facilement et rapidement la   mobilisation d\u2019individus autour d\u2019un \u00ab\u00a0th\u00e8me\u00a0\u00bb ou d\u2019une cause donn\u00e9e.<\/span><\/p>\n<p> <b> <span lang=\"EN-US\">  Anas El Filali, fondateur de <\/span> <span lang=\"NO-BOK\"> <a href=\"http:\/\/www.bigbrother.ma\/\" target=\"_blank\" rel=\"noopener\"> <span lang=\"EN-US\">  Big Brother Maroc<\/span><\/a><\/span><span lang=\"EN-US\">,   \u00e9lu meilleur blog 2010.<\/span><\/b><\/p>\n<p> <b> <span lang=\"EN-US\">  Que pensez-vous de ce mouvement\u00a0?<\/span><\/b><span lang=\"EN-US\">     Une majorit\u00e9 de Marocains, et surtout les plus jeunes qui n\u2019ont pas connu   l\u2019\u00e9poque de Hassan II ou les libert\u00e9s \u00e9taient quasi inexistantes, sont en   col\u00e8re contre l\u2019injustice sociale, les partis politiques, qui n\u2019offrent aucune   voix \u00e0 la jeunesse, et le clanisme qui r\u00e8gne au sein de notre gouvernement.   C\u2019est une col\u00e8re que je partage. J\u2019ai moi aussi envie d\u2019apporter le changement   n\u00e9cessaire pour que cela n\u2019arrive plus. Sauf que pour r\u00e9soudre ces probl\u00e8mes,   il faut bien plus qu\u2019une manifestation\u00a0: un travail quotidien sur tous les   plans. D\u2019autant plus qu\u2019une manifestation dans le contexte actuel de   soul\u00e8vement populaire en Egypte ou en Tunisie risque de prendre une tournure   assez n\u00e9gative qui ne sert pas le but noble du changement.<\/span><\/p>\n<p> <b> <span lang=\"EN-US\">  On sent dans vos propos une certaine appr\u00e9hension face \u00e0 ce genre d\u2019actions&#8230;<\/span><\/b><span lang=\"EN-US\">     Non, je ne suis pas contre la manifestation, mais je suis pour une   manifestation qui soit utilis\u00e9e en dernier lieu apr\u00e8s avoir essay\u00e9 toutes les   autres m\u00e9thodes d\u00e9mocratiques. Sauf que dans ce cas, les jeunes Marocains ne   se sont jamais mobilis\u00e9s de fa\u00e7on d\u00e9mocratique pour faire valoir leurs droits.   Le Maroc compte de nombreux groupes radicaux d\u2019anarchistes, d\u2019extr\u00eame   gauche&#8230; qui ont et continuent \u00e0 utiliser la violence pour faire passer leurs   messages\u00a0: chaque semaine connait son lot d\u2019affrontements violents entre les   radicaux Anars et de gauche avec les islamistes et les lib\u00e9raux dans les   universit\u00e9s marocaines. Certains des organisateurs font partie de ces   groupements, ce qui constitue un risque de passage \u00e0 la violence qui corrompra   tout acte de changement dans le futur. En plus, ce que ce groupe r\u00e9clame,   c\u2019est notamment la dissolution des partis. On va faire un grand bond en   arri\u00e8re si cela est appliqu\u00e9\u00a0: plus de pluralit\u00e9&#8230; Retour au parti unique\u00a0?   Pas possible. M\u00eame si les partis sont incomp\u00e9tents, on n\u2019a nullement le droit   de les dissoudre. Je me battrai jusqu\u2019au dernier souffle contre un mouvement   aussi totalitaire.<\/span><\/p>\n<p> <span lang=\"EN-US\">  Source: \u201cAfrik.com\u201d Le 19-02-2011<\/span><\/p>\n<p> <span lang=\"NO-BOK\">  Lien: <a href=\"http:\/\/www.afrik.com\/article22079.html\" target=\"_blank\" rel=\"noopener\">  http:\/\/www.afrik.com\/article22079.html<\/a><\/span><\/p>\n<p> <b> <span lang=\"EN-US\"> <\/p>\n<hr\/>\n<p align=\"center\">  Hundreds demonstrate for secular Tunisia<\/p>\n<p>\u00a0<\/p>\n<hr\/>\n<p><\/span><\/b> <\/p>\n<p><span lang=\"EN-US\">  Hundreds of Tunisians demonstrated Saturday for a secular state following the   murder of a Polish priest, verbal attacks on Jews and an attempt by Islamists   to set fire to a brothel.<\/span><\/p>\n<p><span lang=\"EN-US\">  Rallied by a call on social network Facebook, they gathered in the main Avenue   Bourguiba in Tunis waving placards reading, \u00ab\u00a0Secularism = Freedom and   Tolerance\u00a0\u00bb and \u00ab\u00a0Stop Extremist Acts\u00a0\u00bb.<\/span><\/p>\n<p><span lang=\"EN-US\">  \u00ab\u00a0We&rsquo;ve called this demonstration to show that Tunisia is a tolerant country   which rejects fanaticism and to strengthen secularism in practice and in law,\u00a0\u00bb   blogger Sofiane Chourabi, 29, said.<\/span><\/p>\n<p><span lang=\"EN-US\">  Police stood by as military helicopters circled overhead.<\/span><\/p>\n<p><span lang=\"EN-US\">  Earlier Saturday the Tunisian authorities and the country&rsquo;s main Islamist   movement denounced the murder of the priest who was found with his throat   slit.<\/span><\/p>\n<p><span lang=\"EN-US\">  Marek Rybinski, 34, was found dead Friday in the garage of the private   religious school at Manouba near the capital where he was responsible for the   accounting.<\/span><\/p>\n<p><span lang=\"EN-US\">  \u00ab\u00a0The ministry of religious affairs condemns this criminal act and calls on all   men of religion and civil society to act with determination to prevent such   acts happening again,\u00a0\u00bb the ministry said in a statement carried by news agency   TAP.<\/span><\/p>\n<p><span lang=\"EN-US\">  It emphasised that \u00ab\u00a0Tunisia has always been a place of peaceful coexistence   between races and nationalities and of dialogue between civilisations,   religions and culture.\u00a0\u00bb<\/span><\/p>\n<p><span lang=\"EN-US\">  The priest in charge of the school, Mario Mulestagno, revealed Saturday that   it had received a death threat at the end of January in a confused letter   stamped with a swastika and addressed to \u00ab\u00a0the Jews\u00a0\u00bb.<\/span><\/p>\n<p><span lang=\"EN-US\">  The main Islamist movement in Tunisia, Ennahda (Awakening), also \u00ab\u00a0strongly\u00a0\u00bb   condemned the murder Saturday, saying it was \u00ab\u00a0a tactic to distract Tunisians   from the objectives of Tunisia&rsquo;s revolution.\u00a0\u00bb<\/span><\/p>\n<p><span lang=\"EN-US\">  \u00ab\u00a0We denounce what happened and we condemn all those who are behind it. We call   on the Tunisian authorities to discover the real circumstances of this murder   and find the people who did it to enlighten public opinion,\u00a0\u00bb the president of   the movement&rsquo;s founding assembly, Ali El-Aryath, said.<\/span><\/p>\n<p><span lang=\"EN-US\">  The murder was the first of a foreigner or priest since the regime of Zine El   Abidine Ben Ali was toppled by mass protests on January 14. An interim   government has been installed but the situation in the country is still   extremely volatile.<\/span><\/p>\n<p><span lang=\"EN-US\">  The interior ministry blamed \u00ab\u00a0fascist terrorists with extremist attitudes,\u00a0\u00bb   without making it clear if it was referring to religious radicals or loyalists   of the ousted regime.<\/span><\/p>\n<p><span lang=\"EN-US\">  The priest&rsquo;s body was found as hundreds of Islamists rallied in Tunis Friday   calling for the closure of brothels in the city. A march on a street housing   one of the best-known brothels was thwarted by police.<\/span><\/p>\n<p><span lang=\"EN-US\">  Ennadha, which was banned and crushed under Ben Ali and is seeking   authorisation to resume its activities, called the demonstration a \u00ab\u00a0violation   of the principle of liberty which we want to see rooted in our society.\u00a0\u00bb<\/span><\/p>\n<p><span lang=\"EN-US\">  Anti-Jewish slogans were shouted outside the main Tunis synagogue earlier this   month.<\/span><\/p>\n<p><span lang=\"EN-US\">  Meanwhile, a general amnesty for thousands of political prisoners held under   Ben Ali&rsquo;s regime came into force Saturday, the state news agency TAP said.<\/span><\/p>\n<p><span lang=\"EN-US\">  It applied to \u00ab\u00a0all those who were imprisoned or prosecuted for crimes as a   result of their political or trade union activities,\u00a0\u00bb TAP reported.<\/span><\/p>\n<p><span lang=\"EN-US\">  Elsewhere some 500 Tunisians rallied outside the French embassy condemning   newly-appointed ambassador Boris Boillon protesting at remarks they deemed   insulting and calling for his departure.<\/span><\/p>\n<p><span lang=\"EN-US\">  While calling for a \u00ab\u00a0new page\u00a0\u00bb in relations between France and Tunisia,   Boillon, 41, refused to take questions from some journalists at a press   conference on Thursday and dismissed others as \u00ab\u00a0stupid\u00a0\u00bb.<\/span><\/p>\n<p><span lang=\"EN-US\">  Extracts from the encounter were broadcast on Tunisian television and sparked   a Facebook page calling for Boillon to go.<\/span><\/p>\n<p><span lang=\"EN-US\">  France, the former colonial power, failed to realise the strength of the   opposition to Ben Ali and Foreign Minister Michele Alliot-Marie is under   pressure to resign over her links to the deposed regime.<\/span><\/p>\n<p><span lang=\"EN-US\">  The foreign ministry in Paris said Saturday that Boillon was concerned with   \u00ab\u00a0action, not polemics\u00a0\u00bb in pursuing new shared objectives.<\/span><\/p>\n<p> <span lang=\"EN-US\">  Source: \u201cAFP\u201d Le 19-02-2011<\/span><\/p>\n<p> <span lang=\"NO-BOK\">  Lien: <\/span> <span lang=\"EN-US\"> <a href=\"http:\/\/www.google.com\/hostednews\/afp\/article\/ALeqM5jNUeWGeq-MOInYdrf86iUI85xR-w?docId=CNG.f3d6e29822cba620b8abbd76ef5e73c8.7e1\" target=\"_blank\" rel=\"noopener\"> <span lang=\"NO-BOK\">  http:\/\/www.google.com\/hostednews\/afp\/article\/ALeqM5jNUeWGeq-MOInYdrf86iUI85xR-w?docId=CNG.f3d6e29822cba620b8abbd76ef5e73c8.7e1<\/span><\/a><\/span><\/p>\n<p><\/font><\/div>\n<p><\/body><\/body><\/html><\/p>\n","protected":false},"excerpt":{"rendered":"<p>Home &#8211; Accueil \u00a0 TUNISNEWS 10 \u00e8me ann\u00e9e, N\u00b0 3924 du 19 .02 . 2011 archives : www.tunisnews.net Le Figaro :Manifestation \u00e0 Tunis contre l&rsquo;ambassadeur de France Europe1:Boris Boillon, persona non grata \u00e0 Tunis Le Parisien:Manifestation \u00abpour une Tunisie la\u00efque\u00bb apr\u00e8s des incidents avec les islamistes Le gouvernement et \u201dEnnahda\u201d condamnent l\u2019assassinat d\u2019un pretre polonais [&hellip;]<\/p>\n","protected":false},"author":1,"featured_media":22040,"comment_status":"open","ping_status":"open","sticky":false,"template":"","format":"standard","meta":{"inline_featured_image":false,"site-sidebar-layout":"default","site-content-layout":"","ast-site-content-layout":"default","site-content-style":"default","site-sidebar-style":"default","ast-global-header-display":"","ast-banner-title-visibility":"","ast-main-header-display":"","ast-hfb-above-header-display":"","ast-hfb-below-header-display":"","ast-hfb-mobile-header-display":"","site-post-title":"","ast-breadcrumbs-content":"","ast-featured-img":"","footer-sml-layout":"","ast-disable-related-posts":"","theme-transparent-header-meta":"","adv-header-id-meta":"","stick-header-meta":"","header-above-stick-meta":"","header-main-stick-meta":"","header-below-stick-meta":"","astra-migrate-meta-layouts":"default","ast-page-background-enabled":"default","ast-page-background-meta":{"desktop":{"background-color":"","background-image":"","background-repeat":"repeat","background-position":"center center","background-size":"auto","background-attachment":"scroll","background-type":"","background-media":"","overlay-type":"","overlay-color":"","overlay-opacity":"","overlay-gradient":""},"tablet":{"background-color":"","background-image":"","background-repeat":"repeat","background-position":"center center","background-size":"auto","background-attachment":"scroll","background-type":"","background-media":"","overlay-type":"","overlay-color":"","overlay-opacity":"","overlay-gradient":""},"mobile":{"background-color":"","background-image":"","background-repeat":"repeat","background-position":"center center","background-size":"auto","background-attachment":"scroll","background-type":"","background-media":"","overlay-type":"","overlay-color":"","overlay-opacity":"","overlay-gradient":""}},"ast-content-background-meta":{"desktop":{"background-color":"var(--ast-global-color-5)","background-image":"","background-repeat":"repeat","background-position":"center center","background-size":"auto","background-attachment":"scroll","background-type":"","background-media":"","overlay-type":"","overlay-color":"","overlay-opacity":"","overlay-gradient":""},"tablet":{"background-color":"var(--ast-global-color-5)","background-image":"","background-repeat":"repeat","background-position":"center center","background-size":"auto","background-attachment":"scroll","background-type":"","background-media":"","overlay-type":"","overlay-color":"","overlay-opacity":"","overlay-gradient":""},"mobile":{"background-color":"var(--ast-global-color-5)","background-image":"","background-repeat":"repeat","background-position":"center center","background-size":"auto","background-attachment":"scroll","background-type":"","background-media":"","overlay-type":"","overlay-color":"","overlay-opacity":"","overlay-gradient":""}},"footnotes":""},"categories":[],"tags":[54,42,29],"class_list":["post-19547","post","type-post","status-publish","format-standard","has-post-thumbnail","hentry","tag-54","tag-42","tag-fr"],"_links":{"self":[{"href":"https:\/\/tunisnews.net\/ar\/wp-json\/wp\/v2\/posts\/19547","targetHints":{"allow":["GET"]}}],"collection":[{"href":"https:\/\/tunisnews.net\/ar\/wp-json\/wp\/v2\/posts"}],"about":[{"href":"https:\/\/tunisnews.net\/ar\/wp-json\/wp\/v2\/types\/post"}],"author":[{"embeddable":true,"href":"https:\/\/tunisnews.net\/ar\/wp-json\/wp\/v2\/users\/1"}],"replies":[{"embeddable":true,"href":"https:\/\/tunisnews.net\/ar\/wp-json\/wp\/v2\/comments?post=19547"}],"version-history":[{"count":0,"href":"https:\/\/tunisnews.net\/ar\/wp-json\/wp\/v2\/posts\/19547\/revisions"}],"wp:featuredmedia":[{"embeddable":true,"href":"https:\/\/tunisnews.net\/ar\/wp-json\/wp\/v2\/media\/22040"}],"wp:attachment":[{"href":"https:\/\/tunisnews.net\/ar\/wp-json\/wp\/v2\/media?parent=19547"}],"wp:term":[{"taxonomy":"category","embeddable":true,"href":"https:\/\/tunisnews.net\/ar\/wp-json\/wp\/v2\/categories?post=19547"},{"taxonomy":"post_tag","embeddable":true,"href":"https:\/\/tunisnews.net\/ar\/wp-json\/wp\/v2\/tags?post=19547"}],"curies":[{"name":"wp","href":"https:\/\/api.w.org\/{rel}","templated":true}]}}