{"id":19532,"date":"2011-08-27T00:00:00","date_gmt":"2011-08-27T00:00:00","guid":{"rendered":"https:\/\/tunisnews.net\/27-aout-2011\/"},"modified":"2011-08-27T00:00:00","modified_gmt":"2011-08-27T00:00:00","slug":"27-aout-2011","status":"publish","type":"post","link":"https:\/\/tunisnews.net\/ar\/27-aout-2011\/","title":{"rendered":"27 ao\u00fbt 2011"},"content":{"rendered":"<p><html><head><meta content=\"text\/html\" description=\"L'Union G\u00e9n\u00e9rale des Immigr\u00e9s Tunisiens (UGIT) \t\tlance un appel \u00e0 la communaut\u00e9 tunisienne en Europe, et en particulier \t\tcelle en France qui vit dans des conditions de m\u00e9pris et de mis\u00e8re et \t\tqui est mise \u00e0 l'\u00e9cart par les instances politiques et administratives \t\tpour un r\u00e9el acc\u00e8s au d\u00e9veloppement humain : droit \u00e0 l'emploi, droit au \t\tlogement, droit aux \u00e9tudes avanc\u00e9es et aux recherches scientifiques et \t\ttechnologiques.\" http-equiv=\"Content-Type\"\/><\/head><body><body><\/p>\n<div><font><strong><font face=\"Calibri\" size=\"2\"><span dir=\"rtl\" lang=\"AR-SA\"><font><\/p>\n<div align=\"right\" dir=\"rtl\">\n<table border=\"1\" cellpadding=\"0\" cellspacing=\"0\" dir=\"rtl\" width=\"100%\">\n<tr dir=\"rtl\">\n<td dir=\"rtl\">\n<p align=\"center\" dir=\"rtl\"><strong><font size=\"4\"><span dir=\"rtl\" lang=\"AR-SA\">\u0641\u064a<\/span><span lang=\"AR-SA\"><\/span><span dir=\"rtl\" lang=\"AR-SA\">\u0643\u0644<\/span><span lang=\"AR-SA\"><\/span><span dir=\"rtl\" lang=\"AR-SA\">\u064a\u0648\u0645<\/span><span dir=\"rtl\" lang=\"AR-SA\">\u060c<\/span><span lang=\"AR-SA\"><\/span><span dir=\"rtl\" lang=\"AR-SA\">\u0646\u0633\u0627\u0647\u0645 \u0628\u062c\u0647\u062f\u0646\u0627 \u0641\u064a<\/span><span lang=\"AR-SA\"><\/span><span dir=\"rtl\" lang=\"AR-SA\">\u062a\u0642\u062f\u064a\u0645<\/span><span lang=\"AR-SA\"><\/span><span dir=\"rtl\" lang=\"AR-SA\">\u0625\u0639\u0644\u0627\u0645 \u0623\u0641\u0636\u0644 \u0648\u0623\u0631\u0642\u0649 \u0639\u0646<\/span><span lang=\"AR-SA\"><\/span><span dir=\"rtl\" lang=\"AR-SA\">\u0628\u0644\u062f\u0646\u0627\u060c<\/span><span lang=\"AR-SA\"><\/span><span dir=\"rtl\" lang=\"AR-SA\">\u062a\u0648\u0646\u0633<\/span><span lang=\"AR-SA\"><\/span><\/font><\/strong><span> <\/span><span><strong><font size=\"4\">Un effort quotidien pour une information de qualit\u00e9 sur notre pays, la Tunisie.<\/font><\/strong><span> <\/span><\/span><span lang=\"EN-US\"><strong><font size=\"4\">Everyday, we contribute to a better information about our country, Tunisia<\/font><\/strong><\/span><\/p>\n<\/td>\n<\/tr>\n<\/table>\n<\/div>\n<p><\/font><\/span><\/font><\/strong><\/font><\/p>\n<div align=\"center\" dir=\"ltr\"><font face=\"Bookman Old Style\" size=\"7\"><strong>TUNISNEWS <\/strong><\/font><\/div>\n<div align=\"center\" dir=\"ltr\"><strong><font face=\"Arial\" size=\"2\">11 \u00e8me ann\u00e9e, N\u00b04076 du 27.08.2011<\/font><\/strong><\/div>\n<div align=\"center\" dir=\"ltr\"><font face=\"Arial\" size=\"2\"><strong>archives : <\/strong><\/font><a target=\"_blank\" rel=\"noopener\"><font face=\"Arial\" size=\"2\"><strong>www.tunisnews.net<\/strong><\/font><\/a><span lang=\"FR\"><strong><font face=\"Arial\" size=\"2\"><\/font><\/strong><\/span><\/div>\n<p><font><\/font><font><font><font size=\"2\"><font face=\"Arial\"><\/p>\n<div dir=\"ltr\"><strong><\/p>\n<hr\/>\n<p><\/strong><\/div>\n<p><\/font><\/font><\/font><\/font><\/p>\n<div>\n<h2 style=\"color: red;\"><font face=\"Arial\" size=\"2\"><strong>UGIT: Appel aux immigr\u00e9s tunisiens<\/strong><\/font><\/h2>\n<\/div>\n<div><font face=\"Arial\" size=\"2\"><strong>Reuters: Combats entre insurg\u00e9s et forces de Kadhafi \u00e0 Ras Jdir<\/strong><\/font><\/div>\n<div>\n<h2 style=\"color: red;\"><font face=\"Arial\" size=\"2\"><strong>Le Matin: 100 affaires de corruption li\u00e9es \u00e0 Ben Ali<\/strong><\/font><\/h2>\n<\/div>\n<div><font face=\"Arial\" size=\"2\"><strong>Investir en Tunisie: Tunisie : Ben Ali aurait une fille de 34 ans au Maroc<\/strong><\/font><\/div>\n<div>\n<h2 style=\"color: red;\"><font face=\"Arial\" size=\"2\"><strong>La Presse: L\u2019\u00e9conomie tunisienne se rel\u00e8ve malgr\u00e9 tout<\/strong><\/font><\/h2>\n<\/div>\n<div><font face=\"Arial\" size=\"2\"><strong>Le Temps: Meeting du parti Ettakatol Social-d\u00e9mocratie \u00e0 la tunisienne<\/strong><\/font><\/div>\n<div>\n<h2 style=\"color: red;\"><font face=\"Arial\" size=\"2\"><strong>Kapitalis: Tunisie. O\u00f9 vont les plaintes contre les juges pr\u00e9sum\u00e9s corrompus?<\/strong><\/font><\/h2>\n<\/div>\n<div><font face=\"Arial\" size=\"2\"><strong>Espace Manager: Tunisie: en perte de vitesse, l&rsquo;UGTT s&rsquo;attaque \u00e0 la Politique<\/strong><\/font><\/div>\n<div>\n<h2 style=\"color: red;\"><font face=\"Arial\" size=\"2\"><strong>Dawn: Old practices die hard in Tunisia\u2019s media<\/strong><\/font><\/h2>\n<\/div>\n<div dir=\"ltr\">\n<hr\/>\n<\/div>\n<div align=\"center\"><font face=\"Arial\" size=\"2\"><strong><font>L&rsquo;Union G\u00e9n\u00e9rale des Immigr\u00e9s Tunisiens (UGIT)<\/font><\/strong> <\/font><\/div>\n<div align=\"center\">\u00a0<\/div>\n<div align=\"center\">\n<h2 style=\"color: red;\"><font face=\"Arial\"><strong>APPEL AUX IMMIGR\u00c9S TUNISIENS<\/strong><\/font><\/h2>\n<\/div>\n<div align=\"center\">\n<hr\/>\n<\/div>\n<div align=\"justify\"><font face=\"Arial\" size=\"2\">L&rsquo;Union G\u00e9n\u00e9rale des Immigr\u00e9s Tunisiens (UGIT) lance un appel \u00e0 la communaut\u00e9 tunisienne en Europe, et en particulier celle en France qui vit dans des conditions de m\u00e9pris et de mis\u00e8re et qui est mise \u00e0 l&rsquo;\u00e9cart par les instances politiques et administratives pour un r\u00e9el acc\u00e8s au d\u00e9veloppement humain : droit \u00e0 l&#8217;emploi, droit au logement, droit aux \u00e9tudes avanc\u00e9es et aux recherches scientifiques et technologiques.<\/font><\/div>\n<div align=\"justify\">\u00a0<\/div>\n<div align=\"justify\"><font face=\"Arial\" size=\"2\">Nous appelons notre communaut\u00e9 \u00e0 la vigilance et \u00e0 l&rsquo;union face aux enjeux politiques qui se d\u00e9roulent ici et surtout en Tunisie.<\/font><\/div>\n<div align=\"justify\">\u00a0<\/div>\n<div align=\"justify\"><font face=\"Arial\" size=\"2\">Nous proposons aux immigr\u00e9s tunisiens de s&rsquo;organiser et de se mobiliser avec l&rsquo;UGIT afin de mettre en \u00e9chec lors des futures \u00e9lections de l&rsquo;Assembl\u00e9e Constituante, les opportunistes et les hypocrites qui se cachent derri\u00e8re des associations de l&rsquo;immigration g\u00e9n\u00e9reusement financ\u00e9es par des institutions fran\u00e7aises et europ\u00e9ennes et qui se sont d\u00e9clar\u00e9es ill\u00e9gitimement \u00ab Assises de l&rsquo;Immigration \u00bb.<\/font><\/div>\n<div align=\"justify\">\u00a0<\/div>\n<div align=\"justify\"><font face=\"Arial\" size=\"2\">Ces associations, les restes du RCD, la FTCR, l&rsquo;UTIT, etc\u2026, en collaboration tr\u00e8s \u00e9troite avec des partis politiques au pays, tentent de faire passer une Constituante qui nie au peuple tunisien le droit de revendiquer sa dignit\u00e9 nationale et le progr\u00e8s social, en lui imposant le placage de mod\u00e8les \u00e9trangers qui bafouent les droits des peuples \u00e0 l&rsquo;autod\u00e9termination politique, \u00e9conomique et culturelle, sous la banni\u00e8re des \u00ab droits de l\u2019homme \u00bb.<\/font><\/div>\n<div align=\"justify\">\u00a0<\/div>\n<div align=\"justify\"><font face=\"Arial\" size=\"2\">Les forces politiques \u00e0 la solde de la France colonialiste et des lobbies sionistes tentent de d\u00e9placer les probl\u00e8mes prioritaires de la Tunisie : justice et d\u00e9mocratie sociale, ind\u00e9pendance \u00e9conomique et politique, et d&rsquo;effacer l&rsquo;identit\u00e9 arabe et musulmane de notre pays et de notre peuple en menant une guerre d&rsquo;intox id\u00e9ologique et culturelle contre l&rsquo;Islam et en appelant \u00e0 la normalisation avec les usurpateurs de la terre arabe de Palestine.<\/font><\/div>\n<div align=\"justify\">\u00a0<\/div>\n<div align=\"justify\"><font face=\"Arial\" size=\"2\">L&rsquo;UGIT appelle l&rsquo;immigration tunisienne en France \u00e0 \u00eatre tr\u00e8s attentive aux diff\u00e9rents programmes pleins de promesses \u00ab progressistes \u00bb et \u00ab modernistes \u00bb mais qui en r\u00e9alit\u00e9 refl\u00e8tent le m\u00e9pris envers le peuple et repr\u00e9sentent des agendas politiques colonialistes pour p\u00e9renniser le syst\u00e8me ultra lib\u00e9ral de domination et d\u2019exploitation.<\/font><\/div>\n<div align=\"justify\">\u00a0<\/div>\n<div align=\"justify\"><font face=\"Arial\" size=\"2\">Paris, le 25 Juillet 2011 a.ugit@yahoo.com<\/font><\/div>\n<hr\/>\n<div align=\"center\">\n<h2 style=\"color: red;\"><font face=\"Arial\"><strong>Combats entre insurg\u00e9s et forces de Kadhafi \u00e0 Ras Jdir<\/strong><\/font><\/h2>\n<\/div>\n<div align=\"center\">\n<hr\/>\n<\/div>\n<div><font face=\"Arial\" size=\"2\">publi\u00e9 le 26\/08\/2011 \u00e0 16:52<\/font><\/div>\n<div><font face=\"Arial\" size=\"2\">Des combats ont \u00e9clat\u00e9 entre des unit\u00e9s fid\u00e8les \u00e0 Mouammar Kadhafi et les insurg\u00e9s libyens \u00e0 Ras Jdir, point de passage strat\u00e9gique vers la Tunisie, a rapport\u00e9 vendredi un t\u00e9moin.<\/font><\/div>\n<div><font face=\"Arial\" size=\"2\">L&rsquo;arm\u00e9e tunisienne a ferm\u00e9 la zone frontali\u00e8re, par laquelle transitent l&rsquo;aide humanitaire et d&rsquo;autres produits de premi\u00e8re n\u00e9cessit\u00e9 destin\u00e9s \u00e0 la Libye, ont rapport\u00e9 les autorit\u00e9s de Tunis.<\/font><\/div>\n<div><font face=\"Arial\" size=\"2\">\u00ab\u00a0Des affrontements \u00e9clatent entre un grand nombre d&rsquo;insurg\u00e9s et les forces fid\u00e8les \u00e0 Kadhafi pour le contr\u00f4le de la fronti\u00e8re\u00a0\u00bb, a d\u00e9clar\u00e9 un habitant de la r\u00e9gion, Fassi Chandol.<\/font><\/div>\n<div><font face=\"Arial\" size=\"2\">\u00ab\u00a0L&rsquo;arm\u00e9e nous a demand\u00e9 de rester \u00e0 l&rsquo;\u00e9cart de la zone\u00a0\u00bb, a-t-il dit. \u00ab\u00a0La r\u00e9gion a \u00e9t\u00e9 d\u00e9clar\u00e9e zone militaire ferm\u00e9e\u00a0\u00bb.<\/font><\/div>\n<div><font face=\"Arial\" size=\"2\">Un peu plus t\u00f4t, des sources proches des services de s\u00e9curit\u00e9 tunisiens avaient fait \u00e9tat de n\u00e9gociations en cours entre des responsables tunisiens et des repr\u00e9sentants du r\u00e9gime libyen pour remettre le contr\u00f4le du poste-fronti\u00e8re de Ras Jdir aux insurg\u00e9s, cela afin d&rsquo;\u00e9viter un bain de sang.<\/font><\/div>\n<div><font face=\"Arial\" size=\"2\">\u00ab\u00a0Des responsables des forces arm\u00e9es (tunisiennes) s&rsquo;efforcent de convaincre les partisans de Kadhafi de livrer le poste-fronti\u00e8re mais il semble qu&rsquo;ils aient peur et qu&rsquo;ils veuillent obtenir la garantie qu&rsquo;ils pourront se rendre en Tunisie\u00a0\u00bb, a d\u00e9clar\u00e9 un responsable tunisien.<\/font><\/div>\n<div><font face=\"Arial\" size=\"2\">Les insurg\u00e9s libyens esp\u00e8rent contr\u00f4ler ce poste-fronti\u00e8re car il leur permettrait d&rsquo;acheminer des vivres, de l&rsquo;eau et d&rsquo;autres produits de premi\u00e8re n\u00e9cessit\u00e9 \u00e0 partir de la Tunisie.<\/font><\/div>\n<div><font face=\"Arial\" size=\"2\">Tarek Amara, Eric Faye pour le service fran\u00e7ais<\/font><\/div>\n<div><font face=\"Arial\" size=\"2\">Par Reuters <\/font><\/div>\n<div dir=\"ltr\">\n<hr\/>\n<\/div>\n<div align=\"center\" dir=\"ltr\">\n<h2 style=\"color: red;\"><font face=\"Arial\"><strong>100 affaires de corruption li\u00e9es \u00e0 Ben Ali<\/strong><\/font><\/h2>\n<\/div>\n<div align=\"center\" dir=\"ltr\">\n<hr\/>\n<\/div>\n<div align=\"justify\" dir=\"ltr\">\u00a0<\/div>\n<div align=\"justify\" dir=\"ltr\"><font face=\"Arial\" size=\"2\">Tunis indique vendredi que 200 affaires de corruption, dont une centaine concerne directement l&rsquo;ex-pr\u00e9sident tunisien Ben Ali et son clan, seront soumises au parquet pour enqu\u00eate.<\/font><\/div>\n<div align=\"justify\" dir=\"ltr\"><font face=\"Arial\" size=\"2\">Deux cents affaires de fraude et de malversation dont la moiti\u00e9 concerne l\u2019ex-pr\u00e9sident tunisien Zine El Abidine Ben Ali et sa famille, ont \u00e9t\u00e9 soumises au parquet par la commission anti-corruption, a indiqu\u00e9 vendredi \u00e0 Tunis son pr\u00e9sident Abdelfattah Amor.<\/font><\/div>\n<div align=\"justify\" dir=\"ltr\">\u00a0<\/div>\n<div align=\"justify\" dir=\"ltr\"><font face=\"Arial\" size=\"2\">\u00ab\u00a0Nous avons re\u00e7u jusqu\u2019\u00e0 maintenant 9.242 dossiers portant sur la corruption et les malversations. Sur les 3.980 dossiers examin\u00e9s, 200 ont \u00e9t\u00e9 transf\u00e9r\u00e9s \u00e0 diff\u00e9rents procureurs de la R\u00e9publique\u00a0\u00bb a d\u00e9clar\u00e9 lors d\u2019une conf\u00e9rence de presse \u00e0 Tunis, M. Amor qui pr\u00e9side la commission tunisienne d\u2019investigation sur les affaires de corruption et de malversation (CICM).<\/font><\/div>\n<div align=\"justify\" dir=\"ltr\">\u00a0<\/div>\n<div align=\"justify\" dir=\"ltr\"><font face=\"Arial\" size=\"2\">\u00ab\u00a0Pr\u00e8s de 50% des plaintes concernent le pr\u00e9sident d\u00e9chu, des membres de sa famille, son \u00e9pouse Le\u00efla Trabelsi, ainsi que leurs proches\u00a0\u00bb, a-t-il pr\u00e9cis\u00e9. D\u2019anciens hauts responsables de l\u2019Etat, des cadres du Rassemblement Constitutionnel D\u00e9mocratique (RCD, le parti dissous de l\u2019ex-pr\u00e9sident Ben Ali), des juristes et des hommes d\u2019affaires figurent parmi les personnes vis\u00e9es.<\/font><\/div>\n<div align=\"justify\" dir=\"ltr\">\u00a0<\/div>\n<div align=\"justify\" dir=\"ltr\"><font face=\"Arial\" size=\"2\">La plupart des plaintes portent sur des fraudes immobili\u00e8res, douani\u00e8res et financi\u00e8res. Elles ont \u00e9t\u00e9 d\u00e9pos\u00e9es dans plusieurs r\u00e9gions du pays.<\/font><\/div>\n<div align=\"justify\" dir=\"ltr\">\u00a0<\/div>\n<div align=\"justify\" dir=\"ltr\"><font face=\"Arial\" size=\"2\">L\u2019ex-pr\u00e9sident tunisien, Zine El Abidine Ben Ali et ses proches ont d\u00e9j\u00e0 \u00e9t\u00e9 condamn\u00e9s par la justice tunisienne suite \u00e0 des plaintes de particuliers.<\/font><\/div>\n<div align=\"justify\" dir=\"ltr\">\u00a0<\/div>\n<div align=\"justify\" dir=\"ltr\"><font face=\"Arial\" size=\"2\">R\u00e9fugi\u00e9 en Arabie Saoudite depuis le 14 janvier, Ben Ali a d\u00e9j\u00e0 \u00e9t\u00e9 condamn\u00e9 par contumace \u00e0 plus de 66 ans de prison dans trois proc\u00e8s. \u00a0<\/font><\/div>\n<div align=\"justify\" dir=\"ltr\"><font face=\"Arial\" size=\"2\"><strong>Source: \u00ab\u00a0Le Matin\u00a0\u00bb (Quotidien \u2013 Suisse) Le 26-08-2011<\/strong><\/font><\/div>\n<div align=\"justify\" dir=\"ltr\"><font face=\"Arial\" size=\"2\"><strong>Lien:<a href=\"http:\/\/www.lematin.ch\/actu\/monde\/tunisie-le-parquet-traitera-100-affaires-de-corruption-liees-ben-ali\" target=\"_blank\" rel=\"noopener\">http:\/\/www.lematin.ch\/actu\/monde\/tunisie-le-parquet-traitera-100-affaires-de-corruption-liees-ben-ali<\/a><\/strong><\/font><\/div>\n<div dir=\"ltr\">\n<hr\/>\n<\/div>\n<div align=\"center\" dir=\"ltr\">\n<h2 style=\"color: red;\"><font face=\"Arial\"><strong>Tunisie : Ben Ali aurait une fille de 34 ans au Maroc<\/strong><\/font><\/h2>\n<\/div>\n<div align=\"center\" dir=\"ltr\">\n<hr\/>\n<\/div>\n<div align=\"justify\" dir=\"ltr\">\u00a0<\/div>\n<div align=\"justify\" dir=\"ltr\"><font face=\"Arial\" size=\"2\">Le pr\u00e9sident d\u00e9chu Zine El Abidine Ben Ali aurait une fille ill\u00e9gitime, \u00e2g\u00e9e de 34 ans, au Maroc, a indiqu\u00e9 l\u2019hebdomadaire tunisien \u00ab Haqaeq \u00bb. Il l\u2019aurait eu lors de son passage \u00e0 Rabat entre 1974 \u00e0 1977, o\u00f9 il \u00e9tait attach\u00e9 militaire. <\/font><\/div>\n<div align=\"justify\" dir=\"ltr\">\u00a0<\/div>\n<div align=\"justify\" dir=\"ltr\"><font face=\"Arial\" size=\"2\">La m\u00eame source a indiqu\u00e9 que la m\u00e8re de cette fille serait une marocaine dont Ben Ali aurait achet\u00e9 le silence moyennant une compensation financi\u00e8re importante.<\/font><\/div>\n<div align=\"justify\" dir=\"ltr\"><font face=\"Arial\" size=\"2\">II l\u2019aurait somm\u00e9 de r\u00e9gler ses affaires le plus rapidement par l\u2019interm\u00e9diaire de l\u2019ambassadeur de Tunisie de l\u2019\u00e9poque. Ce dernier aurait \u00e9t\u00e9 convoqu\u00e9 par le Roi Hassan II, l\u2019appelant \u00e0 ce que Ben Ali \u00ab trouve une solution au probl\u00e8me qu\u2019il a laiss\u00e9 au Maroc \u00bb.<\/font><\/div>\n<div align=\"justify\" dir=\"ltr\">\u00a0<\/div>\n<div align=\"justify\" dir=\"ltr\"><font face=\"Arial\" size=\"2\"><strong>Source: \u00ab\u00a0Investir en Tunisie\u00a0\u00bb Le 26-08-2011<\/strong><\/font><\/div>\n<div align=\"justify\" dir=\"ltr\"><font face=\"Arial\" size=\"2\"><strong>Lien:<a href=\"http:\/\/www.investir-en-tunisie.net\/index.php?option=com_content&amp;view=article&amp;id=11200\" target=\"_blank\" rel=\"noopener\">http:\/\/www.investir-en-tunisie.net\/index.php?option=com_content&amp;view=article&amp;id=11200<\/a><\/strong><\/font><\/div>\n<div dir=\"ltr\">\u00a0<\/div>\n<div dir=\"ltr\">\n<hr\/>\n<\/div>\n<div align=\"center\"><font face=\"Arial\" size=\"2\"><strong><\/p>\n<h2 style=\"color: red;\"><font size=\"3\">Tunisie : Feuilleton judiciaire de la TV\u2026..suite<\/font><\/h2>\n<p><\/strong><\/font><\/div>\n<div align=\"center\">\n<hr\/>\n<\/div>\n<div align=\"justify\">\u00a0<\/div>\n<div align=\"justify\">\u00a0<\/div>\n<div align=\"justify\"><font face=\"Arial\" size=\"2\">Le feuilleton judicaire de la cha\u00eene de la t\u00e9l\u00e9vision publique tunisienne continue de d\u00e9ployer ses \u00e9pisodes avec l\u2019audition, jeudi, de l\u2019ex-pr\u00e9sident de l\u2019ERTT, Moncef Gouja et l\u2019animateur, Afif Frigui, par le juge d\u2019instruction du 8\u00e8me bureau au tribunal de premi\u00e8re instance de Tunis. Cet interrogatoire entre dans le cadre des investigations engag\u00e9es suite \u00e0 la plainte d\u00e9pos\u00e9e par le syndicat de la t\u00e9l\u00e9vision tunisienne pour corruption et pr\u00e9varication financi\u00e8re. <\/font><\/div>\n<div align=\"justify\"><font face=\"Arial\" size=\"2\">Apr\u00e8s les avoir entendus, le magistrat instructeur les a d\u00e9f\u00e9r\u00e9s aux services de la police technique aux fins de l\u2019\u00e9tablissement de la fiche anthropom\u00e9trique. Il les a laiss\u00e9s en libert\u00e9 dans l\u2019attente de la poursuite des investigations, ult\u00e9rieurement, lesquelles concernent au total 27 personnes comprenant des journalistes, r\u00e9alisateurs, d\u2019anciens responsables ainsi que des proches du pr\u00e9sident d\u00e9chu. <\/font><\/div>\n<div align=\"justify\">\u00a0<\/div>\n<div align=\"justify\"><font face=\"Arial\" size=\"2\"><strong>Source: \u00ab\u00a0African Manager\u00a0\u00bb Le 26-08-2011<\/strong><\/font><\/div>\n<div align=\"justify\"><font face=\"Arial\" size=\"2\"><strong><font>Lien: <\/font><\/strong><a href=\"http:\/\/www.africanmanager.com\/articles\/135196.html\" target=\"_blank\" rel=\"noopener\"><strong><font>http:\/\/www.africanmanager.com\/articles\/135196.html<\/font><\/strong><\/a><\/font><\/div>\n<hr\/>\n<div align=\"center\">\n<h2 style=\"color: red;\"><font face=\"Arial\" size=\"2\"><strong>Accident de la circulation \u00e0 K\u00e9bili<\/strong><\/font><\/h2>\n<\/div>\n<div align=\"center\">\n<h3 style=\"color: blue;\"><font face=\"Arial\" size=\"2\"><strong>Un mort et 11 bless\u00e9s<\/strong><\/font><\/h3>\n<\/div>\n<div align=\"center\">\n<hr\/>\n<\/div>\n<div><font face=\"Arial\" size=\"2\">Une femme est morte et 11 personnes ont \u00e9t\u00e9 bless\u00e9es lors d&rsquo;un accident de la circulation survenu hier, \u00e0 11h30 du matin, au niveau de Oued Elghar entre K\u00e9bili et Douz.<\/font><\/div>\n<div><font face=\"Arial\" size=\"2\">Parmi les bless\u00e9s, deux personnes (la s\u0153ur et la fille de la victime) se trouvent dans un \u00e9tat grave.<\/font><\/div>\n<div><font face=\"Arial\" size=\"2\">Selon les t\u00e9moins, l&rsquo;accident est survenu lorsque la conductrice d&rsquo;une voiture priv\u00e9e (206 Peugeot) a tent\u00e9 de d\u00e9passer un louage et un motocycle et s&rsquo;est retrouv\u00e9e dans une situation difficile.<\/font><\/div>\n<div><font face=\"Arial\" size=\"2\">A K\u00e9bili, une source m\u00e9dicale a d\u00e9clar\u00e9 au correspondant de la TAP que les deux jeunes femmes (proches de la victime) vont \u00eatre transport\u00e9es \u00e0 l&rsquo;h\u00f4pital r\u00e9gionale de Sfax, pr\u00e9cisant que les blessures des neuf passagers du louage sont de degr\u00e9s diff\u00e9rents.<\/font><\/div>\n<div><font face=\"Arial\" size=\"2\"><strong>Source: http:\/\/www.lapresse.tn\/26082011\/35656\/un-mort-et-11-blesses.html<\/strong><\/font><\/div>\n<hr\/>\n<div align=\"center\">\n<h3 style=\"color: blue;\"><font face=\"Arial\"><strong>L\u2019\u00e9conomie tunisienne se rel\u00e8ve malgr\u00e9 tout<\/strong><\/font><\/h3>\n<\/div>\n<div align=\"center\">\n<hr\/>\n<\/div>\n<div align=\"justify\">\u00a0<\/div>\n<div align=\"justify\"><font face=\"Arial\" size=\"2\">M. Abdelhamid Triki, ministre de la Planification et de la Coop\u00e9ration internationale, a donn\u00e9 hier au si\u00e8ge du minist\u00e8re \u00e0 Tunis une conf\u00e9rence de presse qu&rsquo;il a consacr\u00e9e \u00e0 la pr\u00e9sentation des principaux indicateurs de la situation \u00e9conomique au cours des sept premiers mois de l&rsquo;ann\u00e9e 2011 et des perspectives de la p\u00e9riode future.<\/font><\/div>\n<div align=\"justify\"><font face=\"Arial\" size=\"2\">Il a, \u00e0 cet effet, not\u00e9 que durant les sept premiers mois de l&rsquo;ann\u00e9e 2011, la croissance \u00e9conomique a connu un ralentissement palpable d\u00fb, notamment, \u00e0 une situation s\u00e9curitaire incertaine, aux gr\u00e8ves et aux sit-in qui se sont multipli\u00e9s au cours de cette p\u00e9riode. Tous ces facteurs auront, ainsi, g\u00e9n\u00e9r\u00e9 une chute de la production dans plusieurs secteurs et principalement dans ceux du p\u00e9trole (-14,4%), du phosphate et d\u00e9riv\u00e9s (-54%) et du ciment (-6,4%).<\/font><\/div>\n<div align=\"justify\"><font face=\"Arial\" size=\"2\">Le tourisme, un secteur fortement secou\u00e9 par les effets de la r\u00e9volution a, toutefois, connu une \u00e9volution de son activit\u00e9 au cours du mois de juillet. Le recul enregistr\u00e9 au niveau du nombre des nuit\u00e9es pour les sept premiers mois de l&rsquo;ann\u00e9e 2011 se situe en effet aux alentours de -47% contre -53% durant les six premiers mois de l&rsquo;ann\u00e9e. <\/font><\/div>\n<div align=\"justify\"><font face=\"Arial\" size=\"2\">Par ailleurs, souligne encore le ministre, certains secteurs ont enregistr\u00e9 une hausse de leur production, il s&rsquo;agit notamment des industries \u00e9lectriques (1,9%) et des industries m\u00e9caniques, textile-habillement, cuir et chaussure et agroalimentaires.<\/font><\/div>\n<div align=\"justify\"><font face=\"Arial\" size=\"2\">La production c\u00e9r\u00e9ali\u00e8re a, elle aussi, enregistr\u00e9 une hausse tangible et a atteint les 23 millions de quintaux.<\/font><\/div>\n<div align=\"justify\"><font face=\"Arial\" size=\"2\">Le secteur des services a lui aussi connu un \u00e9volution positive de son activit\u00e9 et ce sont principalement les secteurs de la t\u00e9l\u00e9communication et du commerce qui ont enregistr\u00e9 une nette \u00e9volution.<\/font><\/div>\n<div align=\"justify\"><font face=\"Arial\" size=\"2\">Ainsi, rel\u00e8ve encore M.Triki, la baisse du PIB se situe au niveau de -1,6% au cours du deuxi\u00e8me trimestre contre -3,3% durant le premier trimestre, soit une diminution de -2,3% au cours du premier semestre 2011.<\/font><\/div>\n<div align=\"justify\"><font face=\"Arial\" size=\"2\">Tous ces indicateurs laissent pr\u00e9voir une am\u00e9lioration de la situation \u00e9conomique et confirment, note encore M. Triki, que l&rsquo;\u00e9conomie nationale saura d\u00e9passer la phase critique et serait en train de sortir de sa l\u00e9thargie. Il a relev\u00e9, par ailleurs, que la croissance du PB reste tributaire de la reprise de l&rsquo;activit\u00e9 dans les secteurs du p\u00e9trole, du phosphate et du ciment, ajoutant que la r\u00e9alisation d&rsquo;une croissance positive situ\u00e9e entre 0,2% et 1% demeure possible. <\/font><\/div>\n<div align=\"justify\"><font face=\"Arial\" size=\"2\">Evoquant l&rsquo;activit\u00e9 commerciale, le ministre a pr\u00e9cis\u00e9 que les exportations ont enregistr\u00e9 au cours des sept premiers mois de l&rsquo;ann\u00e9e 2011 une \u00e9volution de 10,2% contre 20,1 % au cours de la m\u00eame p\u00e9riode de l&rsquo;ann\u00e9e 2010, les industries alimentaires ont enregistr\u00e9, elles, une hausse de leurs exportations de l&rsquo;ordre de 35,3% contre une baisse de 8,3% en 2010 et les exportations de produits manufactur\u00e9s ont augment\u00e9 de 13,3%.<\/font><\/div>\n<div align=\"justify\"><font face=\"Arial\" size=\"2\">Les importations se sont content\u00e9es d&rsquo;une hausse de 3,2% contre 31,3% au cours de la m\u00eame p\u00e9riode de l&rsquo;ann\u00e9e 2010. Une baisse principalement due \u00e0 la baisse des importations des produits d&rsquo;\u00e9quipement de l&rsquo;ordre de -10,8%.<\/font><\/div>\n<div align=\"justify\"><font face=\"Arial\" size=\"2\">D&rsquo;un autre c\u00f4t\u00e9, l&rsquo;indice des prix \u00e0 la consommation des m\u00e9nages a augment\u00e9 au cours des sept premiers mois de 3,2%contre une hausse de 4,8% au cours de la m\u00eame ann\u00e9e. Le conf\u00e9rencier attire, en outre, l&rsquo;attention sur les perturbations enregistr\u00e9s durant les derniers mois au niveau de l&rsquo;offre de certains produits tels le sucre, l&rsquo;eau min\u00e9rale et les l\u00e9gumes \u00e0 cause notamment de l&rsquo;importance des exportations vers la Libye. <\/font><\/div>\n<div align=\"justify\"><font face=\"Arial\" size=\"2\">Il note, par ailleurs, qu&rsquo;en vue de prot\u00e9ger le pouvoir d&rsquo;achat du consommateur, le budget consacr\u00e9 \u00e0 la compensation a \u00e9t\u00e9 revu \u00e0 la hausse, pr\u00e9cisant qu&rsquo;au cours de l&rsquo;ann\u00e9e 2011, les d\u00e9penses li\u00e9es \u00e0 la compensation ont atteint les 3.3 milliards de dinars. <\/font><\/div>\n<div align=\"justify\"><font face=\"Arial\" size=\"2\">M. Triki a, \u00e9galement, annonc\u00e9, en marge de la conf\u00e9rence, que les investissements ont enregistr\u00e9 un recul en termes de volume , fait qu&rsquo;on peut \u00e9tablir gr\u00e2ce \u00e0 un ensemble de constats et notamment la diminution des importations des produits d&rsquo;\u00e9quipement, le ralentissement au niveau de la r\u00e9alisation des projets financ\u00e9s par le budget de l&rsquo;Etat.<\/font><\/div>\n<div align=\"justify\"><font face=\"Arial\" size=\"2\">Les IDE ont connu au cours des sept premiers mois de l&rsquo;ann\u00e9e une baisse de 17,3% , leur volume est, en effet, pass\u00e9 de 992,5 millions de dinars durant les sept premiers mois de l&rsquo;ann\u00e9e 2010 \u00e0 820,8 millions de dinars au cours de l&rsquo;ann\u00e9e 2011.<\/font><\/div>\n<div align=\"justify\"><font face=\"Arial\" size=\"2\">Il est, toutefois, important de noter que les sept premiers mois de l&rsquo;ann\u00e9e 20110 ont connu l&rsquo;entr\u00e9e en phase de production de 98 nouvelles entreprises \u00e0 participation \u00e9trang\u00e8re et la r\u00e9alisation de 136 op\u00e9rations d&rsquo;extension et la cr\u00e9ation 6.720 nouveaux emplois. Par ailleurs, 78 entreprises \u00e9trang\u00e8res ont suspendu leurs activit\u00e9s, ce qui a g\u00e9n\u00e9r\u00e9 la perte de 5.900 postes d&#8217;emploi. Ces d\u00e9cisions de d\u00e9part et de suspension d&rsquo;activit\u00e9 sont, principalement, provoqu\u00e9es par les demandes parfois excessives des ouvriers, les gr\u00e8ves et les sit-in \u00e0 r\u00e9p\u00e9tition et la d\u00e9gradation des services administratifs offerts notamment dans les r\u00e9gions int\u00e9rieures.<\/font><\/div>\n<div align=\"justify\"><font face=\"Arial\" size=\"2\">Cependant, certains indicateurs positifs sont palpables et confirment la bonne sant\u00e9 du climat des affaires en Tunisie. En effet, les intentions d&rsquo;investissement dans le secteur manufacturier ont augment\u00e9 de 22,2% alors qu&rsquo;elles ont baiss\u00e9 de 8,3% au cours de la m\u00eame p\u00e9riode de l&rsquo;ann\u00e9e 2010. Les investissements relatifs aux programmes de mise \u00e0 niveau ont \u00e9galement augment\u00e9 , les investissements approuv\u00e9s dans ce cadre ont atteint les 412,5 millions de dinars au cours du premier semestre 2011 contre 276 millions de dinars au cours du premier semestre 2010. Tous ces indicateurs montrent le regain de confiance des investisseurs \u00e9trangers dans le site Tunisie.<\/font><\/div>\n<div align=\"justify\"><font face=\"Arial\" size=\"2\">Pour ce qui des perspectives futures de l&rsquo;ann\u00e9e , le ministre note qu&rsquo;en vue de limiter les effets n\u00e9gatifs et de r\u00e9pondre au mieux aux aspirations des citoyens, le gouvernement de transition a mis en place un programme \u00e9conomique et social complet qui vise \u00e0 dynamise l&rsquo;activit\u00e9 \u00e9conomique et \u00e0 traiter les facteurs qui ont g\u00e9n\u00e9r\u00e9 une d\u00e9t\u00e9rioration de la situation. C&rsquo;est \u00e0 ce propos qu&rsquo;on peut citer la mobilisation de ressources \u00e9trang\u00e8res dont le montant s&rsquo;\u00e9l\u00e8ve \u00e0 1.850 MD dont 1.600 MD ont \u00e9t\u00e9 retir\u00e9s pour r\u00e9pondre aux besoins les plus urgents. <\/font><\/div>\n<div align=\"justify\"><font face=\"Arial\" size=\"2\">M. Triki rel\u00e8ve, enfin, qu&rsquo;on s&rsquo;attend \u00e0 ce que l&rsquo;ann\u00e9e 2011 se termine avec un d\u00e9ficit des paiements ext\u00e9rieurs qui s&rsquo;\u00e9l\u00e8vera \u00e0 5,7% et un d\u00e9ficit du budget de l&rsquo;Etat qui se situera aux alentours de 5,1%, ce qui g\u00e9n\u00e8rera une augmentation des besoins en termes de financements \u00e9trangers de l&rsquo;ordre de 3.500MD. En prenant en compte les 1.850 MD mobilis\u00e9s et les 300MD provenant de financements divers ( pr\u00eats, dons), le d\u00e9ficit final se situera aux alentours de 1.350 MD.<\/font><\/div>\n<div align=\"justify\"><font face=\"Arial\" size=\"2\">Les investissements directs \u00e9trangers (IDE) seront de l&rsquo;ordre de 2.000 MD. Toutes ces perspectives, note enfin M.Triki, demeurent tributaires de la stabilisation de la situation s\u00e9curitaire et de la c\u00e9l\u00e9rit\u00e9 du traitement des dossiers des promoteurs par les services concern\u00e9s. <\/font><\/div>\n<div align=\"justify\">\u00a0<\/div>\n<div align=\"justify\"><font face=\"Arial\" size=\"2\"><strong>Source: \u00ab\u00a0La Presse\u00a0\u00bb (Quotidien \u2013 Tunisie) Le 26-08-2011<\/strong><\/font><\/div>\n<div align=\"justify\"><font face=\"Arial\" size=\"2\"><strong>Lien: http:\/\/www.lapresse.tn\/26082011\/35666\/leconomie-tunisienne-se-releve-malgre-tout.html<\/strong><\/font><\/div>\n<hr\/>\n<div>\n<div align=\"center\">\n<h3 style=\"color: blue;\"><font face=\"Arial\"><strong>Meeting du parti Ettakatol Social-d\u00e9mocratie \u00e0 la tunisienne<\/strong><\/font><\/h3>\n<\/div>\n<div align=\"center\">\n<h3 style=\"color: blue;\"><font face=\"Arial\"><strong>\u2022 Refus du \u00absocialisme de mis\u00e8re\u00bb. Plut\u00f4t une \u00abjustice dans la r\u00e9partition des richesses\u00bb<\/strong><\/font><\/h3>\n<\/div>\n<div align=\"center\">\n<hr\/>\n<\/div>\n<div align=\"justify\"><font face=\"Arial\" size=\"2\">Le Forum D\u00e9mocratique pour le Travail et les Libert\u00e9s, plus connu sous le nom Ettakatol, vit une mutation d\u00e9licate en passant du statut d\u2019un parti de contestations \u00e0 un parti de propositions. En t\u00e9moigne le nombre de plus en plus grand de ses adh\u00e9rents depuis qu\u2019il a annonc\u00e9 son programme en 100 propositions. On parle de 20 mille adh\u00e9rents.<\/font><\/div>\n<div align=\"justify\">\u00a0<\/div>\n<div align=\"justify\">\u00a0<\/div>\n<div align=\"justify\"><font face=\"Arial\" size=\"2\">Dans le cadre de sa nouvelle dynamique, la f\u00e9d\u00e9ration de Tunis, dirig\u00e9e par Mme Sihem Messadi, cadre sup\u00e9rieure et syndicaliste fid\u00e8le \u00e0 l\u2019UGTT, a organis\u00e9, mercredi dernier un grand meeting \u00e0 l\u2019h\u00f4tel El Mechtel. Une soir\u00e9e ramadanesque consacr\u00e9e \u00e0 la pr\u00e9sentation du programme du parti, dans ses volets politiques, \u00e9conomiques et sociaux. Mustapha Ben Ja\u00e2far, n\u2019\u00e9tait pas l\u00e0, mais les membres du bureau politique pr\u00e9sents et les diff\u00e9rents orateurs qui se sont relay\u00e9, n\u2019ont pas manqu\u00e9 de donner des \u00e9clairages utiles. C\u2019est qu\u2019on ne pratique pas le culte de la personnalit\u00e9 \u00e0 Ettakatol. <\/font><\/div>\n<div align=\"justify\">\u00a0<\/div>\n<div align=\"justify\"><font face=\"Arial\" size=\"2\">Kh\u00e9lil Ezzaouia a ouvert le bal, devant une assistance fort nombreuse, en rappelant l\u2019intention du parti d\u2019assurer un changement qualitatif dans l\u2019action politique dans le pays en proposant un programme clair plut\u00f4t que des objectifs et des promesses qui ne tiennent pas la route. \u00ab Le programme d\u2019Ettakatol est devenu un point de r\u00e9f\u00e9rence pour les partis politiques. C\u2019est la premi\u00e8re fois en Tunisie que des partis politiques vont rentrer en comp\u00e9tition sur la base de programmes \u00bb, dira-t-il.<\/font><\/div>\n<div align=\"justify\">\u00a0<\/div>\n<div align=\"justify\"><font face=\"Arial\" size=\"2\">Le peuple s\u2019est r\u00e9volt\u00e9 pour changer le syst\u00e8me politique. C\u2019est pourquoi Ettakatol, milite \u00ab pour une deuxi\u00e8me R\u00e9publique fond\u00e9e sur une nouvelle Constitution qui conserve les acquis et rompt avec la dictature \u00bb. Le plus important des acquis est le Code de Statut Personnel (CSP). Un d\u00e9nominateur commun \u00e0 tous les Tunisiens : la Tunisie est un Etat libre ind\u00e9pendant et souverain, sa religion est l\u2019islam, sa langue l\u2019arabe et son r\u00e9gime la R\u00e9publique. L\u2019Etat prot\u00e8ge ce d\u00e9nominateur commun. Il faut \u00e9loigner les mosqu\u00e9es du discours politique. L\u2019Etat doit garantir la libert\u00e9 du culte. Concernant la revendication de l\u2019\u00e9galit\u00e9 dans l\u2019h\u00e9ritage entre la fille et le gar\u00e7on, Ezzaouia affirme que \u00ab sans toucher au texte sacr\u00e9, il faut encourager la soci\u00e9t\u00e9 \u00e0 aller volontairement sur cette voie. Les femmes tunisiennes sont une source de fiert\u00e9 pour notre pays. \u00bb<\/font><\/div>\n<div align=\"justify\">\u00a0<\/div>\n<div align=\"justify\"><font face=\"Arial\" size=\"2\">Le syst\u00e8me politique doit se baser sur la s\u00e9paration des trois pouvoirs avec des pr\u00e9rogatives claires pour chacun. Concernant le pouvoir judiciaire, il faut l\u2019assainir pour aboutir \u00e0 une justice ind\u00e9pendante et \u00e9quitable. Une justice transitionnelle doit \u00eatre mise en place.<\/font><\/div>\n<div align=\"justify\">\u00a0<\/div>\n<div align=\"justify\"><font face=\"Arial\" size=\"2\">Quant au pouvoir ex\u00e9cutif, une pr\u00e9f\u00e9rence est acquise pour un r\u00e9gime pr\u00e9sidentiel am\u00e9nag\u00e9.<\/font><\/div>\n<div align=\"justify\">\u00a0<\/div>\n<div align=\"justify\"><font face=\"Arial\" size=\"2\">Le pr\u00e9sident doit \u00eatre \u00e9lu au suffrage universel avec des attributs clairs qu\u2019il ne peut d\u00e9passer. Le Parlement doit pouvoir engager une proc\u00e9dure d\u2019emp\u00eachement contre le pr\u00e9sident. Ce dernier nomme le premier ministre \u00e0 partir de la majorit\u00e9 parlementaire. Le Parlement partage avec le gouvernement l\u2019initiative des lois.<\/font><\/div>\n<div align=\"justify\">\u00a0<\/div>\n<div align=\"justify\"><font face=\"Arial\" size=\"2\">Le contr\u00f4le des pouvoirs doit \u00eatre \u00e9tabli. La Cour des comptes doit \u00eatre ind\u00e9pendante, pr\u00e9sente dans les r\u00e9gions, contr\u00f4le les d\u00e9penses de l\u2019Etat et des partis politiques. Ses rapports doivent \u00eatre diffus\u00e9s au grand public.<\/font><\/div>\n<div align=\"justify\">\u00a0<\/div>\n<div align=\"justify\"><font face=\"Arial\" size=\"2\">Le Conseil sup\u00e9rieur de la magistrature doit \u00eatre \u00e9lu.<\/font><\/div>\n<div align=\"justify\">\u00a0<\/div>\n<div align=\"justify\"><font face=\"Arial\" size=\"2\">Il faut cr\u00e9er une Cour Constitutionnelle pour contr\u00f4ler la constitutionnalit\u00e9 des lois et garantir le respect des droits constitutionnels par les diff\u00e9rents pouvoirs. Les citoyens doivent pouvoir saisir la Cour Constitutionnelle. Les Droits de l\u2019Homme doivent \u00eatre inscrits dans la Constitution avec impossibilit\u00e9 de les abroger sans retour aux citoyens.<\/font><\/div>\n<div align=\"justify\">\u00a0<\/div>\n<div align=\"justify\"><font face=\"Arial\" size=\"2\">Il faut encourager la d\u00e9concentration et la d\u00e9centralisation. Il faut cr\u00e9er des conseils de districts dont les membres sont \u00e9lus, jouissant d\u2019une autonomie administrative et financi\u00e8re financ\u00e9s \u00e0 travers le budget de l\u2019Etat et la fiscalit\u00e9 locale. Il faut revoir la qualification et l\u2019organisation des corps de s\u00e9curit\u00e9 int\u00e9rieure pour garantir leur neutralit\u00e9 et instaurer la confiance avec les citoyens. Tout en renfor\u00e7ant le r\u00f4le de l\u2019arm\u00e9e comme pilier r\u00e9publicain de la d\u00e9fense de la Nation.<\/font><\/div>\n<div align=\"justify\">\u00a0<\/div>\n<div align=\"justify\"><font face=\"Arial\" size=\"2\">En mati\u00e8re de politique \u00e9trang\u00e8re Ettakatol, revendique une politique volontariste coh\u00e9rente avec les aspirations de notre peuple et son appartenance civilisationnelle. Le partenariat euro-europ\u00e9en doit \u00eatre \u00e9quilibr\u00e9.<\/font><\/div>\n<div align=\"justify\">\u00a0<\/div>\n<div align=\"justify\"><font face=\"Arial\" size=\"2\">Les grandes lignes du programme \u00e9conomique \u00e9labor\u00e9 par 40 experts durant quatre mois, ont \u00e9t\u00e9 expos\u00e9es par Mme Lobna Jeribi. Le programme d\u00e9taill\u00e9 sera pr\u00eat, nous dit-on, fin septembre. Mme Jeribi est partie d\u2019un triple constats :la fragilit\u00e9 de l\u2019\u00e9conomie, les disparit\u00e9s r\u00e9gionales et l\u2019\u00e9chec du syst\u00e8me \u00e9ducatif. <\/font><\/div>\n<div align=\"justify\">\u00a0<\/div>\n<div align=\"justify\"><font face=\"Arial\" size=\"2\">Ainsi, notre \u00e9conomie g\u00e9n\u00e8re chaque ann\u00e9e 60 mille \u00e0 80 mille ch\u00f4meurs, des salaires bas. Seuls 15% des postes de travail sont consacr\u00e9s aux dipl\u00f4m\u00e9s. Ainsi, nos jeunes se sont-ils engag\u00e9s dans la d\u00e9brouillardise. Le secteur informel cr\u00e9e 40% des emplois. La corruption s\u2019est propag\u00e9e dans tous les secteurs. Les disparit\u00e9s entre les r\u00e9gions se sont creus\u00e9es. La crise du secteur agricole a aggrav\u00e9 le foss\u00e9 entre les r\u00e9gions. L\u2019\u00e2ge moyen de l\u2019agriculteur d\u00e9passe les 50 ans. L\u2019\u00e9chec du syst\u00e8me \u00e9ducatif est manifeste. Pour preuve le mauvais classement de la Tunisie \u00e0 l\u2019\u00e9chelle internationale et le fait qu\u2019une soci\u00e9t\u00e9 sur deux ne trouve pas les comp\u00e9tences dont elle a besoin. La proportion des enfants qui quittent l\u2019\u00e9cole entre 9 et 12 ans est inqui\u00e9tante. Le syst\u00e8me \u00e9ducatif g\u00e9n\u00e9ral accapare 90% des \u00e9l\u00e8ves. Seuls 10% sont r\u00e9serv\u00e9s au syst\u00e8me professionnel et technologique alors que dans les pays d\u00e9velopp\u00e9s, cette proportion est de 80%. Pour les solutions pr\u00e9conis\u00e9es Mme Jeribi parle du r\u00f4le de l\u2019Etat. \u00ab Nous redonnerons \u00e0 l\u2019Etat son r\u00f4le r\u00e9gulateur garantissant la coh\u00e9sion sociale et la croissance durable \u00bb.<\/font><\/div>\n<div align=\"justify\">\u00a0<\/div>\n<div align=\"justify\"><font face=\"Arial\" size=\"2\">Une v\u00e9ritable r\u00e9volution doit \u00eatre entreprise dans le syst\u00e8me \u00e9ducatif.<\/font><\/div>\n<div align=\"justify\">\u00a0<\/div>\n<div align=\"justify\"><font face=\"Arial\" size=\"2\">L\u2019investissement et l\u2019entreprenariat seront stimul\u00e9s dans le cadre d\u2019un nouveau mod\u00e8le de d\u00e9veloppement.<\/font><\/div>\n<div align=\"justify\">\u00a0<\/div>\n<div align=\"justify\"><font face=\"Arial\" size=\"2\">Pour stimuler le d\u00e9veloppement r\u00e9gional un d\u00e9coupage horizontal du territoire en cinq grandes r\u00e9gions sera effectu\u00e9. Chaque r\u00e9gion ira des r\u00e9gions c\u00f4ti\u00e8res aux fronti\u00e8res alg\u00e9riennes. Elles auront des tailles et populations voisines tout en incluant les diff\u00e9rentes activit\u00e9s : services, tourisme, agriculture et industrie. <\/font><\/div>\n<div align=\"justify\">\u00a0<\/div>\n<div align=\"justify\"><font face=\"Arial\" size=\"2\">Jawhar Moufid en \u00e9voquant le programme social, exprimera son refus du \u00ab socialisme de mis\u00e8re \u00bb et son adh\u00e9sion \u00e0 \u00ab une justice dans la r\u00e9partition des richesses \u00bb. Il ajoute \u00ab pour aider plus de 1,2 million de Tunisiens \u00e0 sortir de la pr\u00e9carit\u00e9, nous lancerons un plan national assurant aux plus d\u00e9munis des programmes adapt\u00e9s de r\u00e9insertion ainsi qu\u2019un acc\u00e8s \u00e9quitable au logement, au transport et aux soins \u00bb.<\/font><\/div>\n<div align=\"justify\">\u00a0<\/div>\n<div align=\"justify\"><font face=\"Arial\" size=\"2\">Pour une soir\u00e9e ramadanesque, elle \u00e9tait bien instructive.<\/font><\/div>\n<div align=\"justify\">\u00a0<\/div>\n<div align=\"justify\"><font face=\"Arial\" size=\"2\">Fallait-il opter pour des rencontres par th\u00e8me, pour un meilleur impact sur l\u2019auditoire.<\/font><\/div>\n<div align=\"justify\">\u00a0<\/div>\n<div align=\"justify\"><font face=\"Arial\" size=\"2\">Hassine BOUAZRA<\/font><\/div>\n<div align=\"justify\">\u00a0<\/div>\n<div align=\"justify\"><font face=\"Arial\" size=\"2\"><strong>(Source: \u201cLe Temps\u201d (Quotidien \u2013 Tunisie) le 26 aout 2011)<\/strong><\/font><\/div>\n<div align=\"justify\"><font face=\"Arial\" size=\"2\"><strong>http:\/\/www.letemps.com.tn\/article-58527.html<\/strong><\/font><\/div>\n<hr\/>\n<div align=\"center\">\n<h3 style=\"color: blue;\"><font face=\"Arial\"><strong>Tunisie. O\u00f9 vont les plaintes contre les juges pr\u00e9sum\u00e9s corrompus?<\/strong><\/font><\/h3>\n<\/div>\n<div align=\"center\">\n<hr\/>\n<\/div>\n<div align=\"justify\">\u00a0<\/div>\n<div align=\"justify\">\u00a0<\/div>\n<div align=\"justify\"><font face=\"Arial\" size=\"2\">1.095 plaintes ont \u00e9t\u00e9 d\u00e9pos\u00e9es cette ann\u00e9e aupr\u00e8s de l\u2019inspection g\u00e9n\u00e9rale du minist\u00e8re de la Justice, dont 327 concernent des juges, contre 820 l\u2019ann\u00e9e \u00e9coul\u00e9e. <\/font><\/div>\n<div align=\"justify\"><font face=\"Arial\" size=\"2\">Le minist\u00e8re de la Justice a donn\u00e9 des pr\u00e9cisions concernant les dossiers de corruption dont sont accus\u00e9s des magistrats qui ont fait l\u2019objet de plaintes port\u00e9es par des justiciables.<\/font><\/div>\n<div align=\"justify\"><font face=\"Arial\" size=\"2\">L\u2019\u00e9preuve des preuves<\/font><\/div>\n<div align=\"justify\"><font face=\"Arial\" size=\"2\">Selon un communiqu\u00e9 rendu public jeudi, le minist\u00e8re de la Justice souligne, sur la base d\u2019un rapport r\u00e9dig\u00e9 par son inspecteur g\u00e9n\u00e9ral, que toutes les plaintes et dol\u00e9ances adress\u00e9es par les citoyens au minist\u00e8re pour d\u00e9noncer le comportement ou les agissements de magistrats sont examin\u00e9es par l\u2019inspection g\u00e9n\u00e9rale qui proc\u00e8de \u00e0 l\u2019audition du plaignant et du juge et \u00e0 l\u2019examen des preuves de la plainte. A la lumi\u00e8re de ces donn\u00e9es, l\u2019inspection g\u00e9n\u00e9rale \u00e9met un rapport appuy\u00e9 par des propositions concernant le sort des plaintes qui sont, le plus souvent, class\u00e9es, parce qu\u2019elles s\u2019av\u00e8rent infond\u00e9es. Quand la preuve est \u00e9tablie, le juge qui fait l\u2019objet de plainte subit les mesures disciplinaires \u00e9nonc\u00e9es dans le statut de la magistrature.<\/font><\/div>\n<div align=\"justify\"><font face=\"Arial\" size=\"2\">L\u2019inspection g\u00e9n\u00e9rale du minist\u00e8re a examin\u00e9, cette ann\u00e9e, 1.095 plaintes dont 327 concernent des juges, contre 820 l\u2019ann\u00e9e \u00e9coul\u00e9e. L\u2019enqu\u00eate a permis, cette ann\u00e9e, de faire compara\u00eetre quatre juges devant le conseil de discipline \u00abapr\u00e8s avoir prouv\u00e9 leur implication dans des actes justifiant un manquement \u00e0 leur devoir professionnel et une atteinte \u00e0 l\u2019int\u00e9grit\u00e9 de la magistrature\u00bb, pr\u00e9cise le communiqu\u00e9.<\/font><\/div>\n<div align=\"justify\"><font face=\"Arial\" size=\"2\">Rejet des plaintes anonymes <\/font><\/div>\n<div align=\"justify\"><font face=\"Arial\" size=\"2\">\u00abLa plupart des plaintes d\u00e9pos\u00e9es contre des juges sont anonymes et ne contiennent pas des faits pr\u00e9cis ni des d\u00e9tails minutieux dignes de suivi\u00bb, indique \u00e9galement le communiqu\u00e9. Pour cette raison, elles sont class\u00e9es, ajoute-t-il, \u00absurtout que la plupart parviennent au minist\u00e8re en concomitance avec la p\u00e9riode du mouvement p\u00e9riodique dans le corps des magistrats, ce qui am\u00e8ne \u00e0 envisager qu\u2019elles ont un caract\u00e8re pernicieux\u00bb. <\/font><\/div>\n<div align=\"justify\"><font face=\"Arial\" size=\"2\">Le minist\u00e8re de la Justice rappelle, par ailleurs, avoir rendu public un communiqu\u00e9 dans lequel il porte \u00e0 la connaissance des citoyens qu\u2019il \u00abne prend pas en consid\u00e9ration les plaintes anonymes et que seules les plaintes issues de personnes d\u00e9voilant leur identit\u00e9 qui font l\u2019objet de suivi\u00bb.<\/font><\/div>\n<div align=\"justify\"><font face=\"Arial\" size=\"2\">Tout en affirmant que toutes les plaintes port\u00e9es contre les juges et les rapports des enqu\u00eates y aff\u00e9rents \u00absont conserv\u00e9s dans les archives de l\u2019inspection g\u00e9n\u00e9rale, tout comme leurs r\u00e9sum\u00e9s sont r\u00e9pertori\u00e9s dans son syst\u00e8me informatique\u00bb, le minist\u00e8re de la Justice souligne que \u00abtous ces dossiers archiv\u00e9s sont \u00e0 la disposition du Conseil sup\u00e9rieur de la magistrature et du conseil de discipline des juges\u00bb.<\/font><\/div>\n<div align=\"justify\"><font face=\"Arial\" size=\"2\">Sur cette base, conclut le communiqu\u00e9, le minist\u00e8re \u00abd\u00e9ment toute pr\u00e9somption de croire omis toute plainte contre un magistrat ou couvert l\u2019enqu\u00eate y aff\u00e9rent\u00bb.<\/font><\/div>\n<div align=\"justify\">\u00a0<\/div>\n<div align=\"justify\"><font face=\"Arial\" size=\"2\"><strong>Source: \u00a0\u00bb Kapitalis\u00a0\u00bb Le 26-08-2011<\/strong><\/font><\/div>\n<div align=\"justify\"><font face=\"Arial\" size=\"2\"><strong>Lien: http:\/\/www.kapitalis.com\/fokus\/62-national\/5593-tunisie-ou-vont-les-plaintes-contre-les-juges-presumes-corrompus.html<\/strong><\/font><\/div>\n<hr\/>\n<div dir=\"ltr\">\u00a0<\/div>\n<div align=\"center\">\n<h3 style=\"color: blue;\"><font face=\"Arial\"><strong>Tunisie: en perte de vitesse, l&rsquo;UGTT s&rsquo;attaque \u00e0 la Politique<\/strong><\/font><\/h3>\n<\/div>\n<div align=\"center\">\n<hr\/>\n<\/div>\n<div align=\"justify\">\u00a0<\/div>\n<div align=\"justify\"><font face=\"Arial\" size=\"2\">Apr\u00e8s la chute du r\u00e9gime Ben Ali, des voix se sont exprim\u00e9es publiquement pour critiquer l&rsquo;Union G\u00e9n\u00e9rale Tunisienne du Travail (UGTT) et son <\/font><\/div>\n<div align=\"justify\"><font face=\"Arial\" size=\"2\">Secr\u00e9taire G\u00e9n\u00e9ral, M. Abdessalem Jrad. Le N\u00b01 de l\u2019UGTT n\u2019a pas non plus \u00e9t\u00e9 \u00e9pargn\u00e9 sur les r\u00e9seaux sociaux o\u00f9 des vid\u00e9os ont \u00e9t\u00e9 partag\u00e9s montrant M. Jrad qui chante les louanges du pr\u00e9sident d\u00e9chu ou qui applaudit les annonces de Ben Ali du 13 janvier. <\/font><\/div>\n<div align=\"justify\">\u00a0<\/div>\n<div align=\"justify\"><font face=\"Arial\" size=\"2\">Parall\u00e8lement \u00e0 cette campagne anti-UGTT et anti-Jrad, la Tunisie a connu un pluralisme, non seulement politique, mais \u00e9galement au niveau du syndicalisme ouvrier qui a vu, depuis le 14 janvier 2011, la naissance de deux nouvelles centrales. Des syndicats qui ont une grande marge de man\u0153uvre au vu du faible taux des salari\u00e9s syndiqu\u00e9s du secteur priv\u00e9 (autour de 10%).<\/font><\/div>\n<div align=\"justify\">\u00a0<\/div>\n<div align=\"justify\"><font face=\"Arial\" size=\"2\">Et pour couronner le tout, il faut rappeler que la r\u00e9pression sous Ben Ali a fait que des militants politiques se sont \u00abr\u00e9fugi\u00e9s\u00bb dans l\u2019action syndicale avec l&rsquo;UGTT pour pouvoir s&rsquo;exprimer et qu&rsquo;il n&rsquo;est pas exclut qu&rsquo;ils reviennent dans le giron de la politique en cette p\u00e9riode transitoire.<\/font><\/div>\n<div align=\"justify\">\u00a0<\/div>\n<div align=\"justify\"><font face=\"Arial\" size=\"2\">Autant de raisons qui expliquent le revirement de l&rsquo;UGTT. Un revirement qui s&rsquo;est traduit par l&rsquo;adoption \u00e0 l&rsquo;unanimit\u00e9 de La commission administrative de l&rsquo;UGTT d&rsquo;une d\u00e9claration laissant aux syndicalistes UGTT la libert\u00e9 de se pr\u00e9senter aux \u00e9lections de l&rsquo;Assembl\u00e9e Constituante sur des listes ind\u00e9pendantes ou sur des listes de partis politiques.<\/font><\/div>\n<div align=\"justify\">\u00a0<\/div>\n<div align=\"justify\"><font face=\"Arial\" size=\"2\">La d\u00e9claration de la commission administrative r\u00e9affirme l&rsquo;appel de l&rsquo;UGTT en vue d&rsquo;\u00e9laborer une nouvelle Constitution soumise \u00e0 r\u00e9f\u00e9rendum affirmant clairement l&rsquo;identit\u00e9 arabo-islamique du peuple tunisien et les droits \u00e9conomiques et sociaux des travailleurs.<\/font><\/div>\n<div align=\"justify\">\u00a0<\/div>\n<div align=\"justify\"><font face=\"Arial\" size=\"2\">La centrale syndicale revendique, \u00e9galement, un r\u00e9gime fiscal \u00e9quitable et un mod\u00e8le de d\u00e9veloppement ax\u00e9 sur la promotion des zones int\u00e9rieures et des cat\u00e9gories faibles ainsi que la r\u00e9vision du Code du Travail, du syst\u00e8me \u00e9ducatif et des r\u00e9gimes des retraites.<\/font><\/div>\n<div align=\"justify\">\u00a0<\/div>\n<div align=\"justify\"><font face=\"Arial\" size=\"2\">Mais la question qui se pose encore est la suivante: Est-ce que les Tunisiens souhaitent voir l&rsquo;UGTT jouer un r\u00f4le politique ? Seul l&rsquo;avenir nous le dira.<\/font><\/div>\n<div align=\"justify\"><font face=\"Arial\" size=\"2\">Bien qu&rsquo;il ne s&rsquo;agit pas de l\u2019objet d\u2019une organisation syndicale de s&rsquo;immiscer dans la politique, on dira que cette d\u00e9cision peut \u00eatre justifi\u00e9e au regard de la situation exceptionnelle que traverse le pays.<\/font><\/div>\n<div align=\"justify\"><font face=\"Arial\" size=\"2\"><strong>Source: \u00ab\u00a0Espace Manager\u00a0\u00bb Le 26-08-2011<\/strong><\/font><\/div>\n<div align=\"justify\"><font face=\"Arial\" size=\"2\"><strong>Lien:<a href=\"http:\/\/www.espacemanager.com\/politique\/tunisie-en-perte-de-vitesse-l-ugtt-s-attaque-a-la-politique.html\" target=\"_blank\" rel=\"noopener\">http:\/\/www.espacemanager.com\/politique\/tunisie-en-perte-de-vitesse-l-ugtt-s-attaque-a-la-politique.html<\/a><\/strong><\/font><\/div>\n<hr\/>\n<div align=\"justify\">\u00a0<\/div>\n<div align=\"center\">\n<h3 style=\"color: blue;\"><font face=\"Arial\"><strong>Old practices die hard in Tunisia\u2019s media<\/strong><\/font><\/h3>\n<\/div>\n<div align=\"center\">\n<hr\/>\n<\/div>\n<div align=\"justify\">\u00a0<\/div>\n<div align=\"justify\"><font face=\"Arial\" size=\"2\">Journalists and media experts in Tunisia are calling impatiently for an overhaul of the press, hidebound by the practices of the repressive regime ousted by a popular uprising seven months ago.Several journalists complain that they are still coming under political pressure to control what they say or write.<\/font><\/div>\n<div align=\"justify\"><font face=\"Arial\" size=\"2\">\u201cIt concerns the choice of subject matter, and the question of who is invited to take part in broadcasts. (Toppled president Zine El Abidine) Ben Ali is gone, but the practices have not changed,\u201d stated Najiba Hamrouni, the chairwoman of the National Union of Tunisian Journalists.<\/font><\/div>\n<div align=\"justify\"><font face=\"Arial\" size=\"2\">\u201cThose who were in charge of the media before January 14 are the same today, with the same reflexes and the same structures,\u201d according to journalist and blogger Henda Hendoud, who stressed \u201cthe difficulty of reaching reliable sources\u201d and \u201cintimidation\u201d against the profession.<\/font><\/div>\n<div align=\"justify\"><font face=\"Arial\" size=\"2\">She cited the example of an interview with an official in the ministry of the interior who accused her of lacking objectivity and threw her out.<\/font><\/div>\n<div align=\"justify\"><font face=\"Arial\" size=\"2\">Editorial conferences are very rare in media outlets. The vertical gap between journalists and their chief editors persists, leaving few opportunities for journalists to argue the case for covering a topic. Instead, they are largely told what to do.<\/font><\/div>\n<div align=\"justify\"><font face=\"Arial\" size=\"2\">The urge to self-censorship is still tenacious after decades of repressive rule. \u201cSome of my colleagues hold that to criticise the government or the army is dangerous or shows lack of respect,\u201d said a journalist who asked not to be named.<\/font><\/div>\n<div align=\"justify\"><font face=\"Arial\" size=\"2\">In spite of such setbacks, the situation has improved on some fronts. A new press code, strengthening the rights of journalists, has just been adopted by the transitional authorities.<\/font><\/div>\n<div align=\"justify\"><font face=\"Arial\" size=\"2\">The new code abolishes the need to ask systematically for authorisation to film from the ministry of the interior. Furthermore, the Tunisian Agency of External Communication, which censored foreign media under Ben Ali, has been scrapped.<\/font><\/div>\n<div align=\"justify\"><font face=\"Arial\" size=\"2\">\u201cYou can hear that speech is more free, particularly on the radio,\u201d says academic Ridha Ferjani, a specialist in the media.<\/font><\/div>\n<div align=\"justify\"><font face=\"Arial\" size=\"2\">But the need for journalists\u2019 training, already evident under Ben Ali, is all the more important in a period of political effervescence. More and more people are adding their voices to the call for a reform of the Institute of the Press and Information Sciences (IPSI) in Tunis, which is the only journalists\u2019 college in the country.<\/font><\/div>\n<div align=\"justify\"><font face=\"Arial\" size=\"2\">\u201cI spent four completely wasted years there,\u201d said Henda Heddoud. \u201cWe were forbidden to exercise a critical or analytical spirit, we just had to stay faithful to the copy put out by the official news agency.\u201d<\/font><\/div>\n<div align=\"justify\"><font face=\"Arial\" size=\"2\">\u201cWe can\u2019t change everything with a magic wand,\u201d acknowledged Larbi Chouikha, a member of the body tasked with media reform and a teacher at the IPSI. \u201cThe most urgent thing is the need for the institute to review its teaching methods and to adapt to a competitive climate.\u201d<\/font><\/div>\n<div align=\"justify\"><font face=\"Arial\" size=\"2\">One issue that divides the profession is blogging. Many journalists have a poor view of the generation of young bloggers who were very active during the mounting social unrest of December 2010 and January 2011.<\/font><\/div>\n<div align=\"justify\"><font face=\"Arial\" size=\"2\">Yet a mumber of these bloggers have been recruited into the mainstream media.<\/font><\/div>\n<div align=\"justify\"><font face=\"Arial\" size=\"2\">\u201cThe profession is not managing to become aware of the changes that have happened with the Internet\u201d, Henda Hendoud said.<\/font><\/div>\n<div align=\"justify\"><font face=\"Arial\" size=\"2\">Blogger Emna Ben Jemaa was more severe. \u201cFor the existing journalists, we have no legitimate status. But what I want to know is where they were before the fall of the regime.\u201d<\/font><\/div>\n<div align=\"justify\"><font face=\"Arial\" size=\"2\"><strong>Source: \u00ab\u00a0Dawn.con\u00a0\u00bb Le 26-08-3011<\/strong><\/font><\/div>\n<div align=\"justify\"><font face=\"Arial\" size=\"2\"><strong>Lien:<a href=\"http:\/\/www.dawn.com\/2011\/08\/26\/old-practices-die-hard-in-tunisias-media.html\" target=\"_blank\" rel=\"noopener\">http:\/\/www.dawn.com\/2011\/08\/26\/old-practices-die-hard-in-tunisias-media.html<\/a><\/strong><\/font><\/div>\n<\/div>\n<\/div>\n<p><\/body><\/body><\/html><\/p>","protected":false},"excerpt":{"rendered":"<p>\u0641\u064a\u0643\u0644\u064a\u0648\u0645\u060c\u0646\u0633\u0627\u0647\u0645 \u0628\u062c\u0647\u062f\u0646\u0627 \u0641\u064a\u062a\u0642\u062f\u064a\u0645\u0625\u0639\u0644\u0627\u0645 \u0623\u0641\u0636\u0644 \u0648\u0623\u0631\u0642\u0649 \u0639\u0646\u0628\u0644\u062f\u0646\u0627\u060c\u062a\u0648\u0646\u0633 Un effort quotidien pour une information de qualit\u00e9 sur notre pays, la Tunisie. Everyday, we contribute to a better information about our country, Tunisia TUNISNEWS 11 \u00e8me ann\u00e9e, N\u00b04076 du 27.08.2011 archives : www.tunisnews.net UGIT: Appel aux immigr\u00e9s tunisiens Reuters: Combats entre insurg\u00e9s et forces de Kadhafi \u00e0 Ras [&hellip;]<\/p>\n","protected":false},"author":1,"featured_media":22040,"comment_status":"open","ping_status":"open","sticky":false,"template":"","format":"standard","meta":{"inline_featured_image":false,"site-sidebar-layout":"default","site-content-layout":"","ast-site-content-layout":"default","site-content-style":"default","site-sidebar-style":"default","ast-global-header-display":"","ast-banner-title-visibility":"","ast-main-header-display":"","ast-hfb-above-header-display":"","ast-hfb-below-header-display":"","ast-hfb-mobile-header-display":"","site-post-title":"","ast-breadcrumbs-content":"","ast-featured-img":"","footer-sml-layout":"","ast-disable-related-posts":"","theme-transparent-header-meta":"","adv-header-id-meta":"","stick-header-meta":"","header-above-stick-meta":"","header-main-stick-meta":"","header-below-stick-meta":"","astra-migrate-meta-layouts":"default","ast-page-background-enabled":"default","ast-page-background-meta":{"desktop":{"background-color":"","background-image":"","background-repeat":"repeat","background-position":"center center","background-size":"auto","background-attachment":"scroll","background-type":"","background-media":"","overlay-type":"","overlay-color":"","overlay-opacity":"","overlay-gradient":""},"tablet":{"background-color":"","background-image":"","background-repeat":"repeat","background-position":"center center","background-size":"auto","background-attachment":"scroll","background-type":"","background-media":"","overlay-type":"","overlay-color":"","overlay-opacity":"","overlay-gradient":""},"mobile":{"background-color":"","background-image":"","background-repeat":"repeat","background-position":"center center","background-size":"auto","background-attachment":"scroll","background-type":"","background-media":"","overlay-type":"","overlay-color":"","overlay-opacity":"","overlay-gradient":""}},"ast-content-background-meta":{"desktop":{"background-color":"var(--ast-global-color-5)","background-image":"","background-repeat":"repeat","background-position":"center center","background-size":"auto","background-attachment":"scroll","background-type":"","background-media":"","overlay-type":"","overlay-color":"","overlay-opacity":"","overlay-gradient":""},"tablet":{"background-color":"var(--ast-global-color-5)","background-image":"","background-repeat":"repeat","background-position":"center center","background-size":"auto","background-attachment":"scroll","background-type":"","background-media":"","overlay-type":"","overlay-color":"","overlay-opacity":"","overlay-gradient":""},"mobile":{"background-color":"var(--ast-global-color-5)","background-image":"","background-repeat":"repeat","background-position":"center center","background-size":"auto","background-attachment":"scroll","background-type":"","background-media":"","overlay-type":"","overlay-color":"","overlay-opacity":"","overlay-gradient":""}},"footnotes":""},"categories":[],"tags":[60,42,29],"class_list":["post-19532","post","type-post","status-publish","format-standard","has-post-thumbnail","hentry","tag-60","tag-42","tag-fr"],"_links":{"self":[{"href":"https:\/\/tunisnews.net\/ar\/wp-json\/wp\/v2\/posts\/19532","targetHints":{"allow":["GET"]}}],"collection":[{"href":"https:\/\/tunisnews.net\/ar\/wp-json\/wp\/v2\/posts"}],"about":[{"href":"https:\/\/tunisnews.net\/ar\/wp-json\/wp\/v2\/types\/post"}],"author":[{"embeddable":true,"href":"https:\/\/tunisnews.net\/ar\/wp-json\/wp\/v2\/users\/1"}],"replies":[{"embeddable":true,"href":"https:\/\/tunisnews.net\/ar\/wp-json\/wp\/v2\/comments?post=19532"}],"version-history":[{"count":0,"href":"https:\/\/tunisnews.net\/ar\/wp-json\/wp\/v2\/posts\/19532\/revisions"}],"wp:featuredmedia":[{"embeddable":true,"href":"https:\/\/tunisnews.net\/ar\/wp-json\/wp\/v2\/media\/22040"}],"wp:attachment":[{"href":"https:\/\/tunisnews.net\/ar\/wp-json\/wp\/v2\/media?parent=19532"}],"wp:term":[{"taxonomy":"category","embeddable":true,"href":"https:\/\/tunisnews.net\/ar\/wp-json\/wp\/v2\/categories?post=19532"},{"taxonomy":"post_tag","embeddable":true,"href":"https:\/\/tunisnews.net\/ar\/wp-json\/wp\/v2\/tags?post=19532"}],"curies":[{"name":"wp","href":"https:\/\/api.w.org\/{rel}","templated":true}]}}