{"id":19502,"date":"2006-07-28T00:00:00","date_gmt":"2006-07-28T00:00:00","guid":{"rendered":"https:\/\/tunisnews.net\/28-juillet-2006\/"},"modified":"2006-07-28T00:00:00","modified_gmt":"2006-07-28T00:00:00","slug":"28-juillet-2006","status":"publish","type":"post","link":"https:\/\/tunisnews.net\/ar\/28-juillet-2006\/","title":{"rendered":"28 juillet 2006"},"content":{"rendered":"<p><html><head><meta content=\"text\/html\" description=\"  Nombre de prisonniers dont les affaires sont instruites en vertu de la loi   anti terroriste ont \u00e9t\u00e9 transf\u00e9r\u00e9s de la prison du 9 avril \u00e0 Tunis et ventil\u00e9s   vers diverses prisons \u00e0 l\u2019int\u00e9rieur du pays, prisons \u00e9loign\u00e9es de leur lieu de   r\u00e9sidence et du si\u00e8ge du tribunal de Tunis en charge de leurs dossiers.\" http-equiv=\"Content-Type\"\/><\/head><body><body style=\"text-align: justify\"><\/p>\n<p align=\"center\"><b><a href=\"\/ar\/25juin06a.htm\/\"><span>Home<\/span><span lang=\"FR-CH\"> &#8211; Accueil <\/span><span>&#8211; <\/span><span dir=\"rtl\" lang=\"AR-SA\">\u0627\u0644\u0631\u0626\u064a\u0633\u064a\u0629<\/span><\/a><\/b><\/p>\n<div> <font face=\"Arial\" size=\"2\"> <\/p>\n<div>\n<div>\n<table border=\"1\" width=\"100%\">\n<tr>\n<td bgcolor=\"#efefef\" width=\"100%\"> <span lang=\"AR-SA\"> <\/p>\n<div align=\"left\">  <\/div>\n<div> <span lang=\"FR\"> <\/p>\n<div align=\"center\" dir=\"ltr\"> <font size=\"2\"><font face=\"Arial\"> <span lang=\"SV\"> <strong>TUNISNEWS<\/strong><\/span> <\/font><\/font> <\/div>\n<div align=\"center\" dir=\"ltr\"> <strong><font size=\"2\"><font face=\"Arial\">              7\u00a0\u00e8me\u00a0ann\u00e9e, <span lang=\"FR\">N\u00b0\u00a02258 du 58.07.2006<\/span><\/font><\/font><\/strong><\/div>\n<div align=\"center\" dir=\"ltr\"> <strong> <\/p>\n<div align=\"center\"> <b><span><blink> <font face=\"Arial\" size=\"2\">\u00a0archives : <\/font> <a href=\"https:\/\/tunisnews.net\/ar\/\" target=\"_blank\" rel=\"noopener\"> <font face=\"Arial\" size=\"2\" target=\"_blank\">                www.tunisnews.net<\/font><\/a><\/blink><\/span><\/b><font face=\"Arial\" size=\"2\"> <\/font> <\/div>\n<p> <\/strong><\/div>\n<p> <\/span><\/div>\n<div align=\"left\" dir=\"ltr\"> <font face=\"Arial\" size=\"2\"> <\/p>\n<hr noshade=\"\" size=\"8\"\/><\/font> <\/div>\n<div align=\"left\" dir=\"ltr\"> <font face=\"Arial\"> <\/p>\n<div>\n<p> <span lang=\"FR\"> <strong><\/p>\n<p><font>CNLT: Des prisonniers sont \u00e9loign\u00e9s               de leurs familles &#8211; On est sans nouvelles des autres<\/font><\/p>\n<p><\/strong><\/span><\/p>\n<p> <span lang=\"FR\"> <strong><font>AISPP: Communiqu\u00e9<\/font><\/strong><\/span><\/p>\n<p> <span lang=\"FR\"> <strong><\/p>\n<h2 style=\"color: red;\"><font>AFP: Expulsion d&rsquo;un Tunisien: Tunis               r\u00e9pond indirectement au Comit\u00e9 contre la torture<\/font><\/h2>\n<p><\/strong><\/span><\/p>\n<p> <span lang=\"FR\"> <strong><font>AFP: Un Tunisien menac\u00e9 d&rsquo;expulsion               de France en gr\u00e8ve de la faim et de la soif<\/font><\/strong><\/span><\/p>\n<p> <span lang=\"FR\"> <strong><\/p>\n<h2 style=\"color: red;\"><font>La Voix du Nord: Affaire Massoud,\u00e0               peine lib\u00e9r\u00e9, un Sambrien menac\u00e9 d\u2019expulsion<\/font><\/h2>\n<p><\/strong><\/span><\/p>\n<p> <span lang=\"FR\"> <strong><font>InfoTunisie: Grand succ\u00e8s des deux               galas de la Star internationale Mariah Carey<\/font><\/strong><\/span><\/p>\n<\/div>\n<p> <\/font> <\/div>\n<p> <\/span><\/td>\n<\/tr>\n<\/table><\/div>\n<div> <font face=\"Arial\" size=\"2\"><\/font>\u00a0<\/div>\n<div align=\"center\">      \u00a0<font><a href=\"http:\/\/www.nawaat.org\/forums\/index.php?showtopic=11741\" target=\"_blank\" rel=\"noopener\"><strong>Cliquez       ici<\/strong><\/a><strong> pour acc\u00e9der au reportage exceptionnel de l&rsquo;AISPP       sur la catastrophe humanitaire       des prisonniers politiques Tunisiens<\/strong>\u00a0\u00a0\u00a0<\/font>\u00a0 <\/p>\n<hr\/><\/div>\n<\/p><\/div>\n<p> <\/font><\/div>\n<p><font face=\"Arial\" size=\"2\"><\/p>\n<div align=\"left\"> <font face=\"Arial\" size=\"2\"><\/font>\u00a0<\/div>\n<div align=\"center\"> <strong><font><font>Conseil National pour les   Libert\u00e9s en Tunisie<\/font> <\/font><\/strong>Tunis, 26 Juillet 2006   \u00a0   <strong><\/p>\n<h2 style=\"color: red;\"><font size=\"3\">Des prisonniers sont \u00e9loign\u00e9s de leurs   familles   On est sans nouvelles des autres<\/font><\/h2>\n<p><\/strong><\/div>\n<div align=\"justify\">     Nombre de prisonniers dont les affaires sont instruites en vertu de la loi   anti terroriste ont \u00e9t\u00e9 transf\u00e9r\u00e9s de la prison du 9 avril \u00e0 Tunis et ventil\u00e9s   vers diverses prisons \u00e0 l\u2019int\u00e9rieur du pays, prisons \u00e9loign\u00e9es de leur lieu de   r\u00e9sidence et du si\u00e8ge du tribunal de Tunis en charge de leurs dossiers.<\/div>\n<div align=\"justify\">     Ces transferts ont \u00e9t\u00e9 effectu\u00e9s sans que les familles n\u2019en aient \u00e9t\u00e9 averties,   qui ont \u00e9t\u00e9 surprises par l\u2019annonce des transferts \u00e0 l\u2019occasion des visites,   en violation flagrante de la loi tunisienne qui pr\u00e9voit que les prisonniers   soient \u00e9crou\u00e9s dans la circonscription territoriale du tribunal comp\u00e9tent, et   en contradiction avec la loi relative au r\u00e9gime des prisons qui pr\u00e9voit par   son article 14 que l\u2019administration doit informer un des ascendants ou des   descendants, des fr\u00e8res ou encore le conjoint, selon le choix du prisonnier,   de son lieu de d\u00e9p\u00f4t et de son transfert d\u2019une prison vers une autre.<\/div>\n<div align=\"justify\"> <strong>Les lieux d\u2019habitation de ces prisonniers sont Bizerte, Tunis ou   l\u2019Ariana, mais ils ont \u00e9t\u00e9 transf\u00e9r\u00e9s dans des prisons du Sud et du Centre du   pays. Parmi les personnes concern\u00e9es par ces mesures, on conna\u00eet les cas de :<\/strong><\/div>\n<div align=\"justify\"> <strong><font>Ali Harrazi (prison de Harboub, 500 km \u00e0   l\u2019extr\u00eame sud tunisien, \u00e0 M\u00e9denine)   Son fr\u00e8re Ibrahim Harrazi (prison de Gab\u00e8s)   Mahjoub Zayyani (prison de Sfax)   Sofiane Rezgui (prison de Sidi Bouzid)   Hichem Mana\u00ef (prison de Mehdia)   Mohammed Abbachi (prison de Kairouan)   Tarek Hammami (prison de Mehdia)   Nader Ferchichi (prison de Monastir)   Abdelbari Elayeb (prison de Kasserine)   Aymen Ghrib (prison de Sers)   Maher Beziouch (prison de Sfax)   Khaled Arfaoui (prison de Monastir)   Anis Krifi (prison de Monastir)   <\/font><\/strong>Tous ceux l\u00e0 attendent leur proc\u00e8s.<\/div>\n<div align=\"justify\"> <strong>Le CNLT<\/strong>   Proteste contre les conditions d\u2019ill\u00e9galit\u00e9 qui ont pr\u00e9sid\u00e9 \u00e0 ces transferts   de prisonniers<\/div>\n<div align=\"justify\">     Consid\u00e8re qu\u2019il s\u2019agit d\u2019une mesure arbitraire qui porte un pr\u00e9judice mat\u00e9riel   et moral \u00e0 leurs familles. Il ne leur est pas possible de rendre visite et de   prendre r\u00e9guli\u00e8rement des nouvelles des leurs. Ces transferts sont de nature \u00e0   l\u00e9ser la d\u00e9fense de ces affaires encore pendantes car elles rompent le lien   entre les avocats et leurs clients.      <strong><font>Plus de nouvelles des prisonniers politiques   Mohammed Akrout et Abdellatif Bouhjila<\/font><\/strong><\/div>\n<div align=\"justify\">     Le prisonnier Abdellatif Bouhjila condamn\u00e9 \u00e0 onze ann\u00e9es d\u2019emprisonnement en   1998 a \u00e9t\u00e9 interdit de parloir pendant trois semaines d\u2019affil\u00e9e. Il avait   inform\u00e9 son p\u00e8re lors de la visite que ce dernier lui a rendue le 4 juillet   qu\u2019il ferait une gr\u00e8ve de la faim si on l\u2019emp\u00eachait de faire du sport.   On est \u00e9galement sans nouvelles du prisonnier Mohammed Akrout, qui effectue   une peine d\u2019emprisonnement de trente ans depuis 1991. Sa famille ne l\u2019a pas vu   depuis trois semaines. Or Mohammed Akrout a commenc\u00e9 une gr\u00e8ve de la faim le 6   juin 2006 pour exiger des soins et sa lib\u00e9ration.   \u00a0   <strong><\/p>\n<h2 style=\"color: red;\"><font>Harc\u00e8lement du prisonnier Zyad Ghodhbane<\/font><\/h2>\n<p><\/strong><\/div>\n<div align=\"justify\">     Le prisonnier Zyad Ghodhbane, d\u00e9tenu en vertu de la loi anti terroriste \u00e0 la   prison de Borj El Amri, a commenc\u00e9 une gr\u00e8ve de la faim le 24 juillet 2006,   pour protester contre les brimades exerc\u00e9es contre lui par l\u2019administration de   la prison et les prisonniers de droit commun qui ont \u00e9t\u00e9 mont\u00e9s contre lui.   Il a refus\u00e9 la nourriture apport\u00e9e par sa m\u00e8re et lui a dit avoir \u00e9t\u00e9 menac\u00e9   par des agents de la prison d\u2019une affaire de m\u0153urs mont\u00e9e contre lui.   \u00a0   Le CNLT<\/div>\n<div align=\"justify\">     Fait part de ses craintes quant \u00e0 la vie des prisonniers de Mohammed Akrout et   Abdellatif Bouhjila et fait endosser aux autorit\u00e9s tunisiennes la   responsabilit\u00e9 de tout accident.<\/div>\n<div align=\"justify\">     Exige la fin de cette politique consistant \u00e0 mettre au supplice les   prisonniers politiques pour les d\u00e9truire et les briser moralement.<\/div>\n<div align=\"justify\"> <strong><font>Pour le Conseil,   La porte-parole officielle,   Sihem Ben S\u00e9drine   <\/font><\/strong>\u00a0   <font>(traduction ni revue ni corrig\u00e9e par les auteurs de la   version en arabe, LT)<\/font><\/div>\n<div align=\"justify\">\n<hr\/>\n<\/div>\n<div align=\"center\"> <strong><font>Sauvez la vie de Mohammed Abbou   Sauvez la vie de tous les prisonniers politiques   <\/font><font><font>Association Internationale   de Soutien aux Prisonniers Politiques<\/font> <\/font><\/strong>33 rue Mokhtar Atya, 1001, Tunis   Tel : 71 340 860   Fax : 71 354 984   \u00a0   Tunis, le 27 juillet 2006   <strong><font size=\"3\">Communiqu\u00e9   \u00a0<\/font><\/strong><\/div>\n<div align=\"justify\"> <strong>L\u2019AISPP<\/strong> a \u00e9t\u00e9 saisie de nombreuses plaintes \u00e9manant de   familles de prisonniers politiques accus\u00e9s pour ce qui est connu sous le terme   de salafisme, et plus particuli\u00e8rement ceux dont les affaires sont pendantes   devant le juge d\u2019instruction ou le tribunal. Ces plaintes sont en rapport avec   le transfert ill\u00e9gal et soudain de leurs enfants de la prison du 9 avril vers   d\u2019autres prisons :<\/div>\n<div align=\"justify\"> <strong><font>Maher Beziouche et Mahjoub Zayyani \u00e0 la prison   de Sfax   Salim El Hajj Salah, Sahl Beldi, et Ibrahim Harrazi \u00e0 la prison de Gab\u00e8s   Khaled Arfaoui, Anis Krifi et Nader Ferchichi \u00e0 la prison de Monastir   Ali Harrazi \u00e0 la prison de Harboub (M\u00e9denine)   Aymen Ghrib, Okba Naceri, Abdelbari Elayeb, Mohammed Abbachi, et Nidhal   Boulaabi \u00e0 la prison de Kasserine   Hasni Naceri \u00e0 la prison de M\u00e9denine   Tarek Hamami \u00e0 la prison de Mehdia   Sofiane Rezgui \u00e0 la prison de Sidi Bouzid   <\/font><\/strong> <strong>Un transfert comparable avait eu lieu le 20 mars 2006 en ce qui   concerne :<\/strong><\/div>\n<div align=\"justify\"> <strong><font>Anouar El Hichri et Mahfoudh Ayari \u00e0 la prison   de Borj Er Roumi   Aymen Dridi de Tunis \u00e0 Borj Er Roumi, et suite \u00e0 l\u2019incident de la profanation   du Coran, \u00e0 la prison de B\u00e9ja.   Hassen Naceri \u00e0 la prison de Borj El Amri   Zyad Abid, Sofiane Ghazali, Moncef Gmati, Ghaith Ghazouani \u00e0 la prison de   Mornag.   <\/font><\/strong>\u00a0   (\u2026)   <strong>La m\u00e8re de Khaled Arfaoui, Madame Zeyneb Chelbi, nous a fait part de   sa d\u00e9cision de mener une gr\u00e8ve de la faim en solidarit\u00e9 avec son fils,   lui-m\u00eame en gr\u00e8ve de la faim, pour protester contre ce transfert arbitraire,   qu\u2019elle ressent comme une punition des familles des prisonniers politiques.   <\/strong>\u00a0   <u>L\u2019AISPP<\/u><\/div>\n<div align=\"justify\">     D\u00e9nonce ces d\u00e9passements de nature \u00e0 priver les prisonniers d\u2019opinion de leur   droit \u00e0 la d\u00e9fense et de la rencontre avec leurs avocats.<\/div>\n<div align=\"justify\">     D\u00e9nonce les violations des dispositions de la loi sur les prisons. Par   ailleurs, ce transfert entrave les travaux de l\u2019instruction en ce qui concerne   les prisonniers politiques qui n\u2019ont pas encore \u00e9t\u00e9 interrog\u00e9s (..)<\/div>\n<div align=\"justify\">     D\u00e9nonce cette punition collective appliqu\u00e9e aux prisonniers d\u2019opinion par   l\u2019administration des prisons et exige que la loi soit respect\u00e9e, que les   prisonniers soient reconduits \u00e0 leur lieu de d\u00e9p\u00f4t dans l\u2019attente de leur   lib\u00e9ration.<\/div>\n<div align=\"justify\"> <strong><font>Le Pr\u00e9sident de l\u2019Association   Ma\u00eetre Mohammed Nouri   <\/font><\/strong>\u00a0   <font>(traduction d&rsquo;extraits, ni revue ni corrig\u00e9e par les   auteurs de la version en arabe, LT)<\/font> <\/p>\n<hr\/>\n<\/div>\n<div align=\"justify\"> <strong><font>Passeport   <\/font><\/strong>Le minist\u00e8re de l\u2019Int\u00e9rieur a refus\u00e9 de d\u00e9livrer un passeport   au Professeur <strong><font>Moncef Ben Salem<\/font><\/strong>,   sans justifier ce refus. Ce dernier est priv\u00e9 de passeport depuis vingt ans.   Sa derni\u00e8re demande remonte au 18 avril 2006.  <\/p>\n<div align=\"justify\"> <strong><font>Sa fille Mariam Ben Salem<\/font><\/strong>     s\u2019est vue refuser un passeport, elle aussi. Sa demande date de f\u00e9vrier 2006.<\/div>\n<div align=\"justify\">         Le professeur et sa fille ont \u00e9t\u00e9 convoqu\u00e9s pour signer la d\u00e9cision de refus,     mais n\u2019ont pas re\u00e7u de convocation \u00e9crite. Ils ont refus\u00e9 et ont port\u00e9     l\u2019affaire devant le tribunal administratif.     \u00a0     <strong><font>(Source : El Maoukef n\u00b0369 du 21 Juillet 2006)     <\/font><\/strong><font>(traduction ni revue ni corrig\u00e9e par     les auteurs de la version en arabe, LT)<\/font>     \u00a0     <strong><font>Gr\u00e8ve illimit\u00e9e<\/font><\/strong>     \u00a0     Le prisonnier politique<strong><font> Mohammed Galoui<\/font><\/strong>     a commenc\u00e9 une gr\u00e8ve de la faim illimit\u00e9e \u00e0 la prison de Gab\u00e8s le 11 juillet     2006 pour demander son transfert \u00e0 Tunis. M. Galoui effectue une peine     d\u2019emprisonnement \u00e0 perp\u00e9tuit\u00e9, commu\u00e9e en peine de trente ann\u00e9es. Il estime     avoir \u00e9t\u00e9 condamn\u00e9 par deux fois pour les m\u00eames faits. Sa famille a les     pires difficult\u00e9s pour lui rendre visite, d\u2019autant que le jour de la visite     est distinct du jour du couffin.     \u00a0     <strong><font>(Source : El Maoukef n\u00b0369 du 21 juillet 2006)     <\/font><\/strong><font>(traduction ni revue ni corrig\u00e9e par     les auteurs de la version en arabe, LT)<\/font><\/div>\n<\/div>\n<div align=\"justify\">  \u00a0<\/div>\n<div align=\"left\">\n<hr\/>\n<\/div>\n<div align=\"center\"> <strong><\/p>\n<h2 style=\"color: red;\"><font size=\"3\">Expulsion d&rsquo;un Tunisien: Tunis r\u00e9pond   indirectement au   Comit\u00e9 contre la torture<\/font><\/h2>\n<p><\/strong><\/div>\n<div align=\"justify\">     AFP, vendredi 28 juillet 2006   TUNIS &#8211; Les autorit\u00e9s tunisiennes ont affirm\u00e9 vendredi respecter les droits   des prisonniers, apr\u00e8s que le Comit\u00e9 contre la torture de l&rsquo;Onu eut demand\u00e9 \u00e0   la France de surseoir \u00e0 l&rsquo;expulsion d&rsquo;un Tunisien qui a purg\u00e9 six ans de   prison pour avoir aid\u00e9 les assassins du commandant Massoud.      \u00ab\u00a0La torture est une pratique interdite et inexistante en Tunisie (&#8230;) le   traitement des prisonniers se fait dans le strict respect de leurs droits, tel   que prescrit par les lois du pays, lequelles sont en tous points conformes aux   instruments internationaux en la mati\u00e8re\u00a0\u00bb, a d\u00e9clar\u00e9 une source officielle \u00e0   Tunis.      \u00ab\u00a0Nous d\u00e9non\u00e7ons les partis pris et l&rsquo;opportunisme suspects de certaines   entit\u00e9s tentant d&rsquo;instrumentaliser le rapatriement du d\u00e9nomm\u00e9 Adel Tebourski   afin d&rsquo;induire en erreur l&rsquo;opinion internationale \u00e0 propos des r\u00e9alit\u00e9s   tunisiennes\u00a0\u00bb, a ajout\u00e9 cette source.      Le Comit\u00e9 contre la torture de l&rsquo;Onu a demand\u00e9 vendredi \u00e0 la France de   surseoir \u00e0 l&rsquo;expulsion <strong>d&rsquo;Adel Tebourski<\/strong>, qui s&rsquo;est vu   signifier le m\u00eame jour le rejet de sa demande de statut de r\u00e9fugi\u00e9 politique   par l&rsquo;Office fran\u00e7ais de protection des r\u00e9fugi\u00e9s et apatrides (OFPRA).      Selon son avocat Me Franck Bo\u00ebzec, Adel Tebourski a entam\u00e9 une gr\u00e8ve de la   faim et de la soif au centre de r\u00e9tention administrative o\u00f9 il s\u00e9journe en   banlieue parisienne.      Le tribunal administratif de Paris doit examiner samedi un r\u00e9f\u00e9r\u00e9 d\u00e9pos\u00e9   vendredi contre l&rsquo;expulsion de son client, qui conteste le choix de la Tunisie,   pays susceptible de tortures, comme destination.      \u00ab\u00a0Tous les citoyens quels que soient les d\u00e9lits commis, b\u00e9n\u00e9ficient des m\u00eames   garanties l\u00e9gales dont le droit \u00e0 la d\u00e9fense, au respect de la proc\u00e9dure   judiciaire et \u00e0 un traitement d\u00e9cent en cas de d\u00e9tention\u00a0\u00bb, a soulign\u00e9 la   source officielle tunisienne.      Franco-Tunisien, 42 ans, M. Tebourski a \u00e9t\u00e9 d\u00e9chu de sa nationalit\u00e9 fran\u00e7aise   le jour de sa sortie de prison le 21 juillet et un arr\u00eat\u00e9 d&rsquo;expulsion vers la   Tunisie lui a \u00e9t\u00e9 notifi\u00e9 d\u00e8s le 22.      Le minist\u00e8re de l&rsquo;Int\u00e9rieur a justifi\u00e9 cette d\u00e9cision d&rsquo;expulsion en   soulignant qu&rsquo;Adel Tebourski a \u00ab\u00a0\u00e9t\u00e9 condamn\u00e9 dans une affaire de terrorisme   (et) fait peser une menace grave sur la s\u00fbret\u00e9 de l&rsquo;Etat et la s\u00e9curit\u00e9   nationale\u00a0\u00bb.    \u00a0<\/div>\n<div align=\"justify\">\n<hr\/>\n<\/div>\n<div align=\"center\"> <strong><\/p>\n<h2 style=\"color: red;\"><font size=\"3\">Un Tunisien menac\u00e9 d&rsquo;expulsion de   France en gr\u00e8ve de   la faim et de la soif<\/font><\/h2>\n<p><\/strong><\/div>\n<div align=\"justify\">     AFP, vendredi 28 juillet 2006   PARIS &#8211; <strong>Adel Tebourski<\/strong>, un Tunisien de 42 ans menac\u00e9   d&rsquo;expulsion apr\u00e8s avoir purg\u00e9 six ans de prison pour avoir aid\u00e9 les assassins   du commandant Massoud, a entam\u00e9 vendredi une gr\u00e8ve de la faim et de la soif,   ont annonc\u00e9 son avocat et l&rsquo;ACAT-France (Action des chr\u00e9tiens pour l&rsquo;abolition   de la torture).      M. Tebourski a entam\u00e9 son action apr\u00e8s avoir \u00e9t\u00e9 conduit dans la matin\u00e9e au   consulat de Tunisie pour v\u00e9rification de sa nationalit\u00e9, dans le cadre de son   expulsion. Le consulat, selon Me Franck Bo\u00ebzec, n&rsquo;avait cependant pas d\u00e9livr\u00e9   vendredi en d\u00e9but d&rsquo;apr\u00e8s-midi les laissez-passer n\u00e9cessaires \u00e0 l&rsquo;expulsion.      Lors de cette audition au consulat, selon son d\u00e9fenseur et l&rsquo;ACAT, Adel   Tebourski a pu constater que les autorit\u00e9s tunisiennes disposaient de la   d\u00e9cision de rejet de sa demande d&rsquo;asile par l&rsquo;OFPRA (Office fran\u00e7ais de   protection des r\u00e9fugi\u00e9s et apatrides), ce qui est \u00ab\u00a0ill\u00e9gal\u00a0\u00bb, selon eux.      Selon Me Bo\u00ebzec, le tribunal administratif de Paris doit examiner samedi \u00e0   10H30 (08H30) un r\u00e9f\u00e9r\u00e9 d\u00e9pos\u00e9 vendredi contre l&rsquo;expulsion de son client,   cette fois-ci en contestant le choix de la Tunisie, pays susceptible de   tortures, comme destination.      Le Comit\u00e9 contre la torture de l&rsquo;ONU a par ailleurs demand\u00e9 \u00e0 la France de   surseoir \u00e0 l&rsquo;expulsion d&rsquo;Adel Tebourski, selon l&rsquo;ACAT et la Cimade (Service   oecum\u00e9nique d&rsquo;entraide).      M. Tebourski avait \u00e9t\u00e9 condamn\u00e9 en mai 2005, apr\u00e8s quatre ans de d\u00e9tention   provisoire, \u00e0 six ans de prison pour avoir aid\u00e9 les assassins du chef afghan   Ahmed Shah Massoud en 2001.      Franco-Tunisien, il a \u00e9t\u00e9 d\u00e9chu de sa nationalit\u00e9 fran\u00e7aise le jour m\u00eame de sa   sortie de prison, le 21 juillet, et s&rsquo;est vu notifier le 22 un arr\u00eat\u00e9   d&rsquo;expulsion vers la Tunisie en urgence absolue.      Il est depuis plac\u00e9 en r\u00e9tention administrative en r\u00e9gion parisienne. Mercredi,   le juge des r\u00e9f\u00e9r\u00e9s du tribunal administratif de Paris avait rejet\u00e9 un premier   recours de ses avocats contestant cette urgence absolue.    \u00a0<\/p>\n<hr\/>\n<\/div>\n<div align=\"center\">  \u00a0<\/div>\n<div align=\"center\">\u00a0<\/div>\n<div align=\"center\"> <strong><\/p>\n<h2 style=\"color: red;\"><font size=\"3\">Affaire Massoud :\u00e0 peine lib\u00e9r\u00e9, un   Sambrien menac\u00e9 d\u2019expulsion<\/font><\/h2>\n<p><\/strong><\/div>\n<div> <font>GILLES CONTRAIRE   <\/font>\u00a0   Interpell\u00e9 en 2001 dans la Sambre, <strong>Adel Tebourski<\/strong> a purg\u00e9 six   ans de prison. Condamn\u00e9 pour avoir aid\u00e9 l\u2019assassin du commandant Massoud, il a   \u00e9t\u00e9 lib\u00e9r\u00e9 samedi. La veille, ce Franco-Tunisien avait appris la perte de sa   nationalit\u00e9 fran\u00e7aise. Des associations de d\u00e9fense des droits de l\u2019homme ont   depuis entam\u00e9 une course contre la montre pour qu\u2019il ne soit pas expuls\u00e9.   \u00a0   Septembre 2001. Deux jours avant les attentats du World Trade Center, le   commandant Massoud est assassin\u00e9 par deux faux journalistes. L\u2019une des deux   bombes humaines s\u2019appelle Abdel-Sattar Dahmane. Trois mois plus tard, Adel   Tebourski est interpell\u00e9 dans une ferme de Vieux-Reng, un village sambrien. Il   est plac\u00e9 en d\u00e9tention le 1er d\u00e9cembre par le juge antiterroriste Jean-Louis   Brugui\u00e8re. C\u2019est Tebourski qui a fourni les faux passeports et de l\u2019argent   liquide \u00e0 Dahmane, son ami\u2026 Le Franco-Tunisien a \u00e9t\u00e9 condamn\u00e9 pour association   de malfaiteurs en lien avec une entreprise terroriste. Mais a toujours d\u00e9clar\u00e9   ne pas savoir ce qu\u2019allait faire Dahmane.   \u00a0   Depuis, ce p\u00e8re de famille, divorc\u00e9 en 2004, n\u2019avait qu\u2019une h\u00e2te : retrouver   son fils, \u00e2g\u00e9 de 10 ans, et reprendre une vie normale. Dans sa cellule, \u00e0   Nantes, l\u2019homme a \u00e9tudi\u00e9 l\u2019histoire, commenc\u00e9 \u00e0 \u00e9crire un livre. Pour voir le   bout du tunnel.   \u00a0   Vendredi, ces projets ont vacill\u00e9. Adel Tebourski, qui avait acquis la   nationalit\u00e9 fran\u00e7aise en 2000, en a \u00e9t\u00e9 d\u00e9chu. Motif ? \u00ab\u00a0 N\u00e9cessit\u00e9 imp\u00e9rieuse   pour la s\u00e9curit\u00e9 de l\u2019\u00c9tat \u00bb. Dans la foul\u00e9e, un avis d\u2019expulsion lui a \u00e9t\u00e9   notifi\u00e9.   \u00a0   Sit\u00f4t sorti de prison, il a \u00e9t\u00e9 conduit dans le centre de d\u00e9tention de   Mesnil-Amelot (Seine-et-Marne) dans l\u2019attente de son expulsion vers la Tunisie.   \u00a0   \u00ab Sa situation est tr\u00e8s pr\u00e9occupante, soupire Me Bo\u00ebzec. On sait ce qui arrive   aux personnes affubl\u00e9es de l\u2019\u00e9tiquette de terroriste en Tunisie \u00bb, en   r\u00e9f\u00e9rence \u00e0 une loi tunisienne antiterroriste qui pr\u00e9voit des condamnations   pour de telles activit\u00e9s, m\u00eame en dehors du territoire national.   \u00a0   Une sorte de double peine que quatre associations, dont la Ligue des droits de   l\u2019homme, d\u00e9noncent. Le tribunal administratif de Paris examine ce matin un   r\u00e9f\u00e9r\u00e9 libert\u00e9. D\u2019autres actions en justice pourraient suivre. \u00ab La montre   tourne \u00bb, glisse l\u2019avocat. \u2022   \u00a0   <font><strong>(Source : \u00ab La Voix du Nord \u00bb (France), le 26   juillet 2006)<\/strong><\/font>   \u00a0<\/div>\n<div>\n<hr\/>\n<\/div>\n<div align=\"center\"> <strong><\/p>\n<h2 style=\"color: red;\"><font size=\"3\">Grand succ\u00e8s des deux galas de la Star   internationale Mariah Carey<\/font><\/h2>\n<p><\/strong><\/div>\n<div align=\"justify\">     Vendredi, 28 juillet 2006   Les deux galas de la Star internationale Mariah Carey, organis\u00e9s les 22 et 24   juillet, au stade olympique d&rsquo;El Menzah, ont connu un grand succ\u00e8s artistique   et m\u00e9diatique comme en t\u00e9moigne la grande affluence du public \u00e0 ces deux   concerts, a soulign\u00e9 M.Issam Allani, repr\u00e9sentant de la soci\u00e9t\u00e9 \u00a0\u00bbInterval   Events\u00a0\u00bb, dans une d\u00e9claration \u00e0 l&rsquo;Agence Tunis Afrique Presse (TAP).<\/div>\n<div align=\"justify\">     Selon M.Allani, ce succ\u00e8s est le r\u00e9sultat de l&rsquo;int\u00e9r\u00eat strat\u00e9gique accord\u00e9 \u00e0   la culture dans le projet social du Pr\u00e9sident Ben Ali et illustre la justesse   des choix et des paris nationaux dans ce domaine. \u00a0\u00bbLa culture occupe une   place importante dans la soci\u00e9t\u00e9 du savoir et de l&rsquo;information, dans le   d\u00e9veloppement, la diffusion de la culture du dialogue, le rapprochement des   nations et des peuples.\u00a0\u00bb a ajout\u00e9 M.Allani qui a soulign\u00e9 que l&rsquo;affluence du   public \u00e0 ces deux concerts, estim\u00e9e \u00e0 80 mille spectateurs, illustre   l&rsquo;attachement du peuple tunisien \u00e0 la culture de la tol\u00e9rance et \u00e0 toutes les   valeurs pr\u00f4n\u00e9es par le Chef de l&rsquo;Etat en vue d&rsquo;enraciner le principe de la   solidarit\u00e9 \u00e0 la faveur notamment de la politique culturelle qui joue un r\u00f4le   majeur en tant que m\u00e9canisme de diffusion de la connaissance mutuelle et de la   cr\u00e9ation.<\/div>\n<div align=\"justify\">     M.Allani a pr\u00e9cis\u00e9 que la r\u00e9ussite de cette manifestation a n\u00e9cessit\u00e9 la   mobilisation d&rsquo;au moins 3600 personnes pour la cr\u00e9ation, l&rsquo;installation et la   maintenance du d\u00e9cor outre les taches de s\u00e9curit\u00e9 et de protection.<\/div>\n<div align=\"justify\">     Il a exprim\u00e9 ses remerciements a toutes les comp\u00e9tences tunisiennes qui ont   suscite l&rsquo;admiration de la partie \u00e9trang\u00e8re pour leur professionnalisme, leur   savoir-faire et leur capacit\u00e9 \u00e0 ma\u00eetriser les nouvelles technologies.<\/div>\n<div align=\"justify\">     S&rsquo;agissant de la couverture m\u00e9diatique des deux galas, M.Allani a indiqu\u00e9 que   la soci\u00e9t\u00e9 events s&rsquo;est attach\u00e9e d\u00e8s le d\u00e9but, \u00e0 faciliter le travail des   journalistes, ce qui leur a permis d&rsquo;accomplir leur travail dans les   meilleures conditions. M. allani a observe que les \u00e9chos favorables de ces   deux galas dans la presse nationale et internationale, ont r\u00e9affirme le r\u00f4le   de l&rsquo;art en tant que porteur des messages de paix, d&rsquo;amour et de solidarit\u00e9   faisant remarquer que le nombre des journalistes accr\u00e9dit\u00e9s officiellement   pour la couverture des deux concerts a d\u00e9pass\u00e9 les 150 journalistes dont 19   journalistes-photographes venus sp\u00e9cialement de l&rsquo;\u00e9tranger.<\/div>\n<div align=\"justify\"> <strong><font>(Source: Le site www.infotunisie.com le 28   juillet 2006) <\/font><\/strong><\/div>\n<p><\/font><\/p>\n<hr\/>\n<p align=\"center\"><b><a href=\"https:\/\/tunisnews.net\/ar\/\"><span>Home<\/span><span lang=\"FR-CH\"> &#8211; Accueil <\/span><span>&#8211; <\/span><span dir=\"rtl\" lang=\"AR-SA\">\u0627\u0644\u0631\u0626\u064a\u0633\u064a\u0629<\/span><\/a><\/b><\/p>\n<p align=\"center\">\u00a0<\/p>\n<p><\/body><\/body><\/html><\/p>","protected":false},"excerpt":{"rendered":"<p>Home &#8211; Accueil &#8211; \u0627\u0644\u0631\u0626\u064a\u0633\u064a\u0629 TUNISNEWS 7\u00a0\u00e8me\u00a0ann\u00e9e, N\u00b0\u00a02258 du 58.07.2006 \u00a0archives : www.tunisnews.net CNLT: Des prisonniers sont \u00e9loign\u00e9s de leurs familles &#8211; On est sans nouvelles des autres AISPP: Communiqu\u00e9 AFP: Expulsion d&rsquo;un Tunisien: Tunis r\u00e9pond indirectement au Comit\u00e9 contre la torture AFP: Un Tunisien menac\u00e9 d&rsquo;expulsion de France en gr\u00e8ve de la faim et [&hellip;]<\/p>\n","protected":false},"author":1,"featured_media":22040,"comment_status":"open","ping_status":"open","sticky":false,"template":"","format":"standard","meta":{"inline_featured_image":false,"site-sidebar-layout":"default","site-content-layout":"","ast-site-content-layout":"default","site-content-style":"default","site-sidebar-style":"default","ast-global-header-display":"","ast-banner-title-visibility":"","ast-main-header-display":"","ast-hfb-above-header-display":"","ast-hfb-below-header-display":"","ast-hfb-mobile-header-display":"","site-post-title":"","ast-breadcrumbs-content":"","ast-featured-img":"","footer-sml-layout":"","ast-disable-related-posts":"","theme-transparent-header-meta":"","adv-header-id-meta":"","stick-header-meta":"","header-above-stick-meta":"","header-main-stick-meta":"","header-below-stick-meta":"","astra-migrate-meta-layouts":"default","ast-page-background-enabled":"default","ast-page-background-meta":{"desktop":{"background-color":"","background-image":"","background-repeat":"repeat","background-position":"center center","background-size":"auto","background-attachment":"scroll","background-type":"","background-media":"","overlay-type":"","overlay-color":"","overlay-opacity":"","overlay-gradient":""},"tablet":{"background-color":"","background-image":"","background-repeat":"repeat","background-position":"center center","background-size":"auto","background-attachment":"scroll","background-type":"","background-media":"","overlay-type":"","overlay-color":"","overlay-opacity":"","overlay-gradient":""},"mobile":{"background-color":"","background-image":"","background-repeat":"repeat","background-position":"center center","background-size":"auto","background-attachment":"scroll","background-type":"","background-media":"","overlay-type":"","overlay-color":"","overlay-opacity":"","overlay-gradient":""}},"ast-content-background-meta":{"desktop":{"background-color":"var(--ast-global-color-5)","background-image":"","background-repeat":"repeat","background-position":"center center","background-size":"auto","background-attachment":"scroll","background-type":"","background-media":"","overlay-type":"","overlay-color":"","overlay-opacity":"","overlay-gradient":""},"tablet":{"background-color":"var(--ast-global-color-5)","background-image":"","background-repeat":"repeat","background-position":"center center","background-size":"auto","background-attachment":"scroll","background-type":"","background-media":"","overlay-type":"","overlay-color":"","overlay-opacity":"","overlay-gradient":""},"mobile":{"background-color":"var(--ast-global-color-5)","background-image":"","background-repeat":"repeat","background-position":"center center","background-size":"auto","background-attachment":"scroll","background-type":"","background-media":"","overlay-type":"","overlay-color":"","overlay-opacity":"","overlay-gradient":""}},"footnotes":""},"categories":[],"tags":[59,37,29],"class_list":["post-19502","post","type-post","status-publish","format-standard","has-post-thumbnail","hentry","tag-59","tag-37","tag-fr"],"_links":{"self":[{"href":"https:\/\/tunisnews.net\/ar\/wp-json\/wp\/v2\/posts\/19502","targetHints":{"allow":["GET"]}}],"collection":[{"href":"https:\/\/tunisnews.net\/ar\/wp-json\/wp\/v2\/posts"}],"about":[{"href":"https:\/\/tunisnews.net\/ar\/wp-json\/wp\/v2\/types\/post"}],"author":[{"embeddable":true,"href":"https:\/\/tunisnews.net\/ar\/wp-json\/wp\/v2\/users\/1"}],"replies":[{"embeddable":true,"href":"https:\/\/tunisnews.net\/ar\/wp-json\/wp\/v2\/comments?post=19502"}],"version-history":[{"count":0,"href":"https:\/\/tunisnews.net\/ar\/wp-json\/wp\/v2\/posts\/19502\/revisions"}],"wp:featuredmedia":[{"embeddable":true,"href":"https:\/\/tunisnews.net\/ar\/wp-json\/wp\/v2\/media\/22040"}],"wp:attachment":[{"href":"https:\/\/tunisnews.net\/ar\/wp-json\/wp\/v2\/media?parent=19502"}],"wp:term":[{"taxonomy":"category","embeddable":true,"href":"https:\/\/tunisnews.net\/ar\/wp-json\/wp\/v2\/categories?post=19502"},{"taxonomy":"post_tag","embeddable":true,"href":"https:\/\/tunisnews.net\/ar\/wp-json\/wp\/v2\/tags?post=19502"}],"curies":[{"name":"wp","href":"https:\/\/api.w.org\/{rel}","templated":true}]}}