{"id":19447,"date":"2007-12-12T00:00:00","date_gmt":"2007-12-12T00:00:00","guid":{"rendered":"https:\/\/tunisnews.net\/12-decembre-2007\/"},"modified":"2007-12-12T00:00:00","modified_gmt":"2007-12-12T00:00:00","slug":"12-decembre-2007","status":"publish","type":"post","link":"https:\/\/tunisnews.net\/ar\/12-decembre-2007\/","title":{"rendered":"12 d\u00e9cembre 2007"},"content":{"rendered":"<p><html><head><meta content=\"text\/html\" description=\"Les familles des victimes de la loi sur le \n          terrorisme ont fait un sit-in le 11 d\u00e9cembre 2007 au si\u00e8ge du comit\u00e9 \n          de la Croix Rouge \u00e0 Tunis. D\u2019importantes forces de police se sont \n          d\u00e9ploy\u00e9es le temps du sit in \u00e0 proximit\u00e9 du lieu. Les familles n\u2019ont \n          quitt\u00e9 le lieu qu\u2019\u00e0 cinq heures et demi de l\u2019apr\u00e8s midi. Le \n          journaliste Lotfi Hajji a inform\u00e9 l\u2019AFP et Reuters de cette initiative \n          de protestation visant \u00e0 attirer l\u2019attention sur la situation \n          lamentable de leurs enfants jug\u00e9s en vertu de la loi antiterroriste, \n          notamment : Les transferts arbitraires, l\u2019interdiction de la pri\u00e8re \n          collective, et les sanctions contre cette derni\u00e8re, l\u2019enregistrement \n          lors des visites, l\u2019interruption de ces derni\u00e8res, la torture \n          perp\u00e9tr\u00e9e en prison, comme ce fut le cas le jour de l\u2019A\u00efd el Fitr \u00e0 la \n          prison de Mornaguia. Elles r\u00e9clament le droit \u00e0 des soins convenables, \n          \u00e0 consulter un m\u00e9decin, notamment lors du transfert du minist\u00e8re de \n          l\u2019Int\u00e9rieur \u00e0 la prison.\" http-equiv=\"Content-Type\"\/><\/head><body><body><\/p>\n<p align=\"center\" dir=\"ltr\"><b><a href=\"http:\/\/www.tunisnews.net\"><span>Home<\/span><span lang=\"FR-CH\"> &#8211; Accueil <\/span><span>&#8211;<\/span><\/a><\/b><\/p>\n<p><font face=\"Arial\" size=\"2\"><\/p>\n<div>\n<div>  <span lang=\"FR\"> <\/p>\n<div align=\"center\" dir=\"ltr\"> <font face=\"Arial\"><font size=\"2\"> <span lang=\"SV\"> <strong><font size=\"7\">TUNISNEWS<\/font><\/strong><\/span> <\/font><\/font> <\/div>\n<div align=\"center\" dir=\"ltr\"> <strong><font face=\"Arial\"><font size=\"2\">8\u00a0\u00e8me\u00a0ann\u00e9e,      <span lang=\"FR\">N\u00b05\u00a02758 du 12.12.2007<\/span><\/font><\/font><\/strong><\/div>\n<p> <strong> <\/p>\n<div align=\"center\" dir=\"ltr\"> <b><span><blink> <font face=\"Arial\" size=\"2\">\u00a0archives : <\/font> <a href=\"\" target=\"_blank\" rel=\"noopener\"> <font face=\"Arial\" size=\"2\" target=\"_blank\">      www.tunisnews.net<\/font><\/a><\/blink><\/span><\/b><font face=\"Arial\" size=\"2\"> <\/font> <span lang=\"FR-CH\"> <span lang=\"FR\"> <span dir=\"rtl\" lang=\"FR\"> <span lang=\"FR-CH\"><font size=\"3\"><font> <font face=\"Arial\"><font face=\"Arial\"><strong> <font size=\"2\"><\/p>\n<hr\/>\n<p><\/font><\/strong> <\/font><\/font><\/font><\/font><\/span><\/span><\/span><\/span><\/div>\n<div>\n<div dir=\"ltr\">\n<div>\n<p><font size=\"2\"> <span lang=\"EN-GB\"> <\/p>\n<p><font size=\"3\"><font size=\"2\"><strong>AISPP: Le           prisonnier politique Sadok Chourou est en danger !           <font>Libert\u00e9 et Equit\u00e9: Sit-in au si\u00e8ge de la Croix           Rouge \u00e0 Tunis<\/font>           Libert\u00e9 et Equit\u00e9: Gr\u00e8ve de la faim de Boukadi Pour stopper la mort           lente           <font>Association Ez-Zeitouna \u2013 Suisse &#8211;\u00a0\u00a0 Bureau           juridique: Communiqu\u00e9<\/font>           La FTCR solidaire avec les professeurs licenci\u00e9s en gr\u00e8ve de la faim           en Tunisie           <font>Parti communiste fran\u00e7ais:\u00a0 Tunisie : le PCF           soutient les professeurs en gr\u00e8ve de la faim pour leurs droits<\/font>           Kh\u00e9ma\u00efs Chammari: Doit-on r\u00e9pondre \u00e0 Abdellaziz\u00a0 Jeridi\u00a0 et consorts ?           <font>Tijani Harcha: La soci\u00e9t\u00e9 de l\u2019ob\u00e9issance<\/font>           \u0650AFP: Le &rsquo;11&rsquo;, date r\u00e9currente pour les attentats islamistes           <font>AFP: Pr\u00e9sidentielle russe: l&rsquo;opposant Kasparov           jette l&rsquo;\u00e9ponge<\/font><\/strong><\/font><\/font><\/p>\n<p><\/span><\/font><\/p>\n<\/div>\n<div> <strong><\/p>\n<hr\/>\n<p><\/strong> <\/div>\n<div> <font size=\"2\"> <\/p>\n<p align=\"center\"><font face=\"Arial\" size=\"2\">Libert\u00e9 pour Slim           Boukhdir, la plume libre<\/font><\/p>\n<p align=\"center\"><font face=\"Arial\" size=\"2\"><strong>          Libert\u00e9 et Equit\u00e9<\/strong><\/font><\/p>\n<p align=\"center\"><font face=\"Arial\" size=\"2\">URGENCE : sauvez la vie           de de l\u2019ex-prisonnier politique Ahmed Bouazizi<\/font><\/p>\n<p align=\"center\"><font face=\"Arial\" size=\"2\">33 rue Mokhtar Atya<\/font><\/p>\n<p align=\"center\"><font face=\"Arial\" size=\"2\">Tel\/fax : 71 340 860<\/font><\/p>\n<p align=\"center\"><font face=\"Arial\" size=\"2\">Email : <\/font> <a href=\"http:\/\/fr.f265.mail.yahoo.com\/ym\/Compose?To=Libert\u00e9_\u00e9quit\u00e9@yahoo.fr\" rel=\"nofollow noopener\" target=\"_blank\" ymailto=\"mailto:Libert\u00e9_\u00e9quit\u00e9@yahoo.fr\"> <font face=\"Arial\" size=\"2\">Libert\u00e9_\u00e9quit\u00e9@yahoo.fr<\/font><\/a><\/p>\n<p align=\"center\">\u00a0<\/p>\n<p align=\"center\"><font face=\"Arial\" size=\"2\">Tunis, le 12 d\u00e9cembre           2007<\/font><\/p>\n<p align=\"center\">\u00a0<\/p>\n<p align=\"center\"><font face=\"Arial\" size=\"2\"><strong> <\/p>\n<h2 style=\"color: red;\"><font size=\"3\">Sit-in au si\u00e8ge de la Croix Rouge \u00e0           Tunis<\/font><\/h2>\n<p><\/strong><\/font><\/p>\n<p align=\"justify\">Les familles des victimes de la loi sur le           terrorisme ont fait un sit-in le 11 d\u00e9cembre 2007 au si\u00e8ge du comit\u00e9           de la Croix Rouge \u00e0 Tunis. D\u2019importantes forces de police se sont           d\u00e9ploy\u00e9es le temps du sit in \u00e0 proximit\u00e9 du lieu. Les familles n\u2019ont           quitt\u00e9 le lieu qu\u2019\u00e0 cinq heures et demi de l\u2019apr\u00e8s midi. Le           journaliste Lotfi Hajji a inform\u00e9 l\u2019AFP et Reuters de cette initiative           de protestation visant \u00e0 attirer l\u2019attention sur la situation           lamentable de leurs enfants jug\u00e9s en vertu de la loi antiterroriste,           notamment : Les transferts arbitraires, l\u2019interdiction de la pri\u00e8re           collective, et les sanctions contre cette derni\u00e8re, l\u2019enregistrement           lors des visites, l\u2019interruption de ces derni\u00e8res, la torture           perp\u00e9tr\u00e9e en prison, comme ce fut le cas le jour de l\u2019A\u00efd el Fitr \u00e0 la           prison de Mornaguia. Elles r\u00e9clament le droit \u00e0 des soins convenables,           \u00e0 consulter un m\u00e9decin, notamment lors du transfert du minist\u00e8re de           l\u2019Int\u00e9rieur \u00e0 la prison.<\/p>\n<p><\/font> <\/p>\n<p><font face=\"Arial\" size=\"2\">Libert\u00e9 et \u00c9quit\u00e9 [\u2026]<\/font><\/p>\n<p><font face=\"Arial\" size=\"2\">Pour le bureau ex\u00e9cutif de           l\u2019organisation<\/font><\/p>\n<p><font face=\"Arial\" size=\"2\"><strong>Monsieur           Zouha\u00efer Makhlouf<\/strong><\/font><\/p>\n<p><font face=\"Arial\" size=\"2\">(traduction d\u2019extraits           ni revue ni corrig\u00e9e par les auteurs de la version en arabe, LT)<\/font><\/p>\n<p>\u00a0<\/p>\n<p><font face=\"Arial\" size=\"2\"><\/font><\/p>\n<hr\/>\n<p align=\"center\"><font face=\"Arial\" size=\"2\">Libert\u00e9 pour Slim           Boukhdir, la plume libre<\/font><\/p>\n<p align=\"center\"><font face=\"Arial\" size=\"2\"><strong>          Libert\u00e9 et Equit\u00e9<\/strong><\/font><\/p>\n<p align=\"center\"><font face=\"Arial\" size=\"2\">URGENCE : sauvez la vie           de de l\u2019ex-prisonnier politique Ahmed Bouazizi<\/font><\/p>\n<p align=\"center\"><font face=\"Arial\" size=\"2\">33 rue Mokhtar Atya<\/font><\/p>\n<p align=\"center\"><font face=\"Arial\" size=\"2\">Tel\/fax : 71 340 860<\/font><\/p>\n<p align=\"center\"><font face=\"Arial\" size=\"2\">Email : <\/font> <a href=\"http:\/\/fr.f265.mail.yahoo.com\/ym\/Compose?To=Libert\u00e9_\u00e9quit\u00e9@yahoo.fr\" rel=\"nofollow noopener\" target=\"_blank\" ymailto=\"mailto:Libert\u00e9_\u00e9quit\u00e9@yahoo.fr\"> <font face=\"Arial\" size=\"2\">Libert\u00e9_\u00e9quit\u00e9@yahoo.fr<\/font><\/a><\/p>\n<p align=\"center\">\u00a0<\/p>\n<p align=\"center\">\n<h2 style=\"color: red;\"><font face=\"Arial\" size=\"3\"><strong>Gr\u00e8ve de la faim de Boukadi<\/strong><\/font><\/h2>\n<p> <font face=\"Arial\" size=\"2\"><strong><\/p>\n<h2 style=\"color: red;\"><font size=\"3\">Pour stopper la mort lente<\/font><\/h2>\n<p><\/strong><\/font><\/p>\n<p align=\"justify\">Nous avons \u00e9t\u00e9 contact\u00e9s par madame Nouha Boukadi,           la s\u0153ur du prisonnier politique Ridha Boukadi, incarc\u00e9r\u00e9 actuellement           \u00e0 la prison de Mornaguia. Elle nous a inform\u00e9s que son fr\u00e8re avait           commenc\u00e9 une gr\u00e8ve de la faim illimit\u00e9e samedi 8 d\u00e9cembre 2007 pour           protester car il n\u2019avait\u00a0pas \u00e9t\u00e9 lib\u00e9r\u00e9, et contre ses mauvaises           conditions d\u2019incarc\u00e9ration et aussi contre le fait que           l\u2019administration de la prison ne respecte pas les recommandations de           son m\u00e9decin\u00a0soit un\u00a0r\u00e9gime alimentaire adapt\u00e9 aux m\u00e9dicaments qu\u2019il           lui prescrit par ailleurs pour le gu\u00e9rir de sa maladie \u00e0 la fois rare           et grave. Il s\u2019est vu priv\u00e9 derni\u00e8rement d\u2019une partie importante de           ces aliments que lui apporte sa famille. Sa \u00e9tat de sant\u00e9 s\u2019est           aggrav\u00e9 et il est menac\u00e9 d\u2019un p\u00e9ril imminent.<\/p>\n<p align=\"justify\"><font face=\"Arial\" size=\"2\">Libert\u00e9 et \u00c9quit\u00e9 [\u2026]<\/font><\/p>\n<p><font face=\"Arial\" size=\"2\">Pour le bureau ex\u00e9cutif de           l\u2019organisation<\/font><\/p>\n<p><font face=\"Arial\" size=\"2\"><strong>Monsieur           Zouha\u00efer Makhlouf<\/strong><\/font><\/p>\n<p><font face=\"Arial\" size=\"2\"><font>(traduction           d\u2019extraits ni revue ni corrig\u00e9e par les auteurs de la version en           arabe, LT)<\/font> <\/font><\/p>\n<hr\/>\n<p>\u00a0<\/p>\n<p align=\"center\"><font face=\"Arial\" size=\"2\">Libert\u00e9 pour tous les           prisonniers politiques<\/font><\/p>\n<p align=\"center\"><font face=\"Arial\" size=\"2\">Libert\u00e9 pour Abdallah           Zouari, le journaliste exil\u00e9 dans son propre pays<\/font><\/p>\n<p align=\"center\">\u00a0<\/p>\n<p align=\"center\"><font face=\"Arial\" size=\"2\"><strong>          Association Internationale de Soutien aux Prisonniers Politiques<\/strong><\/font><\/p>\n<p align=\"center\"><font face=\"Arial\" size=\"2\">43 rue Eldjazira, Tunis<\/font><\/p>\n<p align=\"center\"><font face=\"Arial\" size=\"2\">e-mail : <\/font> <a href=\"http:\/\/fr.f265.mail.yahoo.com\/ym\/Compose?To=aispptunisie@yahoo.fr\" rel=\"nofollow noopener\" target=\"_blank\" ymailto=\"mailto:aispptunisie@yahoo.fr\"> <font face=\"Arial\" size=\"2\">aispptunisie@yahoo.fr<\/font><\/a><\/p>\n<p align=\"center\">\u00a0<\/p>\n<p align=\"center\"><font face=\"Arial\" size=\"2\">Tunis, le 10 d\u00e9cembre           2007<\/font><\/p>\n<p align=\"center\">\u00a0<\/p>\n<p align=\"center\"><font face=\"Arial\" size=\"2\"><strong> <\/p>\n<h2 style=\"color: red;\"><font size=\"3\">Le prisonnier politique Sadok Chourou           est en danger !<\/font><\/h2>\n<p><\/strong><\/font><\/p>\n<p align=\"center\">\u00a0<\/p>\n<p>\u00a0<\/p>\n<p>\u00a0<\/p>\n<p><font face=\"Arial\" size=\"2\">L\u2019association a appris que l\u2019\u00e9tat du           prisonnier politique Sadok Chourou, ex pr\u00e9sident du mouvement En           Nahdha, en gr\u00e8ve de la faim depuis le 3 d\u00e9cembre 2007, s\u2019\u00e9tait           \u00e9norm\u00e9ment d\u00e9grad\u00e9 : il ne pouvait pas tenir debout lors de la visite           que lui a rendue sa famille le 10 d\u00e9cembre 2007. Il a entam\u00e9 une gr\u00e8ve           de la faim pour exiger la fin de son incarc\u00e9ration injuste, l\u2019arr\u00eat           des ch\u00e2timents collectifs pris \u00e0 l\u2019encontre de ses proches, tels la           privation de passeport de sa femme ou le refus oppos\u00e9 \u00e0 son fr\u00e8re           d\u2019enseigner \u00e0 l\u2019universit\u00e9;<\/font><\/p>\n<p><font face=\"Arial\" size=\"2\">L\u2019association [\u2026]<\/font><\/p>\n<p><font face=\"Arial\" size=\"2\">Pour la commission de suivi des proc\u00e8s<\/font><\/p>\n<p><font face=\"Arial\" size=\"2\">Le pr\u00e9sident de l\u2019Association<\/font><\/p>\n<p><font face=\"Arial\" size=\"2\"><strong>Ma\u00eetre Sa\u00efda           Akrami<\/strong><\/font><\/p>\n<p><font face=\"Arial\" size=\"2\">(traduction d\u2019extraits           ni revue ni corrig\u00e9e par les auteurs de la version en arabe, LT)<\/font><\/p>\n<\/div><\/div>\n<\/p><\/div>\n<p> <\/strong><\/span><\/div>\n<p> <span lang=\"FR-CH\"><\/p>\n<p><font size=\"3\"> <font size=\"2\"><font face=\"Arial\">  <\/p>\n<hr\/>\n<p><\/font><font> <\/p>\n<p align=\"center\" dir=\"ltr\"> <font face=\"Arial\" size=\"2\"><b> <span dir=\"ltr\" lang=\"FR\">  Communiqu\u00e9<\/span><\/b><\/font><\/p>\n<p align=\"center\" dir=\"ltr\"> <b> <span lang=\"FR\"> <font face=\"Arial\" size=\"2\">Gen\u00e8ve, le 10.12.2007<\/font><\/span><\/b><\/p>\n<p align=\"center\" dir=\"ltr\"> <span lang=\"FR\">Les Droits de l\u2019Homme sont des   conditions vitales \u00e0 chaque humain. Ils sont universels, inali\u00e9nables et   indissociables. Les efforts d\u00e9ploy\u00e9s \u00e0 ce propos tout au long de l\u2019histoire   ont aboutit \u00e0 des r\u00e9sultats pr\u00e9cieux et ad\u00e9quats dans la mati\u00e8re, comme la   d\u00e9claration universelle des Droits de l\u2019Homme en 1948 \u00e0 l\u2018ONU.<\/span><\/p>\n<p align=\"center\"> <span lang=\"FR\">Le r\u00e9gime dictatorial tunisien,   pourtant signataire de cette d\u00e9claration universelle, n\u2019a cess\u00e9 de bafouer et   violer syst\u00e9matiquement les Droits de l\u2019Homme \u00e0 l\u2019encontre \u00e0 la fois des   l\u00e9gislations tunisiennes, et des lois et instances internationales tout en   pr\u00f4nant leur respect !!<\/span><\/p>\n<p align=\"center\"> <span lang=\"FR\">Ni libert\u00e9 d\u2019organisation, ni   libert\u00e9 d\u2019expression, ni dignit\u00e9 de la personne humaine ne sont respect\u00e9es en   Tunisie. Des prisonniers politiques croupissent encore en prison depuis plus   de 17 ans dans des conditions lamentables. Les ex-prisonniers politiques, qui   comptent par milliers, sont confront\u00e9s \u00e0 toutes les difficult\u00e9s pour pouvoir   int\u00e9grer la soci\u00e9t\u00e9 civile. Ils sont priv\u00e9s de tous leurs droits civiques tels   le travail, le soin et le d\u00e9placement et souffrent de nombreuses maladies   amass\u00e9es de la torture et des longues ann\u00e9es d\u2019emprisonnement. De nombreux   ex-prisonniers politiques sont soumis au contr\u00f4le administratif et certains   sont m\u00eame assign\u00e9s \u00e0 r\u00e9sidence surveill\u00e9e le plus souvent loin de leurs lieux   de domicile.<\/span><\/p>\n<p align=\"center\"> <span lang=\"FR\">Plusieurs milliers de jeunes sont   arr\u00eat\u00e9s, tortur\u00e9s et condamn\u00e9s sous le faux pr\u00e9texte de \u00ab lutte contre le   terrorisme \u00bb. Des t\u00e9moignages d\u2019ex-prisonniers d\u00e9crivent la prison comme \u00e9tant   \u00ab une ex\u00e9cution lente \u00bb du prisonnier politique. Plusieurs prisonniers ont   succomb\u00e9 \u00e0 la torture, aux mauvais traitements et \u00e0 la privation des soins tel   Hechmi Makki, d\u2019autres, encore en prison, tel Ridha Boukadi, attendent une   mort lente certaine.<\/span><\/p>\n<p align=\"center\"> <span lang=\"FR\">Quel soutien et quelle protection   permettent \u00e0 ce r\u00e9gime d\u2019INDIGNER la personne humaine et<\/span><\/p>\n<p align=\"center\"> <span lang=\"FR\">d\u2019aller jusqu\u2019\u00e0 la priver des   moindres Droits Humains et de la torturer jusqu\u2019\u00e0 la mort !!!<\/span><\/p>\n<p align=\"center\"> <span lang=\"FR\">LE SILENCE EST COMPLICE DE LA   DICTATURE, AGISSONS.<\/span><\/p>\n<p align=\"center\"> <span lang=\"FR\">L\u2019Association Ez-Zeitouna est tr\u00e8s   pr\u00e9occup\u00e9e par cette p\u00e9rilleuse situation et appelle les autorit\u00e9s tunisiennes   \u00e0 promulguer d\u2019urgence une amnistie g\u00e9n\u00e9rale afin de rendre les Droits aux   citoyennes et citoyens tunisiens. Ez-Zeitouna appellent toutes les instances   comp\u00e9tentes, nationales et internationales, d\u2019intervenir aupr\u00e8s des autorit\u00e9s   tunisiennes et si n\u00e9cessaire \u00e0 faire pression sur elles afin qu\u2019elles cessent   d\u2019\u00e9touffer les prisonniers et ex-prisonniers politiques et de bafouer les   Droits de l\u2019Homme.<\/span><\/p>\n<p align=\"center\"> <span lang=\"FR\">Agissons, pour mettre fin aux   violations r\u00e9p\u00e9t\u00e9es des Droits de l\u2019Homme en Tunisie et \u00e0 l\u2019indignation de la   personne humaine.\u00a0\u00a0 Vive la Tunisie LIBRE et D\u00c9MOCRATE<\/span><font size=\"2\"><span lang=\"FR\">.  <\/span><\/font><\/p>\n<p align=\"center\"> <b><span lang=\"FR\">Association Ez-Zeitouna \u2013 Suisse   &#8211;\u00a0 \u00a0Bureau juridique\u00a0\u00a0\u00a0 <\/span> <span lang=\"FR-CH\">  \u00a0\u00a0\u00a0\u00a0\u00a0<\/span><\/b><strong><span lang=\"FR\"><a href=\"mailto:z_militants@yahoo.fr\"><b>z_militants@yahoo.fr<\/b><\/a><\/span><\/strong><\/p>\n<p> <\/font><\/font><\/font><\/p>\n<p><\/span> <span lang=\"FR-CH\"> <\/p>\n<p>  \u00a0<\/p>\n<div>    \u00a0<\/div>\n<div> <span lang=\"FR\"><font size=\"3\"> <strong><\/p>\n<hr\/>\n<p><\/strong><\/font><\/span> <\/div>\n<div> <span lang=\"FR\"><font size=\"3\"> <font size=\"2\"> <\/p>\n<div align=\"center\"> <font face=\"Arial\" size=\"2\"><strong>Appel <\/strong><\/font> <\/div>\n<div>      \u00a0<\/div>\n<div> <font face=\"Arial\" size=\"2\">une\u00a0r\u00e9union de solidarit\u00e9\u00a0avec les professeurs       tunisiens gr\u00e9vistes de la faim\u00a0 Mohammed MOUMNI, Ali JELLOULI et Moez       ZOUGHLMI, aura lieu : <\/font> <\/div>\n<div>      \u00a0<\/div>\n<div align=\"center\"> <font face=\"Arial\" size=\"2\">Jeudi 13\u00a0 d\u00e9cembre 2007 \u00e0 19h<\/font><\/div>\n<div align=\"center\"> <font face=\"Arial\" size=\"2\">\u00e0 la FTCR , 3 rue de Nantes <\/font> <\/div>\n<div align=\"center\"> <font face=\"Arial\" size=\"2\">Paris 75019<\/font><\/div>\n<div>      \u00a0<\/div>\n<div> <font face=\"Arial\" size=\"2\">Un comit\u00e9 de soutien sera constitu\u00e9 afin de       mener des actions de soutien. <\/p>\n<hr\/>\n<p><\/font> <\/div>\n<div> <font face=\"Arial\" size=\"2\"> <\/p>\n<h5 align=\"center\" style=\"color: blue;\"> <span lang=\"FR-CH\"><font>      F\u00e9d\u00e9ration des Tunisiens pour une Citoyennet\u00e9 des deux Rives<\/font><\/span><\/h5>\n<p align=\"center\"> <span lang=\"FR-CH\">      3, rue de Nantes 75019 PARIS<\/span><\/p>\n<p align=\"center\"> <span lang=\"FR-CH\">      T<\/span><span dir=\"rtl\" lang=\"AR-SA\">\u0623<\/span><span lang=\"FR-CH\">\u00a9l       : 01.46.07.54.04 &#8211; Fax : 01.40.34.18.15 \u00e2\u20ac\u201c<\/span><\/p>\n<p align=\"center\"> <span lang=\"DE-CH\">      E-Mail :<\/span><span lang=\"DE-CH\">\u00a0      <a href=\"mailto:ftcr2@wanadoo.fr\">ftcr2@wanadoo.fr<\/a><\/span><\/p>\n<p align=\"center\"> <span lang=\"DE-CH\">\u00a0<\/span><\/p>\n<p> <span lang=\"DE-CH\">      \u00a0\u00a0\u00a0\u00a0\u00a0\u00a0\u00a0\u00a0\u00a0\u00a0\u00a0\u00a0\u00a0\u00a0\u00a0\u00a0\u00a0\u00a0\u00a0\u00a0\u00a0\u00a0\u00a0 \u00a0<\/span><\/p>\n<h2 align=\"center\" style=\"color: red;\"> <span lang=\"FR-CH\"><\/p>\n<h2 style=\"color: red;\"><font size=\"3\">La FTCR solidaire avec les professeurs licenci\u00e9s en gr\u00e8ve de la faim en       Tunisie<\/font><\/h2>\n<p><\/span><\/h2>\n<p>      \u00a0<\/p>\n<p>      La FTCR exprime sa solidarit\u00e9 avec les professeurs Ali Jallouli,\u00a0 Mohamed       Moumni et Moez Zoghlami qui ont entam\u00e9 une gr\u00e8ve de la faim au si\u00e8ge\u00a0 du       syndicat g\u00e9n\u00e9ral de l\u2019enseignement secondaire      <span dir=\"rtl\" lang=\"AR-SA\">\u0623<\/span>\u00a0       Tunis depuis le\u00a0 mardi 20 novembre 2007. <\/p>\n<p>      \u00a0<\/p>\n<p>      Par cette action, ils d\u00e9noncent leur licenciement\u00a0 abusif par le Minist\u00e8re       de l\u2019\u00e9ducation Nationale en raison de leur engagement\u00a0 syndical et leur       participation \u00e0 la gr\u00e8ve des enseignants au mois d\u2019avril\u00a0 dernier.<\/p>\n<p>      \u00a0<\/p>\n<p>      Cette gr\u00e8ve de la faim a suscit\u00e9 un grand \u00e9lan de solidarit\u00e9 au\u00a0 sein de       la soci\u00e9t\u00e9 civile tunisienne et notamment le mouvement syndical, des\u00a0       droits humains et les partis de l\u2019opposition.<\/p>\n<p>      \u00a0<\/p>\n<p>      La FTCR exprime aux trois gr\u00e9vistes de la faim sa pleine solidarit\u00e9 et       d\u00e9nonce le recours \u00e0 ces sanctions d\u00e9guis\u00e9es, indignes d\u2019un pays de       droits.<\/p>\n<p>      \u00a0<\/p>\n<p>      La FTCR appelle au respect du droit syndical, garanti par la constitution       et tous les trait\u00e9s et conventions internationales, ratifi\u00e9s par la\u00a0       Tunisie.<\/p>\n<p>      \u00a0<\/p>\n<h2 style=\"color: red;\"> <span lang=\"FR-CH\"><font size=\"2\">Pour la FTCR, le bureau<\/font><\/span><\/h2>\n<p>      \u00a0<\/p>\n<h6 style=\"color: blue;\"><span lang=\"FR-CH\"><em><u><font size=\"2\">Paris le 11 d\u00e9cembre 2007<\/font><\/u><\/em><\/span><\/h6>\n<p> <\/font> <\/div>\n<div> <font face=\"Arial\"><\/p>\n<hr\/>\n<p><\/font> <\/div>\n<div>      \u00a0<\/div>\n<div align=\"center\"> <font face=\"Arial\" size=\"2\"><strong>COMMUNIQUE DE PRESSE<\/strong> <strong><\/p>\n<h2 style=\"color: red;\"><font size=\"3\">Tunisie : le PCF soutient les       professeurs en gr\u00e8ve de la faim pour leurs droits<\/font><\/h2>\n<p><\/strong> \u00a0<\/font><\/div>\n<div align=\"justify\">      \u00a0<\/div>\n<div align=\"justify\">             Le Parti communiste fran\u00e7ais apporte tout son soutien aux professeurs       \u00a0gr\u00e9vistes de la faim en Tunisie.               \u00a0Une fois encore le r\u00e9gime du Pr\u00e9sident Ben Ali montre son m\u00e9pris des       \u00a0libert\u00e9s essentielles et des droits les plus \u00e9l\u00e9mentaires en faisant       \u00a0licencier des enseignants parce qu&rsquo;ils sont engag\u00e9s dans la lutte        \u00a0syndicale.              \u00a0On attend de toutes celles et ceux qui ont exprim\u00e9 comme nous leur       \u00a0indignation \u00a0devant la caution officielle fran\u00e7aise apport\u00e9e au r\u00e9gime       \u00a0Mouammar Khadafi, la m\u00eame d\u00e9termination \u00e0 d\u00e9noncer les pratiques        \u00a0polici\u00e8res et autoritaires des autorit\u00e9s tunisiennes.              \u00a0<strong><font>Parti communiste fran\u00e7ais<\/font><\/strong>              \u00a0Paris, le 12 d\u00e9cembre 2007.<\/div>\n<p> <\/font><\/font> <\/span><\/div>\n<p align=\"center\"> <strong><\/strong><\/p>\n<hr\/>\n<p>\u00a0<\/p>\n<p> <\/span> <\/p>\n<p align=\"center\">  \u00a0<\/p>\n<p align=\"center\"> <span lang=\"FR\"><font size=\"3\"><strong>  Doit-on r\u00e9pondre \u00e0 Abdellaziz \u00a0Jeridi \u00a0et consorts\u00a0?<\/strong><\/font><\/span><\/p>\n<p align=\"center\"> <span lang=\"FR\">  Et si oui, comment\u00a0? <\/span><\/p>\n<p align=\"center\"> <span lang=\"FR\"> <strong>Kh\u00e9ma\u00efs Chammari<\/strong><\/span><\/p>\n<p align=\"center\"> <i> <span lang=\"FR\">  Membre du \u00ab\u00a0Collectif du 18 octobre   \u00a0pour les droits et les libert\u00e9s\u00a0\u00bb<\/span><\/i><\/p>\n<p> <span lang=\"FR\">  \u00a0<\/span><\/p>\n<p> <span lang=\"FR\">  Une fois encore \u2013 une fois de plus \u2013 Abdellaziz Jeridi, directeur de   l\u2019Hebdomadaire \u00ab\u00a0 Al Hadahth\u00a0\u00bb, a d\u00e9vers\u00e9 son fiel avin\u00e9 et son stylo \u00e0 bile   malfaisant sur les opposants qui lui sont d\u00e9sign\u00e9s par ses mandants en haut   lieu, leur haine commune de toute forme de dissidence n\u2019ayant d\u2019\u00e9gale que la   l\u00e2chet\u00e9 et la d\u00e9mesure de leurs r\u00e9actions de panique. <\/span><\/p>\n<p> <span lang=\"FR\">  Cela fait un quart de si\u00e8cle que A. Jeridi agit ainsi impun\u00e9ment, en   janissaire docile, injuriant les uns, calomniant les autres, la bave aux   l\u00e8vres, la bouteille de pinard pos\u00e9e sur le bureau pour l\u2019aider dans sa sale   besogne \u2026et, forc\u00e9ment, le tiroir-caisse bien ouvert. <\/span><\/p>\n<p> <span lang=\"FR\">  Sa rh\u00e9torique inquisitrice et ses mensonges \u00e9hont\u00e9s sont connus de toutes et   de tous dans le milieu de la presse et bien au-del\u00e0. Et il serait, tout compte   fait trop facile, de lui jeter \u00e0 la face la vil\u00e9nie de ses m\u00e9thodes   stipendi\u00e9es et celle des voyous interlopes, des \u00ab\u00a0corbeaux \u00bb aux attaques   infamantes, des \u00ab\u00a0Kawadas\u00a0\u00bb ventriloques et des perroquets aux cris d\u2019orfraies   qui lui tiennent lieu d\u2019indicateurs, de \u00ab\u00a0collaborateurs\u00a0\u00bb et de compagnons de   beuverie.<\/span><\/p>\n<p> <span lang=\"FR\">  Une chose est certaine. C\u2019est sur ordre qu\u2019il s\u2019en prend depuis des ann\u00e9es \u00e0   des hommes et des femmes \u2013 non pour contester leurs id\u00e9es, ce qui serait   l\u00e9gitime \u2013 mais pour d\u00e9verser sur eux des flots d\u2019injures et des torrents   d\u2019insultes, avec l\u2019outrecuidance et la l\u00e2chet\u00e9 des ces \u00ab\u00a0seconds couteaux\u00a0\u00bb   assur\u00e9s de leur impunit\u00e9. <\/span><\/p>\n<p> <span lang=\"FR\">  Ses cibles pr\u00e9f\u00e9r\u00e9es depuis, disons quinze ans, ont eu pour nom la LTDH,   Moncef Marzouki, Hamma Hammami, Radhia Nasraoui, Mokhtar Trifi, Khema\u00efs Ksila,   Siham Ben Sedrine, Omar Mestiri, Kamel Jendoubi, Kamel Labidi, Taoufik Ben   Brik, Ahmed Bennour, Ali Laaridh, Slim Bagga, Sa\u00efda Akremi, Raouf Ayadi, Slim   Boukhdhir, Naziha Oum Zyed, Mohamed Charfi, Ayachi Hammami, Lotfi Hajji, les   f\u00e9ministes (ATFD et au-del\u00e0) et moi-m\u00eame. <\/span><\/p>\n<p> <span lang=\"FR\">  L\u2019indigence de l\u2019argumentaire accompagnant les calomnies et les injures est   affligeante, mais l\u2019objectif n\u2019est pas de convaincre ou de d\u00e9battre, mais de   tenter de salir et de d\u00e9sinformer\u00a0! <\/span><\/p>\n<p> <span lang=\"FR\">  Entre deux lamp\u00e9es de (mauvais) vin, ce grossier personnage pr\u00e9dateur ex\u00e9cute   donc avec hargne mais aussi \u2013 de temps en temps \u2013 avec ce qu\u2019il pense \u00eatre   de\u2026.l\u2019humour, (tr\u00e8s primaire), les commandes qui lui sont pass\u00e9es par ses   mandants politiques et, \u00e0 l\u2019occasion, par certains de ses acolytes [tel ce   correspondant d\u2019un \u00ab\u00a0magazine parisien\u00a0\u00bb au lourd itin\u00e9raire\u00a0 extra   journalistique entre Paris, le Caire, Tripoli\u2026. Et une bourse \u00ab\u00a0Fulbright\u00a0\u00bb   outre &#8211; Atlantique]\u00a0!!!<\/span><\/p>\n<p> <span lang=\"FR\">  La question d\u00e8s lors se pose de savoir si l\u2019on doit r\u00e9pondre aux diatribes   fielleuses et fascisantes de ce triste sire et de ses consorts.<\/span><\/p>\n<p> <span lang=\"FR\">  Calomniez, calomniez\u2026il en restera quelque chose. Le risque existe mais le peu   de cr\u00e9dibilit\u00e9 de la presse de caniveau qui sert de support \u00e0 ce type de   \u00ab\u00a0contrats mafieux\u00a0\u00bb t\u00e9l\u00e9guid\u00e9s \u00e0 partir des officines de l\u2019Etat\u2013RCD,   plaiderait plut\u00f4t en faveur du m\u00e9pris \u00e0 l\u2019\u00e9gard de la m\u00e9thode COUE-JERIDI-<\/span><\/p>\n<p> <span lang=\"FR\">  Et puis, une fois que l\u2019on a r\u00e9dig\u00e9 ce feuillet et demi, il serait   d\u00e9raisonnable de consacrer davantage de temps \u00e0 ce type de plumitifs et \u00e0 sa   prose malsaine qui suinte la d\u00e9lation, le mensonge, le machisme, l\u2019homophobie,   le racisme, la x\u00e9nophobie, la fascination vorace pour l\u2019argent et les   pr\u00e9bendes, le conformisme le plus consternant, et surtout la haine panique \u00e0   l\u2019\u00e9gard de toutes les forces de contestation et de dissidence. <\/span><\/p>\n<p> <span lang=\"FR\">  Si vous pensez que j\u2019exag\u00e8re, vous n\u2019avez qu\u2019\u00e0 &#8211; comme le sugg\u00e8rent si bien   Ali Ammar et Ahmed Ben Chemsi, directeurs des hebdomadaires marocains \u00ab\u00a0Le   Journal\u00a0\u00bb et \u00ab\u00a0Tel quel\u00a0\u00bb, au sujet de leur Jeridi local\u00a0&#8211; \u00ab\u00a0d\u00e9piautez son   lexique, scannez ses formules populistes, vous n\u2019y trouverez qu\u2019un seul   message, qu\u2019une seule injonction \u00ab\u00a0le rejet de l\u2019Autre\u00a0\u00bb (\u2026)\u00a0\u00bb. Et ce boutefeu   qui pr\u00e9tend amuser la galerie\u00a0 vise, par son \u00ab\u00a0pilonnage de haine\u00a0\u00bb et ses   intrigues cousues de fil blanc \u00e0 intimider, suscitant la peur et essayant de   semer la division. <\/span><\/p>\n<p> <span lang=\"FR\">  Alors, r\u00e9pondre ou non\u00a0? Je crois qu\u2019il faut le faire en \u00e9vitant toutefois de   se laisser entra\u00eener dans sa spirale de petit malfrat glauque et en s\u2019en   tenant \u00e0 l\u2019essentiel\u00a0: Cet homme re\u00e7oit des ordres \u00ab\u00a0sonnants et tr\u00e9buchants\u00a0\u00bb   pour mentir. Il manipule et tord les faits avec la plus \u00e9vidente des mauvaises   fois .Et au-del\u00e0, il faut faire confiance aux lectrices et aux lecteurs qui, \u00e0   la longue, finiront par s\u00e9parer le bon grain de l\u2019ivraie. <\/span><\/p>\n<p> <span lang=\"FR\">  A cela, j\u2019ajoute toutefois, un autre \u00e9l\u00e9ment\u00a0: <\/span><\/p>\n<p> <span lang=\"FR\">  En quinze ans, j\u2019ai d\u00e9pos\u00e9 en vain quatre plaintes justifi\u00e9es contre ce type   de \u00ab\u00a0journaux\u00a0\u00bb pour refus de m\u2019accorder, conform\u00e9ment \u00e0 la loi, le droit de   r\u00e9ponse qui est d\u00fb \u00e0 tout citoyen s\u2019estimant diffam\u00e9. Ces proc\u00e9dures ont \u00e9t\u00e9   toutes bloqu\u00e9es\u00a0; la derni\u00e8re en date concernant cet avocat cam\u00e9l\u00e9on   \u00ab\u00a0liguard\u00a0\u00bb et \u00ab\u00a0progressiste\u00a0\u00bb \u00e0 temps partiel et \u00ab\u00a0chouchout\u00e9\u00a0\u00bb, le reste du   service, par la presse de caniveau pour ses exc\u00e8s ultra la\u00efcs et \u00e9radicateurs.   Quand on sait avec quel z\u00e8le et avec quelle c\u00e9l\u00e9rit\u00e9, le minist\u00e8re public a   diligent\u00e9, il y a quelques mois la plainte engag\u00e9e contre\u00a0Omar Mestiri et   \u00ab\u00a0Kalima\u00a0\u00bb pour diffamation\u00a0; il est bien \u00e9vident qu\u2019il y a une \u00ab\u00a0justice\u00a0\u00bb \u00e0   double vitesse pratiquant \u00ab\u00a0les deux poids et les deux mesures\u00a0\u00bb\u00a0!<\/span><\/p>\n<p> <span lang=\"FR\">  \u00a0Il n\u2019emp\u00eache, j\u2019ai tout de m\u00eame d\u00e9cid\u00e9 de d\u00e9poser plainte sur deux points\u00a0:  <\/span><\/p>\n<p> <span lang=\"FR\">  \u00a0<\/span><\/p>\n<p> <span lang=\"FR\">  \u00a0<\/span><\/p>\n<p> <span lang=\"FR\">  1.<span>\u00a0\u00a0\u00a0\u00a0\u00a0\u00a0  <\/span><\/span> <span dir=\"ltr\" lang=\"FR\">  Le premier concerne la menace de l\u2019usage de \u00ab\u00a0cassettes pornographiques\u00a0\u00bb.\u00a0 La   menace est explicite. Elle ne me fait pas peur mais j\u2019ai honte pour mon pays   quand je lis que, quinze ans apr\u00e8s ce forfait commis contre Ali Laaridh qui   \u00e9tait \u00e0 l\u2019\u00e9poque en prison, on le menace \u00e0 nouveau et on me menace aujourd\u2019hui   d\u2019une seconde cassette apr\u00e8s les fameuses photos truqu\u00e9es dont a \u00e9t\u00e9 victime   Sihem Ben Sedrine\u00a0! Honte \u00e0 ceux qui prof\u00e8rent ces menaces et honte \u00e0 ceux qui   les inspirent et les fournissent \u00e9ventuellement en\u2026.mat\u00e9riel truqu\u00e9\u00a0! Notre\u00a0   pays civilis\u00e9 ne m\u00e9rite pas cela\u00a0!!<\/span><\/p>\n<p> <span lang=\"FR\">  2.<span>\u00a0\u00a0\u00a0\u00a0\u00a0\u00a0  <\/span><\/span> <span dir=\"ltr\" lang=\"FR\">  Je d\u00e9pose plainte, en citation directe, \u00e0 Tunis et devant le tribunal   administratif \u00e0 Alger sur un point et un seul. \u00a0A. Jeridi, a en effet \u00e9crit,   entre deux hoquets d\u2019ivrogne incurable, que j\u2019ai \u00e9t\u00e9 refoul\u00e9 \u00e0 l\u2019a\u00e9roport   d\u2019Alger car les autorit\u00e9s alg\u00e9riennes avaient la preuve de [ma] collusion avec   les groupes terroristes islamistes alg\u00e9riens\u00a0!!<\/span><\/p>\n<p> <span lang=\"FR\">  J\u2019ai \u00e9t\u00e9 refoul\u00e9 d\u2019Alger \u00e0 l\u2019occasion d\u2019une mission de la FIDH, du REMDH et   Centre du Caire d\u2019Etudes des Droits de l\u2019Homme. J\u2019\u00e9tais accompagn\u00e9 du   pr\u00e9sident de la LTDH, M\u00b0 Mokhtar Trifi et, \u00e0 ce jour, aucune explication n\u2019a   \u00e9t\u00e9 avanc\u00e9e m\u00eame si le pr\u00e9sident Bouteflika, \u00e0 qui j\u2019en ai parl\u00e9 \u00e0 la   Conf\u00e9rence du Club de Madrid quelques mois plus tard, s\u2019\u00e9tait montr\u00e9 apaisant.  <\/span><\/p>\n<p> <span lang=\"FR\">  A. Jeridi affirme aujourd\u2019hui avoir l\u2019explication. Il a l\u2019obligation d\u2019en   faire \u00e9tat devant les tribunaux \u00e0 Alger et \u00e0 Tunis. Et il peut compter sur moi   pour que je ne c\u00e8de pas le moins du monde sur ce droit relatif \u00e0 une question   d\u2019une telle gravit\u00e9. <\/span><\/p>\n<p dir=\"ltr\"> <span lang=\"FR\">  Comme dirait le chroniqueur anonyme d\u2019un autre article d\u2019\u00a0\u00ab\u00a0Al Hadath\u00a0\u00bb,   parole de \u00ab\u00a0fils de quartier\u00a0\u00bb (eh oui, j\u2019en suis fier, le quartier de Bir   Et-Taraz \u00e0 Rad\u00e8s m\u2019a inculqu\u00e9 les valeurs de dignit\u00e9 et la bonne riposte aux   petits malfrats)\u00a0; mais surtout, parole (comme ils disent) de   \u00ab\u00a0droits-de-l\u2019Hommistes\u00a0\u00bb\u2026. et fier de l\u2019\u00eatre depuis Mars 1977, \u00e0 la ligue   fran\u00e7aise d\u2019abord (et oui\u00a0!&#8230; en avant le ch\u0153ur des eunuques\u00a0 \u00ab\u00a0patriotards\u00a0\u00bb   pour la circonstance), \u00e0 la LTDH et \u00e0 la FIDH ensuite. Trente ans durant   lesquelles j\u2019ai altern\u00e9 le bon et le moins bon, les succ\u00e8s et certains paris   manqu\u00e9s que je n\u2019ai pas h\u00e9sit\u00e9 \u00e0 remettre en cause (\u00e0 commencer par le   \u00ab\u00a0soutien critique\u00a0\u00bb de 1991-1995) malgr\u00e9 les intimidations, les tracasseries,   la r\u00e9pression et l\u2019attitude indigne des janissaires et autres mamelouks du   type de A.Jeridi et consorts. Car pour ces plumitifs, form\u00e9s au s\u00e9rail et aux   m\u0153urs du 7 Novembre, le mensonge, l\u2019amalgame et l\u2019injure tiennent (l\u00e2chement)   lieu de \u00ab\u00a0d\u00e9bats\u00a0\u00bb, assur\u00e9s qu\u2019ils sont de leur   impunit\u00e9.\u00a0\u00a0\u00a0\u00a0\u00a0\u00a0\u00a0\u00a0\u00a0\u00a0\u00a0\u00a0\u00a0\u00a0\u00a0\u00a0\u00a0\u00a0\u00a0\u00a0\u00a0\u00a0\u00a0\u00a0\u00a0\u00a0\u00a0\u00a0\u00a0\u00a0\u00a0\u00a0\u00a0\u00a0\u00a0\u00a0\u00a0\u00a0\u00a0\u00a0\u00a0\u00a0\u00a0\u00a0\u00a0\u00a0\u00a0\u00a0\u00a0 K.C\u00a0 \u00a0<\/span><\/p>\n<p dir=\"ltr\">\u00a0<\/p>\n<hr\/>\n<p>\u00a0<\/p>\n<p align=\"center\" dir=\"ltr\">  \u00a0<font size=\"3\">\u00a0<\/font><\/p>\n<p align=\"center\"> <strong><span lang=\"FR-CH\">La soci\u00e9t\u00e9   de l\u2019ob\u00e9issance<\/span><\/strong><\/p>\n<p dir=\"ltr\"> <b> <span lang=\"FR-CH\">  Par Tijani Harcha<\/span><\/b><\/p>\n<p dir=\"ltr\"> <span lang=\"FR-CH\">\u00a0<\/span><\/p>\n<p dir=\"ltr\"> <span lang=\"FR-CH\">C\u2019est sans   doute la premi\u00e8re fois que la Tunisie contemporaine fait l\u2019objet d\u2019une   recherche universitaire de cette envergure. B\u00e9atrice Hibou y a pass\u00e9 une   d\u00e9cennie \u00e0 scruter, d\u00e9cortiquer, recouper et lire des kyrielles de documents   et d\u2019ouvrages. Elle a ratiss\u00e9 large en entretiens avec des officiels, des   diplomates, des bailleurs de fonds, des hommes d\u2019affaires, des opposants, des   intellectuels.<\/span><\/p>\n<p dir=\"ltr\"> <span lang=\"FR-CH\">\u00a0<\/span><\/p>\n<p dir=\"ltr\"> <span lang=\"FR-CH\">De cet effort   consid\u00e9rable elle a tir\u00e9 un livre au titre \u00e9nigmatique La force de   l\u2019ob\u00e9issance, manifestement inspir\u00e9 des \u00e9crits de JJ Rousseau. Citons, de   m\u00e9moire, l\u2019auteur du Contrat social : \u00ab Le plus fort n\u2019est jamais assez fort   pour \u00eatre toujours le ma\u00eetre, s\u2019il ne transforme sa force en droit et   l\u2019ob\u00e9issance en devoir. \u00bb Est-ce \u00e0 dire que le pouvoir absolu qui r\u00e9gnait   alors sur toute l\u2019Europe du 18e si\u00e8cle est toujours d\u2019actualit\u00e9 en Tunisie ?   En tous cas, le choix du titre le laisse clairement entendre bien que, par   ailleurs, il est question d\u2019adh\u00e9sion encadr\u00e9e et de repr\u00e9sentativit\u00e9 de la   soci\u00e9t\u00e9.<\/span><\/p>\n<p dir=\"ltr\"> <span lang=\"FR-CH\">\u00a0<\/span><\/p>\n<p dir=\"ltr\"> <span lang=\"FR-CH\">Mais, au-del\u00e0   de ces appr\u00e9ciations exp\u00e9ditives dont on examinera plus loin le bien-fond\u00e9, il   y a le r\u00e9cit qui restitue les pratiques du pouvoir au quotidien et conf\u00e8re \u00e0   cette recherche son originalit\u00e9. Appliqu\u00e9e \u00e0 des situations probl\u00e9matiques,   cette approche permet de saisir concr\u00e8tement la nature des relations de   pouvoir et la finalit\u00e9 des traitements adopt\u00e9s.<\/span><\/p>\n<p dir=\"ltr\"> <span lang=\"FR-CH\">\u00a0<\/span><\/p>\n<p dir=\"ltr\"> <span lang=\"FR-CH\">De bout en bout   de l\u2019ouvrage, les r\u00e9cits d\u00e9filent passant au crible les \u00ab performances \u00bb du   r\u00e9gime, \u00e0 l\u2019abri du pacte s\u00e9curitaire et de la rente islamique. Ils se suivent   et se ressemblent, parfois jusqu\u2019\u00e0 l\u2019ennui : \u00e9conomie de march\u00e9, pluralisme,   mise \u00e0 niveau, Etat de droit, consensus etc. soit toute la logomachie   internationale de la bonne gouvernance qui fonde l\u2019apolog\u00e9tique officielle   depuis deux d\u00e9cennies. La lecture critique de cet affichage d\u00e9voile un paysage   tr\u00e8s diff\u00e9rent o\u00f9 la fiction, le trompe-l\u2019\u0153il et le mythe l\u2019emportent sur la   r\u00e9alit\u00e9. Deux centres d\u2019int\u00e9r\u00eat retiennent particuli\u00e8rement l\u2019attention :   l\u2019usage de l\u2019argent et l\u2019encadrement des populations.<\/span><\/p>\n<p dir=\"ltr\"> <span lang=\"FR-CH\">\u00a0<\/span><\/p>\n<ol dir=\"ltr\" type=\"1\">\n<li> <b><span lang=\"FR-CH\">\u00ab Le     pouvoir \u00e0 cr\u00e9dit \u00bb<\/span><\/b> <\/li>\n<li> <b><span lang=\"FR-CH\">\u00a0<\/span><\/b><\/li>\n<\/ol>\n<p dir=\"ltr\"> <span lang=\"FR-CH\"><font face=\"Arial\" size=\"2\">\u00ab Le pouvoir \u00e0 cr\u00e9dit \u00bb, c\u2019est   d\u2019abord les cr\u00e9ances douteuses des banques qui \u00ab camouflent des d\u00e9penses   \u00e9tatiques non budg\u00e9tis\u00e9es \u00bb ; c\u2019est aussi \u00ab des banques transform\u00e9es en   agences de distribution de pr\u00eats de la banque centrale de Tunisie \u00bb ; c\u2019est   \u00e9galement la cr\u00e9ation artificielle d\u2019une bourgeoisie \u00e0 cr\u00e9dit gr\u00e2ce aux pr\u00eats   non remboursables. \u00bb Tout se passe comme si l\u2019argent ne co\u00fbte rien puisqu\u2019il   suffit d\u2019ouvrir les vannes et de soigner la pr\u00e9sentation.<\/font><\/span><\/p>\n<p dir=\"ltr\"> <span lang=\"FR-CH\">Ce tableau   inqui\u00e9tant dress\u00e9 par l\u2019auteure a apparemment \u00e9mu certaines instances   ext\u00e9rieures et non des moindres. C\u2019est ainsi que le directeur g\u00e9n\u00e9ral du FMI,   en personne, a fait le d\u00e9placement jusqu\u2019\u00e0 Tunis en mars 2005. Gendarme autant   que m\u00e9decin, Rodrigo De RATO a us\u00e9 d\u2019un euph\u00e9misme diplomatique pour d\u00e9finir   sa mission en disant qu\u2019elle avait pour but d\u2019assurer \u00ab le suivi des   politiques macro-\u00e9conomiques et financi\u00e8res. \u00bb Le relais sera assur\u00e9, trois   semaines plus tard, par le contr\u00f4leur g\u00e9n\u00e9ral de la cour des comptes f\u00e9d\u00e9rale   des Etats-Unis, David WALKER, qui a \u00e9voqu\u00e9 \u00e0 la fin de son s\u00e9jour \u00ab   l\u2019imp\u00e9ratif de la transparence en tant qu\u2019\u00e9l\u00e9ment essentiel de la gouvernance   moderne. \u00bb Chacun a compris en relief ce qui est \u00e9nonc\u00e9 en creux.<\/span><\/p>\n<p dir=\"ltr\"> <span lang=\"FR-CH\">\u00a0<\/span><\/p>\n<p dir=\"ltr\"> <span lang=\"FR-CH\">Il ne fait   aucun doute que les travaux de B. Hibou \u2013 qui se sont \u00e9tal\u00e9s sur une d\u00e9cennie   \u2013 \u00e9taient attentivement suivis \u00e0 Washington et que les interventions des   bailleurs de fonds ne rel\u00e8vent pas du registre protocolaire. Elles nous   interpellent dans la mesure o\u00f9 elles constituent une ing\u00e9rence manifeste dans   les affaires de notre pays. Comment expliquer le silence de la Banque Centrale   face \u00e0 cette d\u00e9bauche financi\u00e8re, elle qui a eu en charge la mise en \u0153uvre de   la politique mon\u00e9taire et qui dispose \u00e0 cet effet d\u2019un arsenal impressionnant   de moyens de contr\u00f4le et de dissuasion pour imposer la discipline \u00e0 toutes les   banques ? Pour sa part, la cour des comptes n\u2019est-elle pas comp\u00e9tente pour   v\u00e9rifier les comptes de l\u2019Etat et des organismes qui lui sont rattach\u00e9s ? Le   parlement, enfin, qui vote le budget, n\u2019a-t-il pas pour vocation de contr\u00f4ler   la gestion de l\u2019Etat, \u00e0 travers ses commissions permanentes ? Autant   d\u2019interrogations qui renvoient \u00e0 la question, plus g\u00e9n\u00e9rale, de l\u2019organisation   des pouvoirs. En effet, si les instances de r\u00e9gulation sont en \u00e9tat de carence   c\u2019est parce qu\u2019elles rel\u00e8vent, toutes, de l\u2019hyperconcentration des pouvoirs,   alors que la gouvernance moderne postule leur s\u00e9paration ; c&rsquo;est-\u00e0-dire leur   autonomie. Cette conception de l\u2019organisation des pouvoirs est impraticable en   r\u00e9gime de parti unique, m\u00eame matin\u00e9e d\u2019un pluralisme de fa\u00e7ade.<\/span><\/p>\n<p dir=\"ltr\"> <span lang=\"FR-CH\">\u00a0<\/span><\/p>\n<p dir=\"ltr\"> <b><span lang=\"FR-CH\">2. \u00ab   L\u2019adh\u00e9sion encadr\u00e9e \u00bb<\/span><\/b><\/p>\n<p dir=\"ltr\"> <span lang=\"FR-CH\">Sous ce titre   g\u00e9n\u00e9rique, B.H. regroupe tous les rouages de contr\u00f4le de la soci\u00e9t\u00e9 ; elle   passe au peigne fin les moyens de normalisation mis en place par le r\u00e9gime.   Tout y est : Police pl\u00e9thorique, justice conforme, organisations patronales et   syndicales inf\u00e9od\u00e9es ou noyaut\u00e9es, bureaucratie tri\u00e9e sur le volet,   entreprises \u00e9troitement contr\u00f4l\u00e9es par des cellules dites professionnelles,   villes et villages plac\u00e9s sous la surveillance de cellules territoriales et de   comit\u00e9s de quartier et de chefs de secteur (omdas).<\/span><\/p>\n<p dir=\"ltr\"> <span lang=\"FR-CH\">\u00a0<\/span><\/p>\n<p dir=\"ltr\"> <span lang=\"FR-CH\">Tel est le   constat, accablant, dress\u00e9 par B.H. apr\u00e8s une d\u00e9cennie d\u2019investigations.   Jamais la Tunisie n\u2019a connu autant d\u2019acharnement du pouvoir \u00e0 la soumettre, ni   du temps de la colonisation, ni apr\u00e8s. Rien ne justifie cet acharnement,   s\u2019agissant d\u2019un pays aussi profond\u00e9ment apais\u00e9 et indemne des fractures   religieuses, ethniques ou tribales qui font des ravages partout ailleurs.<\/span><\/p>\n<p dir=\"ltr\"> <span lang=\"FR-CH\">Comment   expliquer qu\u2019un peuple aussi homog\u00e8ne, habitu\u00e9 depuis fort longtemps aux   joutes intellectuelles et politiques, assoiff\u00e9 de libert\u00e9, puisse sombrer dans   la m\u00e9diocrit\u00e9 du parti unique et du pouvoir personnel ?<\/span><\/p>\n<p dir=\"ltr\"> <span lang=\"FR-CH\">\u00a0<\/span><\/p>\n<p dir=\"ltr\"> <span lang=\"FR-CH\">Ce dernier ne   s\u2019\u00e9panouit pleinement que dans la subordination de tous les pouvoirs et de   tous les contrepouvoirs. Dans un syst\u00e8me aussi monolithique il n\u2019y a pas de   place pour l\u2019adh\u00e9sion, fut-elle encadr\u00e9e. B. Hibou \u00e9vite ces questions et s\u2019en   tient au fonctionnement des rouages de normalisation de l\u2019Etat et du RCD.   Pourtant, la tyrannie du pouvoir prend sa source dans la confusion des rouages   qui aboutit \u00e0 une configuration on ne peut plus dangereuse dans la mesure o\u00f9   l\u2019Etat n\u2019est plus qu\u2019une citadelle priv\u00e9e du RCD et ce dernier, \u00e9rig\u00e9 en   administration publique, n\u2019existe que par les fonctionnaires en d\u00e9tachement,   le budget et la logistique de l\u2019Etat et des entreprises et services qui en   d\u00e9pendent. C\u2019est ainsi que l\u2019Etat n\u2019est plus l\u2019Etat de tous les Tunisiens et   le RCD n\u2019est plus un parti politique. B. Hibou passe sous silence le co\u00fbt de   imbroglio juridico-politique qui est pourtant consid\u00e9rable : discrimination   des citoyens, non respect de l\u2019\u00e9galit\u00e9 de traitement, administration publique   d\u00e9sorient\u00e9e, prolif\u00e9ration de pouvoirs occultes, corruption\u2026<\/span><\/p>\n<p dir=\"ltr\"> <span lang=\"FR-CH\">\u00a0<\/span><\/p>\n<p dir=\"ltr\"> <span lang=\"FR-CH\">On voit bien   que l\u2019obsession de s\u00e9curit\u00e9 par sa d\u00e9mesure, conduit le r\u00e9gime \u00e0 devenir   lui-m\u00eame une source majeure de dangers en infantilisant et en \u00e9touffant la   soci\u00e9t\u00e9. B. Hibou est tomb\u00e9e dans ce pi\u00e8ge lorsqu\u2019elle affirme \u00ab que le RCD   est repr\u00e9sentatif de la soci\u00e9t\u00e9 \u00bb tout en soutenant, par ailleurs qu\u2019il n\u2019est   pas un parti politique mais une administration qui d\u00e9double et parasite la   plupart des administrations de l\u2019Etat.<\/span><\/p>\n<p dir=\"ltr\"> <span lang=\"FR-CH\">\u00a0<\/span><\/p>\n<p dir=\"ltr\"> <span lang=\"FR-CH\">Si le r\u00e9gime de   parti unique a rendu des services \u00e9minents au pays durant la premi\u00e8re phase de   l\u2019ind\u00e9pendance en raison de la faiblesse des structures \u00e9tatiques, il   constitue aujourd\u2019hui un obstacle majeur sur la voie de sa modernisation. Ce   n\u2019est pas par hasard si la quasi-totalit\u00e9 des pays qui en ont fait   l\u2019exp\u00e9rience ont fini par l\u2019abandonner, apr\u00e8s avoir compris qu\u2019il est   incompatible avec les exigences de libert\u00e9 et de justice qui sont les piliers   de tout d\u00e9ve<\/span><\/p>\n<p dir=\"ltr\">  \u00a0<\/p>\n<p dir=\"ltr\"> <span lang=\"FR-CH\"> <strong>(Source\u00a0: \u00ab\u00a0Kalima\u00a0\u00bb (Mensuel \u2013 \u00f6lectronique), N\u00b0 58- D\u00e9cembre 2007)<\/strong><\/span><\/p>\n<p> <span lang=\"FR-CH\"> <\/p>\n<p dir=\"ltr\">\u00a0<\/p>\n<hr\/>\n<p>\u00a0<\/p>\n<p dir=\"ltr\">  \u00a0<\/p>\n<h3 align=\"center\" style=\"color: blue;\">\n<h3 style=\"color: blue;\"><font face=\"Arial\" size=\"3\">Le &rsquo;11&rsquo;, date   r\u00e9currente pour les attentats islamistes<\/font><\/h3>\n<\/h3>\n<div> <span> <\/p>\n<p> <font>\u0650AFP, le 11 d\u00e9cembre 2007 \u00e0 17h34<\/font><\/p>\n<p><\/span><\/div>\n<p>\u00a0<\/p>\n<p><font face=\"Arial\" size=\"2\">Depuis   ceux du 11 septembre 2001, plusieurs attentats attribu\u00e9s \u00e0 des islamistes ont   \u00e9t\u00e9 commis un 11, \u00e0 l&rsquo;instar de ceux perp\u00e9tr\u00e9s mardi \u00e0 Alger.   \u00a0   &#8211; 11 septembre 2001 &#8211; ETATS-UNIS: La plus grave offensive d&rsquo;Al- Qa\u00efda: des   avions d\u00e9tourn\u00e9s d\u00e9truisent les tours jumelles du World Trade Center \u00e0 New   York et endommagent le Pentagone \u00e0 Washington. Un quatri\u00e8me s&rsquo;\u00e9crase en   Pennsylvanie. 3056 morts dont 2823 dans les twin towers.\u00a0\u00a0\u00a0\u00a0\u00a0\u00a0\u00a0\u00a0\u00a0 <\/font><\/p>\n<p><font face=\"Arial\" size=\"2\">&#8211; 11 mars   2004 &#8211; ESPAGNE: Une dizaine de bombes explosent vers 07h30 \u00e0 Madrid et dans sa   banlieue \u00e0 bord de quatre trains, faisant 191 morts et environ 1900 bless\u00e9s.   La piste Al-Qa\u00efda r\u00e9appara\u00eet avec la revendication par les brigades Abou Hafs   al-Masri.\u00a0\u00a0\u00a0\u00a0\u00a0\u00a0\u00a0\u00a0\u00a0 <\/font><\/p>\n<p><font face=\"Arial\" size=\"2\">&#8211; 11 avril   2006 &#8211; PAKISTAN: Au moins 57 personnes tu\u00e9es par l&rsquo;explosion d&rsquo;une ou deux   bombes lors d&rsquo;une c\u00e9r\u00e9monie religieuse rassemblant quelques 50 000 sunnites \u00e0   Karachi.\u00a0\u00a0\u00a0\u00a0\u00a0\u00a0\u00a0\u00a0\u00a0 <\/font><\/p>\n<p><font face=\"Arial\" size=\"2\">&#8211; 11   juillet 2006 &#8211; INDE: 183 personnes tu\u00e9es et pr\u00e8s de 900 bless\u00e9es dans une   s\u00e9rie d&rsquo;attentats qui frappent des trains ou des gares de la banlieue de   Bombay. Les autorit\u00e9s soup\u00e7onnent les islamistes qui combattent les troupes   f\u00e9d\u00e9rales au Cachemire indien.\u00a0\u00a0\u00a0\u00a0\u00a0\u00a0\u00a0 <\/font><\/p>\n<p><font face=\"Arial\" size=\"2\">Le m\u00eame   jour, sept touristes indiens sont tu\u00e9s et 35 personnes bless\u00e9es dans une s\u00e9rie   d&rsquo;attentats \u00e0 la grenade perp\u00e9tr\u00e9s dans des zones touristiques de Srinagar,   principale ville du Cachemire indien, et attribu\u00e9s par les autorit\u00e9s aux   rebelles s\u00e9paratistes islamistes.\u00a0\u00a0\u00a0\u00a0\u00a0\u00a0\u00a0\u00a0\u00a0 <\/font><\/p>\n<p><font face=\"Arial\" size=\"2\">&#8211; 11 avril   2007 &#8211; ALGERIE: Trente morts et plus de 200 bless\u00e9s dans deux attentats \u00e0   Alger, visant le Palais du gouvernement et un commissariat de la banlieue est   d&rsquo;Alger, et revendiqu\u00e9s par la Branche d&rsquo;Al-Qa\u00efda au Maghreb (BAQMI, ex-GSPC,   ralli\u00e9 \u00e0 Al-Qa\u00efda en 2006).\u00a0\u00a0\u00a0\u00a0\u00a0\u00a0\u00a0\u00a0\u00a0 <\/font><\/p>\n<p><font face=\"Arial\" size=\"2\">&#8211; 11   juillet 2007 &#8211; ALGERIE: Dix militaires tu\u00e9s et 35 bless\u00e9s \u00e0 Lakhdaria (au   sud-est d&rsquo;Alger) dans une attaque-suicide contre une caserne, revendiqu\u00e9e par   la BAQMI.\u00a0\u00a0\u00a0\u00a0\u00a0\u00a0\u00a0\u00a0\u00a0 <\/font><\/p>\n<p><font face=\"Arial\" size=\"2\">&#8211; 11   d\u00e9cembre 2007 &#8211; ALGERIE: Deux attentats \u00e0 la voiture pi\u00e9g\u00e9e font au moins 62   morts sur les hauteurs d&rsquo;Alger, devant le si\u00e8ge du Haut Commissariat des   Nations unies pour les r\u00e9fugi\u00e9s (HCR) et du Programme des Nations unies pour   le d\u00e9veloppement (PNUD) et pr\u00e8s de la Cour supr\u00eame et du Conseil   constitutionnel.<\/font><\/p>\n<p> <\/span> <\/p>\n<p dir=\"ltr\"> <strong><\/strong><\/p>\n<hr\/>\n<p>\u00a0<\/p>\n<div align=\"center\">\n<h3 style=\"color: blue;\"><font face=\"Arial\"><strong>Pr\u00e9sidentielle russe: l&rsquo;opposant     Kasparov jette l&rsquo;\u00e9ponge<\/strong><\/font><\/h3>\n<\/div>\n<p><font><strong> <\/p>\n<div>         \u00a0AFP &#8211; Mercredi 12 d\u00e9cembre, 15h02      MOSCOU (AFP) &#8211; L&rsquo;ancien champion du monde d&rsquo;\u00e9checs et opposant Garry     Kasparov a annonc\u00e9 mercredi \u00e0 Moscou qu&rsquo;il jetait l&rsquo;\u00e9ponge dans l&rsquo;\u00e9lection     pr\u00e9sidentielle de mars 2008.     \u00a0     \u00ab\u00a0Ma campagne \u00e9lectorale finit demain (jeudi). Dans tout Moscou, on n&rsquo;a pas     r\u00e9ussi \u00e0 trouver une salle o\u00f9 mes militants pourraient se rassembler\u00a0\u00bb, a     d\u00e9clar\u00e9 M. Kasparov, leader du mouvement d&rsquo;opposition L&rsquo;Autre Russie, en     marge d&rsquo;un Congr\u00e8s d&rsquo;ONG.     \u00ab\u00a0L&rsquo;Autre Russie ne se bat pour le pouvoir, mais lutte pour qu&rsquo;une vraie     \u00e9lection ait lieu\u00a0\u00bb, a ajout\u00e9 l&rsquo;ancien champion d&rsquo;\u00e9checs.     Pour pouvoir briguer la pr\u00e9sidence, les candidats dits \u00ab\u00a0ind\u00e9pendants\u00a0\u00bb (dont     les partis ne sont pas repr\u00e9sent\u00e9s au Parlement) doivent \u00eatre formellement     soutenus par un \u00ab\u00a0groupe d&rsquo;initiative\u00a0\u00bb compos\u00e9 d&rsquo;au moins 500 personnes.     Garry Kasparov estime qu&rsquo;il ne pourra pas, en raison de l&rsquo;ostracisme dont il     est victime de la part du pouvoir, trouver une salle et r\u00e9unir son groupe     avant le 18 d\u00e9cembre, date limite pour d\u00e9poser sa candidature.     \u00ab\u00a0Nous payons (les propri\u00e9taires des salles, ndlr), ils sont d&rsquo;accords, il     n&rsquo;y a pas de probl\u00e8me. Et ensuite, ils rappellent et disent qu&rsquo;ils refusent,     qu&rsquo;ils ne peuvent plus donner de salle pour des raisons techniques\u00a0\u00bb, a     soulign\u00e9 M. Kasparov.     La coalition h\u00e9t\u00e9roclite L&rsquo;Autre Russie, qui rassemble d\u00e9mocrates, lib\u00e9raux     et nationaux-bolch\u00e9viques, avait choisi en septembre l&rsquo;ancien champion     d&rsquo;\u00e9checs comme son candidat \u00e0 la pr\u00e9sidentielle.     M. Kasparov avait commenc\u00e9 \u00e0 collecter les deux millions de signatures     requises pour se pr\u00e9senter, un d\u00e9fi consid\u00e9r\u00e9 comme insurmontable pour son     mouvement, sans grande assise r\u00e9gionale et sans acc\u00e8s aux t\u00e9l\u00e9visions     publiques russes.     Engag\u00e9 en politique depuis 2005 et la cr\u00e9ation de son propre mouvement, le     Front civique uni, M. Kasparov dit vouloir \u00ab\u00a0d\u00e9fier la dictature de Poutine\u00a0\u00bb.     Il est devenu en quelques mois un symbole de l&rsquo;opposition au Kremlin,     surtout aux yeux de la presse \u00e9trang\u00e8re et des Occidentaux. Faute de     visibilit\u00e9 dans les m\u00e9dias locaux, il est quasiment inconnu des Russes en     qualit\u00e9 d&rsquo;opposant.     D\u00e9but d\u00e9cembre, il a critiqu\u00e9 les l\u00e9gislatives les qualifiant d'\u00a0\u00bb\u00e9lections     les plus malhonn\u00eates\u00a0\u00bb de \u00ab\u00a0l&rsquo;histoire moderne de la Russie\u00a0\u00bb.<\/div>\n<p>   \u00a0<\/p>\n<p><\/strong><\/font><\/p>\n<\/div>\n<div>\u00a0<\/div>\n<p><\/font><\/p>\n<hr\/>\n<p align=\"center\">\u00a0<\/p>\n<p align=\"center\"><b><a href=\"http:\/\/www.tunisnews.net\"><span>Home<\/span><span lang=\"FR-CH\"> &#8211; Accueil <\/span><span>&#8211; <\/span><span dir=\"rtl\" lang=\"AR-SA\">\u0627\u0644\u0631\u0626\u064a\u0633\u064a\u0629<\/span><\/a><\/b><\/p>\n<p align=\"center\"><b><span dir=\"rtl\" lang=\"AR-SA\">\u00a0<\/span><\/b><\/p>\n<p><\/body><\/body><\/html><\/p>\n","protected":false},"excerpt":{"rendered":"<p>Home &#8211; Accueil &#8211; TUNISNEWS 8\u00a0\u00e8me\u00a0ann\u00e9e, N\u00b05\u00a02758 du 12.12.2007 \u00a0archives : www.tunisnews.net AISPP: Le prisonnier politique Sadok Chourou est en danger ! Libert\u00e9 et Equit\u00e9: Sit-in au si\u00e8ge de la Croix Rouge \u00e0 Tunis Libert\u00e9 et Equit\u00e9: Gr\u00e8ve de la faim de Boukadi Pour stopper la mort lente Association Ez-Zeitouna \u2013 Suisse &#8211;\u00a0\u00a0 Bureau juridique: [&hellip;]<\/p>\n","protected":false},"author":1,"featured_media":22040,"comment_status":"open","ping_status":"open","sticky":false,"template":"","format":"standard","meta":{"inline_featured_image":false,"site-sidebar-layout":"default","site-content-layout":"","ast-site-content-layout":"default","site-content-style":"default","site-sidebar-style":"default","ast-global-header-display":"","ast-banner-title-visibility":"","ast-main-header-display":"","ast-hfb-above-header-display":"","ast-hfb-below-header-display":"","ast-hfb-mobile-header-display":"","site-post-title":"","ast-breadcrumbs-content":"","ast-featured-img":"","footer-sml-layout":"","ast-disable-related-posts":"","theme-transparent-header-meta":"","adv-header-id-meta":"","stick-header-meta":"","header-above-stick-meta":"","header-main-stick-meta":"","header-below-stick-meta":"","astra-migrate-meta-layouts":"default","ast-page-background-enabled":"default","ast-page-background-meta":{"desktop":{"background-color":"","background-image":"","background-repeat":"repeat","background-position":"center center","background-size":"auto","background-attachment":"scroll","background-type":"","background-media":"","overlay-type":"","overlay-color":"","overlay-opacity":"","overlay-gradient":""},"tablet":{"background-color":"","background-image":"","background-repeat":"repeat","background-position":"center center","background-size":"auto","background-attachment":"scroll","background-type":"","background-media":"","overlay-type":"","overlay-color":"","overlay-opacity":"","overlay-gradient":""},"mobile":{"background-color":"","background-image":"","background-repeat":"repeat","background-position":"center center","background-size":"auto","background-attachment":"scroll","background-type":"","background-media":"","overlay-type":"","overlay-color":"","overlay-opacity":"","overlay-gradient":""}},"ast-content-background-meta":{"desktop":{"background-color":"var(--ast-global-color-5)","background-image":"","background-repeat":"repeat","background-position":"center center","background-size":"auto","background-attachment":"scroll","background-type":"","background-media":"","overlay-type":"","overlay-color":"","overlay-opacity":"","overlay-gradient":""},"tablet":{"background-color":"var(--ast-global-color-5)","background-image":"","background-repeat":"repeat","background-position":"center center","background-size":"auto","background-attachment":"scroll","background-type":"","background-media":"","overlay-type":"","overlay-color":"","overlay-opacity":"","overlay-gradient":""},"mobile":{"background-color":"var(--ast-global-color-5)","background-image":"","background-repeat":"repeat","background-position":"center center","background-size":"auto","background-attachment":"scroll","background-type":"","background-media":"","overlay-type":"","overlay-color":"","overlay-opacity":"","overlay-gradient":""}},"footnotes":""},"categories":[],"tags":[64,38,29],"class_list":["post-19447","post","type-post","status-publish","format-standard","has-post-thumbnail","hentry","tag-64","tag-38","tag-fr"],"_links":{"self":[{"href":"https:\/\/tunisnews.net\/ar\/wp-json\/wp\/v2\/posts\/19447","targetHints":{"allow":["GET"]}}],"collection":[{"href":"https:\/\/tunisnews.net\/ar\/wp-json\/wp\/v2\/posts"}],"about":[{"href":"https:\/\/tunisnews.net\/ar\/wp-json\/wp\/v2\/types\/post"}],"author":[{"embeddable":true,"href":"https:\/\/tunisnews.net\/ar\/wp-json\/wp\/v2\/users\/1"}],"replies":[{"embeddable":true,"href":"https:\/\/tunisnews.net\/ar\/wp-json\/wp\/v2\/comments?post=19447"}],"version-history":[{"count":0,"href":"https:\/\/tunisnews.net\/ar\/wp-json\/wp\/v2\/posts\/19447\/revisions"}],"wp:featuredmedia":[{"embeddable":true,"href":"https:\/\/tunisnews.net\/ar\/wp-json\/wp\/v2\/media\/22040"}],"wp:attachment":[{"href":"https:\/\/tunisnews.net\/ar\/wp-json\/wp\/v2\/media?parent=19447"}],"wp:term":[{"taxonomy":"category","embeddable":true,"href":"https:\/\/tunisnews.net\/ar\/wp-json\/wp\/v2\/categories?post=19447"},{"taxonomy":"post_tag","embeddable":true,"href":"https:\/\/tunisnews.net\/ar\/wp-json\/wp\/v2\/tags?post=19447"}],"curies":[{"name":"wp","href":"https:\/\/api.w.org\/{rel}","templated":true}]}}