{"id":19436,"date":"2008-01-17T00:00:00","date_gmt":"2008-01-17T00:00:00","guid":{"rendered":"https:\/\/tunisnews.net\/17-janvier-2008\/"},"modified":"2008-01-17T00:00:00","modified_gmt":"2008-01-17T00:00:00","slug":"17-janvier-2008","status":"publish","type":"post","link":"https:\/\/tunisnews.net\/ar\/17-janvier-2008\/","title":{"rendered":"17 janvier 2008"},"content":{"rendered":"<p><html><head><meta content=\"text\/html\" description=\"  Une nouvelle vague d\u2019arrestations, de licenciements abusifs et de\u00a0 violences   polici\u00e8res de tout genre continue \u00e0 s\u00e9vir \u00e0 l\u2019Universit\u00e9 Tunisienne, conduites   par les \u00e9tudiants du parti au pouvoir et \u00a0la police politique, pr\u00e9sente en   permanence pour\u00a0 garantir un musellement total de l\u2019espace \u00e9tudiant et   notamment au niveau de leur \u00a0syndicat, l\u2019Union G\u00e9n\u00e9rale des Etudiants   Tunisiens (UGET). \u00a0\" http-equiv=\"Content-Type\"\/><\/head><body><body><\/p>\n<p align=\"center\" dir=\"ltr\"><b><a href=\"https:\/\/tunisnews.net\/ar\/\"><span>Home<\/span><span lang=\"FR-CH\"> &#8211; Accueil <\/span><span>&#8211;<\/span><\/a><\/b><\/p>\n<p> <font face=\"Arial\" size=\"2\"><\/p>\n<div> <\/div>\n<p><span lang=\"FR\"><\/p>\n<div align=\"center\" dir=\"ltr\"> <font size=\"7\"> <span lang=\"SV\"> <strong>TUNISNEWS<\/strong><\/span> <\/font><\/div>\n<div align=\"center\" dir=\"ltr\"> <strong><font size=\"2\">8\u00a0\u00e8me\u00a0ann\u00e9e, <span lang=\"FR\">N\u00b0 \u00a02794   du 17.01.2008<\/span><\/font><\/strong><\/div>\n<p><strong><\/p>\n<div align=\"center\" dir=\"ltr\"> <b><span><blink> <font size=\"2\">\u00a0archives : <\/font><a href=\"\" target=\"_blank\" rel=\"noopener\"> <font size=\"2\" target=\"_blank\">www.tunisnews.net<\/font><\/a><\/blink><\/span><\/b><font size=\"2\"> <\/font> <span lang=\"FR-CH\"> <span lang=\"FR\"> <span dir=\"rtl\" lang=\"FR\"> <span lang=\"FR-CH\"><font><font> <font><font><\/font><\/font><\/font><\/font><\/span><\/span><\/span><\/span><\/div>\n<p><\/strong><\/span><\/font><font face=\"Arial\"><\/p>\n<div align=\"center\" dir=\"ltr\"> <strong><font><\/p>\n<hr\/>\n<p><\/font><\/strong><\/div>\n<p><span lang=\"FR\"><font size=\"3\"><span lang=\"FR-CH\"><\/p>\n<div> <a> <span lang=\"FR\"> <strong><font>C.R.L.D.H.Tunisie<\/font><\/strong><\/span><\/a><strong><\/p>\n<h2 style=\"color: red;\"><font>:<span lang=\"FR\">Nouvelles   arrestations au sein de l\u2019Union G\u00e9n\u00e9rale des Etudiants Tunisiens (UGET)<\/span><\/font><\/h2>\n<p><\/strong><\/div>\n<div> <span lang=\"FR\"><strong> <font>IFEX-TMG appelle \u00e0 la lib\u00e9ration du journaliste tunisien   Slim Boukhdir, qui sera jug\u00e9 le 18 janvier<\/font> <\/strong><\/span><\/div>\n<div> <span lang=\"FR\"><strong>IFEX-TMG Calls   for Release of Tunisian Journalist Slim Boukhdir, facing trial on 18 January  <\/strong><\/span><\/div>\n<div> <span lang=\"FR-CH\"><strong> <font>Les musulmans de plus en plus pratiquants en France   (Ifop<span dir=\"rtl\"> <\/span>&#8211;<span dir=\"rtl\"> <\/span>La<span dir=\"rtl\"> <\/span>Croix)<\/font><\/strong><\/span><\/div>\n<div> <span lang=\"FR-CH\"><span lang=\"FR\"> <strong>Autobus pour femmes \u00e0 Mexico, pour \u00e9viter les mains aux fesses<\/strong><\/span><\/span><\/div>\n<div> <span lang=\"FR-CH\"><strong> <font>\u00a0<span lang=\"FR\">ReutersTurquie &#8211; Erdogan veut vite   r\u00e9gler le dossier du voile islamique<\/span><\/font><\/strong><\/span><\/div>\n<p><\/span><\/font><\/span><\/font><\/p>\n<div> <font face=\"Arial\"> <span lang=\"FR\"> <span><font size=\"3\"> <span lang=\"FR-CH\"> <font size=\"3\"> <\/p>\n<p align=\"center\" dir=\"ltr\">\u00a0<\/p>\n<p> <strong><\/p>\n<hr\/>\n<p><\/strong><\/font><\/span><\/font><\/span><\/span> <span lang=\"FR\"> <span><\/p>\n<p><font size=\"3\"> <span lang=\"FR-CH\"> <font> <\/p>\n<p dir=\"rtl\"> <strong>\u00a0<\/strong><\/p>\n<p align=\"center\"> <span>\u00a0<\/span><a><span lang=\"FR\"><strong>C.R.L.D.H.Tunisie<\/strong><\/span><\/a><\/p>\n<p align=\"center\"> <span lang=\"FR\">  Comit\u00e9 pour le Respect des Libert\u00e9s et des Droits de l\u2019Homme en Tunisie<\/span><\/p>\n<p align=\"center\">  Membre du R\u00e9seau Euro m\u00e9diterran\u00e9en des Droits de l\u2019Homme<\/p>\n<p align=\"center\"> <span lang=\"FR\">21   ter rue Voltaire \u2013 FR-75011 PARIS\u00a0 &#8211; Tel\/Fax : 00.33. (0)1.43.72.97.34<\/span><\/p>\n<p align=\"center\"> <a href=\"http:\/\/fr.f265.mail.yahoo.com\/ym\/Compose?To=contact@crldht.org\" rel=\"nofollow noopener\" target=\"_blank\" ymailto=\"mailto:contact@crldht.org\"> <span lang=\"FR\"><font>contact@crldht.org<\/font><\/span><\/a> \/  <span> <a href=\"http:\/\/www.crldht.org\/\" rel=\"nofollow noopener\" target=\"_blank\"> <span lang=\"FR\"><font>www.crldht.org<\/font><\/span><\/a><\/span><\/p>\n<p align=\"center\"> <span lang=\"FR\"><strong><font size=\"3\">  Nouvelles arrestations au sein de l\u2019Union G\u00e9n\u00e9rale des Etudiants Tunisiens   (UGET)<\/font><\/strong><\/span><\/p>\n<p> <span lang=\"FR\">\u00a0<\/span><\/p>\n<p> <span lang=\"FR\">  Une nouvelle vague d\u2019arrestations, de licenciements abusifs et de\u00a0 violences   polici\u00e8res de tout genre continue \u00e0 s\u00e9vir \u00e0 l\u2019Universit\u00e9 Tunisienne, conduites   par les \u00e9tudiants du parti au pouvoir et \u00a0la police politique, pr\u00e9sente en   permanence pour\u00a0 garantir un musellement total de l\u2019espace \u00e9tudiant et   notamment au niveau de leur \u00a0syndicat, l\u2019Union G\u00e9n\u00e9rale des Etudiants   Tunisiens (UGET). \u00a0<\/span><\/p>\n<p> <span lang=\"FR\">  \u00a0\u00a0\u00a0\u00a0\u00a0\u00a0\u00a0\u00a0\u00a0 M.<strong> Ali Flah<\/strong>, \u00e9tudiant en 3<sup>\u00e8me<\/sup> cycle   Philosophie et secr\u00e9taire g\u00e9n\u00e9ral adjoint de l\u2019Union G\u00e9n\u00e9rale des Etudiants   Tunisiens (UGET) a \u00e9t\u00e9 arr\u00eat\u00e9 tard la nuit du 07\/01\/2008 par la police   politique du district de Tunis Bab Bhar et conduit vers le poste de Bouchoucha   o\u00f9 il est depuis lors d\u00e9tenu. Le jeune militant <strong>Zied Errajhi,<\/strong>   \u00a0membre du comit\u00e9 r\u00e9gional de Tunis des ch\u00f4meurs dipl\u00f4m\u00e9s, qui l\u2019accompagnait,   \u00a0a \u00e9t\u00e9 \u00e9galement arr\u00eat\u00e9 avec lui. \u00a0\u00a0 \u00a0<\/span><\/p>\n<p> <span lang=\"FR\">  \u00a0\u00a0\u00a0\u00a0\u00a0\u00a0\u00a0\u00a0\u00a0\u00a0 Tous deux ont comparu le vendredi 11\/01\/2208 devant le juge   d\u2019instruction au Tribunal de Tunis\u00a0 qui les a inculp\u00e9 pour\u00a0: Agression d\u2019un   agent policier et \u00e9tat d\u2019\u00e9bri\u00e9t\u00e9. Ils \u00a0ont \u00e9t\u00e9 condamn\u00e9s le mercredi 16   janvier 2008 par le tribunal correctionnel de Tunis \u00e0 un mois de prison ferme   et une amende de 9,600 DT. Il est \u00e9vident que ces deux militants sont jug\u00e9s et   emprisonn\u00e9s pour leurs convictions et leurs activit\u00e9s syndicales au sein de   l\u2019Universit\u00e9 Tunisienne. \u00a0\u00a0<\/span><\/p>\n<p> <span lang=\"FR\">M.<strong>   Ali Flah <\/strong>a \u00e9t\u00e9 arr\u00eat\u00e9 \u00a0\u00e0 plusieurs reprises et ce pour son engagement   militant pour \u00a0l\u2019unification du mouvement syndical \u00e9tudiant et la r\u00e9alisation   de son congr\u00e8s unifi\u00e9 ainsi que pour son engagement sur le plan national dans   diverses causes et notamment au sein du Comit\u00e9 national de soutien aux   enseignants licenci\u00e9s pendant leur derni\u00e8re gr\u00e8ve de la faim. \u00a0<\/span><\/p>\n<p> <span lang=\"FR\">Ce   m\u00eame lundi 07\/01\/2008, un autre militant de l\u2019UGET, le jeune<strong> Rabii   Ouerghi<\/strong>, \u00e9tudiant \u00e0 la facult\u00e9 des sciences de Bizerte a \u00e9t\u00e9 arr\u00eat\u00e9   en ville \u00a0et traduit le lendemain 08\/01\/2008 devant la justice en raison de   ses activit\u00e9s syndicales au sein du bureau f\u00e9d\u00e9ral de la facult\u00e9 et son   engagement au comit\u00e9 national de soutien aux \u00e9tudiants licenci\u00e9s abusivement   de l\u2019Universit\u00e9 Tunisienne. Cette arrestation survient apr\u00e8s son licenciement   abusif de la facult\u00e9 des sciences ainsi que le militant <strong>Issam Sellami<\/strong>   en raison de l\u2019exercice de leurs droits fondamentaux \u00e0 l\u2019expression et \u00e0   l\u2019organisation au sein du syndicat \u00e9tudiant. \u00a0<\/span><\/p>\n<p> <span lang=\"FR\">  \u00a0\u00a0\u00a0\u00a0\u00a0\u00a0\u00a0\u00a0 Rappelons que six \u00a0autres jeunes syndicalistes de la facult\u00e9 des   Lettres et Sciences humaines de Sousse, engag\u00e9s \u00e0 l\u2019Union G\u00e9n\u00e9rale des   Etudiants de Tunisie (UGET) et au Conseil scientifique r\u00e9cemment ont \u00e9t\u00e9   arr\u00eat\u00e9s pendants\u00a0 vacances de fin d\u2019ann\u00e9e. Il s\u2019agit de <strong>Mohamed Amine   Ben Ali<\/strong>, <strong>Ahmed Chaker Ben Dhia<\/strong>, <strong>Karima   Boussetta, Faouzi Hmidette,<\/strong> <strong>Wael Naouar<\/strong> et <strong>  Zied Abb\u00e8s<\/strong>. Le mercredi 02\/01\/2008, ils ont comparu devant le juge   d\u2019instruction du tribunal de premi\u00e8re Instance de Sousse pour inculpations   fallacieuses du type \u00ab\u00a0Entraves \u00e0 la libert\u00e9 du travail et\u00a0 vol de produits   alimentaires\u2026\u00a0\u00bb <\/span><\/p>\n<p> <span lang=\"FR\">  \u00a0\u00a0\u00a0\u00a0\u00a0\u00a0\u00a0\u00a0\u00a0 D\u2019autres jeunes syndicalistes de la m\u00eame institution universitaire   sont recherch\u00e9s et des mandats d\u2019amener ont \u00e9t\u00e9 livr\u00e9s \u00e0 leur encontre. Ce   sont\u00a0:<strong>Jawaher Setta, Rachid Othmani, Majdi Houas, Karim Hammadi,   Abdallah Haj Ali, Ali Ghabri et Abdelwahed Jabli. <\/strong><\/span><\/p>\n<p> <span lang=\"FR\">  \u00a0\u00a0\u00a0\u00a0\u00a0\u00a0\u00a0 Actuellement, l\u2019UGET fait \u00e9tat de 49 \u00e9tudiants, victimes   d\u2019arrestations et de d\u00e9tention, de recherches polici\u00e8res ou\/et de   licenciements abusifs.\u00a0 Ces arrestations et ces r\u00e9pressions surviennent \u00e0 la   suite d\u2019une vague contestataire conduite par l\u2019UGET pour exiger le respect du   droit syndical et l\u2019exercice effectif des droits fondamentaux des \u00e9tudiants \u00e0   la libre expression et aux droits \u00e0 l\u2019association et l\u2019organisation. <\/span> <\/p>\n<p> <span lang=\"FR\">  Cette r\u00e9pression traduit une incapacit\u00e9 r\u00e9elle de la part du pouvoir   despotique tunisien \u00e0 r\u00e9pondre aux attentes et besoins des tunisiens et   notamment leur jeunesse et \u00e0 leurs l\u00e9gitimes aspirations aux libert\u00e9s et \u00e0 la   d\u00e9mocratie. <\/span><\/p>\n<p align=\"left\" dir=\"ltr\"> <span lang=\"FR\">  \u00a0\u00a0\u00a0\u00a0\u00a0\u00a0\u00a0\u00a0\u00a0\u00a0 <\/span> <span>Il affirme son   soutien total \u00e0 la cause des \u00e9tudiants tunisiens qui militent \u00a0pour <\/span> <span>le respect   du droit syndical.\u00a0<\/span><\/p>\n<p align=\"left\" dir=\"ltr\"> <span>\u00a0Il appelle \u00e0   l\u2019\u00e9largissement sans d\u00e9lai des \u00e9tudiants\u00a0 d\u00e9tenus,\u00a0 l\u2019arr\u00eat imm\u00e9diat des   recherches polici\u00e8res et\u00a0 le retour des licenci\u00e9s \u00e0 leurs \u00e9tudes.    Paris, le\u00a0: 17\/01\/2008<\/span><strong>\u00a0<\/strong><\/p>\n<p align=\"right\" dir=\"ltr\"> <strong><\/strong><\/p>\n<hr\/>\n<p align=\"center\"><strong><\/p>\n<p><font size=\"3\">IFEX-TMG appelle \u00e0 la   lib\u00e9ration du journaliste tunisien Slim Boukhdir, qui sera jug\u00e9 le 18 janvier<\/font><\/p>\n<p><\/strong> <\/p>\n<p align=\"justify\">Le Groupe d&rsquo;observation de la Tunisie (TMG), une coalition   r\u00e9unissant 18 organisations membres du r\u00e9seau IFEX (Echange International de   la Libert\u00e9 d&rsquo;Expression), exhorte le gouvernement tunisien \u00e0 lib\u00e9rer le   journaliste Slim Boukhdhir et \u00e0 tourner la page une fois pour toutes des   r\u00e8glements de comptes avec les reporters critiques et les dissidents. <\/p>\n<p align=\"justify\">Le TMG a demand\u00e9 \u00e0 Ma\u00eetre Mohamed Abbou, ancien prisonnier   d&rsquo;opinion lib\u00e9r\u00e9 en juillet 2007, de le repr\u00e9senter au proc\u00e8s de Slim   Boukhdhir. <\/p>\n<p align=\"justify\">Boukhdhir devrait \u00eatre jug\u00e9 le vendredi 18 janvier devant   une cour d&rsquo;appel dans la banlieue de Sfax, la seconde ville tunisienne. Ses   avocats ont fait appel d&rsquo;une d\u00e9cision injuste de la cour, qui l&rsquo;a condamn\u00e9 \u00e0   un an de prison ferme le 4 d\u00e9cembre pour \u00ab\u00a0outrage \u00e0 fonctionnaire dans   l&rsquo;exercice de ses fonctions\u00a0\u00bb et \u00ab\u00a0atteinte aux bonnes moeurs.\u00a0\u00bb <\/p>\n<p align=\"justify\">Les avocats du journaliste, ainsi que des repr\u00e9sentants   d&rsquo;organisations locales et internationales de d\u00e9fense des droits de l&rsquo;homme   qui ont suivi le proc\u00e8s, ont d\u00e9nonc\u00e9 des vices de proc\u00e9dure et indiqu\u00e9 que le   principal crime de Boukhdhir serait la r\u00e9daction d&rsquo;articles pour des m\u00e9dias et   des sites internet internationaux, bloqu\u00e9s en Tunisie, critiques envers le   Pr\u00e9sident Zine El Abidine Ben Ali et la famille de la premi\u00e8re dame. <\/p>\n<p align=\"justify\">Boukhdir a \u00e9t\u00e9 arr\u00eat\u00e9 le 26 novembre \u00e0 Sfax, alors qu&rsquo;il se   rendait \u00e0 Tunis pour y rencontrer comme pr\u00e9vu un officier de police charg\u00e9 de   traiter sa demande de nouveau passeport. Boukhdir a entam\u00e9 une gr\u00e8ve de la   faim en novembre puis en d\u00e9cembre pour protester respectivement contre le   refus des autorit\u00e9s tunisiennes de lui d\u00e9livrer un passeport et contre ses   conditions de d\u00e9tention sordides et le harc\u00e8lement des gardiens et de ses   co-d\u00e9tenus en prison. <\/p>\n<p align=\"justify\">\u00ab\u00a0Le gouvernement tunisien devrait cesser d&rsquo;utiliser le   syst\u00e8me judiciaire pour r\u00e9duire au silence et punir ses critiques. Nous sommes   profond\u00e9ment troubl\u00e9s par les r\u00e9sultats de travaux de recherche universitaire   qui montrent qu&rsquo;il y avait davantage de tol\u00e9rance envers la libert\u00e9   d&rsquo;expression et d&rsquo;association sous l&rsquo;occupation fran\u00e7aise il y a plus de 50   ans que sous le r\u00e8gne du Pr\u00e9sident Ben Ali\u00a0\u00bb, a d\u00e9clar\u00e9 Rohan Jayasekera,   d&rsquo;Index on Censorship, qui pr\u00e9side le TMG. <\/p>\n<p align=\"justify\">Le Professeur Mohamed Talbi, ex-doyen de la Facult\u00e9 des   Lettres \u00e0 Tunis et pr\u00e9sident de l&rsquo;Observatoire pour la libert\u00e9 de presse,   d&rsquo;\u00e9dition et de cr\u00e9ation (OLPEC), membre de l&rsquo;IFEX bas\u00e9 \u00e0 Tunis, fait partie   des \u00e9minents chercheurs tunisiens et internationaux qui sont parvenus \u00e0 cette   conclusion plut\u00f4t triste. <\/p>\n<p align=\"justify\">Le TMG a conduit une s\u00e9rie de missions d&rsquo;enqu\u00eate en Tunisie   depuis janvier 2005 et a publi\u00e9 quatre rapports  <a href=\"http:\/\/campaigns.ifex.org\/tmg\/reports.html\" target=\"_blank\" rel=\"noopener\">  http:\/\/campaigns.ifex.org\/tmg\/reports.html<\/a> et plusieurs alertes sur les   attaques constantes du gouvernement tunisien contre la libert\u00e9 d&rsquo;association   et d&rsquo;expression et sur sa d\u00e9termination \u00e0 interdire ou \u00e0 paralyser les groupes   ind\u00e9pendants et \u00e0 r\u00e9duire au silence les dissidents et les journalistes   critiques. <\/p>\n<p align=\"justify\">\u00ab\u00a0Nous appelons le gouvernement tunisien \u00e0 lib\u00e9rer   imm\u00e9diatement Slim Boukhdhir, qui n&rsquo;a rien fait qui justifie d&rsquo;\u00eatre jet\u00e9   brusquement et injustement dans une cellule de prison sordide loin de sa femme   et de ses deux jeunes enfants\u00a0\u00bb, a dit Jayasekera. <\/p>\n<p align=\"justify\">Les membres de l&rsquo;IFEX-TMG: <\/p>\n<p align=\"justify\">R\u00e9seau d&rsquo;information arabe des droits de l&rsquo;Homme (HRINFO),   \u00c9gypte   ARTICLE 19, Royaume-Uni   Journalistes canadiens pour la libert\u00e9 d&rsquo;expression (CJFE), Canada   Cartoonists Rights Network (CRN), \u00c9tats-Unis   Organisation \u00e9gyptienne pour les droits de l&rsquo;Homme (EOHR), \u00c9gypte   Index on Censorship, Royaume-Uni   F\u00e9d\u00e9ration internationale des journalistes (FIJ), Belgique   F\u00e9d\u00e9ration internationale des associations et institutions de biblioth\u00e8ques   (IFLA), Pays-Bas   Institut international de la presse (IIP), Autriche   Union internationale des \u00e9diteurs (UIE), Suisse   Journaliste en danger (JED), R\u00e9publique d\u00e9mocratique du Congo   Fondation Maharat, Liban   Media Institute of Southern Africa (MISA), Namibie   Centre PEN norv\u00e9gien, Norv\u00e8ge   Association mondiale des radiodiffuseurs communautaires (AMARC), Canada   Association mondiale des journaux (AMJ), France   World Press Freedom Committee (WPFC), \u00c9tats-Unis   Comit\u00e9 des \u00e9crivains en prison de PEN International (WiPC), Royaume-Uni \u00a0<\/p>\n<p>\u00a0<\/p>\n<hr\/>\n<p align=\"center\"><strong><\/p>\n<h2 style=\"color: red;\"><font size=\"3\">IFEX-TMG Calls for   Release of Tunisian Journalist Slim Boukhdir, facing trial on 18 January<\/font><\/h2>\n<p><\/strong> <\/p>\n<p>The Tunisia Monitoring Group (TMG), a coalition of 18 member organisations   of the International Freedom of Expression Exchange (IFEX) network, urges the   Tunisian government to release journalist Slim Boukhdhir and turn for good the   page of settling scores with critical reporters and dissidents. The TMG has   requested lawyer Mohamed Abbou to observe the trial on its behalf. Abbou, a   former prisoner of opinion released in July, is a member of Boukhdir&rsquo;s legal   team. <\/p>\n<p>Boukhdhir is due to appear on Friday 18 January before a court of appeal in   the suburbs of Sfax, Tunisia&rsquo;s second largest city. His lawyers are   challenging an unfair court decision that sent him to prison for one year on 4   December allegedly for \u00ab\u00a0assaulting a government employee in the exercise of   his duty\u00a0\u00bb and \u00ab\u00a0breach of decent behavior.\u00a0\u00bb <\/p>\n<p>Boukhdhir&rsquo;s lawyers, as well as representatives of local and international   human rights groups who observed the trial, denounced judicial procedural   flaws and reported that his main crime was apparently his critical articles   for international media and news websites, blocked locally, on President Zine   El Abidine Ben Ali and the first lady&rsquo;s family. <\/p>\n<p>His arrest occurred on 26 November in Sfax, while on his way to Tunis for a   scheduled meeting with a police officer handling his application for a new   passport. Boukhdir went on hunger strike in November and December respectively   to protest the Tunisian authorities&rsquo; denial to issue his passport and to   protest the squalid prison conditions and harassment by prison guards and   inmates. <\/p>\n<p>\u00ab\u00a0The Tunisian government should stop using the judicial system to silence   and punish its critics. We are deeply disturbed by the results of academic   research showing that there was more tolerance for freedom of expression and   association under the French occupation more than 50 years ago than under   President Ben Ali&rsquo;s rule,\u00a0\u00bb said Rohan Jayasekera of Index on Censorship, TMG   chair. <\/p>\n<p>Professor Mohamed Talbi, former dean of the Faculty of Arts in Tunis and   currently head of the Tunis-based IFEX member, the Observatory for Press   Freedom, Publishing and Creation (OLPEC) was among prominent Tunisian and   international researchers who came to this rather saddening conclusion. <\/p>\n<p>TMG has conducted a series of fact-finding missions in Tunisia since   January 2005 and issued four reports  <a href=\"http:\/\/campaigns.ifex.org\/tmg\/reports.html\" target=\"_blank\" rel=\"noopener\">  http:\/\/campaigns.ifex.org\/tmg\/reports.html<\/a> and several alerts about the   Tunisian government&rsquo;s unrelenting attacks on freedom of association and   expression and determination to ban or cripple independent groups and silence   dissidents and critical journalists. <\/p>\n<p>\u00ab\u00a0We call on the Tunisian government to immediately release Slim Boukhdhir,   who has done nothing wrong to be abruptly and unfairly thrown into a squalid   prison cell away from his wife and two small children,\u00a0\u00bb said Jayasekera. <\/p>\n<p>Members of the IFEX-TMG: <\/p>\n<p>Arabic Network for Human Rights Information (HRINFO), Egypt   ARTICLE 19, United Kingdom   Canadian Journalists for Free Expression (CJFE), Canada   Cartoonists Rights Network (CRN), United States   Egyptian Organization for Human Rights (EOHR), Egypt   Index on Censorship, United Kingdom   International Federation of Journalists (IFJ), Belgium   International Federation of Library Associations and Institutions (IFLA),   Netherlands   International Press Institute (IPI), Austria   International Publishers&rsquo; Association (IPA), Switzerland   Journaliste en danger (JED), Democratic Republic of Congo   Maharat Foundation, Lebanon   Media Institute of Southern Africa (MISA), Namibia   Norwegian PEN, Norway   World Association of Community Radio Broadcasters (AMARC), Canada   World Association of Newspapers (WAN), France   World Press Freedom Committee (WPFC), United States   Writers in Prison Committee of International PEN (WiPC), United Kingdom \u00a0<strong><\/strong><\/p>\n<hr\/>\n<p> <b><i><u> <span dir=\"rtl\" lang=\"AR-SA\">  \u00a0<\/span><\/u><\/i><\/b><\/p>\n<p align=\"center\"> <font size=\"3\"><b><span lang=\"FR-CH\">  Les musulmans de plus en plus pratiquants en France (Ifop<span dir=\"rtl\"> <\/span>&#8211;<span dir=\"rtl\"> <\/span>La<span dir=\"rtl\"> <\/span>Croix)<\/span><\/b><\/font><\/p>\n<p>  AFP, le 16 janvier 2008 \u00e0  <span dir=\"rtl\" lang=\"AR-SA\">20<\/span>h<span dir=\"rtl\" lang=\"AR-SA\">41<\/span><\/p>\n<p>  \u00a0<\/p>\n<p>  \u00a0<\/p>\n<p>  PARIS, 16 jan 2008 (AFP) &#8211; Les musulmans sont de plus en plus pratiquants en   France, 70% d&rsquo;entre eux d\u00e9clarant notamment observer le je\u00fbne du ramadan   contre 60% en 2001, selon une enqu\u00eate de l&rsquo;institut de sondage Ifop publi\u00e9e   jeudi dans le quotidien La Croix.<\/p>\n<p>  \u00a0<\/p>\n<p>  Selon cette \u00e9tude, 71% des musulmans se d\u00e9clarent \u00ab\u00a0croyants\u00a0\u00bb et parmi eux 33%   se d\u00e9clarent \u00ab\u00a0croyants et pratiquants\u00a0\u00bb.<\/p>\n<p>  \u00a0<\/p>\n<p>  Presque quatre musulmans sur dix (39%) disent prier chaque jour. Il \u00e9taient   31% en 1994 et 33% en 2001. Parmi les plus de 55 ans, ils sont 64% \u00e0 prier   chaque jour et 44% parmi les 25-34 ans.<\/p>\n<p>  \u00a0<\/p>\n<p>  La pri\u00e8re du vendredi \u00e0 la mosqu\u00e9e est elle aussi en progression constante:   elle concerne 23% des musulmans en 2007, contre 20% en 2001 et 16% en 1994,   avec une augmentation de la pratique chez les jeunes.<\/p>\n<p>  \u00a0<\/p>\n<p>  Quant au je\u00fbne du ramadan, il est observ\u00e9 par 70% des musulmans en 2007,   contre 60% en 2001 et 1994. A contrario, 20% de musulmans d\u00e9clarent en 2007 ne   pas je\u00fbner alors qu&rsquo;ils \u00e9taient 32% en 1989.<\/p>\n<p>  \u00a0<\/p>\n<p>  L&rsquo;enqu\u00eate a \u00e9t\u00e9 r\u00e9alis\u00e9e \u00e0 partir d&rsquo;un \u00e9chantillon de 537 personnes de 18 ans   et plus qui ont d\u00e9clar\u00e9 appartenir \u00e0 une famille d&rsquo;origine musulmane, habitant   en France. Les entretiens ont eu lieu en face \u00e0 face du 8 au 17 d\u00e9cembre 2007.<\/p>\n<p>  \u00a0<\/p>\n<p>  La France compte entre 4 et 5 millions de musulmans. Le religion musulmane est   la deuxi\u00e8me apr\u00e8s le catholicisme.<\/p>\n<p> <b><\/b><\/p>\n<hr\/>\n<p>  \u00a0<\/p>\n<p align=\"center\"> <span lang=\"FR\"><strong><\/p>\n<h2 style=\"color: red;\"><font size=\"3\">Autobus pour femmes \u00e0   Mexico, pour \u00e9viter les mains aux fesses<\/font><\/h2>\n<p><\/strong><\/span><\/p>\n<p>  AFP, le 16 janvier 2008 \u00e0  <span dir=\"rtl\" lang=\"AR-SA\">06<\/span>h<span dir=\"rtl\" lang=\"AR-SA\">26<\/span><\/p>\n<p> <b> <span lang=\"DE-CH\">\u00a0<\/span><\/b><\/p>\n<p> <b> <span lang=\"DE-CH\">  Par Sofia MISELEM<\/span><\/b><\/p>\n<p> <span lang=\"DE-CH\">\u00a0<\/span><\/p>\n<p>  MEXICO, 16 jan 2008 (AFP) &#8211; \u00ab\u00a0Voyager entre femmes, c&rsquo;est beaucoup plus   agr\u00e9able, m\u00eame si j&rsquo;ai 58 ans les hommes se collent \u00e0 moi, alors imaginez ce   qu&rsquo;ils font aux jeunettes\u00a0\u00bb, raconte Alejandra Lugo qui vient de s&rsquo;installer   dans un autobus r\u00e9serv\u00e9 aux femmes qui circule depuis lundi \u00e0 Mexico.<\/p>\n<p>  \u00a0<\/p>\n<p>  Dans le cadre d&rsquo;un programme pilote destin\u00e9 \u00e0 prot\u00e9ger les passag\u00e8res souvent   expos\u00e9es au harc\u00e8lement sexuel dans les transports en commun de Mexico,   plusieurs lignes tr\u00e8s fr\u00e9quent\u00e9es proposent toutes les 20 ou 30 minutes des   bus interdits aux hommes, notamment aux heures de pointe.<\/p>\n<p>  \u00a0<\/p>\n<p>  Selon le parquet de Mexico, 14% des cas de harc\u00e8lement, abus sexuels et viols   contre des femmes ont \u00e9t\u00e9 commis en 2007 dans les transports en communs (m\u00e9tro   et autobus).<\/p>\n<p>  \u00a0<\/p>\n<p>  \u00ab\u00a0Il faut supporter les hommes qui vous poussent, qui vous pelotent et qui   tentent de vous arracher le sac \u00e0 main. Aucun ne c\u00e8de la place aux femmes   enceintes ou avec des enfants\u00a0\u00bb, se plaint Susana Navarro, une dessinatrice   industrielle de 29 ans.<\/p>\n<p>  \u00a0<\/p>\n<p>  Sandra Jimenez, une belle femme de 29 ans, sort de son sac son n\u00e9cessaire, et   se maquille m\u00e9ticuleusement tout en expliquant que gr\u00e2ce \u00e0 cette \u00ab\u00a0bonne   surprise\u00a0\u00bb de ce d\u00e9but d&rsquo;ann\u00e9e 2008, elle a d\u00e9laiss\u00e9 le taxi, bien plus cher   que le bus.<\/p>\n<p>  \u00a0<\/p>\n<p>  Si les autobus exclusifs pour femmes rencontrent le succ\u00e8s escompt\u00e9, ils   pourraient contribuer \u00e0 une \u00e9volution vestimentaire. \u00ab\u00a0Avec ce type de   transport, je pourrais m&rsquo;habiller un peu mieux,mettre des jupes sans qu&rsquo;on   m&rsquo;ennuie\u00a0\u00bb, ajoute Sandra Jimenez.<\/p>\n<p>  \u00a0<\/p>\n<p>  Dans le m\u00e9tro d\u00e9j\u00e0, les trois premi\u00e8res rames de chaque train sont r\u00e9serv\u00e9es   aux femmes, mais seulement aux heures de pointe. \u00ab\u00a0Une femme peut entrer vierge   dans un wagon de m\u00e9tro etressortir enceinte\u00a0\u00bb, plaisante Linda Perez, une   Mexicaine de 21ans.<\/p>\n<p>  \u00a0<\/p>\n<p>  Jos\u00e9 Aragon, chauffeur de bus depuis 13 ans, relate qu&rsquo;il a d\u00fb\u00a0\u00bbporter   assistance \u00e0 des passag\u00e8res qui \u00e9taient agress\u00e9es par des hommes\u00a0\u00bb et appeler   la police en renfort \u00e0 plusieurs reprises.<\/p>\n<p>  Pour plus de s\u00e9curit\u00e9, deux agents du R\u00e9seau de transport en commun (RTP)   prennent place dans les v\u00e9hicules pour \u00e9viter l&rsquo;irruption d&rsquo;un \u00e9ventuel   intrus.<\/p>\n<p>  \u00a0<\/p>\n<p>  Ils font une exception pour les dames qui voyagent avec un enfant, une   personne handicap\u00e9e ou \u00e2g\u00e9e de sexe masculin. \u00ab\u00a0Quand on dit aux hommes que   c&rsquo;est un autobus r\u00e9serv\u00e9 aux femmes, certains s&rsquo;\u00e9nervent voire nous insultent   mais aucun n&rsquo;a encore essay\u00e9 d&rsquo;entrer par la force\u00a0\u00bb, explique Daniel Islas, un   des agents s\u00e9curit\u00e9 de la RTP.<\/p>\n<p> <span>\u00a0<\/span><\/p>\n<p> <b><span>AFP <\/span><\/b><\/p>\n<hr\/>\n<p><\/font><\/span> <\/p>\n<p align=\"center\"> <span lang=\"FR\"><font><strong>\u00a0<\/strong><\/font><\/span><\/p>\n<p align=\"center\"> <span lang=\"FR\"><font size=\"3\"><strong>Turquie &#8211; Erdogan veut vite r\u00e9gler le   dossier du voile islamique<\/strong><\/font><\/span><\/p>\n<p> <font>Reuters, le 17 janvier 2008 \u00e0  <span dir=\"rtl\" lang=\"AR-SA\">10<\/span>h<span dir=\"rtl\" lang=\"AR-SA\">51<\/span><\/font><\/p>\n<p> <font>\u00a0<\/font><\/p>\n<p> <font>ANKARA, 17 janvier (Reuters) &#8211; Le d\u00e9bat sur le port du   voile islamique &#8211; jusqu&rsquo;ici interdit &#8211; dans les universit\u00e9s turques peut \u00eatre   rapidement r\u00e9gl\u00e9 sans avoir \u00e0 attendre l&rsquo;adoption d&rsquo;une nouvelle constitution,   a d\u00e9clar\u00e9 le Premier ministre Tayyip Erdogan.<\/font><\/p>\n<p> <font>\u00ab\u00a0Nous surmonterons ensemble ce probl\u00e8me (&#8230;) Il n&rsquo;est   pas n\u00e9cessaire d&rsquo;attendre la nouvelle constitution. Il est tr\u00e8s simple de   r\u00e9gler cette question. Nous allons nous asseoir \u00e0 la m\u00eame table et la r\u00e9gler   d&rsquo;une seule phrase\u00a0\u00bb, a dit Erdogan mercredi soir \u00e0 son retour d&rsquo;une visite en   Espagne, rapporte le quotidien Sabah.<\/font><\/p>\n<p> <font>L&rsquo;AKP, le parti au pouvoir, est issu de la mouvance   islamiste et entend revenir sur l&rsquo;interdiction totale du port du voile dans   les \u00e9tablissements d&rsquo;enseignement sup\u00e9rieur, dans un article de la nouvelle   constitution projet\u00e9e.<\/font><\/p>\n<p> <font>L&rsquo;adoption de cette nouvelle constitution devrait   prendre au moins un an et l&rsquo;AKP est press\u00e9 par ses militants de prendre une   d\u00e9cision rapide, malgr\u00e9 l&rsquo;opposition des milieux la\u00efques et notamment des   militaires.<\/font><\/p>\n<p> <font>L&rsquo;un des deux principaux partis d&rsquo;opposition, le MHP   nationaliste, s&rsquo;est dit favorable \u00e0 un assouplissement de la loi actuelle mais   le tr\u00e8s la\u00efc CHP y est farouchement oppos\u00e9.<\/font><\/p>\n<p> <font>\u00ab\u00a0Le MHP a dit d&rsquo;accord. Le CHP non. Alors, nous allons   continuer avec ceux qui sont pr\u00eats au changement\u00a0\u00bb, a ajout\u00e9 Erdogan.<\/font><\/p>\n<p> <font>Lors de sa visite \u00e0 Madrid, Erdogan s&rsquo;est plaint de voir   que les \u00e9tudiantes musulmanes dans les pays d&rsquo;Europe de l&rsquo;Ouest pouvaient   assister aux cours sans quitter le voile, alors que cela n&rsquo;est pas possible   dans son pays, pourtant tr\u00e8s majoritairement musulman. <\/font><\/p>\n<p> <font>\u00a0<\/font><\/p>\n<p> <strong><font>REUTERS<\/font><\/strong><\/p>\n<p> <strong><font>\u00a0<\/font><\/strong><\/p>\n<p><\/font><\/p>\n<p><\/span><\/span><\/font><\/div>\n<hr\/>\n<p align=\"center\">\u00a0<\/p>\n<p align=\"center\"><b><a href=\"https:\/\/tunisnews.net\/ar\/\"><span>Home<\/span><span lang=\"FR-CH\"> &#8211; Accueil <\/span><span>&#8211; <\/span><span dir=\"rtl\" lang=\"AR-SA\">\u0627\u0644\u0631\u0626\u064a\u0633\u064a\u0629<\/span><\/a><\/b><\/p>\n<p align=\"center\"><b><span dir=\"rtl\" lang=\"AR-SA\">\u00a0<\/span><\/b><\/p>\n<p><\/body><\/body><\/html><\/p>","protected":false},"excerpt":{"rendered":"<p>Home &#8211; Accueil &#8211; TUNISNEWS 8\u00a0\u00e8me\u00a0ann\u00e9e, N\u00b0 \u00a02794 du 17.01.2008 \u00a0archives : www.tunisnews.net C.R.L.D.H.Tunisie :Nouvelles arrestations au sein de l\u2019Union G\u00e9n\u00e9rale des Etudiants Tunisiens (UGET) IFEX-TMG appelle \u00e0 la lib\u00e9ration du journaliste tunisien Slim Boukhdir, qui sera jug\u00e9 le 18 janvier IFEX-TMG Calls for Release of Tunisian Journalist Slim Boukhdir, facing trial on 18 January [&hellip;]<\/p>\n","protected":false},"author":1,"featured_media":22040,"comment_status":"open","ping_status":"open","sticky":false,"template":"","format":"standard","meta":{"inline_featured_image":false,"site-sidebar-layout":"default","site-content-layout":"","ast-site-content-layout":"default","site-content-style":"default","site-sidebar-style":"default","ast-global-header-display":"","ast-banner-title-visibility":"","ast-main-header-display":"","ast-hfb-above-header-display":"","ast-hfb-below-header-display":"","ast-hfb-mobile-header-display":"","site-post-title":"","ast-breadcrumbs-content":"","ast-featured-img":"","footer-sml-layout":"","ast-disable-related-posts":"","theme-transparent-header-meta":"","adv-header-id-meta":"","stick-header-meta":"","header-above-stick-meta":"","header-main-stick-meta":"","header-below-stick-meta":"","astra-migrate-meta-layouts":"default","ast-page-background-enabled":"default","ast-page-background-meta":{"desktop":{"background-color":"","background-image":"","background-repeat":"repeat","background-position":"center center","background-size":"auto","background-attachment":"scroll","background-type":"","background-media":"","overlay-type":"","overlay-color":"","overlay-opacity":"","overlay-gradient":""},"tablet":{"background-color":"","background-image":"","background-repeat":"repeat","background-position":"center center","background-size":"auto","background-attachment":"scroll","background-type":"","background-media":"","overlay-type":"","overlay-color":"","overlay-opacity":"","overlay-gradient":""},"mobile":{"background-color":"","background-image":"","background-repeat":"repeat","background-position":"center center","background-size":"auto","background-attachment":"scroll","background-type":"","background-media":"","overlay-type":"","overlay-color":"","overlay-opacity":"","overlay-gradient":""}},"ast-content-background-meta":{"desktop":{"background-color":"var(--ast-global-color-5)","background-image":"","background-repeat":"repeat","background-position":"center center","background-size":"auto","background-attachment":"scroll","background-type":"","background-media":"","overlay-type":"","overlay-color":"","overlay-opacity":"","overlay-gradient":""},"tablet":{"background-color":"var(--ast-global-color-5)","background-image":"","background-repeat":"repeat","background-position":"center center","background-size":"auto","background-attachment":"scroll","background-type":"","background-media":"","overlay-type":"","overlay-color":"","overlay-opacity":"","overlay-gradient":""},"mobile":{"background-color":"var(--ast-global-color-5)","background-image":"","background-repeat":"repeat","background-position":"center center","background-size":"auto","background-attachment":"scroll","background-type":"","background-media":"","overlay-type":"","overlay-color":"","overlay-opacity":"","overlay-gradient":""}},"footnotes":""},"categories":[],"tags":[53,39,29],"class_list":["post-19436","post","type-post","status-publish","format-standard","has-post-thumbnail","hentry","tag-53","tag-39","tag-fr"],"_links":{"self":[{"href":"https:\/\/tunisnews.net\/ar\/wp-json\/wp\/v2\/posts\/19436","targetHints":{"allow":["GET"]}}],"collection":[{"href":"https:\/\/tunisnews.net\/ar\/wp-json\/wp\/v2\/posts"}],"about":[{"href":"https:\/\/tunisnews.net\/ar\/wp-json\/wp\/v2\/types\/post"}],"author":[{"embeddable":true,"href":"https:\/\/tunisnews.net\/ar\/wp-json\/wp\/v2\/users\/1"}],"replies":[{"embeddable":true,"href":"https:\/\/tunisnews.net\/ar\/wp-json\/wp\/v2\/comments?post=19436"}],"version-history":[{"count":0,"href":"https:\/\/tunisnews.net\/ar\/wp-json\/wp\/v2\/posts\/19436\/revisions"}],"wp:featuredmedia":[{"embeddable":true,"href":"https:\/\/tunisnews.net\/ar\/wp-json\/wp\/v2\/media\/22040"}],"wp:attachment":[{"href":"https:\/\/tunisnews.net\/ar\/wp-json\/wp\/v2\/media?parent=19436"}],"wp:term":[{"taxonomy":"category","embeddable":true,"href":"https:\/\/tunisnews.net\/ar\/wp-json\/wp\/v2\/categories?post=19436"},{"taxonomy":"post_tag","embeddable":true,"href":"https:\/\/tunisnews.net\/ar\/wp-json\/wp\/v2\/tags?post=19436"}],"curies":[{"name":"wp","href":"https:\/\/api.w.org\/{rel}","templated":true}]}}