{"id":19399,"date":"2011-05-18T00:00:00","date_gmt":"2011-05-18T00:00:00","guid":{"rendered":"https:\/\/tunisnews.net\/18-mai-2011\/"},"modified":"2011-05-18T00:00:00","modified_gmt":"2011-05-18T00:00:00","slug":"18-mai-2011","status":"publish","type":"post","link":"https:\/\/tunisnews.net\/ar\/18-mai-2011\/","title":{"rendered":"18 mai 2011"},"content":{"rendered":"<p><html><head><meta content=\"text\/html\" description=\"TUNIS - Deux hommes tu\u00e9s lors d'un \u00e9change \n\t\tde tirs avec les forces de l'ordre tunisienne mercredi dans la localit\u00e9 \n\t\tde Rouhia, \u00e0 environ 200 km \u00e0 l'ouest de Tunis, sont fortement suspect\u00e9s \n\t\td'appartenir \u00e0 Al-Qa\u00efda, a d\u00e9clar\u00e9 \u00e0 l'AFP une source autoris\u00e9e.\" http-equiv=\"Content-Type\"\/><\/head><body><body><\/p>\n<div>\n<div align=\"center\" dir=\"ltr\"><font face=\"Bookman Old Style\" size=\"7\"><strong>TUNISNEWS <\/strong><\/font><\/div>\n<div align=\"center\" dir=\"ltr\"><strong><font face=\"Arial\" size=\"2\">11 \u00e8me ann\u00e9e, N\u00b04012 du 18.05.2011<\/font><\/strong><\/div>\n<div align=\"center\" dir=\"ltr\"><font face=\"Arial\" size=\"2\"><strong>archives : <\/strong><\/font><a target=\"_blank\" rel=\"noopener\"><font face=\"Arial\" size=\"2\"><strong>www.tunisnews.net<\/strong><\/font><\/a><span lang=\"FR\"><strong><font face=\"Arial\" size=\"2\"><\/font><\/strong><\/span><\/div>\n<p><span lang=\"FR\"><\/p>\n<p><font><font face=\"Arial\" size=\"2\"><\/p>\n<div align=\"center\" dir=\"ltr\">\n<hr\/>\n<\/div>\n<div align=\"left\" dir=\"ltr\">\n<h2 style=\"color: red;\"><font face=\"Arial\" size=\"2\"><strong>AFP: Premi\u00e8res victimes probables d&rsquo;Al-Qa\u00efda dans la Tunisie post-Ben Ali<\/strong><\/font><\/h2>\n<\/div>\n<div><font face=\"Arial\" size=\"2\"><strong>AFP: Tunisie: le gouvernement veut maintenir l&rsquo;\u00e9lection au 24 juillet<\/strong><\/font><\/div>\n<div>\n<h2 style=\"color: red;\"><font face=\"Arial\" size=\"2\"><strong>AFP: La Berd attend l&rsquo;aval de ses actionnaires pour aider l&rsquo;Afrique du Nord<\/strong><\/font><\/h2>\n<\/div>\n<div><font face=\"Arial\" size=\"2\"><strong>Reuters: Tunis menace de saisir l&rsquo;Onu apr\u00e8s des tirs de l&rsquo;arm\u00e9e libyenne<\/strong><\/font><\/div>\n<div>\n<h2 style=\"color: red;\"><font face=\"Arial\" size=\"2\"><strong>AFP: Essebsi confirme les \u00e9lections tunisiennes pour le 24 juillet<\/strong><\/font><\/h2>\n<\/div>\n<div><font face=\"Arial\" size=\"2\"><strong>AFP: Tunis: lev\u00e9e du couvre-feu \u00e0 partir de ce mercredi (officiel)<\/strong><\/font><\/div>\n<div>\n<h2 style=\"color: red;\"><font face=\"Arial\" size=\"2\"><strong>AFP: Le pr\u00e9sident fran\u00e7ais veut aider la Tunisie \u00e0 r\u00e9ussir sa transition d\u00e9mocratique<\/strong><\/font><\/h2>\n<\/div>\n<div><font face=\"Arial\" size=\"2\"><strong>Dynamique Citoyenne des Tunisiens \u00e0 l\u2019Etranger (D.C.T.E.) : Proposition de cr\u00e9ation d\u2019un r\u00e9seau international de p\u00f4les culturels tunisiens<\/strong><\/font><\/div>\n<div>\n<p><font face=\"Arial\" size=\"2\"><strong>Khaled BEN M\u2019BAREK: Lettre ouverte a l\u2019attention du gouvernement provisoire et de l\u2019opinion publique de Tunisie<\/strong><\/font><\/p>\n<\/div>\n<div><font face=\"Arial\" size=\"2\"><strong>Fares BEY: Mise au point concernant l&rsquo;intervie\u200bw du professeur Abdelwaheb Bouhdiba au journal la presse le 14\\05\\2011<\/strong><\/font><\/div>\n<div>\n<h2 style=\"color: red;\"><font face=\"Arial\" size=\"2\"><strong>Khaled Falah: Non au recours \u00e0 l&rsquo;ONU<\/strong><\/font><\/h2>\n<hr\/>\n<p><font face=\"Arial\" size=\"4\"><strong>REVUE DE PRESSE<\/strong><\/font> <\/div>\n<hr\/>\n<div align=\"center\"><font face=\"Arial\" size=\"2\"><\/p>\n<h2 style=\"color: red;\"><font size=\"3\"><strong>Nord de la Tunisie: 2 hommes tu\u00e9s fortement suspect\u00e9s d&rsquo;appartenir \u00e0 Al-Qa\u00efda<\/strong><\/font><\/h2>\n<p><\/font><\/div>\n<div align=\"center\">\n<hr\/>\n<\/div>\n<div><font face=\"Arial\" size=\"2\">AFP \/ 18 mai 2011 13h38 \u00a0<\/font><\/div>\n<div><font face=\"Arial\" size=\"2\">TUNIS &#8211; Deux hommes tu\u00e9s lors d&rsquo;un \u00e9change de tirs avec les forces de l&rsquo;ordre tunisienne mercredi dans la localit\u00e9 de Rouhia, \u00e0 environ 200 km \u00e0 l&rsquo;ouest de Tunis, sont fortement suspect\u00e9s d&rsquo;appartenir \u00e0 Al-Qa\u00efda, a d\u00e9clar\u00e9 \u00e0 l&rsquo;AFP une source autoris\u00e9e.<\/font><\/div>\n<div><font face=\"Arial\" size=\"2\">Ces deux hommes portaient des ceintures d&rsquo;explosifs et il s&rsquo;agit de terroristes, fortement suspect\u00e9s d&rsquo;appartenir au r\u00e9seau Al-Qa\u00efda, a ajout\u00e9 cette source qui s&rsquo;est refus\u00e9 \u00e0 d\u00e9voiler la nationalit\u00e9 de ces deux hommes.<\/font><\/div>\n<div><font face=\"Arial\" size=\"2\">Auparavant, une source s\u00e9curitaire et un t\u00e9moin, avaient indiqu\u00e9 \u00e0 l&rsquo;AFP que quatre personnes &#8211; un colonel et un soldat de l&rsquo;arm\u00e9e tunisienne ainsi que deux Libyens &#8211; avaient \u00e9t\u00e9 tu\u00e9es dans un \u00e9change de tirs mercredi \u00e0 Rouhia, localit\u00e9 situ\u00e9e \u00e0 environ 200 km de la fronti\u00e8re alg\u00e9rienne.<\/font><\/div>\n<div><font face=\"Arial\" size=\"2\">Selon une source s\u00e9curitaire deux hommes, arriv\u00e9s en provenance de Sbiba (pr\u00e8s de la ville de Kasserine) se sont dirig\u00e9s vers un parc de stationnement \u00e0 Rouhia o\u00f9 un gardien les a aid\u00e9s \u00e0 transporter leurs bagages, mais il a \u00e9t\u00e9 surpris par le poids de leurs bagages, et a alert\u00e9 la police et l&rsquo;arm\u00e9e.<\/font><\/div>\n<div><font face=\"Arial\" size=\"2\">D\u00e8s l&rsquo;arriv\u00e9e sur place des forces de l&rsquo;ordre, les deux Libyens ont commenc\u00e9 \u00e0 tirer et il y a eu un \u00e9change de tirs entre l&rsquo;arm\u00e9e et ces deux hommes, a ajout\u00e9 cette source.<\/font><\/div>\n<div><font face=\"Arial\" size=\"2\">Le soldat Walid Haji et le colonel Tahar Ayari sont morts dans ces \u00e9changes de tirs, ainsi que les deux Libyens qui avaient sur eux des passeports libyens, a ajout\u00e9 cette source.<\/font><\/div>\n<div><font face=\"Arial\" size=\"2\">Dans un communiqu\u00e9, le minist\u00e8re tunisien de l&rsquo;Int\u00e9rieur, indique que des unit\u00e9s sp\u00e9ciales de la Garde nationale et de l&rsquo;arm\u00e9e avec l&rsquo;aide de quelques citoyens ont pu aux alentours de 06h55 d\u00e9couvrir trois terroristes arm\u00e9s dans la r\u00e9gion de Rouhia.<\/font><\/div>\n<div><font face=\"Arial\" size=\"2\">Ces terroristes on tir\u00e9 sur des unit\u00e9s de l&rsquo;arm\u00e9e et de la garde nationale, blessant trois soldats avec des balles r\u00e9elles dont l&rsquo;un d&rsquo;entre-eux, un colonel, est d\u00e9c\u00e9d\u00e9. Deux de ces terroristes ont \u00e9t\u00e9 tu\u00e9s, tandis que le troisi\u00e8me a r\u00e9ussi \u00e0 s&rsquo;enfuir.<\/font><\/div>\n<div><font face=\"Arial\" size=\"2\">Cette version des faits a \u00e9t\u00e9 confirm\u00e9e par un habitant contact\u00e9 sur place qui a ajout\u00e9 que deux civils avaient \u00e9t\u00e9 bless\u00e9s dont un gri\u00e8vement et que ce dernier avait \u00e9t\u00e9 hospitalis\u00e9 \u00e0 Tunis.<\/font><\/div>\n<div><font face=\"Arial\" size=\"2\">Des h\u00e9licopt\u00e8res de l&rsquo;arm\u00e9e tunisienne survolaient mercredi la r\u00e9gion, a ajout\u00e9 ce t\u00e9moin.<\/font><\/div>\n<div align=\"justify\">\u00a0<\/div>\n<div align=\"justify\">\u00a0<\/div>\n<hr\/>\n<div align=\"justify\"><font face=\"Arial\" size=\"2\">AFP, le 18 mai 2011 \u00e0 14h57 GMT<\/font><\/div>\n<div align=\"center\">\n<h2 style=\"color: red;\"><font face=\"Arial\"><strong>Premi\u00e8res victimes probables d&rsquo;Al-Qa\u00efda dans la Tunisie post-Ben Ali<\/strong><\/font><\/h2>\n<\/div>\n<div align=\"center\">\n<hr\/>\n<\/div>\n<div align=\"justify\">\u00a0<\/div>\n<div align=\"justify\"><font face=\"Arial\" size=\"2\">TUNIS, 18 Mai 2011 (AFP) &#8211; Un colonel et un soldat de l&rsquo;arm\u00e9e tunisienne ont \u00e9t\u00e9 tu\u00e9s mercredi \u00e0 Rouhia (nord) dans des \u00e9changes de tirs avec des hommes \u00ab\u00a0fortement suspect\u00e9s d&rsquo;appartenir \u00e0 Al-Qa\u00efda\u00a0\u00bb, devenant les premi\u00e8res victimes de \u00ab\u00a0terrorisme\u00a0\u00bb dans la Tunisie post-Ben Ali, selon des sources tunisiennes.<\/font><\/div>\n<div align=\"justify\"><font face=\"Arial\" size=\"2\">\u00ab\u00a0C&rsquo;est la premi\u00e8re fois depuis la r\u00e9volution (tunisienne qui a caus\u00e9 la chute du pr\u00e9sident Ben Ali, le 14 janvier) que des militaires tunisiens se font tu\u00e9s par des terroristes\u00a0\u00bb, a d\u00e9clar\u00e9 \u00e0 l&rsquo;AFP une source militaire confirm\u00e9e par une source judiciaire.<\/font><\/div>\n<div align=\"justify\"><font face=\"Arial\" size=\"2\">Quatre personnes &#8211; un colonel et un soldat de l&rsquo;arm\u00e9e tunisienne ainsi que deux Libyens &#8211; ont \u00e9t\u00e9 tu\u00e9es par des tirs mercredi \u00e0 Rouhia, situ\u00e9e \u00e0 environ 200 km de la fronti\u00e8re alg\u00e9rienne, selon des sources autoris\u00e9es.<\/font><\/div>\n<div align=\"justify\"><font face=\"Arial\" size=\"2\">\u00ab\u00a0Le soldat Walid Haji et le colonel Tahar Ayari sont morts dans ces \u00e9changes de tirs\u00a0\u00bb, ainsi que \u00ab\u00a0les deux Libyens qui avaient sur eux des passeports libyens\u00a0\u00bb, a d\u00e9clar\u00e9 une source s\u00e9curitaire.<\/font><\/div>\n<div align=\"justify\"><font face=\"Arial\" size=\"2\">Le fils du colonel, Yassine, qui cherchait d\u00e9sesp\u00e9r\u00e9ment \u00e0 avoir des nouvelles sur son p\u00e8re sur sa page Facebook, a finalement appris sa mort et salu\u00e9 la m\u00e9moire d&rsquo;un \u00ab\u00a0homme courageux\u00a0\u00bb.<\/font><\/div>\n<div align=\"justify\"><font face=\"Arial\" size=\"2\">Les deux hommes qui ont ouvert le feu sur les forces tunisiennes sont \u00ab\u00a0fortement suspect\u00e9s d&rsquo;appartenir au r\u00e9seau Al-Qa\u00efda\u00a0\u00bb, ils \u00ab\u00a0portaient des ceintures d&rsquo;explosifs\u00a0\u00bb et il s&rsquo;agit de \u00ab\u00a0terroristes\u00a0\u00bb, a d\u00e9clar\u00e9 \u00e0 l&rsquo;AFP une source autoris\u00e9e.<\/font><\/div>\n<div align=\"justify\"><font face=\"Arial\" size=\"2\">La radio tunisienne Mosa\u00efque FM a rapport\u00e9 que ces affrontements ont oppos\u00e9 l&rsquo;arm\u00e9e \u00e0 un \u00ab\u00a0groupe arm\u00e9 de 9 personnes de nationalit\u00e9s tunisienne, alg\u00e9rienne et libyenne appartenant au r\u00e9seau Al-Qa\u00efda\u00a0\u00bb.<\/font><\/div>\n<div align=\"justify\"><font face=\"Arial\" size=\"2\">Les \u00e9changes de tirs, selon une source s\u00e9curitaire, ont d\u00e9marr\u00e9 apr\u00e8s l&rsquo;arriv\u00e9e \u00ab\u00a0de deux hommes en provenance de Sbiba qui se sont dirig\u00e9s vers un parc de stationnement \u00e0 Rouhia o\u00f9 un gardien les a aid\u00e9s \u00e0 transporter leurs bagages, mais qui a \u00e9t\u00e9 surpris par leur poids\u00a0\u00bb avant d&rsquo;alerter la police et l&rsquo;arm\u00e9e.<\/font><\/div>\n<div align=\"justify\"><font face=\"Arial\" size=\"2\">D\u00e8s leur arriv\u00e9e sur les lieux, les \u00ab\u00a0deux Libyens ont commenc\u00e9 \u00e0 tirer et il y a eu un \u00e9change de tirs entre l&rsquo;arm\u00e9e et ces deux hommes\u00a0\u00bb, a ajout\u00e9 cette source.<\/font><\/div>\n<div align=\"justify\"><font face=\"Arial\" size=\"2\">Le minist\u00e8re tunisien de l&rsquo;Int\u00e9rieur a indiqu\u00e9 que les forces de l&rsquo;ordre \u00ab\u00a0avec l&rsquo;aide de quelques citoyens ont pu aux alentours de 06h55 (locales) d\u00e9couvrir trois terroristes arm\u00e9s dans la r\u00e9gion de Rouhia\u00a0\u00bb. \u00ab\u00a0Ces terroristes on tir\u00e9 sur des unit\u00e9s de l&rsquo;arm\u00e9e et de la garde nationale, blessant trois soldats avec des balles r\u00e9elles dont l&rsquo;un d&rsquo;entre-eux, un colonel, est d\u00e9c\u00e9d\u00e9\u00a0\u00bb. \u00ab\u00a0Deux de ces terroristes ont \u00e9t\u00e9 tu\u00e9s, tandis que le troisi\u00e8me a r\u00e9ussi \u00e0 s&rsquo;enfuir.<\/font><\/div>\n<div align=\"justify\"><font face=\"Arial\" size=\"2\">Un habitant contact\u00e9 sur place a ajout\u00e9 que deux civils avaient \u00e9t\u00e9 bless\u00e9s dont un gri\u00e8vement et que des h\u00e9licopt\u00e8res de l&rsquo;arm\u00e9e survolaient mercredi la r\u00e9gion.<\/font><\/div>\n<div align=\"justify\"><font face=\"Arial\" size=\"2\">Dimanche, les autorit\u00e9s avaient annonc\u00e9 l&rsquo;arrestation d&rsquo;un Alg\u00e9rien et d&rsquo;un Libyen, suspect\u00e9s d&rsquo;appartenance \u00e0 Al-Qa\u00efda au Maghreb islamique (Aqmi) et en possession d&rsquo;explosifs, \u00e0 Nekrif (sud), dans la r\u00e9gion de Tataouine.<\/font><\/div>\n<div align=\"justify\"><font face=\"Arial\" size=\"2\">Il s&rsquo;agissait de la \u00ab\u00a0premi\u00e8re arrestation\u00a0\u00bb de membres pr\u00e9sum\u00e9s d&rsquo;Aqmi en Tunisie o\u00f9 l&rsquo;arm\u00e9e a renforc\u00e9 ses patrouilles le long de la fronti\u00e8re sud avec la Libye.<\/font><\/div>\n<div align=\"justify\"><font face=\"Arial\" size=\"2\">Aqmi est une organisation islamiste arm\u00e9e d&rsquo;origine alg\u00e9rienne, connue avant le 25 janvier 2007, sous le nom de Groupe salafiste pour la pr\u00e9dication et le combat (GSPC). Son affiliation au r\u00e9seau Al-Qa\u00efda a \u00e9t\u00e9 approuv\u00e9e par Oussama Ben Laden, tu\u00e9 par un commando am\u00e9ricain au Pakistan le 2 mai.<\/font><\/div>\n<div align=\"justify\"><font face=\"Arial\" size=\"2\">Fond\u00e9e en 2007 par Abdelmalek Droukdal, Aqmi affiche comme objectif la r\u00e9volution islamique dans les pays du Maghreb et du Sahel. Elle a \u00e9t\u00e9 plac\u00e9e sur la liste officielle des organisations terroristes par les Etats-Unis.<\/font><\/div>\n<div align=\"justify\"><font face=\"Arial\" size=\"2\">Le 11 avril 2002, la Tunisie avait \u00e9t\u00e9 frapp\u00e9e par un attentat contre la synagogue de Djerba (sud) revendiqu\u00e9 par Al-Qa\u00efda, qui avait fait 21 morts.<\/font><\/div>\n<div align=\"center\">\u00a0<\/div>\n<hr\/>\n<div align=\"justify\"><font face=\"Arial\" size=\"2\">AFP, le 18 mai 2011 \u00e0 08h14 GMT<\/font><\/div>\n<div align=\"justify\">\u00a0<\/div>\n<div align=\"center\">\n<h2 style=\"color: red;\"><font face=\"Arial\"><strong>Tunisie: le gouvernement veut maintenir l&rsquo;\u00e9lection au 24 juillet<\/strong><\/font><\/h2>\n<\/div>\n<div align=\"center\">\n<hr\/>\n<\/div>\n<div align=\"justify\">\u00a0<\/div>\n<div align=\"justify\"><font face=\"Arial\" size=\"2\">PARIS, 18 Mai 2011 (AFP) &#8211; Le Premier ministre de transition en Tunisie B\u00e9ji Ca\u00efd Essebsi a r\u00e9p\u00e9t\u00e9 mercredi que la \u00ab\u00a0volont\u00e9 du gouvernement\u00a0\u00bb \u00e9tait de maintenir l&rsquo;\u00e9lection d&rsquo;une Assembl\u00e9e constituante \u00e0 la date du 24 juillet m\u00eame si, a-t-il dit sur une radio fran\u00e7aise, la d\u00e9cision ne d\u00e9pend pas de lui.<\/font><\/div>\n<div align=\"justify\"><font face=\"Arial\" size=\"2\">Maintenir les \u00e9lections au 24 juillet, \u00ab\u00a0en tout cas c&rsquo;est la volont\u00e9 du gouvernement\u00a0\u00bb, a d\u00e9clar\u00e9 \u00e0 la radio Europe 1 M. Essebsi en visite \u00e0 Paris o\u00f9 il doit s&rsquo;entretenir avec le pr\u00e9sident Nicolas Sarkozy.<\/font><\/div>\n<div align=\"justify\"><font face=\"Arial\" size=\"2\">\u00ab\u00a0Depuis le jour o\u00f9 le gouvernement a \u00e9t\u00e9 constitu\u00e9, nous avons sp\u00e9cifiquement dit et r\u00e9p\u00e9t\u00e9 que ces \u00e9lections auront lieu le 24 juillet\u00a0\u00bb, a-t-il insist\u00e9.<\/font><\/div>\n<div align=\"justify\"><font face=\"Arial\" size=\"2\">\u00ab\u00a0Maintenant, actuellement, les \u00e9lections ne d\u00e9pendent plus du gouvernement puisqu&rsquo;il y a une commission sp\u00e9ciale qui a \u00e9t\u00e9 cr\u00e9\u00e9e et va s&rsquo;occuper des \u00e9lections\u00a0\u00bb, a-t-il tenu \u00e0 pr\u00e9ciser.<\/font><\/div>\n<div align=\"justify\"><font face=\"Arial\" size=\"2\">Les Tunisiens sont appel\u00e9s \u00e0 \u00e9lire le 24 juillet une assembl\u00e9e qui aura la t\u00e2che de r\u00e9diger une nouvelle Constitution pour l&rsquo;apr\u00e8s Ben Ali.<\/font><\/div>\n<div align=\"justify\"><font face=\"Arial\" size=\"2\">L&rsquo;hypoth\u00e8se d&rsquo;un report du scrutin a \u00e9t\u00e9 r\u00e9cemment \u00e9voqu\u00e9e notamment apr\u00e8s une intervention t\u00e9l\u00e9vis\u00e9e de M. Essebsi, qui avait \u00e9voqu\u00e9 la \u00ab\u00a0lenteur\u00a0\u00bb des travaux pr\u00e9paratoires.<\/font><\/div>\n<div align=\"justify\"><font face=\"Arial\" size=\"2\">Interrog\u00e9 mercredi sur le point de savoir si tout retard serait pr\u00e9judiciable pour le pays, le Premier ministre a r\u00e9pondu par l&rsquo;affirmative. \u00ab\u00a0Oui, en tout cas m\u00eame au gouvernement, puisque nous m\u00eame voudrions que la situation de l\u00e9galit\u00e9 s&rsquo;installe, parce que pour le moment nous sommes dans un situation particuli\u00e8re\u00a0\u00bb, a-t-il dit.<\/font><\/div>\n<div align=\"justify\"><font face=\"Arial\" size=\"2\">Le pr\u00e9sident de la Haute instance charg\u00e9e de pr\u00e9parer les \u00e9lections en Tunisie, Yadh Ben Achour, avait estim\u00e9 la semaine derni\u00e8re lors d&rsquo;une interview \u00e0 l&rsquo;AFP \u00e0 Paris, que la t\u00e2che restait \u00ab\u00a0immense\u00a0\u00bb avant la tenue du scrutin, n&rsquo;excluant pas un report de la date.<\/font><\/div>\n<hr\/>\n<div align=\"justify\">\u00a0<\/div>\n<div align=\"justify\"><font face=\"Arial\" size=\"2\">AFP, le 18 mai 2011 \u00e0 08h58 GMT<\/font><\/div>\n<div align=\"center\">\n<h2 style=\"color: red;\"><font face=\"Arial\"><strong>La Berd attend l&rsquo;aval de ses actionnaires pour aider l&rsquo;Afrique du Nord<\/strong><\/font><\/h2>\n<\/div>\n<div align=\"center\">\n<hr\/>\n<\/div>\n<div align=\"justify\"><font face=\"Arial\" size=\"2\">Par Fr\u00e9d\u00e9ric POUCHOT<\/font><\/div>\n<div align=\"justify\">\u00a0<\/div>\n<div align=\"justify\"><font face=\"Arial\" size=\"2\">LONDRES, 18 Mai 2011 (AFP) &#8211; La soixantaine de pays actionnaires de la Berd, qui finance depuis 20 ans des projets de d\u00e9veloppement dans les ex-pays sovi\u00e9tiques, se r\u00e9unissent vendredi et samedi pour examiner un projet d&rsquo;extension de ses activit\u00e9s \u00e0 l&rsquo;Afrique du Nord.<\/font><\/div>\n<div align=\"justify\"><font face=\"Arial\" size=\"2\">Le programme de l&rsquo;Assembl\u00e9e annuelle de la Banque europ\u00e9enne pour la reconstruction et le d\u00e9veloppement (Berd), qui se d\u00e9roule cette ann\u00e9e \u00e0 Astana, capitale du Kazakhstan (un des 29 pays o\u00f9 elle intervient), a \u00e9t\u00e9 boulevers\u00e9 par les \u00e9v\u00e9nements qui secouent le monde arabe depuis janvier.<\/font><\/div>\n<div align=\"justify\"><font face=\"Arial\" size=\"2\">La Berd, institution financi\u00e8re cr\u00e9\u00e9e il y a vingt ans pour accompagner la transition de l&rsquo;ex-bloc sovi\u00e9tique vers la d\u00e9mocratie et l&rsquo;\u00e9conomie de march\u00e9, a manifest\u00e9 d\u00e8s f\u00e9vrier sa volont\u00e9 de mettre \u00e0 profit son exp\u00e9rience acquise \u00e0 l&rsquo;Est pour aider l&rsquo;Egypte et d&rsquo;autres pays du monde arabe dans leur marche vers la d\u00e9mocratie.<\/font><\/div>\n<div align=\"justify\"><font face=\"Arial\" size=\"2\">Pour ce faire, elle va demander aux Etats qui la financent (qui incluent les principaux pays d\u00e9velopp\u00e9s) d&rsquo;approuver une \u00e9volution de ses statuts, pour lui permettre d&rsquo;\u00e9largir sa sph\u00e8re d&rsquo;intervention, pour l&rsquo;instant limit\u00e9e \u00e0 l&rsquo;Europe centrale et orientale, l&rsquo;ex-URSS et la Mongolie.<\/font><\/div>\n<div align=\"justify\"><font face=\"Arial\" size=\"2\">Les contours du nouveau p\u00e9rim\u00e8tre d&rsquo;intervention restent encore \u00e0 d\u00e9finir.<\/font><\/div>\n<div align=\"justify\"><font face=\"Arial\" size=\"2\">Il pourrait \u00eatre circonscrit \u00e0 l&rsquo;Afrique du Nord, ou inclure les pays du pourtour m\u00e9diterran\u00e9en, ce qui ouvrirait la porte une \u00e9ventuelle extension \u00e0 des pays du Proche-Orient.<\/font><\/div>\n<div align=\"justify\"><font face=\"Arial\" size=\"2\">Le pr\u00e9sident de la Berd, l&rsquo;Allemand Thomas Mirow, \u00e0 l&rsquo;origine de ce projet d&rsquo;expansion g\u00e9ographique, a dit s&rsquo;attendre \u00e0 un vaste soutien.<\/font><\/div>\n<div align=\"justify\"><font face=\"Arial\" size=\"2\">\u00ab\u00a0La communaut\u00e9 internationale avance dans cette direction\u00a0\u00bb, a-t-il affirm\u00e9 la semaine derni\u00e8re \u00e0 des journalistes, en rappelant avoir re\u00e7u le soutien d&rsquo;Etats clefs comme la France, l&rsquo;Allemagne, le Royaume-Uni ou la Russie.<\/font><\/div>\n<div align=\"justify\"><font face=\"Arial\" size=\"2\">L&rsquo;Assembl\u00e9e annuelle se penchera parall\u00e8lement sur la requ\u00eate de l&rsquo;Egypte, qui avait demand\u00e9 d\u00e8s l&rsquo;an dernier \u00e0 rejoindre la zone d&rsquo;intervention de la Berd, et devrait donc, en cas de feu vert tr\u00e8s probable, servir de rampe de lancement \u00e0 son expansion au Sud de la M\u00e9diterran\u00e9e, peut-\u00eatre d\u00e8s l&rsquo;ann\u00e9e prochaine.<\/font><\/div>\n<div align=\"justify\"><font face=\"Arial\" size=\"2\">Selon les calculs de la Berd, celle-ci pourrait investir en Afrique du Nord et au Moyen-Orient de l&rsquo;ordre de 2,5 \u00e0 3 milliards d&rsquo;euros par an jusqu&rsquo;\u00e0 la fin de la d\u00e9cennie, en plus des 8,5 \u00e0 9 milliards d&rsquo;euros qu&rsquo;elle pr\u00e9voit d\u00e9j\u00e0 de d\u00e9penser dans sa zone actuelle jusqu&rsquo;en 2015.<\/font><\/div>\n<div align=\"justify\"><font face=\"Arial\" size=\"2\">Outre la demande formelle de l&rsquo;Egypte, le Maroc (actionnaire comme elle de la Berd) a d\u00e9j\u00e0 fait part de son \u00ab\u00a0vif int\u00e9r\u00eat\u00a0\u00bb. Et, suite au renversement du r\u00e9gime de Ben Ali, la Tunisie figure \u00e9galement au premier rang des pays o\u00f9 la Berd pourrait s&rsquo;implanter.<\/font><\/div>\n<div align=\"justify\"><font face=\"Arial\" size=\"2\">Une fois approuv\u00e9e par l&rsquo;Assembl\u00e9e annuelle, l&rsquo;\u00e9volution des statuts devra \u00eatre ratifi\u00e9e formellement par l&rsquo;ensemble des actionnaires, ce qui pourrait prendre un an et demi.<\/font><\/div>\n<div align=\"justify\"><font face=\"Arial\" size=\"2\">Mais la Berd entend \u00e9galement leur demander l&rsquo;autorisation de commencer \u00e0 investir dans de nouveaux territoires sans attendre la fin de ce processus, par exemple via des \u00ab\u00a0fonds sp\u00e9ciaux\u00a0\u00bb.<\/font><\/div>\n<div align=\"justify\"><font face=\"Arial\" size=\"2\">L&rsquo;assembl\u00e9e annuelle sera \u00e9galement l&rsquo;occasion pour la Berd de faire le point sur les perspectives \u00e9conomiques de sa r\u00e9gion. Si elle estime que la reprise devrait s&rsquo;y poursuivre, la banque ne cesse de souligner que la crise a fait appara\u00eetre des faiblesses structurelles, qu&rsquo;elle veut contribuer \u00e0 combler.<\/font><\/div>\n<div align=\"justify\"><font face=\"Arial\" size=\"2\">La Berd veut notamment \u00e9viter que l&rsquo;Europe de l&rsquo;Est ne soit rel\u00e9gu\u00e9e en termes de comp\u00e9titivit\u00e9 par les pays \u00e9mergents \u00e0 tr\u00e8s forte croissance, comme la Chine ou le Br\u00e9sil, et l&rsquo;aider \u00e0 mieux exploiter son immense potentiel agricole.<\/font><\/div>\n<hr\/>\n<div align=\"justify\">\u00a0<\/div>\n<div align=\"justify\"><font face=\"Arial\" size=\"2\">Reuters, le 18 mai 2011 \u00e0 11h57 GMT<\/font><\/div>\n<div align=\"center\">\n<h3 style=\"color: blue;\"><font face=\"Arial\"><strong>Tunis menace de saisir l&rsquo;Onu apr\u00e8s des tirs de l&rsquo;arm\u00e9e libyenne<\/strong><\/font><\/h3>\n<\/div>\n<div align=\"center\">\n<hr\/>\n<\/div>\n<div align=\"justify\">\u00a0<\/div>\n<div align=\"justify\"><font face=\"Arial\" size=\"2\">* Les rebelles tiennent le poste-fronti\u00e8re de Dehiba<\/font><\/div>\n<div align=\"justify\">\u00a0<\/div>\n<div align=\"justify\"><font face=\"Arial\" size=\"2\">* Sept morts dans les bombardements \u00e0 Misrata<\/font><\/div>\n<div align=\"justify\">\u00a0<\/div>\n<div align=\"justify\"><font face=\"Arial\" size=\"2\">* Le Canada expulse cinq diplomates libyens<\/font><\/div>\n<div align=\"justify\">\u00a0<\/div>\n<div align=\"justify\"><font face=\"Arial\" size=\"2\">par Tarek Amara et Joseph Logan<\/font><\/div>\n<div align=\"justify\">\u00a0<\/div>\n<div align=\"justify\"><font face=\"Arial\" size=\"2\">TUNIS\/TRIPOLI, 18 mai (Reuters) &#8211; La Tunisie a menac\u00e9 de saisir le Conseil de s\u00e9curit\u00e9 des Nations unies si l&rsquo;arm\u00e9e libyenne en lutte depuis trois mois contre les insurg\u00e9s ouvre de nouveau le feu en direction du territoire tunisien.<\/font><\/div>\n<div align=\"justify\">\u00a0<\/div>\n<div align=\"justify\"><font face=\"Arial\" size=\"2\">Le r\u00e9gime du colonel Mouammar Kadhafi aurait connu une nouvelle d\u00e9fection, celle du pr\u00e9sident de la compagnie nationale p\u00e9troli\u00e8re NOC, Chokri Ghanem, qui s&rsquo;est r\u00e9fugi\u00e9 en Tunisie, selon les rebelles libyens et une source proche de la s\u00e9curit\u00e9 tunisienne.<\/font><\/div>\n<div align=\"justify\">\u00a0<\/div>\n<div align=\"justify\"><font face=\"Arial\" size=\"2\">Dans la ville assi\u00e9g\u00e9e de Misrata, \u00e0 220 km \u00e0 l&rsquo;est de Tripoli, les combats ont repris mardi apr\u00e8s une accalmie. Sept personnes ont \u00e9t\u00e9 tu\u00e9es, pour la plupart des rebelles, a-t-on appris de source m\u00e9dicale.<\/font><\/div>\n<div align=\"justify\">\u00a0<\/div>\n<div align=\"justify\"><font face=\"Arial\" size=\"2\">Tripoli a annonc\u00e9 mardi soir que ses forces avaient touch\u00e9 un navire de l&rsquo;Otan qui pilonnait les quartiers ouest de Misrata, la troisi\u00e8me ville de Libye. A Bruxelles, un responsable de l&rsquo;Alliance atlantique a d\u00e9menti.<\/font><\/div>\n<div align=\"justify\">\u00a0<\/div>\n<div align=\"justify\"><font face=\"Arial\" size=\"2\">L&rsquo;agence de presse officielle tunisienne Tap rapporte que le gouvernement envisage une initiative diplomatique contre Tripoli \u00e0 la suite de tirs d&rsquo;obus de mortier par les forces pro-Kadhafi en direction du poste frontalier de Dehiba-Ouazine.<\/font><\/div>\n<div align=\"justify\">\u00a0<\/div>\n<div align=\"justify\"><font face=\"Arial\" size=\"2\">\u00ab\u00a0Ces agressions constituent, \u00e0 plusieurs \u00e9gards, une atteinte \u00e0 la s\u00e9curit\u00e9 des habitants et \u00e0 l&rsquo;infrastructure de la r\u00e9gion, tout comme elles repr\u00e9sentent une transgression \u00e0 l&rsquo;int\u00e9grit\u00e9 territoriale de la Tunisie\u00a0\u00bb, souligne Tap en citant une source autoris\u00e9e au minist\u00e8re des Affaires \u00e9trang\u00e8res.<\/font><\/div>\n<div align=\"justify\">\u00a0<\/div>\n<div align=\"justify\">\u00a0<\/div>\n<div align=\"justify\"><font face=\"Arial\" size=\"2\">ROQUETTES LIBYENNES SUR LA TUNISIE<\/font><\/div>\n<div align=\"justify\">\u00a0<\/div>\n<div align=\"justify\"><font face=\"Arial\" size=\"2\">\u00ab\u00a0Le gouvernement tunisien a charg\u00e9 l&rsquo;ambassadeur de Tunisie \u00e0 Tripoli de faire part de sa vive indignation aux autorit\u00e9s libyennes\u00a0\u00bb, poursuit l&rsquo;agence en ajoutant que la poursuite de ces violations par les forces pro-Khadafi aura \u00ab\u00a0des cons\u00e9quences n\u00e9fastes et imm\u00e9diates\u00a0\u00bb sur les relations entre les deux pays.<\/font><\/div>\n<div align=\"justify\">\u00a0<\/div>\n<div align=\"justify\"><font face=\"Arial\" size=\"2\">\u00ab\u00a0Ces graves agressions sont de nature \u00e0 contraindre le gouvernement tunisien \u00e0 prendre des mesures rigoureuses, dont le renvoi de la question devant le secr\u00e9taire g\u00e9n\u00e9ral des Nations unies\u00a0\u00bb, dit Tap.<\/font><\/div>\n<div align=\"justify\">\u00a0<\/div>\n<div align=\"justify\"><font face=\"Arial\" size=\"2\">Mardi, au moins quatre roquettes Grad tir\u00e9es de Libye sont tomb\u00e9es en Tunisie, selon un journaliste de Reuters sur place.<\/font><\/div>\n<div align=\"justify\">\u00a0<\/div>\n<div align=\"justify\"><font face=\"Arial\" size=\"2\">Les tirs des forces gouvernementales ont forc\u00e9 les rebelles \u00e0 se retirer bri\u00e8vement du poste frontalier de Dehiba-Ouazine, avant d&rsquo;en reprendre le contr\u00f4le en fin de journ\u00e9e. Trois insurg\u00e9s ont \u00e9t\u00e9 tu\u00e9s et plusieurs autres bless\u00e9s.<\/font><\/div>\n<div align=\"justify\">\u00a0<\/div>\n<div align=\"justify\"><font face=\"Arial\" size=\"2\">Mercredi matin, un reporter de Reuters a d\u00e9clar\u00e9 que les tirs avaient cess\u00e9 et que le poste-fronti\u00e8re avait \u00e9t\u00e9 rouvert.<\/font><\/div>\n<div align=\"justify\">\u00a0<\/div>\n<div align=\"justify\"><font face=\"Arial\" size=\"2\">Des paysans venus de Libye ont franchi la fronti\u00e8re pour aller vendre du b\u00e9tail c\u00f4t\u00e9 tunisien. Un h\u00e9licopt\u00e8re de l&rsquo;arm\u00e9e tunisienne surveillait la zone.<\/font><\/div>\n<div align=\"justify\">\u00a0<\/div>\n<div align=\"justify\"><font face=\"Arial\" size=\"2\">Dans l&rsquo;est de la Libye, la situation militaire reste inchang\u00e9e. Les perspectives d&rsquo;une victoire des insurg\u00e9s sur le terrain semble lointaine et beaucoup mettent leurs espoirs dans un effondrement du r\u00e9gime Kadhafi de l&rsquo;int\u00e9rieur, \u00e0 la suite de d\u00e9fections, comme celle du patron de la NOC, qui fut un temps Premier ministre.<\/font><\/div>\n<div align=\"justify\">\u00a0<\/div>\n<div align=\"justify\"><font face=\"Arial\" size=\"2\">Le gouvernement libyen a d\u00e9menti que ce dernier ait fui en Tunisie. Selon une source proche des services de s\u00e9curit\u00e9 tunisiens, Ghanem se trouverait avec d&rsquo;autres responsables libyens dans un h\u00f4tel d&rsquo;une ville du Sud tunisien.<\/font><\/div>\n<div align=\"justify\">\u00a0<\/div>\n<div align=\"justify\"><font face=\"Arial\" size=\"2\">En visite au Qatar, le ministre des Finances et du P\u00e9trole du camp rebelle, Ali Tarhouni, a \u00e9galement dit \u00e0 Reuters que Ghanem avait fait d\u00e9fection.<\/font><\/div>\n<div align=\"justify\">\u00a0<\/div>\n<div align=\"justify\"><font face=\"Arial\" size=\"2\">Le Canada, engag\u00e9 dans les op\u00e9rations de l&rsquo;Otan en Libye, a annonc\u00e9 l&rsquo;expulsion de cinq diplomates de l&rsquo;ambassade libyenne \u00e0 Ottawa pour des activit\u00e9s incompatibles avec leur statut.<\/font><\/div>\n<hr\/>\n<div align=\"justify\">\u00a0<\/div>\n<div align=\"justify\"><font face=\"Arial\" size=\"2\">Reuters, le 18 mai 2011 \u00e0 13h46 GMT<\/font><\/div>\n<div align=\"center\">\n<h3 style=\"color: blue;\"><font face=\"Arial\"><strong>Essebsi confirme les \u00e9lections tunisiennes pour le 24 juillet<\/strong><\/font><\/h3>\n<\/div>\n<div align=\"center\">\n<hr\/>\n<\/div>\n<div align=\"justify\">\u00a0<\/div>\n<div align=\"justify\"><font face=\"Arial\" size=\"2\">PARIS, 18 mai (Reuters) &#8211; Le Premier ministre tunisien, B\u00e9ji Ca\u00efd Essebsi, a confirm\u00e9 mercredi \u00e0 Nicolas Sarkozy la tenue d&rsquo;\u00e9lections en Tunisie le 24 juillet pour d\u00e9signer une assembl\u00e9e constituante, a-t-on appris aupr\u00e8s de la pr\u00e9sidence fran\u00e7aise.<\/font><\/div>\n<div align=\"justify\">\u00a0<\/div>\n<div align=\"justify\"><font face=\"Arial\" size=\"2\">Il avait \u00e9voqu\u00e9 il y a quelque jours un \u00e9ventuel report, en raison d'\u00a0\u00bbemp\u00eachements techniques\u00a0\u00bb, de ce scrutin qui doit permettre la r\u00e9daction d&rsquo;une nouvelle Constitution, apr\u00e8s la chute du r\u00e9gime du pr\u00e9sident Zine ben Ali le 14 janvier.<\/font><\/div>\n<div align=\"justify\">\u00a0<\/div>\n<div align=\"justify\"><font face=\"Arial\" size=\"2\">\u00ab\u00a0C&rsquo;est la volont\u00e9 du gouvernement. Nous avons dit et r\u00e9p\u00e9t\u00e9 que ces \u00e9lections auront lieu le 24 juillet\u00a0\u00bb, a d\u00e9clar\u00e9 B\u00e9ji Ca\u00efd Essebsi, mercredi matin sur Europe 1. Selon l&rsquo;Elys\u00e9e, il l&rsquo;a r\u00e9p\u00e9t\u00e9 au pr\u00e9sident fran\u00e7ais lors d&rsquo;un d\u00e9jeuner de travail. Le Premier ministre tunisien et la pr\u00e9sidence fran\u00e7aise ont assur\u00e9 que les relations entre la France et son ancien protectorat \u00e9taient \u00ab\u00a0excellentes\u00a0\u00bb.<\/font><\/div>\n<div align=\"justify\">\u00a0<\/div>\n<div align=\"justify\"><font face=\"Arial\" size=\"2\">La France avait tard\u00e9 \u00e0 prendre la mesure de la \u00ab\u00a0r\u00e9volution de jasmin\u00a0\u00bb qui a abouti \u00e0 la chute de Zine ben Ali.<\/font><\/div>\n<div align=\"justify\">\u00a0<\/div>\n<div align=\"justify\"><font face=\"Arial\" size=\"2\">Plus r\u00e9cemment, le ministre fran\u00e7ais de l&rsquo;Int\u00e9rieur, Claude Gu\u00e9ant, a d\u00e9clar\u00e9 qu&rsquo;il n&rsquo;\u00e9tait pas question pour la France de \u00ab\u00a0subir\u00a0\u00bb l&rsquo;afflux d&rsquo;immigrants ill\u00e9gaux tunisiens, en particulier ceux qui arrivent en Europe par l&rsquo;Italie.<\/font><\/div>\n<div align=\"justify\">\u00a0<\/div>\n<div align=\"justify\"><font face=\"Arial\" size=\"2\">La partie fran\u00e7aise fait \u00e9tat d&rsquo;une \u00ab\u00a0volont\u00e9 tr\u00e8s claire\u00a0\u00bb de la Tunisie, o\u00f9 Claude Gu\u00e9ant se trouvait cette semaine, de r\u00e9soudre ces questions migratoires, mais aussi de l&rsquo;intention de Paris de les traiter dans le cadre de la coop\u00e9ration \u00e9conomique entre les deux pays.<\/font><\/div>\n<div align=\"justify\">\u00a0<\/div>\n<div align=\"justify\"><font face=\"Arial\" size=\"2\">\u00ab\u00a0On voit les questions migratoires dans leur globalit\u00e9. Il ne s&rsquo;agit pas d&rsquo;avoir une approche strictement s\u00e9curitaire et c&rsquo;est dans le cadre du d\u00e9veloppement solidaire que l&rsquo;on se place pour traiter de ces questions de fa\u00e7on d\u00e9passionn\u00e9e\u00a0\u00bb, explique-t-on de source diplomatique fran\u00e7aise.<\/font><\/div>\n<div align=\"justify\">\u00a0<\/div>\n<div align=\"justify\"><font face=\"Arial\" size=\"2\">Selon l&rsquo;Elys\u00e9e, Nicolas Sarkozy a marqu\u00e9 la \u00ab\u00a0volont\u00e9 tr\u00e8s claire\u00a0\u00bb de Paris \u00ab\u00a0d&rsquo;accompagner\u00a0\u00bb dans sa transition d\u00e9mocratique la Tunisie, o\u00f9 le ministre fran\u00e7ais des Affaires \u00e9trang\u00e8res, Alain Jupp\u00e9, s&rsquo;est rendu r\u00e9cemment.<\/font><\/div>\n<div align=\"justify\">\u00a0<\/div>\n<div align=\"justify\"><font face=\"Arial\" size=\"2\">La Tunisie sera notamment associ\u00e9e \u00e0 la semaine prochaine \u00e0 Deauville \u00e0 la s\u00e9ance de travail que les chefs d&rsquo;Etat et de gouvernement du G8 consacreront au \u00ab\u00a0printemps arabe\u00a0\u00bb dans le cadre de leur sommet annuel, pr\u00e9cise la pr\u00e9sidence fran\u00e7aise.<\/font><\/div>\n<div align=\"justify\">\u00a0<\/div>\n<div align=\"justify\"><font face=\"Arial\" size=\"2\">L&rsquo;Elys\u00e9e assure en outre que le pr\u00e9sident fran\u00e7ais envisage d&rsquo;aller en Tunisie mais sans \u00e9voquer de date. \u00ab\u00a0Il n&rsquo;en a pas \u00e9t\u00e9 question (pendant la rencontre de mercredi) mais c&rsquo;est quelque chose qui se fera\u00a0\u00bb, dit-on de m\u00eame source.<\/font><\/div>\n<hr\/>\n<div align=\"justify\"><font face=\"Arial\" size=\"2\">AFP, le 18 mai 2011 \u00e0 14h49 GMT<\/font><\/div>\n<div align=\"center\">\n<h3 style=\"color: blue;\"><font face=\"Arial\"><strong>Tunis: lev\u00e9e du couvre-feu \u00e0 partir de ce mercredi (officiel)<\/strong><\/font><\/h3>\n<\/div>\n<div align=\"center\">\n<hr\/>\n<\/div>\n<div align=\"justify\">\u00a0<\/div>\n<div align=\"justify\"><font face=\"Arial\" size=\"2\">TUNIS, 18 Mai 2011 (AFP) &#8211; Le couvre-feu all\u00e9g\u00e9 qui \u00e9tait encore en vigueur \u00e0 Tunis et sa banlieue sera lev\u00e9 \u00e0 partir de ce mercredi, a annonc\u00e9 le minist\u00e8re tunisien de l&rsquo;Int\u00e9rieur dans un communiqu\u00e9.<\/font><\/div>\n<div align=\"justify\"><font face=\"Arial\" size=\"2\">\u00ab\u00a0Compte tenu de l&rsquo;am\u00e9lioration de la situation s\u00e9curitaire \u00e0 Tunis et sa banlieue et pour pr\u00e9server les int\u00e9r\u00eats \u00e9conomiques des citoyens, le minist\u00e8re de l&rsquo;Int\u00e9rieur et de la D\u00e9fense nationale ont d\u00e9cid\u00e9 de lever le couvre-feu (&#8230;) \u00e0 partir de ce mercredi\u00a0\u00bb, selon les termes du communiqu\u00e9.<\/font><\/div>\n<div align=\"justify\"><font face=\"Arial\" size=\"2\">Le couvre-feu nocturne d\u00e9cr\u00e9t\u00e9 le 7 mai \u00e0 Tunis et sa banlieue \u00e0 la suite de plusieurs journ\u00e9es de troubles avait \u00e9t\u00e9 all\u00e9g\u00e9 samedi dernier et \u00e9tait en vigueur de minuit jusqu&rsquo;\u00e0 04H00 (05H00 GMT).<\/font><\/div>\n<div align=\"justify\"><font face=\"Arial\" size=\"2\">Les autorit\u00e9s tunisiennes avaient instaur\u00e9 \u00e0 cette date un couvre-feu tr\u00e8s strict, de 21H00 \u00e0 05H00 (22H00 \u00e0 06H00 GMT) pour une dur\u00e9e ind\u00e9termin\u00e9e \u00e0 la suite de plusieurs journ\u00e9es de troubles pr\u00e9c\u00e9d\u00e9es par des manifestations anti-gouvernementales durement r\u00e9prim\u00e9es par les forces de l&rsquo;ordre.<\/font><\/div>\n<div align=\"justify\"><font face=\"Arial\" size=\"2\">Elles avaient justifi\u00e9 cette mesure par les nombreux pillages et sc\u00e8nes de violence survenus dans la capitale tunisienne et ses environs.<\/font><\/div>\n<div align=\"justify\"><font face=\"Arial\" size=\"2\">Des jeunes, parfois arm\u00e9s de couteaux, de cha\u00eenes, de sabres et de cocktails Molotov ont notamment incendi\u00e9 des commissariats et des postes de la garde nationale dans les cit\u00e9s de Mnihla, d&rsquo;Intilaka, d&rsquo;Ibn Khaldoun, d&rsquo;El-Mourouj V, dans la banlieue de Tunis et \u00e0 Kasserine (centre-ouest de la Tunisie). <\/font><\/div>\n<div align=\"justify\"><font face=\"Arial\" size=\"2\">Les minist\u00e8re de l&rsquo;Int\u00e9rieur et de la D\u00e9fense ont toutefois appel\u00e9 mercredi \u00ab\u00a0la population \u00e0 rester vigilante et \u00e0 aider les forces de la s\u00e9curit\u00e9 int\u00e9rieure et de l&rsquo;arm\u00e9e nationale pour (&#8230;) contribuer \u00e0 la pr\u00e9servation de la s\u00e9curit\u00e9 du pays\u00a0\u00bb, ajoute le communiqu\u00e9.<\/font><\/div>\n<div align=\"justify\"><font face=\"Arial\" size=\"2\">L&rsquo;instauration du couvre-feu avait \u00e9t\u00e9 mal v\u00e9cue par de nombreux habitants \u00e0 Tunis en cette p\u00e9riode chaude de l&rsquo;ann\u00e9e. <\/font><\/div>\n<div align=\"justify\"><font face=\"Arial\" size=\"2\">L&rsquo;interdiction de circuler a \u00e9galement port\u00e9 un coup \u00e0 l&rsquo;activit\u00e9 \u00e9conomique de nombreux commer\u00e7ants et provoqu\u00e9 le report de nombreux mariages.<\/font><\/div>\n<hr\/>\n<div align=\"justify\">\u00a0<\/div>\n<div align=\"justify\"><font face=\"Arial\" size=\"2\">AFP, le 18 mai 2011 \u00e0 15h00 GMT<\/font><\/div>\n<div align=\"center\">\n<h3 style=\"color: blue;\"><font face=\"Arial\"><strong>Le pr\u00e9sident fran\u00e7ais veut aider la Tunisie \u00e0 r\u00e9ussir sa transition d\u00e9mocratique<\/strong><\/font><\/h3>\n<\/div>\n<div align=\"center\">\n<hr\/>\n<\/div>\n<div align=\"justify\">\u00a0<\/div>\n<div align=\"justify\"><font face=\"Arial\" size=\"2\">PARIS, 18 Mai 2011 (AFP) &#8211; Le pr\u00e9sident fran\u00e7ais Nicolas Sarkozy a assur\u00e9 le Premier ministre tunisien B\u00e9ji Ca\u00efd Essebsi, qu&rsquo;il a re\u00e7u mercredi, de sa \u00ab\u00a0volont\u00e9\u00a0\u00bb d&rsquo;aider la Tunisie \u00e0 r\u00e9ussir sa transition vers la d\u00e9mocratie, a-t-on appris aupr\u00e8s de la pr\u00e9sidence fran\u00e7aise.<\/font><\/div>\n<div align=\"justify\"><font face=\"Arial\" size=\"2\">\u00ab\u00a0L&rsquo;atmosph\u00e8re\u00a0\u00bb de l&rsquo;entretien a \u00e9t\u00e9 \u00ab\u00a0excellente\u00a0\u00bb, a-t-on assur\u00e9 \u00e0 l&rsquo;Elys\u00e9e. Il y a \u00ab\u00a0une volont\u00e9 tr\u00e8s claire du pr\u00e9sident Sarkozy d&rsquo;accompagner la Tunisie dans sa transition pour qu&rsquo;elle r\u00e9ussisse, avec l&rsquo;id\u00e9e que la r\u00e9ussite de la Tunisie, c&rsquo;est aussi celle de la r\u00e9volution qui a lanc\u00e9 le printemps arabe\u00a0\u00bb, a-t-on ajout\u00e9.<\/font><\/div>\n<div align=\"justify\"><font face=\"Arial\" size=\"2\">Alors que la Tunisie, avec l&rsquo;Egypte, fait partie des invit\u00e9s d&rsquo;honneur du sommet du G8 pr\u00e9vu fin mai \u00e0 Deauville (nord-ouest), Paris entend \u00ab\u00a0associer Tunis \u00e0 la session consacr\u00e9e au Printemps arabe\u00a0\u00bb afin de \u00ab\u00a0bien montrer que la communaut\u00e9 internationale apporte un soutien\u00a0\u00bb \u00e0 la transition vers la d\u00e9mocratie des pays arabes.<\/font><\/div>\n<div align=\"justify\"><font face=\"Arial\" size=\"2\">\u00ab\u00a0La France sera l&rsquo;avocate de la Tunisie\u00a0\u00bb lors de ce sommet, a-t-on ajout\u00e9 de m\u00eame source.<\/font><\/div>\n<div align=\"justify\"><font face=\"Arial\" size=\"2\">Paris, qui a promis en avril \u00e0 la Tunisie une aide de 350 millions d&rsquo;euros pour la p\u00e9riode 2011-2012, n&rsquo;a toutefois pas pr\u00e9cis\u00e9 en quoi exactement consisterait ce soutien du G8 aux transitions d\u00e9mocratiques arabes.<\/font><\/div>\n<div align=\"justify\"><font face=\"Arial\" size=\"2\">Lors de l&rsquo;entretien, \u00ab\u00a0il n&rsquo;a pas \u00e9t\u00e9 question d&rsquo;une visite du pr\u00e9sident de la R\u00e9publique en Tunisie mais cette visite se fera\u00a0\u00bb, a-t-on assur\u00e9, sans pr\u00e9ciser quand.<\/font><\/div>\n<div align=\"justify\"><font face=\"Arial\" size=\"2\">M. Essebsi a r\u00e9affirm\u00e9 que les \u00e9lections en vue d&rsquo;une Assembl\u00e9e constituante auraient bien lieu le 24 juillet.<\/font><\/div>\n<div align=\"justify\"><font face=\"Arial\" size=\"2\">L&rsquo;hypoth\u00e8se d&rsquo;un report du scrutin a \u00e9t\u00e9 r\u00e9cemment \u00e9voqu\u00e9e, notamment par M. Essebsi qui a \u00e9voqu\u00e9 \u00e0 Tunis la \u00ab\u00a0lenteur\u00a0\u00bb des travaux pr\u00e9paratoires et renvoy\u00e9 la responsabilit\u00e9 d&rsquo;une d\u00e9cision \u00e0 la commission \u00e9lectorale, qui vient d&rsquo;\u00eatre mise en place.<\/font><\/div>\n<div align=\"justify\"><font face=\"Arial\" size=\"2\">Le prochain sommet du G8, le forum des principales puissances pr\u00e9sid\u00e9 cette ann\u00e9e par la France, se tiendra les 26 et 27 mai \u00e0 Deauville.<\/font><\/div>\n<div align=\"justify\"><font face=\"Arial\" size=\"2\">Le Premier ministre tunisien avait \u00e9t\u00e9 re\u00e7u mardi par son homologue fran\u00e7ais Fran\u00e7ois Fillon qui avait insist\u00e9 aupr\u00e8s de lui sur la \u00ab\u00a0n\u00e9cessit\u00e9\u00a0\u00bb pour Paris et Tunis de lutter \u00ab\u00a0ensemble contre l&rsquo;immigration ill\u00e9gale\u00a0\u00bb.<\/font><\/div>\n<hr\/>\n<p align=\"center\"><b><span><\/p>\n<h3 style=\"color: blue;\"><font face=\"Arial\">Dynamique Citoyenne des Tunisiens \u00e0 l\u2019Etranger (D.C.T.E.) :<\/font><\/h3>\n<p><\/span><\/b><\/p>\n<p align=\"center\"><b><span><\/p>\n<h3 style=\"color: blue;\"><font face=\"Arial\">Proposition de cr\u00e9ation d\u2019un r\u00e9seau international de p\u00f4les culturels tunisiens<\/font><\/h3>\n<p><\/span><\/b><\/p>\n<hr\/>\n<p> \u00a0<\/font><\/font><\/p>\n<p><\/span>\u00a0<\/p>\n<p align=\"justify\"><span><font face=\"Arial\">Apr\u00e8s avoir mis en ligne son texte fondateur sur <i>tunisnews<\/i> N\u00b0 4004 du 10.05. 2011, la Dynamique Citoyenne des Tunisiens \u00e0 l\u2019Etranger , lanc\u00e9e vers la fin du mois de f\u00e9vrier 2011 par des associations des Tunisiens \u00e0 l\u2019\u00e9tranger et par des personnalit\u00e9s ind\u00e9pendantes (voir liste des initiateurs sur facebook), poursuit sa pr\u00e9sentation au public en publiant le pr\u00e9sent texte portant sur l\u2019axe \u00ab culture et m\u00e9moire \u00bb, sachant que les d\u00e9bats qui se sont poursuivis tout au long des trois derniers mois ont abouti \u00e0 la configuration d\u2019une approche globalisante s\u2019articulant autour de trois th\u00e8mes ou axes : la probl\u00e9matique de la m\u00e9moire et de la culture, les revendications citoyennes (\u00e9lections, repr\u00e9sentativit\u00e9 etc..) sp\u00e9cifiques aux communaut\u00e9s tunisiennes expatri\u00e9es et les efforts pour nourrir la r\u00e9flexion sur leur r\u00f4le et leur contribution solidaire \u00e0 la t\u00e2che de reconstruction \u00e9conomique apr\u00e8s la R\u00e9volution de la libert\u00e9 et de la dignit\u00e9. On ne saurait trop insister sur le fait que la d\u00e9clinaison de ces axes en autant de projets tangibles ne rev\u00eat aucun caract\u00e8re d\u00e9finitif, bien au contraire, elle n\u2019a d\u2019autre but que de susciter le d\u00e9bat afin d\u2019en am\u00e9liorer le contenu de ceux-ci, d\u2019en affiner les contours et d\u2019y rem\u00e9dier aux insuffisances. Vos propositions seront prises en consid\u00e9ration et automatiquement int\u00e9gr\u00e9es dans la mouture g\u00e9n\u00e9rale. Ce sont des projets qui n\u2019appartiennent \u00e0 personne en particulier, ils sont le fruit d\u2019un effort collectif. Ils concernent tous les Tunisiens et toutes les Tunisiennes tant \u00e0 l\u2019\u00e9tranger que sur le sol national.<\/font><\/span><\/p>\n<p align=\"justify\"><span><font face=\"Arial\">Ensemble r\u00e9ussissons-les !<\/font><\/span><\/p>\n<p align=\"justify\"><span><font face=\"Arial\">Axe : Culture et m\u00e9moire :<\/font><\/span><\/p>\n<p align=\"justify\"><span><font face=\"Arial\">Proposition de cr\u00e9ation d\u2019un \u00ab Institut Culturel Tunisien \u00ab (<i>al<\/i>&#8211;<i>Ma\u2018hid al-Thaq\u00e2f\u00ee al-T\u00fbnis\u00ee<\/i>) et d\u2019un \u00ab Coll\u00e8ge Tunisien d\u2019Enseignement d\u2019Arabe \u00bb (<i>al-Madrasa al-T\u00fbnis\u00eeyya li-Tadr\u00eess al-Arab\u00eeyya<\/i>) *<\/font><\/span><\/p>\n<p align=\"justify\"><span><font face=\"Arial\">Prologue<\/font><\/span><\/p>\n<p align=\"justify\"><span><font face=\"Arial\">La cr\u00e9ation culturelle et artistique constitue, il va sans dire, une partie importante de la construction de l\u2019identit\u00e9 nationale, elle contribue \u00e0 la configuration d\u2019une image totalisatrice qu\u2019un peuple veut projeter de soi-m\u00eame, vers soi m\u00eame et vers le monde. L\u2019acte culturel est par essence universel au sens qu\u2019il aspire au dialogue continuel avec autrui. En invoquant le pass\u00e9, en convoquant le pr\u00e9sent et en anticipant sur le futur, il narre par accumulations cr\u00e9atrices successives le <i>continuum<\/i> d\u2019une nation et l\u2019\u00e9laboration historique de son paysage physique et mental. Mettant fin \u00e0 des si\u00e8cles \u00ab d\u2019absence \u00bb et d\u2019existence p\u00e9riph\u00e9rique, la R\u00e9volution populaire et d\u00e9mocratique du 14 janvier 2011 \u00e0 r\u00e9ins\u00e9r\u00e9 la Tunisie de plain-pied dans l\u2019Histoire. Elle lui a fournit l\u2019occasion de r\u00e9unir \u00e0 nouveau les conditions d\u2019acc\u00e8s \u00e0 l\u2019universalit\u00e9, non pas tant pour renouer avec son ind\u00e9niable prestige d\u2019antan, en tant qu\u2019h\u00e9riti\u00e8re de Carthage, de Rome, de Kairouan et d\u2019al-Andalus, mais pour apporter \u00e9galement sa contribution originale \u00e0 l\u2019\u00e9criture de l\u2019\u00e9pop\u00e9e humaine.<\/font><\/span><\/p>\n<p align=\"justify\"><span><font face=\"Arial\">La production culturelle et son exposition publique est s\u00fbrement la voie royale pour d\u00e9couvrir, aimer et faire aimer un pays et son peuple, cependant les r\u00e9gimes autoritaires ont toujours consid\u00e9r\u00e9 l\u2019art et la culture avec malveillance. Ni l\u2019Etat de Bourguiba ni celui de Ben Ali n\u2019ont \u00e0 cet \u00e9gard d\u00e9rog\u00e9 \u00e0 la r\u00e8gle, irr\u00e9ductibles ennemis de la culture, ils ont \u00e9rig\u00e9 la censure en norme absolue. Et c\u2019est ainsi que la Tunisie , contrairement \u00e0 des nombreux autres pays \u00e9mergents, demeure depuis plus d\u2019une cinquantaine d\u2019ann\u00e9es sans la moindre repr\u00e9sentation culturelle digne de ce nom dans le monde. Notre pr\u00e9sence culturelle hors de fronti\u00e8res nationales durant les cinq derni\u00e8res d\u00e9cennies \u00e9tait r\u00e9duite \u00e0 n\u00e9ant, \u00e0 l\u2019exception de rares manifestations ind\u00e9pendantes organis\u00e9es au compte goutte \u00e7a et l\u00e0, gr\u00e2ce \u00e0 l\u2019invitation des pays d\u2019accueil. La d\u00e9sertification culturelle sous le r\u00e9gime de Ben Ali a \u00e9t\u00e9 on ne peut plus dramatique.<\/font><\/span><\/p>\n<p align=\"justify\"><span><font face=\"Arial\">D\u00e9clar\u00e9 sur le papier \u00ab Centre culturel \u00bb depuis d\u00e9j\u00e0 les milieux des ann\u00e9es soixante-dix, le \u00ab site Botzaris \u00bb, outre le fait qu\u2019il n\u2019a jamais rempli sa vocation, a \u00e9t\u00e9 transform\u00e9 ill\u00e9galement, eu \u00e9gard \u00e0 son statut diplomatique, en si\u00e8ge, successivement du parti socialiste destourien et \u00e0 partir de 1987, l\u2019Etat policier ne trouva rien de mieux que de faire de ce prestigieux b\u00e2timent situ\u00e9 dans le 19eme arrondissement de Paris, face au parc des Buttes-Chaumont, une succursale du parti R.c.d, dissimul\u00e9e derri\u00e8re une myriade d\u2019associations-\u00e9cran, pour y loger ses miliciens et y installer ses r\u00e9seaux d\u2019indicateurs et de barbouzes charg\u00e9s de surveiller la communaut\u00e9 tunisienne et de terroriser les acteurs politiques et associatifs qui s\u2019opposent \u00e0 la dictature en Ile de France et au del\u00e0. Aujourd\u2019hui, en lib\u00e9rant les hommes et les femmes, l\u2019acte et la parole, la R\u00e9volution du 14 janvier eut pour cons\u00e9quence une explosion de cr\u00e9ation, autant dire une v\u00e9ritable r\u00e9volution esth\u00e9tique, augurant de l\u2019\u00e9mergence de nouveaux courants et de prolif\u00e9ration cr\u00e9atrice dans les diff\u00e9rents domaines.<\/font><\/span><\/p>\n<p align=\"justify\"><span><font face=\"Arial\">Y-a-t-il meilleur moyen pour donner \u00e0 voir \u00e0 l\u2019\u00e9tranger le visage de la Tunisie nouvelle et \u00e9mancip\u00e9e qu\u2019une prestigieuse institution culturelle sur ce site surplombant l\u2019un des plus beaux parcs haussmannien de la capitale fran\u00e7aise ?<\/font><\/span><\/p>\n<p align=\"justify\"><span><font face=\"Arial\">Proposition de cr\u00e9ation d\u2019un \u00ab P\u00f4le culturel \u00bb sur les sites de Botzaris (19eme) et celui de l\u2019ancien Consulat (17eme) **<\/font><\/span><\/p>\n<p align=\"justify\"><span><font face=\"Arial\">L\u2019id\u00e9e de lancement de \u00ab P\u00f4le culturel \u00bb est appel\u00e9e \u00e0 s\u2019\u00e9tendre ult\u00e9rieurement en vue de constituer un r\u00e9seau international couvrant des pays non-arabophones \u00e0 forte pr\u00e9sence tunisienne :<\/font><\/span><\/p>\n<p align=\"justify\"><span><font face=\"Arial\">Europe<\/font><\/span><\/p>\n<p align=\"justify\"><span><font face=\"Arial\">1- France \u2013 Paris<\/font><\/span><\/p>\n<p align=\"justify\"><span><font face=\"Arial\">2- France \u2013 Lyon ou Marseille<\/font><\/span><\/p>\n<p align=\"justify\"><span><font face=\"Arial\">3 &#8211; Italie &#8211; Rome<\/font><\/span><\/p>\n<p align=\"justify\"><span><font face=\"Arial\">4- Allemagne \u2013 D\u00fcsseldorf ou Berlin<\/font><\/span><\/p>\n<p align=\"justify\"><span><font face=\"Arial\">Am\u00e9rique du Nord \/Canada \u2013<\/font><\/span><\/p>\n<p align=\"justify\"><span><font face=\"Arial\">5- New York ou Ottawa<\/font><\/span><\/p>\n<p align=\"justify\"><span><font face=\"Arial\">Ce P\u00f4le comprend deux modules :<\/font><\/span><\/p>\n<p align=\"justify\"><span><font face=\"Arial\">Premier module : \u00ab Institut Culturel Tunisien \u00bb (<i>Al-Ma\u2018hid al-Thaq\u00e2f\u00ee al-T\u00fbnis\u00ee<\/i> )<\/font><\/span><\/p>\n<p align=\"justify\"><span><font face=\"Arial\">En France \u00ab L\u2019Institut Culturel Tunisien \u00bb est h\u00e9berg\u00e9 dans les locaux du 36, rue Botzaris Paris 75019 :<\/font><\/span><\/p>\n<p align=\"justify\"><span><font face=\"Arial\">\u25aa \u00ab L\u2019Institut culturel tunisien \u00bb est une institution officielle d\u00e9di\u00e9e \u00e0 la promotion de la culture et de la cr\u00e9ation contemporaines tunisiennes et \u00e0 la cr\u00e9ation arabe en g\u00e9n\u00e9ral, ainsi qu\u2019\u00e0 l\u2019enseignement de la langue arabe.<\/font><\/span><\/p>\n<p align=\"justify\"><span><font face=\"Arial\">\u25aa \u00ab L\u2019Institut Culturel Tunisien \u00ab est plac\u00e9 sous le Haut patronage de la Pr\u00e9sidence de la R\u00e9publique tunisienne, du minist\u00e8re des Affaires Etrang\u00e8res, du minist\u00e8re de l\u2019Education et du minist\u00e8re des Affaires sociales.<\/font><\/span><\/p>\n<p align=\"justify\"><span><font face=\"Arial\">\u25aa \u00ab L\u2019institut Culturel Tunisien \u00bb propose au public des programmes d\u2019activit\u00e9s culturelles, dispense des cours d\u2019enseignement d\u2019arabe, d\u00e9livre des dipl\u00f4mes d\u2019arabe et met \u00e0 la disposition du public :<\/font><\/span><\/p>\n<p align=\"justify\"><span><font face=\"Arial\">&#8211; Une biblioth\u00e8que, une m\u00e9diath\u00e8que pluridisciplinaire sp\u00e9cialis\u00e9e dans la th\u00e9matique tunisienne dont le fonds d\u2019ouverture sera constitu\u00e9 d\u2019un minimum de 15.000 r\u00e9f\u00e9rences bibliographiques consultables sur place dans un premier temps.<\/font><\/span><\/p>\n<p align=\"justify\"><span><font face=\"Arial\">&#8211; Un centre de documentation, une salle de lecture et de consultation de p\u00e9riodiques de 30 \u00e0 40 places, qui proposera aux visiteurs : livres, presse quotidienne, hebdomadaires etc. revues culturelles, g\u00e9n\u00e9ralistes ou sp\u00e9cialis\u00e9es, DVD\u2019s, CD\u2019s, vid\u00e9os et mat\u00e9riel multim\u00e9dia, \u00e9quip\u00e9s d\u2019acc\u00e8s \u00e0 Internet reli\u00e9 au fonds de la Biblioth\u00e8que Nationale.<\/font><\/span><\/p>\n<p align=\"justify\"><span><font face=\"Arial\">&#8211; Une salle d\u2019exposition d\u2019art permanente qui portera une attention particuli\u00e8re \u00e0 la production d\u2019\u0153uvres d\u2019artistes tunisiens (peinture, sculpture, dessin, photographie, performances, installations etc.)<\/font><\/span><\/p>\n<p align=\"justify\"><span><font face=\"Arial\">&#8211; Un auditorium \u00e9quip\u00e9 de mat\u00e9riel de projection cin\u00e9ma multi-supports de deux cents places minimum. Cet auditorium servira \u00e9galement aux repr\u00e9sentations th\u00e9\u00e2trales, aux spectacles chor\u00e9graphiques, aux cycles de cin\u00e9ma, \u00e0 l\u2019organisation de conf\u00e9rences, des s\u00e9minaires, des tables rondes, des d\u00e9bats litt\u00e9raires, des colloques et d\u2019autres manifestations tels que les r\u00e9citals de po\u00e9sie, les monologues, les concerts de musique etc.)<\/font><\/span><\/p>\n<p align=\"justify\"><span><font face=\"Arial\">&#8211; Un programme d\u2019activit\u00e9s culturelles, organis\u00e9 les mercredis (selon le calendrier scolaire du pays d\u2019accueil), destin\u00e9 aux enfants et ax\u00e9 sur la d\u00e9couverte et la connaissance de la Tunisie.<\/font><\/span><\/p>\n<p align=\"justify\"><span><font face=\"Arial\">&#8211; Une programmation trimestrielle de l\u2019ensemble des activit\u00e9s en plus d\u2019un guide reprenant l\u2019actualit\u00e9 culturelle relative \u00e0 la Tunisie dans le pays d\u2019accueil, seront \u00e9dit\u00e9s p\u00e9riodiquement par \u00ab l\u2019Institut \u00bb et diffus\u00e9s sur support papier et num\u00e9rique.<\/font><\/span><\/p>\n<p align=\"justify\"><span><font face=\"Arial\">&#8211; Une Caf\u00e9t\u00e9ria servant exclusivement des produits tunisiens<\/font><\/span><\/p>\n<p align=\"justify\"><span><font face=\"Arial\">\u25aa Des locaux pour la gestion administrative<\/font><\/span><\/p>\n<p align=\"justify\"><span><font face=\"Arial\">Les minist\u00e8res de tutelle nomment un directeur et proposent un Conseil d\u2019Administration compos\u00e9 d\u2019un tiers de fonctionnaires, un tiers de personnalit\u00e9s issues du monde de la culture, et un tiers de personnalit\u00e9s issues des communaut\u00e9s tunisiennes expatri\u00e9es provenant de divers horizons professionnels.<\/font><\/span><\/p>\n<p align=\"justify\"><i><span><font face=\"Arial\">P.S : Il est \u00e0 pr\u00e9ciser que de travaux de r\u00e9habilitation du site Botzaris s\u2019imposent, car sa distribution spatiale actuelle ne permet pas l\u2019installation d\u2019un lieu consacr\u00e9 \u00e0 ce type d\u2019activit\u00e9. Ceci \u00e9tant dit, nous recommandons, dans l\u2019attente de ces travaux, d\u2019ouvrir les locaux au public pour des activit\u00e9s culturelles restreintes qui restent \u00e0 d\u00e9finir entre la direction provisoire, les Minist\u00e8res et les partenaires pressentis.<\/font><\/span><\/i><\/p>\n<p align=\"justify\"><span><font face=\"Arial\">Deuxi\u00e8me module : \u00ab Coll\u00e8ge Tunisien d\u2019enseignement d\u2019arabe \u00bb (<i>al-Madrasa al-T\u00fbnis\u00eeyya li-Tadr\u00eess al<\/i>&#8211;<i>Arab\u00eeyya<\/i>) :<\/font><\/span><\/p>\n<p align=\"justify\"><span><font face=\"Arial\">\u25aa Le \u00ab Coll\u00e8ge Tunisien d\u2019Enseignement d\u2019arabe \u00bb est h\u00e9berg\u00e9 dans les locaux de l\u2019h\u00f4tel particulier de l\u2019ancien Consulat du 25, rue Fortuny 75017 Paris.<\/font><\/span><\/p>\n<p align=\"justify\"><span><font face=\"Arial\">\u25aa \u00ab Le coll\u00e8ge Tunisien \u00bb a pour mission de dispenser des cours d\u2019enseignement d\u2019arabe en tant que langue \u00e9trang\u00e8re selon les m\u00e9thodes modernes d\u2019enseignement des langues vivantes en usage en Tunisie. Les cours s\u2019adressent aux enfants et aux adultes d\u00e9butants et non-d\u00e9butants Tunisiens et non Tunisiens. Toutefois les enfants des ressortissants tunisiens seront exon\u00e9r\u00e9s des frais d\u2019inscriptions, soit totalement soit partiellement et ce en fonction des ressources des parents. Une tarification par programme semestriel sera mise en place selon le niveau d\u2019\u00e9tude choisi. Ces niveaux sont au nombre de 4 : A &#8211; Cours de langue g\u00e9n\u00e9rale : D\u00e9butant &#8211; Interm\u00e9diaire &#8211; Sup\u00e9rieur \u2013 Approfondi, B &#8211; Cours sp\u00e9cialis\u00e9s, C &#8211; Cours par internet, D- Cours intensifs<\/font><\/span><\/p>\n<p align=\"justify\"><span><font face=\"Arial\">\u25aa Con\u00e7u comme un coll\u00e8ge d\u2019excellence cet \u00e9tablissement p\u00e9dagogique a pour vocation de d\u00e9livrer au nom du minist\u00e8re de l\u2019Education des dipl\u00f4mes reconnus \u00e0 l\u2019\u00e9chelle internationale attestant divers niveaux et maitrise de la langue arabe.<\/font><\/span><\/p>\n<p align=\"justify\"><span><font face=\"Arial\">Ce projet est d\u00e9clin\u00e9 dans ces lignes directrices, ce sont les commissions d\u2019experts nomm\u00e9es par l\u2019Etat Tunisien qui auront pour charge, une fois le projet ent\u00e9rin\u00e9, d\u2019en d\u00e9finir les modalit\u00e9s de r\u00e9alisation.<\/font><\/span><\/p>\n<p align=\"justify\"><i><span><font face=\"Arial\">* Nous informons nos concitoyens que le projet ci-dessus ainsi que les appellations : \u00ab Institut Culturel Tunisien \u00bb et \u00abColl\u00e8ge Tunisien d\u2019Enseignement d\u2019Arabe \u00bb et leur traduction respective en arabe sont d\u00e9pos\u00e9s au titre de propri\u00e9t\u00e9 intellectuelle exclusive au nom de la \u00a9 \u00ab Dynamique Citoyenne des Tunisiens \u00e0 l\u2019\u00e9tranger \u00bb. Toutefois les entit\u00e9s associatives, les ONG, et les personnes physiques qui acceptent de rejoindre la \u00ab Dynamique \u00bb et d\u2019\u0153uvrer pour la r\u00e9alisation de ses objectifs disposeront du droit d\u2019adaptation et de traduction de ce projet et de son libell\u00e9 selon le pays de r\u00e9sidence.<\/font><\/span><\/i><\/p>\n<p align=\"justify\"><font face=\"Arial\"><i><span><font>** Dans l\u2019hypoth\u00e8se d\u2019une p\u00e9nurie de locaux, les autorit\u00e9s tunisiennes s\u2019engagent \u00e0 d\u00e9clencher des actions en justice pour la d\u00e9volution \u00e0 l\u2019Etat des biens appartenant au dictateur d\u00e9chu et \u00e0 sa famille et de les mettre \u00e0 disposition des promoteurs du projet<\/font><\/span><\/i><span><font>.<\/font><\/span><\/font><\/p>\n<p align=\"justify\"><span><a href=\"mailto:dynamique.tunisie@yahoo.com\"><span><font face=\"Arial\">dynamique.tunisie@yahoo.com<\/font><\/span><\/a><\/span><\/p>\n<p align=\"justify\"><span><font face=\"Arial\">Interlocuteur pour le projet culturel<\/font><\/span><\/p>\n<p align=\"justify\"><b><span><font face=\"Arial\">Abdelatif Ben Salem<\/font><\/span><\/b> <\/p>\n<hr\/>\n<p> \u00a0<\/p>\n<div align=\"center\"><font face=\"Arial\" size=\"2\"><strong>LETTRE OUVERTE<\/strong><\/font><\/div>\n<div align=\"center\">\u00a0<\/div>\n<div align=\"center\"><font face=\"Arial\" size=\"2\"><strong>A L\u2019ATTENTION DU GOUVERNEMENT PROVISOIRE<\/strong><\/font><\/div>\n<div align=\"center\"><font face=\"Arial\" size=\"2\"><strong>ET DE L\u2019OPINION PUBLIQUE DE TUNISIE<\/strong><\/font><\/div>\n<div align=\"center\">\u00a0<\/div>\n<div align=\"center\"><font face=\"Arial\" size=\"2\"><strong>Bient\u00f4t 20 ans que la victime a \u00e9t\u00e9 martyris\u00e9e et 17 ans que son cas est pendant<\/strong><\/font><\/div>\n<div align=\"center\"><font face=\"Arial\" size=\"2\"><strong>devant le CAT,<\/strong><\/font><\/div>\n<div align=\"center\">\u00a0<\/div>\n<div align=\"center\">\n<h3 style=\"color: blue;\"><font face=\"Arial\"><strong>POUR QUAND LA VERIT\u00c9<\/strong><\/font><\/h3>\n<\/div>\n<div align=\"center\">\n<h3 style=\"color: blue;\"><font face=\"Arial\"><strong>DANS L\u2019AFFAIRE FAYSAL BARAKAT ?<\/strong><\/font><\/h3>\n<\/div>\n<div align=\"center\">\n<hr\/>\n<\/div>\n<div><font face=\"Arial\" size=\"2\">Monsieur le Premier ministre du gouvernement provisoire, chers compatriotes,<\/font><\/div>\n<div><font face=\"Arial\" size=\"2\">En octobre 1991, Faysal BARAKAT, \u00e9tudiant \u00e0 la facult\u00e9 des sciences de Tunis, \u00e9tait mort \u00e0 la suite d\u2019une journ\u00e9e enti\u00e8re de torture cruelle et syst\u00e9matique. Cette affaire a \u00e9t\u00e9 port\u00e9e devant le Comit\u00e9 des Nations Unies contre la torture (CAT) le 29 avril 1994. Ce dernier a rendu sa d\u00e9cision en novembre 1999. Il a notamment demand\u00e9 au gouvernement tunisien de faire proc\u00e9der \u00e0 une exhumation de la victime &#8211; dans les conditions \u00e9nonc\u00e9es par le Comit\u00e9 &#8211; pour constater si le squelette comportait des fractures au niveau du bassin ou s\u2019il \u00e9tait intact.<\/font><\/div>\n<div><font face=\"Arial\" size=\"2\">Dans un cas, ce sera la preuve qu\u2019il s\u2019agit d\u2019un accident ; dans l\u2019autre, qu\u2019il s\u2019agit d\u2019un assassinat sous la torture.<\/font><\/div>\n<div><font face=\"Arial\" size=\"2\">En ao\u00fbt 2009, le gouvernement tunisien a d\u00e9clar\u00e9 accepter le principe de l\u2019exhumation et la l\u2019instruction de l\u2019affaire pour la quatri\u00e8me fois, ce qui doit \u00eatre un record absolu dans les annales de la justice tunisienne. Un juge d\u2019instruction a \u00e9t\u00e9 d\u00e9sign\u00e9.<\/font><\/div>\n<div><font face=\"Arial\" size=\"2\">Apr\u00e8s d\u2019obscures p\u00e9rip\u00e9ties et plus d\u2019une ann\u00e9e perdue, le magistrat a annonc\u00e9 \u00e0 deux reprises son intention de proc\u00e9der \u00e0 l\u2019exhumation du squelette. A chaque fois, il a obstin\u00e9ment refus\u00e9 de donner le moindre gage de transparence \u00e0 la famille \u00e9chaud\u00e9e par des ann\u00e9es de mensonges, de compromissions et de pr\u00e9varications de toutes sortes, y compris par des \u00ab expertises \u00bb m\u00e9dicales de complaisance.<\/font><\/div>\n<div><font face=\"Arial\" size=\"2\">Ceci dans le m\u00eame temps o\u00f9, comme ses pr\u00e9d\u00e9cesseurs, il s\u2019est abstenu d\u2019engager le moindre d\u00e9but d\u2019investigation en direction des suspects que nous avions indiqu\u00e9s nominativement dans notre plainte, il y a 17 ans. Les t\u00e9moins n\u2019avaient pas eu autant de chances : en 1995, ils avaient \u00e9t\u00e9 interpel\u00e9s par les agents suspects eux-m\u00eames, avaient \u00e9t\u00e9 menac\u00e9s de mort et contraints de signer des PV comme quoi ils ne connaissaient pas le plaignant ou que ce dernier les avait grassement r\u00e9mun\u00e9r\u00e9 leurs premiers t\u00e9moignages.<\/font><\/div>\n<div><font face=\"Arial\" size=\"2\">Le juge d\u2019instruction s\u2019est toujours comport\u00e9 comme si une banale affaire de droit commun venait tout juste de survenir. Il a d\u00e9clar\u00e9 ouvertement n\u2019accorder aucune importance au volet international de l\u2019affaire et \u00e0 la pr\u00e9sence du Comit\u00e9 contre la torture. Il n\u2019a, \u00e0 plus forte raison, jamais cherch\u00e9 \u00e0 joindre l\u2019auteur de la plainte, ce qui s\u2019apparente \u00e0 un lapsus.<\/font><\/div>\n<div><font face=\"Arial\" size=\"2\">En f\u00e9vrier 2011, lors d\u2019un d\u00e9placement \u00e0 Tunis, j\u2019avais rencontr\u00e9 Mme la Coordinatrice g\u00e9n\u00e9rale des Droits de l\u2019homme au minist\u00e8re de la justice. J\u2019avais exprim\u00e9 aupr\u00e8s d\u2019elle le souhait que cette affaire soit r\u00e9solue le plus rapidement au profit de la Tunisie nouvelle et dans le respect des droits des victimes.<\/font><\/div>\n<div><font face=\"Arial\" size=\"2\">Toujours est-il que le juge d\u2019instruction a souhait\u00e9 ce samedi 14 mai 2011 proc\u00e9der \u00e0 l\u2019exhumation avec d\u00e9placement des os et sans que la famille victime soit repr\u00e9sent\u00e9 dans le coll\u00e8ge de m\u00e9decins-l\u00e9gistes d\u00e9sign\u00e9s par lui.<\/font><\/div>\n<div><font face=\"Arial\" size=\"2\">Pour la seconde fois en deux semaines, la famille est oblig\u00e9e de faire corps pour emp\u00eacher qu\u2019aucune man\u0153uvre ne puisse aboutir \u00e0 la violation inutile de la s\u00e9pulture du d\u00e9funt et peut-\u00eatre, in fine, \u00e0 la dilapidation possible de la preuve de sa mort sous la torture, telle que d\u00e9crite par quatre sommit\u00e9s mondiales de m\u00e9decine l\u00e9gale de trois pays diff\u00e9rents.<\/font><\/div>\n<div><font face=\"Arial\" size=\"2\">Avec la famille, nous avons donc exig\u00e9 que l\u2019exhumation se limite \u00e0 son objet, qui est de constater VISUELLEMENT l\u2019\u00e9tat du bassin de la victime, selon les conditions de transparence n\u00e9cessaires et sans frais suivantes :<\/font><\/div>\n<div><font face=\"Arial\" size=\"2\">&#8211; La pr\u00e9sence de m\u00e9decins ind\u00e9pendants, ayant eu \u00e0 se prononcer dans l\u2019affaire, tel que l\u2019a exig\u00e9 le Comit\u00e9<\/font><\/div>\n<div><font face=\"Arial\" size=\"2\">&#8211; A d\u00e9faut, la pr\u00e9sence d\u2019un l\u00e9giste d\u00e9sign\u00e9 par le conseil de l\u2019ordre des m\u00e9decins et accept\u00e9 par la famille<\/font><\/div>\n<div><font face=\"Arial\" size=\"2\">&#8211; Le processus de mise au jour du squelette doit \u00eatre int\u00e9gralement film\u00e9 sur un support vid\u00e9o<\/font><\/div>\n<div><font face=\"Arial\" size=\"2\">&#8211; Ne s\u2019agissant aucunement de recherches bact\u00e9riologique ou toxicologiques, l\u2019exhumation n\u2019a pas \u00e0 d\u00e9passer le strict n\u00e9cessaire, soit le point o\u00f9, IN SITU, le bassin de la victime devient parfaitement auscultable \u00e0 l\u2019\u0153il nu. On pourra, \u00e0 la rigueur, si les sp\u00e9cialistes l\u2019estiment utile, s\u00e9parer le bassin et le retourner sur la face oppos\u00e9e pour parfaire l\u2019observation.<\/font><\/div>\n<div><font face=\"Arial\" size=\"2\">Pour toutes ces raisons et en accord avec la famille BARAKAT et ses avocats,<\/font><\/div>\n<div><font face=\"Arial\" size=\"2\">1- nous r\u00e9it\u00e9rons \u00e0 l\u2019attention du gouvernement provisoire, qui assure la continuit\u00e9 de l\u2019Etat, notre demande de prendre ses dispositions pour que cette affaire soit r\u00e9solue au plus tard \u00e0 la session de novembre 2011 du Comit\u00e9, soit au 20\u00e8me anniversaire de la mort sous la torture du d\u00e9funt<\/font><\/div>\n<div><font face=\"Arial\" size=\"2\">2- nous attaquons en suspicion l\u00e9gitime le magistrat instructeur d\u00e9sign\u00e9 \u00e0 l\u2019automne 2009 et demandons qu\u2019il soit dessaisi de l\u2019affaire BARAKAT et remplac\u00e9. En effet, riend e tout ce qu\u2019il a entrepris depuis sa d\u00e9signation ne tend \u00e0 prouver une quelconque ind\u00e9pendance<\/font><\/div>\n<div><font face=\"Arial\" size=\"2\">3- nous appelons \u00e0 ce que le nouveau magistrat instructeur soit d\u00fbment inform\u00e9 qu\u2019il ne peut traiter cette affaire que dans le cadre \u00e9tabli entre le gouvernement tunisien et le Comit\u00e9 contre la torture, conform\u00e9ment aux termes de la Convention contre la torture, qui prime sur la l\u00e9gislation interne.<\/font><\/div>\n<div><font face=\"Arial\" size=\"2\">Ce que nous attendons des nouvelles autorit\u00e9s politiques et judiciaires tunisiennes c\u2019est qu\u2019elles agissent dans le sens de la justice la plus \u00e9l\u00e9mentaire. En l\u2019occurrence, il n\u2019est pas du tout normal que la d\u00e9nonciation de crime qu\u2019est la plainte au CAT, n\u2019ait donn\u00e9 lieu \u00e0 aucune poursuite contre les suspects, ni m\u00eame \u00e0 leur simple identification. Ils \u00e9taient couverts par<\/font><\/div>\n<div><font face=\"Arial\" size=\"2\">l\u2019ancien pouvoir et assur\u00e9s d\u2019une totale impunit\u00e9. Cela provoque une affaire de deux d\u00e9cennies sans possibilit\u00e9 de deuil pour une famille elle-m\u00eame martyris\u00e9e, surtout depuis que nous avions d\u00e9pos\u00e9 notre recours au Comit\u00e9 contre la torture, le 29 avril 1994. L\u2019affaire BARAKAT est la premi\u00e8re o\u00f9 un Etat v\u00e9ritablement tortiocratique a \u00e9t\u00e9 condamn\u00e9. A ce jour, elle est de loin la plus ancienne encore en instruction devant le Comit\u00e9 contre la torture.<\/font><\/div>\n<div><font face=\"Arial\" size=\"2\">A ce propos, l\u2019auteur esp\u00e8re que la famille BARAKAT aura acc\u00e8s \u00e0 M. Juan MENDEZ, nouveau Rapporteur sp\u00e9cial en charge de la torture, en visite \u00e0 Tunis du 15 au 22 mai. Le contraire serait anormal et choquant. Nous aurons \u00e0 reprendre la question avec le haut responsable, surtout en pr\u00e9vision de la discussion du 3\u00e8me rapport p\u00e9riodique de la Tunisie devant le Comit\u00e9 contre la torture, en novembre prochain.<\/font><\/div>\n<div><font face=\"Arial\" size=\"2\">Il n\u2019est pas normal non plus que le plaignant soit frontalier de Gen\u00e8ve et que jamais la Mission tunisienne aupr\u00e8s des institutions sp\u00e9cialis\u00e9es n\u2019ait cherch\u00e9 \u00e0 \u00e9tablir le contact, comme si les anciens \u00e9taient toujours l\u00e0\u2026<\/font><\/div>\n<div><font face=\"Arial\" size=\"2\">L\u2019auteur et la famille restent ouverts \u00e0 toute discussion avec les autorit\u00e9s de leur pays dans la mesure o\u00f9 leur juste cause sera entendue et o\u00f9 sa r\u00e9solution ne sera pas artificiellement retard\u00e9e. Par ces temps nouveaux, gagner du temps n\u2019est plus au profit de personne, tant est qu\u2019il f\u00fbt jamais au profit de qui que<\/font><\/div>\n<div><font face=\"Arial\" size=\"2\">ce soit.<\/font><\/div>\n<div><font face=\"Arial\" size=\"2\">Le plaignant aura fait ce qui \u00e9tait possible en vue d\u2019\u00e9pargner \u00e0 son pays cette pr\u00e9sence permanente, ininterrompue et d\u00e9gradante devant les instances intergouvernementales. Il pr\u00e9f\u00e8re penser que le nouveau gouvernement n\u2019a pas encore eu le temps de regarder cette affaire comme prioritaire. C\u2019est pourquoi nous avons r\u00e9solu de notre discr\u00e9tion notre discr\u00e9tion. Nos compatriotes ont le droit de savoir\u2026<\/font><\/div>\n<div><font face=\"Arial\" size=\"2\">L\u2019auteur et la famille du d\u00e9funt remercient chaleureusement Monsieur le Premier ministre et tous leurs compatriotes de les avoir \u00e9cout\u00e9s.<\/font><\/div>\n<div><font face=\"Arial\" size=\"2\">Fait \u00e0 Besan\u00e7on, le 17 mai 2011<\/font><\/div>\n<div><font face=\"Arial\" size=\"2\">Pour la famille du d\u00e9funt Faysal BARAKAT,<\/font><\/div>\n<div><font face=\"Arial\" size=\"2\">L\u2019auteur des plaintes 14\/1994 et 60\/1996 au Comit\u00e9 contre la torture<\/font><\/div>\n<div><strong><\/p>\n<h3 style=\"color: blue;\"><font face=\"Arial\" size=\"2\">Khaled BEN M\u2019BAREK<\/font><\/h3>\n<p><\/strong><\/div>\n<div align=\"center\">\u00a0<\/div>\n<hr\/>\n<div align=\"center\">\u00a0<\/div>\n<div align=\"center\">\n<p><font face=\"Arial\"><strong>MISE AU POINT CONCERNANT L&rsquo;INTERVIE\u200bW DU PROFESSEUR ABDELWAHEB BOUHDIBA AU JOURNAL LA PRESSE LE 14\\05\\2011<\/strong><\/font><\/p>\n<\/div>\n<div align=\"center\">\n<hr\/>\n<\/div>\n<div align=\"justify\">\u00a0<\/div>\n<div align=\"justify\"><font face=\"Arial\" size=\"2\">Suite \u00e0 l&rsquo;interview avec Pr. Abdelwaheb Bouhdiba, parueau journal LA PRESSE le 14\/05\/2011, et ayant toujours \u00e9t\u00e9 tr\u00e8s proche del&rsquo;Acad\u00e9mie Beit al-Hikma, permettez moi d&rsquo;\u00e9clairer l&rsquo;opinion publique enapportant les pr\u00e9cisions suivantes que je tiens d&rsquo;une source fiable.<\/font><\/div>\n<div align=\"justify\">\u00a0<\/div>\n<div align=\"justify\"><font face=\"Arial\" size=\"2\">Tout d\u2019abord,Il n&rsquo; a jamais \u00e9t\u00e9 question, comme l&rsquo;a avanc\u00e9 Pr. Bouhdiba, que le Minist\u00e8redes Finances ferme \u00ab lamaison d\u00e9gingand\u00e9e \u00bbqu&rsquo;\u00e9tait Beit al-Hikma. En collaboration avec l&rsquo;Institut National duPatrimoine, le palais de Beit al_Hikma a \u00e9t\u00e9 restaur\u00e9 mais il n&rsquo;a jamais \u00e9t\u00e9dans un \u00e9tat ded\u00e9labrement au point de placer des bassines quand il pleuvait!<\/font><\/div>\n<div align=\"justify\">\u00a0<\/div>\n<div align=\"justify\"><font face=\"Arial\" size=\"2\">D&rsquo;autre part, l&rsquo;espace qui \u00e9tait \u00e0 la disposition d&rsquo;un ancien directeur de l\u2019Acad\u00e9mie lui a \u00e9t\u00e9octroy\u00e9 en tant qu&rsquo;ancien directeur g\u00e9n\u00e9ral de l&rsquo;Institut National duPatrimoine et il a \u00e9t\u00e9 r\u00e9cup\u00e9r\u00e9 par Beit al-Hikma dans un tr\u00e8s bon \u00e9tat.<\/font><\/div>\n<div align=\"justify\">\u00a0<\/div>\n<div align=\"justify\"><font face=\"Arial\" size=\"2\">La manifestation la plus importante de cette ann\u00e9e qui est la c\u00e9l\u00e9bration du9\u00e8me centenaire de Abou Hamed Al Ghazali a \u00e9t\u00e9 programm\u00e9e avec l&rsquo;accord et les encouragements del&rsquo;ancien r\u00e9gime qui ne l&rsquo;a \u00e0 aucun moment contest\u00e9, bien au contraire, Pr Bouhdiba avaitl&rsquo;approbation absolue.<\/font><\/div>\n<div align=\"justify\">\u00a0<\/div>\n<div align=\"justify\">\u00a0<\/div>\n<div align=\"justify\"><font face=\"Arial\" size=\"2\">En tant que pr\u00e9sident de l&rsquo;Acad\u00e9mie Beit al-Hikma, Pr Bouhdiba n&rsquo;a \u00e9t\u00e9nullement l\u00e9s\u00e9. Le Premier Minist\u00e8re lui a accord\u00e9 une indemnit\u00e9 compensatriceafin qu&rsquo;il puisse b\u00e9n\u00e9ficier du plein salaire de professeur universitaire, cecien plus des avantages en nature d&rsquo;un chef d&rsquo;entreprise, tels que voitures,chauffeur, contingent d&rsquo;essence, paiement des factures de t\u00e9l\u00e9phone&#8230;, etc.<\/font><\/div>\n<div align=\"justify\">\u00a0<\/div>\n<div align=\"justify\"><font face=\"Arial\" size=\"2\">Il est \u00e9tonnant de lire que des successeurs aient refus\u00e9 de prendre ladirection de Beit al-Hikma. Cetteprestigieuse institution a toujours \u00e9t\u00e9 convoit\u00e9e par nombred&rsquo;universitaires mais pour des raisons diverses, ils n&rsquo;ont pu acc\u00e9der \u00e0 ceposte.<\/font><\/div>\n<div align=\"justify\">\u00a0<\/div>\n<div align=\"justify\"><font face=\"Arial\" size=\"2\">Quant \u00e0 la coordination de Kairouan capitale islamique culturelle, Pr Bouhdibaa du d\u00e9cliner cette offre pour des raisons de sant\u00e9, d&rsquo;autant plus que sesrelations avec le ministre de la culture de l&rsquo;\u00e9poque \u00e9taient tendues.<\/font><\/div>\n<div align=\"justify\">\u00a0<\/div>\n<div align=\"justify\"><font face=\"Arial\" size=\"2\">Pour ces m\u00eames raisons de sant\u00e9, il s&rsquo;\u00e9tait abstenu de participer \u00e0l&rsquo;observatoire des \u00e9lections.<\/font><\/div>\n<div><font face=\"Arial\" size=\"2\">Quant \u00e0 la liste des acad\u00e9miciens, il est vrai qu&rsquo;elle comportait certains nomsqui n&rsquo;ont pas plu \u00e0 la pr\u00e9sidence, tels que Mohamed Talbi ou Hichem Jaiet, maisil n&rsquo;y a jamais eu de la part de Beit al-Hikma un vrai suivi depuis, maisplut\u00f4t des petits rappels tr\u00e8s timides. <\/font><\/div>\n<div><font face=\"Arial\" size=\"2\">On ne pourrait d\u00e9nier les m\u00e9rites du Pr Abdelwaheb Bouhdiba quant \u00e0 son apportscientifique et sacontribution \u00e0 la promotion des institutions qu&rsquo;il eut \u00e0 g\u00e9rer. Il est toutefoisd\u00e9plorable qu&rsquo;il ne sesoit pas conform\u00e9 \u00e0 une enti\u00e8re objectivit\u00e9 dans l&rsquo;\u00e9vocation de certains faits.<\/font><\/div>\n<div><font face=\"Arial\" size=\"2\">Je vous prie de bien vouloir publier cette mise au point, dict\u00e9e par le seulsouci de faire valoir la v\u00e9rit\u00e9.<\/font><\/div>\n<div><font face=\"Arial\" size=\"2\">Avec mes vifs remerciements pour la formidable contribution de votre journal \u00e0diffuser les opinions de tous les intellectuels tunisiens.<\/font><\/div>\n<div><font face=\"Arial\" size=\"2\"><strong><font>Fares BEY<\/font><\/strong><\/font><\/div>\n<div><font face=\"Arial\" size=\"2\">Universitaire et chercheur<\/font><\/div>\n<hr\/>\n<div align=\"center\">\n<h3 style=\"color: blue;\"><font face=\"Arial\"><strong>Non au recours \u00e0 l&rsquo;ONU.<\/strong><\/font><\/h3>\n<\/div>\n<div align=\"center\">\n<hr\/>\n<\/div>\n<div><font face=\"Arial\" size=\"2\">On vient d&rsquo;apprendre, au soir de ce 17 mai, que le gouvernement provisoire tunisien, dont le chef se trouve en visite \u00e0 Paris, envisage de saisir l&rsquo;ONU \u00e0 la suite de la chute d&rsquo;obus dans le secteur de Dehiba, \u00e0 la fronti\u00e8re tuniso-libyenne.<\/font><\/div>\n<div><font face=\"Arial\" size=\"2\">Dans ce dossier tr\u00e8s sensible,le gouvernement provisoire doit faire preuve de retenue et de sang froid dans le cadre strict du mandat dont il dispose.<\/font><\/div>\n<div><font face=\"Arial\" size=\"2\">Tout en demandant fermement \u00e0 la Libye de cesser de s&rsquo;en prendre militairement au territoire tunisien, le gouvernement provisoire doit \u00e9viter de se laisser entra\u00eener sur le terrain de l&rsquo;internationalisation de cette affaire.<\/font><\/div>\n<div><font face=\"Arial\" size=\"2\">En effet toute internationalisation, m\u00eame sous le couvert de l&rsquo;ONU, ne peut profiter qu&rsquo;aux forces de l&rsquo;OTAN qui cherchent depuis des semaines, et en particulier depuis les d\u00e9clarations du ministre de la d\u00e9fense britannique Liam Fox devant les Communes, \u00e0 mettre le pied \u00e0 la fronti\u00e8re tuniso-libyenne.<\/font><\/div>\n<div><font face=\"Arial\" size=\"2\">L&rsquo;int\u00e9grit\u00e9 territoriale de la Tunisie et sa souverainet\u00e9 doivent guider l&rsquo;action de toutes les forces nationales.<\/font><\/div>\n<div><font face=\"Arial\" size=\"2\"><strong><font>Khaled Falah,<\/font><\/strong> Responsable des relations ext\u00e9rieures du Parti du Travail Patriotique et D\u00e9mocratique de Tunisie.<\/font><\/div>\n<div>\n<hr\/>\n<\/div>\n<p align=\"center\"><b><span lang=\"NO-BOK\"><\/p>\n<h4 style=\"color: blue;\"><font face=\"Arial\">Pr\u00e9cisions du minist\u00e8re de l&rsquo;int\u00e9rieur au sujet des \u00e9v\u00e8nements de Rouhia<\/font><\/h4>\n<p><\/span><\/b><span lang=\"NO-BOK\"><strong><\/strong><\/span><\/p>\n<hr\/>\n<p>\u00a0<\/p>\n<p align=\"justify\"><span lang=\"NO-BOK\"><font face=\"Arial\">Des unit\u00e9s sp\u00e9ciales de l&rsquo;arm\u00e9e et de la garde nationale sont parvenues, mercredi matin vers 6h55, en collaboration avec quelques habitants, \u00e0 identifier un groupe de trois terroristes dans la localit\u00e9 de Rouhia (Siliana), informe le minist\u00e8re de l&rsquo;int\u00e9rieur dans un communiqu\u00e9 publi\u00e9 mercredi.  Le communiqu\u00e9 souligne que les terroristes ont pris refuge dans un lieu situ\u00e9 pr\u00e9s de Rouhia et commenc\u00e9 \u00e0 tirer sur les unit\u00e9s de l&rsquo;arm\u00e9e et de la garde nationale, blessant trois militaires dont un haut officier qui a succomb\u00e9 \u00e0 ses blessures. Du cot\u00e9 des terroristes, deux ont \u00e9t\u00e9 abattus sur place et le troisi\u00e8me a pris la fuite.  La m\u00eame source pr\u00e9cise, que ces personnes ont \u00e9t\u00e9 intercept\u00e9es gr\u00e2ce aux efforts d\u00e9ploy\u00e9s, depuis quelques jours, par les forces de s\u00e9curit\u00e9 et l&rsquo;arm\u00e9e sur les traces des groupes d&rsquo;individus qui se sont infiltr\u00e9s, r\u00e9cemment, dans le territoire tunisien.  Les minist\u00e8res de l&rsquo;Int\u00e9rieur et de la D\u00e9fense nationale appellent dans ce communiqu\u00e9, tous les citoyens et sp\u00e9cialement les chauffeurs de louages ainsi que tous les usagers de la route \u00e0 la vigilance, les exhortant \u00e0 informer les services concern\u00e9s sur toute personne suspecte afin de pr\u00e9server l&rsquo;int\u00e9grit\u00e9 du territoire national<\/font><\/span><\/p>\n<p align=\"justify\"><span lang=\"NO-BOK\"><font face=\"Arial\">Source: \u201dLa Presse\u201d Le 18-05-2011<\/font><\/span><\/p>\n<p align=\"justify\"><span lang=\"NO-BOK\"><font face=\"Arial\">Lien: <\/font><a href=\"http:\/\/www.lapresse.tn\/18052011\/29401\/precisions-du-ministere-de-l-interieur-au-sujet-des-evenements-de-rouhia.html\" target=\"_blank\" rel=\"noopener\"><font face=\"Arial\">http:\/\/www.lapresse.tn\/18052011\/29401\/precisions-du-ministere-de-l-interieur-au-sujet-des-evenements-de-rouhia.html<\/font><\/a><\/span><\/p>\n<p align=\"justify\"><span lang=\"NO-BOK\"><font face=\"Arial\"><\/font><\/span><\/p>\n<hr\/>\n<p align=\"center\"><b><span lang=\"FR\"><\/p>\n<h4 style=\"color: blue;\"><font face=\"Arial\">Siliana : un mort parmi nos forces de l\u2019ordre suite \u00e0 une confrontation avec l\u2019Aqmi<\/font><\/h4>\n<p> <\/span><\/b><\/p>\n<hr\/>\n<p>\u00a0<\/p>\n<p align=\"justify\"><span lang=\"FR\"><font face=\"Arial\">Selon Mosa\u00efque FM, un affrontement entre les forces de l&rsquo;ordre tunisiennes et un groupe arm\u00e9 appartenant \u00e0 Aqmi (la branche maghr\u00e9bine d\u2019Al-Qaida), a caus\u00e9 un mort dans les rangs des services de s\u00e9curit\u00e9, ainsi qu&rsquo;un bless\u00e9 dans un \u00e9tat critique.<\/font><\/span><\/p>\n<p align=\"justify\"><span lang=\"FR\"><font face=\"Arial\">Du c\u00f4t\u00e9 des terroristes on enregistre deux morts de nationalit\u00e9 libyenne.<\/font><\/span><\/p>\n<p align=\"justify\"><span lang=\"FR\"><font face=\"Arial\">L&rsquo;affrontement a \u00e9clat\u00e9 t\u00f4t ce matin \u00e0 Rouhia, dans le gouvernorat de Siliana, o\u00f9 les forces de l\u2019ordre (arm\u00e9e, garde nationale et police) ont combattu un groupe de neuf terroristes compos\u00e9 de plusieurs nationalit\u00e9s : tunisienne, alg\u00e9rienne et libyenne, pr\u00e9cise la m\u00eame source.<\/font><\/span><\/p>\n<p align=\"justify\"><span lang=\"FR\"><font face=\"Arial\">En attendant la confirmation du minist\u00e8re de la D\u00e9fense, plusieurs autres sources indiquent qu&rsquo;il y a eu une autre victime du c\u00f4t\u00e9 des forces de l\u2019ordre. Il s\u2019agirait d\u2019un commandant de l&rsquo;arm\u00e9e tunisienne.<\/font><\/span><\/p>\n<p align=\"justify\"><span lang=\"FR\"><font face=\"Arial\">Par ailleurs une vid\u00e9o, qui circule depuis ce matin sur Facebook, et montrant un h\u00f4pital attesterait de l&rsquo;urgence de la situation.<\/font><\/span><\/p>\n<p align=\"justify\"><span lang=\"FR\"><font face=\"Arial\">Source : \u00ab webdo \u00bb Le 18-05-2011<\/font><\/span><\/p>\n<p align=\"justify\"><span lang=\"FR\"><font face=\"Arial\">Lien : <\/font><a href=\"http:\/\/www.webdo.tn\/2011\/05\/18\/siliana-un-mort-parmi-nos-forces-de-l-ordre-suite-a-confrontation-avec-l-aqmi\/\" target=\"_blank\" rel=\"noopener\"><font face=\"Arial\">http:\/\/www.webdo.tn\/2011\/05\/18\/siliana-un-mort-parmi-nos-forces-de-l-ordre-suite-a-confrontation-avec-l-aqmi\/<\/font><\/a><\/span><\/p>\n<p align=\"justify\"><span lang=\"FR\"><font face=\"Arial\"><\/font><\/span><\/p>\n<hr\/>\n<p align=\"center\"><b><span lang=\"FR\"><\/p>\n<h4 style=\"color: blue;\"><font face=\"Arial\">Tunisie : deux hommes suspect\u00e9s d&rsquo;appartenir \u00e0 Al Qa\u00efda ont \u00e9t\u00e9 tu\u00e9s<\/font><\/h4>\n<p> <\/span><\/b><\/p>\n<hr\/>\n<p>\u00a0<\/p>\n<p align=\"justify\"><span lang=\"EN-US\"><font face=\"Arial\">Ils \u00abportaient des ceintures d&rsquo;explosifs\u00bb et sont consid\u00e9r\u00e9s comme de \u00abterroristes, fortement suspect\u00e9s d&rsquo;appartenir au r\u00e9seau Al-Qa\u00efda\u00bb, selon une souce autoris\u00e9e. Deux hommes ont \u00e9t\u00e9 tu\u00e9s lors d&rsquo;un \u00e9change de tirs avec les forces de l&rsquo;ordre tunisiennes mercredi dans la localit\u00e9 de Rouhia, \u00e0 environ 200 km \u00e0 l&rsquo;ouest de Tunis.<\/font><\/span><\/p>\n<p align=\"justify\"><span lang=\"EN-US\"><font face=\"Arial\">Ils portaient sur eux des passeports libyens. Deux membres de l&rsquo;arm\u00e9e tunisienne auraient \u00e9galement \u00e9t\u00e9 tu\u00e9s et deux civils bless\u00e9s, dont un gri\u00e8vement.  Auparavant, une source s\u00e9curitaire et un t\u00e9moin, avaient indiqu\u00e9 que quatre personnes &#8211; un colonel et un soldat de l&rsquo;arm\u00e9e tunisienne ainsi que deux Libyens &#8211; avaient \u00e9t\u00e9 tu\u00e9es dans cet \u00e9change de tirs.  Selon une source s\u00e9curitaire, \u00abdeux hommes, arriv\u00e9s en provenance de Sbiba (pr\u00e8s de la ville de Kasserine) se sont dirig\u00e9s vers un parc de stationnement \u00e0 Rouhia o\u00f9 un gardien les a aid\u00e9s \u00e0 transporter leurs bagages, mais il a \u00e9t\u00e9 surpris par le poids de leurs bagages, et a alert\u00e9 la police et l&rsquo;arm\u00e9e\u00bb.  D\u00e8s l&rsquo;arriv\u00e9e sur place des forces de l&rsquo;ordre, les \u00abdeux Libyens ont commenc\u00e9 \u00e0 tirer et il y a eu un \u00e9change de tirs entre l&rsquo;arm\u00e9e et ces deux hommes\u00bb, a ajout\u00e9 cette source.  \u00abLe soldat Walid Haji et le colonel Tahar Ayari sont morts dans ces \u00e9changes de tirs\u00bb, ainsi que \u00ables deux Lybiens qui avaient sur eux des passeports libyens\u00bb, a ajout\u00e9 cette source.  Cette version des faits a \u00e9t\u00e9 confirm\u00e9e par un habitant contact\u00e9 sur place qui a ajout\u00e9 que deux civils avaient \u00e9t\u00e9 bless\u00e9s dont un gri\u00e8vement et que ce dernier avait \u00e9t\u00e9 hospitalis\u00e9 \u00e0 Tunis. Des h\u00e9licopt\u00e8res de l&rsquo;arm\u00e9e tunisienne survolaient mercredi la r\u00e9gion, a ajout\u00e9 ce t\u00e9moin.<\/font><\/span><\/p>\n<p align=\"justify\"><span lang=\"EN-US\"><font face=\"Arial\">Source: \u201cLe Parisien\u201d Le 18-05-2011<\/font><\/span><\/p>\n<p align=\"justify\"><font face=\"Arial\"><span lang=\"NO-BOK\"><font>Lien: <\/font><\/span><span lang=\"EN-US\"><a href=\"http:\/\/www.leparisien.fr\/international\/tunisie-deux-hommes-suspectes-d-appartenir-a-al-qaida-ont-ete-tues-18-05-2011-1455682.php\" target=\"_blank\" rel=\"noopener\"><span lang=\"NO-BOK\"><font>http:\/\/www.leparisien.fr\/international\/tunisie-deux-hommes-suspectes-d-appartenir-a-al-qaida-ont-ete-tues-18-05-2011-1455682.php<\/font><\/span><\/a><\/span><\/font><\/p>\n<p align=\"justify\"><span lang=\"NO-BOK\"><font face=\"Arial\"><\/font><\/span><\/p>\n<hr\/>\n<p><b><span lang=\"NO-BOK\"><\/p>\n<h4 style=\"color: blue;\"><font face=\"Arial\">Des \u00e9conomistes r\u00e9put\u00e9s appellent le G8 \u00e0 accorder 25 milliards de dollars \u00e0 la Tunisie<\/font><\/h4>\n<hr\/>\n<p><\/span><\/b>\u00a0<\/p>\n<p align=\"justify\"><b><span lang=\"NO-BOK\"><font face=\"Arial\">Jean Louis Reiffers et Olivier Pastr\u00e9, respectivement Professeurs \u00e0 l\u2019Universit\u00e9 du Sud et l\u2019Universit\u00e9 Paris 8, \u00e9taient \u00e0 Tunis pour lancer un appel vibrant au<\/font><font><a href=\"http:\/\/www.webmanagercenter.com\/management\/management\/article-105842-invitee-au-sommet-du-g8-la-tunisie-doit-convaincre-affirme-elyes-jouini\" target=\"_blank\" rel=\"noopener\"><span><font face=\"Arial\"> G8<\/font><\/span><\/a><\/font><font face=\"Arial\"> pour soutenir le pays dont la r\u00e9volution non-violente \u00abpourrait remodeler compl\u00e8tement l\u2019avenir de la zone MENA, mais aussi de l\u2019ensemble de la zone m\u00e9diterran\u00e9enne et de l\u2019Europe\u00bb. <\/font><\/span><\/b><\/p>\n<p align=\"justify\"><span lang=\"NO-BOK\"><font face=\"Arial\">Pour lancer cet appel, ils n\u2019ont pas \u00e9t\u00e9 les seuls, 19 autres \u00e9conomistes et experts non moins prestigieux se sont associ\u00e9s \u00e0 eux parmi lesquels figurent Christian du Boisssieu, Philippe Aghion de Harvard University, Jacques Attali, Toshio Koike de Tokyo University et Wolfgang Koenig de Goethe Universit\u00e4t de Frankfurt. Une initiative qui repr\u00e9sente un signe \u00e9vident de la foi du monde dans la r\u00e9volution tunisienne et l\u2019espoir de la voir aboutir \u00e0 une v\u00e9ritable transition d\u00e9mocratique et une \u00e9conomie remodel\u00e9e, plus humaine et moins corrompue.<\/font><\/span><\/p>\n<p align=\"justify\"><span lang=\"NO-BOK\"><font face=\"Arial\">\u00abNous avons la responsabilit\u00e9 collective de faire en sorte que cette transition r\u00e9ussisse et de prouver que la coop\u00e9ration \u00e9conomique est la meilleure barri\u00e8re contre les extr\u00e9mismes\u00bb, ont-ils indiqu\u00e9 dans leur appel au G8. \u00abDans toutes les p\u00e9riodes postr\u00e9volutionnaires, l\u2019\u00e9conomie fl\u00e9chit mais si l\u2019on r\u00e9agit bien, si l\u2019on met et l\u2019on trouve les moyens, si l\u2019on r\u00e9agit comme il faut, elle r\u00e9cup\u00e8re aussi vite qu\u2019elle a perdu du terrain\u00bb, a indiqu\u00e9 Joseph Stiglitz lors d\u2019un point presse organis\u00e9 au Premier minist\u00e8re mardi 17 mai 2011 en pr\u00e9sence de <\/font><font><a href=\"http:\/\/www.webmanagercenter.com\/management\/management\/article-105819-tunisie-bad-mustapha-kamel-nabli-nous-sommes-en-train-d-utiliser-toutes-nos-marges-de-man\u0153uvre-mais-pas-toutes-nos-munitions\" target=\"_blank\" rel=\"noopener\"><span><font face=\"Arial\">Mustapha Kamel Nabli<\/font><\/span><\/a><\/font><font face=\"Arial\">, gouverneur de la BCT.<\/font><\/span><\/p>\n<p align=\"justify\"><span lang=\"EN-US\"><font face=\"Arial\">Le succ\u00e8s de la r\u00e9volution tunisienne rel\u00e8ve de la responsabilit\u00e9 de tous car une mauvaise coordination des actions est trop risqu\u00e9e et le monde ne doit pas attendre que la Tunisie ait achev\u00e9 sa transition pour l\u2019aider. L\u2019Europe est d\u2019ailleurs dans cette posture, confirme Jean Louis Reiffers. D\u2019o\u00f9 l\u2019importance d\u2019agir. La Tunisie a besoin d\u2019une aide et tout de suite: \u00abElle a besoin d\u2019assistance internationale afin d\u2019\u00e9viter la phase de d\u00e9croissance initiale que son \u00e9conomie et sa soci\u00e9t\u00e9 ne peuvent pas se permettre. La r\u00e9volution n\u2019a certes pas de prix mais elle a un co\u00fbt. La croissance \u00e9conomique pour 2011 devrait passer en dessous de 1% et les \u00e9meutes ont d\u00e9j\u00e0 co\u00fbt\u00e9 2 milliards de $ \u00e0 l\u2019\u00e9conomie, ce qui \u00e9quivaut \u00e0 4% du PIB\u00bb. <\/font><\/span><\/p>\n<p align=\"justify\"><b><span lang=\"EN-US\"><font face=\"Arial\">Vingt-cinq milliards de $ pour reconstruire la Tunisie, soit 2\/3 de la reconstruction allemande<\/font><\/span><\/b><\/p>\n<p align=\"justify\"><font face=\"Arial\"><span lang=\"EN-US\"><font>25 milliards de $ pour aider la Tunisie \u00e0 reconstruire son \u00e9conomie et r\u00e9ussir sa <\/font><\/span><font><span lang=\"NO-BOK\"><a href=\"http:\/\/www.webmanagercenter.com\/management\/management\/article.php?id=105173\" target=\"_blank\" rel=\"noopener\"><span lang=\"EN-US\"><font>transition d\u00e9mocratique<\/font><\/span><\/a><\/span><\/font><span lang=\"EN-US\"><font>. 25 milliards de $, pas dans 6 mois ou une ann\u00e9e mais tout de suite. C\u2019est sur cela qu\u2019insistent les \u00e9minents signataires de l\u2019appel adress\u00e9 au G8. \u00abLes march\u00e9s \u00e0 l\u2019international devraient s\u2019ouvrir plus \u00e0 la Tunisie pour stimuler ses exportations\u00bb, a d\u00e9clar\u00e9 Joseph Stiglitz qui a soulign\u00e9 l\u2019importance de la participation de la soci\u00e9t\u00e9 civile non seulement au d\u00e9bat politique mais aussi \u00e0 l\u2019action sur le terrain \u00e9conomique.<\/font><\/span><\/font><\/p>\n<p align=\"justify\"><font face=\"Arial\"><span lang=\"NO-BOK\"><font>\u00abLa communaut\u00e9 internationale doit s\u2019impliquer pour changer le mod\u00e8le m\u00eame du syst\u00e8me \u00e9conomique lib\u00e9ral en Tunisie en le rendant plus humain; aujourd\u2019hui, il faut que la Tunisie passe d\u2019un capitalisme captateur in\u00e9gal \u00e0 un capitalisme d\u00e9mocratique. <\/font><\/span><span lang=\"EN-US\"><font>Les produits de consommation de base ne doivent plus subir d\u2019augmentations brutales, car elles peuvent \u00eatre ing\u00e9rables pour la population\u00bb, a indiqu\u00e9 Jean-Louis Reiffers. Un point \u00e9minemment important est celui de l\u2019emploi des jeunes qui invite \u00e0 travailler plus sur le syst\u00e8me \u00e9ducatif et tout aussi bien sur le syst\u00e8me bancaire. Les banques devraient, en effet, devenir plus souples et encourager les jeunes promoteurs en finan\u00e7ant des start-up ou des projets en informatiques. <\/font><\/span><\/font><\/p>\n<p align=\"justify\"><span lang=\"EN-US\"><font face=\"Arial\">Pour rassurer les investisseurs, la bonne gouvernance repr\u00e9sente un atout important car la corruption \u00e9tait syst\u00e9matis\u00e9e dans un pays qui donnait des signes d\u2019une \u00e9conomie prosp\u00e8re, alors qu\u2019en r\u00e9alit\u00e9 elle \u00e9tait min\u00e9e de l\u2019int\u00e9rieur \u00e0 cause du manque de transparence et des \u00abpots de vin\u00bb. \u00abD\u00e9sormais, les march\u00e9s publics doivent \u00eatre plus transparents\u00bb\u2026 <\/font><\/span><\/p>\n<p align=\"justify\"><font face=\"Arial\"><span lang=\"EN-US\"><font>Il a fallu 700 milliards de $ pour reconstruire l\u2019Allemagne apr\u00e8s la chute du Mur de Berlin, 70 milliards de $ sur 5 ans pour aider la Pologne \u00e0 mettre sur pied une \u00e9conomie solide qui puisse lui permettre de s\u2019int\u00e9grer \u00e0 l\u2019\u00e9conomie europ\u00e9enne. <\/font><\/span><span lang=\"NO-BOK\"><font>Pour la Tunisie, la liste des 21 a sollicit\u00e9 25 milliards sur 5 \u00e0 10 ans. <\/font><\/span><\/font><\/p>\n<p align=\"justify\"><font face=\"Arial\"><span lang=\"NO-BOK\"><font>Le succ\u00e8s de la transition d\u00e9mocratique de la Tunisie repr\u00e9sente un enjeu important pour la communaut\u00e9 internationale, le programme de d\u00e9veloppement mis en place par le gouvernement tunisien est important et il n\u00e9cessite un investissement de l\u2019ordre de 24 milliards de $ sur 5 ans. \u00ab La petite taille de la Tunisie est en fait un parfait laboratoire de la d\u00e9mocratie. <\/font><\/span><span lang=\"EN-US\"><font>Elle nous offre l\u2019occasion unique de prouver que la d\u00e9mocratie peut suivre un d\u00e9veloppement harmonieux dans la r\u00e9gion. Le co\u00fbt d\u2019un tel laboratoire, le co\u00fbt du Plan que nous pr\u00e9conisons, n\u2019est que de 2 \u00e0 3% du co\u00fbt de la r\u00e9unification allemande et inf\u00e9rieur au co\u00fbt d\u2019un \u00e0 deux mois de la guerre en Irak\u00bb. <\/font><\/span><\/font><\/p>\n<p align=\"justify\"><span lang=\"EN-US\"><font face=\"Arial\">Le gouvernement tunisien r\u00e9actif, aussi transitoire soit-il, a d\u00e9j\u00e0 mis au point un programme de d\u00e9veloppement \u00e9conomique comprenant des projets concrets. \u00abIl est plus ais\u00e9 de financer des projets concrets que des PME\u2026 Il faut toutefois que les fonds pour soutenir l\u2019\u00e9conomie tunisienne soient d\u00e9bloqu\u00e9s \u00e0 temps sans trop attendre. La communaut\u00e9 internationale doit anticiper les \u00e9volutions avec un gouvernement qui est tout \u00e0 fait dans la ligne d\u2019une d\u00e9mocratisation\u00bb, a affirm\u00e9 Olivier Pastr\u00e9. <\/font><\/span><\/p>\n<p align=\"justify\"><font face=\"Arial\"><span lang=\"EN-US\"><font>La r\u00e9volution tunisienne, qui a pris de cours \u00abtous les analystes et toutes les pr\u00e9dictions\u00bb, a inspir\u00e9 d\u2019autres r\u00e9volutions dans la r\u00e9gion MENA. Elle a impressionn\u00e9 des pays occidentaux qui ne croyaient pas en la capacit\u00e9 des populations arabes \u00e0 se soulever.<\/font><\/span><span lang=\"NO-BOK\"><font>Pacifique et d\u00e9termin\u00e9e, elle a suscit\u00e9 l\u2019admiration de larges pans de l\u2019intelligentia et des peuples partout dans le monde. Aujourd\u2019hui, \u00abla r\u00e9volution tunisienne est l\u2019objet d\u2019\u00e9tudes \u00e0 l\u2019Universit\u00e9 de Columbia\u00bb. D\u00e9j\u00e0&#8230; <\/font><\/span><\/font><\/p>\n<p align=\"justify\"><span lang=\"NO-BOK\"><font face=\"Arial\">\u00abDe nombreux pays de la r\u00e9gion ont toute leur attention focalis\u00e9e sur la Tunisie et un \u00e9chec de sa transition d\u00e9mocratique serait une victoire pour toutes les dictatures et une s\u00e9v\u00e8re d\u00e9faite pour la d\u00e9mocratie\u00bb. <\/font><\/span><\/p>\n<p align=\"justify\"><span lang=\"NO-BOK\"><font face=\"Arial\">Maintenant, il faut qu\u2019il y ait un bon pilote dans l\u2019avion pour conduire la Tunisie vers la rive du Salut; il faut \u00e9galement que l\u2019\u00e9quipage soit motiv\u00e9, d\u00e9termin\u00e9 et surtout patriote.<\/font><\/span><\/p>\n<p align=\"justify\"><span lang=\"EN-US\"><font face=\"Arial\">Source: \u201dwmc\u201d Le 18-05-2011<\/font><\/span><\/p>\n<p align=\"justify\"><font face=\"Arial\"><span lang=\"NO-BOK\"><font>Lien: <\/font><\/span><span lang=\"EN-US\"><a href=\"http:\/\/www.webmanagercenter.com\/management\/article-105991-des-economistes-reputes-appellent-le-g8-a-accorder-25-milliards-de-dollars-a-la-tunisie\" target=\"_blank\" rel=\"noopener\"><span lang=\"NO-BOK\"><font>http:\/\/www.webmanagercenter.com\/management\/article-105991-des-economistes-reputes-appellent-le-g8-a-accorder-25-milliards-de-dollars-a-la-tunisie<\/font><\/span><\/a><\/span><\/font><\/p>\n<p align=\"justify\"><span lang=\"NO-BOK\"><font face=\"Arial\"><\/font><\/span><\/p>\n<hr\/>\n<p align=\"center\"><b><span lang=\"NO-BOK\"><\/p>\n<h4 style=\"color: blue;\"><font face=\"Arial\">Pratiquement, la Tunisie des paradoxes<\/font><\/h4>\n<p> <\/span><\/b><\/p>\n<hr\/>\n<p>\u00a0<\/p>\n<p align=\"justify\"><span lang=\"FR\"><font face=\"Arial\">La Tunisie a bonne presse \u00e0 l\u2019\u00e9tranger. La R\u00e9volution l\u2019a propuls\u00e9e au firmament. Pourtant, l\u2019image qu\u2019elle pr\u00e9sente \u00e0 l\u2019int\u00e9rieur des fronti\u00e8res nationales est plut\u00f4t terne. Le paradoxe est criant, le contraste affligeant ! Entre \u00eatre cit\u00e9 en exemple et offrir le spectacle d\u2019un pays instable, voire mal \u00e0 l\u2019aise, la diff\u00e9rence est consid\u00e9rable. La Tunisie est en passe de r\u00e9ussir ce tour de force.<\/font><\/span><\/p>\n<p align=\"justify\"><span lang=\"FR\"><font face=\"Arial\">La Tunisie rayonne \u00e0 travers le monde. Elle est source d\u2019inspiration pour les peuples opprim\u00e9s. Les dirigeants de plusieurs pays, les d\u00e9l\u00e9gations gouvernementales, les experts internationaux en tous genres, en droit, en \u00e9conomie, les sp\u00e9cialistes en mati\u00e8re d\u2019\u00e9lections, les repr\u00e9sentants d\u2019ONG ne cessent de sillonner le pays. Les h\u00f4tes s\u2019accordent tous \u00e0 saluer l\u2019av\u00e8nement de la R\u00e9volution et \u00e0 rendre un hommage retentissant aux Tunisiens, les jeunes en particulier, qui ont r\u00e9ussi, spontan\u00e9ment, \u00e0 r\u00e9aliser un exploit in\u00e9gal\u00e9 et \u00e0 d\u00e9clencher une vague de soul\u00e8vements dans le monde arabe. Plus d\u2019un pays a exprim\u00e9 son soutien \u00e0 l\u2019exp\u00e9rience d\u00e9mocratique naissante. Les hommes d\u2019Etat, les financiers, les associations et les organismes internationaux ont promis aide et assistance \u00e0 ce peuple h\u00e9ro\u00efque\u2026 Aur\u00e9ol\u00e9e de cette distinction universelle, la Tunisie fait la \u00ab\u00a0UNE\u00a0\u00bb des m\u00e9dias du monde. Elle a les honneurs des journaux \u00e9lectroniques et des r\u00e9seaux sociaux de la toile. Elle est m\u00eame l\u2019invit\u00e9e de marque &#8211; \u00e9v\u00e9nement exceptionnel &#8211; du G8 qui se tient sous peu \u00e0 Deauville, en France. Mais, ce n\u2019est, h\u00e9las, que le c\u00f4t\u00e9 jardin de ce pays convoit\u00e9 par plus d\u2019une partie. C\u00f4t\u00e9 cour, c\u2019est un acharnement de circonstances qui a pouss\u00e9 certains \u00e0 maudire la R\u00e9volution : absence de s\u00e9curit\u00e9, pl\u00e9thore de revendications, de gr\u00e8ves, de manifestations, de sit-in, actes de banditisme, agissements de ce qu\u2019il est convenu d\u2019appeler des contre r\u00e9volutionnaires, manigances de ci de l\u00e0, menaces \u00e0 la fronti\u00e8re sud du pays, peur et panique qui s\u2019emparent des citoyens\u2026 C\u2019est \u00e0 se demander si la Tunisie de la R\u00e9volution pourra se remettre un jour de ces malaises!<\/font><\/span><\/p>\n<p align=\"justify\"><span lang=\"FR\"><font face=\"Arial\">Source : \u00ab Investir en Tunisie \u00bb Le 18-05-2011<\/font><\/span><\/p>\n<p align=\"justify\"><span lang=\"FR\"><font face=\"Arial\">Lien : <\/font><a href=\"http:\/\/www.investir-en-tunisie.net\/index.php?option=com_content&amp;view=article&amp;id=10062\" target=\"_blank\" rel=\"noopener\"><font face=\"Arial\">http:\/\/www.investir-en-tunisie.net\/index.php?option=com_content&amp;view=article&amp;id=10062<\/font><\/a><\/span><\/p>\n<p align=\"justify\"><span lang=\"FR\"><font face=\"Arial\"><\/font><\/span><\/p>\n<hr\/>\n<p align=\"center\"><font size=\"3\"><b><span lang=\"FR\"><\/p>\n<h4 style=\"color: blue;\"><font face=\"Arial\">R\u00e9volution tunisienne: \u00abla culture n&rsquo;a eu aucun r\u00f4le\u00bb<\/font><\/h4>\n<p> <\/span><\/b><\/font><\/p>\n<hr\/>\n<p>\u00a0<\/p>\n<p align=\"justify\"><span lang=\"FR\"><font face=\"Arial\">Artistes et intellectuels ont jou\u00e9 un r\u00f4le dans la R\u00e9volution en Tunisie. Mais l&rsquo;\u00e9lite tunisienne en a-t-elle assez fait? Interview de Karim Ben Sma\u00efl, \u00e9diteur de la maison tunisienne ind\u00e9pendante C\u00e9r\u00e8s.<\/font><\/span><\/p>\n<p align=\"justify\"><span lang=\"FR\"><font face=\"Arial\">La premi\u00e8re fois que j\u2019ai rencontr\u00e9 Karim Ben Sma\u00efl, c\u2019\u00e9tait lors d\u2019un vernissage. Je tendais mon micro \u00e0 tout va, pour que l\u2019on me parle de la R\u00e9volution et du r\u00f4le des artistes. Lui a dit <i>\u00abnon, pas maintenant, pas ici\u00bb<\/i>. Je l\u2019ai revu le lendemain dans sa maison cossue de la banlieue de Tunis. Il m\u2019a re\u00e7u cordialement, mais avec une certaine gravit\u00e9. Parce que cette R\u00e9volution, une joie immense pour le pays, est aussi, selon Karim Ben Sma\u00efl, \u00e9diteur de la maison tunisienne ind\u00e9pendante C\u00e9r\u00e8s, une <i>\u00abhumiliation\u00bb<\/i> terrible pour certains intellectuels, qui estiment qu\u2019ils n\u2019ont pas assez fait pour l\u2019accompagner. Interview<\/font><\/span><\/p>\n<p align=\"justify\"><b><span lang=\"FR\"><font face=\"Arial\">SlateAfrique &#8211; Comment travaillait-on sous le r\u00e9gime de Zine el-Abidine Ben Ali?<\/font><\/span><\/b><\/p>\n<p align=\"justify\"><font face=\"Arial\"><b><span lang=\"FR\"><font>Karim Ben Sma\u00efl &#8211; <\/font><\/span><\/b><span lang=\"FR\"><font>C\u2019\u00e9tait tr\u00e8s simple. A cette \u00e9poque nous avions des contraintes claires et nettes.<a href=\"http:\/\/www.slateafrique.com\/497\/ben-ali-tunisie-fin-tyran\" target=\"_blank\" rel=\"noopener\"><span><font>Le prince et sa famille<\/font><\/span><\/a> \u00e9taient intouchables et on ne pouvait pas en parler. Tout ce qui \u00e9tait politique et datait du dernier quart de si\u00e8cle, on ne pouvait pas en parler sans passer par les filtres mauves (couleur du r\u00e9gime de Zine el-Abidine Ben Ali).<\/font><\/span><\/font><\/p>\n<p align=\"justify\"><b><span lang=\"FR\"><font face=\"Arial\">SlateAfrique &#8211; En tant que maison d&rsquo;\u00e9dition ind\u00e9pendante, que pouviez-vous publier?<\/font><\/span><\/b><\/p>\n<p align=\"justify\"><font face=\"Arial\"><b><span lang=\"FR\"><font>K.B.Sma\u00efl &#8211;<\/font><\/span><\/b><span lang=\"FR\"><font> L\u2019ind\u00e9pendance est une notion toute relative maintenant. Le \u00abcourage\u00bb c\u2019\u00e9tait d\u2019aller quelques millim\u00e8tres au-del\u00e0 de la ligne jaune. De tenter ou d\u2019oser un petit truc de plus, de publier un livre o\u00f9 quelque part, page 237, on disait qu\u2019on \u00e9tait sous une dictature. \u00c7a n\u2019allait pas beaucoup plus loin. Nous voulions donner syst\u00e9matiquement la parole \u00e0 ceux que le r\u00e9gime n\u2019aimait pas, qui avaient eu des ambitions politiques, qui s\u2019\u00e9taient insurg\u00e9s le jour o\u00f9 il avait \u00e9tendu son pouvoir sur une banque, sign\u00e9 un papier pour s&rsquo;approprier un patrimoine culturel\u2026 On s\u2019est ainsi retrouv\u00e9s \u00e0 publier des gens comme Ayad Ben Achour [pr\u00e9sident de la nouvelle Commission \u00e9lectorale tunisienne, ndlr], qui aujourd\u2019hui est cens\u00e9 nous mener vers une nouvelle Constitution. Dans le conseil qu\u2019il a r\u00e9uni pour r\u00e9fl\u00e9chir \u00e0 cette nouvelle Constitution, on retrouve quelques auteurs de notre maison d&rsquo;\u00e9dition. Mais nous ne sommes pas des h\u00e9ros, attention. Cette r\u00e9volution, elle s\u2019est faite ailleurs, \u00e7a c\u2019est clair.<\/font><\/span><\/font><\/p>\n<p align=\"justify\"><b><span lang=\"FR\"><font face=\"Arial\">SlateAfrique &#8211; D&rsquo;apr\u00e8s vous, o\u00f9 s\u2019est faite la R\u00e9volution?<\/font><\/span><\/b><\/p>\n<p align=\"justify\"><font face=\"Arial\"><b><span lang=\"FR\"><font>K.B.Sma\u00efl &#8211; <\/font><\/span><\/b><span lang=\"FR\"><font>Elle s&rsquo;est faite avec le peuple. Et nous tous intellectuels devons aujourd\u2019hui nous demander quelle est notre position. Comment avons-nous pu accepter d\u2019\u00eatre dirig\u00e9s par une bande d\u2019escrocs de ce niveau-l\u00e0 sans bouger? C\u2019est une grande humiliation. On peut se le cacher. Mais nous avons aujourd\u2019hui \u00e0 regarder en face le fait que, pendant vingt-cinq ans, des escrocs, des voleurs, des dealeurs de drogue ont dirig\u00e9 ce pays. Et nous n\u2019avons pratiquement rien fait.<\/font><\/span><\/font><\/p>\n<p align=\"justify\"><b><span lang=\"FR\"><font face=\"Arial\">L&rsquo;\u00e9lite intellectuelle et artistique baillonn\u00e9e et impuissante<\/font><\/span><\/b><\/p>\n<p align=\"justify\"><b><span lang=\"FR\"><font face=\"Arial\">SlateAfrique &#8211; Vous estimez que les intellectuels n\u2019ont eu aucun r\u00f4le dans cette R\u00e9volution?<\/font><\/span><\/b><\/p>\n<p align=\"justify\"><font face=\"Arial\"><b><span lang=\"FR\"><font>K.B.Sma\u00efl &#8211; <\/font><\/span><\/b><span lang=\"FR\"><font>Non, absolument aucun. Je d\u00e9nie \u00e0 l\u2019\u00e9lite la moindre parcelle de r\u00f4le dans cette R\u00e9volution. Pr\u00e9tendre \u00e7a, ce serait un hold-up. Le pouvoir a d\u00e9pass\u00e9 toutes les limites: c\u2019est \u00e7a qui<b> <\/b>a d\u00e9clench\u00e9 la R\u00e9volution. Notre chance, c\u2019est que ces escrocs n\u2019\u00e9taient pas tr\u00e8s intelligents. Je suis persuad\u00e9 que s\u2019ils avaient alli\u00e9 l\u2019avidit\u00e9 \u00e0 l\u2019intelligence ils auraient pu tenir encore longtemps. Mais ils ont tellement m\u00e9pris\u00e9 les gens, en les poussant \u00e0 l\u2019extr\u00eame d\u00e9nuement et \u00e0 l\u2019extr\u00eame d\u00e9sespoir, de telle sorte que \u00e7a ne pouvait qu\u2019exploser. Je me souviens du moment o\u00f9 je suis entr\u00e9 en r\u00e9volte, \u00e7a a \u00e9t\u00e9 un d\u00e9tail: quand le pr\u00e9sident de la R\u00e9publique s\u2019est achet\u00e9 son troisi\u00e8me avion, un quadrir\u00e9acteur, gros porteur, avec 24 heures d\u2019autonomie, 350 tonnes de fret, qui co\u00fbtait 1 ou 2% du PIB et qu\u2019il \u00e9tait en train de le faire am\u00e9nager en VIP. \u00c7a peut para\u00eetre futile, mais face \u00e0 tous les probl\u00e8mes \u00e9conomiques, s\u2019acheter de tels gadgets. J\u2019ai donc post\u00e9 sur Facebook: <i>\u00ab\u00e7a sert \u00e0 quoi?\u00bb<\/i>, une amie, une artiste, a r\u00e9pondu: <i>\u00ab\u00e7a sert \u00e0 faire des allers simples\u00bb<\/i>. C\u2019\u00e9tait pr\u00e9monitoire.<\/font><\/span><\/font><\/p>\n<p align=\"justify\"><b><span lang=\"FR\"><font face=\"Arial\">SlateAfrique &#8211; Mais pourquoi avoir eu le courage d\u2019\u00eatre subversif, de grignoter la ligne jaune, sans aller plus loin?<\/font><\/span><\/b><\/p>\n<p align=\"justify\"><font face=\"Arial\"><b><span lang=\"FR\"><font>K.B.Sma\u00efl &#8211; <\/font><\/span><\/b><span lang=\"FR\"><font>Si vous transgressiez la ligne jaune de mani\u00e8re trop \u00e9vidente, vous ne pouviez pas para\u00eetre, tout simplement. Le livre \u00e9tait saisi, donc \u00e7a ne servait \u00e0 rien.<\/font><\/span><\/font><\/p>\n<p align=\"justify\"><b><span lang=\"FR\"><font face=\"Arial\">SlateAfrique &#8211; Que reprochez-vous aux intellectuels?<\/font><\/span><\/b><\/p>\n<p align=\"justify\"><font face=\"Arial\"><b><span lang=\"FR\"><font>K.B.Sma\u00efl &#8211; <\/font><\/span><\/b><span lang=\"FR\"><font>Nous n\u2019\u00e9tions pas actifs. Nous pensions que \u00e7a allait continuer. Nous n\u2019avons pas pouss\u00e9 <i>Zaba<\/i> [Zine el-Abidine Ben Ali] dehors. Nous sommes arriv\u00e9s apr\u00e8s. Apr\u00e8s les r\u00e9voltes de l\u2019int\u00e9rieur du pays, apr\u00e8s ces gens qui ont donn\u00e9 leur vie, apr\u00e8s ces jeunes d\u2019un courage absolument fou qui \u00e9taient debout, devant les flingues, et qui ont pris des balles. C\u2019est apr\u00e8s eux que nous sommes entr\u00e9s le 14 janvier 2011, en enfon\u00e7ant des portes d\u00e9labr\u00e9es. L\u00e0 nous avons pris des risques r\u00e9els. Plus gros d\u2019ailleurs que nous le pensions. Mais ce n\u2019est que la derni\u00e8re \u00e9tape de ce soul\u00e8vement populaire.<\/font><\/span><\/font><\/p>\n<p align=\"justify\"><b><span lang=\"FR\"><font face=\"Arial\">SlateAfrique &#8211; Mais le 10 janvier 2011, il y a eu une manifestation qui comptait plusieurs personnes li\u00e9es \u00e0 la culture. Et certains artistes se sont exprim\u00e9s haut et fort contre la censure pendant toute la dictature.<\/font><\/span><\/b><\/p>\n<p align=\"justify\"><font face=\"Arial\"><b><span lang=\"FR\"><font>K.B.Sma\u00efl &#8211; <\/font><\/span><\/b><span lang=\"FR\"><font>Quand je dis que la culture n\u2019a eu aucun r\u00f4le, je parle de l\u2019\u00e9lite, et de la culture officielle. Qu\u2019on le veuille ou non, on est l\u00e0 depuis cinquante ans, nous sommes la culture officielle. Je parle des vieux cro\u00fbtons comme moi, des gens install\u00e9s et connus, des professeurs, de la bourgeoisie. Il y a quelques artistes de ma g\u00e9n\u00e9ration qui \u00e9taient vraiment engag\u00e9s, et les jeunes ont aussi beaucoup fait.<a href=\"http:\/\/www.tunisiartgalleries.com\/tag-press\/3-tagpressinternational\/659-rencontre-de-facebook-a-la-galerie-dart-les-images-qui-ont-fait-la-revolution.html\" target=\"_blank\" rel=\"noopener\"><span><font>Des types comme \u00abZ\u00bb<\/font><\/span><\/a>, un caricaturiste engag\u00e9, dont on ne conna\u00eet m\u00eame pas le vrai nom. Il est underground, il a travaill\u00e9 sur Internet. La nouvelle culture, celle des rappeurs par exemple, est passionnante, cr\u00e9ative, engag\u00e9e, c\u2019est elle le v\u00e9ritable poil \u00e0 gratter. Moi mes livres \u00e7a pouvait agacer Monsieur Ben Ali, et \u00e7a l\u2019a beaucoup agac\u00e9 en 2000, alors il nous est tomb\u00e9 dessus avec sept contr\u00f4les fiscaux. On n\u2019en est pas morts. Z, lui, s\u2019il avait \u00e9t\u00e9 pris, c\u2019\u00e9tait la t\u00f4le, la bastonnade, la torture et autre. Comme pour<a href=\"http:\/\/www.tekiano.com\/kult\/n-c\/6-0-2253\/tunisie-bendir-man-cartonne-au-canada.html\" target=\"_blank\" rel=\"noopener\"><span><font>Bendirman<\/font><\/span><\/a>, et les rappeurs ou musiciens qui se sont fait entendre.<\/font><\/span><\/font><\/p>\n<p align=\"justify\"><font face=\"Arial\"><b><span lang=\"FR\"><font>SlateAfrique &#8211; Qu\u2019auriez-vous pu faire de plus? <\/font><\/span><\/b><i><span lang=\"FR\"><font>Il entame une r\u00e9ponse et sa voix s\u2019\u00e9trangle. Cet intellectuel brillant, s\u00fbr de lui, la cinquantaine pass\u00e9e, pleure. Ce sont les larmes de cette humiliation \u00e9voqu\u00e9e, celles des remords de n\u2019avoir pas fait davantage. Puis il se reprend, et d\u2019une voix sourde, il dit:<\/font><\/span><\/i><\/font><\/p>\n<p align=\"justify\"><font face=\"Arial\"><b><span lang=\"FR\"><font>K.B.Sma\u00efl &#8211; <\/font><\/span><\/b><span lang=\"FR\"><font>Ecoutez, lorsqu\u2019un homme se verse de l\u2019alcool dessus et s\u2019enflamme, vous ne pouvez pas ne pas vous remettre en cause. Vous ne pouvez pas ne pas vous dire: finalement, moi j\u2019\u00e9tais l\u00e0 dans mon confort sympathique, \u00e0 me prendre pour un h\u00e9ros parce que j\u2019ai publi\u00e9 un bouquin un peu subversif. Et \u00e0 quelques centaines de kilom\u00e8tres de chez moi, il y avait un type, tellement au bout du rouleau, qui ne voyait tellement plus d\u2019horizon, qu\u2019il a choisi de se donner la mort de cette mani\u00e8re-l\u00e0. Parce qu\u2019il ne s\u2019est pas jet\u00e9 par la fen\u00eatre. Il s\u2019est br\u00fbl\u00e9. Il est mort dans d\u2019atroces souffrances. Donc c\u2019est un appel. Un appel \u00e0 nous tous. On n\u2019a pas fini de dig\u00e9rer \u00e7a. Qu\u2019on le veuille ou non, quelque part, nous avons mis le feu \u00e0 ce jeune homme.<\/font><\/span><\/font><\/p>\n<p align=\"justify\"><b><span lang=\"FR\"><font face=\"Arial\">SlateAfrique &#8211; Vous pensez que l\u2019\u00e9lite intellectuelle a une responsabilit\u00e9 dans cette mort?<\/font><\/span><\/b><\/p>\n<p align=\"justify\"><font face=\"Arial\"><b><span lang=\"FR\"><font>K.B.Sma\u00efl &#8211; <\/font><\/span><\/b><span lang=\"FR\"><font>Oui. Nous avons tous une responsabilit\u00e9. Et c\u2019est pour \u00e7a qu\u2019il est indispensable que nous nous investissions tous maintenant. Je pense que tous les Tunisiens ont re\u00e7u ce message. Nous avons un r\u00f4le qui est d\u2019occuper cette fen\u00eatre de libert\u00e9 nouvelle. Le monde arabe a toujours v\u00e9cu sous la dictature, de fa\u00e7on plus ou moins \u00e9vidente. \u00c7a peut revenir. Il serait pr\u00e9matur\u00e9 de dire que nous sommes dans une d\u00e9mocratie. Pour l\u2019instant, nous sommes dans une fen\u00eatre de libert\u00e9 o\u00f9 je peux publier, importer ce que je veux et je ne vais pas m\u2019en priver.<\/font><\/span><\/font><\/p>\n<p align=\"justify\"><span lang=\"FR\"><font face=\"Arial\">Source : \u00ab Slate Afrique \u00bb Le 18-05-2011<\/font><\/span><\/p>\n<p align=\"justify\"><span lang=\"FR\"><font face=\"Arial\">Lien : <\/font><a href=\"http:\/\/www.slateafrique.com\/1857\/revolution-tunisienne-culture-aucun-role\" target=\"_blank\" rel=\"noopener\"><font face=\"Arial\">http:\/\/www.slateafrique.com\/1857\/revolution-tunisienne-culture-aucun-role<\/font><\/a><\/span><\/p>\n<p align=\"justify\"><span lang=\"FR\"><font face=\"Arial\"><\/font><\/span><\/p>\n<hr\/>\n<p align=\"center\"><b><span lang=\"NO-BOK\"><\/p>\n<h4 style=\"color: blue;\"><font face=\"Arial\">Tunisie, le CPR, Ettajdid et le PDP d\u00e9plorent les \u00e9v\u00e9nements de Rouhia<\/font><\/h4>\n<p> <\/span><\/b><\/p>\n<hr\/>\n<p>\u00a0<\/p>\n<p align=\"justify\"><span lang=\"NO-BOK\"><font face=\"Arial\">Suite aux \u00e9v\u00e9nements survenus ce mercredi \u00e0 Rouhia (gouvernorat de Siliana), Moncef Marzouki, pr\u00e9sident du CPR, d\u00e9plore dans une vid\u00e9o diffus\u00e9e sur facebook, une tentative criminelle visant la violation de la s\u00e9curit\u00e9 et de la souverainet\u00e9 du pays. Le Pr\u00e9sident du CPR a point\u00e9 le doigt sur \u00ab\u00a0les forces de Kadhafi qui ont tent\u00e9, plusieurs fois, de p\u00e9n\u00e9trer dans le territoire tunisien dans une tentative de d\u00e9stabilisation de la Tunisie\u00a0\u00bb. Dr Marzouki salue l\u2019arm\u00e9e tunisienne et l\u2019assure du soutien du peuple tunisien dans cette bataille visant \u00e0 prot\u00e9ger notre r\u00e9volution, et nos fronti\u00e8res nationales. \u00ab\u00a0Des fronti\u00e8res avec la dictature libyenne, et non avec le peuple libyen\u00a0\u00bb, pr\u00e9cise-t-il, \u00ab\u00a0lesquelles fronti\u00e8res sont vou\u00e9es \u00e0 la disparition, avec la fin de la dictature de Kadhafi\u00a0\u00bb.  Le Pr\u00e9sident du CPR met en garde contre \u00ab\u00a0ce qui se trame contre nous par ce criminel\u00a0\u00bb, exprimant \u00ab\u00a0la d\u00e9termination du peuple tunisien \u00e0 prot\u00e9ger la Tunisie et sa r\u00e9volution par tous les moyens\u00a0\u00bb. <\/font><\/span><\/p>\n<p align=\"justify\"><span lang=\"NO-BOK\"><font face=\"Arial\">Le mouvement Ettajdid exprime dans un communiqu\u00e9 sa vive r\u00e9probation, suite \u00e0 l\u2019intrusion d\u2019\u00e9l\u00e9ments terroristes dans notre territoire national, en ouvrant le feu sur nos forces arm\u00e9es, provoquant un martyr et des bless\u00e9s.   Ettajdid exprime \u00ab\u00a0sa totale mobilisation pour pr\u00e9server l\u2019invuln\u00e9rabilit\u00e9 de la patrie et appelle le peuple tunisien \u00e0 se tenir, soud\u00e9, aux c\u00f4t\u00e9s de notre arm\u00e9e et des forces de s\u00e9curit\u00e9 nationale pour prot\u00e9ger l\u2019inviolabilit\u00e9 de notre territoire et faire barrage \u00e0 toutes les tentatives de d\u00e9stabilisation de la s\u00e9curit\u00e9 de la Tunisie et de sa r\u00e9volution\u00a0\u00bb.<\/font><\/span><\/p>\n<p align=\"justify\"><span lang=\"NO-BOK\"><font face=\"Arial\">Le parti d\u00e9mocrate progressiste (PDP) lance un appel sur Facebook \u00e0 un rassemblement demain, 19 Mai, devant le th\u00e9\u00e2tre municipal \u00e0 13 heures \u00ab\u00a0pour exprimer notre soutien avec les forces de s\u00e9curit\u00e9 int\u00e9rieure et l\u2019arm\u00e9e, dans leur mission de d\u00e9fendre notre pays et son unit\u00e9 contre la violence et le terrorisme\u00a0\u00bb.<\/font><\/span><\/p>\n<p align=\"justify\"><span lang=\"EN-US\"><font face=\"Arial\">Source: \u201dGlobalNet\u201d Le 18-05-2011<\/font><\/span><\/p>\n<p align=\"justify\"><font face=\"Arial\"><span lang=\"NO-BOK\"><font>Lien: <\/font><\/span><span lang=\"EN-US\"><a href=\"http:\/\/www.gnet.tn\/revue-de-presse-nationale\/tunisie-le-cpr-et-ettajdid-deplorent-les-evenements-de-rouhia\/id-menu-958.html\" target=\"_blank\" rel=\"noopener\"><span lang=\"NO-BOK\"><font>http:\/\/www.gnet.tn\/revue-de-presse-nationale\/tunisie-le-cpr-et-ettajdid-deplorent-les-evenements-de-rouhia\/id-menu-958.html<\/font><\/span><\/a><\/span><\/font><\/p>\n<p align=\"justify\"><span lang=\"EN-US\"><font face=\"Arial\"><\/font><\/span><\/p>\n<hr\/>\n<h4 align=\"center\" style=\"color: blue;\"><span lang=\"NO-BOK\"><\/p>\n<h4 style=\"color: blue;\"><font face=\"Arial\">Tunisie, Ennahdha exprime sa vive r\u00e9probation du crime de Rouhia<\/font><\/h4>\n<p> <\/span><\/h4>\n<hr\/>\n<p align=\"justify\"><span lang=\"NO-BOK\"><font face=\"Arial\">Suite aux \u00e9v\u00e9nements survenus \u00e0 Rouhia, le mouvement Ennahdha exprime, dans un communiqu\u00e9, \u00ab\u00a0sa profonde pr\u00e9occupation et sa vive r\u00e9probation de ce crime, et salue le r\u00f4le de l\u2019arm\u00e9e nationale dans la protection du pays\u00a0\u00bb. <\/font><\/span><span lang=\"EN-US\"><font face=\"Arial\">Ennahdha \u00ab\u00a0condamne vivement toute agression contre l\u2019invuln\u00e9rabilit\u00e9 du pays, et toutes les parties qui se tiennent derri\u00e8re quelle qu\u2019en soit l\u2019identit\u00e9\u00a0\u00bb. Le mouvement de Rached Ghannouchi appelle le peuple tunisien \u00ab\u00a0\u00e0 la vigilance et \u00e0 faire face \u00e0 toutes les tentatives de violation du territoire tunisien et d\u2019atteinte \u00e0 sa stabilit\u00e9, son unit\u00e9 territoriale, et la protection de sa r\u00e9volution\u00a0\u00bb.   Le mouvement Ennahdha pr\u00e9vient dans ce m\u00eame communiqu\u00e9 les forces politiques et sociales \u00ab\u00a0contre le danger des tentatives de violation du pays dont le but est de faire avorter sa r\u00e9volution, les appelle \u00e0 mettre l\u2019int\u00e9r\u00eat du pays au dessus de toute consid\u00e9ration, et \u00e0 resserrer davantage les rangs, en vue de d\u00e9fendre le pays, son ind\u00e9pendance, son unit\u00e9 et sa r\u00e9volution , et \u00e0 mettre en \u00e9chec toutes les tentatives \u00e0 m\u00eame de troubler la situation, de torpiller la transition d\u00e9mocratique, et de r\u00e9cup\u00e9rer la r\u00e9volution du peuple\u00a0\u00bb.<\/font><\/span><\/p>\n<p align=\"justify\"><span lang=\"EN-US\"><font face=\"Arial\">Source: \u201cGlobalNet\u201d Le 18-05-2011<\/font><\/span><\/p>\n<p align=\"justify\"><span lang=\"EN-US\"><font face=\"Arial\">Lien: http:\/\/www.gnet.tn\/revue-de-presse-nationale\/tunisie-ennahdha-exprime-sa-vive-reprobation-du-crime-de-rouhia\/id-menu-958.html<\/font><\/span><\/p>\n<p align=\"justify\"><span lang=\"EN-US\"><font face=\"Arial\"><\/font><\/span><\/p>\n<hr\/>\n<p align=\"center\"><b><span lang=\"EN-US\"><\/p>\n<h4 style=\"color: blue;\"><font face=\"Arial\">Tunisie : Des commissions pour prot\u00e9ger la r\u00e9colte c\u00e9r\u00e9ali\u00e8re<\/font><\/h4>\n<p> <\/span><\/b><\/p>\n<hr\/>\n<p>\u00a0<\/p>\n<p align=\"justify\"><span lang=\"EN-US\"><font face=\"Arial\">Trois gouvernorats producteurs de c\u00e9r\u00e9ales au moins (Kef, B\u00e9ja et Sidi Bouzid) ont mis sur pied des commissions, soit pour assurer le suivi de la saison de la moisson soit pour prot\u00e8ger la r\u00e9colte contre les \u00e9ventuels actes de pillage des champs c\u00e9r\u00e9aliers suite aux menaces d&rsquo;incendies adress\u00e9es aux agriculteurs. <\/font><\/span><\/p>\n<p align=\"justify\"><span lang=\"NO-BOK\"><font face=\"Arial\">La r\u00e9colte est estim\u00e9e \u00e0 20 millions de quintaux, selon le minist\u00e8re de l&rsquo;Agriculture et de l&rsquo;Environnement. <\/font><\/span><\/p>\n<p align=\"justify\"><span lang=\"NO-BOK\"><font face=\"Arial\">Le ministre de l&rsquo;Agriculture et de l&rsquo;Environnement, Mokhtar Jallali, a d\u00e9clar\u00e9 r\u00e9cemment que les parties concern\u00e9es ont mis en place des mesures pour contrer ces menaces et garantir la saison des grandes cultures, soulignant la mobilisation de l&rsquo;appareil s\u00e9curitaire et des forces de l&rsquo;arm\u00e9e nationale pour assurer les meilleures conditions au d\u00e9roulement des op\u00e9rations de collecte de la r\u00e9colte. <\/font><\/span><\/p>\n<p align=\"justify\"><span lang=\"NO-BOK\"><font face=\"Arial\">Il a indiqu\u00e9 qu&rsquo;il a \u00e9t\u00e9 proc\u00e9d\u00e9 au recrutement de gardes pour la protection de la r\u00e9colte de c\u00e9r\u00e9ales et \u00e0 la formation, avec le concours de la protection civile, de 100 jeunes dans le domaine de l&rsquo;extinction des incendies. <\/font><\/span><\/p>\n<p align=\"justify\"><span lang=\"NO-BOK\"><font face=\"Arial\">Le minist\u00e8re a appel\u00e9 les agriculteurs des six gouvernorats concern\u00e9s par cette activit\u00e9 (la c\u00e9r\u00e9aliculture) \u00e0 faire preuve de prudence et exhort\u00e9 les d\u00e9l\u00e9gu\u00e9s r\u00e9gionaux \u00e0 l&rsquo;agriculture \u00e0 offrir tous les moyens n\u00e9cessaires \u00e0 m\u00eame de garantir la r\u00e9ussite de la moisson. <\/font><\/span><\/p>\n<p align=\"justify\"><span lang=\"NO-BOK\"><font face=\"Arial\">Pour sa part, l&rsquo;Union tunisienne de l&rsquo;Agriculture et de la P\u00eache (UTAP) a recommand\u00e9, mardi, d&rsquo;acc\u00e9l\u00e9rer la constitution des commissions de protection de la r\u00e9colte \u00e0 travers la collaboration avec les composantes de la soci\u00e9t\u00e9 civile, les comit\u00e9s de protection de la R\u00e9volution et les autorit\u00e9s locales et r\u00e9gionales, mettant l&rsquo;accent sur la participation des familles, des citoyens et des agricultures, et ce, en coordination avec les unions locales et r\u00e9gionales du travail. <\/font><\/span><\/p>\n<p align=\"justify\"><span lang=\"EN-US\"><font face=\"Arial\">A noter que l&rsquo;article 307 du code p\u00e9nal stipule une sanction de 12 ans de prison contre ceux qui incendient la r\u00e9colte c\u00e9r\u00e9ali\u00e8re.<\/font><\/span><\/p>\n<p align=\"justify\"><span lang=\"EN-US\"><font face=\"Arial\">Source: \u201cAfrican Manager\u201d Le 18-05-2011<\/font><\/span><\/p>\n<p align=\"justify\"><span lang=\"NO-BOK\"><font face=\"Arial\">Lien: <\/font><a href=\"http:\/\/www.africanmanager.com\/articles\/133485.html\" target=\"_blank\" rel=\"noopener\"><font face=\"Arial\">http:\/\/www.africanmanager.com\/articles\/133485.html<\/font><\/a><\/span><\/p>\n<p align=\"justify\"><span lang=\"NO-BOK\"><font face=\"Arial\"><\/font><\/span><\/p>\n<hr\/>\n<p align=\"center\"><b><span lang=\"NO-BOK\"><\/p>\n<h4 style=\"color: blue;\"><font face=\"Arial\">Tunisie: le p\u00e8lerinage des juifs \u00e0 la Ghriba maintenu mais sans festivit\u00e9s<\/font><\/h4>\n<p><\/span><\/b><\/p>\n<hr\/>\n<p>\u00a0<\/p>\n<p align=\"justify\"><span lang=\"FR\"><font face=\"Arial\"><font>Le p\u00e8lerinage \u00e0 la synagogue de la Ghriba \u00e0 Djerba est une des f\u00eates les plus importantes pour les tunisiens de confession juive. Cette f\u00eate draine par ailleurs habituellement des milliers de juifs, venus des quatre coins du monde. Malheureusement, les festivit\u00e9s li\u00e9es \u00e0 ce p\u00e8lerinage seront r\u00e9duites \u00e0 leur plus simple expression.   En effet, le p\u00e8lerinage se r\u00e9duira cette ann\u00e9e au rituel dans l\u2019enceinte de la synagogue.  Les r\u00e9jouissances habituelles et la procession d\u2019une relique de la Torah n\u2019auront pas lieu en m\u00e9moire des martyrs tomb\u00e9s pendant la r\u00e9volution. Le patriotisme et la communaut\u00e9 de destin des juifs et des musulmans tunisiens font que la f\u00eate laissera place au recueillement.  Seuls les Juifs r\u00e9sidant \u00e0 Djerba viendront vendredi et dimanche \u00e0 la synagogue pour allumer des bougies, d\u00e9poser des \u0153ufs en formulant des v\u0153ux et boire de la boukha (eau de vie \u00e0 base de figue). Entre une vingtaine et une trentaine de p\u00e8lerins feront le voyage de Paris d&rsquo;o\u00f9 d&rsquo;habitude d\u00e9ferlent des milliers de visiteurs.  Consid\u00e9r\u00e9e comme la plus ancienne d&rsquo;Afrique, la synagogue de Djerba a \u00e9t\u00e9 construite, selon la l\u00e9gende, il y a plus de 2.500 ans par des Juifs venus se r\u00e9fugier dans cette \u00eele apr\u00e8s la destruction par les Romains du temple de Salomon \u00e0 J\u00e9rusalem.<\/font><strong><span><font><\/font><\/span><\/strong><\/font><\/span><\/p>\n<p align=\"justify\"><span lang=\"FR\"><font face=\"Arial\">Source : \u00ab Espace Manager \u00bb Le 18-05-2011<\/font><\/span><\/p>\n<p align=\"justify\"><span lang=\"FR\"><font face=\"Arial\">Lien : <\/font><a href=\"http:\/\/www.espacemanager.com\/divers\/tunisie-le-pelerinage-des-juifs-a-la-ghriba-maintenu-mais-sans-festivites.html\" target=\"_blank\" rel=\"noopener\"><font face=\"Arial\">http:\/\/www.espacemanager.com\/divers\/tunisie-le-pelerinage-des-juifs-a-la-ghriba-maintenu-mais-sans-festivites.html<\/font><\/a><\/span><\/p>\n<p align=\"justify\"><span lang=\"FR\"><font face=\"Arial\"><\/font><\/span><\/p>\n<hr\/>\n<p align=\"center\"><b><span lang=\"FR\"><\/p>\n<h5 style=\"color: blue;\"><font face=\"Arial\">La nouvelle Tunisie et la peine de mort<\/font><\/h5>\n<p><\/span><\/b><\/p>\n<hr\/>\n<p>\u00a0<\/p>\n<p align=\"justify\"><span lang=\"FR\"><font face=\"Arial\">La r\u00e9volution en Tunisie et les changements du paysage politique qui en r\u00e9sultent pourraient offrir de nouvelles opportunit\u00e9s aux organisations abolitionnistes.<\/font><\/span><\/p>\n<p align=\"justify\"><span lang=\"FR\"><font face=\"Arial\">\u00ab De toute ma vie, je n\u2019ai jamais entendu un d\u00e9bat ou une discussion sur la peine de mort, \u00bb dit Rabia, une enseignante dans une \u00e9cole \u00e0 Tunis. \u00ab En g\u00e9n\u00e9ral, je dirais que je soutiens l\u2019utilisation de la peine de mort pour certains crimes, et certainement pour les pires membres de l\u2019ancien gouvernement de Ben Ali. \u00bb Le point de vue de Rabia est typique de la Tunisie d\u2019apr\u00e8s la r\u00e9volution, selon Lotfi Azouz, directeur de la section tunisienne d\u2019Amnesty International. \u00ab A la suite d\u2019une r\u00e9volution comme la notre, il y a un d\u00e9sir de vengeance et de justice, explique Azouz. Le peuple veut voir ceux qui sont responsable tenus pour redevables de leurs actions. La peine de mort reste la fa\u00e7on traditionnelle de r\u00e9pondre \u00e0 cette col\u00e8re publique. \u00bb<\/font><\/span><\/p>\n<h5 align=\"justify\" style=\"color: blue;\"><span lang=\"FR\"><font face=\"Arial\">Un mouvement qui cherche toujours sa direction<\/font><\/span><\/h5>\n<p align=\"justify\"><span lang=\"FR\"><font face=\"Arial\">Bien des activistes, telle la journaliste Sihem Ben S\u00e9drine du Conseil National pour les Libert\u00e9s en Tunisie, un membre de la Coalition Mondiale, concentrent leurs efforts sur ce qu\u2019elle appelle \u00ab l\u2019occasion sans pr\u00e9c\u00e9dent que pr\u00e9sente la r\u00e9volution pour des changements politiques \u00bb. Mais Azouz souligne aussi l\u2019occasion qu\u2019elle pr\u00e9sente pour de nouvelles campagnes contre la peine de mort. \u00ab Nous voyons en ce moment une possibilit\u00e9 d\u2019\u00e9largir notre base dans le pays, et d\u2019augmenter nos efforts de lobbying au sein du gouvernement, \u00bb explique-t-il. Le projet de loi propos\u00e9 en 2008 pour abolir la peine de mort a re\u00e7u peu de soutien en dehors des partisans d\u2019Amnesty. \u00ab Pour la premi\u00e8re fois en 30 ans, il y a une occasion de vraiment sensibiliser le public sur une grande gamme de sujets, dont la peine de mort. \u00bb<\/font><\/span><\/p>\n<h5 align=\"justify\" style=\"color: blue;\"><span lang=\"FR\"><font face=\"Arial\">Le gouvernement en transition<\/font><\/span><\/h5>\n<p align=\"justify\"><span lang=\"FR\"><font face=\"Arial\">\u00ab Le gouvernement actuel n\u2019a pas le pouvoir pour changer les lois, note Ben S\u00e9drine, mais nous pouvons faire beaucoup pour sensibiliser le public et cr\u00e9er une conscience politique parmi les Tunisiens. \u00bb Et cette nouvelle ouverture d\u2019esprit politique est l\u2019un des caract\u00e9ristiques les plus \u00e9tonnantes de la Tunisie d\u2019apr\u00e8s la r\u00e9volution.\u00ab M\u00eame s\u2019il reste toujours au pouvoir des membres de l\u2019ancien gouvernement, dit Rabia, maintenant nous pouvons parler. Avant, on regardait toujours autour de nous avant de parler. Maintenant on peut dire ce qu\u2019on veut. \u00bb<\/font><\/span><\/p>\n<h5 align=\"justify\" style=\"color: blue;\"><span lang=\"FR\"><font face=\"Arial\">Un moment stressant<\/font><\/span><\/h5>\n<p align=\"justify\"><span lang=\"FR\"><font face=\"Arial\">Dans un pays au sortir de plus de 30 ans de dictature et de r\u00e9pression des libert\u00e9s politiques, cette volont\u00e9 de parler pourrait \u00eatre l\u2019atout le plus important des ONG en g\u00e9n\u00e9ral, et des abolitionnistes en particulier. \u00ab C\u2019est un moment tr\u00e8s stressant pour nous, dit Rachid, professeur aux Beaux Arts de Tunis. Nous sentons que nous pouvons changer tant de choses, et pourtant nous risquons ne rien changer. \u00bb Ce sentiment se retrouve partout dans le pays. \u00ab Nous devons absolument redynamiser le peuple tunisien, dit Azouz. Nous devons leur faire comprendre qu\u2019il y a des choses qu\u2019ils pourraient changer, et qu\u2019ils ont leur mot \u00e0 dire. \u00bb<\/font><\/span><\/p>\n<p align=\"justify\"><span lang=\"FR\"><font face=\"Arial\">Source : \u00ab HNS \u00bb Le 18-05-2011<\/font><\/span><\/p>\n<p align=\"justify\"><span lang=\"FR\"><font face=\"Arial\">Lien : <\/font><font face=\"Arial\"><a href=\"http:\/\/www.hns-info.net\/spip.php?article29622\\\" target=\"_blank\" rel=\"noopener\">http:\/\/www.hns-info.net\/spip.php?article29622<\/a><\/font><font face=\"Arial\" size=\"2\">\\<\/font><\/span><\/p>\n<p align=\"justify\">\u00a0<\/p>\n<hr\/>\n<div align=\"center\"><font face=\"Arial\" size=\"2\">crisis en el mundo \u00e1rabe <\/font><\/div>\n<div align=\"center\"><font face=\"Arial\" size=\"2\"><strong><\/p>\n<h5 style=\"color: blue;\"><font size=\"3\">Argel quiere llevar a cabo reformas, pero bajo control<\/font><\/h5>\n<p><\/strong> <\/font><\/div>\n<div align=\"center\">\n<hr\/>\n<\/div>\n<div align=\"justify\"><font face=\"Arial\" size=\"2\">Argelia quiere implementar una serie de reformas para intentar apaciguar los \u00e1nimos de cambio que se han despertado en el pa\u00eds magreb\u00ed tras las revueltas que han atravesado el mundo \u00e1rabe. De este modo, Abdelaziz Buteflika ya prepara un paquete de medidas estructurales con la estrecha vigilancia de los militares.<\/font><\/div>\n<div align=\"justify\">\u00a0<\/div>\n<div align=\"justify\"><font face=\"Arial\" size=\"2\">El r\u00e9gimen de Abdelaziz Buteflika no ha podido escapar a la oleada de revueltas en el mundo \u00e1rabe que exigen cambios de pol\u00edtica, de personas, de instituciones y mas libertad y democracia. Tras los triunfos en T\u00fanez y Egipto y la apertura de la reforma constitucional en Marruecos a cago del rey Mohamed VI, la Argelia de Buteflika no pod\u00eda quedar al margen. El Presidente ha constitu\u00eddo una Comisi\u00f3n que deber\u00e1 proponer un calendario y los alcances de las reformas estructurales a poner en marcha. <\/font><\/div>\n<div align=\"justify\">\u00a0<\/div>\n<div align=\"justify\"><font face=\"Arial\" size=\"2\">Sin embargo, a diferencia de T\u00fanez o El Cairo donde los cambios han sido protagonizados por los j\u00f3venes, los sindicatos y los movimientos asociativos, o de Marruecos donde la Comisi\u00f3n encargada de revisar la Carta Magna esta compuesta exclusivamente de civiles, en Argelia los militares han hecho irrupci\u00f3n en el organismo de gesti\u00f3n del cambio. El general Mohamed Tuati ha sido integrado en la Comisi\u00f3n reformadora. <\/font><\/div>\n<div align=\"justify\">\u00a0<\/div>\n<div align=\"justify\"><font face=\"Arial\" size=\"2\">Abdelaziz Buteflika design\u00f3 en un primer tiempo al presidente del Senado, llamado Consejo de la Naci\u00f3n, Abdelkader Bensalah para presidir la \u201cComisi\u00f3n nacional de consulta sobre las reformas pol\u00edticas\u201d. La oposici\u00f3n pol\u00edtica, incluida la parlamentaria, manifest\u00f3 sus reservas ante el nombramiento de Bensalah. En primer lugar porque representa un organismo designado a dedo por la Presidencia del pa\u00eds, y por falta de credibilidad pol\u00edtica, ya que el presidente del senado fue uno de los fundadores de la Reagrupaci\u00f3n Nacional Democr\u00e1tica, un partido pol\u00edtico creado ex-nihilo en 1997 para domesticar al viejo partido \u00fanico, el Frente de Liberaci\u00f3n Nacional (FLN) que mostraba veleidades de independencia del poder presidencial y militar. <\/font><\/div>\n<div align=\"justify\">\u00a0<\/div>\n<div align=\"justify\"><font face=\"Arial\" size=\"2\">Cuando la oposici\u00f3n ha comenzado a cuestionar la \u201choja de ruta\u201d propuesta por el Presidente para llevar a cabo las reformas pol\u00edticas, Buteflika ha reaccionado nombrando directamente a un militar para co-dirigir la comisi\u00f3n. Y no cualquier militar, sino el jefe del comit\u00e9 de Seguridad Nacional en la presidencia, es decir el consejero mas cercano a Buteflika. <\/font><\/div>\n<div align=\"justify\">\u00a0<\/div>\n<div align=\"justify\"><font face=\"Arial\" size=\"2\">La comisi\u00f3n que pilotar\u00e1 Tuati \u2013 Bensalah esta llamado solo a presidir simb\u00f3licamente dicho organismo \u2013 deber\u00e1 recoger \u201clas propuestas de los partidos pol\u00edticos y de las personalidades nacionales sobre las reformas a emprender: cambio de la Constituci\u00f3n, revisi\u00f3n de las leyes electorales, nueva ley de partidos y asociaciones, etc.\u201d.<\/font><\/div>\n<div align=\"justify\">\u00a0<\/div>\n<div align=\"justify\"><font face=\"Arial\" size=\"2\">Los partidos mas representativos de la oposici\u00f3n argelina hab\u00edan estigmatizado el poder que \u201crechaza el verdadero cambio del sistema pol\u00edtico\u201d. Para el Frente de Fuerzas Socialistas \u201cel nombramiento de Bensalah traduce la voluntad del poder pol\u00edtico de mantener el statu quo\u201d. Parecida posici\u00f3n la del movimiento islamista Islah que no cree que se llegara a ning\u00fan resultado, ya que la reforma \u201cse conf\u00eda a los mismos partidos (FLN y RND) que han manipulado la Constituci\u00f3n\u201d.<\/font><\/div>\n<div align=\"justify\">\u00a0<\/div>\n<div align=\"justify\"><font face=\"Arial\" size=\"2\">El nuevo responsable de facto de la comisi\u00f3n de reforma, Mohamed Tuati, aunque es legalmente oficial en la reserva, es considerado como el principal consejero de seguridad del Presidente y por lo tanto es un militar en activo. Apodado \u201cel Moj\u201d (el cerebro), el general Tuati fue oficial en el Ejercito franc\u00e9s durante la mayor parte de la guerra de independencia argelina. Al igual que muchos otros que han ocupado los mas elevados puestos en la jerarqu\u00eda militar de las Fuerzas Armadas, Tuati se mantuvo en las filas del E\u00e9rcito ocupante hasta muy poco tiempo antes de la Independencia pol\u00edtica de Argelia en julio de 1962. Es considerado como uno de los militares con mayor capacidad pol\u00edtica y un verdadero estratega de los meandros del poder. A nivel internacional es conocido por ser uno de los art\u00edfices principales de la lucha antiterrorista, y con tal motivo ha mantenido relaciones permanentes desde los atentados terroristas en Nueva York en septiembre de 2001, con los principales responsables de la inteligencia, la seguridad y los cuerpos operativos de los Ej\u00e9rcitos occidentales. Su nombramiento en la Comisi\u00f3n es considerado en Argel como \u201cuna garant\u00edas\u201d de la continuidad del sistema.<\/font><\/div>\n<div align=\"justify\">\u00a0<\/div>\n<div align=\"justify\"><font face=\"Arial\" size=\"2\"><strong>Pedro Canales.<\/strong><\/font><\/div>\n<div align=\"justify\"><font face=\"Arial\" size=\"2\">Fecha publicaci\u00f3n: (17-05-2011) <\/font><\/div>\n<div align=\"justify\"><font face=\"Arial\" size=\"2\">&#8212;&#8212;&#8212;&#8212;&#8212;&#8212;&#8212;&#8212;&#8212;&#8212;&#8212;&#8212;&#8212;&#8212;&#8212;&#8212;&#8212;&#8212;&#8212;&#8212;&#8212;&#8212;&#8212;&#8212;&#8212;&#8212;&#8211;<\/font><\/div>\n<div align=\"justify\"><font face=\"Arial\" size=\"2\">(C) 2008 Editorial Imparcial de Occidente SA<\/font><\/div>\n<div align=\"justify\"><font face=\"Arial\" size=\"2\">Paseo de Pintor Rosales 2-4, 3\u00ba Iz. <\/font><\/div>\n<div align=\"justify\"><font face=\"Arial\" size=\"2\">Madrid Espa\u00f1a Tel. 917583912<\/font> <\/div>\n<div align=\"justify\">\u00a0<\/div>\n<div align=\"justify\"><font face=\"Arial\" size=\"2\">(Source: \u201cEl Imparcial\u201d (Quotidien Espagne) le 17 05 2011)<\/font><\/div>\n<div align=\"justify\"><font face=\"Arial\" size=\"2\">Lien:<a href=\"http:\/\/www.elimparcial.es\/mundo\/argel-quiere-reformas-bajo-control--84349.html\" target=\"_blank\" rel=\"noopener\"><font>http:\/\/www.elimparcial.es\/mundo\/argel-quiere-reformas-bajo-control&#8211;84349.html<\/font><\/a><\/font><\/div>\n<hr\/>\n<div align=\"center\"><font face=\"Arial\" size=\"2\"><strong>M\u00e1xima alerta en T\u00fanez<\/strong><\/font><\/div>\n<div align=\"center\"><font face=\"Arial\" size=\"2\"><strong><\/p>\n<h5 style=\"color: blue;\"><font size=\"3\">Al Qaeda quiere irrumpir en escena<\/font><\/h5>\n<p><\/strong> <\/font><\/div>\n<div align=\"center\">\n<hr\/>\n<\/div>\n<div align=\"justify\"><font face=\"Arial\" size=\"2\">Dos presuntos terroristas han sido interceptados en T\u00fanez en una localidad cercana a la frontera con Libia. Llevaban encima cinturones explosivos y bombas. El anuncio hecho por la Televisi\u00f3n tunecina, ha hecho saltar las alarmas en toda la regi\u00f3n del Magreb, donde crece el temor de que comandos de terroristas isl\u00e1micos de la familia yihadista se est\u00e9n armando en Libia. <\/font><\/div>\n<div align=\"justify\">\u00a0<\/div>\n<div align=\"justify\"><font face=\"Arial\" size=\"2\">Fuentes oficiales tunecinas estiman que los dos presuntos camicaces ten\u00edan como objetivo atentar en alguna ciudad de T\u00fanez, presumiblemente en la capital, contra edificios emblem\u00e1ticos o lugares de fuerte concentraci\u00f3n humana, con el fin de provocar una situaci\u00f3n ca\u00f3tica y amenazar la incipiente democracia tunecina. No aparece claro cu\u00e1les eran sus objetivos concretos, pero se presume que ser\u00eda una respuesta a la pol\u00edtica del gobierno de transici\u00f3n tunecino que est\u00e1 rompiendo paulatinamente los lazos con el dictador de Tr\u00edpoli.<\/font><\/div>\n<div align=\"justify\">\u00a0<\/div>\n<div align=\"justify\"><font face=\"Arial\" size=\"2\">En T\u00fanez se est\u00e1 hablando cada vez m\u00e1s de un post-Gadafi. Rafik Suidi, que dirige el portal Kapitalis, defiende el escenario de una Federaci\u00f3n de Estados de \u00c1frica del Norte cuyo n\u00facleo central seria la alianza entre T\u00fanez y Libia, una vez que este pa\u00eds se desembarace del dictador de la jaima. Esta Federaci\u00f3n ser\u00eda la alternativa a la Uni\u00f3n del Magreb \u00c1rabe (UMA), una estructura plurinacional puesta en marcha a final de los a\u00f1os 80 y compuesta por los cinco pa\u00edses del Magreb (Mauritania, Marruecos, Argelia, T\u00fanez y Libia) y que desde hace a\u00f1os se encuentra en coma. <\/font><\/div>\n<div align=\"justify\">\u00a0<\/div>\n<div align=\"justify\"><font face=\"Arial\" size=\"2\">El r\u00e9gimen de Muamar Gadafi parece reaccionar violentamente contra este proyecto. Por lo que se sospecha que los comandos terroristas que pueden haberse aprovisionado de armas en los cuarteles libios, tendr\u00edan en realidad el apoyo t\u00e1cito o explicito del imprevisible adalid beduino, y no de una fantasmag\u00f3rica organizaci\u00f3n de obediencia a Al Qaeda. <\/font><\/div>\n<div align=\"justify\">\u00a0<\/div>\n<div align=\"justify\"><font face=\"Arial\" size=\"2\">La noticia de la detenci\u00f3n del comando en el pueblo de Tatauin en el sur tunecino ha exacerbado los temores de quienes est\u00e1n convencidos de que la situaci\u00f3n de guerra civil que se vive en Libia, con dos bandos claramente identificados y separados geogr\u00e1ficamente, est\u00e1 beneficiando a los grupos terroristas m\u00e1s o menos emparentados con Al Qaeda del Magreb Isl\u00e1mico (AQMI). Si bien hay que tener en cuenta de que esta organizaci\u00f3n o quienes se reclaman de la misma, hasta ahora solo han actuado en la zona del Sahel, m\u00e1s espec\u00edficamente en el desierto limitado por el norte con Argelia, por el este con Libia, por el sur con Niger y Mali y por el oeste con Mauritania. Por lo que su presencia en T\u00fanez parece sospechosa y tendr\u00eda que ver m\u00e1s con la situaci\u00f3n en este pa\u00eds y sus relaciones con la vecina Libia. <\/font><\/div>\n<div align=\"justify\">\u00a0<\/div>\n<div align=\"justify\"><font face=\"Arial\" size=\"2\">Por otra parte la noticia de la detenci\u00f3n de los tres presuntos terroristas coincide con la llegada a T\u00fanez de nuevos oficiales desertores de las milicias pro-Gadafi. Un barco que transportaba entre otros tres oficiales de estas unidades militares favorables al coronel libio, lleg\u00f3 hace dos d\u00edas al puerto pesquero de Zarzis en T\u00fanez. Esta deserci\u00f3n se a\u00f1ade a la producida en los \u00faltimos d\u00edas de otros oficiales disidentes de los diferentes cuerpos armados leales al Jefe de estado libio. Lo que permite suponer que existen fuertes disensiones entre las fuerzas hasta ahora incondicionales del l\u00edder. <\/font><\/div>\n<div align=\"justify\">\u00a0<\/div>\n<div align=\"justify\"><font face=\"Arial\" size=\"2\"><strong><font>Por Pedro Canales<\/font><\/strong>\/Corresponsal en el Magreb<\/font><\/div>\n<div align=\"justify\">\u00a0<\/div>\n<div align=\"justify\"><font face=\"Arial\" size=\"2\">Fecha publicaci\u00f3n: (15-05-2011) (C) 2008 Editorial Imparcial de Occidente SA<\/font><\/div>\n<div align=\"justify\"><font face=\"Arial\" size=\"2\">Paseo de Pintor Rosales 2-4, 3\u00ba Iz. <\/font><\/div>\n<div align=\"justify\"><font face=\"Arial\" size=\"2\">Madrid Espa\u00f1a Tel. 917583912<\/font><\/div>\n<div align=\"justify\">\u00a0<\/div>\n<div align=\"justify\"><font face=\"Arial\" size=\"2\">(Source: \u201cEl Imparcial\u201d (Quotidien Espagne) le 15 05 2011)<\/font><\/div>\n<div align=\"justify\"><font face=\"Arial\" size=\"2\">Lien:<a href=\"http:\/\/www.elimparcial.es\/mundo\/al-qaeda-quiere-irrumpir-en-escena-84230.html\" target=\"_blank\" title=\"http:\/\/www.elimparcial.es\/mundo\/al-qaeda-quiere-irrumpir-en-escena-84230.html\" rel=\"noopener\">http:\/\/www.elimparcial.es\/mundo\/al-qaeda-quiere-irrumpir-en-escena-84230.html<\/a><\/font><\/div>\n<\/div>\n<p><\/body><\/body><\/html><\/p>\n","protected":false},"excerpt":{"rendered":"<p>TUNISNEWS 11 \u00e8me ann\u00e9e, N\u00b04012 du 18.05.2011 archives : www.tunisnews.net AFP: Premi\u00e8res victimes probables d&rsquo;Al-Qa\u00efda dans la Tunisie post-Ben Ali AFP: Tunisie: le gouvernement veut maintenir l&rsquo;\u00e9lection au 24 juillet AFP: La Berd attend l&rsquo;aval de ses actionnaires pour aider l&rsquo;Afrique du Nord Reuters: Tunis menace de saisir l&rsquo;Onu apr\u00e8s des tirs de l&rsquo;arm\u00e9e libyenne [&hellip;]<\/p>\n","protected":false},"author":1,"featured_media":22040,"comment_status":"open","ping_status":"open","sticky":false,"template":"","format":"standard","meta":{"inline_featured_image":false,"site-sidebar-layout":"default","site-content-layout":"","ast-site-content-layout":"default","site-content-style":"default","site-sidebar-style":"default","ast-global-header-display":"","ast-banner-title-visibility":"","ast-main-header-display":"","ast-hfb-above-header-display":"","ast-hfb-below-header-display":"","ast-hfb-mobile-header-display":"","site-post-title":"","ast-breadcrumbs-content":"","ast-featured-img":"","footer-sml-layout":"","ast-disable-related-posts":"","theme-transparent-header-meta":"","adv-header-id-meta":"","stick-header-meta":"","header-above-stick-meta":"","header-main-stick-meta":"","header-below-stick-meta":"","astra-migrate-meta-layouts":"default","ast-page-background-enabled":"default","ast-page-background-meta":{"desktop":{"background-color":"","background-image":"","background-repeat":"repeat","background-position":"center center","background-size":"auto","background-attachment":"scroll","background-type":"","background-media":"","overlay-type":"","overlay-color":"","overlay-opacity":"","overlay-gradient":""},"tablet":{"background-color":"","background-image":"","background-repeat":"repeat","background-position":"center center","background-size":"auto","background-attachment":"scroll","background-type":"","background-media":"","overlay-type":"","overlay-color":"","overlay-opacity":"","overlay-gradient":""},"mobile":{"background-color":"","background-image":"","background-repeat":"repeat","background-position":"center center","background-size":"auto","background-attachment":"scroll","background-type":"","background-media":"","overlay-type":"","overlay-color":"","overlay-opacity":"","overlay-gradient":""}},"ast-content-background-meta":{"desktop":{"background-color":"var(--ast-global-color-5)","background-image":"","background-repeat":"repeat","background-position":"center center","background-size":"auto","background-attachment":"scroll","background-type":"","background-media":"","overlay-type":"","overlay-color":"","overlay-opacity":"","overlay-gradient":""},"tablet":{"background-color":"var(--ast-global-color-5)","background-image":"","background-repeat":"repeat","background-position":"center center","background-size":"auto","background-attachment":"scroll","background-type":"","background-media":"","overlay-type":"","overlay-color":"","overlay-opacity":"","overlay-gradient":""},"mobile":{"background-color":"var(--ast-global-color-5)","background-image":"","background-repeat":"repeat","background-position":"center center","background-size":"auto","background-attachment":"scroll","background-type":"","background-media":"","overlay-type":"","overlay-color":"","overlay-opacity":"","overlay-gradient":""}},"footnotes":""},"categories":[],"tags":[57,42,29],"class_list":["post-19399","post","type-post","status-publish","format-standard","has-post-thumbnail","hentry","tag-57","tag-42","tag-fr"],"_links":{"self":[{"href":"https:\/\/tunisnews.net\/ar\/wp-json\/wp\/v2\/posts\/19399","targetHints":{"allow":["GET"]}}],"collection":[{"href":"https:\/\/tunisnews.net\/ar\/wp-json\/wp\/v2\/posts"}],"about":[{"href":"https:\/\/tunisnews.net\/ar\/wp-json\/wp\/v2\/types\/post"}],"author":[{"embeddable":true,"href":"https:\/\/tunisnews.net\/ar\/wp-json\/wp\/v2\/users\/1"}],"replies":[{"embeddable":true,"href":"https:\/\/tunisnews.net\/ar\/wp-json\/wp\/v2\/comments?post=19399"}],"version-history":[{"count":0,"href":"https:\/\/tunisnews.net\/ar\/wp-json\/wp\/v2\/posts\/19399\/revisions"}],"wp:featuredmedia":[{"embeddable":true,"href":"https:\/\/tunisnews.net\/ar\/wp-json\/wp\/v2\/media\/22040"}],"wp:attachment":[{"href":"https:\/\/tunisnews.net\/ar\/wp-json\/wp\/v2\/media?parent=19399"}],"wp:term":[{"taxonomy":"category","embeddable":true,"href":"https:\/\/tunisnews.net\/ar\/wp-json\/wp\/v2\/categories?post=19399"},{"taxonomy":"post_tag","embeddable":true,"href":"https:\/\/tunisnews.net\/ar\/wp-json\/wp\/v2\/tags?post=19399"}],"curies":[{"name":"wp","href":"https:\/\/api.w.org\/{rel}","templated":true}]}}