{"id":19386,"date":"2006-11-11T00:00:00","date_gmt":"2006-11-11T00:00:00","guid":{"rendered":"https:\/\/tunisnews.net\/11-novembre-2006\/"},"modified":"2006-11-11T00:00:00","modified_gmt":"2006-11-11T00:00:00","slug":"11-novembre-2006","status":"publish","type":"post","link":"https:\/\/tunisnews.net\/ar\/11-novembre-2006\/","title":{"rendered":"11 novembre 2006"},"content":{"rendered":"<p><html><head><meta content=\"text\/html\" description=\"L\u2019Observatoire Pour la                                 Protection des D\u00e9fenseurs des Droits de l\u2019Homme:                                 TUNISIE : Poursuite des actes de harc\u00e8lement \u00e0                                 l\u2019encontre du CNLT\" http-equiv=\"Content-Type\"\/><\/head><body><body><\/p>\n<p align=\"center\" dir=\"ltr\"><b><a href=\"https:\/\/tunisnews.net\/ar\/\"><span>Home<\/span><span lang=\"FR-CH\"> &#8211; Accueil <\/span><span>&#8211; <\/span><span dir=\"rtl\" lang=\"AR-SA\">\u0627\u0644\u0631\u0626\u064a\u0633\u064a\u0629<\/span><\/a><\/b><\/p>\n<div> <font face=\"Arial\" size=\"2\"> <\/p>\n<div>\n<div>\n<div>\n<div>\n<div> <font face=\"Arial\"> <\/p>\n<div>\n<table border=\"1\" width=\"100%\">\n<tr>\n<td bgcolor=\"#efefef\" width=\"100%\"> <span lang=\"AR-SA\"> <\/p>\n<div align=\"left\">  <\/div>\n<div> <span lang=\"FR\"> <\/p>\n<div align=\"center\" dir=\"ltr\"> <font face=\"Arial\"><font size=\"2\"> <span lang=\"SV\"> <strong>TUNISNEWS<\/strong><\/span> <\/font><\/font> <\/div>\n<div align=\"center\" dir=\"ltr\"> <strong><font face=\"Arial\"><font size=\"2\">                      7\u00a0\u00e8me\u00a0ann\u00e9e, <span lang=\"FR\">N\u00b0\u00a02364 du 11.11.2006<\/span><\/font><\/font><\/strong><\/div>\n<div align=\"center\" dir=\"ltr\"> <strong> <\/p>\n<div align=\"center\"> <b><span><blink> <font face=\"Arial\" size=\"2\">\u00a0archives :                        <\/font> <a href=\"https:\/\/tunisnews.net\/ar\/\" target=\"_blank\" rel=\"noopener\"> <font face=\"Arial\" size=\"2\" target=\"_blank\">                        www.tunisnews.net<\/font><\/a><\/blink><\/span><\/b><font face=\"Arial\" size=\"2\"> <\/font> <\/div>\n<p> <\/strong><\/div>\n<p> <\/span><\/div>\n<div align=\"left\" dir=\"ltr\"> <font> <span lang=\"FR\"> <font><span lang=\"FR\"> <font face=\"Arial\"> <span lang=\"FR-CH\"> <\/p>\n<hr\/>\n<p><\/span><\/font><\/span><\/font><\/span><\/font> <\/div>\n<p><font> <\/p>\n<div dir=\"ltr\">\n<div>\n<div>\n<p><font> <\/p>\n<div align=\"left\"> <span lang=\"FR\"> <\/p>\n<div>\n<div>\n<div> <strong> <span lang=\"FR\">                                AISPP: Communiqu\u00e9<\/span><span lang=\"FR\"> <font>L\u2019Observatoire Pour la                                 Protection des D\u00e9fenseurs des Droits de l\u2019Homme:                                 TUNISIE : Poursuite des actes de harc\u00e8lement \u00e0                                 l\u2019encontre du CNLT<\/font> <\/span> <span lang=\"FR\">                                Ez-Zeitouna: Droits des FEMMES viol\u00e9s et bafou\u00e9s                                 en Tunisie<\/span><span lang=\"FR\"> <font>CDR\u00a0 CRLDHT\u00a0 FTCR:                                 Actualit\u00e9 des droits et des luttes des femmes                                 <\/font><\/span> <span lang=\"FR\">                                Bakchich: Zero fait le point<\/span><span lang=\"FR\"> <font>AP: Tunisie: appel de                                 parlementaires au pr\u00e9sident Ben Ali pour qu&rsquo;il                                 se repr\u00e9sente \u00e0 l&rsquo;\u00e9lection de 2009<\/font> <\/span> <span lang=\"FR\">                                AFP: Le pr\u00e9sident Ben Ali appel\u00e9 \u00e0 briguer un                                 nouveau mandat <\/span> <span lang=\"FR\"> <font>La Presse: Des militants                                 constitutionnels d\u00e9mocrates appellent le RCD \u00e0                                 d\u00e9signer le Pr\u00e9sident Ben Ali comme candidat \u00e0                                 l\u2019\u00e9lection pr\u00e9sidentielle de 2009<\/font> <\/span> <span lang=\"FR\">                                Hella HABIB: R\u00e9flexion sur le voile en Tunisie:                                 Ne pas faire comme barbe bleue<\/span><span lang=\"FR\"> <font>M\u2019hamed JAIBI: 20 ans                                 apr\u00e8s: Un nouveau pacte national ?<\/font><\/span><\/strong><span lang=\"FR\"><\/span><\/div>\n<\/p><\/div>\n<\/p><\/div>\n<p> <\/span><\/div>\n<p> <\/font><\/p>\n<\/p><\/div>\n<\/p><\/div>\n<\/p><\/div>\n<p> <\/font><\/p>\n<p><\/span><\/td>\n<\/tr>\n<\/table><\/div>\n<p> <\/font><font> <\/p>\n<p>\u00a0<\/p>\n<p dir=\"ltr\"> <font><b> <span lang=\"FR\"> <a href=\"http:\/\/www.nawaat.org\/forums\/index.php?showtopic=11741\" target=\"_blank\" rel=\"noopener\">            Cliquez ici<\/a> pour acc\u00e9der au reportage exceptionnel de l&rsquo;AISPP             sur la catastrophe humanitaire des prisonniers politiques Tunisiens<\/span><\/b><\/font><\/p>\n<p dir=\"ltr\"> <span lang=\"FR\">Voir             \u00e9galement les documents vid\u00e9o:<\/span><\/p>\n<p dir=\"ltr\">\u00a0<\/p>\n<p dir=\"ltr\"><b> <span lang=\"FR\"> <a href=\"http:\/\/www.nawaat.org\/forums\/index.php?showtopic=12171\" target=\"_blank\" rel=\"noopener\">Le             Cri De D\u00e9tresse De La Famille Du Prisonnier Politique Fathi Issaoui<\/a>             \u00a0<\/span><\/b><\/p>\n<p dir=\"ltr\"><b> <span lang=\"FR\"> <a href=\"http:\/\/www.nawaat.org\/forums\/index.php?showtopic=12381\" target=\"_blank\" rel=\"noopener\">            Nouveau t\u00e9moignage vid\u00e9o de l&rsquo;AISPP<\/a> sur les multiples             condamnations pour les m\u00eames faits en Tunisie.<\/span><\/b><\/p>\n<p dir=\"ltr\"><strong>            \u00a0(Source\u00a0: <\/strong><a href=\"http:\/\/www.nawaat.org\/\" target=\"_blank\" rel=\"noopener\"> <span><strong>www.nawaat.org<\/strong><\/span><\/a><strong>             )<\/strong><\/p>\n<p><\/font><\/div>\n<\/p><\/div>\n<\/p><\/div>\n<\/p><\/div>\n<\/p><\/div>\n<div>\n<hr\/><\/div>\n<div align=\"center\">\n<h2 style=\"color: red;\"><font><strong>Reportage Tunisie sur la RTBF<\/strong><\/font><\/h2>\n<\/div>\n<div>    \u00a0<\/div>\n<div>\n<div>\n<p align=\"justify\"><strong><font>Un\u00a0reportage sur les       droits de l&rsquo;homme en Tunisie sera diffus\u00e9 le mercredi 22 novembre sur RTBF       SAT \u00e0\u00a020h10\u00a0et rediffus\u00e9 le vendredi \u00e0 13h55.<\/font><\/strong><\/p>\n<\/div>\n<div>      \u00a0<\/div>\n<div> <font><strong>Lecteur Assidu<\/strong><\/font><\/div>\n<div> <strong><\/p>\n<hr\/>\n<p><\/strong> <\/div>\n<div>      \u00a0<\/div>\n<div> <font face=\"Arial\" size=\"2\"><font> <\/p>\n<div align=\"justify\"> <font face=\"Arial\" size=\"2\"> <font> <\/p>\n<div align=\"center\"> <font face=\"Arial\" size=\"2\"><strong><font>Libert\u00e9 pour           Mohammed Abbou           Libert\u00e9 pour tous les prisonniers politiques<\/font><\/strong>           \u00a0            <strong><font>Association Internationale de Soutien           aux Prisonniers Politiques<\/font><\/strong>           33 rue Mokhtar Atya, 1001, Tunis           Tel : 71 340 860 Fax : 71 354 984                      11\/11\/2006                      <strong><font>Communiqu\u00e9<\/font><\/strong> \u00a0<\/font><\/div>\n<div align=\"justify\">                     \u00b7\u00a0\u00a0\u00a0\u00a0\u00a0\u00a0\u00a0 Les prisonniers politiques <strong><font>          Abelhamid Jelassi, H\u00e9di Ghali, Bouraoui Makhlouf et Mohammed Salah           Gsouma<\/font><\/strong>, incarc\u00e9r\u00e9s \u00e0 la prison de Mehdia, ont commenc\u00e9           une gr\u00e8ve de la faim illimit\u00e9e le 5 novembre 2006 pour exiger leur           lib\u00e9ration. Ces prisonniers ont pass\u00e9 plus de quinze ans dans les           prisons tunisiennes. Ils avaient \u00e9t\u00e9 condamn\u00e9s par la justice           militaire dans l\u2019affaire 76110 le 27 ao\u00fbt 2006 * \u00e0 la perp\u00e9tuit\u00e9 pour           les trois premiers et \u00e0 soixante-dix-huit ans d\u2019emprisonnement pour le           quatri\u00e8me. Ils sont maintenant en isolement individuel, priv\u00e9s de           soins et astreints \u00e0 des conditions p\u00e9nibles, en butte aux mauvais           traitements du nouveau directeur de la prison de Mehdia.                      \u00b7\u00a0\u00a0\u00a0\u00a0\u00a0\u00a0\u00a0 L\u2019AISPP a appris que le prisonnier d\u2019opinion <strong> <font>Ali Ben Mohammed Ben Sadok Ch\u00e9rif<\/font><\/strong>           est en gr\u00e8ve de la faim depuis plus de trois semaines. Son p\u00e8re dit           qu\u2019il demande son transfert dans une cellule sans fumeurs, mais que           l\u2019administration refuse de satisfaire sa revendication. M. Ch\u00e9rif,           livr\u00e9 par les autorit\u00e9s syriennes \u00e0 la Tunisie, est actuellement           \u00e9crou\u00e9 \u00e0 la prison de Borj El Amri, en vertu de la loi anti           terroriste.                      \u00b7\u00a0\u00a0\u00a0\u00a0\u00a0\u00a0\u00a0 Aujourd\u2019hui ont \u00e9t\u00e9 pr\u00e9sent\u00e9s devant la chambre criminelle du           tribunal de premi\u00e8re instance de Tunis :<strong><font>           Ghaith Mekki, Zyad Fakraoui, Azzeddine Abdellaoui, Ouejdi Marzouki,           Bilel Marzouki, Tahar Bouzidi, Nizar Hosni, Choua\u00efb Jomni, Ha\u00efthem           Fakraoui, Mounir Chra\u00efet et Fay\u00e7al Lafi<\/font><\/strong> dans l\u2019affaire           pendante devant la quatri\u00e8me chambre criminelle sous la pr\u00e9sidence du           juge Tarek Brahem. Un des inculp\u00e9s \u00e9tait absent, n\u2019ayant pas \u00e9t\u00e9           extrait de prison. Nombre d\u2019avocats se sont pr\u00e9sent\u00e9s et le procureur           a demand\u00e9 le report de l\u2019affaire. Les avocats ont demand\u00e9 la           lib\u00e9ration de leurs clients dont la d\u00e9tention a beaucoup dur\u00e9.           L\u2019atmosph\u00e8re s\u2019est tendue apr\u00e8s que la parole ait \u00e9t\u00e9 refus\u00e9e \u00e0 un           avocat qui avait voulu pr\u00e9ciser le caract\u00e8re politique de l\u2019affaire..           Les avocats ont demand\u00e9 au tribunal, en cas de maintien en prison de           leurs clients, que ces derniers soient rapproch\u00e9s du tribunal afin de           pouvoir leur rendre visite et s\u2019entretenir avec eux des moyens de leur           d\u00e9fense. L\u2019ensemble des accus\u00e9s sont incarc\u00e9r\u00e9s dans des prisons si           \u00e9loign\u00e9es que les avocats ne peuvent en un jour obtenir le permis de           visite et se rendre \u00e0 la prison.                      \u00b7\u00a0\u00a0\u00a0\u00a0\u00a0\u00a0\u00a0 Aujourd\u2019hui ont \u00e9t\u00e9 d\u00e9f\u00e9r\u00e9s devant la m\u00eame chambre <strong> <font>un groupe du Kram Ouest<\/font><\/strong> pour y           \u00eatre jug\u00e9s \u00e9galement en vertu de la loi anti terroriste.                      Le pr\u00e9sident de l\u2019Association           Ma\u00eetre Mohammed Nouri                      * sic, (LT)                      <font>(traduction ni revue ni corrig\u00e9e par\u00a0 les           auteurs de la version en arabe, LT)<\/font><\/div>\n<p> <\/font><\/font><font><\/p>\n<hr\/>\n<p> <\/font><\/div>\n<div align=\"justify\"> <font> <\/p>\n<div align=\"center\"> <strong><font>L\u2019Observatoire           Pour la Protection des D\u00e9fenseurs des Droits de l\u2019Homme<\/font><\/strong> <font>THE OBSERVATORY           for the Protection of Human Rights DefendersEL OBSERVATORIO           para la Protecci\u00f3n de los Defensores de Derechos Humanos<\/font> <strong><font>COMMUNIQUE DE PRESSE                      <\/font><\/p>\n<h2 style=\"color: red;\"><font size=\"3\">TUNISIE : Poursuite des actes de           harc\u00e8lement \u00e0 l\u2019encontre du CNLT<\/font><\/h2>\n<p><\/strong><\/div>\n<div align=\"justify\"> <strong>Gen\u00e8ve-Paris, le 8 novembre 2006. L\u2019Observatoire pour la           protection des d\u00e9fenseurs des droits de l\u2019Homme, programme conjoint de           l\u2019Organisation mondiale contre la torture (OMCT) et de la F\u00e9d\u00e9ration           internationale des ligues des droits de l\u2019Homme (FIDH), exprime sa           plus vive consternation \u00e0 l\u2019\u00e9gard des actes de harc\u00e8lement persistants           \u00e0 l\u2019encontre du Conseil national pour les libert\u00e9s en Tunisie (CNLT)           et de ses membres.<\/strong>                      Selon les informations re\u00e7ues, la surveillance polici\u00e8re du local du           CNLT \u00e0 Tunis, constante tout au long de l\u2019ann\u00e9e, s\u2019est           particuli\u00e8rement resserr\u00e9e depuis un mois. Ainsi, les 31 octobre, 1er           et 2 novembre 2006, c\u2019est un v\u00e9ritable si\u00e8ge qui a \u00e9t\u00e9 \u00e9tabli autour           de son local central \u00e0 Tunis. En particulier, l\u2019entr\u00e9e de l\u2019immeuble a           \u00e9t\u00e9 bloqu\u00e9e par plusieurs policiers en civil et une soixantaine de           policiers ont \u00e9t\u00e9 d\u00e9ploy\u00e9s autour du quartier.                      Par ailleurs, plusieurs victimes et familles de prisonniers ont \u00e9t\u00e9           emp\u00each\u00e9s par la police d\u2019acc\u00e9der aux bureaux du CNLT, et d\u2019autres ont           \u00e9t\u00e9 harcel\u00e9s lorsqu\u2019ils sortaient des bureaux. Ainsi, le 30 octobre           2006, Mme Zeineb Chebli, m\u00e8re de M. Khaled Arfaoui, prisonnier           politique, a \u00e9t\u00e9 conduite au commissariat de police de R\u00e9publique puis           harcel\u00e9e sur le chemin de son retour par des policiers. Le m\u00eame jour,           M. Ahmed Ghazouani, p\u00e8re de M. Ghaith Ghazouani, prisonnier politique,           a \u00e9t\u00e9 interrog\u00e9 dans la rue devant les locaux du CNLT. Le 2 octobre           2006, Mme Sarra Lazghad, \u00e9pouse du prisonnier M. Khaled Layouni, et           Mme Manal Mekki, s\u0153ur du prisonnier politique M. Ghaith Mekki, ont \u00e9t\u00e9           conduites au poste de police de la rue de Cologne \u00e0 leur sortie des           bureaux du CNLT et oblig\u00e9es de signer un engagement \u00e0 ne plus se           rendre dans ces bureaux. En outre, M. Hassine Jelassi, ancien           prisonnier politique, a \u00e9t\u00e9 interpell\u00e9 le 2 octobre 2006 \u00e0 sa sortie           des bureaux du CNLT et \u00ab invit\u00e9 \u00e0 ne plus y remettre les pieds \u00bb. De           m\u00eame, M. Houcine Ben Amor, qui venait de sortir de prison apr\u00e8s avoir           purg\u00e9 une peine de 15 jours pour avoir os\u00e9 protester contre son           exclusion du concours de CAPES, a \u00e9t\u00e9 emp\u00each\u00e9 d\u2019y acc\u00e9der le 1er           novembre 2006. Enfin, M. Sami Nasr, chercheur permanent au CNLT, a \u00e9t\u00e9           emp\u00each\u00e9 \u00e0 plusieurs reprises d\u2019acc\u00e9der \u00e0 son propre bureau.                      D\u2019autre part, le courrier postal adress\u00e9 au CNLT et \u00e0 ses membres           continue d\u2019\u00eatre confisqu\u00e9 la plupart du temps. La police a \u00e9galement           \u201cinnov\u00e9\u201d ces derniers temps en saisissant le courrier livr\u00e9 par           porteur par les ambassades. Ainsi, le 10 septembre 2006, un courrier           adress\u00e9 \u00e0 <strong>M. Lotfi Hidouri<\/strong>, membre dirigeant du CNLT,           a \u00e9t\u00e9 intercept\u00e9 par une personne qui s\u2019est pr\u00e9sent\u00e9e au porteur comme           \u00e9tant M. Hidouri lui-m\u00eame et a demand\u00e9 au porteur de ne plus lui           livrer de courrier dor\u00e9navant. De m\u00eame, le 2 novembre 2006, une           personne s\u2019est pr\u00e9sent\u00e9e comme \u00e9tant la destinatrice d\u2019un courrier           adress\u00e9 \u00e0 <strong>Mme Sihem Bensedrine<\/strong>, porte-parole du CNLT           et r\u00e9dactrice en chef du journal en ligne Kalima, et a retourn\u00e9           l\u2019enveloppe au porteur lui intimant l\u2019ordre de ne plus lui apporter de           courrier en provenance des ambassades.                      La connexion Internet du CNLT continue \u00e9galement d\u2019\u00eatre coup\u00e9e depuis           octobre 2005, malgr\u00e9 le paiement des redevances : l\u2019abonnement est           r\u00e9guli\u00e8rement acquitt\u00e9 aupr\u00e8s du fournisseur d\u2019acc\u00e8s et Tunisie           T\u00e9l\u00e9coms continue d\u2019envoyer les factures de l\u2019ADSL que le CNLT ne peut           pas utiliser tout en les payant. De m\u00eame, le t\u00e9l\u00e9phone et le fax sont           parfois d\u00e9tourn\u00e9s vers des destinataires inconnus.                      Enfin, le CNLT n\u2019a toujours pas r\u00e9ussi \u00e0 r\u00e9unir son assembl\u00e9e g\u00e9n\u00e9rale           depuis d\u00e9cembre 2004. Toutes les tentatives qu\u2019il a effectu\u00e9es depuis           (notamment les 4 f\u00e9vrier et 21 juillet 2006) ont \u00e9t\u00e9 r\u00e9prim\u00e9es manu           militari et ses militants agress\u00e9s parfois violemment. Ainsi, en           juillet,<strong> Mme Naziha Rjiba<\/strong>, membre fondatrice et           responsable de la communication au comit\u00e9 de liaison du CNLT, et           r\u00e9dactrice en chef du journal en ligne Kalima, a \u00e9t\u00e9 violemment           frapp\u00e9e et insult\u00e9e. Elle a ensuite \u00e9t\u00e9 plac\u00e9e de force dans un taxi           par les policiers, qui ont ordonn\u00e9 au chauffeur de la conduire           n\u2019importe o\u00f9, ajoutant qu\u2019elle \u00e9tait une prostitu\u00e9e et qu\u2019il pouvait \u00ab\u00a0s\u2019en           servir \u00e0 sa guise\u00a0\u00bb. Lorsque Mme Naziha Rjiba a pu rejoindre son           domicile, celui-ci \u00e9tait encercl\u00e9 par des agents en civil, qui l\u2019ont           surveill\u00e9 toute la matin\u00e9e (cf. appel urgent TUN 004 \/ 0706 \/ OBS 088,           diffus\u00e9 le 21 juillet 2006).                      Aucune des nombreuses plaintes en justice qui ont \u00e9t\u00e9 introduites par           les membres du CNLT n\u2019a abouti.                      L\u2019Observatoire exprime sa plus vive pr\u00e9occupation au regard de ces           nouveaux actes de harc\u00e8lement \u00e0 l\u2019encontre de membres du CNLT, qui           s\u2019inscrivent dans un contexte de r\u00e9pression syst\u00e9matique des           d\u00e9fenseurs des droits de l\u2019Homme en Tunisie.                       L\u2019Observatoire rappelle en outre que le CNLT n\u2019est toujours pas           reconnu par les autorit\u00e9s tunisiennes en d\u00e9pit de ses nombreuses           requ\u00eates en ce sens.                      En cons\u00e9quent, l\u2019Observatoire demande aux autorit\u00e9s tunisiennes de           mettre un terme \u00e0 tout acte de harc\u00e8lement \u00e0 l\u2019encontre des membres du           CNLT et de tous\u00a0 les\u00a0 d\u00e9fenseurs des droits de l\u2019Homme tunisiens, et           de proc\u00e9der \u00e0 l\u2019enregistrement du CNLT, ainsi qu\u2019\u00e0 celui des autres           organisations ind\u00e9pendantes de d\u00e9fense des droits de l\u2019Homme dont la           reconnaissance l\u00e9gale a \u00e9t\u00e9 jusqu\u2019\u00e0 pr\u00e9sent refus\u00e9e.                      D\u2019autre part, l\u2019Observatoire demande aux autorit\u00e9s tunisiennes de se           conformer aux dispositions de la D\u00e9claration sur les d\u00e9fenseurs des           droits de l\u2019Homme adopt\u00e9e par l\u2019Assembl\u00e9e g\u00e9n\u00e9rale des Nations Unies           le 9 d\u00e9cembre 1998, notamment \u00e0 son article premier qui dispose que \u00ab           chacun a le droit, individuellement ou en association avec d\u2019autres,           de promouvoir la protection et la r\u00e9alisation des droits de l\u2019Homme et           des libert\u00e9s fondamentales aux niveaux national et international \u00bb, \u00e0           son article 5.a selon lequel \u00ab afin de promouvoir et prot\u00e9ger les           droits de l\u2019Homme et les libert\u00e9s fondamentales, chacun a le droit,           individuellement ou en association avec d\u2019autres, de se r\u00e9unir et de           se rassembler pacifiquement. \u00bb, et \u00e0 son article 9.3.c selon lequel \u00ab           chacun a le droit individuellement ou en association avec d\u2019autres           d\u2019offrir et de pr\u00eater une assistance juridique professionnelle           qualifi\u00e9e ou tout autre conseil et appui pertinents pour la d\u00e9fense           des droits de l\u2019Homme et des libert\u00e9s fondamentales \u00bb.                      Plus g\u00e9n\u00e9ralement, l\u2019Observatoire demande aux autorit\u00e9s tunisiennes de           se conformer plus g\u00e9n\u00e9ralement aux dispositions de la D\u00e9claration           universelle des droits de l\u2019Homme et des instruments internationaux           relatifs aux droits de l\u2019Homme liant la Tunisie.                      <strong><font>Pour plus d\u2019informations, merci de           contacter :           OMCT : Delphine Reculeau : + 41 22 809 49 39           FIDH : Ga\u00ebl Grilhot : + 33 1 43 55 25 18           <\/font><\/strong>           F\u00e9d\u00e9ration Internationale des Ligues des Droits de l\u2019Homme           17, Passage de la Main d\u2019Or           75 011 Paris, FranceOrganisation Mondiale Contre la Torture           Case postale 21 &#8211; 8 rue du Vieux-Billard           1211 Gen\u00e8ve 8, Suisse        <\/div>\n<p> <\/font> <\/div>\n<p> <\/font><\/font><font face=\"Arial\" size=\"2\"> <\/font><\/div>\n<p> <font face=\"Arial\" size=\"2\"> <\/font><\/div>\n<div>\n<hr\/><\/div>\n<div>\n<p align=\"center\"> <font size=\"3\"> <span lang=\"FR-CH\"> <span> <span lang=\"FR\"> <strong>L\u2019Association Ez-Zeitouna<\/strong><\/span><\/span><\/span><\/font><\/p>\n<p align=\"center\">    \u00a0<\/p>\n<p align=\"center\"> <font size=\"3\"><strong> <span lang=\"FR-CH\">Droits des <\/span> <span lang=\"FR-CH\">FEMMES<\/span><span lang=\"FR-CH\">     viol\u00e9s et bafou\u00e9s en Tunisie<\/span><\/strong><\/font><\/p>\n<p> <span> <span lang=\"FR\"> <font>\u00a0<\/font><\/span><\/span><\/p>\n<p> <span> <span lang=\"FR\">    L\u2019Association Ez-Zeitouna(*) a organis\u00e9, le 11 novembre 2006 devant     l\u2019ambassade de la Tunisie \u00e0 Kirchenfeldstrasse 63 \u00e0 Berne de 11H30 \u00e0 12H30,     un rassemblement de solidarit\u00e9 avec les femmes tunisiennes. <\/span><\/span> <\/p>\n<p> <span> <span lang=\"FR\">    \u00a0<\/span><\/span><\/p>\n<p> <span> <span lang=\"FR\">    Lors de ce rassemblement qui a compt\u00e9 plus de 200 militants et militantes,     plusieurs intervenants ont pris la parole (en Fran\u00e7ais, en Allemand et en     Arabe) pour parler de la situation chaotique qui entrave la libert\u00e9     vestimentaire des femmes en Tunisie.<\/span><\/span><\/p>\n<p> <span> <span lang=\"FR\">    \u00a0<\/span><\/span><\/p>\n<p> <span> <span lang=\"FR\">    Les manifestants en chant\u00e9 plusieurs fois et avec nostalgie l\u2019hymne     national. Ils ont lev\u00e9 des banderolles et cri\u00e9 des slogans dont     principalement \u00ab\u00a0S\u2019habiller comme on veut, pas comme veut la dictature\u00a0\u00bb     \u00ab\u00a0Libert\u00e9 aux tunisiens, libert\u00e9 pour tout humain\u00a0\u00bb \u00ab\u00a0Dignit\u00e9 aux tunisiens,     dignit\u00e9 pour tout humain\u00a0\u00bb \u00ab\u00a0Stop au harc\u00e8lement des femmes\u00a0tunisiennes\u00bb\u2026.<\/span><\/span><\/p>\n<p> <span> <span lang=\"FR\">    \u00a0<\/span><\/span><\/p>\n<p> <span> <span lang=\"FR\">    \u00c0 la fin du rassemblement le pr\u00e9sident de l\u2019association, accompagn\u00e9 par la     police suisse, a essai\u00e9 de donner un dossier contenant les demandes des     manifestatnts aux dipl\u00f4mates tunisiens. Ces derniers ont refus\u00e9 de se     manifester et sont rest\u00e9s terr\u00e9s \u00e0 l\u2019int\u00e9rieur de l\u2019ambassade en train de     filmer les manifestants afin de\u2026. Rien d\u2019\u00e9trange\u00a0! les dictatures refusent     toujours le dialogue et n\u2019ont l\u2019audace de faire face \u00e0 leur adversaire que     baricad\u00e9es derri\u00e8res les services de s\u00e9curit\u00e9 et de renseignement. M. Larbi     Guesmi, pr\u00e9sident de Zeitouna, \u00e9tait contraint de glisser le dossier dans la     boite aux lettres de l\u2019ambassade. Finiront-ils par le lire\u00a0!!!<\/span><\/span><\/p>\n<p> <span> <span lang=\"FR\">    \u00a0<\/span><\/span><\/p>\n<p> <span> <span lang=\"FR\">    Voici le communiqu\u00e9 qui a \u00e9t\u00e9 lu et distribu\u00e9 lors du rassemblement\u00a0:<\/span><\/span><\/p>\n<p> <span> <span lang=\"FR\"> <font>\u00a0<\/font><\/span><\/span><\/p>\n<p> <span><b> <span lang=\"FR\">    Communiqu\u00e9<\/span><\/b><\/span><\/p>\n<p> <span> <span lang=\"FR\"> <font>\u00a0<\/font><\/span><\/span><\/p>\n<p> <span> <span lang=\"FR\"> <font>Le r\u00e9gime dictatorial tunisien continue \u00e0 fouler aux     pieds les Droits de l\u2019Homme sous l\u2019ouie et la vue de la communaut\u00e9     internationale\u00a0:<\/font><\/span><\/span><\/p>\n<p> <span> <span lang=\"FR\"> <font>\u00a0<\/font><\/span><\/span><\/p>\n<p> <font><span> <span lang=\"FR\">Les autorit\u00e9s     tunisiennes ont lanc\u00e9 en octobre une vigoureuse campagne contre les     habitudes vestimentaires des femmes. Les contr\u00f4les sont devenus s\u00e9v\u00e8res,     syst\u00e9matiques et violents. Des policiers sont all\u00e9s jusqu\u2019\u00e0 obliger des     femmes \u00e0 se d\u00e9voiler dans les lieux publics. Celles qui refusent sont <\/span> <b><span lang=\"FR\">d\u00e9voil\u00e9es par     la force et sont m\u00eame tra\u00een\u00e9es par les cheveux dans les rues, menac\u00e9es de     viol et oblig\u00e9es \u00e0 signer des engagements pour ne plus porter de voile.<\/span><\/b><\/span><\/font><\/p>\n<p> <span> <span lang=\"FR\"> <font>\u00a0<\/font><\/span><\/span><\/p>\n<p> <font><span> <span lang=\"FR\">Des     fonctionnaires sont emp\u00each\u00e9es d\u2019acc\u00e9der \u00e0 leurs lieux de travail, des     \u00e9tudiantes et des \u00e9l\u00e8ves sont emp\u00each\u00e9es de joindre leurs universit\u00e9s ou     leurs lyc\u00e9es et, pire encore, <\/span><b> <span lang=\"FR\">des femmes     enceintes ou malades sont priv\u00e9es de soins \u00e0<\/span><\/b><span lang=\"FR\"> <\/span><b><span lang=\"FR\">CAUSE     DE LEURS TENUES VESTIMENTAIRES\u00a0!!!!!<\/span><\/b><span lang=\"FR\"> <\/span><\/span><\/font><\/p>\n<p> <span> <span lang=\"FR\"> <font>\u00a0<\/font><\/span><\/span><\/p>\n<p> <span lang=\"FR\">Pour l\u00e9gitimer     ces violations, le r\u00e9gime tunisien a promulgu\u00e9 un d\u00e9cret qui proscrit le     port du voile islamique dans les lieux publics. Et en parall\u00e8le \u00e0 ses     violations incontest\u00e9es du libre choix des habitudes vestimentaires pour les     femmes et la s\u00e9gr\u00e9gation et l\u2019exclusion qui leurs sont impos\u00e9es \u00e0 cause de     ce choix, le r\u00e9gime a os\u00e9, cette ann\u00e9e, c\u00e9l\u00e9br\u00e9 le cinquanti\u00e8me anniversaire     du \u00ab\u00a0Code du statut personnel\u00a0\u00bb qui pr\u00e9tend accorder aux Tunisiennes les     droits les plus \u00e9tendus de tout le monde arabo-musulman\u00a0!!!<\/span><\/p>\n<p> <span> <span lang=\"FR\"> <font>\u00a0<\/font><\/span><\/span><\/p>\n<p> <span> <span lang=\"FR\"> <font>Pr\u00e9tentions mensong\u00e8res\u00a0: Preuves \u00e0 l\u2019appui, les     Droits de la femme en Tunisie sont bafou\u00e9s et viol\u00e9s comme nulle part     ailleurs et le discours du r\u00e9gime tunisien sur la lib\u00e9ration et la promotion     de la femme est ainsi ridiculis\u00e9.<\/font><\/span><\/span><\/p>\n<p> <span> <span lang=\"FR\"> <font>\u00a0<\/font><\/span><\/span><\/p>\n<p> <span lang=\"FR\">Nous, membres de     l\u2019Association Ez-Zeitouna (*), affichons haut et fort et sans r\u00e9serve notre     rejet de ces mani\u00e8res corrompues, violentes, arri\u00e9r\u00e9es et honteuses pour la     Tunisie et demandons\u00a0:<\/span><\/p>\n<p> <span lang=\"FR\">\u00a0<\/span><\/p>\n<ol type=\"1\">\n<li> <b><span lang=\"FR\">Vu que la       Tunisie est membre du Conseil des Droits de l\u2019Homme \u00e0 l\u2019ONU, nous       demandons \u00e0 cet organisme d\u2019assumer ses responsabilit\u00e9s vis-\u00e0-vis des       femmes tunisiennes et d\u2019obliger le gouvernement tunisien \u00e0 respecter les       Droits de l\u2019Homme ou de l\u2019exclure du dit \u00ab\u00a0Conseil des Droits de l\u2019Homme\u00a0\u00bb<\/span><\/b> <\/li>\n<li> <b><span lang=\"FR\">De laisser       le libre choix \u00e0 la femme de d\u00e9cider de sa tenue vestimentaire.<\/span><\/b> <\/li>\n<li> <b><span lang=\"FR\">L\u2019arr\u00eat       imm\u00e9diat des interdictions et des exclusions impos\u00e9es \u00e0 la femme \u00e0 cause       de sa tenue vestimentaires et la permission \u00e0 toutes les femmes de       s\u2019enseigner, d\u2019enseigner,\u00a0 de travailler, de se\u00a0 soigner et de pratiquer       pleinement et librement tous leurs Droits fondamentaux.<\/span><\/b> <\/li>\n<li> <b><span lang=\"FR\">L\u2019arr\u00eat       imm\u00e9diat des tracasseries et des harc\u00e8lements contre les femmes.<\/span><\/b> <\/li>\n<li> <b><span lang=\"FR\">      L\u2019annihilation du d\u00e9cret 108 de 1981 qui a fait tant souffrir la femme       tunisienne.<\/span><\/b><\/li>\n<\/ol>\n<p> <span lang=\"FR\">\u00a0<\/span><\/p>\n<p> <span lang=\"FR\">Nous appelons     tous les intellectuels et militants et militantes des Droits de l&rsquo;Homme,     femmes et hommes \u00e0 se mobiliser pour soutenir la femme tunisienne dans son     \u00e9preuve et \u00e0 mettre la pression sur le r\u00e9gime tunisien afin qu\u2019il cesse ses     violations r\u00e9p\u00e9t\u00e9es des Droits de l\u2019Homme.<\/span><\/p>\n<p> <span lang=\"FR\">\u00a0<\/span><\/p>\n<p> <span lang=\"FR\">Nous, membres de     Ez-Zeitouna, qui sommes tous des victimes de la r\u00e9pression et qui \u00e9valuons     donc \u00e0 leurs justes valeurs la libert\u00e9, la dignit\u00e9, la s\u00e9curit\u00e9 et la     d\u00e9mocratie,\u00a0 remercions les autorit\u00e9s suisses de nous avoir permis de     manifester en toute libert\u00e9 et d\u2019exprimer notre rejet aux mani\u00e8res     polici\u00e8res barbares du r\u00e9gime tunisien \u00e0 l\u2019\u00e9gard des femmes tunisiennes. <b>    RESPECT et ADMIRATION \u00e0 ces autorit\u00e9s<\/b>.<\/span><\/p>\n<p> <span lang=\"FR\">\u00a0<\/span><\/p>\n<p><b> <span lang=\"FR\">    Vive la Tunisie LIBRE, DIGNE, D\u00c9MOCRATE ET IND\u00c9PENDANTE.<\/span><\/b><\/p>\n<p> <span> <span lang=\"FR\"> <font>\u00a0<\/font><\/span><\/span><\/p>\n<p> <span> <span lang=\"FR\"> <font>\u00a0<\/font><\/span><\/span><\/p>\n<p><b> <span lang=\"FR\">Pr\u00e9sident de     l\u2019association<\/span><\/b><\/p>\n<p><b> <span lang=\"FR\">    Larbi Guesmi<\/span><\/b><\/p>\n<p><b> <span lang=\"FR\">\u00a0 <\/span><\/b><\/p>\n<hr\/>\n<p><b> <span lang=\"FR\">\u00a0<\/span><\/b><\/p>\n<p align=\"center\"> <b><span lang=\"DE-CH\"><font size=\"3\">    \u00dcber Hundert demonstrieren in Bern f\u00fcr Frauenrechte in Tunesien<\/font><\/span><\/b><\/p>\n<p><i> <span lang=\"FR\">ATS, le 11     novembre 2006 \u00e0 14h36<\/span><\/i><\/p>\n<p><b> <span lang=\"FR\">\u00a0<\/span><\/b><\/p>\n<p><b> <span lang=\"DE-CH\">BERN &#8211;<\/span><\/b><span lang=\"DE-CH\">     Rund 140 Personen haben sich nach Polizeiangaben in Bern vor der tunesischen     Botschaft versammelt. Sie protestierten gegen die Verletzung der Rechte der     Frauen in Tunesien, denen es verboten worden war, den Schleier zu tragen.<\/span><\/p>\n<p> <span lang=\"DE-CH\">\u00a0<\/span><\/p>\n<p> <span lang=\"DE-CH\">Die     Organisatoren sprachen von rund 300 Teilnehmerinnen und Teilnehmern der     Kundgebung. \u00ab\u00a0Wir fordern, dass Tunesierinnen frei in ihrer Kleiderwahl sind     und selbst entscheiden k\u00f6nnen, ob sie Jeans und Oberteile mit Decollet\u00e9 oder     den Schleier tragen m\u00f6chten\u00a0\u00bb, sagte Larbi Guesmi, Pr\u00e4sident der Organisation     Ez-Zeitouna.<\/span><\/p>\n<p> <span lang=\"DE-CH\">\u00a0<\/span><\/p>\n<p> <span lang=\"DE-CH\">Die Schweizer     Nichtregierungsorganisation (NGO) hatte die Aktion veranstaltet. \u00ab\u00a0Niemand     sollte Frauen dazu zwingen, sich so oder anders zu kleiden\u00a0\u00bb, sagte er der     Nachrichtenagentur SDA weiter.<\/span><\/p>\n<p> <span lang=\"DE-CH\">\u00a0<\/span><\/p>\n<p> <span lang=\"DE-CH\">Gem\u00e4ss     Ez-Zeitouna haben die Beh\u00f6rden in Tunesien im Oktober eine \u00ab\u00a0rigorose     Kampagne gegen die weibliche Bekleidung gestartet\u00a0\u00bb. Die Polizei sei so weit     gegangen, Frauen zu zwingen, ihren Schleier abzulegen &#8211; notfalls auch mit     Gewalt. Verschleierte Frauen seien daran gehindert worden, zur Arbeit zu     gehen.<\/span><\/p>\n<p> <span lang=\"DE-CH\">\u00a0<\/span><\/p>\n<p> <span lang=\"DE-CH\">Die     Demonstranten versuchten laut Guesmi, ihre Forderungen den tunesischen     Diplomaten in Bern zu \u00fcbergeben, die sich aber geweigert h\u00e4tten, sie     entgegenzunehmen. Die NGO Ez-Zeitouna k\u00e4mpft in der Schweiz f\u00fcr     Meinungsfreiheit.<\/span><\/p>\n<p> <span lang=\"DE-CH\">\u00a0<\/span><\/p>\n<p><b> <span lang=\"FR\">    (Source: le site Swissinfo d\u2019apr\u00e8s une d\u00e9p\u00eache de l\u2019ATS du 11 novembre 2006)<\/span><\/b><\/p>\n<p><b> <span lang=\"DE-CH\">    Lien:<\/span><span lang=\"DE-CH\"> <a href=\"http:\/\/www.swissinfo.org\/fre\/swissinfo.html?siteSect=881&amp;sid=7248006\" target=\"_blank\" rel=\"noopener\">    http:\/\/www.swissinfo.org\/fre\/swissinfo.html?siteSect=881&amp;sid=7248006<\/a><\/span><\/b><\/p>\n<\/div>\n<div>\n<hr\/><\/div>\n<div>\n<table align=\"center\" border=\"0\" cellpadding=\"0\" cellspacing=\"0\" width=\"720\">\n<tr>\n<td valign=\"top\" width=\"219\">\n<p align=\"center\"> <font><b> <span>Citoyennes des Deux         Rives<\/span><\/b><\/font><\/p>\n<p align=\"center\"> <span>\u00a0<\/span><\/p>\n<\/td>\n<td valign=\"top\" width=\"249\">\n<p align=\"center\"> <span lang=\"FR\"> <strong><font>Comit\u00e9 pour le Respect des<\/font><\/strong><\/span><\/p>\n<p align=\"center\"> <span lang=\"FR\"> <strong><font>Libert\u00e9s et des Droits de<\/font><\/strong><\/span><\/p>\n<p align=\"center\"> <span> <strong><font>l&rsquo;Homme en Tunisie<\/font><\/strong><\/span><\/p>\n<p align=\"center\"> <span>\u00a0<\/span><\/p>\n<\/td>\n<td valign=\"top\" width=\"252\">\n<p align=\"center\"> <span lang=\"FR\"> <strong><font>F\u00e9d\u00e9ration des Tunisiens<\/font><\/strong><\/span><\/p>\n<p align=\"center\"> <span lang=\"FR\"> <strong><font>pour une Citoyennet\u00e9<\/font><\/strong><\/span><\/p>\n<p align=\"center\"> <span> <strong><font>des Deux Rives<\/font><\/strong><\/span><\/p>\n<p align=\"center\"> <span>\u00a0<\/span><\/p>\n<p align=\"center\"> <span>\u00a0<\/span><\/p>\n<\/td>\n<\/tr>\n<\/table>\n<p align=\"center\"> <b><span>CDR\u00a0\u00a0 \u00a0<\/span><span>CRLDHT\u00a0     \u00a0FTCR<\/span><\/b><\/p>\n<p align=\"center\"> <span>Organisent<\/span><\/p>\n<p align=\"center\"> <span>\u00a0<\/span><\/p>\n<p align=\"center\"> <span lang=\"FR\">A     l&rsquo;occasion du Cinquanti\u00e8me anniversaire du Code tunisien du Statut Personnel     tunisien<\/span><\/p>\n<p align=\"center\"> <span lang=\"FR\">    \u00a0<\/span><\/p>\n<p align=\"center\"> <font size=\"3\"><b><i><span lang=\"FR\">    Actualit\u00e9 des droits et des luttes des femmes<\/span><\/i><\/b><\/font><\/p>\n<p align=\"center\"> <i> <span lang=\"FR\">    Pour l\u2019\u00e9limination sans r\u00e9serves de toutes les formes de discrimination \u00e0     l\u2019\u00e9gard des femmes<\/span><\/i><\/p>\n<p align=\"center\"> <span lang=\"FR\">    \u00a0<\/span><\/p>\n<p align=\"center\"> <b> <span lang=\"FR\">    Samedi 18 novembre 2006<\/span><\/b><\/p>\n<p align=\"center\"> <b> <span lang=\"FR\">    Lieu\u00a0: 21 ter rue Voltaire 75011 Paris \u2013 M\u00e9tro rue des Boulets<\/span><\/b><\/p>\n<p align=\"center\"> <span lang=\"FR\">    \u00a0<\/span><\/p>\n<p align=\"center\"> <span lang=\"FR\">    \u00a0<\/span><\/p>\n<p align=\"center\"> <b> <span lang=\"FR\">    9h \u2013 12h Ouverture<\/span><\/b><\/p>\n<p align=\"center\"> <span lang=\"FR\">    \u00a0<\/span><\/p>\n<p align=\"center\"> <span lang=\"FR\">    Premier axe : Droits des femmes et luttes pour la d\u00e9mocratie (Un mod\u00e8le     tunisien?) Ouverture Kamel Jendoubi pr\u00e9sident du R\u00e9seau<\/span><\/p>\n<p align=\"center\"> <span lang=\"FR\">    Euro M\u00e9diterran\u00e9en des Droits de l\u2019Homme<\/span><\/p>\n<p align=\"center\"> <span lang=\"FR\">    \u00a0<\/span><\/p>\n<p align=\"center\"> <b> <span lang=\"FR\">    13h30<\/span><\/b><\/p>\n<p align=\"center\"> <span lang=\"FR\">    Second axe : Droits des femmes et discriminations (Quand les<\/span><\/p>\n<p align=\"center\"> <span lang=\"FR\">    discriminations raciales et les in\u00e9galit\u00e9s sociales conjuguent leurs<\/span><\/p>\n<p align=\"center\"> <span lang=\"FR\">    effets) Ouverture Khedija Bourcart, adjointe au Maire de Paris<\/span><\/p>\n<p align=\"center\"> <b> <span lang=\"FR\">    16h<\/span><\/b><\/p>\n<p align=\"center\"> <span lang=\"FR\">    \u00a0<\/span><\/p>\n<p align=\"center\"> <span lang=\"FR\">    Projection de courts-m\u00e9trages, synth\u00e8se et cl\u00f4ture \/ Pot de l&rsquo;amiti\u00e9<\/span><\/p>\n<p align=\"center\"> <span lang=\"FR\">    Un troisi\u00e8me axe fera l&rsquo;objet d&rsquo;une manifestation autour du 8 mars 2007 :<\/span><\/p>\n<p align=\"center\"> <span lang=\"FR\">    Droits des femmes et luttes de lib\u00e9ration nationale<\/span><\/p>\n<p align=\"center\"> <span lang=\"FR\">    \u00a0<\/span><\/p>\n<p align=\"center\"> <b> <span lang=\"FR\">    Avec la participation de :<\/span><\/b><\/p>\n<p align=\"center\"> <b> <span lang=\"FR\">    Sayda Akremi (AISPP), Sophie Bessis (Historienne), A\u00efcha Ben Abdelmoula<\/span><\/b><\/p>\n<p align=\"center\"> <b> <span lang=\"FR\">    (F\u00e9ministe alg\u00e9rienne), Khedija Cherif (ATFD), Monique Crinon (C\u00e9d\u00e9tim),     Azza<\/span><\/b><\/p>\n<p align=\"center\"> <b> <span lang=\"FR\">    Ghanmi (F\u00e9ministe tunisienne), Raoudha Gharbi (LTDH), Sa\u00efda Khada (FFEME),<\/span><\/b><\/p>\n<p align=\"center\"> <b> <span lang=\"FR\">    Rabia Nciri (ADFM)&#8230;<\/span><\/b><\/p>\n<p align=\"center\"> <span lang=\"FR\">    \u00a0<\/span><\/p>\n<p align=\"center\"> <b> <span lang=\"FR\">    Association des Tunisiens en France (ATF), Association Tunisienne des Femmes<\/span><\/b><\/p>\n<p align=\"center\"> <b> <span lang=\"FR\">    D\u00e9mocrates (ATFD), Association des Travailleurs Maghr\u00e9bins de France (ATMF),<\/span><\/b><\/p>\n<p align=\"center\"> <b> <span lang=\"FR\">    CEDETIM, Femmes Fran\u00e7aises Musulmanes et Engag\u00e9es (FFEME), Ligue Tunisienne     des Droits de l&rsquo;Homme (LTDH)&#8230;<\/span><\/b><\/p>\n<p> <span lang=\"FR\">\u00a0<\/span><\/p>\n<\/div>\n<div>    \u00a0<\/div>\n<div>\n<hr\/><\/div>\n<p> <\/font><\/div>\n<p align=\"center\"><b><span lang=\"FR\"><font size=\"3\">ZERO FAIT LE POINT<\/font><\/span><\/b><\/p>\n<p><b><span lang=\"FR\">par Abdullah Mortachi<\/span><\/b><\/p>\n<p><span lang=\"FR\">\u00a0<\/span><\/p>\n<p><span lang=\"FR\">Leila \u00e9tait ravie du discours de son pr\u00e9sident tunisien de mari, Zine Ben Ali&#8230;<\/span><\/p>\n<p><span lang=\"FR\">\u00a0<\/span><\/p>\n<p><span lang=\"FR\"><strong>Bakchich<\/strong>: Alors Leila, contente du discours de ton mari ?<\/span><\/p>\n<p><span lang=\"FR\">\u00a0<\/span><\/p>\n<p><span lang=\"FR\"><strong>Leila Ben Ali :<\/strong> Et comment ? Ouf ! Je suis momentan\u00e9ment rassur\u00e9e. Mes Saints anc\u00eatres ont exauc\u00e9 mes v\u0153ux et ceux de ma famille. Nos pri\u00e8res n\u2019ont pas \u00e9t\u00e9 vaines&#8230;<\/span><\/p>\n<p><span lang=\"FR\">\u00a0<\/span><\/p>\n<p><span lang=\"FR\"><strong>Bakchich<\/strong> :Comment \u00e7a ? Tout le monde avait pourtant trouv\u00e9 ce discours creux, insipide, fade et sans consistance&#8230;<\/span><\/p>\n<p><span lang=\"FR\">\u00a0<\/span><\/p>\n<p><span lang=\"FR\"><strong>Leila Ben Ali<\/strong> : D\u00e9trompe-toi. C\u2019\u00e9tait g\u00e9nial comme discours d\u2019autant plus qu\u2019il a \u00e9t\u00e9 r\u00e9dig\u00e9 devant moi, gr\u00e2ce au concours de commis de l\u2019Etat \u00e0 ma solde et qui me sont enti\u00e8rement acquis. Tu remarqueras qu\u2019aucune r\u00e9forme constitutionnelle n\u2019a \u00e9t\u00e9 annonc\u00e9e. Le ministre de la D\u00e9fense, Kamel Morj\u00e8ne, ce nouveau parvenu de la vile natale de mon ami, qui se voyait d\u00e9j\u00e0 vice-pr\u00e9sident et h\u00e9ritier de ma R\u00e9publique monarchique, en a eu pour ses frais. Quand je dis non, c\u2019est non&#8230;J\u2019ai dit \u00e0 Zinou d\u00e8s le d\u00e9part qu\u2019il devait nommer Abdelwaheb Abdallah (actuel ministre des Affaires \u00e9trang\u00e8res) en tant que vice-pr\u00e9sident, faute de quoi je le quitterais et je balancerais tout ce que je sais sur lui depuis des ann\u00e9es.<\/span><\/p>\n<p><span lang=\"FR\">\u00a0<\/span><\/p>\n<p><span lang=\"FR\"><strong>Bakchich<\/strong>: Et que sais-tu sur lui ?<\/span><\/p>\n<p><span lang=\"FR\">\u00a0<\/span><\/p>\n<p><span lang=\"FR\"><strong>Leila Ben Ali<\/strong> : On n\u2019en est pas encore l\u00e0. Le moment venu, je te le dirai.<\/span><\/p>\n<p><span lang=\"FR\">\u00a0<\/span><\/p>\n<p><span lang=\"FR\"><strong>Bakchich<\/strong>: Mais ce n\u2019est pas une vie de couple, \u00e7a. C\u2019est infernal.<\/span><\/p>\n<p><span lang=\"FR\">\u00a0<\/span><\/p>\n<p><span lang=\"FR\"><strong>Leila Ben Ali<\/strong> : De quel couple parles-tu ? Mais tu r\u00eaves. Ma famille, mes enfants, nos int\u00e9r\u00eats avant tout. Si je laisse faire les haineux aupr\u00e8s de mon mari et des autres gauchistes jaloux, le peuple nous lapidera dans quelque temps. Notre nom des Trabelsi dispara\u00eetrait et sera \u00e0 jamais effac\u00e9 de la carte.<\/span><\/p>\n<p><span lang=\"FR\"><strong>\u00a0<\/strong><\/span><\/p>\n<p><span lang=\"FR\"><strong>Bakchich<\/strong> : Mais pourquoi tu n\u2019irais pas te r\u00e9fugier chez les Kadhafi, \u00e0 Tripoli ? Apr\u00e8s tout, ce sont l\u00e0 tes origines, en Libye. Trabelsi veut bien dire Tripolitain.<\/span><\/p>\n<p><span lang=\"FR\">\u00a0<\/span><\/p>\n<p><span lang=\"FR\"><strong>Leila Ben Ali<\/strong> : Non, nous sommes Tunisiens, de Tunis m\u00eame et de Sidi Bou Said. Ce dernier est notre anc\u00eatre&#8230; <\/span><\/p>\n<p>\u00a0<\/p>\n<p><span lang=\"FR\"><strong>Bakchich :<\/strong> Je n\u2019y crois pas beaucoup, mais puisque cette version semble t\u2019arranger, faisons avec. Pour ma part, je crois que tu as beaucoup de chance, car les ministres tunisiens de l\u2019Int\u00e9rieur sont mous et laxistes. Si nous avions un homme de la stature de Sarkozy, par exemple, tu aurais \u00e9t\u00e9 dans un charter avec ton clan \u00e0 destination de la Libye&#8230;<\/span><\/p>\n<p><span lang=\"FR\">\u00a0<\/span><\/p>\n<p><span lang=\"FR\"><strong>Leila Ben Ali<\/strong> : Je vois que tu aussi ressembles aux haineux. Et moi qui te croyais mon ami !!! Tes insinuations, tu les paieras, tu ne perds rien pour attendre.<\/span><\/p>\n<p><span lang=\"FR\">\u00a0<\/span><\/p>\n<p><span lang=\"FR\"><strong>Bakchich<\/strong> : je dois y aller Le\u00efla, on en rediscutera&#8230; <\/span><\/p>\n<p>\u00a0<\/p>\n<p><span lang=\"FR\"><strong>Leila Ben Ali<\/strong> : Oui, c\u2019est \u00e7a , va voir tes amis de L\u2019Audace et de la FIDH : eux aussi me paieront tout \u00e7a quand je serai seule \u00e0 bord.<\/span><\/p>\n<p><span lang=\"FR\">\u00a0<\/span><\/p>\n<p><b><span lang=\"FR\">(Source\u00a0: Bakchich, le 10 novembre 2006)<\/span><\/b><\/p>\n<p><strong>Lien\u00a0: <\/strong><a href=\"http:\/\/www.bakchich.info\/article470.html\" target=\"_blank\" rel=\"noopener\"><strong>http:\/\/www.bakchich.info\/article470.html<\/strong><\/a><strong> <\/strong><\/p>\n<p>\u00a0<\/p>\n<div align=\"left\" dir=\"ltr\">\n<hr\/>\n<\/div>\n<div align=\"left\" dir=\"ltr\">\n<p align=\"center\"> <b><span lang=\"FR\"><font size=\"3\">  Tunisie: appel de parlementaires au pr\u00e9sident Ben Ali pour qu&rsquo;il se repr\u00e9sente   \u00e0 l&rsquo;\u00e9lection de 2009<\/font><\/span><\/b><\/p>\n<p><i> <span lang=\"FR\">Associated Press,   le 11 novembre 2006 \u00e0 15h49<\/span><\/i><\/p>\n<p> <span lang=\"FR\">\u00a0<\/span><\/p>\n<p> <span lang=\"FR\">TUNIS (AP) &#8212; Des   parlementaires tunisiens ont appel\u00e9 l&rsquo;actuel pr\u00e9sident Zine El Abidine Ben Ali   \u00e0 renouveler sa candidature aux \u00e9lections pr\u00e9vues en 2009 pour briguer un   cinqui\u00e8me mandat de cinq ans, a-t-on appris samedi de source officielle.<\/span><\/p>\n<p> <span lang=\"FR\">\u00a0<\/span><\/p>\n<p> <span lang=\"FR\">Le ministre d&rsquo;Etat   Abdelaziz Ben Dhia, porte-parole officiel de la pr\u00e9sidence de la R\u00e9publique, a   fait \u00e9tat de communiqu\u00e9s publi\u00e9s dans ce sens par la Chambre des d\u00e9put\u00e9s et la   Chambre des conseillers (S\u00e9nat).<\/span><\/p>\n<p> <span lang=\"FR\">\u00a0<\/span><\/p>\n<p> <span lang=\"FR\">Tout en appuyant   cette proposition, \u00ab\u00a0t\u00e9moignage de reconnaissance pour les acquis enregistr\u00e9s   en Tunisie gr\u00e2ce \u00e0 sa politique judicieuse et \u00e9clair\u00e9e\u00a0\u00bb, M. Ben Dhia, un   proche collaborateur du chef de l&rsquo;Etat, a d\u00e9clar\u00e9 que \u00ab\u00a0la d\u00e9cision d\u00e9finitive   rel\u00e8ve cependant des seules pr\u00e9rogatives du pr\u00e9sident de la R\u00e9publique\u00a0\u00bb.<\/span><\/p>\n<p> <span lang=\"FR\">\u00a0<\/span><\/p>\n<p> <span lang=\"FR\">Selon la premi\u00e8re   commission du S\u00e9nat, un nouveau mandat devrait permettre \u00e0 l&rsquo;actuel pr\u00e9sident   de \u00ab\u00a0poursuivre la conduite de la Tunisie vers davantage de progr\u00e8s et   d&rsquo;invuln\u00e9rabilit\u00e9\u00a0\u00bb.<\/span><\/p>\n<p> <span lang=\"FR\">\u00a0<\/span><\/p>\n<p> <span lang=\"FR\">M. Ben Ali avait   acc\u00e9d\u00e9 au pouvoir en 1987. Il avait d\u00e9mis l&rsquo;ancien pr\u00e9sident Habib Bourguiba   (84 ans) dont il \u00e9tait le Premier ministre pour \u00ab\u00a0s\u00e9nilit\u00e9\u00a0\u00bb sur la foi d&rsquo;une   attestation sign\u00e9e par six m\u00e9decins jugeant \u00ab\u00a0le p\u00e8re de l&rsquo;ind\u00e9pendance\u00a0\u00bb dans   l&rsquo;incapacit\u00e9 de continuer d&rsquo;assumer les charges de l&rsquo;Etat.<\/span><\/p>\n<p> <span lang=\"FR\">\u00a0<\/span><\/p>\n<p> <span lang=\"FR\">Apr\u00e8s avoir aboli   la r\u00e9sidence \u00e0 vie institu\u00e9e par son pr\u00e9d\u00e9cesseur, il modifia de nouveau la   Constitution par voie r\u00e9f\u00e9rendaire en 2002 pour supprimer la limitation du   nombre de mandat pr\u00e9sidentiel fix\u00e9s \u00e0 trois dans un premier temps.<\/span><\/p>\n<p> <span lang=\"FR\">\u00a0<\/span><\/p>\n<p> <span lang=\"FR\">Le nouvel   amendement a repouss\u00e9 en m\u00eame temps l&rsquo;\u00e2ge limite pour un candidat \u00e0 la   pr\u00e9sidence de 70 \u00e0 75 ans. M. Ben Ali qui aura 73 ans en 2009, avait \u00e9t\u00e9 \u00e9lu   lors de ses quatre mandats avec plus de 99% des voix, sauf en 2004 o\u00f9 le   scrutin lui a donn\u00e9 plus de 94% des suffrages.<\/span><\/p>\n<p> <span lang=\"FR\">\u00a0<\/span><\/p>\n<p> <span lang=\"FR\">Lors des deux   premi\u00e8res \u00e9lections (1989 et 1994), il \u00e9tait candidat unique du parti au   pouvoir, le Rassemblement constitutionnel d\u00e9mocratique (RCD), avant   d&rsquo;instituer le pluralisme des candidatures pr\u00e9sidentielles qui ont permis \u00e0   des dirigeants de l&rsquo;opposition de briguer la magistrature supr\u00eame lors des   scrutins de 1999 et 2004. <\/span><\/p>\n<p> <span lang=\"FR\">\u00a0<\/span><\/p>\n<p><b> <span lang=\"FR\">Associated Press  <\/span><\/b><\/p>\n<hr\/>\n<p> <span lang=\"FR\">\u00a0<\/span><\/p>\n<p> <span lang=\"FR\">\u00a0<\/span><\/p>\n<p align=\"center\"> <font size=\"3\"><b><span lang=\"FR\">Le   pr\u00e9sident Ben Ali appel\u00e9 \u00e0 briguer un nouveau mandat<\/span><\/b><\/font><\/p>\n<p> <span lang=\"FR\">\u00a0<\/span><\/p>\n<p><i> <span lang=\"FR\">AFP, le 10   novembre 2006<\/span><\/i><\/p>\n<p> <span lang=\"FR\">\u00a0<\/span><\/p>\n<p> <span lang=\"FR\">TUNIS &#8211; La Chambre   tunisienne des Conseillers (S\u00e9nat) a demand\u00e9 au chef de l&rsquo;Etat Zine El Abidine   Ben Ali de briguer un cinqui\u00e8me mandat \u00e0 la pr\u00e9sidence, a indiqu\u00e9 vendredi   l&rsquo;agence officielle tunisienne Tap.<\/span><\/p>\n<p> <span lang=\"FR\">\u00a0<\/span><\/p>\n<p> <span lang=\"FR\">Cette demande   \u00e9tait formul\u00e9e lors d&rsquo;une r\u00e9union de la premi\u00e8re commission de la Chambre, qui   rendait hommage \u00e0 M. Ben Ali \u00e0 l&rsquo;occasion du 19\u00e8me anniversaire de son arriv\u00e9e   au pouvoir, c\u00e9l\u00e9br\u00e9 le 7 novembre.<\/span><\/p>\n<p> <span lang=\"FR\">\u00a0<\/span><\/p>\n<p> <span lang=\"FR\">La commission a   \u00ab\u00a0exhort\u00e9 le pr\u00e9sident Zine El Abidine Ben Ali \u00e0 renouveler sa candidature pour   les \u00e9lections pr\u00e9sidentielles de 2009 afin de poursuivre la conduite de la   Tunisie vers davantage de progr\u00e8s\u00a0\u00bb, a indiqu\u00e9 la Tap.<\/span><\/p>\n<p> <span lang=\"FR\">\u00a0<\/span><\/p>\n<p> <span lang=\"FR\">Zine El Abidine   Ben Ali, 70 ans, dirige la Tunisie depuis le 7 novembre 1987, date \u00e0 laquelle   il a succ\u00e9d\u00e9 au pr\u00e9sident d\u00e9funt, Habib Bourguiba, \u00e9cart\u00e9 pour \u00ab\u00a0s\u00e9nilit\u00e9\u00a0\u00bb.<\/span><\/p>\n<p> <span lang=\"FR\">\u00a0<\/span><\/p>\n<p> <span lang=\"FR\">En octobre 2004,   il a \u00e9t\u00e9 reconduit pour un quatri\u00e8me mandat de cinq ans, rendu possible par un   r\u00e9f\u00e9rendum portant amendement de la Constitution, qui autorise un cinqui\u00e8me   mandat successif.<\/span><\/p>\n<p> <span lang=\"FR\">\u00a0<\/span><\/p>\n<p> <span lang=\"FR\">Cette r\u00e9forme   avait aussi institu\u00e9 pour la premi\u00e8re fois une Chambre de Conseillers de 126   membres appartenant majoritairement au Rassemblement constitutionnel   d\u00e9mocratique (RCD, au pouvoir).<\/span><\/p>\n<p> <span lang=\"FR\">\u00a0<\/span><\/p>\n<p> <span lang=\"FR\">La premi\u00e8re   commission de cette Chambre s&rsquo;est prononc\u00e9e pour une nouvelle candidature de   M. Ben Ali apr\u00e8s avoir proc\u00e9d\u00e9 \u00e0 l&rsquo;audition de M. Abdelaziz Ben Dhia, ministre   d&rsquo;Etat, conseiller sp\u00e9cial aupr\u00e8s du pr\u00e9sident de la r\u00e9publique et   porte-parole officiel de la pr\u00e9sidence, a ajout\u00e9 la Tap.<\/span><\/p>\n<p> <span lang=\"FR\">\u00a0<\/span><\/p>\n<p><b> <span lang=\"FR\">AFP <\/span><\/b><\/p>\n<hr\/>\n<p><b> <span dir=\"rtl\" lang=\"AR-SA\">\u00a0<\/span><\/b><\/p>\n<p align=\"center\"> <b> <span lang=\"FR-CH\">  Analyse de la port\u00e9e du discours du Pr\u00e9sident Ben Ali, dans un meeting \u00e0 La   Manouba<\/span><\/b><\/p>\n<p align=\"center\"> <b> <span lang=\"FR-CH\">Le   projet pr\u00e9sidentiel au c\u0153ur des attentes et des aspirations des Tunisiens<\/span><\/b><\/p>\n<p align=\"center\"> <span lang=\"FR-CH\">\u00a0<\/span><\/p>\n<p><b> <span lang=\"FR-CH\">\u2022   Des militants constitutionnels d\u00e9mocrates appellent le RCD \u00e0 d\u00e9signer le   Pr\u00e9sident Ben Ali comme candidat \u00e0 l\u2019\u00e9lection pr\u00e9sidentielle de 2009<\/span><\/b><\/p>\n<p> <span lang=\"FR-CH\">\u00a0<\/span><\/p>\n<p> <span lang=\"FR-CH\">M. Abdelaziz   Ben Dhia, membre du Bureau politique du Rassemblement Constitutionnel   D\u00e9mocratique et ministre d\u2019Etat conseiller sp\u00e9cial aupr\u00e8s du Pr\u00e9sident de la   R\u00e9publique, porte-parole officiel de la Pr\u00e9sidence de la R\u00e9publique, a analys\u00e9   au cours d\u2019un meeting, tenu hier \u00e0 La Manouba, en pr\u00e9sence d\u2019un grand nombre   de militants et de cadres de la r\u00e9gion, les enseignements du discours prononc\u00e9   par le Pr\u00e9sident Zine El Abidine Ben Ali \u00e0 l\u2019occasion du 19e anniversaire du   Changement du 7-Novembre.<\/span><\/p>\n<p> <span lang=\"FR-CH\">\u00a0<\/span><\/p>\n<p> <span lang=\"FR-CH\">Le ministre   d\u2019Etat a soulign\u00e9, dans son allocution, que le discours du Chef de l\u2019Etat a   \u00e9t\u00e9 exhaustif et global et a \u00e9voqu\u00e9 toutes les questions et tous les secteurs   qui sont au c\u0153ur des attentes et aspirations des Tunisiens dans les domaines   politique, \u00e9conomique, social et culturel et dans le secteur de l\u2019information.   Il a relev\u00e9 l\u2019\u00e9cho favorable de ce discours aupr\u00e8s des Tunisiens qui ont   adh\u00e9r\u00e9 spontan\u00e9ment \u00e0 son contenu.<\/span><\/p>\n<p> <span lang=\"FR-CH\">\u00a0<\/span><\/p>\n<p> <span lang=\"FR-CH\">M. Ben Dhia a   \u00e9voqu\u00e9 l\u2019\u00e9volution de qualit\u00e9 qu\u2019a connue le revenu des Tunisiens et   l\u2019am\u00e9lioration de leur pouvoir d\u2019achat \u00e0 la faveur de la promotion et de la   mobilisation efficiente des ressources humaines qui constituent la premi\u00e8re   richesse de la Tunisie.<\/span><\/p>\n<p> <span lang=\"FR-CH\">\u00a0<\/span><\/p>\n<p> <span lang=\"FR-CH\">Il a relev\u00e9 la   pertinence de la vision de la direction politique lors de l\u2019\u00e9laboration des   choix nationaux, ce qui a incit\u00e9 les instances internationales sp\u00e9cialis\u00e9es \u00e0   rendre, en maintes circonstances, des hommages appuy\u00e9s \u00e0 l\u2019\u00e9gard de la Tunisie   pour sa gestion, saine et efficace, des finances publiques. Il a indiqu\u00e9 dans   ce contexte que la Tunisie occupe la 3e place sur 125 Etats en termes de   gestion de ses finances publiques, au service de l\u2019am\u00e9lioration des conditions   de vie de ses citoyens et de l\u2019am\u00e9lioration de sa comp\u00e9titivit\u00e9 \u00e9conomique.<\/span><\/p>\n<p> <span lang=\"FR-CH\">\u00a0<\/span><\/p>\n<p> <span lang=\"FR-CH\">Il a insist\u00e9,   dans ce contexte, sur la n\u00e9cessit\u00e9 d\u2019\u0153uvrer davantage et de faire preuve   d\u2019abn\u00e9gation pour relever les d\u00e9fis et gagner les paris de la mondialisation,   appelant \u00e0 redoubler d\u2019effort pour am\u00e9liorer davantage l\u2019environnement de   l\u2019investissement, int\u00e9rieur et \u00e9tranger, qui constitue l\u2019une des principales   garanties de l\u2019\u00e9volution du pays.<\/span><\/p>\n<p> <span lang=\"FR-CH\">\u00a0<\/span><\/p>\n<p> <span lang=\"FR-CH\">Le ministre   d\u2019Etat a soulign\u00e9 la place consid\u00e9rable qu\u2019occupe la soci\u00e9t\u00e9 civile et son   r\u00f4le dans l\u2019appui de l\u2019effort de l\u2019Etat dans tous les domaines et dans la   concr\u00e9tisation des orientations et des choix d\u00e9finis pour la Tunisie   d\u2019aujourd\u2019hui et la Tunisie de demain.<\/span><\/p>\n<p> <span lang=\"FR-CH\">\u00a0<\/span><\/p>\n<p> <span lang=\"FR-CH\">Il a appel\u00e9 les   constitutionnels d\u00e9mocrates \u00e0 adh\u00e9rer massivement aux structures et   organisations de la soci\u00e9t\u00e9 civile, \u00e9tant donn\u00e9 que la force du Rassemblement   constitutionnel d\u00e9mocratique r\u00e9side dans la pr\u00e9sence de ses cadres et de ses   militants dans la soci\u00e9t\u00e9 civile et le tissu associatif.<\/span><\/p>\n<p> <span lang=\"FR-CH\">\u00a0<\/span><\/p>\n<p> <span lang=\"FR-CH\">Il a \u00e9voqu\u00e9, \u00e0   ce sujet, l\u2019appel lanc\u00e9 par le Pr\u00e9sident Zine El Abidine Ben Ali, dans son   discours du 7 novembre 2006, \u00e0 la participation des partis politiques, des   composantes de la soci\u00e9t\u00e9 civile et des diff\u00e9rentes sensibilit\u00e9s \u00e0 la   pr\u00e9paration d\u2019approches prospectives pour la Tunisie dans les diff\u00e9rents   domaines, relevant que cet appel, qui \u00e9mane du plus haut sommet de l\u2019Etat,   confirme l\u2019ouverture de la direction politique sur tous les courants de pens\u00e9e   et sa volont\u00e9 de les associer \u00e0 tout ce qui concerne l\u2019avenir du pays et de la   soci\u00e9t\u00e9.<\/span><\/p>\n<p> <span lang=\"FR-CH\">\u00a0\u00a0<\/span><\/p>\n<p><b> <span lang=\"FR-CH\">Une volont\u00e9   constante de renforcer les droits de l\u2019homme<\/span><\/b><\/p>\n<p> <span lang=\"FR-CH\">\u00a0<\/span><\/p>\n<p> <span lang=\"FR-CH\">\u00a0Un d\u00e9bat s\u2019est   ensuite instaur\u00e9, au cours duquel, les intervenants ont soulev\u00e9 un ensemble de   questions se rapportant notamment \u00e0 la corr\u00e9lation entre les dimensions   \u00e9conomique et sociale dans la politique de l\u2019\u00e8re nouvelle et au r\u00f4le de la   femme dans la dynamisation de la vie \u00e9conomique, sociale et politique.<\/span><\/p>\n<p> <span lang=\"FR-CH\">\u00a0<\/span><\/p>\n<p> <span lang=\"FR-CH\">Les   intervenants ont, \u00e9galement, \u00e9voqu\u00e9 la place qu\u2019occupent les droits de l\u2019homme   en Tunisie, ainsi que le choix d\u00e9mocratique et pluraliste adopt\u00e9 par la   Tunisie du Changement pour renforcer la vie politique dans le pays.<\/span><\/p>\n<p> <span lang=\"FR-CH\">\u00a0<\/span><\/p>\n<p> <span lang=\"FR-CH\">Plusieurs   intervenants ont, par ailleurs, \u00e9voqu\u00e9 le discours v\u00e9hicul\u00e9 par certaines   cha\u00eenes satellitaires et visant \u00e0 semer la zizanie et la discorde dans le   monde islamique et \u00e0 diffuser des id\u00e9es extr\u00e9mistes et infond\u00e9es,   particuli\u00e8rement en ce qui concerne les tenues vestimentaires d\u2019inspiration   sectaire.<\/span><\/p>\n<p> <span lang=\"FR-CH\">\u00a0<\/span><\/p>\n<p><b> <span lang=\"FR-CH\">  L\u2019un des intervenants a appel\u00e9 le RCD \u00e0 d\u00e9signer le Pr\u00e9sident Zine El Abidine   Ben Ali comme candidat \u00e0 l\u2019\u00e9lection pr\u00e9sidentielle de 2009, en t\u00e9moignage de   reconnaissance pour les acquis enregistr\u00e9s en Tunisie, gr\u00e2ce \u00e0 sa politique   judicieuse et \u00e9clair\u00e9e.<\/span><\/b><\/p>\n<p><b> <span lang=\"FR-CH\">  \u00a0<\/span><\/b><\/p>\n<p><b> <span lang=\"FR-CH\">  En r\u00e9ponse \u00e0 cette proposition, M. Abdelaziz Ben Dhia a indiqu\u00e9 qu\u2019en tant que   Tunisien, b\u00e9n\u00e9ficiant des fruits de cette politique, il ne peut qu\u2019appuyer   cette proposition et en tant que militant du Rassemblement, il ne peut que   soutenir cet appel au Pr\u00e9sident Ben Ali \u00e0 briguer un nouveau mandat.<\/span><\/b><\/p>\n<p><b> <span lang=\"FR-CH\">  \u00a0<\/span><\/b><\/p>\n<p><b> <span lang=\"FR-CH\">  Il a rappel\u00e9, dans ce contexte, les communiqu\u00e9s publi\u00e9s, cette semaine, par la   Chambre des D\u00e9put\u00e9s et la Chambre des Conseillers qui toutes deux ont appel\u00e9   le Chef de l\u2019Etat \u00e0 se pr\u00e9senter \u00e0 l\u2019\u00e9lection de 2009, soulignant que la   d\u00e9cision d\u00e9finitive rel\u00e8ve des seules pr\u00e9rogatives du Pr\u00e9sident de la   R\u00e9publique.<\/span><\/b><\/p>\n<p><b> <span lang=\"FR-CH\">\u00a0<\/span><\/b><\/p>\n<p> <span lang=\"FR-CH\">Sur un autre   plan, M. Abdelaziz Ben Dhia a mis l\u2019accent, dans ses r\u00e9ponses, sur la   corr\u00e9lation \u00e9troite entre les dimensions \u00e9conomique et sociale dans la   politique de l\u2019\u00e8re nouvelle, ce qui a permis de conforter et d\u2019enrichir les   acquis dans tous les domaines et de consolider le climat de s\u00e9curit\u00e9 et de   paix sociale, permettant ainsi \u00e0 la collectivit\u00e9 nationale de se mettre   enti\u00e8rement au service des int\u00e9r\u00eats sup\u00e9rieurs de la nation.<\/span><\/p>\n<p> <span lang=\"FR-CH\">\u00a0<\/span><\/p>\n<p> <span lang=\"FR-CH\">Le ministre   d\u2019Etat a soulign\u00e9, par ailleurs, la place de choix qu\u2019occupe la femme   tunisienne dans la soci\u00e9t\u00e9, relevant l\u2019importance de son r\u00f4le dans la   formation des jeunes g\u00e9n\u00e9rations et de sa participation \u00e0 la vie politique,   \u00e9conomique et sociale.<\/span><\/p>\n<p> <span lang=\"FR-CH\">\u00a0<\/span><\/p>\n<p> <span lang=\"FR-CH\">Il a, d\u2019autre   part, r\u00e9affirm\u00e9 la volont\u00e9 constante du Pr\u00e9sident de la R\u00e9publique de   renforcer la culture des droits de l\u2019homme et de d\u00e9fendre ces droits, dans le   cadre de la Constitution et de la primaut\u00e9 de la loi, pr\u00e9cisant que l\u2019option   d\u00e9mocratique pluraliste est une orientation irr\u00e9versible \u00e0 la concr\u00e9tisation   de laquelle \u0153uvre toute la collectivit\u00e9 nationale et qui trouve sa meilleure   illustration dans le v\u00e9cu quotidien du citoyen tunisien.<\/span><\/p>\n<p> <span lang=\"FR-CH\">\u00a0<\/span><\/p>\n<p> <span lang=\"FR-CH\">Evoquant la   question de l\u2019habit sectaire, M. Ben Dhia a r\u00e9affirm\u00e9 la n\u00e9cessit\u00e9 de faire   face \u00e0 ce ph\u00e9nom\u00e8ne \u00e9tranger \u00e0 la soci\u00e9t\u00e9 tunisienne et \u00e0 l\u2019identit\u00e9   arabo-musulmane du pays, soulignant que cette tenue vestimentaire n\u2019a aucune   relation avec les principes authentiques de l\u2019Islam et qu\u2019il existe bien en   Tunisie un habit national traditionnel sp\u00e9cifique \u00e0 la femme.<\/span><\/p>\n<p><b> <span lang=\"FR-CH\">\u00a0<\/span><\/b><\/p>\n<p><b> <span lang=\"FR-CH\">  (Source\u00a0: La Presse du 11 novembre 2006) <\/span><\/b><\/p>\n<\/div>\n<p><strong><\/strong><\/p>\n<hr\/>\n<p align=\"center\"><b><span lang=\"FR-CH\">R\u00e9flexion sur le voile en Tunisie<\/span><\/b><\/p>\n<p align=\"center\"><b><span lang=\"FR-CH\">NE PAS FAIRE COMME BARBE BLEUE<\/span><\/b><\/p>\n<p><b><span lang=\"FR-CH\">Par Hella HABIB<\/span><\/b><\/p>\n<p><span lang=\"FR-CH\">\u00a0<\/span><\/p>\n<p><span lang=\"FR-CH\">Le voile repr\u00e9sente de nos jours en Tunisie, un ph\u00e9nom\u00e8ne de soci\u00e9t\u00e9 bien d\u00e9licat. Doit-on l\u2019ignorer, le d\u00e9nigrer ou de contrecarrer ? Il se pr\u00e9sente comme une mode, un courant socio-culturel \u00e0 la base, agr\u00e9ment\u00e9 de quelques fioritures religieuses. Celles qui le portent sont \u00e9tudiantes ou encore \u00e9l\u00e8ves, travaillent dans l\u2019administration ou dans une banque\u2026 elles sont int\u00e9gr\u00e9es dans la soci\u00e9t\u00e9 et g\u00e9n\u00e9ralement\u00a0\u00a0 tout \u00e0 fait adapt\u00e9es \u00e0 ses m\u0153urs et pratiques.<\/span><\/p>\n<p><span lang=\"FR-CH\">\u00a0<\/span><\/p>\n<p><span lang=\"FR-CH\">Approch\u00e9es de pr\u00e8s, il est rare que ces filles et femmes voil\u00e9es, pour la plupart \u00e9l\u00e9gantes et branch\u00e9es, poss\u00e8dent une culture religieuse plus que la moyenne acquise dans nos \u00e9tablissements scolaires et renflou\u00e9e par les magazines t\u00e9l\u00e9vis\u00e9s religieusement propagandistes. Des \u00e9missions qui repr\u00e9sentent pour elles une source d\u2019inspiration et de recyclage, un moyen de connaissance des pr\u00e9ceptes religieux acc\u00e9l\u00e9r\u00e9 et superficiel.<\/span><\/p>\n<p><span lang=\"FR-CH\">\u00a0<\/span><\/p>\n<p><span lang=\"FR-CH\">Les filles et les femmes tunisiennes voil\u00e9es donc, vivent ordinairement, revendiquent leur droit \u00e0 la vie et leur droit aux plaisirs religieusement corrects et m\u00eame parfois totalement prohib\u00e9s.<\/span><\/p>\n<p><span lang=\"FR-CH\">\u00a0<\/span><\/p>\n<p><span lang=\"FR-CH\">On les voit de plus en plus attabl\u00e9es en groupe mixte sur les terrasses des caf\u00e9s riant et fumant des cigarettes, on les a vues au cours des soir\u00e9es \u00abramadanesques\u00bb dansant dans des endroits publics, et on les a vues aussi allonger r\u00e9guli\u00e8rement les rangs des mosqu\u00e9es pour la pri\u00e8re des \u00abTaraouihs\u00bb.<\/span><\/p>\n<p><span lang=\"FR-CH\">\u00a0<\/span><\/p>\n<p><span lang=\"FR-CH\">Le voile repr\u00e9senterait donc plus une attache \u00e0 une assise religieuse et identitaire qui semblerait solide, une plus-value sociale pour celles qui en manquent, un atour vestimentaire pour lequel on est f\u00e9licit\u00e9. La religion repr\u00e9sente en effet, un pouvoir en soi, et octroie socialement, on le sait, une aura ind\u00e9niable.<\/span><\/p>\n<p><span lang=\"FR-CH\">\u00a0<\/span><\/p>\n<p><span lang=\"FR-CH\">Et en dehors de la d\u00e9ferlante religieuse et traumatisante que la Tunisie a subie il y a environ deux d\u00e9cades, et qui a dangereusement perturb\u00e9 les fondements m\u00eame de notre construction sociale, historique et culturelle, le voile repr\u00e9sente de nos jours, beaucoup plus un rep\u00e8re \u00e0 la recherche d\u2019une s\u00e9curisante authenticit\u00e9, une volont\u00e9 de crier une quelconque diff\u00e9rence et surtout une fin de non recevoir \u00e0 l\u2019arrogante supr\u00e9matie occidentale.<\/span><\/p>\n<p><span lang=\"FR-CH\">\u00a0<\/span><\/p>\n<p><span lang=\"FR-CH\">Le voile atteste aussi d\u2019un malaise psycho-social. Qu\u2019on le veuille ou non, la religion poss\u00e8de le pouvoir apaisant de colmater les br\u00e8ches occasionn\u00e9es par les d\u00e9ceptions amoureuses, les mariages rat\u00e9s, la perte d\u2019\u00eatres chers\u2026 et console des difficult\u00e9s de la vie. D\u2019o\u00f9 cette vague de port du voile g\u00e9n\u00e9ralis\u00e9e \u00e0 toutes les tranches d\u2019\u00e2ge et toutes les cat\u00e9gories sociales<\/span><\/p>\n<p><span lang=\"FR-CH\">\u00a0<\/span><\/p>\n<p><span lang=\"FR-CH\">\u00c0 traiter donc du cas par cas, on fait parfois des d\u00e9couvertes int\u00e9ressantes sur les v\u00e9ritables raisons, enfouies ou reconnues, qui ont pouss\u00e9 telle ou telle femme \u00e0 endosser le voile : c\u2019est pour faire montre d\u2019un signe de docilit\u00e9 \u00e0 un fianc\u00e9 en mal d\u2019autorit\u00e9, c\u2019est pour ne pas subir les remontrances brutales d\u2019un fr\u00e8re en pleine pouss\u00e9e hormonale, c\u2019est pour contourner les vir\u00e9es humiliantes d\u2019un mari volage, c\u2019est pour d\u00e9passer les signes de vieillesse qui commencent \u00e0 se faire insistants, ou tout bonnement, pour afficher sa fra\u00eeche rentr\u00e9e de la Mecque. Comme cela pourrait \u00e9maner \u00e9galement d\u2019un choix d\u00e9lib\u00e9r\u00e9 par pure conviction religieuse.<\/span><\/p>\n<p><span lang=\"FR-CH\">\u00a0<\/span><\/p>\n<p><span lang=\"FR-CH\">On d\u00e9cidera donc, apr\u00e8s des courses de shoping et des choix de tissus et foulards harmonieusement mari\u00e9s, de porter le voile ; mais il n\u2019est pas tout \u00e0 fait s\u00fbr que cela repr\u00e9sente un engagement \u00e0 vie, comme il n\u2019est pas rare de constater des mouvements de port et d\u2019abandon du voile r\u00e9currents chez la m\u00eame personne.<\/span><\/p>\n<p><span lang=\"FR-CH\">\u00a0<\/span><\/p>\n<p><span lang=\"FR-CH\">Mais si finalement on d\u00e9cide de porter le foulard ou m\u00eame deux superpos\u00e9s, pour cr\u00e9er du volume, on ne s\u2019emp\u00eachera pas d\u2019y superposer un accessoire assorti et un brin de maquillage pour boucler la boucle. C\u2019est \u00e0 se demander si l\u2019argument massue qui d\u00e9finit le port du voile, \u00e0 savoir, dissimuler la beaut\u00e9 de la femme ou l\u2019indice apparent de la s\u00e9duction, en l\u2019occurrence les cheveux, est vraiment pris en compte ?<\/span><\/p>\n<p><span lang=\"FR-CH\">\u00a0<\/span><\/p>\n<p><span lang=\"FR-CH\">Les actrices \u00e9gyptiennes en savent quelque chose, lesquelles, jeunes et moins jeunes, d\u00e9cident \u00e0 un moment de leur carri\u00e8re de porter le voile. Adh\u00e9sion au culte ou stratag\u00e8me m\u00e9diatique ? Leurs journalistes, en tout cas, ne tarissent pas en analyses et pronostics. Quoi qu\u2019il en soit, la peau particuli\u00e8rement soign\u00e9e, le visage maquill\u00e9 et le foulard pos\u00e9 en forme de turban \u00e0 la mani\u00e8re de la shehrazade des mille et une nuit, le voile des actrices et pr\u00e9sentatrices \u00e9gyptiennes, et quelque part aussi chez nous, sugg\u00e8re plus qu\u2019il ne cache une beaut\u00e9 savamment filtr\u00e9e, et nous sommes loin, franchement loin de l\u2019asc\u00e8se vestimentaire et contraignante qu\u2019est cens\u00e9 imposer le voile.<\/span><\/p>\n<p><span lang=\"FR-CH\">\u00a0<\/span><\/p>\n<p><span lang=\"FR-CH\">La r\u00e9ponse \u00e0 cette mani\u00e8re d\u2019\u00eatre d\u00e9routante et fort ambigu\u00eb, de porter le voile, est toute simple : le d\u00e9sir de plaire, surtout chez les femmes, est inh\u00e9rent \u00e0 leur nature et, voile ou pas, la femme ne pourra se d\u00e9gager de deux composantes intrins\u00e8ques \u00e0 son temp\u00e9rament de femme, la volont\u00e9 de plaire et le culte de l\u2019apparence, au risque sinon de se sentir hors du coup, mal dans sa peau, presque inutile.<\/span><\/p>\n<p><span lang=\"FR-CH\">\u00a0<\/span><\/p>\n<p><span lang=\"FR-CH\">Aussi, et ajout\u00e9s aux arguments psycho-sociaux et religieux \u00e9voqu\u00e9s plus haut, on remarquera presque toujours une femme voil\u00e9e et une fille \u00abcasquett\u00e9e\u00bb attirante ou pas. Ceci n\u2019est pas toujours le cas pour les autres passantes. En outre, l\u2019\u00e9v\u00e9nement du port du voile est trait\u00e9 avec force tirades entre coll\u00e8gues et en famille, et le regard des autres s\u2019en trouve forc\u00e9ment chang\u00e9. Approbateur ou d\u00e9tracteur, on fera longtemps parler de soi, et la chronique aura \u00e9t\u00e9, bon gr\u00e9, mal gr\u00e9, d\u00e9fray\u00e9e.<\/span><\/p>\n<p><span lang=\"FR-CH\">\u00a0<\/span><\/p>\n<p><span lang=\"FR-CH\">Ainsi, le voile repr\u00e9senterait de nos jours en Tunisie, et presque partout dans le monde arabe, \u00e0 degr\u00e9s variables, un soutien moral et social beaucoup plus qu\u2019un engagement politico-religieux pur et dur.<\/span><\/p>\n<p><span lang=\"FR-CH\">\u00a0<\/span><\/p>\n<p><span lang=\"FR-CH\">A vouloir le diaboliser, ne risque-t-on pas de susciter une r\u00e9action que la l\u00e9gende de barbe bleue illustre bien, lui octroyer le go\u00fbt tr\u00e8s dangereux de \u00abl\u2019interdit\u00bb ?<\/span><\/p>\n<p><b><span lang=\"FR-CH\">\u00a0<\/span><\/b><\/p>\n<p><b><span lang=\"FR-CH\">(Source\u00a0: \u00ab\u00a0Le Journal\u00a0\u00bb, N\u00b0 48 du 11 novembre 2006)<\/span><\/b><\/p>\n<p><b><span lang=\"FR-CH\">Lien\u00a0:<\/span><span lang=\"FR-CH\"><a href=\"http:\/\/www.gplcom.com\/journal\/fr\/article.php?article=840&amp;gpl=48\" target=\"_blank\" rel=\"noopener\">http:\/\/www.gplcom.com\/journal\/fr\/article.php?article=840&amp;gpl=48<\/a><\/span><\/b><\/p>\n<p><b><span lang=\"FR-CH\">\u00a0 <\/span><\/b><\/p>\n<hr\/>\n<p><span lang=\"FR\">\u00a0<\/span><\/p>\n<p align=\"center\"><b><span lang=\"FR\">20 ans apr\u00e8s<\/span><\/b><\/p>\n<p align=\"center\"><b><span lang=\"FR\">UN NOUVEAU PACTE NATIONAL ?<\/span><\/b><\/p>\n<p><b><span lang=\"FR\">Par M\u2019hamed JAIBI<\/span><\/b><\/p>\n<p><span lang=\"FR\">\u00a0<\/span><\/p>\n<p><span lang=\"FR\">Le discours prononc\u00e9 par le Pr\u00e9sident de la R\u00e9publique \u00e0 l\u2019occasion du 19\u00e8me anniversaire du 7 novembre 1987, a apport\u00e9 un nombre important de nouvelles r\u00e9formes et d\u00e9cisions de nature \u00e0 consolider le \u00abfront int\u00e9rieur\u00bb et de relancer le dialogue.<\/span><\/p>\n<p><span lang=\"FR\">\u00a0<\/span><\/p>\n<p><span lang=\"FR\">Le chef de l\u2019Etat a tenu \u00e0 r\u00e9affirmer \u00abque l\u2019option pluraliste est irr\u00e9versible et que les partis politiques \u2014qu\u2019ils soient au pouvoir ou dans l\u2019opposition\u2014 sont les parties prenantes de l\u2019\u00e9quation d\u00e9mocratique et de l\u2019\u00e9mulation sinc\u00e8re, et se doivent n\u00e9cessairement d\u2019\u00eatre d\u2019un niveau d\u2019efficience qui leur permette d\u2019accomplir leur r\u00f4le de la meilleure mani\u00e8re\u00bb.<\/span><\/p>\n<p><span lang=\"FR\">\u00a0<\/span><\/p>\n<p><span lang=\"FR\">Indiquant qu\u2019il estimait que le dynamisme des organisations nationales et de diverses composantes du tissu associatif \u00e9tait \u00abr\u00e9v\u00e9lateur de la bonne sant\u00e9 de la soci\u00e9t\u00e9\u00bb et constituait \u00abun facteur d\u2019\u00e9quilibre et d\u2019interactions entre ses diff\u00e9rents composants\u00bb, le Pr\u00e9sident Ben Ali a attribu\u00e9 \u00e0 la soci\u00e9t\u00e9 civile \u00abun r\u00f4le fondamental dans l\u2019appui aux efforts de l\u2019Etat\u00bb et \u00abun r\u00f4le non moins important \u00e0 assumer dans les domaines de la critique et de la rectification, ainsi que dans l\u2019\u00e9largissement du champ de participation \u00e0 la vie publique\u00bb.<\/span><\/p>\n<p><span lang=\"FR\">\u00a0<\/span><\/p>\n<p><span lang=\"FR\">Le Pr\u00e9sident de la R\u00e9publique \u00e0 inform\u00e9 les Tunisiens qu\u2019il comptait saisir l\u2019occasion du 20\u00e8me anniversaire du 7 novembre 1987, l\u2019an prochain, pour \u00abexaminer, avec encore plus de profondeur, notre processus de d\u00e9veloppement dans tous les domaines et planifier l\u2019avenir\u00bb.<\/span><\/p>\n<p><span lang=\"FR\">\u00a0<\/span><\/p>\n<p><span lang=\"FR\">Rappelant qu\u2019il avait eu \u00e0 r\u00e9unir, au lendemain du changement politique de 1987, les partis politiques, les organisations nationales et les sensibilit\u00e9s intellectuelles, \u00aben vue de mettre en place un pacte national commun dont les valeurs guident notre action et aux principes duquel nous nous attachons\u00bb, le Pr\u00e9sident Ben Ali a lanc\u00e9 \u00abj\u2019invite, aujourd\u2019hui, les partis politiques, les organisations nationales et les sensibilit\u00e9s intellectuelles, apr\u00e8s pr\u00e8s de vingt ans de r\u00e9alisations, d\u2019acquis et de r\u00e9ussites, et dans le cadre des principes de la constitution et des valeurs de la R\u00e9publique \u00e0 approfondir la r\u00e9flexion sur notre pr\u00e9sent et les orientations pour l\u2019avenir, de notre pays, et \u00e0 nous pr\u00e9senter leurs points de vue et leurs suggestions, afin que nous nous en inspirions \u00e0 l\u2019occasion de la c\u00e9l\u00e9bration du vingti\u00e8me anniversaire du changement\u00bb.<\/span><\/p>\n<p><span lang=\"FR\">\u00a0<\/span><\/p>\n<p><span lang=\"FR\">Le chef de l\u2019Etat ajoute que \u00abla stimulation du dialogue national, la consolidation de la soci\u00e9t\u00e9 civile et la promotion du r\u00f4le des partis politiques ne peuvent se r\u00e9aliser que dans le cadre d\u2019une information libre et sinc\u00e8re, apte \u00e0 la critique, \u00e0 la rectification et au questionnement\u00bb, invitant les journalistes \u00e0 \u00abfaire preuve de plus d\u2019audace\u00bb tout en respectant l\u2019\u00e9thique de la profession et \u00e0 \u00ab\u0153uvrer \u00e0 consacrer la critique sinc\u00e8re et gagner des positions plus avanc\u00e9es sur la sc\u00e8ne m\u00e9diatique nationale et internationale, \u00e0 l\u2019heure de la mondialisation et de l\u2019invasion des moyens de communication modernes\u00bb<\/span><\/p>\n<p><span lang=\"FR\">\u00a0<\/span><\/p>\n<p><span lang=\"FR\">Le pr\u00e9sident de la R\u00e9publique a, \u00e0 cet effet, invit\u00e9 la presse et les m\u00e9dias \u00e0 \u00ab\u00eatre plus proches des pr\u00e9occupations des citoyens et \u00e0 exprimer leurs aspirations, dans le cadre du respect de l\u2019\u00e9thique de la profession et des r\u00e8gles du dialogue responsable\u00bb.<\/span><\/p>\n<p><span lang=\"FR\">\u00a0<\/span><\/p>\n<p><span lang=\"FR\">Annon\u00e7ant son attachement \u00e0 renforcer davantage les m\u00e9canismes de protection des droits de l\u2019homme, le chef de l\u2019Etat a rendu publique sa d\u00e9cision de consolider et d\u2019\u00e9tendre les attributions du Comit\u00e9 Sup\u00e9rieur des Droits de l\u2019Homme et des Libert\u00e9s Fondamentales, \u00abpour lui permettre de recevoir les dol\u00e9ances et les plaintes \u00e9manant des citoyens\u00bb et\u00a0 \u00abd\u2019effectuer des visites inopin\u00e9es dans les \u00e9tablissements p\u00e9nitentiaires et de r\u00e9\u00e9ducation, les centres de garde-\u00e0-vue et de d\u00e9tention pr\u00e9ventive, et les structures en charge des personnes ayant des besoins sp\u00e9cifiques, et de soumettre au Pr\u00e9sident de la R\u00e9publique, des rapports sur ses conclusions\u00bb. De m\u00eame que les C.S.D.H.L.F sera charg\u00e9 d\u2019effectuer des missions d\u2019investigation et de v\u00e9rification au sujet de questions et de situations li\u00e9es aux droits de l\u2019homme et aux libert\u00e9s fondamentales.<\/span><\/p>\n<p><span lang=\"FR\">\u00a0<\/span><\/p>\n<p><span lang=\"FR\">Certes, en \u00e9voquant le Pacte National, le pr\u00e9sident de la R\u00e9publique n\u2019a pas parl\u00e9 d\u2019une quelconque r\u00e9\u00e9dition de cet important \u00e9pisode de dialogue et de consensus cons\u00e9cutif au changement politique de 1987, mais il convient de noter que tout dans les appels pr\u00e9sidentiels \u00e0 la r\u00e9flexion, \u00e0 la critique et \u00e0 la proposition, portent le sceau d\u2019une invite \u00e0 un nouvel engagement collectif appel\u00e9 \u00e0 poser les jalons d\u2019une nouvelle \u00e9tape dans la construction nationale.<\/span><\/p>\n<p><span lang=\"FR\">\u00a0<\/span><\/p>\n<p><span lang=\"FR\">\u00abLa r\u00e9alisation des aspirations de notre peuple et la ma\u00eetrise des d\u00e9fis attendus, explique le Pr\u00e9sident, imposent la mobilisation de toutes les \u00e9nergies et capacit\u00e9s, ainsi qu\u2019une prise de conscience plus approfondie de la part des tunisiennes et des tunisiens, de leurs obligations nationales pour qu\u2019ils participent au d\u00e9veloppement du pays et \u00e0 sa progression, ainsi qu\u2019\u00e0 la pr\u00e9servation de sa s\u00e9curit\u00e9, de sa stabilit\u00e9 et de ses acquis, avec un total d\u00e9vouement dans un climat caract\u00e9ris\u00e9 par le comportement d\u00e9mocratique et les hautes valeurs de civilisation\u00bb.<\/span><\/p>\n<p><span lang=\"FR\">\u00a0<\/span><\/p>\n<p><span lang=\"FR\">N\u2019est-ce pas l\u00e0, les termes d\u2019un projet mobilisateur pouvant s\u2019apparenter effectivement \u00e0 un nouveau \u00abpacte national\u00bb.<\/span><\/p>\n<p><span lang=\"FR\">\u00a0<\/span><\/p>\n<p><span lang=\"FR\">La lib\u00e9ration, la veille du 7 novembre, de 55 prisonniers de l\u2019ancien mouvement islamiste\u00a0 \u00abEnnahdha\u00bb et les \u00e9volutions que connaissent le d\u00e9bat et l\u2019initiative au sein de diff\u00e9rents partis politiques et des grandes organisations socio-professionnelles, dont notamment la central syndicale UGTT et la Centrale patronale UTICA qui tiennent leurs congr\u00e8s, pr\u00eatent admirablement \u00e0 la mise en route d\u2019une large discussion sans exclusive en vue de ce nouveau pacte pour le d\u00e9veloppement, la d\u00e9mocratie et la citoyennet\u00e9, au service de la prosp\u00e9rit\u00e9 et du rayonnement de la Tunisie.<\/span><\/p>\n<p><span lang=\"FR\">\u00a0<\/span><\/p>\n<p><b><span lang=\"FR-CH\">(Source\u00a0: \u00ab\u00a0Le Journal\u00a0\u00bb, N\u00b0 48 du 11 novembre 2006)<\/span><\/b><\/p>\n<p><b><span lang=\"FR-CH\">Lien\u00a0:<\/span><\/b><span lang=\"FR-CH\"><\/span><b><span lang=\"FR-CH\"><a href=\"http:\/\/www.gplcom.com\/journal\/fr\/article.php?article=839\" target=\"_blank\" rel=\"noopener\">http:\/\/www.gplcom.com\/journal\/fr\/article.php?article=839<\/a><\/span><\/b><\/p>\n<div>\n<hr dir=\"ltr\"\/><\/div>\n<p align=\"center\" dir=\"ltr\"><b><a href=\"https:\/\/tunisnews.net\/ar\/\"><span>Home<\/span><span lang=\"FR-CH\"> &#8211; Accueil <\/span><span>&#8211; <\/span><span dir=\"rtl\" lang=\"AR-SA\">\u0627\u0644\u0631\u0626\u064a\u0633\u064a\u0629<\/span><\/a><\/b><\/p>\n<p><\/body><\/body><\/html><\/p>","protected":false},"excerpt":{"rendered":"<p>Home &#8211; Accueil &#8211; \u0627\u0644\u0631\u0626\u064a\u0633\u064a\u0629 TUNISNEWS 7\u00a0\u00e8me\u00a0ann\u00e9e, N\u00b0\u00a02364 du 11.11.2006 \u00a0archives : www.tunisnews.net AISPP: Communiqu\u00e9 L\u2019Observatoire Pour la Protection des D\u00e9fenseurs des Droits de l\u2019Homme: TUNISIE : Poursuite des actes de harc\u00e8lement \u00e0 l\u2019encontre du CNLT Ez-Zeitouna: Droits des FEMMES viol\u00e9s et bafou\u00e9s en Tunisie CDR\u00a0 CRLDHT\u00a0 FTCR: Actualit\u00e9 des droits et des luttes des [&hellip;]<\/p>\n","protected":false},"author":1,"featured_media":22040,"comment_status":"open","ping_status":"open","sticky":false,"template":"","format":"standard","meta":{"inline_featured_image":false,"site-sidebar-layout":"default","site-content-layout":"","ast-site-content-layout":"default","site-content-style":"default","site-sidebar-style":"default","ast-global-header-display":"","ast-banner-title-visibility":"","ast-main-header-display":"","ast-hfb-above-header-display":"","ast-hfb-below-header-display":"","ast-hfb-mobile-header-display":"","site-post-title":"","ast-breadcrumbs-content":"","ast-featured-img":"","footer-sml-layout":"","ast-disable-related-posts":"","theme-transparent-header-meta":"","adv-header-id-meta":"","stick-header-meta":"","header-above-stick-meta":"","header-main-stick-meta":"","header-below-stick-meta":"","astra-migrate-meta-layouts":"default","ast-page-background-enabled":"default","ast-page-background-meta":{"desktop":{"background-color":"","background-image":"","background-repeat":"repeat","background-position":"center center","background-size":"auto","background-attachment":"scroll","background-type":"","background-media":"","overlay-type":"","overlay-color":"","overlay-opacity":"","overlay-gradient":""},"tablet":{"background-color":"","background-image":"","background-repeat":"repeat","background-position":"center center","background-size":"auto","background-attachment":"scroll","background-type":"","background-media":"","overlay-type":"","overlay-color":"","overlay-opacity":"","overlay-gradient":""},"mobile":{"background-color":"","background-image":"","background-repeat":"repeat","background-position":"center center","background-size":"auto","background-attachment":"scroll","background-type":"","background-media":"","overlay-type":"","overlay-color":"","overlay-opacity":"","overlay-gradient":""}},"ast-content-background-meta":{"desktop":{"background-color":"var(--ast-global-color-5)","background-image":"","background-repeat":"repeat","background-position":"center center","background-size":"auto","background-attachment":"scroll","background-type":"","background-media":"","overlay-type":"","overlay-color":"","overlay-opacity":"","overlay-gradient":""},"tablet":{"background-color":"var(--ast-global-color-5)","background-image":"","background-repeat":"repeat","background-position":"center center","background-size":"auto","background-attachment":"scroll","background-type":"","background-media":"","overlay-type":"","overlay-color":"","overlay-opacity":"","overlay-gradient":""},"mobile":{"background-color":"var(--ast-global-color-5)","background-image":"","background-repeat":"repeat","background-position":"center center","background-size":"auto","background-attachment":"scroll","background-type":"","background-media":"","overlay-type":"","overlay-color":"","overlay-opacity":"","overlay-gradient":""}},"footnotes":""},"categories":[],"tags":[63,37,29],"class_list":["post-19386","post","type-post","status-publish","format-standard","has-post-thumbnail","hentry","tag-63","tag-37","tag-fr"],"_links":{"self":[{"href":"https:\/\/tunisnews.net\/ar\/wp-json\/wp\/v2\/posts\/19386","targetHints":{"allow":["GET"]}}],"collection":[{"href":"https:\/\/tunisnews.net\/ar\/wp-json\/wp\/v2\/posts"}],"about":[{"href":"https:\/\/tunisnews.net\/ar\/wp-json\/wp\/v2\/types\/post"}],"author":[{"embeddable":true,"href":"https:\/\/tunisnews.net\/ar\/wp-json\/wp\/v2\/users\/1"}],"replies":[{"embeddable":true,"href":"https:\/\/tunisnews.net\/ar\/wp-json\/wp\/v2\/comments?post=19386"}],"version-history":[{"count":0,"href":"https:\/\/tunisnews.net\/ar\/wp-json\/wp\/v2\/posts\/19386\/revisions"}],"wp:featuredmedia":[{"embeddable":true,"href":"https:\/\/tunisnews.net\/ar\/wp-json\/wp\/v2\/media\/22040"}],"wp:attachment":[{"href":"https:\/\/tunisnews.net\/ar\/wp-json\/wp\/v2\/media?parent=19386"}],"wp:term":[{"taxonomy":"category","embeddable":true,"href":"https:\/\/tunisnews.net\/ar\/wp-json\/wp\/v2\/categories?post=19386"},{"taxonomy":"post_tag","embeddable":true,"href":"https:\/\/tunisnews.net\/ar\/wp-json\/wp\/v2\/tags?post=19386"}],"curies":[{"name":"wp","href":"https:\/\/api.w.org\/{rel}","templated":true}]}}