{"id":19358,"date":"2010-05-07T00:00:00","date_gmt":"2010-05-07T00:00:00","guid":{"rendered":"https:\/\/tunisnews.net\/7-mai-2010\/"},"modified":"2010-05-07T00:00:00","modified_gmt":"2010-05-07T00:00:00","slug":"7-mai-2010","status":"publish","type":"post","link":"https:\/\/tunisnews.net\/ar\/7-mai-2010\/","title":{"rendered":"7 mai 2010"},"content":{"rendered":"<p><html><head><meta content=\"text\/html\" description=\"Les avocats \n\t\t\t\t\tAbderraouf AYADI, Ayachi HAMMAMI et Mohamed ABBOU, ont lanc\u00e9 \n\t\t\t\t\tun cri d\u2019alarme et de d\u00e9tresse pour d\u00e9noncer l\u2019encerclement \n\t\t\t\t\tpolicier permanent de leur Cabinet group\u00e9 situ\u00e9 au \n\t\t\t\t\tcentre-ville de la capitale Tunis, y \u00ab interdisant \u00bb l\u2019acc\u00e8s \n\t\t\t\t\t\u00e0 leur client\u00e8le.\" http-equiv=\"Content-Type\"\/><\/head><body><body><\/p>\n<div>\u00a0<meta content=\"Microsoft SafeHTML\"\/><\/p>\n<style>.ExternalClass .ecxhmmessage P{padding:0px;}.ExternalClass body.ecxhmmessage{font-size:10pt;font-family:Verdana;}<\/style>\n<\/div>\n<div>\n<div onclick=\"return Control.invoke('ReadingPane', '_onBodyClick', event);\">\n<div><meta content=\"Microsoft SafeHTML\"\/><\/p>\n<style>.ExternalClass .ecxhmmessage P{padding:0px;}.ExternalClass body.ecxhmmessage{font-size:10pt;font-family:Verdana;}<\/style>\n<div><font face=\"Arial\" size=\"2\"><\/p>\n<div align=\"center\" dir=\"ltr\"><font size=\"7\"><strong>TUNISNEWS <\/strong><\/font><\/div>\n<div align=\"center\" dir=\"ltr\">\n<div><strong><font>10\u00a0\u00e8me ann\u00e9e,<span lang=\"FR\">N\u00b0\u00a03636 du 07.05.2010<\/span><\/font><\/strong><\/div>\n<\/div>\n<div align=\"center\"><span><font><strong>\u00a0archives : <\/strong><\/font><a target=\"_blank\" rel=\"noopener\"><font><strong>www.tunisnews.net<\/strong><\/font><\/a><\/span><font><strong>\u00a0<\/strong><\/font><span lang=\"FR\"><strong><\/strong><\/span><\/div>\n<div align=\"center\"><span lang=\"FR\"><\/p>\n<hr\/>\n<p><font><span lang=\"FR-CH\"><\/span><\/font><\/span><\/div>\n<p><\/font><span lang=\"FR\"><\/p>\n<div><strong><font size=\"2\"><\/p>\n<p><font>FTCR:TROIS \u00c9MINENTS AVOCATS TUNISIENS D\u00c9FENSEURS DES DROITS DE L\u2019HOMMESUBISSENT \u00ab LA R\u00c9PRESSION \u00c9CONOMIQUE \u00bb<\/font><\/p>\n<p>AISPP: Proc\u00e8s du 6 maI <\/p>\n<p><font>C.R.L.D.H. Tunisie: 2 ans apr\u00e8s le d\u00e9c\u00e9s d\u00b4 EL ALEIMI le gouvernement fait toujours la sourde oreille face \u00e0 l\u2019exigence d\u2019une commission d\u2019enqu\u00eate<\/font><\/p>\n<p>IFEX: Les journalistes tunisiens c\u00e9l\u00e8brent dans le deuil la Journ\u00e9e internationale de la libert\u00e9 de la presse <\/p>\n<h2 style=\"color: red;\"><font>IFEX: Tunisians celebrate World Press Freedom Day in mourning, says OLPEC<\/font><\/h2>\n<p> FTCR: Mort suite \u00e0 intervention polici\u00e8re du jeune tunisien de Grasse : Non \u00e0 l&rsquo;impunit\u00e9 <\/p>\n<h2 style=\"color: red;\"><font>Abdel Wahab Hani :Si Mohamed Laamari (\u0645\u062d\u0645\u062f \u0627\u0644\u0639\u0645\u0627\u0631\u064a) obtient son passeport national tunisien<\/font><\/h2>\n<p> AFP: Affaire Ajimi: le parquet fait appel de l&rsquo;ordonnance des juges d&rsquo;instruction  <\/p>\n<p><font>Assabilonline: D\u00e9t\u00e9rioration de l\u2019\u00e9tat de sant\u00e9 de Rafik Tahar Ali, prisonnier en gr\u00e8ve de la faim depuis 8 jours<\/font><\/p>\n<p> Slim Bagga: Les turpitudes de mon \u00ab\u00a0sup\u00e9rieur hi\u00e9rarchique\u00a0\u00bb, Ben Ali <\/p>\n<h2 style=\"color: red;\"><font>Nouvelobs: Taoufik Ben Brik : \u00ab\u00a0Comme toujours, la France se goure\u00a0\u00bb<\/font><\/h2>\n<p><\/font><\/strong><\/div>\n<p><\/span><\/div>\n<div>\n<hr\/>\n<\/div>\n<div align=\"left\"><font face=\"Arial\" size=\"2\"><span lang=\"FR\"><\/p>\n<div align=\"center\"><font face=\"Arial\" size=\"2\"><strong><font><font size=\"3\">C.R.L.D.H. Tunisie \u0627\u0644\u0644\u062c\u0646\u0629 \u0645\u0646 \u0623\u062c\u0644 \u0627\u062d\u062a\u0631\u0627\u0645 \u0627\u0644\u062d\u0631\u064a\u0627\u062a \u0648\u062d\u0642\u0648\u0642 \u0627\u0644\u0625\u0646\u0633\u0627\u0646 \u0641\u064a \u062a\u0648\u0646\u0633<\/font> Comit\u00e9 pour le Respect des Libert\u00e9s et des Droits de l\u2019Homme en Tunisie Membre du R\u00e9seau Euro-m\u00e9diterran\u00e9en des Droits de l\u2019Homme 21ter rue Voltaire \u2013 FR-75011 PARIS\u00a0 &#8211; Tel\/Fax : 00.33. (0)1.43.72.97.34 crldht@gmail.com \/ www.crldht.org<\/font> <\/p>\n<h2 style=\"color: red;\"><font size=\"3\">TROIS \u00c9MINENTS AVOCATS TUNISIENS D\u00c9FENSEURS DES DROITS DE L\u2019HOMME<\/font><\/h2>\n<p><\/strong><\/font><\/div>\n<div align=\"center\">\n<h2 style=\"color: red;\"><font face=\"Arial\" size=\"3\"><strong>SUBISSENT \u00ab LA R\u00c9PRESSION \u00c9CONOMIQUE \u00bb PAR VOIE D\u2019ENCERCLEMENT<\/strong><\/font><\/h2>\n<\/div>\n<div align=\"center\"><font face=\"Arial\" size=\"2\"><font size=\"3\"><\/p>\n<h2 style=\"color: red;\"><font><strong>POLICIER PERMANENT DE LEUR CABINET GROUP\u00c9<\/strong><\/font><\/h2>\n<p><\/font><\/font><\/div>\n<p><\/span><\/font><\/p>\n<div><strong><\/p>\n<hr\/>\n<p><\/strong><\/div>\n<div><strong> \u00a0<\/strong><\/div>\n<div><font face=\"Arial\"><font>Les avocats Abderraouf AYADI, Ayachi HAMMAMI et Mohamed ABBOU, ont lanc\u00e9 un cri d\u2019alarme et de d\u00e9tresse pour d\u00e9noncer l\u2019encerclement policier permanent de leur Cabinet group\u00e9 situ\u00e9 au centre-ville de la capitale Tunis, y \u00ab interdisant \u00bb l\u2019acc\u00e8s \u00e0 leur client\u00e8le. Ces trois figures embl\u00e9matiques de l\u2019avocature tunisienne qui ont \u00e9t\u00e9 de toutes les batailles d\u00e9mocratiques pour la d\u00e9fense des droits de l\u2019homme ; dont les noms ont syst\u00e9matiquement \u00e9t\u00e9 \u00e0 la t\u00eate des listes des Avocats de toutes les causes justes ; qui n\u2019ont \u00e0 aucun moment h\u00e9sit\u00e9 \u00e0 d\u00e9fendre, qui plus est b\u00e9n\u00e9volement, tous ceux qui ont \u00e9t\u00e9 tra\u00een\u00e9s\u00a0 dans la boue (judiciaire et p\u00e9nitentiaire) pour avoir revendiqu\u00e9 leurs droits civils, politiques et \u00e9conomiques les plus \u00e9l\u00e9mentaires,\u00a0 face \u00e0 un r\u00e9gime des plus autoritaires qui ne tol\u00e8re pas la critique ou m\u00eame le moindre \u00e9cart \u2013 infime fut-il \u2013 de la \u00ab supr\u00eame v\u00e9rit\u00e9 officielle de l\u2019\u00c9tat \u00bb. On se rappelle tous l\u2019embastillement (pendant plus de deux ans) de Me ABBOU en 2004,\u00a0 pour un d\u00e9lit d\u2019opinion qui a consist\u00e9 \u00e0 critiquer l\u2019\u00e9tat des prisons tunisiennes, ressemblant, dans leur d\u00e9t\u00e9rioration extr\u00eame, celui de \u00ab ABOU GHRIB \u00bb (d\u2019Irak)\u2026 Qui ne conna\u00eet pas l\u2019engagement entier, tout autant qu\u2019exemplaire, de Me HAMMAMI dans la lutte pacifique qu\u2019il m\u00e8ne, depuis toujours, pour la d\u00e9mocratisation de la soci\u00e9t\u00e9 et de l\u2019\u00c9tat tunisien.\u00a0 Ses plaidoiries \u2014notamment celle dite devant la cour d\u2019appel de Gafsa dans le cadre du proc\u00e8s des animateurs du mouvement de protestation sociale du bassin minier\u2014 sont \u00e0 m\u00eame de t\u00e9moigner de l\u2019abn\u00e9gation de l\u2019avocat, de son amour de la libert\u00e9 et de son d\u00e9vouement (d\u00e9sint\u00e9ress\u00e9) dans la d\u00e9fense des opprim\u00e9s et des d\u00e9sh\u00e9rit\u00e9s\u2026 Doit-on par ailleurs rappeler que Me AYADI s\u2019est tellement consacr\u00e9 \u00e0 la d\u00e9fense des causes justes (synonymes de causes perdues d\u2019avance en Tunisie !) qu\u2019il s\u2019en est lui-m\u00eame appauvri, \u00e0 cause de la politique d\u2019\u00e9touffement \u00e9conomique exerc\u00e9e \u00e0 son encontre par les autorit\u00e9s. Les trois avocats pour lesquels le CRLDHT souhaite rendre hommage, sont tout bonnement \u00ab victimes \u00bb de leur droiture, de leur engagement aux c\u00f4t\u00e9s des d\u00e9munis et autres opprim\u00e9s dont on ne saurait en dresser une liste exhaustive tant ils sont, h\u00e9las, nombreux. Ces trois noms auraient d\u00fb, sous d\u2019autres cieux, \u00eatre honor\u00e9s (d\u00e9cor\u00e9s et port\u00e9s sur un pi\u00e9destal !) pour la justesse et la noblesse de leurs combats. Ils sont l\u2019exemple on ne peut plus vivant de ce que doit \u00eatre un Avocat-Citoyen. En lieu de quoi, les autorit\u00e9s tunisiennes mettent tout en \u0153uvre pour les \u00ab affamer \u00bb, les contraindre au silence, les obliger \u00e0 \u00ab rentrer dans les rangs \u00bb des complaisants\u2026 A travers Me AYACHI, Me ABBOU et Me AYADI les autorit\u00e9s tunisiennes essayent non pas seulement de mettre \u00e0 genoux trois avocats-citoyens ind\u00e9pendants, int\u00e8gres et d\u00e9mocrates (\u00ab non-rang\u00e9s \u00bb), mais une certaine \u00ab avocature \u00bb tunisienne insoumise consciente du r\u00f4le historique qui lui incombe de d\u00e9fendre la vraie justice (qui a d\u00e9sert\u00e9 depuis longtemps les Palais qui lui sont d\u00e9di\u00e9s\u2026), le vrai \u00c9tat de droit, l\u2019authenticit\u00e9 des droits de l\u2019homme bafou\u00e9s syst\u00e9matiquement et de plus en plus gravement par le pouvoir en place\u2026  Ce trio d\u2019avocats \u00ab incorruptibles \u00bb sont par ailleurs, comme on l\u2019a dit pr\u00e9c\u00e9demment, d\u00e9fenseurs des droits de l\u2019homme et m\u00e9ritent d\u2019\u00eatre d\u00e9fendus et par leurs Confr\u00e8res, et par les organisations nationales (et surtout) internationales de d\u00e9fense des droits humains, ainsi que les organes onusiens, en particulier le rapporteur sp\u00e9cial aupr\u00e8s des Nations Unies charg\u00e9 de la protection des d\u00e9fenseurs des droits de l\u2019homme. Aussi le CRLDHT : \u00b7\u00a0\u00a0\u00a0\u00a0\u00a0\u00a0 Exprime sa solidarit\u00e9 enti\u00e8re et ind\u00e9fectible \u00e0 l\u2019\u00e9gard des trois avocats victimes de l\u2019acharnement des autorit\u00e9s tunisiennes qui tentent de les affamer afin de les contraindre au silence, \u00b7\u00a0\u00a0\u00a0\u00a0\u00a0\u00a0 D\u00e9nonce avec la plus grande indignation l\u2019utilisation de ces man\u0153uvres ill\u00e9gales et perverses portant gravement atteinte au droit au travail \u00b7\u00a0\u00a0\u00a0\u00a0\u00a0\u00a0 Invite avec insistance, Monsieur le Rapporteur sp\u00e9cial aupr\u00e8s des Nations Unies charg\u00e9 de la protection des d\u00e9fenseurs des droits de l\u2019homme,\u00a0 \u00e0 intervenir d\u2019urgence par voie d\u2019interpellation des autorit\u00e9s tunisiennes, en vue de faire cesser imm\u00e9diatement ce \u00ab ch\u00e2timent \u00e9conomique \u00bb (caract\u00e9ristique de l\u2019entrave \u00e0 l\u2019exercice de la profession d\u2019avocat, et \u00e0 l\u2019exercice de la d\u00e9fense des droits de l\u2019homme), \u00b7\u00a0\u00a0\u00a0\u00a0\u00a0\u00a0 Presse les organisations internationales de d\u00e9fense des droits de l\u2019homme, ainsi que les Ordres des avocats partout dans le monde (et notamment celui de Paris), \u00e0 exprimer leur solidarit\u00e9 avec Me AYACHI, Me AYADI et Me ABBOU. <\/font> <strong>Le C. R. L. D. H T. Paris le 07 mai 2010  <font>Ci-apr\u00e8s la traduction faite par le CRLDHT (non revue par les signataires) du Communiqu\u00e9 public diffus\u00e9 par les trois avocats. <\/font>   \u00a0<\/strong><\/font><\/div>\n<div>\u00a0<\/div>\n<div align=\"center\"> <strong><\/p>\n<h2 style=\"color: red;\"><font>COMMUNIQU\u00c9 De Mes : AYADI, HAMMAMI et ABBOU<\/font><\/h2>\n<p> \u00a0<\/strong><\/div>\n<div>\u00a0<\/div>\n<div> <font>Nous, Avocats soussign\u00e9s, Me Abderraouf AYADI, Me Ayachi HAMMAMI et Me Mohamed ABBOU, informons nos Confr\u00e8res et l\u2019opinion publique de ce qui suit : Notre Cabinet group\u00e9 fait l\u2019objet d\u2019une surveillance polici\u00e8re ininterrompue consistant en la pr\u00e9sence permanente d\u2019un groupe appartenant \u00e0 la police politique \u00e0 proximit\u00e9 quasi imm\u00e9diate de l\u2019immeuble o\u00f9 nous sommes situ\u00e9s ; outre la pr\u00e9sence de voitures et de motos appartenant \u00e0 la police, rendant ainsi la visite de notre Cabinet une \u00e9preuve \u00e0 grand risque, que peu de clients s\u2019aventurent \u00e0 endurer. \u00b7\u00a0\u00a0\u00a0\u00a0\u00a0\u00a0 La police a intercept\u00e9 un certain nombre de personnes qui se sont rendues dans l\u2019immeuble et les ont interrog\u00e9es \u00e0 notre sujet. \u00b7\u00a0\u00a0\u00a0\u00a0\u00a0\u00a0 Un de nos clients a fait l\u2019objet d\u2019une interpellation \u00e0 sa sortie du Cabinet, cons\u00e9cutivement \u00e0 une plainte\u00a0 faite par l\u2019un d\u2019entre nous, en son nom, contre une personne \u00ab\u00a0 influente \u00bb. Lequel client a \u00e9t\u00e9 interrog\u00e9 sur les motifs du choix de son avocat. \u00b7\u00a0\u00a0\u00a0\u00a0\u00a0\u00a0 Selon des informations qui nous ont \u00e9t\u00e9 fournies par les voisins, les \u00ab visiteurs nocturnes \u00bb se sont introduits dans notre Cabinet \u00e0 plusieurs reprises en se servant de clefs  \u00b7\u00a0\u00a0\u00a0\u00a0\u00a0\u00a0 Au cours du mois d\u2019ao\u00fbt 2009 l\u2019on s\u2019est introduit par effraction dans notre Cabinet au y volant des documents destin\u00e9s \u00e0 l\u2019opinion publique. \u00b7\u00a0\u00a0\u00a0\u00a0\u00a0\u00a0 La police a eu vent, le 2 mai 2010, de notre d\u00e9m\u00e9nagement. Suite \u00e0 quoi ils ont d\u00e9p\u00each\u00e9\u00a0 7 agents pour surveiller de pr\u00e8s l\u2019op\u00e9ration de d\u00e9m\u00e9nagement. \u00b7\u00a0\u00a0\u00a0\u00a0\u00a0\u00a0 Le 3 mai 2010, notre nouveau bailleur, une personne \u00e2g\u00e9e malade, a \u00e9t\u00e9 l\u2019objet d\u2019intimidations en vue de l\u2019obliger \u00e0 nous restituer les loyers d\u00e9j\u00e0 per\u00e7us et d\u2019annuler le contrat de bail, ce qui a provoqu\u00e9 chez l\u2019int\u00e9ress\u00e9 et son \u00e9pouse une peur panique. \u00b7\u00a0\u00a0\u00a0\u00a0\u00a0\u00a0 Le 4 mai 2010, le petit-fils du bailleur a \u00e9t\u00e9 alpagu\u00e9 par la police qui lui a intim\u00e9 de l\u2019informer de tout ce qui se passe au sein du Cabinet, en lui faisant croire qu\u2019ils s\u2019appr\u00eataient \u00e0 op\u00e9rer une \u00ab descente imminente \u00bb. \u00b7\u00a0\u00a0\u00a0\u00a0\u00a0\u00a0 Le 5 mai 2010, nous avons re\u00e7u une convocation au tribunal, \u00e9manant de l\u2019\u00e9pouse du bailleur, qui invoque l\u2019occupation sans droit ni titre.  La police politique poursuit sa surveillance ostensible de notre cabinet avec une nette intention de faire peur. En se basant sur ce qui pr\u00e9c\u00e8de nous d\u00e9clarons que ces mesures sont des man\u0153uvres qui se situent en dehors de toute l\u00e9galit\u00e9 et qui rel\u00e8vent du d\u00e9tournement des appareils de l\u2019\u00c9tat \u00e0 des fins personnelles, dans l\u2019int\u00e9r\u00eat des gouvernants et des personnes \u00ab influentes \u00bb. Ces \u00ab mesures \u00bb attestent, une fois de plus, de la politique d\u2019encerclement et d\u2019\u00e9touffement \u00e9conomique qu\u2019utilise le pouvoir en place contre ses adversaires, tout en la niant, au mois de juin 2009 aupr\u00e8s de l\u2019AFP, par le biais d\u2019une soi-disant source officielle. Nous demandons \u00e0 nos Confr\u00e8res dans le monde entier, aux militants en Tunisie comme \u00e0 l\u2019\u00e9tranger, et \u00e0 toutes les personnes qu\u2019on a, auparavant, d\u00e9fendues b\u00e9n\u00e9volement de nous manifester leur solidarit\u00e9 contre cet acte criminel, en exprimant, pour ce qui nous concerne, notre ferme volont\u00e9 d\u2019y faire face par tous les moyens possibles. \u00a0<\/font><\/div>\n<div><font><strong>Abderraouf AYADI Ayachi HAMMAMI Mohamed ABBOU<\/strong><\/font><\/div>\n<\/div>\n<div align=\"center\"><font face=\"Arial\" size=\"2\"><b><span lang=\"FR\"><\/p>\n<hr\/>\n<p><\/span><\/b><\/font><\/div>\n<div align=\"center\"><font face=\"Arial\" size=\"2\"><b><span lang=\"FR\">Association Internationale de Soutien aux Prisonniers Politiques<\/span><\/b><\/font><\/div>\n<p align=\"center\"><span lang=\"FR\">43 rue Eldjazira, Tunis<\/span><\/p>\n<p align=\"center\"><span lang=\"FR\"><a href=\"http:\/\/\/\" target=\"_blank\" rel=\"noopener\">Aispp.free@gmail.com<\/a><\/span><\/p>\n<p align=\"center\"><span lang=\"FR\">Tunis, le 6 mai 2010<\/span><\/p>\n<p align=\"center\"><span lang=\"FR\"><strong><\/p>\n<h2 style=\"color: red;\"><font>Proc\u00e8s du 6 maI<\/font><\/h2>\n<p><\/strong> <\/span><\/p>\n<hr\/>\n<p>\u00a0<\/p>\n<p><span lang=\"FR\">\u00b7<span>\u00a0\u00a0\u00a0\u00a0\u00a0\u00a0\u00a0\u00a0<\/span><\/span><span lang=\"FR\">Mercredi 6 mai 2010, la douzi\u00e8me chambre criminelle de la cour d\u2019Appel de Tunis, pr\u00e9sid\u00e9e par le juge Chedli Boukhris, a examin\u00e9 l\u2019affaire n\u00b013930 dans laquelle est d\u00e9f\u00e9r\u00e9e le jeune Sami Essid, accus\u00e9 d\u2019adh\u00e9sion \u00e0 une organisation et \u00e0 une entente en rapport avec les infractions terroristes. Le tribunal a d\u00e9cid\u00e9 de reporter l\u2019affaire au 13 mai 2010 \u00e0 la demande de son avocat, ma\u00eetre Samir Ben Amor pour que la commission soit chang\u00e9e.<\/span><\/p>\n<p><span lang=\"FR\">Le jeune Sami Essid avait \u00e9t\u00e9 livr\u00e9 par les autorit\u00e9s italiennes le 3 juin 2008, il avait \u00e9t\u00e9 condamn\u00e9 \u00e0 douze ans d\u2019emprisonnements par le tribunal militaire permanent de Tunis le 19\/11\/2008. Le tribunal de premi\u00e8re instance avait conclu \u00e0 un non lieu dans l\u2019affaire pendante aujourd\u2019hui, pour jonction des affaires, confirm\u00e9 en appel mais le parquet s\u2019\u00e9tait pourvu en cassation et la cour avait cass\u00e9 le jugement en appel et d\u00e9f\u00e9r\u00e9 \u00e0 nouveau le dossier devant la Cour d\u2019Appel afin qu\u2019il soit examin\u00e9 par une autre commission.<\/span><\/p>\n<p><span lang=\"FR\">*la douzi\u00e8me chambre criminelle de la Cour d\u2019Appel de Tunis, pr\u00e9sid\u00e9e par le juge Chedli Boukhris, a examin\u00e9 l\u2019affaire N\u00b014614 dans laquelle sont d\u00e9f\u00e9r\u00e9s en \u00e9tat d\u2019arrestation\u00a0:Fethi Ben Ali Mohammed Khchira, n\u00e9 le 13\/06\/1985, Khelifa Ben Mohammed Zemzem, n\u00e9 le 27\/05\/1985 et Mohammed Ben Amor Ben Mabrouk Dhiab, n\u00e9 le 12\/08\/1984, pour adh\u00e9sion \u00e0 une organisation ayant fait du terrorisme un moyen de r\u00e9aliser ses objectifs, tenue de r\u00e9unions non autoris\u00e9es, non r\u00e9v\u00e9lation aux autorit\u00e9s concern\u00e9es des informations leur \u00e9tant parvenues sur la commission d\u2019infractions terroristes. Le tribunal a d\u00e9cid\u00e9 de reporter l\u2019affaire au 13\/05\/2010 \u00e0 la demande de leur avocat, Ma\u00eetre Samir Ben Amor, afin que la commission soit chang\u00e9e.<\/span><\/p>\n<p><span lang=\"FR\">Le tribunal de premi\u00e8re instance les avait condamn\u00e9s \u00e0 six ans d\u2019emprisonnement et les accus\u00e9s ainsi que le parquet avaient interjet\u00e9 appel. La cour d\u2019appel avait confirm\u00e9 le jugement tout en abaissant les peines \u00e0 deux et trois ans. Mais le Parquet s\u2019\u00e9tait pourvu en cassation, pourvoi accept\u00e9 et le dossier avait \u00e9t\u00e9 d\u00e9f\u00e9r\u00e9 \u00e0 nouveau devant la Cour d\u2019Appel pour \u00eatre examin\u00e9 \u00e0 nouveau par une autre commission.<\/span><\/p>\n<p><span lang=\"FR\">\u00b7<span>\u00a0\u00a0\u00a0\u00a0\u00a0\u00a0\u00a0\u00a0<\/span><\/span><span lang=\"FR\">La douzi\u00e8me chambre criminelle de la Cour d\u2019Appel de Tunis, pr\u00e9sid\u00e9e par le juge Chedli Boukhris, a examin\u00e9 l\u2019affaire n\u00b014613 dans laquelle est d\u00e9f\u00e9r\u00e9 le jeune Saber Ben Mohammed Ben Khelifa Sassi, en \u00e9tat d\u2019arrestation, pour n\u2019avoir pas r\u00e9v\u00e9l\u00e9 sur le champ aux autorit\u00e9s concern\u00e9es les informations lui \u00e9tant parvenues sur la commission d\u2019infractions terroristes. Le tribunal a d\u00e9cid\u00e9 de reporter l\u2019affaire au 20\/05\/2010 \u00e0 la demande de ses avocats, Ma\u00eetres Abdelfattah Mourou et Im\u00e8ne Triki. En premi\u00e8re instance, il avait \u00e9t\u00e9 condamn\u00e9 \u00e0 deux ans d\u2019emprisonnement. Pour la commission de suivi des proc\u00e8s politiques<\/span><\/p>\n<p><span lang=\"FR\">Le secr\u00e9taire g\u00e9n\u00e9ral<\/span><\/p>\n<p><b><span lang=\"FR\">Ma\u00eetre Samir Ben Amor<\/span><\/b><\/p>\n<p><span lang=\"FR\">(traduction ni revue ni corrig\u00e9e par les auteurs de la version en arabe, LT)<\/span><\/p>\n<p>\u00a0<\/p>\n<div>\n<hr\/>\n<\/div>\n<div> \u00a0<\/div>\n<p><font><\/p>\n<div align=\"center\"><strong><font>C.R.L.D.H. Tunisie<\/font><\/strong> \u0627\u0644\u0644\u062c\u0646\u0629 \u0645\u0646 \u0623\u062c\u0644 \u0627\u062d\u062a\u0631\u0627\u0645 \u0627\u0644\u062d\u0631\u064a\u0627\u062a \u0648\u062d\u0642\u0648\u0642 \u0627\u0644\u0625\u0646\u0633\u0627\u0646 \u0641\u064a \u062a\u0648\u0646\u0633 Comit\u00e9 pour le Respect des Libert\u00e9s et des Droits de l\u2019Homme en Tunisie membre du R\u00e9seau Euro-m\u00e9diterran\u00e9en des Droits de l\u2019Homme 21ter rue Voltaire \u2013 FR-75011 PARIS\u00a0 &#8211; Tel\/Fax : 00.33.(0)1.43.72.97.34 crldht@gmail.com \/ www.crldht.org  Tunisie &#8230;.- Bassin Minier&#8230;. <strong><\/p>\n<p><font size=\"3\">2 ans apr\u00e8s le d\u00e9c\u00e9s de Hichem Ben\u00a0 Jeddou EL ALEIMI le gouvernement tunisien fait toujours la sourde oreille face \u00e0 l\u2019exigence d\u2019une commission d\u2019enqu\u00eate ind\u00e9pendante<\/font><\/p>\n<p><\/strong> <strong>Communiqu\u00e9<\/strong><\/div>\n<div align=\"justify\"> Le 07 mai 2010, nous comm\u00e9morons le deuxi\u00e8me anniversaire du d\u00e9c\u00e8s du jeune Hichem BEN\u00a0 JEDDOU EL ALEIMI. Originaire du village de Tebeddit (proche de Redaief), le jeune Hichem BEN\u00a0 JEDDOU EL ALEIMI,\u00a0 \u00e2g\u00e9 de 26 ans, est mort \u00e9lectrocut\u00e9 le 07 mai 2008 \u00e0 l&rsquo;int\u00e9rieur d\u2019un local abritant un g\u00e9n\u00e9rateur \u00e9lectrique qui dessert les ateliers de la compagnie des phosphates de Gafsa.  Le local a \u00e9t\u00e9 occup\u00e9 par des jeunes dipl\u00f4m\u00e9s ch\u00f4meurs qui, en signe de protestation, ont mis le g\u00e9n\u00e9rateur \u00e0 l\u2019arr\u00eat. Selon plusieurs t\u00e9moins pr\u00e9sents sur place, l\u2019ordre de la remise en marche du g\u00e9n\u00e9rateur a \u00e9t\u00e9\u00a0 donn\u00e9 aux gendarmes par le sous-gouverneur provocant ainsi la mort du jeune Hichem ce, en d\u00e9pit des avertissements de la population pr\u00e9sente sur le lieu du drame.  Malgr\u00e9 les demandes de la soci\u00e9t\u00e9 civile tunisienne et des organisations internationales des droits de l\u2019Homme, le gouvernement tunisien fait toujours la sourde oreille face \u00e0 l\u2019exigence d\u2019une commission d\u2019enqu\u00eate ind\u00e9pendante pour enqu\u00eater sur les conditions du d\u00e9c\u00e8s de Hichem et \u00e9tablir les responsabilit\u00e9s qui ont provoqu\u00e9 ce drame. &#8211;\u00a0\u00a0\u00a0\u00a0\u00a0\u00a0 Le CRLDHT rappelle que seule une commission d\u2019enqu\u00eate ind\u00e9pendante peut rendre justice \u00e0 Hichem Ben Jeddou et aux jeunes du bassin minier Hafnaoui Maghzaoui et Abdel Khalek Amidi morts suite aux tirs \u00e0 balles r\u00e9elles par la police tunisienne le 8 juin 2008.  &#8211;\u00a0\u00a0\u00a0\u00a0\u00a0\u00a0 Le CRLDHT, r\u00e9it\u00e8re sa demande de clore le dossier du bassin minier et exige la lib\u00e9ration des d\u00e9tenus suite \u00e0 ce mouvement de protestation sociale pacifique (Notamment Hassen ben Abdallah, condamn\u00e9 en appel \u00e0 4 ans de prison, le 27 avril 2010), l\u2019arr\u00eat des poursuites contre Fahem Boukaddous, Maher Fajraoui et Mouhieddine Cherbib, et demande de mettre fin \u00e0 l\u2019harc\u00e8lement dont font l\u2019objet les anciens d\u00e9tenus du bassin minier et leur r\u00e9int\u00e9gration dans leurs postes de travail. Paris, le 07 mai 2010<span lang=\"FR\"><font face=\"Times New Roman\" size=\"3\"><\/font><\/span><\/div>\n<div align=\"justify\"><span lang=\"FR\"><\/p>\n<hr\/>\n<p><\/span><\/div>\n<div align=\"justify\"><span lang=\"FR\"><\/p>\n<div align=\"center\"><strong><\/p>\n<p><font><font>\u00a0Si Mohamed Laamari (\u0645\u062d\u0645\u062f \u0627\u0644\u0639\u0645\u0627\u0631\u064a) obtient son passeport national tunisien<\/font>\u00a0 Ancien Syndicaliste, ancien Fonctionnaire des services de l&rsquo;Equipement, ancien Officier de l&rsquo;Arm\u00e9e nationale,Si Mohamed Laamari clos ainsi pr\u00e8s de deux d\u00e9cennies d&rsquo;Exil  \u00a0<\/font><\/p>\n<p><\/strong><\/div>\n<div>\n<hr\/>\n<\/div>\n<div> <strong><font>\u00a0 Par Abdel Wahab Hani<\/font><\/strong>\u00a0 \u00a0  Notre ami \u00c2\u00efd \/ Retornado Si Mohamed Laamari vient d&rsquo;obtenir son passport tunisien hier jeudi 6 mai 2010, des mains de notre Vice-Consul de \u00e0 Pantin, en banlieue parisienne, au bout de pr\u00e8s d&rsquo;une vingtiane d&rsquo;ann\u00e9es d&rsquo;exil, suite \u00e0 sa condamnation dans les proc\u00e8s du d\u00e9but des ann\u00e9es 1990 \u00e0 l&rsquo;encontre des dirigents, des membres et des sympatisants du mouvement Ennahdha, h\u00e9ritier du Mouvement de la Tendence Islamique (MTI).  Esprit sup\u00e9rieur de la disapora tunisienne, \u00c2\u00efd \/ Retornado Si Mohamed Laamari s&rsquo;est distingu\u00e9 parson honnett\u00e9 intellectuelle, ainsi que par la calaret\u00e9 et la lucidit\u00e9 de ses propos, exprim\u00e9s \u00e0 visage d\u00e9couvert. Qualit\u00e9s rares par ces temps o\u00f9 le courage manque \u00e0 certains acteurs de la Diaspora qui usent des pseudonymes, de snipers et de mercenaires de la plume embusqu\u00e9s sur les diff\u00e9rents sites internet qui acceuillent les d\u00e9bats de la disapora, notamment au sujet du Retour des Exil\u00e9s.  Ancien fonctionnaire des services r\u00e9gionaux de l&rsquo;Equipement, dans le Sud tunisien, durant la d\u00e9cennie des ann\u00e9es 1980, \u00c2\u00efd \/ Retornado Si Mohamed Laamari a gravi les \u00e9chelons de l&rsquo;engagement syndical au sein de l&rsquo;Union g\u00e9n\u00e9rale tunisienne du travail (UGTE), avant de devenir membre du Conseil nationale de la centrale syndicale, dans sa p\u00e9riode glorieuse.  Avant l&rsquo;Equipement, \u00c2\u00efd \/ Retornado Si Mohamed Laamari avait int\u00e9gr\u00e9 les rangs de l&rsquo;Arm\u00e9e nationale. Le Sous Officier Laamari, de la Division du Sud des Blind\u00e9s de l&rsquo;Arm\u00e9e de terre, avait particip\u00e9 \u00e0 la bataille de lib\u00e9ration de Gafsa en janvier 1980, suite \u00e0 l&rsquo;insurrection foment\u00e9e par le Colonel voisin de Lybie.   Les troupes tunisiennes avait r\u00e9ussi \u00e0 pacifier la ville et \u00e0 repousser la menace sur l&rsquo;in\u00e9grit\u00e9 territoriale de la Tunisie. Elles ont \u00e9t\u00e9 galvanis\u00e9es par le sens hautement patriotique et la bravoure incarn\u00e9s par feu le Za\u00efm Habib Bourguiba qui avait d\u00e9cid\u00e9 de rester dans son lieu de vill\u00e9giature \u00e0 Nafta, \u00e0 port\u00e9e de la menace du Colonel de Lybie, rejetant les conseils d&rsquo;\u00e9vacuation pron\u00e9s par ses collaborateurs.  \u00c2\u00efd \/ Retornado Si Mohamed Laamari impressionne par son int\u00e9grit\u00e9 exemplaire, sa modestie, sa lucidit\u00e9, son sens du d\u00e9tail et de la pr\u00e9cision historiques. En t\u00e9moigne ses \u00e9crits et ses r\u00e9actions aux d\u00e9bats qui animent la classe politique tunisienne. Nous gardons \u00e0 l&rsquo;esprit ses commentaires lucides et respectueux \u00e0 l&rsquo;\u00e9gard des d\u00e9clarations de Si Rached Kheriji, alias Ghannouchi, bient\u00f4t Ex-Pr\u00e9sident du mouvement Ennahdha. Rappelons aussi ses r\u00e9actions civiques aux \u00e9crits de l&rsquo;historien des mouvements islamistes tunisiens Si Alaya Allani. Rappelons enfin son t\u00e9moignange sur les tentatives lybiennes d&rsquo;atteine \u00e0 notre int\u00e9grit\u00e9 territoriale \u00e0 Gafsa en 1980, publi\u00e9 par notre ami \u00c2\u00efd \/ Rertornado Sid Ahmed Mana\u00ef.  Son positionnement politique a connu un boulversement radical le 9 avril 2003, comme il aime \u00e0 le rappeler. C&rsquo;est la date de la chutte du r\u00e9gime de Saddam Hussein et de l&rsquo;effondrement de l&rsquo;Etat irakien. \u00c2\u00efd \/ Retornado Si Mohamed Alaamari en tire deux conclusions:  -La Loyaut\u00e9 envers la Patrie, quelque soit le r\u00e9gime qui pr\u00e9side \u00e0 ses destin\u00e9s, doit revetir un caract\u00e8re sacr\u00e9 pour tout citoyen, y compris et surtout pour tout acteur politique.  -Les forces politiques doivent consacrer cette Loyaut\u00e9 sacr\u00e9e \u00e0 la Patrie, incarn\u00e9e par l&rsquo;Etat. Aucune divergence politique, aucune injustice, aucune violation ne doit l\u00e9gitimer le recours \u00e0 aucun gouvernement \u00e9tranger et l&rsquo;appel \u00e0 ses troupes d&rsquo;occupation. Il y va du fondement m\u00eame du patriotisme, selon \u00c2\u00efd \/ retornado Mohamed Laamari.  Cette prise de conscience le conduit quelaues mois plus tard \u00e0 d\u00e9velopper une nouvelle approche dite (\u0641\u0643 \u0627\u0644\u0627\u0634\u062a\u0628\u0627\u0643) \u00ab\u00a0Arr\u00eat des hostilit\u00e9s\u00a0\u00bb envers les autorit\u00e9s tunisiennes, en compagnie de ses camarades \u00c2\u00efd \/ Retornado Si Lazhar Abaab, \u00c2\u00efd \/ Retornado Si Abdessalem Lassoued, \u00c2\u00efd \/ Retornado Si Mehrez Dhaou, \u00c2\u00efd \/ Retornado Si Mohamed Ali Bennour, \u00c2\u00efd \/ Retornado Si\u00a0 Moez Hammami, \u00c2\u00efd \/ Retornado Si Mustapha Ben Ali, \u00c2\u00efd \/ Retornado Si Mhamed Tahar Gantassi, \u00c2\u00efd \/ Retornado Si Mohamed Rouahi, \u00c2\u00efd \/ Retornado Si Yassine Khelifi, \u00c2\u00efd \/ Retornado Si Foued Klii, \u00c2\u00efd \/ Retornado Si Ridha Tounsi et des dizaies d&rsquo;autres compatriotes exil\u00e9s.  A l&rsquo;occasion des \u00e9lections g\u00e9n\u00e9rales, pr\u00e9sidentielles et l\u00e9gislatives, d&rsquo;octobre 2009, \u00c2\u00efd \/ Retornado Si Mohamed Laamari et une dizaine d&rsquo;exil\u00e9s et d&rsquo;anciens exil\u00e9s signent un Appel (l&rsquo;Appel des 14) de soutien \u00e0 Mr Zine El Abidine Ben Ali, candidat \u00e0 sa propre succession, pour un 5e et dernier mandat de 5 ans.  Cette d\u00e9marche singuli\u00e8re dans l&rsquo;histoire de l&rsquo;islamisme tunisien a \u00e9t\u00e9 remarqu\u00e9e par l&rsquo;ensemble des acteurs et des observateurs des affaires tunisiennes.   Bien que d\u00e9cri\u00e9e et farcouhement d\u00e9nonc\u00e9e, d\u00e9nigr\u00e9e et parfois moi ex-communi\u00e9e par l&rsquo;Establishment du mouvement Ennahdha et son Pr\u00e9sidium (Pr\u00e9sident , ses vice-Pr\u00e9sidents, son Etat-major et sa Cour), cette Initiative repr\u00e9sente un courant d&rsquo;opinion largement r\u00e9pondu au sein du mouvement islamiste tunisien, en tant que mouvement politique conservateur et non r\u00e9volutionnaire, dans son essence m\u00eame.  Audel\u00e0 de l&rsquo;appr\u00e9ciation des uns et des autres, la d\u00e9marche des quatorze a le m\u00e9rite de la claret\u00e9, de la s\u00e9r\u00e9nit\u00e9 et de l&rsquo;honnetet\u00e9, loin des doubles langages et des surench\u00e8res mensong\u00e8res pratiqu\u00e9s ici et l\u00e0.  Issu des rangs de l&rsquo;Arm\u00e9e nationale, ancien fonctionnaire et ancien syndicaliste, \u00c2\u00efd \/ Retornado Si Mohamed Laamari a une autre qualit\u00e9, hautement appr\u00e9ciable par ces temps d&rsquo;argent facile, y compris dans les ragns de l&rsquo;opposition et surtout dans son versent islamisant. Il travaille dignement et gagne sa vie \u00e0 la sueur de son front, alors qu&rsquo;une d\u00e9rive affairiste et client\u00e9liste, sans pr\u00e9c\u00e9dent, frappe de plein fouet l&rsquo;establishment de l&rsquo;islamisme exil\u00e9 tunisien.  \u00c2\u00efd \/ Retornado Si Mohamed Laamari b\u00e9n\u00e9ficie d&rsquo;une aura au sein m\u00eame de ses anciens camarades ismalistes, o\u00f9 il entretient des ralations amicales, notamment avec les militants rest\u00e9s int\u00e8gres, \u00e0 l&rsquo;instar de \u00c2\u00efd \/ Retornado Si Dr Abdelmajid Najjar et \u00c2\u00efd \/ Retornado Si Abderraouf Mejri, pour ne citer que ces deux personnalit\u00e9s \u00e0 titre d&rsquo;exemple.  Dans l&rsquo;espoir que le passeport de notre ami \u00c2\u00efd \/ Retornado Si Mohamed Laamari soit suivi, dans les plus brefs d\u00e9lais, par le d\u00e9nouement positifs des 150 demandes de passeport (estimation empirique effectu\u00e9e par nos soins nous AW Hani) d\u00e9pos\u00e9es aupr\u00e8s des services consulaires de nos Consulats et Ambassades dans les quatre coins de la plan\u00e8te.   PS: Pour joindre \u00c2\u00efd \/ Retornado Si Mohamed Laamari: +33 (0)6 21 92 17 07   Paris, le 7 mai 2010,  \u00c2\u00efd \/ Retornado Bi Idhni Allah, Ahabba Al Mouhibboun Wa Kariha Al Karihoun Abdel Wahab Hani  awhani@yahoo.fr +33 (0)6 17 96 00 37 (toujours bloqu\u00e9 depuis les lignes Tunisie Telecom, depuis une d\u00e9cennie)<\/div>\n<p><\/span><\/div>\n<p><span lang=\"FR\"><font face=\"Times New Roman\" size=\"3\"><\/p>\n<div align=\"justify\">\n<hr\/>\n<\/div>\n<div align=\"center\"><span><a href=\"http:\/\/\/\" target=\"_blank\" rel=\"noopener\"><span lang=\"EN-GB\"><strong>Tunisians celebrate World Press Freedom Day in mourning, says OLPEC<\/strong><\/span><\/a><\/span><\/div>\n<div align=\"justify\">\n<hr\/>\n<\/div>\n<p><\/font><\/span><\/p>\n<p><span lang=\"FR\"><strong>5 May 2010 <\/strong><\/span><\/p>\n<p><span lang=\"FR\">SOURCE: Observatoire pour la libert\u00e9 de presse, d&rsquo;\u00e9dition et de cr\u00e9ation<\/span><\/p>\n<p><span lang=\"FR\">\u00a0  (OLPEC\/IFEX) \u2013 3 May 2010 \u2013 Tunisians will spend World Press Freedom Day in mourning this year, says press freedom group OLPEC. Though one of the first countries in the region to enjoy a relatively unfettered media in the 80s, Tunisia has witnessed an historic backslide in press freedom since that time, according to the press freedom group.   For the past 23 years since President Ben Ali came to power, Tunisians have watched their right to express themselves freely diminish year after year. An all out war has been declared on the free media by the government.   In marking World Press Freedom Day, OLPEC notes that this 3 May will be no different those that preceded it as long as Tunisia continues to mourn its freedom.     Read the full press release (in French):  <a href=\"http:\/\/\/\" target=\"_blank\" rel=\"noopener\">OLPEC_WPFD_2010.pdf<\/a> (153 KB)    For more information: <strong><span>Observatoire pour la libert\u00e9 de presse, d&rsquo;\u00e9dition et de cr\u00e9ation<\/span><\/strong> 11 rue de T\u00e9h\u00e9ran 2000 Le Bardo Tunisia  Phone: +216 712 40907 Fax: +216 715 11782 <a href=\"http:\/\/\/\" target=\"_blank\" rel=\"noopener\">Observatoire pour la libert\u00e9 de presse, d&rsquo;\u00e9dition et de cr\u00e9ation<\/a> <a href=\"http:\/\/\/\" target=\"_blank\" rel=\"noopener\">http:\/\/olpec-marsed.org\/<\/a><\/span><\/p>\n<div align=\"center\"><span lang=\"FR\"><\/p>\n<hr align=\"center\" noshade=\"\" size=\"1\" width=\"100%\"\/><\/span><span><a href=\"http:\/\/\/\" target=\"_blank\" rel=\"noopener\"><span><strong>Les journalistes tunisiens c\u00e9l\u00e8brent dans le deuil la Journ\u00e9e internationale de la libert\u00e9 de la presse<\/strong><\/span><\/a><\/span><span lang=\"FR\"><\/p>\n<hr\/>\n<p><\/span><\/div>\n<p><span lang=\"FR\"><strong>5 mai 2010<\/strong><\/span><\/p>\n<p><span lang=\"FR\">SOURCE: Observatoire pour la libert\u00e9 de presse, d&rsquo;\u00e9dition et de cr\u00e9ation   (OLPEC\/IFEX) &#8211; Tunis le 3 mai 2010 &#8211; C&rsquo;est dans le deuil que les journalistes tunisiens c\u00e9l\u00e8brent cette ann\u00e9e la journ\u00e9e de la libert\u00e9 de la presse. Alors que la Tunisie \u00e9tait l&rsquo;un des premiers pays de la r\u00e9gion \u00e0 avoir connu un printemps m\u00e9diatique les ann\u00e9es 80, elle vit aujourd&rsquo;hui une r\u00e9gression historique de l&rsquo;\u00e9tat de la libert\u00e9 de la presse.   Depuis 23 ans, avec l&rsquo;arriv\u00e9e au pouvoir de Ben Ali, ann\u00e9e apr\u00e8s ann\u00e9e, les Tunisiens ont vu se d\u00e9grader l&rsquo;\u00e9tat de leur libert\u00e9 d&rsquo;expression de fa\u00e7on r\u00e9guli\u00e8re. Chaque jour qui passe voit s&rsquo;envoler un pan de la marge de libert\u00e9 qui leur restait. Une v\u00e9ritable guerre ouverte contre la libert\u00e9 de la presse a \u00e9t\u00e9 men\u00e9e par les autorit\u00e9s.   A l&rsquo;occasion de la Journ\u00e9e internationale de la libert\u00e9 de la presse, l&rsquo;OLPEC constate que cette journ\u00e9e du 3 mai ne d\u00e9roge pas \u00e0 celles qui l&rsquo;ont pr\u00e9c\u00e9d\u00e9 et la Tunisie est encore en deuil de sa libert\u00e9.     Lire le communiqu\u00e9 int\u00e9gral :  <a href=\"http:\/\/\/\" target=\"_blank\" rel=\"noopener\">OLPEC_May3.pdf<\/a> (153 KB)    Pour tout renseignement compl\u00e9mentaire: <strong><span>Observatoire pour la libert\u00e9 de presse, d&rsquo;\u00e9dition et de cr\u00e9ation<\/span><\/strong> 11 rue de T\u00e9h\u00e9ran 2000 Le Bardo Tunisia  t\u00e9l: +216 712 40907 t\u00e9l\u00e9c: +216 715 11782 <a href=\"http:\/\/\/\" target=\"_blank\" rel=\"noopener\">Observatoire pour la libert\u00e9 de presse, d&rsquo;\u00e9dition et de cr\u00e9ation<\/a> <a href=\"http:\/\/\/\" target=\"_blank\" rel=\"noopener\">http:\/\/olpec-marsed.org\/<\/a><\/span><\/p>\n<p><span lang=\"FR\"><\/span><\/p>\n<div>\n<hr\/>\n<\/div>\n<div align=\"center\"><b><span lang=\"FR\"><font size=\"3\">Le MOUATINOUN du mois de Mai est dans les kiosques<\/font><\/span><\/b><\/div>\n<div>\n<hr\/>\n<\/div>\n<p><span lang=\"FR\">Chers lecteurs, Le MOUATINOUN du mois de Mai est dans les kiosques. En l\u2019achetant, vous contribuez \u00e0 la survie d\u2019un journal libre priv\u00e9 de financement public et de publicit\u00e9.  MOUATINOUN du mois de Mai est un num\u00e9ro bilingue de 20 pages : \u00b7 une partie de 12 pages en arabe dont un suppl\u00e9ment de 4 pages \u00ab Sp\u00e9cial Culture \u00bb\u00a0 anim\u00e9 par de belles plumes , Jalloul Azzouna, Sadok Charaf\u00a0 ( Abou Ouijdan), Abdellatif Abid, Abderrahim Mejri, Bechir Abid\u2026 \u00b7 une partie de 8 pages en fran\u00e7ais r\u00e9guli\u00e8rement enrichie par les contributions de l\u2019ambassadeur Ahmed Ounaies, des\u00a0 professeurs Taoufiq Bachrouch (historien) et Jalloul Azzouna( litt\u00e9rature)  Dans ce num\u00e9ro vous pourrez lire : Dans la partie arabe : \u00b7 l\u2019\u00e9dito de Abdellatif Abid.  \u00b7 Une analyse des \u00e9lections municipales par Me Said Mechichi. \u00b7 L\u2019interview exclusive de Kh\u00e9dija Cherif, \u00e9lue secr\u00e9taire g\u00e9n\u00e9rale de la FIDH. \u00b7 la couverture de la journ\u00e9e mondiale de la libert\u00e9 de la presse. \u00b7 Des articles de r\u00e9flexion et des\u00a0 informations r\u00e9gionales, nationales, arabes et internationales.  Dans la partie fran\u00e7aise : \u00b7 Le FDTL souffle sa 16\u00e8me bougie .  \u00b7 D\u00e9mocratie et malentendu du Prof Tawfik Bachrouch.  \u00b7 La France et les Arabes par Hubert Joly. \u00b7 Le salaire de la m\u00e8re par Kah\u00e9na.  \u00b7 Une couverture de la conf\u00e9rence d\u00e9bat sur les relations euro m\u00e9diterran\u00e9ennes\u2026  Ci joint la une de ce num\u00e9ro.  Vous pouvez visualiser la totalit\u00e9 de son contenu \u00e0 partir du mardi 18 mai 2010 en cliquant sur ce lien : http:\/\/www.fdtl.org\/IMG\/pdf\/mouwatinoun_132.pdf<\/span><\/p>\n<p>\u00a0<\/p>\n<div>\n<hr\/>\n<\/div>\n<div align=\"center\"><strong><font><span><span><font size=\"2\"><span>La F\u00e9d\u00e9ration des Tunisiens pour une Citoyennet\u00e9 des deux Rives \u00a0(FTCR)\u00a0:<\/span><\/font><\/span><\/span><\/font><\/strong><\/div>\n<div align=\"center\"><font><strong><font><span><\/span><\/font><\/strong><span><span><\/p>\n<h3 style=\"color: blue;\"><font size=\"3\"><strong>Mort suite \u00e0 intervention polici\u00e8re du jeune tunisien de Grasse : Non \u00e0 l&rsquo;impunit\u00e9<\/strong><\/font><\/h3>\n<hr\/>\n<p><\/span><\/span><\/font><\/div>\n<p><span>Nous venons d\u2019apprendre\u00a0 \u00a0l&rsquo;ordonnance de non lieu\u00a0 prononc\u00e9e par les juges charg\u00e9es d&rsquo;instruire le dossier sur les conditions de la mort<strong><span>d&rsquo;Abdelhakim Ajimi<\/span><\/strong>, jeune tunisien de 22 ans d\u00e9c\u00e9d\u00e9 en mai 2008 suite \u00e0 une interpellation violente effectu\u00e9e par deux policiers \u00e0 Grasse, dans les Alpes maritimes.<\/span><\/p>\n<p><span>Rappelons que le parquet avait ouvert dans les jours suivant la mort de <strong><span>Hakim Ajimi<\/span><\/strong> une information judiciaire pour \u00ab\u00a0homicide involontaire\u00a0\u00bb, estimant au vu de plusieurs expertises que l&rsquo;interpellation et les m\u00e9thodes employ\u00e9es \u00e9taient l\u00e9gitimes mais les techniques non ma\u00eetris\u00e9es par les agents. Plusieurs rapports d&rsquo;expertise m\u00e9dicale avaient conclu au fait\u00a0que la mort du jeune homme est due \u00e0 une asphyxie m\u00e9canique cons\u00e9cutive \u00e0 une compression thoracique et une clef de bras pratiqu\u00e9es par les policiers avec trop de force et durant trop longtemps.<\/span><\/p>\n<p><span>Sur la base de ces rapports et sur celle des t\u00e9moignages auxquels ils avaient eu acc\u00e8s, les proches de <strong><span>Hakim Ajimi<\/span><\/strong>, plusieurs associations parmi lesquelles la FTCR et nombre d&rsquo;habitants de Grasse constitu\u00e9s en un comit\u00e9 \u00ab\u00a0<strong><span>Justice pour Hakim<\/span><\/strong>\u00a0\u00bb ont estim\u00e9 que la mort du jeune homme \u00e9tait la cons\u00e9quence directe de l&rsquo;interpr\u00e9tation particuli\u00e8rement brutale et injustifi\u00e9e \u00e0 la quelle il a \u00e9t\u00e9 soumis et au refus cons\u00e9cutif\u00a0de lui pr\u00e9ter assistance alors qu&rsquo;il \u00e9tait inanim\u00e9. D\u00e9j\u00e0 \u00e0 l&rsquo;\u00e9poque, la d\u00e9cision des magistrats instructeurs de ne pas mettre en examen les agents de police impliqu\u00e9s (ils y ont \u00e9t\u00e9 contraints par la suite par un arr\u00eat de la Chambre d&rsquo;instruction) faisaient craindre une proc\u00e9dure \u00ab\u00a0complaisante\u00a0\u00bb en faveur des agents de police.<\/span><\/p>\n<p><em><span>La F\u00e9d\u00e9ration des Tunisiens pour une Citoyennet\u00e9 des deux Rives (FTCR)\u00a0: <\/span><\/em><\/p>\n<p><span>&#8211;<\/span><span>\u00a0\u00a0\u00a0\u00a0\u00a0\u00a0<\/span><span>Condamne le fait que la responsabilit\u00e9 de la mort <strong><span>d\u2019Abdelhakim Ajimi<\/span><\/strong> reste \u00e0 ce jour impunie<\/span><\/p>\n<p><span>&#8211;<\/span><span>\u00a0\u00a0\u00a0\u00a0\u00a0\u00a0<\/span><span>R\u00e9it\u00e8re sa solidarit\u00e9 avec la <strong><span>famille Ajimi<\/span><\/strong> et soutient sa d\u00e9marche pour faire appel\u00a0de cette\u00a0d\u00e9cision de non lieu.<\/span><\/p>\n<p><span>&#8211;<\/span><span>\u00a0\u00a0\u00a0\u00a0\u00a0\u00a0<\/span><span>Se joint \u00e0 l\u2019appel \u00e0 la manifestation du 08 mai 2010 \u00e0 Grace, organis\u00e9e par la famille Ajimi et le <strong><span>collectif V\u00e9rit\u00e9 et Justice pour Abdelhakim<\/span><\/strong> <strong><span>Ajimi<\/span><\/strong> pour comm\u00e9morer le deuxi\u00e8me anniversaire de son d\u00e9c\u00e8s. <\/span><\/p>\n<p><span>&#8211; Interpelle la Justice tunisienne et lui demande des information sur les suites de l&rsquo;information judiciaire dont l&rsquo;ouverture a \u00e9t\u00e9 annonc\u00e9e en mai 2008 par le Parquet de Tunis, et sur les mesures d&rsquo;assistance \u00e0 la<strong><span>famille Ajimi<\/span><\/strong>.<\/span><\/p>\n<p><em><span>Une d\u00e9l\u00e9gation des militants de la FTCR de la r\u00e9gion Paca participera \u00e0 la manifestation<\/span><\/em><span>.<\/span><\/p>\n<p><em><u><span>Paris le 07 Mai 2010<\/span><\/u><\/em><\/p>\n<p align=\"left\"><span><font size=\"2\"><strong>Pour la FTCR<\/strong><\/font><\/span><\/p>\n<p align=\"left\"><span><font size=\"2\"><strong>Le pr\u00e9sident<\/strong><\/font><\/span><\/p>\n<p align=\"left\"><span><font size=\"2\"><strong><font>Tarek Ben Hiba<\/font><\/strong>.<\/font><\/span><\/p>\n<p><\/font><\/p>\n<p>\u00a0<\/p>\n<div>\n<hr\/>\n<\/div>\n<div align=\"center\"><strong><\/p>\n<h3 style=\"color: blue;\"><font><b><span lang=\"FR\">Affaire Ajimi: le parquet fait appel de l&rsquo;ordonnance des juges d&rsquo;instruction<\/span><\/b><\/font><\/h3>\n<p><\/strong><\/div>\n<div align=\"justify\">\n<hr\/>\n<\/div>\n<div align=\"justify\"> AFP Publi\u00e9 le 07\/05\/2010 \u00e0 12:34 &#8211; Modifi\u00e9 le 07\/05\/2010 \u00e0 12:53 Le procureur de Grasse (Alpes-Maritimes) Jean-Michel Cailleau a annonc\u00e9 vendredi faire appel de l&rsquo;ordonnance rendue par les juges charg\u00e9es d&rsquo;instruire le dossier sur les conditions du d\u00e9c\u00e8s en mai 2008 d&rsquo;Abdelhakim Ajimi, apr\u00e8s son interpellation par deux policiers grassois. Les juges Catherine Bonnici et Sandrine Andr\u00e9 ont rendu mercredi une ordonnance de non-lieu concernant les deux anciens policiers de la Brigade anti-criminalit\u00e9 (BAC) de Grasse. Elles ont en revanche renvoy\u00e9 devant le tribunal cinq personnes pour non-assistance \u00e0 personne en danger. Cette d\u00e9cision est conforme \u00e0 la ligne adopt\u00e9e par l&rsquo;instruction depuis le d\u00e9but de l&rsquo;enqu\u00eate. Les juges avaient initialement plac\u00e9 les deux hommes sous le statut de t\u00e9moin assist\u00e9, avant d&rsquo;\u00eatre contraintes par un arr\u00eat de la chambre de l&rsquo;instruction de la cour d&rsquo;appel d&rsquo;Aix-en-Provence, cons\u00e9cutif \u00e0 un appel du parquet de Grasse, \u00e0 les mettre en examen pour homicide involontaire. L&rsquo;appel du parquet vendredi est lui aussi \u00ab\u00a0logique\u00a0\u00bb, a soulign\u00e9 M. Cailleau. \u00ab\u00a0Nous avons exprim\u00e9 une position claire, nous ne pouvions pas en rester l\u00e0\u00a0\u00bb, a-t-il dit. Le parquet avait ouvert dans les jours suivant la mort d&rsquo;Abdelhakim Ajimi, le 9 mai 2008, une information judiciaire pour \u00ab\u00a0homicide involontaire\u00a0\u00bb, estimant au vu de plusieurs expertises que l&rsquo;interpellation et les m\u00e9thodes employ\u00e9es \u00e9taient l\u00e9gitimes mais les techniques non ma\u00eetris\u00e9es par les agents. Selon l&rsquo;avis de la CNDS (Commission nationale de d\u00e9ontologie de la s\u00e9curit\u00e9 (CNDS), consult\u00e9 par l&rsquo;AFP, Abdelhakim Hajimi, apr\u00e8s s&rsquo;\u00eatre violemment d\u00e9battu et avoir bless\u00e9 l&rsquo;un des deux policiers qui tentaient de proc\u00e9der \u00e0 son interpellation, avait finalement \u00e9t\u00e9 ma\u00eetris\u00e9 et couch\u00e9 \u00e0 terre, un policier assis sur son dos \u00e0 califourchon et l&rsquo;autre lui faisant une cl\u00e9 d&rsquo;\u00e9tranglement. Les rapports d&rsquo;expertise m\u00e9dicale ont conclu que la mort du jeune homme \u00e9tait due \u00e0 une asphyxie m\u00e9canique cons\u00e9cutive \u00e0 une compression thoracique et une clef de bras pratiqu\u00e9es par les policiers avec trop de force et durant trop longtemps. D\u00e9j\u00e0 bleu et inconscient selon plusieurs t\u00e9moins, il avait \u00e9t\u00e9 \u00ab\u00a0jet\u00e9\u00a0\u00bb dans un voiture de police secours, o\u00f9 il \u00e9tait tomb\u00e9 inerte au sol, sans que les membres de l&rsquo;\u00e9quipage ne s&rsquo;inqui\u00e8tent. Son d\u00e9c\u00e8s avait \u00e9t\u00e9 constat\u00e9 au commissariat. Le Comit\u00e9 de soutien \u00ab\u00a0Justice pour Hakim\u00a0\u00bb organise samedi \u00e0 Grasse une marche du souvenir, depuis le lieu de l&rsquo;interpellation du jeune homme de 22 ans, boulevard Victor-Hugo, jusqu&rsquo;\u00e0 la mairie.<\/div>\n<div align=\"justify\">\n<hr\/>\n<\/div>\n<div align=\"center\"><b><span lang=\"FR\"><font size=\"3\">D\u00e9t\u00e9rioration de l\u2019\u00e9tat de sant\u00e9 de Rafik Tahar Ali, prisonnier en gr\u00e8ve de la faim depuis 8 jours<\/font><\/span><\/b><\/div>\n<div align=\"justify\">\n<hr\/>\n<\/div>\n<p><b><i><span lang=\"FR\">Assabilonline<\/span><\/i><\/b><span lang=\"FR\">,<\/span><span lang=\"FR\"> Tunis<\/span><\/p>\n<p><span lang=\"FR\">Une source a inform\u00e9 <i>Assabilonline<\/i> jeudi 6 mai 2010 que l\u2019\u00e9tat de sant\u00e9 du prisonnier politique Rafik Ben Mohammed Tahar Ali, en gr\u00e8ve de la faim depuis le 27 avril dernier, s\u2019\u00e9tait d\u00e9grad\u00e9 et que Rafik \u00e9tait amaigri et pale. Sa famille a affirm\u00e9 dans la foul\u00e9e de la visite qu\u2019elle lui a rendue mardi 4 mai que leur fils observait toujours la gr\u00e8ve sauvage de la faim et de la soif qu\u2019il avait commenc\u00e9e mardi dernier (27 avril).<\/span><\/p>\n<p><span lang=\"FR\">Sa famille a renouvel\u00e9 son appel \u00e0 l\u2019aide en direction de tous les d\u00e9fenseurs des droits humains et aux organisations agissant pour les libert\u00e9s et les droits de l\u2019homme pour sauver leur fils et r\u00e9gler sa situation dans les plus courts d\u00e9lais [\u2026] Rafik Tahar Ali a commenc\u00e9 sa gr\u00e8ve de la faim pour exiger sa lib\u00e9ration [\u2026] et sa famille a lanc\u00e9 un appel \u00e0 toutes les organisations de la soci\u00e9t\u00e9 civile et \u00e0 tous les \u00eatres libres en Tunisie ainsi qu\u2019\u00e0 tous les d\u00e9fenseurs des droits de l\u2019homme dans le monde \u00e0 \u0153uvrer \u00e0 r\u00e9gler l\u2019affaire de leur fils et ce, d\u2019autant que ce dernier a d\u00e9cid\u00e9 de continuer sa gr\u00e8ve jusqu\u2019\u00e0 sa lib\u00e9ration.<\/span><\/p>\n<p><span lang=\"FR\">Son avocat a affirm\u00e9 que son client avait ni\u00e9 toutes les accusations qui lui avaient \u00e9t\u00e9 imput\u00e9es comme il avait ni\u00e9 tout rapport avec un acte ou un groupe terroriste et que l\u2019enqu\u00eate n\u2019avait pas permis d\u2019\u00e9tablir la moindre preuve contre lui. Rafik Tahar Ali est ing\u00e9nieur et dirige le projet de l\u2019h\u00f4pital Hannibal du Lac de Tunis. Il a \u00e9t\u00e9 arr\u00eat\u00e9 sur son lieu de travail par des agents de police en civil au d\u00e9but du mois de mars dernier, en vertu de la loi anti terroriste. 06-05-2010 <\/span><\/p>\n<div>\n<hr\/>\n<\/div>\n<div align=\"center\"><b><span lang=\"EN-GB\"><font size=\"3\">Les turpitudes de mon \u00ab\u00a0sup\u00e9rieur hi\u00e9rarchique\u00a0\u00bb, Ben Ali<\/font><\/span><\/b><\/div>\n<div>\n<hr\/>\n<\/div>\n<p><span lang=\"FR\"><a href=\"http:\/\/\/\" target=\"_blank\" title=\"Envoyer \u00e0 des amis ou publier sur votre profil.\" rel=\"noopener\"><span lang=\"EN-GB\"><\/p>\n<div> \u00a0<\/div>\n<p><\/span><\/a><\/span><\/p>\n<p><b><span lang=\"EN-GB\">par Slim BAGGA<\/span><\/b><span lang=\"EN-GB\">  Que retiendra-t-on dans ce pays de la longue parenth\u00e8se Ben Ali? Qu&rsquo;\u00e9criront les historiens alors que les mots sont vains pour d\u00e9crire ce quart de si\u00e8cle o\u00f9 de turpitudes en ridicule, ce flic \u00ab\u00a0de sous-pr\u00e9fecture\u00a0\u00bb aura d\u00e9shonor\u00e9 et d\u00e9sacralis\u00e9 jusqu&rsquo;\u00e0 la fonction pr\u00e9sidentielle? Je ne vous cache pas que lorsque j&rsquo;\u00e9voque cet homme, j&rsquo;ai comme l&rsquo;impression de parler du voyou infr\u00e9quentable du quartier de mon adolescence. Et cette attitude, je ne l&rsquo;ai pas cherch\u00e9 \u00e0 vrai dire. Elle s&rsquo;est impos\u00e9e d&rsquo;elle-m\u00eame \u00e0 travers les ann\u00e9es et les faits. A propos de faits, j&rsquo;ai re\u00e7u hier encore dans la soir\u00e9e l&rsquo;article de www.bilmakchouf.org et son encre naus\u00e9abonde. En le lisant, sans m\u00eame avoir \u00e0 le relire ni \u00e0 l&rsquo;analyser, j&rsquo;y d\u00e9c\u00e8lais encore l&rsquo;ombre d&rsquo;un d\u00e9sinformateur-n\u00e9, d&rsquo;un menteur, d&rsquo;un simulateur et d&rsquo;un pr\u00e9tendu chef d&rsquo;Etat ridicule et qui s&rsquo;ignore comme tel. Le Parrain Benal\u00e9one aime la simulation, disais-je: alors simulons. Admettons que je sois l&rsquo;agent du Mossad que seuls ses sbires et plumitifs du minist\u00e8re de l&rsquo;Int\u00e9rieur d\u00e9crient et d\u00e9noncent. Admettons que les Palestiniens m&rsquo;ont d\u00e9couvert et sont persuad\u00e9s de mon implication dans l&rsquo;assassinat de Palestiniens atteints dans leur vie \u00e0 quelques encablures du Palais de Carthage que Ben Ali a squatt\u00e9. Admettons tous les sc\u00e9nari les plus invraisemblables qui meublent les colonnes de la presse mauve depuis qu&rsquo;il a usurp\u00e9 la R\u00e9publique. Mais alors, pourquoi je me meus librement, je circule, voyage et fais mon march\u00e9, contrairement \u00e0 celui qui vit dans ses bunkers, qui ne sort qu&rsquo;accompagn\u00e9 de milliers de policiers, qui est agoraphobe, pr\u00e9tendant pourtant \u00eatre \u00e9lu \u00e0 90% des voix, et qui tient au pouvoir car conscient que sa destination, en quittant Carthage, sera la prison. Voyez-vous, G\u00e9n\u00e9ral Zinochet: il y a comme toujours des lacunes dans tout ce que vous entreprenez m\u00eame dans la vengeance aveugle. Cette vengeance volontaire qui vous a d\u00e8s 1987 \u00e9loign\u00e9 de la stature d&rsquo;un chef d&rsquo;Etat. Ce que Ben Ali a fait \u00e0 la Tunisie et aux Tunisiens est in\u00e9dit dans l&rsquo;histoire des dictatures arabes et des dictatures tout court. Dans quel pays arabe a-t-on vu, sur le cours de l&rsquo;Histoire, un dirigeant accuser un aussi grand nombre de ses concitoyens de tra\u00eetrise? O\u00f9? Quand?  Et cette obsession, ce syndrome du Mossad qui semble lui peser tant et si fort qu&rsquo;il croit conjurer son propre sort en tentant de souiller ses adversaires&#8230; Enfin, puisque nous sommes dans la simulation, depuis quand d\u00e9nonce-t-on les coll\u00e8gues? Ben Ali a-t-il oubli\u00e9 qu&rsquo;il serait lui-m\u00eame mon sup\u00e9rieur hi\u00e9rarchique dans l&rsquo;organigramme des agents tunisiens \u00e0 la solde de puissances \u00e9trang\u00e8res? <\/span><span lang=\"FR\">Son parcours de larbin de Kadhafi, de repr\u00e9sentant de la CIA aupr\u00e8s de Jaruzelsky ne sont-ils pas ant\u00e9rieurs \u00e0 mon propre recrutement? <\/span><span lang=\"EN-GB\">D\u00e9cid\u00e9ment, non seulement ce r\u00e9gime est tyrannique, mafieux, brutal, \u00e0 courte vue. Mais il est aussi et surtout \u00e0 court d&rsquo;id\u00e9es dans ce qui le caract\u00e9rise le plus, en l&rsquo;occurrence le mensonge et la mise en pratique de sa haine cong\u00e9nitale \u00e0 l&rsquo;encontre de ceux qui ont fait de lui un roi nu&#8230;  <\/span><span lang=\"FR\"><strong><font>Slim BAGGA<\/font><\/strong><\/span><\/p>\n<p>\u00a0<\/p>\n<div>\n<hr\/>\n<\/div>\n<div align=\"center\"><strong><\/p>\n<h3 style=\"color: blue;\"><font size=\"3\">Taoufik Ben Brik : \u00ab\u00a0Comme toujours, la France se goure\u00a0\u00bb<\/font><\/h3>\n<p><\/strong><\/div>\n<div align=\"justify\">\n<hr\/>\n<\/div>\n<div align=\"justify\"> Dix jours apr\u00e8s sa lib\u00e9ration, le journaliste et opposant tunisien \u00e9tait vendredi l\u2019invit\u00e9 d\u2019un tchat sur Nouvelobs.com. Son opposition au r\u00e9gime du pr\u00e9sident Ben Ali est intacte, sa libert\u00e9 de parole aussi.  Vendredi 7 mai, Taoufik Ben Brik, journaliste et \u00e9crivain tunisien \u00e9tait l\u2019invit\u00e9 d\u2019un tchat sur Nouvelobs.com. A la question d\u2019un internaute sur son \u00e9tat de sant\u00e9 apr\u00e8s 180 jours de prison en Tunisie, l\u2019opposant au r\u00e9gime du pr\u00e9sident Ben Ali, n&rsquo;a rien perdu de son humour : \u00ab\u00a0Je suis frais comme un gardon\u00a0\u00bb. Plus loin, il glissera entre deux pirouettes : \u00ab\u00a0malade et sans le sou, mais toujours debout\u00a0\u00bb. Et l\u2019annonce de sa candidature \u00e0 l\u2019\u00e9lection pr\u00e9sidentielle de 2014 ? \u00ab\u00a0Ce n\u2019est qu\u2019un dream \u00e0 la Martin Luther King. Et vous avez vu, le bougre a \u00e9t\u00e9 liquid\u00e9\u00a0\u00bb. Pense-t-il que la presse est moins libre en Tunisie que dans les autres pays du Maghreb ? \u00ab\u00a0Je ne le pense pas, je le sens dans mon corps. Si dans tous les coins de la plan\u00e8te, y compris les pays du Maghreb, on emmerde les journalistes, on les liquide, on les embastille; en Tunisie on a fait mieux : plus besoin de se tracasser avec ces maboules de journalistes, puisque on a liquid\u00e9, gaz\u00e9, bombard\u00e9 avec une bombe H le m\u00e9tier. Le m\u00e9tier de journaliste : niente.\u00a0\u00bb. Faut-il pour autant ne pas aller en Tunisie ? \u00ab\u00a0Le boycott ne m\u00e8ne \u00e0 rien. Ben Ali a le budget de Coca-cola pour r\u00e9sister aux ann\u00e9es vaches.\u00a0\u00bb Une liaison incestueuse Taoufik Ben Brik est aussi interpell\u00e9 sur la position de la France vis-\u00e0-vis du r\u00e9gime tunisien. Est-ce encore si important ? \u00ab\u00a0C&rsquo;est l&rsquo;ancien colon. Pis la Tunisie reste dans le giron de la Gaule. La politique ext\u00e9rieure est ax\u00e9e pratiquement sur la France. C&rsquo;est une liaison dangereuse, incestueuse. La France croit que son int\u00e9r\u00eat est dans un Ben Ali p\u00e9p\u00e8re et surtout un Ben Ali &lsquo;perp\u00e8te&rsquo;. Un Ben Ali, un Ben A vie. La France se goure. Comme toujours\u00a0\u00bb. Qu\u2019attend-il alors de sa prochaine rencontre avec Nicolas Sarkozy ? \u00ab\u00a0C&rsquo;est la derni\u00e8re fois que je frappe \u00e0 la porte de l&rsquo;Elys\u00e9e. En cas d&rsquo;\u00e9chec, je frapperai \u00e0 la porte des \u00e9toiles, \u00e0 l&rsquo;Am\u00e9rique. Rencontrer le pr\u00e9sident des pr\u00e9sidents, Barak Hussein Obama. Ils disent qu&rsquo;il est disponible pour les troubadours.\u00a0\u00bb (Claire Fleury &#8211; Nouvelobs.com)<\/div>\n<div align=\"justify\">\u00a0<\/div>\n<div align=\"justify\"><strong><font>(Source: Nouvelobs.com le 7 mai 2010)<\/font><\/strong><\/div>\n<\/div>\n<\/div>\n<\/div>\n<div>\n<div>\n<div><font face=\"Arial\" size=\"2\"><\/p>\n<div>\n<div>\n<div onclick=\"return Control.invoke('ReadingPane', '_onBodyClick', event);\">\n<div>\n<div>\n<div>\n<p dir=\"ltr\">\u00a0<\/p>\n<\/div>\n<\/div>\n<\/div>\n<\/div>\n<\/div>\n<\/div>\n<p><\/font><\/div>\n<\/div>\n<\/div>\n<p align=\"center\" dir=\"ltr\">\n<h3 style=\"color: blue;\"><font face=\"Arial\" size=\"2\"><strong><b><a href=\"http:\/\/www.tunisnews.net\/\"><font face=\"Arial\"><span><font size=\"2\">Home<\/font><\/span><font size=\"2\"><span lang=\"FR-CH\"> &#8211; Accueil <\/span><span>&#8211; <\/span><\/font><\/font><span dir=\"rtl\" lang=\"AR-SA\"><font size=\"2\">\u0627\u0644\u0631\u0626\u064a\u0633\u064a\u0629<\/font><\/span><\/a><\/b><\/strong><\/font><\/h3>\n<\/p>\n<p align=\"center\" dir=\"ltr\">\u00a0<\/p>\n<p><\/body><\/body><\/html><\/p>\n","protected":false},"excerpt":{"rendered":"<p>\u00a0 TUNISNEWS 10\u00a0\u00e8me ann\u00e9e,N\u00b0\u00a03636 du 07.05.2010 \u00a0archives : www.tunisnews.net\u00a0 FTCR:TROIS \u00c9MINENTS AVOCATS TUNISIENS D\u00c9FENSEURS DES DROITS DE L\u2019HOMMESUBISSENT \u00ab LA R\u00c9PRESSION \u00c9CONOMIQUE \u00bb AISPP: Proc\u00e8s du 6 maI C.R.L.D.H. Tunisie: 2 ans apr\u00e8s le d\u00e9c\u00e9s d\u00b4 EL ALEIMI le gouvernement fait toujours la sourde oreille face \u00e0 l\u2019exigence d\u2019une commission d\u2019enqu\u00eate IFEX: Les journalistes tunisiens [&hellip;]<\/p>\n","protected":false},"author":1,"featured_media":22040,"comment_status":"open","ping_status":"open","sticky":false,"template":"","format":"standard","meta":{"inline_featured_image":false,"site-sidebar-layout":"default","site-content-layout":"","ast-site-content-layout":"default","site-content-style":"default","site-sidebar-style":"default","ast-global-header-display":"","ast-banner-title-visibility":"","ast-main-header-display":"","ast-hfb-above-header-display":"","ast-hfb-below-header-display":"","ast-hfb-mobile-header-display":"","site-post-title":"","ast-breadcrumbs-content":"","ast-featured-img":"","footer-sml-layout":"","ast-disable-related-posts":"","theme-transparent-header-meta":"","adv-header-id-meta":"","stick-header-meta":"","header-above-stick-meta":"","header-main-stick-meta":"","header-below-stick-meta":"","astra-migrate-meta-layouts":"default","ast-page-background-enabled":"default","ast-page-background-meta":{"desktop":{"background-color":"","background-image":"","background-repeat":"repeat","background-position":"center center","background-size":"auto","background-attachment":"scroll","background-type":"","background-media":"","overlay-type":"","overlay-color":"","overlay-opacity":"","overlay-gradient":""},"tablet":{"background-color":"","background-image":"","background-repeat":"repeat","background-position":"center center","background-size":"auto","background-attachment":"scroll","background-type":"","background-media":"","overlay-type":"","overlay-color":"","overlay-opacity":"","overlay-gradient":""},"mobile":{"background-color":"","background-image":"","background-repeat":"repeat","background-position":"center center","background-size":"auto","background-attachment":"scroll","background-type":"","background-media":"","overlay-type":"","overlay-color":"","overlay-opacity":"","overlay-gradient":""}},"ast-content-background-meta":{"desktop":{"background-color":"var(--ast-global-color-5)","background-image":"","background-repeat":"repeat","background-position":"center center","background-size":"auto","background-attachment":"scroll","background-type":"","background-media":"","overlay-type":"","overlay-color":"","overlay-opacity":"","overlay-gradient":""},"tablet":{"background-color":"var(--ast-global-color-5)","background-image":"","background-repeat":"repeat","background-position":"center center","background-size":"auto","background-attachment":"scroll","background-type":"","background-media":"","overlay-type":"","overlay-color":"","overlay-opacity":"","overlay-gradient":""},"mobile":{"background-color":"var(--ast-global-color-5)","background-image":"","background-repeat":"repeat","background-position":"center center","background-size":"auto","background-attachment":"scroll","background-type":"","background-media":"","overlay-type":"","overlay-color":"","overlay-opacity":"","overlay-gradient":""}},"footnotes":""},"categories":[],"tags":[57,41,29],"class_list":["post-19358","post","type-post","status-publish","format-standard","has-post-thumbnail","hentry","tag-57","tag-41","tag-fr"],"_links":{"self":[{"href":"https:\/\/tunisnews.net\/ar\/wp-json\/wp\/v2\/posts\/19358","targetHints":{"allow":["GET"]}}],"collection":[{"href":"https:\/\/tunisnews.net\/ar\/wp-json\/wp\/v2\/posts"}],"about":[{"href":"https:\/\/tunisnews.net\/ar\/wp-json\/wp\/v2\/types\/post"}],"author":[{"embeddable":true,"href":"https:\/\/tunisnews.net\/ar\/wp-json\/wp\/v2\/users\/1"}],"replies":[{"embeddable":true,"href":"https:\/\/tunisnews.net\/ar\/wp-json\/wp\/v2\/comments?post=19358"}],"version-history":[{"count":0,"href":"https:\/\/tunisnews.net\/ar\/wp-json\/wp\/v2\/posts\/19358\/revisions"}],"wp:featuredmedia":[{"embeddable":true,"href":"https:\/\/tunisnews.net\/ar\/wp-json\/wp\/v2\/media\/22040"}],"wp:attachment":[{"href":"https:\/\/tunisnews.net\/ar\/wp-json\/wp\/v2\/media?parent=19358"}],"wp:term":[{"taxonomy":"category","embeddable":true,"href":"https:\/\/tunisnews.net\/ar\/wp-json\/wp\/v2\/categories?post=19358"},{"taxonomy":"post_tag","embeddable":true,"href":"https:\/\/tunisnews.net\/ar\/wp-json\/wp\/v2\/tags?post=19358"}],"curies":[{"name":"wp","href":"https:\/\/api.w.org\/{rel}","templated":true}]}}