{"id":19352,"date":"2008-06-19T00:00:00","date_gmt":"2008-06-19T00:00:00","guid":{"rendered":"https:\/\/tunisnews.net\/19-juin-2008\/"},"modified":"2008-06-19T00:00:00","modified_gmt":"2008-06-19T00:00:00","slug":"19-juin-2008","status":"publish","type":"post","link":"https:\/\/tunisnews.net\/ar\/19-juin-2008\/","title":{"rendered":"19 juin 2008"},"content":{"rendered":"<p><html><head><meta content=\"text\/html\" description=\"  Je soussign\u00e9, Mohammed Nasri, d\u00e9tenteur de la carte d\u2019identit\u00e9 nationale \n  n\u00b001384996, p\u00e8re du prisonnier Okba Nasri, condamn\u00e9 \u00e0 six ans d\u2019emprisonnement, \n  incarc\u00e9r\u00e9 \u00e0 la prison civile de Messaadine 2, je vous informe que lors de la \n  visite \u00e0 mon fils, mardi 17 juin 2008, je l\u2019ai trouv\u00e9 dans un \u00e9tat lamentable, \n  affaibli et tendu, p\u00e2le, \u00e0 cause de ses conditions d\u2019incarc\u00e9ration : il est \n  avec pr\u00e8s de 90 prisonniers qui fument, ont des relations homosexuelles, \n  blasph\u00e8ment \u00e0 un degr\u00e9 insupportable, d\u2019autant plus qu\u2019il y a une diff\u00e9rence \n  d\u2019\u00e2ge entre lui et eux. Mon fils m\u2019a \u00e9galement inform\u00e9 qu\u2019il commencerait une \n  gr\u00e8ve de la faim illimit\u00e9e, ce qui va menacer sa sant\u00e9 et sa vie, il entend \n  protester contre ses conditions d\u2019incarc\u00e9ration. De plus, j\u2019ai trois fils en \n  prison et la situation de mon fils \u00e0 Sousse participe du calvaire que je vis, \n  quant \u00e0 mon autre fils, Hassan Nasri, il se trouve \u00e0 El Haouareb \u00e0 Kairouan et \n  le troisi\u00e8me Hosni, il est \u00e0 la prison de Mornaguia pr\u00e8s de Tunis.\" http-equiv=\"Content-Type\"\/><\/head><body><body><\/p>\n<p align=\"center\" dir=\"ltr\"><font face=\"Arial\" size=\"2\"><b><a href=\"http:\/\/www.tunisnews.net\"><span>Home<\/span><span lang=\"FR-CH\"> &#8211; Accueil <\/span><\/a><\/b><\/font><\/p>\n<div>\n<p><font face=\"Arial\" size=\"2\"><strong> <\/p>\n<div>\n<div>\n<div>\n<div>\n<p><font> <\/p>\n<div align=\"center\">\n<p><font face=\"Arial\" size=\"2\"> <\/p>\n<div align=\"left\">\n<div>\n<div>  <span lang=\"FR\"> <\/p>\n<div align=\"center\" dir=\"ltr\"> <font face=\"Arial\" size=\"7\"> <span lang=\"SV\">                    TUNISNEWS<\/span> <\/font> <\/div>\n<div align=\"center\"> <font face=\"Arial\" size=\"2\">\u00a08\u00a0\u00e8me\u00a0ann\u00e9e,                    <span lang=\"FR\">N\u00b0 2949 du 19.06.2008<\/span><\/font><span><blink><font face=\"Arial\" size=\"2\">\u00a0archives                     : <\/font><a target=\"_blank\" rel=\"noopener\"> <font face=\"Arial\" size=\"2\" target=\"_blank\">                    www.tunisnews.net<\/font><\/a><\/blink><\/span><font> <\/p>\n<hr\/>\n<p><\/font> <\/div>\n<p> <\/span><\/div>\n<\/p><\/div>\n<\/p><\/div>\n<p> <\/font><\/p>\n<\/div>\n<p> <\/font><\/p>\n<\/p><\/div>\n<p> <font face=\"Arial\" size=\"2\"> <\/p>\n<div>\n<div>\n<p><font> <font face=\"Arial\" size=\"2\"><strong>Libert\u00e9 et Equit\u00e9<\/strong>:<strong>La             trag\u00e9die de la famille Nasri<\/strong><\/font> <font><font face=\"Arial\" size=\"2\"><strong>Libert\u00e9 et             Equit\u00e9<\/strong>:<\/font><strong>Gr\u00e8ve de la faim illimit\u00e9e \u00e0 F\u00e9riana<\/strong> <\/font><strong>Association Internationale de Soutien aux Prisonniers             politiques: La vingt septi\u00e8me chambre criminelle de la Cour d\u2019appel             de Tunis&#8230;<\/strong><\/font><\/p>\n<\/div><\/div>\n<p> <\/font><\/div>\n<\/p><\/div>\n<\/p><\/div>\n<p><\/strong><\/font><\/p>\n<\/div>\n<div align=\"left\"> <strong><font>Fran\u00e7ois Montaufray:Ecrire pour le proc\u00e8s de   Mohammed Ben Mohammed et de ses 7 co-accus\u00e9s<\/font><\/strong><\/div>\n<div>\n<h2 style=\"color: red;\"><font><strong>groupe ACAT\/jeunes :\u00ab Nul ne sera soumis \u00e0 la   torture\u2026 \u00bb <\/strong> <\/font><\/h2>\n<p><strong><font>Campagne pour sauver la\u00a0 vie des   prisonniers des deux d\u00e9cennies:Pour mettre fin \u00e0 la politique de la mort lente<\/font><\/strong><\/div>\n<div align=\"left\"> <strong><\/p>\n<h2 style=\"color: red;\"><font>AFP:Tunisie: Tunis d\u00e9ment l&rsquo;agression d&rsquo;un   opposant par la police<\/font><\/h2>\n<p><\/strong><\/div>\n<div align=\"left\"> <font><strong>Labournet:Heftige soziale Unruhen in Tunesien   und Marokko: Tote im Phosphatrevier von Gafsa und in Sidi Ifni<\/strong> <\/font><\/div>\n<div> <strong><\/p>\n<p><font>le portail \u00ab Nawaat \u00bb:Tunisie : Nawaat, quelques   d\u00e9tails concernant l\u2019attaque de nos blogs cet apr\u00e8s-midi<\/font><\/p>\n<p><\/strong> <\/p>\n<div> <font face=\"Arial\" size=\"2\"><strong><font>Les associations     maghr\u00e9bines 1et la Ligue des droits de l\u2019Homme: \u00ab POUR UN MAGHREB DES DROITS     DE L\u2019HOMME \u00bb     <\/font><\/p>\n<h2 style=\"color: red;\"><font>Associated Press:Le syndicat des journalistes     tunisiens d\u00e9nonce des \u00ab\u00a0entraves\u00a0\u00bb<\/font><\/h2>\n<p><\/strong><\/font><\/div>\n<\/p><\/div>\n<div> <font><strong>Communiqu\u00e9 de presse<\/strong> <\/font><\/p>\n<h2 style=\"color: red;\"><font><strong>FTCR:ommuniqu\u00e9:La flamb\u00e9e des prix des   billets p\u00e9nalise les migrants maghr\u00e9bins de retour au pays<\/strong><\/font><\/h2>\n<\/div>\n<div> <strong><font>Le Monde :Entretien: le premier ministre   alg\u00e9rien pr\u00e9conise \u00ab\u00a0un troisi\u00e8me mandat\u00a0\u00bb pour le pr\u00e9sident Bouteflika<\/font><\/strong><\/div>\n<div align=\"left\">\n<h2 style=\"color: red;\"><font><strong>AFP:Alg\u00e9rie: report au 25 juin du proc\u00e8s de deux   convertis<\/strong> <\/font><\/h2>\n<\/div>\n<div>\n<p><font><font><strong>AFP:Presse\/ann\u00e9es de   plomb: R\u00e9f\u00e9r\u00e9 contre le directeur d&rsquo;un journal marocain<\/strong> <\/font><strong>Le Monde :M\u00e9moire de la Shoah : le projet de Nicolas Sarkozy   abandonn\u00e9<\/strong> <\/font><\/p>\n<p><font><strong>AFP:Union pour la M\u00e9diterran\u00e9e: un outil   pour r\u00e9duire l&rsquo;ins\u00e9curit\u00e9 (expert)<\/strong><\/font><\/div>\n<div> <strong><\/p>\n<h3 style=\"color: blue;\"><font>Reuters:Turquie &#8211; En accusation, le parti AKP   pr\u00e9sente sa d\u00e9fense<\/font><\/h3>\n<p><\/strong><\/div>\n<div> <font><strong>AFP:Turquie: premi\u00e8re audience en juillet du   proc\u00e8s en interdiction de l&rsquo;AKP<\/strong> <\/font><font face=\"Arial\" size=\"2\"><strong><\/p>\n<h3 style=\"color: blue;\"><font>AFP:Turquie:   La proc\u00e9dure contre l&rsquo;AKP annonce un \u00e9t\u00e9 chaud en politique<\/font><\/h3>\n<p><\/strong><\/font><\/div>\n<div> <strong><font>AFP:Danemark: le dessinateur de Jyllands-Posten   devait \u00eatre \u00e9trangl\u00e9 (presse)<\/font><\/strong><\/div>\n<div>  \u00a0<\/div>\n<div> <font face=\"Arial\" size=\"2\"><\/p>\n<hr\/>\n<p><\/font><\/div>\n<div align=\"center\"> <font face=\"Arial\" size=\"2\"><font><strong>Sauvez la vie du   prisonnier politique et ing\u00e9nieur Ridha Boukadi   Libert\u00e9 pour Slim Boukhdhir, la plume libre   \u00a0   Libert\u00e9 et Equit\u00e9   <\/strong><\/font><font><strong>Organisation de droits de   l\u2019homme ind\u00e9pendante   33 rue Mokhtar Atya, 1001 Tunis   Tel\/fax: 71 340 860   Email :    liberte.equite@gmail.com    \u00a0   Le 19 juin 2008   <\/strong><\/font><font><strong>\u00a0   <\/strong><\/font><\/p>\n<h3 style=\"color: blue;\"><font><strong>La trag\u00e9die de la famille Nasri<\/strong><\/font><\/h3>\n<p><\/font><\/div>\n<div>  \u00a0<\/div>\n<div> <font><strong>\u00a0Nous avons re\u00e7u la lettre qui suit de Monsieur   Mohammed Nasri, p\u00e8re de trois prisonniers d\u2019opinion, Okba, Hassen et Hosni,   lettre que nous reproduisons telle quelle :   \u00a0   <\/strong><\/font>Tunis, le 18 juin 2008   \u00a0   \u00c0 l\u2019attention de Monsieur le Pr\u00e9sident de Libert\u00e9 et Equit\u00e9   Objet : plainte   Le plaignant : Mohammed Ben Sa\u00efdane Nasri   Je soussign\u00e9, Mohammed Nasri, d\u00e9tenteur de la carte d\u2019identit\u00e9 nationale   n\u00b001384996, p\u00e8re du prisonnier Okba Nasri, condamn\u00e9 \u00e0 six ans d\u2019emprisonnement,   incarc\u00e9r\u00e9 \u00e0 la prison civile de Messaadine 2, je vous informe que lors de la   visite \u00e0 mon fils, mardi 17 juin 2008, je l\u2019ai trouv\u00e9 dans un \u00e9tat lamentable,   affaibli et tendu, p\u00e2le, \u00e0 cause de ses conditions d\u2019incarc\u00e9ration : il est   avec pr\u00e8s de 90 prisonniers qui fument, ont des relations homosexuelles,   blasph\u00e8ment \u00e0 un degr\u00e9 insupportable, d\u2019autant plus qu\u2019il y a une diff\u00e9rence   d\u2019\u00e2ge entre lui et eux. Mon fils m\u2019a \u00e9galement inform\u00e9 qu\u2019il commencerait une   gr\u00e8ve de la faim illimit\u00e9e, ce qui va menacer sa sant\u00e9 et sa vie, il entend   protester contre ses conditions d\u2019incarc\u00e9ration. De plus, j\u2019ai trois fils en   prison et la situation de mon fils \u00e0 Sousse participe du calvaire que je vis,   quant \u00e0 mon autre fils, Hassan Nasri, il se trouve \u00e0 El Haouareb \u00e0 Kairouan et   le troisi\u00e8me Hosni, il est \u00e0 la prison de Mornaguia pr\u00e8s de Tunis.   Je vous supplie d\u2019examiner cette situation le plus rapidement possible pour   que mon fils Okba Nasri soit transf\u00e9r\u00e9 de la prison de Messaadine dans le   gouvernorat de Sousse au plus pr\u00e8s de mon lieu de r\u00e9sidence \u00e0 Menzel Bourguiba   et je vous en remercie par avance.   La paix soit sur vous   Mohammed Nasri   PS : je porte \u00e0 votre connaissance que j\u2019ai demand\u00e9 \u00e0 rencontre le directeur   de la prison de Messaadine afin d\u2019\u00e9voquer la situation de mon fils ; il a   refus\u00e9 de me recevoir.   \u00a0   \u00a0   <strong><font>Pour le bureau ex\u00e9cutif de l\u2019organisation   Le Pr\u00e9sident   Ma\u00eetre Mohammed Nouri   <\/font><\/strong>(traduction ni revue ni corrig\u00e9e par les auteurs de la version   originale, LT) \u00a0<\/div>\n<div>  \u00a0<\/div>\n<p><font face=\"Arial\" size=\"2\"><\/p>\n<div>\n<hr\/>\n<\/div>\n<div align=\"center\"> <strong><font>Sauvez la vie du prisonnier politique et   ing\u00e9nieur Ridha Boukadi   Libert\u00e9 pour Slim Boukhdhir, la plume libre      Libert\u00e9 et Equit\u00e9   <font>Organisation de droits de l\u2019homme ind\u00e9pendante   33 rue Mokhtar Atya, 1001 Tunis   Tel\/fax: 71 340 860   Email : <a href=\"mailto:liberte.equite@gmail.com\">liberte.equite@gmail.com<\/a>   Le 17 juin 2008   <\/font> <\/font><\/p>\n<h3 style=\"color: blue;\"><font>Gr\u00e8ve de la faim illimit\u00e9e \u00e0 F\u00e9riana<\/font><\/h3>\n<p><\/strong><\/div>\n<div>  \u00a0<\/div>\n<div>     Aujourd\u2019hui, mardi 17 juin \u00e0 midi, messieurs Abdelkhalek Hermessi, Fethi   Labidi, Mohammed Tahar Saadaoui et Mohammed Atef Za\u00efri ont commenc\u00e9 [une gr\u00e8ve   de la faim, LT] \u00e0 l\u2019Union R\u00e9gionale du Travail de F\u00e9riana pour exiger des   autorit\u00e9s la lib\u00e9ration inconditionnelle des jeunes de F\u00e9riana ainsi que leur   pr\u00e9sentation \u00e0 un m\u00e9decin l\u00e9giste afin de caract\u00e9riser les l\u00e9sions corporelles   issues de l\u2019agression de la police \u00e0 leur encontre, au moyen de coups de   tortures et l\u2019ouverture d\u2019une enqu\u00eate impartiale sur les agressions commises   sur les jeunes de la r\u00e9gion, l\u2019ouverture d\u2019un dialogue s\u00e9rieux entre toutes   les parties pour sortir de la crise sans recours \u00e0 la solution s\u00e9curitaire.   Des dizaines de citoyens de F\u00e9riana se sont joints \u00e0 eux en soutien.      Aujourd\u2019hui, mardi 17 juin 2008, le tribunal a condamn\u00e9 \u00e0 l\u2019emprisonnement   Houssine Sellami, n\u00e9 le 2 d\u00e9cembre 1971, Noureddine Rahimi, n\u00e9 le 10 juin   1986, Mohammed Ouejdi Saadaoui, n\u00e9 le 22 octobre 1987, Mohammed Salah Tlili,   n\u00e9 en 1989 et Sofiane Tifi, [n\u00e9 le, LT] 24 janvier 1990, \u00e0 une ann\u00e9e   d\u2019emprisonnement.[\u2026]      Pour le bureau ex\u00e9cutif de l\u2019organisation   <strong><font>Le Pr\u00e9sident   Ma\u00eetre Mohammed Nouri   <\/font><\/strong>   (traduction d\u2019extraits ni revue ni corrig\u00e9e par les auteurs de la version   originale, LT)<\/div>\n<div>\n<hr\/>\n<\/div>\n<div align=\"center\"> <font><strong>Libert\u00e9 pour tous les prisonniers politiques   Libert\u00e9 pour Abdallah Zouari, le journaliste exil\u00e9 dans son propre pays   \u00a0   Association Internationale de Soutien aux Prisonniers politiques   <\/strong><\/font><font><strong>43 Rue Eldjazira, Tunis   e-mail :    aispptunisie@yahoo.fr    \u00a0   Tunis, le 17 juin 2008   <\/strong><\/font><font><strong>\u00a0   <\/strong><\/font><\/p>\n<p><font><strong>* La vingt septi\u00e8me chambre   criminelle de la Cour d\u2019appel de Tunis, pr\u00e9sid\u00e9e par le juge Mannoubi Hamidane,   a examin\u00e9 le vendredi 6 juin 2007 :<\/strong><\/font><\/p>\n<\/div>\n<div>  \u00a0<\/div>\n<p><\/font><\/p>\n<div>     &#8211; l\u2019affaire n\u00b010600, dans laquelle sont d\u00e9f\u00e9r\u00e9s Khatib Boukhari, n\u00e9 le 30 ao\u00fbt   1955, La\u00efd Jaouadi, n\u00e9 le 14 novembre 1975, Hafedh Samoudi, n\u00e9 le 17 mai 1983,   Hassib Chabbi, n\u00e9 le 6 juin 1984, Ramzi Brini, n\u00e9 le 30 janvier 1985, Sami   Kdiri, n\u00e9 le2 mars 1976, Abdeljelil Aliaoui, n\u00e9 le 27 juin 1984, Abdessalam   Bali, n\u00e9 9 juin 1984, Ali Lafi, n\u00e9 le 3 juin 1977, Ghassen Siliane, n\u00e9 le 17   Juillet 1987, Gammoudi Hamed, n\u00e9 le 16 ao\u00fbt 1981, Mokhtar Akouri, n\u00e9 le 23   octobre 1985, Mourad Saadi, n\u00e9 le 15 juillet 1986, Nejmeddine Bargougui, n\u00e9 le   6 mars 1979, Noureddine Harich, n\u00e9 le 16 d\u00e9cembre 1985, Mohammed Ali Horchani,   n\u00e9 le 4 mai 1971, Habib Hafsi, n\u00e9 le 12 janvier 1984, Ramzi Romdhani, n\u00e9 le 18   avril 1977 et Ali Amri, n\u00e9 le 9 f\u00e9vrier 1983, en vertu de la loi du 10   d\u00e9cembre 2003, dite \u00abantiterroriste \u00bb, l\u2019acte d\u2019accusation comporte les chefs   d\u2019incitation \u00e0 la commission d\u2019infractions terroristes, d\u2019adh\u00e9sion \u00e0 une   organisation en rapport avec les infractions terroristes, d\u2019utilisation d\u2019un   nom, d\u2019un mot et d\u2019un symbole pour identifier une organisation terroriste, ses   membres et ses activit\u00e9s, d\u2019adh\u00e9sion sur le territoire de la R\u00e9publique et \u00e0   l\u2019\u00e9tranger \u00e0 une organisation terroriste ayant fait du terrorisme un moyen de   r\u00e9aliser ses objectifs, d\u2019entra\u00eenements militaires en Tunisie et \u00e0 l\u2019\u00e9tranger   en vue de commettre des infractions terroristes sur le territoire de la   R\u00e9publique, d\u2019utilisation du territoire de la R\u00e9publique pour recruter et   entra\u00eener des personnes en vue de commettre un acte terroriste sur le   territoire de la R\u00e9publique, de fourniture d\u2019armes, d\u2019explosifs, de munitions   et autres produits et \u00e9quipements similaires \u00e0 une organisation en rapport   avec les infractions terroristes, de fourniture d\u2019informations pour l\u2019aider \u00e0   commettre des infractions terroristes, de mise \u00e0 disposition d\u2019un local de   r\u00e9union pour les membres d\u2019une organisation en rapport avec les infractions   terroristes, d\u2019h\u00e9bergement clandestin, d\u2019aide \u00e0 la fuite, de cotisations et de   collecte de fonds destin\u00e9s \u00e0 financer des personnes, une organisation, et des   activit\u00e9s en rapport avec les infractions terroristes. Ma\u00eetres Ibada K\u00e9fi,   Abdelfattah Mourou, Abderraouf Ayadi, Mokhtar Jallali, Kamel Hamdi, Boubaker   Ben Ali, Samir Ben Amor, Ayachi Hammami et Samir Dilou se sont pr\u00e9sent\u00e9s pour   les d\u00e9fendre. Le juge a d\u00e9cid\u00e9 de repousser l\u2019examen de l\u2019affaire au 20 juin   2008, \u00e0 la demande des avocats.   \u00a0   &#8211; L\u2019affaire n\u00b011309 dans laquelle sont d\u00e9f\u00e9r\u00e9s Salem Mezhoud, Saber M\u2019barek,   Oualid Ben Na\u00efma, Majed Bourourou, Mourad Bousnina, Karim Menissi, Khema\u00efs   Zayyane, Mohammed Mejdoub, Mohammed Atia, Mohammed Ja\u00efdane, Souha\u00efl Berriche,   accus\u00e9s d\u2019incitation \u00e0 la commission d\u2019infractions terroristes, d\u2019utilisation   d\u2019un nom, d\u2019un mot et d\u2019un symbole pour identifier une organisation   terroriste, d\u2019adh\u00e9sion \u00e0 une organisation ayant fait du terrorisme un moyen de   r\u00e9aliser ses objectifs, d\u2019adh\u00e9sion sur le territoire de la R\u00e9publique et \u00e0   l\u2019\u00e9tranger \u00e0 une organisation terroriste, d\u2019utilisation du territoire de la   R\u00e9publique pour recruter des personnes en vue de commettre un acte terroriste   en Tunisie et \u00e0 l\u2019\u00e9tranger. Ma\u00eetres Choukri Bela\u00efd, Zouha\u00efer Mahjoub, Sahbia   Belhajj Salem, Radhia Nasraoui, Samir Ben Amor et Renda Mahjoub se sont   pr\u00e9sent\u00e9s pour les d\u00e9fendre. Le juge a d\u00e9cid\u00e9 de repousser l\u2019examen de   l\u2019affaire au 8 juillet 2008.   \u00a0   &#8211; L\u2019affaire n\u00b011240 dans laquelle sont d\u00e9f\u00e9r\u00e9s Riyadh Ouslati, Jamel Ara\u00efssia,   Zyed Triki, Samir Hafidh, Lotfi Moussa, Salah Mahdhi, Lotfi Kurdi, Nabil Lafi,   H\u00e9di H\u00e9dhiri, accus\u00e9s d\u2019incitation \u00e0 la commission d\u2019infractions terroristes,   d\u2019utilisation d\u2019un nom, d\u2019un mot et d\u2019un symbole pour identifier une   organisation terroriste, d\u2019adh\u00e9sion \u00e0 une organisation ayant fait du   terrorisme un moyen de concr\u00e9tiser ses objectifs, d\u2019adh\u00e9sion sur le territoire   de la R\u00e9publique et \u00e0 l\u2019\u00e9tranger \u00e0 une organisation terroriste, d\u2019utilisation   du territoire de la R\u00e9publique pour recruter des personnes en vue de commettre   une action terroriste en Tunisie et \u00e0 l\u2019\u00e9tranger. Ma\u00eetres Samir Ben Amor,   Kelthoum Zaoui, Ibada K\u00e9fi, Abdelfattah Mourou, Ali Abdelk\u00e9bir, Tarek Rezgui,   Mohsen Sahbani et Boubaker Ben Ali pour assurer leur d\u00e9fense. A l\u2019issue des   plaidoiries des avocats le juge a d\u00e9cid\u00e9 de suspendre la s\u00e9ance pour le   d\u00e9lib\u00e9r\u00e9 et le prononc\u00e9 du jugement.   \u00a0   &#8211; L\u2019affaire n\u00b011255 dans laquelle sont d\u00e9f\u00e9r\u00e9s Hamza Gabsi, Khaled Moulay Ali,   Ka\u00efs Jaffali, Badreddine Kid, Mohammed Ali Dridi, Hamza Boubaker, Naoufel   Sassi, Yassine Khelifi, Aymen Oueslati, Nader Gharbi, accus\u00e9s d\u2019incitation \u00e0   la commission d\u2019infractions terroristes, d\u2019utilisation d\u2019un nom, d\u2019un mot et   d\u2019un symbole pour identifier une organisation terroriste, d\u2019adh\u00e9sion \u00e0 une   organisation ayant fait du terrorisme un moyen de r\u00e9aliser ses objectifs.   Ma\u00eetres Choukri Bela\u00efd, Kelthoum Zaoui, Ahmed N\u00e9jib Chebbi, Ta\u00efeb Chebbi,   Hichem Belhajj Hamida se sont pr\u00e9sent\u00e9s pour assurer leur d\u00e9fense. Le juge a   d\u00e9cid\u00e9 de repousser l\u2019examen de l\u2019affaire au 20 juin 2008.   \u00a0   * la quatri\u00e8me chambre criminelle du Tribunal de Premi\u00e8re Instance de Tunis,   pr\u00e9sid\u00e9e par le juge Mehrez Hammami, a examin\u00e9 samedi 14 juin 2008 :   \u00a0   &#8211; l\u2019affaire n\u00b015734 dans laquelle sont d\u00e9f\u00e9r\u00e9s Atef Dhaouadi, Khaled Ouerghi,   Ali Yarmani, Abdelkader Sa\u00efdani, Aymen Khatrouchi, Nabil Mokkadem, Issam   Dhaouadi, Anis Kilani, Hichem Nefzi, Yassine Ghanmi, Abdelhakim Mchergui,   Issam Hannachi, Ramzi Hakiri, Ali Sahbani, accus\u00e9s d\u2019adh\u00e9sion sur le   territoire de la R\u00e9publique \u00e0 une entente ayant fait du terrorisme un moyen de   r\u00e9aliser ses objectifs, d\u2019utilisation du territoire de la R\u00e9publique pour   recruter des personnes en vue de commettre un acte terroriste en Tunisie et \u00e0   l\u2019\u00e9tranger, de mise \u00e0 disposition d\u2019un local de r\u00e9union, d\u2019h\u00e9bergement de   membres de l\u2019entente et de personnes en rapport avec les infractions   terroristes, d\u2019adh\u00e9sion hors du territoire de la R\u00e9publique \u00e0 une organisation   ayant fait du terrorisme un moyen de r\u00e9aliser ses objectifs, d\u2019entra\u00eenements   militaires hors du territoire de la R\u00e9publique en vue de commettre des   infractions terroristes sur le territoire de la R\u00e9publique et \u00e0 l\u2019\u00e9tranger. Le   juge a d\u00e9cider de reporter l\u2019examen de l\u2019affaire au 25 juin 2008 \u00e0 la demande   de Ma\u00eetre Samir Ben Amor.   \u00a0   &#8211; L\u2019affaire n\u00b015844 dans laquelle est d\u00e9f\u00e9r\u00e9 Abdallah Drissa, accus\u00e9   d\u2019appartenance \u00e0 une bande de malfaiteurs. Le juge a d\u00e9cid\u00e9 de repousser   l\u2019examen de l\u2019affaire au 21 juin 2008, \u00e0 la demande de son avocat, Ma\u00eetre   Samir Ben Amor.   \u00a0   * La quatorzi\u00e8me chambre criminelle de la Cour d\u2019Appel de Tunis a examin\u00e9   samedi 14 juin 2008 :   \u00a0   &#8211; L\u2019affaire n\u00b09055 dans laquelle sont d\u00e9f\u00e9r\u00e9s Mohammed Smaoui, Mohammed Ali   Biskri, Ali Hajjaji, Mohammed Abbas, Faouzi et Fethi Azizi, Mohammed Khmila,   Ridha Thabet, Raouf Amri, Mehrez Sa\u00efdi, Anis Hajjaji, Mohammed Ben Younes,   Mohammed M\u2019hamdi, Mehdi Ben Mehrez, Fay\u00e7al Sassi, Youssef Troudi, Mohammed   Razgui, B\u00e9chir Zitouni et Mabrouk Boudhafri. Ma\u00eetres Abdelfattah Mourou,   Mohammed N\u00e9jib Ben Youssef, Monji Ben Mustapha, Kelthoum Zaoui, H\u00e9di Abbassi,   Chaker Alaouane, Amenallah Mourou, Samir Ben Amor, Adnane Ben Romdhane, Ahmed   Seddik, Mohammed Benkadhi, Radhia Dridi, Mounia Boussalmi, Soufiane Belhajj   Mohammed se sont pr\u00e9sent\u00e9s pour les d\u00e9fendre. Le juge a d\u00e9cid\u00e9 de repousser   l\u2019examen de l\u2019affaire au 25 juin 2008.   \u00a0   * la vingt septi\u00e8me chambre criminelle de la Cour d\u2019Appel de Tunis, pr\u00e9sid\u00e9e   par le juge Mannoubi Hamidane, a examin\u00e9 vendredi 13 juin 2008 :   \u00a0   &#8211; l\u2019affaire n\u00b011095 dans laquelle sont d\u00e9f\u00e9r\u00e9s Mabrouk Khammassi, Ghazi Soula,   Rached Ben Jaafar, Abdelmajid Bouslimi, Hichem Marsani, H\u00e9di Marouani, Ramzi   Ouechtati, Elyes H\u00e9dhili, Ha\u00efkel Touati, accus\u00e9s d\u2019adh\u00e9sion sur le territoire   de la R\u00e9publique \u00e0 une entente ayant fait du terrorisme un moyen de r\u00e9aliser   ses objectifs, d\u2019utilisation du territoire de la R\u00e9publique pour recruter des   personnes en vue de commettre un acte terroriste sur le territoire de la   R\u00e9publique, d\u2019incitation \u00e0 adh\u00e9rer \u00e0 une organisation en rapport avec les   infractions terroristes, d\u2019utilisation d\u2019un nom, d\u2019un mot et d\u2019un symbole pour   identifier une organisation terroriste, ses activit\u00e9s et ses membres. La   commission de la d\u00e9fense \u00e9tait compos\u00e9e de Ma\u00eetres H\u00e9di Abbassi, Mohammed Ali   Klibi et Kelthoum Zaoui. A l\u2019issue des plaidoiries et du d\u00e9lib\u00e9r\u00e9 le tribunal   a condamn\u00e9 en pr\u00e9sence les accus\u00e9s \u00e0 une peine de trois ans d\u2019emprisonnement.   \u00a0   &#8211; L\u2019affaire n\u00b011410 dans laquelle sont d\u00e9f\u00e9r\u00e9s Adnane Guenaoui, Aymen Labadi,   Lassaad Lahbib, Khelil Sa\u00efdani, Jamel Khela\u00effi, Anis Gharbi, Maher Yaacoubi,   Safouane Abdi, Ali Sa\u00efdi, Bilel Mdini, Ibrahim Malki et Hamed Hammami, accus\u00e9s   d\u2019adh\u00e9sion sur le territoire de la R\u00e9publique \u00e0 une entente ayant fait du   terrorisme un moyen de r\u00e9aliser ses objectifs, d\u2019utilisation du territoire de   la R\u00e9publique pour recruter des personnes en vue de commettre un acte   terroriste sur le territoire et \u00e0 l\u2019\u00e9tranger, de mise \u00e0 disposition d\u2019un local   de r\u00e9union, d\u2019h\u00e9bergement de membres de l\u2019entente et de personnes en rapport   avec les infractions terroristes, d\u2019adh\u00e9sion hors du territoire de la   R\u00e9publique \u00e0 une organisation ayant fait du terrorisme un moyen de r\u00e9aliser   ses objectifs, d\u2019entra\u00eenements militaires hors du territoire de la R\u00e9publique   en vue de commettre des infractions terroristes sur le territoire de la   R\u00e9publique et \u00e0 l\u2019\u00e9tranger. Le juge a d\u00e9cid\u00e9 de repousser l\u2019examen de   l\u2019affaire au 20 juin 2008 \u00e0 la demande de Ma\u00eetre Samir Ben Amor.   \u00a0   <strong><font>Pour la commission de suivi des proc\u00e8s   Le secr\u00e9taire g\u00e9n\u00e9ral   Ma\u00eetre Samir Dilou   <\/font><\/strong>(traduction ni revue ni corrig\u00e9e par les auteurs de la version   en arabe, LT)<\/div>\n<div>  \u00a0<\/div>\n<div>\n<hr\/>\n<\/div>\n<div>\n<div> <font><strong>Rectificatif<\/strong><\/font>          2 erreurs se sont gliss\u00e9es dans mon message d&rsquo;hier (*):          &#8211; Mohammed a \u00e9t\u00e9 arr\u00eat\u00e9 le 20 janvier 2007, et non en 2008 comme \u00e9crit.          &#8211; L&rsquo;adresse du blog est:\u00a0 http:\/\/pourunmondesanstorture.over-blog.com          L&rsquo;adresse que j&rsquo;ai donn\u00e9e est celle de la messagerie!          Nous avons mis sur le blog toutes les informations pour envoyer un message \u00e0     l&rsquo;occasion du proc\u00e8s de Mohammed.          <font><strong>Fran\u00e7ois Montaufray     02.35.43.69.40.<\/strong><\/font><\/div>\n<\/p><\/div>\n<div>\n<hr\/>\n<\/div>\n<div>  \u00a0<\/div>\n<div align=\"center\"> <strong><\/p>\n<h3 style=\"color: blue;\"><font>Ecrire pour le proc\u00e8s de Mohammed Ben Mohammed     et de ses 7 co-accus\u00e9s<\/font><\/h3>\n<p><\/strong><\/div>\n<p><font><\/p>\n<div>  \u00a0<\/div>\n<p><\/font><\/p>\n<div> <font><strong>(*) Il faut sauver Mohammed Ben Mohammed!<\/strong><\/font>      Il y a une semaine, Asma, la s\u0153ur de Mohammed Ben Mohammed m&rsquo;a t\u00e9l\u00e9phon\u00e9: elle   m&rsquo;a demand\u00e9 de sauver son fr\u00e8re!      Mohammed, j&rsquo;en ai d\u00e9j\u00e0 parl\u00e9, c&rsquo;est ce tunisien arr\u00eat\u00e9 une premi\u00e8re fois en   2004 pour terrorisme et acquitt\u00e9 15 mois plus tard en appel. Le 20 janvier   dernier il est \u00e0 nouveau arr\u00eat\u00e9 et ce 26 juin (*) il sera pr\u00e9sent\u00e9 \u00e0 la   chambre criminelle de Tunis sur la base d&rsquo;aveux arrach\u00e9s sous la torture.      Le groupe ACAT\/jeunes du Havre qui le soutien depuis plus d&rsquo;un an a d\u00e9cid\u00e9 de   mener une campagne pour d\u00e9fendre ses droits et nous proposons d&rsquo;\u00e9crire au   ministre de la Justice et des Droits de l&rsquo;Homme de Tunisie.      Le texte de la carte que nous avons r\u00e9dig\u00e9 est en pi\u00e8ce jointe. Il suffit de   le copier, de l&rsquo;imprimer, de le signer en indiquant son nom, pr\u00e9nom et adresse,   de l&rsquo;affranchir \u00e0 0.85 euros et de l&rsquo;envoyer \u00e0 l&rsquo;adresse indiqu\u00e9e. Et pour   ceux qui n&rsquo;auraient pas d&rsquo;imprimante, il est toujours possible de recopier le   texte sur une belle carte postale. Mais il y a urgence, il ne reste qu&rsquo;une   semaine jusqu&rsquo;au proc\u00e8s.      Merci de nous aider dans cette action. Nous aimerions que chacun transmette ce   message \u00e0 ses amis en leur demandant d&rsquo;\u00e9crire cette lettre. C&rsquo;est le nombre de   cartes qui sera d\u00e9cisif. Nous sommes persuad\u00e9s qu&rsquo;agir pour un groupe de   personnes peut faire \u00e9voluer la situation en Tunisie, car il y a 1200 d\u00e9tenus   du fait de la loi anti-terroriste du 10 d\u00e9cembre 2003.\u00a0\u00a0\u00a0    Ensemble, agissons pour un monde sans torture!      <strong><font>(*) le 26 juin chaque ann\u00e9e est la journ\u00e9e des   Nations Unies en faveur des victimes de la torture!   <\/font><\/strong> <strong><font>Fran\u00e7ois Montaufray   02.35.43.69.40.   <\/font><\/strong>   On peut retrouver les infos sur notre blog:<strong><font>   http:\/\/pourunmondesanstorture.over-blog.com<\/font><\/strong><\/div>\n<div>\n<hr\/>\n<\/div>\n<div align=\"center\"> <strong><\/p>\n<h3 style=\"color: blue;\"><font>\u00ab Nul ne sera soumis \u00e0 la torture\u2026 \u00bb (*)<\/font><\/h3>\n<p><\/strong><\/div>\n<div>  \u00a0<\/div>\n<div>  Enlev\u00e9 le 20 janvier 2007, Mohammed Ben Mohammed est d\u00e9tenu au secret quinze   jours dans les locaux de la police durant lesquels il est tortur\u00e9 avant d\u2019\u00eatre   \u00e9crou\u00e9 \u00e0 la prison de Mornaguia. Le 26 juin 2008 il sera traduit devant la   chambre criminelle pour terrorisme. Aucune preuve n\u2019a \u00e9t\u00e9 apport\u00e9e pour   appuyer cette accusation fond\u00e9e sur des aveux arrach\u00e9s sous la torture.       Avec l\u2019ACAT-France, je vous demande :      &#8211;\u00a0\u00a0 de garantir l\u2019int\u00e9grit\u00e9 physique et psychologique de Mohammed Ben Mohammed   et celle de ses 7 autres co-accus\u00e9s : Sabeur Ben Abdelhamid Amri, Sami Ben   Habib Chaabane, Houssem Ben Noureddine Rihane, Kaies Ben Mohammed Khiari,   Hichem Ben Mohammed Blidi, Moustapha Ben Amor Mihoub et Mohammed Ben Cherif   Trabelsi ;   &#8211;\u00a0\u00a0 de mener une enqu\u00eate impartiale sur les all\u00e9gations de tortures subies ;   &#8211;\u00a0\u00a0 de ne pas utiliser les \u00e9l\u00e9ments de preuve obtenus sous la torture.      Veuillez agr\u00e9er, Monsieur le ministre, l\u2019expression de ma consid\u00e9ration   distingu\u00e9e,       Nom :   Adresse    Signature ::         <strong><font>(*) article V de la D\u00e9claration Universelle des   Droits de l\u2019Homme   <\/font><\/strong> <strong><font>groupe ACAT\/jeunes (action des chr\u00e9tiens pour   l\u2019abolition de la torture)\u00a0    40 rue Eug\u00e8ne Gas 76600 Le Havre    blog : pourunmondesanstorture@over-blog.fr   <\/font><\/strong> <font>Monsieur le Ministre de la Justice, M. Bechir Tekkari   minist\u00e8re de la Justice et des Droits de l\u2019Homme    57 boulevard Bab Benat\u00a0 Tunis\u00a0\u00a0 TUNISIE<\/font><\/div>\n<div> <font><\/p>\n<hr\/>\n<p><\/font><\/div>\n<div align=\"center\"> <font><strong><\/p>\n<p><font>Campagne pour sauver la\u00a0   vie des prisonniers des deux d\u00e9cennies:   Pour mettre fin \u00e0 la politique de la mort lente<\/font><\/p>\n<p><\/strong><\/font><\/div>\n<p><font><\/p>\n<div>  \u00a0<\/div>\n<p><\/font><\/p>\n<div> <strong>Tunis \/ Gen\u00e8ve, le 20.06.2008<\/strong> <font>Des prisonniers politiques tunisiens purgent des peines   lourdes depuis presque vingt ans. Ils ont \u00e9t\u00e9 jug\u00e9s \u00e0 cause\u00a0 de leurs   activit\u00e9s politiques et de leurs opinions et libert\u00e9 de pens\u00e9e. Les   associations de d\u00e9fense des droits de l&rsquo;homme nationales et internationales   avaient signal\u00e9s que le jugement n&rsquo;\u00e9tait pas \u00e9quitable et que les dossiers   utilis\u00e9s par les tribunaux pour les condamner contenaient des falsifications   de faits et que les pr\u00e9venus avaient avou\u00e9s ces faits sous la torture extr\u00eame.   Le comit\u00e9 des avocats qui a d\u00e9fendu ces prisonniers au\u00a0 d\u00e9but des ann\u00e9es 90 a   publi\u00e9 un rapport qui met en exergue les infractions commises lors de\u00a0 ces   proc\u00e8s ce qui montre la nature politique des jugements et peines prononc\u00e9es \u00e0   la suite de ces proc\u00e8s et la nullit\u00e9 de la cause officielle de ces proc\u00e8s   faisant \u00e9tat que certains pr\u00e9venus ont planifi\u00e9s de commettre des actes   violents ou les ont commis.      Tous ceux qui ont suivi les proc\u00e8s ont eu la conviction que la justice ainsi   que les m\u00e9dias et certains partis politiques proches du pouvoir ont \u00e9t\u00e9   utilis\u00e9s pour \u00e9liminer un adversaire politique et donner un aspect juridique \u00e0   cette \u00e9limination s\u00e9curitaire.      L&rsquo;\u00e9largissement de la majorit\u00e9 des pr\u00e9venus de ces proc\u00e8s du d\u00e9but de la   d\u00e9cennie noire des ann\u00e9es 90 apr\u00e8s avoir pass\u00e9 plus d&rsquo;une d\u00e9cennie dans des   conditions inhumaines, ne doit pas faire oublier leurs souffrance et celles de   leurs familles qui dure depuis pr\u00e8s de vingt ans. Ces prisonniers ont subi,   d\u00e8s leurs arrestations, des mauvais traitements allant de la torture \u00e0 une   politique syst\u00e9matique visant leurs destruction physique et morale en leur   faisant subir divers actes d\u00e9gradants ( la faim et la vengeance en les mettant   en isolement pour de longues ann\u00e9es, en les \u00e9loignant de leurs familles et en   les privant des moyens pour cultiver leurs connaissances, en les isolant   compl\u00e8tement du monde ext\u00e9rieur et en les privant du droit aux soins m\u00e9dicaux).   Une politique qui consistait aussi \u00e0 d\u00e9chirer les liens familiaux en for\u00e7ant   les \u00e9pouses de ces prisonniers \u00e0 demander le divorce et priver les proches de   leur droit au travail ce qui fut appel\u00e9 \u00ab la politique de la mort lente \u00bb.      Il n&rsquo;est plus admissible de continuer \u00e0\u00a0 garder le silence face \u00e0 cette   souffrance qui dure\u00a0 depuis le d\u00e9but de la derni\u00e8re d\u00e9cennie du 20\u00e8me si\u00e8cle!      Chaque personne croyant \u00e0 la justesse de la cause des victimes de \u00ab la mort   lente \u00bb peut participer avec un mot, une lettre, un article ou une p\u00e9tition \u00e0   la campagne qui sera men\u00e9e, d\u00e8s aujourd&rsquo;hui et jusqu&rsquo;\u00e0 la lib\u00e9ration de tous   les prisonniers, par l&rsquo;Association internationale de soutien aux prisonniers   politiques (AISPP) en Tunisie et V\u00e9rit\u00e9-Action (VA) en Suisse.      En parall\u00e8le \u00e0 cette campagne nationale et internationale de communications,   d&rsquo;envois de lettres, de p\u00e9titions et d?actions concernant les dossiers   m\u00e9dicaux de ceux qui sont victimes de graves maladies ainsi que les victimes   des jugements r\u00e9p\u00e9t\u00e9s, les deux associations commencent \u00e0 faire conna\u00eetre ces   prisonniers politiques qui ont pass\u00e9 une bonne partie de leur vie en prison \u00e0   cause de leurs id\u00e9es.      Les prisonniers sont:   Mondher Al-Bjaoui, Ridha Al-Boukadi, Noureddine Al-Arbaoui, Mohamed N\u00e9jib   Allouati, Sadok Chourou, Hocine Al-Godbane, Abdelkarim Al-B\u00e2alouch, Ibrahim   Adderidi, Adennabi Ben Rabeh, H\u00e9di Al-Ghali, Mounir Al-Hannachi, Bachir   Allouatin, Hichem Bannour, Wahid Assarayri, Chedli Annakach, Abdelba\u00e7et   Assal\u00eei, Sadok Al-Akkari, Mounir Ghaith, Bourawi Makhlouf, Wassfi Azzouglami,   Ilyes Ben Romdhane, Bachir Romdhane, Fethi Al-\u00eelj, Lotfi Al-Dassi et Kamel   Godbane.      Les deux associations appellent toutes les associations et les personnalit\u00e9s   nationales et internationales \u00e0 aider dans cet effort en faisant conna\u00eetre les   victimes de cette injustice unique dans l&rsquo;histoire tunisienne, et en les   aidants et leurs familles moralement et mat\u00e9riellement.<\/font><\/div>\n<div>  \u00a0<\/div>\n<div> <font><\/p>\n<hr\/>\n<p><\/font><\/div>\n<div align=\"center\"> <font><strong><font>AFP, le 18 juin 2008 \u00e0   21h14   <\/font><\/p>\n<h3 style=\"color: blue;\"><font>Tunisie: Tunis d\u00e9ment l&rsquo;agression d&rsquo;un opposant   par la police<\/font><\/h3>\n<p><\/strong><\/font><\/div>\n<div>  \u00a0<\/div>\n<div>     TUNIS, 18 juin 2008 (AFP) &#8211; Les autorit\u00e9s tunisiennes ont d\u00e9menti mercredi que   l&rsquo;opposant Hamma Hammami ait \u00e9t\u00e9 agress\u00e9 par la police \u00e0 Tunis, \u00e9voquant une   d\u00e9claration mensong\u00e8re destin\u00e9e \u00e0   \u00ab\u00a0manipuler l&rsquo;opinion\u00a0\u00bb.   \u00ab\u00a0Le fait que M. Hammami n&rsquo;ait pas d\u00e9pos\u00e9 plainte au sujet de ses all\u00e9gations   montre qu&rsquo;il s&rsquo;agit d&rsquo;une mise en sc\u00e8ne destin\u00e9e \u00e0 manipuler l&rsquo;opinion\u00a0\u00bb, a   indiqu\u00e9 une source officielle \u00e0 l&rsquo;AFP. \u00ab\u00a0L&rsquo;auteur de ces all\u00e9gations n&rsquo;est pas   \u00e0 sa premi\u00e8re d\u00e9claration mensong\u00e8re et d\u00e9nu\u00e9e de toute cr\u00e9dibilit\u00e9\u00a0\u00bb, a ajout\u00e9   cette source, affirmant que \u00ab\u00a0la Tunisie est un Etat de droit o\u00f9 l&rsquo;int\u00e9grit\u00e9   physique des citoyens et les droits fondamentaux sont garantis \u00e0 tous par la   loi\u00a0\u00bb.   Hamma Hammami, porte-parole du Parti Communiste ouvrier de Tunisie (PCOT), une   formation d&rsquo;extr\u00eame-gauche dont l&rsquo;activit\u00e9 est interdite dans le pays, a   affirm\u00e9 avoir \u00e9t\u00e9 agress\u00e9 mardi sous les yeux de sa fille Sarah, \u00e2g\u00e9e de 9   ans, alors qu&rsquo;il quittait son domicile \u00e0 El Manar. Selon un communiqu\u00e9   transmis par son parti \u00e0 l&rsquo;AFP \u00e0 Paris, \u00ab\u00a0les auteurs de ces actes font partie   d&rsquo;un groupe d&rsquo;agents qui le surveille en permanence. Ils l&rsquo;ont \u00e9galement   menac\u00e9 et injuri\u00e9, usant de propos orduriers, en pr\u00e9sence de sa fille, avant   de prendre la fuite\u00a0\u00bb. Le communiqu\u00e9 faisait \u00e9tat de \u00ab\u00a0plusieurs coups de fil   anonymes provenant de cabines t\u00e9l\u00e9phoniques\u00a0\u00bb. \u00ab\u00a0L&rsquo;auteur des coups de fil l&rsquo;a   couvert d&rsquo;injures et de menaces, lui a demand\u00e9 de ne plus se m\u00ealer de ce qui   se passe \u00e0 Redeyef et au bassin minier de Gafsa\u00a0\u00bb, avait-on ajout\u00e9.   La r\u00e9gion de Gafsa (sud-ouest), riche en phosphates, a connu d\u00e9but juin des   manifestations sporadiques pour d\u00e9noncer le ch\u00f4mage, le rench\u00e9rissement du   co\u00fbt de la vie, la corruption et le client\u00e9lisme, selon des sources syndicales.   A Redeyef, des affrontements entre la police et des manifestants ont fait un   mort et plusieurs bless\u00e9s le 6 juin.      <strong><font>AFP<\/font><\/strong><\/div>\n<div>  \u00a0<\/div>\n<div>\n<hr\/>\n<\/div>\n<div align=\"center\"> <font><strong><\/p>\n<p><font>Heftige soziale Unruhen in   Tunesien und Marokko: Tote im Phosphatrevier von Gafsa und in Sidi Ifni<\/font><\/p>\n<p><\/strong><\/font><\/div>\n<div>  \u00a0<\/div>\n<div>        Beinahe zeitgleich kam es am vergangenen Freitag und am Wochenende in   peripheren Gebieten Tunesiens und Marokkos zu heftigen sozialen Unruhen. In   beiden F\u00e4llen gab es (mutma\u00dflich) Tote. Und in beiden F\u00e4llen steht die   Arbeitslosigkeit, darunter jene von Hochschulabg\u00e4ngern der inzwischen in   diesen L\u00e4ndern zum eigenen Begriff gewordenen ch\u00f4meurs dipl\u00f4m\u00e9s&rsquo; (Erwerblosen   mit Universit\u00e4tsabschluss) -, und die Perspektivlosigkeit von weiten Teilen   der Jugend im Hintergrund.      Im Phosphatbecken von Gafsa im S\u00fcdwesten Tunesiens, rund 300 Kilometer von der   Hauptstadt Tunis entfernt, circa 120.000 Einwohner\/innen, fanden schon seit   Anfang Januar dieses Jahres heftige soziale Auseinandersetzungen statt. Diese   Region galt schon immer als aufs\u00e4ssig: Im Becken von Gafsa sind die   wichtigsten Figuren der tunesischen Gewerkschaftsbewegung geboren und   aufgewachsen, und von hier gingen aufst\u00e4ndische Bewegungen wie die   Brotrevolten im Jahr 1984 (die um dieselbe Zeit auch Marokko ersch\u00fctterten)   aus.      Heute kommt der Reichtum der &#8211; durch die Zentralgewalt extrem vernachl\u00e4ssigten   Region, in Gestalt der Phosphatvorkommen, der \u00f6rtlichen Bev\u00f6lkerung so gut wie   nicht zugute. (Das in Paris angesiedelte Unterst\u00fctzerkomitee f\u00fcr die Einwohner   der Bergbauregion von Gafsa schreibt dazu in einem Flugblatt vom 1. Mai 2008:   Paradoxerweise kommt dieser Reichtum der \u00f6rtlichen Bev\u00f6lkerung, die im Elend   lebt, nicht zu nutze. Nun kann man dies in der real existierenden   kapitalistischen Welt auch gar nicht paradox finden, sondern der Auffassung   sein, dass es eine herrschende Logik sehr originalgetreu widerspiegelt&#8230;)      Die Arbeitslosigkeit betr\u00e4gt regional (laut offiziellen Angaben) 30 Prozent,   das ist doppelt so hoch wie der nationale Durchschnitt. Das angebliche   tunesische Wirtschaftswunder, das vor dem Hintergrund des Freihandels mit der   Europ\u00e4ischen Union seit dem Januar 2008 ist ein Abkommen zum freien   Warenverkehr bei Industrieg\u00fctern in Kraft \u00fcberwiegend an der Ansiedlung   bestimmter ausgelagerter Produktions- und Dienstleistungszweige h\u00e4ngt, kommt   hier nicht an. Um von diesem angeblichen Wirtschaftswunder ein Minimum zu   profitieren, muss man in einer der K\u00fcstenst\u00e4dte leben und entweder im   Tourismusgewerbe oder in einer der an den Export in Richtung angebundenen   Wirtschaftsbranchen (Call Centers, Automobilzulieferer) arbeiten. Oft freilich   zu infamen L\u00f6hnen. Dass es in Tunesien dennoch kaum f\u00fcr die Touristen   sichtbares Elend gibt, v.a. im Vergleich mit L\u00e4ndern der Region wie besonders   Marokko, h\u00e4ngt damit zusammen, dass die Tuneser\/innen auf Kredit leben und   Autos oder Wohnungen auf Pump kaufen k\u00f6nnen. Im Gegenzug sind immer mehr unter   ihnen auf lange Zeit hin abh\u00e4ngig und \u00fcberschuldet. Die Staatsmacht behauptet,   80 Prozent der Tunesier\/innen geh\u00f6rten zur Mittelschicht, und versuchen   jegliche soziale Konflikte in einem vermeintlich widerspruchsfreien und von   harter politischer Repression gegen Menschenrechtler\/innen und Journalisten,   zur Abschreckung f\u00fcr die Masse, begleiteten autorit\u00e4r-repressiven und   ideologiefreien Wohlstandsklima zu ersticken.      Nun f\u00fchlen sich die Einwohner\/innen der (Phosphat-)Bergbauregion von diesem   sehr relativen Reichtum abgeh\u00e4ngt. Zumal die Automatisierung und   Mechanisierung der Bergwerke daf\u00fcr gesorgt hat, dass immer weniger   Arbeitspl\u00e4tze dort angeboten werden: Statt fr\u00fcher 14.000 Personen (zu Anfang   der achtziger Jahre) arbeiten dort heute nur noch 5.000.      Doch Anfang Januar dieses Jahres wurden erstmals nach langen Jahren wieder 81   Stellen im Phosphatbergbau ausgeschrieben, um alters- und rentenbedingte   Abg\u00e4nge von Arbeitskr\u00e4ften zu ersetzen. \u00dcber 1.000 Kandidaten bewarben sich   auf die Arbeitspl\u00e4tze. Doch als am 7. Januar die Liste der Gewinner   ausgeschrieben wurde, kam es zur sozialen Explosion, und die lang angestaute   Wut und Frustration entluden sich. Noch am selben Tag kam es in den drei   wichtigsten St\u00e4dten des Bergbaureviers, in Redeyef, Oum La\u00e2rayes und M&rsquo;Dhilla   (in 20, 30 und 70 Kilometern Entfernung von der Regionalhauptstadt Gafsa), zu   heftigen Protesten. Jeweils mehrere hundert Arbeitslose, die durch die   \u00f6rtliche Bev\u00f6lkerung unterst\u00fctzt wurden, griffen zu unterschiedlichen   Protestformen: Demonstrationen und Kundgebungen, Besetzung von R\u00e4umlichkeiten   des einzigen nennenswerten Arbeitgebers der Region der Bergbaufirma Compagnie   des phosphates de Gafsa (CPG) -, Hungerstreiks von arbeitslosen   Universit\u00e4tsabsolventen&rsquo; usw. Nach Angaben des k\u00e4mpferischen Gewerkschafters   Hajji Adnane, des Sprechers der Protestierenden in der Stadt Redeyef (zitiert   n. Le Monde&rsquo; vom 25. April, wo anl\u00e4sslich des dreit\u00e4gigen Staatsbesuchs von   Pr\u00e4sident Nicolas Sarkozy in Tunesien von Ende April eine Hintergrundseite zur   tunesischen \u00d6konomie erschien), hatten die Protestler eine Best\u00e4tigung f\u00fcr die   zuvor ohnehin zirkulierenden Ger\u00fcchte erhalten: Die Neueinstellungen wurden   durch Korruption und Vetternwirtschaft zugeteilt.      Auf regionaler wie auf nationaler Ebene verurteilte der tunesische   Gewerkschaftsverband, die UGTT (Union g\u00e9n\u00e9rale des travailleurs tunisiens),   die Protestversammlungen und Unruhen. Das ist auch kein Wunder: In Redeyef   beispielsweise ist der gewerkschaftliche Hauptamtliche und Vertrauensmann (d\u00e9l\u00e9gu\u00e9   syndical) personalidentisch mit dem Repr\u00e4sentanten des Arbeitgebers der   Phosphatfirma CPG und, in einer Person, mit dem Abgeordneten der Regimepartei   RCD (Demokratische Verfassungs-Sammlung) des mafi\u00f6s-autorit\u00e4r regierenden   Pr\u00e4sidenten Zinedine ben Abidine Ben Ali (laut Le Monde&rsquo; vom 10. Juni 08).      Aber vor Ort ging der Protest ungebrochen weiter. Die Bergarbeiter traten in   den Streik, und ihre Familien und insbesondere die Frauen demonstrierten immer   wieder auf den Stra\u00dfen. In Redeyef, wo oppositionelle Gewerkschafter (unter   ihnen Hajji Adnane) die Bewegung strukturierten, nahmen Tausende von Einwohner\/innen   an Veranstaltungen und Demonstrationen teil. In Oum La\u00e2rayes errichteten die   Witwen von Bergarbeitern, die infolge von Arbeitsunf\u00e4llen oder   Berufskrankheiten gestorben waren, und Behinderte zusammen Zelte, in denen sie   mehrere Wochen hindurch campierten. Dadurch blockierten sie den Zugang zu den   Phosphatminen auf dem Schienenweg.      Die Beh\u00f6rden versuchten zuerst, die Proteste auszusitzen. Aber dann kam es, in   mehreren Schritten, zur Eskalation. In der Nacht vom 6. zum 7. April dieses   Jahres verhaftete die Polizei rund 30 oppositionelle Gewerkschafter und   Jugendliche in Redeyef, unter ihnen den Sprecher Hajji Adnane, und steckte sie   ins Gef\u00e4ngnis. Die Polizei umstellte die Bergwerke. Aber daraufhin setzte ein   Anschwellen der Massenproteste an, und ein regelrechtes Menschenmeer (so das   Flugblatt des in Paris ans\u00e4ssigen Unterst\u00fctzungskomitees zum 01. 05. 2008)   str\u00f6mte auf die Stra\u00dfen und Pl\u00e4tze. Am Abend des 10. April wurden s\u00e4mtliche   Festgenommenen aus der Haft freigelassen.      Seit Anfang Mai kam es zu erneuten Eskalationsschritten. Am 6. Mai starb ein   junger Arbeitsloser, der 26j\u00e4hrige Ali Ben Jeddou El Aleimi, bei einer   Besetzungsaktion an einem Stromschlag, und der 21j\u00e4hrige Taoufik Ben Salah   landete im Koma. Zusammen mit einer Gruppe anderer Erwerbslosen hatten sie   einen Stromgenerator besetzt, der die Phosphatminen mit Elektrizit\u00e4t beliefert,   und hatten dadurch deren Stromversorgung unterbrochen. Aber noch w\u00e4hrend sie   sich im Inneren befanden, wurde der Generator wieder unter Strom gesetzt, und   mehrere Personen erhielten einen heftigen Stromschlag. Der K\u00f6rper des toten El   Aleimi wurde unter dessen Wucht nach drau\u00dfen geschleudert. Die Erste Hilfe   r\u00fcckte erst Stunden nach dem t\u00f6dlichen Unfall an. Am Nachmittag des 7. Mai   verlie\u00dfen Tausende von Einwohner\/innen der (30.000 Menschen z\u00e4hlenden)   Bergbaustadt Redeyef im Rahmen einer kollektiven Evakuierung ihre Stadt, um   sie den marodierenden Polizeikr\u00e4ften zu \u00fcberlassen. Und brachten dadurch Ihren   \u00dcberdruss gegen\u00fcber der seit Wochen andauernden Besetzung ihrer Stadt durch   uniformierte Kr\u00e4fte zum Ausdruck.      Am 2. Juni dieses Jahres Nabil Chagra, nachdem er bei einer Demonstration   junger Arbeitsloser von einem Auto erfasst worden war.      Am vergangenen Freitag (05. Juni) nun begann die Polizei im Phosphatrevier das   Feuer zu er\u00f6ffnen. Sie schoss in Redeyef in die protestierende Menge und   t\u00f6tete den 22j\u00e4hrigen Hafnaoui Ben Ridha Hafnaoui Maghzaoui, in der N\u00e4he   seiner Wohnung. 26 weitere Personen wurden verletzt. Ahmed Ahmadi Baccouch,   ein weiteres Opfer, wurde mit zwei Kugeln im R\u00fccken ins Regionalkrankenhaus   von Gafsa transportiert. Die Polizei schoss ferner Tr\u00e4nengasgranaten ab, bis   ins Innere von H\u00e4usern hinein, und setzte Wasserwerfer ein. Zugleich bezog   auch die Armee Aufstellung.       <strong><font>Wiederholung am Samstag in Marokko ?   <\/font><\/strong>   Am darauffolgenden Tag flammten im s\u00fcdmarokkanischen Sidi Ifni, einer   Hafenstadt von rund 20.000 Einwohner\/inne\/n, die in einer als traditionell   aufs\u00e4ssig geltenden Berberregion (s\u00fcdlich von Agadir am Atlantik) liegt,   ebenfalls soziale Unruhen auf. Anlass war auch hier die Ausschreibungspraxis   bei Arbeitspl\u00e4tzen in einer durch die Zentralgewalt vernachl\u00e4ssigten Region,   wo die Arbeitslosigkeit weit \u00fcberdurchschnittlich hoch liegt. In diesem Falle   hatte das Rathaus die Neueinstellung von drei Personen versprochen, und die   Bekanntgabe der Ziehung der Namen der gl\u00fccklichen Gewinner durch Los hatte   Proteste ausgel\u00f6st. Aus Protest gegen die Methode der Losziehung blockierten   junge Arbeitslose den Hafen, und es kam zu heftigen Zusammenst\u00f6\u00dfen mit den   staatlichen Sicherheitskr\u00e4fte, die hemmungslos drauflos pr\u00fcgelten (VGL. AUCH   DIE NEBENSTEHENDEN FOTOS ZU DEN ERGEBNISSEN DIESES POLIZEIEINSATZES).      \u00d6rtliche Initiativen und Vereinigungen, wie das Marokkanische Zentrum f\u00fcr   Menschenrechte (CMDH), sprachen daraufhin von mindestens zwei Toten. Der   Korrespondentenbericht des arabischsprachigen Fernsehsenders El-Jazeera   (dessen Zentrale in Qatar ans\u00e4ssig ist) sprach seinerseits von zwei bis acht   Get\u00f6teten, und auf Radio Africa Num\u00e9ro 1 war am Montag fr\u00fch von mutma\u00dflich   f\u00fcnf Toten die Rede.       Hingegen dementieren die marokkanischen Beh\u00f6rden energisch, dass es Tote gab.   Sie sprechen ihrerseits davon, dass es 44 Verletzte, unter ihnen 27 verletzte   Polizisten, sowie 20 Verhaftungen gegeben habe. Daraufhin haben die   marokkanischen Beh\u00f6rden nun Vertreter des Fernsehsenders El-Jazeera, den sie   der Leichtfertigkeit bei der Sammlung und Verbreitung von Informationen   vorwerfen, zur Aussprache vorgeladen und Erkl\u00e4rungen von ihnen gefordert. Am   Samstag wurde der Leiter seines marokkanischen B\u00fcros, auf Anordnung der   Staatsanwaltschaft in der Hauptstadt Rabat hin, durch die Kriminalpolizei   vernommen. (Vgl. den Artikel in der Le Monde ) Inzwischen hat die   marokkanische Regierung in Rabat mit drohendem Unterton? pr\u00e4zisiert, die   Schlie\u00dfung des B\u00fcros von El-Jazeera stehe zwar nicht auf der Tagesordnung,   aber sie fordere den Sender (ultimativ) zu einer Entschuldigung auf.      Fortsetzung folgt garantiert&#8230;       Bernard Schmid, 10.06.2008 (Bilder von Attac Marokko)       <strong><font>(Source: \u00ab Labournet \u00bb (Allemagne), le 10 juin   2008)   <\/font><font>Lien : http:\/\/www.labournet.de\/internationales\/ma\/unruhen0608.html)<\/font><\/strong><\/div>\n<div> <font>\u00a0<\/font><\/div>\n<div>\n<hr\/>\n<\/div>\n<div align=\"center\"> <strong><\/p>\n<h3 style=\"color: blue;\"><font>Tunisie : Nawaat, quelques d\u00e9tails concernant   l\u2019attaque de nos blogs cet apr\u00e8s-midi<\/font><\/h3>\n<p><\/strong><\/div>\n<div>  \u00a0<\/div>\n<div> <strong><font>By Astrubal \u2022 June 17th, 2008<\/font><\/strong>     \u00a0   \u00a0Comme indiqu\u00e9 dans le communiqu\u00e9 de cet apr\u00e8s-midi, on a voulu r\u00e9duire Nawaat   au silence. Sous le pseudo de l\u2019assaillant Pe.tro.vski, les supports de Nawaat   ont \u00e9t\u00e9 litt\u00e9ralement saccag\u00e9s, y compris leurs bases de donn\u00e9es. Le blog de   Nawaat, celui de Sami, le mien ainsi que les bases de donn\u00e9es d\u2019agr\u00e9gation   utilis\u00e9es par le Hub 2.0 ont \u00e9t\u00e9 mis en pi\u00e8ce.      Etait-ce un de ces hackeurs isol\u00e9s et non moins frustr\u00e9s par manque de   reconnaissance qui s\u2019est attaqu\u00e9 \u00e0 Nawaat ou les officines du r\u00e9gime ?      Ce qui est certain, c\u2019est que la\/les personnes qui ont port\u00e9 cette attaque   l\u2019ont faite d\u2019une fa\u00e7on concomitante sur plusieurs serveurs. Les donn\u00e9es de   Nawaat ainsi que les blogs de ses administrateurs sont r\u00e9partis en effet sur   plusieurs endroits. L\u2019attaque a port\u00e9 en deux temps. D\u2019abord, il y a eu les   d\u00e9facements avec une premi\u00e8re perte de donn\u00e9es. Ensuite, quelques heures apr\u00e8s,   une seconde attaque a port\u00e9 sur les bases de donn\u00e9es.      Il est \u00e0 noter que du fait que nous avions les interfaces d\u2019administration   sous les yeux lorsque nous \u00e9tions encore en train d\u2019\u00e9valuer les d\u00e9g\u00e2ts de la   premi\u00e8re vague, voil\u00e0 que nous assistions en direct \u00e0 la seconde en observant   la destruction une \u00e0 une des bases de donn\u00e9es. A ce moment pr\u00e9cis, j\u2019\u00e9tais en   contact direct via Skype avec Malek et Sami et lequel Sami observait \u00e9galement   en direct le saccage de Fikra. Pendant quelques instants, c\u2019\u00e9tait carr\u00e9ment   devenu un jeu du \u00ab chat et la souris \u00bb.   Rien \u00e0 dire, nous avons effectivement pass\u00e9 un sale quart d\u2019heure. Rarement   j\u2019avais autant hurl\u00e9, surtout en assistant, en direct, \u00e0 la destruction des   bas\u00e9s de donn\u00e9es les unes apr\u00e8s les autres.      Depuis l\u2019attaque de Yezzi.org qui nous a fait \u00e9norm\u00e9ment de mal (nous sommes   encore en train de reconstituer les donn\u00e9es) nous sommes devenus plus   vigilants quant \u00e0 notre capacit\u00e9 \u00e0 reconstituer les pertes apr\u00e8s une attaque.   Nawaat, ainsi que nos blogs sont ce soir en ligne. La restauration laisse   souvent sur le carreau quelques bribes, en l\u2019occurrence les derni\u00e8res donn\u00e9es   qui n\u2019ont pas v\u00e9cu jusqu\u2019\u00e0 la prochaine sauvegarde incr\u00e9mentale. Les derniers   commentaires y compris celui d\u2019encouragement de notre ami Azerus ont fait   partie de ces bribes non sauvegard\u00e9es. Mais, pas grave, car on va quand m\u00eame   les restaurer, car sauvegard\u00e9s ailleurs : ).      Enfin, il faut rappeler que depuis quelque temps, jamais les militants   tunisiens n\u2019ont subi autant d\u2019attaques tant sur leurs supports de diffusions   online que sur leurs mails. Pour ce dernier type d\u2019attaque, nous sommes en   plein dans le crime organis\u00e9 et qualifi\u00e9 comme tel par la loi tunisienne. Il   s\u2019agit, en effet, ni plus ni moins que de la violation syst\u00e9matique des   r\u00e9seaux informatiques et du secret de la correspondance.       Si pour les attaques des sites et blogs, les auteurs demeurent difficilement   identifiables, celles des bo\u00eetes mail, par leur caract\u00e8re syst\u00e9matique, ne   peuvent \u00eatre imput\u00e9es qu\u2019\u00e0 une organisation criminelle qui a le bras assez   long pour prendre le contr\u00f4le des serveurs mails.       D\u2019o\u00f9 d\u2019ailleurs la n\u00e9cessite pour toutes les victimes de ces agressions de se   r\u00e9unir afin de rassembler et recouper les preuves en vue d\u2019un d\u00e9p\u00f4t de plainte   contre X. La plainte, \u00e0 court terme, n\u2019aboutira s\u00fbrement pas, si tant est   qu\u2019elle soit enr\u00f4l\u00e9e.       En revanche, d\u2019une part, \u00e0 moyen et \u00e0 long terme les choses sont susceptibles   de changer, et, d\u2019autre part, le meilleur moyen de lutter contre de telles   agressions, c\u2019est aussi par le fait de rassembler les preuves afin de les   mettre \u00e0 la disposition du public par leur d\u00e9nonciation \u00e0 grande \u00e9chelle.      <strong><font>Astrubal, le 16 juin 2008      http:\/\/astrubal.nawaat.org   www.nawaat.org   <\/font><\/strong> <strong><font>(Source : le portail \u00ab Nawaat \u00bb (censur\u00e9 en   Tunisie), le 17 juin 2008)   <\/font><font>Lien:  <a href=\"http:\/\/www.nawaat.org\/portail\/2008\/06\/17\/tunisie-nawaat-quelques-details-concernant-lattaque-de-nos-blogs-cet-apres-midi\/\" target=\"_blank\" rel=\"noopener\">  http:\/\/www.nawaat.org\/portail\/2008\/06\/17\/tunisie-nawaat-quelques-details-concernant-lattaque-de-nos-blogs-cet-apres-midi\/<\/a><\/font><\/strong><\/div>\n<div>  \u00a0<\/div>\n<div> <font><\/p>\n<hr\/>\n<p><\/font><\/div>\n<div align=\"center\"> <font><\/p>\n<h4 style=\"color: blue;\"><font><strong>\u00ab POUR UN MAGHREB DES   DROITS DE L\u2019HOMME \u00bb<\/strong><\/font><\/h4>\n<p><font><strong>Saint-Denis, le 28 JUIN 2008<\/strong><\/font><\/font><\/div>\n<div>  \u00a0<\/div>\n<div>     La France pr\u00e9side, d\u00e8s le 1er juillet 2008, l\u2019Union europ\u00e9enne; et, le 13   juillet, \u00e0 l\u2019initiative du pr\u00e9sident de la R\u00e9publique, se tiendra la r\u00e9union   des chefs d\u2019Etat de la M\u00e9diterran\u00e9e et de l\u2019UE, destin\u00e9e \u00e0 lancer le projet de   \u00ab l\u2019Union pour la M\u00e9diterran\u00e9e \u00bb. Par ailleurs, 2008 est aussi l\u2019ann\u00e9e du   60\u00e8me anniversaire de la D\u00e9claration universelle des droits de l\u2019Homme. Dans   ce contexte, \u00e0 l\u2019invitation de l\u2019Institut Maghreb Europe de l\u2019Universit\u00e9 Paris   8, Les associations maghr\u00e9bines 1et la Ligue des droits de l\u2019Homme (LDH)   organisent Samedi 28 juin prochain de 9 heures \u00e0 19 heures Une journ\u00e9e   d&rsquo;information, de mobilisation et d&rsquo;action   \u00ab Pour un Maghreb des droits de l\u2019Homme \u00bb.   Universit\u00e9 Paris 8 (Salle D 003) 2, rue de la Libert\u00e9 &#8211; Saint-Denis   M\u00e9tro : Saint-Denis Universit\u00e9 &#8211; ligne 13 \/ Bus : 253, 254, 255, 261, 268,   356, 361   Nous voulons rappeler, aux responsables politiques des deux rives de la   M\u00e9diterran\u00e9e, la n\u00e9cessit\u00e9 imp\u00e9rieuse que les droits de l\u2019Homme soient   respect\u00e9s dans tous les Etats du futur partenariat eurom\u00e9diterran\u00e9en. Les   s\u00e9ances seront introduites par un(e) ou deux intervenant(e)(s), puis un(e) ou   deux repr\u00e9sentant(e)(s) des associations souligneront un aspect particulier de   la th\u00e9matique, avant que ne   s\u2019ouvre la discussion.   1 AMF (Association des Marocains en France), ATMF (Association des   travailleurs maghr\u00e9bins de France), APADM (Association des parents et amis de   disparus au Maroc, ASDHOM Association de d\u00e9fense des droits de l\u2019Homme au   Maroc), CFDA (Collectif des familles de disparus en Alg\u00e9rie), CORELSO (Comit\u00e9   pour le respect des libert\u00e9s et des droits de l\u2019Homme au Sahara occidental),   FMVJ (Forum marocain V\u00e9rit\u00e9 Justice), FTCR (F\u00e9d\u00e9ration des Tunisiens pour une   citoyennet\u00e9 des deux rives), Institut Mehdi Ben Barka &#8211; M\u00e9moire vivante.   PROGRAMME   <strong><font>9h-9h30 :<\/font><\/strong><\/div>\n<div>  \u00a0Introduction g\u00e9n\u00e9rale Aujourd\u2019hui, o\u00f9 en sont la d\u00e9mocratie et les libert\u00e9s   publiques dans les pays du Maghreb ?   Ahmed Dahmani, \u00e9conomiste   <strong><font>9h30-11h :<\/font><\/strong><\/div>\n<div>  Les mobilisations sociales pour la d\u00e9fense des droits \u00e9conomiques et sociaux.   Introduction : Ahmed Dahmani   <strong><font>11h30-13h :   <\/font><\/strong>Disparitions et tortures : contre l\u2019impunit\u00e9, pour la v\u00e9rit\u00e9   et pour la justice.   Introduction : Patrick Baudouin, avocat   <strong><font>14h-15h30 :   <\/font><\/strong>Les luttes des femmes pour leurs droits : quels enjeux ?   Fouzia Maqsoud, Marguerite Rollinde, sociologue   <strong><font>16h-17h30 :   <\/font><\/strong>La situation des migrants subsahariens au Maghreb : entre d\u00e9ni   des droits et racisme.   Introduction : Ali Bensaad, sociologue   <strong><font>18h-19h :<\/font><\/strong> Conclusion   Quelle place pour les droits de l\u2019Homme dans le partenariat euro-m\u00e9diterran\u00e9en   ?   Ghazi Hidouci, \u00e9conomiste <\/p>\n<hr\/>\n<\/div>\n<div align=\"center\"> <font><strong><font>Associated Press, le 18   juin 2008 \u00e0 20h58   <\/font><\/p>\n<h4 style=\"color: blue;\"><font>Le syndicat des journalistes tunisiens d\u00e9nonce   des \u00ab\u00a0entraves\u00a0\u00bb<\/font><\/h4>\n<p><\/strong><\/font><\/div>\n<div>  \u00a0<\/div>\n<div>     TUNIS (AP) &#8212; A peine six mois apr\u00e8s sa cr\u00e9ation, le Syndicat national des   journalistes tunisiens (SNJT) s&rsquo;est plaint mercredi de \u00ab\u00a0pressions\u00a0\u00bb qui, selon   ses dirigeants, visent \u00e0 \u00ab\u00a0entraver\u00a0\u00bb son action pour la d\u00e9fense de   l&rsquo;ind\u00e9pendance de la profession et des int\u00e9r\u00eats de ses quelque 800 affili\u00e9s.   H\u00e9ritier de l&rsquo;ancienne Association des journalistes tunisiens (AJT) jug\u00e9e \u00ab\u00a0proche   du pouvoir\u00a0\u00bb, ce syndicat, le premier du genre \u00e0 voir le jour en Tunisie, a \u00e9t\u00e9   constitu\u00e9 en janvier dernier \u00e0 l&rsquo;issue d&rsquo;\u00e9lections qualifi\u00e9es de \u00ab\u00a0d\u00e9mocratiques\u00a0\u00bb   qui ont donn\u00e9 la victoire \u00e0 une majorit\u00e9 de candidats ind\u00e9pendants. Elles ont   \u00e9t\u00e9 salu\u00e9es par la F\u00e9d\u00e9ration internationale des journalistes (FIJ) comme   \u00e9tant \u00ab\u00a0une \u00e9tape positive\u00a0\u00bb dans la d\u00e9fense   de la libert\u00e9 de la presse en Tunisie.   Lors d&rsquo;une conf\u00e9rence de presse, le pr\u00e9sident du SNJT, N\u00e9ji Boughouri, a   d\u00e9nonc\u00e9 les \u00ab\u00a0manoeuvres\u00a0\u00bb tendant \u00e0 la cr\u00e9ation de \u00ab\u00a0syndicats parall\u00e8les\u00a0\u00bb au   sein de nombre d&rsquo;entreprises de presse. \u00ab\u00a0Nous puisons notre force de la base   des journalistes qui nous ont \u00e9lus d\u00e9mocratiquement et dans la transparence\u00a0\u00bb,   a-t-il lanc\u00e9 en r\u00e9it\u00e9rant l&rsquo;attachement du bureau du SNJT \u00e0 son \u00ab\u00a0ind\u00e9pendance\u00a0\u00bb.   Tout en affirmant entretenir des \u00ab\u00a0relations de dialogue serein\u00a0\u00bb   avec l&rsquo;autorit\u00e9 de tutelle (le minist\u00e8re de la communication), il a notamment   accus\u00e9 les responsables des organismes de la radio et de la t\u00e9l\u00e9vision   publiques d&rsquo;\u00eatre les auteurs de ces man\u0153uvres. Quoiqu&rsquo;il en soit, \u00ab\u00a0nous sommes   d\u00e9termin\u00e9s \u00e0 faire face \u00e0 ces tentatives par tous les moyens pacifiques et   l\u00e9gaux et ceux qui pensent pouvoir saper les rangs de notre syndicat se font   des illusions\u00a0\u00bb, a-t-il martel\u00e9.       <strong><font>Associated Press<\/font><\/strong><\/div>\n<div> <strong><font><\/p>\n<hr\/>\n<p><\/font><\/strong><\/div>\n<div align=\"center\"> <strong><\/p>\n<h4 style=\"color: blue;\"><font>Communiqu\u00e9 de presse<\/font><\/h4>\n<p><\/strong><\/div>\n<div>  \u00a0<\/div>\n<div>     \u00a0Aujourd&rsquo;hui, jeudi 19 juin 2008 \u00e0 11h00, le si\u00e8ge de GPN, soci\u00e9t\u00e9 du groupe   Total sise au 12 bis place de l&rsquo;Iris \u00e0 la D\u00e9fense (r\u00e9gion parisienne) est   l&rsquo;objet d&rsquo;une action de solidarit\u00e9 internationale. Ses locaux sont occup\u00e9s   depuis 11h00 par des militants de syndicats, associations et partis politiques   solidaires des populations du bassin minier du phosphate de la r\u00e9gion de Gafsa   en Tunisie. Soutenus par plusieurs personnalit\u00e9s, les occupants tiennent une   conf\u00e9rence de presse sur les lieux afin d&rsquo;attirer l&rsquo;attention sur la   r\u00e9pression brutale exerc\u00e9e en ce moment m\u00eame sur les habitants des villes de   Redeyef, Moulares, Metlaoui, Mdhilla&#8230;   1er fabricant fran\u00e7ais d&rsquo;engrais, GPN est le principal importateur de minerai   de phosphate et d&rsquo;engrais phosphat\u00e9s tunisiens en France. Anciennement Grande   Paroisse SA, cette soci\u00e9t\u00e9 r\u00e9cemment connue pour l&rsquo;explosion intervenue le 21   septembre 2001 dans son usine toulousaine (AZF) est le premier partenaire   fran\u00e7ais de la Compagnie des Phosphates de Gafsa (CPG).    \u00a0Depuis plus de cent ans, la CPG exploite l&rsquo;\u00e9norme gisement de phosphate de la   r\u00e9gion de Gafsa pour le compte de la France coloniale puis pour le compte de   l&rsquo;Etat tunisien. Cette activit\u00e9, source d&rsquo;immenses b\u00e9n\u00e9fices, continue de se   r\u00e9aliser au prix de la vie et de la sant\u00e9 d&rsquo;une population maintenue dans la   mis\u00e8re.   Aujourd&rsquo;hui, depuis presque six mois, les habitants de la r\u00e9gion du bassin   minier m\u00e8nent un mouvement de protestation portant sur le droit au travail, la   r\u00e9partition injuste des richesses, la corruption dans une r\u00e9gion \u00e9norm\u00e9ment   riche dont les habitants sont particuli\u00e8rement d\u00e9favoris\u00e9s.    Le pouvoir tunisien y a r\u00e9pondu par une r\u00e9pression brutale et par   l&rsquo;encerclement de la r\u00e9gion au moyen d&rsquo;un \u00e9norme dispositif policier et   militaire. Il n&rsquo;a pas h\u00e9sit\u00e9 \u00e0 faire tirer sur les manifestants, \u00e0 investir et   saccager les domiciles des familles de la r\u00e9gion. Au m\u00eame moment, M. Nicolas   Sarkozy en visite d&rsquo;\u00c9tat en Tunisie d\u00e9clarait son soutien et son encouragement   \u00e0 la politique brutale et autoritaire du r\u00e9gime tunisien : \u00ab\u00a0La Tunisie a fait   de grands progr\u00e8s sur le chemin de la d\u00e9mocratie\u00a0\u00bb.      La CPG, GPN et la France ont une dette immense envers la population du bassin   minier. La Tunisie leur doit \u00e9norm\u00e9ment. Aujourd\u2019hui ces populations r\u00e9clament   justice.      Les participants \u00e0 la pr\u00e9sente initiative de solidarit\u00e9 exigent : La lev\u00e9e   imm\u00e9diate du blocus qui leur est impos\u00e9, le retrait des troupes polici\u00e8res et   la lib\u00e9ration des d\u00e9tenus.       Ils appellent \u00e0 une large mobilisation de solidarit\u00e9 afin de les soutenir face   \u00e0 la volont\u00e9 du pouvoir de les museler.      <strong><font>Paris le 19\/06\/2008    Contact : 06 87 75 74 84<\/font><\/strong><\/div>\n<div> <strong><font><\/p>\n<hr\/>\n<p><\/font><\/strong><\/div>\n<div align=\"center\"> <font><font><strong>Communiqu\u00e9   <\/strong><\/font><font><strong>La flamb\u00e9e des prix des billets   p\u00e9nalise les migrants maghr\u00e9bins de retour au pays<\/strong><\/font><\/font><\/div>\n<div>  \u00a0<\/div>\n<div>        Le Conseil d&rsquo;administration de la F\u00e9d\u00e9ration des Tunisiens pour une   Citoyennet\u00e9 des deux Rives, r\u00e9uni samedi 14 juin 2008 ; suit avec beaucoup   d&rsquo;inqui\u00e9tude l&rsquo;envol\u00e9e des tarifs des billets de voyage entre la Tunisie et la   France par rapport \u00e0 l&rsquo;ann\u00e9e derni\u00e8re. Cette situation   ne manque pas de cr\u00e9er chez les migrants tunisiens un sentiment de   m\u00e9contentement et rend plus difficile leur retour au pays avec leurs familles   lors des grandes vacances \u2013 seule occasion pour eux de rendre visite \u00e0 leurs   proches en Tunisie -.      La FTCR condamne ce qui semble \u00eatre une entente illicite &#8211; entre les   diff\u00e9rentes compagnies assurant la liaison entre la France et la Tunisie &#8211;   pour augmenter le prix des billets. La FTCR tient les autorit\u00e9s tunisiennes   pour responsable de ces pratiques d&rsquo;autant qu&rsquo;elles n&rsquo;ont pas boug\u00e9 le petit   doigt pour mettre un terme \u00e0 cette envol\u00e9e en contradiction flagrante avec le   discours officiel qui ne cesse de pr\u00e9tendre \u00ab porter toute son attention et sa   protection aux travailleurs immigr\u00e9s \u00bb.      Devant cette situation concomitante avec la d\u00e9t\u00e9rioration du pouvoir d&rsquo;achat   des travailleurs migrants en France, nous appelons les autorit\u00e9s \u00e0 prendre   toutes les mesures n\u00e9cessaires en vue de baisser les tarifs des billets au   profit des migrants tunisiens et de leurs familles, de sorte qu&rsquo;ils puissent   rentrer au pays dans de bonnes conditions. Nous tenons \u00e0 rappeler la   contribution majeure de nos concitoyens \u00e0 l&rsquo;\u00e9conomie nationale gr\u00e2ce aux   transferts financiers permanents qu&rsquo;ils effectuent vers la Tunisie et aux   investissements g\u00e9n\u00e9rateurs d&#8217;emplois que nous leur devons.      Nous rappelons \u00e9galement que la FTCR organise annuellement son action IVIM (l&rsquo;Indispensable   pour les Voyageurs Immigr\u00e9s Maghr\u00e9bins). L&rsquo;\u00e9dition 2008 de ce \u00ab Passeport \u00bb   destin\u00e9 \u00e0 informer, accompagner et faciliter le retour de nos concitoyens dans   leur pays est d&rsquo;ores et d\u00e9j\u00e0 lanc\u00e9e : la FTCR sera pr\u00e9sente \u00e0 travers ses   associations membres dans les a\u00e9roports de \u00ab\u00a0Lille\u00a0\u00bb, \u00ab\u00a0Lyon\u00a0\u00bb ainsi que dans les   ports de \u00ab\u00a0S\u00e8te\u00a0\u00bb et \u00ab\u00a0Marseille\u00a0\u00bb durant deux mois, du 1 juillet au 15 ao\u00fbt.          <strong><font>Pour le Conseil d&rsquo;Administration   Mouhieddine CHERBIB   <\/font><\/strong> <strong><font>BON VOYAGE A TOUTES ET A TOUS   <\/font><\/strong> <strong><font><font>F\u00e9d\u00e9ration des Tunisiens   pour une Citoyennet\u00e9 des deux Rives (FTCR)   <\/font>3 rue de Nantes   Paris 75019   T\u00e9l: 01 46 07 54 04   Fax: 01 40 34 18 15   e-mail: ftcr2@wanadoo.fr   Site: www.ftcr.eu<\/font><\/strong><\/div>\n<div> <font>\u00a0<\/font><\/div>\n<div> <strong><\/p>\n<hr\/>\n<p><\/strong><\/div>\n<p><font><\/p>\n<div>\u00a0<\/div>\n<div align=\"center\"> <strong><\/p>\n<p><font><font>Entretien   <\/font>Le premier ministre alg\u00e9rien pr\u00e9conise \u00ab\u00a0un troisi\u00e8me mandat\u00a0\u00bb pour le   pr\u00e9sident Bouteflika<\/font><\/p>\n<p><\/strong><\/div>\n<div>  \u00a0<\/div>\n<div> <strong><font>ALGER ENVOY\u00c9E SP\u00c9CIALE<\/font><\/strong> \u00a0<\/div>\n<div>  Fid\u00e8le du pr\u00e9sident alg\u00e9rien, Abdelaziz Bouteflika, Abdelaziz Belkhadem, 63   ans, est le chef du gouvernement alg\u00e9rien depuis mai 2006 et le secr\u00e9taire   g\u00e9n\u00e9ral du Front de lib\u00e9ration nationale (FLN). Avec l&rsquo;aide de ce parti   majoritaire au Parlement, il vise \u00e0 faire modifier la Constitution pour   permettre au chef de l&rsquo;Etat de briguer un troisi\u00e8me mandat en avril 2009.      Souvent qualifi\u00e9 par ses adversaires d&rsquo;islamo-conservateur, Abdelaziz   Belkhadem appartient \u00e0 ce courant qui a toujours exist\u00e9 au sein du FLN, o\u00f9 la   ligne entre nationalisme et religion est floue. Le chef du gouvernement   cultive ainsi une image d&rsquo;homme nationaliste et pieux \u00e0 la fois.      <strong><font>Votre homologue fran\u00e7ais, Fran\u00e7ois Fillon, est   attendu \u00e0 Alger les 21 et 22 juin. Qu&rsquo;attendez-vous de sa visite ?    <\/font><\/strong>   Tout d&rsquo;abord, un raffermissement des relations entre nos deux pays. Celles-ci   sont d\u00e9j\u00e0 tr\u00e8s bonnes, mais si nous voulons aboutir \u00e0 un partenariat   d&rsquo;exception, il nous faut donner de la chair \u00e0 ce partenariat. Nous   souhaiterions, notamment, plus d&rsquo;investissements fran\u00e7ais en Alg\u00e9rie, plus   d&rsquo;assistance technique, et plus de souplesse dans la circulation des personnes.         <strong><font>La question du Sahara occidental n&rsquo;est-elle pas   \u00e9galement source de crispations de l&rsquo;Alg\u00e9rie envers la France ?    <\/font><\/strong>   La France a une position qui rel\u00e8ve de sa seule souverainet\u00e9. Mais nous   consid\u00e9rons que le pays des droits de l&rsquo;homme ne peut pas tourner le dos au   droit des peuples \u00e0 l&rsquo;autod\u00e9termination et encore moins \u00e0 la l\u00e9galit\u00e9   internationale.         L&rsquo;Alg\u00e9rie critique ouvertement le projet d&rsquo;Union pour la M\u00e9diterran\u00e9e de   Nicolas Sarkozy&#8230;       L&rsquo;Alg\u00e9rie est favorable \u00e0 toute initiative qui rapprocherait les deux rives de   la M\u00e9diterran\u00e9e. Mais celle qui nous a \u00e9t\u00e9 expos\u00e9e en 2007 par le pr\u00e9sident   Sarkozy n&rsquo;est plus celle qui nous est pr\u00e9sent\u00e9e aujourd&rsquo;hui. Initialement, il   s&rsquo;agissait des seuls pays de la M\u00e9diterran\u00e9e. L&rsquo;objectif \u00e9tait de construire   une union du m\u00eame type que l&rsquo;Union europ\u00e9enne, avec des projets \u00e0 g\u00e9om\u00e9trie   variable. Aujourd&rsquo;hui, c&rsquo;est une Union pour la M\u00e9diterran\u00e9e, et non plus une   Union m\u00e9diterran\u00e9enne, et son contenu reste flou.      Cette union regroupe 44 pays et s&rsquo;int\u00e8gre fid\u00e8lement dans le processus de   Barcelone, qui nous a d\u00e9\u00e7us. Sur les trois volets &#8211; politique, \u00e9conomique et   humain -, il n&rsquo;y a gu\u00e8re eu d&rsquo;avanc\u00e9es. Sur le plan humain, les choses se sont   m\u00eame d\u00e9grad\u00e9es, \u00e0 la suite des mesures prises par les Etats de l&rsquo;Union   europ\u00e9enne, apr\u00e8s le 11 septembre 2001. Et la France se limite \u00e0 mettre en   relief l&rsquo;am\u00e9lioration des conditions mat\u00e9rielles de d\u00e9livrance des visas, sans   pr\u00e9coniser des mesures tangibles pour mettre fin aux restrictions et   discriminations auxquelles sont soumis les ressortissants alg\u00e9riens.      J&rsquo;ajouterai, enfin, que si l&rsquo;Alg\u00e9rie est favorable \u00e0 une union de projets \u00e0   g\u00e9om\u00e9trie variable, il ne faut pas que ces projets soient une couverture pour   une normalisation rampante avec Isra\u00ebl.         <strong><font>Malgr\u00e9 toutes ces r\u00e9ticences, le pr\u00e9sident   Bouteflika sera-t-il pr\u00e9sent, le 13 juillet \u00e0 Paris, au sommet qui lancera   l&rsquo;Union pour la M\u00e9diterran\u00e9e ?    <\/font><\/strong>   Je ne peux pas m&rsquo;avancer mais le pr\u00e9sident Bouteflika nous a toujours habitu\u00e9s   \u00e0 \u00eatre l\u00e0 quand l&rsquo;Alg\u00e9rie doit \u00eatre repr\u00e9sent\u00e9e \u00e0 son plus haut niveau.         <strong><font>Vous d\u00e9mentez, par cons\u00e9quent, les rumeurs selon   lesquelles M. Bouteflika sera absent de ce sommet ?<\/font><\/strong>       Je dis qu&rsquo;il n&rsquo;est pas exclu que le pr\u00e9sident Bouteflika vienne \u00e0 Paris pour   ce sommet.         <strong><font>O\u00f9 en est ce projet, que vous annoncez depuis   presque deux ans, de r\u00e9viser la Constitution pour permettre \u00e0 M. Bouteflika de   briguer un troisi\u00e8me mandat ?    <\/font><\/strong>   Au FLN, nous avons \u00e9t\u00e9 les premiers \u00e0 demander une telle r\u00e9forme, et nous   continuons de la souhaiter. De mon point de vue, cette r\u00e9vision aura lieu,   c&rsquo;est une question de temps. Nous pr\u00e9conisons un r\u00e9gime pr\u00e9sidentiel fort,   ainsi qu&rsquo;un approfondissement de la pratique d\u00e9mocratique. Ce verrou de deux   mandats nous para\u00eet antid\u00e9mocratique. C&rsquo;est au peuple de d\u00e9cider (en avril   2009) s&rsquo;il veut redonner sa confiance au pr\u00e9sident pour un troisi\u00e8me mandat.   Nous sommes favorables \u00e0 une \u00e9lection pr\u00e9sidentielle sans exclusion. A l&rsquo;heure   actuelle, c&rsquo;est le pr\u00e9sident qui souffre d&rsquo;exclusion en raison de cette   limitation \u00e0 deux mandats.         <strong><font>Quelle voie choisir pour cette r\u00e9vision de la   Constitution : le r\u00e9f\u00e9rendum ou la voie parlementaire ?    <\/font><\/strong>   Un troisi\u00e8me mandat n&rsquo;alt\u00e9rant pas l&rsquo;\u00e9quilibre des pouvoirs en Alg\u00e9rie, la   voie parlementaire pourrait suffire.         On parle aussi d&rsquo;une r\u00e9vision de la Constitution qui permettrait non pas un   troisi\u00e8me mandat mais allongerait de deux ans l&rsquo;actuel quinquennat. Autrement   dit, le pr\u00e9sident Bouteflika pourrait rester chef de l&rsquo;Etat jusqu&rsquo;en 2011.       Au FLN, nous ne sommes pas favorables \u00e0 cette mani\u00e8re de faire. Soit on permet   un mandat plein et entier, soit on ne le permet pas. Si on proc\u00e8de \u00e0 un   amendement de la Constitution, pourquoi se limiter \u00e0 une prolongation de deux   ans ? Mais soyons tr\u00e8s clairs : nous sommes pour une \u00e9lection pluraliste. Le   peuple choisira entre plusieurs candidats. Le pr\u00e9sident Bouteflika n&rsquo;est pas   en train de r\u00e9clamer un mandat \u00e0 vie.       <font>Propos recueillis par Florence Beaug\u00e9   <\/font> <strong><font>(Source : \u00ab Le Monde \u00bb (Quotidien \u2013 France), le   19 juin 2008)<\/font><\/strong><\/div>\n<div>\n<hr\/>\n<\/div>\n<div align=\"center\"> <strong><\/p>\n<h4 style=\"color: blue;\"><font><font>AFP, le 18 juin 2008 \u00e0   13h31   <\/font>Alg\u00e9rie: report au 25 juin du proc\u00e8s de deux convertis<\/font><\/h4>\n<p><\/strong><\/div>\n<div>  \u00a0<\/div>\n<div> <strong><font>ALGER, 18 juin 2008 (AFP)<\/font><\/strong> &#8211; Le   tribunal de Tissemsilt (350 km sud-ouest d&rsquo;Alger) a d\u00e9cid\u00e9 de reporter au 25   juin le proc\u00e8s de deux Alg\u00e9riens convertis au protestantisme, qui demandaient   \u00e0 \u00eatre rejug\u00e9s apr\u00e8s avoir \u00e9t\u00e9 condamn\u00e9s par d\u00e9faut pour pros\u00e9lytisme, a   annonc\u00e9 la d\u00e9fense \u00e0 l&rsquo;AFP.   \u00ab\u00a0Le proc\u00e8s a \u00e9t\u00e9 report\u00e9 au 25 juin \u00e0 la demande de la d\u00e9fense, l&rsquo;avocate   principale des deux pr\u00e9venus, Me Khelloudja Khalfoun, n&rsquo;ayant pu se pr\u00e9senter   \u00e0 l&rsquo;audience\u00a0\u00bb, a confirm\u00e9 le pr\u00e9sident de l&rsquo;Eglise protestante d&rsquo;Alg\u00e9rie,   Mustapha Krim.   Les deux convertis avaient \u00e9t\u00e9 condamn\u00e9s le 20 novembre 2007 par d\u00e9faut \u00e0 deux   ans de prison ferme et 5.000 euros d&rsquo;amende chacun pour exercice ill\u00e9gal d&rsquo;un   culte non musulman. Ils ont demand\u00e9 \u00e0 \u00eatre rejug\u00e9s en \u00e9tant pr\u00e9sent \u00e0   l&rsquo;audience, comme le leur permet la loi alg\u00e9rienne.   Leur proc\u00e8s a \u00e9t\u00e9 report\u00e9 une premi\u00e8re fois au 18 juin \u00e0 la demande du   tribunal, qui voulait joindre les extraits du casier judiciaire des deux   pr\u00e9venus au dossier d&rsquo;accusation. Trois autres convertis &#8211; dont un membre du   conseil de l&rsquo;Eglise protestante d&rsquo;Alg\u00e9rie &#8211; condamn\u00e9s par d\u00e9faut en janvier   par le tribunal correctionnel d&rsquo;Arzew (ouest) \u00e0 trois ans de prison ferme et   500.000 (5.000 euros environ) d&rsquo;amende chacun, ont demand\u00e9 \u00e0 \u00eatre jug\u00e9s en   leur pr\u00e9sence. La date de leur comparution ne leur a pas encore \u00e9t\u00e9   communiqu\u00e9e, selon le pasteur Krim. Le pasteur Krim a affirm\u00e9 qu&rsquo;ils avaient   \u00e9t\u00e9 d\u00e9nonc\u00e9s \u00ab\u00a0pour atteinte \u00e0 la foi des musulmans\u00a0\u00bb, par un ancien membre de   la communaut\u00e9 \u00e9vang\u00e9lique, qui est retourn\u00e9 \u00e0 l&rsquo;islam apr\u00e8s s&rsquo;\u00eatre converti.   Le proc\u00e8s de Tissemsilt est le quatri\u00e8me intent\u00e9 contre des convertis \u00e0 la   faveur d&rsquo;une violente pol\u00e9mique engag\u00e9e \u00e0 la fin de 2006 entre dignitaires   religieux musulmans et chr\u00e9tiens, accus\u00e9s par les premiers de pros\u00e9lytisme en   milieu musulman.   Le 3 juin, quatre convertis poursuivis pour \u00ab\u00a0pratique ill\u00e9gale d&rsquo;un culte non   musulman\u00a0\u00bb avaient \u00e9t\u00e9 condamn\u00e9s \u00e0 des peines de prison avec sursis et deux   relax\u00e9s par le Tribunal correctionnel de Tiaret (sud ouest). L&rsquo;un d&rsquo;eux s&rsquo;est   vu infliger six mois de prison avec sursis et une amende de 2.000 EUR. Les   trois autres ont \u00e9t\u00e9 condamn\u00e9s \u00e0 deux mois de prison avec sursis et une amende   de 1.000 euros chacun. Leur avocate Me Khalfoun a fait appel. Une autre   convertie, Habiba Kouider, 37 ans, interpell\u00e9e transportant une dizaine de   bibles, doit compara\u00eetre \u00e0 nouveau devant le tribunal de Tiaret, qui avait   report\u00e9 sa d\u00e9cision le 27 mai et demand\u00e9 un compl\u00e9ment d&rsquo;enqu\u00eate. Le procureur   a requis trois ans de prison ferme contre la pr\u00e9venue. L&rsquo;exercice d&rsquo;un culte   &#8212; musulman on non musulman &#8212; est conditionn\u00e9 \u00e0 l&rsquo;obtention d&rsquo;un agr\u00e9ment   fixant le lieu du culte et un autre d\u00e9signant le pr\u00e9dicateur, en vertu d&rsquo;une   loi de f\u00e9vrier 2006.   Les responsables des \u00e9glises chr\u00e9tiennes consid\u00e8rent que cette loi restreint   la libert\u00e9 du culte garantie par la Constitution. Le pasteur Mustapha Krim en   a demand\u00e9 l&rsquo;abrogation, mais le ministre de la Communication Abderrachid   Boukerzaza l&rsquo;a exclue. La pol\u00e9mique entre musulmans et chr\u00e9tiens s&rsquo;est   traduite par le retrait de la carte de s\u00e9jour de l&rsquo;ancien pr\u00e9sident de   l&rsquo;\u00e9glise protestante d&rsquo;Alg\u00e9rie, Hugh Johnson, 74 ans, qui r\u00e9sidait depuis 45   ans en Alg\u00e9rie o\u00f9 il avait pris sa retraite en 2006. Il a d\u00fb quitter l&rsquo;Alg\u00e9rie   en mars.   Cette pol\u00e9mique est all\u00e9e crescendo apr\u00e8s la radiation de deux instituteurs   alg\u00e9riens convertis et la condamnation \u00e0 la prison avec sursis fin janvier   d&rsquo;un pr\u00eatre catholique fran\u00e7ais d&rsquo;Oran (ouest), Pierre Wallez, accus\u00e9 d&rsquo;avoir   anim\u00e9 un culte aupr\u00e8s de migrants clandestins camerounais.   Les chr\u00e9tiens d&rsquo;Alg\u00e9rie &#8211; en majorit\u00e9 catholiques &#8211; comptentquelque 11.000   personnes, toutes ob\u00e9diences confondues, sur 35 millions d&rsquo;habitants, selon le   minist\u00e8re des Affaires religieuses.      <strong><font>AFP<\/font><\/strong><\/div>\n<div>\n<hr\/>\n<\/div>\n<div align=\"center\"> <strong><\/p>\n<p><font><font>AFP, le 18 juin 2008 \u00e0   16h30   <\/font>Presse\/ann\u00e9es de plomb:    R\u00e9f\u00e9r\u00e9 contre le directeur d&rsquo;un journal marocain<\/font><\/p>\n<p><\/strong><\/div>\n<div>  \u00a0<\/div>\n<div> <strong><font>RABAT, 18 juin 2008 (AFP)<\/font><\/strong> &#8211; La   justice marocaine a \u00e9t\u00e9 appel\u00e9e mercredi \u00e0 trancher dans une affaire touchant   des t\u00e9moignages sur la s\u00e9v\u00e8re r\u00e9pression politique pendant les \u00ab\u00a0ann\u00e9es de   plomb\u00a0\u00bb (1960-1999) sous le roi Hassan II. Le pr\u00e9sident du Conseil consultatif   des droits de l&rsquo;Homme (CCDH, public) Ahmed Herzenni a saisi la justice pour   stopper la publication de ces t\u00e9moignages par le quotidien Al Jarida Al Oula   dirig\u00e9 par Ali Anouzla. Le tribunal de premi\u00e8re instance de Rabat rendra son   jugement jeudi, a annonc\u00e9 le pr\u00e9sident de la cour. Ces t\u00e9moignages n&rsquo;avaient   pas \u00e9t\u00e9 retransmis directement \u00e0 la   t\u00e9l\u00e9vision et \u00e0 la radio nationales comme l&rsquo;avaient \u00e9t\u00e9 des d\u00e9clarations   d&rsquo;autres anciennes victimes de la r\u00e9pression en d\u00e9cembre 2004, organis\u00e9es par   une commission de v\u00e9rit\u00e9, l&rsquo;Instance \u00e9quit\u00e9 et r\u00e9conciliation (IER) dissoute   en novembre 2005).   Les textes publi\u00e9s par le quotidien, transcrivaient des t\u00e9moignages devant   cette commission. Une fois l&rsquo;IER dissoute, Mohammed VI avait charg\u00e9 le CCDH de   g\u00e9rer la mise en oeuvre de ses recommandations, ainsi que l&rsquo;utilisation de ses   archives. \u00ab\u00a0Il n&rsquo;existe aucun texte, aucune loi qui conf\u00e8re un caract\u00e8re secret   aux documents publi\u00e9s par Ali Anouzla\u00a0\u00bb, a affirm\u00e9 l&rsquo;avocat du journal Me   Hassan Semlali. \u00ab\u00a0Le CCDH lui-m\u00eame affirme que ces documents pourraient \u00eatre   consult\u00e9s par des +chercheurs s\u00e9rieux+, confirmant ainsi qu&rsquo;ils n&rsquo;avaient rien   de secret\u00a0\u00bb, a ajout\u00e9 l&rsquo;avocat. Le CCDH a eu recours \u00e0 la justice en faisant   valoir une loi sur   les archives, m\u00eame si les d\u00e9crets d&rsquo;application n&rsquo;ont pas encore \u00e9t\u00e9   promulgu\u00e9s. Cette loi stipule que le d\u00e9lai pour la libre communication peut   aller de 30 ans \u00e0 un si\u00e8cle. \u00ab\u00a0Nous avons fait appel \u00e0 la justice pour obtenir   que cesse lapublication de t\u00e9moignages devant constituer une mati\u00e8re f\u00e9conde   pour des chercheurs s\u00e9rieux, et non pas un objet de concurrence entre   journalistes haletant derri\u00e8re des scoops\u00a0\u00bb, avait d\u00e9clar\u00e9 le pr\u00e9sident du CCDH   Ahmed Herzenni dans un communiqu\u00e9. Il avait \u00e9galement fustig\u00e9 \u00ab\u00a0la bassesse   morale\u00a0\u00bb de certains journalistes\u00a0\u00bb.   L&rsquo;avocat Abderrahim Jama\u00ef a inform\u00e9 le juge que le journaliste \u00ab\u00a0se r\u00e9serve le   droit de poursuivre le CCDH en justice concernant les attaques de M. Herenni\u00a0\u00bb.   \u00ab\u00a0Je tiens \u00e0 mon droit de continuer \u00e0 publier des t\u00e9moignages sur cette p\u00e9riode   de l&rsquo;histoire du Maroc\u00a0\u00bb, a d\u00e9clar\u00e9 \u00e0 l&rsquo;AFP M. Anouzla, directeur d&rsquo;Al Jarida   Al Oula, et ancien directeur du bureau du quotidien arabe Acharq Al Awsat \u00e0   Rabat. Son journal avait notamment publi\u00e9 des t\u00e9moignages d&rsquo;Abdelhadi Boutaleb   (ancien conseiller du roi Hassan II) et de Khelli Henna Ould Errachid (notable   sahraoui). Si la cour d\u00e9cidait de juger en faveur du CCDH, Ali Anouzla devrait   payer une amende s&rsquo;il ne respecte pas la sentence, a indiqu\u00e9 l&rsquo;un des avocats   du journaliste.      <strong><font>AFP<\/font><\/strong><\/div>\n<div>\n<hr\/>\n<\/div>\n<p><\/font><\/p>\n<div align=\"center\"> <strong><\/p>\n<h4 style=\"color: blue;\"><font>M\u00e9moire de la Shoah : le projet de Nicolas   Sarkozy abandonn\u00e9<\/font><\/h4>\n<p><\/strong><\/div>\n<div>  \u00a0<\/div>\n<div>        Un projet de circulaire du ministre de l&rsquo;\u00e9ducation, Xavier Darcos, sur   l&rsquo;enseignement de la Shoah en CM2, sugg\u00e8re de privil\u00e9gier \u00ab\u00a0la th\u00e9matique des   enfants victimes\u00a0\u00bb, mais ne reprend pas l&rsquo;id\u00e9e initiale de Nicolas Sarkozy, qui   avait fait pol\u00e9mique, de \u00ab\u00a0confier la m\u00e9moire d&rsquo;un des 11 000 enfants fran\u00e7ais   victimes de la Shoah\u00a0\u00bb \u00e0 \u00ab\u00a0tous les enfants de CM2\u00a0\u00bb.      Le texte, transmis \u00e0 la presse mercredi 18 juin, m\u00e9nage les professeurs des   \u00e9coles, qui avaient soulign\u00e9 qu&rsquo;ils enseignaient d\u00e9j\u00e0 la Shoah \u00e0 leurs \u00e9l\u00e8ves,   et d\u00e9non\u00e7aient, pour certains, \u00ab\u00a0une intrusion du politique dans le p\u00e9dagogique\u00a0\u00bb   : \u00ab\u00a0Pour aborder l&rsquo;enseignement [de la Shoah], les ma\u00eetres sont libres de leurs   choix p\u00e9dagogiques et plusieurs approches, souvent compl\u00e9mentaires, sont   possibles\u00a0\u00bb, pr\u00e9cise ce document. \u00ab\u00a0La th\u00e9matique des enfants victimes est   cependant une entr\u00e9e \u00e0 privil\u00e9gier au CM2 : partir d&rsquo;un nom, d&rsquo;un visage, d&rsquo;un   itin\u00e9raire, de l&rsquo;exemple singulier d&rsquo;une famille dont l&rsquo;histoire est li\u00e9e aux   lieux proches \u2013 l&rsquo;\u00e9cole, la commune, le d\u00e9partement \u2013, constitue une approche   respectueuse de la sensibilit\u00e9 des enfants\u00a0\u00bb, ajoute ce projet de circulaire.        Le minist\u00e8re fait ainsi suite au rapport d&rsquo;H\u00e9l\u00e8ne Waysbord-Loing, pr\u00e9sidente   de l&rsquo;association de la Maison d&rsquo;Izieu, qui recommande que cet enseignement   parte \u00ab\u00a0de l&rsquo;exemple singulier (d&rsquo;un enfant ou d&rsquo;un groupe d&rsquo;enfants) pour   aller au plus g\u00e9n\u00e9ral\u00a0\u00bb, en \u00e9vitant \u00ab\u00a0le compassionnel\u00a0\u00bb. Jugeant \u00ab\u00a0pas adaptable   au monde \u00e9ducatif\u00a0\u00bb la demande faite par le chef de l&rsquo;Etat au d\u00eener annuel du   CRIF (Conseil repr\u00e9sentatif des institutions juives de France), le 13 f\u00e9vrier,   ce rapport pr\u00e9conise un travail collectif, historique, civique et artistique,   sur les enfants juifs disparus mais aussi t\u00e9moins ou cach\u00e9s durant la guerre,   pr\u00e9cise Le Parisien.       Sur fond de toll\u00e9, Mme Waysbord-Loing avait \u00e9t\u00e9 charg\u00e9e fin f\u00e9vrier de   coordonner un groupe de travail de seize personnalit\u00e9s et membres   d&rsquo;associations (dont Simone Veil, Serge Klarsfeld et Claude Lanzmann)   sollicit\u00e9s pour transformer la \u00ab\u00a0bonne id\u00e9e de Nicolas Sarkozy\u00a0\u00bb,\u00a0 selon les   mots de Xavier Darcos, \u00ab\u00a0en bonne d\u00e9marche p\u00e9dagogique\u00a0\u00bb.      <strong><font>Le Monde.fr, avec AFP<\/font><\/strong> <strong><font>(Source : \u00ab Le Monde \u00bb (Quotidien \u2013 France), le   19 juin 2008)<\/font><\/strong><\/div>\n<div>  \u00a0<\/div>\n<div> <font><\/p>\n<hr\/>\n<p><\/font><\/div>\n<div> <font><font> <\/p>\n<div align=\"center\"> <font><strong><font>AFP, le 18 juin 2008 \u00e0     20h30     <\/font><\/p>\n<h4 style=\"color: blue;\"><font>Union pour la M\u00e9diterran\u00e9e: un outil pour     r\u00e9duire l&rsquo;ins\u00e9curit\u00e9 (expert)<\/font><\/h4>\n<p><\/strong><\/font><\/div>\n<div>    \u00a0<\/div>\n<div> <font><strong>TUNIS, 18 juin 2008 (AFP) &#8211;<\/strong><\/font>     L&rsquo;Union pour la M\u00e9diterran\u00e9e (UPM) promue par la France pourrait \u00eatre un     outil efficace contre l&rsquo;ins\u00e9curit\u00e9, \u00e0 condition que les pays riverains     puissent exprimer leurs priorit\u00e9s, a estim\u00e9 mercredi le contre-amiral     Jean-Fran\u00e7ois Coustilli\u00e8re, pr\u00e9sident de l&rsquo;ONG Horizons M\u00e9diterran\u00e9e. \u00ab\u00a0On     peut esp\u00e9rer un engagement plus fort et plus concret (&#8230;), peut-\u00eatre une     meilleure efficacit\u00e9\u00a0\u00bb, a-t-il dit, s&rsquo;exprimant sur \u00ab\u00a0les d\u00e9fis s\u00e9curitaires\u00a0\u00bb     lors d&rsquo;une r\u00e9union \u00e0 Tunis sur le projet de l&rsquo;UPM, qui doit \u00eatre lanc\u00e9 le 13     juillet \u00e0 Paris par le pr\u00e9sident Nicolas Sarkozy.     Selon cet expert, l&#8217;emploi, la satisfaction des besoins alimentaires et     l&rsquo;acc\u00e8s \u00e0 l&rsquo;eau sont des \u00ab\u00a0priorit\u00e9s cruciales\u00a0\u00bb en M\u00e9diterran\u00e9e et     constituent les causes du terrorisme, de l&rsquo;immigration clandestine et des     trafics de tous genres.     \u00ab\u00a0Pour r\u00e9duire la menace terroriste et l&rsquo;immigration clandestine, il faudra     prendre en compte les causes\u00a0\u00bb, a-t-il expliqu\u00e9 \u00e0 l&rsquo;AFP en marge du colloque.     \u00ab\u00a0Garantir des conditions de vie meilleures aux populations revient \u00e0 r\u00e9duire     assez vite les probl\u00e8mes li\u00e9s \u00e0 la circulation des personnes et au     terrorisme\u00a0\u00bb, a plaid\u00e9 M. Coustilli\u00e8re. Selon lui, l&rsquo;UPM pourrait \u00eatre \u00ab\u00a0un     outil efficace\u00a0\u00bb agissant aux c\u00f4t\u00e9s des organisations \u00ab\u00a0ayant comp\u00e9tence sur     l&rsquo;ensemble du bassin\u00a0\u00bb en mati\u00e8re de s\u00e9curit\u00e9, \u00e0 savoir l&rsquo;OTAN et l&rsquo;Union     europ\u00e9enne. \u00ab\u00a0Ce qui manque, a-t-il soulign\u00e9, c&rsquo;est l&rsquo;\u00e9mergence d&rsquo;une     structure propre qui permettrait aux pays riverains, et \u00e0 eux seuls,     d&rsquo;exprimer leurs priorit\u00e9s en termes de s\u00e9curit\u00e9 globale\u00a0\u00bb. Il en veut pour     preuve le dialogue sur la s\u00e9curit\u00e9 dit \u00ab\u00a05+5\u00a0\u00bb qui \u00ab\u00a0a su se concentrer sur des     actions pratiques et concr\u00e8tes\u00a0\u00bb, a-t-il affirm\u00e9, citant la surveillance     maritime et a\u00e9rienne, la protection civile et la formation.     Ce cadre informel r\u00e9unit depuis 2004 cinq Etats du Maghreb (Alg\u00e9rie, Libye,     Maroc, Mauritanie et Tunisie) et cinq pays du sud de l&rsquo;Europe (Espagne,     France, Italie, Portugal et Malte). La s\u00e9curit\u00e9 en M\u00e9diterran\u00e9e d\u00e9pend des     capacit\u00e9s \u00e0 affronter les accidents et catastrophes, les risques \u00e9conomiques,     sanitaires et civils, tout autant que le terrorisme et les probl\u00e8mes     migratoires. \u00ab\u00a0Ce sont des d\u00e9fis vitaux qui concernent tout autant le nord     que le sud\u00a0\u00bb, a-t-il conclu.          <strong><font>AFP<\/font><\/strong> <\/div>\n<p> <\/font><\/font><\/div>\n<div> <strong><\/p>\n<hr\/>\n<p><\/strong><\/div>\n<div align=\"center\"> <strong><\/p>\n<h4 style=\"color: blue;\"><font><font>Reuters, le 16 juin 2008 \u00e0   17h28   <\/font>Turquie &#8211; En accusation, le parti AKP pr\u00e9sente sa d\u00e9fense<\/font><\/h4>\n<p><\/strong><\/div>\n<div>  \u00a0<\/div>\n<div> <strong><font>ANKARA, 16 juin (Reuters)<\/font><\/strong> &#8211; Le   parti AKP au pouvoir en Turquie a pr\u00e9sent\u00e9 lundi sa d\u00e9fense contre des   accusations selon lesquelles il chercherait \u00e0 transformer ce pays musulman   mais la\u00efque en Etat islamique.   L&rsquo;AKP, issu de la mouvance islamiste, cherche \u00e0 \u00e9viter sa dissolution par la   Cour constitutionnelle pour atteintes pr\u00e9sum\u00e9es aux fondements de l&rsquo;Etat   la\u00efque. Le parti rejette les poursuites dont il est l&rsquo;objet.   Aucune pr\u00e9cision n&rsquo;a \u00e9t\u00e9 fournie jusqu&rsquo;ici sur la teneur de ses arguments de   d\u00e9fense.   Le proc\u00e8s, qui vise aussi \u00e0 interdire d&rsquo;activit\u00e9s politiques pour une dur\u00e9e de   cinq ans 71 personnalit\u00e9s parmi lesquelles figure le Premier ministre Tayyip   Erdogan, fait craindre une longue p\u00e9riode d&rsquo;incertitude politique et   d&rsquo;\u00e9ventuelles \u00e9lections anticip\u00e9es.   Le gouvernement d&rsquo;Ankara est en conflit avec les \u00e9lites la\u00efques &#8211; notamment   les milieux judiciaires et l&rsquo;arm\u00e9e &#8211; sur le r\u00f4le de la religion dans le pays,   qui souhaite adh\u00e9rer \u00e0 l&rsquo;Union europ\u00e9enne. Malgr\u00e9 ses racines islamiques,   l&rsquo;AKP est aussi une formation r\u00e9formiste et favorable aux milieux d&rsquo;affaires.   Des analystes estiment que la probabilit\u00e9 d&rsquo;une dissolution de l&rsquo;AKP s&rsquo;est   renforc\u00e9e avec l&rsquo;invalidation, par la Cour constitutionnelle, d&rsquo;une r\u00e9forme   gouvernementale qui autorisait le porte du foulard islamique dans les   universit\u00e9s. L&rsquo;AKP avait jusqu&rsquo;\u00e0 fin juin pour pr\u00e9senter sa d\u00e9fense \u00e0 la plus   haute juridiction du pays, mais il tenait \u00e0 conclure auplus t\u00f4t afin de   limiter les risques d&rsquo;instabilit\u00e9. L&rsquo;affaire doit passer \u00e0 l&rsquo;\u00e9tape des   auditions une fois pr\u00e9sent\u00e9e la d\u00e9fense du parti. L&rsquo;AKP fait valoir que les   charges retenues \u00e0 son encontre manquent de preuves tangibles et se fondent   principalement sur des articles de journaux et des propos tenus il y a d\u00e9j\u00e0   longtemps par des personnalit\u00e9s politiques en vue. Les tribunaux turcs ont   interdit plus de vingt partis pour activit\u00e9s islamistes et s\u00e9paratistes kurdes   pr\u00e9sum\u00e9es. Un pr\u00e9d\u00e9cesseur de l&rsquo;AKP a \u00e9t\u00e9 banni en 2001.       <strong><font>REUTERS<\/font><\/strong><\/div>\n<div>\n<hr\/>\n<\/div>\n<div align=\"center\"> <strong><\/p>\n<p><font><font>AFP, le 17 juin 2008 \u00e0   17h16   <\/font>Turquie: premi\u00e8re audience en juillet du proc\u00e8s en interdiction de   l&rsquo;AKP<\/font><\/p>\n<p><\/strong><\/div>\n<div>  \u00a0<\/div>\n<div> <strong><font>ANKARA, 17 juin 2008 (AFP)<\/font><\/strong> &#8211; La   premi\u00e8re audience du proc\u00e8s du Parti de la justice et du d\u00e9veloppement (AKP),   au pouvoir en Turquie mais menac\u00e9 d&rsquo;interdiction en raison d&rsquo;une volont\u00e9   suppos\u00e9e d&rsquo;islamiser le pays, aura lieu le 1er juillet, a affirm\u00e9 mardi un   responsable de la Cour constitutionnelle.   Le procureur de la Cour de Cassation Abdurrahman Yal\u00e7inkaya, \u00e0 l&rsquo;origine de la   proc\u00e9dure, sera le premier \u00e0 compara\u00eetre devant les 11 juges de la Cour   constitutionnelle pour expliquer pourquoi l&rsquo;AKP doit selon lui \u00eatre dissous, a   d\u00e9clar\u00e9 \u00e0 l&rsquo;AFP cette source parlant sous le couvert de l&rsquo;anonymat.   Le 3 juillet, ce sont les repr\u00e9sentants de l&rsquo;AKP va pr\u00e9senteront \u00e0 la Cour   leur plaidoirie orale, a-t-elle ajout\u00e9. A l&rsquo;issue de ces audiences, un   rapporteur sera nomm\u00e9 par le tribunal pour pr\u00e9parer un rapport aux conclusions   non-contraignantes sur le verdict que devraient rendre les juges. La Cour   fixera alors une date pour les d\u00e9lib\u00e9rations et la publication du verdict.   M. Yal\u00e7inkaya a d\u00e9pos\u00e9 en mars un recours devant la Cour constitutionnelle   demandant l&rsquo;interdiction de l&rsquo;AKP, un parti issu de la mouvance islamiste mais   qui se d\u00e9finit aujourd&rsquo;hui comme \u00ab\u00a0d\u00e9mocrate conservateur\u00a0\u00bb, l&rsquo;accusant   d&rsquo;activit\u00e9s \u00ab\u00a0anti-la\u00efques\u00a0\u00bb.   Il a \u00e9galement r\u00e9clam\u00e9 une interdiction d&rsquo;activit\u00e9 politique de cinq ans pour   71 cadres de l&rsquo;AKP, dont le Premier ministre Recep Tayyip Erdogan, ou anciens   membres du parti, comme le pr\u00e9sident Abdullah G\u00fcl.   L&rsquo;AKP, qui a pr\u00e9sent\u00e9 sa d\u00e9fense \u00e9crite finale lundi, rejette les accusations   et se dit attach\u00e9 au respect du principe constitutionnel de s\u00e9paration entre   l&rsquo;Etat et la religion.   Les analystes estiment que la probabilit\u00e9 d&rsquo;une interdiction de l&rsquo;AKP s&rsquo;est   accrue depuis l&rsquo;annulation par la Cour constitutionnelle d\u00e9but juin d&rsquo;une   r\u00e9forme gouvernementale autorisant le port du voile islamique \u00e0 l&rsquo;universit\u00e9,   pr\u00e9sent\u00e9e par M. Yal\u00e7inkaya comme une preuve des desseins islamisateurs de   l&rsquo;AKP.      <font><strong>AFP<\/strong><\/font><\/div>\n<div>\n<hr\/>\n<\/div>\n<div align=\"center\"> <strong><\/p>\n<p><font><font>AFP, le 19 juin 2008 \u00e0   08h40   <\/font>Turquie: La proc\u00e9dure contre l&rsquo;AKP annonce un \u00e9t\u00e9 chaud en politique<\/font><\/p>\n<p><\/strong><\/div>\n<div>  \u00a0<\/div>\n<div> <strong><font>Par Burak AKINCI   <\/font><\/strong>   ANKARA, 19 juin 2008 (AFP) &#8211; La proc\u00e9dure d&rsquo;interdiction lanc\u00e9e contre le   Parti de la justice et du d\u00e9veloppement (AKP), au pouvoir en Turquie et accus\u00e9   d&rsquo;islamiser le pays, pourrait aboutir d\u00e8s la fin de l&rsquo;\u00e9t\u00e9 et \u00e9ventuellement   plonger le pays dans des turbulences politiques.   La premi\u00e8re audience du proc\u00e8s contre l&rsquo;AKP, issu de la mouvance islamiste et   au pouvoir depuis pr\u00e8s de six ans, aura lieu le 1er juillet avec le   r\u00e9quisitoire du premier procureur du pays. Le 3 juillet, les repr\u00e9sentants de   l&rsquo;AKP pr\u00e9senteront \u00e0 la Cour leur plaidoirie orale, apr\u00e8s quoi le tribunal   fixera une date pour les d\u00e9lib\u00e9rations et l&rsquo;annonce du verdict. L&rsquo;AKP a   affirm\u00e9 dans un document pour sa d\u00e9fense remis lundi \u00e0   la Cour qu&rsquo;il ne cherchait pas \u00e0 transformer ce pays \u00e0 forte majorit\u00e9   musulmane en Etat islamique. Mais c&rsquo;est un profond d\u00e9saccord sur la d\u00e9finition   m\u00eame de la la\u00efcit\u00e9 pour les parties qui est \u00e0 l&rsquo;origine de ce bras de fer   entre le pouvoir politique et le syst\u00e8me judiciaire. Dans son r\u00e9quisitoire, le   procureur de la Cour de cassation Abdurrahman Yal\u00e7inkaya, \u00e0 l&rsquo;origine de la   proc\u00e9dure, a d\u00e9fini la la\u00efcit\u00e9 comme \u00ab\u00a0un mode de vie moderne\u00a0\u00bb; l&rsquo;AKP r\u00e9fute   cette th\u00e8se dans sa d\u00e9fense et affirme qu&rsquo;\u00eatre la\u00efc ou non n&rsquo;est qu&rsquo;un choix   individuel.   Quelque 71 personnalit\u00e9s politiques, dont le Pr\u00e9sident Abdullah G\u00fcl et le   Premier ministre Recep Tayyip Erdogan, pourraient se voir interdire   d&rsquo;activit\u00e9s politiques pour cinq ans. Les analystes estiment que la   probabilit\u00e9 d&rsquo;une interdiction de l&rsquo;AKP s&rsquo;est accrue depuis l&rsquo;annulation par   la m\u00eame Cour, d\u00e9but juin, d&rsquo;un amendement constitutionnel du gouvernement   autorisant le port du voile \u00e0 l&rsquo;universit\u00e9, un projet tr\u00e8s contest\u00e9 dans les   milieux pro-la\u00efcs. Dans des propos \u00e0 des d\u00e9put\u00e9s rapport\u00e9s par la presse   mercredi, M. Erdogan a indiqu\u00e9 s&rsquo;attendre \u00e0 un verdict d\u00e8s la fin juillet,   alors que ce genre de proc\u00e9dure prenait jusqu&rsquo;\u00e0 un an, voire   davantage, dans le pass\u00e9.   Le pr\u00e9sident de la Cour Hasim Kili\u00e7 a d\u00e9clar\u00e9 mercredi qu&rsquo;il ne pouvait   pr\u00e9dire de calendrier pr\u00e9cis pour un verdict. Les dirigeants de l&rsquo;AKP   souhaitent une d\u00e9cision rapide afin d&rsquo;att\u00e9nuer les incertitudes \u00e9conomiques   d\u00e9coulant en partie des agitations politiques. Les march\u00e9s financiers ont \u00e9t\u00e9   atteints, les observateurs anticipant une menace sur les r\u00e9formes politiques   et \u00e9conomiques du pays.   L&rsquo;Union europ\u00e9enne, que la Turquie ambitionne de rejoindre, s&rsquo;est \u00e9lev\u00e9e   contre le proc\u00e8s et estime que les accusations soulev\u00e9es contre l&rsquo;AKP   devraient \u00eatre d\u00e9battues au parlement et tranch\u00e9es dans les urnes plut\u00f4t qu&rsquo;au   tribunal. Mais la Cour europ\u00e9enne des droits de l&rsquo;Homme avait dans le pass\u00e9   ent\u00e9rin\u00e9 des proc\u00e9dures de ce type, telle la dissolution du parti islamiste   Refah, pr\u00e9d\u00e9cesseur de l&rsquo;AKP. M. Erdogan a somm\u00e9 ses d\u00e9put\u00e9s de ne pas quitter   la capitale jusqu&rsquo;au verdict et le Parlement ne devra pas, comme d&rsquo;habitude,   entamer ses vacances le 1er juillet. \u00ab\u00a0Le plus t\u00f4t sera le mieux, car nous   pourrons voir plus clair   pour l&rsquo;avenir\u00a0\u00bb, a soulign\u00e9 \u00e0 l&rsquo;AFP une source proche de l&rsquo;AKP.   Selon la presse, l&rsquo;AKP s&rsquo;est attel\u00e9 \u00e0 d\u00e9finir un plan alternatif pour revenir   au pouvoir sous une autre forme avec toujours \u00e0 sa t\u00eate M. Erdogan, \u00e9lu cette   fois sur une liste ind\u00e9pendante, \u00e0 la faveur d&rsquo;\u00e9lections l\u00e9gislatives   anticip\u00e9es d&rsquo;ici la fin de l&rsquo;ann\u00e9e. L&rsquo;AKP a gagn\u00e9 les derni\u00e8res l\u00e9gislatives   organis\u00e9es il y a moins d&rsquo;un an avec 47% des voix et le prochain scrutin est   normalement pr\u00e9vu pour 2011.   Entre-temps \u00ab\u00a0l&#8217;embl\u00e8me du nouveau parti que les d\u00e9put\u00e9s AKP rejoindraient a   d\u00e9j\u00e0 \u00e9t\u00e9 choisi: ce sera le soleil pour symboliser le renouveau\u00a0\u00bb, soulignait   un \u00e9ditorialiste du journal pro-gouvernemental Sabah, rempla\u00e7ant l&rsquo;actuel   symbole de l&rsquo;AKP: une ampoule allum\u00e9e.      <strong><font>AFP<\/font><\/strong><\/div>\n<div>\n<hr\/>\n<\/div>\n<div align=\"center\"> <strong><font>AFP, le 19 juin 2008 \u00e0 13h12   <\/font><\/p>\n<h5 style=\"color: blue;\"><font>Danemark: le dessinateur de Jyllands-Posten   devait \u00eatre \u00e9trangl\u00e9 (presse)<\/font><\/h5>\n<p><\/strong><font> <\/p>\n<div align=\"left\">    \u00a0<\/div>\n<p> <\/font> <\/p>\n<div align=\"left\">    COPENHAGUE, 19 juin 2008 (AFP) &#8211; Le dessinateur danois d&rsquo;une des douze     caricatures controvers\u00e9es de Mahomet, Kurt Westergaard, devait \u00eatre     \u00e9trangl\u00e9, rapporte jeudi le site \u00e9lectronique du quotidien gratuit     Nyhedsavisen.          Selon des documents des services du renseignement danois PET repris par le     journal, deux Tunisiens arr\u00eat\u00e9s en f\u00e9vrier dernier sont soup\u00e7onn\u00e9s d&rsquo;avoir     minutieusement pr\u00e9par\u00e9 leur attentat, qui devait \u00eatre commis par l&rsquo;un     d&rsquo;entre eux, sp\u00e9cialiste des sports de combat.          Le dessin de Kurt Westergaard, \u00e2g\u00e9 de 73 ans, qui a fait scandale dans le     monde musulman, montrait la t\u00eate de Mahomet recouverte d&rsquo;un turban en forme     de bombe \u00e0 la m\u00e8che allum\u00e9e. Les deux hommes, \u00e2g\u00e9s de 26 et 36 ans et     r\u00e9sidant au Danemark, sont toujours d\u00e9tenus sans jugement sur recommandation     du PET qui a estim\u00e9 qu&rsquo;ils constituaient une menace pour la s\u00e9curit\u00e9 de     l&rsquo;Etat en attendant leur expulsion sur d\u00e9cision administrative vers leur     pays d&rsquo;origine.          Les avocats des deux Tunisiens ont protest\u00e9 contre ce maintien en d\u00e9tention     sans proc\u00e8s et demand\u00e9 \u00e0 la Cour supr\u00eame de se saisir de cette affaire.     Celle-ci devait se prononcer jeudi \u00e0 ce sujet.          D&rsquo;apr\u00e8s le Nyhedsavisen, le PET a perquisitionn\u00e9 secr\u00e8tement \u00e0 la mi-octobre     2006 le domicile du plus jeune des deux hommes, trouvant sur place un papier     en arabe montrant comment le duo avait pr\u00e9par\u00e9 m\u00e9ticuleusement son plan.          Ce document \u00e9crit \u00e0 la main a r\u00e9v\u00e8l\u00e9 que les deux complices avaient     notamment surveill\u00e9 la maison du caricaturiste, connaissant son l&rsquo;agencement     et le nombre de personnes y habitant, selon le journal. Les deux Tunisiens     s&rsquo;\u00e9taient \u00e9galement assur\u00e9 qu&rsquo;il n&rsquo;y avait pas de chien de garde.          <font><strong>AFP <\/strong><\/font> <\/div>\n<\/div>\n<p align=\"center\" dir=\"ltr\">\u00a0<\/p>\n<p> <font face=\"Arial\" size=\"2\"><\/font><\/p>\n<p align=\"center\" dir=\"ltr\"><b><a href=\"http:\/\/www.tunisnews.net\"><font face=\"Arial\"><span><font size=\"2\">Home<\/font><\/span><font size=\"2\"><span lang=\"FR-CH\"> &#8211; Accueil <\/span><span>&#8211; <\/span><\/font><\/font><span dir=\"rtl\" lang=\"AR-SA\"><font size=\"2\">\u0627\u0644\u0631\u0626\u064a\u0633\u064a\u0629<\/font><\/span><\/a><\/b><\/p>\n<p><\/body><\/body><\/html><\/p>\n","protected":false},"excerpt":{"rendered":"<p>Home &#8211; Accueil TUNISNEWS \u00a08\u00a0\u00e8me\u00a0ann\u00e9e, N\u00b0 2949 du 19.06.2008\u00a0archives : www.tunisnews.net Libert\u00e9 et Equit\u00e9:La trag\u00e9die de la famille Nasri Libert\u00e9 et Equit\u00e9:Gr\u00e8ve de la faim illimit\u00e9e \u00e0 F\u00e9riana Association Internationale de Soutien aux Prisonniers politiques: La vingt septi\u00e8me chambre criminelle de la Cour d\u2019appel de Tunis&#8230; Fran\u00e7ois Montaufray:Ecrire pour le proc\u00e8s de Mohammed Ben Mohammed [&hellip;]<\/p>\n","protected":false},"author":1,"featured_media":22040,"comment_status":"open","ping_status":"open","sticky":false,"template":"","format":"standard","meta":{"inline_featured_image":false,"site-sidebar-layout":"default","site-content-layout":"","ast-site-content-layout":"default","site-content-style":"default","site-sidebar-style":"default","ast-global-header-display":"","ast-banner-title-visibility":"","ast-main-header-display":"","ast-hfb-above-header-display":"","ast-hfb-below-header-display":"","ast-hfb-mobile-header-display":"","site-post-title":"","ast-breadcrumbs-content":"","ast-featured-img":"","footer-sml-layout":"","ast-disable-related-posts":"","theme-transparent-header-meta":"","adv-header-id-meta":"","stick-header-meta":"","header-above-stick-meta":"","header-main-stick-meta":"","header-below-stick-meta":"","astra-migrate-meta-layouts":"default","ast-page-background-enabled":"default","ast-page-background-meta":{"desktop":{"background-color":"","background-image":"","background-repeat":"repeat","background-position":"center center","background-size":"auto","background-attachment":"scroll","background-type":"","background-media":"","overlay-type":"","overlay-color":"","overlay-opacity":"","overlay-gradient":""},"tablet":{"background-color":"","background-image":"","background-repeat":"repeat","background-position":"center center","background-size":"auto","background-attachment":"scroll","background-type":"","background-media":"","overlay-type":"","overlay-color":"","overlay-opacity":"","overlay-gradient":""},"mobile":{"background-color":"","background-image":"","background-repeat":"repeat","background-position":"center center","background-size":"auto","background-attachment":"scroll","background-type":"","background-media":"","overlay-type":"","overlay-color":"","overlay-opacity":"","overlay-gradient":""}},"ast-content-background-meta":{"desktop":{"background-color":"var(--ast-global-color-5)","background-image":"","background-repeat":"repeat","background-position":"center center","background-size":"auto","background-attachment":"scroll","background-type":"","background-media":"","overlay-type":"","overlay-color":"","overlay-opacity":"","overlay-gradient":""},"tablet":{"background-color":"var(--ast-global-color-5)","background-image":"","background-repeat":"repeat","background-position":"center center","background-size":"auto","background-attachment":"scroll","background-type":"","background-media":"","overlay-type":"","overlay-color":"","overlay-opacity":"","overlay-gradient":""},"mobile":{"background-color":"var(--ast-global-color-5)","background-image":"","background-repeat":"repeat","background-position":"center center","background-size":"auto","background-attachment":"scroll","background-type":"","background-media":"","overlay-type":"","overlay-color":"","overlay-opacity":"","overlay-gradient":""}},"footnotes":""},"categories":[],"tags":[58,39,29],"class_list":["post-19352","post","type-post","status-publish","format-standard","has-post-thumbnail","hentry","tag-58","tag-39","tag-fr"],"_links":{"self":[{"href":"https:\/\/tunisnews.net\/ar\/wp-json\/wp\/v2\/posts\/19352","targetHints":{"allow":["GET"]}}],"collection":[{"href":"https:\/\/tunisnews.net\/ar\/wp-json\/wp\/v2\/posts"}],"about":[{"href":"https:\/\/tunisnews.net\/ar\/wp-json\/wp\/v2\/types\/post"}],"author":[{"embeddable":true,"href":"https:\/\/tunisnews.net\/ar\/wp-json\/wp\/v2\/users\/1"}],"replies":[{"embeddable":true,"href":"https:\/\/tunisnews.net\/ar\/wp-json\/wp\/v2\/comments?post=19352"}],"version-history":[{"count":0,"href":"https:\/\/tunisnews.net\/ar\/wp-json\/wp\/v2\/posts\/19352\/revisions"}],"wp:featuredmedia":[{"embeddable":true,"href":"https:\/\/tunisnews.net\/ar\/wp-json\/wp\/v2\/media\/22040"}],"wp:attachment":[{"href":"https:\/\/tunisnews.net\/ar\/wp-json\/wp\/v2\/media?parent=19352"}],"wp:term":[{"taxonomy":"category","embeddable":true,"href":"https:\/\/tunisnews.net\/ar\/wp-json\/wp\/v2\/categories?post=19352"},{"taxonomy":"post_tag","embeddable":true,"href":"https:\/\/tunisnews.net\/ar\/wp-json\/wp\/v2\/tags?post=19352"}],"curies":[{"name":"wp","href":"https:\/\/api.w.org\/{rel}","templated":true}]}}