{"id":19336,"date":"2011-04-15T00:00:00","date_gmt":"2011-04-15T00:00:00","guid":{"rendered":"https:\/\/tunisnews.net\/15-avril-2011\/"},"modified":"2011-04-15T00:00:00","modified_gmt":"2011-04-15T00:00:00","slug":"15-avril-2011","status":"publish","type":"post","link":"https:\/\/tunisnews.net\/ar\/15-avril-2011\/","title":{"rendered":"15 avril 2011"},"content":{"rendered":"<p><html><head><meta content=\"text\/html\" description=\"Alors qu'ils rentraient au centre \n\t\td\u2019H\u00e9bergement de la croix rouge quelqu\u2019un a tir\u00e9 d\u2019une fen\u00eatre de maison \n\t\titalienne, \u00e0 balle r\u00e9elle. Il a bless\u00e9 un jeune et une deuxi\u00e8me balle a \n\t\ttouch\u00e9 un autre sans le blesser. Le jeune a \u00e9t\u00e9 transport\u00e9 \u00e0 l\u2019 H\u00f4pital \n\t\t.\" http-equiv=\"Content-Type\"\/><\/head><body><body><\/p>\n<div>\n<div align=\"center\" dir=\"ltr\"><font face=\"Bookman Old Style\" size=\"7\"><strong>TUNISNEWS <\/strong><\/font><\/div>\n<div align=\"center\" dir=\"ltr\"><strong><font face=\"Arial\" size=\"2\">10 \u00e8me ann\u00e9e, N\u00b03979 du 15.04.2011<\/font><\/strong><\/div>\n<div align=\"center\" dir=\"ltr\"><font face=\"Arial\" size=\"2\"><strong>archives : <\/strong><\/font><a target=\"_blank\" rel=\"noopener\"><font face=\"Arial\" size=\"2\"><strong>www.tunisnews.net<\/strong><\/font><\/a><span lang=\"FR\"><strong><font face=\"Arial\" size=\"2\"><\/font><\/strong><\/span><\/div>\n<p><span lang=\"FR\"><\/p>\n<div align=\"center\" dir=\"ltr\"><font face=\"Arial\" size=\"2\"><\/p>\n<hr\/>\n<p><\/font><\/div>\n<div>\n<p><font face=\"Arial\" size=\"2\"><strong>La F.T.C.R d\u00e9nonce l\u2019agression raciste dont a \u00e9t\u00e9 victime un groupe de jeunes tunisiens \u00e0 Vintimille hier en fin d\u2019apr\u00e8s midi.<\/strong><\/font><\/p>\n<\/div>\n<div><font face=\"Arial\"><strong><font face=\"Arial\" size=\"2\">AFP: Tunisie: 300 personnes r\u00e9clament l&rsquo;extradition de Ben Ali<\/font><\/strong><\/font><\/div>\n<div>\n<p><font face=\"Arial\" size=\"2\"><strong>AFP: Tunisie: manifestation devant l&rsquo;ambassade d&rsquo;Arabie Saoudite pour r\u00e9clamer l&rsquo;extradition de Ben Ali<\/strong><\/font><\/p>\n<\/div>\n<div><font face=\"Arial\" size=\"2\"><strong>AFP: Tunisie : un journaliste d\u00e9nonce \u00ab les sales plumes \u00bb de la presse<\/strong><\/font><\/div>\n<div>\n<h2 style=\"color: red;\"><font face=\"Arial\" size=\"2\"><strong><font>Ahmed Kedidi: <\/font>Mise au point apropos de la raffinerie de Skhira<\/strong><\/font><\/h2>\n<\/div>\n<p><\/span><\/p>\n<div>\n<hr\/>\n<\/div>\n<div><font face=\"Arial\" size=\"4\"><strong>REVUE DE PRESSE<\/strong><\/font><\/div>\n<div>\n<hr\/>\n<\/div>\n<div align=\"center\"><font face=\"Arial\" size=\"2\"><strong>COMMUNIQUE DE LA F.T.C.R.<\/strong><\/font><\/div>\n<div align=\"center\"><font face=\"Arial\" size=\"2\"><strong>AGRESSION RACISTE<\/strong><\/font><\/div>\n<div align=\"center\">\u00a0<\/div>\n<div align=\"center\">\n<p><font face=\"Arial\"><strong>La F.T.C.R d\u00e9nonce l\u2019agression raciste dont a \u00e9t\u00e9 victime un groupe de jeunes tunisiens \u00e0 Vintimille hier en fin d\u2019apr\u00e8s midi.<\/strong><\/font><\/p>\n<\/div>\n<div align=\"center\">\n<hr\/>\n<\/div>\n<div><font face=\"Arial\" size=\"2\">Alors qu&rsquo;ils rentraient au centre d\u2019H\u00e9bergement de la croix rouge quelqu\u2019un a tir\u00e9 d\u2019une fen\u00eatre de maison italienne, \u00e0 balle r\u00e9elle. Il a bless\u00e9 un jeune et une deuxi\u00e8me balle a touch\u00e9 un autre sans le blesser. Le jeune a \u00e9t\u00e9 transport\u00e9 \u00e0 l\u2019 H\u00f4pital .<\/font><\/div>\n<div><font face=\"Arial\" size=\"2\">La police a refus\u00e9 d\u2019identifier l\u2019origine des tirs, ce qui a cr\u00e9e une situation de col\u00e8re et une tentative d&rsquo;incendie du centre.<\/font><\/div>\n<div><font face=\"Arial\" size=\"2\">La police est intervenu en nombre dans la soir\u00e9e<\/font><\/div>\n<div><font face=\"Arial\" size=\"2\">Le consul de Tunisie \u00e0 G\u00e8nes et \u00e0 Nice a \u00e9t\u00e9 avis\u00e9 par nos soins de cet incident<\/font><\/div>\n<div><font face=\"Arial\" size=\"2\">Le consul de G\u00e8nes nous a fait qu\u2019il a contact\u00e9 les autorit\u00e9s et le pr\u00e9fet de Vintimille qui l\u2019a assur\u00e9 du retour au calme.<\/font><\/div>\n<div><font face=\"Arial\" size=\"2\">La F.T.C.R. d\u00e9nonce cet acte raciste et demande aux autorit\u00e9s italiennes de prot\u00e9ger les migrants.<\/font><\/div>\n<div><font face=\"Arial\" size=\"2\">La La F.T.C.R. compte d\u00e9poser plainte contre X, et appel\u00e9 les autorit\u00e9s consulaires \u00e0 suivre cette affaire.<\/font><\/div>\n<div><font face=\"Arial\" size=\"2\">POUR LA PROTECTION DU DROIT DES MIGRANTS A LA VIE DIGNE<\/font><\/div>\n<div><font face=\"Arial\" size=\"2\">Pour la La F.T.C.R.<\/font><\/div>\n<div><font face=\"Arial\" size=\"2\">Le pr\u00e9sident <\/font><\/div>\n<div><font face=\"Arial\" size=\"2\">Tarek BEN HIBA<\/font><\/div>\n<hr\/>\n<div align=\"center\">\n<h2 style=\"color: red;\"><font face=\"Arial\"><strong>Tunisie: 300 personnes r\u00e9clament l&rsquo;extradition de Ben Ali<\/strong><\/font><\/h2>\n<\/div>\n<div align=\"center\">\n<hr\/>\n<\/div>\n<div><font face=\"Arial\" size=\"2\">(AFP) \u2013 le 15 avril 2011<\/font><\/div>\n<div><font face=\"Arial\" size=\"2\">TUNIS \u2014 Quelque trois cents personnes ont r\u00e9clam\u00e9 vendredi \u00e0 Tunis l&rsquo;extradition de l&rsquo;ex-pr\u00e9sident tunisien Zine El Abidine Ben Ali devant l&rsquo;ambassade d&rsquo;Arabie Saoudite, pays o\u00f9 il a trouv\u00e9 refuge le 14 janvier, a constat\u00e9 l&rsquo;AFP.<\/font><\/div>\n<div><font face=\"Arial\" size=\"2\">La manifestation devant la mission diplomatique, prot\u00e9g\u00e9e par des policiers et des militaires, a rapidement tourn\u00e9 \u00e0 une parodie de proc\u00e8s.<\/font><\/div>\n<div><font face=\"Arial\" size=\"2\">\u00ab\u00a0Ben Ali est condamn\u00e9 \u00e0 la prison \u00e0 vie\u00a0\u00bb, l\u00e2che un manifestant habill\u00e9 en juge, comme s&rsquo;il annon\u00e7ait un verdict.<\/font><\/div>\n<div><font face=\"Arial\" size=\"2\">L&rsquo;accus\u00e9 est facilement identifiable: un jeune homme qui porte un masque de vampire sur lequel est \u00e9crit en arabe \u00ab\u00a0Ben Ali\u00a0\u00bb.<\/font><\/div>\n<div><font face=\"Arial\" size=\"2\">\u00ab\u00a0Laissez-le tranquille\u00a0\u00bb, fait faussement mine de s&#8217;emporter un quinquag\u00e9naire en rigolant, \u00ab\u00a0le pauvre, il est malade et il a servi la Tunisie pendant cinquante ans\u00a0\u00bb, singeant le troisi\u00e8me et dernier discours du pr\u00e9sident tunisien la veille de sa fuite.<\/font><\/div>\n<div><font face=\"Arial\" size=\"2\">Rires et applaudissement fusent.<\/font><\/div>\n<div><font face=\"Arial\" size=\"2\">Plus s\u00e9rieusement l&rsquo;un des manifestants, Hichem Majri, a estim\u00e9 que c&rsquo;est une erreur d&rsquo;invoquer une possible condamnation \u00e0 mort de Ben Ali, comme l&rsquo;a fait mercredi soir le ministre de la justice, Lazhar Karoui Chebbi.<\/font><\/div>\n<div><font face=\"Arial\" size=\"2\">Selon ce manifestant interrog\u00e9 par l&rsquo;AFP, cela pourrait donner l&rsquo;occasion \u00e0 l&rsquo;ancien pr\u00e9sident de \u00ab\u00a0demander l&rsquo;asile politique dans des pays qui ne reconnaissent pas cette peine\u00a0\u00bb.<\/font><\/div>\n<div><font face=\"Arial\" size=\"2\">Mercredi soir, le ministre de la justice avait d\u00e9taill\u00e9 les charges retenues contre l&rsquo;ex-pr\u00e9sident lors d&rsquo;une intervention \u00e0 la t\u00e9l\u00e9vision nationale: \u00ab\u00a0homicides volontaires, complot contre la s\u00fbret\u00e9 de l&rsquo;Etat et usage et trafic de drogues\u00a0\u00bb, charges pour lesquelles il est passible de la peine capitale selon l&rsquo;article 201 du code p\u00e9nal.<\/font><\/div>\n<div><font face=\"Arial\" size=\"2\">Durant cette manifestation sans incident, les participants ont scand\u00e9 le fameux \u00ab\u00a0d\u00e9gage\u00a0\u00bb de la r\u00e9volution tunisienne, \u00e0 l&rsquo;adresse de l&rsquo;ambassadeur saoudien.<\/font><\/div>\n<div><font face=\"Arial\" size=\"2\">Vendredi apr\u00e8s-midi, l&rsquo;ambassade \u00e9tait ferm\u00e9e.<\/font><\/div>\n<hr\/>\n<div align=\"center\">\n<h2 style=\"color: red;\"><font face=\"Arial\"><strong>Tunisie: manifestation devant l&rsquo;ambassade d&rsquo;Arabie Saoudite pour r\u00e9clamer l&rsquo;extradition de Ben Ali<\/strong><\/font><\/h2>\n<\/div>\n<div align=\"center\">\n<hr\/>\n<\/div>\n<div><font face=\"Arial\" size=\"2\">De The Associated Press \u2013 Le 15 avril 2011<\/font><\/div>\n<div><font face=\"Arial\" size=\"2\">TUNISIA, Tunisia \u2014 Plusieurs centaines de manifestants se sont rassembl\u00e9s vendredi devant l&rsquo;ambassade d&rsquo;Arabie Saoudite \u00e0 Tunis pour r\u00e9clamer l&rsquo;extradition de l&rsquo;ex-pr\u00e9sident Zine El Abidine Ben Ali, qui a fui dans le royaume le 14 janvier dernier chass\u00e9 par un soul\u00e8vement populaire.<\/font><\/div>\n<div><font face=\"Arial\" size=\"2\">La manifestation, organis\u00e9e par l&rsquo;interm\u00e9diaire du r\u00e9seau social Facebook, fait suite aux d\u00e9clarations mercredi du ministre de la justice Lazhar Karoui Chebbi, selon lequel 44 plaintes on \u00e9t\u00e9 d\u00e9pos\u00e9es contre le pr\u00e9sident d\u00e9chu et ses proches. A lui seul, l&rsquo;ancien chef d&rsquo;Etat fait l&rsquo;objet de 18 affaires pour \u00ab\u00a0complot contre la s\u00fbret\u00e9 de l&rsquo;Etat, homicides volontaires, d\u00e9tention et \u00e9coulement de drogue\u00a0\u00bb.<\/font><\/div>\n<div><font face=\"Arial\" size=\"2\">Des pancartes brandies par les manifestants appelaient les autorit\u00e9s saoudiennes \u00e0 \u00ab\u00a0respecter la volont\u00e9 du peuple tunisien\u00a0\u00bb et \u00e0 \u00ab\u00a0livrer l&rsquo;ancien pr\u00e9sident pour qu&rsquo;il soit traduit devant la justice pour les crimes qu&rsquo;il a commis\u00a0\u00bb.<\/font><\/div>\n<div><font face=\"Arial\" size=\"2\">\u00ab\u00a0Nous te jugerons Ben Ali, nous en sommes d\u00e9termin\u00e9s\u00a0\u00bb, pouvait-on lire sur l&rsquo;une d&rsquo;elles. Dans un simulacre de proc\u00e8s, un manifestant avait la t\u00eate envelopp\u00e9e d&rsquo;un portrait du pr\u00e9sident d\u00e9chu les mains encha\u00een\u00e9es devant un autre faisant office de juge.<\/font><\/div>\n<div><font face=\"Arial\" size=\"2\">Tout au long de la manifestation qui s&rsquo;est d\u00e9roul\u00e9e sans incident, un dispositif militaire veillait \u00e0 la protection de la mission diplomatique ferm\u00e9e en ce jour f\u00e9ri\u00e9 pour les Saoudiens. AP<\/font><\/div>\n<p align=\"center\">\u00a0<\/p>\n<hr\/>\n<h2 style=\"color: red;\"><font face=\"Arial\" size=\"3\"><strong>Tunisie : un journaliste d\u00e9nonce \u00ab les sales plumes \u00bb de la presse<\/strong><\/font><\/h2>\n<hr\/>\n<p align=\"justify\"><font face=\"Arial\" size=\"2\">AFP: vendredi 15 avril 2011, 22:29<\/font><\/p>\n<p align=\"justify\"><font face=\"Arial\" size=\"2\"><span>U<\/span>n journaliste tunisien de la cha\u00eene satellitaire qatari Al-Jazira, Mohamed Krichen, a annonc\u00e9 vendredi qu\u2019il avait d\u00e9cid\u00e9 de porter plainte contre un confr\u00e8re tunisien qu\u2019il accuse de l\u2019avoir sali dans plusieurs articles du temps du pr\u00e9sident Ben Ali. <\/font><\/p>\n<p align=\"justify\"><font face=\"Arial\" size=\"2\">Figure connue dans le monde arabe, Mohamed Krichen a fait l\u2019objet d\u2019une campagne de presse et d\u2019attaques personnelles \u00e0 cause de ses critiques contre les m\u00e9dias tunisiens sous Ben Ali. <em>\u00ab Ce n\u2019est pas une affaire personnelle et je n\u2019essaye pas de me faire passer pour un h\u00e9ros. Mon objectif est de donner une le\u00e7on \u00e0 tous les journalistes et surtout de savoir qui \u00e9taient derri\u00e8re ces personnes<\/em> \u00bb, a-t-il expliqu\u00e9 lors d\u2019une conf\u00e9rence de presse \u00e0 Tunis. <\/font><\/p>\n<p align=\"justify\"><font face=\"Arial\" size=\"2\"><em>\u00ab Ils doivent \u00eatre punis pour l\u2019exemple et pour hisser le niveau de nos m\u00e9dias en les nettoyant des sales plumes<\/em> \u00bb, a-t-il ajout\u00e9. <\/font><\/p>\n<p align=\"justify\"><font face=\"Arial\" size=\"2\">Son avocat Mokhtar Trifi, \u00e9galement pr\u00e9sident de la Ligue tunisienne pour la d\u00e9fense des droits de l\u2019Homme, a d\u00e9nonc\u00e9 des<em> \u00ab sales pratiques de quelques journalistes utilis\u00e9s par des organes gouvernementaux durant le r\u00e9gime de Ben Ali pour atteindre tous les militants et les plumes libres \u00bb. \u00ab Cette affaire est un test pour la justice tunisienne pour savoir si elle a vraiment chang\u00e9 et aussi pour faire dispara\u00eetre une certaine presse<\/em> \u00bb, a-t-il lanc\u00e9.<\/font><\/p>\n<hr\/>\n<h2 style=\"color: red;\"><font face=\"Arial\"><strong>Mise au point apropos de la raffinerie de Skhira<\/strong><\/font><\/h2>\n<div align=\"center\">\n<hr\/>\n<\/div>\n<div><font face=\"Arial\" size=\"2\">par <strong><font>Ahmed Kedidi<\/font><\/strong><\/font><\/div>\n<div><font face=\"Arial\" size=\"2\">Il n&rsquo;est pas de mon \u00e9thique, ni de l&rsquo;int\u00e9r\u00eat de mon Pays de pol\u00e9miquer, mais une n\u00e9cessaire mise au point me parait opportune, en r\u00e9ponse a un article paru dans un bulletin on line et dont je ne doute pas de la bonne foi de son r\u00e9dacteur a propos du cout r\u00e9el du projet de la raffinerie de skhira. s&rsquo;il est vrai que le cout de la premi\u00e8re phase du projet n&rsquo;est que de 2,3 milliards de $ qui couvre uniquement la construction des unit\u00e9s de raffinage, le reste du projet reste l&rsquo;\u00e9norme chaine de pipe-Line qui devrait acheminer le p\u00e9trole des pays voisins et de la Tunisie vers Skhira et qui s&rsquo;appelle (FEEDING) et cela coute environ 4 milliards de $, ce qui donne le chiffre r\u00e9el mais approximatif de 6,3 milliards de $ a l&rsquo;ensemble du projet. d&rsquo;autres r\u00e9v\u00e9lations m&rsquo;ont convaincu des manipulations exerc\u00e9es par des membres de la famille de l&rsquo;ancien pr\u00e9sident et de quelques autres pour transf\u00e9rer ce gigantesque projet vers une soci\u00e9t\u00e9 libyenne contr\u00f4l\u00e9e par saif al islam gaddafi.<\/font><\/div>\n<div>\n<hr\/>\n<\/div>\n<div align=\"center\">\n<h2 style=\"color: red;\"><font face=\"Arial\"><strong>Strauss-Kahn: le FMI est \u00ab\u00a0l\u00e0 pour aider\u00a0\u00bb l&rsquo;Egypte et la Tunisie<\/strong><\/font><\/h2>\n<\/div>\n<div align=\"center\">\n<hr\/>\n<\/div>\n<div align=\"justify\"><font face=\"Arial\" size=\"2\">AFP \/ 15 avril 2011 17h04<\/font><\/div>\n<div align=\"justify\">\u00a0<\/div>\n<div align=\"justify\"><font face=\"Arial\" size=\"2\">WASHINGTON &#8211; Le directeur g\u00e9n\u00e9ral du Fonds mon\u00e9taire international, Dominique Strauss-Kahn, a affirm\u00e9 vendredi que son institution \u00e9tait \u00ab\u00a0l\u00e0 pour aider\u00a0\u00bb les pays arabes, comme l&rsquo;Egypte et la Tunisie, en leur apportant des financements s&rsquo;ils les demandent.<\/font><\/div>\n<div align=\"justify\">\u00a0<\/div>\n<div align=\"justify\"><font face=\"Arial\" size=\"2\">\u00ab\u00a0Nous avons tir\u00e9 des enseignements de ce qui s&rsquo;est pass\u00e9 au Proche et au Moyen-Orient et en Afrique du Nord\u00a0\u00bb, a affirm\u00e9 M. Strauss-Kahn lors d&rsquo;une conf\u00e9rence sur cette r\u00e9gion, au si\u00e8ge du FMI \u00e0 Washington.<\/font><\/div>\n<div align=\"justify\">\u00a0<\/div>\n<div align=\"justify\"><font face=\"Arial\" size=\"2\">Pour l&rsquo;Egypte et la Tunisie, th\u00e9\u00e2tres de r\u00e9centes r\u00e9volutions, a-t-il poursuivi, \u00ab\u00a0certaines sources de revenus, le tourisme par exemple, pourraient \u00eatre moins \u00e9lev\u00e9es qu&rsquo;elles ne l&rsquo;\u00e9taient l&rsquo;ann\u00e9e derni\u00e8re\u00a0\u00bb.<\/font><\/div>\n<div align=\"justify\">\u00a0<\/div>\n<div align=\"justify\"><font face=\"Arial\" size=\"2\">\u00ab\u00a0Qu&rsquo;est-ce qui est important pour nous si on se projette dans l&rsquo;avenir? C&rsquo;est de voir comment nous pouvons aider\u00a0\u00bb et \u00ab\u00a0nous sommes l\u00e0 pour aider\u00a0\u00bb, a-t-il soulign\u00e9. Et d&rsquo;ajouter: \u00ab\u00a0Notre r\u00f4le est de fournir aux pays l&rsquo;argent qui n&rsquo;est pas disponible pour toute sorte de raisons\u00a0\u00bb.<\/font><\/div>\n<div align=\"justify\">\u00a0<\/div>\n<div align=\"justify\"><font face=\"Arial\" size=\"2\">\u00ab\u00a0Rien ne peut \u00eatre accompli, en mati\u00e8re de lutte contre les in\u00e9galit\u00e9s, de cr\u00e9ation d&#8217;emplois, sans croissance\u00a0\u00bb, a encore estim\u00e9 le directeur du FMI.<\/font><\/div>\n<div align=\"justify\">\u00a0<\/div>\n<div align=\"justify\"><font face=\"Arial\" size=\"2\">\u00ab\u00a0Nous pouvons b\u00e2tir ensemble un avenir meilleur pour ces pays. Et ce n&rsquo;est pas seulement important pour l&rsquo;Egypte et la Tunisie, c&rsquo;est important pour le monde entier parce que cet exemple est un exemple qui va avoir beaucoup de r\u00e9percussions\u00a0\u00bb, a-t-il d\u00e9clar\u00e9.<\/font><\/div>\n<div align=\"justify\">\u00a0<\/div>\n<div align=\"justify\"><font face=\"Arial\" size=\"2\">Le FMI a \u00e9t\u00e9 charg\u00e9 jeudi d&rsquo;une \u00ab\u00a0\u00e9valuation \u00e9conomique\u00a0\u00bb qui doit servir de base \u00e0 une aide de cinq institutions financi\u00e8res internationales destin\u00e9e \u00e0 soutenir les aspirations des peuples arabes \u00e0 un meilleur avenir \u00e9conomique.<\/font><\/div>\n<div align=\"justify\">\u00a0<\/div>\n<div align=\"justify\"><font face=\"Arial\" size=\"2\">M. Strauss-Kahn a insist\u00e9 sur le fait qu&rsquo;il n&rsquo;allait imposer \u00e0 aucun pays des pr\u00eats de son institution: \u00ab\u00a0Nous ne sommes pas des banquiers qui cherchent des clients [&#8230;]. Nous ne venons pas de l&rsquo;\u00e9tranger comme un dictateur \u00e9conomique pour dire: voil\u00e0 ce que vous devez faire\u00a0\u00bb.<\/font><\/div>\n<div align=\"justify\">\u00a0<\/div>\n<div align=\"justify\"><font face=\"Arial\" size=\"2\">Il a \u00e9galement plaid\u00e9 pour des mesures permettant de retrouver \u00ab\u00a0la stabilit\u00e9 macro\u00e9conomique\u00a0\u00bb.<\/font><\/div>\n<div align=\"justify\">\u00a0<\/div>\n<div align=\"justify\"><font face=\"Arial\" size=\"2\">\u00ab\u00a0Pour une r\u00e9volution d\u00e9mocratique, o\u00f9 que ce soit, en Afrique, au Moyen-Orient, en Am\u00e9rique latine [&#8230;] il est facile, apr\u00e8s coup, de dire: voil\u00e0, nous allons d\u00e9penser beaucoup d&rsquo;argent, nous allons subventionner beaucoup de gens\u00a0\u00bb, a-t-il soulign\u00e9.<\/font><\/div>\n<div align=\"justify\">\u00a0<\/div>\n<div align=\"justify\"><font face=\"Arial\" size=\"2\">\u00ab\u00a0Si les r\u00e9volutions arabes doivent \u00eatre des jalons dans l&rsquo;histoire, et je pense que cela peut \u00eatre le cas, alors je crois que la r\u00e9ussite repose sur l&rsquo;\u00e9dification d&rsquo;institutions d\u00e9mocratiques, et aussi d&rsquo;organisations repr\u00e9sentatives des salari\u00e9s\u00a0\u00bb, a-t-il dit.<\/font><\/div>\n<div align=\"justify\">\u00a0<\/div>\n<div align=\"justify\"><font face=\"Arial\" size=\"2\">Le gouverneur de la Banque centrale de Tunisie, Mustapha Nabli, qui participait au m\u00eame d\u00e9bat, a \u00e9t\u00e9 \u00e9vasif sur la question d&rsquo;une demande de pr\u00eat au FMI.<\/font><\/div>\n<div align=\"justify\">\u00a0<\/div>\n<div align=\"justify\"><font face=\"Arial\" size=\"2\">\u00ab\u00a0La question n&rsquo;est pas de savoir si on a besoin d&rsquo;un financement. Tout financement peut \u00eatre bon et peut \u00eatre mauvais. C&rsquo;est la fa\u00e7on dont on l&rsquo;utilise. On peut avoir de la corruption, on peut avoir une mauvaise gestion\u00a0\u00bb, a-t-il expliqu\u00e9.<\/font><\/div>\n<div align=\"justify\">\u00a0<\/div>\n<div align=\"justify\"><font face=\"Arial\" size=\"2\">\u00ab\u00a0C&rsquo;est pour cela que le processus d\u00e9mocratique est si important\u00a0\u00bb, a-t-il expliqu\u00e9. \u00ab\u00a0Ce n&rsquo;est pas un parcours tranquille qui nous attend\u00a0\u00bb.<\/font><\/div>\n<div>\n<hr\/>\n<\/div>\n<p align=\"center\"><b><span lang=\"NO-BOK\"><\/p>\n<h2 style=\"color: red;\"><font face=\"Arial\">Tunisie : Ben Ali n&rsquo;est pas mort, ni comateux, il va tr\u00e8s bien !<\/font><\/h2>\n<p> <\/span><\/b><\/p>\n<hr\/>\n<p>\u00a0<\/p>\n<p align=\"justify\"><b><span lang=\"EN-US\"><font face=\"Arial\">Toute la presse internationale<\/font><\/span><\/b><font><span lang=\"EN-US\"><font face=\"Arial\"> semble avoir oubli\u00e9 l&rsquo;ancien pr\u00e9sident tunisien Ben Ali et son \u00e9pouse Leila Trabelsi, il est vrai que les \u00e9v\u00e8nements qui secouent les pays arabes actuellement fait que leurs sorts deviennent un peu secondaires.  <b>Cela fait 3 mois aujourd&rsquo;hui<\/b> que la famille Ben Ali a quitt\u00e9 la Tunisie pour se r\u00e9fugier en Arabie Saoudite. Un mandat d\u2019arr\u00eat international a \u00e9t\u00e9 lanc\u00e9, depuis 26 janvier 2011, par Interpol contre l\u2019ancien dirigeant tunisien et son \u00e9pouse, et les r\u00e9volutionnaires veulent qu\u2019ils soient jug\u00e9s.  <b>Or, depuis leur arriv\u00e9e <\/b>le 15 janvier en Arabie Saoudite, il y a eu beaucoup d&rsquo;intox, mais remontons un peu le cours des \u00e9v\u00e8nements :  Ben Ali, sa femme Leila Trabesli, leur fille Halima (18 ans), leur petit gar\u00e7on Mohamed (7 ans) et sa nourrice se sont enfuis de Tunisie le 15 janvier. Ils ont tout d&rsquo;abord s\u00e9journ\u00e9 une semaine dans le palais du roi Faycal \u00e0 Jeddah. <\/font><\/span><font face=\"Arial\"><span lang=\"NO-BOK\">Puis ils ont \u00e9migr\u00e9 \u00e0 Abha qui est une ville de montagne de 230 000 habitants situ\u00e9e \u00e0 450 km au sud de Jeddah. Ils y r\u00e9sident dans une grande demeure bourgeoise, d\u2019une dizaine de pi\u00e8ces, pr\u00eat\u00e9e par le gouvernement saoudien.  <b>La population saoudienne<\/b> semble ignorer la pr\u00e9sence de Ben Ali et de sa famille dans cette prison dor\u00e9e, le service de s\u00e9curit\u00e9 \u00e9tant tr\u00e8s discret.   <\/span><b><span lang=\"EN-US\">Le 15 f\u00e9vrier,<\/span><\/b><\/font><\/font><span lang=\"EN-US\"><font face=\"Arial\"><font> l&rsquo;ex-pr\u00e9sident tunisien a \u00e9t\u00e9 victime d&rsquo;un malaise, il a perdu connaissance bri\u00e8vement. A bord d\u2019un h\u00e9licopt\u00e8re, Ben Ali a \u00e9t\u00e9 transport\u00e9 \u00e0 l\u2019h\u00f4pital du roi Faycal \u00e0 Jeddah pour y subir des examens m\u00e9dicaux. Et c&rsquo;est sous le nom d&rsquo;un prince saoudien qu&rsquo;il a \u00e9t\u00e9 admis dans cet h\u00f4pital. Deux jours plus tard toute <span>la presse mondiale annonce qu&rsquo;il a \u00e9t\u00e9 victime d&rsquo;un AVC est qu&rsquo;il est dans le coma et que son \u00e9pouse Leila n&rsquo;est pas \u00e0 son chevet, \u00e9tant r\u00e9fugi\u00e9e en Libye.<\/span> <b>Mais selon des sources<\/b> <span>recueillies par France Info<\/span>, ces informations sont fausses, il n\u2019a jamais \u00e9t\u00e9 victime d\u2019un accident vasculaire c\u00e9r\u00e9bral, mais d\u2019une crise d\u2019hypoglyc\u00e9mie due au stress provoqu\u00e9 par les arrestations des membres de sa famille deux jours auparavant et \u00e0 une violente dispute avec son \u00e9pouse la veille. D&rsquo;ailleurs il est sorti de l&rsquo;h\u00f4pital trois jours plus tard.  <b>Selon la correspondante<\/b> \u00e0 Ryad de cette radio, Clarence Rodriguez, cette rumeur a \u00e9t\u00e9 orchestr\u00e9e par un proche de la famille rest\u00e9 \u00e0 Tunis, dans un seul but, que le peuple tunisien cesse de vouer son \u00ab\u00a0ami\u00a0\u00bbaux g\u00e9monies. Quant \u00e0 Leila Trabelsi, d\u00e9nomm\u00e9e la \u00ab\u00a0reine de Carthage\u00a0\u00bb, elle n&rsquo;a jamais quitt\u00e9 l&rsquo;Arabie Saoudite et ne s\u2019est pas non plus rendue en Libye comme cela a \u00e9t\u00e9 \u00e9crit dans la presse internationale.   <b>Mais Zine el-Abidine Ben Ali<\/b> s\u2019ennuierait dans sa prison dor\u00e9e, de fr\u00e9quentes disputes avec son \u00e9pouse rend l&rsquo;ambiance \u00e0 la maison tr\u00e8s orageuse. Il passe beaucoup de temps devant les cha\u00eenes d\u2019information, qui relatent les troubles dans le monde musulman.   <b>Esp\u00e9rant quitter l&rsquo;Arabie Saoudite<\/b>, il a fait une demande d&rsquo;asile, en zone flamande, en mars aupr\u00e8s de la Belgique. <span>Il voudrait rejoindre des membres de sa famille qui r\u00e9sident dans ce pays, notamment ses beaux-parents qui sont install\u00e9s dans un quartier r\u00e9sidentiel \u00e0 Relegem.<\/span> Mais la Belgique a cat\u00e9goriquement refus\u00e9e de l&rsquo;accueillir, ce qui est l\u00e9gitime du fait que le couple est sous le coup<\/font><span><font>d&rsquo;un mandat d&rsquo;arr\u00eat international pour \u00ab\u00a0acquisition ill\u00e9gale de biens mobiliers et immobiliers\u00a0\u00bb et \u00ab\u00a0transferts illicites de devises \u00e0 l&rsquo;\u00e9tranger\u00a0\u00bb.<\/font><\/span><\/font><\/span><\/p>\n<p align=\"justify\"><b><span lang=\"EN-US\"><font face=\"Arial\">La famille Ben Ali <\/font><\/span><\/b><span lang=\"EN-US\"><font face=\"Arial\">r\u00e9fugi\u00e9e en Arabie Saoudite, a peu de chance de quitter ce pays, et risque d&rsquo;y rester jusqu&rsquo;\u00e0 la fin de leurs jours. Cependant elle doit-\u00eatre tr\u00e8s inqui\u00e8te de voir les manifestations gagner ce pays. Car les chiites de l\u2019est de l\u2019Arabie saoudite tentent depuis d\u00e9but mars de faire na\u00eetre un mouvement de contestation et de<span>lancer leur \u00ab\u00a0printemps arabe\u00a0\u00bb<\/span>.   <b>Dans le royaume saoudien<\/b>, o\u00f9 l\u2019islam sunnite est la religion officielle, les chiites ne sont pas reconnus comme minorit\u00e9 religieuse, alors qu\u2019ils repr\u00e9sentent environ 10 % de la population. Ces derniers sont par ailleurs victimes de discriminations sociales et subissent des restrictions dans leurs pratiques religieuses.  <b>Ces jeunes chiites<\/b> sortent chaque semaine pour manifester. Cela se passe souvent le vendredi. Ils sont entre une centaine et un millier, selon les jours.  <b>Ci-dessous une vid\u00e9o de Euronews <\/b>qui montre des centaines de personnes qui se sont rassembl\u00e9es \u00e0 Al-Qatif pour demander la lib\u00e9ration de neuf d\u00e9tenus chiites. D&rsquo;apr\u00e8s des t\u00e9moins, des soldats ont tir\u00e9 sur des manifestants plusieurs personnes ont \u00e9t\u00e9 bless\u00e9es&#8230;..<\/font><\/span><\/p>\n<p align=\"justify\"><b><span lang=\"EN-US\"><font face=\"Arial\">Je pense que le peuple tunisien ne doit pas \u00eatre m\u00e9content de ce que leur ex-pr\u00e9sident et son \u00e9pouse endurent, mais ils doivent surtout esp\u00e9rer qu&rsquo;ils soient un jour jug\u00e9s par la justice tunisienne.<\/font><\/span><\/b><\/p>\n<p align=\"justify\"><span lang=\"EN-US\"><font face=\"Arial\">Source: \u201cLe Post\u201d Le 15-04-2011<\/font><\/span><\/p>\n<div>\n<p align=\"justify\"><font face=\"Arial\"><span lang=\"NO-BOK\"><font>Lien: <\/font><\/span><span lang=\"EN-US\"><a href=\"http:\/\/www.lepost.fr\/article\/2011\/04\/15\/2467150_tunisie-ben-ali-n-est-pas-mort-ni-comateux-il-va-tres-bien.html\" target=\"_blank\" rel=\"noopener\"><span lang=\"NO-BOK\"><font>http:\/\/www.lepost.fr\/article\/2011\/04\/15\/2467150_tunisie-ben-ali-n-est-pas-mort-ni-comateux-il-va-tres-bien.html<\/font><\/span><\/a><\/span><\/font><\/p>\n<\/div>\n<p align=\"center\"><b><span lang=\"FR\"><\/p>\n<h2 style=\"color: red;\"><font face=\"Arial\">Tunisie. Ben Ali n\u2019aurait jamais \u00e9t\u00e9 plong\u00e9 dans le coma<\/font><\/h2>\n<p> <\/span><\/b><\/p>\n<hr\/>\n<p>\u00a0<\/p>\n<p align=\"justify\"><strong><span lang=\"FR\"><font face=\"Arial\">Il aurait fait une simple crise d\u2019hypoglyc\u00e9mie\u2026<\/font><\/span><\/strong><\/p>\n<p align=\"justify\"><span lang=\"FR\"><font face=\"Arial\">Trois mois apr\u00e8s sa destitution, comment va Zine Ben Ali? A la mi-f\u00e9vrier, un de ses proches avait affirm\u00e9 que le pr\u00e9sident tunisien d\u00e9chu avait \u00e9t\u00e9 plong\u00e9 dans le coma, \u00e0 la suite d\u2019un accident vasculaire c\u00e9r\u00e9bral. Or, selon des informations de France Inter, il n\u2019en est rien. D\u2019apr\u00e8s la radio, si Ben Ali a bel et bien \u00e9t\u00e9 hospitalis\u00e9, le 15 f\u00e9vrier dernier, c\u2019est en raison\u2026d\u2019une crise d\u2019hypoglyc\u00e9mie.<\/font><\/span><\/p>\n<p align=\"justify\"><span lang=\"FR\"><font face=\"Arial\">L\u2019ex-pr\u00e9sident, \u00e2g\u00e9 de 75 ans, aurait bri\u00e8vement perdu connaissance \u2013 une d\u00e9faillance caus\u00e9e par une violente altercation avec son \u00e9pouse Le\u00efla Trabelsi et par le stress provoqu\u00e9 par l\u2019arrestation de ses proches quelques jours auparavant.<\/font><\/span><\/p>\n<p align=\"justify\"><strong><span lang=\"FR\"><font face=\"Arial\">Dissiper la col\u00e8re du peuple<\/font><\/span><\/strong><\/p>\n<p align=\"justify\"><span lang=\"FR\"><font face=\"Arial\">L\u2019ancien dirigeant, qui a trouv\u00e9 refuge en Arabie saoudite sit\u00f4t apr\u00e8s sa destitution, aurait \u00e9t\u00e9 gard\u00e9 trois jours \u00e0 l\u2019h\u00f4pital de Jeddah, avant de regagner sa r\u00e9sidence d\u2019Abha \u2013 une vaste demeure, d\u2019une dizaine de pi\u00e8ces, pr\u00eat\u00e9e par le gouvernement saoudien.<\/font><\/span><\/p>\n<p align=\"justify\"><span lang=\"FR\"><font face=\"Arial\">Dans son reportage, diffus\u00e9 jeudi dans le journal de 19h, France Inter pr\u00e9cise que c\u2019est un proche de l\u2019ancien ra\u00efs, rest\u00e9 \u00e0 Tunis, qui a diffus\u00e9 la rumeur du coma afin de dissiper la col\u00e8re du peuple tunisien \u00e0 son \u00e9gard.<\/font><\/span><\/p>\n<p align=\"justify\"><span lang=\"FR\"><font face=\"Arial\">Ben Ali a quitt\u00e9 la Tunisie le 14 janvier dernier \u00e0 la suite de la \u00abr\u00e9volution de Jasmin\u00bb, apr\u00e8s 23 ans de r\u00e8gne sans partage. Un mandat d\u2019arr\u00eat international a \u00e9t\u00e9 lanc\u00e9 \u00e0 son encontre.<\/font><\/span><\/p>\n<p align=\"justify\"><span lang=\"FR\"><font face=\"Arial\">Source : \u00ab ALGERIE-FOCUS \u00bb Le 15-04-2011<\/font><\/span><\/p>\n<div>\n<p align=\"justify\"><span lang=\"FR\"><font face=\"Arial\">Lien : <\/font><a href=\"http:\/\/www.algerie-focus.com\/2011\/04\/15\/tunisie-ben-ali-naurait-jamais-ete-plonge-dans-le-coma\/\" target=\"_blank\" rel=\"noopener\"><font face=\"Arial\">http:\/\/www.algerie-focus.com\/2011\/04\/15\/tunisie-ben-ali-naurait-jamais-ete-plonge-dans-le-coma\/<\/font><\/a><\/span><\/p>\n<\/div>\n<p align=\"center\"><b><span lang=\"FR\"><\/p>\n<h3 style=\"color: blue;\"><font face=\"Arial\">En Tunisie, la parit\u00e9 s&rsquo;impose<\/font><\/h3>\n<p> <\/span><\/b><\/p>\n<hr\/>\n<p>\u00a0<\/p>\n<p align=\"justify\"><font face=\"Arial\"><b><span lang=\"FR\"><font>La nouvelle d\u00e9mocratie tunisienne s&rsquo;affirme comme un mod\u00e8le de parit\u00e9 : le principe de l&rsquo;\u00e9galit\u00e9 entre hommes et femmes est acquis pour l&rsquo;\u00e9lection de l&rsquo;Assembl\u00e9e constituante. <\/font><\/span><span lang=\"NO-BOK\"><font>Un grand pas en avant, et \u00ab un mod\u00e8le d\u2019innovation pour la r\u00e9gion et m\u00eame au-del\u00e0 \u00bb, m\u00eame si la vigilance reste de mise.<\/font><\/span><\/b><\/font><\/p>\n<p align=\"justify\"><span lang=\"NO-BOK\"><font face=\"Arial\">Les Tunisiennes vont-elles gagner \u00e0 la r\u00e9volution ? Nous posions cette question il y a trois mois, \u00e0 la chute du r\u00e9gime de Ben Ali. Aujourd&rsquo;hui, la r\u00e9ponse appara\u00eet positive.<\/font><\/span><\/p>\n<p align=\"justify\">\u00a0<\/p>\n<p align=\"justify\"><font face=\"Arial\"><span lang=\"NO-BOK\"><font>La Haute<\/font><\/span><font><span lang=\"NO-BOK\"> instance pour la r\u00e9alisation des objectifs de la r\u00e9volution, de la r\u00e9forme politique et de la transition d\u00e9mocratique (1) a d\u00e9cid\u00e9 d&rsquo;imposer la parit\u00e9 homme-femme pour l&rsquo;\u00e9lection de l&rsquo;Assembl\u00e9e constituante, le 24 juillet. Sur leurs listes, les partis devront faire figurer en alternance des candidats hommes et femmes. Celles qui ne respecteront pas la parit\u00e9 seront invalid\u00e9es. <\/span><\/font><span lang=\"EN-US\"><font>Alors que la disposition originale pr\u00e9voyait une proportion minimale de 25%, les d\u00e9bats ont abouti \u00e0 ce principe de listes \u00ab\u00a0chabadabada\u00a0\u00bb, finalement adopt\u00e9 \u00e0 une large majorit\u00e9.<\/font><\/span><\/font><\/p>\n<p align=\"justify\">\u00a0<\/p>\n<p align=\"justify\"><b><span lang=\"EN-US\"><font face=\"Arial\">R\u00e9actions enthousiastes<\/font><\/span><\/b><\/p>\n<p align=\"justify\">\u00a0<\/p>\n<p align=\"justify\"><span lang=\"EN-US\"><font face=\"Arial\">Dans le journal La Presse, Abdelhamid Largueche, historien et membre de la Haute instance, dit son \u00e9motion devant cette avanc\u00e9e : \u00ab J\u2019ai eu l\u2019intime conviction que nous nous sommes projet\u00e9s dans le futur en enjambant d\u2019un seul pas une ligne jug\u00e9e par beaucoup infranchissable. \u00bb<\/font><\/span><\/p>\n<p align=\"justify\">\u00a0<\/p>\n<p align=\"justify\"><span lang=\"EN-US\"><font face=\"Arial\">\u00ab Les femmes ont particip\u00e9 \u00e0 la r\u00e9volution, sur le m\u00eame pied d\u2019\u00e9galit\u00e9, elles participeront d\u00e9sormais \u00e0 forger l\u2019avenir politique de la Tunisie \u00bb, se r\u00e9jouit Sophie Bessis, Secr\u00e9taire g\u00e9n\u00e9rale adjointe de la F\u00e9d\u00e9ration internationale des droits de l&rsquo;Homme (FIDH).<\/font><\/span><\/p>\n<p align=\"justify\">\u00a0<\/p>\n<p align=\"justify\"><span lang=\"EN-US\"><font face=\"Arial\">Un choix salu\u00e9 dans des termes semblables par la repr\u00e9sentante de l&rsquo;Union europ\u00e9enne pour les Affaires \u00e9trang\u00e8res, Catherine Ashton : \u00ab La Tunisie a aujourd\u2019hui l\u2019occasion de renforcer davantage l\u2019\u00e9galit\u00e9 entre les hommes et les femmes et de mettre fin \u00e0 toutes les formes de discrimination, en droit et dans les faits, \u00e0 l\u2019encontre des femmes. \u00bb<\/font><\/span><\/p>\n<p align=\"justify\">\u00a0<\/p>\n<p align=\"justify\"><b><span lang=\"EN-US\"><font face=\"Arial\">Mod\u00e8le \u00e0 suivre<\/font><\/span><\/b><\/p>\n<p align=\"justify\">\u00a0<\/p>\n<p align=\"justify\"><span lang=\"EN-US\"><font face=\"Arial\">C&rsquo;est aussi une responsabilit\u00e9 que prend la Tunisie, au regard de sa place de mod\u00e8le pour l&rsquo;\u00e9galit\u00e9 dans le monde arabe, souligne Catherine Ashton : \u00ab En accordant \u00e0 ces principes une place centrale dans les r\u00e9formes politiques en cours, la Tunisie peut v\u00e9ritablement devenir un mod\u00e8le d\u2019innovation pour la r\u00e9gion et m\u00eame au-del\u00e0. \u00bb<\/font><\/span><\/p>\n<p align=\"justify\">\u00a0<\/p>\n<p align=\"justify\"><span lang=\"EN-US\"><font face=\"Arial\">Cette \u00e9tape importante ne marque pas la fin d&rsquo;un processus dans le pays, au contraire. \u00ab Nous devons maintenant travailler \u00e0 la participation de toutes les femmes aux \u00e9lections du 24 juillet. Tout doit \u00eatre fait pour que la nouvelle constitution tunisienne consacre l\u2019\u00e9galit\u00e9 et la non-discrimination entre hommes et femmes \u00bb, insiste Khadija Ch\u00e9rif, Secr\u00e9taire g\u00e9n\u00e9rale de la FIDH. D&rsquo;autant que, selon certaines critiques, la composition de l&rsquo;Assembl\u00e9e constituante ne respectera pas forc\u00e9ment la parit\u00e9 annonc\u00e9e : la multiplication des petites listes pourrait conduire \u00e0 ce que beaucoup ne comptent qu&rsquo;un \u00e9lu&#8230; la t\u00eate de liste, qui pourrait bien souvent \u00eatre un homme.<\/font><\/span><\/p>\n<p align=\"justify\"><span lang=\"EN-US\"><font face=\"Arial\">Source: \u201cLes Nouvelles News\u201d Le 15-04-2011<\/font><\/span><\/p>\n<div>\n<p align=\"justify\"><span lang=\"NO-BOK\"><font face=\"Arial\">Lien: <\/font><a href=\"http:\/\/www.lesnouvellesnews.fr\/index.php\/civilisation-articles-section\/parite\/1067-tunisie-parite-constituante\" target=\"_blank\" rel=\"noopener\"><font face=\"Arial\">http:\/\/www.lesnouvellesnews.fr\/index.php\/civilisation-articles-section\/parite\/1067-tunisie-parite-constituante<\/font><\/a><\/span><\/p>\n<\/div>\n<p align=\"center\">\n<h3 style=\"color: blue;\"><font face=\"Arial\"><b><span lang=\"EN-US\">La Tunisie ausculte son pass\u00e9 pour mieux construire son futur<\/span><\/b><\/font><\/h3>\n<p><font face=\"Arial\"><b><span lang=\"EN-US\"><\/span><\/b><\/font><\/p>\n<hr\/>\n<p>\u00a0<\/p>\n<p align=\"justify\">\u00a0<\/p>\n<p align=\"justify\"><span lang=\"EN-US\"><font face=\"Arial\">\u00abLa justice transitionnelle: Aborder le pass\u00e9, construire le futur\u00bb, th\u00e8me d\u2019une conf\u00e9rence internationale qui se tient depuis le 14 et se poursuivra jusqu\u2019au 16 courant. <\/font><\/span><\/p>\n<p align=\"justify\"><span lang=\"EN-US\"><font face=\"Arial\">Les participants aborderont, trois ans durant, plusieurs probl\u00e9matiques, notamment \u201cComment enqu\u00eater et poursuivre en justice les auteurs de crimes et de d\u00e9passements li\u00e9s \u00e0 la dictature\u201c et \u201ccomment r\u00e9parer les d\u00e9g\u00e2ts mat\u00e9riels et moraux subis par les victimes, tout en honorant les engagements des Etats en mati\u00e8re de droit international et de trait\u00e9s internationaux relatifs aux Droits de l&rsquo;homme\u201c, indique la TAP <\/font><\/span><\/p>\n<p align=\"justify\">\u00a0<\/p>\n<p align=\"justify\"><span lang=\"EN-US\"><font face=\"Arial\">Cit\u00e9 par la m\u00eame source, Taieb Baccouche, ministre de l&rsquo;Education, a indiqu\u00e9 \u00e0 l&rsquo;ouverture des travaux de cette conf\u00e9rence que \u201cpour instaurer la justice transitionnelle, la volont\u00e9 politique doit aller de pair avec la volont\u00e9 de la soci\u00e9t\u00e9 civile\u201c. Pour lui, il n&rsquo;y a pas un mod\u00e8le de justice transitionnelle, toutefois, la Tunisie peut s\u2019inspirer des exp\u00e9riences internationales qui existent. A ce propos, le ministre estime important le \u00abr\u00f4le des m\u00e9dias et de la soci\u00e9t\u00e9 civile dans la r\u00e9alisation des objectifs de cette forme de justice\u00bb.<\/font><\/span><\/p>\n<p align=\"justify\">\u00a0<\/p>\n<p align=\"justify\"><span lang=\"EN-US\"><font face=\"Arial\">Pour les pr\u00e9sidents de l&rsquo;Institut arabe des Droits de l&rsquo;homme, du Centre international de la justice transitionnelle (CIJT), et de la Ligue tunisienne des Droits de l&rsquo;homme (LTDH) et le repr\u00e9sentant du Haut commissariat des Nations unies pour les Droits de l&rsquo;homme, pr\u00e9sents \u00e0 cette conf\u00e9rence, \u00ables Droits de l&rsquo;homme sont le d\u00e9nominateur commun entre les exp\u00e9riences du Maroc, de l&rsquo;Afrique du Sud, de la Roumanie et de l&rsquo;Am\u00e9rique latine, en mati\u00e8re de justice transitionnelle\u00bb. <\/font><\/span><\/p>\n<p align=\"justify\">\u00a0<\/p>\n<p align=\"justify\"><span lang=\"EN-US\"><font face=\"Arial\">En effet, le pr\u00e9sident de l&rsquo;Institut arabe des Droits de l&rsquo;homme, Abdelbasset Ben Hassan, soulignera dans son intervention que \u201cla transition politique demeure insuffisante si elle ne consid\u00e8re pas les droits humains comme un fondement et un outil majeur pour rompre avec les m\u00e9thodes de vengeance et d&rsquo;exclusion\u201c. M. Ben Hassan indique \u00e9galement que son institut va bient\u00f4t entamer la mise en \u0153uvre d&rsquo;un programme, en collaboration avec le minist\u00e8re de l&rsquo;Education, visant \u00e0 r\u00e9pandre la culture des droits humains au sein des \u00e9tablissements \u00e9ducatifs.<\/font><\/span><\/p>\n<p align=\"justify\">\u00a0<\/p>\n<p align=\"justify\"><span lang=\"EN-US\"><font face=\"Arial\">Le repr\u00e9sentant du Haut commissariat des Nations unies aux Droits de l&rsquo;Homme, Joseph Chakla, de son c\u00f4t\u00e9, pense que \u201cla justice transitionnelle en Tunisie doit na\u00eetre du g\u00e9nie local, et cette transition historique joint la volont\u00e9 politique \u00e0 celle de la soci\u00e9t\u00e9 civile\u201c.<\/font><\/span><\/p>\n<p align=\"justify\">\u00a0<\/p>\n<p align=\"justify\"><span lang=\"EN-US\"><font face=\"Arial\">Pour Ahmed Rahmouni, pr\u00e9sident de l&rsquo;Association des magistrats tunisiens, il est n\u00e9cessaire d&rsquo;assurer la r\u00e9forme de l&rsquo;institution judiciaire parce qu\u2019elle constitue le chemin d&rsquo;acc\u00e8s pour garantir la r\u00e9forme de l&rsquo;institution politique. <\/font><\/span><\/p>\n<p align=\"justify\">\u00a0<\/p>\n<p align=\"justify\"><span lang=\"EN-US\"><font face=\"Arial\">Abondant dans le sens du th\u00e8me de cette conf\u00e9rence, le pr\u00e9sident de la Ligue tunisienne pour la d\u00e9fense des droits de l&rsquo;Homme, Mokhtar Trifi, est convaincu que \u00able mode de traitement des abus et d\u00e9passements du pass\u00e9 et de construction de l&rsquo;avenir passe imp\u00e9rativement par une lecture du pr\u00e9sent pour garantir la r\u00e9ussite des composantes de la justice transitionnelle\u00bb. Il indiquera aussi que \u00ables proc\u00e8s des personnes ayant viol\u00e9 les droits de l&rsquo;Homme, durant l&rsquo;ancien r\u00e9gime, doivent passer par les institutions judiciaires et non par des vengeances ou des jugements populaires\u00bb, \u00e9crit la TAP.<\/font><\/span><\/p>\n<p align=\"justify\"><span lang=\"EN-US\"><font face=\"Arial\">Source: \u201cwmc\u201d Le 15-04-2011<\/font><\/span><\/p>\n<div>\n<p align=\"justify\"><font face=\"Arial\"><span lang=\"NO-BOK\"><font>Lien: <\/font><\/span><span lang=\"EN-US\"><a href=\"http:\/\/www.webmanagercenter.com\/management\/article-104678-la-tunisie-ausculte-son-passe-pour-mieux-construire-son-futur\" target=\"_blank\" rel=\"noopener\"><span lang=\"NO-BOK\"><font>http:\/\/www.webmanagercenter.com\/management\/article-104678-la-tunisie-ausculte-son-passe-pour-mieux-construire-son-futur<\/font><\/span><\/a><\/span><\/font><\/p>\n<\/div>\n<h3 align=\"center\" style=\"color: blue;\"><span lang=\"EN-US\"><\/p>\n<h3 style=\"color: blue;\"><font face=\"Arial\">Transition \u00e9conomique en Tunisie : L\u2019avis des experts<\/font><\/h3>\n<p> <\/span><\/h3>\n<hr\/>\n<p align=\"justify\"><span lang=\"EN-US\"><font face=\"Arial\">L&rsquo;Association des \u00e9conomistes tunisiens (ASECTU) organise un s\u00e9minaire sous le th\u00e8me \u00ab transition \u00e9conomique en Tunisie \u00bb.<\/font><\/span><\/p>\n<p align=\"justify\">\u00a0<\/p>\n<p align=\"justify\"><span lang=\"EN-US\"><font face=\"Arial\">Cette manifestation, qui se tiendra les 2 et 3 mai 2011 \u00e0 la Cit\u00e9 des sciences, aura pour objectif d\u2019une part, de confronter les points de vue sur les exp\u00e9riences dans le monde et, d\u2019autre part, de contribuer \u00e0 d\u00e9finir des pistes pour une transition qui int\u00e8gre les dimensions politiques, \u00e9conomiques et sociales, et refonder par cons\u00e9quent les relations de la Tunisie avec le reste du monde.<\/font><\/span><\/p>\n<p align=\"justify\"><span lang=\"EN-US\"><font face=\"Arial\">17 chercheurs, experts et conf\u00e9renciers de renomm\u00e9e internationale interviendront \u00e0 ce s\u00e9minaire afin d&rsquo;apporter des r\u00e9ponses, \u00e0 partir de certaines exp\u00e9riences, \u00e0 des interrogations concernant la d\u00e9finition de la transition d\u00e9mocratique, les conditions n\u00e9cessaires \u00e0 toute entreprise de d\u00e9mocratisation et au processus de transition \u00e9conomique.<\/font><\/span><\/p>\n<p align=\"justify\">\u00a0<\/p>\n<p align=\"justify\"><span lang=\"EN-US\"><font face=\"Arial\">Parmi ces chercheurs nous citons Hakim Ben Hammouda (OMC, Gen\u00e8ve), Georges Mink (directeur de recherches au CNRS, enseignant \u00e0 Sciences Po &#8211; Paris et au Coll\u00e8ge de l&rsquo;Europe), Guy Hermet (directeur de recherches \u00e9m\u00e9rite \u00e0 Sciences Po)\u2026<\/font><\/span><\/p>\n<p align=\"justify\"><span lang=\"EN-US\"><font face=\"Arial\">Source: \u201cBusiness News\u201d <\/font><\/span><\/p>\n<div>\n<p align=\"justify\"><font face=\"Arial\"><span lang=\"NO-BOK\"><font>Lien: <\/font><\/span><span lang=\"EN-US\"><a href=\"http:\/\/www.businessnews.com.tn\/Transition-\u00e9conomique-en-Tunisie--L\u2019avis-des-experts,520,24367,1\" target=\"_blank\" rel=\"noopener\"><span lang=\"NO-BOK\"><font>http:\/\/www.businessnews.com.tn\/Transition-%C3%A9conomique-en-Tunisie&#8211;L%E2%80%99avis-des-experts,520,24367,1<\/font><\/span><\/a><\/span><\/font><\/p>\n<\/div>\n<p align=\"center\"><b><span lang=\"NO-BOK\"><\/p>\n<h3 style=\"color: blue;\"><font face=\"Arial\">Tunisie: d\u00e9claration de N\u00e9jib Chebbi \u00e0 l&rsquo;issue de sa rencontre avec BCE<\/font><\/h3>\n<p> <\/span><\/b><\/p>\n<hr\/>\n<p>\u00a0<\/p>\n<p align=\"justify\">\u00a0<\/p>\n<p align=\"justify\"><span lang=\"FR\"><font face=\"Arial\">Le Premier ministre du gouvernement provisoire, M. B\u00e9ji Ca\u00efd Essebsi, s&rsquo;est entretenu, jeudi, au palais du gouvernement \u00e0 la Kasbah, avec le fondateur du Parti d\u00e9mocrate progressiste (PDP) et ancien ministre du gouvernement provisoire, M. Ahmed N\u00e9jib Chebbi.<\/font><\/span><\/p>\n<p align=\"justify\">\u00a0<\/p>\n<p align=\"justify\"><span lang=\"FR\"><font face=\"Arial\">A l&rsquo;issue de la rencontre, M. Chebbi a d\u00e9clar\u00e9 avoir demand\u00e9, personnellement, de rencontrer le Premier ministre pour examiner la situation politique en Tunisie, notamment en pr\u00e9vision de l&rsquo;\u00e9lection de l&rsquo;assembl\u00e9e nationale constituante.<\/font><\/span><\/p>\n<p align=\"justify\">\u00a0<\/p>\n<p align=\"justify\"><span lang=\"FR\"><font face=\"Arial\">Par ailleurs, il s&rsquo;est d\u00e9clar\u00e9 satisfait de l&rsquo;am\u00e9lioration de la situation s\u00e9curitaire et sociale en Tunisie, gr\u00e2ce \u00e0 la d\u00e9marche politique claire adopt\u00e9e, faisant remarquer que ces performances sont bien le fruit du gouvernement de M. B\u00e9ji Ca\u00efd Essebsi.<\/font><\/span><\/p>\n<p align=\"justify\">\u00a0<\/p>\n<p align=\"justify\"><span lang=\"FR\"><font face=\"Arial\">Au sujet des \u00e9lections du 24 juillet 2011, le Premier secr\u00e9taire du PDP a r\u00e9affirm\u00e9 la participation de son parti \u00e0 cette \u00e9ch\u00e9ance, dans toutes les circonscriptions \u00e9lectorales, avec des listes propres au parti.<\/font><\/span><\/p>\n<p align=\"justify\">\u00a0<\/p>\n<p align=\"justify\"><span lang=\"FR\"><font face=\"Arial\">Concernant l&rsquo;institution du principe de parit\u00e9 dans les listes \u00e9lectorales de l&rsquo;assembl\u00e9e nationale constituante, M. Chebbi a fait \u00e9tat de son soutien \u00e0 cette d\u00e9cision, pr\u00e9cisant que \u00ab\u00a0la sanction des listes ne r\u00e9pondant pas \u00e0 cette condition ne doit pas \u00eatre appliqu\u00e9e par leur exclusion ou leur interdiction de participer aux \u00e9lections, mais en se contentant d&rsquo;une simple amende financi\u00e8re\u00a0\u00bb.<\/font><\/span><\/p>\n<p align=\"justify\">\u00a0<\/p>\n<p align=\"justify\"><span lang=\"FR\"><font face=\"Arial\">Il a, par ailleurs, mis l&rsquo;accent sur le r\u00f4le avant-gardiste de son parti dans le renforcement de la participation de la femme \u00e0 la vie politique, en t\u00e9moigne l&rsquo;accession d&rsquo;une femme au Secr\u00e9tariat g\u00e9n\u00e9ral du parti et la pr\u00e9sidence par des femmes des groupes progressistes dans les r\u00e9gions.<\/font><\/span><\/p>\n<p align=\"justify\"><span lang=\"FR\"><font face=\"Arial\">Des femmes, a-t-il pr\u00e9cis\u00e9, vont prendre les t\u00eates de listes \u00e9lectorales du PDP lors des prochaines \u00e9lections de l&rsquo;assembl\u00e9e constituante, a-t-il pr\u00e9cis\u00e9.<\/font><\/span><\/p>\n<p align=\"justify\"><span lang=\"FR\"><font face=\"Arial\">Evoquant les attributions de l&rsquo;assembl\u00e9e nationale constituante apr\u00e8s les \u00e9lections du 24 juillet, M. Ahmed N\u00e9jib Chebbi a indiqu\u00e9 que l&rsquo;assembl\u00e9e aura toutes les pr\u00e9rogatives pour choisir le processus de r\u00e9formes qui sera adopt\u00e9 par le pays au cours de la p\u00e9riode transitoire, faisant remarquer que ses d\u00e9cisions auront un caract\u00e8re contraignant, dans la mesure o\u00f9 l&rsquo;assembl\u00e9e constituera \u00ab\u00a0la seule instance l\u00e9gitime du pays\u00a0\u00bb.<\/font><\/span><\/p>\n<p align=\"justify\">\u00a0<\/p>\n<p align=\"justify\"><span lang=\"FR\"><font face=\"Arial\">Le fondateur du PDP a, dans le m\u00eame contexte, plaid\u00e9 en faveur de \u00ab\u00a0l&rsquo;organisation conjointe des \u00e9lections pr\u00e9sidentielles et des \u00e9lections de l&rsquo;assembl\u00e9e constituante\u00a0\u00bb.<\/font><\/span><\/p>\n<p align=\"justify\">\u00a0<\/p>\n<p align=\"justify\"><span lang=\"FR\"><font face=\"Arial\">La d\u00e9signation d&rsquo;une Constituante et d&rsquo;un pr\u00e9sident de la R\u00e9publique directement par le peuple, a-t-il relev\u00e9, est de nature \u00e0 cr\u00e9er une situation d&rsquo;\u00e9quilibre qui ne manquera pas de contribuer \u00e0 clarifier la d\u00e9marche politique et de renforcer les attributs de la stabilit\u00e9 dans le pays.<\/font><\/span><\/p>\n<p align=\"justify\"><span lang=\"FR\"><font face=\"Arial\">Source : \u00ab Espace Manager \u00bb Le 15-04-2011<\/font><\/span><\/p>\n<div>\n<p align=\"justify\"><span lang=\"FR\"><font face=\"Arial\">Lien : <\/font><a href=\"http:\/\/www.espacemanager.com\/politique\/tunisie-declaration-de-nejib-chebbi-a-l-issue-de-sa-rencontre-avec-bce.html\" target=\"_blank\" rel=\"noopener\"><font face=\"Arial\">http:\/\/www.espacemanager.com\/politique\/tunisie-declaration-de-nejib-chebbi-a-l-issue-de-sa-rencontre-avec-bce.html<\/font><\/a><\/span><\/p>\n<\/div>\n<p align=\"center\"><b><span lang=\"FR\"><\/p>\n<h3 style=\"color: blue;\"><font face=\"Arial\">Tunisie-Justice: Pour qui et par qui?<\/font><\/h3>\n<p> <\/span><\/b><\/p>\n<hr\/>\n<p>\u00a0<\/p>\n<p align=\"justify\">\u00a0<\/p>\n<p align=\"justify\"><b><span lang=\"EN-US\"><font face=\"Arial\">\u00abSurtout soyez toujours capable de ressentir au plus profond de votre c\u0153ur n\u2019importe quelle injustice commise contre n\u2019importe qui, o\u00f9 que ce soit dans le monde. C\u2019est la plus belle qualit\u00e9 d\u2019un r\u00e9volutionnaire\u00bb, dixit Ernesto Che Guevara, le plus grand r\u00e9volutionnaire du 20\u00e8me si\u00e8cle. <\/font><\/span><\/b><\/p>\n<p align=\"justify\"><span lang=\"EN-US\"><font face=\"Arial\">La justice est-elle une et indivisible? Ou bien en existe-t-il une pour nous, une autre pour nos ennemis et une autre encore pour nos amis? Un Etat de Droit ne commence-t-il pas par l\u2019ind\u00e9pendance des avocats et des magistrats? <\/font><\/span><\/p>\n<p align=\"justify\"><font face=\"Arial\"><span lang=\"EN-US\"><font>Ce qui se passe depuis le <\/font><\/span><font><span lang=\"NO-BOK\"><a href=\"http:\/\/www.webmanagercenter.com\/management\/article-101286-tunisie-pour-les-martyrs-du-14-janvier-2011\" target=\"_blank\" rel=\"noopener\"><span lang=\"EN-US\"><font>14 janvier <\/font><\/span><\/a><\/span><\/font><span lang=\"EN-US\"><font>dans notre pays, nous pousse \u00e0 nous interroger sur le r\u00f4le de la justice et de ses auxiliaires. Nos juges, nos avocats ont-ils assur\u00e9 durant cette p\u00e9riode pr\u00e9r\u00e9volutionnaire d\u00e9licate? Ont-ils consacr\u00e9 la supr\u00e9matie de la justice n\u2019en d\u00e9plaise \u00e0 la \u00abl\u00e9gitimit\u00e9 r\u00e9volutionnaire\u00bb ? <\/font><\/span><\/font><\/p>\n<p align=\"justify\"><span lang=\"EN-US\"><font face=\"Arial\">Les conditions exceptionnelles de la r\u00e9volution justifieront-elles certains d\u00e9passements de la part de la justice? Car si la justice qui, \u00e9tait sous la coupe du 7 Novembre et souffrait d\u2019un interventionnisme pouss\u00e9 de la part de l\u2019Etat-parti, subit aujourd\u2019hui encore la pression de la Rue (pr\u00e9cis\u00e9ment celle de Bab Bnet) et agit au nom d\u2019une soi-disant l\u00e9gitimit\u00e9 r\u00e9volutionnaire ignorant la volont\u00e9 du l\u00e9gislateur, nous sommes \u00abcuits\u00bb.<\/font><\/span><\/p>\n<p align=\"justify\"><font face=\"Arial\"><span lang=\"EN-US\"><font>\u00abLes Citoyens tunisiens, m\u00eame antir\u00e9volutionnaires, doivent \u00eatre jug\u00e9s \u00e9quitablement et dans la s\u00e9r\u00e9nit\u00e9. Aujourd\u2019hui, nous sommes devant une justice exp\u00e9ditive, ce qui est inacceptable pour moi. Sur les plans juridique, politique et judiciaire, certaines erreurs impardonnables ont \u00e9t\u00e9 commises dans des jugements rendus dont celui du <\/font><\/span><font><span lang=\"NO-BOK\"><a href=\"http:\/\/www.webmanagercenter.com\/management\/article.php?id=103147\" target=\"_blank\" rel=\"noopener\"><span lang=\"EN-US\"><font>RCD<\/font><\/span><\/a><\/span><\/font><span lang=\"EN-US\"><font>, et c\u2019est une faute grave pour l\u2019avenir de la Tunisie. <span lang=\"NO-BOK\">Le<\/span><\/font><span lang=\"NO-BOK\"><font> proc\u00e8s n\u2019a pas respect\u00e9 les droits de la d\u00e9fense. La justice n\u2019a pas \u00e0 se m\u00ealer de politique, elle doit \u00eatre neutre\u00bb, clame haut et fort Me Bochra Belhadj Hamida. <\/font><\/span><\/span><\/font><\/p>\n<p align=\"justify\"><span lang=\"NO-BOK\"><font face=\"Arial\">Que l\u2019Association des Juges fasse partie du Conseil de Protection de la R\u00e9volution au m\u00eame titre que l\u2019Union g\u00e9n\u00e9rale des travailleurs tunisiens, le Parti Ouvrier (POCT) ou encore <\/font><font><a href=\"http:\/\/www.webmanagercenter.com\/management\/article-104594-tunisie-ghannouchi-un-danger-pour-le-tourisme-ou-le-tourisme-un-danger-pour-ennahdha\" target=\"_blank\" rel=\"noopener\"><font face=\"Arial\">Ennahdha<\/font><\/a><\/font><font face=\"Arial\"> n\u2019a pas de sens. Car \u00e0 supposer que l\u2019un des adh\u00e9rents au Conseil soit au centre d\u2019un proc\u00e8s, comment r\u00e9agiront les juges, ceux-l\u00e0 m\u00eames qui partagent avec \u00able pr\u00e9sum\u00e9 innocent\u00bb les id\u00e9es ainsi que l\u2019organisation? Mohamed Nejib Echabbi a \u00e9t\u00e9 insult\u00e9 par le Conseil de protection de la R\u00e9volution, comment les juges membres du Conseil peuvent-ils prot\u00e9ger ses droits en toute \u00e9quit\u00e9 et sans aucun parti pris? <\/font><\/span><\/p>\n<p align=\"justify\"><font face=\"Arial\"><span lang=\"NO-BOK\"><font>La Justice<\/font><\/span><font><span lang=\"NO-BOK\"> est-elle de la seule responsabilit\u00e9 de la magistrature ou rel\u00e8ve-t-elle aujourd\u2019hui de celle de tous les Tunisiens? <\/span><\/font><span lang=\"EN-US\"><font>Pour r\u00e9ussir une transition d\u00e9mocratique, la justice a besoin de temps pour devenir sereine. Rappelons-nous, pour ex\u00e9cuter Ceaucescu, la Roumanie a attendu une ann\u00e9e<\/font><\/span><\/font><\/p>\n<p align=\"justify\"><font face=\"Arial\"><span lang=\"EN-US\"><font>Il faut laisse \u00e0 la justice tunisienne le temps de reprendre ses rep\u00e8res, il ne faut pas qu\u2019elle subisse une pression de quelque provenance qu\u2019elle soit, car on ne peut faire confiance dans une justice qui subit et r\u00e9agit sous le poids de la pression. Le cas de l\u2019agent municipal qui a gifl\u00e9 feu <\/font><\/span><font><span lang=\"NO-BOK\"><a href=\"http:\/\/www.webmanagercenter.com\/management\/article-103555-livre-lorsque-bouazizi-et-la-revolution-tunisienne-entrent-dans-la-legende\" target=\"_blank\" rel=\"noopener\"><span lang=\"EN-US\"><font>Bouazizi<\/font><\/span><\/a><\/span><span lang=\"EN-US\"> en est une parfaite illustration. A-t-on jamais vu quelqu\u2019un croupir en prison pour une gifle? Fadia Hamdi a le droit d\u2019\u00eatre trait\u00e9e en tant que citoyenne avec des droits qui doivent \u00eatre prot\u00e9g\u00e9s par la justice, elle qui reste incarc\u00e9r\u00e9e au m\u00e9pris de la l\u00e9gislation en vigueur. Que ce soit l\u2019avocat ou le juge, ils sont l\u00e0 pour prot\u00e9ger l\u2019individu dans ses trois dimensions, \u00e0 savoir son honneur, son int\u00e9grit\u00e9 physique et son patrimoine financier. <\/span><span lang=\"NO-BOK\">Un juge ne doit pas \u00eatre populiste, il est le garant de l\u2019application de la justice en se basant sur les faits et les r\u00e8gles de loi. <\/span><\/font><span lang=\"EN-US\"><font>Sa responsabilit\u00e9 est grande car il a l\u2019obligation et le devoir de faire respecter la volont\u00e9 du l\u00e9gislateur.<\/font><\/span><\/font><\/p>\n<p align=\"justify\"><font face=\"Arial\"><span lang=\"EN-US\"><font>Que devons-nous faire pour garantir l\u2019ind\u00e9pendance de la justice? <\/font><\/span><span lang=\"NO-BOK\"><font>Il faut tout d\u2019abord une remise en cause profonde de notre propre attitude par rapport \u00e0 la loi. Parce que si nous allons entrer dans le jeu des rendements de compte sales, b\u00eates et m\u00e9chants, nous ne pourrions pas nous en sortir, et \u00e0 commencer par les juges eux-m\u00eames. <\/font><\/span><\/font><\/p>\n<p align=\"justify\"><span lang=\"NO-BOK\"><font face=\"Arial\">Pourquoi aujourd\u2019hui ne juger que les <\/font><font><a href=\"http:\/\/www.webmanagercenter.com\/management\/article.php?id=104521\" target=\"_blank\" rel=\"noopener\"><font face=\"Arial\">Trabelssi<\/font><\/a><\/font><font face=\"Arial\"> ou les familles proches et alli\u00e9es, qu\u2019en est-il de tous ces experts qui leur ont facilit\u00e9 la t\u00e2che et qui leur ont concoct\u00e9 des plans dignes des plus grands en mati\u00e8re d\u2019arnaques, de vols l\u00e9galis\u00e9s et de spoliation des biens de l\u2019Etat et du peuple? Et o\u00f9 sont ces ONG de droits de l\u2019homme qui \u00e9taient dans l\u2019opposition et qui font aujourd\u2019hui peu de cas des droits des pr\u00e9venus quels qu\u2019ils soient? La Ligue tunisienne des Droits de l\u2019Homme, Amnesty international et autres. Pourquoi n\u2019ont-elles pas appel\u00e9 dans des communiqu\u00e9s officiels juges et avocats \u00e0 assurer leur mission en toute objectivit\u00e9 et sans prise de parti, \u00e0 assumer leurs responsabilit\u00e9s dans le respect de la loi? <\/font><\/span><\/p>\n<p align=\"justify\"><font face=\"Arial\"><span lang=\"EN-US\"><font>Que devons-nous faire pour garantir l\u2019ind\u00e9pendance de la justice? <\/font><\/span><font><span lang=\"NO-BOK\">Il faut tout d\u2019abord une remise en cause profonde de notre propre attitude par rapport \u00e0 la loi.<\/span><\/font><span lang=\"EN-US\"><font>Il faut avoir le recul n\u00e9cessaire par rapport aux affaires que nous traitons, il faut pouvoir et vouloir \u00eatre impartial. <\/font><\/span><\/font><\/p>\n<p align=\"justify\"><span lang=\"EN-US\"><font face=\"Arial\">Est-il normal que, dans cette Tunisie nouvelle que nous voulons juste, les avocats qui ont accept\u00e9 de d\u00e9fendre la famille de l\u2019ancien chef de l\u2019Etat subissent des intimidations et m\u00eame des menaces et ont eu peur? <\/font><\/span><\/p>\n<p align=\"justify\"><span lang=\"EN-US\"><font face=\"Arial\">Doit-on accorder la primaut\u00e9 \u00e0 la l\u00e9gitimit\u00e9 r\u00e9volutionnaire ou \u00e0 la supr\u00e9matie de la loi?<\/font><\/span><\/p>\n<p align=\"justify\"><span lang=\"FR\"><font face=\"Arial\">Source : \u00ab wmc \u00bb Le 15-04-2011<\/font><\/span><\/p>\n<div>\n<p align=\"justify\"><span lang=\"FR\"><font face=\"Arial\">Lien : <\/font><a href=\"http:\/\/www.webmanagercenter.com\/management\/article-104649-tunisie-justice-pour-qui-et-par-qui\" target=\"_blank\" rel=\"noopener\"><font face=\"Arial\">http:\/\/www.webmanagercenter.com\/management\/article-104649-tunisie-justice-pour-qui-et-par-qui<\/font><\/a><\/span><\/p>\n<\/div>\n<p align=\"center\"><b><span lang=\"FR\"><\/p>\n<h3 style=\"color: blue;\"><font face=\"Arial\">\u00ab\u00a0D\u00e9gage: la r\u00e9volution tunisienne\u00a0\u00bb: un livre-t\u00e9moignage disponible \u00e0 partir &#8230; .<\/font><\/h3>\n<p> <\/span><\/b><\/p>\n<hr\/>\n<p>\u00a0<\/p>\n<p align=\"justify\">\u00a0<\/p>\n<p align=\"justify\"><span lang=\"FR\"><font face=\"Arial\">Un livre-t\u00e9moignage intitul\u00e9 \u00ab\u00a0D\u00e9gage: la r\u00e9volution tunisienne\u00a0\u00bb vient tout juste d&rsquo;arriver en Tunisie et sera disponible \u00e0 partir de cet apr\u00e8s-midi dans plusieurs librairies de Tunis, apprend l&rsquo;agence TAP aupr\u00e8s de Mme Ahlem Jami Guesmi, responsable de la communication aux \u00e9ditions Alif.<\/font><\/span><\/p>\n<p align=\"justify\">\u00a0<\/p>\n<p align=\"justify\"><span lang=\"FR\"><font face=\"Arial\">Publi\u00e9 par les \u00e9ditions Alif, cet ouvrage \u00ab\u00a0con\u00e7u en Tunisie par un collectif de tunisiens et tunisiennes\u00a0\u00bb se veut un t\u00e9moignage d\u00e9cryptant la p\u00e9riode entre le 17 d\u00e9cembre 2010 et le 14 janvier 2011, rassemblent plus de 500 photos et plus de 100 t\u00e9moignages de jeunes, d&rsquo;\u00e9tudiants, de journalistes, d&rsquo;intellectuels, d&rsquo;hommes politiques etc sur \u00ab\u00a0la Tunisie oubli\u00e9e\u00a0\u00bb, \u00ab\u00a0les \u00e9v\u00e9nements au jour le jour, \u00ab\u00a0l&rsquo;hommage \u00e0 l&rsquo;arm\u00e9e tunisienne\u00a0\u00bb et bien d&rsquo;autres choses.<\/font><\/span><\/p>\n<p align=\"justify\">\u00a0<\/p>\n<p align=\"justify\"><span lang=\"FR\"><font face=\"Arial\">\u00ab\u00a0Enfin libres de t\u00e9moigner&#8230;Enfin libres d&rsquo;\u00e9diter<\/font><\/span><\/p>\n<p align=\"justify\">\u00a0<\/p>\n<p align=\"justify\"><span lang=\"FR\"><font face=\"Arial\">Class\u00e9 dans la cat\u00e9gorie des beaux livres et dans la s\u00e9rie \u00ab\u00a0Patrimoine historique\u00a0\u00bb ce livre, pr\u00e9cise Mme Ahlem Jami Guesmi, est co-\u00e9dit\u00e9 avec les \u00e9ditions du Layeur et France Info pour assurer sa distribution notamment en France et en Belgique.<\/font><\/span><\/p>\n<p align=\"justify\">\u00a0<\/p>\n<p align=\"justify\"><span lang=\"FR\"><font face=\"Arial\">Sous les signes \u00ab\u00a0Enfin libres de t\u00e9moigner\u00a0\u00bb et \u00ab\u00a0enfin libres d&rsquo;\u00e9diter\u00a0\u00bb, le livre est pr\u00e9sent\u00e9 notamment en ces termes: \u00ab\u00a0en r\u00e9alisant ce livre, nous avons fait l&rsquo;un des plus beaux m\u00e9tiers du monde, celui d&rsquo;\u00e9diteur. Depuis plus de 23 ans, nous n&rsquo;avons pas \u00e9dit\u00e9 sans peu ou prou de censure. Aujourd&rsquo;hui \u00ab\u00a0D\u00e9gage\u00a0\u00bb n&rsquo;a subi de censure que celle de nos choix et de nos responsabilit\u00e9s citoyennes\u00a0\u00bb.<\/font><\/span><\/p>\n<p align=\"justify\">\u00a0<\/p>\n<p align=\"justify\"><span lang=\"FR\"><font face=\"Arial\">Dans la capitale, le livre (35 dinars) sera disponible dans les librairies El Kitab, Clairefontaine (Tunis, la Marsa et Mutuelle ville) \u00ab\u00a0Mille feuilles\u00a0\u00bb, \u00ab\u00a0l&rsquo;Annexe\u00a0\u00bb-la Marsa et Caliga El Menzah.<\/font><\/span><\/p>\n<p align=\"justify\">\u00a0<\/p>\n<p align=\"justify\"><span lang=\"FR\"><font face=\"Arial\">L&rsquo;ouvrage sera \u00e9galement disponible \u00e0 partir de demain dans des librairies de Sousse (\u00ab\u00a0L&rsquo;univers du savoir\u00a0\u00bb, \u00ab\u00a0Erayes\u00a0\u00bb et Sami Kacem) et du Cap Bon (\u00ab\u00a0Scolaris\u00a0\u00bb-Nabeul et K\u00e9libia, \u00ab\u00a0Mot \u00e0 Mot\u00a0\u00bb et \u00ab\u00a0Printemps\u00a0\u00bb-Hammamet) dans l&rsquo;attente d&rsquo;une plus large diffusion sur tout le territoire.<\/font><\/span><\/p>\n<p align=\"justify\"><span lang=\"FR\"><font face=\"Arial\">Source : \u00ab Tunisie Soir \u00bb Le 15-04-2011<\/font><\/span><\/p>\n<div>\n<p align=\"justify\"><span lang=\"FR\"><font face=\"Arial\">Lien : <\/font><a href=\"http:\/\/www.tunisiesoir.com\/index.php?option=com_content&amp;view=article&amp;id=39688:&amp;catid=52:general\" target=\"_blank\" rel=\"noopener\"><font face=\"Arial\">http:\/\/www.tunisiesoir.com\/index.php?option=com_content&amp;view=article&amp;id=39688:&amp;catid=52:general<\/font><\/a><\/span><\/p>\n<\/div>\n<p align=\"center\"><b><span lang=\"FR\"><\/p>\n<h3 style=\"color: blue;\"><font face=\"Arial\">Tunisie: rumeurs infond\u00e9es sur les incidents du tribunal de Sousse<\/font><\/h3>\n<p> <\/span><\/b><\/p>\n<hr\/>\n<p>\u00a0<\/p>\n<p align=\"justify\"><span lang=\"FR\"><font face=\"Arial\">Les rumeurs r\u00e9pandues r\u00e9cemment sur l&rsquo;irruption de 50 agents de s\u00e9curit\u00e9 dans le tribunal de premi\u00e8re instance de Sousse pour lib\u00e9rer leur coll\u00e8gue de la salle de d\u00e9tention sont infond\u00e9es, affirme le minist\u00e8re de l&rsquo;int\u00e9rieur dans un communiqu\u00e9 publi\u00e9 vendredi.<\/font><\/span><\/p>\n<p align=\"justify\">\u00a0<\/p>\n<p align=\"justify\"><span lang=\"FR\"><font face=\"Arial\">Un agent de s\u00e9curit\u00e9, explique le communiqu\u00e9, s&rsquo;est pr\u00e9sent\u00e9, de son propre gr\u00e9, le 30 mars devant le juge d&rsquo;instruction pr\u00e8s le tribunal de premi\u00e8re instance de Sousse qui l&rsquo;a auditionn\u00e9 \u00e0 propos des faits qui lui sont reproch\u00e9s puis a d\u00e9cid\u00e9 de le placer en d\u00e9tention provisoire.<\/font><\/span><\/p>\n<p align=\"justify\">\u00a0<\/p>\n<p align=\"justify\"><span lang=\"FR\"><font face=\"Arial\">La d\u00e9cision judiciaire a \u00e9t\u00e9 ex\u00e9cut\u00e9e par les agents de s\u00e9curit\u00e9 du tribunal, pr\u00e9cise le communiqu\u00e9.<\/font><\/span><\/p>\n<p align=\"justify\">\u00a0<\/p>\n<p align=\"justify\"><span lang=\"FR\"><font face=\"Arial\">L&rsquo;agent de s\u00e9curit\u00e9 en question a \u00e9t\u00e9 rel\u00e2ch\u00e9 le 2 avril apr\u00e8s avoir comparu devant la chambre criminelle relevant du m\u00eame tribunal, indique le communiqu\u00e9.<\/font><\/span><\/p>\n<p align=\"justify\"><span lang=\"FR\"><font face=\"Arial\">Source : \u00ab Espace Manager \u00bb Le 15-04-2011<\/font><\/span><\/p>\n<div>\n<p align=\"justify\"><span lang=\"FR\"><font face=\"Arial\">Lien : <\/font><a href=\"http:\/\/www.espacemanager.com\/divers\/tunisie-rumeurs-infondees-sur-les-incidents-du-tribunal-de-sousse.html\" target=\"_blank\" rel=\"noopener\"><font face=\"Arial\">http:\/\/www.espacemanager.com\/divers\/tunisie-rumeurs-infondees-sur-les-incidents-du-tribunal-de-sousse.html<\/font><\/a><\/span><\/p>\n<\/div>\n<p align=\"center\"><b><span lang=\"FR\"><\/p>\n<h3 style=\"color: blue;\"><font face=\"Arial\">La r\u00e9volution tunisienne mode d\u2019emploi<\/font><\/h3>\n<p> <\/span><\/b><\/p>\n<hr\/>\n<p>\u00a0<\/p>\n<p align=\"justify\"><span lang=\"FR\"><font face=\"Arial\"><strong>Par Abdallah Rihani*<\/strong><\/font><\/span><\/p>\n<p align=\"justify\"><span lang=\"FR\"><font face=\"Arial\">Le jour de la r\u00e9volution en Tunisie, le 14 janvier 2011, est un jour m\u00e9morable. Voil\u00e0 les Destouriens surpris par l\u2019effondrement de l\u2019\u00e9difice dictatorial qui les abritaient et qu\u2019ils croyaient \u00e0 l\u2019\u00e9preuve de toutes les secousses naturelles ou humaines, \u00e9ternel pour eux. Ils ont \u00e9t\u00e9 confondus, et depuis la cinglante r\u00e9volution du 14 janvier 2011, ils ne cessent de fomenter petites et grandes machinations pour sauver les meubles, autrement dit, pour maintenir le maximum d\u2019anciens du Rcd parmi le personnel bureaucratique dirigeant les institutions nationales et r\u00e9gionales.<\/font><\/span><\/p>\n<p align=\"justify\">\u00a0<\/p>\n<p align=\"justify\"><span lang=\"FR\"><font face=\"Arial\">La d\u00e9route des \u00abDs\u00e8tras\u00bb<\/font><\/span><\/p>\n<p align=\"justify\"><span lang=\"FR\"><font face=\"Arial\">Le peuple r\u00e9volutionnaire a fait \u00e9chouer ces petites man\u0153uvres m\u00e9prisables, tant il est vrai que le d\u00e9go\u00fbt qu\u2019inspirent ces gens, les \u00abDs\u00e8tras\u00bb, ne risquerait pas de dispara\u00eetre du jour au lendemain ni m\u00eame apr\u00e8s de longues ann\u00e9es.<\/font><\/span><\/p>\n<p align=\"justify\"><span lang=\"FR\"><font face=\"Arial\">Les tentatives destouriennes de faire du neuf avec le vieux n\u2019ont pas \u00e9t\u00e9 mises en d\u00e9route seulement par les r\u00e9volutionnaires qui ont vaillamment occup\u00e9 la place de la Kasbah et fait tomber gouvernement et Premier ministre. <\/font><\/span><\/p>\n<p align=\"justify\"><span lang=\"FR\"><font face=\"Arial\">Dans les r\u00e9gions, couvrant l\u2019ensemble du pays, le r\u00e9seau de communication des r\u00e9volutionnaires a fonctionn\u00e9 \u00e0 merveille et l\u2019information sur les personnes nomm\u00e9es, leurs compromissions ou les m\u00e9faits qu\u2019ils ont pu commettre sous le r\u00e8gne du dictateur ont \u00e9t\u00e9 rapidement d\u00e9voil\u00e9s et la population a exerc\u00e9 son droit, r\u00e9volutionnaire et l\u00e9gitime, de chasser ses oppresseurs en attendant le jour de leur traduction en justice. <\/font><\/span><\/p>\n<p align=\"justify\"><span lang=\"FR\"><font face=\"Arial\">Beaucoup se sont accroch\u00e9s au caract\u00e8re spontan\u00e9 du mouvement de masse \u00e0 ses d\u00e9buts pour nier le r\u00f4le d\u00e9terminant jou\u00e9 par les militants r\u00e9volutionnaires pour mener le mouvement vers sa r\u00e9ussite. <\/font><\/span><\/p>\n<p align=\"justify\"><span lang=\"FR\"><font face=\"Arial\">Le d\u00e9clenchement du soul\u00e8vement populaire tunisien, \u00e0 ses d\u00e9buts, pour un court laps de temps, fut spontan\u00e9. Cependant la r\u00e9volte spontan\u00e9e, nourrie par l\u2019indignation durant les premiers jours de d\u00e9cembre, s\u2019\u00e9tait rapidement transform\u00e9e en activit\u00e9 r\u00e9volutionnaire d\u00e9termin\u00e9e \u00e0 atteindre des objectifs politiques pr\u00e9cis par une strat\u00e9gie qui ne l\u2019\u00e9tait pas moins, misant sur plus de manifestations bien organis\u00e9es, disciplin\u00e9es et pacifiques. <\/font><\/span><\/p>\n<p align=\"justify\"><span lang=\"FR\"><font face=\"Arial\">Il y avait eu une progression ininterrompue dans la mobilisation qui n\u2019a pas d\u00e9bord\u00e9 son encadrement malgr\u00e9 le nombre grandissant de martyrs. Les mots d\u2019ordre \u00e9taient plac\u00e9s, sans d\u00e9tour et sans ambigu\u00eft\u00e9, sur le terrain politique. Les masses ont repris les mots d\u2019ordre des groupes minoritaires pers\u00e9cut\u00e9s, le rejet du dictateur, des familles qu\u2019il prot\u00e8ge et de son r\u00e9gime pourri en entier. Du travail de professionnels de la r\u00e9volution discrets et efficaces, ils ne voulaient pas la gloire mais triompher de la dictature et des appareils de la terreur. C\u2019\u00e9tait nouveau et surprenant, pendant que le peuple \u00e9tablissait la rupture radicale et d\u00e9finitive avec la peur et le recul devant la r\u00e9pression son action devenait bien cibl\u00e9e, d\u00e9termin\u00e9e par des objectifs clairs, plus rien n\u2019\u00e9tait plus spontan\u00e9.<\/font><\/span><\/p>\n<p align=\"justify\">\u00a0<\/p>\n<p align=\"justify\"><span lang=\"FR\"><font face=\"Arial\">Nulle autre issue que la victoire ou le sacrifice <\/font><\/span><\/p>\n<p align=\"justify\"><span lang=\"FR\"><font face=\"Arial\">Le peuple veut faire tomber le r\u00e9gime! Un point de non-retour \u00e9tait franchi car les gens savaient que la dictature est vengeresse, sanguinaire et meurtri\u00e8re comme une b\u00eate sauvage. Ils savaient que la d\u00e9nonciation du dictateur et de sa famille ne leur sera pas pardonn\u00e9e, une ligne rouge a \u00e9t\u00e9 bafou\u00e9e, de sorte que l\u2019enjeu de la lutte se restreint, devient quitte ou double, sans autres issues que la victoire ou le sacrifice. Ce n\u2019\u00e9tait pas une bonne nouvelle pour le dictateur. <\/font><\/span><\/p>\n<p align=\"justify\"><span lang=\"FR\"><font face=\"Arial\">Il est bien connu \u00e0 travers le monde et tout au long de l\u2019histoire depuis Rome et la lutte d\u00e9sesp\u00e9r\u00e9e des esclaves, Berlin en 1918, Chili 1973 et Tunisie en 1978, bien des mouvements de r\u00e9voltes spontan\u00e9es et puissantes se font r\u00e9primer dans le sang et se font \u00e9touffer sans changer le cours des choses. <\/font><\/span><\/p>\n<p align=\"justify\"><span lang=\"FR\"><font face=\"Arial\">La spontan\u00e9it\u00e9 populaire charg\u00e9e d\u2019indignation, de r\u00e9volte et de d\u00e9sir d\u2019en finir avec l\u2019\u00e9tat des choses ne suffit pas toujours \u00e0 elle seule. La pr\u00e9sence des militants r\u00e9volutionnaires est une condition essentielle de r\u00e9ussite. Qu\u2019ils soient en groupe ou m\u00eame individuellement, ces militants font la diff\u00e9rence. Il n\u2019y a qu\u2019\u00e0 voir ce qui se d\u00e9roule en ce moment en Libye pour constater qu\u2019un \u00e9l\u00e9ment essentiel a manqu\u00e9 \u00e0 l\u2019insurrection spontan\u00e9e.<\/font><\/span><\/p>\n<p align=\"justify\">\u00a0<\/p>\n<p align=\"justify\"><span lang=\"FR\"><font face=\"Arial\">La jonction entre forces r\u00e9volt\u00e9es et forces r\u00e9volutionnaires <\/font><\/span><\/p>\n<p align=\"justify\"><span lang=\"FR\"><font face=\"Arial\">La chance historique de la Tunisie, c\u2019est la jonction parfaitement r\u00e9alis\u00e9e entre forces r\u00e9volt\u00e9es et forces r\u00e9volutionnaires \u00e0 l\u2019\u0153uvre depuis des d\u00e9cennies et qui n\u2019ont jamais c\u00e9d\u00e9 devant la dictature. Ce sont des hommes et des femmes de divers horizons politiques, syndicalistes, marxistes r\u00e9volutionnaires, Nahdaouis, communistes, islamistes, nationalistes arabes, ba\u00e2thistes, nass\u00e9ristes ou simples \u00ab\u00e9lectrons libres\u00bb assoiff\u00e9s de justice et de libert\u00e9 qui ont fusionn\u00e9 avec les masses en action. <\/font><\/span><\/p>\n<p align=\"justify\"><span lang=\"FR\"><font face=\"Arial\">Ces militants ont \u00e9t\u00e9 les sources lumineuses qui ont rayonn\u00e9 autour d\u2019elles, leur \u00e9clat ne s\u2019est jamais \u00e9teint malgr\u00e9 les ann\u00e9es de prison, la torture et de toutes les pers\u00e9cutions dont ils ont fait l\u2019objet sous le r\u00e9gime du dictateur. <\/font><\/span><\/p>\n<p align=\"justify\"><span lang=\"FR\"><font face=\"Arial\">On peut dire aujourd\u2019hui que si le peuple en r\u00e9volte constitue la chair de la r\u00e9volution tunisienne, les militants politiques \u00abprofessionnels\u00bb au sens l\u00e9niniste de ce mot, ont constitu\u00e9 la colonne vert\u00e9brale de la r\u00e9volution. C\u2019est l\u00e0 la chance de la Tunisie, une indignation g\u00e9n\u00e9ralis\u00e9e et un travail de r\u00e9sistance politique et d\u2019encadrement discret et efficace ont pouss\u00e9 les forces de la r\u00e9pression au d\u00e9sarroi et \u00e0 la panique au bout d\u2019une courte p\u00e9riode de temps. L\u2019appareil r\u00e9pressif devenait incapable de distinguer le corps de la t\u00eate du mouvement.<\/font><\/span><\/p>\n<p align=\"justify\"><span lang=\"FR\"><font face=\"Arial\">Incapable d\u2019identifier un groupe particulier de r\u00e9volutionnaires, de s\u00e9vir contre une formation sp\u00e9cifique ou un parti politique isol\u00e9 ou des meneurs qui se seront distingu\u00e9s, la r\u00e9pression a \u00e9t\u00e9 mise en \u00e9chec \u00e0 ce niveau bien pr\u00e9cis. <\/font><\/span><\/p>\n<p align=\"justify\"><span lang=\"FR\"><font face=\"Arial\">Aujourd\u2019hui, la contre-r\u00e9volution dit que la r\u00e9volution tunisienne n\u2019avait pas de dirigeants. Elle fait du d\u00e9ni, car ceux qui aujourd\u2019hui forment les comit\u00e9s de protection de la r\u00e9volution tunisienne sont ceux qui ont \u00e9t\u00e9 au c\u0153ur du mouvement, soutenant les masses du d\u00e9but jusqu\u2019\u00e0 la fin, pr\u00eats \u00e0 se sacrifier. Il ne sert \u00e0 rien d\u2019ignorer ce souffle chaud dans lequel le peuple, qui n\u2019est pas dupe, s\u2019est reconnu. \u00c0 la fusion parfaite entre les masses et les groupes r\u00e9volutionnaires tunisiens dans leur diversit\u00e9 s\u2019ajoute la force de l\u2019action simultan\u00e9e et g\u00e9n\u00e9ralis\u00e9e \u00e0 l\u2019ensemble du pays. Les syndicalistes r\u00e9volutionnaires ont ici jou\u00e9 un r\u00f4le cl\u00e9. <\/font><\/span><\/p>\n<p align=\"justify\"><span lang=\"FR\"><font face=\"Arial\">Bien entendu les r\u00e9gions mini\u00e8res Kasserine, Redeyef, Sidi Bouzid ont ind\u00e9niablement, avant tout le monde, exp\u00e9riment\u00e9 le mouvement. Elles \u00e9taient en lutte depuis au moins deux longues ann\u00e9es. Elles ont pay\u00e9 le prix fort de la r\u00e9volution. Mais quand le peuple et la jeunesse du pays en entier sont descendus dans les rues, c\u2019est partout et en en m\u00eame temps. Ceci rel\u00e8ve de l\u2019organisation concert\u00e9e plus que de l\u2019action spontan\u00e9e. C\u2019est cette action bien men\u00e9e qui a d\u00e9bord\u00e9 les capacit\u00e9s r\u00e9pressives de la dictature malgr\u00e9 leur \u00e9normit\u00e9.<\/font><\/span><\/p>\n<p align=\"justify\"><span lang=\"FR\"><font face=\"Arial\">Plus efficace par la suite \u00e9tait l\u2019encha\u00eenement des \u00e9tapes et des revendications qui ont eu pour effet de renforcer le mouvement jour apr\u00e8s jour jusqu\u2019\u00e0 la fuite du chef des truands. <\/font><\/span><\/p>\n<p align=\"justify\"><span lang=\"FR\"><font face=\"Arial\">Gloire au peuple, gloire aux r\u00e9volutionnaires tunisiens qui l\u2019ont anim\u00e9 avec d\u00e9vouement et humilit\u00e9.<\/font><\/span><\/p>\n<p align=\"justify\">\u00a0<\/p>\n<p align=\"justify\"><span lang=\"FR\"><font face=\"Arial\">Le parcours sans faute des r\u00e9sistants politiques <\/font><\/span><\/p>\n<p align=\"justify\"><span lang=\"FR\"><font face=\"Arial\">Il faut reconna\u00eetre aux organisations politiques r\u00e9sistantes un professionnalisme sans failles, une ma\u00eetrise incroyable du cours des \u00e9v\u00e8nements, une endurance admirable et un aboutissement salu\u00e9 par le monde entier. <\/font><\/span><\/p>\n<p align=\"justify\"><span lang=\"FR\"><font face=\"Arial\">La r\u00e9volution tunisienne a \u00e9t\u00e9 men\u00e9e par des moyens pacifiques qui n\u2019ont laiss\u00e9 aucune place \u00e0 la d\u00e9viation malgr\u00e9 la provocation des polices et malgr\u00e9 la violence des affrontements. R\u00e9p\u00e9tons-le, c\u2019\u00e9tait un travail inventif, in\u00e9dit, parfaitement adapt\u00e9 aux tactiques de l\u2019ennemi et \u00e0 ses strat\u00e9gies de terreur. <\/font><\/span><\/p>\n<p align=\"justify\"><span lang=\"FR\"><font face=\"Arial\">De cette \u00e9preuve tous doivent reconna\u00eetre et saluer la retenue et l\u2019effacement strat\u00e9gique pertinent des militants du parti Ennahdha. Ils ont coup\u00e9 l\u2019herbe sous les pieds de ceux qui auraient voulu se pr\u00e9senter comme les protecteurs de l\u2019Occident contre l\u2019islamisme et les talibans. <\/font><\/span><\/p>\n<p align=\"justify\"><span lang=\"FR\"><font face=\"Arial\">Mais le courant progressiste, en particulier les marxistes, le Pcot, les militants syndicaux de diverses branches, ces militants qui agissaient au niveau de la base populaire depuis de longues ann\u00e9es, tous se sont mis en retrait pour laisser la place \u00e0 la jeunesse et au peuple. <\/font><\/span><\/p>\n<p align=\"justify\"><span lang=\"FR\"><font face=\"Arial\">Voil\u00e0 qui les honore et leur fait gagner le respect et la reconnaissance de tous les Tunisiens et des Arabes en g\u00e9n\u00e9ral. <\/font><\/span><\/p>\n<p align=\"justify\"><span lang=\"FR\"><font face=\"Arial\">Lorsque le dictateur paniqu\u00e9 envoie ses tireurs sur les toits, c\u2019\u00e9tait le signe de son impuissance et de sa fin imminente, le peuple se rebelle, devient incontr\u00f4lable, c\u2019est lui qui prend le contr\u00f4le. <\/font><\/span><\/p>\n<p align=\"justify\"><span lang=\"FR\"><font face=\"Arial\">On entend aujourd\u2019hui les complices de l\u2019horrible dictateur, ses anciens serviteurs et ministres, le sang des martyrs n\u2019ayant pas encore s\u00e9ch\u00e9, r\u00e9\u00e9crire l\u2019histoire et se pr\u00e9senter comme ceux qui ont sauv\u00e9 le pays d\u2019un bain de sang. Le peuple et les forces r\u00e9volutionnaires qui ont consolid\u00e9 son action savent bien que le bain de sang a bien eu lieu contre le peuple, avec pr\u00e8s de 300 martyrs. Que les Destouriens aient la d\u00e9cence ou l\u2019ind\u00e9cence de ne plus se pr\u00e9senter en sauveurs de qui que ce soit ou de quoi que ce soit. Ils sont, pour le moins, les complices actifs de la terreur qui a submerg\u00e9 le pays pour une dur\u00e9e de vingt ans sans que cela d\u00e9range leur sens du respect des vies humaines dont ils se r\u00e9clament aujourd\u2019hui. <\/font><\/span><\/p>\n<p align=\"justify\"><span lang=\"FR\"><font face=\"Arial\">Les r\u00e9volutionnaires tunisiens, comme les fr\u00e8res \u00e9gyptiens, libyens, y\u00e9m\u00e9nites et les autres, n\u2019ont pas fini de surprendre tout le monde, ils sauront mettre en place les ressources et les strat\u00e9gies qui prot\u00e9geront la r\u00e9volution et garderont l\u2019initiative aux mains du peuple. <\/font><\/span><\/p>\n<p align=\"justify\">\u00a0<\/p>\n<p align=\"justify\"><span lang=\"FR\"><font face=\"Arial\">* Analyste en politiques publiques vivant au Canada.<\/font><\/span><\/p>\n<p align=\"justify\"><span lang=\"FR\"><font face=\"Arial\">rihaniab@yahoo.ca<\/font><\/span><\/p>\n<p align=\"justify\"><span lang=\"FR\"><font face=\"Arial\">Source : \u00ab Kapitalis \u00bb Le 15-04-2011<\/font><\/span><\/p>\n<div>\n<p align=\"justify\"><span lang=\"FR\"><font face=\"Arial\">Lien : <\/font><a href=\"http:\/\/www.kapitalis.com\/afkar\/68-tribune\/3531-la-revolution-tunisienne-mode-demploi-.html\" target=\"_blank\" rel=\"noopener\"><font face=\"Arial\">http:\/\/www.kapitalis.com\/afkar\/68-tribune\/3531-la-revolution-tunisienne-mode-demploi-.html<\/font><\/a><\/span><\/p>\n<\/div>\n<p align=\"center\"><b><span lang=\"FR\"><a href=\"http:\/\/www.jeuneafrique.com\/Article\/ARTJAWEB20110415121727\/islamistes-droits-de-l-homme-mohamed-ghannouchi-hosni-moubarakben-jaafar-l-ineligibilite-des-responsables-du-rcd-est-primordiale-pour-apaiser-l-opinion-tunisienne.html\" target=\"_blank\" rel=\"noopener\"><\/p>\n<p><font face=\"Arial\">Ben Jaafar : \u00ab\u00a0L&rsquo;in\u00e9ligibilit\u00e9 des responsables du RCD est primordiale pour apaiser l&rsquo;opinion tunisienne\u00a0\u00bb<\/font><\/p>\n<p><\/a> <\/span><\/b><\/p>\n<hr\/>\n<p>\u00a0<\/p>\n<p align=\"justify\">\u00a0<\/p>\n<p align=\"justify\"><b><span lang=\"FR\"><font face=\"Arial\">Rencontre avec le Tunisien Mustapha Ben Jaafar, secr\u00e9taire g\u00e9n\u00e9ral du Forum d\u00e9mocratique pour le travail et les libert\u00e9s.<\/font><\/span><\/b><\/p>\n<p align=\"justify\"><span lang=\"FR\"><font face=\"Arial\">N\u00e9 en 1940,<\/font><font><a href=\"http:\/\/www.jeuneafrique.com\/Articles\/Dossier\/ARTJAJA2613p020-025.xml1\/tunisie-ben-ali-zine-el-abidine-ben-ali-interviewmustapha-ben-jaafar-on-ne-sait-pas-a-quoi-va-ressembler-la-nouvelle-tunisie.html\" target=\"_blank\" rel=\"noopener\"><font face=\"Arial\">Mustapha Ben Jaafar <\/font><\/a><font face=\"Arial\">a fait ses premi\u00e8res armes politiques d\u00e8s les ann\u00e9es 1960, dans les rangs du N\u00e9o-Destour. Entr\u00e9 en dissidence en 1970, il est devenu une figure de l\u2019opposition \u00e0 Bourguiba puis \u00e0 Ben Ali, militant sans rel\u00e2che pour la d\u00e9fense des droits de l\u2019homme. En 2009, sa candidature \u00e0 la derni\u00e8re \u00e9lection pr\u00e9sidentielle a \u00e9t\u00e9 <\/font><a href=\"http:\/\/www.jeuneafrique.com\/Article\/ARTJAJA2543p042-043.xml0\/\" target=\"_blank\" rel=\"noopener\"><font face=\"Arial\">invalid\u00e9e pour vice de forme<\/font><\/a><font face=\"Arial\">. Nomm\u00e9 ministre de la Sant\u00e9 publique dans le gouvernement de Mohamed Ghannouchi le 17 janvier 2011, il en d\u00e9missionne le lendemain pour protester contre la pr\u00e9sence de trop nombreux coll\u00e8gues issus du Rassemblement constitutionnel d\u00e9mocratique (RCD), l\u2019ancien parti au pouvoir. Le 7 avril dernier, le secr\u00e9taire g\u00e9n\u00e9ral du FDTL \u00e9tait \u00e0 Paris pour pr\u00e9senter son projet politique aux Tunisiens de France. Il a expos\u00e9 \u00e0 jeuneafrique.com sa vision de la transition d\u00e9mocratique en cours en <\/font><a href=\"http:\/\/www.jeuneafrique.com\/pays\/tunisie\/tunisie.asp\" target=\"_blank\" rel=\"noopener\"><font face=\"Arial\">Tunisie<\/font><\/a><\/font><font face=\"Arial\">.<\/font><\/span><\/p>\n<p align=\"justify\"><b><span lang=\"FR\"><font face=\"Arial\">Jeuneafrique.com : Le processus de transition se d\u00e9roule-t-il conform\u00e9ment \u00e0 vos souhaits ?<\/font><\/span><\/b><\/p>\n<p align=\"justify\"><font face=\"Arial\"><b><span lang=\"FR\"><font>Mustapha Ben Jaafar :<\/font><\/span><\/b><span lang=\"FR\"><font> Apr\u00e8s un grand coup de tonnerre dans le pays &#8211; que personne ne pr\u00e9voyait, mais que tout le monde esp\u00e9rait -, certaines attentes ne sont toujours pas satisfaites. Les gens d\u00e9sirent le changement et, apr\u00e8s avoir tant patient\u00e9, ils veulent des r\u00e9sultats tout de suite. D\u2019o\u00f9 ces cafouillages, cette r\u00e9bellion quasi permanente qui prend diff\u00e9rentes formes et entretient une certaine ins\u00e9curit\u00e9. D\u2019un autre c\u00f4t\u00e9, il y a des \u00e9l\u00e9ments rassurants : la maturit\u00e9 de la classe politique, celle des acteurs de la r\u00e9volution, et l\u2019\u00e9tablissement d\u2019un agenda pr\u00e9cis pour l\u2019\u00e9lection de la Constituante par le<\/font><a href=\"http:\/\/www.jeuneafrique.com\/Article\/ARTJAJA2621p058-063.xml0\/algerie-france-maroc-libyebeji-caid-essebsi-la-revolution-ce-n-est-pas-la-democratie.html\" target=\"_blank\" rel=\"noopener\"><font>gouvernement de M. Ca\u00efd Essebsi.<\/font><\/a><\/span><\/font><\/p>\n<p align=\"justify\"><span lang=\"FR\"><font face=\"Arial\">L\u2019existence d\u2019une instance regroupant l\u2019essentiel des forces politiques, associatives, syndicales, des personnalit\u00e9s ind\u00e9pendantes, des repr\u00e9sentants des r\u00e9gions, est \u00e9galement de bon augure. Par la suite, la mise en place d\u2019une commission ind\u00e9pendante de supervision des \u00e9lections permettra que l\u2019organisation du scrutin \u00e9chappe enfin au <\/font><font><a href=\"http:\/\/www.jeuneafrique.com\/Article\/ARTJAJA2620p047.xml0\/\" target=\"_blank\" rel=\"noopener\"><font face=\"Arial\">minist\u00e8re de l\u2019Int\u00e9rieur<\/font><\/a><\/font><font face=\"Arial\">, aussi habile \u00e0 respecter les calendriers qu\u2019\u00e0 falsifier les r\u00e9sultats.<\/font><\/span><\/p>\n<p align=\"justify\"><b><span lang=\"FR\"><font face=\"Arial\">Quelles mesures d\u2019urgence doivent \u00eatre prises pour rem\u00e9dier \u00e0 la situation \u00e9conomique et sociale ?<\/font><\/span><\/b><\/p>\n<p align=\"justify\"><span lang=\"FR\"><font face=\"Arial\">Le premier et le second gouvernement de M. Ghannouchi ont failli dans leurs t\u00e2ches car ils n\u2019ont pas su r\u00e9tablir une indispensable confiance. Le retour \u00e0 la s\u00e9curit\u00e9 et \u00e0 la stabilit\u00e9 est essentiel pour la reprise \u00e9conomique, d\u2019autant plus que nous sommes \u00e0 la veille de la saison touristique. Le gouvernement a aussi pris un certain nombre de mesures d\u2019urgence en offrant 40 000 emplois qui, r\u00e9partis dans la transparence et sans client\u00e9lisme, pourront r\u00e9duire les tensions. Pour la suite, c\u2019est tout un programme : le syst\u00e8me Ben Ali a laiss\u00e9 une situation tellement catastrophique, que nous allons avoir besoin d\u2019un v\u00e9ritable plan de redressement social et \u00e9conomique pour lutter contre la pauvret\u00e9, l\u2019analphab\u00e9tisme, le ch\u00f4mage des jeunes et la corruption qui est le cancer de notre \u00e9conomie.<\/font><\/span><\/p>\n<p align=\"justify\"><b><span lang=\"FR\"><font face=\"Arial\">Que vous inspire le gouvernement actuel ?<\/font><\/span><\/b><\/p>\n<p align=\"justify\"><span lang=\"FR\"><font face=\"Arial\">Notre pr\u00e9jug\u00e9 est favorable. Le gouvernement Essebsi a tout de suite annonc\u00e9 trois actes majeurs. <\/font><font><a href=\"http:\/\/www.jeuneafrique.com\/Article\/ARTJAWEB20110328165429\/\" target=\"_blank\" rel=\"noopener\"><font face=\"Arial\">La dissolution du RCD<\/font><\/a><\/font><font face=\"Arial\"> et celle de la police politique. Il a aussi accept\u00e9 qu\u2019une instance regroupant toutes les composantes de la soci\u00e9t\u00e9 civile pilote cette transition. M. Ghannouchi voulait conduire tout seul la machine : c\u2019\u00e9tait le syst\u00e8me Ben Ali maquill\u00e9, comme si la parenth\u00e8se de la r\u00e9volution avait \u00e9t\u00e9 d\u00e9finitivement ferm\u00e9e.<\/font><\/span><\/p>\n<p align=\"justify\"><b><span lang=\"FR\"><font face=\"Arial\">Comment percevez-vous la prolif\u00e9ration de nouveaux partis politiques ?<\/font><\/span><\/b><\/p>\n<p align=\"justify\"><span lang=\"FR\"><font face=\"Arial\">Le pluripartisme est indispensable, mais il faut pouvoir clairement discerner les partis et leurs projets. Malheureusement, plus il y en a et moins le champ politique a de visibilit\u00e9. Dans toutes les transitions d\u00e9mocratiques, on assiste \u00e0 une prolif\u00e9ration semblable : toutes les ambitions, y compris personnelles, s\u2019expriment. Cela m\u2019ennuie, mais ne m\u2019inqui\u00e8te pas. Le test \u00e9lectoral va mettre de l\u2019ordre en montrant lesquels ont une v\u00e9ritable repr\u00e9sentativit\u00e9.<\/font><\/span><\/p>\n<p align=\"justify\"><b><span lang=\"FR\"><font face=\"Arial\">Certains de ces partis seraient des \u00e9manations de feu le RCD\u2026<\/font><\/span><\/b><\/p>\n<p align=\"justify\"><span lang=\"FR\"><font face=\"Arial\">Il y a des anciens du RCD qui ont, d\u2019une mani\u00e8re tr\u00e8s claire, d\u00e9pos\u00e9 des statuts pour cr\u00e9er des partis et ont obtenu des autorisations. Je le regrette : j\u2019aurai voulu qu\u2019ils aient la d\u00e9cence de se faire oublier quelques temps, mais ils ne l\u2019ont pas fait. Dans d&rsquo;autres transitions d\u00e9mocratiques, des lois ont fix\u00e9 des d\u00e9lais d\u2019in\u00e9ligibilit\u00e9. C\u2019est primordial pour apaiser l\u2019opinion et pour que la transition d\u00e9mocratique s\u2019engage dans les meilleurs conditions. [Depuis cette interview, <\/font><font><a href=\"http:\/\/www.jeuneafrique.com\/Article\/ARTJAWEB20110412120653\/islamistes-parite-ben-ali-rcdconstituante-tunisienne-oui-a-la-parite-non-au-rcd.html\" target=\"_blank\" rel=\"noopener\"><font face=\"Arial\">les dirigeants du RCD ont \u00e9t\u00e9 exclus de la future Constituante<\/font><\/a><\/font><font face=\"Arial\">, NDLR]<\/font><\/span><\/p>\n<p align=\"justify\"><b><span lang=\"FR\"><font face=\"Arial\">Quelles sont les ambitions du FDTL dans ce paysage politique recompos\u00e9 ?<\/font><\/span><\/b><\/p>\n<p align=\"justify\"><span lang=\"FR\"><font face=\"Arial\">Le FDTL est un ancien parti dont les fondateurs ont milit\u00e9 contre le syst\u00e8me de Bourguiba, puis contre Ben Ali avec encore plus d\u2019\u00e9nergie. Ils en ont pay\u00e9 le prix. Le FDTL a toujours \u00e9t\u00e9 intransigeant sur la question des libert\u00e9s et nous avons \u00e9t\u00e9 parmi les premiers \u00e0 pr\u00f4ner la d\u00e9mocratie, quand celle-ci \u00e9tait consid\u00e9r\u00e9e comme un concept bourgeois et import\u00e9. Nous esp\u00e9rons aujourd\u2019hui que les sacrifices faits ces vingt derni\u00e8res ann\u00e9es porteront leurs fruits et que le peuple tunisien suivra le projet social que nous avons toujours d\u00e9fendu : un projet pour une soci\u00e9t\u00e9 moderne, ouverte et attach\u00e9e aux valeurs universelles des droits de l\u2019homme.<\/font><\/span><\/p>\n<p align=\"justify\"><b><span lang=\"FR\"><font face=\"Arial\">Comment voyez-vous le retour des islamistes sur la sc\u00e8ne politique ?<\/font><\/span><\/b><\/p>\n<p align=\"justify\"><span lang=\"FR\"><font face=\"Arial\">Nous avons toujours \u00e9t\u00e9 intransigeants sur la question des libert\u00e9s. Nous pensons qu\u2019elles sont indivisibles et, d\u00e8s les ann\u00e9es 1990, nous avons \u00e9t\u00e9 les premiers \u00e0 d\u00e9fendre l\u2019id\u00e9e que les <\/font><font><a href=\"http:\/\/www.jeuneafrique.com\/Article\/ARTJAWEB20110214115121\/\" target=\"_blank\" rel=\"noopener\"><font face=\"Arial\">militants d\u2019Ennahdha<\/font><\/a><font face=\"Arial\"> aient le droit de s\u2019organiser et de s\u2019exprimer exactement comme n\u2019importe quel autre groupe de citoyens, pour peu qu\u2019ils acceptent la r\u00e8gle d\u00e9mocratique et de l\u2019\u00c9tat de droit. Certes, nous ne sommes pas porteurs du m\u00eame projet, mais les \u00e9changes que nous avons eus avec eux nous ont montr\u00e9 qu\u2019ils avaient \u00e9volu\u00e9. Ils ont sign\u00e9 des chartes affirmant leur respect du Code du statut personnel [CSP], un acquis qu\u2019il ne faut \u00e0 aucun prix remettre en question. Malheureusement <\/font><a href=\"http:\/\/www.jeuneafrique.com\/Article\/ARTJAWEB20110214115121\/\" target=\"_blank\" rel=\"noopener\"><font face=\"Arial\">un certain nombre de d\u00e9rapages sur le terrain nous inqui\u00e8tent<\/font><\/a><\/font><font face=\"Arial\"> : il y a beaucoup d\u2019incidents qui pourraient, par leurs r\u00e9p\u00e9titions, nous inciter \u00e0 croire qu\u2019ils ont un double langage.<\/font><\/span><\/p>\n<p align=\"justify\"><span lang=\"FR\"><font face=\"Arial\">En outre, la d\u00e9mocratie, c\u2019est avant tout le respect des droits des minorit\u00e9s et certainement pas la dictature de la majorit\u00e9. Seule la pratique va nous montrer si les responsables d\u2019Ennahdha vont respecter cette r\u00e8gle. S\u2019ils remettent tout en question une fois majoritaires, ils ne seront pas des d\u00e9mocrates mais des putschistes.<\/font><\/span><\/p>\n<p align=\"justify\"><b><span lang=\"FR\"><font face=\"Arial\">L\u2019UGTT dont vous \u00eates proche pourrait fonder un parti travailliste, que vous inspire cette perspective ?<\/font><\/span><\/b><\/p>\n<p align=\"justify\"><span lang=\"FR\"><font face=\"Arial\">L\u2019<\/font><font><a href=\"http:\/\/www.jeuneafrique.com\/Articles\/Dossier\/ARTJAJA2613p026-029.xml2\/mohamed-ghannouchi-zine-el-abidine-ben-ali-reforme-habib-bourguibale-facteur-ugtt-dans-l-apres-revolution.html\" target=\"_blank\" rel=\"noopener\"><font face=\"Arial\">UGTT n\u2019est pas homog\u00e8ne sur la question politique<\/font><\/a><\/font><font face=\"Arial\"> : elle est tr\u00e8s diverse. Chaque membre du syndicat votera pour le parti dont il se sentira le plus proche. En ce qui nous concerne, je suis moi-m\u00eame un ancien syndicaliste, et parmi les responsables du FDTL, de nombreux camarades l\u2019ont \u00e9t\u00e9. Il y a certainement beaucoup de syndicalistes qui nous soutiendront \u00e9lectoralement. Enfin, ce parti travailliste, qui ne repr\u00e9sentera pas toute l\u2019UGTT, pourrait int\u00e9grer une alliance que nous envisagerons pour les \u00e9lections.<\/font><\/span><\/p>\n<p align=\"justify\"><b><span lang=\"FR\"><font face=\"Arial\">Quel est votre projet personnel pour la pr\u00e9sidentielle ?<\/font><\/span><\/b><\/p>\n<p align=\"justify\"><span lang=\"FR\"><font face=\"Arial\">Je n\u2019ai pas l\u2019obsession du palais de Carthage : j\u2019aurais pu acc\u00e9der au gouvernement \u00e0 l\u2019\u00e2ge de 30 ans et depuis 40 ans je ne l\u2019ai pas fait ! J\u2019attends de savoir quel sera le mode de scrutin et surtout le syst\u00e8me politique qui sera adopt\u00e9 par la <\/font><font><a href=\"http:\/\/www.jeuneafrique.com\/Article\/ARTJAWEB20110412120653\/islamistes-parite-ben-ali-rcdconstituante-tunisienne-oui-a-la-parite-non-au-rcd.html\" target=\"_blank\" rel=\"noopener\"><font face=\"Arial\">Constituante<\/font><\/a><\/font><font face=\"Arial\"> : r\u00e9gime pr\u00e9sidentiel, parlementaire ou mixte. J\u2019opterai personnellement pour un r\u00e9gime o\u00f9 les pouvoirs seraient r\u00e9partis \u00e9quitablement entre le chef de l\u2019\u00c9tat, le chef du gouvernement et le Parlement. Selon la formule adopt\u00e9e, nous verrons dans quel cr\u00e9neau inscrire la strat\u00e9gie du FDTL qui sera bien s\u00fbr collectivement discut\u00e9e et adopt\u00e9e.<\/font><\/span><\/p>\n<p align=\"justify\"><b><span lang=\"FR\"><font face=\"Arial\">Que vous inspirent les r\u00e9volutions p\u00e9riph\u00e9riques ?<\/font><\/span><\/b><\/p>\n<p align=\"justify\"><span lang=\"FR\"><font face=\"Arial\">Je suis avant tout tr\u00e8s fier que ce message de libert\u00e9 et de dignit\u00e9 soit parti de Tunisie. Mais, en m\u00eame temps, ce qui se passe en <\/font><font><a href=\"http:\/\/www.jeuneafrique.com\/pays\/libye\/libye.asp\" target=\"_blank\" rel=\"noopener\"><font face=\"Arial\">Libye<\/font><\/a><\/font><font face=\"Arial\"> me fait peur : je crains que le prix du changement, d\u00e9j\u00e0 tr\u00e8s lourd, ne le devienne encore plus. Je crains aussi que l\u2019intervention \u00e9trang\u00e8re, venue dans l\u2019urgence pour soulager ce peuple meurtri, ne se transforme en occupation.<\/font><\/span><\/p>\n<p align=\"justify\"><span lang=\"FR\"><font face=\"Arial\">L\u2019exemple \u00e9gyptien, bien qu\u2019il pr\u00e9sente des similitudes avec le cas tunisien, me semble aussi tr\u00e8s diff\u00e9rent : je ne pense pas que ce soit une vraie r\u00e9volution. Moubarak est parti, mais l\u2019arm\u00e9e, qui a toujours d\u00e9tenu l\u2019essentiel du pouvoir en <\/font><font><a href=\"http:\/\/www.jeuneafrique.com\/pays\/egypte\/egypte.asp\" target=\"_blank\" rel=\"noopener\"><font face=\"Arial\">\u00c9gypte<\/font><\/a><\/font><font face=\"Arial\">, est toujours l\u00e0. J\u2019esp\u00e8re qu\u2019elle tirera les le\u00e7ons de la r\u00e9volte pour engager de v\u00e9ritables r\u00e9formes et instaurer un r\u00e9gime d\u00e9mocratique au service du peuple.<\/font><\/span><\/p>\n<p align=\"justify\"><b><span lang=\"FR\"><font face=\"Arial\">Quel est message votre \u00e0 l\u2019intention de la jeunesse arabe et africaine ?<\/font><\/span><\/b><\/p>\n<p align=\"justify\"><span lang=\"FR\"><font face=\"Arial\">Qu\u2019elle prenne en main son avenir : l\u2019exemple de la jeunesse tunisienne nous a surpris car on a longtemps pens\u00e9 qu\u2019elle se d\u00e9sint\u00e9ressait totalement de la chose publique et n\u2019\u00e9tait avide que de loisirs. Elle a prouv\u00e9 le contraire. J\u2019esp\u00e8re que la jeunesse arabe et africaine va continuer sur ce m\u00eame chemin, qu\u2019elle l\u00e8vera la t\u00eate d\u00e9finitivement et n\u2019aura plus peur des dictateurs. Il faut que cette nouvelle g\u00e9n\u00e9ration extraordinaire acc\u00e8de aux responsabilit\u00e9s et qu\u2019elle s\u2019y pr\u00e9pare.<\/font><\/span><\/p>\n<p align=\"justify\"><span lang=\"FR\"><font face=\"Arial\">Source : \u00ab Jeune Afrique \u00bb Le 15-04-2011<\/font><\/span><\/p>\n<div>\n<p align=\"justify\"><span lang=\"FR\"><font face=\"Arial\">Lien : <\/font><a href=\"http:\/\/www.jeuneafrique.com\/Article\/ARTJAWEB20110415121727\/islamistes-droits-de-l-homme-mohamed-ghannouchi-hosni-moubarakben-jaafar-l-ineligibilite-des-responsables-du-rcd-est-primordiale-pour-apaiser-l-opinion-tunisienne.html\" target=\"_blank\" rel=\"noopener\"><font face=\"Arial\">http:\/\/www.jeuneafrique.com\/Article\/ARTJAWEB20110415121727\/islamistes-droits-de-l-homme-mohamed-ghannouchi-hosni-moubarakben-jaafar-l-ineligibilite-des-responsables-du-rcd-est-primordiale-pour-apaiser-l-opinion-tunisienne.html<\/font><\/a><\/span><\/p>\n<\/div>\n<p align=\"center\"><b><span lang=\"EN-US\"><\/p>\n<h3 style=\"color: blue;\"><font face=\"Arial\">Paysage audiovisuel tunisien: Le vide pour avoir les mains libres<\/font><\/h3>\n<p> <\/span><\/b><\/p>\n<hr\/>\n<p>\u00a0<\/p>\n<p align=\"justify\">\u00a0<\/p>\n<p align=\"justify\"><span lang=\"EN-US\"><font face=\"Arial\">Le clan des Ben Ali-Trabelsi a fabriqu\u00e9 un audiovisuel bien \u00e0 lui. En favorisant un vide juridique et institutionnel qui lui a permis d\u2019octroyer les fr\u00e9quences \u00e0 qui il souhaite et de signer des \u201cconventions\u201d pour l\u2019\u00e9dition d\u2019un service de radiodiffusion avec qui il entend. C\u2019est le propos de ce premier article sur le paysage audiovisuel tunisien. <\/font><\/span><\/p>\n<p align=\"justify\"><font face=\"Arial\"><span lang=\"EN-US\"><font>\u201cJe leur souhaite bien du courage\u201d. La r\u00e9flexion est d\u2019un consultant en audiovisuel. Faite \u00e0 l\u2019endroit des travaux du r\u00e9cent atelier (9-10 avril 2011) organis\u00e9, \u00e0 Tunis, sur \u201cLa r\u00e9forme des m\u00e9dias audiovisuels\u201d et qui a mis en exergue l\u2019\u00e9tendue des proc\u00e9d\u00e9s et manoeuvres entreprises sous l\u2019ancien r\u00e9gime ainsi que les initiatives \u00e0 prendre, les projets \u00e0 mener et les changements \u00e0 apporter au niveau du paysage audiovisuel tunisien. <\/font><\/span><span lang=\"NO-BOK\"><font>Lequel a souffert, \u00e0 l\u2019instar de nombreux autres secteurs de la vie nationale, du despotisme tout le long du r\u00e8gne du pr\u00e9sident d\u00e9chu, Ben Ali.<\/font><\/span><\/font><\/p>\n<p align=\"justify\"><span lang=\"NO-BOK\"><font face=\"Arial\">L\u2019audiovisuel tunisien a souffert d\u2019un vide juridique orchestr\u00e9 du reste par clan Ben Ali-Trabelsi afin d\u2019avoir les coud\u00e9es tranches au sens large du terme. <\/font><\/span><\/p>\n<p align=\"justify\"><font face=\"Arial\"><span lang=\"NO-BOK\"><font>Force est de constater, d\u2019abord, que le monopole a disparu en Tunisie avec la promulgation du Code des t\u00e9l\u00e9communications de janvier 2001. <\/font><\/span><span lang=\"EN-US\"><font>Ce texte dit dans son article 4 que \u201csont abrog\u00e9s toutes les dispositions ant\u00e9rieures, contraires aux dispositions\u201d du Code des T\u00e9l\u00e9communications qui a pour objet l\u2019organisation de cinq activit\u00e9s dont celle de \u201cla fourniture des services de t\u00e9l\u00e9diffusion\u201d ( Article 1). <\/font><\/span><\/font><\/p>\n<p align=\"justify\"><b><span lang=\"EN-US\"><font face=\"Arial\">Barrer la route aux candidatures \u201cmalvenues\u201d<\/font><\/span><\/b><\/p>\n<p align=\"justify\"><span lang=\"EN-US\"><font face=\"Arial\">Une activit\u00e9 qui est d\u00e9finie ainsi: \u201cservices des t\u00e9l\u00e9communications assurant la transmission et la diffusion des programmes radiophoniques et t\u00e9l\u00e9visuels au moyen des fr\u00e9quences radio\u00e9lectriques\u201d (Article 2). Ce qui veut bien dire que le monopole de radiodiffusion sonore et visuelle, institu\u00e9, le 25 juillet 1957, par le bey de Tunisie, Mohamed Lamine, n\u2019a plus droit de cit\u00e9.br&gt; Restons au niveau de ce Code pour souligner qu\u2019il institue une nouvelle structure, l\u2019Agence Nationale des Fr\u00e9quences (ANF) (Article 47) qui a pour t\u00e2che notamment d\u2019accorder des fr\u00e9quences conform\u00e9ment \u00e0 \u201dun plan national des fr\u00e9quences radio\u00e9lectriques\u201d (Article 46). <\/font><\/span><\/p>\n<p align=\"justify\"><span lang=\"EN-US\"><font face=\"Arial\">Il s\u2019agit l\u00e0, notent des observateurs, d\u2019un premier verrou institu\u00e9 par l\u2019ancien r\u00e9gime pour barrer la route aux candidatures \u201cmalvenues\u201d. Et l\u2019argument est pratiquement le m\u00eame, notamment lorsqu\u2019il s\u2019agit d\u2019accorder une fr\u00e9quence pour une cha\u00eene de t\u00e9l\u00e9vision sur le r\u00e9seau terrestre: \u201cLa Tunisie ne poss\u00e8de pas pour l\u2019heure de fr\u00e9quence disponible\u201d. <\/font><\/span><\/p>\n<p align=\"justify\"><span lang=\"EN-US\"><font face=\"Arial\">Cela est le c\u00f4t\u00e9 b\u00e2ton. Pour la carotte, un autre discours a vu le jour ces derni\u00e8res ann\u00e9es: \u201cNous verrons mieux avec la TNT (T\u00e9l\u00e9vison Num\u00e9rique Terreste) qui permettra la mise en place de nouvelles fr\u00e9quences\u201d. <\/font><\/span><\/p>\n<p align=\"justify\"><span lang=\"EN-US\"><font face=\"Arial\">Le second verrou? Aucun d\u00e9cret, arr\u00eat\u00e9, d\u00e9cision, ni circulaire et ni aucune structure ne sont venus mettre de l\u2019ordre dans cette \u201ctransmission et diffusion des programmes radiophoniques et t\u00e9l\u00e9visuels au moyen des fr\u00e9quences radio\u00e9lectriques\u201d. En somme, un vide juridique et institutionnel qui ne favorise aucun pas en direction de la \u201clib\u00e9ration de l\u2019initiative dans l\u2019audiovisuel tunisien\u201d longtemps pr\u00e9sent\u00e9e comme une r\u00e9ussite par l\u2019ancien r\u00e9gime. <\/font><\/span><\/p>\n<p align=\"justify\"><span lang=\"EN-US\"><font face=\"Arial\">L\u2019amendement du Code des t\u00e9l\u00e9communications en 2008 n\u2019a du reste rien apport\u00e9 au niveau des \u201cservices des t\u00e9l\u00e9communications assurant la transmission et la diffusion des programmes radiophoniques et t\u00e9l\u00e9visuels au moyen des fr\u00e9quences radio\u00e9lectriques\u201d cit\u00e9s plus haut sinon de permettre \u00e0 l\u2019ONT (Office National de T\u00e9l\u00e9diffusion) de louer sa capacit\u00e9 exc\u00e9dentaire de transmission\u201d au profit d\u2019op\u00e9rateurs t\u00e9l\u00e9com\u201d. L\u2019ONT ayant b\u00e9n\u00e9fici\u00e9 dans le Code de 2001 d\u2019une concession pour l\u2019exploitation des r\u00e9seaux et services des t\u00e9l\u00e9communications\u201d (Article 91). <\/font><\/span><\/p>\n<p align=\"justify\"><span lang=\"EN-US\"><font face=\"Arial\">Un vide juridique et institutionnal qui a permis d\u2019avoir les mains libres en mati\u00e8re de cr\u00e9ation de cha\u00eenes radio et t\u00e9l\u00e9vision. En effet, alors que les demandes s\u2019entassaient sur les bureaux des responsables des minist\u00e8res et de la Communication et des Technologies de la Communication, entre lesquels les promoteurs faisaient des allers-retours du fait du \u201cce n\u2019est pas moi, c\u2019est l\u2019autre\u201d, des \u201cconventions\u201d \u00e9taient sign\u00e9es avec certains autres promoteurs.<\/font><\/span><\/p>\n<p align=\"justify\"><span lang=\"EN-US\"><font face=\"Arial\">Cinq radios et trois cha\u00eenes de t\u00e9l\u00e9vision ont b\u00e9n\u00e9fici\u00e9 de cette \u201cmanoeuvre\u201d. Mosa\u00efque Fm, Radio Ezzitouna du Saint Coran, Jawhara Fm, Shems Fm et Express Fm (pour les stations de radio) et Hannibal Tv et Nessma Tv (pour les cha\u00eenes de t\u00e9l\u00e9vison) depuis novembre 2003, date de la \u201clib\u00e9ration des ondes\u201d en Tunisie. <\/font><\/span><\/p>\n<p align=\"justify\"><font face=\"Arial\"><span lang=\"NO-BOK\"><font>Inutile de pr\u00e9ciser que certains de ces m\u00e9dias sont la propri\u00e9t\u00e9 de personnes proches du clan Ben Ali-Trabelsi, lorsqu\u2019ils ne sont pas la propri\u00e9t\u00e9 (en totalit\u00e9 ou en partie) de membres de ce clan.<\/font><\/span><span lang=\"EN-US\"><font>Ce qui n\u2019a pas emp\u00each\u00e9, toutefois, l\u2019ancien r\u00e9gime de leur imposer des r\u00e8gles de fonctionnement et un contr\u00f4le bien stricts. <\/font><\/span><\/font><\/p>\n<p align=\"justify\"><span lang=\"EN-US\"><font face=\"Arial\">Source: \u201cwmc\u201d Le 15-04-2011<\/font><\/span><\/p>\n<div>\n<p align=\"justify\"><font face=\"Arial\"><span lang=\"NO-BOK\"><font>Lien: <\/font><\/span><span lang=\"EN-US\"><a href=\"http:\/\/www.webmanagercenter.com\/management\/article-104645-paysage-audiovisuel-tunisien-le-vide-pour-avoir-les-mains-libres\" target=\"_blank\" rel=\"noopener\"><span lang=\"NO-BOK\"><font>http:\/\/www.webmanagercenter.com\/management\/article-104645-paysage-audiovisuel-tunisien-le-vide-pour-avoir-les-mains-libres<\/font><\/span><\/a><\/span><\/font><\/p>\n<\/div>\n<p align=\"center\"><b><span lang=\"EN-US\"><\/p>\n<h4 style=\"color: blue;\"><font face=\"Arial\">A Sfax : Le niqab fait son entr\u00e9e parmi les enseignantes universitaires<\/font><\/h4>\n<p> <\/span><\/b><\/p>\n<hr\/>\n<p>\u00a0<\/p>\n<p align=\"justify\"><span lang=\"EN-US\"><font face=\"Arial\">Une enseignante universitaire \u00e0 Sfax est all\u00e9e dispenser ses cours en portant le niqab, rapporte le journal \u00e9lectronique tunisien Tuniscope. Une premi\u00e8re en Tunisie o\u00f9 m\u00eame le voile \u00e9tait interdit dans les enceintes scolaires et universitaires depuis des ann\u00e9es.  Les \u00e9tudiants ont cependant refus\u00e9 ce costume totalement \u00e9tranger \u00e0 nos us et coutumes et ont quitt\u00e9 la salle, pr\u00e9cise Tuniscope.   Il y a lieu de s\u2019interroger, dans cette Tunisie nouvelle, sur les libert\u00e9s individuelles de certains et notamment les enseignants. Peut-on se pr\u00e9senter nu \u00e0 l\u2019\u00e9cole sous pr\u00e9texte de libert\u00e9 ?  Une enseignante portant le niqab cherche-t-elle \u00e0 choquer ses \u00e9tudiants ou pense-t-elle s\u00e9rieusement que ses mains et son visage vont susciter des pulsions sexuelles parmi ses \u00e9tudiants ? Dans un cas comme dans l\u2019autre, il y a de quoi s\u2019inqui\u00e9ter pour nos \u00e9tudiants de cet \u00e9tat d\u2019esprit.<\/font><\/span><\/p>\n<p align=\"justify\"><span lang=\"EN-US\"><font face=\"Arial\">Source: \u201cBusiness News\u201d Le 15-04-2011<\/font><\/span><\/p>\n<div>\n<p align=\"justify\"><span lang=\"NO-BOK\"><font face=\"Arial\">Lien: <\/font><font><a href=\"http:\/\/www.businessnews.com.tn\/A-Sfax--Le-niqab-fait-son-entr\u00e9e-parmi-les-enseignantes-universitaires,520,24361,1\" target=\"_blank\" rel=\"noopener\"><font face=\"Arial\">http:\/\/www.businessnews.com.tn\/A-Sfax&#8211;Le-niqab-fait-son-entr%C3%A9e-parmi-les-enseignantes-universitaires,520,24361,1<\/font><\/a><\/font><font face=\"Arial\"><\/font><\/span><\/p>\n<\/div>\n<p align=\"center\"><b><span lang=\"NO-BOK\"><\/p>\n<h4 style=\"color: blue;\"><font face=\"Arial\">Tunisie\/K. Sa\u00efd : \u00ab\u00a0Mode de scrutin inappropri\u00e9, la femme sera une figurante\u00a0\u00bb<\/font><\/h4>\n<p> <\/span><\/b><\/p>\n<hr\/>\n<p>\u00a0<\/p>\n<p align=\"justify\"><font face=\"Arial\"><strong><span lang=\"NO-BOK\"><font>Le d\u00e9cret-loi relatif \u00e0 l&rsquo;\u00e9lection de l&rsquo;Assembl\u00e9e nationale Constituante, adopt\u00e9 lundi par la haute instance pour la r\u00e9alisation des objectifs de la r\u00e9volution, de la r\u00e9forme politique et de la transition d\u00e9mocratique, a \u00e9t\u00e9 diversement accueilli. <\/font><\/span><\/strong><font><strong><span lang=\"EN-US\">Alors que certains le consid\u00e8rent comme un acquis, voire un grand pas sur la voie de la transition d\u00e9mocratique en Tunisie, d\u2019autres le rejettent partiellement ou totalement. Principal reproche : le texte ne traduit pas la souverainet\u00e9 populaire, et serait, selon certaines critiques, le produit d\u2019alliances douteuses dict\u00e9es par les calculs politiciens et partisans. Ka\u00efs Sa\u00efd, professeur de droit constitutionnel, nous livre son analyse.<\/span><\/strong><\/font><\/font><font><span lang=\"EN-US\"> <b> <strong><font face=\"Arial\">Vous avez \u00e9mis de r\u00e9serves sur cette nouvelle loi \u00e9lectorale\u2026o\u00f9 r\u00e9sident les insuffisances ?<\/font><\/strong><\/b><font face=\"Arial\"> Ce d\u00e9cret-loi est un projet, et non pas une loi d\u00e9finitive. Car, la haute instance n\u2019a qu\u2019un pouvoir consultatif. Mes r\u00e9serves ont trait \u00e0 la repr\u00e9sentativit\u00e9 du peuple souverain. Actuellement, aucune structure, ni instance n\u2019est repr\u00e9sentative du peuple. Le nombre de partis et de personnalit\u00e9s qui ont \u00e9labor\u00e9 ce projet de d\u00e9cret-loi est discutable. C\u2019est d\u2019autant plus discutable, que bon nombre de ces partis n\u2019ont vu le jour qu\u2019apr\u00e8s le 14 janvier. Ils doivent donc leur existence au peuple. La r\u00e9volution n\u2019a \u00e9t\u00e9 guid\u00e9e par aucune organisation, ni parti politique. Les choix qui ont \u00e9t\u00e9 faits, l\u2019ont \u00e9t\u00e9 en fonction d\u2019une certaine lecture de la carte \u00e9lectorale qui ne correspond n\u00e9cessairement pas aux choix du peuple, \u00e0 la r\u00e9alit\u00e9 de notre pays, et aux sp\u00e9cificit\u00e9s de la r\u00e9volution tunisienne. Les membres de cette haute instance ont choisi le scrutin de liste par une repr\u00e9sentativit\u00e9 proportionnelle. Or, le scrutin de listes ne favorise que les grandes formations politiques, aux d\u00e9pens des partis moyens et faibles ; n\u2019en parlons pas des ind\u00e9pendants qui trouveront beaucoup de difficult\u00e9s \u00e0 se pr\u00e9senter aux diff\u00e9rentes circonscriptions \u00e9lectorales.  <\/font><b> <font face=\"Arial\"><strong>Pourriez-vous nous expliquer le principe du scrutin de liste \u00e0 la <\/strong> <strong>proportionnelle ?<\/strong><\/font><\/b> <font face=\"Arial\">Le scrutin de liste repose sur le principe suivant : chaque candidat qui veut se pr\u00e9senter, doit pr\u00e9senter une liste qui comprend de 2 \u00e0 4 personnes ou plus, selon le nombre de si\u00e8ges \u00e0 pourvoir dans chaque circonscription qui sera d\u00e9cid\u00e9 apr\u00e8s par le haut comit\u00e9 des \u00e9lections. L\u2019\u00e9lecteur ne peut choisir qu\u2019une liste parmi les listes pr\u00e9sentes, une liste bloqu\u00e9e \u00e0 prendre ou \u00e0 laisser. Certains affirment que ce mode de scrutin favorise les programmes politiques, ce qui est discutable. Car, la prochaine \u00e9ch\u00e9ance \u00e9lectorale, n\u2019est pas une \u00e9lection d\u2019une assembl\u00e9e l\u00e9gislative, ou une \u00e9lection pr\u00e9sidentielle, c\u2019est une \u00e9lection d\u2019une assembl\u00e9e constituante. La majorit\u00e9 des partis ont quasiment les m\u00eames programmes \u00e9lectoraux. Ce mode de scrutin n\u2019est pas appropri\u00e9 \u00e0 nos r\u00e9alit\u00e9s, le mieux \u00e9tait de choisir le scrutin uninominal qui permet \u00e0 un parti de se pr\u00e9senter et d&rsquo;exposer son programme, comme c\u2019est le cas en France.   <strong>Certains disent que le scrutin uninominal favorise les riches ou ceux qui tirent avantage de leur position tribale\u2026<\/strong> Cela est vrai, mais il l\u2019est tout autant pour le scrutin de listes. Les t\u00eates de liste, peuvent \u00eatre des notables locaux, et tirer ainsi profit de leur position socio-\u00e9conomique.  Il y a aussi le probl\u00e8me de financement douteux des campagnes \u00e9lectorales, qui peut concerner ces deux modes de scrutin, m\u00eame s\u2019il repr\u00e9sente un plus grand risque pour le scrutin de liste. Etant donn\u00e9 que dans ce mode de scrutin, la circonscription \u00e9lectorale est grande et est difficile \u00e0 contr\u00f4ler, alors que pour le scrutin uninominal, il s\u2019agit de petites circonscriptions, ce qui permet aux \u00e9lecteurs de contr\u00f4ler les candidats, et de se rendre compte s\u2019il y a une quelconque source de financement suspecte. <\/font><b> <\/b><\/span><strong><span lang=\"NO-BOK\"><font face=\"Arial\">La nouvelle loi a introduit le principe de parit\u00e9 homme\/femme sur les listes \u00e9lectorales. Est-ce vraiment \u00e0 l\u2019avantage de la femme ?<\/font><\/span><\/strong><span lang=\"NO-BOK\"> <font face=\"Arial\">Tout d\u2019abord, les partis politiques n\u2019ont pas tous des femmes en leur sein. La femme n\u2019est pas une sous-race, c\u2019est une citoyenne \u00e9gale \u00e0 l\u2019homme. C\u2019est une question de principe de ne pas traiter la femme de cette mani\u00e8re touchant sa dignit\u00e9. Il s\u2019agit aussi d\u2019une question de proc\u00e9dure et d\u2019application, la pr\u00e9sence de la femme en 2\u00e8, 3\u00e8 ou 4\u00e8me position, lui conf\u00e9rera un r\u00f4le de figurante, puisqu\u2019elle n\u2019aura que tr\u00e8s peu de chances d\u2019\u00eatre \u00e9lue. Et puis, il ne faut pas oublier les r\u00e9gions int\u00e9rieures. Il faut prendre en consid\u00e9ration la culture et l\u2019\u00e9tat d\u2019esprit qui pr\u00e9valent dans certaines r\u00e9gions de la Tunisie. A mon sens, si la femme m\u00e9rite d\u2019\u00eatre \u00e9lue, elle le sera, on n\u2019a pas besoin de recourir de cette mani\u00e8re \u00e0 la parit\u00e9, ou aux quotas.  <strong>Le texte a aussi d\u00e9cr\u00e9t\u00e9 l\u2019in\u00e9ligibilit\u00e9 des responsables du gouvernement de du RCD qui ont servi sous Ben Ali pendant 23 ans, comment vous r\u00e9agissez \u00e0 cette mesure ?<\/strong> S\u2019agissant de l\u2019in\u00e9ligibilit\u00e9 d\u00e9cid\u00e9e par le d\u00e9cret-loi, interdisant aux membres du gouvernement et du RCD ayant servi sous Ben Ali, de se pr\u00e9senter, le principe est \u00e0 retenir. <\/font><\/span><\/font><font face=\"Arial\"><font><span lang=\"EN-US\">Le texte distingue les dirigeants qui ont une responsabilit\u00e9 et ceux qui ne l\u2019ont pas. L\u2019id\u00e9e dans le projet initial, que nous avons \u00e9labor\u00e9, \u00e9tait d\u2019\u00e9carter ceux qui \u00e9taient responsables au cours des dix derni\u00e8res ann\u00e9es du r\u00e8gne du Pr\u00e9sident d\u00e9chu.  <strong>Vous disiez au d\u00e9but que le texte n\u2019est pas d\u00e9finitif, c&rsquo;est-\u00e0-dire que la haute instance peut-\u00eatre recadr\u00e9e par le Pr\u00e9sident par int\u00e9rim\u2026<\/strong> Le gouvernement doit prendre ses responsabilit\u00e9s et doit renvoyer le projet de loi \u00e0 la haute instance pour une seconde lecture. <\/span><\/font><span lang=\"NO-BOK\"><font>C\u2019est la responsabilit\u00e9 du Pr\u00e9sident par int\u00e9rim et du conseil des ministres de d\u00e9lib\u00e9rer et de prendre cette d\u00e9cision. Le tout est de permettre aux prochaines \u00e9lections d\u2019\u00eatre r\u00e9ellement libres et d\u00e9mocratiques et de se d\u00e9rouler dans la transparence.<\/font><\/span><\/font><\/p>\n<p align=\"justify\"><span lang=\"EN-US\"><font face=\"Arial\">Source: \u201dGlobalNet\u201d Le 15-04-2011<\/font><\/span><\/p>\n<div>\n<p align=\"justify\"><font face=\"Arial\"><span lang=\"NO-BOK\"><font>Lien: <\/font><\/span><span lang=\"EN-US\"><a href=\"http:\/\/www.gnet.tn\/temps-fort\/tunisie\/kais-said-mode-de-scrutin-inapproprie-la-femme-sera-une-figurante\/id-menu-325.html\" target=\"_blank\" rel=\"noopener\"><span lang=\"NO-BOK\"><font>http:\/\/www.gnet.tn\/temps-fort\/tunisie\/kais-said-mode-de-scrutin-inapproprie-la-femme-sera-une-figurante\/id-menu-325.html<\/font><\/span><\/a><\/span><\/font><\/p>\n<\/div>\n<h4 align=\"center\" style=\"color: blue;\"><span lang=\"EN-US\"><\/p>\n<h4 style=\"color: blue;\"><font face=\"Arial\">Les perdants du 14 janvier ne baissent pas les bras<\/font><\/h4>\n<p><\/span><\/h4>\n<p align=\"center\"><font face=\"Arial\"><b><span lang=\"EN-US\"><\/p>\n<h4 style=\"color: blue;\"><font>Ils attaquent la \u00ab cyber r\u00e9volution \u00bb avec une \u00ab contre cyber r\u00e9volution<\/font><\/h4>\n<p><\/span><\/b><span lang=\"EN-US\"><font>\u00bb<\/font><\/span><\/font><\/p>\n<hr\/>\n<p>\u00a0<\/p>\n<table border=\"0\" cellpadding=\"0\" cellspacing=\"0\" width=\"100%\">\n<tr>\n<td>\n<p align=\"justify\"><span lang=\"EN-US\"><font face=\"Arial\">Le monde entier l\u2019a soulign\u00e9 : nous avons accompli la premi\u00e8re r\u00e9volution \u00ab \u00e9lectronique \u00bb de l\u2019histoire. Elle a certes utilis\u00e9 quelques proc\u00e9d\u00e9s classiques (gr\u00e8ves et manifestations de rues) pour lutter contre la r\u00e9pression et mobiliser les Tunisiens contre le r\u00e9gime mafieux de Ben Ali et consorts, <\/font><\/span><\/p>\n<\/td>\n<\/tr>\n<tr>\n<td>\n<p align=\"justify\"><span lang=\"EN-US\"><font face=\"Arial\">mais comme l\u2019information passait mal ou pas du tout \u00e0 travers les m\u00e9dias officiels ou ind\u00e9pendants, une grande partie de la jeunesse d\u00e9sireuse d\u2019en finir avec l\u2019absolutisme, la corruption et les in\u00e9galit\u00e9s recourut \u00e0 des techniques modernes pour lancer et renforcer un large mouvement social de lutte in\u00e9dite contre la dictature. Ces r\u00e9seaux fonctionn\u00e8rent \u00e0 merveille entre lyc\u00e9ens, \u00e9tudiants et ch\u00f4meurs de 20 \u00e0 35 ans. Les mails et les textos que ces derniers \u00e9changeaient quotidiennement (de nuit plus que de jour, il est vrai) ainsi que les longues heures pass\u00e9es \u00e0 \u00ab tchatter \u00bb sur Internet ne furent pas vains et cr\u00e9\u00e8rent une toile quasi imp\u00e9n\u00e9trable pour les services d\u2019\u00e9coute des Minist\u00e8res de l\u2019Int\u00e9rieur et de l\u2019Information.<\/font><\/span><\/p>\n<p align=\"justify\"><font face=\"Arial\"><b><span lang=\"EN-US\"><font>La Toile pour tous<\/font><\/span><\/b><\/font><\/p>\n<p align=\"justify\"><font face=\"Arial\"><span lang=\"EN-US\"><font>Aujourd\u2019hui, trois mois apr\u00e8s le 14 janvier, la contre-r\u00e9volution s\u2019est rendue \u00e0 l\u2019\u00e9vidence qu\u2019il lui faut, \u00e0 elle aussi, utiliser les armes de <\/font><\/span><font><span lang=\"EN-US\">la R\u00e9volution. Les caciques du r\u00e9gime d\u00e9chu se sont mis eux aussi \u00e0 l\u2019heure d\u2019Internet et du face-book : ils s\u2019envoient r\u00e9guli\u00e8rement des messages, se transmettent une quantit\u00e9 impressionnante d\u2019informations et se concertent sur les moyens susceptibles de la ramener sur la sc\u00e8ne politique et sociale. Le sit-in organis\u00e9 en mars par les directeurs de lyc\u00e9es limog\u00e9s et leurs censeurs devant le minist\u00e8re de l\u2019Education a \u00e9t\u00e9 con\u00e7u en partie sur <\/span><span lang=\"EN-US\">la Toile. C<\/span><\/font><span lang=\"EN-US\"><font>\u2019est un ami proviseur qui nous vendit la m\u00e8che ; ses coll\u00e8gues le prirent au d\u00e9but pour l\u2019un des leurs et lui envoy\u00e8rent deux mails et un message sur son site \u00e9lectronique. Certains rassemblements auxquels ont appel\u00e9 d\u2019anciens membres du RCD furent d\u00e9clench\u00e9s \u00e0 partir de SMS et de messages sur face-book. Les d\u00e9put\u00e9s qui ont manifest\u00e9 il y a pr\u00e8s de deux mois pour avoir leurs r\u00e9tributions se sont organis\u00e9s de la m\u00eame mani\u00e8re et ce doit \u00eatre le cas entre les quelques dizaines de RCDistes qui tinrent il y a deux jours, leur sit-in devant le si\u00e8ge du Conseil constitutionnel. Nous avons m\u00eame appris qu\u2019ils comptaient rallier \u00e0 leur mouvement un millier de manifestants dans un premier temps, ensuite le double puis le triple de ce nombre jusqu\u2019\u00e0 (pourquoi pas ?) r\u00e9unir un million de contestataires comme le veut d\u00e9sormais la mode r\u00e9volutionnaire en Egypte et dans certains pays du Moyen-Orient.<\/font><\/span><\/font><\/p>\n<p align=\"justify\"><b><span lang=\"EN-US\"><font face=\"Arial\">Revanche dans l\u2019air<\/font><\/span><\/b><\/p>\n<p align=\"justify\"><font face=\"Arial\"><span lang=\"EN-US\"><font>Il fallait s\u2019attendre en effet \u00e0 ce que les perdants du 14 janvier ne baissent pas les bras. Il \u00e9tait certain d\u2019autre part que les centaines de milliers d\u2019hommes de main de Ben Ali qui se sont retrouv\u00e9s l\u2019espace d\u2019un historique week-end de janvier 2011, sans privil\u00e8ges, sans protecteur, sans couverture polici\u00e8re ni judiciaire, allaient laisser passer l\u2019orage et attendre quelque temps pour reprendre du poil de la b\u00eate. Ministres d\u00e9mis, PDG limog\u00e9s, parlementaires cong\u00e9di\u00e9s, juges r\u00e9voqu\u00e9s, avocats et professeurs d\u00e9nonc\u00e9s et humili\u00e9s, directeurs d\u2019entreprises et d\u2019\u00e9tablissements publics ou priv\u00e9s lynch\u00e9s et renvoy\u00e9s, \u00e9tudiants \u00ab renvers\u00e9s \u00bb, milices des cellules du RCD, tout ce beau monde qui sait parfaitement utiliser le face-book n\u2019a qu\u2019une id\u00e9e en t\u00eate : se venger de <\/font><\/span><font><span lang=\"EN-US\">la R\u00e9volution et des \u00ab r\u00e9volutionnaires \u00bb qui l\u2019ont r\u00e9duit \u00e0 quia. Apr\u00e8s s\u2019\u00eatre \u00e9clips\u00e9s les premiers jours de<\/span><span lang=\"EN-US\">la R\u00e9volution, et \u00e0 la faveur de la relative souplesse des deux gouvernements de Mohamed Ghannouchi, ils sortirent la t\u00eate de l\u2019eau ; montr\u00e8rent le bout du nez sur les colonnes de quelques journaux ; la t\u00e9l\u00e9vision et la radio leur tendirent le micro plus d\u2019une fois, ils os\u00e8rent m\u00eame s\u2019\u00e9riger en juges implacables du r\u00e9gime de Ben Ali et en farouches d\u00e9fenseurs de<\/span><span lang=\"EN-US\">la R\u00e9volution. Mohamed Bouazizi devint leur martyr \u00e0 eux aussi. Plus tard, ils se constitu\u00e8rent en petits partis politiques et protest\u00e8rent contre le peu de temps dont ils disposaient pour pr\u00e9parer les \u00e9lections de Juillet. On les entend maintenant s\u2019attaquer \u00e0 tout le monde, \u00e0 <\/span><span lang=\"EN-US\">la Haute Instance pour la r\u00e9alisation des objectifs de <\/span><span lang=\"EN-US\">la R\u00e9volution<\/span><\/font><span lang=\"EN-US\"><font>, \u00e0 Hamma Hammami et Rached Ghannouchi, \u00e0 l\u2019UGTT, au gouvernement de B\u00e9ji Ca\u00efd Essebsi, au bourguibisme, aux femmes d\u00e9mocrates et\u2026 aux \u00e9boueurs en gr\u00e8ve. Sur Internet, leurs commentaires de l\u2019actualit\u00e9 nationale dissimulent p\u00e9niblement leur tuante envie de voir le pays de nouveau entre les mains de la bande \u00e0 Ben Ali dont ils n\u2019osent pas se r\u00e9clamer ouvertement. En ce moment, leur ridicule man\u00e8ge nous remet en m\u00e9moire cette anecdote sportive fort instructive : un jour, dans les ann\u00e9es o\u00f9 l\u2019Esp\u00e9rance sportive de Tunis dominait le hand-ball tunisien, l\u2019une de ses gloires (devenu alors entra\u00eeneur de l\u2019\u00e9quipe) fit ce commentaire tr\u00e8s lucide apr\u00e8s une d\u00e9faite surprise de ses poulains face au Club Africain : \u00ab En fait, \u00e0 l\u2019Esp\u00e9rance on a oubli\u00e9 de penser que nos adversaires du jour travaillaient et progressaient pendant que nous r\u00e9gnions sur la comp\u00e9tition. Voil\u00e0 le r\u00e9sultat quand on dort trop sur ses lauriers. \u00bb La contre-r\u00e9volution travaille et progresse elle aussi ; malheur aux r\u00e9volutionnaires qui l\u2019oublient !<\/font><\/span><\/font><\/p>\n<\/td>\n<\/tr>\n<\/table>\n<p align=\"justify\"><span lang=\"EN-US\"><font face=\"Arial\">Source: \u201cLe Temps\u201d Le 15-04-2011<\/font><\/span><\/p>\n<div>\n<p align=\"justify\"><span lang=\"NO-BOK\"><font face=\"Arial\">Lien: <\/font><a href=\"http:\/\/www.letemps.com.tn\/article-55045.html\" target=\"_blank\" rel=\"noopener\"><font face=\"Arial\">http:\/\/www.letemps.com.tn\/article-55045.html<\/font><\/a><\/span><\/p>\n<\/div>\n<p align=\"center\"><b><span lang=\"EN-US\"><\/p>\n<h4 style=\"color: blue;\"><font face=\"Arial\">Tunisian Financial Needs \u2018In the Billions,\u2019 Nabli Says<\/font><\/h4>\n<p> <\/span><\/b><\/p>\n<hr\/>\n<p>\u00a0<\/p>\n<p align=\"justify\">\u00a0<\/p>\n<p align=\"justify\"><span lang=\"EN-US\"><font face=\"Arial\"><font>Nabli, speaking to reporters in Washington today, said Tunisia is not in talks with the International Monetary Fund for financing now. He said international financial institutions are bringing \u201csignificant\u201d support, citing the World Bank and the African Development Bank. <\/font><\/font><\/span><\/p>\n<p align=\"justify\">\u00a0<\/p>\n<p align=\"justify\"><span lang=\"EN-US\"><font face=\"Arial\">\u201cAfter this year as we move into a more stable political situation, we expect our economy will get growth and exceed what has been achieved before,\u201d Nabli said. While Tunisia explores funding from financial markets as well as from bilateral contributors, \u201cwe need to see a better mix in terms of grants and lending because this is a very costly transition,\u201d he said. <\/font><\/span><\/p>\n<p align=\"justify\">\u00a0<\/p>\n<p align=\"justify\"><span lang=\"EN-US\"><font face=\"Arial\">Finance ministers from countries including France and the U.S. met yesterday with international financial institutions in Washington to see how they can work together on assisting Middle Eastern and North African countries, \u201cnotably Egypt and Tunisia, in their transitions toward more inclusive growth,\u201d the U.S. Treasury said in an e-mailed statement yesterday. <\/font><\/span><\/p>\n<p align=\"justify\">\u00a0<\/p>\n<p align=\"justify\"><span lang=\"EN-US\"><font face=\"Arial\">Hardship, Corruption <\/font><\/span><\/p>\n<p align=\"justify\"><span lang=\"EN-US\"><font face=\"Arial\">The Arab world and North Africa have been shaken by anti- government demonstrations in which protesters have complained about economic hardship and corruption. Tunisian President Zine el Abidine Ben Ali left office on Jan. 14, followed by Egyptian President Hosni Mubarak, in command for three decades, on Feb. 11. <\/font><\/span><\/p>\n<p align=\"justify\">\u00a0<\/p>\n<p align=\"justify\"><span lang=\"EN-US\"><font face=\"Arial\">The IMF estimates that financing needs from oil importers in the region will reach $100 billion over the next two years, Managing Director Dominique Strauss-Kahn told a panel in Washington today. <\/font><\/span><\/p>\n<p align=\"justify\">\u00a0<\/p>\n<p align=\"justify\"><span lang=\"EN-US\"><font face=\"Arial\">\u201cWho\u2019s going to provide the money?\u201d he said. \u201cHopefully, banks, markets, households in different countries.\u201d <\/font><\/span><\/p>\n<p align=\"justify\">\u00a0<\/p>\n<p align=\"justify\"><span lang=\"EN-US\"><font face=\"Arial\">\u201cBut there will be a gap,\u201d Strauss-Kahn said. <\/font><\/span><\/p>\n<p align=\"justify\">\u00a0<\/p>\n<p align=\"justify\"><span lang=\"EN-US\"><font face=\"Arial\">IMF had technical teams visit Egypt and Tunisia to assess the economic prospects in recent weeks and Strauss-Kahn said earlier this week the institution stands ready to help if needed. <\/font><\/span><\/p>\n<p align=\"justify\">\u00a0<\/p>\n<p align=\"justify\"><span lang=\"EN-US\"><font face=\"Arial\">The World Bank is working with Tunisia on a $500 million budget support, coming with measures including improvement in access to information and transparency in public procurement, President Robert Zoellick said earlier this week. <\/font><\/span><\/p>\n<p align=\"justify\"><span lang=\"EN-US\"><font face=\"Arial\">Source: \u201cBloomberg\u201d Le 15-04-2011<\/font><\/span><\/p>\n<div>\n<p align=\"justify\"><font face=\"Arial\"><span lang=\"NO-BOK\"><font>Lien: <\/font><\/span><span lang=\"EN-US\"><a href=\"http:\/\/www.bloomberg.com\/news\/2011-04-15\/tunisian-financial-needs-in-the-billions-nabli-says-1-.html\" target=\"_blank\" rel=\"noopener\"><span lang=\"NO-BOK\"><font>http:\/\/www.bloomberg.com\/news\/2011-04-15\/tunisian-financial-needs-in-the-billions-nabli-says-1-.html<\/font><\/span><\/a><\/span><\/font><\/p>\n<\/div>\n<p align=\"center\"><b><span lang=\"EN\"><font face=\"Arial\">Analysis<\/font><\/span><\/b><\/p>\n<p align=\"center\">\n<h4 style=\"color: blue;\"><font face=\"Arial\"><b><span lang=\"EN\">Tunisia: A long way to go<\/span><\/b><\/font><\/h4>\n<p><font face=\"Arial\"><b><span lang=\"EN\"><\/span><\/b><\/font><\/p>\n<hr\/>\n<p>\u00a0<\/p>\n<p align=\"justify\"><span lang=\"EN\"><font face=\"Arial\">In the new Tunisia, a store window in the capital displays books that were banned under the former regime. Protesters shout for jobs or justice almost daily on tree-lined streets. And after half a century of one-man rule, Tunisians can choose from more than 50 political parties.<\/font><\/span><\/p>\n<p align=\"justify\">\u00a0<\/p>\n<p align=\"justify\"><span lang=\"EN\"><font face=\"Arial\">Yet the freedom that is intoxicating Tunisia comes with a sense of fragility, a fear that it could spin out of control. So helmeted troops backed by armored vehicles stand guard along the central Avenue Bourguiba in Tunis, and some buildings are ringed with barbed wire. Police have sealed off a plaza where Tunisians held days-long sit-ins not so long ago, and have fired tear gas to prevent new rallies there.<\/font><\/span><\/p>\n<p align=\"justify\">\u00a0<\/p>\n<p align=\"justify\"><span lang=\"EN\"><font face=\"Arial\">The contradictions playing out in Tunisia&rsquo;s streets show how this tiny country&rsquo;s burst of freedom is marred by a growing anxiety over the future. With elections coming up, liberals worry that democracy will bring the Islamists, perhaps the best-organized political movement in post-revolt Tunisia, to power. Economists fear that continued turmoil will scare off investors and tourists. And activists who helped drive out dictator Zine el-Abidine Ben Ali in January are concerned his die-hard supporters will try to regroup.<\/font><\/span><\/p>\n<p align=\"justify\">\u00a0<\/p>\n<p align=\"justify\"><span lang=\"EN\"><font face=\"Arial\">At stake is more than Tunisia itself. Just as Tunisia&rsquo;s overthrow of Ben Ali sparked anti-government uprisings across the Arab world, its success \u2013 or failure \u2013 in moving toward a stable democracy could once again send a strong signal to its neighbors.<\/font><\/span><\/p>\n<p align=\"justify\">\u00a0<\/p>\n<p align=\"justify\"><span lang=\"EN\"><font face=\"Arial\">\u00ab\u00a0Tunisia has particular symbolic value as the first Arab revolution,\u00a0\u00bb said Shadi Hamid, an analyst at the Brookings Doha Center. \u00ab\u00a0If it (the transition) fails, and you see outbreaks of violence or low-intensity civil conflict, that is going to further the arguments of Arab autocrats that democracy equals chaos and instability.\u00a0\u00bb<\/font><\/span><\/p>\n<p align=\"justify\">\u00a0<\/p>\n<p align=\"justify\"><span lang=\"EN\"><font face=\"Arial\">The eagerness for a free Tunisia is palpable.<\/font><\/span><\/p>\n<p align=\"justify\">\u00a0<\/p>\n<p align=\"justify\"><span lang=\"EN\"><font face=\"Arial\">One morning this week, several dozen activists sipped espressos at a sidewalk cafe on Avenue Bourguiba before their daily protest against the transition government. They said they wanted more drastic change, including swift prosecution of the former oppressors, because they fear Ben Ali&rsquo;s supporters are plotting to regain power.<\/font><\/span><\/p>\n<p align=\"justify\">\u00a0<\/p>\n<p align=\"justify\"><span lang=\"EN\"><font face=\"Arial\">\u00ab\u00a0We would like to cut with our past,\u00a0\u00bb said Tasnim Dridi, a 22-year-old student of Chinese, her hair covered by a headscarf. Her fellow protesters, drawn together by Facebook, included a woman draped in a red-and-white Tunisian flag, a hairdresser from a provincial town, university students and jobless men in their 20s.<\/font><\/span><\/p>\n<p align=\"justify\">\u00a0<\/p>\n<p align=\"justify\"><span lang=\"EN\"><font face=\"Arial\">The activists then marched across the avenue and shouted through loudspeakers, \u00ab\u00a0Tunisia is for all!\u00a0\u00bb<\/font><\/span><\/p>\n<p align=\"justify\">\u00a0<\/p>\n<p align=\"justify\"><span lang=\"EN\"><font face=\"Arial\">But first, this country of 10.5 million people will need to rebuild a political system from scratch.<\/font><\/span><\/p>\n<p align=\"justify\">\u00a0<\/p>\n<p align=\"justify\"><span lang=\"EN\"><font face=\"Arial\">In coming days, the rules will be finalized for July 24 elections for a national assembly that is to write a new constitution. The assembly will decide, among other things, whether Tunisia gets a presidential or parliamentary system, and whether separation of religion and state becomes part of the law.<\/font><\/span><\/p>\n<p align=\"justify\">\u00a0<\/p>\n<p align=\"justify\"><span lang=\"EN\"><font face=\"Arial\">Ben Ali&rsquo;s government had nominally permitted some parties and groups to function, but secret police harassed, detained or even tortured activists to squash dissent. The dozens of parties formed or legalized since his ouster cover a wide range of ideologies, including socialist, conservative and Islamic<\/font><\/span><\/p>\n<p align=\"justify\"><span lang=\"EN-US\"><font face=\"Arial\">Source:\u201dManilla Bulletin Publishing Corporation\u201d Le 15-04-2011<\/font><\/span><\/p>\n<div>\n<p align=\"justify\"><span lang=\"NO-BOK\"><font face=\"Arial\">Lien: <\/font><a href=\"http:\/\/www.mb.com.ph\/articles\/314268\/tunisia-a-long-way-go\" target=\"_blank\" rel=\"noopener\"><font face=\"Arial\">http:\/\/www.mb.com.ph\/articles\/314268\/tunisia-a-long-way-go<\/font><\/a><\/span><\/p>\n<\/div>\n<p align=\"center\"><b><span lang=\"EN\"><\/p>\n<h4 style=\"color: blue;\"><font face=\"Arial\">Robert Fisk: &lsquo;The Arab awakening began not in Tunisia this year, but in Lebanon in 2005&rsquo;<\/font><\/h4>\n<p> <\/span><\/b><\/p>\n<hr\/>\n<p>\u00a0<\/p>\n<p align=\"justify\"><span lang=\"EN\"><font face=\"Arial\">Revolutions don&rsquo;t start with a single dramatic event, such as the destruction of a church or a man&rsquo;s self-immolation.<\/font><\/span><\/p>\n<p align=\"justify\"><span lang=\"EN\"><font face=\"Arial\">First, to reports from the revolutionary front lines in Syria, in the same imperfect, but brave, English in which they were written less than 24 hours ago&#8230;<\/font><\/span><\/p>\n<p align=\"justify\"><span lang=\"EN\"><font face=\"Arial\">\u00ab\u00a0Yesterday morning I went to the square to demonstrate, I arranged it with guys on Facebook, I don&rsquo;t know them, but we share the same ambition of freedom, that night I was awake until 6am watching the news, it was horrible what&rsquo;s happening in Syria, the security forces slaughter people as if aniamals !!!&#8230; <\/font><\/span><\/p>\n<p align=\"justify\"><span lang=\"EN\"><font face=\"Arial\">\u00ab\u00a0I wore my clothes and went to (the) sq. there was about 150 security service in civilian cloths in street calling for Assad&rsquo;s life [ie praising Assad] and one taxi car the driver was driving against the cars to stop them moving in street, I am not sure if he was revolutionizing or just empty the street for security service!, it was crazy, I was angry that they are calling for the dictator&rsquo;s life and want keep him running Syria like he doing. <\/font><\/span><\/p>\n<p align=\"justify\"><span lang=\"EN\"><font face=\"Arial\">They were looking around at every man in street if he doesn&rsquo;t call for president&rsquo;s life they beat him and arrest him, of course I didn&rsquo;t call for his life and I took my phone and started taking video to show the world who&rsquo;s calling for this dictator, his gang! 2 guys were running infront of the demonstration \u2013 they are revoluter but they had to run with this gang until freedom seekers arrive from ommayad mosque, those 2 guys told me not to take video and hide my phone. <\/font><\/span><\/p>\n<p align=\"justify\"><span lang=\"EN\"><font face=\"Arial\">\u00ab\u00a0I hid it in my pocket but suddenly about 40 men from secutiry came to me, they started shoulting &lsquo;he is taking video, he is taking video!!&rsquo; 5 guys hold me (like when they arrest someone) and started beating me&#8230;another 7 attacked me, they took my phone, my ID and my money and other 7 guys attack me, they said why are you taking video bastard?? <\/font><\/span><\/p>\n<p align=\"justify\"><span lang=\"EN\"><font face=\"Arial\">\u00ab\u00a0&lsquo;We will kill you all enemies of assad, Syria belongs to assad not to you bastard people!!&rsquo; Immediately I said: &lsquo;I am with you guys!! We all follow president assad even to death!&rsquo; they said then why are you taking video?&rsquo; <\/font><\/span><\/p>\n<p align=\"justify\"><span lang=\"EN\"><font face=\"Arial\">\u00ab\u00a0I said &lsquo;because I am happy there is demonstration calling for the greatest leader assad&#8230;'\u00a0\u00bb<\/font><\/span><\/p>\n<p align=\"justify\"><span lang=\"EN\"><font face=\"Arial\">\u00ab\u00a0There was one man (looks like officer) caught me and slapped me and he was the last one in this fake demonstration which calls for assad life&#8230;\u00a0\u00bb <\/font><\/span><\/p>\n<p align=\"justify\"><span lang=\"EN\"><font face=\"Arial\">The second report: <\/font><\/span><\/p>\n<p align=\"justify\"><span lang=\"EN\"><font face=\"Arial\">\u00ab\u00a0Assad is lying I assure you! There is more than 6000 political prisoner in Syria so what does let 260 free mean?!!&#8230;they said the emergency law to be lifted BUT they will create new law against terrorism, which will be worse than emergency law we are sure! <\/font><\/span><\/p>\n<p align=\"justify\"><span lang=\"EN\"><font face=\"Arial\">\u00ab\u00a0They said they will fight the corruption, do you think that Assad will arrest his cousin Rami Makhlouf, his brother Maher Assad, his uncle zo al himma shaleesh, will Assad arrest all his family, take their money and give it back to us??&#8230;the gang in Lattakia are Alawiyeen gang belong to Assad family we all know them in Syria they are called shapeeha, the people in Lattakia were demonstrating against the government and afterwards the secret service, police and army brought these shapeeha to scare people and kill them. <\/font><\/span><\/p>\n<p align=\"justify\"><span lang=\"EN\"><font face=\"Arial\">\u00ab\u00a0In Syria we are not demonstrating for food or money, we want to change the whole system and hang all Assad family&#8230;\u00a0\u00bb <\/font><\/span><\/p>\n<p align=\"justify\"><span lang=\"EN\"><font face=\"Arial\">This is raw stuff, the voice of popular \u2013 and young \u2013 fury that will not be quenched by torture rooms and the cosh. Both Syrian men escaped arrest \u2013 though one has now had to flee his country \u2013 but their accounts tell a grindingly familiar story from Tunisia, Egypt, Yemen, Libya&#8230; The fake pro-government demonstration, the promiscuous use of secret police violence, the popular knowledge of corruption and the production of plain-clothes regime thugs \u2013 \u00ab\u00a0baltagi\u00a0\u00bb in Cairo, where Mubarak used them, which literally means \u00ab\u00a0thugs\u00a0\u00bb \u2013 and the sectarianisation of suppression (the \u00ab\u00a0Alawiyeen\u00a0\u00bb in Lattakia are Alawi (Shia) gangs from the sect to which the Assad family belongs. <\/font><\/span><\/p>\n<p align=\"justify\"><span lang=\"EN\"><font face=\"Arial\">And now the regime in Damascus is claiming that Lebanon is one of the outside powers sewing discord in the \u00ab\u00a0Um al-Arabia Wahida\u00a0\u00bb, the mother of the Arab nation, specifically the Lebanese March 14 Alliance of the outgoing Lebanese Sunni prime minister Saad Hariri, whose principal opponents are the Lebanese Shia Muslim Hezbollah party and their allies. <\/font><\/span><\/p>\n<p align=\"justify\"><span lang=\"EN\"><font face=\"Arial\">See how easy it is to create a \u00ab\u00a0sectarian\u00a0\u00bb war in Syria and then infect your neighbour with the virus? <\/font><\/span><\/p>\n<p align=\"justify\"><span lang=\"EN\"><font face=\"Arial\">These are not idle words. Revolutions don&rsquo;t start with dramatic incidents \u2013 the self-immolation of an unemployed Tunisian, the destruction of a Coptic church \u2013 however dramatic these tragedies may be. <\/font><\/span><\/p>\n<p align=\"justify\"><span lang=\"EN\"><font face=\"Arial\">In reality, the \u00ab\u00a0Arab awakening\u00a0\u00bb began not in Tunisia this year, but in Lebanon in 2005 when, appalled by the assassination of ex-prime minister Rafiq Hariri (Saad&rsquo;s father), hundreds of thousands of Lebanese of all faiths gathered in central Beirut to demand the withdrawal of Syria&rsquo;s 20,000 soldiers in the country. <\/font><\/span><\/p>\n<p align=\"justify\"><span lang=\"EN\"><font face=\"Arial\">Bachar made a pitiful speech in Damascus, abusing the demonstrators, suggesting that live television cameras were using \u00ab\u00a0zooms\u00a0\u00bb to exaggerate the number of the crowds. <\/font><\/span><\/p>\n<p align=\"justify\"><span lang=\"EN\"><font face=\"Arial\">But the UN passed a resolution \u2013 a no-soldier zone, rather than a no-fly zone, I suppose \u2013 which forced the Syrian military to leave. <\/font><\/span><\/p>\n<p align=\"justify\"><span lang=\"EN\"><font face=\"Arial\">This was the first \u00ab\u00a0ousting\u00a0\u00bb of a dictator, albeit from someone else&rsquo;s country, by the popular Arab \u00ab\u00a0masses\u00a0\u00bb which had hitherto been an institution in the hands of the dictators. <\/font><\/span><\/p>\n<p align=\"justify\"><span lang=\"EN\"><font face=\"Arial\">Yet I recall at the time that none of us \u2013 including myself, who had lived in Lebanon for decades \u2013 realised how deeply the Syrian claws had dug into the red soil of Lebanon over the previous 29 years. Syria&rsquo;s Lebanese stooges remained in place. Their \u00ab\u00a0mukhabarat\u00a0\u00bb security police simply re-emerged in transmogrified form. <\/font><\/span><\/p>\n<p align=\"justify\"><span lang=\"EN\"><font face=\"Arial\">Their political murders continued at whirlwind speed. I spent days chasing from the scene of one car bomb or hit-job to another. This is what terrifies the demonstrators of all the nations struggling to throw off their brutal \u2013 and often American-supported \u2013 masters. Field Marshal Tantawi, the head of the Egyptian army, for example, is now running Egypt. Yet he is not only a close friend of America but a childhood and lifelong friend of Mubarak, who was allowed to whinge the usual ex-dictator&rsquo;s self-congratulatory excuses on al-Arabia television (\u00ab\u00a0my reputation, my integrity and my military and political record\u00a0\u00bb) prior to his own questioning \u2013 and inevitable emergency entry into hospital. When the latest Tahrir Square crowds also called for Tantawi&rsquo;s resignation, the field marshal&rsquo;s mask slipped. He sent in his troops to \u00ab\u00a0cleanse\u00a0\u00bb the square. <\/font><\/span><\/p>\n<p align=\"justify\"><span lang=\"EN\"><font face=\"Arial\">When the Iranians, in their millions, demonstrated against Mahmoud Ahmedinejad&rsquo;s dodgy presidential election results in June of 2009, many members of the \u00ab\u00a0green\u00a0\u00bb movement in Tehran asked me about the 2005 Lebanese revolution against Syria \u2013 dubbed the \u00ab\u00a0Cedar Revolution\u00a0\u00bb by the US State Department, a clich\u00e9 that never really caught on among the Lebanese themselves \u2013 and while there was no direct political connection, there was undoubtedly an inspirational junction; two sets of tracks of the same gauge which reinforced the idea that the youth of Tehran and Beirut belonged to the same transport system of humanity and freedom. <\/font><\/span><\/p>\n<p align=\"justify\"><span lang=\"EN\"><font face=\"Arial\">Of course, there were many in the Middle East Muslim world who hoped the security forces could be won over to their side. In Cairo, individual soldiers did join the revolution \u2013 on a large scale, in Yemen \u2013 but wolves do not turn into pussycats. And \u2013 despite one obvious historical example in the region \u2013 it is unrealistic to expect anyone to save the world by walking towards their own crucifixion. Police chiefs, however personally devout, will do as they are told \u2013 even when their orders involve mass murder. <\/font><\/span><\/p>\n<p align=\"justify\"><span lang=\"EN\"><font face=\"Arial\">Take, for example, the Saudis. The Independent is in possession of an extraordinary \u2013 and outrageous \u2013 order from Prince Nayef Biu Abdul al-Saud, the Saudi minister of interior, issued on 11 March, prior to the much-feared \u00ab\u00a0Hunayn Revolution\u00a0\u00bb organised by Shia and Sunni intellectuals last month. <\/font><\/span><\/p>\n<p align=\"justify\"><span lang=\"EN\"><font face=\"Arial\">Hunayn was the name of a battle which the Prophet Mohamed won by a virtual miracle against far more powerful armies. <\/font><\/span><\/p>\n<p align=\"justify\"><span lang=\"EN\"><font face=\"Arial\">\u00ab\u00a0To all the honourable heads of police in the areas of Riyadh, Mecca and Medina, al-Bahr, Qassim, the northern borders, Tabouq, Sharqiya, Qaseer, Najwan, Jezaan and the head of the emergency Special Forces,\u00a0\u00bb Nayef begins \u2013 note how responsibility is neatly spread across the entire network of the \u00ab\u00a0mukhabarat\u00a0\u00bb \u2013 \u00ab\u00a0previous to our conversations regarding the so-called &lsquo;Hunayn Revolution&rsquo; \u2013 if indeed it exists \u2013 with its single goal of threatening our national security: this group of stray individuals spreads evil throughout the land. Do not show them mercy. Strike them with iron fists. It is permitted for all officers and personnel to use live rounds. This is your land and this is your religion. If they want to change that or replace it, you must respond. We give thanks to you \u2013 and good luck!\u00a0\u00bb <\/font><\/span><\/p>\n<p align=\"justify\"><span lang=\"EN\"><font face=\"Arial\">This outrageous order \u2013 which, mercifully, did not have to be obeyed \u2013 was well-known to the Americans, who have so bitterly condemned the Assad regime&rsquo;s brutality in Syria but who, in this case of course, uttered not a bleat. <\/font><\/span><\/p>\n<p align=\"justify\"><span lang=\"EN\"><font face=\"Arial\">Shia, it seems, are targetable in these revolutions \u2013 whether they be of the Saudi, the Bahraini, the Syrian or, indeed, the Lebanese variety. <\/font><\/span><\/p>\n<p align=\"justify\"><span lang=\"EN\"><font face=\"Arial\">Prince Nayef&rsquo;s instruction is worthy of investigation by the International Criminal Court at the Hague \u2013 he orders his police chiefs to shoot down unarmed demonstrators \u2013 but even if his men had performed their bloody duties (and they have, in the past), he is safe. Saudi Arabia is one kingdom where we in the West will no more tolerate Arab \u00ab\u00a0awakenings\u00a0\u00bb than will the local autocrats. No wonder every Saudi carries an identity card which refers to him not as a citizen but as \u00ab\u00a0al-tabieya\u00a0\u00bb which means, in effect, \u00ab\u00a0serf\u00a0\u00bb.<\/font><\/span><\/p>\n<p align=\"justify\"><span lang=\"EN\"><font face=\"Arial\">The odd thing about all these revolutions, of course, is that the dictators \u2013 be they the Ben Alis, the Mubaraks, the Salehs, the Assads, even the al-Sauds \u2013 spend more time spying on foreigners and amassing documentation of their people&rsquo;s transgressions than in trying to understand what their own indigenous populations actually want. Eric Rouleau, a Le Monde correspondent in Iran, who subsequently became French ambassador to Tunisia, has recounted how \u00ab\u00a0General\u00a0\u00bb Ben Ali, Tunisian minister of interior between 1985 and 1986, wished to acquire the very latest French communications equipment from Paris. The \u00ab\u00a0pitiless &lsquo;superflic'\u00a0\u00bb, as Rouleau cruelly called him, trained by American intelligence in the US, had files on \u00ab\u00a0everyone\u00a0\u00bb. <\/font><\/span><\/p>\n<p align=\"justify\"><span lang=\"EN\"><font face=\"Arial\">At one meeting with Rouleau, Ben Ali outlined the greatest threats to the Tunisian regime: social \u00ab\u00a0unrest\u00a0\u00bb, tensions with a certain Colonel Gaddafi of Libya (here, one must admit a certain sympathy for Ben Ali) and \u2013 most serious of all \u2013 \u00ab\u00a0the Islamist threat\u00a0\u00bb, whatever that may be. Rouleau remembered how \u00ab\u00a0in a theatrical gesture, he (Ben Ali) pushed the button of a machine, which in an instant unrolled an unending list of names whom he said were under permanent surveillance. An information engineer, obsessed with technology, Mr Ben Ali did not cease to use this science of information gathering\u00a0\u00bb. Rouleau, who was sending back to Paris less than flattering accounts of the regime and its interior minister, was puzzled that his relations with Ben Ali declined steadily \u2013 until the day he ended his mission. \u00ab\u00a0On the day of my final departure from Tunisia, when I went to pay my courtesy visit to him,\u00a0\u00bb Rouleau was to recall, \u00ab\u00a0he asked me, in a state of white-hot anger, why I regarded him as a CIA agent possessed of unstoppable ambition. And he started quoting from his files, almost word for word, my own confidential telegrams to the Quai d&rsquo;Orsay&#8230; The ambassador had not escaped from the intricate workings of his spy centre.\u00a0\u00bb <\/font><\/span><\/p>\n<p align=\"justify\"><span lang=\"EN\"><font face=\"Arial\">Ben Ali could penetrate the French embassy, but as president he simply failed to learn about his own people. There is an unforgettable photograph of the soon-to-be-deposed president as he rather tardily visits the young suicider-by-fire, Mohamed Bouazizi, as he lies dying in his hospital bed.<\/font><\/span><\/p>\n<p align=\"justify\"><span lang=\"EN\"><font face=\"Arial\">Ben Ali is doing his best to look concerned. The boy clearly unable to communicate. But the doctors and paramedics are watching the president rather than their patient and doing so with a tired impatience, which the president obviously does not comprehend. From small kindlings do great fires grow. <\/font><\/span><\/p>\n<p align=\"justify\"><span lang=\"EN\"><font face=\"Arial\">Take the first uprising against Bashar al-Assad in Deraa \u2013 home to the old steam train station, by the way, in which TE Lawrence was supposedly assaulted by an Ottoman officer in the First World War \u2013 where no amount of sophisticated intelligence could have forewarned the regime of what was to come. A place of historical rebellion, some youths had painted anti-Assad graffiti on a wall. The Syrian security police followed their normal practice of dragging the young men to the cop shop, beating and torturing them. But then their mothers arrived to demand their release. They were verbally abused by the police. <\/font><\/span><\/p>\n<p align=\"justify\"><span lang=\"EN\"><font face=\"Arial\">Then \u2013 much more seriously \u2013 a group of tribal elders went to see the Deraa governor to demand an explanation for the behaviour of the police. <\/font><\/span><\/p>\n<p align=\"justify\"><span lang=\"EN\"><font face=\"Arial\">Each placed his turban on the governor&rsquo;s desk, a traditional gesture of negotiation; they would only replace their turbans when the matter had been resolved. But the governor, a crusty old Baathist and regime-loyalist, took the turban of the most prestigious sheikh, threw it on the floor of his office and stamped on it. <\/font><\/span><\/p>\n<p align=\"justify\"><span lang=\"EN\"><font face=\"Arial\">The people of Deraa came out in their thousands to protest; the shooting started; Bashar hastily dismissed his governor and replaced him. Too late. The fire had been lit. In Tunisia, an unemployed young man who set himself alight. In Syria, a turban. <\/font><\/span><\/p>\n<p align=\"justify\"><span lang=\"EN\"><font face=\"Arial\">These episodes, of course, are not without their foundation of history. Just as the Hauran district, in which Deraa is situated, has always been a place of rebellion, Egypt was always the land of Gamel Abdul Nasser. <\/font><\/span><\/p>\n<p align=\"justify\"><span lang=\"EN\"><font face=\"Arial\">And oddly \u2013 although Nasser was the originator of the military dictatorships which were to cripple Egypt \u2013 his name was spoken of with respect by thousands of the demonstrators in Tahrir Square who successfully demanded Mubarak&rsquo;s overthrow. <\/font><\/span><\/p>\n<p align=\"justify\"><span lang=\"EN\"><font face=\"Arial\">This was not because they forgot his legacy but because, after decades of monarchy and British colonial rule, they regarded Nasser as the first leader who gave Egypt self-respect. <\/font><\/span><\/p>\n<p align=\"justify\"><font face=\"Arial\"><span lang=\"EN\"><font>Nasser&rsquo;s daughter Hoda was undoubtedly right in February, when she said that \u00ab\u00a0the parallel with the people&rsquo;s power, the spontaneous uprising that brought my father to power, especially heartens me&#8230; People thought that the youth of today are apolitical, but they proved their detractors wrong. <\/font><\/span><\/font><\/p>\n<p align=\"justify\"><span lang=\"EN\"><font face=\"Arial\">\u00ab\u00a0My father would have been ecstatic. He would have been proud of the people who demonstrated in Tahrir Square, chanting slogans urging radical political reform and social change. Nasser remains at the core of revolutionary mythology in Egypt and the Arab world at large. That is why you saw the portraits of Nasser hoisted high in Tahrir Square.\u00a0\u00bb Against all this, the Libyan \u00ab\u00a0revolution\u00a0\u00bb is beginning to stale; its blood congealing along with the words once used about it. <\/font><\/span><\/p>\n<p align=\"justify\"><span lang=\"EN\"><font face=\"Arial\">The tribes we once acknowledged as a democratic opposition \u2013 namely the Senussis of the old Idriss family \u2013 are now called \u00ab\u00a0rebels\u00a0\u00bb by our press and television colleagues, the uprising is now a \u00ab\u00a0civil war\u00a0\u00bb, an unpleasant way of reminding ourselves why we must not put \u00ab\u00a0boots on the ground\u00a0\u00bb. <\/font><\/span><\/p>\n<p align=\"justify\"><span lang=\"EN\"><font face=\"Arial\">Our Tory masters \u2013 especially our odious defence minister of the time \u2013 invented the Bosnian \u00ab\u00a0civil war\u00a0\u00bb to delay our intervention in the Balkan ethnic cleansing. <\/font><\/span><\/p>\n<p align=\"justify\"><span lang=\"EN\"><font face=\"Arial\">Most Arab nations would be happy to see the end of Gaddafi, but he sits uneasily amid the pantheon of \u00ab\u00a0revolution\u00a0\u00bb. Wasn&rsquo;t he supposed to be the original revolutionary against the corruption of King Idriss and later scourge of the West and Zionism? <\/font><\/span><\/p>\n<p align=\"justify\"><span lang=\"EN\"><font face=\"Arial\">Oddly, there are parallels with Syria which we \u2013 and Assad \u2013 may not like. For it is Syria&rsquo;s refusal to bend to the United States&rsquo; \u00ab\u00a0peace process\u00a0\u00bb, its unwavering support for the Hezbollah \u00ab\u00a0resistance\u00a0\u00bb in Lebanon which broke the Israeli army in 2006, which allows the Assad family \u2013 caliphs, I suppose, by definition \u2013 to claim that their independence and their refusal to bow down to US-Israeli demands constitute a long-running revolution in Syria of infinitely more importance than the street fighting gangs of Deraa, Lattakia, Banias and Douma. <\/font><\/span><\/p>\n<p align=\"justify\"><span lang=\"EN\"><font face=\"Arial\">Hamas maintains its head political office in Damascus. Syria remains the lung through which Iran can breathe in the Middle East; through which Iran&rsquo;s own president can enter Lebanon and proclaim \u2013 to the horror of the Lebanese whom Bachar Assad now blames for his own country&rsquo;s violence \u2013 that southern Lebanon is now Iran&rsquo;s front line against Israel. <\/font><\/span><\/p>\n<p align=\"justify\"><span lang=\"EN\"><font face=\"Arial\">And now let&rsquo;s go a little further. On 31 March, the Israelis \u2013 who have steadfastly opposed the overthrow of the Middle East&rsquo;s dictators \u2013 published a series of photo-reconnaissance pictures of southern Lebanon, supposedly marking the exact locations of 550 Hezbollah bunkers, 300 \u00ab\u00a0monitoring sites\u00a0\u00bb and 100 weapons storage facilities run by Syria&rsquo;s Lebanese Shia militia allies in the country. They had been built, the Israelis claimed, next to hospitals, schools and public utilities. The documentation was fake. Visits to locations marked on the map uncovered no such bunkers. Indeed, the real Hezbollah bunkers known to the Lebanese are not marked on the map. The Hezbollah quickly understood the meaning. <\/font><\/span><\/p>\n<p align=\"justify\"><span lang=\"EN\"><font face=\"Arial\">\u00ab\u00a0They are setting us up for the next war,\u00a0\u00bb a veteran Hezbollah ruffian from the village of Jibchit told me. If Israel had really discovered our positions, the last thing they would have done is inform us they knew the locations \u2013 because we&rsquo;d immediately move them!\u00a0\u00bb <\/font><\/span><\/p>\n<p align=\"justify\"><span lang=\"EN\"><font face=\"Arial\">But last week, the Turkish air force forced down an Iranian transport aircraft supposedly flying over Diyarbakir en route to the northern Syrian city of Aleppo with \u00ab\u00a0auto spare parts\u00a0\u00bb. On board the Ilyushin-76, the Turks found 60 Kalashnikov AK-47 assault rifles, 14 BKC machine guns, 8,000 rounds of ammunition, 560 60-mm mortar shells and 1,288 120-mm mortar shells. <\/font><\/span><\/p>\n<p align=\"justify\"><span lang=\"EN\"><font face=\"Arial\">Forget Facebook. These were not part of any Arab \u00ab\u00a0reawakening\u00a0\u00bb or \u00ab\u00a0uprising\u00a0\u00bb, but further supplies for the Hezbollah to use in their next conflict with Israel. All of which raises a question. Is there a better way of taking your people&rsquo;s minds off revolution than a new war against an enemy which has resolutely opposed the democratisation of the Arab world? <\/font><\/span><\/p>\n<p align=\"justify\"><span lang=\"EN\"><font face=\"Arial\">Source: \u201c The Independent\u201d Le 15-04-2011<\/font><\/span><\/p>\n<div>\n<p align=\"justify\"><span lang=\"NO-BOK\"><font face=\"Arial\">Lien: <\/font><a href=\"http:\/\/www.independent.co.uk\/opinion\/commentators\/fisk\/robert-fisk-the-arab-awakening-began-not-in-tunisia-this-year-but-in-lebanon-in-2005-2268002.html\" target=\"_blank\" rel=\"noopener\"><font face=\"Arial\">http:\/\/www.independent.co.uk\/opinion\/commentators\/fisk\/robert-fisk-the-arab-awakening-began-not-in-tunisia-this-year-but-in-lebanon-in-2005-2268002.html<\/font><\/a><\/span><\/p>\n<\/div>\n<p align=\"justify\">\u00a0<\/p>\n<p align=\"justify\">\u00a0<\/p>\n<h4 align=\"center\" style=\"color: blue;\"><b><span lang=\"FR-BE\"><\/p>\n<h4 style=\"color: blue;\"><font face=\"Arial\">Les Tunisiens marchent<\/font><\/h4>\n<p><\/span><\/b><\/h4>\n<p align=\"center\"><b><span lang=\"FR-BE\"><\/p>\n<h4 style=\"color: blue;\"><font face=\"Arial\">vers la d\u00e9mocratie<\/font><\/h4>\n<p><\/span><\/b><\/p>\n<p align=\"center\"><b><span lang=\"FR-BE\"><font face=\"Arial\">cahin caha<\/font><\/span><\/b><\/p>\n<p align=\"center\">\u00a0<\/p>\n<hr\/>\n<p>\u00a0<\/p>\n<p align=\"justify\">\u00a0<\/p>\n<p align=\"justify\"><span lang=\"FR-BE\"><font face=\"Arial\">TUNIS<\/font><\/span><\/p>\n<p align=\"justify\"><span lang=\"FR-BE\"><font face=\"Arial\">DE L\u2019UN DE NOS ENVOYES SPECIAUX<\/font><\/span><\/p>\n<p align=\"justify\">\u00a0<\/p>\n<p align=\"justify\"><span lang=\"FR-BE\"><font face=\"Arial\">Ce n\u2019est pas vraiment la gueule de bois, mais cela y ressemble. Les lendemains de la r\u00e9volution du 14 janvier, en Tunisie, se r\u00e9v\u00e8lent d\u00e9licats \u00e0 g\u00e9rer. D\u00e8s son arriv\u00e9e \u00e0 Tunis, le visiteur subit un choc, visuel et olfactif, bien r\u00e9v\u00e9lateur : de nombreux trottoirs sont souill\u00e9s par d\u2019imposants tas d\u2019ordures m\u00e9nag\u00e8res aux relents naus\u00e9abonds. En cause, une gr\u00e8ve des \u00e9boueurs qui se prolonge depuis trois semaines ; avec l\u2019\u00e9quivalent de 70 euros par mois, ceux-ci s\u2019estiment fond\u00e9s \u00e0 revendiquer pour leurs droits. La population compatit\u2026 en maugr\u00e9ant.<\/font><\/span><\/p>\n<p align=\"justify\"><span lang=\"FR-BE\"><font face=\"Arial\">L\u2019apprentissage de la libert\u00e9 ne conf\u00e8re pas ipso facto le sens des responsabilit\u00e9s : de nombreux chefs d\u2019entreprise ou responsables d\u2019administration confront\u00e9s \u00e0 une kyrielle de contestations et de revendications appuy\u00e9es par des gr\u00e8ves ou des sit-in, en font l\u2019am\u00e8re exp\u00e9rience. La reprise de l\u2019activit\u00e9 \u00e9conomique s\u2019en ressent, semant le doute dans les esprits. La petite d\u00e9linquance, que d\u2019aucuns voient monter en fl\u00e8che, n\u2019arrange rien.<\/font><\/span><\/p>\n<p align=\"justify\"><span lang=\"FR-BE\"><font face=\"Arial\">Mais ce tableau tristounet occulte peut-\u00eatre l\u2019essentiel : la d\u00e9mocratisation avance. Cahin caha, certes, mais elle avance. En atteste la libert\u00e9 de ton de la presse locale, qui n\u2019en demandait pas plus pour s\u2019en donner \u00e0 c\u0153ur joie. Ainsi, par exemple, le quotidien gouvernemental La Presse, qui diffusa pendant les 23 ans de dictature des articles qui louaient le r\u00e9gime d\u2019une mani\u00e8re d\u00e9lirante sinon d\u00e9bile, s\u2019est transform\u00e9 en journal o\u00f9 de vraies informations sont disponibles, y compris sous la forme de reportages. Une petite r\u00e9volution !<\/font><\/span><\/p>\n<p align=\"justify\"><span lang=\"FR-BE\"><font face=\"Arial\">Les Tunisiens, dans ce contexte, se font peu \u00e0 peu \u00e0 l\u2019usage du d\u00e9bat politique, chose inconnue &#8211; proscrite \u2013 pendant des d\u00e9cennies. Les cha\u00eenes de t\u00e9l\u00e9vision priv\u00e9es, Nessma et Hannibal, organisent des d\u00e9bats en permanence, presque \u00e0 l\u2019exc\u00e8s. Les sujets de discussion, voire de dispute, il est vrai, ne manquent pas.<\/font><\/span><\/p>\n<p align=\"justify\"><span lang=\"FR-BE\"><font face=\"Arial\">Le scrutin du 24 juillet prochain \u00e9crase la concurrence. Qui pourra se pr\u00e9senter \u00e0 l\u2019\u00e9lection de la constituante ? Cette question n\u2019a rien d\u2019anodin au sortir d\u2019une longue dictature. Mais d\u2019abord, qui d\u00e9cide, qui tranche ? En cette p\u00e9riode transitoire, la Constitution de la dictature Ben Ali est pass\u00e9e \u00e0 la trappe. Le pr\u00e9sident int\u00e9rimaire, second\u00e9 par un gouvernement lui-m\u00eame aussi int\u00e9rimaire, r\u00e8gne par d\u00e9crets-lois. Pour l\u2019avenir du pays, il est conseill\u00e9 par un organe hybride, non \u00e9lu, coopt\u00e9, cr\u00e9\u00e9 d\u00e8s la chute du tyran en janvier, et qui s\u2019est ensuite \u00e9toff\u00e9 pour porter un nom impossible \u00e0 retenir : \u00ab le conseil de l\u2019Instance sup\u00e9rieure pour la r\u00e9alisation des objectifs de la r\u00e9volution, de la r\u00e9forme politique et de la transition d\u00e9mocratique \u00bb. On dira l\u2019instance Ben Achour, du nom du prestigieux juriste qui la pr\u00e9side.<\/font><\/span><\/p>\n<p align=\"justify\"><span lang=\"FR-BE\"><font face=\"Arial\">A1ors donc, l\u2019instance Ben Achour, qui regroupe des personnalit\u00e9s ind\u00e9pendantes, des repr\u00e9sentants de partis politiques, du syndicat UGTT, et d\u2019associations de la soci\u00e9t\u00e9 civile, 160 personnes environ, a adopt\u00e9 lundi un projet de code \u00e9lectoral. Tr\u00e8s controvers\u00e9, celui-ci doit encore recevoir l\u2019aval du pr\u00e9sident pour entrer en vigueur ; et la chose risque de se r\u00e9v\u00e9ler malais\u00e9e\u2026<\/font><\/span><\/p>\n<p align=\"justify\"><span lang=\"FR-BE\"><font face=\"Arial\">Deux des points principaux font la fiert\u00e9 de beaucoup de Tunisiens : le mode retenu est le scrutin de listes \u00e0 la proportionnelle, et la parit\u00e9 homme-femme sera obligatoire (un homme suivi d\u2019une femme \u2013 ou l\u2019inverse \u2013 sur toute la liste) sous peine d\u2019interdiction de la liste ! M\u00eame les islamistes d\u2019Ennahda qui si\u00e8gent dans l\u2019instance ont vot\u00e9 pour cette r\u00e9forme. Normal, grincent certains, bien organis\u00e9s, ils sont les seuls \u00e0 disposer d\u2019une belle brochette de candidates pr\u00eates \u00e0 se glisser sur les listes\u2026<\/font><\/span><\/p>\n<p align=\"justify\"><span lang=\"FR-BE\"><font face=\"Arial\">Mais le point qui fait d\u00e9bat, et le mot est faible, se rapporte au sort r\u00e9serv\u00e9 aux membres du RCD, le sinistre Rassemblement constitutionnel d\u00e9mocratique, ex-parti quasi unique sous la tyrannie. Le projet pr\u00e9cise que toute personne ayant \u00ab exerc\u00e9 des responsabilit\u00e9s au sein du RCD depuis\u2026 1987 \u00bb (le coup d\u2019Etat de Ben Ali) sera exclue de la possibilit\u00e9 de se pr\u00e9senter aux \u00e9lections du 24 juillet. Selon les sources, cette mesure d\u2019exclusion concerne 10.000 personnes ou des centaines de milliers. Difficile de faire moins clair.<\/font><\/span><\/p>\n<p align=\"justify\"><span lang=\"FR-BE\"><font face=\"Arial\">En tout cas, si d\u2019innombrables Tunisiens qui ont souffert de la dictature se r\u00e9jouissent de cette mesure, pas mal d\u2019autres s\u2019en \u00e9meuvent et parlent de d\u00e9ni de d\u00e9mocratie puisque des personnes non jug\u00e9es sont p\u00e9nalis\u00e9es. Le pr\u00e9sident M\u2019Baz\u00e2a devra trancher. Risquera-t-il le clash avec l\u2019Instance Ben Achour quitte \u00e0 ouvrir une p\u00e9riode d\u2019instabilit\u00e9 politique grave ? <\/font><\/span><\/p>\n<p align=\"justify\"><span lang=\"FR-BE\"><font face=\"Arial\">Les islamistes, eux, attendent leur heure. Pourchass\u00e9s, tortur\u00e9s, exil\u00e9s sous la dictature, ils \u00e9mergent avec leur sens de l\u2019organisation et leur assurance tranquille d\u2019avoir raison. Ils font assaut de mod\u00e9ration sans pour autant rassurer tous les la\u00efcs. Leurs meetings remportent un vif succ\u00e8s, tout comme leur organe, El Fajr (l\u2019Aube) qui vient de rena\u00eetre et dont les 120.000 exemplaires ont \u00e9t\u00e9 \u00e9puis\u00e9s en quelques heures\u2026 <\/font><\/span><\/p>\n<p align=\"justify\"><b><span lang=\"FR-BE\"><font face=\"Arial\">BAUDOUIN LOOS<\/font><\/span><\/b><\/p>\n<p align=\"justify\"><b><span lang=\"FR-BE\"><font face=\"Arial\">(Source : \u00ab Le Soir \u00bb (Quotidien \u2013 Belgique)<\/font><\/span><\/b><\/p>\n<hr\/>\n<p align=\"center\"><b><span lang=\"FR-BE\"><font face=\"Arial\">\u00ab <\/font><\/span><span lang=\"FR\"><font face=\"Arial\"><\/p>\n<h5 style=\"color: blue;\"><font>Pas de chasse aux sorci\u00e8res! \u00bb<\/font><\/h5>\n<p> \u00a0<\/font><\/span><\/b><span lang=\"FR\"><\/span><\/p>\n<hr\/>\n<p> <font face=\"Arial\">ENTRETIEN DE L&rsquo;UN DE NOS ENVOYES SPECIAUX<\/font>\u00a0<\/p>\n<p align=\"justify\"><span lang=\"FR\"> <font face=\"Arial\">Dans le prestigieux ancien palais du Bey de Tunis, le Premier ministre tunisien par int\u00e9rim re\u00e7oit Le Soir sans fa\u00e7on. Beji Ca\u00efd Essebsi n&rsquo;est pas n\u00e9 de la derni\u00e8re pluie. A 84 ans, il a accept\u00e9 &#8211; sans plaisir, confie-t-il -, de remplir ces fonctions ingrates jusqu&rsquo;\u00e0 l&rsquo;\u00e9lection de la constituante le 24 juillet. Pour cet homme qui a fait toute sa carri\u00e8re de ministre sous Bourguiba avant de claquer la porte \u00e0 Ben Ali un an apr\u00e8s son coup d&rsquo;Etat en 1987, il s&rsquo;agit de r\u00e9ussir un pari os\u00e9: lancer son pays sur la voie de la d\u00e9mocratie, ni plus ni moins.  <\/font><font face=\"Arial\"><b>Pourquoi le vent de r\u00e9volte arabe s&rsquo;est-il d&rsquo;abord lev\u00e9 en Tunisie alors que personne ne s&rsquo;y attendait? <\/b> Mais notre pays s&rsquo;est toujours situ\u00e9 \u00e0 l&rsquo;avant-garde! D\u00e8s la lib\u00e9ration nationale dans les ann\u00e9es 50, nous avons multipli\u00e9 les efforts pour \u00e9difier un Etat moderne. Le statut avanc\u00e9 de la femme, d\u00e8s cette \u00e9poque, en atteste. L&rsquo;ex-pr\u00e9sident Ben Ali avait trouv\u00e9 cet h\u00e9ritage important de modernit\u00e9 en arrivant, mais il a mis en place un mode de gouvernance assez r\u00e9pressif, qui a priv\u00e9 le peuple des espaces de libert\u00e9. Il a alors suffi d&rsquo;une crise \u00e9conomique mondiale pour faire exploser la cocotte minute sous intense pression. On a alors assist\u00e9 \u00e0 une r\u00e9volution presque spontan\u00e9e, sans id\u00e9ologie, sans structures, sans soutien ext\u00e9rieur, men\u00e9e essentiellement par la jeunesse. L&rsquo;onde de choc s&rsquo;est r\u00e9pandue dans tout le monde arabe, mais ce n&rsquo;\u00e9tait pas pr\u00e9m\u00e9dit\u00e9 car notre r\u00e9volution n&rsquo;\u00e9tait pas destin\u00e9e \u00e0 l&rsquo;exportation! C&rsquo;est logique: on trouve les m\u00eames ingr\u00e9dients dans bien d&rsquo;autres pays arabes, en Egypte, en Syrie, en Libye&#8230; C&rsquo;est un nouveau cycle qui s&rsquo;ouvre chez nous: apr\u00e8s la colonisation, la lib\u00e9ration nationale commence l&rsquo;\u00e8re de la maturit\u00e9 du peuple.  <b>Ben Ali doit-il \u00eatre jug\u00e9, sera-t-il jug\u00e9?<\/b>  Il le faut! Par contumace, au besoin. Il doit rendre des comptes.  <b>Faut-il exclure des candidats pour la prochaine constituante les hommes et femmes qui avaient des postes de responsabilit\u00e9 au sein du gouvernement et du RCD, le parti quasi unique? Le pr\u00e9sident par int\u00e9rim doit se prononcer sur cette proposition adopt\u00e9e par une instance qui \u00e9mane de la soci\u00e9t\u00e9 civile et qui conseille le gouvernement&#8230; <\/b> Par principe, je suis contre les exclusions, ce n&rsquo;est pas admissible. J&rsquo;admets qu&rsquo;il y a des responsabilit\u00e9s \u00e0 \u00e9tablir parmi les personnes qui ont g\u00e9r\u00e9 le pays, mais il n&rsquo;existe pas de justice collective! Je dirais donc que la proposition de l&rsquo;instance peut para\u00eetre excessive m\u00eame si nous devons en tenir compte. Nous allons voir avec le gouvernement, avec le pr\u00e9sident, peut-\u00eatre n&rsquo;assumerons-nous pas tout le texte en question. Tout est une question de mod\u00e9ration, qualit\u00e9 qui fait partie de celles que cultivent les Tunisiens.  <b>Y a-t-il un risque de voir se d\u00e9velopper une chasse aux sorci\u00e8res contre les anciens du r\u00e9gime? <\/b> Non. Mais il existe en revanche une demande g\u00e9n\u00e9rale de justice par rapport aux responsables de ce r\u00e9gime. Cette aspiration \u00e0 la justice est \u00e0 la fois raisonnable et justifi\u00e9e.  <b>La r\u00e9volte est partie des r\u00e9gions int\u00e9rieures, d\u00e9laiss\u00e9es depuis toujours, pourrez-vous commencer \u00e0 vous occuper de ces zones laiss\u00e9es-pour-compte? <\/b> Oui, c&rsquo;est important, nous avons approuv\u00e9 vendredi dernier un projet de d\u00e9veloppement destin\u00e9 \u00e0 tenter de combler le d\u00e9ficit d&#8217;emploi qui est criant dans les r\u00e9gions int\u00e9rieures, notamment parmi les dipl\u00f4m\u00e9s. En quelques mois, nous ne pourrons qu&rsquo;all\u00e9ger le probl\u00e8me, pas le r\u00e9soudre. Mais nous avons pris la d\u00e9cision d&rsquo;inverser les priorit\u00e9s budg\u00e9taires pour 2011: avant, 80% du budget \u00e9tait consacr\u00e9 aux r\u00e9gions c\u00f4ti\u00e8res et 20% \u00e0 l&rsquo;int\u00e9rieur, nous inversons dor\u00e9navant ces proportions! Mais nous n&rsquo;avons pas de baguette magique.  <b>La r\u00e9volution tunisienne a donn\u00e9 lieu \u00e0 des violences qui ont persist\u00e9, \u00e0 une augmentation de la d\u00e9linquance. Que pouvez-vous faire \u00e0 ce sujet? <\/b> Toutes les r\u00e9volutions passent par des d\u00e9bordements, d&rsquo;abord d&rsquo;enthousiasme. Des citoyens tenus en laisse pendant des d\u00e9cennies veulent en profiter ensuite. Ce n&rsquo;est pas destin\u00e9 \u00e0 durer. Nous en sommes conscients puisque nous avons fait du r\u00e9tablissement de l&rsquo;ordre public notre priorit\u00e9, c&rsquo;est indispensable pour notre \u00e9conomie  <\/font><font face=\"Arial\"><b>En Occident, le pr\u00e9visible bon comportement \u00e9lectoral de la principale liste islamiste fait peur \u00e0 certains&#8230; <\/b> La peur est tr\u00e8s mauvaise conseill\u00e8re. Il est certain que ce parti auquel vous faites allusion, Ennahda, appara\u00eet comme mieux organis\u00e9, mieux structur\u00e9, que les autres formations politiques, ce qui lui conf\u00e8re une impression de force. Il fera d&rsquo;autant mieux si on exclut tous les anciens membres du RCD de la course \u00e9lectorale! Toutefois, je crois que le bon sens tunisien l&#8217;emportera et que toutes les sensibilit\u00e9s pourront s&rsquo;exprimer et \u00eatre repr\u00e9sent\u00e9es \u00e0 l&rsquo;assembl\u00e9e \u00e0 \u00e9lire cet \u00e9t\u00e9. Il faudra que chacun puisse s&rsquo;exprimer librement, que tous les partis puissent s&rsquo;organiser. Mais c&rsquo;est un fait que Ennahda aura des d\u00e9put\u00e9s, ils seront \u00ab\u00a0dans la citadelle\u00a0\u00bb, et cela dans la proportion que le peuple d\u00e9cidera. <\/font><\/span><\/p>\n<p align=\"justify\"><font face=\"Arial\"><span lang=\"FR\"><font>Propos recueillis par BAUDOUIN LOOS  <\/font><\/span><b><span lang=\"FR-BE\"><font>(Source : \u00ab Le Soir \u00bb (Quotidien \u2013 Belgique)<\/font><\/span><\/b><\/font><\/p>\n<hr\/>\n<p align=\"justify\">\u00a0<\/p>\n<p align=\"center\"><b><span lang=\"FR\"><\/p>\n<h5 style=\"color: blue;\"><font face=\"Arial\">\u00ab Nous sommes fiers de notre r\u00e9volution !<\/font><\/h5>\n<p><\/span><\/b><\/p>\n<hr\/>\n<p>\u00a0<\/p>\n<p align=\"justify\"><span lang=\"FR\"> <font face=\"Arial\">LA MANOUBA<\/font><\/span><\/p>\n<p align=\"justify\"><span lang=\"FR\"><font face=\"Arial\">DE DEUX DE NOS ENVOYES SPECIAUX<\/font><\/span><\/p>\n<p align=\"justify\">\u00a0<\/p>\n<p align=\"justify\"><span lang=\"FR\"><font face=\"Arial\">Elles et ils s&rsquo;appellent Bouthaina, Hayfa, Marwa, Khaldi, Khaoula, Meher, Sameh, Marouan, B\u00e9chir&#8230; Tous \u00e9l\u00e8ves de l&rsquo;IPSI (Institut de presse et de sciences de l&rsquo;information) \u00e0 Tunis, qui accueille les journalistes du Soir ce jeudi. C&rsquo;est peu dire de ces futurs consoeurs et confr\u00e8res qu&rsquo;ils se sentent concern\u00e9s par la r\u00e9volution qui a boulevers\u00e9 leur pays le 14 janvier dernier, apr\u00e8s des semaines de tumulte dramatique. Dame! ils en furent &#8211; aussi &#8211; des acteurs&#8230; Une petite r\u00e9union de r\u00e9daction en leur compagnie suffit \u00e0 \u00e9valuer leurs (fortes) motivations.<\/font><\/span><\/p>\n<p align=\"justify\"><span lang=\"FR\"><font face=\"Arial\">\u00ab Si nous sommes concern\u00e9s? Et comment! ass\u00e8ne Marouan. Les jeunes Tunisiens ont allum\u00e9 les feux de la r\u00e9volution. Et d&rsquo;abord ceux des gouvernorats (provinces) de l&rsquo;int\u00e9rieur. Protestations, manifestations, sit-in&#8230; Sait-on que m\u00eame au stade de football nous avions cri\u00e9 notre appel \u00e0 la libert\u00e9?! Cela fut parfois violent. Moi, mon p\u00e8re est policier, cela ne m&rsquo;a pas emp\u00each\u00e9 de recevoir mon lot d&rsquo;insultes, de coups, de gifles&#8230; \u00bb<\/font><\/span><\/p>\n<p align=\"justify\"><span lang=\"FR\"><font face=\"Arial\">Marwa encha\u00eene: \u00ab Ce sont surtout nos premiers martyrs qui nous ont pouss\u00e9s \u00e0 oser sortir. Bon, disons-le, on doit se pincer pour y croire: on se r\u00e9veille parfois en se disant qu&rsquo;on va retrouver Ben Ali, comme s&rsquo;il n&rsquo;\u00e9tait jamais parti! On n&rsquo;est pas encore au bout de notre \u00e9tonnement, de notre \u00e9merveillement! \u00bb<\/font><\/span><\/p>\n<p align=\"justify\"><span lang=\"FR\"><font face=\"Arial\">L&rsquo;avenir est pav\u00e9 de bonnes intentions d\u00e9mocratiques. Mais la m\u00e9fiance r\u00e8gne parmi nos jeunes. \u00ab Nous n&rsquo;avons aucune confiance en nos hommes politiques, explique Khaldi. D&rsquo;ailleurs, on ne les conna\u00eet pas. Nous n&rsquo;avons aucune culture d\u00e9mocratique, nous n&rsquo;avons connu que la dictature et la corruption. Jusqu&rsquo;\u00e0 ce ras-le-bol populaire&#8230; \u00bb<\/font><\/span><\/p>\n<p align=\"justify\"><span lang=\"FR\"><font face=\"Arial\">Pour ces jeunes Tunisiens, les \u00ab acquis de la r\u00e9volution \u00bb sont pr\u00e9cieux. \u00ab La dignit\u00e9 d&rsquo;abord!, lance B\u00e9chir. La libert\u00e9, \u00e9videmment. Et puis la fiert\u00e9. Quand on regarde les \u00e9v\u00e9nements dans le monde arabe, la r\u00e9volution en Egypte, les protestations au Y\u00e9men, en Syrie, les \u00e9v\u00e9nements en Libye, eh bien! on est fier, c&rsquo;est nous qui avons lanc\u00e9 cela. \u00bb<\/font><\/span><\/p>\n<p align=\"justify\"><span lang=\"FR\"><font face=\"Arial\">Ici, en Tunisie, la prochaine \u00e9tape se situe le 24 juillet, avec l&rsquo;\u00e9lection d&rsquo;une assemble constituante. Tout le monde cultive bien l&rsquo;intention de remplir son devoir \u00e9lectoral, de faire, pour la premi\u00e8re fois, un choix responsable. Et chacun approuve l&rsquo;exclusion des anciens cadres du RCD, l&rsquo;ex-parti quasi unique honni. \u00ab Le RCD a sem\u00e9 la corruption dans toute la Tunisie, s&rsquo;exclame l&rsquo;un deux. Ils ont abus\u00e9 les droits des citoyens. \u00bb<\/font><\/span><\/p>\n<p align=\"justify\"><span lang=\"FR\"><font face=\"Arial\">A la question de savoir si l&rsquo;islamisme les attire ou les effraie, les r\u00e9ponses se ressemblent. \u00ab Il vaut beaucoup mieux avoir un parti islamiste l\u00e9gal qui agit au sein des institutions d\u00e9mocratiques, juge Marouan. Pour Ennahda (le grand parti islamiste interdit, pourchass\u00e9, sous la dictature), ces \u00e9lections repr\u00e9sentent un peu un coup de poker, ils ont du revoir leur id\u00e9ologie, polir leur discours. D&rsquo;o\u00f9 le risque de double langage&#8230; \u00bb<\/font><\/span><\/p>\n<p align=\"justify\"><span lang=\"FR\"><font face=\"Arial\">Aucune des \u00e9tudiantes, dans notre salle de r\u00e9daction improvis\u00e9e, ne porte le voile. \u00ab C&rsquo;est une question personnelle, de libert\u00e9 individuelle, souligne Hayfa. On sait bien que les islamistes ont \u00e9t\u00e9 victimes d&rsquo;une impitoyable r\u00e9pression du r\u00e9gime Ben Ali. Mais nous nous souhaitons pas devenir leurs victimes \u00e0 notre tour. \u00bb<\/font><\/span><\/p>\n<p align=\"justify\"><span lang=\"FR\"><font face=\"Arial\">Marwa tient \u00e0 nous raconter une petite exp\u00e9rience personnelle. \u00ab Derni\u00e8rement, j&rsquo;ai voulu aller assister un meeting d&rsquo;Ennahda. Il y avait beaucoup de monde. J&rsquo;ai h\u00e9sit\u00e9 avant d&rsquo;entrer, j&rsquo;\u00e9tais la seule non voil\u00e9e, j&rsquo;avais peur, en fait! J&rsquo;ai 23 ans et je n&rsquo;avais jamais entendu parler d&rsquo;eux que comme des terroristes. Finalement, je me suis lanc\u00e9e. Je dois dire que je les ai trouv\u00e9s tol\u00e9rants, \u00e0 ma grande surprise. Je crois qu&rsquo;ils doivent participer aux \u00e9lections, mais cela ne nous emp\u00eachera pas d&rsquo;\u00eatre vigilants, certains d&rsquo;entre eux peuvent abuser de la libert\u00e9, comme ceux qui commencent \u00e0 prier en groupe dans la rue. \u00bb<\/font><\/span><\/p>\n<p align=\"justify\"><span lang=\"FR\"><font face=\"Arial\">Une heure de discussion s&rsquo;ach\u00e8ve. Sur un constat global impressionnant: ces jeunes Tunisiens manifestent une maturit\u00e9 digne d&rsquo;\u00e9loges. \u00ab Nous avons des responsabilit\u00e9s, conclut Marwa comme pour nous persuader. Il faut encore la r\u00e9ussir, cette r\u00e9volution. \u00bb<\/font><\/span><\/p>\n<p align=\"justify\"><span lang=\"FR\"><font face=\"Arial\">BEATRICE DELVAUX et BAUDOUIN LOOS <\/font><\/span><\/p>\n<p align=\"justify\"><b><span lang=\"FR-BE\"><font face=\"Arial\">(Source : \u00ab Le Soir \u00bb (Quotidien \u2013 Belgique)<\/font><\/span><\/b><\/p>\n<hr\/>\n<p align=\"justify\">\u00a0<\/p>\n<p align=\"justify\">\u00a0<\/p>\n<h5 align=\"center\" style=\"color: blue;\"><b><span lang=\"FR\"><\/p>\n<h5 style=\"color: blue;\"><font face=\"Arial\">Kasserine a pay\u00e9 le prix fort pour la r\u00e9volution<\/font><\/h5>\n<p> <\/span><\/b><\/h5>\n<hr\/>\n<p align=\"justify\">\u00a0<\/p>\n<p align=\"justify\">\u00a0<\/p>\n<p align=\"justify\"><span lang=\"FR-BE\"><font face=\"Arial\">KASSERINE<\/font><\/span><\/p>\n<p align=\"justify\"><span lang=\"FR-BE\"><font face=\"Arial\">DE L\u2019UN DE NOS ENVOYES SPECIAUX<\/font><\/span><\/p>\n<p align=\"justify\">\u00a0<\/p>\n<p align=\"justify\"><span lang=\"FR-BE\"><font face=\"Arial\">Le bout du monde ? Peut-\u00eatre pas. Un coin recul\u00e9 de Tunisie, en tout cas, une r\u00e9gion d\u00e9laiss\u00e9e par le pouvoir central, depuis toujours. C\u2019est d\u2019ici qu\u2019est venue l\u2019impulsion r\u00e9volutionnaire \u00e0 la fin de 2010 et les habitants n\u2019en sont pas peu fiers. Pour une fois qu\u2019on parle d\u2019eux. Mais ils ont pay\u00e9 le prix fort. Vingt-trois \u00ab martyrs \u00bb (chiffre officiel) ? Trente-trois ? Plus de cinquante ? Nul ne le sait au juste. Et un quotidien qui est redevenu ce qu\u2019il \u00e9tait : ch\u00f4mage, frustration, ressentiment. La r\u00e9volution est pass\u00e9e par Kasserine. Pour en r\u00e9colter ses fruits, il faudra attendre. Inch\u2019Allah.<\/font><\/span><\/p>\n<p align=\"justify\"><span lang=\"FR-BE\"><font face=\"Arial\">Nous sommes \u00e0 quatre heures de route de Tunis. Pas le choix : les infrastructures manquent, pas d\u2019a\u00e9roport, pas de trains, des routes en mauvais \u00e9tat. Tout est calme dans cette ville modeste de cent mille habitants. Seul spectacle insolite : des tentes dress\u00e9es sur la place centrale, o\u00f9 quelques dizaines de dipl\u00f4m\u00e9s ch\u00f4meurs ont entam\u00e9 une gr\u00e8ve de la faim. Ils ont \u00e9tal\u00e9 leurs dipl\u00f4mes inutiles sur un fil, qui tiennent avec des pinces \u00e0 linge.<\/font><\/span><\/p>\n<p align=\"justify\"><span lang=\"FR-BE\"><font face=\"Arial\">Mokhtar, notre guide, nous emm\u00e8ne \u00e0 \u00ab Ezzouhour \u00bb, la cit\u00e9 des Fleurs. Un quartier de Kasserine o\u00f9 de nombreux \u00ab chouhada \u00bb (martyrs) sont tomb\u00e9s pendant la r\u00e9volution. Depuis longtemps, ici, la poussi\u00e8re a remplac\u00e9 les fleurs. Les ruelles d\u00e9fonc\u00e9es se font plus \u00e9troites. La mis\u00e8re suinte.<\/font><\/span><\/p>\n<p align=\"justify\"><span lang=\"FR-BE\"><font face=\"Arial\">Mme Salha Saadaoui nous re\u00e7oit dans son salon, une salle aux murs nus qui furent sans doute un jour blancs. Des chaises en plastique servent de fauteuils. Walid, l\u2019un de ses neuf enfants, a \u00e9t\u00e9 tu\u00e9 lors d\u2019une manifestation le 9 janvier. Son fr\u00e8re Imed nous montre son portrait encadr\u00e9, celui d\u2019un jeune homme \u00e9lanc\u00e9 de 27 ans, petit sourire aux l\u00e8vres. Walid avait rejoint son ami Baki \u00e0 la premi\u00e8re manif, le 5. Baki avait \u00e9t\u00e9 abattu d\u2019une balle dans la t\u00eate ; la police avait alors emp\u00each\u00e9 les hommes de l\u2019enterrer, par de nouveaux tirs \u00e0 balles r\u00e9elles.<\/font><\/span><\/p>\n<p align=\"justify\"><span lang=\"FR-BE\"><font face=\"Arial\">Le 9, nouvelle manif. Fatale pour Walid. Une balle dans le bassin. Un petit trou d\u2019un centim\u00e8tre de diam\u00e8tre. L\u2019h\u00f4pital n\u2019a pu \u00eatre atteint qu\u2019apr\u00e8s deux heures d\u2019attente car le quartier \u00e9tait boucl\u00e9. Trois heures trente d\u2019op\u00e9ration chirurgicale. \u00ab Multiples plaies intestinales avec h\u00e9morragie interne tr\u00e8s abondante \u00bb, dit le rapport d\u2019autopsie r\u00e9dig\u00e9 en fran\u00e7ais que Salha me tend avec un regard d\u2019une infinie tristesse.<\/font><\/span><\/p>\n<p align=\"justify\"><span lang=\"FR-BE\"><font face=\"Arial\">Mais pourquoi ces manifestations ? \u00ab Le ch\u00f4mage ! dit Imed, personne ne travaille dans la famille. \u00bb Sauf Salha, qui fait des m\u00e9nages \u00e0 gauche et \u00e0 droite. Son mari est d\u00e9c\u00e9d\u00e9 en 1993. Depuis, elle s\u2019est d\u00e9brouill\u00e9e pour \u00e9lever ses six gar\u00e7ons et ses trois filles. Son visage grave, entour\u00e9 d\u2019un voile noir, grimace quand on lui demande si elle pense que les responsables du carnage seront un jour jug\u00e9s. Une r\u00e9ponse muette et pourtant claire.<\/font><\/span><\/p>\n<p align=\"justify\"><span lang=\"FR-BE\"><font face=\"Arial\">Quelques centaines de m\u00e8tres plus loin, la famille de Mohamed Khadhraoui nous re\u00e7oit \u00e0 son tour. Cinq personnes qui vivent dans quelques m\u00e8tres carr\u00e9s. Une ampoule nue pend du plafond, l\u2019\u00e9lectricit\u00e9 a \u00e9t\u00e9 repiqu\u00e9e \u00e0 la rue. Tout est propre. Et triste. \u00ab Il n\u2019\u00e9tait pas politis\u00e9, nous explique Mansour, 70 ans, qui l\u2019a adopt\u00e9 quand il avait cinq ans, au d\u00e9c\u00e8s de son p\u00e8re. Comme tous les jeunes, il r\u00eavait d\u2019un bon dipl\u00f4me, d\u2019un bon emploi pour nous aider. Il avait 23 ans. \u00bb<\/font><\/span><\/p>\n<p align=\"justify\"><span lang=\"FR-BE\"><font face=\"Arial\">Mohammed \u00e9tait \u00e0 la maison le 10 janvier quand il entendit le vacarme d\u2019une manifestation place des Martyrs. A peine arriv\u00e9 sur les lieux, il a \u00e9t\u00e9 abattu d\u2019une balle en pleine t\u00eate. M\u00eame calibre que Walid : \u00ab Orifice d\u2019entr\u00e9e d\u2019un centim\u00e8tre de diam\u00e8tre dans la r\u00e9gion frontale, large orifice de sortie au niveau de la r\u00e9gion occipitale avec fracas osseux complexe et perte importante de substance c\u00e9r\u00e9brale \u00bb, a \u00e9crit le m\u00e9decin l\u00e9giste.<\/font><\/span><\/p>\n<p align=\"justify\"><span lang=\"FR-BE\"><font face=\"Arial\">La demi-s\u0153ur de Mohammed nous montre sa photo. Un visage avenant, souriant. \u00ab C\u2019\u00e9tait un petit gars bien, s\u2019exclame celui qui l\u2019a toujours consid\u00e9r\u00e9 comme son p\u00e8re. Pas une cigarette, pas d\u2019alcool, pas d\u2019amiti\u00e9s douteuses. \u00bb Mansour cherche un peu de r\u00e9confort dans la signification de sa mort : \u00ab J\u2019ai perdu mon fils, mais le dictateur et son r\u00e9gime pourri sont partis ! \u00bb.<\/font><\/span><\/p>\n<p align=\"justify\"><span lang=\"FR-BE\"><font face=\"Arial\">Les familles Saadaoui et Khadhraoui en conviennent, chacune \u00e0 part, comme Mansour le proclame : \u00ab Nous irons voter, le 24 juillet, et comment ! Nous n\u2019avons plus droit \u00e0 l\u2019erreur. Moi j\u2019ai connu nos deux despotes. Bourguiba voulait le bien du pays, Ben Ali lui a vol\u00e9 les richesses du pays. Ils avaient h\u00e9las ! un point commun : ils ont abandonn\u00e9 l\u2019int\u00e9rieur, vous avez vu Kasserine, n\u2019est-ce pas, vous avez compris ? \u00bb. <\/font><\/span><\/p>\n<p align=\"justify\"><span lang=\"FR-BE\"><font face=\"Arial\">BAUDOUIN LOOS<\/font><\/span><\/p>\n<p align=\"justify\">\u00a0<\/p>\n<p align=\"justify\">\u00a0<\/p>\n<p align=\"justify\"><b><span lang=\"FR-BE\"><font face=\"Arial\">(Source : \u00ab Le Soir \u00bb (Quotidien \u2013 Belgique)<\/font><\/span><\/b><\/p>\n<hr\/>\n<p align=\"justify\">\u00a0<\/p>\n<p align=\"center\"><b><span lang=\"FR-BE\"><\/p>\n<h5 style=\"color: blue;\"><font face=\"Arial\">Comptes et m\u00e9comptes \u00e0 Tunis\u2026<\/font><\/h5>\n<p> <\/span><\/b><\/p>\n<hr\/>\n<p>\u00a0<\/p>\n<p align=\"justify\">\u00a0<\/p>\n<p align=\"justify\"><span lang=\"FR-BE\"><font face=\"Arial\">TUNIS<\/font><\/span><\/p>\n<p align=\"justify\"><span lang=\"FR-BE\"><font face=\"Arial\">DE NOTRE ENVOYE SPECIAL<\/font><\/span><\/p>\n<p align=\"justify\">\u00a0<\/p>\n<p align=\"justify\"><span lang=\"FR-BE\"><font face=\"Arial\">L\u2019heure de la revanche des victimes ? Il y a trois mois, le peuple tunisien a eu raison de la dictature qui l\u2019a encha\u00een\u00e9 pendant vingt-trois ans et d\u2019aucuns savourent le moment : voleurs comme bourreaux n\u2019\u00e9chapperont pas \u00e0 la justice, esp\u00e8rent-ils. Pour l\u2019instant, les inculpations sont rares. Cent douze membres du clan Ben Ali \u2013 Trabelsi (l\u2019ex-tyran et la famille de sa femme Leila) figurent sur une liste rouge, et un d\u00e9cret-loi sign\u00e9 par le pr\u00e9sident par int\u00e9rim Fouad M\u2019Bezaa a mis en place la mise sous s\u00e9questre de leurs biens acquis ou h\u00e9rit\u00e9s depuis le 7 novembre 1987, soit l\u2019arriv\u00e9e au pouvoir de Zine el-Abidine Ben Ali. Et si des innocents figuraient sur cette liste ?<\/font><\/span><\/p>\n<p align=\"justify\"><span lang=\"FR-BE\"><font face=\"Arial\">Lamia Kallel le croit dur comme fer. Cette jeune femme de 35 ans, grastro-ent\u00e9rologue de son \u00e9tat, n\u2019est autre que la fille d\u2019Abdallah Kallel, qui fut ministre de l\u2019Int\u00e9rieur pendant cinq ans sur deux p\u00e9riodes entre 1991 et 2001. Il a \u00e9t\u00e9 arr\u00eat\u00e9 le 10 mars dernier. Son nom se trouve sur la liste infamante. Kallel est, en Tunisie, un nom qui, pour beaucoup, restera associ\u00e9 \u00e0 la pire des r\u00e9pressions et \u00e0 la torture g\u00e9n\u00e9ralis\u00e9e qui s\u2019abattirent sur les militants islamistes (ou d\u2019autres pris comme tels) durant les ann\u00e9es 90. En atteste son surnom : \u00ab le tortionnaire \u00bb\u2026<\/font><\/span><\/p>\n<p align=\"justify\"><span lang=\"FR-BE\"><font face=\"Arial\">Sa fille Lamia tente de remuer ciel et terre pour prouver l\u2019injustice qu\u2019elle estime commise envers son p\u00e8re. \u00ab C\u2019est vrai que durant son passage \u00e0 l\u2019Int\u00e9rieur des gens ont \u00e9t\u00e9 maltrait\u00e9s, mais quand il l\u2019a appris il a ordonn\u00e9 une enqu\u00eate et des policiers ont \u00e9t\u00e9 sanctionn\u00e9s, nous raconte-t-elle. La r\u00e9pression \u00e9tait organis\u00e9e depuis le palais pr\u00e9sidentiel. \u00bb <\/font><\/span><\/p>\n<p align=\"justify\"><span lang=\"FR-BE\"><font face=\"Arial\">Abdallah Kallel, 69 ans, croupit donc en prison depuis un mois, apr\u00e8s une plainte pour abus de pouvoir en faveur du RCD (le parti quasi unique du temps de Ben Ali). Le prisonnier a \u00e9t\u00e9 pendant de longues ann\u00e9es tr\u00e9sorier du parti qui phagocytait l\u2019Etat tunisien, cumulant ce poste avec celui de ministre ou, ces cinq derni\u00e8res ann\u00e9es, pr\u00e9sident du S\u00e9nat. \u00ab Mon p\u00e8re n\u2019a jamais effectu\u00e9 le moindre d\u00e9tournement de fonds ou d\u2019enrichissement illicite \u00bb, insiste Lamia, une version que m\u00eame la plupart des ennemis de l\u2019ancien ministre ne contestent pas.<\/font><\/span><\/p>\n<p align=\"justify\"><span lang=\"FR-BE\"><font face=\"Arial\">Ce que la fille de son p\u00e8re veut prouver, c\u2019est que ce dernier n\u2019avait plus de contact avec le clan pr\u00e9sidentiel. \u00ab Il avait m\u00eame quitt\u00e9 le gouvernement volontairement en 2001, se mettant le pr\u00e9sident \u00e0 dos, il \u00e9tait alors en r\u00e9sidence surveill\u00e9e \u00bb, insiste-t-elle. Mais il avait accept\u00e9 de prendre la pr\u00e9sidence du S\u00e9nat quatre ans plus tard\u2026<\/font><\/span><\/p>\n<p align=\"justify\"><span lang=\"FR-BE\"><font face=\"Arial\">La famille Kallel subit les \u00e9v\u00e9nements de plein fouet : la confiscation des biens acquis depuis 1987 devrait l\u2019obliger \u00e0 abandonner la maison familiale achet\u00e9e il y a quinze ans. \u00ab Nous risquons l\u2019expulsion \u00e0 tout moment. Pourquoi fait-on porter le chapeau \u00e0 mon p\u00e8re ? \u00bb<\/font><\/span><\/p>\n<p align=\"justify\"><span lang=\"FR-BE\"><font face=\"Arial\">La fougueuse d\u00e9fense de Lamia Kallel ne convaincra pas les victimes de la r\u00e9pression. \u00ab Il est coupable de complicit\u00e9 avec ce r\u00e9gime criminel, nous dit un avocat. Mais de l\u00e0 \u00e0 s\u2019en prendre \u00e0 sa famille\u2026 \u00bb <\/font><\/span><\/p>\n<p align=\"justify\"><span lang=\"FR-BE\"><font face=\"Arial\">BAUDOUIN LOOS<\/font><\/span><\/p>\n<p align=\"justify\">\u00a0<\/p>\n<p align=\"justify\"><b><span lang=\"FR-BE\"><font face=\"Arial\">(Source : \u00ab Le Soir \u00bb (Quotidien \u2013 Belgique)<\/font><\/span><\/b><\/p>\n<\/div>\n<p><\/body><\/body><\/html><\/p>\n","protected":false},"excerpt":{"rendered":"<p>TUNISNEWS 10 \u00e8me ann\u00e9e, N\u00b03979 du 15.04.2011 archives : www.tunisnews.net La F.T.C.R d\u00e9nonce l\u2019agression raciste dont a \u00e9t\u00e9 victime un groupe de jeunes tunisiens \u00e0 Vintimille hier en fin d\u2019apr\u00e8s midi. AFP: Tunisie: 300 personnes r\u00e9clament l&rsquo;extradition de Ben Ali AFP: Tunisie: manifestation devant l&rsquo;ambassade d&rsquo;Arabie Saoudite pour r\u00e9clamer l&rsquo;extradition de Ben Ali AFP: Tunisie [&hellip;]<\/p>\n","protected":false},"author":1,"featured_media":22040,"comment_status":"open","ping_status":"open","sticky":false,"template":"","format":"standard","meta":{"inline_featured_image":false,"site-sidebar-layout":"default","site-content-layout":"","ast-site-content-layout":"default","site-content-style":"default","site-sidebar-style":"default","ast-global-header-display":"","ast-banner-title-visibility":"","ast-main-header-display":"","ast-hfb-above-header-display":"","ast-hfb-below-header-display":"","ast-hfb-mobile-header-display":"","site-post-title":"","ast-breadcrumbs-content":"","ast-featured-img":"","footer-sml-layout":"","ast-disable-related-posts":"","theme-transparent-header-meta":"","adv-header-id-meta":"","stick-header-meta":"","header-above-stick-meta":"","header-main-stick-meta":"","header-below-stick-meta":"","astra-migrate-meta-layouts":"default","ast-page-background-enabled":"default","ast-page-background-meta":{"desktop":{"background-color":"","background-image":"","background-repeat":"repeat","background-position":"center center","background-size":"auto","background-attachment":"scroll","background-type":"","background-media":"","overlay-type":"","overlay-color":"","overlay-opacity":"","overlay-gradient":""},"tablet":{"background-color":"","background-image":"","background-repeat":"repeat","background-position":"center center","background-size":"auto","background-attachment":"scroll","background-type":"","background-media":"","overlay-type":"","overlay-color":"","overlay-opacity":"","overlay-gradient":""},"mobile":{"background-color":"","background-image":"","background-repeat":"repeat","background-position":"center center","background-size":"auto","background-attachment":"scroll","background-type":"","background-media":"","overlay-type":"","overlay-color":"","overlay-opacity":"","overlay-gradient":""}},"ast-content-background-meta":{"desktop":{"background-color":"var(--ast-global-color-5)","background-image":"","background-repeat":"repeat","background-position":"center center","background-size":"auto","background-attachment":"scroll","background-type":"","background-media":"","overlay-type":"","overlay-color":"","overlay-opacity":"","overlay-gradient":""},"tablet":{"background-color":"var(--ast-global-color-5)","background-image":"","background-repeat":"repeat","background-position":"center center","background-size":"auto","background-attachment":"scroll","background-type":"","background-media":"","overlay-type":"","overlay-color":"","overlay-opacity":"","overlay-gradient":""},"mobile":{"background-color":"var(--ast-global-color-5)","background-image":"","background-repeat":"repeat","background-position":"center center","background-size":"auto","background-attachment":"scroll","background-type":"","background-media":"","overlay-type":"","overlay-color":"","overlay-opacity":"","overlay-gradient":""}},"footnotes":""},"categories":[],"tags":[56,42,29],"class_list":["post-19336","post","type-post","status-publish","format-standard","has-post-thumbnail","hentry","tag-56","tag-42","tag-fr"],"_links":{"self":[{"href":"https:\/\/tunisnews.net\/ar\/wp-json\/wp\/v2\/posts\/19336","targetHints":{"allow":["GET"]}}],"collection":[{"href":"https:\/\/tunisnews.net\/ar\/wp-json\/wp\/v2\/posts"}],"about":[{"href":"https:\/\/tunisnews.net\/ar\/wp-json\/wp\/v2\/types\/post"}],"author":[{"embeddable":true,"href":"https:\/\/tunisnews.net\/ar\/wp-json\/wp\/v2\/users\/1"}],"replies":[{"embeddable":true,"href":"https:\/\/tunisnews.net\/ar\/wp-json\/wp\/v2\/comments?post=19336"}],"version-history":[{"count":0,"href":"https:\/\/tunisnews.net\/ar\/wp-json\/wp\/v2\/posts\/19336\/revisions"}],"wp:featuredmedia":[{"embeddable":true,"href":"https:\/\/tunisnews.net\/ar\/wp-json\/wp\/v2\/media\/22040"}],"wp:attachment":[{"href":"https:\/\/tunisnews.net\/ar\/wp-json\/wp\/v2\/media?parent=19336"}],"wp:term":[{"taxonomy":"category","embeddable":true,"href":"https:\/\/tunisnews.net\/ar\/wp-json\/wp\/v2\/categories?post=19336"},{"taxonomy":"post_tag","embeddable":true,"href":"https:\/\/tunisnews.net\/ar\/wp-json\/wp\/v2\/tags?post=19336"}],"curies":[{"name":"wp","href":"https:\/\/api.w.org\/{rel}","templated":true}]}}