{"id":19298,"date":"2010-05-06T00:00:00","date_gmt":"2010-05-06T00:00:00","guid":{"rendered":"https:\/\/tunisnews.net\/6-mai-2010\/"},"modified":"2010-05-06T00:00:00","modified_gmt":"2010-05-06T00:00:00","slug":"6-mai-2010","status":"publish","type":"post","link":"https:\/\/tunisnews.net\/ar\/6-mai-2010\/","title":{"rendered":"6 mai 2010"},"content":{"rendered":"<p><html><head><meta content=\"text\/html\" description=\"Dans la matin\u00e9e du mardi 5 mai 2010, les jeunes Lotfi Grira, n\u00e9 le \n\t\t\t1\/3\/1988, \u00e9tudiant \u00e0 l\u2019institut de gestion de Nabeul, et Houssine \n\t\t\tMarzouki, n\u00e9 le 25\/11\/1987, \u00e9tudiant en \u00e9lectronique \u00e0 Gafsa, \n\t\t\toriginaires de la r\u00e9gion de Zaafran, d\u00e9l\u00e9gation de Douz, dans le \n\t\t\tgouvernorat de K\u00e9bili, ont \u00e9t\u00e9 pr\u00e9sent\u00e9s au juge d\u2019instruction du \n\t\t\tsixi\u00e8me bureau du Tribunal de Premi\u00e8re Instance de Tunis dans le \n\t\t\tcadre de l\u2019enqu\u00eate de l\u2019affaire n\u00b017975 pour incitation \u00e0 la \n\t\t\tcommission d\u2019infractions terroristes et \u00e0 l\u2019adh\u00e9sion \u00e0 une \n\t\t\torganisation et une entente incitant \u00e0 la commission d\u2019infractions \n\t\t\tterroristes, et tenue de r\u00e9union non autoris\u00e9e. Le juge \n\t\t\td\u2019instruction a fix\u00e9 au samedi 8 mai l\u2019interrogatoire des deux \n\t\t\taccus\u00e9s.\" http-equiv=\"Content-Type\"\/><\/head><body><body><\/p>\n<div>\u00a0<meta content=\"Microsoft SafeHTML\"\/><\/p>\n<style>.ExternalClass .ecxhmmessage P{padding:0px;}.ExternalClass body.ecxhmmessage{font-size:10pt;font-family:Verdana;}<\/style>\n<\/div>\n<div>\u00a0<meta content=\"Microsoft SafeHTML\"\/><\/p>\n<style>.ExternalClass .ecxhmmessage P{padding:0px;}.ExternalClass body.ecxhmmessage{font-size:10pt;font-family:Verdana;}<\/style>\n<div><font face=\"Arial\" size=\"2\"><\/p>\n<div><\/div>\n<div align=\"center\" dir=\"ltr\"><font size=\"7\"><strong>TUNISNEWS <\/strong><\/font><\/div>\n<div align=\"center\" dir=\"ltr\">\n<div><strong><font>10\u00a0\u00e8me ann\u00e9e, <span lang=\"FR\">N\u00b0\u00a03635 du 06.05.2010<\/span><\/font><\/strong><\/div>\n<\/div>\n<div align=\"center\"><span><font><strong>\u00a0archives : <\/strong><\/font><a target=\"_blank\" rel=\"noopener\"><font><strong>www.tunisnews.net<\/strong><\/font><\/a><\/span><font><strong>\u00a0<\/strong><\/font><span lang=\"FR\"><strong><\/strong><font><span lang=\"FR-CH\"><\/span><\/font><\/span><\/div>\n<p><\/font><span><font><span lang=\"FR\"><\/p>\n<div><strong><font size=\"2\"><\/p>\n<hr\/>\n<p><\/font><\/strong><strong><span lang=\"FR-CH\"><font><span lang=\"FR-CH\">Libert\u00e9\u00a0 et Equit\u00e9: Lotfi Grira et Houssine Marzouki pr\u00e9sent\u00e9s au juge d\u2019instruction  <\/span><\/font><\/span><span lang=\"FR-CH\"><font><span lang=\"FR-CH\">TTU Monde Arabe: LES EMBARRAS DIPLOMATIQUES DE TUNIS<\/span><\/font><\/span><span lang=\"FR-CH\"><font><span lang=\"FR-CH\"> Yahyaoui Mokhtar: La Dictature nuit \u00e0 l\u2019image de notre pays &#8211; Lettre ouverte aux blogueurs Tunisiens\u00a0 (avec les r\u00e9actions des lecteurs) <\/span><span lang=\"FR-CH\">AFP: Affaire Ajimi : les deux policiers blanchis par la juge d&rsquo;instruction<\/span><span lang=\"FR-CH\"> AP: Tunisie: s\u00e9paration r\u00e9ussie de deux b\u00e9b\u00e9s siamoises <\/span><span lang=\"FR-CH\">Jeune Afrique: Succ\u00e8s de l&rsquo;info en ligne en Tunisie<\/span><span lang=\"FR-CH\"> Jeune Afrique: Quand le foot rend fou <\/span><span lang=\"FR-CH\">AFP: Facebook accus\u00e9 de divulguer la vie priv\u00e9e des internautes pour gagner de l&rsquo;argent<\/span><span lang=\"FR-CH\"> AFP: En Libye, les femmes pr\u00e9f\u00e8rent le mariage et le foyer au travail (Seif al-Islam Kadhafi) <\/span><span lang=\"FR-CH\">Reuters: Le fils de Kadhafi plaide pour une constitution en Libye<\/span><span lang=\"FR-CH\"> Reuters: Gaddafi&rsquo;s reformist son urges Libyan constitution<\/span><span lang=\"FR-CH\"> AFP: Libert\u00e9 d&rsquo;expression: \u00ab\u00a0Lyon Mag\u00a0\u00bb fait condamner la France devant la CEDH<\/span><span lang=\"FR-CH\"> AFP: L&rsquo;OCI d\u00e9nonce l&rsquo;intol\u00e9rance en Europe \u00e0 l&rsquo;\u00e9gard des musulmans <\/span><span lang=\"FR-CH\">AFP: En Turquie, les r\u00e9fugi\u00e9s iraniens vivent dans la peur du r\u00e9gime de T\u00e9h\u00e9ran<\/span><\/font><\/span><\/strong><\/div>\n<div>\n<hr\/>\n<\/div>\n<div align=\"center\"><span lang=\"FR-CH\"><font size=\"3\"><font size=\"2\">Libert\u00e9\u00a0 pour Sadok Chourou, le prisonnier des deux d\u00e9cennies Libert\u00e9\u00a0 pour tous les prisonniers politiques <\/font><font size=\"2\"><strong><font>Libert\u00e9\u00a0 et Equit\u00e9<\/font> <\/strong><font>33 rue Mokhtar Atya, 1001, Tunis Liberte.equite@gmail.com Tunis, le 5 mai 2010 <\/font><\/font><\/p>\n<h2 style=\"color: red;\"><font size=\"3\"><strong>Nouvelles des libert\u00e9s en Tunisie<\/strong><\/font><\/h2>\n<p><\/font><\/span><\/div>\n<div>\n<hr\/>\n<\/div>\n<div> <font size=\"2\"><strong>Lotfi Grira et Houssine Marzouki pr\u00e9sent\u00e9s au juge d\u2019instruction<\/strong>  Dans la matin\u00e9e du mardi 5 mai 2010, les jeunes Lotfi Grira, n\u00e9 le 1\/3\/1988, \u00e9tudiant \u00e0 l\u2019institut de gestion de Nabeul, et Houssine Marzouki, n\u00e9 le 25\/11\/1987, \u00e9tudiant en \u00e9lectronique \u00e0 Gafsa, originaires de la r\u00e9gion de Zaafran, d\u00e9l\u00e9gation de Douz, dans le gouvernorat de K\u00e9bili, ont \u00e9t\u00e9 pr\u00e9sent\u00e9s au juge d\u2019instruction du sixi\u00e8me bureau du Tribunal de Premi\u00e8re Instance de Tunis dans le cadre de l\u2019enqu\u00eate de l\u2019affaire n\u00b017975 pour incitation \u00e0 la commission d\u2019infractions terroristes et \u00e0 l\u2019adh\u00e9sion \u00e0 une organisation et une entente incitant \u00e0 la commission d\u2019infractions terroristes, et tenue de r\u00e9union non autoris\u00e9e. Le juge d\u2019instruction a fix\u00e9 au samedi 8 mai l\u2019interrogatoire des deux accus\u00e9s. [\u2026] Pour le bureau ex\u00e9cutif de l\u2019Organisation Le Pr\u00e9sident <\/font><strong><font>Ma\u00eetre Mohammed Nouri<\/font> <\/strong><font size=\"2\">(traduction d\u2019extraits ni revue ni corrig\u00e9e par les auteurs de la version en arabe, LT)<\/font><\/div>\n<div><font face=\"Arial\" size=\"2\"><span lang=\"FR-CH\"><font size=\"3\"><strong><\/p>\n<div>\n<hr\/>\n<\/div>\n<div align=\"center\"><strong>LES EMBARRAS DIPLOMATIQUES DE TUNIS<\/strong><\/div>\n<div align=\"justify\">\n<hr\/>\n<\/div>\n<div align=\"justify\"> <font size=\"2\">Les relations entre la Tunisie et certains pays du Golfe connaissent quelques turbulences. Ainsi, apr\u00e8s Duba\u00ef, qui a renonc\u00e9 au grand projet du Lac de Tunis et souhaite recouvrer les fonds qu&rsquo;il a avanc\u00e9s aux Tunisiens, c&rsquo;est avec l\u2019Arabie Saoudite et le Qatar que des frictions sont apparues. Concernant le premier pays, un avion appartenant \u00e0 la compagnie Karthago Airlines, ramenant chez eux des Tunisiens ayant accompli le petit p\u00e8lerinage (Omra), a \u00e9t\u00e9 emp\u00each\u00e9 de d\u00e9coller. Motif : la compagnie \u2014 d\u00e9tenue par Belhassen Trabelsi, beau-fr\u00e8re du pr\u00e9sident Ben Ali \u2014 tra\u00eene une ardoise de 1,2 million de dollars aupr\u00e8s des Saoudiens, correspondant \u00e0 des factures impay\u00e9es de k\u00e9ros\u00e8ne. Gr\u00e2ce \u00e0 la remise d&rsquo;un ch\u00e8que par l&rsquo;entreprise publique Tunis Air, les choses seraient rentr\u00e9es dans l&rsquo;ordre. Des probl\u00e8mes similaires seraient apparus avec les Libyens. La Compagnie tunisienne de navigation serait intervenue pour honorer des factures de fuel pour le ferry \u00ab\u00a0El Habib\u00a0\u00bb, qui assure la liaison entre Sfax et Tripoli, et commercialis\u00e9 par le neuveu de M. Ben Ali, Imed Trabelsi. Plus graves sont les probl\u00e8mes de la Tunisie avec le Qatar. En effet, Tunis est tr\u00e8s m\u00e9content du ton adopt\u00e9 par la cha\u00eene de t\u00e9l\u00e9vision Al-Jazeera dans la couverture de l&rsquo;actualit\u00e9 tunisienne. La pol\u00e9mique s\u2019est envenim\u00e9e, ces derni\u00e8res semaines, et les journaux officieux tunisiens sont all\u00e9s jusqu&rsquo;\u00e0 qualifier cette cha\u00eene \u00ab\u00a0de sioniste\u201d, en l\u2019accusant d\u2019\u00eatre \u201centre les mains du Mossad\u201d. Et le pr\u00e9sident Ben Ali a envoy\u00e9 un \u00e9missaire \u00e0 Doha. \u00a0Enfin, les relations entre la Tunisie et les Etats-Unis sont toujours passablement tendues. Certes, Hillary Clinton a r\u00e9cemment accept\u00e9 de recevoir le ministre tunisien des Affaires \u00e9trang\u00e8res, Kamal Morjane, alors que son pr\u00e9d\u00e9cesseur, Abdelwahab Abdallah, n\u2019\u00e9tait pas le bienvenu \u00e0 Washington. Mais elle en a profit\u00e9 pour le sermonner au sujet de la situation des droits de l\u2019homme dans son pays.<\/font> <strong><font size=\"2\">(TTU Monde Arabe , Lettre hebdomadaire d&rsquo;informations politiques et strat\u00e9giques\u00a0 &#8211; Num\u00e9ro 646, jeudi 6 Mai 2010)<\/font> \u00a0<\/strong><\/div>\n<p><\/strong><\/p>\n<p align=\"center\"><strong><\/strong><\/p>\n<div>\n<hr\/>\n<\/div>\n<div align=\"center\"><strong>L\u2019entretien de Taoufik Ben Brik sur France 24<\/strong> <\/div>\n<div>\n<hr\/>\n<\/div>\n<p><\/font><\/span><\/p>\n<p align=\"center\"><span lang=\"FR-CH\">(Diffus\u00e9 le dimanche 2 mai 2010) <\/span><\/p>\n<p><span lang=\"FR-CH\">Lib\u00e9r\u00e9 de sa ge\u00f4le le 27 avril dernier apr\u00e8s six mois d\u2019internement, Taoufik Ben Brik est arriv\u00e9 r\u00e9cemment en France, il parle de la Tunisie, des droit de la femme, et du pouvoir du pr\u00e9sident Ben Ali.<\/span><\/p>\n<p><b><span lang=\"FR-CH\">Lien:<\/span><span lang=\"FR-CH\"><\/span><span lang=\"FR-CH\"><a href=\"http:\/\/\/\" target=\"_blank\" rel=\"noopener\"><span>http:\/\/nawaat.org\/portail\/2010\/05\/05\/l-entretien-de-taoufik-ben-brik-sur-france-24\/<\/span><\/a><\/span><\/b><span lang=\"FR-CH\">\u00a0<\/span><\/p>\n<div>\n<hr\/>\n<\/div>\n<div align=\"center\"><span lang=\"FR\"><strong><font size=\"3\">La Dictature nuit \u00e0 l\u2019image de notre pays &#8211; Lettre ouverte aux blogueurs Tunisiens<\/font><\/strong> <\/span><span lang=\"FR\"><\/span><\/div>\n<div>\n<hr\/>\n<\/div>\n<p align=\"justify\"><span lang=\"FR\">La censure est un compl\u00e9ment de la propagande dans les pays autoritaires. Elle sert \u00e0 promouvoir l\u2019image du pays que la propagande pr\u00e9sente est diffuse \u00e0 l\u2019int\u00e9rieure comme dans le monde entier. Les pays dont le syst\u00e8me de communication repose sur une strat\u00e9gie de propagande et de censure sont des pays dont le syst\u00e8me de gouvernance souffre d\u2019un d\u00e9ficit de l\u00e9gitimit\u00e9. <\/span><\/p>\n<p align=\"justify\"><span lang=\"FR\">A la r\u00e9alit\u00e9 concr\u00e8te de la situation dans leur pays ces syst\u00e8me en crise tentent par censure et propagande interpos\u00e9s \u00e0 monter une image fictive de cette r\u00e9alit\u00e9 usant de tout les subterfuges de manipulation et de tromperie\u00a0 que les sciences politique et de communications ont permis. Plus la propagande est pr\u00e9sente, plus la censure est pesante plus la crise est profonde et leur syst\u00e8me de gouvernance et en contradiction avec les besoins de leurs pays et les aspirations de leur soci\u00e9t\u00e9s.<\/span><\/p>\n<p align=\"justify\"><span lang=\"FR\">Ces affirmations, ne proc\u00e8dent pas d\u2019une id\u00e9e personnelle que je veux d\u00e9fendre ou proposer mais tentent tout simplement de d\u00e9poussi\u00e9rer les normes de r\u00e9flexion dont toute entreprise d\u2019action doit s\u2019inspirer dans de semblables situations.<\/span><\/p>\n<p align=\"justify\"><span lang=\"FR\">La Tunisie est une dictature dont le syst\u00e8me autoritaire repose exclusivement sur la propagande et la censure. La libert\u00e9 d\u2019expression n\u2019est pas reconnue et la libert\u00e9 de la presse n\u2019existe pas sauf dans la clandestinit\u00e9 et l\u2019opposition \u00e0 la dictature. Ce n\u2019est l\u00e0 m\u00eame pas une r\u00e9v\u00e9lation qui a besoin d\u2019\u00eatre argument\u00e9e car personne n\u2019est plus au secret de cette triste r\u00e9alit\u00e9. Et de l\u00e0, le summum de l\u2019impuissance et de maque de vision serait de croire pouvoir faire l\u2019\u00e9conomie d\u2019une lutte pour la libert\u00e9 d\u2019expression et de la presse en s\u2019adressant directement au dictateur dans l\u2019espoir de l\u2019obtenir gracieusement. Cette libert\u00e9, en supposant par l\u2019absurde que le dictateur consent, ne serait qu\u2019a l\u2019image de celle du n\u00e8gre que son seigneur lui permet de manger \u00e0 sa table d\u00e9velopp\u00e9e par Frantz Fanon dans Les Damn\u00e9s de la terre.<\/span><\/p>\n<p align=\"justify\"><span lang=\"FR\">C\u2019est mon point de vue sur la Lettre ouverte adress\u00e9e aujourd\u2019hui par les blogueurs au pr\u00e9sident Ben Ali sous le titre \u00ab\u00a0<a href=\"http:\/\/\/\" target=\"_blank\" rel=\"noopener\"><span>La censure nuit \u00e0 l\u2019image du pays<\/span><\/a> \u00bb \u00e0 l\u2019occasion de ce 3 Mai Journ\u00e9e mondiale de la libert\u00e9 de la presse. Je ne veux pas dire plus \u00e0 part que cette voie est sans issu.<\/span><\/p>\n<p align=\"justify\"><b><span lang=\"FR\">Yahyaoui Mokhtar \u2013 Tunis, le 03 Mai 2010<\/span><\/b><\/p>\n<p align=\"justify\"><b><span lang=\"FR-CH\">7 commentaires<\/span><\/b><\/p>\n<p align=\"justify\"><b><span lang=\"FR-CH\">Malek | 4\/05\/2010 | 11:58<\/span><\/b><\/p>\n<p align=\"justify\"><span lang=\"FR-CH\">Encore une fois je suis parfaitement d\u2019accord avec vous m\u00eame si votre d\u00e9marche a l\u2019\u00e9poque bien que \u00ab na\u00efve \u00bb comme vous dites a permis a beaucoup d\u2019entre nous de prendre conscience de l\u2019importance de s\u2019engager. Mais aujourd\u2019hui certains blogueurs (pas seulement d\u2019ailleurs) sont encore dans cette na\u00efvet\u00e9 et ont besoin de se rendre compte eux m\u00eames qu\u2019il n\u2019y a rien a attendre de ce r\u00e9gime\u2026<\/span><\/p>\n<p align=\"justify\"><span lang=\"FR-CH\">Amiti\u00e9s<\/span><\/p>\n<p align=\"justify\"><b><span lang=\"FR-CH\">TUNISIA Watch | 4\/05\/2010 | 13:40<\/span><\/b><\/p>\n<p align=\"justify\"><span lang=\"FR-CH\">Suite au changement de rubrique de cet articles les commentaires pr\u00e9c\u00e9dents (publi\u00e9s plus bas) n\u2019ont pas pu apparaitre ici:<\/span><\/p>\n<p align=\"justify\"><b><span lang=\"FR-CH\">Malek | 3\/05\/2010 | 19:27<\/span><\/b><\/p>\n<p align=\"justify\"><span lang=\"FR-CH\">Je comprends votre point de vue et je ne discute pas votre raisonnement, mais n\u2019avez vous pas eu recourt \u00e0 cette m\u00e9thode quand vous avez voulu d\u00e9noncer la condition des juges et de la justice en Tunisie ? J\u2019imagine qu\u2019en \u00e9crivant votre lettre vous l\u2019avez fait tout en sachant pertinemment que le 1er responsable de la situation de la justice est bien le pr\u00e9sident. Loin de moi l\u2019id\u00e9e de comparer les deux initiatives mais \u00e0 mon avis elles reposent sur le m\u00eame principe.<\/span><\/p>\n<p align=\"justify\"><span lang=\"FR-CH\">Je vous accorde que la forme de cette lettre peut \u00eatre inacceptable pour beaucoup de personnes, mais moi je pr\u00e9f\u00e8re garder le fait qu\u2019elle rappelle au 1er responsable, que ces pratiques sont ill\u00e9gales et indignes de notre pays\u2026<\/span><\/p>\n<p align=\"justify\"><span lang=\"FR-CH\">a mon humble avis il faut encourager la blogosph\u00e8re \u00e0 prendre plus de confiance et \u00e0 s\u2019approprier le combat pour le respect de nos institutions et de nos lois. chacun m\u00e8ne ce combat selon ses moyens et ses convictions\u2026si je me rappelle bien, ces conseils sont de vous Si Mokhtar<\/span><\/p>\n<p align=\"justify\"><span lang=\"FR-CH\">Amiti\u00e9s<\/span><\/p>\n<p align=\"justify\"><b><span lang=\"FR-CH\">TUNISIA Watch | 3\/05\/2010 | 20:46<\/span><\/b><\/p>\n<p align=\"justify\"><span lang=\"FR-CH\">J\u2019avais la phrase qui \u00e9voque ce que vous me rappelez au bout de la plume en \u00e9crivant cette note avant de d\u00e9cider de ne pas citer cet acte pour ne pas me poser en donneur de le\u00e7on et pour inscrire le texte dans les principes fondamentaux.<\/span><\/p>\n<p align=\"justify\"><span lang=\"FR-CH\">Vous savez qu\u2019on a une longue liste d\u2019auteurs de lettres ouvertes au pr\u00e9sidents dans le dernier moiti\u00e9 du si\u00e8cle et nous savons tous ce qu\u2019il en \u00e9t\u00e9\u2026<\/span><\/p>\n<p align=\"justify\"><span lang=\"FR-CH\">J\u2019avais justement pass\u00e9 la soir\u00e9e hier avec des amis \u00e9trangers qui ont \u00e9voqu\u00e9 cette lettre et je me rappelle leur avoir dis \u00ab C\u2019\u00e9t\u00e9 na\u00eff de ma part de demander au pr\u00e9sident l\u2019ind\u00e9pendance de la justice alors qu\u2019il ne nous reconnais pas encore la libert\u00e9 d\u2019expression \u00bb<\/span><\/p>\n<p align=\"justify\"><span lang=\"FR-CH\">vous devez savoir cher Malek que ce que j\u2019ai revendiqu\u00e9 individuellement pour l\u2019ind\u00e9pendance de la justice dans cette lettre a \u00e9t\u00e9 int\u00e9gralement repris par le bureau ex\u00e9cutif elu de l\u2019association des magistrats apr\u00e8s et que cette association rassemble tous les magistrats tunisiens et le complot dont a fait l\u2019objet cette association pour cette raison\u2026 pour la libert\u00e9 de la presse on peut \u00e9voquer ce qui est arriv\u00e9 au syndicats de journaliste\u2026 et les exemples sont \u00e0 ne plus compter dans tous les secteurs de la soci\u00e9t\u00e9..<\/span><\/p>\n<p align=\"justify\"><span lang=\"FR-CH\">Alors j\u2019ai tout simplement voulus dire aux blogueurs de se rappeler de ne pas r\u00e9p\u00e9ter les m\u00eames erreurs de leurs pr\u00e9d\u00e9cesseurs.<\/span><\/p>\n<p align=\"justify\"><span lang=\"FR-CH\">en effet je continu \u00e0 croire qu\u2019il faut \u00ab encourager la blogosph\u00e8re \u00e0 prendre plus de confiance et \u00e0 s\u2019approprier le combat pour le respect de nos institutions et de nos lois. \u00bb Mais sans oublier que la dictature nest pas une institution mais la machine qui les d\u00e9truit. (YM)<\/span><\/p>\n<p align=\"justify\">\u00a0<\/p>\n<p align=\"justify\"><b><span lang=\"FR-CH\">Srond | 5\/05\/2010 | 12:17<\/span><\/b><\/p>\n<p align=\"justify\"><span lang=\"FR-CH\">Bien dit Mr. Yahyaoui. Mon respect.<\/span><\/p>\n<p align=\"justify\"><b><span lang=\"FR-CH\">Arabasta | 5\/05\/2010 | 14:41<\/span><\/b><\/p>\n<p align=\"justify\"><span lang=\"FR-CH\">Mr Yahyaoui,<\/span><\/p>\n<p align=\"justify\"><span lang=\"FR-CH\">Une r\u00e9ponse \u00e0 votre lettre devrait se dissocier en 3 grands axes, je vais essayer d\u2019\u00eatre le plus bref et plus concis possible<\/span><\/p>\n<p align=\"justify\"><span lang=\"FR-CH\">&#8211; Une personne \u00ab dupe \u00bb, pourrait toujours croire que Ben Ali n\u2019est pas responsable de la censure en Tunisie, il suffit de se rappeler l\u2019\u00e9pisode \u00ab Censure de FB \u00bb en 2008 pour s\u2019en \u00ab convaincre \u00bb, c\u2019\u00e9tait un peu pareil du temps de Bourguiba (mais entre temps, nos exigences sont devenues tellement m\u00e9diocres), le combattant supr\u00eame avait balay\u00e9 en un instant les critiques apr\u00e8s l\u2019augmentation du prix du pain en limogeant un haut responsable, et ce jour l\u00e0, les tunisiens (pas que les blogueurs), ont cri\u00e9 leur fameux \u00ab Bourguiba ya hanin, raja3t el 5obza b Sab3in \u00bb (ou un truc de ce genre).Donc s\u2019adresser au pr\u00e9sident de la r\u00e9publique n\u2019est pas obligatoirement une tare\u2026<\/span><\/p>\n<p align=\"justify\"><span lang=\"FR-CH\">&#8211; Une personne moins dupe saurait que qqes parts, Ben Ali est responsable de la censure en Tunisie, mais que officiellement il s\u2019en dissociait, jouer sur cette petite contradiction l\u00e0 est une bonne chose, mettre \u00e0 nu une pratique non reconnue peut l\u2019arr\u00eater puisqu\u2019elle ne pourra plus \u00eatre assum\u00e9e, un diviser pour r\u00e9gner en quelque sorte<\/span><\/p>\n<p align=\"justify\"><span lang=\"FR-CH\">&#8211; Une personne tr\u00e8s intelligente (comme vous) dira que c\u2019est peine perdue, que c\u2019est Ben Ali qu\u2019est le responsable de la censure (apr\u00e8s tout, les sites web du PDP et du Ettajdid sont censur\u00e9s, ce qui ne peut \u00eatre un exc\u00e8s de z\u00e8le d\u2019un simple agent de la censure), mais une personne aussi intelligente que vous sait aussi que Ben Ali n\u2019est pas le le probl\u00e8me (et bien sur pas la solution), que le r\u00e9gime tunisien n\u2019est qu\u2019\u00e0 l\u2019image du peuple tunisien et que le sommet de l\u2019\u00e9tat est aussi bon\/mauvais que les tunisiens normaux, que m\u00eame si on perd de la cr\u00e9dibilit\u00e9 politiquement si l\u2019on s\u2019adresse \u00e0 Ben Ali personnellement, on n\u2019en perd pas en s\u2019adressant \u00e0 la fonction pr\u00e9sidentielle, vous devez savoir aussi qu\u2019une petite br\u00e8che dans ce grand mur du silence pourrait contribuer au bien-\u00eatre national, qu\u2019un seul site web mondial de partage, qu\u2019un seul site d\u2019actu, qu\u2019un seul blog critique r\u00e9ouvert ou laiss\u00e9 sans censure pourrait aider notre peuple dans sa marche vers la d\u00e9mocratie et l\u2019acceptation de l\u2019autre<\/span><\/p>\n<p align=\"justify\"><span lang=\"FR-CH\">Je vous remercie finalement pour votre ouverture d\u2019esprit, vos critiques constructives et surtout votre acceptation de l\u2019autre sans tomber dans le jugement et l\u2019exclusion\u2026<\/span><\/p>\n<p align=\"justify\"><span lang=\"FR-CH\">Bien \u00e0 vous<\/span><\/p>\n<p align=\"justify\"><b><span lang=\"FR-CH\">foetus | 5\/05\/2010 | 22:08<\/span><\/b><\/p>\n<p align=\"justify\"><span lang=\"FR-CH\">Je m\u2019en fous de l\u2019image de mon pays, je veux sa Libert\u00e9<\/span><\/p>\n<p align=\"justify\"><span lang=\"FR-CH\">Monsieur le Bouffon Pr\u00e9sident de la R\u00e9publique,<\/span><\/p>\n<p align=\"justify\"><span lang=\"FR-CH\">Par la pr\u00e9sente, nous avons l\u2019honneur d\u2019attirer votre attention sur un sujet qui vous pr\u00e9occupe beaucoup.<\/span><\/p>\n<p align=\"justify\"><span lang=\"FR-CH\">Depuis son ind\u00e9pendance l\u2019\u00c9tat tunisien a toujours \u00e9t\u00e9 porteur de progr\u00e8s par ses politiques en faveur du g\u00e9nocide de l\u2019information, par la censure, le mensonge ou encore par la r\u00e9pression. Le domaine de l\u2019Internet n\u2019a pas d\u00e9rog\u00e9 \u00e0 la r\u00e8gle et depuis 1996, l\u2019\u00c9tat tunisien, sous votre Pr\u00e9sidence, a d\u00e9velopp\u00e9 une politique volontariste de censure de l\u2019outil Internet. La cr\u00e9ation d\u2019une administration de d\u2019Internet et la mise en place de mesures n\u00e9cessaires pour bloquer et annihil\u00e9 tout vecteur citoyen de ce m\u00e9dia ont port\u00e9 leurs fruits.<\/span><\/p>\n<p align=\"justify\"><span lang=\"FR-CH\">En effet, les internautes tunisiens ont \u00e9t\u00e9 des pionniers dans l\u2019utilisation de cet outil dans diff\u00e9rents domaines notamment le d\u00e9sint\u00e9ressement citoyen, la d\u00e9sinformation et la langue de bois. Aujourd\u2019hui, ils sont des centaines de milliers \u00e0 en faire un usage quotidien. Or, le gouvernement est confront\u00e9 de plus en plus \u00e0 des mesures offensives, manifestement ill\u00e9gales, de la part des internautes tunisiens libres et r\u00e9volt\u00e9s. Ces mesures privent le pouvoir tunisien d\u2019un espace indispensable \u00e0 son \u00e9panouissement social, culturel, professionnel, paralysant ainsi l\u2019\u00e9volution de la dictature.<\/span><\/p>\n<p align=\"justify\"><span lang=\"FR-CH\">Alors que l\u2019ann\u00e9e 2010 a \u00e9t\u00e9, \u00e0 votre initiative, d\u00e9clar\u00e9e ann\u00e9e internationale contre la jeunesse, par l\u2019Assembl\u00e9e G\u00e9n\u00e9rale des Dictateurs Unis, une partie de la jeunesse tunisienne est aujourd\u2019hui frustr\u00e9e de ne pas pouvoir acc\u00e9der \u00e0 leurs sites Internet de r\u00e9sistance favoris. Certains internautes tunisiens qui ont fait le choix de ne pas participer \u00e0 vote lynchage public, ont vu leurs espaces personnels d\u2019expression d\u00e9laiss\u00e9s en Tunisie.<\/span><\/p>\n<p align=\"justify\"><span lang=\"FR-CH\">Apr\u00e8s la multiplication inqui\u00e9tante de ces actions citoyennes arbitraires, et au-del\u00e0 du tort consid\u00e9rable qu\u2019elle inflige \u00e0 l\u2019image de notre pays et \u00e0 sa marche vers le r\u00e9gime monarchique, nous souhaiterions que vous r\u00e9agissiez face \u00e0 cette situation; de sorte \u00e0 ce qu\u2019il n\u2019y ait plus de sites d\u00e9bloqu\u00e9s d\u2019une mani\u00e8re l\u00e9gale reposant sur une d\u00e9cision de justice et en totale ad\u00e9quation avec l\u2019article 8 de la D\u00e9-Constitution de notre pays et l\u2019article 19 de la D\u00e9claration Universelle des Droits de l\u2019Esclave.<\/span><\/p>\n<p align=\"justify\"><span lang=\"FR-CH\">Monsieur le Pr\u00e9sident de la R\u00e9publique, vous avez d\u00e9j\u00e0 par le pass\u00e9 d\u00e9cid\u00e9 la fermeture du site communautaire Facebook apr\u00e8s son utilisation massive en Tunisie. Nous vous appelons aujourd\u2019hui \u00e0 intervenir pour rendre inaccessible \u00e0 nouveau les sites l\u00e9galement censur\u00e9s.<\/span><\/p>\n<p align=\"justify\"><span lang=\"FR-CH\">Nous vous appelons \u00e9galement \u00e0 exiger des responsables de ces sites internet de cesser cette r\u00e9volte citoyenne ill\u00e9gale qui parait aux yeux des tunisiens, aussi al\u00e9atoire qu\u2019incompr\u00e9hensible.<\/span><\/p>\n<p align=\"justify\"><span lang=\"FR-CH\">Nous vous prions d\u2019agr\u00e9er, Monsieur le Bouffon Pr\u00e9sident de la R\u00e9publique, l\u2019assurance de notre parfaite consid\u00e9ration.<\/span><\/p>\n<p align=\"justify\"><span lang=\"FR-CH\">PS. R\u00e9-edition de la lettre honteuse de nos chers blogueurs tunisiens.<\/span><\/p>\n<p align=\"justify\"><span lang=\"FR-CH\"><a href=\"http:\/\/\/\" target=\"_blank\" rel=\"noopener\"><span>http:\/\/www.facebook.com\/notes\/takriz\/je-menfous-de-limage-de-mon-pays-je-veux-sa-liberte\/395318127261<\/span><\/a><\/span><\/p>\n<p align=\"justify\"><b><span lang=\"FR-CH\">TUNISIA Watch | 6\/05\/2010 | 01:51<\/span><\/b><\/p>\n<p align=\"justify\"><span lang=\"FR-CH\">@Arabasta<\/span><\/p>\n<p align=\"justify\"><span lang=\"FR-CH\">Sans souscrire aux intitul\u00e9s de votre classification (dupe, Moins dupe et tr\u00e8s intelligeant) Je suis tout \u00e0 fait d\u2019accord avec vous sur le principe de la diversit\u00e9 d\u2019opinions et d\u2019approches et sur le principe que croire \u00e0 une id\u00e9e ou \u00e0 une d\u00e9marche d\u2019approche d\u00e9termin\u00e9e sur n\u2019importe quel sujet ne signifie pas que les autres sont totalement fausses ou \u00e0 diaboliser.<\/span><\/p>\n<p align=\"justify\"><span lang=\"FR-CH\">Mais si on s\u2019arr\u00eate ici tout devient plausible et chacun se suffit \u00e0 sa propre v\u00e9rit\u00e9. Car qu\u2019on le veuille ou non la d\u00e9mocratie est un \u0153uvre de dialogue de critiques r\u00e9ciproques et de confrontation d\u2019id\u00e9e.<\/span><\/p>\n<p align=\"justify\"><span lang=\"FR-CH\">Cela pour expliquer que ma r\u00e9plique par ce texte (en haut) \u00e0 l\u2019initiative de la lettre ouverte au pr\u00e9sident Ben Ali proc\u00e8de de cette esprit. Sachant que j\u2019ai de l\u2019estime et du respect pour une grande partie des bloggeurs qui ont publi\u00e9 cette lettre dont j\u2019avais l\u2019habitude de consulter les \u00e9crits et que cet acte ne change rien de l\u2019estime que j\u2019ai pour eux car \u00e7a n\u2019a pas de sens de pr\u00e9tendre d\u00e9fendre la libert\u00e9 si on ne reconnais pas le droit aux autres de faire usage de leur libert\u00e9 selon leur libre conscience et je saisi ici l\u2019occasion pour souhaiter \u00e0 leur initiative bonne chance.<\/span><\/p>\n<p align=\"justify\"><span lang=\"FR-CH\">Aujourd\u2019hui la libert\u00e9 dont nous sommes priv\u00e9s r\u00e9ellement dans notre pays nous pouvons l\u2019exercer virtuellement sur le net. Sur le web on est d\u00e9j\u00e0 dans l\u2019apr\u00e8s Ben Ali\u2026 Ben Ali peut toujours censurer mais il ne pourra jamais plus nous emp\u00eacher d\u2019acc\u00e9der \u00e0 nos blogs et \u00e0 tous ce qui peut nous int\u00e9resser sauf \u00e0 couper totalement l\u2019internet du pays ce qui n\u2019est plus possible m\u00eame pour lui.<\/span><\/p>\n<p align=\"justify\"><span lang=\"FR-CH\">Alors soyons patients et solidaires et attendons la fin que tout le monde attend et qui se jouera principalement ICI malgr\u00e9 la censure et malgr\u00e9 tout\u2026 et je vous assure que notre peuple n\u2019a pas besoin d\u2019un blog ou site critique ouvert sans censure pour l\u2019aider c\u2019est nous qui avons besoin de lui pour d\u00e9passer ce qui semble aujourd\u2019hui une fatalit\u00e9.\u00a0<\/span><\/p>\n<p align=\"justify\"><span lang=\"FR-CH\">Amiti\u00e9s<\/span><\/p>\n<p align=\"justify\"><b><span lang=\"FR-CH\">\u00a0(Source\u00a0: le blog \u00ab\u00a0TunisiaWatch\u00a0\u00bb (Censur\u00e9 en Tunisie), consult\u00e9 le 6 mai 2010)<\/span><\/b><\/p>\n<p align=\"justify\"><b><span lang=\"FR-CH\">Lien:<\/span><span lang=\"FR-CH\"><a target=\"_blank\" rel=\"noopener\"><span>http:\/\/www.tunisiawatch.com\/?p=2262<\/span><\/a> <\/span><\/b><\/p>\n<p><\/font><\/div>\n<p><font face=\"Arial\" size=\"2\"><strong><\/p>\n<div>\n<hr\/>\n<\/div>\n<div align=\"center\">\n<h2 style=\"color: red;\"><font face=\"Arial\" size=\"3\">Affaire Ajimi : les deux policiers blanchis par la juge d&rsquo;instruction<\/font><\/h2>\n<p><font face=\"Arial\" size=\"2\"><\/font><\/div>\n<div>\n<hr\/>\n<\/div>\n<div>\n<div>\n<p><a target=\"_blank\" title=\"Affaire Ajimi : les deux policiers blanchis par la juge d'instruction\" rel=\"noopener\"><\/a><\/p>\n<p align=\"justify\"><font face=\"Arial\">AFP, le 6 mai 2010 <\/font><\/p>\n<p align=\"justify\"><font face=\"Arial\">La juge charg\u00e9e d&rsquo;instruire le dossier sur les conditions de la mort d&rsquo;Abdelhakim Ajimi, d\u00e9c\u00e9d\u00e9 en mai 2008 apr\u00e8s son interpellation par deux policiers grassois, a rendu mercredi une ordonnance de non-lieu concernant les deux hommes, a-t-on appris jeudi aupr\u00e8s d&rsquo;un avocat des parties civiles. <\/font><\/p>\n<\/div>\n<div align=\"justify\"><font face=\"Arial\">La juge charg\u00e9e d&rsquo;instruire le dossier sur les conditions de la mort d&rsquo;Abdelhakim Ajimi, d\u00e9c\u00e9d\u00e9 en mai 2008 apr\u00e8s son interpellation par deux policiers grassois, a rendu mercredi une ordonnance de non-lieu concernant les deux hommes, a-t-on appris jeudi aupr\u00e8s d&rsquo;un avocat des parties civiles.<\/font> <font face=\"Arial\">Me Franck De Vita fera d\u00e8s vendredi appel de cette d\u00e9cision, a-t-il indiqu\u00e9 \u00e0 l&rsquo;AFP. Une source judiciaire a confirm\u00e9 que la juge avait rendu une ordonnance de non-lieu partiel dans ce dossier.<\/font> <font face=\"Arial\">La juge qui avait d&rsquo;abord entendu les deux policiers de la Brigade anti-criminalit\u00e9 sous le statut de t\u00e9moin assist\u00e9, avait \u00e9t\u00e9 contrainte de les mettre en examen pour homicide involontaire fin 2009 \u00e0 la suite d&rsquo;un arr\u00eat en ce sens de la chambre de l&rsquo;instruction de la cour d&rsquo;appel d&rsquo;Aix-en-Provence.<\/font> <font face=\"Arial\">Mais elle a finalement d\u00e9cid\u00e9 de ne pas les renvoyer devant le tribunal correctionnel.<\/font> <font face=\"Arial\">Cinq autres policiers doivent en revanche \u00eatre jug\u00e9s pour non-assistance \u00e0 personne en danger, a-t-elle estim\u00e9.<\/font> <font face=\"Arial\">Le parquet avait ouvert dans les jours suivant la mort d&rsquo;Abdelhakim Ajimi une information judiciaire pour \u00ab\u00a0homicide involontaire\u00a0\u00bb, estimant au vu de plusieurs expertises que l&rsquo;interpellation et les m\u00e9thodes employ\u00e9es \u00e9taient l\u00e9gitimes mais les techniques non ma\u00eetris\u00e9es par les agents.<\/font> <font face=\"Arial\">Les rapports d&rsquo;expertise m\u00e9dicale concluent que la mort du jeune homme est due \u00e0 une asphyxie m\u00e9canique cons\u00e9cutive \u00e0 une compression thoracique et une clef de bras pratiqu\u00e9es par les policiers avec trop de force et durant trop longtemps.<\/font> \u00a0<\/div>\n<\/div>\n<p><\/strong><\/font><\/p>\n<div>\n<hr\/>\n<\/div>\n<div align=\"center\"><b><span lang=\"FR-CH\"><font size=\"3\">Tunisie: s\u00e9paration r\u00e9ussie de deux b\u00e9b\u00e9s siamoises<\/font><\/span><\/b><\/div>\n<div>\n<hr\/>\n<\/div>\n<p><\/span><\/p>\n<p align=\"justify\"><span lang=\"FR\"><font><span lang=\"FR-CH\"><em><u>Associated Press, le 6 mai 2010 \u00e0 21h59<\/u><\/em><\/span><\/font><\/span><\/p>\n<p align=\"justify\"><span lang=\"FR\"><font>Premi\u00e8re du genre en <\/font><a href=\"http:\/\/\/\" target=\"_blank\" rel=\"noopener\">Tunisie<\/a><font>. Une \u00e9quipe m\u00e9dicale a annonc\u00e9 mercredi avoir r\u00e9ussi la s\u00e9paration de deux b\u00e9b\u00e9s siamoises unies par la r\u00e9gion abdominale avec fusion des foies. <\/font><a href=\"http:\/\/\/\" target=\"_blank\" rel=\"noopener\">Lire la suite l&rsquo;article<\/a><\/span><\/p>\n<div align=\"justify\"><span lang=\"FR\">L&rsquo;intervention \u00ab\u00a0pratiqu\u00e9e mardi avec succ\u00e8s par une quinzaine de chirurgiens, anesth\u00e9sistes et sp\u00e9cialistes en r\u00e9animation de plusieurs centres hospitalo-universitaires (CHU), a dur\u00e9 pr\u00e8s de cinq heures\u00a0\u00bb, a pr\u00e9cis\u00e9 lors d&rsquo;une conf\u00e9rence de presse, le Pr Sadok Sayed, chef du service de chirurgie p\u00e9diatrique \u00e0 l&rsquo;h\u00f4pital Habib Thameur de Tunis.<\/span> <span lang=\"FR\">Selon le Pr Sonia Ben Khalifa, chef du service d&rsquo;anesth\u00e9sie et de r\u00e9animation \u00e0 l&rsquo;h\u00f4pital pour enfants de Tunis, les deux soeurs siamoises \u00e2g\u00e9es de quatre mois, \u00ab\u00a0se portent bien plus de 24 heures apr\u00e8s l&rsquo;op\u00e9ration\u00a0\u00bb. La proc\u00e9dure a \u00e9t\u00e9 qualifi\u00e9e de \u00ab\u00a0d\u00e9licate\u00a0\u00bb par la radiologue Nadia Aloui en raison de l&rsquo;imbrication des vaisseaux sanguins au niveau des foies.<\/span> <span lang=\"FR\">\u00ab\u00a0Leurs foies sont normaux, tout comme leur tension art\u00e9rielle, leurs battements de coeur et leur respiration\u00a0\u00bb, s&rsquo;est r\u00e9jouie l&rsquo;anesth\u00e9siste.<\/span> <span lang=\"FR\">Pesant ensemble 4,850 kg \u00e0 leur naissance, les deux siamoises ont d\u00fb \u00eatre nourries pendant pr\u00e8s de trois mois pour que leur poids soit port\u00e9 \u00e0 10kg \u00ab\u00a0afin de supporter l&rsquo;op\u00e9ration\u00a0\u00bb.<\/span> <span lang=\"FR\">\u00ab\u00a0C&rsquo;est la premi\u00e8re fois qu&rsquo;une telle intervention est r\u00e9alis\u00e9e de A \u00e0 Z par des praticiens tunisiens\u00a0\u00bb, a not\u00e9 le Pr Sayed en rappelant qu&rsquo;une op\u00e9ration similaire effectu\u00e9e en 1978 avait n\u00e9cessit\u00e9 le recours \u00e0 des anesth\u00e9sistes fran\u00e7ais.<\/span> <span lang=\"FR\">Les deux jumelles, Ala et Najla, doivent \u00eatre gard\u00e9es en observation pour \u00ab\u00a0quelque temps\u00a0\u00bb \u00e0 l&rsquo;h\u00f4pital.<\/span> <span lang=\"FR\">Leur m\u00e8re, Basma Hannachi, 32 ans, qui avait d\u00e9j\u00e0 un gar\u00e7on de 12 ans et une fille de 9 ans, ne cachait pas sa joie devant cet \u00ab\u00a0aboutissement heureux\u00a0\u00bb. \u00ab\u00a0Je respire aujourd&rsquo;hui, apr\u00e8s un accouchement difficile par c\u00e9sarienne\u00a0\u00bb, a-t-elle confi\u00e9 \u00e0 l&rsquo;Associated Press.<\/span> <span lang=\"FR\">Leur p\u00e8re, Makram Terrouaf, 38 ans, a dit, quant \u00e0 lui, avoir d\u00e9clin\u00e9 des offres re\u00e7ues par t\u00e9l\u00e9phone de l&rsquo;\u00e9tranger pour faire op\u00e9rer ses siamoises, notamment en Arabie Saoudite, en d\u00e9pit de sa condition modeste. AP<\/span> \u00a0<\/div>\n<p><span><\/p>\n<p align=\"justify\">\u00a0<\/p>\n<div>\n<hr\/>\n<\/div>\n<div align=\"center\"><b><span lang=\"FR-CH\"><font size=\"3\">Succ\u00e8s de l&rsquo;info en ligne en Tunisie<\/font><\/span><\/b><\/div>\n<div>\n<hr\/>\n<\/div>\n<p><\/span><\/p>\n<p><span lang=\"FR-CH\">Par: Frida Dahmani, \u00e0 Tunis<\/span><\/p>\n<p><span lang=\"FR\">Avec trois millions d&rsquo;internautes r\u00e9guliers, la Tunisie voit ses sites internet d&rsquo;information se d\u00e9velopper rapidement.<\/span><\/p>\n<p><span lang=\"FR\">Webmanager, fond\u00e9 par Hechmi Ammar, a jet\u00e9, il y a dix ans, les bases de la presse \u00e9lectronique en Tunisie. Aujourd\u2019hui, les 17 titres tunisiens, en majorit\u00e9 francophones, connaissent un certain succ\u00e8s. Ce boom n\u2019est pas \u00e9tonnant<\/span><span lang=\"FR\">\u2009<\/span><span lang=\"FR\">: la Tunisie compte trois millions d\u2019internautes assidus. En t\u00eate des sites les plus consult\u00e9s<\/span><span lang=\"FR\">\u2009<\/span><span lang=\"FR\">:<a href=\"http:\/\/\/\" target=\"_blank\" rel=\"noopener\"><i><span>Mosa\u00efque FM<\/span><\/i><\/a>, une radio qui met en ligne l\u2019information quotidienne. Avec 2,4\u00a0millions de visiteurs par mois, elle pr\u00e9c\u00e8de deux journaux \u00e9conomiques, <\/span><u><span lang=\"FR\">businessnews.com.tn<\/span><\/u><span lang=\"FR\"> \u00a0(180<\/span><span lang=\"FR\">\u2009<\/span><span lang=\"FR\">000 visiteurs par mois) et <a href=\"http:\/\/\/\" target=\"_blank\" rel=\"noopener\"><span>webmanagercenter.com<\/span><\/a> (117<\/span><span lang=\"FR\">\u2009<\/span><span lang=\"FR\">000).<\/span><\/p>\n<p><span lang=\"FR\">Dans un pays o\u00f9 les m\u00e9dias sont tr\u00e8s consensuels et parfois ennuyeux, la presse \u00e9lectronique offre une alternative dynamique. Disponible \u00e0 tout moment, elle s\u00e9duit les lecteurs, qui font leur revue de presse en quelques clics. Les annonceurs, qui d\u00e9boursent entre 18<\/span><span lang=\"FR\">\u2009<\/span><span lang=\"FR\">000 et plus de 50<\/span><span lang=\"FR\">\u2009<\/span><span lang=\"FR\">000 dinars (environ 9<\/span><span lang=\"FR\">\u2009<\/span><span lang=\"FR\">500 et 26<\/span><span lang=\"FR\">\u2009<\/span><span lang=\"FR\">500\u00a0euros) par encart chaque ann\u00e9e, ne s\u2019y sont pas tromp\u00e9s<\/span><span lang=\"FR\">\u2009<\/span><span lang=\"FR\">: un flux moyen de 8<\/span><span lang=\"FR\">\u2009<\/span><span lang=\"FR\">000\u00a0\u00e0 10<\/span><span lang=\"FR\">\u2009<\/span><span lang=\"FR\">000 visites par jour leur donne une visibilit\u00e9 int\u00e9ressante. D\u2019autant qu\u2019ils peuvent, \u00e0 tout moment, avoir un retour exact de leur campagne \u00e0 travers des syst\u00e8mes comme Google Analytics qui permet de conna\u00eetre le profil des lecteurs, leur provenance, les pages les plus lues ainsi que, pour chaque internaute, le temps pass\u00e9 sur une page ou un article. Quant aux \u00e9diteurs, ils s\u2019accordent \u00e0 dire que l\u2019acc\u00e8s aux sites ne peut \u00eatre payant et que seule la publicit\u00e9 ou certains services aux entreprises doivent assurer l\u2019\u00e9quilibre financier des sites.<\/span><\/p>\n<p><span lang=\"FR\">Pour l\u2019instant, la presse \u00e9lectronique ne fait pas d\u2019ombre aux journaux papier. \u00ab\u00a0Tout est une question d\u2019angle, explique Amel Mzabi, directrice de <\/span><i><span lang=\"FR\">L\u2019\u00c9co-Journal<\/span><\/i><span lang=\"FR\">. La presse \u00e9crite traite de l\u2019actualit\u00e9 plus en profondeur que la presse \u00e9lectronique, qui est dans l\u2019imm\u00e9diat. Nous r\u00e9pondons de fa\u00e7on diff\u00e9rente aux attentes d\u2019un m\u00eame lectorat.\u00a0\u00bb La presse en ligne reste \u00e0 l\u2019aff\u00fbt de l\u2019information donn\u00e9e en temps r\u00e9el, mais aussi de r\u00e9dacteurs francophones de qualit\u00e9<\/span><span lang=\"FR\">\u2009<\/span><span lang=\"FR\">;<\/span><i><span lang=\"FR\">Webmanager <\/span><\/i><span lang=\"FR\">et <\/span><i><span lang=\"FR\">Businessnews<\/span><\/i><span lang=\"FR\">, respectivement 25 et 16\u00a0collaborateurs, ne demandent qu\u2019\u00e0 \u00e9toffer leurs \u00e9quipes.<\/span><\/p>\n<p><b><i><span lang=\"FR\">Rectificatif <\/span><\/i><\/b><i><span lang=\"FR\">: Webmanagercenter.com a r\u00e9agi \u00e0 la publication de cet article en contestant le chiffre de fr\u00e9quentation de son site web que nous avons indiqu\u00e9. Selon le certificateur de sites web XiTi, ce journal tunisien en ligne d&rsquo;information \u00e9conomique a re\u00e7u 277 815 visiteurs au mois d&rsquo;avril 2010. Que les int\u00e9ress\u00e9s et les lecteurs veuillent bien nous excuser pour cette regrettable erreur.<\/span><\/i><\/p>\n<p><b><span lang=\"FR-CH\">(Source\u00a0: \u00ab\u00a0Jeune Afrique\u00a0\u00bb (Magazine hebdomadaire \u2013 France), N\u00b02572-2573 du 25 avril au 8 mai 2010)<\/span><\/b><\/p>\n<p><span lang=\"EN-GB\"><\/span><\/p>\n<div>\n<hr\/>\n<\/div>\n<p><\/font><\/span><\/p>\n<div align=\"center\"><b><span lang=\"FR-CH\"><font size=\"3\">Quand le foot rend fou<\/font><\/span><\/b><\/div>\n<div>\n<hr\/>\n<\/div>\n<p align=\"justify\"><span lang=\"FR-CH\">Par Abdelaziz Barrouhi, \u00e0 Tunis\u00a0\u00a0\u00a0\u00a0 <\/span><\/p>\n<p align=\"justify\"><i><span lang=\"FR-CH\">Le nouveau pr\u00e9sident de la F\u00e9d\u00e9ration tunisienne de Football (FTF), Ali Hafsi, devra faire face au regain de violence dans les stades. Un ph\u00e9nom\u00e8ne qui ne cesse de tourmenter le monde du ballon rond depuis le match EST-CSHL, le 8 avril \u00e0 Tunis.<\/span><\/i><\/p>\n<p align=\"justify\"><span lang=\"FR-CH\">Jeudi 8 avril, stade olympique d\u2019El-Menzah, \u00e0 Tunis. L\u2019Esp\u00e9rance sportive de Tunis (EST), leader du championnat de football, affronte le Club sportif de Hammam-Lif (CSHL). Peu avant la mi-temps, le club de la capitale est men\u00e9 contre toute attente 0-3. Un adolescent visiblement exc\u00e9d\u00e9, rev\u00eatu du maillot de l\u2019EST, fait alors irruption sur le terrain. Intercept\u00e9 par les forces de l\u2019ordre, il est conduit manu militari sous les gradins. \u00ab Quelques minutes plus tard, raconte un supporteur esp\u00e9rantiste, la rumeur a couru dans le public qu\u2019il avait \u00e9t\u00e9 pass\u00e9 \u00e0 tabac. Devinez la suite. \u00bb Il n\u2019en fallait pas plus en effet pour que les aficionados de l\u2019EST laissent \u00e9clater leur col\u00e8re. Jets de pierres en direction des policiers, qui ripostent en prenant d\u2019assaut le \u00ab virage \u00bb sud, fief des \u00ab ultras \u00bb de l\u2019EST, avant que les d\u00e9bordements ne s\u2019\u00e9tendent aux autres gradins et jusqu\u2019\u00e0 la tribune. \u00ab C\u2019est la premi\u00e8re fois de ma vie que je vois \u00e7a, a d\u00e9clar\u00e9 G\u00e9rard Bucher, l\u2019ancien attaquant de Nice et actuel coach du CSHL, \u00e0 l\u2019issue du match, qui s\u2019est finalement sold\u00e9 par un nul (3-3). La premi\u00e8re chose qu\u2019on doit apprendre dans le sport, c\u2019est accepter de perdre. Ici, on ne sait pas perdre<\/span><span lang=\"FR-CH\">\u2009<\/span><span lang=\"FR-CH\">; quand on perd, on casse tout, il faut tricher. Ce n\u2019est pas bien. \u00bb<\/span><\/p>\n<p align=\"justify\">\u00a0<\/p>\n<p align=\"justify\"><span lang=\"FR-CH\">Bilan de ce que d\u2019aucuns appellent d\u00e9sormais le \u00ab jeudi noir \u00bb du football tunisien<\/span><span lang=\"FR-CH\">\u2009<\/span><span lang=\"FR-CH\">: plusieurs dizaines de bless\u00e9s des deux c\u00f4t\u00e9s, plus de deux cents jeunes interpell\u00e9s, dont la plupart mineurs, rel\u00e2ch\u00e9s par la suite contre l\u2019engagement pris par leurs parents de veiller \u00e0 leur bonne conduite, et des d\u00e9g\u00e2ts mat\u00e9riels consid\u00e9rables, entra\u00eenant la fermeture du stade d\u2019El-Menzah pour plusieurs semaines. L\u2019enqu\u00eate judiciaire ouverte aussit\u00f4t a permis l\u2019inculpation d\u2019une trentaine de jeunes supporteurs de l\u2019EST, dont cinq pour violences physiques sur agent de l\u2019\u00c9tat, les autres pour violences verbales et vandalisme. Une vingtaine d\u2019autres, qui ont atteint l\u2019\u00e2ge de la conscription, ont \u00e9t\u00e9 envoy\u00e9s dans les casernes.<\/span><\/p>\n<p align=\"justify\"><span lang=\"EN-GB\">\u00ab Hooliganisme \u00bb, \u00ab chaos \u00bb, \u00ab tsunami \u00bb, \u00ab apocalypse \u00bb, \u00ab Far West \u00bb\u2026<\/span><span lang=\"FR-CH\">La presse nationale ne m\u00e2che pas ses mots pour d\u00e9crire et d\u00e9noncer les incidents. L\u2019affaire prend d\u00e8s lors une dimension politique. \u00c0 l\u2019occasion de sa r\u00e9union hebdomadaire, pr\u00e9sid\u00e9e par le pr\u00e9sident Zine el-Abidine Ben Ali, le bureau politique du Rassemblement constitutionnel d\u00e9mocratique (RCD, au pouvoir) condamne ces actes de \u00ab vandalisme \u00bb et appelle \u00e0 faire face \u00e0 la violence dans les stades avec \u00ab davantage de rigueur et de fermet\u00e9 \u00bb. Devant la Chambre des d\u00e9put\u00e9s, Samir Labidi, ministre des Sports, annonce que le gouvernement s\u2019appr\u00eate \u00e0 adopter une s\u00e9rie de mesures l\u00e9gislatives destin\u00e9es \u00e0 \u00e9radiquer ce ph\u00e9nom\u00e8ne.<\/span><\/p>\n<p align=\"justify\"><span lang=\"FR-CH\">Un staff irresponsable<\/span><\/p>\n<p align=\"justify\"><span lang=\"FR-CH\">Ces derniers mois, les flamb\u00e9es de violence dans les stades sont devenues monnaie courante, entra\u00eenant la multiplication de matchs disput\u00e9s \u00e0 huis clos. \u00c0 qui la faute<\/span><span lang=\"FR-CH\">\u2009<\/span><span lang=\"FR-CH\">? Selon des statistiques encore confidentielles consult\u00e9es par Jeune Afrique, les autorit\u00e9s ont recens\u00e9, durant la saison 2008-2009, 793 cas d\u2019\u00ab actes non sportifs \u00bb (violences physiques et verbales, jets de projectiles), dont la moiti\u00e9 sont attribu\u00e9s aux joueurs et \u00e0 l\u2019encadrement. Les supporteurs ne sont en cause qu\u2019une fois sur huit. Dans le cas du \u00ab jeudi noir \u00bb, les \u00ab hooligans \u00bb ne sont pas les seuls \u00e0 \u00eatre montr\u00e9s du doigt. Les dirigeants de l\u2019EST sont officiellement accus\u00e9s d\u2019\u00ab avoir failli \u00e0 leur mission d\u2019encadrement du public \u00bb. Le pr\u00e9sident du club, Hamdi Meddeb, l\u2019entra\u00eeneur, Faouzi Benzarti, et le pr\u00e9sident de la section de l\u2019\u00e9quipe professionnelle de football, Riyadh Bennour, se retrouvent sur la sellette. De l\u2019avis g\u00e9n\u00e9ral, c\u2019est le tr\u00e8s impulsif Benzarti qui a, le premier, donn\u00e9 le mauvais exemple. Quand le CSHL a inscrit le troisi\u00e8me but, \u00e0 la 38e minute de jeu, il a piqu\u00e9 un sprint vers l\u2019arbitre et exig\u00e9 qu\u2019il siffle un hors-jeu. Cette intimidation \u2013 que, curieusement, l\u2019arbitre et son adjoint commettront l\u2019erreur de ne pas signaler dans le rapport du match \u2013 a eu pour effet d\u2019exciter davantage le \u00ab virage sud \u00bb. \u00ab L\u2019intervention de Benzarti, estime un supporteur, \u00e9quivalait pour nous \u00e0 un feu vert. \u00bb<\/span><\/p>\n<p align=\"justify\"><span lang=\"FR-CH\">Hamdi Meddeb se voit quant \u00e0 lui reprocher de n\u2019avoir pas sanctionn\u00e9 son entra\u00eeneur. Il n\u2019a pas non plus r\u00e9ussi \u00e0 apaiser les tensions entre forces de l\u2019ordre et supporteurs, malgr\u00e9 les sollicitations r\u00e9p\u00e9t\u00e9es des policiers pour qu\u2019il intervienne. Il a aussi attendu une semaine avant de d\u00e9noncer \u00ab toute forme de violence \u00bb et d\u2019appeler les supporteurs de l\u2019EST \u00ab \u00e0 respecter les installations sportives [\u2026] et tous les protagonistes des rencontres sportives \u00bb. Le \u00ab tombeur \u00bb du charismatique Slim Chiboub en 2007 dirige une entreprise leader dans les produits de grande consommation (produits laitiers). En 2008-2009, il a vers\u00e9 au club 1,4 million de dinars sous forme de don et sign\u00e9 un contrat publicitaire de 1,25 million de dinars avec le groupe Stial, soit au total 2,65 millions de dinars, ce qui repr\u00e9sente environ le quart du budget annuel du club (11,7 millions de dinars). Mais business et sport ne font pas toujours bon m\u00e9nage. \u00ab Meddeb n\u2019a pas r\u00e9ussi \u00e0 pr\u00e9server ce sport, commente un fan de l\u2019Esp\u00e9rance. Il contribue certes au financement du club, mais il en retire des avantages \u00e9normes en termes de marketing. En plus, il ne cesse de menacer de d\u00e9missionner si nous discutons ses d\u00e9cisions. Sa politique a \u00e9t\u00e9 mise en \u00e9chec le 8 avril. Il est temps qu\u2019il en tire les cons\u00e9quences. \u00bb Exemple de cette confusion des genres<\/span><span lang=\"FR-CH\">\u2009<\/span><span lang=\"FR-CH\">: parce que la cha\u00eene de t\u00e9l\u00e9vision priv\u00e9e Hannibal a comment\u00e9 librement, dans la tr\u00e8s populaire \u00e9mission Belmakchouf (\u00ab en toute franchise \u00bb), l\u2019affaire du \u00ab jeudi noir \u00bb, Meddeb a ordonn\u00e9 \u00e0 son staff de boycotter la cha\u00eene et annonc\u00e9 que son entreprise lui fermerait le robinet de la publicit\u00e9.<\/span><\/p>\n<p align=\"justify\"><span lang=\"FR-CH\">Table ronde nationale<\/span><\/p>\n<p align=\"justify\"><span lang=\"FR-CH\">\u00c0 la suite d\u2019un rapport pr\u00e9sent\u00e9 par une commission ad hoc mise sur pied l\u2019an dernier \u00e0 la demande de Ben Ali, le gouvernement s\u2019appr\u00eate \u00e0 prendre des mesures pour lutter contre les comportements antisportifs<\/span><span lang=\"FR-CH\">\u2009<\/span><span lang=\"FR-CH\">: interdire de stade les fauteurs de trouble, sanctionner l\u2019usage de fumig\u00e8nes ou de feu d\u2019artifice, bannir les slogans contenant des \u00ab violences verbales \u00bb et punir s\u00e9v\u00e8rement toute contestation des d\u00e9cisions de l\u2019arbitre. Le minist\u00e8re des Sports envisage aussi de \u00ab responsabiliser \u00bb davantage les pr\u00e9sidents des clubs de premi\u00e8re division, qui ont sign\u00e9 avec lui l\u2019an dernier une \u00ab charte de l\u2019esprit sportif \u00bb. Mais, comme cet engagement n\u2019a pas \u00e9t\u00e9 suivi d\u2019effet, ils devront d\u00e9sormais signer un contrat \u00e0 objectifs avec le minist\u00e8re de tutelle, portant notamment sur la formation et le comportement civique. Les subventions traditionnelles de l\u2019\u00c9tat leur seront vers\u00e9es en fonction des r\u00e9sultats qu\u2019ils obtiendront.<\/span><\/p>\n<p align=\"justify\"><span lang=\"FR-CH\">Reste que la plupart des mesures envisag\u00e9es existent d\u00e9j\u00e0 sous une forme ou sous une autre et n\u2019ont pas \u00e0 elles seules r\u00e9ussi \u00e0 r\u00e9duire les violences, quand elles ne les ont pas accentu\u00e9es par une utilisation tatillonne. Adopter des sanctions pour les appliquer avec plus de fermet\u00e9 \u2013 sans dialogue avec les supporteurs concern\u00e9s \u2013 risque d\u2019aboutir \u00e0 vider les stades, voire \u00e0 exacerber les passions. Une table ronde nationale, \u00e0 laquelle seraient associ\u00e9s les authentiques supporteurs, para\u00eet aujourd\u2019hui indispensable.<\/span><\/p>\n<p align=\"justify\"><b><i><span lang=\"FR-CH\">Qui sont les ultras de l&rsquo;EST ?<\/span><\/i><\/b><\/p>\n<p align=\"justify\"><i><span lang=\"FR-CH\">N\u00e9 en Am\u00e9rique latine dans les ann\u00e9es 1940 avant de se propager un peu partout sur la plan\u00e8te foot, le ph\u00e9nom\u00e8ne des groupes de supporteurs \u00ab ultras \u00bb a atteint la Tunisie au d\u00e9but des ann\u00e9es 2000. L\u2019EST en compte plusieurs. Le plus ancien est le groupe Ultras Lemkachkhine. Lanc\u00e9 en 2002, il est celui qui revendique le plus d\u2019adh\u00e9rents (132), suivi par Zapatista, cr\u00e9\u00e9 en 2007, qui regroupe 113 membres. Citons aussi les Supras Sud, 77 adh\u00e9rents<\/span><span lang=\"FR-CH\">\u2009<\/span><span lang=\"FR-CH\">; Dawlet Taraji, 49<\/span><span lang=\"FR-CH\">\u2009<\/span><span lang=\"FR-CH\">; Torcida, 33<\/span><span lang=\"FR-CH\">\u2009<\/span><span lang=\"FR-CH\">; et Blood &amp; Gold, 33.<\/span><\/i><\/p>\n<p align=\"justify\"><strong>(<font face=\"Arial\" size=\"2\">Source\u00a0: \u00ab\u00a0Jeune Afrique\u00a0\u00bb (Magazine hebdomadaire \u2013 France), N\u00b02572-2573 du 25 avril au 8 mai 2010)<\/font><\/strong><\/p>\n<p align=\"justify\"><strong><\/strong><\/p>\n<div>\n<hr\/>\n<\/div>\n<div align=\"center\"><font size=\"2\"><font face=\"Arial\"><\/p>\n<h2 style=\"color: red;\"><font size=\"3\"><strong>Facebook accus\u00e9 de divulguer la vie priv\u00e9e des internautes pour gagner de l&rsquo;argent<\/strong><\/font><\/h2>\n<p> \u00a0<\/font><\/font><\/div>\n<div>\n<hr\/>\n<\/div>\n<div> \u00a0<\/div>\n<div align=\"justify\"><font face=\"Arial\">AFP, le 6 mai 2010 \u00e0 10h01  Par Glenn CHAPMAN  SAN FRANCISCO (Etats-Unis), 6 mai 2010 (AFP) &#8211; San Francisco &#8211; Fort de plus de 400 millions d&rsquo;utilisateurs dans le monde apr\u00e8s six ans d&rsquo;existence, le site gratuit de socialisation sur internet Facebook se voit accus\u00e9 de divulguer la vie priv\u00e9e de ses utilisateurs pour gagner de l&rsquo;argent.   Ces accusations ont \u00e9t\u00e9 renforc\u00e9es il y a quelques semaines, lorsque le groupe californien a permis \u00e0 ses utilisateurs de signaler les pages internet qu&rsquo;ils ont visit\u00e9es et de faire savoir ce qu&rsquo;ils en pensent.  Pour le patron et co-fondateur de Facebook, Mark Zuckerberg, cette \u00e9volution est une avanc\u00e9e dans la personnalisation du web mais beaucoup d\u00e9noncent une nouvelle trahison de la vie priv\u00e9e.  \u00ab\u00a0Internet est vraiment \u00e0 un tournant important en ce moment\u00a0\u00bb, a dit Zuckerberg en pr\u00e9sentant cette innovation lors d&rsquo;une conf\u00e9rence \u00e0 San Francisco (Californie, ouest) le 21 avril. \u00ab\u00a0Nous progressons vers un internet o\u00f9 le r\u00e9glage par d\u00e9faut sera +social+\u00a0\u00bb, c&rsquo;est-\u00e0-dire permettra de faire conna\u00eetre ses go\u00fbts et ses activit\u00e9s \u00e0 un r\u00e9seau d&rsquo;amis et de connaissances, assure-t-il.  Mais pour Kurt Opsahl, un juriste de l&rsquo;organisation de d\u00e9fense des droits des internautes Electronic Frontier Foundation, \u00ab\u00a0on passe d&rsquo;une situation o\u00f9 on avait un assez bon contr\u00f4 le, \u00e0 une autre o\u00f9 Facebook rend publiques des cat\u00e9gories enti\u00e8res d&rsquo;informations, dans une logique d&rsquo;affaires\u00a0\u00bb.  \u00ab\u00a0On dirait que (Zuckerberg et son \u00e9quipe) veulent aller voir des sites et leur dire: +nous avons tout ce tr\u00e9sor d&rsquo;informations sur nos utilisateurs, qu&rsquo;est-ce que vous avez (en \u00e9change)?+\u00a0\u00bb, ajoute M. Opsahl.  Dans un premier temps, Facebook avait propos\u00e9 de rendre publics tous les achats en ligne de ses utilisateurs mais avait d\u00fb battre en retraite sous les hauts cris d&rsquo;internautes furieux.  Pour Ginger McCall, juriste \u00e0 l&rsquo;association Electronic Privacy Information Center, le nouveau dispositif sur les pages internet visit\u00e9es n&rsquo;est qu&rsquo;une version \u00ab\u00a0r\u00e9nov\u00e9e et am\u00e9lior\u00e9e\u00a0\u00bb de cette premi\u00e8re tentative, visant \u00e0 rentabiliser le r\u00e9pertoire des millions d&rsquo;utilisateurs de Facebook.  Les dirigeants de Facebook assurent qu&rsquo;il ne s&rsquo;agit pas de gagner de l&rsquo;argent car cette innovation ne leur rapporte rien.  Plus de 50.000 sites internet sont en tout cas d\u00e9j\u00e0 partenaires de Facebook, alors qu&rsquo;en avril, l&rsquo;exp\u00e9rience a \u00e9t\u00e9 lanc\u00e9e avec seulement 75 associ\u00e9s.  Pour Opsahl et McCall, l&rsquo;opacit\u00e9 des finances de Facebook permet mal de savoir quelles sont les retomb\u00e9es de ces partenariats. \u00ab\u00a0Facebook conclut des accords dans lesquels il apporte des informations sur ses utilisateurs et on ne sait pas ce qu&rsquo;apportent ses partenaires\u00a0\u00bb, d\u00e9clare Opsahl.  Zuckerberg, lui, assure que \u00ab\u00a0cela n&rsquo;a vraiment pas d&rsquo;impact sur le respect de la vie priv\u00e9e\u00a0\u00bb. Le groupe pr\u00e9cise aussi que rien n&rsquo;est communiqu\u00e9 \u00e0 l&rsquo;insu des utilisateurs qui doivent cliquer sur une case pour faire savoir les pages qu&rsquo;ils visitent.  Mais certains s&rsquo;inqui\u00e8tent que les \u00ab\u00a0profils publics\u00a0\u00bb des utilisateurs de Facebook soient communiqu\u00e9s et qu&rsquo;un nombre croissant de donn\u00e9es soient publiquement accessibles, notamment via des \u00ab\u00a0pages communautaires\u00a0\u00bb faisant la liste par exemple de tous les fans de tel ou tel groupe, de telle ou telle association, etc.  \u00ab\u00a0En \u00e9change de tout service gratuit (comme Google), on doit donner quelque chose, dans ce cas, vous communiquez des \u00e9l\u00e9ments de votre vie quotidienne\u00a0\u00bb, r\u00e9sume l&rsquo;analyste ind\u00e9pendant Rob Enderle, tout en relativisant les risques. \u00ab\u00a0Pour autant qu&rsquo;on sache, (Facebook) ne vend pas votre nom \u00e0 la mafia. Je crois que c&rsquo;est une temp\u00eate dans un verre d&rsquo;eau\u00a0\u00bb, conclut-il. \u00ab\u00a0Apr\u00e8s tout, rien ne vous oblige \u00e0 utiliser ce site\u00a0\u00bb.   AFP <\/font><\/div>\n<div align=\"justify\"><font face=\"Arial\"><\/p>\n<hr\/>\n<p><\/font><\/div>\n<div align=\"center\"><strong><\/p>\n<h2 style=\"color: red;\"><font face=\"Arial\" size=\"3\">En Libye, les femmes pr\u00e9f\u00e8rent le mariage et le foyer au travail (Seif al-Islam Kadhafi)<\/font><\/h2>\n<p><\/strong><\/div>\n<div align=\"justify\">\n<hr\/>\n<p> <font face=\"Arial\">AFP, le 5 mai 2010 \u00e0 18h42  LE CAIRE, 5 mai 2010 (AFP) &#8211; Seif al-Islam Kadhafi, fils du num\u00e9ro un libyen r\u00e9guli\u00e8rement pr\u00e9sent\u00e9 comme le successeur de son p\u00e8re, a d\u00e9clar\u00e9 mercredi que l&rsquo;Etat \u00ab\u00a0gaspillait\u00a0\u00bb ses ressources en investissant dans l&rsquo;\u00e9ducation des femmes en Libye, qui au final optent pour le mariage et le foyer. \u00ab\u00a0Les femmes ne font pas l&rsquo;objet de discrimination en Libye. Les femmes et les hommes sont \u00e9gaux\u00a0\u00bb, a dit le fils Kadhafi devant des \u00e9tudiants, des universitaires et des dignitaires, lors d&rsquo;une conf\u00e9rence \u00e0 l&rsquo;Universit\u00e9 am\u00e9ricaine du Caire. \u00ab\u00a0Les femmes sont tr\u00e8s puissantes dans la soci\u00e9t\u00e9 libyenne. Elles sont dans l&rsquo;arm\u00e9e, elles sont pilotes (&#8230;) elles sont dans toutes les entreprises, tous les minist\u00e8res\u00a0\u00bb, a-t-il soulign\u00e9 devant une salle archi-pleine, ajoutant qu'\u00a0\u00bbelles peuvent conduire\u00a0\u00bb, allusion visant l&rsquo;Arabie saoudite avec qui la Libye entretient des relations tendues depuis des ann\u00e9es. \u00ab\u00a0Le probl\u00e8me en Libye est qu&rsquo;ils gaspillent les ressources de la soci\u00e9t\u00e9 (&#8230;) l&rsquo;Etat d\u00e9pense beaucoup d&rsquo;argent pour \u00e9duquer les femmes et au final elles se marient et restent \u00e0 la maison\u00a0\u00bb. \u00ab\u00a0C&rsquo;est \u00e7a le probl\u00e8me en Libye, les femmes\u00a0\u00bb, a dit Seif al-Islam. Son p\u00e8re, Mouammar Kadhafi, qui dirige la Libye depuis 40 ans et se pose en d\u00e9fenseur de la cause des femmes, a une garde rapproch\u00e9e compos\u00e9e exclusivement de femmes form\u00e9es dans une acad\u00e9mie d&rsquo;officiers d&rsquo;\u00e9lite \u00a0<\/font><\/div>\n<div align=\"justify\"><font face=\"Arial\"><\/p>\n<hr\/>\n<p><\/font><\/div>\n<div align=\"center\">\n<h2 style=\"color: red;\"><font face=\"Arial\" size=\"3\"><strong>Le fils de Kadhafi plaide pour une constitution en Libye<\/strong><\/font><\/h2>\n<\/div>\n<div align=\"justify\">\n<hr\/>\n<p> <font face=\"Arial\">Reuters, le 5 mai 2010 \u00e0 17h23 LE CAIRE, 5 mai (Reuters) &#8211; Sa\u00eff al Islam Kadhafi, fils du num\u00e9ro un libyen, s&rsquo;est dit mercredi favorable \u00e0 l&rsquo;adoption d&rsquo;une constitution en Libye, une mesure n\u00e9cessaire selon lui au d\u00e9veloppement et \u00e0 la prosp\u00e9rit\u00e9 du pays. \u00ab\u00a0Nous avons besoin d&rsquo;une constitution. Vous ne pouvez pas diriger un pays sans avoir une constitution, sans lois fondamentaoles. C&rsquo;est une n\u00e9cessit\u00e9\u00a0\u00bb, a-t-il dit lors d&rsquo;une conf\u00e9rence de presse au Caire. \u00ab\u00a0Le syst\u00e8me de gouvernance (en Libye) doit \u00eatre revu en profondeur, c&rsquo;est la priorit\u00e9 num\u00e9ro un\u00a0\u00bb, a-t-il insist\u00e9. Sa\u00eff al Islam, qui a jou\u00e9 ces derni\u00e8res ann\u00e9es un r\u00f4le essentiel dans l&rsquo;am\u00e9lioration des relations entre la Libye et l&rsquo;Occident, a multipli\u00e9 les propositions en vue d&rsquo;une lib\u00e9ralisation politique et \u00e9onomique dans son pays. La Libye n&rsquo;a actuellement aucune constitution et le pays est dirig\u00e9 selon les principes socialistes expos\u00e9s par Mouammar Kadhafi dans son \u00ab\u00a0Livre vert\u00a0\u00bb.  \u00a0<\/font><\/div>\n<div align=\"justify\"><font face=\"Arial\"><\/p>\n<hr\/>\n<p><\/font><\/div>\n<div align=\"center\">\n<h2 style=\"color: red;\"><font face=\"Arial\" size=\"3\"><strong>Gaddafi&rsquo;s reformist son urges Libyan constitution<\/strong><\/font><\/h2>\n<\/div>\n<div align=\"justify\">\n<hr\/>\n<p> <font face=\"Arial\">AFP, le 5 mai 2010 \u00e0 17h27  Reuters) &#8211; Saif al-Islam Gaddafi, the Libyan leader&rsquo;s liberal-leaning son, Wednesday said a constitution is vital to Libya&rsquo;s prosperity and the country should speed up reforms of its opaque administrative system. World Analysts say Islam, who took a central role in ending Libya&rsquo;s long stand-off with West, has unsettled the country&rsquo;s old guard with proposals for political and economic liberalization. \u00ab\u00a0We need a constitution. You cannot run a country without having a constitution, without basic laws. It&rsquo;s a must,\u00a0\u00bb Gaddafi told a conference in Cairo. Libya has no formal constitution and on paper is ruled according to a system of grass-roots socialism set out in Muammar Gaddafi&rsquo;s \u00ab\u00a0Green Book,\u00a0\u00bb which outlines his philosophy and views on how countries should be governed. Saif al-Islam, who studied at the London School of Economics and has spent years cultivating an image as a reformer, has been seeking to gather support for a constitution, according to Libyans close to ruling circles, but has encountered resistance from hardliners with vested interests in the current system. One Libyan with links to Saif al-Islam&rsquo;s circle said he was planning a new constitution drive in the next few months. \u00ab\u00a0The way of governance needs to be revised dramatically and in a very serious way. This is priority number one,\u00a0\u00bb Saif al-Islam said. Saif al-Islam has the highest profile of the sons of Gaddafi, who with 40 years at the helm in Libya is Africa&rsquo;s longest-serving living leader. Yet analysts say Gaddafi&rsquo;s son has little support from the army, whose endorsement is seen as vital if he is to have a political future. In October, Gaddafi named him head of Libya&rsquo;s Social Popular Leadership, a grouping of business, union and political leaders established in the 1980s to give voice to tribal interests that underpin the government. The position could make Saif al-Islam Libya&rsquo;s second most prominent figure, but the country&rsquo;s powerful conservative establishment appears to be holding up his appointment. Such delays have dimmed hopes that ending sanctions would bring greater political openness in the North African country. A constitution could benefit investors because it would, at least in theory, create a system that is more predictable than the opaque structure in place now. \u00ab\u00a0Efficiency is very important. Sometimes we have fancy and romantic ideas, but reality is a different story,\u00a0\u00bb he told the conference.  \u00a0<\/font><\/div>\n<div align=\"justify\"><font face=\"Arial\"><\/p>\n<hr\/>\n<p><\/font><\/div>\n<div align=\"center\"><strong><\/p>\n<h2 style=\"color: red;\"><font face=\"Arial\" size=\"3\">Libert\u00e9 d&rsquo;expression: \u00ab\u00a0Lyon Mag\u00a0\u00bb fait condamner la France devant la CEDH<\/font><\/h2>\n<p><\/strong><\/div>\n<div align=\"justify\">\n<hr\/>\n<p> <font face=\"Arial\">AFP, le 6 mai 2010 \u00e0 12h49  STRASBOURG (Conseil Europe), 6 mai 2010 (AFP) La Cour europ\u00e9enne des droits de l&rsquo;homme (CEDH) a estim\u00e9 jeudi que la France n&rsquo;avait pas respect\u00e9 la libert\u00e9 d&rsquo;expression d&rsquo;un journaliste du magazine \u00ab\u00a0Lyon Mag\u00a0\u00bb en le condamnant pour diffamation apr\u00e8s un article sur les r\u00e9seaux islamistes \u00e0 Lyon en 2001.   Philippe Brunet Lecomte, directeur de publication du mensuel, avait publi\u00e9 au lendemain des attentats du 11-Septembre, un article intitul\u00e9 \u00ab\u00a0Les musulmans de l&rsquo;agglom\u00e9ration face au terrorisme. Enqu\u00eate: faut-il avoir peur des r\u00e9seaux islamistes \u00e0 Lyon?\u00a0\u00bb. Un homme pr\u00e9sent\u00e9 comme \u00ab\u00a0l&rsquo;un des musulmans les plus influents de Lyon\u00a0\u00bb figurait en couverture et un article lui \u00e9tait consacr\u00e9. Il a saisi le tribunal correctionnel de Lyon pour diffamation. Le directeur et la soci\u00e9t\u00e9 \u00e9ditrice avaient \u00e9t\u00e9 relax\u00e9s en premi\u00e8re instance mais condamn\u00e9s en appel \u00e0 verser 2.500 euros de dommages et int\u00e9r\u00eats au demandeur. La Cour de cassation \u00e9tait all\u00e9e dans le m\u00eame sens en 2004. Mais la CEDH a estim\u00e9 qu&rsquo;en agissant ainsi la France avait viol\u00e9 la libert\u00e9 d&rsquo;expression. \u00ab\u00a0Les articles litigieux s&rsquo;inscrivant \u00e0 l&rsquo;\u00e9poque dans un d\u00e9bat d&rsquo;int\u00e9r\u00eat g\u00e9n\u00e9ral &#8211; ils ont \u00e9t\u00e9 publi\u00e9s juste apr\u00e8s les attentats du 11 septembre 2001 contre le World Trade Center -, la Cour estime que les autorit\u00e9s ne b\u00e9n\u00e9ficiaient que d&rsquo;une faible latitude pour restreindre la libert\u00e9 d&rsquo;expression des requ\u00e9rants\u00a0\u00bb. Celle-ci note \u00e9galement que les articles d\u00e9nonc\u00e9s \u00ab\u00a0faisaient preuve de prudence, en diff\u00e9renciant par exemple islam et islamisme\u00a0\u00bb. La personne pr\u00e9sent\u00e9e en couverture ne \u00ab\u00a0faisait l&rsquo;objet d&rsquo;aucune animosit\u00e9 personnelle et la dose d&rsquo;exag\u00e9ration acceptable en mati\u00e8re de libert\u00e9 journalistique n&rsquo;\u00e9tait pas d\u00e9pass\u00e9e\u00a0\u00bb. \u00ab\u00a0Enfin, les propos litigieux n&rsquo;\u00e9taient pas d\u00e9pourvus de toute base factuelle\u00a0\u00bb puisque de nombreux documents mettant en \u00e9vidence le danger repr\u00e9sent\u00e9 par les discours de l&rsquo;homme en question ont \u00e9t\u00e9 pr\u00e9sent\u00e9s \u00e0 la Cour  AFP \u00a0<\/font><\/div>\n<div align=\"justify\"><font face=\"Arial\"><\/p>\n<hr\/>\n<p><\/font><\/div>\n<div align=\"center\">\n<h2 style=\"color: red;\"><font size=\"3\"><strong><font face=\"Arial\">L&rsquo;OCI d\u00e9nonce l&rsquo;intol\u00e9rance en Europe \u00e0 l&rsquo;\u00e9gard des musulmans<\/font><\/strong><\/font><\/h2>\n<\/div>\n<div align=\"center\"><font face=\"Arial\" size=\"2\"><\/p>\n<hr\/>\n<p><\/font><\/div>\n<div align=\"justify\"><font face=\"Arial\">AFP, le 6 mai 2010 \u00e0 13h42  VIENNE, 6 mai 2010 (AFP) &#8211; Le secr\u00e9taire g\u00e9n\u00e9ral de l\u2019Organisation de la conf\u00e9rence islamique (OCI) , Ekmeleddin Ihsanoglu, a d\u00e9nonc\u00e9 l\u2019intol\u00e9rance en Europe \u00e0 l\u2019\u00e9gard des musulmans et mis en garde contre ses cons\u00e9quences, jeudi \u00e0 Vienne.  Le probl\u00e8me de l\u2019intol\u00e9rance contre les musulmans \u00ab\u00a0est particuli\u00e8rement aigu en Europe\u00a0\u00bb, a d\u00e9clar\u00e9 M. Ihsanoglu lors d\u2019un discours devant le conseil permament des 56 ambassadeurs de l\u2019Organisation pour la s\u00e9curit\u00e9 et la coop\u00e9ration en Europe (OSCE), bas\u00e9e \u00e0 Vienne. Ce ph\u00e9nom\u00e8ne repr\u00e9sente une \u00ab\u00a0menace pour la stabilit\u00e9, l\u2019harmonie et la s\u00e9curit\u00e9\u00a0\u00bb dans le monde, a ajout\u00e9 le secr\u00e9taire g\u00e9n\u00e9ral de l\u2019OCI, qui regroupe, elle, 57 pays musulmans. Il a notamment fait r\u00e9f\u00e9rence au succ\u00e8s grandissant de partis d\u2019extr\u00eame droite et au r\u00e9f\u00e9rendum suisse contre la construction de minarets, qu\u2019il a qualifi\u00e9 d\u2019atteinte \u00e0 la libert\u00e9 religieuse, \u00ab\u00a0qui divise profond\u00e9ment\u00a0\u00bb et qui risque de mener \u00e0 une \u00ab\u00a0confrontation\u00a0\u00bb. Quant \u00e0 la controverse des caricatures de Mahomet publi\u00e9es par des journaux danois, M. Ihsanoglu a estim\u00e9 qu\u2019elle avait \u00ab\u00a0attis\u00e9 l\u2019intol\u00e9rance sous couvert de libert\u00e9 d\u2019expression\u00a0\u00bb. Le secr\u00e9taire g\u00e9n\u00e9ral de l\u2019OCI a appel\u00e9 les pays de l\u2019OSCE \u00e0 collaborer avec son organisation afin d\u2019\u00a0\u00bbinciter au rejet de l\u2019extr\u00e9misme et de d\u00e9velopper une culture du respect et de la tol\u00e9rance\u00a0\u00bb. M. Ihsanoglu compte \u00e0 ce sujet sur le Kazakhstan, qui assure actuellement la pr\u00e9sidence tournante annuelle de l\u2019OSCE et pr\u00e9sidra en 2011 l\u2019OCI. Outre le Kazakhstan, sept autres pays de l\u2019OSCE sont \u00e9galement membres de l\u2019OCI, bas\u00e9e \u00e0 Djeddah, en Arabie Saoudite. M. Ihsanoglu devait encore jeudi s\u2019entretenir avec le pr\u00e9sident autrichien Heinz Fischer.  \u00a0<\/font><\/div>\n<div align=\"justify\"><font face=\"Arial\"><\/p>\n<hr\/>\n<p><\/font><\/div>\n<div align=\"center\"><strong><\/p>\n<h2 style=\"color: red;\"><font face=\"Arial\" size=\"3\">En Turquie, les r\u00e9fugi\u00e9s iraniens vivent dans la peur du r\u00e9gime de T\u00e9h\u00e9ran<\/font><\/h2>\n<p><\/strong><\/div>\n<div align=\"justify\">\n<hr\/>\n<p> <font face=\"Arial\">AFP, le 6 mai 2010 \u00e0 09h56 Par Nicolas CHEVIRON  NEVSEHIR (Turquie), 6 mai 2010 (AFP) &#8211; Iran Manif &#8211; Tortur\u00e9s dans les ge\u00f4les iraniennes ou menac\u00e9s de mort, Behzad, Siyavashi et Ali ont, comme des centaines d&rsquo;opposants iraniens, trouv\u00e9 refuge en Turquie. Mais ils n&rsquo;y ont pas trouv\u00e9 la paix et vivent dans la crainte des agents de la R\u00e9publique islamique. Alors qu&rsquo;en Iran, l&rsquo;opposition s&rsquo;appr\u00eate \u00e0 comm\u00e9morer l&rsquo;anniversaire de la r\u00e9\u00e9lection controvers\u00e9e du pr\u00e9sident Mahmoud Ahmadinejad, le 12 juin 2009, Behzad (un nom d&#8217;emprunt) vit reclus dans son appartement de Nevsehir, une ville du centre de la Turquie. \u00ab\u00a0Les tortures que j&rsquo;ai v\u00e9cues et celles dont j&rsquo;ai \u00e9t\u00e9 t\u00e9moin, ce sont des choses qu&rsquo;un animal n&rsquo;aurait pas faites \u00e0 un autre animal\u00a0\u00bb, d\u00e9clare le jeune homme, dont le seul tort, affirme-t-il, est d&rsquo;avoir particip\u00e9 en juillet \u00e0 une manifestation d&rsquo;\u00e9tudiants contestant le r\u00e9sultat des \u00e9lections. Montrant des photos de son dos z\u00e9br\u00e9 d&rsquo;h\u00e9matomes, Behzad \u00e9gr\u00e8ne la liste des tortures qu&rsquo;il a subies durant quatre mois de prison: s\u00e9ances de coups, insomnies forc\u00e9es, eau glac\u00e9e, s\u00e9vices sexuels, pendaison simul\u00e9e&#8230; \u00ab\u00a0Au bout d&rsquo;un moment, j&rsquo;aurais tout avou\u00e9, je n&rsquo;en pouvais plus. Ils voulaient obtenir des confessions au sujet de mon p\u00e8re, qu&rsquo;il avait des liens avec l&rsquo;Am\u00e9rique et Isra\u00ebl&#8230; Et ils m&rsquo;ont forc\u00e9 \u00e0 le faire\u00a0\u00bb, explique-t-il. Des aveux qui lui ont permis de recouvrer la libert\u00e9. Dans les semaines qui ont suivi, Behzad a travers\u00e9 la fronti\u00e8re irano-turque \u00e0 cheval, avec des contrebandiers, comme de nombreux exil\u00e9s iraniens. Selon les statistiques du Haut commissariat aux r\u00e9fugi\u00e9s des Nations unies (HCR), quelque 4.000 demandeurs d&rsquo;asile et r\u00e9fugi\u00e9s iraniens, dissidents, mais aussi homosexuels, convertis aux christianisme, baha&rsquo;is, sont enregistr\u00e9s en Turquie, leur principale porte de sortie. Le nombre des demandes, 1.828 entre juillet et mars, n&rsquo;a pas vraiment progress\u00e9 depuis la pr\u00e9sidentielle mais leur nature a \u00e9volu\u00e9, indique le HCR. \u00ab\u00a0Beaucoup des nouveaux venus sont des journalistes, des universitaires et\/ou des gens per\u00e7us par le r\u00e9gime comme soutenant l&rsquo;opposition\u00a0\u00bb, d\u00e9clare Metin Corabatir, porte-parole du HCR en Turquie. Bloqu\u00e9 \u00e0 Nevsehir, une des 32 \u00ab\u00a0villes satellites\u00a0\u00bb turques h\u00e9bergeant des demandeurs d&rsquo;asile, Behzad conna\u00eet des jours difficiles en attendant que l&rsquo;Onu statue sur son sort et qu&rsquo;un pays occidental l&rsquo;accueille. Handicap\u00e9 par une jambe raide, souvenir du coup de matraque d&rsquo;un policier lors d&rsquo;une manifestation, souffrant de troubles psychologiques, le jeune homme vit dans le d\u00e9nuement. Mais son principal probl\u00e8me, c&rsquo;est la peur. \u00ab\u00a0Ici j&rsquo;ai peur de tout: de la police, des agents iraniens et de tous les Iraniens qui sont ici, qu&rsquo;ils fassent un rapport sur moi. Parfois j&rsquo;ai peur de sortir de chez moi\u00a0\u00bb, affirme-t-il. Pour lui, la pr\u00e9sence d&rsquo;agents iraniens traquant les dissidents en Turquie ne fait pas de doute: fin novembre, un r\u00e9fugi\u00e9 iranien est arriv\u00e9 \u00e0 Nevsehir et le lendemain, il avait disparu, ne restait de lui que ses valises, encore ferm\u00e9es, relate-t-il. \u00ab\u00a0Un soir vers minuit, trois hommes ivres ont essay\u00e9 d&rsquo;enfoncer la porte de ma maison en poussant des hurlements. Heureusement mes voisins du dessous, des Turcs, sont intervenus\u00a0\u00bb, raconte pour sa part son ami Siyavash. Emprisonn\u00e9 plusieurs mois en Iran, Siyavash montre sur ses cuisses des br\u00fblures caus\u00e9es par des chocs \u00e9lectriques. Condamn\u00e9 \u00e0 mort pour blasph\u00e8me, Ali est arriv\u00e9 en Turquie en septembre. R\u00e9solu \u00e0 dire dans ce pays ce qu&rsquo;il devait taire en Iran, le jeune dissident affirme avoir d\u00e9j\u00e0 \u00e9t\u00e9 menac\u00e9. Apr\u00e8s avoir rencontr\u00e9 un journaliste, \u00ab\u00a0dans une rue d\u00e9serte, vers minuit, j&rsquo;ai \u00e9t\u00e9 menac\u00e9 par trois Iraniens, qui m&rsquo;ont mis un couteau sous la gorge. Ils m&rsquo;ont dit que c&rsquo;\u00e9tait ma derni\u00e8re interview&#8230; \u00ab\u00a0, se souvient-il. Interrog\u00e9e par l&rsquo;AFP, la police locale a indiqu\u00e9 qu&rsquo;elle d\u00e9conseillait aux r\u00e9fugi\u00e9s iraniens de s&rsquo;adresser aux m\u00e9dias, pour \u00e9viter qu&rsquo;ils soient victimes de repr\u00e9sailles.<\/font><\/div>\n<p>\u00a0<\/p>\n<\/div>\n<\/div>\n<div>\n<div>\n<div><font face=\"Arial\" size=\"2\"><\/p>\n<div>\n<div>\n<div onclick=\"return Control.invoke('ReadingPane', '_onBodyClick', event);\">\n<div>\n<div>\n<div>\n<p dir=\"ltr\">\u00a0<\/p>\n<\/div>\n<\/div>\n<\/div>\n<\/div>\n<\/div>\n<\/div>\n<p><\/font><\/div>\n<\/div>\n<\/div>\n<p align=\"center\" dir=\"ltr\">\n<h2 style=\"color: red;\"><font face=\"Arial\" size=\"2\"><strong><b><a href=\"http:\/\/www.tunisnews.net\/\"><font face=\"Arial\"><span><font size=\"2\">Home<\/font><\/span><font size=\"2\"><span lang=\"FR-CH\"> &#8211; Accueil <\/span><span>&#8211; <\/span><\/font><\/font><span dir=\"rtl\" lang=\"AR-SA\"><font size=\"2\">\u0627\u0644\u0631\u0626\u064a\u0633\u064a\u0629<\/font><\/span><\/a><\/b><\/strong><\/font><\/h2>\n<\/p>\n<p align=\"center\" dir=\"ltr\">\u00a0<\/p>\n<p><\/body><\/body><\/html><\/p>\n","protected":false},"excerpt":{"rendered":"<p>\u00a0 \u00a0 TUNISNEWS 10\u00a0\u00e8me ann\u00e9e, N\u00b0\u00a03635 du 06.05.2010 \u00a0archives : www.tunisnews.net\u00a0 Libert\u00e9\u00a0 et Equit\u00e9: Lotfi Grira et Houssine Marzouki pr\u00e9sent\u00e9s au juge d\u2019instruction TTU Monde Arabe: LES EMBARRAS DIPLOMATIQUES DE TUNIS Yahyaoui Mokhtar: La Dictature nuit \u00e0 l\u2019image de notre pays &#8211; Lettre ouverte aux blogueurs Tunisiens\u00a0 (avec les r\u00e9actions des lecteurs) AFP: Affaire Ajimi [&hellip;]<\/p>\n","protected":false},"author":1,"featured_media":22040,"comment_status":"open","ping_status":"open","sticky":false,"template":"","format":"standard","meta":{"inline_featured_image":false,"site-sidebar-layout":"default","site-content-layout":"","ast-site-content-layout":"default","site-content-style":"default","site-sidebar-style":"default","ast-global-header-display":"","ast-banner-title-visibility":"","ast-main-header-display":"","ast-hfb-above-header-display":"","ast-hfb-below-header-display":"","ast-hfb-mobile-header-display":"","site-post-title":"","ast-breadcrumbs-content":"","ast-featured-img":"","footer-sml-layout":"","ast-disable-related-posts":"","theme-transparent-header-meta":"","adv-header-id-meta":"","stick-header-meta":"","header-above-stick-meta":"","header-main-stick-meta":"","header-below-stick-meta":"","astra-migrate-meta-layouts":"default","ast-page-background-enabled":"default","ast-page-background-meta":{"desktop":{"background-color":"","background-image":"","background-repeat":"repeat","background-position":"center center","background-size":"auto","background-attachment":"scroll","background-type":"","background-media":"","overlay-type":"","overlay-color":"","overlay-opacity":"","overlay-gradient":""},"tablet":{"background-color":"","background-image":"","background-repeat":"repeat","background-position":"center center","background-size":"auto","background-attachment":"scroll","background-type":"","background-media":"","overlay-type":"","overlay-color":"","overlay-opacity":"","overlay-gradient":""},"mobile":{"background-color":"","background-image":"","background-repeat":"repeat","background-position":"center center","background-size":"auto","background-attachment":"scroll","background-type":"","background-media":"","overlay-type":"","overlay-color":"","overlay-opacity":"","overlay-gradient":""}},"ast-content-background-meta":{"desktop":{"background-color":"var(--ast-global-color-5)","background-image":"","background-repeat":"repeat","background-position":"center center","background-size":"auto","background-attachment":"scroll","background-type":"","background-media":"","overlay-type":"","overlay-color":"","overlay-opacity":"","overlay-gradient":""},"tablet":{"background-color":"var(--ast-global-color-5)","background-image":"","background-repeat":"repeat","background-position":"center center","background-size":"auto","background-attachment":"scroll","background-type":"","background-media":"","overlay-type":"","overlay-color":"","overlay-opacity":"","overlay-gradient":""},"mobile":{"background-color":"var(--ast-global-color-5)","background-image":"","background-repeat":"repeat","background-position":"center center","background-size":"auto","background-attachment":"scroll","background-type":"","background-media":"","overlay-type":"","overlay-color":"","overlay-opacity":"","overlay-gradient":""}},"footnotes":""},"categories":[],"tags":[57,41,29],"class_list":["post-19298","post","type-post","status-publish","format-standard","has-post-thumbnail","hentry","tag-57","tag-41","tag-fr"],"_links":{"self":[{"href":"https:\/\/tunisnews.net\/ar\/wp-json\/wp\/v2\/posts\/19298","targetHints":{"allow":["GET"]}}],"collection":[{"href":"https:\/\/tunisnews.net\/ar\/wp-json\/wp\/v2\/posts"}],"about":[{"href":"https:\/\/tunisnews.net\/ar\/wp-json\/wp\/v2\/types\/post"}],"author":[{"embeddable":true,"href":"https:\/\/tunisnews.net\/ar\/wp-json\/wp\/v2\/users\/1"}],"replies":[{"embeddable":true,"href":"https:\/\/tunisnews.net\/ar\/wp-json\/wp\/v2\/comments?post=19298"}],"version-history":[{"count":0,"href":"https:\/\/tunisnews.net\/ar\/wp-json\/wp\/v2\/posts\/19298\/revisions"}],"wp:featuredmedia":[{"embeddable":true,"href":"https:\/\/tunisnews.net\/ar\/wp-json\/wp\/v2\/media\/22040"}],"wp:attachment":[{"href":"https:\/\/tunisnews.net\/ar\/wp-json\/wp\/v2\/media?parent=19298"}],"wp:term":[{"taxonomy":"category","embeddable":true,"href":"https:\/\/tunisnews.net\/ar\/wp-json\/wp\/v2\/categories?post=19298"},{"taxonomy":"post_tag","embeddable":true,"href":"https:\/\/tunisnews.net\/ar\/wp-json\/wp\/v2\/tags?post=19298"}],"curies":[{"name":"wp","href":"https:\/\/api.w.org\/{rel}","templated":true}]}}