{"id":19253,"date":"2006-05-13T00:00:00","date_gmt":"2006-05-13T00:00:00","guid":{"rendered":"https:\/\/tunisnews.net\/13-mai-2006\/"},"modified":"2006-05-13T00:00:00","modified_gmt":"2006-05-13T00:00:00","slug":"13-mai-2006","status":"publish","type":"post","link":"https:\/\/tunisnews.net\/ar\/13-mai-2006\/","title":{"rendered":"13 mai 2006"},"content":{"rendered":"<p><html><head><meta content=\"text\/html\" description=\"    2\/ les agressions dont \u00e9taient victimes certaines confr\u00e8res qui a n\u00e9cessit\u00e9     le transfert d'urgence \u00e0 l'h\u00f4pital de Me. Abderrazak KILANI, Membre du     Conseil de l'Ordre et de notre confr\u00e8re Ayechi HAMMEMI.\" http-equiv=\"Content-Type\"\/><\/head><body><body style=\"text-align: justify\"><\/p>\n<p align=\"center\"><b><a href=\"https:\/\/tunisnews.net\/ar\/\"><span>Home<\/span><span lang=\"FR-CH\"> &#8211; Accueil <\/span><span>&#8211; <\/span><span dir=\"rtl\" lang=\"AR-SA\">\u0627\u0644\u0631\u0626\u064a\u0633\u064a\u0629<\/span><\/a><\/b><\/p>\n<div> <font face=\"Arial\" size=\"2\"> <\/p>\n<div>\n<div>\n<table border=\"1\" width=\"100%\">\n<tr>\n<td bgcolor=\"#efefef\" width=\"100%\"> <span lang=\"AR-SA\"> <\/p>\n<div align=\"left\">  <\/div>\n<div> <span lang=\"FR\"> <\/p>\n<div align=\"center\" dir=\"ltr\"> <font face=\"Arial\"><font size=\"2\"> <span lang=\"SV\"> <strong>TUNISNEWS<\/strong><\/span> <\/font><\/font> <\/div>\n<div align=\"center\" dir=\"ltr\"> <strong><font face=\"Arial\"><font size=\"2\">              7\u00a0\u00e8me\u00a0ann\u00e9e, <span lang=\"FR\">N\u00b0\u00a02182 du 13.05.2006<\/span><\/font><\/font><\/strong><\/div>\n<div align=\"center\" dir=\"ltr\"> <strong> <\/p>\n<div align=\"center\"> <b><span><blink> <font face=\"Arial\" size=\"2\">\u00a0archives : <\/font> <a href=\"https:\/\/tunisnews.net\/ar\/\" target=\"_blank\" rel=\"noopener\"> <font face=\"Arial\" size=\"2\" target=\"_blank\">                www.tunisnews.net<\/font><\/a><\/blink><\/span><\/b><font face=\"Arial\" size=\"2\"> <\/font> <\/div>\n<p> <\/strong><\/div>\n<p> <\/span><\/div>\n<p> <font face=\"Arial\"><font size=\"2\"> <\/p>\n<div align=\"left\" dir=\"ltr\">\n<hr noshade=\"\" size=\"8\"\/> <\/div>\n<p> <\/font><font face=\"Arial\"> <span lang=\"FR\"> <font size=\"2\"> <span lang=\"FR-CH\"> <span lang=\"FR\"><font size=\"3\"> <span lang=\"FR\"> <font><span lang=\"FR\"> <font face=\"Arial\"> <\/p>\n<div align=\"left\" dir=\"ltr\">\n<div>\n<div align=\"left\" dir=\"ltr\">\n<div>\n<div align=\"left\" dir=\"ltr\">\n<div>\n<div> <font face=\"Arial\" size=\"2\"><\/font><font face=\"Arial\"> <\/p>\n<div> <font> <\/p>\n<div> <span lang=\"FR\"> <font> <\/p>\n<div>\n<div> <span lang=\"FR\"> <span lang=\"FR\"> <font size=\"2\"> <\/p>\n<div>\n<p> <span lang=\"FR\"> <span align=\"left\"> <span><strong>Ordre                                   National des Avocats: \u00a0Communiqu\u00e8<\/strong><\/span><\/span><\/span><\/p>\n<p> <span lang=\"FR\"> <span align=\"left\"> <span> <\/p>\n<p><font face=\"Arial\"><strong>La                                   chronique d&rsquo;Amnesty: Tunisie &#8211;\u00a0Les droits de                                   la femme en Tunisie, mod\u00e8le ou alibi ?<\/strong><\/font><\/p>\n<p><\/span><\/span><\/span><\/p>\n<p> <span lang=\"FR\"> <span align=\"left\"><strong> <span> <\/p>\n<p><font><font>                                  D\u00e9claration commune des Verts De France, du                                   Maroc et de Tunisie\u00a0\u00a0                                    <\/font>Dr. Sahbi Amri: L\u2019Albatros                                   <\/font><\/p>\n<p><\/span><font> <span>Le Journal : A                                   CANAL 7, avant son d\u00e9m\u00e9nagement &#8211; Ne prenez                                   pas tout avec vous !<\/span><o:p><\/o:p><\/font><\/strong><\/span><\/span><\/p>\n<p> <span lang=\"FR\"> <span align=\"left\"> <span> <\/p>\n<p><font><strong>Le Journal :                                   Desamorcer la rumeur                                   <font>R\u00e9alit\u00e9s: De la libert\u00e9                                   de presse, encore une fois<\/font>                                   R\u00e9alit\u00e9s : N\u00e9jib Bouziri : \u201c Je reproche \u00e0                                   Bourguiba de n\u2019avoir pas encourag\u00e9 la                                   d\u00e9mocratie \u201d                                   <font>Ta\u00efeb Moalla: Une                                   r\u00e9ponse insuffisante pour les Palestiniens<\/font><\/strong> <\/font><\/p>\n<p><\/span><\/span><\/span> <\/p>\n<\/div>\n<p> <\/font><\/span><\/span><\/div>\n<\/p><\/div>\n<p> <\/font><\/span> <\/div>\n<p> <\/font> <\/div>\n<p> <\/font><\/div>\n<\/p><\/div>\n<\/p><\/div>\n<\/p><\/div>\n<\/p><\/div>\n<\/p><\/div>\n<\/p><\/div>\n<p> <\/font><\/span><\/font><\/span><\/font><\/span><\/span><\/font><\/span><\/font> <\/font><\/span><\/td>\n<\/tr>\n<\/table><\/div>\n<\/p><\/div>\n<p> <\/font><\/div>\n<div>  \u00a0<\/div>\n<div> <font face=\"Arial\" size=\"2\"> <\/p>\n<div align=\"center\"> <strong><font>\u00a0\u00a0 ORDRE NATIONAL DES AVOCATS DE TUNISIE<\/font><\/strong>     \u00a0\u00a0\u00a0\u00a0\u00a0\u00a0\u00a0\u00a0 Palais de Justice \u2013 Tunis     \u00a0     \u00a0     \u00a0\u00a0\u00a0\u00a0\u00a0\u00a0\u00a0\u00a0\u00a0\u00a0\u00a0\u00a0\u00a0\u00a0\u00a0\u00a0\u00a0\u00a0\u00a0\u00a0\u00a0\u00a0\u00a0\u00a0\u00a0\u00a0\u00a0\u00a0\u00a0\u00a0\u00a0\u00a0\u00a0\u00a0\u00a0\u00a0\u00a0\u00a0\u00a0\u00a0\u00a0\u00a0\u00a0\u00a0\u00a0\u00a0\u00a0\u00a0\u00a0\u00a0\u00a0\u00a0\u00a0\u00a0\u00a0\u00a0\u00a0\u00a0\u00a0\u00a0\u00a0\u00a0\u00a0\u00a0\u00a0\u00a0\u00a0\u00a0\u00a0\u00a0\u00a0\u00a0\u00a0\u00a0\u00a0\u00a0\u00a0\u00a0\u00a0\u00a0\u00a0\u00a0\u00a0\u00a0\u00a0\u00a0\u00a0\u00a0\u00a0\u00a0\u00a0\u00a0\u00a0\u00a0\u00a0\u00a0\u00a0\u00a0\u00a0\u00a0\u00a0\u00a0\u00a0\u00a0\u00a0\u00a0\u00a0\u00a0\u00a0     Tunis le: 09\/05\/2006\u00a0     <strong><font>\u00a0     <\/font><\/strong><strong><\/p>\n<h2 style=\"color: red;\"><font><font face=\"Arial\">COMMUNIQUE (traduction) N\u00b04<\/font><\/font><\/h2>\n<p><\/strong><font face=\"Arial\"> \u00a0<\/font><\/div>\n<p> <\/font><font face=\"Arial\" size=\"2\"> <\/p>\n<div align=\"justify\">         \u00a0     Le Conseil de l&rsquo;Ordre des Avocats r\u00e9unis le samedi 13\/05\/2006 au Palais de     justice \u00e0 tunis.     Apr\u00e8s avoir examin\u00e9 les derniers d\u00e9veloppements consistant principalement     en:     1\/\u00a0 le blocus permanent par les forces de police en civil et en tenue de la     maison du Barreau.     2\/ les agressions dont \u00e9taient victimes certaines confr\u00e8res qui a n\u00e9cessit\u00e9     le transfert d&rsquo;urgence \u00e0 l&rsquo;h\u00f4pital de Me. Abderrazak KILANI, Membre du     Conseil de l&rsquo;Ordre et de notre confr\u00e8re Ayechi HAMMEMI.     &#8211;\u00a0\u00a0\u00a0\u00a0\u00a0\u00a0\u00a0\u00a0\u00a0\u00a0\u00a0\u00a0\u00a0\u00a0\u00a0\u00a0\u00a0\u00a0\u00a0\u00a0\u00a0 d\u00e9nonce ces pratique abusives et qui manifestent une     violation flagrante des r\u00e8gles l\u00e9gales \u00e9l\u00e9mentaires.      &#8211;\u00a0\u00a0\u00a0\u00a0\u00a0\u00a0\u00a0\u00a0\u00a0\u00a0\u00a0\u00a0\u00a0\u00a0\u00a0\u00a0\u00a0\u00a0\u00a0\u00a0\u00a0 Invite l&rsquo;intervention du Ministre de l&rsquo;int\u00e9rieur afin     de prendre les mesures n\u00e9cessaires pour la lev\u00e9e du blocus de la Maison du     Barreau et de cesser toute agression \u00e0 l&rsquo;encontre des Avocats.     &#8211;\u00a0\u00a0\u00a0\u00a0\u00a0\u00a0\u00a0\u00a0\u00a0\u00a0\u00a0\u00a0\u00a0\u00a0\u00a0\u00a0\u00a0\u00a0\u00a0\u00a0\u00a0 Lance un appel \u00e0 tous les Confr\u00e8res pour manifester     leurs soutien et solidarit\u00e9 avec leurs structures l\u00e9gitimes afin de     pr\u00e9server leurs int\u00e9r\u00eats et activer d&rsquo;avantage le sit-in.\u00a0\u00a0\u00a0\u00a0\u00a0      \u00a0\u00a0\u00a0\u00a0\u00a0\u00a0\u00a0\u00a0\u00a0\u00a0\u00a0\u00a0\u00a0\u00a0\u00a0\u00a0\u00a0\u00a0\u00a0\u00a0\u00a0\u00a0\u00a0\u00a0\u00a0\u00a0\u00a0\u00a0\u00a0\u00a0\u00a0\u00a0\u00a0\u00a0\u00a0\u00a0\u00a0\u00a0\u00a0\u00a0\u00a0\u00a0\u00a0\u00a0\u00a0\u00a0\u00a0\u00a0\u00a0\u00a0\u00a0\u00a0\u00a0\u00a0\u00a0\u00a0\u00a0\u00a0\u00a0\u00a0\u00a0\u00a0\u00a0\u00a0\u00a0\u00a0\u00a0\u00a0 Pour le     Conseil de l&rsquo;Ordre     \u00a0      \u00a0\u00a0\u00a0\u00a0\u00a0\u00a0\u00a0\u00a0\u00a0\u00a0\u00a0\u00a0\u00a0\u00a0\u00a0\u00a0\u00a0\u00a0\u00a0\u00a0\u00a0\u00a0\u00a0\u00a0\u00a0\u00a0\u00a0\u00a0\u00a0\u00a0\u00a0\u00a0\u00a0\u00a0\u00a0\u00a0\u00a0\u00a0\u00a0\u00a0\u00a0\u00a0\u00a0\u00a0\u00a0\u00a0\u00a0\u00a0\u00a0\u00a0\u00a0\u00a0\u00a0\u00a0\u00a0\u00a0\u00a0\u00a0\u00a0\u00a0\u00a0\u00a0\u00a0\u00a0\u00a0\u00a0\u00a0\u00a0\u00a0\u00a0\u00a0\u00a0\u00a0\u00a0\u00a0\u00a0\u00a0\u00a0\u00a0\u00a0\u00a0\u00a0\u00a0\u00a0\u00a0\u00a0\u00a0\u00a0\u00a0\u00a0\u00a0\u00a0\u00a0\u00a0\u00a0\u00a0\u00a0\u00a0\u00a0\u00a0\u00a0\u00a0\u00a0     Le B\u00e2tonnier     \u00a0\u00a0\u00a0\u00a0\u00a0\u00a0\u00a0\u00a0\u00a0\u00a0\u00a0\u00a0\u00a0\u00a0\u00a0\u00a0\u00a0\u00a0\u00a0\u00a0\u00a0\u00a0\u00a0\u00a0\u00a0\u00a0\u00a0\u00a0\u00a0\u00a0\u00a0\u00a0\u00a0\u00a0\u00a0\u00a0\u00a0\u00a0\u00a0\u00a0\u00a0\u00a0\u00a0\u00a0\u00a0\u00a0\u00a0\u00a0\u00a0\u00a0\u00a0\u00a0\u00a0\u00a0\u00a0\u00a0\u00a0\u00a0\u00a0\u00a0\u00a0\u00a0\u00a0\u00a0\u00a0\u00a0\u00a0\u00a0\u00a0\u00a0\u00a0\u00a0\u00a0\u00a0\u00a0\u00a0\u00a0\u00a0\u00a0\u00a0\u00a0\u00a0\u00a0\u00a0\u00a0\u00a0\u00a0\u00a0\u00a0\u00a0\u00a0\u00a0\u00a0\u00a0\u00a0         \u00a0\u00a0\u00a0\u00a0\u00a0\u00a0\u00a0\u00a0\u00a0\u00a0\u00a0\u00a0\u00a0\u00a0\u00a0\u00a0\u00a0\u00a0\u00a0\u00a0\u00a0\u00a0\u00a0\u00a0\u00a0\u00a0\u00a0\u00a0\u00a0\u00a0\u00a0\u00a0\u00a0\u00a0\u00a0\u00a0\u00a0\u00a0\u00a0\u00a0\u00a0\u00a0\u00a0\u00a0\u00a0\u00a0\u00a0\u00a0\u00a0\u00a0\u00a0\u00a0\u00a0\u00a0\u00a0\u00a0\u00a0\u00a0\u00a0\u00a0 <strong> <font>ABDESSATTAR BEN MOUSSA<\/font><\/strong>     \u00a0     \u00a0     Tel : 71.560.315\u00a0\u00a0\u00a0\u00a0\u00a0 Palais de Justice Bd. Beb Benet 1006 Tunis\u00a0\u00a0 Fax :     71.568 .923 cpra.onat.1@yahoo.fr \u00a0<\/div>\n<p> <\/font><\/div>\n<div>\n<hr\/>\n<\/div>\n<div> <font face=\"Arial\" size=\"2\"> <\/p>\n<p align=\"center\"><b> <span lang=\"FR-CH\">TUNISIE<\/span><\/b><\/p>\n<p> <font face=\"Arial\" size=\"3\"> <\/p>\n<p align=\"center\"><b> <span lang=\"FR-CH\">Les droits de la   femme en Tunisie, mod\u00e8le ou alibi ?<\/span><\/b><\/p>\n<p> <\/font> <\/p>\n<p align=\"justify\">\u00a0<\/p>\n<p align=\"justify\"><b> <span lang=\"FR-CH\">  Violaine de Marsangy<\/span><\/b><\/p>\n<p align=\"justify\">\u00a0<\/p>\n<p align=\"justify\"> <span lang=\"FR-CH\">Le Code du   statut personnel f\u00eate ses 50 ans en Tunisie. En bousculant les traditions, il   a jou\u00e9 un r\u00f4le majeur pour l&rsquo;\u00e9mancipation des femmes, mais les mentalit\u00e9s   n&rsquo;\u00e9voluent pas aussi vite que les lois et les droits des femmes restent ternis   par les atteintes \u00e0 la d\u00e9mocratie.<\/span><\/p>\n<p align=\"justify\">\u00a0<\/p>\n<p align=\"justify\"> <span lang=\"FR-CH\">Depuis son   ind\u00e9pendance, la Tunisie s&rsquo;enorgueillit de ce qu&rsquo;elle consid\u00e8re comme une   exception dans le monde arabo-musulman : son Code du statut personnel,   promulgu\u00e9 le 13 ao\u00fbt 1956. Le pr\u00e9sident Habib Bourguiba entreprend alors une   r\u00e9forme sociale sans pr\u00e9c\u00e9dent. \u00a0\u00bb Auparavant, le statut personnel \u00e9tait r\u00e9gi   par trois juridictions : les droits musulman, rabbinique et fran\u00e7ais \u00ab\u00a0,   explique Nebila Mezghani, professeure \u00e0 la facult\u00e9 de Droit et des Sciences   politiques de Tunis. Le courant r\u00e9formiste de l&rsquo;\u00e9poque marque un point d&rsquo;arr\u00eat   \u00e0 ce pluralisme l\u00e9gislatif. \u00a0\u00bb L&rsquo;objectif de Bourguiba \u00e9tait de b\u00e2tir un projet   de soci\u00e9t\u00e9 fond\u00e9 sur l&rsquo;\u00e9galit\u00e9 entre l&rsquo;homme et la femme \u00ab\u00a0, pr\u00e9cise Zohra Ben   Romdhane, directrice du quotidien La Presse. Ainsi, d\u00e8s 1956, la polygamie est   abolie, la r\u00e9pudiation de la femme interdite, le mariage forc\u00e9 abrog\u00e9 et le   divorce l\u00e9galis\u00e9. La scolarit\u00e9 devient obligatoire pour les gar\u00e7ons comme pour   les filles. L&rsquo;ann\u00e9e suivante, le mariage civil est instaur\u00e9.<\/span><\/p>\n<p align=\"justify\">\u00a0<\/p>\n<p align=\"justify\"> <span lang=\"FR-CH\">Au fil des   ann\u00e9es, le Code du statut personnel \u00e9volue. En 1966, la notion d&rsquo;int\u00e9r\u00eat de   l&rsquo;enfant fait son apparition en cas de divorce. En 1981, la m\u00e8re devient   tutrice de son enfant \u00e0 la mort de son \u00e9poux. Apr\u00e8s Bourguiba, Ben Ali   poursuit les r\u00e9formes et, en 1993, une s\u00e9rie de mesures voit le jour. C&rsquo;est   ainsi que certaines pr\u00e9rogatives de tutelle des enfants sont accord\u00e9es \u00e0 la   m\u00e8re. L&rsquo;obligation pour une femme d&rsquo;ob\u00e9ir \u00e0 son mari est abolie et l&rsquo;\u00e9pouse   obtient le droit de codiriger la vie du couple. Enfin, depuis 1998, une m\u00e8re   peut transmettre son nom patronymique \u00e0 ses enfants.<\/span><\/p>\n<p align=\"justify\">\u00a0<\/p>\n<p align=\"justify\"> <span lang=\"FR-CH\">En dehors du   Code du statut personnel, d&rsquo;autres avanc\u00e9es significatives existent. D\u00e8s 1956,   les femmes obtiennent le droit de vote. En 1973, l&rsquo;avortement est d\u00e9p\u00e9nalis\u00e9   pour toutes les Tunisiennes. En 1993, lors de la r\u00e9forme du Code p\u00e9nal,   l&rsquo;article 207 qui accordait \u00e0 l&rsquo;\u00e9poux qui tuait sa femme, prise en flagrant   d\u00e9lit d&rsquo;adult\u00e8re, des circonstances att\u00e9nuantes et ne pr\u00e9voyait qu&rsquo;une peine   d&#8217;emprisonnement de cinq ans, est abrog\u00e9. Le lien conjugal devient dor\u00e9navant   une circonstance aggravante. Par ailleurs, le droit des femmes au travail est   renforc\u00e9.<\/span><\/p>\n<p align=\"justify\">\u00a0<\/p>\n<p align=\"justify\"> <span lang=\"FR-CH\">L&rsquo;ensemble de   ces mesures trouve ses racines dans l&rsquo;histoire du pays. D\u00e8s 1930, au nom des   valeurs de l&rsquo;Islam, l&rsquo;intellectuel Tahar Haddad encourage l&rsquo;\u00e9mancipation des   femmes, d\u00e9non\u00e7ant \u00a0\u00bb le voile du deuil jet\u00e9 sur la femme \u00ab\u00a0. Par la suite, les   \u00e9volutions l\u00e9gislatives seront r\u00e9alis\u00e9es avec l&rsquo;accord des autorit\u00e9s   religieuses. \u00a0\u00bb Nous avons su trouver un \u00e9quilibre subtil entre nos valeurs   authentiques musulmanes et les droits de l&rsquo;Homme. <\/span><\/p>\n<p align=\"justify\">\u00a0<\/p>\n<p align=\"justify\"> <span lang=\"FR-CH\">Le Code du   statut personnel se r\u00e9clame de l&rsquo;Islam \u00ab\u00a0, pr\u00e9cise Zohra Ben Rhomdane. La   directrice de La Presse estime que, tout en renfor\u00e7ant les droits de la femme,   et gr\u00e2ce \u00e0 l&rsquo;Islam, la Tunisie a su mettre en place des garde-fous pour que la   famille reste une valeur fondamentale. Le Code du statut personnel a permis,   selon elle, d&rsquo;endiguer les extr\u00e9mismes du fondamentalisme int\u00e9griste mais   aussi du lib\u00e9ralisme, en sauvegardant la famille. Il subsiste n\u00e9anmoins   quelques imperfections dans cet arsenal juridique. En mati\u00e8re d&rsquo;h\u00e9ritage   notamment, un gar\u00e7on re\u00e7oit deux fois plus qu&rsquo;une fille. Il n&rsquo;existe pas non   plus de loi sur la parit\u00e9. <\/span><\/p>\n<p align=\"justify\">\u00a0<\/p>\n<p align=\"justify\"> <span lang=\"FR-CH\">D&rsquo;autre part,   les mentalit\u00e9s ont-elles \u00e9volu\u00e9 aussi vite que les textes l\u00e9gislatifs ? Pas si   s\u00fbr. En effet, m\u00eame si la loi autorise une femme \u00e0 \u00e9pouser un non musulman,   dans la pratique le futur mari doit prononcer une conversion de principe. Pour   beaucoup de familles, les filles doivent \u00eatre vierges avant leur mariage. Les   violences faites aux femmes, toujours tr\u00e8s r\u00e9pandues dans la sph\u00e8re priv\u00e9e,   restent souvent impunies selon des militantes du droit des femmes. Enfin, des   \u00e9pouses de militants islamistes pr\u00e9sum\u00e9s, emprisonn\u00e9s ou en exil, sont   harcel\u00e9es et certaines ont \u00e9t\u00e9 contraintes au divorce. <\/span><\/p>\n<p align=\"justify\">\u00a0<\/p>\n<p align=\"justify\"> <span lang=\"FR-CH\">De plus,   peut-on parler de droits des femmes dans un pays qui muselle son opposition   par la force et o\u00f9 hommes comme femmes subissent des restrictions concernant   l&rsquo;exercice de leurs droits civils et politiques ? Les voix contestataires   estiment que les droits des femmes ne sont qu&rsquo;un alibi, qu&rsquo;ils sont la seule   carte que le pouvoir r\u00e9pressif de Ben Ali peut brandir afin de d\u00e9fendre un   semblant de d\u00e9mocratie. Une militante s&rsquo;insurge : \u00a0\u00bb Comment une femme   peut-elle \u00eatre heureuse dans un pays non d\u00e9mocratique ? \u00ab\u00a0<\/span><\/p>\n<p align=\"justify\">\u00a0<\/p>\n<p align=\"justify\"><b> <span lang=\"FR-CH\">  (Source\u00a0: La chronique d&rsquo;Amnesty (mai 2006))<\/span><\/b><\/p>\n<p><\/font><\/div>\n<div>  \u00a0<\/div>\n<div>\n<hr\/>\n<\/div>\n<p><font face=\"Arial\" size=\"2\"><\/p>\n<div align=\"center\"> <strong><\/p>\n<h2 style=\"color: red;\"><font size=\"3\">D\u00e9claration commune des Verts De   France, du Maroc et de Tunisie<\/font><\/h2>\n<p><\/strong>   \u00a0<\/div>\n<div align=\"justify\">  Paris, le 11 mai 2006   Les Verts fran\u00e7ais, marocains et tunisiens se sont r\u00e9unis jeudi 11 mai au   si\u00e8ge national des Verts, respectivement repr\u00e9sent\u00e9s par Patrick Farbiaz,   d\u00e9l\u00e9gu\u00e9 aux relations internationales des Verts, Zinedine M\u2019Jati , d\u00e9l\u00e9gu\u00e9 aux   relations internationales du Parti des verts pour le d\u00e9veloppement (Maroc) et   Abdelkader Zitouni, coordinateur national de \u00abTunisie Verte \u00bb.   \u00a0   Les Verts de Tunisie, du Maroc et de France ont constat\u00e9 leurs convergences   politiques sur les questions des rapports euro-m\u00e9diterran\u00e9ens., de la   d\u00e9mocratie et de l\u2019\u00e9cologie au Maghreb.   \u00a0   Ils ont r\u00e9it\u00e9r\u00e9 leur soutien au combat men\u00e9e par \u00abTunisie Verte \u00bb le seul   parti \u00e9cologiste de Tunisie pour son droit \u00e0 la reconnaissance et \u00e0 sa   l\u00e9galisation. Ils d\u00e9nient toute l\u00e9gitimit\u00e9 au parti fantoche cr\u00e9\u00e9 par la   dictature de Ben Ali.   \u00a0   Ils sont r\u00e9affirm\u00e9 leur soutien \u00e0 la lutte pour les droits de l\u2019homme men\u00e9s   par le peuple tunisien et l\u2019ensemble des forces d\u00e9mocratiques, notamment par   la Ligue des Droits de l\u2019Homme de Tunisie    \u00a0   Ils ont d\u00e9cid\u00e9 d\u2019unir leurs forces et ont mis en place un programme d\u2019action   qui passera par une conf\u00e9rence internationale de solidarit\u00e9 avec le parti \u00ab   Tunisie Verte \u00bb durant la conf\u00e9rence non gouvernementale de l\u2019immigration \u00e0   Bouznika les 30 juin et 1er juillet au Maroc   \u00a0   -un atelier sur l\u2019\u00e9cologie au Maghreb pendant les journ\u00e9es d\u2019\u00e9t\u00e9 des verts en   France du 28 au 30 ao\u00fbt .   \u00a0   -proposer au congr\u00e8s du Parti vert en Europe un atelier sur la politique   euro-m\u00e9diterran\u00e9enne des partis verts en Suisse   \u00a0   -Les trois partis pr\u00e9voient une convention sur l\u2019\u00e9cologie au Maghreb.    Ils soutiennent la cr\u00e9ation du Forum Social Maghr\u00e9bin et participeront au   Forum Social Mondial de Nairobi en janvier 2008.   \u00a0   -Enfin ils appellent \u00e0 la lib\u00e9ration imm\u00e9diate, de Claude Yabanda, militant   vert emprisonn\u00e9 en R\u00e9publique centrafricaine depuis le 29 Avril.   \u00a0   \u00a0   <strong>Pour les Verts de France\u00a0\u00a0\u00a0\u00a0\u00a0\u00a0\u00a0\u00a0\u00a0\u00a0\u00a0\u00a0\u00a0    <\/strong>Patrick Farbiaz\u00a0\u00a0\u00a0\u00a0\u00a0\u00a0\u00a0\u00a0\u00a0\u00a0\u00a0\u00a0\u00a0\u00a0\u00a0\u00a0\u00a0\u00a0\u00a0\u00a0\u00a0\u00a0    D\u00e9l\u00e9gu\u00e9 aux relations internationales    \u00a0   <strong>\u00a0Pour \u00ab\u00a0 Tunisie Verte \u00bb   <\/strong>Abdelkader Zitouni   Coordinateur national   \u00a0   <strong>\u00a0Pour le Parti des Verts du Maroc   <\/strong>Zinedine M\u2019Jati   D\u00e9l\u00e9gu\u00e9 aux relations internationales<\/div>\n<p><\/font><\/p>\n<div>  \u00a0<\/div>\n<div>\n<hr\/>\n<\/div>\n<div> <font face=\"Arial\" size=\"2\"> <\/p>\n<p align=\"justify\"><b> <span lang=\"FR\">Ben Arfa refuse la   Tunisie<\/span><\/b><\/p>\n<p align=\"justify\">\u00a0<\/p>\n<p align=\"justify\"> <span lang=\"FR\">Le jeune joueur   lyonnais a fait le choix de ne pas accepter l\u2019invitation de Roger Lemerre   (s\u00e9lectionneur de la Tunisie). Pourtant pr\u00e9sent dans la pr\u00e9s\u00e9lection   tunisienne, le num\u00e9ro 18 de l\u2019OL ne participera pas au mondial 2006.<\/span><\/p>\n<p align=\"justify\">\u00a0<\/p>\n<p align=\"justify\"> <span lang=\"FR\">Flatt\u00e9 mais ne   s\u2019estimant pas encore pr\u00eat pour une comp\u00e9tition de cette ampleur, le jeune   Hatem a jusqu\u2019\u00e0 ses 21 ans pour trancher d\u00e9finitivement entre la tunique bleue   et la rouge.<\/span><\/p>\n<p align=\"justify\">\u00a0<\/p>\n<p align=\"justify\"> <span lang=\"FR\">J.J<\/span><\/p>\n<p align=\"justify\">\u00a0<\/p>\n<p align=\"justify\"><b> <span lang=\"FR\">  (Source\u00a0: le site <a href=\"http:\/\/www.sportsnews69.com\/\" target=\"_blank\" rel=\"noopener\"> <span>http:\/\/www.sportsnews69.com\/<\/span><\/a>   (Lyon-France), le 13 mai 2006 \u00e0 3h53)<\/span><\/b><\/p>\n<p align=\"justify\"><b> <span lang=\"EN-GB\">  URL: <\/span><span lang=\"FR\"> <a href=\"http:\/\/www.sportsnews69.com\/+Ben-Arfa-refuse-la-Tunisie,1186+.html\" target=\"_blank\" rel=\"noopener\"> <span lang=\"EN-GB\"><font>  http:\/\/www.sportsnews69.com\/+Ben-Arfa-refuse-la-Tunisie,1186+.html<\/font><\/span><\/a><\/span><\/b><\/p>\n<div>\n<hr\/><\/div>\n<p align=\"justify\">\u00a0<\/p>\n<p align=\"justify\"><b> <span lang=\"FR\">Le groupe Belge Jean de   Nul gagne le projet TAPARURA<\/span><\/b><\/p>\n<p align=\"justify\">\u00a0<\/p>\n<p align=\"justify\"> <span lang=\"FR\">Suite \u00e0 un appel   d\u2019offres international portant sur la premi\u00e8re phase de la composante   d\u00e9pollution du projet Taparura \u00e0 Sfax, sur une zone d\u2019intervention de 260 ha,   nous apprenons que c\u2019est le groupement Jean de Nul Belgique-Envisan Belgique   Somatra \/ GET Tunisie, qui a \u00e9t\u00e9 choisi par le minist\u00e8re de l\u2019Equipement, pour   la r\u00e9alisation de ce projet. <\/span><\/p>\n<p align=\"justify\">\u00a0<\/p>\n<p align=\"justify\"> <span lang=\"FR\">Ce projet   pr\u00e9sidentiel, d\u00e9cid\u00e9 en 1992 et lanc\u00e9 le 6 avril dernier, porte sur la   rationalisation d\u2019enl\u00e8vement de phosphogypse, pour que Taparura soit pr\u00eate en   2008, \u00e0 fin d\u2019y entamer l\u2019am\u00e9nagement d\u2019une corniche, d\u2019espaces urbains, de   zones vertes et d\u2019une infrastructure routi\u00e8re.<\/span><\/p>\n<p align=\"justify\">\u00a0<\/p>\n<p align=\"justify\"> <span lang=\"FR\">On apprend   \u00e9galement que les travaux vont d\u00e9marrer en juin 2006, gr\u00e2ce \u00e0 un pr\u00eat de 32   millions d\u2019euros, soit l\u2019\u00e9quivalent de 52 MDT, accord\u00e9 par la Banque   europ\u00e9enne d\u2019investissement (BEI).<\/span><\/p>\n<p align=\"justify\">\u00a0<\/p>\n<p align=\"justify\"> <span lang=\"FR\">Il faut noter que   les rejets de pollution ont affect\u00e9 130 hectares, l\u2019\u00e9quivalent de 6 fois la   superficie de la M\u00e9dina de Sfax, et ont tranch\u00e9 aussi 400 ha de superficie   marine.<\/span><\/p>\n<p align=\"justify\">\u00a0<\/p>\n<p align=\"justify\"> <span lang=\"FR\">Pour ce qui est du   projet, on signale que cette premi\u00e8re phase du projet Taparura va durer 28   mois et portera sur 260 ha, ou l\u2019excavation de 90 ha de la plaque de   phosphogypse, et sa couverture sur 72 ha par du sable pour stabiliser la c\u00f4te,   le nettoiement du littoral, et la reconversion de cette colline d\u2019une hauteur   de 15 m\u00e8tres, en zone verte de 72 ha.<\/span><\/p>\n<p align=\"justify\">\u00a0<\/p>\n<p align=\"justify\"> <span lang=\"FR\">En outre, un canal   de drainage d\u2019une longueur de 3.300 m sera construit pour \u00e9vacuer les eaux   pluviales en dehors de la zone du projet.<\/span><\/p>\n<p align=\"justify\">\u00a0<\/p>\n<p align=\"justify\"><b> <span lang=\"FR\">T.B. <\/span><\/b> <\/p>\n<p align=\"justify\">\u00a0<\/p>\n<p align=\"justify\"><b> <span lang=\"FR\">  (Source\u00a0:\u00a0 <a href=\"http:\/\/www.webmanagercenter.com\/\" target=\"_blank\" rel=\"noopener\"> <span>www.webmanagercenter.com<\/span><\/a> , le   13\/05\/2006 \u00e0 01h20) <\/span><\/b><\/p>\n<div>\n<hr\/><\/div>\n<p align=\"justify\">\u00a0<\/p>\n<p> <font face=\"Arial\" size=\"3\"> <\/p>\n<p align=\"center\"><b> <span lang=\"FR\">L\u2019Albatros<\/span><\/b><\/p>\n<p> <\/font> <\/p>\n<p align=\"justify\"><b> <span lang=\"FR\">Dr.   SAHBI AMRI<\/span><\/b><\/p>\n<p align=\"justify\">\u00a0<\/p>\n<p align=\"justify\"> <span lang=\"FR\">Si , depuis   quelques ann\u00e9es , j&rsquo;ai pu avoir acc\u00e8s d&rsquo;intervention par t\u00e9l\u00e9phone \u00e0 des   d\u00e9bats politiques t\u00e9l\u00e9vis\u00e9s dans des cha\u00eenes satellitaires, nombreux   compatriotes et militants savouraient le contenu de mes allocutions qui   sortaient de l\u2019ordinaire. <\/span><\/p>\n<p align=\"justify\">\u00a0<\/p>\n<p align=\"justify\"> <span lang=\"FR\">Mais, personne ne   pouvait avoir ni le courage ni l\u2019audace de pr\u00e9senter des propos de critiques   aussi virulente \u00e0 l\u2019autorit\u00e9 au pouvoir \u00e0 partir de l\u2019int\u00e9rieur du pays.  <\/span><\/p>\n<p align=\"justify\">\u00a0<\/p>\n<p align=\"justify\"> <span lang=\"FR\">Cette attitude a   \u00e9t\u00e9 qualifi\u00e9e par une frange d\u2019hostiles au r\u00e9gime et de r\u00e9volt\u00e9s contre   eux-m\u00eames comme \u00e9tant une forme de manipulation polici\u00e8re dont j\u2019\u00e9tais charg\u00e9   d\u2019assurer une mission de mercenaire. <\/span><\/p>\n<p align=\"justify\">\u00a0<\/p>\n<p align=\"justify\"> <span lang=\"FR\">Mais, au fait, ce   n\u2019\u00e9tait qu\u2019un r\u00e9flexe de l\u00e2chet\u00e9 qui exprimait la st\u00e9rilit\u00e9 et l\u2019incapacit\u00e9   des faisant-fonctions d\u2019opposants politiques associ\u00e9s aux faux d\u00e9fenseurs des   droits de l\u2019homme en Tunisie. <\/span><\/p>\n<p align=\"justify\">\u00a0<\/p>\n<p align=\"justify\"> <span lang=\"FR\">Une autre gamme de   cette entit\u00e9 a eu l&rsquo;occasion de se pr\u00e9senter en direct sur sc\u00e8ne, \u00e0   l\u2019\u00e9tranger, pour parler et tourner autour du pot dans ses propos et \u00e9viter de   traiter le fond du sujet Tunisien afin de poser le v\u00e9ritable diagnostic et   formuler une conduite \u00e0 tenir objective ou un programme de r\u00e9formes   fondamentales ad\u00e9quates.<\/span><\/p>\n<p align=\"justify\">\u00a0<\/p>\n<p align=\"justify\"> <span lang=\"FR\">En fait , ce\u00a0   spectre de candidats \u00e0 l\u2019anti-propagande officielle n\u2019a pu exprimer , en   majeure partie , que de l&rsquo;opportunisme \u00e0 composante de malaises personnels et   un d\u00e9sir de revanche sp\u00e9culatrice d&rsquo;une crise politique dont nombreuses   gueules de la \u00ab\u00a0 soci\u00e9t\u00e9 civile \u00bb ont fait partie . <\/span><\/p>\n<p align=\"justify\">\u00a0<\/p>\n<p align=\"justify\"> <span lang=\"FR\">Personne ni des   victimes ni des professionnels des tribunes\u00a0 n\u2019osait et n\u2019oserait soulever ce   sujet pour diriger les doigts d\u2019accusation et de complicit\u00e9 \u00e0 des   commanditaires, \u00e0 des conseillers et \u00e0 des ministres qui se sont transform\u00e9s   de coupables et complices en opposants politiques et en d\u00e9fenseurs de leurs   propres victimes. <\/span><\/p>\n<p align=\"justify\">\u00a0<\/p>\n<p align=\"justify\"> <span lang=\"FR\">Personne n\u2019osait   et n\u2019oserait parler de l\u2019extase et de l\u2019euphorie de la ligue Tunisienne des   droits de l\u2019homme au moment o\u00f9 ses membres passaient des nuits de noces avec   les bourreaux du r\u00e9gime transform\u00e9s brusquement en\u00a0 ennemis. <\/span><\/p>\n<p align=\"justify\">\u00a0<\/p>\n<p align=\"justify\"> <span lang=\"FR\">Ces candidats \u00e0   l\u2019innocence pr\u00e9sum\u00e9e \u00e9taient, en majeure partie, complices actifs et   coordinateurs avec l\u2019autorit\u00e9 polici\u00e8re pour maintenir le decrescendo au   profit des violations et pratiques ind\u00e9niables de leurs tuteurs au niveau de   certains foyers du syst\u00e8me politique.<\/span><\/p>\n<p align=\"justify\">\u00a0<\/p>\n<p align=\"justify\"> <span lang=\"FR\">Il est vrai que   j&rsquo;ai os\u00e9 lever le ton pour me faire entendre au moment o\u00f9 les symboles de la   fameuse opposition politique et des d\u00e9fenseurs des droits de l&rsquo;homme faisaient   la comp\u00e9tition aux hautes nominations dans la pyramide de l&rsquo;autorit\u00e9 au   pouvoir pour mieux d\u00e9chiqueter la soci\u00e9t\u00e9 civile et abolir toute voix de   protestation et de contestation contre les cumuls de d\u00e9rives et d\u2019aberrations   de l&rsquo;abus de pouvoir existant.<\/span><\/p>\n<p align=\"justify\">\u00a0<\/p>\n<p align=\"justify\"> <span lang=\"FR\">Si j\u2019ai pu   franchir personnellement l&rsquo;obstacle du mur du\u00a0 silence de l\u2019anonymat par d\u00e9fi   et courage, au moment o\u00f9 nombreux incognito ne savaient manipuler un clavier   d\u2019ordinateur et n\u2019entendaient m\u00eame pas parler de la presse \u00e9lectronique \u00e0   l\u2019Internet, je ne cherchais, en l\u2019occurrence, \u00e0 me faire d\u00e9marquer de la foule   mais surtout \u00e0 exprimer un malaise et une douleur d\u2019une partie de cette foule   dont je fais partie.<\/span><\/p>\n<p align=\"justify\">\u00a0<\/p>\n<p align=\"justify\"> <span lang=\"FR\">Je ne cherchais   pas \u00e0 me faire entendre, mais surtout \u00e0 me faire comprendre.<\/span><\/p>\n<p align=\"justify\">\u00a0<\/p>\n<p align=\"justify\"> <span lang=\"FR\">Nombreux ont fait   la sourde oreille, d\u2019autres ont simul\u00e9 une na\u00efvet\u00e9 tra\u00eenant \u00e0 l\u2019idiotie.   J&rsquo;\u00e9tais sinc\u00e8re mais en m\u00eame temps, j&rsquo;\u00e9tais plus que na\u00eff.<\/span><\/p>\n<p align=\"justify\">\u00a0<\/p>\n<p align=\"justify\"> <span lang=\"FR\">\u00a0Je subissais un   rejet de greffe aux d\u00e9combres de la soci\u00e9t\u00e9 civile car, je n\u2019\u00e9tais ni   Islamiste-Nahdhaoui ni RCDiste ni autre. <\/span><\/p>\n<p align=\"justify\">\u00a0<\/p>\n<p align=\"justify\"> <span lang=\"FR\">Je n\u2019\u00e9tais que   moi-m\u00eame.<\/span><\/p>\n<p align=\"justify\">\u00a0<\/p>\n<p align=\"justify\"> <span lang=\"FR\">\u00a0Et , je ne savais   que les barons manipulateurs du barom\u00e8tre de la soci\u00e9t\u00e9 civile en Tunisie ne   jugeaient ni l\u2019honn\u00eatet\u00e9 , ni la cr\u00e9dibilit\u00e9 , ni la d\u00e9termination , ni la   classe socio-intello des hostiles aux m\u00e9thodes muscl\u00e9es du pouvoir , mais   simplement , ils jugeaient la couleur et l\u2019\u00e9tiquette attribu\u00e9e par les clans   de l\u2019exclusion et les groupuscules de tutelle et de domestication . <\/span> <\/p>\n<p align=\"justify\">\u00a0<\/p>\n<p align=\"justify\"> <span lang=\"FR\">Refusant cette   situation, je souffrais en solitaire.<\/span><\/p>\n<p align=\"justify\">\u00a0<\/p>\n<p align=\"justify\"> <span lang=\"FR\">Nombreuses ONG et   des personnalit\u00e9s internationales m\u2019ont soutenu, par des communiqu\u00e9s, dans ma   peine apr\u00e8s avoir inond\u00e9 tous les moyens d\u2019informations et de communications   des d\u00e9tails de l\u2019\u00e9volution de ma situation personnelle et familiale. Je   d\u00e9fiais la haute sph\u00e8re du r\u00e9gime politique en \u00e9talant son linge sale avec des   preuves irr\u00e9futables. Des compressions polici\u00e8res, judiciaires et fiscales ont   contraint ma vie professionnelle et familiale pour m\u2019an\u00e9antir. <\/span><\/p>\n<p align=\"justify\">\u00a0<\/p>\n<p align=\"justify\"> <span lang=\"FR\">Des propositions   de vie en famille en r\u00e9fugi\u00e9s politiques \u00e0 l\u2019exil m\u2019ont \u00e9t\u00e9 adress\u00e9es pour me   sauver de l\u2019atmosph\u00e8re de cette pression infernale. <\/span><\/p>\n<p align=\"justify\">\u00a0<\/p>\n<p align=\"justify\"> <span lang=\"FR\">Mais, je n\u2019ai pu   accepter cette rude \u00e9preuve de fuite par la possession d\u2019un document de voyage   qui me priverait de remettre les pieds en Tunisie, ma ch\u00e8re patrie.<\/span><\/p>\n<p align=\"justify\">\u00a0<\/p>\n<p align=\"justify\"> <span lang=\"FR\">Je garde, pour   toujours, beaucoup d\u2019estime et de consid\u00e9ration \u00e0 tous ceux et celles qui   m\u2019ont soutenu et continuent \u00e0 le faire en ces circonstances actuelles de   transition de ma situation personnelles priv\u00e9e. <\/span><\/p>\n<p align=\"justify\">\u00a0<\/p>\n<p align=\"justify\"> <span lang=\"FR\">Profitant de mon   silence provocateur pr\u00e9m\u00e9dit\u00e9 pour mieux d\u00e9couvrir la v\u00e9rit\u00e9 de certains   politophytes, les grandes gueules des brebis galeuses n\u2019ont pas manqu\u00e9 \u00e0   r\u00e9pandre \u00e0 mon \u00e9gard ,en toute hypocrisie et fictions, leur mauvaise haleine.<\/span><\/p>\n<p align=\"justify\">\u00a0<\/p>\n<p align=\"justify\"> <span lang=\"FR\">J&rsquo;estime que j&rsquo;ai   le plein droit d&rsquo;agir \u00e0 ma fa\u00e7on strictement personnelle sans l\u00e9ser ni porter   atteinte \u00e0 personne.<\/span><\/p>\n<p align=\"justify\">\u00a0<\/p>\n<p align=\"justify\"> <span lang=\"FR\">Je n\u2019ai, jusqu&rsquo;\u00e0   pr\u00e9sent, aucun engagement \u00e0 l&rsquo;\u00e9gard de personne.<\/span><\/p>\n<p align=\"justify\">\u00a0<\/p>\n<p align=\"justify\"> <span lang=\"FR\">Car, je n&rsquo;ai   trouv\u00e9, en Tunisie et\u00a0 \u00e0 ce jour, l&rsquo;enceinte politique capable d&rsquo;entretenir et   de renforcer mes id\u00e9es patriotiques d\u2019int\u00e9grit\u00e9, de transparence, de loyaut\u00e9   et de fermet\u00e9 avec fiert\u00e9 et courage confectionnant une conduite pure et dure.<\/span><\/p>\n<p align=\"justify\">\u00a0<\/p>\n<p align=\"justify\"> <span lang=\"FR\">Je sais que la   l\u00e2chet\u00e9 des uns me traite dans les sombres coulisses\u00a0 d&rsquo;int\u00e9griste , de   terroriste ,\u00a0 d&rsquo;Islamiste ,\u00a0 de Nahdhaoui\u00a0 ,\u00a0 de tra\u00eetre ,\u00a0 de fou\u00a0 ,\u00a0 de   policier , de charg\u00e9 de mission , de faisant-fonction d\u2019agent de   renseignements g\u00e9n\u00e9raux , de contrebandier , d&rsquo;escroc , de   medecin-tortionnaire , &#8230; mais ce dont je suis certain , c&rsquo;est que je n&rsquo;ai   fait de mal \u00e0 personne et que je n&rsquo;ai rien \u00e0 me reprocher .<\/span><\/p>\n<p align=\"justify\">\u00a0<\/p>\n<p align=\"justify\"> <span lang=\"FR\">\u00a0De m\u00eame, je n\u2019ai   de compte \u00e0 rendre \u00e0 personne.<\/span><\/p>\n<p align=\"justify\">\u00a0<\/p>\n<p align=\"justify\"> <span lang=\"FR\">Par ailleurs , je   tiens \u00e0 dire tout haut et en toute fiert\u00e9 que je n&rsquo;ai , durant ma vie , jamais   ni particip\u00e9 , ni contribu\u00e9 , ni stimul\u00e9 , ni provoqu\u00e9 , ni incit\u00e9 , ni   collabor\u00e9 \u00e0 amplifier les malheurs des victimes du revirement politique en   Tunisie des ann\u00e9es 1990 pour me reconvertir ensuite en faux d\u00e9fenseurs des   droits de l&rsquo;homme et en faux opposant politique s\u00e9questrant les tribunes et   les plateaux des cha\u00eenes de t\u00e9l\u00e9visions\u00a0 afin de divulguer des conneries de   simulation d&rsquo;innocence de complicit\u00e9 \u00e0 des culpabilit\u00e9s criminelles et \u00e0 des   d\u00e9rives financi\u00e8res manifestes.<\/span><\/p>\n<p align=\"justify\">\u00a0<\/p>\n<p align=\"justify\"> <span lang=\"FR\">\u00a0Une v\u00e9ritable   comp\u00e9tition \u00e0 l\u2019innocence et \u00e0 l\u2019immunit\u00e9 \u00e0 l\u2019impunit\u00e9 judiciaire a transform\u00e9   la soci\u00e9t\u00e9 civile en poubelle de l\u2019autorit\u00e9 au pouvoir. <\/span><\/p>\n<p align=\"justify\">\u00a0<\/p>\n<p align=\"justify\"> <span lang=\"FR\">Apr\u00e8s avoir us\u00e9   des performances sadiques d\u2019une entit\u00e9 de serviteurs inconditionnels des faux   opposants et des faux d\u00e9fenseurs des droits de l\u2019homme recrut\u00e9s dans son   enceinte \u00e0 partir de la soci\u00e9t\u00e9 civile, l\u2019autorit\u00e9 au pouvoir\u00a0 se permettait   de les r\u00e9gurgiter en toute r\u00e9pugnance pour les voir se recoller \u00e0 leurs foyers   synth\u00e9tiques d\u2019origine apr\u00e8s un d\u00e9passement de leurs dates de p\u00e9remption.  <\/span><\/p>\n<p align=\"justify\">\u00a0<\/p>\n<p align=\"justify\"> <span lang=\"FR\">Cette frange   d&rsquo;opportunistes et de grimpeurs d&rsquo;\u00e9chelle de la soci\u00e9t\u00e9 civile a vraiment fait   de victimes en Tunisie. Elle pr\u00e9tend , actuellement ,\u00a0 pouvoir faire passer   son message m\u00e9diatique hypocrite de l&rsquo;immoralit\u00e9 manifeste par des discours   parsem\u00e9s de slogans que le peuple a toujours ignor\u00e9 en creusant un clivage   entre une soci\u00e9t\u00e9 civile hybride non repr\u00e9sentative de ses aspirations   l\u00e9gitimes \u00e0 la d\u00e9mocratie et au respect des droits de l&rsquo;homme .<\/span><\/p>\n<p align=\"justify\">\u00a0<\/p>\n<p align=\"justify\"> <span lang=\"FR\">C&rsquo;est honteux,   c&rsquo;est malsain et c\u2019est plus que mesquin.<\/span><\/p>\n<p align=\"justify\"> <span lang=\"FR\">Nombreux visages   de cette soci\u00e9t\u00e9 civile devraient se retirer du paysage politique s&rsquo;ils se   sentent vraiment des patriotes qui comptent aboutir vraiment \u00e0 l&rsquo;instauration   de reformes d\u00e9mocratiques fondamentales.<\/span><\/p>\n<p align=\"justify\">\u00a0<\/p>\n<p align=\"justify\"> <span lang=\"FR\">Ils devraient   cesser de faire semblant de ne pas comprendre le message m\u00e9diatique discret et   le repli constant et permanent du peuple face \u00e0 son refus de soutien et   d\u2019appui \u00e0 de nombreuses actions de rachat de cette soci\u00e9t\u00e9 civile. <\/span><\/p>\n<p align=\"justify\">\u00a0<\/p>\n<p align=\"justify\"> <span lang=\"FR\">Celle-ci\u00a0   constitue vraiment, dans l\u2019\u00e9tat actuel des circonstances, un obstacle \u00e0   l&rsquo;\u00e9panouissement de la d\u00e9mocratie en Tunisie par la manipulation de l\u2019\u00e9go\u00efsme,   son\u00a0 esprit de revanche et de duel personnel\u00a0 de ses composantes.<\/span><\/p>\n<p align=\"justify\">\u00a0<\/p>\n<p align=\"justify\"> <span lang=\"FR\">Une autorit\u00e9   harcel\u00e9e au pouvoir local par les chahuts de groupuscules de dissonance a   toujours r\u00e9pondu par la compression agressive et abusive qui a toujours fait   des victimes par la marginalisation et l\u2019exclusion. <\/span><\/p>\n<p align=\"justify\">\u00a0<\/p>\n<p align=\"justify\"> <span lang=\"FR\">Le cumul des   incidents et des exactions n\u2019a cibl\u00e9 ceux qui se sont bien branch\u00e9s \u00e0 des   foyers bien particuliers \u00e0 l\u2019\u00e9tranger et notamment en France. <\/span><\/p>\n<p align=\"justify\">\u00a0<\/p>\n<p align=\"justify\"> <span lang=\"FR\">Les militants off   Shore se condensent de plus en plus, dans le pays, en s\u2019appuyant sur   l\u2019ambigu\u00eft\u00e9 de leur soutien financier \u00e9tranger suspect et en simulant la vertu   patriotique d\u2019autod\u00e9termination des ressources et d\u2019ind\u00e9pendance de conduites.<\/span><\/p>\n<p align=\"justify\">\u00a0<\/p>\n<p align=\"justify\"> <span lang=\"FR\">L\u2019opposition Off   Shore b\u00e9n\u00e9ficie de la protection de ses tuteurs \u00e0 l\u2019\u00e9tranger. Par contre ,   ceux qui n\u2019ont personne \u00e0 les soutenir devaient soit quitter le pays , soit   subir le destin de la compression sociopolitique induite par les provocations   chroniques qui entretiennent les turbulences de la crise. <\/span><\/p>\n<p align=\"justify\"> <span lang=\"FR\">Si j&rsquo;\u00e9tais pass\u00e9 \u00e0   Paris en Mars 2006 accompagn\u00e9 de Hamadi Ferjaoui, je n&rsquo;ai pas ramen\u00e9 avec moi   une liste de noms de suspects ou de recherch\u00e9s par la police ou la justice   Tunisienne pour les remettre aux services s\u00e9curitaires Fran\u00e7ais.<\/span><\/p>\n<p align=\"justify\">\u00a0<\/p>\n<p align=\"justify\"> <span lang=\"FR\">\u00a0Je n&rsquo;ai eu aucun   contact avec les milieux de la diplomatie Tunisienne, du RCD , des   renseignements g\u00e9n\u00e9raux et de la mafia locale en France .<\/span><\/p>\n<p align=\"justify\">\u00a0<\/p>\n<p align=\"justify\"> <span lang=\"FR\">\u00a0Je n&rsquo;\u00e9tais pas   aussi muni d&rsquo;une liste de prisonniers et de leurs familles pour demander   l&rsquo;aum\u00f4ne et virer des sommes colossales d&rsquo;argent collect\u00e9 \u00e0 des fins   personnelles. <\/span><\/p>\n<p align=\"justify\"> <span lang=\"FR\">Je ne suis pas   venu \u00e0 Paris pleurnicher sous le mur du Parlement Europ\u00e9en et dans les bureaux   de ses repr\u00e9sentants. <\/span><\/p>\n<p align=\"justify\">\u00a0<\/p>\n<p align=\"justify\"> <span lang=\"FR\">Je ne suis pas   aussi venu \u00e0 Paris d\u00e9tecter les noms des analphab\u00e8tes qui ne cessent de signer   des communiqu\u00e9s br\u00fblant tout en ne savant tenir ni un stylo ni formuler des   phrases correctes ni en langue fran\u00e7aise ni en langue arabe arabe. <\/span><\/p>\n<p align=\"justify\">\u00a0<\/p>\n<p align=\"justify\"> <span lang=\"FR\">Je ne suis pas   venu \u00e0 Paris exposer un march\u00e9 ou un compromis. <\/span><\/p>\n<p align=\"justify\">\u00a0<\/p>\n<p align=\"justify\"> <span lang=\"FR\">De m\u00eame, je ne   suis pas venu tendre un pi\u00e8ge \u00e0 quiconque. <\/span><\/p>\n<p align=\"justify\">\u00a0<\/p>\n<p align=\"justify\"> <span lang=\"FR\">Pourtant, l&rsquo;un des   intrus au groupe a os\u00e9 prendre la d\u00e9rive de la corruption pour extirper de   l&rsquo;argent \u00e0 deux victimes d\u00e9sirant rentrer en Tunisie en toute s\u00e9curit\u00e9 et   s\u00e9r\u00e9nit\u00e9. <\/span><\/p>\n<p align=\"justify\">\u00a0<\/p>\n<p align=\"justify\"> <span lang=\"FR\">Pourtant, c&rsquo;est un   opposant politique qui se prend pour d\u00e9fenseur des droits de l&rsquo;homme charg\u00e9 du   dossier Tunisien \u00e0 la ligue de son d\u00e9partement en France. <\/span><\/p>\n<p align=\"justify\">\u00a0<\/p>\n<p align=\"justify\"> <span lang=\"FR\">Je me contenterai,   pour le moment, de ce bref aper\u00e7u de la texture d&rsquo;une frange de ces   faux-jetons pr\u00e9sum\u00e9s opposants politiques Tunisiens \u00e0 l\u2019\u00e9tranger.<\/span><\/p>\n<p align=\"justify\">\u00a0<\/p>\n<p align=\"justify\"> <span lang=\"FR\">Je le dis et je le   redis haut et fort en toute fiert\u00e9 que je suis digne d&rsquo;\u00eatre arabe, musulman et   Tunisien. <\/span><\/p>\n<p align=\"justify\"> <span lang=\"FR\">Je ne per\u00e7ois ni   une pension des foyers suspects ni une charit\u00e9 des Emirs des pays du Golf au   Moyen Orient au nom des victimes de la r\u00e9pression polici\u00e8re et judiciaire en   Tunisie. <\/span><\/p>\n<p align=\"justify\">\u00a0<\/p>\n<p align=\"justify\"> <span lang=\"FR\">Je ne suis ni   prisonnier ni tributaire de personne.<\/span><\/p>\n<p align=\"justify\">\u00a0<\/p>\n<p align=\"justify\"> <span lang=\"FR\">Certaines grandes   gueules infectes n&rsquo;ont cess\u00e9 d&rsquo;exprimer la st\u00e9rilit\u00e9 de leur \u00e9tat d&rsquo;esprit en   m&rsquo;accusant d&rsquo;avoir tendu la main au Pr\u00e9sident Zine El Abidine Ben Ali pour   profiter de sa g\u00e9n\u00e9rosit\u00e9.<\/span><\/p>\n<p align=\"justify\">\u00a0<\/p>\n<p align=\"justify\"> <span lang=\"FR\">\u00a0Je ne vais pas,   en cons\u00e9quent, satisfaire leur soif d&rsquo;indiscr\u00e9tion pour qu&rsquo;elles se   maintiennent, encore plus, dans la voie de leur tort.<\/span><\/p>\n<p align=\"justify\">\u00a0<\/p>\n<p align=\"justify\"> <span lang=\"FR\">Mes avocats, issus   du milieu de l&rsquo;opposition politique, sont au courant de l&rsquo;origine de mes   ressources qui viennent de se d\u00e9bloquer par un verdict judiciaire en F\u00e9vrier   2006.<\/span><\/p>\n<p align=\"justify\">\u00a0<\/p>\n<p align=\"justify\"> <span lang=\"FR\">Par ailleurs, le   fait de changer de camp sur le plan politique n&rsquo;est qu&rsquo;une __expression de   d\u00e9ception \u00e0 l\u2019\u00e9gard d&rsquo;une opposition qui tourne en rond pour ne pas avancer et   vivre de la sp\u00e9culation du marketing politique ainsi que de la tutelle des   man\u0153uvres de la nostalgie coloniale de certains foyers de la g\u00e9riatrie   politique d&rsquo;une France incapable sinon impuissante \u00e0 renouveler sa soci\u00e9t\u00e9   civile.<\/span><\/p>\n<p align=\"justify\">\u00a0<\/p>\n<p align=\"justify\"> <span lang=\"FR\">Les Tunisiens ne   sont en mesure de payer les frais de l&rsquo;impotence politique de l\u2019Hexagone.  <\/span><\/p>\n<p align=\"justify\">\u00a0<\/p>\n<p align=\"justify\"> <span lang=\"FR\">Si Paris et les   principales villes de France ont br\u00fbl\u00e9 depuis quelques mois, les   manifestations du projet CPE t\u00e9moignent d&rsquo;une discordance et d&rsquo;un   asynchronisme intrins\u00e8que de g\u00e9n\u00e9rations et d&rsquo;un syst\u00e8me de commande\u00a0 combin\u00e9   \u00e0 une planification st\u00e9rile qui ont trop perdu de\u00a0 leurs potentialit\u00e9s et de   leur cr\u00e9dibilit\u00e9 non seulement locales mais aussi sur la sc\u00e8ne locor\u00e9gional   Euro-M\u00e9dit\u00e9rran\u00e9enne.<\/span><\/p>\n<p align=\"justify\">\u00a0<\/p>\n<p align=\"justify\"> <span lang=\"FR\">Dans ce contexte,   la n\u00e9cessit\u00e9 d&rsquo;une r\u00e9solution Tuniso-tunisienne des divergences politiques est   indispensable \u00e0 l&rsquo;abri des duels personnels et \u00e0 l&rsquo;\u00e9cart de l&rsquo;esprit de   revanche et de vengeance qui r\u00e9veillerait\u00a0 des susceptibilit\u00e9s r\u00e9gionales et   de clans.<\/span><\/p>\n<p align=\"justify\">\u00a0<\/p>\n<p align=\"justify\"> <span lang=\"FR\">C&rsquo;est toute une   culture et un nouvel \u00e9tat d&rsquo;esprit qui devrait \u00eatre \u00e9labor\u00e9s en\u00a0 piliers d&rsquo;une   relance en vue de l&rsquo;instauration des r\u00e9formes fondamentales dans un cadre de   respect et de s\u00e9r\u00e9nit\u00e9 des parties intervenantes.<\/span><\/p>\n<p align=\"justify\">\u00a0<\/p>\n<p align=\"justify\"> <span lang=\"FR\">Toutefois,   Tunisnews <b>(*)<\/b> s\u2019est charg\u00e9, depuis plus d&rsquo;un mois, de jouer le r\u00f4le de   l\u2019espion apr\u00e8s mon retour de Paris en Mars 2006.<\/span><\/p>\n<p align=\"justify\">\u00a0<\/p>\n<p align=\"justify\"> <span lang=\"FR\">Son \u00e9quipe s\u2019est   occup\u00e9e de ma filature par Internet \u00e0 la recherche d&rsquo;une forme d&rsquo;indiscr\u00e9tion   pour satisfaire la vertu de la soif des charg\u00e9s de missions.<\/span><\/p>\n<p align=\"justify\">\u00a0<\/p>\n<p align=\"justify\"> <span lang=\"FR\">Elle a os\u00e9   chercher des informations et des d\u00e9tails concernant le motif de mon passage \u00e0   Paris en Mars 2006 ainsi que les gens que j\u2019ai pu contacter sans penser me   poser directement et franchement la question au d\u00e9but de ses investigations   polici\u00e8res. <\/span><\/p>\n<p align=\"justify\">\u00a0<\/p>\n<p align=\"justify\"> <span lang=\"FR\">Son attitude m\u2019a   vraiment surpris et d\u00e9\u00e7ue.<\/span><\/p>\n<p align=\"justify\">\u00a0<\/p>\n<p align=\"justify\"> <span lang=\"FR\">Mais au fait, elle   a exprim\u00e9, par un acte r\u00e9flexe, une crainte inexpliqu\u00e9e au service d\u2019inconnus.<\/span><\/p>\n<p align=\"justify\"> <span lang=\"FR\">Cependant, apr\u00e8s   d\u00e9sistement de r\u00e9ponse de la part des personnes avec qui j&rsquo;ai eu des   entretiens amicaux et fraternels, Tunis News s&rsquo;est souvenu de mon adresse   e-mail pour me demander des informations et des \u00e9claircissements \u00e0 propos de   l&rsquo;objectif de ma visite \u00e0 Paris de Mars 2006 . <\/span><\/p>\n<p align=\"justify\">\u00a0<\/p>\n<p align=\"justify\"> <span lang=\"FR\">Mais, pour des   raisons de finesse et de d\u00e9licatesse relationnelle, je continue, pour le   moment, \u00e0 ignorer la question en laissant le champ libre aux sp\u00e9cialistes de   la sp\u00e9culation et des hyst\u00e9ries politiques pour vider encore plus leurs sacs   de haine et de doute afin de mieux user encore des malheurs des autres en tant   que marchandises d\u2019int\u00e9r\u00eats et de profit personnels.<\/span><\/p>\n<p align=\"justify\">\u00a0<\/p>\n<p align=\"justify\"> <span lang=\"FR\">Une tentative de   marginalisation de l\u2019objectif de ma visite a, aussit\u00f4t, \u00e9chou\u00e9 au nom de la   libert\u00e9 de l\u2019information et du respect des droits de l\u2019homme. Quel g\u00e2chis ?<\/span><\/p>\n<p align=\"justify\">\u00a0<\/p>\n<p align=\"justify\"> <span lang=\"FR\">Certains autres   charg\u00e9s de mission ont \u00e9t\u00e9 \u00e0 l\u2019aff\u00fbt de mes pas d\u00e8s mon arriv\u00e9e \u00e0 la   Ville-Lumi\u00e8re au nom de la sympathie artificieuse de pr\u00e9sum\u00e9s compatriotes qui   ne se connaissent \u00e0 l&rsquo;\u00e9tranger ou ailleurs que pour se salir.<\/span><\/p>\n<p align=\"justify\">\u00a0<\/p>\n<p align=\"justify\"> <span lang=\"FR\">Mais, un   mini-troupeau de Jahalout et de Zabalout s&rsquo;est procur\u00e9 la mission scandaleuse   flagrante de la l\u00e2chet\u00e9 et de l&rsquo;opportunisme obsessionnel pour se faire   distinguer de la foule afin de rendre un service aux manipulateurs de   l&rsquo;arri\u00e8re-plan.<\/span><\/p>\n<p align=\"justify\">\u00a0<\/p>\n<p align=\"justify\"> <span lang=\"FR\">Leur tentative de   fuite vers l&rsquo;avant ne pourrait an\u00e9antir et supprimer leur culpabilit\u00e9 et leur   complicit\u00e9 \u00e0 l&rsquo;aggravation de l&rsquo;\u00e9tat de leurs victimes. <\/span><\/p>\n<p align=\"justify\">\u00a0<\/p>\n<p align=\"justify\"> <span lang=\"FR\">Cette attitude   hypocrite n\u2019exprime, au fait, que leurs souffrances personnelles intrins\u00e8ques   d&rsquo;isolement, de solitude, de laiss\u00e9-pour-compte et d\u2019abandon.<\/span><\/p>\n<p align=\"justify\">\u00a0<\/p>\n<p align=\"justify\"> <span lang=\"FR\">R\u00e9gurgit\u00e9 du   pouvoir et par tous les milieux de la soci\u00e9t\u00e9 civile, l&rsquo;un parmi eux pr\u00e9sume   avoir une solution provisoire magique de vieux jeu\u00a0 qui pourrait lui porter   l\u2019unique secours pour son cas \u00e9ch\u00e9ant.<\/span><\/p>\n<p align=\"justify\">\u00a0<\/p>\n<p align=\"justify\"> <span lang=\"FR\">Il s&rsquo;est   transform\u00e9, en toute bassesse d\u2019esprit, en archiviste des aberrations et des   abus de pouvoir dont il a particip\u00e9 en toute complicit\u00e9 au moment o\u00f9 il se   collait encore les fesses \u00e0 ses fonctions de serviteurs sadiques. <\/span><\/p>\n<p align=\"justify\">\u00a0<\/p>\n<p align=\"justify\"> <span lang=\"FR\">Sans le savoir ou   en toute idiotie, il a pu confectionner un document authentique de sa propre   culpabilit\u00e9 de complice actif aux d\u00e9rives et aux violations d\u00e9nonc\u00e9es par les   victimes d\u2019aberrations et d\u2019abus de pouvoir. <\/span><\/p>\n<p align=\"justify\">\u00a0<\/p>\n<p align=\"justify\"> <span lang=\"FR\">Sa na\u00efvet\u00e9 pr\u00e9sume   envahir la sc\u00e8ne m\u00e9diatique \u00e0 la recherche d&rsquo;une innocence sans autocritique   ni remord. <\/span><\/p>\n<p align=\"justify\">\u00a0<\/p>\n<p align=\"justify\"> <span lang=\"FR\">Il pr\u00e9tend avoir   toutes les solutions miraculeuses. <\/span><\/p>\n<p align=\"justify\">\u00a0<\/p>\n<p align=\"justify\"> <span lang=\"FR\">La banque mondiale   a souvent trich\u00e9 ses \u00e9crits et ses th\u00e9ories.<\/span><\/p>\n<p align=\"justify\">\u00a0<\/p>\n<p align=\"justify\"> <span lang=\"FR\">\u00a0A son tour, le   Pr\u00e9sident Georges W. Bush a toujours meubl\u00e9 ses discours et interventions   t\u00e9l\u00e9vis\u00e9es par les th\u00e9or\u00e8mes et les axiomes d\u2019un Tunisien d\u00e9traqu\u00e9 qui se   croit super-intelligent et superman.<\/span><\/p>\n<p align=\"justify\"> <span lang=\"FR\">\u00a0Mais, il ne   s&rsquo;agit que d&rsquo;un faux-jeton\u00a0 qui a pris la peine de jouer le r\u00f4le gratuit du   porte-parole de l&rsquo;actuel Ambassadeur Am\u00e9ricain en Tunisie.<\/span><\/p>\n<p align=\"justify\">\u00a0<\/p>\n<p align=\"justify\"> <span lang=\"FR\">Cet \u00e9tourdi de\u00a0   faisant-fonction d&rsquo;avocat de Mister Hudgston n&rsquo;a cess\u00e9 de l\u00e9cher les bottes   aux diplomates Occidentaux accr\u00e9dit\u00e9s \u00e0 Tunis pour se faire passer en tant que   victime du r\u00e9gime politique et de lib\u00e9ral ouvert au dialogue, \u00e0 la comp\u00e9tition   d\u00e9mocratique et la libert\u00e9 d\u2019__expression. <\/span><\/p>\n<p align=\"justify\"> <span lang=\"FR\">Mais, au fait, il   ne s&rsquo;agit que d&rsquo;un rat\u00e9 souffrant d&rsquo;une multitude d&rsquo;affections psychiatriques   d&rsquo;instabilit\u00e9s comportementales et caract\u00e9rielles. <\/span><\/p>\n<p align=\"justify\">\u00a0<\/p>\n<p align=\"justify\"> <span lang=\"FR\">Il a certainement   omis ses d\u00e9rives financi\u00e8res, ses pratiques de tortionnaire dans les locaux de   la police et de la garde nationale ainsi que ses abus de pouvoir avant qu&rsquo;il   ne soit r\u00e9voqu\u00e9 de ses fonctions de haut responsable au RCD dans la principale   zone industrielle de la banlieue de Tunis.<\/span><\/p>\n<p align=\"justify\"> <span lang=\"FR\">Les larmes du   crocodile n&rsquo;ont jamais \u00e9t\u00e9 ni une forme ni une preuve de remord et   d&rsquo;autocritique pour se taper une nouvelle virginit\u00e9 artificielle d\u2019innocence.<\/span><\/p>\n<p align=\"justify\">\u00a0<\/p>\n<p align=\"justify\"> <span lang=\"FR\">Ce charlatan de la   politique n&rsquo;est qu&rsquo;un schizophr\u00e8ne qui suit depuis quelques ann\u00e9es un   traitement chez un psychiatre connu \u00e0 Tunis.<\/span><\/p>\n<p align=\"justify\">\u00a0<\/p>\n<p align=\"justify\"> <span lang=\"FR\">En effet, \u00e0 titre   indicatif et pour ne plus revenir au sujet d\u2019un politophyte aux neurones   rouill\u00e9s et aux m\u00e9ninges coinc\u00e9es, il m\u2019est n\u00e9cessaire d\u2019ajouter que sa   r\u00e9putation est de renomm\u00e9e exceptionnelle en affaires de \u2026.. <\/span><\/p>\n<p align=\"justify\">\u00a0<\/p>\n<p align=\"justify\"> <span lang=\"FR\">Je laisserai le   soin \u00e0 un ex-haut responsable du RCD r\u00e9gurgit\u00e9 des visc\u00e8res de l\u2019autorit\u00e9 au   pouvoir de d\u00e9clarer honn\u00eatement et publiquement ses origines provinciales\u00a0   afin d\u2019aider son psychiatre au v\u00e9ritable diagnostic puis au traitement\u00a0   ad\u00e9quat et de pr\u00e9ciser ensuite ses caract\u00e9ristiques comportementales   personnelles.\u00a0 <\/span><\/p>\n<p align=\"justify\">\u00a0<\/p>\n<p align=\"justify\"> <span lang=\"FR\">Son recours au   faux nom et au double-nom pour signer des faux articles sur les colonnes de   Tunis News n\u2019est qu\u2019un vieux jeu de primate qui t\u00e9moigne non seulement de la   l\u00e2chet\u00e9 mais aussi de la confirmation de l\u2019aggravation de l\u2019atteinte   schizophr\u00e8ne. <\/span><\/p>\n<p align=\"justify\">\u00a0<\/p>\n<p align=\"justify\"> <span lang=\"FR\">L\u2019\u00e9cho de   r\u00e9sonance de ses articles n\u2019int\u00e9resse personne et il n\u2019est pas n\u00e9cessaire de   cr\u00e9er des faux noms et des personnages virtuels pour se donner de l\u2019importance   \u00e0 l\u2019Internet. Il devrait se contenter de faire le domestique de Mister   Hudgston.<\/span><\/p>\n<p align=\"justify\">\u00a0<\/p>\n<p align=\"justify\"> <span lang=\"FR\">Bon !\u00a0 Revenons au   s\u00e9rieux !<\/span><\/p>\n<p align=\"justify\">\u00a0<\/p>\n<p align=\"justify\"> <span lang=\"FR\">J\u2019ai certainement   omis de prendre l\u2019autorisation de certains barons de l\u2019obscurit\u00e9 \u00e0 l\u2019\u00e9tranger   pour \u00eatre plus \u00e0 l\u2019aise et plus tranquille \u00e0 Paris.<\/span><\/p>\n<p align=\"justify\">\u00a0<\/p>\n<p align=\"justify\"> <span lang=\"FR\">Mais certains   m\u00e9galomanes de l\u2019\u00e9tat major virtuel des micro-representativit\u00e9s d\u00e9chiquet\u00e9es   en plusieurs morceaux de groupuscules \u00e0 l\u2019exil n\u2019ont cess\u00e9 de me faire   parvenir leur hyst\u00e9rie hallucinatoire maniaco-d\u00e9pressive pour pousser un peu   plus leur indiscr\u00e9tion et leur malhonn\u00eatet\u00e9 de valets au service de foyers   suspects afin de meubler les lacunes de leur oisivet\u00e9.<\/span><\/p>\n<p align=\"justify\">\u00a0<\/p>\n<p align=\"justify\"> <span lang=\"FR\">On dirait que   j\u2019avais des comptes \u00e0 rendre et que je devais justifier mes actes et   intentions.<\/span><\/p>\n<p align=\"justify\"> <span lang=\"FR\">\u00a0Pourtant, les   barons de l&rsquo;hostilit\u00e9 au r\u00e9gime ne m&rsquo;ont jamais pr\u00eat\u00e9 consid\u00e9ration et ils   trouvent, en cons\u00e9quent, le culot d&rsquo;inciter leurs vaguemestres et leurs   domestiques de m&rsquo;offenser et de se demander les raisons qui m&rsquo;ont pouss\u00e9 \u00e0   d\u00e9clarer m\u00e9diatiquement mon changement de camp.<\/span><\/p>\n<p align=\"justify\"> <span lang=\"FR\">Quelle d\u00e9mocratie   attendue sous le toit de ces faux militants qui se cachent derri\u00e8re les   claviers de leurs ordinateurs pour diffuser des fanfares de communiqu\u00e9s   incitant les Tunisiens \u00e0 l&rsquo;insurrection et au suicide pour leur tapisser le   retour en Tunisie sur les tapis rouges de sang de leurs victimes.<\/span><\/p>\n<p align=\"justify\"> <span lang=\"FR\">Mais, le comble,   c\u2019est que j\u2019ai d\u00e9couvert l\u2019inattendu en d\u00e9ceptions et en remords \u00e0 ma derni\u00e8re   visite \u00e0 Paris.<\/span><\/p>\n<p align=\"justify\">\u00a0<\/p>\n<p align=\"justify\"> <span lang=\"FR\">Certes, je ne suis   pas anonyme, mais en m\u00eame temps, je ne suis ni un serviteur du Palais de   Carthage, ni l\u2019un des officiels du R\u00e9gime Politique ni le vaguemestre de   l\u2019Opposition Tunisienne et ni le domestique des faisant-fonctions de   d\u00e9fenseurs des droits de l&rsquo;homme en Tunisie.<\/span><\/p>\n<p align=\"justify\">\u00a0<\/p>\n<p align=\"justify\"> <span lang=\"FR\">Si j\u2019ai pu toucher   \u00e0 un monopole aussi sensible des victimes de la complicit\u00e9 de la soci\u00e9t\u00e9   civile en Tunisie avec un r\u00e9gime policier et \u00e0 un fond de commerce priv\u00e9, je   ne connaissais vraiment pas exactement les propri\u00e9taires ou les   co-propri\u00e9taires qui se sont empar\u00e9s des libert\u00e9s personnelles dans le monde   des affaires des droits de l&rsquo;homme et de l&rsquo;opportunisme politique.<\/span><\/p>\n<p align=\"justify\"> <span lang=\"FR\">Mes contacts \u00e0   Paris ou ailleurs ne concernent personnes.<\/span><\/p>\n<p align=\"justify\">\u00a0<\/p>\n<p align=\"justify\"> <span lang=\"FR\">Initiative   Parisienne ou Bolivienne \u2026<\/span><\/p>\n<p align=\"justify\"> <span lang=\"FR\">Initiative   Pr\u00e9sidentielle ou de Planctons \u2026<\/span><\/p>\n<p align=\"justify\"> <span lang=\"FR\">Nouvelle \u00e9preuve   policiaro-milicienne ou attentat \u00e0 la pudeur politique \u2026<\/span><\/p>\n<p align=\"justify\"> <span lang=\"FR\">Sale coup des   vieux loups \u2026<\/span><\/p>\n<p align=\"justify\"> <span lang=\"FR\">Tentative   polici\u00e8re du dernier quart-d\u2019heure ou secours du FBI et du Mossad &#8230;<\/span><\/p>\n<p align=\"justify\"> <span lang=\"FR\">Nouvelle man\u0153uvre   s\u00e9curitaire ou r\u00e9veil d&rsquo;Ariel Sharon de son coma profond &#8230;<\/span><\/p>\n<p align=\"justify\"> <span lang=\"FR\">Sorcellerie ou   Astrologie polici\u00e8re du Minist\u00e8re de l\u2019int\u00e9rieur.<\/span><\/p>\n<p align=\"justify\"> <span lang=\"FR\">Processus de   manipulation Sioniste en Tunisie ou man\u0153uvre Hitl\u00e9rienne &#8230;<\/span><\/p>\n<p align=\"justify\">\u00a0<\/p>\n<p align=\"justify\"> <span lang=\"FR\">CECI NE REGARDE   PERSONNE.<\/span><\/p>\n<p align=\"justify\">\u00a0<\/p>\n<p align=\"justify\"> <span lang=\"FR\">Personnellement,   je n&rsquo;ai jamais demand\u00e9 \u00e0 personne de me rendre des comptes.<\/span><\/p>\n<p align=\"justify\"> <span lang=\"FR\">La r\u00e9ciproque   devrait \u00eatre respect\u00e9e.<\/span><\/p>\n<p align=\"justify\">\u00a0<\/p>\n<p align=\"justify\"> <span lang=\"FR\">L&rsquo;indiscr\u00e9tion ,   des sp\u00e9culateurs du monopole des souffrances des autres , n&rsquo;est que la   r\u00e9sultante d&rsquo;une sensation de menace d&rsquo;atteinte \u00e0 leurs int\u00e9r\u00eats et profits   personnels d\u2019un fond de commerce tir\u00e9 sous silence d\u2019une crise chronique qui   submerge le paysage politique en Tunisie depuis une longue dur\u00e9e .<\/span><\/p>\n<p align=\"justify\">\u00a0<\/p>\n<p align=\"justify\"> <span lang=\"FR\">Les barons de   l&rsquo;hostilit\u00e9 au pouvoir et les professionnels de la commercialisation des\u00a0   malheurs des autres aux foyers de charit\u00e9 continuent \u00e0 se baigner dans le vide   lacunaire et le n\u00e9ant des esprits tordus pour exprimer une st\u00e9rilit\u00e9   obsessionnelle tant que la soci\u00e9t\u00e9 civile Tunisienne est infect\u00e9e par des   souches de mauvaises graines qui se heurtent depuis bien longtemps \u00e0 un gros   clivage avec la population locale Tunisienne.<\/span><\/p>\n<p align=\"justify\">\u00a0<\/p>\n<p align=\"justify\"><b> <span lang=\"FR\">Dr. SAHBI AMRI<\/span><\/b><\/p>\n<p align=\"justify\"><b> <span lang=\"FR\">Cit\u00e9   El-Wouroud . Sidi Bouzid 9100<\/span><\/b><\/p>\n<p align=\"justify\"><b> <span lang=\"FR\">Tel.   00.216.98.22.27.51<\/span><\/b><\/p>\n<p align=\"justify\">\u00a0<\/p>\n<p align=\"justify\"><b> <span lang=\"FR\">  (*) R\u00e9ponse de TUNISNEWS<\/span><\/b><\/p>\n<p align=\"justify\">\u00a0<\/p>\n<p align=\"justify\"><b> <span lang=\"FR\">Cher   Monsieur Sahbi AMRI, <\/span><\/b><\/p>\n<p align=\"justify\">\u00a0<\/p>\n<p align=\"justify\"><b> <span lang=\"FR\">Nous   n\u2019avons ni le temps, ni la volont\u00e9, ni les moyens de vous \u00ab\u00a0espionner\u00a0\u00bb. Tout   le monde savait que vous \u00e9tiez \u00e0 Paris et que vous aviez rencontr\u00e9 un certain   nombre de tunisiens. On a demand\u00e9 \u00e0 certains d\u2019entre eux de bien vouloir   informer l\u2019opinion publique de l\u2019objet de votre d\u00e9marche qui \u00e9tait au centre   des discussions, des sp\u00e9culations et de l\u2019int\u00e9r\u00eat public. \u00a0<\/span><\/b><\/p>\n<p align=\"justify\">\u00a0<\/p>\n<p align=\"justify\"><b> <span lang=\"FR\">Cher   Monsieur Sahbi AMRI, <\/span><\/b><\/p>\n<p align=\"justify\">\u00a0<\/p>\n<p align=\"justify\"><b> <span lang=\"FR\">Ce   n\u2019est ni de l\u2019espionnage, ni de la filature, ni de l\u2019investigation polici\u00e8re   comme vous pr\u00e9tendez, \u00e7a s\u2019appelle tout simplement \u00ab\u00a0chercher l\u2019information   qui a un int\u00e9r\u00eat public\u00a0\u00bb par des moyens journalistiques.\u00a0 <\/span><\/b><\/p>\n<p align=\"justify\">\u00a0<\/p>\n<p align=\"justify\"><b> <span lang=\"FR\">Cher   Monsieur Sahbi AMRI, <\/span><\/b><\/p>\n<p align=\"justify\">\u00a0<\/p>\n<p align=\"justify\"><b> <span lang=\"FR\">Vous   affirmez que notre d\u00e9marche visait \u00e0 <\/span> <span lang=\"FR\">  \u00ab\u00a0satisfaire la vertu de la soif des charg\u00e9s de missions\u00a0\u00bb<\/span><span lang=\"FR\">.   Excusez-nous notre ignorance, mais notre niveau de fran\u00e7ais ne nous a pas   permis de comprendre cette phrase. Auriez vous la gentillesse de nous   l\u2019expliquer\u00a0? mais en attendant, nous vous assurons que nous ne sommes charg\u00e9s   d\u2019aucune mission\u00a0!<\/span><\/b><\/p>\n<p align=\"justify\">\u00a0<\/p>\n<p align=\"justify\"><b> <span lang=\"FR\">Vous   dites que TUNISNEWS a <\/span> <span lang=\"FR\">\u00ab\u00a0os\u00e9   chercher des informations et des d\u00e9tails concernant le motif de mon passage \u00e0   Paris en Mars 2006\u00a0\u00bb<\/span><span lang=\"FR\">   \u2026. Pourquoi utiliser des gros mots du type \u00ab\u00a0OSER\u00a0\u00bb\u00a0? On a tout simplement   essay\u00e9 d\u2019obtenir des informations pour informer nos concitoyens intrigu\u00e9s par   votre \u00ab\u00a0mission\u00a0\u00bb. C\u2019est notre droit le plus absolu et le plus \u00e9l\u00e9mentaire   comme citoyens et comme moyen d\u2019information.<\/span><\/b><\/p>\n<p align=\"justify\">\u00a0<\/p>\n<p align=\"justify\"><b> <span lang=\"FR\">Cher   Monsieur Sahbi AMRI, <\/span><\/b><\/p>\n<p align=\"justify\">\u00a0<\/p>\n<p align=\"justify\"><b> <span lang=\"FR\">nous   ne nous sommes pas adress\u00e9s \u00e0 vous directement pour vous poser la question,   car on estimait que vous \u00e9tiez tr\u00e8s occup\u00e9 avec vos 2 amis \u00e0 Paris.   D\u2019ailleurs, on vous a pos\u00e9 les m\u00eames questions d\u00e9s qu\u2019on a pu comprendre que   vous \u00e9tiez rentr\u00e9 en Tunisie.<\/span><\/b><\/p>\n<p align=\"justify\">\u00a0<\/p>\n<p align=\"justify\"><b> <span lang=\"FR\">Vous   pr\u00e9tendez qu\u2019il y a eu \u00a0<\/span><span lang=\"FR\">\u00ab\u00a0d\u00e9sistement   de r\u00e9ponse\u00bb <\/span> <span lang=\"FR\">  (Sic\u00a0!) de la part des personnes avec qui vous aviez eu \u00ab\u00a0<\/span><span lang=\"FR\">des   entretiens amicaux et fraternels<\/span><span lang=\"FR\">\u00a0\u00bb.   Ceci n\u2019est pas exact du tout. <\/span><\/b><\/p>\n<p align=\"justify\">\u00a0<\/p>\n<p align=\"justify\"><b> <span lang=\"FR\">En   fait, certains n\u2019ont pas r\u00e9pondu \u00e0 notre question, d\u2019autres ont refus\u00e9 de   r\u00e9pondre et quelques uns ont m\u00eame r\u00e9agi positivement \u00e0 notre requ\u00eate. Mais \u00e0   la r\u00e9daction, nous avons d\u00e9cid\u00e9 de ne rien publier les infos qu\u2019on a   recueillies car \u00e0 la fin nous avons estim\u00e9 que nous n\u2019avons pas pu rassembler   une information suffisante, cr\u00e9dible et compl\u00e8te sur ce sujet pour \u00eatre port\u00e9e   \u00e0 l\u2019attention de nos lecteurs.<\/span><\/b><\/p>\n<p align=\"justify\">\u00a0<\/p>\n<p align=\"justify\"><b> <span lang=\"FR\">Cher   Monsieur Sahbi AMRI, <\/span><\/b><\/p>\n<p align=\"justify\">\u00a0<\/p>\n<p align=\"justify\"><b> <span lang=\"FR\">Libre   \u00e0 vous d\u2019ignorer la question que nous vous avons pos\u00e9e mais vous n\u2019avez aucun   droit de nous accuser de vouloir <\/span> <span lang=\"FR\">  \u00ab\u00a0marginaliser l\u2019objectif de votre visite<\/span><span lang=\"FR\">\u00a0\u00bb.   Vous faites votre travail \u2026 \u00e0 nous de faire le n\u00f4tre.\u00a0 Tout simplement.<\/span><\/b><\/p>\n<p align=\"justify\">\u00a0<\/p>\n<p align=\"justify\"><b> <span lang=\"FR\">  L\u2019\u00e9quipe de TUNISNEWS<\/span><\/b><\/p>\n<p align=\"justify\"><b> <span lang=\"FR\">13   mai 2006 <\/span><\/b><\/p>\n<p><\/font><\/div>\n<div>  \u00a0<\/div>\n<div>\n<hr\/>\n<\/div>\n<p><font face=\"Arial\" size=\"2\"><\/p>\n<div align=\"center\"> <strong><\/p>\n<h2 style=\"color: red;\"><font size=\"3\">DESAMORCER LA RUMEUR<\/font><\/h2>\n<p><\/strong><\/div>\n<div align=\"justify\"> <strong><font>\u00a0Par M&rsquo;hamed JAIBI<\/font><\/strong>    \u00a0\u00a0    Encore une rumeur aussi tenace que totalement fausse. Comme la tr\u00e8s grande   majorit\u00e9 de \u00abnos\u00bb rumeurs. Mais une rumeur qui m\u00e9riterait d\u2019\u00eatre lestement   d\u00e9samorc\u00e9e, tellement elle attriste les candidats au mariage, \u00e0 une \u00e9poque o\u00f9   l\u2019on ne se marie plus beaucoup.   \u00a0   Selon cette rumeur qui envahit nos cit\u00e9s, nos facs et nos caf\u00e9s, nul n\u2019est   d\u00e9sormais en mesure de convoler en justes noces s\u2019il n\u2019a accompli son service   militaire. Et la \u00abmesure\u00bb colport\u00e9e de bouche en oreille pr\u00e9sente \u00abl\u2019avantage\u00bb   d\u2019\u00e9carter toute discrimination entre filles et gar\u00e7ons. Puisque, s\u2019il est vrai   que c\u2019est au gar\u00e7on que l\u2019on interdit de contracter mariage, sa bien aim\u00e9e en   paie le tribut exactement dans les m\u00eames conditions.   \u00a0   Il y a quelques ann\u00e9es, on avait parl\u00e9 de faire faire le service militaire aux   filles, histoire de garantir l\u2019\u00e9galit\u00e9 et la parit\u00e9 entre les deux sexes. Cela   avait soulev\u00e9 un toll\u00e9 chez les demoiselles, mis de la joie dans les   conversations entre gar\u00e7ons et \u00abr\u00e9volt\u00e9\u00bb les parents conservateurs, hommes et   femmes. Surtout qu\u2019il s\u2019agissait d\u2019un conservatisme de bon aloi, tombant \u00e0 pic   pour sauver les \u00abch\u00e9rubin(e)s\u00bb.   \u00a0   Revenons \u00e0 nos moutons (de panurge) qui se font avoir \u00e0 tout bout de champ par   la rumeur de tout un chacun. Soyez rassur\u00e9s, l\u2019officier d\u2019\u00e9tat civil ou le   notaire n\u2019exigera pas de vous votre attestation de service militaire au moment   de la signature. Et tant mieux. Imaginez la t\u00eate de vos invit\u00e9s subitement   priv\u00e9s de sucreries tunisiennes et de drag\u00e9es savamment emball\u00e9es dans de la   dentelle enturbann\u00e9e de satin.   \u00a0   Cela dit, l\u2019\u00e9ch\u00e9ance indiqu\u00e9e par la rumeur approche : le 1er juillet, et il   serait de tr\u00e8s bon go\u00fbt que les pouvoirs publics d\u00e9mentent officiellement et \u00e0   haute voix la chose. Pour que nos statistiques en mati\u00e8re de mariage des   jeunes en \u00e2ge de se marier, n\u2019en prennent pas un nouveau coup.   \u00a0   Rumeurs et informations ont la mauvaise habitude de faire bon m\u00e9nage. Or, fort   heureusement, nous avons, depuis quelques mois, de nouveau, un minist\u00e8re   charg\u00e9 de l\u2019information, m\u00eame si son nom est bien plus long et compliqu\u00e9.   Pourquoi ce d\u00e9partement, qui s\u2019est illustr\u00e9 par son ouverture et son dynamisme,   ne prendrait pas sur lui de r\u00e9pertorier les rumeurs et les informations posant   probl\u00e8me.    \u00a0   Ce n\u2019est qu\u2019en clarifiant les choses qu\u2019on arrivera \u00e0 convaincre les citoyens   que les informations vraies sont celles publi\u00e9es par nos journaux et diffus\u00e9es   par nos stations radio et t\u00e9l\u00e9.   \u00a0   Quant aux rumeurs et aux d\u00e9cisions de non droit qui viendraient \u00e0 voir le   jour, non seulement les m\u00e9dias doivent en faire rapidement \u00e9tat, mais il   s\u2019agit de voir les d\u00e9partements minist\u00e9riels concern\u00e9s faire toute la lumi\u00e8re   \u00e0 leur sujet.    \u00a0   Pour cr\u00e9dibiliser l\u2019information nationale et consolider toujours davantage les   fondements de l\u2019Etat de droit. Car aucune rumeur, aucune mise en cause, aucune   critique ou insinuation ne doit rester sans explications.   \u00a0   <strong><font>(Source : \u00ab Le Journal \u00bb, N\u00b0 26 du Samedi 13 mai   2006)<\/font><\/strong>   URL : http:\/\/www.gplcom.com\/journal\/fr\/<\/div>\n<div align=\"justify\">\n<hr\/>\n<\/div>\n<div align=\"center\"> <strong><font>A CANAL 7, avant son d\u00e9m\u00e9nagement   <\/font><\/p>\n<h2 style=\"color: red;\"><font size=\"3\">NE PRENEZ PAS TOUT AVEC VOUS !<\/font><\/h2>\n<p><\/strong><\/div>\n<div align=\"justify\"> <strong><font>Par Jamel ARFAOUI (*)<\/font><\/strong>    \u00a0   La construction et l\u2019\u00e9quipement du nouveau si\u00e8ge de la t\u00e9l\u00e9vision tunisienne,   au Nord-Hilton, a repr\u00e9sent\u00e9 un d\u00e9fi pour les protagonistes de cet ambitieux   projet.   \u00a0   Mais le plus grand d\u00e9fi, dont nous attendons impatiemment la r\u00e9alisation, ce   sera lorsque les responsables, quels que soient leurs postes et leurs   fonctions, commenceront \u00e0 d\u00e9m\u00e9nager leur mat\u00e9riel et leurs bureaux. Et nous   formulons le v\u0153u qu\u2019ils ne prennent pas tout avec eux, et en particulier,   qu\u2019ils n\u2019emportent pas \u00abla routine\u00bb, \u00able manque d\u2019initiative\u00bb, \u00abl\u2019h\u00e9sitation\u00bb,   \u00abla peur\u00bb et \u00abla mise au frigo\u00bb, afin de se lancer, ainsi, dans la cr\u00e9ativit\u00e9,   l\u2019audace et l\u2019incitation des jeunes \u00e0 exploiter au mieux leurs comp\u00e9tences   sans peur d\u2019\u00e9chouer ou d\u2019\u00eatre p\u00e9nalis\u00e9s.   Une grande frange de Tunisiens fuient \u2013contre leur gr\u00e9\u2013 vers d\u2019autres cha\u00eenes.   Et nous en observons, aujourd\u2019hui, la r\u00e9percussion dans nos rues. Et il suffit   d\u2019\u00e9couter les conversations et les \u00abfatouas\u00bb qu\u2019\u00e9voquent les Tunisiens dans   leurs r\u00e9unions priv\u00e9es, et m\u00eame publiques, pour se rendre compte de l\u2019ampleur   du ph\u00e9nom\u00e8ne.   \u00a0   Notre t\u00e9l\u00e9vision a besoin d\u2019une r\u00e9volution qui mette fin aux vieilles m\u00e9thodes   et tourne le dos au langage du pass\u00e9. Le monde change autour de nous, autant   que dans notre pays. Le taux des lettr\u00e9s a beaucoup augment\u00e9, et de nouveaux   horizons se sont ouverts devant eux, leur donnant les moyens de comprendre et   d\u2019analyser les \u00e9v\u00e9nements internes et internationaux.   \u00a0   Il est tout \u00e0 fait possible pour nous de concevoir un nouveau dictionnaire de   notre langage t\u00e9l\u00e9vis\u00e9 r\u00e9pondant \u00e0 toutes les attentes. Les comp\u00e9tences sont   disponibles. Ceux qui doutent n\u2019ont qu\u2019\u00e0 consulter la longue liste de nos   journalistes TV \u00e9migr\u00e9s au Golfe, pour comprendre qu\u2019on est capable de briller   et qu\u2019on est tout \u00e0 fait s\u00e9rieux, pourvu qu\u2019on nous accorde un minimum de   confiance, d\u2019int\u00e9r\u00eat et d\u2019\u00e9coute.   \u00a0   Le Tunisien, qui s\u2019est montr\u00e9 capable d\u2019exporter l\u2019escargot et les grenouilles   \u00e0 l\u2019autre bout du monde, est capables de tous les miracles.   \u00a0   Notre pays, avec ses grands chantiers de construction de ponts, d\u2019autoroutes   et d\u2019h\u00f4pitaux, et malgr\u00e9 ses moyens limit\u00e9s et la flamb\u00e9e des prix du p\u00e9trole,   est capable de tenir t\u00eate \u00e0 toutes les tornades. Il ne peut donc en aucune   mani\u00e8re craindre quelques lapsus ou une petite critique hors sujet qui   seraient diffus\u00e9s par la t\u00e9l\u00e9vision. Essayez et vous verrez. Tout le monde   s\u2019habituera et les responsables aussi, prendront go\u00fbt \u00e0 la diff\u00e9rence et m\u00eame   aux diff\u00e9rends. Nos anc\u00eatres n\u2019ont-ils pas dit que dans la diff\u00e9rence r\u00e9side   la cl\u00e9mence. Et nous dirions, aujourd\u2019hui, que dans la diff\u00e9rence se trouve le   progr\u00e8s et le meilleur chemin de la r\u00e9forme.   \u00a0   Nous avons quoi donner au monde et nous pouvons bien corriger le mal-entendu   avec qui que ce soit, \u00e0 condition de savoir \u00abcommercialiser\u00bb notre \u00abproduit\u00bb   et, plus important, comment le pr\u00e9senter. En Tunisie, nous avons un code du   statut personnel progressiste, une femme lib\u00e9r\u00e9e, un enseignement d\u00e9velopp\u00e9,   une couverture sociale assur\u00e9e, des h\u00f4tels magnifiques et un peuple qui   d\u00e9teste la violence. Mais le plus important, c\u2019est que la Tunisie b\u00e9n\u00e9ficie   d\u2019une \u00e9lite dans tous les domaines : la m\u00e9decine, l\u2019ing\u00e9nierie, la sociologie   et la philosophie. La Tunisie n\u2019\u00e9tait-elle pas, et ne demeure-t-elle pas, l\u2019un   des rares pays arabes affectant la moiti\u00e9 de ses ressources \u00e0 l\u2019enseignement ?   \u00a0   Il se trouve, cependant, que notre t\u00e9l\u00e9vision, avec ses programmes, ses   vari\u00e9t\u00e9s et ses informations, nous masque toutes ces r\u00e9alit\u00e9s et nous cantonne   ainsi dans une position \u2013que nous ne voulons pas qualifier\u2013 que nous sommes   loin de m\u00e9riter.   \u00a0   Nous entendons chaque jour cette _expression et de toutes les bouches quand on   \u00e9voque notre t\u00e9l\u00e9vision nationale : \u00abnous m\u00e9ritons mieux que \u00e7a\u00bb.   \u00a0   Oui, nous m\u00e9ritons mieux que \u00e7a.   \u00a0   Enfin, une information \u00e0 l\u2019intention des d\u00e9cideurs de notre t\u00e9l\u00e9vision, et   nous les prions de bien vouloir l\u2019analyser. La semaine derni\u00e8re, un sondage   touchant 10 pays arabes, asiatiques, europ\u00e9ens et am\u00e9ricains, a d\u00e9gag\u00e9 que   \u00ab25% des t\u00e9l\u00e9spectateurs et des lecteurs ont cess\u00e9, pendant l\u2019ann\u00e9e derni\u00e8re,   de suivre une quelconque source d\u2019information d\u00e8s qu\u2019ils ont perdu confiance   en la fiabilit\u00e9 de ses comptes-rendus\u00bb.   \u00a0   <strong><font>(*) Traduit de l\u2019arabe par les soins de la   r\u00e9daction.<\/font><\/strong>   \u00a0   <font><strong>(Source : \u00ab Le Journal \u00bb, N\u00b0 26 du Samedi 13 mai   2006)<\/strong><\/font><\/div>\n<div align=\"justify\">  \u00a0<\/div>\n<div align=\"justify\">\n<hr\/>\n<\/div>\n<div align=\"justify\"> <span dir=\"rtl\" lang=\"AR-SA\"> <font face=\"Arial\">\u00a0  <\/p>\n<p align=\"center\" dir=\"ltr\"><b> <span lang=\"FR-CH\">De la libert\u00e9 de   presse, encore une fois<\/span><\/b><\/p>\n<p> <\/font><\/span> <span dir=\"rtl\" lang=\"AR-SA\"> <\/p>\n<p align=\"left\" dir=\"ltr\"> <b> <span lang=\"FR-CH\">  Par Zyed Krichen<\/span><\/b><span lang=\"FR-CH\"> <\/span> <span lang=\"FR-CH\"> <\/span><span lang=\"FR-CH\">Les   c\u00e9l\u00e9brations sont un pain b\u00e9ni pour les journalistes (trouver une id\u00e9e n\u2019est   pas toujours \u00e9vident), mais, \u00e0 la longue, cela risque d\u2019\u00eatre lassant&#8230;       Que dire de plus pour ce 3 mai, Journ\u00e9e Mondiale de la Libert\u00e9 de presse?       En Tunisie le diagnostic est invariant depuis quelques ann\u00e9es. Tout le monde   s\u2019accorde \u00e0 dire que le secteur de l\u2019information ne va pas bien.       Il y a des fr\u00e9missements par ci et l\u00e0. La volont\u00e9 politique de promouvoir le   secteur a \u00e9t\u00e9 r\u00e9affirm\u00e9e \u00e0 maintes reprises par le Pr\u00e9sident Ben Ali en   personne, mais manifestement quelque chose ne tourne pas rond dans la sph\u00e8re   des m\u00e9dias.       L\u2019Association des Journalistes Tunisiens vient de rappeler ce constat dans son   cinqui\u00e8me rapport sur l\u2019\u00e9tat de la libert\u00e9 de presse en Tunisie (voir notre   dossier dans les deux parties arabe et fran\u00e7aise du magazine).       Le journalisme en Tunisie est un peu \u00e0 l\u2019image du conflit isra\u00e9lo-palestinien   : il a besoin d\u2019une feuille de route. Comme on ne le sait que trop bien,   h\u00e9las, une feuille de route a elle aussi besoin de bonnes intentions et d\u2019un   canevas pour les premiers pas.       Que faut-il faire maintenant pour que le processus d\u00e9marre d\u00e9finitivement?       L\u2019Association des journalistes a focalis\u00e9 sur les conditions mat\u00e9rielles et   professionnelles pour l\u2019exercice du m\u00e9tier. Elle est, en cela, dans son r\u00f4le   naturel. Mais on peut craindre que cela soit insuffisant pour enclencher les   premiers pas.       Par quoi commencer ?       Au moment o\u00f9 des commissions r\u00e9fl\u00e9chissent sur l\u2019avenir du secteur, il est   indispensable de prendre le bon chemin.       Le talon d\u2019Achille r\u00e9side dans le texte de loi qui fait d\u2019une personne   physique l\u2019unique d\u00e9tentrice d\u2019un titre de presse.       Cette disposition r\u00e9glementaire a eu un double effet pervers:       &#8211; l\u2019impossibilit\u00e9 pour plusieurs comp\u00e9tences professionnelles de pouvoir   lancer un nouveau projet \u00e9ditorial,       &#8211; l\u2019incapacit\u00e9 pour les entreprises de presse d\u2019atteindre la taille critique   qui leur permetttrait de diversifier leur produit et de conqu\u00e9rir de nouveaux   march\u00e9s. L\u2019actuelle loi oblige, de fait, l\u2019entreprise de presse \u00e0 demeurer   personnelle, ou au mieux familiale. Qui voudra investir dans une entreprise o\u00f9   le propri\u00e9taire historique reste l\u2019unique d\u00e9cideur \u00e9conomique?       Il faut dire haut et fort que cette disposition est une aberration dans le   monde d\u2019aujourd\u2019hui, car elle emp\u00eache tout bonnement l\u2019entreprise de presse   d\u2019\u00eatre une entreprise tout court&#8230;       Le libre acc\u00e8s \u00e0 la propri\u00e9t\u00e9 d\u2019un titre de presse et le remplacement de la   personne physique par l\u2019actionnariat sont les deux leviers qui permettront une   transformation du paysage m\u00e9diatique dans notre pays.       Loin de nous est l\u2019abandon de l\u2019id\u00e9e de toute r\u00e9glementation. La presse est   certes un produit \u00e9conomique, mais pas tout \u00e0 fait comme les autres.       Le secteur a besoin d\u2019un cahier de charges pour \u00e9pargner \u00e0 nos m\u00e9dias une   concurrence sauvage et d\u00e9loyale.       C\u2019est sur ce point, nous semble-t-il, que les \u00e9nergies doivent converger. Le   tout est de r\u00e9soudre en faveur du citoyen\/consommateur l\u2019\u00e9quation suivante:        &#8211; Le libre acc\u00e8s \u00e0 la propri\u00e9t\u00e9 d\u2019un titre.       &#8211; La constitution d\u2019un noyau dur d\u2019actionnariat dont les journalistes   (organis\u00e9s dans une soci\u00e9t\u00e9 de r\u00e9dacteurs) repr\u00e9senteraient, pourquoi pas, une   minorit\u00e9 de blocage.       &#8211; Soutenir les entreprises de presse qui veulent acqu\u00e9rir de nouveaux march\u00e9s.        &#8211; Cr\u00e9ation d\u2019un comit\u00e9 de r\u00e9gulation ind\u00e9pendant pour veiller au respect du   pluralisme et \u00e0 la transparence des acquisitions ou des fusions et de toutes   activit\u00e9s financi\u00e8res li\u00e9es aux m\u00e9dias.       &#8211; Encourager l\u2019acc\u00e8s \u00e0 la Bourse des entreprises de presse afin qu\u2019elles   drainent, elles aussi, l\u2019investissement direct \u00e9tranger.       &#8211; R\u00e9fl\u00e9chir \u00e0 une plus grande \u00e9quit\u00e9 et efficacit\u00e9 dans l\u2019octroi de la   publicit\u00e9 publique.       Ces quelques pistes, et d\u2019autres, sont susceptibles d\u2019accompagner ce   changement radical dans les m\u00e9dias, devenu n\u00e9cessaire et urgent, sans heurts.        Elles permettront de sauvegarder les int\u00e9r\u00eats vitaux du pays, des   journalistes, des entreprises de presse et enfin \u2014et surtout\u2014 des   lecteurs\/auditeurs\/t\u00e9l\u00e9spectateurs.       Ces nouvelles pistes ont aussi l\u2019avantage de poser, diff\u00e9remment, les   handicaps au plein \u00e9panouissement de la profession et des professionnels.       Si ces premiers pas sont franchis, nul doute que la c\u00e9l\u00e9bration du prochain 3   mai aura une toute autre allure. <\/span><\/p>\n<p align=\"left\" dir=\"ltr\">  \u00a0<\/p>\n<p align=\"left\" dir=\"ltr\"> <b><span lang=\"FR\">  (Source\u00a0: R\u00e9alit\u00e9s N\u00b0 1063 du 11 mai 2006)<\/span><\/b><\/p>\n<p align=\"center\" dir=\"ltr\">\n<p><\/span>\u00a0<\/div>\n<div align=\"justify\">\n<hr\/>\n<\/div>\n<p><\/font><font face=\"Arial\"><span dir=\"rtl\" lang=\"AR-SA\"><\/p>\n<p align=\"center\" dir=\"ltr\"><b><span lang=\"FR\">\u201c Je reproche \u00e0 Bourguiba de n\u2019avoir pas encourag\u00e9 la d\u00e9mocratie \u201d<\/span><\/b><span lang=\"FR\"> <\/span><\/p>\n<p><\/span><\/font><font face=\"Arial\" size=\"2\"><span dir=\"rtl\" lang=\"FR\">\u00a0<\/span><\/p>\n<p align=\"center\" dir=\"ltr\"><span dir=\"rtl\" lang=\"AR-SA\"><span lang=\"FR\"> <\/span><b><span lang=\"FR\">N\u00e9jib Bouziri \u00e9tait membre du N\u00e9o-Destour et ambassadeur durant vingt-huit ans. Juriste, docteur en droit, il a \u00e9t\u00e9 membre de la d\u00e9l\u00e9gation tunisienne charg\u00e9e des n\u00e9gociations avec   la France sur l\u2019autonomie interne de la Tunisie 1954-1955, membre du comit\u00e9 de la cellule destourienne de la Marsa et \u00e9galement du cabinet de Mongi Slim, ministre de l\u2019Int\u00e9rieur, en 1955-1956, au moment du conflit Bourguiba\/Ben Youssef, chef de cabinet au minist\u00e8re des Affaires \u00e9trang\u00e8res 1957-1958 et ambassadeur de Tunisie \u00e0 Bonn en 1961-1963, ann\u00e9e durant laquelle Ben Youssef est assassin\u00e9 de sang-froid dans un h\u00f4tel \u00e0 Francfort. C\u2019est en tant que t\u00e9moin de ces \u00e9v\u00e8nements importants qu\u2019il a eu l\u2019amabilit\u00e9 de t\u00e9moigner.  <\/span><span lang=\"FR\"> Le 4 septembre 1954, les n\u00e9gociations sont ouvertes \u00e0 Carthage, et \u00e0 partir du 8 \u00e0 Paris. Mongi Slim, Mohamed Masmoudi (N\u00e9o-Destouriens) et Aziz Djellouli (Ind\u00e9pendant proche du N\u00e9o-Destour) font partie de la d\u00e9l\u00e9gation. Quels \u00e9taient les autres membres qui avaient particip\u00e9 aux n\u00e9gociations ? Et pourquoi, \u00e0 votre avis, la d\u00e9l\u00e9gation n\u2019\u00e9tait-elle que destourienne ?<\/span><\/b><span lang=\"FR\">  La d\u00e9l\u00e9gation officielle \u00e9tait compos\u00e9e des trois ministres que vous avez cit\u00e9s. Ces ministres avaient des cabinets qui pr\u00e9paraient les dossiers aux n\u00e9gociateurs. Mais il \u00e9tait arriv\u00e9 que des syndicalistes de l\u2019UGTT ou de l\u2019UNAT venaient de Tunis au cours des n\u00e9gociations. Ceci \u00e9tant dit, la d\u00e9l\u00e9gation officielle n\u2019\u00e9tait constitu\u00e9e que des trois ministres en question dont deux destouriens et un ind\u00e9pendant. Il est normal que les n\u00e9gociations aient \u00e9t\u00e9 men\u00e9es par le N\u00e9o-Destour puisque c\u2019est le parti qui a men\u00e9 la lutte contre la colonisation et qui est la principale force politique dans le pays. Le seul qui n\u2019\u00e9tait pas destourien participait d\u2019une fa\u00e7on normale aux n\u00e9gociations mais le dernier mot appartenait au repr\u00e9sentant du Parti.   <b>La reprise des n\u00e9gociations, qui s\u2019interrompirent du fait que le 5 f\u00e9vrier, le cabinet de Mend\u00e8s-France \u00e9tait tomb\u00e9 et qui reprirent apr\u00e8s l\u2019av\u00e8nement, le 23 du m\u00eame mois, du cabinet Edgar Faure, \u00e9tait en r\u00e9alit\u00e9 men\u00e9e, du c\u00f4t\u00e9 tunisien, par Bourguiba. Comment la d\u00e9l\u00e9gation a-t-elle travaill\u00e9 ? Etait-ce sous les seules commandes de Bourguiba ? Ou avait-elle une certaine libert\u00e9 d\u2019initiative ? <\/b>  Les n\u00e9gociations continuaient avec les m\u00eames n\u00e9gociateurs mais \u00e9tant donn\u00e9 que Bourguiba \u00e9tait en France au m\u00eame moment, il \u00e9tait normal qu\u2019il soit constamment au courant de l\u2019\u00e9volution des n\u00e9gociations et des difficult\u00e9s auxquelles elles se trouvaient confront\u00e9es comme celles relatives aux municipalit\u00e9s que les Fran\u00e7ais voulaient mixtes selon le principe de la co-souverainet\u00e9. Bourguiba s\u2019y \u00e9tait fermement oppos\u00e9. Toutefois, on ne peut pas dire que Bourguiba ait pris en charge les n\u00e9gociations. Il \u00e9tait consult\u00e9 et donnait des instructions aux n\u00e9gociateurs destouriens quand ils se trouvaient devant des questions difficiles \u00e0 r\u00e9soudre. On ne peut pas vraiment dire qu\u2019il y a eu une nette s\u00e9paration qui s\u2019est \u00e9tablie au niveau de la d\u00e9l\u00e9gation tunisienne.   <b>Mais pour quelles raisons alors Edgar Faure a-t-il termin\u00e9 directement les n\u00e9gociations avec Bourguiba qui, tout en \u00e9tant transf\u00e9r\u00e9 pr\u00e8s de Montargis, n\u2019avait plus, en r\u00e9alit\u00e9, le statut de d\u00e9tenu mais de n\u00e9gociateur ?<\/b>   Parce que Bourguiba \u00e9tait \u00e0 Paris, qu\u2019il y avait ces questions d\u00e9licates \u00e0 r\u00e9soudre et qu\u2019il fallait que ce soit le pr\u00e9sident lui-m\u00eame qui engage la Tunisie.   <b>F\u00e9lix Garas, dans son livre \u201c Bourguiba et la naissance d\u2019une nation \u201d (1956), note que Salah Ben Youssef a donn\u00e9 son accord \u00e0 Mongi Slim sur le discours de Carthage et qu\u2019il aspirait \u00e0 \u00eatre le \u201c v\u00e9ritable ma\u00eetre des n\u00e9gociations \u201d tout en faisant savoir \u201c en sous-main \u201d \u00e0 Mend\u00e8s France que Bourguiba \u00e9tait d\u00e9pass\u00e9 et qu\u2019il \u00e9tait pr\u00eat \u00e0 un arrangement \u201d (cit\u00e9 par Charles-Andr\u00e9 Julien). Confirmez-vous ces propos ?<\/b>   J\u2019\u00e9tais \u00e0 Paris au moment des n\u00e9gociations. Ta\u00efeb Mhiri et Ahmed Tlili \u00e9taient venus de Tunis et ont d\u00e9cid\u00e9 d\u2019aller rencontrer Salah Ben Youssef \u00e0 Gen\u00e8ve. Je les y ai accompagn\u00e9s. Nous avons discut\u00e9 avec lui pour qu\u2019il accepte le principe des conventions et leur but qui \u00e9tait l\u2019autonomie interne de la Tunisie. Ben Youssef s\u2019est montr\u00e9 \u00e9vasif et a d\u00e9clar\u00e9 qu\u2019il allait rentrer au Caire pour r\u00e9gler des affaires et qu\u2019il comptait regagner la Tunisie. Pour le reste, je ne peux me prononcer.   <b>Selon toujours Charles-Andr\u00e9 Julien, les positions \u201c rigides \u201d de Ben Youssef s\u00e9duisaient beaucoup de militants. Il \u00e9crit : \u201c Au sein de la commission (des n\u00e9gociations), Mongi Slim ne demeura pas insensible \u00e0 ses appels \u201d. <\/b>  Je m\u2019inscris en faux compl\u00e8tement contre ces propos. Il n\u2019est pas exact que beaucoup de militants \u00e9taient sensibles \u00e0 la position de Salah Ben Youssef. Au contraire, la plupart des militants ont approuv\u00e9 la position d\u00e9finie par le Bureau politique du N\u00e9o-Destour. Peut-\u00eatre sur une question ou deux, le ministre ind\u00e9pendant, Aziz Djellouli, nationaliste sinc\u00e8re et int\u00e8gre, se montrait plus nationaliste que les destouriens. Il est m\u00eame rentr\u00e9 \u00e0 Tunis pour manifester ses r\u00e9serves sur certaines questions. Mais ensuite les choses se sont r\u00e9tablies. A ma connaissance, Mongi Slim n\u2019a jamais \u00e9t\u00e9 d\u2019accord avec Salah Ben Youssef , ni approuv\u00e9 ses positions extr\u00e9mistes.   <b>Comment expliquez-vous que Salah Ben Youssef n\u2019ait pas \u00e9t\u00e9 associ\u00e9 aux n\u00e9gociations franco-tunisiennes, malgr\u00e9 les nombreuses d\u00e9clarations qu\u2019il a faites au Caire \u00e0 ce sujet ? Ne pensez-vous pas que cela a jou\u00e9 un r\u00f4le dans le conflit qui l\u2019opposera \u00e0 Bourguiba et qui aboutira \u00e0 son exclusion du BP du Parti (apr\u00e8s son discours prononc\u00e9 le 7 octobre \u00e0 la Grande mosqu\u00e9e de Tunis), et du Parti lors du congr\u00e8s national du N\u00e9o-Destour convoqu\u00e9 pour le 15 novembre \u00e0 Sfax ?<\/b>   Salah Ben Youssef, \u00e0 ma connaissance, n\u2019a jamais voulu accepter le principe des n\u00e9gociations, probablement du fait qu\u2019il a toujours voulu \u00eatre le num\u00e9ro un du Parti. Donc, il y avait quelque chose de personnel : ce d\u00e9sir de leadership. D\u2019autre part, il y avait aussi l\u2019influence des Egyptiens et surtout des Alg\u00e9riens qui souhaitaient que la lutte soit g\u00e9n\u00e9ralis\u00e9e et donc n\u2019\u00e9taient pas favorables \u00e0 un accord entre la Tunisie et la France. Il a \u00e9t\u00e9 prouv\u00e9 rapidement que la r\u00e9ussite des n\u00e9gociations sur l\u2019autonomie interne a d\u00e9bouch\u00e9 en moins d\u2019un an apr\u00e8s, sur l\u2019ind\u00e9pendance. Et la Tunisie a ainsi \u00e9norm\u00e9ment aid\u00e9 \u00e0 l\u2019ind\u00e9pendance de l\u2019Alg\u00e9rie, notamment par le fait que l\u2019arm\u00e9e alg\u00e9rienne \u00e9tait en grande partie sur notre territoire.   <b>Ne pensez-vous pas que, comme l\u2019ont \u00e9crit certains analystes, Bourguiba ait utilis\u00e9 ce qu\u2019on a appel\u00e9 \u201c la s\u00e9dition youss\u00e9fiste \u201d pour pousser les Fran\u00e7ais \u00e0 pr\u00e9cipiter l\u2019ind\u00e9pendance de la Tunisie en voulant leur montrer que s\u2019ils n\u2019accordaient pas tr\u00e8s vite l\u2019ind\u00e9pendance \u00e0 la Tunisie, le pays serait en proie \u00e0 l\u2019extr\u00e9misme ?<\/b>   Non pas de cette mani\u00e8re. Il est certain que pour nous, N\u00e9o-Destouriens, la ligne d\u00e9finie par le Bureau Politique, c\u2019\u00e9tait que v\u00e9ritablement Salah Ben Youssef voulait faire la guerre civile et que nous, nous n\u2019en voulions pas. Mais, pour Bourguiba, \u00e7a n\u2019\u00e9tait pas une tactique pour obliger les Fran\u00e7ais. Il exploitait de fait la situation. Les Tunisiens comme les Fran\u00e7ais se rendaient compte que si la France restait sur des positions rigides et refusait de faire des concessions, l\u2019extr\u00e9misme gagnerait.   <b>Dans un documentaire r\u00e9alis\u00e9, en 1999, par une cha\u00eene fran\u00e7aise, sur \u201c Bourguiba \u201d, et projet\u00e9 encore une fois par la \u201cCinq\u201d, le 18 mars dernier, \u00e0 l\u2019occasion du cinquantenaire de l\u2019Ind\u00e9pendance, on a not\u00e9 que \u201c le nombre de victimes lors de ce conflit d\u00e9passe celui des victimes de la colonisation fran\u00e7aise \u201d. Qu\u2019en pensez-vous ? <\/b>  C\u2019est tout \u00e0 fait faux. J\u2019ai vu personnellement des destouriens agress\u00e9s par des Youss\u00e9fistes mais il ne faut pas croire qu\u2019il y a eu une guerre civile. Elle aurait pu avoir lieu si Salah Ben Youssef avait \u00e9t\u00e9 suivi par beaucoup de Tunisiens. Mais cela n\u2019\u00e9tait pas le cas. Il s\u2019agissait d\u2019une petite minorit\u00e9 brutale qui a tent\u00e9 d\u2019engager le pays dans une guerre civile mais n\u2019a pas r\u00e9ussi \u00e0 changer la situation tunisienne.   <b>Vous avez \u00e9t\u00e9 attach\u00e9 de cabinet au minist\u00e8re de l\u2019Int\u00e9rieur en 1955-1956, durant une ann\u00e9e d\u00e9cisive quant au diff\u00e9rend Bourguiba-Ben Youssef, au moment o\u00f9 se tenait le Congr\u00e8s du Parti \u00e0 Sfax. Vous avez dit vous-m\u00eame que vous avez \u201c tout mis en \u0153uvre pour faire \u00e9chec \u00e0 la r\u00e9union organis\u00e9e par Salah Ben Youssef au stade municipal de Tunis avec la participation du ministre \u00e9gyptien des Affaires religieuses Hassan Bakoury \u201d. Par quels moyens justement ? <\/b>  J\u2019ai effectivement essay\u00e9 de faire \u00e9chouer cette r\u00e9union en arr\u00eatant par exemple les tramways qui allaient au Belv\u00e9d\u00e8re et c\u2019\u00e9tait efficace.   <b>N\u2019avez-vous pas proc\u00e9d\u00e9 \u00e0 des arrestations, ou au harc\u00e8lement des participants ?<\/b>   Non, pas du tout. D\u2019ailleurs, plus tard, apr\u00e8s la fin du congr\u00e8s, j\u2019ai d\u00fb, \u00e0 cause de ma maladie, garder le lit pendant quatre mois et durant mon absence, on a d\u00e9pos\u00e9 une bombe artisanale dans mon bureau pour tenter de me tuer. Fort heureusement, elle n\u2019a pas explos\u00e9.   <b>Pour r\u00e9duire les partisans de Salah Ben Youssef, particuli\u00e8rement actifs dans le Sud, Bourguiba a demand\u00e9 le concours de l\u2019arm\u00e9e fran\u00e7aise (il l\u2019a d\u00e9clar\u00e9 lui-m\u00eame au quotidien Le Monde du 30 mars 1956). Les op\u00e9rations se sont d\u00e9roul\u00e9es durant le mois de mars 1956. <\/b>  Je n\u2019ai pas connaissance de cela, mais il \u00e9tait certain que nous \u00e9tions en droit et en devoir de combattre toute r\u00e9sistance qui affaiblirait la nouvelle Tunisie. Toute attaque arm\u00e9e contre le r\u00e9gime devait \u00eatre combattue, m\u00eame avec l\u2019aide ext\u00e9rieure.   <b>1955-1956, ann\u00e9e \u00e9galement d\u00e9cisive pour la question des fellaghas. Vous avez racont\u00e9 que des r\u00e9sistants fellaghas avaient un jour investi le minist\u00e8re de l\u2019Int\u00e9rieur alors que vous vous y trouviez pour exiger que leurs revendications mat\u00e9rielles soient r\u00e9alis\u00e9es. Pourriez-vous nous donner davantage de pr\u00e9cisions sur cet incident?<\/b>   J\u2019\u00e9tais dans mon bureau au minist\u00e8re de l\u2019Int\u00e9rieur \u00e0 la Kasbah quand le minist\u00e8re a \u00e9t\u00e9 envahi par d\u2019anciens fellaghas, dont certains \u00e9taient arm\u00e9s et qui portaient des revendications. ils ne m\u2019ont pas emp\u00each\u00e9 heureusement de t\u00e9l\u00e9phoner. J\u2019ai alors appel\u00e9 le Parti pour qu\u2019information en soit donn\u00e9e \u00e0 Bourguiba qui \u00e9tait \u00e0 la Foire de Tunis. Bourguiba \u00e9tait pr\u00e9sident du parti mais n\u2019\u00e9tait pas encore au gouvernement. Il \u00e9tait venu seul et s\u2019\u00e9tait adress\u00e9 \u00e0 eux dans des termes s\u00e9v\u00e8res et les a durement sermonn\u00e9s. Ils sont alors sortis la t\u00eate basse. En dehors de leurs revendications, qui pouvaient \u00eatre l\u00e9gitimes, c\u2019est la mani\u00e8re avec laquelle ils ont agi qui est condamnable. Si nous commencions l\u2019exercice de notre souverainet\u00e9 avec de tels mouvements de foule qui veulent imposer leurs points de vue, c\u2019\u00e9tait quand m\u00eame grave !   <b>Vous \u00e9tiez ambassadeur de Tunisie en Allemagne en 1961, ann\u00e9e durant laquelle Salah Ben Youssef a \u00e9t\u00e9 assassin\u00e9 \u00e0 Francfort. Pourriez-vous nous relater cet \u00e9v\u00e9nement ?<\/b>   J\u2019\u00e9tais chez moi lorsque le repr\u00e9sentant du FLN m\u2019a t\u00e9l\u00e9phon\u00e9 pour m\u2019apprendre la nouvelle de l\u2019assassinat de Salah Ben Youssef la veille. J\u2019\u00e9tais tr\u00e8s surpris parce que je ne savais m\u00eame pas que Salah Ben Youssef \u00e9tait en Allemagne. Alors je me suis adress\u00e9 \u00e0 notre consul honoraire allemand pour se renseigner et aussi au Procureur de la R\u00e9publique allemande pour m\u2019informer. Le procureur m\u2019a dit que la famille de Ben Youssef a d\u00e9clar\u00e9 que l\u2019ambassade de Tunisie n\u2019avait pas \u00e0 se m\u00ealer de cette affaire. J\u2019ai eu deux noms que j\u2019ai obtenus par le consul honoraire et que j\u2019ai communiqu\u00e9s \u00e0 Tunis. Le Dr Sadok Mokaddem, qui \u00e9tait alors Secr\u00e9taire d\u2019Etat aux affaires \u00e9trang\u00e8res, \u00e9tait en Yougoslavie et devait rentrer par Munich o\u00f9 \u00e9tait pr\u00e9vue une rencontre avec le maire de Munich. Il voulait l\u2019annuler mais je l\u2019en ai dissuad\u00e9. Et il est effectivement venu \u00e0 Munich.   <b>Mais le gouvernement tunisien ne vous a pas demand\u00e9 de faire votre enqu\u00eate ?<\/b>  Non. Absolument pas.   <b>Oui, mais franchement, trouvez-vous normal que vous, en tant qu\u2019ambassadeur, n\u2019ayez pas de renseignements sur l\u2019assassinat d\u2019un citoyen tunisien en Allemagne, et a fortiori d\u2019un homme politique tunisien tr\u00e8s connu.<\/b>   Je n\u2019avais pas d\u2019\u00e9l\u00e9ments, ni d\u2019ailleurs les moyens et la comp\u00e9tence de mener une enqu\u00eate.. Cela s\u2019est pass\u00e9 en dehors de l\u2019ambassade, d\u2019autant que les Allemands ont refus\u00e9 de me communiquer des informations et donc de coop\u00e9rer.   <b>Est-ce que vous aviez des doutes sur l\u2019identit\u00e9 de ceux qui avaient foment\u00e9 le crime ?<\/b>   Cela pouvait venir de Tunisiens. Je n\u2019ai pas exclu cette hypoth\u00e8se puisque, d\u2019une part, j\u2019avais demand\u00e9 \u00e0 notre consul honoraire de se procurer les noms des Tunisiens qui \u00e9taient venus en Allemagne avant l\u2019assassinat, et, d\u2019autre part, je savais que, par le pass\u00e9, Bourguiba ayant \u00e9t\u00e9 la cible d\u2019au moins deux tentatives de meurtre, une rumeur tenace en rendait responsable Salah Ben Youssef et ses partisans. Tous les destouriens le savaient. Qu\u2019il y ait eu d\u00e9j\u00e0, \u00e0 Tunis, des gens qui voulaient rendre la pareille, cela ne m\u2019\u00e9tonne pas. Apr\u00e8s tout, c\u2019est Salah Ben Youssef qui a commenc\u00e9 et qui a voulu utiliser la force apr\u00e8s son retour du Caire. De toute mani\u00e8re, personnellement, je condamne toutes les tentatives d\u2019assassinat qui ont vis\u00e9 soit Ben Youssef, soit Bourguiba. A ce propos, je voudrais dire mon \u00e9tonnement de voir que l\u2019auteur du livre \u201c L\u2019assassinat de Salah Ben Youssef \u201d, Omar Khlifi, n\u2019a pas eu l\u2019id\u00e9e de se renseigner aupr\u00e8s de l\u2019ambassadeur de Tunisie en Allemagne \u00e0 cette \u00e9poque-l\u00e0, qu\u2019il a attendu quarante ans pour \u00e9crire son livre et que tous ceux qu\u2019il a cit\u00e9s sont d\u00e9c\u00e9d\u00e9s.   <b>En bon destourien, vous avez \u00e9crit dans un \u00e9ditorial du bulletin L\u2019Action (Bulletin des \u00e9tudiants destouriens de Tunis) en 1955, \u00e0 propos du Vieux-Destour et du Parti Communiste Tunisien qui se sont oppos\u00e9s aux conventions : \u201c Ces caricatures de partis qui ne peuvent exister qu\u2019en s\u2019opposant au N\u00e9o-Destour et en se nourrissant de cette opposition n\u2019ont donc pas de titre de patriotisme et de gloire pour rejeter les conventions \u201d. Dans d\u2019autres articles, vous avez tenu ces m\u00eames propos tr\u00e8s durs vis-\u00e0-vis de ceux qui ont milit\u00e9 pour l\u2019ind\u00e9pendance du pays.<\/b>   Oui, ils sont tr\u00e8s durs. Parce qu\u2019\u00e0 l\u2019\u00e9poque, apr\u00e8s le d\u00e9part des Allemands, les communistes ont accus\u00e9 les destouriens d\u2019avoir collabor\u00e9 avec les Allemands. Alors que \u00e7a n\u2019\u00e9tait pas vrai. Il y avait certes des individus qui ont collabor\u00e9 mais en d\u00e9sob\u00e9issant \u00e0 la direction du Parti. Je pense que les communistes et les Vieux- Destouriens ne repr\u00e9sentaient rien. Et je maintiens que le parti essentiel qui a men\u00e9 la lutte est le parti destourien. Je pense que certains Vieux- Destouriens ou communistes que je n\u2019ai pas connus \u00e0 l\u2019\u00e9poque, au moment o\u00f9 j\u2019ai \u00e9crit mon article, doivent ne pas \u00eatre couverts par ma d\u00e9claration parce qu\u2019ils ont lutt\u00e9 et ont \u00e9t\u00e9 des patriotes.   <b>Vous justifiez la monopolisation de la vie politique par le parti destourien, laquelle monopolisation a caract\u00e9ris\u00e9 le nouvel Etat ind\u00e9pendant. Franche-ment, avec du recul aujourd\u2019hui, pensez-vous que l\u2019ind\u00e9pendance aurait d\u00fb enfanter un r\u00e9gime d\u00e9mocratique plut\u00f4t que consacrer un r\u00e9gime bas\u00e9 sur le monopartisme?<\/b>  Non, \u00e7a n\u2019est pas \u00e7a du tout. Vous savez, quand j\u2019\u00e9tais ambassadeur \u00e0 Moscou, j\u2019ai eu l\u2019occasion de rencontrer, au Kremlin, Mohamed Harmel, SG du Parti Communiste Tunisien, qui m\u2019a dit que nos deux partis devaient unir les efforts. Alors, je lui ai demand\u00e9 s\u2019il se souvenait de ce qu\u2019avait dit Staline \u00e0 propos du Vatican. Staline a r\u00e9pondu : combien le Vatican a-t-il de divisions ? Alors, moi, je vous dis : que repr\u00e9sentez-vous en Tunisie, par rapport au parti destourien pour qu\u2019il y ait coop\u00e9ration entre les communistes et les destouriens ? Il \u00e9tait normal que le Parti destourien dirige la Tunisie mais je n\u2019ai pas aim\u00e9 qu\u2019on exclue les autres. Je suis pour la franche d\u00e9mocratie. Je ne suis pas pour la mainmise du Parti. C\u2019\u00e9tait certes une situation de fait parce que le Parti \u00e9tait populaire. Dans le Parti, il fallait se battre. Au Congr\u00e8s du Parti de Sousse, Bourguiba a recommand\u00e9 l\u2019\u00e9lection de Ahmed Ben Salah et d\u2019Abdallah Farhat au Bureau Politique qui \u00e9tait \u00e0 ce moment-l\u00e0 \u00e9lu, le congr\u00e8s n\u2019a pas suivi et les deux candidats en question n\u2019ont pas \u00e9t\u00e9 \u00e9lus. Bourguiba n\u2019\u00e9tait pas satisfait de cela et a d\u00e9cid\u00e9 de nommer, \u00e0 partir de ce moment, les membres du B.P. On se battait au Parti. J\u2019\u00e9tais de ceux qui estimaient que la direction doit \u00eatre coll\u00e9giale. Pour moi, il n\u2019y aucune raison d\u2019interdire les autres partis dans le pays. D\u2019ailleurs, il m\u2019est arriv\u00e9, en 1955, de critiquer le culte de la personnalit\u00e9 de Bourguiba et sa propension \u00e0 monopoliser le pouvoir et \u00e0 vouloir d\u00e9cider seul. Il convient cependant de souligner que Bourguiba acceptait de corriger sa d\u00e9cision lorsqu\u2019un responsable avait le courage et le sens du devoir de lui d\u00e9montrer que sa position \u00e9tait erron\u00e9e et infond\u00e9e. Il pouvait \u00eatre contrari\u00e9 quand les remarques lui \u00e9taient faites, mais apr\u00e8s r\u00e9flexion, il modifiait sa position.   <b>Vous demeurez profond\u00e9ment bourguibiste ?<\/b>   Oui, parce qu\u2019il a tant apport\u00e9 \u00e0 la Tunisie. Mais je reproche beaucoup de choses \u00e0 Bourguiba, notamment le culte de sa personnalit\u00e9 ainsi que la monopolisation du pouvoir tant au niveau du Parti qu\u2019\u00e0 celui de l\u2019Etat. Je lui reproche aussi le fait de n\u2019avoir pas encourag\u00e9 la d\u00e9mocratie aussi bien au niveau du Parti que du pays et d\u2019avoir accept\u00e9 d\u2019\u00eatre pr\u00e9sident \u00e0 vie. Je trouve \u00e9galement inacceptables ses comportements \u00e0 l\u2019\u00e9gard de Bahi Ladgham, de Mongi Slim et d\u2019autres. Bourguiba a toujours \u00e9t\u00e9 emb\u00eat\u00e9 par ceux qui avaient de grandes qualit\u00e9s comme Ta\u00efeb Mhiri, lequel \u00e9tait tr\u00e8s populaire et tr\u00e8s respect\u00e9 pour son int\u00e9grit\u00e9 et son courage si bien qu\u2019au congr\u00e8s de Bizerte (1964) il a \u00e9t\u00e9 \u00e9lu en d\u00e9passant de tr\u00e8s loin tous les autres. Bourguiba y a \u00e9t\u00e9 \u00e9lu par accla- mation\u2026Au Parti par exemple, on avait le Combattant Supr\u00eame (Bourguiba), le Grand Combattant (Ben Youssef), le Za\u00efm de la jeunesse (Belhaouane) et le Za\u00efm bien-aim\u00e9 (Mongi Slim). Bourguiba aurait aim\u00e9 \u00eatre tout cela \u00e0 la fois.<\/span><\/span><\/p>\n<p align=\"left\" dir=\"ltr\">\u00a0<\/p>\n<p align=\"left\" dir=\"ltr\"><b><span lang=\"FR\">Noura Borsali<\/span><\/b><\/p>\n<p><span dir=\"rtl\" lang=\"AR-SA\"><\/p>\n<p align=\"left\" dir=\"ltr\">\u00a0<\/p>\n<p><\/span><span dir=\"rtl\" lang=\"AR-SA\"><\/p>\n<p align=\"left\" dir=\"ltr\"><b><span lang=\"FR\">(Source\u00a0: R\u00e9alit\u00e9s N\u00b0 1063 du 11 mai 2006)<\/span><\/b><\/p>\n<div align=\"left\">\n<hr\/>\n<\/div>\n<p><\/span><span dir=\"rtl\" lang=\"AR-SA\"><\/p>\n<p align=\"left\" dir=\"ltr\">\u00a0<\/p>\n<p><\/span><span dir=\"rtl\" lang=\"AR-SA\"><\/p>\n<p align=\"left\" dir=\"ltr\">\u00a0<\/p>\n<p><\/span><span dir=\"rtl\" lang=\"AR-SA\"><font face=\"Arial\"><\/p>\n<p align=\"center\" dir=\"ltr\"><b><span lang=\"FR-CH\">BOURGUIBA ET LES DIVERS COURANTS: CES \u201c IRREDUCTIBLES ENNEMIS DU NEO-DESTOUR \u201d<\/span><\/b><\/p>\n<p><\/font><\/p>\n<p align=\"left\" dir=\"ltr\"><b><span lang=\"FR-CH\">CITATIONS<\/span><\/b><\/p>\n<p><span dir=\"rtl\" lang=\"AR-SA\"><\/p>\n<p align=\"left\" dir=\"ltr\">\u00a0<\/p>\n<p><\/span><\/span><span dir=\"rtl\" lang=\"AR-SA\"><\/p>\n<p align=\"left\" dir=\"ltr\"><b><span lang=\"FR-CH\">&#8211; \u201c Cr\u00e9ateur de la Tunisie, j\u2019en ai renouvel\u00e9 la substance humaine \u201d <\/span><span lang=\"FR-CH\">(cit\u00e9 par J.Lacouture). <\/span><\/b><\/p>\n<p align=\"left\" dir=\"ltr\">\u00a0<\/p>\n<p align=\"left\" dir=\"ltr\"><b><span lang=\"FR-CH\">&#8211; \u201c L\u2019union des c\u0153urs implique que nous nous bouchions nos oreilles \u00e0 toutes ces tentatives de pr\u00e9tendus patriotes qui sous le couvert de l\u2019arabisme et de l\u2019islam se livrent \u00e0 une propagande perfide. Ces imposteurs sont plus dangereux que les colonialistes fran\u00e7ais. Car ceux-ci ne peuvent -de par la diff\u00e9rence de leur religion et de leur race- s\u2019infiltrer dans nos rangs comme les autres pour y semer le d\u00e9sordre et la mort. \u201d <\/span><span lang=\"FR-CH\">(Discours du 26 novembre 1958). <\/span><\/b><\/p>\n<p align=\"left\" dir=\"ltr\">\u00a0<\/p>\n<p align=\"left\" dir=\"ltr\"><b><span lang=\"FR-CH\">&#8211; En 1966, \u201c un visiteur amical lui demandait s\u2019il n\u2019aurait pas int\u00e9r\u00eat \u00e0 tenir davantage compte des objections de son entourage : \u201c Je le voudrais bien, fit Bourguiba, mais je ne sais pourquoi, ils n\u2019osent pas\u2026 \u201d. Un silence. Puis, se ravisant : \u201c Et d\u2019ailleurs, quand on a un Bourguiba, pourquoi le contredirait-on ? \u201d <\/span><span lang=\"FR-CH\">(J. Lacouture, \u201c Quatre hommes et leurs peuples \u201d, Seuil, 1969). <\/span><\/b><\/p>\n<p align=\"left\" dir=\"ltr\">\u00a0<\/p>\n<p align=\"left\" dir=\"ltr\"><b><span lang=\"FR-CH\">&#8211; \u201c Mais tandis que dans d\u2019autres pays on fait la chasse aux communistes et on les fusille, ici nous n\u2019avons mis fin \u00e0 leur activit\u00e9 que lorsqu\u2019ils ont d\u00e9pass\u00e9 les bornes et se sont mis \u00e0 d\u00e9nigrer et \u00e0 mentir, pour discr\u00e9diter le parti en l\u2019accusant de choses inconcevables \u201d. <\/span><span lang=\"FR-CH\">(Discours important cl\u00f4turant le s\u00e9minaire de la jeunesse destourienne r\u00e9uni \u00e0 Tunis, 29 juillet 1963). <\/span><\/b><\/p>\n<p align=\"left\" dir=\"ltr\">\u00a0<\/p>\n<p align=\"left\" dir=\"ltr\"><b><span lang=\"FR-CH\">&#8211; \u201c L\u2019UGTT est une organisation nationale qui s\u2019occupe des questions professionnelles, et dont les dirigeants appartiennent, sur le plan national, au N\u00e9o-Destour \u201d <\/span><span lang=\"FR-CH\">(idem). <\/span><\/b><\/p>\n<p align=\"left\" dir=\"ltr\">\u00a0<\/p>\n<p align=\"left\" dir=\"ltr\"><b><span lang=\"FR-CH\">&#8211; Les gens de l\u2019Arch\u00e9o-Destour \u201c ont un complexe de d\u00e9faite \u201d : depuis cinq ou six ans, ou m\u00eame trente ans, ils ont jou\u00e9 une carte contre le Destour ; ils ne veulent pas reconna\u00eetre leur\u2026Ils soutiennent des contre-v\u00e9rit\u00e9s. Je crois qu\u2019ils sont irr\u00e9cup\u00e9rables \u201d <\/span><span lang=\"FR-CH\">(idem). <\/span><\/b><\/p>\n<p align=\"left\" dir=\"ltr\">\u00a0<\/p>\n<p align=\"left\" dir=\"ltr\"><b><span lang=\"FR-CH\">&#8211; R\u00e9pondant aux critiques port\u00e9es contre le r\u00e9gime dans les milieux estudiantins, Bourguiba d\u00e9clare : \u201c Les satisfactions que ces messieurs tirent de leur attitude n\u00e9gative n\u2019ont rien de commun avec le bonheur qu\u2019on trouve dans une libre soumission \u00e0 la discipline afin de transformer un pays sous-d\u00e9velopp\u00e9 en une nation moderne \u201d <\/span><span lang=\"FR-CH\">(Idem). <\/span><\/b><\/p>\n<p align=\"left\" dir=\"ltr\">\u00a0<\/p>\n<p align=\"left\" dir=\"ltr\"><b><span lang=\"FR-CH\">&#8211; En cherchant \u00e0 d\u00e9truire l\u2019homme et le Parti qu\u2019ils tiennent pour responsables de leur d\u00e9faite, les youss\u00e9fistes ne craignent pas de mettre la Patrie en p\u00e9ril<\/span><span lang=\"FR-CH\">(Discours du 18-1-1963). <\/span><\/b><\/p>\n<p align=\"left\" dir=\"ltr\">\u00a0<\/p>\n<p align=\"left\" dir=\"ltr\"><b><span lang=\"FR-CH\">&#8211; Sous pr\u00e9texte qu\u2019ils avaient pris la montagne, les fellagas s\u2019imaginent qu\u2019ils sont eux-m\u00eames l\u2019Etat et que nous sommes des usurpateurs <\/span><span lang=\"FR-CH\">(Idem). <\/span><\/b><\/p>\n<p align=\"left\" dir=\"ltr\">\u00a0<\/p>\n<p align=\"left\" dir=\"ltr\"><b><span lang=\"FR-CH\">&#8211; Bourguiba envisagea la pr\u00e9sidence \u00e0 vie par crainte de l\u2019effet de \u201c p\u00e9riodes \u00e9lectorales r\u00e9p\u00e9t\u00e9es, p\u00e9riodes de fi\u00e8vres propices \u00e0 la prolif\u00e9ration de microbes dangereux pour la sant\u00e9 du pays \u201d car \u201c les g\u00e9nies de ma stature ne courent pas les rues \u201d. <\/span><\/b><\/p>\n<p align=\"left\" dir=\"ltr\">\u00a0<\/p>\n<p align=\"left\" dir=\"ltr\"><b><span lang=\"FR-CH\">Noura Borsali<\/span><\/b><\/p>\n<p align=\"left\" dir=\"ltr\">\u00a0<\/p>\n<p align=\"left\" dir=\"ltr\"><b><span lang=\"FR\">(Source\u00a0: R\u00e9alit\u00e9s N\u00b0 1063 du 11 mai 2006)<\/span><\/b><\/p>\n<p><\/span><span dir=\"rtl\" lang=\"AR-SA\"><font face=\"Arial\"><\/p>\n<p align=\"center\" dir=\"ltr\">\n<p><\/font><\/span><font face=\"Arial\" size=\"2\"><span dir=\"rtl\" lang=\"AR-SA\">\u00a0<\/p>\n<div align=\"left\">\n<hr\/>\n<\/div>\n<p align=\"left\" dir=\"ltr\"><span lang=\"FR\">\u00a0<\/span><\/p>\n<p><\/span><\/font><\/font><span dir=\"rtl\" lang=\"AR-SA\"><font face=\"Arial\"><\/p>\n<p align=\"center\" dir=\"ltr\"><strong><span lang=\"FR\">Une r\u00e9ponse insuffisante pour les Palestiniens<\/span><\/strong><\/p>\n<p><font face=\"Arial\" size=\"2\"><\/p>\n<p align=\"center\" dir=\"ltr\">\u00a0<\/p>\n<p><\/font><\/font><\/span><font face=\"Arial\" size=\"2\"><span dir=\"rtl\" lang=\"AR-SA\"><\/p>\n<p align=\"left\" dir=\"ltr\"><span lang=\"FR\">\u00a0<\/span><em><b><span lang=\"FR\">Ta\u00efeb Moalla, journaliste ind\u00e9pendant et analyste de la situation au Moyen-Orient<\/span><\/b><\/em><\/p>\n<p align=\"left\" dir=\"ltr\">\u00a0<\/p>\n<p align=\"left\" dir=\"ltr\"><span lang=\"FR\">Les ministres des Affaires \u00e9trang\u00e8res du Quartette (\u00c9tats-Unis, Union europ\u00e9enne, Russie et ONU) ont confi\u00e9, mardi dernier, \u00e0 l&rsquo;Union europ\u00e9enne la t\u00e2che de cr\u00e9er un m\u00e9canisme \u00ab\u00a0temporaire\u00a0\u00bb pour acheminer des aides financi\u00e8res aux Palestiniens. De l&rsquo;aveu m\u00eame de Benita Ferrero-Waldner, la commissaire europ\u00e9enne aux relations ext\u00e9rieures, il faudra au mieux plusieurs semaines avant que cet appui financier ne soit achemin\u00e9 \u00e0 la population. De surcro\u00eet, les sommes amass\u00e9es devront arriver directement aux Palestiniens sans passer par le gouvernement \u00ab\u00a0infr\u00e9quentable\u00a0\u00bb, dirig\u00e9 par le mouvement islamiste Hamas. <\/span><\/p>\n<p align=\"left\" dir=\"ltr\"><span lang=\"FR\">Bruxelles aura besoin de beaucoup d&rsquo;imagination pour pouvoir concilier ces deux imp\u00e9ratifs : venir en aide aux Palestiniens tout en contournant leur gouvernement d\u00e9mocratiquement \u00e9lu. <\/span><\/p>\n<p align=\"left\" dir=\"ltr\"><span lang=\"FR\">Les banques &#8211; refroidies par la perspective de sanctions \u00e9tats-uniennes &#8211; refusent d\u00e9j\u00e0 de transf\u00e9rer \u00e0 l&rsquo;Autorit\u00e9 palestinienne les 70 millions $US amass\u00e9s par la Ligue arabe. D&rsquo;un autre c\u00f4t\u00e9, l&rsquo;id\u00e9e de mandater la Banque mondiale (BM) pour payer directement les salaires des 160 000 fonctionnaires palestiniens a \u00e9t\u00e9 avanc\u00e9e. <\/span><\/p>\n<p align=\"left\" dir=\"ltr\"><span lang=\"FR\">Jointe \u00e0 Washington, une repr\u00e9sentante de la BM assure que son organisme est pr\u00eat \u00e0 \u00ab\u00a0amorcer des consultations avec les pays donateurs, avec les Palestiniens et avec le gouvernement isra\u00e9lien pour discuter de la faisabilit\u00e9 du m\u00e9canisme propos\u00e9 par le Quartette\u00a0\u00bb. Mais le Hamas a (mollement) rejet\u00e9 cette option par crainte d&rsquo;\u00eatre marginalis\u00e9. <\/span><\/p>\n<p align=\"left\" dir=\"ltr\"><span lang=\"FR\">Craignant que l&rsquo;opinion internationale ne le tienne pour responsable d&rsquo;une crise \u00e9conomique aigu\u00eb dans les territoires occup\u00e9s, l&rsquo;\u00c9tat d&rsquo;Isra\u00ebl a d\u00e9cid\u00e9 de d\u00e9bloquer une partie des retours de taxes confisqu\u00e9s \u00e0 l&rsquo;Autorit\u00e9 palestinienne. Cependant, ce projet doit \u00eatre ent\u00e9rin\u00e9 demain par le cabinet du premier ministre Ehud Olmert. Notons que ce sont seulement 12 millions $ &#8211; sur les 50 \u00e0 60 millions $ confisqu\u00e9s mensuellement depuis mars dernier &#8211; qui seraient restitu\u00e9s. <\/span><\/p>\n<p align=\"left\" dir=\"ltr\"><span lang=\"FR\">Autre b\u00e9mol, ce magot devra \u00eatre utilis\u00e9 exclusivement \u00ab\u00a0pour l&rsquo;achat de m\u00e9dicaments et le paiement des soins hospitaliers en Isra\u00ebl\u00a0\u00bb, selon les dires de Tzipi Livni, la ministre isra\u00e9lienne des Affaires \u00e9trang\u00e8res. Prenant \u00e0 leur tour conscience du drame humanitaire qui se joue dans les territoires occup\u00e9s, les \u00c9tats-Unis ont d\u00e9cid\u00e9 d&rsquo;acheminer du mat\u00e9riel m\u00e9dical d&rsquo;une valeur de 10 millions $ .<\/span><\/p>\n<p align=\"left\" dir=\"ltr\"><span lang=\"FR\">Si cet argent permettra aux Palestiniens de sortir la t\u00eate de l&rsquo;eau, le contexte n&rsquo;en reste pas moins alarmant. La lenteur de la r\u00e9action mondiale et l&rsquo;absence de contenu politique susceptible de redonner espoir aux Palestiniens montrent les limites de la diplomatie internationale. La situation \u00e9conomique et sociale dans les territoires commandait pourtant une r\u00e9ponse plus rapide et plus appuy\u00e9e.<\/span><\/p>\n<p align=\"left\" dir=\"ltr\"><b><span lang=\"FR\">Quotidien difficile<\/span><\/b><span lang=\"FR\"><\/span><\/p>\n<p align=\"left\" dir=\"ltr\"><span lang=\"FR\">Depuis le d\u00e9clenchement de l&rsquo;Intifada, en septembre 2000, le quotidien des Palestiniens a rarement \u00e9t\u00e9 aussi difficile. Une p\u00e9nurie de nourriture, de m\u00e9dicaments et d&rsquo;essence fait souffrir des populations civiles d\u00e9j\u00e0 fort \u00e9prouv\u00e9es. <\/span><\/p>\n<p align=\"left\" dir=\"ltr\"><span lang=\"FR\">Dans la bande de Gaza, un des endroits les plus pauvres de la plan\u00e8te, les habitants sont d\u00e9sormais condamn\u00e9s \u00e0 fouiller dans les poubelles des h\u00f4tels. Les femmes vendent ce qui leur reste de bijoux pour subvenir aux besoins essentiels de leur famille. Les h\u00f4pitaux et les pharmacies manquent cruellement de m\u00e9dicaments. Et m\u00eame ceux qui travaillent dans la pl\u00e9thorique fonction publique palestinienne n&rsquo;ont pas touch\u00e9 leur maigre salaire depuis deux mois et demi. <\/span><\/p>\n<p align=\"left\" dir=\"ltr\"><span lang=\"FR\">Ehud Olmert veut d\u00e9cr\u00e9ter unilat\u00e9ralement les fronti\u00e8res d\u00e9finitives d&rsquo;Isra\u00ebl, \u00e0 l&rsquo;horizon 2010. Cette d\u00e9limitation suivrait le trac\u00e9 du mur de s\u00e9paration (jug\u00e9 ill\u00e9gal par la Cour internationale de justice) et annexerait trois grands blocs de colonies en Cisjordanie. <\/span><\/p>\n<p align=\"left\" dir=\"ltr\">\u00a0<\/p>\n<p align=\"left\" dir=\"ltr\"><span lang=\"FR\">Demain, l&rsquo;\u00c9tat h\u00e9breu f\u00eatera les 58 ans de son existence. Un anniversaire qui vient rappeler que l&rsquo;av\u00e8nement d&rsquo;un \u00c9tat palestinien viable et ind\u00e9pendant est la seule garantie de paix dans la r\u00e9gion.<\/span><\/p>\n<p align=\"left\" dir=\"ltr\">\u00a0<\/p>\n<p align=\"left\" dir=\"ltr\"><strong><span lang=\"FR\">(Source\u00a0: \u00ab\u00a0Le Soleil\u00a0\u00bb (Qu\u00e9bec), Opinions, samedi 13 mai 2006) <\/span><\/strong><\/p>\n<p><\/span><\/font><\/p>\n<hr\/>\n<p align=\"center\"><b><a href=\"https:\/\/tunisnews.net\/ar\/\"><span>Home<\/span><span lang=\"FR-CH\"> &#8211; Accueil <\/span><span>&#8211; <\/span><span dir=\"rtl\" lang=\"AR-SA\">\u0627\u0644\u0631\u0626\u064a\u0633\u064a\u0629<\/span><\/a><\/b><\/p>\n<p><\/body><\/body><\/html><\/p>","protected":false},"excerpt":{"rendered":"<p>Home &#8211; Accueil &#8211; \u0627\u0644\u0631\u0626\u064a\u0633\u064a\u0629 TUNISNEWS 7\u00a0\u00e8me\u00a0ann\u00e9e, N\u00b0\u00a02182 du 13.05.2006 \u00a0archives : www.tunisnews.net Ordre National des Avocats: \u00a0Communiqu\u00e8 La chronique d&rsquo;Amnesty: Tunisie &#8211;\u00a0Les droits de la femme en Tunisie, mod\u00e8le ou alibi ? D\u00e9claration commune des Verts De France, du Maroc et de Tunisie\u00a0\u00a0 Dr. Sahbi Amri: L\u2019Albatros Le Journal : A CANAL 7, avant [&hellip;]<\/p>\n","protected":false},"author":1,"featured_media":22040,"comment_status":"open","ping_status":"open","sticky":false,"template":"","format":"standard","meta":{"inline_featured_image":false,"site-sidebar-layout":"default","site-content-layout":"","ast-site-content-layout":"default","site-content-style":"default","site-sidebar-style":"default","ast-global-header-display":"","ast-banner-title-visibility":"","ast-main-header-display":"","ast-hfb-above-header-display":"","ast-hfb-below-header-display":"","ast-hfb-mobile-header-display":"","site-post-title":"","ast-breadcrumbs-content":"","ast-featured-img":"","footer-sml-layout":"","ast-disable-related-posts":"","theme-transparent-header-meta":"","adv-header-id-meta":"","stick-header-meta":"","header-above-stick-meta":"","header-main-stick-meta":"","header-below-stick-meta":"","astra-migrate-meta-layouts":"default","ast-page-background-enabled":"default","ast-page-background-meta":{"desktop":{"background-color":"","background-image":"","background-repeat":"repeat","background-position":"center center","background-size":"auto","background-attachment":"scroll","background-type":"","background-media":"","overlay-type":"","overlay-color":"","overlay-opacity":"","overlay-gradient":""},"tablet":{"background-color":"","background-image":"","background-repeat":"repeat","background-position":"center center","background-size":"auto","background-attachment":"scroll","background-type":"","background-media":"","overlay-type":"","overlay-color":"","overlay-opacity":"","overlay-gradient":""},"mobile":{"background-color":"","background-image":"","background-repeat":"repeat","background-position":"center center","background-size":"auto","background-attachment":"scroll","background-type":"","background-media":"","overlay-type":"","overlay-color":"","overlay-opacity":"","overlay-gradient":""}},"ast-content-background-meta":{"desktop":{"background-color":"var(--ast-global-color-5)","background-image":"","background-repeat":"repeat","background-position":"center center","background-size":"auto","background-attachment":"scroll","background-type":"","background-media":"","overlay-type":"","overlay-color":"","overlay-opacity":"","overlay-gradient":""},"tablet":{"background-color":"var(--ast-global-color-5)","background-image":"","background-repeat":"repeat","background-position":"center center","background-size":"auto","background-attachment":"scroll","background-type":"","background-media":"","overlay-type":"","overlay-color":"","overlay-opacity":"","overlay-gradient":""},"mobile":{"background-color":"var(--ast-global-color-5)","background-image":"","background-repeat":"repeat","background-position":"center center","background-size":"auto","background-attachment":"scroll","background-type":"","background-media":"","overlay-type":"","overlay-color":"","overlay-opacity":"","overlay-gradient":""}},"footnotes":""},"categories":[],"tags":[57,37,29],"class_list":["post-19253","post","type-post","status-publish","format-standard","has-post-thumbnail","hentry","tag-57","tag-37","tag-fr"],"_links":{"self":[{"href":"https:\/\/tunisnews.net\/ar\/wp-json\/wp\/v2\/posts\/19253","targetHints":{"allow":["GET"]}}],"collection":[{"href":"https:\/\/tunisnews.net\/ar\/wp-json\/wp\/v2\/posts"}],"about":[{"href":"https:\/\/tunisnews.net\/ar\/wp-json\/wp\/v2\/types\/post"}],"author":[{"embeddable":true,"href":"https:\/\/tunisnews.net\/ar\/wp-json\/wp\/v2\/users\/1"}],"replies":[{"embeddable":true,"href":"https:\/\/tunisnews.net\/ar\/wp-json\/wp\/v2\/comments?post=19253"}],"version-history":[{"count":0,"href":"https:\/\/tunisnews.net\/ar\/wp-json\/wp\/v2\/posts\/19253\/revisions"}],"wp:featuredmedia":[{"embeddable":true,"href":"https:\/\/tunisnews.net\/ar\/wp-json\/wp\/v2\/media\/22040"}],"wp:attachment":[{"href":"https:\/\/tunisnews.net\/ar\/wp-json\/wp\/v2\/media?parent=19253"}],"wp:term":[{"taxonomy":"category","embeddable":true,"href":"https:\/\/tunisnews.net\/ar\/wp-json\/wp\/v2\/categories?post=19253"},{"taxonomy":"post_tag","embeddable":true,"href":"https:\/\/tunisnews.net\/ar\/wp-json\/wp\/v2\/tags?post=19253"}],"curies":[{"name":"wp","href":"https:\/\/api.w.org\/{rel}","templated":true}]}}