{"id":19169,"date":"2007-05-07T00:00:00","date_gmt":"2007-05-07T00:00:00","guid":{"rendered":"https:\/\/tunisnews.net\/7-mai-2007\/"},"modified":"2007-05-07T00:00:00","modified_gmt":"2007-05-07T00:00:00","slug":"7-mai-2007","status":"publish","type":"post","link":"https:\/\/tunisnews.net\/ar\/7-mai-2007\/","title":{"rendered":"7 mai 2007"},"content":{"rendered":"<p><html><head><meta content=\"text\/html\" description=\"      &quot;Votre \u00e9lection \u00e0 la t\u00eate de l'Etat fran\u00e7ais m'offre l'heureuse occasion       de vous adresser, en mon nom personnel et en ceux du gouvernement et du       peuple tunisiens, mes chaleureuses f\u00e9licitations et mes sinc\u00e8res voeux de       succ\u00e8s dans les charges supr\u00eames que vient de vous confier le peuple       fran\u00e7ais ami, en hommage \u00e0 vos hautes qualit\u00e9s humaines et \u00e0 votre large       exp\u00e9rience politique.\" http-equiv=\"Content-Type\"\/><\/head><body><body style=\"text-align: justify\"><\/p>\n<p align=\"center\"><b><a href=\"https:\/\/tunisnews.net\/ar\/\"><font face=\"Arabic Transparent\"><span><font>Home<\/font><\/span><font><span lang=\"FR-CH\"> &#8211; Accueil <\/span><span>&#8211; <\/span><\/font><\/font><span dir=\"rtl\" lang=\"AR-SA\"><font>\u0627\u0644\u0631\u0626\u064a\u0633\u064a\u0629<\/font><\/span><\/a><\/b><\/p>\n<div> <font face=\"Arial\" size=\"2\">  <span lang=\"FR\"> <\/p>\n<div align=\"center\" dir=\"ltr\"> <font size=\"2\"> <span lang=\"SV\"> <strong>TUNISNEWS<\/strong><\/span> <\/font> <\/div>\n<div align=\"center\" dir=\"ltr\"> <strong><font size=\"2\">8\u00a0\u00e8me\u00a0ann\u00e9e, <span lang=\"FR\">N\u00b0\u00a02540     du 07.05.2007<\/span><\/font><\/strong><\/div>\n<p> <strong> <\/p>\n<div align=\"center\" dir=\"ltr\"> <b><span><blink> <font size=\"2\">\u00a0archives : <\/font><a href=\"\" target=\"_blank\" rel=\"noopener\"> <font size=\"2\" target=\"_blank\">www.tunisnews.net<\/font><\/a><\/blink><\/span><\/b><font size=\"2\"> <\/font><font> <span lang=\"FR\"><font size=\"3\"> <strong> <\/strong><\/font><\/span><\/font><\/div>\n<p> <\/strong><\/span><\/font> <\/p>\n<p><font face=\"Times New Roman\"> <span lang=\"FR\"> <font><\/font><span> <\/p>\n<p><font> <\/p>\n<div align=\"left\" dir=\"ltr\"> <font><\/font><font face=\"Arial\"> <\/p>\n<div>\n<hr\/><\/div>\n<div align=\"left\"> <strong><\/p>\n<p><font>Info Tunisie: Le Pr\u00e9sident Ben Ali f\u00e9licite       M. Nicolas Sarkozy \u00e9lu, Pr\u00e9sident de la R\u00e9publique fran\u00e7aise       <font>Omar Khayyam: Bienvenue \u00e0 Benarkozy: Ben Ali promet       du K\u00e4rcher pour Sarkozy<\/font>       R\u00e9alit\u00e9s: Souhayr Belhassen, nouvelle Pr\u00e9sidente de la F\u00e9d\u00e9ration       Internationale des Droits de l&rsquo;Homme : La Tunisie est un pays       d&rsquo;\u00e9mancipation        <font>R\u00e9alit\u00e9s: Sfax : Quand la Star Ac tourne \u00e0 la       trag\u00e9die       <\/font>Tunisiawatch: Les porteurs d\u2019eau du totalitarisme       <\/font><\/p>\n<p><font>Le Temps : M. Bady Jrad : \u00ab\u00a0Je refuse que       l&rsquo;avocat et notamment le B\u00e2tonnier soient manipul\u00e9s par les partis       politiques\u00a0\u00bb<\/font><\/strong><\/div>\n<div align=\"left\"> <strong><\/p>\n<p><font>Le Temps : Fl\u00e9au: La face cach\u00e9e d&rsquo;une       toxicomanie \u00e0 deux vitesses&#8230;Une consommation dite \u00ab festive \u00bb et une       autre dite \u00ab probl\u00e9matique \u00bb<\/font><\/p>\n<p><font>Le Temps: \u00a0Le Professeur Jouda Ben Abid, \u00ab       L&rsquo;Espoir \u00bb \u00e0 Djebel Oust<\/font><\/strong><\/div>\n<div align=\"left\"> <font><strong><font><\/p>\n<hr\/>\n<p><\/font><\/strong> <\/font><\/div>\n<p> <\/font> <\/div>\n<div>\n<div align=\"center\"> <strong><\/p>\n<h2 style=\"color: red;\"><font size=\"3\">Le Pr\u00e9sident Ben Ali f\u00e9licite M.       Nicolas Sarkozy \u00e9lu, Pr\u00e9sident de la R\u00e9publique fran\u00e7aise<\/font><\/h2>\n<p><\/strong><\/div>\n<div align=\"justify\">             Le Pr\u00e9sident Zine El Abidine Ben Ali a adress\u00e9 \u00e0 M. Nicolas Sarkozy, \u00e9lu,       dimanche, Pr\u00e9sident de la R\u00e9publique fran\u00e7aise, un message de       f\u00e9licitations dont voici le texte :              \u00ab\u00a0Votre \u00e9lection \u00e0 la t\u00eate de l&rsquo;Etat fran\u00e7ais m&rsquo;offre l&rsquo;heureuse occasion       de vous adresser, en mon nom personnel et en ceux du gouvernement et du       peuple tunisiens, mes chaleureuses f\u00e9licitations et mes sinc\u00e8res voeux de       succ\u00e8s dans les charges supr\u00eames que vient de vous confier le peuple       fran\u00e7ais ami, en hommage \u00e0 vos hautes qualit\u00e9s humaines et \u00e0 votre large       exp\u00e9rience politique.              Je voudrais saisir cette heureuse occasion pour vous dire mon enti\u00e8re       disponibilit\u00e9 \u00e0 poursuivre avec vous la tradition de dialogue et de       concertation qui a toujours caract\u00e9ris\u00e9 les relations historiques       tuniso-fran\u00e7aises, et vous assurer de ma d\u00e9termination \u00e0 oeuvrer en vue de       consolider l&rsquo;amiti\u00e9 et d&rsquo;enrichir la coop\u00e9ration entre nos deux pays.              Je demeure convaincu que les ann\u00e9es \u00e0 venir vont nous permettre de       franchir de nouvelles \u00e9tapes dans le raffermissement du dialogue entre les       deux rives de la M\u00e9diterran\u00e9e en vue de b\u00e2tir ensemble un partenariat       strat\u00e9gique et solidaire \u00e0 m\u00eame de relever les d\u00e9fis du d\u00e9veloppement, de       la stabilit\u00e9 et de la s\u00e9curit\u00e9 et de nous permettre de pr\u00e9parer l&rsquo;avenir       de notre espace euro-m\u00e9diterran\u00e9en, dans la confiance et la s\u00e9r\u00e9nit\u00e9 pour       consolider la stabilit\u00e9 et la paix dans le monde              En vous r\u00e9it\u00e9rant mes f\u00e9licitations, je vous prie de croire \u00e0 l&rsquo;expression       de ma profonde estime et de ma haute consid\u00e9ration\u00a0\u00bb.              <strong><font>(Source : www.infotunisie.com , (Officiel),       le 6 mai 2007)<\/font><\/strong> \u00a0<\/div>\n<div align=\"justify\">\n<hr\/><\/div>\n<div align=\"center\"> <strong><font>Bienvenue \u00e0 Benarkozy              <\/font><\/p>\n<h2 style=\"color: red;\"><font size=\"3\">Ben Ali promet du K\u00e4rcher pour       Sarkozy<\/font><\/h2>\n<p><\/strong><\/div>\n<div align=\"justify\"> <strong>TNA (Tunis-Paris)<\/strong> &#8211; Le pr\u00e9sident tunisien Ben Ali a       envoy\u00e9 un message de f\u00e9licitations \u00e0 Nicolas Sarkozy suite \u00e0 son \u00e9lection       comme nouveau pr\u00e9sident de la R\u00e9publique fran\u00e7aise. Le g\u00e9n\u00e9ral Ben Ali,       profitant de cette heureuse occasion, a propos\u00e9 au nouveau locataire de       l\u2019Elys\u00e9e une coop\u00e9ration bilat\u00e9rale accrue, surtout en mati\u00e8re d\u2019\u00e9conomie       et de s\u00e9curit\u00e9.              Apr\u00e8s les f\u00e9licitations d\u2019usage, le pr\u00e9sident tunisien a \u00e9crit:<em> \u00a0\u00bb La       Tunisie, pays exportateur par excellence et un des premier producteurs de       K\u00e4rcher en M\u00e9diterran\u00e9e, propose \u00e0 la France de lui exporter ce nettoyeur       fabriqu\u00e9 chez nous.\u00a0\u00bb<\/em> Ben Ali a aussi propos\u00e9 \u00e0 Nicolas Sarkozy       l\u2019envoi de quelques centaines de coop\u00e9rants des Services Sp\u00e9ciaux       tunisiens pour aider la France \u00e0 combattre la racaille qui infeste ses       banlieues. Ben Ali a, en outre, r\u00e9serv\u00e9 une belle surprise pour son ami       Sarko: Le Centre de D\u00e9tention et de Tri de Gorjani \u00e0 Tunis s\u2019appellera d\u00e8s       aujourd\u2019hui le Centre Sarkozy.              Une porte-parole du nouveau pr\u00e9sident fran\u00e7ais a rapport\u00e9 cet apr\u00e8s-midi       l\u2019incommensurable \u00e9motion de Sarkozy apr\u00e8s la lecture du message de son       ami Ben Ali. Cette porte-parole a d\u00e9clar\u00e9 que le nouveau pr\u00e9sident a       d\u00e9cid\u00e9, sans attendre la passation des pouvoirs, de changer le nom de la       station de m\u00e9tro \u00ab\u00a0Mairie des Lilas\u00a0\u00bb en \u00ab\u00a0Mairie de Le\u00efla\u00a0\u00bb, en hommage \u00e0       Madame Le\u00efla Ben Ali.              La \u00a0\u00bb Petite Sicile\u00a0\u00bb, une banlieue de Tunis, sera-t-elle rebaptis\u00e9e la \u00ab\u00a0Petite       C\u00e9cilia\u00a0\u00bb, en hommage \u00e0 Madame Sarkozy? Avec le nouvel Axe Paris-Tunis,       tout devient possible.              <strong><font>(Source : le blog d ?Omar Khayyam, le 7 mai       2007)<\/font><\/strong>       Lien : http:\/\/omarkhayyam.blogsome.com\/2007\/05\/07\/bienvenue-a-benarkozy\/<\/div>\n<div align=\"justify\">\n<hr\/><\/div>\n<div align=\"center\"> <strong><font>Souhayr Belhassen, nouvelle Pr\u00e9sidente de la       F\u00e9d\u00e9ration Internationale des Droits de l&rsquo;Homme :<\/font><\/strong><\/div>\n<div align=\"center\"> <strong><\/p>\n<h2 style=\"color: red;\"><font size=\"3\">La Tunisie est un pays       d&rsquo;\u00e9mancipation<\/font><\/h2>\n<p><\/strong> <\/div>\n<div align=\"center\">             \u00a0<\/div>\n<div align=\"justify\"> <strong><font>&#8211; Promouvoir et accompagner la d\u00e9mocratie       dans le Monde arabe<\/font><\/strong>       \u00a0       <strong><font>Le 36 \u00e8me Congr\u00e8s de la F\u00e9d\u00e9raton       Internationale des Droits de l\u2019Homme (FIDH) s\u2019est d\u00e9roul\u00e9 du 19 au 25       avril \u00e0 Lisbonne. La Tunisienne Souhayr Belhassen a \u00e9t\u00e9 \u00e9lue Pr\u00e9sidente       suite \u00e0 une comp\u00e9tition tr\u00e8s serr\u00e9e avec son challenger le Colombien Louis       Guillermo Perez. C\u2019est une petite r\u00e9volution.               Souhayr Belhassen est la premi\u00e8re femme \u00e0 acc\u00e9der \u00e0 la t\u00eate de la FIDH en       80 ans d\u2019existence.              R\u00e9alit\u00e9s l\u2019a rencontr\u00e9e pour vous. Interview.              <font>Comment s&rsquo;est pass\u00e9 le Congr\u00e8s de la FIDH ?<\/font> <\/font><\/strong>       C&rsquo;est un congr\u00e8s inhabituel. Depuis le congr\u00e8s de la FIDH en 1998 il n&rsquo;y a       pas eu deux candidats pour la pr\u00e9sidence. Mais chose plus importante       encore, en quatre-vingts ans d&rsquo;existence, j&rsquo;ai \u00e9t\u00e9 la premi\u00e8re femme       candidate \u00e0 la pr\u00e9sidence de la FIDH.              Nous avons tous, \u00e0 la FIDH, un combat commun : la d\u00e9fense des Droits       humains, seulement les congressistes se devaient de d\u00e9partager deux       candidats.              <strong>Il y avait combien d&rsquo;\u00e9lecteur ?<\/strong>              Nous avons soixante-quatorze ligues \u00e9lectrices, plus soixante-sept ligues       observatrices. Il y a eu, bien \u00e9videmment, une ambiance tr\u00e8s anim\u00e9e entre       les partisans des deux candidats.              <strong>Comment est venue l&rsquo;id\u00e9e de votre candidature ?<\/strong>              C&rsquo;est le pr\u00e9sident sortant, Sidiki Kaba, qui a eu la volont\u00e9 de passer le       flambeau \u00e0 une femme. Avec lui la FIDH a eu pour la premi\u00e8re fois un       pr\u00e9sident du Sud. Sidiki disait toujours : j&rsquo;aurai r\u00e9ussi ma mission si       j&rsquo;arrive \u00e0 passer le flambeau \u00e0 une femme. Voil\u00e0 comment l&rsquo;id\u00e9e est n\u00e9e.       Pour \u00eatre honn\u00eate, l&rsquo;initiative n&rsquo;est pas venue de moi. Je ne suis ni une       carri\u00e9riste, ni une femme d&rsquo;appareil. J&rsquo;ai accept\u00e9 la proposition de mon       pr\u00e9d\u00e9cesseur \u00e0 me pr\u00e9senter pour la pr\u00e9sidence par engagement f\u00e9ministe.       Nous nous plaignons toujours du faible acc\u00e8s des femmes aux postes de       responsabilit\u00e9 politique. L&rsquo;occasion s&rsquo;est pr\u00e9sent\u00e9e pour moi, il \u00e9tait       inconcevable de la refuser. S&rsquo;il y avait eu une autre candidate femme je       me serais peut-\u00eatre retir\u00e9e. Pour moi c&rsquo;est le militantisme qui prime sur       les logiques d&rsquo;appareil.              <strong>Quelle \u00e9tait la nature du clivage ?<\/strong>              On peut dire qu&rsquo;il y a eu un clivage id\u00e9ologique. Les militants des Droits       de l&rsquo;Homme en Am\u00e9rique latine sont encore marqu\u00e9s par la tradition       politique marxiste et proches des r\u00e9gimes du continent qui s&rsquo;en r\u00e9clament.       Mon profil est beaucoup plus Droits de l&rsquo;Homme stricto-sensu. Cela ne       signifie pas qu&rsquo;il ne faut pas avoir de d\u00e9marche politique. La FIDH est       essentiellement une organisation politique, mais dont l&rsquo;unique objectif       est la d\u00e9fense des Droits humains. Pour la majorit\u00e9 de nos ligues cette       d\u00e9marche doit pr\u00e9valoir dans la strat\u00e9gie de la FIDH.              <strong>Votre adversaire est un alter-mondialiste ?<\/strong>              Je n&rsquo;aime pas beaucoup ce mot. Mon challenger, le colombien Luis Guillermo       Perez, et moi-m\u00eame avons travaill\u00e9 ensemble pendant trois ans au sein du       Bureau international de la FIFH dans la camaraderie, pour le m\u00eame combat.       Les membres latino-am\u00e9ricains de la FIDH sont d&rsquo;une grande qualit\u00e9 et nous       continuerons, bien s\u00fbr, \u00e0 travailler ensemble.               <strong>Quelles sont les diff\u00e9rences essentielles entre vos deux       programmes ?        <\/strong>       Nos diff\u00e9rences portent beaucoup sur notre vision de la mondialisation. La       mondialisation est une tendance historique irr\u00e9versible et ne doit pas       \u00eatre consid\u00e9r\u00e9e comme le mal absolu. Elle a certes aggrav\u00e9 la pauvret\u00e9 et       la marginalisation des populations les plus vuln\u00e9rables de la plan\u00e8te. Le       fait qu&rsquo;elle soit men\u00e9e sous l&rsquo;\u00e9tendard du lib\u00e9ralisme donne la priorit\u00e9       au march\u00e9 par rapport aux droits des gens, surtout dans le domaine social.       Aujourd&rsquo;hui, la loi de la jungle o\u00f9 le plus fort domine prime sur les       droits humains. C&rsquo;est cela qu&rsquo;il faut combattre. Le r\u00f4le d&rsquo;une ONG comme       la FIDH est d&rsquo;\u0153uvrer pour qu&rsquo;il y ait des normes et des m\u00e9canismes       internationaux contraignants de r\u00e9gulation de la mondialisation. Car il       faut la r\u00e9guler de fa\u00e7on \u00e0 ce qu&rsquo;elle ne s&rsquo;effectue pas sous le r\u00e8gne       unique du march\u00e9 et de l&rsquo;argent.              Ceci \u00e9tant je ne voudrais pas trop insister sur les diff\u00e9rences qui me       s\u00e9parent de Luis Guillermo, car ce qui nous rassemble est beaucoup plus       fort. Notre comp\u00e9tition au congr\u00e8s n&rsquo;est qu&rsquo;un moment de la vie de la FIDH,       mais tout de m\u00eame un moment d\u00e9mocratique.              Il faut savoir que Guillermo est aujourd&rsquo;hui Secr\u00e9taire g\u00e9n\u00e9ral de la FIDH.       Il avait postul\u00e9 pour les deux postes. Les congressistes m&rsquo;ont \u00e9lue \u00e0 la       pr\u00e9sidence et l&rsquo;ont \u00e9lu au secr\u00e9tariat g\u00e9n\u00e9ral. Nous allons d\u00e9fendre lors       de ce mandat un programme d&rsquo;action commun qui s&rsquo;enrichit de nos diff\u00e9rents       apports.              <strong>Comment analysez-vous votre victoire \u00e9lectorale ?<\/strong>              Je pense que cela est d\u00fb \u00e0 la repr\u00e9sentativit\u00e9 que j&rsquo;incarnais de la       primaut\u00e9 du combat pour les Droits humains. Il y a eu, aussi, une tonalit\u00e9       f\u00e9ministe. C&rsquo;est la premi\u00e8re fois \u00e0 la FIDH qu&rsquo;il y a huit femmes sur       vingt au Bureau international. On est presque \u00e0 la parit\u00e9. Il y a eu une       pouss\u00e9e f\u00e9ministe incontestable.              <strong>Quels seront les axes majeurs de votre action au cours de ce       mandat ?<\/strong>              Il y a d&rsquo;abord la question des femmes. Venir de la r\u00e9gion arabo-musulmane       et \u00eatre \u00e0 la t\u00eate de la FIDH n&rsquo;est pas du tout un hasard. Cela a \u00e9t\u00e9       possible parce que je suis Tunisienne. La Tunisie est le seul pays arabe       o\u00f9 la r\u00e9volution par le droit a \u00e9t\u00e9 faite ; c&rsquo;est le seul pays de la       r\u00e9gion o\u00f9 la polygamie et la r\u00e9pudiation, pour ne citer que cela, ont \u00e9t\u00e9       interdites. Je suis une enfant du Code du Statut Personnel. Cela devait       para\u00eetre un jour o\u00f9 l&rsquo;autre et cela s&rsquo;est concr\u00e9tis\u00e9 au dernier congr\u00e8s de       la FIDH.              <strong>Selon vous, les congressistes de la FIDH ont reconnu en vous       l&rsquo;exemplarit\u00e9 de la Tunisie ?       <\/strong>       Bien s\u00fbr. Ensuite au niveau des Droits de l&rsquo;Homme, mon \u00e9lection est aussi       une reconnaissance de notre combat en Tunisie. La Ligue Tunisienne pour la       D\u00e9fense des Droits de l&rsquo;Homme a trente ans d&rsquo;existence et elle est       pionni\u00e8re dans le Monde arabe et en Afrique.              Tout cela est le fruit du combat des Tunisiens et des choix des Autorit\u00e9s       aussi. La Tunisie est un pays d&rsquo;\u00e9mancipation de la femme et des Droits       humains. La FIDH est pr\u00e9sente dans 141 pays et les m\u00e9dias de tous ces pays       ont soulign\u00e9 ce fait in\u00e9dit: une Tunisienne \u00e0 la t\u00eate de la FIDH. Cette       symbolique d\u00e9passe de loin ma personne. C&rsquo;est une reconnaissance de ce       qu&rsquo;est la Tunisie aujourd&rsquo;hui.              <strong>Que compte faire la Tunisienne \u00e0 la t\u00eate de la FIDH ?<\/strong>              Mon statut de citoyenne tunisienne est d\u00e9pass\u00e9. Je suis maintenant une       citoyenne du monde, de l&rsquo;universel. C&rsquo;est un v\u00e9ritable bonheur pour moi.       J&rsquo;ai \u00e9t\u00e9 toujours port\u00e9e par cela. Ma grand-m\u00e8re est Indon\u00e9sienne. Je suis       le fruit d&rsquo;un m\u00e9lange tant au niveau personnel qu&rsquo;intellectuel et je le       revendique.              Depuis le d\u00e9mant\u00e8lement de l&rsquo;URSS et la chute du Mur de Berlin, de       nombreux processus d\u00e9mocratiques se sont enclench\u00e9s dans diff\u00e9rentes       r\u00e9gions du Monde. Malheureusement cette vague d\u00e9mocratique s&rsquo;est arr\u00eat\u00e9e       aux portes du Mmonde arabe. Mon \u00e9lection est aussi un signal fort de       solidarit\u00e9 pour cette r\u00e9gion. Pour que les d\u00e9fenseurs des Droits humains       puissent poursuivre leur t\u00e2che. Mon devoir, ma mission en tant que       Pr\u00e9sidente de la FIDH est d&rsquo;encourager le processus d\u00e9mocratique dans       notre r\u00e9gion. Pour moi, ce qui s&rsquo;est pass\u00e9 en Palestine et en Mauritanie       est tr\u00e8s encourageant. Il faudrait faire en sorte que les soci\u00e9t\u00e9s civiles       arabes puissent agir afin de pr\u00e9parer les alternances d\u00e9mocratiques.              <strong>Comment allez-vous proc\u00e9der pour cela ?<\/strong>              Dans des pays comme l&rsquo;Afrique du Sud, le Chili et le Maroc, la FIDH a       d\u00e9velopp\u00e9 le concept de justice transitionnelle, c&rsquo;est-\u00e0-dire les       commissions \u201cV\u00e9rit\u00e9 et r\u00e9conciliation\u201d ou \u201cV\u00e9rit\u00e9 et justice\u201d, selon le       rythme et la situation int\u00e9rieure de chaque pays. En Alg\u00e9rie, par exemple,       on commence \u00e0 mettre en place une commission de ce type. Nous accompagnons       fortement ces processus. C&rsquo;est une d\u00e9marche d&rsquo;apprentissage de la       d\u00e9mocratie.              <strong>Nous constatons aussi que dans notre r\u00e9gion il y a, dans de       nombreux pays, une r\u00e9gression de la condition des femmes. Comment lutter       contre cela ?<\/strong>              C&rsquo;est toute la difficult\u00e9 de notre action. Seulement la FIDH a une tr\u00e8s       grande connaissance du terrain gr\u00e2ce \u00e0 toutes les ligues nationales des       Droits de l&rsquo;Homme.              <strong>Certains reprochent \u00e0 la FIDH ses r\u00e9actions \u00e0 double standard :       r\u00e9actions molles quand il s&rsquo;agit de violations des Droits humains au Nord       ou en Isra\u00ebl et des r\u00e9actions disproportionn\u00e9es pour les pays du Sud ?<\/strong>              Je pense qu&rsquo;il y a beaucoup de mauvaise foi dans ce d\u00e9bat. On utilise les       armes qu&rsquo;on peut contre une ONG aussi s\u00e9rieuse que la FIDH. Nous sommes la       seule ONG g\u00e9n\u00e9raliste et la seule constitu\u00e9e de ligues nationales. C&rsquo;est       cela qui fait notre diff\u00e9rence.. De quel double standard parlons-nous ?       Sur un pays comme la Palestine, nous reproduisons et servons de porte voix       \u00e0 nos ligues qui sont sur le terrain. Il faut savoir que nous ne faisons       pas un seul communiqu\u00e9 sans avoir l&rsquo;aval de nos ligues locales.              A Guantanamo, qui a port\u00e9 plainte contre Rumsfeld et les g\u00e9n\u00e9raux       am\u00e9ricains ? On a fait cette d\u00e9marche avec le CCR (Centre des Droits       Constitutionnels) aux Etats-Unis, qui est un centre de d\u00e9fense des Droits       humains. On a est\u00e9 une action en justice en Allemagne quand le G\u00e9n\u00e9ral       Sanchez \u00e9tait de passage dans ce pays. On l&rsquo;a remport\u00e9 en premi\u00e8re       instance. Mais ce type d&rsquo;information n&rsquo;est pas repris par les m\u00e9dias       nationaux. On est victime de certains a priori id\u00e9ologiques. Je pense que       les m\u00e9dias arabes auraient tout int\u00e9r\u00eat \u00e0 dire que c&rsquo;est le secr\u00e9taire       g\u00e9n\u00e9ral Peter Weiss, du CCR am\u00e9ricain, qui a alert\u00e9 la FIDH sur la       pr\u00e9sence du G\u00e9n\u00e9ral Sanchez en Allemagne, ce qui a rendu possible contre       lui une action en justice. Nous proc\u00e9dons avec nos ligues \u00e0 un travail       d&rsquo;enqu\u00eate et de t\u00e9moignage partout o\u00f9 il y a des violations des Droits       humains.              Un autre exemple en R\u00e9publique Centrafricaine. En 2002-2003 il y a eu des       violences inou\u00efes contre les femmes, comme aujourd&rsquo;hui au Darfour. C&rsquo;est       Bernadette Sayo qui dirige une association des femmes victimes de la       violence. Ce sont des petites commer\u00e7antes qui ont \u00e9t\u00e9 viol\u00e9es et dont les       maris ont \u00e9t\u00e9 tu\u00e9s sous leurs yeux. Bernadette Sayo a \u00e9t\u00e9 viol\u00e9e devant       son mari avant qu&rsquo;on le tue devant elle. C&rsquo;est l&rsquo;horreur absolue. Cette       femme et son association nous envoient des informations de toutes les       r\u00e9gions de la R\u00e9publique Centrafricaine. Ce sont des t\u00e9moignages qui vont       \u00e0 la Cour P\u00e9nale internationale pour d\u00e9noncer les crimes sexo-sp\u00e9cifiques       et amener les criminels devant la justice internationale. C&rsquo;est cela notre       d\u00e9marche.              <strong>Et concernant l&rsquo;Irak ?<\/strong>              Le pays est d\u00e9mantel\u00e9. Il l&rsquo;est aussi au niveau des Droits de l&rsquo;Homme. On       n&rsquo;a plus rien en Irak. En marge du congr\u00e8s de la FIDH, le groupe arabe a       tenu une r\u00e9union. Nous sommes une quinzaine de ligues arabes. On a       r\u00e9fl\u00e9chi ensemble \u00e0 la meilleure mani\u00e8re de reconstituer un tant soit peu       le tissu militant pour les Droits humains en Irak. Si on ne d\u00e9nonce pas et       si l&rsquo;on ne fait pas d&rsquo;enqu\u00eates en Irak c&rsquo;est parce qu&rsquo;on n&rsquo;a pas de relais       locaux. On va essayer de pallier cela \u00e0 partir de la Jordanie et de la       Syrie. Ce sont les ligues arabes qui essayent de trouver une solution et       non pas la FIDH \u00e0 partir de Paris.              Il y a des situations plus que scandaleuses en Irak. C&rsquo;est futile de le       dire. Mais on a besoins d&rsquo;outils s\u00e9rieux et fiables pour pouvoir faire       notre travail.              <strong>Quels sont vos autres champs d&rsquo;intervention ?<\/strong>              Mon deuxi\u00e8me axe de programme est la question migratoire. Les migrations       sont aujourd&rsquo;hui un fait majeur de notre \u00e9poque. Pendant mon mandat \u00e0 la       FIDH, la priorit\u00e9 sera donn\u00e9e \u00e0 ce ph\u00e9nom\u00e8ne. Avec nos ligues on va       travailler en profondeur sur les migrations. Il faut savoir que la       convention internationale sur les travailleurs migrants et leurs familles       n&rsquo;a pas \u00e9t\u00e9 sign\u00e9e par un seul pays du Nord. J&rsquo;ai lanc\u00e9 un appel dans mon       discours d&rsquo;investiture au Portugal en disant : vu que la FIDH tient son       congr\u00e8s chez vous, soyez le premier pays \u00e0 ratifier cette convention. Pays       d&rsquo;\u00e9migration et d&rsquo;immigration, le Portugal est appel\u00e9 \u00e0 le faire. J&rsquo;esp\u00e8re       que cet appel sera entendu. Nous m\u00e8nerons une campagne tr\u00e8s forte pour la       ratification de cette convention.              <strong>Pourquoi aucun pays du Nord n&rsquo;a sign\u00e9 cette convention ?<\/strong>              Parce que ces pays veulent verrouiller toutes les portes, fen\u00eatres et m\u00eame       vasistas. Ils ne veulent pas qu&rsquo;il y ait des droits pour les migrants dits       clandestins au Nord :               En mati\u00e8re d&rsquo;asile, il se passe \u00e9galement des choses scandaleuses. La       Jordanie et la Syrie croulent sous le poids des r\u00e9fugi\u00e9s irakiens. Les       pays occidentaux n&rsquo;en ont gu\u00e8re pris leur part.              Le Haut Comit\u00e9 pour les R\u00e9fugi\u00e9s (HCR) s&rsquo;est r\u00e9uni derni\u00e8rement sur l&rsquo;Irak       \u00e0 Gen\u00e8ve pour octroyer des millions d&rsquo;euros \u00e0 la Syrie et \u00e0 la Jordanie,       mais surtout \u201cd\u00e9brouillez-vous avec vos migrants\u201d. Il ne s&rsquo;agit pas de       financement, mais d&rsquo;\u00eatres humains qui sont dans le d\u00e9sespoir.              A la FIDH, nous d\u00e9non\u00e7ons ce type de situation.              Nous d\u00e9non\u00e7ons \u00e9galement la volont\u00e9 du Nord de se d\u00e9charger sur les pays       du Sud du contr\u00f4le des flux migratoires moyennant de l&rsquo;argent.              Des pays comme l&rsquo;Allemagne et l&rsquo;Italie portent aujourd&rsquo;hui le leader aux       nues apr\u00e8s l&rsquo;avoir trait\u00e9 de tous les noms, et cela &#8211; entre autres &#8211; pour       qu&rsquo;il stoppe le flux migratoire africain Les pays europ\u00e9ens essayent de       faire pression sur le Maghreb pour qu&rsquo;il servent aussi de nouveau \u201cmur\u201d       contre ces flux. Ce qui me d\u00e9sole, c&rsquo;est que la presse arabe d\u00e9nonce       certains murs et pas d&rsquo;autres. Ce sont tous des murs de la honte. D\u00e9noncer       cela fait partie de notre mission.               <strong>Que peuvent faire les Ligues des Droits de l&rsquo;Homme au Sud ?<\/strong>              Moins on donnera la parole aux d\u00e9fenseurs des Droits humains et plus le       Sud reculera. Les ligues du Sud passent l&rsquo;essentiel de leur temps \u00e0       d\u00e9fendre leur droit \u00e0 l&rsquo;existence alors que les probl\u00e8mes sont \u00e9normes.       Nous ne sommes pas des ennemis syst\u00e9matiques des r\u00e9gimes en place. On est       \u00e0 l&rsquo;\u00e9coute des situations int\u00e9rieures gr\u00e2ce \u00e0 nos r\u00e9seaux de militants. Ce       que je souhaite le plus aujourd&rsquo;hui est de pouvoir d\u00e9passer la d\u00e9fense des       libert\u00e9s dites primaires (libert\u00e9s d&rsquo;expression, d&rsquo;organisation\u2026). Ces       libert\u00e9s sont essentielles, mais il nous faut les d\u00e9passer, en les       garantissant, afin de pouvoir nous occuper des probl\u00e8mes \u00e9normes tels que       les migrations et la r\u00e9gulation de la mondialisation.              <strong>Souhayr Belhassen, citoyenne du monde, que veut-elle dire \u00e0 nos       concitoyens ?<\/strong>              De continuer de se battre non seulement pour soi, mais pour les autres       aussi.       \u00a0       <strong><font>Zyed Krichen              (Source : \u00ab R\u00e9alit\u00e9s \u00bb (Magazine hebdomadaire \u2013 Tunis), N\u00b0 1104 du 3 mai       2007)<\/font><\/strong><\/div>\n<div align=\"justify\">\n<hr\/><\/div>\n<div align=\"center\"> <strong><\/p>\n<h2 style=\"color: red;\"><font size=\"3\">Sfax : Quand la Star Ac tourne \u00e0 la       trag\u00e9die<\/font><\/h2>\n<p><\/strong><\/div>\n<div align=\"justify\"> <strong><font>Nizar Bahloul<\/font><\/strong>              Le passage de la Star Academy libanaise en Tunisie pour trois concerts       devait \u00eatre l&rsquo;\u00e9v\u00e9nement de la semaine. Il sera le drame qu&rsquo;on n&rsquo;effacera       jamais de nos m\u00e9moires. Le premier concert \u00e0 Tunis, samedi 28 avril,       connut son lot d&rsquo;hyst\u00e9ries et de bousculades. Idem pour le second \u00e0 Sfax,       lundi 30 avril, \u00e0 la diff\u00e9rence qu&rsquo;il s&rsquo;est sold\u00e9 par la mort de sept       spectateurs et les blessures d&rsquo;une trentaine au moins. R\u00e9cit des       \u00e9v\u00e8nements tels que nous les ont racont\u00e9s des spectateurs pr\u00e9sents.              L&rsquo;\u00e9v\u00e8nement est de taille pour la capitale du Sud qui avait rendez-vous,       lundi 30 avril, veille d&rsquo;un jour f\u00e9ri\u00e9, avec le plus beau des \u00e9v\u00e8nements :       le concert de la Star Academy libanaise. L&rsquo;\u00e9mission de t\u00e9l\u00e9vision de la       LBC a en effet le plus grand succ\u00e8s aupr\u00e8s de nos jeunes, fans de la       chanson arabe l\u00e9g\u00e8re. Le samedi 28, \u00e0 Tunis \u00e0 la Coupole d&rsquo;El Menzah, ils       \u00e9taient plus de dix mille \u00e0 venir assister au spectacle. Les pr\u00e9sents \u00e0 ce       spectacle ne reviennent encore pas de l&rsquo;hyst\u00e9rie des fans observ\u00e9e ce       soir-l\u00e0 lors du concert : cris d&rsquo;amour, jets de fleurs, de bijoux et de       colliers etc. le nombre total de personnes pr\u00e9sentes \u00e0 la Coupole \u00e9tait       d\u00e9j\u00e0 tr\u00e8s \u00e9lev\u00e9. Des reporters signalaient, d\u00e9j\u00e0, dans les journaux du       lundi cette hyst\u00e9rie et la volont\u00e9 des spectateurs de s&rsquo;approcher le plus       pr\u00e8s possible de la sc\u00e8ne, dans l&rsquo;espoir de monter sur la rampe. Les       bousculades ont fini par avoir raison des agents de l&rsquo;ordre et les fans       ont pu encercler la sc\u00e8ne de tous les c\u00f4t\u00e9s, selon des confr\u00e8res. Il n&rsquo;y a       eu cependant aucun drame ni d\u00e9passement dangereux puisque ces fans ont pu       \u00eatre gard\u00e9s \u00e0 distance des artistes et ont surtout \u00e9vit\u00e9 de se bousculer       les uns les autres, se contentant de chanter et de danser.               Lundi 30 avril, il en fut autrement. L&rsquo;architecture du th\u00e9\u00e2tre de Sidi       Mansour devant abriter l&rsquo;\u00e9v\u00e9nement est comparable \u00e0 celle du th\u00e9\u00e2tre       romain de Carthage : des tribunes entourant une placette centrale se       trouvant face \u00e0 la sc\u00e8ne. Les organisateurs ont distribu\u00e9 deux sortes de       tickets : 12 dinars pour les gradins et 20 dinars pour les places (toutes       debout) devant la sc\u00e8ne.               Le spectacle commen\u00e7a \u00e0 21 heures comme pr\u00e9vu et les \u00ab Acad\u00e9myciens \u00bb       commenc\u00e8rent leurs chansons devant une foule hyper excit\u00e9e. On accompagna       les chansons, apprises par c\u0153ur par ces adolescents composant l&rsquo;\u00e9crasante       majorit\u00e9 du public pr\u00e9sent. A 21h30, on constata des d\u00e9buts de bousculade       sur les \u00ab fronti\u00e8res \u00bb s\u00e9parant les gradins et la placette centrale.       D\u2019apr\u00e8s les uns, une porte a \u00e9t\u00e9 d\u00e9fonc\u00e9e par le public qui \u00e9tait \u00e0       l\u2019ext\u00e9rieur provocant cette cohue. Selon d\u2019autres, le public pr\u00e9sent       voulait approcher au maximum de la sc\u00e8ne d&rsquo;autant plus qu&rsquo;il estimait y       avoir suffisamment de place. Selon un membre proche de l&rsquo;organisation, le       th\u00e9\u00e2tre n\u2019\u00e9tait pas enti\u00e8rement plein. Les jeunes se sont donc bouscul\u00e9s       et ont eu raison des barri\u00e8res et des agents de l&rsquo;ordre d\u00e9pass\u00e9s,       visiblement, par le nombre des spectateurs hyst\u00e9riques, surexcit\u00e9s.               La placette centrale, pr\u00e9vue pour accueillir un certain nombre de       personnes par m2, s&rsquo;est donc retrouv\u00e9e engorg\u00e9e, mais malgr\u00e9 cela les       spectateurs des gradins continuaient \u00e0 pousser.               Cons\u00e9quence in\u00e9vitable : plusieurs spectateurs tombent \u00e0 terre et sont       rapidement pi\u00e9tin\u00e9s.               Sur sc\u00e8ne, on continuait \u00e0 chanter. En bas, les pompiers \u00e9taient d\u00e9j\u00e0 l\u00e0       et ne savaient plus o\u00f9 se donner de la t\u00eate. Les cris de frayeur se       m\u00e9langeaient aux cris d&rsquo;excitation et les appels au secours \u00e9taient noy\u00e9s       dans le bruit sortant des baffles. Ce n&rsquo;est que quand on a commenc\u00e9 \u00e0       \u00e9vacuer les premiers bless\u00e9s (ou morts) et \u00e0 la vue de gens cherchant les       issues de secours que l&rsquo;on s&rsquo;aper\u00e7ut que quelque chose d&rsquo;anormal \u00e9tait en       train de se passer. Le spectacle s&rsquo;arr\u00eata et le d\u00e9compte des victimes       commen\u00e7a. A l&rsquo;heure o\u00f9 nous mettions sous presse, mardi midi, on recensait       sept morts et 32 bless\u00e9s dont quatre dans un \u00e9tat grave. Parmi les sept,       il y aurait une maman venue accompagner ses enfants. Il est l\u00e9gitime de se       demander si le nombre d&rsquo;agents de l&rsquo;ordre et d&rsquo;agents de Protection civile       par t\u00eate et par m2 \u00e9tait respect\u00e9. Au stade actuel, on ne sait que       r\u00e9pondre et une enqu\u00eate est en cours pour en savoir davantage, mais il est       bon de rappeler que ce n&rsquo;est pas la premi\u00e8re fois que ce th\u00e9\u00e2tre accueille       un tel spectacle, mais c&rsquo;est la premi\u00e8re fois que l&rsquo;on fait face \u00e0 des       morts et des bless\u00e9s dans un concert musical en Tunisie. On n&rsquo;a jamais       recens\u00e9 de d\u00e9faillance d&rsquo;ordre organisationnel ou s\u00e9curitaire et \u00ab les       normes en la mati\u00e8re ont toujours \u00e9t\u00e9 scrupuleusement respect\u00e9es par les       organisateurs et strictement contr\u00f4l\u00e9s par les autorit\u00e9s \u00bb, nous d\u00e9clare       un organisateur de spectacles.               Juste apr\u00e8s, le soir m\u00eame, le Pr\u00e9sident Zine El Abidine Ben Ali a charg\u00e9       les ministres de l&rsquo;Int\u00e9rieur et de la Sant\u00e9, Rafik Belhaj Kacem et Ridha       Kechrid, de se rendre imm\u00e9diatement \u00e0 Sfax et de transmettre ses       sentiments de compassion aux familles endeuill\u00e9es. Le procureur de la       R\u00e9publique s&rsquo;est rendu pour sa part au th\u00e9\u00e2tre Sidi Mansour pour ouvrir       une enqu\u00eate judiciaire afin de d\u00e9terminer les causes de l&rsquo;accident       malheureux.              A l&rsquo;h\u00f4pital, des t\u00e9moins nous affirment que l&rsquo;on tournait d\u00e9j\u00e0 \u00e0 plein       r\u00e9gime avant 22 heures. Tout le staff m\u00e9dical et param\u00e9dical \u00e9tait sur les       lieux, venu en urgence. Il y a m\u00eame eu, nous dit-on, des psychologues pour       assister les personnes bless\u00e9es et les familles des d\u00e9funts.              Apr\u00e8s le drame de B\u00e9ja dans un stade de foot, il y a quelques ann\u00e9es,       c&rsquo;est la deuxi\u00e8me fois qu&rsquo;un mouvement de foule se solde par des morts en       Tunisie. On s&rsquo;en serait bien pass\u00e9 et beaucoup d&rsquo;encre coulera       certainement dans les prochains jours sur cet \u00e9v\u00e9nement.               <strong><font>(Source : \u00ab R\u00e9alit\u00e9s \u00bb (Magazine       hebdomadaire \u2013 Tunis), N\u00b0 1104 du 3 mai 2007)<\/font><\/strong><\/div>\n<div align=\"justify\">\n<hr\/><\/div>\n<div align=\"center\"> <strong><\/p>\n<h2 style=\"color: red;\"><font size=\"3\">Les porteurs d\u2019eau du totalitarisme<\/font><\/h2>\n<p><\/strong><\/div>\n<div align=\"justify\">             Chaque \u00e9poque a connu ses cohortes de personnalit\u00e9s, c\u00e9l\u00e9brit\u00e9s,       intellectuels (souvent auto-proclam\u00e9s comme tels), dont les sympathies       actives pour des r\u00e9gimes ou des syst\u00e8mes politiques leur a valu les       surnoms de \u201ccompagnons de route\u201d, \u201cintellectuels organiques\u201d dans nos       m\u00e9dias, cependant que les despotes (\u00e9clair\u00e9s ou pas) ainsi soutenus les       surnommaient entre eux: \u201cimb\u00e9ciles utiles (1)\u201d.<\/div>\n<div align=\"justify\">             Ces personnalit\u00e9s sont d\u2019ailleurs non seulement m\u00e9diatiques, mais aussi       championnes de la      <span lang=\"EN-US\"> <a><span lang=\"FR-CH\">cybern\u00e9tique<\/span><\/a><\/span>: tels la girouette,       elles sont capables de sentir l\u2019air du temps, et de suivre les vents       dominants (normal: ils n\u2019aiment rien tant que la chaleur de l\u2019aile       protectrice des tyrans protecteurs \u2014 en tous cas protecteurs pour leurs       thurif\u00e9raires).<\/div>\n<div align=\"justify\">             (\u2026) Et voil\u00e0 que Monsieur S. nous revient de Tunisie. Dans une rubrique       qu\u2019il tient dans la revue Trends, et intitul\u00e9e \u201c<span lang=\"EN-US\"><a><span lang=\"FR-CH\">Retour       de Tunis<\/span><\/a><\/span>\u201d, M. S. repasse les plats, et plaide pour une       plus grande cl\u00e9mence de l\u2019Union europ\u00e9enne \u00e0 l\u2019\u00e9gard du r\u00e9gime tunisien.       Certes, ce dernier ferait bien de l\u00e2cher un peu de lest, car enfin, la       Tunisie pr\u00e9sente aux yeux de notre professeur honoraire \u00e0 l\u2019ULB les       qualit\u00e9s qui constituent \u00e0 ses yeux les conditions n\u00e9cessaires \u00e0 un r\u00e9gime       d\u00e9mocratique: \u201c(\u2026) un pays de de dimension restreinte, \u00e0 la population       ethniquement homog\u00e8ne, relativement peu nombreuse et \u00e9duqu\u00e9e (\u2026)\u201d.<\/div>\n<div align=\"justify\">             Mais de pr\u00e9ciser tout de suite, que \u201cTunis n\u2019est pas T\u00e9h\u00e9ran\u201d, et que si       on ne peut pas trouver certains hebdomadaires parisiens dans les       librairies de l\u2019avenue Bourguiba, quand ils \u201cbrocardent\u201d le pr\u00e9sident, les       hommes d\u2019affaires et universitaires peuvent voyager librement. D\u2019ailleurs,       sommes-nous tent\u00e9 de rajouter, le parti du Pr\u00e9sident Ben Ali, r\u00e9\u00e9lu au       derni\u00e8res \u00e9lections avec un score nord-cor\u00e9en de plus de 99%, fait       toujours partie de l\u2019Internationale Socialiste. On sent cette solidarit\u00e9       des puissants, surtout exprim\u00e9e par ceux qui ne le sont plus, ce m\u00e9pris       pour ces journalistes qui viennent mettre leur nez dans vos affaires (au       risque de vous faire chuter), cette nostalgie du tapis rouge que l\u2019on       d\u00e9roule d\u00e9sormais sous d\u2019autres augustes pieds que les v\u00f4tres.<\/div>\n<div align=\"justify\">             M. S., que Royer caricaturait jadis dans le Soir sous les traits de Louis       XIV, c\u2019est en r\u00e9alit\u00e9 Catherine II de Russie, promen\u00e9 par les Potemkine       des temps modernes. Il n\u2019a pas pu (ou voulu) voir la torture, pratiqu\u00e9e de       fa\u00e7on r\u00e9guli\u00e8re, l\u2019internet mis sous contr\u00f4le, les journaux interdits (y       compris le Soir, r\u00e9guli\u00e8rement, mais la presse libre n\u2019existe pas en       Tunisie), les militants des droits humains et avocats pass\u00e9s \u00e0 tabac et       harcel\u00e9s de fa\u00e7on permanente, souvent emp\u00each\u00e9s de voyager \u00e0 l\u2019\u00e9tranger. Il       n\u2019a pas pu entendre ces deux \u00e9tudiants de gauche, f\u00e9roces opposants aux       islamistes, que j\u2019avais rencontr\u00e9s il y a quelques ann\u00e9es. Tortur\u00e9e       jusqu\u2019\u00e0 n\u00e9cessiter une r\u00e9animation, la jeune fille avait alors \u00e9t\u00e9 viol\u00e9e       par ses bourreaux devant son ami\u2026<\/div>\n<div align=\"justify\">             Ayant manifestement r\u00e9serv\u00e9 son temps pr\u00e9cieux \u00e0 des \u201chauts responsables       du r\u00e9gime\u201d, il n\u2019a pas pu rencontrer la soci\u00e9t\u00e9 civile ind\u00e9pendante, qu\u2019il       affirme d\u2019ailleurs inexistante. Brim\u00e9e, b\u00e2illonn\u00e9e, certes, elle existe       pourtant (2). Mais elle n\u2019a pas l\u2019attrait de ces autorit\u00e9s que M. S.       n\u2019h\u00e9site pas \u00e0 comparer en fin d\u2019article aux\u201dempereurs romains \u00e9clair\u00e9s,       dont Septime S\u00e9v\u00e8re\u201d. M. Ben Ali doit rugir de plaisir. Et c\u2019est sans       doute le but vis\u00e9. Mais attention: un autre personnage illustre,       contemporain de Louis XIV, Jean de la Fontaine, le disait bien: \u201ctout       flatteur vit aux d\u00e9pens de celui qui l\u2019\u00e9coute\u201d\u2026<\/div>\n<div align=\"justify\">             Les poussi\u00e8res de la renomm\u00e9e retombent rarement sur les \u00e9paules des       thurif\u00e9raires.<\/div>\n<div align=\"justify\">             Philippe Hensmans<\/div>\n<div align=\"justify\">             (1) expression utilis\u00e9e par L\u00e9nine, au sujet de Romain Rolland       (2) une r\u00e9union interne de la section tunisienne d\u2019Amnesty International,       qui pourtant ne travaille pas sur son propre pays, vient d\u2019\u00eatre interdite.       Le Blog du directeur &#8211; Amnesty Belgique &#8211; mai 2, 2007<\/div>\n<div align=\"justify\"> <strong><font>(Source: le blog \u201cTunisiawatch\u201d, le 7 mai       2007)<\/font><\/strong>       Lien : http:\/\/tunisiawatch.rsfblog.org\/archive\/2007\/05\/07\/les-porteurs-d-eau-du-totalitarisme.html<\/div>\n<div align=\"justify\">\n<hr\/><\/div>\n<div align=\"center\"> <strong>Fl\u00e9au: La face cach\u00e9e d&rsquo;une toxicomanie \u00e0 deux vitesses&#8230;       <\/p>\n<h2 style=\"color: red;\"><font size=\"3\">Une consommation dite \u00ab festive \u00bb et une       autre dite \u00ab probl\u00e9matique \u00bb<\/font><\/h2>\n<p><\/strong> <strong><font>*Une pathologie qui touche surtout les       hommes       *La th\u00e9rapie ne peut \u00eatre individuelle : elle exige un travail d&rsquo;\u00e9quipe et       un contexte collectif.<\/font><\/strong><\/div>\n<div align=\"justify\">             La toxicomanie\u00a0 constitue un probl\u00e8me de sant\u00e9 publique et touche surtout       les jeunes de sexe masculin.<\/div>\n<div align=\"justify\">             Tous les experts s&rsquo;accordent, aujourd&rsquo;hui, \u00e0 penser que la toxicomanie       na\u00eet de trois \u00e9l\u00e9ments : un produit, une personnalit\u00e9 et un moment       socioculturel\u00a0 L&rsquo;abus de substances a un retentissement somatique,       familial, social et judiciaire ce qui n\u00e9cessite une prise en charge       th\u00e9rapeutique multidisciplinaire. La toxicomanie d\u00e9signe l&rsquo;usage r\u00e9p\u00e9t\u00e9 et       compulsif d&rsquo;une ou de plusieurs substances psychoactives.<\/div>\n<div align=\"justify\">             La toxicomanie du grec toxikon (poison et mania = folie) se traduit comme       le pr\u00e9cise l&rsquo;encyclop\u00e9die Wikip\u00e9dia\u00a0 \u00ab\u00a0 un usage r\u00e9p\u00e9t\u00e9 et excessif d&rsquo;une       ou plusieurs substances toxiques (analg\u00e9siques et ou\/ psychotropes)\u00a0 sans       justification th\u00e9rapeutique. Cet usage s&rsquo;accompagne d&rsquo;un d\u00e9sir       incontr\u00f4lable de\u00a0 continuer \u00e0 consommer le produit, accompagn\u00e9       d&rsquo;accoutumance et de d\u00e9pendance \u00bb Selon l&rsquo;OMS, la d\u00e9finition stricte de la       toxicomanie correspond \u00e0 quatre \u00e9l\u00e9ments : Une envie irr\u00e9pressible de       consommer le produit, une tendance \u00e0 augmenter les doses, une d\u00e9pendance       psychologique et parfois physique et des cons\u00e9quences n\u00e9fastes sur la vie       quotidienne (\u00e9motives, sociales, \u00e9conomiques).\u00a0 Une \u00e9tude a \u00e9t\u00e9 effectu\u00e9e       par le Dr. Mabrouk Ghaouer de l&rsquo;h\u00f4pital Razi sur les nouveaux aspects de       la toxicomanie en Tunisie et\u00a0 a essay\u00e9 de rechercher les nouveaux aspects       de la toxicomanie\u00a0 tout en \u00e9tudiant\u00a0 les facteurs associ\u00e9s \u00e0 la conduite       toxicomaniaque.\u00a0 \u00ab\u00a0 Il s&rsquo;agit d&rsquo;une \u00e9tude r\u00e9trospective qui a int\u00e9ress\u00e9       les patients hospitalis\u00e9s au moins une fois durant la p\u00e9riode du 1er       janvier 2006 au 31 mars 2007. nous pr\u00e9cise Dr Ghaouer. \u00ab\u00a0 L&rsquo;\u00e9chantillon       \u00e9tait compos\u00e9 de 652 patients ( 430 hommes et 222 femmes) et a inclus tous       ceux qui ont pr\u00e9sent\u00e9 des conduites d&rsquo;abus ou de d\u00e9pendance \u00e0 une       substance toxique. Parmi cette population, on s&rsquo;est int\u00e9ress\u00e9 aux patients       qui ont consomm\u00e9 des solvants volatiles, du bupr\u00e9norphine (subutex) et ou       d&rsquo;amph\u00e9tamine, \u00e0 la toxicomanie f\u00e9minine et familiale quelque soit le       produit utilis\u00e9. Sur les 652 patients, 112 cas avaient des conduites       toxicomaniaques. Les nouveaux aspects de la toxicomanie ont int\u00e9ress\u00e9 30       patients : 13 femmes, 13 consommateurs de colle, 3 consommateurs du       bupr\u00e9norphine et un consommateur d&rsquo;amph\u00e9tamine. Pour les solvants       volatiles, l&rsquo;\u00e9tude a montr\u00e9 que les 13 patients\u00a0 qui consomment de la       colle \u00e9taient de sexe masculin. L&rsquo;\u00e2ge moyen \u00e9tait de 27,3.\u00a0 Le       bupr\u00e9norphine (subutex), un produit de substitution de l&rsquo;h\u00e9ro\u00efne est       consomm\u00e9 par trois patients alors qu&rsquo;un sel patient \u00e9tait d\u00e9pendant \u00e0       l&rsquo;amph\u00e9tamine. Il a commenc\u00e9 \u00e0 utiliser ce produit lorsqu&rsquo;il \u00e9tait       footballeur. La toxicomanie f\u00e9minine \u00e9tait retrouv\u00e9e chez 13 cas soit 2%       du total des patients et 5,8% du total des femmes. L&rsquo;\u00e2ge moyen \u00e9tait 36,8       ans. L&rsquo;\u00e2ge moyen de d\u00e9but \u00e9tait de 17,6 ans. Un abus de cannabis a \u00e9t\u00e9       d\u00e9tect\u00e9 chez une\u00a0 famille monoparentale (une m\u00e8re et son fils) qui \u00e9tait       hospitalis\u00e9e pour des syndromes schizophr\u00e9niques. \u00bb Ainsi on constate deux       modes de consommations : une consommation dite festive ou r\u00e9cr\u00e9ative ou       parfois de performance qui concernerait une population jeune et une       consommation dite probl\u00e9matique d\u00e9sign\u00e9e par le terme toxicomanie qui       concernerait une population en difficult\u00e9. Ces produits consomm\u00e9s sont       souvent les psychodysleptiques (produits qui modifient l&rsquo;activit\u00e9 mentale       comme les hallucinog\u00e8nes, les enivrants, l&rsquo;alcool, l&rsquo;\u00e9ther, le cannabis,       la morphine,etc&#8230;)\u00a0 les psychose stimulants ( coca\u00efne, amph\u00e9tamine, caf\u00e9,       th\u00e9, tabac)<\/div>\n<div align=\"justify\"> <strong>Les facteurs pr\u00e9disposant \u00e0\u00a0 la toxicomanie<\/strong><\/div>\n<div align=\"justify\">             La toxicomanie touche surtout les hommes. Mais il existe des facteurs       sociaux et psychiatriques pr\u00e9disposant \u00e0 la toxicomanie. Dr Ghaouer\u00a0 note       dans son enqu\u00eate trois facteurs : \u00ab Des facteurs sociaux li\u00e9s au ch\u00f4mage       (23 cas) au s\u00e9jour \u00e0 l&rsquo;\u00e9tranger (7 cas ) \u00e0 la d\u00e9linquance (10 cas ) aux       incarc\u00e9rations (18 cas ), des facteurs familiaux : 21% des patients sont       issues de familles d\u00e9sunies (Conflits familiaux, divorce d\u00e9c\u00e8s d&rsquo;un ou       deux parents, solitude) et des facteurs cliniques : Tentative de suicide       (66% des cas) des maladies opportunistes (2 cas d&rsquo;h\u00e9patite et un cas de       HIV) et des troubles psychiatriques (4 cas avaient un trouble de la       personnalit\u00e9, 3 cas des patients toxicomanes \u00e0 la colle ont d\u00e9velopp\u00e9 une       d\u00e9mence, 8 cas avaient une schizophr\u00e9nie, 8 cas avaient un trouble       bipolaire et 5 cas avaient un trouble shizoaffectif.\u00bb Cette \u00e9tude a montr\u00e9       une pr\u00e9dominance de la consommation chez les hommes soit 23% contre 5,8%       de femmes. Elle est comparable \u00e0 l&rsquo;\u00e9tude marocaine qui a retrouv\u00e9 36% chez       les hommes et 6,6% chez les femmes. Par contre une \u00e9tude fran\u00e7aise a       montr\u00e9 une diff\u00e9rence minime entre les deux sexes soit 24% versus 25%.       L&rsquo;apparition de complications graves, l&rsquo;\u00e2ge de d\u00e9but assez pr\u00e9coce et       l&rsquo;apparition de formes f\u00e9minines et familiale constituent les nouveaux       aspects de la toxicomanie en Tunisie \u00bb conclut Dr Ghaouer              \u00a0K.B.       <strong><font>(Source : \u00ab Le Temps \u00bb (Quotidien \u2013 Tunis),       le 7 mai 2007)<\/font><\/strong>        \u00a0<\/div>\n<div align=\"justify\">\n<hr\/><\/div>\n<div align=\"center\"> <strong>\u00a0Le Professeur Jouda Ben Abid, chef de service du centre       d&rsquo;\u00e9ducation, de pr\u00e9vention et de traitement des toxicomanies \u00ab L&rsquo;Espoir \u00bb       \u00e0 Djebel Oust       <\/p>\n<h2 style=\"color: red;\"><font size=\"3\">\u00ab Une prise en charge pluridisciplinaire \u00bb<\/font><\/h2>\n<p><\/strong><\/div>\n<div align=\"justify\"> <strong>Le Temps : Tout d&rsquo;abord, comment d\u00e9finir la toxicomanie et quels       en sont les facteurs favorisants?<\/strong><\/div>\n<div align=\"justify\">             Professeur Jouda Ben Abid : Pendant longtemps, on croyait que ce qui       d\u00e9finit\u00a0 la toxicomanie c&rsquo;est la d\u00e9pendance\u00a0 physiques, dont le syndrome       de manque est le t\u00e9moin. D\u00e9sormais, on s&rsquo;est rendu compte que le probl\u00e8me       le plus difficile et le plus caract\u00e9ristique c&rsquo;est plus la\u00a0 d\u00e9pendance\u00a0       psychique que physique. Cette d\u00e9pendance se traduit au niveau du       comportement par l&rsquo;impossibilit\u00e9 de se soustraire au besoin de consommer       le ou les produits, et ce malgr\u00e9 les cons\u00e9quences\u00a0 n\u00e9gatives qu&rsquo;elles       soient physiques, psychiques ou socio familiales auxquelles expose cette       consommation.<\/div>\n<div align=\"justify\">             On pensait \u00e9galement que la gravit\u00e9 de la toxicomanie et sa survenue       n&rsquo;\u00e9tait\u00a0 li\u00e9e qu&rsquo;\u00e0 la nature psycho-active et \u00e0 la dangerosit\u00e9\u00a0 du produit.       Aussi pensait on qu&rsquo;il suffisait\u00a0 d&rsquo;\u00e9liminer ou de r\u00e9glementer l&rsquo;usage de       ces produits ou de l&rsquo;interdire\u00a0 pour d\u00e9barrasser tant les individus que la       soci\u00e9t\u00e9 de ce fl\u00e9au.<\/div>\n<div align=\"justify\">             Aujourd&rsquo;hui on sait que ces mesures n&rsquo;agissent\u00a0 que sur\u00a0 la partie       apparente de l&rsquo;Iceberg<\/div>\n<div align=\"justify\">             En effet\u00a0 le d\u00e9veloppement de la\u00a0 toxicomanie est la cons\u00e9quence de la       rencontre de trois facteurs: une personne- avec sa personnalit\u00e9, ses       vuln\u00e9rabilit\u00e9s, ses pathologies et son h\u00e9r\u00e9dit\u00e9, le produit &#8211; et       l&rsquo;environnement.<\/div>\n<div align=\"justify\">             Parmi les facteurs de vuln\u00e9rabilit\u00e9 psychique, les troubles de       l&rsquo;affirmation de soi sont les plus fr\u00e9quents. Ces troubles t\u00e9moignent de       difficult\u00e9s du d\u00e9veloppement affectifs qui prennent leur racine d\u00e8s       l&rsquo;enfance, et se manifestant particuli\u00e8rement au moment de l&rsquo;adolescence.       Dans d&rsquo;autres cas il existe une pathologie psychiatrique &#8211; troubles       anxieux ou d\u00e9pressifs, psychoses- \u00e0 l&rsquo;origine de la consommation de       drogues, qui a alors valeur d&rsquo;autom\u00e9dication.<\/div>\n<div align=\"justify\">             L&rsquo;exp\u00e9rience est d\u00e9terminante dans\u00a0 l&rsquo;entr\u00e9e dans la toxicomanie : ainsi       le souvenir des premi\u00e8res exp\u00e9riences de rencontre avec la drogue jouent       un\u00a0 r\u00f4le important dans le circuit de la d\u00e9pendance. Pour certains jeunes       la curiosit\u00e9, la recherche d&rsquo;exp\u00e9riences et de sensations nouvelles       peuvent \u00eatre le facteur d\u00e9clenchant l&rsquo;entr\u00e9e dans l&rsquo;usage puis la       d\u00e9pendance aux drogues.<\/div>\n<div align=\"justify\">             La consommation et le choix des drogues d\u00e9pend \u00e9galement du milieu et de       la culture environnante .ex : pour l&rsquo;alcool et le tabac qui sont les       produits les plus graves pour la sant\u00e9, leur usage est\u00a0 banal pour       certains, interdit ou tabou pour d&rsquo;autres&#8230;..Ces produits ont par       ailleurs des vertus th\u00e9rapeutiques reconnues&#8230;actuellement les recherches       montrent l&rsquo;efficacit\u00e9 du cannabis dans le traitement de pathologies       neurologiques graves telles que la maladie d&rsquo;Altzeimer &#8230;              Donc l&rsquo;approche de la\u00a0 toxicomanie est complexe; les recherches       scientifiques r\u00e9centes ont permis de montrer les bases neurobiologies\u00a0 qui       accompagnent cette pathologie\u00a0 et qui l&rsquo;inscrivent dans le circuit       c\u00e9r\u00e9bral du plaisir. ; et sa pathologie t\u00e9moignent d&rsquo;une perte de contr\u00f4le       des comportements li\u00e9s \u00e0 la recherche du plaisir ou de la satisfaction &#8230;<\/div>\n<div align=\"justify\"> <strong>. Quels sont les dangers qu&rsquo;encourent les toxicomanes ?<\/strong><\/div>\n<div align=\"justify\">             &#8211; La toxicomanie a de nombreuses r\u00e9percussions r\u00e9versibles ou non.\u00a0       L&rsquo;usage de drogues m\u00eame s&rsquo;il ne donne pas toujours une d\u00e9pendance n&rsquo;est       pas sans cons\u00e9quences. Le danger de perte de contr\u00f4le du comportement est       toujours pr\u00e9sent. Cela peut entra\u00eener des probl\u00e8mes de sant\u00e9 tant sur le       plan physique que psychique , ainsi que des accidents- intoxications       aigu\u00ebs ou overdoses ; nous insisteront particuli\u00e8rement sur certains       risques qu&rsquo;il est important de songer \u00e0 pr\u00e9venir tels que les accidents de       la voie publique sous l&rsquo;effet des drogues . par ailleurs En dehors des       complications aigu\u00ebs, et des complications psychiatriques, le danger\u00a0       majeur c&rsquo;est le risque de contamination par les virus du SIDA et\/ou de       l&rsquo;H\u00e9patite, deux fl\u00e9aux qui menacent qu&rsquo;il faut pr\u00e9venir en priorit\u00e9. En       effet\u00a0 le risque de transmission est double: celle ci peut se produire       soit par voie sanguine (\u00e0 l&rsquo;occasion du\u00a0 partage des seringues) soit par       voie sexuelle (quand on est consomme de la drogue on ne pense pas       forc\u00e9ment \u00e0 se prot\u00e9ger &#8230; Compte tenu des r\u00e9percussions de ces risques,       la toxicomanie repr\u00e9sente un probl\u00e8me de sant\u00e9 publique pour lequel le       d\u00e9veloppement d&rsquo;une strat\u00e9gie nationale favorable \u00e0 la pr\u00e9vention est une       priorit\u00e9. Dans cette strat\u00e9gie, l&rsquo;acc\u00e8s \u00e0 une information de qualit\u00e9       disponible pour tous et le d\u00e9veloppement des moyens n\u00e9cessaires aux soins       est essentiel. Ils ont pour objectif de\u00a0 permettre \u00e0 tous ceux qui se sont       trouv\u00e9s pris par le pi\u00e8ge de la drogue ou qui risquent de l&rsquo;\u00eatre, de       trouver\u00a0 de l&rsquo;aide et de pouvoir acc\u00e9der \u00e0 des programmes de soins et de       pr\u00e9ventions adapt\u00e9s\u00a0 le plus t\u00f4t possible&#8230;pour pr\u00e9venir les cons\u00e9quences       aussi bien pour l&rsquo;individu lui m\u00eame que pour la soci\u00e9t\u00e9.              <strong>. Comment soigner ces toxicomanes ?<\/strong>              \u00a0&#8211; Nous savons que les facteurs et les cons\u00e9quences de l&rsquo;usage de drogues       sont multiples. Si on veut traiter la\u00a0 toxicomanie, il faudrait prendre en       consid\u00e9ration tous les facteurs favorisants. Beaucoup de gens estiment       qu&rsquo;on ne peut pas traiter un toxicomane. C&rsquo;est faux. Une approche       pluridisciplinaire est n\u00e9cessaire. La th\u00e9rapie exige un travail d&rsquo;\u00e9quipe.       Les cures de d\u00e9sintoxication ne sont ni la partie la plus difficile ni la       plus importante du traitement. Le plus important c&rsquo;est ce qui se passe       avant et le suivi apr\u00e8s le sevrage.\u00a0 Il y a tout d&rsquo;abord la pr\u00e9paration       psychologique et sociale du sevrage. Les modalit\u00e9s du sevrage (avec ou       sans hospitalisation par exemple..) d\u00e9pendent de la gravit\u00e9 de la       d\u00e9pendance, du produit consomm\u00e9, de la fr\u00e9quence d&rsquo;utilisation, des motifs,       de l&rsquo;environnement&#8230; Ce sevrage m\u00e9dical est court. Il dure\u00a0 quelques       jours et ne d\u00e9passe pas un mois. Il a pour but d&rsquo;aider le patient en       traitant les manifestations somatiques li\u00e9es au manque.\u00a0 Dans le m\u00eame       temps, il permet de rechercher et traiter les complications li\u00e9es au       produit utilis\u00e9\u00a0 ainsi que les sympt\u00f4mes psychiques r\u00e9v\u00e9l\u00e9s par le sevrage.       Ainsi un bilan complet &#8211; somatique et psychique- est n\u00e9cessaire, afin de       traiter toutes les infections, les vuln\u00e9rabilit\u00e9s psychiques\u00a0 et\u00a0 les       pathologies somatiques ou psychiatriques et pr\u00e9parer une\u00a0 prise en charge       adapt\u00e9e. Bref, il faut agir sur tous les facteurs et mettre une strat\u00e9gie       efficace en fonction de chaque patient et de chaque situation.<\/div>\n<div align=\"justify\">             Propos recueillis par K. B.       <strong><font>(Source : \u00ab Le Temps \u00bb (Quotidien \u2013 Tunis),       le 7 mai 2007)<\/font><\/strong> \u00a0<\/div>\n<div align=\"justify\">\n<hr\/><\/div>\n<div align=\"center\"> <strong>Prochaines \u00e9lections du B\u00e2tonnier et du Conseil de l&rsquo;Ordre des       Avocats<\/strong> <strong><\/p>\n<p><font size=\"3\">M. Bady Jrad : \u00ab\u00a0Je refuse que       l&rsquo;avocat et notamment le B\u00e2tonnier soient manipul\u00e9s par les partis       politiques\u00a0\u00bb<\/font><\/p>\n<p><\/strong><\/div>\n<div align=\"justify\">             La campagne \u00e9lectorale pour le B\u00e2tonnier, les membres du Conseil de       l&rsquo;Ordre, les pr\u00e9sidents des sections du conseil et les membres des       sections bat son plein et \u00e0 un mois et demi environ de ces \u00e9lections,       l&rsquo;effervescence est \u00e0 son apog\u00e9e.              D\u00e9j\u00e0 onze candidatures pour l&rsquo;\u00e9lection du B\u00e2tonnier ont \u00e9t\u00e9 annonc\u00e9es en       attendant d&rsquo;autres. A cette occasion nous entamons une s\u00e9rie d&rsquo;interviews       des candidats aux diff\u00e9rentes structures de la profession. Nous commen\u00e7ons       par Me Bady Jrad qui est pratiquement le premier \u00e0 avoir publiquement       annonc\u00e9 sa candidature pour l&rsquo;\u00e9lection du B\u00e2tonnier.              Me Jrad est \u00e2g\u00e9 de 54 ans. Originaire de Gab\u00e8s, il a fait ses \u00e9tudes de       droit \u00e0 la facult\u00e9 de droit de Tunis et \u00e0 la facult\u00e9 de droit de Ben       Aknoun d&rsquo;Alger.              En 2004, il s&rsquo;est pr\u00e9sent\u00e9 \u00e0 cette \u00e9lection, mais a obtenu peu de voix.       Interview.              <strong>Le Temps : Quelles sont les raisons qui vous poussent \u00e0 vous       repr\u00e9senter \u00e0 l&rsquo;\u00e9lection du B\u00e2tonnier, une deuxi\u00e8me fois, alors que la       premi\u00e8re fois en 2004 vous n&rsquo;avez obtenu que 39 voix ?<\/strong>              Me Bady Jrad : Parce que j&rsquo;\u00e9tais choqu\u00e9 du r\u00e9sultat que j&rsquo;avais obtenu en       2004. On n&rsquo;a pas vot\u00e9 pour moi parce que personne, \u00e0 l&rsquo;occasion de cette       \u00e9lection n&rsquo;a cru que j&rsquo;\u00e9tais ind\u00e9pendant. On m&rsquo;a accus\u00e9 d&rsquo;\u00eatre proche de       la cellule du RCD, alors que ce n&rsquo;est pas vrai. Je suis ind\u00e9pendant de       tous les partis politiques. Je refuse que l&rsquo;avocat et notamment le       B\u00e2tonnier soit manipul\u00e9 par des partis politiques. C&rsquo;est pourquoi j&rsquo;ai       inaugur\u00e9 ma campagne \u00e9lectorale par l&rsquo;institution du forum de l&rsquo;avocat.              <strong>\u2022 C&rsquo;est quoi ce forum ?       <\/strong>       C&rsquo;est un espace de d\u00e9bats et de r\u00e9flexion sur plusieurs th\u00e8mes, dont       notamment\u00a0 l&rsquo;avocat et la politique, la couverture sociale, l&rsquo;avocat       stagiaire, le courtage etc&#8230; Le forum se tient tous les mercredis jusqu&rsquo;\u00e0       l&rsquo;\u00e9lection. Pour ce mercredi, j&rsquo;ai invit\u00e9 tous les candidats \u00e0 venir       d\u00e9battre et pr\u00e9senter leurs programmes. J&rsquo;ai institu\u00e9 ce forum pour       contrecarrer les man\u0153uvres des machines \u00e9lectorales qui cherchent       uniquement \u00e0 d\u00e9nigrer et \u00e0 dresser les avocats les uns contre les autres.       Alors que l&rsquo;avocat ne cherche qu&rsquo;\u00e0 d\u00e9fendre la libert\u00e9 et les droits de       l&rsquo;Homme.              <strong>\u2022 Quels sont vos motivations en tant que candidat ?<\/strong>              J&rsquo;ai une vision globale du barreau apr\u00e8s une carri\u00e8re de pr\u00e8s de 20 ans.       Je suis un vrai professionnel et je suis pour la r\u00e9conciliation de la       famille des avocats et je me consid\u00e8re un bon rassembleur et un vrai       m\u00e9diateur.              <strong>\u2022 Vous parlez de la situation actuelle de la profession ?<\/strong>              On vit une v\u00e9ritable crise de confiance notamment entre les structures       \u00e9lues et la base. Il y a un disfonctionnement et une mauvaise gestion de       la crise que traverse la profession.              <strong>\u2022 Qui en est responsable ?<\/strong>              C&rsquo;est une responsabilit\u00e9 partag\u00e9e entre le B\u00e2tonnier, le Conseil de       l&rsquo;Ordre et les repr\u00e9sentants des pouvoirs publics. La voix de l&rsquo;avocat de       la base n&rsquo;est pas entendue pour diverses raisons.              <strong>\u2022 Lesquelles ?<\/strong>              Entre autres le dialogue de sourds qui s&rsquo;est instaur\u00e9 entre le B\u00e2tonnier       et le minist\u00e8re de la Justice et qui a l\u00e9s\u00e9 les int\u00e9r\u00eats de la profession.              <strong>\u2022 Quelles sont vos propositions pour rem\u00e9dier \u00e0 la situation de la       profession ?<\/strong>              je propose un amendement de toutes les lois qui excluent la pr\u00e9sence de       l&rsquo;avocat, notamment l&rsquo;amendement de la loi 46 et celle de 2003. Il faut la       cons\u00e9cration du principe de la pr\u00e9sence de l&rsquo;avocat dans toutes les       affaires. Si on instaure la g\u00e9n\u00e9ralisation de la pr\u00e9sence de l&rsquo;avocat, sa       situation mat\u00e9rielle va s&rsquo;am\u00e9liorer et le probl\u00e8me, par exemple, de la       couverture sociale ne se posera plus et on pourra revenir \u00e0 l&rsquo;ancienne       formule de convention avec une soci\u00e9t\u00e9 d&rsquo;assurance &#8211; maladie.              <strong>\u2022 Etes-vous pour un seul mandat du B\u00e2tonnier ?<\/strong>              Absolument car je suis pour l&rsquo;alternance pour un sang nouveau et pour une       nouvelle g\u00e9n\u00e9ration de dirigeants de toutes les structures.              Moi, je suis de la g\u00e9n\u00e9ration, qui est \u00e0 cheval entre l&rsquo;ancienne et la       nouvelle.              <strong>\u2022 Pensez-vous que la candidature de l&rsquo;ancien B\u00e2tonnier M. Mansour       Cheffi va brouiller les cartes ?       <\/strong>       J&rsquo;ai conseill\u00e9 \u00e0 M. Cheffi de ne pas se pr\u00e9senter, vu que les conditions       actuelles ne sont pas les m\u00eames que lors des pr\u00e9c\u00e9dents mandats.              Interview r\u00e9alis\u00e9e par       N\u00e9jib SASSI              <strong><font>(Source : \u00ab Le Temps \u00bb (Quotidien \u2013 Tunis),       le 7 mai 2007) <\/font><\/strong> <\/div>\n<\/p><\/div>\n<p> <\/font><\/p>\n<p><\/span><\/span><\/font><\/p>\n<\/div>\n<hr\/>\n<p align=\"center\"><b><a href=\"https:\/\/tunisnews.net\/ar\/\"><font face=\"Arabic Transparent\"><span><font>Home<\/font><\/span><font><span lang=\"FR-CH\"> &#8211; Accueil <\/span><span>&#8211; <\/span><\/font><\/font><span dir=\"rtl\" lang=\"AR-SA\"><font>\u0627\u0644\u0631\u0626\u064a\u0633\u064a\u0629<\/font><\/span><\/a><\/b><\/p>\n<p><\/body><\/body><\/html><\/p>","protected":false},"excerpt":{"rendered":"<p>Home &#8211; Accueil &#8211; \u0627\u0644\u0631\u0626\u064a\u0633\u064a\u0629 TUNISNEWS 8\u00a0\u00e8me\u00a0ann\u00e9e, N\u00b0\u00a02540 du 07.05.2007 \u00a0archives : www.tunisnews.net Info Tunisie: Le Pr\u00e9sident Ben Ali f\u00e9licite M. Nicolas Sarkozy \u00e9lu, Pr\u00e9sident de la R\u00e9publique fran\u00e7aise Omar Khayyam: Bienvenue \u00e0 Benarkozy: Ben Ali promet du K\u00e4rcher pour Sarkozy R\u00e9alit\u00e9s: Souhayr Belhassen, nouvelle Pr\u00e9sidente de la F\u00e9d\u00e9ration Internationale des Droits de l&rsquo;Homme : [&hellip;]<\/p>\n","protected":false},"author":1,"featured_media":22040,"comment_status":"open","ping_status":"open","sticky":false,"template":"","format":"standard","meta":{"inline_featured_image":false,"site-sidebar-layout":"default","site-content-layout":"","ast-site-content-layout":"default","site-content-style":"default","site-sidebar-style":"default","ast-global-header-display":"","ast-banner-title-visibility":"","ast-main-header-display":"","ast-hfb-above-header-display":"","ast-hfb-below-header-display":"","ast-hfb-mobile-header-display":"","site-post-title":"","ast-breadcrumbs-content":"","ast-featured-img":"","footer-sml-layout":"","ast-disable-related-posts":"","theme-transparent-header-meta":"","adv-header-id-meta":"","stick-header-meta":"","header-above-stick-meta":"","header-main-stick-meta":"","header-below-stick-meta":"","astra-migrate-meta-layouts":"default","ast-page-background-enabled":"default","ast-page-background-meta":{"desktop":{"background-color":"","background-image":"","background-repeat":"repeat","background-position":"center center","background-size":"auto","background-attachment":"scroll","background-type":"","background-media":"","overlay-type":"","overlay-color":"","overlay-opacity":"","overlay-gradient":""},"tablet":{"background-color":"","background-image":"","background-repeat":"repeat","background-position":"center center","background-size":"auto","background-attachment":"scroll","background-type":"","background-media":"","overlay-type":"","overlay-color":"","overlay-opacity":"","overlay-gradient":""},"mobile":{"background-color":"","background-image":"","background-repeat":"repeat","background-position":"center center","background-size":"auto","background-attachment":"scroll","background-type":"","background-media":"","overlay-type":"","overlay-color":"","overlay-opacity":"","overlay-gradient":""}},"ast-content-background-meta":{"desktop":{"background-color":"var(--ast-global-color-5)","background-image":"","background-repeat":"repeat","background-position":"center center","background-size":"auto","background-attachment":"scroll","background-type":"","background-media":"","overlay-type":"","overlay-color":"","overlay-opacity":"","overlay-gradient":""},"tablet":{"background-color":"var(--ast-global-color-5)","background-image":"","background-repeat":"repeat","background-position":"center center","background-size":"auto","background-attachment":"scroll","background-type":"","background-media":"","overlay-type":"","overlay-color":"","overlay-opacity":"","overlay-gradient":""},"mobile":{"background-color":"var(--ast-global-color-5)","background-image":"","background-repeat":"repeat","background-position":"center center","background-size":"auto","background-attachment":"scroll","background-type":"","background-media":"","overlay-type":"","overlay-color":"","overlay-opacity":"","overlay-gradient":""}},"footnotes":""},"categories":[],"tags":[57,38,29],"class_list":["post-19169","post","type-post","status-publish","format-standard","has-post-thumbnail","hentry","tag-57","tag-38","tag-fr"],"_links":{"self":[{"href":"https:\/\/tunisnews.net\/ar\/wp-json\/wp\/v2\/posts\/19169","targetHints":{"allow":["GET"]}}],"collection":[{"href":"https:\/\/tunisnews.net\/ar\/wp-json\/wp\/v2\/posts"}],"about":[{"href":"https:\/\/tunisnews.net\/ar\/wp-json\/wp\/v2\/types\/post"}],"author":[{"embeddable":true,"href":"https:\/\/tunisnews.net\/ar\/wp-json\/wp\/v2\/users\/1"}],"replies":[{"embeddable":true,"href":"https:\/\/tunisnews.net\/ar\/wp-json\/wp\/v2\/comments?post=19169"}],"version-history":[{"count":0,"href":"https:\/\/tunisnews.net\/ar\/wp-json\/wp\/v2\/posts\/19169\/revisions"}],"wp:featuredmedia":[{"embeddable":true,"href":"https:\/\/tunisnews.net\/ar\/wp-json\/wp\/v2\/media\/22040"}],"wp:attachment":[{"href":"https:\/\/tunisnews.net\/ar\/wp-json\/wp\/v2\/media?parent=19169"}],"wp:term":[{"taxonomy":"category","embeddable":true,"href":"https:\/\/tunisnews.net\/ar\/wp-json\/wp\/v2\/categories?post=19169"},{"taxonomy":"post_tag","embeddable":true,"href":"https:\/\/tunisnews.net\/ar\/wp-json\/wp\/v2\/tags?post=19169"}],"curies":[{"name":"wp","href":"https:\/\/api.w.org\/{rel}","templated":true}]}}