{"id":19106,"date":"2009-08-04T00:00:00","date_gmt":"2009-08-04T00:00:00","guid":{"rendered":"https:\/\/tunisnews.net\/4-aout-2009\/"},"modified":"2009-08-04T00:00:00","modified_gmt":"2009-08-04T00:00:00","slug":"4-aout-2009","status":"publish","type":"post","link":"https:\/\/tunisnews.net\/ar\/4-aout-2009\/","title":{"rendered":"4 ao\u00fbt 2009"},"content":{"rendered":"<p><html><head><meta content=\"text\/html\" description=\"Reporters sans fronti\u00e8res exprime son soulagement suite \u00e0 la d\u00e9cision des autorit\u00e9s tunisiennes de lever, le 2 ao\u00fbt 2009, le contr\u00f4le administratif qui p\u00e8se sur le journaliste Abdallah Zouari depuis 2002. Cette d\u00e9cision, pr\u00e9matur\u00e9ment annonc\u00e9e le 31 juillet dernier par certaines sources, est intervenue trois jours seulement avant le terme officiel de sa peine, fix\u00e9 au 5 ao\u00fbt. Elle met fin \u00e0 sept ann\u00e9es de r\u00e9sidence surveill\u00e9e et \u00e0 dix-huit ann\u00e9es d\u2019acharnement judiciaire et policier \u00e0 l\u2019encontre de cet ancien journaliste.\" http-equiv=\"Content-Type\"\/><\/head><body><body><\/p>\n<p align=\"center\" dir=\"ltr\"><font face=\"Arial\" size=\"2\"><b><a href=\"http:\/\/www.tunisnews.net\/\"><span>Home<\/span><span lang=\"FR-CH\"> &#8211; Accuei<\/span><\/a><span lang=\"FR-CH\">l<\/span><\/b><\/font><\/p>\n<div>\n<div>\n<div><font face=\"Arial\" size=\"2\"><\/p>\n<div align=\"justify\">\n<div><font size=\"2\"><\/p>\n<div align=\"justify\">\n<div>\n<div onclick=\"return Control.invoke('ReadingPane', '_onBodyClick', event);\">\n<div>\n<div>\n<div>\n<div>\n<div>\n<div><font face=\"Arial\" size=\"2\"><\/p>\n<div>\n<div align=\"justify\">\n<div>\n<div onclick=\"return Control.invoke('ReadingPane', '_onBodyClick', event);\">\n<div><font face=\"Arial\" size=\"2\"><\/p>\n<div align=\"justify\">\n<div align=\"justify\">.<\/p>\n<div>\u00a0<meta content=\"Microsoft SafeHTML\"\/><\/p>\n<style>.ExternalClass .EC_hmmessage P{padding:0px;}.ExternalClass body.EC_hmmessage{font-size:10pt;font-family:Verdana;}<\/style>\n<div>\n<div><font face=\"Arial\"><\/p>\n<div>\n<div>\n<div><\/div>\n<div align=\"center\"><font size=\"7\"><strong>TUNISNEWS <\/strong><\/font><\/div>\n<div align=\"center\" dir=\"ltr\"><font><\/p>\n<div><strong>9\u00a0\u00e8me ann\u00e9e, <span lang=\"FR\">N\u00b0\u00a03360 du 04.08.2009<\/span><\/strong><\/div>\n<p><\/font><\/div>\n<div align=\"center\"><span><font><strong><font>\u00a0archives<\/font> : <\/strong><\/font><a target=\"_blank\" rel=\"noopener\"><font><strong>www.tunisnews.net<\/strong><\/font><\/a><\/span><font>\u00a0<\/font>\u00a0 <\/div>\n<p><font><\/p>\n<div>\n<hr\/>\n<\/div>\n<div><strong><\/p>\n<h2 style=\"color: red;\"><font>Reporters sans fronti\u00e8res: Abdallah Zouari, la fin d\u2019un calvaire ?<\/font><\/h2>\n<p><\/strong><\/div>\n<div><strong><font>Reporters Without Borders: Tunisia &#8211; \u00a0Is journalist\u2019s 18-year ordeal really about to end?<\/font><\/strong><\/div>\n<p><\/font><\/p>\n<\/div>\n<div><strong><\/p>\n<h2 style=\"color: red;\"><font>FTCR: Ta\u00efeb BEN OTHMAN en gr\u00e8ve de la faim depuis deux semaines<\/font><\/h2>\n<p><\/strong><\/div>\n<div><strong><font>Essabil On Line: Les forces am\u00e9ricaines d\u2019occupation remettent aux forces irakiennes Tarek Herzi, prisonnier tunisien en Irak<\/font><\/strong><\/div>\n<div><strong><\/p>\n<h2 style=\"color: red;\"><font>Kalima: Students arrested in Bizerta<\/font><\/h2>\n<p><\/strong><\/div>\n<div><strong><\/p>\n<h2 style=\"color: red;\"><font><font>Kalima: Sfax: Political police interrogate RadioKalima correspondent<\/font> <\/font><\/h2>\n<p><\/strong><\/div>\n<div><strong><\/p>\n<h2 style=\"color: red;\"><font>AFP: Tunisie: neuf nouveaux cas de grippe porcine d\u00e9tect\u00e9s sur des voyageurs<\/font><\/h2>\n<p><\/strong><\/div>\n<div><strong><font>Jeune Afrique: Lancement diff\u00e9r\u00e9 de Zitouna Bank<\/font><\/strong><\/div>\n<div><strong><\/p>\n<h2 style=\"color: red;\"><font>AFP: Maroc: interdiction du journal Le Monde pour avoir publi\u00e9 un sondage sur Mohammed VI<\/font><\/h2>\n<p><\/strong><\/div>\n<div><strong><font>20minutes.fr: Censure au Maroc: Pierre Vermeren \u00abLe palais ne s&rsquo;attendait pas \u00e0 ce que l&rsquo;affaire face les gros titres\u00bb<\/font><\/strong><\/div>\n<div><strong><\/p>\n<h2 style=\"color: red;\"><font>AFP: Le Fatah, parti palestinien historique, tient son premier congr\u00e8s en 20 ans<\/font><\/h2>\n<p><\/strong><\/div>\n<div><strong><font>Reuters: Islamisation rampante \u00e0 Gaza apr\u00e8s deux ans de Hamas<\/font><\/strong><\/div>\n<div><strong><\/p>\n<h2 style=\"color: red;\"><font>AP: Hijab: le No2 d&rsquo;Al-Qa\u00efda renouvelle sa menace sur la France<\/font><\/h2>\n<p><\/strong><\/div>\n<div><strong><\/p>\n<h2 style=\"color: red;\"><font><font>AFP: Des conservateurs saluent la \u00ab\u00a0l\u00e9gitimit\u00e9 divine\u00a0\u00bb du pr\u00e9sident Ahmadinejad<\/font> <\/font><\/h2>\n<p><\/strong><\/div>\n<div><strong><\/p>\n<h2 style=\"color: red;\"><font>Press TV: French sources: No change in Iran ties<\/font><\/h2>\n<p><\/strong><\/div>\n<div><strong><font>Xinhua: New NATO chief outlines policy priorities<\/font><\/strong><\/div>\n<div>\n<hr\/>\n<\/div>\n<p> \u00a0<\/p><\/div>\n<p><\/font><\/div>\n<p><font face=\"Arial\"><\/p>\n<div align=\"justify\"><font face=\"Arial\" size=\"2\"><\/p>\n<div align=\"center\"><font face=\"Arial\"><strong>Reporters sans fronti\u00e8res<\/strong><\/font> <font face=\"Arial\"><font size=\"2\"><\/p>\n<h3 style=\"color: blue;\"><font size=\"3\"><strong>Abdallah Zouari, la fin d\u2019un calvaire ?<\/strong><\/font><\/h3>\n<p>\u00a0<\/font><\/font><\/div>\n<div align=\"justify\">\u00a0<\/div>\n<div align=\"justify\"><font size=\"2\">Publi\u00e9 le 4 ao\u00fbt 2009 Reporters sans fronti\u00e8res exprime son soulagement suite \u00e0 la d\u00e9cision des autorit\u00e9s tunisiennes de lever, le 2 ao\u00fbt 2009, le contr\u00f4le administratif qui p\u00e8se sur le journaliste Abdallah Zouari depuis 2002. Cette d\u00e9cision, pr\u00e9matur\u00e9ment annonc\u00e9e le 31 juillet dernier par certaines sources, est intervenue trois jours seulement avant le terme officiel de sa peine, fix\u00e9 au 5 ao\u00fbt. Elle met fin \u00e0 sept ann\u00e9es de r\u00e9sidence surveill\u00e9e et \u00e0 dix-huit ann\u00e9es d\u2019acharnement judiciaire et policier \u00e0 l\u2019encontre de cet ancien journaliste. \u00ab Cette d\u00e9cision est un pas important pour Abdallah Zouari, qui a fait l\u2019objet d\u2019un v\u00e9ritable acharnement judiciaire, ininterrompu depuis 1991. Nous esp\u00e9rons qu\u2019il pourra enfin se d\u00e9placer librement dans le pays, qu\u2019il pourra choisir son lieu de r\u00e9sidence et reprendre ses activit\u00e9s jounalistiques, sans entrave ni contr\u00f4le de la part des autorit\u00e9s. Mais les rebondissements observ\u00e9s dans le pass\u00e9 nous ont appris \u00e0 nous m\u00e9fier. L\u2019organisation reste par cons\u00e9quent tr\u00e8s attentive \u00e0 ce que la libert\u00e9 d\u2019Abdallah Zouari soit r\u00e9elle, et qu\u2019elle ne soit pas que des paroles en l\u2019air \u00bb, a d\u00e9clar\u00e9 l\u2019organisation. Le 12 avril 1991, Abdallah Zouari, ancien collaborateur de l\u2019hebdomadaire Al Fajr, organe du parti islamiste Ennahad, a \u00e9t\u00e9 condamn\u00e9 \u00e0 onze ans de prison pour \u201cappartenance \u00e0 une organisation ill\u00e9gale\u201c, \u00e0 l\u2019issue d\u2019un proc\u00e8s intent\u00e9 contre les dirigeants du parti, interdit en Tunisie depuis. A sa lib\u00e9ration, le 6 juin 2002, les autorit\u00e9s tunisiennes ont d\u00e9cid\u00e9 d\u2019imposer au journaliste un contr\u00f4le administratif pour une dur\u00e9e de cinq ans. A compter de cette date, alors m\u00eame que le journaliste avait purg\u00e9 sa peine de prison, le syst\u00e8me r\u00e9pressif tunisien n\u2019a eu de cesse de s\u2019acharner contre lui, multipliant les incarc\u00e9rations, les menaces et les intimidations \u00e0 son encontre et \u00e0 l\u2019\u00e9gard de membres de sa famille. Depuis, plusieurs agents de la police le suivent dans tous ses d\u00e9placements et surveillent son domicile de Zarzis (400km au sud-est de Tunis), o\u00f9 il a \u00e9t\u00e9 contraint \u00e0 l\u2019exil en 2004. Ainsi, le 4 septembre 2002, Abdallah Zouari a \u00e9t\u00e9 condamn\u00e9 \u00e0 huit mois de prison \u00e0 l\u2019issue d\u2019un proc\u00e8s auquel ni ses amis ni sa famille n\u2019ont pu assister. Le 18 juillet 2003, le tribunal de Zarzis l\u2019a condamn\u00e9 \u00e0 quatre mois de prison ferme pour \u201cdiffamation\u201c dans un proc\u00e8s mont\u00e9 de toutes pi\u00e8ces. Le 29 ao\u00fbt de la m\u00eame ann\u00e9e, ce m\u00eame tribunal l\u2019a condamn\u00e9 \u00e0 neuf mois de prison ferme pour \u201crefus d\u2019obtemp\u00e9rer \u00e0 une d\u00e9cision de contr\u00f4le administratif\u201c. En octobre 2003, il est \u00e0 nouveau condamn\u00e9 \u00e0 13 mois de prison pour \u201cnon-respect de la surveillance administrative\u201c. Toutes ces peines sont cumulatives. Par ailleurs, sa famille a \u00e9t\u00e9 interdite \u00e0 plusieurs reprises de lui rendre visite \u00e0 Zarzis. Pour d\u00e9noncer cette machine r\u00e9pressive, Abdallah Zouari a entam\u00e9 plusieurs gr\u00e8ves de la faim. Alors que son contr\u00f4le administratif devait officiellement prendre fin en juin 2007, les autorit\u00e9s tunisiennes l\u2019ont inform\u00e9 oralement de la prolongation de cette surveillance pour une dur\u00e9e de vingt-six mois. Le terme de ce calvaire \u00e9tait fix\u00e9 au 5 ao\u00fbt 2009. Mais d\u00e8s le 2 ao\u00fbt, les autorit\u00e9s ont officiellement annonc\u00e9 la lev\u00e9e du contr\u00f4le. \u00ab Depuis le 2 ao\u00fbt, les policiers ont disparu des alentours de mon domicile, a d\u00e9clar\u00e9 Abdallah Zouari \u00e0 Reporters sans fronti\u00e8res. Aucune autorit\u00e9 ne m\u2019a contact\u00e9 pour me confirmer la lev\u00e9e de la r\u00e9sidence surveill\u00e9e. Le 31 ao\u00fbt, j\u2019ai essay\u00e9, en vain, de contacter le ministre de la Justice et celui de l\u2019Int\u00e9rieur pour avoir des explications au sujet de l\u2019annonce faite dans certains m\u00e9dias. Depuis le 2 ao\u00fbt, je peux circuler dans le sud du pays, sans surveillance. Je suis heureux de pouvoir enfin me reposer aupr\u00e8s de ma famille \u00e0 Zarzis. J\u2019esp\u00e8re pouvoir me d\u00e9placer dans tout le pays, notamment \u00e0 Tunis, o\u00f9 je compte me rendre d\u00e8s le 8 ao\u00fbt. J\u2019esp\u00e8re que je pourrai y aller sans me faire une nouvelle fois arr\u00eater \u00bb.<\/font><\/div>\n<div align=\"justify\">\n<hr\/>\n<\/div>\n<div align=\"justify\">\n<div align=\"center\"><font face=\"Arial\" size=\"2\"><strong>Reporters Without Borders<\/strong><\/font><\/div>\n<div align=\"center\"><font face=\"Arial\" size=\"2\"><strong><\/p>\n<h3 style=\"color: blue;\"><font size=\"3\">TUNISIA Is journalist\u2019s 18-year ordeal really about to end?<\/font><\/h3>\n<p><\/strong><\/font><\/div>\n<div align=\"center\">\u00a0<\/div>\n<div align=\"justify\">Reporters Without Borders is relieved to learn that the Tunisian authorities lifted their supervision of journalist Abdallah Zouari on 2 August, ending seven years of house arrest and a total of 18 years of police and judicial persecution. The police surveillance was lifted three days before it was officially due to end tomorrow. Several local newspapers had prematurely reported this on 31 July. \u00a0 \u201cThis is an important step for Zouari, who had been hounded without interruption since 1991,\u201d Reporters Without Borders said. \u201cWe hope he will finally be free to move about the country, choose where to live and resume working as a journalist, without control or obstruction by the authorities. But past developments have taught us to be wary and we will be watching to see whether the authorities keep their word and whether Zouari really is free.\u201d \u00a0 The onetime editor of Al Fajr, a weekly newspaper that was the mouthpiece of the Islamist party Ennahad, Zouari was charged with membership of an illegal organisation and was given an 11-year jail sentence on 12 April 1991, at the end of a trial of Ennahad leaders. The party has since been banned in Tunisia. \u00a0 When Zouari was freed on 6 June 2002, on completing his sentence, the authorities announced that he would be subject to five years of administrative supervision, which resulted in threats and acts of intimidation against him and his family, further periods in prison and, from 2004 onwards, internal exile in Zarzis (400 km southeast of Tunis), where the police followed all of his movements and kept his home under surveillance. \u00a0 He was given an eight-month jail sentence on 4 September 2002, at the end of a trial which his friends and family were unable to attend. In a carefully-staged trial, a Zarzis court sentenced him to another four months in prison on 18 July 2003 on a defamation charge. The same court sentenced him to a further nine months in prison on 29 August of the same year for \u201crefusing to comply with an administrative control decision.\u201d He got further 13-month sentence in October 2003 for \u201cfailure to respect administrative surveillance.\u201d  \u00a0 All these sentences were cumulative. His family was meanwhile banned several times from visiting him in Zarzis. Zouari staged several hunger strikes in protest against the administrative persecution. The supervision was due to end in June 2007, but the authorities notified him verbally that it would be extended by 26 months, until 5 August 2009. \u00a0 \u201cThe police disappeared from around my house on 2 August,\u201d Zouari told Reporters Without Borders. \u201cNo official contacted me to confirm that my house arrest was being lifted. I tried unsuccessfully to contact the justice ministry and interior ministry for an explanation about the reports in several newspapers that they had already been lifted.\u201d \u00a0 Zouari added: \u201cI have been able to move about in the south of the country without surveillance since 2 August. I am happy to be finally able to relax with my family in Zarzis.\u00a0 I hope to be able to move about the entire country including Tunis, to which I plan to move on 8 August. I hope to be able to go there without being arrested again.\u201d<\/div>\n<\/div>\n<p><\/font><\/div>\n<p><font face=\"Arial\" size=\"2\"><font><strong><\/p>\n<div align=\"center\">\n<hr\/>\n<\/div>\n<div align=\"center\">F\u00e9d\u00e9ration des Tunisiens pour une Citoyennet\u00e9 des deux Rives <font>3, rue de Nantes 75019 Paris\u00a0 &#8211; Tel\/Fax : 01.40.34.18.15 \u2013 ftcr@ftcr.eu \u2013 ww.ftcr.eu  <\/font><strong><font size=\"3\">Tunisie \u2013 Bassin Minier \u2026.. la r\u00e9pression continue !!!<\/font> <\/strong><font face=\"Arial\" size=\"2\"> <strong><\/p>\n<h3 style=\"color: blue;\"><font size=\"3\">Ta\u00efeb BEN OTHMAN<\/font><\/h3>\n<p> <\/strong><font>(Condamn\u00e9 \u00e0 6 ans de prison et d\u00e9tenu \u00e0 la Prison de Sidi Bouzid) <\/font><\/p>\n<h3 style=\"color: blue;\"><font size=\"3\"><strong>en gr\u00e8ve de la faim depuis deux semaines<\/strong><\/font><\/h3>\n<p><\/font><\/div>\n<div align=\"justify\"> <font>Depuis deux semaines, M.Ta\u00efeb BEN OTHMAN, m\u00e8ne une gr\u00e8ve de la faim pour protester contre les mauvais traitements dont il fait l\u2019objet en prison et l\u2019absence de tout acc\u00e8s aux soins. Cette situation est le r\u00e9sultat de l\u2019acharnement des autorit\u00e9s tunisiennes contre les animateurs\u00a0 du mouvement de protestation sociale qu\u2019a connu la r\u00e9gion du bassin minier de Gafsa l\u2019ann\u00e9e derni\u00e8re. L\u2019administration p\u00e9nitentiaire a interdit \u00e0 M. BEN OTHMAN de parler avec les autres d\u00e9tenus et lui a confisqu\u00e9 la photo de son fils et les livres qu\u2019il utilisait pour pr\u00e9parer ses examens de formation continue, ainsi qu\u2019un cahier qui lui servait de journal. Devant l\u2019absence de soins et la d\u00e9gradation de l\u2019\u00e9tat de sant\u00e9 de M. BEN OTHMAN, la F\u00e9d\u00e9ration des Tunisiens pour une Citoyennet\u00e9 des deux Rives (FTCR) :  &#8211;\u00a0\u00a0\u00a0\u00a0\u00a0\u00a0\u00a0\u00a0\u00a0 R\u00e9it\u00e8re sa solidarit\u00e9 avec M. BEN OTHMAN et sa famille. &#8211;\u00a0\u00a0\u00a0\u00a0\u00a0\u00a0\u00a0\u00a0\u00a0 Tient le ministre de la justice et le gouvernement tunisien pour responsables de la d\u00e9t\u00e9rioration de son \u00e9tat de sant\u00e9. &#8211;\u00a0\u00a0\u00a0\u00a0\u00a0\u00a0\u00a0\u00a0\u00a0 Exige la lib\u00e9ration des prisonniers du bassin minier, qui contrairement aux attentes des familles n\u2019ont pas b\u00e9n\u00e9fici\u00e9 d\u2019amnistie \u00e0 l\u2019occasion de la \u00ab F\u00eate de la R\u00e9publique \u00bb, le 25 juillet dernier. &#8211;\u00a0\u00a0\u00a0\u00a0\u00a0\u00a0\u00a0\u00a0\u00a0 Rappelle le caract\u00e8re autoritaire du r\u00e9gime tunisien, qui ne cesse de s\u2019affirmer lors de cette ann\u00e9e \u00e9lectorale, et affirme que les \u00e9lections pr\u00e9sidentielles et l\u00e9gislatives du mois d\u2019octobre prochain n\u2019auront aucun cr\u00e9dit tant que les animateurs du Mouvement Social du Bassin Minier croupissent en prison. &#8211;\u00a0\u00a0\u00a0\u00a0\u00a0\u00a0\u00a0\u00a0\u00a0 Appelle tous les d\u00e9mocrates \u00e0 continuer le combat pour la lib\u00e9ration de tous les\u00a0 prisonniers.  Paris, le 4 ao\u00fbt 2009 Le Bureau F\u00e9d\u00e9ral<\/font><\/div>\n<p><\/strong><\/font><\/p>\n<div align=\"center\"><font face=\"Arial\" size=\"2\"><strong><font><\/p>\n<hr\/>\n<p>Son p\u00e8re craint qu\u2019il ne soit tortur\u00e9 et livr\u00e9 aux autorit\u00e9s tunisiennes<\/font><\/strong> <\/p>\n<p><font size=\"3\"><strong>Les forces am\u00e9ricaines d\u2019occupation remettent aux forces irakiennes Tarek Herzi, prisonnier tunisien en Irak.<\/strong><\/font><\/p>\n<p><\/font><\/div>\n<div> \u00a0Essabil On Line, Tunis \u00a0 Tarek Herzi, prisonnier tunisien en Irak, a contact\u00e9 son p\u00e8re, monsieur Tahar Herzi, samedi 1er ao\u00fbt, pour l\u2019informer que les forces d\u2019occupation am\u00e9ricaines lui avaient fait savoir qu\u2019il ne rel\u00e8vait plus des forces d\u2019occupation \u00e0 la prison Cropper dans la zone verte de Bagdad et qu\u2019il serait remis aux autorit\u00e9s irakiennes qui l\u2019emprisonneraient \u00e0 leur tour dans une prison dont le nom n\u2019est pas encore connu. Le jeune Tarek Ben Tahar El Ouni Herzi, n\u00e9 le 3 mai 1982, a quitt\u00e9 la Tunisie pour l\u2019Irak en 2004 et a \u00e9t\u00e9 fait prisonnier par les forces irakiennes. Il a \u00e9t\u00e9 soumis \u00e0 la torture avant son transfert \u00e0 la prison am\u00e9ricaine Cropper. Son p\u00e8re a dit craindre qu\u2019il ne soit tortur\u00e9 ou livr\u00e9 aux autorit\u00e9s tunisiennes [\u2026] De notre correspondant \u00e0 Tunis, Zouha\u00efer Makhlouf <strong><font>Source : Es Sabil On Line, du 3 ao\u00fbt 2009.<\/font><\/strong> <font>(traduction d\u2019extraits ni revue ni corrig\u00e9e par les auteurs de la version en arabe, LT)<\/font><\/div>\n<div>\n<hr\/>\n<\/div>\n<div>\n<div align=\"center\"><strong><\/p>\n<h3 style=\"color: blue;\"><font size=\"3\">Students arrested in Bizerta<\/font><\/h3>\n<p><\/strong> <\/div>\n<div>\u00a0<\/div>\n<div><font>Submitted by Lotfi on Sunday, August 02 2009  Political police arrested Slim Etterres- a student- and took him to an unknown destination after they had broken his house in Manzel Jmil on Thursday, The International Organization For the Support of Political Prisoners said. The same organization said on Thursday that Rafik Ellafi- another student- is still arrested as police officers broke into his house , seized his computer , and forced him to accompany them. On Thursday morning police summoned the student Marwen Elbachtobji. The International Organization For the Support of Political Prisoners demanded the authority to stop targeting unsuspecting citizens motivated by its unjustified security concerns or on the basis of piousness suspicion and warned that doing harm to these citizens will cause a real terrorism.<\/font> <\/div>\n<div>\u00a0<\/div>\n<div><font><strong>(Source: Le site de \u00ab\u00a0Radio Kalima\u00a0\u00bb le 2 aout 2009)<\/strong><\/font><\/div>\n<div><strong><\/p>\n<hr\/>\n<p><\/strong><\/div>\n<div align=\"center\"><strong><\/p>\n<h3 style=\"color: blue;\"><font size=\"3\">Sfax: Political police interrogate RadioKalima correspondent<\/font><\/h3>\n<p> <\/strong><\/div>\n<div> <font>Submitted by r\u00e9daction on Sunday, August 02 2009  RadioKalima correspondent Moez Elbey said that on Thursday morning political police blocked him and took him to police headquarters. They questioned him over his relationship with RadioKalima and he refused to sign a pledge to stop working in the radio.<\/font><\/div>\n<div><font><\/p>\n<div>\u00a0<\/div>\n<div><font><strong>(Source: Le site de \u00ab\u00a0Radio Kalima\u00a0\u00bb le 2 aout 2009)<\/strong><\/font><\/div>\n<p><\/font><\/div>\n<\/div>\n<p><\/font><\/font><\/p>\n<div>\n<hr\/>\n<\/div>\n<div>\n<div align=\"center\"><strong><\/p>\n<h3 style=\"color: blue;\"><font size=\"3\">Tunisie: neuf nouveaux cas de grippe porcine d\u00e9tect\u00e9s sur des voyageurs<\/font><\/h3>\n<p><\/strong> <\/div>\n<div align=\"justify\">TUNIS &#8211; Neuf cas de grippe porcine A(H1N1) ont \u00e9t\u00e9 diagnostiqu\u00e9s en Tunisie sur des personnes arriv\u00e9es du Canada, d&rsquo;Espagne, de France, de Grande-Bretagne et du Mali, portant \u00e0 19 le nombre de cas recens\u00e9s dans ce pays, a-t-on appris mardi aupr\u00e8s du minist\u00e8re de la Sant\u00e9. Les neuf nouveaux cas concernent des \u00e9trangers et des Tunisiens \u00e2g\u00e9s entre 19 et 52 ans rentr\u00e9s fin juillet et d\u00e9but ao\u00fbt, a indiqu\u00e9 \u00e0 l&rsquo;AFP Mongi Hamrouni, directeur des Soins de sant\u00e9 de base au minist\u00e8re de la Sant\u00e9. \u00ab\u00a0Il s&rsquo;agit de cinq Tunisiens et de quatre \u00e9trangers venant du Canada, d&rsquo;Espagne, de France, de Grande-Bretagne et du Mali\u00a0\u00bb, a-t-il ajout\u00e9 sans pr\u00e9ciser la nationalit\u00e9 des \u00e9trangers. \u00ab\u00a0Tous les nouveaux cas sont sans gravit\u00e9, ils ont \u00e9t\u00e9 soumis \u00e0 un traitement antiviral \u00e0 domicile et se sont compl\u00e8tement r\u00e9tablies\u00a0\u00bb, a ajout\u00e9 le Dr Hamrouni, membre du comit\u00e9 national de veille et de surveillance. Dix cas de grippe A(H1N1) avaient d\u00e9j\u00e0 \u00e9t\u00e9 d\u00e9tect\u00e9s en Tunisie, selon les autorit\u00e9s sanitaires depuis 22 juin. La Tunisie a appliqu\u00e9 un plan anti-grippe porcine d\u00e8s l&rsquo;apparition du virus au Mexique. Les autorit\u00e9s sanitaires ont multipli\u00e9 r\u00e9cemment les consignes de pr\u00e9vention apr\u00e8s avoir suspendu les d\u00e9parts pour le petit p\u00e8lerinage (Omra) \u00e0 la Mecque accompli g\u00e9n\u00e9ralement durant le mois de je\u00fbne du Ramadan (22 ao\u00fbt-19 septembre). Concernant le p\u00e8lerinage du Hajj, rassemblement annuel des musulmans pr\u00e9vu fin novembre, la Tunisie a durci les crit\u00e8res de s\u00e9lection des candidats, limitant notamment l&rsquo;\u00e2ge des p\u00e8lerins \u00e0 65 ans. AFP \/ 04 ao\u00fbt 2009 14h22<\/div>\n<\/div>\n<div>\n<hr\/>\n<\/div>\n<div align=\"center\"><strong><\/p>\n<h3 style=\"color: blue;\"><font size=\"3\">Lancement diff\u00e9r\u00e9 de Zitouna Bank<\/font><\/h3>\n<p><\/strong><\/div>\n<div align=\"justify\">04\/08\/2009\u00a0 | Jeune Afrique | Zitouna, la banque islamique cr\u00e9\u00e9e par l\u2019homme d\u2019affaires Mohamed Sakhr el-Materi, agr\u00e9\u00e9e en janvier 2009 par la Banque centrale, voit son lancement retard\u00e9. Elle devait \u00eatre inaugur\u00e9e, le 7 novembre prochain, date de l\u2019accession du pr\u00e9sident Zine el-Abidine Ben Ali \u00e0 la t\u00eate du pays. Le d\u00e9but des activit\u00e9s se fera au premier trimestre 2010. La raison de ce retard\u2009? Les promoteurs auraient m\u00e9sestim\u00e9 l\u2019ampleur du volet technique, notamment la mise en place du syst\u00e8me informatique. Lien: http:\/\/www.jeuneafrique.com\/Article\/ARTJAJA2533p008.xml0\/-banque-Mohamed-Sakhr-el-Materi-Zitouna-Bank-Lancement-differe-de-Zitouna-Bank.html<\/div>\n<div>\u00a0<\/div>\n<div>\n<hr\/>\n<\/div>\n<div align=\"center\"><strong><\/p>\n<h3 style=\"color: blue;\"><font size=\"3\">Maroc: interdiction du journal Le Monde pour avoir publi\u00e9 un sondage sur Mohammed VI<\/font><\/h3>\n<p><\/strong><\/div>\n<div align=\"center\">\u00a0<\/div>\n<div align=\"justify\">\u00a02009-08-04 | AFP Les autorit\u00e9s marocaines ont interdit lundi soir la vente au Maroc du journal fran\u00e7ais Le Monde pour avoir publi\u00e9 un sondage sur le bilan du r\u00e8gne du roi Mohammed VI, a-t-on appris de source officielle \u00e0 Rabat.  \u00ab\u00a0L&rsquo;\u00e9dition de ce quotidien dat\u00e9e du 4 ao\u00fbt n&rsquo;a pas \u00e9t\u00e9 autoris\u00e9e \u00e0 fouler le sol marocain \u00e0 son arriv\u00e9e lundi soir \u00e0 l&rsquo;a\u00e9roport de Casablanca. Il ne sera pas mis en vente mardi dans les kiosques\u00a0\u00bb, a d\u00e9clar\u00e9 \u00e0 l&rsquo;AFP un responsable marocain.  Cette interdiction s&rsquo;ajoute \u00e0 la saisie samedi par les autorit\u00e9s des deux derniers num\u00e9ros des hebdomadaires ind\u00e9pendants marocains TelQuel et Nichane, sa version arabe, qui ont publi\u00e9 le m\u00eame sondage effectu\u00e9 en partenariat avec le quotidien fran\u00e7ais Le Monde.  91% des Marocains interrog\u00e9s par ce sondage ont pourtant jug\u00e9 positif le bilan du roi Mohammed VI lors des dix premi\u00e8res ann\u00e9es de son r\u00e8gne.  Le journal Le Monde a annonc\u00e9 depuis Paris qu&rsquo;il maintenait la publication de ce sondage \u00e0 destination du Maroc pr\u00e9f\u00e9rant faire endosser la responsabilit\u00e9 de l&rsquo;interdiction aux autorit\u00e9s marocaines que de \u00ab\u00a0s&rsquo;auto-censurer\u00a0\u00bb.  D\u00e8s samedi, le minist\u00e8re marocain de la Communication Khalid Naciri avait averti que si Le Monde maintenait la publication de ce sondage, il ne sera pas mis en vente au Maroc. \u00ab\u00a0C&rsquo;est une question de coh\u00e9rence\u00a0\u00bb, a-t-il dit avant de souligner que \u00ab\u00a0la monarchie au Maroc n&rsquo;est pas en \u00e9quation et ne peut faire l&rsquo;objet d&rsquo;un d\u00e9bat m\u00eame par voie de sondage\u00a0\u00bb.  Le groupe TelQuel a en outre annonc\u00e9 lundi qu&rsquo;il d\u00e9posera mardi une plainte devant le tribunal administratif de Casablanca contre la saisie de ses deux derniers num\u00e9ros.  Lors d&rsquo;une conf\u00e9rence, Ahmed Benchemsi, directeur de l&rsquo;hebdomadaire TelQuel a estim\u00e9 \u00ab\u00a0qu&rsquo;aucune loi n&rsquo;interdit les sondages au Maroc\u00a0\u00bb.  D&rsquo;apr\u00e8s lui \u00ab\u00a0les responsables ont interdit nos 100. 000 exemplaires (de TelQuel et de Nichane) en s&rsquo;appuyant sur des articles de la constitution et du code de la presse qui qualifient de sacr\u00e9e la personnalit\u00e9 du roi\u00a0\u00bb.  Ahmed Benchemsi s&rsquo;est d\u00e9clar\u00e9 \u00e9tonn\u00e9 par cette saisie surtout que \u00ab\u00a0les deux publications, a-t-il soulign\u00e9, ont voulu montr\u00e9 que 91% des Marocains interrog\u00e9s jugent positif le bilan du roi\u00a0\u00bb lors des dix premi\u00e8res ann\u00e9es de son r\u00e8gne.  Le Syndicat national de la presse marocaine (SNPM) et Reporters sans fronti\u00e8res (RSF) ont condamn\u00e9 avec \u00ab\u00a0force\u00a0\u00bb la saisie des 100. 000 exemplaires de TelQuel et de Nichane.  2009 AFP<\/div>\n<div align=\"justify\">\n<hr\/>\n<\/div>\n<div align=\"justify\">\n<p align=\"center\">\n<h3 style=\"color: blue;\"><font size=\"3\"><strong>Censure au Maroc: \u00abLe palais ne s&rsquo;attendait pas \u00e0 ce que l&rsquo;affaire face les gros titres\u00bb<\/strong><\/font><\/h3>\n<\/p>\n<p>INTERVIEW \u2013 Pierre Vermeren, auteur du \u00abMaroc de Mohammed VI: la transition inachev\u00e9e\u00bb (La d\u00e9couverte), revient sur la libert\u00e9 de la presse dans le pays apr\u00e8s l\u2019interdiction de plusieurs journaux&#8230;<\/p>\n<div>Le journal \u00abLe Monde\u00bb dat\u00e9 du 4 ao\u00fbt n&rsquo;a pas \u00e9t\u00e9 autoris\u00e9 \u00e0 \u00eatre distribu\u00e9 au Maroc \u00e0 cause d&rsquo;un sondage dressant le bilan des dix ans de r\u00e8gne du roi Mohamed VI.\u00a0 A cette interdiction s&rsquo;ajoute <a href=\"http:\/\/www.20minutes.fr\/article\/340749\/Monde-Le-Monde-de-mardi-interdit-au-Maroc-pour-avoir-publie-un-sondage-sur-le-bilan-du-Mohammed-VI.php\" target=\"_blank\" rel=\"noopener\"><font>la saisie, samedi dernier, des deux derniers num\u00e9ros des hebdomadaires ind\u00e9pendants marocains<\/font><\/a> \u00ab<a href=\"http:\/\/www.telquel-online.com\/\" rel=\"nofollow noopener\" target=\"_blank\"><font>TelQuel<\/font><\/a>\u00bb et \u00abNichane\u00bb, dans lesquels le m\u00eame sondage \u00e9tait publi\u00e9. Il y a quelques semaines, c\u2019\u00e9tait un num\u00e9ro de \u00abCourrier international\u00bb qui \u00e9tait interdit. La censure existe bel et bien au Maroc, mais elle est \u00e0 relativiser.  <strong>La censure de la presse au Maroc s&rsquo;est-elle amplifi\u00e9e depuis l&rsquo;arriv\u00e9e au pouvoir de Mohamed VI?<\/strong> La censure a toujours exist\u00e9 au Maroc et la situation s&rsquo;est nettement am\u00e9lior\u00e9e avec les ann\u00e9es. La p\u00e9riode la plus favorable a \u00e9t\u00e9 entre 1998 et 2000. Depuis 2000-2001, on assiste \u00e0 un retour de la censure judiciaire, c&rsquo;est-\u00e0-dire \u00e0 une multiplication de proc\u00e8s qui donnent lieu \u00e0 des condamnations financi\u00e8res, et non plus n\u00e9cessairement \u00e0 la prison. Parall\u00e8lement \u00e0 cette censure, il existe aussi une autocensure des journalistes marocains qui savent ce qu&rsquo;ils peuvent ou non \u00e9crire. La nouveaut\u00e9, ces derni\u00e8res ann\u00e9es, tient donc aux proc\u00e8s intent\u00e9s \u00e0 des journalistes condamn\u00e9s \u00e0 payer de grosses sommes. Ces montants entra\u00eenent la fermeture de leur publication. Mais le Maroc reste l&rsquo;un des pays du monde arabe o\u00f9 la presse est la plus libre. <strong><font>En Tunisie, il n&rsquo;y a aucune censure, car il n&rsquo;y a aucune libert\u00e9. Ce qui se passe au Maroc est, quelque part, la ran\u00e7on de cette relative libert\u00e9. <\/font><\/strong>\u00a0 <strong>Existe-il un code officiel de la censure au Maroc ou la censure est-elle appliqu\u00e9e de mani\u00e8re arbitraire? <\/strong> Sous Hassan II, il existait un code officieux, appel\u00e9 la \u00abligne rouge\u00bb. Il y a quelques ann\u00e9es, un code officiel a \u00e9t\u00e9 vot\u00e9. Il encadre les sujets relatifs \u00e0 la famille royale, \u00e0 la personne du roi ou encore \u00e0 la religion. Le probl\u00e8me est que les r\u00e8gles qui entourent ces th\u00e8mes sensibles sont floues. Il existe donc une grande libert\u00e9 d&rsquo;interpr\u00e9tation de la part des juges, qui ne se g\u00eanent pas pour faire du z\u00e8le. Par ailleurs, il faut savoir que le Maroc est une monarchie ex\u00e9cutive. La libert\u00e9 d&rsquo;expression est fix\u00e9e par le pouvoir, c&rsquo;est-\u00e0-dire par le roi. Par contre, la presse peut critiquer le gouvernement ou le Parlement sans prendre trop de risques. En ce qui concerne l&rsquo;affaire du <a href=\"http:\/\/www.lemonde.fr\/archives\/article\/2009\/08\/03\/maroc-le-sondage-interdit_1225217_0.html\" rel=\"nofollow noopener\" target=\"_blank\"><font>\u00abMonde<\/font><\/a>\u00bb, les sondages sur le roi sont interdits au Maroc. L&rsquo;interdiction dont le quotidien a fait l&rsquo;objet n&rsquo;est donc pas une surprise.  \u00a0 <strong>Ces affaires de censure surviennent au moment o\u00f9 le Maroc c\u00e9l\u00e8bre le dixi\u00e8me anniversaire de l&rsquo;arriv\u00e9e au pouvoir du roi.\u00a0 Est-ce un hasard?<\/strong> Evidemment non. Le Palais a voulu donner un tour de vis \u00e0 ces publications qui ont tent\u00e9 de repousser les limites de la censure. C&rsquo;est une fa\u00e7on pour le pouvoir de \u00abremettre les pendules \u00e0 l&rsquo;heure\u00bb. Ce qui est int\u00e9ressant, c&rsquo;est que ce tour de vis se fasse en plein \u00e9t\u00e9. Les autorit\u00e9s voulaient peut-\u00eatre marquer le coup sans trop attirer le regard de l&rsquo;opinion publique \u00e9trang\u00e8re. L&rsquo;image du Maroc en France est tr\u00e8s importante pour le Palais. Et le Maroc ne s&rsquo;attendait s\u00fbrement pas \u00e0 ce que l&rsquo;affaire fasse les gros titres, comme la Une du journal \u00abLe Monde\u00bb. \u00a0<\/div>\n<div><strong><font>Propos recueillis par Maud Descamps<\/font><\/strong> <\/div>\n<div>\u00a0<\/div>\n<div><strong><font>(Source: 20minutes.fr le 4 aout 2009)<\/font><\/strong><\/div>\n<\/div>\n<div align=\"justify\">\n<hr\/>\n<\/div>\n<div align=\"center\"><strong><\/p>\n<h4 style=\"color: blue;\"><font size=\"3\">Le Fatah, parti palestinien historique, tient son premier congr\u00e8s en 20 ans<\/font><\/h4>\n<p><\/strong><\/div>\n<div align=\"justify\"> De Nasser ABOU BAKR (AFP) \u2013 04 ao\u00fbt 09 BETHLEEM, Cisjordanie \u2014 Le Fatah, qui contr\u00f4le l&rsquo;Autorit\u00e9 palestinienne, a ouvert mardi \u00e0 Bethl\u00e9em, en Cisjordanie, son premier Congr\u00e8s en 20 ans qui doit renouveler la direction d&rsquo;un parti min\u00e9 par les divisions et affaibli par sa d\u00e9route face aux islamistes du Hamas \u00e0 Gaza. Il s&rsquo;agit du premier congr\u00e8s g\u00e9n\u00e9ral du mouvement historique palestinien depuis 1989 et seulement du sixi\u00e8me depuis sa cr\u00e9ation par le d\u00e9funt leader Yasser Arafat \u00e0 la fin des ann\u00e9es 1950. Mahmoud Abbas lui a succ\u00e9d\u00e9 \u00e0 la t\u00eate du mouvement et de l&rsquo;Autorit\u00e9 palestinienne en 2004. M. Abbas devait prononcer un discours peu apr\u00e8s l&rsquo;ouverture du congr\u00e8s. Lundi, il avait affirm\u00e9 que la tenue de ce congr\u00e8s, le premier sur la terre palestinienne, constituait \u00ab\u00a0un jour historique\u00a0\u00bb. \u00ab\u00a0J&rsquo;esp\u00e8re que nos voisins (isra\u00e9liens) nous donneront l&rsquo;occasion de parvenir \u00e0 la paix avec eux pour nous permettre de cr\u00e9er notre Etat vivant aux c\u00f4t\u00e9s de leur Etat en paix et en s\u00e9curit\u00e9\u00a0\u00bb, a-t-il dit. Au cours de cette r\u00e9union de trois jours, quelque 1.900 d\u00e9l\u00e9gu\u00e9s doivent renouveler le Comit\u00e9 central et le Conseil r\u00e9volutionnaire, principales instances du Fatah, et adopter un nouveau programme politique. Les pr\u00e9paratifs du congr\u00e8s ont \u00e9t\u00e9 perturb\u00e9s par le refus du mouvement islamiste Hamas, qui contr\u00f4le la bande de Gaza, d&rsquo;autoriser quelque 400 autres d\u00e9l\u00e9gu\u00e9s du Fatah de Gaza \u00e0 se rendre en Cisjordanie. Environ 500 autres d\u00e9l\u00e9gu\u00e9s install\u00e9s \u00e0 l&rsquo;\u00e9tranger, notamment au Liban, en Syrie et en Jordanie, ont \u00e9t\u00e9 autoris\u00e9s par Isra\u00ebl \u00e0 y assister. Le Fatah monopolisait le pouvoir au sein de l&rsquo;Autorit\u00e9 palestinienne en Cisjordanie et dans la bande de Gaza avant d&rsquo;\u00eatre battu aux l\u00e9gislatives en 2006 par le Hamas qui l&rsquo;a ensuite d\u00e9log\u00e9 par la force de Gaza en juin 2007. Le Fatah est tenu par nombre de Palestiniens pour responsable de la corruption et l&rsquo;anarchie qui ont s\u00e9vi dans les territoires palestiniens avant que l&rsquo;Autorit\u00e9 palestinienne ne se d\u00e9cide \u00e0 les combattre s\u00e9rieusement ces derni\u00e8res ann\u00e9es. De plus, la ligne politique du Fatah pr\u00f4nant un r\u00e8glement n\u00e9goci\u00e9 du conflit avec Isra\u00ebl apr\u00e8s des ann\u00e9es de lutte arm\u00e9e ne cesse de perdre en cr\u00e9dibilit\u00e9 faute de progr\u00e8s dans les n\u00e9gociations de paix. Dans le projet du programme politique qui sera soumis au Congr\u00e8s, le Fatah affirme \u00ab\u00a0son refus de reconna\u00eetre Isra\u00ebl en tant qu&rsquo;Etat juif\u00a0\u00bb, comme l&rsquo;exige son Premier ministre Benjamin Netanyahu. Le texte affirme en outre la volont\u00e9 des Palestiniens de \u00ab\u00a0reprendre l&rsquo;initiative afin de sortir les n\u00e9gociations de paix de l&rsquo;impasse\u00a0\u00bb tout en r\u00e9it\u00e9rant le \u00ab\u00a0droit du peuple palestinien \u00e0 la r\u00e9sistance contre l&rsquo;occupation conform\u00e9ment \u00e0 la loi internationale, y compris la lutte arm\u00e9e\u00a0\u00bb. Si M. Abbas est assur\u00e9 d&rsquo;\u00eatre reconduit comme chef du mouvement, la composition du nouveau Comit\u00e9 central de 21 membres qui seront \u00e9lus par les d\u00e9l\u00e9gu\u00e9s, fait l&rsquo;objet de toutes sortes de pronostics. Ainsi, une partie des \u00ab\u00a0\u00e9l\u00e9phants\u00a0\u00bb qui font partie de l&rsquo;actuel Comit\u00e9 central devraient c\u00e9der la place \u00e0 des plus jeunes. Le secr\u00e9taire du g\u00e9n\u00e9ral du Fatah en Cisjordanie emprisonn\u00e9 en Isra\u00ebl, Marwan Barghouthi, l&rsquo;ex-chef de la S\u00e9curit\u00e9 pr\u00e9ventive Jibril Rajoub, l&rsquo;ex-homme fort du Fatah \u00e0 Gaza et \u00ab\u00a0chouchou\u00a0\u00bb des Am\u00e9ricains, Mohammad Dahlane, apparaissent comme les pr\u00e9tendants les plus s\u00e9rieux. Quant au Conseil r\u00e9volutionnaire, il compte 120 membres, dont la majorit\u00e9 sera \u00e9lue par les d\u00e9l\u00e9gu\u00e9s et le reste d\u00e9sign\u00e9 par le nouveau Comit\u00e9 central. Les querelles entre les t\u00e9nors du Fatah, qui ont contribu\u00e9 au d\u00e9clin du mouvement, se sont exacerb\u00e9es ces derni\u00e8res semaines lorsque son secr\u00e9taire g\u00e9n\u00e9ral et l&rsquo;un des fondateurs Farouk Kaddoumi, bas\u00e9 \u00e0 Tunis, a accus\u00e9 M. Abbas d&rsquo;avoir complot\u00e9 avec Isra\u00ebl pour \u00e9liminer Yasser Arafat. \u00a0<\/div>\n<div>\n<hr\/>\n<\/div>\n<div>\n<div align=\"center\">\n<h4 style=\"color: blue;\"><font face=\"Arial\" size=\"3\"><strong>Islamisation rampante \u00e0 Gaza apr\u00e8s deux ans de Hamas<\/strong><\/font><\/h4>\n<\/div>\n<div align=\"justify\">Reuters, le 3 ao\u00fbt 2009 \u00e0 16h41 par Nidal al Moughrabi GAZA (Reuters) &#8211; Dans la bande de Gaza, il devient probl\u00e9matique pour un homme de se baigner torse nu \u00e0 la plage, pour les magasins de lingerie d&rsquo;exhiber des mannequins en tenues affriolantes et pour un homme et une femme de se promener ensemble s&rsquo;ils ne sont pas mari\u00e9s. Les organisations de d\u00e9fense des droits de l&rsquo;homme d\u00e9noncent cette islamisation rampante mais le Hamas, qui a pris par la force le contr\u00f4le de l&rsquo;\u00e9troite bande de terre surpeupl\u00e9e en juin 2007 en d\u00e9faisant les forces du pr\u00e9sident palestinien Mahmoud Abbas, nie toute intention d&rsquo;imposer la charia. Pourtant, \u00e0 en croire les Gazaouis, des hommes portant la barbe et se pr\u00e9sentant comme des fonctionnaires du minist\u00e8re des Affaires religieuses se montrent z\u00e9l\u00e9s : ils conseillent aux gens de respecter les valeurs islamiques, de ne pas fumer et de respecter le code vestimentaire traditionnel. \u00ab\u00a0Des \u00e9missaires de la campagne pour la vertu du minist\u00e8re des Affaires religieuses sont venus nous dire que nos mannequins, qui pr\u00e9sentent des sous-v\u00eatements, \u00e9taient une source de provocation et que, si nous ne les enlevions pas, ils les confisqueraient\u00a0\u00bb, se lamente Saoud al Rayes, un marchand de v\u00eatements. Malgr\u00e9 les d\u00e9n\u00e9gations du Hamas sur son intention d&rsquo;appliquer la loi islamique, une r\u00e9cente d\u00e9cision du tribunal supr\u00eame du territoire imposant aux avocates de porter le voile islamique a jet\u00e9 le trouble. Ahmed Abou Khaled t\u00e9moigne pour sa part que trois jeunes gens l&rsquo;ont interpell\u00e9 r\u00e9cemment alors qu&rsquo;il s&rsquo;appr\u00eatait \u00e0 se baigner torse nu sur une plage. Ils lui ont fait une le\u00e7on de morale islamique. \u00ab\u00a0Ils \u00e9taient polis, mais j&rsquo;ai bien senti qu&rsquo;il n&rsquo;y avait pas de place pour la discussion\u00a0\u00bb Taleb Abou Chaar, ministre des Affaires religieuses, \u00e9voque une campagne \u00ab\u00a0culturelle et \u00e9ducative\u00a0\u00bb pour sensibiliser le public, sans pour autant lui forcer la main. \u00ab\u00a0Cette campagne est conforme \u00e0 notre religion et \u00e0 nos traditions. Nous percevons certains dangers mena\u00e7ant la jeunesse et certaines d\u00e9rives. Notre r\u00f4le est de conseiller et de mettre en garde les gens contre les mauvaises choses\u00a0\u00bb, dit-il.  <strong>MUSIQUE PA\u00cfENNE<\/strong> \u00ab\u00a0Certains exag\u00e8rent la campagne dans l&rsquo;intention d&rsquo;accuser le gouvernement de susciter des craintes au sein de la population. Mais nous ne contraignons pas les gens \u00e0 faire ce qu&rsquo;ils n&rsquo;aiment pas\u00a0\u00bb, a-t-il assur\u00e9 \u00e0 Reuters. Des organisations de d\u00e9fense des droits de l&rsquo;homme ont exprim\u00e9 leur pr\u00e9occupation \u00e0 la suite de la d\u00e9cision de certains ministres du Hamas de v\u00e9rifier si hommes et femmes qui se prom\u00e8nent ensemble dans les rues sont bel et bien mari\u00e9s. Khalil Abou Chammala, directeur de l&rsquo;Association Ad Damir pour les droits de l&rsquo;homme, dit avoir enregistr\u00e9 des plaintes de gens ainsi contr\u00f4l\u00e9 par des policiers. \u00ab\u00a0La d\u00e9cision a \u00e9t\u00e9 annul\u00e9e lorsque certains dirigeants du Hamas se sont rendus compte qu&rsquo;elle \u00e9tait impopulaire. Certaines personnalit\u00e9s du mouvement veulent imposer la loi islamique, d&rsquo;autres pensent que ce n&rsquo;est pas le bon moment et se pr\u00e9occupent des r\u00e9actions \u00e0 l&rsquo;ext\u00e9rieur.\u00a0\u00bb Des pr\u00e9dicateurs du mouvement islamiste ont critiqu\u00e9 la mixit\u00e9 dans les camps de vacances pour jeunes, y compris ceux organis\u00e9s par les Nations unies. Nombreux sont les Gazaouis qui critiquent le Hamas pour ces efforts d&rsquo;islamisation, mais certains radicaux estiment au contraire que le mouvement ne va pas assez loin dans cette voie. Des groupes activistes s&rsquo;en sont pris r\u00e9cemment \u00e0 des caf\u00e9s et \u00e0 des symboles chr\u00e9tiens dans le territoire. Une bombe a explos\u00e9 ainsi lors d&rsquo;une r\u00e9ception de mariage o\u00f9 la musique \u00e9tait jug\u00e9e pa\u00efenne, blessant une quarantaine de personnes. Le Hamas, qui s&rsquo;est toujours diff\u00e9renci\u00e9 de l&rsquo;int\u00e9grisme \u00e0 la fa\u00e7on d&rsquo;Al Qa\u00efda, a interpell\u00e9 les responsables de cette attaque, qualifi\u00e9s de \u00ab\u00a0d\u00e9viants\u00a0\u00bb. Son dirigeant local, Isma\u00efl Haniyeh, qui passe pour un \u00ab\u00a0mod\u00e9r\u00e9\u00a0\u00bb, a d\u00e9clar\u00e9 r\u00e9cemment lors d&rsquo;un sermon que le Hamas ne laisserait pas les gens faire eux-m\u00eames la loi, \u00ab\u00a0ind\u00e9pendamment de leurs bonnes intentions proclam\u00e9es\u00a0\u00bb. REUTERS<\/div>\n<\/div>\n<div>\u00a0<\/div>\n<div>\n<hr\/>\n<\/div>\n<div>\n<div align=\"center\"><strong><\/p>\n<h4 style=\"color: blue;\"><font size=\"3\">Hijab: le No2 d&rsquo;Al-Qa\u00efda renouvelle sa menace sur la France<\/font><\/h4>\n<p><\/strong><\/div>\n<div align=\"justify\">AP | 04.08.2009 |  \u00a0 Ayman al-Zawahiri, le No2 d&rsquo;Al-Qa\u00efda, s&rsquo;en est violemment pris \u00e0 la France pour son hostilit\u00e9 \u00e0 l&rsquo;\u00e9gard du voile islamique, assurant qu&rsquo;elle \u00ab\u00a0va payer pour tous ses crimes\u00a0\u00bb. Dans un enregistrement vid\u00e9o rendu public lundi par le centre am\u00e9ricain de surveillance de sites islamistes SITE, al-Zawahiri r\u00e9pondait \u00e0 une question sur la prise de position Nicolas Sarkozy sur le port de la burqa dont le pr\u00e9sident fran\u00e7ais a estim\u00e9 qu&rsquo;elle n&rsquo;\u00e9tait \u00ab\u00a0pas la bienvenue\u00a0\u00bb en France. \u00ab\u00a0Napol\u00e9on avait lanc\u00e9 en 1779 sa c\u00e9l\u00e8bre promesse faite aux Juifs de les soutenir dans leurs efforts de prendre le contr\u00f4le de la Palestine, les soldats fran\u00e7ais sont entr\u00e9s \u00e0 cheval dans al-Azhar en pi\u00e9tinant le Coran, la France a combattu l&rsquo;Islam et les Arabes en Alg\u00e9rie, la France a fourni \u00e0 Isra\u00ebl son r\u00e9acteur nucl\u00e9aire, la France combat les musulmans en Afghanistan et la France combat le hidjab. La France paiera le prix pour tous ces crimes avec la volont\u00e9 de Dieu\u00a0\u00bb, a averti Ayman al-Zawahiri. Le 30 juin dernier, le chef d&rsquo;Al-Qa\u00efda au Maghreb islamique, Abou Moussab Abdoul Wadoud, avait promis de \u00ab\u00a0se venger de la France\u00a0\u00bb dans une d\u00e9claration diffus\u00e9e sur des sites islamistes en r\u00e9action aux propos du pr\u00e9sident Nicolas Sarkozy, selon lequel la burqa, ou niqab, tunique recouvrant enti\u00e8rement la t\u00eate, le visage et le corps, \u00ab\u00a0ne sera pas la bienvenue sur le territoire de la R\u00e9publique\u00a0\u00bb. Dans son appel \u00e0 la vengeance, intitul\u00e9 \u00ab\u00a0France, m\u00e8re de tous les maux\u00a0\u00bb, Abou Moussab Abdoul Wadoud affirmait vouloir agir \u00ab\u00a0pour l&rsquo;honneur de nos filles et de nos soeurs\u00a0\u00bb. Le 22 juin, devant le Parlement r\u00e9uni en Congr\u00e8s \u00e0 Versailles, le pr\u00e9sident fran\u00e7ais avait d\u00e9clar\u00e9 que la burqa constituait un signe \u00ab\u00a0d&rsquo;asservissement\u00a0\u00bb de la femme et ne serait \u00ab\u00a0pas la bienvenue\u00a0\u00bb en France. Le lendemain, la conf\u00e9rence des pr\u00e9sidents de l&rsquo;Assembl\u00e9e nationale avait d\u00e9cid\u00e9 la cr\u00e9ation d&rsquo;une mission d&rsquo;information sur le port de la burqa et du niqab en France. AP<\/div>\n<\/div>\n<div>\n<hr\/>\n<\/div>\n<div>\u00a0<\/div>\n<div>\n<div align=\"center\"><strong><\/p>\n<h4 style=\"color: blue;\"><font size=\"3\">Des conservateurs saluent la \u00ab\u00a0l\u00e9gitimit\u00e9 divine\u00a0\u00bb du pr\u00e9sident Ahmadinejad<\/font><\/h4>\n<p><\/strong> <\/div>\n<div align=\"justify\">AFP, le 4 ao\u00fbt 2009 \u00e0 11h57  \u00a0\u00a0\u00a0 Par Jay DESHMUKH \u00a0\u00a0\u00a0 TEHERAN, 4 ao\u00fbt 2009 (AFP) -Un important quotidien conservateur a salu\u00e9 mardi la \u00ab\u00a0l\u00e9gitimit\u00e9 divine\u00a0\u00bb de Mahmoud Ahmadinejad, \u00e0 la veille de l&rsquo;investiture officielle du pr\u00e9sident iranien qui pourrait, selon la presse, \u00eatre boycott\u00e9e par l&rsquo;opposition. La veille, le guide supr\u00eame de la R\u00e9publique islamique, l&rsquo;ayatollah Ali Khamenei, avait confirm\u00e9 l&rsquo;\u00e9lection du pr\u00e9sident, pronon\u00e7ant un discours \u00e9logieux \u00e0 l&rsquo;\u00e9gard de M. Ahmadinejad dont l&rsquo;all\u00e9geance au num\u00e9ro un avait \u00e9t\u00e9 mise en doute ces derniers temps au sein de son propre camp. \u00ab\u00a0Il s&rsquo;agit d&rsquo;une proc\u00e9dure d\u00e9terminante et sacr\u00e9e. Ce \u00e0 quoi nous avons assist\u00e9 hier donne une l\u00e9gitimit\u00e9 divine au pr\u00e9sident\u00a0\u00bb, a assur\u00e9 dans un \u00e9ditorial le journal Kayan, qui est le principal quotidien conservateur en Iran. Le guide supr\u00eame avait fait lundi l&rsquo;\u00e9loge d&rsquo;un \u00ab\u00a0homme courageux, travailleur acharn\u00e9 et intelligent\u00a0\u00bb, saluant le \u00ab\u00a0vote sans pr\u00e9c\u00e9dent\u00a0\u00bb des Iraniens, devant un parterre de hauts dignitaires mais en l&rsquo;absence d&rsquo;importants dirigeants de l&rsquo;opposition. L&rsquo;annonce de la victoire de M. Ahmadinejad d\u00e8s le premier tour le 12 juin avec pr\u00e8s de 63% des voix a plong\u00e9 le pays dans sa plus grave crise politique depuis l&rsquo;instauration de la R\u00e9publique islamique en 1979, avec des manifestations monstres des partisans des candidats battus qui l&rsquo;accusent de fraude \u00e9lectorale. Le journal d&rsquo;opposition Etemad Melli a laiss\u00e9 entendre que l&rsquo;opposition pourrait boycotter la c\u00e9r\u00e9monie de prestation de serment du pr\u00e9sident pr\u00e9vue mercredi devant le Parlement et consid\u00e9rer le nouveau gouvernement comme \u00ab\u00a0ill\u00e9gitime\u00a0\u00bb. \u00ab\u00a0Le groupe minoritaire au Parlement (les r\u00e9formateurs) pourrait ne pas participer \u00e0 la prestation de serment et cela a mis en col\u00e8re les conservateurs\u00a0\u00bb, a indiqu\u00e9 Etemad Melli. \u00ab\u00a0Le refus de participer aux c\u00e9r\u00e9monies de la part de gens comme Rafsandjani (l&rsquo;ex-pr\u00e9sident Akbar Hach\u00e9mi Rafsandjani) est un message important\u00a0\u00bb, a estim\u00e9 le journal r\u00e9formateur Aftab-e Yazd dans un \u00e9ditorial. \u00ab\u00a0L&rsquo;un de ces messages est que le futur gouvernement n&rsquo;aura pas leur soutien dans les bons comme dans les mauvais moments\u00a0\u00bb, a-t-il indiqu\u00e9. Le chef du pouvoir judiciaire Ayatollah Mahmoud Hashemi Shahrudi, cit\u00e9 par l&rsquo;agence Isna, a esp\u00e9r\u00e9 pour sa part \u00ab\u00a0que tous les responsables officiels ont compris la situation et resteront unis\u00a0\u00bb. L&rsquo;ex-pr\u00e9sident Rafsandjani -qui dirige le Conseil de discernement et l&rsquo;Assembl\u00e9e des experts, deux institutions cl\u00e9s du pouvoir-, et l&rsquo;ex-pr\u00e9sident Mohammad Khatami ainsi que les candidats de l&rsquo;opposition Mir Hossein Moussavi et r\u00e9formateur Mehdi Karoubi r\u00e9clament toujours l&rsquo;annulation du scrutin pr\u00e9sidentiel et n&rsquo;ont pas assist\u00e9 \u00e0 la c\u00e9r\u00e9monie de lundi. Apr\u00e8s son investiture, le pr\u00e9sident disposera de deux semaines pour pr\u00e9senter les membres de son gouvernement devant les d\u00e9put\u00e9s pour obtenir un vote de confiance. Le pr\u00e9sident avait travers\u00e9 une zone de turbulences fin juillet. Il avait \u00e9t\u00e9 la cible de virulentes critiques de la part du camp conservateur. La presse conservatrice -dont Kayan- et des \u00e9lus lui reprochaient son peu d&#8217;empressement \u00e0 r\u00e9pondre aux injonctions du guide lui demandant de se s\u00e9parer de son premier vice-pr\u00e9sident Esfandiar Rahim Mashaie. Celui-ci avait fait scandale en 2008 en d\u00e9clarant que l&rsquo;Iran \u00e9tait \u00ab\u00a0l&rsquo;ami du peuple isra\u00e9lien\u00a0\u00bb. Lundi, le guide supr\u00eame a demand\u00e9 au pr\u00e9sident de tenir compte \u00e0 l&rsquo;avenir des critiques venant de son propre camp.<\/div>\n<\/div>\n<div>\n<hr\/>\n<\/div>\n<\/div>\n<div align=\"center\"><strong><\/p>\n<h4 style=\"color: blue;\"><font size=\"3\">French sources: No change in Iran ties<\/font><\/h4>\n<p><\/strong><\/div>\n<div align=\"justify\">Tue, 04 Aug 2009 Diplomatic sources in Paris say relations with Tehran will not change after Iranian President Mahmoud Ahmadinejad takes office for a second time.   Ties between Paris and Tehran would continue as before, and contacts with President Mahmoud Ahmadinejad are likely to remain unchanged, French diplomatic sources told AKI, according to a report posted by the Italian news agency.   \u201cFrench officials will most likely continue relations in the next phase during Ahmadinejad&rsquo;s second term,\u00a0\u00bb she said, pointing out that France would maintain contacts with Iran and receive Iranian envoys.   \u00ab\u00a0France recognizes states, not governments\u2026\u00a0\u00bb one of the sources was quoted as saying in the Monday report.   The source also said that Iran&rsquo;s nuclear dossier would be the subject of discussions between the P5+1 (the five permanent members of the Security Council plus Germany), on the sidelines of next month&rsquo;s United Nations General Assembly in New York.   She added, however, that it was not likely for French-Iranian relations to improve as long as Iran&rsquo;s maintains its policy towards Israel, in an argument similar to what Tehran demands of the West as a condition for better ties with Iran.   MJ\/JG\/DT (Source: \u00ab\u00a0Press TV\u00a0\u00bb on 04 Aug. 09)  Lien: <a href=\"http:\/\/www.presstv.ir\/detail.aspx?id=102474&amp;sectionid=351020101\" target=\"_blank\" rel=\"noopener\"><font>http:\/\/www.presstv.ir\/detail.aspx?id=102474&amp;sectionid=351020101<\/font><\/a> <\/p>\n<hr\/>\n<\/div>\n<div align=\"center\"><strong><\/p>\n<h4 style=\"color: blue;\"><font size=\"3\">New NATO chief outlines policy priorities<\/font><\/h4>\n<p><\/strong><\/div>\n<div align=\"center\">\u00a0<\/div>\n<div align=\"justify\">2009-08-04  BRUSSELS, Aug. 3 (Xinhua) &#8212; On his first day at work as NATO chief, new NATO Secretary General Anders Fogh Rasmussen on Monday outlined his priorities, vowing to build a \u00ab\u00a0true strategic partnership\u00a0\u00bb with Russia, to reaffirm commitments to Afghanistan, reduce NATO-led troops in Kosovo and to work on NATO&rsquo;s new strategic concept.  \u00a0\u00a0\u00a0 \u00ab\u00a0I believe that during my term as NATO secretary general, we should develop a true strategic partnership with Russia. We should extend practical cooperation in areas where we share security interests,\u00a0\u00bb Rasmussen told reporters.  He said NATO and Russia can work together on terrorism, Afghanistan, piracy and non-proliferation of weapons of mass destruction.  \u00a0\u00a0\u00a0 Rasmussen said differences between NATO and Russia should not poison the whole relationship.  \u00a0\u00a0\u00a0 \u00ab\u00a0I am not a dreamer. It is obvious that there will be fundamental issues on which we disagree&#8230; But we cannot let those areas of disagreement poison the whole relationship,\u00a0\u00bb said the new NATO chief.  \u00ab\u00a0My message to the Russian leadership and people is clear: let us build trust on cooperation and base our cooperation on shared interests,\u00a0\u00bb said Rasmussen, who replaced Jaap de Hoop Scheffer as NATO chief.  \u00a0\u00a0\u00a0 \u00ab\u00a0NATO is really not an enemy of Russia, NATO is not directed against Russia,\u00a0\u00bb said Rasmussen.  \u00a0\u00a0\u00a0 On Afghanistan, Rasmussen said the international community must prevent the Asian country from being again \u00ab\u00a0the grand central station of international terrorism.\u00a0\u00bb  \u00a0\u00a0\u00a0 \u00ab\u00a0It will not be easy and the past month has made that bitterly clear. But it can be done and we will do it. Let there be no doubt about that,\u00a0\u00bb he said.  \u00a0\u00a0\u00a0 NATO&rsquo;s immediate goal is to make the Aug. 20 presidential and provincial council elections credible, first and foremost in the eyes of the Afghan population, he added.  \u00a0\u00a0\u00a0 The long-term goal for NATO, he said, is to help the Afghans take over lead security responsibility.  \u00a0\u00a0\u00a0 \u00ab\u00a0During my term as NATO secretary general, Afghans must take over lead responsibility for security in most of their country&#8230; NATO must and will be there in support,\u00a0\u00bb he said.  \u00a0\u00a0\u00a0 But he quickly added that the transfer of lead responsibility does not mean premature NATO departure, saying \u00ab\u00a0Let no Taliban propagandist try to sell my message as a run for the exit. It is not. We will support the Afghan people for as long as it takes.\u00a0\u00bb  \u00a0\u00a0\u00a0 Rasmussen emphasized the need to show the Afghan people and non-NATO troop contributors to the NATO-led international force \u00ab\u00a0more light at the end of the tunnel.\u00a0\u00bb  \u00a0\u00a0\u00a0 He said NATO needs help from other actors to succeed in Afghanistan.  \u00a0\u00a0\u00a0 \u00ab\u00a0We can&rsquo;t do it alone. This has to be an international team effort &#8212; military and civilian &#8212; with more efforts from the Afghans themselves as well,\u00a0\u00bb he said.  \u00a0\u00a0\u00a0 On Kosovo, Rasmussen said the NATO-led troops there (KFOR) could be significantly reduced or even completely withdrawn by the end of his four-year term.  \u00a0\u00a0\u00a0 It is the first time that the alliance has indicated a timeline for the complete withdrawal of KFOR, which has been in Kosovo since 1999 after NATO airstrikes drove out Serbian forces from the region.  \u00a0\u00a0\u00a0 \u00ab\u00a0On Kosovo, my aim is clear: by the end of my term, I want to see KFOR reduced to just a small reaction force, or out altogether,\u00a0\u00bb said Rasmussen, adding \u00ab\u00a0We should not stumble so close to the finish line. But I believe that conditions will in the foreseeable future be right to retire KFOR with success.\u00a0\u00bb  \u00a0\u00a0\u00a0 NATO defense ministers decided in June to significantly scale down KFOR. Currently, the first phase of reduction is in process as each phase must be decided by the decision-making North Atlantic Council based on military advices.  \u00a0\u00a0\u00a0 The target to reduce KFOR to 10,000 by January 2010 from about 14,000 at present is still within reach, NATO spokesman James Appathurai told reporters last Wednesday.  \u00a0\u00a0\u00a0 Rasmussen&rsquo;s predecessor Jaap de Hoop Scheffer had repeatedly refused to give a deadline for the complete withdrawal of KFOR, saying the troops would be there as long as necessary.  \u00a0\u00a0\u00a0 NATO defense ministers envisaged a three-phase reduction within a time frame of two years starting from the activation of the first reduction. The final number they were looking at was around 2,200 troops, according to NATO officials.  \u00a0\u00a0\u00a0 Meanwhile, Rasmussen refused to be drawn into a controversy that put his country in crisis with the Muslim world back in 2005 with the publication of 12 editorial cartoons, most of which depicted the Prophet Muhammad.  \u00a0\u00a0\u00a0 Rasmussen said he considered the incident as a matter of the past. But he emphasized the need to enhance cooperation with NATO&rsquo;s Middle East partners, the so-called Mediterranean Dialogue countries.  \u00a0\u00a0\u00a0 He said he will arrange individual meetings with each and every ambassador from the seven countries, namely Algeria, Egypt, Israel, Jordan, Mauritania, Morocco and Tunisia.  \u00a0\u00a0\u00a0 Rasmussen&rsquo;s hardline attitude toward the cartoons controversy sparked criticisms from the Muslim world and became an obstacle to his appointment as NATO chief.  \u00a0\u00a0\u00a0 Turkey, a mainly Muslim country, finally dropped its opposition after it was assured of senior posts in the alliance.  \u00a0\u00a0\u00a0 Rasmussen said Monday that he would do his utmost to deliver the promises. Turkey and Greece will be the two countries where he will pay his maiden visits in his capacity as NATO secretary general.  \u00a0\u00a0\u00a0 Most importantly, his first practical move as NATO chief was the appointment of a 12-member expert group to work on NATO&rsquo;s new strategic concept, a guideline document for all activities of the organization.  \u00a0\u00a0\u00a0 The experts, which will be chaired by former U.S. secretary of state Madeleine Albright, will submit their conclusions to Rasmussen before consulting widely both within and outside NATO.  \u00a0\u00a0\u00a0 Rasmussen will then lead negotiations with all NATO member countries. An agreed text will be adopted at NATO&rsquo;s next summit, which is expected to be held in late 2010 in Lisbon.  \u00a0\u00a0\u00a0 NATO&rsquo;s current strategic concept was adopted in 1999. At their summit in April 2009, leaders of NATO countries deemed it necessary to rewrite the document as the alliance faces new security threats.  \u00a0 Editor: Mu Xuequan  Lien: http:\/\/news.xinhuanet.com\/english\/2009-08\/04\/content_11820799.htm <\/div>\n<\/div>\n<\/div>\n<\/div>\n<p><\/font><\/div>\n<\/div>\n<\/div>\n<p>\u00a0<\/p><\/div>\n<\/div>\n<p><\/font><\/div>\n<p>\u00a0<\/p><\/div>\n<\/div>\n<\/div>\n<\/div>\n<\/div>\n<\/div>\n<\/div>\n<\/div>\n<p><\/font><\/div>\n<\/div>\n<p><\/font><\/div>\n<\/div>\n<\/div>\n<p align=\"center\" dir=\"ltr\">\n<h4 style=\"color: blue;\"><font face=\"Arial\" size=\"2\"><strong><b><a href=\"http:\/\/www.tunisnews.net\/\"><font face=\"Arial\"><span><font size=\"2\">Home<\/font><\/span><font size=\"2\"><span lang=\"FR-CH\"> &#8211; Accueil <\/span><span>&#8211; <\/span><\/font><\/font><span dir=\"rtl\" lang=\"AR-SA\"><font size=\"2\">\u0627\u0644\u0631\u0626\u064a\u0633\u064a\u0629<\/font><\/span><\/a><\/b><\/strong><\/font><\/h4>\n<\/p>\n<p><\/body><\/body><\/html><\/p>\n","protected":false},"excerpt":{"rendered":"<p>Home &#8211; Accueil . \u00a0 TUNISNEWS 9\u00a0\u00e8me ann\u00e9e, N\u00b0\u00a03360 du 04.08.2009 \u00a0archives : www.tunisnews.net\u00a0\u00a0 Reporters sans fronti\u00e8res: Abdallah Zouari, la fin d\u2019un calvaire ? Reporters Without Borders: Tunisia &#8211; \u00a0Is journalist\u2019s 18-year ordeal really about to end? FTCR: Ta\u00efeb BEN OTHMAN en gr\u00e8ve de la faim depuis deux semaines Essabil On Line: Les forces am\u00e9ricaines [&hellip;]<\/p>\n","protected":false},"author":1,"featured_media":22040,"comment_status":"open","ping_status":"open","sticky":false,"template":"","format":"standard","meta":{"inline_featured_image":false,"site-sidebar-layout":"default","site-content-layout":"","ast-site-content-layout":"default","site-content-style":"default","site-sidebar-style":"default","ast-global-header-display":"","ast-banner-title-visibility":"","ast-main-header-display":"","ast-hfb-above-header-display":"","ast-hfb-below-header-display":"","ast-hfb-mobile-header-display":"","site-post-title":"","ast-breadcrumbs-content":"","ast-featured-img":"","footer-sml-layout":"","ast-disable-related-posts":"","theme-transparent-header-meta":"","adv-header-id-meta":"","stick-header-meta":"","header-above-stick-meta":"","header-main-stick-meta":"","header-below-stick-meta":"","astra-migrate-meta-layouts":"default","ast-page-background-enabled":"default","ast-page-background-meta":{"desktop":{"background-color":"","background-image":"","background-repeat":"repeat","background-position":"center center","background-size":"auto","background-attachment":"scroll","background-type":"","background-media":"","overlay-type":"","overlay-color":"","overlay-opacity":"","overlay-gradient":""},"tablet":{"background-color":"","background-image":"","background-repeat":"repeat","background-position":"center center","background-size":"auto","background-attachment":"scroll","background-type":"","background-media":"","overlay-type":"","overlay-color":"","overlay-opacity":"","overlay-gradient":""},"mobile":{"background-color":"","background-image":"","background-repeat":"repeat","background-position":"center center","background-size":"auto","background-attachment":"scroll","background-type":"","background-media":"","overlay-type":"","overlay-color":"","overlay-opacity":"","overlay-gradient":""}},"ast-content-background-meta":{"desktop":{"background-color":"var(--ast-global-color-5)","background-image":"","background-repeat":"repeat","background-position":"center center","background-size":"auto","background-attachment":"scroll","background-type":"","background-media":"","overlay-type":"","overlay-color":"","overlay-opacity":"","overlay-gradient":""},"tablet":{"background-color":"var(--ast-global-color-5)","background-image":"","background-repeat":"repeat","background-position":"center center","background-size":"auto","background-attachment":"scroll","background-type":"","background-media":"","overlay-type":"","overlay-color":"","overlay-opacity":"","overlay-gradient":""},"mobile":{"background-color":"var(--ast-global-color-5)","background-image":"","background-repeat":"repeat","background-position":"center center","background-size":"auto","background-attachment":"scroll","background-type":"","background-media":"","overlay-type":"","overlay-color":"","overlay-opacity":"","overlay-gradient":""}},"footnotes":""},"categories":[],"tags":[60,40,29],"class_list":["post-19106","post","type-post","status-publish","format-standard","has-post-thumbnail","hentry","tag-60","tag-40","tag-fr"],"_links":{"self":[{"href":"https:\/\/tunisnews.net\/ar\/wp-json\/wp\/v2\/posts\/19106","targetHints":{"allow":["GET"]}}],"collection":[{"href":"https:\/\/tunisnews.net\/ar\/wp-json\/wp\/v2\/posts"}],"about":[{"href":"https:\/\/tunisnews.net\/ar\/wp-json\/wp\/v2\/types\/post"}],"author":[{"embeddable":true,"href":"https:\/\/tunisnews.net\/ar\/wp-json\/wp\/v2\/users\/1"}],"replies":[{"embeddable":true,"href":"https:\/\/tunisnews.net\/ar\/wp-json\/wp\/v2\/comments?post=19106"}],"version-history":[{"count":0,"href":"https:\/\/tunisnews.net\/ar\/wp-json\/wp\/v2\/posts\/19106\/revisions"}],"wp:featuredmedia":[{"embeddable":true,"href":"https:\/\/tunisnews.net\/ar\/wp-json\/wp\/v2\/media\/22040"}],"wp:attachment":[{"href":"https:\/\/tunisnews.net\/ar\/wp-json\/wp\/v2\/media?parent=19106"}],"wp:term":[{"taxonomy":"category","embeddable":true,"href":"https:\/\/tunisnews.net\/ar\/wp-json\/wp\/v2\/categories?post=19106"},{"taxonomy":"post_tag","embeddable":true,"href":"https:\/\/tunisnews.net\/ar\/wp-json\/wp\/v2\/tags?post=19106"}],"curies":[{"name":"wp","href":"https:\/\/api.w.org\/{rel}","templated":true}]}}