{"id":19084,"date":"2011-11-06T00:00:00","date_gmt":"2011-11-06T00:00:00","guid":{"rendered":"https:\/\/tunisnews.net\/6-novembre-2011\/"},"modified":"2011-11-06T00:00:00","modified_gmt":"2011-11-06T00:00:00","slug":"6-novembre-2011","status":"publish","type":"post","link":"https:\/\/tunisnews.net\/ar\/6-novembre-2011\/","title":{"rendered":"6 novembre 2011"},"content":{"rendered":"<p><html><head><meta content=\"text\/html\" description=\"Suite aux incidents dont \n\t\t\t\t\t\t\t\t\t\t\t\t\tnous avons eu connaissances \n\t\t\t\t\t\t\t\t\t\t\t\t\tqui ont eu lieu dans des \n\t\t\t\t\t\t\t\t\t\t\t\t\t\u00e9tablissements \n\t\t\t\t\t\t\t\t\t\t\t\t\td'enseignement dans notre \n\t\t\t\t\t\t\t\t\t\t\t\t\tpays, qui concernent des \n\t\t\t\t\t\t\t\t\t\t\t\t\tactes de violence et de \n\t\t\t\t\t\t\t\t\t\t\t\t\tviolation des libert\u00e9s \n\t\t\t\t\t\t\t\t\t\t\t\t\tindividuelles dans certaines \n\t\t\t\t\t\t\t\t\t\t\t\t\t\u00e9coles, instituts et \n\t\t\t\t\t\t\t\t\t\t\t\t\tfacult\u00e9s, et o\u00f9 certaines \n\t\t\t\t\t\t\t\t\t\t\t\t\tpersonnes ont tent\u00e9 \n\t\t\t\t\t\t\t\t\t\t\t\t\td'imposer des tenues \n\t\t\t\t\t\t\t\t\t\t\t\t\tvestimentaires sectaires \u00e0 \n\t\t\t\t\t\t\t\t\t\t\t\t\tdes \u00e9tudiantes et \n\t\t\t\t\t\t\t\t\t\t\t\t\tprofesseures non voil\u00e9es \n\t\t\t\t\t\t\t\t\t\t\t\t\tallant dans des cas \u00e0 la \n\t\t\t\t\t\t\t\t\t\t\t\t\tviolence et l'intimidation.\" http-equiv=\"Content-Type\"\/><\/head><body><body><\/p>\n<div><font><strong><font face=\"Calibri\" size=\"2\"><font><font><span dir=\"rtl\" lang=\"AR-SA\"><font><\/font><\/span><\/font><\/font><\/font><\/strong><\/font><\/p>\n<div align=\"center\" dir=\"ltr\"><font face=\"Bookman Old Style\" size=\"7\"><strong>TUNISNEWS <\/strong><\/font><\/div>\n<div align=\"center\" dir=\"ltr\"><strong><font face=\"Arial\" size=\"2\">11 \u00e8me ann\u00e9e, N\u00b04147 du 06.11.2011<\/font><\/strong><\/div>\n<div align=\"center\" dir=\"ltr\"><font face=\"Arial\" size=\"2\"><strong>archives : <\/strong><\/font><a rel=\"nofollow\"><font face=\"Arial\" size=\"2\"><strong><u>www.tunisnews.net<\/u><\/strong><\/font><\/a><span lang=\"FR\"><strong><font face=\"Arial\" size=\"2\"><\/font><\/strong><\/span><\/div>\n<p><font><\/font><font><font><font><\/p>\n<div dir=\"ltr\"><strong><font face=\"Arial\" size=\"2\"><\/p>\n<hr\/>\n<p><\/font><\/strong><\/div>\n<p><\/font><\/font><\/font><\/p>\n<h2 style=\"color: red;\"><font face=\"Arial\" size=\"2\"><strong>ATFD: Non \u00e0 la violence et \u00e0 l&rsquo;intimidation contre les femmes<\/strong><\/font><\/h2>\n<div><font face=\"Arial\" size=\"2\"><strong>Paris Mach: Tunisie: les nouveaux hommes forts<\/strong><\/font><\/div>\n<div>\n<h2 style=\"color: red;\"><font face=\"Arial\" size=\"2\"><strong>Espace Manager: Tunisie: Hamadi Jebali rassure les m\u00e9dias<\/strong><\/font><\/h2>\n<\/div>\n<div><font face=\"Arial\" size=\"2\"><strong>WMC: Tunisie \u2013 Elections : Le substrat culturel, encore et toujours\u2026<\/strong><\/font><\/div>\n<div>\n<h2 style=\"color: red;\"><font face=\"Arial\" size=\"2\"><strong>Le Parisien: Souad Abderrahim : l&rsquo;\u00e9lue non-voil\u00e9e des islamistes d&rsquo;Ennahda<\/strong><\/font><\/h2>\n<\/div>\n<div><font face=\"Arial\" size=\"2\"><strong>Kapitalis: Tunisie. Ennahdha entre son commandement et sa base<\/strong><\/font><\/div>\n<div>\n<h2 style=\"color: red;\"><font face=\"Arial\" size=\"2\"><strong>Kapitalis: Tunisie. Afek Tounes d\u00e9plore des \u00ab man\u0153uvres d\u00e9stabilisantes\u00bb<\/strong><\/font><\/h2>\n<\/div>\n<div><font face=\"Arial\" size=\"2\"><strong>Jeune Afrique: Tunisie : myst\u00e8re autour de l&rsquo;\u00e9mergence d&rsquo;un nouveau mouvement de femmes<\/strong><\/font><\/div>\n<div>\n<div>\n<div>\n<div dir=\"ltr\">\n<div>\n<div>\n<div>\n<div>\n<div>\n<div><font face=\"Arial\" size=\"2\"><strong><\/p>\n<div>\n<hr\/>\n<\/div>\n<p><\/strong><\/font><\/p>\n<div>\u00a0<\/div>\n<\/div>\n<div>\n<div>\n<p><font face=\"Arial\" size=\"2\"><\/p>\n<div align=\"center\"><font face=\"Arial\" size=\"2\"><strong>Association Tunisienne des femmes democrates<\/strong><\/font><\/div>\n<div align=\"center\"><font face=\"Arial\" size=\"2\">112, Avenue de la Libert\u00e9 1002 Tunis. <\/font><\/div>\n<div align=\"center\"><font face=\"Arial\" size=\"2\">T\u00e9l: (216)71 890 011 Fax: (216) 71 890 032 P (216) 22 953 782<\/font><\/div>\n<div align=\"center\"><font face=\"Arial\" size=\"2\">Email : <\/font><a href=\"mailto:femmes_feministes@yahoo.fr\" rel=\"nofollow noopener\" target=\"_blank\" ymailto=\"mailto:femmes_feministes@yahoo.fr\"><font face=\"Arial\" size=\"2\">femmes_feministes@yahoo.fr<\/font><\/a><\/div>\n<div align=\"center\"><font face=\"Arial\" size=\"2\"><a href=\"http:\/\/www.femmesdemocrates.org\" target=\"_blank\" rel=\"noopener\">www.femmesdemocrates.org<\/a><\/font><\/div>\n<div align=\"center\">\u00a0<\/div>\n<div align=\"center\"><font face=\"Arial\" size=\"2\">(TRADUCTION NON OFFICIELLE FAITE PAR MOI)<\/font><\/div>\n<div align=\"center\"><font face=\"Arial\" size=\"2\">Tunis le 3 Novembre 2011<\/font><\/div>\n<div align=\"left\">\u00a0<\/div>\n<div align=\"center\">\n<h2 style=\"color: red;\"><font face=\"Arial\"><strong><font>Non \u00e0 la violence et \u00e0 l&rsquo;intimidation contre les femmes<\/font><\/strong><\/font><\/h2>\n<\/div>\n<div align=\"left\">\n<hr\/>\n<\/div>\n<div align=\"left\">\u00a0<\/div>\n<div align=\"left\">\u00a0<\/div>\n<div align=\"left\"><font face=\"Arial\" size=\"2\">Suite aux incidents dont nous avons eu connaissances qui ont eu lieu dans des \u00e9tablissements d&rsquo;enseignement dans notre pays, qui concernent des actes de violence et de violation des libert\u00e9s individuelles dans certaines \u00e9coles, instituts et facult\u00e9s, et o\u00f9 certaines personnes ont tent\u00e9 d&rsquo;imposer des tenues vestimentaires sectaires \u00e0 des \u00e9tudiantes et professeures non voil\u00e9es allant dans des cas \u00e0 la violence et l&rsquo;intimidation.<\/font><\/div>\n<div align=\"left\"><font face=\"Arial\" size=\"2\">L\u2019Association Tunisienne des Femmes D\u00e9mocrates exprime son refus de principe et sa condamnation de ces pratiques contraires aux principes de la libert\u00e9 de s&rsquo;habiller, d&rsquo;opinion et de croyance, et met en garde contre de telles pratiques nombreuses et organis\u00e9es ciblant les femmes dans une tentative d&rsquo;intimidation contre leurs choix vestimentaires et leurs opinions. L&rsquo;ATFD attire l&rsquo;attention contre ces pratiques visant l&rsquo;\u00e9tablissement d&rsquo;un syst\u00e8me de tyrannie dans notre pays qui saperait les acquis des femmes et porterait atteinte aux libert\u00e9s .<\/font><\/div>\n<div align=\"left\"><font face=\"Arial\" size=\"2\">Tout en proclamant notre attachement aux mots d&rsquo;ordre de la R\u00e9volution tunisienne en mati\u00e8re de libert\u00e9 et de dignit\u00e9, d&rsquo;\u00e9galit\u00e9 et de justice et de rejet de la tyrannie, de la discrimination et de la marginalisation, nous exprimons notre solidarit\u00e9 inconditionnelle avec toutes les victimes \u00e9tudiantes et des universitaires. Nous estimons \u00e9galement que ces nouveaux comportements sociaux ainsi que ces nouveaux discours extr\u00e9mistes sont des nouvelles tentatives pour saper les acquis soci\u00e9taux et pour faire courir longuement au pays les dangers de la tyrannie.<\/font><\/div>\n<div align=\"left\"><font face=\"Arial\" size=\"2\">Nous appelons \u00e9galement toutes les forces vives \u00e0 s&rsquo;opposer \u00e0 ces pratiques et nous exprimons une fois encore notre mobilisation pour d\u00e9fendre nos acquis et continuer la lutte contre la violence et toutes formes de discriminations inflig\u00e9es aux femmes. Nous appelons toutes les composantes de la soci\u00e9t\u00e9 civile \u00e0 sensibiliser l&rsquo;opinion publique \u00e0 la vigilance, \u00e0 l&rsquo;engagement \u00e0 la d\u00e9fense des institutions \u00e9ducatives, loin de de toutes les r\u00e9cup\u00e9rations partisanes et religieuses, \u00e0 leurs protections contre les troubles et \u00e0 obliger toutes les parties \u00e0 des r\u00e8gles de comportements civiles et civilis\u00e9s<\/font><\/div>\n<div align=\"left\">\u00a0<\/div>\n<div align=\"left\"><font face=\"Arial\" size=\"2\">Pour l&rsquo;A.T.F.D.<\/font><\/div>\n<div align=\"left\"><font face=\"Arial\" size=\"2\">La pr\u00e9sidente <\/font><\/div>\n<div align=\"left\"><font face=\"Arial\" size=\"2\"><strong><font>Ahlem Belhadj<\/font><\/strong><\/font><\/div>\n<div align=\"left\">\n<hr\/>\n<\/div>\n<div align=\"center\"><strong><font face=\"Arial\" size=\"2\">L\u2019Association des Tunisiens en France <\/font><\/strong><\/div>\n<div align=\"center\"><strong><font face=\"Arial\" size=\"2\">&amp; <\/font><\/strong><\/div>\n<div align=\"center\"><font face=\"Arial\" size=\"2\"><strong><font>L\u2019Association \u00ab Espace Farabi \u00bb<\/font><\/strong><font><\/font><\/font><\/div>\n<div align=\"center\">\u00a0<\/div>\n<div align=\"center\"><font face=\"Arial\" size=\"2\"><strong><font size=\"3\">F\u00eatent l\u2019A\u00efd<\/font><\/strong><\/font><\/div>\n<p><font face=\"Arial\" size=\"2\"><\/p>\n<div align=\"left\">\n<hr\/>\n<\/div>\n<p><\/font><\/p>\n<div align=\"left\">\u00a0<\/div>\n<div align=\"left\"><font face=\"Arial\" size=\"2\">A l\u2019occasion de la f\u00eate de l\u2019A\u00efd El Kab\u00eer (F\u00eate du sacrifice), l\u2019Espace \u00ab\u00a0Farabi\u00a0\u00bb, et l\u2019Association des Tunisiens en France (ATF) ont le plaisir, d\u2019inviter leurs adh\u00e9rents, les Seniors usagers de l\u2019Espace Farabi ainsi que leurs amis \u00e0 f\u00eater avec eux l\u2019A\u00efd. <\/font><\/div>\n<div align=\"left\">\u00a0<\/div>\n<div align=\"left\"><font face=\"Arial\" size=\"2\">Lundi 7 novembre 2011<\/font><\/div>\n<div align=\"left\"><font face=\"Arial\" size=\"2\">De 17h30 \u00e0 19h00<\/font><\/div>\n<div align=\"left\"><font face=\"Arial\" size=\"2\">Au menu <\/font><\/div>\n<div align=\"left\"><font face=\"Arial\" size=\"2\">Un grand M\u00e9choui <\/font><\/div>\n<div align=\"left\"><font face=\"Arial\" size=\"2\">Au caf\u00e9 social l\u2019Espace Farabi, <\/font><\/div>\n<div align=\"left\"><font face=\"Arial\" size=\"2\">Au 3, rue Louis Blanc 75010 Paris<\/font><\/div>\n<div align=\"left\"><font face=\"Arial\" size=\"2\">M\u00b0 Colonel Fabien<\/font><\/div>\n<div align=\"left\">\n<hr\/>\n<\/div>\n<p><\/font><\/p>\n<\/div>\n<\/div>\n<\/div>\n<\/div>\n<\/div>\n<\/div>\n<div>\n<div>\n<div>\n<div>\n<div>\n<div>\u00a0<\/div>\n<\/div>\n<\/div>\n<\/div>\n<\/div>\n<\/div>\n<\/div>\n<div>\n<div>\n<div>\n<div>\n<div>\n<h2 align=\"center\" style=\"color: red;\"><span lang=\"NO-BOK\"><\/p>\n<h2 style=\"color: red;\"><font face=\"Arial\" size=\"3\">TUNISIE: LES NOUVEAUX HOMMES FORTS<\/font><\/h2>\n<p><\/span><\/h2>\n<p><span lang=\"NO-BOK\"><\/p>\n<hr\/>\n<p><\/span><\/p>\n<p align=\"left\"><span lang=\"FR\"><font face=\"Arial\">Nets vainqueurs des \u00e9lections l\u00e9gislatives, les islamistes du parti Ennahda \u00e9mergent comme les acteurs \u00adincontournables de la nouvelle donne politique en Tunisie. Charge \u00e0 eux de former un gouvernement de coalition, puisque, avec 90 si\u00e8ges sur 217, ils n\u2019obtiennent pas de majorit\u00e9 absolue \u00e0 l\u2019Assembl\u00e9e, qui doit r\u00e9diger une nouvelle Constitution pour ce pays pionnier des r\u00e9volutions arabes.<\/font><\/span><\/p>\n<p align=\"left\"><span lang=\"FR\"><font face=\"Arial\">Fond\u00e9 en 1981, le \u00ab parti de la renaissance \u00bb (\u00ab nahda \u00bb en arabe) \u00e9tait totalement interdit sous le r\u00e9gime de Ben Ali. Son chef, Rached Ghannouchi, 70 ans, dont vingt ans pass\u00e9s en exil \u00e0 Londres, est un ancien professeur de philosophie fortement influenc\u00e9 par les Fr\u00e8res musulmans d\u2019Egypte. Islamiste mod\u00e9r\u00e9, Ghannouchi met en avant le secr\u00e9taire g\u00e9n\u00e9ral du parti comme futur Premier ministre. L\u2019ancien journaliste Hamadi Jebali, 62 ans, dont seize en prison sous Ben Ali pour \u00ab appartenance \u00e0 un parti interdit \u00bb, est per\u00e7u comme un homme du consensus au sein de son propre parti. D\u2019aucuns parlent d\u2019\u00ab islamiste BCBG \u00bb.<\/font><\/span><\/p>\n<h2 align=\"left\" style=\"color: red;\"><span lang=\"FR\"><font face=\"Arial\"><em><font>\u201cLE JEU D\u00c9MOCRATIQUE A PERMIS<\/font><span><font>DE D\u00c9COUVRIR LA VRAIE TUNISIE\u00bb<\/font><\/span><\/em><\/font><\/span><\/h2>\n<p align=\"left\"><span lang=\"FR\"><font face=\"Arial\">Le succ\u00e8s d\u2019Ennahda n\u2019\u00e9tonne pas la plupart des observateurs. \u00ab On se cachait les yeux, mais le jeu d\u00e9mocratique a permis de d\u00e9couvrir la vraie Tunisie \u00bb, affirme \u00adKhadija Mohsen-Finan, sp\u00e9cialiste du Maghreb \u00e0 l\u2019Institut de relations internationales et strat\u00e9giques (Iris). \u00ab Au gouvernement, ils vont apprendre la r\u00e9alit\u00e9 du pouvoir, et devoir r\u00e9pondre aux fortes attentes \u00e9conomiques et sociales des Tunisiens, dit-elle. Je pense que leurs positions iront plut\u00f4t vers le consensus que vers un durcissement. \u00bb<\/font><\/span><\/p>\n<p align=\"left\"><span lang=\"FR\"><font face=\"Arial\">La promesse de ces islamistes bon teint : marier islam et modernit\u00e9 dans un syst\u00e8me d\u00e9mocratique. En effet, Ennahda a \u00ab ratiss\u00e9 large \u00bb pour obtenir un maximum de voix aux \u00ad\u00e9lections, ajoute Denis Bauchard, conseiller pour le Maghreb et le Moyen-Orient \u00e0 l\u2019Institut fran\u00e7ais des relations internationales (Ifri). Ils se pr\u00e9sentent comme le parti de l\u2019ordre, dans un pays qui reste instable depuis la r\u00e9volution. \u00ab Beaucoup de Tunisiens les attendent au tournant, notamment quant aux \u00adlibert\u00e9s individuelles et aux droits des femmes, estime Bauchard. Toute r\u00e9f\u00e9rence \u00e0 la charia dans la future Constitution va \u00eatre fortement d\u00e9battue. \u00bb<\/font><\/span><\/p>\n<p align=\"left\"><span lang=\"FR\"><font face=\"Arial\">Plusieurs figures de gauche sont candidates pour former un gouvernement de coalition avec les islamistes. D\u2019abord Moncef Marzouki, un m\u00e9decin et militant des droits de l\u2019homme de 66 ans. Son parti, le Congr\u00e8s pour la R\u00e9publique (CPR), est arriv\u00e9 bon deuxi\u00e8me avec 30 si\u00e8ges. Ensuite, Mustapha Ben Jaafar, professeur en m\u00e9decine de 70 ans, dont le parti Ettakatol est arriv\u00e9 troisi\u00e8me avec 21 si\u00e8ges. \u00ab Ces partis de la gauche pragmatique n\u2019ont pas ferm\u00e9 la porte \u00e0 Ennahda et n\u2019ont diabolis\u00e9 personne, explique Mohsen-Finan. A l\u2019oppos\u00e9, tous ceux qui ont tenu des discours extr\u00e9mistes ont \u00e9t\u00e9 marginalis\u00e9s. \u00bbIl faudra aussi compter avec le riche homme d\u2019affaires Hechmi Haadmi, dont la liste P\u00e9tition \u00adpopulaire a cr\u00e9\u00e9 la surprise en obtenant 19 si\u00e8ges.<\/font><\/span><\/p>\n<p align=\"left\"><span lang=\"FR\"><font face=\"Arial\">Restent les sortants du gouvernement de transition install\u00e9 apr\u00e8s la chute de Ben Ali, en f\u00e9vrier dernier. Certains \u00e9mergent comme des figures de r\u00e9f\u00e9rence, dont l\u2019actuel Premier ministre, B\u00e9ji Ca\u00efd Essebsi, 84 ans. Beaucoup l\u2019envisagent comme le prochain pr\u00e9sident de la R\u00e9publique. On voit aussi timidement ressurgir quelques figures de l\u2019\u00e8re Ben Ali, dont Kamel Morjane, l\u2019ancien ministre des \u00adAffaires \u00e9trang\u00e8res, dont le parti, El Moubadara, a obtenu 5 si\u00e8ges. Il faut dire que le d\u00e9funt Rassemblement constitutionnel d\u00e9mocratique (RCD), l\u2019ancien parti du dictateur dissous depuis la r\u00e9volution, comptait plus de 2 millions de membres, dont beaucoup cherchent \u00e0 se recaser.<\/font><\/span><\/p>\n<p align=\"left\"><span lang=\"FR\"><font face=\"Arial\"><strong>Source : \u00ab Paris Mach \u00bb Le 05-11-2011<\/strong><\/font><\/span><\/p>\n<p align=\"left\"><font face=\"Arial\"><span lang=\"FR\"><font>Lien :<\/font><\/span><font><span lang=\"FR\"><\/span><\/font><span lang=\"NO-BOK\"><a href=\"http:\/\/www.parismatch.com\/Actu-Match\/Monde\/Actu\/Tunisie-les-nouveaux-hommes-forts-350297\/\" rel=\"nofollow noopener\" target=\"_blank\"><font>http:\/\/www.parismatch.com\/Actu-Match\/Monde\/Actu\/Tunisie-les-nouveaux-hommes-forts-350297\/<\/font><\/a><\/span><\/font><\/p>\n<p align=\"center\"><span lang=\"FR\"><\/p>\n<h2 style=\"color: red;\"><font face=\"Arial\"><strong>Tunisie: Hamadi Jebali rassure les m\u00e9dias<\/strong><\/font><\/h2>\n<p> <\/span><\/p>\n<hr\/>\n<p>\u00a0<\/p>\n<p align=\"left\"><font face=\"Arial\"><span><span lang=\"FR\"><font>Le Secr\u00e9taire G\u00e9n\u00e9ral d\u2019Ennahdha Hamadi Jebali vient de recevoir une d\u00e9l\u00e9gation repr\u00e9sentant les grandes composantes de la famille m\u00e9diatique en Tunisie repr\u00e9sent\u00e9e par l\u2019Association tunisienne des directeurs de journaux, le syndicat des journalistes tunisiens, l\u2019Instance nationale de r\u00e9forme de l\u2019information et de la communication et le syndicat de la culture et de la presse au sein de l\u2019UGTT.<\/font><\/span><\/span><font><span><span lang=\"FR\"><\/span><\/span><\/font><\/font><span lang=\"FR\"><font> <\/font><font face=\"Arial\"><font><span><span>Constitu\u00e9 depuis quelques jours afin de d\u00e9fendre les libert\u00e9s d\u2019expression et de cr\u00e9ation, ce collectif a programm\u00e9 de rencontrer l\u2019ensemble des partis politiques vainqueurs aux \u00e9lections de l\u2019Assembl\u00e9e constituante. L\u2019objectif \u00e9tant de les convaincre d\u2019inscrire la libert\u00e9 d\u2019expression et de cr\u00e9ation dans la nouvelle Constitution.<\/span><\/span><span><span><\/span><\/span> <span><span>La rencontre s\u2019est caract\u00e9ris\u00e9e par une franchise totale. Les repr\u00e9sentants des m\u00e9dias ont exprim\u00e9 leurs craintes quant \u00e0 l\u2019avenir des libert\u00e9s en Tunisie apr\u00e8s la victoire d\u2019Ennahdha et ont demand\u00e9 au Secr\u00e9taire G\u00e9n\u00e9ral de la premi\u00e8re force politique de s\u2019engager \u00e0 d\u00e9fendre les libert\u00e9s d\u2019expression et de cr\u00e9ation, ainsi que les droits de la femme qui semblent pour certains menac\u00e9s.<\/span><\/span> <span><span>Apr\u00e8s avoir rappel\u00e9 le r\u00f4le n\u00e9gatif jou\u00e9 par les m\u00e9dias sous l\u2019\u00e8re Bourguiba puis Ben Ali, Jebali a \u00e9t\u00e9 tr\u00e8s rassurant en soulignant qu\u2019il \u00e9tait totalement d\u2019accord sur tout ce qui a \u00e9t\u00e9 propos\u00e9 par les repr\u00e9sentants des m\u00e9dias, promettant l\u2019inscription de la libert\u00e9 d\u2019expression et de cr\u00e9ation dans la Constitution.<\/span><\/span> <span><span>M. Jebali s\u2019est, d\u2019autre part, engag\u00e9 \u00e0 consolider les acquis de la femme tunisienne en promettant d\u2019intervenir pour mettre un terme \u00e0 certains d\u00e9passements commis au nom de la religion par des fanatiques irresponsables qui ne font en r\u00e9alit\u00e9 que nuire \u00e0 l\u2019image de l\u2019Islam tol\u00e9rant, indiquant dans ce sens qu\u2019Ennahdha est consciente de la gravit\u00e9 de ces d\u00e9passements et qu\u2019elle d\u00e9nonce vigoureusement.<\/span><\/span> <\/font><span><span><font>Plus rassurant que l&rsquo;on ne s&rsquo;attendait, Jebali a aussi indiqu\u00e9 qu\u2019Ennahdha est convaincu que la soci\u00e9t\u00e9 tunisienne est plurielle et que l\u2019on ne pourra jamais imposer quoique ce soit par la force, s\u2019engageant encore une fois \u00e0 ce que les libert\u00e9s individuelles soient respect\u00e9es en Tunisie.<\/font><\/span><\/span><\/font><\/span><\/p>\n<p align=\"left\"><span><span lang=\"FR\"><font face=\"Arial\"><strong>Source : \u00ab Espace Manager \u00bb Le 05-11-2011<\/strong><\/font><\/span><\/span><\/p>\n<p align=\"left\"><font face=\"Arial\"><span><span lang=\"FR\"><font>Lien :<\/font><\/span><\/span><span lang=\"NO-BOK\"><a href=\"http:\/\/www.espacemanager.com\/macro\/tunisie-hamadi-jebali-rassure-les-medias.html\" rel=\"nofollow noopener\" target=\"_blank\"><font>http:\/\/www.espacemanager.com\/macro\/tunisie-hamadi-jebali-rassure-les-medias.html<\/font><\/a><\/span><\/font><\/p>\n<p align=\"center\"><b><span lang=\"FR\"><\/p>\n<h2 style=\"color: red;\"><font face=\"Arial\">Tunisie \u2013 Elections : Le substrat culturel, encore et toujours\u2026<\/font><\/h2>\n<p> <\/span><\/b><\/p>\n<hr\/>\n<p>\u00a0<\/p>\n<p align=\"left\"><span lang=\"FR\"><font face=\"Arial\">Par Sondes Khribi Khlifa<\/font><\/span><\/p>\n<p align=\"left\"><span lang=\"FR\"><font face=\"Arial\">Premi\u00e8re lecture des premiers r\u00e9sultats des \u00e9lections. Comment expliquer le raz de mar\u00e9e Ennahdha, y compris chez les Tunisiens \u00e0 l\u2019\u00e9tranger? Est-ce vrai que les gens ont vot\u00e9 pour des \u00abislamistes\u00bb? La Tunisie, future \u201cTunistan\u201c? (comme a \u00e9crit un journaliste \u00e9tranger)\u2026<\/font><\/span><\/p>\n<p align=\"left\"><strong><span lang=\"FR\"><font face=\"Arial\">Un vote religieux?<\/font><\/span><\/strong><\/p>\n<p align=\"left\"><font face=\"Arial\"><span lang=\"FR\"><font>Non pas du tout. Il faut se rappeler qu\u2019<\/font><\/span><font><span lang=\"NO-BOK\"><a href=\"http:\/\/www.webmanagercenter.com\/management\/article-111938-tunisie-elections-ennahdha-aux-premieres-loges-et-apres\" rel=\"nofollow noopener\" target=\"_blank\"><span lang=\"FR\"><font>Ennahdha<\/font><\/span><\/a><\/span><span><span lang=\"FR\"><\/span><\/span><\/font><span lang=\"FR\"><font>a eu un discours assez soft, qu\u2019ils ont rarement parl\u00e9 de religion, sauf quand on leur demandait quel \u00e9tait leur background. Ce n\u2019est donc pas pour un discours religieux que les gens auraient vot\u00e9, \u00e0 mon avis. Les gens ont vot\u00e9 pour un parti traditionnel, qui a une histoire, y compris dans le militantisme, que ce soit face \u00e0 Ben Ali, ou face \u00e0 Bourguiba avant. Les gens ont vot\u00e9 pour un parti politique qui compte des hommes per\u00e7us comme \u00e9tant des hommes de confiance. D\u2019ailleurs, Ennahdha a \u00e9t\u00e9 tr\u00e8s strat\u00e8ge d\u2019instituer le slogan \u00abloyaux\u2026honn\u00eates\u00bb. Chapeau bas.<\/font><\/span><\/font><\/p>\n<p align=\"left\"><span lang=\"FR\"><font face=\"Arial\">Les gens ont vot\u00e9 pour un parti et un courant qui chatouille un aspect encore plus important, peut-\u00eatre, que la religion. Ce n\u2019est m\u00eame pas la culture. C\u2019est l\u2019inconscient culturel. Je m\u2019explique: d\u2019abord, il faut se mettre d\u2019accord sur le fait que le religieux s\u2019imbrique -avec le temps, et dans l\u2019espace surtout-avec le culturel. S\u2019imbrique jusqu\u2019\u00e0 devenir enti\u00e8rement culture peut-\u00eatre.<\/font><\/span><\/p>\n<p align=\"left\"><span><span lang=\"FR\"><font face=\"Arial\">Il est acceptable dans le cercle priv\u00e9 de ne pas faire Ramadan, mais il n\u2019est pas acceptable de ne pas se mettre \u00e0 table avec les autres au moment de la rupture du je\u00fbne. On est libre de faire ou de ne pas faire la pri\u00e8re, notre jour de cong\u00e9 hebdomadaire est dimanche, et non vendredi. Mais on sursaute d\u00e8s qu\u2019on nous parle de la\u00efcit\u00e9.<\/font><\/span><\/span><\/p>\n<p align=\"left\"><font face=\"Arial\"><span lang=\"FR\"><font>Voil\u00e0 comment nous sommes, nous les Tunisiens, nous sommes peut-\u00eatre profond\u00e9ment tol\u00e9rants, la\u00efcs et progressistes.<\/font><\/span><font><span lang=\"NO-BOK\"><a href=\"http:\/\/www.webmanagercenter.com\/management\/article-112258-tunisie-rached-ghannouchi-le-salafisme-et-bourguiba\" rel=\"nofollow noopener\" target=\"_blank\"><span lang=\"FR\"><font>Bourguiba<\/font><\/span><\/a><\/span><span><span lang=\"FR\"><\/span><\/span><\/font><span lang=\"FR\"><font>n\u2019est pas mort \u00e0 mon avis. Mais on sursaute \u2013quand m\u00eame- quand on nous passe \u00abPers\u00e9polis\u00bb \u00e0 la t\u00e9l\u00e9, pas parce que l\u2019on y parle ouvertement de shit et de sexe, mais parce qu\u2019on y repr\u00e9sente Dieu.<\/font><\/span><\/font><\/p>\n<p align=\"left\"><span lang=\"FR\"><font face=\"Arial\">Qu\u2019on ne s\u2019y trompe pas alors, le substrat culturel est le fondement m\u00eame des soci\u00e9t\u00e9s humaines, surtout \u00e0 l\u2019\u00e8re de la mondialisation, du ch\u00f4mage, de la pr\u00e9carit\u00e9, etc. L\u2019Europe est profond\u00e9ment chr\u00e9tienne et la Turquie rame pour y entrer justement pour cette raison. Nous sommes d\u00e9cid\u00e9ment profond\u00e9ment de culture arabo-musulmane. Je dis \u201cprofond\u00e9ment\u201c, car nous ne le savons peut-\u00eatre pas. Et c\u2019est cela l\u2019inconscient culturel. Il est l\u00e0, il est structurant, mais il est si enfouis en nous qu\u2019on ne s\u2019en rend plus compte.<\/font><\/span><\/p>\n<p align=\"left\"><span lang=\"FR\"><font face=\"Arial\">C\u2019\u00e9tait donc, \u00e0 mon avis, un vote pour des valeurs, pour une identit\u00e9 \u00e0 retrouver, et une revanche \u00e0 prendre sur tout ce que l\u2019on a endur\u00e9 collectivement: mis\u00e8re, corruption, injustice et frustration sociale\u2026 Dieu aurait \u00e9t\u00e9 le meilleur justicier, et c\u2019est un retour vers lui qui nous aurait fallu\u2026 Mais en aucun cas une Tunisie \u201cTunistan\u201c, \u00e0 mon avis.<\/font><\/span><\/p>\n<p align=\"left\"><span lang=\"FR\"><font face=\"Arial\">Et le vote Ennahdha n\u2019est donc pas, \u00e0 mon avis toujours, exclusivement ou massivement celui des couches populaires, celui du quart de la population sous le seuil de la pauvret\u00e9 \u2013ceux-l\u00e0 c\u2019est le segment du march\u00e9 de la p\u00e9tition populaire \u00abAl Aridha Ach\u00e2bya\u00bb. Le vote Ennahdha est celui de l\u2019ex-classe moyenne, au niveau de vie en chute libre, qui croyait dur comme fer dans la modernit\u00e9, dans le dipl\u00f4me comme ascenseur social, et qui a \u00e9t\u00e9 profond\u00e9ment d\u00e9\u00e7ue.<\/font><\/span><\/p>\n<p align=\"left\"><strong><span lang=\"FR\"><font face=\"Arial\">Le tsunami en Libye\u2026<\/font><\/span><\/strong><\/p>\n<p align=\"left\"><span lang=\"FR\"><font face=\"Arial\">Une autre question peut venir influencer le d\u00e9roulement des \u00e9v\u00e8nements dans notre pays, c\u2019est celle de la lib\u00e9ration de la Libye. Enfin! Pr\u00e9cis\u00e9ment, celle de l\u2019acceptation majoritaire dans ce pays de la Charia comme fondement des lois et de la Constitution. La guerre sanglante, les \u00e9preuves v\u00e9cues par les \u00abThouars\u00bb, braves hommes du peuple, viennent, \u00e0 notre sens, renforcer dans la conscience collective, une place sup\u00e9rieure de l\u2019homme, ou du moins pour ne pas aborder le sujet de l\u2019\u00e9galit\u00e9 homme-femme de fa\u00e7on grossi\u00e8re, disons que cela renforce une division tr\u00e8s traditionnelle des t\u00e2ches et des r\u00f4les sociaux, entre l\u2019homme, guerrier, et la femme, m\u00e8re nourrici\u00e8re.<\/font><\/span><\/p>\n<p align=\"left\"><span lang=\"FR\"><font face=\"Arial\">Ce n\u2019\u00e9tait pas exactement le cas dans la r\u00e9volution Tunisienne. Hommes et femmes \u00e9taient c\u00f4te \u00e0 c\u00f4te partout dans les rues, nous avons des morts des deux sexes, et nous n\u2019avons pas eu de v\u00e9ritable guerre, fort heureusement, gr\u00e2ce \u00e0 la position salutaire de notre arm\u00e9e.<\/font><\/span><\/p>\n<p align=\"left\"><strong><span lang=\"NO-BOK\"><font face=\"Arial\">Renouveau \u00e9conomique\u2026?<\/font><\/span><\/strong><\/p>\n<p align=\"left\"><span lang=\"FR\"><font face=\"Arial\">Maintenant mises \u00e0 part toutes les questions qui attendent Ennahdha, si jamais elle reste dans le pouvoir au-del\u00e0 de la dur\u00e9e n\u00e9cessaire \u00e0 r\u00e9diger une Constitution\u2026, moi je voudrais bien voir les femmes \u00e9changer leurs Jellabas et leurs Nikabs, contre des \u00abHayek\u00bb ou des \u00abSefseri\u00bb. Au lieu des v\u00eatements qui ne font pas partie de nos traditions mais qui sont import\u00e9s; je voudrais bien voir les femmes de mon pays (celles qui veulent se cacher les cheveux ou les jambes) mette des v\u00eatements qui viennent de notre patrimoine. Ca relancerait cette production, un savoir-faire artisanal et ancestral, et qui de plus a une tr\u00e8s grande valeur ajout\u00e9e aux yeux du consommateur europ\u00e9en, ou autre\u2026<\/font><\/span><\/p>\n<p align=\"left\"><span lang=\"FR\"><font face=\"Arial\">Ce que je veux dire, c\u2019est que, si mon analyse est bonne, si nous avons vot\u00e9 pour une identit\u00e9 plus forte et plus enracin\u00e9e dans l\u2019\u00abArabo-musulmanit\u00e9\u00bb ou la \u201cTunisianit\u00e9 Arabo-musulmane\u201c\u2026 appelez cela comme vous voulez, alors j\u2019attends -et je r\u00eave de voir- un v\u00e9ritable renouveau \u00e9conomique, catalys\u00e9 par le substrat culturel.<\/font><\/span><\/p>\n<p align=\"left\"><span lang=\"FR\"><font face=\"Arial\">J\u2019en ai parl\u00e9 \u00e0 plusieurs reprises, et l\u2019\u00e9conomie mauve semble \u00eatre l\u2019avenir de la croissance, non pas uniquement chez nous, mais un peu partout dans le monde. Face \u00e0 la saturation des march\u00e9s, \u00e0 la morosit\u00e9 du consommateur, \u00e0 l\u2019h\u00e9g\u00e9monie des grandes structures (grandes et moyennes entreprises) qui soit licencient, soit maintiennent les gens dans la pr\u00e9carit\u00e9\u2026 Je n\u2019attends que de voir une nouvelle vague de jeunes entrepreneurs et auto-entrepreneurs, qui mettent en valeur le patrimoine culturel du pays, pour relancer l\u2019\u00e9conomie, exploiter des niches de march\u00e9 \u00e0 l\u2019\u00e9tranger (mais chez nous aussi, seulement les march\u00e9s \u00e9trangers sont beaucoup plus int\u00e9ressants en termes de taille). Ainsi cr\u00e9er de la richesse, et soulager les maux des gens qui ont fait la r\u00e9volution, ensuite vot\u00e9 Ennahdha.<\/font><\/span><\/p>\n<p align=\"left\"><span lang=\"FR\"><font face=\"Arial\">Cela va de la bsisa au hayek, en passant par les gammes de produits bio dans l\u2019agroalimentaire ou le cosm\u00e9tique, le tourisme culturel, voire le renouveau de la chanson et du cin\u00e9ma Tunisiens, ce qui implique une forte dynamique \u00e9conomique, etc.<\/font><\/span><\/p>\n<p align=\"left\"><strong><span lang=\"FR\"><font face=\"Arial\">PS: Merci une certaine marque, pour le \u00abThink Tounsi\u00bb. C\u2019est exactement cela que je r\u00eave de voir sur des bus parisiens ou des bus br\u00e9siliens, du produit \u00e0 empreinte culturelle tunisienne&#8230;<\/font><\/span><\/strong><\/p>\n<p align=\"left\"><span lang=\"FR\"><font face=\"Arial\"><strong>Source : \u00ab wmc \u00bb Le 05-11-2011<\/strong><\/font><\/span><\/p>\n<p align=\"left\"><font face=\"Arial\"><span lang=\"FR\"><font>Lien :<\/font><\/span><span lang=\"NO-BOK\"><a href=\"http:\/\/www.webmanagercenter.com\/management\/article-112360-tribune-tunisie-elections-le-substrat-culturel-encore-et-toujours%2585\" rel=\"nofollow noopener\" target=\"_blank\"><span lang=\"FR\"><font>http:\/\/www.webmanagercenter.com\/management\/article-112360-tribune-tunisie-elections-le-substrat-culturel-encore-et-toujours%85<\/font><\/span><\/a><\/span><\/font><\/p>\n<p align=\"center\"><span lang=\"NO-BOK\"><a href=\"http:\/\/www.kapitalis.com\/afkar\/68-tribune\/6709-tunisie-ennahdha-entre-son-commandement-et-sa-base.html\" rel=\"nofollow noopener\" target=\"_blank\"><b><span lang=\"FR\"><\/p>\n<h3 style=\"color: blue;\"><font face=\"Arial\">Tunisie. Ennahdha entre son commandement et sa base<\/font><\/h3>\n<p><\/span><\/b><\/a> <\/span><\/p>\n<hr\/>\n<p>\u00a0<\/p>\n<p align=\"left\"><font face=\"Arial\"><b><span lang=\"FR\"><font>Par Mohamed Walid Draoui<\/font><\/span><\/b><span lang=\"FR\"><font>*<\/font><\/span><\/font><\/p>\n<p align=\"left\"><span lang=\"FR\"><font face=\"Arial\">Qu\u2019est-ce qui dans les paroles et les actes d\u2019Ennahdha peut \u00eatre attribu\u00e9 \u00e0 ses dirigeants conciliants et\/ou \u00e0 sa base intransigeante?<\/font><\/span><\/p>\n<p align=\"left\"><span lang=\"FR\"><font face=\"Arial\">Avant les \u00e9lections du 23 octobre, les pr\u00eaches et les discours politiques dans les mosqu\u00e9es par des imams autoproclam\u00e9s ainsi que les cas d\u2019intimidations dans les lieux publics pour les femmes non voil\u00e9es ont toujours \u00e9t\u00e9 d\u00e9plor\u00e9s par les dirigeants du mouvement Ennahdha qui les qualifiaient d\u2019actes isol\u00e9s n\u2019engageant pas le mouvement. Dans tous les cas de figures, ces actes ne pouvaient pas \u00eatre l\u2019\u0153uvre des sympathisants d\u2019autres partis qui ne sont pas du tout g\u00ean\u00e9s par le mode de vie actuel des Tunisiens!<\/font><\/span><\/p>\n<p align=\"left\"><span lang=\"FR\"><font face=\"Arial\">Parall\u00e8lement, le discours officiel, repris harmonieusement et magistralement par tous les dirigeants du mouvement, a toujours \u00e9t\u00e9 \u00e9quilibr\u00e9, tol\u00e9rant, ouvert, d\u00e9mocrate et mielleux, trouvant un \u00e9cho ind\u00e9niable aupr\u00e8s d\u2019une large frange de la population.<\/font><\/span><\/p>\n<p align=\"left\"><b><span lang=\"FR\"><font face=\"Arial\">Des dirigeants aux CV brillants<\/font><\/span><\/b><\/p>\n<p align=\"left\"><span lang=\"FR\"><font face=\"Arial\">A un moment donn\u00e9 et d\u2019une mani\u00e8re p\u00e9jorative, ce discours a m\u00eame commenc\u00e9 \u00e0 flirter avec celui des partis qui se d\u00e9clarent visc\u00e9ralement la\u00efques, tellement il diff\u00e8re de celui d\u2019un parti \u00e0 tendance islamiste. Le programme \u00e9lectoral du mouvement est lui aussi con\u00e7u dans cet esprit, brassant tous les aspects d\u2019un Etat moderne, tol\u00e9rant et d\u00e9mocrate.<\/font><\/span><\/p>\n<p align=\"left\"><span lang=\"FR\"><font face=\"Arial\">Maintenant que les \u00e9lections sont termin\u00e9es, les taux sont connus, les alliances sont presque \u00e9tablies et m\u00eame les plaintes d\u00e9pos\u00e9es ne changeraient rien \u00e0 la nouvelle carte, qu\u2019est-ce qui caract\u00e9rise la relation entre le commandement du mouvement et sa base?<\/font><\/span><\/p>\n<p align=\"left\"><span lang=\"FR\"><font face=\"Arial\">D\u2019une mani\u00e8re purement objective, force est de constater que la base du mouvement , constitu\u00e9e th\u00e9oriquement des \u00e9lecteurs qui ont vot\u00e9 pour la \u00abcolombe bleue\u00bb, sigle du parti islamiste tunisien, n\u2019est pas toute form\u00e9e de docteurs, universitaires, avocats et \u00e9minences grises \u00e0 l\u2019instar des dirigeants du mouvement dont les CV plus que brillants et le degr\u00e9 d\u2019intelligence peuvent leur conf\u00e9rer, je pr\u00e9sume et je l\u2019esp\u00e8re, un minimum d\u2019esprit de discernement; mais cette base est constitu\u00e9e d\u2019un m\u00e9lange de personnes dont les situations socioprofessionnelles, le niveau intellectuel, les tranches d\u2019\u00e2ge sont disparates. Emport\u00e9es par l\u2019euphorie de la victoire du mouvement, certaines personnes peuvent s\u2019adonner arbitrairement \u00e0 des man\u0153uvres, initiatives personnelles et prises de positions dans des champs d\u2019actions r\u00e9duits (quartiers, lieux de travail, \u00e9tablissements \u00e9ducatifs, universit\u00e9s, lieux publics), guid\u00e9s dans la foul\u00e9e par le sentiment de la victoire d\u2019une part et c\u2019est compr\u00e9hensible mais, peut \u00eatre, \u00e9galement, par un sentiment de religiosit\u00e9 sup\u00e9rieur aux autres, ce qui laisse leurs actes compl\u00e8tement en discordance flagrante et manifeste avec le discours officiel du commandement du mouvement qui suit toujours la m\u00eame trajectoire, se voulant tol\u00e9rant et cl\u00e9ment&#8230;<\/font><\/span><\/p>\n<p align=\"left\"><b><span lang=\"FR\"><font face=\"Arial\">Le commandement du mouvement face sa base <\/font><\/span><\/b><\/p>\n<p align=\"left\"><span lang=\"FR\"><font face=\"Arial\">Personne ne peut nier le sens de l\u2019organisation du mouvement Ennahdha, une montre suisse suis-je tent\u00e9 de dire, d\u2019ailleurs si ce n\u2019\u00e9tait pas le cas, les r\u00e9sultats du scrutin n\u2019auraient pas \u00e9t\u00e9 tel qu\u2019ils le sont l\u00e0. Cette organisation est construite d\u2019une mani\u00e8re pyramidale pour se trouver \u00e0 proximit\u00e9 des citoyens avec des bureaux r\u00e9gionaux et locaux ainsi que des militants sillonnant et quadrillant chaque coin de rue, c\u00f4toyant les gens dans leur vie quotidienne sans \u00eatre, dans la plus part des cas, envahissants mais, il faut l\u2019avouer, un vrai travail de fourmis. Charge \u00e0 ces responsables locaux et r\u00e9gionaux d\u2019emp\u00eacher ces actes et de redresser la barre s\u2019il y a une r\u00e9elle conviction d\u2019appliquer ce qu\u2019on ne cesse de r\u00e9p\u00e9ter dans les discours officiels.<\/font><\/span><\/p>\n<p align=\"left\"><span lang=\"FR\"><font face=\"Arial\">Pour rester objectif, je relativiserai ce constat en disant que ces actes, peuvent \u00eatre attribu\u00e9s aux sympathisants du mouvement Ennahdha, mais \u00e9galement et ce n\u2019est pas \u00e0 \u00e9carter, aux sympathisants d\u2019autres mouvements connus pour \u00eatre plus radicaux et intransigeants sur certaines id\u00e9es.<\/font><\/span><\/p>\n<p align=\"left\"><span lang=\"FR\"><font face=\"Arial\">Dans tous les cas de figures, une prise de position claire, ferme et sans nuances devrait \u00eatre annonc\u00e9e par Rached Ghannouchi et ses compagnons de route, d\u2019autant que pour le commun des mortels, et \u00e0 d\u00e9faut de signes distinctifs pouvant aider \u00e0 identifier l\u2019appartenance des auteurs de ces actes, toutes les interpr\u00e9tations restent plausibles mais difficilement v\u00e9rifiables, m\u00eame celles qui convergent vers la responsabilit\u00e9 exclusive du mouvement Ennahdha.<\/font><\/span><\/p>\n<p align=\"left\"><span lang=\"FR\"><font face=\"Arial\">Certains vont \u00e9voquer l\u2019\u00e9poque o\u00f9 l\u2019ancien r\u00e9gime pers\u00e9cutait les sympathisants \u00e0 tendance islamiste par l\u2019interdiction, parfois agressive, du port du voile ou des pratiques touchant \u00e0 la politique. Ce v\u00e9cu, r\u00e9volu, ne doit en aucun cas \u00eatre ressuscit\u00e9, m\u00eame progressivement, en allant faire de m\u00eame actuellement \u00e0 celles qui ne s\u2019appliquent pas \u00e0 une certaine tenue vestimentaire ou \u00e0 ceux dont les tendances politiques sont diam\u00e9tralement oppos\u00e9es\u2026<\/font><\/span><\/p>\n<p align=\"left\"><span lang=\"FR\"><font face=\"Arial\">C\u2019est une man\u0153uvre tr\u00e8s hasardeuse et dangereuse en m\u00eame temps, m\u00eame si c\u2019est fait pour sonder les r\u00e9actions adverses, puisque \u00e7a peut amener \u00e9galement \u00e0 ressusciter des actes encore plus barbares et ce, dans un esprit de revanche, de vengeance et d\u2019\u00e9change de bons proc\u00e9d\u00e9s\u2026 Rached Ghannouchi n\u2019a-t-il pas d\u00e9clar\u00e9, dans un esprit rassurant certes, sur HannibalTV, que \u00abce n\u2019est nullement l\u2019intention des Nahdhaouis, m\u00eame les domiciles de certains tortionnaires sont connus\u00bb?!<\/font><\/span><\/p>\n<p align=\"left\"><span lang=\"FR\"><font face=\"Arial\">C\u2019est rassurant certes et la justice fera son travail, j\u2019en conviens, mais peut-on emp\u00eacher un acte isol\u00e9 dans ce cas, de la part d\u2019un fervent sympathisant croyant bien faire? Le mouvement est, actuellement, cat\u00e9goriquement contre ce mode op\u00e9ratoire\u2026<\/font><\/span><\/p>\n<p align=\"left\"><span lang=\"FR\"><font face=\"Arial\">Une d\u00e9marcation du mouvement Ennahdha des autres mouvements, jug\u00e9s plus radicaux est plus que jamais \u00e0 l\u2019ordre du jour actuellement, sauf que l\u00e0, les derni\u00e8res d\u00e9clarations de Rached Ghannouchi ne versent pas dans cet esprit puisqu\u2019il ne voit pas d\u2019inconv\u00e9nient \u00e0 ce que ces mouvements soient l\u00e9galis\u00e9s, m\u00eame s\u2019il a insist\u00e9 sur le fait que leur l\u00e9galisation de ces mouvements ne veut en aucun dire permettre d\u2019enfreindre les lois. Mais justement, de quelles lois on parle?! Veut-il les faire sortir de la clandestinit\u00e9 pour mieux les maitriser? Une arme \u00e0 double tranchant, je pense\u2026<\/font><\/span><\/p>\n<p align=\"left\"><span lang=\"FR\"><font face=\"Arial\">La balle est dans le camp des vainqueurs!<\/font><\/span><\/p>\n<p align=\"left\"><i><span lang=\"FR\"><font face=\"Arial\">* Cadre bancaire. <\/font><\/span><\/i><\/p>\n<p align=\"left\"><span lang=\"FR\"><font face=\"Arial\"><strong>Source : \u00ab Kapitalis \u00bb Le 05-11-2011<\/strong><\/font><\/span><\/p>\n<p align=\"left\"><font face=\"Arial\"><span lang=\"FR\"><font>Lien :<\/font><\/span><span lang=\"NO-BOK\"><a href=\"http:\/\/www.kapitalis.com\/afkar\/68-tribune\/6709-tunisie-ennahdha-entre-son-commandement-et-sa-base.html\" rel=\"nofollow noopener\" target=\"_blank\"><font>http:\/\/www.kapitalis.com\/afkar\/68-tribune\/6709-tunisie-ennahdha-entre-son-commandement-et-sa-base.html<\/font><\/a><\/span><\/font><\/p>\n<div align=\"center\"><strong><\/p>\n<h3 style=\"color: blue;\"><font face=\"Arial\">Souad Abderrahim : l&rsquo;\u00e9lue non-voil\u00e9e des islamistes d&rsquo;Ennahda<\/font><\/h3>\n<p><\/strong><\/div>\n<div align=\"left\">\n<hr\/>\n<\/div>\n<p align=\"left\">\u00a0<\/p>\n<div align=\"left\"><font face=\"Arial\" size=\"2\">Souad Abderrahim assume \u00e0 la perfection son r\u00f4le d&rsquo;\u00e9lue \u00ab non voil\u00e9e \u00bb du parti Ennahda. Au si\u00e8ge du parti tunisien, elle encha\u00eene les interviews, se d\u00e9fendant d&rsquo;\u00eatre une \u00ab vitrine \u00bb ou un faire-valoir pour le parti islamiste. T\u00eate de liste d&rsquo;Ennahda dans la deuxi\u00e8me circonscription de Tunis, cette pharmacienne et femme d&rsquo;affaires de 47 ans a \u00e9t\u00e9 \u00e9lue haut la main<\/font><a href=\"http:\/\/www.leparisien.fr\/crise-tunisie\/elections-en-tunisie-l-avance-d-ennahda-se-confirme-25-10-2011-1685392.php\" rel=\"nofollow noopener\" target=\"_blank\"><font face=\"Arial\" size=\"2\">lors des \u00e9lections du 23 octobre <\/font><\/a><font face=\"Arial\" size=\"2\">et sa liste a rafl\u00e9 3 si\u00e8ges. <\/font><\/div>\n<div align=\"left\"><span><span><\/span><\/span><\/div>\n<div align=\"left\"><font face=\"Arial\" size=\"2\">EN SAVOIR PLUS<\/font><a href=\"http:\/\/www.leparisien.fr\/crise-tunisie\/tunisie-ennahda-donne-des-gages-d-ouverture-28-10-2011-1690721.php\" rel=\"nofollow noopener\" target=\"_blank\"><font face=\"Arial\" size=\"2\">Tunisie : Ennahda donne des gages d&rsquo;ouverture<\/font><\/a><a href=\"http:\/\/www.leparisien.fr\/laparisienne\/societe\/les-tunisiennes-dans-la-rue-pour-defendre-leurs-droits-02-11-2011-1698456.php\" rel=\"nofollow noopener\" target=\"_blank\"><font face=\"Arial\" size=\"2\">Les Tunisiennes dans la rue pour d\u00e9fendre leurs droits<\/font><\/a><a href=\"http:\/\/www.leparisien.fr\/laparisienne\/societe\/souad-abderrahim-symbole-ou-alibi-d-ennahda-25-10-2011-1685430.php\" rel=\"nofollow noopener\" target=\"_blank\"><font face=\"Arial\" size=\"2\">Souad Abderrahim, symbole ou alibi d&rsquo;Ennahda ?<\/font><\/a><a href=\"http:\/\/www.leparisien.fr\/espace-premium\/actu\/ghannouchi-le-nouveau-rais-de-tunis-27-10-2011-1688208.php\" rel=\"nofollow noopener\" target=\"_blank\"><font face=\"Arial\" size=\"2\"> Ghannouchi, le nouveau ra\u00efs de Tunis<\/font><\/a><\/div>\n<div align=\"left\"><font face=\"Arial\" size=\"2\">Elle est l&rsquo;une des 90 \u00e9lus du parti islamiste dans l&rsquo;assembl\u00e9e constituante, qui compte au total 49 femmes. <\/font><a href=\"http:\/\/www.leparisien.fr\/laparisienne\/societe\/elections-tunisiennes-ou-sont-les-femmes-18-10-2011-1659054.php\" rel=\"nofollow noopener\" target=\"_blank\"><font face=\"Arial\" size=\"2\">Malgr\u00e9 une loi rendant obligatoire la parit\u00e9 dans les listes \u00e9lectorales, les \u00e9lections tunisiennes \u00e9taient marqu\u00e9es par une faible pr\u00e9sence f\u00e9minine chez les candidats. <\/font><\/a> <font face=\"Arial\" size=\"2\"><strong>\u00ab Est-ce que je suis une vitrine d&rsquo;Ennahda? Je ne pense pas, non \u00bb <\/strong> Chevelure auburn, visage souriant un peu las, tailleur pantalon et manteau gris ajust\u00e9.<\/font><a href=\"http:\/\/www.leparisien.fr\/laparisienne\/societe\/souad-abderrahim-symbole-ou-alibi-d-ennahda-25-10-2011-1685430.php\" rel=\"nofollow noopener\" target=\"_blank\"><font face=\"Arial\" size=\"2\">Mme Abderrahim \u00ab la candidate non voil\u00e9e t\u00eate de liste d&rsquo;Ennahda \u00bb, a \u00e9t\u00e9 habilement mise en avant pendant la campagne comme incarnation de la modernit\u00e9 du parti islamiste<\/font><\/a><font face=\"Arial\" size=\"2\">. Lors du dernier meeting de campagne du parti \u00e0 Ben Arous, dans la banlieue sud de Tunis, elle avait \u00e9t\u00e9 ovationn\u00e9e, volant m\u00eame la vedette au chef <\/font><a href=\"http:\/\/www.leparisien.fr\/espace-premium\/actu\/ghannouchi-le-nouveau-rais-de-tunis-27-10-2011-1688208.php\" rel=\"nofollow noopener\" target=\"_blank\"><font face=\"Arial\" size=\"2\">Rached Ghannouchi<\/font><\/a><font face=\"Arial\" size=\"2\">. \u00ab Est-ce que je suis une vitrine d&rsquo;Ennahda? Je ne pense pas, non \u00bb, balaye Mme Abderrahim.  \u00ab Premi\u00e8rement, il n&rsquo;y a pas que ma liste qui a gagn\u00e9. Le parti islamiste est arriv\u00e9 en t\u00eate dans presque toute la Tunisie \u00bb, souligne-t-elle. Mettant en avant son pass\u00e9 de militante au sein du syndicat \u00e9tudiant l&rsquo;<\/font><a href=\"http:\/\/www.leparisien.fr\/flash-actualite-monde\/tunisie-heurts-devant-le-siege-du-gouvernement-greve-des-instituteurs-24-01-2011-1240529.php\" rel=\"nofollow noopener\" target=\"_blank\"><font face=\"Arial\" size=\"2\">UGET<\/font><\/a><font face=\"Arial\" size=\"2\">, dont elle a si\u00e9g\u00e9 au bureau ex\u00e9cutif en 1985, elle explique conna\u00eetre les militants islamistes depuis cette \u00e9poque. \u00ab On a travaill\u00e9 ensemble, ils me connaissent bien, c&rsquo;est pour cela qu&rsquo;ils m&rsquo;ont propos\u00e9 de prendre la t\u00eate de liste, affirme l&rsquo;\u00e9lue Ennahda. J&rsquo;ai \u00e9tudi\u00e9 leur programme. J&rsquo;ai dit oui \u00bb.  <\/font><font face=\"Arial\" size=\"2\"><strong>La crainte des femmes face \u00e0 la victoire du parti islamiste <\/strong> <\/font><a href=\"http:\/\/www.leparisien.fr\/espace-premium\/fait-du-jour\/en-tunisie-le-parti-religieux-revendique-la-victoire-25-10-2011-1684619.php\" rel=\"nofollow noopener\" target=\"_blank\"><font face=\"Arial\" size=\"2\">La victoire du parti islamiste Ennahda<\/font><\/a><font face=\"Arial\" size=\"2\">a suscit\u00e9 de vives r\u00e9actions dans la soci\u00e9t\u00e9 tunisienne,<\/font><a href=\"http:\/\/www.leparisien.fr\/diaporama-videos\/index.php?sig=iLyROoaf2DtK&amp;csig=&amp;source=home&amp;pub=&amp;rub=\" rel=\"nofollow noopener\" target=\"_blank\"><font face=\"Arial\" size=\"2\">de liesse parfois<\/font><\/a><font face=\"Arial\" size=\"2\">, mais aussi de craintes de la part des femmes qui s&rsquo;inqui\u00e8te de perdre les acquis qu&rsquo;elles ont gagn\u00e9s par le pass\u00e9. <\/font><a href=\"http:\/\/www.leparisien.fr\/laparisienne\/societe\/les-tunisiennes-dans-la-rue-pour-defendre-leurs-droits-02-11-2011-1698456.php\" rel=\"nofollow noopener\" target=\"_blank\"><font face=\"Arial\" size=\"2\">Mercredi dernier, plusieurs centaines de femmes ont manifest\u00e9 dans le centre de Tunis pour r\u00e9clamer des garanties sur leurs droits<\/font><\/a><font face=\"Arial\" size=\"2\">. \u00ab Oui, ce parti suscite des craintes \u00bb a conscience Mme Abderrahim. \u00ab Non, la polygamie ne sera pas instaur\u00e9e, non, on ne va pas imposer le voile \u00bb, ajoute-t-elle, avec plus de v\u00e9h\u00e9mence. <\/font><a href=\"http:\/\/www.leparisien.fr\/crise-tunisie\/tunisie-ennahda-donne-des-gages-d-ouverture-28-10-2011-1690721.php?fb_xd_fragment#?=&amp;cb=f3cb14d3a1692b&amp;relation=parent.parent&amp;transport=fragment&amp;type=resize&amp;height=27&amp;ackData[id]=2\" rel=\"nofollow noopener\" target=\"_blank\"><font face=\"Arial\" size=\"2\">Ces derniers jours, le parti islamiste a mulitipli\u00e9 les tentatives pour rassurer sur son ouverture, notamment sur le droit des femmes<\/font><\/a><font face=\"Arial\" size=\"2\">. \u00ab Il y a une phobie d&rsquo;Ennahda dans ce pays. Mais les Tunisiens vont juger sur la pratique, et ils comprendront qu&rsquo;on ne veut rien imposer. La Tunisie pratique un islam mod\u00e9r\u00e9, et Ennahda est un parti politique civil et mod\u00e9r\u00e9, respectueux des libert\u00e9s \u00bb, poursuit-elle.  Sur la question du voile, elle est intarissable. \u00ab C&rsquo;est une libert\u00e9 individuelle. L&rsquo;ancien r\u00e9gime avait fait dispara\u00eetre les voil\u00e9es du paysage. Moi, je me sens bien telle que je suis, mais peut \u00eatre qu&rsquo;un jour je me voilerai. En tout cas, ce n&rsquo;est pas Ennahda qui me l&rsquo;imposera \u00bb, tente-t-elle de rassurer.   <\/font><font face=\"Arial\" size=\"2\"><strong>Les rumeurs sur sa candidature \u00e0 la pr\u00e9sidence de l&rsquo;Assembl\u00e9e constituante <\/strong> Ces derniers jours, les rumeurs la donnent comme candidate du parti \u00e0 la pr\u00e9sidence de l&rsquo;Assembl\u00e9e constituante, ce qui constituerait une premi\u00e8re absolue dans un pays arabe. <\/font><a href=\"http:\/\/www.leparisien.fr\/crise-tunisie\/tunisie-le-numero-2-d-ennahda-vise-le-poste-de-premier-ministre-26-10-2011-1686927.php\" rel=\"nofollow noopener\" target=\"_blank\"><font face=\"Arial\" size=\"2\">Le parti islamiste entend diriger le futur gouvernement de la Tunisie.<\/font><\/a><font face=\"Arial\" size=\"2\"> Prudente, elle esquive. \u00ab Les gens m&rsquo;ont \u00e9lue pour que je les repr\u00e9sente dans l&rsquo;Assembl\u00e9e constituante. Le plus important, c&rsquo;est que je fasse entendre leurs voix. Il y a des suggestions, des n\u00e9gociations en cours entre les partis, et je ne suis pas membre du bureau politique d&rsquo;Ennahda, je ne participe pas \u00e0 ces n\u00e9gociations \u00bb, souligne-t-elle.  <\/font><a href=\"http:\/\/www.leparisien.fr\/laparisienne\/societe\/souad-abderrahim-symbole-ou-alibi-d-ennahda-25-10-2011-1685430.php\" rel=\"nofollow noopener\" target=\"_blank\"><font face=\"Arial\" size=\"2\">M\u00e8re de deux enfants, Souad Abderrahim a men\u00e9 l&rsquo;essentiel de la campagne sur le th\u00e8me de la famille.<\/font><\/a><font face=\"Arial\" size=\"2\"> Au dernier meeting de Ben Arous, Mme Abderrahim revendiquait pour son parti \u00ab le minist\u00e8re de l&rsquo;Education, pour b\u00e2tir les nouvelles g\u00e9n\u00e9rations de la Tunisie arabe et musulmane \u00bb.  \u00ab Mais oui! Nous sommes une soci\u00e9t\u00e9 arabo-musulmane et nous en sommes fiers. Et dans le m\u00eame temps, nous devons \u00e9duquer nos enfants d\u00e8s le plus jeune \u00e2ge au concept de d\u00e9mocratie. Je veux que les prochaines g\u00e9n\u00e9rations ne soient plus oblig\u00e9es de sacraliser les photos d&rsquo;un pr\u00e9sident \u00bb, conclut-elle, \u00e9voquant durement l&rsquo;Histoire politique de la Tunisie avant la r\u00e9volution de janvier dernier. <\/font><\/div>\n<p align=\"left\"><font face=\"Arial\" size=\"2\"><strong>(Source: Leparisien.fr<font face=\"Arial\" size=\"2\">04.11.2011, 17h13 | Mise \u00e0 jour : 18h32)<\/font><\/strong><\/font><\/p>\n<p><strong><font face=\"Arial\" size=\"2\"><\/p>\n<div align=\"left\">\n<hr\/>\n<\/div>\n<p><\/font><\/strong><\/p>\n<p align=\"center\"><span lang=\"NO-BOK\"><a href=\"http:\/\/www.kapitalis.com\/politik\/72-partis\/6712-tunisie-afek-tounes-deplore-des-l-manuvres-destabilisantesr.html\" rel=\"nofollow noopener\" target=\"_blank\"><b><span lang=\"FR\"><\/p>\n<h3 style=\"color: blue;\"><font face=\"Arial\">Tunisie. Afek Tounes d\u00e9plore des \u00ab man\u0153uvres d\u00e9stabilisantes\u00bb<\/font><\/h3>\n<p><\/span><\/b><\/a><\/span><\/p>\n<hr\/>\n<p>\u00a0<\/p>\n<p align=\"left\"><span lang=\"FR\"><font face=\"Arial\">Selon la direction d\u2019Afek Tounes, les r\u00e9centes d\u00e9missions seraient des \u00abman\u0153uvres d\u00e9stabilisantes\u00bb de certains qui n\u2019acceptent pas facilement la d\u00e9mocratie \u00ablorsqu\u2019ils sont minoritaires\u00bb.<\/font><\/span><\/p>\n<p align=\"left\"><span lang=\"FR\"><font face=\"Arial\">Dans un communiqu\u00e9 publi\u00e9 au lendemain de l\u2019annonce de la d\u00e9mission de 16 membres, dont plusieurs de ses cadres dirigeants, notamment Mustapha Mezghani, membre fondateur et secr\u00e9taire g\u00e9n\u00e9ral du parti, Emna Menif, ex-porte-parole et l\u2019une des ses t\u00e9nors et Riadh Zaoui , membre fondateur, le parti Afek Tounes a mis en avant ses \u00ab10.000 adh\u00e9rents\u00bb qui l\u2019ont rejoint depuis sa cr\u00e9ation il y a quelques mois, et dont \u00able flux croit rapidement depuis les \u00e9lections\u00bb, ainsi que les \u00ab70.000 Tunisiens\u00bb qui lui \u00abont fait confiance\u00bb en votant pour ses candidats, lui permettant \u00abd\u2019\u00eatre pr\u00e9sents au sein de l\u2019Assembl\u00e9e nationale constituante avec 4 repr\u00e9sentants\u00bb.<\/font><\/span><\/p>\n<p align=\"left\"><span lang=\"FR\"><font face=\"Arial\">En r\u00e9ponse aux accusations de gestion autoritaire et personnel des affaires d\u2019Afek Tounes, le communiqu\u00e9 explique le mode de fonctionnement du parti en ces termes: \u00abEn attendant son congr\u00e8s fondateur, Afek Tounes a mis en place des structures pour g\u00e9rer cette phase de cr\u00e9ation du parti avec un Comit\u00e9 central d\u00e9sign\u00e9 et int\u00e9grant progressivement toutes les r\u00e9gions qui se sont d\u00e9velopp\u00e9es, un Comit\u00e9 directeur et un Directeur op\u00e9rationnel tous deux \u00e9lus par le Comit\u00e9 central. Ces instances fonctionnent d\u00e9mocratiquement dans le cadre d\u2019un r\u00e8glement int\u00e9rieur pr\u00e9cis.\u00bb<\/font><\/span><\/p>\n<p align=\"left\"><span lang=\"FR\"><font face=\"Arial\">Pourquoi donc de hauts cadres du parti ont-ils pr\u00e9f\u00e9r\u00e9 jeter l\u2019\u00e9ponge \u00e0 quelques semaines dudit congr\u00e8s? N\u2019auraient-ils pas pu attendre le congr\u00e8s pour essayer de corriger les carences constat\u00e9es en mati\u00e8re de gouvernance ou ont-ils d\u00e9sesp\u00e9r\u00e9 de la possibilit\u00e9 de le faire?<\/font><\/span><\/p>\n<p align=\"left\"><span lang=\"FR\"><font face=\"Arial\">La direction, repr\u00e9sent\u00e9e par Yacine Ibrahim, critique, dans son communiqu\u00e9, la position des d\u00e9missionnaires qui \u00abmalheureusement, n\u2019acceptent pas facilement la d\u00e9mocratie (\u2026) lorsqu\u2019ils sont minoritaires.\u00bb Aux \u00abd\u00e9bats internes\u00bb, ils ont pr\u00e9f\u00e9r\u00e9 manifester leur m\u00e9contentement \u00abpar des d\u00e9missions et des attaques du parti dans la presse et les m\u00e9dias\u00bb, qui plus est, \u00abdans un moment o\u00f9 nous devons nous concentrer sur des questions post\u00e9lectorales tr\u00e8s importantes pour le pays et le parti.\u00bb<\/font><\/span><\/p>\n<p align=\"left\"><span lang=\"FR\"><font face=\"Arial\">Tout en d\u00e9plorant ces m\u00e9thodes, assimil\u00e9es \u00e0 des \u00abman\u0153uvres d\u00e9stabilisantes\u00bb, la direction d\u2019Afek Tounes a tenu \u00e0 rassurer tous ses adh\u00e9rents et sympathisants que le parti \u00abdemeurera attach\u00e9 \u00e0 son objectif principal: servir notre pays et notre soci\u00e9t\u00e9\u00bb.<\/font><\/span><\/p>\n<p align=\"left\"><span lang=\"FR\"><font face=\"Arial\"><strong>Source : \u00ab Kapitalis \u00bb Le 05-11-2011<\/strong><\/font><\/span><\/p>\n<p align=\"left\"><font face=\"Arial\"><span lang=\"FR\"><font>Lien :<\/font><\/span><span lang=\"NO-BOK\"><a href=\"http:\/\/www.kapitalis.com\/politik\/72-partis\/6712-tunisie-afek-tounes-deplore-des-l-manuvres-destabilisantesr.html\" rel=\"nofollow noopener\" target=\"_blank\"><span lang=\"FR\"><font>http:\/\/www.kapitalis.com\/politik\/72-partis\/6712-tunisie-afek-tounes-deplore-des-l-manuvres-destabilisantesr.html<\/font><\/span><\/a><\/span><\/font><\/p>\n<p align=\"center\"><b><span lang=\"FR\"><\/p>\n<h3 style=\"color: blue;\"><font face=\"Arial\">Tunisie : myst\u00e8re autour de l&rsquo;\u00e9mergence d&rsquo;un nouveau mouvement de femmes<\/font><\/h3>\n<p><\/span><\/b><\/p>\n<hr\/>\n<p>\u00a0<\/p>\n<p align=\"left\"><span lang=\"FR\"><font face=\"Arial\">La naissance d&rsquo;un nouveau mouvement de femmes r\u00e9clamant l&rsquo;inscription de leurs droits dans la Constitution a surpris les Tunisiens et suscit\u00e9 des suspicions de manipulation par d&rsquo;anciens membres du RCD de Ben Ali. Les associations f\u00e9ministes traditionnelles pr\u00e9f\u00e8rent ne pas juger ces nouvelles arrivantes, dans l&rsquo;espoir d&rsquo;exercer une plus forte pression sur la Constituante.<\/font><\/span><\/p>\n<p align=\"left\"><span lang=\"FR\"><font face=\"Arial\">Elles \u00e9taient presque un demi-millier \u00e0 s\u2019\u00eatre donn\u00e9 rendez-vous, mercredi 2 novembre, place de la Kasbah \u00e0 Tunis. Une semaine apr\u00e8s les \u00e9lections de l\u2019Assembl\u00e9e constituante remport\u00e9es par le parti islamiste Ennahdha, l&rsquo;objectif \u00e9tait de lutter contre \u00ab les surench\u00e8res politiques sur les acquis de la femme \u00bb, indiquaient leurs pancartes et, surtout, d&rsquo;\u00ab inscrire le code du statut personnel et les droits de la femme dans la Constitution \u00bb, explique \u00e0 jeuneafrique.com Leila Chettaoui, propuls\u00e9e chef de file du mouvement.<\/font><\/span><\/p>\n<p align=\"left\"><span lang=\"FR\"><font face=\"Arial\">Selon les propos de plusieurs manifestantes aux m\u00e9dias tunisiens, la manifestation du 2 novembre \u00e9tait spontan\u00e9e. Elle fut le fruit d&rsquo;une \u00ab initiative citoyenne et non partisane, qui a vu le jour gr\u00e2ce au bouche-\u00e0-oreille, \u00e0 des messages SMS ou \u00e0 Facebook \u00bb. Encore m\u00e9connue, Leila Chettaoui, \u00ab coach \u00bb de profession, s\u2019est lanc\u00e9e dans le combat apr\u00e8s \u00ab un simple r\u00eave \u00bb, dit-elle. \u00ab Je me suis lev\u00e9 un matin, il y a trois semaines de cela , en me disant que nous vivions un moment historique et que nous devions tout faire pour \u00e9viter que les droits de la femme ne soient bafou\u00e9s \u00bb. Elle appelle alors quelques amies et, de fil en aiguille, le mouvement prend forme.<\/font><\/span><\/p>\n<p align=\"left\"><span lang=\"FR\"><font face=\"Arial\">\u00ab\u00a0Amies d&rsquo;amies\u00a0\u00bb<\/font><\/span><\/p>\n<p align=\"left\"><span lang=\"FR\"><font face=\"Arial\">\u00c0 Tunis, dans les milieux associatifs de d\u00e9fense des droits des femmes, on se pose beaucoup de questions sur l\u2019identit\u00e9 de ces femmes, sorties de nulle part en un temps record. \u00ab J\u2019ai re\u00e7u un flot de message provenant \u00ab d\u2019amies d\u2019amies \u00bb via Facebook, appelant \u00e0 manifester devant la Kasbah et priant d\u2019amener 10 personnes \u00bb, raconte Faiza Skandrani, la pr\u00e9sidente de l\u2019association tunisienne \u00c9galit\u00e9 et parit\u00e9, qui d\u00e9plore n\u2019avoir pu \u00ab identifier le chef de ce groupe. (&#8230;) Nous sommes favorables \u00e0 tout ce qui peut porter le droit des femmes en Tunisie, mais nous voulons une concertation et non l\u2019anonymat \u00bb, demande-t-elle.<\/font><\/span><\/p>\n<p align=\"left\"><span lang=\"FR\"><font face=\"Arial\">Leila Chettaoui r\u00e9pond qu\u2019elle ne s\u2019attendait pas \u00e0 voir autant de femmes \u00e0 la manifestation. Elle dit ne pas conna\u00eetre l\u2019exp\u00e9diteur des messages Facebook et des SMS qui les ont aid\u00e9es \u00e0 faire irruption sur le devant de la sc\u00e8ne f\u00e9ministe. La preuve, selon elle : le groupe n\u2019a m\u00eame pas eu le temps de penser \u00e0 un nom. \u00ab On nous appelle d\u00e9j\u00e0 les \u00ab\u00a0femmes spontan\u00e9es\u00a0\u00bb \u00bb, s\u2019amuse-t-elle.<\/font><\/span><\/p>\n<p align=\"left\"><span lang=\"FR\"><font face=\"Arial\">Selon Chettaoui, les femmes du mouvement ne revendiquent aucune autre appartenance, ni associative ni politique. \u00ab Nous sommes des m\u00e8res, des femmes ordinaires \u00bb, dit-elle, m\u00eame si plusieurs t\u00e9moignages les d\u00e9crivent comme issues d\u2019un milieu social plut\u00f4t \u00e9lev\u00e9, selon leur apparence vestimentaire. Ce que confirme Leila Chettaoui. \u00ab Nous n\u2019habitons pas des quartiers populaires \u00bb. On compterait m\u00eame parmi elles plusieurs \u00ab chefs d\u2019entreprises \u00bb, assure Faiza Skandrani.<\/font><\/span><\/p>\n<p align=\"left\"><span lang=\"FR\"><font face=\"Arial\">Succ\u00e8s surprenant<\/font><\/span><\/p>\n<p align=\"left\"><span lang=\"FR\"><font face=\"Arial\">Reste qu&rsquo;en deux jours, les femmes du mouvement ont pu rencontrer plusieurs dirigeants politiques, dont le Premier ministre B\u00e9ji Ca\u00efd Essebsi qui leur a promis que \u00ab la ligne rouge \u00bb des droits de la femme ne sera pas franchie. Un succ\u00e8s surprenant, l\u00e0 o\u00f9 d\u2019autres associations avaient \u00e9chou\u00e9. Une petite dizaine d\u2019entre elles ont \u00e9galement pu discuter avec Mustapha Ben Jaafar, le leader du parti Ettakattol ou encore Mohamed Abbou, un responsable du Congr\u00e8s pour la r\u00e9publique (CPR) de Moncef Marzouki. Leur revendication principale : offrir des garanties constitutionnelles quant au respect du droit des femmes. Leur prochain objectif : convaincre les dirigeants d\u2019Ennahdha, qui ont accept\u00e9 l\u2019id\u00e9e d\u2019une rencontre.<\/font><\/span><\/p>\n<p align=\"left\"><span lang=\"FR\"><font face=\"Arial\">Mais ces rencontres au plus haut niveau politique suscitent de la jalousie, de l&rsquo;animosit\u00e9 machiste et alimentent de nombreuses rumeurs de manipulation par des membres de l\u2019ex-RCD de Zine el-Abidine Ben Ali. Sans r\u00e9futer ces all\u00e9gations, Faiza Skandrani pr\u00e9f\u00e8re quant \u00e0 elle \u00e9luder la question. Et refuse d\u2019\u00e9mettre un jugement, n\u2019entendant pas mettre \u00e0 l\u2019\u00e9cart ce nouveau mouvement de femmes.<\/font><\/span><\/p>\n<p align=\"left\"><span lang=\"FR\"><font face=\"Arial\">Multiplication des agressions<\/font><\/span><\/p>\n<p align=\"left\"><span lang=\"FR\"><font face=\"Arial\">\u00ab Peu importe leur id\u00e9ologie si elles n\u2019ont pas particip\u00e9 au syst\u00e8me de corruption de l&rsquo;ancien r\u00e9gime. Nous devons faire bloc pour conserver les droits des femmes, mais aussi pour les promouvoir \u00bb, dit-elle. Et d\u2019ajouter : \u00ab le 2 novembre, elles ont marqu\u00e9 un point car les m\u00e9dias ont parl\u00e9 de leur action. M\u00eame si elles \u00e9taient manipul\u00e9es, elles \u0153uvrent tout de m\u00eame \u00e0 la lutte pour l\u2019\u00e9galit\u00e9 et la parit\u00e9 \u00bb.<\/font><\/span><\/p>\n<p align=\"left\"><span lang=\"FR\"><font face=\"Arial\">\u00ab La seule th\u00e9orie du complot, c\u2019est celle contre les droits des femmes \u00bb, poursuit Faiza Skandrani, qui \u00e9voque les agressions qui se multiplient, comme celles de deux professeurs non voil\u00e9es \u00e0 la facult\u00e9 des lettres et des sciences de Tunis. La militante appelle d\u2019ailleurs ce nouveau groupe de femmes \u00e0 se joindre \u00e0 la grande manifestation pr\u00e9vue lors de la premi\u00e8re r\u00e9union de l\u2019Assembl\u00e9e constituante, vraisemblablement le 9 novembre, un \u00ab stand up \u00bb qui regroupera quelque 17 associations en faveur des droits des femmes. \u00ab Nous sommes ouvertes \u00e0 toutes les propositions des associations \u00bb, r\u00e9pond Leila Chettaoui, ajoutant que toutes parlent \u00ab le m\u00eame langage\u00bbet sont \u00ab unies pour la m\u00eame cause \u00bb. Affaire \u00e0 suivre&#8230;<\/font><\/span><\/p>\n<p align=\"left\"><span lang=\"FR\"><font face=\"Arial\"><strong>Source : \u00ab Jeune Afrique \u00bbLe 05-11-2011<\/strong><\/font><\/span><\/p>\n<p align=\"left\"><font face=\"Arial\"><span lang=\"FR\"><font>Lien :<\/font><\/span><span lang=\"NO-BOK\"><a href=\"http:\/\/www.jeuneafrique.com\/Article\/ARTJAWEB20111105145033\/tunisie-election-parite-manifestationtunisie-mystere-autour-de-l-emergence-d-un-nouveau-mouvement-de-femmes.html\" rel=\"nofollow noopener\" target=\"_blank\"><span lang=\"FR\"><font>http:\/\/www.jeuneafrique.com\/Article\/ARTJAWEB20111105145033\/tunisie-election-parite-manifestationtunisie-mystere-autour-de-l-emergence-d-un-nouveau-mouvement-de-femmes.html<\/font><\/span><\/a><\/span><\/font><\/p>\n<\/div>\n<\/div>\n<\/div>\n<\/div>\n<\/div>\n<\/div>\n<\/div>\n<\/div>\n<\/div>\n<\/div>\n<p><\/body><\/body><\/html><\/p>\n","protected":false},"excerpt":{"rendered":"<p>TUNISNEWS 11 \u00e8me ann\u00e9e, N\u00b04147 du 06.11.2011 archives : www.tunisnews.net ATFD: Non \u00e0 la violence et \u00e0 l&rsquo;intimidation contre les femmes Paris Mach: Tunisie: les nouveaux hommes forts Espace Manager: Tunisie: Hamadi Jebali rassure les m\u00e9dias WMC: Tunisie \u2013 Elections : Le substrat culturel, encore et toujours\u2026 Le Parisien: Souad Abderrahim : l&rsquo;\u00e9lue non-voil\u00e9e des [&hellip;]<\/p>\n","protected":false},"author":1,"featured_media":22040,"comment_status":"open","ping_status":"open","sticky":false,"template":"","format":"standard","meta":{"inline_featured_image":false,"site-sidebar-layout":"default","site-content-layout":"","ast-site-content-layout":"default","site-content-style":"default","site-sidebar-style":"default","ast-global-header-display":"","ast-banner-title-visibility":"","ast-main-header-display":"","ast-hfb-above-header-display":"","ast-hfb-below-header-display":"","ast-hfb-mobile-header-display":"","site-post-title":"","ast-breadcrumbs-content":"","ast-featured-img":"","footer-sml-layout":"","ast-disable-related-posts":"","theme-transparent-header-meta":"","adv-header-id-meta":"","stick-header-meta":"","header-above-stick-meta":"","header-main-stick-meta":"","header-below-stick-meta":"","astra-migrate-meta-layouts":"default","ast-page-background-enabled":"default","ast-page-background-meta":{"desktop":{"background-color":"","background-image":"","background-repeat":"repeat","background-position":"center center","background-size":"auto","background-attachment":"scroll","background-type":"","background-media":"","overlay-type":"","overlay-color":"","overlay-opacity":"","overlay-gradient":""},"tablet":{"background-color":"","background-image":"","background-repeat":"repeat","background-position":"center center","background-size":"auto","background-attachment":"scroll","background-type":"","background-media":"","overlay-type":"","overlay-color":"","overlay-opacity":"","overlay-gradient":""},"mobile":{"background-color":"","background-image":"","background-repeat":"repeat","background-position":"center center","background-size":"auto","background-attachment":"scroll","background-type":"","background-media":"","overlay-type":"","overlay-color":"","overlay-opacity":"","overlay-gradient":""}},"ast-content-background-meta":{"desktop":{"background-color":"var(--ast-global-color-5)","background-image":"","background-repeat":"repeat","background-position":"center center","background-size":"auto","background-attachment":"scroll","background-type":"","background-media":"","overlay-type":"","overlay-color":"","overlay-opacity":"","overlay-gradient":""},"tablet":{"background-color":"var(--ast-global-color-5)","background-image":"","background-repeat":"repeat","background-position":"center center","background-size":"auto","background-attachment":"scroll","background-type":"","background-media":"","overlay-type":"","overlay-color":"","overlay-opacity":"","overlay-gradient":""},"mobile":{"background-color":"var(--ast-global-color-5)","background-image":"","background-repeat":"repeat","background-position":"center center","background-size":"auto","background-attachment":"scroll","background-type":"","background-media":"","overlay-type":"","overlay-color":"","overlay-opacity":"","overlay-gradient":""}},"footnotes":""},"categories":[],"tags":[63,42,29],"class_list":["post-19084","post","type-post","status-publish","format-standard","has-post-thumbnail","hentry","tag-63","tag-42","tag-fr"],"_links":{"self":[{"href":"https:\/\/tunisnews.net\/ar\/wp-json\/wp\/v2\/posts\/19084","targetHints":{"allow":["GET"]}}],"collection":[{"href":"https:\/\/tunisnews.net\/ar\/wp-json\/wp\/v2\/posts"}],"about":[{"href":"https:\/\/tunisnews.net\/ar\/wp-json\/wp\/v2\/types\/post"}],"author":[{"embeddable":true,"href":"https:\/\/tunisnews.net\/ar\/wp-json\/wp\/v2\/users\/1"}],"replies":[{"embeddable":true,"href":"https:\/\/tunisnews.net\/ar\/wp-json\/wp\/v2\/comments?post=19084"}],"version-history":[{"count":0,"href":"https:\/\/tunisnews.net\/ar\/wp-json\/wp\/v2\/posts\/19084\/revisions"}],"wp:featuredmedia":[{"embeddable":true,"href":"https:\/\/tunisnews.net\/ar\/wp-json\/wp\/v2\/media\/22040"}],"wp:attachment":[{"href":"https:\/\/tunisnews.net\/ar\/wp-json\/wp\/v2\/media?parent=19084"}],"wp:term":[{"taxonomy":"category","embeddable":true,"href":"https:\/\/tunisnews.net\/ar\/wp-json\/wp\/v2\/categories?post=19084"},{"taxonomy":"post_tag","embeddable":true,"href":"https:\/\/tunisnews.net\/ar\/wp-json\/wp\/v2\/tags?post=19084"}],"curies":[{"name":"wp","href":"https:\/\/api.w.org\/{rel}","templated":true}]}}