{"id":19073,"date":"2008-01-23T00:00:00","date_gmt":"2008-01-23T00:00:00","guid":{"rendered":"https:\/\/tunisnews.net\/23-janvier-2008\/"},"modified":"2008-01-23T00:00:00","modified_gmt":"2008-01-23T00:00:00","slug":"23-janvier-2008","status":"publish","type":"post","link":"https:\/\/tunisnews.net\/ar\/23-janvier-2008\/","title":{"rendered":"23 janvier 2008"},"content":{"rendered":"<p><html><head><meta content=\"text\/html\" description=\"        Au vu et au su de tous et \u00e0 l'\u00e9poque de la globalisation et de         l'internet, le r\u00e9gime tunisien persiste \u00e0 exercer une r\u00e9pression         politique et intellectuelle qui remonte au plus loin et au plus sombre         de l'histoire, alors qu'il a sign\u00e9 tous les accords internationaux         concernant les droits de 1'homme. Pourtant le pouvoir tunisien se vante         de ses pr\u00e9tendues r\u00e9alisations (le progr\u00e8s, l'\u00e9tat de droit et des         institutions) qui ne sont en fait que des slogans pour tromper l'opinion         publique et pour \u00e9touffer une r\u00e9alit\u00e9 et une crise qui n'est plus         ignor\u00e9e de personne et qui dure depuis deux d\u00e9cennies.\" http-equiv=\"Content-Type\"\/><\/head><body><body><\/p>\n<p align=\"center\" dir=\"ltr\"><b><a href=\"https:\/\/tunisnews.net\/ar\/\"><span>Home<\/span><span lang=\"FR-CH\"> &#8211; Accueil <\/span><span>&#8211;<\/span><\/a><\/b><\/p>\n<div> <font face=\"Arial\" size=\"2\"> <span lang=\"FR\"> <font size=\"3\"> <span lang=\"FR-CH\"> <font><span lang=\"FR\"> <\/p>\n<div> <font> <\/p>\n<div> <font face=\"Arial\" size=\"2\">  <span lang=\"FR\"> <\/p>\n<div align=\"center\" dir=\"ltr\"> <font size=\"7\"><font face=\"Arial\"> <span lang=\"SV\"> <strong>TUNISNEWS<\/strong><\/span> <\/font><\/font> <\/div>\n<div align=\"center\" dir=\"ltr\"> <strong><font size=\"2\"><font face=\"Arial\">8\u00a0\u00e8me\u00a0ann\u00e9e,           N\u00b0 \u00a02800 du 23.01.2008<\/font><\/font><\/strong><\/div>\n<p> <strong> <\/p>\n<div align=\"center\" dir=\"ltr\"> <b><span><blink> <font face=\"Arial\" size=\"2\">\u00a0archives : <\/font> <a href=\"\" target=\"_blank\" rel=\"noopener\"> <font face=\"Arial\" size=\"2\" target=\"_blank\">          www.tunisnews.net<\/font><\/a><\/blink><\/span><\/b><font face=\"Arial\" size=\"2\"> <\/font> <span lang=\"FR-CH\"> <span lang=\"FR\"> <span dir=\"rtl\" lang=\"FR\"> <span lang=\"FR-CH\"><font><font> <font><font> <\/font><\/font><\/font><\/font><\/span><\/span><\/span><\/span><\/div>\n<p> <\/strong><\/span><\/font> <\/p>\n<div align=\"center\" dir=\"ltr\"> <strong><font face=\"Arial\"><\/p>\n<hr\/>\n<p><\/font><\/strong> <\/div>\n<p> <span lang=\"FR\"> <font size=\"3\"> <span lang=\"FR-CH\"> <\/p>\n<div>\n<div> <font face=\"Arial\"> <\/p>\n<div> <font face=\"Arial\" size=\"2\"><span> <span lang=\"FR-CH\"> <font size=\"2\"><strong>Appel d&rsquo;universitaires: Ecartez de notre               pays cette honte               <font>Call of academics : Keep this shame off our               country<\/font>               Le Temps: ** Un m\u00e9ga-projet italien pour d\u00e9velopper le tourisme               \u00e9cologique               <font>Le Temps: Le mal du si\u00e8cle touche la soci\u00e9t\u00e9               tunisienne<\/font>               Mezri Haddad et\u00a0 Jean-Fran\u00e7ois Matt\u00e9i: Sarkozy, papiste ou               gaulliste ?,               <font>AFP: Une \u00e9tude compile les \u00ab\u00a0mensonges\u00a0\u00bb de               Bush avant la guerre en Irak<\/font>               AFP:Terrorisme: les listes noires bafouent les droits de l&rsquo;Homme               (Marty)               <font>AFP:Terrorisme\/ listes noires: l&rsquo;histoire               \u00ab\u00a0kafka\u00efenne\u00a0\u00bb de Youssef Nada<\/font>               Reuters: Terrorisme &#8211; L&rsquo;Onu et l&rsquo;UE invit\u00e9es \u00e0 revoir leurs listes               noires<\/strong><\/font><\/span><\/span><\/font><\/div>\n<p> <\/font> <\/div>\n<div> <span lang=\"FR-CH\"> <font><strong><\/p>\n<hr\/>\n<p><\/strong><\/font><\/span> <\/div>\n<\/p><\/div>\n<p> <\/span><\/font><\/span><\/div>\n<div align=\"center\" dir=\"ltr\">\u00a0<\/p>\n<p><font face=\"Arial\" size=\"2\"><strong><\/p>\n<h2 style=\"color: red;\"><font size=\"3\">Appel d&rsquo;universitaires: Ecartez de notre pays cette honte<\/font><\/h2>\n<p><\/strong><\/font><\/p>\n<\/div>\n<div align=\"justify\" dir=\"ltr\">        \u00a0<\/div>\n<div align=\"justify\" dir=\"ltr\">        Au vu et au su de tous et \u00e0 l&rsquo;\u00e9poque de la globalisation et de         l&rsquo;internet, le r\u00e9gime tunisien persiste \u00e0 exercer une r\u00e9pression         politique et intellectuelle qui remonte au plus loin et au plus sombre         de l&rsquo;histoire, alors qu&rsquo;il a sign\u00e9 tous les accords internationaux         concernant les droits de 1&rsquo;homme. Pourtant le pouvoir tunisien se vante         de ses pr\u00e9tendues r\u00e9alisations (le progr\u00e8s, l&rsquo;\u00e9tat de droit et des         institutions) qui ne sont en fait que des slogans pour tromper l&rsquo;opinion         publique et pour \u00e9touffer une r\u00e9alit\u00e9 et une crise qui n&rsquo;est plus         ignor\u00e9e de personne et qui dure depuis deux d\u00e9cennies.         Une telle situation nous incite \u00e0 croire que le pouvoir nous a condamn\u00e9s         \u00e0 une morte lente afin de nous exhiber comme exemple de vengeance de         savants qui se sont sacrifi\u00e9s pour l&rsquo;int\u00e9r\u00eat du pays et n&rsquo;ont commis         aucun crime \u00e0 l&rsquo;encontre de qui que ce soit. Pourtant, ils ont souffert         des ann\u00e9es en prison et aujourd&rsquo;hui certains sont encore derri\u00e8re les         barreaux depuis presque une vingtaine ann\u00e9es, c&rsquo;est le cas du chimiste,         le Professeur Sadok Chourou. Quant \u00e0 nous, ceux qui ont \u00e9t\u00e9 lib\u00e9r\u00e9s,         nous nous sommes trouv\u00e9s assign\u00e9s \u00e0 r\u00e9sidence, priv\u00e9s de tout ce qui est         n\u00e9cessaire \u00e0 une vie honorable. Pis encore, le pouvoir a entrepris un         si\u00e8ge continuel en effa\u00e7ant notre identit\u00e9 universitaire, en lui         substituant \u00ab ouvrier\u00bb ou \u00ab sans emploi \u00bb. Il nous a m\u00eame priv\u00e9s de         toute activit\u00e9 et de tout travail, m\u00eame si nous avions accept\u00e9 d&rsquo;assurer         de modestes travaux agricoles ou dans des chantiers. Ceci est une honte         civilisationnelle et historique. L&rsquo;\u00e9tat de droit et des institutions a         pouss\u00e9 sa vengeance jusqu&rsquo;au ch\u00e2timent collectif \u00e0 travers nos familles         et tous ceux qui nous ont tendu la main. Notre courrier a \u00e9t\u00e9         intercept\u00e9, nos lignes t\u00e9l\u00e9phoniques ont \u00e9t\u00e9 coup\u00e9es, naviguer sur         internet nous a \u00e9t\u00e9 refus\u00e9, nos factures ont \u00e9t\u00e9 falsifi\u00e9es. .. Cet \u00e9tat         nous a impos\u00e9 une vie de n\u00e9cessit\u00e9, ce qui a eu un effet n\u00e9gatif sur nos         enfants qui ont ouvert leurs yeux sur les exactions et les provocations         polici\u00e8res. On n&rsquo;a cess\u00e9 de leur r\u00e9p\u00e9ter qu&rsquo;ils seront priv\u00e9s de         travail, qu&rsquo;ils se trouvent sur une liste noire; mais ils ont \u00e9t\u00e9         patients, pers\u00e9v\u00e9rants et ont tent\u00e9 de d\u00e9mentir ces dires.         Pourtant, leurs craintes se sont av\u00e9r\u00e9es justes lorsque certains se sont         vus priv\u00e9s de leur passeport ou interdits des concours nationaux. Une         telle situation accro\u00eet leur sentiment de d\u00e9sespoir et d&rsquo;\u00e9chec et         constitue un danger r\u00e9el sur leur mode de pens\u00e9e.         Ce drame a trop longtemps dur\u00e9 et a touch\u00e9 des milliers de victimes de         diff\u00e9rentes couches sociales (des ing\u00e9nieurs, m\u00e9decins, enseignants,         techniciens, \u00e9tudiants&#8230;) dont la plupart sont soumis au contr\u00f4le         judiciaire quotidien, aux menaces et aux pressions en prenant en         chantage la famille et les enfants.         Ce dont nous sommes s\u00fbrs, c&rsquo;est que cette exclusion intellectuelle,         politique et sociale ne peut qu&rsquo;accro\u00eetre l&rsquo;\u00e9bullition. Tous ceux, qui         dans le pouvoir, doivent assumer la responsabilit\u00e9 de la situation dans         laquelle risque de se trouver notre pays. Nous implorons les partis         politiques, les organismes humanitaires, les cadres et notamment les         universitaires de dire la v\u00e9rit\u00e9 et de nous soutenir dans notre drame         jusqu&rsquo;\u00e0 ce qu&rsquo;on mette fin \u00e0 notre exclusion, \u00e0 notre marginalisation et         \u00e0 la terreur et aux menaces exerc\u00e9es sur nos familles et nos enfants qui         sont devenus des \u00e9trangers dans leur propre patrie. &lsquo;         Que Dieu nous conduit vers le bien du pays et de ses hommes.                           <strong><font><font>Moncef Ben Salem,<\/font>         Docteur ing\u00e9nieur, docteur d&rsquo;Etat en math\u00e9matiques, Universit\u00e9 de Sfax                 <font>Mohammed Ghraiba,<\/font> Docteur en math\u00e9matiques,         Universit\u00e9 de Sfax          <font>Mahmoud Dogui,<\/font> Docteur d&rsquo;Etat en chimie,         Universit\u00e9 de Tunis          <font>Abbes Chourou,<\/font> Docteur d&rsquo;Etat en physique,         Universit\u00e9 de Tunis <\/font><\/strong> <\/div>\n<p> <\/font> <\/p>\n<div align=\"justify\" dir=\"rtl\">\n<hr\/><\/div>\n<div align=\"center\" dir=\"ltr\">\n<h2 style=\"color: red;\"><font face=\"Arial\" size=\"3\"><strong>Call of academics :         Keep this shame off our country<\/strong><\/font><\/h2>\n<\/div>\n<p> <font face=\"Arial\" size=\"2\"> <\/p>\n<div align=\"left\" dir=\"ltr\">                 \u00a0\u00a0\u00a0\u00a0\u00a0\u00a0\u00a0\u00a0\u00a0\u00a0\u00a0\u00a0 To everybody\u2019s knowledge and at the time of globalization         and the Internet, the Tunisian regime persists to exercise a political         and intellectual repression that goes up again to the farthest and to         the darkest of history, whereas it signed all international agreements         concerning human rights. Yet the Tunisian authority brags about its         supposed achievements (progress, the state of rights and institutions)         that are actually nothing but slogans to deceive the public opinion and         to choke a reality and a crisis that are not unknown to everyone and         which have lasted for two decades.         \u00a0\u00a0\u00a0\u00a0\u00a0\u00a0\u00a0\u00a0\u00a0\u00a0\u00a0 Such a situation incites us to believe that the authority         has condemned us to a lingering death in order to exhibit us as an         example of vengeance of scientists who have sacrificed themselves for         the interest of the country and have not committed any crime in         opposition to anyone whatever. Yet, they suffered from years in jail and         still today some have already been behind prison bars for nearly twenty         years ; it is the case of the chemist, Professor Sadok Chourou. As for         us, those who have been freed, we have found ourselves under house         arrest, deprived of everything that is necessary to an honourable life.         Still worse, the authority undertook a continual siege while erasing our         academic identity, by substituting it \u201cworker\u201d or \u201cunemployed\u201d. It even         deprived us of all activity and all work, even though we have accepted         to assume modest farm works or working sites. This is a civilizational         and historical shame. The state of rights and institutions has pushed         its vengeance until the collective punishment through our families and         all those who offered us help. Our mail has been intercepted, our         telephone lines have been cut, surfing the net has been refused to us,         our invoices have been falsified\u2026 this state has made us live in         straightened circumstances, which has had a negative effect on our         children who opened their eyes on the police exactions and provocations.         The police have never stopped repeating to our children that they will         be deprived of work, that they are on a black list; but they have been         patient, persevering and they have tried to belie those statements.         However, their fears proved to be true when some found themselves         deprived of their passport or forbidden of the national competitive         exams. Such a situation increases their feeling of despair and failure         and constitutes a real danger to their mode of thought.         \u00a0\u00a0\u00a0\u00a0\u00a0\u00a0\u00a0\u00a0\u00a0\u00a0\u00a0 This drama has lasted for too long and touched thousands of         victims from different social layers (engineers, doctors, teachers,         technicians, students\u2026) most of whom were submitted to the daily         judicial control, to threats and pressures by blackmailing both the         family and children.         That of which we are sure, it is that this intellectual, political and         social exclusion will certainly increase turmoil. All those in power         have to assume responsibility of the situation in which our country         risks to be. We implore the political parties, the humanitarian         organisms, the personnel and notably the academics to say the truth and         to sustain us in our drama in order to put an end to our exclusion,         marginalization, terror and threats exerted on our families and children         who have become aliens in their own homeland.         That God leads us to the good of the country and its people.                           <strong><font><font>Moncef Ben Salem<\/font>         Doctor of engineering, Professor of mathsUniversity of Sfax         <font>Mohamed Ghraiba<\/font> Doctor of mathsUniversity         of Sfax         <font>Mahmoud Dogui<\/font> Professor of         chimistUniversity of Tunis         <font>Abbess Chourou<\/font> Professor of         physicsUniversity of Tunis<\/font><\/strong> \u00a0<\/div>\n<div align=\"justify\" dir=\"rtl\">\n<hr\/><\/div>\n<div align=\"center\" dir=\"ltr\"> <font face=\"Arial\" size=\"2\"><strong><font>F\u00e9d\u00e9ration des         Tunisien(ne)s pour une          Citoyennet\u00e9 des deux Rives<\/font><\/strong>         3 rue de Nantes 75019 Paris         \u00a0&#8211; T\u00e9l: 00 33 (0)1 46 07\u00a0 54 04 &#8211; Fax: 00 33 (0)1 4034 18 15         Courriel: ftcr2@wanadoo.fr          <font size=\"3\"><strong>Condol\u00e9ances<\/strong><\/font> \u00a0<\/font><\/div>\n<div align=\"justify\" dir=\"ltr\">        \u00a0<\/div>\n<div align=\"justify\" dir=\"ltr\">                 Nous apprenons avec \u00e9motion le d\u00e9c\u00e8s ce matin de H\u2019mida Karmim, militant         associatif de l\u2019immigration connu pour son d\u00e9vouement aux causes justes,         son int\u00e9grit\u00e9 et sa grande honn\u00eatet\u00e9. Engag\u00e9 depuis pr\u00e8s de vingt-cinq         ans \u00e0 l\u2019Association des Travailleurs Maghr\u00e9bins en France, partie         prenante de tous ses combats pour l\u2019\u00e9galit\u00e9 et la justice, fondateur et         animateur de l\u2019ATMF de Strasbourg puis de Saint-Avold, il sera regrett\u00e9         par tous ceux qui l\u2019ont connu.                  La FTCR tient \u00e0 assurer de sa solidarit\u00e9 et de son soutien son \u00e9pouse         Wafa, leurs deux enfants ainsi que l\u2019ensemble de sa famille et de ses         amis.\u00a0 Elle salue ses camarades de l\u2019ATMF et de la communaut\u00e9 des         militant-e-s de l\u2019immigration et les assure du caract\u00e8re ind\u00e9fectible         des liens de fraternit\u00e9 que nouent des d\u00e9cennies de combats communs.         Paris le 22 Janvier 2008         Pour la FTCR, le pr\u00e9sident         <font><strong>Mouhieddine Cherbib<\/strong><\/font><\/div>\n<div align=\"justify\" dir=\"ltr\"> <strong><\/p>\n<hr\/>\n<p><\/strong> <\/div>\n<div align=\"justify\" dir=\"ltr\"> <font> <\/p>\n<p align=\"center\"> <b><span lang=\"FR\"><font>\u00a0<\/font>Sejnane:         De plus en plus de groupes europ\u00e9ens sont attir\u00e9s par les randonn\u00e9es         p\u00e9destres, \u00e9questres, trekking, v\u00e9lo&#8230;<\/span><\/b><\/p>\n<p align=\"center\"> <b> <span lang=\"FR\">        Plusieurs op\u00e9rateurs veulent investir dans le tourisme en Tunisie.<\/span><\/b><\/p>\n<h2 align=\"center\" style=\"color: red;\"> <font size=\"2\"> <span lang=\"FR\"><font>Le         Temps: <\/font>** Un m\u00e9ga-projet italien pour d\u00e9velopper le tourisme         \u00e9cologique<\/span><\/font><\/h2>\n<p> <span lang=\"FR\">\u00a0<\/span><\/p>\n<p> <span lang=\"FR\">\u00a0Certains         sites offrent d&rsquo;excellentes opportunit\u00e9s aux amoureux de la nature.         C&rsquo;est le cas du Nord de la Tunisie notamment du c\u00f4t\u00e9 de Sejnane, un beau         coin verdoyant favorable au d\u00e9veloppement du tourisme \u00e9cologique.<\/span><\/p>\n<p> <span lang=\"FR\">\u00a0<\/span><\/p>\n<p> <span lang=\"FR\">En effet, ce         tourisme vert est devenu un motif privil\u00e9gi\u00e9 de voyage dans la ville des         Cigognes.<\/span><\/p>\n<p> <span lang=\"FR\">\u00a0<\/span><\/p>\n<p> <span lang=\"FR\">D&rsquo;o\u00f9         l&rsquo;importance de ce cr\u00e9neau dans l&rsquo;enrichissement de notre\u00a0 produit         touristique et c&rsquo;est dans ce cadre que s&rsquo;inscrit le m\u00e9ga-projet du         tourisme \u00e9cologique que compte r\u00e9aliser le groupe d&rsquo;investissement         italien Pr\u00e9atoni \u00e0 Sejnane dans le gouvernorat de Bizerte.<\/span><\/p>\n<p> <span lang=\"FR\">\u00a0<\/span><\/p>\n<p> <span lang=\"FR\">Cette r\u00e9gion         a tous les atouts pour d\u00e9velopper ce cr\u00e9neau. R\u00e9put\u00e9e par sa poterie,         ses sites puniques et romains, elle regorge aussi de richesses         naturelles.<\/span><\/p>\n<p> <span lang=\"FR\">\u00a0<\/span><\/p>\n<p> <span lang=\"FR\">Face \u00e0 un         tourisme baln\u00e9aire en difficult\u00e9, une attention accrue est port\u00e9e au         d\u00e9veloppement du tourisme vert.<\/span><\/p>\n<p> <span lang=\"FR\">\u00a0<\/span><\/p>\n<p> <span lang=\"FR\">Le touriste         de nos jours cherche l&rsquo;exotisme, le d\u00e9paysement.<\/span><\/p>\n<p> <span lang=\"FR\">\u00a0<\/span><\/p>\n<p> <span lang=\"FR\">Il veut         r\u00eaver lorsqu&rsquo;il vient en Tunisie et l\u00e0 il faudrait \u00eatre imaginatif et         cr\u00e9atif en lui offrant des espaces naturels, des lieux de promenade et         des aires de repos.<\/span><\/p>\n<p> <span lang=\"FR\">\u00a0<\/span><\/p>\n<p> <span lang=\"FR\">Tourisme et         nature sont devenus deux forces alli\u00e9es. Ce produit est en passe de         s&rsquo;imposer comme une variante favorisant \u00e0 n&rsquo;en point douter l&rsquo;\u00e9talement         de la saison.<\/span><\/p>\n<p> <span lang=\"FR\">\u00a0<\/span><\/p>\n<p> <span lang=\"FR\">Le souci des         professionnels est de faire de Sejnane comme une destination de         r\u00e9f\u00e9rence du tourisme p\u00e9destre et, \u00e9questre. L&rsquo;environnement est devenu         l&rsquo;une des pr\u00e9occupations majeures de notre \u00e9poque et le rapport entre le         tourisme et la nature n&rsquo;a jamais \u00e9t\u00e9 aussi fort.<\/span><\/p>\n<p> <span lang=\"FR\">\u00a0<\/span><\/p>\n<p> <span lang=\"FR\">Sejnane         balise la voie \u00e0 un autre tourisme naturel ou tout simplement         \u00e9cologique.<\/span><\/p>\n<p> <span lang=\"FR\">\u00a0<\/span><\/p>\n<p> <span lang=\"FR\">On pr\u00e9voit         plusieurs am\u00e9nagements dans ce beau site dont des cabanes de camping,         des petites r\u00e9sidences, des aires de jeu, de loisirs et de restauration.<\/span><\/p>\n<p> <span lang=\"FR\">\u00a0<\/span><\/p>\n<p> <span lang=\"FR\">Ce tourisme         \u00e9cologique donne \u00e0 voir \u00e0 des voyageurs des modes de d\u00e9paysement, des         exotismes, attach\u00e9s \u00e0 la qualit\u00e9 des lieux et des sites naturels et         aussi aux cultures des populations.<\/span><\/p>\n<p> <span lang=\"FR\">\u00a0<\/span><\/p>\n<p> <span lang=\"FR\">Sejnane         comme Tabarka pourra devenir un produit \u00e0 part enti\u00e8re avec un ciblage         de la client\u00e8le appropri\u00e9e et des actions promotionnelles sp\u00e9cifiques.<\/span><\/p>\n<p> <span lang=\"FR\">\u00a0<\/span><\/p>\n<p> <span lang=\"FR\">Ce tourisme         de plein air tr\u00e8s porteur sur lequel mise gros le groupe Pr\u00e9toni\u00a0 a de         beaux jours et de perspectives prometteuses devant lui. Il pourra         contribuer aussi au d\u00e9veloppement \u00e9conomique de cette r\u00e9gion. Il peut         \u00eatre le meilleur outil de formation \u00e0 l&rsquo;environnement, pour faire         prendre davantage conscience au grand public de la n\u00e9cessit\u00e9 de prot\u00e9ger         l&rsquo;\u00e9cosyst\u00e8me. <\/span><\/p>\n<p> <span lang=\"FR\">\u00a0<\/span><\/p>\n<h2 style=\"color: red;\"> <font size=\"2\"> <span lang=\"FR-CH\">Kamel         Bouaouina<\/span><\/font><\/h2>\n<p> <span dir=\"rtl\" lang=\"AR-SA\">        \u00a0<\/span><\/p>\n<p> <b> <span lang=\"FR-CH\">        (Source\u00a0: \u00ab\u00a0Le Temps\u00a0\u00bb (Quotidien \u2013 Tunis), le 23 janvier 2008)<\/span><\/b><\/p>\n<p> <span dir=\"rtl\" lang=\"AR-SA\">        \u00a0 <\/span><\/p>\n<hr\/>\n<p> <span dir=\"rtl\" lang=\"AR-SA\">        \u00a0<\/span><\/p>\n<h3 align=\"center\" style=\"color: blue;\"> <font size=\"2\">Le mal du si\u00e8cle touche la soci\u00e9t\u00e9         tunisienne<\/font><\/h3>\n<p align=\"center\"> <b> <span lang=\"FR\">        S\u00e9dentarisation alimentaire, mati\u00e8res grasses, sucreries&#8230;<\/span><\/b><\/p>\n<p> <span lang=\"FR\">\u00a0<\/span><\/p>\n<p> <strong><font>* Bient\u00f4t une strat\u00e9gie globale fignol\u00e9e         par l&rsquo;INN pour infl\u00e9chir les habitudes alimentaires des Tunisiens         ablant, surtout les ados et les enfants ob\u00e8ses, les diab\u00e9tiques de type         2.<\/font><\/strong><\/p>\n<p> <span lang=\"FR\">\u00a0<\/span><\/p>\n<p> <span lang=\"FR\">\u00a0\u00ab Pour         votre sant\u00e9, \u00e9vitez de manger trop gras, trop sucr\u00e9, trop sal\u00e9 \u00bb, \u00ab Pour         votre sant\u00e9, \u00e9vitez de grignoter entre les repas \u00bb, \u00ab Il est recommand\u00e9         de manger cinq fruits et l\u00e9gumes par jour \u00bb, ce sont notamment,<\/span><\/p>\n<p> <span lang=\"FR\">\u00a0<\/span><\/p>\n<p> <span lang=\"FR\">\u00a0des         conseils que les t\u00e9l\u00e9spectateurs captent sur les cha\u00eenes t\u00e9l\u00e9vis\u00e9es         fran\u00e7aises. Ces recommandations visent \u00e0 attirer l&rsquo;attention des         consommateurs quant \u00e0 l&rsquo;importance \u00e0 adopter un comportement alimentaire         sain et \u00e9quilibr\u00e9. Verrons-nous, bient\u00f4t, des conseils pareils sur nos         cha\u00eenes locales ? Il semble que c&rsquo;est oui. Car l&rsquo;Institut National de         Nutrition (INN) est en train de fignoler une strat\u00e9gie globale dans ce         sens. Elle sera lanc\u00e9e prochainement et ciblera entre autres, les         diab\u00e8tes de type 2 et les adolescents et les enfants a-t-on appris de         source bien inform\u00e9e de l&rsquo;INN.<\/span><\/p>\n<p> <span lang=\"FR\">\u00a0<\/span><\/p>\n<p> <span lang=\"FR\">\u00a0Face \u00e0         l&rsquo;accroissement de l&rsquo;ob\u00e9sit\u00e9 et des maladies qui sont \u00e9troitement li\u00e9es         \u00e0 la mauvaise nutrition ; (l&rsquo;hypertension-art\u00e9rielle, les maladies         cardiovasculaires, le diab\u00e8te&#8230;) il est imp\u00e9ratif aujourd&rsquo;hui de         sensibiliser les consommateurs quant aux dangers d&rsquo;un comportement         alimentaire d\u00e9s\u00e9quilibr\u00e9 et incontr\u00f4l\u00e9. En effet, les cons\u00e9quences des         exc\u00e8s d&rsquo;alimentation et de la s\u00e9dentarit\u00e9 de nos ados et de nos enfants         ont fait que le taux d&rsquo;ob\u00e9sit\u00e9 ne cesse d&rsquo;augmenter aupr\u00e8s de cette         population. Une nette progression du surpoids a \u00e9t\u00e9 constat\u00e9e chez eux         selon des \u00e9tudes r\u00e9alis\u00e9es dans ce cadre. Elles ont d\u00e9montr\u00e9 que         l&rsquo;ob\u00e9sit\u00e9 a plus que tripl\u00e9 chez les enfants \u00e2g\u00e9s de 3 \u00e0 36 mois. Par         ailleurs, l&rsquo;enqu\u00eate nationale sur l&rsquo;\u00e9valuation de l&rsquo;\u00e9tat nutritionnel de         la population tunisienne 1996-1997 a r\u00e9v\u00e9l\u00e9 que la pr\u00e9valence de         l&rsquo;ob\u00e9sit\u00e9 chez les femmes tunisiennes est de l&rsquo;ordre de 22,7 %, elle est         l\u00e9g\u00e8rement plus faible chez celles des femmes am\u00e9ricaines (24, 7 %) et         sup\u00e9rieure aux chiffres affich\u00e9s au Canada.<\/span><\/p>\n<p> <span lang=\"FR\">\u00a0<\/span><\/p>\n<h2 style=\"color: red;\"> <font size=\"2\">Habitudes alimentaires<\/font><\/h2>\n<p> <span lang=\"FR\">\u00a0<\/span><\/p>\n<p> <span lang=\"FR\">Cela est d\u00fb         au changement des habitudes alimentaires tr\u00e8s souvent d\u00e9s\u00e9quilibr\u00e9es.         Les Tunisiens ont tendance \u00e0 consommer davantage des mati\u00e8res grasses.         Entre 1989 et 2000, le r\u00e9gime alimentaire nutritionnel tunisien pr\u00e9sente         une plus forte teneur en prot\u00e9ines et graisse animale et en graisse         v\u00e9g\u00e9tale. La ration alimentaire a \u00e9volu\u00e9 au fil des ann\u00e9es, passant         ainsi de 2800 Klca en 1980 \u00e0 3272 en\u00a0 2001. Cela d\u00e9passe le besoin         \u00e9nerg\u00e9tique recommand\u00e9 par les sp\u00e9cialistes qui signalent \u00e0 cet effet         que la hausse de l&rsquo;apport en prot\u00e9ines et lipides et le manque         d&rsquo;activit\u00e9 physique m\u00e8nent \u00e9videmment \u00e0 l&rsquo;ob\u00e9sit\u00e9. Un ph\u00e9nom\u00e8ne qui         gagne du terrain dans notre soci\u00e9t\u00e9 et qui touche diff\u00e9rentes tranches         d&rsquo;\u00e2ges. Une nutrition \u00e9quilibr\u00e9e s&rsquo;impose d\u00e8s lors comme une urgence. Il         s&rsquo;agit d&rsquo;ailleurs de la finalit\u00e9 de la strat\u00e9gie globale qui sera lanc\u00e9e         prochainement par l&rsquo;Institut de Nutrition.<\/span><\/p>\n<p> <span lang=\"FR\">\u00a0<\/span><\/p>\n<p>        D&rsquo;apr\u00e8s une source inform\u00e9e, l&rsquo;accent sera mis sur l&rsquo;\u00e9quilibre         nutritionnel d&rsquo;ordre g\u00e9n\u00e9ral. L&rsquo;objectif n&rsquo;est pas de diffuser une         simple information scientifique, mais de parvenir \u00e0 corriger et changer         le comportement alimentaire du citoyen. Nous aurons acc\u00e8s \u00e0 une         information correcte sur l&rsquo;\u00e9quilibre nutritionnel, le mode de vie sain,         l&rsquo;exc\u00e8s de poids engendrant de l&rsquo;ob\u00e9sit\u00e9 ainsi que leur cons\u00e9quence sur         la sant\u00e9. Plusieurs populations seront directement touch\u00e9es par la         strat\u00e9gie, dont les diab\u00e8tes de type 2 en plus des adolescents et des         enfants ob\u00e8ses, partant du fait que la pathologie est class\u00e9e comme un         probl\u00e8me de sant\u00e9 publique. Toutefois, le surpoids se pose plus chez les         filles que chez les gar\u00e7ons. La pr\u00e9valence du risque de surcharge         pond\u00e9rale chez les adolescentes est de 9,2 %, soit deux fois plus \u00e9lev\u00e9e         que celle constat\u00e9e chez les gar\u00e7ons.\u00a0 <\/p>\n<p> <span lang=\"FR\">\u00a0<\/span><\/p>\n<p> <b><span lang=\"FR\">Depuis         les \u00e9tablissements scolaires&#8230;<\/span><\/b><\/p>\n<p> <span lang=\"FR\">\u00a0<\/span><\/p>\n<p> <span lang=\"FR\">Pour plus         d&rsquo;efficacit\u00e9, les programmes seront \u00e9tablis selon le type de la         population. Pour ce faire, plusieurs partenaires seront associ\u00e9s         directement \u00e0 l&rsquo;instar du minist\u00e8re de l&rsquo;Education et de la formation.         Dans ce contexte, la sensibilisation aura lieu au niveau des clubs de la         sant\u00e9 dans les diff\u00e9rents \u00e9tablissements scolaires.\u00a0 De m\u00eame, la         strat\u00e9gie aura une vision plus globale et ce en faisant participer les         institutions gouvernementales, dont les\u00a0 minist\u00e8res de la Sant\u00e9 publique         et des Affaires de la Femme, de la Famille de l&rsquo;Enfance et des Personnes         Ag\u00e9es. La sensibilisation touchera aussi bien les enfants que les filles         dans les zones rurales. En plus, les messages seront diffus\u00e9s dans les         pr\u00eaches du vendredi. Objectif ; toucher un public plus large. D&rsquo;autres         partenaires prendront part \u00e0 cette strat\u00e9gie, tels que les associations,         les Organisations Non Gouvernementales et le scout&#8230;L&rsquo;Institut de         Nutrition estime qu&rsquo;ils sont bien structur\u00e9s. Les m\u00e9dias ont un r\u00f4le \u00e0         jouer sur ce plan. Des sp\u00e9cialistes se produiront dans les programmes         t\u00e9l\u00e9vis\u00e9s (t\u00e9l\u00e9 matin) et les stations de radio m\u00eame r\u00e9gionales pour         expliquer aux auditeurs les avantages d&rsquo;un comportement alimentaire         sain. Toujours dans le m\u00eame ordre d&rsquo;id\u00e9es, des supports \u00e9crits         (d\u00e9pliants) seront distribu\u00e9s \u00e0 cette occasion.<\/span><\/p>\n<p> <span lang=\"FR\">\u00a0<\/span><\/p>\n<p> <span lang=\"FR\">Le         changement des habitudes alimentaires s&rsquo;impose d\u00e8s lors comme un enjeu         majeur de sant\u00e9 publique. Il est important d&rsquo;adopter un comportement         sain et \u00e9quilibr\u00e9. A travers cette strat\u00e9gie, c&rsquo;est une vraie culture de         pr\u00e9vention que l&rsquo;Institut de Nutrition veut inculquer et enraciner tout         en contribuant \u00e0 changer et faire \u00e9voluer les comportements et de penser         sant\u00e9 au quotidien. C&rsquo;est une affaire de tous.<\/span><\/p>\n<p> <span lang=\"FR\">\u00a0<\/span><\/p>\n<h2 style=\"color: red;\"> <font size=\"2\"><span lang=\"DE-CH\">Sana FARHAT<\/span><\/font><\/h2>\n<p> <span dir=\"rtl\" lang=\"AR-SA\">        \u00a0<\/span><\/p>\n<p> <b> <span lang=\"FR-CH\">        (Source\u00a0: \u00ab\u00a0Le Temps\u00a0\u00bb (Quotidien \u2013 Tunis), le 23 janvier 2008) <\/span><\/b><\/p>\n<hr\/>\n<h6 align=\"center\" style=\"color: blue;\"> <span lang=\"FR\"><\/p>\n<h2 style=\"color: red;\"><font>Parution         du livre: \u00a0\u00bb Mahmoud Bourguiba: sa vie et sa po\u00e9sie\u00a0\u00bb<\/font><\/h2>\n<p><\/span><\/h6>\n<p> <span lang=\"FR\">\u00a0<\/span><\/p>\n<p> <span lang=\"FR\">Le Centre         national de communication culturelle vient de publier sous le patronage         du Minist\u00e8re de la Culture et de la Sauvegarde du Patrimoine un nouveau         livre intitul\u00e9: \u00a0\u00bb Mahmoud Bourguiba: sa vie et sa po\u00e9sie\u00a0\u00bb pr\u00e9sent\u00e9 par         Habib Ben Fdhila.<\/span><\/p>\n<p> <span lang=\"FR\">\u00a0<\/span><\/p>\n<p> <span lang=\"FR\">De format         moyen, ce livre para\u00eet dans 227 pages.<\/span><\/p>\n<p> <span lang=\"FR\">\u00a0<\/span><\/p>\n<p> <span lang=\"FR\">Il est le         25\u00e8me dans la s\u00e9rie \u00a0\u00bb M\u00e9moire et Cr\u00e9ation \u00a0\u00bb publi\u00e9e par le Centre et         consacr\u00e9e \u00e0 la pr\u00e9sentation de figures marquantes de l&rsquo;histoire de la         pens\u00e9e tunisienne dans les domaines de la litt\u00e9rature, du th\u00e9\u00e2tre, de la         presse, de la po\u00e9sie, etc. Cette nouvelle publication est consacr\u00e9e \u00e0         Mahmoud Bourguiba, consid\u00e9r\u00e9 comme l&rsquo;une des personnalit\u00e9s litt\u00e9raires         les plus rayonnantes de la premi\u00e8re moiti\u00e9 du 20\u00e8me si\u00e8cle.<\/span><\/p>\n<p> <span lang=\"FR\">\u00a0<\/span><\/p>\n<p> <span lang=\"FR\">Il a marqu\u00e9         son \u00e9poque par l&rsquo;abondance et la diversit\u00e9 de son \u0153uvre, pratiquement         dans toutes les disciplines de la litt\u00e9rature et de la pens\u00e9e<\/span><span lang=\"FR-CH\">.<\/span><\/p>\n<p> <span lang=\"FR-CH\">\u00a0<\/span><\/p>\n<p> <b> <span lang=\"FR-CH\">        (Source\u00a0: \u00ab\u00a0Le Temps\u00a0\u00bb (Quotidien \u2013 Tunis), le 23 janvier 2008)<\/span><\/b><\/p>\n<p> <span lang=\"FR-CH\">\u00a0<\/span><\/p>\n<p>\u00a0<\/p>\n<hr\/>\n<p>        \u00a0<\/p>\n<p align=\"center\"> <b> <span lang=\"SV\">        Point de vue<\/span><\/b><\/p>\n<p align=\"center\"> <b><span lang=\"SV\"> <font size=\"3\">Sarkozy, papiste ou gaulliste ?<\/font><\/span><\/b><\/p>\n<p align=\"left\">        \u00a0<\/p>\n<p> <b> <span lang=\"EN-GB\">        \u00a0<\/span><\/b><\/p>\n<p> <b> <span lang=\"SV\"> <font>par Mezri Haddad et Jean-Fran\u00e7ois Matt\u00e9i<\/font><\/span><\/b><\/p>\n<p> <span lang=\"EN-GB\">                  \u00a0<\/span><\/p>\n<p> <span lang=\"EN-GB\">        Par-del\u00e0 la vive pol\u00e9mique qu&rsquo;il a suscit\u00e9e, le discours du Latran         inaugure une \u00e8re nouvelle dans les relations, historiquement m\u00e9fiantes,         entre l&rsquo;Eglise et l&rsquo;Etat. Nous assistons \u00e0 un changement hautement         symbolique de la politique fran\u00e7aise dans ses rapports au fait religieux         en g\u00e9n\u00e9ral et au christianisme en particulier. Celui-ci, avec les autres         grandes traditions religieuses y compris l&rsquo;islam &#8211; \u00e0 condition qu&rsquo;il         proc\u00e8de \u00e0 son propre aggiornamento &#8211; n&rsquo;est plus exclu au nom de la         d\u00e9esse Raison et de la sacro-sainte sp\u00e9cificit\u00e9 fran\u00e7aise, mais         accueillies au sein d&rsquo;une la\u00efcit\u00e9 positive capable de les absorber dans         un vaste pacte r\u00e9publicain et de les impliquer dans un dessein \u00e0 la         hauteur de la France : une politique de civilisation. <\/span><\/p>\n<p>\u00a0<\/p>\n<table border=\"0\" cellpadding=\"0\" cellspacing=\"0\">\n<tr>\n<td>\n<p> <span lang=\"EN-GB\"> <script language=\"JavaScript\">OAS_AD('Middle1');            <\/script> <\/span><\/p>\n<\/td>\n<\/tr>\n<p> <!-- ceci est un essai --> <\/table>\n<p>\u00a0<\/p>\n<p> <span lang=\"EN-GB\">        Il ne s&rsquo;agit donc pas, comme cela a \u00e9t\u00e9 \u00e9crit, d&rsquo;une alt\u00e9ration grave         des principes fondateurs de la la\u00efcit\u00e9, encore moins d&rsquo;une remise en         question de la loi de 1905, ce <i>\u00ab\u00a0monument inviolable\u00a0\u00bb<\/i>, selon         Jacques Chirac. Il s&rsquo;agit au contraire d&rsquo;un retour aux sources         authentiques de la morale la\u00efque. A l&rsquo;instar des la\u00efcit\u00e9s anglo-saxonnes         ou germaniques, qui ont entretenu des rapports confluents et non         conflictuels avec le religieux, la la\u00efcit\u00e9 fran\u00e7aise, <i>\u00ab\u00a0enfin parvenue         \u00e0 maturit\u00e9\u00a0\u00bb,<\/i> se normalise en se mettant au diapason des nouveaux         d\u00e9fis du si\u00e8cle : choc des civilisations, apoth\u00e9ose du mat\u00e9rialisme et         de l&rsquo;h\u00e9donisme, n\u00e9ant spirituel, m\u00e9tastase de l&rsquo;int\u00e9grisme,         mondialisation du terrorisme&#8230;<\/span><\/p>\n<p> <span lang=\"SV\">        Ces d\u00e9fis ont frapp\u00e9 de caducit\u00e9 le la\u00efcisme qui, au nom du postulat         marxiste (<i>\u00ab\u00a0la religion est l&rsquo;opium du peuple\u00a0\u00bb<\/i>), a jur\u00e9 la mort de         Dieu et l&rsquo;extinction de la religion. A l&rsquo;origine, en effet, la la\u00efcit\u00e9         n&rsquo;entendait pas extirper du corps social toute survivance religieuse,         mais limiter l&rsquo;h\u00e9g\u00e9monisme spirituel et temporel de l&rsquo;Eglise. La         s\u00e9paration de l&rsquo;Eglise et de l&rsquo;Etat a \u00e9t\u00e9 l&rsquo;aboutissement d&rsquo;un long         processus de s\u00e9cularisation qui a commenc\u00e9 au Moyen Age, s&rsquo;est raffermi         gr\u00e2ce aux Lumi\u00e8res, a trouv\u00e9 sa premi\u00e8re traduction politique dans le         radicalisme r\u00e9volutionnaire de 1789 pour rencontrer ensuite sa premi\u00e8re         phase lib\u00e9rale et r\u00e9publicaine dans le Concordat napol\u00e9onien de 1801.<\/span><\/p>\n<p> <span lang=\"SV\">        Avec la loi de 1905, c&rsquo;est l&rsquo;id\u00e9al la\u00efc qui est impos\u00e9 en France comme         norme juridique et paradigme absolu du rapport entre foi et loi. <\/span> <span lang=\"EN-GB\">        En restituant au politique et au religieux leur autonomie r\u00e9ciproque, la         loi de 1905 a \u00e9t\u00e9 une rupture refondatrice, une destruction         constructive. Th\u00e9oriquement, la la\u00efcit\u00e9 ne devait donc pas s&rsquo;opposer \u00e0         la religion, mais lui am\u00e9nager une sph\u00e8re qui lui est propre. Que s&rsquo;est         il pass\u00e9 en pratique ? La religion chr\u00e9tienne a \u00e9t\u00e9 stigmatis\u00e9e,         culpabilis\u00e9e, et progressivement ray\u00e9e, pas seulement des controverses         politiques ou intellectuelles, mais \u00e9galement du d\u00e9bat moral et \u00e9thique.<\/span><\/p>\n<p> <i> <span lang=\"EN-GB\">        \u00ab\u00a0Le cl\u00e9ricalisme ? Voil\u00e0 l&rsquo;ennemi !\u00a0\u00bb<\/span><\/i><span lang=\"EN-GB\">,         rugissait Gambetta. En fait, la lutte de la la\u00efcit\u00e9 contre le         cl\u00e9ricalisme a tourn\u00e9 au combat de l&rsquo;ath\u00e9isme contre le christianisme.         Dans ce combat o\u00f9 la fille a\u00een\u00e9e de l&rsquo;Eglise a perdu une partie de son         \u00e2me, la la\u00efcit\u00e9 a sacrifi\u00e9 un \u00e9l\u00e9ment constitutif de sa philosophie : la         tol\u00e9rance. C&rsquo;est ainsi que la France, terre du bapt\u00eame de Clovis, est         pass\u00e9e de la religion d&rsquo;Etat, le gallicanisme, \u00e0 l&rsquo;ath\u00e9isme d&rsquo;Etat.         Dop\u00e9e par sa victoire sur le traditionalisme catholique, leurr\u00e9e par le         mythe rationaliste suivant lequel le religieux, le sacr\u00e9 m\u00eame sont vou\u00e9s         \u00e0 la disparition, la la\u00efcit\u00e9 fran\u00e7aise a baiss\u00e9 la garde en tombant dans         un sommeil profond&#8230; jusqu&rsquo;\u00e0 l&rsquo;irruption fracassante d&rsquo;un islam         conqu\u00e9rant et d&rsquo;un islamisme guerroyant. L&rsquo;eschatologie w\u00e9b\u00e9rienne du         d\u00e9senchantement du monde, reprise par Marcel Gauchet, a fait long feu.<\/span><\/p>\n<p> <span lang=\"EN-GB\">        C&rsquo;est dans ce contexte nouveau qu&rsquo;il convient de lire les discours         pr\u00e9sidentiels \u00e0 Rome, symbole du catholicisme, et \u00e0 Riyad, symbole de         l&rsquo;islam. La la\u00efcit\u00e9 positive \u00e0 laquelle il appelle est en rupture avec         le la\u00efcisme fran\u00e7ais dont la derni\u00e8re manifestation politique fut         l&rsquo;opposition d&rsquo;inclure, dans le pr\u00e9ambule \u00e0 la Constitution europ\u00e9enne,         toute r\u00e9f\u00e9rence aux <i>\u00ab\u00a0racines chr\u00e9tiennes de l&rsquo;Europe\u00a0\u00bb<\/i>. Changement         de g\u00e9n\u00e9ration ou r\u00e9g\u00e9n\u00e9ration de la la\u00efcit\u00e9 fran\u00e7aise, Nicolas Sarkozy         ose affirmer que <i>\u00ab\u00a0les <\/i><\/span><i> <span lang=\"EN-GB\">        racines de la France sont essentiellement chr\u00e9tiennes\u00a0\u00bb<\/span><\/i><span lang=\"EN-GB\">.<\/span><\/p>\n<p> <span lang=\"EN-GB\">        Plut\u00f4t que d&rsquo;y voir une trahison de la \u00ab\u00a0la\u00efcit\u00e9 r\u00e9publicaine\u00a0\u00bb, ne         peut-on reconna\u00eetre dans la la\u00efcit\u00e9 positive des sympt\u00f4mes plus profonds         ? <\/span> <span lang=\"SV\">        Peut-\u00eatre les pr\u00e9mices de la politique de civilisation dont le pr\u00e9sident         vient, \u00e0 Riyad, de pr\u00e9ciser le contenu : <i>\u00ab\u00a0C&rsquo;est une politique qui se         donne pour but de civiliser la globalisation<\/i> (et) <i>qui int\u00e8gre la         dimension intellectuelle, morale, spirituelle&#8230;\u00a0\u00bb<\/i> <\/span> <span lang=\"EN-GB\">        Peut-\u00eatre la volont\u00e9 de renouer avec cette philosophie d&rsquo;essence         thomiste qui a \u00e9t\u00e9 longtemps marginalis\u00e9e en France au profit exclusif         du marxisme et de l&rsquo;existentialisme. N&rsquo;oublions pas que le personnalisme         d&rsquo;Emmanuel Mounier a \u00e9t\u00e9 une r\u00e9ponse \u00e0 l&rsquo;existentialisme sartrien ; de         m\u00eame que l&rsquo;humanisme int\u00e9gral th\u00e9oris\u00e9 par Jacques Maritain fut une         r\u00e9action \u00e0 l&rsquo;humanisme marxiste.<\/span><\/p>\n<p> <span lang=\"EN-GB\">        Par-del\u00e0 ce ressourcement philosophique et ces premiers balbutiements         d&rsquo;une politique de civilisation, n&rsquo;y a-t-il pas dans le repositionnement         sarkozyen un retour au gaullisme ? <\/span> <span lang=\"SV\">        De Gaulle, en effet, qui a grav\u00e9 la la\u00efcit\u00e9 de l&rsquo;Etat dans la         Constitution, ne d\u00e9clarait-il pas, le 31 mai 1967 \u00e0 Rome : <i>\u00ab\u00a0L&rsquo;Eglise         est \u00e9ternelle et la France ne mourra pas. L&rsquo;essentiel, pour elle, est         qu&rsquo;elle reste fid\u00e8le \u00e0 ce qu&rsquo;elle est et, par cons\u00e9quent, fid\u00e8le \u00e0 tous         les liens qui l&rsquo;unissent \u00e0 notre Eglise.\u00a0\u00bb<\/i> <\/span> <span lang=\"EN-GB\">        C&rsquo;est encore lui qui affirmait, le 11 f\u00e9vrier 1950 : <i>\u00ab\u00a0Nous sommes un         pays chr\u00e9tien, c&rsquo;est un fait. Nous le sommes depuis longtemps&#8230; Eh         bien, nous n&rsquo;avons pas besoin de nous m\u00e9conna\u00eetre et cette flamme         chr\u00e9tienne, en ce qu&rsquo;elle a d&rsquo;humain, en ce qu&rsquo;elle a de moral, elle est         aussi la n\u00f4tre.\u00a0\u00bb<\/i> <\/span><\/p>\n<div align=\"center\">\u00a0<\/div>\n<p> <b> <span lang=\"EN-GB\">        Mezri Haddad<\/span><\/b><span lang=\"EN-GB\">,         philosophe. <\/span><\/p>\n<p> <b> <span lang=\"EN-GB\">        Jean-Fran\u00e7ois Matt\u00e9i<\/span><\/b><span lang=\"EN-GB\">,         philosophe.<\/span><\/p>\n<p> <span lang=\"EN-GB\">        \u00a0<\/span><\/p>\n<p> <b> <span lang=\"EN-GB\">        (Source: Le journal \u00ab\u00a0Le Monde\u00a0\u00bb (Quotidien\u00a0&#8211; Francr) le 24 janvier 2008)<\/span><\/b><\/p>\n<p>\u00a0<\/p>\n<hr\/>\n<h6 align=\"center\" style=\"color: blue;\"><span lang=\"FR-CH\"> <\/p>\n<h2 style=\"color: red;\"><font size=\"3\">Une \u00e9tude compile les \u00ab\u00a0mensonges\u00a0\u00bb de Bush         avant la guerre en Irak<\/font><\/h2>\n<p><\/span><\/h6>\n<p> <span lang=\"FR-CH\">AFP, le         23 janvier 2008 \u00e0 <\/span> <span dir=\"rtl\" lang=\"AR-SA\">        14<\/span><span lang=\"FR-CH\">h<\/span><span dir=\"rtl\" lang=\"AR-SA\">48<\/span><\/p>\n<p> <span lang=\"FR-CH\">\u00a0<\/span><\/p>\n<p> <span lang=\"FR-CH\">        WASHINGTON, 23 jan 2008 (AFP) &#8211; Deux organisations am\u00e9ricaines         ind\u00e9pendantes ont rendu publique mercredi une \u00e9tude intitul\u00e9e \u00ab\u00a0faux         pr\u00e9textes\u00a0\u00bb compilant les fausses d\u00e9clarations du pr\u00e9sident Bush et de         ses proches collaborateurs entre 2001 et 2003 sur le danger que         repr\u00e9sentait l&rsquo;Irak.<\/span><\/p>\n<p> <span lang=\"FR-CH\">\u00a0<\/span><\/p>\n<p> <span lang=\"FR-CH\">\u00ab\u00a0Une         \u00e9tude compl\u00e8te montre que les d\u00e9clarations ont fait partie d&rsquo;une         campagne orchestr\u00e9e qui a effectivement galvanis\u00e9 l&rsquo;opinion publique et         conduit le pays \u00e0 la guerre sur la base de d\u00e9clarations r\u00e9solument         fausses\u00a0\u00bb, estiment les auteurs de l&rsquo;\u00e9tude, membres du <\/span> <span>Center for public         integrity et du Fund for independence in <\/span> <span lang=\"FR-CH\">        journalism.<\/span><\/p>\n<p> <span lang=\"FR-CH\">\u00a0<\/span><\/p>\n<p> <span lang=\"FR-CH\">\u00ab\u00a0Le         pr\u00e9sident Bush et sept hauts responsables de l&rsquo;administration, dont le         vice-pr\u00e9sident Dick Cheney, la conseill\u00e8re \u00e0 la s\u00e9curit\u00e9 nationale         Condoleezza Rice, et le secr\u00e9taire \u00e0 la D\u00e9fense Donald Rumsfeld ont fait         au moins 935 fausses d\u00e9clarations dans les deux ann\u00e9es apr\u00e8s le 11         septembre 2001 sur la menace que pr\u00e9sentait l&rsquo;Irak de Saddam Hussein         pour la s\u00e9curit\u00e9 nationale\u00a0\u00bb, \u00e9crivent les auteurs qui ont pass\u00e9 au         crible des centaines d&rsquo;interventions publiques de hauts-responsables du         gouvernement.<\/span><\/p>\n<p> <span lang=\"FR-CH\">\u00a0<\/span><\/p>\n<p> <span lang=\"FR-CH\">Pendant         les deux ann\u00e9es pr\u00e9c\u00e9dant le d\u00e9but de l&rsquo;intervention am\u00e9ricaine en Irak,         en mars 2003, \u00ab\u00a0\u00e0 532 reprises (discours,<\/span><\/p>\n<p> <span lang=\"FR-CH\">        point-presse, interviews, etc.), Bush et le secr\u00e9taire d&rsquo;Etat Colin         Powell, le secr\u00e9taire \u00e0 la D\u00e9fense adjoint Paul Wolfowitz et les         porte-parole de la Maison Blanche Ari Fleisher et Scott McClellan<\/span><\/p>\n<p> <span lang=\"FR-CH\">ont         affirm\u00e9 de mani\u00e8re erron\u00e9e que l&rsquo;Irak avait des armes de destructions         massives (ou qu&rsquo;ils essayaient d&rsquo;en produire ou d&rsquo;en obtenir) et des         liens avec Al-Qa\u00efda, ou les deux\u00a0\u00bb, \u00e9crivent les<\/span><\/p>\n<p> <span lang=\"FR-CH\">auteurs.<\/span><\/p>\n<p> <span lang=\"FR-CH\">\u00a0<\/span><\/p>\n<p> <span lang=\"FR-CH\">L&rsquo;\u00e9tude         cite un discours de Dick Cheney en ao\u00fbt 2002 au cours duquel il assure:         il \u00ab\u00a0n&rsquo;y a pas de doute que Saddam Hussein a maintenant des armes de         destruction massive\u00a0\u00bb. Mais selon le directeur de la CIA d&rsquo;alors, George         Tenet, ces affirmations allaient largement au del\u00e0 des \u00e9valuations de         l&rsquo;agence de renseignement.<\/span><\/p>\n<p> <span lang=\"FR-CH\">\u00a0<\/span><\/p>\n<p> <span>AFP <\/span><\/p>\n<hr\/>\n<p> <span>\u00a0<\/span><\/p>\n<p align=\"center\"> <b><span lang=\"FR-CH\">Terrorisme:         les listes noires bafouent les droits de l&rsquo;Homme (Marty)<\/span><\/b><\/p>\n<p> <span lang=\"FR-CH\">\u00a0<\/span><\/p>\n<p> <span lang=\"FR-CH\">AFP, le         23 janvier 2008 \u00e0 <\/span> <span dir=\"rtl\" lang=\"AR-SA\">        13<\/span><span lang=\"FR-CH\">h<\/span><span dir=\"rtl\" lang=\"AR-SA\">56<\/span><\/p>\n<p> <span lang=\"FR-CH\">\u00a0<\/span><\/p>\n<p> <span lang=\"FR-CH\">        STRASBOURG (Conseil Europe), 23 jan 2008 (AFP) &#8211; L&rsquo;ancien rapporteur sur         les activit\u00e9s illicites de la CIA, le Suisse Dick Marty, a re\u00e7u mercredi         un soutien appuy\u00e9 des parlementaires duConseil de l&rsquo;Europe pour son         rapport sur la pratique des listes noires de terroristes \u00ab\u00a0qui bafouent         les droits de l&rsquo;Homme\u00a0\u00bb.<\/span><\/p>\n<p> <span lang=\"FR-CH\">\u00a0<\/span><\/p>\n<p> <span lang=\"FR-CH\">A la         quasi unanimit\u00e9, l&rsquo;Assembl\u00e9e parlementaire (APCE) a approuv\u00e9 un document         tr\u00e8s critique sur les cons\u00e9quences dramatiques de la pratique de ces         listes noires \u00e9tablies par l&rsquo;ONU et l&rsquo;Union europ\u00e9enne.<\/span><\/p>\n<p> <span lang=\"FR-CH\">\u00a0<\/span><\/p>\n<p> <span lang=\"FR-CH\">Dans une         r\u00e9solution, l&rsquo;APCE constate que les proc\u00e9dures appliqu\u00e9es par le Conseil         de s\u00e9curit\u00e9 comme par le Conseil de l&rsquo;UE \u00ab\u00a0ne remplissent pas les         crit\u00e8res minimaux qui sont \u00e0 la base de la pr\u00e9\u00e9minence du droit\u00a0\u00bb.<\/span><\/p>\n<p> <span lang=\"FR-CH\">\u00a0<\/span><\/p>\n<p> <span lang=\"FR-CH\">\u00ab\u00a0C&rsquo;est         une mort civile\u00a0\u00bb a d\u00e9clar\u00e9 Dick Marty en expliquant que les personnes         \u00ab\u00a0list\u00e9es\u00a0\u00bb ne peuvent notamment plus voyager ou retirer de l&rsquo;argent et         qu&rsquo;elles doivent souvent abandonner leurs activit\u00e9s.<\/span><\/p>\n<p> <span lang=\"FR-CH\">\u00a0<\/span><\/p>\n<p> <span lang=\"FR-CH\">\u00ab\u00a0Les         crit\u00e8res justifiant le recours aux sanctions sont vastes et impr\u00e9cis et         les sanctions peuvent \u00eatre impos\u00e9es sur la base de simples soup\u00e7ons\u00a0\u00bb,         d\u00e9nonce le document qui avait \u00e9t\u00e9 rendu public en novembre \u00e0 Paris lors         de son adoption en commission.<\/span><\/p>\n<p> <span lang=\"FR-CH\">\u00a0<\/span><\/p>\n<p> <span lang=\"FR-CH\">\u00ab\u00a0Depuis,         seuls quelques correctifs de type cosm\u00e9tique ont \u00e9t\u00e9 op\u00e9r\u00e9s\u00a0\u00bb a regrett\u00e9         le rapporteur qui d\u00e9nonce l&rsquo;absence de droits de la d\u00e9fense         \u00ab\u00a0contrairement aux conventions internationales et europ\u00e9ennes\u00a0\u00bb.<\/span><\/p>\n<p> <span lang=\"FR-CH\">\u00a0<\/span><\/p>\n<p> <span lang=\"FR-CH\">Il         demande que les \u00ab\u00a0list\u00e9s\u00a0\u00bb soient avis\u00e9s des accusations port\u00e9es, qu&rsquo;ils         puissent assurer leur d\u00e9fense et saisir une instance ind\u00e9pendante et         enfin \u00eatre indemnis\u00e9s en cas de violation injustifi\u00e9e de leurs droits.<\/span><\/p>\n<p> <span lang=\"FR-CH\">\u00a0<\/span><\/p>\n<p> <span lang=\"FR-CH\">Il         propose aussi une proc\u00e9dure de \u00ab\u00a0d\u00e9-listing\u00a0\u00bb permettant, en cas         d&rsquo;innocence, de retirer un nom de la liste car actuellement, \u00ab\u00a0il reste         presque impossible de se faire retirer d&rsquo;une liste noire\u00a0\u00bb, une situation         \u00ab\u00a0ill\u00e9gale et inacceptable\u00a0\u00bb.<\/span><\/p>\n<p> <span lang=\"FR-CH\">\u00a0<\/span><\/p>\n<p> <span lang=\"FR-CH\">La liste         de l&rsquo;ONU comporterait les noms de 370 personnes et plus d&rsquo;une centaine         d&rsquo;entreprises ou organisations, selon des chiffres fournis r\u00e9cemment par         le s\u00e9nateur suisse.<\/span><\/p>\n<p> <span lang=\"FR-CH\">\u00a0<\/span><\/p>\n<p> <span lang=\"FR-CH\">Le         Conseil de l&rsquo;Union europ\u00e9enne, qui a \u00e9tabli une liste noire s\u00e9par\u00e9e,         s&rsquo;est engag\u00e9 \u00e0 envoyer aux personnes et groupes y figurant une lettre         pour leur expliquer pourquoi ils s&rsquo;y trouvent. Cette liste comprend 60         individus, entreprises ou organisations, comme le mouvement islamiste         radical palestinien Hamas et l&rsquo;organisation basque ETA.<\/span><\/p>\n<p> <span>\u00a0<\/span><\/p>\n<h2 style=\"color: red;\"> <font size=\"2\">AFP <\/font><\/h2>\n<p> <span>\u00a0<\/span><\/p>\n<p> <span><\/span><\/p>\n<hr\/>\n<h6 align=\"center\" style=\"color: blue;\"><span lang=\"FR-CH\"> <\/p>\n<h2 style=\"color: red;\"><font size=\"3\">Terrorisme\/ listes noires: l&rsquo;histoire         \u00ab\u00a0kafka\u00efenne\u00a0\u00bb de Youssef Nada<\/font><\/h2>\n<p><\/span><\/h6>\n<p> <span lang=\"FR-CH\">\u00a0<\/span><\/p>\n<p> <span lang=\"FR-CH\">AFP, le         23 janvier 2008 \u00e0 <\/span> <span dir=\"rtl\" lang=\"AR-SA\">        14<\/span><span lang=\"FR-CH\">h<\/span><span dir=\"rtl\" lang=\"AR-SA\">21<\/span><\/p>\n<p> <span lang=\"FR-CH\">\u00a0<\/span><\/p>\n<p> <span lang=\"FR-CH\">        STRASBOURG (Conseil Europe), 23 jan 2008 (AFP) &#8211; Youssef Nada, un homme         d&rsquo;affaires de 78 ans fich\u00e9 par erreur sur une liste noire des         terroristes pr\u00e9sum\u00e9s par les Nations unies, vit depuis six ans<\/span><\/p>\n<p> <span lang=\"FR-CH\">une         situation \u00ab\u00a0kafka\u00efenne\u00a0\u00bb, a d\u00e9nonc\u00e9 mercredi \u00e0 Strasbourg Dick Marty, le         rapporteur du Conseil de l&rsquo;Europe.<\/span><\/p>\n<p> <span lang=\"FR-CH\">\u00a0<\/span><\/p>\n<p> <span lang=\"FR-CH\">        \u00ab\u00a0L&rsquo;histoire semble sortir d&rsquo;un roman de Kafka\u00a0\u00bb, a jug\u00e9 les\u00e9nateur suisse         en pr\u00e9sentant son rapport qui a \u00e9t\u00e9 adopt\u00e9 par l&rsquo;Assembl\u00e9e parlementaire         du Conseil.<\/span><\/p>\n<p> <span lang=\"FR-CH\">\u00a0<\/span><\/p>\n<p> <span lang=\"FR-CH\">Musulman         et membre de l&rsquo;organisation des Fr\u00e8res Musulmans, Youssef Nada, un         ressortissant italien d&rsquo;origine \u00e9gyptienne, vitdepuis 30 ans en Suisse.<\/span><\/p>\n<p> <span lang=\"FR-CH\">\u00a0<\/span><\/p>\n<p> <span lang=\"FR-CH\">Soup\u00e7onn\u00e9         d&rsquo;avoir financ\u00e9 les attentats du 11-Septembre 2001 auxEtats-Unis, il a         \u00e9t\u00e9 inscrit fin 2001 sur la liste noire du Conseilde s\u00e9curit\u00e9 de l&rsquo;ONU         sans en avoir \u00e9t\u00e9 inform\u00e9, sans avoir \u00e9t\u00e9entendu et sans disposer         ensuite d&rsquo;un moyen de recours, selon lerapporteur.<\/span><\/p>\n<p> <span lang=\"FR-CH\">\u00a0<\/span><\/p>\n<p> <span lang=\"FR-CH\">Tous ses         biens ont \u00e9t\u00e9 saisis et on lui a interdit de quitter laminuscule enclave         italophone de la Suisse o\u00f9 il vit avec safamille.<\/span><\/p>\n<p> <span lang=\"FR-CH\">\u00a0<\/span><\/p>\n<p> <span lang=\"FR-CH\">La         justice helv\u00e9tique a ouvert une enqu\u00eate qui a abouti \u00e0 unnon-lieu apr\u00e8s         quatre ans de recherches, mais le nom de l&rsquo;hommed&rsquo;affaires a \u00e9t\u00e9         maintenu sur la liste noire malgr\u00e9 de multiplesdemandes pour en \u00eatre         radi\u00e9.<\/span><\/p>\n<p> <span lang=\"FR-CH\">\u00a0<\/span><\/p>\n<p> <span lang=\"FR-CH\">Selon M.         Marty, les autorit\u00e9s \u00ab\u00a0ne savent m\u00eame pas tr\u00e8s bienquelle est la derni\u00e8re         instance comp\u00e9tente \u00e0 se prononcer\u00a0\u00bb, ce quine permet pas pour l&rsquo;instant         \u00e0 ce citoyen de d\u00e9poser une requ\u00eatedevant la Cour europ\u00e9enne des droits         de l&rsquo;homme.<\/span><\/p>\n<p> <span lang=\"FR-CH\">\u00a0<\/span><\/p>\n<p> <span lang=\"FR-CH\">\u00ab\u00a0Tout         cela se passe dans un climat d&rsquo;indiff\u00e9rence\u00a0\u00bb, selon M.Marty, qui         rappelle que les biens de Youssef Nada \u00ab\u00a0sont saisisdepuis cinq ans sans         que la moindre preuve de culpabilit\u00e9 ait pu\u00eatre \u00e9tablie\u00a0\u00bb.<\/span><\/p>\n<p> <span lang=\"FR-CH\">\u00a0<\/span><\/p>\n<p> <span>AFP <\/span><\/p>\n<p>\u00a0<\/p>\n<hr\/>\n<h6 align=\"center\" style=\"color: blue;\"><span lang=\"FR-CH\"> <\/p>\n<h2 style=\"color: red;\"><font size=\"3\">Terrorisme &#8211; L&rsquo;Onu et l&rsquo;UE invit\u00e9es \u00e0         revoir leurs listes noires<\/font><\/h2>\n<p><\/span><\/h6>\n<p> <span lang=\"FR-CH\">\u00a0Reuters,         le 23 janvier 2008 \u00e0 <\/span> <span dir=\"rtl\" lang=\"AR-SA\">        14<\/span><span lang=\"FR-CH\">h<\/span><span dir=\"rtl\" lang=\"AR-SA\">12<\/span><\/p>\n<p> <span lang=\"FR-CH\">\u00a0<\/span><\/p>\n<p> <span lang=\"FR-CH\">        STRASBOURG, 23 janvier (Reuters) &#8211; L&rsquo;assembl\u00e9e parlementairedu Conseil         de l&rsquo;Europe a invit\u00e9 mercredi le Conseil de s\u00e9curit\u00e9des Nations unies et         le Conseil de l&rsquo;Union europ\u00e9enne \u00e0respecter les r\u00e8gles du droit dans         l&rsquo;\u00e9tablissement des \u00ab\u00a0listesnoires\u00a0\u00bb de personnes ou d&rsquo;organisations         soup\u00e7onn\u00e9es d&rsquo;activit\u00e9sterroristes.<\/span><\/p>\n<p> <span lang=\"FR-CH\">\u00a0<\/span><\/p>\n<p> <span lang=\"FR-CH\">\u00ab\u00a0Les         r\u00e8gles de fond et de proc\u00e9dure actuellement appliqu\u00e9espar le CSNU et par         le Conseil de l&rsquo;UE (&#8230;) bafouent lesprincipes fondamentaux qui sont \u00e0         la base des droits de l&rsquo;hommeet de la pr\u00e9\u00e9minence du droit\u00a0\u00bb, dit une         r\u00e9solution adopt\u00e9e \u00e0Strasbourg par 101 voix contre trois et quatre         abstentions.<\/span><\/p>\n<p> <span lang=\"FR-CH\">\u00a0<\/span><\/p>\n<p> <span lang=\"FR-CH\">Les         parlementaires des 47 Etats membres demandent que toutepersonne ou         organisation inscrite sur une \u00ab\u00a0liste noire\u00a0\u00bbb\u00e9n\u00e9ficie du droit d&rsquo;\u00eatre         inform\u00e9e des accusations port\u00e9escontre elle, du droit d&rsquo;\u00eatre entendue et         \u00e0 b\u00e9n\u00e9ficier d&rsquo;unrecours.<\/span><\/p>\n<p> <span lang=\"FR-CH\">\u00a0<\/span><\/p>\n<p> <span lang=\"FR-CH\">\u00ab\u00a0Il est         absolument \u00e9vident que nous devons combattre le terrorisme mais         n&rsquo;oublions pas qu&rsquo;un des principaux alli\u00e9s du terrorisme est         l&rsquo;injustice\u00a0\u00bb, a soulign\u00e9 le s\u00e9nateur suisse<\/span><\/p>\n<p> <span lang=\"FR-CH\">lib\u00e9ral         Dick Marty, un ancien procureur, rapporteur du texte au nom de la         commission des droits de l&rsquo;homme.<\/span><\/p>\n<p> <span lang=\"FR-CH\">\u00a0<\/span><\/p>\n<p> <span lang=\"FR-CH\">Le         Conseil de s\u00e9curit\u00e9 de l&rsquo;Onu a inaugur\u00e9 la pratique des \u00ab\u00a0sanctions         cibl\u00e9es\u00a0\u00bb en 1999 \u00e0 travers la r\u00e9solution 1.267 qui impose un gel des         avoirs ou des restrictions de circulation pour<\/span><\/p>\n<p> <span lang=\"FR-CH\">certaines         personnes ou organisations.<\/span><\/p>\n<p> <span lang=\"FR-CH\">\u00a0<\/span><\/p>\n<p> <span lang=\"FR-CH\">        L&rsquo;\u00e9tablissement de cette \u00ab\u00a0liste noire\u00a0\u00bb visait alors lesactivit\u00e9s         terroristes en Afghanistan.<\/span><\/p>\n<p> <span lang=\"FR-CH\">\u00a0<\/span><\/p>\n<p> <span lang=\"FR-CH\">Le         Conseil de l&rsquo;Union europ\u00e9enne a adopt\u00e9 sa propre liste en d\u00e9cembre 2001         dans le cadre d&rsquo;un plan d&rsquo;action \u00e9labor\u00e9 apr\u00e8s les<\/span><\/p>\n<p> <span lang=\"FR-CH\">attentats         du 11 septembre aux Etats-Unis.<\/span><\/p>\n<p> <span lang=\"FR-CH\">Dans son         rapport, Dick Marty expose plusieurs cas de personnes inscrites sur ces         listes bien que des tribunaux nationaux aient rendu des jugements les         exon\u00e9rant de liens avec<\/span><\/p>\n<p> <span lang=\"FR-CH\">des         activit\u00e9s terroristes et d\u00e9nonce l&rsquo;impossibilit\u00e9 pour ceux qui sont mis         en cause de se faire entendre.<\/span><\/p>\n<p> <span lang=\"FR-CH\">\u00a0<\/span><\/p>\n<p> <span lang=\"FR-CH\">Il cite         le cas de l&rsquo;Organisation des Moudjahidines du peupleiranien (OMPI), un         mouvement de r\u00e9sistance iranien, qui reste inscrit sur la liste noire de         l&rsquo;UE en d\u00e9pit d&rsquo;une d\u00e9cisionprononc\u00e9e en sa faveur par le tribunal de         premi\u00e8re instance desCommunaut\u00e9s europ\u00e9ennes.<\/span><\/p>\n<p> <span lang=\"FR-CH\">\u00a0<\/span><\/p>\n<p> <span lang=\"FR-CH\">L&rsquo;OMPI,         qui figure \u00e9galement sur une \u00ab\u00a0liste noire\u00a0\u00bbbritannique, a obtenu le 30         novembre dernier un jugement en sa faveur aupr\u00e8s d&rsquo;une juridiction         britannique sans que sa situation soit r\u00e9examin\u00e9e par le gouvernement.<\/span><\/p>\n<p> <span lang=\"FR-CH\">\u00a0<\/span><\/p>\n<p> <span lang=\"FR-CH\">A         l&rsquo;initiative de parlementaires essentiellement britanniques et fran\u00e7ais,         la r\u00e9solution de l&rsquo;assembl\u00e9e du<\/span><\/p>\n<p> <span lang=\"FR-CH\">Conseil         de l&rsquo;Europe invite les Etats membres \u00e0 \u00ab\u00a0respecter les d\u00e9cisions de         justice relatives \u00e0 l&rsquo;inscription sur les listes noires\u00a0\u00bb.<\/span><\/p>\n<p> <span lang=\"FR-CH\">\u00a0<\/span><\/p>\n<p> <span lang=\"FR-CH\">La         pr\u00e9sidente de l&rsquo;OMPI, Maryam Radjavi, s&rsquo;est r\u00e9jouie, dans un communiqu\u00e9,         de l&rsquo;adoption de cette r\u00e9solution.<\/span><\/p>\n<p> <span lang=\"FR-CH\">\u00a0<\/span><\/p>\n<p> <span lang=\"FR-CH\">\u00ab\u00a0Le         Conseil de l&rsquo;Union europ\u00e9enne n&rsquo;est plus seulement en d\u00e9saccord avec la         loi. Il d\u00e9fie \u00e9galement la volont\u00e9 des repr\u00e9sentants de millions         d&rsquo;Europ\u00e9ens\u00a0\u00bb, a-t-elle affirm\u00e9.<\/span><\/p>\n<p> <span lang=\"FR-CH\">\u00a0<\/span><\/p>\n<p> <\/font> <\/p>\n<p> <span lang=\"DE-CH\">        REUTERS<\/span><\/p>\n<\/div>\n<p> <\/font> <\/p>\n<p>\u00a0<\/p>\n<\/p><\/div>\n<p> <\/span><\/font><\/span><\/font><\/span><\/font><\/div>\n<hr\/>\n<p align=\"center\">\u00a0<\/p>\n<p align=\"center\"><b><a href=\"https:\/\/tunisnews.net\/ar\/\"><span>Home<\/span><span lang=\"FR-CH\"> &#8211; Accueil <\/span><span>&#8211; <\/span><span dir=\"rtl\" lang=\"AR-SA\">\u0627\u0644\u0631\u0626\u064a\u0633\u064a\u0629<\/span><\/a><\/b><\/p>\n<p align=\"center\"><b><span dir=\"rtl\" lang=\"AR-SA\">\u00a0<\/span><\/b><\/p>\n<p><\/body><\/body><\/html><\/p>","protected":false},"excerpt":{"rendered":"<p>Home &#8211; Accueil &#8211; TUNISNEWS 8\u00a0\u00e8me\u00a0ann\u00e9e, N\u00b0 \u00a02800 du 23.01.2008 \u00a0archives : www.tunisnews.net Appel d&rsquo;universitaires: Ecartez de notre pays cette honte Call of academics : Keep this shame off our country Le Temps: ** Un m\u00e9ga-projet italien pour d\u00e9velopper le tourisme \u00e9cologique Le Temps: Le mal du si\u00e8cle touche la soci\u00e9t\u00e9 tunisienne Mezri Haddad et\u00a0 [&hellip;]<\/p>\n","protected":false},"author":1,"featured_media":22040,"comment_status":"open","ping_status":"open","sticky":false,"template":"","format":"standard","meta":{"inline_featured_image":false,"site-sidebar-layout":"default","site-content-layout":"","ast-site-content-layout":"default","site-content-style":"default","site-sidebar-style":"default","ast-global-header-display":"","ast-banner-title-visibility":"","ast-main-header-display":"","ast-hfb-above-header-display":"","ast-hfb-below-header-display":"","ast-hfb-mobile-header-display":"","site-post-title":"","ast-breadcrumbs-content":"","ast-featured-img":"","footer-sml-layout":"","ast-disable-related-posts":"","theme-transparent-header-meta":"","adv-header-id-meta":"","stick-header-meta":"","header-above-stick-meta":"","header-main-stick-meta":"","header-below-stick-meta":"","astra-migrate-meta-layouts":"default","ast-page-background-enabled":"default","ast-page-background-meta":{"desktop":{"background-color":"","background-image":"","background-repeat":"repeat","background-position":"center center","background-size":"auto","background-attachment":"scroll","background-type":"","background-media":"","overlay-type":"","overlay-color":"","overlay-opacity":"","overlay-gradient":""},"tablet":{"background-color":"","background-image":"","background-repeat":"repeat","background-position":"center center","background-size":"auto","background-attachment":"scroll","background-type":"","background-media":"","overlay-type":"","overlay-color":"","overlay-opacity":"","overlay-gradient":""},"mobile":{"background-color":"","background-image":"","background-repeat":"repeat","background-position":"center center","background-size":"auto","background-attachment":"scroll","background-type":"","background-media":"","overlay-type":"","overlay-color":"","overlay-opacity":"","overlay-gradient":""}},"ast-content-background-meta":{"desktop":{"background-color":"var(--ast-global-color-5)","background-image":"","background-repeat":"repeat","background-position":"center center","background-size":"auto","background-attachment":"scroll","background-type":"","background-media":"","overlay-type":"","overlay-color":"","overlay-opacity":"","overlay-gradient":""},"tablet":{"background-color":"var(--ast-global-color-5)","background-image":"","background-repeat":"repeat","background-position":"center center","background-size":"auto","background-attachment":"scroll","background-type":"","background-media":"","overlay-type":"","overlay-color":"","overlay-opacity":"","overlay-gradient":""},"mobile":{"background-color":"var(--ast-global-color-5)","background-image":"","background-repeat":"repeat","background-position":"center center","background-size":"auto","background-attachment":"scroll","background-type":"","background-media":"","overlay-type":"","overlay-color":"","overlay-opacity":"","overlay-gradient":""}},"footnotes":""},"categories":[],"tags":[53,39,29],"class_list":["post-19073","post","type-post","status-publish","format-standard","has-post-thumbnail","hentry","tag-53","tag-39","tag-fr"],"_links":{"self":[{"href":"https:\/\/tunisnews.net\/ar\/wp-json\/wp\/v2\/posts\/19073","targetHints":{"allow":["GET"]}}],"collection":[{"href":"https:\/\/tunisnews.net\/ar\/wp-json\/wp\/v2\/posts"}],"about":[{"href":"https:\/\/tunisnews.net\/ar\/wp-json\/wp\/v2\/types\/post"}],"author":[{"embeddable":true,"href":"https:\/\/tunisnews.net\/ar\/wp-json\/wp\/v2\/users\/1"}],"replies":[{"embeddable":true,"href":"https:\/\/tunisnews.net\/ar\/wp-json\/wp\/v2\/comments?post=19073"}],"version-history":[{"count":0,"href":"https:\/\/tunisnews.net\/ar\/wp-json\/wp\/v2\/posts\/19073\/revisions"}],"wp:featuredmedia":[{"embeddable":true,"href":"https:\/\/tunisnews.net\/ar\/wp-json\/wp\/v2\/media\/22040"}],"wp:attachment":[{"href":"https:\/\/tunisnews.net\/ar\/wp-json\/wp\/v2\/media?parent=19073"}],"wp:term":[{"taxonomy":"category","embeddable":true,"href":"https:\/\/tunisnews.net\/ar\/wp-json\/wp\/v2\/categories?post=19073"},{"taxonomy":"post_tag","embeddable":true,"href":"https:\/\/tunisnews.net\/ar\/wp-json\/wp\/v2\/tags?post=19073"}],"curies":[{"name":"wp","href":"https:\/\/api.w.org\/{rel}","templated":true}]}}