{"id":18992,"date":"2011-03-30T00:00:00","date_gmt":"2011-03-30T00:00:00","guid":{"rendered":"https:\/\/tunisnews.net\/30-mars-2011\/"},"modified":"2011-03-30T00:00:00","modified_gmt":"2011-03-30T00:00:00","slug":"30-mars-2011","status":"publish","type":"post","link":"https:\/\/tunisnews.net\/ar\/30-mars-2011\/","title":{"rendered":"30 mars 2011"},"content":{"rendered":"<p><html><head><meta content=\"text\/html\" description=\"Le pr\u00e9sident du Conseil \n\t\t\titalien, qui s'est rendu mercredi dans l'\u00eele, a d\u00e9clar\u00e9 que \n\t\t\tl'\u00e9vacuation vers d'autres centres d'accueil italiens de quelque \n\t\t\t6.000 migrants h\u00e9berg\u00e9s dans des campements de fortune avait d\u00e9j\u00e0 \n\t\t\td\u00e9but\u00e9 \u00e0 bord de six navires d'une capacit\u00e9 totale de 10.000 \n\t\t\tpassagers.\" http-equiv=\"Content-Type\"\/><\/head><body><body><\/p>\n<div>\n<div align=\"center\" dir=\"ltr\"><font face=\"Bookman Old Style\" size=\"7\"><strong>TUNISNEWS <\/strong><\/font><\/div>\n<div align=\"center\" dir=\"ltr\"><strong><font face=\"Arial\" size=\"2\">10 \u00e8me ann\u00e9e,\u00a0 N\u00b03963 du 30.03.2011<\/font><\/strong><\/div>\n<div align=\"center\" dir=\"ltr\"><font face=\"Arial\" size=\"2\"><strong>archives : <\/strong><\/font><a target=\"_blank\" rel=\"noopener\"><font face=\"Arial\" size=\"2\"><strong>www.tunisnews.net<\/strong><\/font><\/a><span lang=\"FR\"><strong><font face=\"Arial\" size=\"2\">\u00a0<\/font><\/strong><\/span><\/div>\n<p><span lang=\"FR\"><\/p>\n<div align=\"center\" dir=\"ltr\"><font face=\"Arial\" size=\"2\"><\/p>\n<hr\/>\n<p><\/font><\/div>\n<div align=\"left\" dir=\"ltr\">\n<h2 style=\"color: red;\"><font size=\"2\"><strong><font face=\"Arial\"><font>Reuters: <\/font><font>Berlusconi promet d&rsquo;\u00e9vacuer les immigrants de Lampedusa<\/font><\/font><\/strong><\/font><\/h2>\n<\/div>\n<div align=\"left\" dir=\"ltr\"><font size=\"2\"><strong><font face=\"Arial\">Fatma Ksila:<font>Arr\u00eatez d&rsquo;insulter notre intelligence !<\/font><\/font><\/strong><\/font><\/div>\n<div align=\"left\" dir=\"ltr\">\n<h2 style=\"color: red;\"><font size=\"2\"><strong><font face=\"Arial\"><font><span lang=\"FR-CH\"><font>Larbi Guesmi: <\/font><\/span><\/font><span lang=\"FR-CH\"><font>Touches pas \u00e0 mon fr\u00e8re, touches pas \u00e0 ma r\u00e9volution<\/font><\/span><\/font><\/strong><\/font><\/h2>\n<\/div>\n<div align=\"left\" dir=\"ltr\"><font size=\"2\"><strong><font face=\"Arial\"><font>Lotfi Laarif: <\/font><font><font size=\"2\">Le provisoire qui s&rsquo;inscrit dans la dur\u00e9e<\/font><font>\u00a0\u00a0\u00a0\u00a0\u00a0\u00a0\u00a0<\/font><\/font><\/font><\/strong><\/font><\/div>\n<p><\/span><\/p>\n<div align=\"left\" dir=\"ltr\">\n<h2 style=\"color: red;\"><font face=\"Arial\"><span lang=\"FR\"><font><strong><\/p>\n<hr\/>\n<p><\/strong><\/font><strong><font face=\"Arial\">REVUE DE PRESSE<\/font><\/strong><\/span><\/font><\/h2>\n<\/div>\n<hr\/>\n<h2 style=\"color: red;\"><font face=\"Arial\" size=\"3\">\u00a0\u00a0\u00a0\u00a0\u00a0\u00a0\u00a0\u00a0\u00a0\u00a0\u00a0\u00a0\u00a0\u00a0\u00a0\u00a0\u00a0\u00a0\u00a0\u00a0\u00a0\u00a0\u00a0\u00a0\u00a0\u00a0\u00a0\u00a0\u00a0\u00a0\u00a0\u00a0\u00a0\u00a0\u00a0\u00a0\u00a0\u00a0\u00a0\u00a0\u00a0\u00a0\u00a0\u00a0\u00a0\u00a0\u00a0\u00a0\u00a0\u00a0\u00a0\u00a0\u00a0\u00a0\u00a0\u00a0\u00a0\u00a0\u00a0\u00a0\u00a0\u00a0\u00a0\u00a0\u00a0\u00a0\u00a0\u00a0\u00a0\u00a0\u00a0\u00a0\u00a0\u00a0\u00a0\u00a0\u00a0\u00a0\u00a0\u00a0\u00a0\u00a0\u00a0\u00a0<strong>Berlusconi promet d&rsquo;\u00e9vacuer les immigrants de Lampedusa<\/strong><\/font><\/h2>\n<hr\/>\n<p align=\"justify\"><font face=\"Arial\" size=\"2\">Reuters le 30\/03\/2011 \u00e0 18:47<\/font><\/p>\n<div align=\"justify\">\n<div>\n<p><font face=\"Arial\" size=\"2\">Silvio Berlusconi a promis d&rsquo;\u00e9vacuer d&rsquo;ici la fin de semaine des milliers d&rsquo;immigrants tunisiens ill\u00e9gaux de la petite \u00eele de Lampedusa, qui se plaint d&rsquo;\u00eatre submerg\u00e9e sous le nombre.<\/font><\/p>\n<\/div>\n<div><font face=\"Arial\" size=\"2\">Le pr\u00e9sident du Conseil italien, qui s&rsquo;est rendu mercredi dans l&rsquo;\u00eele, a d\u00e9clar\u00e9 que l&rsquo;\u00e9vacuation vers d&rsquo;autres centres d&rsquo;accueil italiens de quelque 6.000 migrants h\u00e9berg\u00e9s dans des campements de fortune avait d\u00e9j\u00e0 d\u00e9but\u00e9 \u00e0 bord de six navires d&rsquo;une capacit\u00e9 totale de 10.000 passagers.<\/font><\/p>\n<p><font face=\"Arial\" size=\"2\">Les clandestins qui ont d\u00e9barqu\u00e9 \u00e0 Lampedusa, souvent \u00e0 bord d&#8217;embarcations de fortune, sont dans leur forte majorit\u00e9 tunisiens. Mais on compte aussi des Erythr\u00e9ens partis \u00e0 la recherche d&rsquo;une meilleure vie en Europe via la Libye.<\/font><\/p>\n<p><font face=\"Arial\" size=\"2\">Port de p\u00eache et touristique normalement tranquille, Lampedusa s&rsquo;est transform\u00e9 ces derni\u00e8res semaines en un vaste camp jonch\u00e9 d&rsquo;ordures o\u00f9 d\u00e9barquent chaque jour des centaines de migrants. Ils sont 19.000 \u00e0 \u00eatre arriv\u00e9s cette ann\u00e9e sur cette \u00eele qui ne compte en temps normal que 5.000 habitants.<\/font><\/p>\n<p><font face=\"Arial\" size=\"2\">\u00ab\u00a0<em>Dans un d\u00e9lai de 48 \u00e0 60 heures \u00e0 partir de maintenant, Lampedusa ne sera habit\u00e9e que par des Lampedusiens<\/em>\u00ab\u00a0, a promis Silvio Berlusconi lors d&rsquo;une r\u00e9union avec des habitants.<\/font><\/p>\n<p><font face=\"Arial\" size=\"2\">Le gouvernement italien peine n\u00e9anmoins \u00e0 trouver une solution \u00e0 long terme pour ces immigrants clandestins.<\/font><\/p>\n<p><font face=\"Arial\" size=\"2\">La Ligue du Nord a r\u00e9clam\u00e9 leur renvoi imm\u00e9diat en Tunisie, mais Silvio Berlusconi a adopt\u00e9 une position plus prudente.<\/font><\/p>\n<p><font face=\"Arial\" size=\"2\">\u00ab\u00a0<em>Nous serons en mesure de renvoyer une partie d&rsquo;entre eux l\u00e0 d&rsquo;o\u00f9 ils sont partis. Ce ne sera pas facile, mais ce sera un signal fort de ce que cela ne vaut pas la peine de prendre le risque et d&rsquo;\u00eatre ensuite renvoy\u00e9 chez soi<\/em>\u00ab\u00a0, a-t-il dit.<\/font><\/p>\n<p><font face=\"Arial\" size=\"2\">Vivement critiqu\u00e9 pour n&rsquo;avoir pas r\u00e9agi imm\u00e9diatement lorsque l&rsquo;afflux a commenc\u00e9, en janvier apr\u00e8s la chute du r\u00e9gime tunisien, Silvio Berlusconi a fait une s\u00e9rie de promesses allant de la construction d&rsquo;un terrain de golf \u00e0 Lampedusa \u00e0 une proposition de l&rsquo;\u00eele pour le prix Nobel de la paix.<\/font><\/p>\n<p><font face=\"Arial\" size=\"2\">Silvio Berlusconi a promis que la t\u00e9l\u00e9vision publique, la RAI, et Mediaset, la cha\u00eene priv\u00e9e qui lui appartient, seraient encourag\u00e9es \u00e0 diffuser des programmes vantant les beaut\u00e9s de l&rsquo;\u00eele afin d&rsquo;y promouvoir le tourisme.<\/font><\/p>\n<p><font face=\"Arial\" size=\"2\">Le pr\u00e9sident du Conseil, qui est l&rsquo;un des hommes les plus riches d&rsquo;Italie, a annonc\u00e9 qu&rsquo;il avait achet\u00e9 une maison \u00e0 Lampesusa. \u00ab\u00a0<em>Je vais devenir lamp\u00e9dusien<\/em>\u00ab\u00a0, a-t-il dit.<\/font><\/p>\n<p><font face=\"Arial\" size=\"2\">Toutes ces promesses contrastent avec les semaines qui ont pr\u00e9c\u00e9d\u00e9 la visite du chef du gouvernement.<\/font><\/p>\n<p><font face=\"Arial\" size=\"2\">Les Tunisiens ont commenc\u00e9 \u00e0 affluer en janvier lorsque la chute du pr\u00e9sident Zine ben Ali a entra\u00een\u00e9 une d\u00e9sorganisation des contr\u00f4les frontaliers, incitant des milliers de jeunes hommes en qu\u00eate d&rsquo;un emploi en Europe \u00e0 prendre la mer.<\/font><\/p>\n<p><font face=\"Arial\" size=\"2\">Berlusconi, emp\u00eatr\u00e9 dans une s\u00e9rie de proc\u00e8s pour corruption et poursuivi pour incitation \u00e0 la prostitution de mineure, a \u00e9t\u00e9 incit\u00e9 \u00e0 agir face \u00e0 la mont\u00e9e des tensions \u00e0 Lampedusa.<\/font><\/p>\n<p><font face=\"Arial\" size=\"2\">Apr\u00e8s s&rsquo;\u00eatre plaints pendant des semaines sans r\u00e9sultat, les habitants de l&rsquo;\u00eele ont durci le mouvement ces derniers jours, bloquant le port et mena\u00e7ant de d\u00e9clencher une gr\u00e8ve g\u00e9n\u00e9rale si la question n&rsquo;\u00e9tait pas promptement r\u00e9gl\u00e9e.<\/font><\/p>\n<p><font face=\"Arial\" size=\"2\">La crise des ordures m\u00e9nag\u00e8res \u00e0 Naples avait d\u00e9j\u00e0 \u00e9corn\u00e9 l&rsquo;image du gouvernement. Celle de Lampedusa a fourni \u00e0 l&rsquo;opposition un autre objet de critiques.<\/font><\/p>\n<p><font face=\"Arial\" size=\"2\">\u00ab\u00a0<em>Sur Lampedusa, Berlusconi est moins convaincant qu&rsquo;un colporteur de casseroles vol\u00e9es<\/em>\u00ab\u00a0, a ironis\u00e9 le s\u00e9nateur Felice Belisario, du parti Italie des Valeurs, en d\u00e9non\u00e7ant la \u00ab\u00a0<em>propagande sordide<\/em>\u00a0\u00bb du pr\u00e9sident du Conseil.<\/font><\/p>\n<p><font face=\"Arial\" size=\"2\">Le ressentiment envers la France, qui refoule les migrants africains d\u00e9barquant \u00e0 la gare de Vintimille, est palpable.<\/font><\/p>\n<p><font face=\"Arial\" size=\"2\">\u00ab\u00a0<em>L&rsquo;Europe n&rsquo;a absolument rien fait sur ce point<\/em>\u00ab\u00a0, a soulign\u00e9 le chef de la diplomatie italienne, Franco Frattini, sur la cha\u00eene de t\u00e9l\u00e9vision SkyTG24.<\/font><\/p>\n<p><font face=\"Arial\" size=\"2\">\u00ab\u00a0<em>Essayez de parler aux Fran\u00e7ais qui ont \u00e9rig\u00e9 un mur \u00e0 Vintimille quand on sait que 80% des arrivants \u00e0 Lampedusa parlent fran\u00e7ais et ont vraisemblablement de la famille en France!<\/em>\u00ab\u00a0<\/font><\/p>\n<\/div>\n<\/div>\n<hr\/>\n<div align=\"center\">\n<h2 style=\"color: red;\"><font face=\"Arial\"><strong>Arr\u00eatez d&rsquo;insulter notre intelligence !<\/strong><\/font><\/h2>\n<\/div>\n<div align=\"center\"><font face=\"Arial\"><strong><\/p>\n<hr\/>\n<p> \u00a0<\/strong><\/font><\/div>\n<p><font face=\"Arial\"><\/p>\n<div align=\"justify\"> <font size=\"2\">Il se passe des choses dans les sph\u00e8res d\u00e9cisionnelles de la nouvelle Tunisie du 14 janvier\u00a0, des choses qui laissent tout tunisien dubitatif quant aux d\u00e9cisions, r\u00e9solutions et nominations prises et d\u00e9clar\u00e9es ces derniers temps&#8230;.. Et ce doute se transforme en crainte devant tant d&rsquo;indices qui traduisent d&rsquo;une part une volont\u00e9 nostalgique de l&rsquo;\u00e8re benaliste et d&rsquo;autre une incapacit\u00e9 r\u00e9elle \u00e0 r\u00e9pondre aux attentes l\u00e9gitimes de notre r\u00e9volution dans cette phase d\u00e9cisive que vit notre peuple.   Comment ne pas craindre l&rsquo;avenir quand nos d\u00e9cideurs \u00e0 savoir le gouvernement provisoire actuel et ses proches collaborateurs, choisissent la petite politique devant les exigences extraordinaires qu&rsquo;impose la r\u00e9volution\u00a0! C&rsquo;est le cas lors de la vague de nominations des d\u00e9l\u00e9gu\u00e9s dans les diff\u00e9rentes r\u00e9gions de la Tunisie, lorsqu&rsquo;ils se sont content\u00e9s du maintien dans leurs fonctions de la majorit\u00e9 des anciens d\u00e9l\u00e9gu\u00e9s benalistes en les confirmant dans leurs postes actuels ou en les d\u00e9pla\u00e7ant vers d&rsquo;autres lieux&#8230;. Notre Tunisie profonde gorge pourtant de comp\u00e9tences dans tous les domaines, des jeunes et moins jeunes dipl\u00f4m\u00e9s qui ne demandent qu&rsquo;\u00e0 servir leur pays&#8230;.Le m\u00eame esprit a conduit d&rsquo;autres nominations enregistr\u00e9es dans les domaines de la s\u00e9curit\u00e9 et la justice, en faisant toujours appels aux Hommes de Ben Ali&#8230;.Ignorent-ils que leurs pr\u00e9d\u00e9cesseurs ont \u00e9t\u00e9 d\u00e9chus de leur fonction pour, entre autres une telle politique\u00a0!  Et l&rsquo;insulte continue encore lorsque ces Hommes d\u00e9cident de remplacer le Conseil National de protection de la R\u00e9volution, alors qu&rsquo;un consensus national a \u00e9t\u00e9 assur\u00e9 autour de cette instance, pour une Haute Commission, dont les membres ont \u00e9t\u00e9 d\u00e9sign\u00e9s sans la moindre concertation &#8230;. Et dieu seul sait sur quelles bases et selon quels crit\u00e8res ces choix de personnes ont \u00e9t\u00e9 faits !!   Ainsi quelques Hommes, qu&rsquo;un concours de circonstances a mis sur la route de la nouvelle Tunisie d\u00e9cident d&rsquo;\u00eatre les portes-paroles de la r\u00e9volution et d&rsquo;agir comme si le pays leurs appartient et agissent en cons\u00e9quence ! Le sang de nos enfants n&rsquo;a pas coul\u00e9 pour cette petite politique.   Personnellement j&rsquo;avais des craintes et en suivant les diff\u00e9rentes r\u00e9actions des uns et des autres, dans diff\u00e9rents espaces d&rsquo;\u00e9changes qui ont tous tir\u00e9 la sonnette d&rsquo;alarme quant \u00e0 l&rsquo;avenir de notre r\u00e9volution, mon inqui\u00e9tude s&rsquo;est renforc\u00e9e.   Tout d&rsquo;abord, pour le r\u00f4le extraordinaire que jouent des Hommes d&rsquo;ombre qui m\u00e8nent la barque d&rsquo;une main de ma\u00eetre comme ils l&rsquo;ont fait les six premi\u00e8res ann\u00e9es du r\u00e8gne de Ben Ali, lorsqu&rsquo;ils \u00e9taient aux commandes du pays \u00e0 faire et \u00e0 d\u00e9faire les gouvernements du dictateur et l&rsquo;ont \u00e9paul\u00e9 dans les ann\u00e9es noires de la Tunisie . Ces Hommes, sont non seulement de retour, mais agissent comme jadis en seuls chefs des lieux.  Serait-il, par cons\u00e9quent un hasard si leur retour coincide avec le d\u00e9part du juge Rajhi du Minist\u00e8re de l&rsquo;Int\u00e9rieur et les zones d&rsquo;ombre qui ont carct\u00e9ris\u00e9 cette affaire ! Et le retour galopant des arrestations arbitraires qui touchent nos jeunes r\u00e9volutionnaires ( et personne d&rsquo;autres) et de la pratique de la torture dans les diff\u00e9rents postes de police ! Sans parler des anciens mercenaires de Ben Ali qui ont \u00e9t\u00e9 appel\u00e9s \u00e0 occuper des postes cl\u00e9s dans les diff\u00e9rents domaines de la vie politique et notamment la presse, l&rsquo;appareil judiciaire et l&rsquo;administration tunisienne&#8230;&#8230;   Un autre probl\u00e8me s&rsquo;impose et qui consiste en ces Hommes de savoir auxquels Ben Ali a fait appel, un jour avant son d\u00e9part, des comp\u00e9tences et des valeurs s\u00fbres pour le pays&#8230;. Seulement ont-ils jamais \u00e9t\u00e9 des Hommes politiques, ont-ils de pr\u00e8s ou de loin la moindre exp\u00e9rience de l&rsquo;appareil politique et de ses rouages&#8230;. Autrement dit sauront-ils faire face \u00e0 cette situation in\u00e9dite que traverse notre pays&#8230;. Jusqu&rsquo;\u00e0 maintenant les r\u00e9ponses ne sont pas au RDV.   Cet handicap se manifeste dans le rapport \u00e9tabli avec la jeunesse r\u00e9volutionnaire de la Kasbah, avec qui un seul langage a \u00e9t\u00e9 \u00e9tabli, celui de la matraque et de la r\u00e9pression, tournant le dos \u00e0 cette profonde aspiration populaire \u00e0 un changement radical dans la pens\u00e9e politique et les m\u00e9thodes entreprises jusqu&rsquo;\u00e0 aujourd&rsquo;hui.Il est \u00e9vident que le manque et m\u00eame l&rsquo;absence de confiance exprim\u00e9e par la  jeunesse tunisienne ne sont pas fortuits et r\u00e9sultent d\u00a0&lsquo;un constat v\u00e9ridique partag\u00e9 par un grand nombre d&rsquo;Hommes et de Femmes de la soci\u00e9t\u00e9 civile tunisienne&#8230;.   Et c&rsquo;est la raison pour laquelle nous disons : Non et mille fois non, notre libert\u00e9, ch\u00e8rement acquise, est trop pr\u00e9cieuse pour les regarder sacrifier notre r\u00e9volution sans rien faire !    Paris, le : 30 Mars 2011\u00a0\u00a0\u00a0\u00a0<\/font><\/div>\n<div align=\"justify\"><font size=\"2\">Fatma BOUAMAIED KSILA<\/font><\/div>\n<hr\/>\n<div><b><span lang=\"FR-CH\"><\/p>\n<h2 style=\"color: red;\"><font face=\"Arial\">Touches pas \u00e0 mon fr\u00e8re, touches pas \u00e0 ma r\u00e9volution<\/font><\/h2>\n<hr\/>\n<p><\/span><\/b><\/div>\n<p align=\"justify\">\u00a0<\/p>\n<p align=\"justify\"><span lang=\"FR-CH\"><font face=\"Arial\">Notre sagesse et notre patriotisme nous ont dict\u00e9 de ne pas trop demander pour ne pas avorter la r\u00e9volution et nous ont appris que nous ne devons jamais ni trop admirer ni trop m\u00e9priser! Et cela s&rsquo;av\u00e8re tr\u00e8s tr\u00e8s juste avec M. B\u00e9ji Ka\u00efd Sebsi et son gouvernement provisoire.\u00a0<\/font><\/span><\/p>\n<p align=\"justify\"><font face=\"Arial\"><span lang=\"FR-CH\"><font>Les erreurs r\u00e9p\u00e9t\u00e9es de ce gouvernement n&rsquo;ont fait que renforcer les soup\u00e7ons des plus m\u00e9fiants et d\u00e9voiler la vraie tendance de ce gouvernement: On a gagn\u00e9 plusieurs d\u00e9cennies de gouvernement avec la police et non avec la politique, pourquoi donc changer??? L&rsquo;exp\u00e9rience de ces dinosaures de la sc\u00e8ne tunisienne et s\u00fbrement aussi les informations des coulisses leur ont montr\u00e9 qu&rsquo;ils n&rsquo;ont aucune chance dans un combat purement politique donc ils ont opt\u00e9 \u00e0 combattre le politique par la police &#8230; et \u00e7a commence d\u00e9j\u00e0: apr\u00e8s les menaces r\u00e9p\u00e9t\u00e9es et \u00e0 peine d\u00e9voil\u00e9es de M. Ka\u00efd Sebsi sous le pr\u00e9texte du \u00ab\u00a0prestige de l&rsquo;\u00e9tat, <\/font><\/span><font><span dir=\"rtl\" lang=\"AR-SA\">\u0647\u064a\u0628\u0629<\/span><span lang=\"AR-SA\"><span dir=\"rtl\">\u0627\u0644\u062f\u0651\u0648\u0644\u0629<\/span><\/span><\/font><span lang=\"FR-CH\"><font> \u00a0\u00bb voil\u00e0 que vient l&rsquo;arrestation de l&rsquo;ing\u00e9nieur, membre du bureau ex\u00e9cutif de Nahdha,\u00a0parti qui exerce dans la l\u00e9galit\u00e9 et la transparence totales, pour d\u00e9clencher soit un test de bras de fer soit un processus de muselage de l&rsquo;opposition.<\/font><\/span><\/font><\/p>\n<p align=\"justify\"><span lang=\"FR-CH\"><font face=\"Arial\">Personnellement je m&rsquo;attendais \u00e0 de semblables mani\u00e8res polici\u00e8res et j&rsquo;en \u00e9tais m\u00eame s\u00fbr que \u00e7a ne va pas tarder, d\u00e8s que j&rsquo;ai appris la destitution inexpliqu\u00e9e et sans raison du ministre de l&rsquo;int\u00e9rieur le respectable M. Farhat Rajhi.<\/font><\/span><\/p>\n<p align=\"justify\"><span lang=\"FR-CH\"><font face=\"Arial\">M. Ka\u00efd Sebsi est en train de mettre le feu au poudre en se moquant du peuple tunisien qui a pay\u00e9 cher sa r\u00e9volution in\u00e9dite et qui a acquis ainsi une r\u00e9putation et une renomm\u00e9e internationales qu&rsquo;il n&rsquo;est pr\u00eat \u00e0 abandonner devant ni contre\u00a0rien.<\/font><\/span><\/p>\n<p align=\"justify\"><span lang=\"FR-CH\"><font face=\"Arial\">Apr\u00e8s tant de tentatives \u00e9chou\u00e9es d&rsquo;avorter la r\u00e9volution de la dignit\u00e9 du peuple tunisien ce gouvernement apprendra-t-il la le\u00e7on et prendra-t-il un jour la bonne d\u00e9cision de ne plus jouer ce jeu! Sans quoi le peuple est l\u00e0 pour lui tirer les tripes et lui crier de voix vive en plein visage\u00a0: TOUCHES PAS \u00c0 MA R\u00c9VOLUTION, TOUCHE PAS \u00c0 MON FR\u00c8RE\u00a0!<\/font><\/span><\/p>\n<p align=\"justify\">\u00a0<\/p>\n<p align=\"justify\"><font face=\"Arial\"><b><span lang=\"FR-CH\"><font>Larbi Guesmi<\/font><\/span><\/b><span lang=\"FR-CH\"><font> \/ Neuch\u00e2tel \u2013 Suisse le 30 mars 2011<\/font><\/span><\/font><\/p>\n<div align=\"justify\"> \u00a0<\/div>\n<div>\n<hr\/>\n<\/div>\n<div>\u00a0<\/div>\n<div align=\"center\"><font face=\"Arial\"><\/p>\n<h2 style=\"color: red;\"><font size=\"3\"><strong>Le provisoire qui s&rsquo;inscrit dans la dur\u00e9e<\/strong><\/font><\/h2>\n<p><font>\u00a0\u00a0\u00a0\u00a0\u00a0\u00a0\u00a0<\/font><\/font><\/div>\n<div>\u00a0<\/div>\n<div><font face=\"Arial\"><strong><font>\u00a0Lotfi Laarif<\/font><\/strong><\/font><\/div>\n<div>\u00a0<\/div>\n<div><font face=\"Arial\"><font>Gouvernement provisoire!!! stipule la constitution !\u00a0 mais non d\u00e9trompez vous il s&rsquo;installe pour tr\u00e8s longtemps. il va tracer la voie de notre pays au moins pour 10 ans. Caid Essebsi est charg\u00e9 de la mission d&rsquo;hypnotiser la foule. le tour de passe passe a bien marche. Voici le lapin sorti du chapeau melon. applaudissez braves gens et d\u00e9gagez de la Kasbah. Les tunisois ont deux revanches a prendre: sur Bourguiba qui les appelait \u00a0\u00bb ouled nanati \u00a0\u00bb et sur Benali qui les ignorait. <\/font><\/font><\/div>\n<div><font>Mbaza, Sebsi et Iadh ben Achour distribuent a leur gr\u00e9 les postes de L&rsquo;\u00e9tat en achetant la complicit\u00e9 des \u00e9gar\u00e9s et des frustres. Un gouvernement provisoire qui a d\u00e9j\u00e0 nomm\u00e9 48 PDG, 120 D\u00e9l\u00e9gu\u00e9s, 42 Ambassadeurs,67 directeurs g\u00e9n\u00e9raux et tous les ministres ne peut pas nous dire qu&rsquo;il est provisoire!\u00a0 Seuls exclus: ceux qui ont fait la r\u00e9volution,les vrais victimes de Benali et les islamistes. D\u00e9j\u00e0 une chaine du sioniste Murdoch et des 2 tunisois Tarak ben Ammar et Nabil Karoui nous \u00e9crit dans sa bande chaque soir : allahou ahad allahou ahad sil beji ma kifou had !!!!!! pauvres tunisiens r\u00e9veillez vous et agissez. on vous d\u00e9trousse de votre r\u00e9volution.<\/font> \u00a0<\/div>\n<div>\n<hr\/>\n<\/div>\n<div>\n<h2 style=\"color: red;\"><font face=\"Arial\"><b><span lang=\"NO-BOK\">\u00a0\u00a0\u00a0\u00a0\u00a0\u00a0\u00a0\u00a0\u00a0\u00a0\u00a0\u00a0\u00a0\u00a0\u00a0\u00a0\u00a0\u00a0\u00a0\u00a0\u00a0\u00a0\u00a0\u00a0\u00a0\u00a0\u00a0\u00a0\u00a0\u00a0\u00a0\u00a0\u00a0\u00a0\u00a0\u00a0\u00a0\u00a0\u00a0\u00a0\u00a0\u00a0\u00a0\u00a0\u00a0\u00a0\u00a0\u00a0\u00a0\u00a0\u00a0\u00a0\u00a0\u00a0\u00a0\u00a0\u00a0\u00a0\u00a0\u00a0\u00a0\u00a0\u00a0\u00a0\u00a0\u00a0\u00a0\u00a0\u00a0\u00a0\u00a0\u00a0\u00a0\u00a0\u00a0\u00a0\u00a0\u00a0\u00a0\u00a0\u00a0\u00a0\u00a0\u00a0\u00a0\u00a0\u00a0\u00a0\u00a0\u00a0\u00a0\u00a0\u00a0\u00a0\u00a0\u00a0\u00a0\u00a0\u00a0\u00a0\u00a0\u00a0\u00a0\u00a0\u00a0\u00a0\u00a0 Les 10 mots de la r\u00e9volution tunisienne &#8211; 7. <\/span><span lang=\"EN-US\">\u00ab\u00a0Sept\u00a0\u00bb<\/span><\/b><\/font><\/h2>\n<p><font face=\"Arial\"><b><span lang=\"EN-US\"><\/p>\n<hr\/>\n<p><\/span><\/b><\/font><\/div>\n<p align=\"justify\"><span lang=\"FR\"><font face=\"Arial\">La chasse aux \u00ab\u00a0<strong><span>sept<\/span><\/strong>\u00a0\u00bb a commenc\u00e9. Ben Ali, comme chacun sait, \u00e9tait un brin superstitieux et croyait aux forces occultes (madame aussi). Arriv\u00e9 au pouvoir le 7 novembre 1987 apr\u00e8s voir fait venir sept m\u00e9decins pour constater les d\u00e9faillances de son pr\u00e9d\u00e9cesseur, Habib Bourguiba, il en avait tir\u00e9 l&rsquo;implacable conclusion que ce chiffre lui portait bonheur. Inutile de pr\u00e9ciser qu&rsquo;en vingt-trois ans de r\u00e8gne, le ra\u00efs a eu le temps d&rsquo;essaimer son gri-gri. Les rues, avenues, places et monuments du <strong><span>7 novembre<\/span><\/strong> ont envahi les endroits les plus recul\u00e9s du pays. Les billets de banque, timbres, cartes d&rsquo;identit\u00e9 ont tous \u00e9t\u00e9 orn\u00e9s du fabuleux chiffre. La t\u00e9l\u00e9vision nationale avait \u00e9t\u00e9 glorieusement baptis\u00e9e TV7, l&rsquo;a\u00e9roport international de Tabarka, estampill\u00e9 \u00ab\u00a07 novembre\u00a0\u00bb. M\u00eame les \u00e9piceries, coiffeurs, pharmacies et autres petits commerces s&rsquo;\u00e9taient mis \u00e0 arborer un \u00ab\u00a07\u00a0\u00bb sur leur devanture, histoire d&rsquo;amadouer le puissant dictateur&#8230; Aujourd&rsquo;hui, bien s\u00fbr, on d\u00e9baptise \u00e0 tout va. Le groupe Facebook \u00ab\u00a0Contre le ridicule culte du chiffre 7 en Tunisie\u00a0\u00bb et ses 1351 amis sont en pointe sur le dossier. La compagnie a\u00e9rienne Sevenair, n\u00e9e le 7\/07\/2007, a ainsi opt\u00e9 pour un plus neutre Tunisair Express. Idem pour <strong><span>TV7<\/span><\/strong> qui a pr\u00e9f\u00e9r\u00e9 se faire oublier avec l&rsquo;impartiale : \u00ab\u00a0T\u00e9l\u00e9vision tunisienne nationale\u00a0\u00bb. Les appellations les plus en vogues ? \u00ab\u00a0Mohamed Bouazizi\u00a0\u00bb, du nom du jeune marchand ambulant de Sidi Bouzid qui s&rsquo;est immol\u00e9 par le feu le 17 d\u00e9cembre. Ou mieux : le nouveau chiffre f\u00e9tiche, celui du jour o\u00f9 Ben Ali a d\u00e9guerpi. Dans la capitale, la <strong><span>place du 14 janvier<\/span><\/strong> (feue la place du 7 novembre) est d\u00e9sormais l&rsquo;endroit o\u00f9 il faut s&rsquo;arr\u00eater. M\u00eame si, d&rsquo;apr\u00e8s nos calculs, 14, c&rsquo;est toujours 2 fois 7. Les chauffeurs de taxis s&#8217;emm\u00ealent un peu les pinceaux. Mais ils en ont tir\u00e9 une nouvelle maxime. \u00ab\u00a0Ici, c&rsquo;est la rue de la Libert\u00e9. Avant, on disait qu&rsquo;on savait o\u00f9 \u00e9tait la rue, mais pas la libert\u00e9. Maintenant, c&rsquo;est le contraire\u00a0\u00bb<\/font><\/span><\/p>\n<p align=\"justify\"><span lang=\"EN-US\"><font face=\"Arial\">Source:\u201dLe Nouvel Observateur\u201d Le 30-03-2011<\/font><\/span><\/p>\n<div>\n<p align=\"justify\"><span lang=\"NO-BOK\"><font face=\"Arial\">Lien: <\/font><a href=\"http:\/\/tempsreel.nouvelobs.com\/actualite\/les-revolutions-arabes\/20110324.OBS0183\/les-10-mots-de-la-revolution-tunisienne-7-sept.html\" target=\"_blank\" rel=\"noopener\"><font face=\"Arial\">http:\/\/tempsreel.nouvelobs.com\/actualite\/les-revolutions-arabes\/20110324.OBS0183\/les-10-mots-de-la-revolution-tunisienne-7-sept.html<\/font><\/a><\/span><\/p>\n<\/div>\n<p align=\"center\"><b><span lang=\"NO-BOK\"><\/p>\n<h2 style=\"color: red;\"><font face=\"Arial\">Fr\u00e9d\u00e9ric Mitterrand ira en Tunisie, o\u00f9 il est critiqu\u00e9 pour ses liens avec le r\u00e9gime de Ben Ali<\/font><\/h2>\n<p> <\/span><\/b><\/p>\n<hr\/>\n<p>\u00a0<\/p>\n<p align=\"justify\"><font face=\"Arial\"><span lang=\"EN-US\"><font>Ils esp\u00e9raient Alain Jupp\u00e9, ils auront Fr\u00e9d\u00e9ric Mitterrand\u2026 <\/font><\/span><span lang=\"NO-BOK\"><font>La nouvelle va sans doute provoquer une certaine \u00e9bullition en Tunisie quand elle sera rendue publique : le ministre de la culture fran\u00e7ais se rendra en visite officielle \u00e0 Tunis les 2 et 3 avril. Quant \u00e0 M. Jupp\u00e9, dont on envisageait la venue le 31 mars, sa visite est repouss\u00e9e \u00e0 une date ult\u00e9rieure, le responsable du Quai d&rsquo;Orsay devant finalement se rendre en Chine \u00e0 ce moment-l\u00e0.<\/font><\/span><\/font><\/p>\n<p align=\"justify\"><span lang=\"NO-BOK\"><font face=\"Arial\">De toutes les visites de ministres fran\u00e7ais \u00e0 Tunis depuis la chute de Ben Ali, le 14 janvier, celle de Fr\u00e9d\u00e9ric Mitterrand s&rsquo;annonce comme la plus d\u00e9licate. Le ministre de la culture est ici per\u00e7u comme faisant partie des nombreux responsables fran\u00e7ais qui ont fait preuve de complaisance envers le dictateur tunisien du temps o\u00f9 celui-ci \u00e9crasait le pays sous une chape de plomb et se comportait en mafieux. Pis : c&rsquo;est ce m\u00eame Fr\u00e9d\u00e9ric Mitterrand qui, le 9 janvier, en pleine r\u00e9pression du soul\u00e8vement populaire par la police tunisienne, avait jug\u00e9 \u00ab\u00a0tout \u00e0 fait exag\u00e9r\u00e9\u00a0\u00bb de qualifier la Tunisie de Ben Ali de \u00ab\u00a0dictature univoque\u00a0\u00bb.<\/font><\/span><\/p>\n<p align=\"justify\"><span lang=\"NO-BOK\"><font face=\"Arial\">\u00ab\u00a0TRISTE PANTALONNADE\u00a0\u00bb<\/font><\/span><\/p>\n<p align=\"justify\"><span lang=\"NO-BOK\"><font face=\"Arial\">Tenus quelques jours apr\u00e8s que la ministre des affaires \u00e9trang\u00e8res de l&rsquo;\u00e9poque, Mich\u00e8le Alliot-Marie, eut propos\u00e9 le \u00ab\u00a0savoir-faire\u00a0\u00bb des forces de s\u00e9curit\u00e9 fran\u00e7aises au r\u00e9gime Ben Ali, ces propos avaient d\u00e9clench\u00e9 en Tunisie la stupeur et la consternation. Un peu plus tard, Fr\u00e9d\u00e9ric Mitterrand faisait volte-face et pr\u00e9sentait ses excuses au peuple tunisien dans une lettre ouverte publi\u00e9e le 23 janvier par l&rsquo;hebdomadaire de Tunis R\u00e9alit\u00e9s. \u00ab\u00a0Alors que le peuple tunisien est parvenu par ses seules forces \u00e0 se d\u00e9barrasser de la chape de plomb qui pesait sur lui, je regrette profond\u00e9ment que mon attitude et les expressions qu&rsquo;il m&rsquo;est arriv\u00e9 d&rsquo;utiliser aient pu offenser des gens que j&rsquo;ai toujours voulu aider et que j&rsquo;admire et que j&rsquo;aime\u00a0\u00bb, plaidait Fr\u00e9d\u00e9ric Mitterrand.<\/font><\/span><\/p>\n<p align=\"justify\">\u00a0<\/p>\n<p align=\"justify\"><span lang=\"EN-US\"><font face=\"Arial\">Mais le mal \u00e9tait fait, et quand le ministre fran\u00e7ais tenta, maladroitement, de justifier la nationalit\u00e9 tunisienne qui lui avait \u00e9t\u00e9 octroy\u00e9e par le pr\u00e9sident Ben Ali dans les ann\u00e9es 1990, il parut s&rsquo;enfoncer un peu plus. \u00ab\u00a0Il se trouve que, sans doute, peut-\u00eatre, le r\u00e9gime a essay\u00e9 de me r\u00e9cup\u00e9rer en me donnant la nationalit\u00e9, mais je n&rsquo;ai pas fait de compromis, aucun\u00a0\u00bb, assura-t-il sur France Inter. \u00ab\u00a0Triste pantalonnade\u00a0\u00bb fut l&rsquo;un des commentaires les plus charitables que l&rsquo;on put lire alors sur les journaux tunisiens en ligne, tel Kapitalis.<\/font><\/span><\/p>\n<p align=\"justify\"><span lang=\"EN-US\"><font face=\"Arial\">Source: \u201cLe Monde.fr\u201d Le 30-03-2011<\/font><\/span><\/p>\n<div>\n<p align=\"justify\"><span lang=\"NO-BOK\"><font face=\"Arial\">Lien: <\/font><a href=\"http:\/\/www.lemonde.fr\/afrique\/article\/2011\/03\/29\/frederic-mitterrand-ira-en-tunisie-ou-il-est-critique-pour-ses-liens-avec-le-regime-de-ben-ali_1500439_3212.html\" target=\"_blank\" rel=\"noopener\"><font face=\"Arial\">http:\/\/www.lemonde.fr\/afrique\/article\/2011\/03\/29\/frederic-mitterrand-ira-en-tunisie-ou-il-est-critique-pour-ses-liens-avec-le-regime-de-ben-ali_1500439_3212.html<\/font><\/a><\/span><\/p>\n<\/div>\n<p align=\"center\"><span lang=\"NO-BOK\"><\/p>\n<p><font face=\"Arial\">Les rumeurs sur la demande d&rsquo;asile politique en Belgique de Ben Ali sont infond\u00e9es, selon Vanackere.<\/font><\/p>\n<p> <\/span><\/p>\n<hr\/>\n<p align=\"justify\"><span lang=\"NO-BOK\"><font face=\"Arial\">Steven Vanackere, vice-Premier ministre et ministre des Affaires \u00e9trang\u00e8res et des R\u00e9formes institutionnelles du Royaume de Belgique a ni\u00e9 les informations divulgu\u00e9es par le journal flamand De Morgen selon la police et les services de renseignement tiennent belge sur la demande d\u2019asile que Zine El Abidine Ben Ali, l&rsquo;ex-pr\u00e9sident tunisien pr\u00e9parerait (lire notre article sur le sujet).<\/font><\/span><\/p>\n<p align=\"justify\"><span lang=\"NO-BOK\"><font face=\"Arial\">\u00abCes rumeurs sont d\u00e9pourvues de tout fondement\u00bb, a affirm\u00e9 M. Vanackere aux m\u00e9dias rapport\u00e9 par la TAP, \u00e0 l&rsquo;issue de l&rsquo;entretien qu&rsquo;il a eu, lundi 28 mars 2011, avec B\u00e9ji Ca\u00efd Essebsi, le Premier ministre.<\/font><\/span><\/p>\n<p align=\"justify\"><span lang=\"NO-BOK\"><font face=\"Arial\">Le ministre des Affaires \u00e9trang\u00e8res belge a indiqu\u00e9, \u00e9galement, que sa visite en Tunisie s&rsquo;inscrit dans le souci de son pays d&rsquo;examiner les moyens de soutenir la Tunisie en cette p\u00e9riode transitoire aux plans politique et \u00e9conomique.<\/font><\/span><\/p>\n<p align=\"justify\"><span lang=\"NO-BOK\"><font face=\"Arial\">Au sujet de l&rsquo;accession de la Tunisie au statut de partenaire avanc\u00e9 de l&rsquo;Union europ\u00e9enne, Steven Vanackere a estim\u00e9 que \u00abLa situation a beaucoup \u00e9volu\u00e9 en Tunisie apr\u00e8s la R\u00e9volution, partant de la foi commune en les valeurs universelles des droits et des libert\u00e9s\u00bb et affirmant que ce dossier sera tranch\u00e9 apr\u00e8s l&rsquo;organisation d&rsquo;\u00e9lections libres et d\u00e9mocratiques en Tunisie\u00bb.<\/font><\/span><\/p>\n<p align=\"justify\"><span lang=\"EN-US\"><font face=\"Arial\">Source: \u201dBusiness News\u201d Le 30-03-2011<\/font><\/span><\/p>\n<div>\n<p align=\"justify\"><span lang=\"NO-BOK\"><font face=\"Arial\">Lien: <\/font><a href=\"http:\/\/www.businessnews.com.tn\/details_article.php?a=24110&amp;temp=1&amp;lang=fr&amp;t=520\" target=\"_blank\" rel=\"noopener\"><font face=\"Arial\">http:\/\/www.businessnews.com.tn\/details_article.php?a=24110&amp;temp=1&amp;lang=fr&amp;t=520<\/font><\/a><\/span><\/p>\n<\/div>\n<p align=\"center\"><b><span lang=\"EN-US\"><\/p>\n<h3 style=\"color: blue;\"><font face=\"Arial\">Tunisie: Les Tunisiens sont-ils politiquement au centre?<\/font><\/h3>\n<p> <\/span><\/b><\/p>\n<hr\/>\n<p>\u00a0<\/p>\n<p align=\"justify\"><span lang=\"EN-US\"><font face=\"Arial\">Apr\u00e8s le premier men\u00e9 par Sigma Conseil, en f\u00e9vrier, le sondage d\u2019opinion r\u00e9alis\u00e9 par General Management Services (GMS), le bureau d\u2019\u00e9tudes dirig\u00e9 par Mme Alia Hachicha, fera probablement lui aussi date. Car il renvoie aux Tunisiens l\u2019image assez exhaustive et pr\u00e9cise de leur relation au politique \u2013hommes, partis, id\u00e9ologies, etc. <\/font><\/span><\/p>\n<p align=\"justify\"><font face=\"Arial\"><span lang=\"NO-BOK\"><font>Les 1.060 sond\u00e9s ont d\u2019abord \u00e9t\u00e9 appel\u00e9s \u00e0 dire ce qu\u2019ils pensent de la politique en g\u00e9n\u00e9ral. <\/font><\/span><span lang=\"EN-US\"><font>A la question de savoir \u00abla politique, comment cela vous parle, comment cela vous touche?\u00bb, ils ont \u00e9t\u00e9 40% \u00e0 dire que cette \u00abmati\u00e8re\u00bb les \u00abint\u00e9resse beaucoup\u00bb et une frange encore plus importante (48%) que son int\u00e9r\u00eat se manifeste \u00abdans les grandes occasions\u00bb (\u00e9lections, remaniement, etc.) \u2013alors que 12% sont absolument indiff\u00e9rents (cela ne dit rien du tout).<\/font><\/span><\/font><\/p>\n<p align=\"justify\"><span lang=\"EN-US\"><font face=\"Arial\">Les Tunisiens, en pleine maturit\u00e9 et activit\u00e9 (44-55 ans), sont les plus port\u00e9s sur la politique (50%), alors que les plus jeunes (18-25 ans) sont les int\u00e9ress\u00e9s (35,10%).<\/font><\/span><\/p>\n<p align=\"justify\"><span lang=\"EN-US\"><font face=\"Arial\">Invit\u00e9 \u00e0 classer 8 th\u00e8mes, les 1.060 sond\u00e9s ont dans 70% des cas place la s\u00e9curit\u00e9 en t\u00eate de leurs priorit\u00e9s. Viennent ensuite \u00abr\u00e9sorber le ch\u00f4mage\u00bb (50,50%), \u00abla mise en place de la d\u00e9mocratie\u00bb (40,20%), \u00abd\u00e9velopper l\u2019\u00e9quilibre entre les r\u00e9gions\u00bb (35%), le \u00abrespect des droits de l\u2019homme\u00bb (34,30%), l\u2019\u00abind\u00e9pendance de la justice\u00bb (29,80%), et la \u00abpoursuite de ceux qui ont profit\u00e9 de la dictature\u00bb (23,60%), et la \u00ablibert\u00e9 de presse\u00bb (16,50%).<\/font><\/span><\/p>\n<p align=\"justify\"><span lang=\"EN-US\"><font face=\"Arial\">Concernant les hommes politiques, les Tunisiens en ont une image contrast\u00e9e, voire un peu brouill\u00e9e. Si une majorit\u00e9 (59,18%) conc\u00e8de aux hommes politiques qu\u2019ils connaissent bien la situation \u00e9conomique et sociale des Tunisiens, sont \u00abconscients mais ne sont pas en mesure d\u2019agir\u00bb (54,32%), ceux-ci sont divis\u00e9s sur le fait de savoir si ces hommes sont \u00e0 l\u2019\u00e9coute des jeunes (42,95% d\u2019accord, 43,34% pas d\u2019accord et 13,71% sans opinion), sont \u00abguid\u00e9s par des forces \u00e9trang\u00e8res\u00bb (40,82% d\u2019accord, 37,41% pas d\u2019accord, et 21,77% sans opinion) ou par des \u00abhommes de l\u2019ancien r\u00e9gime (28,86% d\u2019accord, 45,58% pas d\u2019accord et 25,56% sans opinion). <\/font><\/span><\/p>\n<p align=\"justify\"><span lang=\"EN-US\"><font face=\"Arial\">82,92% connaissent le nom d\u2019au moins une personnalit\u00e9 politique et 17,08% n\u2019en retiennent aucun. Dans ce registre, le \u00abTop of Mind\u00bb -c\u2019est-\u00e0-dire les personnalit\u00e9s dont les noms viennent spontan\u00e9ment en premier- est constitu\u00e9 notamment de B\u00e9ji Ca\u00efd Essebsi (17%), Rached Ghannouchi (13,24%), N\u00e9jib Chebbi (10,83%) et Mohamed Ghannouchi (9,57%). Et ce sont les m\u00eames qui ont la plus forte notori\u00e9t\u00e9 spontan\u00e9e, avec dans le m\u00eame ordre et respectivement: 40,97%, 37%, 35,17% et 28,41%.<\/font><\/span><\/p>\n<p align=\"justify\"><span lang=\"EN-US\"><font face=\"Arial\">Au classement des personnalit\u00e9s politiques \u00ables honn\u00eates et les plus cr\u00e9dibles\u00bb, le Premier ministre est \u00e9galement en pole position (34,39%), devant Farhat Rajhi (12,07%), Mohamed Ghannouchi (10,15%), Nejib Chebbi (8,05%), Mustapha Ben Jaafar (6,99%), Rached Ghannouchi (6,90%), etc. <\/font><\/span><\/p>\n<p align=\"justify\"><span lang=\"EN-US\"><font face=\"Arial\">A l\u2019inverse, le chef du mouvement Ennahdha se trouve en t\u00eate pour ce qui des \u00abpersonnalit\u00e9s politiques dont vous vous sentez le plus \u00e9loign\u00e9\u00bb (23,64%), suivi de Hamma Hammami (18,37%), les deux se trouvant loin devant Foued Mbazaa (8,33%), Nejib Chebbi (7,75%), Ahmed Brahim (7,18%), Moncef Marzouki (6,51%), etc.<\/font><\/span><\/p>\n<p align=\"justify\"><span lang=\"EN-US\"><font face=\"Arial\">Une appr\u00e9ciation qui semble trouver \u00e9cho dans le positionnement politique. En effet, 45% des Tunisiens disent se situer au centre, contre 14% plut\u00f4t \u00e0 droite, 8% plut\u00f4t \u00e0 gauche, 2% tr\u00e8s \u00e0 droite, 1% tr\u00e8s \u00e0 gauche et 30% sont sans opinion.<\/font><\/span><\/p>\n<p align=\"justify\"><span lang=\"EN-US\"><font face=\"Arial\">Pour ce qui est du type du r\u00e9gime, 41% sont pour le parlementaire, 39% pour le semi-pr\u00e9sidentiel (mixte), 16% pour le pr\u00e9sidentiel alors que 4% n\u2019ont pas d\u2019opinion. <\/font><\/span><\/p>\n<p align=\"justify\"><span lang=\"EN-US\"><font face=\"Arial\">Quels sont les partis politiques que vous connaissez? Les r\u00e9ponses \u00e0 cette question d\u00e9montrent que 69,54% des Tunisiens connaissent le nom d\u2019une formation politique au moins et que pr\u00e8s du tiers (30,46%) n\u2019en connaissent aucun.<\/font><\/span><\/p>\n<p align=\"justify\"><span lang=\"NO-BOK\"><font face=\"Arial\">Lorsqu\u2019ils sont invit\u00e9s \u00e0 dire spontan\u00e9ment quels partis ils connaissent, les Tunisiens citent en premier et dans l\u2019ordre le RCD (20,04%), Ennahdha (17,91%), le PDP (12,20%) \u2013alors que cinq autres partis arrivent loin derri\u00e8re (MDS, Ettajdid, Ettahrir, PCOT et FDTL) dans une fourchette de 2,42 \u00e0 1,35%. Et bizarrement, m\u00eame l\u2019UGTT est cit\u00e9e comme parti politique, ce qui prouve que la centrale syndicale renvoie une image brouill\u00e9e de son r\u00f4le et de sa mission.<\/font><\/span><\/p>\n<p align=\"justify\"><span lang=\"NO-BOK\"><font face=\"Arial\">Mais en termes de notori\u00e9t\u00e9 spontan\u00e9e, c\u2019est Ennahdha qui arrive en premier (46,76%), suivi, loin derri\u00e8re, du RCD (28,75%), du PDP (28,07%), d\u2019Ettajdid (16,17%), du PCOT (13,55%), etc. N\u00e9anmoins, les Tunisiens semblent tr\u00e8s \u00e9loign\u00e9s des partis politiques: 96% des sond\u00e9s n\u2019appartiennent \u00e0 aucune formation. Et si 62% disent vouloir participer \u00e0 la vie politique (contre 28% de non et 10% d\u2019ind\u00e9cis), une tr\u00e8s large proportion (71,40%) pense que le meilleur moyen de le faire consiste \u00e0 voter aux \u00e9lections pr\u00e9sidentielle et l\u00e9gislatives.<\/font><\/span><\/p>\n<p align=\"justify\"><span lang=\"NO-BOK\"><font face=\"Arial\">Par contre, ceux qui ont l\u2019intention d\u2019adh\u00e9rer \u00e0 un parti politique opteraient pour Ennahdha (13,76%), le PDP (12,31%), le FDTL (5,07%), El Watan (4,34%), etc.. <\/font><\/span><\/p>\n<p align=\"justify\"><span lang=\"EN-US\"><font face=\"Arial\">Source: \u201dwmc\u201d Le 30-03-2011<\/font><\/span><\/p>\n<div>\n<p align=\"justify\"><font face=\"Arial\"><span lang=\"NO-BOK\"><font>Lien: <\/font><\/span><span lang=\"EN-US\"><a href=\"http:\/\/www.webmanagercenter.com\/management\/article-103876-tunisie-les-tunisiens-sont-ils-politiquement-au-centre\" target=\"_blank\" rel=\"noopener\"><span lang=\"NO-BOK\"><font>http:\/\/www.webmanagercenter.com\/management\/article-103876-tunisie-les-tunisiens-sont-ils-politiquement-au-centre<\/font><\/span><\/a><\/span><\/font><\/p>\n<\/div>\n<p align=\"center\"><b><span lang=\"FR\"><\/p>\n<h3 style=\"color: blue;\"><font face=\"Arial\">Sihem Bens\u00e9drine : \u00ab\u00a0La transition tunisienne va peut-\u00eatre durer des ann\u00e9es\u00a0\u00bb<\/font><\/h3>\n<p> <\/span><\/b><\/p>\n<hr\/>\n<p>\u00a0<\/p>\n<p align=\"justify\"><b><span lang=\"FR\"><font face=\"Arial\">Les enjeux de la r\u00e9volution tunisienne et les menaces que font peser les pro-Ben Ali sur le processus de d\u00e9mocratisation d\u00e9crypt\u00e9s par la journaliste engag\u00e9e Sihem Bens\u00e9drine. Interview.<\/font><\/span><\/b><\/p>\n<p align=\"justify\"><span lang=\"FR\"><font face=\"Arial\">\u00c0 61 ans, Sihem Bens\u00e9drine voit enfin aboutir le combat d\u2019une vie. Journaliste et militante des droits de l\u2019homme, elle a \u0153uvr\u00e9 sans rel\u00e2che pour la d\u00e9fense des libert\u00e9s fondamentales en <\/font><font><a href=\"http:\/\/www.jeuneafrique.com\/pays\/tunisie\/tunisie.asp\" target=\"_blank\" rel=\"noopener\"><font face=\"Arial\">Tunisie<\/font><\/a><font face=\"Arial\">. Les vexations, la prison et la torture inflig\u00e9es par les s\u00e9ides du r\u00e9gime Ben Ali ont toujours \u00e9chou\u00e9 \u00e0 la r\u00e9duire au silence. Venue les 25 et 26 mars \u00e0 Paris participer \u00e0 un colloque sur l\u2019avenir des droits humains et de la d\u00e9mocratie dans le monde arabe, la porte-parole du Conseil national pour les libert\u00e9s en Tunisie (CNLT) a confi\u00e9 \u00e0 jeuneafrique.com ses espoirs et ses craintes pour l\u2019avenir de la <\/font><a href=\"http:\/\/www.jeuneafrique.com\/revolution-tunisienne.php\" target=\"_blank\" rel=\"noopener\"><font face=\"Arial\">r\u00e9volution tunisienne<\/font><\/a><\/font><font face=\"Arial\"><font>.  <\/font><b><font>Jeuneafrique.com : O\u00f9 en est aujourd\u2019hui la transition politique en Tunisie ?<\/font><\/b><\/font><\/span><\/p>\n<p align=\"justify\"><font face=\"Arial\"><b><span lang=\"FR\"><font>Sihem Bens\u00e9drine :<\/font><\/span><\/b><span lang=\"FR\"><font> La r\u00e9volution tunisienne n\u2019a pas \u00e9t\u00e9 n\u00e9goci\u00e9e et elle est venue d\u2019en bas. Ces deux aspects configurent la mani\u00e8re dont la transition va \u00eatre men\u00e9e et elle va peut-\u00eatre durer des ann\u00e9es. Aujourd\u2019hui, nous h\u00e9ritons de l\u2019appareil despotique de Ben Ali, intact et d\u00e9clin\u00e9 sous toutes ses formes, dans tous les domaines. Ces forces contre-r\u00e9volutionnaires disposent de puissants r\u00e9seaux et sont tr\u00e8s actives. Face \u00e0 cela, nous avons un magnifique atout, li\u00e9 \u00e0 la sp\u00e9cificit\u00e9 de notre r\u00e9volution : une rue vigilante, qui est aujourd\u2019hui notre protection contre les manipulations de la police, des gens du<a href=\"http:\/\/www.jeuneafrique.com\/Article\/ARTJAWEB20110328165429\/ben-ali-rcd-dissolution-justice-tunisiennetunisie-la-dissolution-du-rcd-de-ben-ali-confirmee-par-la-justice.html\" target=\"_blank\" rel=\"noopener\"><font>RCD [Rassemblement constitutionnel d\u00e9mocratique, ancien parti pr\u00e9sidentiel<\/font><\/a>, NDLR] et de l\u2019ancien r\u00e9gime.<\/font><\/span><\/font><\/p>\n<p align=\"justify\"><b><span lang=\"FR\"><font face=\"Arial\">Quel r\u00f4le joue la soci\u00e9t\u00e9 civile dans le processus de transition ?<\/font><\/span><\/b><\/p>\n<p align=\"justify\"><span lang=\"FR\"><font face=\"Arial\">Nous avons form\u00e9 une \u00ab Haute instance de r\u00e9alisation des objectifs de la r\u00e9volution, de la r\u00e9forme politique et de la transition d\u00e9mocratique \u00bb dont le r\u00f4le est de temp\u00e9rer le pouvoir absolu que nous avons accord\u00e9 au gouvernement et au pr\u00e9sident provisoires. Compos\u00e9e de toutes les forces vives du pays, politiques, ONG, personnalit\u00e9s, etc., elle doit d\u00e9battre des lois provisoires dont nous allons avoir besoin jusqu\u2019\u00e0 l\u2019\u00e9lection d\u2019une Assembl\u00e9e constituante.<\/font><\/span><\/p>\n<p align=\"justify\"><span lang=\"FR\"><font face=\"Arial\">Nous avons \u00e9galement constitu\u00e9 une coalition regroupant les associations historiques comme la Ligue des droits de l\u2019homme, les conseils des libert\u00e9s, l\u2019association des femmes, le syndicat des journalistes, l\u2019association des magistrats, etc. Elle travaille \u00e0 mettre en place une feuille de route pour la p\u00e9riode qui court jusqu\u2019aux \u00e9lections.<\/font><\/span><\/p>\n<p align=\"justify\"><b><span lang=\"FR\"><font face=\"Arial\">Quelles sont les priorit\u00e9s de ces organes ? <\/font><\/span><\/b><\/p>\n<p align=\"justify\"><span lang=\"FR\"><font face=\"Arial\">Nous avons identifi\u00e9 cinq grands chantiers prioritaires. Tout d\u2019abord, le processus \u00e9lectoral lui-m\u00eame : mode de scrutin, organes de surveillance et de suivi. Nous organisons des consultations, des d\u00e9bats et nous observons les autres exp\u00e9riences de transitions politiques de la Russie, du P\u00e9rou en passant par la Pologne. Second chantier : les m\u00e9dias. Nous avons h\u00e9rit\u00e9 de ceux, publics, de Ben Ali, encore dirig\u00e9s par les ex-membres du syst\u00e8me d\u2019<\/font><font><a href=\"http:\/\/www.jeuneafrique.com\/Article\/ARTJAJA2559p042-043.xml1\/\" target=\"_blank\" rel=\"noopener\"><font face=\"Arial\">Abdelwaheb Abdallah<\/font><\/a><\/font><font face=\"Arial\">, l\u2019\u00ab ex-grand dieu \u00bb des m\u00e9dias. Nous collaborons avec les responsables de ces m\u00e9dias pour que des mesures d\u2019urgence soient appliqu\u00e9es, comme la mise en place d\u2019un organe de r\u00e9gulation qui proposera les r\u00e9formes \u00e0 faire.<\/font><\/span><\/p>\n<p align=\"justify\"><span lang=\"FR\"><font face=\"Arial\">Vient ensuite l\u2019\u00e9norme chantier de la justice, qui est celui o\u00f9 cela va le plus mal \u00e0 l\u2019heure actuelle. Les canaux de discussion avec le minist\u00e8re de la Justice, o\u00f9 se retrouvent encore tous les gens du pr\u00e9c\u00e9dent r\u00e9gime, n\u2019existent pas. M\u00eame l\u2019association des magistrats, qui a \u00e9norm\u00e9ment travaill\u00e9 contre la mise au pas de la justice sous Ben Ali, est aujourd\u2019hui marginalis\u00e9e par l\u2019actuel ministre, dont nous r\u00e9clamons le d\u00e9part.<\/font><\/span><\/p>\n<p align=\"justify\"><b><span lang=\"FR\"><font face=\"Arial\">Les deux autres chantiers ?<\/font><\/span><\/b><\/p>\n<p align=\"justify\"><span lang=\"FR\"><font face=\"Arial\">Il y a celui de la police. Nous travaillons en \u00e9troite collaboration avec le <\/font><font><a href=\"http:\/\/www.jeuneafrique.com\/Article\/ARTJAWEB20110328171827\/tunisie-rcd-police-zine-el-abidine-ben-alitunisie-farhat-rajhi-le-ministre-de-l-interieur-monsieur-propre-a-ete-limoge.html\" target=\"_blank\" rel=\"noopener\"><font face=\"Arial\">minist\u00e8re de l\u2019Int\u00e9rieur<\/font><\/a><font face=\"Arial\">. Nos relations avec lui sont de loin les meilleures : il y a une bonne \u00e9coute, des \u00e9changes, un dialogue constructif et nous avan\u00e7ons positivement. Enfin, le dernier grand chantier est celui de la corruption. L\u00e0, les choses n\u2019avancent pas aussi bien. Il y a une <\/font><a href=\"http:\/\/www.jeuneafrique.com\/Article\/ARTJAWEB20110128003319\/\" target=\"_blank\" rel=\"noopener\"><font face=\"Arial\">commission de lutte contre la corruption<\/font><\/a><\/font><font face=\"Arial\"> avec laquelle nous essayons d\u2019avoir un dialogue. Mais jusque-l\u00e0, elle est un peu ferm\u00e9e et veut travailler seule. Si nous ne r\u00e9ussissons pas \u00e0 obtenir un vrai d\u00e9bat avec elle, nous allons utiliser nos leviers classiques : le plaidoyer et la mobilisation publique pour obtenir en premier lieu la pr\u00e9servation des archives qui sont br\u00fbl\u00e9es par m\u00e8tres cubes quotidiennement.<\/font><\/span><\/p>\n<p align=\"justify\"><b><span lang=\"FR\"><font face=\"Arial\">Ne craignez-vous pas l\u2019ouverture d\u2019une chasse aux sorci\u00e8res ?<\/font><\/span><\/b><\/p>\n<p align=\"justify\"><span lang=\"FR\"><font face=\"Arial\">Les personnalit\u00e9s qui restent en place n\u2019ont pas seulement collabor\u00e9, elles ont activement mis en place le syst\u00e8me Ben Ali et sont impliqu\u00e9es dans la corruption et le despotisme. Elles en sont responsables et ce sera l\u2019affaire de la justice. Mais nous ne sommes pas du tout dans une logique de chasse aux sorci\u00e8res. R\u00e9gler des comptes ne m\u2019int\u00e9resse pas. Je n\u2019ai personnellement aucune ranc\u0153ur contre tous ceux qui m\u2019ont d\u00e9truite, qui ont d\u00e9truit ma famille, d\u00e9truit tout ce que je poss\u00e8de, d\u00e9truit des amis.<\/font><\/span><\/p>\n<p align=\"justify\"><span lang=\"FR\"><font face=\"Arial\">Ce qui me motive, c\u2019est de construire la Tunisie nouvelle, de m\u2019assurer que l\u2019on soit sur les rails d\u2019une transition r\u00e9ellement d\u00e9mocratique. Les contre-r\u00e9volutionnaires ont \u00e9norm\u00e9ment d\u2019argent, pill\u00e9, bien s\u00fbr, et ils l&rsquo;utilisent pour des actions de provocation, notamment.<\/font><\/span><\/p>\n<p align=\"justify\"><b><span lang=\"FR\"><font face=\"Arial\">Par exemple ?<\/font><\/span><\/b><\/p>\n<p align=\"justify\"><span lang=\"FR\"><font face=\"Arial\">Je vais vous citer celles dont nous avons des preuves. Une manifestation a \u00e9t\u00e9 organis\u00e9e devant la synagogue de Tunis, le 11 f\u00e9vrier. Soit disant, le Hezb al-Tahrir (parti islamiste radical, NDLR) voulait br\u00fbler l\u2019\u00e9difice. Dans la foule, nous avons pu identifier trois membres de l\u2019ancien parti au pouvoir. Ils s\u2019\u00e9taient laiss\u00e9 pousser une barbe et portaient des robes d\u2019<\/font><font><a href=\"http:\/\/www.jeuneafrique.com\/Articles\/Dossier\/ARTJAJA2613p026-029.xml0\/gouvernement-tunisie-akp-rcdtunisie-faut-il-avoir-peur-des-islamistes.html\" target=\"_blank\" rel=\"noopener\"><font face=\"Arial\">islamistes<\/font><\/a><font face=\"Arial\">. Nous sommes aussi persuad\u00e9s qu\u2019ils sont derri\u00e8re le <\/font><a href=\"http:\/\/www.jeuneafrique.com\/actu\/20110221T204257Z20110221T204247Z\/\" target=\"_blank\" rel=\"noopener\"><font face=\"Arial\">meurtre du pr\u00eatre polonais Marek Rybinski<\/font><\/a><\/font><font face=\"Arial\">, perp\u00e9tr\u00e9 pour montrer que Ben Ali prot\u00e9geait la tol\u00e9rance religieuse. Quand ils ont \u00e9t\u00e9 d\u00e9masqu\u00e9s, ils ont tent\u00e9 de maquiller ce crime en affaire homosexuelle. Or le meurtre a \u00e9t\u00e9 commis \u00e0 30 m\u00e8tres d\u2019un local de la police politique\u2026<\/font><\/span><\/p>\n<p align=\"justify\"><span lang=\"FR\"><font face=\"Arial\">Dans les manifestations organis\u00e9es par les femmes, ils ont envoy\u00e9 des provocateurs pour nous insulter et crier \u00ab Allah akbar ! Allah akbar ! \u00bb Ils puaient l\u2019alcool et \u00e9taient visiblement so\u00fbls. Ils ont envoy\u00e9 le m\u00eame genre de personnes accueillir <\/font><font><a href=\"http:\/\/www.jeuneafrique.com\/Article\/ARTJAWEB20110115233053\/\" target=\"_blank\" rel=\"noopener\"><font face=\"Arial\">Rached Ghannouchi<\/font><\/a><font face=\"Arial\"> (fondateur du parti islamiste Ennahdha, NDLR) en criant \u00ab La\u00efcit\u00e9 ! La\u00efcit\u00e9 ! \u00bb Le 24 mars, ils sont all\u00e9s jeter des pierres sur le <\/font><a href=\"http:\/\/www.jeuneafrique.com\/Article\/ARTJAJA2617p046-048.xml0\/tunisie-mohamed-ghannouchi-zine-el-abidine-ben-ali-premier-ministrebeji-caid-essebsi-un-premier-ministre-tunisien-au-dessus-de-la-melee.html\" target=\"_blank\" rel=\"noopener\"><font face=\"Arial\">Premier ministre<\/font><\/a><\/font><font face=\"Arial\"> \u00e0 la Kasbah pour que les manifestants pr\u00e9sents en soient accus\u00e9s. Ils veulent nous diviser. Mais nous sommes vigilants.<\/font><\/span><\/p>\n<p align=\"justify\"><b><span lang=\"FR\"><font face=\"Arial\">Vous pr\u00e9sidez depuis le 6 mars le Groupe arabe d\u2019observation des m\u00e9dias dont le si\u00e8ge est \u00e0 Tunis. Quelle est sa mission ? <\/font><\/span><\/b><\/p>\n<p align=\"justify\"><span lang=\"FR\"><font face=\"Arial\">\u00c0 l\u2019origine, ce groupe est n\u00e9 \u00e0 Tunis en 2003, mais jamais nous n\u2019avions r\u00e9ussi \u00e0 tenir une r\u00e9union en Tunisie avant celle de mars 2011, o\u00f9 nous avons enfin pu nous constituer en association r\u00e9gionale. Celle-ci rassemble 18 associations arabes qui \u0153uvrent dans tous les pays et a pour vocation d\u2019observer les performances des m\u00e9dias en p\u00e9riodes \u00e9lectorales. Cela permet d\u2019avoir une cartographie presque exacte du r\u00e9sultat final. Depuis 2004, nous avons fait des observations dans plusieurs pays : Liban, Palestine, \u00c9gypte, Syrie, Bahre\u00efn, Soudan, Alg\u00e9rie\u2026 et en Tunisie, \u00e0 deux reprises.<\/font><\/span><\/p>\n<p align=\"justify\"><span lang=\"FR\"><font face=\"Arial\">En 2009 par exemple, 99 % de l\u2019espace m\u00e9diatique \u00e9tait monopolis\u00e9 par Ben Ali contre 0,1 % pour l\u2019opposition et 0,9 % pour la fausse opposition. Quels ont \u00e9t\u00e9 les r\u00e9sultats du scrutin ? Les m\u00eames ! Et c\u2019est observable partout : les m\u00e9dias sont \u00e0 l\u2019image du processus \u00e9lectoral lui-m\u00eame. Nous voulons les faire \u00e9voluer car ils jouent un r\u00f4le crucial, non seulement pour les processus \u00e9lectoraux mais aussi dans tous les domaines du pouvoir et de la soci\u00e9t\u00e9.<\/font><\/span><\/p>\n<p align=\"justify\"><span lang=\"FR\"><font face=\"Arial\">Source\u00a0: \u00ab\u00a0Jeune Afrique\u00a0\u00bb Le 30-03-2011<\/font><\/span><\/p>\n<div>\n<p align=\"justify\"><span lang=\"FR\"><font face=\"Arial\">Lien\u00a0: <\/font><a href=\"http:\/\/www.jeuneafrique.com\/Article\/ARTJAWEB20110329184420\/corruption-islamistes-droits-de-l-homme-rcdsihem-bensedrine-la-transition-tunisienne-va-peut-etre-durer-des-annees.html\" target=\"_blank\" rel=\"noopener\"><font face=\"Arial\">http:\/\/www.jeuneafrique.com\/Article\/ARTJAWEB20110329184420\/corruption-islamistes-droits-de-l-homme-rcdsihem-bensedrine-la-transition-tunisienne-va-peut-etre-durer-des-annees.html<\/font><\/a><\/span><\/p>\n<\/div>\n<p align=\"center\">\n<h3 style=\"color: blue;\"><font face=\"Arial\"><b><span lang=\"FR\">La Tunisie, candidate id\u00e9ale \u00e0 l\u2019UE<\/span><\/b><\/font><\/h3>\n<p><font face=\"Arial\"><b><span lang=\"FR\"><\/span><\/b><\/font><\/p>\n<hr\/>\n<p><\/font>\u00a0<\/p>\n<p align=\"justify\"><span lang=\"FR\"><font face=\"Arial\">Lib\u00e9r\u00e9e du r\u00e9gime de Zine el Abdinine ben Ali et sur la voie de la d\u00e9mocratie, la Tunisie devrait adh\u00e9rer \u00e0 l\u2019Union europ\u00e9enne, sugg\u00e8rent dans les colonnes de Lib\u00e9ration un groupe d\u2019universitaires fran\u00e7ais et tunisiens. <\/font><\/span><\/p>\n<p align=\"justify\"><span lang=\"FR\"><font face=\"Arial\">Pays \u00ab\u00a0en transition\u00a0\u00bb, comme le furent autrefois la Gr\u00e8ce, le Portugal, l\u2019Espagne ou encore les pays communistes, la Tunisie.<\/font><\/span><\/p>\n<p align=\"justify\"><span lang=\"FR\"><font face=\"Arial\">\u00ab\u00a0est un pays plus europ\u00e9en que bien des pays de l\u2019UE puisqu\u2019elle fait les trois quarts de ses \u00e9changes commerciaux avec l\u2019Europe ; elle partage avec les pays europ\u00e9ens un grand nombre de fondements historiques, de traditions culturelles, de normes et d\u2019hommes (diaspora, multiplication des modes de vie associant les deux rives).\u00a0\u00bb<\/font><\/span><\/p>\n<p align=\"justify\"><span lang=\"FR\"><font face=\"Arial\">\u00ab\u00a0C\u2019est un pays petit, aux \u00e9carts g\u00e9ographiques de richesse limit\u00e9s (rien \u00e0 voir avec la partie orientale de la Turquie, dont l\u2019extr\u00eame pauvret\u00e9 n\u00e9cessitera d\u2019importants fonds structurels si la Turquie entre dans l\u2019UE) ; le PIB par habitant est du m\u00eame ordre de grandeur que celui de la Turquie. La stabilisation macro\u00e9conomique \u00e9tait av\u00e9r\u00e9e jusqu\u2019en d\u00e9cembre, signe que la Tunisie avait su tirer parti des contraintes positives contenues dans l\u2019Accord d\u2019association avec l\u2019UE ; cela laisse penser que la perspective d\u2019une adh\u00e9sion acc\u00e9l\u00e9rera les r\u00e9formes, comme ce qui se passe en Turquie. Enfin la coh\u00e9sion nationale reste forte, le niveau de qualification moyen est \u00e9lev\u00e9 et \u00e9tendu \u00e0 une large classe moyenne.\u00a0\u00bb<\/font><\/span><\/p>\n<p align=\"justify\"><span lang=\"FR\"><font face=\"Arial\">L\u2019UE tirerait avantage de cette adh\u00e9sion puisqu\u2019elle \u00e9tablirait ainsi de nouvelles relations Nord-Sud, et \u00ab\u00a0stimulerait la transition des autres pays arabes, et freinerait les app\u00e9tits des Etats-Unis ou des puissances asiatiques sur le Maghreb\u00a0\u00bb, concluent-ils.<\/font><\/span><\/p>\n<p align=\"justify\"><span lang=\"FR\"><font face=\"Arial\">Source\u00a0: \u00ab\u00a0presseurop\u00a0\u00bb Le 30-03-2011<\/font><\/span><\/p>\n<div>\n<p align=\"justify\"><span lang=\"FR\"><font face=\"Arial\">Lien\u00a0: <\/font><a href=\"http:\/\/www.presseurop.eu\/fr\/content\/news-brief\/575631-la-tunisie-candidate-ideale-l-ue\" target=\"_blank\" rel=\"noopener\"><font face=\"Arial\">http:\/\/www.presseurop.eu\/fr\/content\/news-brief\/575631-la-tunisie-candidate-ideale-l-ue<\/font><\/a><\/span><\/p>\n<\/div>\n<p align=\"center\"><b><span lang=\"FR\"><\/p>\n<h3 style=\"color: blue;\"><font face=\"Arial\">Les Tunisiens tournent le dos \u00e0 la France<\/font><\/h3>\n<p><\/span><\/b><\/p>\n<hr\/>\n<p>\u00a0<\/p>\n<p align=\"justify\"><span lang=\"FR\"><font face=\"Arial\">C\u2019est l\u00e0 en tout cas le r\u00e9sultat d\u2019un sondage exclusif effectu\u00e9 par le magazine \u2018\u2018Le Courrier de l\u2019Atlas\u2019\u2019 et Sigma Conseil, \u00e0 la mi-mars, en Tunisie. <\/font><\/span><\/p>\n<p align=\"justify\"><span lang=\"FR\"><font face=\"Arial\">Ce sondage, r\u00e9alis\u00e9 du 12 au 14 mars, par t\u00e9l\u00e9phone, aupr\u00e8s d\u2019un \u00e9chantillon de 1.000 personnes \u00e2g\u00e9es de 18 ans et plus (\u00e2ge l\u00e9gal du vote en Tunisie). Il vise \u00e0 mesurer la perception de la France et de sa diplomatie apr\u00e8s la r\u00e9volution tunisienne, montre \u00abune vraie perte d\u2019influence\u00bb dans notre pays. En effet, 50% des Tunisiens sond\u00e9s pensent que la France a gard\u00e9 une posture coloniale vis-\u00e0-vis de la Tunisie.  \u00abLes opinions refl\u00e9t\u00e9es par ce sondage, assez alarmantes pour la France, viennent couronner une perte d\u2019influence progressive suivie d\u2019une gestion d\u00e9sastreuse de la r\u00e9volution tunisienne\u00bb, affirme le sondage \u2018\u2018Le Courrier de l\u2019Atlas\u2019\u2019 et Sigma Conseil. Les r\u00e9sultats complets du sondage seront publi\u00e9s dans le n\u00b0 d\u2019avril du \u2018\u2018Courrier de l\u2019Atlas\u2019\u2019, en kiosque d\u00e8s le 1er avril.  En r\u00e9ponses assist\u00e9es, le r\u00e9sultat est plus accablant. Seul un Tunisien sur trois pense que la France a r\u00e9agi correctement. Pour les autres, c\u2019est franchement accusateur: la France a tendance \u00e0 infantiliser les peuples arabes (57 %), a gard\u00e9 une posture coloniale (50,4 %), a fait preuve d\u2019incapacit\u00e9 \u00e0 r\u00e9agir (45,5), a r\u00e9agi avec de vieux r\u00e9flexes d\u00e9pass\u00e9s (41,4), a r\u00e9agi correctement (33,1), a m\u00eame agit\u00e9 l\u2019islamisme comme un \u00e9pouvantail (31,7). \u2018\u2018Le Courrier de l\u2019Atlas\u2019\u2019 est un news magazine mensuel lanc\u00e9 en f\u00e9vrier 2007 par le Tunisien Naceureddine Elafrite, s\u2019adressant aux Franco-Maghr\u00e9bins et aux amis du Maghreb.  Il est en vente en kiosque en France, en Belgique, au Maroc, en Alg\u00e9rie, en Tunisie et au Canada.<\/font><\/span><\/p>\n<p align=\"justify\"><span lang=\"FR\"><font face=\"Arial\">Source\u00a0: \u00ab\u00a0Kapitalis\u00a0\u00bb Le 30-03-2011<\/font><\/span><\/p>\n<div>\n<p align=\"justify\"><span lang=\"FR\"><font face=\"Arial\">Lien\u00a0: <\/font><a href=\"http:\/\/kapitalis.com\/kanal\/61-medias\/3301-les-tunisiens-tournent-le-dos-a-la-france.html\" target=\"_blank\" rel=\"noopener\"><font face=\"Arial\">http:\/\/kapitalis.com\/kanal\/61-medias\/3301-les-tunisiens-tournent-le-dos-a-la-france.html<\/font><\/a><\/span><\/p>\n<\/div>\n<h3 align=\"center\" style=\"color: blue;\"><span lang=\"FR\"><\/p>\n<h3 style=\"color: blue;\"><font face=\"Arial\">Tunisie : Partis politiques invisibles sur le web<\/font><\/h3>\n<p><\/span><span lang=\"FR\"><font face=\"Arial\"><\/font><\/span><\/h3>\n<hr\/>\n<p align=\"justify\"><b><span lang=\"FR\"><font face=\"Arial\">Les nouveaux partis politiques sont encore quasi-inexistants sur le web, alors m\u00eame qu\u2019ils auraient besoin d\u2019un plan m\u00e9dia \u00abagressif\u00bb pour se faire conna\u00eetre, \u00e0 l\u2019aube des \u00e9lections. Un comble, quand on sait le r\u00f4le qu\u2019a jou\u00e9 le Net dans la R\u00e9volution Tunisienne. Or un site internet peut s\u2019av\u00e9rer plus rentable que 10 sections de parti\u2026<\/font><\/span><\/b><\/p>\n<p align=\"justify\"><span lang=\"FR\"><font face=\"Arial\">Dans le monde r\u00e9el les <\/font><font><a href=\"http:\/\/fr.wikipedia.org\/wiki\/Partis_politiques_tunisiens\" target=\"_blank\" rel=\"noopener\"><font face=\"Arial\">partis politiques tunisiens<\/font><\/a><\/font><font face=\"Arial\"> tentent de combler tant bien que mal le vide politique post-r\u00e9volution. Dans la sph\u00e8re virtuelle, c\u2019est une toute autre paire de manche. Et dans le meilleur des cas, leurs sites web semblent encore vou\u00e9s au web 1.0. Il s\u2019agit peut-\u00eatre du lourd h\u00e9ritage de l\u2019\u00e8re Zaba, une \u00e9poque r\u00e9volue o\u00f9 les sites des vrais partis d&rsquo;opposition \u00e9taient inaccessibles, censur\u00e9s par Ammar 404. On regrettera ainsi que la plupart des vitrines web de nos partis soient h\u00e9berg\u00e9es en France ou aux \u00c9tats-Unis, et non en Tunisie. Ce qui \u00e9tait excusable sous sous Zaba devient impardonnable dans un pays libre et souverain.<\/font><\/span><\/p>\n<p align=\"justify\"><span lang=\"FR\"><font face=\"Arial\">Cela n\u2019emp\u00eachera pourtant pas le Parti D\u00e9mocrate Progressiste (PDP) de faire circuler l&rsquo;information. Le site web du parti de Chebbi (d\u00e9velopp\u00e9 sur une plateforme spip) avait beau \u00eatre censur\u00e9 sous Ben Ali, il diffusait n\u00e9anmoins l&rsquo;information en 3 langues \u00e0 l\u2019adresse www.pdpinfo.org, et il continue visiblement de le faire.<\/font><\/span><\/p>\n<p align=\"justify\"><span lang=\"FR\"><font face=\"Arial\">Ennahdha (http:\/\/www.nahdha.info\/arabe\/index.php) pr\u00e9sente un format de site d&rsquo;information unilingue bien fait mais sans vraiment pr\u00e9senter clairement son programme\u00a0 politique.<\/font><\/span><\/p>\n<p align=\"justify\"><span lang=\"FR\"><font face=\"Arial\">Le site d\u2019Ettajdid (ettajdid.org) \u00e9galement d\u00e9velopp\u00e9 sous Spip,\u00a0 pr\u00e9sente ainsi sur son site les communiqu\u00e9s du parti. Pour plus d\u2019infos, il faudra cliquer sur les liens redirigeant vers le forum, la page Facebook, etc\u2026<\/font><\/span><\/p>\n<p align=\"justify\"><span lang=\"FR\"><font face=\"Arial\">Le Forum du Travail et des Libert\u00e9s (FDTL) de Mustapha Ben Jaafar pr\u00e9sente son site flambant neuf \u00e0 l\u2019adresse http:\/\/fdtl.org. Il sera l\u2019un des rares, avec le Parti R\u00e9publicain (l\u2019un de ces nombreux partis \u00e0 \u00e9clore apr\u00e8s la R\u00e9volution) \u00e0 proposer aux internautes de remplir un formulaire d\u2019adh\u00e9sion en ligne.<\/font><\/span><\/p>\n<p align=\"justify\"><span lang=\"FR\"><font face=\"Arial\">On aura not\u00e9 que les nouveaux partis sont encore quasi-inexistants sur la toile, alors m\u00eame qu\u2019ils auraient besoin d\u2019un plan m\u00e9dia \u00abagressif\u00bb pour se faire conna\u00eetre, \u00e0 l\u2019aube des \u00e9lections. Une gageure en somme.<\/font><\/span><\/p>\n<p align=\"justify\"><span lang=\"FR\"><font face=\"Arial\">Si on regarde du c\u00f4t\u00e9\u00a0 des partis non autoris\u00e9e jusqu&rsquo;\u00e0 la R\u00e9volution, le site du Congr\u00e8s Pour la R\u00e9publique, (CPR, \u00e0 l\u2019adresse www.cprtunisie.net) dirig\u00e9 par Moncef Marzouki, , qui a fait l&rsquo;objet de piratage il y a des ann\u00e9es, est en construction depuis un moment d\u00e9j\u00e0.<\/font><\/span><\/p>\n<p align=\"justify\"><span lang=\"FR\"><font face=\"Arial\">Tunisie la Verte est aux abonn\u00e9s absents, tandis que le Parti Ouvrier Communiste Tunisien (POCT) pr\u00e9sente \u00e0 premi\u00e8re vue un site unilingue d\u00e9clin\u00e9 en sections du genre alternative nationale, alternative f\u00e9minine, alternative arabe&#8230; mais au final, il s&rsquo;av\u00e8rera qu\u2019il s\u2019agit d\u2019une compilation d&rsquo;articles et non une pr\u00e9sentation d&rsquo;un programme politique. Le Parti du travail patriotique et d\u00e9mocratique (http:\/\/www.hezbelamal.org\/) lui, pr\u00e9sente un programme politique, plut\u00f4t light, mais qui a le m\u00e9rite de figurer sur le site.<\/font><\/span><\/p>\n<p align=\"justify\"><span lang=\"FR\"><font face=\"Arial\">Autant dire que dans l\u2019ensemble, les sites web des partis tunisiens d\u2019apr\u00e8s la R\u00e9volution ne sont pas tr\u00e8s bien plac\u00e9s dans la nouvelle course politique. Un comble, quand on sait l\u2019usage qu\u2019on fait nos jeunes du web. Or pour r\u00e9ussir son introduction dans la nouvelle bourse politique tunisienne, il faudrait laisser la gestion des sites et des m\u00e9dias sociaux \u00e0 des sp\u00e9cialistes-sympathisants. Parce qu&rsquo;un bon site internet peut s\u2019av\u00e9rer plus rentable que 10 sections de parti. Et ce n\u2019est pas nos facebookeurs, prompts \u00e0 s\u2019arroger les premiers r\u00f4les dans cette R\u00e9volution, qui diront le contraire!<\/font><\/span><\/p>\n<p align=\"justify\"><span lang=\"FR\"><font face=\"Arial\">Source\u00a0: \u00ab\u00a0Tekiano\u00a0\u00bb Le 30-03-2011<\/font><\/span><\/p>\n<div>\n<p align=\"justify\"><span lang=\"FR\"><font face=\"Arial\">Lien\u00a0: <\/font><a href=\"http:\/\/www.tekiano.com\/ness\/20-n-c\/3538-tunisie-partis-politiques-invisibles-sur-le-web-.html\" target=\"_blank\" rel=\"noopener\"><font face=\"Arial\">http:\/\/www.tekiano.com\/ness\/20-n-c\/3538-tunisie-partis-politiques-invisibles-sur-le-web-.html<\/font><\/a><\/span><\/p>\n<\/div>\n<p align=\"center\"><b><span lang=\"NO-BOK\"><\/p>\n<h4 style=\"color: blue;\"><font face=\"Arial\">Insolite \u00e0 Lampedusa<\/font><\/h4>\n<p> <\/span><\/b><\/p>\n<hr\/>\n<p>\u00a0<\/p>\n<p align=\"justify\"><span lang=\"NO-BOK\"><font face=\"Arial\">Une vieille tunisienne de 84 ans parmi les Harragas \u00e0 Lampedusa<\/font><\/span><\/p>\n<p align=\"justify\"><span lang=\"NO-BOK\"><font face=\"Arial\">Si la maladie d\u2019amour\u00a0 chant\u00e9e par Michel Sardou court de 7 \u00e0 77ans, chez nous c\u2019est la maladie de l\u2019\u00e9migration clandestine qui court, et encore, de quatre ans \u00e0 quatre vingt quatre ans. <\/font><\/span><\/p>\n<p align=\"justify\"><span lang=\"NO-BOK\"><font face=\"Arial\">En effet une famille tunisienne avec tous ses membres, a d\u00e9fi\u00e9 les risques et les dangers en mer pour se retrouver au paradis hypoth\u00e9tique de\u00a0 Lampedusa. Les 7 membres de la famille dont une gamine de 4ans et une grand-m\u00e8re de 84 ans sont arriv\u00e9s sain et sauf, apr\u00e8s une p\u00e9rilleuse travers\u00e9e de 138 kilom\u00e8tres en mer. Interrog\u00e9e par une journaliste italienne pour le compte de la chaine TG5, la vieille mamie encore sous l\u2019effet de l\u2019exploit d\u00e9clare \u00e0 la t\u00e9l\u00e9 italienne, qu\u2019elle n\u2019a jamais eue peur de la mer, qu\u2019elle a d\u00e9j\u00e0 v\u00e9cu deux\u00a0 guerres (probablement la deuxi\u00e8me guerre mondiale, et la lutte arm\u00e9e pour la lib\u00e9ration de la Tunisie), et ce n\u2019est pas un voyage en mer qui va la dissuader. <\/font><\/span><\/p>\n<p align=\"justify\"><font face=\"Arial\"><span lang=\"NO-BOK\"><font>La vieille semblait tr\u00e8s heureuse d\u2019avoir r\u00e9ussi sa travers\u00e9e, et d\u2019arriver sur place tout en \u00e9tant\u00a0 entour\u00e9e de sa famille. <\/font><\/span><span lang=\"EN-US\"><font>L\u2019ile de Lampedusa, et depuis deux mois, compte 4 fois plus d\u2019\u00e9migr\u00e9s clandestins tunisiens que d\u2019habitants originaires. D\u2019habitude ce ph\u00e9nom\u00e8ne est sp\u00e9cifique aux jeunes et adultes d\u2019un certain \u00e2ge, mais, apparemment m\u00eame les vielles ont pris gout au risque et \u00e0 l\u2019aventure.<\/font><\/span><\/font><\/p>\n<p align=\"justify\"><span lang=\"FR\"><font face=\"Arial\">Source\u00a0: \u00ab\u00a0Tunivisions\u00a0\u00bb Le 30-03-2011<\/font><\/span><\/p>\n<div>\n<p align=\"justify\"><span lang=\"FR\"><font face=\"Arial\">Lien\u00a0: <\/font><a href=\"http:\/\/www.tunivisions.net\/insolite-a-lampedusa,11796.html\" target=\"_blank\" rel=\"noopener\"><font face=\"Arial\">http:\/\/www.tunivisions.net\/insolite-a-lampedusa,11796.html<\/font><\/a><\/span><\/p>\n<\/div>\n<h4 align=\"center\" style=\"color: blue;\"><span lang=\"FR\"><\/p>\n<h4 style=\"color: blue;\"><font face=\"Arial\">\u00ab\u00a0Aidez-nous !\u00a0\u00bb: le cri de d\u00e9tresse des immigr\u00e9s tunisiens de Lampedusa<\/font><\/h4>\n<p> <\/span><\/h4>\n<hr\/>\n<p align=\"justify\"><span lang=\"FR\"><font face=\"Arial\">\u00ab\u00a0Aidez-nous! On n\u2019en peut plus d\u2019attendre ici sans savoir ce qu\u2019on va devenir\u00a0\u00bb, supplie Lassad, un Tunisien de 24 ans qui dort depuis une semaine \u00e0 m\u00eame le sol sur le quai du port de la petite \u00eele italienne de Lampedusa.<\/font><\/span><\/p>\n<p align=\"justify\"><span lang=\"FR\"><font face=\"Arial\">\u00ab\u00a0Aidez-nous! On n\u2019en peut plus d\u2019attendre ici sans savoir ce qu\u2019on va devenir\u00a0\u00bb, supplie Lassad, un Tunisien de 24 ans qui dort depuis une semaine \u00e0 m\u00eame le sol sur le quai du port de la petite \u00eele italienne de Lampedusa.<\/font><\/span><\/p>\n<p align=\"justify\">\u00a0<\/p>\n<p align=\"justify\"><span lang=\"FR\"><font face=\"Arial\">\u00ab\u00a0Nous, ce qu\u2019on veut, c\u2019est juste travailler, partir d\u2019ici, c\u2019est la seule chose \u00e0 laquelle on pense\u00a0\u00bb, explique en fran\u00e7ais \u00e0 l\u2019AFP ce grand gaillard brun au visage burin\u00e9. A c\u00f4t\u00e9, son fr\u00e8re Ali, 20 ans, approuve en hochant de la t\u00eate.<\/font><\/span><\/p>\n<p align=\"justify\"><span lang=\"FR\"><font face=\"Arial\">Autour d\u2019eux, c\u2019est le chaos sur le quai o\u00f9 accostent d\u2019habitude les ferrys de touristes: des milliers de leurs compatriotes, tous de jeunes hommes, sont entass\u00e9s dans des espaces rectangulaires d\u00e9limit\u00e9s par des cordes ou des sacs poubelles et correspondant au bateau sur lequel ils sont arriv\u00e9s.<\/font><\/span><\/p>\n<p align=\"justify\"><span lang=\"FR\"><font face=\"Arial\">Les derniers arriv\u00e9s sont install\u00e9s devant la gare maritime tandis que les plus anciens ont r\u00e9ussi \u00e0 progresser jusqu\u2019au bout du quai et esp\u00e8rent \u00eatre \u00e0 leur tour transf\u00e9r\u00e9s dans un centre d\u2019accueil en Sicile ou sur le continent.<\/font><\/span><\/p>\n<p align=\"justify\"><span lang=\"FR\"><font face=\"Arial\">Lassad d\u00e9nonce la \u00ab\u00a0d\u00e9sorganisation: pas de lit, pas de couverture alors qu\u2019il fait tr\u00e8s froid la nuit, on est trait\u00e9s comme des chiens, non, les chiens sont trait\u00e9s mieux que nous\u00a0\u00bb, rectifie-t-il, un \u00e9clair de col\u00e8re dans les yeux.<\/font><\/span><\/p>\n<p align=\"justify\"><span lang=\"FR\"><font face=\"Arial\">L\u2019odeur est pestilentielle: seuls trois WC chimiques pourvoient aux besoins des milliers d\u2019immigr\u00e9s, qui en sont r\u00e9duits \u00e0 uriner et d\u00e9f\u00e9quer en plein air sur une petite colline surplombant le quai o\u00f9 ils dorment. Et bien s\u00fbr pas de douche.<\/font><\/span><\/p>\n<p align=\"justify\"><span lang=\"FR\"><font face=\"Arial\">Alors pourquoi avoir quitt\u00e9 la Tunisie? \u00ab\u00a0Au pays, il y a beaucoup de choses qui vont mal, il n\u2019y a pas de travail et la police est la m\u00eame qu\u2019au temps de Ben Ali\u00a0\u00bb, explique-t-il.<\/font><\/span><\/p>\n<p align=\"justify\"><span lang=\"FR\"><font face=\"Arial\">\u00ab\u00a0On arrive ici pour travailler et trouver la libert\u00e9, mais surtout pour travailler\u00a0\u00bb, insiste-t-il, avant d\u2019ajouter: \u00ab\u00a0J\u2019aimerais bien aller en France\u00a0\u00bb.<\/font><\/span><\/p>\n<p align=\"justify\"><span lang=\"FR\"><font face=\"Arial\">Plus loin, Ali, un petit gabarit tout en muscles de 29 ans, est au bord des larmes: \u00ab\u00a0J\u2019ai de la famille \u00e0 Tunis, mais personne ne sait que je suis arriv\u00e9, alors qu\u2019hier il y a eu des morts, et je ne peux m\u00eame pas les avertir\u00a0\u00bb.<\/font><\/span><\/p>\n<p align=\"justify\"><span lang=\"FR\"><font face=\"Arial\">\u00ab\u00a0En arrivant, on a march\u00e9 un kilom\u00e8tre dans l\u2019eau, du coup mon portable il est foutu, il est mort \u00e0 cause de l\u2019eau de mer\u00a0\u00bb, raconte-t-il.<\/font><\/span><\/p>\n<p align=\"justify\"><span lang=\"FR\"><font face=\"Arial\">Un peu plus loin, Abdel, une cigarette aux l\u00e8vres, n\u2019en peut plus lui non plus d\u2019attendre dans l\u2019incertitude: \u00ab\u00a0Nous ne savons rien, on ne sait pas o\u00f9 on va nous emmener, en Sicile, \u00e0 Palerme ou \u00e0 Rome&#8230; mais une chose est s\u00fbre, nous ne rentrerons pas en Tunisie. On ne r\u00e9ussit pas \u00e0 vivre l\u00e0-bas, je veux seulement travailler!\u00a0\u00bb.<\/font><\/span><\/p>\n<p align=\"justify\"><span lang=\"FR\"><font face=\"Arial\">En attendant, la cohabitation entre les 5.000 habitants de l\u2019\u00eele et les quelques 6.000 immigr\u00e9s est de plus en plus tendue. \u00ab\u00a0Ces gens vivent d\u2019une mani\u00e8re inhumaine: l\u2019inqui\u00e9tude est \u00e0 son comble\u00a0\u00bb, d\u00e9plore Francesco Solina, porte-parole du Mouvement des jeunes de Lampedusa.<\/font><\/span><\/p>\n<p align=\"justify\"><span lang=\"FR\"><font face=\"Arial\">\u00ab\u00a0La tension monte, d\u2019un c\u00f4t\u00e9 comme de l\u2019autre\u00a0\u00bb, confie-t-il \u00e0 l\u2019AFP.<\/font><\/span><\/p>\n<p align=\"justify\"><span lang=\"FR\"><font face=\"Arial\">Bien que le gouvernement italien ait d\u00e9cid\u00e9 d\u2019envoyer mercredi six navires d\u2019une capacit\u00e9 d\u2019environ 10.000 places pour \u00e9vacuer l\u2019\u00eele, il reste sceptique: \u00ab\u00a0Vrai ou faux?\u00a0\u00bb demande-t-il. \u00ab\u00a0J\u2019esp\u00e8re que c\u2019est vrai, j\u2019esp\u00e8re que le gouvernement ne nous a pas abandonn\u00e9s\u00a0\u00bb.<\/font><\/span><\/p>\n<p align=\"justify\"><span lang=\"FR\"><font face=\"Arial\">Premier signe d\u2019espoir: les forces de police ont commenc\u00e9 jeudi \u00e0 recenser les immigr\u00e9s en prenant leurs empreintes digitales et leurs photos, \u00e9tape indispensable avant de pouvoir les embarquer vers de v\u00e9ritables centres d\u2019accueil.<\/font><\/span><\/p>\n<p align=\"justify\"><span lang=\"FR\"><font face=\"Arial\">Source\u00a0:\u00a0\u00ab\u00a0Tribune de Geneve\u00a0\u00bb Le 30-03-2011<\/font><\/span><\/p>\n<div>\n<p align=\"justify\"><span lang=\"FR\"><font face=\"Arial\">Lien\u00a0: <\/font><a href=\"http:\/\/www.tdg.ch\/actu\/monde\/aidez-cri-detresse-immigres-tunisiens-lampedusa-2011-03-29\" target=\"_blank\" rel=\"noopener\"><font face=\"Arial\">http:\/\/www.tdg.ch\/actu\/monde\/aidez-cri-detresse-immigres-tunisiens-lampedusa-2011-03-29<\/font><\/a><\/span><\/p>\n<\/div>\n<p align=\"center\"><b><span lang=\"FR\"><\/p>\n<h4 style=\"color: blue;\"><font face=\"Arial\">Un Rajhi qui cache la for\u00eat ?<\/font><\/h4>\n<p> <\/span><\/b><\/p>\n<hr\/>\n<p>\u00a0<\/p>\n<p align=\"justify\"><span lang=\"FR\"><font face=\"Arial\">Ministre de l\u2019Int\u00e9rieur quelque part sympathique \u2013 ce qui, en soi, est une h\u00e9r\u00e9sie \u2013 mais r\u00e9ellement atypique : il avait tout contre lui.<\/font><\/span><\/p>\n<p align=\"justify\"><span lang=\"FR\"><font face=\"Arial\">Farhat Rajhi aura fonc\u00e9 t\u00eate baiss\u00e9e sur un \u00ab ogre \u00bb policier ou plut\u00f4t sur un \u00ab dragon \u00e0 plusieurs t\u00eates \u00bb. Mais, son erreur de d\u00e9part aura consist\u00e9 \u00e0 personnaliser ses rapports avec la \u00ab s\u00e9curit\u00e9 \u00bb \u00e0 trop s\u2019appuyer sur un G\u00e9n\u00e9ral ayant, lui, tr\u00e8s vite compris que le vedettariat ne convenait pas et que le r\u00e9tablissement d\u2019un nouvel ordre s\u00e9curitaire et \u00e0 visage humain n\u00e9cessite, d\u2019abord, une profonde connaissance des m\u00e9canismes s\u00e9curitaires, des rouages de la b\u00e2tisse la plus herm\u00e9tique et la plus effrayante de Tunisie et des articulations corporatistes des diff\u00e9rentes polices.<\/font><\/span><\/p>\n<p align=\"justify\"><span lang=\"FR\"><font face=\"Arial\">D\u00e8s son accession au Premier Minist\u00e8re, B\u00e9ji Ca\u00efd Essebsi a dit ce que tout le monde pensait sans le dire : restaurer la dimension de l\u2019Etat et cela passe in\u00e9vitablement par le r\u00e9tablissement de la s\u00e9curit\u00e9.<\/font><\/span><\/p>\n<p align=\"justify\"><span lang=\"FR\"><font face=\"Arial\">Pour autant le mot \u00ab s\u00e9curit\u00e9 \u00bb renvoie aux d\u00e9mons de la r\u00e9pression sous Ben Ali. Et dans cette purge spectaculaire, y compris le courage d\u2019avoir dissous ce monstre philistin qu\u2019est le RCD, il y avait comme dirait Bernard Henri Levy du : \u00ab le tout r\u00e9volutionnaire \u00bb, esp\u00e8ce de vade-mecum politique offert aux \u00ab princes du jour \u00bb\u2026 sauf qu\u2019on ne vit pas de \u00ab R\u00e9volution et d\u2019eau fra\u00eeche \u00bb\u2026<\/font><\/span><\/p>\n<p align=\"justify\">\u00a0<\/p>\n<p align=\"justify\"><font face=\"Arial\"><span lang=\"EN-US\"><font>Tr\u00e8s vite \u2013 on le voit \u2013 \u00ab Le Pouvoir \u00bb se remet en place. Rousseau s\u2019y \u00e9tait pris et \u00e0 plus de deux si\u00e8cles de distance, on ne sait trop dire si \u00ab Le Pouvoir \u00bb est de nature, et qu\u2019il est, donc, \u00e9ternel ou qu\u2019il soit de culture et qu\u2019il est donc p\u00e9rissable. \u00ab Le Pouvoir \u00bb c\u2019est bien plus que des dissertations. <\/font><\/span><span lang=\"NO-BOK\"><font>Il n\u2019est pas \u00ab l\u2019allog\u00e8ne de la soci\u00e9t\u00e9 : il fait corps avec elle et il est l\u2019instituteur de ses \u00e9tats \u00bb.<\/font><\/span><\/font><\/p>\n<p align=\"justify\"><span lang=\"EN-US\"><font face=\"Arial\">Au-del\u00e0 d\u2019un limogeage \u2013 justement \u2013 la chute de Farhat Rajhi est, techniquement, imputable \u00e0 ce que les maximalistes appellent \u00ab l\u2019effritement de la s\u00e9curit\u00e9 \u00bb. Ce corps invisible d\u2019une police profonde s\u2019est dilu\u00e9 comme pour laisser voir, laisser pourrir les choses, laisser Rajhi se fondre dans des sursauts r\u00e9dempteurs et messianiques.<\/font><\/span><\/p>\n<p align=\"justify\"><span lang=\"EN-US\"><font face=\"Arial\">Quelle est, donc, la corr\u00e9lation avec \u00ab Le Pouvoir \u00bb ?<\/font><\/span><\/p>\n<p align=\"justify\"><span lang=\"EN-US\"><font face=\"Arial\">Qui d\u00e9tient r\u00e9ellement \u00ab Le Pouvoir \u00bb ? Et faut-il s\u2019en accommoder ou s\u2019en inqui\u00e9ter ? <\/font><\/span><\/p>\n<p align=\"justify\"><font face=\"Arial\"><span lang=\"EN-US\"><font>\u00a0<\/font><font>Source: \u201cLe Temps\u201d Le 30-03-2011<\/font><\/span><\/font><\/p>\n<div>\n<p align=\"justify\"><font face=\"Arial\"><span lang=\"FR\"><font>Lien: <\/font><\/span><span lang=\"EN-US\"><a href=\"http:\/\/www.letemps.com.tn\/article-54575.html\" target=\"_blank\" rel=\"noopener\"><span lang=\"FR\"><font>http:\/\/www.letemps.com.tn\/article-54575.html<\/font><\/span><\/a><\/span><\/font><\/p>\n<\/div>\n<p align=\"center\"><b><span lang=\"NO-BOK\"><\/p>\n<h4 style=\"color: blue;\"><font face=\"Arial\">Apr\u00e8s la Tunisie, l&rsquo;Egypte et la Libye, la Syrie?<\/font><\/h4>\n<p> <\/span><\/b><\/p>\n<hr\/>\n<p>\u00a0<\/p>\n<p align=\"justify\"><span lang=\"EN-US\"><font face=\"Arial\">Confront\u00e9 \u00e0 des \u00e9meutes de plus en plus importantes, le r\u00e9gime de Bachar Al-Assad peut-il tomber?<\/font><\/span><\/p>\n<p align=\"justify\"><strong><span lang=\"EN-US\"><font face=\"Arial\">Le pr\u00e9sident: Bachar tout-puissant<\/font><\/span><\/strong><font><span lang=\"EN-US\"> <font face=\"Arial\">Bachar Al-Assad est le fils de Hafez. Dans la famille, on est et on na\u00eet au pouvoir. Fiston Al-Assad est au pouvoir depuis 2000. Un diplomate am\u00e9ricain (pas tr\u00e8s diplomate, justement) estime qu<span>&lsquo;\u00a0\u00bbil affirme depuis plus de dix ans qu&rsquo;il est un r\u00e9formateur, mais il n&rsquo;a pas fait grand-chose en mati\u00e8re de r\u00e9formes politiques\u00a0\u00bb<\/span> (cit\u00e9 par <em><span>20minutes.fr<\/span><\/em>). Au d\u00e9but de son mandat, il avait amorc\u00e9 une timide lib\u00e9ralisation avant d&rsquo;en revenir \u00e0 l&rsquo;autoritarisme et \u00e0 la toute-puissance des services secrets, mamelles d&rsquo;un r\u00e9gime dictatorial qui tient la route. Il faut dire qu&rsquo;il a fait des \u00e9tudes d&rsquo;ophtalmologie \u00e0 Londres et qu&rsquo;il n&rsquo;\u00e9tait absolument pas pr\u00e9vu que ce soit lui qui prenne les r\u00eanes du pouvoir, mais son fr\u00e8re a\u00een\u00e9, d\u00e9c\u00e9d\u00e9 dans un accident de voiture.  <strong><span>Le contexte politique: pas besoin de gouvernement tant qu&rsquo;on a un pr\u00e9sident<\/span><\/strong> Bachar Al-Assad a accept\u00e9 la d\u00e9mission de son gouvernement. Une bonne blague dans un pays o\u00f9 le pouvoir est r\u00e9parti entre le pr\u00e9sident et les services secrets (les \u00ab\u00a0moukhabarats\u00a0\u00bb). A la t\u00e9l\u00e9vision mercredi,<span>il a annonc\u00e9 toute une s\u00e9rie de mesures politiques et \u00e9conomiques<\/span>, mais sans s&rsquo;engager sur des r\u00e9formes majeures, et surtout, sans&#8230; lever l&rsquo;\u00e9tat d&rsquo;urgence.   <em><span>L&rsquo;Express<\/span><\/em> rappelle que<span>le r\u00e9gime de Damas avait \u00e9t\u00e9 d&rsquo;une cruaut\u00e9 sans pr\u00e9c\u00e9dent quand il s&rsquo;\u00e9tait agi de r\u00e9primer des manifs d&rsquo;opposants<\/span>: 20.000 morts en 1982&#8230; Depuis, une paix sociale bas\u00e9e sur la terreur r\u00e8gne. Depuis l&rsquo;opposition est soit en exil, soit \u00e9parpill\u00e9e, mais dans les deux cas pas pr\u00eate \u00e0 prendre la rel\u00e8ve.  <strong><span>Le contexte religieux: les sunnites, majorit\u00e9 mise \u00e0 l&rsquo;\u00e9cart<\/span><\/strong> La libert\u00e9 de culte est totale en Syrie, explique <em><span>Le Figaro<\/span><\/em>. La minorit\u00e9 chr\u00e9tienne peut ainsi faire sonner tous les clochers qu&rsquo;elle veut. Les sumnites, pas repr\u00e9sent\u00e9s dans les instances du pouvoir mais qui repr\u00e9sentent 60% de la population, sont la force d&rsquo;opposition la plus cr\u00e9dible.<span>Avec les Fr\u00e8res Musulmans, qui se font discrets depuis les massacres de 1982<\/span>, rappelle<em><span> L&rsquo;Humanit\u00e9.<\/span><\/em> Ils n&rsquo;ont pas trop le choix: ils sont interdits.  Cela dit, la Syrie est aussi la base arri\u00e8re du Hezbollah libanais, est tr\u00e8s proche du r\u00e9gime iranien.   <strong><span>Le contexte \u00e9conomique: comme en Tunisie, c&rsquo;est la base de la contestation<\/span><\/strong> Dans les ann\u00e9es 50, l&rsquo;\u00e9conomie syrienne s&rsquo;\u00e9tait align\u00e9e sur le syst\u00e8me sovi\u00e9tique. Depuis, \u00e7a a bien chang\u00e9, mais le clan au pouvoir peut toujours s&rsquo;appuyer sur les milieux \u00e9conomiques (qui le suivent parce qu&rsquo;ils n&rsquo;ont aucun int\u00e9r\u00eat \u00e0 s&rsquo;opposer aux tout-puissants services secrets).  Les \u00e9meutes qui ont \u00e9t\u00e9 vivement r\u00e9prim\u00e9es dans le pays ont eu lieu dans le sud, \u00e0 Deraa, dans une r\u00e9gion agricole pauvre, \u00e0 majorit\u00e9 sunnite. Les revendications sont pour le moment d&rsquo;ordre \u00e9conomique (augmentation des salaires, fin de la corruption) et soci\u00e9tal (fin de l&rsquo;\u00e9tat d&rsquo;urgence).   <span>Environ 130 personnes sont mortes lors des \u00e9meutes, affirment des ONG, c&rsquo;est 30 pour le gouvernement,<\/span> pr\u00e9cise<em><span>Le Figaro<\/span><\/em>. Un ancien diplomate \u00e9crit dans <em><span>Le Monde<\/span><\/em> que <\/font><\/span><\/font><span lang=\"NO-BOK\"><a href=\"http:\/\/www.lemonde.fr\/idees\/article\/2011\/03\/25\/bachar-al-assad-dirige-t-il-encore-la-syrie_1498286_3232.html#ens_id=1481132\" target=\"_blank\" rel=\"noopener\"><span lang=\"EN-US\"><font face=\"Arial\">le pouvoir chercherait \u00e0 attiser la contestation en provoquant la foule pour restaurer son autorit\u00e9.<\/font><\/span><\/a><\/span><\/p>\n<p align=\"justify\"><span lang=\"EN-US\"><font face=\"Arial\">Le contexte international: pas d&rsquo;intervention en vue<\/font><\/span><\/p>\n<p align=\"justify\"><span lang=\"EN-US\"><font face=\"Arial\">L&rsquo;heure n&rsquo;est pas encore \u00e0 parler de sanctions de l&rsquo;ONU. Tout juste se borne-t-on \u00e0 condamner la r\u00e9pression des manifestations, comme Alain Jupp\u00e9 sur Europe 1. La France est d&rsquo;ailleurs d\u00e9crite comme une partenaire proche du r\u00e9gime d&rsquo;El-Assad, rappelle le site du minist\u00e8re des Affaires Etrang\u00e8res.<\/font><\/span><\/p>\n<p align=\"justify\">\u00a0<\/p>\n<p align=\"justify\"><font face=\"Arial\"><span lang=\"EN-US\"><font>Les Etats-Unis n&rsquo;ont pas de moyen de pression sur le r\u00e9gime, contrairement \u00e0 l&rsquo;Egypte, qu&rsquo;ils aident consid\u00e9rablement sur le plan \u00e9conomique. Pourtant, ils consid\u00e8rent l&rsquo;\u00e9volution de la situation en Syrie comme cruciale: \u00ab\u00a0elle peut soit ouvrir le verrou, soit le fermer \u00e0 double tour\u00a0\u00bb explique Claude Salhani, sp\u00e9cialiste de la r\u00e9gion dans Le Figaro. <\/font><\/span><font><span lang=\"NO-BOK\">Si la Syrie tombe, tout le Moyen-Orient peut basculer. <\/span><\/font><span lang=\"EN-US\"><font>Si elle r\u00e9siste, l&rsquo;\u00e9lan d\u00e9mocratique restera sans doute limit\u00e9 au Maghreb&#8230;<\/font><\/span><\/font><\/p>\n<p align=\"justify\"><span lang=\"EN-US\"><font face=\"Arial\">Source: \u201cLe Post\u201d Le 30-03-2011<\/font><\/span><\/p>\n<div>\n<p align=\"justify\"><font face=\"Arial\"><span lang=\"NO-BOK\"><font>Lien: <\/font><\/span><span lang=\"EN-US\"><a href=\"http:\/\/www.lepost.fr\/article\/2011\/03\/30\/2450372_apres-la-tunisie-l-egypte-et-la-libye-la-syrie.html\" target=\"_blank\" rel=\"noopener\"><span lang=\"NO-BOK\"><font>http:\/\/www.lepost.fr\/article\/2011\/03\/30\/2450372_apres-la-tunisie-l-egypte-et-la-libye-la-syrie.html<\/font><\/span><\/a><\/span><\/font><\/p>\n<hr\/>\n<p>\u00a0<\/p><\/div>\n<\/div>\n<p><\/body><\/body><\/html><\/p>\n","protected":false},"excerpt":{"rendered":"<p>TUNISNEWS 10 \u00e8me ann\u00e9e,\u00a0 N\u00b03963 du 30.03.2011 archives : www.tunisnews.net\u00a0 Reuters: Berlusconi promet d&rsquo;\u00e9vacuer les immigrants de Lampedusa Fatma Ksila:Arr\u00eatez d&rsquo;insulter notre intelligence ! Larbi Guesmi: Touches pas \u00e0 mon fr\u00e8re, touches pas \u00e0 ma r\u00e9volution Lotfi Laarif: Le provisoire qui s&rsquo;inscrit dans la dur\u00e9e\u00a0\u00a0\u00a0\u00a0\u00a0\u00a0\u00a0 REVUE DE PRESSE \u00a0\u00a0\u00a0\u00a0\u00a0\u00a0\u00a0\u00a0\u00a0\u00a0\u00a0\u00a0\u00a0\u00a0\u00a0\u00a0\u00a0\u00a0\u00a0\u00a0\u00a0\u00a0\u00a0\u00a0\u00a0\u00a0\u00a0\u00a0\u00a0\u00a0\u00a0\u00a0\u00a0\u00a0\u00a0\u00a0\u00a0\u00a0\u00a0\u00a0\u00a0\u00a0\u00a0\u00a0\u00a0\u00a0\u00a0\u00a0\u00a0\u00a0\u00a0\u00a0\u00a0\u00a0\u00a0\u00a0\u00a0\u00a0\u00a0\u00a0\u00a0\u00a0\u00a0\u00a0\u00a0\u00a0\u00a0\u00a0\u00a0\u00a0\u00a0\u00a0\u00a0\u00a0\u00a0\u00a0\u00a0\u00a0\u00a0\u00a0\u00a0\u00a0\u00a0\u00a0Berlusconi promet d&rsquo;\u00e9vacuer les immigrants de Lampedusa [&hellip;]<\/p>\n","protected":false},"author":1,"featured_media":22040,"comment_status":"open","ping_status":"open","sticky":false,"template":"","format":"standard","meta":{"inline_featured_image":false,"site-sidebar-layout":"default","site-content-layout":"","ast-site-content-layout":"default","site-content-style":"default","site-sidebar-style":"default","ast-global-header-display":"","ast-banner-title-visibility":"","ast-main-header-display":"","ast-hfb-above-header-display":"","ast-hfb-below-header-display":"","ast-hfb-mobile-header-display":"","site-post-title":"","ast-breadcrumbs-content":"","ast-featured-img":"","footer-sml-layout":"","ast-disable-related-posts":"","theme-transparent-header-meta":"","adv-header-id-meta":"","stick-header-meta":"","header-above-stick-meta":"","header-main-stick-meta":"","header-below-stick-meta":"","astra-migrate-meta-layouts":"default","ast-page-background-enabled":"default","ast-page-background-meta":{"desktop":{"background-color":"","background-image":"","background-repeat":"repeat","background-position":"center center","background-size":"auto","background-attachment":"scroll","background-type":"","background-media":"","overlay-type":"","overlay-color":"","overlay-opacity":"","overlay-gradient":""},"tablet":{"background-color":"","background-image":"","background-repeat":"repeat","background-position":"center center","background-size":"auto","background-attachment":"scroll","background-type":"","background-media":"","overlay-type":"","overlay-color":"","overlay-opacity":"","overlay-gradient":""},"mobile":{"background-color":"","background-image":"","background-repeat":"repeat","background-position":"center center","background-size":"auto","background-attachment":"scroll","background-type":"","background-media":"","overlay-type":"","overlay-color":"","overlay-opacity":"","overlay-gradient":""}},"ast-content-background-meta":{"desktop":{"background-color":"var(--ast-global-color-5)","background-image":"","background-repeat":"repeat","background-position":"center center","background-size":"auto","background-attachment":"scroll","background-type":"","background-media":"","overlay-type":"","overlay-color":"","overlay-opacity":"","overlay-gradient":""},"tablet":{"background-color":"var(--ast-global-color-5)","background-image":"","background-repeat":"repeat","background-position":"center center","background-size":"auto","background-attachment":"scroll","background-type":"","background-media":"","overlay-type":"","overlay-color":"","overlay-opacity":"","overlay-gradient":""},"mobile":{"background-color":"var(--ast-global-color-5)","background-image":"","background-repeat":"repeat","background-position":"center center","background-size":"auto","background-attachment":"scroll","background-type":"","background-media":"","overlay-type":"","overlay-color":"","overlay-opacity":"","overlay-gradient":""}},"footnotes":""},"categories":[],"tags":[55,42,29],"class_list":["post-18992","post","type-post","status-publish","format-standard","has-post-thumbnail","hentry","tag-55","tag-42","tag-fr"],"_links":{"self":[{"href":"https:\/\/tunisnews.net\/ar\/wp-json\/wp\/v2\/posts\/18992","targetHints":{"allow":["GET"]}}],"collection":[{"href":"https:\/\/tunisnews.net\/ar\/wp-json\/wp\/v2\/posts"}],"about":[{"href":"https:\/\/tunisnews.net\/ar\/wp-json\/wp\/v2\/types\/post"}],"author":[{"embeddable":true,"href":"https:\/\/tunisnews.net\/ar\/wp-json\/wp\/v2\/users\/1"}],"replies":[{"embeddable":true,"href":"https:\/\/tunisnews.net\/ar\/wp-json\/wp\/v2\/comments?post=18992"}],"version-history":[{"count":0,"href":"https:\/\/tunisnews.net\/ar\/wp-json\/wp\/v2\/posts\/18992\/revisions"}],"wp:featuredmedia":[{"embeddable":true,"href":"https:\/\/tunisnews.net\/ar\/wp-json\/wp\/v2\/media\/22040"}],"wp:attachment":[{"href":"https:\/\/tunisnews.net\/ar\/wp-json\/wp\/v2\/media?parent=18992"}],"wp:term":[{"taxonomy":"category","embeddable":true,"href":"https:\/\/tunisnews.net\/ar\/wp-json\/wp\/v2\/categories?post=18992"},{"taxonomy":"post_tag","embeddable":true,"href":"https:\/\/tunisnews.net\/ar\/wp-json\/wp\/v2\/tags?post=18992"}],"curies":[{"name":"wp","href":"https:\/\/api.w.org\/{rel}","templated":true}]}}