{"id":18984,"date":"2011-10-03T00:00:00","date_gmt":"2011-10-03T00:00:00","guid":{"rendered":"https:\/\/tunisnews.net\/3-octobre-2011\/"},"modified":"2011-10-03T00:00:00","modified_gmt":"2011-10-03T00:00:00","slug":"3-octobre-2011","status":"publish","type":"post","link":"https:\/\/tunisnews.net\/ar\/3-octobre-2011\/","title":{"rendered":"3 octobre 2011"},"content":{"rendered":"<p><html><head><meta content=\"text\/html\" description=\"CCTE: M. Caid Essebsi doit \t\t\t\t\t\t\t\t\t\t\tmettre fin sans d\u00e9lai \u00e0 la torture, \t\t\t\t\t\t\t\t\t\t\t\u00e0 la r\u00e9pression contre la soci\u00e9t\u00e9 \t\t\t\t\t\t\t\t\t\t\tcivile et doit partager le pouvoir \t\t\t\t\t\t\t\t\t\t\tavec les forces vives de la nation\" http-equiv=\"Content-Type\"\/><\/head><body><body><\/p>\n<div>du message<\/p>\n<div><meta content=\"off\" http-equiv=\"x-dns-prefetch-control\"\/><\/p>\n<div>\n<style><!--#yiv162994758 .yiv162994758hmmessage P{margin:0px;padding:0px;}#yiv162994758 .yiv162994758hmmessage{font-size:10pt;font-family:Tahoma;}--><\/style>\n<div dir=\"ltr\">\n<div>\n<div>\n<div>\n<div>\n<div>\n<div>\n<div>\n<div>\n<div>\n<div>\n<div>\n<div>\n<div>\n<div>\n<div>\n<div>\n<div>\n<div>\n<div>\n<div>\n<div>\n<div>\n<div>\n<div>\n<div>\n<div>\n<div>\n<div>\n<div>\n<div>\n<div>\n<div>\n<div>\n<div>\n<div dir=\"ltr\"><\/div>\n<div align=\"center\" dir=\"ltr\"><font face=\"Bookman Old Style\" size=\"7\"><strong>TUNISNEWS <\/strong><\/font><\/div>\n<div align=\"center\" dir=\"ltr\"><strong><font face=\"Arial\" size=\"2\">11 \u00e8me ann\u00e9e, N\u00b04113 du 03.10.2011<\/font><\/strong><\/div>\n<div align=\"center\" dir=\"ltr\"><font face=\"Arial\" size=\"2\"><strong>archives : <\/strong><\/font><a rel=\"nofollow\"><font face=\"Arial\" size=\"2\"><strong>www.tunisnews.net<\/strong><\/font><\/a><span lang=\"FR\"><strong><font face=\"Arial\" size=\"2\"> <\/font><\/strong><\/span><\/div>\n<p><font><\/font><font><font><font><\/p>\n<div dir=\"ltr\"><strong><font face=\"Arial\" size=\"2\"><\/p>\n<hr\/>\n<p><\/font><\/strong><\/div>\n<p><\/font><\/font><\/font><\/div>\n<\/div>\n<\/div>\n<\/div>\n<\/div>\n<\/div>\n<\/div>\n<\/div>\n<\/div>\n<\/div>\n<\/div>\n<\/div>\n<\/div>\n<\/div>\n<\/div>\n<\/div>\n<\/div>\n<\/div>\n<\/div>\n<\/div>\n<\/div>\n<\/div>\n<\/div>\n<\/div>\n<\/div>\n<\/div>\n<\/div>\n<\/div>\n<\/div>\n<div dir=\"ltr\">\n<div>\n<p><font face=\"Arial\" size=\"2\"><strong>CCTE: M. Caid Essebsi doit mettre fin sans d\u00e9lai \u00e0 la torture, \u00e0 la r\u00e9pression contre la soci\u00e9t\u00e9 civile et doit partager le pouvoir avec les forces vives de la nation<\/strong><\/font><\/p>\n<\/div>\n<div><font face=\"Arial\" size=\"2\"><strong>AP: Tunisie: des observateurs \u00e9trangers au chevet des \u00e9lections de la Constituant<\/strong><\/font><\/div>\n<div>\n<h2 style=\"color: red;\"><font face=\"Arial\" size=\"2\"><strong>Tibune de Geneve: Tunisie: la Suisse offre 12&rsquo;000 urnes de vote pour le scrutiny<\/strong><\/font><\/h2>\n<\/div>\n<div><font face=\"Arial\" size=\"2\"><strong>Sudouest: En Tunisie, la jeune d\u00e9mocratie compte plus de 100 partis<\/strong><\/font><\/div>\n<div>\n<h2 style=\"color: red;\"><font face=\"Arial\" size=\"2\"><strong>ElWatan: Processus d\u00e9mocratique en Tunisie : Malgr\u00e9 les islamistes, l\u2019espoir demeure<\/strong><\/font><\/h2>\n<\/div>\n<div><font face=\"Arial\" size=\"2\"><strong>Kapitalis: Tunisie. Nouvelle cascade de d\u00e9missions au Pdp Gafsa<\/strong><\/font><\/div>\n<div>\n<p><font face=\"Arial\" size=\"2\"><strong>Le Post: Des ministres de Bourguiba \u00e9taient des \u00ab\u00a0honorables correspondants\u00a0\u00bb des \u00ab\u00a0services de s\u00e9curit\u00e9 \u00e9trangers\u00a0\u00bb<\/strong><\/font><\/p>\n<\/div>\n<div><font face=\"Arial\" size=\"2\"><strong>Le Matin: Les blogueurs du printemps arabe se retrouvent lundi \u00e0 Tunis<\/strong><\/font><\/div>\n<\/div>\n<\/div>\n<\/div>\n<\/div>\n<div dir=\"ltr\">\n<hr\/>\n<\/div>\n<div dir=\"ltr\">\u00a0<\/div>\n<div align=\"center\"><font face=\"Arial\" size=\"2\"><strong>Collectif de la Communaut\u00e9 Tunisienne en Europe<\/strong><\/font><\/div>\n<div align=\"center\">\u00a0<\/div>\n<div align=\"center\"><font face=\"Arial\" size=\"2\">1 rue Cassini \u2013 75014 Paris \u2013 T\u00e9l. : 01 43 29 68 98<\/font><\/div>\n<div align=\"center\">\u00a0<\/div>\n<div align=\"center\">\u00a0<\/div>\n<div align=\"center\">\n<p><font face=\"Arial\"><strong>Communiqu\u00e9 : M. Caid Essebsi doit mettre fin sans d\u00e9lai \u00e0 la torture, \u00e0 la r\u00e9pression contre la soci\u00e9t\u00e9 civile et doit partager le pouvoir avec les forces vives de la nation<\/strong><\/font><\/p>\n<\/div>\n<div align=\"center\">\n<hr\/>\n<\/div>\n<div><font face=\"Arial\" size=\"2\">Notre Collectif d\u00e9nonce les propos tenus par M. Caid Essebsi, le 28 septembre 2011 devant Catherine Ashton, la Haute repr\u00e9sentante de l\u2019UE pour les Affaires \u00e9trang\u00e8res, lors de la r\u00e9union de la Task Force pour la Tunisie.<\/font><\/div>\n<div><font face=\"Arial\" size=\"2\">A cette occasion le Premier ministre a d\u00e9clar\u00e9 que \u00ab Les r\u00e9serves de la communaut\u00e9 europ\u00e9enne concernant les libert\u00e9s et les droits de l&rsquo;homme n&rsquo;ont plus de raison d&rsquo;\u00eatre apr\u00e8s la r\u00e9volution du 14 janvier \u00bb.<\/font><\/div>\n<div><font face=\"Arial\" size=\"2\">Or, depuis la 14 janvier 2011, le peuple tunisien n&rsquo;a pas cess\u00e9 d&rsquo;\u00eatre la cible de la r\u00e9pression polici\u00e8re ordonn\u00e9e par les gouvernements qui se sont succ\u00e9d\u00e9s. La r\u00e9pression a continu\u00e9 \u00e0 servir de moyen de gouverner, au lieu de recourir au dialogue, \u00e0 la consultation et \u00e0 associer les forces vives de la soci\u00e9t\u00e9 \u00e0 la prise des d\u00e9cisions. <\/font><\/div>\n<div><font face=\"Arial\" size=\"2\">M. Caid Essebsi n&rsquo;a pas compris que si le peuple a fait une r\u00e9volution c&rsquo;est pour devenie ma\u00eetre de son destin et pour mettre fin \u00e0 l&rsquo;humiliation et au terrorisme policier subis depuis plus d&rsquo;un demi-si\u00e8cle, y compris quand le m\u00eame B\u00e9ji Caid Essebsi \u00e9tait ministre de l&rsquo;Int\u00e9rieur sous Bourguiba.<\/font><\/div>\n<div><font face=\"Arial\" size=\"2\">M. Caid Essebsi n&rsquo;a pas non plus compris que les arrestations et d\u00e9tentions arbitraires, les condamnations in\u00e9quitables, les violences polici\u00e8res et surtout le recours \u00e0 la torture telles que nous l&rsquo;observons de nos jours, sont des actes criminels infamants passibles de lourdes peines de prison. <\/font><\/div>\n<div><font face=\"Arial\" size=\"2\">Ces graves abus sont d&rsquo;autant plus scandaleux qu&rsquo;ils touchent en priorit\u00e9 les jeunes r\u00e9volutionnaires qui ont fait la r\u00e9volution d\u00e8s ses d\u00e9buts, et qui ont continu\u00e9 de payer un lourd tribut pour la r\u00e9ussite de la R\u00e9volution encore manac\u00e9e par l&rsquo;ancien r\u00e9gime et le gouvernement actuel. Ces abus n&rsquo;\u00e9pargnent pas non plus les cat\u00e9gories sociales ou politiques, r\u00e9prim\u00e9es avec les m\u00eames m\u00e9thodes. M\u00eame les militants, les avocats et les journalistes sont souvent menac\u00e9s, violent\u00e9s et humili\u00e9s dans l&rsquo;exercice de leurs activit\u00e9s. <\/font><\/div>\n<div><font face=\"Arial\" size=\"2\">M. Caid Essebsi est directement responsable de cette situation, lui qui a souvent donn\u00e9 des consignes r\u00e9pressives dans ses discours, y compris des menaces contre les m\u00e9dias.<\/font><\/div>\n<div><font face=\"Arial\" size=\"2\">M. Caid Essebsi n&rsquo;a pas compris que ces pratiques d&rsquo;un autre \u00e2ge pour lesquelles il doit un jour rendre compte, sont interdites par l&rsquo;Union Europ\u00e9enne et qu&rsquo;elles sont un motif majeur pour geler ou rompre les accords d&rsquo;association Tuniso-Europ\u00e9ens.<\/font><\/div>\n<div><font face=\"Arial\" size=\"2\">C&rsquo;est pour cela que nous demandons \u00e0 l&rsquo;Union Europ\u00e9enne de geler imm\u00e9diatement ses relations avec le r\u00e9gime tunisien actuel tant que continuent les arrestations arbitraires et les crimes de torture d\u00e9nonc\u00e9es par les ONG tant tunisiennes qu&rsquo;internationales, et tant que la concertation et la participation \u00e0 l&rsquo;exercice du pouvoir comme dans tout r\u00e9gime d\u00e9mocratique ne soit effective, y compris et surtout dans cette phase dite transitoire.<\/font><\/div>\n<div><font face=\"Arial\" size=\"2\">Dans l&rsquo;imm\u00e9diat, nous demandons que M. Caid Essebsi 1) reconnaisse les graves d\u00e9rives r\u00e9pressives de son gouvernement 2) d\u00e9clare que la torture est un crime contre l&rsquo;humanit\u00e9, 3) ordonne publiquement \u00e0 toutes les forces de s\u00e9curit\u00e9 de mettre fin imm\u00e9diatement \u00e0 la torture et \u00e0 tout acte humiliant et d\u00e9gradant, 4) annonce que tout agent ayant commis de tels actes, y avoir assist\u00e9, encourag\u00e9, ordonn\u00e9 ou tent\u00e9 de dissimuler soit radi\u00e9 imm\u00e9diatement de la fonction publique, condamn\u00e9 \u00e0 de lourdes peines de prison allant au minimum de 10 ans de r\u00e9clusion criminelle jusqu&rsquo;\u00e0 la perp\u00e9tuit\u00e9 selon la gravit\u00e9 des actes commis.<\/font><\/div>\n<div><font face=\"Arial\" size=\"2\">Ces sanctions ne visent pas tant le corps de notre police que les responsables politiques qui sont eux les vrais responsables des crimes que la police ne fait qu&rsquo;ex\u00e9cuter. La s\u00e9v\u00e9rit\u00e9 des sanctions sert en r\u00e9alit\u00e9 \u00e0 prot\u00e9ger la police et \u00e0 cibler les vrais criminels que sont les donneurs d&rsquo;ordre explicites ou tacites. <\/font><\/div>\n<div><font face=\"Arial\" size=\"2\">Enfin, nous appelons la classe politique tunisienne \u00e0 se soucier du sort du peuple qui lui a redonn\u00e9 vie, et qu&rsquo;elle exige sa participation r\u00e9elle au Gouvernement et qu&rsquo;elle boycotte les \u00e9lections en cours tant que ces exigences \u00e9lementaires ne soient pas satisfaites. La participation au Gouvernement est une exigence r\u00e9volutionnaire, pour le salut national et pour mieux r\u00e9pondre aux demandes l\u00e9gitimes du peuple.<\/font><\/div>\n<div><font face=\"Arial\" size=\"2\">Paris, le 2 octobre 2011,<\/font><\/div>\n<div><font face=\"Arial\" size=\"2\">Le Bureau<\/font><\/div>\n<div><font face=\"Arial\" size=\"2\">Contacter M Abdelaziz Agoubi, \u00e0 Lyon : +33677317739<\/font><\/div>\n<div><font face=\"Arial\" size=\"2\">ou M. Mondher Sfar, \u00e0 Paris, au : +33143296898<\/font><\/div>\n<div><font face=\"Arial\" size=\"2\">Copie : A l&rsquo;Attention de Mme Catherine Ashton, Haute repr\u00e9sentante de l\u2019UE pour les Affaires \u00e9trang\u00e8res.<\/font><\/div>\n<div><font face=\"Arial\" size=\"2\">Le CCTE est une association qui a travaill\u00e9 b\u00e9n\u00e9volement depuis 1994 au service des victimes de l&rsquo;ancien r\u00e9gime et \u00e0 d\u00e9noncer la dictature aupr\u00e8s de l&rsquo;opinion fran\u00e7aise et internationale.<\/font><\/div>\n<div>\n<hr\/>\n<\/div>\n<div dir=\"ltr\">\u00a0<\/div>\n<h2 align=\"center\" dir=\"ltr\" style=\"color: red;\"><span lang=\"NO-BOK\"><\/p>\n<h2 style=\"color: red;\"><font face=\"Arial\">Tunisie: des observateurs \u00e9trangers au chevet des \u00e9lections de la Constituant<\/font><\/h2>\n<p><\/span><\/h2>\n<h2 align=\"left\" dir=\"ltr\" style=\"color: red;\"><font face=\"Times New Roman\">AP: le 02-10-11 \u00e0 13:40<\/font><\/h2>\n<hr\/>\n<p dir=\"ltr\"><span lang=\"NO-BOK\"><font face=\"Arial\">Avec le coup d&rsquo;envoi de la campagne \u00e9lectorale pour l&rsquo;\u00e9lection de l&rsquo;Assembl\u00e9e constituante pr\u00e9vue le 23 octobre prochain, les Tunisiens commencent \u00e0 tourner la page d&rsquo;un pass\u00e9 d\u00e9mocratiquement peu flatteur. Sous l&rsquo;oeil de nombreux observateurs \u00e9trangers, c&rsquo;est la premi\u00e8re exp\u00e9rience de type r\u00e9ellement pluraliste que s&rsquo;appr\u00eate \u00e0 vivre ce pays d&rsquo;Afrique du Nord qui a d\u00e9clench\u00e9 le \u00ab\u00a0printemps arabe\u00a0\u00bb en faisant chuter Zine El Abidine Ben Ali au terme de 23 ans d&rsquo;un r\u00e8gne r\u00e9pressif.<\/font><\/span><\/p>\n<p dir=\"ltr\"><span lang=\"EN-US\"><font face=\"Arial\">Les \u00e9lecteurs doivent \u00e9lire une institution appel\u00e9e \u00e0 \u00e9laborer une nouvelle Constitution devant remplacer celle en vigueur sous Ben Ali, accus\u00e9 de l&rsquo;avoir amend\u00e9e \u00e0 plusieurs reprises pour \u00ab\u00a0s&rsquo;\u00e9terniser au pouvoir\u00a0\u00bb. Pour la premi\u00e8re fois aussi, le processus \u00e9lectoral ne sera pas pilot\u00e9 par un minist\u00e8re de l&rsquo;Int\u00e9rieur de triste r\u00e9putation, coupable d&rsquo;avoir falsifi\u00e9 les r\u00e9sultats pour donner des taux de plus de 90% des voix au parti au pouvoir et \u00e0 son candidat.<\/font><\/span><\/p>\n<p dir=\"ltr\"><span lang=\"EN-US\"><font face=\"Arial\">Pour rompre avec ces pratiques dignes des r\u00e9publiques banani\u00e8res, l&rsquo;organisation de la consultation a \u00e9t\u00e9 confi\u00e9e \u00e0 une structure appel\u00e9e Instance sup\u00e9rieure ind\u00e9pendante des \u00e9lections (ISIE) compos\u00e9e de personnalit\u00e9s (universitaires, juristes et acteurs de la soci\u00e9t\u00e9 civile) dont l&rsquo;int\u00e9grit\u00e9 fait l&rsquo;unanimit\u00e9. Cette instance s&rsquo;appuie sur des sections r\u00e9gionales implant\u00e9es dans les 33 circonscriptions.<\/font><\/span><\/p>\n<p dir=\"ltr\"><span lang=\"EN-US\"><font face=\"Arial\">Sa t\u00e2che est de faire en sorte que la consultation se d\u00e9roule \u00ab\u00a0dans un climat de libert\u00e9, d&rsquo;honn\u00eatet\u00e9 et de transparence pour la premi\u00e8re fois dans l&rsquo;histoire de la Tunisie\u00a0\u00bb, proclame son chef Kamel Jendoubi, par ailleurs pr\u00e9sident du R\u00e9seau euro-m\u00e9diterran\u00e9en des droits de l&rsquo;Homme (REMDH).<\/font><\/span><\/p>\n<p dir=\"ltr\"><span lang=\"EN-US\"><font face=\"Arial\">Outre les m\u00e9canismes de contr\u00f4le dont elle dispose pour parer aux \u00e9ventuels d\u00e9passements, elle a form\u00e9 plus de 800 observateurs en partenariat avec des organismes europ\u00e9ens pour veiller au respect des r\u00e8gles r\u00e9gissant la campagne \u00e9lectorale.<\/font><\/span><\/p>\n<p dir=\"ltr\"><span lang=\"NO-BOK\"><font face=\"Arial\">Un grand nombre d&rsquo;autres observateurs locaux mobilis\u00e9s par des ONG seront impliqu\u00e9s, dont un observatoire des \u00e9lections mis sur pied par la Ligue tunisienne de d\u00e9fense des droits de l&rsquo;Homme (LTDH) et plusieurs composantes de la soci\u00e9t\u00e9 civile.<\/font><\/span><\/p>\n<p dir=\"ltr\"><font face=\"Arial\"><span lang=\"NO-BOK\"><font>Des observateurs \u00e9trangers, notamment europ\u00e9ens et am\u00e9ricains, seront aussi de la partie. <\/font><\/span><font><span lang=\"EN-US\">L&rsquo;Union europ\u00e9enne, premier partenaire de la Tunisie dans divers domaines, a d\u00e9ploy\u00e9 un premier contingent de 54 observateurs qui sillonnent le pays depuis plus d&rsquo;une semaine. <\/span><\/font><span lang=\"NO-BOK\"><font>L&rsquo;effectif doit atteindre au final 150 personnes venus des pays membres de l&rsquo;UE, de Norv\u00e8ge, de Suisse et du Canada.<\/font><\/span><\/font><\/p>\n<p dir=\"ltr\"><span lang=\"EN-US\"><font face=\"Arial\">Le Centre Carter a, lui, d\u00e9j\u00e0 envoy\u00e9 14 experts sur place. Cette ONG fond\u00e9e par l&rsquo;ancien pr\u00e9sident am\u00e9ricain Jimmy Carter qui a particip\u00e9 \u00e0 la supervision de plusieurs \u00e9lections et se propose d&rsquo;aider \u00e0 l&rsquo;\u00e9mergence d&rsquo;Etats d\u00e9mocratiques en gestation, enverra au total plus de 40 observateurs en Tunisie, a pr\u00e9cis\u00e9 \u00e0 l&rsquo;Associated Press Boubaker Bethabet, secr\u00e9taire g\u00e9n\u00e9ral de l&rsquo;ISIE.<\/font><\/span><\/p>\n<p dir=\"ltr\"><span lang=\"EN-US\"><font face=\"Arial\">Apr\u00e8s une premi\u00e8re exploration sur le terrain, le chef de la mission europ\u00e9enne d&rsquo;observation, l&rsquo;Allemand Michael Gahler, a jug\u00e9 \u00ab\u00a0positive\u00a0\u00bb la situation s\u00e9curitaire en Tunisie. \u00ab\u00a0Nous n&rsquo;avons pas de souci pour ce qui est de la s\u00e9curit\u00e9 du processus \u00e9lectoral et nous avons beaucoup de raisons d&rsquo;\u00eatre optimistes\u00a0\u00bb, a-t-il dit. En visite cette semaine \u00e0 Tunis, la patronne de la diplomatie europ\u00e9enne Catherine Ashton a, quant \u00e0 elle, assur\u00e9 de la \u00ab\u00a0d\u00e9termination de l&rsquo;UE \u00e0 tout mettre en oeuvre pour aider la Tunisie \u00e0 r\u00e9ussir les premi\u00e8res \u00e9lections pleinement d\u00e9mocratiques depuis le d\u00e9but du printemps arabe\u00a0\u00bb.<\/font><\/span><\/p>\n<p dir=\"ltr\"><span lang=\"EN-US\"><font face=\"Arial\">Source: \u201cLe Nouvel Observateur\u201d Le 02-10-2011<\/font><\/span><\/p>\n<p dir=\"ltr\"><font face=\"Arial\"><span lang=\"EN-US\"><font>Lien.<\/font><\/span><span lang=\"NO-BOK\"><a href=\"http:\/\/tempsreel.nouvelobs.com\/actualite\/monde\/20111002.FAP5709\/tunisie-des-observateurs-etrangers-au-chevet-des-elections-de-la-constituante.html\" rel=\"nofollow noopener\" target=\"_blank\"><font>http:\/\/tempsreel.nouvelobs.com\/actualite\/monde\/20111002.FAP5709\/tunisie-des-observateurs-etrangers-au-chevet-des-elections-de-la-constituante.html<\/font><\/a><\/span><\/font><\/p>\n<div dir=\"ltr\">\n<hr\/>\n<\/div>\n<h2 align=\"center\" dir=\"ltr\" style=\"color: red;\"><span lang=\"NO-BOK\"><\/p>\n<h2 style=\"color: red;\"><font face=\"Arial\">En Tunisie, la jeune d\u00e9mocratie compte plus de 100 partis<\/font><\/h2>\n<p><\/span><\/h2>\n<p><span lang=\"NO-BOK\"><\/p>\n<hr\/>\n<p><\/span><\/p>\n<p dir=\"ltr\"><span lang=\"NO-BOK\"><font face=\"Arial\">7 millions de Tunisiens sont appel\u00e9s \u00e0 \u00e9lire l&rsquo;Assembl\u00e9e constituante, fin octobre. Dans certaines circonscriptions, plus de 80 candidats s&rsquo;affrontent.<\/font><\/span><\/p>\n<p dir=\"ltr\"><span lang=\"EN-US\"><font face=\"Arial\">Dans chaque village, chaque quartier de Tunisie, le m\u00eame d\u00e9cor : une succession de petites cases peintes sur des dizaines de m\u00e8tres. C&rsquo;est l\u00e0 que, depuis hier, coup d&rsquo;envoi officiel de la campagne pour l&rsquo;\u00e9lection de l&rsquo;Assembl\u00e9e constituante, le 23 octobre, les partis en lice ont commenc\u00e9 \u00e0 coller leurs affiches. Le d\u00e9cor en dit long sur la bataille qui s&rsquo;annonce : pr\u00e8s de 11 000 candidats, r\u00e9partis sur quelque 1 600 listes et 33 circonscriptions, s&rsquo;affronteront pour d\u00e9crocher un si\u00e8ge. Soit en moyenne, pour chaque \u00e9lecteur, un choix \u00e0 faire parmi 50 listes. Pr\u00e8s de 80 m\u00eame, dans les circonscriptions les plus disput\u00e9es. Apr\u00e8s des d\u00e9cennies de verrouillage politique, la Tunisie d\u00e9couvre la profusion avec ce premier scrutin depuis la r\u00e9volution.<\/font><\/span><\/p>\n<p dir=\"ltr\"><b><span lang=\"EN-US\"><font face=\"Arial\">Des d\u00e9bats chaque soir<\/font><\/span><\/b><\/p>\n<p dir=\"ltr\"><span lang=\"EN-US\"><font face=\"Arial\">\u00ab Il va nous falloir une semaine pour tout lire \u00bb, plaisante Sa\u00efdan en passant devant l&rsquo;un de ces alignements. Ce p\u00e8re de famille de 37 ans a d\u00e9j\u00e0 fait son choix : il n&rsquo;ira pas voter, dit-il. Car il a beau \u00e9couter les \u00e9missions politiques sur la radio de son taxi, d\u00e9battre avec ses clients, s&rsquo;indigner \u00ab des gens qui travaillent pour 300 dinars par mois \u00bb, il n&rsquo;a \u00ab aucune id\u00e9e \u00bb du bulletin qu&rsquo;il voudrait glisser dans l&rsquo;urne. \u00ab Je connais les principaux leaders, mais juste leur nom, pas leur parcours. Et ils disent tous la m\u00eame chose, consid\u00e8re-t-il. Dans deux ou trois ans, si je vois qu&rsquo;il y a eu un vrai changement, peut-\u00eatre que je voterai. \u00bb Comme lui, 45 % des 7 millions d&rsquo;\u00e9lecteurs ne sont pas all\u00e9s s&rsquo;inscrire sur les listes \u00e9lectorales. L&rsquo;instance ind\u00e9pendante charg\u00e9e d&rsquo;organiser le scrutin a d\u00fb se r\u00e9soudre \u00e0 laisser le vote ouvert \u00e0 tous ceux qui d\u00e9tiennent une carte d&rsquo;identit\u00e9.<\/font><\/span><\/p>\n<p dir=\"ltr\"><span lang=\"EN-US\"><font face=\"Arial\">D&rsquo;un autre c\u00f4t\u00e9, cette nouvelle vie politique passionne. Chaque soir, les cha\u00eenes de t\u00e9l\u00e9 diffusent des d\u00e9bats. Des meetings se tiennent un peu partout. Il existe d\u00e9sormais 111 partis, mais certains n&rsquo;ont \u00ab ni locaux, ni assise populaire, et parfois aucun candidat \u00e0 la Constituante \u00bb, souligne Chawki Tabib, pr\u00e9sident de la Ligue tunisienne pour la citoyennet\u00e9, l&rsquo;une de ces tr\u00e8s nombreuses associations qui travaillent \u00e0 mobiliser les \u00e9lecteurs et \u00e0 leur expliquer les enjeux du scrutin.<\/font><\/span><\/p>\n<p dir=\"ltr\"><font face=\"Arial\"><span lang=\"NO-BOK\"><font>En quelques mois, les partis ont d\u00fb se mettre en ordre de bataille. <\/font><\/span><span lang=\"EN-US\"><font>Donn\u00e9s favoris du scrutin, les islamistes d&rsquo;Ennahdha, fortement r\u00e9prim\u00e9s sous Ben Ali, ont pris leurs quartiers \u00e0 Montplaisir, au milieu d&rsquo;immeubles de bureaux. \u00ab Nous \u00e9tions une formation qui luttait pour sa survie. Nous sommes devenus un parti capable de g\u00e9rer la chose publique et pr\u00e9sent sur tout le territoire \u00bb, proclame le porte-parole, Ali Larayedh.<\/font><\/span><\/font><\/p>\n<p dir=\"ltr\"><font face=\"Arial\"><span lang=\"NO-BOK\"><font>L\u00e9gal mais ultracontr\u00f4l\u00e9 sous Ben Ali, le Parti d\u00e9mocratique progressiste a quitt\u00e9 ses anciens locaux, au fond d&rsquo;une impasse du centre-ville, et install\u00e9 son quartier g\u00e9n\u00e9ral avenue Bourguiba, les Champs-\u00c9lys\u00e9es de la capitale tunisienne. Le parti centriste, cr\u00e9dit\u00e9 de la deuxi\u00e8me place dans les sondages, a vu affluer les adh\u00e9sions au lendemain de la r\u00e9volution. <\/font><\/span><span lang=\"EN-US\"><font>Il y a un an, ils n&rsquo;\u00e9taient que quelques centaines de militants acharn\u00e9s. Le PDP est maintenant fort de 30 000 adh\u00e9rents, pr\u00eats pour la campagne.<\/font><\/span><\/font><\/p>\n<p dir=\"ltr\"><b><span lang=\"EN-US\"><font face=\"Arial\">\u00ab Construire le pays \u00bb<\/font><\/span><\/b><\/p>\n<p dir=\"ltr\"><span lang=\"EN-US\"><font face=\"Arial\">C&rsquo;est ce que font, ce matin-l\u00e0, une dizaine de militants d&rsquo;Ettakatol, autre formation de poids. Tracts et autocollants \u00e0 la main, ils parcourent le march\u00e9 de La Manouba, dans la banlieue rurale de Tunis. \u00ab Vous connaissez Ettakatol ? \u00bb, demandent-ils avant de montrer la photo du leader du parti, Mustapha Ben Jaafar. Une figure de l&rsquo;opposition, mais encore un inconnu pour une partie de la population. \u00ab Les gens aiment bien, \u00e7a leur permet de le reconna\u00eetre ensuite \u00e0 la t\u00e9l\u00e9, de discuter avec leurs proches pour savoir ce qu&rsquo;ils en pensent \u00bb, raconte Mohamed Ali, 26 ans.<\/font><\/span><\/p>\n<p dir=\"ltr\"><span lang=\"EN-US\"><font face=\"Arial\">Cet architecte au ch\u00f4mage a rejoint la section locale il y a cinq mois, \u00ab pour construire le pays \u00bb. \u00ab On est jeunes et ambitieux, mais on a besoin d&rsquo;\u00eatre appuy\u00e9s \u00bb, dit-il. La nouvelle garde compte sur l&rsquo;exp\u00e9rience des anciens militants, qui ont repris du service pour mettre sur pied la section.<\/font><\/span><\/p>\n<p dir=\"ltr\"><span lang=\"EN-US\"><font face=\"Arial\">Au milieu des stands, une conversation s&rsquo;engage entre militants, commer\u00e7ants et chalands. Les uns \u00ab n&rsquo;ont pas fait leur choix \u00bb, mais ils iront voter, \u00ab bien s\u00fbr \u00bb. \u00ab La r\u00e9volution \u00e9tait spontan\u00e9e, on n&rsquo;\u00e9tait pas pr\u00e9par\u00e9s \u00e0 nos nouveaux devoirs \u00bb, dit Noureddine Sahli. \u00ab Mais on a le temps. C&rsquo;est un apprentissage. \u00bb<\/font><\/span><\/p>\n<h3 dir=\"ltr\" style=\"color: blue;\"><span lang=\"EN-US\"><font face=\"Arial\">Source: \u201dSudouest\u201d Le 02-10-2011<\/font><\/span><\/h3>\n<p dir=\"ltr\"><font face=\"Arial\"><span lang=\"NO-BOK\"><font>Lien: <\/font><\/span><span lang=\"NO-BOK\"><a href=\"http:\/\/www.sudouest.fr\/2011\/10\/02\/en-tunisie-la-jeune-democratie-compte-plus-de-100-partis-515380-4688.php\" rel=\"nofollow noopener\" target=\"_blank\"><font>http:\/\/www.sudouest.fr\/2011\/10\/02\/en-tunisie-la-jeune-democratie-compte-plus-de-100-partis-515380-4688.php<\/font><\/a><\/span><\/font><\/p>\n<div dir=\"ltr\">\n<hr\/>\n<\/div>\n<p align=\"center\" dir=\"ltr\"><b><span lang=\"NO-BOK\"><\/p>\n<h3 style=\"color: blue;\"><font face=\"Arial\">Tunisie: la Suisse offre 12&rsquo;000 urnes de vote pour le scrutin<\/font><\/h3>\n<p><\/span><\/b><\/p>\n<p><b><span lang=\"NO-BOK\"><\/p>\n<hr\/>\n<p><\/span><\/b>\u00a0<\/p>\n<p dir=\"ltr\"><font face=\"Arial\"><strong><span lang=\"NO-BOK\"><font>Ce scrutin est le premier depuis la chute du pr\u00e9sident tunisien Zine al-Abidine Ben Ali en janvier dernier, mais \u00e9galement le premier de l&rsquo;histoire de la Tunisie \u00e0 se tenir sous un r\u00e9gime d\u00e9mocratique. <\/font><\/span><span lang=\"EN-US\"><font>Le mouvement de contestation qui a renvers\u00e9 la dictature au pouvoir a pr\u00e9vu qu&rsquo;une Assembl\u00e9e constituante soit tout d&rsquo;abord mise sur pied, puis qu&rsquo;un Parlement soit \u00e9lu.<\/font><\/span><\/strong><\/font><\/p>\n<p dir=\"ltr\"><font face=\"Arial\"><span lang=\"NO-BOK\"><font>Ce scrutin est le premier depuis la chute du pr\u00e9sident tunisien Zine al-Abidine Ben Ali en janvier dernier, mais \u00e9galement le premier de l&rsquo;histoire de la Tunisie \u00e0 se tenir sous un r\u00e9gime d\u00e9mocratique. <\/font><\/span><span lang=\"EN-US\"><font>Le mouvement de contestation qui a renvers\u00e9 la dictature au pouvoir a pr\u00e9vu qu&rsquo;une Assembl\u00e9e constituante soit tout d&rsquo;abord mise sur pied, puis qu&rsquo;un Parlement soit \u00e9lu.<\/font><\/span><\/font><\/p>\n<p dir=\"ltr\"><span lang=\"EN-US\"><font face=\"Arial\">La Suisse a financ\u00e9 12&rsquo;000 urnes \u00e9lectorales dans le cadre d&rsquo;une action du Programme des Nations Unies pour le d\u00e9veloppement (PNUD) pour soutenir un \u00ab\u00a0d\u00e9roulement \u00e9quitable, transparent et libre\u00a0\u00bb de ces \u00e9lections, a expliqu\u00e9 le DFAE.<\/font><\/span><\/p>\n<p dir=\"ltr\"><font face=\"Arial\"><span lang=\"NO-BOK\"><font>Les urnes ont \u00e9t\u00e9 fabriqu\u00e9es en Turquie et au Danemark. <\/font><\/span><span lang=\"EN-US\"><font>D&rsquo;autres ustensiles de vote &#8211; des sceaux, des tampons et des accessoires pour les bulletins \u00e9lectoraux &#8211; ont \u00e9t\u00e9 livr\u00e9s. Ce dispositif a co\u00fbt\u00e9 au total un demi-million de francs.<\/font><\/span><\/font><\/p>\n<p dir=\"ltr\"><span lang=\"EN-US\"><font face=\"Arial\">Les urnes transparentes sont conformes aux standards internationaux, selon le DFAE. Le mat\u00e9riel \u00e9lectoral de haute qualit\u00e9 contribue \u00e0 renforcer la confiance de l&rsquo;opinion publique dans le processus \u00e9lectoral, estime-t-il. La Suisse a aussi envoy\u00e9 en Tunisie quelques observateurs \u00e9lectoraux \u00e0 la demande de Tunis.<\/font><\/span><\/p>\n<p dir=\"ltr\"><span lang=\"EN-US\"><font face=\"Arial\">Source: \u201cTibune de Geneve\u201d Le 02-10-2011<\/font><\/span><\/p>\n<p dir=\"ltr\"><font face=\"Arial\"><span lang=\"NO-BOK\"><font>Lien:<\/font><a href=\"http:\/\/www.tdg.ch\/depeches\/suisse\/tunisie-suisse-offre-12-000-urnes-vote-scrutin\" rel=\"nofollow noopener\" target=\"_blank\"><font>http:\/\/www.tdg.ch\/depeches\/suisse\/tunisie-suisse-offre-12-000-urnes-vote-scrutin<\/font><\/a><\/span><\/font><\/p>\n<div dir=\"ltr\">\n<hr\/>\n<\/div>\n<p align=\"center\" dir=\"ltr\"><b><span lang=\"EN-US\"><\/p>\n<h3 style=\"color: blue;\"><font face=\"Arial\">Processus d\u00e9mocratique en Tunisie : Malgr\u00e9 les islamistes, l\u2019espoir demeure<\/font><\/h3>\n<p> <\/span><\/b><\/p>\n<hr\/>\n<p>\u00a0<\/p>\n<p dir=\"ltr\"><span><b><span lang=\"NO-BOK\"><font face=\"Arial\">Les Tunisiens se sont lib\u00e9r\u00e9s du lourd poids qui pesait sur leurs \u00e9paules, celui de la peur, la peur de la police politique omnipr\u00e9sente du temps de Ben Ali.<\/font><\/span><\/b><\/span><\/p>\n<p dir=\"ltr\"><font face=\"Arial\"><span lang=\"NO-BOK\"><font>Pour le journaliste qui a eu d\u00e9j\u00e0 \u00e0 s\u00e9journer en Tunisie du temps de l\u2019ancien r\u00e9gime, la diff\u00e9rence est grande. Il \u00e9tait pratiquement impossible de discuter avec un universitaire ou un journaliste de politique ou d\u2019un sujet sensible, y compris en dehors de la Tunisie. <\/font><\/span><span lang=\"EN-US\"><font>L\u2019impression qui y r\u00e9gnait laissait croire que chaque Tunisien \u00e9tait surveill\u00e9 de pr\u00e8s et que chacun surveillait son compatriote. Et le fait de parler pouvait lui co\u00fbter cher. A l\u2019a\u00e9roport de Carthage, on ne demande plus au journaliste alg\u00e9rien ce qu\u2019il vient faire en Tunisie. Mais la question de savoir pour quel journal il travaille et dans quel pays est bas\u00e9 le media est de rigueur. Le comportement du policier de la PAF reste pr\u00e9venant. Le chauffeur qui nous accompagne \u00e0 l\u2019h\u00f4tel nous confie que depuis l\u2019apparition l\u00e9gale du parti islamiste Ennahda, sa femme porte le niqab et elle esp\u00e8re que lorsqu\u2019Ennahda arrivera au pouvoir, il interdira la vente de la bi\u00e8re.<\/font><\/span><\/font><\/p>\n<p dir=\"ltr\"><span lang=\"EN-US\"><font face=\"Arial\">Les employ\u00e9s de l\u2019h\u00f4tel sont d\u00e9contract\u00e9s et les regards ne sont pas aussi m\u00e9fiants qu\u2019avant vis-\u00e0-vis des \u00e9trangers. L\u2019atmosph\u00e8re polici\u00e8re a disparu avec la r\u00e9volution. C\u2019est, du moins, les premi\u00e8res impressions que nous avons en arrivant \u00e0 Tunis. Le tourisme fait vivre beaucoup de Tunisiens et pour Ahmed, r\u00e9ceptionniste, \u00absi Enahda touche au tourisme, il aura contre lui les Tunisiens\u00bb. Le secteur du tourisme emploie 400 000 Tunisiens. En 2010, 6,9 millions de touristes se sont rendus en Tunisie, selon des chiffres officiels, en majorit\u00e9 des Europ\u00e9ens.<\/font><\/span><\/p>\n<p dir=\"ltr\"><strong><span lang=\"EN-US\"><font face=\"Arial\">La r\u00e9volution a lib\u00e9r\u00e9 la parole chez les Tunisiens<\/font><\/span><\/strong><\/p>\n<p dir=\"ltr\"><span lang=\"EN-US\"><font face=\"Arial\">Sofia, journaliste, est \u00e0 l\u2019aise quand elle nous d\u00e9clare : \u00abLa dictature est tomb\u00e9e, maintenant il faut construire la d\u00e9mocratie\u00bb. La question \u00e9tait simple : \u00abComment voyez-vous l\u2019avenir ?\u00bb Le soir, le chauffeur qui nous emm\u00e8ne au centre-ville tient un discours plus direct quand nous lui demandons comment il voit la situation. \u00abJe ne compte sur aucun parti politique pour me r\u00e9gler mes probl\u00e8mes, j\u2019ai travaill\u00e9 durement et je continue \u00e0 le faire pour vivre\u00bb, r\u00e9pond-il.<\/font><\/span><\/p>\n<p dir=\"ltr\"><span lang=\"EN-US\"><font face=\"Arial\">\u00abD\u2019ailleurs, je ne pense pas aller voter le 23 octobre prochain\u00bb, nous affirme-t-il. Au retour, un autre chauffeur de taxi est plus prolifique quand nous lui posons la question de savoir comment il voit la situation actuelle apr\u00e8s la r\u00e9volution. Sa r\u00e9ponse est cinglante : \u00abJe regrette la situation d\u2019avant !\u00bb Pourquoi ? \u00abLa s\u00e9curit\u00e9 \u00e9tait assur\u00e9e. Maintenant ce n\u2019est plus le cas, il y a des agressions, des braquages, y compris des vols de v\u00e9hicules\u00bb, nous dit-il.Il est vrai que la situation actuelle a lib\u00e9r\u00e9 la parole, mais aussi la d\u00e9linquance qui \u00e9tait durement r\u00e9prim\u00e9e. Les jeunes d\u00e9s\u0153uvr\u00e9s n\u2019ont plus peur de la police comme avant. Mais le chauffeur de taxi reste optimiste : \u00abIl faudra attendre deux ou trois ans pour voir les r\u00e9sultats positifs de la r\u00e9volution du 14 janvier.\u00bb<\/font><\/span><\/p>\n<p dir=\"ltr\"><span lang=\"NO-BOK\"><font face=\"Arial\">Policiers et militaires travaillent en \u00e9quipe et sont post\u00e9s \u00e0 tous les carrefours de la ville, jour et nuit. Des patrouilles de policiers en uniforme ou en civil circulent la nuit, surtout aux alentours de la ville pour pr\u00e9venir les \u00e9ventuels actes d\u2019agression. Au centre de Tunis, certains \u00e9tablissements ferment avant minuit. En r\u00e9alit\u00e9, la situation n\u2019est pas tr\u00e8s diff\u00e9rente par rapport aux grandes villes dans le monde. Sauf qu\u2019avant, il \u00e9tait possible de circuler la nuit \u00e0 Tunis-ville en toute qui\u00e9tude, m\u00eame pour une femme seule.<\/font><\/span><\/p>\n<p dir=\"ltr\"><strong><span lang=\"EN-US\"><font face=\"Arial\">Le record de l\u2019Alg\u00e9rie a \u00e9t\u00e9 battu avec 111 partis<\/font><\/span><\/strong><\/p>\n<p dir=\"ltr\"><span lang=\"EN-US\"><font face=\"Arial\">La Tunisie a battu le record de l\u2019Alg\u00e9rie avec plus d\u2019une centaine de partis politiques agr\u00e9\u00e9s pour une population trois fois moindre. Il faut rappeler que l\u2019instauration du multipartisme apr\u00e8s 1989, en Alg\u00e9rie, avait donn\u00e9 lieu \u00e0 la cr\u00e9ation de pr\u00e8s de 60 partis qui avaient \u00e9t\u00e9 agr\u00e9\u00e9s. Cette situation avait d\u00e9j\u00e0 eu un effet n\u00e9gatif sur l\u2019opinion que se faisaient les citoyens sur le nouveau paysage politique, marqu\u00e9 par le multipartisme, m\u00eame si la Constitution autorisait les citoyens \u00e0 le faire.<\/font><\/span><\/p>\n<p dir=\"ltr\"><font face=\"Arial\"><span lang=\"NO-BOK\"><font>Mais comment, dans un petit pays comme la Tunisie, peut-on se retrouver avec autant de partis en si peu de temps ? Est-ce que ce foisonnement de partis ne va pas avoir un effet n\u00e9gatif sur l\u2019activit\u00e9 politique et peut-\u00eatre \u00e9loigner encore davantage les citoyens de la chose politique ? <\/font><\/span><span lang=\"EN-US\"><font>Ce foisonnement de sigles pourrait profiter \u00e0 une seule force politique qui arriverait \u00e0 appara\u00eetre comme un bloc soud\u00e9. Pour comprendre cette situation, nous avons demand\u00e9 \u00e0 un militant des droits de l\u2019homme ce qu\u2019il en pensait. La r\u00e9ponse est simple, nous dit-il : \u00abDerri\u00e8re ces partis nouvellement n\u00e9s, il y a de nombreux responsables de l\u2019ex-RCD (Rassemblement constitutionnel d\u00e9mocratique), le parti de Ben Ali, qui \u00e9tait au pouvoir\u00bb.<\/font><\/span><\/font><\/p>\n<p dir=\"ltr\"><font face=\"Arial\"><span lang=\"NO-BOK\"><font>Apr\u00e8s la dissolution du RCD, ils se recyclent dans de nouveaux partis. <\/font><\/span><span lang=\"EN-US\"><font>Malgr\u00e9 la pr\u00e9sence d\u2019autres formations sur la sc\u00e8ne politique, le RCD \u00e9tait h\u00e9g\u00e9monique ; il a \u00e9t\u00e9 dissous par d\u00e9cision judiciaire en premi\u00e8re instance le 9 mars dernier. Le recours a \u00e9t\u00e9 rejet\u00e9 vingt jours plus tard. En 2008, le RCD revendiquait 2 196 323 membres pour une population d\u2019environ 10 millions d\u2019habitants, soit un Tunisien adulte sur quatre. Il \u00e9tait consid\u00e9r\u00e9 comme un tremplin social. Apr\u00e8s la r\u00e9volution du 14 janvier, il a \u00e9t\u00e9 exclu de l\u2019Internationale socialiste dont il \u00e9tait membre.<\/font><\/span><\/font><\/p>\n<p dir=\"ltr\"><span lang=\"EN-US\"><font face=\"Arial\">Selon un d\u00e9compte \u00e9tabli par le minist\u00e8re tunisien de l\u2019Int\u00e9rieur, au 24 juin, le minist\u00e8re avait autoris\u00e9 86 nouveaux partis pour arriver \u00e0 un total de 94 partis, et \u00e9tait en train d\u2019\u00e9tudier 5 projets d\u2019autorisation de partis et 31 nouvelles demandes. Le minist\u00e8re a n\u00e9anmoins refus\u00e9 d\u2019accorder l\u2019autorisation d\u2019exercer \u00e0 118 partis. Au mois de septembre, ils \u00e9taient environ 105 partis agr\u00e9es. Dans la r\u00e9alit\u00e9, selon un observateur tunisien de la sc\u00e8ne politique, ils seraient une douzaine de partis \u00e0 avoir un ancrage r\u00e9el.<\/font><\/span><\/p>\n<p dir=\"ltr\"><strong><span lang=\"NO-BOK\"><font face=\"Arial\">Les femmes se m\u00e9fient du parti islamiste Ennahda<\/font><\/span><\/strong><\/p>\n<p dir=\"ltr\"><span lang=\"EN-US\"><font face=\"Arial\">Mais il n\u2019y pas que les ex-responsables du RCD qui ont cr\u00e9\u00e9 de nouveaux partis. M\u00eame les islamistes sont derri\u00e8re ce foisonnement. Nous le saurons en discutant avec Imen, magistrate.Le statut de la femme en Tunisie est unique ; tout le monde le sait. L\u2019apparition du mouvement islamiste, apr\u00e8s le triomphe de la r\u00e9volution du 14 janvier, et ses manifestations pour l\u2019instauration du \u00abkhalifat\u00bb sont un sujet d\u2019inqui\u00e9tude, surtout pour les femmes. Pour Imen, magistrate, \u00able paysage politique, aujourd\u2019hui, est un peu ambigu. Donc, on n\u2019arrive pas \u00e0 saisir les vrais enjeux politiques ou sociaux. En tant que femme, la seule menace que pr\u00e9sente ce nouveau processus dans cette \u00e9tape postr\u00e9volutionnaire est relative aux droits de la femme, \u00e0 la pr\u00e9servation des droits de la femme. On a un statut un peu connu partout dans le monde, le code du statut personnel, qui a pr\u00e9serv\u00e9 un certain nombre de droits pour la femme, des libert\u00e9s sur le plan politique, sur le plan social ou sur le plan conjugal. Donc, on risque de d\u00e9raper un petit peu sur ce plan l\u00e0\u00bb.<\/font><\/span><\/p>\n<p dir=\"ltr\"><span lang=\"EN-US\"><font face=\"Arial\">Comment Imen voit-elle cette menace ? \u00abC\u2019est la mont\u00e9e des islamistes. On a Ennahda, mais on a d\u2019autres nouveaux partis politiques qui ont opt\u00e9 pour quelques tendances ou id\u00e9es adopt\u00e9es par Ennahda. Le nom ou l\u2019appellation politique du parti politique ne traduisent pas leurs tendances islamistes, mais nous, citoyens tunisiens, nous connaissons leurs dirigeants. On sait que le pr\u00e9sident ou le secr\u00e9taire g\u00e9n\u00e9ral de tel parti ou tel autre a des tendances islamistes\u00bb, r\u00e9pond-elle. Ces partis sont-ils nombreux ? \u00abOn a fait un petit sondage sur facebook, je crois qu\u2019ils sont au nombre de dix \u00e0 quinze.\u00bb \u00abAujourd\u2019hui, il y a 111 partis autoris\u00e9s et l\u00e9gaux et au moins une dizaine qui ont des tendances islamistes extr\u00e9mistes.\u00bb<\/font><\/span><\/p>\n<p dir=\"ltr\"><strong><span lang=\"EN-US\"><font face=\"Arial\">Quels enjeux pour les prochaines \u00e9lections ?<\/font><\/span><\/strong><\/p>\n<p dir=\"ltr\"><span lang=\"EN-US\"><font face=\"Arial\">\u00abTout reste ambigu et je suis assez pessimiste. Ce qui compte, pour moi, c\u2019est la s\u00e9curit\u00e9 des biens et des personnes. On assiste aujourd\u2019hui \u00e0 des actions de perturbation et de d\u00e9stabilisation et des actions criminelles et je n\u2019arrive pas \u00e0 trouver le temps pour penser aux enjeux politiques\u00bb, ajoute Imen.Selon une consultante europ\u00e9enne qui conna\u00eet bien la Tunisie, les islamistes seraient cr\u00e9dit\u00e9s de 30 \u00e0 40% d\u2019intentions de vote pour les \u00e9lections de la Constituante, le 23 octobre.<\/font><\/span><\/p>\n<p dir=\"ltr\"><font face=\"Arial\"><span lang=\"NO-BOK\"><font>Adnen Hasnaoui, militant des droits de l\u2019homme et journaliste, n\u2019est pas du m\u00eame avis, m\u00eame s\u2019il est d\u2019accord avec les inqui\u00e9tudes exprim\u00e9es par Imen. <\/font><\/span><span lang=\"EN-US\"><font>Tout Tunis conna\u00eet Adnen qui avait d\u00e9j\u00e0, en 2008, dans un article, interpell\u00e9 Ben Ali alors pour un changement d\u00e9mocratique. Ce qui lui avait valu une interpellation par la police. Il serait le premier \u00e0 avoir utilis\u00e9 l\u2019expression \u00abr\u00e9volution du Jasmin\u00bb pour illustrer la r\u00e9volution du 14 janvier.<\/font><\/span><\/font><\/p>\n<p dir=\"ltr\"><strong><span lang=\"NO-BOK\"><font face=\"Arial\">Consensus pour un Etat de droit<\/font><\/span><\/strong><\/p>\n<p dir=\"ltr\"><span lang=\"EN-US\"><font face=\"Arial\">\u00abIl est impossible que les islamistes d\u2019Ennahda prennent la majorit\u00e9 aux prochaines \u00e9lections de la Constituante du 23 octobre\u00bb, nous affirme t-il. \u00abIl est impossible que les Tunisiens leur donnent la majorit\u00e9 des suffrages\u00bb, mart\u00e8le-t-il. A propos de la situation politique actuelle, Adnen estime que \u00abla situation d\u2019aujourd\u2019hui est la m\u00eame que celle d\u2019un malade qui \u00e9tait en salle d\u2019op\u00e9ration. Il aurait pu subir une deuxi\u00e8me op\u00e9ration, mais il est sorti pour aller r\u00e9animation. Maintenant, il en est sorti et une deuxi\u00e8me intervention aurait pu lui faire perdre des forces. Il aurait \u00e9t\u00e9 possible qu\u2019il y ait une contre-r\u00e9volution, elle n\u2019a pas eu lieu&#8230; Maintenant, on va vers des \u00e9lections, il y aura peut-\u00eatre des probl\u00e8mes, mais il y a eu un consensus pour des \u00e9lections et pour qu\u2019un nouveau gouvernement poursuive le processus d\u00e9mocratique\u00bb.<\/font><\/span><\/p>\n<p dir=\"ltr\"><font face=\"Arial\"><span lang=\"EN-US\"><font>A propos de la peur que suscitent les islamistes, Adnen est objectif : \u00abLa peur que les gens expriment vis-\u00e0-vis du danger des islamistes est r\u00e9elle, mais d\u2019une autre c\u00f4t\u00e9, il y a des forces politiques qui gonflent cette peur pour gagner plus de si\u00e8ges. <\/font><\/span><span lang=\"NO-BOK\"><font>Mais la peur vis-\u00e0-vis des islamistes est justifi\u00e9e. Il ne faut pas oublier que les islamistes en Tunisie ne sont pas les islamistes de 1987 ou des ann\u00e9es 1990. Ils ont rendu public leur programme et se sont prononc\u00e9s pour un Etat de droit et ils acceptent de travailler avec d\u2019autres forces politiques pour gouverner. Ils ont d\u00e9clar\u00e9 qu\u2019ils ne pouvaient pas r\u00e9gler les probl\u00e8mes seuls, qu\u2019ils doivent travailler avec les autres partis politiques, qu\u2019ils ont besoin de l\u2019aide la communaut\u00e9 internationale pour r\u00e9gler les vrais probl\u00e8mes que vivent les citoyens comme le ch\u00f4mage et assurer le respect des libert\u00e9s. Ils veulent m\u00eame obtenir un statut avanc\u00e9 avec l\u2019Europe.\u00bb<\/font><\/span><\/font><\/p>\n<p dir=\"ltr\"><font face=\"Arial\"><span lang=\"NO-BOK\"><font>Pour preuve, ajoute Adnen, \u00abla mani\u00e8re dont Ghannouchi a effectu\u00e9 un marathon pour accueillir Erdogan \u00e0 11h du soir \u00e0 Tunis, est aussi un signal qu\u2019ils ont choisi la voie des islamistes turcs.<\/font><\/span><span lang=\"EN-US\"><font>Les islamistes ne sont pas dangereux pour les 5 ou les 10 prochaines ann\u00e9es\u00bb. \u00abPour asseoir la d\u00e9mocratie et construire un Etat de droit, les \u00e9lites politiques doivent se pr\u00e9parer pour l\u2019avenir et assurer la s\u00e9paration des pouvoirs\u00bb, nous confie-t-il encore.<\/font><\/span><\/font><\/p>\n<p dir=\"ltr\"><span lang=\"EN-US\"><font face=\"Arial\">Source: \u201cElWatan\u201d Le 02-10-2011<\/font><\/span><\/p>\n<p dir=\"ltr\"><font face=\"Arial\"><span lang=\"EN-US\"><font>Lien:<\/font><\/span><span lang=\"NO-BOK\"><a href=\"http:\/\/www.elwatan.com\/reportage\/processus-democratique-en-tunisie-malgre-les-islamistes-l-espoir-demeure-02-10-2011-141869_117.php\" rel=\"nofollow noopener\" target=\"_blank\"><span lang=\"EN-US\"><font>http:\/\/www.elwatan.com\/reportage\/processus-democratique-en-tunisie-malgre-les-islamistes-l-espoir-demeure-02-10-2011-141869_117.php<\/font><\/span><\/a><\/span><\/font><\/p>\n<p align=\"center\" dir=\"ltr\">\u00a0<\/p>\n<div dir=\"ltr\">\n<hr\/>\n<\/div>\n<p align=\"center\" dir=\"ltr\"><b><span lang=\"NO-BOK\"><\/p>\n<h3 style=\"color: blue;\"><font face=\"Arial\">Tunisie. Nouvelle cascade de d\u00e9missions au Pdp Gafsa<\/font><\/h3>\n<p> <\/span><\/b><\/p>\n<hr\/>\n<p>\u00a0<\/p>\n<p dir=\"ltr\"><font face=\"Arial\"><span lang=\"EN-US\"><font>\u00abCela fait sept mois que nous exprimions nos craintes face aux errements de la direction centrale du parti. <\/font><\/span><span lang=\"NO-BOK\"><font>Trop, c\u2019est trop. Nous avons d\u00e9cid\u00e9 de jeter l\u2019\u00e9ponge.\u00bb<\/font><\/span><\/font><\/p>\n<p dir=\"ltr\"><span lang=\"NO-BOK\"><font face=\"Arial\">Ghazala Mhamdi, fonctionnaire au minist\u00e8re des Finances, membre du Comit\u00e9 central du Parti d\u00e9mocratique progressiste (Pdp), qu\u2019elle a int\u00e9gr\u00e9 en 2006, coordinatrice du bureau des Jeunes Pdp \u00e0 Gafsa, militante des droits de l\u2019homme, membre d\u2019Amnesty International et de la Ligue tunisienne des droits de l\u2019homme (Ltdh), a d\u00e9cid\u00e9, la mort dans l\u2019\u00e2me, avec plusieurs centaines de ses camarades du gouvernorat de Gafsa, de d\u00e9missionner du Pdp.<\/font><\/span><\/p>\n<p dir=\"ltr\"><b><span lang=\"EN-US\"><font face=\"Arial\">Des \u00e9l\u00e9ments proches de l\u2019ex-police politique<\/font><\/span><\/b><\/p>\n<p dir=\"ltr\"><font face=\"Arial\"><span lang=\"NO-BOK\"><font>Pourquoi avoir attendu le 30 septembre, la veille du d\u00e9marrage de la campagne \u00e9lectorale pour faire une pareille annonce, qui risque de semer le trouble (et le doute) dans les rangs du parti ? R\u00e9ponse de Mme Mhamdi \u00e0 Kapitalis : \u00abNous n\u2019avons pas voulu r\u00e9agir au lendemain de la publication des listes \u00e9lectorales pour qu\u2019on ne dise pas qu\u2019on a d\u00e9missionn\u00e9 parce que nos noms n\u2019ont pas \u00e9t\u00e9 retenus dans ces listes. Mais nos requ\u00eates et dol\u00e9ances ont toutes \u00e9t\u00e9 ignor\u00e9es. La direction a choisi de travailler avec des \u00e9l\u00e9ments proches de l\u2019ex-police politique, que tout le monde conna\u00eet dans la r\u00e9gion, et qui ont rejoint le parti apr\u00e8s le 14 Janvier. <\/font><\/span><span lang=\"EN-US\"><font>Nous ne pouvions plus fermer les yeux sur ces errements.\u00bb<\/font><\/span><\/font><\/p>\n<p dir=\"ltr\"><span lang=\"EN-US\"><font face=\"Arial\">Un autre membre du comit\u00e9 central a aussi pr\u00e9sent\u00e9 sa d\u00e9mission : Wael Belgacem, pr\u00e9sident de la campagne \u00e9lectorale \u00e0 Gafsa.<\/font><\/span><\/p>\n<p dir=\"ltr\">\u00a0<\/p>\n<p dir=\"ltr\"><b><span lang=\"EN-US\"><font face=\"Arial\">Ainsi parlait PDPLeaks\u2026 <\/font><\/span><\/b><\/p>\n<p dir=\"ltr\"><span lang=\"EN-US\"><font face=\"Arial\">Selon une page Facebook appel\u00e9e PDPLeaks, cr\u00e9\u00e9e r\u00e9cemment pour raconter les bisbilles au sein du parti de N\u00e9jib Chebbi, les autres d\u00e9missionnaires : Kli\u00ee Dhiab, coordinateur de la campagne \u00e9lectorale r\u00e9gionale et secr\u00e9taire g\u00e9n\u00e9ral de la cellule de Sened, Abdellatif El Gaed, membre de la commission financi\u00e8re de la campagne \u00e9lectorale et secr\u00e9taire g\u00e9n\u00e9ral de la cellule de Guetar, N\u00e9jib El Hajji, secr\u00e9taire g\u00e9n\u00e9ral de la cellule de Mdhilla, Mohsen Ben Othman, responsable juridique de la campagne \u00e9lectorale r\u00e9gionale et secr\u00e9taire g\u00e9n\u00e9ral de la cellule de Sidi A\u00efch, El Kamel Neffati, secr\u00e9taire g\u00e9n\u00e9ral de la cellule de Gafsa Sud, Miloud Fajraoui, fondateur de la cellule de Metlaoui. Sur l&rsquo;ensemble des d\u00e9missionnaires, on d\u00e9nombre 865 membres de la cellule de Sened, 4 membres du bureau de Guetar et 200 de ses membres, tous les membres du bureau de Mdhilla et 57 de ses membres, tous les membres du bureau de Gafsa et 400 de ses membres, Mohamed Ali Mizouni, Mohamed Gasmi, Lamia Hamadi, Aissa Bouaziz, Atef Grioui, membres du bureau de Metlaoui, et 385 de ses membres.<\/font><\/span><\/p>\n<p dir=\"ltr\"><span lang=\"EN-US\"><font face=\"Arial\">Les d\u00e9missionnaires reprochent au Pdp des pratiques douteuses, comme l\u2019int\u00e9gration de ch\u00f4meurs \u00e0 leur insu en leur faisant croire, apr\u00e8s avoir pris leurs signatures, qu\u2019ils vont avoir du travail, ou encore le non paiement d\u2019engagements financiers \u00e0 des prestataires de services dans la r\u00e9gion.<\/font><\/span><\/p>\n<p dir=\"ltr\"><span lang=\"EN-US\"><font face=\"Arial\">Source: \u201cKapitalis\u201d Le 02-10-2011<\/font><\/span><\/p>\n<p dir=\"ltr\"><font face=\"Arial\"><span lang=\"EN-US\"><font>Lien:<\/font><\/span><span lang=\"NO-BOK\"><a href=\"http:\/\/kapitalis.com\/fokus\/62-national\/6134-tunisie-nouvelle-cascade-de-demissions-au-pdp-gafsa.html\" rel=\"nofollow noopener\" target=\"_blank\"><span lang=\"EN-US\"><font>http:\/\/kapitalis.com\/fokus\/62-national\/6134-tunisie-nouvelle-cascade-de-demissions-au-pdp-gafsa.html<\/font><\/span><\/a><\/span><\/font><\/p>\n<p dir=\"ltr\">\u00a0<\/p>\n<div dir=\"ltr\">\n<hr\/>\n<\/div>\n<p align=\"center\" dir=\"ltr\"><b><span lang=\"EN-US\"><\/p>\n<p><font face=\"Arial\">TUNISIE:<font><\/font>Des ministres de Bourguiba \u00e9taient des \u00ab\u00a0honorables correspondants\u00a0\u00bb des \u00ab\u00a0services de s\u00e9curit\u00e9 \u00e9trangers\u00a0\u00bb<\/font><\/p>\n<p> <\/span><\/b><\/p>\n<hr\/>\n<p>\u00a0<\/p>\n<p dir=\"ltr\"><font face=\"Arial\"><span lang=\"EN-US\"><font>Des ministres de Habib Bourguiba \u00e9taient des \u00ab\u00a0honorables correspondants\u00a0\u00bb de services de renseignements \u00e9rangers. ce sont Roger Faligot et R\u00e9mi Kauffer<\/font><\/span><span lang=\"EN-US\"><font><span>2 des meilleurs sp\u00e9cialistes du renseignement politique fran\u00e7ais qui l&rsquo;\u00e9crivent noir sur blanc dans leur ouvrage<\/span><\/font><span><font>\u00ab Le Croissant et la croix gamm\u00e9e : Les Secrets de l&rsquo;alliance entre l&rsquo;Islam et le nazisme d&rsquo;Hitler \u00e0 nos jours \u00ab\u00a0.<\/font><\/span><\/span><\/font><\/p>\n<p dir=\"ltr\">\u00a0<\/p>\n<p dir=\"ltr\"><font face=\"Arial\"><span lang=\"EN-US\"><font>Les deux meilleurs sp\u00e9cialistes du \u00ab\u00a0renseignement\u00a0\u00bb fran\u00e7ais r\u00e9v\u00e8lent que Habib Bourguiba<\/font><\/span><span lang=\"EN-US\"><font><span>a \u00e9t\u00e9 recrut\u00e9 par les services secrets italiens \u00e0 ses d\u00e9buts\u00a0\u00bb.<\/span> <\/font><span><font>Cet ouvrage est extr\u00eamement rare. A sa parution, plusieurs pays dont les responsables sont cit\u00e8s dans cet ouvrage l&rsquo;ont achet\u00e9 en grand nombre afin que les lecteurs ne puissent pas prendre connaissance des informations explosives qu&rsquo;il contient. Il faut chercher cet ouvrage sur des sites comme Amazon, Price minister, Abebook ou Chapitre.com. le prix varie de 80\u20ac \u00e0 500\u20ac). Il y a 2 chapitre qui \u00e9voquent la Tunisie o\u00f9 on trouve m\u00eame les noms de code de plusieurs ministres de Bourguiba et des proches de Wassila Ben Ammar qui ont \u00e9t\u00e9 recrut\u00e9s par des services d\u2019espionnage.<\/font><\/span><\/span><\/font><\/p>\n<p dir=\"ltr\">\u00a0<\/p>\n<p dir=\"ltr\"><font face=\"Arial\"><i><span lang=\"EN-US\"><font>Il s\u2019agit d\u2019un sujet des plus tabous en Tunisie. Pourtant,<\/font><\/span><span lang=\"EN-US\"><font><span>certains<\/span><span>hommes politiques tunisiens ou certains responsables des services de s\u00e9curit\u00e9 <\/span><\/font><span><font>et des opposants en vue (ou des militant(e)s des droits de l\u2019Homme ou des journalistes) sont des \u00ab honorables correspondants \u00bb de services de renseignement \u00e9trangers.<\/font><\/span><\/span><\/i><\/font><\/p>\n<p dir=\"ltr\">\u00a0<\/p>\n<p dir=\"ltr\"><i><span lang=\"EN-US\"><font face=\"Arial\">En Tunisie, si on comptait le nombre de politiques (au pouvoir ou dans l\u2019opposition) qui ont une double nationalit\u00e9 et on y ajoutait le nombre de politiques, d\u2019opposants, de militants de droits de l\u2019Homme ou des journalistes qui soient \u00ab des honorables correspondants \u00bb de services \u00e9trangers\u2026enfin, il nous reste quand m\u00eame les yeux pour pleurer.<\/font><\/span><\/i><\/p>\n<p dir=\"ltr\"><span lang=\"EN-US\"><font face=\"Arial\">Source: \u201cLe Post\u201d Le 02-10-2011<\/font><\/span><\/p>\n<p dir=\"ltr\"><font face=\"Arial\"><span lang=\"EN-US\"><font>Lien:<\/font><\/span><span lang=\"NO-BOK\"><a href=\"http:\/\/www.lepost.fr\/article\/2011\/10\/02\/2603713_tunisie-des-ministres-de-bourguiba-etaient-des-honorables-correspondants-des-services-de-securite-etrangers.html\" rel=\"nofollow noopener\" target=\"_blank\"><span lang=\"EN-US\"><font>http:\/\/www.lepost.fr\/article\/2011\/10\/02\/2603713_tunisie-des-ministres-de-bourguiba-etaient-des-honorables-correspondants-des-services-de-securite-etrangers.html<\/font><\/span><\/a><\/span><\/font><\/p>\n<p dir=\"ltr\">\u00a0<\/p>\n<div dir=\"ltr\">\n<hr\/>\n<\/div>\n<p align=\"center\" dir=\"ltr\"><b><span lang=\"EN-US\"><\/p>\n<h3 style=\"color: blue;\"><font face=\"Arial\">Les blogueurs du printemps arabe se retrouvent lundi \u00e0 Tunis<\/font><\/h3>\n<p> <\/span><\/b><\/p>\n<hr\/>\n<p>\u00a0<\/p>\n<p dir=\"ltr\"><span><b><span lang=\"EN-US\"><font face=\"Arial\">C&rsquo;est une premi\u00e8re: lundi se retrouveront \u00e0 Tunis quelque 200 blogueurs arabes pour d\u00e9battre du cyberactivisme et du r\u00f4le politique des r\u00e9seaux sociaux.<\/font><\/span><\/b><\/span><\/p>\n<p dir=\"ltr\"><span lang=\"EN-US\"><font face=\"Arial\">Quelque 200 blogueurs arabes se retrouvent lundi \u00e0 Tunis pour d\u00e9battre du cyberactivisme et du r\u00f4le politique des r\u00e9seaux sociaux, pour la premi\u00e8re rencontre de ce genre depuis le d\u00e9clenchement du \u00ab\u00a0printemps arabe\u00a0\u00bb, a-t-on appris dimanche aupr\u00e8s des organisateurs tunisiens.<\/font><\/span><\/p>\n<p dir=\"ltr\"><span lang=\"EN-US\"><font face=\"Arial\"><font>La \u00ab\u00a0troisi\u00e8me rencontre des blogueurs arabes\u00a0\u00bb -les deux pr\u00e9c\u00e9dentes s\u2019\u00e9taient tenues \u00e0 Beyrouth en 2008 et 2009- aura pour th\u00e8me principal le r\u00f4le des cyberactivistes en p\u00e9riode de transition d\u00e9mocratique, a indiqu\u00e9 \u00e0 l\u2019AFP Malek Khadraoui, co-organisateur de l\u2019\u00e9v\u00e9nement et administrateur du site collectif tunisien Nawaat.<\/font><\/font><\/span><\/p>\n<p dir=\"ltr\"><span lang=\"EN-US\"><font face=\"Arial\">\u00ab\u00a0C\u2019est une rencontre exceptionnelle. Il y a eu trois r\u00e9volutions arabes, et la plupart des blogueurs invit\u00e9s ont \u00e9t\u00e9 impliqu\u00e9s dans ces r\u00e9volutions, cela va leur permettre de se rencontrer et de d\u00e9velopper les r\u00e9seaux de solidarit\u00e9\u00a0\u00bb, a-t-il ajout\u00e9.<\/font><\/span><\/p>\n<p dir=\"ltr\"><span lang=\"EN-US\"><font face=\"Arial\">\u00ab\u00a0Nous allons r\u00e9fl\u00e9chir ensemble aux nouveaux d\u00e9fis, \u00e9voquer les mouvements en cours en Syrie, \u00e0 Bahrein, au Yemen&#8230;\u00a0\u00bb, a-t-il poursuivi, soulignant le c\u00f4t\u00e9 symbolique de la tenue de cette rencontre en Tunisie, \u00ab\u00a0pays qui a ouvert le bal des r\u00e9volutions arabes\u00a0\u00bb.<\/font><\/span><\/p>\n<p dir=\"ltr\"><span lang=\"EN-US\"><font face=\"Arial\">Le forum durera trois jours et abordera des th\u00e8mes tels que l\u2019implication des blogueurs dans la vie politique, notamment en Tunisie o\u00f9 sept d\u2019entre eux sont candidats \u00e0 l\u2019\u00e9lection du 23 octobre, le r\u00f4le de Wikileaks dans le printemps arabe, la fiabilit\u00e9 des informations sur twitter ou facebook&#8230;<\/font><\/span><\/p>\n<p dir=\"ltr\"><span lang=\"EN-US\"><font face=\"Arial\">Cette rencontre se tient aussi alors que les noms de blogueurs arabes tels que la Tunisienne Lina ben Mhenni, qui a tenu la chronique de la r\u00e9volution sur internet, ou le cyber militant \u00e9gyptien Wael Ghonim, circulent pour le prix Nobel de la Paix, qui sera remis le 7 octobre \u00e0 Oslo.<\/font><\/span><\/p>\n<p dir=\"ltr\"><span lang=\"EN-US\"><font face=\"Arial\">Source: \u201cLe Matin\u201d Le 02-10-2011<\/font><\/span><\/p>\n<p dir=\"ltr\"><font face=\"Arial\"><span lang=\"EN-US\"><font>Lien:<\/font><\/span><span lang=\"NO-BOK\"><a href=\"http:\/\/www.lematin.ch\/actu\/monde\/les-blogueurs-du-printemps-arabe-se-retrouvent-lundi-tunis\" rel=\"nofollow noopener\" target=\"_blank\"><span lang=\"EN-US\"><font>http:\/\/www.lematin.ch\/actu\/monde\/les-blogueurs-du-printemps-arabe-se-retrouvent-lundi-tunis<\/font><\/span><\/a><\/span><\/font><\/p>\n<\/div>\n<\/div>\n<\/div>\n<\/div>\n<\/div>\n<\/div>\n<p><\/body><\/body><\/html><\/p>","protected":false},"excerpt":{"rendered":"<p>du message TUNISNEWS 11 \u00e8me ann\u00e9e, N\u00b04113 du 03.10.2011 archives : www.tunisnews.net CCTE: M. Caid Essebsi doit mettre fin sans d\u00e9lai \u00e0 la torture, \u00e0 la r\u00e9pression contre la soci\u00e9t\u00e9 civile et doit partager le pouvoir avec les forces vives de la nation AP: Tunisie: des observateurs \u00e9trangers au chevet des \u00e9lections de la Constituant [&hellip;]<\/p>\n","protected":false},"author":1,"featured_media":22040,"comment_status":"open","ping_status":"open","sticky":false,"template":"","format":"standard","meta":{"inline_featured_image":false,"site-sidebar-layout":"default","site-content-layout":"","ast-site-content-layout":"default","site-content-style":"default","site-sidebar-style":"default","ast-global-header-display":"","ast-banner-title-visibility":"","ast-main-header-display":"","ast-hfb-above-header-display":"","ast-hfb-below-header-display":"","ast-hfb-mobile-header-display":"","site-post-title":"","ast-breadcrumbs-content":"","ast-featured-img":"","footer-sml-layout":"","ast-disable-related-posts":"","theme-transparent-header-meta":"","adv-header-id-meta":"","stick-header-meta":"","header-above-stick-meta":"","header-main-stick-meta":"","header-below-stick-meta":"","astra-migrate-meta-layouts":"default","ast-page-background-enabled":"default","ast-page-background-meta":{"desktop":{"background-color":"","background-image":"","background-repeat":"repeat","background-position":"center center","background-size":"auto","background-attachment":"scroll","background-type":"","background-media":"","overlay-type":"","overlay-color":"","overlay-opacity":"","overlay-gradient":""},"tablet":{"background-color":"","background-image":"","background-repeat":"repeat","background-position":"center center","background-size":"auto","background-attachment":"scroll","background-type":"","background-media":"","overlay-type":"","overlay-color":"","overlay-opacity":"","overlay-gradient":""},"mobile":{"background-color":"","background-image":"","background-repeat":"repeat","background-position":"center center","background-size":"auto","background-attachment":"scroll","background-type":"","background-media":"","overlay-type":"","overlay-color":"","overlay-opacity":"","overlay-gradient":""}},"ast-content-background-meta":{"desktop":{"background-color":"var(--ast-global-color-5)","background-image":"","background-repeat":"repeat","background-position":"center center","background-size":"auto","background-attachment":"scroll","background-type":"","background-media":"","overlay-type":"","overlay-color":"","overlay-opacity":"","overlay-gradient":""},"tablet":{"background-color":"var(--ast-global-color-5)","background-image":"","background-repeat":"repeat","background-position":"center center","background-size":"auto","background-attachment":"scroll","background-type":"","background-media":"","overlay-type":"","overlay-color":"","overlay-opacity":"","overlay-gradient":""},"mobile":{"background-color":"var(--ast-global-color-5)","background-image":"","background-repeat":"repeat","background-position":"center center","background-size":"auto","background-attachment":"scroll","background-type":"","background-media":"","overlay-type":"","overlay-color":"","overlay-opacity":"","overlay-gradient":""}},"footnotes":""},"categories":[],"tags":[62,42,29],"class_list":["post-18984","post","type-post","status-publish","format-standard","has-post-thumbnail","hentry","tag-62","tag-42","tag-fr"],"_links":{"self":[{"href":"https:\/\/tunisnews.net\/ar\/wp-json\/wp\/v2\/posts\/18984","targetHints":{"allow":["GET"]}}],"collection":[{"href":"https:\/\/tunisnews.net\/ar\/wp-json\/wp\/v2\/posts"}],"about":[{"href":"https:\/\/tunisnews.net\/ar\/wp-json\/wp\/v2\/types\/post"}],"author":[{"embeddable":true,"href":"https:\/\/tunisnews.net\/ar\/wp-json\/wp\/v2\/users\/1"}],"replies":[{"embeddable":true,"href":"https:\/\/tunisnews.net\/ar\/wp-json\/wp\/v2\/comments?post=18984"}],"version-history":[{"count":0,"href":"https:\/\/tunisnews.net\/ar\/wp-json\/wp\/v2\/posts\/18984\/revisions"}],"wp:featuredmedia":[{"embeddable":true,"href":"https:\/\/tunisnews.net\/ar\/wp-json\/wp\/v2\/media\/22040"}],"wp:attachment":[{"href":"https:\/\/tunisnews.net\/ar\/wp-json\/wp\/v2\/media?parent=18984"}],"wp:term":[{"taxonomy":"category","embeddable":true,"href":"https:\/\/tunisnews.net\/ar\/wp-json\/wp\/v2\/categories?post=18984"},{"taxonomy":"post_tag","embeddable":true,"href":"https:\/\/tunisnews.net\/ar\/wp-json\/wp\/v2\/tags?post=18984"}],"curies":[{"name":"wp","href":"https:\/\/api.w.org\/{rel}","templated":true}]}}