{"id":18920,"date":"2008-04-27T00:00:00","date_gmt":"2008-04-27T00:00:00","guid":{"rendered":"https:\/\/tunisnews.net\/27-avril-2008\/"},"modified":"2008-04-27T00:00:00","modified_gmt":"2008-04-27T00:00:00","slug":"27-avril-2008","status":"publish","type":"post","link":"https:\/\/tunisnews.net\/ar\/27-avril-2008\/","title":{"rendered":"27 avril 2008"},"content":{"rendered":"<p><html><head><meta content=\"text\/html\" description=\"        Le village d\u2019Aouled al-Mabrouk, comme celui, avant lui, d\u2019al-Hka\u00efma et \n        encore d\u2019autres r\u00e9gions de la Tunisie d\u2019\u00aben bas \u00bb, vit sous le signe du \n        deuil depuis jeudi 24 avril 2008 quand la mer a rejet\u00e9 les cadavres ; \n        les 23 autres candidats \u00e0 l\u2019\u00e9migration sont port\u00e9s \u00ab disparus \u00bb.\" http-equiv=\"Content-Type\"\/><\/head><body><body><\/p>\n<p align=\"center\" dir=\"ltr\"><font face=\"Arial\" size=\"2\"><b><a href=\"http:\/\/www.tunisnews.net\"><span>Home<\/span><span lang=\"FR-CH\"> &#8211; Accueil <\/span><\/a><\/b><\/font><\/p>\n<p><span dir=\"rtl\" lang=\"AR-SA\"><font face=\"Arial\" size=\"2\"><\/p>\n<div align=\"justify\" dir=\"ltr\"> <font face=\"Arial\" size=\"2\"> <\/p>\n<div align=\"center\" dir=\"ltr\">\n<div dir=\"ltr\"> <font face=\"Arial\" size=\"2\"> <\/p>\n<div dir=\"ltr\">\n<div dir=\"ltr\">\n<div align=\"center\" dir=\"ltr\"> <font face=\"Arial\" size=\"3\"><strong><\/p>\n<p><font> <\/p>\n<div dir=\"ltr\">  <\/div>\n<p> <span lang=\"FR\"> <\/p>\n<div align=\"center\" dir=\"ltr\"> <font size=\"7\"> <span lang=\"SV\">              TUNISNEWS<\/span> <\/font> <\/div>\n<div dir=\"ltr\"> <font size=\"2\">\u00a08\u00a0\u00e8me\u00a0ann\u00e9e, <span lang=\"FR\">N\u00b0               \u00a02896du 26.04.2008<\/span><\/font><\/div>\n<div dir=\"ltr\"> <span><blink> <font size=\"2\">\u00a0archives : <\/font> <a target=\"_blank\" rel=\"noopener\"><font size=\"2\" target=\"_blank\">              www.tunisnews.net<\/font><\/a><\/blink><\/span><font size=\"2\"> <\/font> <\/div>\n<p> <\/span><\/font><\/p>\n<p><\/strong><\/font> <\/div>\n<p> <font size=\"3\"><strong> <\/p>\n<div align=\"center\" dir=\"ltr\">\n<hr align=\"left\" dir=\"ltr\"\/> <\/div>\n<p> <\/strong><\/font> <\/div>\n<p> <font size=\"2\"> <span dir=\"ltr\" lang=\"ES\"> <\/p>\n<p align=\"left\"><strong><font>Comit\u00e9 de Soutien aux         Habitants du Bassin Minier: Appel         <\/p>\n<p><font>Trag\u00e9die d\u2019Aouled al Mabrouk &#8211; Pauvret\u00e9, ch\u00f4mage         et d\u00e9sespoir au pays du \u00ab miracle \u00e9conomique \u00bb Tunisie<\/font><\/p>\n<p>         Angola Press:TUNISIE: Deux journalistes opposants entament une gr\u00e8ve         dela faim          <\/p>\n<h2 style=\"color: red;\"><font>Angola Press:Tunisie, Sarkozy attendu de pied         ferme sur les droits de l`Homme<\/font><\/h2>\n<p>NouveObs: Droits de l&rsquo;Homme : Tunis r\u00e9fute les critiques          <\/p>\n<h2 style=\"color: red;\"><font>AFP:Semaine politique \u00e9court\u00e9e par le 1e mai,         Sarkozy en Tunisie, Fillon aux Etats-Unis<\/font><\/h2>\n<p>         AFP:Les ONG attendent de Sarkozy un geste en faveur des droits de         l&rsquo;homme en Tunisie         <\/p>\n<h2 style=\"color: red;\"><font>La Tribune.fr :Nicolas Sarkozy en Tunisie pour         renforcer les liens \u00e9conomiques<\/font><\/h2>\n<p>         AFP :Nicolas Sarkozy entame lundi une visite de 48h en Tunisie         <\/p>\n<h2 style=\"color: red;\"><font>France 24: Visite de Nicolas Sarkozy en Tunisie<\/font><\/h2>\n<p>         Lefigaro.fr: Sarkozy en Tunisie: \u00ab\u00a0soutien\u00a0\u00bb \u00e0 Ben Ali          <\/p>\n<h2 style=\"color: red;\"><font>l\u2019Union Juive Fran\u00e7aise pour la Paix:Salah         Hamrouni condamn\u00e9 \u00e0 7 ans de prison ferme<\/font><\/h2>\n<p>          lemonde.fr:Ces patrons qui soutiennent leurs employ\u00e9s\u00a0 sans-papiers         <\/p>\n<h2 style=\"color: red;\"><font>lemonde.fr:L&rsquo;image tr\u00e8s d\u00e9grad\u00e9e de la France en         Afrique<\/font><\/h2>\n<p>lemonde.fr:A Monaco, M. Sarkozy d\u00e9taille \u00ab\u00a0son\u00a0\u00bb Union de la         M\u00e9diterran\u00e9e         <\/font><\/p>\n<h2 style=\"color: red;\"><font>lefigaro.fr: La Libye provoque un incident         rare \u00e0 l&rsquo;ONU<\/font><\/h2>\n<p><\/strong><\/p>\n<p><\/span><\/font> <\/p>\n<hr align=\"left\" dir=\"ltr\"\/> <\/div>\n<div dir=\"ltr\">\n<p align=\"left\"><font size=\"2\"> <span lang=\"FR\">        \u00a0<\/span><\/font><\/p>\n<\/div>\n<div align=\"center\" dir=\"ltr\"> <font face=\"Arial\" size=\"2\"><strong><font>Comit\u00e9 de         Soutien aux Habitants du Bassin Minier: <\/font><\/strong><\/font> <\/div>\n<div align=\"center\" dir=\"ltr\"> <font face=\"Arial\" size=\"2\"><strong><font>Appel<\/font><\/strong><\/font><\/div>\n<p align=\"center\" dir=\"ltr\">      \u00a0<\/p>\n<p dir=\"ltr\"> <span lang=\"FR\">      Le Comit\u00e9 de Soutien aux Habitants du Bassin minier appelle les       syndicalistes et les militants de la soci\u00e9t\u00e9 civile \u00e0 f\u00eater le premier       \u00a0Mai, Journ\u00e9e Mondiale du Travail sous le signe de :       \u00a0       Journ\u00e9e de Solidarit\u00e9 avec les Habitants du Bassin Minier : Soutien au       droit au travail et au d\u00e9veloppement.\u00a0        Pour Le Comit\u00e9       <\/span><strong> <span lang=\"FR\">      Massaoud Romdhani<\/span><\/strong><span lang=\"FR\">\u00a0<\/span><\/p>\n<p> <\/font> <\/p>\n<div dir=\"ltr\">\n<hr align=\"left\" dir=\"ltr\"\/> <\/div>\n<div dir=\"ltr\">\n<div align=\"center\" dir=\"ltr\">          TUNISIE &#8230;.           <strong><\/p>\n<h2 style=\"color: red;\"><font>Trag\u00e9die d\u2019Aouled al Mabrouk            Chebba, gouvernorat de Mahdia<\/font><\/h2>\n<p><\/strong> <strong>Pauvret\u00e9, ch\u00f4mage et d\u00e9sespoir au pays du \u00ab miracle \u00e9conomique           \u00bb Tunisie           (Quand l\u2019horizon de la jeunesse des pays du Sud est de p\u00e9rir en MARE           NOSTRA)<\/strong><\/div>\n<p align=\"left\" dir=\"ltr\"> <strong><font>Hamza Ben Hammadi         (naufrag\u00e9)\u00a0\u00a0\u00a0\u00a0\u00a0\u00a0\u00a0\u00a0\u00a0\u00a0\u00a0\u00a0\u00a0\u00a0\u00a0\u00a0\u00a0\u00a0\u00a0\u00a0\u00a0\u00a0\u00a0\u00a0\u00a0\u00a0\u00a0\u00a0\u00a0\u00a0\u00a0\u00a0\u00a0\u00a0\u00a0\u00a0\u00a0\u00a0\u00a0\u00a0 Mohamed Dalhoum         (naufrag\u00e9)<\/font><\/strong>         (21 ans, Aouled al         Mabrouk)\u00a0\u00a0\u00a0\u00a0\u00a0\u00a0\u00a0\u00a0\u00a0\u00a0\u00a0\u00a0\u00a0\u00a0\u00a0\u00a0\u00a0\u00a0\u00a0\u00a0\u00a0\u00a0\u00a0\u00a0\u00a0\u00a0\u00a0\u00a0\u00a0\u00a0\u00a0\u00a0\u00a0\u00a0\u00a0\u00a0\u00a0\u00a0\u00a0\u00a0\u00a0\u00a0\u00a0\u00a0\u00a0\u00a0\u00a0\u00a0\u00a0\u00a0\u00a0\u00a0 (24 ans,         al-M\u2019hamdia)\u00a0                   23 jeunes sont toujours port\u00e9s \u201cdisparus\u201d\u2026 parmi eux :         \u00a0\u00a0\u00a0\u00a0\u00a0\u00a0\u00a0\u00a0\u00a0\u00a0\u00a0\u00a0\u00a0\u00a0\u00a0\u00a0\u00a0\u00a0\u00a0\u00a0\u00a0\u00a0\u00a0\u00a0\u00a0\u00a0\u00a0\u00a0\u00a0\u00a0\u00a0\u00a0\u00a0\u00a0          <strong><font>Mohamed Jebeniani\u00a0\u00a0\u00a0\u00a0\u00a0\u00a0\u00a0\u00a0\u00a0\u00a0\u00a0\u00a0\u00a0 Rachid         Jebeniani\u00a0\u00a0\u00a0\u00a0\u00a0\u00a0\u00a0\u00a0\u00a0\u00a0\u00a0\u00a0\u00a0\u00a0\u00a0\u00a0\u00a0\u00a0 Abdelmoun\u00eem Douiri<\/font><\/strong>         (22 ans, al-M\u2019hamdia)\u00a0\u00a0\u00a0\u00a0\u00a0\u00a0\u00a0\u00a0\u00a0\u00a0\u00a0\u00a0\u00a0 (22 ans, al-M\u2019hamdia)\u00a0\u00a0\u00a0\u00a0\u00a0\u00a0\u00a0\u00a0\u00a0\u00a0 27         ans         \u00a0\u00a0\u00a0\u00a0\u00a0\u00a0\u00a0\u00a0\u00a0\u00a0\u00a0\u00a0\u00a0\u00a0\u00a0\u00a0\u00a0         <strong><font>Maalek         Zarga\u00a0\u00a0\u00a0\u00a0\u00a0\u00a0\u00a0\u00a0\u00a0\u00a0\u00a0\u00a0\u00a0\u00a0\u00a0\u00a0\u00a0\u00a0\u00a0\u00a0\u00a0\u00a0\u00a0\u00a0\u00a0\u00a0\u00a0\u00a0\u00a0\u00a0\u00a0\u00a0\u00a0\u00a0\u00a0 Mourad Jlassi<\/font><\/strong>         (21 ans, al-M\u2019hamdia)\u00a0\u00a0\u00a0\u00a0\u00a0\u00a0\u00a0\u00a0\u00a0\u00a0\u00a0\u00a0\u00a0 (al-M\u2019hamdia)                  Le village d\u2019Aouled al-Mabrouk, comme celui, avant lui, d\u2019al-Hka\u00efma et         encore d\u2019autres r\u00e9gions de la Tunisie d\u2019\u00aben bas \u00bb, vit sous le signe du         deuil depuis jeudi 24 avril 2008 quand la mer a rejet\u00e9 les cadavres ;         les 23 autres candidats \u00e0 l\u2019\u00e9migration sont port\u00e9s \u00ab disparus \u00bb.         Ce n\u2019est pas une premi\u00e8re ! C\u2019est le \u00e9ni\u00e8me acte d\u2019une trag\u00e9die toujours         recommenc\u00e9e.          Il suffit d\u2019arpenter les ruelles du vieux quartier de al-M\u2019hamdia         (banlieue proche de Tunis) pour mesurer l\u2019ampleur de la pauvret\u00e9, du         d\u00e9nuement et du ch\u00f4mage qui s\u00e9vissent en raison des choix \u00e9conomiques du         gouvernement tunisien.         Depuis le mois de janvier 2008, les jeunes et la population de Redeyef         manifestent pour leur droit au travail ; les jeunes des r\u00e9gions de         al-M\u2019hamdia, al-Kabbaria, Djebel Jloud, Sidi Frej, Gafsa, Chebba,         Malloulech (12 jeunes sont originaires du vieux quartier d\u2019al-M\u2019hamdia)         partis, quant \u00e0 eux, \u00e0 la recherche d\u2019un travail, d\u2019une vie digne sur la         rive nord, ont pris les barques de la mort.         En effet, le mardi 22 avril 2008 au soir, la barque des 26 jeunes a         quitt\u00e9 Aouled al-Mabrouk Cette nuit-l\u00e0, la famille de Mohamed Dalhoum         (l\u2019un des trois morts ramen\u00e9s par les eaux) a re\u00e7u le dernier appel         t\u00e9l\u00e9phonique de son fils. La famille de Ayman Ben Ta\u00efeb Hassine (qui n\u2019a         que 17 ans) attend, tout comme les autres familles, d\u2019avoir une         information s\u00fbre et d\u00e9finitive.                  Ces jeunes savaient a priori que prendre la mer sur des barques de         fortune (Harraga) est une op\u00e9ration hautement risqu\u00e9e et extr\u00eamement         dangereuse. Leur d\u00e9sespoir et l\u2019absence de toute autre alternative les         ont d\u00e9termin\u00e9s \u00e0 c\u00f4toyer le danger. Fuir une situation faite de         marginalisation, d\u2019exclusion, de sentiment d\u2019injustice, de privation, de         perdition, d\u2019absence de tout exercice de la d\u00e9mocratie et d\u2019une         r\u00e9partition \u00e9galitaire des richesses entre les fils et les filles de la         Tunisie \u00e9tait devenu leur seul et unique horizon.                  Nous tenons \u00e0 pr\u00e9senter nos sinc\u00e8res condol\u00e9ances aux familles des         naufrag\u00e9s et \u00e0 les assurer de notre enti\u00e8re et pleine solidarit\u00e9. Leur         deuil est le n\u00f4tre.                  Nous appelons les partis politiques, les associations et les collectifs         en Tunisie, en Italie et dans les tous les pays touch\u00e9s par ces drames         de faire pression sur les autorit\u00e9s tunisiennes et italiennes pour         qu\u2019elles continuent les recherches sur le sort des 23 jeunes port\u00e9s \u00ab         disparus \u00bb                   Nous nous joignons \u00e0 l\u2019appel lanc\u00e9 par la F\u00e9d\u00e9rations des Tunisiens         Citoyens des deux Rives pour faire de la journ\u00e9e du <strong> <\/p>\n<p><font>10 mai une journ\u00e9e de deuil national pour les         jeunes de la Tunisie et de tous les pays frapp\u00e9s par le drame des         barques de la mort                   Faisons de la journ\u00e9e du 10 mai, une journ\u00e9e de Solidarit\u00e9 pour la         dignit\u00e9 !<\/font><\/p>\n<p><\/strong>                   Tunis, le 26 avril 2008                  Premiers signataires :          <strong>Abderrahmane Hdhili, membre du comit\u00e9 directeur de la LTDH         Massoued Romdhani, pr\u00e9sident de la section LTDH de Kairouan<\/strong> <\/p>\n<\/div>\n<div dir=\"ltr\">\n<hr align=\"left\" dir=\"ltr\"\/> <\/div>\n<div dir=\"ltr\">\n<p dir=\"ltr\">\n<h3 style=\"color: blue;\"><font size=\"3\"><strong>TUNISIE: Deux journalistes opposants entament une gr\u00e8ve dela faim<\/strong><\/font><\/h3>\n<\/p>\n<p align=\"left\" dir=\"ltr\"><font><strong>        Angola Press<\/strong><\/font><\/p>\n<p align=\"left\" dir=\"ltr\"><font>TUNIS, 27\/04 &#8211; A deux         jours de l`arriv\u00e9e du pr\u00e9sident fran\u00e7ais Nicolas Sarkozy pour une visite         d`Etat en Tunisie, deux responsables d`un hebdomadaire de l`opposition         l\u00e9gale tunisienne ont annonc\u00e9 samedi entamer une \u00ab\u00a0gr\u00e8ve de la faim         illimit\u00e9e\u00a0\u00bb pour d\u00e9noncer les harc\u00e8lements dont leur journal fait selon         eux l`objet de la part du pouvoir.                  Lors d`une conf\u00e9rence de presse, l`un des gr\u00e9vistes, Rachid Kh\u00e9chana,         r\u00e9dacteur en chef d`\u00a0\u00bbAl Mawkef\u00a0\u00bb, organe du parti d\u00e9mocratique         progressiste (PDP), a justifi\u00e9 sa d\u00e9cision d`entrer en gr\u00e8ve de la faim         avec le directeur de la r\u00e9daction, Mongi Ellouze.                  Il a \u00e9voqu\u00e9 notamment des \u00ab\u00a0pressions exerc\u00e9es par les autorit\u00e9s\u00a0\u00bb sur la         soci\u00e9t\u00e9 distributrice du journal pour r\u00e9duire au minimum la vente de         leur organe ainsi qu`une affaire intent\u00e9e \u00ab\u00a0\u00e0 l`instigation du pouvoir\u00a0\u00bb         contre l`hebdo-madaire par cinq soci\u00e9t\u00e9s de commercialisation d`huile         v\u00e9g\u00e9tale.                  Celles-ci r\u00e9clament quelque 300.000 euros de d\u00e9dommagements de         pr\u00e9judices \u00e0 la suite de la publication d`un article demandant \u00e0 faire         analyser cette huile suspect\u00e9e d`\u00eatre nocive.                  \u00ab\u00a0Aujourd`hui, la situation a atteint un point de non retour. Notre         journal qui ne vit que de ses ventes, est en voie d`\u00eatre asphyxi\u00e9 et         menac\u00e9 de disparition\u00a0\u00bb, a lanc\u00e9 M.                  Kh\u00e9chana devant les journalistes. Les autorit\u00e9s tunisiennes ont qualifi\u00e9         cette \u00ab\u00a0soi-disant gr\u00e8ve de la faim\u00a0\u00bb de \u00ab\u00a0nouvelle manoeuvre d\u00e9magogique         visant \u00e0 induire l`opinion en erreur\u00a0\u00bb et de \u00ab\u00a0tentatives         d`instrumentalisation\u00a0\u00bb.                   \u00ab\u00a0Contrairement aux all\u00e9gations de ses responsables, le journal `Al         Mawkef` ne fait l`objet d`aucune restriction\u00a0\u00bb, ajoute un communiqu\u00e9         officiel transmis \u00e0 l`Associated Press qui avance que \u00ab\u00a0les partis de         l`opposition publient et diffusent librement leurs journaux\u00a0\u00bb. <\/font><\/p>\n<p align=\"left\" dir=\"ltr\">\u00a0<\/p>\n<hr align=\"left\" dir=\"ltr\"\/>\n<p align=\"left\" dir=\"ltr\">\u00a0<\/p>\n<p dir=\"ltr\"> <span> <strong><\/p>\n<p><font>Programme du d\u00e9placement de M. le         Pr\u00e9sident de la R\u00e9publique en visite d\u2019Etat en Tunisie du lundi 28 avril         au mercredi 30 avril 2008<\/font><\/p>\n<p> \u00a0<\/strong><\/span><\/p>\n<p align=\"left\" dir=\"ltr\"> <span> <strong>Lundi 28 avril\u00a0 2008<\/strong>         \u00a0\u00a0\u00a0\u00a0          <strong>16h30<\/strong>\u00a0\u00a0\u00a0          Arriv\u00e9e de M. Le Pr\u00e9sident de la R\u00e9publique et Madame Carla SARKOZY \u00e0         l\u2019a\u00e9roport de Tunis-Carthage.          Accueil par M. Zine El Abidine Ben Ali, Pr\u00e9sident de la R\u00e9publique         tunisienne. \u00a0<\/span><\/p>\n<p align=\"left\" dir=\"ltr\"> <span> <strong>17h00<\/strong> \u00a0\u00a0\u00a0          Accueil sur l\u2019avenue Bourguiba\u00a0\u00a0\u00a0 \u00a0\u00a0\u00a0 <\/span><\/p>\n<p align=\"left\" dir=\"ltr\"><strong>19h20\u00a0<\/strong>\u00a0\u00a0          Entretien entre les deux Chefs d\u2019Etat au Palais de Carthage<\/p>\n<p align=\"left\" dir=\"ltr\"><strong>20h15\u00a0\u00a0<\/strong>\u00a0          C\u00e9r\u00e9monie des signatures d\u2019accords<\/p>\n<p align=\"left\" dir=\"ltr\">\u00a0\u00a0\u00a0          <strong>20h30<\/strong>\u00a0\u00a0\u00a0          D\u00eener d\u2019Etat offert par M. le Pr\u00e9sident de la R\u00e9publique tunisienne en         l\u2019honneur de M. le Pr\u00e9sident de la R\u00e9publique et Madame Carla SARKOZY<\/p>\n<p align=\"left\" dir=\"ltr\"><strong>Mardi 29 avril 2008<\/strong><\/p>\n<p align=\"left\" dir=\"ltr\"><strong>10h15<\/strong>\u00a0\u00a0\u00a0          C\u00e9r\u00e9monie de d\u00e9p\u00f4t de gerbe au monument des Martyrs de S\u00e9joumi<\/p>\n<p align=\"left\" dir=\"ltr\"><strong>10h45\u00a0<\/strong>\u00a0\u00a0          C\u00e9r\u00e9monie de remise des clefs de la ville de Tunis \u00e0 la Mairie de Tunis.                 Echange d\u2019allocution avec M. Abb\u00e8s Mohsen, Maire de Tunis <\/p>\n<p align=\"left\" dir=\"ltr\"><strong>11h15 \u00a0<\/strong>\u00a0\u00a0          Visite de la M\u00e9dina et de la Mosqu\u00e9e \u00ab La Zitouna \u00bb en compagnie de M.         Mohamed Aziz Ben Achour, Ministre de la Culture et de la sauvegarde du         Patrimoine<\/p>\n<p align=\"left\" dir=\"ltr\"><strong>12h15\u00a0\u00a0\u00a0<\/strong>                  Intervention de M. le Pr\u00e9sident de la R\u00e9publique lors du Forum         d\u2019affaires franco-tunisien, \u00e0 l\u2019h\u00f4tel Karthago         Introduction par Mme Laurence PARISOT, Pr\u00e9sidente du MEDEF et par M.         Hedi Djilani, Pr\u00e9sident de l\u2019UTICA (Union Tunisienne Industrie, Commerce         et artisanat)<\/p>\n<p align=\"left\" dir=\"ltr\"><strong>17h00\u00a0\u00a0\u00a0<\/strong>                  Entretien entre le Pr\u00e9sident de la R\u00e9publique et M. Mohamed Ghannouchi,         Premier Ministre de la R\u00e9publique tunisienne au Palais des H\u00f4tes de         Gammarth<\/p>\n<p align=\"left\" dir=\"ltr\"><strong>17h30\u00a0<\/strong>\u00a0\u00a0          C\u00e9r\u00e9monie de d\u00e9p\u00f4t de gerbe au cimeti\u00e8re militaire fran\u00e7ais de Gammarth<\/p>\n<p align=\"left\" dir=\"ltr\"><strong>19h00\u00a0<\/strong>\u00a0\u00a0          Allocution de M. le Pr\u00e9sident de la R\u00e9publique devant la communaut\u00e9         fran\u00e7aise \u00e0 la R\u00e9sidence de France <\/p>\n<p align=\"left\" dir=\"ltr\"><strong>Mercredi 30 avril 2008<\/strong><\/p>\n<p align=\"left\" dir=\"ltr\"><strong>10h15\u00a0\u00a0<\/strong>\u00a0 \u00a0\u00a0\u00a0 \u00a0\u00a0\u00a0          Visite du site arch\u00e9ologique de Carthage<\/p>\n<p align=\"left\" dir=\"ltr\"><strong>11h00\u00a0\u00a0<\/strong>\u00a0          Allocution de M. le Pr\u00e9sident de la R\u00e9publique \u00e0 l\u2019Institut National des         Sciences Appliqu\u00e9es et des Technologies \u2013 INSAT         Introduction de M. Lazhar Bououni, Ministre de l\u2019enseignement sup\u00e9rieur,         de la recherche scientifique et de la technologie<\/p>\n<p align=\"left\" dir=\"ltr\"><strong>         12h00\u00a0<\/strong>\u00a0\u00a0          C\u00e9r\u00e9monie de d\u00e9part \u00e0 l\u2019a\u00e9roport en Pr\u00e9sence de M. Zine El Abidine Ben         Ali, Pr\u00e9sident de la R\u00e9publique tunisienne.<\/p>\n<p align=\"left\" dir=\"ltr\">(Source:        <a href=\"http:\/\/appablog.wordpress.com\/2008\/04\/26\/tunisie-france-sarkozy-programme-du-deplacement-de-nicolas-sarkozy-en-visite-d\u00e2??etat-en-tunisie-du-lundi-28-avril-au-mercredi-30-avril-2008\/\" target=\"_blank\" rel=\"noopener\">        http:\/\/appablog.wordpress.com\/2008\/04\/26\/tunisie-france-sarkozy-programme-du-deplacement-de-nicolas-sarkozy-en-visite-d%E2%80%99etat-en-tunisie-du-lundi-28-avril-au-mercredi-30-avril-2008\/<\/a>)<\/p>\n<p align=\"left\" dir=\"ltr\">\u00a0<\/p>\n<hr align=\"left\" dir=\"ltr\"\/>\n<p dir=\"ltr\">\n<h3 style=\"color: blue;\"><font><strong>TUNISIE: En         Tunisie, Sarkozy attendu de pied ferme sur les droits de l`Homme<\/strong><\/font><\/h3>\n<\/p>\n<p align=\"left\" dir=\"ltr\"><font><strong>        Angola Press<\/strong><\/font><\/p>\n<p align=\"left\" dir=\"ltr\"><font>PARIS, 27\/04 &#8211; D\u00e9\u00e7ues de         son passage-\u00e9clair en juillet, les ONG de d\u00e9fense des droits de l`Homme         attendent du nouveau s\u00e9jour tunisien du pr\u00e9sident fran\u00e7ais Nicolas         Sarkozy \u00e0 partir de lundi un \u00ab\u00a0geste fort\u00a0\u00bb sur ce terrain dont il avait         promis de faire l`une des priorit\u00e9s de sa diplomatie.                  M\u00eame si elle a \u00e9t\u00e9 rapidement suivie par la remise en libert\u00e9 d`un         opposant, la premi\u00e8re visite du pr\u00e9sident fran\u00e7ais est loin d`avoir         convaincu la soci\u00e9t\u00e9 civile et l`opposition tunisiennes.                  \u00ab\u00a0La soci\u00e9t\u00e9 civile a \u00e9t\u00e9 superbement ignor\u00e9e. Nous n`avons eu ni         audience, ni contact avec sa d\u00e9l\u00e9gation pendant les quelques heures         qu`il a pass\u00e9es sur notre territoire\u00a0\u00bb, d\u00e9plore le pr\u00e9sident de la Ligue         tunisienne des droits de l`Homme (LTDH), Me Mokhtar Trifi.                  Apr\u00e8s un entretien avec le pr\u00e9sident Zine El Abidine Ben Ali, Nicolas         Sarkozy avait assur\u00e9 avoir \u00e9voqu\u00e9 \u00ab\u00a0des cas particuliers\u00a0\u00bb. Deux semaines         plus tard, Tunis annon\u00e7ait la gr\u00e2ce de l`avocat Mohamed Abbou, incarc\u00e9r\u00e9         depuis plus de deux ans.                  Depuis vingt ans, le r\u00e9gime du pr\u00e9sident Ben Ali est r\u00e9guli\u00e8rement         \u00e9pingl\u00e9 par les ONG dans leurs classements des pays les plus r\u00e9pressifs         de la plan\u00e8te. Tunis d\u00e9nonce ces critiques et met en avant son bilan         dans le domaine de l`\u00e9ducation et de l`\u00e9mancipation des femmes.                   A l`approche de la visite d`Etat de M. Sarkozy, les d\u00e9fenseurs des         droits de l`Homme ont fait savoir qu`ils esp\u00e9raient beaucoup de Nicolas         Sarkozy. <\/font><\/p>\n<hr align=\"left\" dir=\"ltr\"\/>\n<div align=\"center\" dir=\"ltr\"> <font> <strong><\/p>\n<h3 style=\"color: blue;\"><font size=\"3\">Droits de l&rsquo;Homme : Tunis           r\u00e9fute les critiques<\/font><\/h3>\n<p><\/strong><\/font><\/div>\n<div dir=\"ltr\">\n<p align=\"left\"><font> <strong><font>NOUVELOBS.COM | 27.04.2008 | 14:15<\/font><\/strong>                      Les autorit\u00e9s tunisiennes r\u00e9futent les critiques exprim\u00e9es par des ONG           et d\u00e9fenseurs des droits de l&rsquo;Homme en France. D\u00e9\u00e7us par le premier           voyage de Nicolas Sarkozy en juillet \u00e0 Tunis, ces organisations           indiquent attendre \u00ab\u00a0un geste fort\u00a0\u00bb durant sa visite d&rsquo;Etat pr\u00e9vue ce           lundi.           A la veille de la visite d&rsquo;Etat du pr\u00e9sident Nicolas Sarkozy lundi en           Tunisie, les autorit\u00e9s tunisiennes ont r\u00e9fut\u00e9, dimanche 27 avril, les           critiques exprim\u00e9es par des ONG et d\u00e9fenseurs des droits de l&rsquo;Homme en           France.            \u00ab\u00a0La Tunisie garantit l&rsquo;ind\u00e9pendance de la justice (&#8230;), la           constitution et les lois tunisiennes prot\u00e8gent et promeuvent les           droits de l&rsquo;homme (et) la torture et autres traitements inhumains sont           fermement interdits\u00a0\u00bb, a affirm\u00e9 \u00e0 l&rsquo;AFP une source officielle \u00e0 Tunis.           La l\u00e9gislation \u00ab\u00a0sanctionne s\u00e9v\u00e8rement tout mauvais traitement envers           les d\u00e9tenus (et) la loi garantit la r\u00e9paration \u00e0 toute personne           condamn\u00e9e \u00e0 tort dont l&rsquo;innocence vient par la suite \u00e0 \u00eatre prouv\u00e9e\u00a0\u00bb,           a indiqu\u00e9 cette source, qui explique la position du gouvernement.                      <font><strong>ONG syst\u00e9matiquement hostiles<\/strong><\/font>                      La m\u00eame source a rejet\u00e9 des accusations de corruption, affirmant que           la Tunisie \u00ab\u00a0se distingue par sa bonne gouvernance\u00a0\u00bb, et poursuit en           d\u00e9non\u00e7ant des \u00ab\u00a0all\u00e9gations purement partiales et trompeuses\u00a0\u00bb et \u00ab\u00a0des           partis pris de certaines ONG syst\u00e9matiquement hostiles\u00a0\u00bb.           Elle cite notamment le Forum \u00e9conomique mondial de Davos\u00a0\u00bb pour noter           que son dernier rapport classe la Tunisie \u00ab\u00a0au premier rang africain et           arabe pour ce qui est de l&rsquo;environnement des affaires et au 14\u00e8 rang           mondial quant \u00e0 la confiance des citoyens dans leurs gouvernants\u00a0\u00bb.           Tunis souligne en outre avoir fait \u00ab\u00a0le choix volontaire de la           d\u00e9mocratie et des droits de l&rsquo;homme\u00a0\u00bb et affirme \u00ab\u00a0poursuivre r\u00e9solument           le processus de reformes, en toute souverainet\u00e9 dans la voie emprunt\u00e9e           depuis le Changement du 7 novembre 1987\u00a0\u00bb, a-t-on ajout\u00e9 en r\u00e9f\u00e9rence \u00e0           la date d&rsquo;arriv\u00e9e au pouvoir du pr\u00e9sident Zine El Abidine Ben Ali.                      <font><strong>D\u00e9\u00e7us par le 1er voyage<\/strong><\/font>                      Des ONG et d\u00e9fenseurs des droits de l&rsquo;Homme, dont Mokhtar Trifi,           pr\u00e9sident de la Ligue tunisienne de d\u00e9fense des droits de l&rsquo;Homme ont           affirm\u00e9 avoir \u00e9t\u00e9 d\u00e9\u00e7us par le premier voyage de Nicolas Sarkozy en           juillet \u00e0 Tunis et indiqu\u00e9 attendre \u00ab\u00a0un geste fort\u00a0\u00bb durant sa visite           d&rsquo;Etat.           Khadija Cherif, la pr\u00e9sidente de l&rsquo;Association tunisienne des femmes           d\u00e9mocrates (ATFD), a d\u00e9clar\u00e9 que la \u00ab\u00a0justice est aux ordres, la           corruption se g\u00e9n\u00e9ralise, la torture est fr\u00e9quente\u00a0\u00bb en Tunisie.           Eric Goldstein, de l&rsquo;ONG am\u00e9ricaine Human Rights Watch (HRW),           consid\u00e8re que \u00ab\u00a0Nicolas Sarkozy ne doit pas tomber dans le pi\u00e8ge de           marchander la lib\u00e9ration d&rsquo;un seul prisonnier, comme en juillet\u00a0\u00bb.          <\/font> <\/p>\n<\/div>\n<p align=\"left\" dir=\"ltr\">\u00a0<\/p>\n<hr align=\"left\" dir=\"ltr\"\/>\n<div dir=\"ltr\">\n<h3 dir=\"ltr\" style=\"color: blue;\"><font><\/p>\n<h3 style=\"color: blue;\"><font size=\"3\">Semaine politique \u00e9court\u00e9e par le 1e mai, Sarkozy en Tunisie, Fillon           aux Etats-Unis<\/font><\/h3>\n<p><\/font><\/h3>\n<p align=\"left\" dir=\"ltr\"><font><font> <strong>PARIS (AFP)<\/strong><\/font> \u2014 Des voyages de Nicolas Sarkozy           en Tunisie et de Fran\u00e7ois Fillon aux Etats-Unis marqueront une semaine           politique \u00e9court\u00e9e par le pont du 1er mai, qui suspendra les travaux           parlementaires recommenc\u00e9s deux jours avant, alors que le conseil des           ministres est avanc\u00e9 \u00e0 lundi.<\/font> <font>Le pr\u00e9sident de la R\u00e9publique boucle, avec une           visite d&rsquo;Etat en Tunisie de lundi soir \u00e0 mercredi, une tourn\u00e9e du           Maghreb (Maroc en octobre, Alg\u00e9rie en d\u00e9cembre) \u00e0 laquelle avait           pr\u00e9lud\u00e9 en juillet, deux mois apr\u00e8s son \u00e9lection \u00e0 l&rsquo;Elys\u00e9e, un           d\u00e9placement \u00e9clair \u00e0 Alger et Tunis.<\/font> <font>Ce sera pour le chef de l&rsquo;Etat, accompagn\u00e9 de           son \u00e9pouse Carla et d&rsquo;une d\u00e9l\u00e9gation d&rsquo;une centaine de patrons           fran\u00e7ais, l&rsquo;occasion de promouvoir son \u00ab\u00a0Union pour la M\u00e9diterran\u00e9e\u00a0\u00bb,           qui doit voir le jour lors d&rsquo;un grand sommet \u00e0 Paris en juillet.<\/font> <font>La France doit signer avec Tunis sa premi\u00e8re           convention de gestion concert\u00e9e de l&rsquo;immigration avec un pays           maghr\u00e9bin. But du texte: renforcer la lutte contre les clandestins,           ouvrir le territoire fran\u00e7ais \u00e0 l&rsquo;immigration professionnelle et           favoriser le d\u00e9veloppement dit \u00ab\u00a0solidaire\u00a0\u00bb entre les deux pays.<\/font> <font>Les ONG de d\u00e9fense des droits de l&rsquo;Homme           attendent du nouveau s\u00e9jour tunisien de M. Sarkozy un \u00ab\u00a0geste fort\u00a0\u00bb sur           ce terrain dont il avait promis de faire une des priorit\u00e9s de sa           diplomatie.<\/font> <font>En raison de ce d\u00e9placement, le conseil des           ministres est avanc\u00e9 \u00e0 lundi matin avec au menu le projet de loi de           modernisation de l&rsquo;\u00e9conomie destin\u00e9, selon le gouvernement, \u00e0           encourager le travail et faire baisser les prix. Le texte devrait           comprendre une quarantaine d&rsquo;articles autour de quatre volets:           l&rsquo;entrepreneur, la concurrence, l&rsquo;attractivit\u00e9 du territoire, le           financement de l&rsquo;\u00e9conomie.<\/font> <font>Apr\u00e8s ce conseil, lundi apr\u00e8s-midi, le chef du           gouvernement se rend \u00e0 Dijon sur ce th\u00e8me de la modernisation de           l&rsquo;\u00e9conomie. Jeudi et vendredi, il est \u00e0 Washington, pour des           entretiens avec le patron de la Fed Ben Bernanke, et le secr\u00e9taire au           Tr\u00e9sor Henry Paulson.<\/font> <font>M. Fillon sera par ailleurs l&rsquo;invit\u00e9 d&rsquo;honneur           du 102e d\u00eener annuel du comit\u00e9 des Am\u00e9ricains juifs (American Jewish           Committee) l&rsquo;une des principales organisations de d\u00e9fense des juifs           aux Etats-Unis o\u00f9 il prononcera un discours sur le th\u00e8me de la \u00ab\u00a0vision           mondiale\u00a0\u00bb, selon le programme diffus\u00e9 par cette organisation.<\/font> <font>Apr\u00e8s les vacances parlementaires, assembl\u00e9e et           s\u00e9nat reprennent leurs travaux mardi: modernisation du travail,           archives, parcours professionnels dans la fonction publique&#8230;           Mercredi, les d\u00e9put\u00e9s commencent l&rsquo;examen d&rsquo;un projet sur la lutte           contre le trafic de produits dopants.<\/font> <font>Le 1er mai interrompra ces travaux jeudi. Le           pr\u00e9sident de la r\u00e9publique sera ce jour-l\u00e0 \u00e0 Aix-la-Chapelle pour un           hommage \u00e0 Angela Merkel, titulaire du Prix Charlemagne.<\/font> <font>Le 1er mai est aussi le rendez-vous traditionnel           des militants du Front national pour un d\u00e9fil\u00e9 parisien en l&rsquo;honneur           de Jeanne d&rsquo;Arc. Le cru 2008 promet d&rsquo;\u00eatre sans gloire pour ce parti           qui a encha\u00een\u00e9 d\u00e9routes \u00e9lectorales et probl\u00e8mes financiers et dont le           chef Jean-Marie Le Pen a recommenc\u00e9 \u00e0 traiter de \u00ab\u00a0d\u00e9tail\u00a0\u00bb les chambres           \u00e0 gaz nazies, s&rsquo;exposant \u00e0 de nouvelles poursuites judiciaires. <\/font>           \u00a0<\/p>\n<hr align=\"left\" dir=\"ltr\"\/>\n<div dir=\"ltr\">\n<h3 dir=\"ltr\" style=\"color: blue;\"><font><\/p>\n<h3 style=\"color: blue;\"><font size=\"3\">Les ONG attendent de Sarkozy un geste en faveur des droits de             l&rsquo;homme en Tunisie<\/font><\/h3>\n<p><\/font><\/h3>\n<p align=\"left\" dir=\"ltr\"><font> <font><strong>PARIS (AFP) \u2014<\/strong><\/font> D\u00e9\u00e7ues             de son passage-\u00e9clair en juillet, les ONG de d\u00e9fense des droits de             l&rsquo;homme attendent du nouveau s\u00e9jour tunisien de Nicolas Sarkozy \u00e0             partir de lundi un \u00ab\u00a0geste fort\u00a0\u00bb sur ce terrain dont il avait promis             de faire une des priorit\u00e9s de sa diplomatie.<\/font> <font>M\u00eame si elle a \u00e9t\u00e9 rapidement suivie par la             remise en libert\u00e9 d&rsquo;un opposant, la premi\u00e8re visite de pr\u00e9sident             fran\u00e7ais est loin d&rsquo;avoir convaincu la soci\u00e9t\u00e9 civile et             l&rsquo;opposition tunisiennes.<\/font> <font>\u00ab\u00a0La soci\u00e9t\u00e9 civile a \u00e9t\u00e9 superbement ignor\u00e9e.             Nous n&rsquo;avons eu ni audience, ni contact avec sa d\u00e9l\u00e9gation pendant             les quelques heures qu&rsquo;il a pass\u00e9es sur notre territoire\u00a0\u00bb, d\u00e9plore             le pr\u00e9sident de la Ligue tunisienne des droits de l&rsquo;homme (LTDH), Me             Mokhtar Trifi.<\/font> <font>Apr\u00e8s un entretien avec le pr\u00e9sident Zine El             Abidine Ben Ali, Nicolas Sarkozy avait assur\u00e9 avoir \u00e9voqu\u00e9 \u00ab\u00a0des cas             particuliers\u00a0\u00bb. Deux semaines plus tard, Tunis annon\u00e7ait la gr\u00e2ce de             l&rsquo;avocat Mohamed Abbou, incarc\u00e9r\u00e9 depuis plus de deux ans. Depuis             vingt ans, le r\u00e9gime du pr\u00e9sident Ben Ali est r\u00e9guli\u00e8rement \u00e9pingl\u00e9             par les ONG dans leurs classements des pays les plus r\u00e9pressifs de             la plan\u00e8te. Tunis d\u00e9nonce ces critiques et met en avant son bilan             dans le domaine de l&rsquo;\u00e9ducation et de l&rsquo;\u00e9mancipation des femmes.<\/font> <font>A la veille du retour du pr\u00e9sident fran\u00e7ais             pour une visite d&rsquo;Etat de quarante-huit heures, les d\u00e9fenseurs des             droits de l&rsquo;homme ont fait savoir qu&rsquo;ils esp\u00e9raient beaucoup de             Nicolas Sarkozy.<\/font> <font>\u00ab\u00a0La justice est aux ordres, la corruption se             g\u00e9n\u00e9ralise, la torture est fr\u00e9quente. Le bilan du r\u00e9gime est             d\u00e9sastreux\u00a0\u00bb, r\u00e9sume la pr\u00e9sidente de l&rsquo;Association tunisienne des             femmes d\u00e9mocrates (ATFD) Khadija Cherif. \u00ab\u00a0Cette fois, nous ne nous             voulons pas d&rsquo;une simple lib\u00e9ration comme alibi\u00a0\u00bb. <\/font> <font>\u00ab\u00a0Nicolas Sarkozy ne doit pas tomber dans le             pi\u00e8ge de marchander la lib\u00e9ration d&rsquo;un seul prisonnier, comme en             juillet\u00a0\u00bb, estime Eric Goldstein, de l&rsquo;ONG am\u00e9ricaine Human Rights             Watch (HRW), \u00ab\u00a0il doit poser publiquement la question des droits de             l&rsquo;homme\u00a0\u00bb. \u00ab\u00a0Il a r\u00e9p\u00e9t\u00e9 pendant sa campagne \u00e9lectorale que sa             politique \u00e9trang\u00e8re serait fond\u00e9e sur le respect des droits de             l&rsquo;homme\u00a0\u00bb, insiste Khadija Cherif, \u00ab\u00a0il doit marquer sa diff\u00e9rence             avec ses pr\u00e9d\u00e9cesseurs\u00a0\u00bb.<\/font> <font>En de rappeler le toll\u00e9 suscit\u00e9 en Tunisie par             Jacques Chirac qui, lors d&rsquo;une visite en 2003, avait jug\u00e9 que \u00ab\u00a0le             premier des droits de l&rsquo;Homme, c&rsquo;est de manger, d&rsquo;\u00eatre soign\u00e9, de             recevoir une \u00e9ducation et d&rsquo;avoir un habitat\u00a0\u00bb.<\/font> <font>L&rsquo;Elys\u00e9e a assur\u00e9 que Nicolas Sarkozy, qui             sera accompagn\u00e9 de sa secr\u00e9taire d&rsquo;Etat aux droits de l&rsquo;homme, Rama             Yade, \u00ab\u00a0aurait \u00e0 coeur d&rsquo;\u00e9voquer un certain nombre de dossiers\u00a0\u00bb avec             le pr\u00e9sident Ben Ali.<\/font> <font>\u00ab\u00a0Tout n&rsquo;est pas parfait, mais il est important             de souligner ce que sont les r\u00e9alit\u00e9s de la soci\u00e9t\u00e9 tunisienne             d&rsquo;aujourd&rsquo;hui\u00a0\u00bb, rel\u00e8ve toutefois un diplomate fran\u00e7ais, citant le             statut de la femme \u00ab\u00a0sans \u00e9quivalent dans les pays arabes\u00a0\u00bb ou \u00ab\u00a0le             moratoire sur la peine de mort\u00a0\u00bb. \u00ab\u00a0Un dialogue confiant est peut-\u00eatre             plus productif que des proclamations publiques dont on sait qu&rsquo;elles             ont le don de provoquer une crispation\u00a0\u00bb, insiste-t-il, rappelant la             lib\u00e9ration de Me Abbou.<\/font> <font>Soulignant que la LTDH est interdite de             congr\u00e8s depuis 2005 et que Tunis vient de refuser une mission de la             F\u00e9d\u00e9ration internationale des droits de l&rsquo;homme (FIDH), Me Trifi             continue \u00e0 esp\u00e9rer un \u00ab\u00a0signe\u00a0\u00bb de Paris. \u00ab\u00a0Le commerce, l&rsquo;\u00e9nergie, la             lutte contre le terrorisme, c&rsquo;est important\u00a0\u00bb, conc\u00e8de-t-il, \u00ab\u00a0mais M.             Sarkozy doit aussi utiliser sa grande influence sur la Tunisie pour             y promouvoir la d\u00e9mocratie\u00a0\u00bb. <\/font> \u00a0<\/p>\n<\/div><\/div>\n<div dir=\"ltr\">\n<hr align=\"left\" dir=\"ltr\"\/> <\/div>\n<\/p><\/div>\n<\/p><\/div>\n<div dir=\"ltr\"> <font face=\"Arial\" size=\"2\"> <\/p>\n<div align=\"center\" dir=\"ltr\"> <strong><font size=\"3\">Visite d&rsquo;Etat<\/font><\/strong><\/div>\n<h3 dir=\"ltr\" style=\"color: blue;\">\n<h3 style=\"color: blue;\"><font size=\"3\">Nicolas Sarkozy en Tunisie       pour renforcer les liens \u00e9conomiques<\/font><\/h3>\n<\/h3>\n<p align=\"left\" dir=\"ltr\">Le pr\u00e9sident de la       R\u00e9publique entame lundi une visite d&rsquo;Etat en Tunisie. Au menu des       discussions : un accord de coop\u00e9ration nucl\u00e9aire, ou encore des contrats       pour Airbus et Alstom. Premier partenaire de la Tunisie, la France esp\u00e8re       bien conforter sa position face \u00e0 la concurrence des pays du Golfe.<\/p>\n<div dir=\"ltr\">\n<p align=\"left\" clear=\"both\" dir=\"ltr\">Apr\u00e8s avoir d\u00e9j\u00e0 effectu\u00e9 une         visite au Maroc et en Alg\u00e9rie, Nicolas Sarkozy doit entamer demain lundi         une visite d&rsquo;Etat en Tunisie. Au menu des discussions : coop\u00e9ration         nucl\u00e9aire civile, Union pour la M\u00e9diterran\u00e9e mais aussi droits de         l&rsquo;Homme.<\/p>\n<p align=\"left\" dir=\"ltr\">L&rsquo;enjeu sera n\u00e9anmoins essentiellement         \u00e9conomique. Premier partenaire de la Tunisie, la France voit en effet sa         position historique contest\u00e9e par des liens \u00e9conomiques croissants avec         le Proche Orient. Ainsi en 2002, l&rsquo;Egyptien Orascom commen\u00e7ait par y         remporter un juteux march\u00e9 de t\u00e9l\u00e9phonie mobile aux d\u00e9pends de groupes         fran\u00e7ais et europ\u00e9ens, avant que Dubai Tecom-Dig ne rach\u00e8te 35% du         capital de l&rsquo;op\u00e9rateur public Tunisie t\u00e9l\u00e9com au grand dam de        <a href=\"\" onclick=\"return TRBdrawSociete(event,'FR0000127771')\">        Vivendi<\/a> Universal (1,893 milliard d&rsquo;euros).         Les groupes \u00e9miratis Dubai holding et \u00ab\u00a0Al Ma\u00e2bar international         investements company\u00a0\u00bb arrivent \u00e9galement en force avec de m\u00e9ga-projets         immobiliers et d&rsquo;infrastructure et des engagements annonc\u00e9s de plus de         20 milliards de dollars.         D\u00e8s lundi soir, la France esp\u00e8re donc parapher, \u00e0 la suite d&rsquo;un premier         entretien de Nicolas Sarkozy avec le pr\u00e9sident Zine el Abidine Ben Ali         et un d\u00eener d&rsquo;Etat, un accord cadre de partenariat dans le nucl\u00e9aire         civil. Cet accord, similaire \u00e0 ceux que la France a paraph\u00e9s avec la         Libye, le Maroc et l&rsquo;Alg\u00e9rie, ouvrira notamment la voie \u00e0 la formation         d&rsquo;ing\u00e9nieurs.          L&rsquo;Elys\u00e9e esp\u00e8re aussi voir aboutir d&rsquo;ici lundi soir des discussions sur         la vente d&rsquo;une vingtaine d&rsquo;avions Airbus \u00e0 Tunis Air et la fourniture         par le groupe        <a href=\"\" onclick=\"return TRBdrawSociete(event,'FR0010220475')\">        Alstom<\/a> , pour 300 millions d&rsquo;euros, d&rsquo;\u00e9quipements pour une centrale         thermique.          L&rsquo;Agence fran\u00e7aise du d\u00e9veloppement signera pour sa part avec la Tunisie         sept conventions de financement pour une valeur totale de 140 millions         d&rsquo;euros dans les domaines de l&rsquo;\u00e9nergie, du d\u00e9veloppement durable et du         d\u00e9veloppement urbain.          Nicolas Sarkozy \u00e9voquera en particulier les relations \u00e9conomiques entre         les deux pays mardi, devant 500 entrepreneurs fran\u00e7ais et tunisiens.          Dans les autres domaines \u00e0 l&rsquo;ordre du jour, la gestion concert\u00e9e de         l&rsquo;immigration et la lutte contre l&rsquo;immigration clandestine &#8211; domaines         dans lesquels les Tunisiens attendent une clarification de la position         fran\u00e7aise &#8211; le tourisme, la s\u00e9curit\u00e9 civile, etc. La coop\u00e9ration dans la         lutte contre la menace terroriste, notamment d&rsquo;Al-Qa\u00efda au Maghreb         islamique (AQMI), qui a enlev\u00e9 en f\u00e9vrier deux touristes autrichiens en         Tunisie, figure aussi au menu des entretiens du pr\u00e9sident fran\u00e7ais.          La question la plus sensible risque d&rsquo;\u00eatre toutefois celle des Droits de         l&rsquo;Homme. La France souhaite en effet que le secr\u00e9tariat de la future         Union pour la M\u00e9diterran\u00e9e, initiative d&rsquo;origine fran\u00e7aise reprise par         l&rsquo;Union europ\u00e9enne pour renforcer la coop\u00e9ration entre les deux rives du         bassin m\u00e9diterran\u00e9en, ait son si\u00e8ge sur la rive sud. La Tunisie est         cit\u00e9e comme un candidat possible, ce qui fait grincer les dents des         d\u00e9fenseurs des droits de l&rsquo;Homme.<br clear=\"all\"\/>         \u00a0<\/p>\n<\/div>\n<p align=\"left\" dir=\"ltr\">latribune.fr<\/p>\n<p align=\"left\" dir=\"ltr\"> <font><strong>(Source: La Tribune.fr &#8211;      <script>document.write(TRBshowDate('04\/27\/2008'))<\/script>      04\/27\/08 \u00e0 14:22\u00a0 )<\/strong><\/font><\/p>\n<p align=\"left\" dir=\"ltr\">\u00a0<\/p>\n<div dir=\"ltr\">\n<hr align=\"left\" dir=\"ltr\"\/> <\/div>\n<div dir=\"ltr\">\n<div dir=\"ltr\">\n<h3 class=\"clr\" dir=\"ltr\" style=\"color: blue;\">\n<h4 style=\"color: blue;\"><font size=\"2\">Nicolas           Sarkozy entame lundi une visite de 48h en Tunisie<\/font><\/h4>\n<\/h3><\/div>\n<div dir=\"ltr\">\n<div dir=\"ltr\">\n<div align=\"center\" dir=\"ltr\"> <cite><font><strong>AFP &#8211; Dimanche 27               avril, 09h51<\/strong><\/font><\/cite><\/div>\n<div dir=\"ltr\">\n<p align=\"left\">\u00a0<\/p>\n<\/div>\n<p align=\"left\" dir=\"ltr\">Par Philippe ALFROY<\/p>\n<p align=\"left\" dir=\"ltr\">\u00a0PARIS (AFP) &#8211; Nicolas             Sarkozy entame lundi en Tunisie un s\u00e9jour de quarante-huit heures             largement vou\u00e9 au d\u00e9veloppement de la relation politique et             \u00e9conomique tr\u00e8s \u00e9troite qui unit la France et son ancienne colonie,             \u00e0 peine perturb\u00e9e par l&rsquo;ent\u00eatante question des droits de l&rsquo;Homme.\u00a0<\/p>\n<p> <script language=\"javascript\">if(window.yzq_d==null)window.yzq_d=new Object();window.yzq_d['fSKMKdkMBeg-']='&U=13khplljn%2fN%3dfSKMKdkMBeg-%2fC%3d200089790.201644663.202877918.200555405%2fD%3dLREC%2fB%3d200768391';            <\/script> <noscript><img decoding=\"async\" alt=\"\" height=\"1\" src=\"\" width=\"1\"\/><\/noscript> <\/p>\n<p align=\"left\" dir=\"ltr\">Apr\u00e8s le <a href=\"\">Maroc<\/a>             et l&rsquo;<a href=\"\">Alg\u00e9rie<\/a> l&rsquo;an dernier, le pr\u00e9sident, accompagn\u00e9 de             son \u00e9pouse, conclut chez son homologue tunisien Zine El Abidine Ben             Ali sa premi\u00e8re tourn\u00e9e des pays du Maghreb.<\/p>\n<p align=\"left\" dir=\"ltr\">Il avait par ailleurs             effectu\u00e9 un passage en coup de vent \u00e0 Tunis et Alger en juillet 2007             dans la foul\u00e9e de son \u00e9lection.<\/p>\n<p align=\"left\" dir=\"ltr\">Alors que la France             s&rsquo;appr\u00eate \u00e0 prendre en juillet les r\u00eanes de l&rsquo;<a href=\"\">Union             europ\u00e9enne<\/a>, le nouveau partenariat promu par Nicolas Sarkozy             entre l&rsquo;<a href=\"\">Europe<\/a> et ses voisins du sud via son projet             d&rsquo;Union pour la M\u00e9diterran\u00e9e (UPM) sera au coeur de cette visite             d&rsquo;Etat. Le pr\u00e9sident doit y consacrer l&rsquo;essentiel de son discours             devant les \u00e9tudiants de l&rsquo;Institut national des sciences appliqu\u00e9es             et des technologies de Tunis mercredi.<\/p>\n<p align=\"left\" dir=\"ltr\">Si la France n&rsquo;a obtenu le             ralliement de ses partenaires europ\u00e9ens qu&rsquo;au prix de s\u00e9rieux             amendements, la Tunisie a imm\u00e9diatement soutenu son initiative. A en             croire la presse, le pr\u00e9sident Ben Ali brigue m\u00eame le secr\u00e9tariat             g\u00e9n\u00e9ral de la future entit\u00e9, qui doit \u00eatre lanc\u00e9e en grande pompe             lors d&rsquo;un sommet \u00e0 Paris le 13 juillet.<\/p>\n<p align=\"left\" dir=\"ltr\">Sur un plan bilat\u00e9ral, le             s\u00e9jour de Nicolas Sarkozy aura une nouvelle occasion de c\u00e9l\u00e9brer par             de nombreux accords la relation \u00ab\u00a0remarquable\u00a0\u00bb, \u00ab\u00a0dense\u00a0\u00bb et \u00ab\u00a0apais\u00e9e\u00a0\u00bb,             dit-on \u00e0 Paris, que la France entretient avec un pays souvent             pr\u00e9sent\u00e9 comme son \u00ab\u00a0chouchou\u00a0\u00bb en <a href=\"\">Afrique<\/a> du Nord.<\/p>\n<p align=\"left\" dir=\"ltr\">La France doit ainsi signer             avec Tunis sa premi\u00e8re convention de gestion concert\u00e9e de             l&rsquo;immigration avec un pays maghr\u00e9bin. Ce texte doit renforcer la             lutte contre les clandestins, ouvrir le territoire fran\u00e7ais \u00e0             l&rsquo;immigration professionnelle et favoriser le d\u00e9veloppement dit             \u00ab\u00a0solidaire\u00a0\u00bb entre les deux pays, souligne-t-on \u00e0 l&rsquo;Elys\u00e9e.<\/p>\n<p align=\"left\" dir=\"ltr\">Comme c&rsquo;est devenu la marque             de fabrique de sa diplomatie depuis un an, Paris va offrir \u00e0 Tunis             un acc\u00e8s \u00e0 sa technologie nucl\u00e9aire civile sous la forme             d&rsquo;accord-cadre de coop\u00e9ration. Identique \u00e0 ceux paraph\u00e9s par             Tripoli, Rabat ou Alger, ce texte ouvre la voie \u00e0 l&rsquo;\u00e9ventuelle             livraison, d&rsquo;ici quinze \u00e0 vingt ans, d&rsquo;un ou plusieurs r\u00e9acteurs             nucl\u00e9aires.<\/p>\n<p align=\"left\" dir=\"ltr\">Fid\u00e8le \u00e0 une autre de ses             habitudes, Nicolas Sarkozy, accompagn\u00e9 d&rsquo;une centaine de patrons             tricolores, esp\u00e8re d\u00e9crocher quelques contrats susceptibles de             renforcer la place de la France au premier rang des partenaires             \u00e9conomiques de la Tunisie. Des discussions sont en cours entre             l&rsquo;avionneur europ\u00e9en Airbus et la compagnie Tunis Air pour la             livraison d&rsquo;un nombre ind\u00e9termin\u00e9 d&rsquo;appareils et Alstom figure en             bonne place pour \u00e9quiper une centrale \u00e9lectrique. L&rsquo;Elys\u00e9e n&rsquo;exclut             pas que ces contrats, pas encore \u00ab\u00a0finalis\u00e9s\u00a0\u00bb, le soient pendant la             visite pr\u00e9sidentielle.<\/p>\n<p align=\"left\" dir=\"ltr\">Dans ce ciel sans nuages,             seule la question des atteintes aux droits de l&rsquo;Homme en Tunisie             devrait, une nouvelle fois, perturber le s\u00e9jour de Nicolas Sarkozy.             R\u00e9guli\u00e8rement \u00e9pingl\u00e9es par les rapports internationaux, les             autorit\u00e9s de Tunis ont interdit cette semaine une mission de la             F\u00e9d\u00e9ration internationale des droits de l&rsquo;Homme (FIDH) au motif             qu&rsquo;elle faisait preuve de \u00ab\u00a0partis pris syst\u00e9matiques\u00a0\u00bb contre leur             pays.<\/p>\n<p align=\"left\" dir=\"ltr\">Les ONG tunisiennes et             internationales ont fait savoir qu&rsquo;elles attendaient un \u00ab\u00a0geste fort\u00a0\u00bb             du pr\u00e9sident fran\u00e7ais sur ce terrain. L&rsquo;Elys\u00e9e a promis qu&rsquo;il en             \u00ab\u00a0dira un mot en public\u00a0\u00bb. <\/p>\n<hr align=\"left\" dir=\"ltr\"\/> <\/div>\n<\/p><\/div>\n<\/p><\/div>\n<p> <\/font><\/div>\n<div dir=\"ltr\">\n<div align=\"center\" dir=\"ltr\"> <font face=\"Arial\" size=\"2\">FRANCE &#8211; TUNISIE         <strong><\/p>\n<h4 style=\"color: blue;\"><font>Visite de Nicolas Sarkozy en Tunisie<\/font><\/h4>\n<p><\/strong><\/font><\/div>\n<p> <font face=\"Arial\" size=\"2\"> <\/p>\n<div align=\"justify\" dir=\"ltr\">\n<p align=\"left\">         Dimanche 27 avril 2008      <\/p>\n<\/div>\n<div align=\"justify\" dir=\"ltr\">\n<p align=\"left\"><strong><font>Par France 24 avec<\/font><\/strong>         d\u00e9p\u00eaches      <\/p>\n<\/div>\n<div align=\"justify\" dir=\"ltr\">\n<p align=\"left\"> <strong>Le pr\u00e9sident fran\u00e7ais entame lundi une visite d&rsquo;Etat en Tunisie.         Coop\u00e9ration nucl\u00e9aire civile, Union pour la M\u00e9diterran\u00e9e mais aussi         droits de l&rsquo;Homme seront au centre des discussions.          <\/strong>         Nicolas Sarkozy entame lundi une visite d&rsquo;Etat en Tunisie o\u00f9 il parlera         coop\u00e9ration nucl\u00e9aire civile, Union pour la M\u00e9diterran\u00e9e mais aussi         droits de l&rsquo;Homme.Le pr\u00e9sident fran\u00e7ais, accompagn\u00e9 par son \u00e9pouse Carla         et sept ministres, compl\u00e8tera ainsi sa tourn\u00e9e du Maghreb, o\u00f9 il a d\u00e9j\u00e0         effectu\u00e9 une visite d&rsquo;Etat au Maroc et en Alg\u00e9rie.                  De ces trois pays intimement li\u00e9s \u00e0 la France par le pass\u00e9 colonial         fran\u00e7ais, c&rsquo;est la Tunisie le plus petit (10 millions d&rsquo;habitants). Mais         \u00ab\u00a0c&rsquo;est sans doute avec la Tunisie que nos relations sont les plus         apais\u00e9es\u00a0\u00bb, dit-on \u00e0 l&rsquo;Elys\u00e9e.Dans une interview au quotidien tunisien         Ach-Chourouk, publi\u00e9e dimanche, Nicolas Sarkozy r\u00e9fute l&rsquo;id\u00e9e que la         France soit en train de renoncer \u00e0 sa politique arabe et \u00e0 sa politique         africaine, un \u00ab\u00a0refrain que l&rsquo;on entend depuis des ann\u00e9es.                  <strong>\u00ab\u00a0Le sixi\u00e8me d\u00e9placement au Maghreb\u00a0\u00bb<\/strong>                  \u00ab\u00a0Soulignant qu&rsquo;il s&rsquo;agit de son sixi\u00e8me d\u00e9placement au Maghreb, il         explique cette perception par le fait que la France veut \u00ab\u00a0prendre les         changements en consid\u00e9ration\u00a0\u00bb, tenir compte des \u00e9volutions et s&rsquo;appuyer         sur des projets concrets.\u00a0\u00bbC&rsquo;est cela, une politique arabe, cela s&rsquo;appuie         sur des projets concrets, modernes, qui ont un impact sur la vie         quotidienne des populations\u00a0\u00bb, dit-il en citant par exemple le projet de         cr\u00e9ation de l&rsquo;Universit\u00e9 Dauphine Tunis.                  \u00ab\u00a0En Afrique \u00e9galement, notre attachement au continent africain n&rsquo;a vari\u00e9         ni d&rsquo;intensit\u00e9, ni de profondeur mais plut\u00f4t de m\u00e9thode: nous         travaillons avec l&rsquo;Afrique telle qu&rsquo;elle est, au-del\u00e0 des clivages         linguistiques souvent artificiels ou des clich\u00e9s qui veulent en faire un         continent tragique\u00a0\u00bb, ajoute le pr\u00e9sident fran\u00e7ais.La France et la         Tunisie parapheront lundi soir, entre un premier entretien de Nicolas         Sarkozy avec le pr\u00e9sident Zine el Abidine Ben Ali et un d\u00eener d&rsquo;Etat, un         accord cadre de partenariat dans le nucl\u00e9aire civil.                  Cet accord, similaire \u00e0 ceux que la France a paraph\u00e9s avec la Libye, le         Maroc et l&rsquo;Alg\u00e9rie, ouvrira notamment la voie \u00e0 la          formation d&rsquo;ing\u00e9nieurs.L&rsquo;Elys\u00e9e esp\u00e8re aussi voir aboutir d&rsquo;ici lundi         soir des discussions la vente d&rsquo;une vingtaine d&rsquo;avions Airbus \u00e0 Tunis         Air et la fourniture par le groupe Alstom, pour 300 millions d&rsquo;euros,         d&rsquo;\u00e9quipements pour une centrale thermique.                  L&rsquo;Agence fran\u00e7aise du d\u00e9veloppement signera pour sa part avec la Tunisie         sept conventions de financement pour une valeur totale de 140 millions         d&rsquo;euros dans les domaines de l&rsquo;\u00e9nergie, du d\u00e9veloppement durable et du         d\u00e9veloppement urbain.Des accords seront \u00e9galement sign\u00e9s sur la gestion         concert\u00e9e de l&rsquo;immigration et la lutte contre l&rsquo;immigration clandestine         &#8211; domaines dans lesquels les Tunisiens attendent une clarification de la         position fran\u00e7aise &#8211; le tourisme, la s\u00e9curit\u00e9 civile, etc.                  La coop\u00e9ration dans la lutte contre la menace terroriste, notamment         d&rsquo;Al-Qa\u00efda au Maghreb islamique (AQMI), qui a enlev\u00e9 en f\u00e9vrier deux         touristes autrichiens en Tunisie, figure aussi au menu des entretiens du         pr\u00e9sident fran\u00e7ais.Nicolas Sarkozy \u00e9voquera les relations \u00e9conomiques         entre les deux pays mardi, devant 500 entrepreneurs fran\u00e7ais et         tunisiens.La France, o\u00f9 vit une communaut\u00e9 tunisienne de 600.000 \u00e2mes         dont 10.000 \u00e9tudiants, est le premier partenaire \u00e9conomique de la         Tunisie et son premier pourvoyeur d&rsquo;aides.                  <strong>Droits de l&rsquo;Homme<\/strong>                  La France souhaite que le secr\u00e9tariat de la future Union pour la         M\u00e9diterran\u00e9e, initiative d&rsquo;origine fran\u00e7aise reprise par l&rsquo;Union         europ\u00e9enne pour renforcer la coop\u00e9ration entre les deux rives du bassin         m\u00e9diterran\u00e9en, ait son si\u00e8ge sur la rive sud. La Tunisie est cit\u00e9e comme         un candidat possible, ce qui fait grincer les dents des d\u00e9fenseurs des         droits de l&rsquo;Homme.\u00a0\u00bbLe r\u00e9gime va utiliser cette visite comme un signe de         soutien. Nous esp\u00e9rons que Nicolas Sarkozy ne va pas tomber dans le         panneau et se r\u00e9pandre en louanges\u00a0\u00bb, a d\u00e9clar\u00e9 \u00e0 Reuters Moncef         Marzouki, opposant en exil en France.                  \u00ab\u00a0Ce serait la pire des choses pour les d\u00e9mocrates et les opposants\u00a0\u00bb, a         ajout\u00e9 l&rsquo;ancien pr\u00e9sident de la Ligue tunisienne          des droits de l&rsquo;Homme, qui esp\u00e8re que le pr\u00e9sident fran\u00e7ais demandera         notamment la lib\u00e9ration d&rsquo;un journaliste emprisonn\u00e9 apr\u00e8s avoir d\u00e9nonc\u00e9         la corruption, Salim Bokhdir.L&rsquo;organisation Transparency International         place la Tunisie          au 61e rang, sur 180 pays, dans son indice de perception de la         corruption.                  Le pouvoir tunisien est r\u00e9guli\u00e8rement accus\u00e9 d&rsquo;attenter aux libert\u00e9s         fondamentales et de r\u00e9primer toute contestation sous couvert de         combattre le terrorisme et l&rsquo;extr\u00e9misme islamique.\u00a0 Amnesty         International et Human Rights Watch font \u00e9tat de cas de mauvais         traitements et m\u00eame de torture.\u00a0\u00bbS&rsquo;agissant des droits de l&rsquo;Homme,         naturellement le pr\u00e9sident de la R\u00e9publique en dira un mot public,         d&rsquo;abord parce que nous estimons juste de souligner les acquis r\u00e9els de         deux g\u00e9n\u00e9rations d&rsquo;ind\u00e9pendance de la Tunisie\u00a0\u00bb, notamment en mati\u00e8re de         statut de la femme, d\u00e9clare l&rsquo;entourage de Nicolas Sarkozy.                  L&rsquo;Elys\u00e9e fait valoir qu&rsquo;un \u00ab\u00a0dialogue confiant et franc\u00a0\u00bb peut s&rsquo;av\u00e9rer         \u00ab\u00a0plus productif que des proclamations publiques\u00a0\u00bb qui ont \u00ab\u00a0le don de         provoquer une crispation\u00a0\u00bb et cite en exemple la lib\u00e9ration de l&rsquo;avocat         Mohammed Abbou, en juillet 2007, apr\u00e8s une visite de travail de Nicolas         Sarkozy \u00e0 Tunis.                  <strong>Deux journalistes en gr\u00e8ve de la faim<\/strong>                  Le r\u00e9dacteur en chef et le directeur d&rsquo;Al-Mawkif organe d&rsquo;un parti         d&rsquo;opposition tunisien, Rachid Kh\u00e9chana et Mongi Ellouze, ont annonc\u00e9         samedi commencer une gr\u00e8ve de la faim pour protester contre des         vexations visant, selon eux, \u00e0 \u00e9touffer le journal hebdomadaire. \u00ab\u00a0Nous         commen\u00e7ons une gr\u00e8ve de la faim illimit\u00e9e jusqu&rsquo;\u00e0 la cessation des         manoeuvres administratives et judicaires provoqu\u00e9es par le pouvoir pour         \u00e9touffer Al-Mawkef\u00a0\u00bb, ont-ils d\u00e9clar\u00e9 lors d&rsquo;une conf\u00e9rence de presse au         si\u00e8ge du journal et du Parti d\u00e9mocratique progressiste (PDP, l\u00e9gal).                  \u00a0\u00a0          Ils ont \u00e9voqu\u00e9 des \u00ab\u00a0saisies r\u00e9p\u00e9t\u00e9es\u00a0\u00bb du journal et affirm\u00e9 \u00eatre l&rsquo;objet         de \u00ab\u00a0manoeuvres politiques en forme de proc\u00e9dures judicaires et         administratives\u00a0\u00bb. \u00ab\u00a0La situation est intol\u00e9rable, notre journal ne re\u00e7oit         pas de publicit\u00e9s, ne vit que de ses ventes et se retrouve aujourd&rsquo;hui         menac\u00e9 de disparition\u00a0\u00bb, s&rsquo;est alarm\u00e9 M. kh\u00e9chana.         \u00a0         L&rsquo;annonce de cette gr\u00e8ve, qui intervient 48 heures avant une visite         d&rsquo;Etat du pr\u00e9sident fran\u00e7ais Nicolas Sarkozy \u00e0 Tunis, a \u00e9t\u00e9 qualifi\u00e9e de         \u00ab\u00a0manoeuvre d\u00e9magogique et opportuniste\u00a0\u00bb par les autorit\u00e9s.<\/p>\n<\/div>\n<div align=\"justify\" dir=\"ltr\">\n<p align=\"left\">\u00a0<\/p>\n<\/div>\n<div align=\"justify\" dir=\"ltr\">\n<p align=\"left\"><font><strong>(Source: \u00ab\u00a0France 24\u00a0\u00bb le 27         avril 2008)<\/strong><\/font><\/p>\n<\/div>\n<div align=\"justify\" dir=\"ltr\"> <strong><\/p>\n<hr align=\"left\" dir=\"ltr\"\/><\/strong> <\/div>\n<div align=\"justify\" dir=\"ltr\">\n<p align=\"left\">\u00a0<\/p>\n<\/div>\n<div align=\"justify\" dir=\"ltr\"> <font> <\/p>\n<div align=\"center\" dir=\"ltr\">\n<h4 style=\"color: blue;\"><font size=\"3\"><strong>Sarkozy en Tunisie: \u00ab\u00a0soutien\u00a0\u00bb \u00e0           Ben Ali<\/strong><\/font><\/h4>\n<\/p><\/div>\n<div dir=\"ltr\">\n<p align=\"left\">           Le pr\u00e9sident Nicolas Sarkozy se rendra demain en Tunisie pour exprimer           son \u00ab\u00a0estime\u00a0\u00bb et son \u00ab\u00a0soutien\u00a0\u00bb \u00e0 son homologue tunisien Zine El Abidine           Ben Ali, d\u00e9clare-t-il dans un entretien publi\u00e9 dimanche dans le           quotidien arabophone tunisien Ach-Chourouk.                      \u00ab\u00a0C&rsquo;est mon second d\u00e9placement en Tunisie en moins d&rsquo;un an, signe de           mon souci de poursuivre et d&rsquo;approfondir la relation bilat\u00e9rale. Je           (viens) dire mon estime et mon soutien au pr\u00e9sident Ben Ali (&#8230;). Les           relations franco-tunisiennes sont excellentes, tant par leur densit\u00e9           que par leur diversit\u00e9\u00a0\u00bb, insiste-t-il.                      Interrog\u00e9 sur la politique de Paris vis-\u00e0-vis des pays arabes et           africains, M. Sarkozy estime qu&rsquo;il y a \u00ab\u00a0des esprits chagrins pour           lesquels une +politique arabe+, une +politique africaine+ sont des           donn\u00e9es immuables, grav\u00e9es dans le marbre, qui ne sont pas           susceptibles d&rsquo;\u00e9voluer alors m\u00eame que ces r\u00e9gions du monde changent\u00a0\u00bb.           \u00ab\u00a0De mon point de vue, ce serait faire insulte au monde arabe, \u00e0           l&rsquo;Afrique, que de conserver \u00e0 leur \u00e9gard une politique qui ne prenne           pas ces changements en consid\u00e9ration\u00a0\u00bb, ajoute-t-il.                      Source : AFP<\/p>\n<\/div>\n<div dir=\"ltr\">\n<p align=\"left\"><strong>(Source: Lefigaro.fr le 27 avril 2008)<\/strong><\/p>\n<\/div>\n<p> <\/font> <\/div>\n<p> <\/font><\/p>\n<hr align=\"left\" dir=\"ltr\"\/> <\/div>\n<div dir=\"ltr\"> <font face=\"Arial\" size=\"2\"> <\/p>\n<h4 dir=\"ltr\" style=\"color: blue;\"> <span lang=\"FR\"><font face=\"Verdana\"> <o:p><\/p>\n<h4 style=\"color: blue;\"><font face=\"Times New Roman\">\u00a0      <font face=\"Arial\" size=\"3\">Articles publi\u00e9s dans les journaux fran\u00e7ais       (Choisis et s\u00e9lectionn\u00e9s par Fathi Abdelbaki)<\/font><\/font><\/h4>\n<p><\/o:p><\/font><\/span><\/h4>\n<h4 align=\"left\" dir=\"ltr\" style=\"color: blue;\"> <font size=\"2\"><span lang=\"FR\">Ren\u00e9 Naba\u00a0: \u00ab\u00a0Le monde arabe se trouve sous       tutelle\u00a0\u00bb<\/span><\/font><\/h4>\n<p align=\"left\" dir=\"ltr\"> <span lang=\"FR\"> <o:p><font face=\"Times New Roman\" size=\"3\">\u00a0<\/font><\/o:p><\/span><\/p>\n<div dir=\"ltr\">\n<p align=\"left\"><span><span lang=\"FR\">mercredi 23 avril         2008<\/span><\/span><span lang=\"FR\"> <\/span> \u00a0<\/p>\n<\/div>\n<p align=\"left\" dir=\"ltr\"> <span lang=\"FR\">Nous inaugurons aujourd\u2019hui sur OummaTV, une s\u00e9rie       d\u2019entretiens avec Ren\u00e9 Naba, journaliste-\u00e9crivain, \u00e9minent sp\u00e9cialiste du       monde arabo-musulman , auteur de plusieurs livres dont \u00ab\u00a0Liban\u00a0:       chroniques d\u2019un pays en sursis\u00a0\u00bb aux \u00e9ditions du Cygne, janvier 2008. Dans       cet entretien Ren\u00e9 Naba dresse un bilan sans concession de la situation du       monde arabe.<\/span><\/p>\n<p align=\"left\" dir=\"ltr\"> <span lang=\"FR\">Pour visualiser cliquez sur le lien ci-dessous\u00a0:<\/span><\/p>\n<div dir=\"ltr\">\n<p align=\"left\" dir=\"ltr\"> <span lang=\"FR\">lien\u00a0<b>: <\/b> <a href=\"http:\/\/www.oumma.com\/Rene-Naba-Le-monde-arabe-se-trouve\" target=\"_blank\" rel=\"noopener\">        http:\/\/www.oumma.com\/Rene-Naba-Le-monde-arabe-se-trouve<\/a> <\/span> <\/p>\n<\/div>\n<h4 dir=\"ltr\" style=\"color: blue;\"> <span lang=\"FR\"><font size=\"3\"><\/p>\n<h4 style=\"color: blue;\"><font>Salah Hamrouni       condamn\u00e9 \u00e0 7 ans de prison ferme<\/font><\/h4>\n<p> <\/font><\/span><\/h4>\n<div dir=\"ltr\">\n<p align=\"left\"><span><span lang=\"FR\">Par <a href=\"\">l\u2019Union         Juive Fran\u00e7aise pour la Paix<\/a><\/span><\/span><span lang=\"FR\"> <\/span><span><span lang=\"FR\">lundi 21 avril 2008<\/span><\/span><span lang=\"FR\"> <\/span> \u00a0<\/p>\n<\/div>\n<p align=\"left\" dir=\"ltr\"><strong> <span lang=\"FR\"><font>Salah Hamrouni est-il un citoyen de       seconde zone\u00a0?<\/font><\/span><\/strong><\/p>\n<p align=\"left\" dir=\"ltr\"> <span lang=\"FR\">Alors que le gouvernement fran\u00e7ais cherche \u00e0 d\u00e9montrer       qu\u2019il d\u00e9fend ses citoyens o\u00f9 qu\u2019ils se trouvent dans le monde, il       abandonne Salah Hammouri \u00e0 l\u2019arbitraire de la justice coloniale des       tribunaux militaires d\u2019exception, dans les Territoires Occup\u00e9s       Palestiniens. Salah Hammouri a en effet le tort d\u2019\u00eatre \u00e0 la fois citoyen       fran\u00e7ais et palestinien. Or la politique de soutien inconditionnel \u00e0       Isra\u00ebl adopt\u00e9e par le gouvernement fran\u00e7ais fait qu\u2019il refuse d\u2019agir pour       la d\u00e9fense de Salah, jouant justement sur cette double nationalit\u00e9. De la       m\u00eame mani\u00e8re il refuse d\u2019intervenir et de condamner les innombrables       violations des droits humains commises par Isra\u00ebl.<\/span><\/p>\n<p align=\"left\" dir=\"ltr\"><strong> <span lang=\"FR\"><font>Salah Hammouri a d\u00e9j\u00e0 effectu\u00e9 3 ans       de prison pour un seul d\u00e9lit d\u2019intention\u00a0!<\/font><\/span><\/strong><span lang=\"FR\">       Il aurait fait partie d\u2019un groupe cherchant \u00e0 attaquer une personnalit\u00e9       religieuse isra\u00e9lienne. Aucune preuve n\u2019a \u00e9t\u00e9 apport\u00e9e sur cette intention       ni pendant ses trois ans de d\u00e9tention administrative ni lors de son proc\u00e8s       le 10 avril.<font> <\/font><strong><font>Le       d\u00e9lit d\u2019intention n\u2019existe dans aucun paysd\u00e9mocratique<\/font>.<\/strong>       Salah a du accepter le \u00ab\u00a0plea-bargain\u00a0\u00bb* lui proposant 7 ans de prison,       pour \u00e9viter le verdict plus dur encore qui lui \u00e9tait promis. Il vient       d\u2019\u00eatre condamn\u00e9 \u00e0 7 ans de prison ferme plus deux ans de mise \u00e0 l\u2019\u00e9preuve.<\/span><\/p>\n<p align=\"left\" dir=\"ltr\"> <span lang=\"FR\">Il lui reste donc 4 ann\u00e9es de prison \u00e0 effectuer, pour       quel d\u00e9lit\u00a0? Ce type de proc\u00e8s est un d\u00e9ni de droit. Le ministre des       affaires \u00e9trang\u00e8res Bernard Kouchner que l\u2019UJFP a plusieurs fois saisi,       s\u2019est jusqu\u2019ici content\u00e9 de regretter que son proc\u00e8s soit toujours remis,       et de promettre d\u2019agir pour qu\u2019il ait lieu. Il n\u2019a jamais exig\u00e9 aupr\u00e8s de       ses interlocuteurs isra\u00e9liens la lib\u00e9ration de Salah. Le r\u00e9sultat, c\u2019est       une condamnation tr\u00e8s lourde et totalement injustifi\u00e9e. Le sous-entendu de       cette position \u00e9tant que s\u2019il y avait proc\u00e8s ce proc\u00e8s serait juste,       Isra\u00ebl \u00e9tant un Etat de droit. <strong><font>Tel n\u2019est pas       le cas<\/font>\u00a0:<\/strong> Aujourd\u2019hui des milliers de Palestiniens, hommes       femmes et enfants sont aujourd\u2019hui retenus dans les prisons isra\u00e9liennes,       le plus souvent sans preuve, sans acte d\u2019accusation, donc sans proc\u00e8s       parfois pendant des ann\u00e9es.<\/span><\/p>\n<p align=\"left\" dir=\"ltr\"> <span lang=\"FR\">Beaucoup parmi eux sont ou ont \u00e9t\u00e9 soumis \u00e0 la torture\u2026       Leur seul tort, comme Salah, est d\u2019\u00eatre Palestiniens. A une justice       isra\u00e9lienne \u00e0 deux vitesses, correspondrait-il ainsi une politique       fran\u00e7aise \u00e0 deux vitesses\u00a0: intervenir pour des soldats de l\u2019arm\u00e9e       isra\u00e9lienne d\u2019occupation faits prisonniers lors d\u2019op\u00e9rations militaires,       parce qu\u2019ils sont franco isra\u00e9liens, et abandonner le civil Salah Hamouri       parce qu\u2019il est franco \u2013palestinien\u00a0? Tous les hommes et les femmes       engag\u00e9s dans le combat pour le respect des droits doivent exiger -au nom       des principes du droit- \u00e9galit\u00e9 de traitement et protection de tous les       citoyens fran\u00e7ais par leur gouvernement. Ensemble, nous devons agir pour       que le gouvernement fran\u00e7ais d\u00e9fende Salah Hammouri contre l\u2019arbitraire       comme il d\u00e9fend d\u2019autres citoyens fran\u00e7ais pris en otage dans le reste du       monde.<\/span><\/p>\n<p align=\"left\" dir=\"ltr\"> <span lang=\"FR\">Jamais le gouvernement fran\u00e7ais n\u2019a rendu public le fait       qu\u2019un citoyen fran\u00e7ais croupisse dans les ge\u00f4les isra\u00e9liennes. La       conspiration du silence dont se rendent complices les media fran\u00e7ais doit       cesser. Le cas de Salah Hammouri doit \u00eatre \u00e9voqu\u00e9 au m\u00eame titre que ceux       de tous les otages fran\u00e7ais. Nous voulons voir le portrait de Salah       Hammouri devant les mairies de France et l\u2019h\u00f4tel de ville de Paris \u00e0 c\u00f4t\u00e9       des autres otages fran\u00e7ais \u00e0 l\u2019\u00e9tranger. Il doit \u00eatre clair pour le       gouvernement fran\u00e7ais qu\u2019\u00eatre franco- palestinien n\u2019est pas un crime       passible de 7 ans de prison.<\/span><\/p>\n<p align=\"left\" dir=\"ltr\"> <span lang=\"FR\">L\u2019UJFP demande imm\u00e9diatement \u00e0 rencontrer le ministre des       Affaires \u00e9trang\u00e8res pour exiger une intervention urgente du gouvernement       afin que cesse cette mascarade de justice et que notre concitoyen Salah       Hammouri soit lib\u00e9r\u00e9.<\/span><\/p>\n<p align=\"left\" dir=\"ltr\"><i> <span lang=\"FR\">*plea bargain\u00a0: proc\u00e9dure de compromis propos\u00e9 avant le       verdict, h\u00e9rit\u00e9e du droit anglo-saxon<\/span><\/i><\/p>\n<h4 align=\"left\" dir=\"ltr\" style=\"color: blue;\"> <span lang=\"FR\"><u><font size=\"2\">l\u2019Union Juive Fran\u00e7aise       pour la Paix<\/font><\/u><\/span><\/h4>\n<p align=\"left\" dir=\"ltr\"> <span lang=\"FR\"> <o:p><span><u><strong>\u00a0<\/strong><\/u><\/span><\/o:p><\/span><\/p>\n<p align=\"left\" dir=\"ltr\"> <span lang=\"FR\"><strong>lien\u00a0<\/strong><\/span><span lang=\"FR\"><font size=\"2\">:      <\/font><a href=\"\"><span><font size=\"2\">      http:\/\/www.oumma.com\/Salah-Hamrouni-condamne-a-7-ans-de<\/font><\/span><\/a><\/span><span lang=\"FR\"><strong> <\/strong><\/span><\/p>\n<div dir=\"ltr\">\n<p align=\"left\" dir=\"ltr\"> <u><span lang=\"FR\"> <o:p><span><strong>\u00a0<\/strong><\/span><\/o:p><\/span><\/u><\/p>\n<\/div>\n<div align=\"center\" dir=\"ltr\">\n<p align=\"left\">\u00a0<\/p>\n<\/div>\n<div align=\"center\" dir=\"ltr\">\n<h4 style=\"color: blue;\"><font size=\"3\"><strong>Ces patrons qui soutiennent leurs         employ\u00e9s\u00a0 sans-papiers<\/strong><\/font><\/h4>\n<\/div>\n<p> <\/font> <\/p>\n<div dir=\"ltr\">\n<p align=\"left\">Patron de G\u00e9o Est, entreprise de sondages situ\u00e9e en         r\u00e9gion parisienne, Hamid Hosseini n\u2019a pas regard\u00e9, jeudi 24 avril,         l\u2019entretien t\u00e9l\u00e9vis\u00e9 du chef de l\u2019Etat. Mais lorsqu\u2019il a entendu \u00e0 la         radio, vendredi matin, que M. Sarkozy avait raill\u00e9 \u00ab l\u2019hypocrisie \u00bb des         patrons qui d\u00e9couvrent soudainement la situation de leurs travailleurs         sans papiers, il n\u2019a pas du tout appr\u00e9ci\u00e9 d\u2019\u00eatre assimil\u00e9 \u00e0 un \u00ab voyou         \u00bb. \u00ab Si j\u2019\u00e9tais un \u00ab voyou \u00bb, j\u2019aurais embauch\u00e9 mon salari\u00e9 au noir.         Quel int\u00e9r\u00eat aurais-je \u00e0 prendre un sans-papiers en le d\u00e9clarant ? \u00bb,         s\u2019exclame-t-il.         Ce chef d\u2019entreprise assure \u00eatre tomb\u00e9 des nues lorsqu\u2019un de ses douze         salari\u00e9s lui a avou\u00e9 qu\u2019il avait de faux papiers. \u00ab Il travaille pour         nous depuis cinq ans. C\u2019est m\u00eame un de nos meilleurs \u00e9l\u00e9ments. Je lui         verse un salaire correct de 1 800 euros \u00bb, explique M. Hosseini, qui se         dit pr\u00eat \u00e0 tout faire pour le garder.         Comme lui, ils sont de plus en plus nombreux \u00e0 oser parler \u00e0 visage         d\u00e9couvert pour soutenir la demande de r\u00e9gularisation de leurs employ\u00e9s         sans titre de s\u00e9jour. Tous r\u00e9cusent la caricature \u00ab d\u2019esclavagistes \u00bb         qui emploieraient d\u00e9lib\u00e9r\u00e9ment des travailleurs irr\u00e9guliers pour mieux         les exploiter.         Jean-Charles Diehl, 63 ans, restaurateur basque install\u00e9 \u00e0 Saint-Maurice         (Val-de-Marne), dit qu\u2019il a \u00ab morfl\u00e9 \u00bb pour avoir \u2013 \u00ab \u00e0 son insu \u00bb \u2013         embauch\u00e9, en 2003, Dram\u00e9 Demba. Mais \u00e9galement un autre cuisinier et un         plongeur, qui lui ont pr\u00e9sent\u00e9 de faux titres de s\u00e9jour lors de leurs         entretiens d\u2019embauche. Apr\u00e8s un contr\u00f4le en novembre 2007, M. Diehl a         \u00e9t\u00e9 plac\u00e9 en garde \u00e0 vue, puis renvoy\u00e9 devant le tribunal correctionnel         de Cr\u00e9teil. \u00ab On m\u2019a trait\u00e9 comme un d\u00e9linquant, s\u2019indigne-t-il. Moi,         n\u00e9grier ? Alors pourquoi je paie mes employ\u00e9s plus de 1 800 euros brut ?         \u00bb Le 7 mars, les juges l\u2019ont reconnu coupable de \u00ab travail dissimul\u00e9 \u00bb         et d\u2019 \u00bbemploi d\u2019un \u00e9tranger \u00bb. Avec l\u2019obligation de se s\u00e9parer de ses         salari\u00e9s.         \u00ab Les licencier a \u00e9t\u00e9 un d\u00e9chirement \u00bb, raconte M. Diehl. Malgr\u00e9 les         amendes et les frais d\u2019avocats \u2013 soit 4 000 euros au total -, le         restaurateur a d\u00e9cid\u00e9 de remplir un dossier de r\u00e9gularisation pour         chacun de ses ex-employ\u00e9s, qu\u2019il consid\u00e8re comme ses \u00ab fils \u00bb. \u00ab Je me         dois de les \u00e9pauler, je suis humainement responsable d\u2019eux \u00bb,         affirme-t-il. \u00ab \u00c7a fait quatre mois qu\u2019ils attendent une r\u00e9ponse,         s\u2019irrite M. Diehl. J\u2019ai besoin d\u2019eux dans mon restaurant. \u00bb         Pour ces patrons, soutenir la r\u00e9gularisation de leurs salari\u00e9s va de         soi. \u00ab C\u2019est une \u00e9vidence \u00e9conomique \u00bb, souligne Johann Le Goff,         coordinateur du r\u00e9cent Groupement des entreprises pour la r\u00e9gularisation         de leurs salari\u00e9s (GERS).         En trois mois, Djamila Sarrar, g\u00e9rante d\u2019une entreprise de nettoyage en         banlieue parisienne, a perdu trois de ses huit salari\u00e9s. Deux ont quitt\u00e9         l\u2019entreprise lorsqu\u2019elle a inform\u00e9 ses employ\u00e9s qu\u2019elle allait v\u00e9rifier         l\u2019authenticit\u00e9 de leurs papiers. \u00ab Ayant appris par la pr\u00e9fecture que le         troisi\u00e8me avait de faux papiers, je l\u2019ai aussit\u00f4t licenci\u00e9 \u00bb, indique         Mme Sarrar, qui s\u2019est \u00ab sentie tromp\u00e9e \u00bb : \u00ab Cela faisait quatre ans         qu\u2019il travaillait chez nous en CDI. J\u2019avais confiance en lui. \u00bb*         Mais elle ne souhaite d\u00e9sormais qu\u2019une chose, c\u2019est de pouvoir le         r\u00e9embaucher. \u00ab Au d\u00e9part, j\u2019ai cru pouvoir le remplacer \u00bb,         raconte-t-elle. Elle s\u2019est tourn\u00e9e vers l\u2019ANPE, l\u2019int\u00e9rim, et la mission         locale \u00ab car dans les quartiers, dit-elle, il y a des gens qui veulent         travailler \u00bb. En vain. Parmi les candidatures qui lui ont \u00e9t\u00e9         pr\u00e9sent\u00e9es, \u00ab aucun ne correspondait au poste \u00bb. \u00ab Je ne peux pas faire         travailler en hauteur quelqu\u2019un qui a peur du vide \u00bb, souligne-t-elle.         Pour Hamid Hosseini, le France du probl\u00e8me est l\u00e0 : \u00ab On ne trouve         personne qui accepte de travailler dans notre m\u00e9tier. Le petit Jean-Paul         du coin, il ne veut pas mettre les pieds dans la boue&#8230; \u00bb Embaucher un         travailleur \u00e9tranger arriv\u00e9 l\u00e9galement en France ? M. Hosseini n\u2019y est         pas oppos\u00e9. \u00ab Mais, s\u2019interroge-t-il, cela a-t-il un sens de renvoyer         des gens qui travaillent, payent des imp\u00f4ts, en qui nous avons         confiance, et d\u2019en faire venir d\u2019autres qu\u2019il va falloir former pendant         un an ? \u00bb         \u00a0         <font><strong>Mustapha Kessous et Laetitia Van Eeckhout,         Le Monde, article paru dans l\u2019\u00e9dition du 26\/04\/08         <\/strong><\/font>\u00a0         <font><strong>http         :\/\/www.lemonde.fr\/societe\/article\/2008\/04\/26\/ces-patrons-qui-soutiennent-leurs-employes-sans-papiers_1038813_3224.html#ens_id=1031066<\/strong><\/font><\/p>\n<hr\/><\/div>\n<div dir=\"ltr\">\n<p align=\"left\">\u00a0<\/p>\n<\/div>\n<div align=\"center\" dir=\"ltr\">\n<h5 style=\"color: blue;\"><font size=\"3\"><strong>L&rsquo;image tr\u00e8s d\u00e9grad\u00e9e de la         France en Afrique<\/strong><\/font><\/h5>\n<\/div>\n<div dir=\"ltr\">\n<p align=\"left\">\u00a0         \u00a0         Comme deux vieilles connaissances fatigu\u00e9es l&rsquo;une de l&rsquo;autre, l&rsquo;Afrique         et la France ne se comprennent plus. Non seulement Paris perd pied sur         le continent noir, mais son image se d\u00e9grade. Objet de d\u00e9bat depuis         quelques ann\u00e9es, cette r\u00e9alit\u00e9 est d\u00e9sormais officiellement reconnue et         pr\u00e9occupe le sommet de l&rsquo;Etat. Multiforme, le constat est dress\u00e9 dans un         ensemble de t\u00e9l\u00e9grammes r\u00e9dig\u00e9s \u00e0 la demande du Quai d&rsquo;Orsay \u00e0 l&rsquo;automne         2007 par 42 ambassadeurs en poste en Afrique, et dont Le Monde a pris         connaissance. Pareil \u00e9tat des lieux tend \u00e0 plaider en faveur de la         \u00ab\u00a0rupture\u00a0\u00bb dans la politique de la France en Afrique promise par Nicolas         Sarkozy. \u00ab\u00a0Rupture\u00a0\u00bb que des proches du pr\u00e9sident fran\u00e7ais semblent         remettre en cause.         L&rsquo;image de la France \u00ab\u00a0oscille entre attirance et r\u00e9pulsion dans nos         anciennes colonies, au gr\u00e9 du soutien politique ou des interventions,         militaires notamment, dont ont fait l&rsquo;objet ces pays\u00a0\u00bb, constate un         t\u00e9l\u00e9gramme de synth\u00e8se. \u00ab\u00a0La France n&rsquo;est plus la r\u00e9f\u00e9rence unique ni         m\u00eame primordiale en Afrique. Les Fran\u00e7ais ont du mal \u00e0 l&rsquo;admettre\u00a0\u00bb,         ajoute un diplomate qui a particip\u00e9 \u00e0 ce travail. A l&rsquo;entendre, tout se         passe comme si le temps s&rsquo;\u00e9tait arr\u00eat\u00e9 : les Africains \u00ab\u00a0jugent la France         \u00e0 l&rsquo;aune des travers du pass\u00e9 alors que Elf, c&rsquo;est fini\u00a0\u00bb.         De leur c\u00f4t\u00e9, les Fran\u00e7ais ignorent que les Africains entrent dans la         mondialisation \u00ab\u00a0plus vite qu&rsquo;on ne le croit\u00a0\u00bb et sont d\u00e9sormais courtis\u00e9s         par tous les pays \u00e9mergents (Chine, Inde, Br\u00e9sil) et par les Etats-Unis.         \u00ab\u00a0Loin de la pens\u00e9e mis\u00e9rabiliste, (&#8230;) les progr\u00e8s accomplis par         l&rsquo;Afrique sont importants et largement sous-estim\u00e9s par l&rsquo;opinion et les         observateurs\u00a0\u00bb, estime le document, \u00e9labor\u00e9 pour tenter de rem\u00e9dier \u00e0         l&rsquo;effet d\u00e9sastreux produit par le discours de Nicolas Sarkozy \u00e0 Dakar en         juillet 2007.         Le soutien apport\u00e9 par Paris \u00e0 des potentats africains est l&rsquo;une des         composantes de ce d\u00e9samour. La pr\u00e9sence de bases militaires \u00ab\u00a0alimente le         fantasme d&rsquo;une France qui n&rsquo;agit qu&rsquo;au profit de gouvernements iniques         et pour des causes opaques\u00a0\u00bb, alors que la situation dans les pays en         question (Gabon, Cameroun, Tchad et Congo) est plut\u00f4t meilleure que dans         d&rsquo;anciennes colonies britanniques, estiment les responsables fran\u00e7ais,         qui citent le Zimbabwe. \u00ab\u00a0On nous reproche \u00e0 la fois de trop intervenir         et de l\u00e2cher l&rsquo;Afrique. Quoi qu&rsquo;on fasse, on a tort\u00a0\u00bb, r\u00e9sume l&rsquo;un d&rsquo;eux.         La voracit\u00e9 pr\u00eat\u00e9e \u00e0 la France en mati\u00e8re d&rsquo;exploitation des ressources         naturelles p\u00e8se aussi. L\u00e0 encore, l&rsquo;id\u00e9e selon laquelle Paris tire         toutes les ficelles dans ses ex- colonies rel\u00e8ve du leurre, assurent les         diplomates, puisque les principaux int\u00e9r\u00eats fran\u00e7ais se situent en         Afrique anglophone. Le Nigeria et l&rsquo;Afrique du Sud concentrent la moiti\u00e9         des \u00e9changes fran\u00e7ais avec le continent. L&rsquo;Afrique ne p\u00e8se d&rsquo;ailleurs         que pour 0,5 % dans le commerce ext\u00e9rieur de la France, contre 40 % en         1957.         Les Africains francophones ont \u00ab\u00a0l&rsquo;impression d&rsquo;\u00eatre d\u00e9laiss\u00e9s, voire de         ne pas \u00eatre pay\u00e9s en retour par une France en repli (immigration, visas,         r\u00e9duction de l&rsquo;aide, traitement des anciens combattants)\u00a0\u00bb, ass\u00e8nent         encore les t\u00e9l\u00e9grammes, pointant \u00ab\u00a0le risque r\u00e9el que les jeunes         g\u00e9n\u00e9rations se d\u00e9tournent de la France\u00a0\u00bb. L&rsquo;ennui est que la France n&rsquo;a         plus les moyens de ses ambitions. Son immense r\u00e9seau de coop\u00e9rants a         presque disparu et elle ne ma\u00eetrise qu&rsquo;un tiers du volume de son aide,         le reste se partageant entre la r\u00e9duction de la dette et l&rsquo;aide         distribu\u00e9e via l&rsquo;Union europ\u00e9enne. En cons\u00e9quence, les r\u00e9alisations         fran\u00e7aises sont mal identifi\u00e9es et moins visibles que les immenses         stades ou palais des congr\u00e8s construits par les Chinois. Certaines         ambassades vont jusqu&rsquo;\u00e0 plaider pour une d\u00e9-communautarisation des         budgets.         Le d\u00e9pit africain se nourrit aussi du rejet d&rsquo;une France \u00ab\u00a0donneuse de         le\u00e7ons\u00a0\u00bb, insistent les diplomates, qui constatent aujourd&rsquo;hui les         \u00ab\u00a0d\u00e9g\u00e2ts durables\u00a0\u00bb produits par l&rsquo;affaire de L&rsquo;Arche de Zo\u00e9.         Un foss\u00e9 s&rsquo;est ainsi creus\u00e9 entre Fran\u00e7ais et Africains. Les premiers         voient les seconds comme \u00ab\u00a0des gens pauvres parce que corrompus, \u00e0 qui la         France doit dire ce qu&rsquo;ils doivent faire\u00a0\u00bb. En miroir, domine en Afrique         la vision d'\u00a0\u00bbune France frileuse, doutant de ses int\u00e9r\u00eats, m\u00e9fiante \u00e0         l&rsquo;\u00e9gard de la jeunesse africaine\u00a0\u00bb. Ce d\u00e9calage se double d&rsquo;une         identification nouvelle facilit\u00e9e par Internet, le portable et le         satellite : \u00ab\u00a0Quand les banlieues fran\u00e7aises flambent, la jeunesse         d&rsquo;Afrique se sent maltrait\u00e9e.\u00a0\u00bb         Confront\u00e9e \u00e0 cet inqui\u00e9tant tableau, la France dispose d&rsquo;atouts,         notamment de sa langue, qui fait l&rsquo;objet d&rsquo;une \u00ab\u00a0terrible demande\u00a0\u00bb, et         d&rsquo;une \u00ab\u00a0connaissance irrempla\u00e7able du terrain\u00a0\u00bb. Paris doit \u00ab\u00a0avouer ses         int\u00e9r\u00eats en Afrique\u00a0\u00bb, li\u00e9s aux enjeux du d\u00e9veloppement, de la s\u00e9curit\u00e9         et de l&rsquo;\u00e9conomie, et n\u00e9gocier avec \u00ab\u00a0des partenaires \u00e0 part enti\u00e8re\u00a0\u00bb.         \u00ab\u00a0Nous devons cesser de traiter les pays francophones comme \u00ab\u00a0nos         Africains\u00a0\u00bb\u00a0\u00bb, r\u00e9sume un diplomate.         La modestie et la sobri\u00e9t\u00e9 nouvelles du discours prononc\u00e9 par le         pr\u00e9sident Sarkozy au Cap (Afrique du Sud), le 28 f\u00e9vrier, r\u00e9sulte         directement du constat dress\u00e9 par les diplomates. L\u00e0 o\u00f9, \u00e0 Dakar, M.         Sarkozy avait multipli\u00e9 les mises en garde p\u00e9remptoires, il a affirm\u00e9 au         Cap que \u00ab\u00a0les Africains en ont assez de recevoir des le\u00e7ons de morale\u00a0\u00bb et         annonc\u00e9 la r\u00e9vision des accords de d\u00e9fense avec les Etats africains. Ce         nouveau discours a \u00e9t\u00e9 largement inspir\u00e9 par la cellule diplomatique de         l&rsquo;Elys\u00e9e et le Quai d&rsquo;Orsay, alors que celui de Dakar \u00e9tait n\u00e9 de la         plume d&rsquo;Henri Guaino, conseiller sp\u00e9cial de M. Sarkozy.         Mais la querelle d&rsquo;influence \u00e0 propos du bien-fond\u00e9 d&rsquo;un aggiornamento         de la politique fran\u00e7aise en Afrique n&rsquo;est pas close pour autant. Le         remplacement de Jean-Marie Bockel, secr\u00e9taire d&rsquo;Etat \u00e0 la coop\u00e9ration,         coupable d&rsquo;avoir mis en cause la gouvernance du Gabon et du Congo, pays         \u00ab\u00a0amis de la France\u00a0\u00bb, avait d\u00e9j\u00e0 refl\u00e9t\u00e9 un retour aux vieux r\u00e9flexes. Le         choix de Libreville (Gabon), le 10 avril, comme premi\u00e8re destination         africaine par son successeur, Alain Joyandet, le confirme. Le chef de         cette d\u00e9l\u00e9gation venue clore en grande pompe la f\u00e2cherie         franco-gabonaise dans le bureau du pr\u00e9sident Bongo n&rsquo;\u00e9tait autre que         Claude Gu\u00e9ant. Le secr\u00e9taire g\u00e9n\u00e9ral de l&rsquo;Elys\u00e9e a ainsi confirm\u00e9 sa         pr\u00e9f\u00e9rence pour une gestion nettement plus classique des affaires         africaines.          <font><strong>Philippe Bernard, Le Monde,\u00a0 article paru         dans l\u2019\u00e9dition du 27\/04\/08<\/strong><\/font> <font><strong>        http:\/\/www.lemonde.fr\/afrique\/article\/2008\/04\/26\/l-image-tres-degradee-de-la-france-en-afrique_1038797_3212.html#ens_id=1036074        <\/strong><\/font><\/p>\n<hr\/><\/div>\n<div dir=\"ltr\">\n<p align=\"left\">\u00a0<\/p>\n<\/div>\n<div align=\"center\" dir=\"ltr\">\n<h5 style=\"color: blue;\"><font size=\"3\"><strong>A Monaco, M. Sarkozy d\u00e9taille         \u00ab\u00a0son\u00a0\u00bb Union de la M\u00e9diterran\u00e9e<\/strong><\/font><\/h5>\n<\/div>\n<div dir=\"ltr\">\n<p align=\"left\">\u00a0         Souple sur la forme, d\u00e9termin\u00e9 sur le fond : Nicolas Sarkozy a tent\u00e9,         vendredi 25 avril, de mettre son nouveau style au service de son projet         d&rsquo;Union de la M\u00e9diterran\u00e9e.         \u00ab\u00a0Il y a eu beaucoup de scepticisme\u00a0\u00bb de la part des partenaires europ\u00e9ens         de la France, a conc\u00e9d\u00e9 le chef de l&rsquo;Etat \u00e0 Monaco, au c\u00f4t\u00e9 du prince         Albert qui le recevait pour la premi\u00e8re fois en visite officielle. Le         pr\u00e9sident va s&rsquo;y prendre autrement. Qualifiant cette ambition d'\u00a0\u00bbun des         projets les plus importants de l&rsquo;engagement diplomatique de la France\u00a0\u00bb,         M. Sarkozy veut vaincre les r\u00e9ticences notamment des Allemands, qui y         voient un projet en concurrence avec l&rsquo;Union europ\u00e9enne. \u00ab\u00a0J&rsquo;ai voulu         changer de strat\u00e9gie, a expliqu\u00e9 le pr\u00e9sident. Jusqu&rsquo;\u00e0 pr\u00e9sent, on avait         commenc\u00e9 par la gouvernance (&#8230;), je souhaite qu&rsquo;on rapproche la rive         Nord et Sud sur des projets\u00a0\u00bb.         \u00ab\u00a0J&rsquo;ai fait un r\u00eave, a-t-il lanc\u00e9, en recourant \u00e0 une rh\u00e9torique         comparative, c&rsquo;est que les peuples de la M\u00e9diterran\u00e9e du Nord et du Sud         soient aussi imaginatifs et courageux que les peuples de l&rsquo;Europe         continentale.\u00a0\u00bb         Lors du sommet de Bruxelles du 13 mars, la Commission s&rsquo;\u00e9tait vu confier         un mandat de relance du processus de Barcelone (Euromed), loin des         ambitions fran\u00e7aises. Seule consolation, la France avait obtenu de         rebaptiser Euromed en Union de la M\u00e9diterran\u00e9e. \u00ab\u00a0Le pr\u00e9sident n&rsquo;y a pas         vu un \u00e9chec mais un tremplin, un premier accord avec l&rsquo;Allemagne pour         poursuivre\u00a0\u00bb, estime un conseiller de l&rsquo;Elys\u00e9e.         De fait, la France a d\u00e9pos\u00e9 \u00e0 Bruxelles un \u00e9pais dossier de dix         propositions de coop\u00e9ration dans l&rsquo;environnement, l&rsquo;eau, l&rsquo;\u00e9nergie         solaire, l&rsquo;enseignement, ou les autoroutes de la mer. M. Sarkozy, qui         assurera la pr\u00e9sidence de l&rsquo;UE \u00e0 compter du 1er juillet, est d\u00e9termin\u00e9 \u00e0         faire franchir une \u00e9tape d\u00e9cisive \u00e0 son projet lors du sommet du 13         juillet auquel sont convoqu\u00e9s les 27 membres de l&rsquo;Union europ\u00e9enne et 15         pays riverains de la mer M\u00e9diterran\u00e9e.          Il a dessin\u00e9, vendredi, les contours de la future institution : une         copr\u00e9sidence partag\u00e9e entre un pays du Sud et un pays du Nord         \u00ab\u00a0imm\u00e9diatement riverain de la M\u00e9diterran\u00e9e\u00a0\u00bb, sans doute l&rsquo;Egypte et la         France pour le premier mandat. Sur l&rsquo;autre rive justement, \u00e0 Tunis, le         chef de l&rsquo;Etat a pr\u00e9vu de prononcer, mardi 29 avril, un deuxi\u00e8me         discours sur l&rsquo;Union de la M\u00e9diterran\u00e9e.          \u00a0         \u00a0         <font><strong>Christophe Jakubyszyn, Le Monde          Article paru dans l&rsquo;\u00e9dition du 27.04.08.         <\/strong><\/font>\u00a0         <font><strong>        http:\/\/www.lemonde.fr\/politique\/article\/2008\/04\/26\/a-monaco-m-sarkozy-detaille-son-union-de-la-mediterranee_1038816_823448.html#ens_id=1019568<\/strong><\/font><\/p>\n<hr\/><\/div>\n<div dir=\"ltr\">\n<p align=\"left\">\u00a0<\/p>\n<\/div>\n<div align=\"center\" dir=\"ltr\">\n<h5 style=\"color: blue;\"><font size=\"3\"><strong>La Libye provoque un         incident rare \u00e0 l&rsquo;ONU<\/strong><\/font><\/h5>\n<\/div>\n<div dir=\"ltr\">\n<p align=\"left\">\u00a0<\/p>\n<\/div>\n<div dir=\"ltr\">\n<p align=\"left\">         \u00a0Les ambassadeurs fran\u00e7ais, britannique et am\u00e9ricain ont quitt\u00e9 la         r\u00e9union du Conseil de s\u00e9curit\u00e9 apr\u00e8s une provocation de leur homologue         libyen.         Le Conseil de s\u00e9curit\u00e9 des Nations unies n&rsquo;a pas l&rsquo;habitude de ce genre         de protestation. Mercredi, la France, les Etats-Unis, la Grande-Bretagne         et d&rsquo;autres membres ont quitt\u00e9 une de ses r\u00e9unions apr\u00e8s que la Libye a         compar\u00e9 la situation \u00e0 Gaza aux camps de concentration nazis pendant la         Seconde Guerre mondiale.         Les membres du Conseil \u00e9taient en train de discuter la possibilit\u00e9 de         publier un communiqu\u00e9 de presse sur les \u00e9v\u00e9nements r\u00e9cents au         Proche-Orient en fin d&rsquo;apr\u00e8s-midi, apr\u00e8s une d\u00e9claration par la         sous-secr\u00e9taire Angela Kane de l&rsquo;escalade de violences et des         difficult\u00e9s humanitaires croissantes rencontr\u00e9es par les habitants de         Gaza, sans oublier les tirs de roquette contre Isra\u00ebl.         Selon les r\u00e9cits de plusieurs diplomates, l&rsquo;ambassadeur libyen d\u00e9l\u00e9gu\u00e9 \u00e0         l&rsquo;ONU Ibrahim Dabbashi a ensuite pris la parole et conclu un long         discours sur les malheurs des Palestiniens en comparant la situation de         Gaza aux camps de concentration nazis sous la Seconde Guerre mondiale.         Six millions de Juifs et 220.000 \u00e0 500.000 tsiganes y ont \u00e9t\u00e9 tu\u00e9s.         Selon un diplomate t\u00e9moin de la sc\u00e8ne, l&rsquo;ambassadeur fran\u00e7ais         Jean-Maurice Ripert, \u00aba alors \u00f4t\u00e9 son oreillette, s&rsquo;est lev\u00e9 et a quitt\u00e9         la salle, suivi par les autres ambassadeurs occidentaux\u00bb, (britannique,         am\u00e9ricain, belge et costaricain).         \u00a0         <font><strong>\u00abM\u00eame genre de g\u00e9nocide\u00bb<\/strong><\/font>         \u00a0         L&rsquo;ambassadeur sud-africain Dumisani Kumalo, l&rsquo;actuel pr\u00e9sident du         conseil, a ensuite clos la r\u00e9union. Il n&rsquo;a toutefois pas confirm\u00e9 que la         sortie des diplomates marquait de la d\u00e9sapprobation. \u00abLes ambassadeurs         sortent et rentrent tout le temps\u00bb, a-t-il remarqu\u00e9, ajoutant qu&rsquo;il         avait pr\u00e9f\u00e9rer ajourner la r\u00e9union car les membres du conseil n&rsquo;\u00e9taient         visiblement pas pr\u00eats de se mettre d&rsquo;accord sur les termes du         communiqu\u00e9.         La diplomate britannique Karen Pierce a d\u00e9clar\u00e9 qu&rsquo;un certain nombre de         membres du Conseil ont \u00e9t\u00e9 constern\u00e9s par l&rsquo;approche de la Libye \u00abet ne         croient pas qu&rsquo;un tel langage fasse avancer le processus de paix\u00bb.         Apr\u00e8s la s\u00e9ance, l&rsquo;ambassadeur de Syrie, Bachar Jaafari, est venu \u00e0 la         rescousse de son coll\u00e8gue libyen. \u00abMalheureusement, ceux qui se         plaignent d&rsquo;avoir \u00e9t\u00e9 les victimes d&rsquo;un g\u00e9nocide (pendant la Seconde         Guerre mondiale) r\u00e9p\u00e8tent le m\u00eame genre de g\u00e9nocide contre les         Palestiniens\u00bb, a-t-il dit \u00e0 la presse.         Depuis plusieurs mois, les r\u00e9unions sur le Proche-Orient au Conseil de         s\u00e9curit\u00e9 se terminent souvent sur des constats de d\u00e9saccord et donnent         lieu \u00e0 des d\u00e9bats acrimonieux et des d\u00e9clarations peu diplomatiques.         \u00a0         <strong><font>J.C., Le Figaro, 24\/04\/2008         <\/font><font> <a href=\"http:\/\/www.lefigaro.fr\/international\/2008\/04\/24\/01003-20080424ARTFIG00326-la-libye-provoque-un-incident-rare-a-l-onu-.php\" target=\"_blank\" rel=\"noopener\">        http:\/\/www.lefigaro.fr\/international\/2008\/04\/24\/01003-20080424ARTFIG00326-la-libye-provoque-un-incident-rare-a-l-onu-.php<\/a><\/font><\/strong><\/p>\n<hr\/><\/div>\n<\/p><\/div>\n<p dir=\"ltr\">    \u00a0<\/p>\n<p dir=\"ltr\">    \u00a0<\/p>\n<\/div>\n<p> <\/font><\/div>\n<p><\/font><\/p>\n<p dir=\"ltr\">\u00a0<\/p>\n<p><\/span><\/p>\n<p align=\"left\" dir=\"ltr\">\u00a0<\/p>\n<p align=\"center\" dir=\"ltr\"><b><a href=\"http:\/\/www.tunisnews.net\"><font face=\"Arial\"><span><font size=\"2\">Home<\/font><\/span><font size=\"2\"><span lang=\"FR-CH\"> &#8211; Accueil <\/span><span>&#8211; <\/span><\/font><\/font><span dir=\"rtl\" lang=\"AR-SA\"><font size=\"2\">\u0627\u0644\u0631\u0626\u064a\u0633\u064a\u0629<\/font><\/span><\/a><\/b><\/p>\n<p><\/body><\/body><\/html><\/p>\n","protected":false},"excerpt":{"rendered":"<p>Home &#8211; Accueil TUNISNEWS \u00a08\u00a0\u00e8me\u00a0ann\u00e9e, N\u00b0 \u00a02896du 26.04.2008 \u00a0archives : www.tunisnews.net Comit\u00e9 de Soutien aux Habitants du Bassin Minier: Appel Trag\u00e9die d\u2019Aouled al Mabrouk &#8211; Pauvret\u00e9, ch\u00f4mage et d\u00e9sespoir au pays du \u00ab miracle \u00e9conomique \u00bb Tunisie Angola Press:TUNISIE: Deux journalistes opposants entament une gr\u00e8ve dela faim Angola Press:Tunisie, Sarkozy attendu de pied ferme sur [&hellip;]<\/p>\n","protected":false},"author":1,"featured_media":22040,"comment_status":"open","ping_status":"open","sticky":false,"template":"","format":"standard","meta":{"inline_featured_image":false,"site-sidebar-layout":"default","site-content-layout":"","ast-site-content-layout":"default","site-content-style":"default","site-sidebar-style":"default","ast-global-header-display":"","ast-banner-title-visibility":"","ast-main-header-display":"","ast-hfb-above-header-display":"","ast-hfb-below-header-display":"","ast-hfb-mobile-header-display":"","site-post-title":"","ast-breadcrumbs-content":"","ast-featured-img":"","footer-sml-layout":"","ast-disable-related-posts":"","theme-transparent-header-meta":"","adv-header-id-meta":"","stick-header-meta":"","header-above-stick-meta":"","header-main-stick-meta":"","header-below-stick-meta":"","astra-migrate-meta-layouts":"default","ast-page-background-enabled":"default","ast-page-background-meta":{"desktop":{"background-color":"","background-image":"","background-repeat":"repeat","background-position":"center center","background-size":"auto","background-attachment":"scroll","background-type":"","background-media":"","overlay-type":"","overlay-color":"","overlay-opacity":"","overlay-gradient":""},"tablet":{"background-color":"","background-image":"","background-repeat":"repeat","background-position":"center center","background-size":"auto","background-attachment":"scroll","background-type":"","background-media":"","overlay-type":"","overlay-color":"","overlay-opacity":"","overlay-gradient":""},"mobile":{"background-color":"","background-image":"","background-repeat":"repeat","background-position":"center center","background-size":"auto","background-attachment":"scroll","background-type":"","background-media":"","overlay-type":"","overlay-color":"","overlay-opacity":"","overlay-gradient":""}},"ast-content-background-meta":{"desktop":{"background-color":"var(--ast-global-color-5)","background-image":"","background-repeat":"repeat","background-position":"center center","background-size":"auto","background-attachment":"scroll","background-type":"","background-media":"","overlay-type":"","overlay-color":"","overlay-opacity":"","overlay-gradient":""},"tablet":{"background-color":"var(--ast-global-color-5)","background-image":"","background-repeat":"repeat","background-position":"center center","background-size":"auto","background-attachment":"scroll","background-type":"","background-media":"","overlay-type":"","overlay-color":"","overlay-opacity":"","overlay-gradient":""},"mobile":{"background-color":"var(--ast-global-color-5)","background-image":"","background-repeat":"repeat","background-position":"center center","background-size":"auto","background-attachment":"scroll","background-type":"","background-media":"","overlay-type":"","overlay-color":"","overlay-opacity":"","overlay-gradient":""}},"footnotes":""},"categories":[],"tags":[56,39,29],"class_list":["post-18920","post","type-post","status-publish","format-standard","has-post-thumbnail","hentry","tag-56","tag-39","tag-fr"],"_links":{"self":[{"href":"https:\/\/tunisnews.net\/ar\/wp-json\/wp\/v2\/posts\/18920","targetHints":{"allow":["GET"]}}],"collection":[{"href":"https:\/\/tunisnews.net\/ar\/wp-json\/wp\/v2\/posts"}],"about":[{"href":"https:\/\/tunisnews.net\/ar\/wp-json\/wp\/v2\/types\/post"}],"author":[{"embeddable":true,"href":"https:\/\/tunisnews.net\/ar\/wp-json\/wp\/v2\/users\/1"}],"replies":[{"embeddable":true,"href":"https:\/\/tunisnews.net\/ar\/wp-json\/wp\/v2\/comments?post=18920"}],"version-history":[{"count":0,"href":"https:\/\/tunisnews.net\/ar\/wp-json\/wp\/v2\/posts\/18920\/revisions"}],"wp:featuredmedia":[{"embeddable":true,"href":"https:\/\/tunisnews.net\/ar\/wp-json\/wp\/v2\/media\/22040"}],"wp:attachment":[{"href":"https:\/\/tunisnews.net\/ar\/wp-json\/wp\/v2\/media?parent=18920"}],"wp:term":[{"taxonomy":"category","embeddable":true,"href":"https:\/\/tunisnews.net\/ar\/wp-json\/wp\/v2\/categories?post=18920"},{"taxonomy":"post_tag","embeddable":true,"href":"https:\/\/tunisnews.net\/ar\/wp-json\/wp\/v2\/tags?post=18920"}],"curies":[{"name":"wp","href":"https:\/\/api.w.org\/{rel}","templated":true}]}}