{"id":18915,"date":"2011-04-27T00:00:00","date_gmt":"2011-04-27T00:00:00","guid":{"rendered":"https:\/\/tunisnews.net\/27-avril-2011\/"},"modified":"2011-04-27T00:00:00","modified_gmt":"2011-04-27T00:00:00","slug":"27-avril-2011","status":"publish","type":"post","link":"https:\/\/tunisnews.net\/ar\/27-avril-2011\/","title":{"rendered":"27 avril 2011"},"content":{"rendered":"<p><html><head><meta content=\"text\/html\" description=\"PARIS (Reuters) - Quatre ministres du \n\t\tgouvernement provisoire tunisien ont fait mercredi \u00e0 Paris la promotion \n\t\td'une Tunisie &quot;en train de changer en mieux&quot;, o\u00f9 ils esp\u00e8rent attirer de \n\t\tnouveaux investisseurs fran\u00e7ais.\" http-equiv=\"Content-Type\"\/><\/head><body><body><\/p>\n<div>\n<div align=\"center\" dir=\"ltr\"><font face=\"Bookman Old Style\" size=\"7\"><strong>TUNISNEWS <\/strong><\/font><\/div>\n<div align=\"center\" dir=\"ltr\"><strong><font face=\"Arial\" size=\"2\">10 \u00e8me ann\u00e9e, N\u00b03991 du 27.04.2011<\/font><\/strong><\/div>\n<div align=\"center\" dir=\"ltr\"><font face=\"Arial\" size=\"2\"><strong>archives : <\/strong><\/font><a target=\"_blank\" rel=\"noopener\"><font face=\"Arial\" size=\"2\"><strong>www.tunisnews.net<\/strong><\/font><\/a><span lang=\"FR\"><strong><font face=\"Arial\" size=\"2\"><\/font><\/strong><\/span><\/div>\n<p><span lang=\"FR\"><\/p>\n<p><font><\/p>\n<div align=\"center\" dir=\"ltr\">\n<hr\/>\n<\/div>\n<div><font face=\"Arial\"><\/p>\n<h2 style=\"color: red;\"><font size=\"2\"><strong>Reuters: Quatre ministres vantent au Medef la Tunisie nouvelle<\/strong><\/font><\/h2>\n<p><font size=\"2\"><strong>AFP: La Tunisie entend s\u00e9duire les investisseurs fran\u00e7ais en d\u00e9pit des incertitudes <\/strong><\/font><font size=\"2\"><strong><\/p>\n<h2 style=\"color: red;\"><font>AFP: Tunis veut \u00eatre un partenaire pour Paris, pas une \u00ab\u00a0source d&#8217;emplois bon march\u00e9\u00a0\u00bb<\/font><\/h2>\n<p><font>Angop: Tunisie &#8211; Le Mus\u00e9e du Bardo, \u00e9pargn\u00e9 par \u00ab\u00a0Ben Ali Baba\u00a0\u00bb, fait sa mue<\/font><\/strong><font><\/font><\/font><\/font><\/div>\n<div><font face=\"Arial\" size=\"4\"><strong><\/p>\n<hr\/>\n<p><\/strong><\/font><\/div>\n<div><font face=\"Arial\" size=\"4\"><strong>REVUE DE PRESSE<\/strong><\/font><\/div>\n<div>\n<hr\/>\n<\/div>\n<div align=\"center\">\n<h2 style=\"color: red;\"><font face=\"Arial\"><strong>Quatre ministres vantent au Medef la Tunisie nouvelle<\/strong><\/font><\/h2>\n<\/div>\n<div align=\"center\">\n<hr\/>\n<\/div>\n<div align=\"justify\"><font face=\"Arial\" size=\"2\">Reuters &#8211; Publi\u00e9 le 27\/04\/2011 \u00e0 16:31 &#8211; Modifi\u00e9 le 27\/04\/2011 \u00e0 16:32<\/font><\/div>\n<div align=\"justify\">\u00a0<\/div>\n<div align=\"justify\"><font face=\"Arial\" size=\"2\">par Elizabeth Pineau<\/font><\/div>\n<div align=\"justify\">\u00a0<\/div>\n<div align=\"justify\"><font face=\"Arial\" size=\"2\">PARIS (Reuters) &#8211; Quatre ministres du gouvernement provisoire tunisien ont fait mercredi \u00e0 Paris la promotion d&rsquo;une Tunisie \u00ab\u00a0en train de changer en mieux\u00a0\u00bb, o\u00f9 ils esp\u00e8rent attirer de nouveaux investisseurs fran\u00e7ais.<\/font><\/div>\n<div align=\"justify\">\u00a0<\/div>\n<div align=\"justify\"><font face=\"Arial\" size=\"2\">Quelque 300 chefs d&rsquo;entreprise ont rencontr\u00e9 au si\u00e8ge du Medef une d\u00e9l\u00e9gation tunisienne conduite par ces ministres issus du monde de l&rsquo;entreprise et de la finance: Jalloul Ayed (Finances), Mehdi Houas (Commerce et Tourisme), Yassine Brahim (Transports et Equipement) et Sa\u00efd A\u00efdi (Formation professionnelle et Emploi).<\/font><\/div>\n<div align=\"justify\">\u00a0<\/div>\n<div align=\"justify\"><font face=\"Arial\" size=\"2\">\u00ab\u00a0Nous sommes venus dire que la Tunisie est en train de changer en mieux et que les opportunit\u00e9s futures seront encore plus rentables et plus int\u00e9ressantes\u00a0\u00bb, a d\u00e9clar\u00e9 Jalloul Ayed \u00e0 la presse apr\u00e8s la r\u00e9union.<\/font><\/div>\n<div align=\"justify\">\u00a0<\/div>\n<div align=\"justify\"><font face=\"Arial\" size=\"2\">Plus de trois mois apr\u00e8s le soul\u00e8vement populaire qui a provoqu\u00e9 le d\u00e9part du pr\u00e9sident Zine Ben Ali, beaucoup d&rsquo;incertitudes demeurent sur l&rsquo;avenir de la Tunisie, dont une partie devrait \u00eatre lev\u00e9e \u00e0 l&rsquo;issue du scrutin du 24 juillet visant \u00e0 cr\u00e9er une assembl\u00e9e constituante.<\/font><\/div>\n<div align=\"justify\">\u00a0<\/div>\n<div align=\"justify\"><font face=\"Arial\" size=\"2\">Sans attendre cette \u00e9ch\u00e9ance, le gouvernement provisoire veut relancer la machine \u00e9conomique. Un d\u00e9fi d&rsquo;autant plus urgent que les troubles l&rsquo;ont conduit \u00e0 r\u00e9viser \u00e0 la baisse, de 5,5% \u00e0 \u00ab\u00a0entre 0 et 1%\u00a0\u00bb la pr\u00e9vision de croissance pour 2011.<\/font><\/div>\n<div align=\"justify\">\u00a0<\/div>\n<div align=\"justify\"><font face=\"Arial\" size=\"2\">CH\u00d4MAGE<\/font><\/div>\n<div align=\"justify\">\u00a0<\/div>\n<div align=\"justify\"><font face=\"Arial\" size=\"2\">Impossible dans ces conditions de cr\u00e9er les 85.000 emplois initialement envisag\u00e9s dans le pays de quelque 12 millions d&rsquo;habitants, dont la moiti\u00e9 a moins de 30 ans, o\u00f9 le taux de ch\u00f4mage est d&rsquo;environ 14%.<\/font><\/div>\n<div align=\"justify\">\u00a0<\/div>\n<div align=\"justify\"><font face=\"Arial\" size=\"2\">Le gouvernement int\u00e9rimaire a lanc\u00e9 le programme \u00ab\u00a0Amal\u00a0\u00bb (\u00ab\u00a0Espoir\u00a0\u00bb) qui pr\u00e9voit 130 euros par mois \u00ab\u00a0d&rsquo;argent de poche\u00a0\u00bb pour les jeunes dipl\u00f4m\u00e9s en recherche d&#8217;emploi. Jalloul Ayed a aussi \u00e9voqu\u00e9 des plans en mati\u00e8re de microfinancement et d&rsquo;aide aux petites et moyennes entreprises.<\/font><\/div>\n<div align=\"justify\">\u00a0<\/div>\n<div align=\"justify\"><font face=\"Arial\" size=\"2\">Dans un entretien accord\u00e9 \u00e0 Reuters Insider le 16 avril, Jalloul Ayed avait d\u00e9clar\u00e9 qu&rsquo;il \u00e9tait hors de question de ren\u00e9gocier la dette de la Tunisie, dont le d\u00e9ficit budg\u00e9taire ne devrait pas selon lui d\u00e9passer 5% du PIB cette ann\u00e9e.<\/font><\/div>\n<div align=\"justify\">\u00a0<\/div>\n<div align=\"justify\"><font face=\"Arial\" size=\"2\">La France, ancienne puissance coloniale et premier partenaire \u00e9conomique de la Tunisie, a investi l&rsquo;an dernier, selon le ministre, environ 800 millions d&rsquo;euros dans son pays, dont l&rsquo;\u00e9conomie est fortement d\u00e9pendante du tourisme.<\/font><\/div>\n<div align=\"justify\">\u00a0<\/div>\n<div align=\"justify\"><font face=\"Arial\" size=\"2\">\u00ab\u00a0Je pense que la France peut faire beaucoup plus et beaucoup mieux. A nous de faire les conditions pour que cet investissement soit attractif\u00a0\u00bb, a-t-il d\u00e9clar\u00e9.<\/font><\/div>\n<div align=\"justify\">\u00a0<\/div>\n<div align=\"justify\"><font face=\"Arial\" size=\"2\">A Tunis la semaine derni\u00e8re, le ministre fran\u00e7ais des Affaires \u00e9trang\u00e8res, Alain Jupp\u00e9, a annonc\u00e9 le d\u00e9blocage pour 2011-2012 de 350 millions d&rsquo;euros de pr\u00eats par l&rsquo;interm\u00e9diaire de l&rsquo;Agence fran\u00e7aise de d\u00e9veloppement.<\/font><\/div>\n<div align=\"justify\">\u00a0<\/div>\n<div align=\"justify\"><font face=\"Arial\" size=\"2\">CHANGEMENT D&rsquo;IMAGE<\/font><\/div>\n<div align=\"justify\">\u00a0<\/div>\n<div align=\"justify\"><font face=\"Arial\" size=\"2\">Au-del\u00e0 des chiffres, c&rsquo;est l&rsquo;image de la Tunisie que les autorit\u00e9s tunisiennes voudraient voir changer dans l&rsquo;esprit des entrepreneurs occidentaux.<\/font><\/div>\n<div align=\"justify\">\u00a0<\/div>\n<div align=\"justify\"><font face=\"Arial\" size=\"2\">\u00ab\u00a0Les entreprises fran\u00e7aises ne doivent pas seulement regarder la Tunisie comme un pays de main-d&rsquo;oeuvre bon march\u00e9 mais comme un march\u00e9 o\u00f9 il y a des opportunit\u00e9s r\u00e9elles de cr\u00e9ation de valeurs via des partenariats\u00a0\u00bb, dit Jalloul Ayed.<\/font><\/div>\n<div align=\"justify\">\u00a0<\/div>\n<div align=\"justify\"><font face=\"Arial\" size=\"2\">Pour Yassine Brahim, France et Tunisie ont une \u00ab\u00a0proximit\u00e9 de fait\u00a0\u00bb.<\/font><\/div>\n<div align=\"justify\">\u00a0<\/div>\n<div align=\"justify\"><font face=\"Arial\" size=\"2\">\u00ab\u00a0Plus d&rsquo;1,3 million de Fran\u00e7ais visitent la Tunisie en touristes tous les ans, beaucoup de Fran\u00e7ais retrait\u00e9s s&rsquo;y installent. Il y a une histoire, une proximit\u00e9 g\u00e9ographique\u00a0\u00bb, rappelle-t-il. \u00ab\u00a0On va partager plus de valeurs, maintenant que nous sommes devenus un pays d\u00e9mocratique\u00a0\u00bb.<\/font><\/div>\n<div align=\"justify\">\u00a0<\/div>\n<div align=\"justify\"><font face=\"Arial\" size=\"2\">\u00ab\u00a0Nous sommes trois mois apr\u00e8s la r\u00e9volution, nos entreprises fonctionnent, le gouvernement de transition aussi malgr\u00e9 le flou constitutionnel, donc il y a une maturit\u00e9, une volont\u00e9 de r\u00e9ussite\u00a0\u00bb, a-t-il fait valoir.<\/font><\/div>\n<div align=\"justify\">\u00a0<\/div>\n<div align=\"justify\"><font face=\"Arial\" size=\"2\">Le durcissement des accords de Schengen envisag\u00e9 par Paris et Rome inqui\u00e8te le ministre du Commerce, Mehdi Houas, qui craint un nouveau syst\u00e8me \u00ab\u00a0handicapant\u00a0\u00bb pour les entrepreneurs tunisiens.<\/font><\/div>\n<div align=\"justify\">\u00a0<\/div>\n<div align=\"justify\"><font face=\"Arial\" size=\"2\">\u00ab\u00a0Notre r\u00e9volution est r\u00e9ussie, mais la Tunisie reste un pays d&rsquo;Afrique, un pays du Sud. Avoir des fronti\u00e8res avec une certaine porosit\u00e9, c&rsquo;est quelque chose de normal et de classique\u00a0\u00bb, explique-t-il, \u00e9voquant un \u00ab\u00a0probl\u00e8me conjoncturel\u00a0\u00bb qui doit \u00eatre trait\u00e9 comme tel.<\/font><\/div>\n<div align=\"justify\">\u00a0<\/div>\n<div align=\"justify\"><font face=\"Arial\" size=\"2\">Lui pr\u00e9f\u00e8re miser sur une remise en marche de l&rsquo;appareil \u00e9conomique tunisien pour \u00ab\u00a0donner de vrais espoirs aux Tunisiens\u00a0\u00bb et les dissuader \u00ab\u00a0d&rsquo;aller chercher un eldorado difficile \u00e0 trouver au Nord\u00a0\u00bb.<\/font><\/div>\n<div align=\"justify\">\u00a0<\/div>\n<div align=\"justify\"><font face=\"Arial\" size=\"2\">\u00c9dit\u00e9 par Patrick Vignal<\/font><\/div>\n<p align=\"center\">\u00a0<\/p>\n<hr\/>\n<div align=\"center\">\n<h2 style=\"color: red;\"><font face=\"Arial\"><strong>La Tunisie entend s\u00e9duire les investisseurs fran\u00e7ais en d\u00e9pit des incertitudes<\/strong><\/font><\/h2>\n<\/div>\n<div align=\"center\">\n<hr\/>\n<\/div>\n<div><font face=\"Arial\" size=\"2\">De Herv\u00e9 ASQUIN (AFP) \u2013 Le 27 avril 2011<\/font><\/div>\n<div><font face=\"Arial\" size=\"2\">PARIS \u2014 Le gouvernement tunisien a lanc\u00e9 mercredi une offensive de charme aupr\u00e8s des investisseurs fran\u00e7ais, vantant les acquis de la R\u00e9volution du Jasmin en d\u00e9pit des incertitudes qui p\u00e8sent sur le devenir politique et \u00e9conomique de leur pays.<\/font><\/div>\n<div><font face=\"Arial\" size=\"2\">Quatre ministres -Jalloul Ayed (Finances), Mehdi Houas (Commerce et Tourisme), Yassine Brahim (Transports et Equipement) et Sa\u00efd A\u00efdi (Formation profesionnelle et Emploi)-, ont fait salle comble au Medef, s&rsquo;exprimant devant quelque 300 responsables \u00e9conomiques des deux rives de la M\u00e9diterran\u00e9e.<\/font><\/div>\n<div><font face=\"Arial\" size=\"2\">Leur message: \u00ab\u00a0Il est temps aujourd&rsquo;hui de ne plus regarder la Tunisie comme une source d&#8217;emplois bon march\u00e9 mais comme une opportunit\u00e9 de cr\u00e9ation de valeur, d&rsquo;acc\u00e8s \u00e0 de nouveaux march\u00e9s en Afrique subsaharienne, au Maghreb, au Moyen-Orient et m\u00eame en Europe\u00a0\u00bb.<\/font><\/div>\n<div><font face=\"Arial\" size=\"2\">Les investisseurs fran\u00e7ais, a encha\u00een\u00e9 Jalloul Ayed, pourraient \u00ab\u00a0faire beaucoup plus et beaucoup mieux que les 800 millions d&rsquo;euros d&rsquo;investissements\u00a0\u00bb de 2010.<\/font><\/div>\n<div><font face=\"Arial\" size=\"2\">\u00ab\u00a0Les mesures que nous en sommes en train de prendre pour la promotion de l&rsquo;investissement, pour le renforcement des institutions et des march\u00e9s financiers font que les entreprises fran\u00e7aises auront beaucoup plus d&rsquo;opportunit\u00e9s\u00a0\u00bb, a-t-il fait valoir.<\/font><\/div>\n<div><font face=\"Arial\" size=\"2\">Il y a encore fort \u00e0 faire cependant. Le 24 juillet, une Assembl\u00e9e constituante sera \u00e9lue mais \u00e9laborer une nouvelle constitution s&rsquo;annonce comme \u00ab\u00a0un exercice assez compliqu\u00e9\u00a0\u00bb, a admis le ministre tunisien des Finances, rappelant que 55 partis politiques \u00e9taient enregistr\u00e9s en Tunisie.<\/font><\/div>\n<div><font face=\"Arial\" size=\"2\">M. Ayed a aussi \u00e9voqu\u00e9 un \u00ab\u00a0risque inflationniste\u00a0\u00bb, m\u00eame s&rsquo;il estime qu&rsquo;il ne va pas se \u00ab\u00a0mat\u00e9rialiser dans un avenir proche\u00a0\u00bb, la difficult\u00e9 de faire revenir \u00ab\u00a0les grandes comp\u00e9tences tunisiennes\u00a0\u00bb expatri\u00e9es ou la r\u00e9cente r\u00e9vision drastique de la pr\u00e9vision de croissance en raison des troubles qui ont accompagn\u00e9 la chute du r\u00e9gime de Ben Ali.<\/font><\/div>\n<div><font face=\"Arial\" size=\"2\">\u00ab\u00a0Avec un taux de croissance de 5,5% tel qu&rsquo;il \u00e9tait pr\u00e9vu pour 2011 dans le plan initial, on esp\u00e9rait cr\u00e9er 85.000 emplois, aujourd&rsquo;hui, avec une pr\u00e9vision de croissance ramen\u00e9e \u00e0 moins de 1%, je serais heureux si l&rsquo;\u00e9conomie pouvait cr\u00e9er 20.000 emplois\u00a0\u00bb, a-t-il observ\u00e9. \u00ab\u00a0La r\u00e9volution est comme une naissance, c&rsquo;est tr\u00e8s beau mais \u00e7a fait mal\u00a0\u00bb.<\/font><\/div>\n<div><font face=\"Arial\" size=\"2\">Autre souci: l&rsquo;\u00e9ventuel r\u00e9tablissement temporaire des contr\u00f4les aux fronti\u00e8res de l&rsquo;Union europ\u00e9enne r\u00e9clam\u00e9 par Paris et Rome devant l&rsquo;afflux d&rsquo;immigr\u00e9s clandestins tunisiens. Tout en le jugeant \u00ab\u00a0conjoncturel\u00a0\u00bb, Mehdi Houas redoute qu&rsquo;il \u00ab\u00a0n&rsquo;handicape les relations d&rsquo;affaires\u00a0\u00bb de la Tunisie avec l&rsquo;UE.<\/font><\/div>\n<div><font face=\"Arial\" size=\"2\">Parmi les atouts de la Tunisie nouvelle, Jalloul Ayed a cependant cit\u00e9 les mesures prises pour restaurer la confiance des investisseurs comme un programme d&rsquo;indemnisation \u00ab\u00a0tr\u00e8s important\u00a0\u00bb des entreprises saccag\u00e9es pendant la r\u00e9volution, ou la reprise des exportations tunisiennes d\u00e8s le premier trimestre.<\/font><\/div>\n<div><font face=\"Arial\" size=\"2\">\u00ab\u00a0L&rsquo;objectif essentiel est de pr\u00e9server les int\u00e9r\u00eats des investisseurs \u00e9trangers\u00a0\u00bb, a-t-il martel\u00e9.<\/font><\/div>\n<div><font face=\"Arial\" size=\"2\">Un discours g\u00e9n\u00e9ralement bien re\u00e7u dans la salle. \u00ab\u00a0La vie quotidienne (en Tunisie) n&rsquo;est pas encore un long fleuve tranquille mais nous restons optimistes pour l&rsquo;avenir\u00a0\u00bb, a assur\u00e9 Jean-Fran\u00e7ois Lemoux, directeur g\u00e9n\u00e9ral de l&rsquo;assureur Groupama International.<\/font><\/div>\n<div><font face=\"Arial\" size=\"2\">\u00ab\u00a0Il y a plus d&rsquo;\u00e9thique et de transparence, donc je pense que la croissance va se consolider mais il faut attendre le r\u00e9sultat des \u00e9lections\u00a0\u00bb, a not\u00e9 pour sa part Fai\u00e7al Haffoudhi, directeur g\u00e9n\u00e9ral de l&rsquo;\u00e9quipementier Alcatel Lucent en Tunisie, pour qui \u00ab\u00a0ces changements ne peuvent \u00eatre que tr\u00e8s b\u00e9n\u00e9fiques\u00a0\u00bb.<\/font><\/div>\n<div><font face=\"Arial\" size=\"2\">Pour l&rsquo;heure, quelque 1.250 soci\u00e9t\u00e9s fran\u00e7aises ou franco-tunisiennes sont pr\u00e9sentes en Tunisie.<\/font><\/div>\n<p align=\"center\">\u00a0<\/p>\n<hr\/>\n<div align=\"center\">\n<h2 style=\"color: red;\"><font face=\"Arial\"><strong>Tunis veut \u00eatre un partenaire pour Paris, pas une \u00ab\u00a0source d&#8217;emplois bon march\u00e9\u00a0\u00bb<\/strong><\/font><\/h2>\n<\/div>\n<div align=\"center\">\n<hr\/>\n<\/div>\n<div><font face=\"Arial\" size=\"2\">AFP 27\/04\/11 | 15:50<\/font><\/div>\n<div><font face=\"Arial\" size=\"2\">Le ministre tunisien des Finances Jalloul Ayed a appel\u00e9 mercredi \u00e0 Paris les investisseurs fran\u00e7ais \u00e0 ne plus consid\u00e9rer son pays comme une \u00ab\u00a0source d&#8217;emplois bon march\u00e9\u00a0\u00bb mais comme un v\u00e9ritable \u00ab\u00a0partenaire\u00a0\u00bb.<\/font><\/div>\n<div><font face=\"Arial\" size=\"2\">\u00ab\u00a0Il est temps aujourd&rsquo;hui de ne plus regarder la Tunisie comme une source d&#8217;emplois bon march\u00e9 mais comme une opportunit\u00e9 de cr\u00e9ation de valeur, d&rsquo;acc\u00e8s \u00e0 de nouveaux march\u00e9s en Afrique subsaharienne, au Maghreb, au Moyen-Orient et m\u00eame en Europe\u00a0\u00bb, a d\u00e9clar\u00e9 M. Ayed devant la presse, au si\u00e8ge du Medef.<\/font><\/div>\n<div><font face=\"Arial\" size=\"2\">Rappelant que la France \u00e9tait le \u00ab\u00a0premier partenaire \u00e9conomique, premier investisseur et client\u00a0\u00bb de la Tunisie, le ministre tunisien des Finances a estim\u00e9 qu&rsquo;elle pouvait \u00ab\u00a0faire beaucoup plus et beaucoup mieux que les 800 millions d&rsquo;euros d&rsquo;investissements\u00a0\u00bb annuels.<\/font><\/div>\n<div><font face=\"Arial\" size=\"2\">M. Ayed et trois autres ministres tunisiens avaient fait auparavant salle comble au si\u00e8ge du patronat fran\u00e7ais, s&rsquo;exprimant en termes similaires devant plusieurs centaines de responsables d&rsquo;entreprises fran\u00e7aises et franco-tunisiennes.<\/font><\/div>\n<div><font face=\"Arial\" size=\"2\">\u00ab\u00a0Les mesures que nous en sommes en train de prendre pour la promotion de l&rsquo;investissement, pour le renforcement des institutions et des march\u00e9s financiers font que les entreprises fran\u00e7aises auront beaucoup plus d&rsquo;opportunit\u00e9s\u00a0\u00bb, a-t-il assur\u00e9.<\/font><\/div>\n<div><font face=\"Arial\" size=\"2\">M. Ayed a soulign\u00e9 que l&#8217;emploi restait \u00ab\u00a0le probl\u00e8me crucial en Tunisie\u00a0\u00bb avec \u00ab\u00a0150.000 \u00e0 160.000 dipl\u00f4m\u00e9s ch\u00f4meurs\u00a0\u00bb et des perspectives de cr\u00e9ation d&#8217;emplois et de croissance nettement revues \u00e0 la baisse apr\u00e8s la r\u00e9volution qui a provoqu\u00e9 mi-janvier la chute du pr\u00e9sident Zine El Abidine Ben Ali.<\/font><\/div>\n<div><font face=\"Arial\" size=\"2\">\u00ab\u00a0Avec un taux de croissance de 5,5% tel qu&rsquo;il \u00e9tait pr\u00e9vu pour 2011 dans le plan initial, on esp\u00e9rait cr\u00e9er 85.000 emplois, aujourd&rsquo;hui, avec une pr\u00e9vision de croissance ramen\u00e9e \u00e0 moins de 1%, je serais heureux si l&rsquo;\u00e9conomie pouvait cr\u00e9er 20.000 emplois\u00a0\u00bb, a-t-il observ\u00e9, encha\u00eenant: \u00ab\u00a0La r\u00e9volution est comme une naissance, c&rsquo;est tr\u00e8s beau mais \u00e7a fait mal\u00a0\u00bb.<\/font><\/div>\n<hr\/>\n<h2 align=\"center\" style=\"color: red;\"><span lang=\"FR\"><\/p>\n<h2 style=\"color: red;\"><font face=\"Arial\">La Tunisie doit prendre sa chance<\/font><\/h2>\n<p> <\/span><\/h2>\n<hr\/>\n<p><\/font><\/p>\n<p><\/span><\/p>\n<h2 style=\"color: red;\"><span lang=\"FR\"><font face=\"Arial\">Par Lofti Maktouf<\/font><\/span><\/h2>\n<p><span lang=\"FR\"><font face=\"Arial\">Le succ\u00e8s de la r\u00e9volution tunisienne se mesurera dans sa capacit\u00e9 collective \u00e0 transformer la conqu\u00eate des libert\u00e9s en postes d&#8217;emploi, en pouvoir d&rsquo;achat r\u00e9el, en opportunit\u00e9s \u00e9conomiques, bref en croissance. Le danger est que ces libert\u00e9s demeurent lettre morte d\u00e9pos\u00e9e sur des rayons vides, des ateliers ferm\u00e9s, des h\u00f4tels d\u00e9sert\u00e9s, des dispensaires sous-\u00e9quip\u00e9s et des files interminables de ch\u00f4meurs.<\/font><\/span><\/p>\n<p><span lang=\"FR\"><font face=\"Arial\">Depuis sa prise de pouvoir en 1987, Ben Ali a gouvern\u00e9 la Tunisie sans programme ni vision. Entour\u00e9 d&rsquo;ex\u00e9cutants complices ou complaisants, il a navigu\u00e9 \u00e0 vue avec pour seuls instruments pillage, propagande, corruption, torture et chantage. Il a bien failli condamner au n\u00e9ant une soci\u00e9t\u00e9 pourtant porteuse des plus beaux espoirs.<\/font><\/span><\/p>\n<p><span lang=\"FR\"><font face=\"Arial\">1956. La Tunisie de Bourguiba est enfin ind\u00e9pendante. Ce \u00ab petit \u00bb pays sans p\u00e9trole, aux voisins que l&rsquo;on sait, sur fond de guerre froide et de nationalisme panarabe, avait tr\u00e8s vite con\u00e7u et enclench\u00e9 une s\u00e9rie de chantiers de d\u00e9veloppement couvrant tout le spectre de la vie \u00e9conomique et sociale de l&rsquo;\u00e9poque.<\/font><\/span><\/p>\n<p><span lang=\"FR\"><font face=\"Arial\">Gr\u00e2ce \u00e0 la pertinence de son programme, Bourguiba a fait de la Tunisie une r\u00e9f\u00e9rence : un peuple \u00e9duqu\u00e9, une strat\u00e9gie de lutte contre la pauvret\u00e9, les ingr\u00e9dients d&rsquo;une mutation \u00e9conomique et sociale, le d\u00e9ploiement d&rsquo;infrastructures mesur\u00e9 et r\u00e9aliste, un statut personnel moderne au coeur duquel se situe l&rsquo;\u00e9mancipation de la femme, une fonction publique fi\u00e8re et de qualit\u00e9, une vraie classe moyenne, des entrepreneurs confort\u00e9s dans leurs droits, une petite et moyenne entreprise dynamique, un secteur agricole valoris\u00e9 (except\u00e9 le bref \u00e9pisode collectiviste), une activit\u00e9 syndicale certes tenue en laisse mais r\u00e9elle, et une politique et image internationales claires et intelligentes. Le pari de la r\u00e9forme soci\u00e9tale et \u00e9conomique est r\u00e9ussi mais un syst\u00e8me d\u00e9mocratique au sens de corps de r\u00e8gles d\u00e9mocratiques garantissant libert\u00e9 d&rsquo;expression, repr\u00e9sentativit\u00e9, s\u00e9paration et ind\u00e9pendance des pouvoirs n&rsquo;a finalement pas vu le jour. Cela aurait pourtant permis un d\u00e9veloppement r\u00e9gional plus \u00e9quilibr\u00e9 et aurait sauv\u00e9 Bourguiba de lui-m\u00eame au cr\u00e9puscule de sa vie.<\/font><\/span><\/p>\n<p><span lang=\"FR\"><font face=\"Arial\">Il n&rsquo;existe finalement pas de seuil de \u00ab maturit\u00e9 d\u00e9mocratique \u00bb \u00e0 atteindre ou attendre. L&rsquo;heure de la d\u00e9mocratie est toujours, toujours maintenant. Pour preuve, le refus de la rue tunisienne \u00ab d&rsquo;attendre 2014 pour la d\u00e9mocratie \u00bb, comme le balbutiait Ben Ali, un pied \u00e0 Carthage et l&rsquo;autre d\u00e9j\u00e0 sur le tarmac.<\/font><\/span><\/p>\n<p><span lang=\"FR\"><font face=\"Arial\">Quels constats aujourd&rsquo;hui, trois mois apr\u00e8s la r\u00e9volution ?<\/font><\/span><\/p>\n<p><span lang=\"FR\"><font face=\"Arial\">1. Le ch\u00f4mage, d\u00e9j\u00e0 alarmant, s&rsquo;accro\u00eet. En vingt-trois ans, personne n&rsquo;a repens\u00e9 le bin\u00f4me syst\u00e8me d&rsquo;orientation\/besoins du march\u00e9 de travail, ni explor\u00e9 par exemple les vertus de la formation professionnelle, cl\u00e9 de vo\u00fbte du perp\u00e9tuel miracle allemand.<\/font><\/span><\/p>\n<p><span lang=\"FR\"><font face=\"Arial\">2. La concentration de la richesse dans la zone c\u00f4ti\u00e8re a rel\u00e9gu\u00e9 au rang de citoyens de seconde zone des populations enti\u00e8res. En privant les r\u00e9gions int\u00e9rieures de toute attractivit\u00e9 \u00e9conomique, le r\u00e9gime a fini par creuser sa propre tombe.<\/font><\/span><\/p>\n<p><span lang=\"FR\"><font face=\"Arial\">3. Affirmer que les fondamentaux sont bons et qu&rsquo;une fois la corruption et le n\u00e9potisme \u00e9cart\u00e9s, et la situation stabilis\u00e9e, une belle croissance de 6 \u00e0 7 % nous attend est un mauvais diagnostic. Les graves l\u00e9sions subies par l&rsquo;administration, le droit \u00e9conomique, le cr\u00e9dit ont atteint le syst\u00e8me \u00e9conomique et juridique dans son int\u00e9grit\u00e9. Le catalogue des r\u00e9formes structurelles \u00e0 entreprendre est volumineux et complexe.<\/font><\/span><\/p>\n<p><span lang=\"FR\"><font face=\"Arial\">4. Le citoyen s&rsquo;interroge : pourquoi rien n&rsquo;est-il entrepris s\u00e9rieusement pour rapatrier la dizaine de milliards de dollars mal acquis sous l&rsquo;ancien r\u00e9gime, sachant que dans ce domaine chaque minute compte ? Au-del\u00e0 de ceux qui veulent tout, tout de suite, la perception est que les pr\u00e9occupations des populations ne sont pas comprises. Au gouvernement cens\u00e9 exp\u00e9dier les affaires courantes plut\u00f4t que de concevoir et appliquer un programme, il est reproch\u00e9 de ne faire ni l&rsquo;un ni l&rsquo;autre.<\/font><\/span><\/p>\n<p><span lang=\"FR\"><font face=\"Arial\">5. La perplexit\u00e9 est exacerb\u00e9e par l&rsquo;absence d&rsquo;information. Le pays attend un plan de relance coh\u00e9rent et d\u00e9taill\u00e9 dans lequel les citoyens pourront se reconna\u00eetre et les investisseurs (nationaux et \u00e9trangers) s&rsquo;ins\u00e9rer. Il ne suffit pas d&rsquo;annoncer une \u00ab Conf\u00e9rence des donateurs \u00bb ou un \u00ab plan Marshall \u00bb, du reste peu r\u00e9alistes et contre-productifs, \u00e0 un peuple habitu\u00e9 \u00e0 compter sur lui-m\u00eame.<\/font><\/span><\/p>\n<p><span lang=\"FR\"><font face=\"Arial\">6. Ce flottement explique sans doute en partie l&rsquo;attentisme de la communaut\u00e9 internationale. Aux Tunisiens de sensibiliser les d\u00e9cideurs occidentaux \u00e0 un plan de relance coh\u00e9rent et mobilisateur. La Tunisie (dont le cr\u00e9dit demeure malgr\u00e9 tout substantiel) n&rsquo;a pas le loisir d&rsquo;attendre que l&rsquo;Occident prenne enfin la mesure de l&rsquo;enjeu strat\u00e9gique que ce pays repr\u00e9sente.<\/font><\/span><\/p>\n<p><span lang=\"FR\"><font face=\"Arial\">Source : \u00ab Les Echos \u00bb Le 27-04-2011<\/font><\/span><\/p>\n<div>\n<p><span lang=\"FR\"><font face=\"Arial\">Lien : <\/font><a href=\"http:\/\/lecercle.lesechos.fr\/node\/34767\" target=\"_blank\" rel=\"noopener\"><font face=\"Arial\">http:\/\/lecercle.lesechos.fr\/node\/34767<\/font><\/a><\/span><\/p>\n<hr\/>\n<div align=\"justify\">\u00a0<\/div>\n<div align=\"center\">\n<h2 style=\"color: red;\"><font face=\"Arial\"><strong>Tunisie &#8211; Le Mus\u00e9e du Bardo, \u00e9pargn\u00e9 par \u00ab\u00a0Ben Ali Baba\u00a0\u00bb, fait sa mue<\/strong><\/font><\/h2>\n<\/div>\n<div align=\"center\">\n<hr\/>\n<\/div>\n<div align=\"justify\">\u00a0<\/div>\n<div align=\"justify\"><font face=\"Arial\" size=\"2\">Angola Press 27\/04\/11 08:04<\/font><\/div>\n<div align=\"justify\">\u00a0<\/div>\n<div align=\"justify\">\u00a0<\/div>\n<div align=\"justify\"><font face=\"Arial\" size=\"2\">TUNIS &#8211; Taher Ghalia est un homme heureux. Le conser-vateur du Bardo, le grand Mus\u00e9e de Tunis, veille sur \u00ab\u00a0sa\u00a0\u00bb maison, en pleine m\u00e9tamorphose et qui a \u00e9chapp\u00e9 \u00e0 la rapacit\u00e9 de Zine et Leila Ben Ali, le couple pr\u00e9sidentiel en fuite.<\/font><\/div>\n<div align=\"justify\">\u00a0<\/div>\n<div align=\"justify\"><font face=\"Arial\" size=\"2\">Dans son vaste bureau, tr\u00e8s haut de plafond, flotte un petit parfum d'\u00a0\u00bbIndiana Jones\u00a0\u00bb: liasses de papiers ficel\u00e9s, livres, tr\u00e9sors emball\u00e9s sous plastique, telle cette inestimable mosa\u00efque romaine du d\u00e9but du IIIe si\u00e8cle dite \u00ab\u00a0de Virgile\u00a0\u00bb, pos\u00e9e n\u00e9gligemment contre un mur.<\/font><\/div>\n<div align=\"justify\">\u00a0<\/div>\n<div align=\"justify\"><font face=\"Arial\" size=\"2\">De l&rsquo;ext\u00e9rieur des b\u00e2timents modernes, on ne voit que d&rsquo;\u00e9normes masses blanches rectangulaires. Mais quand on y p\u00e9n\u00e8tre, l&rsquo;histoire romaine, ph\u00e9nicienne, carthaginoise d\u00e9ferle. En vrac pour l&rsquo;instant, car les nouvelles salles, impressionnantes de hauteur, sont encore vides, sentant le pl\u00e2tre et le ciment frais.<\/font><\/div>\n<div align=\"justify\">\u00a0<\/div>\n<div align=\"justify\"><font face=\"Arial\" size=\"2\">Cach\u00e9s \u00e0 l&rsquo;int\u00e9rieur de ces cubes trou\u00e9s de baies lumineuses, les deux palais 19\u00e8me du Bey de Tunis, avec leurs arabesques et leurs incroyables plafonds en stuc, renferment la plus grande collection de mosa\u00efques romaines au monde.<\/font><\/div>\n<div align=\"justify\">\u00a0<\/div>\n<div align=\"justify\"><font face=\"Arial\" size=\"2\">Mais aussi des statues au fin drap\u00e9, des bustes d&#8217;empereurs, la plus grande collection de tissus fatimides&#8230; Bient\u00f4t le mus\u00e9e va aussi exposer un tr\u00e9sor de 1.600 pi\u00e8ces d&rsquo;or datant de 430 apr\u00e8s JC.<\/font><\/div>\n<div align=\"justify\">\u00a0<\/div>\n<div align=\"justify\"><font face=\"Arial\" size=\"2\">Taher Ghalia dirige le mus\u00e9e depuis 2003. Au d\u00e9part ce fut&#8230; une sanction. Sp\u00e9cialiste de l&rsquo;\u00e9poque romaine et byzantine, il avait os\u00e9 s&rsquo;opposer \u00e0 \u00ab\u00a0la famille\u00a0\u00bb. Comprenez: celle du pr\u00e9sident Ben Ali et de son \u00e9pouse Leila.<\/font><\/div>\n<\/div>\n<p align=\"center\"><b><span lang=\"FR\"><\/p>\n<h3 style=\"color: blue;\"><font face=\"Arial\">Tunisie : les ex-cadres du RCD priv\u00e9s d&rsquo;\u00e9lection<\/font><\/h3>\n<p> <\/span><\/b><\/p>\n<hr\/>\n<p>\u00a0<\/p>\n<p align=\"justify\"><b><span lang=\"FR\"><font face=\"Arial\">Les Tunisiens qui ont exerc\u00e9 des responsabilit\u00e9s au sein du RCD, l\u2019ancien parti de Ben Ali, au cours des dix derni\u00e8res ann\u00e9es, ne pourront se pr\u00e9senter aux \u00e9lections de l&rsquo;Assembl\u00e9e constituante, le 24 juillet prochain, selon le Premier ministre B\u00e9ji Ca\u00efd Essebsi.<\/font><\/span><\/b><\/p>\n<p align=\"justify\"><span lang=\"FR\"><font face=\"Arial\">Le <\/font><font><a href=\"http:\/\/www.jeuneafrique.com\/Article\/ARTJAJA2617p046-048.xml0\/\" target=\"_blank\" rel=\"noopener\"><font face=\"Arial\">Premier ministre tunisien<\/font><\/a><font face=\"Arial\"> coupe la poire en deux. Press\u00e9 par la Haute instance pour la r\u00e9alisation des objectifs de la r\u00e9volution d\u2019<\/font><a href=\"http:\/\/www.jeuneafrique.com\/Article\/ARTJAJA2623p024.xml0\/election-parite-rcd-democratietunisie-bataille-autour-du-code-electoral-de-la-constituante.html\" target=\"_blank\" rel=\"noopener\"><font face=\"Arial\">exclure de la prochaine \u00e9lection de l\u2019Assembl\u00e9e constituante<\/font><\/a><font face=\"Arial\"> toutes les personnes qui ont exerc\u00e9 des responsabilit\u00e9s au sein du Rassemblement constitutionnel d\u00e9mocratique (<\/font><a href=\"http:\/\/www.jeuneafrique.com\/Article\/ARTJAWEB20110309103429\/\" target=\"_blank\" rel=\"noopener\"><font face=\"Arial\">RCD, ancien parti de Ben Ali aujourd\u2019hui dissous<\/font><\/a><\/font><font face=\"Arial\">) depuis sa cr\u00e9ation en 1988, B\u00e9ji Ca\u00efd Essebsi a demand\u00e9 \u00e0 ce que cette exclusion soit limit\u00e9e aux dix derni\u00e8res ann\u00e9es.<\/font><\/span><\/p>\n<p align=\"justify\"><span lang=\"FR\"><font face=\"Arial\">\u00ab Nous avons estim\u00e9 que vingt-trois ans n&rsquo;\u00e9tait pas logique. Il y a des responsables du RCD qui ont \u00e9t\u00e9 r\u00e9prim\u00e9s par l&rsquo;ancien r\u00e9gime \u00bb, a-t-il d\u00e9clar\u00e9 lors d\u2019une conf\u00e9rence de presse. L&rsquo;article 15 du projet de Code \u00e9lectoral de la Constituante devrait donc \u00eatre amend\u00e9 en ce sens avant d&rsquo;\u00eatre ent\u00e9rin\u00e9 par le gouvernement.<\/font><\/span><\/p>\n<p align=\"justify\"><b><span lang=\"FR\"><font face=\"Arial\">Liste nominative<\/font><\/span><\/b><\/p>\n<p align=\"justify\"><span lang=\"FR\"><font face=\"Arial\">Les membres du cabinet du pr\u00e9sident d\u00e9chu ainsi que ses conseillers et ceux qui y travaillaient seront aussi exclus des \u00e9lections, puisque \u00ab partie prenante dans la prise de d\u00e9cision \u00bb, a ajout\u00e9 B\u00e9ji Ca\u00efd Essebsi. Afin de lever toute ambig\u00fcit\u00e9, une liste nominative de toutes les personnes qui restent concern\u00e9es par cette exclusion sera publi\u00e9e par le pr\u00e9sident de la R\u00e9publique, Fouad Mebazaa.<\/font><\/span><\/p>\n<p align=\"justify\"><span lang=\"FR\"><font face=\"Arial\">Le Premier ministre ne souhaite en revanche pas revenir sur les dispositions, propos\u00e9es par la Haute instance, sur la <\/font><font><a href=\"http:\/\/www.jeuneafrique.com\/Article\/ARTJAWEB20110412120653\/\" target=\"_blank\" rel=\"noopener\"><font face=\"Arial\">parit\u00e9 hommes-femmes sur les listes \u00e9lectorales<\/font><\/a><\/font><font face=\"Arial\">. Il a par ailleurs r\u00e9affirm\u00e9 l\u2019intention des membres de son gouvernement provisoire de ne pas se pr\u00e9senter aux \u00e9lections.<\/font><\/span><\/p>\n<p align=\"justify\"><b><span lang=\"FR\"><font face=\"Arial\">R\u00e9actions contrast\u00e9es<\/font><\/span><\/b><\/p>\n<p align=\"justify\"><span lang=\"FR\"><font face=\"Arial\">Les r\u00e9actions \u00e0 la proposition gouvernementale concernant le RCD ont \u00e9t\u00e9 imm\u00e9diates et contrast\u00e9es. Chokri Belaid du Mouvement des patriotes d\u00e9mocrates (MPD) et Abdellatif el-Mekki, membre du Bureau ex\u00e9cutif du parti islamiste Ennahdha, refusent tout net de composer avec des membres de l\u2019ancien parti au pouvoir et laissent planer la menace d&rsquo;une nouvelle vague de contestation dans la rue.<\/font><\/span><\/p>\n<p align=\"justify\"><span lang=\"FR\"><font face=\"Arial\">De son c\u00f4t\u00e9, Hamma Hammami, dirigeant du Parti ouvrier communiste tunisien (POCT) souhaite que seule la justice puisse se prononcer sur l\u2019\u00e9ligibilit\u00e9 des anciens dirigeants du RCD, quitte \u00e0 reporter l&rsquo;\u00e9lection de la Constituante. Enfin, Kamel Morjane, Mohamed Jegham et Ahmed Friaa, d&rsquo;anciens responsables du RCD qui ont fond\u00e9 de nouveaux partis, pr\u00e9f\u00e8rent ne pas se prononcer sur une disposition qui les contraint \u00e0 rester de simples opposants prendant les dix prochaines ann\u00e9es.<\/font><\/span><\/p>\n<p><span lang=\"FR\"><font face=\"Arial\">Source : \u00ab Jeune Afrique \u00bb Le 27-04-2011<\/font><\/span><\/p>\n<div>\n<p><span lang=\"FR\"><font face=\"Arial\">Lien : <\/font><a href=\"http:\/\/www.jeuneafrique.com\/Article\/ARTJAWEB20110427091721\/tunisie-election-rcd-zine-el-abidine-ben-alitunisie-les-ex-cadres-du-rcd-prives-d-election.html\" target=\"_blank\" rel=\"noopener\"><font face=\"Arial\">http:\/\/www.jeuneafrique.com\/Article\/ARTJAWEB20110427091721\/tunisie-election-rcd-zine-el-abidine-ben-alitunisie-les-ex-cadres-du-rcd-prives-d-election.html<\/font><\/a><\/span><\/p>\n<\/div>\n<p align=\"center\"><b><span lang=\"FR\"><\/p>\n<h3 style=\"color: blue;\"><font face=\"Arial\">Tunisie: la situation s\u00e9curitaire encore pr\u00e9occupante selon B\u00e9ji Caid Essebsi<\/font><\/h3>\n<p> <\/span><\/b><\/p>\n<hr\/>\n<p>\u00a0<\/p>\n<p align=\"justify\"><span lang=\"FR\"><font face=\"Arial\">Le Premier Ministre par int\u00e9rim, M. B\u00e9ji Caid Essebsi a dress\u00e9, au cours d\u2019une conf\u00e9rence de presse tenue mardi 26 avril, un tableau de la situation<\/font><\/span><\/p>\n<p align=\"justify\"><span lang=\"FR\"><font face=\"Arial\">s\u00e9curitaire en Tunisie pendant ces derni\u00e8res semaines.  Pour M. Caid Essebsi, la situation s\u00e9curitaire demeure encore pr\u00e9occupante. En effet, des abus se font de plus en plus nombreux de la part de certaines franges de la population, qui, sous pr\u00e9texte de la r\u00e9volution et de la libert\u00e9 d\u2019expression, ne cessent de cr\u00e9er des entraves \u00e0 la vie \u00e9conomique du pays par des sit-in et des gr\u00e8ves sauvages \u00e0 r\u00e9p\u00e9tition.  Le premier ministre par int\u00e9rim a \u00e9voque quelques cas symboliques de la situation en Tunisie. Par exemple, la soci\u00e9t\u00e9 British Gas, qui alimente pr\u00e8s de la moiti\u00e9 de la consommation nationale en gaz, n\u00e9cessaire pour la production de l\u2019\u00e9lectricit\u00e9. Dans cette entreprise, les gr\u00e8ves se sont multipli\u00e9es et il faut ajouter le blocage de l\u2019usine par des habitants de la zone avoisinante qui veulent y travailler.   Ce type d\u2019actes ne peut que nuire \u00e0 la Tunisie dans la mesure o\u00f9 la s\u00e9curit\u00e9 et la stabilit\u00e9 sont des \u00e9l\u00e9ments essentiels pour attirer des investissements \u00e9trangers dans le pays.  Parmi les autres cas de troubles \u00e0 l\u2019ordre public, M. Caid Essebsi \u00e9voque le blocage du port de sfax par des marins emp\u00eachant la circulation du ferry qui lie l\u2019archipel de Kerkennah \u00e0 la ville de Sfax.   Autre fait inqui\u00e9tant, des \u00e9meutes ont eu lieu dans la r\u00e9gion de Zarzis apr\u00e8s l\u2019arrestation des organisateurs d\u2019un r\u00e9seau d\u2019immigration clandestine. Il a \u00e9t\u00e9 enregistr\u00e9 \u00e9galement 110 faits de blocages d\u2019autoroutes ou lignes de chemins de fer par des manifestants.   A ce titre, M. Caid Essebsi n\u2019a pas manqu\u00e9 de critiquer les partis politiques qui, selon lui, \u00e9vitent de faire des commentaires sur la situation g\u00e9n\u00e9rale de la Tunisie.  Pour finir et tout en chantant les louanges de la r\u00e9volution tunisienne dont il s\u2019est dress\u00e9 en fervent d\u00e9fenseur, M ; B\u00e9ji Caid Essebsi a conclu par un avertissement : \u00ab La r\u00e9volution Tunisienne peut mener \u00e0 la guerre civile comme elle peut mener \u00e0 la D\u00e9mocratie \u00bb.<\/font><\/span><\/p>\n<p align=\"justify\"><span lang=\"FR\"><font face=\"Arial\">Source : \u00ab Espace Manager \u00bb le 27-04-2011<\/font><\/span><\/p>\n<div>\n<p align=\"justify\"><span lang=\"FR\"><font face=\"Arial\">Lien : <\/font><a href=\"http:\/\/www.espacemanager.com\/macro\/tunisie-la-situation-securitaire-encore-preoccupante-selon-beji-caid-essebsi.html\" target=\"_blank\" rel=\"noopener\"><font face=\"Arial\">http:\/\/www.espacemanager.com\/macro\/tunisie-la-situation-securitaire-encore-preoccupante-selon-beji-caid-essebsi.html<\/font><\/a><\/span><\/p>\n<\/div>\n<p align=\"center\">\n<h3 style=\"color: blue;\"><font face=\"Arial\"><b><span lang=\"FR\">La Tunisie va publier une liste noire avant les \u00e9lections du 24 juillet 2011<\/span><\/b><\/font><\/h3>\n<p><font face=\"Arial\"><b><span lang=\"FR\"><\/span><\/b><\/font><\/p>\n<hr\/>\n<p>\u00a0<\/p>\n<p><span lang=\"FR\"><font face=\"Arial\">Beji Ca\u00efd Essebsi, premier ministre tunisien de transition, a d\u00e9cid\u00e9 d&rsquo;exclure des listes \u00e9lectorales tous les anciens cadres du Rassemblement Constitutionnel D\u00e9mocratique (RCD), ex-parti fond\u00e9 par Zine El-Abidine Ben Ali et dissout en mars 2011. <\/font><\/span><\/p>\n<p>\u00a0<\/p>\n<p><span lang=\"FR\"><font face=\"Arial\">Parall\u00e8lement, une liste indiquant le nom des Tunisiens ne pouvant pas \u00eatre candidat sera publi\u00e9e prochainement \u00e0 l&rsquo;initiative de Foued Mebazza, pr\u00e9sident tunisien par int\u00e9rim. <\/font><\/span><\/p>\n<p>\u00a0<\/p>\n<p><span lang=\"FR\"><font face=\"Arial\">Elle comprendra tous les anciens cadres du RCD des dix derni\u00e8res ann\u00e9es et les responsables de l&rsquo;ancien gouvernement ainsi que les membres du cabinet pr\u00e9sidentiel et les conseillers personnels de l&rsquo;ancien pr\u00e9sident d\u00e9chu.<\/font><\/span><\/p>\n<p><span lang=\"FR\"><font face=\"Arial\">Les personnes inscrites sur cette liste ne pourront donc pas participer au futur scrutin pr\u00e9vu le 24 juillet 2011. <\/font><\/span><\/p>\n<p>\u00a0<\/p>\n<p><span lang=\"FR\"><font face=\"Arial\">Cette \u00e9lection permettra d&rsquo;\u00e9lire les membres du Conseil national constitutif qui auront pour lourde t\u00e2che de r\u00e9diger la nouvelle constitution du pays destin\u00e9e \u00e0 favoriser la transition d\u00e9mocratique.<\/font><\/span><\/p>\n<p><span lang=\"FR\"><font face=\"Arial\">Source : \u00ab econostrun \u00bb Le 27-04-2011<\/font><\/span><\/p>\n<div>\n<p><span lang=\"FR\"><a href=\"http:\/\/www.econostrum.info\/La-Tunisie-va-publier-une-liste-noire-avant-les-elections-du-24-juillet-2011_a5456.html\" target=\"_blank\" rel=\"noopener\"><font face=\"Arial\">http:\/\/www.econostrum.info\/La-Tunisie-va-publier-une-liste-noire-avant-les-elections-du-24-juillet-2011_a5456.html<\/font><\/a><\/span><\/p>\n<\/div>\n<p align=\"center\"><b><span lang=\"FR\"><\/p>\n<h3 style=\"color: blue;\"><font face=\"Arial\">Aux origines de la r\u00e9volution tunisienne, l&rsquo;h\u00e9ritage de Bourguiba<\/font><\/h3>\n<p> <\/span><\/b><\/p>\n<hr\/>\n<p>\u00a0<\/p>\n<p><span lang=\"FR\"><font face=\"Arial\">La vague de r\u00e9voltes inattendues qui secoue le monde arabe est un tournant dans l&rsquo;histoire de cette r\u00e9gion du monde, administr\u00e9e depuis plusieurs d\u00e9cennies par des gouvernements autoritaires, r\u00e9pressifs et corrompus.<\/font><\/span><\/p>\n<p><span lang=\"FR\"><font face=\"Arial\">Ce mouvement de lib\u00e9ration, initi\u00e9e par les jeunes g\u00e9n\u00e9rations majoritaires dans ces pays et utilisant les r\u00e9seaux sociaux \u00e0 merveille, est n\u00e9 en Tunisie, petit pays de 10 millions d&rsquo;habitants.<\/font><\/span><\/p>\n<p><span lang=\"FR\"><font face=\"Arial\">Comment ce peuple, soumis sans doute au r\u00e9gime policier le plus sophistiqu\u00e9 du Maghreb, a-t-il pu trouver la force et le courage de se battre pour sa libert\u00e9 ?<\/font><\/span><\/p>\n<p><span lang=\"FR\"><font face=\"Arial\">Comment ce pays a-t-il pu devenir le symbole de la \u00ab r\u00e9volution arabe \u00bb, \u00e0 tel point qu&rsquo;il semble \u00eatre le d\u00e9clencheur d&rsquo;un effet domino sur les autres pays arabes, dont les cons\u00e9quences pourraient \u00eatre aussi importantes que celles de la chute du mur de Berlin et son effet de contagion sur les pays satellites de l&rsquo;URSS ? <\/font><\/span><\/p>\n<p><span lang=\"FR\"><font face=\"Arial\">Petit d\u00e9tour historique pour d\u00e9crypter le m\u00e9canisme qui a conduit \u00e0 ce mouvement aussi soudain qu&rsquo;inattendu.<\/font><\/span><\/p>\n<h3 style=\"color: blue;\"><span lang=\"FR\"><font face=\"Arial\">Les priorit\u00e9s du pr\u00e9sident Bourguiba : \u00e9ducation et sant\u00e9<\/font><\/span><\/h3>\n<p><span lang=\"FR\"><font face=\"Arial\">En 1956, la France reconnait l&rsquo;ind\u00e9pendance de la Tunisie et l&rsquo;autorit\u00e9 de son pr\u00e9sident, Habib Bourguiba, affubl\u00e9 du titre de \u00ab combattant supr\u00eame \u00bb pour ses actions de r\u00e9sistant pendant la Seconde Guerre mondiale et sa pers\u00e9v\u00e9rance \u00e0 obtenir \u00e0 tout prix (il a \u00e9t\u00e9 emprisonn\u00e9 plusieurs fois en France) l&rsquo;ind\u00e9pendance de son pays.<\/font><\/span><\/p>\n<p><span lang=\"FR\"><font face=\"Arial\">D\u00e8s ses prises de fonctions, contrairement \u00e0 ses voisins et homologues arabes, la priorit\u00e9 est donn\u00e9e \u00e0 l&rsquo;\u00e9ducation et \u00e0 la sant\u00e9, au d\u00e9triment de l&rsquo;armement. Ainsi, il d\u00e9cide de mener une politique volontariste et moderniste pour \u00e9manciper les femmes, combattre la pauvret\u00e9 et \u00e9lever le niveau d&rsquo;\u00e9ducation de la population.<\/font><\/span><\/p>\n<p><span lang=\"FR\"><font face=\"Arial\">Il accorde par exemple \u00e0 la femme des droits sans \u00e9quivalent dans le monde arabe. Il abolit notamment la polygamie et la r\u00e9pudiation, exige, pour le mariage, le consentement mutuel des futurs \u00e9poux, autorise le divorce et l\u00e9galise l&rsquo;avortement. <\/font><\/span><\/p>\n<p><span lang=\"FR\"><font face=\"Arial\">Ces mesures \u00e9taient non seulement exceptionnelles pour un pays arabe, mais aussi exceptionnelles par rapport \u00e0 l&rsquo;\u00e9poque o\u00f9 les discriminations contre les femmes \u00e9taient encore tr\u00e8s ancr\u00e9es m\u00eame dans les pays d\u00e9velopp\u00e9s.<\/font><\/span><\/p>\n<p><span lang=\"FR\"><font face=\"Arial\">D\u00e8s lors, les Tunisiennes acc\u00e8dent \u00e0 un statut in\u00e9dit dans le monde arabe, d\u00e9passant m\u00eame celui des fran\u00e7aises dans certains domaines (L&rsquo;avortement ne sera l\u00e9galis\u00e9 qu&rsquo;en 1975 en France) ou de celui des Europ\u00e9ennes (les Tunisiennes ont obtenu le droit de vote en 1966, avant les Suisses en 1971 ou les Portugaises en 1975).<\/font><\/span><\/p>\n<h3 style=\"color: blue;\"><span lang=\"FR\"><font face=\"Arial\">Le coup d&rsquo;\u00e9tat m\u00e9dical de Ben Ali et les espoirs d\u00e9\u00e7us<\/font><\/span><\/h3>\n<p><span lang=\"FR\"><font face=\"Arial\">Poursuivant la construction d&rsquo;un Etat moderne, Bourguiba fait de la Tunisie un pays avec de nombreux atouts au d\u00e9but des ann\u00e9es 80 : une soci\u00e9t\u00e9 \u00e0 majorit\u00e9 urbaine, une d\u00e9mographie maitris\u00e9e, des droits pour les femmes, un taux d&rsquo;alphab\u00e9tisation \u00e9lev\u00e9, une classe intellectuelle de haut niveau, une classe moyenne non n\u00e9gligeable, une \u00e9conomie en forte croissance, et une forte culture patriotique.<\/font><\/span><\/p>\n<p><span lang=\"FR\"><font face=\"Arial\">Cependant, sa fin de r\u00e8gne fut loin d&rsquo;\u00eatre \u00e0 la hauteur du charismatique et visionnaire chef d&rsquo;Etat qu&rsquo;il fut dans les 20 premi\u00e8res ann\u00e9es. <\/font><\/span><\/p>\n<p><span lang=\"FR\"><font face=\"Arial\">Obnubil\u00e9 par la place qu&rsquo;il laissera dans l&rsquo;histoire, marqu\u00e9 par son \u00e2ge et une sant\u00e9 d\u00e9clinante, incapable d&#8217;emp\u00eacher la soci\u00e9t\u00e9 tunisienne de glisser vers l&rsquo;islamisme et le client\u00e9lisme, celui qui s&rsquo;\u00e9tait autoproclam\u00e9 \u00ab Pr\u00e9sident a vie \u00bb se fait destituer \u00ab en douceur \u00bb en 1987 par son Premier Ministre, Zine El Abidine Ben Ali.<\/font><\/span><\/p>\n<p><span lang=\"FR\"><font face=\"Arial\">Ce coup d&rsquo;Etat \u00ab m\u00e9dical \u00bb donnera une nouvelle impulsion a la Tunisie, convaincue que le pr\u00e9sident Ben Ali sera l&rsquo;homme du changement tant attendu, capable de moderniser le pays et de faire la transition vers la d\u00e9mocratie en mettant notamment fin \u00e0 30 ans de parti unique.<\/font><\/span><\/p>\n<p><span lang=\"FR\"><font face=\"Arial\">S&rsquo;appuyant sur des technocrates de haut niveau, le nouveau r\u00e9gime entreprend des reformes \u00e9conomiques en lib\u00e9ralisant l&rsquo;\u00e9conomie tunisienne et en acc\u00e9l\u00e9rant son insertion dans les \u00e9changes mondiaux. <\/font><\/span><\/p>\n<p><span lang=\"FR\"><font face=\"Arial\">Ces politiques \u00e9conomiques portent ses fruits, puisque la Tunisie est r\u00e9guli\u00e8rement cit\u00e9e dans les ann\u00e9es 2000 comme un exemple de d\u00e9veloppement r\u00e9ussi par les agences de notations et les institutions internationales \u00e0 l&rsquo;instar du FMI ou de la Banque mondiale. <\/font><\/span><\/p>\n<h3 style=\"color: blue;\"><span lang=\"FR\"><font face=\"Arial\">Une r\u00e9ussite \u00e9conomique menac\u00e9e par les d\u00e9rives du r\u00e9gime<\/font><\/span><\/h3>\n<p><span lang=\"FR\"><font face=\"Arial\">Alors qu&rsquo;elle dispose de peu de ressources naturelles compar\u00e9e \u00e0 ses voisins, la Tunisie parvient, en diversifiant son \u00e9conomie (tourisme, agriculture, industries agroalimentaires, m\u00e9caniques, \u00e9lectriques, \u00e9lectroniques, nouvelles technologies de la communication\u2026) \u00e0 atteindre un des niveaux de d\u00e9veloppement et un des revenus par habitant les plus \u00e9lev\u00e9s d&rsquo;Afrique.<\/font><\/span><\/p>\n<p><span lang=\"FR\"><font face=\"Arial\">Cette r\u00e9ussite \u00e9conomique et l&rsquo;attrait des investisseurs \u00e9trangers en Tunisie s&rsquo;expliquent par la qualit\u00e9 de sa main d&rsquo;\u0153uvre, qualifi\u00e9e et relativement bon march\u00e9.<\/font><\/span><\/p>\n<p><span lang=\"FR\"><font face=\"Arial\">Mais la gouvernance s\u00e9curitaire, les passe-droits, le n\u00e9potisme et la corruption de ce r\u00e9gime finissent par entraver la croissance. Les ann\u00e9es 2000 ont aussi vu le clan de la famille du Pr\u00e9sident profiter progressivement des fruits de la props\u00e9rit\u00e9 tunisienne en s&rsquo;accaparant des entreprises florissantes, en monopolisant toutes les n\u00e9gociations avec les investisseurs \u00e9trangers et en spoliant les grands propri\u00e9taires immobiliers.<\/font><\/span><\/p>\n<p><span lang=\"FR\"><font face=\"Arial\">En cons\u00e9quence, alors que la Tunisie disposaient d&rsquo;hommes et de femmes d&rsquo;affaires dynamiques, entreprenants et innovants, leur volont\u00e9 de d\u00e9velopper leurs activit\u00e9s se trouvait entrav\u00e9e soit parce que leur activisme \u00e9conomique pouvait menacer l&rsquo;ordre \u00e9conomique institu\u00e9, soit par ces individus eux-m\u00eames qui ne souhaitaient pas que leur entreprise prosp\u00e8re au-del\u00e0 d&rsquo;un certain seuil qui attirerait forcement l&rsquo;attention du clan familial du Pr\u00e9sident. <\/font><\/span><\/p>\n<p><span lang=\"FR\"><font face=\"Arial\">En outre, une autre partie de ces hommes et femmes talentueux s&rsquo;\u00e9vertuaient \u00e0 gagner les faveurs du palais pr\u00e9sidentiel, convaincus qu&rsquo;il s&rsquo;agissait du moyen le plus sur d&rsquo;acc\u00e9der au prestige, \u00e0 la richesse et au pouvoir au lieu de mettre leurs comp\u00e9tences au service de r\u00e9alisations \u00e9conomiquement et socialement utiles.<\/font><\/span><\/p>\n<p><span lang=\"FR\"><font face=\"Arial\">Ce mode de gouvernance, en limitant et contraignant les aspirations des Tunisiens, commen\u00e7ait \u00e0 nuire gravement au d\u00e9veloppement \u00e9conomique du pays, comme en t\u00e9moignaient les signes suivants : <\/font><\/span><\/p>\n<ul type=\"disc\">\n<li><span lang=\"FR\"><font face=\"Arial\">des multinationales qui refusaient de s&rsquo;installer en Tunisie au vu de l&rsquo;app\u00e9tit de \u00ab la famille \u00bb,<\/font><\/span><\/li>\n<li><span lang=\"FR\"><font face=\"Arial\">une propri\u00e9t\u00e9 pas toujours bien prot\u00e9g\u00e9e qui sape la confiance des investisseurs et des \u00e9pargnants,<\/font><\/span><\/li>\n<li><span lang=\"FR\"><font face=\"Arial\">des in\u00e9galit\u00e9s croissantes,<\/font><\/span><\/li>\n<li><span lang=\"FR\"><font face=\"Arial\">un ch\u00f4mage galopant notamment chez les jeunes dipl\u00f4m\u00e9s (plus touch\u00e9s par ce fl\u00e9au que les non-dipl\u00f4m\u00e9s ! ). <\/font><\/span><\/li>\n<\/ul>\n<p><span lang=\"FR\"><font face=\"Arial\">Tous ces \u00e9l\u00e9ments expliquent en partie en quoi la gouvernance tunisienne \u00e9tait gangr\u00e9n\u00e9e et opprimait son peuple mais ne rendent cependant pas compte pourquoi et comment la soci\u00e9t\u00e9 tunisienne en a pris conscience et a agi pour s&rsquo;en affranchir.<\/font><\/span><\/p>\n<h3 style=\"color: blue;\"><span lang=\"FR\"><font face=\"Arial\">Autant d&rsquo;\u00e9tudiants qu&rsquo;au Maroc, trois fois plus peupl\u00e9<\/font><\/span><\/h3>\n<p><span lang=\"FR\"><font face=\"Arial\">Evidemment, nul ne remet en cause que l&rsquo;effet d\u00e9clencheur a \u00e9t\u00e9 le malheureux suicide du jeune marchand ambulant Mohamed Bouazizi, de m\u00eame que l&rsquo;on s&rsquo;accorde \u00e0 dire que <\/font><font><a href=\"http:\/\/www.lemonde.fr\/documents-wikileaks\/article\/2011\/01\/15\/wikileaks-corruption-en-tunisie-ce-qui-est-a-vous-est-a-moi_1465990_1446239.html\" target=\"_blank\" rel=\"noopener\"><b><font face=\"Arial\">les fuites de l&rsquo;ambassade am\u00e9ricaine \u00e0 Tunis<\/font><\/b><\/a><\/font><font face=\"Arial\"> sur le r\u00e9gime de Ben Ali via Wikileaks ont contribu\u00e9 au r\u00e9veil de l&rsquo;opinion publique tunisienne. <\/font><\/span><\/p>\n<p><span lang=\"FR\"><font face=\"Arial\">En revanche, ce qui est plus difficile \u00e0 cerner r\u00e9side sur le fait que ce soit en Tunisie que ces mouvements d&rsquo;\u00e9mancipation des r\u00e9gimes autoritaires ont pris leur essor. Beaucoup d&rsquo;autres pays arabes concentrent les m\u00eames maux : majorit\u00e9 de jeunes au sein de la population, ch\u00f4mage end\u00e9mique, concentration des richesses aux mains de quelques uns, libert\u00e9 d&rsquo;expression b\u00e2illonn\u00e9e\u2026<\/font><\/span><\/p>\n<p><span lang=\"FR\"><font face=\"Arial\">La sp\u00e9cificit\u00e9 de la Tunisie tient justement \u00e0 sa population qui est compos\u00e9e d&rsquo;une large classe moyenne \u00e9duqu\u00e9e, r\u00e9sultat sans aucun doute de la politique d&rsquo;\u00e9ducation publique g\u00e9n\u00e9ralis\u00e9e initi\u00e9e par le pr\u00e9sident Bourguiba. <\/font><\/span><\/p>\n<p><span lang=\"FR\"><font face=\"Arial\">Aujourd&rsquo;hui, la Tunisie compte autant d&rsquo;\u00e9tudiants que le Maroc dont la population est trois fois sup\u00e9rieure. De plus, les femmes \u00e9taient plus pr\u00e9sentes dans la r\u00e9volution \u00ab de jasmin \u00bb que lors des soul\u00e8vements populaires en Egypte, en Lybie ou au Y\u00e9men. <\/font><\/span><\/p>\n<p><span lang=\"FR\"><font face=\"Arial\">C&rsquo;est tr\u00e8s certainement aussi l&rsquo;h\u00e9ritage de la politique d&rsquo;\u00e9mancipation des femmes voulue par le p\u00e8re de l&rsquo;ind\u00e9pendance tunisienne. Toutes les conditions \u00e9taient r\u00e9unies pour que les tunisiens \u00e9crivent une nouvelle page de leur histoire, d\u00e9j\u00e0 riche depuis l&rsquo;Antiquit\u00e9 et la civilisation carthaginoise.<\/font><\/span><\/p>\n<p><span lang=\"FR\"><font face=\"Arial\">Ces caract\u00e9ristiques tunisiennes ont certainement contribu\u00e9 \u00e0 la prise de conscience de ce peuple qu&rsquo;il lui appartenait de mettre fin \u00e0 des d\u00e9cennies de dictature et de corruption. <\/font><\/span><\/p>\n<h3 style=\"color: blue;\"><span lang=\"FR\"><font face=\"Arial\">Une transition d\u00e9mocratique difficile mais pleine d&rsquo;espoirs<\/font><\/span><\/h3>\n<p><span lang=\"FR\"><font face=\"Arial\">Elles lui ont donn\u00e9 la force de ne plus avoir peur et de d\u00e9noncer collectivement un r\u00e9gime qui les faisait suffoquer. Elles lui ont enfin rappel\u00e9 que la d\u00e9mocratie n&rsquo;\u00e9tait pas une valeur occidentale mais universelle et que la libert\u00e9 d&rsquo;expression \u00e9tait un tr\u00e9sor m\u00e9rit\u00e9 par tous les peuples du monde qu&rsquo;il lui fallait conqu\u00e9rir et pr\u00e9server. <\/font><\/span><\/p>\n<p><span lang=\"FR\"><font face=\"Arial\">Galvanis\u00e9es par la Tunisie, les populations arabes ont \u00e0 leur tour eu le courage de combattre l&rsquo;injustice et l&rsquo;arbitraire dans leur pays. Nul ne sait ce que donneront exactement ces mouvements mais le changement est in\u00e9luctable et augure d&rsquo;un horizon meilleur pour ces jeunes g\u00e9n\u00e9rations.<\/font><\/span><\/p>\n<p><span lang=\"FR\"><font face=\"Arial\">Il reste \u00e0 la Tunisie \u00e0 r\u00e9ussir sa transition d\u00e9mocratique pour continuer \u00e0 \u00eatre un exemple \u00e0 suivre pour les autres pays arabes. Le chemin sera sans doute long et difficile. <\/font><\/span><\/p>\n<p><span lang=\"FR\"><font face=\"Arial\">Mais si l&rsquo;on acc\u00e9l\u00e8re l&rsquo;int\u00e9gration des femmes dans la vie politique et \u00e9conomique du pays et si l&rsquo;on exploite mieux la qualit\u00e9 de son capital humain notamment des jeunes, nul doute que l&rsquo;avenir de la Tunisie s&rsquo;av\u00e8re ensoleill\u00e9\u2026<\/font><\/span><\/p>\n<p align=\"justify\"><span lang=\"FR\"><font face=\"Arial\">Source : \u00ab rue 89 \u00bb Le27-04 2011-04-27<\/font><\/span><\/p>\n<div>\n<p align=\"justify\"><span lang=\"FR\"><font face=\"Arial\">Lien : <\/font><a href=\"http:\/\/www.rue89.com\/2011\/04\/27\/aux-origines-de-la-revolution-tunisienne-lheritage-de-bourguiba-200973\" target=\"_blank\" rel=\"noopener\"><font face=\"Arial\">http:\/\/www.rue89.com\/2011\/04\/27\/aux-origines-de-la-revolution-tunisienne-lheritage-de-bourguiba-200973<\/font><\/a><\/span><\/p>\n<\/div>\n<p align=\"center\"><b><span lang=\"FR\"><\/p>\n<h3 style=\"color: blue;\"><font face=\"Arial\">De Facebook \u00e0 la galerie d&rsquo;art, les images qui ont fait la r\u00e9volution<\/font><\/h3>\n<p> <\/span><\/b><\/p>\n<hr\/>\n<p>\u00a0<\/p>\n<p><span lang=\"FR\"><font face=\"Arial\">Jusqu&rsquo;\u00e0 la chute du dictateur, \u00e9crire \u00ab D\u00e9gage Ben Ali ! \u00bb sur un mur, sur une toile ou sur la Toile \u00e9tait passible d&#8217;emprisonnement en Tunisie. Certains artistes, tels que Zed, un graphiste maroco-tunisien ou encore Z, un blogueur-caricaturiste, prenaient pourtant le risque d&rsquo;exprimer leur r\u00e9volte contre le r\u00e9gime liberticide.<\/font><\/span><\/p>\n<p><span lang=\"FR\"><font face=\"Arial\">Zed raconte son quotidien, quand il \u00e9tudiait les beaux-arts \u00e0 <\/font><font><a href=\"http:\/\/fr.wikipedia.org\/wiki\/Nabeul\" target=\"_blank\" rel=\"noopener\"><b><font face=\"Arial\">Nabeul<\/font><\/b><\/a><\/font><font face=\"Arial\">, sous le r\u00e9gime de Ben Ali : <\/font><\/span><\/p>\n<p><span lang=\"FR\"><font face=\"Arial\">\u00ab Pour acheter une bombe de peinture, il fallait donner une pi\u00e8ce d&rsquo;identit\u00e9. La photo, la vid\u00e9o \u00e9taient extr\u00eamement surveill\u00e9es. Il fallait aller au poste de police pour obtenir une autorisation et c&rsquo;\u00e9tait les humiliations et les insultes\u2026<\/font><\/span><\/p>\n<p><span lang=\"FR\"><font face=\"Arial\">D\u00e8s que l&rsquo;on sortait un appareil photo, la police venait, je me souviens d&rsquo;une anecdote o\u00f9 la police a d\u00e9truit les appareils de l&rsquo;Institut sup\u00e9rieur des Beaux-Arts, ils voulaient r\u00e9cup\u00e9rer des pellicules sur des r\u00e9flexes num\u00e9riques ! <\/font><\/span><\/p>\n<p><span lang=\"FR\"><font face=\"Arial\">On se sentait oppress\u00e9s. La culture \u00e9tait surveill\u00e9e par Ben Ali, il n&rsquo;y avait pas de sc\u00e8ne culturelle alternative. \u00bb<\/font><\/span><\/p>\n<p><span lang=\"FR\"><font face=\"Arial\">Cette sc\u00e8ne culturelle alternative, quasi-invisible il y a quelques mois, est \u00e0 d\u00e9couvrir \u00e0 la <\/font><font><a href=\"http:\/\/www.itinerrance.fr\/\" target=\"_blank\" rel=\"noopener\"><b><font face=\"Arial\">gal\u00e9rie Itin\u00e9rrance<\/font><\/b><\/a><font face=\"Arial\"> jusqu&rsquo;au 30 avril. L&rsquo;exposition s&rsquo;intitule \u00ab D\u00e9gage ! \u00bb \u2013 en r\u00e9f\u00e9rence au terme <\/font><a href=\"http:\/\/www.rue89.com\/2011\/2011\/01\/17\/tunisie-cest-la-revolution-degage-186159\" target=\"_blank\" rel=\"noopener\"><b><font face=\"Arial\">scand\u00e9 par les Tunisiens rassembl\u00e9s le 14 janvier<\/font><\/b><\/a><\/font><font face=\"Arial\">, sur l&rsquo;avenue Bourguiba \u00e0 Tunis, \u00e0 l&rsquo;attention du dictateur Ben Ali qui, le soir m\u00eame, prit la fuite.<\/font><\/span><\/p>\n<h3 style=\"color: blue;\"><span lang=\"FR\"><font face=\"Arial\">\u00ab Des artistes enfin libres de s&rsquo;exprimer et de circuler \u00bb<\/font><\/span><\/h3>\n<p><span lang=\"FR\"><font face=\"Arial\">L&rsquo;id\u00e9e de rendre hommage \u00e0 ces artistes, ayant pris le risque de s&rsquo;engager contre le r\u00e9gime du dictateur tunisien, s&rsquo;est impos\u00e9e comme une \u00e9vidence \u00e0 Mehdi Ben Cheikh, directeur de la galerie : <\/font><\/span><\/p>\n<p><span lang=\"FR\"><font face=\"Arial\">\u00ab J&rsquo;ai v\u00e9cu vingt ans en Tunisie. Le 12 janvier, je me suis rendu l\u00e0-bas pour participer aux manifestations. Deux jours plus tard <\/font><font><a href=\"http:\/\/www.rue89.com\/2011\/01\/14\/revolution-du-jasmin-ben-ali-a-quitte-le-pouvoir-et-la-tunisie-185659\" target=\"_blank\" rel=\"noopener\"><b><font face=\"Arial\">Ben Ali quittait la Tunisie<\/font><\/b><\/a><\/font><font face=\"Arial\"> et je suis rest\u00e9 quinze jours. Je suis revenu avec l&rsquo;id\u00e9e de monter quelque chose [\u2026] avec ces artistes enfin libres de s&rsquo;exprimer et de circuler. \u00bb<\/font><\/span><\/p>\n<p><span lang=\"FR\"><font face=\"Arial\">Le concept de Mehdi Ben Cheikh s\u00e9duit la mairie du XIIIe. Cette derni\u00e8re accepte que le \u00ab pochoiriste \u00bb Rero appose, le 13 avril, sur la fa\u00e7ade d&rsquo;un immeuble, prochainement d\u00e9moli, situ\u00e9 au 81-83, rue du Chevaleret. Une \u0153uvre \u00e9ph\u00e9m\u00e8re repr\u00e9sentant en lettres g\u00e9antes l&#8217;embl\u00e9matique verbe \u00e0 l&rsquo;imp\u00e9ratif<\/font><\/span><\/p>\n<p><span lang=\"FR\"><font face=\"Arial\">\u00ab Bikolli hazm \u00bb est une autre \u0153uvre embl\u00e9matique de la r\u00e9volution tunisienne. Zed l&rsquo;a publi\u00e9e le 8 janvier, une semaine avant la chute du dictateur, sur son compte Facebook : <\/font><\/span><\/p>\n<p><span lang=\"FR\"><font face=\"Arial\">\u00ab J&rsquo;ai cr\u00e9\u00e9 cette \u0153uvre le 7 janvier, le soir du second discours de Ben Ali en r\u00e9action \u00e0 ces propos o\u00f9 il insistait sur le fait qu&rsquo;il allait \u00eatre ferme. C&rsquo;est pourquoi ce tableau s&rsquo;intitule \u201cBikolli hazm\u201d, \u201cAvec fermet\u00e9\u201d en fran\u00e7ais. <\/font><\/span><\/p>\n<p><span lang=\"FR\"><font face=\"Arial\">J&rsquo;ai post\u00e9 le soir-m\u00eame. Ma famille m&rsquo;a demand\u00e9 de l&rsquo;enlever, mes proches trouvaient cela trop dangereux \u2026 ce que j&rsquo;ai fait. La nuit suivante, je l&rsquo;ai finalement remise, il y avait eu trop de morts, je ne pouvais pas faire autrement. \u00bb<\/font><\/span><\/p>\n<p><span lang=\"FR\"><font face=\"Arial\">Quelques heures plus tard, des milliers de tunisiens l&rsquo;utilisent comme image de profil Facebook. Comme un cri de ralliement contre le pouvoir en place : <\/font><\/span><\/p>\n<p><span lang=\"FR\"><font face=\"Arial\">Il \u00e9voque avec passion sa r\u00e9alisation : <\/font><\/span><\/p>\n<p><span lang=\"FR\"><font face=\"Arial\">\u00ab J&rsquo;ai utilis\u00e9 une sculpture sovi\u00e9tique, <\/font><font><a href=\"http:\/\/blog.cfpj.com\/francerussie\/2009\/12\/03\/louvrier-et-la-kolkhozienne-adversaires-princicipals-de-la-tour-eiffel-reviennent\/\" target=\"_blank\" rel=\"noopener\"><b><font face=\"Arial\">\u201cL&rsquo;Ouvrier et la Kolkhozienne\u201d<\/font><\/b><\/a><font face=\"Arial\">, parce que j&rsquo;adore ce style et j&rsquo;ai remplac\u00e9 le marteau et la faucille, par un drapeau tunisien et un fusil. Je me suis inspir\u00e9 \u00e9galement de <\/font><a href=\"http:\/\/fr.wikipedia.org\/wiki\/La_Libert\u00e9_guidant_le_peuple\" target=\"_blank\" rel=\"noopener\"><b><font face=\"Arial\">\u201cLa libert\u00e9 guidant le peuple\u201d<\/font><\/b><\/a><\/font><font face=\"Arial\">.<\/font><\/span><\/p>\n<p><span lang=\"FR\"><font face=\"Arial\">Je ne pensais pas qu&rsquo;elle aurait un tel impact\u2026 Je n&rsquo;aurai pas pu la r\u00e9aliser sur place, j&rsquo;ai pu le faire, parce qu&rsquo;en France, j&rsquo;avais le recul n\u00e9cessaire face aux \u00e9v\u00e9nements. <\/font><\/span><\/p>\n<p><span lang=\"FR\"><font face=\"Arial\">Je suis rentr\u00e9 en Tunisie le 16 janvier, tout \u00e9tait sous le contr\u00f4le de l&rsquo;arm\u00e9e et j&rsquo;ai pris des photographies pour faire les autres tableaux. \u00bb<\/font><\/span><\/p>\n<p><span lang=\"FR\"><font face=\"Arial\">Mehdi Ben Cheikh pr\u00e9cise : <\/font><\/span><\/p>\n<p><span lang=\"FR\"><font face=\"Arial\">\u00ab Cette \u0153uvre est devenue l&rsquo;image symbole de la r\u00e9volution tunisienne, toute cette g\u00e9n\u00e9ration de <\/font><font><a href=\"http:\/\/www.rue89.com\/yeti-voyageur\/2011\/01\/14\/tunisie-la-premiere-revolution-populaire-de-lere-numerique-185707\" target=\"_blank\" rel=\"noopener\"><b><font face=\"Arial\">jeunes \u201cgeek\u201d communiquant via Internet<\/font><\/b><\/a><font face=\"Arial\"> et les<\/font><a href=\"http:\/\/www.rue89.com\/2011\/01\/22\/apres-la-tunisie-internet-sert-il-a-faire-la-revolution-186859\" target=\"_blank\" rel=\"noopener\"><b><font face=\"Arial\">r\u00e9seaux sociaux<\/font><\/b><\/a><\/font><font face=\"Arial\">. \u00bb<\/font><\/span><\/p>\n<p><span lang=\"FR\"><font face=\"Arial\">En outre, tout au long de la r\u00e9volution de Jasmin, Zed a permis \u00e0 de nombreux tunisiens de visionner des vid\u00e9os censur\u00e9es par les autorit\u00e9s. Il t\u00e9moigne : <\/font><\/span><\/p>\n<p><span lang=\"FR\"><font face=\"Arial\">\u00ab Heureusement, nous avions Facebook, c&rsquo;\u00e9tait impressionnant de voir comment des groupes de plusieurs milliers de personnes se cr\u00e9aient en quinze minutes : tout circulait, les vid\u00e9os, les photos\u2026 <\/font><\/span><\/p>\n<p><span lang=\"FR\"><font face=\"Arial\">Avec un ami, nous nous sommes relay\u00e9s jour et nuit pour poster des vid\u00e9os, il fallait que le peuple tunisien soit inform\u00e9. \u00bb<\/font><\/span><\/p>\n<h4 style=\"color: blue;\"><span lang=\"FR\"><font face=\"Arial\">\u00ab Je me suis senti investi d&rsquo;une mission \u00bb<\/font><\/span><\/h4>\n<p><span lang=\"FR\"><font face=\"Arial\">Z, quant \u00e0 lui, cr\u00e9e en 2007 le blog satirique D\u00e9batTunisie o\u00f9 il d\u00e9nonce les d\u00e9rives et abus de l&rsquo;ancien r\u00e9gime : <\/font><\/span><\/p>\n<p><span lang=\"FR\"><font face=\"Arial\">\u00ab Petit \u00e0 petit, la forme qui s&rsquo;est impos\u00e9e a \u00e9t\u00e9 celle de la caricature accompagn\u00e9e d&rsquo;un texte. (\u2026) La caricature existait en Tunisie, mais elle n&rsquo;\u00e9tait pas du tout politique, j&rsquo;ai donc profit\u00e9 de la br\u00e8che. Internet \u00e9tait tr\u00e8s contr\u00f4l\u00e9.<\/font><\/span><\/p>\n<p><span lang=\"FR\"><font face=\"Arial\">J&rsquo;avais tout de m\u00eame des visiteurs gr\u00e2ce \u00e0 Facebook et aux proxys utilis\u00e9s pour surfer anonymement sur le Web. Au fur et \u00e0 mesure, je recevais des mails de soutien des lecteurs et petit \u00e0 petit, je me suis senti investi d&rsquo;une mission. \u00bb<\/font><\/span><\/p>\n<p><span lang=\"FR\"><font face=\"Arial\">Sous cette caricature, Z \u00e9crit, sur le blog <\/font><font><a href=\"http:\/\/debatunisie.canalblog.com\/archives\/2011\/01\/08\/20072915.html\" target=\"_blank\" rel=\"noopener\"><b><font face=\"Arial\">D\u00e9batTunisie<\/font><\/b><\/a><\/font><font face=\"Arial\">, le 8 janvier : <\/font><\/span><\/p>\n<p><span lang=\"FR\"><font face=\"Arial\">\u00ab Notre seul mot d&rsquo;ordre ne peut \u00eatre aujourd&rsquo;hui que : \u201cDehors Ben Ali ! \u201d. Si \u00e0 l&rsquo;unisson, de <\/font><font><a href=\"http:\/\/fr.wikipedia.org\/wiki\/Tataouine\" target=\"_blank\" rel=\"noopener\"><b><font face=\"Arial\">Tataouine<\/font><\/b><\/a><font face=\"Arial\"> \u00e0 <\/font><a href=\"http:\/\/fr.wikipedia.org\/wiki\/Bizerte\" target=\"_blank\" rel=\"noopener\"><b><font face=\"Arial\">Bizerte,<\/font><\/b><\/a><\/font><font face=\"Arial\"> nous scandions ce slogan (qui commence d&rsquo;ailleurs \u00e0 s&rsquo;exprimer ici et l\u00e0) il est \u00e0 esp\u00e9rer que ceux qui tiennent les armes, police et militaires, se rangeront aussi du c\u00f4t\u00e9 de la population\u2026 \u00bb<\/font><\/span><\/p>\n<p><span lang=\"FR\"><font face=\"Arial\">Il devient rapidement un des caricaturistes les plus c\u00e9l\u00e8bres de Tunisie et commence \u00e0 d\u00e9ranger le pouvoir en place, qui le classe parmi les \u00ab cyberdissidents \u00bb :<\/font><\/span><\/p>\n<p><span lang=\"FR\"><font face=\"Arial\">\u00ab J&rsquo;ai \u00e9t\u00e9 censur\u00e9 en 2008, fort heureusement, j&rsquo;avais veill\u00e9 d\u00e8s le d\u00e9part \u00e0 \u00eatre anonyme. Je me connectais de mani\u00e8re s\u00e9curis\u00e9e. Cela m&rsquo;a permis pouvoir exprimer les v\u00e9ritables probl\u00e8mes de la Tunisie, \u00e0 savoir la mainmise du clan Ben Ali sur toutes les richesses et projets du pays. \u00bb<\/font><\/span><\/p>\n<h4 style=\"color: blue;\"><span lang=\"FR\"><font face=\"Arial\">\u00ab On se sentait oppress\u00e9. La culture \u00e9tait surveill\u00e9e par Ben Ali \u00bb<\/font><\/span><\/h4>\n<p><span lang=\"FR\"><font face=\"Arial\">L&rsquo;ann\u00e9e 2009 sera particuli\u00e8rement difficile pour Z, une blogueuse, avec qui il communique r\u00e9guli\u00e8rement, est arr\u00eat\u00e9e et plac\u00e9e en garde \u00e0 vue pendant cinq jours.<\/font><\/span><\/p>\n<p><span lang=\"FR\"><font face=\"Arial\">\u00ab C&rsquo;\u00e9tait une tentative pour me faire sortir de mon trou et envoyer un signal fort \u00e0 tous ceux qui commen\u00e7aient \u00e0 vouloir \u201cfaire chier le syst\u00e8me\u201d. J&rsquo;ai redoubl\u00e9 de pr\u00e9cautions car je ne savais pas s&rsquo;ils m&rsquo;avaient identifi\u00e9 ou pas. <\/font><\/span><\/p>\n<p><span lang=\"FR\"><font face=\"Arial\">J&rsquo;ai pass\u00e9 un an \u00e0 Paris sans voir mes proches afin de ne pas les mettre en danger. Voyant que mes parents n&rsquo;\u00e9taient pas emb\u00eat\u00e9s, j&rsquo;ai compris qu&rsquo;ils n&rsquo;avaient pas r\u00e9ussi \u00e0 m&rsquo;identifier. J&rsquo;ai pris mon courage \u00e0 deux mains et je suis rentr\u00e9. \u00bb<\/font><\/span><\/p>\n<p><span lang=\"FR\"><font face=\"Arial\">M\u00eame si les maisons d&rsquo;\u00e9dition et les t\u00e9l\u00e9visions le courtisent, le caricaturiste Z tient, quant \u00e0 lui, plus que jamais \u00e0 son anonymat. Vingt ann\u00e9es de dictature l&rsquo;ont rendu prudent, m\u00eame s&rsquo;il estime que la \u00ab principale r\u00e9volution s&rsquo;est faite dans les t\u00eates : nous n&rsquo;avons plus peur. Mais l&rsquo;anonymat me garantit une totale libert\u00e9 \u00bb.<\/font><\/span><\/p>\n<p><span lang=\"FR\"><font face=\"Arial\">L&rsquo;exposition pr\u00e9sente \u00e9galement les \u0153uvres des Iraniens ICY &amp; SOT, qui continuent la lutte en taguant les murs de T\u00e9h\u00e9ran. <\/font><\/span><\/p>\n<p><span lang=\"FR\"><font face=\"Arial\">Source : \u00ab Rue 89 \u00bb Le 27-04-2011<\/font><\/span><\/p>\n<div>\n<p><span lang=\"FR\"><font face=\"Arial\">Lien : <\/font><a href=\"http:\/\/www.rue89.com\/2011\/04\/27\/de-facebook-a-la-galerie-dart-ces-images-qui-ont-fait-degager-ben-ali-200928\" target=\"_blank\" rel=\"noopener\"><font face=\"Arial\">http:\/\/www.rue89.com\/2011\/04\/27\/de-facebook-a-la-galerie-dart-ces-images-qui-ont-fait-degager-ben-ali-200928<\/font><\/a><\/span><\/p>\n<\/div>\n<p align=\"center\"><b><span lang=\"FR\"><\/p>\n<h4 style=\"color: blue;\"><font face=\"Arial\">Tunisie : Kallel, Trabelsi et Abdallah, prix de la Paix ?<\/font><\/h4>\n<p> <\/span><\/b><\/p>\n<hr\/>\n<p>\u00a0<\/p>\n<p><strong><span lang=\"FR\"><font face=\"Arial\">Des lettres ouvertes ang\u00e9liques sont adress\u00e9es par d\u2019ex-responsables politiques aux Tunisiens. C\u2019est \u00e0 se demander si les membres du jury du prix Nobel de la paix, peuvent trouver mieux qu\u2019Abdelwaheb Abdallah, Abdallah Kallel et Imed Trabelsi ! A moins que Zaba, encore une fois, ne les coiffe au poteau.<\/font><\/span><\/strong><\/p>\n<p><span lang=\"FR\"><font face=\"Arial\">Depuis l\u2019arrestation des figures embl\u00e9matiques du gouvernement de Ben Ali ainsi que certains membres de sa famille, on assiste \u00e0 une nouvelle tendance, \u00e0 savoir, les lettres ouvertes \u00e9crites par les d\u00e9tenus ou par leurs enfants. De vraies performances litt\u00e9raires. Le plus \u00e9trange dans ce ph\u00e9nom\u00e8ne, c\u2019est, qu\u2019\u00e0 la lecture des lettres, on commence \u00e0 se demander pourquoi ne pas attribuer un prix Nobel aux anciens serviteurs de Ben Ali. Apr\u00e8s tout, ni Dalai Lama ni Nelson Mandela ni m\u00eame M\u00e8re Teresa ne semblent avoir \u00e9t\u00e9, aussi pacifistes que les valets de l\u2019ancien r\u00e9gime. C\u2019est en tout cas ce qui transparait \u00e0 la lecture des \u0153uvres du cercle rapproch\u00e9 de Zaba.<\/font><\/span><\/p>\n<p><span lang=\"FR\"><font face=\"Arial\">Peu apr\u00e8s l\u2019arrestation de leur p\u00e8re, les fils d\u2019Abdelwaheb Abdallah ont adress\u00e9 une lettre \u00abau peuple tunisien\u00bb publi\u00e9 sur Kapitalis, o\u00f9 ils ont pr\u00e9sent\u00e9 le parcours de leur p\u00e8re et les injustices qu\u2019il a subi de Zaba. Selon eux, Abdelwaheb Abdallah <i>jouait un r\u00f4le de paratonnerre pour Ben Ali<\/i>. Ce dernier l\u2019a limog\u00e9 \u00e0 plusieurs reprises faisant de lui son bouc-\u00e9missaire.<\/font><\/span><\/p>\n<p><span lang=\"FR\"><font face=\"Arial\">Apr\u00e8s cette lettre, on a eu droit \u00e0 la r\u00e9ponse des fils d\u2019Abdallah Kallel, l\u2019ex-ministre de l\u2019int\u00e9rieur sous le r\u00e8gne de Ben Ali. Leur lettre \u00e0 \u00e9t\u00e9 publi\u00e9e sur un blog cr\u00e9\u00e9 \u00e0 cet effet mais \u00e9galement dans le premier num\u00e9ro du journal \u00abAl Joraa\u00bb. Objectif affich\u00e9 : d\u00e9voiler certaines \u00abr\u00e9alit\u00e9s\u00bb \u00e0 travers des \u00abpreuves\u00bb et des \u00abt\u00e9moignages\u00bb qui sont cens\u00e9s d\u00e9montrer l\u2019innocence et l\u2019int\u00e9grit\u00e9 de Kallel. Ce dernier, aurait ainsi m\u00eame \u00e9t\u00e9 victime de la tyrannie de l\u2019ancien r\u00e9gime.<\/font><\/span><\/p>\n<p><span lang=\"FR\"><font face=\"Arial\">Et la cerise sur le g\u00e2teau, c\u2019est la touchante lettre d\u2019Imed Trabelsi parue sur le quotidien Al Chourouk. En effet, le gendre mafieux de Ben Ali a os\u00e9 adresser une lettre aux Tunisiens suite \u00e0 la haine de ses \u00abcompatriotes\u00bb constat\u00e9e lors de sa comparution devant le tribunal. Dans sa lettre, le tendre Imed Trabelsi a ni\u00e9 en masse tout ce que la soci\u00e9t\u00e9 et la justice lui reproche. Il affirme m\u00eame qu\u2019il est un citoyen exemplaire et que seule l\u2019\u00e9thique guide ses actions. Et c\u2019est \u00e0 cause de cette attitude ang\u00e9lique qu\u2019il a \u00e9t\u00e9 rejet\u00e9 par le palais.<\/font><\/span><\/p>\n<p><span lang=\"FR\"><font face=\"Arial\">C\u2019est \u00e0 se demander si les membres du jury du prix Nobel de la paix, peuvent trouver mieux qu\u2019Abdelwaheb Abdallah, Abdallah Kallel et Imed Trabelsi ! A moins que ces candidats visiblement nob\u00e9lisables craignent la rivalit\u00e9 de Zaba lui-m\u00eame. Ben Ali n\u2019a-t-il pas commenc\u00e9 \u00e0 r\u00e9diger son autobiographie ?<\/font><\/span><\/p>\n<p><span lang=\"FR\"><font face=\"Arial\">Source : \u00ab Tekiano \u00bb Le 27-04-2011<\/font><\/span><\/p>\n<div>\n<p><span lang=\"FR\"><font face=\"Arial\">Lien : <\/font><a href=\"http:\/\/www.tekiano.com\/ness\/20-n-c\/3669-tunisie-kallel-trabelsi-et-abdallah-prix-de-la-paix-.html\" target=\"_blank\" rel=\"noopener\"><font face=\"Arial\">http:\/\/www.tekiano.com\/ness\/20-n-c\/3669-tunisie-kallel-trabelsi-et-abdallah-prix-de-la-paix-.html<\/font><\/a><\/span><\/p>\n<\/div>\n<p align=\"center\"><b><span lang=\"FR\"><\/p>\n<h4 style=\"color: blue;\"><font face=\"Arial\">Tunisie\/Sihem Bensedrine : \u201cNous nous battrons jusqu\u2019au bout\u201d<\/font><\/h4>\n<p> <\/span><\/b><\/p>\n<hr\/>\n<p>\u00a0<\/p>\n<p align=\"justify\"><span lang=\"FR\"><font face=\"Arial\">Tenace opposante de Ben Ali , n\u00e9e le 28 octobre 1950 \u00e0 la Marsa, dans la banlieue de Tunis, Sihem Bensedrine est une journaliste et d\u00e9fenseur des droits de l\u2019Homme. Elle a \u00e9tudi\u00e9e en France,\u00e0 l\u2019universit\u00e9 de Toulouse, o\u00f9 elle a obtienu un dipl\u00f4me en philosophie avant de faire ces d\u00e9buts professionnels pour le journal ind\u00e9pendant \u201cLe Phare\u201d en 1980.<\/font><\/span><\/p>\n<p align=\"justify\"><font face=\"Arial\"><span lang=\"FR\"><font>Elle grimpe les \u00e9chelons jusqu\u2019\u00e0 devenir r\u00e9dactrice en chef du service politique pour Maghreb jusqu\u2019en 1983. Les \u201c<\/font><\/span><font><span lang=\"NO-BOK\"><a href=\"http:\/\/fr.wikipedia.org\/wiki\/\u00c9meutes_du_pain\" target=\"_blank\" rel=\"noopener\"><span lang=\"FR\"><font>\u00e9meutes du pains<\/font><\/span><\/a><\/span><\/font><span lang=\"FR\"><font>\u201d et la crise qui en r\u00e9sultera en Tunisie auront raison de la survie du journal. Elle se tourne alors vers l\u2019\u00e9dition en 1988 et fonde sa propre maison, \u201cArcs\u201d qui d\u00e9posera le bilan suite \u00e0 la crise des droits de l\u2019Homme qui secouera le pays. La jeune femme persiste pourtant dans sa voie et devient directrice de la maison d\u2019\u00e9dition \u201cNoir sur Blanc\u201d en 1998.<\/font><\/span><\/font><\/p>\n<p align=\"justify\"><span lang=\"FR\"><font face=\"Arial\">Son combat pour les droits de l\u2019Homme et la libert\u00e9 en Tunisie prend un tournant quand elle fonde la m\u00eame ann\u00e9e le Conseil National Pour Les Libert\u00e9s en Tunisie dont elle assume aussi le r\u00f4le de porte parole, lui conf\u00e9rant par la m\u00eame occasion un statut d\u2019\u00e9nnemie du gouvernement en place.<\/font><\/span><\/p>\n<p align=\"justify\"><span lang=\"FR\"><font face=\"Arial\">Sa parole courageuse, lui servira \u00e0 d\u00e9fendre la libert\u00e9 de la presse ainsi qu\u2019a condamner la corruption et les privil\u00e8ges que s\u2019octroient le gouvernement Ben Ali. Elle devient alors victime d\u2019une campagne de diffamation, dans les journaux proches du gouvernement, d\u00e9crite entre autre comme une prostitu\u00e9e, en raison de ses activit\u00e9s en faveur des droits de l\u2019homme .<\/font><\/span><\/p>\n<p align=\"justify\"><font face=\"Arial\"><span lang=\"FR\"><font>Un an plus tard, elle co-fonde avec Naziha Rjiba, une autre journaliste tunisienne, le magazine en ligne<\/font><\/span><font><span lang=\"NO-BOK\"><a href=\"http:\/\/www.kalima-tunisie.info\/fr\/\" target=\"_blank\" rel=\"noopener\"><span lang=\"FR\"><font> Kalima<\/font><\/span><\/a><\/span><\/font><span lang=\"FR\"><font>. Elle sera arr\u00eat\u00e9 en 2001 \u00e0 l\u2019a\u00e9roport international de Tunis-Carthage, en repr\u00e9sailles \u00e0 une interview t\u00e9l\u00e9vis\u00e9e dans laquelle elle d\u00e9nonce les abus contre les droits de l\u2019Homme et la corruption de la justice tunisienne. Elle est lib\u00e9r\u00e9e un mois plus tard gr\u00e2ce \u00e0 une campagne de soutien \u00e0 la fois en Tunisie et \u00e0 l\u2019\u00e9tranger (plus particuli\u00e8rement en France). En 2004, Bensedrine est honor\u00e9e par l\u2019organisation <em>Canadian Journalists for Free Expression<\/em> qui lui remet un <em>International Press Freedom Award<\/em> en reconnaissance de son courage dans la d\u00e9fense et la promotion de la libert\u00e9 de la presse.<\/font><\/span><\/font><\/p>\n<p align=\"justify\"><span lang=\"FR\"><font face=\"Arial\">Quelques semaines apr\u00e8s la fuite du pr\u00e9sident Ben Ali, Sihem Bensedrine revient sur son combat et la situation toujours compliqu\u00e9e pour la libert\u00e9 de la presse tunisienne.<\/font><\/span><\/p>\n<p align=\"justify\"><strong><span lang=\"FR\"><font face=\"Arial\">Lesinfos.com : Vous avez \u00e9t\u00e9 l\u2019une des premi\u00e8res journalistes \u00e0 d\u00e9noncer la corruption au pouvoir. Cette r\u00e9volution et le d\u00e9part de Ben Ali, c\u2019est un peu l\u2019aboutissement de votre combat ? <\/font><\/span><\/strong><\/p>\n<p align=\"justify\"><span lang=\"FR\"><font face=\"Arial\">Sihem Bensedrine : C\u2019est un peu pr\u00e9tentieux, je pense vraiment que c\u2019est \u00ab notre \u00ab combat, celui des blogueurs, des manifestants, et celui de tout les Tunisiens qui ont v\u00e9cus cette r\u00e9volution, et qui ce sont battus contre les censeurs. C\u2019est gr\u00e2ce \u00e0 leur courage et \u00e0 leur d\u00e9termination, si Ben Ali a quitt\u00e9 la pr\u00e9sidence de la Tunisie.<\/font><\/span><\/p>\n<p align=\"justify\"><strong><span lang=\"FR\"><font face=\"Arial\">Quelle a \u00e9t\u00e9 la part d\u2019implication des femmes en Tunisie lors des r\u00e9voltes ? <\/font><\/span><\/strong><\/p>\n<p align=\"justify\"><span lang=\"FR\"><font face=\"Arial\">Les femmes se sont beaucoup impliqu\u00e9es, il suffit de regarder les images des manifestations \u00e0 la t\u00e9l\u00e9vision, elles \u00e9taient de partout. Cette r\u00e9volution a aussi un visage f\u00e9minin, les tunisiennes encourageaient m\u00eame leurs enfants \u00e0 descendre dans les rues. Elles ont vraiment particip\u00e9 \u00e0 cette r\u00e9volution. C\u2019est aussi la preuve tangible que la r\u00e9volte concernait tout le monde.<\/font><\/span><\/p>\n<p align=\"justify\"><strong><span lang=\"FR\"><font face=\"Arial\">La situation actuelle du pays permet-elle la libert\u00e9 d\u2019expression ? <\/font><\/span><\/strong><\/p>\n<p align=\"justify\"><span lang=\"FR\"><font face=\"Arial\">Non rien n\u2019a chang\u00e9 : la libert\u00e9 d\u2019expression, fut l\u2019une des premi\u00e8res revendications du peuple tunisien, avec la libert\u00e9 des m\u00e9dias, et la libert\u00e9 de ton dans la rue aussi. Aujourd\u2019hui encore, les personnes qui manifestent sur l\u2019avenue Bourguiba \u00e0 Tunis, se font arr\u00eater. La voix de la rue, c\u2019est ce qui les d\u00e9range. On a coup\u00e9 la t\u00eate, mais les anciens du pouvoir sont toujours la, ils sont dans la police, la justice, la soci\u00e9t\u00e9 civile. Il faut imp\u00e9rativement leur enlever le pouvoir et que les jeunes continuent de se mobiliser. Qu\u2019ils \u00ab d\u00e9gagent \u00bb comme on dit chez nous. Qu\u2019ils arr\u00eatent avec la censure et la d\u00e9sinformation. Pour vous donner un exemple concret, un de nos journalistes avait interview\u00e9 une vieille dame dans le nord de la Tunisie, elle lui expliquait les injustices qu\u2019elle subissait depuis longtemps, la force de son t\u00e9moignage est tr\u00e8s importante, mais comme nous ne sommes que sur internet, cette dame ne se verra jamais, et c\u2019est encore plus frustrant pour notre journaliste, car l\u2019impact du net sur les Tunisiens est ind\u00e9niablement moins important que celui de la radio, ou de la t\u00e9l\u00e9.<\/font><\/span><\/p>\n<p align=\"justify\"><font face=\"Arial\"><strong><span lang=\"FR\"><font>Justement pour <\/font><\/span><\/strong><font><strong><span lang=\"NO-BOK\"><a href=\"http:\/\/www.kalimatunisie.com\/\" target=\"_blank\" rel=\"noopener\"><span lang=\"FR\"><font>Radio Kalima<\/font><\/span><\/a><\/span><span lang=\"FR\"> (<\/span><\/strong><em><b><span lang=\"FR\">la parole en tunisien ndlr<\/span><\/b><\/em><\/font><strong><span lang=\"FR\"><font>) que vous avez co-fond\u00e9 en 2000 avec Naziha R\u00e9jiba que va t\u2019il se passer ?<\/font><\/span><\/strong><\/font><\/p>\n<p align=\"justify\"><span lang=\"FR\"><font face=\"Arial\">Nous avons pris rendez vous avec le directeur de la communication en Tunisie, nous n\u2019avons toujours pas le droit de diffuser, comme je vous l\u2019ai d\u00e9j\u00e0 dit, la nouvelle institution est la m\u00eame que la pr\u00e9c\u00e9dente. Nous demandons la lev\u00e9e de la censure, car au m\u00eame moment, les radios de Ben Ali continuent d\u2019\u00e9mettre, et elles ont toutes les libert\u00e9s qu\u2019elles veulent. Le gouvernement nous demande de justifier de tonnes de crit\u00e8res et de moyens financiers \u00e9normes, mais ils sont dans l\u2019ill\u00e9galit\u00e9 la plus totale, puisque il n\u2019existe pas d\u2019autorit\u00e9 de r\u00e9gularisation dans notre pays. Les gens de l\u2019ancien r\u00e9gime ne veulent pas de nous dans le syst\u00e8me m\u00e9diatique. L\u2019enjeu est clair : il y a des \u00e9lections le 24 juillet en Tunisie, encore une fois, la peur de nous laisser nous exprimer est flagrante. Mais nous nous battrons jusque au bout .<\/font><\/span><\/p>\n<p><strong><span lang=\"FR\"><font face=\"Arial\">Qu\u2019avez vous pens\u00e9 de l\u2019attitude de la France envers la Tunisie et des d\u00e9cisions prises ces derniers jours concernant les migrants Tunisiens ?<\/font><\/span><\/strong><\/p>\n<p><span lang=\"FR\"><font face=\"Arial\">Je suis tr\u00e8s d\u00e9\u00e7ue par le gouvernement fran\u00e7ais. Il a clairement cherch\u00e9 \u00e0 maintenir Ben Ali au pouvoir et maintenant il nous consid\u00e8re comme des dangers publics. Il ne fait m\u00eame pas un geste envers ces jeunes, un geste qui ne lui couterait rien. C\u2019est l\u2019avenir d\u2019un pays qui est en jeu. La France doit se racheter, c\u2019est lamentable.<\/font><\/span><\/p>\n<p><span lang=\"FR\"><font face=\"Arial\">Source : \u00ab Lesinfos \u00bb Le 27-04-2011<\/font><\/span><\/p>\n<div>\n<p><span lang=\"FR\"><font face=\"Arial\">Lien : <\/font><a href=\"http:\/\/lesinfos.com\/2011\/04\/26\/tunisiesihem-bensedrine-nous-nous-battrons-jusquau-bout\/\" target=\"_blank\" rel=\"noopener\"><font face=\"Arial\">http:\/\/lesinfos.com\/2011\/04\/26\/tunisiesihem-bensedrine-nous-nous-battrons-jusquau-bout\/<\/font><\/a><\/span><\/p>\n<\/div>\n<p align=\"center\"><b><span lang=\"FR\"><\/p>\n<h4 style=\"color: blue;\"><font face=\"Arial\">Tunisie. Mourou candidat de Ghannouchi \u00e0 la pr\u00e9sidence<\/font><\/h4>\n<p> <\/span><\/b><\/p>\n<hr\/>\n<p>\u00a0<\/p>\n<p><b><span lang=\"FR\"><font face=\"Arial\">Par Ridha K\u00e9fi<\/font><\/span><\/b><\/p>\n<p><span lang=\"FR\"><font face=\"Arial\">Les deux hommes, qui s\u2019adressaient \u00e0 une foule tout acquise, ont commenc\u00e9 par des \u00e9changes d\u2019amabilit\u00e9s, presque des d\u00e9clarations d\u2019amour r\u00e9ciproques. Oubli\u00e9s donc les divergences du pass\u00e9. Enterr\u00e9es les vieilles ranc\u0153urs. Finies les rivalit\u00e9s entre le leader historique et son \u00e9ternel num\u00e9ro 2. De leur long compagnonnage, les deux dirigeants du parti islamiste tunisien ne retiennent plus qu\u2019une amiti\u00e9 de 42 ans, quelques moments difficiles v\u00e9cus ensemble, une cellule de prison partag\u00e9e et des \u00e9changes qui n\u2019ont jamais cess\u00e9, m\u00eame au plus fort de la r\u00e9pression de Ben Ali, lorsque le mouvement a \u00e9t\u00e9 presque d\u00e9mantel\u00e9, Ghannouchi exil\u00e9 \u00e0 Londres et Mourou compl\u00e8tement isol\u00e9 \u00e0 Tunis.<\/font><\/span><\/p>\n<p><font face=\"Arial\"><b><span lang=\"FR\"><font>\u00abCheikh Abdelfattah est mon unique candidat!\u00bb <\/font><\/span><\/b><span lang=\"FR\"><font>Apr\u00e8s avoir entendu les louanges appuy\u00e9es que lui a adress\u00e9es son ami de quarante ans, d\u00e9clam\u00e9es dans un arabe litt\u00e9raire ch\u00e2ti\u00e9 dont le Tunisois a le secret, Ghannouchi a cru devoir lancer, dans un \u00e9lan d\u2019affectueuse reconnaissance, en r\u00e9ponse \u00e0 une question sur ses dispositions \u00e0 se pr\u00e9senter \u00e0 la pr\u00e9sidence de la r\u00e9publique: \u00abJe ne suis candidat \u00e0 aucun r\u00f4le dans l\u2019Etat tunisien. La seule personnalit\u00e9 nationale qui me semble pr\u00e9par\u00e9e \u00e0 tenir un tel r\u00f4le, et \u00e0 laquelle cette question aurait d\u00fb \u00eatre pos\u00e9e, est le cheikh Abdelfattah, lequel est mon unique candidat!\u00bb <\/font><\/span><\/font><\/p>\n<p><font face=\"Arial\"><span lang=\"FR\"><font>On ne peut \u00eatre plus clair\u2026 Cette annonce ne doit rien \u00e0 l\u2019\u00e9motion des retrouvailles. Elle n\u2019a rien non plus de spontan\u00e9e. On peut m\u00eame dire qu\u2019elle a \u00e9t\u00e9 bien pens\u00e9e, m\u00fbrie et sans doute aussi n\u00e9goci\u00e9e. Souvenons-nous: cheikh Mourou avait, il y a quelques semaines, fait peser une vraie fausse \u00abmenace\u00bb de cr\u00e9er son propre parti et de fausser ainsi la compagnie \u00e0 ses compagnons de combat.  Ce n\u2019\u00e9tait, on l\u2019a vite compris, qu\u2019une fausse alerte et une man\u0153uvre tactique. En v\u00e9rit\u00e9, les deux hommes se livraient \u00e0 un jeu de r\u00f4le. Ce qui nous a pouss\u00e9 \u00e0 nous demander, dans un pr\u00e9c\u00e9dent article, si l\u2019avocat tunisois, qui a senti le vent tourner, ne cherchait pas aujourd\u2019hui \u00ab\u00e0 recentrer le mouvement islamiste et \u00e0 le r\u00e9orienter vers des positions plus consensuelles, de mani\u00e8re \u00e0 brasser plus large et \u00e0 cibler un \u00e9lectorat \u00e9chaud\u00e9 par les errements salafistes et qui a tendance mettre tous les \u2018\u2018barbus\u2019\u2019 dans un m\u00eame sac?\u00bb  Me Mourou, \u00e9crivions-nous dans le <\/font><\/span><font><span lang=\"NO-BOK\"><a href=\"http:\/\/www.kapitalis.com\/fokus\/62-national\/3039-tunisie-pour-qui-roulera-me-abdelfattah-mourou-.html\" target=\"_blank\" rel=\"noopener\"><span lang=\"FR\"><font>m\u00eame article<\/font><\/span><\/a><\/span><span lang=\"FR\">, semble avoir \u00abretrouv\u00e9 ses anciennes ambitions politiques, un temps contrari\u00e9es par le syst\u00e8me despotique de l\u2019ex-pr\u00e9sident\u00bb. <\/span><\/font><span lang=\"NO-BOK\"><font>Autant dire donc que notre hypoth\u00e8se s\u2019est finalement v\u00e9rifi\u00e9e\u2026<\/font><\/span><\/font><\/p>\n<p><strong><span lang=\"FR\"><font face=\"Arial\">Une figure plus centriste et plus ouverte <\/font><\/span><\/strong><font><b><span lang=\"FR\"> <\/span><\/b><font face=\"Arial\"><span lang=\"FR\">Ghannouchi, dont l\u2019image est souvent associ\u00e9e, dans l\u2019esprit des Tunisiens, au soufre de l\u2019extr\u00e9misme et du salafisme, a finalement compris, qu\u2019Ennahdha gagnerait beaucoup \u00e0 s\u2019attacher les services de Mourou, une figure plus centriste et plus ouverte, et dont les derniers passages \u00e0 la t\u00e9l\u00e9vision lui ont valu une certaine popularit\u00e9, m\u00eame en dehors du cercle de l\u2019\u00e9lectorat islamiste traditionnel.  En mettant en avant Mourou, Ghannouchi cherche aussi \u00e0 lisser l\u2019image du parti Ennahdha aupr\u00e8s des \u00e9lecteurs issus des classes moyennes sup\u00e9rieures et surtout des femmes qui redoutent la mont\u00e9e des int\u00e9gristes ennemis de l\u2019\u00e9mancipation f\u00e9minine. Au passage, il dame aussi le pion \u00e0 ses alli\u00e9s d\u2019hier, N\u00e9jib Chebbi, leader du Parti d\u00e9mocratique progressiste (Pdp), et Moncef Marzouki, leader du Congr\u00e8s pour la r\u00e9publique (Cpr), qui ont beaucoup soutenu les militants Ennahdha au cours des derni\u00e8res ann\u00e9es du r\u00e8gne de Ben Ali, en esp\u00e9rant peut-\u00eatre gagner la sympathie de leur base. Le blogueur <\/span><span lang=\"NO-BOK\"><a href=\"http:\/\/samibenabdallah.rsfblog.org\/archive\/2011\/04\/25\/rached-ghannouchi-la-politique-ne-pardonne-pas-les-erreures.html\" target=\"_blank\" rel=\"noopener\"><span lang=\"FR\">Sami Ben Abdallah<\/span><\/a><\/span><\/font><\/font><font face=\"Arial\"><font><span lang=\"FR\"> va plus loin en affirmant que, par cette annonce de bon sens, Ghannouchi vient d\u2019\u00abinfliger une grande le\u00e7on de realpolitik \u00e0 ses deux ex-alli\u00e9s (\u2026) qui ont cru durant des ann\u00e9es [le] bluffer et miser sur sa client\u00e8le islamiste\u00bb. Quoi qu\u2019il en soit, il n\u2019est pas dit qu\u2019en mettant en avant l\u2019une de leurs figures les plus rassurantes, les islamistes vont pouvoir vraiment rassurer les Tunisiens sur leurs ambitions \u00e0 moyen et long termes. Le d\u00e9bat sur la place des islamistes dans la sc\u00e8ne politique tunisienne post-r\u00e9volution est donc loin d\u2019\u00eatre clos. <\/span><\/font><span lang=\"NO-BOK\"><font>Il vient juste d\u2019\u00eatre relanc\u00e9&#8230;<\/font><\/span><\/font><\/p>\n<p><span lang=\"FR\"><font face=\"Arial\">Source: \u201dKapitalis\u201d Le 27-04-2011<\/font><\/span><\/p>\n<div>\n<p><span lang=\"FR\"><font face=\"Arial\">Lien: <\/font><a href=\"http:\/\/www.kapitalis.com\/fokus\/62-national\/3690-tunisie-mourou-candidat-de-ghannouchi-a-la-presidence.html\" target=\"_blank\" rel=\"noopener\"><font face=\"Arial\">http:\/\/www.kapitalis.com\/fokus\/62-national\/3690-tunisie-mourou-candidat-de-ghannouchi-a-la-presidence.html<\/font><\/a><\/span><\/p>\n<\/div>\n<h4 align=\"center\" style=\"color: blue;\"><span lang=\"FR\"><\/p>\n<h4 style=\"color: blue;\"><font face=\"Arial\">Le gouvernement relance les grands projets en Tunisie<\/font><\/h4>\n<p> <\/span><\/h4>\n<hr\/>\n<p><span lang=\"FR\"><font face=\"Arial\">Quatre grands projets sont actuellement en cours d\u2019\u00e9tude par une commission technique, cr\u00e9\u00e9 au sein du minist\u00e8re de la Planification et de la Coop\u00e9ration internationale. Cette commission sp\u00e9ciale est compos\u00e9e de repr\u00e9sentants de diff\u00e9rents minist\u00e8res (Equipement, Justice et Finances). <\/font><\/span><\/p>\n<p><span lang=\"FR\"><font face=\"Arial\">Ces quatre projets sont consid\u00e9r\u00e9s comme prioritaires, parmi les 12 grands projets qui ont \u00e9t\u00e9 annonc\u00e9s sous l\u2019ancien r\u00e9gime. <\/font><\/span><\/p>\n<p><font face=\"Arial\"><span lang=\"FR\"><font>Au cours de la conf\u00e9rence de presse tenue ce mercredi 27 avril 2011, <\/font><\/span><font><span lang=\"NO-BOK\"><a href=\"http:\/\/www.webmanagercenter.com\/management\/management\/article-103878-abdelhamid-triki-ministre-de-la-planification-la-tunisie-pourrait-ne-pas-realiser-plus-de-1-de-croissance-cette-annee\" target=\"_blank\" rel=\"noopener\"><span lang=\"FR\"><font>Abdelhamid Triki<\/font><\/span><\/a><\/span><span lang=\"FR\">, ministre de la Planification et de la Coop\u00e9ration internationale du gouvernement provisoire, a pr\u00e9cis\u00e9 que les quatre projets en cours d\u2019\u00e9tude sont <\/span><span lang=\"NO-BOK\"><a href=\"http:\/\/www.webmanagercenter.com\/management\/management\/article-85361-tunisie-immobilier-peut-on-remplacer-sama-dubai\" target=\"_blank\" rel=\"noopener\"><span lang=\"FR\"><font>Sama Duba\u00ef<\/font><\/span><\/a><\/span><span lang=\"FR\">,<\/span><span lang=\"NO-BOK\"><a href=\"http:\/\/www.webmanagercenter.com\/management\/management\/article-82263-tunisie-immobilier-tunis-sports-city-coup-d-envoi-de-la-1ere-tranche-cedar\" target=\"_blank\" rel=\"noopener\"><span lang=\"FR\"><font>Tunis Sport City<\/font><\/span><\/a><\/span><span lang=\"FR\"> (Boukhater), le <\/span><span lang=\"NO-BOK\"><a href=\"http:\/\/www.webmanagercenter.com\/management\/management\/article-93722-tunisie-les-travaux-du-port-financier-de-tunis-debutent-en-decembre-prochain\" target=\"_blank\" rel=\"noopener\"><span lang=\"FR\"><font>Port financier de Tunis <\/font><\/span><\/a><\/span><\/font><span lang=\"FR\"><font>et le projet de plantation foresti\u00e8re dans le gouvernorat de Tataouine, g\u00e9r\u00e9 par le groupe suisse Global Wood Holding. Il a affirm\u00e9 que des contacts ont \u00e9t\u00e9 entam\u00e9s avec les investisseurs concern\u00e9s pour s\u2019assurer de la continuit\u00e9 des projets. Une fois \u00e9tudi\u00e9s par la commission technique, ils seront prochainement transmis au conseil minist\u00e9riel. <\/font><\/span><\/font><\/p>\n<p><span lang=\"FR\"><font face=\"Arial\">Le ministre a indiqu\u00e9, d\u2019un autre c\u00f4t\u00e9, qu\u2019il y avait un manque de transparence dans les transactions qui ont concern\u00e9 les grands projets, pressentis m\u00eame par les investisseurs eux-m\u00eames. Le fait est que ces projets ont \u00e9t\u00e9 g\u00e9r\u00e9s par la Commission des grands projets, cr\u00e9\u00e9e par le pr\u00e9sident d\u00e9chu et pr\u00e9sid\u00e9e par son conseiller Foued Daghfous, et qui a \u00e9t\u00e9, d\u2019ailleurs, dissoute apr\u00e8s la r\u00e9volution du 14 janvier 2011. <\/font><\/span><\/p>\n<p><span lang=\"FR\"><font face=\"Arial\">Ce manque de transparence a \u00e9t\u00e9 d\u00e9voil\u00e9 par, notamment, le retard enregistr\u00e9 dans la r\u00e9alisation de ces projets, alors que les espoirs tablaient sur la cr\u00e9ation de milliers d\u2019emploi, \u00e0 l\u2019instar du projet Sama Duba\u00ef, qui est rest\u00e9 jusqu\u2019\u00e0 maintenant dans le flou le plus total. <\/font><\/span><\/p>\n<p><font face=\"Arial\"><span lang=\"FR\"><font>Des affaires de corruption ont \u00e9t\u00e9, \u00e9galement, r\u00e9v\u00e9l\u00e9es comme celle de la raffinerie de p\u00e9trole de <\/font><\/span><font><span lang=\"NO-BOK\"><a href=\"http:\/\/www.webmanagercenter.com\/management\/management\/article.php?id=102733\" target=\"_blank\" rel=\"noopener\"><span lang=\"FR\"><font>Skhira<\/font><\/span><\/a><\/span><\/font><span lang=\"FR\"><font>.<\/font><\/span><\/font><\/p>\n<p><span lang=\"FR\"><font face=\"Arial\">Source : \u00bbwmc \u00bb Le 27-04-2011<\/font><\/span><\/p>\n<div>\n<p><span lang=\"FR\"><font face=\"Arial\">Lien : <\/font><a href=\"http:\/\/www.webmanagercenter.com\/management\/article-105165-le-gouvernement-relance-les-grands-projets-en-tunisie\" target=\"_blank\" rel=\"noopener\"><font face=\"Arial\">http:\/\/www.webmanagercenter.com\/management\/article-105165-le-gouvernement-relance-les-grands-projets-en-tunisie<\/font><\/a><\/span><\/p>\n<\/div>\n<p align=\"center\"><b><span lang=\"FR\"><\/p>\n<h4 style=\"color: blue;\"><font face=\"Arial\">Tunisie. Sihem Ben Sedrine organise la chasse \u00e0 Borhane Bsa\u00efes<\/font><\/h4>\n<p> <\/span><\/b><\/p>\n<hr\/>\n<p>\u00a0<\/p>\n<p><font face=\"Arial\"><span lang=\"FR\"><font>Malgr\u00e9 le d\u00e9menti d\u2019Hannibal TV, Sihem Ben Sedrine et <\/font><\/span><font><span lang=\"NO-BOK\"><a href=\"http:\/\/www.kalimatunisie.com\/\" target=\"_blank\" rel=\"noopener\"><span lang=\"FR\"><font>radio Kalima<\/font><\/span><\/a><\/span><\/font><span lang=\"FR\"><font> persistent et signent: la chaine priv\u00e9e aurait confi\u00e9 \u00e0 Salwa Bsaies N\u00f4mane l\u2019animation d\u2019une \u00e9mission d\u2019information.<\/font><\/span><\/font><\/p>\n<p><span lang=\"FR\"><font face=\"Arial\">Mme Bsaies N\u00f4mane n\u2019est autre que l\u2019\u00e9pouse de Borhane Bsaies, le c\u00e9l\u00e8bre propagandiste de Ben Ali, des Trabelsi et des autres membres du clan ayant pill\u00e9 la Tunisie. Dire que M. Bsaies a profit\u00e9 des largesses du r\u00e9gime d\u00e9chu, via la tristement c\u00e9l\u00e8bre Agence tunisienne de communication ext\u00e9rieure (Atce), est un euph\u00e9misme. Les enqu\u00eates en cours d\u00e9montreront sans doute l\u2019importance des b\u00e9n\u00e9fices tir\u00e9s par l\u2019int\u00e9ress\u00e9 de ses relations quasi\u00abintimes\u00bb avec le syst\u00e8me Ben Ali. Le pseudo-journaliste \u2013 et instituteur de son \u00e9tat \u2013 s\u2019\u00e9tait illustr\u00e9 par ses attaques en r\u00e8gle contre les opposants \u00e0 Ben Ali, y compris Mme Ben Sedrine, sur les cha\u00eenes nationales et internationales, notamment Al-Jazira.  Reste \u00e0 savoir si la chasse de Mme Ben Sedrine aux symboles du syst\u00e8me d\u2019information de Ben Ali va s\u2019arr\u00eater \u00e0 M. Bsaies et son \u00e9pouse ou si elle va cibler d\u2019autres ex-propagandistes. Et Dieu sait qu\u2019il en a beaucoup qui m\u00e9rite de figurer sur le tableau de chasse de la directrice de radio Kalima et pr\u00e9sidente du Conseil national pour les libert\u00e9s en Tunisie <\/font><\/span><\/p>\n<p><span lang=\"FR\"><font face=\"Arial\">Source : \u00ab Kapitalis \u00bb Le 27-04-2011<\/font><\/span><\/p>\n<div>\n<p><span lang=\"FR\"><font face=\"Arial\">Lien : <\/font><a href=\"http:\/\/www.kapitalis.com\/kanal\/61-medias\/3700-tunisie-sihem-ben-sedrine-organise-la-chasse-de-borhane-bsaies.html\" target=\"_blank\" rel=\"noopener\"><font face=\"Arial\">http:\/\/www.kapitalis.com\/kanal\/61-medias\/3700-tunisie-sihem-ben-sedrine-organise-la-chasse-de-borhane-bsaies.html<\/font><\/a><\/span><\/p>\n<\/div>\n<h4 align=\"center\" style=\"color: blue;\"><span lang=\"FR\"><\/p>\n<h4 style=\"color: blue;\"><font face=\"Arial\">Les derni\u00e8res publications de Be\u00eft Al Hikma<\/font><\/h4>\n<p> <\/span><\/h4>\n<hr\/>\n<p><h4 style=\"color: blue;\"><font face=\"Arial\"><span><span lang=\"FR\"><font>Le Cheikh Ul\u00e9ma Mohamed Chadli Enneifer<\/font><\/span><\/span><span lang=\"FR\"><font><\/font><span><\/span><\/span><\/font><\/h4>\n<\/p>\n<p><span lang=\"FR\"><font face=\"Arial\">Il s\u2019agit des actes de la journ\u00e9e d\u2019\u00e9tude organis\u00e9e \u00e0 Be\u00eft Al- Hikma le 12 mai 2008 sur le th\u00e8me : \u00ab Pens\u00e9e r\u00e9formiste \u00bb.<\/font><\/span><\/p>\n<p><span lang=\"FR\"><font face=\"Arial\">L\u2019int\u00e9r\u00eat port\u00e9 au Cheikh Enneifer (1911 \u2013 1997) exprime le sentiment de fid\u00e9lit\u00e9 envers des savants qui se sont \u00e9lev\u00e9s au niveau du savoir et de l\u2019action comme le souligne l\u2019intervention inaugurale de cette journ\u00e9e, mais en fait, les autres interventions ont trait\u00e9 des diff\u00e9rents aspects de la vie du d\u00e9funt, de ses activit\u00e9s, de sa pens\u00e9e et de ses \u00e9crits.<\/font><\/span><\/p>\n<p><span><span lang=\"FR\"><font face=\"Arial\">La multiplication des aspects d\u2019\u00e9tude de cette personnalit\u00e9 d\u00e9montre sa richesse, \u00e9tant le dernier maghr\u00e9bin qui s\u2019est int\u00e9ress\u00e9 au \u00ab Sahih \u00bb de l\u2019Imam Muslim, c\u2019est aussi le \u00ab faqih \u00bb m\u00e9l\u00e9kite, sp\u00e9cialiste en hadith, s\u2019int\u00e9ressant \u00e0 la litt\u00e9rature et l\u2019histoire, et de m\u00eame l\u2019activiste qui a particip\u00e9 \u00e0 la lutte nationale. <\/font><\/span><\/span><\/p>\n<p><span lang=\"FR\"><font face=\"Arial\">L\u2019aspect scientifique du Cheikh (son \u00ab fikh \u00bb, ses \u00ab Fetwas \u00bb, ses \u00e9tudes du Hadith, ses manuscrits, ses interventions aux rencontres de la pens\u00e9e.<\/font><\/span><\/p>\n<p><span lang=\"FR\"><font face=\"Arial\">Islamique en Alg\u00e9rie, ses \u00ab Khotbas \u00bb du vendredi, sa participation dans la pens\u00e9e r\u00e9formiste tunisienne \u00bb quoique pr\u00e9sent dans la plupart des interventions n\u2019a pas fait oublier le cheikh po\u00e8te, journaliste et politicien nationaliste. De m\u00eame, plusieurs t\u00e9moignages ont pr\u00e9sent\u00e9 le cheikh p\u00e8re, parent, enseignant et imam.<\/font><\/span><\/p>\n<p><span lang=\"FR\"><font face=\"Arial\">La personnalit\u00e9 du cheikh appara\u00eet au lecteur, \u00e0 travers les interventions et les t\u00e9moignages ; savante, encyclop\u00e9dique, productive et influente.<\/font><\/span><\/p>\n<p><span lang=\"FR\"><font face=\"Arial\">L\u2019\u0153uvre du cheikh (ses \u00e9crits en \u00ab Fiqh \u00bb, \u00ab Oussouls \u00bb, \u00ab Hadith \u00bb, histoire, litt\u00e9rature, ainsi que ses nombreux \u00e9tablissements de textes de manuscrits) trouve son couronnement dans l\u2019institution de sa fameuse biblioth\u00e8que en 1992.<\/font><\/span><\/p>\n<p><span lang=\"FR\"><font face=\"Arial\">Ainsi, les actes de cette journ\u00e9e ne sont pas seulement une biographie exhaustive (ou presque), une \u00e9tude \u00e9tendue d\u2019une \u00e9tape de l\u2019histoire culturelle en Tunisie, mais aussi, un d\u00e9bat sur des questions comme celle du \u00ab Tajdid \u00bb dans la pens\u00e9e r\u00e9formiste, ou le r\u00f4le du patrimoine islamique, notamment du \u00ab Fiqh \u00bb aujourd\u2019hui.<\/font><\/span><\/p>\n<p><span lang=\"FR\"><font face=\"Arial\">\u2022 \u00ab Le Cheikh Ul\u00e9ma Mohamed Chadli Enneifer \u00bb (en arabe) : date de parution 2011 ; nombre de pages : 220 , prix 11D000<\/font><\/span><\/p>\n<p><b><span lang=\"FR\"><font face=\"Arial\">Anthologie de la litt\u00e9rature contemporaine d\u2019expression espagnole (2 tomes)<\/font><\/span><\/b><\/p>\n<p><span lang=\"FR\"><font face=\"Arial\">Cette anthologie fort int\u00e9ressante, retrace l\u2019histoire de la litt\u00e9rature espagnole de 1898 \u00e0 nos jours, en mettant l\u2019accent sur les auteurs incontournables et sur leurs \u0153uvres \u2013 cl\u00e9s. Madame Bahri et son \u00e9quipe reproduisent soigneusement, \u00e0 travers les textes, les diff\u00e9rentes \u00e9tapes connues par cette litt\u00e9rature, donnent un aper\u00e7u g\u00e9n\u00e9ral sur les g\u00e9n\u00e9rations repr\u00e9sentant la litt\u00e9rature espagnole contemporaine, (g\u00e9n\u00e9rations de 1898, de 1914 et de 1927), en d\u00e9finissant les genres dans lesquels les po\u00e8tes, les romanciers et les essayistes excellent. Une importance particuli\u00e8re est donn\u00e9e \u00e0 la litt\u00e9rature des quatre derni\u00e8res d\u00e9cennies et \u00e0 ses sp\u00e9cificit\u00e9s hispaniques.<\/font><\/span><\/p>\n<p><span lang=\"FR\"><font face=\"Arial\">Cette vie litt\u00e9raire florissante a montr\u00e9 \u00e0 quel point la vitalit\u00e9 de l\u2019Espagne \u00e9tait une des plus fortes dans la diversit\u00e9 de ses expressions castillane, basque, catalane ou galicienne.<\/font><\/span><\/p>\n<p><span lang=\"FR\"><font face=\"Arial\">Coordination et pr\u00e9sentation : Raja Yassine Bahri <\/font><\/span><\/p>\n<p><span lang=\"FR\"><font face=\"Arial\">Traduction : Maymouna Khabou, Abdel H\u00e9di Sa\u00e2doun (po\u00e9sie), Mohamed Aouini (th\u00e9\u00e2tre et essai)<\/font><\/span><\/p>\n<p><span lang=\"FR\"><font face=\"Arial\">R\u00e9vision : Mohamed Mokhtar Labidi<\/font><\/span><\/p>\n<p><span lang=\"FR\"><font face=\"Arial\">Langue : arabe ; nombre de pages : 385 (T1) + 422 (T2) <\/font><\/span><\/p>\n<p><span lang=\"FR\"><font face=\"Arial\">Date de parution : 2011 ; Prix de vente : 42.000 D<\/font><\/span><\/p>\n<p><span lang=\"FR\"><font face=\"Arial\">Source : \u00ab Le Temps \u00bb Le 17-04-2011<\/font><\/span><\/p>\n<div>\n<p><span lang=\"FR\"><font face=\"Arial\">Lien : <\/font><a href=\"http:\/\/www.letemps.com.tn\/article-55423.html\" target=\"_blank\" rel=\"noopener\"><font face=\"Arial\">http:\/\/www.letemps.com.tn\/article-55423.html<\/font><\/a><\/span><\/p>\n<\/div>\n<p align=\"center\"><b><span lang=\"FR\"><\/p>\n<h5 style=\"color: blue;\"><font face=\"Arial\">Monde arabe: les r\u00e9voltes pourraient \u00ab\u00a0stimuler l&rsquo;\u00e9conomie\u00a0\u00bb \u00e0 long terme<\/font><\/h5>\n<p> <\/span><\/b><\/p>\n<hr\/>\n<p>\u00a0<\/p>\n<p><span lang=\"FR\"><font face=\"Arial\">Les \u00e9volutions politiques dans le monde arabe dues au mouvement de r\u00e9voltes \u00ab\u00a0pourraient stimuler l&rsquo;\u00e9conomie\u00a0\u00bb de ces pays \u00e0 long terme, mais devraient peser \u00e0 court terme sur les pays importateurs de p\u00e9trole, selon un rapport du Fonds mon\u00e9taire international publi\u00e9 mercredi. \u00ab\u00a0Les changements actuels dans la r\u00e9gion pourraient stimuler les \u00e9conomies\u00a0\u00bb \u00e0 long terme, affirme le FMI dans son rapport prospectif sur la r\u00e9gion du Moyen-Orient et de l&rsquo;Asie centrale. <\/font><\/span><\/p>\n<p><font face=\"Arial\"><span lang=\"FR\"><font>Les r\u00e9voltes dans le monde arabe ont conduit au d\u00e9part des pr\u00e9sidents \u00e9gyptien<\/font><\/span><font><span lang=\"NO-BOK\"><a href=\"http:\/\/actualites.leparisien.fr\/hosni+moubarak.html\" target=\"_blank\" rel=\"noopener\"><span lang=\"FR\"><font>Hosni Moubarak<\/font><\/span><\/a><\/span><span lang=\"FR\"> et tunisien <\/span><span lang=\"NO-BOK\"><a href=\"http:\/\/actualites.leparisien.fr\/zine+el+abidine+ben+ali.html\" target=\"_blank\" rel=\"noopener\"><span lang=\"FR\"><font>Zine El Abidine Ben Ali<\/font><\/span><\/a><\/span><\/font><\/font><span lang=\"FR\"><font face=\"Arial\"><font>, tandis que des mouvements de protestation, dont certains violemment r\u00e9prim\u00e9s, ont eu lieu notamment en Libye, au Y\u00e9men, et en Syrie et au Bahrein. \u00ab\u00a0Un programme de r\u00e9forme plus complet qui prend en compte les demandes de la population et lui donne un meilleur acc\u00e8s aux opportunit\u00e9s et \u00e0 la concurrence pourrait dynamiser les \u00e9conomies et renforcer les atouts de la r\u00e9gion\u00a0\u00bb, ajoute le FMI. Parmi ces atouts figurent \u00ab\u00a0une population active jeune et une situation g\u00e9ographique privil\u00e9gi\u00e9e \u00e0 la crois\u00e9e des chemins entre les grands march\u00e9s en Europe et les \u00e9conomies \u00e9mergentes en Asie et Afrique sub-saharienne en pleine croissance\u00a0\u00bb. A court terme, la vague de r\u00e9voltes comporte des risques pour les \u00e9conomies importatrices de p\u00e9trole dans le monde arabe, dont \u00ab\u00a0une forte hausse des prix du p\u00e9trole et une augmentation des d\u00e9ficits\u00a0\u00bb. Le FMI souligne \u00e9galement qu'\u00a0\u00bbune nouvelle d\u00e9t\u00e9rioration de la confiance des investisseurs et une fuite des capitaux pourraient conduire \u00e0 des difficult\u00e9s de financement pour les gouvernements\u00a0\u00bb. La croissance en 2011 des pays exportateurs de p\u00e9trole devrait atteindre 4,9%, hors Libye, \u00ab\u00a0largement due \u00e0 l&rsquo;augmentation des prix du p\u00e9trole et de la production\u00a0\u00bb, estime le FMI. Parmi ces pays figurent l&rsquo;Alg\u00e9rie, l&rsquo;Iran, l&rsquo;Irak, le Kowe\u00eft, Oman, le Qatar, l&rsquo;Arabie saoudite, le Soudan, les Emirats arabes unis ainsi que le Yemen et le Bahre\u00efn, en proie \u00e0 de graves violences. Les performances des pays du Golfe resteront bonnes en 2011 en raison de la hausse des prix du p\u00e9trole, \u00ab\u00a0\u00e0 l&rsquo;exception du Bahre\u00efn o\u00f9 l&rsquo;incertitude pr\u00e9vaut\u00a0\u00bb, souligne le FMI. Le Qatar, riche en gaz, devrait conna\u00eetre une croissance de 20% en 2011 apr\u00e8s 16,3% en 2010. Celle d&rsquo;Arabie saoudite, plus grande \u00e9conomie de la r\u00e9gion, a \u00e9galement \u00e9t\u00e9 revue \u00e0 la hausse et devrait atteindre 7,5% cette ann\u00e9e contre 4,5% pr\u00e9vu en octobre. En revanche, les pays importateurs de p\u00e9trole &#8212; comme l&rsquo;Egypte et la Tunisie &#8212; p\u00e2tissent de l&rsquo;envol\u00e9e des prix du brut et des perturbations de l&rsquo;activit\u00e9 \u00e9conomique et la croissance ne devrait pas y d\u00e9passer 2,3% en moyenne en 2011, note le FMI. La croissance de l&rsquo;Egypte devrait ainsi plafonner \u00e0 1% cette ann\u00e9e contre 5,1% en 2010. L&rsquo;Egypte n&rsquo;est pas un producteur de p\u00e9trole mais le pays arabe contr\u00f4le des voies de transport du brut strat\u00e9giques vers l&rsquo;Europe: le canal de Suez et l&rsquo;ol\u00e9oduc Suez-M\u00e9diterran\u00e9e (Sumed). L&rsquo;Afghanistan, Djibouti, la Jordanie, le Liban, la Mauritanie, le Maroc, le Pakistan, la Syrie et la Tunisie sont \u00e9galement des pays importateurs de p\u00e9trole. L&rsquo;Egypte et la Tunisie devraient en outre \u00eatre affect\u00e9s par les cons\u00e9quences du conflit libyen et le retour de plus de 100.000 migrants dans ce pays. Ces deux pays p\u00e2tissent d\u00e9j\u00e0 d&rsquo;un \u00ab\u00a0coup d&rsquo;arr\u00eat dans le tourisme et des investissements directs \u00e9trangers\u00a0\u00bb avec des d\u00e9ficits budg\u00e9taires qui devraient atteindre 9,7% du PIB en Egypte et 4,3% en Tunisie, selon le FMI.<\/font><\/font><\/span><\/p>\n<p><span lang=\"FR\"><font face=\"Arial\">Source : \u00ab Le Parisien \u00bb Le 27-04-2011<\/font><\/span><\/p>\n<p><span lang=\"FR\"><font face=\"Arial\">Lien : <\/font><a href=\"http:\/\/www.leparisien.fr\/flash-actualite-economie\/monde-arabe-les-revoltes-pourraient-stimuler-l-economie-a-long-terme-27-04-2011-1425342.php\" target=\"_blank\" rel=\"noopener\"><font face=\"Arial\">http:\/\/www.leparisien.fr\/flash-actualite-economie\/monde-arabe-les-revoltes-pourraient-stimuler-l-economie-a-long-terme-27-04-2011-1425342.php<\/font><\/a><\/span><\/p>\n<\/div>\n<p><\/body><\/body><\/html><\/p>\n","protected":false},"excerpt":{"rendered":"<p>TUNISNEWS 10 \u00e8me ann\u00e9e, N\u00b03991 du 27.04.2011 archives : www.tunisnews.net Reuters: Quatre ministres vantent au Medef la Tunisie nouvelle AFP: La Tunisie entend s\u00e9duire les investisseurs fran\u00e7ais en d\u00e9pit des incertitudes AFP: Tunis veut \u00eatre un partenaire pour Paris, pas une \u00ab\u00a0source d&#8217;emplois bon march\u00e9\u00a0\u00bb Angop: Tunisie &#8211; Le Mus\u00e9e du Bardo, \u00e9pargn\u00e9 par \u00ab\u00a0Ben [&hellip;]<\/p>\n","protected":false},"author":1,"featured_media":22040,"comment_status":"open","ping_status":"open","sticky":false,"template":"","format":"standard","meta":{"inline_featured_image":false,"site-sidebar-layout":"default","site-content-layout":"","ast-site-content-layout":"default","site-content-style":"default","site-sidebar-style":"default","ast-global-header-display":"","ast-banner-title-visibility":"","ast-main-header-display":"","ast-hfb-above-header-display":"","ast-hfb-below-header-display":"","ast-hfb-mobile-header-display":"","site-post-title":"","ast-breadcrumbs-content":"","ast-featured-img":"","footer-sml-layout":"","ast-disable-related-posts":"","theme-transparent-header-meta":"","adv-header-id-meta":"","stick-header-meta":"","header-above-stick-meta":"","header-main-stick-meta":"","header-below-stick-meta":"","astra-migrate-meta-layouts":"default","ast-page-background-enabled":"default","ast-page-background-meta":{"desktop":{"background-color":"","background-image":"","background-repeat":"repeat","background-position":"center center","background-size":"auto","background-attachment":"scroll","background-type":"","background-media":"","overlay-type":"","overlay-color":"","overlay-opacity":"","overlay-gradient":""},"tablet":{"background-color":"","background-image":"","background-repeat":"repeat","background-position":"center center","background-size":"auto","background-attachment":"scroll","background-type":"","background-media":"","overlay-type":"","overlay-color":"","overlay-opacity":"","overlay-gradient":""},"mobile":{"background-color":"","background-image":"","background-repeat":"repeat","background-position":"center center","background-size":"auto","background-attachment":"scroll","background-type":"","background-media":"","overlay-type":"","overlay-color":"","overlay-opacity":"","overlay-gradient":""}},"ast-content-background-meta":{"desktop":{"background-color":"var(--ast-global-color-5)","background-image":"","background-repeat":"repeat","background-position":"center center","background-size":"auto","background-attachment":"scroll","background-type":"","background-media":"","overlay-type":"","overlay-color":"","overlay-opacity":"","overlay-gradient":""},"tablet":{"background-color":"var(--ast-global-color-5)","background-image":"","background-repeat":"repeat","background-position":"center center","background-size":"auto","background-attachment":"scroll","background-type":"","background-media":"","overlay-type":"","overlay-color":"","overlay-opacity":"","overlay-gradient":""},"mobile":{"background-color":"var(--ast-global-color-5)","background-image":"","background-repeat":"repeat","background-position":"center center","background-size":"auto","background-attachment":"scroll","background-type":"","background-media":"","overlay-type":"","overlay-color":"","overlay-opacity":"","overlay-gradient":""}},"footnotes":""},"categories":[],"tags":[56,42,29],"class_list":["post-18915","post","type-post","status-publish","format-standard","has-post-thumbnail","hentry","tag-56","tag-42","tag-fr"],"_links":{"self":[{"href":"https:\/\/tunisnews.net\/ar\/wp-json\/wp\/v2\/posts\/18915","targetHints":{"allow":["GET"]}}],"collection":[{"href":"https:\/\/tunisnews.net\/ar\/wp-json\/wp\/v2\/posts"}],"about":[{"href":"https:\/\/tunisnews.net\/ar\/wp-json\/wp\/v2\/types\/post"}],"author":[{"embeddable":true,"href":"https:\/\/tunisnews.net\/ar\/wp-json\/wp\/v2\/users\/1"}],"replies":[{"embeddable":true,"href":"https:\/\/tunisnews.net\/ar\/wp-json\/wp\/v2\/comments?post=18915"}],"version-history":[{"count":0,"href":"https:\/\/tunisnews.net\/ar\/wp-json\/wp\/v2\/posts\/18915\/revisions"}],"wp:featuredmedia":[{"embeddable":true,"href":"https:\/\/tunisnews.net\/ar\/wp-json\/wp\/v2\/media\/22040"}],"wp:attachment":[{"href":"https:\/\/tunisnews.net\/ar\/wp-json\/wp\/v2\/media?parent=18915"}],"wp:term":[{"taxonomy":"category","embeddable":true,"href":"https:\/\/tunisnews.net\/ar\/wp-json\/wp\/v2\/categories?post=18915"},{"taxonomy":"post_tag","embeddable":true,"href":"https:\/\/tunisnews.net\/ar\/wp-json\/wp\/v2\/tags?post=18915"}],"curies":[{"name":"wp","href":"https:\/\/api.w.org\/{rel}","templated":true}]}}