{"id":18895,"date":"2010-02-25T00:00:00","date_gmt":"2010-02-25T00:00:00","guid":{"rendered":"https:\/\/tunisnews.net\/25-fevrier-2010\/"},"modified":"2010-02-25T00:00:00","modified_gmt":"2010-02-25T00:00:00","slug":"25-fevrier-2010","status":"publish","type":"post","link":"https:\/\/tunisnews.net\/ar\/25-fevrier-2010\/","title":{"rendered":"25 f\u00e9vrier 2010"},"content":{"rendered":"<p><html><head><meta content=\"text\/html\" description=\"Par le proc\u00e8s du 30 Janvier de l\u2019affaire 2083 concernant le vol en \n\t\t\tFrance de trois yachts par Imed et Moez Trabelsi (neveux par \n\t\t\talliance du G\u00e9n\u00e9ral Ben Ali), la justice tunisienne a connu une \n\t\t\tnouvelle \u00e9tape de sa d\u00e9ch\u00e9ance tant morale que professionnelle. \" http-equiv=\"Content-Type\"\/><\/head><body><body><\/p>\n<p align=\"center\" dir=\"ltr\"><font face=\"Arial\" size=\"2\"><b><a href=\"http:\/\/www.tunisnews.net\/\"><span>Home<\/span><span lang=\"FR-CH\"> &#8211; Accuei<\/span><\/a><span lang=\"FR-CH\">l<\/span><\/b><\/font><\/p>\n<div>\n<div>\n<div>\u00a0<\/div>\n<div dir=\"ltr\">\n<div><\/div>\n<div align=\"center\"><font face=\"Arial\" size=\"7\"><strong>TUNISNEWS <\/strong><\/font><\/div>\n<div align=\"center\" dir=\"ltr\">\n<div><font face=\"Arial\" size=\"2\"><strong><font>9\u00a0\u00e8me ann\u00e9e, <span lang=\"FR\">N\u00b0\u00a03565 du 25.02.2010<\/span><\/font><\/strong><\/font><\/div>\n<\/div>\n<div align=\"center\"><span><font face=\"Arial\" size=\"2\"><font><strong>\u00a0archives : <\/strong><\/font><a target=\"_blank\" rel=\"noopener\"><font><strong>www.tunisnews.net<\/strong><\/font><\/a><\/font><\/span><font face=\"Arial\" size=\"2\"><font><strong>\u00a0<\/strong><\/font><span lang=\"FR\"><strong><\/strong><\/span><\/font><\/div>\n<div><font face=\"Arial\" size=\"2\"><strong><\/p>\n<hr\/>\n<p><\/strong><\/font><\/div>\n<div><font face=\"Arial\" size=\"2\"><strong><\/p>\n<h2 style=\"color: red;\"><font>Le Congr\u00e8s pour la R\u00e9publique: Une nouvelle \u00e9tape dans la d\u00e9ch\u00e9ance de la justice en Tunisie.<\/font><\/h2>\n<p> <font>Libert\u00e9 et Equit\u00e9: Nouvelles des libert\u00e9s en Tunisie<\/font> <\/p>\n<h2 style=\"color: red;\"><font>Nouvelobs: La famille de Taoufik Ben Brik inqui\u00e8te pour sa sant\u00e9<\/font><\/h2>\n<p> <font>Reuters: D\u00e9tenus de Guantanamo transf\u00e9r\u00e9s en Albanie, en Espagne<\/font> <\/p>\n<h2 style=\"color: red;\"><font>AP: Tunis veut lutter contre le piratage et le pillage arch\u00e9ologique<\/font><\/h2>\n<p> <font>Le Temps Suisse: Le tr\u00e8s discret retour de Rachid Hamdani<\/font><\/strong><\/font><\/div>\n<div><font face=\"Arial\" size=\"2\"><strong><\/p>\n<p><font>Abdel Wahab Hani: M. Youssefi Directeur du Cabinet du Premier Ministre et M. Zidi \u00e0 la t\u00eate de l\u2019ATCE<\/font><\/p>\n<p><font><\/font> <font>Reuters: Le chef de la S\u00fbret\u00e9 alg\u00e9rienne tu\u00e9 par balle &#8211; minist\u00e8re<\/font> <\/p>\n<h2 style=\"color: red;\"><font>Reuters: Algerian national police chief shot dead &#8211; ministry<\/font><\/h2>\n<p> <font>Reuters: La Turquie r\u00e9soudra ses probl\u00e8mes dans le droit, dit G\u00fcl<\/font> <\/p>\n<h2 style=\"color: red;\"><font>AFP: Turquie: les dirigeants veulent r\u00e9gler la crise dans la Constitution<\/font><\/h2>\n<p> <font>AP: Turkish PM dismisses call for early elections<\/font> <\/p>\n<h2 style=\"color: red;\"><font>Reuters: Turkey to resolve crisis within the law &#8211; Gul<\/font><\/h2>\n<p> <font>Esther Benbassa: R\u00e9actions du CRIF \u00e0 l\u2019article critique paru dans Lib\u00e9ration le 17 f\u00e9vrier 2010<\/font><\/strong><\/font><span lang=\"FR\"><\/p>\n<hr\/>\n<p><\/span><\/div>\n<\/div>\n<p><font face=\"Arial\" size=\"2\"><\/p>\n<div> \u00a0<\/div>\n<p><span><\/p>\n<p align=\"center\" dir=\"ltr\">\u00a0<\/p>\n<div align=\"center\" dir=\"ltr\"><strong><font>Le Congr\u00e8s pour la R\u00e9publique<\/font><\/strong> <\/div>\n<div>\u00a0<\/div>\n<div align=\"center\" dir=\"ltr\"><font size=\"3\"><strong><font>\u0627\u0644\u0645\u0624\u062a\u0645\u0631 \u0645\u0646 \u0623\u062c\u0644 \u0627\u0644\u062c\u0645\u0647\u0648\u0631\u064a\u0629  \u062d\u062a\u0649 \u062a\u062a\u062d\u0642\u0642 \u0627\u0644\u0633\u064a\u0627\u062f\u0629 \u0644\u0644\u0634\u0639\u0628 \u0648\u0627\u0644\u0634\u0631\u0639\u064a\u0629 \u0644\u0644\u062f\u0648\u0644\u0629 \u0648\u0627\u0644\u0643\u0631\u0627\u0645\u0629 \u0644\u0644\u0645\u0648\u0627\u0637\u0646<\/font> <\/strong><\/font>http:\/\/www.cprtunisie.net\/ 24-2-2010 <\/p>\n<h2 style=\"color: red;\"><font size=\"3\"><strong>Une nouvelle \u00e9tape dans la d\u00e9ch\u00e9ance de la justice en Tunisie.<\/strong><\/font><\/h2>\n<\/div>\n<div align=\"justify\" dir=\"ltr\">\n<hr\/>\n<p> Par le proc\u00e8s du 30 Janvier de l\u2019affaire 2083 concernant le vol en France de trois yachts par Imed et Moez Trabelsi (neveux par alliance du G\u00e9n\u00e9ral Ben Ali), la justice tunisienne a connu une nouvelle \u00e9tape de sa d\u00e9ch\u00e9ance tant morale que professionnelle.   Les irr\u00e9gularit\u00e9s qui ont accompagn\u00e9 cette affaire sont sans pr\u00e9c\u00e9dent. Le juge Lassad Chammkhi a en effet prononc\u00e9\u00a0 la relaxe de Imed Trabelsi, condamn\u00e9 \u00e0 un an de prison avec sursis son fr\u00e8re Moez et \u00e0 deux ans avec sursis le comparse Nawfal Ben Abdelhafidh. La nouveaut\u00e9\u00a0 est que le juge a donn\u00e9 l\u2019ordre au greffier d\u2019indiquer que les accus\u00e9s \u00e9taient pr\u00e9sents alors qu\u2019ils ne sont pas donn\u00e9\u00a0 la peine de compara\u00eetre, se rendant ainsi coupable d\u2019un crime puni par la loi tunisienne par l\u2019emprisonnement \u00e0 perp\u00e9tuit\u00e9. Tout cela dans le cadre d\u2019un proc\u00e8s tenu \u00e0 huis clos, un samedi apr\u00e8s midi, hors du temps de travail r\u00e9glementaire alors\u00a0 que le palais de\u00a0 justice \u00e9tait vide. Tout cela prouve la volont\u00e9 de maintenir le secret autour de l\u2019affaire.\u00a0\u00a0 \u00a0 \u00a0Ainsi la privatisation de la justice ne s\u2019arr\u00eate plus aux proc\u00e8s politiques au service d\u2019un r\u00e9gime bas\u00e9 sur la corruption, la r\u00e9pression et la violence mais s\u2019\u00e9tend maintenant \u00e0 la protection de criminels pourvu qu\u2019ils aient une relation de parent\u00e9 avec Leila Trabelsi, \u00e9pouse du g\u00e9n\u00e9ral Ben Ali. \u00a0 La nouvelle affaire est un \u00e9pisode de plus dans la d\u00e9gradation d\u2019une justice que le pouvoir a toujours emp\u00each\u00e9e d\u2019\u00eatre une institution, la voulant un appareil compl\u00e9mentaire de celui de la police et n\u2019ayant pour mission que de jeter un voile de l\u00e9galit\u00e9 sur les injustices les plus criantes.  Malheureusement la justice, la police, les douanes ou le fisc\u00a0 sont devenus aujourd\u2019hui en Tunisie les otages des bandes maffieuses qui se sont empar\u00e9es du pouvoir en Tunisie. Il n\u2019emp\u00eache que la d\u00e9gradation de la justice nous touche plus, puisque comme le dit Ibn Khaldoun, elle est le pilier de toute civilisation. Cette magistrature indigne qui juge \u00e0 huis clos et falsifie est aujourd\u2019hui l\u2019une des causes de la destruction de notre pays.\u00a0 \u00a0 Le Congr\u00e8s pour la R\u00e9publique (CPR) en appelle aux juges silencieux. Leur silence ne les absout pas de leurs responsabilit\u00e9s morales, professionnelles voire l\u00e9gales, le jour o\u00f9 le peuple recouvrera sa souverainet\u00e9, L &lsquo;Etat sa l\u00e9gitimit\u00e9 et le citoyen sa dignit\u00e9. C\u2019est le droit des Tunisiens d\u2019exiger qu\u2019ils condamnent tous les juges corrompus dont Lassad Chammakhi\u00a0 et tous les ministres de tutelle qui ont asservi la justice \u00e0 la dictature\u00a0 dont lazhar Boouni ; qu\u2019ils s\u2019engagent dans la d\u00e9fense de la dignit\u00e9, de l\u2019ind\u00e9pendance et de la fonction de l\u2019institution judicaire qui est de garantir l\u2019autorit\u00e9 de la loi sans discrimination et la d\u00e9fense des droits et libert\u00e9s. \u00a0 Le CPR s\u2019adresse aussi \u00e0 l\u2019ordre des avocats pour lui demander d\u2019enqu\u00eater sur le comportement des deux avocats qui ont particip\u00e9 \u00e0 un tel proc\u00e8s en contradiction totale avec les r\u00e8gles de la profession. Mais le CPR s\u2019adresse surtout \u00e0 toutes les forces vives du pays pour leur rappeler l\u2019urgence de retourner au combat politique afin\u00a0 de mettre fin au\u00a0 r\u00e9gime de la r\u00e9pression, de la falsification et de la corruption et de reconstruire les institutions d\u00e9truites par la dictature dont une institution judicaire punissant et non prot\u00e9geant le crime.  Pour Le CPR <strong><font>Dr Moncef Marzouki<\/font><\/strong><\/div>\n<p align=\"center\" dir=\"ltr\">\u00a0<\/p>\n<div>\n<hr\/>\n<\/div>\n<div> \u00a0<\/div>\n<div align=\"center\" dir=\"ltr\">Libert\u00e9 pour le Docteur Sadok Chourou, le prisonnier des deux d\u00e9cennies Libert\u00e9 pour tous les prisonniers politiques <strong><font>Libert\u00e9 et Equit\u00e9<\/font><\/strong> Organisation de droits humains ind\u00e9pendante 33 rue Mokhtar Atya, 1001 Tunis Tel\/fax : 71 340 860 Adresse \u00e9lectronique : liberte.equite@gmail.com Tunis, le 24 f\u00e9vrier 2010 <strong><\/p>\n<h2 style=\"color: red;\"><font size=\"3\">Nouvelles des libert\u00e9s en Tunisie<\/font><\/h2>\n<p><\/strong><\/div>\n<p dir=\"ltr\">\u00a0<\/p>\n<hr\/>\n<p> <strong>[\u2026] Des dizaines de prisonniers d\u2019opinion poursuivent leur gr\u00e8ve de la faim \u00e0 la prison de Mornaguia<\/strong> Des dizaines de prisonniers d\u2019opinion poursuivent leur gr\u00e8ve de la faim \u00e0 la prison de Mornaguia pour le treizi\u00e8me jour d\u2019affil\u00e9e pour protester contre les mauvais traitements dont ils sont victimes et leurs d\u00e9plorables conditions d\u2019incarc\u00e9ration [\u2026] <strong>Le prisonnier d\u2019opinion Mohammed Lafi entre le marteau de la violence et l\u2019enclume de l\u2019attente d\u2019une audience<\/strong> Le prisonnier d\u2019opinion Mohammed Lafi, incarc\u00e9r\u00e9 actuellement \u00e0 la prison de Mornaguia attend toujours que soit fix\u00e9e son audience au tribunal alors qu\u2019il est en prison depuis plus de quatre mois. Et la direction de la prison met \u00e0 profit cette attente pour le soumettre aux coups et aux mauvais traitements, visites interrompues, agressions d\u2019une violence extr\u00eame, mise au cachot individuel, menace de repr\u00e9sailles au cas o\u00f9 il informerait sa famille des agressions dont il est victime. Sa famille a remarqu\u00e9 lors de la visite de lundi des bleus et des enflures sur son visage et sur son cou. La famille du prisonnier d\u2019opinion Mohammed Lafi a pris contact mardi 23 f\u00e9vrier avec le si\u00e8ge de la Croix Rouge \u00e0 Tunis pour en informer les responsables de la situation d\u00e9grad\u00e9e du prisonnier et pour leur demander de lui rendre visite. \u00a0[ \u2026] Pour le Bureau ex\u00e9cutif de l\u2019Organisation Le Pr\u00e9sident <strong><font>Ma\u00eetre Mohammed Nouri<\/font><\/strong> <font>(traduction d\u2019extraits ni revue ni corrig\u00e9e par les auteurs de la version en arabe, LT)<\/font>\u00a0<\/p>\n<p dir=\"ltr\">\u00a0<\/p>\n<div>\n<hr\/>\n<\/div>\n<p><font><\/p>\n<div> \u00a0<\/div>\n<p><\/font><\/p>\n<p align=\"center\"><font>F\u00e9d\u00e9ration de la Haute-Garonne\u00a0|\u00a01 All\u00e9e Marc Saint-Sa\u00ebns &#8211; 31000 TOULOUSE &#8211; T. 05.61.31.61.31 &#8211; F. 05.61.76.11.60<\/font><\/p>\n<p align=\"center\"><font><b><span lang=\"FR\">Solidarit\u00e9 internationale !<\/span><\/b><\/font><font> <b><span>O\u00f9 va la Tunisie ?<\/span><\/b><\/font><font><b><span lang=\"FR\"> <\/span><\/b><span lang=\"FR\">Les droits de l\u2019homme en question au pays de Ben Ali La position du gouvernement fran\u00e7ais<\/span><\/font><font> <b>A l\u2019initiative des responsables, militants et \u00e9lus du Parti Communiste Fran\u00e7ais<\/b><\/font><font><b> <\/b><span lang=\"FR\">Jeudi 4 mars, 18h <\/span>R\u00e9union<span> <\/span>avec<\/font><\/p>\n<p align=\"center\"><font><b>Mouhieddine Cherbib <\/b>Membre du Comit\u00e9 pour le Respect des Libert\u00e9s et des Droits de l\u2019Homme en Tunisie <b>CRLDHT <\/b> au<span> <\/span>Forum de la Librairie de la Renaissance 1, all\u00e9e Marc Saint-Sa\u00ebns &#8211; Toulouse Basso-Cambo (M\u00e9tro Basso-Cambo, Face \u00e0 la caisse R\u00e9gionale d\u2019Assurance Maladie) Contact : 05 61 31 61 31 Courriel : <a href=\"mailto:fede.pcf31@orange.fr\">fede.pcf31@orange.fr<\/a><\/font><\/p>\n<p dir=\"ltr\">\u00a0<\/p>\n<div>\n<hr\/>\n<\/div>\n<p><font><\/p>\n<div align=\"center\"><font><\/p>\n<h2 style=\"color: red;\"><font size=\"3\"><font size=\"2\">\u00a0<\/font><strong>La famille de Taoufik Ben Brik inqui\u00e8te pour sa sant\u00e9<\/strong><\/font><\/h2>\n<p><\/font><\/div>\n<div align=\"justify\" dir=\"ltr\">\n<hr\/>\n<\/div>\n<div align=\"justify\" dir=\"ltr\">NOUVELOBS.COM | 25.02.2010 | 11:33 \u00a08 r\u00e9actions La famille du journaliste tunisien, condamn\u00e9 \u00e0 6 mois de prison ferme, d\u00e9nonce \u00ab\u00a0la volont\u00e9 des autorit\u00e9s tunisiennes de pousser Taoufik jusqu\u2019\u00e0 la mort\u00a0\u00bb.  La famille de Taoufik Ben Brik fait part jeudi 25 f\u00e9vrier, une nouvelle fois, de son inqui\u00e9tude pour la sant\u00e9 du journaliste tunisien condamn\u00e9 \u00e0 six mois de prison ferme mais qui se dit victime d&rsquo;un proc\u00e8s politique en raison de ses \u00e9crits critiques vis-\u00e0-vis du r\u00e9gime de Ben Ali, le pr\u00e9sident tunisien. Auteur d&rsquo;\u00e9crits satiriques ciblant le chef d&rsquo;Etat tunisien dans les m\u00e9dias fran\u00e7ais, Taoufik Ben Brik, 49 ans, avait \u00e9t\u00e9 arr\u00eat\u00e9 le 29 octobre. Accus\u00e9 d\u2019avoir agress\u00e9 une automobiliste, il nie les faits et se dit victime d\u2019une machination. Il a \u00e9t\u00e9 condamn\u00e9 le 28 novembre 2009 pour \u00ab\u00a0faits de violence, outrage public aux bonnes m\u0153urs et d\u00e9gradation volontaire des biens d\u2019autrui\u00a0\u00bb \u00e0 six mois de prison ferme, une condamnation confirm\u00e9e le 30 janvier en appel.  <strong>\u00ab\u00a0r\u00e9ellement en danger\u00a0\u00bb<\/strong>  Dans un communiqu\u00e9 sa famille explique que Taoufik Ben Brik est \u00ab\u00a0r\u00e9ellement en danger\u00a0\u00bb car son taux de cholest\u00e9rol est mont\u00e9 jusqu\u2019\u00e0 3,2 g et celui des triglyc\u00e9rides \u00e0 3,5. En effet, l&rsquo;exc\u00e8s de mauvais cholest\u00e9rol dans le sang est un facteur de risques majeur des maladies cardio-vasculaires, li\u00e9 \u00e0 une hypertriglyc\u00e9rid\u00e9mie, les risques sont encore plus importants. Ses soutiens pr\u00e9cisent que l&rsquo;\u00e9tat de sante de Taoufik Ben Brik n\u00e9cessite le r\u00e9ajustement du dosage de ses m\u00e9dicaments. La famille du journaliste accuse: cela \u00ab\u00a0d\u00e9montre la volont\u00e9 des autorit\u00e9s tunisiennes de pousser Taoufik jusqu\u2019\u00e0 la mort\u00a0\u00bb.  D\u00e9j\u00e0 en d\u00e9cembre, sa femme et ses fr\u00e8res et s\u0153urs \u00e9taient extr\u00eamement inquiets des conditions de d\u00e9tention du journaliste. Ils avaient d\u00e9j\u00e0 alert\u00e9 l&rsquo;opinion concernant ce qu&rsquo;ils d\u00e9signaient alors comme des \u00ab\u00a0conditions lamentables\u00a0\u00bb de d\u00e9tention. Sa famille d\u00e9clare \u00ab\u00a0aujourd\u2019hui, plus que jamais, il s\u2019agit d\u2019une question de vie ou de mort\u00a0\u00bb et appelle \u00e0 la mobilisation. Le 5 f\u00e9vrier, l&rsquo;avocat fran\u00e7ais de Taoufik Ben Brik, a \u00e9t\u00e9 re\u00e7u \u00e0 l&rsquo;Elys\u00e9e par un conseiller de Nicolas Sarkozy qui l&rsquo;a assur\u00e9 que le dossier \u00e9tait suivi de pr\u00e8s. L&rsquo;\u00e9pouse de Taoufik Ben Brik, Azza Zarrad, a \u00e9galement \u00e9t\u00e9 re\u00e7ue au Quai d&rsquo;Orsay et au Parlement europ\u00e9en \u00e0 Strasbourg.  (Nouvelobs.com) <\/div>\n<p><\/font><\/span><\/font><\/p>\n<p dir=\"ltr\">\u00a0<\/p>\n<div>\n<hr\/>\n<\/div>\n<p><font><\/p>\n<div align=\"center\"><font><b><span lang=\"FR-CH\"><font size=\"3\">D\u00e9tenus de Guantanamo transf\u00e9r\u00e9s en Albanie, en Espagne<\/font><\/span><\/b><span lang=\"FR-CH\"><\/span><\/font><\/div>\n<div>\n<hr\/>\n<\/div>\n<p dir=\"ltr\"><span lang=\"FR-CH\">Reuters, le 24 f\u00e9vrier 2010 \u00e0 00h11<\/span><\/p>\n<p dir=\"ltr\"><span lang=\"FR-CH\">WASHINGTON, 24 f\u00e9vrier (Reuters) &#8211; Quatre d\u00e9tenus de la\u00a0 prison militaire am\u00e9ricaine de Guantanamo ont \u00e9t\u00e9 transf\u00e9r\u00e9s en Albanie et en Espagne, a annonc\u00e9 mercredi le d\u00e9partement de la Justice<\/span><span dir=\"rtl\" lang=\"AR-SA\">.<\/span><\/p>\n<p dir=\"ltr\"><span lang=\"FR-CH\">Trois d\u00e9tenus, <b>Saleh Bin Hadi Asasi, originaire de Tunisie<\/b><\/span><b><span dir=\"rtl\" lang=\"AR-SA\">,<\/span><\/b><span lang=\"FR-CH\">Sharif Fati Ali al Mishad, un Egyptien, et Abdul Rauf Omar Mohammad Abu al Qusin, un Libyen, ont \u00e9t\u00e9 envoy\u00e9s en Albanie<\/span><span dir=\"rtl\" lang=\"AR-SA\">.<\/span><\/p>\n<p dir=\"ltr\"><span lang=\"FR-CH\">Le quatri\u00e8me homme, transf\u00e9r\u00e9 en Espagne, n&rsquo;a pas \u00e9t\u00e9 indentifi\u00e9, si ce n&rsquo;est qu&rsquo;il est originaire des territoires palestiniens occup\u00e9s<\/span><span dir=\"rtl\" lang=\"AR-SA\">.<\/span><\/p>\n<p dir=\"ltr\"><span lang=\"FR-CH\">L&rsquo;Espagne s&rsquo;est dit pr\u00eate \u00e0 accueillir jusqu&rsquo;\u00e0 cinq anciens d\u00e9tenus de Guantanamo<\/span><span dir=\"rtl\" lang=\"AR-SA\">.<\/span><\/p>\n<p dir=\"ltr\"><span lang=\"FR-CH\">Le d\u00e9partement de la Justice a dit qu&rsquo;il travaillait avec les gouvernements albanais et espagnol pour \u00ab\u00a0faire en sorte que\u00a0\u00a0 les transferts se fassent dans le cadre de mesures de s\u00e9curit\u00e9 et de consultations appropri\u00e9es<\/span><span dir=\"rtl\" lang=\"AR-SA\">\u00ab\u00a0.<\/span><\/p>\n<p dir=\"ltr\"><span lang=\"FR-CH\">Il reste 188 prisonniers au centre de d\u00e9tention de Guantanamo que le pr\u00e9sident Barack Obama a promis de fermer<\/span><span dir=\"rtl\" lang=\"AR-SA\">.<\/span><\/p>\n<p dir=\"ltr\"><span lang=\"FR-CH\">Par ailleurs, un juge de Washington a rejet\u00e9 les demandes de remise en libert\u00e9 de deux Y\u00e9m\u00e9nites, Suleiman Awadh Bin Agil <\/span><span lang=\"DE-CH\">al-Nahdi et Fahmi Salem Al-Assani, d\u00e9tenus \u00e0 Guantanamo. Les <\/span><span lang=\"FR-CH\">attendus ont \u00e9t\u00e9 maintenus secrets<\/span><span dir=\"rtl\" lang=\"AR-SA\">.<\/span><\/p>\n<p dir=\"ltr\"><span lang=\"FR-CH\">Trente-deux 32 d\u00e9tenus ont obtenu leur lib\u00e9ration de la\u00a0 prison de Guantanamo en invoquant l&rsquo;habeas corpus devant des tribunaux am\u00e9ricains, mais 11 ont vu leur requ\u00eate rejet\u00e9e<\/span><span dir=\"rtl\" lang=\"AR-SA\">.<\/span><\/p>\n<p dir=\"ltr\"><span lang=\"FR-CH\">Le Palestinien accueilli en Espagne a obtenu un permis de s\u00e9jour et sera autoris\u00e9 \u00e0 travailler, a d\u00e9clar\u00e9 le ministre de l&rsquo;Int\u00e9rieur Alfredo Rubalcaba<\/span><span dir=\"rtl\" lang=\"AR-SA\">.<\/span><\/p>\n<p dir=\"ltr\">\u00a0<\/p>\n<div>\n<hr\/>\n<\/div>\n<div align=\"center\"><strong><\/p>\n<h2 style=\"color: red;\"><font face=\"Arial\" size=\"3\">Tunis veut lutter contre le piratage et le pillage arch\u00e9ologique<\/font><\/h2>\n<p><font><\/font><\/strong><\/div>\n<div>\n<hr\/>\n<\/div>\n<div> <font face=\"Arial\">AP | 25.02.2010 | 21:03 Le pr\u00e9sident tunisien Zine El Abidine Ben Ali a appel\u00e9 jeudi les responsables concern\u00e9s de son gouvernement \u00e0 \u00ab\u00a0prendre toutes les mesures r\u00e9glementaires ad\u00e9quates pour lutter contre le piratage et la reproduction illicite\u00a0\u00bb, un ph\u00e9nom\u00e8ne qui prend des proportions croissantes en Tunisie. Les artistes tunisiens, chanteurs et producteurs de cin\u00e9ma, se plaignent r\u00e9guli\u00e8rement du piratage de leurs oeuvres sur le march\u00e9 parall\u00e8le, r\u00e9duisant leurs droits d&rsquo;auteurs \u00e0 leur plus simple expression. Les boutiques qui vendent \u00e0 de bas prix les CD grav\u00e9s de films et d&rsquo;albums de chanteurs de tunisiens et \u00e9trangers pullulent \u00e0 Tunis et dans d&rsquo;autres villes de l&rsquo;int\u00e9rieur du pays. Selon le secr\u00e9taire g\u00e9n\u00e9ral du syndicat tunisien des producteurs de films N\u00e9jib Ayed, il existe en Tunisie plus de 70.000 magasins sp\u00e9cialis\u00e9s dans les gravures des CD qui procurent quelque 150.000 postes d&#8217;emploi. Du fait de ce commerce florissant, le nombre de salles de cin\u00e9ma s&rsquo;est r\u00e9duit comme une peau de chagrin au grand dam de leurs propri\u00e9taires. Les accords de l&rsquo;organisation mondiale du commerce (OMC) et d&rsquo;association avec l&rsquo;Union europ\u00e9enne (UE) sign\u00e9s par la Tunisie pr\u00e9voient parmi leurs dispositions la lutte contre la contrefa\u00e7on. Le chef de l&rsquo;Etat tunisien qui pr\u00e9sidait la journ\u00e9e de la culture, a en outre recommand\u00e9 de mettre au point \u00ab\u00a0sans tarder\u00a0\u00bb un plan national visant \u00e0 assurer la protection des mus\u00e9es et des sites arch\u00e9ologiques contre le pillage, le vol et la contrebande. Cette recommandation intervient \u00e0 la suite du r\u00e9cent d\u00e9mant\u00e8lement d&rsquo;un r\u00e9seau international de trafic d&rsquo;objets arch\u00e9ologiques dont un \u00ab\u00a0nombre important de pi\u00e8ces rares\u00a0\u00bb ont \u00e9t\u00e9 saisies. Selon une source officielle, le trafic impliquant 21 Tunisiens et \u00e9trangers, portait notamment sur des statues et des c\u00e9ramiques antiques. AP<\/font><\/div>\n<p dir=\"ltr\">\u00a0<\/p>\n<p><\/font><\/p>\n<p>\u00a0<\/p>\n<div>\n<hr\/>\n<\/div>\n<div align=\"center\"><font face=\"Arial\" size=\"2\"><strong><\/p>\n<h3 style=\"color: blue;\"><font size=\"3\">Le tr\u00e8s discret retour de Rachid Hamdani<\/font><\/h3>\n<p><\/strong><\/font><\/div>\n<p><font face=\"Arial\" size=\"2\"><\/p>\n<div align=\"justify\">\n<hr\/>\n<\/div>\n<div align=\"justify\"> Val\u00e9rie de Graffenried et Cynthia Gani  Le DFAE a confirm\u00e9 ce mercredi que l\u2019otage \u00e9tait bien rentr\u00e9 en Suisse. Son \u00e9pouse demande aux m\u00e9dias de respecter leur intimit\u00e9. Mais la discr\u00e9tion du retour de l\u2019homme d\u2019affaires s\u2019explique surtout par la volont\u00e9 de ne pas nuire \u00e0 Max G\u00f6ldi, toujours en prison  Mais o\u00f9 se cache donc Rachid Hamdani ? Alors que cette question hantait les r\u00e9dactions tout l\u2019apr\u00e8s-midi et que les rumeurs les plus folles circulaient, Rachid Hamdani a fini par atterrir \u00e0 Zurich mardi soir. Parti de Tripoli lundi \u00e0 23h en voiture diplomatique, il a accord\u00e9 une interview \u00e0 la TSR quelques heures plus tard, une fois arriv\u00e9 sur l\u2019\u00eele tunisienne de Djerba. Ensuite? Il a disparu des \u00e9crans radars. Selon nos informations, il s\u2019est rendu \u00e0 Tunis et il \u00e9tait s\u00e9rieusement envisag\u00e9 qu\u2019il s\u2019envole ensuite pour Marseille. Mais c\u2019est finalement du c\u00f4t\u00e9 de Zurich qu\u2019il a r\u00e9apparu. Dans la discr\u00e9tion la plus totale. A part confirmer que Rachid Hamdani a bien quitt\u00e9 la Libye, le D\u00e9partement f\u00e9d\u00e9ral des affaires \u00e9trang\u00e8res (DFAE) s\u2019est mur\u00e9 dans le silence le plus total durant toute la journ\u00e9e de mardi. Pourquoi une telle discr\u00e9tion? Pour pr\u00e9server la sph\u00e8re priv\u00e9e de Rachid Hamdani. Apr\u00e8s \u00eatre rest\u00e9 bloqu\u00e9 durant 19 mois \u00e0 Tripoli, le Suisso-Tunisien n\u2019aspire qu\u2019\u00e0 retrouver sa famille, loin des regards indiscrets. Mais surtout, le DFAE ne veut rien orchestrer qui puisse nuire \u00e0 l\u2019autre otage, Max G\u00f6ldi, d\u00e9sormais derri\u00e8re les barreaux d\u2019une prison libyenne. Sa lib\u00e9ration reste une priorit\u00e9 absolue.  Pour ne pas vexer inutilement Tripoli, qui a toujours refus\u00e9 de lier l\u2019arrestation d\u2019Hannibal Kadhafi \u00e0 la d\u00e9tention des deux Suisses, Berne a donc renonc\u00e9 \u00e0 envoyer l\u2019avion du Conseil f\u00e9d\u00e9ral et \u00e0 accueillir Rachid Hamdani comme un h\u00e9ros. Le Conseil d\u2019Etat genevois s\u2019est de son c\u00f4t\u00e9 timidement r\u00e9joui, dans un communiqu\u00e9 diffus\u00e9 vers 14h40, de la lib\u00e9ration \u00abd\u2019un des deux ressortissants suisses retenus depuis plusieurs mois en Libye\u00bb. Et a surtout pr\u00e9cis\u00e9, sous la pression de l\u2019A\u00e9roport international de Gen\u00e8ve assailli par les m\u00e9dias, qu\u2019\u00aben accord avec la Conf\u00e9d\u00e9ration, il n\u2019y aura pas d\u2019accueil officiel \u00e0 l\u2019arriv\u00e9e de M. Hamdani\u00bb. C\u2019est Salah Zahaf, l\u2019avocat libyen de Rachid Hamdani, qui a contribu\u00e9 \u00e0 semer la confusion. Il est le premier \u00e0 avoir d\u00e9clar\u00e9 que son client atterrirait \u00e0 Gen\u00e8ve. T\u00f4t le matin d\u00e9j\u00e0, des m\u00e9dias faisaient ainsi le pied de grue \u00e0 l\u2019AIG. En fin d\u2019apr\u00e8s-midi, une vingtaine de journalistes esp\u00e9raient encore apercevoir Rachid Hamdani. Mais dans les coulisses de l\u2019AIG, on pr\u00e9cisait que l\u2019arriv\u00e9e de l\u2019ex-otage \u00e0 Gen\u00e8ve paraissait improbable puisque c\u2019est le lieu o\u00f9 toute l\u2019affaire a d\u00e9but\u00e9.  Nouvel \u00e9pisode dans la soir\u00e9e, alors que l\u2019atterrissage, \u00e0 Zurich, d\u2019un avion en provenance de Tunis \u00e9tait annonc\u00e9. Bruna Hamdani diffuse un communiqu\u00e9, vraisemblablement r\u00e9dig\u00e9 avec le DFAE. \u00abMon mari, Rachid Hamdani, va retourner sous peu en Suisse\u00bb, dit-elle en s\u2019adressant aux journalistes. \u00abVous comprendrez certainement que nous avons maintenant besoin de paix et de tranquillit\u00e9 afin de retrouver notre quotidien. Je vous prie par cons\u00e9quent instamment de tenir compte de ce d\u00e9sir et de respecter notre intimit\u00e9. Le moment venu, nous vous recontacterons pour vous parler \u00e0 l\u2019occasion d\u2019un point de presse.\u00bb Durant cette folle journ\u00e9e, la maison des Hamdani, \u00e0 Crans-pr\u00e8s-C\u00e9ligny, pr\u00e8s de Gen\u00e8ve, \u00e9tait aussi prise d\u2019assaut par les m\u00e9dias. Bruna Hamdani a quitt\u00e9 son domicile vers 15h. Peu apr\u00e8s, elle a coup\u00e9 son t\u00e9l\u00e9phone portable. Pour ne r\u00e9appara\u00eetre que via ce communiqu\u00e9 adress\u00e9 aux agences de presse. Selon toute vraisemblance, le couple ne regagnera pas son domicile tout de suite. Et tentera de rester quelque temps \u00e0 l\u2019abri des micros et des cam\u00e9ras.  De grosses zones d\u2019ombre subsistent encore sur le dernier jour de Rachid Hamdani \u00e0 Tripoli. Qu\u2019a-t-il exactement fait lundi, entre sa sortie le matin de l\u2019ambassade de Suisse et 23h? Plusieurs rendez-vous aux minist\u00e8res libyens de l\u2019Int\u00e9rieur et des Affaires \u00e9trang\u00e8res ont apparemment \u00e9t\u00e9 orchestr\u00e9s. Pour d\u2019ultimes \u00abn\u00e9gociations\u00bb quant \u00e0 sa lib\u00e9ration. Les Libyens, apr\u00e8s avoir d\u00e9ploy\u00e9 des forces de l\u2019ordre devant l\u2019ambassade de Suisse d\u00e8s dimanche soir, ont fait en sorte que Max G\u00f6ldi soit photographi\u00e9 en sortant de la mission, menott\u00e9. En revanche, le d\u00e9part de l\u2019ambassade de Rachid Hamdani s\u2019est fait discr\u00e8tement. L\u2019homme n\u2019est r\u00e9apparu que plusieurs heures apr\u00e8s, devant des m\u00e9dias libyens. C\u2019est \u00e0 ce moment-l\u00e0 qu\u2019il a tenu des propos \u00e9tonnamment muscl\u00e9s contre la Suisse. Il aurait d\u00e9clar\u00e9: \u00abPar mon s\u00e9jour \u00e0 l\u2019ambassade helv\u00e9tique, le gouvernement suisse m\u2019a men\u00e9 \u00e0 une impasse, ce qui a compliqu\u00e9 encore les probl\u00e8mes.\u00bb Et d\u00e9menti qu\u2019il ait \u00e9t\u00e9 \u00abd\u00e9tenu\u00bb.  Voil\u00e0 qui ressemble \u00e0 une mise en sc\u00e8ne de Tripoli. Une pression a pu \u00eatre exerc\u00e9e sur l\u2019otage, d\u00e9j\u00e0 affaibli psychologiquement, comme derni\u00e8re \u00abmission\u00bb \u00e0 remplir avant d\u2019\u00eatre autoris\u00e9 \u00e0 quitter le pays. Heba Morayef, collaboratrice de Human Rights Watch, bas\u00e9e au Caire, ne l\u2019exclut pas: \u00abSouvenez-vous de ce qui s\u2019est pass\u00e9 avec les infirmi\u00e8res bulgares. Elles aussi ont tenu des propos favorables \u00e0 la Libye juste avant leur lib\u00e9ration\u2026\u00bb Une fois les derni\u00e8res modalit\u00e9s r\u00e9gl\u00e9es, Rachid Hamdani, son visa de sortie en poche, a enfin pu quitter Tripoli, vers 23h, avec une voiture aux plaques diplomatiques. Des diplomates suisses, mais aussi europ\u00e9ens, l\u2019ont accompagn\u00e9 jusqu\u2019\u00e0 la fronti\u00e8re libyo-tunisienne. Sur sol tunisien, il a ensuite \u00e9t\u00e9 pris en charge par d\u2019autres diplomates suisses. A Djerba, Rachid Hamdani, \u00e9prouv\u00e9 et fatigu\u00e9, a tenu des propos qui ont tranch\u00e9 avec ceux exprim\u00e9s quelques heures plus t\u00f4t \u00e0 Tripoli. Mais il est rest\u00e9 prudent. Car Max G\u00f6ldi est dans une situation tr\u00e8s d\u00e9licate. Se retrouver en prison a constitu\u00e9 le moment le plus dur de sa vie, a avou\u00e9 le Tuniso-Suisse \u00e0 la TSR. Il a indiqu\u00e9 \u00abne pas \u00eatre assez d\u00e9tendu\u00bb pour \u00e9voquer davantage ses conditions de d\u00e9tention. \u00abJe ne suis pas dans mon \u00e9tat normal\u00bb, a-t-il dit.  Rachid Hamdani a \u00e9galement fait savoir qu\u2019il avait \u00e9t\u00e9 trait\u00e9 \u00abtr\u00e8s convenablement\u00bb lors de son kidnapping en septembre, avec Max G\u00f6ldi. Tous deux avaient \u00e9t\u00e9 d\u00e9tenus dans un lieu secret durant 52 jours. C\u2019est cet acte ill\u00e9gal qui a pouss\u00e9 la Suisse \u00e0 durcir sa pratique en mati\u00e8re d\u2019octroi de visas Schengen \u00e0 l\u2019\u00e9gard de certains Libyens. Et qui a d\u00e9clench\u00e9 un ballet diplomatique sans pr\u00e9c\u00e9dent.  <font><strong>(Source: \u00ab\u00a0Le Temps\u00a0\u00bb (Quotidien &#8211; Suisse) le 24 fevrier 2010) Lien: <\/strong><a href=\"http:\/\/www.letemps.ch\/Page\/Uuid\/c46be1ce-20c3-11df-9851-25008fcabfe2\/Le_tr\u00e8s_discret_retour_de_Rachid_Hamdani\" target=\"_blank\" rel=\"noopener\"><strong>http:\/\/www.letemps.ch\/Page\/Uuid\/c46be1ce-20c3-11df-9851-25008fcabfe2\/Le_tr%C3%A8s_discret_retour_de_Rachid_Hamdani<\/strong><\/a><\/font><\/div>\n<div align=\"justify\"><font face=\"Arial\" size=\"2\"><strong><\/p>\n<hr\/>\n<p><\/strong><\/font><\/div>\n<div align=\"justify\">\n<p align=\"center\"><font face=\"Arial\" size=\"2\"><strong><\/p>\n<h3 style=\"color: blue;\"><font size=\"3\">M. Youssefi Directeur du Cabinet du Premier Ministre et M. Zidi \u00e0 la t\u00eate de l\u2019ATCE<\/font><\/h3>\n<p><font>\u00a0<\/font><\/strong><\/font><font face=\"Arial\" size=\"2\"><strong>\u00a0<\/strong><\/font><\/p>\n<p align=\"center\"><font face=\"Arial\" size=\"2\"><strong><font>La saison des nominations se poursuit.. Nomination de Messieurs Ta\u00efeb Youssefi, Directeur du Cabinet de Monsieur le Premier Ministre, et de Monsieur Mongi Zidi, Directeur g\u00e9n\u00e9ral de l\u2019Agence tunisienne de Communication ext\u00e9rieure ATCE.\u00a0<\/font><\/strong><\/font><font face=\"Arial\" size=\"2\"><strong>\u00a0<\/strong><\/font><\/p>\n<p align=\"center\"><font face=\"Arial\" size=\"2\"><strong>R\u00e9flexions sur le fonctionnement du Minist\u00e8re de la Communication, de l\u2019ATCE et de la Communication de l\u2019\u00e9quipe gouvernementale.<\/strong>\u00a0<\/font><font face=\"Arial\" size=\"2\"><strong>\u00a0<\/strong><\/font><\/p>\n<p align=\"center\"><font face=\"Arial\" size=\"2\"><strong>\u00a0Publication de la <i>Hani Diplomatic List<\/i> sur un site tunisien \u00e0 Tunis.<\/strong>\u00a0<\/font><font face=\"Arial\" size=\"2\"><strong>\u00a0<\/strong><\/font><\/p>\n<p align=\"center\"><font face=\"Arial\" size=\"2\"><strong>Par Abdel Wahab<\/strong><\/font><\/p>\n<p><font face=\"Arial\" size=\"2\"><strong><\/strong><\/font><\/p>\n<hr\/>\n<p>\u00a0<\/p>\n<p><font face=\"Arial\" size=\"2\"><strong>M. Ta\u00efeb Youssefi nomm\u00e9 Directeur du Cabinet du Premier Ministre<\/strong><\/font><\/p>\n<p><span><font face=\"Arial\" size=\"2\">par D\u00e9cret n\u00b0 2010-310 du 22 f\u00e9vrier 2010, paru au Journal officiel de la R\u00e9publique tunisienne JORT n\u00b0 16 de la 153<sup>e<\/sup>, du 23 f\u00e9vrier 2010, <i><strong>\u00ab\u00a0Monsieur Ta\u00efeb Youssefi, charg\u00e9 de mission, est nomm\u00e9 directeur du cabinet du Premier ministre\u00a0\u00bb<\/strong><\/i> <\/font><\/span><\/p>\n<p>\u00a0<\/p>\n<p><font face=\"Arial\" size=\"2\"><span dir=\"rtl\" lang=\"AR-SA\">\u0628\u0645\u0642\u062a\u0636\u0649 \u0623\u0645\u0631 \u0639\u062f\u062f 310 \u0644\u0633\u0646\u0629 2010 \u0645\u0624\u0631\u062e \u0641\u064a 22 \u0641\u064a\u0641\u0631\u064a<\/span> 2010.  <span dir=\"rtl\" lang=\"AR-SA\">\u0633\u0645\u0651\u064a \u0627\u0644\u0633\u064a\u062f \u0627\u0644\u0637\u064a\u0628 \u0627\u0644\u064a\u0648\u0633\u0641\u064a\u060c \u0627\u0644\u0645\u0643\u0644\u0641 \u0628\u0645\u0623\u0645\u0648\u0631\u064a\u0629\u060c \u0645\u062f\u064a\u0631\u0627 \u0644\u062f\u064a\u0648\u0627\u0646 \u0627\u0644\u0648\u0632\u064a\u0631<\/span><span lang=\"AR-SA\"><span dir=\"rtl\">\u0627\u0644\u0623\u0648\u0644<\/span> <\/span><\/font><\/p>\n<p>\u00a0<\/p>\n<p><span><font face=\"Arial\" size=\"2\">M. <i><strong>Ta\u00efeb<\/strong><\/i><i><strong>Youssefi<\/strong><\/i> remplace \u00e0 ce poste hautement sensible M. <i><strong>Mustapha Bahia<\/strong><\/i>, nomm\u00e9 tout r\u00e9cemment <i>Ambassadeur de Tunisie aupr\u00e8s de l\u2019Etat du Qatar<\/i>.<\/font><\/span><\/p>\n<p>\u00a0<\/p>\n<p><span><font face=\"Arial\" size=\"2\">M. <i><strong>Youssefi<\/strong><\/i> est un ancien du <i>Premier Minist\u00e8re<\/i>. Journaliste et Politologue, il a \u00e9t\u00e9 <i>Conseiller Presse du Premier Ministre<\/i> depuis plus d\u2019une quinzaine d\u2019ann\u00e9es. Esp\u00e9rons que sa nomination permettra d\u2019am\u00e9liorer les relations entre les Minist\u00e8res et les M\u00e9dias et de permettre ainsi aux journalistes d\u2019avoir acc\u00e8s aux informations et aux sources d\u2019information pour accomplir leur noble mission aupr\u00e8s du public. <\/font><\/span><\/p>\n<p>\u00a0<\/p>\n<p><span><font face=\"Arial\" size=\"2\">Cette nomination prend de l\u2019importance apr\u00e8s le recadrage de l\u2019action gouvernementale, rappelant la place de Monsieur le <i>Premier Ministre<\/i> dans la gestion des affaires de l\u2019Etat et la coordination entre les diff\u00e9rents d\u00e9partements minist\u00e9riels. <\/font><\/span><\/p>\n<p>\u00a0<\/p>\n<p>\u00a0<\/p>\n<p><font face=\"Arial\" size=\"2\"><strong>M. Mongi Zidi nomm\u00e9 Directeur g\u00e9n\u00e9ral de l\u2019ATCE\u00a0:<\/strong> <\/font><\/p>\n<p>\u00a0<\/p>\n<p><span><font face=\"Arial\" size=\"2\">Dans un communiqu\u00e9 dat\u00e9 d\u2019avant hier, mardi 23 f\u00e9vrier 2010, et non encore confirm\u00e9 au Journal officiel de la R\u00e9publique tunisienne, le Minist\u00e8re de la Communication annonce la nomination de M. <i><strong>Mongi Zidi<\/strong><\/i> au poste de Directeur g\u00e9n\u00e9ral de l\u2019<i>Agence Tunisienne de Communication ext\u00e9rieure\u00a0<\/i>(ATCE). <\/font><\/span><\/p>\n<p>\u00a0<\/p>\n<p><span><font face=\"Arial\" size=\"2\">Ag\u00e9 de 48 ans (et non de 58 comme le pr\u00e9tend le quotidien londonien <i>Al-Sharq Al-Awsat<\/i>), originaire de Gafsa, M. <i><strong>Zidi <\/strong><\/i>est sociologue de formation. Il est sp\u00e9cialiste de la <i>\u2018Sociologie de la Culture et Sociologie de la Jeunesse\u2019<\/i> et a fait le gros de sa carri\u00e8re au \u2018Cabinet du Ministre de la Culture\u2019, avant de diriger le journal<i><strong>\u2018Al-Hourria\u2019<\/strong><\/i>, organe du parti RCD au pouvoir. Poste o\u00f9 il avait succ\u00e9d\u00e9, en 2007, au transfuge <i><strong>Moncef Gouja<\/strong><\/i>, aujourd\u2019hui <i>Charg\u00e9 d\u2019Affaires<\/i>Repr\u00e9sentant e la Tunisie \u00e0 <i><strong>Abuja<\/strong><\/i>, apr\u00e8s avoir fait un court s\u00e9jour de <i>Consul g\u00e9n\u00e9ral \u00e0 Paris<\/i>. <\/font><\/span><\/p>\n<p>\u00a0<\/p>\n<p><font face=\"Arial\" size=\"2\"><span>Issu des rangs de l\u2019extr\u00eame gauche, <i><strong>Moncef Gouja<\/strong><\/i>, proche de Monsieur l\u2019ancien ministre <i><strong>Abdallah<\/strong><\/i>, a souffert d\u2019une tr\u00e8s mauvaise r\u00e9putation et d\u2019une farouche r\u00e9sistance destourienne et cybern\u00e9tique. <\/span><span lang=\"EN-GB\">Les premiers l\u2019accus\u00e8rent, avec force d\u00e9tails, de parachutage, de corruption, de client\u00e9lisme et de n\u00e9potisme, les seconds lui donn\u00e8rent le qualificatif machine \u00e0 propagande et le sobriquet de <i><strong>\u2018Goujat\u2019<\/strong><\/i>. <\/span><\/font><\/p>\n<p>\u00a0<\/p>\n<p><span lang=\"EN-GB\"><font face=\"Arial\" size=\"2\">A Paris, il avait brill\u00e9 par sa totale absence de contact et son m\u00e9pris total d\u2019une communaut\u00e9 tunisienne forte de plus de 600.000 \u00e2mes officiellement et de pr\u00e8s d\u2019un million officieusement. <\/font><\/span><\/p>\n<p>\u00a0<\/p>\n<p><span><font face=\"Arial\" size=\"2\">Son d\u00e9part du journal <i>\u2018Al-Hurria\u2019<\/i> puis du <i>\u2018Consulat g\u00e9n\u00e9ral \u00e0 Paris\u2019<\/i> avait \u00e9t\u00e9 salu\u00e9 en son temps. <\/font><\/span><\/p>\n<p>\u00a0<\/p>\n<p><span><font face=\"Arial\" size=\"2\">Quant \u00e0 M. <i><strong>Zidi<\/strong><\/i>, le nouveau patron de l\u2019ATCE, il passe pour \u00eatre un proche de l\u2019actuel Secr\u00e9taire g\u00e9n\u00e9ral du parti RCD au pouvoir, M.<i><strong>Mohamed Gharinai<\/strong><\/i>, comme le confirme d\u2019ailleurs <i>Al-Sharq Al-Awsat<\/i>. <\/font><\/span><\/p>\n<p>\u00a0<\/p>\n<p><span><font face=\"Arial\" size=\"2\">Cette nomination intervient apr\u00e8s plus de six semaines du dernier remaniement minist\u00e9riel ayant vu la confirmation de M. <i><strong>Oussama Romdhani<\/strong><\/i> \u00e0 la t\u00eate du D\u00e9partement de la <i><strong>Communication<\/strong><\/i>, apr\u00e8s lui avoir \u00f4t\u00e9 les <i>Relations avec les Chambres des D\u00e9put\u00e9s et des Conseillers<\/i>, apr\u00e8s en avoir \u00e9t\u00e9 l\u2019int\u00e9rimaire pendant pr\u00e8s de 3 mois. <\/font><\/span><\/p>\n<p>\u00a0<\/p>\n<p><span><font face=\"Arial\" size=\"2\">Cette nomination tardive \u00e0 la t\u00eate de l\u2019ATCE marque la victoire de M. <i><strong>Gharinai<\/strong><\/i> et de la strat\u00e9gie du parti RCD au pouvoir voulant contr\u00f4ler les diff\u00e9rents organes de l\u2019Etat. Mais la tr\u00e8s longue phase de 3 mois de cumul de M. <i><strong>Romdhabi<\/strong><\/i>, ancien patron de l\u2019ATCE et ancien minsitre-int\u00e9rimaire, et de 6 semaines de non-d\u00e9cision, depuis sa confirmation minist\u00e9rielle, renseigne sur les luttes intenses que se livrent diff\u00e9rents centres de pouvoir qui se d\u00e9fendent des int\u00e9r\u00eats divergents. Elle confirme enfin la perte de puissance de monsieur l\u2019ancien ministre <i>Abdallah<\/i> qui r\u00e9gnait sur le secteur de l\u2019Information et l\u2019entr\u00e9e en jeu de monsieur <i>Ghariani<\/i> qui d\u00e9fend les couleurs et les int\u00e9r\u00eats de son parti. <\/font><\/span><\/p>\n<p>\u00a0<\/p>\n<p><span><font face=\"Arial\" size=\"2\">Les rumeurs \u00e9voquaient, d\u2019ailleurs, de trois pr\u00e9tendants, avant l\u2019arriv\u00e9e de l\u2019outsider M.<i><strong>Zidi<\/strong><\/i> , ainsi que la pr\u00e9valence d\u2019une intense lutte entre les journalistes (de carri\u00e8re si l\u2019on peut se permettre l\u2019usage) et les charg\u00e9s de propagande portes-paroles officieux et clandestins du pouvoir en place. <\/font><\/span><\/p>\n<p><span><font face=\"Arial\" size=\"2\">Puisse M. <i><strong>Zidi<\/strong><\/i> rompre avec la culture propagandiste et recentrer le travail de l\u2019ATCE sur le c\u0153ur de son m\u00e9tier, en favorisant la d\u00e9marche journalistique sur la d\u00e9marche propagandiste. <\/font><\/span><\/p>\n<p>\u00a0<\/p>\n<p>\u00a0<\/p>\n<p><font face=\"Arial\" size=\"2\"><strong>R\u00e9flexions sur le Minist\u00e8re de la Communication, l\u2019ATCE\u00a0et leur travail:<\/strong><\/font><\/p>\n<p>\u00a0<\/p>\n<p><span lang=\"EN-GB\"><font face=\"Arial\" size=\"2\">Cette nomination nous offre l\u2019occasion de formuler quelques remarques critiques et observations constructives sur le fonctionnement de l\u2019ATCE. <\/font><\/span><\/p>\n<p>\u00a0<\/p>\n<p><font face=\"Arial\" size=\"2\"><strong>1-Le retour du Minist\u00e8re de l\u2019Information\/Communication\u00a0:<\/strong> <\/font><\/p>\n<p>\u00a0<\/p>\n<p><span lang=\"EN-GB\"><font face=\"Arial\" size=\"2\">Le r\u00e9cent remaniement minist\u00e9riel a confirm\u00e9 le retour du <i><strong>\u2018Minist\u00e8re de l\u2019Information\u2019<\/strong><\/i>, sous l\u2019appellation <i><strong>\u2018Minist\u00e8re de la Communication\u2019<\/strong><\/i>, mais il s\u2019agit exactement des m\u00eames pr\u00e9rogatives de l\u2019ancien Minist\u00e8re, tant d\u00e9cri\u00e9 par ceux l\u00e0 m\u00eame qui en ont la charge aujourd\u2019hui. Ce qui n\u00e9cessite soit d\u2019engager une r\u00e9flexion nationale afin de son abolition graduelle, soit de revoir le discours \u00e9tatique et RCDiste qui pr\u00e9sente la suppression du Minist\u00e8re de l\u2019Information comme une des mesures phares de ce que les m\u00e9dias appellent l\u2019\u00e8re du <i>\u2018Changement\u2019<\/i> marquant l\u2019arriv\u00e9e au pouvoir de M. <i><strong>Ben Ali<\/strong><\/i>, l\u2019actuel Chef de l\u2019Etat. Il y va de la cr\u00e9dibilit\u00e9 du discours politique. <\/font><\/span><\/p>\n<p>\u00a0<\/p>\n<p><font face=\"Arial\" size=\"2\"><strong>2-La n\u00e9cessaire limitation de l\u2019ATCE au c\u0153ur de son m\u00e9tier<\/strong><\/font><\/p>\n<p><span lang=\"EN-GB\"><font face=\"Arial\" size=\"2\">L\u2019ATCE devrait se limiter \u00e0 ses seules activit\u00e9s de Communication ext\u00e9rieure, en concentrant son travail sur le c\u0153ur de son m\u00e9tier, d\u00e9fini par les textes r\u00e9glementaires, \u00e0 savoir\u00a0: Une meilleure connaissance de la Tunisie \u00e0 l\u2019Etranger\u00a0; Faire conna\u00eetre les opportunit\u00e9s d\u2019investissement en Tunisie\u00a0; Aider les Investisseurs tunisiens \u00e0 prospecter les march\u00e9s ext\u00e9rieurs. Cela s\u2019est pass\u00e9 tout r\u00e9cemment \u00e0 l\u2019occasion d\u2019un s\u00e9minaire sur les possibilit\u00e9s d\u2019investissements en Afrique, co-organis\u00e9 par l\u2019ATCE, et c\u2019est une bonne chose. <\/font><\/span><\/p>\n<p>\u00a0<\/p>\n<p><font face=\"Arial\" size=\"2\"><strong>3-Cesser l\u2019orientation vers des personnages officieux\u00a0:<\/strong> <\/font><\/p>\n<p>\u00a0<\/p>\n<p><span lang=\"EN-GB\"><font face=\"Arial\" size=\"2\">L\u2019ATCE doit Faciliter le travail des Journalistes \u00e9trangers en les orientant vers les structures et les responsables publics et priv\u00e9s et non l\u2019inverse. Elle doit cesser de fonctionner par des portes paroles officieux interpos\u00e9s\u00a0: Une amie journaliste occidentale m\u2019avait expliqu\u00e9 que la Tunisie \u00e9tait le seul pays du monde qu\u2019elle a visit\u00e9 et o\u00f9 la structure OFFICIELLE charg\u00e9e d\u2019assister les journalistes \u00e9trangers (l\u2019ATCE) lui conseille de contacter des personnes OFFICIEUSES, inscrites sur une liste OFFICIELLE, mais connaissent mieux que les ministres et les hauts responsables de l\u2019Etat. Cela s\u2019est produit en marge des douloureux affrontements de Soliman entre les forces arm\u00e9es et le jeunes arm\u00e9s du groupe de Lassaad Sassi. Au del\u00e0 de l\u2019aspect \u2018plaisanterie de mauvais go\u00fbt\u2019 que cela produit alors que le pays est sus le choc et que les m\u00e9dias du pays et du monde entier cherchaient des informations pr\u00e9cises aupr\u00e8s des autorit\u00e9s et pas aupr\u00e8s de tel poulain ou d\u2019un tel neveu d\u2019un tel ministre, ce type de comportement d\u2019une institution r\u00e9publicaine jette le discr\u00e9dit sur l\u2019ensemble des institutions de la R\u00e9publique. <\/font><\/span><\/p>\n<p>\u00a0<\/p>\n<p><font face=\"Arial\" size=\"2\"><strong>4-N\u00e9cessaire synergie avec les services du Premier Ministre<\/strong> <\/font><\/p>\n<p>\u00a0<\/p>\n<p><span lang=\"EN-GB\"><font face=\"Arial\" size=\"2\">Le nouveau patron de l\u2019ATCE devrait travailler avec plus de synergie avec les services du Premier Ministre et ceux du Ministres des Affaires \u00e9trang\u00e8res, de la Coop\u00e9ration, de l\u2019Economie et de l\u2019Agriculture notamment. <\/font><\/span><\/p>\n<p>\u00a0<\/p>\n<p><font face=\"Arial\" size=\"2\"><strong>5-Devenir de l\u2019ATCE aupr\u00e8s du Premier Ministre ou du Chef de la Diplomatie\u00a0:<\/strong><\/font><\/p>\n<p>\u00a0<\/p>\n<p><span><font face=\"Arial\" size=\"2\">A notre sens et dans la perspective de la suppression du Minist\u00e8re de l\u2019Information\/Communication, nous pensons que l\u2019ATCE devrait \u00eatre attach\u00e9e soit au Premier Minist\u00e8re, soit au Minist\u00e8re des Affaires \u00e9trang\u00e8res (comme en France o\u00f9 le \u2018Centre d\u2019Accueil de la Presse \u00e9trang\u00e8re\u2019 CAPE est plac\u00e9 sous la tutelle de la Diplomatie). <\/font><\/span><\/p>\n<p>\u00a0<\/p>\n<p><font face=\"Arial\" size=\"2\"><strong>6-Ne plus s\u2019occuper de la distribution du march\u00e9 publicitaire national\u00a0:<\/strong><\/font><\/p>\n<p>\u00a0<\/p>\n<p><font face=\"Arial\" size=\"2\"><span>L\u2019ATCE devrait se d\u00e9lester de la dimension la plus probl\u00e9matique de son r\u00f4le, \u00e0 savoir la distribution de la publicit\u00e9 des entreprises nationales. <\/span><span lang=\"EN-GB\">Cette fonction devrait \u00eatre des pr\u00e9rogatives de chaque entreprise. S\u2019il fallait la centraliser, les services du Premier Ministre seraient les mieux plac\u00e9s pour y assurer une gestion \u00e9quitable. <\/span><\/font><\/p>\n<p>\u00a0<\/p>\n<p><font face=\"Arial\" size=\"2\"><strong>7-La TRANSPARENCE des D\u00e9penses\u00a0:<\/strong> <\/font><\/p>\n<p>\u00a0<\/p>\n<p><span lang=\"EN-GB\"><font face=\"Arial\" size=\"2\">L\u2019ATCE devrait rendre plus transparentes ses d\u00e9penses, notamment en mati\u00e8re de compagne de communication \u00e0 l\u2019\u00e9tranger. Certains r\u00e9cits anonymes r\u00e9v\u00e8lent un usage peu conforme \u00e0 l\u2019\u00e9thique et aux normes de gestion comptable des deniers publics. Le nouveau DG devrait en faire sa priorit\u00e9, la TRANSPARENCE. <\/font><\/span><\/p>\n<p>\u00a0<\/p>\n<p><font face=\"Arial\" size=\"2\"><strong>8-L\u2019indispensable politique de communication OFFICIELLE gouvernementale\u00a0:<\/strong> <\/font><\/p>\n<p>\u00a0<\/p>\n<p><span lang=\"EN-GB\"><font face=\"Arial\" size=\"2\">Le n\u00e9cessaire d\u00e9veloppement d\u2019une politique de Communication gouvernementale, la Tunisie \u00e9tant un des rares pays au monde ne disposant pas de Porte parole officiel du Gouvernement. Les Ministres, notamment les d\u00e9partements r\u00e9galiens ne disposent pas non plus d Porte-paroles mais de Conseillers ou Attach\u00e9 de presse, qui ne remplacent point un Porte-Parole d\u00fbment investi par la Loi de communiquer au nom du Gouvernement ou du D\u00e9partement. Cette situation ouvre la porte au d\u00e9veloppement d\u2019une classe de faux Portes-paroles officieux auto-proclam\u00e9s qui ne rapportent devant personne et ne sont responsables devant personne. Cette situation n\u2019honore en rien la Patrie et il faut y rem\u00e9dier le plus t\u00f4t que possible. <\/font><\/span><\/p>\n<p>\u00a0<\/p>\n<p><font face=\"Arial\" size=\"2\"><strong>9-Espoir apr\u00e8s la nomination du nouveau DirCab de M. le Premier Ministre\u00a0:<\/strong><\/font><\/p>\n<p>\u00a0<\/p>\n<p><span lang=\"EN-GB\"><font face=\"Arial\" size=\"2\">Puisse la nomination d\u2019un connaisseur de ces dossiers de Communication gouvernementale, en la personne de M. <i><strong>Ta\u00efeb Youssefi<\/strong><\/i>, aux fonctions de <i>Directeur du Cabinet de Monsieur le Premier Ministre<\/i> rem\u00e9dier \u00e0 cette anomalie. Fort de son exp\u00e9rience, de sa l\u00e9gitimit\u00e9, du soutien et de la confiance de Monsieur le Premier Ministre et du r\u00e9cent discours de recadrage de l\u2019action gouvernementale, M. <i><strong>Youssefi<\/strong><\/i> aura certainement des atouts pour moderniser la Communication gouvernementale.\u00a0<\/font><font face=\"Arial\" size=\"2\">\u00a0<\/font><\/span><\/p>\n<p><span lang=\"EN-GB\"><font face=\"Arial\" size=\"2\">Est-il permis de r\u00eaver de voir un jour un Vrai Porte-parole officiel du Gouvernement prendre sa place l\u00e9gitime, \u00e0 la place de la myriade de faux portes-paroles officieux, client\u00e9listes et auto-proclam\u00e9s\u00a0? Il y va de la cr\u00e9dibilit\u00e9 de l\u2019action gouvernementale. Il y va du s\u00e9rieux du discours officiel, qui ne peut \u00eatre pr\u00e9sent\u00e9 et d\u00e9fendu pas des officieux, pour qu\u2019il soit discut\u00e9 et pris au s\u00e9rieux en tant qu\u2019Officiel et non en tant qu\u2019Officuex. Il y va de l\u2019int\u00e9r\u00eat national. <\/font><\/span><\/p>\n<p>\u00a0<\/p>\n<p><font face=\"Arial\" size=\"2\"><em><span lang=\"EN-GB\"><strong>Il est permis d\u2019esp\u00e9rer.. Wa Inna Ghadan Li-Nadhirhi La-Qarib..<\/strong><\/span><\/em><span lang=\"EN-GB\"><\/span><\/font><\/p>\n<p>\u00a0<\/p>\n<p>\u00a0<\/p>\n<p><font face=\"Arial\" size=\"2\"><u><span lang=\"EN-GB\"><strong>PS\u00a0:<\/strong><\/span><\/u><span lang=\"EN-GB\"><\/span><\/font><\/p>\n<p><span lang=\"EN-GB\"><font face=\"Arial\" size=\"2\">Soulignant au passage, avant de clore ce papier, la publication-reprise par le portail<\/font><\/span><font face=\"Arial\" size=\"2\"><i><span><a href=\"http:\/\/www.leaders.com.tn\/\" target=\"_blank\" rel=\"noopener\"><span lang=\"EN-GB\">http:\/\/www.Leaders.com.tn<\/span><\/a><\/span><\/i><font><i><span><\/span><\/i><span lang=\"EN-GB\">\u00a0de la Liste diplomatique, quelques jours apr\u00e8s notre d\u00e9marche citoyenne de collecte d\u2019informations et de publication de la <i>Hani Diplomatic List<\/i>. Nous d\u00e9plorons toutefois que ledit site, qui fait par ailleurs un travail excellent, s\u2019en attribue l\u2019exclusivit\u00e9. Mais formulons l\u2019espoir que le portail officiel de la Diplomatie tunisienne se r\u00e9veille des ann\u00e9es de somnolence et\u00a0 publie enfin cette liste. La publication continue des nominations est une exigence de <strong>TRANSPARENCE<\/strong>, appel\u00e9 par tous les v\u0153ux.<\/span><\/font><\/font><\/p>\n<p>\u00a0<\/p>\n<p>\u00a0<\/p>\n<p><span lang=\"EN-GB\"><font face=\"Arial\" size=\"2\">Paris, le 25 f\u00e9vrier 2010 <\/font><\/span><\/p>\n<p>\u00a0<\/p>\n<p><span lang=\"EN-GB\"><font face=\"Arial\" size=\"2\">A\u00efd \/ Retornado, <i>Bi Idhini Allah, Ahabba Al Mouhibboun Wa Kariha Al Karihoun<\/i> <\/font><\/span><\/p>\n<p>\u00a0<\/p>\n<p><font face=\"Arial\" size=\"2\"><strong>Abdel Wahab Hani<\/strong><\/font><\/p>\n<p>\u00a0<\/p>\n<p><span><font face=\"Arial\" size=\"2\"><a href=\"mailto:Awhani@yahoo.fr\"><span lang=\"EN-GB\">Awhani@yahoo.fr<\/span><\/a><\/font><\/span><\/p>\n<\/div>\n<div>\n<hr\/>\n<\/div>\n<p><font face=\"Arial\" size=\"2\"><\/p>\n<div align=\"center\"><span lang=\"FR\"><span lang=\"FR-CH\"><font size=\"3\"><strong>Le chef de la S\u00fbret\u00e9 alg\u00e9rienne tu\u00e9 par balle &#8211; minist\u00e8re<\/strong><\/font><\/span><span lang=\"DE-CH\"><em><u><\/u><\/em><\/span><\/span><\/div>\n<div>\n<hr\/>\n<\/div>\n<p dir=\"ltr\"><span lang=\"DE-CH\"><em><u><strong><font>Reuters, le 25 f\u00e9vrier 2010 \u00e0 17h41<\/font><\/strong><\/u><\/em><\/span><\/p>\n<p dir=\"ltr\"><span lang=\"FR-CH\">par Christian Lowe<\/span><\/p>\n<p dir=\"ltr\"><span lang=\"FR-CH\">ALGER, 25 f\u00e9vrier (Reuters) &#8211; Le directeur g\u00e9n\u00e9ral de la S\u00fbret\u00e9 alg\u00e9rienne, Ali Tounsi, a \u00e9t\u00e9 abattu dans ses locaux jeudi par un autre responsable pris d&rsquo;un acc\u00e8s de folie apparent, a annonc\u00e9 le minist\u00e8re de l&rsquo;Int\u00e9rieur.<\/span><\/p>\n<p><span lang=\"FR-CH\"><\/p>\n<p dir=\"ltr\">Rien n&rsquo;indique un lien quelconque entre ce meurtre et les insurg\u00e9s de la branche maghr\u00e9bine d&rsquo;Al Qa\u00efda qui attaquent p\u00e9riodiquement des int\u00e9r\u00eats gouvernementaux en Alg\u00e9rie.<\/p>\n<p dir=\"ltr\">Selon un communiqu\u00e9 du minist\u00e8re cit\u00e9 par la radio d&rsquo;Etat, les faits ont eu lieu au si\u00e8ge de la S\u00fbret\u00e9 \u00ab\u00a0<em>lors d&rsquo;une s\u00e9ance de travail au cours de laquelle un cadre de police, apparemment pris d&rsquo;une crise de d\u00e9mence, a utilis\u00e9 son arme et bless\u00e9 mortellement le colonel Ali Tounsi<\/em>\u00ab\u00a0.<\/p>\n<p dir=\"ltr\">Le responsable a ensuite \u00ab\u00a0<em>retourn\u00e9 l&rsquo;arme contre lui, se blessant gravement, et a \u00e9t\u00e9 transf\u00e9r\u00e9 \u00e0 l&rsquo;h\u00f4pital<\/em>\u00ab\u00a0, pr\u00e9cise le minist\u00e8re.<\/p>\n<p dir=\"ltr\">\u00ab\u00a0<em>Une enqu\u00eate judiciaire est ouverte pour d\u00e9terminer les circonstances de ce douloureux \u00e9v\u00e9nement<\/em>\u00ab\u00a0, ajoute le communiqu\u00e9.<\/p>\n<p dir=\"ltr\">De source proche de la s\u00e9curit\u00e9, on avait auparavant d\u00e9clar\u00e9 \u00e0 Reuters que Tounsi, chef de la S\u00fbret\u00e9 depuis plus de dix ans et ancien combattant de la guerre d&rsquo;ind\u00e9pendance, avait \u00e9t\u00e9 tu\u00e9 dans son bureau par un haut fonctionnaire de police auquel l&rsquo;opposait une querelle.<\/p>\n<p dir=\"ltr\">\u00ab\u00a0<em>Le type n&rsquo;\u00e9tait pas content, il a sorti son pistolet et il a tir\u00e9<\/em>\u00ab\u00a0, ajoutait cette source. \u00ab\u00a0<em>Des policiers qui se trouvaient \u00e0 c\u00f4t\u00e9 ont ripost\u00e9.<\/em>\u00ab\u00a0<\/p>\n<p dir=\"ltr\">Le minist\u00e8re ne confirme pas que des policiers pr\u00e9sents sur place aient r\u00e9pliqu\u00e9.<\/p>\n<p dir=\"ltr\">Les unit\u00e9s plac\u00e9es sous le commandement d&rsquo;Ali Tounsi jouent un r\u00f4le important dans les op\u00e9rations men\u00e9es par le gouvernement pour \u00e9liminer les insurg\u00e9s islamistes.<\/p>\n<p dir=\"ltr\">Un responsable qui a requis l&rsquo;anonymat a jug\u00e9 improbable que la mort de Tounsi freine la lutte contre-insurrectionnelle, qui a permis de r\u00e9duire la r\u00e9bellion \u00e0 un noyau de quelques centaines d&rsquo;activistes.<\/p>\n<p dir=\"ltr\">\u00ab\u00a0<em>La mort de Tounsi est une grande perte, mais elle n&rsquo;aura pas d&rsquo;impact sur la lutte contre le terrorisme<\/em>\u00ab\u00a0, a dit ce responsable \u00e0 Reuters. \u00ab\u00a0<em>La lutte contre le terrorisme n&rsquo;est pas men\u00e9e par une personne, mais par toutes les institutions alg\u00e9riennes.<\/em>\u00ab\u00a0<\/p>\n<p><\/span><\/p>\n<p dir=\"ltr\"><span lang=\"FR-CH\">REUTERS<\/span><\/p>\n<p align=\"center\" dir=\"ltr\">\u00a0<\/p>\n<div>\n<hr\/>\n<\/div>\n<div align=\"center\"><b><span><font size=\"3\">Algerian national police chief shot dead &#8211; ministry<\/font><\/span><\/b><span lang=\"FR-CH\"><em><u><font><\/font><\/u><\/em><\/span><\/div>\n<div>\n<hr\/>\n<\/div>\n<p><\/font><\/p>\n<p dir=\"ltr\"><span lang=\"FR-CH\"><em><u><strong><font>Reuters, le 25 f\u00e9vrier 2010 \u00e0 17h27<\/font><\/strong><\/u><\/em><\/span><\/p>\n<p dir=\"ltr\"><span>* Police chief&rsquo;s attacker was a fellow officer &#8211; statement<\/span><\/p>\n<p dir=\"ltr\"><span>* Shooter was \u00ab\u00a0gripped by an attack of madness\u00a0\u00bb<\/span><\/p>\n<p dir=\"ltr\"><span>* No indication Islamist militants were involved<\/span><\/p>\n<p dir=\"ltr\"><span>* Official says death won&rsquo;t disrupt anti-Qaeda campaign<\/span><\/p>\n<p dir=\"ltr\"><span>By Christian Lowe<\/span><\/p>\n<p dir=\"ltr\"><span>ALGIERS, Feb 25 (Reuters) &#8211; The chief of Algeria&rsquo;s national police was shot dead during a meeting at his headquarters on Thursday when a fellow officer fired his pistol in a fit of insanity, the Interior Ministry said.<\/span><\/p>\n<p dir=\"ltr\"><span>There was no indication of any link between the killing of veteran police chief Ali Tounsi and al Qaeda insurgents who periodically attack government targets in Algeria, a major oil and gas exporter.<\/span><\/p>\n<p dir=\"ltr\"><span>\u00ab\u00a0The death of Ali Tounsi &#8230; took place during a working session, in the course of which a police official, apparently<\/span><\/p>\n<p dir=\"ltr\"><span>gripped by an attack of madness, used his weapon and fatally wounded Colonel Tounsi,\u00a0\u00bb state radio quoted a ministry statement as saying.<\/span><\/p>\n<p dir=\"ltr\"><span>\u00ab\u00a0A judicial enquiry has been opened to determine the circumstances of this distressing event,\u00a0\u00bb the statement said.<\/span><\/p>\n<p dir=\"ltr\"><span>The police force commanded by Tounsi has played an important role in the Algerian government&rsquo;s effort to stamp out the long-running insurgency by Islamist militants.<\/span><\/p>\n<p dir=\"ltr\"><span>Earlier, a security source told Reuters that Tounsi, national police chief for more than a decade and a veteran of Algeria&rsquo;s war of independence from France in the 1950s and 1960s, was shot inside his office by a senior police official with whom he was having an argument.<\/span><\/p>\n<p dir=\"ltr\"><span>\u00ab\u00a0This guy was unhappy, he took out his pistol and he fired it,\u00a0\u00bb the source said. \u00ab\u00a0Police officers nearby fired back.\u00a0\u00bb<\/span><\/p>\n<p dir=\"ltr\"><span>Another security source said the attacker had earlier been dismissed from his job by Tounsi, and was remonstrating with the police chief about the decision when he fired his weapon.<\/span><\/p>\n<p dir=\"ltr\"><span>The Interior Ministry statement said that after shooting the police chief, the attacker shot himself and was now in serious condition in hospital. It made no mention of police firing back.<\/span><\/p>\n<p dir=\"ltr\"><span>COUNTER-INSURGENCY FIGHT<\/span><\/p>\n<p dir=\"ltr\"><span>An official, who did not want to be identified, said it was unlikely Tounsi&rsquo;s killing would be a set-back for the government&rsquo;s counter-insurgency, which has been successful in reducing the rebellion to a hardcore of a few hundred fighters.<\/span><\/p>\n<p dir=\"ltr\"><span>The police share responsibility for combating the insurgents with the gendarmerie, or paramilitary police, and the intelligence services and army.<\/span><\/p>\n<p dir=\"ltr\"><span>\u00ab\u00a0Tounsi&rsquo;s death is a big loss but it won&rsquo;t have any impact on the fight against terrorism,\u00a0\u00bb the official, who is familiar with security issues, told Reuters.<\/span><\/p>\n<p dir=\"ltr\"><span>\u00ab\u00a0The fight against terror is not conducted by one person but by all of Algeria&rsquo;s institutions.\u00a0\u00bb<\/span><\/p>\n<p><span><\/p>\n<p dir=\"ltr\">\u00a0<\/p>\n<div>\n<hr\/>\n<\/div>\n<div align=\"center\"><span dir=\"rtl\" lang=\"FR-CH\"><strong><\/p>\n<h3 style=\"color: blue;\"><font size=\"3\">La Turquie r\u00e9soudra ses probl\u00e8mes dans le droit, dit G\u00fcl<\/font><\/h3>\n<p><\/strong><\/span><i><u><span lang=\"FR-CH\"><\/span><\/u><\/i><\/div>\n<div>\n<hr\/>\n<\/div>\n<p><\/span><\/p>\n<p dir=\"ltr\"><i><u><span lang=\"FR-CH\">Reuters, le 25 f\u00e9vrier 2010 \u00e0 16h19<\/span><\/u><\/i><\/p>\n<p dir=\"ltr\"><span lang=\"FR-CH\">par Zerin Elci<\/span><\/p>\n<p dir=\"ltr\"><span lang=\"FR-CH\">ISTANBUL, 25 f\u00e9vrier (Reuters) &#8211; Les probl\u00e8mes de la Turquie doivent \u00eatre r\u00e9solus dans le cadre constitutionnel, a soulign\u00e9 jeudi le pr\u00e9sident Abdullah G\u00fcl dans un communiqu\u00e9 publi\u00e9 apr\u00e8s une r\u00e9union entre dirigeants politiques et chefs militaires.<\/span><\/p>\n<p dir=\"ltr\"><span lang=\"FR-CH\">L&rsquo;enqu\u00eate de la justice turque sur un complot contre le\u00a0gouvernement, o\u00f9 plusieurs officiers de haut rang sont impliqu\u00e9s, a accru les tensions entre le gouvernement du parti islamo-conservateur AKP et les militaires, qui par tradition d\u00e9fendent la la\u00efcit\u00e9 de la Turquie moderne.<\/span><\/p>\n<p dir=\"ltr\"><span lang=\"FR-CH\">Abdullah G\u00fcl et le Premier ministre Tayyip Erdogan se sont entretenus trois heures durant avec le g\u00e9n\u00e9ral Ilker Basbug, chef d&rsquo;\u00e9tat-major des forces arm\u00e9es, dans le but d&rsquo;apaiser ces tensions.<\/span><\/p>\n<p dir=\"ltr\"><span lang=\"FR-CH\">\u00ab\u00a0Nous avons soulign\u00e9 que les citoyens peuvent \u00eatre s\u00fbrs que les probl\u00e8mes actuels seront r\u00e9solus dans le cadre de la constitution et de la loi au cours de ce processus\u00a0\u00bb, affirme G\u00fcl dans son communiqu\u00e9.<\/span><\/p>\n<p dir=\"ltr\"><span lang=\"FR-CH\">\u00ab\u00a0Chacun doit agir de fa\u00e7on responsable afin d&rsquo;\u00e9viter tout dommage \u00e0 nos institutions\u00a0\u00bb, ajoute-t-il.<\/span><\/p>\n<p dir=\"ltr\"><span lang=\"FR-CH\">De son c\u00f4t\u00e9, Erdogan a estim\u00e9 que les discussions s&rsquo;\u00e9taient \u00ab\u00a0tr\u00e8s bien\u00a0\u00bb d\u00e9roul\u00e9es, rapporte la t\u00e9l\u00e9vision turque.<\/span><\/p>\n<p dir=\"ltr\"><span lang=\"FR-CH\">La r\u00e9union s&rsquo;est tenue alors que la justice turque entamait l&rsquo;interrogatoire d&rsquo;anciens chefs de la marine et de l&rsquo;arm\u00e9e de l&rsquo;air, ainsi que d&rsquo;un chef d&rsquo;\u00e9tat-major adjoint, dans un<\/span><\/p>\n<p dir=\"ltr\"><span lang=\"FR-CH\">tribunal d&rsquo;Istanbul.<\/span><\/p>\n<p dir=\"ltr\"><span lang=\"FR-CH\">\u00c9L\u00c9CTIONS ANTICIP\u00c9ES ?<\/span><\/p>\n<p dir=\"ltr\"><span lang=\"FR-CH\">Leur inculpation risquerait de relancer les tensions et alimenterait les rumeurs d&rsquo;\u00e9lections anticip\u00e9es, si la plus haute instance juridique turque d\u00e9cidait de tenter d&rsquo;interdire\u00a0 le parti AKP, comme elle l&rsquo;a d\u00e9j\u00e0 fait en 2008.<\/span><\/p>\n<p dir=\"ltr\"><span lang=\"FR-CH\">Erdogan a toutefois assur\u00e9 jeudi apr\u00e8s-midi qu&rsquo;il n&rsquo;\u00e9tait pas dans les intentions de son gouvernement d&rsquo;organiser des \u00e9lections anticip\u00e9es.<\/span><\/p>\n<p dir=\"ltr\"><span lang=\"FR-CH\">Douze officiers, dont des amiraux, ont d&rsquo;ores et d\u00e9j\u00e0 \u00e9t\u00e9 inculp\u00e9s et plac\u00e9s en d\u00e9tention pour avoir projet\u00e9, en 2003, de\u00a0 renverser le gouvernement. Au total, 50 officiers ont \u00e9t\u00e9 incarc\u00e9r\u00e9s.<\/span><\/p>\n<p dir=\"ltr\"><span lang=\"FR-CH\">Les commandants de l&rsquo;arm\u00e9e ont d&rsquo;ores et d\u00e9j\u00e0 fait \u00e9tat d&rsquo;une \u00ab\u00a0situation grave\u00a0\u00bb \u00e0 l&rsquo;issue d&rsquo;une r\u00e9union extraordinaire qu&rsquo;ils ont tenue pour discuter de l&rsquo;enqu\u00eate.<\/span><\/p>\n<p dir=\"ltr\"><span lang=\"FR-CH\">Le risque d&rsquo;une crise majeure est li\u00e9 au pass\u00e9 de la Turquie moderne, o\u00f9 l&rsquo;arm\u00e9e a renvers\u00e9 ou provoqu\u00e9 la chute de quatre gouvernements en un demi-si\u00e8cle. Les militaires assurent toutefois que ces putschs appartiennent \u00e0 une \u00e9poque r\u00e9volue.<\/span><\/p>\n<p dir=\"ltr\"><span lang=\"FR-CH\">Selon des organes de presse turcs, le complot incrimin\u00e9 aurait \u00e9t\u00e9 planifi\u00e9 en 2003 et avait pour nom de code \u00ab\u00a0Masse\u00a0\u00bb.<\/span><\/p>\n<p dir=\"ltr\"><span lang=\"FR-CH\">Il aurait notamment consist\u00e9 \u00e0 semer le chaos dans les rues d&rsquo;Istanbul en posant des bombes dans des mosqu\u00e9es et des mus\u00e9es, le but \u00e9tant de d\u00e9montrer l&rsquo;incapacit\u00e9 de l&rsquo;AKP \u00e0 prot\u00e9ger la population turque et de justifier un \u00e9ventuel coup d&rsquo;Etat.<\/span><\/p>\n<p dir=\"ltr\"><span lang=\"FR-CH\">L&rsquo;arm\u00e9e a toujours assur\u00e9 que les documents mis en cause faisaient partie d&rsquo;une proc\u00e9dure d&rsquo;entra\u00eenement et n&rsquo;\u00e9taient en aucun cas destin\u00e9s \u00e0 destabiliser le gouvernement.<\/span><\/p>\n<p dir=\"ltr\"><span lang=\"FR-CH\">D&rsquo;autres officiers en retraite ont \u00e9t\u00e9 accus\u00e9s d&rsquo;appartenance au r\u00e9seau d&rsquo;extr\u00eame droite clandestin Ergenekon, dont le proc\u00e8s de quelque 200 membres pr\u00e9sum\u00e9s est en cours.<\/span><\/p>\n<p dir=\"ltr\">\u00a0<\/p>\n<div>\n<hr\/>\n<\/div>\n<div align=\"center\"><strong><\/p>\n<h3 style=\"color: blue;\"><font size=\"3\">Turquie: les dirigeants veulent r\u00e9gler la crise dans la Constitution<\/font><\/h3>\n<p><\/strong><\/div>\n<div align=\"justify\" dir=\"ltr\">\n<hr\/>\n<\/div>\n<div align=\"justify\" dir=\"ltr\">AFP, le 25 f\u00e9vrier 2010 \u00e0 16h11 Par Burak AKINCI ANKARA, 25 f\u00e9v 2010 (AFP) -Les dirigeants civils et militaires turcs se sont engag\u00e9s jeudi \u00e0 r\u00e9gler dans le cadre des lois et de la Constitution la crise n\u00e9e de l&rsquo;arrestation d&rsquo;une cinquantaine de militaires soup\u00e7onn\u00e9s d&rsquo;avoir voulu comploter en 2003 contre le gouvernement islamo-conservateur. En d\u00e9but de soir\u00e9e, l&rsquo;agence Anatolie annon\u00e7ait que deux ex-responsables de haut rang de l&rsquo;arm\u00e9e figurant parmi les personnes arr\u00eat\u00e9es, les anciens chefs de la marine et de l&rsquo;aviation, Ozden Ornek et Ibrahim Firtina, avaient \u00e9t\u00e9 lib\u00e9r\u00e9s le m\u00eame jour sur ordre du parquet, apr\u00e8s avoir \u00e9t\u00e9 interrog\u00e9s.   \u00ab\u00a0Les citoyens doivent \u00eatre convaincus que les questions d&rsquo;actualit\u00e9 seront r\u00e9gl\u00e9es dans un cadre constitutionnel et en vertu des lois\u00a0\u00bb, indique un communiqu\u00e9 de la pr\u00e9sidence turque publi\u00e9 au terme d&rsquo;une r\u00e9union d&rsquo;urgence jeudi entre le pr\u00e9sident Abdullah G\u00fcl, le Premier ministre Recep Tayyip Erdogan et le chef de l&rsquo;\u00e9tat-major de l&rsquo;arm\u00e9e, le g\u00e9n\u00e9ral Ilker Basbug. Les parties pr\u00e9sentes ont soulign\u00e9 \u00ab\u00a0la n\u00e9cessit\u00e9 pour tous d&rsquo;agir avec responsabilit\u00e9 afin de ne pas affaiblir les institutions (civiles et militaires) au cours de ce processus\u00a0\u00bb, selon le texte. A l&rsquo;issue de la rencontre, M. Erdogan n&rsquo;a pas cach\u00e9 sa satisfaction, disant que l&rsquo;entretien s&rsquo;\u00e9tait \u00ab\u00a0tr\u00e8s bien pass\u00e9\u00a0\u00bb.   <strong>Le r\u00f4le de l&rsquo;arm\u00e9e en question<\/strong>   N\u00e9anmoins, certains observateurs estimaient que les termes vagues employ\u00e9s dans le communiqu\u00e9 laissaient penser que les tensions entre la hi\u00e9rarchie militaire, l&rsquo;un des piliers du r\u00e9gime la\u00efc, et le gouvernement ne semblaient pas pour l&rsquo;heure surmont\u00e9es m\u00eame s&rsquo;il y a une volont\u00e9 d&rsquo;apaisement. \u00ab\u00a0La crise a \u00e9t\u00e9 surmont\u00e9e pour l&rsquo;instant, mais comme il s&rsquo;agit d&rsquo;un probl\u00e8me syst\u00e9mique, une nouvelle crise pourrait surgir pour une autre raison\u00a0\u00bb, a comment\u00e9 Soli \u00d6zel, de l&rsquo;universit\u00e9 Bilgi d&rsquo;Istanbul. Selon cet universitaire, \u00ab\u00a0le r\u00f4le de l&rsquo;arm\u00e9e est en train d&rsquo;\u00eatre red\u00e9fini\u00a0\u00bb.   Des procureurs d&rsquo;Istanbul instruisant plusieurs dossiers de conspiration visant \u00e0 renverser le gouvernement du Parti de la justice et du d\u00e9veloppement (AKP, issu de la mouvance islamiste), qui dirige le pays depuis 2002, ont proc\u00e9d\u00e9 lundi \u00e0 un coup de filet in\u00e9dit contre l&rsquo;\u00e9lite militaire. Cette rafle a vis\u00e9 49 officiers suspect\u00e9s d&rsquo;avoir imagin\u00e9 une op\u00e9ration de d\u00e9stabilisation de l&rsquo;AKP. Depuis, dans le cadre de cette proc\u00e9dure entam\u00e9e apr\u00e8s qu&rsquo;un journal eut r\u00e9v\u00e9l\u00e9 en janvier le plan pr\u00e9sum\u00e9 de conspiration, un tribunal d&rsquo;Istanbul a inculp\u00e9 et ordonn\u00e9 l&rsquo;incarc\u00e9ration de vingt officiers sup\u00e9rieurs d&rsquo;active et \u00e0 la retraite. Quatorze autres suspects ont \u00e9t\u00e9 rel\u00e2ch\u00e9s.   L&rsquo;\u00e9tat-major avait r\u00e9agi mardi en qualifiant la situation de \u00ab\u00a0s\u00e9rieuse\u00a0\u00bb. Le g\u00e9n\u00e9ral Basbug a r\u00e9cemment affirm\u00e9 que le temps des coups d&rsquo;Etat \u00e9tait r\u00e9volu en Turquie. Le complot incrimin\u00e9 visait selon la justice \u00e0 semer le chaos en Turquie en provoquant des attentats spectaculaires, l&rsquo;objectif final \u00e9tant une prise du pouvoir par les militaires. L&rsquo;arm\u00e9e a ni\u00e9, d\u00e9non\u00e7ant une campagne de d\u00e9nigrement b\u00e2tie \u00e0 partir d&rsquo;un sc\u00e9nario de strat\u00e9gie militaire interpr\u00e9t\u00e9 faussement comme \u00e9tant les pr\u00e9paratifs d&rsquo;un complot. Les g\u00e9n\u00e9raux, qui ont d\u00e9mis quatre gouvernements depuis 1960, ont vu leur cr\u00e9dibilit\u00e9 souffrir d&rsquo;une succession d&rsquo;enqu\u00eates sur de pr\u00e9sum\u00e9s complots impliquant des militaires. Pour les d\u00e9tracteurs de l&rsquo;AKP, ces op\u00e9rations sont orchestr\u00e9es par ce parti afin d&rsquo;affaiblir les principes de la\u00efcit\u00e9 et d&rsquo;islamiser la Turquie. Sous la pression de l&rsquo;Union europ\u00e9enne, l&rsquo;AKP a r\u00e9duit le pouvoir de l&rsquo;arm\u00e9e et renforc\u00e9 celui des autorit\u00e9s civiles.AFP<\/div>\n<p><span><\/p>\n<p dir=\"ltr\">\u00a0<\/p>\n<div>\n<hr\/>\n<\/div>\n<div align=\"center\"><font face=\"Arial\" size=\"2\"><span lang=\"FR-CH\"><strong><\/p>\n<h3 style=\"color: blue;\"><font size=\"3\">Turkish PM dismisses call for early elections<\/font><\/h3>\n<p><\/strong><\/span><i><u><span lang=\"FR-CH\"><\/span><\/u><\/i><\/font><\/div>\n<div>\n<hr\/>\n<\/div>\n<p><\/span><\/font><\/p>\n<p dir=\"ltr\"><font face=\"Arial\" size=\"2\"><i><u><span lang=\"FR-CH\"><strong>Associated Press, le 25 f\u00e9vrier 2010 \u00e0 17h43<\/strong><\/span><\/u><\/i><\/font><\/p>\n<p dir=\"ltr\"><span><font face=\"Arial\" size=\"2\">By SELCAN HACAOGLU, Associated Press Writer<\/font><\/span><\/p>\n<p dir=\"ltr\"><span><font face=\"Arial\" size=\"2\">ANKARA, Turkey \u2013 A Turkish court has released the former chiefs of the navy and air force without charging them with involvement in an alleged coup plot.<\/font><\/span><\/p>\n<p dir=\"ltr\"><font face=\"Arial\" size=\"2\">Twenty current and former senior officers have been formally charged of plotting to topple the Islamic-rooted government, and ordered held in jail.<\/font><\/p>\n<p dir=\"ltr\"><font face=\"Arial\" size=\"2\">On Thursday night, a court in Istanbul released former navy chief Adm. Ozden Ornek and former<span>air force chief<\/span> Gen. Ibrahim Firtina. The two were released hours after the country&rsquo;s military chief, the president and the prime minister met to defuse tensions over the probe into an alleged military coup plot in 2003.<\/font><\/p>\n<p dir=\"ltr\"><font face=\"Arial\" size=\"2\">THIS IS A BREAKING NEWS UPDATE. Check back soon for further information. AP&rsquo;s earlier story is below.<\/font><\/p>\n<p dir=\"ltr\"><span><font face=\"Arial\" size=\"2\">ANKARA, Turkey<\/font><\/span><font face=\"Arial\" size=\"2\"> (AP) \u2014 A confident <span>Turkish prime minister<\/span> dismissed opposition calls for early elections Thursday and met with the country&rsquo;s military chief to defuse tensions over the government&rsquo;s probe into an alleged military coup plot.<\/font><\/p>\n<p dir=\"ltr\"><span><font face=\"Arial\" size=\"2\">Prime Minister Recep Tayyip Erdogan<\/font><\/span><font face=\"Arial\" size=\"2\">&lsquo;s Islamic-leaning government has detained over 50 high-ranking military officers this week for allegedly plotted to overthrow his government in 2003, a year after his party came to power. So far, 20 have been charged in the government&rsquo;s largest-ever crackdown on the military.<\/font><\/p>\n<p dir=\"ltr\"><font face=\"Arial\" size=\"2\">The tensions between Turkey&rsquo;s two main political forces \u2014 the Islamic-based government and the fiercely secular military \u2014 have worried businesses and investors, shaking the markets. <span>Opposition parties<\/span> have urged early elections to end the turmoil.<\/font><\/p>\n<p dir=\"ltr\"><span><font face=\"Arial\" size=\"2\">Erdogan<\/font><\/span><font face=\"Arial\" size=\"2\"> and <span>President Abdullah Gul<\/span> held a rare, three-hour meeting Thursday with Gen. Ilker Basbug, chief of the military, and afterward all three issued a joint statement.<\/font><\/p>\n<p dir=\"ltr\"><font face=\"Arial\" size=\"2\">\u00ab\u00a0The public must be assured that matters will be handled in line with the law and everyone should act responsibly not to damage institutions,\u00a0\u00bb the statement said.<\/font><\/p>\n<p dir=\"ltr\"><font face=\"Arial\" size=\"2\">Television channels quoted Erdogan as saying that \u00ab\u00a0it was a pleasant meeting.\u00a0\u00bb But in pictures and video distributed by the palace, the military chief looked anxious and uneasy. Both Basbug and Erdogan carried briefcases \u2014 something unusual \u2014 and sat around a small round table.<\/font><\/p>\n<p dir=\"ltr\"><font face=\"Arial\" size=\"2\">Later, Erdogan sounded even more confident.<\/font><\/p>\n<p dir=\"ltr\"><font face=\"Arial\" size=\"2\">\u00ab\u00a0Keep watching us,\u00a0\u00bb Erdogan said on CNN-Turk television. \u00ab\u00a0Early elections is certainly not on our party&rsquo;s agenda, everyone should know this.\u00a0\u00bb<\/font><\/p>\n<p dir=\"ltr\"><font face=\"Arial\" size=\"2\">Opposition leaders claim the coup probe is tinged by politics, a charge the government rejects. It says it is trying to put the military, which has ousted four civilian governments since 1960, under civilian rule, just like it is done in western democracies.<\/font><\/p>\n<p dir=\"ltr\"><font face=\"Arial\" size=\"2\">An analyst said the seeming consensus Thursday might be cosmetic.<\/font><\/p>\n<p dir=\"ltr\"><font face=\"Arial\" size=\"2\">\u00ab\u00a0The summit meeting was aimed at easing tensions,\u00a0\u00bb said Tufan Turenc, a political analyst for the daily Hurriyet newspaper. \u00ab\u00a0But unfortunately, the institutions are in a position not to trust each other anymore.\u00a0\u00bb<\/font><\/p>\n<p dir=\"ltr\"><font face=\"Arial\" size=\"2\">A Turkish court on Thursday formally charged eight more military officers of plotting to topple the government, increasing the number of officers who have been charged and jailed to 20 \u2014 including five admirals and three generals.<\/font><\/p>\n<p dir=\"ltr\"><font face=\"Arial\" size=\"2\">Police also escorted several other officers \u2014 including former chiefs of the navy and air force and the ex-deputy chief of the military \u2014 to the courthouse for questioning on Thursday.<\/font><\/p>\n<p dir=\"ltr\"><font face=\"Arial\" size=\"2\">Wiretap evidence and the discovery of alleged plans for a military coup drafted in 2003 \u2014 a year after the current Islamic-based government was elected \u2014 led to the detention of about 50 military commanders by police on Monday. <\/font><\/p>\n<p dir=\"ltr\"><font face=\"Arial\" size=\"2\">The court must decide whether to formally charge, arrest and jail them. Some are accused of plotting to blow up mosques and kill some non-Muslim figures to foment chaos and trigger a military takeover. <\/font><\/p>\n<p dir=\"ltr\"><font face=\"Arial\" size=\"2\">Turkey&rsquo;s top court has warned that no one was immune from prosecution if they violate the law. <\/font><\/p>\n<p dir=\"ltr\"><font face=\"Arial\" size=\"2\">It is widely believed that Gen. Hilmi Ozkok, then head of the military, did not back his subordinates. He has not been implicated in the alleged plot. <\/font><\/p>\n<p dir=\"ltr\"><font face=\"Arial\" size=\"2\">Sedat Laciner, head of the Ankara-based think tank USAK, said the military was particularly uneasy over the fact that it failed to punish its own, and that left those officers to the mercy of civilians. <\/font><\/p>\n<p dir=\"ltr\"><font face=\"Arial\" size=\"2\">\u00ab\u00a0Today soldiers are on trial in civilian courts, which did not happen before,\u00a0\u00bb he noted. <\/font><\/p>\n<p dir=\"ltr\"><span><font face=\"Arial\" size=\"2\"><strong>Associated Press<\/strong><\/font><\/span><\/p>\n<div dir=\"ltr\">\n<hr\/>\n<\/div>\n<div align=\"center\" dir=\"ltr\"><span><font face=\"Arial\" size=\"2\"><strong><\/p>\n<h3 style=\"color: blue;\"><font size=\"3\">Turkey to resolve crisis within the law &#8211; Gul<\/font><\/h3>\n<p><\/strong><\/font><\/span><font face=\"Arial\" size=\"2\"><i><u><span><\/span><\/u><\/i><\/font><\/div>\n<div dir=\"ltr\">\n<hr\/>\n<\/div>\n<p dir=\"ltr\"><font face=\"Arial\" size=\"2\"><i><u><span>Reuters, le 25 f\u00e9vrier 2010 \u00e0 15h18<\/span><\/u><\/i><\/font><\/p>\n<p dir=\"ltr\">\u00a0<\/p>\n<p dir=\"ltr\"><span><font face=\"Arial\" size=\"2\">* President, prime minister, army chief met for 3 hours<\/font><\/span><\/p>\n<p dir=\"ltr\"><span><font face=\"Arial\" size=\"2\">* Erdogan says meeting went \u00ab\u00a0very well\u00a0\u00bb<\/font><\/span><\/p>\n<p dir=\"ltr\"><span><font face=\"Arial\" size=\"2\">* Former air force, navy commanders in court to testify<\/font><\/span><\/p>\n<p dir=\"ltr\"><span><font face=\"Arial\" size=\"2\">* Shares dip, lira, bonds flat after statement<\/font><\/span><\/p>\n<p dir=\"ltr\"><font face=\"Arial\" size=\"2\"><b><span>By Zerin Elci<\/span><\/b><\/font><\/p>\n<p dir=\"ltr\"><span><font face=\"Arial\" size=\"2\">ANKARA, Feb 25 (Reuters) &#8211; Turkey&rsquo;s problems will be solved within the constitution, the president said on Thursday after holding crisis talks with the prime minister and army chief to defuse tensions between the military and the government.<\/font><\/span><\/p>\n<p dir=\"ltr\"><span><font face=\"Arial\" size=\"2\">Strains between the secular armed forces and the Islamist-rooted AK Party government over a coup plot investigation have fuelled speculation of an early election and rattled investor faith in the EU-candidate country.<\/font><\/span><\/p>\n<p dir=\"ltr\"><span><font face=\"Arial\" size=\"2\">\u00ab\u00a0It was stressed that citizens can be sure that the problems on the agenda will be solved within the framework of the constitution and our laws and during this process,\u00a0\u00bb President Abdullah Gul said in a statement at the end of three-hour talks<\/font><\/span><\/p>\n<p dir=\"ltr\"><span><font face=\"Arial\" size=\"2\">with Prime Minister Tayyip Erdogan and General Ilker Basbug.<\/font><\/span><\/p>\n<p dir=\"ltr\"><span><font face=\"Arial\" size=\"2\">\u00ab\u00a0Everyone must act responsibly to prevent harm to our institutions,\u00a0\u00bb the statement said.<\/font><\/span><\/p>\n<p dir=\"ltr\"><span><font face=\"Arial\" size=\"2\">Erdogan later said the meeting had gone \u00ab\u00a0very well\u00a0\u00bb, broadcasters reported.<\/font><\/span><\/p>\n<p dir=\"ltr\"><span><font face=\"Arial\" size=\"2\">The meeting took place as prosecutors began questioning former chiefs of the air force and navy, along with a deputy head of the armed forces at an Istanbul courthourse. If they are charged, it would aggravate the showdown between the ruling AK Party and military.<\/font><\/span><\/p>\n<p dir=\"ltr\"><span><font face=\"Arial\" size=\"2\">MARKET JITTERS<\/font><\/span><\/p>\n<p dir=\"ltr\"><span><font face=\"Arial\" size=\"2\">The tensions have taken a toll on Turkey&rsquo;s financial markets and fed speculation Turkey&rsquo;s chief prosecutor could launch another attempt to ban the AK Party, as he did in 2008, which could prompt the government to call an early election.<\/font><\/span><\/p>\n<p dir=\"ltr\"><span><font face=\"Arial\" size=\"2\">After the presidential statement was issued, shares dipped more than one percent. The lira and bonds were trading flat.<\/font><\/span><\/p>\n<p dir=\"ltr\"><span><font face=\"Arial\" size=\"2\">Some 50 senior officers were detained on Monday. The scale of the arrests, and the rank of those held, were unprecedented.<\/font><\/span><\/p>\n<p dir=\"ltr\"><span><font face=\"Arial\" size=\"2\">Twenty of them, including several admirals, have already been charged with plotting in 2003 to overthrow the government, which hardline secularists believe harbours a hidden Islamist agenda. The AK Party denies such charges.<\/font><\/span><\/p>\n<p dir=\"ltr\"><span><font face=\"Arial\" size=\"2\">Commanders of the military, whose role as guardian of Turkey&rsquo;s secular system has been eroded by European Union-backed reforms, have warned of a \u00ab\u00a0serious situation\u00a0\u00bb.<\/font><\/span><\/p>\n<p dir=\"ltr\"><span><font face=\"Arial\" size=\"2\">The military has ousted four governments since 1960, but has said the days of coups are now over. Nevertheless, General Basbug is believed to be under intense pressure from within the armed forces to uphold the prestige of the services.<\/font><\/span><\/p>\n<p dir=\"ltr\"><span><font face=\"Arial\" size=\"2\">The sight of top military brass being escorted to court &#8212; unthinkable only a few years ago &#8212; has riveted Turkey.<\/font><\/span><\/p>\n<p dir=\"ltr\"><span><font face=\"Arial\" size=\"2\">\u00ab\u00a0We were shocked to see that the generals are not as untouchable as they thought they were,\u00a0\u00bb said Mehmet Sirdik, 20, on the way out from a recruitment office in Istanbul where he was registering for mandatory military service.<\/font><\/span><\/p>\n<p dir=\"ltr\"><span><font face=\"Arial\" size=\"2\">\u00ab\u00a0These are pashas, the leaders of our country,\u00a0\u00bb he said using an Ottoman term for the military officers. \u00ab\u00a0But it&rsquo;s a process I believe in and I&rsquo;m sure the right thing will be done.\u00a0\u00bb<\/font><\/span><\/p>\n<p dir=\"ltr\"><span><font face=\"Arial\" size=\"2\">REUTERS<\/font><\/span><\/p>\n<div dir=\"ltr\">\n<hr\/>\n<\/div>\n<div align=\"center\" dir=\"ltr\"><span><span lang=\"EN-GB\"><strong>R\u00e9actions du CRIF \u00e0 l\u2019article critique paru dans Lib\u00e9ration le 17 f\u00e9vrier 2010<\/strong><\/span><\/span><span lang=\"EN-GB\"><\/span><\/div>\n<div dir=\"ltr\">\n<hr\/>\n<\/div>\n<p dir=\"ltr\"><span lang=\"EN-GB\">Chers amis, coll\u00e8gues et lecteurs,<\/span><\/p>\n<p dir=\"ltr\"><span lang=\"EN-GB\">La\u00a0tribune\u00a0sur\u00a0le CRIF\u00a0(<\/span><strong><span><a href=\"http:\/\/www.infos-stat-1.com\/out\/clc.php?u=42598&amp;b=I&amp;c=43361&amp;l=132380&amp;m=leclerc.patrice2@wanadoo.fr\" target=\"_blank\" rel=\"noopener\"><span lang=\"EN-GB\">Le\u00a0CRIF, vrai lobby et faux pouvoir<\/span><\/a><\/span><\/strong><span lang=\"EN-GB\">) que j\u2019ai publi\u00e9e le 17 f\u00e9vrier dernier dans <em><span>Lib\u00e9ration<\/span><\/em> a suscit\u00e9 quelques remous.<\/span><\/p>\n<p dir=\"ltr\"><span lang=\"EN-GB\">Le CRIF a publi\u00e9 <\/span><span><a href=\"http:\/\/www.infos-stat-1.com\/out\/clc.php?u=42598&amp;b=I&amp;c=43361&amp;l=132381&amp;m=leclerc.patrice2@wanadoo.fr\" target=\"_blank\" rel=\"noopener\"><strong><span lang=\"EN-GB\">sur\u00a0son site<\/span><\/strong><\/a><\/span><span lang=\"EN-GB\"> une lettre que mon ami\u00a0Th\u00e9o Klein m\u2019avait adress\u00e9e en r\u00e9action \u00e0 cette tribune.<\/span><\/p>\n<p dir=\"ltr\"><span lang=\"EN-GB\">Vous trouverez ci-apr\u00e8s: 1) le texte de cette lettre de Th\u00e9o Klein; 2) ma r\u00e9ponse \u00e0 Th\u00e9o Klein.<\/span><\/p>\n<p dir=\"ltr\"><span lang=\"EN-GB\">J\u2019ai demand\u00e9\u00a0au CRIF\u00a0la publication de ma r\u00e9ponse sur son site web ainsi que sa diffusion\u00a0aupr\u00e8s des abonn\u00e9s de\u00a0sa newsletter.\u00a0Le CRIF vient de me signifier son refus. Cette attitude ne fait h\u00e9las que confirmer mon diagnostic.<\/span><\/p>\n<p dir=\"ltr\"><span lang=\"EN-GB\">Vous souhaitant une bonne lecture, bien cordialement,<\/span><\/p>\n<p dir=\"ltr\"><em><span lang=\"EN-GB\">Esther Benbassa<\/span><\/em><\/p>\n<p dir=\"ltr\"><em><b><span lang=\"EN-GB\">La lettre de Th\u00e9o Klein (19 f\u00e9vrier), telle que publi\u00e9e sur le site du CRIF<\/span><\/b><\/em><\/p>\n<p dir=\"ltr\"><span lang=\"EN-GB\">Ch\u00e8re Esther Benbassa,<\/span><\/p>\n<p dir=\"ltr\"><span lang=\"EN-GB\">J\u2019ai pris connaissance avec \u00e9tonnement et regret des termes sulfureux de votre article sur le CRIF publi\u00e9 dans Lib\u00e9ration, plus exactement sur son d\u00eener annuel, dont d\u2019ailleurs j\u2019ai \u00e9t\u00e9 l\u2019initiateur en 1985.<\/span><\/p>\n<p dir=\"ltr\"><span lang=\"EN-GB\">Le d\u00e9ferlement de qualificatifs d\u00e9risoires et m\u00e9prisants dont vous souhaitez balayer le d\u00eener, l\u2019institution et ses dirigeants n\u2019apporte cependant \u2013 en dehors de la manifestation de votre col\u00e8re et de votre m\u00e9pris \u2013 aucune contribution, pas la moindre suggestion\u00a0: votre balayage, vous le souhaitez total et d\u00e9finitif.<\/span><\/p>\n<p dir=\"ltr\"><span lang=\"EN-GB\">Vous parlez de communautarisme \u00e0 ce groupe humain auquel vous avez longtemps appartenu et appartenez peut-\u00eatre encore, dans la m\u00e9connaissance de l\u2019esprit de la kehilah qui marque ce groupe sans doute depuis la Babylonie et certainement depuis la fin du deuxi\u00e8me Temple et de toute autorit\u00e9 juive sur la terre ancestrale.<\/span><\/p>\n<p dir=\"ltr\"><span lang=\"EN-GB\">Il y a bien longtemps que je d\u00e9plore certains propos dans des discours de pr\u00e9sidents du CRIF et que, d\u2019ailleurs, je leur fais part de mes critiques.<\/span><\/p>\n<p dir=\"ltr\"><span lang=\"EN-GB\">Je n\u2019assiste que rarement au d\u00eener lui-m\u00eame en manifestant cependant par ma pr\u00e9sence au moment des discours de la permanence au sein de l\u2019institution de femmes et d\u2019hommes ouverts \u00e0 d\u2019autres id\u00e9es que celles qui sont exprim\u00e9es publiquement.<\/span><\/p>\n<p dir=\"ltr\"><span lang=\"EN-GB\">Nos juifs sont tels qu\u2019ils sont et le probl\u00e8me est de savoir si nous restons avec eux pour les aider \u00e0 sortir du ghetto dans lequel ils s\u2019enferment au moindre vent mauvais ou si nous les abandonnons mais alors pour aller o\u00f9\u00a0?<\/span><\/p>\n<p dir=\"ltr\"><span lang=\"EN-GB\">J\u2019ai \u00e9t\u00e9 inquiet et triste en vous lisant, car dans la voie o\u00f9 vous vous \u00eates lanc\u00e9e avec votre ardeur habituelle, vous risquez de vous retrouver bien seule et de ne plus \u00eatre celle que vous \u00e9tiez.<\/span><\/p>\n<p dir=\"ltr\"><span lang=\"EN-GB\">Bien cordialement v\u00f4tre.<\/span><\/p>\n<p dir=\"ltr\"><span lang=\"EN-GB\">Th\u00e9o Klein<\/span><\/p>\n<p dir=\"ltr\"><em><b><span lang=\"EN-GB\">Ma r\u00e9ponse \u00e0 Th\u00e9o Klein (21 f\u00e9vrier)<\/span><\/b><\/em><\/p>\n<p dir=\"ltr\"><span lang=\"EN-GB\">Cher Th\u00e9o Klein,<\/span><\/p>\n<p dir=\"ltr\"><span lang=\"EN-GB\">D\u00e8s r\u00e9ception de votre lettre, le 19 f\u00e9vrier, je vous ai appel\u00e9 au t\u00e9l\u00e9phone pour, au nom de l\u2019amiti\u00e9 et de l\u2019estime que je vous porte, d\u00e9battre directement avec vous. Ce que nous avons fait en toute cordialit\u00e9. Vous m\u2019avez annonc\u00e9 que votre lettre serait publi\u00e9e sur le site du CRIF. Maintenant qu\u2019elle l\u2019est, je me permets \u00e0 mon tour de vous r\u00e9pondre publiquement.<\/span><\/p>\n<p dir=\"ltr\"><span lang=\"EN-GB\">Il me semble que vous avez focalis\u00e9 votre attention sur le d\u00eener dont vous avez \u00e9t\u00e9 l\u2019initiateur. Dois-je pourtant vous rappeler que lorsque vous \u00e9tiez vous-m\u00eame pr\u00e9sident du CRIF, ce d\u00eener, porte ouverte aux \u00e9changes, avait une autre tonalit\u00e9 ?<\/span><\/p>\n<p dir=\"ltr\"><span lang=\"EN-GB\">De fait, le CRIF d\u2019aujourd\u2019hui n\u2019a plus grand-chose \u00e0 voir avec le CRIF d\u2019alors.<\/span><\/p>\n<p dir=\"ltr\"><span lang=\"EN-GB\">C\u2019est un CRIF de repli, un CRIF dont les actes et les discours portent pr\u00e9judice aux Juifs plut\u00f4t qu\u2019ils ne les prot\u00e8gent, en entretenant le mythe d\u2019une puissance juive omnipr\u00e9sente.<\/span><\/p>\n<p dir=\"ltr\"><span lang=\"EN-GB\">La droitisation de cet organisme est un fait patent. L\u2019entr\u00e9e de M. Gilles-William Goldnadel au sein de son comit\u00e9 directeur n\u2019est pas due hasard. Je vous renvoie aux d\u00e9clarations faites \u00e0 ce sujet \u00e0 la presse par M.\u00a0Henri Hajdenberg, lui aussi ancien pr\u00e9sident du CRIF.<\/span><\/p>\n<p dir=\"ltr\"><span lang=\"EN-GB\">Dans ma tribune, c\u2019est tout cela que je d\u00e9plorais. Et si je l\u2019ai \u00e9crit, c\u2019est parce que je constate chaque jour un peu plus l\u2019hostilit\u00e9 antijuive \u2013 certes bl\u00e2mable \u2013 que le CRIF contribue \u00e0 sa fa\u00e7on \u00e0 nourrir, et ce plus encore depuis l\u2019offensive isra\u00e9lienne contre Gaza et les d\u00e9clarations faites alors par M. Richard Prasquier.<\/span><\/p>\n<p dir=\"ltr\"><span lang=\"EN-GB\">Dans votre missive, vous m\u2019\u00e9crivez qu\u2019il faut vivre avec les Juifs tels qu\u2019ils sont. Je vous rappelle que, depuis 1790-1791, les Juifs fran\u00e7ais sont \u00e9mancip\u00e9s l\u00e9galement et que rester membre de la \u00ab communaut\u00e9 \u00bb est d\u00e9sormais affaire de choix individuel. J\u2019assume pour ma part pleinement ma jud\u00e9it\u00e9. C\u2019est pr\u00e9cis\u00e9ment pour cette raison que je critique le CRIF tel qu\u2019il est.<\/span><\/p>\n<p dir=\"ltr\"><span lang=\"EN-GB\">Je m\u2019octroie en outre le luxe de d\u00e9cider de vivre avec des Juifs qui sont pour l\u2019existence d\u2019Isra\u00ebl, mais sont aussi capables de le critiquer quand il le faut et ne rechignent pas \u00e0 d\u00e9fendre la cause des Palestiniens. Bref, avec des Juifs dignes de l\u2019humanisme et de l\u2019universalisme auxquels, autrefois, on les identifiait. Le nombre ne fait pas la qualit\u00e9, et si \u00ab isol\u00e9e \u00bb je devais \u00eatre, je pr\u00e9f\u00e8re l\u2019\u00eatre avec ceux que j\u2019ai choisis.<\/span><\/p>\n<p dir=\"ltr\"><span lang=\"EN-GB\">Je crois aux vertus du d\u00e9bat public, y compris s\u2019agissant des questions \u00ab communautaires \u00bb. C\u2019est pr\u00e9cis\u00e9ment l\u00e0 ce que le CRIF rejette, ainsi qu\u2019il l\u2019a encore d\u00e9montr\u00e9 en refusant \u00e0 France Info, le 17 f\u00e9vrier, d\u2019envoyer un de ses membres dialoguer publiquement avec moi sur les ondes, et en optant pour ce que j\u2019appellerai la \u00ab guerre entre Juifs \u00bb, comme dans le ghetto d\u2019antan.<\/span><\/p>\n<p dir=\"ltr\"><span lang=\"EN-GB\">Vous me demandez quelle suggestion je puis faire.<\/span><\/p>\n<p dir=\"ltr\"><span lang=\"EN-GB\">Profitons de l\u2019exemple nord-am\u00e9ricain et de la naissance du mouvement J-Street qui, se distinguant des institutions juives existantes, cherche \u00e0 promouvoir, concernant Isra\u00ebl, un autre discours juif, aussi bien aupr\u00e8s du Congr\u00e8s que dans le pays.<\/span><\/p>\n<p dir=\"ltr\"><span lang=\"EN-GB\">Exigeons du CRIF qu\u2019il devienne effectivement repr\u00e9sentatif des Juifs de France, dans toute leur diversit\u00e9, qu\u2019il donne droit de cit\u00e9 en son sein \u00e0 toutes les nuances de l\u2019opinion juive (telles Une autre voix juive, l\u2019Union juive fran\u00e7aise pour la paix, etc.), qu\u2019il cesse de frapper d\u2019ill\u00e9gitimit\u00e9 de principe telle ou telle d\u2019entre elles, et de taxer de haine de soi ou de trahison les Juifs critiques de la politique isra\u00e9lienne.<\/span><\/p>\n<p dir=\"ltr\"><span lang=\"EN-GB\">C\u2019est en rompant avec sa politique endogamique actuelle que le CRIF aura quelque chance de faire entendre une voix juive \u00e9quilibr\u00e9e et donc cr\u00e9dible.<\/span><\/p>\n<p dir=\"ltr\"><span lang=\"EN-GB\">Avec toute mon amiti\u00e9.<\/span><\/p>\n<p dir=\"ltr\"><span lang=\"EN-GB\"><strong>Esther Benbassa<\/strong><\/span><\/p>\n<p dir=\"ltr\"><span lang=\"EN-GB\"><strong>\u00a0(Source: Esther.Benbassa.net le 25 fevrier 2010)<\/strong><\/span><\/p>\n<p dir=\"ltr\"><span lang=\"EN-GB\"><strong>Lien:<a href=\"http:\/\/www.estherbenbassa.net\/reactions-du-crif-a-larticle-critique-paru-dans-liberation-le-17-fevrier-2010.html\" target=\"_blank\" rel=\"noopener\">http:\/\/www.estherbenbassa.net\/reactions-du-crif-a-larticle-critique-paru-dans-liberation-le-17-fevrier-2010.html<\/a><\/strong><\/span><\/p>\n<p>\u00a0<\/p>\n<\/div>\n<\/div>\n<p align=\"center\" dir=\"ltr\">\n<h3 style=\"color: blue;\"><font face=\"Arial\" size=\"2\"><strong><b><a href=\"http:\/\/www.tunisnews.net\/\"><font face=\"Arial\"><span><font size=\"2\">Home<\/font><\/span><font size=\"2\"><span lang=\"FR-CH\"> &#8211; Accueil <\/span><span>&#8211; <\/span><\/font><\/font><span dir=\"rtl\" lang=\"AR-SA\"><font size=\"2\">\u0627\u0644\u0631\u0626\u064a\u0633\u064a\u0629<\/font><\/span><\/a><\/b><\/strong><\/font><\/h3>\n<\/p>\n<p align=\"center\" dir=\"ltr\">\u00a0<\/p>\n<p><\/body><\/body><\/html><\/p>\n","protected":false},"excerpt":{"rendered":"<p>Home &#8211; Accueil \u00a0 TUNISNEWS 9\u00a0\u00e8me ann\u00e9e, N\u00b0\u00a03565 du 25.02.2010 \u00a0archives : www.tunisnews.net\u00a0 Le Congr\u00e8s pour la R\u00e9publique: Une nouvelle \u00e9tape dans la d\u00e9ch\u00e9ance de la justice en Tunisie. Libert\u00e9 et Equit\u00e9: Nouvelles des libert\u00e9s en Tunisie Nouvelobs: La famille de Taoufik Ben Brik inqui\u00e8te pour sa sant\u00e9 Reuters: D\u00e9tenus de Guantanamo transf\u00e9r\u00e9s en Albanie, [&hellip;]<\/p>\n","protected":false},"author":1,"featured_media":22040,"comment_status":"open","ping_status":"open","sticky":false,"template":"","format":"standard","meta":{"inline_featured_image":false,"site-sidebar-layout":"default","site-content-layout":"","ast-site-content-layout":"default","site-content-style":"default","site-sidebar-style":"default","ast-global-header-display":"","ast-banner-title-visibility":"","ast-main-header-display":"","ast-hfb-above-header-display":"","ast-hfb-below-header-display":"","ast-hfb-mobile-header-display":"","site-post-title":"","ast-breadcrumbs-content":"","ast-featured-img":"","footer-sml-layout":"","ast-disable-related-posts":"","theme-transparent-header-meta":"","adv-header-id-meta":"","stick-header-meta":"","header-above-stick-meta":"","header-main-stick-meta":"","header-below-stick-meta":"","astra-migrate-meta-layouts":"default","ast-page-background-enabled":"default","ast-page-background-meta":{"desktop":{"background-color":"","background-image":"","background-repeat":"repeat","background-position":"center center","background-size":"auto","background-attachment":"scroll","background-type":"","background-media":"","overlay-type":"","overlay-color":"","overlay-opacity":"","overlay-gradient":""},"tablet":{"background-color":"","background-image":"","background-repeat":"repeat","background-position":"center center","background-size":"auto","background-attachment":"scroll","background-type":"","background-media":"","overlay-type":"","overlay-color":"","overlay-opacity":"","overlay-gradient":""},"mobile":{"background-color":"","background-image":"","background-repeat":"repeat","background-position":"center center","background-size":"auto","background-attachment":"scroll","background-type":"","background-media":"","overlay-type":"","overlay-color":"","overlay-opacity":"","overlay-gradient":""}},"ast-content-background-meta":{"desktop":{"background-color":"var(--ast-global-color-5)","background-image":"","background-repeat":"repeat","background-position":"center center","background-size":"auto","background-attachment":"scroll","background-type":"","background-media":"","overlay-type":"","overlay-color":"","overlay-opacity":"","overlay-gradient":""},"tablet":{"background-color":"var(--ast-global-color-5)","background-image":"","background-repeat":"repeat","background-position":"center center","background-size":"auto","background-attachment":"scroll","background-type":"","background-media":"","overlay-type":"","overlay-color":"","overlay-opacity":"","overlay-gradient":""},"mobile":{"background-color":"var(--ast-global-color-5)","background-image":"","background-repeat":"repeat","background-position":"center center","background-size":"auto","background-attachment":"scroll","background-type":"","background-media":"","overlay-type":"","overlay-color":"","overlay-opacity":"","overlay-gradient":""}},"footnotes":""},"categories":[],"tags":[54,41,29],"class_list":["post-18895","post","type-post","status-publish","format-standard","has-post-thumbnail","hentry","tag-54","tag-41","tag-fr"],"_links":{"self":[{"href":"https:\/\/tunisnews.net\/ar\/wp-json\/wp\/v2\/posts\/18895","targetHints":{"allow":["GET"]}}],"collection":[{"href":"https:\/\/tunisnews.net\/ar\/wp-json\/wp\/v2\/posts"}],"about":[{"href":"https:\/\/tunisnews.net\/ar\/wp-json\/wp\/v2\/types\/post"}],"author":[{"embeddable":true,"href":"https:\/\/tunisnews.net\/ar\/wp-json\/wp\/v2\/users\/1"}],"replies":[{"embeddable":true,"href":"https:\/\/tunisnews.net\/ar\/wp-json\/wp\/v2\/comments?post=18895"}],"version-history":[{"count":0,"href":"https:\/\/tunisnews.net\/ar\/wp-json\/wp\/v2\/posts\/18895\/revisions"}],"wp:featuredmedia":[{"embeddable":true,"href":"https:\/\/tunisnews.net\/ar\/wp-json\/wp\/v2\/media\/22040"}],"wp:attachment":[{"href":"https:\/\/tunisnews.net\/ar\/wp-json\/wp\/v2\/media?parent=18895"}],"wp:term":[{"taxonomy":"category","embeddable":true,"href":"https:\/\/tunisnews.net\/ar\/wp-json\/wp\/v2\/categories?post=18895"},{"taxonomy":"post_tag","embeddable":true,"href":"https:\/\/tunisnews.net\/ar\/wp-json\/wp\/v2\/tags?post=18895"}],"curies":[{"name":"wp","href":"https:\/\/api.w.org\/{rel}","templated":true}]}}