{"id":18873,"date":"2008-01-03T00:00:00","date_gmt":"2008-01-03T00:00:00","guid":{"rendered":"https:\/\/tunisnews.net\/3-janvier-2008\/"},"modified":"2008-01-03T00:00:00","modified_gmt":"2008-01-03T00:00:00","slug":"3-janvier-2008","status":"publish","type":"post","link":"https:\/\/tunisnews.net\/ar\/3-janvier-2008\/","title":{"rendered":"3 janvier 2008"},"content":{"rendered":"<p><html><head><meta content=\"text\/html\" description=\"        Le militant des droits de l\u2019homme et journaliste, Slim Boukhdir, membre \n        du bureau ex\u00e9cutif de l\u2019organisation Equit\u00e9 et Libert\u00e9, d\u00e9tenu \n        actuellement \u00e0 la prison civile de Sfax, fait face \u00e0 de graves brimades. \n        Mercredi, il a inform\u00e9 son avocat, Ma\u00eetre Abderraouf Ayadi, qui lui a \n        rendu visite, qu\u2019il avait \u00e9t\u00e9 sanctionn\u00e9 par une mise au cachot en \n        isolement qu\u2019il partage avec deux prisonniers de droit commun atteints \n        de gale, charg\u00e9s par l\u2019administration de la prison de le provoquer \u00e0 \n        longueur de temps. Il lui est interdit de communiquer avec toute autre \n        personne lors de la promenade, laquelle a \u00e9t\u00e9 r\u00e9duite sans motif. [\u2026] il \n        a ajout\u00e9 que sa cellule ne r\u00e9pondait pas aux exigences vitales minimales \n        : elle n\u2019est \u00e9quip\u00e9e que d\u2019une toilette qui exhale une odeur infecte, \n        l\u2019administration ayant refus\u00e9 de les pourvoir de produits de nettoyage, \n        la cellule manque d\u2019air et de lumi\u00e8re. L\u2019administration lui a refus\u00e9 la \n        douche pour le neuvi\u00e8me jour d\u2019affil\u00e9e [\u2026]\" http-equiv=\"Content-Type\"\/><\/head><body><body><\/p>\n<p align=\"center\" dir=\"ltr\"><b><a href=\"http:\/\/www.tunisnews.net\"><span>Home<\/span><span lang=\"FR-CH\"> &#8211; Accueil <\/span><span>&#8211;<\/span><\/a><\/b><\/p>\n<div> <font face=\"Arial\" size=\"2\">  <span lang=\"FR\"> <\/p>\n<div align=\"center\" dir=\"ltr\"> <font size=\"7\"> <span lang=\"SV\"> <strong>TUNISNEWS<\/strong><\/span> <\/font> <\/div>\n<div align=\"center\" dir=\"ltr\"> <strong><font size=\"2\">8\u00a0\u00e8me\u00a0ann\u00e9e, <span lang=\"FR\">N\u00b0       \u00a02780 du 03.01.2008<\/span><\/font><\/strong><\/div>\n<p> <strong> <\/p>\n<div align=\"center\" dir=\"ltr\"> <b><span><blink> <font size=\"2\">\u00a0archives : <\/font><a href=\"\" target=\"_blank\" rel=\"noopener\"> <font size=\"2\" target=\"_blank\">www.tunisnews.net<\/font><\/a><\/blink><\/span><\/b><font size=\"2\"> <\/font> <span lang=\"FR-CH\"> <span lang=\"FR\"> <span dir=\"rtl\" lang=\"FR\"> <span lang=\"FR-CH\"><font><font> <font><font> <\/font><\/font><\/font><\/font><\/span><\/span><\/span><\/span><\/div>\n<p> <\/strong><\/span><\/font><font face=\"Arial\"> <\/p>\n<div align=\"center\" dir=\"ltr\"> <strong><font><\/p>\n<hr\/>\n<p><\/font><\/strong> <\/div>\n<div align=\"justify\" dir=\"ltr\"> <span lang=\"FR\"> <\/p>\n<div align=\"left\">\n<p> <span lang=\"FR\"><strong> <\/p>\n<h2 style=\"color: red;\"><font>Libert\u00e9 et Equit\u00e9: A la prison de Sfax, Slim         Boukhdir en butte \u00e0 des brimades en s\u00e9rie<\/font><\/h2>\n<p><\/strong><\/span><\/p>\n<p> <span lang=\"FR\"><strong> <font>AISPP: Infos en continu 1 &#8211; 2<\/font><\/strong><\/span><\/p>\n<p> <span lang=\"FR\"><strong> <span lang=\"FR\"> <a><b> <span lang=\"FR\"> <font>C.R.L.D.H.Tunisie<\/font><\/span><\/b><\/a>: L\u2019Affaire         du 04 janvier 2008\u00a0: Non \u00e0 la violation du principe de l\u2019autorit\u00e9 de la         chose jug\u00e9e\u00a0<\/span><\/strong><\/span><\/p>\n<p> <span lang=\"FR\"><strong> <span lang=\"FR\"> <a><b> <span lang=\"FR\"> <font>C.R.L.D.H.Tunisie<\/font><\/span><\/b><\/a><font>:         Nouvelles arrestations au sein de l\u2019Universit\u00e9 tunisienne<\/font> <\/span> <\/strong><\/span><\/p>\n<p> <span lang=\"FR\"><strong> <span lang=\"FR\"> <span>Jameleddine EL HAJJI: C\u2019est         cool, c\u2019est jeune, c\u2019est n&rsquo;importe quoi !<\/span><\/span><\/strong><\/span><\/p>\n<p> <span lang=\"FR\"><strong> <font>Reporters sans fronti\u00e8res: Libert\u00e9 de la presse :         l&rsquo;ann\u00e9e 2007 en chiffres<\/font><\/strong><\/span><\/p>\n<p> <font><\/font><\/p>\n<hr\/>\n<p>\u00a0<\/p>\n<\/div>\n<p> <\/span><\/div>\n<p> <\/font> <\/p>\n<div>      \u00a0<\/div>\n<div>\n<div align=\"center\">        Libert\u00e9 pour Slim Boukhdir, la plume libre         <strong><font>Libert\u00e9 et Equit\u00e9<\/font><\/strong>         URGENCE : sauvez la vie de l\u2019ex-prisonnier politique Ahmed Bouazizi         33 rue Mokhtar Atya, 1001, Tunis         Tel\/fax: 71 340 860         Email : Libert\u00e9_\u00e9quit\u00e9@yahoo.fr         Tunis, le 2 janvier 2008         <strong><\/p>\n<h2 style=\"color: red;\"><font size=\"3\">A la prison de Sfax, Slim         Boukhdir en butte \u00e0 des brimades en s\u00e9rie<\/font><\/h2>\n<p><\/strong><\/div>\n<div align=\"justify\">                 Le militant des droits de l\u2019homme et journaliste, Slim Boukhdir, membre         du bureau ex\u00e9cutif de l\u2019organisation Equit\u00e9 et Libert\u00e9, d\u00e9tenu         actuellement \u00e0 la prison civile de Sfax, fait face \u00e0 de graves brimades.         Mercredi, il a inform\u00e9 son avocat, Ma\u00eetre Abderraouf Ayadi, qui lui a         rendu visite, qu\u2019il avait \u00e9t\u00e9 sanctionn\u00e9 par une mise au cachot en         isolement qu\u2019il partage avec deux prisonniers de droit commun atteints         de gale, charg\u00e9s par l\u2019administration de la prison de le provoquer \u00e0         longueur de temps. Il lui est interdit de communiquer avec toute autre         personne lors de la promenade, laquelle a \u00e9t\u00e9 r\u00e9duite sans motif. [\u2026] il         a ajout\u00e9 que sa cellule ne r\u00e9pondait pas aux exigences vitales minimales         : elle n\u2019est \u00e9quip\u00e9e que d\u2019une toilette qui exhale une odeur infecte,         l\u2019administration ayant refus\u00e9 de les pourvoir de produits de nettoyage,         la cellule manque d\u2019air et de lumi\u00e8re. L\u2019administration lui a refus\u00e9 la         douche pour le neuvi\u00e8me jour d\u2019affil\u00e9e [\u2026]         Libert\u00e9 et \u00c9quit\u00e9 [\u2026]         Pour le bureau ex\u00e9cutif de l\u2019organisation         <strong><font>Ma\u00eetre Mohammed Nouri<\/font><\/strong> <font>(traduction d\u2019extraits, ni revue ni corrig\u00e9e par         les auteurs de la version en arabe, LT)<\/font><\/div>\n<div align=\"justify\">\n<hr\/><\/div>\n<div align=\"justify\"> <font> <\/p>\n<div align=\"center\">          Libert\u00e9 pour tous les prisonniers politiques           Libert\u00e9 pour Abdallah Zouari, le journaliste exil\u00e9 dans son propre           pays           <strong><font>Association Internationale de Soutien           aux Prisonniers Politiques<\/font><\/strong>           43 rue Eldjazira, Tunis           E-mail : aispptunisie@yahoo.fr           Tunis, le 2 janvier 2008           <strong><\/p>\n<h2 style=\"color: red;\"><font size=\"3\">Infos en continu<\/font><\/h2>\n<p><\/strong><\/div>\n<div align=\"justify\">                     La quatri\u00e8me chambre criminelle du Tribunal de Premi\u00e8re Instance de           Tunis, pr\u00e9sid\u00e9e par le juge Mehrez Hammami, a examin\u00e9 aujourd\u2019hui           mercredi 2 janvier 2008, l\u2019affaire 13927 dans laquelle sont d\u00e9f\u00e9r\u00e9s          <strong>Mohammed Agrabi, Malek Chrah\u00efli, Brahim Garci, Rbii Agrabi,           Mimoun Alloucha et Mejdi<\/strong> <strong>Zribi,<\/strong> accus\u00e9s           d\u2019adh\u00e9sion sur le territoire de la R\u00e9publique \u00e0 une entente ayant fait           du terrorisme un moyen de concr\u00e9tiser ses objectifs, l\u2019utilisation du           territoire de la R\u00e9publique pour mandater des personnes dans le but de           commettre une action terroriste hors du territoire de la r\u00e9publique,           la participation \u00e0 l\u2019appel \u00e0 adh\u00e9rer \u00e0 une organisation ayant un           rapport avec les crimes terroristes, l\u2019utilisation d\u2019un nom, d\u2019un mot           et d\u2019un symbole pour identifier l\u2019organisation terroriste, son           activit\u00e9 et ses membres. La commission de la d\u00e9fense \u00e9tait compos\u00e9e de           Ma\u00eetres Khaled Krichi, Abderraouf Ayadi et Mourad Boulares. A l\u2019issue           des plaidoiries, le juge a lev\u00e9 la s\u00e9ance pour les d\u00e9lib\u00e9rations et le           prononc\u00e9 du jugement.           Ce juge est devenu le sp\u00e9cialiste des condamnations d\u2019handicap\u00e9s           mentaux, Apr\u00e8s l\u2019affaire de Slimane qui a vu Mohammed Amine Dhiab \u00eatre           condamn\u00e9 \u00e0 \u2026.vingt ans, en d\u00e9pit des rapports m\u00e9dicaux d\u00e9clarant son           irresponsabilit\u00e9 p\u00e9nale, il revient \u00e0 la charge en refusant la demande           des avocats que Mimoun Alloucha soit examin\u00e9 par un m\u00e9decin, alors           qu\u2019un rapport m\u00e9dical ant\u00e9rieur du m\u00e9decin chef du service des           maladies mentales de l\u2019h\u00f4pital militaire (\u00e0 l\u2019occasion de l\u2019affaire           n\u00b04\/11089) certifie que : \u00ab apr\u00e8s avoir \u00e9t\u00e9 examin\u00e9 \u00e0 trois reprises,           en dates des 12, 22, et 26 f\u00e9vrier 2007, tous ces indices indiquent qu           le patient est atteint d\u2019un d\u00e9lire chronique depuis cinq ans[\u2026] nous           consid\u00e9rons le d\u00e9nomm\u00e9 Mimoun Ben Ali Alloucha est atteint d\u2019un d\u00e9lire           chronique et n\u2019est pas en possession de ses facult\u00e9s de discernement           et de raisonnement et nous le consid\u00e9rons irresponsable p\u00e9nalement \u00bb<\/div>\n<div align=\"justify\"> <strong>[\u2026]L\u2019affaire de Slimane<\/strong>           L\u2019association a appris que l\u2019administration de la S\u00fbret\u00e9 de l\u2019Etat et           l\u2019administration de la prison de Mornaguia de sinistre r\u00e9putation,           exer\u00e7aient des pressions sur les condamn\u00e9s dans l\u2019affaire n\u00b014502\/4,           connue comme \u00ab l\u2019affaire de Slimane \u00bb visant \u00e0 les obliger \u00e0 laisser           leurs avocats d\u00e9crits comme \u00ab les opposants \u00bb et \u00e0 demander la gr\u00e2ce           en \u00e9change d\u2019un all\u00e8gement de peine. Moukhlis Ammar, condamn\u00e9 \u00e0           l\u2019emprisonnement \u00e0 perp\u00e9tuit\u00e9 a \u00e9t\u00e9 emmen\u00e9 au si\u00e8ge de           l\u2019administration de la S\u00fbret\u00e9 de l\u2019Etat mardi 1er janvier 2008 o\u00f9 on           lui a promis un all\u00e8gement de peine en \u00e9change de sa \u00ab bonne conduite           \u00bb. De la m\u00eame fa\u00e7on, Imed Ben Ameur, condamn\u00e9 \u00e0 la peine capitale, a           \u00e9t\u00e9 conduit de la prison de Borj El Amri \u00e0 la prison de Mornaguia et           mis dans un cachot exigu d\u00e9pourvu des commodit\u00e9s \u00e9l\u00e9mentaires et           sanitaires, avec Saber Ragoubi, condamn\u00e9 \u00e0 la peine capitale \u00e9galement,           et ce, en violation flagrante de la loi sur les prisons du 4 novembre           1988 qui dispose \u00e0 l\u2019article 10 que : \u00bbchaque fois que l\u2019exigent les           n\u00e9cessit\u00e9s de l\u2019instruction ou la s\u00e9curit\u00e9 du d\u00e9tenu, celui-ci peut           \u00eatre isol\u00e9 dans une pi\u00e8ce \u00e0 part comportant les commodit\u00e9s           \u00e9l\u00e9mentaires et sanitaires. Dans l\u2018impossibilit\u00e9 d\u2018assurer un           isolement individuel, deux d\u00e9tenus seulement ne peuvent \u00eatre isol\u00e9s           dans une m\u00eame pi\u00e8ce. \u00bb           L\u2019association [\u2026]           Pour la commission de suivi des proc\u00e8s           Le secr\u00e9taire g\u00e9n\u00e9ral de l\u2019Association           <strong><font>Ma\u00eetre Semir Dilou<\/font><\/strong> <font>(traduction d\u2019extraits, ni revue ni corrig\u00e9e par           les auteurs de la version originale, LT)<\/font><\/div>\n<div align=\"justify\">\n<hr\/><\/div>\n<div align=\"justify\"> <font> <\/p>\n<div align=\"center\">            Libert\u00e9 pour tous les prisonniers politiques             Libert\u00e9 pour Abdallah Zouari, le journaliste exil\u00e9 dans son propre             pays             <strong><font>Association Internationale de Soutien             aux Prisonniers Politiques<\/font><\/strong>             43 rue Eldjazira, Tunis             E-mail : aispptunisie@yahoo.fr             Tunis, le 2 janvier 2008             <strong><\/p>\n<h2 style=\"color: red;\"><font size=\"3\">Infos en continu<\/font><\/h2>\n<p><\/strong><\/div>\n<div>                         [&#8230;]             Deux agents de la police politique dont l\u2019un rel\u00e8ve du district de             Tunis et l\u2019autre de l\u2019administration de la S\u00fbret\u00e9 de l\u2019Etat ont             effectu\u00e9 une \u00ab visite \u00bb au domicile de l\u2019ex prisonnier politique            <strong>Abdelkarim Harouni<\/strong>,[\u2026]Ils ont tent\u00e9 d\u2019entrer au             domicile et se sont affront\u00e9s \u00e0 Hend Harouni, la s\u0153ur d\u2019Abdelkarim             Harouni, qui leur a demand\u00e9 de montrer leur mandat judiciaire, et a             refus\u00e9 de r\u00e9pondre \u00e0 leurs questions. Apr\u00e8s un quart d\u2019heure de             tentatives, ils durent s\u2019en retourner;             L\u2019association [\u2026]             Encore des enl\u00e8vements dans le gouvernorat de Bizerte !             Des personnes en civil dont on pense qu\u2019il s\u2019agit d\u2019agents de la             police politique, ont enlev\u00e9 vendredi 28 d\u00e9cembre messieurs <strong>            Mohammed Amine Mellakh et Fethi Ben Abdeljabbar Berra\u00efes<\/strong>,             demeurant \u00e0 Ras Jbel. Depuis lors, les familles ignorent ce qu\u2019il             est advenu de leurs enfants et toutes leurs tentatives pour d\u00e9tenir             une quelconque information sur l\u2019endroit o\u00f9 ils se trouvent sont             rest\u00e9es vaines.             L\u2019association [\u2026]             Pour la commission de suivi des personnes lib\u00e9r\u00e9es             Le vice pr\u00e9sident de l\u2019Association             <strong><font>Ma\u00eetre Abdelwahab Maatar<\/font><\/strong> <font>(traduction d\u2019extraits ni revue ni corrig\u00e9e             par les auteurs de la version en arabe, LT)<\/font><\/div>\n<p> <\/font> <\/div>\n<p> <\/font> <\/div>\n<\/p><\/div>\n<div>\n<hr\/><\/div>\n<div>\n<p align=\"center\"> <a><b> <span lang=\"FR\">      C.R.L.D.H.Tunisie<\/span><\/b><\/a><\/p>\n<p align=\"center\"> <b> <span lang=\"FR\">      \u00a0<\/span><\/b><\/p>\n<p align=\"center\"> <span lang=\"FR\">Comit\u00e9 pour le       Respect des Libert\u00e9s et des Droits de l\u2019Homme en Tunisie<\/span><\/p>\n<p align=\"center\"> <b><span lang=\"FR\">Membre du       R\u00e9seau Euro m\u00e9diterran\u00e9en des Droits de l\u2019Homme<\/span><\/b><\/p>\n<p align=\"center\"> <span lang=\"FR\">21 ter rue       Voltaire \u2013 FR-75011 PARIS\u00a0 &#8211; Tel\/Fax : 00.33. (0)1.43.72.97.34<\/span><\/p>\n<p align=\"center\"> <span lang=\"FR\"> <a href=\"mailto:contact@crldht.org\"><font face=\"Times New Roman\">      contact@crldht.org<\/font><\/a> \/ <a href=\"http:\/\/www.crldht.org\/\" target=\"_blank\" rel=\"noopener\"> <font face=\"Times New Roman\">www.crldht.org<\/font><\/a><\/span><\/p>\n<p align=\"center\"> <b><span lang=\"FR\"><font size=\"3\">      L\u2019Affaire du 04 janvier 2008\u00a0: Non \u00e0 la violation du principe de       l\u2019autorit\u00e9 de la chose jug\u00e9e\u00a0<\/font><\/span><\/b><\/p>\n<p align=\"center\"> <span lang=\"FR\">\u00a0<\/span><\/p>\n<p> <span lang=\"FR\">Le vendredi 04       janvier 2008 et en vertu de la loi n\u00b0 2003-75 du 10 d\u00e9cembre 2003,       relative au soutien des efforts internationaux de lutte contre le       terrorisme et \u00e0 la r\u00e9pression du blanchiment d&rsquo;argent, une\u00a0 nouvelle       affaire\u00a0 n\u00b0 14504 s\u2019ouvre \u00e0 la premi\u00e8re chambre criminelle du Tribunal de       premi\u00e8re instance de Tunis pr\u00e9sid\u00e9e par le juge <b>H\u00e9di Ayari. <\/b><\/span> <\/p>\n<p> <b><span lang=\"FR\">\u00a0<\/span><\/b><\/p>\n<p> <span lang=\"FR\">Cet \u00e9ni\u00e8me       proc\u00e8s de ce type concerne trente tunisiens parmi lesquels certains ont       d\u00e9j\u00e0 \u00e9t\u00e9 jug\u00e9s et cinq le seront\u00a0 par contumace. Arr\u00eat\u00e9s en 2006, tous ont       \u00e9t\u00e9 victimes d\u2019actes de torture et parfois d\u2019abus sexuels enregistr\u00e9s dans       les diff\u00e9rents centres de d\u00e9tention de la police ainsi que dans les       diff\u00e9rentes prisons qu\u2019ils ont connu. Beaucoup d\u2019entre eux ont \u00e9t\u00e9 plac\u00e9s       dans des cachots individuels, sans a\u00e9ration ni lumi\u00e8re\u00a0; priv\u00e9s des       moindres soins, de promenade \u00a0quotidienne et de lecture. Quant \u00e0 leurs       familles, elles\u00a0 vivent l\u2019humiliation au quotidien et sont en butte \u00e0       toutes sortes de violences et de pers\u00e9cution. <\/span><\/p>\n<p> <span lang=\"FR\">Parmi eux, <b>      Mr\u00a0Naoufel Ben Slimane Sassi<\/b>, 45 ans, p\u00e8re de quatre enfants, expert       en gestion financi\u00e8re et en fiscalit\u00e9 a \u00e9t\u00e9 arr\u00eat\u00e9 devant son cabinet       d\u2019expertise situ\u00e9 en plein centre ville, \u00e0 la rue El Jazira le mercredi 14       juin 2006 et d\u00e9tenu au secret pendant trois semaines. Sans nouvelles de       lui, Son \u00e9pouse, Mme\u00a0<b>Houda Sassi<\/b>, a \u00a0d\u00e9pos\u00e9 le 21 juin 2006 une       plainte pour enl\u00e8vement aupr\u00e8s du procureur de la R\u00e9publique, enregistr\u00e9e       sous le n\u00b0 7028436\/2006 apr\u00e8s avoir fait le tour de tous les h\u00f4pitaux et       commissariats de la capitale\u00a0; \u00a0d\u2019autant que Mr\u00a0Sassi souffre depuis sa       derni\u00e8re lib\u00e9ration de violentes crises d\u2019asthme qui n\u00e9cessitent un       traitement m\u00e9dical r\u00e9gulier. <\/span><\/p>\n<p> <span lang=\"FR\">Mr\u00a0Naoufel       Sassi a pay\u00e9 tr\u00e8s cher son attachement \u00e0 ses opinions. En 1990, il a \u00e9t\u00e9       arr\u00eat\u00e9 et jug\u00e9 pour \u00ab\u00a0appartenance \u00e0 une organisation non autoris\u00e9e\u00a0\u00bb et a       pass\u00e9 dix mois de prison ferme apr\u00e8s avoir subi de longues s\u00e9ances de       torture qui laisseront des s\u00e9quelles physiques, sources de gros soucis de       sant\u00e9. En 1993 il est de nouveau arr\u00eat\u00e9, incarc\u00e9r\u00e9 au secret et tortur\u00e9       pendant quarante jours sans aucun jugement\u00a0; la famille ignorait tout de       cette arrestation. Depuis sa lib\u00e9ration, il a pass\u00e9 plus de six ans priv\u00e9       de ses droits les plus fondamentaux au travail, au passeport, \u00e0 la       s\u00e9curit\u00e9 sociale, et contraint \u00e0 un r\u00e9gime tr\u00e8s lourd de contr\u00f4le       administratif. <\/span><\/p>\n<p> <span lang=\"FR\">Dans cette       nouvelle affaire, il est poursuivi pour six chefs d\u2019inculpation sur le       fondement des articles 11 \u00e0 21\u00a0de la loi n\u00b0 2003-75 du 10 d\u00e9cembre 2003       dont adh\u00e9sion \u00e0 une entente qui a fait du terrorisme un moyen de parvenir       \u00e0 ses objectifs, de l\u2019avoir fait conna\u00eetre, d\u2019avoir utilis\u00e9 un nom, un mot       et un symbole pour identifier cette organisation, son activit\u00e9 et ses       membres, de mise \u00e0 disposition d\u2019un local de r\u00e9union \u2026. <\/span><\/p>\n<p> <span lang=\"FR\">\u00a0<\/span><\/p>\n<p> <span lang=\"FR\">Il s\u2019av\u00e8re       suite \u00e0 des v\u00e9rifications que \u00a0<span><span>des       parties enti\u00e8res du dossier d&rsquo;accusation de l&rsquo;affaire en cours proviennent       du dossier d&rsquo;instruction du proc\u00e8s de 1990 pour lequel M. Sassi a d\u00e9j\u00e0 \u00e9t\u00e9       condamn\u00e9 et purg\u00e9 sa peine. Les interrogatoires, les chefs d&rsquo;inculpation       et les diff\u00e9rents t\u00e9moignages sont identiques\u00a0; il s\u2019agit d\u2019une op\u00e9ration       \u00ab\u00a0copier\/coller\u00a0\u00bb, par cons\u00e9quent <b>M. Sassi sera jug\u00e9 <\/b><\/span><\/span> <b>deux fois pour le m\u00eame fait\u00a0! <\/b><\/span><\/p>\n<p> <span lang=\"FR\">La justice       tunisienne a des ant\u00e9c\u00e9dents quant \u00e0 la violation du principe de       l\u2019autorit\u00e9 de la chose jug\u00e9e.\u00a0 <\/span> <span lang=\"FR\">Il arrive       souvent qu\u2019elle d\u00e9f\u00e8re le m\u00eame pr\u00e9venu, plusieurs fois devant la justice       pour le m\u00eame motif et les m\u00eames faits, dans le but d\u2019exercer des       repr\u00e9sailles. Or, Le code de proc\u00e9dure p\u00e9nal tunisien, qui sur ce point       est en harmonie avec le droit international, interdit de poursuivre ou de       punir p\u00e9nalement un individu pour une infraction pour laquelle il a d\u00e9j\u00e0       \u00e9t\u00e9 acquitt\u00e9 ou condamn\u00e9 conform\u00e9ment \u00e0 la loi par un jugement p\u00e9nal entr\u00e9       en force. \u00a0Les exemples sont multiples comme les dirigeants politiques du       mouvement Ennahdha, Ms <b>Daniel Zarrouk<\/b>, condamn\u00e9 \u00e0 quatre reprises       pour maintien d\u2019organisation politique non reconnue, <b>Frej Jami<\/b>,       condamn\u00e9 pour le m\u00eame motif d\u2019appartenance \u00e0 deux reprises, <b>Hamadi       Labidi<\/b>, condamn\u00e9 pour les m\u00eames accusations d\u2019appartenance politique,      <b>Adel Ben Amor<\/b>, condamn\u00e9 \u00e0 deux reprises pour les m\u00eames accusations,      <span>\u00a0<b>Sadok Chourou, Ridha Boukadi, Mondher       Bejaoui, Houcine Ghodhbane, Ramzi Khalsi\u2026<\/b><\/span><b>. <\/b><\/span><\/p>\n<p> <span lang=\"FR\">Sous la       pr\u00e9sidence du juge\u00a0 <\/span><b> <span lang=\"FR\">H\u00e9di Ayari,      <\/span><\/b><span lang=\"FR\">les       citoyens <b>Ahmed Amari, Khaled Rabii, Youssef Khedhri, Zouheir yakoub<\/b><\/span><span lang=\"FR\">       et <b>Choukri Gargouri<\/b> furent d\u00e9f\u00e9r\u00e9s devant le tribunal de premi\u00e8re       instance de Tunis, dans trois affaires 590, 591\u00a0et 595 d\u00e9j\u00e0 jug\u00e9es par le       cour d\u2019appel de sfax dans les deux affaires 8672 en date du 16 \/ 12 \/ 1999       et 8506. Ils furent de nouveau juges par le cour d\u2019appel de Tunis dans       l\u2019affaire 28423 en date du 01 \/ 6 \/ 1999. Ils \u00e9taient donc\u00a0 poursuivis       pour les m\u00eames faits.<\/span><\/p>\n<p> <span lang=\"FR\">Le CRLDHT       consid\u00e8re que ces condamnations sont\u00a0 contraires au droit international,       et en flagrante contradiction avec les lois tunisiennes mises en vigueur.      <\/span><\/p>\n<p> <span lang=\"FR\">\u00a0Il affirme       que le but de ces proc\u00e8s iniques est en r\u00e9alit\u00e9 la criminalisation\u00a0 des       droits fondamentaux des tunisiens, \u00e0 savoir le droit \u00e0 l\u2019expression, \u00e0       l\u2019organisation et \u00e0 la diff\u00e9rence. <\/span><\/p>\n<p> <span lang=\"FR\">Il s\u2019insurge       contre cette institution judiciaire,\u00a0 principal outil utilis\u00e9 pour la       r\u00e9pression des dissidents et alerte l\u2019opinion publique nationale et       internationale\u00a0 sur l\u2019\u00e9tat de d\u00e9labrement quasi-total de la justice       tunisienne. C\u2019est la raison pour laquelle le comit\u00e9 place la revendication       de la lib\u00e9ration imm\u00e9diate de \u00a0citoyens comme M. Naoufel Sassi \u00a0comme       l&rsquo;une des causes prioritaires du combat pour une justice impartiale et       pour le respect des droits humains.\u00a0\u00a0\u00a0\u00a0\u00a0\u00a0\u00a0\u00a0\u00a0\u00a0\u00a0\u00a0\u00a0\u00a0\u00a0\u00a0\u00a0\u00a0\u00a0\u00a0\u00a0\u00a0\u00a0\u00a0\u00a0\u00a0\u00a0\u00a0\u00a0\u00a0\u00a0\u00a0\u00a0\u00a0\u00a0\u00a0      <\/span><\/p>\n<p align=\"right\"> <span lang=\"FR\">Paris, le\u00a0:       03\/01\/2008<\/span><\/p>\n<p align=\"right\">\u00a0<\/p>\n<hr\/>\n<p>\u00a0<\/p>\n<p align=\"center\"> <a><b> <span lang=\"FR\">      C.R.L.D.H.Tunisie<\/span><\/b><\/a><\/p>\n<p align=\"center\"> <b> <span lang=\"FR\">      \u00a0<\/span><\/b><\/p>\n<p align=\"center\">      Comit\u00e9 pour le Respect des Libert\u00e9s et des Droits de l\u2019Homme en Tunisie<\/p>\n<p align=\"center\"> <b>Membre du R\u00e9seau Euro m\u00e9diterran\u00e9en des Droits de l\u2019Homme<\/b><\/p>\n<p align=\"center\">      21 ter rue Voltaire \u2013 FR-75011 PARIS\u00a0 &#8211; Tel\/Fax : 00.33. (0)1.43.72.97.34<\/p>\n<p align=\"center\"> <a href=\"mailto:contact@crldht.org\"><font face=\"Times New Roman\">      contact@crldht.org<\/font><\/a> \/ <a href=\"http:\/\/www.crldht.org\/\" target=\"_blank\" rel=\"noopener\"> <font face=\"Times New Roman\">www.crldht.org<\/font><\/a><\/p>\n<p align=\"center\"> <b><span lang=\"FR\"><font size=\"3\">      Nouvelles arrestations au sein de l\u2019Universit\u00e9 tunisienne <\/font><\/span> <\/b><\/p>\n<p>      \u00a0<\/p>\n<p>      Le CRLDHT est pr\u00e9occup\u00e9 par la situation explosive dans\u00a0 l\u2019universit\u00e9       tunisienne en raison des graves violations de droits enregistr\u00e9es sur un       nombre de militants syndicalistes, membres de l\u2019Union G\u00e9n\u00e9rale des       Etudiants Tunisiens (UGET) et\/ou ses repr\u00e9sentants aux conseils       scientifiques universitaires. <\/p>\n<p>      \u00a0<\/p>\n<p>      Selon la section de Monastir de la Ligue Tunisienne de D\u00e9fense des Droits       de l\u2019Homme, des arrestations ont \u00e9t\u00e9 signal\u00e9es \u00a0ces derniers jours au sein       du mouvement syndical \u00e9tudiant de la facult\u00e9 des Lettres et Sciences       humaines de Sousse. <\/p>\n<p>      \u00a0<\/p>\n<p>      En effet, quatre jeunes syndicalistes appartenant \u00e0 l\u2019Union G\u00e9n\u00e9rale des       Etudiants de Tunisie (UGET) et au Conseil scientifique r\u00e9cemment \u00e9lu       viennent d\u2019\u00eatre arr\u00eat\u00e9s pendants ces vacances de fin d\u2019ann\u00e9e de leurs       domiciles. Il s\u2019agit de <b>Mohamed Amine Ben Ali<\/b>, arr\u00eat\u00e9 le       25\/12\/2007,\u00a0 <b>Ahmed Chaker Ben Dhia<\/b>, arr\u00eat\u00e9 le 26\/12\/2007,<b> Karima       Boussetta<\/b>, arr\u00eat\u00e9e le 27\/12\/2008 et <b>\u00a0Abdennaeb Messaoudi<\/b>,       arr\u00eat\u00e9 le 28\/12\/2007. Le mercredi 02\/01\/2008, les quatre \u00e9tudiants ont       comparu devant le juge d\u2019instruction du tribunal de premi\u00e8re Instance de       Sousse pour inculpations fallacieuses du type \u00ab\u00a0Perturbation de la libert\u00e9       du travail,\u00a0 Vol de produits alimentaires\u2026\u00a0\u00bb<\/p>\n<p>      \u00a0<\/p>\n<p>      Alors qu\u2019ils se pr\u00e9parent \u00e0 passer leurs examens semestriels,\u00a0 d\u2019autres       jeunes syndicalistes de la m\u00eame institution universitaire sont recherch\u00e9s       et des mandats d\u2019amener ont \u00e9t\u00e9 livr\u00e9s \u00e0 leur encontre. Ce sont\u00a0: <b>Wael       Naouar, Jawaher Setta, Rachid Othmani, Majdi Houas, Karim Hammadi, Faouzi       Hmidette, Abdallah Haj Ali, Ali Ghabri et Zied Abb\u00e8s. <\/b><\/p>\n<p> <b>\u00a0<\/b><\/p>\n<p>      D\u2019apr\u00e8s les responsables de la LTDH, ces arrestations surviennent \u00e0 la       suite des \u00e9lections des conseils scientifiques dans diff\u00e9rents facult\u00e9s et       instituts sup\u00e9rieurs qui ont connu la victoire des repr\u00e9sentants de l\u2019UGET       aux d\u00e9pens des \u00e9tudiants du parti au pouvoir. <\/p>\n<p>      \u00a0<\/p>\n<p>      Cette nouvelle vague de r\u00e9pression et d\u2019arrestations arbitraires est par       cons\u00e9quent la r\u00e9action officielle du pouvoir despotique tunisien aux       libres choix des \u00e9tudiants lors des \u00e9lections \u00e9tudiantes des structures       scientifiques\u00a0; Il vise particuli\u00e8rement les militants syndicalistes       engag\u00e9s dans la lutte \u00e9tudiante pour l\u2019autonomie de leur structure       syndicale, l\u2019am\u00e9lioration du\u00a0 rendement scientifique de l\u2019Universit\u00e9       Tunisienne et le droit sacr\u00e9 \u00e0 l\u2019emploi \u00e0 la sortie de l\u2019universit\u00e9. <\/p>\n<p>      \u00a0<\/p>\n<p>      Ces arrestations ont pour but de criminaliser toute protestation politique       ind\u00e9pendante et de mettre fin au combat de la jeunesse \u00e9tudiante, partie       int\u00e9grante du combat national pour les libert\u00e9s et la d\u00e9mocratie. <\/p>\n<p>      Le CRLDHT <span>d\u00e9nonce avec vigueur ces nouvelles       arrestations qui\u00a0 touchent des dizaines de jeunes \u00e9tudiants, poursuivis       pour avoir user de leurs droits fondamentaux \u00e0 l\u2019expression et \u00e0 la       manifestation\u00a0 pacifique. <\/span><\/p>\n<p> <span lang=\"FR\">      \u00a0Il affirme son soutien total \u00a0aux \u00e9tudiants arr\u00eat\u00e9s, \u00e0 leurs familles et       \u00e0 leurs camarades et appelle \u00e0 leur \u00e9largissemnt inconditionnel dans les       meilleurs d\u00e9lais.\u00a0 <\/span><\/p>\n<p> <span lang=\"FR\">      Il rappelle \u00e0 l\u2019Etat tunisien ses engagements au <\/span>respect du droit       syndical<span> et \u00e0 la protection de ses citoyens       dans l\u2019exercice de leurs\u00a0 libert\u00e9s fondamentales. <\/span><\/p>\n<p>      Paris le\u00a0: 03\/01\/2008<\/p>\n<p>      \u00a0 <\/p>\n<hr\/>\n<p>\u00a0<\/p>\n<p align=\"right\">      \u00a0<\/p>\n<p align=\"center\"> <b><span><font size=\"3\">C\u2019est cool,       c\u2019est jeune, c\u2019est n&rsquo;importe quoi !<\/font><\/span><\/b><\/p>\n<p> <b><span>\u00a0Par:       Jameleddine EL HAJJI<\/span><\/b><\/p>\n<p> <span>Tr\u00e8s coquette, cette       mani\u00e8re qu\u2019ont certaines des banques de la place, \u00e0 renflouer leurs       caisses, en contournant les plus rigides des r\u00e8gles fondant le droit en       g\u00e9n\u00e9ral, et le droit commercial et cambiaire en particulier. R\u00e9cemment,       nous avons eu droit \u00e0 un produit bancaire nouveau que nous h\u00e9sitons \u00e0       appeler \u00ab\u00a0service\u00a0\u00bb. Car nonobstant sa physionomie bizarre, le produit en       question semble ne servir personne de la client\u00e8le bancaire. On comprend       parfaitement que les commerciaux, par temps de remise en question et de       forte concurrence, se grattent les m\u00e9ninges\u00a0 \u00e0 la recherche du \u00ab\u00a0produit       miracle\u00a0\u00bb. Un produit\u00a0 qui ne co\u00fbte rien ou presque \u00e0 la banque, laquelle       d\u2019un tour de main, pas franchement habile, gagne de l\u2019argent, et       hypoth\u00e8que chez elle un client, avec les propres fonds de celui-ci, sans       \u00e9gard aucun aux fondements culturels du \u00ab\u00a0march\u00e9\u00a0\u00bb destinataire de ce       produit. L&rsquo;ATB Bank nous dit qu\u2019un mineur de dix-huit ans n\u2019a pas le droit       de retirer de l\u2019argent, fut-ce sur son compte propre. Une chamaillerie a       \u00e9clat\u00e9 r\u00e9cemment dans une succursale de banque sur une affaire similaire.      <\/span><span lang=\"SV\">Un       client se pr\u00e9sente, remplit un ch\u00e8que volant, pr\u00e9sente sa carte d\u2019identit\u00e9.       Sans autre forme de proc\u00e8s, le guichetier lui signale qu\u2019il lui est       interdit de retirer de l\u2019argent\u2026de son compte. <\/span> <span>Le jeune pose cette       question au guichetier\u00a0:\u00a0\u00ab\u00a0Pourquoi donc avoir accept\u00e9 de m\u2019ouvrir un       compte si, comme vous le dites, je suis mineur\u00a0?\u00a0\u00bb. Le jeune homme qui       travaille dans une soci\u00e9t\u00e9 de vente \u00e0 distance attendit une r\u00e9ponse qui ne       vint pas, le guichetier s\u2019\u00e9tant occup\u00e9 du client suivant. En se tournant,       le jeune homme vit une grande affiche vantant les m\u00e9rites d\u2019une carte de       cr\u00e9dit destin\u00e9e aux \u00ab\u00a013 \u00e0 15 ans\u00a0\u00bb\u00a0! \u00ab\u00a0C\u2019est jeune, c\u2019est cool, c\u2019est       n\u2019importe quoi\u00a0\u00bb murmura le jeune. Il s\u2019adressa illico presto au chef       d\u2019agence \u00e0 qui il lui posa une question qui force le respect \u00e0 cette       g\u00e9n\u00e9ration, celle de nos fils, que d\u2019aucuns taxent de tous les maux.       \u00ab\u00a0Comment m\u2019interdisez-vous de retirer mon argent de mon compte sous       couvert de minorit\u00e9 tandis que vous prenez comme cat\u00e9gorie de client\u00e8le       les 13 \u2013 15 ans\u00a0? Le chef d\u2019agence lui signale que ces cartes sont       destin\u00e9es aux enfants dont les parents ont d\u00e9j\u00e0 des comptes chez nous, et       qui acceptent de signer un engagement <\/span> <span lang=\"SV\"> <script><!--D([\"mb\",\"\\u003cspan\\>\u00a0 \\u003c\/span\\>sur leurs comptes respectifs, ce qui n\u2019est pas votre cas\u00a0\u00bb. Sur la suite de l\u2019histoire, on coupe. Que veut dire donner une carte de cr\u00e9dit \u00e0 un enfant de 13 ans\u00a0? Quel type d\u2019\u00e9ducation sert une telle carte de cr\u00e9dit. Quel est le rapport p\u00e8re ou m\u00e8re -fils que travaille cette banque. O\u00f9 est ce que un enfant peut user de sa carte. Quel est le degr\u00e9 de s\u00e9curit\u00e9 d\u2019une telle carte \u00ab\u00a0pour enfants\u00a0\u00bb. Puisque un enfant est un enfant, et donc non responsable p\u00e9nalement, qui payera la porcelaine cass\u00e9e. La banque\u00a0? Certainement pas. Le p\u00e8re et la m\u00e8re bien s\u00fbr. En \\u003cspan\\>\u00a0\\u003c\/span\\>balan\u00e7ant une carte \u00ab\u00a0blanche\u00a0\u00bb \u00e0 leur rejeton, sont-ils vraiment adultes, ces parents\u00a0? Combien de fonctionnaires ou d\u2019employ\u00e9s de cette banque acceptent de faire usage d\u2019une carte\\u003cspan\\>\u00a0 \\u003c\/span\\>aux finalit\u00e9s aussi douteuses. Le dicton de chez nous, petites gens, dit \u00ab\u00a0Le cuisinier du\\n poison le go\u00fbte\u00a0\u00bb. Ces banques ont-elles fait d\u00e9guster leurs personnels d\u2019abord. Qu\u2019en \u00e9tait le go\u00fbt et l\u2019arri\u00e8re-go\u00fbt de cette carte magique\u00a0? O\u00f9 va g\u00e9n\u00e9ralement un enfant. Dans quels lieux il risque de s\u2019embourber sans \u00eatre accompagn\u00e9 d\u2019un adulte\u00a0?\\u003c\/span\\>\\u003c\/div\\>  \\u003cdiv style\\u003d\\\"text-align:justify\\\"\\>\\u003cspan style\\u003d\\\"font-size:16pt\\\"\\>Toutes ces questions, et bien d\u2019autres, doivent normalement tarauder l\u2019esprit de la banque centrale, de l\u2019organisation de d\u00e9fense du consommateur, entre autres institutions comp\u00e9tentes en mati\u00e8re de sauvegarde de la client\u00e8le, mais aussi du citoyen.\\u003c\/span\\>\\u003c\/div\\>  \\u003cdiv style\\u003d\\\"text-align:justify\\\"\\>\\u003cspan style\\u003d\\\"font-size:16pt\\\"\\>La soci\u00e9t\u00e9 de la consommation effr\u00e9n\u00e9e, mat\u00e9rialis\u00e9e ici par l&#39;Arab Tunisian Bank, a-t-elle le droit, contre son avidit\u00e9 mat\u00e9rielle, de bafouer ainsi les fondements de l\u2019\u00e9ducation de l\u2019enfant tunisien\u00a0? En invoquant abusivement le \u00ab\u00a0droit au\\n choix\u00a0\u00bb, et en acceptant cette supercherie juridique, nous sommes \u00e0 deux doigts d\u2019une carte qui sert, moyennant un code \u00ab\u00a0secret\u00a0\u00bb, \u00e0 r\u00e9gler sous peu les factures de la \u00ab\u00a0zatla\u00a0\u00bb, de l\u2019alcool, et d\u2019autres plaisirs charnels. C\u2019est comme \u00e7a\u00a0! C\u2019est la mondialisation\u00a0! C\u2019est cool, c\u2019est jeune\u2026\",1]);\/\/-->      <\/script> <\/span><span>\u00a0 sur leurs       comptes respectifs, ce qui n\u2019est pas votre cas\u00a0\u00bb. Sur la suite de       l\u2019histoire, on coupe. Que veut dire donner une carte de cr\u00e9dit \u00e0 un enfant       de 13 ans\u00a0? Quel type d\u2019\u00e9ducation sert une telle carte de cr\u00e9dit. Quel est       le rapport p\u00e8re ou m\u00e8re -fils que travaille cette banque. O\u00f9 est ce que un       enfant peut user de sa carte. Quel est le degr\u00e9 de s\u00e9curit\u00e9 d\u2019une telle       carte \u00ab\u00a0pour enfants\u00a0\u00bb. Puisque un enfant est un enfant, et donc non       responsable p\u00e9nalement, qui payera la porcelaine cass\u00e9e. La banque\u00a0?       Certainement pas. Le p\u00e8re et la m\u00e8re bien s\u00fbr. En \u00a0balan\u00e7ant une carte       \u00ab\u00a0blanche\u00a0\u00bb \u00e0 leur rejeton, sont-ils vraiment adultes, ces parents\u00a0?       Combien de fonctionnaires ou d\u2019employ\u00e9s de cette banque acceptent de faire       usage d\u2019une carte\u00a0 aux finalit\u00e9s aussi douteuses. Le dicton de chez nous,       petites gens, dit \u00ab\u00a0Le cuisinier du poison le go\u00fbte\u00a0\u00bb. Ces banques       ont-elles fait d\u00e9guster leurs personnels d\u2019abord. Qu\u2019en \u00e9tait le go\u00fbt et       l\u2019arri\u00e8re-go\u00fbt de cette carte magique\u00a0? O\u00f9 va g\u00e9n\u00e9ralement un enfant. Dans       quels lieux il risque de s\u2019embourber sans \u00eatre accompagn\u00e9 d\u2019un adulte\u00a0?<\/span><\/p>\n<p> <span>Toutes ces questions, et       bien d\u2019autres, doivent normalement tarauder l\u2019esprit de la banque       centrale, de l\u2019organisation de d\u00e9fense du consommateur, entre autres       institutions comp\u00e9tentes en mati\u00e8re de sauvegarde de la client\u00e8le, mais       aussi du citoyen.<\/span><\/p>\n<p> <span lang=\"SV\">La soci\u00e9t\u00e9 de       la consommation effr\u00e9n\u00e9e, mat\u00e9rialis\u00e9e ici par l&rsquo;Arab Tunisian Bank,       a-t-elle le droit, contre son avidit\u00e9 mat\u00e9rielle, de bafouer ainsi les       fondements de l\u2019\u00e9ducation de l\u2019enfant tunisien\u00a0? En invoquant abusivement       le \u00ab\u00a0droit au choix\u00a0\u00bb, et en acceptant cette supercherie juridique, nous       sommes \u00e0 deux doigts d\u2019une carte qui sert, moyennant un code \u00ab\u00a0secret\u00a0\u00bb, \u00e0       r\u00e9gler sous peu les factures de la \u00ab\u00a0zatla\u00a0\u00bb, de l\u2019alcool, et d\u2019autres       plaisirs charnels. <\/span> <span>C\u2019est comme \u00e7a\u00a0! C\u2019est       la mondialisation\u00a0! C\u2019est cool, c\u2019est jeune\u2026 <\/span> <span lang=\"SV\"> <script><!--D([\"mb\",\"\\u003c\/span\\>\\u003c\/div\\>  \\u003cdiv style\\u003d\\\"text-align:justify\\\"\\>\\u003cspan style\\u003d\\\"font-size:16pt\\\"\\>A vos comptes, les vieux\u00a0!\\u003c\/span\\>\\u003c\/div\\>  \\u003cdiv style\\u003d\\\"text-align:justify\\\"\\>\\u003cspan style\\u003d\\\"font-size:16pt\\\"\\>\u00a0\\u003c\/span\\>\\u003c\/div\\>  \\u003cdiv style\\u003d\\\"text-align:right\\\" align\\u003d\\\"right\\\"\\>\\u003cb\\>\\u003cspan style\\u003d\\\"font-size:16pt\\\"\\>Jameleddine EL HAJJI\\u003c\/span\\>\\u003c\/b\\>\\u003c\/div\\>\",1]);D([\"mb\",\"\\u003cspan class\\u003dad\\>  \\u003cp\\> \\n      \\n\\n      \\u003chr size\\u003d\\\"1\\\"\\> \\nNe gardez plus qu&#39;une seule adresse mail ! \\u003ca href\\u003d\\\"http:\/\/fr.rd.yahoo.com\/mail\/mail_taglines\/trueswitch\/*http:\/\/www.trueswitch.com\/yahoo-fr\/\\\" target\\u003d\\\"_blank\\\" onclick\\u003d\\\"return top.js.OpenExtLink(window,event,this)\\\"\\>Copiez vos mails\\u003c\/a\\> vers Yahoo! Mail \\u003c\/p\\>\\u003c\/span\\>\",0]);D([\"ce\"]);\/\/-->      <\/script> <\/span><\/p>\n<p> <span>A vos comptes, les       vieux\u00a0!<\/span><\/p>\n<p> <span>\u00a0<\/span><\/p>\n<p> <span lang=\"SV\"><font face=\"Times New Roman\">\u00a0 <\/font><\/span><\/p>\n<hr\/>\n<p>\u00a0<\/p>\n<\/div><\/div>\n<p><font face=\"Arial\" size=\"2\"><\/p>\n<div align=\"center\"> <font><strong>Reporters sans fronti\u00e8res<\/strong> <\/font><\/div>\n<div align=\"center\"> <strong><\/p>\n<h2 style=\"color: red;\"><font size=\"3\">Libert\u00e9 de la presse : l&rsquo;ann\u00e9e 2007 en   chiffres<\/font><\/h2>\n<p><\/strong><\/div>\n<p><font face=\"Arial\" size=\"2\"><\/p>\n<div>     Mauvaise ann\u00e9e pour la presse fran\u00e7aise : au moins dix-sept reporters arr\u00eat\u00e9s,   dont deux toujours d\u00e9tenus      En 2007 :   &#8211; 86 journalistes tu\u00e9s   &#8211; 20 collaborateurs des m\u00e9dias tu\u00e9s   &#8211; 887 journalistes interpell\u00e9s   &#8211; 67 enlev\u00e9s   &#8211; 1511 agress\u00e9s ou menac\u00e9s   &#8211; 528 m\u00e9dias censur\u00e9s      Et concernant Internet :   &#8211; 37 blogueurs interpell\u00e9s   &#8211; 21 agress\u00e9s   &#8211; 2676 sites ferm\u00e9s ou suspendus      A titre de comparaison, en 2006 :   &#8211; 85 journalistes tu\u00e9s   &#8211; 32 collaborateurs des m\u00e9dias tu\u00e9s   &#8211; 871 journalistes interpell\u00e9s   &#8211; 56 enlev\u00e9s   &#8211; 1 472 agress\u00e9s ou menac\u00e9s   &#8211; 912 m\u00e9dias censur\u00e9s      <font><strong>Mauvaise ann\u00e9e pour la presse fran\u00e7aise<\/strong><\/font>      En 2007, au moins dix-sept journalistes fran\u00e7ais ont \u00e9t\u00e9 arr\u00eat\u00e9s dans le monde.   Deux sont toujours d\u00e9tenus au Niger.      La fin de l&rsquo;ann\u00e9e a \u00e9t\u00e9 particuli\u00e8rement difficile. Le 25 octobre, trois   journalistes ont \u00e9t\u00e9 arr\u00eat\u00e9s au Tchad alors qu&rsquo;ils effectuaient un reportage   sur l&rsquo;association L&rsquo;Arche de Zo\u00e9. Marc Garmirian, de l&rsquo;agence Capa,   Jean-Daniel Guillou, de l&rsquo;agence Synchro X, et Marie-Agn\u00e8s Peleran, de France   3, ont \u00e9t\u00e9 d\u00e9tenus pendant une dizaine de jours avant d&rsquo;\u00eatre lib\u00e9r\u00e9s et   \u00e9vacu\u00e9s vers la France. Quelques jours apr\u00e8s le d\u00e9marrage de cette affaire,   une \u00e9quipe de BFM TV, qui s&rsquo;\u00e9tait rendue sur place, a \u00e9t\u00e9 interpell\u00e9e quelques   heures.      En toute fin d&rsquo;ann\u00e9e, cinq journalistes fran\u00e7ais ont \u00e9t\u00e9 arr\u00eat\u00e9s en moins de   dix jours. Le 16 d\u00e9cembre, Gwenlaouen Le Gouil, cameraman ind\u00e9pendant, \u00e9tait   kidnapp\u00e9 dans la r\u00e9gion du Puntland, en Somalie, alors qu&rsquo;il tournait un   reportage sur l&rsquo;\u00e9migration clandestine. Ses ravisseurs, une bande arm\u00e9e qui   r\u00e9clamait une ran\u00e7on de 70 000 dollars, ont fini par le rel\u00e2cher le 24   d\u00e9cembre.      Le 17 d\u00e9cembre, Pierre Creisson et Thomas Dandois, journalistes de l&rsquo;agence   Camicas Productions, ont \u00e9t\u00e9 arr\u00eat\u00e9s au Niger. Ils \u00e9taient en train de   terminer un reportage, pour Arte, sur la r\u00e9bellion touareg du Mouvement des   Nig\u00e9riens pour la justice (MNJ) dans le nord du pays. Quatre jours plus tard,   ils ont \u00e9t\u00e9 inculp\u00e9s \u00ab\u00a0d&rsquo;atteinte \u00e0 la s\u00fbret\u00e9 de l&rsquo;Etat\u00a0\u00bb. Ils sont toujours   d\u00e9tenus et encourent la peine de mort. Un autre journaliste fran\u00e7ais, Fran\u00e7ois   Bergeron, a \u00e9t\u00e9 d\u00e9tenu pendant plus d&rsquo;un mois au Niger, \u00e0 l&rsquo;automne 2007, pour   les m\u00eames raisons.      Et le 24 d\u00e9cembre, dans l&rsquo;apr\u00e8s-midi, c&rsquo;est une \u00e9quipe d&rsquo;une soci\u00e9t\u00e9 de   production travaillant pour France 24 qui a \u00e9t\u00e9 arr\u00eat\u00e9e au Sri Lanka. Il leur   \u00e9tait reproch\u00e9 d&rsquo;avoir pris ill\u00e9galement des images d&rsquo;un barrage routier, pr\u00e8s   d&rsquo;un centre de d\u00e9tention. Ils ont \u00e9t\u00e9 lib\u00e9r\u00e9s deux jours plus tard.      Au cours de l&rsquo;ann\u00e9e 2007, des correspondants permanents et des envoy\u00e9s   sp\u00e9ciaux fran\u00e7ais ont \u00e9t\u00e9 emp\u00each\u00e9s de travailler dans plusieurs pays,   notamment en Chine et en Birmanie. Au Vi\u00eat-nam, une journaliste fran\u00e7aise a   \u00e9t\u00e9 d\u00e9tenue pendant plusieurs jours apr\u00e8s avoir couvert une r\u00e9union d&rsquo;un parti   d&rsquo;opposition interdit. En Iran, une journaliste franco-iranienne est retenue   contre son gr\u00e9 dans le pays. Les autorit\u00e9s ne veulent pas lui rendre son   passeport. Elle avait recueilli les t\u00e9moignages de familles d&rsquo;intellectuels   assassin\u00e9s \u00e0 la fin des ann\u00e9es 90.      A la fronti\u00e8re turco-irakienne, une \u00e9quipe de l&rsquo;agence Capa et un journaliste   du Monde ont \u00e9t\u00e9 interpell\u00e9s quelques heures alors qu&rsquo;ils souhaitaient passer   au Kurdistan irakien pour filmer des images des affrontements entre l&rsquo;arm\u00e9e   turque et les militants de la r\u00e9bellion du PKK. En Afghanistan, Claire Billet,   de l&rsquo;agence Hamsa Press, a \u00e9t\u00e9 bri\u00e8vement interpell\u00e9e, puis \u00ab\u00a0blacklist\u00e9e\u00a0\u00bb \u00e0 la   demande de l&rsquo;arm\u00e9e am\u00e9ricaine.      Les employ\u00e9s \u00e9trangers des m\u00e9dias fran\u00e7ais n&rsquo;ont pas \u00e9t\u00e9 mieux lotis. Jaime   Razuri, photographe p\u00e9ruvien de l&rsquo;Agence France-Presse (AFP), a \u00e9t\u00e9 retenu en   otage pendant une semaine \u00e0 Gaza, avant d&rsquo;\u00eatre lib\u00e9r\u00e9 sain et sauf. Le   correspondant de Radio France Internationale (RFI) en Guin\u00e9e-Bissau, Allen   Yero Embalo, a d\u00fb fuir son pays en milieu d&rsquo;ann\u00e9e, sous la menace. Il avait   enqu\u00eat\u00e9 sur le narcotrafic et les complicit\u00e9s au sein de l&rsquo;appareil d&rsquo;Etat. Le   correspondant local du Figaro en Alg\u00e9rie, Arezki A\u00eft-Larbi, a \u00e9t\u00e9 interpell\u00e9 \u00e0   l&rsquo;a\u00e9roport d&rsquo;Alger, en avril, alors qu&rsquo;il s&rsquo;appr\u00eatait \u00e0 se rendre en France.   Les autorit\u00e9s ont invoqu\u00e9 une affaire de diffamation datant de&#8230; 1997.      Enfin, le correspondant de RFI au Niger, Moussa Kaka, \u00e9galement correspondant   de Reporters sans fronti\u00e8res, est emprisonn\u00e9 depuis le 20 septembre. Il est   accus\u00e9 de \u00ab\u00a0complicit\u00e9 de complot contre l&rsquo;autorit\u00e9 de l&rsquo;Etat\u00a0\u00bb pour avoir eu   des \u00ab\u00a0contacts r\u00e9guliers\u00a0\u00bb avec la r\u00e9bellion touareg.      Par ailleurs, des dizaines de journalistes fran\u00e7ais ont essuy\u00e9 des refus de   visas pour se rendre \u00e0 l&rsquo;\u00e9tranger, notamment en Alg\u00e9rie, en Birmanie et en   Chine. Et des journaux fran\u00e7ais ont \u00e9t\u00e9 interdits de distribution en Egypte,   au Liban, en Tunisie et en Turquie.   Le nombre de journalistes tu\u00e9s a augment\u00e9 de 244 % en cinq ans      Au moins 86 journalistes ont \u00e9t\u00e9 tu\u00e9s dans le monde en 2007. Depuis 2002, ce   nombre est en augmentation constante. En cinq ans, il est pass\u00e9 de 25 \u00e0 86,   correspondant \u00e0 une hausse de 244 %. Il faut remonter \u00e0 1994 pour trouver un   chiffre plus \u00e9lev\u00e9. Cette ann\u00e9e-l\u00e0, 103 journalistes avaient trouv\u00e9 la mort   dont pr\u00e8s de la moiti\u00e9 pendant le g\u00e9nocide au Rwanda, pr\u00e8s d&rsquo;une vingtaine en   Alg\u00e9rie, victimes de la guerre civile, et une dizaine en ex-Yougoslavie.      Plus de la moiti\u00e9 des journalistes tu\u00e9s en 2007 l&rsquo;ont \u00e9t\u00e9 en Irak.      <font><strong>La r\u00e9action de Reporters sans fronti\u00e8res<\/strong>   :   <\/font>   \u00ab\u00a0Aucun pays n&rsquo;a jamais connu un aussi grand nombre de journalistes tu\u00e9s que   l&rsquo;Irak. Depuis l&rsquo;invasion am\u00e9ricaine, en mars 2003, au moins 207   professionnels des m\u00e9dias y ont \u00e9t\u00e9 tu\u00e9s. Ni la guerre du Vi\u00eat-nam, ni le   conflit dans l&rsquo;ex-Yougoslavie, ni m\u00eame les massacres en Alg\u00e9rie ou le g\u00e9nocide   rwandais n&rsquo;avaient fait autant de victimes parmi les professionnels de la   presse.\u00a0\u00bb      \u00ab\u00a0Il faut absolument que les autorit\u00e9s irakiennes et am\u00e9ricaines &#8211; qui   elles-m\u00eames se sont rendus coupables de violences graves envers des   journalistes &#8211; prennent des mesures pour tenter de juguler cette violence. Les   journalistes irakiens ne sont pas victimes de balles perdues, ils sont   d\u00e9lib\u00e9r\u00e9ment pris pour cibles par des groupes arm\u00e9s. Le gouvernement irakien   ne peut pas mettre fin soudainement \u00e0 la violence qui s\u00e9vit dans le pays. Mais   il peut, en revanche, adresser un signal fort aux assassins en faisant tout   son possible pour les rechercher et les traduire en justice.\u00a0\u00bb      \u00ab\u00a0La Somalie et le Pakistan n&rsquo;avaient pas compt\u00e9 autant de journalistes tu\u00e9s   depuis plusieurs ann\u00e9es. La Somalie continue de ressembler \u00e0 un far-west o\u00f9   triomphe la seule loi du plus fort. Les m\u00e9dias y sont des cibles faciles. Au   Pakistan, les journalistes sont pris entre les feux crois\u00e9s de l&rsquo;arm\u00e9e, des   groupes islamistes et des organisations criminelles. Seule bonne nouvelle   cette ann\u00e9e, il n&rsquo;y a pas eu de journalistes assassin\u00e9s en raison de leur   travail en Colombie. C&rsquo;est la premi\u00e8re fois depuis quinze ans.\u00a0\u00bb      Tous les journalistes tu\u00e9s en Irak (47 victimes), \u00e0 l&rsquo;exception d&rsquo;un reporter   russe, \u00e9taient de nationalit\u00e9 irakienne. La plupart travaillaient pour des   m\u00e9dias irakiens et ont \u00e9t\u00e9 victimes d&rsquo;assassinats cibl\u00e9s. Le mobile est   souvent difficile \u00e0 \u00e9tablir avec pr\u00e9cision, mais il est, chaque fois, li\u00e9 au   travail des victimes ou \u00e0 la nature du m\u00e9dia qui les emploie. Les groupes   arm\u00e9s visent les journalistes des m\u00e9dias proches d&rsquo;un courant religieux   diff\u00e9rent du leur et ceux qui collaborent avec les organes de presse \u00e9trangers   ou financ\u00e9s par des fonds \u00e9trangers.      Pour ne rien arranger, les autorit\u00e9s font preuve d&rsquo;un immobilisme inqui\u00e9tant.   Le gouvernement irakien n&rsquo;a, pour le moment, trouv\u00e9 aucune r\u00e9ponse efficace \u00e0   cette violence. L&rsquo;une des rares propositions faites par les dirigeants du pays   a \u00e9t\u00e9 de permettre aux journalistes de s&rsquo;armer \u00e0 leur tour, pour pouvoir se   d\u00e9fendre en cas d&rsquo;attaque&#8230;      En Somalie (8 tu\u00e9s), une vague d&rsquo;attentats in\u00e9dite a ponctu\u00e9 l&rsquo;une des ann\u00e9es   les plus meurtri\u00e8res depuis dix ans, au cours de laquelle des insurg\u00e9s   islamistes ont harcel\u00e9 les troupes du gouvernement de transition et de son   alli\u00e9 \u00e9thiopien. Dans ce contexte, alors que la presse \u00e9trang\u00e8re \u00e9vite   g\u00e9n\u00e9ralement de se rendre dans l&rsquo;un des pays les plus dangereux du monde, les   journalistes somaliens, en premi\u00e8re ligne, ont \u00e9t\u00e9 les victimes de la violence   et de l&rsquo;anarchie.      La moiti\u00e9 des huit journalistes tu\u00e9s en 2007 ont \u00e9t\u00e9 victimes d&rsquo;assassinats   cibl\u00e9s, perp\u00e9tr\u00e9s par des tueurs \u00e0 gages. Trois d&rsquo;entre eux \u00e9taient des   personnalit\u00e9s importantes du monde des m\u00e9dias, dont le cofondateur de Radio   HornAfrik, un c\u00e9l\u00e8bre chroniqueur et le directeur du groupe de presse Shabelle   Media. Depuis ces assassinats, la plupart des responsables de m\u00e9dias   ind\u00e9pendants ont quitt\u00e9 le pays par crainte d&rsquo;\u00eatre les prochains sur la liste.   Les journalistes de Mogadiscio craignent que leur ville ne devienne un \u00ab\u00a0petit   Bagdad\u00a0\u00bb.      Au Pakistan (6 tu\u00e9s), les attentats-suicides et les violents combats entre   l&rsquo;arm\u00e9e et les islamistes expliquent en partie l&rsquo;augmentation du nombre de   journalistes tu\u00e9s en 2007. Muhammad Arif, de la cha\u00eene Ary One World, est   l&rsquo;une des 133 victimes de l&rsquo;attentat-suicide qui a vis\u00e9 l&rsquo;opposante Benazir   Bhutto, en octobre, \u00e0 Karachi. En avril, un kamikaze qui voulait assassiner un   ministre a tu\u00e9 28 personnes dont Mehboob Khan, un jeune photographe free-lance.      En juin, c&rsquo;est Noor Hakim, du quotidien en ourdou Pakistan et vice-pr\u00e9sident   de l&rsquo;Union des journalistes des zones tribales (TUJ), qui a \u00e9t\u00e9 tu\u00e9 dans un   attentat commis dans la zone tribale de Bajaur (Nord-Ouest). Javed Khan,   cameraman de DM Digital TV, a \u00e9t\u00e9 tu\u00e9 alors qu&rsquo;il couvrait, en juillet,   l&rsquo;assaut sur la Mosqu\u00e9e rouge, \u00e0 Islamabad, par les forces de s\u00e9curit\u00e9.      Au Sri Lanka (3 tu\u00e9s), l&rsquo;intensification des combats entre les forces de   s\u00e9curit\u00e9 et les Tigres tamouls s&rsquo;est accompagn\u00e9e d&rsquo;une sale guerre men\u00e9e par   les militaires et les paramilitaires contre les journalistes tamouls,   notamment \u00e0 Jaffna. En 2007 encore, le quotidien Uthayan a \u00e9t\u00e9   particuli\u00e8rement vis\u00e9 : un jeune journaliste a \u00e9t\u00e9 assassin\u00e9 et un secr\u00e9taire   de r\u00e9daction a \u00e9t\u00e9 kidnapp\u00e9. Deux autres reporters ont \u00e9t\u00e9 tu\u00e9s dans des zones   contr\u00f4l\u00e9es par le gouvernement.      En Erythr\u00e9e (2 victimes), pays plac\u00e9 en derni\u00e8re position du classement   mondial de la libert\u00e9 de la presse \u00e9tabli par Reporters sans fronti\u00e8res, un   journaliste est mort en prison. Fessehaye Yohannes, dit \u00ab\u00a0Joshua\u00a0\u00bb, l&rsquo;une des   plus grandes figures de la vie intellectuelle du pays, est mort en d\u00e9but   d&rsquo;ann\u00e9e 2007, vraisemblablement en raison de conditions de d\u00e9tention   extr\u00eamement \u00e9prouvantes. Quelques mois plus tard, un autre journaliste, Paulos   Kidane, est mort d&rsquo;\u00e9puisement \u00e0 quelques kilom\u00e8tres de la fronti\u00e8re avec le   Soudan, alors qu&rsquo;il tentait de fuir son pays. Il n&rsquo;avait pas support\u00e9 d&rsquo;avoir   \u00e9t\u00e9 incarc\u00e9r\u00e9 et tortur\u00e9 l&rsquo;ann\u00e9e pr\u00e9c\u00e9dente.      Moins de collaborateurs de m\u00e9dias (\u00ab\u00a0fixeurs\u00a0\u00bb, chauffeurs, traducteurs,   techniciens, agents de s\u00e9curit\u00e9, etc.) ont \u00e9t\u00e9 tu\u00e9s en 2007 que l&rsquo;ann\u00e9e   pr\u00e9c\u00e9dente (20 en 2007, contre 32 en 2006).      A la diff\u00e9rence d&rsquo;autres organisations, Reporters sans fronti\u00e8res ne prend en   compte que les professionnels des m\u00e9dias dont elle est certaine que leur mort   est li\u00e9e \u00e0 leur devoir d&rsquo;informer. Plusieurs cas n&rsquo;ont pas \u00e9t\u00e9 comptabilis\u00e9s,   soit parce qu&rsquo;ils sont encore en investigation, soit parce qu&rsquo;ils ne rel\u00e8vent   pas du domaine de la libert\u00e9 de la presse (mort accidentelle ou motiv\u00e9e par   d&rsquo;autres raisons que la profession de la victime).      <font><strong>Deux proc\u00e8s essentiels en 2008<\/strong><\/font>      Environ 90 % des assassinats de journalistes restent totalement ou   partiellement impunis. Souvent, les gouvernements des pays dans lesquels des   journalistes ont \u00e9t\u00e9 tu\u00e9s parient sur le temps et l&rsquo;oubli pour prot\u00e9ger les   assassins de toute sanction. Reporters sans fronti\u00e8res lutte contre cette   impunit\u00e9 en continuant de se mobiliser, ann\u00e9e apr\u00e8s ann\u00e9e, sur des affaires   pass\u00e9es.      En 2007, l&rsquo;organisation a ainsi d\u00e9nonc\u00e9, neuf ans apr\u00e8s les faits, le   comportement scandaleux des autorit\u00e9s du Burkina Faso qui ont rendu un   non-lieu dans l&rsquo;enqu\u00eate sur l&rsquo;assassinat du journaliste Norbert Zongo alors   qu&rsquo;il existait des \u00e9l\u00e9ments accablants contre des \u00e9l\u00e9ments de la garde   pr\u00e9sidentielle. Elle a \u00e9galement condamn\u00e9 fermement les blocages dans   l&rsquo;enqu\u00eate sur l&rsquo;assassinat, en d\u00e9cembre 2004, de son correspondant Deyda   Hydara, en Gambie. L\u00e0 encore, la piste la plus s\u00e9rieuse m\u00e8ne dans les couloirs   du palais pr\u00e9sidentiel.      Reporters sans fronti\u00e8res a \u00e9galement demand\u00e9 l&rsquo;\u00e9largissement du mandat du   futur tribunal international pour le Liban \u00e0 tous les assassinats commis dans   le pays depuis 2004, dont ceux des journalistes G\u00e9brane Tu\u00e9ni et Samir Kassir,   tu\u00e9s en 2005.      <font><strong>La r\u00e9action de Reporters sans fronti\u00e8res :<\/strong><\/font>      \u00ab\u00a0La lutte contre l&rsquo;impunit\u00e9 des assassins de journalistes est primordiale.   Deux proc\u00e8s qui vont se tenir en 2008 sont essentiels. Celui des assassins de   Hrant Dink, en Turquie, et celui des assassins d&rsquo;Anna Politkovska\u00efa, en Russie.   Ces deux crimes, commis aux portes de l&rsquo;Europe, doivent \u00eatre r\u00e9solus de   mani\u00e8re exemplaire. Les auteurs mat\u00e9riels comme les commanditaires doivent   \u00eatres s\u00e9v\u00e8rement punis. De l&rsquo;issue de ces deux proc\u00e8s d\u00e9pend, en partie,   l&rsquo;avenir des journalistes, non seulement turcs et russes, mais \u00e9galement de   tous ceux qui m\u00e8nent des enqu\u00eates sensibles dans des pays dangereux.\u00a0\u00bb      Hrant Dink, directeur du magazine turco-arm\u00e9nien Agos, a \u00e9t\u00e9 tu\u00e9 le 19 janvier   2007 dans une rue d&rsquo;Istanbul. Vraisemblablement vis\u00e9 par des militants   ultranationalistes turcs, le proc\u00e8s de ses assassins pr\u00e9sum\u00e9s, qui doit   reprendre le 11 f\u00e9vrier 2008, devra \u00e9tablir toutes les responsabilit\u00e9s dans   cette affaire et faire la lumi\u00e8re sur des complicit\u00e9s \u00e9ventuelles au sein des   forces de l&rsquo;ordre.      Le proc\u00e8s des assassins d&rsquo;Anna Politkovska\u00efa est attendu avec impatience. En   pleine ann\u00e9e \u00e9lectorale &#8211; le scrutin pr\u00e9sidentiel est pr\u00e9vu le 2 mars &#8211; la   Russie doit mettre fin \u00e0 la longue s\u00e9rie d&rsquo;assassinats de journalistes rest\u00e9s   impunis. Dix-huit journalistes ont \u00e9t\u00e9 tu\u00e9s depuis l&rsquo;\u00e9lection de Vladimir   Poutine \u00e0 la pr\u00e9sidence, en mars 2000. Anna Politkovska\u00efa est la derni\u00e8re en   date. Un seul de ces assassinats a \u00e9t\u00e9 \u00e9lucid\u00e9 et ses responsables traduits en   justice.   <font> <strong>Plus de deux journalistes arr\u00eat\u00e9s chaque jour en 2007<\/strong><\/font>      Au 1er janvier 2008, 135 journalistes \u00e9taient emprisonn\u00e9s dans le monde. Ce   chiffre ne varie gu\u00e8re depuis quelques ann\u00e9es. Les journalistes lib\u00e9r\u00e9s sont   aussit\u00f4t remplac\u00e9s par de nouveaux d\u00e9tenus. Au total, 887 journalistes ont \u00e9t\u00e9   priv\u00e9s de leur libert\u00e9 au cours de l&rsquo;ann\u00e9e 2007. C&rsquo;est au Pakistan que   Reporters sans fronti\u00e8res a recens\u00e9 le plus grand nombre de cas   d&rsquo;interpellations de journalistes : 195. Viennent ensuite Cuba, avec 55   arrestations et l&rsquo;Iran, avec 54.      La r\u00e9action de Reporters sans fronti\u00e8res : \u00ab\u00a0Une trentaine de gouvernements   dans le monde continuent de faire jeter en prison les journalistes qui les   d\u00e9rangent. Pour ces dirigeants d&rsquo;un autre temps, l&#8217;emprisonnement reste la   seule r\u00e9ponse aux critiques formul\u00e9es par les hommes et les femmes de presse.   Nous demandons la lib\u00e9ration imm\u00e9diate des 135 journalistes emprisonn\u00e9s dans   le monde.\u00a0\u00bb      \u00ab\u00a0A la menace des emprisonnements, il faut d\u00e9sormais ajouter celle des   kidnappings. Le nombre de prises d&rsquo;otages de journalistes a augment\u00e9 en 2007.   En Irak et en Afghanistan, le kidnapping est devenu une pratique courante et   plusieurs journalistes ont \u00e9t\u00e9 ex\u00e9cut\u00e9s par leurs ravisseurs. Les   gouvernements doivent lutter contre ce ph\u00e9nom\u00e8ne en traduisant en justice les   responsables de ces enl\u00e8vements.\u00a0\u00bb      La Chine (33 journalistes emprisonn\u00e9s) et Cuba (24) sont, depuis quatre ans   maintenant, les deux plus grandes prisons du monde pour les professionnels de   la presse. Les gouvernements de P\u00e9kin et de La Havane lib\u00e8rent les   journalistes au compte-gouttes, \u00e0 la fin de leur peine. Et d&rsquo;autres les   remplacent aussit\u00f4t.      En Azerba\u00efdjan, sept nouveaux journalistes ont \u00e9t\u00e9 arr\u00eat\u00e9s en 2007, portant \u00e0   huit le nombre total de d\u00e9tenus. Cette situation, nouvelle dans le pays,   refl\u00e8te une vraie d\u00e9gradation de la situation de la libert\u00e9 de la presse et un   durcissement des autorit\u00e9s envers les journalistes les plus critiques.      Aux 135 journalistes emprisonn\u00e9s, il faut ajouter 65 cyberdissidents d\u00e9tenus   pour s&rsquo;\u00eatre exprim\u00e9s sur la Toile. La Chine conserve son leadership dans cette   course \u00e0 la r\u00e9pression avec 50 cyberdissidents derri\u00e8re les barreaux. Huit   autres sont en prison au Vi\u00eat-nam. En Egypte, le jeune internaute Kareem Amer   a \u00e9t\u00e9 condamn\u00e9 \u00e0 quatre ans de r\u00e9clusion pour avoir critiqu\u00e9 le chef de l&rsquo;Etat   sur son blog et d\u00e9nonc\u00e9 la mainmise des islamistes sur les universit\u00e9s du pays.      L&#8217;emprisonnement n&rsquo;est pas le seul moyen de priver un journaliste de sa   libert\u00e9. En 2007, au moins 67 professionnels des m\u00e9dias ont \u00e9t\u00e9 kidnapp\u00e9s dans   quinze pays. La zone la plus risqu\u00e9e reste l&rsquo;Irak, o\u00f9 25 journalistes ont \u00e9t\u00e9   enlev\u00e9s depuis le d\u00e9but de l&rsquo;ann\u00e9e 2007. Dix otages ont \u00e9t\u00e9 ex\u00e9cut\u00e9s par leurs   ravisseurs. En Afghanistan, les deux collaborateurs du journaliste italien   Daniele Mastrogiacomo, enlev\u00e9s en mars 2007, ont \u00e9t\u00e9 tu\u00e9s par leurs ravisseurs.   Au Pakistan, cinq journalistes ont \u00e9t\u00e9 kidnapp\u00e9s, dont certains par les forces   de s\u00e9curit\u00e9 elles-m\u00eames, avant d&rsquo;\u00eatre rel\u00e2ch\u00e9s sains et saufs.      Au moins 14 journalistes sont actuellement retenus en otages, tous en Irak.      <font><strong>Plus de 2600 sites et blogs censur\u00e9s<\/strong><\/font>      Des gouvernements comme la Chine, la Birmanie ou la Syrie tentent de faire du   Web un Intranet, un r\u00e9seau limit\u00e9 aux seuls \u00e9changes \u00e0 l&rsquo;int\u00e9rieur du pays,   entre les personnes d\u00fbment autoris\u00e9es. Au moins 2676 sites Internet ont \u00e9t\u00e9   ferm\u00e9s ou suspendus dans le monde en 2007. La majorit\u00e9 de ces sites \u00e9taient   des forums de discussion.      La censure la plus forte a eu lieu avant et pendant le 17e Congr\u00e8s du Parti   communiste chinois. Quelque 2500 sites, blogs et forums ont \u00e9t\u00e9 interdits en   quelques semaines. La Syrie s&rsquo;est \u00e9galement illustr\u00e9e en bloquant plus d&rsquo;une   centaine de sites et de services Internet en fin d&rsquo;ann\u00e9e 2007. Le r\u00e9seau   social Facebook, le service d&rsquo;e-mail Hotmail ainsi que le logiciel de   t\u00e9l\u00e9phonie Skype, sont inaccessibles. Tous trois sont accus\u00e9s par le   gouvernement de Damas d&rsquo;avoir \u00e9t\u00e9 infiltr\u00e9s par les services secrets   isra\u00e9liens.      En octobre 2007, pendant les manifestations des moines birmans, la junte   militaire de Rangoon a tent\u00e9 de tarir le flot d&rsquo;informations qui sortaient du   pays via Internet, en coupant purement et simplement l&rsquo;acc\u00e8s \u00e0 la Toile. Des   sites critiques envers le r\u00e9gime, la censure s&rsquo;est \u00e9tendue \u00e0 tous les moyens   de communication : cam\u00e9ras, appareils photo, t\u00e9l\u00e9phones portables, etc.      La r\u00e9action de Reporters sans fronti\u00e8res : \u00ab\u00a0Dans certains pays, Internet est   d\u00e9sormais autant censur\u00e9 que la presse traditionnelle. La Chine est le plus   grand censeur du Web sur la plan\u00e8te. La cyberpolice fait preuve d&rsquo;un z\u00e8le   inqui\u00e9tant avant chaque \u00e9v\u00e9nement politique d&rsquo;ampleur. En 2007, c&rsquo;est au cours   des mois qui ont pr\u00e9c\u00e9d\u00e9 l&rsquo;ouverture du Congr\u00e8s du Parti communiste chinois   que les censeurs ont \u00e9t\u00e9 les plus actifs. Environ 2500 sites et blogs, dont un   grand nombre \u00e9taient de nature politique, ont \u00e9t\u00e9 rendus inaccessibles.\u00a0\u00bb      \u00a9 News Press 2008<\/div>\n<p align=\"center\" dir=\"ltr\">\u00a0<\/p>\n<hr\/>\n<p align=\"center\">\u00a0<\/p>\n<p align=\"center\"><b><a href=\"http:\/\/www.tunisnews.net\"><span>Home<\/span><span lang=\"FR-CH\"> &#8211; Accueil <\/span><span>&#8211; <\/span><span dir=\"rtl\" lang=\"AR-SA\">\u0627\u0644\u0631\u0626\u064a\u0633\u064a\u0629<\/span><\/a><\/b><\/p>\n<p align=\"center\"><b><span dir=\"rtl\" lang=\"AR-SA\">\u00a0<\/span><\/b><\/p>\n<p><\/font><\/font><\/body><\/body><\/html><\/p>\n","protected":false},"excerpt":{"rendered":"<p>Home &#8211; Accueil &#8211; TUNISNEWS 8\u00a0\u00e8me\u00a0ann\u00e9e, N\u00b0 \u00a02780 du 03.01.2008 \u00a0archives : www.tunisnews.net Libert\u00e9 et Equit\u00e9: A la prison de Sfax, Slim Boukhdir en butte \u00e0 des brimades en s\u00e9rie AISPP: Infos en continu 1 &#8211; 2 C.R.L.D.H.Tunisie: L\u2019Affaire du 04 janvier 2008\u00a0: Non \u00e0 la violation du principe de l\u2019autorit\u00e9 de la chose jug\u00e9e\u00a0 [&hellip;]<\/p>\n","protected":false},"author":1,"featured_media":22040,"comment_status":"open","ping_status":"open","sticky":false,"template":"","format":"standard","meta":{"inline_featured_image":false,"site-sidebar-layout":"default","site-content-layout":"","ast-site-content-layout":"default","site-content-style":"default","site-sidebar-style":"default","ast-global-header-display":"","ast-banner-title-visibility":"","ast-main-header-display":"","ast-hfb-above-header-display":"","ast-hfb-below-header-display":"","ast-hfb-mobile-header-display":"","site-post-title":"","ast-breadcrumbs-content":"","ast-featured-img":"","footer-sml-layout":"","ast-disable-related-posts":"","theme-transparent-header-meta":"","adv-header-id-meta":"","stick-header-meta":"","header-above-stick-meta":"","header-main-stick-meta":"","header-below-stick-meta":"","astra-migrate-meta-layouts":"default","ast-page-background-enabled":"default","ast-page-background-meta":{"desktop":{"background-color":"","background-image":"","background-repeat":"repeat","background-position":"center center","background-size":"auto","background-attachment":"scroll","background-type":"","background-media":"","overlay-type":"","overlay-color":"","overlay-opacity":"","overlay-gradient":""},"tablet":{"background-color":"","background-image":"","background-repeat":"repeat","background-position":"center center","background-size":"auto","background-attachment":"scroll","background-type":"","background-media":"","overlay-type":"","overlay-color":"","overlay-opacity":"","overlay-gradient":""},"mobile":{"background-color":"","background-image":"","background-repeat":"repeat","background-position":"center center","background-size":"auto","background-attachment":"scroll","background-type":"","background-media":"","overlay-type":"","overlay-color":"","overlay-opacity":"","overlay-gradient":""}},"ast-content-background-meta":{"desktop":{"background-color":"var(--ast-global-color-5)","background-image":"","background-repeat":"repeat","background-position":"center center","background-size":"auto","background-attachment":"scroll","background-type":"","background-media":"","overlay-type":"","overlay-color":"","overlay-opacity":"","overlay-gradient":""},"tablet":{"background-color":"var(--ast-global-color-5)","background-image":"","background-repeat":"repeat","background-position":"center center","background-size":"auto","background-attachment":"scroll","background-type":"","background-media":"","overlay-type":"","overlay-color":"","overlay-opacity":"","overlay-gradient":""},"mobile":{"background-color":"var(--ast-global-color-5)","background-image":"","background-repeat":"repeat","background-position":"center center","background-size":"auto","background-attachment":"scroll","background-type":"","background-media":"","overlay-type":"","overlay-color":"","overlay-opacity":"","overlay-gradient":""}},"footnotes":""},"categories":[],"tags":[53,39,29],"class_list":["post-18873","post","type-post","status-publish","format-standard","has-post-thumbnail","hentry","tag-53","tag-39","tag-fr"],"_links":{"self":[{"href":"https:\/\/tunisnews.net\/ar\/wp-json\/wp\/v2\/posts\/18873","targetHints":{"allow":["GET"]}}],"collection":[{"href":"https:\/\/tunisnews.net\/ar\/wp-json\/wp\/v2\/posts"}],"about":[{"href":"https:\/\/tunisnews.net\/ar\/wp-json\/wp\/v2\/types\/post"}],"author":[{"embeddable":true,"href":"https:\/\/tunisnews.net\/ar\/wp-json\/wp\/v2\/users\/1"}],"replies":[{"embeddable":true,"href":"https:\/\/tunisnews.net\/ar\/wp-json\/wp\/v2\/comments?post=18873"}],"version-history":[{"count":0,"href":"https:\/\/tunisnews.net\/ar\/wp-json\/wp\/v2\/posts\/18873\/revisions"}],"wp:featuredmedia":[{"embeddable":true,"href":"https:\/\/tunisnews.net\/ar\/wp-json\/wp\/v2\/media\/22040"}],"wp:attachment":[{"href":"https:\/\/tunisnews.net\/ar\/wp-json\/wp\/v2\/media?parent=18873"}],"wp:term":[{"taxonomy":"category","embeddable":true,"href":"https:\/\/tunisnews.net\/ar\/wp-json\/wp\/v2\/categories?post=18873"},{"taxonomy":"post_tag","embeddable":true,"href":"https:\/\/tunisnews.net\/ar\/wp-json\/wp\/v2\/tags?post=18873"}],"curies":[{"name":"wp","href":"https:\/\/api.w.org\/{rel}","templated":true}]}}