{"id":18841,"date":"2009-10-01T00:00:00","date_gmt":"2009-10-01T00:00:00","guid":{"rendered":"https:\/\/tunisnews.net\/1-octobre-2009\/"},"modified":"2009-10-01T00:00:00","modified_gmt":"2009-10-01T00:00:00","slug":"1-octobre-2009","status":"publish","type":"post","link":"https:\/\/tunisnews.net\/ar\/1-octobre-2009\/","title":{"rendered":"1 octobre 2009"},"content":{"rendered":"<p><html><head><meta content=\"text\/html\" description=\"Dans une atmosph\u00e8re de fin de r\u00e8gne, la Tunisie du g\u00e9n\u00e9ral \n\t\t\t\tpr\u00e9sident Zine el-Abidine Ben Ali a vu son \u00e9pouse, Leila \n\t\t\t\tTrabelsi, jouer depuis plusieurs ann\u00e9es un r\u00f4le d\u00e9terminant dans \n\t\t\t\tla gestion du pays. \" http-equiv=\"Content-Type\"\/><\/head><body><body><\/p>\n<p align=\"center\" dir=\"ltr\"><font face=\"Arial\" size=\"2\"><b><a href=\"http:\/\/www.tunisnews.net\/\"><span>Home<\/span><span lang=\"FR-CH\"> &#8211; Accuei<\/span><\/a><span lang=\"FR-CH\">l<\/span><\/b><\/font><\/p>\n<div>\n<div>\u00a0<meta content=\"Microsoft SafeHTML\"\/><\/p>\n<style>.ExternalClass .ecxhmmessage P{padding:0px;}.ExternalClass body.ecxhmmessage{font-size:10pt;font-family:Verdana;}<\/style>\n<div><font face=\"Arial\" size=\"2\"><\/p>\n<div>\n<div align=\"center\"><font face=\"Arial\" size=\"7\"><strong>TUNISNEWS <\/strong><\/font><\/div>\n<div align=\"center\" dir=\"ltr\"><font><\/p>\n<div><strong><font face=\"Arial\">9\u00a0\u00e8me ann\u00e9e, <span lang=\"FR\">N\u00b0\u00a03418 du 01.10.2009<\/span><\/font><\/strong><\/div>\n<p><\/font><\/div>\n<div align=\"center\"><span><font><strong><font face=\"Arial\"><font>\u00a0archives<\/font> : <\/font><\/strong><\/font><a target=\"_blank\" rel=\"noopener\"><font face=\"Arial\"><strong>www.tunisnews.net<\/strong><\/font><\/a><\/span><font face=\"Arial\"><font>\u00a0<\/font>\u00a0<\/font><\/div>\n<p><font face=\"Arial\"><\/p>\n<div><font><\/p>\n<hr\/>\n<p><\/font><\/div>\n<p><\/font><\/p>\n<div><font size=\"3\"><span lang=\"FR-CH\"><strong><font><\/p>\n<h2 style=\"color: red;\"><font>La D\u00e9couverte: pr\u00e9sentation du livre \u00ab\u00a0La r\u00e9gente de Carthage &#8211; Main basse sur la Tunisie\u00a0\u00bb<\/font><\/h2>\n<p> Tunisia Watch: Recours en Justice pour emp\u00eacher la parution du livre \u00ab La R\u00e9gente de Carthage \u00bb<\/font> AFP: France: la justice refuse d&rsquo;interdire un livre sur l&rsquo;\u00e9pouse de Ben Ali <font>Bakchich.info: La r\u00e9gente de Carthage, main basse sur la Tunisie <\/font>AP: Peines de prison ferme contre plusieurs pr\u00e9venus dans le trafic de yachts vol\u00e9s entre la France et la Tunisie <font>AFP: Trafic de yachts: cinq Fran\u00e7ais condamn\u00e9s \u00e0 de la prison ferme<\/font> Le Monde:\u00a0 Le gang des voleurs de yachts condamn\u00e9, sauf les neveux du pr\u00e9sident tunisien <font>SNJT: Curieux oubli!  <\/font>Le monde:Khema\u00efs Chammari: En Tunisie, \u00ab\u00a0le pouvoir m\u00e8ne une politique d\u00e9magogique dangereuse\u00a0\u00bb <font>Taoufik Ben Brik: \u00ab\u00a0Le top 40 de Ben Ali Baba\u00a0\u00bb<\/font> Omar Khayyam: Afrika Korps &#8211; Eins, zwei Polizei ! <font>Webmanagercenter: Publicit\u00e9 en Tunisie : Ne pas \u00eatre vu, mais \u00eatre pr\u00e9sent\u00bb<\/font> Babnet.net: Ces tunisiens qui rencontrent le Christ ! <font>R\u00e9alit\u00e9s: Raouf Ben Yaghlane parle de sa nouvelle pi\u00e8ce sur l\u2019\u00e9migration clandestine &#8211; J\u2019accuse cette soci\u00e9t\u00e9 d\u2019avoir marginalis\u00e9 les faibles et privil\u00e9gie les plus forts<\/font> Sadri Khiari: Le CV anonyme et la burka <font>AFP: Les signaux GPS ont d\u00e9sormais une pr\u00e9cision de \u00ab\u00a0un \u00e0 deux m\u00e8tres\u00a0\u00bb en Europe <\/font>AFP: Grippe H1N1: vigilance dans les pays arabes avant le p\u00e8lerinage \u00e0 La Mecque<\/strong><\/span><\/font><\/div>\n<div>\n<hr\/>\n<\/div>\n<\/div>\n<div><span lang=\"FR\">\u00a0 <\/p>\n<p align=\"center\"><b><span lang=\"FR-CH\"><font size=\"3\">La r\u00e9gente de Carthage Main basse sur la Tunisie<\/font><\/span><\/b><\/p>\n<p><span lang=\"FR-CH\">Nicolas BEAU, Catherine GRACIET<\/span><\/p>\n<p><span lang=\"FR-CH\">Le livre est sorti aujourd&rsquo;hui malgr\u00e9 les efforts d\u00e9sesp\u00e9r\u00e9s engag\u00e9s par Leila Trabelsi et ses agents. <\/span><\/p>\n<p><span lang=\"FR-CH\">Voici la pr\u00e9sentation du livre sur le site de l&rsquo;\u00e9diteur La D\u00e9couverte.<\/span><\/p>\n<p><span lang=\"FR-CH\"><a href=\"http:\/\/www.editionsladecouverte.fr\/catalogue\/index-La_regente_de_Carthage-9782707152626.html\" target=\"_blank\" rel=\"noopener\"><font>http:\/\/www.editionsladecouverte.fr\/catalogue\/index-La_regente_de_Carthage-9782707152626.html<\/font><\/a><\/span><\/p>\n<p align=\"center\"><span lang=\"FR-CH\"><strong><\/p>\n<h2 style=\"color: red;\"><font>La r\u00e9gente de Carthage<\/font><\/h2>\n<p><\/strong><\/span><\/p>\n<p align=\"center\"><span lang=\"FR-CH\"><\/p>\n<h2 style=\"color: red;\"><font><strong>Main basse sur la Tunisie<\/strong><\/font><\/h2>\n<p><\/span><\/p>\n<p align=\"center\"><strong>Nicolas BEAU, Catherine GRACIET<\/strong><\/p>\n<p><\/span><\/p>\n<p><span lang=\"FR-CH\">Dans une atmosph\u00e8re de fin de r\u00e8gne, la Tunisie du g\u00e9n\u00e9ral pr\u00e9sident Zine el-Abidine Ben Ali a vu son \u00e9pouse, Leila Trabelsi, jouer depuis plusieurs ann\u00e9es un r\u00f4le d\u00e9terminant dans la gestion du pays. <\/span><\/p>\n<p><span lang=\"FR-CH\">Main basse sur la Tunisie : telle semble \u00eatre l\u2019obsession du clan familial de la \u00ab pr\u00e9sidente \u00bb, comme le relatent en d\u00e9tail les auteurs de ce livre, inform\u00e9s aux meilleures sources et peu avare en r\u00e9v\u00e9lations. Du yacht vol\u00e9 \u00e0 un grand banquier fran\u00e7ais par le neveu de Leila \u00e0 la tentative de mainmise sur les secteurs cl\u00e9s de l\u2019\u00e9conomie, les affaires de la famille Trabelsi se multiplient sur fond de corruption, de pillage et de m\u00e9diocrit\u00e9 intellectuelle.<\/span><\/p>\n<p><span lang=\"FR-CH\">Mais la surprise dans cette triste vie du s\u00e9rail tunisien vient de la forte personnalit\u00e9 de Leila, bien plus proche d\u2019une Catherine de M\u00e9dicis que d\u2019une courtisane de boudoir. Son app\u00e2t du gain et son habilet\u00e9 \u00e0 placer les siens en font la digne h\u00e9riti\u00e8re de Wassila Bourguiba, qui gouverna la Tunisie dans l\u2019ombre d\u2019un pr\u00e9sident vieillissant et malade. Connue pour la place faite aux femmes dans la vie publique, la Tunisie est le seul pays arabe o\u00f9 l\u2019\u00e9pouse du chef de l\u2019\u00c9tat puisse pr\u00e9tendre \u00e0 un tel r\u00f4le. <\/span><\/p>\n<p><span lang=\"FR-CH\">Apr\u00e8s l\u2019influence, le pouvoir ? Alors que se pr\u00e9parait une nouvelle \u00e9lection pr\u00e9sidentielle truqu\u00e9e de Ben Ali, Leila tentait de se poser en r\u00e9gente, avec l\u2019aide des siens et le silence complice de la France.<\/span><\/p>\n<p><span lang=\"FR-CH\">Nicolas Beau et Catherine Graciet plongent ici dans les arcanes, les alliances et les trahisons d\u2019un pouvoir familial mesquin et perverti, qui tient lieu d\u2019\u00c9tat dans une soci\u00e9t\u00e9 \u00e0 la d\u00e9rive. Et o\u00f9 tous les signaux ? politiques, \u00e9conomiques et sociaux ? passent progressivement au rouge, tandis que le pr\u00e9sident et son entourage se pr\u00e9occupent surtout de s\u2019enrichir et de r\u00e9primer toute contestation.<\/span><\/p>\n<\/div>\n<p><span lang=\"FR\"><\/p>\n<div>\n<hr\/>\n<\/div>\n<div>\u00a0 <\/p>\n<p align=\"center\"><b><span lang=\"FR-CH\"><font size=\"3\">Recours en Justice pour emp\u00eacher la parution du livre \u00ab La R\u00e9gente de Carthage \u00bb<\/font><\/span><\/b><\/p>\n<p><span lang=\"FR-CH\">Selon des sources inform\u00e9es \u00e0 Paris un recours en r\u00e9f\u00e9r\u00e9 aurait \u00e9t\u00e9 intent\u00e9 par la premi\u00e8re dame de Tunisie Leila Ben Ali pour emp\u00eacher la parution demain du livre explosif de Nicolas Beau et Catherine Graciet \u00ab La R\u00e9gente de Carthage \u00bb. Le recours a \u00e9t\u00e9 pr\u00e9sent\u00e9 par deux avocates tunisiennes portant la nationalit\u00e9 fran\u00e7aise<\/span><\/p>\n<p><span lang=\"FR-CH\">D\u2019apr\u00e8s le journal l\u2019express le livre de Nicolas Beau et Catherine Graciet pr\u00e9sente les r\u00e9sultats d\u2019une enqu\u00eate sur \u00ab le r\u00f4le que jouent en Tunisie Le\u00efla Trabelsi, l\u2019\u00e9pouse du pr\u00e9sident Zine el-Abidine Ben Ali, et sa famille. Un \u00ab clan \u00bb accus\u00e9 de contr\u00f4ler, sur fond de corruption, des secteurs clefs de l\u2019\u00e9conomie. \u00bb<\/span><\/p>\n<p><span lang=\"FR-CH\">Certains milieux proches du pouvoir se seraient mobilis\u00e9s pour manifester contre cette publication demain devant la maison d\u2019\u00e9dition \u00ab La D\u00e9couverte \u00bb\u00a0 \u00e9ditrice du livre \u00e0 Paris<\/span><\/p>\n<p><b><span lang=\"FR-CH\">(Source\u00a0: \u00ab\u00a0TUNISIA Watch\u00a0\u00bb, blog censur\u00e9 en Tunisie, le 30 septembre 2009)<\/span><\/b><\/p>\n<p><strong>Lien\u00a0: <\/strong><a href=\"http:\/\/www.tunisiawatch.com\/?p=757\" target=\"_blank\" rel=\"noopener\"><font><strong>http:\/\/www.tunisiawatch.com\/?p=757<\/strong><\/font><\/a><\/p>\n<p><strong><\/strong><\/p>\n<hr\/>\n<p> \u00a0<\/p>\n<div align=\"center\"><strong><\/p>\n<h2 style=\"color: red;\"><font size=\"3\">France: la justice refuse d&rsquo;interdire un livre sur l&rsquo;\u00e9pouse de Ben Ali<\/font><\/h2>\n<p><\/strong><\/div>\n<p><font><span lang=\"FR-CH\">AFP: <\/span>01\/10\/2009  La justice fran\u00e7aise a d\u00e9bout\u00e9 l&rsquo;\u00e9pouse du pr\u00e9sident tunisien, Leila Trabelsi, qui demandait l&rsquo;interdiction d&rsquo;un livre \u00e0 para\u00eetre comportant, selon elle, des passages diffamatoires \u00e0 son encontre, selon l&rsquo;ordonnance dont l&rsquo;AFP a obtenu jeudi une copie.  Dans \u00ab\u00a0La r\u00e9gente de Carthage\u00a0\u00bb, les journalistes Nicolas Beau et Catherine Graciet \u00e9voquent le \u00ab\u00a0r\u00f4le d\u00e9terminant\u00a0\u00bb de l&rsquo;\u00e9pouse du pr\u00e9sident Zine El Abidine Ben Ali dans la gestion de la Tunisie et d\u00e9noncent \u00ab\u00a0le silence complice de la France\u00a0\u00bb.  \u3000\u3000\u3000Leila Trabelsi, \u00e9pouse Ben Ali, demandait l&rsquo;interdiction de la publication et de la diffusion de l&rsquo;ouvrage ainsi que le retrait des exemplaires d\u00e9j\u00e0 en circulation, consid\u00e9rant qu&rsquo;il comportait \u00ab\u00a0des passages diffamatoires et d&rsquo;autres injurieux\u00a0\u00bb.  \u3000\u3000\u3000Saisi en r\u00e9f\u00e9r\u00e9, le tribunal de grande instance de Paris a rejet\u00e9 mercredi la requ\u00eate de Mme Trabelsi, consid\u00e9rant notamment que celle-ci \u00ab\u00a0n&rsquo;a pas respect\u00e9 dans son assignation l&rsquo;obligation qui p\u00e8se sur elle d&rsquo;indiquer les textes de loi applicables \u00e0 la poursuite\u00a0\u00bb.  \u3000\u3000\u3000Ce d\u00e9faut \u00ab\u00a0met les d\u00e9fenseurs dans l&rsquo;incapacit\u00e9 de savoir exactement ce qui leur est reproch\u00e9 et d&rsquo;organiser leur d\u00e9fense\u00a0\u00bb, pr\u00e9cise le tribunal dans son ordonnance.  \u3000\u3000\u3000L&rsquo;ouvrage, publi\u00e9 aux \u00e9ditions La D\u00e9couverte et tir\u00e9 \u00e0 18.000 exemplaires, a \u00e9t\u00e9 mis en vente jeudi. <\/font><\/p>\n<\/div>\n<div>\n<hr\/>\n<\/div>\n<div align=\"center\"><strong><\/p>\n<p><font size=\"3\">Peines de prison ferme contre plusieurs pr\u00e9venus dans le trafic de yachts vol\u00e9s entre la France et la Tunisie<\/font><\/p>\n<p><\/strong><\/div>\n<div align=\"justify\"> Associated Press, le 30 septembre 2009 \u00e0 23:54 AJACCIO (AP) &#8212; Le tribunal correctionnel d&rsquo;Ajaccio a condamn\u00e9 mercredi soir \u00e0 des peines de prison ferme cinq des pr\u00e9venus qui comparaissaient dans l&rsquo;affaire du trafic de yachts vol\u00e9s en France et dont l&rsquo;un a \u00e9t\u00e9 retrouv\u00e9 en Tunisie.  Au terme d&rsquo;une journ\u00e9e d&rsquo;audience marqu\u00e9e par l&rsquo;absence des deux commanditaires pr\u00e9sum\u00e9s, neveux par alliance du pr\u00e9sident tunisien Zine El Abidine Ben Ali, qui devraient \u00eatre jug\u00e9s dans leur propre pays, Omar Khelil, d\u00e9j\u00e0 d\u00e9tenu en France depuis 15 mois, a \u00e9t\u00e9 condamn\u00e9 \u00e0 deux ans de prison ferme alors qu&rsquo;une peine de quatre ans ferme avait \u00e9t\u00e9 r\u00e9clam\u00e9e par le parquet. Omar Khelil est pr\u00e9sent\u00e9 comme un interm\u00e9diaire dans le vol de trois luxueux yachts, commis en 2005 et 2006 \u00e0 Cannes, au Lavandou (Var) et \u00e0 Bonifacio (Corse-du-Sud). Une peine de 24 mois de prison dont la moiti\u00e9 avec sursis a \u00e9t\u00e9 prononc\u00e9e contre Azzedine Kelaiaia, Xavier Rico et C\u00e9dric Sermand. Un autre pr\u00e9venu, Olivier Buffe a \u00e9t\u00e9 condamn\u00e9 \u00e0 un an de prison ferme. Les trois derniers pr\u00e9venus qui comparaissaient mercredi ont \u00e9cop\u00e9 de peines avec sursis: un an pour Sauveur Almenza, six mois pour Christophe De Almeida et Farid Chiha. L&rsquo;un des yachts vol\u00e9s, le Beruma, propri\u00e9t\u00e9 de l&rsquo;ancien pr\u00e9sident de la Banque Lazard, Bruno Roger, ami personnel de Jacques Chirac et Nicolas Sarkozy, avait \u00e9t\u00e9 retrouv\u00e9 par un enqu\u00eateur priv\u00e9, maquill\u00e9 et cach\u00e9 dans le port de Sidi Bou Sa\u00efd pr\u00e8s de Tunis. Les deux neveux du pr\u00e9sident Ben Ali, Imed et Moez Trabelsi, ont \u00e9t\u00e9 mis en examen par un juge d&rsquo;instruction fran\u00e7ais, mais en vertu d&rsquo;un accord bilat\u00e9ral de coop\u00e9ration judiciaire entre la France et la Tunisie datant de 1972, ils devraient \u00eatre jug\u00e9s en Tunisie, ce qui a soulev\u00e9 les protestation de plusieurs avocats de la d\u00e9fense des autres pr\u00e9venus, dont Me Antoine Sollacaro, du barreau d&rsquo;Ajaccio, qui a d\u00e9nonc\u00e9 \u00ab\u00a0des pressions de la Tunisie sur la France\u00a0\u00bb. AP <\/p>\n<hr\/>\n<\/div>\n<div align=\"justify\">\n<p align=\"center\"><strong><\/p>\n<h2 style=\"color: red;\"><font size=\"3\">La r\u00e9gente de Carthage, main basse sur la Tunisie<\/font><\/h2>\n<p><\/strong><\/p>\n<p><font size=\"2\"><b>Bonnes feuilles \/ jeudi 1er octobre par La princesse enchant\u00e9e <\/b><\/font><font size=\"2\">\u3000 <\/font><font size=\"2\"><b>Voil\u00e0 un livre qui ne manquera pas de faire couiner le r\u00e9gime du pr\u00e9sident tunisien Ben Ali et son \u00e9pouse, Leila Trabelsi\u3000: \u00ab\u3000La r\u00e9gente de Carthage, main basse sur la Tunisie\u3000\u00bb. Bonnes feuilles en exclu. Deux vibrionnants journalistes de Bakchich<\/b>, en l\u2019occurrence Nicolas Beau, directeur de la r\u00e9daction, et Catherine Graciet, journaliste, publient le 1er octobre aux \u00e9ditions La D\u00e9couverte un livre-enqu\u00eate sur le r\u00e9gime tunisien qui n\u2019en finit pas de tra\u00eener la patte \u00e0 l\u2019instar de son leader, le g\u00e9n\u00e9ral-pr\u00e9sident Ben Ali. <b>Titre de l\u2019ouvrage\u3000: \u00ab\u3000La r\u00e9gente de Carthage. Main basse sur la Tunisie\u3000\u00bb.<\/b> Sa parution \u00e9nerve au plus haut point le r\u00e9gime de Ben Ali. La premi\u00e8re dame, Leila Trabelsi, a en personne introduit un r\u00e9f\u00e9r\u00e9 devant la 17\u00e8 chambre correctionnelle du Tribunal de Paris pour tenter de faire interdire le livre. Elle a \u00e9t\u00e9 d\u00e9bout\u00e9e. Les sbires de Ben Ali organisent \u00e9galement le 1er octobre une manifestation de Tunisiens en col\u00e8re devant les locaux parisiens de La D\u00e9couverte. Nicolas Beau et Catherine Graciet se sont notamment pench\u00e9s sur l\u2019itin\u00e9raire et le r\u00f4le de la premi\u00e8re dame tunisienne, <b>Leila Trabelsi<\/b>. Honnie du bon peuple mais plus proche d\u2019une Catherine de M\u00e9dicis que d\u2019une courtisane de boudoir, elle n\u2019a eu de cesse, depuis qu\u2019elle a \u00e9pous\u00e9 son amant en 1992, d\u2019enrichir et de favoriser les siens. Son app\u00e2t du gain et son habilet\u00e9 \u00e0 les placer en font la digne h\u00e9riti\u00e8re de <b>Wassila Bourguiba<\/b> qui gouverna la Tunisie dans l\u2019ombre d\u2019un pr\u00e9sident vieillissant et malade. Alors que se pr\u00e9pare en coulisses une nouvelle \u00e9lection pr\u00e9sidentielle truqu\u00e9e et programm\u00e9e pour le 25 octobre, Leila Trabelsi tente de se poser en r\u00e9gente avec l\u2019aide des siens et le silence complice de la France. <b>Vols de yachts de luxe <\/b>Dernier exemple en date, la justice fran\u00e7aise s\u2019est arrang\u00e9e pour que soient jug\u00e9s en Tunisie les deux commanditaires pr\u00e9sum\u00e9s de vols de yachts de luxe en France, dont celui de Bruno Roger, le patron de la banque Lazard fr\u00e8res. Imed et Moez Trabelsi ont la particularit\u00e9 d\u2019\u00eatre les neveux du pr\u00e9sident Ben Ali et les deux grands absents du proc\u00e8s qui s\u2019est ouvert le 30 septembre \u00e0 Ajaccio, en Corse. Bien \u00e0 l\u2019abri en Tunisie o\u00f9 la justice est aux ordres, Imed, qui jouit d\u2019une r\u00e9putation de voyou patent\u00e9, s\u2019est m\u00eame offert le luxe de clamer son innocence dans une d\u00e9claration diffus\u00e9e le 27 septembre dernier dans l\u2019\u00e9mission \u00ab\u3000Sept \u00e0 huit\u3000\u00bb de TF1. Pourtant, l\u2019enqu\u00eate effectu\u00e9e par la gendarmerie fran\u00e7aise montre qu\u2019il a \u00e9t\u00e9 \u00ab\u00a0balanc\u00e9\u00a0\u00bb par la majorit\u00e9 de ses complices pr\u00e9sum\u00e9s. <b>Bonnes feuilles\u3000: Imed Trabelsi, le matelot <\/b><i>\u00ab\u3000J\u2019en ai des Ferrari, des limousines, mais m\u00eame ma femme ne me fait pas bander comme le bateau. C\u2019est un diamant brut.\u3000\u00bb<\/i> En cette matin\u00e9e du 9 mai 2006, Imed Trabelsi est heureux. Alors \u00e2g\u00e9 de trente-deux ans, la bouille rondouillarde et le verbe peu distingu\u00e9, cela fait maintenant une heure qu\u2019il s\u2019amuse comme un enfant aux commandes d\u2019un yacht de luxe dans le petit port pittoresque de Sidi Bou Sa\u00efd, \u00e0 vingt kilom\u00e8tres au nord-est de Tunis. Le navire en question est un magnifique V58 blanc \u00e0 la coque bleue de la marque Princess. Sa valeur\u3000? Un million et demi d\u2019euros. Le Beru Ma \u2013 c\u2019est le nom de ce bijou \u2013 a \u00e9t\u00e9 vol\u00e9 quatre jours plus t\u00f4t, \u00e0 l\u2019aube du 5 mai, dans le port de Bonifacio, en Corse. Il appartient \u00e0 Bruno Roger, le patron de la prestigieuse banque d\u2019affaires Lazard fr\u00e8res \u2013 lequel r\u00e9ussit l\u2019exploit d\u2019\u00eatre \u00e0 la fois un intime de Jacques Chirac, pr\u00e9sident de la R\u00e9publique au moment des faits, et un proche du ministre de l\u2019Int\u00e9rieur Nicolas Sarkozy, qui convoite l\u2019\u00c9lys\u00e9e. Inutile de pr\u00e9ciser que Bruno Roger entend r\u00e9cup\u00e9rer son yacht. Et vite. Les forces de l\u2019ordre, tout comme la justice, se mettent d\u2019ailleurs au travail sans tarder. Le mot est pass\u00e9\u3000: <i>\u00ab\u3000Il s\u2019agit du bateau du banquier de Chirac\u3000!\u3000\u00bb <\/i>Un certain Jean-Baptiste Andr\u00e9ani se met \u00e9galement en chasse. Ancien fonctionnaire de police, cet homme officie comme enqu\u00eateur priv\u00e9 pour la soci\u00e9t\u00e9 Generali, l\u2019assureur du Beru Ma. Disposant de bons contacts en Tunisie, notamment dans les services secrets, c\u2019est lui qui retrouvera le premier la trace du yacht \u00e0 Sidi Bou Sa\u00efd o\u00f9 il mouillait paisiblement, entre deux bateaux de la Garde nationale. Signe que l\u2019affaire est prise au s\u00e9rieux en haut lieu \u00e0 Paris, Jean-Baptiste Andr\u00e9ani mentionnera, lors de son audition comme t\u00e9moin par les gendarmes, avoir <i>\u00ab\u3000\u00e9t\u00e9 contact\u00e9 directement \u00e0 deux ou trois reprises par M.\u3000Gu\u00e9ant, directeur de cabinet de M.\u3000Sarkozy\u3000\u00bb<\/i>. (1) Le Beru Ma a \u00e9t\u00e9 convoy\u00e9 vers la Tunisie par deux Fran\u00e7ais \u2013 C\u00e9dric Sermand et Olivier Buffe \u2013 associ\u00e9s dans une soci\u00e9t\u00e9, Nautis Mer. Sp\u00e9cialis\u00e9e dans les r\u00e9parations et les ventes de bateaux, elle est en liquidation judiciaire en ce mois de mai 2006. <b>Imed, l\u2019enfant terrible des Trabelsi  <\/b>(\u2026) Si, trois ans apr\u00e8s les faits, ces deux yachts n\u2019ont jamais \u00e9t\u00e9 retrouv\u00e9s, le Beru Ma a connu un sort plus heureux. Ce n\u2019est pas pour rien que son propri\u00e9taire a le bras long. Son bateau lui a non seulement \u00e9t\u00e9 restitu\u00e9 quelques semaines apr\u00e8s avoir \u00e9t\u00e9 d\u00e9rob\u00e9, mais, cerise sur le g\u00e2teau, l\u2019enqu\u00eate a permis de retracer au jour pr\u00e8s son itin\u00e9raire entre la Corse et la Tunisie. C\u2019est en effet le 9 mai \u00e0 l\u2019aube que le Beru Ma accoste \u00e0 Sidi Bou Sa\u00efd, sa destination finale. Selon C\u00e9dric Sermand <i>(le convoyeur pr\u00e9sum\u00e9)<\/i>, Imed Trabelsi attend de pied ferme la livraison de \u00ab\u3000son\u3000\u00bb bateau sur le quai\u2026 Puis tout ce beau monde se rend ensuite dans un caf\u00e9 voisin pour f\u00eater l\u2019\u00e9v\u00e9nement. <i>\u00ab\u3000Lorsque nous \u00e9tions \u00e0 table, Imed nous a demand\u00e9 nos passeports, puis il a dit \u00e0 un de ses sbires de nous emmener \u00e0 l\u2019h\u00f4tel en disant\u3000: \u00ab\u00a0Tu leur prends deux suites, c\u2019est tout pour moi\u00a0\u00bb\u3000\u00bb<\/i>, d\u00e9clarera Sermand aux enqu\u00eateurs. Il racontera \u00e9galement qu\u2019Imed n\u2019h\u00e9sitera pas non plus \u00e0 mettre la main \u00e0 la poche et \u00e0 se pr\u00e9valoir de son rang pour obtenir en un claquement de doigts de nouveaux papiers pour le yacht. <i>\u00ab\u3000Le douanier a dit \u00e0 Imed Trabelsi que ce n\u2019\u00e9tait pas possible de faire les papiers\u3000\u00bb<\/i>, raconte Sermand . <i>\u00ab\u3000Comment cela, ce n\u2019est pas possible\u3000? Tu sais \u00e0 qui tu parles\u3000?\u3000\u00bb<\/i>, aurait r\u00e9torqu\u00e9 le jeune Trabelsi avant de faire pression sur le douanier qui, au final, se serait ex\u00e9cut\u00e9 moyennant le paiement de la taxe de luxe et d\u2019un dessous-de-table. Quelques jours plus t\u00f4t, Imed n\u2019avait pas h\u00e9sit\u00e9 non plus \u00e0 rouler des m\u00e9caniques avec C\u00e9dric Sermand, voire \u00e0 franchement le menacer. Le Fran\u00e7ais en a m\u00eame \u00e9t\u00e9 quitte pour une jolie frayeur. Alors qu\u2019il avait re\u00e7u en amont un acompte pour d\u00e9rober le Beru Ma, il avait tent\u00e9 de se d\u00e9sister avant de se faire rappeler \u00e0 l\u2019ordre par qui de droit\u3000:<i> \u00ab\u3000J\u2019ai eu un appel de la Tunisie. [\u2026] Je pense qu\u2019il s\u2019agissait du commanditaire du bateau, Imed Trabelsi, et j\u2019ai \u00e9t\u00e9 confort\u00e9 dans cette id\u00e9e plus tard lorsque je l\u2019ai rencontr\u00e9 en Tunisie. Il m\u2019a dit\u3000: \u00ab\u00a0Tu sais qui je suis, faut pas jouer au chat et \u00e0 la souris avec moi\u00a0\u00bb.\u3000\u00bb <\/i><b>Une r\u00e9putation de grossier personnage <\/b>Le neveu de Leila Ben Ali tra\u00eene depuis de longues ann\u00e9es d\u00e9j\u00e0 une solide r\u00e9putation d\u2019homme d\u2019affaires sans scrupule et de grossier personnage. C\u2019est par exemple le plus naturellement du monde qu\u2019au printemps 2009, il inscrivait sur sa page Facebook\u3000: <i>\u00ab\u3000Baisse la culotte, c\u2019est moi qui pilote\u3000!\u3000\u00bb<\/i> Ou encore, qu\u2019en 2004, il aboyait \u00e0 un journaliste tunisien\u3000: <i>\u00ab\u3000J\u2019ai toutes les femmes et les filles de Tunisie sous ma botte\u3000!\u3000\u00bb \u00ab\u3000Du Imed tout crach\u00e9, mais ce n\u2019est pas un mauvais bougre. Certes, il est rustre, mais il essaie de s\u2019instruire\u3000\u00bb<\/i>, plaide mollement un membre de son entourage. En 2007, le consul des \u00c9tats-Unis \u00e0 Tunis a eu l\u2019occasion de tester la goujaterie du personnage. Pour f\u00eater l\u2019anniversaire de sa fille, le diplomate am\u00e9ricain avait lou\u00e9 le Manhattan, une discoth\u00e8que bien connue de la douce station baln\u00e9aire d\u2019Hammamet. Jouant des coudes et arguant de son rang de neveu pr\u00e9sidentiel, Imed parvient \u00e0 s\u2019infiltrer. Et, fid\u00e8le \u00e0 sa r\u00e9putation de dragueur inv\u00e9t\u00e9r\u00e9, se met \u00e0 importuner les femmes pr\u00e9sentes. L\u2019h\u00f4te de la soir\u00e9e n\u2019a, semble-t-il, gu\u00e8re go\u00fbt\u00e9 la plaisanterie, puisque l\u2019intrus fut ramen\u00e9 sous bonne garde et \u00e0 bord d\u2019un 4&#215;4 vers Tunis. \u00ab\u3000Beau-papa\u3000\u00bb Ben Ali n\u2019a pas protest\u00e9\u2026 Dans les affaires, la mauvaise r\u00e9putation d\u2019Imed supplante de loin celle qu\u2019il entretient aupr\u00e8s de la gent f\u00e9minine. Dans son rapport envoy\u00e9 le 9 juin 2006 \u00e0 l\u2019assureur du Beru Ma, le d\u00e9tective priv\u00e9 Jean-Baptiste Andr\u00e9oni le d\u00e9peint comme un <i>\u00ab\u3000voyou de grande envergure qui b\u00e9n\u00e9ficie d\u2019une totale impunit\u00e9\u3000\u00bb<\/i>. Pire, Imed n\u2019en serait pas \u00e0 son coup d\u2019essai en mati\u00e8re de recel. <i>\u00ab\u3000Il utilise plusieurs v\u00e9hicules vol\u00e9s\u3000: Porsche Cayenne, un Hummer ainsi qu\u2019une Mercedes 500 immatricul\u00e9e 13, vol\u00e9e \u00e0 Marseille en novembre 2005 (propri\u00e9t\u00e9 d\u2019un joueur de l\u2019OM)\u3000\u00bb<\/i>, indique le document. Il s\u2019agissait en l\u2019occurrence du d\u00e9fenseur international s\u00e9n\u00e9galais de l\u2019OM, Habib Beye, victime d\u2019un car-jacking en mars 2005. <b>Imed fait embastiller un innocent <\/b>(\u2026) En avril 2009, le parquet d\u2019Ajaccio requ\u00e9rait son renvoi en correctionnelle pour \u00ab\u3000vol en r\u00e9union\u3000\u00bb. Idem pour son fr\u00e8re Moez Trabelsi et les diff\u00e9rents acteurs fran\u00e7ais soup\u00e7onn\u00e9s d\u2019avoir tremp\u00e9 dans les vols du Beru Ma, du Blue Dolphin IV et du Sando. Entre-temps, Imed Trabelsi s\u2019est conform\u00e9 aux proc\u00e9dures de la justice fran\u00e7aise\u3000: il a \u00e9t\u00e9 mis en examen \u00e0 Tunis le 16 mai 2008 pour \u00ab\u3000vol en bande organis\u00e9e\u3000\u00bb , apr\u00e8s avoir \u00e9t\u00e9 entendu par le juge d\u2019instruction du tribunal d\u2019Ajaccio, Jean-Bastien Risson, ex\u00e9cutant alors une commission rogatoire internationale\u3000; puis, le 2 mars 2009, il s\u2019est rendu en France pour \u00eatre confront\u00e9 \u00e0 Azzedine Kelaiaia et Omar Khellil. Sa ligne de d\u00e9fense est rest\u00e9e la m\u00eame\u3000: tout nier en bloc. Au sujet du Beru Ma, il a indiqu\u00e9 \u00eatre mont\u00e9 \u00e0 bord pour visiter le yacht qui se trouvait \u00e0 quai dans le port de Sidi Bou Sa\u00efd, car un ami nomm\u00e9 Naoufel lui avait pr\u00e9sent\u00e9 le bateau comme \u00e9tant \u00e0 vendre. Comme pour coller aux d\u00e9clarations d\u2019Imed, Azzedine Kelaiaia \u00e9tait alors revenu sur ses premiers aveux pour affirmer qu\u2019il n\u2019avait jamais trait\u00e9 en direct avec Imed, mais avec un interm\u00e9diaire d\u00e9nomm\u00e9 Chemsdine, alias Naoufel\u2026 Tout laisse \u00e0 penser que ce dernier est en r\u00e9alit\u00e9 Naoufel Benabdelhafid, docteur en droit et ex-secr\u00e9taire g\u00e9n\u00e9ral de la facult\u00e9 de m\u00e9decine de Tunis. D\u00e9sign\u00e9 comme interm\u00e9diaire par Imed Trabelsi et Azzedine Kelaiaia, il a eu, il y a quelques ann\u00e9es, la mauvaise id\u00e9e de tourner le dos \u00e0 sa carri\u00e8re universitaire pour se lancer dans le business avec son fr\u00e8re, qui dirige une entreprise d\u2019import-export. Il semble que les deux hommes aient alors eu maille \u00e0 partir avec Imed, en refusant de l\u2019aider \u00e0 g\u00e9rer ses affaires alors que le neveu de la premi\u00e8re dame le leur demandait avec insistance. Un crime de l\u00e8se-Trabelsi\u2026 <b>Jet\u00e9 en prison et soumis au chantage <\/b>Au printemps 2008, Naoufel Benabdelhafid est arr\u00eat\u00e9 par la police, qui le surveillait d\u00e9j\u00e0 depuis quelques semaines jusque devant son domicile. Officiellement, pour avoir grill\u00e9 un feu rouge. Et comme le policier qui l\u2019a interpell\u00e9 estime qu\u2019il a \u00e9t\u00e9 \u00ab\u3000agress\u00e9\u3000\u00bb, Naoufel est jet\u00e9 en prison. Selon une personne de l\u2019entourage des Benabdelhafid, Imed Trabelsi aurait alors fait savoir \u00e0 la famille que, pour recouvrer la libert\u00e9, Naoufel devait t\u00e9moigner devant les deux juges fran\u00e7ais instruisant l\u2019affaire du vol du Beru Ma et qui \u00e9taient attendus \u00e0 Tunis. C\u2019est ainsi que, le 17 mai 2008, le captif a eu la surprise de voir d\u00e9barquer dans sa cellule des \u00e9l\u00e9ments de la garde pr\u00e9sidentielle. Direction\u3000: le bureau o\u00f9 se trouvaient les magistrats fran\u00e7ais qui, m\u00eame si l\u2019hypoth\u00e8se de pressions exerc\u00e9es sur Naoufel a \u00e9t\u00e9 soulev\u00e9e au cours de la proc\u00e9dure, ont vu un homme entrer et sortir librement de leur bureau. D\u2019apr\u00e8s l\u2019enqu\u00eate, Naoufel leur aurait d\u00e9clar\u00e9 que, le 9 mai 2006, il avait \u00e9t\u00e9 contact\u00e9 par l\u2019un des acteurs pr\u00e9sum\u00e9s du vol du Beru Ma afin qu\u2019il trouve un acqu\u00e9reur potentiel pour le navire d\u00e9rob\u00e9 quatre jours plus t\u00f4t en Corse. Mais aussi que lui, Naoufel, avait donn\u00e9 rendez-vous sur le quai du port de Sidi Bou Sa\u00efd \u00e0 Imed Trabelsi, qu\u2019il connaissait pour \u00eatre un <i>\u00ab\u3000amateur de plaisance nautique\u3000\u00bb<\/i>, puis qu\u2019il lui avait fait visiter le bateau avant que Trabelsi ne quitte les lieux en indiquant qu\u2019il n\u2019\u00e9tait pas int\u00e9ress\u00e9. Malgr\u00e9 ces d\u00e9clarations sens\u00e9es d\u00e9douaner Imed Trabelsi, Naoufel Benabdelhafid croupissait toujours en prison \u00e0 l\u2019\u00e9t\u00e9 2009. Imed n\u2019a pas tenu sa promesse\u3000! Selon l\u2019entourage du captif, il semblait alors que l\u2019on cherchait \u00e0 lui faire signer une lettre d\u2019aveux, probablement pour l\u2019envoyer \u00e0 la justice fran\u00e7aise. Pour le faire plier, ses nerfs ont \u00e9t\u00e9 mis \u00e0 rude \u00e9preuve et l\u2019homme a craqu\u00e9 lors du semblant de comparution qu\u2019il a subi devant la justice tunisienne. Pendant qu\u2019un juge lui promettait une lib\u00e9ration imminente, un autre lui glissait qu\u2019il prendrait quarante ans. Au mieux. \u00c9puis\u00e9 et tr\u00e8s perturb\u00e9, Naoufel s\u2019est alors bless\u00e9 lui-m\u00eame avec un verre en criant\u3000: <i>\u00ab\u3000C\u2019est parce que j\u2019en sais trop sur les Trabelsi\u3000!\u3000\u00bb<\/i> Plusieurs avocats, horrifi\u00e9s, qui passaient dans le couloir du tribunal ont assist\u00e9 \u00e0 la sc\u00e8ne et s\u2019en souviennent encore. Si Imed Trabelsi est pr\u00eat \u00e0 tout pour ne pas \u00eatre condamn\u00e9 par la justice fran\u00e7aise, le retour du yacht \u00e0 son propri\u00e9taire et sa mise en examen l\u2019ont n\u00e9anmoins \u00e9branl\u00e9. Alors que des scell\u00e9s avaient \u00e9t\u00e9 pos\u00e9s sur le yacht, il s\u2019\u00e9tait exclam\u00e9\u3000: <i>\u00ab\u3000Je pr\u00e9f\u00e8re le br\u00fbler plut\u00f4t que de le voir quitter la Tunisie\u3000!\u3000\u00bb<\/i> Et, trois ans plus tard, il continue de pleurer son joujou perdu sur sa page Facebook o\u00f9, au printemps 2009, il annon\u00e7ait (non sans provoquer quelques ricanements) vouloir s\u2019expliquer et revenir sur ses d\u00e9boires judiciaires dans un livre \u00e0 para\u00eetre qu\u2019il intitulerait\u2026 Le Matelot\u3000! Les premi\u00e8res lignes que l\u2019\u00e9crivain en herbe a livr\u00e9es en exclusivit\u00e9, fautes d\u2019orthographe en prime, sur le r\u00e9seau social Facebook indiquent que la r\u00e9daction ne devait pas \u00eatre le fort d\u2019Imed \u00e0 l\u2019\u00e9cole\u3000: \u00ab\u3000Mais au moment le plus inattendu le matelot se retrouve frapp\u00e9 de plein fouet par une bourrasque, il retrouve la terre ferme mais on lui annonce qu\u2019il ne peut prendre son bateau et voyager ou il veut\u3000!?!? C\u2019est un mandat international qui touche le premier droit de notre ami, sa libert\u00e9 de naviguer, de prendre le large s\u2019\u00e9loigner, voler au vent, enfin d\u2019exister Ainsi le marin enl\u00e8ve sa tenue, fait appel a des d\u00e9fenseurs pour r\u00e9tablir des v\u00e9rit\u00e9s, pour faire face a la machine de la justice, pour affronter des personnages au intentions irr\u00e9vocables, bref pour retrouver sa libert\u00e9 de naviguer .\u3000\u00bb <b>La vengeance de Leila <\/b>Leila Ben Ali, a, elle aussi, man\u0153uvr\u00e9 pour aider son neveu \u00e0 s\u2019extraire des griffes de la justice fran\u00e7aise. Elle a m\u00eame appel\u00e9 son \u00e9poux \u00e0 la rescousse. <i>\u00ab\u3000Fais en sorte qu\u2019Imed ne soit pas inqui\u00e9t\u00e9\u3000\u00bb<\/i>, lui a-t-elle demand\u00e9 en substance, quoique tardivement d\u2019apr\u00e8s certains observateurs avertis, selon lesquels elle a tent\u00e9 dans un premier temps de g\u00e9rer l\u2019affaire seule. (\u2026) Dans l\u2019affaire du yacht vol\u00e9, la situation est plus complexe\u3000: vu la personnalit\u00e9 de Bruno Roger, l\u2019\u00c9lys\u00e9e ne veut pas passer l\u2019\u00e9ponge. Mais le contexte diplomatique est d\u00e9licat\u3000: le pr\u00e9sident Nicolas Sarkozy doit effectuer une visite officielle en Tunisie \u00e0 la fin du mois d\u2019avril 2008 et le projet de l\u2019Union pour la M\u00e9diterran\u00e9e est alors en gestation. Paris d\u00e9p\u00eachera tout de m\u00eame deux \u00e9missaires pour tenter de calmer le jeu avec les Tunisiens, sans pour autant r\u00e9ussir \u00e0 apaiser le courroux de Leila Ben Ali. Cette derni\u00e8re se vengera m\u00eame \u00e0 sa fa\u00e7on en s\u00e9chant consciencieusement la visite du pr\u00e9sident fran\u00e7ais et de son \u00e9pouse, Carla Bruni-Sarkozy. Arriv\u00e9e du couple pr\u00e9sidentiel fran\u00e7ais \u00e0 Tunis, parade devant une foule en liesse bien encadr\u00e9e par la s\u00e9curit\u00e9 tunisienne, d\u00eener de gala donn\u00e9 par le pr\u00e9sident Ben Ali\u2026 Leila est invisible\u3000! Certes, la m\u00e8re de la premi\u00e8re dame, surnomm\u00e9e Hajja Nana, \u00e0 laquelle elle \u00e9tait tr\u00e8s attach\u00e9e, est d\u00e9c\u00e9d\u00e9e quelques jours plus t\u00f4t, mais personne n\u2019est dupe. \u00c9galement tr\u00e8s remont\u00e9e contre son \u00e9poux, qu\u2019elle accuse de ne pas s\u2019\u00eatre battu pour Imed Trabelsi comme il l\u2019a fait pour Moncef Ben Ali, Leila poussera le bouchon un peu plus loin en d\u00e9sertant la Tunisie de longues semaines durant, pour aller bouder \u00e0 Paris et Duba\u00ef, deux de ses destinations de pr\u00e9dilection. En ao\u00fbt 2009, elle obtiendra toutefois partiellement satisfaction puisque Imed et Moez Trabelsi pourraient \u00e9chapper \u00e0 la justice fran\u00e7aise. \u00c0 la stupeur des avocats de certains pr\u00e9venus et des parties civiles, le procureur g\u00e9n\u00e9ral de Bastia a annonc\u00e9 qu\u2019il ne citerait pas les deux Trabelsi \u00e0 compara\u00eetre dans l\u2019Hexagone mais qu\u2019il d\u00e9noncerait les faits aupr\u00e8s de la justice tunisienne. Au motif que la Tunisie n\u2019extrade pas ses ressortissants. Le proc\u00e8s qui devait s\u2019ouvrir le 21 ao\u00fbt a d\u2019ailleurs \u00e9t\u00e9 renvoy\u00e9 illico au 30 septembre 2009\u2026 Cette fois, Leila Ben Ali aura mis du temps \u00e0 faire plier la France. <i>(1) Fabrice Lhomme, \u00ab\u3000Des proches de Ben Ali sont impliqu\u00e9s dans des vols de yachts de luxe\u3000\u00bb, M\u00e9diapart, 19 mars 2008. <\/i><\/font><b><font size=\"2\">(Source: \u00ab\u00a0Bakchich.info\u00a0\u00bb le 1 oct. 09) lien: <\/font><font size=\"2\"><u>http:\/\/www.bakchich.info\/La-regente-de-Carthage-main-basse,08817.html \u00a0<\/u><\/font><\/b><\/div>\n<div>\n<hr\/>\n<\/div>\n<p><\/span><\/font><\/div>\n<div>\u00a0<\/div>\n<div><font face=\"Arial\" size=\"2\"><\/p>\n<div align=\"center\"><font face=\"Arial\" size=\"2\"><\/p>\n<h2 style=\"color: red;\"><font size=\"3\"><strong>Trafic de yachts: cinq Fran\u00e7ais condamn\u00e9s \u00e0 de la prison ferme<\/strong><\/font><\/h2>\n<p><\/font><\/div>\n<div align=\"justify\"> <font>AFP, le 30 septembre 2009 \u00e0 22h26  AJACCIO (France), 30 sept 2009 (AFP) &#8211; Cinq Fran\u00e7ais jug\u00e9s pour un trafic de yachts entre la France et la Tunisie, dont deux neveux du pr\u00e9sident tunisien Ben Ali sont soup\u00e7onn\u00e9s d&rsquo;\u00eatre les commanditaires, ont \u00e9t\u00e9 condamn\u00e9s mercredi \u00e0 des peines de prison ferme. Le seul des inculp\u00e9s emprisonn\u00e9, Omar Khelil, a \u00e9t\u00e9 condamn\u00e9 \u00e0 deux ans de d\u00e9tention. Il a \u00e9t\u00e9 pr\u00e9sent\u00e9 comme l&rsquo;interm\u00e9diaire des neveux par alliance du pr\u00e9sident Zine El Abidine Ben Ali, Moaz et Imed Trabelsi, pour le vol d&rsquo;un premier navire, le Sando, au Lavandou (Var) en 2005. La m\u00eame peine a \u00e9t\u00e9 inflig\u00e9e \u00e0 Azzedine Kelaiaia et C\u00e9dric Sermand, le premier comme interm\u00e9diaire et le second comme voleur du Sando, puis de deux autres navires de luxe, le Blue Dolphin 4, \u00e0 Cannes (sud), et le Beru Ma, \u00e0 Bonifacio (Corse-du-Sud), en 2006. Xavier Rico, pr\u00e9sent\u00e9 comme voleur de navires, a aussi \u00e9t\u00e9 condamn\u00e9 \u00e0 deux ans, mais avec un an avec sursis. Olivier Buffe, \u00e9galement pr\u00e9sent\u00e9 comme voleur de navires, a \u00e9t\u00e9 condamn\u00e9 \u00e0 un an ferme. Trois autre inculp\u00e9s, \u00e9galement des Fran\u00e7ais, se sont vus infliger des peines de douze et six mois avec sursis. Les huit hommes \u00e9taient jug\u00e9s pour le vol de trois yachts en 2005 et 2006 au Lavandou (sud), \u00e0 Cannes (sud) et \u00e0 Bonifacio (Corse-du-Sud) dont les commanditaires pr\u00e9sum\u00e9s \u00e9taient trois Tunisiens dont les deux neveux par alliance du pr\u00e9sident Ben Ali. Les trois hommes sont \u00e9galement pr\u00e9venus dans ce proc\u00e8s mais le parquet a demand\u00e9 de disjoindre les poursuites contre eux pour qu&rsquo;ils soient jug\u00e9s dans leur pays.<\/font><\/div>\n<div align=\"justify\">\n<hr\/>\n<\/div>\n<div align=\"justify\"><span lang=\"FR\">\u00a0 <\/p>\n<p align=\"center\"><strong><\/p>\n<h2 style=\"color: red;\"><font size=\"3\">Le gang des voleurs de yachts condamn\u00e9, sauf les neveux du pr\u00e9sident tunisien<\/font><\/h2>\n<p><\/strong><\/p>\n<p><font>LE MONDE | 01.10.09 | Ajaccio Envoy\u00e9 sp\u00e9cial \u00a0<\/font><\/p>\n<p align=\"justify\">Les neveux du pr\u00e9sident tunisien, Zine El-Abidine Ben Ali, auraient-ils un go\u00fbt un peu trop prononc\u00e9 pour le luxe et les beaux bateaux ? Moez et Imed Trabelsi &#8211; c&rsquo;est leur nom &#8211; sont poursuivis en Tunisie pour avoir pass\u00e9 commande \u00e0 quelques aigrefins de la C\u00f4te d&rsquo;Azur pour obtenir l&rsquo;objet de leur d\u00e9sir.<\/p>\n<p align=\"justify\">Moyennant quelques dizaines de milliers d&rsquo;euros, Moez et Imed se seraient adress\u00e9s \u00e0 Omar Khelil et Azzedine Kelaiaia, deux types sans envergure, pour trouver de quoi satisfaire leurs r\u00eaves de grand large. Poursuivis pour <i>\u00ab\u00a0vols en bande organis\u00e9e\u00a0\u00bb<\/i>, Omar, Azzedine et leurs six complices ont \u00e9t\u00e9 condamn\u00e9s, mercredi 30 septembre, \u00e0 des peines allant de six mois avec sursis \u00e0 deux ans de prison ferme par le tribunal correctionnel d&rsquo;Ajaccio.<\/p>\n<p align=\"justify\">Bien que mis en examen dans la m\u00eame proc\u00e9dure, les cousins Trabelsi n&rsquo;ont pas \u00e9t\u00e9 jug\u00e9s.<\/p>\n<p align=\"justify\">Fin 2005 et d\u00e9but 2006, Omar et Azzedine se sont pli\u00e9s en quatre pour honorer de prestigieux clients. Ils ont recrut\u00e9 quelques comparses, d\u00e9linquants amateurs f\u00e9rus de nautisme et emp\u00eatr\u00e9s dans des probl\u00e8mes d&rsquo;argent, qui ont convoy\u00e9 vers la Tunisie trois bateaux vol\u00e9s dans les ports du Lavandou (Var), de Cannes (Alpes-Maritimes) et de Bonifacio (Corse-du-Sud). Cedric Sermond, un professionnel du nautisme familier des pontons, conna\u00eet les ports de plaisance et sait rep\u00e9rer les <i>\u00ab\u00a0belles unit\u00e9s\u00a0\u00bb<\/i>. C&rsquo;est lui qui a choisi le <i>Sando<\/i> au Lavandou, le <i>Blue-Dolphin<\/i> \u00e0 Cannes et le <i>Beru-Ma<\/i> \u00e0 Bonifacio.<\/p>\n<p align=\"justify\">A l&rsquo;issue d&rsquo;un p\u00e9riple entre Corse et Sardaigne, ponctu\u00e9 de quelques avaries, les trois bateaux ont fini par accoster \u00e0 Sidi Bou Sa\u00efd, non loin de Tunis. On n&rsquo;aurait probablement jamais retrouv\u00e9 leur trace &#8211; et personne ne s&rsquo;en serait inqui\u00e9t\u00e9 &#8211; si, le 5 mai 2006, cette fine \u00e9quipe n&rsquo;avait pas eu la mauvaise id\u00e9e de jeter son d\u00e9volu sur le <i>Beru-Ma<\/i>, propri\u00e9t\u00e9 de Bruno Roger, dirigeant de la banque Lazard Fr\u00e8res et ami de l&rsquo;ancien pr\u00e9sident de la R\u00e9publique Jacques Chirac.<\/p>\n<p align=\"justify\">Un enqu\u00eateur de la compagnie d&rsquo;assurances Generali a d\u00e9couvert le navire estim\u00e9 \u00e0 plus d&rsquo;un million d&rsquo;euros, amarr\u00e9 \u00e0 Sidi Bou Sa\u00efd, tout en identifiant celui qui se l&rsquo;\u00e9tait appropri\u00e9 : Imed Trabelsi. D\u00e8s lors, le bateau a \u00e9t\u00e9 rapatri\u00e9 vers son port d&rsquo;attache et, apr\u00e8s avoir remont\u00e9 la cha\u00eene de commande, les gendarmes ont interpell\u00e9, en septembre 2006, ceux qui ont ex\u00e9cut\u00e9 l&rsquo;op\u00e9ration et leurs interm\u00e9diaires.<\/p>\n<p align=\"justify\">Confondus par l&rsquo;enqu\u00eate et d\u00e9nonc\u00e9s par les autres pr\u00e9venus, Moez et Imed Trabelsi, <i>\u00ab\u00a0organisateurs et commanditaires de l&rsquo;op\u00e9ration\u00a0\u00bb<\/i> comme l&rsquo;a soulign\u00e9, dans ses r\u00e9quisitions, le procureur de la R\u00e9publique Thomas Pison, n&rsquo;ont pas comparu. Et pour cause : d\u00e9but ao\u00fbt, le parquet avait choisi de ne pas les citer. Motif : <i>\u00ab\u00a0Le 28 juin 1972, la France et la Tunisie ont sign\u00e9 une convention. Les Tunisiens r\u00e9sidant en Tunisie sont jug\u00e9s en Tunisie. Il appartient \u00e0 la justice tunisienne, qui n&rsquo;extrade pas ses ressortissants, d&rsquo;examiner cette affaire\u00a0\u00bb<\/i>, s&rsquo;est justifi\u00e9 M. Pison, qui a demand\u00e9 de disjoindre le cas des deux Tunisiens. M. Pison se dit convaincu que, malgr\u00e9 le pedigree des suspects, la justice tunisienne fera son travail. Pour preuve, selon lui, une information judiciaire a \u00e9t\u00e9 ouverte le 18 septembre par le parquet de Tunis et les cousins Trabelsi seraient poursuivis pour <i>\u00ab\u00a0complicit\u00e9 de vol et recel\u00a0\u00bb<\/i>.<\/p>\n<p><b><\/b><\/p>\n<p align=\"justify\">Diplomatie oblige<\/p>\n<p align=\"justify\">Et si les magistrats tunisiens tardent \u00e0 examiner les charges qui p\u00e8sent contre les neveux du chef de l&rsquo;Etat, ou s&rsquo;ils rendaient une d\u00e9cision trop cl\u00e9mente au vu des charges retenues en France, la justice fran\u00e7aise ne serait pas en reste. <i>\u00ab\u00a0Elle conserve son droit de poursuite \u00e0 l&rsquo;encontre des deux suspects pour les faits commis sur le territoire fran\u00e7ais\u00a0\u00bb<\/i>, s&rsquo;est d\u00e9fendu le repr\u00e9sentant du parquet.<\/p>\n<p align=\"justify\">L&rsquo;argument n&rsquo;a pas convaincu les d\u00e9fenseurs des autres pr\u00e9venus. Diplomatie oblige, <i>\u00ab\u00a0la justice fran\u00e7aise a baiss\u00e9 les bras face aux autorit\u00e9s tunisiennes\u00a0\u00bb<\/i>, a plaid\u00e9 M<sup>e Antoine Sollacaro. <i>\u00ab\u00a0Ce n&rsquo;est que basse politique,<\/i> s&rsquo;est-il indign\u00e9. <i>Les organisateurs de ce trafic \u00e9chappent \u00e0 la justice alors qu&rsquo;on s&rsquo;en prend aux lampistes.\u00a0\u00bb<\/i><\/sup><\/p>\n<p align=\"justify\"><sup>Autre avocat, Me Jean-Michel Mariaggi s&rsquo;est insurg\u00e9 : <i>\u00ab\u00a0Les Trabelsi financent les coups et l&rsquo;achat des bateaux vol\u00e9s. On condamne les sous-fifres et on exempte les commanditaires. Comment expliquer qu&rsquo;une juridiction fran\u00e7aise puisse absoudre les auteurs principaux et charger ceux dont l&rsquo;accusation reconna\u00eet qu&rsquo;ils sont secondaires ?\u00a0\u00bb<\/i> <\/sup><\/p>\n<p><font><b><\/b><\/p>\n<p align=\"justify\"><sup>Yves Bordenave<\/sup><\/p>\n<p align=\"justify\"><sup><font size=\"3\">(Source:\u00a0\u00bb Le Monde\u00a0\u00bb (Quotidien- France) le 1 oct. 09)<\/font><\/sup><\/p>\n<p align=\"justify\"><sup>Lien:<\/sup><sup> <\/sup><\/p>\n<p><\/font><font><u><strong><sup>http:\/\/www.lemonde.fr\/societe\/article\/2009\/10\/01\/le-gang-des-voleurs-de-yachts-condamne-sauf-les-neveux-du-president-tunisien_1247827_3224.html<\/sup><\/strong><\/u><\/font><\/p>\n<hr\/>\n<p> \u00a0<\/p>\n<p><\/span><\/div>\n<div align=\"center\"><strong><\/p>\n<h2 style=\"color: red;\"><font>JOURNEE INTERNATIONALE\u00a0 DE SOLIDARITE AVEC LA POPULATION DU BASSIN MINIER DE Gafsa,<\/font><\/h2>\n<p><\/strong>Les populations sinistr\u00e9es de Redeyef et pour la lib\u00e9ration des prisonniers  Invitation Dans le cadre du Forum social du Qu\u00e9bec  Alternatives, en collaboration avec l\u2019Association des droits de la personne au Maghreb  vous invite \u00e0 assister \u00e0 la projection du film <strong><font>Redeyef : le combat de la dignit\u00e9 Ou la r\u00e9volte de Redeyef et sa r\u00e9pression racont\u00e9e par des femmes<\/font><\/strong> Film 34 min. Titre Original : \u00ab Leila Khaled, la Tunisienne \u00bb Film r\u00e9alis\u00e9 par le Comit\u00e9 National de Soutien \u00e0 la Population du Bassin Minier Le vendredi 9 octobre 2009 \u00e0 19h  C\u00e9gep du Vieux Montr\u00e9al 255 rue Ontario Est\u00a0 Montr\u00e9al, QC Salle 7.05\u00a0 au septi\u00e8me \u00e9tage<\/div>\n<div align=\"justify\">\u00a0<\/div>\n<div align=\"justify\"> Depuis le d\u00e9but de la r\u00e9volte du bassin minier de Gafsa, les femmes y tiennent un r\u00f4le de premi\u00e8re importance. Elles ont \u00e9t\u00e9 \u00e0 l\u2019origine des principales grandes manifestations de masse suite aux premi\u00e8res arrestations. Elles ont conduit des initiatives de r\u00e9sistance de plusieurs formes (occupations, sit-in, manifestations, rassemblements\u2026) ; et elles ont \u00e9t\u00e9 celles qui ont assur\u00e9 au quotidien l\u2019extraordinaire coh\u00e9sion et la grande solidarit\u00e9 dans la population et au sein des familles, qui ont permis au mouvement de se d\u00e9velopper et de tenir, malgr\u00e9 tout.  Depuis la grande r\u00e9pression et l\u2019emprisonnement de dizaines d\u2019animateurs du mouvement, ce sont toujours elles qui se battent pour la lib\u00e9ration des prisonniers tout en assurant la continuit\u00e9 de la vie \u00e0 Redeyef. Aujourd\u2019hui, elles assument le r\u00f4le de porte-paroles de leurs maris, fr\u00e8res et fils emprisonn\u00e9s, mais aussi des populations r\u00e9duites au silence \u00e0 Redeyef et dans la r\u00e9gion.  Le film Leila Khaled, la Tunisienne (34\u2019) retrace l\u2019histoire de ces deux derni\u00e8res ann\u00e9es \u00e0 travers les mots de quelques unes d\u2019entre ces combattantes. Il leur est d\u00e9di\u00e9 ainsi qu\u2019\u00e0 toutes celles qui n\u2019ont pu \u00eatre film\u00e9es. Il esp\u00e8re donner le plus grand \u00e9cho \u00e0 leur revendication la plus urgente : Lib\u00e9ration imm\u00e9diate de tous les prisonniers du mouvement du bassin minier.  Ce film a \u00e9t\u00e9 r\u00e9alis\u00e9 par le Comit\u00e9 National de Soutien aux Habitants du Bassin Minier gr\u00e2ce \u00e0 tant de solidarit\u00e9s \u00e0 l\u2019int\u00e9rieur et \u00e0 l\u2019ext\u00e9rieur de la Tunisie.  \u00a0<\/div>\n<div align=\"justify\">\n<hr\/>\n<\/div>\n<div align=\"justify\">\n<p align=\"center\"><span lang=\"FR-CH\"><strong><font size=\"3\">SNJT: Curieux oubli!<\/font>\u00a0 <\/strong><\/span><\/p>\n<p><span lang=\"FR-CH\">Une d\u00e9l\u00e9gation des brigades financi\u00e8res a convoqu\u00e9 les membres du bureau ex\u00e9cutif du Syndicat national des journalistes tunisiens le 28 septembre dernier. Le pr\u00e9sident N\u00e9ji Bghouri et les militants syndicaux \u00e9lus: N\u00e9jiba Hamrouni, Soukayna Abdessamad, Monji Khadraoui et Ziad El HENI, durent r\u00e9pondre aux chefs d\u2019accusation introduits par la nouvelle direction putschiste, pr\u00e9sid\u00e9e par Jamel Karmaoui.<\/span><\/p>\n<p><span lang=\"FR-CH\">Le bureau l\u00e9gitime d\u00e9pos\u00e9 est incrimin\u00e9 de mauvaise gestion selon la plainte intent\u00e9e par la nouvelle instance ex\u00e9cutive enti\u00e8rement acquise au parti de la majorit\u00e9 pr\u00e9sidentielle. Aussi curieux que cela puisse para\u00eetre, les journalistes faisant parti de la direction d\u00e9chue et membres actuels du bureau impos\u00e9 ( \u00e0 la faveur d\u2019un putsch \u201cofficiel\u201d) ne firent l\u2019objet d\u2019aucun contr\u00f4le judiciaire dans cette affaire. Leur passage au camp des vainqueurs a semble-t-il mis un terme d\u00e9finitif \u00e0 leurs\u00a0 \u00e9ventuelles responsabilit\u00e9s en cas de mauvaise gestion av\u00e9r\u00e9e!!!\u00a0 Habib Chabbi, Adel Samaali, Sofi\u00e8ne Ben Rejeb et Samira Ghannouchi (membres de l\u2019ancien bureau r\u00e9\u00e9lus \u00e0 la direction du bureau impos\u00e9) ont pourtant qualit\u00e9 \u00e0 r\u00e9pondre au m\u00eame titre que les membres interrog\u00e9s des griefs retenus par les brigades aux finances!!!A moins qu\u2019ils s\u2019agisse d\u2019un proc\u00e8s nominatif..Auquel cas, la justice tunisienne n\u2019aura pas arr\u00eat\u00e9 d\u2019\u00eatre aux ordres!!!<\/span><\/p>\n<p><b><span lang=\"FR-CH\">(Source\u00a0: le blog de soutien du SNJT l\u00e9gitime, le 30 septembre 2009)<\/span><\/b><\/p>\n<p><strong>Lien: <\/strong><span lang=\"FR-CH\"><a href=\"http:\/\/sjtunisiens.blogvie.com\/2009\/09\/30\/snjt-curieux-oubli\/DDDDDDDDDD\" target=\"_blank\" rel=\"noopener\"><span lang=\"DE\"><font><strong>http:\/\/sjtunisiens.blogvie.com\/2009\/09\/30\/snjt-curieux-oubli\/<\/strong> \u00a0<\/font><\/span><\/a><strong><\/p>\n<hr\/>\n<p><\/strong><span lang=\"FR\"><\/p>\n<p align=\"center\"><strong><\/p>\n<h2 style=\"color: red;\"><font size=\"3\">En Tunisie, \u00ab\u00a0le pouvoir m\u00e8ne une politique d\u00e9magogique dangereuse\u00a0\u00bb<\/font><\/h2>\n<p><\/strong><\/p>\n<p><font size=\"2\">LE MONDE | 01.10.09  \u00a0<\/font><font size=\"2\"><\/p>\n<p align=\"justify\">Khema\u00efs Chammari, ex- secr\u00e9taire g\u00e9n\u00e9ral de la Ligue tunisienne des droits de l&rsquo;homme (LTDH), est un ancien d\u00e9put\u00e9 de l&rsquo;opposition d\u00e9mocratique tunisienne. Son combat en faveur des libert\u00e9s lui a valu de nombreuses arrestations et peines de prison sous le r\u00e9gime du pr\u00e9sident Bourguiba, puis sous celui du pr\u00e9sident Ben Ali. Apr\u00e8s un exil de sept ann\u00e9es en France, ce socio-\u00e9conomiste de formation a regagn\u00e9 Tunis en 2004.<\/p>\n<p><\/font><font size=\"2\"><b><\/b><\/p>\n<p align=\"justify\">Le 25 octobre, le pr\u00e9sident Ben Ali briguera un cinqui\u00e8me mandat \u00e0 la t\u00eate du pays. Quel est le climat politique en Tunisie ?<\/p>\n<p><\/font><font size=\"2\"><\/p>\n<p align=\"justify\">Le climat g\u00e9n\u00e9ral est morose, et m\u00eame pesant. La population est pr\u00e9occup\u00e9e par les retomb\u00e9es de la crise \u00e9conomique &#8211; m\u00eame si celles-ci sont relativement limit\u00e9es en Tunisie &#8211; et, surtout, par le ch\u00f4mage des jeunes. Elle vit \u00e9galement tr\u00e8s mal la d\u00e9rive affairiste du pouvoir et la corruption, qui touche les cercles les plus proches du palais de Carthage.<\/p>\n<p align=\"justify\">Les Tunisiens manifestent donc une tr\u00e8s grande indiff\u00e9rence \u00e0 l&rsquo;\u00e9gard de cette \u00e9lection, et pourtant, elle est l&rsquo;objet d&rsquo;une incroyable mise en sc\u00e8ne. En 2004, lors de la pr\u00e9c\u00e9dente pr\u00e9sidentielle, on croyait avoir atteint le paroxysme du processus de \u00ab\u00a0pl\u00e9biscisation\u00a0\u00bb. On s&rsquo;\u00e9tait tromp\u00e9. Jamais on n&rsquo;a vu autant de portraits du chef de l&rsquo;Etat fleurir dans les rues, jamais les rites d&rsquo;all\u00e9geance n&rsquo;ont \u00e9t\u00e9 aussi nombreux. Sur les 9 300 associations existantes, 8 500 ont d\u00e9j\u00e0 apport\u00e9 leur soutien au pr\u00e9sident Ben Ali. Cela va du syndicat UGTT <i>(Union g\u00e9n\u00e9rale des travailleurs tunisiens)<\/i> aux organisations patronales, en passant par&#8230; l&rsquo;Association sportive des handicap\u00e9s mentaux ! Ce pl\u00e9biscite n&rsquo;a pas d&rsquo;int\u00e9r\u00eat, sinon celui de consacrer l&rsquo;id\u00e9e selon laquelle <i>\u00ab\u00a0Ben Ali doit rester \u00e0 la t\u00eate de la Tunisie, il est notre sauveur\u00a0\u00bb<\/i>.<\/p>\n<p align=\"justify\">En toile de fond, il y a la r\u00e9forme constitutionnelle de 2002 qui a ouvert la voie de la pr\u00e9sidence \u00e0 vie, et d\u00e9cr\u00e9t\u00e9 l&rsquo;irresponsabilit\u00e9 p\u00e9nale du pr\u00e9sident, dans l&rsquo;exercice de ses fonctions, et m\u00eame apr\u00e8s.<\/p>\n<p><\/font><font size=\"2\"><b><\/b><\/p>\n<p align=\"justify\">Quelle est l&rsquo;attitude de l&rsquo;opposition, dans ce contexte ?<\/p>\n<p><\/font><font size=\"2\"><\/p>\n<p align=\"justify\">Une partie de l&rsquo;opposition que j&rsquo;appelle \u00ab\u00a0de connivence\u00a0\u00bb pr\u00e9sente des candidats qui se disputeront 2 % ou 3 % des voix, le 25 octobre. Une autre partie a carr\u00e9ment ralli\u00e9 le pr\u00e9sident Ben Ali. Du c\u00f4t\u00e9 de l&rsquo;opposition v\u00e9ritable, que le pouvoir tente par tous les moyens de marginaliser, Ahmed Brahim, d&rsquo;Ettajdid (ex-Parti communiste), a r\u00e9ussi \u00e0 rester dans la course. Cet universitaire entend ne pas faire de la figuration et l&rsquo;a dit publiquement, il y a deux mois, ce qui lui a valu les foudres du pouvoir.<\/p>\n<p align=\"justify\">Il y avait aussi Mustapha Ben Jaafar, le secr\u00e9taire g\u00e9n\u00e9ral du Front d\u00e9mocratique pour le travail et les libert\u00e9s. Mais la stricte application de la loi \u00e9lectorale, modifi\u00e9e sur mesure en 2008, a permis que sa candidature soit \u00e9cart\u00e9e par le Conseil constitutionnel, comme avant lui Nejib Chebbi <i>(fondateur du Parti d\u00e9mocratique progressiste)<\/i>. Le pouvoir a pris un certain nombre de dispositions, officiellement pour faciliter les candidatures, mais en r\u00e9alit\u00e9 pour \u00e9liminer tel ou tel pr\u00e9tendant dont l&rsquo;envergure pourrait poser probl\u00e8me au palais de Carthage.<\/p>\n<p><\/font><font size=\"2\"><b><\/b><\/p>\n<p align=\"justify\">L&rsquo;opposition v\u00e9ritable ne parvient-elle toujours pas \u00e0 s&rsquo;unir face au pr\u00e9sident Ben Ali ?<\/p>\n<p><\/font><font size=\"2\"><\/p>\n<p align=\"justify\">Elle est divis\u00e9e, notamment sur la question du boycottage, mais surtout sur celle des islamistes. Faut-il discuter avec Ennadha <i>(parti islamiste mod\u00e9r\u00e9, interdit)<\/i>, ou le rejeter cat\u00e9goriquement ? Elle n&rsquo;arrive pas \u00e0 s&rsquo;entendre sur ce point, alors qu&rsquo;Ennadha affronte un triple danger. D&rsquo;une part, la r\u00e9pression dont ses partisans font l&rsquo;objet. D&rsquo;autre part, la mont\u00e9e des courants radicaux, en particulier un courant salafiste, voire djihadiste, qui \u00e9chappe \u00e0 tout contr\u00f4le. Et enfin, les tentatives de r\u00e9cup\u00e9ration de l&rsquo;islam politique par le pouvoir. C&rsquo;est ainsi que 98 anciens cadres d&rsquo;Ennadha en exil viennent d&rsquo;appeler \u00e0 voter Ben Ali !<\/p>\n<p align=\"justify\">La figure de proue de cette entreprise de r\u00e9cup\u00e9ration est le propre gendre du pr\u00e9sident Ben Ali, Sakhr El-Materi. C&rsquo;est un jeune homme d&rsquo;affaires prosp\u00e8re qui est non seulement le nouveau propri\u00e9taire du groupe de presse Essabah, mais aussi de radio Zitouna (radio Coran), de la future cha\u00eene t\u00e9l\u00e9vis\u00e9e Zitouna, et de la banque islamique \u00e0 venir Zitouna ! Le pouvoir m\u00e8ne une politique d\u00e9magogique dangereuse, bien plus que ne le serait celle d&rsquo;Ennadha. On risque \u00e0 terme de remettre en cause des avanc\u00e9es sociales et modernistes que nous pensions acquises en Tunisie.<\/p>\n<p><\/font><b><font size=\"2\"><\/p>\n<p align=\"justify\">Propos recueillis par Florence Beaug\u00e9<\/p>\n<p align=\"justify\">(Source:\u00a0\u00bble monde\u00a0\u00bb le 1 oct. 09)<\/p>\n<p align=\"justify\">Lien: <\/p>\n<p><\/font><font size=\"2\"><u>http:\/\/www.lemonde.fr\/afrique\/article\/2009\/10\/01\/en-tunisie-le-pouvoir-mene-une-politique-demagogique-dangereuse_1247809_3212.html<\/u><\/font><\/b><\/span><\/p>\n<p align=\"center\"><strong><\/strong><\/p>\n<hr\/>\n<p> \u00a0<\/p>\n<p align=\"center\">\n<h2 style=\"color: red;\"><font size=\"3\"><strong>\u00ab\u00a0Le top 40 de Ben Ali Baba\u00a0\u00bb  <font size=\"2\">(Mise \u00e0 jour chaque d\u00e9cennie)<\/font><\/strong><\/font><\/h2>\n<\/p>\n<p><strong><font>par Taoufik Ben Brik<\/font><\/strong><\/p>\n<p>Ils veulent y \u00eatre. Tous. Les double canons, les braves, les rouges, les barbus, les chiffes molles, les demis portions, la poudre mouill\u00e9e. Tous pensent \u00eatre class\u00e9s parmi les quarante moustiques qui emp\u00eachent Ben Ali de faire la sieste. Un Top 40 de la r\u00e9sistance. Le Hit parade de ceux qui narguent le mieux Ben Ali. Quarante enfoir\u00e9s et t\u00eates br\u00fbl\u00e9es qui refusent de se soumettre. Ils font l\u2019objet de toute son attention. Toute la bo\u00eete tourne pour eux. Il en prend soin, il les bichonne \u00e0 coup de coups fourr\u00e9s. \u00c7a les rend ch\u00e8vres, ils font braire la terre enti\u00e8re. D\u00e9s qu\u2019il croit tenir le bon bout, voil\u00e0 qu&rsquo;ils br\u00fblent la corde. Ils g\u00e2chent le paysage, ils polluent son quotidien. Des Fellaghas, ils frappent un coup et filent dans la nuit. Impossible de les suivre \u00e0 la trace, trop mobiles. Des marvericks, ces chevaux sauvages qui s\u2019\u00e9cartent du troupeau. Des Su\u2019l\u00fbk, ces po\u00e8tes brigands de la Jahilia, ces samoura\u00efs sans ma\u00eetre. C\u2019est avec eux que Ben Ali fait le derby, qu\u2019on s\u2019en raconte, qu\u2019on se frotte les m\u00e9caniques. Cela fait un quart de si\u00e8cle ou presque que Ben Ali course cette fourn\u00e9e de b\u00e2tard. Ben Ali chasseur en qu\u00eate des quarante. La notori\u00e9t\u00e9 ? Le secret de leur audience? Ils les doivent \u00e0 Ben Ali. Si les Tunisiens entendent parler d\u2019eux, c\u2019est parce que qu\u2019un jour Ben Ali les a d\u00e9sign\u00e9s.<\/p>\n<p>En haut du palmar\u00e8s- le tableau de chasse de Ben Ali- on reconna\u00eet les m\u00e9gastars, les divas : l\u2019avocate Radhia Nassraoui et la journaliste Sihem Bensedrine. Sophia Loren et Lolobrigida. Suivies de pr\u00e8s par l\u2019in\u00e9galable Moncef Marzouki, alias Dr Mabuse et le beau Hamma Hammami, notre Omar Sharif local. Au firmament, on d\u00e9busque la pamphl\u00e9taire Oum Ziad, Kh\u00e9maies Chammari dit \u00ab le sphinx qui rena\u00eet toujours de ses cendres \u00bb, l\u2019exil\u00e9 politique Kamel Jendoubi, l\u2019historien Mohamed Talbi, p\u00e8re courage, et bien s\u00fbr le plus constant d\u2019entre tous, Am Ali Ben Salem, ancien maquisard. <\/p>\n<p>Au top quarante, on ne peut pas ne pas ins\u00e9rer les extranationaux, ceux-l\u00e0 m\u00eames qui ont port\u00e9 et mouill\u00e9 le maillot de la r\u00e9sistance avec Brio. On les appelle, non sans emphase, le bouclier m\u00e9diatique tunisien. On retrouve Daniel Mermet de France Inter, J\u00e9rome Bony de France 2, Alain Renon de RFI, Stephane Bou de Charlie Hebdo, Florence Aubenas, Jean Pierre Tuquoi du Monde, Nicolas Beau de Bakchich, Patrick Fiole du nouvelobs.com, Christophe Ayad de Lib\u00e9ration, Pierre Cherruau du Courrier International, Hassane Zerrouky de l\u2019Humanit\u00e9, Robert Menard, l\u2019ex patron de Reporters Sans Fronti\u00e8res, Patrick Baudouin, l\u2019ancien pr\u00e9sident de la F\u00e9d\u00e9ration Internationale des Droits de l\u2019Homme ( FIDH), l\u2019avocat William Bourdon, l\u2019avocate Nathalie Boudjerada, la d\u00e9put\u00e9 europ\u00e9enne H\u00e9l\u00e8ne Flautre, le d\u00e9put\u00e9 Noel Mam\u00e8re, notre pote Harlem D\u00e9sir, Daniel Cohn-Bendit, Daniel Ben Said, Alain Krevin, Eric Goldstein de Human Rights Watch, Joel Campania du Committee to Protect Journalists, Haythem Manaa et Violette Daguerre de la Commission Arabe des Droits de l\u2019Homme, Donnatella Rovera d\u2019Amnesty International, le journaliste algerien Omar Belhouchet, le journaliste marocain Ali Lmrabet, la journaliste helevetique Laurance Bezaguet, le journaliste belge Baudoin Loos, Ayda Sayf Dawla d\u2019Egypte, l\u2019\u00e9crivain Gilles Perrault, Fran\u00e7ois G\u00e8se de la D\u00e9couverte, Philippe Thureau Dangin d\u2019Exils et Jean Claude Guillebaud du Seuil. Certains d\u2019entr\u2019eux ne veulent plus entendre parler de la p\u2019tite Tunisie. D\u2019autres ont chang\u00e9 de \u00ab Desk \u00bb. Mais Ben Ali reste aux aguets. Il leur interdit de fouler le sol tunisien. Ils sont toujours \u00e9pingl\u00e9s en haut du tableau. Un jour ou l\u2019autre ils payeront. <\/p>\n<p>D\u2019autres ont \u00e9t\u00e9 d\u00e9class\u00e9s. Ben Ali ne les consid\u00e8re plus. Il ne danse plus sur leurs tubes. Des has been. Ils manquent cruellement de visibilit\u00e9. Parmi les d\u00e9chus, il y a ces feux follets qui ont brill\u00e9 le temps d\u2019une bourrasque m\u00e9diatique. On ne se rappelle plus du journaliste Kamel Laabidi, de l\u2019universitaire Larbi Chouikha, du sociologue Salah Hamzaoui, des deux syndicalistes Tahar Chaieb et Abdelmajid Sahraoui, de Ma\u00eetre N\u00e9jib Hosni, du troskiste Sadri Khiari, de l\u2019expatri\u00e9e Olfa Lamloum, de l\u2019avocat Jamaleddine Bida, de l\u2019islamiste Rached Ghannouchi, des deux f\u00e9ministes Bochra Belhadj Hamida et Khadija Ch\u00e9rif, du pr\u00e9sident de Raid ( Attac Tunisie) F\u00e9thi Chamkhi, de l\u2019avocat Chawki Tabib, de l\u2019\u00e9conomiste Abdeljalil B\u00e9doui, du couple Imen Derouiche et Nourreddine Ben Nticha, du couple Ksila,des internautes de Takriz,des r\u00e9dacteurs de Kaws El Karama, du journal en ligne Tunizine,du clan Ben Brik,du biznessman Khema\u00efes Toumi,du banquier Majid Bouden, d\u2019Ali Romdhane, l\u2019homme fort de l\u2019Union G\u00e9n\u00e9rale des Travailleurs Tunisiens et encore moins de l\u2019universitaire Mezri Haddad, de l\u2019actuel b\u00e2tonnier B\u00e9chir Essid, de l\u2019eternel \u00e9tudiant Tahar Gargoura et d\u2019Elhechmi Hamdi, directeur de la chaine londonienne Almostakilla, qui ont tourn\u00e9 casaque. Des vendus \u00e0 Ben Ali en h\u00e9breu.<\/p>\n<p>De nouvelles \u00e9toiles qui brillent de tout leurs \u00e9clats ont pris place au podium. Parmi les nouvelles t\u00eates, appara\u00eet le prisonnier politique Mohamed Abou, le journaliste Slim Boukhdhir, le syndicaliste du bassin minier de Gafsa Adn\u00e8ne Hajji, le leader N\u00e9jib Chebbi, la toute nouvelle pr\u00e9sidente du Parti D\u00e9mocratique Progressiste, Maya Jribi, le pr\u00e9sident l\u00e9gitime du Syndicat des Journalistes Tunisiens, N\u00e9ji Baghouri et les deux avocats Ayachi Hammami et Raouf Ayadi. Les deux \u00ab teignes \u00bb du microcosme.<\/p>\n<p>Au purgatoire, il y a la galerie des \u00ab ni-ni \u00bb, \u00ab les aigres doux \u00bb, ceux que Ben Ali a mis en veilleuse sans les \u00e9teindre compl\u00e8tement. Il me semble reconna\u00eetre l\u2019actuel pr\u00e9sident de la Ligue Tunisienne des Droits de l\u2019Homme Mokhtar Trifi, l\u2019ancien pr\u00e9sident d\u2019Amnesty International Mahmoud Ben Romdhane, l\u2019actuelle pr\u00e9sidente de la FIDH Souhayr Belhassen, l\u2019actuelle pr\u00e9sidente de l\u2019Association Tunisiennes des Femmes D\u00e9mocrates, Sana Ben Achour, l\u2019actuel pr\u00e9sident de la ligue Tunisienne des Ecrivains Libres Jalloul Azzouna, le propri\u00e9taire de la TV Al Hiwar,Tahar Belhassine et le tr\u00e8s lisse monsieur Mustapha Ben Jaafar, chef du forum, un parti fantoche.<\/p>\n<p>Il y a aussi ceux qui sont tomb\u00e9s au champ de bataille ( pour cause de d\u00e9c\u00e8s) : l\u2019ancien b\u00e2tonnier Mohamed Chakroun, le tr\u00e8s controvers\u00e9 Mohamed Charfi, ancien ministre de Ben Ali et feu Zouheir Yahyaoui, l\u2019internaute fou&#8230;<\/p>\n<p>A chaque survivant Ben Ali a concoct\u00e9 un dossier en guise d\u2019aur\u00e9ole, de scalp : bo\u00eetes d\u2019archives, des heures d\u2019\u00e9coutes t\u00e9l\u00e9phoniques, des kilom\u00e8tres de t\u00e9l\u00e9copies, des cartons de coupures de presse, des cassettes vid\u00e9o et un amoncellement de rapports r\u00e9dig\u00e9s par les voisins, les cousins, l\u2019\u00e9picier, le cafetier, le vendeur de journaux \u00e0 la cri\u00e9e, le cireur, la femme de m\u00e9nage, le gardien de l\u2019immeuble, le jardinier, le chauffeur de taxi. Il conna\u00eet tout : la marque de leur brosse \u00e0 dents, le jour de leur circoncision, leurs plats pr\u00e9f\u00e9r\u00e9s, le cercle de leurs amis, leurs dossiers m\u00e9dicaux, leurs bulletins scolaires, leurs factures d\u2019eau et de gaz, les souches de leurs ch\u00e9quiers, les photos de leurs enfants, de leurs femmes, de leurs fr\u00e8res et s\u0153urs, de leurs cousins et cousines, jusqu\u2019aux cent quidams qui un jour ou l\u2019autre les ont salu\u00e9 par m\u00e9garde. Il les poursuit \u00e0 travers leurs hobbies, l\u2019amas et le fatras de leur vie. Ben Ali, voit ce qu\u2019ils voient, entend ce qu\u2019ils entendent, parle comme ils parlent. Il n\u2019a plus de vie hors leur vie. Une parfaite doublure. La poursuite d\u2019un sosie.<\/p>\n<p>Taoufik Ben BriK<\/p>\n<p><b>Lien\u00a0:<a href=\"http:\/\/tempsreel.nouvelobs.com\/actualites\/opinions\/20091001.OBS3248\/le_top_40_de_ben_ali_baba_par_taoufik_ben_brik.html\" target=\"_blank\" rel=\"noopener\"><font>http:\/\/tempsreel.nouvelobs.com\/actualites\/opinions\/20091001.OBS3248\/le_top_40_de_ben_ali_baba_par_taoufik_ben_brik.html<\/font><\/a><\/b><\/p>\n<p><strong><\/p>\n<hr\/>\n<p> \u00a0<\/p>\n<p align=\"center\"><font size=\"3\"><span lang=\"DE\">Afrika Korps  <\/span><\/font><font size=\"3\"><span lang=\"DE\">Eins, zwei Polizei !<\/span><\/font><\/p>\n<p><\/strong><\/p>\n<p align=\"justify\">Le blogue d\u2019Ayman El Kayman [<a href=\"http:\/\/kayman-coupsdedent.blogspot.com\/\" target=\"_blank\" rel=\"noopener\"><font>http:\/\/kayman-coupsdedent.blogspot.com<\/font><\/a> ] parle aujourd\u2019hui d\u2019une triste r\u00e9alit\u00e9, pass\u00e9e sous silence dans les m\u00e9dias de masse: ce sont les pays du Nord fournissent aux forces de l\u2019ordre du Sud leurs outils de r\u00e9pression. Une photo prise durant la sanglante r\u00e9pression de la manif pacifique de Conakry montre des flics et des militaires guin\u00e9ens en pleine action. On peut lire clairement sur le dos du policier un mot qui trahit l\u2019origine de son uniforme: POLIZEI. G\u00e9n\u00e9reuse Allemagne ! Et quels progr\u00e8s depuis le 3\u00e8me Reich ! Maintenant le fameux Afrika Korps est compos\u00e9e uniquement d\u2019Africains.<\/p>\n<p align=\"justify\">Combien d\u2019Allemands savent que l\u2019acad\u00e9mie de police de Munich re\u00e7oit et forme chaque ann\u00e9e des cadres et des officiers au Minist\u00e8re tunisien de la R\u00e9pression, alias Dakhilia [Int\u00e9rieur] ? Combien de Tunisiens savent aujourd\u2019hui que l\u2019ancien Premier ministre italien, feu Bettino Craxi, g\u00e9n\u00e9reux comme d\u2019habitude avec sa bien-aim\u00e9eTunisie, a offert aux cadres de la Dakhilia des dizaines de voitures Alfa Romeo ? L\u2019amiral Fluvio Martini, ancien chef des services secrets italiens (SISMI), pr\u00e9tend m\u00eame que le coup du 7 novembre 1987 a \u00e9t\u00e9 concoct\u00e9 \u00e0 Rome (1). L\u2019amour de Rome pour Carthage est \u00e9ternel. Sauf que le coeur de l\u2019actuel Capo de l\u2019Italie, \u00ab\u00a0Sua Emittenza\u00a0\u00bb Silvio Berlusconi, volage comme toujours, se balance entre un lugubre g\u00e9n\u00e9ral et un clownesque colonel.<\/p>\n<p align=\"justify\">Mais les tristes nouvelles qui viennent de Guin\u00e9e ne d\u00e9rangeraient en aucun cas le calme olympien du grand philosophe tunisien de la mis\u00e8re, Mezri Haddad. Il dirait:\u00a0 \u00a0\u00bb 157 morts \u00e0 Conackry, 2 morts \u00e0 Redeyef: Ben Ali a gagn\u00e9 !\u00a0\u00bb<\/p>\n<p align=\"justify\"><b><span lang=\"FR-CH\">(Source\u00a0: le blog de Omar Khayyam (censur\u00e9 en Tunisie), le 30 septembre 2009)<\/span><\/b><\/p>\n<p align=\"justify\"><span lang=\"DE\"><strong>Lien: <\/strong><a href=\"http:\/\/omarkhayyam.blogsome.com\/\" target=\"_blank\" rel=\"noopener\"><font><strong>http:\/\/omarkhayyam.blogsome.com\/<\/strong><\/font><\/a><\/span><\/p>\n<p align=\"justify\"><strong><\/strong><\/p>\n<hr\/>\n<p> \u00a0<\/p>\n<p align=\"center\"><span lang=\"FR\"><\/p>\n<h3 style=\"color: blue;\"><font size=\"3\"><strong>Ces tunisiens qui rencontrent le Christ !<\/strong><\/font><\/h3>\n<p><\/span><\/p>\n<p><font size=\"2\">Jeudi 01 Octobre 2009 <\/font><font size=\"2\">Que des chr\u00e9tiens se convertissent a l\u2019islam, cela n&rsquo;\u00e9tonne plus personne mais Qu&rsquo;en est-il du chemin inverse? Existent t-ils des musulmans se convertissant au christianisme? Qui sont-ils et comment vivent ils leurs conversions?  La r\u00e9ponse nous vient d&rsquo;un missionnaire de passage \u00e0 Tunis et qui informe le correspondant du magazine jeune Afrique \u00e0 Tunis, que toutes les couches sociales sont touch\u00e9es, de l&rsquo;intellectuel au paysan passant par l&rsquo;\u00e9tudiant et le simple ouvrier analphab\u00e8te. Le religieux pr\u00e9tend, que ces tunisiens se sont ouverts au Christ en toute spontan\u00e9it\u00e9 et de leur propre gr\u00e9, simplement en \u00e9coutant les radios comme radio Mont\u00e9-Carlo et des cha\u00eenes satellitaires comme Al-Hayat (cha\u00eene arabophone diffusant \u00e0 partir de Chypre), argument difficile a croire sachant que les missions \u00e9vang\u00e9listes s\u00e9vissent un peu partout dans le Maghreb.  Selon la m\u00eame source, les tunisiens convertis se heurtent a beaucoup de probl\u00e8mes, du rejet familial, au licenciement abusive, s\u00e9paration d&rsquo;avec le partenaire&#8230;etc..  Pour accomplir leurs rites, ils sont oblig\u00e9s de se r\u00e9unir dans les petites \u00e9glises isol\u00e9es de Tunis ou bien dans des maisons dites maisons \u00e9glises, pourtant ils ne sont pas pers\u00e9cut\u00e9s et ne sont pas en dehors de la loi selon le code p\u00e9nal tunisien, ils ne se cachent pas non plus mais jouent la discr\u00e9tion. Leur nombre serait de 500 selon \u00ab\u00a0notre missionnaire\u00a0\u00bb, moins de 250 d\u2019apr\u00e8s les services de l&rsquo;\u00e9glise catholique, ce qui reste insignifiant dans une population de plus de 10 millions d&rsquo;habitants.  Ce que notre missionnaire a omis de nous dire, c\u2019est que bon nombre de ces convertis reviennent a leur religion premi\u00e8re au bout de quelques mois&#8230;s\u00fbrement d\u00e9\u00e7us par des promesses non tenues&#8230; <\/font><b><font size=\"2\">Ouns A R (Source:\u00a0\u00bbbabnet.net\u00a0\u00bb le 1 oct. 09) Lien: <\/font><font size=\"2\"><u>http:\/\/www.babnet.net\/cadredetail-17560.asp <\/u><\/font><font size=\"2\">\u3000 \u00a0<\/font><\/b><\/p>\n<p align=\"center\"><strong><font size=\"3\"><\/font><\/strong><\/p>\n<hr\/>\n<p>Publicit\u00e9 en Tunisie : Ne pas \u00eatre vu, mais \u00eatre pr\u00e9sent\u00bb <font size=\"2\">Par <u>Sofi\u00e8ne Ben M&rsquo;rad<\/u>, publicitaire \/ webmanagercenter.com &#8211; 01 Octobre 2009  \u00a0<\/font><font size=\"2\"><\/p>\n<p align=\"justify\">Il ne sert plus \u00e0 rien de r\u00e9p\u00e9ter une fois encore que le paysage m\u00e9diatique tunisien croule, en p\u00e9riode de ramadhan, sous l\u2019effet d\u2019annonces publicitaires pl\u00e9thoriques. Un complot ourdi par un triumvirat orchestr\u00e9 entre annonceurs, cr\u00e9atifs et diffuseurs pour une \u00abgueuletonite\u00bb aigu\u00eb et le mot n\u2019est pas trop faible. <\/p>\n<p align=\"justify\">La publicit\u00e9 a pour effet de sugg\u00e9rer l\u2019achat d\u2019une marchandise ou d\u2019un produit en vantant sp\u00e9cifiquement les avantages de tel produit sur un autre (sans le nommer). Le principe premier consistant \u00e0 \u00eatre vu. Indubitablement une marque qui ne se voit pas s\u2019oublie, jusque l\u00e0, d\u2019accord. <\/p>\n<p align=\"justify\">Mais il semble qu\u2019en Tunisie, cette loi ne s\u2019applique pas. Et en bon amateur, le principe retenu c\u2019est \u00abne pas \u00eatre vu, mais \u00eatre pr\u00e9sent\u00bb. Fairplay, les annonceurs tunisiens ont pris l\u2019adage de Pierre de Coubertin \u00e0 la lettre : \u00abL\u2019essentiel est de participer\u00bb.<\/p>\n<p align=\"justify\">Outre les panneaux publicitaires qu\u2019on subit mais qu\u2019on ne regarde plus, tellement ils sont envahissants et laids avec leurs contenus criards et vulgaires, les foyers tunisiens, eux, \u00e0 l\u2019instar de la plupart des foyers du monde dit civilis\u00e9, n\u2019\u00e9chappent pas \u00e0 ce ph\u00e9nom\u00e8ne. Puisqu\u2019ils entretiennent un intrus sempiternel qui s\u2019invite chez eux malgr\u00e9 eux, et les c\u00f4toie in\u00e9vitablement. Ils le regardent et l\u2019\u00e9coutent comme hypnotis\u00e9s. Ils partageraient presque sa couche si besoin est. Malheureusement, ils ne peuvent pas lui parler pour l\u2019instant. Ils rompent le je\u00fbne en sa compagnie et d\u00e8s 19 heures, il est l\u00e0 omnipr\u00e9sent. <\/p>\n<p align=\"justify\">Il d\u00e9marre au quart de tour tel un d\u00e9part de sprinters lanc\u00e9s hors des stortings-blocs, une folle chevauch\u00e9e commence. Sur l\u2019\u00e9cran de t\u00e9l\u00e9vision \u00e0 la queue leu leu apparaissent 15 marques de jus de fruits, 8 marques de fromages, 17 marques de yaourts, 12 marques de p\u00e2tes, 4 ou 5 de thon, 6 d\u2019huile de soja, 7 halwa, 15 sucreries. Une ob\u00e8se vantant la margarine, un grand-p\u00e8re gaga qui gave un marmot gras et ob\u00e9issant, plus la bobine de quelques attard\u00e9s qui font les guignols pour de la semoule.<\/p>\n<p><b><\/b><\/p>\n<p align=\"justify\">Une diarrh\u00e9e de r\u00e9clames<\/p>\n<p align=\"justify\">L\u2019univers publicitaire dans notre pays, c\u2019est surtout un v\u00e9ritable assaut \u00e0 la mangeaille lanc\u00e9 sans retenue sur la table des Tunisiens, le tout, sans trop de mani\u00e8res. Commence alors un chemin de croix \u00e0 travers ces cha\u00eenes pour \u00e9viter soigneusement les feuilletons publicitaires. Le Tunisien se transforme alors en comptable \u00e9m\u00e9rite : sit\u00f4t calcul\u00e9 le temps imparti pour cette diarrh\u00e9e de r\u00e9clames, il revient calmement \u00e0 son spot pr\u00e9f\u00e9r\u00e9 (eh oui il faut bien parler de spot puisqu\u2019ils sont r\u00e9guli\u00e8rement entrecoup\u00e9s de \u00abfeuilletons publicitaires\u00bb) en essayant toujours de r\u00e9agir promptement \u00e0 la premi\u00e8re apparition du g\u00e9n\u00e9rique des publicit\u00e9s. Sit\u00f4t dit, sit\u00f4t fait.<\/p>\n<p align=\"justify\">D\u00e8s le premier sourire du nigaud de service vantant les m\u00e9rites des huiles untel, les t\u00e9l\u00e9commandes se mettent au diapason \u00e0 cr\u00e9piter, et nous sommes transport\u00e9s pour les uns en Egypte, pour d\u2019autres au Maroc et pour d\u2019autres encore en pleine deuxi\u00e8me mi-temps d\u2019un match tr\u00e8s passionnant opposant le Bahre\u00efn au Sultanat d\u2019Oman. Tout est \u00e0 prendre pourvu qu\u2019on \u00e9vite cette satan\u00e9e pub.<\/p>\n<p align=\"justify\">Donc le Tunisien regarde tout sauf \u00ables feuilletons\u00bb de yaourt, halwa, margarine, etc. en zappant \u00e0 qui mieux mieux \u00e0 la cadence infernale des \u00abfeuilletons\u00bb publicitaires qui apparaissent sur les \u00e9crans. Heureusement entrecoup\u00e9s de \u00abspots\u00bb dramatiques o\u00f9 les riches sont mauvais et les pauvres bons, ainsi que d\u2019\u00e9missions humoristiques qui font de la peine \u00e0 voir. <\/p>\n<p align=\"justify\">Sur une autre cha\u00eene, un autre animateur, nouveau celui-l\u00e0, amarr\u00e9 \u00e0 un smoking avec la touche \u00aboriginale et sympathique\u00bb de la ch\u00e9chia m\u00e9jidi pos\u00e9e sur sa t\u00eate (tout \u00e7\u00e0 pour nous faire rire me direz-vous), puisque personne ou presque ne la porte plus, elle a pour effet de bien marquer le c\u00f4t\u00e9 burlesque de notre pass\u00e9 \u00abt\u00e9n\u00e9breux\u00bb, mais l\u00e0 n\u2019est pas la question.<\/p>\n<p align=\"justify\">Donc, le public essaie de fuir un plus grand mal pour un hypoth\u00e9tique bien en se contentant de ce qu\u2019il y a, mais c\u2019est l\u00e0 son libre choix.<\/p>\n<p><b><\/b><\/p>\n<p align=\"justify\">Refuser en zappant<\/p>\n<p align=\"justify\">Mais alors o\u00f9 est l\u2019effet de cette \u00abchakchouka\u00bb publicitaire ? Je me le demande encore. M\u00eame si le Tunisien l\u2019ignore en zappant. Je me demande m\u00eame si les agences de rating sont s\u00e9rieuses en annon\u00e7ant les taux d\u2019audience, en tous cas, pas les taux d\u2019audience pub, \u00e7a c\u2019est s\u00fbr. Mais alors si toutes ces marques ne rencontrent pas le t\u00e9l\u00e9-consommateur tunisien, o\u00f9 est l\u2019int\u00e9r\u00eat ? L\u00e0 est la grande \u00e9nigme\u2026<\/p>\n<p align=\"justify\">Il a \u00e9t\u00e9 entendu d\u2019apr\u00e8s une enqu\u00eate r\u00e9alis\u00e9e par une grande agence fran\u00e7aise sur la diffusion de spots publicitaires sur les cha\u00eenes TV \u00e0 grande audience qu\u2019outre sa force de persuasion et son c\u00f4t\u00e9 esth\u00e9tique et original pour l\u2019annonceur, le diffuseur se doit de :<\/p>\n<p><b><\/b><\/p>\n<p align=\"justify\">1. diversifier ses publicit\u00e9s et passer les spots avec un temps limit\u00e9 afin d\u2019\u00e9viter le zapping,<\/p>\n<p><b><\/b><\/p>\n<p align=\"justify\">2. avertir l\u2019annonceur des concurrents par un routing,<\/p>\n<p><b><\/b><\/p>\n<p align=\"justify\">3. ne jamais passer en m\u00eame temps deux produits concurrents ayant les m\u00eames propri\u00e9t\u00e9s.<\/p>\n<p align=\"justify\">Les cr\u00e9atifs, si cr\u00e9atifs il y a, devront, eux, cesser de faire du plagiat ou mieux du copi\u00e9-coll\u00e9 et ramasser des prix qu\u2019ils s\u2019octroient eux-m\u00eames avec une inspiration nullissime. Toutefois, sur le plan technique, reconnaissons qu\u2019il y a un progr\u00e8s.<\/p>\n<p align=\"justify\">Il faut tenir compte aussi et c\u2019est dans l\u2019int\u00e9r\u00eat du trin\u00f4me annonceur\/client\/diffuseur des disponibilit\u00e9s psychologiques, voire socioculturelles du Tunisien. Si ce dernier ne voit que yaourt, jus, farine, \u0153ufs, semoule, ob\u00e8ses, grand-m\u00e8res gnangnan, enfants attard\u00e9s et mielleux, huiles, g\u00e2teaux au chocolat, boissons au gaz, etc., sa r\u00e9action sera sans \u00e9quivoque et ne se fera pas attendre de sa part, car tout cela devient -pour l\u2019\u00e9ventuel client qu\u2019il est cens\u00e9 \u00eatre- une diarrh\u00e9e insupportable d\u2019images et d\u2019envahissement sonore. Il en r\u00e9sultera pour l\u2019annonceur une contre-publicit\u00e9 dont les seuls b\u00e9n\u00e9ficiaires temporaires sont les diffuseurs. Mais pour combien de temps ?<\/p>\n<p align=\"justify\">A moins que les annonceurs aient d\u2019autres aspirations et ou d\u2019autres int\u00e9r\u00eats \u00e9conomiques qui rel\u00e8vent du g\u00e9nie et que nous ignorons. De gr\u00e2ce, \u00e9clairez-nous quand m\u00eame, et seulement sur l\u2019int\u00e9r\u00eat commercial de telles op\u00e9rations !<\/p>\n<p><\/font><font size=\"2\"><b><\/b><\/p>\n<p align=\"justify\">(Source:\u00a0\u00bbwebmanagercenter.com\u00a0\u00bb le 1 oct. 09)<\/p>\n<p align=\"justify\">Lien:<\/p>\n<p><\/font><font size=\"2\"> <\/font><b><u><font size=\"2\">http:\/\/www.webmanagercenter.com\/management\/article-81072-publicite-en-tunisie-ne-pas-etre-vu-mais-etre-present<\/font><\/u><\/b><\/span><\/div>\n<p><\/font><\/div>\n<div>\n<hr\/>\n<\/div>\n<div><font face=\"Arial\" size=\"2\"><\/p>\n<p align=\"center\"><span lang=\"FR-CH\"><strong><font size=\"3\">Raouf Ben Yaghlane parle de sa nouvelle pi\u00e8ce sur l\u2019\u00e9migration clandestine\u00a0: <\/font><\/strong><\/span><span lang=\"FR-CH\"><strong><font size=\"3\">J\u2019accuse cette soci\u00e9t\u00e9 d\u2019avoir marginalis\u00e9 les faibles et privil\u00e9gie les plus forts<\/font><\/strong><\/span><\/p>\n<p><i><span lang=\"FR-CH\">Apr\u00e8s la sant\u00e9 sexuelle et la libert\u00e9 d\u2019expression, Raouf Ben Yaghlane s\u2019attaque d\u00e9sormais au probl\u00e8me de l\u2019\u00e9migration clandestine dans sa nouvelle pi\u00e8ce. Observateur attentif de sa soci\u00e9t\u00e9 et scrutateur rigoureux de ses malheurs, rien n\u2019\u00e9chappe \u00e0 son regard critique et \u00e0 sa volont\u00e9 de d\u00e9voiler le mal l\u00e0 o\u00f9 il est. Interpell\u00e9 par les images de ces centaines d\u2019hommes et de femmes qui p\u00e9rissent chaque jour en mer et intrigu\u00e9 par leur volont\u00e9 d\u00e9sesp\u00e9r\u00e9e de trouver un monde meilleur, il a d\u00e9cid\u00e9 de leur donner la parole en se glissant dans leur peau pour \u00e9voquer leur mis\u00e8re, leur malaise et leur d\u00e9sespoir.<\/span><\/i><\/p>\n<p align=\"justify\"><i><span lang=\"FR-CH\">Pour cela, il a choisi de les \u00e9couter d\u2019abord, de les interroger sur ce qui les pousse \u00e0 se martyriser ainsi, sur leurs r\u00eaves et leurs d\u00e9ceptions en arrivant en Europe. Car il est conscient qu\u2019il ne peut \u00e9crire son spectacle sans impliquer les gens qui sont directement concern\u00e9s par l\u2019\u00e9migration clandestine. Il est donc parti \u00e0 leur rencontre en Italie et puis en Tunisie. Et l\u00e0, il a d\u00e9couvert une r\u00e9alit\u00e9 r\u00e9voltante et une situation inadmissible.<\/span><\/i><\/p>\n<p align=\"justify\"><b><span lang=\"FR-CH\">Pourquoi avez-vous choisi d\u2019\u00e9crire une pi\u00e8ce sur l\u2019\u00e9migration clandestine?<\/span><\/b><\/p>\n<p align=\"justify\"><span lang=\"FR-CH\">C\u2019est un sujet qui s\u2019impose. On en parle partout dans le monde entier, dans les t\u00e9l\u00e9s et dans les journaux. C\u2019est un ph\u00e9nom\u00e8ne qui touche des centaines de familles. Il est devenu urgent de le traiter. Comment se taire devant un probl\u00e8me pareil ? Comment ne pas s\u2019impliquer ? Comment ne pas chercher \u00e0 mieux le comprendre et \u00e0 le saisir ? Je trouve que c\u2019est horrible ce que nous sommes en train de regarder sur les cha\u00eenes de t\u00e9l\u00e9visions \u00e9trang\u00e8res, sur les gens qui meurent chaque jour en mer. C\u2019est insupportable ! Je consid\u00e8re que le ph\u00e9nom\u00e8ne de l\u2019\u00e9migration clandestine touche directement \u00e0 la condition humaine. Comment faire semblant de ne pas s\u2019y int\u00e9resser ? Moi, je ne peux pas ne pas traiter les th\u00e8mes chauds qui interpellent notre soci\u00e9t\u00e9, comme je l\u2019ai d\u00e9j\u00e0 fait auparavant avec des sujets br\u00fblants comme la sant\u00e9 sexuelle et la libert\u00e9 d\u2019expression.<\/span><\/p>\n<p align=\"justify\"><b><span lang=\"FR-CH\">Et donc, encore fois vous avez d\u00e9cid\u00e9 de r\u00e9agir ?<\/span><\/b><\/p>\n<p align=\"justify\"><span lang=\"FR-CH\">A vrai dire, pour faire cette pi\u00e8ce que j\u2019\u00e9cris actuellement, j\u2019ai \u00e9t\u00e9 contact\u00e9 par l\u2019organisation europ\u00e9enne Tecla qui oeuvre dans le cadre d\u2019un projet de la Commission Europ\u00e9enne, le projet MESURE pour sensibiliser les jeunes quant aux dangers de l\u2019\u00e9migration clandestine. Cette organisation travaille \u00e9galement avec l\u2019Association Maghr\u00e9bine du D\u00e9veloppement de Ressources Humaines (AMDRH) et l\u2019Association des Femmes Tunisiennes pour la Recherche et le D\u00e9veloppement (AFTURD). On m\u2019a choisi pour faire cette pi\u00e8ce car j\u2019ai d\u00e9j\u00e0 travaill\u00e9 auparavant, quand j\u2019\u00e9tais en France dans les ann\u00e9es 70-80, sur les travailleurs immigr\u00e9s.<\/span><\/p>\n<p align=\"justify\"><span lang=\"FR-CH\">J\u2019ai eu des r\u00e9unions avec les diff\u00e9rents partenaires du projet qui m\u2019ont pr\u00e9sent\u00e9 les r\u00e9sultats d\u2019une \u00e9tude faite sur le sujet avec des t\u00e9moignages \u00e9crits afin que je m\u2019en inspire pour cr\u00e9er mon spectacle. Mais en les lisant, je me suis rendu compte qu\u2019ils ne me suffisaient pas pour monter la pi\u00e8ce. Car il s\u2019agissait de donn\u00e9es recueillies \u00e0 partir d\u2019une enqu\u00eate sociologique. Or, moi, j\u2019avais besoin d\u2019\u00e9couter les gens, de parler avec eux et de comprendre surtout ce qui les motive pour mettre leur vie en p\u00e9ril et aller en Europe. J\u2019ai alors d\u00e9cid\u00e9 de me d\u00e9placer pour les voir. L\u2019organisation Tecla a mis \u00e0 ma disposition tous les moyens et je suis parti au Sud de l\u2019Italie, en Sicile.<\/span><\/p>\n<p align=\"justify\"><b><span lang=\"FR-CH\">Et qu\u2019avez-vous d\u00e9couvert l\u00e0 bas ?<\/span><\/b><\/p>\n<p align=\"justify\"><span lang=\"FR-CH\">J\u2019ai constat\u00e9 les conditions de vie d\u00e9plorables des \u00e9migr\u00e9s clandestins. Il y avait beaucoup d\u2019Africains. J\u2019ai insist\u00e9 pour rencontrer les Tunisiens. Et j\u2019ai vu ceux \u00e0 l\u2019int\u00e9rieur du camp de r\u00e9fugi\u00e9s et ceux qui s\u2019en sont \u00e9vad\u00e9s. Ils vivent dans des conditions inhumaines, en \u00e9tant oblig\u00e9s de dormir sans toit et de chercher \u00e0 manger dans les ordures, outre le fait de devoir tout le temps fuir la police. Et cela dure depuis dix, cinq ou trois ans selon les cas. Avant de les rencontrer, je pensais que mettre sa vie en p\u00e9ril pour venir en Europe valait la peine. Mais quand j\u2019ai vu leur situation l\u00e0-bas, elle m\u2019a beaucoup pr\u00e9occup\u00e9 et intrigu\u00e9. Alors, je voulais en savoir plus sur eux en leur posant de multiples questions.<\/span><\/p>\n<p align=\"justify\"><b><span lang=\"FR-CH\">Quel genre de questions ?<\/span><\/b><\/p>\n<p align=\"justify\"><span lang=\"FR-CH\">Qu\u2019est ce que vous faites ici ? Comment vivez-vous ? Pourquoi \u00eates-vous venus? Et la plupart m\u2019ont r\u00e9pondu : \u00abNous avons \u00e9t\u00e9 induits en erreur quant \u00e0 la vraie situation, ici en Italie. Nous \u00e9tions en Tunisie, entour\u00e9s de nos familles et de nos amis et puis, en voyant ceux qui sont partis \u00e0 l\u2019\u00e9tranger revenir avec beaucoup d\u2019argent, des voitures et des portables dernier cri, nous nous sommes demand\u00e9 pourquoi, eux, ils vivent ainsi et nous non, alors que nous \u00e9tions dans la m\u00eame situation de ch\u00f4mage auparavant. Et du coup, nous nous disions : pourquoi ne pas suivre leur exemple ?\u00bb. Et l\u00e0 je leur ai pos\u00e9 une autre question : \u00abAlors, en arrivant ici, vous avez d\u00e9couvert quoi ?\u00bb. La r\u00e9ponse \u00e9tait unanime : \u00abNous avons d\u00e9couvert qu\u2019ils nous ont menti sur toute la ligne. Les voitures, ils les ont emprunt\u00e9es ainsi que l\u2019argent pour nous faire croire qu\u2019ils sont riches. Car il est devenu impossible de trouver du travail en Italie. Les Italiens ne veulent plus de nous. Ils am\u00e8nent des Roumains, des Polonais et des Tch\u00e8ques pour travailler chez eux puisque l\u2019Europe s\u2019est \u00e9largie\u00bb. Finalement, je leur ai demand\u00e9 : \u00abPourquoi ne pas rentrer alors ?\u00bb Ils me r\u00e9torquaient qu\u2019ils aimeraient bien revenir en Tunisie, qu\u2019ils consid\u00e8rent d\u00e9sormais comme un paradis mais ils ne peuvent pas le faire. Car ils ne peuvent pas se permettre de rentrer les mains vides apr\u00e8s toute cette gal\u00e8re et ces sacrifices. Ils ont peur du regard accusateur de la soci\u00e9t\u00e9. Il y a ceux aussi qui n\u2019osent pas revenir au pays parce qu\u2019ils ont vol\u00e9 les bijoux de leur m\u00e8re pour se payer une place sur une barque vers l\u2019Europe.<\/span><\/p>\n<p align=\"justify\"><b><span lang=\"FR-CH\">D\u2019apr\u00e8s ce qu\u2019ils vous ont racont\u00e9, qu\u2019est-ce qui les motive \u00e0 partir ?<\/span><\/b><\/p>\n<p align=\"justify\"><span lang=\"FR-CH\">Certes, la recherche du travail est le premier motif mais pas le seul. Car quand je leur pose la question, ils me r\u00e9pondent qu\u2019en Tunisie, ils n\u2019arrivent pas \u00e0 s\u2019exprimer, \u00e0 parler de leurs probl\u00e8mes et des choses qui les tourmentent, alors qu\u2019\u00e0 l\u2019\u00e9tranger, malgr\u00e9 toute la mis\u00e8re dans laquelle ils vivent, ils ont ce privil\u00e8ge. Ils me disent aussi que chez eux, le monde appartient aux puissants et \u00e0 ceux qui ont des \u201cpistons\u201d. Or eux se sentent marginalis\u00e9s et ne peuvent m\u00eame pas le d\u00e9clarer. Et quand je leur demande : \u00abMais comment acceptez-vous de vivre dans la pr\u00e9carit\u00e9 totale ici en Italie alors que vous refusez d\u2019en supporter le quart en Tunisie? Ils me r\u00e9pondent que dans leur pays, ils ne peuvent consentir de gal\u00e9rer car ils sentiraient, dans ce cas, subir une injustice.<\/span><\/p>\n<p align=\"justify\"><b><span lang=\"FR-CH\">Quelle conclusion avez-vous tir\u00e9 de ces rencontres ?<\/span><\/b><\/p>\n<p align=\"justify\"><span lang=\"FR-CH\">La conclusion que j\u2019ai tir\u00e9 d\u2019apr\u00e8s ce que j\u2019ai vu est que ces gens ont besoin d\u2019une assistance psychologique. S\u2019ils continuent \u00e0 vivre dans la mis\u00e8re dans le pays d\u2019accueil, c\u2019est parce que la soci\u00e9t\u00e9 tunisienne ne pardonne pas l\u2019\u00e9chec. Elle n\u2019accepte pas que des gens partent au p\u00e9ril de leur vie et reviennent les mains vides. Ils en sont victimes car elle les pousse \u00e0 s\u2019attacher aux apparences, \u00e0 fuir leur r\u00e9alit\u00e9 et ne les aide pas du tout \u00e0 s\u2019assumer et \u00e0 se prendre en charge. C\u2019est pour cela que j\u2019accuse cette soci\u00e9t\u00e9 d\u2019avoir marginalis\u00e9 les faibles et privil\u00e9gie les plus forts. Je consid\u00e8re que ces personnes ont un potentiel extraordinaire qui n\u2019a pas \u00e9t\u00e9 exploit\u00e9 et mis en valeur. Un individu qui est capable de traverser une mer comme s\u2019il traversait une rue, doit avoir \u00e0 l\u2019int\u00e9rieur de lui une volont\u00e9 surprenante et une tr\u00e8s grande \u00e9nergie. Pourquoi laisser passer tout cela et ne pas donner \u00e0 cette personne une opportunit\u00e9 ? Ces gens accusent la soci\u00e9t\u00e9 de les avoir marginalis\u00e9s et moi je me joins \u00e0 eux. Et c\u2019est ce que je vais mettre en \u00e9vidence dans mon spectacle avec un peu de d\u00e9rision.<\/span><\/p>\n<p align=\"justify\"><span lang=\"FR-CH\">Nous sommes tous responsables de ce qui leur arrive. Leur demander pourquoi vous avez \u00abbr\u00fbl\u00e9\u00bb est inadmissible pour moi. C\u2019est comme si nous ignorions leur malaise, leur souffrance et le sacrifice qu\u2019ils viennent de faire ! Il faut r\u00e9fl\u00e9chir longtemps avant de leur poser une question pareille ! En tout cas, moi, je n\u2019ai pas os\u00e9 la poser. Je consid\u00e8re qu\u2019il est n\u00e9cessaire de respecter la dignit\u00e9 de ces individus en leur posant les questions qu\u2019ils m\u00e9ritent. Et puis, avant toute interrogation, il faut leur dire : Dieu merci, vous \u00eates encore en vie !<\/span><\/p>\n<p align=\"justify\"><b><span lang=\"FR-CH\">Comment ont-ils r\u00e9agi quand vous leur avez dit que vous pr\u00e9parez une pi\u00e8ce sur eux ?<\/span><\/b><\/p>\n<p align=\"justify\"><span lang=\"FR-CH\">Ils ont \u00e9t\u00e9 tr\u00e8s contents. D\u2019ailleurs, ils attendent avec impatience de voir la pi\u00e8ce. Ils m\u2019ont surtout charg\u00e9 de faire parvenir leur voix et de parler de leurs conditions de vie et de leurs souffrances.<\/span><\/p>\n<p align=\"justify\"><b><span lang=\"FR-CH\">S\u2019ils revenaient un jour en Tunisie, seraient-ils partants pour \u00abbr\u00fbler\u00bb de nouveau ?<\/span><\/b><\/p>\n<p align=\"justify\"><span lang=\"FR-CH\">Moi, je leur ai plut\u00f4t pos\u00e9 la question suivante : \u00abSi vous aviez un fr\u00e8re, un proche ou un voisin qui voudrait venir en Europe, qu\u2019est-ce vous lui conseilleriez?\u00bb Ils m\u2019ont r\u00e9pondu \u00e0 l\u2019unanimit\u00e9 : \u00abNon, non et non. Il ne faut pas qu\u2019il vienne. Nous ne voulons pas induire les autres en erreur. L\u2019Italie n\u2019est pas un paradis. Nous vivons dans la mis\u00e8re. Les Italiens eux-m\u00eames ont des probl\u00e8mes\u00bb. Et quand je leur ai demand\u00e9 : \u00abMais ce discours ne vous a-t-il pas \u00e9t\u00e9 tenu avant de partir\u00bb, ils m\u2019ont r\u00e9torqu\u00e9 : \u00abOui, mais nous n\u2019y avions pas cru\u00bb.<\/span><\/p>\n<p align=\"justify\"><b><span lang=\"FR-CH\">Vous auriez pu, pour les besoins de votre spectacle, vous limiter aux \u00e9migr\u00e9s clandestins que vous avez rencontr\u00e9s en Italie ? Pourquoi avoir tenu \u00e0 continuer ce travail \u00e0 Tunis ?<\/span><\/b><\/p>\n<p align=\"justify\"><span lang=\"FR-CH\">En Italie, j\u2019ai rencontr\u00e9 les \u00e9migr\u00e9s clandestins qui ont r\u00e9ussi \u00e0 arriver en Europe. Maintenant, je voudrais voir ceux qui veulent aller l\u00e0-bas ainsi que leurs parents. Je voudrais savoir pourquoi ils d\u00e9sirent \u00abbr\u00fbler\u00bb et ce qu\u2019ils pensent trouver en Italie. J\u2019ai eu une premi\u00e8re rencontre \u00e0 Daouar Hicher avec eux. Les gens pr\u00e9sents \u00e9taient tr\u00e8s touch\u00e9s comme vous l\u2019avez vu car ils ont senti que le rapport \u00e9tait sinc\u00e8re entre eux et moi et que je m\u2019int\u00e9ressais \u00e0 leurs malheurs, \u00e0 leurs probl\u00e8mes et \u00e0 leurs drames dont je parlerai dans ma pi\u00e8ce.<\/span><\/p>\n<p align=\"justify\"><b><span lang=\"FR-CH\">Et qu\u2019avez-vous d\u00e9duit de votre rencontre avec eux ?<\/span><\/b><\/p>\n<p align=\"justify\"><span lang=\"FR-CH\">J\u2019ai d\u00e9couvert qu\u2019il y a un \u00e9cart \u00e9norme entre le discours officiel et la r\u00e9alit\u00e9, entre ce que disent les responsables et le v\u00e9cu des gens. Il faut que ces hauts responsables aillent visiter les faibles chez eux et voir de leurs propres yeux leur existence. Ils faut qu\u2019ils quittent leurs bureaux pour aller chercher les marginalis\u00e9s et les exclus l\u00e0 o\u00f9 ils sont. Dans les caf\u00e9s par exemple, qui pourraient se transformer \u00e0 l\u2019occasion en espaces de dialogue. Il est n\u00e9cessaire que l\u2019Administration soit au service du citoyen o\u00f9 qu\u2019il soit. Je propose m\u00eame, en guise de d\u00e9rision, d\u2019organiser pour ces responsables \u00abune campagne de contact avec le peuple\u00bb !<\/span><\/p>\n<p align=\"justify\"><b><span lang=\"FR-CH\">Et vous, qu\u2019est ce que vous proposez, comme solutions au ph\u00e9nom\u00e8ne de l\u2019\u00e9migration clandestine ?<\/span><\/b><\/p>\n<p align=\"justify\"><span lang=\"FR-CH\">Je l\u2019ai dit et je le r\u00e9p\u00e8te, il faut une assistance psychologique \u00e0 ces gens qui ont \u00abbr\u00fbl\u00e9\u00bb ou qui veulent le faire. Il est n\u00e9cessaire de cr\u00e9er des cellules d\u2019\u00e9coute en Italie et en Tunisie pour les aider \u00e0 se d\u00e9couvrir, \u00e0 mieux se comprendre et se d\u00e9finir, \u00e0 se r\u00e9concilier avec eux-m\u00eames et \u00e0 pouvoir faire la diff\u00e9rence entre le r\u00eave et la r\u00e9alit\u00e9. Car faut-il le pr\u00e9ciser, cette soci\u00e9t\u00e9 fait vivre les gens dans l\u2019hypocrisie et dans les fausses apparences en leur faisant croire que tout est possible. Prenons par exemple les \u00e9missions t\u00e9l\u00e9 qui vous promettent de gagner des millions. Comment ne pas r\u00eaver de s\u2019enrichir facilement en les regardant? On ne peut pas fabriquer des r\u00eaves puis venir reprocher aux gens d\u2019y avoir cru !<\/span><\/p>\n<p align=\"justify\"><b><span lang=\"FR-CH\">Ce que vous avez fait \u00e0 Douar Hicher, allez- vous le continuer dans d\u2019autres endroits ?<\/span><\/b><\/p>\n<p align=\"justify\"><span lang=\"FR-CH\">Bien s\u00fbr ! J\u2019irai \u00e0 l\u2019int\u00e9rieur du pays visiter des endroits r\u00e9put\u00e9s pour \u00eatre des foyers de l\u2019\u00e9migration clandestine. Et puis, comme vous l\u2019avez vu, les autorit\u00e9s locales me soutiennent et je crois qu\u2019ils continueront \u00e0 le faire car je touche une probl\u00e9matique qui les int\u00e9resse.<\/span><\/p>\n<p align=\"justify\"><span lang=\"FR-CH\">Ce travail de sensibilisation que vous faites actuellement rappelle ce que vous avez r\u00e9alis\u00e9 pour la sant\u00e9 sexuelle quand vous avez mis en sc\u00e8ne le spectacle \u00abEch Ikouloulou\u00bb, non ? C\u2019est ma mani\u00e8re de proc\u00e9der et de faire mon m\u00e9tier d\u2019artiste. Quand je traite un probl\u00e8me de soci\u00e9t\u00e9, la moindre des choses est de rencontrer et de discuter avec les gens qui y sont directement concern\u00e9s. Je ne vais quand m\u00eame pas inventer des histoires sans tenir compte de la r\u00e9alit\u00e9 ! Un personnage sur sc\u00e8ne a sa raison d\u2019\u00eatre qui d\u00e9pend de mon rapport en tant qu\u2019artiste avec le r\u00e9el. Je m\u2019implique \u00e0 fond dans les probl\u00e9matiques que je traite. C\u2019est ma fa\u00e7on aussi d\u2019exercer ma citoyennet\u00e9.<\/span><\/p>\n<p align=\"justify\"><b><span lang=\"FR-CH\">Cette pi\u00e8ce sur l\u2019\u00e9migration clandestine, o\u00f9 allez-vous la pr\u00e9senter ?<\/span><\/b><\/p>\n<p align=\"justify\"><span lang=\"FR-CH\">Pour le moment, je vais la pr\u00e9senter en Tunisie pour les \u00e9migr\u00e9s vivant en Italie et en langue italienne dans plusieurs r\u00e9gions en Italie. Car je suis en train de pr\u00e9parer la version italienne de mon spectacle avec un metteur en sc\u00e8ne et un producteur de l\u00e0-bas. Mais dans cette version, je vais traiter la question du point de vue du pays d\u2019accueil qui avoue avoir des difficult\u00e9s \u00e0 accepter cette \u00e9migration clandestine, du moins de point de vue officiel. Du reste, elle profite bien \u00e0 la mafia et aux r\u00e9seaux int\u00e9gristes!<\/span><\/p>\n<p align=\"justify\"><span>Han\u00e8ne Zbiss<\/span><\/p>\n<p align=\"justify\"><b><span lang=\"FR-CH\">(Source\u00a0: \u00ab\u00a0R\u00e9alit\u00e9s\u00a0\u00bb (Magazine hebdomadaire \u2013 Tunis), le 18 mai 2009)<\/span><\/b><\/p>\n<p><\/font><\/div>\n<div>\u00a0<\/div>\n<div>\n<hr\/>\n<\/div>\n<p align=\"center\"><b><span lang=\"FR-CH\"><font size=\"3\">Le CV anonyme et la burka \u00a0<\/font><\/span><\/b><\/p>\n<p align=\"justify\"><span lang=\"FR-CH\"><span lang=\"FR-CH\">par <font><strong>Sadri Khiari <\/strong><\/font><\/span><strong>Selon WK-RH, un site consacr\u00e9 \u00e0 la gestion des \u00ab\u00a0ressources humaines\u00a0\u00bb, l\u2019exp\u00e9rimentation nationale du CV anonyme, destin\u00e9 \u00e0 combattre la s\u00e9lection raciale \u00e0 l\u2019emploi, devrait d\u00e9marrer d\u00e9but octobre\u00a0[<\/strong><\/span><a href=\"http:\/\/www.indigenes-republique.fr\/article.php3?id_article=721#nb1\" target=\"_blank\" title=\"[1] http:\/\/www.wk-rh.fr\/actualites\/detail\/15314\/cv-anonyme-l-experimentation-nat\" rel=\"noopener\"><font><strong><span lang=\"FR-CH\">1<\/span><\/strong><\/font><\/a><strong>]. La fameuse loi sur l\u2019\u00ab\u00a0\u00e9galit\u00e9 des chances\u00a0\u00bb d\u2019avril 2006 avait d\u00e9j\u00e0 rendue l\u2019anonymisation des CV obligatoire pour les entreprises de plus de 50 salari\u00e9s. Faute de d\u00e9crets d\u2019application, la d\u00e9cision du Parlement \u00e9tait rest\u00e9e lettre morte.<\/strong><\/p>\n<p align=\"justify\"><b><span lang=\"FR-CH\">Beaucoup de bruit pour rien<\/span><\/b><\/p>\n<p align=\"justify\"><span lang=\"FR-CH\">O\u00f9 sont donc pass\u00e9es tous les grandes promesses de lutte contre les discriminations raciales\u00a0? Rappelez-vous, le 8 janvier 2008, quelques mois \u00e0 peine apr\u00e8s son \u00e9lection, Nicolas Sarkozy avait annonc\u00e9 son intention de modifier le pr\u00e9ambule de la Constitution pour y int\u00e9grer \u00ab\u00a0<i>les nouveaux droits que notre \u00e9poque appelle<\/i>\u00a0\u00bb et, en particulier, la promotion de la \u00ab\u00a0diversit\u00e9\u00a0\u00bb. Pr\u00e9sid\u00e9 par Simone Veil, un comit\u00e9 de r\u00e9flexion, mis en place au mois d\u2019avril, devait plancher sur la question. R\u00e9sultat\u00a0: z\u00e9ro\u00a0! Y a rien \u00e0 changer dans notre Constitution avait conclu les \u00ab\u00a0experts\u00a0\u00bb. Un joli petit coup de pied dans le post\u00e9rieur pr\u00e9sidentiel.<\/span><\/p>\n<p align=\"justify\"><span lang=\"FR-CH\">Mais Sarkozy n\u2019est pas homme \u00e0 se laisser d\u00e9monter. Le 17 d\u00e9cembre, le jour m\u00eame o\u00f9 le rapport Veil lui est remis officiellement, il prononce un long discours \u00e0 l\u2019\u00e9cole Polytechnique, tout entier consacr\u00e9 \u00e0 la \u00ab\u00a0diversit\u00e9\u00a0\u00bb. Il y prend ses distances, il est vrai, avec les \u00ab\u00a0statistiques ethniques\u00a0\u00bb, le \u00ab\u00a0communautarisme\u00a0\u00bb et la \u00ab\u00a0discrimination positive\u00a0\u00bb qui font tellement peur aux souchiens mais, comme \u00e0 son habitude quand il prend la parole, il va quand m\u00eame tr\u00e8s loin, bien au-del\u00e0 de ses intentions r\u00e9elles. On l\u2019a d\u00e9couvert ainsi quasiment anticapitaliste, \u00e9cologiste, f\u00e9ministe\u00a0; pour peu on pourrait le croire anticolonialiste. Sa capacit\u00e9 \u00e0 s\u2019approprier les mots des autres est en proportion inverse du nombre de ses principes. Et comme il ne croit en rien, il peut tout dire. Citations\u00a0: \u00ab\u00a0<i>Vive la R\u00e9publique, une R\u00e9publique des droits r\u00e9els et non virtuels<\/i>\u00a0\u00bb. \u00ab\u00a0<i>Nous trahissons l\u2019id\u00e9al r\u00e9publicain en proclamant notre attachement \u00e0 une R\u00e9publique formelle sans nous soucier de construire une R\u00e9publique r\u00e9elle. Il n\u2019y a pas de R\u00e9publique r\u00e9elle sans volontarisme r\u00e9publicain. Il n\u2019y a pas de R\u00e9publique r\u00e9elle sans la volont\u00e9 de corriger les in\u00e9galit\u00e9s, en traitant in\u00e9galement les situations in\u00e9gales. C\u2019est la cl\u00e9.<\/i>\u00a0\u00bb \u00ab\u00a0<i>L\u2019\u00e9galit\u00e9 des chances\u00a0: ce doit \u00eatre la priorit\u00e9 d\u2019aujourd\u2019hui.<\/i>\u00a0\u00bb. \u00ab\u00a0<i>L\u2019\u00e9galit\u00e9 des chances ne doit pas \u00eatre une priorit\u00e9 dans les mots, cela doit \u00eatre une priorit\u00e9 dans les actes. Je vais m\u2019y engager chaque jour. Je veux une mobilisation de tout l\u2019appareil de l\u2019\u00c9tat, de toutes les administrations et de tous les minist\u00e8res. Et l\u2019\u00c9tat doit \u00eatre exemplaire et il ne l\u2019est pas. Exemplaire dans la mise en \u0153uvre des politiques en faveur de l\u2019\u00e9galit\u00e9 des chances, exemplaire dans la lutte contre les discriminations, exemplaire dans la promotion de la diversit\u00e9, exemplaire en mati\u00e8re de transparence sur les r\u00e9sultats. Et l\u2019\u00c9tat doit \u00eatre exemplaire mais les collectivit\u00e9s locales aussi, les partis politiques aussi, les entreprises \u00e9galement.<\/i>\u00a0\u00bb<\/span><\/p>\n<p align=\"justify\"><span lang=\"FR-CH\">Le Bavard de l\u2019Elys\u00e9e ne s\u2019en tient pas \u00e0 la r\u00e9affirmation de ces grands principes\u00a0; il trace aussi les axes d\u2019un programme d\u2019action pour enrayer la reproduction des in\u00e9galit\u00e9s dans les diff\u00e9rents champs de la soci\u00e9t\u00e9 (enseignement et formation, emploi, urbanisme, m\u00e9dias, repr\u00e9sentation politique, statistiques&#8230;) et confie \u00e0 Yazid Sabeg, nomm\u00e9 Commissaire \u00e0 la diversit\u00e9 et \u00e0 l\u2019\u00e9galit\u00e9 des chances, la charge de concevoir pr\u00e9cis\u00e9ment les r\u00e9formes \u00e0 engager. Certes, l\u2019ensemble de son propos r\u00e9v\u00e8le son m\u00e9pris foncier pour l\u2019\u00e9galit\u00e9 r\u00e9elle qu\u2019il d\u00e9nonce comme \u00ab\u00a0\u00e9galitarisme\u00a0\u00bb\u00a0; il est profond\u00e9ment \u00e9litiste et d\u00e9fend une vision lib\u00e9rale et m\u00e9ritocratique de la soci\u00e9t\u00e9\u00a0; on sait aussi que la b\u00eate a du flair, que Sarkozy aimerait bien gagner nos voix, qu\u2019il utilise, selon les mots d\u2019un imb\u00e9cile, \u00ab\u00a0<i>la diversit\u00e9 contre l\u2019\u00e9galit\u00e9<\/i>\u00a0\u00bb\u00a0[<\/span><a href=\"http:\/\/www.indigenes-republique.fr\/article.php3?id_article=721#nb2\" target=\"_blank\" title=\"[2] C&#039;est le titre d&#039;un essai d\u00e9bile publi\u00e9 cette ann\u00e9e aux \u00e9ditions (...)\" rel=\"noopener\"><font><span lang=\"FR-CH\">2<\/span><\/font><\/a><span lang=\"FR-CH\">]\u00a0; on sait surtout que la r\u00e9volte des cit\u00e9s est toujours dans les esprits\u00a0: ne rien faire pour emp\u00eacher la fracture socio-raciale de s\u2019approfondir, c\u2019est l\u2019assurance de nouvelles convulsions sociales aux risques politiques impr\u00e9visibles.<\/span><\/p>\n<p align=\"justify\"><span lang=\"FR-CH\">L\u2019opposition parlementaire en est consciente \u00e9galement. Et puis, la nomination de personnalit\u00e9s issues de la \u00ab\u00a0diversit\u00e9\u00a0\u00bb au gouvernement lui ait rest\u00e9 en travers de la gorge. Pas question, donc, de laisser Sarkozy continuer \u00e0 avoir l\u2019initiative sur le terrain des discriminations et en r\u00e9colter les fruits sur l\u2019ar\u00e8ne \u00e9lectorale. Le 9 d\u00e9cembre, au nom des socialistes, la d\u00e9put\u00e9e Georges Pau-Langevin d\u00e9pose ainsi \u00e0 l\u2019Assembl\u00e9e nationale une proposition de loi \u00ab\u00a0<i>visant \u00e0 lutter contre les discriminations li\u00e9es \u00e0 l\u2019origine, r\u00e9elle ou suppos\u00e9e<\/i>\u00a0\u00bb. Gu\u00e8re tr\u00e8s audacieuse, elle propose tout de m\u00eame d\u2019imposer quelques contraintes au patronat.<\/span><\/p>\n<p align=\"justify\"><span lang=\"FR-CH\">Pr\u00e8s d\u2019un an apr\u00e8s qu\u2019en reste-t-il\u00a0? Rien. Veil a donc envoy\u00e9 balader Sarkozy. La loi du PS est pass\u00e9e \u00e0 la trappe, sabot\u00e9e par la droite. Confront\u00e9 d\u00e8s le d\u00e9but \u00e0 une forte opposition, Yazid Sabeg a mis beaucoup d\u2019eau dans son vin, mais le rapport et les mesures qu\u2019il a propos\u00e9es ont soulev\u00e9 un tel toll\u00e9 chez les sentinelles de l\u2019ordre blanc, toutes tendances confondues, que Sarkozy l\u2019a quasiment d\u00e9savou\u00e9. Au placard, Sabeg\u00a0!<\/span><\/p>\n<p align=\"justify\"><b><span lang=\"FR-CH\">Quand la montagne accouche d\u2019une souris<\/span><\/b><\/p>\n<p align=\"justify\"><span lang=\"FR-CH\">J\u2019ai dit qu\u2019il ne restait rien de tout ce charivari mais j\u2019aurais d\u00fb dire \u00ab\u00a0presque rien\u00a0\u00bb. Plus exactement, il ne reste que l\u2019exp\u00e9rimentation du tr\u00e8s contestable CV anonyme, lequel fait l\u2019unanimit\u00e9 \u00e0 droite et \u00e0 gauche mais pas chez les chefs d\u2019entreprises. En fait, la d\u00e9cision de promouvoir l\u2019anonymisation du CV est d\u00e9j\u00e0 incluse dans la loi du 31 mars 2006 pour l\u2019\u00e9galit\u00e9 des chances, promulgu\u00e9e, on s\u2019en souvient, en r\u00e9action \u00e0 la r\u00e9volte des banlieues. Il y est pr\u00e9vu notamment d\u2019introduire un nouvel article dans le code du travail\u00a0: \u00ab\u00a0<i>Dans les entreprises de cinquante salari\u00e9s et plus, les informations mentionn\u00e9es \u00e0 l\u2019article L. 121-6 et communiqu\u00e9es par \u00e9crit par le candidat \u00e0 l\u2019emploi doivent \u00eatre examin\u00e9es dans des conditions pr\u00e9servant son anonymat. Les modalit\u00e9s d\u2019application du pr\u00e9sent article sont d\u00e9termin\u00e9es par d\u00e9cret en Conseil d\u2019Etat<\/i>.\u00a0\u00bb Plus de 3 ans apr\u00e8s sa promulgation, en l\u2019absence de d\u00e9crets d\u2019application, la loi n\u2019a jamais \u00e9t\u00e9 appliqu\u00e9e.<\/span><\/p>\n<p align=\"justify\"><span lang=\"FR-CH\">Dans son discours \u00e0 l\u2019Ecole polytechnique, Sarkozy avait \u00e0 nouveau \u00e9voqu\u00e9 la question mais pour en limiter imm\u00e9diatement la port\u00e9e. \u00ab\u00a0<i>Je souhaite que le CV anonyme devienne un r\u00e9flexe pour les employeurs<\/i>\u00a0\u00bb, d\u00e9clare-t-il alors, mais, plut\u00f4t que de se r\u00e9f\u00e9rer \u00e0 la loi, il choisit de se r\u00e9f\u00e9rer \u00e0 l\u2019accord interbranches sur la \u00ab\u00a0diversit\u00e9\u00a0\u00bb, un catalogue de v\u0153ux pieux, conclu par les \u00ab\u00a0partenaires sociaux\u00a0\u00bb en 2006 et qui pr\u00e9voyait seulement l\u2019exp\u00e9rimentation du CV anonyme. \u00ab\u00a0<i>Cette exp\u00e9rimentation<\/i>, poursuit ainsi Sarkozy, <i>il faut maintenant la conduire. En 2009, le gouvernement proposera \u00e0 100 grandes entreprises de mettre en place le CV anonyme. Les r\u00e9sultats diront s\u2019il faut aller plus loin.<\/i>\u00a0\u00bb Dans son rapport, Sabeg ne va pas au-del\u00e0 sinon pour annoncer que 150 entreprises et non plus 100 devront se pr\u00eater \u00e0 l\u2019exp\u00e9rimentation.<\/span><\/p>\n<p align=\"justify\"><span lang=\"FR-CH\">D\u00e9sormais, si l\u2019on en croit les informations fournies par le site WK-RH, tout est en place pour que d\u00e9bute l\u2019op\u00e9ration qui devrait durer jusqu\u2019en mars prochain. \u00ab\u00a0<i>Le comit\u00e9 de pilotage charg\u00e9 d\u2019\u00e9laborer le cahier des charges et de baliser le d\u00e9roulement, sous l\u2019\u00e9gide du commissaire \u00e0 la diversit\u00e9, mais aussi du ministre du Travail, Xavier Darcos, et du secr\u00e9tariat d\u2019\u00c9tat charg\u00e9 de l\u2019emploi, Laurent Wauquiez, vient de rendre sa copie<\/i>\u00a0\u00bb. En dehors de grandes entreprises comme BNP Paribas, Adecco Accor, Axa et Bouygues Telecom, les volontaires seraient toutefois en nombre insuffisant, et le gouvernement va devoir d\u00e9marcher aupr\u00e8s des soci\u00e9t\u00e9s de plus de 50 salari\u00e9s pour les inciter \u00e0 faire \u00ab\u00a0<i>acte de citoyennet\u00e9<\/i>\u00a0\u00bb. Mais ce n\u2019est pas gagn\u00e9\u00a0: les patrons d\u00e9testent qu\u2019on se m\u00eale de leurs oignons\u00a0[<\/span><a href=\"http:\/\/www.indigenes-republique.fr\/article.php3?id_article=721#nb3\" target=\"_blank\" title=\"[3] Un cabinet de recrutement sur deux est favorable \u00e0 la mise en \u0153uvre du CV (...)\" rel=\"noopener\"><font><span lang=\"FR-CH\">3<\/span><\/font><\/a><span lang=\"FR-CH\">]\u00a0!<\/span><\/p>\n<p align=\"justify\"><b><span lang=\"FR-CH\">Un gadget inefficace<\/span><\/b><\/p>\n<p align=\"justify\"><span lang=\"FR-CH\">On pourrait penser que les r\u00e9ticences des chefs d\u2019entreprises \u00e0 appliquer une telle mesure plaident en sa faveur. En v\u00e9rit\u00e9, il n\u2019en est rien. En premier lieu, aussi bien la loi de 2006 que l\u2019exp\u00e9rimentation pr\u00e9vue ne concernent que les soci\u00e9t\u00e9s de plus de 50 salari\u00e9s. Or, les discriminations au recrutement sont massives \u00e9galement dans les entreprises plus petites. En outre, le secteur qui pratique le plus la discrimination raciale est la fonction publique au demeurant pas concern\u00e9e par le CV anonyme. Admettons cependant que celui-ci soit g\u00e9n\u00e9ralis\u00e9. Il n\u2019en resterait pas moins qu\u2019une grande majorit\u00e9 des recrutements continueraient de se pratiquer, non sur la base du CV, mais \u00e0 travers les r\u00e9seaux sociaux, les relations directes et les cabinets sp\u00e9cialis\u00e9s. Admettons encore que toutes ces pratiques de recrutement soient interdites. Rien ne garantit que les candidatures ind\u00e9sirables &#8211; les bougnoules et les n\u00e8gres &#8211; ne soient pas \u00e9cart\u00e9es lors du premier entretien. Il faudrait alors imposer aux candidats de porter un masque. Et encore, ce ne serait pas suffisant\u00a0: ils devraient aussi travestir leurs accents, modifier leurs mani\u00e8res de parler, de bouger, de s\u2019habiller, etc. \u00ab\u00a0<i>On le fait d\u00e9j\u00e0\u00a0!<\/i>\u00a0\u00bb. \u00ab\u00a0<i>Ah oui, c\u2019est vrai, ben alors il reste plus que le masque\u00a0! Mais il faudra le porter toute votre vie parce qu\u2019une fois franchie la barri\u00e8re du recrutement, il y aura encore d\u2019autres barri\u00e8res pour vous interdire d\u2019avoir les promotions auxquelles vous aurez droit ou, tout simplement, d\u2019\u00eatre respect\u00e9s par la hi\u00e9rarchie et m\u00eame par certains de vos coll\u00e8gues blancs.<\/i>\u00a0\u00bb C\u2019est \u00e7a qu\u2019a oubli\u00e9 Mohamed Kessous, le journaliste du <i>Monde<\/i> qui a fait le r\u00e9cit du racisme auquel il est confront\u00e9\u00a0: il ne faut pas seulement masquer son nom\u00a0; <i>il faut devenir un masque<\/i>&#8230;<\/span><\/p>\n<p align=\"justify\"><b><span>CV anonyme et burka<\/span><\/b><\/p>\n<p align=\"justify\"><span lang=\"FR-CH\">Or, justement, ce que ne comprennent pas les ap\u00f4tres du CV anonyme, c\u2019est que nous ne voulons plus porter de masques. Quand bien m\u00eame l\u2019anonymisation du CV pourrait permettre de r\u00e9duire le nombre des discriminations raciales, ce ne serait qu\u2019une <i>apparence<\/i> de r\u00e9duction. <i>La discrimination fondamentale, c\u2019est le masque oblig\u00e9<\/i>. Trouver un emploi gr\u00e2ce au masque ou \u00eatre exclu d\u2019un emploi faute de masque, c\u2019est \u00e9galement \u00eatre discrimin\u00e9. \u00catre contraint de porter un masque est une insupportable atteinte \u00e0 notre identit\u00e9, c\u2019est-\u00e0-dire \u00e0 notre dignit\u00e9. C\u2019est devenir invisible. Abstrait. Non pas un \u00eatre humain de chair, de sang et d\u2019histoire qui voudrait gagner sa vie mais un candidat abstrait, une entit\u00e9 hybride, \u00e0 la fois \u00ab\u00a0sujet de droits\u00a0\u00bb, tel qu\u2019il pourrait sortir d\u2019un dictionnaire juridique, et \u00ab\u00a0bloc de comp\u00e9tences\u00a0\u00bb, fabriqu\u00e9 par l\u2019appareil scolaire. Le CV anonyme r\u00e9v\u00e8le, en effet, beaucoup de choses sur cette soci\u00e9t\u00e9. Une soci\u00e9t\u00e9 qui a tellement peur des particularit\u00e9s qu\u2019elle r\u00e9duit les gens \u00e0 des sp\u00e9cifications techniques, comme on pourrait le faire d\u2019une quelconque machine. C\u2019est d\u2019ailleurs quand le mode d\u2019emploi est mal r\u00e9dig\u00e9 qu\u2019on assiste \u00e0 des drames comme les suicides r\u00e9currents des employ\u00e9s de France t\u00e9l\u00e9com. Normalement, sur chaque nouvel employ\u00e9 livr\u00e9 \u00e0 l\u2019entreprise, le fabricant aurait d\u00fb accoler un avertissement\u00a0: \u00ab\u00a0<i>Attention\u00a0: ne pas laisser sous tension plus de 2h. Risque d\u2019explosion suicidaire<\/i>\u00a0\u00bb.<\/span><\/p>\n<p align=\"justify\"><span lang=\"FR-CH\">La seule mani\u00e8re de concevoir l\u2019\u00e9galit\u00e9, nous dit le CV anonyme, c\u2019est l\u2019\u00e9galit\u00e9 de droit entre des individus abstraits. Et c\u2019est peut-\u00eatre pour cela que les secteurs les plus avanc\u00e9s de la Modernit\u00e9, en l\u2019occurrence les tr\u00e8s grandes entreprises, sont les moins r\u00e9ticents \u00e0 anonymiser les proc\u00e9dures de recrutements. L\u2019expression \u00ab\u00a0anonyme\u00a0\u00bb ne rend d\u2019ailleurs pas le v\u00e9ritable sens de ce qui est propos\u00e9\u00a0; il faudrait plut\u00f4t dire le \u00ab\u00a0CV abstrait\u00a0\u00bb, car, c\u2019est bien d\u2019abstraction dont il s\u2019agit et non pas d\u2019anonymat. Ainsi, la photo d\u2019une candidate portant la \u00ab\u00a0burka\u00a0\u00bb ne rend pas, pour autant, son CV anonyme. Bien au contraire, son corps dispara\u00eet pour mettre encore plus en \u00e9vidence son identit\u00e9. Son CV souligne avec force que la candidate est dot\u00e9e d\u2019une individualit\u00e9 autonome, qu\u2019elle a une histoire, une culture, une identit\u00e9 et qu\u2019elle y tient\u00a0[<\/span><a href=\"http:\/\/www.indigenes-republique.fr\/article.php3?id_article=721#nb4\" target=\"_blank\" title=\"[4] Allez-y, dites \u00ab il pr\u00f4ne le port de la burka \u00bb ; je m&#039;en fous (...)\" rel=\"noopener\"><font><span lang=\"FR-CH\">4<\/span><\/font><\/a><span lang=\"FR-CH\">]. Elle devient une candidate singuli\u00e8re, sp\u00e9cifique, l\u2019inverse d\u2019une simple force de travail ou d\u2019une citoyenne abstraite.<\/span><\/p>\n<p align=\"justify\"><span lang=\"FR-CH\">On voit, ici, toute l\u2019hypocrisie qui se cache derri\u00e8re les arguments qui sont oppos\u00e9s au voile int\u00e9grale par les \u00e9radicateurs islamophobes\u00a0: \u00ab\u00a0<i>Il n\u2019est pas admissible que le visage des individus soit cach\u00e9\u00a0; l\u2019humanit\u00e9 est dans le regard\u00a0; le vivre ensemble est dans l\u2019\u00e9change des regards<\/i>.\u00a0\u00bb En r\u00e9alit\u00e9, on veut interdire la \u00ab\u00a0burka\u00a0\u00bb pour invisibiliser les femmes qui le portent, pour les rendre \u00e0 l\u2019abstraction, pour les d\u00e9shumaniser. L\u2019individu n\u2019est pas tu\u00e9 par ses particularit\u00e9s communautaires, il est tu\u00e9 par l\u2019Abstraction. C\u2019est \u00e7a la \u00ab\u00a0Civilisation\u00a0\u00bb.<\/span><\/p>\n<p align=\"justify\"><span lang=\"FR-CH\">Et la \u00ab\u00a0Civilisation\u00a0\u00bb qui produit des \u00eatres vides et seuls a horreur de ces Arabes et de ces Noirs qui s\u2019obstinent \u00e0 \u00eatre des individus \u00ab\u00a0pleins\u00a0\u00bb, particuliers, conscients de leurs particularit\u00e9s et fiers de leurs particularit\u00e9s. Le sens r\u00e9el du CV anonyme, ce n\u2019est pas seulement d\u2019\u00eatre un instrument futile pour combattre les in\u00e9galit\u00e9s raciales, ce n\u2019est pas de renoncer \u00e0 hi\u00e9rarchiser les particularit\u00e9s dans le domaine de l\u2019emploi, c\u2019est occulter et arracher les singularit\u00e9s pour faire de chacun un \u00eatre abstrait. Nous ne sommes tol\u00e9rables \u00e0 leurs yeux qu\u2019en devenant l\u2019expression incarn\u00e9e de la d\u00e9shumanisation moderne. L\u2019exp\u00e9rimentation du CV anonyme n\u2019est pas l\u00e0 o\u00f9 on la croit. C\u2019est nous qui devenons les cobayes de l\u2019abstraction absolue qui est le r\u00eave que la Modernit\u00e9 voudrait g\u00e9n\u00e9raliser \u00e0 toute l\u2019humanit\u00e9.<\/span><\/p>\n<p align=\"justify\"><i><span lang=\"IT\">Sadri Khiari<\/span><\/i><span lang=\"IT\">, le 30 septembre 0<\/span><\/p>\n<p align=\"justify\"><span lang=\"IT\">[<\/span><a href=\"http:\/\/www.indigenes-republique.fr\/article.php3?id_article=721#nh1\" target=\"_blank\" rel=\"noopener\"><font><span lang=\"IT\">1<\/span><\/font><\/a><span lang=\"IT\">] http:\/\/www.wk-rh.fr\/actualites\/detail\/15314\/cv-anonyme-l-experimentation-nationale-demarrera-debut-octobre.html#<\/span><\/p>\n<p align=\"justify\"><span lang=\"FR-CH\">[<\/span><a href=\"http:\/\/www.indigenes-republique.fr\/article.php3?id_article=721#nh2\" target=\"_blank\" rel=\"noopener\"><font><span lang=\"FR-CH\">2<\/span><\/font><\/a><span lang=\"FR-CH\">] C\u2019est le titre d\u2019un essai d\u00e9bile publi\u00e9 cette ann\u00e9e aux \u00e9ditions Raisons d\u2019agir. L\u2019auteur s\u2019appelle Walter Benn Michaels.<\/span><\/p>\n<p align=\"justify\"><span lang=\"FR-CH\">[<\/span><a href=\"http:\/\/www.indigenes-republique.fr\/article.php3?id_article=721#nh3\" target=\"_blank\" rel=\"noopener\"><font><span lang=\"FR-CH\">3<\/span><\/font><\/a><span lang=\"FR-CH\">] Un cabinet de recrutement sur deux est favorable \u00e0 la mise en \u0153uvre du CV anonyme, la m\u00eame proportion se disant contre. Tel est le r\u00e9sultat de l\u2019enqu\u00eate men\u00e9e au mois de mai par l\u2019association \u00ab\u00a0A Comp\u00e9tence \u00e9gale\u00a0\u00bb aupr\u00e8s de 39 de ses membres, et pr\u00e9sent\u00e9e dans un rapport sur le CV anonyme remis \u00e0 Yazid Sabeg, le 11 juin dernier. Ce sont sans doute ces r\u00e9ticences qui ont emp\u00each\u00e9 l\u2019application de la loi de 2006.<\/span><\/p>\n<p align=\"justify\"><span lang=\"FR-CH\">[<\/span><a href=\"http:\/\/www.indigenes-republique.fr\/article.php3?id_article=721#nh4\" target=\"_blank\" rel=\"noopener\"><font><span lang=\"FR-CH\">4<\/span><\/font><\/a><span lang=\"FR-CH\">] Allez-y, dites \u00ab\u00a0<i>il pr\u00f4ne le port de la burka<\/i>\u00a0\u00bb\u00a0; je m\u2019en fous\u00a0!<\/span><\/p>\n<p align=\"justify\">\u00a0<\/p>\n<p align=\"justify\"><b><span lang=\"FR-CH\">(Source\u00a0: le site \u00ab\u00a0Indig\u00e8nes R\u00e9publique\u00a0\u00bb, le jeudi 1er octobre 2009)<\/span><\/b><\/p>\n<p><b><span lang=\"FR-CH\">Lien\u00a0:<\/span><\/b><a href=\"http:\/\/www.indigenes-republique.fr\/article.php3?id_article=721\" target=\"_blank\" rel=\"noopener\"><font><strong>http:\/\/www.indigenes-republique.fr\/article.php3?id_article=721<\/strong><\/font><\/a><strong> <\/p>\n<hr\/>\n<p><\/strong><font face=\"Arial\" size=\"2\"><\/p>\n<div>\n<p align=\"center\"><b><span lang=\"FR-CH\"><font size=\"3\">Les signaux GPS ont d\u00e9sormais une pr\u00e9cision de \u00ab\u00a0un \u00e0 deux m\u00e8tres\u00a0\u00bb en Europe<\/font><\/span><\/b><\/p>\n<p><span lang=\"FR-CH\">AFP, le 1er octubre 2009 \u00e0 16h02<\/span><\/p>\n<p><span lang=\"FR-CH\">BRUXELLES, 1 oct 2009 (AFP) &#8211;\u00a0\u00a0Les Europ\u00e9ens disposent d\u00e9sormais de signaux GPS d&rsquo;une pr\u00e9cision de localisation de \u00ab\u00a0un \u00e0 deux m\u00e8tres\u00a0\u00bb, contre pr\u00e8s de dix m\u00e8tres auparavant, a annonc\u00e9 jeudi la Commission europ\u00e9enne.<\/span><\/p>\n<p>Le service gratuit EGNOS (le syst\u00e8me europ\u00e9en de navigation par recouvrement g\u00e9ostationnaire) permet d&rsquo;am\u00e9liorer la pr\u00e9cision du syst\u00e8me de radionavigation par satellite am\u00e9ricain GPS, qui atteint en moyenne pr\u00e8s de dix m\u00e8tres. Il pr\u00e9c\u00e8de de quelques ann\u00e9es l&rsquo;av\u00e8nement de Galileo, projet technologique phare qui permettra \u00e0 l&rsquo;UE de rivaliser avec le GPS (Global Positioning System) d&rsquo;ici fin 2013. EGNOS fonctionne d\u00e9j\u00e0 de mani\u00e8re optimale depuis le d\u00e9but de l&rsquo;ann\u00e9e, mais il vient seulement de se doter d&rsquo;une structure juridique, ce qui permet \u00e0 la Commission d&rsquo;en vanter les m\u00e9rites. Il permet d\u00e9j\u00e0 de guider les conducteurs automobiles et d&rsquo;offrir de nouveaux services \u00e0 divers secteurs, par exemple en mati\u00e8re d&rsquo;\u00e9pandage de haute pr\u00e9cision des engrais dans l&rsquo;agriculture. Ult\u00e9rieurement, EGNOS sera \u00e9galement certifi\u00e9 pour une utilisation par l&rsquo;aviation civile, qui op\u00e8re encore beaucoup par de simples communications radio avec les tours de contr\u00f4le. Ses applications sont infinies: il pourra aussi servir par exemple \u00e0 l&rsquo;assistance aux accident\u00e9s, \u00e0 l&rsquo;automatisation des passages aux p\u00e9ages routiers ou \u00e0 la navigation des personnes non voyantes. Ce syst\u00e8me est a priori param\u00e9tr\u00e9 sur tous les r\u00e9cepteurs GPS achet\u00e9s depuis moins d&rsquo;un an. Les Am\u00e9ricains disposent depuis plusieurs ann\u00e9es d&rsquo;un syst\u00e8me similaire pour am\u00e9liorer la pr\u00e9cision des signaux de base de GPS, mais il ne couvre pas le territoire europ\u00e9en. EGNOS couvre la plupart des Etats europ\u00e9ens et a la possibilit\u00e9 d&rsquo;\u00eatre \u00e9tendu \u00e0 d&rsquo;autres r\u00e9gions, telles que l&rsquo;Afrique du Nord et les pays voisins de l&rsquo;UE. Il se compose de transpondeurs embarqu\u00e9s sur trois satellites g\u00e9ostationnaires et d&rsquo;un r\u00e9seau terrestre comprenant environ 40 stations de positionnement et quatre centres de contr\u00f4le. Son exploitation a \u00e9t\u00e9 confi\u00e9e \u00e0 la soci\u00e9t\u00e9 European Satellite Services Provider, fond\u00e9e par sept fournisseurs de services de navigation a\u00e9rienne et implant\u00e9e \u00e0 Toulouse. Celle-ci a sign\u00e9 mercredi avec la Commission europ\u00e9enne un contrat pour garantir l&rsquo;exploitation et la maintenance du syst\u00e8me jusqu&rsquo;\u00e0 la fin 2013. Galileo promet d&rsquo;\u00eatre plus pr\u00e9cis encore, mais il pourra aussi \u00eatre coupl\u00e9 avec EGNOS pour un meilleur fonctionnement. Contrairement aux syst\u00e8mes am\u00e9ricains GPS et russe GLOSNASS, mis en service durant la guerre froide \u00e0 des fins militaires, Galileo sera le premier syst\u00e8me mondial con\u00e7u a priori \u00e0 des fins civiles. \u00a0<\/p><\/div>\n<p><\/font><strong><\/p>\n<hr\/>\n<p><\/strong><font face=\"Arial\" size=\"2\"><span lang=\"FR\"><font><\/p>\n<p align=\"center\">\n<h3 style=\"color: blue;\"><font><strong><font size=\"3\">Grippe H1N1: vigilance dans les pays arabes avant le p\u00e8lerinage \u00e0 La Mecque<\/font><\/strong><\/font><\/h3>\n<\/p>\n<p><\/font><font size=\"2\"><strong>(AFP) \u2013 Le 1 oct. 09<\/strong> <\/font><font size=\"2\"><strong>LE CAIRE<\/strong> \u2014 Les pays arabes multiplient les mesures pr\u00e9ventives contre la grippe H1N1 \u00e0 l&rsquo;approche du hajj, craignant que ce grand p\u00e8lerinage annuel ne provoque une pouss\u00e9e de la pand\u00e9mie bien que l&rsquo;Arabie saoudite se montre rassurante. L&rsquo;omra, petit p\u00e8lerinage qui peut s&rsquo;effectuer \u00e0 tout moment, et le hajj, qui doit se tenir cette ann\u00e9e fin novembre, sont une p\u00e9riode propice \u00e0 la propagation du virus, en raison du rassemblement de centaines de milliers de personnes venant du monde entier dans la ville sainte de La Mecque, en Arabie. Les ministres arabes de la Sant\u00e9, r\u00e9unis en juillet au Caire, avaient recommand\u00e9 d&rsquo;interdire aux fid\u00e8les de plus de 65 ans et de moins de 12 ans, aux femmes enceintes et aux personnes atteintes de maladies chroniques comme le diab\u00e8te d&rsquo;effectuer le p\u00e8lerinage, un avis suivi par la majorit\u00e9 des pays concern\u00e9s. L&rsquo;Arabie saoudite s&rsquo;est r\u00e9cemment montr\u00e9e rassurante, affirmant que seuls 26 cas de grippe H1N1 avaient \u00e9t\u00e9 recens\u00e9s et qu&rsquo;aucun n&rsquo;avait \u00e9t\u00e9 mortel parmi les millions de fid\u00e8les ayant accompli l&rsquo;omra durant le mois de je\u00fbne du ramadan, qui s&rsquo;est achev\u00e9 le 20 septembre dans la plupart des pays musulmans. Vingt-neuf personnes ont succomb\u00e9 au virus en Arabie saoudite ces derniers mois. Les Saoudiens demandent aux p\u00e8lerins de se faire vacciner contre la grippe ordinaire et la grippe H1N1 si le vaccin est disponible avant le hajj. Et la vigilance reste de mise dans le reste de la r\u00e9gion. L&rsquo;Egypte, le plus peupl\u00e9 des pays arabes avec 80 millions d&rsquo;habitants et grande pourvoyeuse de p\u00e8lerins, a renforc\u00e9 les mesures de pr\u00e9vention \u00e0 l&rsquo;a\u00e9roport international du Caire \u00e0 l&rsquo;occasion du retour des fid\u00e8les ayant effectu\u00e9 l&rsquo;omra. \u00ab\u00a0Une d\u00e9cision pourrait \u00eatre prise \u00e0 tout moment pour interdire le hajj cette ann\u00e9e\u00a0\u00bb, a r\u00e9cemment d\u00e9clar\u00e9 le ministre \u00e9gyptien de la Sant\u00e9, Hatem Al-Gabali. Selon un responsable \u00e9gyptien, le nombre de p\u00e8lerins \u00e9gyptiens va baisser de 30 \u00e0 40% en raison des restrictions de voyage impos\u00e9es pour pr\u00e9venir la propagation du virus. Les autorit\u00e9s \u00e9gyptiennes ont \u00e9galement report\u00e9 d&rsquo;une semaine, au 3 octobre, la rentr\u00e9e scolaire et ferm\u00e9 jusqu&rsquo;\u00e0 cette date les \u00e9coles et universit\u00e9s \u00e9trang\u00e8res qui avaient d\u00e9j\u00e0 ouvert pour tenter de limiter les risques de contamination. Plus de 900 cas ont \u00e9t\u00e9 enregistr\u00e9s en Egypte, dont deux mortels. La Tunisie, qui avait d\u00e9j\u00e0 suspendu l&rsquo;omra, a invit\u00e9 ses ressortissants \u00e0 reporter le hajj \u00e0 l&rsquo;an prochain. Au Maroc, il n&rsquo;est pour l&rsquo;instant pas question d&rsquo;annuler le grand p\u00e8lerinage, mais le minist\u00e8re de la Sant\u00e9 a annonc\u00e9 que seules les personnes vaccin\u00e9es pourraient s&rsquo;y rendre. Dans les monarchies du Golfe et au Y\u00e9men, les autorit\u00e9s sanitaires rappellent \u00e0 l&rsquo;intention des candidats au p\u00e8lerinage la n\u00e9cessit\u00e9 de se faire vacciner contre le virus H1N1 d\u00e8s que le vaccin sera disponible. L&rsquo;Irak, lui, avait annonc\u00e9 en ao\u00fbt qu&rsquo;il interdisait \u00e0 ses ressortissants d&rsquo;effectuer l&rsquo;omra \u00e0 compter du ramadan et jusqu&rsquo;\u00e0 nouvel ordre. Son voisin iranien, pays non arabe qui fournit un grand nombre de p\u00e8lerins chaque ann\u00e9e, avait \u00e9galement interdit aux fid\u00e8les de se rendre en p\u00e8lerinage \u00e0 la Mecque pendant le ramadan. De mani\u00e8re plus anecdotique, la Jordanie avait appel\u00e9 ses ressortissants \u00e0 \u00e9viter les embrassades lors de la f\u00eate de l&rsquo;A\u00efd el-Fitr, qui marque la fin du ramadan, pour combattre la propagation de la grippe H1N1. La grippe H1N1 a tu\u00e9 au moins 3.917 personnes dans 191 pays et territoires depuis l&rsquo;apparition du nouveau virus en mars-avril dernier, selon l&rsquo;Organisation mondiale de la sant\u00e9 (OMS). <\/font><b><font size=\"2\">2009 AFP.<\/font><\/b><\/span><\/font><\/div>\n<\/div>\n<p align=\"center\" dir=\"ltr\">\n<h3 style=\"color: blue;\"><font face=\"Arial\" size=\"2\"><strong><b><a href=\"http:\/\/www.tunisnews.net\/\"><font face=\"Arial\"><span><font size=\"2\">Home<\/font><\/span><font size=\"2\"><span lang=\"FR-CH\"> &#8211; Accueil <\/span><span>&#8211; <\/span><\/font><\/font><span dir=\"rtl\" lang=\"AR-SA\"><font size=\"2\">\u0627\u0644\u0631\u0626\u064a\u0633\u064a\u0629<\/font><\/span><\/a><\/b><\/strong><\/font><\/h3>\n<\/p>\n<p><\/body><\/body><\/html><\/p>\n","protected":false},"excerpt":{"rendered":"<p>Home &#8211; Accueil \u00a0 TUNISNEWS 9\u00a0\u00e8me ann\u00e9e, N\u00b0\u00a03418 du 01.10.2009 \u00a0archives : www.tunisnews.net\u00a0\u00a0 La D\u00e9couverte: pr\u00e9sentation du livre \u00ab\u00a0La r\u00e9gente de Carthage &#8211; Main basse sur la Tunisie\u00a0\u00bb Tunisia Watch: Recours en Justice pour emp\u00eacher la parution du livre \u00ab La R\u00e9gente de Carthage \u00bb AFP: France: la justice refuse d&rsquo;interdire un livre sur l&rsquo;\u00e9pouse [&hellip;]<\/p>\n","protected":false},"author":1,"featured_media":22040,"comment_status":"open","ping_status":"open","sticky":false,"template":"","format":"standard","meta":{"inline_featured_image":false,"site-sidebar-layout":"default","site-content-layout":"","ast-site-content-layout":"default","site-content-style":"default","site-sidebar-style":"default","ast-global-header-display":"","ast-banner-title-visibility":"","ast-main-header-display":"","ast-hfb-above-header-display":"","ast-hfb-below-header-display":"","ast-hfb-mobile-header-display":"","site-post-title":"","ast-breadcrumbs-content":"","ast-featured-img":"","footer-sml-layout":"","ast-disable-related-posts":"","theme-transparent-header-meta":"","adv-header-id-meta":"","stick-header-meta":"","header-above-stick-meta":"","header-main-stick-meta":"","header-below-stick-meta":"","astra-migrate-meta-layouts":"default","ast-page-background-enabled":"default","ast-page-background-meta":{"desktop":{"background-color":"","background-image":"","background-repeat":"repeat","background-position":"center center","background-size":"auto","background-attachment":"scroll","background-type":"","background-media":"","overlay-type":"","overlay-color":"","overlay-opacity":"","overlay-gradient":""},"tablet":{"background-color":"","background-image":"","background-repeat":"repeat","background-position":"center center","background-size":"auto","background-attachment":"scroll","background-type":"","background-media":"","overlay-type":"","overlay-color":"","overlay-opacity":"","overlay-gradient":""},"mobile":{"background-color":"","background-image":"","background-repeat":"repeat","background-position":"center center","background-size":"auto","background-attachment":"scroll","background-type":"","background-media":"","overlay-type":"","overlay-color":"","overlay-opacity":"","overlay-gradient":""}},"ast-content-background-meta":{"desktop":{"background-color":"var(--ast-global-color-5)","background-image":"","background-repeat":"repeat","background-position":"center center","background-size":"auto","background-attachment":"scroll","background-type":"","background-media":"","overlay-type":"","overlay-color":"","overlay-opacity":"","overlay-gradient":""},"tablet":{"background-color":"var(--ast-global-color-5)","background-image":"","background-repeat":"repeat","background-position":"center center","background-size":"auto","background-attachment":"scroll","background-type":"","background-media":"","overlay-type":"","overlay-color":"","overlay-opacity":"","overlay-gradient":""},"mobile":{"background-color":"var(--ast-global-color-5)","background-image":"","background-repeat":"repeat","background-position":"center center","background-size":"auto","background-attachment":"scroll","background-type":"","background-media":"","overlay-type":"","overlay-color":"","overlay-opacity":"","overlay-gradient":""}},"footnotes":""},"categories":[],"tags":[62,40,29],"class_list":["post-18841","post","type-post","status-publish","format-standard","has-post-thumbnail","hentry","tag-62","tag-40","tag-fr"],"_links":{"self":[{"href":"https:\/\/tunisnews.net\/ar\/wp-json\/wp\/v2\/posts\/18841","targetHints":{"allow":["GET"]}}],"collection":[{"href":"https:\/\/tunisnews.net\/ar\/wp-json\/wp\/v2\/posts"}],"about":[{"href":"https:\/\/tunisnews.net\/ar\/wp-json\/wp\/v2\/types\/post"}],"author":[{"embeddable":true,"href":"https:\/\/tunisnews.net\/ar\/wp-json\/wp\/v2\/users\/1"}],"replies":[{"embeddable":true,"href":"https:\/\/tunisnews.net\/ar\/wp-json\/wp\/v2\/comments?post=18841"}],"version-history":[{"count":0,"href":"https:\/\/tunisnews.net\/ar\/wp-json\/wp\/v2\/posts\/18841\/revisions"}],"wp:featuredmedia":[{"embeddable":true,"href":"https:\/\/tunisnews.net\/ar\/wp-json\/wp\/v2\/media\/22040"}],"wp:attachment":[{"href":"https:\/\/tunisnews.net\/ar\/wp-json\/wp\/v2\/media?parent=18841"}],"wp:term":[{"taxonomy":"category","embeddable":true,"href":"https:\/\/tunisnews.net\/ar\/wp-json\/wp\/v2\/categories?post=18841"},{"taxonomy":"post_tag","embeddable":true,"href":"https:\/\/tunisnews.net\/ar\/wp-json\/wp\/v2\/tags?post=18841"}],"curies":[{"name":"wp","href":"https:\/\/api.w.org\/{rel}","templated":true}]}}