{"id":18774,"date":"2008-06-07T00:00:00","date_gmt":"2008-06-07T00:00:00","guid":{"rendered":"https:\/\/tunisnews.net\/7-juin-2008\/"},"modified":"2008-06-07T00:00:00","modified_gmt":"2008-06-07T00:00:00","slug":"7-juin-2008","status":"publish","type":"post","link":"https:\/\/tunisnews.net\/ar\/7-juin-2008\/","title":{"rendered":"7 juin 2008"},"content":{"rendered":"<p><html><head><meta content=\"text\/html\" description=\"  Ce tragique \u00e9v\u00e9nement est survenu lors d\u2019une marche pacifique organis\u00e9e contre   la chert\u00e9 de la vie et pour le droit au travail par des citoyens de la r\u00e9gion.   La police a d\u00e9lib\u00e9r\u00e9ment ouvert le feu\u00a0 sur les manifestants, sans sommation   et bless\u00e9 21 autres personnes dont un gravement atteint \u00e0 la colonne   vert\u00e9brale, apr\u00e8s avoir annonc\u00e9 par hauts parleurs l\u2019\u00e9tablissement d\u2019un   couvre-feu.\" http-equiv=\"Content-Type\"\/><\/head><body><body><\/p>\n<p align=\"center\" dir=\"ltr\"><font face=\"Arial\" size=\"2\"><b><a href=\"https:\/\/tunisnews.net\/ar\/\"><span>Home<\/span><span lang=\"FR-CH\"> &#8211; Accueil <\/span><\/a><\/b><\/font><\/p>\n<div align=\"center\">\n<p><font face=\"Arial\" size=\"2\"><strong> <font face=\"Arial\" size=\"2\"> <\/p>\n<div align=\"left\">\n<p><font face=\"Arial\" size=\"2\"> <\/p>\n<div>\n<div>  <span lang=\"FR\"> <\/p>\n<div align=\"center\" dir=\"ltr\"> <font face=\"Arial\" size=\"7\"> <span lang=\"SV\">          TUNISNEWS<\/span> <\/font> <\/div>\n<div align=\"center\"> <font face=\"Arial\" size=\"2\">\u00a08\u00a0\u00e8me\u00a0ann\u00e9e,          <span lang=\"FR\">N\u00b0 \u00a02937 du 07.06.2008<\/span><\/font><span><blink><font face=\"Arial\" size=\"2\">\u00a0archives           : <\/font><a target=\"_blank\" rel=\"noopener\"> <font face=\"Arial\" size=\"2\" target=\"_blank\">          www.tunisnews.net<\/font><\/a><\/blink><\/span><font> <\/font> <\/div>\n<p> <\/span><\/div>\n<\/p><\/div>\n<p> <\/font><\/p>\n<\/div>\n<p><\/font><\/strong><\/font><\/p>\n<\/div>\n<div> <font face=\"Arial\" size=\"2\"><font><strong><\/p>\n<hr\/>\n<p> <\/strong><\/font><\/font><\/div>\n<div>\n<h2 style=\"color: red;\"><font face=\"Arial\" size=\"2\"><strong>CNLT:La police tire sur   une manifestation pacifique \u00e0 Redeyef et assassine un jeune<\/strong><\/font><\/h2>\n<\/div>\n<div align=\"left\">\n<h2 style=\"color: red;\"><font face=\"Arial\" size=\"2\"><strong><font>  AFP:Tunisie: manifestation \u00e0 Paris<\/font> <\/strong><\/font><\/h2>\n<\/div>\n<p><font face=\"Arial\" size=\"2\"><\/p>\n<div align=\"left\">\n<h2 style=\"color: red;\"><font face=\"Arial\" size=\"2\"><strong>l\u2019Observatoire lyonnais   pour la d\u00e9fense des libert\u00e9s fondamentales en Tunisie:COMMUNIQU\u00c9<\/strong><\/font><\/h2>\n<\/div>\n<p><font face=\"Arial\" size=\"2\"><\/p>\n<div align=\"left\"> <strong>AFP:Tunisie: l&rsquo;arm\u00e9e d\u00e9ploy\u00e9e \u00e0 Redeyef o\u00f9 le calme est revenu (dirigeant   syndical)<\/strong><\/div>\n<p><\/font><\/font><\/p>\n<div> <font face=\"Arial\" size=\"2\"><strong><\/p>\n<p><font>AFP:Tunis regrette   la mort d&rsquo;un manifestant mais ne c\u00e9dera pas \u00e0 la violence (ministre)   <font>Astrubal:Tunisie : les autorit\u00e9s reconnaissent avoir   abattu un Tunisien \u00e0 Redeyef<\/font>\u00a0 \u00a0<\/font><\/p>\n<p><\/strong><\/font><\/div>\n<div>\n<p><font face=\"Arial\" size=\"2\"><strong>TunisiaWatch: Pr\u00e9cisions   d\u2019une source officielle au sujet des actes de violence survenus \u00e0 Redeyef<\/strong><\/font><\/p>\n<\/div>\n<p><font face=\"Arial\" size=\"2\"><\/p>\n<div align=\"left\"> <strong><font>AFP: Tunis promet un proc\u00e8s \u00e9quitable \u00e0 un   Tunisien expuls\u00e9 d&rsquo;Italie<\/font><\/strong><\/div>\n<div align=\"left\"> <strong><\/p>\n<p><font>Associated Press:Le ministre tunisien de la   Justice assure que Human Rights Watch pourra visiter les prisons tunisiennes<\/font><\/p>\n<p><\/strong> <\/p>\n<div> <strong><font>L\u2019Expression :Les Musulmanes et le web:     L\u2019extase et la violence<\/font><\/strong><\/div>\n<\/div>\n<p><\/font><\/p>\n<div> <font face=\"Arial\" size=\"2\"><strong><\/p>\n<h2 style=\"color: red;\"><font>AFP:Le quartier   g\u00e9n\u00e9ral de l&rsquo;Africom en Afrique n&rsquo;est pas pour demain<\/font><\/h2>\n<p><\/strong> <\/p>\n<div> <strong><font>AFP:USA\/Torture &#8211; Enqu\u00eate sur l&rsquo;expulsion d&rsquo;un     Canadien en Syrie<\/font><\/strong><\/div>\n<p> <\/font><\/div>\n<div>\n<h2 style=\"color: red;\"><font face=\"Arial\" size=\"2\"><strong>AFP:Conseil des droits de   l&rsquo;Homme: Washington veut limiter le plus possible ses contacts\u00a0 <\/strong> <\/font><\/h2>\n<\/div>\n<div> <font face=\"Arial\" size=\"2\"><strong>AFP:Voile interdit: le   pr\u00e9sident du parlement turc pour une constitution r\u00e9vis\u00e9e<\/strong><\/font><\/div>\n<div> <font face=\"Arial\" size=\"2\"><strong><\/p>\n<h2 style=\"color: red;\"><font>Reuters:Turquie\/Voile-Le   pr\u00e9sident de l&rsquo;Assembl\u00e9e se joint aux critiques<\/font><\/h2>\n<p><\/strong> <\/p>\n<div> <strong><font>AFP:Turquie: l&rsquo;interdiction du voile \u00e0     l&rsquo;universit\u00e9 est contraire aux libert\u00e9s (HRW)<\/font><\/strong> <\/p>\n<div> <strong><\/p>\n<h3 style=\"color: blue;\"><font>Reuters:Turquie-Human Rights Watch critique       la Cour constitutionnelle<\/font><\/h3>\n<p><\/strong><\/div>\n<div>      \u00a0<\/div>\n<\/p><\/div>\n<p><\/font><\/div>\n<div> <font face=\"Arial\" size=\"2\"><\/p>\n<hr\/>\n<p><\/font><\/div>\n<div align=\"center\"> <font face=\"Arial\" size=\"2\"><font><strong>CONSEIL NATIONAL   POUR LES LIBERTES EN TUNISIE   <\/strong><\/font><strong><\/p>\n<p><font>Tunis le 07 juin 2008   La police tire sur une manifestation pacifique \u00e0 Redeyef et assassine un jeune<\/font><\/p>\n<p><\/strong><\/font><\/div>\n<p><font><\/p>\n<div>  \u00a0<\/div>\n<p><\/font><\/p>\n<div>  Le CNLT est choqu\u00e9 par la nouvelle de l\u2019assassinat du jeune tunisien, Hafnaoui   Maghdhaoui, \u00e2g\u00e9 de 25 ans, qui a \u00e9t\u00e9 tu\u00e9 par balles par la police \u00e0 Redeyef ce   vendredi 6 juin.   Ce tragique \u00e9v\u00e9nement est survenu lors d\u2019une marche pacifique organis\u00e9e contre   la chert\u00e9 de la vie et pour le droit au travail par des citoyens de la r\u00e9gion.   La police a d\u00e9lib\u00e9r\u00e9ment ouvert le feu\u00a0 sur les manifestants, sans sommation   et bless\u00e9 21 autres personnes dont un gravement atteint \u00e0 la colonne   vert\u00e9brale, apr\u00e8s avoir annonc\u00e9 par hauts parleurs l\u2019\u00e9tablissement d\u2019un   couvre-feu.   Il s\u2019agit du deuxi\u00e8me jeune assassin\u00e9 \u00e0 Redeyef en l\u2019espace d\u2019un mois, dans   une r\u00e9gion qui \u00e9tait d\u00e9j\u00e0 en \u00e9bullition depuis de d\u00e9but de l\u2019ann\u00e9e et qui   s\u2019est dress\u00e9e contre la paup\u00e9risation croissante qui frappe la classe moyenne   au moment o\u00f9 les ressources publiques sont mobilis\u00e9es pour enrichir davantage   un clan de privil\u00e9gi\u00e9s proches du pouvoir aux d\u00e9pens de la population ;   \u00a0\u00a0\u00a0\u00a0\u00a0\u00a0 L\u2019Etat a encore une fois privil\u00e9gi\u00e9 l\u2019option s\u00e9curitaire, comme unique   r\u00e9ponse aux revendications l\u00e9gitimes de la population.    Les services de s\u00e9curit\u00e9 sont all\u00e9s jusqu\u2019\u00e0 provoquer des sc\u00e8nes de pillage et   d\u2019incendie d\u2019\u00e9tablissements commerciaux, en vue d\u2019\u00e9clabousser la cr\u00e9dibilit\u00e9   de ce mouvement revendicatif et justifier ainsi des arrestations arbitraires   au motif d\u2019assurer l\u2019ordre et r\u00e9primer des d\u00e9lits de droit commun, alors que   depuis cinq mois que ce mouvement s\u2019est d\u00e9clench\u00e9, aucune sc\u00e8ne de ce genre   n\u2019a \u00e9t\u00e9 relev\u00e9e.   \u00a0   Le CNLT qui s\u2019inqui\u00e8te de cette escalade, consid\u00e8re que les explications   apport\u00e9es par une source officielle, sont ind\u00e9centes et constituent une forme   de justification de l\u2019assassinat de citoyens qui ont organis\u00e9 une marche   pacifique pour exiger leur droit au travail et exerc\u00e9 ainsi un droit   fondamental garanti par la constitution et les instruments internationaux.   \u00a0   Il pr\u00e9sente \u00e0 la famille endeuill\u00e9e ses sinc\u00e8res condol\u00e9ances et exige que les   coupables de ces exactions et notamment ceux qui ont donn\u00e9 l\u2019ordre de tirer   sur les manifestants soient jug\u00e9s et sanctionn\u00e9s.   Il appelle la soci\u00e9t\u00e9 civile \u00e0 former une commission d\u2019enqu\u00eate ind\u00e9pendante   pour faire toute la lumi\u00e8re sur les \u00e9v\u00e9nements de Redeyef.   \u00a0   <strong><font>Pour le CNLT   La porte parole   Sihem Bensedrine<\/font><\/strong><\/div>\n<div>  \u00a0<\/div>\n<div> <font face=\"Arial\" size=\"2\"><\/p>\n<hr\/>\n<p><\/font><\/div>\n<div align=\"center\"> <font face=\"Arial\" size=\"2\"><strong><\/p>\n<h3 style=\"color: blue;\"><font>Tunisie:   manifestation \u00e0 Paris<\/font><\/h3>\n<p><\/strong><\/font><\/div>\n<div>  \u00a0<\/div>\n<div>  \u00a0<\/div>\n<div>  07\/06\/2008 | Mise \u00e0 jour : 16:44 |    .   Plusieurs dizaines de personnes se sont rassembl\u00e9es aujourd&rsquo;hui \u00e0 Paris pour   d\u00e9noncer la \u00ab\u00a0r\u00e9pression polici\u00e8re\u00a0\u00bb tunisienne contre les manifestations dans   la r\u00e9gion mini\u00e8re de Gafsa (sud-ouest) o\u00f9 un jeune homme de 25 ans a \u00e9t\u00e9 tu\u00e9   hier.   Le ministre tunisien de la Justice et des droits de l&rsquo;Homme Bechir Tekkari a   dit \u00ab\u00a0regretter\u00a0\u00bb samedi la mort d&rsquo;un manifestant lors des affrontements   survenus vendredi \u00e0 Redeyef, expliquant que les forces de l&rsquo;ordre \u00e9taient   intervenues contre des individus qui fabriquaient des cocktails Molotov. Il a   d\u00e9menti que des actes de vols et pillage aient \u00e9t\u00e9 commis.   <font><strong>Source: AFP<\/strong><\/font> <strong><font>DECLARATION<\/font><\/strong>   Un mort et des dizaines de bless\u00e9s par balles sont tomb\u00e9s \u00e0 l&rsquo;issue d&rsquo;une   nouvelle journ\u00e9e d&rsquo;affrontements entre la population et les forces de l&rsquo;ordre   \u00e0 R\u00e9de\u00efef, ville mini\u00e8re du Sud-ouest tunisien.   La persistance de la contestation sociale dans le bassin minier depuis le 5   janvier dernier et la tournure dramatique des derniers \u00e9v\u00e8nements attestent de   la gravit\u00e9 de la situation et de l&rsquo;inanit\u00e9 des atermoiements de la politique   gouvernementale. La crise est grave et grosse de menaces quant \u00e0 la stabilit\u00e9   sociale et politique du pays.   Les habitants de Rede\u00efef, Moulares et Metlaoui, r\u00e9clament plus d&rsquo;\u00e9galit\u00e9 dans   la r\u00e9partition des richesses nationales, plus de transparence et une \u00e9galit\u00e9   des chances dans l&#8217;emploi.   Le mouvement est en effet parti d&rsquo;une protestation contre le n\u00e9potisme et   l&rsquo;opacit\u00e9 dans le recrutement \u00e0 la Compagnie des Phosphates de Gafsa (CPG) et   contre le ch\u00f4mage end\u00e9mique qui s\u00e9vit dans une r\u00e9gion particuli\u00e8rement frapp\u00e9e   par la pauvret\u00e9.   Les taux d&rsquo;analphab\u00e9tisme, d&rsquo;\u00e9chec scolaire et de ch\u00f4mage, particuli\u00e8rement   parmi les jeunes dipl\u00f4m\u00e9s, sont des plus \u00e9lev\u00e9s dans le pays. La pollution   fait des ravages parmi la population et dans l&rsquo;agriculture en raison des   fum\u00e9es d\u00e9gag\u00e9es par les usines de traitement du phosphate et des d\u00e9p\u00f4ts de   mati\u00e8res sulfuriques qui s&rsquo;infiltrent dans la nappe phr\u00e9atique.   L&rsquo;infrastructure hospitali\u00e8re et sanitaire y est des plus rudimentaires.   L&rsquo;animation culturelle et artistique inexistante. L&rsquo;investissement y fait   gravement d\u00e9faut et l&rsquo;Etat fuit ses responsabilit\u00e9s.   La r\u00e9gion ne manque pourtant ni de ressources humaines ni de ressources   naturelles. Des mati\u00e8res premi\u00e8res peuvent \u00eatre transform\u00e9es localement pour   donner lieu \u00e0 la cr\u00e9ation de briqueteries, d&rsquo;usines de ciment ou de c\u00e2bles.   Des \u00e9tudes r\u00e9alis\u00e9es \u00e0 ce sujet croupissent depuis des ann\u00e9es sur les \u00e9tag\u00e8res   de la bureaucratie r\u00e9gionale et gouvernementale.   L&rsquo;Etat se doit d&rsquo;accorder la priorit\u00e9 au d\u00e9veloppement des infrastructures   routi\u00e8res, ferroviaires, hospitali\u00e8res, scolaires et culturelles dans ces   r\u00e9gions. Il y va de l&rsquo;unit\u00e9 et de la stabilit\u00e9 du pays.   Des incitations exceptionnelles doivent accompagner cet effort pour encourager   les investisseurs priv\u00e9s \u00e0 s&rsquo;\u00e9tablir dans la r\u00e9gion. En attendant, les   Entreprises du Secteur Public, notamment la CPG et la SNCFT doivent s&rsquo;associer   \u00e0 cet effort d&rsquo;investissement en vue d&rsquo;essaimer dans la r\u00e9gion des entreprises   de transformation, cr\u00e9atrices de richesses et d&#8217;emplois.   J&rsquo;adresse \u00e0 l&rsquo;occasion de ces \u00e9v\u00e8nements dramatiques mes vives condol\u00e9ances \u00e0   la famille du d\u00e9funt Hafnaoui Ben Ridha Ben Hafnaoui, mort \u00e0 l&rsquo;\u00e2ge de 18 ans,   exprime ma sympathie et mon v\u0153u de prompt r\u00e9tablissement aux dizaines de   bless\u00e9s et r\u00e9affirme mon soutien total aux justes revendications des habitants   du bassin minier.    Je saisis cette occasion pour rappeler la n\u00e9cessit\u00e9 d&rsquo;instituer des assembl\u00e9es   r\u00e9gionales \u00e9lues, comptables de leurs actes devant les \u00e9lecteurs. Ces   Assembl\u00e9es doivent disposer d&rsquo;un budget suffisant pour prendre en charge les   questions du d\u00e9veloppement r\u00e9gional. Il y va du sentiment d&rsquo;appartenance   national et de justice dans la r\u00e9partition de l&rsquo;effort de d\u00e9veloppement dans   le pays.   La r\u00e9forme et la lib\u00e9ralisation du syst\u00e8me politique constituent aussi une   condition pour mettre fin au sentiment d&rsquo;injustice engendr\u00e9 par le n\u00e9potisme   et la corruption. Elle impliquent l&rsquo;abandon du traitement exclusivement   s\u00e9curitaire des crises et le dialogue avec les repr\u00e9sentants de la soci\u00e9t\u00e9   civile, des porte- parole des mouvements sociaux en vue de r\u00e9soudre les   probl\u00e8mes en suspens.   Le d\u00e9s\u00e9quilibre r\u00e9gional, la faiblesse des investissements, le du ch\u00f4mage   galopant, la corruption et le n\u00e9potisme rampant ne sont pas propres au bassin   minier. Ce sont des fl\u00e9aux qui frappent l&rsquo;ensemble du pays et r\u00e9clament un   changement politique.   L&rsquo;instauration d&rsquo;un r\u00e9gime d\u00e9mocratique, repr\u00e9sentatif et comptable de ses   actes devant les citoyens au moyen d&rsquo;\u00e9lections libres, est on ne peut plus   n\u00e9cessaire pour la poursuite de l&rsquo;effort de d\u00e9veloppement et le maintien de la   stabilit\u00e9 et de la paix civile dans le pays.   L&rsquo;\u00e9ch\u00e9ance de 2009 nous donne l&rsquo;occasion d&rsquo;exiger et d&rsquo;imposer cette R\u00e9forme.   Elle ne doit pas \u00eatre par notre passivit\u00e9 ou notre myopie politique l&rsquo;occasion   d&rsquo;une reproduction du m\u00eame syst\u00e8me autoritaire, de pouvoir personnel, de parti   unique et de pr\u00e9sidence \u00e0 vie qui a touch\u00e9 \u00e0 ses limites et menace par le vide   politique qu&rsquo;il cr\u00e9e de pousser le pays au bord du pr\u00e9cipice.   <font><strong>Unis nous cr\u00e9erons l&rsquo;espoir   Tunis le 6 Juin 2008   Ahmed Nejib Chebbi   Candidat d\u00e9mocrate<\/strong><\/font><\/div>\n<div> <strong>Aux pr\u00e9sidentielles de 2009<\/strong><\/div>\n<div> <font face=\"Arial\" size=\"2\"><\/p>\n<hr\/>\n<p><\/font><\/div>\n<div align=\"center\"> <font face=\"Arial\" size=\"2\"><font><strong>l\u2019Observatoire   lyonnais pour la d\u00e9fense des libert\u00e9s fondamentales en Tunisie   <\/strong><\/font><font><strong>COMMUNIQU\u00c9<\/strong><\/font><\/font><\/div>\n<div>  \u00a0<\/div>\n<div>  \u00a0<\/div>\n<div>  Ce samedi 7 juin, des militants de l\u2019Observatoire lyonnais pour la d\u00e9fense des   libert\u00e9s fondamentales en Tunisie, ont distribu\u00e9 le texte (en pi\u00e8ce jointe) et   en on fait plusieurs lectures amplifi\u00e9es avec m\u00e9gaphone.   C\u2019\u00e9tait sur la place Bellecour, tr\u00e8s fr\u00e9quent\u00e9e ce samedi, \u00e0 toute proximit\u00e9   des stands des consulats, dont celui de la Tunisie, \u00e0 l\u2019occasion des \u201cf\u00eates   consulaires\u201d de Lyon.   La veille, vendredi, un tractage avait d\u00e9j\u00e0 eu lieu, et une copie de la   \u201clettre ouverte \u00e0 Nicolas Sarkozy\u201d (en pi\u00e8ce jointe), a \u00e9t\u00e9 remise \u00e0 chaque   d\u00e9l\u00e9gation consulaire\u00a0 (54 pays repr\u00e9sent\u00e9s).         <strong><font>REPRESSION GRAVISSIME EN TUNISIE :    HIER VENDREDI, UN MORT, 18 BLESSES   <\/font><\/strong>\u00a0   La police tunisienne a tir\u00e9 \u00e0 balles r\u00e9elles sur des centaines de jeunes   manifestants qui protestaient, \u00e0 REDEYEF, localit\u00e9 du bassin minier de la   r\u00e9gion de GAFSA,\u00a0 o\u00f9 des mouvements sociaux sont violemment r\u00e9prim\u00e9s depuis   janvier de cette ann\u00e9e, mouvements qui, depuis, n\u2019ont cess\u00e9s de s\u2019amplifier,   s\u2019\u00e9tendant aux villes et r\u00e9gions voisines du sud ouest tunisien.   d\u00e9non\u00e7ant le ch\u00f4mage, le co\u00fbt de la vie, la corruption et le client\u00e9lisme.   \u00a0   Un jeune homme d\u2019une vingtaine d\u2019ann\u00e9s a \u00e9t\u00e9 mortellement atteint d\u2019une balle   dans un poumon, 18 autres personnes ont \u00e9t\u00e9 bless\u00e9es.    \u00a0   L&rsquo;OBSERVATOIRE LYONNAIS POUR LA DEFENSE DES LIBERTES FONDAMENTALES EN TUNISIE   (collectif rassemblant une dizaine d\u2019associations comme la Ligue des Droits de   l\u2019Homme, Tunisie-Libert\u00e9, ATTAC \u2013 Rh\u00f4ne, RAID attac-Tunisie, avec le soutien   d\u2019Agir Ensemble pour les Droits de l\u2019Homme) d\u00e9plore cette mort, ces victimes,   condamne cette r\u00e9pression inacceptable.   \u00a0   De mani\u00e8re plus g\u00e9n\u00e9rale, l\u2019Observatoire lyonnais d\u00e9nonce depuis plusieurs   ann\u00e9es l\u2019attitude du pouvoir tunisien, de son pr\u00e9sident le G\u00e9n\u00e9ral Ben Ali   \u00a0   \u00a0   La soci\u00e9t\u00e9 civile tunisienne subit quotidiennement des pers\u00e9cutions :   \u00a0   la libert\u00e9 de la presse est totalement inexistante, comme sont bafou\u00e9es,   discrimin\u00e9es, les libert\u00e9 d\u2019expression et d\u2019association.    \u00a0   l&rsquo;Association des Magistrats Tunisiens\u00a0 est pourchass\u00e9e. Les avocats courageux   qui d\u00e9fendent les pers\u00e9cut\u00e9s du r\u00e9gime Ben Ali subissent violences physiques   et emprisonnement. Pour exemple, l\u2019avocate Radhia Nasraoui, r\u00e9guli\u00e8rement   maltrait\u00e9e, aujourd\u2019hui v\u00e9ritablement assi\u00e9g\u00e9e chez elle, ainsi que son mari,\u00a0   l\u2019opposant Hamma Hammami.    \u00a0   La politique de terreur est maintenue gr\u00e2ce \u00e0 la torture qui menace chaque   citoyen arr\u00eat\u00e9.   \u00a0   Alors secr\u00e9taire g\u00e9n\u00e9ral de l\u2019ONU, KOFI ANNAN d\u00e9clarait le 23 juin 2000 \u00ab La   TORTURE est un CRIME CONTRE L&rsquo;HUMANITE que rien en saurait justifier et que   doit combattre la communaut\u00e9 internationale \u00bb          Nous ne pouvons accepter les nombreuses victimes\u00a0 de s\u00e9vices, maltraitances,   tortures,\u00a0 dans les postes de police, les villas et l&rsquo;immeuble du Minist\u00e8re de   l&rsquo;Int\u00e9rieur.    \u00a0   Nous ne pouvons accepter que le g\u00e9n\u00e9ral Ben Ali encourage et couvre ses   responsables :   \u00a0   Nous ne pouvons accepter que Nicolas Sarkozy dise qu&rsquo;en Tunisie \u00a0\u00bb l&rsquo;espace de   libert\u00e9 progresse \u00ab\u00a0.   \u00a0   Nous d\u00e9plorons la place accord\u00e9e \u00e0 la repr\u00e9sentation officielle de la Tunisie   \u00e0 l\u2019occasion des \u00ab f\u00eates consulaires \u00bb organis\u00e9es ces 3 jours \u00e0 Lyon.   \u00a0   NOUS RENOUVELONS AUX AUTORIT\u00c9S FRANCAISES ET EUROP\u00c9ENNES NOTRE DEMANDE DE LA   SUSPENSION DE LEURS AIDES A CE REGIME DE DICTATURE (conform\u00e9ment \u00e0 l\u2019article   2\u00a0 de l\u2019accord d\u2019association Tunisie \u2013 Union Europ\u00e9enne\u00a0 dans le cadre du   partenariat Euro-m\u00e9diterran\u00e9en., stipulant pour chacune des parties le\u00a0 strict   respect des droits de l\u2019homme et de la d\u00e9mocratie)   \u00a0   NOUS SOMMES DETERMINES A RESTER MOBILISES POUR L&rsquo;ELIMINATION DE LA TORTURE ET   LA DEFENSE DES DROITS DE L&rsquo;HOMME EN TUNISIE <\/p>\n<hr\/>\n<\/div>\n<div> <font face=\"Arial\" size=\"2\"> <\/p>\n<div align=\"center\"> <font><strong>AFP, le 7 juin 2008 \u00e0 19h49     <\/p>\n<h3 style=\"color: blue;\"><font>Tunisie: l&rsquo;arm\u00e9e d\u00e9ploy\u00e9e \u00e0 Redeyef o\u00f9 le calme est     revenu (dirigeant syndical)<\/font><\/h3>\n<p><\/strong><\/font><\/div>\n<p> <font> <\/p>\n<div>\u00a0<\/div>\n<p> <\/font> <\/p>\n<div> <font><strong>TUNIS, 7 juin 2008 (AFP)<\/strong><\/font><font>     &#8211; L&rsquo;arm\u00e9e tunisienne s&rsquo;est d\u00e9ploy\u00e9e samedi apr\u00e8s-midi \u00e0 Redeyef (350 km au     sud-ouest de Tunis) o\u00f9 le calme est revenu au lendemain d&rsquo;affrontements qui     ont fait un mort et 26 bless\u00e9s, a indiqu\u00e9 un porte-parole du mouvement de     protestation sociale, Adnane Hajji. \u00ab\u00a0La situation est relativement calme et     la population a \u00e9t\u00e9 apais\u00e9e par le d\u00e9ploiement de l&rsquo;arm\u00e9e qui a pris le     contr\u00f4le des     principaux points de la ville\u00a0\u00bb, a-t-il t\u00e9moign\u00e9 par t\u00e9l\u00e9phone \u00e0 l&rsquo;AFP.     \u00ab\u00a0Les renforts militaires &#8211;une quarantaine de camions et des blind\u00e9s&#8211; ont     commenc\u00e9 \u00e0 se d\u00e9ployer dans la nuit de vendredi et devraient permettre le     retrait des brigades de l&rsquo;ordre public\u00a0\u00bb, a ajout\u00e9 ce dirigeant syndical.     Les autorit\u00e9s ont en outre promis des compensations aux habitants et     commer\u00e7ants de Redeyef, dont des biens auraient \u00e9t\u00e9 vol\u00e9s ou saccag\u00e9s par     des agents de l&rsquo;ordre, a-t-il poursuivi parlant de pertes en denr\u00e9es     alimentaires, v\u00eatements, t\u00e9l\u00e9phones portables.     L&rsquo;entr\u00e9e par la force \u00ab\u00a0dans des commerces et des habitations au pr\u00e9texte de     pourchasser des protestataires \u00e9tait devenue une source majeure de     provocation et de tension ces derniers jours\u00a0\u00bb, a-t-il estim\u00e9.     Le ministre tunisien de la Justice et des droits de l&rsquo;Homme Bechir Tekkari     qui a dit \u00ab\u00a0regretter\u00a0\u00bb samedi la mort d&rsquo;un manifestant, a d\u00e9menti que des     actes de vols et pillage aient \u00e9t\u00e9 commis par des agents de l&rsquo;ordre.     Les forces de l&rsquo;ordre \u00e9taient intervenues \u00ab\u00a0conform\u00e9ment \u00e0 la loi\u00a0\u00bb pour     neutraliser des individus qui fabriquaient des cocktails Molotov et     mena\u00e7aient l&rsquo;ordre public, avait-il d\u00e9clar\u00e9 \u00e0 la presse.     <\/font> <font><strong>AFP<\/strong><\/font><\/div>\n<p> <\/font><\/div>\n<p><font face=\"Arial\" size=\"2\"><\/p>\n<div>\n<hr\/>\n<\/div>\n<div align=\"center\"> <strong><\/p>\n<p><font><font>AFP, le 7 juin 2008 \u00e0   16h11   <\/font>Tunis regrette la mort d&rsquo;un manifestant mais ne c\u00e9dera pas \u00e0 la   violence (ministre)   <\/font><\/p>\n<p><\/strong>\u00a0\u00a0\u00a0<\/div>\n<div>  \u00a0<\/div>\n<div> <font><strong>TUNIS, 7 juin 2008 (AFP)<\/strong><\/font> &#8211; Le   ministre tunisien de la Justice et des droits de l&rsquo;Homme Bechir Tekkari a \u00ab\u00a0regrett\u00e9\u00a0\u00bb   samedi la mort d&rsquo;un manifestant lors des affrontements survenus vendredi \u00e0   Redeyef   (sud-ouest) mais a affirm\u00e9 le souci du gouvernement d&#8217;emp\u00eacher toute   protestation violente.      \u00ab\u00a0Nous regrettons cet incident d&rsquo;autant que ces troubles sont exceptionnels en   Tunisie\u00a0\u00bb, a-t-il d\u00e9clar\u00e9 lors d&rsquo;une conf\u00e9rence de presse, au lendemain des   violences qui ont fait un mort et plusieurs   bless\u00e9s par balles \u00e0 Redeyef, dans la r\u00e9gion mini\u00e8re de Gafsa (350 km de   Tunis).      M. Tekkari a cependant soulign\u00e9 la d\u00e9termination des autorit\u00e9s \u00e0 emp\u00eacher   toute menace de l&rsquo;ordre public, justifiant l&rsquo;intervention muscl\u00e9e de la police   par la \u00ab\u00a0pr\u00e9sence de danger contre l&rsquo;int\u00e9grit\u00e9   physique des individus\u00a0\u00bb.      \u00ab\u00a0Nous ne tol\u00e8rerons aucun recours de la violence et refusons qu&rsquo;un point de   vue quelconque soit impos\u00e9 \u00e0 l&rsquo;Etat par la force\u00a0\u00bb, a-t-il d\u00e9clar\u00e9 en r\u00e9f\u00e9rence   aux revendications sociales dans la r\u00e9gion.      Les affrontements ont oppos\u00e9 la police \u00e0 des demandeurs d&#8217;emplois notamment.      Le ministre a assur\u00e9 que les forces de l&rsquo;ordre avaient agi \u00ab\u00a0conform\u00e8rent \u00e0 la   loi\u00a0\u00bb et apr\u00e8s les sommations d&rsquo;usage, d\u00e9mentant des accusations port\u00e9es par   des meneurs locaux selon lesquelles   celles-ci avaient tir\u00e9 des balles r\u00e9elles sans sommation.      La situation a d\u00e9g\u00e9n\u00e9r\u00e9 lorsque les forces de l&rsquo;ordre ont donn\u00e9 l&rsquo;assaut \u00e0 un   groupe d&rsquo;individus qui \u00e9taient en train de fabriquer des cocktails Molotov,   a-t-il dit, affirmant que la police avait \u00e9t\u00e9 la cible de ces engins.      M. Tekkari s&rsquo;est aussi inscrit en faux contre un \u00ab\u00a0recours exclusif \u00e0 l&rsquo;option   s\u00e9curitaire\u00a0\u00bb pour r\u00e9gler des probl\u00e8mes socio-\u00e9conomiques dans la r\u00e9gion de   Gafsa, faisant \u00e9tat de \u00ab\u00a0nombreuses\u00a0\u00bb mesures gouvernementales et projets en   route pour satisfaire la demande d&#8217;emploi.      Le ministre de la Justice pr\u00e9sentait \u00e0 la presse les d\u00e9tails d&rsquo;une r\u00e9forme du   syst\u00e8me p\u00e9nitentiaire pr\u00e9voyant une r\u00e9duction notable des d\u00e9lais de d\u00e9tention   et des facilit\u00e9s de r\u00e9habilitation et d&rsquo;insertion des condamn\u00e9s.      <font><strong>AFP<\/strong><\/font><\/div>\n<div>\n<hr\/>\n<\/div>\n<div align=\"center\"> <strong><\/p>\n<h3 style=\"color: blue;\"><font>Tunisie : les autorit\u00e9s reconnaissent avoir   abattu un Tunisien \u00e0 Redeyef<\/font><\/h3>\n<p><\/strong><\/div>\n<div>  \u00a0<\/div>\n<div> <strong><font>Astrubal    <\/font><\/strong>   Juste un commentaire avant de reproduire le communiqu\u00e9 : Pour rappel et \u00e0   titre de comparaison : en mai 1968, malgr\u00e9 tout le d\u00e9sordre qui prit d\u2019assaut   les rues de la capitale fran\u00e7aise, pas une seule victime n\u2019est tomb\u00e9e. Et   aujourd\u2019hui, 40 ans apr\u00e8s, tout le monde rend hommage \u00e0 ce pr\u00e9fet de la   R\u00e9publique, Maurice Grimaud, qui a fait ce qu\u2019il a pu pour maintenir l\u2019ordre.   Et s\u2019il n\u2019y a eu aucun mort, c\u2019est parce que l\u2019un des principes fondateurs des   R\u00e9publiques d\u00e9mocratiques, celui de l\u2019usage proportionn\u00e9 de la force, fut   respect\u00e9. On ne canarde pas les citoyens pour disperser une foule, ni les abat   pour emp\u00eacher &#8211; et \u00e0 supposer que cela soit vrai- qu\u2019un cocktail Molotov soit   lanc\u00e9.       En Tunisie, encore un mort qui vient de tomber dans l\u2019indiff\u00e9rence g\u00e9n\u00e9ralis\u00e9e   des m\u00e9dias officiels. Tout au plus, la TAP (s\u00fbrement contrainte par l\u2019AFP)   vient de sortir un bref communiqu\u00e9. Selon une \u00ab fumeuse \u00bb source anonyme, on   reconna\u00eet la mort de ce tunisien abattu par les forces de l\u2019ordre. La m\u00eame   source indique que \u00ab malgr\u00e9 les mises en garde lanc\u00e9es, conform\u00e9ment \u00e0 la loi,   par les forces de l\u2019ordre, les \u00e9l\u00e9ments perturbateurs n\u2019ont pas obtemp\u00e9r\u00e9,   obligeant les forces de s\u00e9curit\u00e9 \u00e0 intervenir. Ces \u00e9v\u00e8nements, pr\u00e9cise le   communiqu\u00e9, ont entra\u00een\u00e9 la mort d\u2019un \u00e9l\u00e9ment perturbateur. Cinq autres ont   \u00e9t\u00e9 bless\u00e9s ainsi que trois agents de l\u2019ordre. \u00bb      La Presse de Tunisie a repris ce communiqu\u00e9 pour le rel\u00e9guer tout en bas\u00a0 de   la page de l\u2019actualit\u00e9 politique (ici le fac-simil\u00e9). Sur la Une rien. Ou,   plut\u00f4t, comme d\u2019habitude, tout va bien gr\u00e2ce \u00e0 la litanie des directives \u00ab   dans tous les domaines \u00bb et de toutes sortes. Pour le reste rien, nos   compatriotes se font canarder et ni le pr\u00e9sident de la R\u00e9publique, ni le   premier ministre, ni le ministre de l\u2019int\u00e9rieur n\u2019ont jug\u00e9 n\u00e9cessaire de   s\u2019adresser \u00e0 la nation pour s\u2019expliquer. On ne se d\u00e9range pas pour des   culs-terreux qui revendiquent. On les canarde. Ce n\u2019est pas un Tunisien qui   vient d\u2019\u00eatre abattu par les forces de l\u2019ordre, mais un \u00e9l\u00e9ment perturbateur   qui a \u00e9t\u00e9 \u00e9limin\u00e9. Tout est dit dans le communique de cette \u00absource   officielle\u00bb et non moins l\u00e2che, tant elle est anonyme !      <font><strong>Astrubal, le 7 juin 2008   http:\/\/astrubal.nawaat.org    www.nawaat.org<\/strong><\/font><\/div>\n<div>\n<hr\/>\n<\/div>\n<div align=\"center\"> <strong><\/p>\n<h3 style=\"color: blue;\"><font>Pr\u00e9cisions d\u2019une source officielle au sujet des   actes de violence survenus \u00e0 Redeyef<\/font><\/h3>\n<p><\/strong><\/div>\n<div>  \u00a0<\/div>\n<div>        Tunis 6 juin 2008 (TAP)- Une source officielle a publi\u00e9, vendredi, le   communiqu\u00e9 suivant au sujet des actes de violence survenus dans la r\u00e9gion de   Redeyef (gouvernorat de Gafsa).      \u201cDes actes de violence ont \u00e9t\u00e9 commis par certains individus dans la r\u00e9gion de   Redeyef (gouvernorat de Gafsa).      Ces actes ont fait l\u2019objet d\u2019une surveillance de la part des forces de   s\u00e9curit\u00e9 pour contrer tous d\u00e9bordements \u00e9ventuels.      Des informations sont parvenues, vendredi, aux autorit\u00e9s que des \u00e9l\u00e9ments   \u00e9taient en train de fabriquer des cocktails molotov en vue de les utiliser   dans des actes de vandalisme, ce qui a impos\u00e9 l\u2019intervention des forces de   s\u00e9curit\u00e9 qui ont essuy\u00e9 des jets de ces engins incendiaires.      Malgr\u00e9 les mises en garde lanc\u00e9es, conform\u00e9ment \u00e0 la loi, par les forces de   l\u2019ordre, les \u00e9l\u00e9ments perturbateurs n\u2019ont pas obtemp\u00e9r\u00e9, obligeant les forces   de s\u00e9curit\u00e9 \u00e0 intervenir.      Ces \u00e9v\u00e8nements ont entra\u00een\u00e9 la mort d\u2019un \u00e9l\u00e9ment perturbateur. Cinq autres ont   \u00e9t\u00e9 bless\u00e9s ainsi que trois agents de l\u2019ordre.      Le procureur de la R\u00e9publique de Gafsa a ordonn\u00e9 l\u2019ouverture d\u2019une information   judiciaire pour d\u00e9terminer les circonstances de ces \u00e9v\u00e9nements et d\u00e9limiter   les responsabilit\u00e9s\u201d.      D\u00e9c\u00e8s de l\u2019universitaire et homme politique Mohamed Charfi      L\u2019universitaire et homme politique Mohamed Charfi vient de d\u00e9c\u00e9der aujourd\u2019hui   vendredi 6 Juin 2008 des suites de la maladie dont il souffrait depuis   quelques temps      Universitaire de renom (1964-2003), professeur de droit et ancien doyen de la   facult\u00e9 de droit de Tunis, Mohamed Charfi \u00e9t\u00e9 aussi pr\u00e9sident de la Ligue   tunisienne de d\u00e9fense des droits de l&rsquo;homme de 1981 \u00e0 1989 avant de devenir   Ministre de l\u2019Education nationale et de l\u2019Enseignement sup\u00e9rieur 1989 \u00e0 1994   dans le gouvernement du pr\u00e9sident Ben Ali.      Son nom reste li\u00e9 \u00e0 la reforme de l\u2019enseignement qu\u2019il \u00e0 mis en application et   qui \u00e0 \u00e9t\u00e9 largement contest\u00e9e par les milieux islamistes qui dominaient   l\u2019universit\u00e9 \u00e0 son \u00e9poque. Dans la derni\u00e8re partie de son livre \u00ab Islam et   libert\u00e9 \u00bb il s\u2019est largement expliqu\u00e9 sur cette r\u00e9forme qu\u2019il \u00e0 d\u00e9fendu   jusqu&rsquo;\u00e0 la fin de sa vie.      Mohamed Charfi \u00e9t\u00e9 aussi un francophone convaincu et l&rsquo;une des figures   marquantes de la gauche tunisienne. Fondateur du groupe \u00ab perspectives   tunisiennes \u00bb \u00e0 l\u2019animation de laquelle il a particip\u00e9 par ses \u00e9crits et par   son engagement, ce qui lui a valu d\u2019\u00eatre arr\u00eat\u00e9 et condamn\u00e9 \u00e0 la prison qu\u2019il   a pass\u00e9 dans le sinistre bagne de Borj Erroumi. Apr\u00e8s sa sortie du   gouvernement il \u00e0 regagn\u00e9 l&rsquo;opposition et\u00a0 jou\u00e9 un r\u00f4le de premier plan au   sein de la gauche et dans l&rsquo;opposition \u00e0 la dictature instaur\u00e9e par le   pr\u00e9sident Ben Ali pour assurer sa pr\u00e9sidence \u00e0 vie.      Personnage controvers\u00e9, Mohamed Charfi a rest\u00e9 tout au long de sa vie le grand   intellectuel de gauche, militant pour la d\u00e9mocratie et les droits de l\u2019homme   en Tunisie.      <font><strong>(Source : \u00ab TunisiaWatch \u00bb, le blog de Mokhtar   Yahyaoui, le 7 juin 2008)   <\/strong><\/font><font><strong>Lien :  <a href=\"http:\/\/tunisiawatch.rsfblog.org\/archive\/2008\/06\/07\/deces-de-l-universitaire-et-homme-politique-mohamed-charfi.html\" target=\"_blank\" rel=\"noopener\">  http:\/\/tunisiawatch.rsfblog.org\/archive\/2008\/06\/07\/deces-de-l-universitaire-et-homme-politique-mohamed-charfi.html<\/a> <\/p>\n<hr\/>\n<p><\/strong><\/font><\/div>\n<div align=\"center\"> <font>\u00a0<\/font><\/div>\n<p><\/font><\/p>\n<div align=\"center\"> <font><strong><font>AFP, le 7 juin 2008 \u00e0   17h33   <\/font><\/p>\n<h3 style=\"color: blue;\"><font>Tunis promet un proc\u00e8s \u00e9quitable \u00e0 un Tunisien   expuls\u00e9 d&rsquo;Italie<\/font><\/h3>\n<p><\/strong><\/font><\/div>\n<div>  \u00a0<\/div>\n<div> <font><strong>TUNIS, 7 juin 2008 (AFP) &#8211;<\/strong><\/font> Le   ministre tunisien de la Justice et des droits de l&rsquo;Homme Bechir Tekkari a   promis samedi un jugement \u00ab\u00a0\u00e9quitable\u00a0\u00bb \u00e0 un Tunisien expuls\u00e9 d&rsquo;Italie pour   liens pr\u00e9sum\u00e9s avec   le terrorisme et critiqu\u00e9 un avis de la Cour europ\u00e9enne des droits de l&rsquo;Homme   (CEDH) contre son expulsion. \u00ab\u00a0Essid Sami Ben Kemais est d\u00e9j\u00e0 en contact avec   ses avocats et   sera rejug\u00e9 dans les conditions d&rsquo;un proc\u00e8s \u00e9quitable et public\u00a0\u00bb, pr\u00e9vu le 2   juillet devant le tribunal militaire de Tunis, a-t-il d\u00e9clar\u00e9 lors d&rsquo;une   conf\u00e9rence de presse.   Essid Sami Ben Kemais, alias Saber, 40 ans, a \u00e9t\u00e9 remis mardi dernier par   l&rsquo;Italie \u00e0 la Tunisie en d\u00e9pit du fait que la Cour europ\u00e9enne des droits de   l&rsquo;Homme (CEDH) avait suspendu son expulsion.   Critiquant cette suspension, M. Tekkari a affirm\u00e9 que la CEDH \u00ab\u00a0essaie de   donner des avis sur des pays en dehors de l&rsquo;Europe, sans leur permettre de   faire entendre leur point de vue\u00a0\u00bb.   Il a rejet\u00e9 les all\u00e9gations de mauvais traitements \u00e9voquant en exemple le cas   de Said Jaziri, un imam d&rsquo;origine tunisienne dont l&rsquo;expulsion du Canada en   octobre dernier avait suscit\u00e9 des craintes injustifi\u00e9es, a-t-il affirm\u00e9.   Saber sera jug\u00e9 de nouveau apr\u00e8s avoir fait opposition \u00e0 sa condamnation par   d\u00e9faut entre 2000 et 2007 en Tunisie \u00e0 115 ans de prison pour \u00ab\u00a0appartenance \u00e0   une organisation terroriste op\u00e9rant \u00e0 l&rsquo;\u00e9tranger\u00a0\u00bb, avait indiqu\u00e9 \u00e0 l&rsquo;AFP son   avocat Samir Ben Amor.   Il avait \u00e9t\u00e9 condamn\u00e9 par la justice italienne en f\u00e9vrier 2002 \u00e0 six ans et   deux mois de prison pour association de malfaiteurs \u00e0 des fins de terrorisme   et \u00e0 l&rsquo;expulsion d&rsquo;Italie. Accus\u00e9 de nouveau en 2005 de terrorisme dans un   autre proc\u00e8s, Saber a fait l&rsquo;objet une fois de plus d&rsquo;un d\u00e9cret d&rsquo;expulsion de   la part du nouveau ministre de l&rsquo;Int\u00e9rieur, Roberto Maroni, membre du   mouvement populiste de la Ligue du Nord.   Ses avocats avaient fait appel de la d\u00e9cision de l&rsquo;expulser vers la Tunisie au   motif qu&rsquo;il risquait, selon eux, de subir la torture et des traitements   inhumains et la CEDH avait accept\u00e9 ce recours en   ordonnant une suspension de l&rsquo;expulsion. \u00ab\u00a0Les condamnations seront r\u00e9vis\u00e9es et   le prisonnier aura tous les moyens d&rsquo;assurer sa d\u00e9fense\u00a0\u00bb, a r\u00e9p\u00e9t\u00e9 le ministre   tunisien de la Justice.      <strong><font>AFP<\/font><\/strong><\/div>\n<div> <font>\u00a0<\/font><\/div>\n<div> <strong><\/p>\n<hr\/>\n<p><\/strong><\/div>\n<div align=\"center\"> <strong><\/p>\n<p><font><font>Associated Press, le 7   juin 2008 \u00e0 15h53   <\/font>Le ministre tunisien de la Justice assure que Human Rights Watch pourra   visiter les prisons tunisiennes<\/font><\/p>\n<p><\/strong><\/div>\n<div>  \u00a0<\/div>\n<div> <strong><font>TUNIS (AP) &#8212;<\/font><\/strong>Le gouvernement   tunisien \u00ab\u00a0ne voit pas d&rsquo;inconv\u00e9nient\u00a0\u00bb \u00e0 ce que l&rsquo;organisation de d\u00e9fense des   droits de l&rsquo;Homme Human Rights Watch (HRW) visite les prisons tunisiennes,   comme elle en a fait la demande, a d\u00e9clar\u00e9 samedi le ministre tunisien de la   Justice et des droits de l&rsquo;Homme, B\u00e9chir Tekkari.   \u00ab\u00a0Nous discutons actuellement un projet d&rsquo;accord dans ce sens avec HRW\u00a0\u00bb,   organisation bas\u00e9e aux Etats-Unis, a-t-il pr\u00e9cis\u00e9 lors d&rsquo;une conf\u00e9rence de   presse.   Il a rappel\u00e9 qu&rsquo;un accord similaire existe d\u00e9j\u00e0 avec le Comit\u00e9 international   de la Croix-Rouge (CICR) avec lequel \u00ab\u00a0nous entretenons des rapports tr\u00e8s   positifs\u00a0\u00bb, a-t-il assur\u00e9.   \u00ab\u00a0Le CICR dispose d&rsquo;une exp\u00e9rience et d&rsquo;un professionnalisme en la mati\u00e8re dont   nous tirons profit pour am\u00e9liorer la situation dans nos prisons\u00a0\u00bb, s&rsquo;est   f\u00e9licit\u00e9 le responsable tunisien.   Plusieurs ONG d\u00e9crient r\u00e9guli\u00e8rement \u00ab\u00a0la promiscuit\u00e9 et autres conditions   d\u00e9plorables\u00a0\u00bb pr\u00e9valant dans les \u00e9tablissements carc\u00e9raux en Tunisie.   Le ministre pr\u00e9sentait \u00e0 la presse de nouvelles mesures adopt\u00e9es en conseil   des ministres tendant notamment \u00e0 limiter les d\u00e9lais de la d\u00e9tention   pr\u00e9ventive et \u00e0 faciliter la r\u00e9insertion sociale des d\u00e9tenus lib\u00e9r\u00e9s. Ces   d\u00e9lais sont fix\u00e9s actuellement \u00e0 six mois de d\u00e9tention pouvant \u00eatre prolong\u00e9s   de trois mois pour les d\u00e9lits et de six mois et une \u00e9ventuelle prolongation de   deux fois quatre mois pour les crimes.   S&rsquo;agissant de la r\u00e9cente condamnation d&rsquo;un jeune salafiste \u00e0 la peine capitale,   le ministre a rappel\u00e9 l&rsquo;engagement pris par le pr\u00e9sident tunisien Zine El   Abidine Ben Ali de ne jamais signer l&rsquo;ex\u00e9cution d&rsquo;une telle peine \u00ab\u00a0pour des   raisons humanitaires\u00a0\u00bb.   Saber Ragoubi, 24 ans, a \u00e9cop\u00e9 de cette peine maximale pour son implication,   selon l&rsquo;acte d&rsquo;accusation, dans des affrontements arm\u00e9s qui ont fait fin   d\u00e9cembre 2006 et d\u00e9but janvier 2007, 14 morts dont un militaire et un policier   et 12 membres d&rsquo;un groupe salafiste. AP      <font><strong>Associated Press<\/strong><\/font><\/div>\n<div>\n<hr\/>\n<\/div>\n<div align=\"center\"> <strong><\/p>\n<h3 style=\"color: blue;\"><font>Les Musulmanes et le web: L\u2019extase et la   violence<\/font><\/h3>\n<p><\/strong><\/div>\n<div>  \u00a0<\/div>\n<div> <font><strong>Iqbal Gharbi<\/strong><\/font>      Peu \u00e0 peu, les musulmanes montent au cr\u00e9neau, bousculent les pr\u00e9jug\u00e9s,   noyautent l\u2019espace cybern\u00e9tique et infiltrent la fabuleuse toile du world wide   web. En fr\u00e9quentant les sites web adress\u00e9s aux (et visit\u00e9es par les) femmes en   terre d\u2019islam, on fait des d\u00e9couvertes surprenantes, surtout lorsque   l\u2019exaltation de la violence et du martyre sont au bout. Suivez notre guide\u2026      All\u00e9gresse \u00e9merveill\u00e9e, le web se f\u00e9minise de plus en plus. Comble du bonheur,   la grande r\u00e9volution des nouvelles technologies de l\u2019information et de la   communication touche les femmes en terre d\u2019islam. Des milliers de sites   s\u2019adressent aux\u00a0 musulmanes. Ces derni\u00e8res cr\u00e9ent des blogs, participent aux   forums de discussions, exp\u00e9rimentent le chat. Elles se connectent, s\u2019expriment,   s\u2019ext\u00e9riorisent, protestent, s\u2019amusent !      Il faut dire que l\u2019Internet offre une \u00e9chappatoire aux s\u00e9v\u00e8res codes sociaux   musulmans. En outre, il s\u2019accommode bien des conditions psychosociologiques de   la femme musulmane. Outil de la communication postmoderne, espace mi priv\u00e9, mi   public, il rappelle les c\u00e9l\u00e8bres salons litt\u00e9raires (\u00abmajaless el adab\u00bb). Les   musulmanes bousculent les pr\u00e9jug\u00e9s, noyautent l\u2019espace cybern\u00e9tique,   infiltrent la fameuse Toile du www (world wide web).      <font><strong>L\u2019imagination au pouvoir<\/strong><\/font>      La mode est donc au virtuel et le mariage de la femme et de l\u2019Internet   s\u2019annonce, par cons\u00e9quent, effervescent. Instrument de l\u2019espace public   plan\u00e9taire habermassien (par allusion au philosophe allemand Habermas), le web   semble cristalliser l\u2019assise fondamentale de la soci\u00e9t\u00e9 d\u00e9mocratique du XXIe   si\u00e8cle. Il favorise et fait ressortir ses valeurs\u00a0 fondamentales : l\u2019ouverture,   la participation et la libert\u00e9 d\u2019expression pour tous.      Plus pr\u00e9cis\u00e9ment, Internet offre un certain nombre d\u2019avantages importants : un   acc\u00e8s facile ; pratiquement aucune r\u00e8gle, aucune autorisation pr\u00e9alable, aucun   caprice bureaucratique, aucune censure ou autre forme de contr\u00f4le\u00a0   gouvernemental ; un large public dans le monde entier ; des communications   anonymes et rapides ; un faible co\u00fbt et un contexte multim\u00e9dia.      La disparition des corps r\u00e9els dans le cyberespace, l\u2019ajout de proth\u00e8ses \u00e0 nos   organes de perception et d\u2019action (souris ; Webcam, etc.) et le brouillage des   identit\u00e9s sur le r\u00e9seau, facilitent\u00a0 la rencontre avec l\u2019autre.      Bref, l\u2019Internet permet toutes les libert\u00e9s, l\u2019imagination est au pouvoir !      <strong><font>Un espace de crispations identitaires<\/font><\/strong>      En d\u00e9pit de cet \u00e9tat de fait, le d\u00e9pouillement des pages web des sites   f\u00e9minins musulmans peut nous valoir quelques regrets, voire un v\u00e9ritable   d\u00e9senchantement. Il parait \u00e9vident que la majorit\u00e9 des sites web f\u00e9minins   existants appartiennent \u00e0 la mouvance islamique. Cela\u00a0 confirme, en outre, les   th\u00e8ses classiques de l\u2019anthropologie culturelle concernant l\u2019appropriation   sociale du \u00abprogr\u00e8s\u00bb, qui affirment qu\u2019un m\u00e9dia, ancien ou nouveau, est   fondamentalement un produit socioculturel enrob\u00e9 d\u2019une enveloppe technique.      En cons\u00e9quence, sans nier que le monde du virtuel s\u2019ouvre comme un vaste   univers d\u2019innovation et de fantaisie, il est illusoire de penser que sa   gestion \u00e9chappe aux r\u00e8gles du monde r\u00e9el. Cet espace peut, lui aussi,   accaparer, monopoliser la parole, une parole puissante et persuasive.      Un groupe est capable de mobiliser des ressources sp\u00e9cifiques les nouvelles   technologies de l\u2019information et de la communication (NTIC) pour \u00e9laborer\u00a0 des   solidarit\u00e9s archa\u00efques entre les membres et pour r\u00e9activer des crispations du   sentiment identitaire. Il contribue ainsi \u00e0 la constitution de \u00abbulles   culturelles\u00bb dans l\u2019espace num\u00e9rique sans garantir une r\u00e9elle communication   entre les cultures ni un dialogue authentique entre les hommes. L\u2019espace   universel annonc\u00e9 par Habermas est en r\u00e9alit\u00e9 le lieu de toutes les angoisses   et de tous les fantasmes : un ghetto plan\u00e9taire !      En effet, la plupart des sites f\u00e9minins visit\u00e9s pr\u00e9sentent un islamisme   insidieux et \u00e0 peine contenu. Ils proposent, \u00e0 c\u00f4t\u00e9 de la litt\u00e9rature   th\u00e9ologique, des recettes de cuisine di\u00e9t\u00e9tique, des conseils de d\u00e9coration,   d\u2019hygi\u00e8ne ou des recommandations pour l\u2019\u00e9ducation des enfants, dans une vision   simpliste, rigoriste et aust\u00e8re de la religion musulmane.      Tous les sites visit\u00e9s mettent en relief les narrations du Coran et   l\u2019imitation du Proph\u00e8te afin de proposer aux musulmanes des exemples et des   guides pour r\u00e9gler les \u00abbonnes\u00bb conduites pieuses au quotidien et pour trouver   le droit chemin dans la vie moderne.      <strong><font>\u00abLa caravane des pr\u00e9dicatrices\u00bb<\/font><\/strong>      Ces sites \u00absoft\u00bb distillent une id\u00e9ologie sexiste et r\u00e9trograde. En les   analysant et\u00a0 en explorant les contenus des forums, on se rend compte que les   rubriques les plus visit\u00e9es et les th\u00e8mes les plus discut\u00e9s sont le port du   hijab, le \u00abfiqh\u00bb (jurisprudence) f\u00e9minin qui se r\u00e9sume aux questions de   souillure et de puret\u00e9 rituelle, et la m\u00e9decine dite \u00abislamique\u00bb.      La litt\u00e9rature sur le hijab est abondante. Le corps f\u00e9minin est pr\u00e9sent\u00e9 comme   un bijou pr\u00e9cieux que nous devons mettre dans un \u00e9crin, c\u2019est une perle rare   et de grande valeur qui doit \u00eatre gard\u00e9e dans un \u00e9tui, un diamant inestimable   et \u00e9tincelant que nous devons prot\u00e9ger des regards avides et envieux ! Ces   m\u00e9taphores en or, argent et pierres pr\u00e9cieuses sont cens\u00e9es \u00eatre les plus   compr\u00e9hensibles par la psychologie f\u00e9minine !      La communaut\u00e9 des internautes musulmanes sollicite des instructions et des   consignes bien pr\u00e9cises \u00e0 propos des normes th\u00e9ologiques du vrai hijab, sa   taille, sa couleur, sa mati\u00e8re, etc., afin de le diff\u00e9rencier des vrais faux   hijabs. Les sites \u00e9tudi\u00e9s pr\u00e9sentent des t\u00e9moignages de femmes dont le   voilement a boulevers\u00e9 l\u2019existence ! Des images de belles femmes voil\u00e9es sont   expos\u00e9es pour donner l\u2019exemple et susciter des vocations.      Le site f\u00e9minin \u00abla caravane des pr\u00e9dicatrices\u00bb www.gafelh.com\u00a0 propose aux   internautes un cours sp\u00e9cial : comment\u00a0 proc\u00e9der au lavage rituel d\u2019une   d\u00e9pouille de femme, comment l\u2019envelopper dans son linceul, comment l\u2019orienter   dans l\u2019espace etc. L\u2019objectif didactique de ce cours macabre est de nous   accabler et d\u2019\u00e9voquer l\u2019au-del\u00e0 et la vie \u00e9ternelle. Sa finalit\u00e9 p\u00e9dagogique   est de relativiser notre existence actuelle afin que ne nous investissions pas   trop dans les plaisirs de la vie ni ne nous succombions au mat\u00e9rialisme   ambiant ! Il faut noter que ce cours virtuel macabre a eu plus\u00a0 de 7000   visites.      Le th\u00e8me le plus r\u00e9current et qui semble angoisser les internautes musulmanes   qui visitent le site \u00abRoses de l\u2019islam\u00bb www.roses.com concerne le fait de   toucher le sexe d\u2019un b\u00e9b\u00e9 en lui faisant sa toilette. La question qui se pose   donc est si cela constitue une forme d\u2019impuret\u00e9 et s\u2019il n\u00e9cessite le recours   aux ablutions rituelles avant de faire la pri\u00e8re !      Quant \u00e0 la question existentielle qui obs\u00e8de les musulmanes surfant sur le   site \u00abS\u0153urs de l\u2019islam\u00bb www.akhawat.islamway.com\u00a0 elle concerne le statut   juridique du maquillage, rouge \u00e0 l\u00e8vre, mascara, fond de teint et autres   produits\u00a0 d\u2019embellissement f\u00e9minin, du d\u00e9frisage des cheveux aux parfums en   passant par les eaux de toilette qui contiennent une dose d\u2019alcool. Ces   derni\u00e8res, perplexes et tourment\u00e9es, sollicitent des fatwas \u00e9lectroniques pour   r\u00e9soudre ces \u00e9pineux probl\u00e8mes de la vie quotidienne!      Ainsi, des dignitaires des sites sont r\u00e9guli\u00e8rement consult\u00e9s en direct par   des femmes coupables de tout et de rien, d\u00e9sireuses de conserver les acquis   modernes de ce\u00a0 paradis terrestre et de s\u2019assurer que l\u2019autre c\u00e9leste ne leur   \u00e9chappera pas. Les questions les plus d\u00e9sesp\u00e9r\u00e9es, les plus d\u00e9sesp\u00e9rantes   aussi, sont pos\u00e9es par des femmes instruites, prouvant ainsi qu\u2019on peut vivre   g\u00e9ographiquement au vingt-et-uni\u00e8me si\u00e8cle et historiquement en l\u2019an mille.      Ces fatwas f\u00e9minines refl\u00e8tent, en outre, les tensions entre les anciennes   racines religieuses et les go\u00fbts et les concepts occidentaux des soins de   beaut\u00e9 propag\u00e9s par la soci\u00e9t\u00e9 de consommation. L\u2019immuabilit\u00e9 promise par les   cheikhs et la force de la longue dur\u00e9e exercent une v\u00e9ritable attraction sur   celles qui cherchent des points de rep\u00e8re dans un monde incertain !      Nous remarquons aussi, au-del\u00e0 de ces interrogations sur l\u2019hygi\u00e8ne corporelle,\u00a0   une orientation contre-culturelle des sites islamistes. Cette orientation   illustre une volont\u00e9 de se mesurer sur la sc\u00e8ne de la modernit\u00e9, en prenant   celle-ci de front. La question de la femme, l\u2019usage de son corps est au coeur   de cette confrontation.      Par ailleurs, \u00e0 travers l\u2019analyse s\u00e9mantique des pseudonymes utilis\u00e9s par les   internautes femmes dans les forums de discussion, on peut remarquer une   abondance de pseudonymes qui refl\u00e8tent une identit\u00e9 unidimensionnelle et   martyris\u00e9 : \u00abLumi\u00e8re de l\u2019islam\u00bb, \u00abRose de l\u2019islam\u00bb, \u00abLumi\u00e8re du monoth\u00e9isme\u00bb,   \u00abCelle qui aime le Coran \u00bb, \u00abCelle qui aime le Proph\u00e8te\u00bb, \u00abParfum du paradis\u00bb,   \u00abLa pudique \u00bb, \u00abCelle qui porte le hijab\u00bb, \u00abLa combattante\u00bb, \u00abLa fidaiyya\u00bb,   \u00abCelle qui soutient la Palestine\u00bb, \u00abCelle qui soutient l\u2019Irak\u00bb, etc.      Dans ces cas, l\u2019identit\u00e9 impos\u00e9e \u00e9quivaut \u00e0 une sorte d\u2019ali\u00e9nation de soi, car   ce groupe de femmes ne peuvent pas prendre conscience de leur identit\u00e9 \u00e0   partir de ce qu\u2019elles poss\u00e8dent, mais par ce dont elles ont \u00e9t\u00e9 priv\u00e9es.      <strong><font>Une culture de la mort<\/font><\/strong>      D\u2019autres sites comme \u2018\u2018Al-Khansa\u2019\u2019, du nom de la po\u00e9tesse arabe de la p\u00e9riode   ant\u00e9islamique, ou \u2018\u2018Moujahidat\u2019\u2019 sont plus virulents. \u2018\u2018Al-Khansa\u2019\u2019 pr\u00f4ne,   dans sa page d\u2019accueil, \u00abel-wala wal-bara\u00bb, c\u2019est-\u00e0-dire la fid\u00e9lit\u00e9 aux   premiers musulmans et la rupture avec toute la culture des non musulmans, et   expose des images de mitraillettes. Quant \u00e0 \u2018\u2018Moujahidat\u2019\u2019, elle propose un   protocole d\u2019entra\u00eenement militaire de 8 semaines. Son objectif est d\u2019apprendre   aux musulmanes \u00e0 concilier vie familiale et djihad !      La fondation \u2018\u2018As-Sahab\u2019\u2019, \u00abFondation for Islamic Media Publication\u00bb, l\u2019agence   de communication ext\u00e9rieure d\u2019Al-Qaida, diffuse sur ces sites f\u00e9minins les   cassettes, vid\u00e9os de propagande, images et pr\u00eaches d\u2019Oussama ben Laden. Cet   arsenal m\u00e9diatique contient des petits films de guerre mettant en sc\u00e8nes des   jihadistes musulmanes en action dans des pays comme l\u2019Afghanistan, l\u2019Irak, la   Bosnie, la Tch\u00e9tch\u00e9nie      Toute une culture de la mort y trouve un terreau fertile pour proposer une fin   heureuse : la \u00abchahada\u00bb (le martyre). Sa finalit\u00e9 est de cultiver la   martyrologie par la diffusion post-attentat sur le Net des professions de foi   des kamikazes. Elle entretient l\u2019image des h\u00e9ro\u00efnes et de la r\u00e9sistance dans   l\u2019inconscient collectif des destinataires. Ces enregistrements participent   d\u2019une volont\u00e9 de transcender les mentalit\u00e9s, d\u2019exhorter les foules   d\u2019internautes \u00e0 vivre au rythme du jihad et \u00e0 se reconna\u00eetre dans le sacrifice   des \u00abcombattantes\u00bb, dans lesquelles chaque musulmane est appel\u00e9e \u00e0 se   reconna\u00eetre      Nous pouvons trouver tous les instruments de l\u2019agitation, de la propagande et   de la mobilisation : testaments de kamikazes, interviews de Ben Laden et de   Zawahiri, actions de moudjahiddines, films sur la torture dont sont victimes   les musulmans dans les pays impies, po\u00e9sies jihadistes chants lyriques sur   l\u2019islam, film en 3D pour illustrer les corans volants au ciel, d\u00e9luges et   s\u00e9ismes\u00a0 pour pr\u00e9figurer la col\u00e8re divine, techniques rudimentaires de   propagande et de formatage des esprits.      La femme \u00e9merveill\u00e9e, connect\u00e9e sur le r\u00e9seau, d\u00e9connect\u00e9e du r\u00e9el, cherche \u00e0   s\u2019\u00e9vader de son monde trivial, \u00e0 quitter sa morne r\u00e9alit\u00e9 quotidienne, pour   fantasmer et ne plus se r\u00e9veiller ! Touch\u00e9e\u00a0 par la mis\u00e8re affective et le   d\u00e9nuement culturel r\u00e9gnants, cette femme est d\u00e9sensibilis\u00e9e. Elle a besoin de   se donner des extases plus fortes qu\u2019une personne sensible, vivante, citoyenne   qui participe activement \u00e0 la vie de sa communaut\u00e9.      Le danger est r\u00e9el, un sujet fragile, une adolescente en qu\u00eate d\u2019identit\u00e9 peut   passer \u00e0 l\u2019acte, peut transposer sur le r\u00e9el l\u2019exaltation de la haine\u00a0   \u00e9prouv\u00e9e devant l\u2019\u00e9cran. De mani\u00e8re compulsive, elle peut r\u00e9p\u00e9ter, l\u2019extase,   la jouissance de la violence.      Dans le forum de discussion \u2018\u2018Ikhlass\u2019\u2019, une gamine\u00a0 tunisienne qui porte le   pseudonyme de \u00abTanssim\u00bb, nous parle du devoir du jihad. Elles exige des   f\u00e9licitations, non pas des condol\u00e9ances, pour le d\u00e9c\u00e8s de son fr\u00e8re chahid,   Abou Saad Attounoussi, tu\u00e9 en \u00abIrak islamique\u00bb \u00e0 la fleur de l\u2019\u00e2ge !         <strong><font>Discours de haine, langage de violence<\/font><\/strong>      Dans ce discours de ranc\u0153ur, la vengeance, plut\u00f4t que le droit, se trouve   souvent\u00a0 l\u00e9gitim\u00e9e. L\u2019Autre est raval\u00e9 \u00e0 un niveau infra politique, infra   humain, d\u2019o\u00f9 sont exclues toutes les r\u00e8gles \u00e9thiques. Avec cet adversaire, il   n\u2019est gu\u00e8re question de dialogue, de n\u00e9gociation ou de compromis car cela   signifierait une reconnaissance de nature politique qui est, par d\u00e9finition,   exclue.      Cette\u00a0 violence du discours peut \u00eatre consid\u00e9r\u00e9e comme une forme d\u2019arch\u00e9type   de la violence, \u00e0 l\u2019int\u00e9rieur de laquelle toutes les autres vont trouver les   justifications conscientes et inconscientes pour s\u2019exprimer au niveau   interindividuel: la violence \u00e0 l\u2019\u00e9gard\u00a0 des enfants, des femmes, des faibles,   des\u00a0 malades, des dissidents, etc.      Le langage fournit \u00e0 la violence ses premi\u00e8res armes. Le verbe peut \u00eatre\u00a0   l\u2019instrument le plus ad\u00e9quat pour semer le doute et l\u2019incompr\u00e9hension,   diviser, opposer, rejeter.      Dans ce contexte fragilis\u00e9 par des conflits ethniques et politiques, il   s\u2019av\u00e8re utile de r\u00e9-enseigner \u00e0 nos enfants la r\u00e9flexion. Il est n\u00e9cessaire de   leur r\u00e9apprendre, dans nos \u00e9coles, nos lyc\u00e9es, nos facult\u00e9s l\u2019ancienne   diff\u00e9renciation platonicienne entre le sophiste qui cultive l\u2019art de parler et   qui s\u2019adresse \u00e0 l\u2019\u00e9motionnel et le philosophe qui cultive l\u2019art de penser et   qui s\u2019adresse \u00e0 l\u2019intelligence.      <strong><font>(Source : \u00ab L\u2019Expression \u00bb (Magazine   hebdomadaire \u2013 Tunis), N\u00b0 33 du 30 mai au 5 juin 2008)   <\/font><font>Lien : http:\/\/www.lexpression.com.tn\/details_article.php?ID_art=468<\/font><\/strong><\/div>\n<div>\n<hr\/>\n<\/div>\n<div align=\"center\"> <strong><\/p>\n<h3 style=\"color: blue;\"><font><font>AFP, le 7 juin 2008 \u00e0   06h52   <\/font>Le quartier g\u00e9n\u00e9ral de l&rsquo;Africom en Afrique n&rsquo;est pas pour demain<\/font><\/h3>\n<p><\/strong><\/div>\n<div>  \u00a0<\/div>\n<div> <strong><font>Par Jim MANNION   <\/font><\/strong>   WASHINGTON, 7 juin 2008 (AFP) &#8211; Les controverses autour du commandement   militaire am\u00e9ricain pour l&rsquo;Afrique (Africom) l&rsquo;obligent \u00e0 retarder   l&rsquo;implantation sur ce continent de son quartier g\u00e9n\u00e9ral, aujourd&rsquo;hui bas\u00e9 \u00e0   Stuttgart en Allemagne, reconna\u00eet le Pentagone.   Les militaires am\u00e9ricains esp\u00e8rent toujours avoir un quartier g\u00e9n\u00e9ral en   Afrique \u00e0 l&rsquo;avenir mais ils ont admis que cela prendrait du temps pour   d\u00e9passer la perception n\u00e9gative qu&rsquo;en ont les Africains. \u00ab\u00a0Au d\u00e9but, nous   pensions que cela irait assez vite\u00a0\u00bb, a reconnu vendredi un responsable du   minist\u00e8re de la D\u00e9fense ayant requis l&rsquo;anonymat. Le probl\u00e8me est devenu   \u00e9vident quand le g\u00e9n\u00e9ral William Ward,chef de l&rsquo;Africom, a fait une tourn\u00e9e en   octobre dernier en Afrique, juste apr\u00e8s avoir pris ses fonctions. Plusieurs   capitales\u00a0 africaines, dont Alger et Lagos, ont refus\u00e9 d&rsquo;accueillir cette   force.   L&rsquo;arm\u00e9e am\u00e9ricaine insiste sur le fait qu&rsquo;il n&rsquo;est pas pr\u00e9vu d&rsquo;\u00e9tablir des   bases ou des garnisons permanentes en Afrique, seulement d&rsquo;apporter une aide   pour entra\u00eener et \u00e9quiper les arm\u00e9esdes pays africains.   \u00ab\u00a0L&rsquo;image qui a \u00e9t\u00e9 v\u00e9hicul\u00e9e est qu&rsquo;il s&rsquo;agit d&rsquo;une force d&rsquo;intervention sur   le continent (africain). Peu importe le nombre de fois o\u00f9 nous avons tent\u00e9   d&rsquo;expliquer ce qu&rsquo;il en \u00e9tait, cela n&rsquo;a pas sembl\u00e9 \u00eatre entendu,\u00a0\u00bb a poursuivi   ce responsable.   L&rsquo;Africom, cr\u00e9\u00e9 en 2007 et fort de 1.300 membres, s&rsquo;est aussi attir\u00e9 des   critiques aux Etats-Unis o\u00f9 certains voyaient dans ce commandement une   intrusion de l&rsquo;arm\u00e9e dans la politique \u00e9trang\u00e8re, traditionnellement chasse   gard\u00e9e du d\u00e9partement d&rsquo;Etat.   A l&rsquo;origine de ces soup\u00e7ons, le nouveau type de commandement de l&rsquo;Africom,   militaire et civil, mis en place pour pr\u00e9venir les menaces de conflits tout en   collaborant \u00e0 des efforts sur les plans \u00e9conomique, politique et de   d\u00e9veloppement.   Un diplomate partage le commandement de l&rsquo;Africom et des experts civils venant   d&rsquo;autres agences gouvernementales ont \u00e9t\u00e9 engag\u00e9s. \u00ab\u00a0Je crois qu&rsquo;\u00e0 certains   \u00e9gards nous n&rsquo;avons pas fait ce qu&rsquo;il fallait quand nous avons cr\u00e9\u00e9 l&rsquo;Africom,\u00a0\u00bb   a reconnu le mois dernier le secr\u00e9taire am\u00e9ricain \u00e0 la D\u00e9fense Robert Gates.   \u00ab\u00a0Mon opinion, \u00e0 ce stade, est que les actes vont plus compter que les mots. Et   je pense que nous devons agir \u00e9tape apr\u00e8s \u00e9tape\u00a0\u00bb, avait-il ajout\u00e9. \u00ab\u00a0Je pense   que nous devons commencer (\u00e0 collaborer) avec ceux qui sont int\u00e9ress\u00e9s par le   d\u00e9veloppement de relations\u00a0\u00bb avec l&rsquo;Africom, avait soulign\u00e9 M. Gates.   Le quartier g\u00e9n\u00e9ral de l&rsquo;Africom devrait demeurer \u00e0 Stuttgart plusieurs ann\u00e9es   mais le Pentagone examine les diff\u00e9rentes possibilit\u00e9s d&rsquo;implantation apr\u00e8s   2010, y compris sur la c\u00f4te est des Etats-Unis.   L&rsquo;arm\u00e9e n&rsquo;a cependant pas abandonn\u00e9 son id\u00e9e originelle d&rsquo;\u00e9tablir plusieurs   quartiers g\u00e9n\u00e9raux, avec peu de personnel, dans des pays qui accueillent   \u00e9galement des bureaux de l&rsquo;Union africaine.   Le quartier g\u00e9n\u00e9ral principal devrait \u00eatre install\u00e9 hors d&rsquo;Afrique.   Le commandement r\u00e9fl\u00e9chit \u00e9galement \u00e0 la possibilit\u00e9 de d\u00e9velopper la douzaine   de bureaux de coop\u00e9ration militaire existant d\u00e9j\u00e0 en Afrique. L&rsquo;espoir est que   si les Africains trouvent un avantage \u00e0 un renforcement de l&rsquo;assistance en   mati\u00e8re de s\u00e9curit\u00e9, ils seront favorables \u00e0 une pr\u00e9sence r\u00e9gionale ou \u00e0 une   collaboration sur le continent, a relev\u00e9 le responsable. \u00ab\u00a0Cela prendra du   temps et il n&rsquo;y a pas lieu de se presser. Et   nous n&rsquo;allons pas nous pr\u00e9cipiter sur ce continent pour aider des gens qui ne   veulent pas l&rsquo;\u00eatre,\u00a0\u00bb a-t-il conclu.      <font><strong>AFP<\/strong><\/font><\/div>\n<div>\n<hr\/>\n<\/div>\n<div align=\"center\"> <strong><\/p>\n<h4 style=\"color: blue;\"><font><font>AFP, le 7 juin 2008 \u00e0   03h00   <\/font>USA\/Torture &#8211; Enqu\u00eate sur l&rsquo;expulsion d&rsquo;un Canadien en Syrie<\/font><\/h4>\n<p><\/strong><\/div>\n<div>  \u00a0<\/div>\n<div> <font><strong>WASHINGTON, 7 juin (Reuters)<\/strong><\/font> &#8211;   Le d\u00e9partement am\u00e9ricain de la Justice a fait savoir vendredi qu&rsquo;il enqu\u00eatait   depuis un an sur des n\u00e9gligences pr\u00e9sum\u00e9es ayant conduit \u00e0 l&rsquo;expulsion d&rsquo;un   Canadien dans sa Syrie natale, o\u00f9 il dit avoir \u00e9t\u00e9 tortur\u00e9. L&rsquo;enqu\u00eate sur   l&rsquo;expulsion de Maher Arar, qui \u00e9tait soup\u00e7onn\u00e9 \u00e0 tort d&rsquo;activit\u00e9s terroristes,   a \u00e9t\u00e9 ouverte l&rsquo;ann\u00e9e derni\u00e8re, apr\u00e8s publication d&rsquo;un rapport de l&rsquo;inspecteur   g\u00e9n\u00e9ral du   d\u00e9partement de la S\u00e9curit\u00e9 int\u00e9rieure, dont certaines parties ont \u00e9t\u00e9   d\u00e9classifi\u00e9es cette semaine. Arar avait \u00e9t\u00e9 arr\u00eat\u00e9 en septembre 2002 \u00e0   l&rsquo;a\u00e9roport Kennedy de New York, alors qu&rsquo;il revenait de Tunisie et rentrait au   Canada. D\u00e9tenu un mois aux Etats-Unis, il avait ensuite \u00e9t\u00e9 renvoy\u00e9 en Syrie,   o\u00f9 il est rest\u00e9 emprisonn\u00e9 un an et dit avoir \u00e9t\u00e9 tortur\u00e9.   Le rapport conclut que les responsables de la justice et de l&rsquo;immigration   n&rsquo;ont pas respect\u00e9 les proc\u00e9dures normales, qui impliquaient d&rsquo;expulser Arar   vers le Canada ou vers la Suisse, pays de provenance de son vol.   Les services de l&rsquo;immigration ont \u00e9galement estim\u00e9 qu&rsquo;Arar serait prot\u00e9g\u00e9 de   la torture par les conventions internationales et que \u00ab\u00a0le renvoyer en Syrie ne   devrait pas donner lieu \u00e0 des tortures\u00a0\u00bb, malgr\u00e9 les craintes qu&rsquo;il avait   exprim\u00e9es. Selon le rapport, les assurances donn\u00e9es sur ce plan par la Syrie   \u00e9taient faibles.   L&rsquo;inspecteur g\u00e9n\u00e9ral Richard Skinner, auteur du rapport, a d\u00e9clar\u00e9 jeudi   devant le Congr\u00e8s ne pas exclure que les Etats-Unis ait envoy\u00e9 volontairement   Arar en Syrie, afin qu&rsquo;il soit interrog\u00e9 selon des m\u00e9thodes contraires la loi   am\u00e9ricaine.   Le gouvernement canadien a lav\u00e9 Arar de tout soup\u00e7on de liens avec des groupes   terroristes, et s&rsquo;est excus\u00e9 avant de lui payer plusieurs millions de dollars   de d\u00e9dommagement. La police canadienne semble avoir inform\u00e9 \u00e0 tort les   garde-fronti\u00e8res am\u00e9ricains des soup\u00e7ons sur Arar.       <strong><font>REUTERS<\/font><\/strong><\/div>\n<div>\n<hr\/>\n<\/div>\n<div align=\"center\"> <strong><\/p>\n<p><font><font>AFP, le 7 juin 2008 \u00e0   06h33   <\/font>Conseil des droits de l&rsquo;Homme    Washington veut limiter le plus possible ses contacts<\/font><\/p>\n<p><\/strong>\u00a0<\/div>\n<div>  \u00a0<\/div>\n<div>     Washington (AFP) Les Etats-Unis ont d\u00e9cid\u00e9 de limiter au maximum leurs   contacts avec le Conseil des droits de l&rsquo;Homme de l&rsquo;ONU. Ils jugent son bilan   \u00ab\u00a0path\u00e9tique\u00a0\u00bb.      \u00ab\u00a0La secr\u00e9taire d&rsquo;Etat am\u00e9ricaine, Condoleezza Rice, a pris la d\u00e9cision que   nous ne contacterions le Conseil des droits de l&rsquo;Homme que quand nous   penserons que les questions trait\u00e9es sont d&rsquo;un int\u00e9r\u00eat national profond pour   les Etats-Unis\u00a0\u00bb, a d\u00e9clar\u00e9 le porte- parole du d\u00e9partement d&rsquo;Etat, Sean   McCormack.      Il faudra que les Etats-Unis \u00ab\u00a0se sentent oblig\u00e9s de participer \u00e0 une session\u00a0\u00bb,   a pr\u00e9cis\u00e9 le porte-parole au cours d&rsquo;un point de presse. \u00ab\u00a0Notre scepticisme   sur le fonctionnement du Conseil des droits de l&rsquo;Homme, la fa\u00e7on dont il   remplit son mandat et sa mission, est bien connu\u00a0\u00bb, a rappel\u00e9 M. McCormack. \u00ab\u00a0Il   a un bilan assez path\u00e9tique\u00a0\u00bb.      Les Etats-Unis agiront au coup par coup, a-t-il pr\u00e9cis\u00e9. \u00ab\u00a0Nous aurons une   approche plus r\u00e9serv\u00e9e\u00a0\u00bb, a-t-il expliqu\u00e9. \u00ab\u00a0Nous allons choisir de fa\u00e7on plus   s\u00e9lective la fa\u00e7on et la fr\u00e9quence de nos contacts avec le Conseil\u00a0\u00bb.      Les Etats-Unis ont refus\u00e9 de participer aux travaux du Conseil des droits de   l&rsquo;Homme comme membre votant depuis sa cr\u00e9ation en2006. Ils accusent le Conseil   de se focaliser presque exclusivement   sur Isra\u00ebl et de ne pas s&rsquo;occuper des violations des droits de l&rsquo;Homme dans   des pays comme la Birmanie, le Zimbabwe, la Cor\u00e9e du Nord, le B\u00e9larus ou Cuba.      <font><strong>AFP<\/strong><\/font><\/div>\n<div>\n<hr\/>\n<\/div>\n<div align=\"center\"> <strong><\/p>\n<p><font><font>AFP, le 7 juin 2008 \u00e0   13h49   <\/font>Voile interdit: le pr\u00e9sident du parlement turc pour une constitution   r\u00e9vis\u00e9e<\/font><\/p>\n<p><\/strong><\/div>\n<div>  \u00a0<\/div>\n<div> <font><strong>ANKARA, 7 juin 2008 (AFP)<\/strong><\/font> &#8211; La   Turquie a besoin d&rsquo;une r\u00e9vision de sa Constitution et de son syst\u00e8me   parlementaire, a d\u00e9clar\u00e9 samedi le pr\u00e9sident du Parlement, Koksal Toptan (AKP),   d\u00e9plorant une d\u00e9cision de justice interdisant le voile \u00e0 l&rsquo;universit\u00e9.      La cour constitutionnelle a outrepass\u00e9 ses fonctions en annulant un amendement   propos\u00e9 par le Parti de la justice et du d\u00e9veloppement (AKP) au pouvoir et   largement approuv\u00e9 par le parlement en f\u00e9vrier dernier, a affirm\u00e9 M. Toptan au   cours d&rsquo;une conf\u00e9rence de presse.      Cet amendement autorisait les femmes \u00e0 porter le foulard islamique dans les   \u00e9tablissements universitaires. \u00ab\u00a0Cette d\u00e9cision soul\u00e8ve des questions sur la   s\u00e9paration des pouvoirs. Elle suscite de profondes inqui\u00e9tudes concernant le   d\u00e9veloppement de notre d\u00e9mocratie\u00a0\u00bb, a estim\u00e9 M. Toptan.      \u00ab\u00a0Je pense que c&rsquo;est l&rsquo;occasion de d\u00e9battre d&rsquo;une nouvelle constitution et d&rsquo;un   syst\u00e8me bicam\u00e9ral\u00a0\u00bb, a-t-il ajout\u00e9. \u00ab\u00a0Un tel syst\u00e8me r\u00e9duira le poids qui p\u00e8se   sur la cour constitutionnelle et lui permettra de travailler plus   confortablement\u00a0\u00bb, selon lui.      Le verdict, rendu jeudi par la Cour constitutionnelle de Turquie, annule un   amendement tr\u00e8s controvers\u00e9 \u00e0 la loi fondamentale autorisant le voile dans les   \u00e9tablissements universitaires, au motif qu&rsquo;il porte atteinte au caract\u00e8re la\u00efc   du pays inscrit dans ce texte.      Le parlement turc \u00e9tait compos\u00e9 de deux chambres sous la constitution adopt\u00e9e   en 1961 mais est redevenu unicam\u00e9ral avec la constitution vot\u00e9e en 1982, fruit   du coup d&rsquo;Etat militaire de 1980.   <font><strong>AFP<\/strong><\/font><\/div>\n<div>\n<hr\/>\n<\/div>\n<div align=\"center\"> <strong><\/p>\n<p><font><font>Reuters, le 7 juin 2008 \u00e0   11h50   <\/font>Turquie\/Voile-Le pr\u00e9sident de l&rsquo;Assembl\u00e9e se joint aux critiques<\/font><\/p>\n<p><\/strong><\/div>\n<div>  \u00a0<\/div>\n<div> <strong><font>ANKARA, 7 juin (Reuters) &#8211;<\/font><\/strong> Le   pr\u00e9sident de l&rsquo;Assembl\u00e9e nationale turque, Koksal Toptan, a critiqu\u00e9 \u00e0 son   tour samedi la d\u00e9cision de la Cour constitutionnelle d&rsquo;annuler la   r\u00e9formeautorisant le foulard islamique dans les universit\u00e9s.   En agissant ainsi, a-t-il estim\u00e9, la Cour a viol\u00e9 les pr\u00e9rogatives de   l&rsquo;Assembl\u00e9e. \u00ab\u00a0La Cour constitutionnelle a pris une d\u00e9cision sur le contenu   d&rsquo;une loi vot\u00e9e par 411 \u00e9lus de notre Assembl\u00e9e alors que la constitution   stipule clairement qu&rsquo;elle doit se cantonner \u00e0 des questions de proc\u00e9dure\u00a0\u00bb, a   dit Toptan lors d&rsquo;une conf\u00e9rence de presse. \u00ab\u00a0Cette d\u00e9cision remet en question   le principe de la s\u00e9paration des pouvoirs\u00a0\u00bb, a-t-il ajout\u00e9.   Il s&rsquo;est prononc\u00e9 en faveur de la r\u00e9daction d&rsquo;une nouvelle constitution qui   pr\u00e9voirait la cr\u00e9ation d&rsquo;un S\u00e9nat aux cot\u00e9s de l&rsquo;Assembl\u00e9e nationale et veut   \u00e9galement demander aux dirigeants des principaux partis politiques de se   prononcer sur la d\u00e9cision de la Cour constitutionnelle. R\u00e9unie vendredi, la   direction de l&rsquo;AKP, parti au pouvoir depuis six ans en Turquie, a estim\u00e9 que   la Cour avait viol\u00e9 la Constitution en invalidant la r\u00e9forme qui levait   l&rsquo;interdiction de porter le foulard islamique dans les universit\u00e9s. Cette   question du voile joue un r\u00f4le central dans la tentative de dissoudre l&rsquo;AKP   pour men\u00e9es antila\u00efques et de   suspendre pour cinq ans de la vie politique 71 de ses membres, dont le chef de   l&rsquo;Etat Abdullah G\u00fcl et le Premier ministre Recep Tayyip Erdogan.      <strong><font>REUTERS<\/font><\/strong><\/div>\n<div>\n<hr\/>\n<\/div>\n<div align=\"center\"> <strong><font>AFP, le 7 juin 2008 \u00e0 11h12   <\/font><\/p>\n<h4 style=\"color: blue;\"><font>Turquie: l&rsquo;interdiction du voile \u00e0 l&rsquo;universit\u00e9   est contraire aux libert\u00e9s (HRW)<\/font><\/h4>\n<p><\/strong><\/div>\n<div>  \u00a0<\/div>\n<div> <font><strong>ANKARA, 7 juin 2008 (AFP) &#8211;<\/strong><\/font> La   d\u00e9cision de la justice turque d&rsquo;interdire le port du foulard islamique \u00e0   l&rsquo;universit\u00e9 est une violation de la libert\u00e9 religieuse, a estim\u00e9 samedi   l&rsquo;organisation de d\u00e9fense des droits de l&rsquo;homme Human Rights Watch (HRW).   Le verdict, rendu jeudi par la Cour constitutionnelle de Turquie, annule un   amendement tr\u00e8s controvers\u00e9 \u00e0 la loi fondamentale autorisant le voile dans les   \u00e9tablissements universitaires, au motif qu&rsquo;il porte atteinte au caract\u00e8re la\u00efc   du pays inscrit dans ce texte.   \u00ab\u00a0Cette d\u00e9cision signifie que les femmes qui ont choisi de porter le voile en   Turquie vont \u00eatre oblig\u00e9es de choisir entre leur religion et l&rsquo;\u00e9ducation\u00a0\u00bb,   d\u00e9clare dans un communiqu\u00e9 Holly Cartner, directrice de HRW pour l&rsquo;Europe et   l&rsquo;Asie centrale.   \u00ab\u00a0C&rsquo;est vraiment d\u00e9cevant et cela ne pr\u00e9sage rien de bon pour le processus de   r\u00e9formes\u00a0\u00bb, ajoute-t-elle. Le Parti de la justice et du d\u00e9veloppement (AKP,   issu de la mouvance islamiste) au pouvoir, qui avait d\u00e9fendu l&rsquo;amendement   malgr\u00e9 les critiques, a estim\u00e9 que la Cour a outrepass\u00e9 ses fonctions, arguant   que les juges ne peuvent se prononcer que sur la forme d&rsquo;un amendement, pas   sur le fond.   Selon l&rsquo;AKP, l&rsquo;interdiction du voile \u00e0 l&rsquo;universit\u00e9 est une violation de la   libert\u00e9 de conscience et du droit \u00e0 l&rsquo;\u00e9ducation. Les forces du camp la\u00efc, en   premier lieu l&rsquo;arm\u00e9e, les juges et les universitaires, consid\u00e8rent en revanche   le voile comme le symbole d&rsquo;un islam politique et une violation de la   s\u00e9paration de l&rsquo;Etat et de la religion.      <font><strong>AFP<\/strong><\/font><\/div>\n<div>\n<hr\/>\n<\/div>\n<div align=\"center\"> <strong><\/p>\n<h4 style=\"color: blue;\"><font><font>Reuters, le 7 juin 2008 \u00e0   10h29   <\/font>Turquie-Human Rights Watch critique la Cour constitutionnelle<\/font><\/h4>\n<p><\/strong><\/div>\n<div>  \u00a0<\/div>\n<div> <strong><font>ANKARA, 7 juin (Reuters) &#8211;<\/font><\/strong> La   d\u00e9cision de la Cour constitutionnelle turque, qui a annul\u00e9 la r\u00e9forme   autorisant le foulard islamique dans les universit\u00e9s, est un coup port\u00e9 \u00e0 la   libert\u00e9 religieuse et aux droits fondamentaux, a d\u00e9clar\u00e9 samedi l&rsquo;organisation   Human Rights Watch.   \u00ab\u00a0Cette d\u00e9cision signifie que les femmes qui choisissent de porter le foulard   en Turquie seront contraintes de choisir entre leur religion et leur \u00e9ducation\u00a0\u00bb,   estime dans un communiqu\u00e9 Holly Cartner, directrice de la division Europe et   Asie centrale \u00e0 HRW.   \u00ab\u00a0C&rsquo;est une d\u00e9cision vraiment d\u00e9cevante qui ne pr\u00e9sage rien de bon pour le   processus de r\u00e9forme\u00a0\u00bb en Turquie, a-t-elle ajout\u00e9. R\u00e9unie vendredi, la   direction de l&rsquo;AKP, parti au pouvoir depuis six ans en Turquie, a estim\u00e9 que   la Cour constitutionnelle avait viol\u00e9 la Constitution en invalidant lar\u00e9forme   qui levait l&rsquo;interdiction de porter le foulard islamique dans les universit\u00e9s.   Cette question du voile joue un r\u00f4le central dans la tentative de dissoudre   l&rsquo;AKP pour men\u00e9es antila\u00efques et de suspendre pour cinq ans de la vie   politique 71 de ses membres, dont le chef de l&rsquo;Etat Abdullah G\u00fcl et le Premier   ministre Recep Tayyip Erdogan.       <font><strong>REUTERS<\/strong><\/font><\/div>\n<p align=\"left\" dir=\"ltr\">\u00a0<\/p>\n<p align=\"center\" dir=\"ltr\"><b><a href=\"https:\/\/tunisnews.net\/ar\/\"><font face=\"Arial\"><span><font size=\"2\">Home<\/font><\/span><font size=\"2\"><span lang=\"FR-CH\"> &#8211; Accueil <\/span><span>&#8211; <\/span><\/font><\/font><span dir=\"rtl\" lang=\"AR-SA\"><font size=\"2\">\u0627\u0644\u0631\u0626\u064a\u0633\u064a\u0629<\/font><\/span><\/a><\/b><\/p>\n<p><\/body><\/body><\/html><\/p>","protected":false},"excerpt":{"rendered":"<p>Home &#8211; Accueil TUNISNEWS \u00a08\u00a0\u00e8me\u00a0ann\u00e9e, N\u00b0 \u00a02937 du 07.06.2008\u00a0archives : www.tunisnews.net CNLT:La police tire sur une manifestation pacifique \u00e0 Redeyef et assassine un jeune AFP:Tunisie: manifestation \u00e0 Paris l\u2019Observatoire lyonnais pour la d\u00e9fense des libert\u00e9s fondamentales en Tunisie:COMMUNIQU\u00c9 AFP:Tunisie: l&rsquo;arm\u00e9e d\u00e9ploy\u00e9e \u00e0 Redeyef o\u00f9 le calme est revenu (dirigeant syndical) AFP:Tunis regrette la mort d&rsquo;un [&hellip;]<\/p>\n","protected":false},"author":1,"featured_media":22040,"comment_status":"open","ping_status":"open","sticky":false,"template":"","format":"standard","meta":{"inline_featured_image":false,"site-sidebar-layout":"default","site-content-layout":"","ast-site-content-layout":"default","site-content-style":"default","site-sidebar-style":"default","ast-global-header-display":"","ast-banner-title-visibility":"","ast-main-header-display":"","ast-hfb-above-header-display":"","ast-hfb-below-header-display":"","ast-hfb-mobile-header-display":"","site-post-title":"","ast-breadcrumbs-content":"","ast-featured-img":"","footer-sml-layout":"","ast-disable-related-posts":"","theme-transparent-header-meta":"","adv-header-id-meta":"","stick-header-meta":"","header-above-stick-meta":"","header-main-stick-meta":"","header-below-stick-meta":"","astra-migrate-meta-layouts":"default","ast-page-background-enabled":"default","ast-page-background-meta":{"desktop":{"background-color":"","background-image":"","background-repeat":"repeat","background-position":"center center","background-size":"auto","background-attachment":"scroll","background-type":"","background-media":"","overlay-type":"","overlay-color":"","overlay-opacity":"","overlay-gradient":""},"tablet":{"background-color":"","background-image":"","background-repeat":"repeat","background-position":"center center","background-size":"auto","background-attachment":"scroll","background-type":"","background-media":"","overlay-type":"","overlay-color":"","overlay-opacity":"","overlay-gradient":""},"mobile":{"background-color":"","background-image":"","background-repeat":"repeat","background-position":"center center","background-size":"auto","background-attachment":"scroll","background-type":"","background-media":"","overlay-type":"","overlay-color":"","overlay-opacity":"","overlay-gradient":""}},"ast-content-background-meta":{"desktop":{"background-color":"var(--ast-global-color-5)","background-image":"","background-repeat":"repeat","background-position":"center center","background-size":"auto","background-attachment":"scroll","background-type":"","background-media":"","overlay-type":"","overlay-color":"","overlay-opacity":"","overlay-gradient":""},"tablet":{"background-color":"var(--ast-global-color-5)","background-image":"","background-repeat":"repeat","background-position":"center center","background-size":"auto","background-attachment":"scroll","background-type":"","background-media":"","overlay-type":"","overlay-color":"","overlay-opacity":"","overlay-gradient":""},"mobile":{"background-color":"var(--ast-global-color-5)","background-image":"","background-repeat":"repeat","background-position":"center center","background-size":"auto","background-attachment":"scroll","background-type":"","background-media":"","overlay-type":"","overlay-color":"","overlay-opacity":"","overlay-gradient":""}},"footnotes":""},"categories":[],"tags":[58,39,29],"class_list":["post-18774","post","type-post","status-publish","format-standard","has-post-thumbnail","hentry","tag-58","tag-39","tag-fr"],"_links":{"self":[{"href":"https:\/\/tunisnews.net\/ar\/wp-json\/wp\/v2\/posts\/18774","targetHints":{"allow":["GET"]}}],"collection":[{"href":"https:\/\/tunisnews.net\/ar\/wp-json\/wp\/v2\/posts"}],"about":[{"href":"https:\/\/tunisnews.net\/ar\/wp-json\/wp\/v2\/types\/post"}],"author":[{"embeddable":true,"href":"https:\/\/tunisnews.net\/ar\/wp-json\/wp\/v2\/users\/1"}],"replies":[{"embeddable":true,"href":"https:\/\/tunisnews.net\/ar\/wp-json\/wp\/v2\/comments?post=18774"}],"version-history":[{"count":0,"href":"https:\/\/tunisnews.net\/ar\/wp-json\/wp\/v2\/posts\/18774\/revisions"}],"wp:featuredmedia":[{"embeddable":true,"href":"https:\/\/tunisnews.net\/ar\/wp-json\/wp\/v2\/media\/22040"}],"wp:attachment":[{"href":"https:\/\/tunisnews.net\/ar\/wp-json\/wp\/v2\/media?parent=18774"}],"wp:term":[{"taxonomy":"category","embeddable":true,"href":"https:\/\/tunisnews.net\/ar\/wp-json\/wp\/v2\/categories?post=18774"},{"taxonomy":"post_tag","embeddable":true,"href":"https:\/\/tunisnews.net\/ar\/wp-json\/wp\/v2\/tags?post=18774"}],"curies":[{"name":"wp","href":"https:\/\/api.w.org\/{rel}","templated":true}]}}