{"id":18759,"date":"2010-03-30T00:00:00","date_gmt":"2010-03-30T00:00:00","guid":{"rendered":"https:\/\/tunisnews.net\/30-mars-2010\/"},"modified":"2010-03-30T00:00:00","modified_gmt":"2010-03-30T00:00:00","slug":"30-mars-2010","status":"publish","type":"post","link":"https:\/\/tunisnews.net\/ar\/30-mars-2010\/","title":{"rendered":"30 mars 2010"},"content":{"rendered":"<p><html><head><meta content=\"text\/html\" description=\"Nous souhaitons vous alerter \u00e0 nouveau sur la \t\t\t\t\t\t\tsituation du journaliste et \u00e9crivain tunisien \t\t\t\t\t\t\tTaoufik Ben Brik, incarc\u00e9r\u00e9 en Tunisie depuis le 29 \t\t\t\t\t\t\toctobre 2009, et condamn\u00e9, le 26 novembre suivant, \u00e0 \t\t\t\t\t\t\tsix mois de prison pour un d\u00e9lit imaginaire. Le 22 \t\t\t\t\t\t\tjanvier, Fran\u00e7ois Zimeray, ambassadeur pour les \t\t\t\t\t\t\tdroits de l'homme de la R\u00e9publique fran\u00e7aise, a re\u00e7u \t\t\t\t\t\t\tson \u00e9pouse, Azza Zarrad, en compagnie de plusieurs \t\t\t\t\t\t\tcollaborateurs de Bernard Kouchner.\" http-equiv=\"Content-Type\"\/><\/head><body><body><\/p>\n<p align=\"center\" dir=\"ltr\"><font face=\"Arial\" size=\"2\"><b><a href=\"https:\/\/tunisnews.net\/ar\/\"><span>Home<\/span><span lang=\"FR-CH\"> &#8211; Accuei<\/span><\/a><span lang=\"FR-CH\">l<\/span><\/b><\/font><\/p>\n<div>\n<div><font face=\"Arial\" size=\"2\"><\/p>\n<div>\n<div>\n<div>\n<div dir=\"ltr\"><\/div>\n<div align=\"center\" dir=\"ltr\"><font size=\"7\"><strong>TUNISNEWS <\/strong><\/font><\/div>\n<div align=\"center\" dir=\"ltr\">\n<div><strong><font>9\u00a0\u00e8me ann\u00e9e,<span lang=\"FR\">N\u00b0\u00a03598 du 30.03.2010<\/span><\/font><\/strong><\/div>\n<\/div>\n<div align=\"center\"><span><font><strong>\u00a0archives : <\/strong><\/font><a target=\"_blank\" rel=\"noopener\"><font><strong>www.tunisnews.net<\/strong><\/font><\/a><\/span><font><strong>\u00a0<\/strong><\/font><span lang=\"FR\"><strong><\/strong><font><span lang=\"FR-CH\"><\/span><\/font><\/span><\/div>\n<p><span><font><span><font size=\"2\"><span lang=\"FR\"><\/p>\n<div><strong><font size=\"2\"><\/p>\n<hr\/>\n<p><\/font><\/strong><span lang=\"FR-CH\"><font size=\"3\"><span lang=\"FR-CH\"><strong>Fran\u00e7ois G\u00e8ze, Jean-Fran\u00e7ois Julliard et Gilles Perrault: Le journaliste tunisien Taoufik Ben Brik doit \u00eatre lib\u00e9r\u00e9,  <font>Reuters: L&rsquo;Union europ\u00e9enne accorde 240 millions d&rsquo;euros \u00e0 la Tunisie<\/font> AFP: Ben Ali appelle la communaut\u00e9 internationale \u00e0 soutenir le peuple palestinien <font>Press Afrik: Affaire Ferchichi : Nous n\u2019accepterons pas qu\u2019il soit clochardis\u00e9 dixit Me Dioma Ndiaye<\/font> L\u00b4Observateur: Yassine Ferchichi entame une gr\u00e8ve de la faim  <font>Attariq Al Jadid: Pouvoir \u2013 UGTT: Le compromis n\u00e9o-corporatiste, substitut \u00e0 la d\u00e9mocratie?<\/font> Attariq Al Jadid: Interdiction du lancement de Taraji-TV: Qu\u2019y a-t-il derri\u00e8re ce cafouillage? <font>AFP: Une enseignante belge voil\u00e9e \u00e0 nouveau interdite de cours<\/font> AFP: France: vers une interdiction rapide et limit\u00e9e de la burqa  <font>Reuters: Le Conseil d&rsquo;Etat fran\u00e7ais contre l&rsquo;interdiction totale de la burqa<\/font> AFP: La l\u00e9gislation sur le voile int\u00e9gral: \u00e9tat des lieux en Europe <font>Reuters: Turk government sends reform package to parliament<\/font> AFP: Le parti gouvernemental turc pr\u00e9sente une r\u00e9vision constitutionnelle <font>Reuters: Le pr\u00e9sident turc prudent face \u00e0 la r\u00e9forme constitutionnelle<\/font> AFP: Pays-Bas: ouverture d&rsquo;un sex-shop en ligne pour musulmans <font>Reuters: UK&rsquo;s anti-terrorism policy backfiring-lawmakers<\/font><\/strong><\/span><\/font><\/span> <\/div>\n<div>\n<hr\/>\n<\/div>\n<div align=\"center\"><b><span><font size=\"3\">Le journaliste tunisien Taoufik Ben Brik doit \u00eatre lib\u00e9r\u00e9, <\/font><\/span><\/b><\/div>\n<div>\n<hr\/>\n<\/div>\n<p><\/span><\/p>\n<div>\n<div>\n<p><span><strong><font>par Fran\u00e7ois G\u00e8ze, Jean-Fran\u00e7ois Julliard et Gilles Perrault \u00a0<\/font><\/strong><\/span><\/p>\n<p><span>Monsieur le Pr\u00e9sident de la R\u00e9publique, <\/span><\/p>\n<p><span>Nous souhaitons vous alerter \u00e0 nouveau sur la situation du journaliste et \u00e9crivain tunisien Taoufik Ben Brik, incarc\u00e9r\u00e9 en Tunisie depuis le 29 octobre 2009, et condamn\u00e9, le 26 novembre suivant, \u00e0 six mois de prison pour un d\u00e9lit imaginaire. Le 22 janvier, Fran\u00e7ois Zimeray, ambassadeur pour les droits de l&rsquo;homme de la R\u00e9publique fran\u00e7aise, a re\u00e7u son \u00e9pouse, Azza Zarrad, en compagnie de plusieurs collaborateurs de Bernard Kouchner.<\/span><\/p>\n<p><span lang=\"EN-GB\">Et le 5 f\u00e9vrier, votre conseiller diplomatique, Jean-David Levitte, a re\u00e7u \u00e0 l&rsquo;Elys\u00e9e M<sup>e<\/sup> William Bourdon, avocat de la victime. <\/span><span>Ces rencontres attestent que vous \u00eates inform\u00e9 de la situation de M. Ben Brik.<\/span><\/p>\n<p><span>Mais, \u00e0 ce jour, nous sommes toujours dans l&rsquo;attente d&rsquo;une parole forte de l&rsquo;Etat fran\u00e7ais indiquant \u00e0 l&rsquo;Etat tunisien que l&rsquo;incarc\u00e9ration et la condamnation de ce dernier sont inacceptables au regard des conventions et pactes internationaux en mati\u00e8re de libert\u00e9 d&rsquo;expression et de protection des droits de l&rsquo;homme, conventions et pactes sign\u00e9s et ratifi\u00e9s par ces deux Etats et qui engagent donc notre responsabilit\u00e9 en tant que citoyens fran\u00e7ais.<\/span><\/p>\n<p><span>C&rsquo;est pourquoi nous pensons que cette situation appelle, de fa\u00e7on urgente, votre intervention pour faire cesser la perspective de l&rsquo;irr\u00e9parable qui plane sur M. Ben Brik, atteint d&rsquo;une grave maladie.<\/span><\/p>\n<p><span>Il avait couvert pour plusieurs m\u00e9dias fran\u00e7ais la campagne de l&rsquo;\u00e9lection pr\u00e9sidentielle tunisienne d&rsquo;octobre 2009, qui a vu la r\u00e9\u00e9lection, pour un cinqui\u00e8me mandat successif, de votre homologue, M. Zine El-Abidine Ben Ali, avec &#8211; selon les chiffres officiels &#8211; 89,62 % des suffrages exprim\u00e9s. <\/span><span lang=\"EN-GB\">Cette couverture journalistique, critique et sans concession, a fortement irrit\u00e9 le r\u00e9gime tunisien, r\u00e9put\u00e9 depuis des ann\u00e9es, vous le savez, pour ses violations r\u00e9p\u00e9t\u00e9es de la libert\u00e9 d&rsquo;expression et la traque impitoyable de tous ses opposants.<\/span><\/p>\n<p><span lang=\"EN-GB\">C&rsquo;est pourquoi nous voulons croire que la France ne laissera pas Taoufik Ben Brik soumis \u00e0 l&rsquo;arbitraire total d&rsquo;un gouvernement sans aucun contre-pouvoir. L&rsquo;action de la France permettrait ainsi que l&rsquo;article 2 de l&rsquo;Accord d&rsquo;association sign\u00e9, en juillet 1995, entre la Tunisie et l&rsquo;Union europ\u00e9enne, selon lequel <i>\u00ab\u00a0le respect des principes d\u00e9mocratiques et des droits de l&rsquo;homme<\/i> (&#8230;) <i>constitue un \u00e9l\u00e9ment essentiel de l&rsquo;accord\u00a0\u00bb<\/i>, ne reste pas lettre morte. <\/span><\/p>\n<p><span lang=\"EN-GB\">M\u00eame si d&rsquo;autres Etats membres de l&rsquo;Union europ\u00e9enne estiment, de fa\u00e7on tr\u00e8s choquante \u00e0 nos yeux, que la constante violation de cette clause par l&rsquo;Etat tunisien n&rsquo;invalide pas l&rsquo;Accord qu&rsquo;ils ont approuv\u00e9 au nom de leurs peuples, nous voulons croire que la R\u00e9publique fran\u00e7aise, elle, est encore en mesure de faire respecter un pacte international qui engage tous ses citoyens.<\/span><\/p>\n<p><span lang=\"EN-GB\">C&rsquo;est pourquoi nous sollicitons votre urgente intervention pour obtenir la lib\u00e9ration de Taoufik Ben Brik : nous ne souhaitons pas que notre pays donne au reste du monde l&rsquo;impression d&rsquo;avaliser des agissements qui heurtent les valeurs r\u00e9publicaines, aux d\u00e9pens d&rsquo;un peuple digne de la <i>\u00ab\u00a0vie politique \u00e9volu\u00e9e\u00a0\u00bb<\/i> que lui avait promis M. Ben Ali lors de son accession au pouvoir, en novembre 1987. <\/span><\/p>\n<div align=\"center\">\u00a0<\/div>\n<p><b><span lang=\"EN-GB\">Fran\u00e7ois G\u00e8ze<\/span><\/b><span lang=\"EN-GB\"> est directeur des \u00e9ditions La D\u00e9couverte ;<\/span><\/p>\n<p><b><span lang=\"EN-GB\">Jean-Fran\u00e7ois Julliard<\/span><\/b><span lang=\"EN-GB\"> est secr\u00e9taire g\u00e9n\u00e9ral de Reporters sans fronti\u00e8res ;<\/span><\/p>\n<p><b><span lang=\"EN-GB\">Gilles Perrault<\/span><\/b><span lang=\"EN-GB\"> est \u00e9crivain.<\/span><\/p>\n<p><span><strong><font>(Source: \u00ab\u00a0Le Monde\u00a0\u00bb (Quotidien &#8211; France) le 31 mars 2010)<\/font><\/strong><\/span><\/p>\n<hr\/>\n<p>\u00a0<\/p><\/div>\n<\/div>\n<div align=\"center\"><strong><\/p>\n<h2 style=\"color: red;\"><font size=\"3\">L&rsquo;Union europ\u00e9enne accorde 240 millions d&rsquo;euros \u00e0 la Tunisie<\/font><\/h2>\n<p><\/strong><\/div>\n<div align=\"justify\">\n<hr\/>\n<\/div>\n<div align=\"justify\"> Reuters, le 30 mars 2010 \u00e0 14h38 TUNIS, 30 mars (Reuters) &#8211; L&rsquo;Union europ\u00e9enne a accord\u00e9 une aide de 240 millions d&rsquo;euros \u00e0 la Tunisie, annonce mardi le commissaire europ\u00e9en \u00e0 l&rsquo;Elargissement Stefan F\u00fcle. \u00ab\u00a0Nous avons sign\u00e9 une convention octroyant 240 millions d&rsquo;euros \u00e0 la Tunisie pour la p\u00e9riode 2011-2013\u00a0\u00bb, a-t-il dit lors d&rsquo;une visite \u00e0 Tunis.  Cette aide servira \u00ab\u00a0aux r\u00e9formes \u00e9conomiques, \u00e0 la cr\u00e9ation d&#8217;emplois, au d\u00e9veloppement de l&rsquo;industrie et de la bonne gouvernance\u00a0\u00bb, a-t-il ajout\u00e9. L&rsquo;\u00e9conomie tunisienne d\u00e9pend essentiellement du tourisme et de l&rsquo;exportation de services et de produits manufactur\u00e9s, \u00e0 destination principalement de l&rsquo;Union europ\u00e9enne. Le taux de ch\u00f4mage s&rsquo;\u00e9l\u00e8ve \u00e0 14,7%, selon les statistiques officielles. La croissance du produit int\u00e9rieur brut a atteint 3% l&rsquo;an dernier, contre 4,8% en 2008. <\/div>\n<div>\n<hr\/>\n<\/div>\n<div align=\"center\"><strong><\/p>\n<h2 style=\"color: red;\"><font size=\"3\">Ben Ali appelle la communaut\u00e9 internationale \u00e0 soutenir le peuple palestinien<\/font><\/h2>\n<p><\/strong><\/div>\n<div align=\"center\">\n<hr\/>\n<\/div>\n<div><font face=\"Arial\">AFP, le 29 mars 2010 \u00e0 20h11  TUNIS, 29 mars 2010 (AFP) &#8211; Le pr\u00e9sident Zine El Abidine Ben Ali a appel\u00e9 lundi dans un message adress\u00e9 \u00e0 son homologue palestinien Mahmoud Abbas, la communaut\u00e9 internationale \u00e0 \u00ab\u00a0redoubler l&rsquo;effort\u00a0\u00bb pour soutenir le peuple palestinien. \u00ab\u00a0Nous exhortons la communaut\u00e9 internationale et toutes les forces \u00e9prises de paix, \u00e0 redoubler l&rsquo;effort afin de soutenir le peuple palestinien et d&rsquo;amener Isra\u00ebl \u00e0 respecter la l\u00e9galit\u00e9 internationale et \u00e0 se conformer aux r\u00e9f\u00e9rentiels du processus de paix\u00a0\u00bb, a-t-il pr\u00e9cis\u00e9 dans ce message. Le chef de l&rsquo;Etat a salu\u00e9 \u00ab\u00a0la r\u00e9sistance h\u00e9ro\u00efque du peuple palestinien fr\u00e8re et sa d\u00e9termination face aux pratiques agressives, au blocus injuste et aux plans de colonisation auxquels il est confront\u00e9 quotidiennement\u00a0\u00bb, a rapport\u00e9 l&rsquo;agence gouvernementale TAP. Il a renouvel\u00e9 \u00e0 M. Abbas, \u00e9galement pr\u00e9sident du Comit\u00e9 ex\u00e9cutif de l&rsquo;Organisation de lib\u00e9ration de la Palestine (OLP), le \u00ab\u00a0soutien constant, absolu et ind\u00e9fectible de la Tunisie \u00e0 la cause palestinienne et au peuple palestinien dans sa lutte pour le recouvrement de ses droits nationaux l\u00e9gitimes et l&rsquo;\u00e9tablissement de son Etat ind\u00e9pendant sur son territoire\u00a0\u00bb. N&rsquo;ayant pas r\u00e9ussi \u00e0 relancer les n\u00e9gociations de paix directes entre Isra\u00ebl et les Palestiniens bloqu\u00e9es depuis plus d&rsquo;un an, les Etats-Unis avaient r\u00e9ussi \u00e0 arracher un accord des Palestiniens sur des pourparlers indirects sous l&rsquo;\u00e9gide de leur \u00e9missaire George Mitchell. Mais le lancement de ces n\u00e9gociations dites de \u00ab\u00a0proximit\u00e9\u00a0\u00bb avait \u00e9t\u00e9 torpill\u00e9 par l&rsquo;annonce par Isra\u00ebl, en pleine visite le 9 mars du vice-pr\u00e9sident Joe Biden \u00e0 J\u00e9rusalem, de son feu vert \u00e0 la construction de 1.600 nouveaux logements dans un quartier de colonisation \u00e0 J\u00e9rusalem-Est. Dans leur r\u00e9solution finale, les dirigeants arabes r\u00e9unis dimanche en Libye avaient exig\u00e9 d&rsquo;Isra\u00ebl un arr\u00eat total de la colonisation avant toute reprise des n\u00e9gociations avec les Palestiniens, appelant le pr\u00e9sident am\u00e9ricain Barack Obama \u00e0 continuer d&rsquo;\u0153uvrer en vue d&rsquo;un tel arr\u00eat. <\/font><\/div>\n<div>\n<div>\n<hr\/>\n<\/div>\n<div align=\"center\">\n<h2 style=\"color: red;\"><font size=\"3\"><strong>Affaire Ferchichi : Nous n\u2019accepterons pas qu\u2019il soit clochardis\u00e9 dixit Me Dioma Ndiaye.<\/strong><\/font><\/h2>\n<\/p><\/div>\n<div>\n<hr\/>\n<\/div>\n<\/div>\n<div>\n<div>\n<div>\n<div align=\"justify\">Yassine Ferchichi a entam\u00e9 depuis hier une gr\u00e8ve de la faim suite \u00e0 la d\u00e9cision de l\u2019Etat s\u00e9n\u00e9galais d\u2019arr\u00eater de le prendre en charge. En effet, le S\u00e9n\u00e9gal a notifier \u00e0 M. Ferchichi un ressortissant tunisien qu\u2019il ne le prenait plus en charge ainsi ce dernier demande \u00e0 \u00eatre rapatrier en France d\u2019o\u00f9 il venait. Selon son avocat, Me Dioma Ndiaye : \u00ab nous n\u2019accepterons pas que Ferchichi soit clochardis\u00e9. C\u2019est le S\u00e9n\u00e9gal qui a propos\u00e9 \u00e0 la face du monde qu\u2019il allait lui offrir l\u2019hospitalit\u00e9. Ainsi s\u2019il d\u00e9cide arr\u00eater de le prendre en charge, il sera \u00e0 la rue sans aucune ressource financi\u00e8re\u00bb. Pour toute solution, son avocat demande qu\u2019il soit renvoy\u00e9 en France afin qu\u2019il puisse poursuivre la proc\u00e9dure qu\u2019il avait entam\u00e9. Yassine Ferchichi, quant\u2019 \u00e0 lui ne comprend pas ce qui lui arrive: \u00ab je n\u2019ai pas demand\u00e9 de venir au S\u00e9n\u00e9gal, c\u2019est \u00e0 l\u2019a\u00e9roport Charles de Gaulle que l\u2019on m\u2019a notifi\u00e9 que le S\u00e9n\u00e9gal m\u2019offrait l\u2019hospitalit\u00e9 pour des raisons humanitaires. J\u2019ai refus\u00e9 et on m\u2019a forc\u00e9. Mon avocat a fait savoir \u00e0 la France qu\u2019elle n\u2019avait pas le droit de m\u2019expulser avant que le S\u00e9n\u00e9gal n\u2019ait notifi\u00e9 sa volont\u00e9 de m\u2019accueillir et de me prendre en charge , mais la France a outrepass\u00e9 ses pr\u00e9rogatives\u00bb.  Le Pr\u00e9sident de la Rencontre Africaine pour la D\u00e9fense des Droits de l\u2019Homme (RADDHO), M. Alioune Tine demande au S\u00e9n\u00e9gal \u00ab\u00a0d\u2019aider concr\u00e8tement ce ressortissant de la Tunisie \u00e0 se r\u00e9ins\u00e9rer dans la soci\u00e9t\u00e9 et d\u2019arr\u00eater les humiliations permanentes qu\u2019ils lui font subir par le biais de l\u2019administration\u00a0\u00bb. Son ami, Makaila Nguebla confie que \u00ab\u00a0Yassine est dans la d\u00e9tresse absolue, il n\u2019a plus de moral. Tout ce qu\u2019il peut faire pour lui a-t-il confi\u00e9 c\u2019est de l\u2019h\u00e9berger s\u2019il \u00e9tait expulser de l\u2019h\u00f4tel en attendant qu\u2019une solution soit trouv\u00e9e \u00bb. M\u00eame son fr\u00e8re a \u00e9t\u00e9 interpell\u00e9 par la police Tunisienne \u00e0 cause de lui ajout-il.<br \/>\u00a0<\/div>\n<div align=\"justify\">\u00a0<\/div>\n<div align=\"justify\">Mari\u00e8me FAYE \u00a0<\/div>\n<\/div>\n<div align=\"justify\"><font face=\"Arial\" size=\"2\"><strong>(Source : <\/strong><\/font><a href=\"http:\/\/\/\" target=\"_blank\" rel=\"noopener\"><font face=\"Arial\" size=\"2\"><strong>http:\/\/www.pressafrik.com<\/strong><\/font><\/a><font face=\"Arial\" size=\"2\"><strong>\u00a0Mardi 30 Mars 2010)<\/strong><\/font><\/div>\n<div align=\"justify\"><strong><\/p>\n<hr\/>\n<p><\/strong><\/div>\n<div align=\"justify\"><font><\/p>\n<div align=\"center\"><font face=\"Arial\" size=\"2\"><strong><font>D\u00c9SOEUVR\u00c9 ET SURVEILL\u00c9 COMME DU LAIT SUR LE FEU :<\/font><\/strong> <strong><\/p>\n<h2 style=\"color: red;\"><font size=\"3\">Yassine Ferchichi entame une gr\u00e8ve de la faim<\/font><\/h2>\n<p><\/strong>  \u00a0<\/font><\/div>\n<div align=\"center\">\n<hr\/>\n<\/div>\n<div align=\"justify\">\u00c9crit par Latir MANE\u00a0\u00a0\u00a0  Mardi, 30 Mars 2010 13:19  <strong><em>Yassine Ferchichi a d\u00e9cid\u00e9 depuis hier de commencer une gr\u00e8ve de la faim et de la soif pour exiger la poursuite de sa prise en charge par les autorit\u00e9s s\u00e9n\u00e9galaises. Non seulement il est surveill\u00e9 comme du lait sur le feu au S\u00e9n\u00e9gal o\u00f9 il est en asile, mais il ne dispose plus de ressources, alors qu\u2019il ne peut plus retourner dans son pays.<\/em><\/strong>\u00a0<\/div>\n<p><font face=\"Arial\" size=\"2\"><\/p>\n<div> C\u2019est encore reparti avec Yassine Ferchichi, citoyen tunisien condamn\u00e9 en France \u00e0 six ans et six mois d\u2019emprisonnement et \u00e0 une interdiction d\u00e9finitive du territoire fran\u00e7ais dans le cadre d\u2019une affaire li\u00e9e au terrorisme. Au S\u00e9n\u00e9gal depuis le 24 d\u00e9cembre, M. Ferchichi est tr\u00e8s \u00e0 l\u2019\u00e9troit au S\u00e9n\u00e9gal. De sources bien inform\u00e9es, \u00e0 cause de ses ant\u00e9c\u00e9dents, l\u2019homme est surveill\u00e9 comme du lait sur le feu. Ajoutez \u00e0 cela l\u2019arr\u00eat de la prise en charge du bonhomme par les autorit\u00e9s s\u00e9n\u00e9galaises, il a pris la d\u00e9cision de ne plus s\u2019alimenter ni boire.  De sources proches de l\u2019homme, il a d\u00e9cid\u00e9 depuis hier de commencer une gr\u00e8ve de la faim et de la soif pour exiger la poursuite de sa prise en charge par les autorit\u00e9s s\u00e9n\u00e9galaises. Il se rappelle que depuis son arriv\u00e9e au S\u00e9n\u00e9gal o\u00f9 il a \u00e9t\u00e9 renvoy\u00e9 par les autorit\u00e9s fran\u00e7aises le 24 d\u00e9cembre 2009, il avait vu certaines de ses d\u00e9penses (h\u00e9bergement, sant\u00e9) prises en charge par les autorit\u00e9s de Dakar. Mais, il a confi\u00e9 \u00e0 ses proches que derni\u00e8rement, les autorit\u00e9s lui ont annonc\u00e9 que cette prise en charge prendrait fin aujourd&rsquo;hui. Mais dans la pratique, il a remarqu\u00e9 que les autorit\u00e9s s\u00e9n\u00e9galaises avaient d\u00e9j\u00e0 cess\u00e9 de s\u2019occuper de lui. Et il s\u2019est retrouv\u00e9 dans une situation qualifi\u00e9e de honteuse et d\u2019inhumaine. Mieux, depuis le 3 mars, il\u00a0 a eu une fracture de la main, mais il n\u2019a jamais pu \u00eatre op\u00e9r\u00e9, faute d\u2019accord de ces m\u00eames autorit\u00e9s. La semaine derni\u00e8re, trois associations, Amnesty International S\u00e9n\u00e9gal, l\u2019Organisation nationale des droits de l\u2019homme (Ondh) et la Rencontre africaine pour la d\u00e9fense des droits de l\u2019homme (Raddho) avaient demand\u00e9 par voie de communiqu\u00e9 aux autorit\u00e9s s\u00e9n\u00e9galaises de revenir sur cette d\u00e9cision. Ces derni\u00e8res n&rsquo;ont pas jusque-l\u00e0 r\u00e9pondu.  Yassine Ferchichi, ressortissant tunisien, est interdit du territoire fran\u00e7ais et avait \u00e9t\u00e9 renvoy\u00e9 au S\u00e9n\u00e9gal au lendemain d&rsquo;une d\u00e9cision de la Cour europ\u00e9enne des droits de l&rsquo;homme enjoignant \u00e0 la France de ne pas le renvoyer en Tunisie, pays o\u00f9 il est condamn\u00e9 par d\u00e9faut \u00e0 une peine de trente-deux ans et six mois d&#8217;emprisonnement. Depuis son arriv\u00e9e au S\u00e9n\u00e9gal, pays o\u00f9 il vit sans papiers, il n&rsquo;a pas de ressources.  \u00a0<\/div>\n<div><strong><font>(Source: \u00ab\u00a0L\u00b4Observateur\u00a0\u00bb (Quotidien &#8211; Senegal) le 30 mars 2010)<\/font><\/strong><\/div>\n<p><\/font><\/font><\/div>\n<\/div>\n<\/div>\n<div>\n<hr\/>\n<\/div>\n<div align=\"center\"><b><span lang=\"FR-CH\"><font size=\"3\">Pouvoir \u2013 UGTT: Le compromis n\u00e9o-corporatiste, substitut \u00e0 la d\u00e9mocratie?<\/font><\/span><\/b><\/div>\n<p><b><span lang=\"FR-CH\"><\/p>\n<div>\n<hr\/>\n<\/div>\n<p><\/span><\/b><\/p>\n<div>\n<div align=\"center\">\n<p><span lang=\"FR-CH\"><strong><font>Baccar Gherib<\/font><\/strong><\/span><\/p>\n<p align=\"justify\"><span lang=\"FR-CH\">Lors de la s\u00e9ance \u00abCompromis politiques, politiques de compromis\u00bb, et sous le titre de Salariat stabilis\u00e9\u2013Pouvoir: le compromis n\u00e9o-corporatiste, le Professeur Mahmoud Ben Romdhane a abord\u00e9 le ph\u00e9nom\u00e8ne de la stabilit\u00e9 de l\u2019autoritarisme en Tunisie, \u00e0 travers la probl\u00e9matique g\u00e9n\u00e9rale qui lie le d\u00e9nouement d\u00e9mocratique au positionnement et \u00e0 l\u2019action des diff\u00e9rentes classes sociales. Le conf\u00e9rencier a choisi de parler des rapports entre le pouvoir tunisien et la centrale syndicale (l\u2019UGTT), essentiellement pour deux raisons. D\u2019abord, parce qu\u2019\u00e0 la diff\u00e9rence des autres organisations (du patronat, des agriculteurs ou de la paysannerie), l\u2019UGTT a un poids politique important, li\u00e9 \u00e0 son r\u00f4le historique dans le mouvement de lib\u00e9ration nationale et qu\u2019il lui est arriv\u00e9, dans des contextes souvent durs, de d\u00e9fendre hargneusement son autonomie vis-\u00e0-vis du pouvoir politique et \u2026 d\u2019en payer le prix fort. Ensuite, parce que les rapports actuels entre les deux entit\u00e9s rel\u00e8vent vraisemblablement du compromis au sens o\u00f9 il semble y avoir des concessions mutuelles librement consenties entre les deux parties.<\/span><\/p>\n<p align=\"justify\"><span lang=\"FR-CH\">Le conf\u00e9rencier a commenc\u00e9 par mettre la question dans son cadre th\u00e9orique, rappelant que, dans les sciences politiques, le passage \u00e0 la d\u00e9mocratie \u00e9tait consid\u00e9r\u00e9 comme le fait de la bourgeoisie (Barrington Moore) ou bien comme celui du salariat (l\u2019\u00e9cole lib\u00e9rale am\u00e9ricaine). Plus centr\u00e9e sur les pays en d\u00e9veloppement est la contribution d\u2019A. Gershenkron, qui explique que la bourgeoisie potentielle des pays du Tiers-monde a besoin de l\u2019Etat en tant que protecteur, \u00e0 l\u2019ext\u00e9rieur, face aux bourgeoisies plus performantes, et, \u00e0 l\u2019int\u00e9rieur, face aux masses. Elle est donc logiquement pour l\u2019Etat autoritaire. Mais la r\u00e9f\u00e9rence pour la Tunisie en la mati\u00e8re reste, incontestablement, le travail d\u2019Eva Bellin, notamment son ouvrage \u00abStalled democracy; Capital, labor and the paradox of state-sponsored development\u00bb, qui s\u2019efforce de montrer pourquoi, en Tunisie, ni la bourgeoisie, ni le salariat ne se proposent de porter le projet d\u00e9mocratique. Pour elle, les deux classes ont int\u00e9r\u00eat au maintien du statu quo, car d\u00e9pendantes de l\u2019Etat et b\u00e9n\u00e9ficiant de privil\u00e8ges qu\u2019elles cherchent \u00e0 sauvegarder.<\/span><\/p>\n<p align=\"justify\"><span lang=\"FR-CH\">Cette approche peut \u00eatre affin\u00e9e \u00e0 travers la notion-cl\u00e9 de n\u00e9o-corporatisme. Il s\u2019agit, en fait, d\u2019une gestion des affaires \u00e0 laquelle l\u2019Etat cherche \u00e0 associer les grands groupements d\u2019int\u00e9r\u00eat (syndicats de patrons et de salari\u00e9s), afin de d\u00e9samorcer toute vell\u00e9it\u00e9 de r\u00e9sistance sociale \u00e0 la mise en \u0153uvre de ses politiques. Il est \u00e9vident qu\u2019il ne s\u2019assure la bienveillance de ces forces sociales qu\u2019en contrepartie de certaines concessions. Ce sch\u00e9ma s\u2019applique-t-il aux relations, en Tunisie, entre le pouvoir et l\u2019UGTT en tant qu\u2019organisation repr\u00e9sentative des int\u00e9r\u00eats du salariat stabilis\u00e9 (qui ne tient donc pas compte des salari\u00e9s du secteur informel et du secteur priv\u00e9) ?<\/span><\/p>\n<p align=\"justify\"><span lang=\"FR-CH\">Pour r\u00e9pondre \u00e0 cette question, Mahmoud Ben Romdhane scrute l\u2019\u00e9volution compar\u00e9e du salaire moyen et de la productivit\u00e9 du travail depuis les ann\u00e9es soixante jusqu\u2019\u00e0 nos jours. Cette mise en perspective historique lui permet de distinguer deux phases.<\/span><\/p>\n<p align=\"justify\"><span lang=\"FR-CH\">De 1961 \u00e0 1985, le compromis entre le pouvoir et le syndicat est \u00e9minemment chaotique, suivant des hauts (de fortes augmentations salariales en 77-78 et 83-84) et des bas (une compression des salaires dans les ann\u00e9es 60 et en 71-72).<\/span><\/p>\n<p align=\"justify\"><span lang=\"FR-CH\">De 1985 \u00e0 nos jours, au contraire, et gr\u00e2ce notamment aux n\u00e9gociations collectives triennales, on constate une \u00e9volution quasiment parall\u00e8le de la productivit\u00e9 du travail et du salaire moyen. Ce qui fait dire au conf\u00e9rencier que, durant cette seconde phase, la r\u00e9partition du revenu n\u2019est plus in\u00e9galitaire. Si on ajoute \u00e0 ce ph\u00e9nom\u00e8ne, celui du pr\u00e9l\u00e8vement \u00e0 la source de la cotisation des adh\u00e9rents, l\u2019autorisation des d\u00e9tachements et, surtout, la garantie du monopole de la repr\u00e9sentation syndicale, on mesure ce que donne l\u2019Etat au repr\u00e9sentant du salariat stabilis\u00e9. De son c\u00f4t\u00e9, ce dernier doit se contenter uniquement de gr\u00e8ves d\u00e9fensives (pour obliger les patrons \u00e0 respecter la loi), accepter sa d\u00e9politisation, voire faire acte d\u2019all\u00e9geance au pouvoir, comme on le voit \u00e0 l\u2019occasion de chaque \u00e9lection pr\u00e9sidentielle.<\/span><\/p>\n<p align=\"justify\"><span lang=\"FR-CH\">Tels sont les termes du \u00abcompromis n\u00e9o-corporatiste\u00bb, depuis plus de vingt ans en Tunisie, entre le pouvoir politique et la centrale syndicale, selon notre conf\u00e9rencier qui rappelle \u00e0 l\u2019assistance, non sans malice, que le n\u00e9o-corporatisme est une r\u00e9gulation de la soci\u00e9t\u00e9 qui se distingue de la r\u00e9gulation d\u00e9mocratique. Mieux : parce qu\u2019il se substitue \u00e0 la d\u00e9mocratie, le n\u00e9o-corporatisme ne peut logiquement y mener\u2026 Bien au contraire !<\/span><\/p>\n<p align=\"justify\"><b><span lang=\"FR-CH\">(Source\u00a0: Attariq Al Jadid (Hebdomadaire \u2013 Tunis), N\u00b0 173 du 27 mars 2010)<\/span><\/b><\/p>\n<p><span lang=\"FR-CH\"><\/p>\n<p>\u00a0<\/p>\n<div>\n<hr\/>\n<\/div>\n<div><b><span lang=\"FR-CH\"><font size=\"3\"><font size=\"2\">\u00a0<\/font>Interdiction du lancement de Taraji-TV: Qu\u2019y a-t-il derri\u00e8re ce cafouillage?<\/font><\/span><\/b><\/div>\n<div><b><span lang=\"FR-CH\"><\/p>\n<hr\/>\n<p><\/span><\/b><\/div>\n<p align=\"left\"><span lang=\"FR-CH\"><strong><font>Kacem Erra\u00efes<\/font><\/strong><\/span><\/p>\n<p align=\"justify\"><span lang=\"FR-CH\">Annonc\u00e9e \u00e0 grand renfort d\u2019affiches et de spots publicitaires, depuis quelque temps d\u00e9j\u00e0, pour le mercredi 17 mars \u00e0 19h 19 mn (en allusion \u00e0 l\u2019ann\u00e9e de la fondation du club), la premi\u00e8re retransmission de l\u2019\u00e9mission de Taraji-TV sur la cha\u00eene priv\u00e9e Hannibal n\u2019a pas eu lieu\u2026 au grand dam des t\u00e9l\u00e9spectateurs et autres supporters qui s\u2019\u00e9taient pr\u00e9par\u00e9s \u00e0 la visionner. Mais que s\u2019est-il donc pass\u00e9? Qu\u2019est-ce qui explique ce revirement de derni\u00e8re minute de la part des autorit\u00e9s?<\/span><\/p>\n<p align=\"justify\"><span lang=\"FR-CH\">Les \u00e9l\u00e9ments dont nous disposons font \u00e9tat de l\u2019envoi, par le Minist\u00e8re des technologies de la communication, d\u2019un fax qui aurait atterri, le matin du 17 mars, \u00e0 la fois, chez le pr\u00e9sident de l\u2019Esp\u00e9rance de Tunis et \u00e0 Hannibal TV, informant les deux parties concern\u00e9es par la susdite \u00e9mission de l\u2019interdiction de la diffuser. Bizarrement, cette interdiction aurait \u00e9t\u00e9 justifi\u00e9e par la d\u00e9couverte \u2013 pour le moins tardive! \u2013 de la part des autorit\u00e9s que ce genre d\u2019\u00e9mission a un contenu commercial et que, en tant que tel, il devrait, d\u2019abord, avoir l\u2019aval du Conseil de la concurrence et celui du Conseil sup\u00e9rieur de la communication\u2026 L\u2019interdiction de diffusion est, bien \u00e9videmment, \u00e9tendue au Club Africain qui avait programm\u00e9, lui, le lancement de CA-TV pour le 26 mars prochain sur Nessma-TV.<\/span><\/p>\n<p align=\"justify\"><span lang=\"FR-CH\">Le lendemain, et bien qu\u2019elle ait fait l\u2019objet des interrogations et des commentaires de nombre de citoyens, l\u2019interdiction n\u2019a pas vraisemblablement int\u00e9ress\u00e9 la presse \u00e9crite. C\u2019est surtout les sites d\u2019information \u00e9conomique sur la toile qui se chargent de rendre compte des faits et de s\u2019empresser de justifier la position des autorit\u00e9s. Ainsi, Business News estime qu\u2019il ne serait pas normal que seuls certains clubs puissent avoir leur \u00e9mission t\u00e9l\u00e9vis\u00e9e et que \u00abtous les clubs doivent \u00eatre trait\u00e9s \u00e0 \u00e9galit\u00e9 par les cha\u00eenes de t\u00e9l\u00e9\u00bb.<\/span><\/p>\n<p align=\"justify\"><span lang=\"FR-CH\">Leaders.com, quant \u00e0 lui, va plus loin. Sous un titre exprimant son soulagement, \u00abLa guerre des virages par cha\u00eenes de TV interpos\u00e9es n\u2019aura pas lieu\u00bb, il estime qu\u2019il ne faut pas \u00abd\u00e9voyer les cha\u00eenes TV de leur vocation g\u00e9n\u00e9raliste, sans discrimination d\u2019appartenance d\u2019un club par rapport \u00e0 un autre \u00bb et \u00ab courir le risque d\u2019exacerber les passions\u00bb et s\u2019inqui\u00e8te pour le sort des \u00abpetits clubs\u00bb. L\u2019article ne s\u2019arr\u00eate pas l\u00e0 : pour lui ce genre d\u2019\u00e9mission \u00ab cl\u00e9 en main \u00bb poserait un v\u00e9ritable probl\u00e8me d\u2019\u00e9thique journalistique, car il r\u00e9duirait les cha\u00eenes de t\u00e9l\u00e9 \u00e0 \u00abde simples agr\u00e9gateurs de programmes re\u00e7us en bo\u00eete, pr\u00eats \u00e0 \u00eatre diffus\u00e9s, non con\u00e7us par des journalistes professionnels et ind\u00e9pendants\u00bb!<\/span><\/p>\n<p align=\"justify\"><span lang=\"FR-CH\">Tout \u00e7a est bien beau! On aurait aim\u00e9, cependant, que ces r\u00e9serves et ces critiques par rapport au concept de ces \u00e9missions s\u2019exprimassent librement et courageusement avant la d\u00e9cision de surseoir \u00e0 leur diffusion. De m\u00eame, nos journalistes online semblent ignorer que notre t\u00e9l\u00e9 nationale diffuse depuis longtemps des programmes (feuilletons et \u00e9missions de jeu, notamment) \u00aben bo\u00eete et pr\u00eates \u00e0 diffuser\u00bb\u2026 En tout cas, \u00e0 ce qu\u2019on sache, personne n\u2019avait cri\u00e9 au scandale concernant la relation entre TV7 et Cactus production, par exemple. Enfin, il est curieux que les autorit\u00e9s n\u2019aient pris conscience du caract\u00e8re commercial de l\u2019activit\u00e9 de nos associations sportives qu\u2019\u00e0 cette occasion\u2026 <\/span><\/p>\n<p align=\"justify\"><span lang=\"FR-CH\">Ne sont-elles pas au courant qu\u2019une grande partie de leurs recettes est g\u00e9n\u00e9r\u00e9e par les rentr\u00e9es de la publicit\u00e9, que certaines ont leurs propres boutiques destin\u00e9es \u00e0 vendre des produits estampill\u00e9s par la marque du club, qu\u2019elles poss\u00e8dent des \u00e9tablissements h\u00f4teliers, etc\u2026? Qu\u2019on ne s\u2019\u00e9tonne pas, d\u00e8s lors, que les citoyens ne croient pas \u00e0 ce type de justifications et qu\u2019ils penchent plut\u00f4t pour des explications beaucoup plus \u00abterre-\u00e0-terre\u00bb et que prolif\u00e8rent des rumeurs, comme celles se fondant sur les rivalit\u00e9s entre clubs, relay\u00e9es dans les coulisses par des personnalit\u00e9s proches des centres de d\u00e9cision\u2026<\/span><\/p>\n<p align=\"justify\"><span lang=\"FR-CH\">Pour notre part, nous pensons que le v\u00e9ritable enjeu de cette affaire, ce qui a sans doute motiv\u00e9 la bataille loin des projecteurs de l\u2019actualit\u00e9, c\u2019est celui des rentr\u00e9es publicitaires, de l\u2019argent. C\u2019est triste \u00e0 dire, mais tout le monde sait \u2013 en particulier les annonceurs \u2013 que l\u2019audience de notre t\u00e9l\u00e9 nationale TV7 repose essentiellement sur deux piliers : la grille ramadanesque et, le reste de l\u2019ann\u00e9e, le championnat de football. Ceci fait que l\u2019\u00e9migration des clubs les plus populaires vers des cha\u00eenes priv\u00e9es repr\u00e9sente une manne pour celles-ci et un terrible manque \u00e0 gagner pour TV7! De ce point de vue, la d\u00e9cision du Conseil Sup\u00e9rieur de la Concurrence ne participe pas tellement d\u2019une r\u00e9gulation de la concurrence, mais, plut\u00f4t, d\u2019une abolition de celle-ci: elle vise \u00e0 faire en sorte que le potentiel publicitaire des grands clubs reste un patrimoine commun entre les t\u00e9l\u00e9visions publiques et priv\u00e9es. <\/span><\/p>\n<p align=\"justify\"><span lang=\"FR-CH\">Elle s\u2019oppose \u00e0 sa privatisation. Tout simplement! Bref, il s\u2019agit l\u00e0 d\u2019une d\u00e9cision d\u2019essence \u2026 communiste, diraient certains! Ce qui est loin d\u2019\u00eatre un mal en soi\u2026 Cependant, tout \u00e7a suscite de grandes interrogations non seulement sur le statut de nos associations sportives, mais, surtout, sur le type de capitalisme qui prosp\u00e8re sous nos cieux.<\/span><\/p>\n<p align=\"justify\"><b><span lang=\"FR-CH\">(Source\u00a0: Attariq Al Jadid (Hebdomadaire \u2013 Tunis), N\u00b0 173 du 27 mars 2010)<\/span><\/b><\/p>\n<p><\/span><\/div>\n<div> \u00a0<\/div>\n<div>\n<hr\/>\n<\/div>\n<div align=\"center\"><strong><\/p>\n<h2 style=\"color: red;\"><font size=\"3\">Une enseignante belge voil\u00e9e \u00e0 nouveau interdite de cours<\/font><\/h2>\n<p><\/strong><\/div>\n<div>\n<hr\/>\n<p> AFP, le 30 mars 2010 \u00e0 14h48 \u00a0\u00a0\u00a0\u00a0 \u00a0\u00a0\u00a0 BRUXELLES, 30 mars 2010 (AFP) &#8211; Une enseignante musulmane,\u00a0 professeur de math\u00e9matique \u00e0 Charleroi (sud de la Belgique), qui avait gagn\u00e9 en justice le droit de donner cours voil\u00e9e, s&rsquo;est \u00e0 nouveau vu refuser l&rsquo;acc\u00e8s \u00e0 sa classe mardi apr\u00e8s l&rsquo;adoption d&rsquo;un nouveau r\u00e8glement municipal, a indiqu\u00e9 son avocat. \u00a0\u00a0\u00a0 En d\u00e9but d&rsquo;ann\u00e9e scolaire, la direction de l&rsquo;\u00e9cole, qui d\u00e9pend de la ville de Charleroi, avait demand\u00e9 \u00e0 la jeune femme d&rsquo;orgine turque de retirer le voile, qu&rsquo;elle portait en classe depuis deux ans et demi. \u00a0\u00a0\u00a0 L&rsquo;enseignante avait refus\u00e9 et port\u00e9 l&rsquo;affaire en justice. En premi\u00e8re instance, le tribunal de Charleroi avait donn\u00e9 raison \u00e0 la direction, au nom d&rsquo;un d\u00e9cret sur la \u00ab\u00a0neutralit\u00e9\u00a0\u00bb de la Communaut\u00e9 fran\u00e7aise de Belgique, l&rsquo;institution comp\u00e9tente pour l&rsquo;enseignement francophone en Wallonie et \u00e0 Bruxelles. \u00a0\u00a0\u00a0 Mais le 11 mars, cette d\u00e9cision a \u00e9t\u00e9 cass\u00e9e par la Cour d&rsquo;appel de Mons (ouest), qui a estim\u00e9 que le d\u00e9cret en question n&rsquo;\u00e9tait valable que pour les \u00e9coles faisant partie du r\u00e9seau directement g\u00e9r\u00e9 par la Communaut\u00e9 fran\u00e7aise. \u00a0\u00a0\u00a0 Or, l&rsquo;\u00e9cole o\u00f9 exerce l&rsquo;enseignante musulmane ne fait pas partie du r\u00e9seau de la Communaut\u00e9 fran\u00e7aise mais est une \u00e9manation de la ville de Charleroi, qui n&rsquo;avait jusqu&rsquo;ici pas pr\u00e9cis\u00e9 dans ses r\u00e8glements qu&rsquo;elle interdisait le port de signes religieux \u00e0 ses enseignants, selon la Cour d&rsquo;appel. \u00a0\u00a0\u00a0 L&rsquo;enseignante avait donc repris les cours, voil\u00e9e, jeudi dernier. \u00a0\u00a0\u00a0 Mais le conseil municipal de Charleroi a d\u00e9cid\u00e9 lundi soir de modifier son r\u00e8glement, qui interdit d\u00e9sormais le port de \u00ab\u00a0tout signe religieux ou philosophique\u00a0\u00bb. \u00a0\u00a0\u00a0 Mardi matin, l&rsquo;enseignante s&rsquo;est pr\u00e9sent\u00e9e \u00e0 l&rsquo;\u00e9cole et s&rsquo;est vu signifier le nouveau r\u00e8glement. Campant sur ses positions, elle est etourn\u00e9e chez elle, a expliqu\u00e9 son avocat, Jean-Claude Derzelle. \u00a0\u00a0\u00a0 Si cette absence se prolonge 10 jours, elle va automatiquement perdre son poste, a pr\u00e9cis\u00e9 l&rsquo;avocat, qui va saisir le Conseil  d&rsquo;Etat. \u00a0\u00a0\u00a0 Le d\u00e9bat sur le foulard divise les partis belges. En revanche, une loi interdisant le port dans la rue et dans les lieux publics de la burqa ou du niqab, des voiles qui cachent enti\u00e8rement ou en grande majorit\u00e9 le visage, doit \u00eatre d\u00e9battue \u00e0 partir de mercredi devant le parlement belge, avec de grandes chances d&rsquo;\u00eatre adopt\u00e9e rapidement. \u00a0\u00a0\u00a0  \u00a0<\/p><\/div>\n<div><font><\/p>\n<hr\/>\n<p><\/font><\/div>\n<div align=\"center\">\n<h2 style=\"color: red;\"><font><strong><font size=\"3\">France: vers une interdiction rapide et limit\u00e9e de la burqa<\/font><\/strong> \u00a0<\/font><\/h2>\n<\/div>\n<div align=\"center\">\u00a0<\/div>\n<div align=\"justify\">\n<hr\/>\n<p> AFP, le 30 mars 2010 \u00e0 13h35  Par Amer OUALI \u00a0\u00a0\u00a0  \u00a0\u00a0\u00a0 PARIS, 30 mars 2010 (AFP) &#8211;  La France va rapidement se doter d&rsquo;une l\u00e9gislation sur l&rsquo;interdiction du port du voile islamique int\u00e9gral qui devrait se limiter \u00e0 certains lieux et services publics sans s&rsquo;\u00e9tendre \u00e0 la rue, selon les recommandations de la plus haute juridiction administrative. Dans son rapport remis mardi au premier ministre Fran\u00e7ois Fillon, le Conseil d&rsquo;\u00c9tat \u00e9carte de fait une interdiction \u00abg\u00e9n\u00e9rale et absolue\u00bb du voile int\u00e9gral, jugeant qu&rsquo;elle \u00abne pourrait trouver aucun fondement juridique incontestable\u00bb. Mais il estime que l&rsquo;obligation de maintenir le visage \u00e0 d\u00e9couvert peut \u00eatre justifi\u00e9e, \u00absoit dans certains lieux, soit pour effectuer certaines d\u00e9marches\u00bb, par des motifs de \u00abs\u00e9curit\u00e9 publique et lutte contre la fraude, renforc\u00e9es par les exigences propres \u00e0 certains services publics\u00bb. Le premier ministre avait demand\u00e9 fin janvier au Conseil d&rsquo;\u00c9tat de proposer des \u00absolutions juridiques\u00bb pour permettre au gouvernement de d\u00e9poser un projet de loi pr\u00e9voyant une \u00abinterdiction du voile int\u00e9gral la plus large et la plus effective possible\u00bb. L&rsquo;avis rendu mardi laisse une marge de manoeuvre aux \u00e9lus puisqu&rsquo;il ne pr\u00e9cise pas si la prohibition de la burqa peut \u00eatre justifi\u00e9e dans les transports, commerces et lieux priv\u00e9s de sociabilit\u00e9 ouverts au public. Les choses devraient d\u00e9sormais aller vite alors que le d\u00e9bat sur ce ph\u00e9nom\u00e8ne, qui concerne moins de 2.000 musulmanes, agite la France depuis plus de six mois. Le chef du gouvernement a appel\u00e9 lundi les d\u00e9put\u00e9s du parti pr\u00e9sidentiel UMP (majoritaires) \u00e0 l\u00e9gif\u00e9rer \u00abdans les prochaines semaines\u00bb. Selon le ministre des Relations avec le Parlement, Henri de Raincourt, l&rsquo;examen des textes doit commencer d\u00e8s avril. Sur le fond, le premier ministre va proposer aux parlementaires d&rsquo;affirmer \u00abhaut et fort les grands principes qui r\u00e9gissent (la) R\u00e9publique\u00bb et d&rsquo;aller \u00able plus loin possible sur la voie d&rsquo;une interdiction g\u00e9n\u00e9rale du voile int\u00e9gral, dans le respect des principes g\u00e9n\u00e9raux du droit\u00bb. Sur la forme, le calendrier se d\u00e9roulera en deux \u00e9tapes, a pr\u00e9cis\u00e9 M. de Raincourt \u00e0 la radio Europe 1. Le gouvernement entend d&rsquo;abord faire adopter une r\u00e9solution parlementaire, solennelle mais non contraignante, fixant les principes selon lesquels \u00able port du voile int\u00e9gral en France n&rsquo;est pas le bienvenu\u00bb. Puis proposer le projet de loi, \u00e0 proprement parler, \u00abqui d\u00e9clinera les mesures qu&rsquo;il faut prendre pour atteindre\u00bb cet objectif g\u00e9n\u00e9ral, a expliqu\u00e9 le ministre. Ce sch\u00e9ma en deux temps suit les recommandations d&rsquo;une mission parlementaire, qui avait pr\u00f4n\u00e9 le bannissement du voile int\u00e9gral dans les seuls services publics. Quelques jours apr\u00e8s la d\u00e9b\u00e2cle de son camp aux \u00e9lections r\u00e9gionales qui a entra\u00een\u00e9 un ajustement \u00e0 droite de la politique pr\u00e9sidentielle, le chef de l&rsquo;\u00c9tat Nicolas Sarkozy a r\u00e9p\u00e9t\u00e9 que le voile int\u00e9gral \u00e9tait \u00abcontraire \u00e0 la dignit\u00e9 de la femme\u00bb et que la r\u00e9ponse \u00e0 apporter en \u00e9tait \u00abl&rsquo;interdiction\u00bb. Le sujet, soulev\u00e9 \u00e0 l&rsquo;origine par un d\u00e9put\u00e9 communiste, est sensible dans un pays qui abrite la plus grande communaut\u00e9 musulmane d&rsquo;Europe avec 5 \u00e0 6 millions de membres et divise au sein des partis. Au sein du parti pr\u00e9sidentiel, une partie des d\u00e9put\u00e9s, dont leur patron Jean-Fran\u00e7ois Cop\u00e9, ont souhait\u00e9 une interdiction totale y compris dans la rue, tandis que le pr\u00e9sident de l&rsquo;Assembl\u00e9e nationale Bernard Accoyer s&rsquo;est prononc\u00e9 pour une \u00abd\u00e9marche plus consensuelle\u00bb. Dans l&rsquo;opposition, le Parti socialiste a dit officiellement qu&rsquo;il n&rsquo;\u00e9tait \u00abpas favorable\u00bb \u00e0 une loi. Mais s&rsquo;il s&rsquo;agit d&rsquo;un texte qui emp\u00eache \u00able port du voile dans des lieux publics et dans l&rsquo;acc\u00e8s aux services publics, nous pouvons regarder\u00bb, a nuanc\u00e9 son ancien chef Fran\u00e7ois Hollande. Selon les traditions, le voile int\u00e9gral prend la forme de la burqa qui dissimule le visage par un grillage ou du niqab qui laisse une fente pour les yeux. \u00a0<\/p><\/div>\n<div align=\"justify\">\n<hr\/>\n<\/div>\n<div align=\"center\">\n<h2 style=\"color: red;\"><font size=\"3\"><strong>Le Conseil d&rsquo;Etat fran\u00e7ais contre l&rsquo;interdiction totale de la burqa<\/strong><\/font><\/h2>\n<\/div>\n<div align=\"justify\">\n<hr\/>\n<p> Reuters, le 30 mars 2010 \u00e0 15h07   PARIS, 30 mars (Reuters) &#8211;  Une interdiction totale du port de la burqa en France pr\u00e9senterait de \u00ab\u00a0s\u00e9rieux risques\u00a0\u00bb constitutionnels et ne \u00ab\u00a0pourrait trouver aucun fondement juridique incontestable\u00a0\u00bb, estime le Conseil d&rsquo;Etat. Lire la suite l&rsquo;article Photos\/Vid\u00e9os li\u00e9es \u00a0LE CONSEIL D&rsquo;\u00c9TAT \u00c9MET DES R\u00c9SERVES SUR L&rsquo;ID\u00c9E D&rsquo;UNE INTERDICTION TOTALE DE \u2026Plus Agrandir la photo Plus de photos Religions  Articles li\u00e9s Doutes sur le miracle retenu pour la b\u00e9atification de Jean Paul II Interdire la burqa en public serait ill\u00e9gal, met en garde le Conseil d&rsquo;Etat Le Conseil d&rsquo;Etat \u00e9carte une interdiction totale de la burqa Plus d&rsquo;articles sur : Religions Discussion: Religions L&rsquo;instance a remis mardi au Premier ministre, Fran\u00e7ois Fillon, son rapport sur la viabilit\u00e9 d&rsquo;une loi contre le port du voile int\u00e9gral, niqab ou burqa. Nicolas Sarkozy et son Premier ministre entendent l\u00e9gif\u00e9rer au printemps sur ce sujet d\u00e9licat, qui met notamment en cause la libert\u00e9 de conscience. Fran\u00e7ois Fillon a d\u00e9clar\u00e9 lundi qu&rsquo;il irait \u00ab\u00a0le plus loin possible sur la voie d&rsquo;une interdiction g\u00e9n\u00e9rale du voile int\u00e9gral dans le respect des principes g\u00e9n\u00e9raux du droit\u00a0\u00bb. Le Conseil d&rsquo;Etat, qui avait \u00e9t\u00e9 sollicit\u00e9 pour avis par le chef du gouvernement le 29 janvier, estime qu'\u00a0\u00bbune interdiction g\u00e9n\u00e9rale du port du voile int\u00e9gral en tant que telle, ou de tout mode de dissimulation du visage dans l&rsquo;ensemble de l&rsquo;espace public serait expos\u00e9e \u00e0 de s\u00e9rieux risques\u00a0\u00bb. A la fois \u00ab\u00a0au regard de la Constitution\u00a0\u00bb et \u00ab\u00a0de la Convention europ\u00e9enne de sauvegarde des droits de l&rsquo;homme et des libert\u00e9s fondamentales\u00a0\u00bb, indique le rapport. L&rsquo;hypoth\u00e8se d&rsquo;une interdiction limit\u00e9e \u00ab\u00a0serait fragile au regard du principe de nos discriminations, et vraisemblablement d\u00e9licate \u00e0 mettre en oeuvre\u00a0\u00bb, souligne en outre le rapport. L&rsquo;instance juge que la s\u00e9curit\u00e9 publique, l&rsquo;un des principaux motifs invoqu\u00e9s par les \u00e9lus de la majorit\u00e9 pour bannir la burqa, \u00ab\u00a0ne pourrait pas fonder une interdiction g\u00e9n\u00e9rale du seul voile int\u00e9gral, aucun trouble sp\u00e9cifique ne lui \u00e9tant associ\u00e9 en tant que tel\u00a0\u00bb. SAUVEGARDE DE L&rsquo;ORDRE PUBLIC La la\u00efcit\u00e9, le principe de la dignit\u00e9 humaine, celui de l&rsquo;\u00e9galit\u00e9 entre les femmes et les hommes, ne pourraient non plus constituer des fondements juridiques \u00e0 une interdiction. Le Conseil d&rsquo;Etat pr\u00e9conise de confier \u00ab\u00a0au pr\u00e9fet un pouvoir de police sp\u00e9ciale portant pr\u00e9cis\u00e9ment sur l&rsquo;interdiction de dissimulation du visage\u00a0\u00bb en tout lieu ouvert au public et \u00ab\u00a0d\u00e8s lors que la sauvegarde de l&rsquo;ordre public l&rsquo;exige\u00a0\u00bb. Ce serait par exemple le cas pour l&rsquo;acc\u00e8s aux banques, aux bijouteries ou certaines rencontres sportives ou conf\u00e9rences internationales. Pour second dispositif, les Sages pr\u00f4nent par voie r\u00e9glementaire ou l\u00e9gislative une interdiction permanente du voile int\u00e9gral dans les lieux n\u00e9cessitant des v\u00e9rifications d&rsquo;identit\u00e9 ou d&rsquo;\u00e2ge. \u00ab\u00a0On peut notamment songer aux tribunaux, aux bureaux de vote, aux mairies pour les c\u00e9r\u00e9monies de mariage et les d\u00e9marches relatives \u00e0 l&rsquo;\u00e9tat civil, \u00e0 la remise des enfants \u00e0 la sortie de l&rsquo;\u00e9cole, aux lieux o\u00f9 sont d\u00e9livr\u00e9es des prestations m\u00e9dicales ou hospitali\u00e8res, ou encore au d\u00e9roulement d&rsquo;examens ou de concours\u00a0\u00bb, \u00e9crivent les auteurs du rapport. Ils \u00e9voquent \u00e9galement des lieux soumis \u00e0 des interdictions li\u00e9es \u00e0 l&rsquo;\u00e2ge &#8211; cin\u00e9mas, d\u00e9bits de boissons, discoth\u00e8ques&#8230; COP\u00c9 VEUT PASSER OUTRE S&rsquo;agissant des sanctions, le Conseil d&rsquo;Etat propose une injonction de m\u00e9diation sociale pour les femmes rev\u00eatues de la burqa, assortie d&rsquo;une amende si le juge l&rsquo;estime n\u00e9cessaire. Pour les instigateurs, qui obligeraient une femme \u00e0 porter la burqa, un d\u00e9lit serait institu\u00e9, puni d&rsquo;une peine de prison et d&rsquo;une amende. Selon le ministre de l&rsquo;Int\u00e9rieur, Brice Hortefeux, il y aurait actuellement en France 1.900 femmes voil\u00e9es int\u00e9gralement. Il a promis mardi \u00e0 l&rsquo;Assembl\u00e9e \u00ab\u00a0un projet de loi aussi volontariste que possible\u00a0\u00bb face \u00e0 \u00ab\u00a0des extr\u00e9mistes\u00a0\u00bb qui \u00ab\u00a0veulent mettre \u00e0 l&rsquo;\u00e9preuve notre R\u00e9publique\u00a0\u00bb. Le gouvernement devra toutefois trouver un point d&rsquo;\u00e9quilibre pour ne pas s&rsquo;exposer \u00e0 la censure du Conseil constitutionnel. Jean-Fran\u00e7ois Cop\u00e9, qui a d\u00e9j\u00e0 d\u00e9pos\u00e9 une proposition de loi et milite pour une interdiction la plus large possible, a estim\u00e9 que les parlementaires pouvaient passer outre au Conseil d&rsquo;Etat. \u00ab\u00a0Il appartient au Conseil constitutionnel, s&rsquo;il est saisi, de trancher sa conformit\u00e9 \u00e0 la Constitution\u00a0\u00bb, a dit mardi le chef de file des d\u00e9put\u00e9s UMP lors d&rsquo;un point de presse. Il a soulign\u00e9 qu&rsquo;en 1989, date de la loi sur le port de signes religieux \u00e0 l&rsquo;\u00e9cole, le Conseil d&rsquo;Etat \u00ab\u00a0s&rsquo;\u00e9tait plut\u00f4t prononc\u00e9 en d\u00e9faveur d&rsquo;une l\u00e9gislation\u00a0\u00bb. \u00ab\u00a0Les responsables politiques \u00e9taient pass\u00e9s outre et l&rsquo;Histoire montre qu&rsquo;ils ont bien fait\u00a0\u00bb.  \u00a0<\/p><\/div>\n<div align=\"justify\">\n<hr\/>\n<\/div>\n<div align=\"center\">\n<h2 style=\"color: red;\"><font size=\"3\"><strong>La l\u00e9gislation sur le voile int\u00e9gral: \u00e9tat des lieux en Europe<\/strong><\/font><\/h2>\n<\/p><\/div>\n<div align=\"justify\">\n<hr\/>\n<p> \u00a0\u00a0\u00a0  AFP, le 30 mars 2010 \u00e0 13h57 L&rsquo;interdiction du voile islamique int\u00e9gral est \u00e0 l&rsquo;\u00e9tude dans certains pays europ\u00e9ens, comme la France, la Belgique ou les Pays-Bas.  Le Conseil d&rsquo;Etat, la plus haute juridiction administrative fran\u00e7aise, a estim\u00e9 dans un rapport remis mardi au gouvernement, qu&rsquo;une interdiction g\u00e9n\u00e9rale et absolue du voile int\u00e9gral pourrait \u00eatre contest\u00e9e au plan juridique.  Voici la situation dans plusieurs pays europ\u00e9ens: &#8211;\u00a0\u00a0\u00a0\u00a0\u00a0\u00a0\u00a0\u00a0\u00a0 Au DANEMARK, le gouvernement a d\u00e9cid\u00e9 en janvier 2010 de limiter le port de la burqa et du niqab dans l&rsquo;espace public, mais sans interdire ce voile int\u00e9gral, laissant le soin aux \u00e9coles, \u00e0 l&rsquo;administration et aux entreprises de fixer des r\u00e8gles \u00e0 ce sujet.  &#8211;\u00a0\u00a0\u00a0\u00a0\u00a0\u00a0\u00a0\u00a0\u00a0 En BELGIQUE, de nombreuses communes interdisent le voile int\u00e9gral dans les lieux publics par le biais de r\u00e8glements municipaux ou de police proscrivant le port de masques dans la rue, \u00ab\u00a0hors p\u00e9riode de carnaval\u00a0\u00bb. Le Parlement f\u00e9d\u00e9ral doit d\u00e9battre \u00e0 partir de mercredi de propositions visant \u00e0 interdire le port du niqab et de la burqa.  &#8211;\u00a0\u00a0\u00a0\u00a0\u00a0\u00a0\u00a0\u00a0\u00a0 Aux PAYS-BAS, plusieurs projets de loi concernant l&rsquo;interdiction du port du voile int\u00e9gral sont en pr\u00e9paration, notamment dans l&rsquo;enseignement et la fonction publique.  &#8211;\u00a0\u00a0\u00a0\u00a0\u00a0\u00a0\u00a0\u00a0\u00a0 En ITALIE, une loi de 1975, faisant partie des \u00ab\u00a0dispositions de protection de l&rsquo;ordre public\u00a0\u00bb, interdit de se couvrir compl\u00e8tement le visage dans les lieux publics (voile, casque de moto). C&rsquo;est \u00e0 cette loi que font r\u00e9f\u00e9rence les quelques maires de la Ligue du Nord qui ont interdit par arr\u00eat\u00e9, localement, le port du voile int\u00e9gral ou du \u00ab\u00a0burkini\u00a0\u00bb (maillot de bain islamique). Ce parti connu pour ses positions anti-immigr\u00e9s a d\u00e9pos\u00e9 en octobre 2009 un projet de loi pr\u00e9voyant jusqu&rsquo;\u00e0 deux ans de prison et 2.000 euros d&rsquo;amende pour ceux qui \u00ab\u00a0en raison de leur propre appartenance religieuse rendent difficile ou impossible l&rsquo;identification\u00a0\u00bb. &#8211;\u00a0\u00a0\u00a0\u00a0\u00a0\u00a0\u00a0\u00a0\u00a0 Au ROYAUME-UNI, aucune loi n&rsquo;interdit le port du voile int\u00e9gral dans le pays r\u00e9put\u00e9 tr\u00e8s attach\u00e9 \u00e0 la libert\u00e9 d&rsquo;expression des convictions religieuses. Un parti anti-europ\u00e9en fait cependant campagne pour son bannissement et le minist\u00e8re de l&rsquo;Education a publi\u00e9 en 2007 des directives permettant aux directeurs d&rsquo;\u00e9tablissements publics et \u00e9coles confessionnelles d&rsquo;interdire le niqab, apr\u00e8s plusieurs proc\u00e8s m\u00e9diatis\u00e9s.  &#8211;\u00a0\u00a0\u00a0\u00a0\u00a0\u00a0\u00a0\u00a0\u00a0 En AUTRICHE, le d\u00e9bat a \u00e9t\u00e9 ouvert r\u00e9cemment par la ministre sociale-d\u00e9mocrate des Femmes, Gabriele Heinisch-Hosek, qui r\u00e9fl\u00e9chit \u00e0 l&rsquo;interdiction du voile int\u00e9gral dans les lieux publics si le nombre des femmes voil\u00e9es de la t\u00eate aux pieds devait augmenter sensiblement.   \u00a0<\/p><\/div>\n<div align=\"justify\">\n<hr\/>\n<\/div>\n<div align=\"center\">\n<h2 style=\"color: red;\"><font size=\"3\"><strong>Turk government sends reform package to parliament<\/strong><\/font><\/h2>\n<\/div>\n<div align=\"justify\">\n<hr\/>\n<p>  Reuters, le 30 mars 2010 \u00e0 12h19  \u00a0\u00a0\u00a0 * Draft proposals sent to parliament, vote due in April \u00a0\u00a0\u00a0 * President Gul urges caution, says some ideas need amending \u00a0\u00a0\u00a0 * Rival parties and judges have voiced opposition  By Simon Cameron-Moore  ANKARA, March 30 (Reuters) &#8211; Reuters) &#8211; Turkish President Abdullah Gul warned his own supporters in government to be careful on Tuesday as they sent to parliament a bitterly disputed constitutional reform package that strikes at the heart of the secular elite. World The proposals to overhaul the judiciary, make the military accountable to civilian courts and make it harder to outlaw political parties challenged the country&rsquo;s nationalist establishment. The ruling AK party, whose roots lie in political Islam, says the changes are needed to strengthen Turkey&rsquo;s democracy and support its bid to become a member of the European Union. But Gul, who was an AK Party member before his election by parliament in 2007, urged the government to tread cautiously. \u00ab\u00a0What&rsquo;s important is, constitutions are binding for everyone, and are long-term, top-level documents. It&rsquo;s very important that these changes be made in the best way. Caution and care should be taken for sure,\u00a0\u00bb he told journalists. He was commenting on a revised proposal that would allow the armed forces chief and other top brass in the once untouchable military to be tried in the Supreme Court like cabinet ministers. Stressing that these were draft proposals, Gul also said some appeared unrealistic, singling out a provision that would allow the president to appoint lay citizens to sit on the bench of the Constitutional Court. The main measures will change the way judges are appointed, make it harder for courts to ban political parties, and allow military officers, including the chief of staff, to be tried in civilian, rather than, military courts. Prime Minister Tayyip Erdogan has said he will seek a referendum on the constitutional changes if parliament fails to pass the amendments. Critics say the AK Party, whose landslide victory in 2002 ended decades of rule by secular, nationalist parties, aims to cement its grip on power ahead of an election due by mid-2011. POTENTIAL FOR CRISIS The AK Party has a sizable parliamentary majority, but lacks the two-thirds needed to pass constitutional amendments, making a referendum more probable. Lawmakers are unlikely to vote on the package before mid-April, as the proposals have to go through parliamentary scrutiny before a bill is finalized. Any referendum would probably be held two months later. \u00ab\u00a0We expect parliament to finish work on the reforms package within April,\u00a0\u00bb said Bekir Bozdag, a senior AK Party lawmaker. Deniz Baykal, the leader of CHP, the largest opposition party, has warned that he will try to block the bill by asking the Constitutional Court to rule on the legality of the proposals. Last week, senior judges spoke out against the planned changes, prompting ministers to accuse them of sounding like opposition politicians. Opinion polls have shown the government has public backing for changing a charter that was written by a military government in 1982, two years after a coup. Investors in Turkey are uneasy over the prospect of a full blown political crisis developing, but have largely held their nerve while watching developments unfold. One of their biggest concerns is that the chief state prosecutor may launch a fresh attempt to ban the AK Party, having tried and failed two years ago. The prosecutor had accused the party of being a focal point of Islamist activity in violation of Turkey&rsquo;s secular constitution. In a narrow, split decision the Constitutional Court chose to fine the ruling party rather than ban it. Under the proposed reforms a parliamentary commission would have to approve any future attempt to ban a party. Another proposal would enlarge the Supreme Board of Judges and Prosecutors, which oversees court appointments, from seven to 21, with a third of the board members chosen by parliament. The government also wants to overhaul the Constitutional Court, with responsibility for appointment of judges passing mainly to the president. \u00a0<\/p><\/div>\n<div align=\"justify\">\n<hr\/>\n<\/div>\n<div align=\"center\"><strong><\/p>\n<h2 style=\"color: red;\"><font size=\"3\">Le parti gouvernemental turc pr\u00e9sente une r\u00e9vision constitutionnelle<\/font><\/h2>\n<p><\/strong><\/div>\n<div align=\"justify\">\n<hr\/>\n<p>  AFP, le 30 mars 2010 \u00e0 12h04 ANKARA &#8211; Le parti issu de la mouvance islamiste au pouvoir en Turquie a pr\u00e9sent\u00e9 mardi au Parlement un projet de r\u00e9vision de la constitution, qui vise principalement \u00e0 limiter le pouvoir des hautes instances judiciaires qui lui sont hostiles. \u00ab\u00a0Le projet vise \u00e0 augmenter les normes de d\u00e9mocratie et les droits individuels\u00a0\u00bb, a d\u00e9clar\u00e9 aux journalistes Bekir Bozdag, d\u00e9put\u00e9 du Parti de la justice et du d\u00e9veloppement (AKP), apr\u00e8s avoir soumis le texte aux parlementaires. La r\u00e9vision pr\u00e9voit notamment de rendre plus difficile la dissolution des partis politiques par la Cour constitutionnelle, sanction \u00e0 laquelle l&rsquo;AKP avait \u00e9chapp\u00e9 de justesse en 2008, selon le texte obtenu par l&rsquo;AFP. L&rsquo;AKP a d\u00e9j\u00e0 pr\u00e9venu que si ce projet n&rsquo;\u00e9tait pas vot\u00e9 par le parlement, il aurait recours \u00e0 un referendum. Les amendements les plus controvers\u00e9s et qui suscitent l&rsquo;ire de la hi\u00e9rarchie judiciaire concernent la restructuration et le changement du mode de nomination des membres du Conseil sup\u00e9rieur de la magistrature (HSYK) et de la Cour constitutionnelle. Le HSYK est une instance charg\u00e9e de nommer les magistrats et de faire le suivi de leur carri\u00e8re. Le HSYK et la Cour constitutionnelle sont consid\u00e9r\u00e9s comme deux bastions de la la\u00efcit\u00e9, en conflit ouvert avec le gouvernement islamo-conservateur. En 2007, le Premier ministre Recep Tayyip Erdogan avait promis une nouvelle Constitution afin de remplacer l&rsquo;actuelle datant de 1982 et issue du coup d&rsquo;\u00c9tat de 1980, qui a \u00e9t\u00e9 r\u00e9vis\u00e9e 16 fois, notamment pour aligner la Turquie sur les normes europ\u00e9ennes. Cependant, l&rsquo;absence de consensus au sein de la classe politique n&rsquo;avait conduit qu&rsquo;\u00e0 des refontes partielles. Le projet a \u00e9t\u00e9 pr\u00e9sent\u00e9 la semaine derni\u00e8re aux partis politiques et \u00e0 la soci\u00e9t\u00e9 civile. Il pr\u00e9voit aussi le jugement par des tribunaux civils de militaires accus\u00e9s en temps de paix d&rsquo;atteinte \u00e0 la s\u00e9curit\u00e9 nationale. Plusieurs dizaines d&rsquo;officiers sup\u00e9rieurs ont \u00e9t\u00e9 inculp\u00e9s fin f\u00e9vrier pour tentative de coup d&rsquo;Etat, lors d&rsquo;une vague d&rsquo;arrestations sans pr\u00e9c\u00e9dent qui a secou\u00e9 la Turquie, pays o\u00f9 l&rsquo;arm\u00e9e passe pour garante des valeurs la\u00efques. Pour la haute magistrature, le projet de l&rsquo;AKP et du gouvernement constitue une atteinte \u00e0 son ind\u00e9pendance. Le pr\u00e9sident de la Cour de cassation Hasan Ger\u00e7eker a d\u00e9nonc\u00e9 \u00ab\u00a0des dispositions en compl\u00e8te contradiction avec le principe de s\u00e9paration des pouvoirs\u00a0\u00bb. Une partie de la presse et l&rsquo;opposition y voient la volont\u00e9 de l&rsquo;AKP de contr\u00f4ler la justice. Le HSYK et l&rsquo;\u00e9lite judiciaire (Cour constitutionnelle, Cour de cassation et Conseil d&rsquo;Etat) ne cessent d&rsquo;irriter le gouvernement en prenant des d\u00e9cisions applaudies par l&rsquo;opposition k\u00e9maliste et pro-la\u00efque. Bien que l&rsquo;AKP dispose d&rsquo;une forte majorit\u00e9 au Parlement, il a besoin des voix de l&rsquo;opposition pour faire passer sa r\u00e9vision. Les deux principaux partis d&rsquo;opposition sont contre. Si elle n&rsquo;est pas vot\u00e9e, l&rsquo;AKP a pr\u00e9venu qu&rsquo;il organiserait un referendum qui pourrait avoir lieu avant l&rsquo;\u00e9t\u00e9. Des d\u00e9bats sont pr\u00e9vus en avril au Parlement, en s\u00e9ance pl\u00e9ni\u00e8re. Parmi d&rsquo;autres dispositions du projet figure l&rsquo;am\u00e9lioration des droits syndicaux des fonctionnaires et de la situation des femmes. \u00a0<\/p><\/div>\n<div align=\"justify\">\n<hr\/>\n<\/div>\n<div align=\"center\">\n<h2 style=\"color: red;\"><font size=\"3\"><strong>Le pr\u00e9sident turc prudent face \u00e0 la r\u00e9forme constitutionnelle<\/strong><\/font><\/h2>\n<\/div>\n<div align=\"justify\">\n<hr\/>\n<p> Reuters, le 30 mars 2010 \u00e0 15h46 \u00a0\u00a0\u00a0 par Simon Cameron-Moore \u00a0\u00a0\u00a0 ANKARA, 30 mars (Reuters) &#8211; Le pr\u00e9sident turc Abdullah G\u00fcl a appel\u00e9 mardi le gouvernement \u00e0 la prudence au moment o\u00f9 il soumet au parlement un ensemble de r\u00e9formes constitutionnelles d\u00e9nonc\u00e9es par les milieux la\u00efques. Les modifications propos\u00e9es frappent au coeur la justice ou l&rsquo;arm\u00e9e, institutions qui se posent en garantes de la la\u00efcit\u00e9, h\u00e9ritage de la Turquie k\u00e9maliste. Ces r\u00e9formes pr\u00e9voient entre autres de r\u00e9organiser le syst\u00e8me judiciaire, de rendre les militaires responsables devant la justice civile et de poser davantage de garde-fous \u00e0 la dissolution de partis politiques contest\u00e9s par ces \u00e9lites. Le Parti de la justice et du d\u00e9veloppement (AKP), issu de la mouvance islamique, affirme que cette r\u00e9vision constitutionnelle est n\u00e9cessaire pour renforcer la d\u00e9mocratie turque et augmenter les chances du pays d&rsquo;int\u00e9grer un jour l&rsquo;Union europ\u00e9enne. Mais G\u00fcl, ancien membre de l&rsquo;AKP dont il a quitt\u00e9 les rangs apr\u00e8s son \u00e9lection \u00e0 la pr\u00e9sidence en 2007, a appel\u00e9 le gouvernement de Recep Tayyip Erdogan \u00e0 se montrer prudent. \u00ab\u00a0L&rsquo;important, c&rsquo;est que les constitutions s&rsquo;imposent \u00e0 tous et sont des documents de haut niveau, \u00e0 long terme. Il est tr\u00e8s important que ces changements soient r\u00e9alis\u00e9s de la meilleure fa\u00e7on. Il faut assur\u00e9ment le faire avec prudence et avec soin\u00a0\u00bb, a-t-il dit \u00e0 la presse. Il r\u00e9agissait l\u00e0 \u00e0 une disposition qui pr\u00e9voit d&rsquo;autoriser la comparution devant la Cour supr\u00eame &#8211; o\u00f9 peuvent \u00eatre jug\u00e9s des ministres &#8211; de haut grad\u00e9s de l&rsquo;arm\u00e9e, jadis intouchables. Abdullah G\u00fcl a en outre estim\u00e9 que la proposition visant \u00e0 octroyer au pr\u00e9sident le pouvoir de nommer de simples citoyens \u00e0 la Cour constitutionnelle \u00e9tait irr\u00e9aliste. Elle a \u00e9t\u00e9 supprim\u00e9e de l&rsquo;ensemble de textes soumis au parlement. PROBABLE R\u00c9F\u00c9RENDUM Pour les analystes, les critiques de G\u00fcl ne t\u00e9moignent pas d&rsquo;un \u00e9ventuel d\u00e9saccord entre le pr\u00e9sident et l&rsquo;AKP. \u00ab\u00a0Les dispositions qu&rsquo;il a mentionn\u00e9es \u00e9taient tr\u00e8s imparfaites et auraient pu poser beaucoup de probl\u00e8mes\u00a0\u00bb, a dit Levent Gonenc, conf\u00e9rencier en droit \u00e0 l&rsquo;universit\u00e9 d&rsquo;Ankara. Elles ne portaient en effet pas sur les mesures phares, relatives \u00e0 la r\u00e9forme du mode de nomination des juges ou au statut p\u00e9nal des officiers militaires. Le Premier ministre Recep Tayyip Erdogan entend organiser un r\u00e9f\u00e9rendum sur ces r\u00e9formes si elles ne sont pas adopt\u00e9es au parlement. L&rsquo;AKP y dispose d&rsquo;une confortable majorit\u00e9, mais pas de celle des deux tiers n\u00e9cessaire pour adopter ces textes. Les mesures devant \u00eatre examin\u00e9es attentivement avant r\u00e9daction d&rsquo;un texte d\u00e9finitif, les d\u00e9put\u00e9s ne voteront sans doute pas avant mi-avril. La consultation populaire se tiendrait probablement deux mois plus tard. Deniz Baykal, chef du CHP, le principal parti d&rsquo;opposition, a pr\u00e9venu qu&rsquo;il essaierait de bloquer le texte en contestant la l\u00e9galit\u00e9 de certaines mesures devant la Cour constitutionnelle. La semaine derni\u00e8re, d&rsquo;\u00e9minents magistrats ont d\u00e9nonc\u00e9 les modifications pr\u00e9vues et se sont attir\u00e9 les foudres de ministres qui les ont accus\u00e9s de parler comme des dirigeants d&rsquo;opposition. Les sondages montrent que la population soutient la r\u00e9vision de la Constitution, \u00e9labor\u00e9e par un gouvernement militaire en 1982, deux ans apr\u00e8s un coup d&rsquo;Etat. Dans l&rsquo;expectative, les investisseurs redoutent une grave crise politique en Turquie m\u00eame s&rsquo;ils sont mesur\u00e9s pour l&rsquo;heure. Ils s&rsquo;inqui\u00e8tent notamment de voir le procureur g\u00e9n\u00e9ral lancer une nouvelle tentative de dissolution de l&rsquo;AKP, comme il l&rsquo;a fait sans succ\u00e8s il y a deux ans. Le procureur g\u00e9n\u00e9ral accuse l&rsquo;AKP d&rsquo;\u00eatre un point d&rsquo;ancrage de l&rsquo;islamisme, en violation avec la constitution la\u00efque. Si la loi fondamentale est r\u00e9vis\u00e9e, ce type d&rsquo;initiative contre les partis devra \u00eatre approuv\u00e9e par une commission parlementaire. \u00a0<\/p><\/div>\n<div align=\"justify\">\n<hr\/>\n<\/div>\n<div align=\"center\"><strong><\/p>\n<h3 style=\"color: blue;\"><font size=\"3\">Pays-Bas: ouverture d&rsquo;un sex-shop en ligne pour musulmans<\/font><\/h3>\n<p><\/strong><\/div>\n<div align=\"justify\">\n<hr\/>\n<p> AFP, le 29 mars 2010 \u00e0 08h37 LA HAYE, 30 mars 2010 (AFP) &#8211; Un sex-shop virtuel pour musulmans, proposant des produits conformes \u00e0 la charia, la loi islamique, vient d&rsquo;\u00eatre lanc\u00e9 aux Pays-Bas, a-t-on appris aupr\u00e8s de son fondateur. \u00abNous avons re\u00e7u environ 70 000 visites au cours des quatre premiers jours\u00bb qui ont suivi le lancement du site internet, baptis\u00e9 El Asira, \u00absoci\u00e9t\u00e9\u00bb en arabe, a d\u00e9clar\u00e9 \u00e0 l&rsquo;AFP Abdelaziz Aouragh, 29 ans. Ce site de vente de produits \u00e9rotiques en ligne, le premier destin\u00e9 aux musulmans, selon M. Aouragh, vise \u00e0 aider les couples mari\u00e9s \u00e0 \u00abam\u00e9liorer leur sant\u00e9 sexuelle\u00bb. Les clients peuvent choisir dans des catalogues r\u00e9serv\u00e9s aux hommes et aux femmes parmi une quinzaine de produits: stimulants, lubrifiants, gels de massage ou pilules pr\u00e9sent\u00e9es comme aphrodisiaques. Mais pas de vibromasseurs, de vid\u00e9os ou de magazines pornographique. La pr\u00e9sentation est sobre et les produits sont garantis \u00abhalal\u00bb, sans composants interdits par les rites musulmans, comme les graisses animales de porc ou l&rsquo;alcool. \u00abDe nombreux musulmans ont du mal \u00e0 se procurer certains types de produits\u00bb, explique M. Aouragh, lui-m\u00eame musulman et employ\u00e9 dans une soci\u00e9t\u00e9 sp\u00e9cialis\u00e9e dans l&rsquo;accompagnement des personnes handicap\u00e9es. \u00abTant qu&rsquo;il ne vend pas des jouets sexuels ou ce genre de choses mais se concentre sur des cr\u00e8mes et des huiles qui am\u00e9liorent la vie des \u00e9poux, il n&rsquo;y a pas besoin d&rsquo;en faire un probl\u00e8me\u00bb, a comment\u00e9 \u00e0 l&rsquo;AFP l&rsquo;imam Abdul Jabbar. \u00abLe proph\u00e8te Mahomet a r\u00e9pondu \u00e0 beaucoup de questions au sujet de la sexualit\u00e9\u00bb, a ajout\u00e9 M. Jabbar. \u00a0<\/p><\/div>\n<div align=\"justify\">\n<hr\/>\n<\/div>\n<div align=\"center\"><strong><\/p>\n<h3 style=\"color: blue;\"><font size=\"3\">UK&rsquo;s anti-terrorism policy backfiring-lawmakers<\/font><\/h3>\n<p><\/strong><\/div>\n<div align=\"justify\" dir=\"ltr\">\n<hr\/>\n<p> Reuters, le 29 mars 2010 \u00e0 01h01  By Michael Holden  LONDON, March 30 (Reuters) &#8211;  LONDON (Reuters) &#8211; Britain&rsquo;s policy of trying to stop the radicalisation of mainly young Muslims, a central plank of its counter-terrorism strategy, is alienating those it is supposed to be winning over, lawmakers said on Tuesday. \u00ab\u00a0Prevent\u00a0\u00bb, which aims to cut support for violent extremism and discourage people from becoming terrorists, was backfiring as many Muslims felt it was being used to spy on them, parliament&rsquo;s Communities and Local Government Committee said. \u00ab\u00a0The misuse of terms such as &lsquo;intelligence gathering&rsquo; amongst Prevent partners has clearly discredited the programme and fed distrust,\u00a0\u00bb said Phyllis Starkey, the committee&rsquo;s chairman. Prevent is one of the four main strands of Britain&rsquo;s policy, along with Pursue, Protect and Prepare, set up to deal with the threat from al Qaeda and its related groups. Brought in two years after the Sept. 11 attacks on the United States in 2001, Prevent became particularly significant after the London suicide bombings in July 2005 carried out by four British Islamists. It seeks to use police, local government, teachers and youth workers to help communities counter the message of al Qaeda. But community workers told Reuters this month that the policy had tainted positive projects and it was instead creating unease among many of Britain&rsquo;s 1.8 million Muslims. The National Association of Muslim Police even said it had stigmatised Muslims and worsened relations. In its report, the Communities Committee called for a new approach, saying it was wrong that a department working for community cohesion should be part of a counter-terrorism agenda. It said there should be an independent investigation into accusations by witnesses giving evidence to the committee who said the strategy was being used by police and spies for intelligence gathering. The committee accused ministers of trying to \u00ab\u00a0engineer a &lsquo;moderate&rsquo; form of Islam, promoting and funding only those groups which conform to this model\u00a0\u00bb. \u00ab\u00a0In our view, a persistent pre-occupation with the theological basis of radicalisation is misplaced because the evidence suggests that foreign policy, deprivation and alienation are also important factors,\u00a0\u00bb Starkey said. The government said it was disappointed the report had not taken into account changes made to Prevent in the last year to address criticisms. \u00ab\u00a0All Prevent activities are designed to support all communities, and particularly Muslim communities in resisting those who target their young people,\u00a0\u00bb a spokesman for the Department for Communities and Local Government said. \u00ab\u00a0There has been no substantiated evidence that Prevent programmes are keeping Muslim communities under surveillance.\u00a0\u00bb<\/p><\/div>\n<\/div>\n<p><\/font><\/span><\/font><\/span><\/div>\n<\/div>\n<\/div>\n<p><\/font><\/div>\n<p> \u00a0<\/p><\/div>\n<p align=\"center\" dir=\"ltr\">\n<h3 style=\"color: blue;\"><font face=\"Arial\" size=\"2\"><strong><b><a href=\"https:\/\/tunisnews.net\/ar\/\"><font face=\"Arial\"><span><font size=\"2\">Home<\/font><\/span><font size=\"2\"><span lang=\"FR-CH\"> &#8211; Accueil <\/span><span>&#8211; <\/span><\/font><\/font><span dir=\"rtl\" lang=\"AR-SA\"><font size=\"2\">\u0627\u0644\u0631\u0626\u064a\u0633\u064a\u0629<\/font><\/span><\/a><\/b><\/strong><\/font><\/h3>\n<\/p>\n<p align=\"center\" dir=\"ltr\">\u00a0<\/p>\n<p><\/body><\/body><\/html><\/p>","protected":false},"excerpt":{"rendered":"<p>Home &#8211; Accueil TUNISNEWS 9\u00a0\u00e8me ann\u00e9e,N\u00b0\u00a03598 du 30.03.2010 \u00a0archives : www.tunisnews.net\u00a0 Fran\u00e7ois G\u00e8ze, Jean-Fran\u00e7ois Julliard et Gilles Perrault: Le journaliste tunisien Taoufik Ben Brik doit \u00eatre lib\u00e9r\u00e9, Reuters: L&rsquo;Union europ\u00e9enne accorde 240 millions d&rsquo;euros \u00e0 la Tunisie AFP: Ben Ali appelle la communaut\u00e9 internationale \u00e0 soutenir le peuple palestinien Press Afrik: Affaire Ferchichi : Nous [&hellip;]<\/p>\n","protected":false},"author":1,"featured_media":22040,"comment_status":"open","ping_status":"open","sticky":false,"template":"","format":"standard","meta":{"inline_featured_image":false,"site-sidebar-layout":"default","site-content-layout":"","ast-site-content-layout":"default","site-content-style":"default","site-sidebar-style":"default","ast-global-header-display":"","ast-banner-title-visibility":"","ast-main-header-display":"","ast-hfb-above-header-display":"","ast-hfb-below-header-display":"","ast-hfb-mobile-header-display":"","site-post-title":"","ast-breadcrumbs-content":"","ast-featured-img":"","footer-sml-layout":"","ast-disable-related-posts":"","theme-transparent-header-meta":"","adv-header-id-meta":"","stick-header-meta":"","header-above-stick-meta":"","header-main-stick-meta":"","header-below-stick-meta":"","astra-migrate-meta-layouts":"default","ast-page-background-enabled":"default","ast-page-background-meta":{"desktop":{"background-color":"","background-image":"","background-repeat":"repeat","background-position":"center center","background-size":"auto","background-attachment":"scroll","background-type":"","background-media":"","overlay-type":"","overlay-color":"","overlay-opacity":"","overlay-gradient":""},"tablet":{"background-color":"","background-image":"","background-repeat":"repeat","background-position":"center center","background-size":"auto","background-attachment":"scroll","background-type":"","background-media":"","overlay-type":"","overlay-color":"","overlay-opacity":"","overlay-gradient":""},"mobile":{"background-color":"","background-image":"","background-repeat":"repeat","background-position":"center center","background-size":"auto","background-attachment":"scroll","background-type":"","background-media":"","overlay-type":"","overlay-color":"","overlay-opacity":"","overlay-gradient":""}},"ast-content-background-meta":{"desktop":{"background-color":"var(--ast-global-color-5)","background-image":"","background-repeat":"repeat","background-position":"center center","background-size":"auto","background-attachment":"scroll","background-type":"","background-media":"","overlay-type":"","overlay-color":"","overlay-opacity":"","overlay-gradient":""},"tablet":{"background-color":"var(--ast-global-color-5)","background-image":"","background-repeat":"repeat","background-position":"center center","background-size":"auto","background-attachment":"scroll","background-type":"","background-media":"","overlay-type":"","overlay-color":"","overlay-opacity":"","overlay-gradient":""},"mobile":{"background-color":"var(--ast-global-color-5)","background-image":"","background-repeat":"repeat","background-position":"center center","background-size":"auto","background-attachment":"scroll","background-type":"","background-media":"","overlay-type":"","overlay-color":"","overlay-opacity":"","overlay-gradient":""}},"footnotes":""},"categories":[],"tags":[55,41,29],"class_list":["post-18759","post","type-post","status-publish","format-standard","has-post-thumbnail","hentry","tag-55","tag-41","tag-fr"],"_links":{"self":[{"href":"https:\/\/tunisnews.net\/ar\/wp-json\/wp\/v2\/posts\/18759","targetHints":{"allow":["GET"]}}],"collection":[{"href":"https:\/\/tunisnews.net\/ar\/wp-json\/wp\/v2\/posts"}],"about":[{"href":"https:\/\/tunisnews.net\/ar\/wp-json\/wp\/v2\/types\/post"}],"author":[{"embeddable":true,"href":"https:\/\/tunisnews.net\/ar\/wp-json\/wp\/v2\/users\/1"}],"replies":[{"embeddable":true,"href":"https:\/\/tunisnews.net\/ar\/wp-json\/wp\/v2\/comments?post=18759"}],"version-history":[{"count":0,"href":"https:\/\/tunisnews.net\/ar\/wp-json\/wp\/v2\/posts\/18759\/revisions"}],"wp:featuredmedia":[{"embeddable":true,"href":"https:\/\/tunisnews.net\/ar\/wp-json\/wp\/v2\/media\/22040"}],"wp:attachment":[{"href":"https:\/\/tunisnews.net\/ar\/wp-json\/wp\/v2\/media?parent=18759"}],"wp:term":[{"taxonomy":"category","embeddable":true,"href":"https:\/\/tunisnews.net\/ar\/wp-json\/wp\/v2\/categories?post=18759"},{"taxonomy":"post_tag","embeddable":true,"href":"https:\/\/tunisnews.net\/ar\/wp-json\/wp\/v2\/tags?post=18759"}],"curies":[{"name":"wp","href":"https:\/\/api.w.org\/{rel}","templated":true}]}}