{"id":18729,"date":"2010-03-07T00:00:00","date_gmt":"2010-03-07T00:00:00","guid":{"rendered":"https:\/\/tunisnews.net\/7-mars-2010\/"},"modified":"2010-03-07T00:00:00","modified_gmt":"2010-03-07T00:00:00","slug":"7-mars-2010","status":"publish","type":"post","link":"https:\/\/tunisnews.net\/ar\/7-mars-2010\/","title":{"rendered":"7 mars 2010"},"content":{"rendered":"<p><html><head><meta content=\"text\/html\" description=\"A la suite de l\u2019arrestation du jeune Ghaith Ghazouani, ex prisonnier \t\td\u2019opinion, le 3 mars 2010, l\u2019administration du centre de d\u00e9tention de \t\tGorjani \u00e0 Tunis, a contact\u00e9 samedi 6 mars par t\u00e9l\u00e9phone son p\u00e8re, \t\tmonsieur Ahmed Ghazouani, pour l\u2019informer que son fils serait d\u00e9f\u00e9r\u00e9 \t\tlundi devant le Tribunal de Tunis.\" http-equiv=\"Content-Type\"\/><\/head><body><body><\/p>\n<p align=\"center\" dir=\"ltr\"><font face=\"Arial\" size=\"2\"><b><a href=\"https:\/\/tunisnews.net\/ar\/\"><span>Home<\/span><span lang=\"FR-CH\"> &#8211; Accuei<\/span><\/a><span lang=\"FR-CH\">l<\/span><\/b><\/font><\/p>\n<div align=\"left\" dir=\"rtl\"><font face=\"Arial\" size=\"4\"><\/p>\n<div><font face=\"Arial\" size=\"2\"><\/p>\n<div dir=\"ltr\"><\/div>\n<div align=\"center\" dir=\"ltr\"><font size=\"7\"><strong>TUNISNEWS <\/strong><\/font><\/div>\n<div align=\"center\" dir=\"ltr\">\n<div><strong><font>9\u00a0\u00e8me ann\u00e9e, <span lang=\"FR\">N\u00b0\u00a03575 du 07.03.2010<\/span><\/font><\/strong><\/div>\n<\/div>\n<div align=\"center\" dir=\"ltr\"><span><font><strong>\u00a0archives : <\/strong><\/font><a target=\"_blank\" rel=\"noopener\"><font><strong>www.tunisnews.net<\/strong><\/font><\/a><\/span><font><strong>\u00a0<\/strong><\/font><span lang=\"FR\"><strong><\/strong><\/span><\/div>\n<div dir=\"ltr\"><strong><\/p>\n<hr\/>\n<p><\/strong><\/div>\n<div dir=\"ltr\"><span lang=\"FR-CH\"><\/p>\n<p><font><span lang=\"FR-CH\"><font size=\"2\"><strong>Assabilonline: Ahmed Ghazaouni et son fils incarc\u00e9r\u00e9 doivent subir des interventions chirurgicales <font>Kamel Labidi: Tunisia: \u2018political vengeance\u2019<\/font> Nawaat: Le projet de r\u00e9forme pour le d\u00e9veloppement du cin\u00e9ma et de l\u2019audiovisuel en Tunisie &#8211; Une magouille politico-financi\u00e8re <font>AFP: Le roi du Maroc appelle au r\u00e8glement du \u00ab\u00a0diff\u00e9rend artificiel\u00a0\u00bb du Sahara<\/font> Le Matin Dimanche: Musulmans de Suisse unis contre Kadhafi <font>Reuters: Conseil de l&rsquo;Europe &#8211; Hammarberg contre l&rsquo;interdiction de la burqa<\/font> Reuters: Two-thirds of Turks wld vote for judicial reform -poll<\/strong><\/font><\/span><\/font><\/p>\n<p><\/span><\/div>\n<div dir=\"ltr\"><strong><font size=\"3\"><\/p>\n<hr\/>\n<p><\/font><\/strong><\/div>\n<p><\/font><\/div>\n<div align=\"center\"><font face=\"Arial\" size=\"2\"><strong><\/p>\n<h2 style=\"color: red;\"><font size=\"3\">Ahmed Ghazaouni et son fils incarc\u00e9r\u00e9 doivent subir des interventions chirurgicales<\/font><\/h2>\n<p><\/strong><\/font><\/div>\n<p><font face=\"Arial\" size=\"2\"><\/p>\n<div align=\"left\">\n<hr\/>\n<\/div>\n<div align=\"left\"> <strong><font>Assabilonline<\/font>, Tunisie<\/strong> A la suite de l\u2019arrestation du jeune Ghaith Ghazouani, ex prisonnier d\u2019opinion, le 3 mars 2010, l\u2019administration du centre de d\u00e9tention de Gorjani \u00e0 Tunis, a contact\u00e9 samedi 6 mars par t\u00e9l\u00e9phone son p\u00e8re, monsieur Ahmed Ghazouani, pour l\u2019informer que son fils serait d\u00e9f\u00e9r\u00e9 lundi devant le Tribunal de Tunis. Le jeune Ghaith Ghazouani avait quitt\u00e9 la prison le 13 d\u00e9cembre 2009 apr\u00e8s y avoir pass\u00e9 quatre ans et demi. Pendant ses ann\u00e9es d\u2019incarc\u00e9ration il avait contract\u00e9 diverses maladies graves, tuberculose, allergie, insuffisance respiratoire aig\u00fce. Il avait commenc\u00e9 un traitement depuis deux mois \u00e0 l\u2019h\u00f4pital de l\u2019Ariana sp\u00e9cialis\u00e9 dans les affections respiratoires et le m\u00e9decin lui avait prescrit plusieurs m\u00e9dications. Le 8 mars prochain, il devait subir une op\u00e9ration annul\u00e9e du fait de son arrestation. Son p\u00e8re, monsieur Ahmed Ghazouani, a d\u00e9clar\u00e9 \u00e0 Assabilonline qu\u2019il craignait que l\u2019\u00e9tat de sant\u00e9 de son fils n\u2019empire et qu\u2019il ne soit expos\u00e9 \u00e0 un danger imminent. Il a fait \u00e9galement part de ses pr\u00e9occupations quant \u00e0 l\u2019\u00e9tat de sant\u00e9 de son \u00e9pouse qui a \u00e9t\u00e9 plong\u00e9e de stupeur et a subi un choc d\u2019autant plus violent qu\u2019elle est atteinte de diab\u00e8te. Sa fille est alit\u00e9e depuis l\u2019arrestation de son fr\u00e8re. Monsieur Ahmed Ghazouani fait porter la responsabilit\u00e9 de ce qui pourrait advenir \u00e0 son fils et \u00e0 lui-m\u00eame (tous les deux doivent subir des op\u00e9rations pour des maladies graves) au pouvoir qui en est le premier et le dernier responsable et il appelle tous les militants et d\u00e9fenseurs des droits de l\u2019homme en Tunisie et \u00e0 l\u2019\u00e9tranger \u00e0 les aider, lui et son fils \u00e0 affronter cette injustice ; De notre correspondant en Tunisie, Zouha\u00efer Makhlouf <font>(Traduction ni revue ni corrig\u00e9e par l\u2019auteur de la version en arabe, LT) <\/font><\/div>\n<div align=\"left\">\n<hr\/>\n<\/div>\n<p><\/font><\/font><\/p>\n<div align=\"center\"><font face=\"Arial\" size=\"2\"><strong><\/p>\n<h2 style=\"color: red;\"><font size=\"3\">La Surveillance Polici\u00e8re M\u00eame le Dimanche<\/font><\/h2>\n<p><\/strong><font> <\/font><\/font><\/div>\n<p><font face=\"Arial\" size=\"2\"><font><\/p>\n<div align=\"left\">\n<hr\/>\n<\/div>\n<div align=\"left\"> <strong><font>Hend Harouni<\/font><\/strong> <font>Au Nom d\u2019Allah Le Cl\u00e9ment et Le Mis\u00e9ricordieux &amp; la Pri\u00e8re et la Paix Soient sur notre Proph\u00e8te Loyal et Sinc\u00e8re Mohamed Tunis le 7 Mars 2010-21 Rabii al Awal 1431 Ce jour, Dimache 7 Mars 2010, la m\u00eame voiture de la police civile ; Ford blanche-4 portes- immatricul\u00e9e\u00a0 sous le n\u00b0 8821 TU 122 est gar\u00e9e en face de notre maison au Kram-Ouest. <\/font><\/div>\n<div align=\"left\">\n<hr\/>\n<\/div>\n<p><font face=\"Arial\" size=\"2\"><\/p>\n<div align=\"center\"><font face=\"Arial\" size=\"2\"><strong><\/p>\n<h2 style=\"color: red;\"><font size=\"3\">Tunisia: \u2018political vengeance\u2019<\/font><\/h2>\n<p><\/strong><\/font><\/div>\n<p><font face=\"Arial\" size=\"2\"><\/p>\n<div align=\"left\">\n<hr\/>\n<\/div>\n<div align=\"left\"> The recent closure of the Universit\u00e9 Libre de Tunis (ULT), Tunisia\u2019s renowned first private university, and its suspension for three academic years, could have been foreseen. The days of this pioneering institution, established in 1973, became numbered after the publication by its founder and director, Mohamed Bouebdelli, in September last year of a book critical of President Zine el Abidine Ben Ali\u2019s rule. Published in France, and read by Tunisians mainly on the Internet, it was titled &lsquo;The day I realised that Tunisia was no longer a land of freedom.&rsquo; Bouebdelli, an engineer by profession, had long dreamed that Tunisia would be among the first countries in the Arab world to become a democracy. The huge efforts to provide better education for all and promote and protect women\u2019s rights achieved in the wake of the country\u2019s independence in 1956 were behind this belief. As he explains it, the dream was shattered by Tunisia\u2019s evolution into a sophisticated and ruthless police state. The authorities announced that \u201cadministrative and pedagogical irregularities\u201d warranted the move against the university, whose nearly 1,500 students include many from abroad, and which has now been placed under the control of a government administrator. State-run Tunisian media parroted the line that the institution committed \u201cirregularities\u201d and that nobody in Tunisia is \u201cabove the law\u201d. Some papers have recently been intensifying attacks against the regime\u2019s critics, including Bouebdelli, and also the Al Jazeera channel for giving them a platform. Bouebdelli, who has been traveling to Europe and North America to meet with journalists and human rights campaigners, described the move as an act of \u201cpolitical vengeance\u201d provoked by the publication of his book. As one of the groups supporting him in the US, the Committee on Academic Freedom of the Middle East Studies Association, noted in a letter to Ben Ali on 18 February, the decision to close the ULT was a \u201cculmination of a long-standing pattern of singling out for mistreatment this particular institution and its founders.\u201d In particular, it recalled previous government attempts to close down two schools \u2013 the Ecole Jeanne d\u2019Arc and the now-defunct Lyc\u00e9e Louis Pasteur \u2013 established and managed by the Foundation run by Bouebdelli and his wife. The first came in 2004 after a student related to the \u201cruling clan\u201d (as Bouebdelli put it at a news conference in Paris on 24 February) was denied registration at the Ecole Jeanne d\u2019Arc for academic reasons. This unleashed a \u201creal Tsunami\u201d, including withdrawal of the school\u2019s authorisation, eviction of the headmistress and administrative control of the Foundation\u2019s resources. But the school was saved by a huge movement of solidarity and protest launched by teachers and parents, according to Bouebdelli. Another blow was dealt in 2007 when the authorities arbitrarily ordered the closure of the Lyc\u00e9e Louis Pasteur. \u201cEverybody knew at that time that it was a decision aimed at favouring, even illegally, a newly established institution, the Ecole International de Carthage, at the initiative of Ms Ben Ali, the President\u2019s wife, and Ms Suha Arafat,\u201d said Bouebdelli. \u201cThe Lyc\u00e9e Louis Pasteur affair further poisoned the climate: e-mails hijacked. Repeated health and fiscal inspections.\u201d The repeated attacks on the Bouebdelli Foundation finally turned a man who for decades was solely involved in running private educational institutions into an indefatigable democracy advocate.  <strong><font>Kamel Labidi<\/font><\/strong> \u00a0 <strong><font>(Source: Middle East Iinternational Vol. II, Issue 9: 5 March 2010)<\/font><\/strong><\/div>\n<p><\/font><\/p>\n<div align=\"left\">\n<hr\/>\n<\/div>\n<div align=\"center\"><font face=\"Arial\" size=\"2\"><\/p>\n<p><font face=\"Arial\" size=\"3\"><strong>Le projet de r\u00e9forme pour le d\u00e9veloppement du cin\u00e9ma et de l\u2019audiovisuel en Tunisie  Une magouille politico-financi\u00e8re<\/strong><\/font><\/p>\n<p><\/font><\/div>\n<div align=\"left\">\n<hr\/>\n<\/div>\n<div align=\"left\"> L\u2019\u00c9tat est terrifi\u00e9 depuis un certain temps par ce qu\u2019il a lui-m\u00eame g\u00e9n\u00e9r\u00e9 depuis deux d\u00e9cennies de r\u00e8gne : une poudri\u00e8re sociale qui trouve dans le renfermement identitaire et l\u2019int\u00e9grisme religieux les seules r\u00e9ponses \u00e0 son d\u00e9s\u0153uvrement. Le d\u00e9chainement de forces polici\u00e8re et judiciaire depuis quelques mois sur les groupes de supporters qui commen\u00e7aient \u00e0 s\u2019autog\u00e9rer en de contrepouvoirs de masse au sein des stades de football en est la preuve : si une poign\u00e9e de supporters chevronn\u00e9s ont r\u00e9ussit \u00e0 cr\u00e9er un ph\u00e9nom\u00e8ne de masse autour d\u2019un sport populaire, que dire de groupuscules d\u2019illumin\u00e9s autour d\u2019un pr\u00e9tendu \u00ab djihad \u00bb ?!? Terrifi\u00e9, l\u2019\u00e9tat cherche donc des alternatives \u00e0 proposer \u00e0 ses sujets et ce qu\u2019il appelle \u00ab l\u2019image \u00bb lui semble un bon moyen de renverser les choses en sa faveur. D\u2019un autre c\u00f4t\u00e9, les vieux de la vieille du cin\u00e9ma dans le pays se rendent compte qu\u2019il ne leur reste qu\u2019une poign\u00e9e d\u2019ann\u00e9es avant la retraite \u00e9tant donn\u00e9 le flot sans cesse plus important de nouveaux venus dans le secteur. Comprenez par \u00ab vieux de la vieilles \u00bb : \u00ab les parrains, les patriarches et les apparatchiks qui se sont depuis longtemps accapar\u00e9s le pouvoir, herm\u00e9tis\u00e9s et autarci\u00e9s le milieu et ont fait pourrir le syst\u00e8me \u00bb. Eux aussi sont terrifi\u00e9s \u00e0 l\u2019id\u00e9e de la passer, leur retraite, dans l\u2019oubli et l\u2019indiff\u00e9rence. Mais surtout, ils sont terrifi\u00e9s \u00e0 l\u2019id\u00e9e du d\u00e9nuement que leur causerai cette nouvelle g\u00e9n\u00e9ration massive en personnes et en productions. Vendre donc \u00e0 l\u2019\u00e9tat un projet qui leur permette de s\u2019en mettre plein les poches et aux autorit\u00e9s de modeler et de diffuser une mati\u00e8re \u00ab audiovisuelle \u00bb qui lui convienne et qui est susceptible de son point de vue de stopper la pente islamiste que prend la soci\u00e9t\u00e9 tunisienne tombe donc \u00e0 pic pour les deux parties. Les voil\u00e0 donc main dans la main, \u00e0 entamer \u00e0 la fois en cachette et en public cette entreprise strictement financi\u00e8re pour les uns et politique pour les autres. Dans le projet de \u00ab r\u00e9forme pour le d\u00e9veloppement du cin\u00e9ma et de l\u2019audiovisuel en Tunisie \u00bb propos\u00e9 par la commission consultative au minist\u00e8re et accueilli favorablement par celui-ci, il n\u2019y a rien qui soit dans une perspective culturelle ou en faveur du cin\u00e9ma, au contraire.  <font><strong>Neutraliser Les Jeunes<\/strong> <\/font>C\u2019est sous ce terme aux relents \u00e0 la fois patriarcaux et populistes que la menace est r\u00e9sum\u00e9e : \u00ab les jeunes \u00bb. \u00ab Jeunes \u00bb qu\u2019il faut neutraliser sur deux plans : leur quantit\u00e9 et leur marge de libert\u00e9. L\u2019\u00e9tat et les \u00ab vieux de la vieille \u00bb ont donc un ennemi commun. Ils sont terrifi\u00e9s tous les deux par cette vague de nouveaux cin\u00e9astes qui tournent des films en vid\u00e9o, parfois sans autorisations et dans la plus part des cas sans subventions : des films libres donc de tout control \u00e9tatique et de toute mainmise \u00ab professionalisante \u00bb. Il faut donc que le projet qu\u2019ils mettent en place ensemble arr\u00eate cette h\u00e9morragie libertaire du cin\u00e9ma tel qu\u2019on vient de la connaitre ces derni\u00e8res ann\u00e9es. Exactement de la m\u00eame mani\u00e8re, l\u2019h\u00e9morragie libertaire que les groupes de supporters ont install\u00e9e dans les stades est en cours d\u2019\u00eatre totalement et d\u00e9finitivement stopp\u00e9e. Mais contrairement aux supporters de foot qui n\u2019avaient aucun statut l\u00e9gal, les nouveaux cin\u00e9astes, producteurs, techniciens, com\u00e9diens\u2026 ne sont pas aussi marginaux, il faut donc leur barrer la route l\u00e9gislativement. L\u2019id\u00e9e est pour les autorit\u00e9s de r\u00e9duire cet espace de libert\u00e9 incontr\u00f4lable qu\u2019est devenu le cin\u00e9ma et pour les producteurs patriarches de redevenir peu nombreux afin de re-monopoliser ce qu\u2019ils appellent \u00ab le g\u00e2teau \u00bb, \u00e0 savoir la subvention d\u2019une part et les prestations de services pour les productions \u00e9trang\u00e8res d\u2019autre part. D\u2019o\u00f9 la pr\u00e9paration et la mise en place en catimini de plusieurs mesures restrictives et r\u00e9gressives comme par exemple le durcissement du \u00ab cahier des charges \u00bb concernant les soci\u00e9t\u00e9s de production que l\u2019on dit en pr\u00e9paration ou la soudaine r\u00e9surgence de la \u00ab carte professionnelle \u00bb dans la confusion, l\u2019herm\u00e9tisme et l\u2019arbitraire les plus patents, sans compter l\u2019instauration d\u2019un faux \u00ab guichet unique \u00bb qui n\u2019est autre en pratique qu\u2019un moyen de censure au moment de la demande de l\u2019autorisation de tournage, etc. La premi\u00e8re \u00e9tape est donc de neutraliser le flux des nouveaux venus et la seconde celle de mener une razzia sur l\u2019argent du contribuable et les capitaux \u00e9trangers.  <font><strong>Moins on est, plus grande est notre part du g\u00e2teau<\/strong> <\/font>C\u2019est en somme sous ce mot d\u2019ordre que se liguent un certain nombre de producteurs de \u00ab notori\u00e9t\u00e9 \u00bb (comme ils se plaisent \u00e0 se d\u00e9finir). Producteurs de \u00ab notori\u00e9t\u00e9 \u00bb qui viennent de terminer laborieusement et en retard de 8 mois leur \u00ab rapport de r\u00e9forme pour le d\u00e9veloppement du cin\u00e9ma et de l\u2019audiovisuel en Tunisie \u00bb. Ce sont ces m\u00eames personnes qui ont particip\u00e9 activement ou passivement \u00e0 la d\u00e9g\u00e9n\u00e9rescence du cin\u00e9ma en Tunisie et \u00e0 qui on a confi\u00e9 des missions de r\u00e9formes qui ont \u00e9chou\u00e9e et \u00e0 qui on confi aujourd\u2019hui encore un projet de r\u00e9forme. Cette mafia rat\u00e9e compos\u00e9e principalement par certains \u00ab anciens producteurs \u00bb ou \u00ab anciens r\u00e9alisateurs devenus anciens r\u00e9alisateurs producteurs \u00bb n\u2019est pas d\u00e9cid\u00e9e malgr\u00e9 sa s\u00e9nilit\u00e9 \u00e0 l\u00e2cher prise. Aujourd\u2019hui plus qu\u2019hier, \u00e0 cause de ce projet de r\u00e9forme, elle aiguise ses couteaux pour comme elle le dit : \u00ab se partager le g\u00e2teau \u00bb. Et s\u2019ils ne vous jugent pas assez de \u00ab notori\u00e9t\u00e9 \u00bb pour faire partie de leur club ferm\u00e9 install\u00e9 dans un bureau exig\u00fce de l\u2019U.T.I.C.A., et bien se sera le chemin de croix pour vous, pauvres fous qui avaient d\u00e9cid\u00e9 de faire du cin\u00e9ma votre m\u00e9tier ! Le rapport de la sous-commission \u00ab production \u00bb est particuli\u00e8rement frappant \u00e0 ce sujet. M\u00eame si vous r\u00e9ussissez \u00e0 surmonter toutes les difficult\u00e9s d\u00e9j\u00e0 \u00e9num\u00e9r\u00e9es, il vous restera encore du chemin : dans un premier temps vous ne pourrez faire que des courts-m\u00e9trages. Quand vous en ferez un certains nombre, vous pourrez avoir l\u2019effronterie d\u2019\u00eatre un producteur de long-m\u00e9trage. Et quand vous le serez, ne vous croyez pas capables de pouvoir offrir vos services aux productions \u00e9trang\u00e8res, car il faut \u00eatre \u00ab de notori\u00e9t\u00e9 \u00bb pour cela, et vous savez bien que seuls nos \u00ab vieux de la vieille \u00bb sont aptes \u00e0 vous juger assez \u00ab de notori\u00e9t\u00e9 \u00bb ou pas. Les soi-disant \u00ab producteurs \u00bb v\u00e9t\u00e9rans tunisiens qui font un film tous les dix ans veulent inventer un syst\u00e8me unique au monde dans lequel une s\u00e9gr\u00e9gation existe entre les soci\u00e9t\u00e9s de production, comprenez entre les producteurs. Ils se mettent bien \u00e9videment, tout en haut de la pyramide, les autres producteurs devront trim\u00e9s des ann\u00e9es et attendre que les anciens les b\u00e9nissent pour pouvoir faire un long-m\u00e9trage subventionn\u00e9 ou de la prestation de service. De plus, dans ce nouveau syst\u00e8me sur-mesure, le producteur n\u2019investit pas de l\u2019argent dans la production d\u2019un film, mais en re\u00e7oit : toutes les subventions vont au producteur (m\u00eame l\u2019aide \u00e0 l\u2019\u00e9criture et l\u2019aide \u00e0 la distribution (sic)) et de plus, ils se r\u00e9servent une \u00ab prime \u00e0 la qualit\u00e9 \u00bb (re-sic) qui serait attribu\u00e9e aux plus m\u00e9ritants d\u2019entre eux, comprenez : non seulement ils ne veulent pas d\u00e9penser un sou pour produire un film mais ils veulent apr\u00e8s l\u2019avoir fini, b\u00e9n\u00e9ficier d\u2019une somme d\u2019argent qu\u2019on leur attribuerai pour ne pas avoir fait leur travail ! Ainsi, les uns se garantissent une retraite dor\u00e9e (et apr\u00e8s moi le d\u00e9luge), les autres mettent au pas le cin\u00e9ma (en attendant de le mouler enti\u00e8rement \u00e0 leurs besoins). C\u2019est donc dans une perspective uniquement politico-financi\u00e8re de verrouillage et de contr\u00f4le qu\u2019est en train de passer en force ce projet de r\u00e9forme malgr\u00e9 la r\u00e9sistance de quelques-uns. Il est maintenant grand temps pour cette r\u00e9sistance qui a \u00e9t\u00e9 jusqu\u2019alors dans une d\u00e9marche de dialogue (qui s\u2019est av\u00e9r\u00e9 de sourds) de se r\u00e9organiser rapidement dans une d\u00e9marche d\u2019affrontement frontal et radical destin\u00e9 \u00e0 rompre l\u2019\u00e9tau avec lequel certains \u00e9touffent le cin\u00e9ma en Tunisie et avec lequel ils veulent aujourd\u2019hui l\u2019achever d\u00e9finitivement en vendant ce qu\u2019il reste de lui aux t\u00e9l\u00e9visions et aux promoteurs de multiplexes.  <strong><font>(Source : nawaat.org (Censur\u00e9 en Tunisie), le 4 mars 2010)<\/font><\/strong><\/div>\n<div>\n<hr\/>\n<\/div>\n<div align=\"center\"><strong><\/p>\n<h2 style=\"color: red;\"><font size=\"3\">Le roi du Maroc appelle au r\u00e8glement du \u00ab\u00a0diff\u00e9rend artificiel\u00a0\u00bb du Sahara<\/font><\/h2>\n<p><\/strong><\/div>\n<div align=\"left\" dir=\"ltr\">\n<hr\/>\n<\/div>\n<div align=\"left\" dir=\"ltr\">\u00a0AFP &#8211; 7 mars 2010  GRENADE (Espagne),Le roi Mohammed VI du Maroc a appel\u00e9 dimanche dans un message transmis lors du sommet UE\/Maroc \u00e0 un \u00ab r\u00e8glement politique du diff\u00e9rend artificiel\u00bb\u00a0 du Sahara Occidental sur la base de la proposition marocaine de large autonomie pour cette \u00ab r\u00e9gion\u00bb . Le Maroc \u00ab engage les autres partis \u00e0 r\u00e9pondre \u00e0 l\u2019appel du Conseil de s\u00e9curit\u00e9 (de l\u2019Onu, ndlr) et \u00e0 s\u2019engager en faveur d\u2019un r\u00e8glement politique au diff\u00e9rend artificiel relatif \u00e0 son int\u00e9grit\u00e9 territoriale sur la base de l\u2019intiative marocaine dotant la r\u00e9gion du Sahara d\u2019une autonomie \u00e9largie dans le cadre de la souverainet\u00e9 du royaume (marocain, ndlr), de son unit\u00e9 nationale et de son int\u00e9grit\u00e9 territoriale\u00bb , selon ce message dont l\u2019AFP a eu copie. Rabat estime que le Sahara occidental, une ancienne colonie espagnole annex\u00e9e en 1975, fait partie int\u00e9grante du royaume et propose une large autonomie sous sa souverainet\u00e9. Le Front Polisario, soutenu en particulier par l\u2019Alg\u00e9rie, r\u00e9clame en revanche un r\u00e9f\u00e9rendum d\u2019autod\u00e9termination incluant l\u2019option de l\u2019ind\u00e9pendance. Dans ce message r\u00e9dig\u00e9 en fran\u00e7ais, le souverain marocain \u2013qui n\u2019est pas pr\u00e9sent \u00e0 ce premier sommet entre l\u2019UE et le Maroc\u2013 \u00ab r\u00e9it\u00e8re son engagement pour une relance cr\u00e9dible et s\u00e9rieuse de la construction maghr\u00e9bine et pour l\u2019\u00e9dification d\u2019un avenir commun fond\u00e9 sur le respect de la souverainet\u00e9 des Etats, de leur int\u00e9grit\u00e9 territoriale et des r\u00e8gles de bon voisinage\u00bb . Le premier sommet entre l\u2019Union europ\u00e9enne et le Maroc, qui a obtenu en 2008 de l\u2019UE le \u00ab statut avanc\u00e9\u00bb\u00a0 qu\u2019il r\u00e9clamait depuis 2004, a lieu ce week-end \u00e0 Grenade (sud de l\u2019Espagne) avec au programme des discussions, notamment, le Sahara occidental, l\u2019Union pour la M\u00e9diterran\u00e9e et le Proche-Orient. La d\u00e9l\u00e9gation marocaine est conduite par le Premier ministre marocain, Abbas el Fassi. C\u00f4t\u00e9 europ\u00e9en, participent \u00e0 la r\u00e9union le pr\u00e9sident du Conseil europ\u00e9en, Herman Van Rompuy, le pr\u00e9sident de la Commission Jos\u00e9 Manuel Barroso, le chef de gouvernement espagnol Jos\u00e9 Luis Rodriguez Zapatero et son ministre des Affaires \u00e9trang\u00e8res, Miguel Angel Moratinos.<\/div>\n<div>\n<hr\/>\n<\/div>\n<div align=\"center\"><b><span lang=\"FR-CH\"><font size=\"3\">Musulmans de Suisse unis contre Kadhafi<\/font><\/span><\/b><\/div>\n<p><span lang=\"FR-CH\"><font><\/p>\n<p align=\"left\">\u00a0<\/p>\n<hr\/>\n<p>\u00a0<\/font><\/span><\/p>\n<p align=\"left\"><i><span lang=\"FR-CH\">Les musulmans de Suisse refusent de se laisser diviser par l&rsquo;appel au djihad de Kadhafi. Ils se sont r\u00e9unis hier pour dire stop aux attaques du r\u00e9gime libyen et pour porter un message de paix apr\u00e8s le vote antiminarets<\/span><\/i><\/p>\n<p align=\"left\"><span lang=\"FR-CH\">St\u00e9phanie Germanier <\/span><\/p>\n<p align=\"left\"><span lang=\"FR-CH\">C&rsquo;est une premi\u00e8re. Hier, les musulmans de Suisse ont enfil\u00e9 gants et bonnets pour braver le retour de l&rsquo;hiver et aller manifester \u00e0 Berne leur ras-le-bol d&rsquo;\u00eatre pris en otage entre leur suissitude et leur religion.<\/span><\/p>\n<p align=\"left\"><span lang=\"FR-CH\">Outr\u00e9s par la Ligue arabe qui d\u00e9cr\u00e9tait cette semaine que la Suisse \u00e9tait un pays raciste et par l&rsquo;appel au djihad de Muammar Kadhafi, des citoyens suisses de confession musulmane et des musulmans de Suisse ont tenu \u00e0 montrer qu&rsquo;ils avaient choisi leur camp: leur pays.<\/span><\/p>\n<p align=\"left\"><span lang=\"FR-CH\">Une petite soixantaine de personnes, surtout venus de Suisse romande avait ralli\u00e9 l&rsquo;appel d&rsquo;Abdel Lamhangar, un Marocain d&rsquo;origine, d\u00e9put\u00e9 socialiste au Conseil g\u00e9n\u00e9ral de la ville de Romont (FR). <\/span><\/p>\n<p align=\"left\"><span lang=\"FR-CH\">Trop sensible en ces temps de relations tendues entre Berne et Tripoli, leur pr\u00e9sence devant l&rsquo;ambassade de Libye avait \u00e9t\u00e9 interdite. La police bernoise leur a propos\u00e9 en \u00e9change de se replier sur l&rsquo;Helvetiaplatz. \u00abDire notre attachement \u00e0 notre pays sous l&rsquo;\u00e9gide de M\u00e8re Helv\u00e9tie est un cadeau\u00bb, s&rsquo;est r\u00e9joui l&rsquo;organisateur, malgr\u00e9 une participation en dessous des attentes.<\/span><\/p>\n<p align=\"left\"><span lang=\"FR-CH\">Des rencontres avec Eveline Widmer-Schlumpf<\/span><\/p>\n<p align=\"left\"><span lang=\"FR-CH\">A sa d\u00e9charge, le collectif de citoyens s&rsquo;est mis sur pied en cinq jours seulement et a d\u00e9lib\u00e9r\u00e9ment choisi de ne pas faire appel aux organisations musulmanes ou aux politiques pour mener son action qui se voulait spontan\u00e9e et citoyenne. Une manifestation symbolique, pas une d\u00e9monstration de force.<\/span><\/p>\n<p align=\"left\"><span lang=\"FR-CH\">\u00abOn ne parle pas seulement au nom des musulmans de Suisse mais au nom de tous ceux qui croient en l&rsquo;Etat de droit qu&rsquo;il ne faut affaiblir ni de l&rsquo;ext\u00e9rieur comme le fait Kadhafi, ni de l&rsquo;int\u00e9rieur\u00bb. Allusion faite au scrutin antiminarets du 29 novembre dernier. Pas rancuniers apr\u00e8s le vote \u00e9crasant des Suisses sur le sujet, les musulmans ne veulent plus se laisser diviser par les extr\u00eames, qu&rsquo;ils soient politiques ou religieux.<\/span><\/p>\n<p align=\"left\"><span lang=\"FR-CH\">Organis\u00e9 \u00e0 la va-vite pour l&rsquo;occasion, le collectif pourrait survivre \u00e0 la manifestation de samedi. Pr\u00e9sent hier en soutien, Hafid Ouardiri, de la Fondation de l&rsquo;Entre-Connaissance, compte demander \u00e0 Eveline Widmer-Schlumpf que ce groupe de citoyens puisse \u00e0 l&rsquo;avenir participer aux discussions ponctuelles qui r\u00e9unissent les grandes organisations musulmanes et les autorit\u00e9s.<\/span><\/p>\n<p align=\"left\"><b><span lang=\"FR-CH\">(Source\u00a0: \u00ab\u00a0Le Matin Dimanche\u00a0\u00bb (Hebdomadaire \u2013 Suisse), le 7 mars 2010)<\/span><\/b><\/p>\n<p><\/font><\/p>\n<div>\n<hr\/>\n<\/div>\n<p><font face=\"Arial\" size=\"2\"><\/p>\n<div align=\"center\">\n<h2 style=\"color: red;\"><font face=\"Arial\" size=\"3\"><strong>Conseil de l&rsquo;Europe &#8211; Hammarberg contre l&rsquo;interdiction de la burqa<\/strong><\/font><\/h2>\n<\/div>\n<div align=\"left\">\n<hr\/>\n<p> Reuters, le 6 mars 2010   STRASBOURG, 7 mars (Reuters) &#8211; L&rsquo;interdiction de la burqa et du niqab ne lib\u00e9rerait pas les femmes opprim\u00e9es mais pourrait, au contraire, aggraver leur exclusion dans les soci\u00e9t\u00e9s europ\u00e9ennes ?, estime le commissaire aux Droits de l&rsquo;homme du Conseil de l&rsquo;Europe.  Ce serait ? une mesure bien mal inspir\u00e9e, portant atteinte \u00e0 la vie priv\u00e9e ?, ajoute Thomas Hammarberg dans un ? point de vue ? publi\u00e9 dimanche \u00e0 Strasbourg, \u00e0 la veille de la Journ\u00e9e internationale de la Femme. Cette prise de position intervient alors que la France s&rsquo;achemine vers l&rsquo;adoption, au printemps, d&rsquo;une loi interdisant le port du voile int\u00e9gral dans l&rsquo;espace public o\u00f9 au sein de certains services publics. Une interdiction g\u00e9n\u00e9rale serait, selon le commissaire su\u00e9dois, susceptible de se heurter \u00e0 la Convention europ\u00e9enne des droits de l&rsquo;homme sous l&rsquo;angle du droit au respect de la vie priv\u00e9e et du droit de manifester sa religion ou sa conviction. Ces droits, rappelle-t-il, ne peuvent \u00eatre restreints que pour des motifs li\u00e9s \u00e0 la s\u00e9curit\u00e9 publique, \u00e0 la protection de l&rsquo;ordre, de la sant\u00e9 ou de la morale publiques, ainsi qu&rsquo;\u00e0 la protection des droits et libert\u00e9s d&rsquo;autrui.  Personne n&rsquo;a pu d\u00e9montrer, selon lui, que le port du voile int\u00e9gral portait atteinte \u00e0 l&rsquo;un ou l&rsquo;autre de ces principes. Une interdiction concernant seulement certains \u00e9tablissements publics tels qu&rsquo;h\u00f4pitaux ou administrations, solution pr\u00e9conis\u00e9e par la mission d&rsquo;information de l&rsquo;Assembl\u00e9e nationale sur le voile int\u00e9gral, \u00ab\u00a0peut avoir pour seul r\u00e9sultat de dissuader ces femmes de s&rsquo;y rendre\u00a0\u00bb, ajoute-t-il. Reconnaissant que ? le statut de la femme dans certains groupes religieux est un probl\u00e8me grave qu&rsquo;il ne faut pas \u00e9luder ?, Thomas Hammarberg estime que ? ce n&rsquo;est pas en interdisant les v\u00eatements, qui ne sont qu&rsquo;un sympt\u00f4me, qu&rsquo;on y parviendra ?. ? De mani\u00e8re g\u00e9n\u00e9rale, par principe, l&rsquo;Etat devrait \u00e9viter de l\u00e9gif\u00e9rer sur la fa\u00e7on dont les gens s&rsquo;habillent ?, affirme-t-il. ? L&rsquo;interdiction de la burqa et du niqab serait une aussi mauvaise chose que l&rsquo;aurait \u00e9t\u00e9 la condamnation des caricaturistes danois ?, conclut le commissaire en r\u00e9f\u00e9rence \u00e0 la publication de caricatures de Mahomet qui avaient suscit\u00e9 la col\u00e8re d&rsquo;une partie du monde musulman. ? En d&rsquo;autres termes, il n&rsquo;y a pas de tol\u00e9rance sans r\u00e9ciprocit\u00e9 ?, ajoute-t-il. <\/p><\/div>\n<p><\/font><\/p>\n<div>\n<hr\/>\n<\/div>\n<div align=\"center\"><font face=\"Arial\" size=\"2\"><\/p>\n<h2 style=\"color: red;\"><font size=\"3\"><strong>Two-thirds of Turks wld vote for judicial reform -poll<\/strong><\/font><\/h2>\n<p><\/font><\/div>\n<div align=\"left\">\n<hr\/>\n<\/div>\n<div align=\"left\"> Reuters, le 6 mars 2010 \u00e0 16h45  * Referendum eyed if p&rsquo;ment rejects constitution changes * PM Erdogan engages in war of words with judiciary  By Thomas Grove  ISTANBUL March 6 (Reuters) &#8211; Two-thirds of Turks would vote in a referendum to reform Turkey&rsquo;s judiciary, one of the pillars of a conservative secularist establishment, a poll showed on Saturday.  Such backing would suffice to pass planned constitutional changes that could raise tensions between judiciary and military, on the one hand, and the AK Party government many within their ranks suspect of Islamist ambitions.  The AK Party, nearly closed in a 2008 court case, says it will call a referendum to change the constitution if parliament does not pass reforms expected among other things to limit broad powers judges have to define subversive activity, ban politicians and shut parties.  The poll, carried out by domestic agency Metropoll, also showed 79 percent of the population believed there was a need to reform the judiciary, reported daily newspaper Zaman, which often carries favourable coverage of government policies. Pollsters had interviewed 1,346 people in 31 provinces, Zaman reported  Prime Minister Tayyip Erdogan denies Islamist goals and has promoted economic and social reform, falling short though of demands made by the European Union Turkey seeks to join. The curbing of military power and arrest of serving and retired officers over suspected coup plots has already angered the generals.  \u00ab\u00a0The executive and legislative branches have been under siege from the judiciary,\u00a0\u00bb he said, speaking to a summit of businessmen, in response to a comment from the president of the Supreme Court that the judiciary was under attack.  HEADSCARF BAN  The government began making calls for constitutional reform after a board of judges stripped the authority of prosecutors investigating an alleged coup plot to topple the AK Party.  Erdogan has not yet unveiled the details of proposed constitutional changes, but the parliamentary opposition and much of the judiciary has indicated they will try to block them.  There is also speculation in the media that Chief Prosecutor Abdurrahman Yalcinkaya, who opened a previous court case to close the ruling party for being a \u00ab\u00a0focal point of Islamist activity\u00a0\u00bb, may launch another bid.  Constitutional Court chairman Hasim Kilic, often seen as a conciliatory figure between the AK Party and the secular establishment, says there is a need for serious constitutional reform, but this must be achieved through consensus.  Even if a referendum is passed it could still be taken to the Constitutional Court, which overruled an AK Party attempt to change the constitution in 2008 that would have allowed women to wear the Islamic headscarf in universities.  REUTERS<\/div>\n<p><\/font><\/font><\/div>\n<p align=\"center\" dir=\"ltr\">\n<h2 style=\"color: red;\"><font face=\"Arial\" size=\"2\"><strong><b><a href=\"https:\/\/tunisnews.net\/ar\/\"><font face=\"Arial\"><span><font size=\"2\">Home<\/font><\/span><font size=\"2\"><span lang=\"FR-CH\"> &#8211; Accueil <\/span><span>&#8211; <\/span><\/font><\/font><span dir=\"rtl\" lang=\"AR-SA\"><font size=\"2\">\u0627\u0644\u0631\u0626\u064a\u0633\u064a\u0629<\/font><\/span><\/a><\/b><\/strong><\/font><\/h2>\n<\/p>\n<p align=\"center\" dir=\"ltr\">\u00a0<\/p>\n<p><\/body><\/body><\/html><\/p>","protected":false},"excerpt":{"rendered":"<p>Home &#8211; Accueil TUNISNEWS 9\u00a0\u00e8me ann\u00e9e, N\u00b0\u00a03575 du 07.03.2010 \u00a0archives : www.tunisnews.net\u00a0 Assabilonline: Ahmed Ghazaouni et son fils incarc\u00e9r\u00e9 doivent subir des interventions chirurgicales Kamel Labidi: Tunisia: \u2018political vengeance\u2019 Nawaat: Le projet de r\u00e9forme pour le d\u00e9veloppement du cin\u00e9ma et de l\u2019audiovisuel en Tunisie &#8211; Une magouille politico-financi\u00e8re AFP: Le roi du Maroc appelle au [&hellip;]<\/p>\n","protected":false},"author":1,"featured_media":22040,"comment_status":"open","ping_status":"open","sticky":false,"template":"","format":"standard","meta":{"inline_featured_image":false,"site-sidebar-layout":"default","site-content-layout":"","ast-site-content-layout":"default","site-content-style":"default","site-sidebar-style":"default","ast-global-header-display":"","ast-banner-title-visibility":"","ast-main-header-display":"","ast-hfb-above-header-display":"","ast-hfb-below-header-display":"","ast-hfb-mobile-header-display":"","site-post-title":"","ast-breadcrumbs-content":"","ast-featured-img":"","footer-sml-layout":"","ast-disable-related-posts":"","theme-transparent-header-meta":"","adv-header-id-meta":"","stick-header-meta":"","header-above-stick-meta":"","header-main-stick-meta":"","header-below-stick-meta":"","astra-migrate-meta-layouts":"default","ast-page-background-enabled":"default","ast-page-background-meta":{"desktop":{"background-color":"","background-image":"","background-repeat":"repeat","background-position":"center center","background-size":"auto","background-attachment":"scroll","background-type":"","background-media":"","overlay-type":"","overlay-color":"","overlay-opacity":"","overlay-gradient":""},"tablet":{"background-color":"","background-image":"","background-repeat":"repeat","background-position":"center center","background-size":"auto","background-attachment":"scroll","background-type":"","background-media":"","overlay-type":"","overlay-color":"","overlay-opacity":"","overlay-gradient":""},"mobile":{"background-color":"","background-image":"","background-repeat":"repeat","background-position":"center center","background-size":"auto","background-attachment":"scroll","background-type":"","background-media":"","overlay-type":"","overlay-color":"","overlay-opacity":"","overlay-gradient":""}},"ast-content-background-meta":{"desktop":{"background-color":"var(--ast-global-color-5)","background-image":"","background-repeat":"repeat","background-position":"center center","background-size":"auto","background-attachment":"scroll","background-type":"","background-media":"","overlay-type":"","overlay-color":"","overlay-opacity":"","overlay-gradient":""},"tablet":{"background-color":"var(--ast-global-color-5)","background-image":"","background-repeat":"repeat","background-position":"center center","background-size":"auto","background-attachment":"scroll","background-type":"","background-media":"","overlay-type":"","overlay-color":"","overlay-opacity":"","overlay-gradient":""},"mobile":{"background-color":"var(--ast-global-color-5)","background-image":"","background-repeat":"repeat","background-position":"center center","background-size":"auto","background-attachment":"scroll","background-type":"","background-media":"","overlay-type":"","overlay-color":"","overlay-opacity":"","overlay-gradient":""}},"footnotes":""},"categories":[],"tags":[55,41,29],"class_list":["post-18729","post","type-post","status-publish","format-standard","has-post-thumbnail","hentry","tag-55","tag-41","tag-fr"],"_links":{"self":[{"href":"https:\/\/tunisnews.net\/ar\/wp-json\/wp\/v2\/posts\/18729","targetHints":{"allow":["GET"]}}],"collection":[{"href":"https:\/\/tunisnews.net\/ar\/wp-json\/wp\/v2\/posts"}],"about":[{"href":"https:\/\/tunisnews.net\/ar\/wp-json\/wp\/v2\/types\/post"}],"author":[{"embeddable":true,"href":"https:\/\/tunisnews.net\/ar\/wp-json\/wp\/v2\/users\/1"}],"replies":[{"embeddable":true,"href":"https:\/\/tunisnews.net\/ar\/wp-json\/wp\/v2\/comments?post=18729"}],"version-history":[{"count":0,"href":"https:\/\/tunisnews.net\/ar\/wp-json\/wp\/v2\/posts\/18729\/revisions"}],"wp:featuredmedia":[{"embeddable":true,"href":"https:\/\/tunisnews.net\/ar\/wp-json\/wp\/v2\/media\/22040"}],"wp:attachment":[{"href":"https:\/\/tunisnews.net\/ar\/wp-json\/wp\/v2\/media?parent=18729"}],"wp:term":[{"taxonomy":"category","embeddable":true,"href":"https:\/\/tunisnews.net\/ar\/wp-json\/wp\/v2\/categories?post=18729"},{"taxonomy":"post_tag","embeddable":true,"href":"https:\/\/tunisnews.net\/ar\/wp-json\/wp\/v2\/tags?post=18729"}],"curies":[{"name":"wp","href":"https:\/\/api.w.org\/{rel}","templated":true}]}}