{"id":18714,"date":"2006-02-28T00:00:00","date_gmt":"2006-02-28T00:00:00","guid":{"rendered":"https:\/\/tunisnews.net\/28-fevrier-2006\/"},"modified":"2006-02-28T00:00:00","modified_gmt":"2006-02-28T00:00:00","slug":"28-fevrier-2006","status":"publish","type":"post","link":"https:\/\/tunisnews.net\/ar\/28-fevrier-2006\/","title":{"rendered":"28 f\u00e9vrier 2006"},"content":{"rendered":"<p><html><head><meta content=\"text\/html\" description=\"Voix libre apprend l\u2019\u00e9largissement d\u2019environ 80     prisonniers d\u2019opinions tunisiens,\u00a0dont la plupart a pass\u00e9 une quinzaine     d\u2019ann\u00e9e derri\u00e8re les barreaux dans des conditions d\u2019une exceptionnelle     duret\u00e9.\u00a0\" http-equiv=\"Content-Type\"\/><\/head><body><body style=\"text-align: justify\"><\/p>\n<p align=\"center\" dir=\"ltr\"><b><a href=\"https:\/\/tunisnews.net\/ar\/\"><span>Home<\/span><span lang=\"FR-CH\"> &#8211; Accueil <\/span><span>&#8211; <\/span><span dir=\"rtl\" lang=\"AR-SA\">\u0627\u0644\u0631\u0626\u064a\u0633\u064a\u0629<\/span><\/a><\/b><\/p>\n<div>\n<table border=\"1\" width=\"100%\">\n<tr>\n<td bgcolor=\"#efefef\" width=\"100%\"> <span lang=\"AR-SA\"> <\/p>\n<div align=\"left\">  <\/div>\n<div> <span lang=\"FR\"> <\/p>\n<div align=\"center\" dir=\"ltr\"> <font face=\"Arial\"><font size=\"2\"> <span lang=\"SV\"> <strong>TUNISNEWS<\/strong><\/span> <\/font><\/font> <\/div>\n<div align=\"center\" dir=\"ltr\"> <strong><font face=\"Arial\"><font size=\"2\">6\u00a0\u00e8me\u00a0ann\u00e9e,          <span lang=\"FR\">N\u00b0\u00a02108 du 28.02.2006<\/span><\/font><\/font><\/strong><\/div>\n<div align=\"center\" dir=\"ltr\"> <strong> <\/p>\n<div align=\"center\"> <b><span><blink> <font face=\"Arial\" size=\"2\">\u00a0archives : <\/font> <a href=\"https:\/\/tunisnews.net\/ar\/\" target=\"_blank\" rel=\"noopener\"> <font face=\"Arial\" size=\"2\" target=\"_blank\">            www.tunisnews.net<\/font><\/a><\/blink><\/span><\/b><font face=\"Arial\" size=\"2\"> <\/font> <\/div>\n<p> <\/strong><\/div>\n<p> <\/span><\/div>\n<p> <font face=\"Arial\" size=\"2\"> <\/p>\n<div align=\"center\" dir=\"ltr\">\n<hr noshade=\"\" size=\"8\"\/> <\/div>\n<div align=\"left\" dir=\"ltr\"> <strong><\/p>\n<p><font>Voix Libre: Communiqu\u00e9          <font>Kalima: Lib\u00e9ration des internautes de Zarzis et de         Hamadi Jebali<\/font>         Reuters: Arrestation d&rsquo;un islamiste (tunisien, NDLR) pr\u00e9sum\u00e9 en Espagne         du Sud         <font>AP: Grippe aviaire: les passagers du         \u00ab\u00a0M\u00e9diterran\u00e9e\u00a0\u00bb confin\u00e9s quelques heures dans le navire<\/font>         Le Temps: Corps de m\u00e9tier: Election chez les jeunes avocats (J-4): Une         trentaine de candidatures et deux listes dans la course         <font>Abdo Maalaoui : Malgr\u00e9 la souffrance: J\u2019offre         trois jours de pri\u00e8re \u00e0 Ben Ali et Cie !<\/font>         Houcine Mhamdi Tunisie: La France ne veut, ni houcine mhamdi, ni le         mouvement des mains et raisons propres         <\/font><\/p>\n<p><font>Le Monde: Le r\u00e9dacteur en chef d&rsquo;un         magazine finlandais licenci\u00e9 pour avoir publi\u00e9 une bande dessin\u00e9e         repr\u00e9sentant Mahomet<\/font><\/strong><\/div>\n<p> <\/font><\/span><\/td>\n<\/tr>\n<\/table>\n<\/div>\n<p><span lang=\"FR-CH\"><\/p>\n<div> <font> <\/p>\n<div>\n<p align=\"center\"><b><font>Voix Libre<\/font><\/b><\/p>\n<h2 style=\"color: red;\"><font face=\"Arial\"> <\/p>\n<p align=\"center\"><b>Communiqu\u00e9\u00a0<\/b><\/p>\n<p align=\"center\"><b>: 27\/02\/2006<\/b><\/p>\n<p><\/font><\/h2>\n<\/div>\n<p> <\/font><font face=\"Arial\" size=\"2\"> <span lang=\"FR\"> <span lang=\"FR\"> <\/p>\n<div>\n<p align=\"justify\">Voix libre apprend l\u2019\u00e9largissement d\u2019environ 80     prisonniers d\u2019opinions tunisiens,\u00a0dont la plupart a pass\u00e9 une quinzaine     d\u2019ann\u00e9e derri\u00e8re les barreaux dans des conditions d\u2019une exceptionnelle     duret\u00e9.\u00a0<\/p>\n<\/div>\n<div>\n<p align=\"justify\">Cet \u00e9largissement conditionnel, survient peu apr\u00e8s la     remise du rapport du CICR sur l\u2019\u00e9tat des prisons tunisiennes, et en     particulier sur les conditions de d\u00e9tention inhumaines et d\u00e9gradantes des     prisonniers politiques d\u00e9cri\u00e9es par tous les d\u00e9fenseurs des droits     humains,\u00a0en Tunisie et dans le monde durant ces 15 derni\u00e8res ann\u00e9es. Le     contenu de ce rapport n\u2019a pas \u00e9t\u00e9 divulgu\u00e9, mais sa teneur n\u2019en est sans     doute pas moins accablante.<\/p>\n<\/div>\n<div>\n<p align=\"justify\">\u00a0L\u2019ent\u00eatement du r\u00e9gime tunisien \u00e0 nier le caract\u00e8re     politique des prisonniers et la politique d\u2019\u00e9largissement au compte goutte\u00a0     laissant croupir actuellement quelques 300 prisonniers politiques     n\u2019indiquent malheureusement pas une volont\u00e9 de tourner cette page     douloureuse de l\u2019histoire r\u00e9cente de la Tunisie.\u00a0<\/p>\n<\/div>\n<div>\n<p align=\"justify\">Voix libre assure les d\u00e9tenus politiques de sa     d\u00e9termination sans faille \u00e0 continuer le combat jusqu\u2019\u00e0 ce que le dernier     des prisonniers politiques recouvre sa libert\u00e9.<\/p>\n<\/div>\n<div>\n<p align=\"justify\">\u00a0Nous tenons \u00e0 saluer le courage des prisonniers \u00e9largis     et exprimons notre joie de les voir enfin parmi les leurs.<\/p>\n<\/div>\n<div>    \u00a0Ci jointe la liste non d\u00e9finitive des prisonniers d\u2019opinion tri\u00e9s par lieu     de d\u00e9tention:<\/div>\n<div>    \u00a0<\/div>\n<div> <b>Prison Bourj Erroumi: 20<\/b><\/div>\n<div>    1.<span>\u00a0\u00a0\u00a0\u00a0\u00a0\u00a0    <\/span><b>\u00a0Abderraouf Draouil<\/b><\/div>\n<ol start=\"2\" type=\"1\">\n<li><b>\u00a0Adel Zarrouk<\/b><\/li>\n<\/ol>\n<p><\/span> <span lang=\"FR\"> <\/p>\n<li><b>\u00a0Ahmed Ibdelli<\/b><\/li>\n<p><\/span> <span lang=\"FR\"> <\/p>\n<li><b>\u00a0Arbi Ouislati<\/b><\/li>\n<p><\/span> <span lang=\"FR\"> <\/p>\n<li><b>\u00a0Hichem Essa\u00e4di<\/b><\/li>\n<p><\/span> <span lang=\"FR\"> <\/p>\n<li><b>\u00a0Ka\u00efs Ben Sa\u00efd<\/b><\/li>\n<p><\/span> <span lang=\"FR\"> <\/p>\n<li><b>\u00a0Kamel Hajjam<\/b><\/li>\n<p><\/span> <span lang=\"FR\"> <\/p>\n<li><b>\u00a0Koussay Ja\u00e4idi<\/b><\/li>\n<p><\/span> <span lang=\"FR\"> <\/p>\n<li><b>\u00a0Mohamed \u00c2mmar<\/b><\/li>\n<p><\/span> <span lang=\"FR\"> <\/p>\n<li><b>\u00a0Mohamed Ali Mhadhebi<\/b><\/li>\n<p><\/span> <span lang=\"FR\"> <\/p>\n<li><b>\u00a0Mohamed Habib Ayachi<\/b><\/li>\n<p><\/span> <span lang=\"FR\"> <\/p>\n<li><b>\u00a0Nacer Bjaoui<\/b><\/li>\n<p><\/span> <span lang=\"FR\"> <\/p>\n<li><b>\u00a0Nacer Oudouani<\/b><\/li>\n<p><\/span> <span lang=\"FR\"> <\/p>\n<li><b>\u00a0Omar Firchichi<\/b><\/li>\n<p><\/span> <span lang=\"FR\"> <\/p>\n<li><b>\u00a0Rached J\u00efdane<\/b><\/li>\n<p><\/span> <span lang=\"FR\"> <\/p>\n<li><b>\u00a0Saber Hamrouni<\/b><\/li>\n<p><\/span> <span lang=\"FR\"> <\/p>\n<li><b>\u00a0Salah Eddine Dhouafi<\/b><\/li>\n<p><\/span> <span lang=\"FR\"> <\/p>\n<li><b>\u00a0Salim Ben Romdhane<\/b><\/li>\n<p><\/span> <span lang=\"FR\"> <\/p>\n<li><b>\u00a0Salim Gritli<\/b><\/li>\n<p><\/span> <span lang=\"FR\"> <\/p>\n<li><b>\u00a0Sofiane Darouiche<\/b> <\/li>\n<div>    \u00a0<b>Prison de Bourj Al\u00e2amri: 19<\/b><\/div>\n<div>    1.<span>\u00a0\u00a0\u00a0\u00a0\u00a0\u00a0    <\/span><b>\u00a0Adel Zarrouk<\/b><\/div>\n<ol start=\"2\" type=\"1\">\n<li><b>\u00a0Ali Ouislati<\/b><\/li>\n<\/ol>\n<p><\/span> <span lang=\"FR\"> <\/p>\n<li><b>\u00a0Bilel Baldi<\/b><\/li>\n<p><\/span> <span lang=\"FR\"> <\/p>\n<li><b>\u00a0Chokri waddaye<\/b><\/li>\n<p><\/span> <span lang=\"FR\"> <\/p>\n<li><b>\u00a0\u00ceiryan Mbaza\u00e4<\/b><\/li>\n<p><\/span> <span lang=\"FR\"> <\/p>\n<li><b>\u00a0Kamel Ben Rajeb<\/b><\/li>\n<p><\/span> <span lang=\"FR\"> <\/p>\n<li><b>\u00a0Khaled Kaouache<\/b><\/li>\n<p><\/span> <span lang=\"FR\"> <\/p>\n<li><b>\u00a0Khaled Riyahi<\/b><\/li>\n<p><\/span> <span lang=\"FR\"> <\/p>\n<li><b>\u00a0Makded \u00c4arbaoui<\/b><\/li>\n<p><\/span> <span lang=\"FR\"> <\/p>\n<li><b>\u00a0Mohamed Chinnaoui<\/b><\/li>\n<p><\/span> <span lang=\"FR\"> <\/p>\n<li><b>\u00a0Mohamed Najib Gharbi<\/b><\/li>\n<p><\/span> <span lang=\"FR\"> <\/p>\n<li><b>\u00a0Mounir Riyahi<\/b><\/li>\n<p><\/span> <span lang=\"FR\"> <\/p>\n<li><b>\u00a0Mounji Khalfi<\/b><\/li>\n<p><\/span> <span lang=\"FR\"> <\/p>\n<li><b>\u00a0Naji Fatnassi<\/b><\/li>\n<p><\/span> <span lang=\"FR\"> <\/p>\n<li><b>\u00a0Noureddine Lasoued<\/b><\/li>\n<p><\/span> <span lang=\"FR\"> <\/p>\n<li><b>\u00a0Omar Farouk Chelindi<\/b><\/li>\n<p><\/span> <span lang=\"FR\"> <\/p>\n<li><b>\u00a0Omar Rached<\/b><\/li>\n<p><\/span> <span lang=\"FR\"> <\/p>\n<li><b>\u00a0Ridha Haj Brahim<\/b><\/li>\n<p><\/span> <span lang=\"FR\"> <\/p>\n<li><b>\u00a0Sassi Maye<\/b> <\/li>\n<div> <b>Prison de 9 Avril Tunis: 7<\/b><\/div>\n<div>    1.<span>\u00a0\u00a0\u00a0\u00a0\u00a0\u00a0    <\/span><b>Abdelghaffar Guiza<\/b><\/div>\n<ol start=\"2\" type=\"1\">\n<li><b>Abdelhamid Abdelkarim<\/b><\/li>\n<\/ol>\n<p><\/span> <span lang=\"FR\"> <\/p>\n<li><b>Abdelmajid Ghidhaoui<\/b><\/li>\n<p><\/span> <span lang=\"FR\"> <\/p>\n<li><b>Chadheli Ben Cheikh<\/b><\/li>\n<p><\/span> <span lang=\"FR\"> <\/p>\n<li><b>Lamine Zidi<\/b><\/li>\n<p><\/span> <span lang=\"FR\"> <\/p>\n<li><b>Mabrouk Chenitir<\/b><\/li>\n<p><\/span> <span lang=\"FR\"> <\/p>\n<li><b>Mohamed Mouncef Ouirghi<\/b> <\/li>\n<div> <b>Prison de Gabes: 5<\/b><\/div>\n<div>    1.<span>\u00a0\u00a0\u00a0\u00a0\u00a0\u00a0    <\/span><b>Hedi Jerbi<\/b><\/div>\n<ol start=\"2\" type=\"1\">\n<li><b>Lass\u00e4ad Hani<\/b><\/li>\n<\/ol>\n<p><\/span> <span lang=\"FR\"> <\/p>\n<li><b>Lotfi Farhat<\/b><\/li>\n<p><\/span> <span lang=\"FR\"> <\/p>\n<li><b>Mohamed Ali Berrajeb<\/b><\/li>\n<p><\/span> <span lang=\"FR\"> <\/p>\n<li><b>Ridha Chine<\/b> <\/li>\n<div> <b>Prison de Mahdia: 5 <\/b> <\/div>\n<div>    1.<span>\u00a0\u00a0\u00a0\u00a0\u00a0\u00a0    <\/span><b>Abdeljaoued \u00c4abboud<\/b><\/div>\n<ol start=\"2\" type=\"1\">\n<li><b>Hamadi Jebali<\/b><\/li>\n<\/ol>\n<p><\/span> <span lang=\"FR\"> <\/p>\n<li><b>Imed Naouar<\/b><\/li>\n<p><\/span> <span lang=\"FR\"> <\/p>\n<li><b>Mohamed Hannachi<\/b><\/li>\n<p><\/span> <span lang=\"FR\"> <\/p>\n<li><b>Mourad Hammami<\/b> <\/li>\n<div> <b>Prison de Sfax: 5<\/b><\/div>\n<div>    1.<span>\u00a0\u00a0\u00a0\u00a0\u00a0\u00a0    <\/span><b>\u00a0Ali Hourabi<\/b><\/div>\n<ol start=\"2\" type=\"1\">\n<li><b>\u00a0Ayman Mcharek<\/b><\/li>\n<\/ol>\n<p><\/span> <span lang=\"FR\"> <\/p>\n<li><b>\u00a0Fay\u00e7al \u00c2ayadi<\/b><\/li>\n<p><\/span> <span lang=\"FR\"> <\/p>\n<li><b>\u00a0Hamza Mahroug<\/b><\/li>\n<p><\/span> <span lang=\"FR\"> <\/p>\n<li><b>\u00a0Kilani Mountassar<\/b> <\/li>\n<div> <b>Prison de Bizerte Ville: 4<\/b><\/div>\n<div>    1.<span>\u00a0\u00a0\u00a0\u00a0\u00a0\u00a0    <\/span><b>Abedelhamid Zoughbi<\/b><\/div>\n<ol start=\"2\" type=\"1\">\n<li><b>Chamseddine Dallaji<\/b><\/li>\n<\/ol>\n<p><\/span> <span lang=\"FR\"> <\/p>\n<li><b>\u00a0Hafedh Mazhoud<\/b><\/li>\n<p><\/span> <span lang=\"FR\"> <\/p>\n<li><b>Mounir Tarhouni<\/b> <\/li>\n<div> <b>Prison de Mornague: 4<\/b><\/div>\n<div>    1.<span>\u00a0\u00a0\u00a0\u00a0\u00a0\u00a0    <\/span><b>Ezeddine Hammami<\/b><\/div>\n<ol start=\"2\" type=\"1\">\n<li><b>Khaled Koute<\/b><\/li>\n<\/ol>\n<p><\/span> <span lang=\"FR\"> <\/p>\n<li><b>Mounir Chekir<\/b><\/li>\n<p><\/span> <span lang=\"FR\"> <\/p>\n<li><b>Samir Ben Nour<\/b> <\/li>\n<div> <b>Prison de Jandouba: 3<\/b><\/div>\n<div>    1.<span>\u00a0\u00a0\u00a0\u00a0\u00a0\u00a0    <\/span><b>Choukri Zoughlami<\/b><\/div>\n<ol start=\"2\" type=\"1\">\n<li><b>Habib S\u00efidi<\/b><\/li>\n<\/ol>\n<p><\/span> <span lang=\"FR\"> <\/p>\n<li><b>Mohamed Balti<\/b> <\/li>\n<div> <b>Prison de Kef: 2<\/b><\/div>\n<div>    1.<span>\u00a0\u00a0\u00a0\u00a0\u00a0\u00a0    <\/span><b>Abderrahmane Madyouni<\/b><\/div>\n<ol start=\"2\" type=\"1\">\n<li><b>Ibrahim Zoughlami<\/b> <\/li>\n<\/ol>\n<div> <b>Prison de Messedine: 2<\/b><\/div>\n<div>    1.<span>\u00a0\u00a0\u00a0\u00a0\u00a0\u00a0    <\/span><b>Habib Dhaouafi<\/b><\/div>\n<ol start=\"2\" type=\"1\">\n<li><b>Taha Bagga<\/b> <\/li>\n<\/ol>\n<div> <b>Prison de Sidi Bouzid: 2<\/b><\/div>\n<div>    1.<span>\u00a0\u00a0\u00a0\u00a0\u00a0\u00a0    <\/span><b>Adel Ma\u00e4roufi<\/b><\/div>\n<ol start=\"2\" type=\"1\">\n<li><b>Mohamed Mouldi Mansouri<\/b> <\/li>\n<\/ol>\n<div> <b>Prison de Beja:1<\/b><\/div>\n<div> <b><span lang=\"FR\">1.<span>\u00a0\u00a0\u00a0\u00a0\u00a0    <\/span><span>Jaber Ma\u00e4roufi<\/span><\/span><\/b><span lang=\"FR\"><\/span><\/div>\n<div>    \u00a0<\/div>\n<div> <b>Prison de Nadhour: 1<\/b><\/div>\n<div>    1.<span>\u00a0\u00a0\u00a0\u00a0\u00a0\u00a0    <\/span><b>\u00a0Taoufik Fatnassi<\/b><\/div>\n<p> <\/span><\/span><\/font><\/div>\n<div>  \u00a0<\/div>\n<div>\n<hr\/>\n<\/div>\n<div>  \u00a0<\/div>\n<div> <font> <\/p>\n<h4 align=\"center\" style=\"color: blue;\"><span lang=\"FR\"> <\/p>\n<h2 style=\"color: red;\"><font face=\"Arial\">Lib\u00e9ration des internautes de Zarzis et de   Hamadi Jebali<\/font><\/h2>\n<p><\/span><\/h4>\n<p align=\"justify\">\u00a0<\/p>\n<p align=\"justify\"> <span lang=\"FR\">Une gr\u00e2ce   pr\u00e9sidentielle d\u00e9cid\u00e9e le 25 f\u00e9vrier courant a touch\u00e9 1.298 d\u00e9tenus. <\/span> <\/p>\n<p align=\"justify\">\u00a0<\/p>\n<p align=\"justify\"> <span lang=\"FR\">Seuls 88 parmi ces   graci\u00e9s sont des prisonniers politiques et appartiennent pour leur grande   majorit\u00e9 au parti islamiste Ennahdha. <\/span><\/p>\n<p align=\"justify\">\u00a0<\/p>\n<p align=\"justify\"> <span lang=\"FR\">La figure la plus   c\u00e9l\u00e8bre de ces prisonniers politiques lib\u00e9r\u00e9s est sans conteste Hamadi JEBALI   l\u2019ancien r\u00e9dacteur en chef du journal Al Fajr qui a purg\u00e9 15 ans de prison.  <\/span><\/p>\n<p align=\"justify\">\u00a0<\/p>\n<p align=\"justify\"> <span lang=\"FR\">Trois des   prisonniers \u00e9largis appartiennent au groupe des internautes de l&rsquo;Ariana.<\/span><\/p>\n<p align=\"justify\">\u00a0<\/p>\n<p align=\"justify\"> <span lang=\"FR\">Un doute a plan\u00e9   sur la lib\u00e9ration des internautes de Zarzis, qui viennent de boucler trois ans   d&rsquo;incarc\u00e9ration, durant tout le week-end jusqu\u2019en fin de matin\u00e9e du lundi 27.   Les familles des prisonniers qui ont fait le d\u00e9placement depuis Zarzis (500 km   de Tunis) et de France (T\u00e9r\u00e9sa Chopin avait accouru pour voir son fils Omar   Chelendi) se sont vus r\u00e9torquer par l\u2019administration carc\u00e9rale qu\u2019ils   n\u2019avaient pas entendu parler de cette mesure d\u2019\u00e9largissement. <\/span><\/p>\n<p align=\"justify\">\u00a0<\/p>\n<p align=\"justify\"> <span lang=\"FR\">Ces \u00ab\u00a0h\u00e9sitations\u00a0\u00bb   ont bien exist\u00e9 au niveau minist\u00e9riel. Il y a eu une source officielle \u00e9manant   du minist\u00e8re de la Justice qui a communiqu\u00e9 la premi\u00e8re information \u00e0 la   presse. Mais un contre ordre qui aurait \u00e9man\u00e9 d&rsquo;une source au minist\u00e8re de   l&rsquo;Int\u00e9rieur oppos\u00e9e \u00e0 leur lib\u00e9ration a bien \u00e9t\u00e9 donn\u00e9; mais la Pr\u00e9sidence a   intervenu et r\u00e9tabli la d\u00e9cision premi\u00e8re. <\/span><\/p>\n<p align=\"justify\">\u00a0<\/p>\n<p align=\"justify\"> <span lang=\"FR\">Finalement dans   l\u2019apr\u00e8s midi du lundi, les jeunes internautes de Zarzis ont \u00e9t\u00e9 lib\u00e9r\u00e9s et on   a observ\u00e9 des sc\u00e8nes de liesses devant les prisons o\u00f9 ils \u00e9taient d\u00e9tenus.<\/span><\/p>\n<p align=\"justify\">\u00a0<\/p>\n<p align=\"justify\"><b> <span lang=\"FR\"> <font>(Source\u00a0: <\/font> <a href=\"http:\/\/www.kalimatunisie.com\/\" target=\"_blank\" rel=\"noopener\"><font>  www.kalimatunisie.com<\/font><\/a><font>, le 27 f\u00e9vrier 2006)<\/font><\/span><\/b><\/p>\n<p align=\"justify\"><b> <span lang=\"EN-US\">URL:  <a href=\"http:\/\/www.kalimatunisie.com\/article.php?id=146\" target=\"_blank\" rel=\"noopener\"> <font>http:\/\/www.kalimatunisie.com\/article.php?id=146<\/font><\/a><\/span><\/b><\/p>\n<p><\/font><\/div>\n<div>  \u00a0<\/div>\n<p><font><\/p>\n<div>\n<hr\/>\n<\/div>\n<div>\n<h3 align=\"center\" style=\"color: blue;\"><span lang=\"FR\"> <\/p>\n<h2 style=\"color: red;\"><font face=\"Arial\" size=\"3\">Arrestation d&rsquo;un islamiste   (tunisien, NDLR) pr\u00e9sum\u00e9 en Espagne du Sud<\/font><\/h2>\n<p><\/span><\/h3>\n<p align=\"justify\">\u00a0<\/p>\n<p align=\"justify\"> <span lang=\"FR\">Reuters, le   27.02.2006 <\/span> <span lang=\"FR-CH\">\u00e0 <\/span> <span lang=\"FR\">19h04<\/span><\/p>\n<p align=\"justify\"> <span lang=\"FR\">\u00a0\u00a0\u00a0 MADRID, 27   f\u00e9vrier (Reuters) &#8211; La police espagnole a arr\u00eat\u00e9 un ressortissant tunisien \u00e0   Malaga dans le cadre d&rsquo;une enqu\u00eate sur un r\u00e9seau de recrutement d&rsquo;Al Qa\u00efda   d\u00e9mantel\u00e9 en d\u00e9cembre, a annonc\u00e9 lundi le minist\u00e8re de l&rsquo;Int\u00e9rieur.<\/span><\/p>\n<p align=\"justify\"> <span lang=\"FR\">  \u00a0\u00a0\u00a0\u00a0\u00a0\u00a0\u00a0\u00a0\u00a0\u00a0\u00a0\u00a0\u00a0\u00a0\u00a0\u00a0\u00a0\u00a0\u00a0\u00a0\u00a0 Dans un communiqu\u00e9, le minist\u00e8re identifie l&rsquo;homme sous   le nom de <b><span>Chafik Djalal, 44 ans<\/span><\/b>, et   pr\u00e9cise qu&rsquo;il \u00e9tait en possession de deux fausses cartes d&rsquo;identit\u00e9 fran\u00e7aises   ainsi que d&rsquo;un faux permis de conduire \u00e9galement fran\u00e7ais.<\/span><\/p>\n<p align=\"justify\"> <span lang=\"FR\">  \u00a0\u00a0\u00a0\u00a0\u00a0\u00a0\u00a0\u00a0\u00a0\u00a0\u00a0\u00a0\u00a0\u00a0\u00a0\u00a0\u00a0\u00a0\u00a0\u00a0\u00a0 En d\u00e9cembre, la police espagnole avait arr\u00eat\u00e9 seize   personnes accus\u00e9es de recruter des volontaires pour des attentats suicides ou   des op\u00e9rations insurrectionnelles en Irak, en Tch\u00e9tch\u00e9nie ou au Cachemire.   Deux autres personnes s&rsquo;\u00e9taient rendues en apprenant que la police les   recherchait.<\/span><\/p>\n<p align=\"justify\"> <span lang=\"FR\">  \u00a0\u00a0\u00a0\u00a0\u00a0\u00a0\u00a0\u00a0\u00a0\u00a0\u00a0\u00a0\u00a0\u00a0\u00a0\u00a0\u00a0\u00a0\u00a0\u00a0\u00a0 Un juge a emprisonn\u00e9 six de ces suspects et a plac\u00e9 les   autres sous contr\u00f4le judiciaire.<\/span><\/p>\n<p align=\"justify\"> <span lang=\"FR\">  \u00a0\u00a0\u00a0\u00a0\u00a0\u00a0\u00a0\u00a0\u00a0\u00a0\u00a0\u00a0\u00a0\u00a0\u00a0\u00a0\u00a0\u00a0\u00a0\u00a0\u00a0 L&rsquo;enqu\u00eate s&rsquo;est concentr\u00e9e sur une mosqu\u00e9e fr\u00e9quent\u00e9e   par des islamistes de tendance radicale \u00e0 Malaga, sur la c\u00f4te sud de   l&rsquo;Espagne.<\/span><\/p>\n<p align=\"justify\"> <span lang=\"FR\">  \u00a0\u00a0\u00a0\u00a0\u00a0\u00a0\u00a0\u00a0\u00a0\u00a0\u00a0\u00a0\u00a0\u00a0\u00a0\u00a0\u00a0\u00a0\u00a0\u00a0\u00a0 Djalal entretenait des liens \u00e9troits avec le meneur   irakien du groupe, Abou Soufian, et avait contribu\u00e9 \u00e0 fournir de faux   passeports aux recrues, selon le communiqu\u00e9 du minist\u00e8re espagnol. <\/span><\/p>\n<p> <span lang=\"FR\"> <\/p>\n<p align=\"justify\"><strong><\/strong><\/p>\n<hr\/>\n<p align=\"center\"><b> <span lang=\"FR\"><font size=\"3\">Grippe   aviaire: les passagers du \u00ab\u00a0M\u00e9diterran\u00e9e\u00a0\u00bb confin\u00e9s quelques<span dir=\"rtl\"> <\/span>heures dans le navire<\/font><\/span><\/b><\/p>\n<p align=\"justify\">\u00a0\u00a0\u00a0\u00a0\u00a0\u00a0\u00a0\u00a0\u00a0\u00a0\u00a0\u00a0\u00a0\u00a0\u00a0\u00a0\u00a0\u00a0\u00a0\u00a0\u00a0  <\/p>\n<p align=\"justify\">Associated Press, le   28.02.2006 \u00e0 11<span lang=\"FR-CH\">h<\/span>02<\/p>\n<p align=\"justify\">\u00a0\u00a0\u00a0\u00a0\u00a0\u00a0\u00a0\u00a0\u00a0\u00a0\u00a0\u00a0\u00a0\u00a0\u00a0\u00a0\u00a0\u00a0\u00a0\u00a0\u00a0   MARSEILLE (AP) &#8212; La d\u00e9couverte lundi de cinq oiseaux morts sur les ponts   ext\u00e9rieurs du ferry \u00ab\u00a0M\u00e9diterran\u00e9e\u00a0\u00bb, en provenance de Tunisie et \u00e0 destination   de Marseille, a conduit l&rsquo;\u00e9quipage \u00e0 confiner ses 450 passagers pendant   quelques heures, a-t-on appris mardi aupr\u00e8s de la Soci\u00e9t\u00e9 nationale Corse   M\u00e9diterran\u00e9e (SNCM).<\/p>\n<p align=\"justify\">\u00a0\u00a0\u00a0\u00a0\u00a0\u00a0\u00a0\u00a0\u00a0\u00a0\u00a0\u00a0\u00a0\u00a0\u00a0\u00a0\u00a0\u00a0\u00a0\u00a0\u00a0   Les animaux ainsi retrouv\u00e9s, des grives selon toute vraisemblance, ont \u00e9t\u00e9   confi\u00e9s pour examens \u00e0 la Direction d\u00e9partementale des services v\u00e9t\u00e9rinaires   des Bouches-du-Rh\u00f4ne. Les r\u00e9sultats devraient \u00eatre connus d&rsquo;ici la fin de la   semaine, a indiqu\u00e9 la pr\u00e9fecture.<\/p>\n<p align=\"justify\">\u00a0\u00a0\u00a0\u00a0\u00a0\u00a0\u00a0\u00a0\u00a0\u00a0\u00a0\u00a0\u00a0\u00a0\u00a0\u00a0\u00a0\u00a0\u00a0\u00a0\u00a0   A la d\u00e9couverte des cadavres des volatiles, le commandant du \u00ab\u00a0M\u00e9diterran\u00e9e\u00a0\u00bb a   aussit\u00f4t d\u00e9cid\u00e9 d&rsquo;appliquer le principe de pr\u00e9caution en fermant tous les   acc\u00e8s publics aux ponts ext\u00e9rieurs et en confinant les passagers dans leur   cabine ou dans les parties communes du navire.<\/p>\n<p align=\"justify\">\u00a0\u00a0\u00a0\u00a0\u00a0\u00a0\u00a0\u00a0\u00a0\u00a0\u00a0\u00a0\u00a0\u00a0\u00a0\u00a0\u00a0\u00a0\u00a0\u00a0\u00a0   Les oiseaux ont \u00e9t\u00e9 plac\u00e9s dans des sacs plastique par le personnel muni de   combinaisons, de masques et de gants \u00e9tanches. Les zones concern\u00e9es ont \u00e9t\u00e9   d\u00e9sinfect\u00e9es.<\/p>\n<p align=\"justify\">\u00a0\u00a0\u00a0\u00a0\u00a0\u00a0\u00a0\u00a0\u00a0\u00a0\u00a0\u00a0\u00a0\u00a0\u00a0\u00a0\u00a0\u00a0\u00a0\u00a0\u00a0   La SNCM dit avoir r\u00e9agi de mani\u00e8re adapt\u00e9e dans un contexte de grippe aviaire.   A ce jour, aucun passereau n&rsquo;a toutefois \u00e9t\u00e9 retrouv\u00e9 porteur du virus H5N1.  <\/p>\n<p><\/span> <\/p>\n<hr\/>\n<p align=\"center\"><b> <span lang=\"FR\">Corps   de m\u00e9tier: Election chez les jeunes avocats (J-4)<\/span><\/b><\/p>\n<h3 align=\"center\" style=\"color: blue;\"><span lang=\"FR\"> <\/p>\n<h2 style=\"color: red;\"><font face=\"Arial\" size=\"3\">Une trentaine de candidatures et   deux listes dans la course<\/font><\/h2>\n<p><\/span><\/h3>\n<p align=\"justify\">\u00a0<\/p>\n<p align=\"justify\"> <span lang=\"FR\">Le d\u00e9p\u00f4t des   candidatures pour l&rsquo;\u00e9lection du comit\u00e9 directeur de l&rsquo;Association Tunisienne   des Jeunes Avocats (ATAJ) le 4 mars prochain a \u00e9t\u00e9 cl\u00f4tur\u00e9 hier \u00e0 13 heures .<\/span><\/p>\n<p align=\"justify\"> <span lang=\"FR\">Des 31 candidats   qui se sont pr\u00e9sent\u00e9s on peut d\u00e9duire qu&rsquo;il y aura deux listes en comp\u00e9tition   en plus des candidatures individuelles .<\/span><\/p>\n<p align=\"justify\">\u00a0<\/p>\n<p align=\"justify\"> <span lang=\"FR\">La liste dite \u00ab   unie \u00bb qui regroupe \u00a0les sensibilit\u00e9s de gauche, les nationalistes, les   proches de la sensibilit\u00e9 religieuse et des ind\u00e9pendants et la liste des   jeunes avocats proches du Rassemblement Constitutionnel D\u00e9mocratique (RCD).   Ceux de gauche qui refusent toute alliance avec les proches de la sensibilit\u00e9   religieuse ont renonc\u00e9\u00a0 \u00e0 constituer une liste et la plupart d&rsquo;entre eux qui   avaient l&rsquo;intention de se pr\u00e9senter ont pr\u00e9f\u00e9r\u00e9 s&rsquo;abstenir.<\/span><\/p>\n<p align=\"justify\">\u00a0<\/p>\n<p align=\"justify\"><b> <span lang=\"FR\">  Repr\u00e9sentativit\u00e9<\/span><\/b><\/p>\n<p align=\"justify\">\u00a0<\/p>\n<p align=\"justify\"> <span lang=\"FR\">Dans la premi\u00e8re   liste on trouve les\u00a0 candidatures du pr\u00e9sident sortant Me Lotfi Arbi, du   secr\u00e9taire g\u00e9n\u00e9ral sortant, Me Mohamed Sa\u00efdana, du tr\u00e9sorier sortant, Me   Zouheir Ben Brahim et du membre sortant Me Mounir Ben Hmida accompagn\u00e9es   d&rsquo;autres candidatures notamment celles de Me Akram Marzouk (Sfax), de Me   Moncef Mekki ou celles de Me Heythem Kdhir (Sousse) et de Me Hatem Chelgoum.<\/span><\/p>\n<p align=\"justify\">\u00a0<\/p>\n<p align=\"justify\"> <span lang=\"FR\">La deuxi\u00e8me liste   contient les candidatures de Me Khaled Krichi, Me Leyla Ben Mahmoud, Me   Mondher Charni , Me Oula Ben Nejma, Me Samir Dilou.      \u00a0<\/span><\/p>\n<p align=\"justify\"> <span lang=\"FR\">Mais pour cette   liste les tractations continuent pour ajouter d&rsquo;autres noms notamment des   candidats des r\u00e9gions Me Khaled Krichi tient \u00e0 ce que les r\u00e9gions soient   repr\u00e9sent\u00e9es dans la liste \u00ab unie \u00bb.<\/span><\/p>\n<p align=\"justify\">\u00a0<\/p>\n<p align=\"justify\"><b> <span lang=\"FR\">  N\u00e9jib SASSI<\/span><\/b><\/p>\n<p align=\"justify\">\u00a0<\/p>\n<p align=\"justify\"> <font><b> <span lang=\"FR\">  Les noms des candidats\u00a0<\/span><span lang=\"FR\">:<\/span><\/b><\/font><\/p>\n<p align=\"justify\">\u00a0<\/p>\n<p align=\"justify\"><b> <span lang=\"EN-US\">1-   Sami Chtourou<\/span><\/b><\/p>\n<p align=\"justify\"><b> <span lang=\"EN-US\">2-   Heythem Kdhir<\/span><\/b><\/p>\n<p align=\"justify\"><b> <span lang=\"DE-CH\">3-   Hosni B\u00e9ji<\/span><\/b><\/p>\n<p align=\"justify\"><b> <span lang=\"DE-CH\">4-   Akram Marzouk<\/span><\/b><\/p>\n<p align=\"justify\"><b> <span lang=\"FR\">5-   Iheb Harrabi<\/span><\/b><\/p>\n<p align=\"justify\"><b> <span lang=\"FR\">6-   Hatem Chelgoum<\/span><\/b><\/p>\n<p align=\"justify\"><b> <span lang=\"FR\">7-   Moncef Mekki<\/span><\/b><\/p>\n<p align=\"justify\"><b> <span lang=\"FR\">8-   Mourad Dellech<\/span><\/b><\/p>\n<p align=\"justify\"><b> <span lang=\"FR\">9-   Khaled Ben Sa\u00e2d<\/span><\/b><\/p>\n<p align=\"justify\"><b> <span lang=\"FR\">10-   Sami Mohsni<\/span><\/b><\/p>\n<p align=\"justify\"><b> <span lang=\"DE-CH\">  11- Rafik Baccar<\/span><\/b><\/p>\n<p align=\"justify\"><b> <span lang=\"DE-CH\">  12- Ikram Haba\u00efli<\/span><\/b><\/p>\n<p align=\"justify\"><b> <span lang=\"EN-US\">  13- Mohamed Sahbi Missaoui<\/span><\/b><\/p>\n<p align=\"justify\"><b> <span lang=\"EN-US\">  14- Mohamed Sa\u00efdana<\/span><\/b><\/p>\n<p align=\"justify\"><b> <span lang=\"DE-CH\">  15- Zouheir Ben Ibrahim<\/span><\/b><\/p>\n<p align=\"justify\"><b> <span lang=\"DE-CH\">  16- Leila Ben Mahmoud<\/span><\/b><\/p>\n<p align=\"justify\"><b> <span lang=\"FR\">17-   Mondher Ch\u00e2arni<\/span><\/b><\/p>\n<p align=\"justify\"><b> <span lang=\"FR\">18-   Oula Ben Nejma<\/span><\/b><\/p>\n<p align=\"justify\"><b> <span lang=\"DE-CH\">  19- Oualid Ben Cheikh Arbi<\/span><\/b><\/p>\n<p align=\"justify\"><b> <span lang=\"EN-US\">  20- Samir Dillou<\/span><\/b><\/p>\n<p align=\"justify\"><b> <span lang=\"EN-US\">  21- Koutheir Boualag<\/span><\/b><\/p>\n<p align=\"justify\"><b> <span lang=\"DE-CH\">  22- Mounir Ben Smida<\/span><\/b><\/p>\n<p align=\"justify\"><b> <span lang=\"DE-CH\">  23- Lotfi Arbi<\/span><\/b><\/p>\n<p align=\"justify\"><b> <span lang=\"DE-CH\">  24- Habib Bou Omrane<\/span><\/b><\/p>\n<p align=\"justify\"><b> <span lang=\"DE-CH\">  25- Khaled Krichi <\/span><\/b><\/p>\n<p align=\"justify\"><b> <span lang=\"DE-CH\">  26- Fateh Abdennabi<\/span><\/b><\/p>\n<p align=\"justify\"><b> <span lang=\"EN-US\">  27- Borni Tlili<\/span><\/b><\/p>\n<p align=\"justify\"><b> <span lang=\"EN-US\">  28- Houcine Hajlaoui<\/span><\/b><\/p>\n<p align=\"justify\"><b> <span lang=\"DE-CH\">  29- Mohamed Ben Smida<\/span><\/b><\/p>\n<p align=\"justify\"><b> <span lang=\"DE-CH\">  30- Karim Arfaoui<\/span><\/b><\/p>\n<p align=\"justify\"><b> <span lang=\"FR\">31-   Chawki El Halfaoui<\/span><\/b><\/p>\n<p align=\"justify\">\u00a0<\/p>\n<p align=\"justify\"> <span lang=\"FR\">\u00a0<b>(Source\u00a0:   \u00ab\u00a0Le Temps\u00a0\u00bb du 27 f\u00e9vrier 2006)<\/b><\/span><\/p>\n<\/div>\n<p><\/font><\/p>\n<div>  \u00a0<\/div>\n<div>\n<hr\/>\n<\/div>\n<div> <font> <\/p>\n<p align=\"center\"><b> <span lang=\"FR\"><font size=\"3\">Malgr\u00e9   la souffrance: J\u2019offre trois jours de pri\u00e8re \u00e0 Ben Ali et Cie !<\/font><\/span><\/b><\/p>\n<p align=\"justify\">\u00a0<\/p>\n<h2 align=\"justify\" style=\"color: red;\"><span lang=\"FR\"> <font face=\"Arial\" size=\"2\">Abdo Maalaoui \/ Canada<\/font><\/span><\/h2>\n<p align=\"justify\">\u00a0<\/p>\n<p align=\"justify\"> <span lang=\"FR\">Ben Ali vient de   nous faire le plus grand cadeau depuis 1987 ! Peut importe les raisons, je ne   veux pas sp\u00e9culer ! Le temps est \u00e0 la humilit\u00e9, la r\u00e9jouissance et aux   f\u00e9licites. <\/span><\/p>\n<p align=\"justify\">\u00a0<\/p>\n<p align=\"justify\"> <span lang=\"FR\">En premier lieu,   j&rsquo;adresse mes salutations fraternelles \u00e0 mes h\u00e9ros de toujours : \u00abl\u2019\u00c9quipe de   Tunis News \u00bb, \u00e0 nos symboles de la r\u00e9sistance pacifique : le\u00a0 juge Yahyaoui,   Dr Sahbi, le libertaire Boujadi, la fr\u00eale Bensedrine, \u00e0 la grande gueule Hamma   Hamami, \u00e0 Jamel Jani &#8230; Dieu que\u00a0 la liste est longue. En r\u00e9sum\u00e9,\u00a0 \u00e0\u00a0 tous   ceux et celles qui ont milit\u00e9 contre la pens\u00e9e unique et la pens\u00e9e carr\u00e9e.   Ceux et\u00a0 celles qui ont milit\u00e9 pour une pens\u00e9e cr\u00e9ative et\u00a0 libre !!! Parmi   nous, il y a qui ont pass\u00e9 plus de temps de leur vie en prison, il y a ceux et   celles qui ont sacrifi\u00e9 leur vie.\u00a0 <\/span><\/p>\n<p align=\"justify\">\u00a0<\/p>\n<p align=\"justify\"> <span lang=\"FR\">Depuis   l&rsquo;ind\u00e9pendance, les r\u00e9gimes en place ont instaur\u00e9 la culture de la peur, ils   nous ont convaincu que les ennemis du pouvoir sont les ennemis de notre   peuple. <\/span><\/p>\n<p align=\"justify\">\u00a0<\/p>\n<p align=\"justify\"> <span lang=\"FR\">De gr\u00e2ce,   n\u2019oublions pas Salah Karkar : La premi\u00e8re pri\u00e8re\u00a0 est offerte au\u00a0 lion Salah   Karkar que le pouvoir tunisien et fran\u00e7ais a r\u00e9ussi de le briser\u00a0 qu\u2019Allah   b\u00e9ni la m\u00e8re qui l\u2019a engendr\u00e9, il a refus\u00e9 de vivre en Renard, il a choisi   d\u2019\u00eatre un Lion ! Malgr\u00e9 que nous voyons les choses diff\u00e9remment, nous avons   compris que tous les chemins m\u00e8nent \u00e0 Rome. Je n\u2019ai jamais eu la chance de le\u00a0   rencontrer en personne,\u00a0 par contre\u00a0 j\u2019ai eu la chance de lui proposer mon   aide pour qu\u2019il quitte la France,\u00a0 venir s\u2019\u00e9tablir au Canada, qu\u2019il arr\u00eate de   faire souffrir sa famille. Salah\u00a0 m\u2019a avou\u00e9 candidement que sa famille\u00a0\u00a0 lui   manquait terriblement. Oui ! j\u2019ai voulu l\u2019aider entant qu\u2019\u00eatre humain, en tant   que tunisien, parce que j\u2019ai senti sa souffrance et que c\u2019est assez !!! Je   voulais aider comme j&rsquo;ai aid\u00e9 des palestiniens, des africains, des   latino-am\u00e9ricains, etc&#8230; Je suis convaincu que Karkar est le tunisien le plus   honn\u00eate de nous tous, le tunisien qui adore\u00a0 son pays, le tunisien le plus   doux et le plus g\u00e9n\u00e9reux. Il reste que c\u2019est un lion, il est le tunisien le   plus dangereux\u00a0 pour ceux qui veulent l\u2019humilier! qui veulent le mettra \u00e0   genoux !\u00a0 <\/span><\/p>\n<p align=\"justify\">\u00a0<\/p>\n<p align=\"justify\"> <span lang=\"FR\">Il faut t\u00e9moigner   de ses hommes que le pouvoir fait tout pour, etc.\u2026C\u2019est triste,\u00a0 puisque   l\u2019histoire officielle de la Tunisie les a oubli\u00e9e, comme elle a oubli\u00e9 les   Fallagas. Je me rappelle que ces derniers ont repris de nouveau les armes   durant la guerre de Bizerte\u00a0 pour lib\u00e9rer d\u00e9finitivement la Tunisie . !!!   Parmi eux, il y a qui sont encore en vie qui peuvent t\u00e9moigner ! Quant \u00e0\u00a0 ceux   qui sont morts\u00a0 et ceux qui ont vieilli dans la pauvret\u00e9 et l\u2019oublie parce   qu\u2019ils ont refus\u00e9 de l\u00e9cher les bottes des petits chefs, des\u00a0 arrivistes,\u00a0 des   usurpateurs du pouvoir et des falsificateurs de notre histoire. <\/span><\/p>\n<p align=\"justify\">\u00a0<\/p>\n<p align=\"justify\"> <span lang=\"FR\">J\u2019offre trois   jours de pri\u00e8re \u00e0 Ben Ali, aux membres du gouvernement tunisien et \u00e0 tous ceux   qui ont fait du mal aux enfants de la Tunisie ! Je demande au Seigneur,   cr\u00e9ateur de l\u2019Univers, Sauveur de l\u2019homme de sa d\u00e9ch\u00e9ance\u00a0 et Mis\u00e9ricordieux\u00a0\u00a0   de les aider, de les aider \u00e0\u00a0 comprendre\u00a0 la Parole afin qu\u2019ils acqui\u00e8rent un   Esprit saint, pour qu\u2019aucun tunisien qui vient de na\u00eetre ou qui est entrain de   vieillir, ne souffrira plus ! \u00c0 mon \u00e2ge et avec toutes les sales exp\u00e9riences   que j\u2019ai v\u00e9cues ! Je suis convaincu que c\u2019est par l\u2019amour qu\u2019on\u00a0 peut changer   le pays, ce n\u2019est plus par le changement de r\u00e9gime ou par les armes ou par\u00a0 la   haine ou la prison ou la torture, que nous l\u00e9guons \u00e0 nos enfants un beau pays   qui est la Tunisie\u00a0 !!! <\/span><\/p>\n<p align=\"justify\">\u00a0<\/p>\n<p align=\"justify\"> <span lang=\"FR\">Mes amis militants   de longue date vont me critiquer parce que j\u2019ai\u00a0 implor\u00e9 Allah et je vais   prier trois jours\u00a0 pour Ben Ali et Cie ! De l\u2019autre c\u00f4t\u00e9, les scribes de Ben   Ali et Cie vont changer mon nom de la liste des\u00a0 opposants gauchistes\u00a0 et   m\u2019inscrire sur la liste des nouveaux\u00a0 islamistes ! Chacun de vous a raison !,  <\/span><\/p>\n<p align=\"justify\">\u00a0<\/p>\n<p align=\"justify\"> <span lang=\"FR\">Converti !!! Parce   qu\u2019\u00e0 51 ans,\u00a0 j\u2019ai d\u00e9couvert Dieu\u00a0 ! Je ne suis plus musulman par h\u00e9ritage   familial ou par tradition ou parce que c\u2019est le premier article de la   Constitution tunisienne,\u00a0 mais plut\u00f4t, j\u2019ai accept\u00e9 la Parole de Dieu ! J\u2019ai   recherch\u00e9 pourquoi j\u2019ai souffert ? J\u2019ai compris, qu\u2019est-ce que je dois faire   pour \u00eatre heureux et\u00a0 finir en harmonie ce qui me reste du chemin de ma Vie\u00a0 !  <\/span><\/p>\n<p align=\"justify\">\u00a0<\/p>\n<p align=\"justify\"> <span lang=\"FR\">Voil\u00e0 la v\u00e9rit\u00e9 de   ma r\u00e9cente\u00a0 histoire de survivant !!!<\/span><\/p>\n<p align=\"justify\">\u00a0<\/p>\n<p align=\"justify\"> <span lang=\"FR\">Rien n\u2019est plus   pr\u00e9cieux que la Libert\u00e9 et la D\u00e9mocratie ! Rien n\u2019est plus grand que la Vie !   Rien n\u2019est\u00a0 plus noble que l\u2019Amour qu\u2019on a pour autrui ! <\/span><\/p>\n<p align=\"justify\">\u00a0<\/p>\n<p align=\"justify\"> <span lang=\"FR\">J\u2019\u00e9tais mort et   Allah m\u2019a ressuscit\u00e9\u00a0 suite \u00e0 un terrible accident routier \u00e0 Ndjoli, durant   mon s\u00e9jour de coop\u00e9ration au Gabon,\u00a0 j\u2019\u00e9tais clo\u00eetr\u00e9 \u00e0 l\u2019h\u00f4pital g\u00e9n\u00e9ral de\u00a0   Libreville (Gabon) \u00e0 20 000 km loin de mes enfants, ma famille et mes amis.   J\u2019\u00e9tais seul luttant jour et nuit pour rester en vie. <\/span><\/p>\n<p align=\"justify\">\u00a0<\/p>\n<p align=\"justify\"> <span lang=\"FR\">Une nuit,\u00a0 je me   suis mis assis, j\u2019ai pleur\u00e9 fort sur mon mis\u00e9rable corps douloureux et le   destin qui m\u2019a jet\u00e9 tr\u00e8s loin. J\u2019ai hurl\u00e9 Allah en Lui demandant que j\u2019ai trop   souffert et que je voulais Lui parler, je voulais qu\u2019Il s\u2019arr\u00eate de me   \u00abniaiser\u00bb, que s\u2019Il veut, je pr\u00e9f\u00e8re qu\u2019on finisse, qu\u2019Il me prend \u00e0 ces   c\u00f4t\u00e9s, j\u2019en ai assez de cette Vie !!! ou bien qu\u2019Il me gu\u00e9ri, parce que je ne   pouvais plus !!! Je Lui demandais que je ne veux pas mourir loin de ma   Tunisie, j\u2019ai suppl\u00e9ais tous le corps m\u00e9dical\u00a0 gabonais que si je meurs je   veux \u00eatre enterrer chez moi dans mon village \u00e0 Sejnane en Tunisie. J\u2019ai perdu   33 kg, je vomissais ce que je mangeais, je ne pouvais plus marcher, je pissais   dans mon lit, le corps bris\u00e9 que les docteurs gabonais ont bricol\u00e9 !!! <\/span> <\/p>\n<p align=\"justify\">\u00a0<\/p>\n<p align=\"justify\"> <span lang=\"FR\">Pourtant, j\u2019ai 52   ans ! Qu\u2019est-ce que j\u2019ai v\u00e9cu\u00a0 en Tunisie ? Mes premiers six (6) ans b\u00e9b\u00e9 et   enfants, apr\u00e8s mes sept (7) ans d\u2019internat dans une caserne\u00a0 \u00e0 Bizerte \u00ab   prisonnier de la pauvret\u00e9 et tout le temps puni parce que j\u2019\u00e9tais un r\u00e9volt\u00e9   contre les injustices quotidiennes\u00a0 jusqu\u2019au viol physique qu\u2019on a subi\u00bb,   apr\u00e8s le cauchemar ne fait que commencer : dix (10) ans d\u2019exil \u00e0 l\u2019\u00e9poque de   Bourguiba et six (6) ans d\u2019exil\u00a0 durant la r\u00e8gne de Ben Ali ! <\/span><\/p>\n<p align=\"justify\">\u00a0<\/p>\n<p align=\"justify\"> <span lang=\"FR\">Le cauchemar n\u2019est   pas fini ! je suis encore condamn\u00e9 sans proc\u00e8s et lister au Minist\u00e8re de   l\u2019Int\u00e9rieur pourtant je n\u2019ai rien fait de criminel \u00e0 part avoir aimer   stupidement mon\u00a0 pays, j\u2019ai essay\u00e9 de me battre contre les voleurs, les   usurpateurs, les profiteurs, les faux gens d&rsquo;affaires, les arrivistes, les   voleurs, les dictateurs, les tortionnaires, les ripoux, les malades du pouvoir   de tout acabit et tous ceux qui sont pr\u00eats de nous b\u00e2illonner.\u00a0 Ceux qui   trouvent un plaisir de nous humilier, de nous torturer, de nous arracher les   ongles, de nous \u00e9lectrocuter, de nous enfoncer des bouteilles, de nous violer   ! de nous d\u00e9-humaniser ! <\/span><\/p>\n<p align=\"justify\">\u00a0<\/p>\n<p align=\"justify\"> <span lang=\"FR\">Et apr\u00e8s !!!   Quelle fiert\u00e9, qu\u2019ils ont\u00a0 tir\u00e9 ? Quelle gloire ils ont gagn\u00e9 ? Le pouvoir   n\u2019est qu\u2019une illusion,\u00a0 un jour ils vont se trouver \u00e0 la retraite comme des   vieux camions, un jour ils vont se trouver devant la vieillesse et les   maladies ! Un jour ils vont se trouver face \u00e0 face devant le miroir de\u00a0 la vie   qui va leur montrer des corps d\u2019hommes qu\u2019ils ont d\u00e9figur\u00e9s ! Un jour ils vont   se trouver devant la V\u00e9rit\u00e9 du mal qu\u2019ils ont fait ? Un jour ils vont se   trouver devant eux-m\u00eame : leur \u00e2me compl\u00e8tement \u00e9gar\u00e9\u00a0\u00a0 ? <\/span><\/p>\n<p align=\"justify\">\u00a0<\/p>\n<p align=\"justify\"> <span lang=\"FR\">Pourquoi vous nous   avez\u00a0 fait subir\u00a0 \u00e7a ? Pourtant nous sommes du m\u00eame sang ! de la m\u00eame race !   du m\u00eame ventre !\u00a0 Nous sommes des cr\u00e9ateurs d\u2019Allah qui nous a fait engendrer\u00a0   pour vivre heureux et en paix, pourquoi vous avez\u00a0 d\u00e9cid\u00e9 d\u2019y aller \u00e0   l\u2019encontre de sa Volont\u00e9 ?\u00a0\u00a0 .\u00a0 .\u00a0 <\/span><\/p>\n<p align=\"justify\">\u00a0<\/p>\n<p align=\"justify\"> <span lang=\"FR\">Tout ceux qui me   connaissent\u00a0 sont convaincus que j\u2019ai une grande gueule mais un gros c\u0153ur   aussi gros que\u00a0 la souffrance que je vis ! <\/span><\/p>\n<p align=\"justify\">\u00a0<\/p>\n<p align=\"justify\"> <span lang=\"FR\">Malgr\u00e9 cette   souffrance : Merci Ben Ali d\u2019avoir lib\u00e9rer les 1657 fr\u00e8res et s\u0153urs tunisiens,   surtout nos jeunes de Zarzis qui\u00a0 peuvent maintenant vivre en paix. <\/span> <\/p>\n<p align=\"justify\">\u00a0<\/p>\n<p align=\"justify\"> <span lang=\"FR\">En tant que vieux   tunisiens, je demande pardon \u00e0 nos jeunes de Zarzis par notre l\u00e2chet\u00e9. Nous   avons laiss\u00e9 le pouvoir les arracher. Aucun tunisien n&rsquo;a cru au montage du   dossier que la police politique a mont\u00e9 ! Je demande aux juges et procureurs   qui les ont condamn\u00e9 \u00e0 des lourdes peines, comment il font pour vivre leurs   quotidiennet\u00e9 pendant que des jeunes \u00ab\u00a0branch\u00e9s\u00a0\u00bb croupissent en prison ?\u00a0\u00a0  <\/span><\/p>\n<p align=\"justify\">\u00a0<\/p>\n<p align=\"justify\"> <span lang=\"FR\">Je lance un cri \u00e0   tous ceux et celles qui luttent pour la libert\u00e9 et la d\u00e9mocratie\u00a0 en Tunisie,\u00a0   qu\u2019il\u00a0 ne faut pas nous oublier, nous sommes des centaines de milliers de   tunisiens de la diaspora qui sont encore \u00abpriv\u00e9s\u00bb. <\/span><\/p>\n<p align=\"justify\">\u00a0<\/p>\n<p align=\"justify\"> <span lang=\"FR\">Comment faire ?   Est-il possible de voir et apr\u00e8s mourir dans la dignit\u00e9 dans son pays !!!   C\u2019est mon unique souhait\u00a0 ! <\/span><\/p>\n<p align=\"justify\">\u00a0<\/p>\n<p align=\"justify\">\u00a0<\/p>\n<h2 align=\"justify\" style=\"color: red;\"><span lang=\"FR\"> <font face=\"Arial\" size=\"2\">Abdo MAALAOUI, mba <\/font><\/span><\/h2>\n<p align=\"justify\">\u00a0<\/p>\n<p align=\"justify\"> <span lang=\"FR\">  Adresse au Canada \/ Montr\u00e9al <\/span><\/p>\n<p align=\"justify\"> <span lang=\"FR\">  \u00a0\u00a0\u00a0\u00a0\u00a0\u00a0\u00a0\u00a0\u00a0\u00a0\u00a0\u00a0\u00a0 T\u00e9l. : 1 (514) 526-09-38 <\/span><\/p>\n<p align=\"justify\"> <span lang=\"FR\">  \u00a0\u00a0\u00a0\u00a0\u00a0\u00a0\u00a0\u00a0\u00a0\u00a0\u00a0\u00a0\u00a0\u00a0 Fax : 1 (514)526-51-57 <\/span><\/p>\n<p align=\"justify\"> <span lang=\"FR\">  Adresse au Gabon \/ Libreville<\/span><\/p>\n<p align=\"justify\"> <span lang=\"FR\">  \u00a0\u00a0\u00a0\u00a0\u00a0\u00a0\u00a0\u00a0\u00a0\u00a0\u00a0\u00a0\u00a0\u00a0\u00a0 T\u00e9l. : 241-07-58-00-69 <\/span><\/p>\n<p align=\"justify\">\u00a0<\/p>\n<p align=\"justify\"> <span lang=\"FR\"><strong>E.Mail :  <\/strong><a href=\"mailto:maalaoui@yahoo.com\" target=\"_blank\" rel=\"noopener\"> <font><strong>maalaoui@yahoo.com<\/strong><\/font><\/a><strong> <\/strong><\/span><\/p>\n<p align=\"justify\"><strong><\/strong><\/p>\n<hr\/>\n<p align=\"justify\">\u00a0<\/p>\n<p align=\"center\" dir=\"ltr\"> <font size=\"3\"><strong> <st1:personname productid=\"La France\" w:st=\"on\"><u> <span lang=\"FR\"> <span lang=\"FR\">\u00a0<\/span>La France<\/span><\/u><\/st1:personname><u><span lang=\"FR\">   ne veut, ni houcine mhamdi, ni le mouvement des mains et raisons propres<\/span><\/u><\/strong><\/font><\/p>\n<p dir=\"ltr\"> <u> <span lang=\"FR\">  \u00a0<\/span><\/u><\/p>\n<p dir=\"ltr\"> <u><span lang=\"FR\"><strong>Houcine   Mhamdi Tunisie<\/strong><\/span><\/u><\/p>\n<p dir=\"ltr\"> <u> <span dir=\"rtl\" lang=\"AR-TN\">  \u00a0<\/span><\/u><\/p>\n<p dir=\"ltr\"> <u><span lang=\"FR\">  Dans notre Tunisie, des milliers de policiers et autres travaillent\u00a0 pour   notre s\u00e9curit\u00e9 surtout <\/span><\/u><\/p>\n<p dir=\"ltr\"> <u><span lang=\"FR\">  Dans les lieux de publinet.<\/span><\/u><\/p>\n<p dir=\"ltr\"> <u><span lang=\"FR\">  Cela n&rsquo;a pas suffit, des \u00e9trangers sont la pour rendre notre s\u00e9curit\u00e9 plus   efficace\u2026On prend les gens pour des\u00a0 b\u00eates en 2006?Dans notre Tunisie tout se   conna\u00eet et se dit de bouche a oreille.<\/span><\/u><\/p>\n<p dir=\"ltr\"> <u><span lang=\"FR\">1-<\/span><\/u><span lang=\"FR\">En   2001,le juge mokhtar yahyaoui a adress\u00e9 ,a travers l&rsquo;internet,une lettre   ouverte ,au pr\u00e9sident tunisien,et on a vu tout le mode courir et se mobiliser   au point que madame Mitterrand en personne,en chair et on os,s&rsquo;est d\u00e9plac\u00e9e a   tunis.<\/span><\/p>\n<p dir=\"ltr\"> <span lang=\"FR\">2-La campagne a   \u00e9t\u00e9 pr\u00e9par\u00e9e par des gens qui gravitent atour de  <st1:personname productid=\"La France\" w:st=\"on\">la France<\/st1:personname> et   de ses intentions historiques a l&rsquo;encontre de la tunisie.<\/span><\/p>\n<p dir=\"ltr\"> <span lang=\"FR\">3-Bref,la campagne   foment\u00e9e par des pseudo amateurs des droits de l&rsquo;homme,a pouss\u00e9 sadok chaabane   et autres ministres tunisiens a r\u00e9pondre le 17juillet2001 lors de la   c\u00e9l\u00e9bration de la journ\u00e9e du savoir en disant que madame mitterand n&rsquo;avait pas   le droit d&rsquo;intervenir dans nos affaires<\/span><\/p>\n<p dir=\"ltr\"> <span lang=\"FR\">4-En fin 2005 et   f\u00e9vrier 2006 j&rsquo;ai publi\u00e9 un bouquin et plus de 700 pages a travers tunisnews   dans lesquels j&rsquo;ai et je mets a nu la dictature en Tunisie dans toutes ses   politiques et ce a travers les discours,les actes,les d\u00e9cisions et\u00a0 les aveux   formul\u00e9s par des occidentaux.<\/span><\/p>\n<p dir=\"ltr\"> <span lang=\"FR\">5-Un livre   politique historique,qui avance ,au monde entier a travers ce qui est publi\u00e9   par le pr\u00e9sident et tous les responsables lors de toutes les \u00e9lections depuis   le 2avril 1989et jusqu&rsquo;\u00e0 la derni\u00e8re \u00e9lection en mai 2005.<\/span><\/p>\n<p dir=\"ltr\"> <span lang=\"FR\">6-Un livre ou il   ya toutes les mensonges, chiffres et indicateurs a propos tout ce qui est dit   par ce r\u00e9gime tunisien soutenu par  <st1:personname productid=\"La France\" w:st=\"on\">la France<\/st1:personname>   d&rsquo;hier et d&rsquo;aujourd&rsquo;hui et on parle de libert\u00e9, des droits de l&rsquo;homme, de   d\u00e9mocratie et surtout du savoir vivre\u00a0 qui vont \u00eatre inculquer en Tunisie?<\/span><\/p>\n<p dir=\"ltr\"> <span lang=\"FR\">7-Un livre, sans   pr\u00e9c\u00e9dent, r\u00e9alis\u00e9 par un tunisien qui se trouve en Tunisie, malgr\u00e9 qu&rsquo;il est   terrass\u00e9, priv\u00e9s de tous les droits, assi\u00e9g\u00e9 et n&rsquo;a m\u00eame pas de quoi nourrir   sa famille,il est arriv\u00e9 a d\u00e9crire au monde les mentalit\u00e9s criminelles de la   dite d\u00e9mocratie en Tunisie,et que le pr\u00e9sident fran\u00e7ais lui-m\u00eame en 1995 la   qualifi\u00e9e de miracle?(aujourd&rsquo;hui on fait l&rsquo;impossible afin que la moindre   somme d&rsquo;argent n&rsquo;arrive a ma personne?au contraire la dite opposition de   toutes tendances ave les d\u00e9mocrates du monde essayent plut\u00f4t travaillent de   toutes forces pour r\u00e9aliser ce sal boulot?et on parle de la lutte contre le   terrorisme?ces mentalit\u00e9s fabriquent les terroristes\u2026taisez-vous tous\u2026pour   combattre le l&rsquo;extr\u00e9misme ou assimil\u00e9 il faut qu&rsquo;il y&rsquo; aient, un style,un   homme,des id\u00e9es qui n&rsquo;\u00e9manent des corrompus ou des partis politiques   fantoches..).<\/span><\/p>\n<p dir=\"ltr\"> <span lang=\"FR\">.8-Ce jour la nous   nous sommes mis a rire,et pleurer au m\u00eame moment sur  <st1:personname productid=\"La France\" w:st=\"on\">la France<\/st1:personname> de   sartre. <\/span><\/p>\n<p dir=\"ltr\"> <span lang=\"FR\">9-Depuis le   21fevrier 2006 le livre se trouve chez la\u00a0 librairie du monde arabe et la   librairie<\/span><\/p>\n<p dir=\"ltr\"> <span lang=\"FR\">\u00a0Avvereos.<\/span><\/p>\n<p dir=\"ltr\"> <span lang=\"FR\">J&rsquo;ai bien adress\u00e9   des \u00e9mails a la quasi-totalit\u00e9 des journaux fran\u00e7ais, AFP, au parti socialiste   et aucun n&rsquo;a pris la peine de faire une simple\u00a0 allusion au livre?<\/span><\/p>\n<p dir=\"ltr\"> <span lang=\"FR\">10-C&rsquo;est la   libert\u00e9 en France.Au contraire on gonfle une opposition na\u00efve inexistante,   travaillant avec des m\u00e9thodes archa\u00efques et d\u00e9pass\u00e9s. On a fait l&rsquo;impossible   lors de la tenue du sommet SMSI en novembre dernier pour donner des ailes a   des corbeaux maigres et ch\u00e9tifs\u2026Et on m\u00eame temps ignore ma propre personne et   des centaines bien que j&rsquo;ai envoy\u00e9e une lettre ouverte depuis ao\u00fbt et autres a   travers les m\u00e9dias fran\u00e7ais et surtout les cha\u00eenes de t\u00e9l\u00e9vision \u2026Tu n&rsquo;es pas   avec nous. Nous voulons que ben reste ou a d\u00e9faut un autre maniable\u2026<\/span><\/p>\n<p dir=\"ltr\"> <span lang=\"FR\">\u00a011-Le pire est   l\u00e0.On ne veut que ma personne avoir de ses cotes des gens afin de rendre<\/span><\/p>\n<p dir=\"ltr\"> <span lang=\"FR\">l&rsquo;id\u00e9e des mains   et raisons propres voisines de z\u00e9ro? Monsieur Mhamdi, veuillez nous laisser<\/span><\/p>\n<p dir=\"ltr\"> <span lang=\"FR\">nos amis   tranquille? Nous connaissons a la perfection qu&rsquo;ils ne repr\u00e9sentent rien, et   ceci nous facilite le commandement de chez nous. Ici j&rsquo;ai entendu que tout a   \u00e9t\u00e9 convenu et que ben ali en personne n&rsquo;y pouvait rien faire? Nous on pourra   faire. Plut\u00f4t on a beaucoup fait.<\/span><\/p>\n<p dir=\"ltr\"> <span lang=\"FR\">12-Monsieur   Mhamdi,  <st1:personname productid=\"la Tunisie\" w:st=\"on\">la Tunisie<\/st1:personname>   est a nous.C&rsquo;est tout ce qui nous reste.L&rsquo;alg\u00e9rie est partie,le Maroc\u2026Nous les   Tunisiens cette fois-ci on ne va pas \u00eatre a la merci de quiconque.<\/span><\/p>\n<p dir=\"ltr\"> <span lang=\"FR\">13-Mon livre a   avanc\u00e9 la morale et la responsabilit\u00e9 de\u00a0 ces d\u00e9mocrates qui viennent   t\u00e9moigner des \u00e9lections qui n&rsquo;existent pas et le qualifier de d\u00e9mocratiques   devant nos yeux.<\/span><\/p>\n<p dir=\"ltr\"> <span lang=\"FR\">14-Mon livre a mis   aussi a nu les m\u00e9dias dans un pays de d\u00e9mocratie et de libert\u00e9 et au moment ou   on nous dit jour et nuit\u2026nous combattons le terrorisme et le fanatisme..<\/span><\/p>\n<p dir=\"ltr\"> <span lang=\"FR\">15-Le terrorisme   avec des comportements pareils va recruter les intelligents,les int\u00e8gres et   les hommes de convictions et surtout ceux qui refusent la corruption,les   fraudes et les \u00e9critures et aveux pay\u00e9es aux frais de la princesse. <\/span> <\/p>\n<p dir=\"ltr\"> <span lang=\"FR\">16-Ni journal, ni   cha\u00eene de t\u00e9l\u00e9vision ni autres non vu ou entendu ou re\u00e7u des emails? Pauvre<\/span><\/p>\n<p dir=\"ltr\"> <span lang=\"FR\">libetr\u00e9.<u><span>Pour   esp\u00e9rer avoir la moindre allusion a mon livre,je dois imm\u00e9diatement d\u00e9clarer   \u00eatre du cot\u00e9 de  <st1:personname productid=\"La France\" w:st=\"on\">la France<\/st1:personname>,adh\u00e9rer   a un parti fantoche,r\u00e9diger des articles terribles a propos des USA<\/span><\/u><\/span><\/p>\n<p dir=\"ltr\"> <u><span lang=\"FR\">  d\u00e9clarer ne plus avoir l&rsquo;intention de se pr\u00e9senter pour les pr\u00e9sidentielles en   Tunisie et surtout<\/span><\/u><\/p>\n<p dir=\"ltr\"> <u><span lang=\"FR\">  oublier l&rsquo;histoire du mouvement des mains et raisons propres. Vive  <st1:personname productid=\"la France. Vive\" w:st=\"on\">la France. Vive<\/st1:personname>   la d\u00e9mocratie<\/span><\/u><\/p>\n<p dir=\"ltr\"> <span lang=\"FR\">17-Je dis aux\u00a0   Fran\u00e7ais et Fran\u00e7aises, aux hommes de libert\u00e9,le livre est d\u00e9di\u00e9 a vous afin   que vous sachiez votre politique ext\u00e9rieure et quels genres de gouvernements   votre r\u00e9gime vient de soutenir et dire par la suite dans 3ou 4ans qui sera du   cot\u00e9 de  <st1:personname productid=\"La France\" w:st=\"on\">la France<\/st1:personname>?   Les dictateurs, les partis fantoches ou des fanatiques? Le reste c&rsquo;est   totalement contre votre politique et vos int\u00e9r\u00eats.<\/span><\/p>\n<p dir=\"ltr\"> <span lang=\"FR\">18-Qui va   combattre par\u00a0 la plume et les programmes r\u00e9els les sectaires, fanatiques? Qui   va r\u00e9aliser une d\u00e9mocratie en Tunisie avec tous les Tunisiens? N&rsquo;est ce pas  <st1:personname productid=\"La France\" w:st=\"on\">la France<\/st1:personname>   veut que les islamistes participent aux \u00e9lections (c&rsquo;est leurs droits)?   Comment pourra-t-il se r\u00e9aliser alors que  <st1:personname productid=\"La France\" w:st=\"on\">la France<\/st1:personname>   soutienne une opposition qui n&rsquo;existent pas d&rsquo;une part et un r\u00e9gime corrompu   et ex\u00e9crable de l&rsquo;autre cote? Dans ce cas on veut l&rsquo;anarchie et non pas la   d\u00e9mocratie et ce qu&rsquo;a fait Moubarak lors des derni\u00e8res \u00e9lections et on va dire   a ce moment..Moubarek et non les fr\u00e8res.<\/span><\/p>\n<p dir=\"ltr\"> <span lang=\"FR\">19-Les \u00e9lections   de 2009 commencent des aujourd&rsquo;hui .Elles commencent par mon livre,ne\u00a0 <\/span> <\/p>\n<p dir=\"ltr\"> <span lang=\"FR\">plus t\u00e9moigner en   faveur des dictateurs,ouvrir les medias afin qu&rsquo;on puisse parler et donner a   vos pr\u00e9f\u00e8res(r\u00e9gime et opposition)90 pour cent du temps et a nous le reste.,<u><span>me   donner l&rsquo;occasion de venir en France et pr\u00e9senter mon livre devant les   medias,les centres d&rsquo;\u00e9tudes,les universit\u00e9s et les corps diplomatiques   accr\u00e9dites en France afin qu&rsquo;ils sachent les causes fondamentales de   l&rsquo;industrie du terrorisme<\/span><\/u>.<\/span><\/p>\n<p dir=\"ltr\"> <span lang=\"FR\">\u00a0<u><span>Ici   et au grand maximum Isra\u00ebl va se rendre compte qu&rsquo;elle a commis\u00a0 toutes les   gaffes possibles et impossibles en croyant que Moubarak,Ben ali et autres   travaillent pour la paix.<\/span><\/u><\/span><\/p>\n<p dir=\"ltr\"> <span lang=\"FR\">20-La paix pour   Isra\u00ebl, les Palestiniens,et autres pays limitrophes se r\u00e9alisera par des   d\u00e9mocrates.<\/span><\/p>\n<p dir=\"ltr\"> <span lang=\"FR\">\u00a0Les r\u00e9gimes   arabes en place tirent profits d&rsquo;israel et du sang\u00a0 qui coulent et font   l&rsquo;impossible<\/span><\/p>\n<p dir=\"ltr\"> <span lang=\"FR\">Afin que l&rsquo;iraq   devienne un bastion de terreur ne serai- ce que pour prouver aux USA que nous   sommes loin de la libert\u00e9 et qu&rsquo;avec les dictateurs c&rsquo;\u00e9tait le calme.<\/span><\/p>\n<p dir=\"ltr\"> <span lang=\"FR\">\u00a0Ici des   occidentaux sont et travaillent pour des id\u00e9es pareilles. Nous ne sommes plus   betes.<\/span><\/p>\n<p dir=\"ltr\"> <span lang=\"FR\">21-Dans cet esprit   j&rsquo;ai mis mon livre. A prendre les id\u00e9es. Ou a ne plus nous parler de<\/span><\/p>\n<p dir=\"ltr\"> <span lang=\"FR\">ben laden et   autres. Le temps de la dictature est r\u00e9volu. Ne jouer plus sur les islamistes.<\/span><\/p>\n<p dir=\"ltr\"> <u><span lang=\"FR\">  POUR moi en tant que lib\u00e9ral que tout le monde aura les m\u00eames chances et que   celui qui arrive a convaincre les votants nous guide. La dictature est la   seule cause de l&rsquo;industrie du terrorisme. On ne va pas combattre l&rsquo;un l&rsquo;autre   de  <st1:personname productid=\"La France\" w:st=\"on\">la France<\/st1:personname>?<\/span><\/u><\/p>\n<p dir=\"ltr\"> <u><span lang=\"FR\">En   conclusion.<\/span><\/u><\/p>\n<p dir=\"ltr\"> <u><span lang=\"FR\">Le r\u00e9gime se   d\u00e9compose.La dite opposition se trouve a chaque pas, article ou livre dans   l&rsquo;obligation de courir et de crier\u2026J&rsquo;ai vraiment piti\u00e9 pour eux\u2026La politique   est un style et une personne.Ceux qui croyaient que le temps des changements   en Tunisie n&rsquo;est pas a l&rsquo;ordre du jour? Ont vite cri\u00e9? Les autres ont d\u00e9cr\u00e9t\u00e9   la gr\u00e8ve de la faim pour attirer l&rsquo;attention des visiteurs de notre pays?   Obligeant leurs amis occidentaux a venir a leurs secours?<\/span><\/u><\/p>\n<p dir=\"ltr\"> <u><span lang=\"FR\">Que le   gouvernement tunisien ordonne a ses journaux de publier les mandats, les   sommes d&rsquo;argent qui arrivent a x et a y, afin que toutes les v\u00e9rit\u00e9s soient   mises devant les tunisiens et tunisiennes d&rsquo;une part et que les chances de   militantisme soient d&rsquo;autre part les mieux partag\u00e9es entre nous tous.<\/span><\/u><\/p>\n<p dir=\"ltr\"> <u><span lang=\"FR\">Des personnes   jouissent des partis politiques, de l&rsquo;argent, d&rsquo;un journal et crient?Un   journal de l&rsquo;opposition qui travaille a l&rsquo;image d&rsquo;\u00e9chouruk,essarih,elhadeth et   autres\u2026Tout ceci en l&rsquo;absence de notre apparition ne saurait jamais connu par   l&rsquo;int\u00e9rieur et l&rsquo;ext\u00e9rieur,comme me l&rsquo;a dit un grand homme.<\/span><\/u><\/p>\n<p dir=\"ltr\"> <u><span lang=\"FR\">Entre se servir   d&rsquo;un parti,ami,alli\u00e9 et servir la libert\u00e9 il ya tout un monde.Nous avons   choisi le<\/span><\/u><\/p>\n<p dir=\"ltr\"> <u><span lang=\"FR\">Deuxi\u00e8me chemin   et nous travaillons avec des moyens de bord voisine de z\u00e9ro et pourtant..<\/span><\/u><\/p>\n<p dir=\"ltr\"> <u><span lang=\"FR\">Donnez nous un   journal et un parti et express\u00e9ment je le dis..<st1:personname productid=\"la Tunisie\" w:st=\"on\">la   Tunisie<\/st1:personname> sera un oasis de libert\u00e9<\/span><\/u><\/p>\n<p dir=\"ltr\"> <u><span lang=\"FR\">Et de   d\u00e9mocratie.Une terre ou la violence\u00a0 sera la chose la plus haie et rejetter de   tous les tunisiens.<\/span><\/u><\/p>\n<p dir=\"ltr\"> <u><span lang=\"FR\"> <a href=\"mailto:Houcine_mhamdi@yahoo.fr\">Houcine_mhamdi@yahoo.fr<\/a><\/span><\/u><\/p>\n<p dir=\"ltr\"> <u><span lang=\"FR\">  \u00a0Homme politique prives de carte d&rsquo;identit\u00e9, de passeport, de contacts et bien   gard\u00e9\u2026.par le gouvernement et la dite opposition a l&rsquo;int\u00e9rieur et a   l&rsquo;ext\u00e9rieur? Pourquoi? <\/span><\/u><\/p>\n<p><\/font><\/div>\n<div>\n<hr\/>\n<\/div>\n<div> <font> <\/p>\n<p align=\"center\"><b> <span lang=\"FR\"><font size=\"3\">Le   r\u00e9dacteur en chef d&rsquo;un magazine finlandais licenci\u00e9 pour avoir publi\u00e9 une   bande dessin\u00e9e repr\u00e9sentant Mahomet<\/font><\/span><\/b><\/p>\n<p align=\"justify\">\u00a0<\/p>\n<p align=\"justify\"><b> <span lang=\"FR\">  Olivier Truc<\/span><\/b><\/p>\n<p align=\"justify\">\u00a0<\/p>\n<p align=\"justify\"><i><u> <span lang=\"FR\">STOCKHOLM   CORRESPONDANCE<\/span><\/u><\/i><\/p>\n<p align=\"justify\">\u00a0<\/p>\n<p align=\"justify\"> <span lang=\"FR\">Jussi Vilkuna, 45   ans, r\u00e9dacteur en chef du petit magazine culturel finlandais Kaltio, dans le   nord-ouest de la Finlande, est la derni\u00e8re victime de l&rsquo;affaire des   caricatures de Mahomet. Il a \u00e9t\u00e9 licenci\u00e9, vendredi 24 f\u00e9vrier. Kaltio avait   publi\u00e9, le 20 f\u00e9vrier, sur son site internet, une bande dessin\u00e9e de cinq pages   du dessinateur Ville Ranta, mettant en sc\u00e8ne un Mahomet masqu\u00e9. \u00ab\u00a0Le pr\u00e9sident   du conseil d&rsquo;administration de Kaltio m&rsquo;a demand\u00e9 de les retirer car il   pensait qu&rsquo;elles pouvaient offenser quelqu&rsquo;un, raconte Jussi Vilkuna : j&rsquo;ai   r\u00e9pondu que c&rsquo;\u00e9tait impossible. Et le lendemain, j&rsquo;ai \u00e9t\u00e9 renvoy\u00e9.\u00a0\u00bb Des   sponsors, parmi lesquels les compagnies d&rsquo;assurances Tapiola et Pohjola, ainsi   que le groupe financier Sampo, avaient retir\u00e9, jeudi, leur soutien au journal.   Les dessins ont, depuis, disparu du site.<\/span><\/p>\n<p align=\"justify\">\u00a0<\/p>\n<p align=\"justify\"> <span lang=\"FR\">\u00ab\u00a0Ce sont les   sponsors qui ont un peu paniqu\u00e9, estime Ville Ranta, collaborateur de Kaltio   depuis quatre ans et auteur de cette s\u00e9rie de dessins : dans mon histoire, le   proph\u00e8te Mahomet a une discussion avec le dessinateur &#8211; moi &#8211; sur la libert\u00e9   d&rsquo;expression.\u00a0\u00bb\u00a0 Dans la bande dessin\u00e9e, le dessinateur avoue sa peur de   repr\u00e9senter Mahomet et se plaint au proph\u00e8te de ne pouvoir le repr\u00e9senter sans   \u00eatre menac\u00e9. \u00ab\u00a0C&rsquo;est notre droit tout autant que c&rsquo;est votre droit de pratiquer   votre religion\u00a0\u00bb, dit-il, en suppliant Mahomet de ne pas tuer sa famille. Plus   loin, le dessinateur rencontre la pr\u00e9sidente, le premier ministre et le   ministre des affaires \u00e9trang\u00e8res finlandais en train de br\u00fbler un drapeau   danois et de demander pardon aux musulmans. De fait, ces responsables   finlandais, apr\u00e8s avoir adopt\u00e9 une ligne critique vis-\u00e0-vis du gouvernement   danois, se sont excus\u00e9s apr\u00e8s la publication sur le site internet d&rsquo;un   mouvement extr\u00e9miste, Suomen Sisu, des caricatures du journal danois   Jyllands-Posten.<\/span><\/p>\n<p align=\"justify\">\u00a0<\/p>\n<p align=\"justify\"><b> <span lang=\"FR\">  \u00ab\u00a0TRADITION DE SILENCE\u00a0\u00bb<\/span><\/b><\/p>\n<p align=\"justify\">\u00a0<\/p>\n<p align=\"justify\"> <span lang=\"FR\">Ces excuses   avaient provoqu\u00e9 un d\u00e9bat en Finlande, certains estimant que les responsables   finlandais \u00e9taient all\u00e9s trop loin. \u00ab\u00a0Ce sont ces propos qui m&rsquo;ont choqu\u00e9 et   pouss\u00e9 \u00e0 faire cette bande dessin\u00e9e, explique Ville Ranta : je pense que l&rsquo;on   doit clairement d\u00e9fendre la libert\u00e9 d&rsquo;expression. Mais il existe une tradition   finlandaise d&rsquo;avoir peur de se m\u00ealer des probl\u00e8mes internationaux. C&rsquo;est   l&rsquo;h\u00e9ritage de la \u00ab\u00a0finlandisation\u00a0\u00bb, marqu\u00e9e par les relations avec l&rsquo;Union   sovi\u00e9tique. Le conseil d&rsquo;administration du journal en est l&rsquo;illustration. Ce   sont des gens plut\u00f4t vieux et pas tr\u00e8s courageux qui sont dans cette tradition   de silence tr\u00e8s profonde. Mais maintenant, nous sommes dans l&rsquo;Union   europ\u00e9enne, et il faut en faire partie aussi sur les sujets difficiles.\u00a0\u00bb<\/span><\/p>\n<p align=\"justify\">\u00a0<\/p>\n<p align=\"justify\"> <span lang=\"FR\">Harri Kynn\u00f6s,   pr\u00e9sident du conseil d&rsquo;administration de Kaltio, d\u00e9ment avoir subi des   pressions des annonceurs : \u00ab\u00a0Ils m&rsquo;en ont parl\u00e9, mais la principale raison qui   nous a pouss\u00e9 \u00e0 renvoyer notre r\u00e9dacteur en chef est qu&rsquo;on ne veut pas que ces   dessins cr\u00e9ent des probl\u00e8mes \u00e0 des gens. C&rsquo;est une mesure de pr\u00e9caution.\u00a0\u00bb   \u00ab\u00a0Cela montre \u00e0 quel point on s&rsquo;autocensure trop en Finlande \u00e0 cause de cette   tradition consensuelle, critique Jussi Vilkuna : mon renvoi est une histoire   finlandaise, car rien, dans ces dessins, n&rsquo;insultait les musulmans.\u00a0\u00bb<\/span><\/p>\n<p align=\"justify\">\u00a0<\/p>\n<p align=\"justify\"><b> <span lang=\"FR-CH\">  (Source\u00a0: \u00ab\u00a0Le Monde\u00a0\u00bb <\/span> <span lang=\"FR\">du   1<sup>er<\/sup> Mars 2006) <\/span><\/b><\/p>\n<p><\/font><\/div>\n<p><\/span><\/p>\n<hr dir=\"ltr\"\/>\n<p align=\"center\" dir=\"ltr\"><b><a href=\"https:\/\/tunisnews.net\/ar\/\"><span>Home<\/span><span lang=\"FR-CH\"> &#8211; Accueil <\/span><span>&#8211; <\/span><span dir=\"rtl\" lang=\"AR-SA\">\u0627\u0644\u0631\u0626\u064a\u0633\u064a\u0629<\/span><\/a><\/b><\/p>\n<p><\/body><\/body><\/html><\/p>","protected":false},"excerpt":{"rendered":"<p>Home &#8211; Accueil &#8211; \u0627\u0644\u0631\u0626\u064a\u0633\u064a\u0629 TUNISNEWS 6\u00a0\u00e8me\u00a0ann\u00e9e, N\u00b0\u00a02108 du 28.02.2006 \u00a0archives : www.tunisnews.net Voix Libre: Communiqu\u00e9 Kalima: Lib\u00e9ration des internautes de Zarzis et de Hamadi Jebali Reuters: Arrestation d&rsquo;un islamiste (tunisien, NDLR) pr\u00e9sum\u00e9 en Espagne du Sud AP: Grippe aviaire: les passagers du \u00ab\u00a0M\u00e9diterran\u00e9e\u00a0\u00bb confin\u00e9s quelques heures dans le navire Le Temps: Corps de m\u00e9tier: [&hellip;]<\/p>\n","protected":false},"author":1,"featured_media":22040,"comment_status":"open","ping_status":"open","sticky":false,"template":"","format":"standard","meta":{"inline_featured_image":false,"site-sidebar-layout":"default","site-content-layout":"","ast-site-content-layout":"default","site-content-style":"default","site-sidebar-style":"default","ast-global-header-display":"","ast-banner-title-visibility":"","ast-main-header-display":"","ast-hfb-above-header-display":"","ast-hfb-below-header-display":"","ast-hfb-mobile-header-display":"","site-post-title":"","ast-breadcrumbs-content":"","ast-featured-img":"","footer-sml-layout":"","ast-disable-related-posts":"","theme-transparent-header-meta":"","adv-header-id-meta":"","stick-header-meta":"","header-above-stick-meta":"","header-main-stick-meta":"","header-below-stick-meta":"","astra-migrate-meta-layouts":"default","ast-page-background-enabled":"default","ast-page-background-meta":{"desktop":{"background-color":"","background-image":"","background-repeat":"repeat","background-position":"center center","background-size":"auto","background-attachment":"scroll","background-type":"","background-media":"","overlay-type":"","overlay-color":"","overlay-opacity":"","overlay-gradient":""},"tablet":{"background-color":"","background-image":"","background-repeat":"repeat","background-position":"center center","background-size":"auto","background-attachment":"scroll","background-type":"","background-media":"","overlay-type":"","overlay-color":"","overlay-opacity":"","overlay-gradient":""},"mobile":{"background-color":"","background-image":"","background-repeat":"repeat","background-position":"center center","background-size":"auto","background-attachment":"scroll","background-type":"","background-media":"","overlay-type":"","overlay-color":"","overlay-opacity":"","overlay-gradient":""}},"ast-content-background-meta":{"desktop":{"background-color":"var(--ast-global-color-5)","background-image":"","background-repeat":"repeat","background-position":"center center","background-size":"auto","background-attachment":"scroll","background-type":"","background-media":"","overlay-type":"","overlay-color":"","overlay-opacity":"","overlay-gradient":""},"tablet":{"background-color":"var(--ast-global-color-5)","background-image":"","background-repeat":"repeat","background-position":"center center","background-size":"auto","background-attachment":"scroll","background-type":"","background-media":"","overlay-type":"","overlay-color":"","overlay-opacity":"","overlay-gradient":""},"mobile":{"background-color":"var(--ast-global-color-5)","background-image":"","background-repeat":"repeat","background-position":"center center","background-size":"auto","background-attachment":"scroll","background-type":"","background-media":"","overlay-type":"","overlay-color":"","overlay-opacity":"","overlay-gradient":""}},"footnotes":""},"categories":[],"tags":[54,37,29],"class_list":["post-18714","post","type-post","status-publish","format-standard","has-post-thumbnail","hentry","tag-54","tag-37","tag-fr"],"_links":{"self":[{"href":"https:\/\/tunisnews.net\/ar\/wp-json\/wp\/v2\/posts\/18714","targetHints":{"allow":["GET"]}}],"collection":[{"href":"https:\/\/tunisnews.net\/ar\/wp-json\/wp\/v2\/posts"}],"about":[{"href":"https:\/\/tunisnews.net\/ar\/wp-json\/wp\/v2\/types\/post"}],"author":[{"embeddable":true,"href":"https:\/\/tunisnews.net\/ar\/wp-json\/wp\/v2\/users\/1"}],"replies":[{"embeddable":true,"href":"https:\/\/tunisnews.net\/ar\/wp-json\/wp\/v2\/comments?post=18714"}],"version-history":[{"count":0,"href":"https:\/\/tunisnews.net\/ar\/wp-json\/wp\/v2\/posts\/18714\/revisions"}],"wp:featuredmedia":[{"embeddable":true,"href":"https:\/\/tunisnews.net\/ar\/wp-json\/wp\/v2\/media\/22040"}],"wp:attachment":[{"href":"https:\/\/tunisnews.net\/ar\/wp-json\/wp\/v2\/media?parent=18714"}],"wp:term":[{"taxonomy":"category","embeddable":true,"href":"https:\/\/tunisnews.net\/ar\/wp-json\/wp\/v2\/categories?post=18714"},{"taxonomy":"post_tag","embeddable":true,"href":"https:\/\/tunisnews.net\/ar\/wp-json\/wp\/v2\/tags?post=18714"}],"curies":[{"name":"wp","href":"https:\/\/api.w.org\/{rel}","templated":true}]}}