{"id":18702,"date":"2008-01-16T00:00:00","date_gmt":"2008-01-16T00:00:00","guid":{"rendered":"https:\/\/tunisnews.net\/16-janvier-2008\/"},"modified":"2008-01-16T00:00:00","modified_gmt":"2008-01-16T00:00:00","slug":"16-janvier-2008","status":"publish","type":"post","link":"https:\/\/tunisnews.net\/ar\/16-janvier-2008\/","title":{"rendered":"16 janvier 2008"},"content":{"rendered":"<p><html><head><meta content=\"text\/html\" description=\"Pour les internautes\u00a0se connectant                             depuis la Tunisie,\u00a0il est fort possible que l'acc\u00e8s                             \u00e0 notre\u00a0site soit bloqu\u00e9 pour les raisons connues                             par tous. Dans ce cas la seule mani\u00e8re de se                             procurer notre hebdomadaire est de le demander\u00a0\u00e0                             votre marchand de journaux. Vous contribuerez ainsi                             \u00e0 aider financi\u00e8rement notre parti qui en a besoin                             dans ces temps difficiles.\" http-equiv=\"Content-Type\"\/><\/head><body><body><\/p>\n<p align=\"center\" dir=\"ltr\"><b><a href=\"https:\/\/tunisnews.net\/ar\/\"><span>Home<\/span><span lang=\"FR-CH\"> &#8211; Accueil <\/span><span>&#8211;<\/span><\/a><\/b><\/p>\n<p> <font face=\"Arial\" size=\"2\"><\/p>\n<div align=\"justify\" dir=\"ltr\">\n<div align=\"left\">\n<div align=\"justify\">\n<div align=\"justify\">\n<div>\n<div align=\"center\" dir=\"ltr\">\n<div align=\"left\"> <font face=\"Arial\"> <\/p>\n<div align=\"justify\" dir=\"ltr\"> <span lang=\"FR\"> <\/p>\n<div align=\"left\"> <font size=\"2\"> <span lang=\"FR\"> <\/p>\n<div> <font face=\"Arial\" size=\"2\"> <\/p>\n<div align=\"justify\" dir=\"ltr\">\n<div align=\"left\">\n<div align=\"justify\">\n<div align=\"justify\">\n<div>  <\/div>\n<p> <span lang=\"FR\"> <\/p>\n<div align=\"center\" dir=\"ltr\"> <font size=\"7\"> <span lang=\"SV\"> <strong>TUNISNEWS<\/strong><\/span> <\/font> <\/div>\n<div align=\"center\" dir=\"ltr\"> <strong><font size=\"2\">                              8\u00a0\u00e8me\u00a0ann\u00e9e, <span lang=\"FR\">N\u00b0 \u00a02793 du                               16.01.2008<\/span><\/font><\/strong><\/div>\n<p> <strong> <\/p>\n<div align=\"center\" dir=\"ltr\"> <b><span><blink> <font size=\"2\">\u00a0archives : <\/font> <a href=\"\" target=\"_blank\" rel=\"noopener\"> <font size=\"2\" target=\"_blank\">                              www.tunisnews.net<\/font><\/a><\/blink><\/span><\/b><font size=\"2\"> <\/font> <span lang=\"FR-CH\"> <span lang=\"FR\"> <span dir=\"rtl\" lang=\"FR\"> <span lang=\"FR-CH\"><font> <font><font> <font> <\/font><\/font><\/font><\/font><\/span><\/span><\/span><\/span><\/div>\n<p> <\/strong><\/span> <font face=\"Arial\"> <\/p>\n<div align=\"center\" dir=\"ltr\"> <strong><font><\/p>\n<hr\/>\n<p><\/font><\/strong> <\/div>\n<p> <span lang=\"FR\"> <font size=\"3\"> <span lang=\"FR-CH\"> <\/p>\n<div> <strong><\/p>\n<h2 style=\"color: red;\"><font>AFP: Tunisie: les                               enseignants en gr\u00e8ve<\/font><\/h2>\n<p><\/strong> <\/div>\n<div> <strong><font>Patriote: Congr\u00e8s                               constitutif du Syndicat National des Journalistes                               Tunisiens :Une belle le\u00e7on de maturit\u00e9 et d&rsquo;espoi<\/font><\/strong><\/div>\n<div> <strong><\/p>\n<p><font>Jeune Afrique:p                               DROIT DE REPONSE\u2026 \u00e0 l\u2019ambassade de Tunisie en                               France<\/font><\/p>\n<p><\/strong><\/div>\n<div> <font><strong>AFP: <\/strong> <span lang=\"FR\"><strong>Attentats: Alger critique                               la d\u00e9cision ONU de cr\u00e9er une commission d&rsquo;enqu\u00eate<\/strong><\/span><\/font><\/div>\n<p> <\/span><\/font><\/span><\/font> <\/p>\n<div> <font face=\"Arial\"> <span lang=\"FR\"> <span> <font size=\"3\"> <span lang=\"FR-CH\"> <font size=\"3\"> <\/p>\n<p align=\"center\" dir=\"ltr\">\u00a0<\/p>\n<p> <strong><\/p>\n<hr\/>\n<p><\/strong><\/font><\/span><\/font><\/span> <\/span> <span lang=\"FR\"> <span> <font size=\"3\"> <span lang=\"FR-CH\"> <\/span><\/font><\/span><\/span><\/font><\/div>\n<p> <span lang=\"AR-SA\"> <font> <\/p>\n<p align=\"center\"> <strong> <span lang=\"EN-GB\"> <font size=\"3\">Le num\u00e9ro 45 de Mouwatinoun<\/font><\/span><\/strong><\/p>\n<p> <span dir=\"ltr\" lang=\"EN-GB\"> <\/p>\n<p align=\"center\"><font size=\"2\"><strong>organe du                             Forum D\u00e9mocratique est maintenant disponible chez                             votre marchand de journaux.<\/strong><\/font><\/p>\n<p><font size=\"2\">Vous pouvez visualiser la totalit\u00e9                             de son contenu \u00e0 partir de dimanche soir en cliquant                             sur ce lien : <\/font> <a href=\"http:\/\/www.fdtl.org\/IMG\/pdf\/mouwatinoun_45.pdf\" rel=\"nofollow noopener\" target=\"_blank\"> <font size=\"2\">                            http:\/\/www.fdtl.org\/IMG\/pdf\/mouwatinoun_45.pdf<\/font><\/a><\/p>\n<p><font size=\"2\">Pour les internautes\u00a0se connectant                             depuis la Tunisie,\u00a0il est fort possible que l&rsquo;acc\u00e8s                             \u00e0 notre\u00a0site soit bloqu\u00e9 pour les raisons connues                             par tous. Dans ce cas la seule mani\u00e8re de se                             procurer notre hebdomadaire est de le demander\u00a0\u00e0                             votre marchand de journaux. Vous contribuerez ainsi                             \u00e0 aider financi\u00e8rement notre parti qui en a besoin                             dans ces temps difficiles.<\/font><\/p>\n<p><font size=\"2\">Cordialement,<\/font><\/p>\n<p><font size=\"2\">Le webmaster du FDTL (<\/font><a href=\"http:\/\/www.fdtl.org\/\" rel=\"nofollow noopener\" target=\"_blank\"><font size=\"2\">www.fdtl.org<\/font><\/a><font size=\"2\">)<\/font><\/p>\n<p><\/span> <span dir=\"rtl\" lang=\"AR-SA\">  <\/p>\n<hr\/>\n<div align=\"center\"> <strong><font>C.R.L.D.H.Tunisie                               <\/font><\/strong>Comit\u00e9 pour le Respect des                               Libert\u00e9s et des Droits de l\u2019Homme en Tunisie                               Membre du R\u00e9seau Euro m\u00e9diterran\u00e9en des Droits de                               l\u2019Homme                               21 ter rue Voltaire \u2013 FR-75011 PARIS\u00a0 &#8211; Tel\/Fax :                               00.33. (0)1.43.72.97.34                               contact@crldht.org \/                              <a href=\"http:\/\/www.crldht.org\" target=\"_blank\" rel=\"noopener\">www.crldht.org<\/a><\/div>\n<div align=\"center\" dir=\"ltr\"> <strong><font size=\"3\">INVITATION<\/font><\/strong> <\/div>\n<div align=\"center\" dir=\"ltr\">                               \u00a0<\/div>\n<div align=\"left\" dir=\"ltr\">                              \u00a0<\/div>\n<p><font> <\/p>\n<p dir=\"ltr\"> <font>Le CRLDHT a pris l\u2019initiative                             d\u2019organiser tout le long de l\u2019ann\u00e9e 2008, une s\u00e9rie                             de rencontres politiques avec les diff\u00e9rents acteurs                             tunisiens sur l\u2019\u00e9ch\u00e9ance de 2009.                                                           Ces rencontres seront des moments privil\u00e9gi\u00e9s de                             r\u00e9flexions et d\u2019\u00e9changes entre Tunisiens sur la                             situation politique actuelle et future, en rapport                             avec les prochaines \u00e9lections pr\u00e9sidentielles et                             l\u00e9gislatives.                                                           A cette occasion, le CRLDHT vous invite, toutes et                             tous, \u00e0 prendre part au d\u00e9bat organis\u00e9 avec nos                             camarades et amis,<font> <\/font> <strong><font>M. Mustapha Ben JAAFAR<\/font>,<\/strong>                             secr\u00e9taire g\u00e9n\u00e9ral du Forum d\u00e9mocratique pour le                             travail et les libert\u00e9s (FDTL),                            <span><strong> <font>M. Khalil EZZAOUIA<\/font><\/strong><\/span>,                             membre du bureau politique et <strong> <font>M. Abdeljalil BEDOUI<\/font><\/strong><span lang=\"FR\">,                             \u00e9conomiste universitaire et militant alter                             mondialiste.\u00a0\u00a0 <\/span><\/font><\/p>\n<p dir=\"ltr\"> <strong>Le Vendredi 18 janvier 2008 \u00e0 partir de                             18h30<\/strong><span lang=\"FR\">                             Dans les locaux de la FTCR, 3 rue de Nantes 75019                             Paris                             M\u00e9tro CRIMEE ligne 7<\/span><\/p>\n<p dir=\"ltr\"> <strong><font size=\"3\">\u00a0<\/font><\/strong><\/p>\n<\/p>\n<p><\/font><\/p>\n<p><\/span>\u00a0                            <span dir=\"rtl\" lang=\"AR-SA\"> <\/p>\n<p><font> <\/p>\n<p> <strong><\/strong><\/p>\n<hr\/>\n<p align=\"justify\" dir=\"ltr\"> <font><strong>Forum eljahedh                             <\/strong><\/font><strong>\u00a0                             INVITATION                             \u00a0                             <\/strong><font>Forum eljahedh\u00a0 a le                             plaisir de vous inviter\u00a0 au conf\u00e9rence<\/font> <font>Donn\u00e9e par<\/font>\u00a0<strong> <font>Dr. Ta\u00efb\u00a0 Baccouche<\/font>\u00a0\u00a0\u00a0<font>                             sur<\/font>                             \u00ab L UGTT et les courants Id\u00e9ologique aventage ou                             obstacle. \u00bb                             \u00a0                             <\/strong><font>La conf\u00e9rence aura                             lieu\u00a0 le vendredi 18\/01\/2008\u00e0 18h\u00a0 au local.                             Veuillez recevoir nos meilleures salutation .<\/font> <strong>\u00a0                              <\/strong><font>Le comite directeur                                                         le pr\u00e9sident<\/font> <strong><font>Jourchi Salah eddin<\/font>                                                         \u00a0                             <\/strong><a href=\"http:\/\/www.eljahedh.org\" target=\"_blank\" rel=\"noopener\"><strong>                            www.eljahedh.org<\/strong><\/a><\/p>\n<p> <strong><\/strong><\/p>\n<hr\/>\n<p>\u00a0<\/p>\n<p> <\/font><\/p>\n<p><\/span> <\/p>\n<p> <span dir=\"rtl\" lang=\"AR-SA\"> <strong><\/p>\n<h2 style=\"color: red;\"><font>Radio 6\u00a0 Tunis\u00a0\u00a0\u00a0\u00a0                             Programme de la semaine<\/font><\/h2>\n<p><\/strong>                             \u00a0 www.radio6tunis.net                                                          \u00a0\u00a0\u00a0                              \u00a0\u00a0\u00a0\u00a0\u00a0\u00a0\u00a0 &#8211; Musique orientale et occidentale.                             \u00a0\u00a0\u00a0\u00a0\u00a0\u00a0\u00a0 &#8211; Jamel Abdennasser 90 ans apr\u00e9s, qu&rsquo;est ce                             qu&rsquo;il en reste?                             \u00a0\u00a0\u00a0\u00a0\u00a0\u00a0\u00a0 &#8211; Le Pr\u00e9sident Bourguiba, la d\u00e9claration de                             Washington.                             \u00a0\u00a0\u00a0\u00a0\u00a0\u00a0\u00a0 &#8211; Libert\u00e9 d&rsquo;expression hors d\u00e9mocratie, un                             d\u00e9bat sur une chaine tunisienne.                             \u00a0\u00a0\u00a0\u00a0\u00a0\u00a0\u00a0 &#8211; L&rsquo;info des libert\u00e9s.                                                          \u00a0\u00a0\u00a0\u00a0\u00a0\u00a0\u00a0\u00a0\u00a0 Radio 6 Tunis est la premi\u00e8re radio libre                             en Tunisie.                                                          \u00a0\u00a0\u00a0\u00a0\u00a0\u00a0\u00a0\u00a0\u00a0 ( Pour y acc\u00e9der en Tunisie, rechercher                             radio6tunis )                                                           \u00a0\u00a0\u00a0\u00a0\u00a0\u00a0\u00a0\u00a0\u00a0\u00a0\u00a0\u00a0\u00a0\u00a0\u00a0\u00a0\u00a0 Le Syndicat tunisien des Radios                             Libres\u00a0\u00a0\u00a0 <\/span><\/p>\n<p> <em><\/em><\/p>\n<hr\/>\n<p>\u00a0<\/p>\n<p><font size=\"3\"> <\/p>\n<div align=\"center\"> <font face=\"Arial\" size=\"2\"><strong> <font size=\"3\">Tunisie: les enseignants en gr\u00e8ve<\/font> <\/strong><\/font> <\/div>\n<div> <font face=\"Arial\" size=\"2\">Les                               enseignants tunisiens du secondaire ont entam\u00e9                               aujourd&rsquo;hui une gr\u00e8ve de deux jours pour d\u00e9noncer                               la pr\u00e9carit\u00e9 de l&#8217;emploi et exiger la                               r\u00e9int\u00e9gration de trois de leurs coll\u00e8gues                               arbitrairement licenci\u00e9s, selon eux, a-t-on appris                               de sources syndicales.                                                              A l&rsquo;appel de leur syndicat, les enseignants                               entendent exiger la r\u00e9int\u00e9gration de trois de                               leurs conf\u00e8res \u00ab\u00a0licenci\u00e9s arbitrairement\u00a0\u00bb et                               l&rsquo;annulation de \u00ab\u00a0mutations disciplinaires\u00a0\u00bb qui ont                               concern\u00e9 une centaine d&rsquo;autres, selon un                               communiqu\u00e9 du syndicat.                                                              Les gr\u00e9vistes demandent une r\u00e9vision des modes de                               recrutement pour mettre fin \u00e0 la \u00ab\u00a0pr\u00e9carit\u00e9 de                               l&#8217;emploi et aux atteintes aux libert\u00e9s                               syndicales\u00a0\u00bb, selon leur syndicat.                                                              Au premier jour, la gr\u00e8ve a \u00e9t\u00e9 suivie \u00e0 plus de                               68% en moyenne des effectifs estim\u00e9s \u00e0 70.000                               enseignants, a indiqu\u00e9 Frej Chebbah, dirigeant du                               syndicat.                                                              Source :                              <a href=\"http:\/\/www.lefigaro.fr\/flash-actu\/2008\/01\/16\/01011-20080116FILWWW00527-tunisie-les-enseignants-en-greve.php\" target=\"_blank\" rel=\"noopener\">                              http:\/\/www.lefigaro.fr\/flash-actu\/2008\/01\/16\/01011-20080116FILWWW00527-tunisie-les-enseignants-en-greve.php<\/a><\/font><\/div>\n<p align=\"center\"> <strong><\/strong><\/p>\n<hr\/>\n<p>\u00a0<\/p>\n<p align=\"center\"> <strong>Congr\u00e8s constitutif du Syndicat National des                             Journalistes Tunisiens :<\/strong><\/p>\n<p align=\"center\"> <strong> <span lang=\"FR-CH\">                            Une belle le\u00e7on de maturit\u00e9 et d&rsquo;espoir<\/span><\/strong><\/p>\n<p align=\"center\">\n<p><\/font><\/p>\n<p>                             Les journalistes tunisiens ont administr\u00e9, dans la                             nuit de samedi \u00e0 dimanche, 12-13 janvier 2008, une                             belle et m\u00e9morable le\u00e7on de maturit\u00e9 et d\u2019espoir.                                                                                      A travers le vote sanction qui a marqu\u00e9 l\u2019\u00e9lection                             du premier comit\u00e9 directeur de leur\u00a0 nouveau                             syndicat, ils ont inflig\u00e9 un camouflet sans ambages                             \u00e0 un pouvoir qui s\u2019est pris dans son propre pi\u00e8ge,                             en m\u00e9jugeant des capacit\u00e9s d\u2019une corporation qu\u2019il                             croyait d\u00e9finitivement soumise et asservie.                                                          Dans un sursaut de conscience, d\u2019honneur et de                             dignit\u00e9, les journalistes tunisiens ont clam\u00e9 haut                             et fort leur ras-le-bol, non seulement \u00e0 la face                             d\u2019un pouvoir, qui les a longtemps m\u00e9pris\u00e9s et                             humili\u00e9s, mais aussi de certains a\u00een\u00e9s qui ont                             souill\u00e9 la profession, la tra\u00eenant dans la boue                             durant tant d\u2019ann\u00e9es.                                                          La victoire inesp\u00e9r\u00e9e de la liste des ind\u00e9pendants                             est, en effet, un signal fort \u00e0 l\u2019attention de\u00a0                             plusieurs parties                                                          C\u2019est d\u2019abord un message adress\u00e9 au pouvoir lui                             signifiant qu\u2019il existe encore dans ce pays, comme                             dans tous les pays du monde, des journalistes                             r\u00e9ellement ind\u00e9pendants, profond\u00e9ment r\u00e9solus \u00e0                             d\u00e9fendre leurs int\u00e9r\u00eats et ceux de leur profession.                             Des journalistes\u00a0 travaillant, pour la plupart, dans                             des conditions mat\u00e9rielles et morales lamentables                             qui ne leur permettent pas d\u2019assumer dignement la                             mission qui leur est d\u00e9volue.                                                           C\u2019est \u00e9galement un message adress\u00e9 \u00e0 certains \u00ab                             \u00e9l\u00e9phants \u00bb de la profession qui se prennent pour                             des hommes d\u2019exception, irrempla\u00e7ables et                             indispensables. Des caciques qui, aveugl\u00e9s par une                             ambition malsaine, n\u2019ont pas vu venir la vague. Des                             mandarins qui, ayant rat\u00e9 l\u2019occasion de se retirer                             par la grande porte,\u00a0 ont fini par se faire                             botter.\u00a0\u00a0\u00a0\u00a0                                                           C\u2019est aussi un message adress\u00e9 \u00e0 tous les                             opportunistes de tous bords qui, durant tant                             d\u2019ann\u00e9es, ont fait passer leurs int\u00e9r\u00eats personnels                             devant ceux de la profession, faisant leur commerce                             de la mis\u00e8re mat\u00e9rielle et morale des journalistes,                             utilisant l\u2019action syndicale comme une carte de                             visite, se servant au lieu de servir.                                                           C\u2019est, enfin, un message adress\u00e9 \u00e0 notre centrale                             syndicale, l\u2019UGTT, qui n\u2019a pas cess\u00e9, depuis trois                             d\u00e9cennies, d\u2019entretenir aupr\u00e8s des journalistes                             tunisiens l\u2019espoir de cr\u00e9er, un jour, leur propre                             syndicat, mais qui,\u00a0 \u00e0 chaque fois, faillit \u00e0 sa                             parole.                                                          La victoire de la liste des ind\u00e9pendants est aussi,                             quelque part, la victoire de la jeunesse et de la                             fraicheur.                                                           En effet, M\u00eame si les nouveaux \u00e9lus ne sont pas tous                             des jeunots, en raison de l\u2019application d\u2019une clause                             inique exigeant des candidats une anciennet\u00e9 de dix                             ans dans le m\u00e9tier, ce sont, essentiellement, les                             jeunes journalistes qui ont\u00a0 aid\u00e9 au triomphe de la                             liste ind\u00e9pendante.                                                          Il appartient maintenant \u00e0 ces jeunes de prouver que                             ce triomphe n\u2019est pas \u00e9ph\u00e9m\u00e8re, qu\u2019ils sont capables                             de voler de leurs propres ailes, qu\u2019ils ne sont pas                             que des rentiers et que dans l\u2019h\u00e9ritage qui leur a                             \u00e9t\u00e9 l\u00e9gu\u00e9, ils sauront bien choisir ce qu\u2019il y a de                             mieux pour b\u00e2tir du nouveau et du solide.                                                           Il leur appartient, \u00e9galement, de prouver qu\u2019ils                             sont capables de pr\u00e9server et d\u2019enrichir cet                             important acquis qui est l\u2019\u0153uvre de plusieurs                             g\u00e9n\u00e9rations successives de journalistes et qui est                             loin d\u2019\u00eatre un cadeau ou une offrande, n\u2019en d\u00e9plaise                             \u00e0 certains \u00ab syndicalistes \u00bb de la 25\u00e8me heure.                                                          Il appartient aussi aux membres du bureau directeur                             de ce nouveau syndicat de prouver qu\u2019ils sont des                             professionnels authentiques, libres, ind\u00e9pendants et                             solidaires, qu\u2019ils sont \u00e0 la hauteur de la confiance                             plac\u00e9e en eux par leurs coll\u00e8gues et qu\u2019ils ne sont                             pas l\u2019otage d\u2019un parti politique ou d\u2019un clan.\u00a0\u00a0\u00a0                                                                                      Il revient, enfin, au pouvoir de r\u00e9sister \u00e0 la                             tentation de sanctionner une corporation qui a vot\u00e9                             librement. Il devrait, pour ce faire,\u00a0 laisser cette                             nouvelle \u00e9quipe travailler dignement et ne pas                             interf\u00e9rer dans ses affaires, en lui tendant des                             emb\u00fbches, en lui coupant les vivres, en sabotant ses                             projets sociaux, en essayant de provoquer des                             dissensions au sein du bureau pour le miner de                             l\u2019int\u00e9rieur ou en poussant quelques uns de ses                             membres \u00e0 la faute.\u00a0                                                           <strong><font>Patriote 2005<\/font><\/strong> <\/p>\n<p>\u00a0<\/p>\n<hr\/>\n<p> <span dir=\"rtl\" lang=\"AR-SA\">                            \u00a0<\/span><\/p>\n<h3 align=\"center\" style=\"color: blue;\">\n<h2 style=\"color: red;\"><font size=\"3\"><span lang=\"FR\">DROIT                             DE REPONSE\u2026 \u00e0 l\u2019ambassade de Tunisie en France<\/span><\/font><\/h2>\n<\/h3>\n<p>                            \u00a0<\/p>\n<p> <i>La reconstitution servie par Jeune Afrique (n\u00b0                             2452 du 7 au 12 janvier 2008) (*) des \u00e9v\u00e9nements                             ayant conduit \u00e0 la neutralisation d\u2019\u00e9l\u00e9ments                             terroristes par les forces de s\u00e9curit\u00e9 tunisiennes,                             en d\u00e9cembre 2006 et janvier 2007, est incompl\u00e8te et,                             sur plusieurs points, erron\u00e9e. Les v\u00e9rit\u00e9s suivantes                             m\u00e9ritent d\u2019\u00eatre port\u00e9es \u00e0 la connaissance de vos                             lecteurs :<\/i><\/p>\n<p> <\/font><\/span> <\/p>\n<p> <span dir=\"rtl\" lang=\"AR-SA\">                            &#8211; <\/span>Les forces de l\u2019ordre \u00e9taient bien au                             courant de l\u2019entr\u00e9e en Tunisie des terroristes, de                             leur identit\u00e9 et de leur appartenance                             salafiste-djihadiste. Les services de s\u00e9curit\u00e9 ont                             pr\u00e9f\u00e9r\u00e9 les prendre en filature, et ce afin de                             cerner leurs desseins et d\u2019identifier leurs                             complices \u00e9ventuels. Et ce n\u2019est que lorsque les                             forces de s\u00e9curit\u00e9 se sont assur\u00e9es que les                             terroristes \u00e9taient au complet qu\u2019elles sont                             intervenues pour les neutraliser. Les terroristes                             ont \u00e9t\u00e9 enti\u00e8rement mis hors d\u2019\u00e9tat de nuire avant                             qu\u2019<span dir=\"rtl\" lang=\"AR-SA\">\u2019<\/span>ils                             ne commettent quelque acte terroriste que ce soit. \u00c0                             aucun moment de leur conspiration les \u00e9l\u00e9ments                             terroristes n\u2019ont pu tromper la vigilance des                             services de s\u00e9curit\u00e9, qui les suivaient toujours et                             de tr\u00e8s pr\u00e8s<span dir=\"rtl\" lang=\"AR-SA\">.<\/span><\/p>\n<p> <span dir=\"rtl\" lang=\"AR-SA\">                            \u00a0<\/span><\/p>\n<p>                            Contrairement \u00e0 la \u00ab rumeur insistante \u00bb \u00e0 laquelle                             fait r\u00e9f\u00e9rence l\u2019auteur de l\u2019article, les \u00e9l\u00e9ments                             terroristes dans la r\u00e9gion de Hammam Chott n\u2019ont pas                             \u00e9t\u00e9 d\u00e9nonc\u00e9s par un boulanger. Comme tous les autres                             membres de la bande terroriste, ils \u00e9taient en fait                             suivis de pr\u00e8s, d\u00e8s le d\u00e9part, par les forces de                             l\u2019ordre<span dir=\"rtl\" lang=\"AR-SA\">.<\/span><\/p>\n<p> <span dir=\"rtl\" lang=\"AR-SA\">                            \u00a0<\/span><\/p>\n<p> <span dir=\"rtl\" lang=\"AR-SA\">                            &#8211; <\/span>Le terroriste Lassaad Sassi n\u2019a jamais                             appartenu \u00e0 la Garde nationale ou \u00e0 tout autre                             service du minist\u00e8re de l\u2019Int\u00e9rieur tunisien ou de                             l\u2019administration publique tunisienne. Il trempait                             dans les milieux de la criminalit\u00e9 en Italie avant                             d\u2019\u00eatre recrut\u00e9 par des formations terroristes                             op\u00e9rant \u00e0 l\u2019\u00e9tranger<span dir=\"rtl\" lang=\"AR-SA\">.<\/span><\/p>\n<p> <span dir=\"rtl\" lang=\"AR-SA\">                            &#8211; <\/span>Parmi les documents qui \u00e9taient                             effectivement en possession des terroristes                             figuraient des plans de position des si\u00e8ges des                             chancelleries britannique et am\u00e9ricaine \u00e0 Tunis. Ces                             plans \u00e9taient puis\u00e9s de \u00abGoogle Earth \u00bb par les                             terroristes, qui entendaient<span dir=\"rtl\"> <\/span>                            attaquer ces ambassades le moment venu<span dir=\"rtl\" lang=\"AR-SA\">.<\/span><\/p>\n<p> <span dir=\"rtl\" lang=\"AR-SA\">                            \u00a0<\/span><\/p>\n<p> <span dir=\"rtl\" lang=\"AR-SA\">                            &#8211; <\/span>Il est curieux que le journaliste ne semble                             pas mesurer la gravit\u00e9 de la conspiration, le niveau                             avanc\u00e9 de sa pr\u00e9paration et les intentions av\u00e9r\u00e9es                             des terroristes. Ainsi, \u00e0 aucun moment l\u2019auteur                             n\u2019utilise le terme terroriste pour d\u00e9signer les                             \u00e9l\u00e9ments impliqu\u00e9s dans cette conspiration, lui                             pr\u00e9f\u00e9rant des termes comme \u00ab maquisards \u00bb, \u00ab                             combattants \u00bb, \u00ab gu\u00e9rilleros \u00bb, voire m\u00eame \u00ab                             activistes \u00bb. Bien encore, la d\u00e9tention par des                             \u00e9l\u00e9ments du groupe de \u00ab six fusils mitrailleurs                             kalachnikovs, des chargeurs, quelques grenades et                             des talkies-walkies \u00bb ne m\u00e9rite du journaliste que                             le qualificatif d\u2019arsenal \u00abrudimentaire\u00a0\u00bb.<\/p>\n<p> <span dir=\"rtl\" lang=\"AR-SA\">                            \u00a0<\/span><\/p>\n<p> <span dir=\"rtl\" lang=\"AR-SA\">                            &#8211; <\/span>L\u2019auteur estime \u00ab tr\u00e8s lourdes \u00bb les                             sentences prononc\u00e9es \u00e0 l\u2019encontre des \u00e9l\u00e9ments                             impliqu\u00e9s dans cette entreprise terroriste qui a                             occasionn\u00e9 des morts et des bless\u00e9s. Il qualifie de                             \u00ab b\u00e2cl\u00e9s \u00bb les d\u00e9bats qui ont eu lieu dans le cadre                             du proc\u00e8s, et ce en d\u00e9pit du fait qu\u2019ils se soient                             \u00e9tal\u00e9s sur cinq audiences et aient vu la                             participation d\u2019une soixantaine d\u2019avocats.                             L\u2019instruction de l\u2019affaire sur pr\u00e8s d\u2019une ann\u00e9e                             ainsi que la proc\u00e9dure de jugement en elle-m\u00eame ont                             \u00e9t\u00e9 conduites dans le cadre d\u2019une justice                             ind\u00e9pendante et sereine, garantissant tous les                             droits de la d\u00e9fense. L\u2019affaire sera examin\u00e9e de                             nouveau en appel puisqu\u2019un recours a \u00e9t\u00e9 interjet\u00e9                             par les accus\u00e9s. En outre, la possibilit\u00e9 de recours                             en cassation est ouverte \u00e0 toutes les parties.<\/p>\n<p>                            \u00a0<\/p>\n<p> <b> <span lang=\"FR\">                            Raouf Najjar<\/span><\/b><\/p>\n<p> <b> <span lang=\"FR\">                            Ambassadeur de Tunisie en France<\/span><\/b><\/p>\n<p>                            \u00a0<\/p>\n<p> <b> <span lang=\"FR\">                            (Source\u00a0: \u00ab\u00a0Jeune Afrique\u00a0\u00bb (Magazine hebdomadaire \u2013                             France), N\u00b0 2453 du 13 au 19 janvier 2008)<\/span><\/b><\/p>\n<hr\/>\n<p>                            \u00a0<\/p>\n<p>                            \u00a0<\/p>\n<p> <b> <span lang=\"FR-CH\">                            (*) Texte int\u00e9gral de l\u2019article publi\u00e9 dans \u00ab Jeune                             Afrique \u00bb, N\u00b0 2452 du 7 au 12 janvier 2008:<\/span> <\/b><\/p>\n<p>                            \u00a0<\/p>\n<h3 align=\"center\" style=\"color: blue;\"> <span lang=\"FR-CH\"><\/p>\n<h2 style=\"color: red;\"><font size=\"3\">Comment les salafistes ont \u00e9t\u00e9 neutralis\u00e9s<\/font><\/h2>\n<p><\/span><\/h3>\n<p> <b> <span lang=\"FR-CH\"> <font size=\"3\">\u00a0<\/font><\/span><\/b><\/p>\n<p>                            La chambre criminelle du tribunal de premi\u00e8re                             instance de Tunis a eu la main lourde. Tr\u00e8s lourde :                             deux condamnations \u00e0 mort, visant Imed Ben Ameur,                             menuisier, n\u00e9 le 20 mai 1973 \u00e0 Sousse, et Sabeur                             Ragoubi, ouvrier, n\u00e9 \u00e0 Kairouan le 2 juin 1983 ;                             huit condamnations \u00e0 la r\u00e9clusion \u00e0 perp\u00e9tuit\u00e9 ;                             plus des peines allant de cinq \u00e0 trente ans de                             prison pour les vingt autres coaccus\u00e9s. Prononc\u00e9                             tard dans la nuit du 29 au 30 d\u00e9cembre 2007 par le                             juge Mehrez Hammami au terme d\u2019une audience marathon                             marqu\u00e9e par le retrait de la quarantaine d\u2019avocats                             du collectif de d\u00e9fense des prisonniers, ce jugement                             constitue l\u2019\u00e9pilogue judiciaire de l\u2019affaire dite du                             \u00ab groupe de Soliman \u00bb. Si elle venait \u00e0 \u00eatre                             confirm\u00e9e et ex\u00e9cut\u00e9e &#8211; Samir Ben Amor, un des                             d\u00e9fenseurs des pr\u00e9venus, a annonc\u00e9 qu\u2019il                             interjetterait appel -, cette sentence marquerait un                             revirement doubl\u00e9 d\u2019une r\u00e9gression humanitaire, la                             Tunisie observant, depuis 1993, un moratoire sur les                             ex\u00e9cutions capitales.                              Tous les condamn\u00e9s ont \u00e9t\u00e9 d\u00e9clar\u00e9s coupables de                             participation \u00e0 une entreprise terroriste, et                             certains ont \u00e9t\u00e9 impliqu\u00e9s dans les affrontements                             meurtriers avec les forces de s\u00e9curit\u00e9 qui ont fait,                             selon un bilan officiel, 14 morts, dont 12                             terroristes, 1 policier et 1 militaire, entre le 23                             d\u00e9cembre 2006 et le 3 janvier 2007. Les motivations                             et le parcours des principaux protagonistes de cette                             affaire, presque tous \u00e9limin\u00e9s, et parmi lesquels                             figurent 6 activistes &#8211; 5 Tunisiens et 1 Mauritanien                             &#8211; affili\u00e9s au GSPC alg\u00e9rien, le Groupe salafiste                             pour la pr\u00e9dication et le combat, restent obscurs.                             Et les d\u00e9bats, b\u00e2cl\u00e9s, n\u2019ont pas aid\u00e9 \u00e0 comprendre                             les raisons qui ont pouss\u00e9 des dizaines de jeunes                             sans histoire ni affiliation politique marqu\u00e9e \u00e0                             basculer dans l\u2019aventure djihadiste.                              Que s\u2019est-il r\u00e9ellement pass\u00e9 il y a un an, dans le                             triangle Grombalia\/Hammam-Lif\/Soliman ? Comment les                             salafistes ont-ils pu se jouer pendant des mois de                             la surveillance d\u2019une police omnipr\u00e9sente et                             suppos\u00e9e infaillible, et circuler sans \u00eatre                             inqui\u00e9t\u00e9s entre Kasserine, Sidi Bouzid et la                             banlieue de Tunis ? Quels \u00e9taient leurs objectifs                             r\u00e9els, leurs cibles ? M\u00eame si des zones d\u2019ombre                             subsistent, notamment en raison d\u2019une chronologie                             assez vague &#8211; \u00ab en juin \u00bb, \u00ab au d\u00e9but de l\u2019\u00e9t\u00e9 \u00bb, \u00ab                             pendant le ramadan \u00bb -, et m\u00eame si beaucoup                             d\u2019\u00e9l\u00e9ments essentiels \u00e0 la compr\u00e9hension de                             l\u2019affaire font toujours d\u00e9faut, comme les                             circonstances pr\u00e9cises de la mort des deux agents                             des forces de s\u00e9curit\u00e9, le r\u00e9cit que vous allez lire                             permet de se faire une id\u00e9e un peu plus pr\u00e9cise du                             film des \u00e9v\u00e9nements. Il s\u2019appuie exclusivement sur                             les proc\u00e8s-verbaux d\u2019interrogatoire des trente                             condamn\u00e9s, tels qu\u2019ils ont \u00e9t\u00e9 communiqu\u00e9s aux                             avocats de la d\u00e9fense. Une exclusivit\u00e9 Jeune                             Afrique.                                                                                        Djebel Boukafer, quelque part dans un maquis                             islamiste non loin de Tebessa, dans l\u2019est de                             l\u2019Alg\u00e9rie : Lassaad Sassi, 37 ans, est impatient et                             f\u00e9brile. Il vient de recevoir l\u2019aval de ses chefs du                             GSPC pour entreprendre une mission particuli\u00e8rement                             d\u00e9licate : s\u2019infiltrer en Tunisie pour y cr\u00e9er des                             cellules de soutien logistique, et recruter et                             former de futurs terroristes. Sassi, qui se fait                             appeler Abou Hechmi, est un \u00e9l\u00e9ment tr\u00e8s aguerri.                             Ancien de la garde nationale tunisienne                             (l\u2019\u00e9quivalent de la gendarmerie), v\u00e9t\u00e9ran de la                             Bosnie, il est pass\u00e9 par les camps d\u2019entra\u00eenement                             d\u2019Al-Qa\u00efda en Afghanistan avant de rejoindre les                             maquis du GSPC. Il r\u00eave maintenant de poursuivre le                             combat dans son pays natal. Il r\u00e9ussit sans peine \u00e0                             convaincre quatre de ses compatriotes, Mohamed H\u00e9di                             Ben Khlifa, Zouhair Riabi, Mohamed Mahmoudi et Tarak                             Hammami, et un Mauritanien natif de la bourgade de                             Nbaghia, Mohammadou Maqam Maqam, alias \u00ab Chokri \u00bb,                             de l\u2019accompagner. Les six hommes formeront le noyau                             dur du Jound Assad Ibn Fourat, les soldats d\u2019Assad                             Ibn Fourat, le conqu\u00e9rant arabe de la Sicile.                                                           <b>Un arsenal rudimentaire                              <\/b>Dans la nuit du 22 au 23 avril 2006, le commando                             passe clandestinement la fronti\u00e8re, \u00e0 Bouchebka, et                             gagne le Djebel Chaambi, point culminant de la                             Tunisie (1 544 m\u00e8tres d\u2019altitude), apr\u00e8s quatre                             jours de marche. Son arsenal est rudimentaire : six                             fusils-mitrailleurs kalachnikovs, des chargeurs,                             quelques grenades et des talkies-walkies. Le 27                             avril, Sassi et Ben Khlifa, un Bizertin de 25 ans,                             quittent le refuge pour se rendre dans la ville                             voisine de Kasserine. Ils ach\u00e8tent des vivres et des                             cartes t\u00e9l\u00e9phoniques Tunisiana avant de retourner au                             camp. Quelques jours plus tard, c\u2019est au tour de                             Hammami et de Mahmoudi d\u2019assurer le ravitaillement.                             Mahmoudi, originaire de Ben Guerdane (Sud tunisien),                             a pris rendez-vous, par le truchement de sa famille,                             avec un contact cens\u00e9 lui fournir une cache dans la                             ville de Sfax et qu\u2019il doit rencontrer aux portes de                             la ville. C\u2019est un pi\u00e8ge. Les deux hommes sont                             arr\u00eat\u00e9s par les forces de s\u00e9curit\u00e9, qui saisissent                             sur eux une grenade et un peu d\u2019argent1.                              Ne les voyant pas revenir, Sassi et ses trois                             compagnons comprennent rapidement. Ils doivent                             improviser. La g\u00e9ographie du Djebel Chaambi et des                             montagnes de la r\u00e9gion ne se pr\u00eate gu\u00e8re \u00e0 l\u2019action                             clandestine, la v\u00e9g\u00e9tation y \u00e9tant trop rare. Ben                             Khlifa pr\u00e9vient son beau-fr\u00e8re, Ramzi el-\u2018Ifi2,                             sympathisant islamiste install\u00e9 \u00e0 Sidi Bouzid en qui                             il a enti\u00e8re confiance, et lui fixe rendez-vous \u00e0 la                             gare routi\u00e8re. Il lui demande de lui trouver une                             cache en ville. Sans succ\u00e8s. Les infiltr\u00e9s changent                             leurs plans et se mettent en qu\u00eate d\u2019une planque                             dans la banlieue de Tunis. On leur pr\u00e9sente Wael                             Ammemi3, vendeur de v\u00eatements dans les souks. C\u2019est                             la couverture id\u00e9ale : \u00adcommer\u00e7ant, propri\u00e9taire                             d\u2019une Renault Express, il fait de fr\u00e9quents voyages                             et ne peut donc \u00e9veiller les soup\u00e7ons. Ramzi et Wael                             aident le groupe Sassi \u00e0 entrer en contact avec                             Majdi el-Amri et Sahbi el-Masrouki, membres d\u2019une                             cellule salafiste tunisoise. D\u00e9but juin, les                             clandestins gagnent la capitale \u00e0 bord de l\u2019Express,                             s\u2019installent chez Majdi et finissent par trouver une                             planque \u00e0 Hammam-Lif, localit\u00e9 populaire \u00e0 une                             quinzaine de kilom\u00e8tres au sud de la capitale.                                                           <b>Un campement \u00e0 A\u00efn Tbornog                              <\/b>Il faut maintenant \u00ab rapatrier \u00bb les armes                             enterr\u00e9es dans les montagnes autour de Kasserine.                             Ramzi s\u2019y attelle, en compagnie de trois \u00e9l\u00e8ves de                             l\u2019Institut sup\u00e9rieur d\u2019\u00e9tudes technologiques de Sidi                             Bouzid, militants d\u2019un petit cercle d\u2019\u00e9tudiants                             salafistes, dont un certain Rabia Bacha, originaire                             de Soliman. D\u00e9tail \u00e9tonnant : les membres du groupe,                             qui ont fait l\u2019aller en voiture, effectuent le                             trajet du retour en bus avec les armes dissimul\u00e9es \u00e0                             l\u2019int\u00e9rieur de gros sacs de sport ! Pendant tout                             l\u2019\u00e9t\u00e9 et l\u2019automne, le groupe, fort d\u00e9sormais d\u2019une                             grosse vingtaine de membres, multiplie les                             pr\u00e9cautions et change plusieurs fois de cache, tout                             en restant dans un p\u00e9rim\u00e8tre restreint, entre                             Hammam-Lif, Ezzahra et Hammam-Chott. Sassi initie                             ses apprentis gu\u00e9rilleros au maniement des                             kalachnikovs et \u00e0 la fabrication d\u2019explosifs \u00e0                             partir de produits en vente dans le commerce. Il ne                             semble pas avoir envisag\u00e9 d\u2019actions kamikazes et                             privil\u00e9gie la voiture pi\u00e9g\u00e9e comme mode op\u00e9ratoire.                             Le groupe djihadiste projette de s\u2019attaquer aux \u00ab                             infrastructures vitales \u00bb de la R\u00e9publique, \u00e0 des \u00ab                             objectifs symboliques \u00bb ainsi qu\u2019aux \u00ab int\u00e9r\u00eats                             \u00e9trangers \u00bb et \u00e0 \u00ab des personnalit\u00e9s tunisiennes et                             \u00e9trang\u00e8res \u00bb. Mais il n\u2019en est qu\u2019au stade                             pr\u00e9liminaire des pr\u00e9paratifs : les pi\u00e8ces vers\u00e9es au                             dossier d\u2019accusation ne font nulle mention \u00ab                             d\u2019attentats planifi\u00e9s \u00bb contre les hypermarch\u00e9s                             Carrefour ou G\u00e9ant ou les ambassades am\u00e9ricaine ou                             britannique.                              Sassi, qui se fait maintenant appeler \u00ab Samir \u00bb, n\u2019a                             pas renonc\u00e9 \u00e0 son id\u00e9e de d\u00e9part, \u00e0 savoir la                             cr\u00e9ation d\u2019un camp d\u2019entra\u00eenement dans le maquis.                             Mais o\u00f9 ? La r\u00e9ponse viendra un peu par hasard de                             Sousse, ville c\u00f4ti\u00e8re et \u00e9tudiante, \u00e0 150 kilom\u00e8tres                             au sud de Tunis. Sentant la police \u00e0 leurs trousses,                             la quinzaine de membres d\u2019une cellule salafiste                             chapeaut\u00e9e par Mokhles Ammar et Hassanin el-Aifa                             d\u00e9cident de se mettre au vert. Jeunes, \u00e2g\u00e9s de 25 \u00e0                             30 ans pour la plupart, ils ont succomb\u00e9 \u00e0 la vague                             de pi\u00e9t\u00e9 qui submerge la Tunisie depuis le 11                             septembre 2001, regard\u00e9 en boucle les images                             d\u2019Al-Jazira et d\u2019Al-Manar, fr\u00e9quent\u00e9 les mosqu\u00e9es et                             r\u00eav\u00e9 de djihad contre les Am\u00e9ricains. Puis,                             comprenant qu\u2019il serait de plus en plus difficile de                             rejoindre les rangs de la r\u00e9sistance irakienne, ont                             choisi de porter le combat \u00e0 l\u2019int\u00e9rieur m\u00eame des                             fronti\u00e8res de la Tunisie. Mais voil\u00e0 : ils doivent                             fuir, car ils craignent d\u2019avoir \u00e9t\u00e9 d\u00e9couverts par                             la police. L\u2019un d\u2019entre eux, Makram Jrid, alias \u00ab                             Mounir \u00bb, fils de berger, a pass\u00e9 son enfance dans                             les collines escarp\u00e9es du cap Bon. Il conna\u00eet la                             r\u00e9gion comme sa poche et propose \u00e0 ses compagnons de                             se r\u00e9fugier dans une caverne situ\u00e9e dans le massif                             d\u2019A\u00efn Tbornog, sur les hauteurs de Grombalia, une                             bourgade \u00e0 mi-distance entre Tunis et Hammamet. Ils                             op\u00e8rent leur retraite \u00e0 la fin du mois de ramadan                             (novembre 2006). Tout le monde se connaissant dans                             la mouvance salafiste, le groupe de Sassi finit par                             entrer en contact avec Makram. \u00ab Samir \u00bb est s\u00e9duit                             par l\u2019emplacement. La for\u00eat est extr\u00eamement dense et                             un campement a toutes les chances d\u2019y passer                             inaper\u00e7u. D\u00e9but d\u00e9cembre, la fusion s\u2019op\u00e8re entre                             les groupes de Sousse, Tunis, Sidi Bouzid et                             Kasserine. Sassi est proclam\u00e9 \u00e9mir du Jound Assad                             Ibn Fourat. Le campement prend alors forme. Il se                             compose de quatre tentes, dissimul\u00e9es sous les                             branchages. Presque inaccessible, il est \u00e0 cinq                             heures de marche de la route la plus proche. C\u2019est                             Mounir qui se charge du ravitaillement quotidien. Il                             faut nourrir vingt-quatre hommes. Les vivres sont                             achemin\u00e9s en voiture jusqu\u2019\u00e0 la ferme familiale,                             puis \u00e0 dos de mulet jusqu\u2019au campement.                              Une petite poign\u00e9e de combattants restent monter la                             garde dans la planque de Hammam-Chott, o\u00f9 sont                             entrepos\u00e9s des explosifs, des vivres et un peu                             d\u2019argent liquide. Dans la nuit du 23 au 24 d\u00e9cembre,                             la maison est encercl\u00e9e par les forces de s\u00e9curit\u00e9.                             \u00c9tait-elle surveill\u00e9e depuis longtemps ? Les membres                             du groupe ont-ils \u00e9t\u00e9 d\u00e9nonc\u00e9s par un boulanger du                             voisinage, comme le sugg\u00e8re une rumeur insistante ?                             En fait, d\u2019apr\u00e8s une source proche du dossier, il                             semblerait que ce soit l\u2019arrestation d\u2019Oussama                             Hajji, un salafiste li\u00e9 \u00e0 des membres de la cellule                             de Sousse, qui ait mis les policiers sur les traces                             de Makram et de ses compagnons. Le fils du berger                             est interpell\u00e9. \u00ab Cuisin\u00e9 \u00bb par les limiers de                             l\u2019antiterrorisme, il passe aux aveux. Ammemi, le                             propri\u00e9taire de la Renault Express, est arr\u00eat\u00e9 le 23                             d\u00e9cembre \u00e0 Sidi Bouzid. Simultan\u00e9ment, la police a                             donc encercl\u00e9 la cache de Hammam-Chott. Les                             djihadistes refusent de se rendre et ouvrent le feu                             sur les forces de l\u2019ordre. Les tirs durent plusieurs                             heures. Au moins trois policiers sont bless\u00e9s. Deux                             gu\u00e9rilleros sont tu\u00e9s, Zouhair Riabi, l\u2019un des six                             maquisards infiltr\u00e9s, et Majdi el-Amri. Un troisi\u00e8me                             est arr\u00eat\u00e9. Un dernier r\u00e9ussit \u00e0 prendre la fuite.                             Sur place, les policiers saisissent deux                             kalachnikovs, 315 cartouches et plusieurs milliers                             de dinars.                                                           <b>L\u2019arm\u00e9e en renfort                              <\/b>Le lendemain, une d\u00e9p\u00eache de la TAP, l\u2019agence                             officielle, \u00e9voque un affrontement entre des                             policiers et \u00ab une bande de dangereux criminels \u00bb.                             L\u2019information ne trompe personne. L\u2019arm\u00e9e est                             appel\u00e9e en renfort, un nombre impressionnant de                             policiers, gendarmes et militaires est d\u00e9ploy\u00e9 pour                             ratisser le cap Bon. Des barrages sont \u00e9rig\u00e9s                             partout le long des routes. Le 28 d\u00e9cembre, l\u2019arm\u00e9e                             lance une op\u00e9ration dans le massif d\u2019A\u00efn Tbornog.                             Ici survient un rebondissement assez invraisemblable                             mais consign\u00e9 dans plusieurs d\u00e9positions des accus\u00e9s                             : Makram, qui accompagnait le peloton de militaires,                             r\u00e9ussit \u00e0 \u00ab s\u2019\u00e9chapper \u00bb. Rest\u00e9 en contrebas de la                             montagne, sous la surveillance de quelques hommes,                             on l\u2019autorise \u00e0 faire sa pri\u00e8re. Il en profite pour                             leur fausser compagnie et parvient \u00e0 gagner le                             campement, o\u00f9 il donne l\u2019alerte. Sassi ordonne \u00e0 ses                             combattants de se pr\u00e9parer \u00e0 r\u00e9sister. Sa vingtaine                             de maquisards disposent en tout et pour tout de                             quatre kalachnikovs, de quelques milliers de                             cartouches, de quelques grenades et bombes                             artisanales. Des tireurs sont dispos\u00e9s en surplomb,                             aux endroits strat\u00e9giques. Ils repoussent les                             assaillants jusqu\u2019\u00e0 la tomb\u00e9e du jour.                              Les h\u00e9licopt\u00e8res survolant la zone des combats \u00e0                             basse altitude ne parviennent pas \u00e0 apercevoir les                             tentes ou les tireurs embusqu\u00e9s. Sassi comprend                             cependant que ses hommes se retrouveront vite \u00e0                             court de munitions et ne pourront pas soutenir                             ind\u00e9finiment le si\u00e8ge. \u00c0 la faveur de la nuit, il                             ordonne un repli en direction d\u2019une autre montagne.                             Le lendemain, les fugitifs, qui n\u2019ont pas subi de                             pertes, sont \u00e0 nouveau sur le point d\u2019\u00eatre                             encercl\u00e9s. Sassi d\u00e9cide de scinder ses forces en                             quatre groupes. Les deux derniers, dirig\u00e9s par                             Mokhles Ammar et Taoufik Lahouimdi4 et forts au                             total d\u2019une dizaine d\u2019\u00e9l\u00e9ments, doivent se replier                             sur Sousse et \u00ab attendre les ordres \u00bb qui leur                             seront communiqu\u00e9s par t\u00e9l\u00e9phone en temps voulu. Les                             deux premiers, qui comptent une grosse douzaine de                             combattants, doivent trouver refuge \u00e0 Tunis. Sassi                             garde toutes les armes de poing et prend le                             commandement du premier groupe. Il s\u2019entoure des                             \u00e9l\u00e9ments les plus aguerris : son lieutenant Ben                             Khlifa, Chokri le Mauritanien, Makram Jrid, Rabia                             Bacha, Sahbi el-Masrouki, Mehdi el-Mejri et Riadh                             Miri. Inexp\u00e9riment\u00e9s et d\u00e9sarm\u00e9s, la quasi-totalit\u00e9                             des fugitifs des trois derniers groupes tombent                             entre les mains des forces de s\u00e9curit\u00e9 dans les                             heures ou les jours qui suivent. Hassanin el-Aifa se                             fait exploser au moment de son arrestation et                             entra\u00eene dans la mort un officier de l\u2019arm\u00e9e. Un                             autre djihadiste est tu\u00e9 dans des circonstances qui                             restent \u00e0 \u00e9claircir. La plupart des autres                             n\u2019opposent pas de r\u00e9sistance, sauf Sabeur Ragoubi.                             Cern\u00e9 par les militaires, il s\u2019empare d\u2019une bombe et                             la jette sur les forces de l\u2019ordre. L\u2019engin,                             artisanal, n\u2019explose pas, mais ce geste lui vaudra                             d\u2019\u00e9coper de la peine capitale lors du proc\u00e8s. <\/p>\n<p> <b>fusillades en s\u00e9rie                              <\/b>Seuls les \u00e9l\u00e9ments du groupe Sassi r\u00e9ussissent \u00e0                             passer entre les mailles du filet, mais ils sont aux                             abois quand ils rejoignent la bourgade de Soliman,                             apr\u00e8s cinq jours de cavale. Les circonstances de                             l\u2019assaut final sont confuses. Sassi est tu\u00e9 au cours                             d\u2019un accrochage, sans doute \u00e0 l\u2019aube du 3 janvier.                             Bacha et Chokri parviennent \u00e0 gagner la demeure                             familiale du premier nomm\u00e9, dans le quartier du                             1er-Juin. Mais la police les a pr\u00e9c\u00e9d\u00e9s. Bacha et                             Chokri, en possession chacun d\u2019un kalachnikov,                             r\u00e9sistent plusieurs heures avant de succomber. Ben                             Khlifa, Masrouki, Jrid, Mejri et Miri, arm\u00e9s de deux                             kalachnikovs, de grenades et d\u2019explosifs artisanaux,                             trouvent refuge dans une maison en construction,                             isol\u00e9e \u00e0 la p\u00e9riph\u00e9rie de la ville. Ils sont                             rapidement encercl\u00e9s par les forces de s\u00e9curit\u00e9, qui                             emploient les gros moyens pour les d\u00e9loger : apr\u00e8s                             une fusillade de plusieurs heures, ils sont eux                             aussi abattus.                                                                                        <span>1. T\u00e9moins cl\u00e9s de                             l\u2019affaire, ils n\u2019ont toujours pas \u00e9t\u00e9 jug\u00e9s, leur                             cas ayant \u00e9t\u00e9 disjoint de celui des autres accus\u00e9s.                                                         2. Ramzi el-\u2018Ifi a \u00e9cop\u00e9 de la prison \u00e0 perp\u00e9tuit\u00e9.                                                         3. Idem pour Wael Ammemi.                              4. Mokhles Ammar a \u00e9t\u00e9 condamn\u00e9 \u00e0 la perp\u00e9tuit\u00e9,                             Taoufik Lahouimdi \u00e0 trente ans de prison.<\/span><\/p>\n<p> <span lang=\"FR-CH\">                            \u00a0<\/span><\/p>\n<p> <span lang=\"FR-CH\">                            \u00a0 <\/span><\/p>\n<hr\/>\n<p> <span lang=\"FR-CH\">                            \u00a0<\/span><\/p>\n<p align=\"center\">\n<p><font size=\"3\"><span lang=\"FR\">Attentats: Alger critique la d\u00e9cision ONU de cr\u00e9er                             une commission d&rsquo;enqu\u00eate<\/span><\/font><\/p>\n<\/p>\n<p> <span dir=\"rtl\" lang=\"AR-SA\">                            \u00a0<\/span><\/p>\n<p>                            AFP, le 15 janvier 2008 \u00e0                            <span dir=\"rtl\" lang=\"AR-SA\">                            19<\/span>h<span dir=\"rtl\" lang=\"AR-SA\">18<\/span><\/p>\n<p>                            \u00a0<\/p>\n<p>                            ALGER, 15 jan 2008 (AFP) &#8211; Le Premier ministre                             alg\u00e9rien Abdelaziz Belkhadem a qualifi\u00e9 mardi de                             \u00ab\u00a0mesure unilat\u00e9rale\u00a0\u00bb la d\u00e9cision du secr\u00e9taire                             g\u00e9n\u00e9ral de l&rsquo;ONU de cr\u00e9er une commission d&rsquo;enqu\u00eate                             ind\u00e9pendante sur les attentats du 11 d\u00e9cembre contre                             deux repr\u00e9sentations de l&rsquo;ONU \u00e0 Alger<span dir=\"rtl\" lang=\"AR-SA\">.<\/span><\/p>\n<p> <span dir=\"rtl\" lang=\"AR-SA\">                            \u00a0<\/span><\/p>\n<p> <span dir=\"rtl\" lang=\"AR-SA\">                            \u00ab\u00a0<\/span>L&rsquo;ambassadeur d&rsquo;Alg\u00e9rie aupr\u00e8s de l&rsquo;ONU n&rsquo;a                             pas \u00e9t\u00e9 consult\u00e9 et l&rsquo;avis de l&rsquo;Alg\u00e9rie n&rsquo;a pas \u00e9t\u00e9                             pris\u00a0\u00bb, a d\u00e9clar\u00e9 M. Belkhadem, dont les propos sont                             rapport\u00e9s par l&rsquo;agence alg\u00e9rienne de presse APS, en                             marge du premier forum de l&rsquo;Alliance des                             civilisations qui se tient dans la capitale                             espagnole<\/p>\n<p> <span dir=\"rtl\" lang=\"AR-SA\">                            \u00a0<\/span><\/p>\n<p> <span dir=\"rtl\" lang=\"AR-SA\">                            \u00ab\u00a0<\/span>Les r\u00e8gles n&rsquo;ont pas \u00e9t\u00e9 du tout respect\u00e9es                             en la mati\u00e8re\u00a0\u00bb, a ajout\u00e9 M. Blekhadem,\u00a0 soulignant                             que cette d\u00e9cision \u00ab\u00a0ne peut \u00eatre accueillie                             favorablement car l&rsquo;Alg\u00e9rie a fait son devoir\u00a0\u00bb,                             a-t-il insist\u00e9<span dir=\"rtl\" lang=\"AR-SA\">.<\/span><\/p>\n<p> <span dir=\"rtl\" lang=\"AR-SA\">                            \u00a0<\/span><\/p>\n<p> <span lang=\"EN-GB\">                            AFP<\/span><\/p>\n<\/div>\n<p> <font size=\"2\"> <span lang=\"FR\"> <font size=\"3\"> <font size=\"2\"> <span lang=\"FR\"> <font size=\"3\"> <\/font><\/span><\/font><\/font><\/span><\/font><\/div>\n<p> <font size=\"2\"> <span lang=\"FR\"> <font size=\"2\"> <span lang=\"FR\"> <\/span><\/font><\/span><\/font><\/div>\n<\/p><\/div>\n<p> <\/font> <font size=\"2\"> <span lang=\"FR\"> <font size=\"2\"> <span lang=\"FR\"> <\/span><\/font><\/span><\/font><\/div>\n<p> <\/span> <\/font> <\/div>\n<p> <\/span><\/div>\n<p> <\/font><\/div>\n<\/p><\/div>\n<\/p><\/div>\n<\/p><\/div>\n<\/p><\/div>\n<\/p><\/div>\n<\/div>\n<p><\/font><\/p>\n<hr\/>\n<p align=\"center\">\u00a0<\/p>\n<p align=\"center\"><b><a href=\"https:\/\/tunisnews.net\/ar\/\"><span>Home<\/span><span lang=\"FR-CH\"> &#8211; Accueil <\/span><span>&#8211; <\/span><span dir=\"rtl\" lang=\"AR-SA\">\u0627\u0644\u0631\u0626\u064a\u0633\u064a\u0629<\/span><\/a><\/b><\/p>\n<p align=\"center\"><b><span dir=\"rtl\" lang=\"AR-SA\">\u00a0<\/span><\/b><\/p>\n<p><\/body><\/body><\/html><\/p>","protected":false},"excerpt":{"rendered":"<p>Home &#8211; Accueil &#8211; TUNISNEWS 8\u00a0\u00e8me\u00a0ann\u00e9e, N\u00b0 \u00a02793 du 16.01.2008 \u00a0archives : www.tunisnews.net AFP: Tunisie: les enseignants en gr\u00e8ve Patriote: Congr\u00e8s constitutif du Syndicat National des Journalistes Tunisiens :Une belle le\u00e7on de maturit\u00e9 et d&rsquo;espoi Jeune Afrique:p DROIT DE REPONSE\u2026 \u00e0 l\u2019ambassade de Tunisie en France AFP: Attentats: Alger critique la d\u00e9cision ONU de cr\u00e9er [&hellip;]<\/p>\n","protected":false},"author":1,"featured_media":22040,"comment_status":"open","ping_status":"open","sticky":false,"template":"","format":"standard","meta":{"inline_featured_image":false,"site-sidebar-layout":"default","site-content-layout":"","ast-site-content-layout":"default","site-content-style":"default","site-sidebar-style":"default","ast-global-header-display":"","ast-banner-title-visibility":"","ast-main-header-display":"","ast-hfb-above-header-display":"","ast-hfb-below-header-display":"","ast-hfb-mobile-header-display":"","site-post-title":"","ast-breadcrumbs-content":"","ast-featured-img":"","footer-sml-layout":"","ast-disable-related-posts":"","theme-transparent-header-meta":"","adv-header-id-meta":"","stick-header-meta":"","header-above-stick-meta":"","header-main-stick-meta":"","header-below-stick-meta":"","astra-migrate-meta-layouts":"default","ast-page-background-enabled":"default","ast-page-background-meta":{"desktop":{"background-color":"","background-image":"","background-repeat":"repeat","background-position":"center center","background-size":"auto","background-attachment":"scroll","background-type":"","background-media":"","overlay-type":"","overlay-color":"","overlay-opacity":"","overlay-gradient":""},"tablet":{"background-color":"","background-image":"","background-repeat":"repeat","background-position":"center center","background-size":"auto","background-attachment":"scroll","background-type":"","background-media":"","overlay-type":"","overlay-color":"","overlay-opacity":"","overlay-gradient":""},"mobile":{"background-color":"","background-image":"","background-repeat":"repeat","background-position":"center center","background-size":"auto","background-attachment":"scroll","background-type":"","background-media":"","overlay-type":"","overlay-color":"","overlay-opacity":"","overlay-gradient":""}},"ast-content-background-meta":{"desktop":{"background-color":"var(--ast-global-color-5)","background-image":"","background-repeat":"repeat","background-position":"center center","background-size":"auto","background-attachment":"scroll","background-type":"","background-media":"","overlay-type":"","overlay-color":"","overlay-opacity":"","overlay-gradient":""},"tablet":{"background-color":"var(--ast-global-color-5)","background-image":"","background-repeat":"repeat","background-position":"center center","background-size":"auto","background-attachment":"scroll","background-type":"","background-media":"","overlay-type":"","overlay-color":"","overlay-opacity":"","overlay-gradient":""},"mobile":{"background-color":"var(--ast-global-color-5)","background-image":"","background-repeat":"repeat","background-position":"center center","background-size":"auto","background-attachment":"scroll","background-type":"","background-media":"","overlay-type":"","overlay-color":"","overlay-opacity":"","overlay-gradient":""}},"footnotes":""},"categories":[],"tags":[53,39,29],"class_list":["post-18702","post","type-post","status-publish","format-standard","has-post-thumbnail","hentry","tag-53","tag-39","tag-fr"],"_links":{"self":[{"href":"https:\/\/tunisnews.net\/ar\/wp-json\/wp\/v2\/posts\/18702","targetHints":{"allow":["GET"]}}],"collection":[{"href":"https:\/\/tunisnews.net\/ar\/wp-json\/wp\/v2\/posts"}],"about":[{"href":"https:\/\/tunisnews.net\/ar\/wp-json\/wp\/v2\/types\/post"}],"author":[{"embeddable":true,"href":"https:\/\/tunisnews.net\/ar\/wp-json\/wp\/v2\/users\/1"}],"replies":[{"embeddable":true,"href":"https:\/\/tunisnews.net\/ar\/wp-json\/wp\/v2\/comments?post=18702"}],"version-history":[{"count":0,"href":"https:\/\/tunisnews.net\/ar\/wp-json\/wp\/v2\/posts\/18702\/revisions"}],"wp:featuredmedia":[{"embeddable":true,"href":"https:\/\/tunisnews.net\/ar\/wp-json\/wp\/v2\/media\/22040"}],"wp:attachment":[{"href":"https:\/\/tunisnews.net\/ar\/wp-json\/wp\/v2\/media?parent=18702"}],"wp:term":[{"taxonomy":"category","embeddable":true,"href":"https:\/\/tunisnews.net\/ar\/wp-json\/wp\/v2\/categories?post=18702"},{"taxonomy":"post_tag","embeddable":true,"href":"https:\/\/tunisnews.net\/ar\/wp-json\/wp\/v2\/tags?post=18702"}],"curies":[{"name":"wp","href":"https:\/\/api.w.org\/{rel}","templated":true}]}}