{"id":18689,"date":"2006-02-21T00:00:00","date_gmt":"2006-02-21T00:00:00","guid":{"rendered":"https:\/\/tunisnews.net\/21-fevrier-2006\/"},"modified":"2006-02-21T00:00:00","modified_gmt":"2006-02-21T00:00:00","slug":"21-fevrier-2006","status":"publish","type":"post","link":"https:\/\/tunisnews.net\/ar\/21-fevrier-2006\/","title":{"rendered":"21 f\u00e9vrier 2006"},"content":{"rendered":"<p><html><head><meta content=\"text\/html\" description=\"Le collectif 18 octobre pour les droits et les   libert\u00e9s devait tenir ce matin \u00e0 11h00 une conf\u00e9rence de presse au si\u00e8ge du   parti d\u00e9mocratique progressiste (PDP). Cette conf\u00e9rence avait comme objet   l'appel \u00e0 un rassemblement autour de la libert\u00e9 de r\u00e9union que le collectif   compte organiser vendredi prochain, 24 f\u00e9vrier 2006, au si\u00e8ge du forum   d\u00e9mocratique pour le travail et les libert\u00e9s (FDTL). La police est intervenu   de fa\u00e7on muscl\u00e9e, elle a emp\u00each\u00e9 les membres du collectif appartenant aux   partis et associations non reconnus d'acc\u00e9der au local du PDP et les a priv\u00e9s   d'assister \u00e0 la conf\u00e9rence de presse. C'est ainsi que Hamma Hammami, Radhia   Nasraoui, Lotfi Haji, Slim Boukhdhir et d'autres militants ont \u00e9t\u00e9 violemment   repouss\u00e9s loin du lieu de la conf\u00e9rence de presse.\" http-equiv=\"Content-Type\"\/><\/head><body><body style=\"text-align: justify\"><\/p>\n<p align=\"center\" dir=\"ltr\"><b><a href=\"https:\/\/tunisnews.net\/ar\/\"><span>Home<\/span><span lang=\"FR-CH\"> &#8211; Accueil <\/span><span>&#8211; <\/span><span dir=\"rtl\" lang=\"AR-SA\">\u0627\u0644\u0631\u0626\u064a\u0633\u064a\u0629<\/span><\/a><\/b><\/p>\n<div>\n<table border=\"1\" width=\"100%\">\n<tr>\n<td bgcolor=\"#efefef\" width=\"100%\"> <span lang=\"AR-SA\"> <\/p>\n<div align=\"left\">  <\/div>\n<div> <span lang=\"FR\"> <\/p>\n<div align=\"center\" dir=\"ltr\"> <font face=\"Arial\"><font size=\"2\"> <span lang=\"SV\"> <strong>TUNISNEWS<\/strong><\/span> <\/font><\/font> <\/div>\n<div align=\"center\" dir=\"ltr\"> <strong><font face=\"Arial\"><font size=\"2\">6\u00a0\u00e8me\u00a0ann\u00e9e,          <span lang=\"FR\">N\u00b0\u00a02101 du 21.02.2006<\/span><\/font><\/font><\/strong><\/div>\n<div align=\"center\" dir=\"ltr\"> <strong> <\/p>\n<div align=\"center\"> <b><span><blink> <font face=\"Arial\" size=\"2\">\u00a0archives : <\/font> <a href=\"https:\/\/tunisnews.net\/ar\/\" target=\"_blank\" rel=\"noopener\"> <font face=\"Arial\" size=\"2\" target=\"_blank\">            www.tunisnews.net<\/font><\/a><\/blink><\/span><\/b><font face=\"Arial\" size=\"2\"> <\/font><font> <span lang=\"FR\"> <\/span><\/font><\/div>\n<p> <\/strong><\/div>\n<p> <\/span><\/div>\n<p> <font face=\"Arial\"> <\/p>\n<div align=\"center\" dir=\"ltr\"> <font size=\"2\"><\/p>\n<hr noshade=\"\" size=\"8\"\/><\/font> <\/div>\n<div align=\"left\" dir=\"ltr\">\n<h2 style=\"color: red;\"><font size=\"2\"><strong>Adel Thabet: Tunisie &#8211; La         r\u00e9pression contre le collectif 18 octobre continue<\/strong><\/font><\/h2>\n<\/div>\n<div align=\"left\" dir=\"ltr\"> <font size=\"2\"><strong><\/p>\n<p><font><font>AFP:         Interpellation de deux islamistes tunisiens en r\u00e9gion parisienne<\/font>         Le Quotidien: Elections chez les jeunes avocats : Deux candidatures en         attendant les alliances de derni\u00e8re minute&#8230;         <font>Le Temps: Besoin d&rsquo;autonomie de la BCT par rapport         \u00e0 la politique \u00e9conomique globale<\/font>         The North africa Journal : Tunisian PC Makers to Face Foreign         Competition <\/font><\/p>\n<p><\/strong><\/font> <\/div>\n<div align=\"left\" dir=\"ltr\">\n<p><font size=\"2\"><strong><font>The North         africa Journal : A Lesson from Denmark         <\/font>AFP: Des opposants en Syrie contre l&rsquo;aide financi\u00e8re US         <font>Reuters: USA &#8211; Suppression de l&rsquo;acc\u00e8s libre \u00e0         certains documents \/Presse<\/font>         AFP: Le n\u00e9gationniste David Irving condamn\u00e9 \u00e0 trois ans de prison \u00e0         Vienne         <font>AP: Arab League fails to agree on Palestinian         funding under Hamas         <\/font>Reuters: Condoleezza Rice entame au Caire une tourn\u00e9e dans le         monde arabe         <font>Reuters: Lancement de la premi\u00e8re agence         panafricaine priv\u00e9e de presse<\/font>         Ta\u00efeb Moalla : Les d\u00e9fis du nouveau gouvernement palestinien <\/strong> <\/font><\/p>\n<\/p><\/div>\n<div align=\"left\" dir=\"ltr\"> <font size=\"2\"><strong>Reuters: Islamic singer aims to         fill pop \u00ab\u00a0spirituality\u00a0\u00bb gap<\/strong><\/font><\/div>\n<p> <\/font><\/span><\/td>\n<\/tr>\n<\/table>\n<\/div>\n<p><span lang=\"FR\"><\/p>\n<div> <font> <\/p>\n<div align=\"left\">    \u00a0<\/div>\n<p> <strong><\/p>\n<h2 style=\"color: red;\"><font size=\"3\"> <\/p>\n<p align=\"center\">Tunisie: La r\u00e9pression contre le collectif 18 octobre   continue<\/p>\n<p> <\/font><\/h2>\n<p><\/strong> <\/p>\n<p><font>Le collectif 18 octobre pour les droits et les   libert\u00e9s devait tenir ce matin \u00e0 11h00 une conf\u00e9rence de presse au si\u00e8ge du   parti d\u00e9mocratique progressiste (PDP). Cette conf\u00e9rence avait comme objet   l&rsquo;appel \u00e0 un rassemblement autour de la libert\u00e9 de r\u00e9union que le collectif   compte organiser vendredi prochain, 24 f\u00e9vrier 2006, au si\u00e8ge du forum   d\u00e9mocratique pour le travail et les libert\u00e9s (FDTL). La police est intervenu   de fa\u00e7on muscl\u00e9e, elle a emp\u00each\u00e9 les membres du collectif appartenant aux   partis et associations non reconnus d&rsquo;acc\u00e9der au local du PDP et les a priv\u00e9s   d&rsquo;assister \u00e0 la conf\u00e9rence de presse. C&rsquo;est ainsi que Hamma Hammami, Radhia   Nasraoui, Lotfi Haji, Slim Boukhdhir et d&rsquo;autres militants ont \u00e9t\u00e9 violemment   repouss\u00e9s loin du lieu de la conf\u00e9rence de presse.<\/font><\/p>\n<p align=\"left\"><font>Depuis sa cr\u00e9ation, les activit\u00e9s du   collectif 18 octobre pour les droits et les libert\u00e9s sont syst\u00e9matiquement   interdits par la police tunisienne.<\/font><\/p>\n<p align=\"left\"><strong> <font>Adel Thabet<\/font><\/strong><\/p>\n<div align=\"left\">    \u00a0<\/div>\n<div align=\"left\">\n<hr\/><\/div>\n<p> <\/font><\/div>\n<div>\n<h2 align=\"center\" style=\"color: red;\"><span lang=\"FR\"> <\/p>\n<h2 style=\"color: red;\"><font face=\"Arial\" size=\"3\">Interpellation de deux islamistes   tunisiens en r\u00e9gion parisienne<\/font><\/h2>\n<p><\/span><\/h2>\n<p align=\"justify\">\u00a0<\/p>\n<p align=\"justify\"> <font> <span lang=\"FR\">AFP<\/span><span lang=\"FR-CH\">,   le<\/span><span lang=\"FR\">   21.02.2006 \u00e0 09h50<\/span><\/font><\/p>\n<p align=\"justify\"> <span lang=\"FR\"> <font>PARIS, 21 f\u00e9v 2006 (AFP) &#8211;\u00a0<b> <font>  Deux islamistes tunisiens<\/font><\/b> ont \u00e9t\u00e9\u00a0 interpell\u00e9s lundi pr\u00e8s de Paris   par les services du\u00a0 contre-espionnage fran\u00e7ais (DST) pour des \u00ab\u00a0v\u00e9rifications\u00a0\u00bb   sur leur\u00a0 \u00e9ventuel soutien logistique \u00e0 un r\u00e9seau d\u00e9mantel\u00e9 en Italie en   2002,\u00a0 a-t-on appris mardi de source proche du dossier.<\/font><\/span><\/p>\n<p align=\"justify\">\u00a0<\/p>\n<p align=\"justify\"><span lang=\"FR\"> <font face=\"Arial\">La DST (direction de surveillance du   territoire) agissait sur\u00a0 commission rogatoire des juges antiterroristes   Jean-Fran\u00e7ois Ricard\u00a0 et Jean-Louis Brugui\u00e8re, a-t-on pr\u00e9cis\u00e9.<\/font><\/span><\/p>\n<p align=\"justify\">\u00a0<\/p>\n<p align=\"justify\"> <span lang=\"FR\"> <font>Trois autres personnes, appartenant \u00e0 l&rsquo;entourage des   deux\u00a0 hommes, ont \u00e9galement \u00e9t\u00e9 interpell\u00e9es.<\/font><\/span><\/p>\n<p align=\"justify\">\u00a0<\/p>\n<p align=\"justify\"> <span lang=\"FR\"> <font>Les deux Tunisiens, install\u00e9s de longue date en France,   doivent\u00a0 \u00eatre interrog\u00e9s sur leur \u00e9ventuelle participation au soutien\u00a0   logistique \u00e0 un groupe d\u00e9mantel\u00e9 en 2002 par la justice italienne\u00a0 qui le   soup\u00e7onne d&rsquo;avoir planifi\u00e9 des attentats \u00e0 l&rsquo;int\u00e9rieur et\u00a0 hors d&rsquo;Italie.<\/font><\/span><\/p>\n<p align=\"justify\">\u00a0<\/p>\n<p align=\"justify\"> <span lang=\"FR\"> <font>Les enqu\u00eateurs italiens estiment que ce groupe   s&rsquo;appr\u00eatait d\u00e8s\u00a0 septembre 2002 \u00e0 commettre un attentat \u00ab\u00a0presque certainement   dans un\u00a0 pays europ\u00e9en non encore identifi\u00e9\u00a0\u00bb.<\/font><\/span><\/p>\n<p align=\"justify\">\u00a0<\/p>\n<p align=\"justify\"> <span lang=\"FR\"> <font>A l&rsquo;issue de leur garde \u00e0 vue, qui peut durer quatre   jours, ils\u00a0 peuvent \u00eatre rel\u00e2ch\u00e9s sans poursuite ou pr\u00e9sent\u00e9s \u00e0 un juge\u00a0   antiterroriste, qui les inculpera ou non.<\/font><\/span><\/p>\n<p> <span lang=\"FR\"> <\/p>\n<p align=\"justify\">\u00a0<\/p>\n<hr\/>\n<p align=\"justify\">\u00a0<\/p>\n<p align=\"center\"><font> <strong><\/p>\n<h2 style=\"color: red;\"><font size=\"3\">Appel \u00e0 participation<\/font><\/h2>\n<p><\/strong> <\/font><\/p>\n<div align=\"justify\">         L\u2019institut international de la pens\u00e9e islamique (IIIT France) en     collaboration avec la chaire de l\u2019UNESCO du dialogue inter-religieux a le     plaisir de vous annoncer cet appel \u00e0 participation au Congr\u00e8s international     interdisciplinaire et transdisciplinaire intitul\u00e9 :      \u00ab Nouvelles dynamiques de la pluralit\u00e9 : Paradigmes de la coexistence et de     la reconnaissance \u00bb, et qui se d\u00e9roulera du 22 au 25 juin 2006 au si\u00e8ge de     l\u2019UNESCO \u00e0 Paris.           L\u2019Institut International de la Pens\u00e9e Islamique (IIIT France) est un     organisme d\u2019\u00e9tudes et de recherches interdisciplinaires sur l\u2019islam dans le     monde contemporain.     Nous vous invitons \u00e0 consulter notre site Internet qui sera plus \u00e9loquent     quant \u00e0 nos activit\u00e9s (www.iiitfrance.net).          Nous vous invitons \u00e0 prendre connaissance de l\u2019appel ci-joint et de     retourner le formulaire d\u2019inscription (participants ou auditeurs) d\u00fbment     rempli dans les d\u00e9lais qui y sont mentionn\u00e9s.          Nous nous r\u00e9jouissons d\u2019avance de rentrer en contact avec vous, et restons \u00e0     votre disposition pour de plus amples renseignements. Nous vous prions de     bien vouloir accepter l\u2019_expression de notre grande consid\u00e9ration.           <strong><font>Mohamed MESTIRI,<\/font><\/strong>     Directeur de l\u2019IIIT France\u00a0  <\/div>\n<p align=\"justify\">\u00a0<\/p>\n<hr\/>\n<p><font><font size=\"4\"> <\/p>\n<p align=\"center\"><b><font size=\"3\"> <span lang=\"FR\">Tlaxcala, le r\u00e9seau de   traducteurs pour la diversit\u00e9<span dir=\"rtl\"> <\/span>linguistique, est n\u00e9<\/span><span dir=\"rtl\" lang=\"AR-SA\">   !<\/span><\/font><\/b><\/p>\n<p> <\/font><font size=\"2\"> <\/p>\n<p align=\"center\">\u00a0<\/p>\n<p>En ce 21 f\u00e9vrier   2006, Tlaxcala, le r\u00e9seau de<span dir=\"rtl\"> <\/span>traducteurs pour la   diversit\u00e9 linguistique, a le<\/p>\n<p>plaisir de vous   annoncer sa naissance.<\/p>\n<p>Pour savoir qui<span dir=\"rtl\"> <\/span>nous sommes, ce que nous voulons et ce que nous<span dir=\"rtl\"> <\/span>  faisons, lisez notre Manifeste et d\u00e9couvrez nos<span dir=\"rtl\"> <\/span>travaux   de traduction, en allant sur le site web<\/p>\n<p><b> <span lang=\"EN-GB\"> <a href=\"http:\/\/www.tlaxcala.es\/\" target=\"_blank\" rel=\"noopener\"><font>  http:\/\/www.tlaxcala.es<\/font><\/a><\/span><\/b><\/p>\n<p>Pour entrer en   contact avec nous, \u00e9crire \u00e0<\/p>\n<p> <a href=\"http:\/\/se.f265.mail.yahoo.com\/ym\/Compose?To=tlaxcala@tlaxcala.es\" target=\"_blank\" rel=\"noopener\"> <font>tlaxcala@tlaxcala.es<\/font><\/a><\/p>\n<p>Lisez aussi les   aricles de Quibla, de Les Blough et de<span dir=\"rtl\"> <\/span>Santiago Alba   Rico sur<span dir=\"rtl\"> <\/span><b> <span dir=\"rtl\" lang=\"EN-GB\"> <a href=\"http:\/\/quibla.net\/tlaxcala21022006.htm\" target=\"_blank\" rel=\"noopener\"> <span dir=\"ltr\" lang=\"FR\"><font>  http:\/\/quibla.net\/tlaxcala21022006.htm<\/font><\/span><\/a><\/span><\/b><\/p>\n<p align=\"center\">\u00a0<\/p>\n<p> <font face=\"Arial\"><\/p>\n<hr\/>\n<p><\/font> <\/p>\n<p align=\"justify\">\u00a0<\/p>\n<p align=\"center\"><b> <span lang=\"FR\">Elections chez les   jeunes avocats : <\/span><\/b><\/p>\n<p> <\/font> <\/p>\n<p align=\"center\"><b> <span lang=\"FR\"><font size=\"3\">Deux   candidatures en attendant les alliances de derni\u00e8re minute&#8230;<\/font><\/span><\/b><\/p>\n<p> <font size=\"2\"> <\/p>\n<p align=\"justify\">\u00a0<\/p>\n<p align=\"justify\"><i><u>Tunis &#8211; Le   Quotidien<\/u><\/i><\/p>\n<p align=\"justify\">\u00a0<\/p>\n<p align=\"justify\">Deux avocats   seulement ont jusqu\u2019ici d\u00e9pos\u00e9 leurs candidatures aux si\u00e8ges du Comit\u00e9   directeur de l\u2019Association tunisienne des jeunes avocats (ATJA) dont   l\u2019Assembl\u00e9e g\u00e9n\u00e9rale \u00e9lective se d\u00e9roulera les 3 et 4 mars \u00e0 Tunis.<\/p>\n<p align=\"justify\">\u00a0<\/p>\n<p align=\"justify\">En d\u00e9pit d\u2019un   marathon de r\u00e9unions consacr\u00e9es aux tractations sur la constitution d\u2019une   liste commune qui entrera en lice contre la liste des avocats proches du   Rassemblement Constitutionnel D\u00e9mocratique (RCD), de nombreuses sensibilit\u00e9s   du barreau n\u2019arrivent pas toujours \u00e0 raccorder leurs violons. <\/p>\n<p align=\"justify\">\u00a0<\/p>\n<p align=\"justify\">R\u00e9sultat: deux   candidatures \u00abindividuelles\u00bb seulement ont \u00e9t\u00e9 d\u00e9pos\u00e9es depuis le 14 f\u00e9vrier   aux neuf si\u00e8ges du Comit\u00e9 directeur de l\u2019ATJA. Il s\u2019agit des candidatures de   Me Sami Chtourou (Sfax) et de Me Ha\u00efthem Kh\u00e9dir (Sousse).<\/p>\n<p align=\"justify\">\u00a0<\/p>\n<p align=\"justify\">Les courants cens\u00e9s   constituer une liste rivale \u00e0 celle des avocats constitutionnels demeurent   profond\u00e9ment divis\u00e9s. La pomme de discorde se rapporte \u00e0 l\u2019alliance avec le   courant religieux. La situation constitue \u00aben miniature\u00bb, le prolongement du   d\u00e9bat qui marque depuis quelques mois la sc\u00e8ne politique nationale et divise   l\u2019opposition. Ainsi, les sensibilit\u00e9s de gauche et d\u2019ob\u00e9dience nationaliste   arabe ne feront pas front commun.<\/p>\n<p align=\"justify\">\u00a0<\/p>\n<p align=\"justify\">Quelques formations   de gauche et des sensibilit\u00e9s d\u2019ob\u00e9dience nationaliste arabe constitueront une   liste qui regroupera \u00e9galement des candidats appartenant au courant religieux.   Les sensibilit\u00e9s de gauche oppos\u00e9es \u00e0 une \u00aballiance contre-nature\u00bb avec le   courant religieux constitueront une liste \u00e0 part.<\/p>\n<p align=\"justify\">La division profite   directement aux avocats constitutionnels. Leur liste qui regroupera la   majorit\u00e9 des membres du Comit\u00e9 directeur sortant pourrait d\u00e9crocher la   timbale.<\/p>\n<p align=\"justify\">\u00a0<\/p>\n<p align=\"justify\">Les \u00abRCDistes\u00bb   pourraient aussi tirer profit du \u00abbilan positif\u00bb du Comit\u00e9 directeur sortant   form\u00e9 en grande partie par des avocats proches du parti au pouvoir. Le mandat   du Comit\u00e9 directeur sortant a \u00e9t\u00e9 marqu\u00e9 notamment par l\u2019octroi de 200   cr\u00e9dits-voitures et 100 cr\u00e9dits BTS consacr\u00e9s \u00e0 l\u2019ouverture des bureaux   d\u2019avocat ainsi que par la signature d\u2019une convention permettant aux adh\u00e9rents   de l\u2019association de b\u00e9n\u00e9ficier d\u2019une r\u00e9duction de 10% sur tous les vols de   Tunisair.<\/p>\n<p align=\"justify\">\u00a0<\/p>\n<p align=\"justify\"><b> <span lang=\"EN-US\">  W.K.<\/span><span lang=\"EN-US\"> <\/span><\/b><\/p>\n<p align=\"justify\">\u00a0<\/p>\n<p> <\/font> <\/p>\n<p align=\"justify\"><b>(Source: \u201cLe   Quotidien\u201d (Tunisie) du 21 f\u00e9vrier 2006)<\/b><\/p>\n<p> <font><font face=\"Arial\"><\/p>\n<hr\/>\n<p><\/font> <\/p>\n<p align=\"justify\">\u00a0<\/p>\n<p align=\"center\"><span lang=\"FR\"> <strong><font face=\"Arial\" size=\"2\">Monnaie &#8211; Le rapport   convertibilit\u00e9 du dinar\/commerce ext\u00e9rieur<\/font><\/strong><\/span><\/p>\n<h2 align=\"center\" style=\"color: red;\"><span lang=\"FR\"> <\/p>\n<h2 style=\"color: red;\"><font face=\"Arial\" size=\"3\">Besoin d&rsquo;autonomie de la BCT par   rapport \u00e0 la politique \u00e9conomique globale<\/font><\/h2>\n<p><\/span><\/h2>\n<p align=\"justify\"> <span lang=\"EN-US\"> <strong>Salah\u00a0 Ben\u00a0 HAMADI.<\/strong><\/span><\/p>\n<p align=\"justify\">\u00a0<\/p>\n<p align=\"justify\">Le mod\u00e8le de   croissance bas\u00e9 sur les exportations et la polarisation des investissements   directs \u00e9trangers auquel a opt\u00e9 la Tunisie, dans le cadre d&rsquo;une \u00e9conomie   ouverte et d&rsquo;un march\u00e9 libre, r\u00e9clame la convertibilit\u00e9 totale du dinar   tunisien, avec l&rsquo;am\u00e9nagement des conditions propices \u00e0 sa r\u00e9ussite, estiment   des sp\u00e9cialistes en mati\u00e8re de questions mon\u00e9taires et commerciales, contact\u00e9s   \u00e0 l&rsquo;occasion de la consultation nationale sur l&rsquo;exportation devant d\u00e9marrer   incessamment.<\/p>\n<p align=\"justify\">\u00a0<\/p>\n<p align=\"justify\">A cet \u00e9gard, les   professeurs Marouan El Abassi, enseignant\u00a0 de commerce international \u00e0   l&rsquo;Institut des hautes\u00a0 \u00e9tudes commerciales (IHEC) \u00e0 Carthage, coordinateur du   2\u00e8me\u00a0 projet de d\u00e9veloppement des exportations et Skander Oueneis, enseignant   d&rsquo;\u00e9conomie au m\u00eame \u00e9tablissement, nous ont d\u00e9clar\u00e9 que pour r\u00e9ussir\u00a0 la   convertibilit\u00e9 totale du dinar pr\u00e9vue pour 2008, il faut essentiellement   penser \u00e0 assurer une certaine autonomie de la Banque centrale de Tunisie, par   rapport \u00e0 la politique \u00e9conomique globale<\/p>\n<p align=\"justify\">\u00a0<\/p>\n<p align=\"justify\">Il faut que la BCT se   charge seulement de la politique mon\u00e9taire, ind\u00e9pendamment de la politique   \u00e9conomique globale. Il s&rsquo;agit de s\u00e9parer la conduite de la politique   mon\u00e9taire, de celle de la politique \u00e9conomique.<\/p>\n<p align=\"justify\">\u00a0<\/p>\n<p align=\"justify\">En effet, la   convertibilit\u00e9 totale du dinar signifie que le compte capital de\u00a0 la balance   des paiements ( mouvement des capitaux) soit ouvert, c&rsquo;est \u00e0 dire que les   agents \u00e9conomiques peuvent envoyer et recevoir des flux de financement vers   l&rsquo;\u00e9tranger.<\/p>\n<p align=\"justify\">\u00a0<\/p>\n<p align=\"justify\">Mais, une telle   conduite n\u00e9cessite d&rsquo;avoir pr\u00e9sent \u00e0 l&rsquo;esprit le\u00a0 danger des flux des capitaux   \u00e0 court terme qui sont \u00e0 caract\u00e8re sp\u00e9culatif et fortement d\u00e9stabilisateurs   pour les \u00e9conomies \u00e9mergentes comme celle de la Tunisie. Ainsi, les pays   asiatiques en 1997-1998 et l&rsquo;Argentine en 2000 en ont \u00e9norm\u00e9ment souffert.<\/p>\n<p align=\"justify\">\u00a0<\/p>\n<p align=\"justify\">\u00a0<b><span>Indicateur   de confiance :<\/span><\/b><\/p>\n<p align=\"justify\">\u00a0<\/p>\n<p align=\"justify\">Or, le taux de change   pratiqu\u00e9 en Tunisie, au cours des derni\u00e8res ann\u00e9es, a favoris\u00e9 les   exportations de sorte que sur ce plan, la Tunisie a parfaitement r\u00e9ussi la   gestion de son taux de change.<\/p>\n<p align=\"justify\">\u00a0<\/p>\n<p align=\"justify\">Dans la perspective   d&rsquo;une convertibilit\u00e9 globale du dinar \u00e0 court terme, rien ne permet de pr\u00e9voir   que cet avantage va durer ni qu&rsquo;il va dispara\u00eetre dans la mesure o\u00f9 d&rsquo;autres   \u00e9l\u00e9ments d&rsquo;appr\u00e9ciation vont intervenir, comme l&rsquo;\u00e9tat de la concurrence au   niveau du commerce ext\u00e9rieur.<\/p>\n<p align=\"justify\">\u00a0<\/p>\n<p align=\"justify\">Tout d\u00e9pendra, alors,   de la vigueur de l&rsquo;\u00e9conomie tunisienne et de sa capacit\u00e9 \u00e0 susciter la   confiance des investisseurs et par cons\u00e9quent \u00e0 mobiliser les IDE.<\/p>\n<p align=\"justify\">\u00a0<\/p>\n<p align=\"justify\">Ainsi, la   convertibilit\u00e9 du dinar repr\u00e9sente, en d\u00e9finitive, un indicateur de confiance   dans l&rsquo;\u00e9conomie tunisienne.<\/p>\n<p align=\"justify\">\u00a0<\/p>\n<p align=\"justify\">Entre temps, pour se   pr\u00e9parer convenablement \u00e0 cette \u00e9ch\u00e9ance, nos interlocuteurs insistent sur la   n\u00e9cessit\u00e9 d&rsquo;achever la restructuration du secteur\u00a0 bancaire, \u00e0 travers le   nettoyage et la solution du probl\u00e8me des cr\u00e9ances douteuses, l&rsquo;augmentation de   la productivit\u00e9 du secteur gr\u00e2ce \u00e0 l&rsquo;introduction des nouvelles technologies   de gestion, et le d\u00e9veloppement de tout ce qui est banque en ligne. Il faudra   aussi impulser la concurrence au niveau du secteur bancaire pour le pr\u00e9parer \u00e0   une plus grande ouverture.<\/p>\n<p align=\"justify\">\u00a0<\/p>\n<p align=\"justify\">D\u00e9j\u00e0, les taux de   change sont librement fix\u00e9s par les banques tandis que la convertibilit\u00e9   courante du dinar tunisien est effective depuis 1992.<\/p>\n<p align=\"justify\">\u00a0<\/p>\n<p> <\/font> <\/p>\n<p align=\"justify\"><b>(Source: \u201cLe   Temps\u201d (Tunisie) du 21 f\u00e9vrier 2006)<\/b><\/p>\n<p> <font><font face=\"Arial\"><\/p>\n<hr\/>\n<p><\/font> <\/p>\n<p align=\"justify\">\u00a0<\/p>\n<p align=\"justify\">\u00a0<\/p>\n<p align=\"center\"><span lang=\"EN-US\"> <font face=\"Arial\" size=\"2\"><strong>ANALYSIS<\/strong><\/font><\/span><\/p>\n<p> <\/font><\/font><font> <\/p>\n<p> <span lang=\"EN-US\"><strong><\/p>\n<h2 style=\"color: red;\"><font face=\"Arial\">Tunisian PC   Makers to Face Foreign Competition<\/font><\/h2>\n<p><\/strong><\/span><\/p>\n<p> <font size=\"2\"> <\/p>\n<p align=\"justify\">\u00a0<\/p>\n<p align=\"justify\"> <span lang=\"EN-US\">Five year ago  <\/span> <st1:country-region> <st1:place><span lang=\"EN-US\">  Tunisia<\/span><\/st1:place><\/st1:country-region><span lang=\"EN-US\">   launched a government program aimed at boosting computer penetration of   Tunisian households. The program already underwent what the Tunisians called   version 1 and version 2 has just begun. In version 1, the role of the   government led to the emergence of five domestic companies to compete against   the international brands. These companies, IGL, Sami, Aster, Microlux, and   Maxter received ISO certification and underwent industry certification   including certification from Microsoft and key component suppliers.<\/span><\/p>\n<p align=\"justify\">\u00a0<\/p>\n<p align=\"justify\"> <span lang=\"EN-US\">The emergence   of the so-called family PC, driven by government policy, enabled the emergence   of these small PC assemblers and brands that have been thriving amid a growing   lucrative market. Aware of a version 2, these companies have engaged resources   to further leverage their position in the market. With their committed   investments over the past years, these companies managed to assemble 48% of   all of the PCs used in <\/span> <st1:country-region> <st1:place><span lang=\"EN-US\">  Tunisia<\/span><\/st1:place><\/st1:country-region><span lang=\"EN-US\">.<\/span><\/p>\n<p align=\"justify\">\u00a0<\/p>\n<p align=\"justify\"> <span lang=\"EN-US\">Four years   after the implementation of version 1, <\/span> <st1:country-region> <st1:place><span lang=\"EN-US\">  Tunisia<\/span><\/st1:place><\/st1:country-region><span lang=\"EN-US\">   began what is called version 2, and companies involved in that market have   been mandated to double production of home PCs to 20,000 per year. In this   number, the state will subsidize 5,000 units to go to poor households, while   middle-class families will benefit from improved financing conditions. Reduced   interests will be given to households that earned up to six times the minimum   wage, which will likely lead to the establishment of multi-PC households.<\/span><\/p>\n<p align=\"justify\">\u00a0<\/p>\n<p align=\"justify\"> <span lang=\"EN-US\">In the outset,   this policy looks promising but there is a problem that worries the Tunisian   computer makers. This is because version 2 of this program opens the door   wider to multinational corporations, whose arrival into this market is seen as   likely to hurt the smaller Tunisian assemblers. In version 1, Tunisian PC   vendors were protected by trade barriers that enabled them to price their   products at 10% to 15% less than their foreign competitors. Not anymore, in   version 2 the law mandates equal pricing for all vendors.<\/span><\/p>\n<p align=\"justify\">\u00a0<\/p>\n<p align=\"justify\"> <span lang=\"EN-US\">The Tunisian PC   vendors had hoped to obtain further protective measures and concessions from   their government. But new measures are unlikely and competition will certainly   intensify to the benefit of consumers and foreign PC vendors who are better   prepared than their smaller Tunisian competitors. The proliferation of form   factors, the emergence of new PC models like the <\/span> <st1:place> <st1:placename><span lang=\"EN-US\">  Media<\/span><\/st1:placename><span lang=\"EN-US\"> <\/span> <st1:placetype><span lang=\"EN-US\">  Center<\/span><\/st1:placetype><\/st1:place><span lang=\"EN-US\">,   and the complexity of building notebook computers locally certainly requires   the participation of international companies. That can only help local   assemblers improve their performance and product quality or face the risk of   disappearing. Yet, the Tunisian assemblers are fighting to protect their own   market. They warn that the entry of foreign companies will undermine a whole   domestic industry and will lead to job losses.<\/span><\/p>\n<p align=\"justify\">\u00a0<\/p>\n<p align=\"justify\"> <span lang=\"EN-US\">Their concerns   may be right and are indicative of their acknowledgement that they may not be   able to survive the strength of the soon arriving foreign companies. Whether   they will survive or not, the issue is irrelevant as <\/span> <st1:country-region> <st1:place><span lang=\"EN-US\">  Tunisia<\/span><\/st1:place><\/st1:country-region><span lang=\"EN-US\">   is forced to remove its trade barriers. The Tunisian manufacturers only need   to see what their Chinese counterparts are doing to realize that the global   playing field is now open to everyone.<\/span><\/p>\n<p align=\"justify\">\u00a0<\/p>\n<p align=\"justify\"><b> <span lang=\"FR-CH\">  (Source\u00a0: \u00ab\u00a0The North africa Journal\u00a0\u00bb, le 21 f\u00e9vrier 2006)<\/span><\/b><\/p>\n<p align=\"justify\"><b> <span lang=\"EN-US\">  URL: <a href=\"http:\/\/www.north-africa.com\/one.htm\" target=\"_blank\" rel=\"noopener\"> <font>http:\/\/www.north-africa.com\/one.htm<\/font><\/a><\/span><\/b><\/p>\n<p> <font face=\"Arial\"><\/p>\n<hr\/>\n<p><\/font> <\/p>\n<p align=\"justify\">\u00a0<\/p>\n<p> <\/font> <\/p>\n<p><h2 style=\"color: red;\"><font><strong><font face=\"Arial\"><span lang=\"EN-US\">A Lesson   from <\/span> <st1:country-region> <st1:place><span lang=\"EN-US\">Denmark<\/span><\/st1:place><\/st1:country-region><\/font><\/strong><\/font><\/h2>\n<\/p>\n<p> <font size=\"2\"> <\/p>\n<p align=\"justify\"><span lang=\"EN-US\"> <strong><font face=\"Arial\" size=\"2\">Arezki Daoud <\/font> <\/strong><\/span><\/p>\n<p align=\"justify\">\u00a0<\/p>\n<p align=\"justify\"> <span lang=\"EN-US\">A lot has   already been said about the caricatures of Prophet Mohamed published by a   Danish newspaper. While it is not my purpose to contribute to what is   apparently a dead-end situation, there has to be a lesson to learn from this   mess created in the name of \u201cfree speech.\u201d When a publisher allows such   provocative move to happen, the end goals are essentially limited to only a   couple of objectives. It is either to attract attention to sell more   advertisement, or to really demean people for their believes. It is very   likely that both objectives collided this time around. By creating such   controversy, readership would increase and ad money should pour in. <\/span> <\/p>\n<p align=\"justify\">\u00a0<\/p>\n<p align=\"justify\"> <span lang=\"EN-US\">This time,   however, the reaction may not have been predicted given its scope and a dozen   cartoons will likely lead <\/span> <st1:country-region> <st1:place><span lang=\"EN-US\">  Denmark<\/span><\/st1:place><\/st1:country-region><span lang=\"EN-US\">   to be challenged in at least three areas: trade, diplomacy, and the perception   of being a tolerant nation.<\/span><\/p>\n<p align=\"justify\">\u00a0<\/p>\n<p align=\"justify\"> <span lang=\"EN-US\">Although I   doubt Muslim governments will reduce their trade with <\/span> <st1:country-region> <st1:place><span lang=\"EN-US\">  Denmark<\/span><\/st1:place><\/st1:country-region><span lang=\"EN-US\">   substantially as retaliation, one should expect Danish exporters to witness in   the short to medium terms at least a marginal decrease in their sales to the   Muslim world. Islamic nations represent a small portion of <\/span> <st1:country-region> <st1:place><span lang=\"EN-US\">  Denmark<\/span><\/st1:place><\/st1:country-region><span lang=\"EN-US\">\u2019s   global trade. But the value of that country\u2019s exports to Muslim nations is not   something to ignore. In 2004, Danish exports to Islamic countries exceeded the   DKK 8.5 billion, or almost $1.68 billion. The region has become an interesting   trading partner for <\/span> <st1:country-region> <st1:place><span lang=\"EN-US\">  Denmark<\/span><\/st1:place><\/st1:country-region><span lang=\"EN-US\">   for at least two reasons. Sales there continued to growth, expanding by 8%   from 2003 to 2004, and <\/span> <st1:country-region> <st1:place><span lang=\"EN-US\">  Denmark<\/span><\/st1:place><\/st1:country-region><span lang=\"EN-US\">   maintained a trade surplus with virtually every Muslim country. In <\/span> <st1:place> <st1:city><span lang=\"EN-US\">North   Africa<\/span><\/st1:city><span lang=\"EN-US\">,  <\/span> <st1:country-region> <span lang=\"EN-US\">Denmark<\/span><\/st1:country-region><\/st1:place><span lang=\"EN-US\">   has been recording better trade performances, growing sales by a strong 15% to   almost DKK 2 billion in 2004. At best, one should expect at least a marginal   5% decrease in export to the region, or up to $100 million. This may not be   much, but it can be the source of earning for many Danish workers. <\/span><\/p>\n<p align=\"justify\">\u00a0<\/p>\n<p align=\"justify\"> <span lang=\"EN-US\">On the other   hand, a dozen insulting drawings have resulted in a major erosion of <\/span> <st1:country-region> <st1:place><span lang=\"EN-US\">  Denmark<\/span><\/st1:place><\/st1:country-region><span lang=\"EN-US\">\u2019s   diplomacy. They have destroyed decades of <\/span> <st1:country-region> <st1:place><span lang=\"EN-US\">  Denmark<\/span><\/st1:place><\/st1:country-region><span lang=\"EN-US\">\u2019s   work in positioning itself as a neutral and respected diplomatic partner that   many nations, in particular from the developing world looked for to help   mediate in crises. The attacks against Danish properties in the Muslim world,   although not legitimate, are indicative of a diminished Danish diplomacy,   which may take a long time and hard work to recover.<\/span><\/p>\n<p align=\"justify\">\u00a0<\/p>\n<p align=\"justify\"> <span lang=\"EN-US\">Finally, the   good people of <\/span> <st1:country-region> <st1:place><span lang=\"EN-US\">  Denmark<\/span><\/st1:place><\/st1:country-region><span lang=\"EN-US\">   will have to deal with an image problem that they don\u2019t deserve. Their country   has always been seen as a tolerant nation. It took only 12 drawings to change   that image, at least among the one billion Muslims around the world. A recent   poll conducted by a respected Danish newspaper showed that a majority of   people in that country did not endorse the drawings and understood Muslim   anger over it. Was all that worth it? And is that really \u201cfreedom of speech?\u201d   &#8211; I don\u2019t think so.<\/span><\/p>\n<p align=\"justify\">\u00a0<\/p>\n<p align=\"justify\"> <span lang=\"EN-US\">Let us know   what you think?<\/span><\/p>\n<p align=\"justify\">\u00a0<\/p>\n<p align=\"justify\"><b>(Source\u00a0: \u00abNorth   Africa journal Weblog\u201d, le 20 f\u00e9vrier 2006)<\/b><\/p>\n<p align=\"justify\"><strong> <span lang=\"EN-US\">  URL:<\/span><span lang=\"EN-US\"> <\/span><\/strong> <a href=\"http:\/\/www.north-africa.com\/blog\/?page_id=12\" target=\"_blank\" rel=\"noopener\"> <span lang=\"EN-US\"><font><strong>  http:\/\/www.north-africa.com\/blog\/?page_id=12<\/strong><\/font><\/span><\/a><\/p>\n<p align=\"justify\"><strong><\/strong><\/p>\n<hr\/>\n<p align=\"justify\">\u00a0<\/p>\n<h3 align=\"center\" style=\"color: blue;\"><span lang=\"FR\"> <\/p>\n<h3 style=\"color: blue;\"><font face=\"Arial\" size=\"3\">USA &#8211; Suppression de l&rsquo;acc\u00e8s libre   \u00e0 certains documents \/Presse<\/font><\/h3>\n<p><\/span><\/h3>\n<p align=\"justify\">\u00a0<\/p>\n<p align=\"justify\">\u00a0<\/p>\n<p align=\"justify\">Reuters, le   21.02.2006 \u00e0 05<span lang=\"FR-CH\">h<\/span>48<\/p>\n<p align=\"justify\">WASHINGTON, 21   f\u00e9vrier (Reuters) &#8211; Les agences am\u00e9ricaines de renseignement sont secr\u00e8tement   en train de supprimer aux Archives nationales la consultation en acc\u00e8s libre   de plusieurs milliers de documents historiques qui \u00e9taient disponibles depuis   des ann\u00e9es, r\u00e9v\u00e8le le New York Times lundi.<\/p>\n<p align=\"justify\">\u00a0<\/p>\n<p align=\"justify\">La restauration du   statut de documents class\u00e9s concerne plus de 55.000 pages qui avaient \u00e9t\u00e9   pr\u00e9c\u00e9demment d\u00e9class\u00e9es. <\/p>\n<p align=\"justify\">\u00a0<\/p>\n<p align=\"justify\">L&rsquo;op\u00e9ration de   suppression de l&rsquo;acc\u00e8s public a commenc\u00e9 en 1999 quand la CIA et cinq autres   agences se sont oppos\u00e9es \u00e0 la publication &#8211; qu&rsquo;elles estimaient h\u00e2tive &#8211;   d&rsquo;informations sensibles, signale le quotidien am\u00e9ricain. Le pr\u00e9sident Bill   Clinton a sign\u00e9 en 1995 une ordre de d\u00e9classification.<\/p>\n<p align=\"justify\">\u00a0<\/p>\n<p align=\"justify\">Ce programme secret   de reprise en main s&rsquo;est acc\u00e9l\u00e9r\u00e9 apr\u00e8s l&rsquo;arriv\u00e9e au pouvoir de George Bush,   affirme le quotidien.<\/p>\n<p align=\"justify\">\u00a0<\/p>\n<p align=\"justify\">L&rsquo;affaire s&rsquo;est   \u00e9bruit\u00e9e apr\u00e8s la d\u00e9couverte par un historien travaillant sur les services de   renseignement, Matthew Aid, de la disparition des \u00e9tag\u00e8res de dizaines de   documents qu&rsquo;il avait recopi\u00e9s plusieurs ann\u00e9es auparavant, \u00e9crit le New York   Times.<\/p>\n<p align=\"justify\">\u00a0<\/p>\n<p align=\"justify\">Selon la   r\u00e9glementation actuelle, les documents du gouvernement sont cens\u00e9s \u00eatre   d\u00e9class\u00e9s au bout de 25 ans sauf raison particuli\u00e8re de les garder au secret.<\/p>\n<p align=\"justify\">\u00a0<\/p>\n<h3 align=\"justify\" style=\"color: blue;\"><span lang=\"FR\"> <font face=\"Arial\" size=\"2\">REUTERS<\/font><\/span><\/h3>\n<p> <font face=\"Arial\"><\/p>\n<hr\/>\n<p><\/font> <\/p>\n<p align=\"justify\">\u00a0<\/p>\n<h3 align=\"center\" style=\"color: blue;\"><span lang=\"FR\"> <\/p>\n<h3 style=\"color: blue;\"><font face=\"Arial\" size=\"3\">Le n\u00e9gationniste David Irving   condamn\u00e9 \u00e0 trois ans de prison \u00e0 Vienne<\/font><\/h3>\n<p><\/span><\/h3>\n<p align=\"justify\"><span lang=\"FR\"> <font face=\"Arial\" size=\"2\"><strong>Par Michael ADLER <\/strong> <\/font><\/span><\/p>\n<p align=\"justify\">\u00a0<\/p>\n<h3 align=\"justify\" style=\"color: blue;\"><span lang=\"FR\"> <em><font face=\"Arial\" size=\"2\">  AFP, le 20.02.2006 \u00e0 18h52<\/font><\/em><\/span><\/h3>\n<p align=\"justify\">\u00a0\u00a0\u00a0\u00a0\u00a0\u00a0\u00a0\u00a0\u00a0\u00a0\u00a0\u00a0\u00a0\u00a0\u00a0\u00a0\u00a0\u00a0\u00a0\u00a0\u00a0   \u00a0\u00a0\u00a0\u00a0\u00a0\u00a0\u00a0\u00a0\u00a0\u00a0\u00a0\u00a0\u00a0\u00a0\u00a0\u00a0\u00a0\u00a0\u00a0\u00a0\u00a0 VIENNE, 20 f\u00e9v 2006 (AFP) &#8211; L&rsquo;historien britannique   David Irving\u00a0 a \u00e9t\u00e9 condamn\u00e9 \u00e0 trois ans de prison pour avoir ni\u00e9 la r\u00e9alit\u00e9   de\u00a0 l&rsquo;Holocauste, et ce bien qu&rsquo;il ait affirm\u00e9 avoir chang\u00e9 d&rsquo;avis,\u00a0 lundi   soir par un tribunal de Vienne. <\/p>\n<p align=\"justify\">\u00a0\u00a0\u00a0\u00a0\u00a0\u00a0\u00a0\u00a0\u00a0\u00a0\u00a0\u00a0\u00a0\u00a0\u00a0\u00a0\u00a0\u00a0\u00a0\u00a0\u00a0   David Irving, 67 ans, avait plaid\u00e9 coupable, au d\u00e9but de son\u00a0 proc\u00e8s lundi   matin, d&rsquo;avoir ni\u00e9 l&rsquo;Holocauste en 1989, assurant qu&rsquo;il\u00a0 avait chang\u00e9 d&rsquo;avis   et qu&rsquo;il reconnaissait d\u00e9sormais l&rsquo;existence des\u00a0 chambres \u00e0 gaz \u00e0 Auschwitz.  <\/p>\n<p align=\"justify\">\u00a0\u00a0\u00a0\u00a0\u00a0\u00a0\u00a0\u00a0\u00a0\u00a0\u00a0\u00a0\u00a0\u00a0\u00a0\u00a0\u00a0\u00a0\u00a0\u00a0\u00a0   Il s&rsquo;est d\u00e9clar\u00e9 \u00ab\u00a0tr\u00e8s choqu\u00e9\u00a0\u00bb et a indiqu\u00e9 qu&rsquo;il ferait appel\u00a0 du verdict,   rendu par un jury unanime apr\u00e8s sept heures d&rsquo;audience\u00a0 par le tribunal   correctionnel. <\/p>\n<p align=\"justify\">\u00a0\u00a0\u00a0\u00a0\u00a0\u00a0\u00a0\u00a0\u00a0\u00a0\u00a0\u00a0\u00a0\u00a0\u00a0\u00a0\u00a0\u00a0\u00a0\u00a0\u00a0   Un partisan dans l&rsquo;auditoire a alors cri\u00e9 dans sa direction:\u00a0 \u00ab\u00a0reste fort,   bonne chance !\u00a0\u00bb <\/p>\n<p align=\"justify\">\u00a0\u00a0\u00a0\u00a0\u00a0\u00a0\u00a0\u00a0\u00a0\u00a0\u00a0\u00a0\u00a0\u00a0\u00a0\u00a0\u00a0\u00a0\u00a0\u00a0\u00a0   M. Irving encourrait dix ans de prison au titre de la loi\u00a0 autrichienne de   1947 contre la r\u00e9activation du nazisme. <\/p>\n<p align=\"justify\">\u00a0\u00a0\u00a0\u00a0\u00a0\u00a0\u00a0\u00a0\u00a0\u00a0\u00a0\u00a0\u00a0\u00a0\u00a0\u00a0\u00a0\u00a0\u00a0\u00a0\u00a0   Insistant sur le \u00ab\u00a0s\u00e9rieux\u00a0\u00bb de ses recherches historiques, il a\u00a0 affirm\u00e9 avoir   chang\u00e9 d&rsquo;opinion apr\u00e8s avoir d\u00e9couvert des documents\u00a0 contredisant ses th\u00e8ses,   dont certains de l&rsquo;architecte de la\u00a0 \u00ab\u00a0Solution finale\u00a0\u00bb, Adolf Eichmann. <\/p>\n<p align=\"justify\">\u00a0\u00a0\u00a0\u00a0\u00a0\u00a0\u00a0\u00a0\u00a0\u00a0\u00a0\u00a0\u00a0\u00a0\u00a0\u00a0\u00a0\u00a0\u00a0\u00a0\u00a0   \u00ab\u00a0Je reconnais ma culpabilit\u00e9 concernant cette accusation\u00a0\u00bb,\u00a0 a-t-il d\u00e9clar\u00e9,   pr\u00e9cisant qu&rsquo;il r\u00e9alisait aujourd&rsquo;hui que son\u00a0 affirmation de 1989 selon   laquelle \u00ab\u00a0il n&rsquo;y avait pas de chambres \u00e0\u00a0 gaz \u00e0 Auschwitz\u00a0\u00bb \u00e9tait \u00ab\u00a0erron\u00e9e\u00a0\u00bb.  <\/p>\n<p align=\"justify\">\u00a0\u00a0\u00a0\u00a0\u00a0\u00a0\u00a0\u00a0\u00a0\u00a0\u00a0\u00a0\u00a0\u00a0\u00a0\u00a0\u00a0\u00a0\u00a0\u00a0\u00a0   Son avocat Elmar Kresbach a estim\u00e9 qu&rsquo;une sentence de trois ans\u00a0 \u00e9tait trop   forte pour \u00ab\u00a0un proc\u00e8s lan\u00e7ant un message\u00a0\u00bb au monde. Il a\u00a0 estim\u00e9 que son   client ne passerait pas plus de deux ans en prison,\u00a0 si la peine est confirm\u00e9e   en appel, parce qu&rsquo;il est \u00ab\u00a0\u00e2g\u00e9 et que\u00a0 c&rsquo;est sa premi\u00e8re condamnation\u00a0\u00bb. <\/p>\n<p align=\"justify\">\u00a0\u00a0\u00a0\u00a0\u00a0\u00a0\u00a0\u00a0\u00a0\u00a0\u00a0\u00a0\u00a0\u00a0\u00a0\u00a0\u00a0\u00a0\u00a0\u00a0\u00a0   Le Britannique a cependant tent\u00e9 de faire valoir la \u00ab\u00a0logique\u00a0\u00bb de\u00a0 ses   raisonnements, notamment de celui qui l&rsquo;avait conduit \u00e0 conclure\u00a0 \u00e0 l&rsquo;absence   de chambres \u00e0 gaz \u00e0 Auschwitz dans la mesure o\u00f9 100.000\u00a0 personnes avaient   surv\u00e9cu \u00e0 ce camp. <\/p>\n<p align=\"justify\">\u00a0\u00a0\u00a0\u00a0\u00a0\u00a0\u00a0\u00a0\u00a0\u00a0\u00a0\u00a0\u00a0\u00a0\u00a0\u00a0\u00a0\u00a0\u00a0\u00a0\u00a0   M. Irving a par ailleurs refus\u00e9 d&rsquo;assimiler, comme l&rsquo;y invitait\u00a0 le procureur   Michael Klackl, ses propos \u00e0 une n\u00e9gation de\u00a0 l&rsquo;Holocauste. <\/p>\n<p align=\"justify\">\u00a0\u00a0\u00a0\u00a0\u00a0\u00a0\u00a0\u00a0\u00a0\u00a0\u00a0\u00a0\u00a0\u00a0\u00a0\u00a0\u00a0\u00a0\u00a0\u00a0\u00a0   \u00ab\u00a0Il ne s&rsquo;agissait pas d&rsquo;une n\u00e9gation de l&rsquo;Holocauste, mais\u00a0 seulement d'(un   propos sur) une partie de l&rsquo;histoire\u00a0\u00bb de\u00a0 l&rsquo;Holocauste, a-t-il d\u00e9clar\u00e9 \u00e0 la   barre.\u00a0 <\/p>\n<p align=\"justify\">\u00a0\u00a0\u00a0\u00a0\u00a0\u00a0\u00a0\u00a0\u00a0\u00a0\u00a0\u00a0\u00a0\u00a0\u00a0\u00a0\u00a0\u00a0\u00a0\u00a0\u00a0   Lors d&rsquo;une interruption de s\u00e9ance, M. Klackl a estim\u00e9 devant des\u00a0 journalistes   que \u00ab\u00a0David Irving essayait toujours de retourner les\u00a0 arguments en sa faveur\u00a0\u00bb.  <\/p>\n<p align=\"justify\">\u00a0\u00a0\u00a0\u00a0\u00a0\u00a0\u00a0\u00a0\u00a0\u00a0\u00a0\u00a0\u00a0\u00a0\u00a0\u00a0\u00a0\u00a0\u00a0\u00a0\u00a0   Avant le d\u00e9but de l&rsquo;audience, M. Irving, d\u00e9tenu depuis son\u00a0 arrestation en   Autriche en novembre 2005, avait consid\u00e9r\u00e9 \u00ab\u00a0ridicule\u00a0 de compara\u00eetre pour des   propos exprim\u00e9s il y a 17 ans\u00a0\u00bb, affirmant\u00a0 avoir \u00ab\u00a0beaucoup appris\u00a0\u00bb   entre-temps. <\/p>\n<p align=\"justify\">\u00a0\u00a0\u00a0\u00a0\u00a0\u00a0\u00a0\u00a0\u00a0\u00a0\u00a0\u00a0\u00a0\u00a0\u00a0\u00a0\u00a0\u00a0\u00a0\u00a0\u00a0   Interrog\u00e9 par des journalistes, il a pr\u00e9f\u00e9r\u00e9 au terme Holocauste\u00a0 celui de   \u00ab\u00a0trag\u00e9die juive de la seconde guerre mondiale\u00a0\u00bb. <\/p>\n<p align=\"justify\">\u00a0\u00a0\u00a0\u00a0\u00a0\u00a0\u00a0\u00a0\u00a0\u00a0\u00a0\u00a0\u00a0\u00a0\u00a0\u00a0\u00a0\u00a0\u00a0\u00a0\u00a0   David Irving avait \u00e9t\u00e9 arr\u00eat\u00e9 lors d&rsquo;un contr\u00f4le de routine sur\u00a0 une autoroute   autrichienne en vertu d&rsquo;un mandat d&rsquo;arr\u00eat datant de\u00a0 1989. <\/p>\n<p align=\"justify\">\u00a0\u00a0\u00a0\u00a0\u00a0\u00a0\u00a0\u00a0\u00a0\u00a0\u00a0\u00a0\u00a0\u00a0\u00a0\u00a0\u00a0\u00a0\u00a0\u00a0\u00a0   Le mandat avait \u00e9t\u00e9 \u00e9mis apr\u00e8s que le Britannique eut ni\u00e9\u00a0 l&rsquo;existence des   chambres \u00e0 gaz dans les camps d&rsquo;extermination du\u00a0 Troisi\u00e8me Reich, et en   particulier \u00e0 Auschwitz (Pologne), lors de\u00a0 r\u00e9unions auxquelles il avait   particip\u00e9 \u00e0 l&rsquo;\u00e9poque en Autriche. <\/p>\n<p align=\"justify\">\u00a0\u00a0\u00a0\u00a0\u00a0\u00a0\u00a0\u00a0\u00a0\u00a0\u00a0\u00a0\u00a0\u00a0\u00a0\u00a0\u00a0\u00a0\u00a0\u00a0\u00a0   Le Britannique est \u00e9galement poursuivi pour avoir affirm\u00e9 que\u00a0 les pogroms de   la Nuit de cristal en 1938 contre les juifs n&rsquo;avaient\u00a0 pas \u00e9t\u00e9 le fait de   nazis, mais d'\u00a0\u00bbinconnus\u00a0\u00bb d\u00e9guis\u00e9s, et qu&rsquo;Hitler\u00a0 avait en r\u00e9alit\u00e9 d\u00e9fendu les   juifs. <\/p>\n<p align=\"justify\">\u00a0\u00a0\u00a0\u00a0\u00a0\u00a0\u00a0\u00a0\u00a0\u00a0\u00a0\u00a0\u00a0\u00a0\u00a0\u00a0\u00a0\u00a0\u00a0\u00a0\u00a0   David Irving avait d\u00e9j\u00e0 \u00e9t\u00e9 condamn\u00e9 plusieurs fois par le\u00a0 pass\u00e9, notamment   en Grande-Bretagne et en Allemagne, et s&rsquo;est vu\u00a0 interdire l&rsquo;acc\u00e8s au   territoire n\u00e9o-z\u00e9landais l&rsquo;an dernier. Il avait\u00a0 notamment pr\u00e9tendu que les   chambres \u00e0 gaz \u00ab\u00a0montr\u00e9es aux touristes \u00e0\u00a0 Auschwitz\u00a0\u00bb \u00e9taient \u00ab\u00a0factices\u00a0\u00bb et   \u00ab\u00a0avaient \u00e9t\u00e9 construites par les\u00a0 Polonais apr\u00e8s la guerre\u00a0\u00bb. <\/p>\n<p align=\"justify\">\u00a0\u00a0\u00a0\u00a0\u00a0\u00a0\u00a0\u00a0\u00a0\u00a0\u00a0\u00a0\u00a0\u00a0\u00a0\u00a0\u00a0\u00a0\u00a0\u00a0\u00a0   David Irving est l&rsquo;auteur de \u00ab\u00a0Hitler&rsquo;s War\u00a0\u00bb (\u00ab\u00a0La guerre\u00a0 d&rsquo;Hitler\u00a0\u00bb), un livre   paru en 1977 qui tente de minimiser les\u00a0 atrocit\u00e9s nazies et d&rsquo;exon\u00e9rer Adolf   Hitler de sa responsabilit\u00e9\u00a0 dans l&rsquo;extermination de six millions de juifs   dans les camps de la\u00a0 mort nazis. Il avait m\u00eame affirm\u00e9 qu&rsquo;Hitler \u00e9tait un ami   des juifs. <\/p>\n<p align=\"justify\">\u00a0\u00a0\u00a0\u00a0\u00a0\u00a0\u00a0\u00a0\u00a0\u00a0\u00a0\u00a0\u00a0\u00a0\u00a0\u00a0\u00a0\u00a0\u00a0\u00a0\u00a0   L&rsquo;historien s&rsquo;est pr\u00e9sent\u00e9 devant le tribunal avec ce livre \u00e0 la\u00a0 main. <\/p>\n<p align=\"justify\">\u00a0\u00a0\u00a0\u00a0\u00a0\u00a0\u00a0\u00a0\u00a0\u00a0\u00a0\u00a0\u00a0\u00a0\u00a0\u00a0\u00a0\u00a0\u00a0\u00a0\u00a0   D&rsquo;apr\u00e8s son avocat, il aura le temps de finir en prison le\u00a0 nouvel ouvrage   qu&rsquo;il a commenc\u00e9 d&rsquo;\u00e9crire. <\/p>\n<p align=\"justify\">\u00a0<\/p>\n<p align=\"justify\"> <span lang=\"EN-US\">AFP<\/span><\/p>\n<p align=\"justify\">\u00a0<\/p>\n<p> <font face=\"Arial\"><\/p>\n<hr\/>\n<p><\/font> <\/p>\n<h6 style=\"color: blue;\"> <span lang=\"FR\"><font size=\"3\">Des   opposants en Syrie contre l&rsquo;aide financi\u00e8re US<\/font><\/span><\/h6>\n<p align=\"justify\">\u00a0\u00a0\u00a0 <\/p>\n<h3 align=\"justify\" style=\"color: blue;\"><span lang=\"FR\"> <em><font face=\"Arial\" size=\"2\">  AFP, le 21.02.2006 \u00e0 12h50<\/font><\/em><\/span><\/h3>\n<p align=\"justify\">\u00a0\u00a0\u00a0\u00a0\u00a0\u00a0\u00a0\u00a0\u00a0\u00a0\u00a0\u00a0\u00a0\u00a0\u00a0\u00a0\u00a0\u00a0\u00a0\u00a0\u00a0   DAMAS, 21 f\u00e9v 2006 (AFP) &#8211; Des groupes et personnalit\u00e9s la\u00efques\u00a0 de   l&rsquo;opposition en Syrie ont rejet\u00e9 la d\u00e9cision annonc\u00e9e des\u00a0 Etats-Unis de   d\u00e9gager cinq millions de dollars au titre d&rsquo;aide aux\u00a0 militants syriens, dans   un communiqu\u00e9 parvenu mardi \u00e0 l&rsquo;AFP. <\/p>\n<p align=\"justify\">\u00a0\u00a0\u00a0\u00a0\u00a0\u00a0\u00a0\u00a0\u00a0\u00a0\u00a0\u00a0\u00a0\u00a0\u00a0\u00a0\u00a0\u00a0\u00a0\u00a0\u00a0   Le texte, sign\u00e9 du comit\u00e9 provisoire de la D\u00e9claration de Damas,\u00a0 affirme \u00ab\u00a0son   rejet de toute assistance financi\u00e8re de quelque partie\u00a0 que ce soit\u00a0\u00bb, apr\u00e8s   l&rsquo;annonce vendredi par le d\u00e9partement d&rsquo;Etat\u00a0 d&rsquo;accorder 5 millions de dollars   en dons \u00ab\u00a0pour acc\u00e9l\u00e9rer le travail\u00a0 des r\u00e9formateurs en Syrie\u00a0\u00bb. <\/p>\n<p align=\"justify\">\u00a0\u00a0\u00a0\u00a0\u00a0\u00a0\u00a0\u00a0\u00a0\u00a0\u00a0\u00a0\u00a0\u00a0\u00a0\u00a0\u00a0\u00a0\u00a0\u00a0\u00a0   Les fonds consacr\u00e9s \u00e0 l&rsquo;aide \u00e0 l&rsquo;opposition syrienne seront\u00a0 ponctionn\u00e9s sur   les 293 millions de dollars attribu\u00e9s par le Congr\u00e8s \u00e0 l\u2019initiative de   partenariat pour le Proche-Orient (MEPI), lanc\u00e9e\u00a0 en 2002 par le pr\u00e9sident   George W. Bush pour encourager des\u00a0 \u00ab\u00a0r\u00e9formes positives\u00a0\u00bb dans la r\u00e9gion, a   pr\u00e9cis\u00e9 le d\u00e9partement d&rsquo;Etat\u00a0 am\u00e9ricain dans un communiqu\u00e9. <\/p>\n<p> <span lang=\"FR-CH\"><\/p>\n<hr\/>\n<p align=\"center\"><strong> <\/p>\n<h3 style=\"color: blue;\"><font size=\"3\">Condoleezza Rice entame au Caire une tourn\u00e9e   dans le monde arabe<\/font><\/h3>\n<p><\/strong><\/p>\n<div align=\"justify\">         Reuters, le 21.02.2006 \u00e0 14h55     LE CAIRE, 21 f\u00e9vrier (Reuters) &#8211; La secr\u00e9taire d&rsquo;Etat am\u00e9ricaine Condoleezza     Rice est arriv\u00e9e mardi en Egypte, premi\u00e8re \u00e9tape d&rsquo;une tourn\u00e9e dans le monde     arabe dont Washington esp\u00e8re qu&rsquo;elle contribuera \u00e0 isoler le Hamas,     vainqueur des \u00e9lections l\u00e9gislatives palestiniennes, et l&rsquo;Iran.          La responsable de la diplomatie am\u00e9ricaine devait s&rsquo;entretenir dans la     journ\u00e9e avec le Premier ministre \u00e9gyptien Ahmed Nazif, son homologue Ahmed     Aboul Gheit et le chef des services de renseignement \u00e9gyptiens, Omar     Souleiman, qui s&rsquo;occupe des contacts avec le Hamas.          Elle sera re\u00e7ue mercredi par le pr\u00e9sident Hosni Moubarak, avant de se rendre     en Arabie saoudite puis de prendre part dans les Emirats arabes unis \u00e0 un     sommet du Conseil de coop\u00e9ration du Golfe o\u00f9 elle demandera aux pays arabes     de retirer leur soutien financier \u00e0 un gouvernement palestinien dirig\u00e9 par     le Hamas.          L&rsquo;Egypte devait conseiller \u00e0 Rice de donner davantage de temps au Hamas et     de se garder de tout jugement h\u00e2tif sur la formation du gouvernement     palestinien que dirigera le mouvement int\u00e9griste, a rapport\u00e9 lundi l&rsquo;agence     officielle de presse Mena.          La semaine derni\u00e8re, dans un entretien accord\u00e9 \u00e0 une cha\u00eene de t\u00e9l\u00e9vision     isra\u00e9lienne, Hosni Moubarak avait estim\u00e9 que priver l&rsquo;Autorit\u00e9 autonome de     l&rsquo;assistance financi\u00e8re dont elle d\u00e9pend serait une erreur parce que cela     pousserait les Palestiniens vers \u00ab\u00a0l&rsquo;extr\u00e9misme\u00a0\u00bb.          Les discussions avec Condoleezza Rice, selon Mena, devraient \u00e9galement     permettre \u00e0 l&rsquo;Egypte d&rsquo;inviter les Etats-Unis et leurs partenaires du     Quartet international (Russie, Nations unies et Union europ\u00e9enne) \u00e0 une     relance des n\u00e9gociations isral\u00e9o-palestiniennes sur la base de leur \u00ab\u00a0feuille     de route\u00a0\u00bb pour la paix.          Quant \u00e0 la question du programme nucl\u00e9aire, l&rsquo;Egypte devrait r\u00e9affirmer sa     position en faveur d&rsquo;un Moyen-Orient d\u00e9barrass\u00e9 de toute arme de destruction     massive, formule diplomatique incluant l&rsquo;arsenal nucl\u00e9aire isra\u00e9lien.  \u00a0<\/div>\n<div align=\"justify\">\n<hr\/><\/div>\n<div align=\"center\"> <strong><\/p>\n<h3 style=\"color: blue;\"><font size=\"3\">Lancement de la premi\u00e8re agence     panafricaine priv\u00e9e de presse<\/font><\/h3>\n<p><\/strong><\/div>\n<div align=\"justify\">         Reuters, le 21.02.2006 \u00e0 07h29     DAKAR, 21 f\u00e9vrier (Reuters) &#8211; L&rsquo;Agence de presse africaine (APA), premi\u00e8re     agence de presse panafricaine priv\u00e9e, a \u00e9t\u00e9 inaugur\u00e9e lundi \u00e0 Dakar, la     capitale s\u00e9n\u00e9galaise, o\u00f9 est bas\u00e9 son si\u00e8ge.          L&rsquo;APA s&rsquo;appuie sur un r\u00e9seau de onze bureaux r\u00e9gionaux \u00e0 travers le     continent.          Ses fondateurs, tous journalistes de groupes africains ou \u00e0 la retraite, ont     r\u00e9uni les fonds n\u00e9cessaires aupr\u00e8s d&rsquo;investisseurs du S\u00e9n\u00e9gal, du Maroc et     de la Mauritanie.          L&rsquo;agence annonce le d\u00e9veloppement par phases de d\u00e9p\u00eaches texte, de     photographies et de reportages de t\u00e9l\u00e9vision.          L&rsquo;Afrique compte d\u00e9j\u00e0 une agence r\u00e9gionale de presse, la Panafrican News     Agency, qui est financ\u00e9e sur fonds publics.          REUTERS  <\/div>\n<div align=\"justify\">\n<hr\/><\/div>\n<div align=\"justify\">    \u00a0<\/div>\n<div align=\"center\"> <strong><\/p>\n<h3 style=\"color: blue;\"><font><font size=\"3\">Arab League fails to agree on     Palestinian funding under Hamas<\/font> \u00a0<\/font><\/h3>\n<p><\/strong><\/div>\n<p> <\/span><\/font> <\/p>\n<div align=\"justify\">    Associated Press, le 21.02.2006 \u00e0 13h33     \u00a0\u00a0\u00a0\u00a0\u00a0\u00a0\u00a0\u00a0\u00a0\u00a0\u00a0\u00a0\u00a0\u00a0\u00a0\u00a0\u00a0\u00a0\u00a0\u00a0\u00a0 ALGIERS, Algeria (AP) _ Arab League foreign ministers     have failed to agree on aid for the Palestinians as they come under rule of     the militant Hamas, amid a dispute over commitments from each member state.     \u00a0\u00a0\u00a0\u00a0\u00a0\u00a0\u00a0\u00a0\u00a0\u00a0\u00a0\u00a0\u00a0\u00a0\u00a0\u00a0\u00a0\u00a0\u00a0\u00a0\u00a0 Only three members of the league have contributed aid     for the Palestinians, Algerian officials said after a meeting in Algiers     that ran into late Monday night.     \u00a0\u00a0\u00a0\u00a0\u00a0\u00a0\u00a0\u00a0\u00a0\u00a0\u00a0\u00a0\u00a0\u00a0\u00a0\u00a0\u00a0\u00a0\u00a0\u00a0\u00a0 The Arab League&rsquo;s Secretary General Amr Moussa and     Algerian State Minister Abdelaziz Belkhadem appealed at the meeting for all     other member states to contribute funds.     Speaking at a news conference after the meeting, they did not indicate which     countries had not paid or give details of the dispute.     \u00a0\u00a0\u00a0\u00a0\u00a0\u00a0\u00a0\u00a0\u00a0\u00a0\u00a0\u00a0\u00a0\u00a0\u00a0\u00a0\u00a0\u00a0\u00a0\u00a0\u00a0 The Palestinians&rsquo; largest donors, the United States     and the European Union, have threatened to cut off direct aid to the     Palestinian Authority if Hamas takes over the government.     \u00a0\u00a0\u00a0\u00a0\u00a0\u00a0\u00a0\u00a0\u00a0\u00a0\u00a0\u00a0\u00a0\u00a0\u00a0\u00a0\u00a0\u00a0\u00a0\u00a0\u00a0 Such a cutoff would \u00abpose a serious political problem     for the Palestinians,\u00bb Moussa said. In urging more Arab donations, he said     \u00abthe aid is destined for the Palestinian people and not for Hamas.\u00bb     \u00a0\u00a0\u00a0\u00a0\u00a0\u00a0\u00a0\u00a0\u00a0\u00a0\u00a0\u00a0\u00a0\u00a0\u00a0\u00a0\u00a0\u00a0\u00a0\u00a0\u00a0 It is unclear whether Arab states can fill the gap in     foreign aid that makes up most of the Palestinians&rsquo; US$1.9 billion (\u00a41.6     billion) annual budget. A final decision on Palestinian funding was expected     at a summit next month in the Sudanese capital, Khartoum.     \u00a0\u00a0\u00a0\u00a0\u00a0\u00a0\u00a0\u00a0\u00a0\u00a0\u00a0\u00a0\u00a0\u00a0\u00a0\u00a0\u00a0\u00a0\u00a0\u00a0\u00a0 After a landslide election victory last month, Hamas _     considered a terrorist group by the United States and Europe _ is moving to     form a government.     \u00a0\u00a0\u00a0\u00a0\u00a0\u00a0\u00a0\u00a0\u00a0\u00a0\u00a0\u00a0\u00a0\u00a0\u00a0\u00a0\u00a0\u00a0\u00a0\u00a0\u00a0 Foreign ministers and other representatives from the     United Arab Emirates, Jordan, Sudan, Tunisia, Yemen and Algeria were taking     part in the meeting. They also discussed the uproar in the Muslim world over     the caricatures of the Prophet Muhammad published in several countries.<\/div>\n<p> <\/font><\/span><span lang=\"EN-US\"><\/p>\n<hr\/>\n<p>\u00a0<\/p>\n<p><\/span><\/div>\n<div align=\"center\"> <font face=\"Arial\" size=\"2\"><strong><\/p>\n<h3 style=\"color: blue;\"><font size=\"3\">Les d\u00e9fis   du nouveau gouvernement palestinien<\/font><\/h3>\n<p><\/strong><\/font><\/div>\n<div align=\"justify\"> <strong><font>Ta\u00efeb Moalla    <\/font><\/strong>L&rsquo;auteur est journaliste ind\u00e9pendant et analyste de la   situation au Moyen-Orient.   \u00a0    Au Proche-Orient, l&rsquo;histoire est un \u00e9ternel recommencement. Entre 2001 et   2004, le gouvernement isra\u00e9lien a confin\u00e9 Yasser Arafat dans son quartier   g\u00e9n\u00e9ral de Ramallah, sous le pr\u00e9texte que l&rsquo;ancien chef palestinien \u00e9tait un \u00ab\u00a0obstacle   \u00e0 la paix\u00a0\u00bb. Cette mise \u00e0 l&rsquo;\u00e9cart a eu pour principale cons\u00e9quence de renforcer   le charisme d&rsquo;un vieux leader partageant les souffrances de son peuple.   Aujourd&rsquo;hui, la puissance occupante &#8211; avec la complicit\u00e9 d&rsquo;une communaut\u00e9   internationale apathique &#8211; tente de punir les Palestiniens coupables d&rsquo;avoir   vot\u00e9 pour les \u00ab\u00a0terroristes\u00a0\u00bb du Hamas. Une posture qui conduira au renforcement   de la l\u00e9gitimit\u00e9 du Mouvement islamique.    \u00a0    Dov Weisglass, un des principaux conseillers de l&rsquo;ancien premier ministre   Ariel Sharon, a le m\u00e9rite de ne pas user de la langue de bois. Ses   d\u00e9clarations, plut\u00f4t crues, permettent aux observateurs de comprendre les   desseins du pouvoir isra\u00e9lien men\u00e9 depuis 2001 par la droite dure du Likoud.   En octobre 2004, il pr\u00e9cisait que \u00ab\u00a0la signification du plan de d\u00e9sengagement (isra\u00e9lien   de la bande de Gaza) est le gel du processus de paix. Cela fournit le formol   n\u00e9cessaire pour qu&rsquo;il n&rsquo;y ait pas de processus politique avec les Palestiniens\u00a0\u00bb.   La semaine derni\u00e8re, le m\u00eame Weisglass pr\u00e9venait que \u00ab\u00a0l&rsquo;id\u00e9e, c&rsquo;est d&rsquo;imposer   une di\u00e8te aux Palestiniens, mais pas de les faire mourir de faim\u00a0\u00bb.    \u00a0    Ces propos se sont imm\u00e9diatement traduits dans la r\u00e9alit\u00e9. D\u00e9but mars, Isra\u00ebl   g\u00e8lera le transfert mensuel de 50 millions $US de fonds correspondant au   remboursement des taxes qu&rsquo;il pr\u00e9l\u00e8ve sur les produits destin\u00e9s aux   territoires palestiniens. Sachant que ces sommes repr\u00e9sentent 30 % du budget   (d\u00e9j\u00e0 d\u00e9ficitaire) de l&rsquo;Autorit\u00e9 palestinienne, ce \u00ab\u00a0d\u00e9s\u00e9quilibre fiscal\u00a0\u00bb a   quelque chose de meurtrier. La \u00ab\u00a0di\u00e8te\u00a0\u00bb voulue par les autorit\u00e9s isra\u00e9liennes   touchera les territoires occup\u00e9s o\u00f9 le taux de ch\u00f4mage avoisine 40 %. \u00c0 Gaza,   des pans entiers de la population souffrent de malnutrition. Les gens n&rsquo;y   survivent que gr\u00e2ce au support de l&rsquo;UNRWA, un organisme des Nations unies qui   vient en aide aux r\u00e9fugi\u00e9s. Fid\u00e8le \u00e0 son alignement sur les positions   officielles isra\u00e9liennes, l&rsquo;administration Bush a demand\u00e9 \u00e0 l&rsquo;Autorit\u00e9   palestinienne le remboursement de 50 millions $US vers\u00e9s l&rsquo;an dernier pour des   projets d&rsquo;infrastructures, mais non encore investis.    \u00a0    Depuis la victoire du Mouvement islamique aux \u00e9lections l\u00e9gislatives du mois   dernier, les pressions internes et internationales n&rsquo;ont pas cess\u00e9. Cet   \u00e9tranglement politique et \u00e9conomique vise \u00e0 obtenir des concessions sur trois   points essentiels aux yeux de la communaut\u00e9 internationale : l&rsquo;obligation   faite au Hamas de reconna\u00eetre Isra\u00ebl, la n\u00e9cessit\u00e9 d&rsquo;accepter les accords de   paix sign\u00e9s par l&rsquo;Autorit\u00e9 palestinienne et l&rsquo;arr\u00eat de la lutte arm\u00e9e. Si les   deux premi\u00e8res conditions ont peu de chances d&rsquo;\u00eatre satisfaites, la troisi\u00e8me   exigence pourrait trouver un \u00e9cho chez les plus pragmatiques.    \u00a0    <strong>L&rsquo;existence d&rsquo;Isra\u00ebl et les accords de paix<\/strong>    \u00a0    Sur ces deux questions, le Hamas d\u00e9veloppe un raisonnement aussi simple   qu&rsquo;imparable. La mise en cause de l&rsquo;existence d&rsquo;Isra\u00ebl, contenue dans la   charte palestinienne de 1968, a constitu\u00e9 pendant 20 ans l&rsquo;argument principal   justifiant le refus de mener des n\u00e9gociations de paix avec \u00ab\u00a0les terroristes de   l&rsquo;OLP (l&rsquo;Organisation de lib\u00e9ration de la Palestine)\u00a0\u00bb, selon la terminologie   isra\u00e9lienne de l&rsquo;\u00e9poque. Aujourd&rsquo;hui, beaucoup de Palestiniens &#8211; et pas   seulement les islamistes &#8211; pensent que l&rsquo;OLP n&rsquo;a pas obtenu de r\u00e9elle   contrepartie en reconnaissant Isra\u00ebl, en 1988. Le Hamas, qui vient tout juste   d&rsquo;acc\u00e9der au pouvoir, n&rsquo;a donc aucun int\u00e9r\u00eat politique imm\u00e9diat \u00e0 abattre cet   atout.    \u00a0    Concernant les accords de paix, il est peu probable que les islamistes renient   leurs convictions du jour au lendemain. L\u00e0 aussi, ils pourront arguer que le   processus d&rsquo;Oslo a conduit \u00e0 la d\u00e9t\u00e9rioration de la vie quotidienne des   Palestiniens, au doublement du nombre de colons, \u00e0 des promesses rarement   tenues de r\u00e9trocession des territoires occup\u00e9s et \u00e0 une vision internationale   alt\u00e9r\u00e9e du conflit.    \u00a0    Au cours de la premi\u00e8re Intifada (1987-1993), la bataille morale a \u00e9t\u00e9 gagn\u00e9e   par une population d\u00e9sarm\u00e9e luttant, les pierres \u00e0 la main, contre une arm\u00e9e   surpuissante. Or, l&rsquo;impact de la deuxi\u00e8me Intifada, d\u00e9clench\u00e9e en 2000, est   plus nuanc\u00e9. La guerre de l&rsquo;information a \u00e9t\u00e9 partiellement gagn\u00e9e par Isra\u00ebl   sous le pr\u00e9texte que la partie adverse signait des accords de paix sans pour   autant abandonner l&rsquo;usage des armes. Les attentats sanglants contre des civils   isra\u00e9liens ont achev\u00e9 de brouiller les cartes et de faire perdre \u00e0 la juste   cause palestinienne de nombreux appuis.    \u00a0    En reniant des accords qui n&rsquo;ont fait qu&#8217;empirer la vie quotidienne des   Palestiniens, le gouvernement qui sera dirig\u00e9 par le pragmatique Isma\u00efl   Haniyeh pourrait r\u00e9duire le conflit \u00e0 sa plus simple __expression : une   r\u00e9sistance qui se bat contre l&rsquo;occupation.    \u00a0    <strong>La lutte arm\u00e9e<\/strong>    \u00a0    S&rsquo;il y a une question sur laquelle les dirigeants du Hamas laissent entendre   leur flexibilit\u00e9, c&rsquo;est bien celle de l&rsquo;arr\u00eat des attentats contre des civils   isra\u00e9liens. D&rsquo;ailleurs, le Mouvement respecte une tr\u00eave, depuis un an, malgr\u00e9   les multiples ex\u00e9cutions extrajudiciaires isra\u00e9liennes de militants   palestiniens. Un \u00e9ventuel abandon officiel des attentats visant des civils   permettrait au Hamas de passer d&rsquo;un mouvement de r\u00e9sistance arm\u00e9 \u00e0 un   gouvernement d\u00e9mocratiquement \u00e9lu et respectueux du consensus palestinien,   tout en ne reniant pas ses convictions.    \u00a0    Tout en ne sonnant pas le glas du principe m\u00eame de la lutte arm\u00e9e &#8211; l\u00e9gitime   quand elle est dirig\u00e9e contre une arm\u00e9e d&rsquo;occupation &#8211; , cette approche   permettrait de se conformer au droit international qui interdit de prendre les   populations civiles pour cible lors des conflits.    \u00a0    <strong>Le d\u00e9fi int\u00e9rieur<\/strong>    \u00a0    Ceci dit, la r\u00e9ussite du prochain gouvernement va \u00e9galement d\u00e9pendre de   l&rsquo;attitude du Fatah. Les premiers signes laissent entendre que l&rsquo;ancien parti   dominant ne facilitera pas les choses \u00e0 son adversaire. Une des derni\u00e8res   d\u00e9cisions vot\u00e9es par le Conseil l\u00e9gislatif sortant domin\u00e9 par le Fatah &#8211; r\u00e9uni   apr\u00e8s les \u00e9lections du 25 janvier &#8211; a \u00e9t\u00e9 de renforcer les pouvoirs du   pr\u00e9sident Mahmoud Abbas. \u00ab\u00a0Une sorte de coup d&rsquo;\u00c9tat sans effusion de sang\u00a0\u00bb, a   d\u00e9nonc\u00e9 un des nouveaux \u00e9lus du Hamas.       Ce n&rsquo;est qu&rsquo;une illustration de la p\u00e9nible t\u00e2che qui attend les nouveaux   dirigeants palestiniens.      <strong><font>(Source : \u00ab Le Soleil \u00bb (Qu\u00e9bec), le 21 f\u00e9vrier   2006)<\/font><\/strong> \u00a0<\/div>\n<div align=\"justify\">\n<hr\/>\n<\/div>\n<div align=\"center\"> <strong><font>Lu sur un blog tunisien   <\/font><\/p>\n<h4 style=\"color: blue;\"><font size=\"3\">zizou from Ain el Heloua<\/font><\/h4>\n<p><\/strong><\/div>\n<div align=\"justify\">     Ca fait 5 mois que je suis a Beirut, 5 mois ou j&rsquo;ai pu visiter un peu le Liban   et appris a connaitre les libanais. Sauf qu&rsquo;au Liban il n&rsquo;ya pas que des   libanais, il y&rsquo;a aussi des palestiniens. Des palestiniens dont le nombre   atteint les 400.000 (10% de la population libanaise) et qui vivent eparpill\u00e9s   dans tout le pays dans plusieurs camps. On peut vivre au Liban pendant des   ann\u00e9es et ne jamais se rendre compte de la presense de ces camps ( la grande   majorit\u00e9 des libanais n&rsquo;y a jamais mis les pieds).      Dimanche matin :   &#8211; reveil a 8h direction Saida : (une Knefa de bon matin pour bien demarrer la   journ\u00e9e)   &#8211; Arriv\u00e9e a Saida et depart pour Ain El helwa ( au quartiers nord de la ville)   &#8211; Premier check point de l&rsquo;arm\u00e9e libanaise   &#8211; Deuxieme check point du Kifah El Falestini ( force de securit\u00e9 propre au   camp)   &#8211; Troisieme Check point et nous voila a Ain El heloua      Ain el heloua est le plus grand des camps palestiniens et le plus arm\u00e9s   d&rsquo;entre tous. Il est encercl\u00e9s ( par l&rsquo;arm\u00e9e et des murs) et completement   separ\u00e9s du reste de monde. On dit qu&rsquo;il ya 50.000 refugi\u00e9s au d&rsquo;autres disent   100.000 camp mais personne ne sait vraiment ce qui se passe. Il n&rsquo;ya ni police   ni arm\u00e9e libanaise et il n&rsquo;est pas rare que des bandes arm\u00e9es rivales se   tirent dessus ou tirent dans l&rsquo;air pour manifester un quelconque   mecontentement.      Le camp est a premiere vue pas tres different de Hay Ettadhamen a Tunis ( meme   surface et meme degr\u00e9 de pauvret\u00e9) et dans un etat meilleur que plusieurs   Bidonvilles que j&rsquo;ai visit\u00e9 au Maghreb ou en Afrique. Les maisons sont en dur   et generalement peintes. Les graffitis remplissent presque tout les murs , ca   va de Yasser Arafat au Cheikh Yassine , Abu Jihad et pleins d&rsquo;autres   resistants palestiniens. Plusieurs groupuscules palestiniens sont actifs dans   le camps, je passe devant le siege de Sa3eka ( palestiniens pro syriens) et   devant d&rsquo;autres. Les gens te devisagent et savent automatiquement que tu ne   fais pas partie de la communaut\u00e9 .      Je passe au march\u00e9 qui est tres bien fourni et tres vivant( ya des poissons   qui rivalisent avec ceux de la goulette). Ya beaucoup de mosqu\u00e9es au camps, et   chaque mosqu\u00e9e appartient a un mouvement : Jihad, hamas et d&rsquo;autres &#8230; les   femmes voil\u00e9es sont a 50\/50 avec les non voil\u00e9es. Les Barbus sont de meme. Il   y&rsquo;a une tres grande concentration d&rsquo;habitants et les maisons accoles l&rsquo;une a   l&rsquo;autre montent jusqu&rsquo;au troisieme niveau. Les cables electriques quadrillent   le ciel&#8230; Personne ne paye ni l&rsquo;eau ni l&rsquo;electricit\u00e9 qui est coup\u00e9e presque   tout les jours ( elle est relay\u00e9 par des generateurs internes au camp: 30$\/mois   l&rsquo;abonnement).      Je visite plusieurs maisons ou je suis tres bien accueilli, Le fait d&rsquo;etre   tunisien facilite beaucoup la tache. Les teles sont branch\u00e9s toutes sur les   news. Ya pas de paraboles ici mais les gens s&rsquo;abonnent a un service de cable   pirate a 7$ ( comme dans tout le Liban) et devinez quoi ? Le responsable du   cable a Ain El Heloua est &#8230; Tunisien ! Un tunisien qui vie au camp de Ain el   Heloua depuis des annees ! Je passe le bonjour a Abu Bayram( 50 ans), il est   tres gentil et assez surpris de me voir. Il me dit qu&rsquo;il est venu de Tunisie   dans un elan de jeunesse combattre au cot\u00e9 de la Jebha ( le front de   liberation). Il s&rsquo;en veut d&rsquo;avoir quitt\u00e9 le pays auquel il n&rsquo;a pu retourner   qu&rsquo;une fois depuis. (Il s&rsquo;est mari\u00e9 a une palestinienne et essaye tant bien   que mal de faire fonctionner ses affaires). Il me dit que \u00ab\u00a0c&rsquo;etait un gros   mensonge ( Kedhba Kebira)&#8230; liberer la palestine&#8230; Ils nous ont eu ! J&rsquo;ai   perdu ma jeunesse &#8230; ma vie&#8230;. El hamdoulellah&#8230; keske tu veux &#8230; c &lsquo;est   comme ca \u00ab\u00a0.      La vie dans le camp est assez dure mais pas aussi catastrophique qu&rsquo;on peut   l&rsquo;imaginer. La populations entre et sors quand elle veut. L&rsquo;UNRWA s&rsquo;occupe de   l&rsquo;\u00e9ducation, de la sant\u00e9 et est le majeur pourvoyeur d&#8217;emplois de la   communaut\u00e9. Ces camps accueillent egalement un large nombre de ONG qui   am\u00e9liorent sensiblement la qualit\u00e9 de vie des habitants. Le probl\u00e8me de ces   camps se posent surtout par rapport au long terme. La solution n&rsquo;est pas   encore la ! Vont ils retourner dans la terre de leurs anc\u00eatres qui pour la   plupart n&rsquo;ont jamais connu? Vont ils avoir des compensations ? Vont ils   devenir Libanais ? une solution que ni eux ni les libanais accepteraient&#8230;   Vont ils \u00eatre invit\u00e9s a Partir ?      <strong><font>(Source : http:\/\/zizoufromdjerba.blogspot.com )<\/font><\/strong><\/p>\n<hr\/>\n<\/div>\n<div align=\"center\"> <strong><\/p>\n<h4 style=\"color: blue;\"><font size=\"3\">Islamic singer aims to fill pop \u00ab\u00a0spirituality\u00a0\u00bb   gap<\/font><\/h4>\n<p><\/strong><\/div>\n<div align=\"justify\">     By Tom Perry      Reuters, le 21.02.2006 \u00e0 02h02   CAIRO, Feb 21 (Reuters) &#8211; A singer who has shot to fame in the Middle East   with songs about Islam and the Prophet Mohammad says his music is quenching a   thirst for spirituality in pop.   Sami Yusuf combines English, Arabic and Turkish lyrics with Middle Eastern and   Western instruments in his songs.      Brought up in London but of Azeri descent, 25-year-old Yusuf has achieved   celebrity status in Middle Eastern countries including Egypt, where his CDs   sell alongside traditional pop and are played in shops and cafes.      \u00ab\u00a0Spirituality is missing in the vast majority of most songs,\u00a0\u00bb Yusuf said. \u00ab\u00a0The   art world has been hijacked by the commercial environment. That&rsquo;s why we have   a vacuum in producing positive art with positive messages, promoting good   values.\u00a0\u00bb      <strong>\u00ab\u00a0I&rsquo;m not a preacher,\u00a0\u00bb he adds.   <\/strong>   Yusuf made his first album, \u00ab\u00a0Al-Muallim\u00a0\u00bb, for Muslim minorities in the West,   who he says are in need of role models from their own faith. \u00ab\u00a0In the West, we   don&rsquo;t have enough Islamic celebrities who would make minority Muslims proud,\u00a0\u00bb   he said.      \u00ab\u00a0In my father&rsquo;s time we had Cat Stevens, Malcolm X, Muhammad Ali. Now you find   that a lot of people think: &lsquo;Islam. Ah, Osama bin Laden,&rsquo; You find some youth   who are confused, who might feel disillusioned,\u00a0\u00bb he said.      Although it was mainly aimed at Muslims in the West, \u00ab\u00a0Al-Muallim\u00a0\u00bb has sold   widely across the Muslim world. The title is the Arabic word for teacher and   is a reference to the Prophet Mohammad.      \u00ab\u00a0We were shocked when we realised it had become a success in Egypt, and not   just in Egypt, in the whole Muslim world,\u00a0\u00bb Yusuf said in Cairo, during a   recent tour.      He says his work is popular in Arab countries because both the arrangement and   lyrics offer listeners something new and different from Arabic pop, which   typically deals with love and romance.      <strong>SIGNING FOR HEADSCARVES, CIVIL RIGHTS<\/strong>      \u00ab\u00a0We need something different &#8212; new concepts in the Arab world. I feel that a   lot of the messages, if there are any messages, are just a blind imitation of   the West,\u00a0\u00bb he said.      Yusuf plays several instruments including the violin, piano and the Arabic   lute. His style at times evokes a traditional form of Islamic chanting called   nasheed.      \u00ab\u00a0What genre is it? I don&rsquo;t know. We&rsquo;re blending Western harmonies with Eastern   modes. You&rsquo;ll find a lot of Turkish influences, Arabic, Western and Indian. I   want to show that Islam represents a huge amount of people and cultures,\u00a0\u00bb he   said.      Yusuf&rsquo;s second album \u00ab\u00a0My Ummah\u00a0\u00bb &#8212; a reference to the Islamic nation &#8212; was   released last year.   It includes a song called \u00ab\u00a0Mohammad\u00a0\u00bb condemning violence in the name of Islam.   The song is dedicated to people killed in 2004 in a bloodbath at a school in   the Russian town of Beslan.      Chechen Islamist separatists seized hundreds of hostages in the school and 331   people were killed, more than half of them children, when security forces   tried to free the captives.      \u00ab\u00a0My Ummah\u00a0\u00bb also includes \u00ab\u00a0Free\u00a0\u00bb, which defends Muslim women&rsquo;s right to wear   the Islamic headscarf, or hijab. French state schools banned the veil along   with other religious symbols in schools in 2004.      \u00ab\u00a0I was doing a concert in France and a girl approached me and said: &lsquo;Please do   something on the hijab, you don&rsquo;t know how much we&rsquo;re suffering.&rsquo; It&rsquo;s not   just for people who are wearing hijab. It&rsquo;s for civil liberties,\u00a0\u00bb Yusuf said.      Yusuf says his second album is less dedicated to Islam than the first. \u00ab\u00a0I hope   to launch my next albums in mainstream Western pop.\u00a0\u00bb      REUTERS<\/div>\n<hr dir=\"ltr\"\/>\n<p align=\"center\" dir=\"ltr\"><b><a href=\"https:\/\/tunisnews.net\/ar\/\"><span>Home<\/span><span lang=\"FR-CH\"> &#8211; Accueil <\/span><span>&#8211; <\/span><span dir=\"rtl\" lang=\"AR-SA\">\u0627\u0644\u0631\u0626\u064a\u0633\u064a\u0629<\/span><\/a><\/b><\/p>\n<p><\/span><\/body><\/body><\/html><\/p>","protected":false},"excerpt":{"rendered":"<p>Home &#8211; Accueil &#8211; \u0627\u0644\u0631\u0626\u064a\u0633\u064a\u0629 TUNISNEWS 6\u00a0\u00e8me\u00a0ann\u00e9e, N\u00b0\u00a02101 du 21.02.2006 \u00a0archives : www.tunisnews.net Adel Thabet: Tunisie &#8211; La r\u00e9pression contre le collectif 18 octobre continue AFP: Interpellation de deux islamistes tunisiens en r\u00e9gion parisienne Le Quotidien: Elections chez les jeunes avocats : Deux candidatures en attendant les alliances de derni\u00e8re minute&#8230; Le Temps: Besoin d&rsquo;autonomie [&hellip;]<\/p>\n","protected":false},"author":1,"featured_media":22040,"comment_status":"open","ping_status":"open","sticky":false,"template":"","format":"standard","meta":{"inline_featured_image":false,"site-sidebar-layout":"default","site-content-layout":"","ast-site-content-layout":"default","site-content-style":"default","site-sidebar-style":"default","ast-global-header-display":"","ast-banner-title-visibility":"","ast-main-header-display":"","ast-hfb-above-header-display":"","ast-hfb-below-header-display":"","ast-hfb-mobile-header-display":"","site-post-title":"","ast-breadcrumbs-content":"","ast-featured-img":"","footer-sml-layout":"","ast-disable-related-posts":"","theme-transparent-header-meta":"","adv-header-id-meta":"","stick-header-meta":"","header-above-stick-meta":"","header-main-stick-meta":"","header-below-stick-meta":"","astra-migrate-meta-layouts":"default","ast-page-background-enabled":"default","ast-page-background-meta":{"desktop":{"background-color":"","background-image":"","background-repeat":"repeat","background-position":"center center","background-size":"auto","background-attachment":"scroll","background-type":"","background-media":"","overlay-type":"","overlay-color":"","overlay-opacity":"","overlay-gradient":""},"tablet":{"background-color":"","background-image":"","background-repeat":"repeat","background-position":"center center","background-size":"auto","background-attachment":"scroll","background-type":"","background-media":"","overlay-type":"","overlay-color":"","overlay-opacity":"","overlay-gradient":""},"mobile":{"background-color":"","background-image":"","background-repeat":"repeat","background-position":"center center","background-size":"auto","background-attachment":"scroll","background-type":"","background-media":"","overlay-type":"","overlay-color":"","overlay-opacity":"","overlay-gradient":""}},"ast-content-background-meta":{"desktop":{"background-color":"var(--ast-global-color-5)","background-image":"","background-repeat":"repeat","background-position":"center center","background-size":"auto","background-attachment":"scroll","background-type":"","background-media":"","overlay-type":"","overlay-color":"","overlay-opacity":"","overlay-gradient":""},"tablet":{"background-color":"var(--ast-global-color-5)","background-image":"","background-repeat":"repeat","background-position":"center center","background-size":"auto","background-attachment":"scroll","background-type":"","background-media":"","overlay-type":"","overlay-color":"","overlay-opacity":"","overlay-gradient":""},"mobile":{"background-color":"var(--ast-global-color-5)","background-image":"","background-repeat":"repeat","background-position":"center center","background-size":"auto","background-attachment":"scroll","background-type":"","background-media":"","overlay-type":"","overlay-color":"","overlay-opacity":"","overlay-gradient":""}},"footnotes":""},"categories":[],"tags":[54,37,29],"class_list":["post-18689","post","type-post","status-publish","format-standard","has-post-thumbnail","hentry","tag-54","tag-37","tag-fr"],"_links":{"self":[{"href":"https:\/\/tunisnews.net\/ar\/wp-json\/wp\/v2\/posts\/18689","targetHints":{"allow":["GET"]}}],"collection":[{"href":"https:\/\/tunisnews.net\/ar\/wp-json\/wp\/v2\/posts"}],"about":[{"href":"https:\/\/tunisnews.net\/ar\/wp-json\/wp\/v2\/types\/post"}],"author":[{"embeddable":true,"href":"https:\/\/tunisnews.net\/ar\/wp-json\/wp\/v2\/users\/1"}],"replies":[{"embeddable":true,"href":"https:\/\/tunisnews.net\/ar\/wp-json\/wp\/v2\/comments?post=18689"}],"version-history":[{"count":0,"href":"https:\/\/tunisnews.net\/ar\/wp-json\/wp\/v2\/posts\/18689\/revisions"}],"wp:featuredmedia":[{"embeddable":true,"href":"https:\/\/tunisnews.net\/ar\/wp-json\/wp\/v2\/media\/22040"}],"wp:attachment":[{"href":"https:\/\/tunisnews.net\/ar\/wp-json\/wp\/v2\/media?parent=18689"}],"wp:term":[{"taxonomy":"category","embeddable":true,"href":"https:\/\/tunisnews.net\/ar\/wp-json\/wp\/v2\/categories?post=18689"},{"taxonomy":"post_tag","embeddable":true,"href":"https:\/\/tunisnews.net\/ar\/wp-json\/wp\/v2\/tags?post=18689"}],"curies":[{"name":"wp","href":"https:\/\/api.w.org\/{rel}","templated":true}]}}