{"id":18688,"date":"2010-06-02T00:00:00","date_gmt":"2010-06-02T00:00:00","guid":{"rendered":"https:\/\/tunisnews.net\/2-juin-2010\/"},"modified":"2010-06-02T00:00:00","modified_gmt":"2010-06-02T00:00:00","slug":"2-juin-2010","status":"publish","type":"post","link":"https:\/\/tunisnews.net\/ar\/2-juin-2010\/","title":{"rendered":"2 juin 2010"},"content":{"rendered":"<p><html><head><meta content=\"text\/html\" description='Je suis un homme tr\u00e8s endett\u00e9\u2026, tr\u00e8s emb\u00eat\u00e9. Parce que \"fauch\u00e9 \t\t\t\t\t\" Comment rembourser mes cr\u00e9anciers ? Je leur dois ma \t\t\t\t\tchemise, mes lacets et le peu de peau qui me reste. Je ferai \t\t\t\t\tcomme quand j\u2019\u00e9tais m\u00f4me, quand j\u2019\u00e9tais puni et qu\u2019on \t\t\t\t\tm\u2019enfermait; j\u2019\u00e9crivais. J\u2019\u00e9crirai. Bouabana, le peintre \t\t\t\t\tmaudit, payait avec ses toiles. Picasso aussi. Moi, avec les \t\t\t\t\tmots. Qui a dit : \"mon \u00e2me toute enti\u00e8re est un cri et mon \t\t\t\t\t\u0153uvre toute enti\u00e8re est l\u2019interpr\u00e9tation de ce cri\". Je suis \t\t\t\t\tun cri. C\u2019est pour \u00e7a que je crois avec Stephen Haggard \t\t\t\t\tqu\u2019il n\u2019y a que l\u2019amiti\u00e9 qui peut nous consoler, nous les \t\t\t\t\tgais inconsolables.' http-equiv=\"Content-Type\"\/><\/head><body><body><\/p>\n<p align=\"center\" dir=\"rtl\"><font face=\"Arial\" size=\"2\"><b><a href=\"https:\/\/tunisnews.net\/ar\/\"><span>Home<\/span><span lang=\"FR-CH\"> &#8211; Accuei<\/span><\/a><span lang=\"FR-CH\">l<\/span><\/b><\/font><\/p>\n<div>\n<div onclick=\"return Control.invoke('ReadingPane', '_onBodyClick', event);\">\n<div><meta content=\"Microsoft SafeHTML\"\/><\/p>\n<style>.ExternalClass .ecxhmmessage P{padding:0px;}.ExternalClass body.ecxhmmessage{font-size:10pt;font-family:Verdana;}<\/style>\n<div><font face=\"Arial\" size=\"2\"><\/p>\n<div align=\"center\" dir=\"ltr\"><font size=\"7\"><strong>TUNISNEWS <\/strong><\/font><\/div>\n<div align=\"center\" dir=\"ltr\">\n<div><strong><font>10\u00a0\u00e8me ann\u00e9e,<span lang=\"FR\">N\u00b0\u00a03662 du 02.06.2010<\/span><\/font><\/strong><\/div>\n<\/div>\n<div align=\"center\"><span><font><strong>\u00a0archives : <\/strong><\/font><a target=\"_blank\" rel=\"noopener\"><font><strong>www.tunisnews.net<\/strong><\/font><\/a><\/span><font><strong>\u00a0<\/strong><\/font><span lang=\"FR\"><strong><\/strong><font><span lang=\"FR-CH\"><\/span><\/font><\/span><\/div>\n<p><\/font><span lang=\"FR\"><\/p>\n<div><strong><font size=\"2\"><\/p>\n<hr\/>\n<p><\/font><\/strong><strong><\/p>\n<h2 style=\"color: red;\"><font>Taoufik Ben Brik: \u00ab\u00a0La dette\u00a0\u00bb\u00a0 <font face=\"Arial\">A Ben Ali, qui m\u2019a promu ennemi public num\u00e9ro 1&#8230;<\/font><\/font><\/h2>\n<p><\/strong><\/div>\n<div>\n<div>\n<div><font><strong>Tunisia Watch: Tunisie : Deux nouvelles Radios pour des proches de Ben Ali<\/strong><\/font><\/div>\n<div><strong><\/p>\n<h2 style=\"color: red;\"><font>AP: Turquie: les d\u00e9put\u00e9s demandent le r\u00e9examen des liens avec Isra\u00ebl<\/font><\/h2>\n<p><\/strong><\/div>\n<div><strong><font><span>Le Point: <\/span>Isra\u00ebl-Turquie : des relations au plus bas<\/font><\/strong><\/div>\n<div><strong><\/p>\n<h2 style=\"color: red;\"><font>Swissinfo: Le raid isra\u00e9lien et ses retomb\u00e9es au Moyen-Orient<\/font><\/h2>\n<p><\/strong><\/div>\n<div><strong><font>Alain Gresh: Isra\u00ebl, l\u2019impunit\u00e9 jusqu\u2019\u00e0 quand\u00a0?<\/font><\/strong><\/div>\n<div><strong><span lang=\"FR-CH\"><\/p>\n<p><font size=\"2\"><span lang=\"FR-CH\">Abdel Wahab Hani: <\/span>Le Conseil des droits de l\u2019homme s\u2019indigne des attaques isra\u00e9liennes contre la flottille humanitaire et d\u00e9cide d\u2019une mission d\u2019enqu\u00eate<\/font><\/p>\n<p><\/span><\/strong><\/div>\n<div><strong><font>Ta\u00efeb Moalla: Attaques isra\u00e9liennes \u00ab L\u2019extr\u00eame prudence \u00bb de Qu\u00e9bec<\/font><\/strong><\/div>\n<div>\n<h2 style=\"color: red;\"><font><strong>AFP: Cuba: transf\u00e8rement de d\u00e9tenus vers des prisons proches de leurs familles<\/strong><font> <\/font><\/font><\/h2>\n<\/div>\n<\/div>\n<\/div>\n<p><\/span><\/div>\n<div>\n<hr\/>\n<\/div>\n<div><font face=\"Arial\" size=\"2\"><\/p>\n<div align=\"center\">\u00a0\u00a0 <font size=\"3\"><strong>\u00ab\u00a0La dette\u00a0\u00bb<\/strong><\/font> <\/p>\n<h2 style=\"color: red;\"><font size=\"3\"><strong>A Ben Ali, qui m\u2019a promu ennemi public num\u00e9ro 1&#8230;<\/strong><\/font><\/h2>\n<\/div>\n<div align=\"center\">\n<hr\/>\n<\/div>\n<div align=\"justify\"><strong><font>par Taoufik Ben Brik<\/font><\/strong> Je suis un homme tr\u00e8s endett\u00e9\u2026, tr\u00e8s emb\u00eat\u00e9. Parce que \u00ab\u00a0fauch\u00e9 \u00a0\u00bb Comment rembourser mes cr\u00e9anciers ? Je leur dois ma chemise, mes lacets et le peu de peau qui me reste. Je ferai comme quand j\u2019\u00e9tais m\u00f4me, quand j\u2019\u00e9tais puni et qu\u2019on m\u2019enfermait; j\u2019\u00e9crivais. J\u2019\u00e9crirai. Bouabana, le peintre maudit, payait avec ses toiles. Picasso aussi. Moi, avec les mots. Qui a dit : \u00ab\u00a0mon \u00e2me toute enti\u00e8re est un cri et mon \u0153uvre toute enti\u00e8re est l\u2019interpr\u00e9tation de ce cri\u00a0\u00bb. Je suis un cri. C\u2019est pour \u00e7a que je crois avec Stephen Haggard qu\u2019il n\u2019y a que l\u2019amiti\u00e9 qui peut nous consoler, nous les gais inconsolables. C\u2019est pourquoi je crois L\u2019amiti\u00e9 plus grande que la vie Plus longue que l\u2019amour, Et qu\u2019elle r\u00e9chauffe l\u2019esprit Une fois le corps devenu froid.  Pour William Bourdon l\u2019enfant naturel de la Bo\u00e8tie, H\u00e9l\u00e8ne Flautre la survolante, Fran\u00e7ois G\u00e8se mon inconditionnel, Jean-Fran\u00e7ois Juliard ma d\u00e9couverte, Daniel Mermet ma voix, Azza my little big woman, ma s\u0153ur Najet ma Black Mumba, Saida ma nourrici\u00e8re, Fethi mon Lucas Brasi, Jalel mon Spartacus, Slah Hnid l\u2019Allemand, Khaled Ben M\u2019Barek, Kamel Jendoubi, Kamel La\u00e2bidi, Sidi El H\u00e9di, Arnaud Viviant mon Blues, Oum Zied ma m\u00e8re, Slim Boukhdhir, Moncef Marzouki mon mentor, Haythem Mana\u00e2 le brave, Khemais Chammari mon Kissenger, Lumumba, mon beau fr\u00e8re Khemais, Rania ma petite, Khadija et Ali, mes petits hommes; pour eux, tous, je crie A M I T I E. Jacques Chirac, Robert Menard, le Monde d\u2019Edwy Plenel, Florence Aubenas, Chawki Tabib et Sihem Bensedrine m\u2019ont manqu\u00e9 terriblement. Ce f\u00fbt un temps. Les temps de la Faim et des Titans. C\u2019est \u00e0 ces hommes parmi les hommes que je me mets debout tel un soldat devant un g\u00e9n\u00e9ral. Ne sont-ils pas p\u00e9tris eux aussi de la m\u00eame terre que moi et n\u2019ont-ils pas laiss\u00e9 la m\u00eame trace rouge sur les pierres. Ce sont mes gouttes de sang qui jalonnent mon chemin. Ils m\u2019ont appris que tout homme digne d\u2019\u00eatre appel\u00e9 fils de l\u2019homme se doit de monter \u00e0 son Golgotha. Ils n\u2019ont cess\u00e9 de me tyranniser et de me cingler avec le mot Mont\u00e9e. Sans eux, je serai un pou parmi les poux. Que serais-je sans les autres ? Les autres mon paradis Ma miche de pain Ma gourde d\u2019eau Mes poumons qui respirent quand j\u2019arr\u00eate de respirer Ma libert\u00e9 quand je suis embastill\u00e9 Ma plume quand la mienne est bris\u00e9e, Ma parole quand je suis muet Mes yeux quand le jour n\u2019arrive plus, Mes oreilles pour m\u2019indiquer d\u2019o\u00f9 vient le bruissement de l\u2019Echapp\u00e9e\u2026 Merci \u00e0 Mes fr\u00e8res inaper\u00e7us, mes cod\u00e9tenus, tous analphab\u00e8tes mais po\u00e8tes : Rabii, Hassib, Labnin, Rabeh, Tarek et les autres qui ont r\u00e9duit mes 180 jours de d\u00e9tention \u00e0 une balade romantique : Ya Za\u00e2ra, \u00e0 la fraise sculpt\u00e9e Tr\u00e9sor, ta cerise me fait souffrir Mets ta l\u00e8vre sur ton bijou Et laisse Dieu me damner Pour ces vers lointains, je r\u00e9cidive. En prison, j\u2019avais uniquement besoin de quelqu\u2019un avec qui rire. C\u2019est comme \u00e7a que nous \u00e9tions : tout le temps pli\u00e9s en deux. Reconnaissance de dette \u00e0 ceux qui ont fait l\u2019affaire Ben Brik \u2013 2009-2010 : Nouvelobs.Com, Mediapart, Rue89, Courrier International, l\u2019Humanit\u00e9, El Watan et Kalima. Ce sont eux qui ont h\u00e9berg\u00e9 mes missives-coupables tout le long de la campagne \u00e9lectorale. A Christohe Gueugneau, Pierre Puchot, Edwy Plenel, Pierre Cherriau, Philippe Thureau \u2013 Dangin, Hassen Zerrouky, Pierre Haski. A Christophe Ayad et Jean Pierre Tuquoi qui n\u2019ont pas r\u00e9ussi \u00e0 me d\u00e9goter un \u00ab\u00a0Rebonds\u00a0\u00bb ou un \u00ab\u00a0Horizon\u00a0\u00bb. Reconnaissance de dette \u00e0 El Jazira, ce pays pour ceux qui n\u2019ont pas de pays. A Tunisnews, El Mawquif, Takriz, Tunisie Reveille-toi. Good morning Vietnam. Merci \u00e0 mes compagnons de Z\u00e9ro heure. Devant le poste de police d\u2019El Manar II, le jour de ma \u00ab\u00a0reddition\u00a0\u00bb, 29 octobre, j\u2019ai \u00e9t\u00e9 accompagn\u00e9 par mes guerriers, les sages de la ville, mes chamans, tel un bandit d\u2019honneur qui se rend. Il y avait N\u00e9jib Chebbi, Rachid Khechana, Am Ali Ben Salem, Ayachi Hammami, Mohamed Abbou, Jalloul Azzouna, Radhia Nasraoui, Mahmoud Dhaouadi, Sihem Bensedrine, Oum Zied, mes fr\u00e8res Jalel et Fethi et ma s\u0153ur Saida. Slim Boukhdhir a rat\u00e9 le rendez-vous. La nuit, la police secr\u00e8te l\u2019a \u00ab\u00a0tabass\u00e9\u00a0\u00bb \u00e0 mort. Un autre grand absent : Hamma Hammami. Il est en cavale. A mes avocats qui ont plaid\u00e9 ma \u00ab\u00a0culpabilit\u00e9\u00a0\u00bb: le b\u00e2tonnier Bechir Essid, le b\u00e2tonnier Abdessatar Ben Moussa, Taieb Jallali et ses enfants, Naceur La\u00e2ouini, Chawki Tabib, Raouf Ayadi, Abderrazek Kilani, Chokri Belaid, Mokhtar Trif, Anouar Kousri, Cherni, Faouzi Jaballah, Bochra Bel Hadj Hamida, Mohamed Nouri, Najet Laabidi, Saida Garag, Houcine Bardi, L\u00e9a Forestier, Ayachi, Abbou, Radhia, Chebbi et les quarante autres robes dont j\u2019ai oubli\u00e9 la couleur. A tous ces dr\u00f4les de sigles : RSF, CPJ, FIDH, HRW, LTDH, CNLT, SJT, FIJ, Pen Club, IFEX, ATFD, la Fondation Samir Kassir, FTCR, CRDHLT, Amnesty International , OMCT, Libert\u00e9 et Equit\u00e9 , Nations Unis, Parlement europ\u00e9en\u2026 A Souhyr Belhassen, Eric Godchtein, Mich\u00e8le Rieu, Jalel Matri, Karine Gantin, Malika Zediri, Marie Christine VergiatTarek Belhiba, Omar Mestiri, Gilles Perault, Lotfi Hajji, Zeineb Farhat, Mohieddine Cherbib, Tahar Ben Hassine, Soasig Dollet, Nizar Ammami, Adel Ghezala, Fahem Boukadous, Zouheir Makhlouf, Khalti Rachida, Ahlem Belhaj, Nefissa, Fatma, Rym M, Khalti Khalwia, Halima, Akram\u2026 A ceux que j\u2019oublie, aux cousins, aux copains, aux voisins, aux gros bras et petites mains qui ont tiss\u00e9 ma toile. A Oumeya Seddik pour avoir traduit mon texte: Le po\u00e8te et le tyran. Reste la constellation. Restent ceux qui ont fait que je sois une image plan\u00e9taire, 180 jours et plus durant. Je veux parler de mon bouclier m\u00e9diatique. Les journalistes. La confr\u00e9rie des hors la loi. A William Bourdon qui m\u2019a demand\u00e9 : \u00ab\u00a0pourquoi se d\u00e9m\u00e8nent-ils tant pour toi ?\u00a0\u00bb J\u2019ai r\u00e9pondu : \u00ab\u00a0je suis leur fr\u00e8re d\u2019armes. Je suis tomb\u00e9 sur le champ de bataille. Ils ne peuvent pas me laisser aux mains de l\u2019ennemi. Je suis leur prince Koubatzov. Jessie James en quelque sorte\u00a0\u00bb. La France tout d\u2019abord o\u00f9 j\u2019ai dans chaque mirador une sentinelle-ami. Au Nouvel Observateur, au Courrier International, au Monde, \u00e0 Lib\u00e9, au canard Enchain\u00e9, \u00e0 l\u2019AFP, \u00e0 l\u2019Humanit\u00e9, au JDD, au Parisien, \u00e0 Marianne, \u00e0 Charlie Hebdo, \u00e0 Sin\u00e9 Hebdo, \u00e0 l\u2019Express, au Figaro, aux Inrrockuptibles, \u00e0 Regards, aux \u00e9chos, \u00e0 Mediapart, \u00e0 Rue89, \u00e0 la Croix, \u00e0 Bakchiche&#8230; A France2, France 3, TV5, France 24, Canal+, TF1, ARTE. RFI, FRANCE info, France Inter, France Culture, Europe 1, RTL, Radio Monte Carlo, Radio Orient. Reconnaissance de dette \u00e0 Philippe Val, J\u00e9rome Bony , Regis de F3, Laurent lejop, Florence beaug\u00e9, Julia Ficatier, Rosa Missaoui, Frederic Martel, Karim Sarroub, S\u00e9bastiem, R\u00e9my Sulmon , Sylvie de F24, Emmanuelle Cosse, G\u00e9rard Biard, Slim Bagga, Nadijia Bouzergane\u2026 La France est la base d\u2019o\u00f9 sont partis mes escadrons. L\u2019entr\u00e9e, cette fois-ci, de la presse am\u00e9ricaine a \u00e9t\u00e9 foudroyante. Je croyais que mon fr\u00e8re Jalel bluffait, lorsqu\u2019il me rapportait chaque semaine que le New York Times, le Los Angeles Times et le Washington Post \u00e9crivait sur l\u2019affaire TBB. La presse am\u00e9ricaine, c\u2019est mon g\u00e9n\u00e9ral cinq \u00e9toiles. Patton en personne. M\u00eame Obama, le pr\u00e9sident de tous les pr\u00e9sidents en fr\u00e9mirait. Il y a eu aussi la presse allemande, le Frankfurter, le Berliner et tous les Zeitung de la Prusse. Les Suisses aussi n\u2019ont pas d\u00e9m\u00e9rit\u00e9s : le Courrier, Info-sud, le Temps, la Tribune de Gen\u00e8ve, 24 h\u2026 La Belgique reste aux mains du l\u00e9gendaire Baoudoin Loos. Contre l\u2019oubli, mon oubli. El Pais, la Stampa, The Independant \u00e9taient l\u00e0. L\u2019Alg\u00e9rie de Omar Belhouchet, Dilem et Chawki Ammari, le Maroc d\u2019ALI Lmrabet , le Liban d\u2019Eskander Habach n\u2019ont pas cess\u00e9 de harceler les arri\u00e8res de Ben Ali. Mais le v\u00e9ritable coup de berger, je le dois \u00e0 El Jazira. Durant mes 180 jours de d\u00e9tention, le monde ne ratait pas le feuilleton Ben Brik. Pour l\u2019histoire, mon histoire n\u2019aurait jamais \u00e9clat\u00e9 s\u2019il n\u2019y avait pas le coup de gueule de Bertrand Delano\u00e9, maire de Paris, et le \u00ab\u00a0j\u2019accuse\u00a0\u00bb de Bernard Kouchner. Ca leur a cout\u00e9 cher. Tunis fait toujours la gueule \u00e0 Paris. Il r\u00e8gne encore un froid polaire entre les deux capitales. Reconnaissance de dette \u00e0 l\u2019Elys\u00e9e d\u2019avoir re\u00e7u mon avocat William Bourdon. Reconnaissance de dette \u00e0 l\u2019ambassadeur des Etats Unis, de Belgique et d\u2019Allemagne qui \u00e9clairaient leurs gouvernements sans diplomatie. Reconnaissance de dette \u00e0 Obama et Hillary Clinton pour avoir tois\u00e9 sans m\u00e9nagement Notre Zine local. Ils ne sont pas all\u00e9s de main morte. Une premi\u00e8re. Pourvu que \u00e7a dure. A Noel Mam\u00e8re qui m\u2019a compris, \u00e0 Daniel Cohen Bendit qui a trim\u00e9, \u00e0 Martine Aubry qui m\u2019a salu\u00e9, \u00e0 Marie Georges Buffet qui a hiss\u00e9 la \u00ab\u00a0bandierra rossa\u00a0\u00bb mes amiti\u00e9s. A Alain K\u00e9rivin mon fr\u00e8re ain\u00e9. Reconnaissance de dette \u00e0 Jean Daniel pour avoir mis\u00e9 sur moi. A Rachid Taha et Isabelle Adjani qui ont parrain\u00e9 mon \u00ab\u00a0Ben Brik, le l\u00e9opard, le salopard\u00a0\u00bb. Jamais Ben Ali n\u2019a connu une campagne m\u00e9diatique aussi cruelle. Elle d\u00e9passe de loin, dans sa cruaut\u00e9, celle de 2000. Ce n\u2019est qu\u2019un au revoir. A l\u2019or\u00e9e, une nouvelle bataille : Guerrier ne pr\u00eate pas le flanc Sois aux aguets Les balles sont r\u00e9elles Charge et replie-toi La poudre est \u00e0 ton chevet Face \u00e0 la mort, prend rendez-vous  <font><strong>TAOUFIK BEN BRIK (Source: NouvelObs.com le 31 mai 2010)<\/strong><\/font><\/div>\n<div align=\"justify\"><strong><\/p>\n<hr\/>\n<p><\/strong><\/div>\n<div align=\"justify\"><font><\/p>\n<div align=\"center\"><strong><\/p>\n<h2 style=\"color: red;\"><font size=\"3\">Tunisie : Deux nouvelles Radios pour des proches de Ben Ali<\/font><\/h2>\n<p><\/strong> <\/div>\n<div align=\"center\">\n<hr\/>\n<\/div>\n<div> Deux nouvelles radios seront lanc\u00e9es respectivement par Tunisia Broadcasting SA, une soci\u00e9t\u00e9 cr\u00e9\u00e9e par Cyrine Ben Ali Mabrouk en association avec les groupes Bayahi et Chakib Nouira, et par Maghreb Productions &amp; Communications, une soci\u00e9t\u00e9 de production multim\u00e9dia et de communication, cr\u00e9\u00e9e par Mourad Gueddiche et Naoufel Ben Rayana. Rapporte le site <a target=\"_blank\" rel=\"noopener\">Kapitalis<\/a>. C\u2019est en fin 2003 que la premi\u00e8re radio priv\u00e9e \u2013 Mosa\u00efque FM (MFM), a vu le jour. Limit\u00e9e dans un premier au Grand Tunis, sa zone de diffusion et \u00e9tendue en 2005 au Cap Bon. Deux autres paliers sont franchis avec la cr\u00e9ation de Jawhara FM (2005) puis celle de Zitouna FM (2007). Tout comme Mosa\u00efque FM et Jawhara FM, une particularit\u00e9 propre aux radio priv\u00e9e tunisienne fait que tous les projet agr\u00e9\u00e9es sont pilot\u00e9s par des membres de la famille pr\u00e9sidentielle ou de la proche cour qui les entourait.<\/div>\n<div>\u00a0<\/div>\n<div><strong><font>(Source: \u00ab\u00a0Tunisia Watch\u00a0\u00bb le\u00a0 | 29\/05\/2010 | 29:02\u00a0)<\/font><\/strong> <\/div>\n<div>\n<hr\/>\n<\/div>\n<div align=\"center\">\n<h2 style=\"color: red;\"><font size=\"3\"><strong>Turquie: les d\u00e9put\u00e9s demandent le r\u00e9examen des liens avec Isra\u00ebl<\/strong><\/font><\/h2>\n<\/div>\n<div align=\"center\"><font><\/p>\n<hr\/>\n<p><\/font><\/div>\n<div> <font>02\/06\/10 15:11 ANKARA (AP) \u2014 Le Parlement turc a demand\u00e9 mercredi au gouvernement le r\u00e9examen des liens politiques, militaires et \u00e9conomiques du pays avec Isra\u00ebl. Dans une d\u00e9claration approuv\u00e9e \u00e0 main lev\u00e9e, les d\u00e9put\u00e9s ont \u00e9galement estim\u00e9 qu&rsquo;Isra\u00ebl devait pr\u00e9senter des excuses officielles pour l&rsquo;assaut de lundi contre la flottille pour Gaza, qui a fait neuf morts, verser des compensations aux familles des victimes et poursuivre les responsables en justice. \u00ab\u00a0Cette attaque est une violation ouverte des r\u00e8gles des Nations unies et du droit international\u00a0\u00bb, a affirm\u00e9 le vice-pr\u00e9sident du Parlement, Guldal Mumcu, en lisant une d\u00e9claration. \u00ab\u00a0La Turquie devrait rechercher la justice contre Isra\u00ebl via les autorit\u00e9s nationales et internationales l\u00e9gales.\u00a0\u00bb AP<\/font><\/div>\n<div>\n<hr\/>\n<\/div>\n<div align=\"center\"><font face=\"Arial\"><strong>FLOTTILLE POUR GAZA INTERCEPT\u00c9E<\/strong><\/font><\/div>\n<div align=\"center\">\n<h2 style=\"color: red;\"><font face=\"Arial\" size=\"3\"><strong>Isra\u00ebl-Turquie : des relations au plus bas<\/strong><\/font><\/h2>\n<\/div>\n<div>\n<hr\/>\n<\/div>\n<div>\n<p align=\"justify\"><font face=\"Arial\" size=\"2\"><strong>Pauline de Saint Remy<\/strong><\/font><\/p>\n<p align=\"justify\">L&rsquo;assaut de l&rsquo;arm\u00e9e isra\u00e9lienne sur une flottille d&rsquo;aide humanitaire destin\u00e9e \u00e0 Gaza, dont le navire amiral \u00e9tait compos\u00e9 en majorit\u00e9 de citoyens turcs, a donn\u00e9 un brusque coup d&rsquo;arr\u00eat dans les relations entre la Turquie et l&rsquo;\u00c9tat h\u00e9breu. Des relations longtemps privil\u00e9gi\u00e9es, mais qui n&rsquo;ont cess\u00e9 de se d\u00e9grader depuis fin 2008 et les op\u00e9rations isra\u00e9liennes \u00e0 Gaza.<\/p>\n<p align=\"justify\"><b>Les faits.<\/b> Le Premier ministre turc, Recep Tayyip Erdogan, a qualifi\u00e9 l&rsquo;assaut de \u00ab\u00a0massacre sanglant\u00a0\u00bb, avant de d\u00e9noncer un \u00ab\u00a0acte de terrorisme d&rsquo;\u00c9tat\u00a0\u00bb. Dans une conversation t\u00e9l\u00e9phonique avec Barack Obama, il a d\u00e9clar\u00e9 ensuite qu&rsquo;Isra\u00ebl \u00e9tait en passe de \u00ab\u00a0perdre\u00a0\u00bb son ami turc, \u00ab\u00a0son seul ami dans la r\u00e9gion\u00a0\u00bb. Les quelque 20.000 juifs r\u00e9sidant en Turquie ont d\u00e9j\u00e0 manifest\u00e9 des signes d&rsquo;inqui\u00e9tude, alors que l&rsquo;ambassadeur turc en Isra\u00ebl a \u00e9t\u00e9 rappel\u00e9. Autre signe de forte tension, les familles du personnel diplomatique isra\u00e9lien \u00e0 Ankara ont, elles aussi, \u00e9t\u00e9 rapatri\u00e9es. Apr\u00e8s la col\u00e8re, les menaces : le minist\u00e8re de la Justice turc a annonc\u00e9 mercredi qu&rsquo;il r\u00e9fl\u00e9chissait \u00e0 lancer des poursuites judiciaires contre Isra\u00ebl. Le chef de la diplomatie turc, Ahmet Davutoglu, a d\u00e9clar\u00e9 de son c\u00f4t\u00e9 : \u00ab\u00a0La Turquie reverra ses relations avec Isra\u00ebl si ses citoyens d\u00e9tenus apr\u00e8s le raid meurtrier (&#8230;) ne sont pas lib\u00e9r\u00e9s d&rsquo;ici mercredi soir.\u00a0\u00bb <\/p>\n<p align=\"justify\"><b>La fin d&rsquo;une longue p\u00e9riode de coop\u00e9ration ?<\/b> Le rapprochement des deux \u00c9tats s&rsquo;est fait notamment \u00e0 partir du d\u00e9but des ann\u00e9es 1990, et particuli\u00e8rement apr\u00e8s les accords d&rsquo;Oslo, en 1993, avec pour point culminant la signature de 2 accords de coop\u00e9ration militaire en 1996. \u00ab\u00a0\u00c0 l&rsquo;\u00e9poque, la r\u00e9gion vivait toujours dans la perspective d&rsquo;un processus de paix, et l&rsquo;administration Clinton exer\u00e7ait une pression pour le rapprochement entre Isra\u00ebl et la Turquie, qui sont deux de ses piliers traditionnels dans la r\u00e9gion\u00a0\u00bb, explique Didier Billion, chercheur \u00e0 l&rsquo;Institut des relations internationales et strat\u00e9giques (Iris). Un rapprochement qui \u00e9tait donc dans l&rsquo;int\u00e9r\u00eat de tous, selon lui : \u00ab\u00a0Isra\u00ebl \u00e9tait isol\u00e9 et cherchait des alliances, les Turcs \u00e9taient dans une phase compliqu\u00e9e de leurs relations avec l&rsquo;UE et cherchaient \u00e9galement des points d&rsquo;appui.\u00a0\u00bb La coop\u00e9ration entre les deux pays fut donc militaire, \u00e9conomique et surtout diplomatique. La Turquie exer\u00e7ait jusqu&rsquo;\u00e0 r\u00e9cemment un r\u00f4le important de m\u00e9diateur, notamment avec la Syrie. Si les op\u00e9rations isra\u00e9liennes sur Gaza, fin 2008, marqu\u00e8rent un tournant \u00e9vident dans la relation des deux pays, la tension \u00e9tait d\u00e9j\u00e0 l\u00e0. <\/p>\n<p align=\"justify\"><b>Des signes annonciateurs.<\/b> Plusieurs incidents diplomatiques ont \u00e9maill\u00e9 les relations entre les deux pays ces derni\u00e8res ann\u00e9es. Entre autres, des d\u00e9clarations du Premier ministre turc, Recep Tayyip Erdogan, qui est au pouvoir depuis mars 2003, tr\u00e8s s\u00e9v\u00e8res \u00e0 l&rsquo;\u00e9gard d&rsquo;Isra\u00ebl, ont contribu\u00e9 \u00e0 la mont\u00e9e en puissance de la tension. Mais les Turcs ne sont pas en reste : le 17 mai dernier, la signature d&rsquo;un accord sur le nucl\u00e9aire entre la Turquie, le Br\u00e9sil et l&rsquo;Iran a \u00e9t\u00e9 qualifi\u00e9e \u00ab\u00a0d&rsquo;imposture\u00a0\u00bb par le Premier ministre, Benyamin Netanyahou. Quelques mois plus t\u00f4t, en janvier 2010, le vice-ministre isra\u00e9lien des Affaires \u00e9trang\u00e8res, Danny Ayalon, a \u00e9t\u00e9 \u00e0 l&rsquo;origine d&rsquo;une querelle diplomatique qui s&rsquo;est sold\u00e9e par l&rsquo;envoi d&rsquo;une lettre d&rsquo;excuse au Premier ministre turc. On lui reprochait d&rsquo;avoir humili\u00e9 l&rsquo;ambassadeur turc en Isra\u00ebl. Enfin, plus spectaculaire, <a target=\"_blank\" rel=\"noopener\">le coup d&rsquo;\u00e9clat du Premier ministre turc, Erdogan, \u00e0 Davos, qui avait claqu\u00e9 la porte du sommet,<\/a> face \u00e0 un Shimon P\u00e9r\u00e8s m\u00e9dus\u00e9, ce qui lui avait valu d&rsquo;\u00eatre accueilli en h\u00e9ros dans son pays et encens\u00e9 dans le reste du monde musulman <\/p>\n<p align=\"justify\"><b>Le r\u00f4le d&rsquo;Erdogan et les ambitions diplomatiques de la Turquie.<\/b> Le r\u00e9chauffement des relations, depuis quelques ann\u00e9es, entre la Turquie et les pays arabes ou musulmans dans la r\u00e9gion, notamment la Syrie, a \u00e9t\u00e9 un premier facteur de tension entre les deux alli\u00e9s. \u00ab\u00a0Depuis 2003, la Turquie a multipli\u00e9 les initiatives dans la r\u00e9gion, et on ne peut que constater que la d\u00e9gradation de ses relations avec Isra\u00ebl a \u00e9t\u00e9 concomitante\u00a0\u00bb, constate Didier Billion. \u00ab\u00a0Mais les critiques envers l&rsquo;\u00c9tat isra\u00e9lien ne datent pas seulement de l&rsquo;arriv\u00e9e au pouvoir du Premier ministre actuel, Recep Tayyip Erdogan, contrairement \u00e0 ce que l&rsquo;on pourrait croire, ajoute-t-il. Les anciens gouvernements qui ne pr\u00f4naient pas un islam politique \u00e9taient aussi capables de montrer leur solidarit\u00e9 envers la Palestine.\u00a0\u00bb D&rsquo;autre part, le pays est port\u00e9 par une opinion publique largement pro-palestinienne. \u00ab\u00a0En fait, la Turquie fait de la politique, tout simplement : elle veut se faire reconna\u00eetre comme une puissance \u00e9mergente dans la r\u00e9gion. Et la question palestinienne est au coeur de cette d\u00e9marche. Et, pour cela, elle d\u00e9ploie un plan structur\u00e9, r\u00e9fl\u00e9chi.\u00a0\u00bb <\/p>\n<p align=\"justify\"><b>Les \u00c9tats-Unis continueront \u00e0 jouer sur les deux tableaux.<\/b> Alli\u00e9s historiques des deux pays, les \u00c9tats-Unis ne devraient pas avoir \u00e0 choisir entre l&rsquo;un ou l&rsquo;autre pays, selon Didier Billion. \u00ab\u00a0Obama sait pertinemment que la Turquie est un appui n\u00e9cessaire pour les \u00c9tats-Unis dans la r\u00e9gion. D&rsquo;ailleurs, la situation est tendue, mais je pense qu&rsquo;il n&rsquo;y aura pas de v\u00e9ritable rupture diplomatique entre Isra\u00ebl et la Turquie. Les accords militaires seront sans doute vid\u00e9s de leur substance, mais pas d\u00e9nonc\u00e9s publiquement.\u00a0\u00bb <\/p>\n<p align=\"justify\"><font size=\"2\"><strong><font face=\"Arial\">(Source:<span>Le Point.fr <\/span><span>Publi\u00e9 le 02\/06\/2010 \u00e0 17:28 )<\/span><\/font><\/strong><\/font><\/p>\n<\/div>\n<p><\/font><\/div>\n<p><\/font><\/div>\n<p><font face=\"Arial\" size=\"2\"><\/p>\n<div>\n<hr\/>\n<\/div>\n<div>\n<div align=\"center\"><strong><\/p>\n<h2 style=\"color: red;\"><font size=\"3\">Le raid isra\u00e9lien et ses retomb\u00e9es au Moyen-Orient<\/font><\/h2>\n<p><\/strong><\/div>\n<div align=\"center\">\n<hr\/>\n<\/div>\n<div align=\"justify\"> 02 juin 2010 &#8211; 18:53 \u00a0 Les premiers signes de l\u2019impact du raid maritime isra\u00e9lien apparaissent. La Turquie s\u2019\u00e9loigne encore de l\u2019alli\u00e9 isra\u00e9lien, tout comme l\u2019Egypte, renfor\u00e7ant l\u2019axe Damas- T\u00e9h\u00e9ran. Regards d\u2019experts suisses sur un Moyen-Orient en mouvement.  L\u2019image de commandos d\u2019\u00e9lite isra\u00e9liens assaillis par des militants pro-palestiniens arm\u00e9s de b\u00e2tons et de couteaux r\u00e9sume l\u2019impasse d\u2019Isra\u00ebl face aux r\u00e9alit\u00e9s changeantes du Moyen-Orient.   \u00abLes \u00e9quilibres r\u00e9gionaux sont en train d\u2019\u00eatre modifi\u00e9s et l\u2019affaire de la flottille humanitaire risque d\u2019acc\u00e9l\u00e9rer ce mouvement\u00bb, affirme Yves Besson, ancien diplomate suisse au Moyen-Orient. Une analyse que partage le chercheur et consultant Pascal de Crousaz, grand connaisseur \u00e9galement de la r\u00e9gion.  <strong>Un nouveau champion<\/strong> Apr\u00e8s ce raid sanglant contre une flottille \u00e0 forte composante turque, Ankara ne peut que poursuivre son repositionnement strat\u00e9gique vers l\u2019Asie centrale et en direction de ses voisins syriens et iraniens. Avec l\u2019affaire de la flottille, Ankara se pose m\u00eame en nouveau champion du monde arabe et musulman.  \u00abIsra\u00ebl est en train de perdre un alli\u00e9 de longue date, constate Pascal de Crousaz. Mais le gouvernement ne semble pas pleinement r\u00e9aliser l\u2019importance de cette perte. Il suffit de penser au sc\u00e9nario d\u2019une attaque isra\u00e9lienne contre les installations nucl\u00e9aires iraniennes. L\u2019une des voies d\u2019acc\u00e8s les plus s\u00fbrs \u00e9tait justement celle qui passe par la Turquie.\u00bb  Comme le rel\u00e8vent tant Pascal de Crousaz qu\u2019Yves Besson, le raid maritime isra\u00e9lien fragilise un autre alli\u00e9 des Occidentaux et d\u2019Isra\u00ebl: l\u2019Egypte, qui n\u2019a pu que desserrer le blocus de la bande de Gaza qu\u2019elle maintenait avec Isra\u00ebl en rouvrant partiellement lundi le terminal de Rafah.   \u00abCes derniers mois, l\u2019Egypte, en mauvais terme avec le Hamas avait renforc\u00e9 le blocus de Gaza. Si la r\u00e9ouverture du terminal de Rafah devait perdurer ces prochaines semaines, ce serait \u00e9galement un changement important\u00bb, souligne Pascal de Crousaz   <strong>Des alli\u00e9s fragilis\u00e9s <\/strong>Et d\u2019ajouter: \u00abL\u2019Egypte est entr\u00e9e dans une phase d\u00e9licate avec les pr\u00e9sidentielles de 2011 et la question de la succession d\u2019Hosni Moubarak. Le pouvoir \u00e9gyptien va donc chercher \u00e0 m\u00e9nager son opinion publique devenue tr\u00e8s anti-isra\u00e9lienne.\u00bb  Et \u00e7a n\u2019est pas tout, selon Pascal de Crousaz: \u00abCette op\u00e9ration fragilise toujours plus ceux qui croient encore en un accord n\u00e9goci\u00e9 avec Isra\u00ebl. Or Mahmoud Abbas (pr\u00e9sident de l\u2019Autorit\u00e9 palestinienne) et son Premier ministre avaient d\u00e9j\u00e0 toute les peine du monde \u00e0 contenir la col\u00e8re et la frustration des Palestiniens et \u00e0 \u00e9viter le d\u00e9clenchement d\u2019une nouvelle Intifada.\u00bb  Les Occidentaux n\u2019y trouvent gu\u00e8re leur compte non plus. \u00abJusqu\u2019\u00e0 r\u00e9cemment, les Etats-Unis et l\u2019Europe pensaient qu\u2019il fallait rassurer et s\u00e9curiser Isra\u00ebl pour l\u2019amener \u00e0 faire des concessions en vue d\u2019un accord de paix. Mais le raid de lundi confirme que cette approche n\u2019a produit que des \u00e9checs\u00bb, constate Yves Besson.  Et ce avant de rappeler un contexte hautement volatile: \u00abDans leur volont\u00e9 de se d\u00e9sengager de l\u2019Irak et de r\u00e9gler la question afghane comme dans le dossier du nucl\u00e9aire iranien, les Etats-Unis n\u2019avaient vraiment pas besoin de \u00e7a.\u00bb   <strong>Un plan de paix \u00e0 prendre ou \u00e0 laisser<\/strong> Pascal de Crousaz estime pourtant que l\u2019impact du raid isra\u00e9lien et les impasses qu\u2019il met \u00e0 jour pourraient renforcer une option \u00e9voqu\u00e9e ces derniers temps. \u00abEn concertation avec les pays impliqu\u00e9s formellement dans le processus de paix (Russie, Union europ\u00e9enne, ONU), mais aussi avec les pays arabes alli\u00e9s, les Etats-Unis pourraient bien convoquer &#8211; apr\u00e8s les \u00e9lections de mi-mandat &#8211; une conf\u00e9rence internationale o\u00f9 serait pr\u00e9sent\u00e9 un plan de paix \u00e0 prendre ou \u00e0 laisser, un plan dont les contours sont connus depuis le plan Clinton, le plan de paix de la Ligue arabe et l\u2019Accord de Gen\u00e8ve.\u00bb  D\u00e9j\u00e0 mal engag\u00e9e, l\u2019approche actuelle toujours d\u00e9fendue par Washington et l\u2019Autorit\u00e9 palestinienne \u2013 des n\u00e9gociations indirectes entre Isra\u00e9liens et Palestiniens \u2013 risque de voler en \u00e9clat d\u00e8s le 25 septembre prochain, \u00e0 la fin des 10 mois de gel partiel des constructions de nouvelles colonies consenti par Benyamin Netanyahou.   <strong>Une strat\u00e9gie d\u00e9pass\u00e9e<\/strong> Reste \u00e0 comprendre pourquoi Isra\u00ebl semble s\u2019ing\u00e9nier \u00e0 saper ses propres int\u00e9r\u00eats \u00e0 long terme. \u00abLe gouvernement isra\u00e9lien a certainement mal pr\u00e9par\u00e9 et mal \u00e9valu\u00e9 l\u2019impact de cette op\u00e9ration maritime, estime Pascal de Crousaz. Mais au sein de la coalition au pouvoir se trouvent des gens qui pensent qu\u2019Isra\u00ebl doit continuer \u00e0 maximiser ses capacit\u00e9s de dissuasion et ne compter que sur sa force, sans trop pr\u00eater attention aux r\u00e9actions de l\u2019opinion publique internationale. Une posture ancienne particuli\u00e8rement dominante dans l\u2019actuel gouvernement.\u00bb  Pour Yves Besson, cette posture qui constitue l\u2019un des fondements de la politique \u00e9trang\u00e8re d\u2019Isra\u00ebl depuis sa cr\u00e9ation en 1948 est aujourd\u2019hui obsol\u00e8te. \u00abIsra\u00ebl en reste aux paradigmes qui fonctionnaient dans la r\u00e9gion durant la Guerre froide. Soit d\u2019\u00eatre un point d\u2019appui des Etats-Unis dans une r\u00e9gion hautement strat\u00e9gique. Le dernier pr\u00e9sident am\u00e9ricain \u00e0 penser en ces termes \u00e9tait Georges W. Bush. \u00bb  \u00abMais aujourd\u2019hui, ajoute l\u2019ancien diplomate, baser la s\u00e9curit\u00e9 int\u00e9rieure et ext\u00e9rieure de l\u2019Etat d\u2019Isra\u00ebl sur un usage massif de la force sans se soucier de son impact humain et m\u00e9diatique ne joue plus.\u00bb  Et ce y compris au regard du droit dans un monde qui voit monter en puissance la justice internationale. \u00abRavager le Liban en 2006 et Gaza en 2009, tout comme cette intervention dans les eaux internationales, sans compter le blocus lui-m\u00eame sont des violations du droit de la guerre, rappelle Yves Besson. Ignorer le droit ou l\u2019interpr\u00e9ter \u00e0 sa fa\u00e7on, ignorer les r\u00e9solutions des Nations unies passe de plus en plus mal aupr\u00e8s des opinions publiques dans la r\u00e9gion, comme dans le reste du monde.\u00bb   <font><strong>Fr\u00e9d\u00e9ric Burnand, Gen\u00e8ve, swissinfo.ch (Source:swissinfo.ch le 2 juin 2010)<\/strong><\/font><\/div>\n<div align=\"justify\"><strong><\/p>\n<hr\/>\n<p><\/strong><\/div>\n<div align=\"justify\"><font><\/p>\n<p align=\"center\"><b><span lang=\"FR-CH\"><\/p>\n<p><font size=\"3\">Le Conseil des droits de l\u2019homme s\u2019indigne des attaques isra\u00e9liennes contre la flottille humanitaire et d\u00e9cide d\u2019une mission d\u2019enqu\u00eate<\/font><\/p>\n<p><\/span><\/b><\/p>\n<p align=\"center\"><b><span lang=\"FR-CH\"><font size=\"2\">R\u00e9actions \u00e0 chaud depuis le Palais des Nations \u00e0 Gen\u00e8ve<\/font><\/span><\/b><\/p>\n<p align=\"center\"><b><span lang=\"FR-CH\"><font size=\"2\">Suivi du texte anglais de la R\u00e9solution A\/HRC\/14\/L.1<\/font><\/span><\/b><\/p>\n<p align=\"center\"><font size=\"2\"><b><i><span lang=\"EN-GB\">\u201cThe Grave Attacks by Israeli Forces against the Humanitarian Boat Convoy\u201d<\/span><\/i><\/b><\/font><\/p>\n<p align=\"center\"><font size=\"2\"><b><i><span lang=\"EN-GB\"><\/span><\/i><\/b><\/font><\/p>\n<hr\/>\n<p><\/font>\u00a0<\/p>\n<p align=\"left\"><b><span lang=\"FR-CH\"><font size=\"2\">Par Abdel Wahab Hani<\/font><\/span><\/b><\/p>\n<p><b><span lang=\"FR-CH\"><font size=\"2\">32 Pour, 3 Contre (Etats-Unis, Pays-Bas et Italie), 9 Abstentions (la majorit\u00e9 des pays de l\u2019Union europ\u00e9enne, le Japon, la Cor\u00e9e et le Burkina) et 2 pays n\u2019ont pas pris part au vote (Madagascar et Zambie). La <span>Bosnie-Herz\u00e9govine,<\/span> la Norv\u00e8ge et la Slov\u00e9nie sauvent l\u2019honneur des d\u00e9mocraties occidentales, en d\u00e9fendant la R\u00e9solution et en votant Pour sans aucune h\u00e9sitation. Les pays d\u2019Am\u00e9rique Latine marquent leur identit\u00e9 profond\u00e9ment d\u00e9mocratique et leur solidarit\u00e9 ind\u00e9fectible avec les causes justes et s\u2019\u00e9loignent, chemin faisant des standards occidentaux des deux poids-deux mesures. La Chine et la Russie apportent un soutien de poids \u00e0 la R\u00e9solution, La France et la Grande Bretagne s\u2019abstiennent. Isol\u00e9s, les Etats-Unis sont le seul membre permanent du Conseil de S\u00e9curit\u00e9 \u00e0 s\u2019opposer malgr\u00e9 leur condamnation de la flagrante violation de leur encombrant alli\u00e9 sioniste. Seuls les Pays-Bas et l\u2019Italie les suivent, confirmant ainsi la fascisation de ces deux pays, observ\u00e9e depuis un certain temps. <\/font><\/span><\/b><\/p>\n<p><span lang=\"FR-CH\"><font size=\"2\">Saisi d\u2019un projet de r\u00e9solution, pr\u00e9sent\u00e9e par le Pakistan au nom de l\u2019Organisation de la Conf\u00e9rence Islamique et du Soudan au nom du groupe Arabe, le Conseil des droits de l\u2019homme des Nations Unies s\u2019est indign\u00e9 cet apr\u00e8s-midi des <i>\u00ab\u00a0graves attaques des forces isra\u00e9liennes contre un convoi humanitaire maritime\u00a0\u00bb<\/i> et a d\u00e9cid\u00e9 de la mise en place d\u2019une mission d\u2019\u00e9tablissement des faits, similaire dirig\u00e9e par le <i>Juge Goldstone<\/i>.<\/font><\/span><\/p>\n<p><span lang=\"FR-CH\"><font size=\"2\">Une premi\u00e8re dans les travaux du Conseil, les pays arabes et musulmans ont inscrit une question d\u2019urgence au point 1 de l\u2019ordre du jour, \u00e0 l\u2019ouverture de la 14<sup>e<\/sup> session ordinaire du Conseil avant-hier lundi 31 mai. Ce point r\u00e9serv\u00e9 aux <i>\u00ab\u00a0questions d\u2019organisation et de proc\u00e9dure\u00a0\u00bb<\/i> est souvent exp\u00e9ditif et purement technique. Cette \u00e9volution donne de plus en plus de vigueur aux travaux du Conseil qui s\u2019impose d\u00e9sormais comme le forum incontournable de la Communaut\u00e9 internationale en mati\u00e8re des droits humains, 3<sup>e<\/sup> pilier des Nations Unies avec la Paix et la S\u00e9curit\u00e9 internationales (Conseil de S\u00e9curit\u00e9) et le D\u00e9veloppement \u00e9conomique et social (Conseil \u00e9conomique et social).<\/font><\/span><\/p>\n<p><span lang=\"FR-CH\"><font size=\"2\">Apr\u00e8s des d\u00e9bats tr\u00e8s nourris et un \u00e9norme travail dans les coulisses, le Conseil s\u2019est prononc\u00e9, \u00e0 une tr\u00e8s large majorit\u00e9, cet apr\u00e8s-midi, mercredi 2 juin.<\/font><\/span><\/p>\n<p><span lang=\"FR-CH\"><font size=\"2\">La r\u00e9solution sans \u00e9quivoque condamne dans des termes des plus vigoureux les \u00ab\u00a0graves attaques isra\u00e9liennes contre la flottille humanitaire\u00a0\u00bb.<\/font><\/span><\/p>\n<p><span lang=\"FR-CH\"><font size=\"2\">Le proc\u00e8s-verbal de s\u00e9ance publi\u00e9 par le Secr\u00e9tariat du Conseil des droits de l\u2019homme r\u00e9sume la teneur de cette r\u00e9solution historique, instituant par ailleurs une mission internationale d\u2019\u00e9tablissement des faits, semblable \u00e0 celle de l\u2019Honorable <i>Juge Richard Goldstone<\/i> et son c\u00e9l\u00e8bre rapport.<\/font><\/span><\/p>\n<p><b><i><span lang=\"FR-CH\">\u00ab\u00a0L<span>e Conseil condamne dans les termes les plus vifs l&rsquo;attaque inacceptable lanc\u00e9e par les forces isra\u00e9liennes contre la flottille d&rsquo;aide humanitaire, au cours de laquelle de nombreux civils innocents de diff\u00e9rents pays ont \u00e9t\u00e9 tu\u00e9s ou bless\u00e9s. Le Conseil d\u00e9plore vivement la mort de civils innocents et appelle Isra\u00ebl \u00e0 coop\u00e9rer avec le Comit\u00e9 international de la Croix-Rouge pour rechercher et fournir des renseignements sur l&rsquo;endroit o\u00f9 se trouvent les personnes d\u00e9tenues ou bless\u00e9es et sur leur \u00e9tat. Le Conseil exige que la puissance occupante, Isra\u00ebl, lib\u00e8re imm\u00e9diatement tous les hommes d\u00e9tenus, restitue le mat\u00e9riel et facilite leur retour dans leurs pays dans des conditions de s\u00e9curit\u00e9. Il engage en outre Isra\u00ebl \u00e0 lever sans d\u00e9lai le si\u00e8ge impos\u00e9 \u00e0 Gaza et aux territoires occup\u00e9s et \u00e0 garantir la fourniture sans entraves d&rsquo;aide humanitaire, y compris de carburant et de soins m\u00e9dicaux, \u00e0 la bande de Gaza occup\u00e9e.<\/span><\/span><\/i><\/b><\/p>\n<p><b><i><span lang=\"FR-CH\">Le Conseil se f\u00e9licite des d\u00e9clarations faites par le Secr\u00e9taire g\u00e9n\u00e9ral de l&rsquo;Organisation des Nations Unies et la Haut-Commissaire aux droits de l&rsquo;homme dans lesquelles ceux-ci ont condamn\u00e9 les attaques isra\u00e9liennes. Le Conseil demande que soient pleinement \u00e9tablies les responsabilit\u00e9s et que des enqu\u00eates v\u00e9ritablement ind\u00e9pendantes soient men\u00e9es \u00e0 cet \u00e9gard. Le Conseil d\u00e9cide d&rsquo;envoyer une mission internationale ind\u00e9pendante d&rsquo;\u00e9tablissement des faits pour enqu\u00eater sur les violations du droit international auxquelles ont donn\u00e9 lieu les attaques isra\u00e9liennes contre la flottille d&rsquo;aide humanitaire. Il d\u00e9cide enfin d&rsquo;autoriser le Pr\u00e9sident du Conseil \u00e0 d\u00e9signer les membres de la mission d&rsquo;\u00e9tablissement des faits.\u00a0\u00bb<\/span><\/i><\/b><\/p>\n<p><span lang=\"FR-CH\">Cette R\u00e9solution a \u00e9t\u00e9 approuv\u00e9e par 32 pays et rejet\u00e9s par les 3 inconditionnels d\u2019Isra\u00ebl, 9 abstentions et 2 non participations au vote, dont voici le r\u00e9sum\u00e9\u00a0:<\/span><\/p>\n<p><b><span lang=\"FR-CH\"><font size=\"2\">D\u00e9tail du vote\u00a0:<\/font><\/span><\/b><\/p>\n<p><b><span lang=\"FR-CH\"><font size=\"2\">32 voix pour, 3 contre, 9 abstentions, 2 non participation au vote\u00a0:<\/font><\/span><\/b><\/p>\n<p><font size=\"2\"><b><span lang=\"FR-CH\">Pour\u00a0:<\/span><\/b><span lang=\"FR-CH\"><span>Afrique du Sud, Angola, Arabie saoudite, Argentine, Bahre\u00efn, Bangladesh, Bolivie, Bosnie-Herz\u00e9govine, Br\u00e9sil, Chili, Chine, Cuba, Djibouti, \u00c9gypte, F\u00e9d\u00e9ration de Russie, Gabon, Ghana, Inde, Indon\u00e9sie, Jordanie, Kirghizistan, Maurice, Mexique, Nicaragua, Nig\u00e9ria, Norv\u00e8ge, Pakistan, Philippines, Qatar, S\u00e9n\u00e9gal, Slov\u00e9nie et Uruguay.<\/span><\/span><\/font><\/p>\n<p><font size=\"2\"><b><span lang=\"FR-CH\">Contre\u00a0:<\/span><\/b><span lang=\"FR-CH\"> Etats-Unis d\u2019Am\u00e9rique, Pays-Bas, Italie<\/span><\/font><\/p>\n<p><font size=\"2\"><b><span lang=\"FR-CH\">Abstentions\u00a0:<\/span><\/b><span lang=\"FR-CH\"> France, Belgique, Burkina Faso, Hongrie, Japon, Slovaquie, Ukraine, Royaume Unie, R\u00e9publique de Cor\u00e9e<\/span><\/font><\/p>\n<p><font size=\"2\"><b><span lang=\"FR-CH\">N\u2019ont pas particip\u00e9 au vote\u00a0:<\/span><\/b><span lang=\"FR-CH\"> Madagascar, Zambie<\/span><\/font><\/p>\n<p>\u00a0<\/p>\n<p><b><span lang=\"FR-CH\"><font size=\"2\">Une lecture rapide dans ce vote nous permet de d\u00e9gager les points suivants\u00a0:<\/font><\/span><\/b><\/p>\n<p><span lang=\"FR-CH\"><font size=\"2\">-Uns tr\u00e8s large majorit\u00e9 approuve la R\u00e9solution, 32 pour sur 47 pays membres, avec seulement 3 contre. Le camp des inconditionnels de l\u2019Etat h\u00e9breux se r\u00e9duit;<\/font><\/span><\/p>\n<p><span lang=\"FR-CH\"><font size=\"2\">-Un comportement digne de la d\u00e9l\u00e9gation palestinienne conduite par notre ami <i>Son Excellence l\u2019Ambassadeur\u00a0 Ibrahim Khraishi<\/i> , Vice-ministre des Affaires \u00e9trang\u00e8res de l\u2019Autorit\u00e9 palestinienne, qui s\u2019est comport\u00e9 en repr\u00e9sentant du peuple palestinien et non de l\u2019autorit\u00e9 palestinienne ou du Fatah. Ce comportement hautement responsable et digne renfoncera certainement les chances de la r\u00e9conciliation nationale\u00a0;<\/font><\/span><\/p>\n<p><span lang=\"FR-CH\"><font size=\"2\">-Une magnifique prestation de l\u2019Ambassadeur de Turquie, notre ami <i>Son Excellence Ahmet<\/i> <i>\u00dcz\u00fcmc\u00fc<\/i> qui a tenu \u00e0 prendre la parole \u00e0 titre prioritaire et <span>\u00a0qui a d\u00e9fendu la mission civile d\u2019aide humanitaire \u00e0 bord d\u2019une flottille battant pavillon turque. Cette d\u00e9fense d\u2019un Ambassadeur \u00e0 une action citoyenne priv\u00e9e de ses concitoyens marque une \u00e9norme \u00e9volution dans la diplomatie turque qui se comporte en repr\u00e9sentante de la Nation turque et non de son seul gouvernement. Dans des termes tr\u00e8s fermes, l\u2019Ambassadeur des ottomans a trac\u00e9 les pourtours de la r\u00e9action du Conseil\u00a0: <\/span><i>\u00ab\u00a0<span>Les responsabilit\u00e9s doivent \u00eatre \u00e9tablies afin que les personnes responsables r\u00e9pondent de leurs actes. Isra\u00ebl doit imm\u00e9diatement mettre fin au blocus impos\u00e9 \u00e0 Gaza, notamment sur le carburant et le mat\u00e9riel m\u00e9dical\u00bb\u00a0;<\/span><\/i><\/font><\/span><\/p>\n<p><span lang=\"FR-CH\"><font size=\"2\">-L\u2019ambassadeur <i>Aharon Leshno-Yaar<\/i> de l\u2019occupation coloniale sioniste n\u2019a r\u00e9ussi \u00e0 convaincre personne, m\u00eame ses alli\u00e9s inconditionnels et a du revoir son discours a bout de 24 heures de d\u00e9bat, pour se pr\u00e9senter cet apr\u00e8s-midi avec mesquinerie et tentatives d\u2019engagement en cherchant \u00e0 d\u00e9samorcer la crise avec la communaut\u00e9 internationale et en multipliant les engagements de d\u00e9tente de son gouvernement\u00a0;<\/font><\/span><\/p>\n<p><span lang=\"FR-CH\"><font size=\"2\">-Un bon comportement des groupes arabe, islamique et non-align\u00e9, qui ont \u0153uvr\u00e9 efficacement pour assurer le plein succ\u00e8s \u00e0 la R\u00e9solution. L\u2019exp\u00e9rience de la gestion de la mission d\u2019enqu\u00eate puis du rapport Goldstone a peris au groupe arabe, dirig\u00e9 \u00e0 l\u2019\u00e9poque par <i>Son Excellence Si Abdelwah\u00e8b Jemal<\/i>, notre Ambassadeur aupr\u00e8s des Nations Unies \u00e0 Gen\u00e8ve a \u00e9t\u00e9 tr\u00e8s utile pour mieux souder le groupe et \u00e9viter les marchandages tous-terrains de certaines capitales<\/font><\/span><\/p>\n<p><span lang=\"FR-CH\"><font size=\"2\">-L\u2019isolement des Etats-Unis d\u2019Am\u00e9rique, comme seul membre du Conseil de S\u00e9curit\u00e9 des Nations Unies qui reste prisonnier de l\u2019inconditionnalit\u00e9 du soutien \u00e0 l\u2019Etat h\u00e9breux par tout temps. Notant cependant un changement du discours de la d\u00e9l\u00e9gation am\u00e9ricaine, de plus en plus critique \u00e0 l\u2019\u00e9gard de leur encombrant alli\u00e9 sioniste\u00a0; <\/font><\/span><\/p>\n<p><span lang=\"FR-CH\"><font size=\"2\">-Comme lors du vote d rapport de l\u2019honorable juge <i>Richard Goldstone<\/i> sur les possibles crimes de guerre et crimes contre l\u2019humanit\u00e9 commises lors de l\u2019op\u00e9ration \u2018Plomb durci\u2019 engag\u00e9 par Tsahal contre la Bande de Gaza, deux pays membres du Conseil de S\u00e9curit\u00e9 ont vot\u00e9 Pour, \u00e0 savoir la Chine et la F\u00e9d\u00e9ration de Russie, alors que la France et le Royaume Uni de Grande Bretagne et d\u2019Irlande du Nord se sont abstenues. Si l\u2019abstention de la France est en de\u00e7\u00e0 de ce que l\u2019ancien \u2018Pays des Lumi\u00e8res\u2019 se doit en coh\u00e9rence avec sa propre histoire, ses propres valeurs et son propre avenir, indissociablement li\u00e9 au monde arabe, le vote britannique est \u00e0 suivre de pr\u00eat, de ce fait qu\u2019il se dissocie du vote am\u00e9ricain, comme lors du rapport <i>Goldsto<\/i>ne. Les diplomates et les d\u00e9fenseurs arabes doivent suivre ce vote de tr\u00e8s pr\u00e8s, \u00e0 Gen\u00e8ve au Conseil des droits de l\u2019homme, mais aussi \u00e0 New York \u00e0 l\u2019Assembl\u00e9e g\u00e9n\u00e9rale et au Conseil de S\u00e9curit\u00e9. L\u2019heure du soutien inconditionnel britannique aux agissements d\u2019Isra\u00ebl semble r\u00e9volue. Cette \u00e9volution du vote britannique est porteuse d\u2019espoir\u00a0;<\/font><\/span><\/p>\n<p><span lang=\"FR-CH\"><font size=\"2\">-L\u2019\u00e9clatement des divisions au sein de l\u2019<i>Union europ\u00e9enne <\/i>qui n\u2019arrive plus \u00e0 tenir une position commune sur les sujets touchant \u00e0 l\u2019occupation coloniale et les discriminations de tout ordre impos\u00e9es par Isra\u00ebl \u00e0 peuple palestinien\u00a0;<\/font><\/span><\/p>\n<p><span lang=\"FR-CH\"><font size=\"2\">-Le vote digne et hautement symbolique de certains pays europ\u00e9en, petits par leurs tailles et grands par leurs valeurs, \u00e0 savoir la <i>Bosnie-Herz\u00e9govine<\/i>, de la<i> Norv\u00e8ge<\/i> et de la <i>Slov\u00e9nie<\/i>, en faveur de la r\u00e9solution, illustre la limite des blocs r\u00e9gionaux et ouvre de nouvelles perspectives aux d\u00e9fenseurs des causes JUSTES pour s\u2019assurer du plus large soutien possible\u00a0, condition n\u00e9cessaire pour remporter la bataille contre les criminels de guerre et les auteurs des crimes contre l\u2019humanit\u00e9 qui asservissent tout un peuple sous le regard complaisant des puissants\u00a0;<\/font><\/span><\/p>\n<p><span lang=\"FR-CH\"><font size=\"2\">-La confirmation de la d\u00e9rive italienne et n\u00e9erlandaise qui s\u2019observe depuis le renforcement des droits populistes alli\u00e9es des mouvements d\u2019extr\u00eame droite dans ces deux pays. Ce qui illustre la parfaite collusion et alliance entre les gouvernements d\u2019extr\u00eame droite en Europe et l\u2019occupation coloniale et criminelle isra\u00e9lienne\u00a0; l\u2019extr\u00eame droite appara\u00eet le principal soutien d\u2019Isra\u00ebl\u00a0;<\/font><\/span><\/p>\n<p><span lang=\"FR-CH\"><font size=\"2\">-Un fl\u00e9chissement, limit\u00e9 mais dommageable, dans le soutien africain aux causes arabes. Ainsi l\u2019abstention du <i>Burkina<\/i> et l\u2019absence du vote de <i>Madagascar<\/i> et de la <i>Zambie<\/i> doit \u00eatre analys\u00e9e par les diplomates et les d\u00e9fenseurs arabes et une strat\u00e9gie plus active doit \u00eatre mis en place \u00e0 destination de l\u2019Afrique pour renouer les liens de solidarit\u00e9 du mouvement anticoloniale et anti-apartheid qui nous ont uni et nous unissent toujours avec nos fr\u00e8res africains\u00a0;<\/font><\/span><\/p>\n<p><span lang=\"FR-CH\"><font size=\"2\">-Le r\u00f4le des organisations de la soci\u00e9t\u00e9 civile est de plus en plus d\u00e9terminant. Notant cependant la pr\u00e9sence de plus en plus arrogante des inconditionnels d\u2019Isra\u00ebl, comme la tr\u00e8s active organisation parapluie, pompeusement appel\u00e9 UN Watch plus virulente et plus haineuse que le discours des diplomates de l\u2019Etat h\u00e9breux eux-m\u00eames, dans un parfait partage d e r\u00f4le. Cependant, nous regrettons l\u2019absence quasi-totale des organisations arabes de d\u00e9fense des droits humains et l\u2019une des tr\u00e8s rares voix arabes au sein du Conseil des droits d l\u2019homme des Nations Unies, \u00e0 savoir la <i>Commission arabe des droits humains<\/i>, a \u00e9t\u00e9 r\u00e9duite au silence pendant un an du 17 juillet 20109 au 27 juillet 2010, sur une plainte d\u2019un gouvernement arabe, \u00e0 savoir l\u2019Alg\u00e9rie. Les gouvernements arabes doivent revoir leur relation tendue et conflictuelle avec les organisations ind\u00e9pendantes de la soci\u00e9t\u00e9 civile, pour leur permettre d\u2019assumer leur r\u00f4le pleinement, y compris sur les questions fondamentales qui touchent les droits nationaux du peuple palestinien fr\u00e8re. La diplomatie d\u2019aujourd\u2019hui est triangulaire\u00a0: Gouvernements, Soci\u00e9t\u00e9 civil et M\u00e9dias\u00a0;<\/font><\/span><\/p>\n<p><span lang=\"FR-CH\"><font size=\"2\">-Signalons enfin une participation digne de la d\u00e9l\u00e9gation tunisienne, conduite par <i>Son Excellence Si Abdelwah\u00e8b Jemal<\/i>, notre Repr\u00e9sentant permanent aupr\u00e8s des Nations Unies \u00e0 Gen\u00e8ve qui a \u00e9t\u00e9 le premier observateur (la Tunisie \u00e9tant Observateur du Conseil qui compte 47 membres) \u00e0 avoir pris la parole et \u00e0 d\u00e9noncer la l\u00e2che agression du convoi humanitaire maritime. La r\u00e9activit\u00e9 exemplaire de la nouvelle diplomatie tunisienne, la position du Chef de l\u2019Etat et du Gouvernement, les communiqu\u00e9s des deux Chambres du Parlement (D\u00e9put\u00e9s et Conseillers) et la manifestation unitaire des forces politiques nationales renforcent le sentiment d\u2019une r\u00e9action digne sur le plan local, malgr\u00e9 les tentatives de r\u00e9cup\u00e9ration politicienne et la marginalisation de la pr\u00e9sence des leaders de l\u2019opposition dans le cort\u00e8ge de la manifestation de Tunis. L\u2019essentiel \u00e9tait l\u00e0 et le gouvernement et les forces vives, politiques et associatives de la Soci\u00e9t\u00e9 tunisienne ont apport\u00e9 leur r\u00e9probation de la barbarie isra\u00e9lienne et leur soutien \u00e0 nos fr\u00e8res palestiniens martyrs. Nous aurons aim\u00e9 voir des r\u00e9actions populaires plus g\u00e9n\u00e9ralis\u00e9es dans l\u2019ensemble du pays, le gouvernent et messieurs les <i>Wollats \/ Gouverneurs<\/i>\u00a0 de la R\u00e9publique doivent faciliter l\u2019expression pacifique des tunisiennes et des tunisiens\u00a0;<\/font><\/span><\/p>\n<p>\u00a0<\/p>\n<p><b><span lang=\"FR-CH\"><font size=\"2\">Perspectives d\u2019action formul\u00e9es \u00e0 chaud\u00a0:<\/font><\/span><\/b><\/p>\n<p><span lang=\"FR-CH\"><font size=\"2\">-Fixer l\u2019objectif, aujourd\u2019hui r\u00e9aliste et \u00e0 notre port\u00e9e, de la Lev\u00e9e imm\u00e9diate du Blocus criminel qui frappe Gaza\u00a0;<\/font><\/span><\/p>\n<p><span lang=\"FR-CH\"><font size=\"2\">-Ne pas oublier les souffrances de nos fr\u00e8res plestiniens en Cisjordanie, victime des menaces des transferts de d\u00e9portation de leurs terres anc\u00e8strales, ainsi que Al-Quds Al-Sharif et ses habitants, menac\u00e9s d&rsquo;une politique d\u00e9lib\u00e9r\u00e9e de purification religieuse et de jud\u00e9asition sioniste voulant massacrer son identit\u00e9 et son histoire et exterminer sa population par tous les moyens;<\/font><\/span><\/p>\n<p>\u00a0<\/p>\n<p><span lang=\"FR-CH\"><font size=\"2\">-Redoubler d\u2019effort pour convoquer une r\u00e9union des Etats partis aux Conventions de Gen\u00e8ve, r\u00e9gissant le Droit Humanitaire International;<\/font><\/span><\/p>\n<p><span lang=\"FR-CH\"><font size=\"2\">-Mettre en \u0153uvre les conclusions des missions d\u2019enqu\u00eate du <i>Professeur John Dugart<\/i> et de l\u2019Honorable <i>Juge Richard Goldstone<\/i> , de l\u2019ensemble des documents et preuves de Nations Unis, du Bureau International du travail, de l\u2019Organisation mondiale de la Sant\u00e9 et de toute autre source, ainsi que r\u00e9pertorier toutes les violations isra\u00e9liennes en vu de les d\u00e9poser aupr\u00e8s du Procureur de la Cour p\u00e9nale internationale pour poursuivre l\u2019occupant pour ses crimes de guerre et crimes contre l\u2019humanit\u00e9. A ce titre notre pays doit travailler de concert avec l\u2019Autorit\u00e9 palestinienne, la Ligue arabe et les Nations Unies pour mieux utilise les archives y aff\u00e9rentes de l\u2019OLP, du Fatah et de feu le <i>Za\u00efm Yasser Arafat<\/i>, laiss\u00e9 \u00e0 Tunis, tout en veillant \u00e0 les prot\u00e9ger des risques de d\u00e9t\u00e9rioration accidentelle ou criminelle\u00a0;<\/font><\/span><\/p>\n<p><span lang=\"FR-CH\"><font size=\"2\">-Activer les efforts de r\u00e9daction d\u2019un texte international visant \u00e0 prot\u00e9ger les acteurs humanitaires, projet initi\u00e9 par la Commission arabe des droits humains et d\u00e9fendu port\u00e9 depuis des ann\u00e9es par le Bureau international de l\u2019Action Humanitaire\u00a0;<\/font><\/span><\/p>\n<p><span lang=\"FR-CH\"><font size=\"2\">-Mieux resserrer les liens avec nos amis turcs, sur le plan gouvernemental, diplomatique, politique et associatif. A ce titre notre Diplomatie doit resserrer les liens avec sa cons\u0153ur turque. Nous sugg\u00e9rons que <i>Son Excellence Si Haj Klei<\/i> <i>notre nouvel Ambassadeur en Turquie<\/i> s\u2019active dans ce sens et que <i>Son Excellence l\u2019Ambassadeur de Turquie en Tunisie<\/i> soit re\u00e7u avec les honneurs au Minist\u00e8re des Affaires \u00e9trang\u00e8res, au Palais du Gouvernement et au Palais de la Pr\u00e9sidence de la R\u00e9publique, pour sceller une alliance tuniso-turque au service de la Paix et de la justice dans le monde. Tunisiens et Turques ont des si\u00e8cles d\u2019histoire politique commune \u00e0 mettre en ouvre au service de ce noble objectif\u00a0;<\/font><\/span><\/p>\n<p><span lang=\"FR-CH\"><font size=\"2\">-Mieux doter la diplomatie tunisienne multilat\u00e9rale, notamment \u00e0 Gen\u00e8ve et \u00e0 New York, en ressources humaines et financi\u00e8res, pour mieux porter les valeurs ancestrales de notre pays et assumer pleinement ses devoirs, sp\u00e9cifiquement vis-\u00e0-vis du peuple palestinien fr\u00e8re, sur la base de l\u2019initiative courageuse et toujours d\u2019actualit\u00e9 de feu le <i>Za\u00efb Habib Bourguiba<\/i>. La diplomatie tunisienne doit affirmer ses fondements historiques, ses initiatives et son r\u00f4le pionnier, ainsi que de faciliter le travail et la pr\u00e9sence des organisations de la soci\u00e9t\u00e9 civile tunisienne et arabe ind\u00e9pendante aux travaux de organes Onusiens\u00a0;<\/font><\/span><\/p>\n<p>\u00a0<\/p>\n<p><span lang=\"FR-CH\"><font size=\"2\">Palais des Nations, Gen\u00e8ve<\/font><\/span><\/p>\n<p><span lang=\"FR-CH\"><font size=\"2\">02 juin 2010<\/font><\/span><\/p>\n<p>\u00a0<\/p>\n<p><i><span lang=\"FR-CH\"><font size=\"2\">\u00c2\u00efd \/ Retornado, Bi Idhni Alla, Ahabba Al Mouhibboun Wa Kariha Al Karihoun<\/font><\/span><\/i><\/p>\n<p>\u00a0<\/p>\n<p><b><span lang=\"FR-CH\"><font size=\"2\">Abdel Wahab Hani<\/font><\/span><\/b><\/p>\n<p>\u00a0<\/p>\n<p><span lang=\"FR-CH\"><a rel=\"nofollow noopener\" target=\"_blank\"><font size=\"2\">awhani@yahoo.fr<\/font><\/a><font size=\"2\">; +33 6 17 96 00 37 (toujours injoignable depuis les lignes Tunisie Tlecom depuis une d\u00e9cennie) <\/font><\/span><\/p>\n<p>\u00a0<\/p>\n<p><font size=\"2\"><b><u><span lang=\"FR-CH\">PS\u00a0:<\/span><\/u><\/b><span lang=\"FR-CH\"><b>Ci-joint le Texte anglais de la R\u00e9solution, comme amend\u00e9 verbalement en salle,<\/b><\/span><\/font><\/p>\n<p>\u00a0<\/p>\n<p><font size=\"2\"><b><span lang=\"FR-CH\">Conseil des droits de l\u2019homme des Nations Unies<\/span><\/b><span lang=\"FR-CH\">,<\/span><\/font><\/p>\n<p><span lang=\"FR-CH\"><font size=\"2\">R\u00e9solution A\/RHC\/14\/L.1\u00a0: \u00ab\u00a0Les graves attaques de forces isra\u00e9liennes contre un convoi humanitaire maritime\u00a0\u00bb<\/font><\/span><\/p>\n<p><span lang=\"FR-CH\"><font size=\"2\">Adopt\u00e9e le 2 juin 2010, \u00e0 14h50, <\/font><\/span><\/p>\n<p>\u00a0<\/p>\n<p><b><span lang=\"EN-GB\">Human Rights Council<\/span><\/b><\/p>\n<p><b><span lang=\"EN-GB\"><font size=\"2\">Fourteenth session<\/font><\/span><\/b><\/p>\n<p><span lang=\"EN-GB\"><font size=\"2\">Agenda item 1<\/font><\/span><\/p>\n<p><b><span lang=\"EN-GB\"><font size=\"2\">Organizational and procedural matters<\/font><\/span><\/b><\/p>\n<p><span lang=\"EN-GB\"><strong><font size=\"2\">\u00a0\u00a0\u00a0\u00a0\u00a0\u00a0\u00a0\u00a0\u00a0\u00a0\u00a0\u00a0\u00a0\u00a0\u00a0\u00a0\u00a0\u00a0\u00a0\u00a0\u00a0\u00a0\u00a0\u00a0 Pakistan (on behalf of the Organization of Islamic Conference), Palestine<\/font><\/strong><\/span><a rel=\"nofollow noopener\" target=\"_blank\" title=\"\"><span><span lang=\"EN-GB\"><font>*<\/font><\/span><\/span><\/a><span lang=\"EN-GB\"><strong><font size=\"2\">, Sudan<\/font><\/strong><\/span><span><span lang=\"EN-GB\"> *<\/span><\/span><font size=\"2\"><span lang=\"EN-GB\"><\/span><span lang=\"EN-GB\"><strong>(on behalf of the Group of Arab States): draft resolution <\/strong><\/span><\/font><span lang=\"EN-GB\"><strong>(*Non member states of the Human Rights Council)<\/strong><\/span><\/p>\n<p><strong><font size=\"3\"><span lang=\"EN-GB\">\u00a0\u00a0\u00a0\u00a0\u00a0\u00a0\u00a0\u00a0\u00a0\u00a0\u00a0\u00a0\u00a0\u00a0\u00a0\u00a0\u00a0\u00a0 14\/\u2026 The Grave Attacks by Israeli Forces against the Humanitarian Boat Convoy<\/span><\/font><\/strong><\/p>\n<p><font size=\"2\"><i><span lang=\"EN-GB\">\u00a0\u00a0\u00a0\u00a0\u00a0\u00a0 The Human Rights Council<\/span><\/i><span lang=\"EN-GB\">,<\/span><\/font><\/p>\n<p><font size=\"2\">\u00a0\u00a0\u00a0\u00a0\u00a0\u00a0 <i>Guided<\/i> by the purposes and the principles of the United Nations Charter, as well as by the provisions of the Universal Declaration for Human Rights,<\/font><\/p>\n<p><font size=\"2\">\u00a0\u00a0\u00a0\u00a0\u00a0\u00a0 <i>Taking<\/i> into consideration the provisions of the Fourth Geneva Convention for the Protection of Civilian Persons in Times of War of 12 August 1949,<\/font><\/p>\n<p><font size=\"2\">\u00a0\u00a0\u00a0\u00a0\u00a0\u00a0 <i>Emphasizing<\/i> the importance of the safety and well-being of all civilians including humanitarian personnel,<\/font><\/p>\n<p><font size=\"2\">\u00a0\u00a0\u00a0\u00a0\u00a0\u00a0 <i>Expressing<\/i> grave concern also at the deepening humanitarian crisis in occupied Gaza ,<\/font><\/p>\n<p><font size=\"2\">\u00a0\u00a0\u00a0\u00a0\u00a0\u00a0 <i>Emphasizing<\/i> the need to ensure sustained and regular flow of goods and people into occupied Gaza and welcoming the initiatives aimed at creating and opening humanitarian corridors and other mechanisms for the sustained delivery of humanitarian aid;<\/font><\/p>\n<p><font size=\"2\">\u00a0\u00a0\u00a0\u00a0\u00a0\u00a0 1.\u00a0\u00a0\u00a0\u00a0\u00a0\u00a0\u00a0\u00a0\u00a0\u00a0\u00a0\u00a0 <i>Condemns<\/i> in the strongest terms the outrageous attack by the Israeli forces against the humanitarian flotilla of ships which resulted in the killing and injuring of many innocent civilians from different countries;<\/font><\/p>\n<p><font size=\"2\">\u00a0\u00a0\u00a0\u00a0\u00a0\u00a0 2.\u00a0\u00a0\u00a0\u00a0\u00a0\u00a0\u00a0\u00a0\u00a0\u00a0\u00a0\u00a0 <i>Deeply<\/i> deplores the loss of life of innocent civilians and expresses its deepest sympathy and condolences to the victims and their families;<\/font><\/p>\n<p><font size=\"2\">\u00a0\u00a0\u00a0\u00a0\u00a0\u00a0 3.\u00a0\u00a0\u00a0\u00a0\u00a0\u00a0\u00a0\u00a0\u00a0\u00a0\u00a0\u00a0 Calls upon the occupying Power Israel to fully cooperate with the <span lang=\"EN-GB\">International Committee of the Red Cross<\/span> (ICRC) to seek and provide information on the whereabouts status and condition of the detained and injured persons<\/font><\/p>\n<p><font size=\"2\">\u00a0\u00a0\u00a0\u00a0\u00a0\u00a0 4.\u00a0\u00a0\u00a0\u00a0\u00a0\u00a0\u00a0\u00a0\u00a0\u00a0\u00a0\u00a0 <i>Demands<\/i> the occupying Power Israel to immediately release all detained men and material and facilitate their safe return to their homelands. <\/font><\/p>\n<p><font size=\"2\">\u00a0\u00a0\u00a0\u00a0\u00a0\u00a0 4bis.\u00a0\u00a0\u00a0\u00a0\u00a0\u00a0\u00a0 Calls upon the occupying Power Israel to immediately lift the siege on occupied Gaza and other occupied Territories;<\/font><\/p>\n<p><font size=\"2\">\u00a0\u00a0\u00a0\u00a0\u00a0\u00a0 5.\u00a0\u00a0\u00a0\u00a0\u00a0\u00a0\u00a0\u00a0\u00a0\u00a0\u00a0\u00a0 <i>Calls<\/i> upon the occupying Power Israel to ensure the unimpeded provision of humanitarian assistance, including of food, fuel and medical treatment to the occupied Gaza strip;<\/font><\/p>\n<p><font size=\"2\">\u00a0\u00a0\u00a0\u00a0\u00a0\u00a0 6.\u00a0\u00a0\u00a0\u00a0\u00a0\u00a0\u00a0\u00a0\u00a0\u00a0\u00a0\u00a0 <i>Welcomes<\/i> the statements of the Secretary-General and the United Nations High Commissioner for Human Rights condemning the Israeli attacks and calls for the full accountability and credible independent inquiries into these attacks.<\/font><\/p>\n<p><font size=\"2\">\u00a0\u00a0\u00a0\u00a0\u00a0\u00a0 7.\u00a0\u00a0\u00a0\u00a0\u00a0\u00a0\u00a0\u00a0\u00a0\u00a0\u00a0\u00a0 <i>Decides<\/i> to dispatch an independent international fact finding mission to investigate violations of international law, including international humanitarian and human rights law, resulting from the Israeli attacks on the flotilla of ships carrying humanitarian assistance. <\/font><\/p>\n<p><font size=\"2\">\u00a0\u00a0\u00a0\u00a0\u00a0\u00a0 7bis.\u00a0\u00a0\u00a0\u00a0\u00a0\u00a0\u00a0 <i>Decides <\/i>to authorize the President of the Council to appoint members of this independent international fact finding mission, who should report to the Council on their findings in its 15<sup>th<\/sup> session.<\/font><\/p>\n<p><font size=\"2\">\u00a0\u00a0\u00a0\u00a0\u00a0\u00a0 8.\u00a0\u00a0\u00a0\u00a0\u00a0\u00a0\u00a0\u00a0\u00a0\u00a0\u00a0\u00a0 <i>Decides<\/i> to remain seized of this matter.<\/font><\/p>\n<p><u><font size=\"2\">\u00a0\u00a0\u00a0\u00a0\u00a0\u00a0\u00a0\u00a0\u00a0\u00a0\u00a0\u00a0\u00a0\u00a0\u00a0\u00a0\u00a0\u00a0\u00a0\u00a0\u00a0\u00a0\u00a0\u00a0\u00a0\u00a0\u00a0\u00a0\u00a0\u00a0\u00a0\u00a0\u00a0\u00a0\u00a0\u00a0\u00a0\u00a0 <\/font><\/u><\/p>\n<\/div>\n<\/div>\n<div>\n<hr\/>\n<\/div>\n<div align=\"center\">\n<h3 style=\"color: blue;\"><font size=\"3\"><strong>Isra\u00ebl, l\u2019impunit\u00e9 jusqu\u2019\u00e0 quand\u00a0?<\/strong><\/font><\/h3>\n<\/div>\n<div align=\"center\">\n<hr\/>\n<\/div>\n<div align=\"justify\"><font size=\"2\"><abbr title=\"2010-05-31T15:28:15Z\">lundi 31 mai 2010<\/abbr>, par <strong><font>Alain Gresh<\/font><\/strong><\/font><\/div>\n<div align=\"justify\"><font size=\"2\">L\u2019assaut donn\u00e9 le 31\u00a0mai \u00e0 l\u2019aube par l\u2019arm\u00e9e isra\u00e9lienne contre la flottille de bateaux transportant une aide humanitaire \u00e0 Gaza aurait fait une vingtaine de morts. Cette attaque s\u2019est d\u00e9roul\u00e9e dans les eaux internationales. Elle a suscit\u00e9 de nombreuses condamnations, y compris de pays europ\u00e9ens et du gouvernement fran\u00e7ais. Bernard Kouchner a d\u00e9clar\u00e9 que <i>\u00ab\u00a0rien ne saurait justifier l\u2019emploi d\u2019une telle violence, que nous condamnons\u00a0\u00bb<\/i>. Plusieurs pays, dont la Su\u00e8de, l\u2019Espagne, la Turquie et la France ont convoqu\u00e9 l\u2019ambassadeur isra\u00e9lien. La Gr\u00e8ce a suspendu des man\u0153uvres a\u00e9riennes avec Isra\u00ebl et annul\u00e9 une visite du chef de l\u2019arm\u00e9e de l\u2019air isra\u00e9lienne.<\/font> <font size=\"2\">Bien s\u00fbr, ces condamnations sont les bienvenues. M\u00eame s\u2019il reste quelques personnes qui osent trouver des justifications \u00e0 l\u2019action isra\u00e9lienne. Ainsi, le porte-parole de l\u2019UMP, l\u2019ineffable Fr\u00e9d\u00e9ric Lefebvre, a fait savoir, selon l\u2019AFP, que son parti <i>\u00ab\u00a0regrette\u00a0\u00bb<\/i> les morts, mais d\u00e9nonce les <i>\u00ab\u00a0provocations\u00a0\u00bb<\/i> de <i>\u00ab\u00a0ceux qui se disent les amis des Palestiniens\u00a0\u00bb.<\/i><\/font> <font size=\"2\">La veille de cette action militaire, faisant preuve d\u2019une prescience qui fait partie de ses innombrables qualit\u00e9s, Bernard-Henri L\u00e9vy d\u00e9clarait \u00e0 Tel-Aviv\u00a0: <i><a rel=\"external noopener\" target=\"_blank\">\u00ab\u00a0Je n\u2019ai jamais vu une arm\u00e9e aussi d\u00e9mocratique, qui se pose tellement de questions morales.\u00a0\u00bb<\/a><\/i> (Haaretz.com, 31\u00a0mai). Il est vrai que, lors de la guerre de Gaza, notre philosophe s\u2019\u00e9tait pavan\u00e9<\/font><a target=\"_blank\" rel=\"noopener\"><font size=\"2\">sur un char isra\u00e9lien pour entrer dans le territoire<\/font><\/a><font size=\"2\">. R\u00e9agissant \u00e0 l\u2019attaque aujourd\u2019hui, L\u00e9vy l\u2019a qualifi\u00e9e, selon l\u2019AFP, de<i> \u00ab\u00a0stupide\u00a0\u00bb<\/i> car risquant de ternir l\u2019image d\u2019Isra\u00ebl. Pas un mot de condamnation, pas un mot de regret pour les tu\u00e9s&#8230;<\/font> <font size=\"2\">La seule question qui se pose maintenant est de savoir quel prix le gouvernement isra\u00e9lien devra payer pour ce crime. Car, depuis des ann\u00e9es, les Nations unies ont adopt\u00e9 des dizaines de r\u00e9solutions (<\/font><a rel=\"external noopener\" target=\"_blank\"><font size=\"2\">\u00ab\u00a0R\u00e9solutions de l\u2019ONU non respect\u00e9es par Isra\u00ebl\u00a0\u00bb<\/font><\/a><font size=\"2\">,<i>Le Monde diplomatique,<\/i> f\u00e9vrier\u00a02009), l\u2019Union europ\u00e9enne a vot\u00e9 d\u2019innombrables textes qui demandent \u00e0 Isra\u00ebl de se conformer au droit international, ou tout simplement au droit humanitaire, en levant, par exemple, le blocus de Gaza. Ces textes ne sont jamais suivis du moindre effet. Au contraire, l\u2019Union europ\u00e9enne et les Etats-Unis r\u00e9compensent Isra\u00ebl.<\/font> <font size=\"2\">C\u2019est ce qu\u2019a prouv\u00e9 l\u2019admission d\u2019Isra\u00ebl dans l\u2019Organisation pour la coop\u00e9ration et le d\u00e9veloppement \u00e9conomiques (OCDE), la semaine derni\u00e8re, et la visite en France du premier ministre isra\u00e9lien N\u00e9tanyahou pour assister \u00e0 l\u2019intronisation de son pays. Comme le pr\u00e9cisait un communiqu\u00e9 de l\u2019Association France-Palestine Solidarit\u00e9 (AFPS) du 30\u00a0avril,<\/font><a rel=\"external noopener\" target=\"_blank\"><font size=\"2\">\u00ab\u00a0Isra\u00ebl \u00e0 l\u2019OCDE\u00a0? Un mauvais coup contre la paix\u00a0!\u00a0\u00bb<\/font><\/a><font size=\"2\">, cette adh\u00e9sion valait acceptation de l\u2019inclusion de la Cisjordanie et du Golan dans le \u00ab\u00a0p\u00e9rim\u00e8tre\u00a0\u00bb isra\u00e9lien. Le fait qu\u2019Isra\u00ebl se permette quelques jours plus tard d\u2019attaquer la flottille de la paix confirme que cet Etat voit dans ces bonnes mani\u00e8res un feu vert pour toutes ses actions.<\/font> <font size=\"2\">Cela avait d\u00e9j\u00e0 \u00e9t\u00e9 le cas en d\u00e9cembre\u00a02008.<\/font><a target=\"_blank\" rel=\"noopener\"><font size=\"2\">C\u2019\u00e9tait alors l\u2019Union europ\u00e9enne qui avait d\u00e9cid\u00e9 le \u00ab\u00a0rehaussement\u00a0\u00bb des relations bilat\u00e9rales avec Isra\u00ebl<\/font><\/a><font size=\"2\">, donnant \u00e0 cet Etat des privil\u00e8ges dont ne disposaient jusque-l\u00e0 que quelques grandes puissances. Les chars isra\u00e9liens pouvaient quelques jours plus tard partir \u00e0 l\u2019assaut du territoire de Gaza et commettre, en toute impunit\u00e9, des \u00ab\u00a0crimes de guerre\u00a0\u00bb, voire des \u00ab\u00a0crimes contre l\u2019humanit\u00e9\u00a0\u00bb.<\/font> <font size=\"2\">Richard Falk, envoy\u00e9 sp\u00e9cial des Nations unies pour les territoires occup\u00e9s, \u00e9crivait, dans <i>Le Monde diplomatique<\/i> (mars\u00a02009) un texte intitul\u00e9\u00a0: <\/font><a rel=\"external noopener\" target=\"_blank\"><font size=\"2\">\u00ab\u00a0N\u00e9cessaire inculpation des responsables de l\u2019agression contre Gaza\u00a0\u00bb<\/font><\/a><font size=\"2\">. Quelques mois plus tard, la commission des Nations unies pr\u00e9sid\u00e9e par le juge sud-africain Richard Goldstone <\/font><a target=\"_blank\" rel=\"noopener\"><font size=\"2\">remettait ses conclusions<\/font><\/a><font size=\"2\">. Elles \u00e9taient accablantes pour Isra\u00ebl, m\u00eame si elles n\u2019\u00e9pargnaient pas le Hamas. Le texte confirmait que c\u2019\u00e9tait bien l\u2019arm\u00e9e isra\u00e9lienne qui avait rompu le cessez-le-feu et mettait en lumi\u00e8re les crimes commis. Ce texte confirmait de nombreux rapports d\u00e9j\u00e0 publi\u00e9s par <\/font><a target=\"_blank\" rel=\"noopener\"><font size=\"2\">Amnesty International<\/font><\/a><font size=\"2\"> et Human Rights Watch.<\/font> <font size=\"2\">Ces textes n\u2019ont d\u00e9bouch\u00e9 sur aucune sanction contre le gouvernement isra\u00e9lien. Un des arguments avanc\u00e9s pour justifier cette passivit\u00e9 est que les faits incrimin\u00e9s seraient l\u2019objet d\u2019enqu\u00eates s\u00e9rieuses en Isra\u00ebl, ce que d\u00e9ment de mani\u00e8re argument\u00e9e la juriste Sharon Weill, dans <i>Le Monde diplomatique <\/i>(septembre\u00a02009)\u00a0: <\/font><a rel=\"external noopener\" target=\"_blank\"><font size=\"2\">\u00ab\u00a0De Gaza \u00e0 Madrid, l\u2019assassinat cibl\u00e9 de Salah Shehadeh\u00a0\u00bb<\/font><\/a><font size=\"2\">.<\/font> <font size=\"2\">On assiste d\u2019ailleurs en Isra\u00ebl \u00e0 une offensive sans pr\u00e9c\u00e9dent contre les organisations de d\u00e9fense des droits humains, qu\u2019elles soient internationales ou isra\u00e9liennes, consid\u00e9r\u00e9es d\u00e9sormais comme une menace strat\u00e9gique pour l\u2019Etat, juste apr\u00e8s la menace de l\u2019Iran, du Hamas et du Hezbollah. Une v\u00e9ritable entreprise de d\u00e9l\u00e9gitimation se d\u00e9ploie contre ces organisations \u00e0 travers des groupes soutenus par le gouvernement et l\u2019extr\u00eame droite comme <\/font><a rel=\"external noopener\" target=\"_blank\"><font size=\"2\">NGO Monitor<\/font><\/a><font size=\"2\">, men\u00e9e parall\u00e8lement \u00e0 une guerre de propagande pour justifier l\u2019injustifiable (lire Dominique Vidal, \u00ab\u00a0<\/font><a rel=\"external noopener\" target=\"_blank\"><font size=\"2\">Plus le mensonge est gros&#8230;<\/font><\/a><font size=\"2\">\u00a0\u00bb, <i>Le Monde diplomatique<\/i>, f\u00e9vrier\u00a02009). Est-il vraiment \u00e9tonnant que des soldats isra\u00e9liens consid\u00e8rent les militants venus apporter du ravitaillement \u00e0 Gaza comme des \u00ab\u00a0terroristes\u00a0\u00bb et les traitent comme tels\u00a0?<\/font> <font size=\"2\">L\u2019impunit\u00e9 durera-t-elle ou certains gouvernements oseront-ils prendre des mesures concr\u00e8tes pour sanctionner Isra\u00ebl, pour faire comprendre \u00e0 son gouvernement (et aussi \u00e0 son peuple) que cette politique a un prix, que la r\u00e9pression a un prix, que l\u2019occupation a un prix\u00a0?<\/font> <font size=\"2\">Dans le cadre de l\u2019Union europ\u00e9enne, Paris pourrait sugg\u00e9rer \u00e0 ses partenaires de suspendre l\u2019accord d\u2019association en vertu de l\u2019article\u00a02, qui affirme explicitement qu\u2019Isra\u00ebl doit prot\u00e9ger les droits humains (lire Isabelle Avran,<\/font><a rel=\"external noopener\" target=\"_blank\"><font size=\"2\">\u00ab\u00a0Atermoiements de l\u2019Union europ\u00e9enne face \u00e0 Isra\u00ebl\u00a0\u00bb<\/font><\/a><font size=\"2\">, La valise diplomatique, 25\u00a0juin\u00a02009).<\/font> <font size=\"2\">La France pourrait d\u00e9j\u00e0, seule, sans attendre l\u2019accord de ses partenaires europ\u00e9ens, prendre <\/font><a target=\"_blank\" rel=\"noopener\"><font size=\"2\">trois mesures<\/font><\/a><font size=\"2\">\u00a0:<\/font> <font size=\"2\"><img decoding=\"async\" alt=\"-\" height=\"11\" src=\"http:\/\/gfx1.hotmail.com\/mail\/w4\/pr01\/ltr\/i_safe.gif\" width=\"8\"\/>\u00a0d\u2019abord, et ce serait seulement se conformer au droit et aux d\u00e9cisions de l\u2019Union europ\u00e9enne, lancer une campagne pour tracer l\u2019origine des produits isra\u00e9liens export\u00e9s en France et interdire (pas seulement taxer) les produits des colonies\u00a0;<\/font> <font size=\"2\"><img decoding=\"async\" alt=\"-\" height=\"11\" src=\"http:\/\/gfx1.hotmail.com\/mail\/w4\/pr01\/ltr\/i_safe.gif\" width=\"8\"\/>\u00a0ensuite, affirmer que l\u2019installation de colons dans les territoires occup\u00e9s n\u2019est pas acceptable et que ceux-ci devraient donc \u00eatre soumis \u00e0 une demande de visa s\u2019ils d\u00e9sirent se rendre en France \u2013 une mesure facile \u00e0 mettre en \u0153uvre \u00e0 partir des adresses des individus d\u00e9sirant visiter notre pays\u00a0;<\/font> <font size=\"2\"><img decoding=\"async\" alt=\"-\" height=\"11\" src=\"http:\/\/gfx1.hotmail.com\/mail\/w4\/pr01\/ltr\/i_safe.gif\" width=\"8\"\/>\u00a0enfin, proclamer que des citoyens fran\u00e7ais qui effectuent leur service militaire en Isra\u00ebl ne sont pas autoris\u00e9s \u00e0 servir dans les territoires occup\u00e9s. Leur participation aux actions d\u2019une arm\u00e9e d\u2019occupation pourrait entra\u00eener des poursuites judiciaires.<\/font> <font size=\"2\">Bernard Kouchner a annonc\u00e9 qu\u2019il n\u2019y avait pas de citoyens fran\u00e7ais parmi les personnes tu\u00e9es sur les bateaux. Mais sait-il s\u2019il y a des citoyens fran\u00e7ais parmi ceux qui sont responsables de ce crime\u00a0?<\/font> <font size=\"2\"><strong>(Source: \u00ab\u00a0Nouvelles d\u00b4Orient\u00a0\u00bb le blog du journal \u00ab\u00a0Le Monde Diplomatique\u00a0\u00bb le 31 mai 2010)<\/strong><\/font> \u00a0<\/div>\n<p><\/font><\/p>\n<div>\n<hr\/>\n<\/div>\n<div align=\"center\"><font face=\"Arial\" size=\"2\"><strong><font size=\"3\">Attaques isra\u00e9liennes<\/font><\/strong><\/font><\/div>\n<div align=\"center\"><strong><\/p>\n<h3 style=\"color: blue;\"><font size=\"3\">\u00ab L\u2019extr\u00eame prudence \u00bb de Qu\u00e9bec<\/font><\/h3>\n<p><\/strong><\/div>\n<div align=\"center\">\n<hr\/>\n<\/div>\n<div>\u00a0<\/div>\n<div>\u00a0<\/div>\n<div align=\"justify\"><strong><font>Ta\u00efeb Moalla<\/font><\/strong><\/div>\n<div align=\"justify\">\u00a0<\/div>\n<div align=\"justify\"><strong>Le gouvernement du Qu\u00e9bec a refus\u00e9, hier, de d\u00e9battre de trois motions sans pr\u00e9avis \u2013 dont une qu\u2019il a lui-m\u00eame d\u00e9pos\u00e9e \u2013 portant sur la r\u00e9cente attaque militaire \u00add\u2019Isra\u00ebl, en eaux internationales, contre des navires humanitaires. <\/strong><\/div>\n<div align=\"justify\">\u00a0<\/div>\n<div align=\"justify\">La premi\u00e8re motion p\u00e9quiste demandait que \u00ab l\u2019Assembl\u00e9e nationale condamne l\u2019attaque men\u00e9e par des commandos isra\u00e9liens \u00bb et appuyait l\u2019exigence onusienne de \u00ab tenir une enqu\u00eate impartiale, cr\u00e9dible, transparente \u00bb sur le sujet. <\/p>\n<div>\u00a0 <\/p>\n<div>Pour qu\u2019une motion sans pr\u00e9avis soit d\u00e9battue ou mise au vote, le consentement de tous les d\u00e9put\u00e9s pr\u00e9sents en Chambre est n\u00e9cessaire. Or, le gouvernement n\u2019a pas voulu accorder son feu vert. \u00ab Contra\u00addiction \u00e9vidente de la motion \u00bb, a d\u00e9cel\u00e9 Henri-Fran\u00e7ois Gautrin, leader parlementaire adjoint du gouvernement. <\/p>\n<div>\u00a0 <\/p>\n<div>Ce dernier a eu la m\u00eame r\u00e9action lorsque le d\u00e9put\u00e9 de Qu\u00e9bec solidaire, Amir Khadir, a vers\u00e9 sa propre motion r\u00e9clamant que Qu\u00e9bec \u00ab appuie la campagne de boycott \u00bb contre Isra\u00ebl. <\/p>\n<div>\u00a0 <\/p>\n<div><b>\u00ab Grande neutralit\u00e9 \u00bb<\/b> <\/p>\n<div>\u00a0 <\/p>\n<div>Le ministre des Relations internationales, Pierre Arcand, a ensuite d\u00e9pos\u00e9 une motion pour que le Parlement appuie la demande d\u2019enqu\u00eate de l\u2019ONU et qu\u2019il \u00ab regrette profond\u00e9ment la perte de vies humaines et les bless\u00e9s \u00bb. Encore une fois, aucun d\u00e9bat n\u2019\u00e9tait envisag\u00e9. <\/p>\n<div>\u00a0 <\/p>\n<div>\u00ab Notre position, c\u2019est que nous puissions adopter cette motion sans d\u00e9bat, ce qui est en g\u00e9n\u00e9ral l\u2019habitude dans un certain nombre de motions sans pr\u00e9avis \u00bb, a ajout\u00e9 M. Gautrin. <\/p>\n<div>En entrevue au Journal, le ministre Arcand a rappel\u00e9 la position de \u00ab grande neutralit\u00e9 \u00bb du Qu\u00e9bec, qui est \u00ab en coh\u00e9rence avec ce qui se fait au Canada \u00bb, d\u00e8s qu\u2019il s\u2019agit du dossier sensible du Proche-Orient. <\/p>\n<div>\u00a0 <\/p>\n<div>\u00ab Il faut \u00eatre extr\u00eamement prudent. Il y a des versions tr\u00e8s contradictoires de ce qui s\u2019est pass\u00e9 (l\u2019attaque d\u2019Isra\u00ebl) il y a \u00e0 peine 24 heures, a-t-il r\u00e9it\u00e9r\u00e9. Si \u00e7a avait \u00e9t\u00e9 si important pour l\u2019opposition, elle avait la p\u00e9riode des questions pour en parler. \u00bb <\/p>\n<div>\u00a0 <\/p>\n<div>Nullement convaincu, M. Khadir a vu dans cette posture une soumission au \u00ab chantage honteux du lobby de la droite et de l\u2019arm\u00e9e isra\u00e9lienne \u00bb symbolis\u00e9, selon lui, par le Congr\u00e8s juif canadien. La p\u00e9quiste Louise Beaudoin a avou\u00e9 que son parti \u00e9tait pr\u00eat \u00e0 accepter la motion gouvernementale, \u00ab mais avec d\u00e9bat o\u00f9 chacun aurait pu marquer ses nuances \u00bb. <\/p>\n<div>\u00a0<\/div>\n<div><strong><a href=\"http:\/\/\/\" target=\"_blank\" rel=\"noopener\">taieb.moalla@journaldequebec.com<\/a> <\/strong><\/div>\n<div>\u00a0<\/div>\n<div><strong><font>(Source: \u00ab\u00a0Le Journal de Qu\u00e9bec\u00a0\u00bb le 2 juin 2010)<\/font><\/strong><\/div>\n<\/div>\n<\/div>\n<\/div>\n<\/div>\n<\/div>\n<\/div>\n<\/div>\n<\/div>\n<\/div>\n<\/div>\n<\/div>\n<\/div>\n<\/div>\n<\/div>\n<\/div>\n<\/div>\n<div>\u00a0<\/div>\n<div>\n<hr\/>\n<\/div>\n<div align=\"center\"><font face=\"Arial\" size=\"2\"><strong><\/p>\n<h3 style=\"color: blue;\"><font size=\"3\">Cuba: transf\u00e8rement de d\u00e9tenus vers des prisons proches de leurs familles<\/font><\/h3>\n<p><\/strong><\/font><\/div>\n<div align=\"center\"><font face=\"Arial\" size=\"2\"><\/p>\n<hr\/>\n<p><\/font><\/div>\n<div>\u00a0<\/div>\n<div><font face=\"Arial\" size=\"2\">AFP \/ 02 juin 2010 00h00<\/font><\/div>\n<div><font face=\"Arial\" size=\"2\"> LA HAVANE &#8211; Le gouvernement cubain a commenc\u00e9 mardi le transf\u00e8rement de prisonniers politiques vers des prisons situ\u00e9es pr\u00e8s de leurs familles, apr\u00e8s une m\u00e9diation de l&rsquo;Eglise catholique qui esp\u00e8re les voir lib\u00e9rer, selon des sources de l&rsquo;opposition et des familles de d\u00e9tenus. \u00ab\u00a0Jusqu&rsquo;\u00e0 maintenant (il y a eu) trois transf\u00e8rements sur 17 possibles. Le processus a commenc\u00e9, ils vont le mener entre aujourd&rsquo;hui et demain\u00a0\u00bb, a d\u00e9clar\u00e9 \u00e0 l&rsquo;AFP Elizardo Sanchez, pr\u00e9sident de la Commission cubaine des droits de l&rsquo;Homme (CCDHRN), une organisation ill\u00e9gale mais tol\u00e9r\u00e9e par le pouvoir. Le pouvoir communiste cubain est sous pression depuis la mort fin f\u00e9vrier du prisonnier politique Orlando Zapata, 42 ans, apr\u00e8s une gr\u00e8ve de la faim. Ce d\u00e9c\u00e8s controvers\u00e9, d\u00e9plor\u00e9 par les Etats-Unis et l&rsquo;Union europ\u00e9enne, a \u00e9t\u00e9 suivi par le je\u00fbne de protestation de Guillermo Farinas qui r\u00e9clame la lib\u00e9ration d&rsquo;au moins dix d\u00e9tenus politiques souffrants. Selon Elizardo Sanchez, les prisonniers Felix Navarro et Antonio Diaz, condamn\u00e9s respectivement \u00e0 25 et 20 ans de prison, d\u00e9tenus dans la province de Ciego de Avila, dans le centre de l&rsquo;\u00eele communiste, ont \u00e9t\u00e9 transf\u00e9r\u00e9s dans les prisons de Matanzas et La Havane, dans l&rsquo;ouest. Diosdado Gonzalez, condamn\u00e9 \u00e0 20 ans de prison, est quant \u00e0 lui \u00e9t\u00e9 transf\u00e9r\u00e9 de Pinar del Rio (ouest) vers sa province natale de Matanzas. Ces trois hommes font partie d&rsquo;un groupe de 53 dissidents arr\u00eat\u00e9s et condamn\u00e9s en 2003 \u00e0 des peines de 6 \u00e0 28 ans de prison, et sont consid\u00e9r\u00e9s comme des prisonniers de conscience par l&rsquo;organisation de d\u00e9fense des droits de l&rsquo;Homme Amnesty international. \u00ab\u00a0L&rsquo;affaire est sans importance parce que c&rsquo;est un transf\u00e8rement d&rsquo;une prison de haute s\u00e9curit\u00e9 vers une prison similaire, m\u00eame si plus proche de chez soi. Mais le (vrai) sujet c&rsquo;est leur libert\u00e9. Si cela pr\u00e9c\u00e8de des lib\u00e9rations, ce serait bien, mais c&rsquo;est encore pr\u00e9matur\u00e9\u00a0\u00bb, a d\u00e9clar\u00e9 Elizardo Sanchez. L&rsquo;\u00e9pouse de Diosdado Gonzalez, Alejandrina Garcia, a dit \u00e0 l&rsquo;AFP avoir \u00e9t\u00e9 inform\u00e9e du transf\u00e8rement par d&rsquo;autres d\u00e9tenus. \u00ab\u00a0Cela me r\u00e9jouit, parce que s&rsquo;ils le mettent dans la prison d&rsquo;ici, il me faut seulement 20 km pour aller le voir, mais l\u00e0 o\u00f9 mon mari doit \u00eatre c&rsquo;est chez lui, libre, avec sa famille\u00a0\u00bb. \u00ab\u00a0Pour moi, c&rsquo;est un bon geste de la part du gouvernement, vu que cela fait de nombreuses ann\u00e9es qu&rsquo;ils sont hors de leurs provinces, sans tenir compte qu&rsquo;ils purgent une condamnation injuste, mais c&rsquo;est un pas en avant\u00a0\u00bb, a dit \u00e0 l&rsquo;AFP Gisela Sanchez, la femme d&rsquo;Antonio Diaz. Dans le cadre d&rsquo;un processus de n\u00e9gociations, l&rsquo;Eglise catholique cubaine et la dissidence attendaient ces derniers jours avec espoir mais prudence que les autorit\u00e9s commencent \u00e0 transf\u00e9rer des d\u00e9tenus politiques dans leur province d&rsquo;origine. Si ces transf\u00e8rements \u00e9taient confirm\u00e9s officiellement, il s&rsquo;agirait d&rsquo;un premier geste en faveur des prisonniers de la part du pr\u00e9sident Raul Castro, qui a rencontr\u00e9 pendant quatre heures le 19 mai le cardinal Jaime Ortega et le dirigeant de la Conf\u00e9rence \u00e9piscopale, Dionisio Garcia. Selon la dissidence, sur les 200 prisonniers politiques que compte le pays, 17 sont incarc\u00e9r\u00e9s loin de leur lieu de r\u00e9sidence, et 25 ont des probl\u00e8mes de sant\u00e9. Les autorit\u00e9s affirment que ces d\u00e9tenus sont des mercenaires \u00e0 la solde des Etats-Unis qui imposent depuis 48 ans un embargo \u00e0 l&rsquo;\u00eele. Felix Navarro est un professeur de 56 ans qui militait au sein du Mouvement Tous unis, Diosdado Gonzalez un agriculteur de 45 ans qui dirigeait une section locale du Parti Paix, D\u00e9mocratie et Libert\u00e9, et Antonio Diaz, un \u00e9lectricien de 47 ans du Mouvement chr\u00e9tien de Lib\u00e9ration d&rsquo;Oswaldo Paya. Tous ces groupes sont ill\u00e9gaux. \u00a0<\/font><\/div>\n<p> \u00a0<\/p><\/div>\n<\/div>\n<\/div>\n<p align=\"center\" dir=\"ltr\">\n<h3 style=\"color: blue;\"><font face=\"Arial\" size=\"2\"><strong><b><a href=\"https:\/\/tunisnews.net\/ar\/\"><font face=\"Arial\"><span><font size=\"2\">Home<\/font><\/span><font size=\"2\"><span lang=\"FR-CH\"> &#8211; Accueil <\/span><span>&#8211; <\/span><\/font><\/font><span dir=\"rtl\" lang=\"AR-SA\"><font size=\"2\">\u0627\u0644\u0631\u0626\u064a\u0633\u064a\u0629<\/font><\/span><\/a><\/b><\/strong><\/font><\/h3>\n<\/p>\n<p align=\"center\" dir=\"ltr\">\u00a0<\/p>\n<p><\/body><\/body><\/html><\/p>","protected":false},"excerpt":{"rendered":"<p>Home &#8211; Accueil TUNISNEWS 10\u00a0\u00e8me ann\u00e9e,N\u00b0\u00a03662 du 02.06.2010 \u00a0archives : www.tunisnews.net\u00a0 Taoufik Ben Brik: \u00ab\u00a0La dette\u00a0\u00bb\u00a0 A Ben Ali, qui m\u2019a promu ennemi public num\u00e9ro 1&#8230; Tunisia Watch: Tunisie : Deux nouvelles Radios pour des proches de Ben Ali AP: Turquie: les d\u00e9put\u00e9s demandent le r\u00e9examen des liens avec Isra\u00ebl Le Point: Isra\u00ebl-Turquie : des [&hellip;]<\/p>\n","protected":false},"author":1,"featured_media":22040,"comment_status":"open","ping_status":"open","sticky":false,"template":"","format":"standard","meta":{"inline_featured_image":false,"site-sidebar-layout":"default","site-content-layout":"","ast-site-content-layout":"default","site-content-style":"default","site-sidebar-style":"default","ast-global-header-display":"","ast-banner-title-visibility":"","ast-main-header-display":"","ast-hfb-above-header-display":"","ast-hfb-below-header-display":"","ast-hfb-mobile-header-display":"","site-post-title":"","ast-breadcrumbs-content":"","ast-featured-img":"","footer-sml-layout":"","ast-disable-related-posts":"","theme-transparent-header-meta":"","adv-header-id-meta":"","stick-header-meta":"","header-above-stick-meta":"","header-main-stick-meta":"","header-below-stick-meta":"","astra-migrate-meta-layouts":"default","ast-page-background-enabled":"default","ast-page-background-meta":{"desktop":{"background-color":"","background-image":"","background-repeat":"repeat","background-position":"center center","background-size":"auto","background-attachment":"scroll","background-type":"","background-media":"","overlay-type":"","overlay-color":"","overlay-opacity":"","overlay-gradient":""},"tablet":{"background-color":"","background-image":"","background-repeat":"repeat","background-position":"center center","background-size":"auto","background-attachment":"scroll","background-type":"","background-media":"","overlay-type":"","overlay-color":"","overlay-opacity":"","overlay-gradient":""},"mobile":{"background-color":"","background-image":"","background-repeat":"repeat","background-position":"center center","background-size":"auto","background-attachment":"scroll","background-type":"","background-media":"","overlay-type":"","overlay-color":"","overlay-opacity":"","overlay-gradient":""}},"ast-content-background-meta":{"desktop":{"background-color":"var(--ast-global-color-5)","background-image":"","background-repeat":"repeat","background-position":"center center","background-size":"auto","background-attachment":"scroll","background-type":"","background-media":"","overlay-type":"","overlay-color":"","overlay-opacity":"","overlay-gradient":""},"tablet":{"background-color":"var(--ast-global-color-5)","background-image":"","background-repeat":"repeat","background-position":"center center","background-size":"auto","background-attachment":"scroll","background-type":"","background-media":"","overlay-type":"","overlay-color":"","overlay-opacity":"","overlay-gradient":""},"mobile":{"background-color":"var(--ast-global-color-5)","background-image":"","background-repeat":"repeat","background-position":"center center","background-size":"auto","background-attachment":"scroll","background-type":"","background-media":"","overlay-type":"","overlay-color":"","overlay-opacity":"","overlay-gradient":""}},"footnotes":""},"categories":[],"tags":[58,41,29],"class_list":["post-18688","post","type-post","status-publish","format-standard","has-post-thumbnail","hentry","tag-58","tag-41","tag-fr"],"_links":{"self":[{"href":"https:\/\/tunisnews.net\/ar\/wp-json\/wp\/v2\/posts\/18688","targetHints":{"allow":["GET"]}}],"collection":[{"href":"https:\/\/tunisnews.net\/ar\/wp-json\/wp\/v2\/posts"}],"about":[{"href":"https:\/\/tunisnews.net\/ar\/wp-json\/wp\/v2\/types\/post"}],"author":[{"embeddable":true,"href":"https:\/\/tunisnews.net\/ar\/wp-json\/wp\/v2\/users\/1"}],"replies":[{"embeddable":true,"href":"https:\/\/tunisnews.net\/ar\/wp-json\/wp\/v2\/comments?post=18688"}],"version-history":[{"count":0,"href":"https:\/\/tunisnews.net\/ar\/wp-json\/wp\/v2\/posts\/18688\/revisions"}],"wp:featuredmedia":[{"embeddable":true,"href":"https:\/\/tunisnews.net\/ar\/wp-json\/wp\/v2\/media\/22040"}],"wp:attachment":[{"href":"https:\/\/tunisnews.net\/ar\/wp-json\/wp\/v2\/media?parent=18688"}],"wp:term":[{"taxonomy":"category","embeddable":true,"href":"https:\/\/tunisnews.net\/ar\/wp-json\/wp\/v2\/categories?post=18688"},{"taxonomy":"post_tag","embeddable":true,"href":"https:\/\/tunisnews.net\/ar\/wp-json\/wp\/v2\/tags?post=18688"}],"curies":[{"name":"wp","href":"https:\/\/api.w.org\/{rel}","templated":true}]}}