{"id":18644,"date":"2006-04-10T00:00:00","date_gmt":"2006-04-10T00:00:00","guid":{"rendered":"https:\/\/tunisnews.net\/10-avril-2006\/"},"modified":"2006-04-10T00:00:00","modified_gmt":"2006-04-10T00:00:00","slug":"10-avril-2006","status":"publish","type":"post","link":"https:\/\/tunisnews.net\/ar\/10-avril-2006\/","title":{"rendered":"10 avril 2006"},"content":{"rendered":"<p><html><head><meta content=\"text\/html\" description='  Le peuple tunisien c\u00e9l\u00e8bre cette ann\u00e9e le 68\u00e8me anniversaire des \u00e9v\u00e8nements du   9 avril 1938, ce jour l\u00e0 les tunisiennes et les tunisiens sont sortis dans la   rue pour exiger un \"Parlement tunisien\". Aujourd\u2019hui, 68 ans apr\u00e8s, force est   de constater qu\u2019ils sont toujours priv\u00e9s de libert\u00e9 et d\u2019institutions   d\u00e9mocratiques qui les repr\u00e9sentent. Pire encore, la situation politique est   sociale n\u2019a cess\u00e9 de se d\u00e9grader, elle se caract\u00e9rise ces derniers jours par :' http-equiv=\"Content-Type\"\/><\/head><body><body style=\"text-align: justify\"><\/p>\n<p align=\"center\"><b><a href=\"https:\/\/tunisnews.net\/ar\/\"><span>Home<\/span><span lang=\"FR-CH\"> &#8211; Accueil <\/span><span>&#8211; <\/span><span dir=\"rtl\" lang=\"AR-SA\">\u0627\u0644\u0631\u0626\u064a\u0633\u064a\u0629<\/span><\/a><\/b><\/p>\n<div>\n<table border=\"1\" width=\"100%\">\n<tr>\n<td bgcolor=\"#efefef\" width=\"100%\"> <span lang=\"AR-SA\"> <\/p>\n<div align=\"left\">  <\/div>\n<div> <span lang=\"FR\"> <\/p>\n<div align=\"center\" dir=\"ltr\"> <font face=\"Arial\"><font size=\"2\"> <span lang=\"SV\"> <strong>TUNISNEWS<\/strong><\/span> <\/font><\/font> <\/div>\n<div align=\"center\" dir=\"ltr\"> <strong><font face=\"Arial\"><font size=\"2\">6\u00a0\u00e8me\u00a0ann\u00e9e,          <span lang=\"FR\">N\u00b0\u00a02149 du 10.04.2006<\/span><\/font><\/font><\/strong><\/div>\n<div align=\"center\" dir=\"ltr\"> <strong> <\/p>\n<div align=\"center\"> <b><span><blink> <font face=\"Arial\" size=\"2\">\u00a0archives : <\/font> <a href=\"https:\/\/tunisnews.net\/ar\/\" target=\"_blank\" rel=\"noopener\"> <font face=\"Arial\" size=\"2\" target=\"_blank\">            www.tunisnews.net<\/font><\/a><\/blink><\/span><\/b><font face=\"Arial\" size=\"2\"> <\/font> <\/div>\n<p> <\/strong><\/div>\n<p> <\/span><\/div>\n<p> <font face=\"Arial\"><font size=\"2\"> <\/p>\n<div align=\"left\" dir=\"ltr\">\n<hr noshade=\"\" size=\"8\"\/> <\/div>\n<p> <\/font><font face=\"Arial\"> <span lang=\"FR\"> <font size=\"2\"> <span lang=\"FR-CH\"> <span lang=\"FR\"><font size=\"3\"> <span lang=\"FR\"> <font><span lang=\"FR\"> <font face=\"Arial\"><\/p>\n<p><font size=\"+0\"> <\/p>\n<p><font face=\"Arial\" size=\"2\"> <\/p>\n<div align=\"left\" dir=\"ltr\"> <strong>En comm\u00e9moration du 68\u00e8me anniversaire des \u00e9v\u00e8nements du 9 avril         1938: Rassemblement \u00e0 Paris le mercredi 12 avril 2006 \u00e0 19h00         <font>Les fondateurs de l&rsquo;organisation \u00ab Les Victimes de         la Torture Contre l&rsquo;Impunit\u00e9 \u00bb en Tunisie attaqu\u00e9s et harcel\u00e9s par la \u00ab         securitate \u00bb locale<\/font>         La LTDH visite \u00e0 la famille du Prof. Ben Salem et les autorit\u00e9s         tunisiennes s\u2019obstinent dans leurs pers\u00e9cutions         <font>AFP: Gr\u00e8ve de la faim d&rsquo;un scientifique tunisien         pour d\u00e9noncer les \u00ab\u00a0pers\u00e9cutions\u00a0\u00bb<\/font>         AFP:Scientifique en gr\u00e8ve de la faim: les autorit\u00e9s d\u00e9mentent toute         restriction          <font>L\u2019\u00e9ditorial L\u2019Audace: RUMEUR\u2026<\/font>         Le Temps: Conseil national du PDP: Me N\u00e9jib Chebbi, le S.G ne briguera         pas un nouveau mandat         <font>Le Quotidien: \u00abA\u00e2la wahdah wa noss\u00bb : Le corps \u00e0         l\u2019\u00e9preuve sur sc\u00e8ne !<\/font>         AFP: Les attentats de Madrid commis par une cellule \u00ab\u00a0inspir\u00e9e\u00a0\u00bb         d&rsquo;Al-Qa\u00efda         <font>AP: Un magazine estonien reproduit les caricatures         de Mahomet<\/font><\/strong><\/div>\n<p> <\/font><\/p>\n<p><\/font><\/p>\n<p><\/font><\/span><\/font><\/span><\/font><\/span><\/span><\/font> <\/span><\/font><\/font><\/span><\/td>\n<\/tr>\n<\/table>\n<\/div>\n<div align=\"center\">\u00a0<\/div>\n<div align=\"center\"> <font face=\"Arial\" size=\"2\"><strong><font>En comm\u00e9moration du   68\u00e8me anniversaire des \u00e9v\u00e8nements du 9 avril 1938<\/font><\/strong><\/font><\/div>\n<div align=\"center\"> <font face=\"Arial\" size=\"2\"><strong><font> <\/font><\/p>\n<h2 style=\"color: red;\"><font size=\"3\">Rassemblement \u00e0 Paris le mercredi 12   avril 2006 \u00e0 19h00<\/font><\/h2>\n<p><\/strong><\/font><\/div>\n<div align=\"justify\">     Le peuple tunisien c\u00e9l\u00e8bre cette ann\u00e9e le 68\u00e8me anniversaire des \u00e9v\u00e8nements du   9 avril 1938, ce jour l\u00e0 les tunisiennes et les tunisiens sont sortis dans la   rue pour exiger un \u00ab\u00a0Parlement tunisien\u00a0\u00bb. Aujourd\u2019hui, 68 ans apr\u00e8s, force est   de constater qu\u2019ils sont toujours priv\u00e9s de libert\u00e9 et d\u2019institutions   d\u00e9mocratiques qui les repr\u00e9sentent. Pire encore, la situation politique est   sociale n\u2019a cess\u00e9 de se d\u00e9grader, elle se caract\u00e9rise ces derniers jours par :<\/div>\n<div align=\"justify\">     &#8211;\u00a0\u00a0\u00a0\u00a0\u00a0\u00a0\u00a0\u00a0 Des menaces de mort lanc\u00e9es par la police politique \u00e0 l\u2019encontre des   dirigeants de l\u2019opposition, en particulier ceux du collectif 18 octobre pour   les droits et les libert\u00e9s.   &#8211;\u00a0\u00a0\u00a0\u00a0\u00a0\u00a0\u00a0\u00a0 Une campagne de d\u00e9nigrement et de calomnies contre l\u2019opposition   orchestr\u00e9e par les journaux aux ordres de la police.   &#8211;\u00a0\u00a0\u00a0\u00a0\u00a0\u00a0\u00a0\u00a0 La multiplication des gr\u00e8ves de la faim men\u00e9es par les prisonniers   politiques pour exiger leur lib\u00e9ration, ou par des citoyens priv\u00e9es de leurs   droits les plus \u00e9l\u00e9mentaires comme c\u2019est le cas du Pr Moncef Ben Salem (priv\u00e9s   de passeport et harcel\u00e9s lui et sa famille depuis plus de 15 ans) et du   journaliste Slim Boukhdhir (renvoy\u00e9 de son travail).   &#8211;\u00a0\u00a0\u00a0\u00a0\u00a0\u00a0\u00a0\u00a0 La d\u00e9gradation de la situation sociale et l\u2019augmentation du nombre   des licenciements arbitraires et sans garantie des moindres droits. Les   tentatives de lutter contre ces licenciements sont brutalement r\u00e9prim\u00e9es,   comme en t\u00e9moigne la r\u00e9pression polici\u00e8re le 4 avril dernier du sit-in des   ouvri\u00e8res et des ouvriers de la soci\u00e9t\u00e9 \u00ab\u00a0Fantasia\u00a0\u00bb.   &#8211;\u00a0\u00a0\u00a0\u00a0\u00a0\u00a0\u00a0\u00a0 La r\u00e9pression polici\u00e8re et les conseils disciplinaires dress\u00e9s pour   renvoyer les militants \u00e9tudiants sont la seule r\u00e9ponse que les autorit\u00e9s   opposent \u00e0 leurs revendications l\u00e9gitimes. R\u00e9cemment cinq \u00e9tudiants de la   facult\u00e9 des sciences de Sfax ont \u00e9t\u00e9 renvoy\u00e9s. Un autre groupe d\u2019\u00e9tudiants de   l\u2019institut sup\u00e9rieur de l\u2019animation culturelle de Bir El-Bay sera traduit   devant le conseil de discipline suite \u00e0 la gr\u00e8ve que m\u00e8nent les \u00e9tudiant de   l\u2019institut depuis le 13 f\u00e9vrier dernier.   En la m\u00e9moire des martyrs du 9 avril 1938, tomb\u00e9s sous les balles de   l\u2019occupant fran\u00e7ais pour exiger un parlement tunisien libre et repr\u00e9sentatif,   Et dans le cadre de notre engagement \u00e0 poursuivre cette lutte pour   l\u2019instauration d\u2019un r\u00e9gime d\u00e9mocratique \u00e9manant d\u2019institutions repr\u00e9sentatives   et issues d\u2019\u00e9lections libres,<\/div>\n<div align=\"justify\"> <strong><font>Le collectif 18 octobre de Paris pour les   libert\u00e9s et les droits en Tunisie appelle \u00e0 un rassemblement :<\/font><\/strong><\/div>\n<p><strong><font><\/p>\n<div align=\"justify\"> <font>Mercredi 12 avril 2006 \u00e0 19h00   Place de La Fontaine des Innocents   M\u00e9tro Ch\u00e2telet les Halles   Sortie Pierre Lescot<\/font><\/div>\n<div>\n<hr\/>\n<\/div>\n<div>\n<p align=\"center\"> <b> <span lang=\"FR-CH\"> <font size=\"3\">SOS!!!<\/font><\/span><\/b><\/p>\n<p align=\"center\"> <b><span lang=\"FR-CH\"> <font size=\"3\">Les fondateurs de l&rsquo;organisation \u00ab\u00a0Les Victimes de la Torture   Contre l&rsquo;Impunit\u00e9\u00a0\u00bb en Tunisie attaqu\u00e9s et harcel\u00e9s par la \u00ab\u00a0securitate\u00a0\u00bb   locale<\/font><\/span><\/b><\/p>\n<p> <span lang=\"FR-CH\">\u00a0<\/span><\/p>\n<p><b><i> <u> <span lang=\"FR-CH\">  Londres, le 10 avril 2006<\/span><\/u><\/i><\/b><\/p>\n<p> <span lang=\"FR-CH\">\u00a0<\/span><\/p>\n<p> <span lang=\"FR-CH\">D\u00e9s le premier   communiqu\u00e9 publi\u00e9 le 26 Mars 2006 sur Tunisnews qui annon\u00e7ait la fondation   d&rsquo;une nouvelle organisation qui vise la justice \u00e0 l&rsquo;encontre des personnes   impliqu\u00e9es dans la pratique, la planification, l&rsquo;encouragement, la propagande   et l&rsquo;aide de tous ceux qui sont soup\u00e7onn\u00e9s d\u2019avoir commis les crimes de la   torture au sein de l&rsquo;ex\u00e9cutif, la magistrature, la police, le corps m\u00e9dical,   et tous ceux qui ont \u00e9t\u00e9 ou font encore partie directement ou indirectement   dans le crime de la torture \u00e0 l&rsquo;\u00e9gard des victimes morts ou vivants, en   Tunisie ou \u00e0 l&rsquo;\u00e9tranger; Le r\u00e9gime de la torture en exercice n&rsquo;a \u00e9pargn\u00e9 aucun   des fondateurs de notre nouvelle organisation.<\/span><\/p>\n<p> <span lang=\"FR-CH\">\u00a0<\/span><\/p>\n<p> <span lang=\"FR-CH\">  ** Le 27 Mars 2006 Ma\u00eetre Abderraouf Ayadi<\/span><span lang=\"FR-CH\">\u00a0:   il a \u00e9t\u00e9 cibl\u00e9 \u00e0 travers les freins de sa voiture (Une plainte contre inconnus   a \u00e9t\u00e9 d\u00e9pos\u00e9e) mais mes soup\u00e7ons se dirigent contre les outils de la torture   officielle c&rsquo;est-\u00e0-dire la police qui a t\u00e9l\u00e9phon\u00e9 le m\u00eame jour \u00e0 Me Samir   Dillou pour le pr\u00e9venir qu&rsquo;il lui conseille de v\u00e9rifier sa voiture car il doit   attendre quelque chose?!!).<\/span><\/p>\n<p> <span lang=\"FR-CH\">\u00a0<\/span><\/p>\n<p> <span lang=\"FR-CH\">  ** Le 28 Mars 2006 Ma\u00eetre Nejib Hosni<\/span><span lang=\"FR-CH\">\u00a0:   il a \u00e9t\u00e9 l&rsquo;objet de harc\u00e8lement \u00a0officiel de certains de ses clients au Kef   dans le nord ouest du pays.<\/span><\/p>\n<p> <span lang=\"FR-CH\">\u00a0<\/span><\/p>\n<p> <span lang=\"FR-CH\">  ** Le 29 Mars 2006 Mr Lassaad Jouhri<\/span><span lang=\"FR-CH\">:   la direction de sa voiture a \u00e9t\u00e9 d\u00e9boulonn\u00e9e (il a port\u00e9 plainte contre un   inconnu), mais nous estimons que ce sont les actions de la police secr\u00e8te   principale outil de la torture en <\/span><\/p>\n<p> <span lang=\"FR-CH\">Tunisie.<\/span><\/p>\n<p> <span lang=\"FR-CH\">\u00a0<\/span><\/p>\n<p> <span lang=\"FR-CH\">  ** Le 30 Mars 2006 Mr Ahmed Smii<\/span><span lang=\"FR-CH\">:   Sa maison situ\u00e9e dans son domaine agricole \u00e0 Sidi Amor bouhajla pr\u00e9s de   Kairouan, a \u00e9t\u00e9 saccag\u00e9e sans rien prendre, et les criminels sont de notre   point de vue les m\u00eames ..<\/span><\/p>\n<p> <span lang=\"FR-CH\">\u00a0<\/span><\/p>\n<p> <span lang=\"FR-CH\">  ** Le 10- 04-2006,<\/span><span lang=\"FR-CH\">   vers 5h du soir, la police a remis une note au nom de Mr Hassene Jouhri fils   de Mr Lassaad Jouhri lui refusant le passeport et il a \u00e9t\u00e9 insult\u00e9 et intimid\u00e9   par le chef de la police de Denden Mr Karim <\/span><\/p>\n<p> <span lang=\"FR-CH\">Jebabli, tout   en insistant \u00e0 prof\u00e9rer de grosses insultes contre son p\u00e8re.<\/span><\/p>\n<p> <span lang=\"FR-CH\">\u00a0<\/span><\/p>\n<p> <span lang=\"FR-CH\">Suite \u00e0 cela,   Mr Lassaad Jouhri s\u2019est d\u00e9plac\u00e9 lui- m\u00eame au local de police pour collecter   son fils.<\/span><\/p>\n<p> <span lang=\"FR-CH\">\u00a0<\/span><\/p>\n<p> <span lang=\"FR-CH\">Vers environ   19h de ce soir le 10- 04-06, Maitre Abderraouf Ayadi co-fondateur de l\u2019ONG   \u00ab\u00a0Les Victimes de la Torture Contre l&rsquo;Impunit\u00e9\u00a0\u00bb et avocat dans les plaintes   de Mr Lassaad Jouhri, se trouve avec ce dernier dans sa \u00a0maison mais encercl\u00e9s   par plusieurs voitures de la police.<\/span><\/p>\n<p> <span lang=\"FR-CH\">\u00a0<\/span><\/p>\n<p> <span lang=\"FR-CH\">Il est \u00e0 noter   aussi qu&rsquo;il a \u00e9t\u00e9 report\u00e9 par Me Samir Dillou qu\u2019un membre de la police lui a   dit ouvertement que \u00ab\u00a0vous ne serez plus implique&rsquo;s dans des d\u00e9lits politiques   mais dans des crimes de drogue et du m\u00eame genre\u00a0\u00bb\u2026.\u00a0???<\/span><\/p>\n<p> <span lang=\"FR-CH\">\u00a0<\/span><\/p>\n<p><b> <span lang=\"FR-CH\">Le   Coordinateur \u00e0 l&rsquo;\u00e9tranger<\/span><\/b><\/p>\n<p><b> <span lang=\"FR-CH\">  Said Ferjani<\/span><\/b><\/p>\n<p><b> <span lang=\"FR-CH\">  +44 208 991 18 62<\/span><\/b><\/p>\n<\/div>\n<div>  \u00a0<\/div>\n<p><\/font><\/p>\n<div>\n<hr\/>\n<\/div>\n<div align=\"center\"> <font face=\"Arial\" size=\"2\"><font><strong>Comit\u00e9 International   de Soutien au Prof. Moncef Ben Salem   \u00a0   <\/strong><\/font><font><strong>\u00a0Communiqu\u00e9 :    <\/strong><\/font>\u00a0   <strong><font size=\"3\">A Onze jours de la gr\u00e8ve de la faim    <\/p>\n<p><font>La LTDH visite \u00e0 la famille du Prof. Ben Salem et les   autorit\u00e9s tunisiennes s\u2019obstinent dans leurs pers\u00e9cutions<\/font><\/p>\n<p><\/font><\/strong>\u00a0<\/font><\/div>\n<div align=\"justify\">     Ce matin du dimanche 9 avril 2006 le Dr. Mohamed Ahmed Aloulou, membre de la   LTDH, accompagn\u00e9 d\u2019un membre de son Bureau, ont effectu\u00e9 une visite   d\u2019inspection et d\u2019examen de la sant\u00e9 des membres de la famille du Professeur   Ben Salem en gr\u00e8ve de la faim. Dans un examen pr\u00e9liminaire, il a \u00e9t\u00e9 constat\u00e9   chez le Prof. Ben Salem un dysfonctionnement cardiaque ce qui a pouss\u00e9 le Dr.   Aloulou de lui demander de cesser au plus t\u00f4t sa gr\u00e8ve de la faim, et de   proc\u00e9der \u00e0 un examen au moyen d\u2019un \u00e9lectrocardiogramme. Il a \u00e9t\u00e9 constat\u00e9 chez   lui une diminution pond\u00e9rale de 4 kg.   \u00a0   Quant \u00e0 Ossama Ben Salem, il a \u00e9t\u00e9 constat\u00e9 chez lui des difficult\u00e9s   respiratoires dues sans doutes \u00e0 des pr\u00e9c\u00e9dents asthmatiques et \u00e0 sa gr\u00e8ve de   la faim.    \u00a0   D\u2019un autre c\u00f4t\u00e9, les gr\u00e9vistes de la faim souffrent de vertige et de grande   fatigue, particuli\u00e8rement chez Mme Halima Ben Salem.   \u00a0   Notre Comit\u00e9 constate par ailleurs que la police continue son si\u00e8ge du   domicile des gr\u00e9vistes de la faim, et exerce de fortes pressions sur les   \u00e9tudiants venus apporter leur solidarit\u00e9 surtout \u00e0 leur camarade Oussama,   allant jusqu\u2019\u00e0 les conduire aux diff\u00e9rents postes de police de la ville.    \u00a0   Notre Comit\u00e9, tout en informant l\u2019opinion publique nationale et internationale   de cette \u00e9volution, continue de faire appel \u00e0 l\u2019arr\u00eat de cette gr\u00e8ve de la   faim du fait des dangers r\u00e9els que courent les gr\u00e9vistes pour leur sant\u00e9. De   m\u00eame nous portons toute la responsabilit\u00e9 sur les autorit\u00e9s tunisiennes pour   toutes les cons\u00e9quences physiques ou morales qui d\u00e9coulent de cette gr\u00e8ve de   la faim.   \u00a0   Nous appelons \u00e0 nouveau les m\u00e9dias arabes et dans le monde ainsi que les   militants des droits de l\u2019homme les scientifiques et les hommes politiques \u00e0   faire preuve de solidarit\u00e9 avec la cause des victimes de cette inqualifiable   injustice.   \u00a0   <strong>Pour le Comit\u00e9 International de D\u00e9fense du Pr. Ben Salem :   <font>Dr. Violette Daguerre, Pr\u00e9sidente du Comit\u00e9 ;   Morsel El Kesibi, Coordinateur   <\/font><\/strong>\u00a0   e-mail du Comit\u00e9 :   reporteur2005@yahoo.de   \u00a0   <strong><font>Contact de Saif Ben Salem, fils du Prof. Ben   Salem, Paris,    Portable : +33 (0)6 11 71 08 38    e-mail: <a href=\"mailto:saif@ifrance.com\">saif@ifrance.com<\/a><\/font><\/strong><\/div>\n<div>\n<hr\/>\n<\/div>\n<div>\n<div align=\"center\"> <strong><\/p>\n<h2 style=\"color: red;\"><font size=\"3\">Gr\u00e8ve de la faim d&rsquo;un scientifique     tunisien pour d\u00e9noncer les \u00ab\u00a0pers\u00e9cutions\u00a0\u00bb<\/font><\/h2>\n<p><\/strong><\/div>\n<div align=\"justify\">         AFP, le 09.04.2006 \u00e0 15h33     PARIS, 9 avr 2006 (AFP) &#8211; Un scientifique opposant au r\u00e9gime\u00a0 tunisien, le     Professeur Moncef Ben Salem, 53 ans, est en gr\u00e8ve de la\u00a0 faim depuis le 30     mars pour d\u00e9noncer \u00ab\u00a0les pers\u00e9cutions\u00a0\u00bb dont il fait\u00a0 l&rsquo;objet avec sa famille     depuis 19 ans, a-t-on appris aupr\u00e8s de\u00a0 plusieurs associations des droits de     l&rsquo;Homme.          \u00ab\u00a0C&rsquo;est le renvoi d\u00e9finitif de son fils de la facult\u00e9 de science\u00a0 de Sfax     pour des motifs abusifs qui a motiv\u00e9 sa d\u00e9cision\u00a0\u00bb, souligne\u00a0 l&rsquo;association     de d\u00e9fense des droits de l&rsquo;Homme Solidarit\u00e9\u00a0 tunisienne, dans un communiqu\u00e9     re\u00e7u dimanche par l&rsquo;AFP \u00e0 Paris.          Solidarit\u00e9 tunisienne \u00ab\u00a0appelle les autorit\u00e9s \u00e0 mettre fin \u00e0\u00a0 cette politique     de harc\u00e8lement des opposants et de leurs famille\u00a0\u00bb.          Dans un texte annon\u00e7ant sa gr\u00e8ve de la faim, le scientifique\u00a0 \u00e9crit qu&rsquo;il     s&rsquo;agit du seul moyen qu&rsquo;il lui reste \u00ab\u00a0pour protester\u00a0 contre les abominables     atrocit\u00e9s\u00a0\u00bb et les \u00ab\u00a0pers\u00e9cutions\u00a0\u00bb dont lui et\u00a0 sa famille font l&rsquo;objet.          \u00ab\u00a0Depuis 1987, le Dr Ben Salem vit sans salaire, sans assurance\u00a0 maladie,     sans couverture sociale et est priv\u00e9 de ses droits aux\u00a0 d\u00e9placements, aux     mouvements ainsi que d&rsquo;exercer une profession pour\u00a0 subvenir aux besoins de     sa famille\u00a0\u00bb, souligne pour sa part\u00a0 l&rsquo;association V\u00e9rit\u00e9-Action.          M. ben Salem, professeur de math\u00e9matique et de physique, membre\u00a0 de     plusieurs institutions scientifiques dans le monde, \u00ab\u00a0paie le prix\u00a0 de son     engagement militant en faveur des droits de l&rsquo;homme et de sa\u00a0 r\u00e9putation     mondiale sur le plan scientifique et acad\u00e9mique\u00a0\u00bb,\u00a0 affirme-t-elle.          La pr\u00e9sidente de la Commission arabe des droits humains Violette\u00a0 Daguerre     demande dans un communiqu\u00e9 s\u00e9par\u00e9, \u00ab\u00a0\u00e0 toutes les forces\u00a0 d\u00e9mocratiques dans     le monde\u00a0\u00bb, de d\u00e9noncer \u00ab\u00a0les men\u00e9es r\u00e9pressives\u00a0 exerc\u00e9es par les autorit\u00e9s     contre l&rsquo;opposition tunisienne\u00a0\u00bb.          Le fils de M. ben Salem, Sa\u00eff, rappelle que son p\u00e8re souffre \u00ab\u00a0du\u00a0 diab\u00e8te,     des reins, de la vue et des h\u00e9morro\u00efdes, s\u00e9quelles des\u00a0 tortures subies lors     des arrestations et des cinq ann\u00e9es de prison\u00a0 purg\u00e9es pour des raisons     politiques\u00a0\u00bb.          AFP          <strong><font>REMARQUE DE TUNISNEWS<\/font><\/strong> <font><strong>Il est int\u00e9ressant de remarquer que la \u00ab     v\u00e9n\u00e9rable \u00bb Agence France Presse n\u2019a \u00ab daign\u00e9 \u00bb parler de la gr\u00e8ve de la     faim du professeur Moncef Ben Salem qu\u2019apr\u00e8s 10 jours de son d\u00e9clenchement     et \u00e0 partir de \u2026 Paris, la capitale !!           On se demande que fait le bureau de cette agence \u00e0 Tunis ? et pourquoi cette     nouvelle a-t-elle d\u00fb attendre tout ce temps avant d\u2019\u00eatre relay\u00e9e \u00e0 partir de     la capitale fran\u00e7aise ?          Mais bon, c\u2019est toujours \u00ab mieux \u00bb que les 2 autres agences mondiales la     britannique \u00ab Reuters \u00bb et l\u2019am\u00e9ricaine \u00ab The Associated Press \u00bb qui ont     elles aussi des bureaux \u00e0 Tunis et qui n\u2019ont souffl\u00e9 aucun mot de cette     nouvelle!!!!          On est tent\u00e9 de faire des comparaisons avec d\u2019autres couvertures de     certaines \u00ab gr\u00e8ves de la faim \u00bb et autres \u00ab nouvelles \u00bb et \u00ab \u00e9v\u00e9nements \u00bb\u2026<\/strong><\/font><\/div>\n<\/div>\n<div>\n<hr\/>\n<\/div>\n<div align=\"center\"> <font face=\"Arial\" size=\"2\"><strong><\/p>\n<h2 style=\"color: red;\"><font size=\"3\">Scientifique en gr\u00e8ve de la faim: les autorit\u00e9s d\u00e9mentent toute restriction<\/font><\/h2>\n<p><\/strong>   \u00a0<\/font><\/div>\n<div align=\"justify\">  \u00a0<\/div>\n<div align=\"justify\">  AFP, lundi 10 avril 2006    \u00a0    TUNIS &#8211; Les autorit\u00e9s tunisiennes ont affirm\u00e9 lundi que l&rsquo;opposant et   scientifique tunisien, Moncef Ben Salem, en gr\u00e8ve de la faim depuis le 30   mars, \u00e9tait \u00ab\u00a0libre de ses mouvements et ne fait l&rsquo;objet d&rsquo;aucune restriction\u00a0\u00bb.\u00a0   Moncef Ben Salem a \u00e9t\u00e9 condamn\u00e9 en 1987 \u00ab\u00a0dans une affaire criminelle li\u00e9e \u00e0   ses activit\u00e9s au sein du mouvement terroriste +Ennahdha+, et ce pour   complicit\u00e9 dans la pr\u00e9paration et l&rsquo;ex\u00e9cution d&rsquo;un complot terroriste\u00a0\u00bb, a   indiqu\u00e9 \u00e0 l&rsquo;AFP une source officielle \u00e0 Tunis.\u00a0   \u00ab\u00a0Il est actuellement libre de ses mouvements et ne fait l&rsquo;objet d&rsquo;aucune   restriction\u00a0\u00bb, a ajout\u00e9 cette source.\u00a0   Plusieurs associations des droits de l&rsquo;Homme avaient indiqu\u00e9 dimanche que le   Professeur Ben Salem, 53 ans, est en gr\u00e8ve de la faim depuis le 30 mars pour   d\u00e9noncer \u00ab\u00a0les pers\u00e9cutions\u00a0\u00bb dont il fait l&rsquo;objet avec sa famille depuis 19   ans.    \u00ab\u00a0C&rsquo;est le renvoi d\u00e9finitif de son fils (Oussama) de la facult\u00e9 de science de   Sfax pour des motifs abusifs qui a motiv\u00e9 sa d\u00e9cision\u00a0\u00bb, avait soulign\u00e9   l&rsquo;association de d\u00e9fense des droits de l&rsquo;Homme Solidarit\u00e9 tunisienne, dans un   communiqu\u00e9 re\u00e7u dimanche par l&rsquo;AFP \u00e0 Paris.\u00a0   Les autorit\u00e9s tunisiennes indiquent \u00e0 ce sujet que le conseil de discipline de   cette facult\u00e9 a \u00ab\u00a0d\u00e9cid\u00e9, le 7 avril 2006, d&rsquo;adresser un bl\u00e2me \u00e0 l&rsquo;int\u00e9ress\u00e9\u00a0\u00bb   et assurent que celui-ci \u00ab\u00a0n&rsquo;a jamais \u00e9t\u00e9 l&rsquo;objet d&rsquo;un renvoi\u00a0\u00bb.   Elles affirment aussi qu&rsquo;Oussama Ben Salem \u00ab\u00a0connu pour son appartenance \u00e0 un   courant extr\u00e9miste (&#8230;) a particip\u00e9 avec un groupe d&rsquo;\u00e9lements cagoul\u00e9s \u00e0 la   destruction d&rsquo;un mur dans l&rsquo;enceinte de la facult\u00e9\u00a0\u00bb.   Dans un texte annon\u00e7ant sa gr\u00e8ve de la faim, M. Ben Salem \u00e9crit qu&rsquo;il s&rsquo;agit   du seul moyen qu&rsquo;il lui reste \u00ab\u00a0pour protester contre les abominables atrocit\u00e9s\u00a0\u00bb   et les \u00ab\u00a0pers\u00e9cutions\u00a0\u00bb dont lui et sa famille font l&rsquo;objet.\u00a0   \u00ab\u00a0Depuis 1987, le Dr Ben Salem vit sans salaire, sans assurance maladie, sans   couverture sociale et est priv\u00e9 de ses droits aux d\u00e9placements, aux mouvements   ainsi que d&rsquo;exercer une profession pour subvenir aux besoins de sa famille\u00a0\u00bb,   avait soulign\u00e9 pour sa part l&rsquo;association V\u00e9rit\u00e9-Action.    Professeur de math\u00e9matique et de physique, M. Ben Salem a d\u00e9clar\u00e9 lundi que   que \u00ab\u00a0le renvoi de son fils n&rsquo;\u00e9tait que la goutte qui a fait d\u00e9border le vase\u00a0\u00bb,   affirmant poursuivre sa gr\u00e8ve de la faim avec son \u00e9pouse au domicile familial   \u00e0 Sfax (300 km de Tunis).<\/div>\n<div>  \u00a0<\/div>\n<div> <font face=\"Arial\" size=\"2\"> <\/p>\n<p><b> <span lang=\"FR-CH\">  Remarque de TUNISNEWS<\/span><\/b><\/p>\n<p> <span lang=\"FR-CH\">\u00a0<\/span><\/p>\n<p><b> <span lang=\"FR-CH\">  Comme \u00e0 l\u2019accoutum\u00e9e, cette \u00ab source officielle \u00e0 Tunis\u00a0\u00bb prend le monde pour   des imb\u00e9ciles et pour des ignorants. Tout le monde sait parfaitement que le   professeur Moncef Ben Salem n\u2019a jamais \u00e9t\u00e9 \u00ab\u00a0condamn\u00e9 en 1987\u00a0\u00bb. <\/span><\/b> <\/p>\n<p><b> <span lang=\"FR-CH\">\u00a0<\/span><\/b><\/p>\n<p><b> <span lang=\"FR-CH\">En   fait, Il a \u00e9t\u00e9 arr\u00eat\u00e9 apr\u00e8s le 7 novembre 1987, tortur\u00e9 et emprisonn\u00e9 jusqu\u2019en   mai 1989 et ce SANS ETRE NI JUGE, NI CONDAMNE par aucune instance judiciaire   tunisienne. D\u2019autre part, au moment de son arrestation, Il n\u2019y avait pas en   Tunisie un mouvement qui s\u2019appelait \u00ab\u00a0Ennahdha\u00a0\u00bb. <\/span><\/b><\/p>\n<p><b> <span lang=\"FR-CH\">\u00a0<\/span><\/b><\/p>\n<p><b> <span lang=\"FR-CH\">  Quant \u00e0 la \u00ab\u00a0complicit\u00e9 dans la pr\u00e9paration et l&rsquo;ex\u00e9cution d&rsquo;un complot   terroriste\u00a0\u00bb, il faut que cette \u00ab\u00a0source officielle \u00e0 Tunis\u00a0\u00bb qui n\u2019ose pas   d\u00e9cliner son identit\u00e9 aie un jour le courage de fournir les preuves de ce   qu\u2019elle avance de fa\u00e7on \u00e9hont\u00e9e.<\/span><\/b><\/p>\n<p><\/font><\/div>\n<div> <font face=\"Arial\" size=\"2\">\u00a0<\/font><\/div>\n<div>\n<hr\/>\n<\/div>\n<div align=\"center\">  \u00a0<\/div>\n<div align=\"center\"> <strong><font size=\"3\">RUMEUR\u2026<\/font><\/strong><\/div>\n<div align=\"justify\">     Nombre de nos lecteurs ignorent peut-\u00eatre que depuis quelque temps, des   tractations, des arrangements, voire des accords seraient en cours entre des   envoy\u00e9s tr\u00e8s sp\u00e9ciaux du pouvoir et certains militants de l\u2019opposition   tunisienne.      La chose est \u00e0 ce point intrigante qu\u2019il \u00e9tait imp\u00e9ratif d\u2019y regarder de plus   pr\u00e8s.      Ce que nous savons \u00e0 coup s\u00fbr c\u2019est qu\u2019une personne se pr\u00e9sentant comme   charg\u00e9e de mission de Carthage a pris contact avec certains opposants \u00e0   l\u2019int\u00e9rieur du pays et leur a propos\u00e9 de \u00ab tourner la page \u00bb : ils rejoignent   la politique gouvernementale en cessant leur activit\u00e9 politique contre l\u2019arr\u00eat   du harc\u00e8lement dont ils font l\u2019objet, une petite indemnisation et- plus si   affinit\u00e9s ;;;      Fort de quelques succ\u00e8s \u00e0 l\u2019int\u00e9rieur, les promoteurs de la d\u00e9marche   traversent la M\u00e9diterran\u00e9e. Des opposants sont contact\u00e9s et certains acceptent   de jouer le jeu. Le tout dans un mutisme qui ne pouvait qu\u2019accentuer   l\u2019impression de diplomatie parall\u00e8le frisant l\u2019action de renseignement.      Les Tunisiens approch\u00e9s s\u2019accordent sur un point : les deux personnes du   palais qui m\u00e8nent cette entreprise, ne proposent aucun projet \u00e0 caract\u00e8re   politique. En d\u2019autres termes, ils auraient pour unique mission d\u2019isoler puis   de neutraliser le maximum de militants possibles. Les personnes fatigu\u00e9es   apr\u00e8s tant d\u2019ann\u00e9es de lutte et de sacrifices sont recherch\u00e9es en priorit\u00e9.   Les personnes abord\u00e9es sont sollicit\u00e9es, \u00e0 l\u2019occasion, en vue d\u2019introduire nos   deux intr\u00e9pides \u00e9missaires aupr\u00e8s d\u2019autres militants susceptibles de tendre   l\u2019oreille aux sir\u00e8nes.       Comme nous n\u2019avons pas la candeur de croire aux co\u00efncidences, il nous semble   n\u00e9cessaire de placer cette nouvelle action du pouvoir dans le contexte   tunisien actuel. En effet, \u00e0 la suite du fiasco du Sommet mondial de Tunis, le   g\u00e9n\u00e9ral Ben Ali semble ne pas d\u00e9sesp\u00e9rer de trouver un moyen pour r\u00e9instaurer   le climat magique qui lui avait permis de s\u2019incruster au pouvoir durablement   et confortablement \u00e0 partir de 1987. Cette nouvelle d\u00e9marche est accompagn\u00e9e   d\u2019une \u00ab tol\u00e9rance \u00bb relative \u00e0 l\u2019\u00e9gard des opposants et des d\u00e9tracteurs. Les   modes d\u2019intervention de la milice et de la police semblent plus souvent assez   softs et soucieuses de ne pas laisser de traces,. Mais d\u2019un autre c\u00f4t\u00e9, M. Ben   Ali doit monter \u00e0 tous que c\u2019est lui qui m\u00e8ne le jeu, d\u2019une part, et que, sur   le fond, rien ne doit bouger d\u2019autre part.       C\u2019est ce qu\u2019il semble avoir signifi\u00e9 en rappelant aux affaires le tortionnaire   de service Mohamed Ali Ganzoui. Nul ne pourra pr\u00e9tendre une seconde que le   retour des anciens modes op\u00e9ratoires les plus abjects du service secrets soit   sans lien avec ce sinistre personnage. Le montage photo et autres attaques   visant l\u2019honneur et la r\u00e9putation de victimes sont une signature qui ne trompe   pas. Les modes d\u2019action, les personnalit\u00e9s vis\u00e9es ainsi que les cons\u00e9quences   pr\u00e9visibles, montrent \u00e0 l\u2019\u00e9vidence que l\u2019agent Ganzoui n\u2019est encore une fois   que l\u2019ex\u00e9cutant des \u0153uvres de Ben Ali en personne ;       En effet, que peuvent avoir en commun Om Zied et Neila Charchour Hachicha ?   Rien d\u2019autre que leur attitude r\u00e9fractaire\u2026      <strong><font>(Source : l\u2019\u00e9ditorial de \u00abL\u2019Audace \u00bb, du mois   d\u2019avril 2006)<\/font><\/strong><\/div>\n<div align=\"justify\">\n<hr\/>\n<\/div>\n<div align=\"justify\">\n<div>\n<p align=\"center\"> <b><span lang=\"FR-CH\"><font size=\"3\">    Forum social maghr\u00e9bin &#8211; Prochaine R\u00e9union \u00e0 Paris le 25 avril 2006<\/font><\/span><\/b><\/p>\n<p> <span lang=\"FR-CH\">\u00a0<\/span><\/p>\n<p> <span lang=\"FR-CH\">Cher(e)s     ami(e)s<\/span><span dir=\"rtl\" lang=\"AR-SA\">     ,<\/span><\/p>\n<p> <span lang=\"FR-CH\">\u00a0<\/span><\/p>\n<p> <span lang=\"FR-CH\">Le processus     du Forum Social Maghr\u00e9bin a connu une nouvelle \u00e9tape le 18 mars dernier \u00e0     l\u2019occasion d\u2019une r\u00e9union du Comit\u00e9 de suivi provisoire \u00e0 Tunis<\/span><span dir=\"rtl\" lang=\"AR-SA\">.<\/span><\/p>\n<p> <span lang=\"FR-CH\">\u00a0<\/span><\/p>\n<p> <span lang=\"FR-CH\">Cette     rencontre a \u00e9t\u00e9 l\u2019occasion d\u2019\u00e9changes concernant le bilan de l\u2019Assembl\u00e9e     pr\u00e9paratoire de Bouznika et d\u2019une r\u00e9flexion commune quant \u00e0 l\u2019avenir de     cette aventure humaine d\u00e9sormais r\u00e9solument en marche<\/span><span dir=\"rtl\" lang=\"AR-SA\">.<\/span><\/p>\n<p> <span lang=\"FR-CH\">\u00a0<\/span><\/p>\n<p> <span lang=\"FR-CH\">Comme elle     l\u2019a montr\u00e9 \u00e0 l\u2019occasion de la rencontre de Bouznika, la dynamique de     l\u2019\u00e9migration en France et en Europe a un r\u00f4le important \u00e0 jouer dans ce     processus de construction d\u2019un Maghreb des Peuples. A ce stade, il s\u2019agit     d\u00e9sormais pour nous de r\u00e9fl\u00e9chir ensemble aux modalit\u00e9s de notre implication     commune<\/span><span dir=\"rtl\" lang=\"AR-SA\">.<\/span><\/p>\n<p> <span lang=\"FR-CH\">C\u2019est donc     pour avancer vers de nouvelles \u00e9tapes que nous avons le plaisir de vous     proposer de nous retrouver le<\/span><span dir=\"rtl\" lang=\"AR-SA\">     :<\/span><\/p>\n<p> <span lang=\"FR-CH\">\u00a0<\/span><\/p>\n<p> <span lang=\"FR-CH\">\u00a0<\/span><\/p>\n<p align=\"center\"> <b><span lang=\"FR-CH\"><font size=\"3\">    Mardi 25 avril 2006 \u00e0 18 h 30<\/font><\/span><\/b><\/p>\n<p align=\"center\"> <b><span lang=\"FR-CH\">au local     d\u2019IDD, 130<span dir=\"rtl\"> <\/span>rue des Poissonniers (sur rue \u2013 apr\u00e8s     l\u2019espace b\u00e9n\u00e9volat)<\/span><\/b><\/p>\n<p align=\"center\"> <b><span dir=\"rtl\" lang=\"AR-SA\">    75018 <\/span><span lang=\"FR-CH\">    Paris<\/span><\/b><\/p>\n<p align=\"center\"> <b> <span lang=\"FR-CH\">    M\u00e9tro : Marcadet-Poissonniers (Ligne 12 ou 4)<\/span><\/b><\/p>\n<p> <span lang=\"FR-CH\">\u00a0<\/span><\/p>\n<p> <span lang=\"FR-CH\">\u00a0<\/span><\/p>\n<p> <span lang=\"FR-CH\">\u00a0<\/span><\/p>\n<p> <span lang=\"FR-CH\">    Ordre du jour<\/span><span dir=\"rtl\" lang=\"AR-SA\">     :<\/span><\/p>\n<p> <span lang=\"FR-CH\">\u00a0<\/span><\/p>\n<p> <b><span dir=\"rtl\" lang=\"AR-SA\">    &#8211;\u00a0\u00a0\u00a0\u00a0\u00a0\u00a0\u00a0\u00a0 <\/span> <span lang=\"FR-CH\">Compte-rendu     de la r\u00e9union de Tunis<\/span><\/b><\/p>\n<p> <b><span lang=\"FR-CH\">\u00a0<\/span><\/b><\/p>\n<p> <b><span dir=\"rtl\" lang=\"AR-SA\">    &#8211;\u00a0\u00a0\u00a0\u00a0\u00a0\u00a0\u00a0\u00a0 <\/span> <span lang=\"FR-CH\">R\u00e9flexion et     \u00e9changes sur la structuration de la dynamique de l\u2019\u00e9migration en Europe     (notamment relation entre la dynamique en France et en Europe<\/span><span dir=\"rtl\" lang=\"AR-SA\">).<\/span><\/b><\/p>\n<p> <b><span lang=\"FR-CH\">\u00a0<\/span><\/b><\/p>\n<p> <b><span dir=\"rtl\" lang=\"AR-SA\">    &#8211;\u00a0\u00a0\u00a0\u00a0\u00a0\u00a0\u00a0\u00a0 <\/span> <span lang=\"FR-CH\">Propositions     de fonctionnement du secr\u00e9tariat technique en France (\u00e9largissement aux     jeunes et aux femmes, coordination<\/span><span dir=\"rtl\" lang=\"AR-SA\">\u2026).<\/span><\/b><\/p>\n<p> <span lang=\"FR-CH\">\u00a0<\/span><\/p>\n<p> <span lang=\"FR-CH\">Comme \u00e0     l\u2019accoutum\u00e9e, cette rencontre est ouverte \u00e0 toutes celles et tous ceux qui     s\u2019int\u00e9ressent au processus et aux dynamiques alter mondialistes au Maghreb<\/span><\/p>\n<p> <span lang=\"FR-CH\">\u00a0<\/span><\/p>\n<p> <span lang=\"FR-CH\">\u00a0<\/span><\/p>\n<p> <span lang=\"FR-CH\">Au plaisir de     vous retrouver<\/span><span dir=\"rtl\" lang=\"AR-SA\">,<\/span><\/p>\n<p> <span lang=\"FR-CH\">\u00a0<\/span><\/p>\n<p> <span lang=\"FR-CH\">\u00a0<\/span><\/p>\n<p> <span lang=\"FR-CH\">Amicalement<\/span><span dir=\"rtl\" lang=\"AR-SA\">,<\/span><\/p>\n<p> <span lang=\"FR-CH\">\u00a0<\/span><\/p>\n<p> <span lang=\"FR-CH\">\u00a0<\/span><\/p>\n<p> <span lang=\"FR-CH\">Pour le     comit\u00e9 de suivi provisoire<\/span><span dir=\"rtl\" lang=\"AR-SA\">,<\/span><\/p>\n<p> <span lang=\"FR-CH\">\u00a0<\/span><\/p>\n<p> <b> <span lang=\"FR-CH\">    Mouhieddine Cherbib et Abdallah Zniber<\/span><\/b><\/p>\n<p> <b> <span lang=\"FR-CH\">    \u00a0<\/span><\/b><\/p>\n<p> <span lang=\"FR-CH\">    Merci de confirmer votre participation \u00e0 l\u2019adresse suivante :    <a href=\"mailto:violainelaurens@idd-reseau.org\">    violainelaurens@idd-reseau.org<\/a><\/span><\/p>\n<p> <span lang=\"FR-CH\">\u00a0<\/span><\/p>\n<p> <span lang=\"FR-CH\">    NB : Nous profitons de cette occasion pour vous informer qu\u2019IDD a le plaisir     d\u2019h\u00e9berger jusqu\u2019au 22 avril l\u2019exposition \u00ab Bleu clandestin \u00bb sur la     situation des sub-sahariens et des \u00abHarragas \u00bb, r\u00e9alis\u00e9e par un artiste     marocain \u00e0 partir de mat\u00e9riaux de r\u00e9cup\u00e9ration. Vous \u00eates tous invit\u00e9s \u00e0     venir voir cette exposition, du lundi au vendredi entre 10h et 18h, au local     d\u2019IDD (130, rue des Poissonniers \u2013 75018 Paris)<\/span><\/p>\n<\/div>\n<\/div>\n<div align=\"justify\">   \u00a0<\/div>\n<div align=\"justify\">\n<hr\/>\n<\/div>\n<div align=\"center\"> <strong><font>Conseil national du Parti D\u00e9mocratique   Progressiste (PDP)   <\/font><\/p>\n<h2 style=\"color: red;\"><font size=\"3\">Me N\u00e9jib Chebbi, le S.G ne briguera pas   un nouveau mandat<\/font><\/h2>\n<p><\/strong><\/div>\n<div align=\"justify\">     \u00ab Le prochain congr\u00e8s du parti sera celui de l&rsquo;alternance d\u00e9mocratique, je ne   briguerai pas un nouveau mandat. Il faut laisser la place aux jeunes   comp\u00e9tences \u00bb, a d\u00e9clar\u00e9 Me N\u00e9jib Chebbi, secr\u00e9taire g\u00e9n\u00e9ral du Parti   D\u00e9mocratique Progressiste (PDP) \u00e0 l&rsquo;ouverture des travaux du Conseil national   du parti qui s&rsquo;est tenu samedi et dimanche \u00e0 l&rsquo;h\u00f4tel Le Diplomate de Tunis.      Me\u00a0 Chebbi a\u00a0 ainsi\u00a0 confirm\u00e9 sa d\u00e9cision de ne\u00a0 pas se repr\u00e9senter\u00a0 comme   candidat pour le poste\u00a0 de secr\u00e9taire g\u00e9n\u00e9ral.      D\u00e9cision annonc\u00e9e lors du premier congr\u00e8s du PDP qui s&rsquo;est tenu en juin\u00a0 2001,   Me\u00a0 N\u00e9jib Chebbi a occup\u00e9 ce poste depuis le 13\u00a0 d\u00e9cembre 1983, date de la   fondation du parti qui, \u00e0 l&rsquo;\u00e9poque s&rsquo;appelait le\u00a0 Rassemblement Socialiste   Progressiste (RSP). Le parti a obtenu son visa le 12 septembre 1988.      <strong><font>Propositions<\/font><\/strong>      \u00ab Le prochain congr\u00e8s\u00a0\u00a0 du PDP\u00a0 se tiendra\u00a0\u00a0 avant la fin de 2006,   probablement en automne et ses motions, outre le volet\u00a0\u00a0 et le programme\u00a0   politique du parti, seront ax\u00e9es sur le volet\u00a0 social. Parce que si les partis   de l&rsquo;opposition\u00a0 traitent seulement l&rsquo;aspect politique, les gens\u00a0 se   d\u00e9sint\u00e9ressent d&rsquo;eux. Car, les citoyens sont principalement pr\u00e9occup\u00e9s par les   probl\u00e8mes sociaux et \u00e9conomiques,\u00a0 comme la chert\u00e9 de la vie,\u00a0 la d\u00e9gradation   du pouvoir d&rsquo;achat et\u00a0\u00a0 le ch\u00f4mage. D\u00e9j\u00e0, la f\u00e9d\u00e9ration\u00a0 du PDP\u00a0 de Sousse a\u00a0   pr\u00e9par\u00e9\u00a0 un document sur le sujet qui sera\u00a0 discut\u00e9 par les membres\u00a0 du   Conseil national \u00bb, a soulign\u00e9 le secr\u00e9taire g\u00e9n\u00e9ral\u00a0 du parti qui a ajout\u00e9   que la base du PDP s&rsquo;est \u00e9largie\u00a0 et d&rsquo;autres f\u00e9d\u00e9rations, comme celles\u00a0 de   Tataouine, M\u00e9denine, viennent d&rsquo;\u00eatre\u00a0 cr\u00e9\u00e9es. Pour nous,\u00a0 le bilan du parti\u00a0   est positif \u00bb.      <strong><font>R\u00e9formes<\/font><\/strong>      Abordant\u00a0 le th\u00e8me sous\u00a0 lequel s&rsquo;est\u00a0 tenu le Conseil national \u00ab   L&rsquo;instauration\u00a0 de la d\u00e9mocratie \u00bb, le secr\u00e9taire g\u00e9n\u00e9ral du PDP,\u00a0 Me N\u00e9jib   Chebbi a\u00a0 affirm\u00e9 que \u00ab quand nous revendiquons des r\u00e9formes\u00a0 en ce sens, nous   ne r\u00e9pondons pas \u00e0 un appel\u00a0 des Etats-Unis ou d&rsquo;autres parties \u00e9trang\u00e8res. La   revendication de la r\u00e9forme politique ne date pas d&rsquo;aujourd&rsquo;hui. D\u00e9j\u00e0 Tahar   Haddad, Kacem Amin, Bouche\u00efra Ben Mrad ont revendiqu\u00e9 cette r\u00e9forme\u00a0 et notre\u00a0   g\u00e9n\u00e9ration n&rsquo;a pas attendu Georges Bush pour le faire \u00bb.      M. Rachid Kechana, membre du bureau politique qui a pr\u00e9sid\u00e9 les travaux du   Conseil national a donn\u00e9 ensuite la parole aux repr\u00e9sentants des partis et des   organisations.   Les travaux du Conseil national du PDP devaient se terminer hier. Environ 150   membres du Conseil ont particip\u00e9 \u00e0 ces travaux.      N\u00e9jib SASSI      <strong><font>(Source : \u00ab Le Temps \u00bb du 10 avril 2006)<\/font><\/strong> \u00a0<\/div>\n<div align=\"justify\">\n<hr\/>\n<\/div>\n<div align=\"justify\"> <strong><\/p>\n<h2 style=\"color: red;\"><font>\u00abL\u2019ind\u00e9pendance de la Tunisie\u00bb par Mitterrand<\/font><\/h2>\n<p><\/strong>   \u00abEn printemps 96, premier \u00e9pisode : l\u2019ind\u00e9pendance de la Tunisie\u00bb tel est   l\u2019intitul\u00e9 du documentaire de Fr\u00e9d\u00e9ric Mitterrand, programm\u00e9 pour la cl\u00f4ture   du festival \u00abDoc \u00e0 Tunis\u00bb.       R\u00e9alis\u00e9 par Fr\u00e9d\u00e9ric Mitterrand, ce film est le premier \u00e9pisode de deux films   qui tentent d\u2019esquisser les mouvements nationalistes qui ont donn\u00e9 le jour \u00e0   l\u2019ind\u00e9pendance de la Tunisie et du Maroc.       Durant cinquante-deux minutes, Fr\u00e9d\u00e9ric Mitterrand, cet amoureux de la Tunisie,   nous racontera cette histoire bouleversante de l\u2019ind\u00e9pendance. Pour d\u00e9couvrir   ce film, rendez-vous, ce soir, \u00e0 20h00, au cin\u00e9ma Le Colis\u00e9e.      <strong><font>(Source : \u00ab Le Quotidien \u00bb du 10 avril 2006)<\/font><\/strong> \u00a0<\/div>\n<div align=\"justify\">\n<hr\/>\n<\/div>\n<div align=\"center\"> <strong><\/p>\n<h2 style=\"color: red;\"><font size=\"3\">\u00abA\u00e2la wahdah wa noss\u00bb : Le corps \u00e0   l\u2019\u00e9preuve sur sc\u00e8ne !<\/font><\/h2>\n<p><\/strong><\/div>\n<div align=\"justify\"> <strong>Kaouthar Bardi dans un nouveau r\u00f4le d\u2019actrice-chor\u00e9graphe et en   danseuse une chevronn\u00e9e et Jaleleddine Sa\u00e2di en charmant accompagnateur. Tel   est le duo que les fans du \u00abQuatri\u00e8me art\u00bb d\u00e9couvriront dans : \u00abA\u00e2la wahdah wa   noss\u00bb, une nouvelle pi\u00e8ce mise en sc\u00e8ne par Zouha\u00efr Ra\u00efs.   <\/strong>   Les moments forts et les particularit\u00e9s de cette nouvelle production th\u00e9\u00e2trale   ont \u00e9t\u00e9 explicit\u00e9s vendredi lors d\u2019une conf\u00e9rence de presse donn\u00e9e par   Kaouthar Bardi et Jaleleddine Sa\u00e2di en pr\u00e9sence de Zouha\u00efr Ra\u00efs. Chacun des   acteurs a mis en \u00e9vidence son r\u00f4le dans cette nouvelle pi\u00e8ce qui r\u00e9unira des   tableaux chor\u00e9graphiques et comiques \u00e0 la fois&#8230; Dans son nouveau r\u00f4le   d\u2019actrice, Kaouthar Bardi se produira en v\u00e9ritable \u00abchaire bougeante\u00bb , en un   mot, dans un nouvel habit de danseuse exp\u00e9riment\u00e9e sur sc\u00e8ne. Loin des clich\u00e9s   du th\u00e9\u00e2tre populaire, Kaouthar Bardi et Jaleleddine Sa\u00e2di \u00e9volueront dans une   ambiance sp\u00e9cifique d\u2019un couple soud\u00e9, mais o\u00f9 des querelles intestines   peuvent appara\u00eetre dans l\u2019interpr\u00e9tation de leur r\u00f4le. Cherif et Cherifa (les   pr\u00e9noms de Jaleleddine Sa\u00e2di et de Kaouthar Bardi dans cette pi\u00e8ce), unis pour   le meilleur et pour le pire, le couple m\u00eame une vie normale et modeste o\u00f9 on   assiste aux rituels de don de cadeaux, de bont\u00e9 au quotidien. Mais dans cette   pi\u00e8ce toute l\u2019histoire de la vie de ce couple tourne autour de l\u2019argent qui   sera omnipr\u00e9sent dans tous les tableaux. Il y aura quelques querelles, des   joutes et des conflits. Le tout sera r\u00e9alis\u00e9 dans le cadre d\u2019un \u00abhumour noir\u00bb,   o\u00f9 la com\u00e9die et la dramaturgie se joignent \u00e0 tous les niveaux.      <strong><font>La danse orientale en vedette<\/font><\/strong>      L\u2019une des particularit\u00e9s de \u00abA\u00e2la wahdah wa noss\u00bb\u00bb est qu\u2019elle int\u00e8gre la   danse comme un moyen d\u2019_expression et de v\u00e9hicule du message. Dans certains de   ses tableaux, les acteurs s&rsquo;y livreront \u00e0 des gammes de danse orientale. En   effet, et afin de mener \u00e0 bien cette nouvelle t\u00e2che, le duo a fait appel \u00e0 un   professeur de conservatoire et de percussion dont le r\u00f4le \u00e9tait d\u2019initier les   acteurs \u00e0 la danse rapide, qu\u2019on qualifie dans le jargon artistique d\u2019une   danse qui s\u2019effectue \u00absur un rythme et demi\u00bb d\u2019o\u00f9 ailleurs le titre de la   pi\u00e8ce. Dans l\u2019ex\u00e9cution de ce nouveau r\u00f4le de danseuse et de chor\u00e9graphe, les   fans du \u00abQuatri\u00e8me Art\u00bb d\u00e9couvriront Kaouthar Bardi, dans une nouvelle   dynamique corporelle. Son poids ne l\u2019emp\u00eachera pas de se livrer \u00e0 des envol\u00e9es   patinantes dans les bras de Jaleleddine Sa\u00e2di comme une princesse r\u00e9volt\u00e9e. Le   d\u00e9cor sera con\u00e7u de fa\u00e7on \u00e0 mettre en exergue les diff\u00e9rents tableaux et le   sc\u00e9nario. Subventionn\u00e9e par \u00abTunisiana\u00bb et l\u2019ERTT, cette pi\u00e8ce sera pr\u00e9sent\u00e9e   les 14, 15 et 16 avril prochain \u00e0 la salle \u00abLe Colis\u00e9e\u00bb de Tunis. D\u2019une dur\u00e9e   d\u2019une heure et trente minutes, sa r\u00e9alisation a dur\u00e9 une ann\u00e9e et trois mois.   \u00abSa r\u00e9alisation n\u2019a pourtant pas influ\u00e9 sur la collaboration des acteurs avec   d\u2019autres pi\u00e8ces, comme le \u00abMar\u00e9chal\u00bb, a not\u00e9 Kaouthar Bardi. La seule   difficult\u00e9 que les acteurs ont rencontr\u00e9e, c\u2019est celle de la mise en sc\u00e8ne qui   demande une lumi\u00e8re sp\u00e9ciale au niveau du d\u00e9cor. \u00abMais tout est rentr\u00e9 dans   l\u2019ordre et le travail a \u00e9t\u00e9 r\u00e9alis\u00e9 dans un esprit de groupe\u00bb, a conclu   Zouha\u00efr Ra\u00efs metteur en sc\u00e8ne de cette pi\u00e8ce.      Ousmane WAGUE       <strong><font>(Source : \u00ab Le Quotidien \u00bb du 10 avril 2006)<\/font><\/strong> \u00a0<\/div>\n<div align=\"justify\">\n<hr\/>\n<\/div>\n<div align=\"center\"> <strong><\/p>\n<h2 style=\"color: red;\"><font size=\"3\">Les attentats de Madrid commis par une   cellule \u00ab\u00a0inspir\u00e9e\u00a0\u00bb d&rsquo;Al-Qa\u00efda<\/font><\/h2>\n<p><\/strong> <\/p>\n<div align=\"justify\">         \u00a0\u00a0\u00a0 AFP, le 10.04.2006 \u00e0 08h56     MADRID, 10 avr 2006 (AFP) &#8211;\u00a0 Le juge Juan del Olmo charg\u00e9 de\u00a0 l&rsquo;enqu\u00eate sur     les attentats de Madrid (191 morts) les attribue \u00e0 une\u00a0 cellule islamiste     locale \u00ab\u00a0inspir\u00e9e\u00a0\u00bb d&rsquo;Al-Qa\u00efda, dans l&rsquo;acte\u00a0 d&rsquo;inculpation qu&rsquo;il devrait     publier cette semaine, a rapport\u00e9 lundi\u00a0 El Pais.          Selon le journal espagnol, le juge inculpera \u00ab\u00a0probablement\u00a0 mardi\u00a0\u00bb une     trentaine de suspects actuellement en prison, dont quatre\u00a0 comme auteurs     mat\u00e9riels directs: Jamal Zougam, Basel Ghayoun, Otman\u00a0 el Gnaout et     Abdelmajid Bouchar.          Le juge de l&rsquo;Audience nationale consid\u00e8re que les dirigeants de\u00a0 cette     cellule sont Jamal Ahmidan \u00ab\u00a0Le Chinois\u00a0\u00bb et <strong>Serhane Ben\u00a0 Abdelmajid     Fakhet \u00ab\u00a0Le Tunisien\u00a0\u00bb<\/strong>, qui se sont suicid\u00e9s \u00e0 l&rsquo;explosif\u00a0 avec cinq     autres membres du commando le 3 avril 2004 \u00e0 Legan\u00e8s, dans\u00a0 la banlieue de     Madrid.          Les deux hommes se seraient inspir\u00e9s de recommandations d&rsquo;un\u00a0 \u00ab\u00a0comit\u00e9 de     sages\u00a0\u00bb d&rsquo;Al-Qa\u00efda conseillant de perp\u00e9trer un attentat en\u00a0 Espagne avant les     \u00e9lections du 14 mars 2004 pour forcer le retrait\u00a0 des troupes espagnoles     d&rsquo;Irak, et qu&rsquo;ils auraient trouv\u00e9es sur le\u00a0 site internet Global Islamic     Media.          Les attentats du 11 mars 2004 auraient ainsi \u00e9t\u00e9 \u00ab\u00a0inspir\u00e9s\u00a0\u00bb par\u00a0 le r\u00e9seau     dirig\u00e9 par Ben Laden, mais non \u00ab\u00a0ex\u00e9cut\u00e9s\u00a0\u00bb par lui, une\u00a0 conclusion proche de     celle des enqu\u00eateurs britanniques dans le cas\u00a0 des attentats de Londres,     selon la presse britannique.          Del Olmo \u00e9carte une implication directe ou indirecte de\u00a0 l&rsquo;organisation     s\u00e9paratiste basque ETA, telle que sugg\u00e9r\u00e9e par le\u00a0 gouvernement espagnol de     l&rsquo;\u00e9poque, dirig\u00e9 par le conservateur Jos\u00e9\u00a0 Maria Aznar, et toujours insinu\u00e9e     \u00e0 ce jour par le Parti populaire\u00a0 (PP, droite) et le quotidien lib\u00e9ral El     Mundo.          Le texte qui a inspir\u00e9 la cellule terroriste espagnole, comptant\u00a0 42 pages     et \u00e9crit en arabe, s&rsquo;intitule: \u00ab\u00a0Jihad irakien, espoir et\u00a0 dangers\u00a0\u00bb. Il a     notamment \u00e9t\u00e9 retrouv\u00e9 par les enqu\u00eateurs espagnols\u00a0 sur les ordinateurs du     \u00ab\u00a0Chinois\u00a0\u00bb et du \u00ab\u00a0Tunisien\u00a0\u00bb.          Il affirme qu&rsquo;il est \u00ab\u00a0n\u00e9cessaire\u00a0\u00bb d'\u00a0\u00bbutiliser le plus possible\u00a0 les     \u00e9lections g\u00e9n\u00e9rales de mars de l&rsquo;ann\u00e9e qui vient (ndlr: 2004).\u00a0 Nous croyons     que le gouvernement espagnol ne pourra pas tol\u00e9rer plus\u00a0 de deux, trois     attaques maximum apr\u00e8s quoi il devra se retirer\u00a0 d&rsquo;Irak\u00a0\u00bb.          Les \u00e9lections l\u00e9gislatives espagnoles du 14 mars 2004, tenues\u00a0 trois jours     apr\u00e8s les pires attentats jamais commis en Espagne, ont\u00a0 \u00e9t\u00e9 remport\u00e9es par     les socialistes, qui ont annonc\u00e9 d\u00e8s le lendemain\u00a0 le retrait des troupes     espagnoles d&rsquo;Irak, conform\u00e9ment \u00e0 une\u00a0 promesse \u00e9lectorale faite un an     auparavant.          \u00ab\u00a0Les services secrets du monde entier soulignent que le 11 mars\u00a0 a ouvert la     voie \u00e0 une nouvelle m\u00e9thode de fonctionnement\u00a0 d&rsquo;Al-Qa\u00efda: il n&rsquo;est pas     n\u00e9cessaire que le commando re\u00e7oive un ordre\u00a0 direct du r\u00e9seau, il suffit     qu&rsquo;il commette l&rsquo;attentat et ensuite le\u00a0 revendique au nom d&rsquo;Al-Qa\u00efda\u00a0\u00bb,     \u00e9crit El Pais.          Dans son acte d&rsquo;inculpation, le juge attribuera \u00e0 la cellule qui\u00a0 s&rsquo;est     suicid\u00e9e \u00e0 Legan\u00e8s les attaques du 11 mars 2004 contre quatre\u00a0 trains de     banlieue ayant pour terminus la gare madril\u00e8ne d&rsquo;Atocha,\u00a0 ainsi que deux     tentatives d&rsquo;attentats contre des trains \u00e0 grande\u00a0 vitesse (TGV) commis le 2     avril, veille du suicide collectif de L\u00e9gan\u00e8s.<\/div>\n<\/div>\n<div>\n<hr\/>\n<\/div>\n<div>  \u00a0<\/div>\n<div> <font face=\"Arial\" size=\"2\">\u00a0  <\/p>\n<p align=\"center\"> <b><span lang=\"FR-CH\"><font size=\"3\">Un   magazine estonien reproduit les caricatures de Mahomet<\/font><\/span><\/b><\/p>\n<p> <span lang=\"FR-CH\">Associated   Press, le 10.04.06 \u00e0 18h57<\/span><\/p>\n<p> <span lang=\"FR-CH\">\u00a0<\/span><\/p>\n<p> <span lang=\"FR-CH\">TALLINN (AP) &#8212;   \u00ab\u00a0Keskus\u00a0\u00bb, un magazine estonien, a reproduit lundi les 12 caricatures   controvers\u00e9es du proph\u00e8te Mahomet, qui ont provoqu\u00e9 en d\u00e9but d&rsquo;ann\u00e9e de   violentes manifestations dans le monde musulman<\/span><span dir=\"rtl\" lang=\"AR-SA\">.  <\/span><\/p>\n<p> <span lang=\"FR-CH\">\u00a0<\/span><\/p>\n<p> <span lang=\"FR-CH\">Le mensuel,   d\u00e9di\u00e9 \u00e0 l&rsquo;art et la culture, a annonc\u00e9 avoir imprim\u00e9 les dessins, publi\u00e9s pour   la premi\u00e8re fois en septembre par le quotidien danois \u00ab\u00a0Jyllands-Posten\u00a0\u00bb, pour   permettre aux Estoniens de juger par eux-m\u00eames s&rsquo;ils sont ou non offensants.   \u00ab\u00a0Si tout le monde parle des dessins mais que personne ne les a vus, cela pose   probl\u00e8me\u00a0\u00bb, explique le r\u00e9dacteur en chef Juku-Kalle Raid. \u00ab\u00a0Il faut que les   gens voient les images pour faire leur propre analyse<\/span><span dir=\"rtl\" lang=\"AR-SA\">.\u00a0\u00bb  <\/span><\/p>\n<p> <span lang=\"FR-CH\">\u00a0<\/span><\/p>\n<p> <span lang=\"FR-CH\">Il a pr\u00e9cis\u00e9   que \u00ab\u00a0Keskus\u00a0\u00bb avait d\u00e9j\u00e0 d\u00e9cid\u00e9 en d\u00e9cembre de publier les dessins, mais avait   d\u00e9cid\u00e9 d&rsquo;attendre que les troubles provoqu\u00e9s par ces images \u00ab\u00a0se calment<\/span><span dir=\"rtl\" lang=\"AR-SA\">\u00ab\u00a0.  <\/span><\/p>\n<p> <span lang=\"FR-CH\">\u00a0<\/span><\/p>\n<p> <span lang=\"FR-CH\">Les caricatures   avaient \u00e9t\u00e9 reproduites par des journaux europ\u00e9ens en janvier, d\u00e9clenchant une   vague de protestation dans le monde arabe et musulman. Des rassemblements   avaient d\u00e9g\u00e9n\u00e9r\u00e9, faisant plusieurs morts parmi les manifestants en Libye,   Afghanistan et au Pakistan tandis que plusieurs repr\u00e9sentations europ\u00e9ennes   avaient \u00e9t\u00e9 attaqu\u00e9es<\/span><span dir=\"rtl\" lang=\"AR-SA\">.  <\/span><\/p>\n<p> <span lang=\"FR-CH\">\u00a0<\/span><\/p>\n<p> <span lang=\"FR-CH\">Le ministre   estonien des Affaires \u00e9trang\u00e8res Urmas Paet a averti que \u00ab\u00a0Keskus\u00a0\u00bb serait   enti\u00e8rement responsable si \u00ab\u00a0quelque chose devait arriver\u00a0\u00bb \u00e0 l&rsquo;Estonie suite \u00e0   la publication des dessins. Mais il a pr\u00e9cis\u00e9 que le magazine avait le droit   de les publier en vertu des lois sur la libert\u00e9 de la presse. <\/span><\/p>\n<p><\/font><\/div>\n<hr\/>\n<p align=\"center\"><b><a href=\"https:\/\/tunisnews.net\/ar\/\"><span>Home<\/span><span lang=\"FR-CH\"> &#8211; Accueil <\/span><span>&#8211; <\/span><span dir=\"rtl\" lang=\"AR-SA\">\u0627\u0644\u0631\u0626\u064a\u0633\u064a\u0629<\/span><\/a><\/b><\/p>\n<p><\/strong><\/body><\/body><\/html><\/p>","protected":false},"excerpt":{"rendered":"<p>Home &#8211; Accueil &#8211; \u0627\u0644\u0631\u0626\u064a\u0633\u064a\u0629 TUNISNEWS 6\u00a0\u00e8me\u00a0ann\u00e9e, N\u00b0\u00a02149 du 10.04.2006 \u00a0archives : www.tunisnews.net En comm\u00e9moration du 68\u00e8me anniversaire des \u00e9v\u00e8nements du 9 avril 1938: Rassemblement \u00e0 Paris le mercredi 12 avril 2006 \u00e0 19h00 Les fondateurs de l&rsquo;organisation \u00ab Les Victimes de la Torture Contre l&rsquo;Impunit\u00e9 \u00bb en Tunisie attaqu\u00e9s et harcel\u00e9s par la \u00ab [&hellip;]<\/p>\n","protected":false},"author":1,"featured_media":22040,"comment_status":"open","ping_status":"open","sticky":false,"template":"","format":"standard","meta":{"inline_featured_image":false,"site-sidebar-layout":"default","site-content-layout":"","ast-site-content-layout":"default","site-content-style":"default","site-sidebar-style":"default","ast-global-header-display":"","ast-banner-title-visibility":"","ast-main-header-display":"","ast-hfb-above-header-display":"","ast-hfb-below-header-display":"","ast-hfb-mobile-header-display":"","site-post-title":"","ast-breadcrumbs-content":"","ast-featured-img":"","footer-sml-layout":"","ast-disable-related-posts":"","theme-transparent-header-meta":"","adv-header-id-meta":"","stick-header-meta":"","header-above-stick-meta":"","header-main-stick-meta":"","header-below-stick-meta":"","astra-migrate-meta-layouts":"default","ast-page-background-enabled":"default","ast-page-background-meta":{"desktop":{"background-color":"","background-image":"","background-repeat":"repeat","background-position":"center center","background-size":"auto","background-attachment":"scroll","background-type":"","background-media":"","overlay-type":"","overlay-color":"","overlay-opacity":"","overlay-gradient":""},"tablet":{"background-color":"","background-image":"","background-repeat":"repeat","background-position":"center center","background-size":"auto","background-attachment":"scroll","background-type":"","background-media":"","overlay-type":"","overlay-color":"","overlay-opacity":"","overlay-gradient":""},"mobile":{"background-color":"","background-image":"","background-repeat":"repeat","background-position":"center center","background-size":"auto","background-attachment":"scroll","background-type":"","background-media":"","overlay-type":"","overlay-color":"","overlay-opacity":"","overlay-gradient":""}},"ast-content-background-meta":{"desktop":{"background-color":"var(--ast-global-color-5)","background-image":"","background-repeat":"repeat","background-position":"center center","background-size":"auto","background-attachment":"scroll","background-type":"","background-media":"","overlay-type":"","overlay-color":"","overlay-opacity":"","overlay-gradient":""},"tablet":{"background-color":"var(--ast-global-color-5)","background-image":"","background-repeat":"repeat","background-position":"center center","background-size":"auto","background-attachment":"scroll","background-type":"","background-media":"","overlay-type":"","overlay-color":"","overlay-opacity":"","overlay-gradient":""},"mobile":{"background-color":"var(--ast-global-color-5)","background-image":"","background-repeat":"repeat","background-position":"center center","background-size":"auto","background-attachment":"scroll","background-type":"","background-media":"","overlay-type":"","overlay-color":"","overlay-opacity":"","overlay-gradient":""}},"footnotes":""},"categories":[],"tags":[56,37,29],"class_list":["post-18644","post","type-post","status-publish","format-standard","has-post-thumbnail","hentry","tag-56","tag-37","tag-fr"],"_links":{"self":[{"href":"https:\/\/tunisnews.net\/ar\/wp-json\/wp\/v2\/posts\/18644","targetHints":{"allow":["GET"]}}],"collection":[{"href":"https:\/\/tunisnews.net\/ar\/wp-json\/wp\/v2\/posts"}],"about":[{"href":"https:\/\/tunisnews.net\/ar\/wp-json\/wp\/v2\/types\/post"}],"author":[{"embeddable":true,"href":"https:\/\/tunisnews.net\/ar\/wp-json\/wp\/v2\/users\/1"}],"replies":[{"embeddable":true,"href":"https:\/\/tunisnews.net\/ar\/wp-json\/wp\/v2\/comments?post=18644"}],"version-history":[{"count":0,"href":"https:\/\/tunisnews.net\/ar\/wp-json\/wp\/v2\/posts\/18644\/revisions"}],"wp:featuredmedia":[{"embeddable":true,"href":"https:\/\/tunisnews.net\/ar\/wp-json\/wp\/v2\/media\/22040"}],"wp:attachment":[{"href":"https:\/\/tunisnews.net\/ar\/wp-json\/wp\/v2\/media?parent=18644"}],"wp:term":[{"taxonomy":"category","embeddable":true,"href":"https:\/\/tunisnews.net\/ar\/wp-json\/wp\/v2\/categories?post=18644"},{"taxonomy":"post_tag","embeddable":true,"href":"https:\/\/tunisnews.net\/ar\/wp-json\/wp\/v2\/tags?post=18644"}],"curies":[{"name":"wp","href":"https:\/\/api.w.org\/{rel}","templated":true}]}}