{"id":18633,"date":"2006-07-27T00:00:00","date_gmt":"2006-07-27T00:00:00","guid":{"rendered":"https:\/\/tunisnews.net\/27-juillet-2006\/"},"modified":"2006-07-27T00:00:00","modified_gmt":"2006-07-27T00:00:00","slug":"27-juillet-2006","status":"publish","type":"post","link":"https:\/\/tunisnews.net\/ar\/27-juillet-2006\/","title":{"rendered":"27 juillet 2006"},"content":{"rendered":"<p><html><head><meta content=\"text\/html\" description=\"L\u2019association de Lutte contre la Torture en Tunisie ( ALTT ) \n      informe, une fois encore,\u00a0 l\u2019opinion nationale et internationale que les \n      conditions de s\u00e9jour dans les prisons tunisiennes ne cessent de se \n      d\u00e9t\u00e9riorer. \" http-equiv=\"Content-Type\"\/><\/head><body><body style=\"text-align: justify\"><\/p>\n<p align=\"center\"><b><a href=\"25juin06a.htm\"><span>Home<\/span><span lang=\"FR-CH\"> &#8211; Accueil <\/span><span>&#8211; <\/span><span dir=\"rtl\" lang=\"AR-SA\">\u0627\u0644\u0631\u0626\u064a\u0633\u064a\u0629<\/span><\/a><\/b><\/p>\n<div> <font face=\"Arial\" size=\"2\"> <\/p>\n<div>\n<div>\n<table border=\"1\" width=\"100%\">\n<tr>\n<td bgcolor=\"#efefef\" width=\"100%\"> <span lang=\"AR-SA\"> <\/p>\n<div align=\"left\">  <\/div>\n<div> <span lang=\"FR\"> <\/p>\n<div align=\"center\" dir=\"ltr\"> <font size=\"2\"><font face=\"Arial\"> <span lang=\"SV\"> <strong>TUNISNEWS<\/strong><\/span> <\/font><\/font> <\/div>\n<div align=\"center\" dir=\"ltr\"> <strong><font size=\"2\"><font face=\"Arial\">              7\u00a0\u00e8me\u00a0ann\u00e9e, <span lang=\"FR\">N\u00b0\u00a02257 du 27.07.2006<\/span><\/font><\/font><\/strong><\/div>\n<div align=\"center\" dir=\"ltr\"> <strong> <\/p>\n<div align=\"center\"> <b><span><blink> <font face=\"Arial\" size=\"2\">\u00a0archives : <\/font> <a href=\"http:\/\/www.tunisnews.net\/\" target=\"_blank\" rel=\"noopener\"> <font face=\"Arial\" size=\"2\" target=\"_blank\">                www.tunisnews.net<\/font><\/a><\/blink><\/span><\/b><font face=\"Arial\" size=\"2\"> <\/font> <\/div>\n<p> <\/strong><\/div>\n<p> <\/span><\/div>\n<div align=\"left\" dir=\"ltr\"> <font face=\"Arial\" size=\"2\"> <\/p>\n<hr noshade=\"\" size=\"8\"\/><\/font> <\/div>\n<div align=\"left\" dir=\"ltr\"> <font face=\"Arial\" size=\"2\"><strong><\/p>\n<p><font> <\/p>\n<div>\n<p> <span lang=\"FR\">              ALTT: <\/span><font><span lang=\"FR\"> <\/p>\n<h2 style=\"color: red;\"><font>Condition des prisonniers &#8211; Absence de               soins\u00a0 et mauvais traitements<\/font><\/h2>\n<p><\/span>               AP: Gr\u00e8ves de la faim en s\u00e9rie dans les prisons tunisiennes, selon               une association               <\/p>\n<p><font>Le Monde: Le tribunal administratif rejette               le r\u00e9f\u00e9r\u00e9-libert\u00e9 d&rsquo;un Tunisien menac\u00e9 d&rsquo;expulsion<\/font><\/p>\n<p>               Jeune Afrique: Pouss\u00e9e de fi\u00e8vre \u00e0 l\u2019Utica               <\/font>Jeune Afrique: Une Star Ac\u2019 made in Maghreb               <font>Ashraf Zayd: Rien Ne Bouge Dans Le Royaume               De L\u2019ennui, R\u00e9ponse \u00e0 Asdrubal<\/font><\/p>\n<\/div>\n<div>              Tunis Hebdo : Mariah Carey: Tout y \u00e9tait, et pourtant\u2026<\/div>\n<p> <\/font><\/p>\n<p><\/strong><\/font> <\/div>\n<p> <\/span><\/td>\n<\/tr>\n<\/table><\/div>\n<div> <font face=\"Arial\" size=\"2\"><\/font>\u00a0<\/div>\n<div align=\"center\">      \u00a0<font><a href=\"http:\/\/www.nawaat.org\/forums\/index.php?showtopic=11741\" target=\"_blank\" rel=\"noopener\"><strong>Cliquez       ici<\/strong><\/a><strong> pour acc\u00e9der au reportage exceptionnel de l&rsquo;AISPP       sur la catastrophe humanitaire       des prisonniers politiques Tunisiens<\/strong>\u00a0\u00a0\u00a0<\/font>\u00a0 <\/p>\n<hr\/><\/div>\n<\/p><\/div>\n<div>\n<div align=\"center\"> <strong><font><font>ASSOCIATION DE LUTTE       CONTRE LA TORTURE EN TUNISIE<\/font> <\/font><\/strong> <strong><\/p>\n<h2 style=\"color: red;\"><font size=\"3\">CONDITION DES PRISONNIERS :        ABSENCE DE SOINS\u00a0 ET MAUVAIS TRAITEMENTS<\/font><\/h2>\n<p><\/strong><\/div>\n<div align=\"justify\"> <strong>L\u2019association de Lutte contre la Torture en Tunisie ( ALTT )       informe, une fois encore,\u00a0 l\u2019opinion nationale et internationale que les       conditions de s\u00e9jour dans les prisons tunisiennes ne cessent de se       d\u00e9t\u00e9riorer.        <\/strong>       Dans ce contexte :               La famille de <strong><font>M. Abderrahmane TLILI<\/font><\/strong>,       64 ans, ex secr\u00e9taire g\u00e9n\u00e9ral du Parti Unioniste D\u00e9mocratique et candidat       aux \u00e9lections pr\u00e9sidentielles de 1999, m\u00e8ne, depuis le 6 juillet 2006, une       gr\u00e8ve de la faim. En agissant ainsi, il entend protester, lui qui est       diab\u00e9tique, contre la situation dramatique o\u00f9 il se trouve, priv\u00e9 des       soins qui auraient pu lui \u00eatre prodigu\u00e9s, si on avait accept\u00e9 de le       transporter dans les h\u00f4pitaux, aupr\u00e8s de\u00a0 m\u00e9decins sp\u00e9cialistes. Son \u00e9tat       de sant\u00e9, suite \u00e0 la gr\u00e8ve de la faim qu\u2019il continue \u00e0 mener, inqui\u00e8te       s\u00e9rieusement sa famille qui constate que ses pieds sont enfl\u00e9s, qu\u2019il ne       tient plus sur ses jambes, que son \u00e9locution est de plus en plus       d\u00e9fectueuse et qu\u2019il a perdu 20 kg. Mais, le plus grave est qu\u2019il a       interrompu, du fait qu\u2019il ne mange plus, l\u2019usage des m\u00e9dicaments,       prescrits par ses m\u00e9decins traitants depuis bien avant son arrestation, et       qu\u2019il n\u2019a jamais cess\u00e9 de prendre jusqu\u2019ici. L\u2019attitude des autorit\u00e9s est,       \u00e0 ce sujet, d\u2019autant plus inacceptable que la famille Tlili n\u2019a cess\u00e9 de       leur \u00e9crire pour attirer leur attention sur les dangers encourus par leur       fils, allant jusqu\u2019\u00e0 se dire pr\u00eate \u00e0 financer les soins r\u00e9clam\u00e9s.               L\u2019\u00e9tat de sant\u00e9 de <strong><font>M. Mohamed Ben Ayed EL       AKROUT<\/font><\/strong>,\u00a0 54 ans, condamn\u00e9 \u00e0 la prion \u00e0 vie avant de       b\u00e9n\u00e9ficier d\u2019une r\u00e9duction de peine qui l\u2019a ramen\u00e9e \u00e0 18 ans,\u00a0 par le       Tribunal militaire, en 1992, pour appartenance au Mouvement Ennahdha, est,       d\u2019apr\u00e8s sa famille, d\u2019une gravit\u00e9 extr\u00eame. En effet, ce prisonnier       politique m\u00e8ne, depuis le 6 juin 2006, une gr\u00e8ve de la faim, en guise de       protestation contre le refus qui lui est constamment oppos\u00e9 de b\u00e9n\u00e9ficier       des soins n\u00e9cessit\u00e9s par son \u00e9tat de sant\u00e9. Or, M. Al Akrout\u00a0 souffre de       probl\u00e8mes au niveau du coeur, de la poitrine et de la bouche o\u00f9 un dentier       mal mont\u00e9, ne cesse de lui occasionner des saignements. Lors de la       derni\u00e8re visite que sa famille lui a rendue, il pouvait \u00e0 peine rester       debout. Depuis, sa famille est interdite de visite et ignore, par       cons\u00e9quent, ce qu\u2019il est advenu de lui.               La famille de <strong><font>M. Zyed FAKRAOUI<\/font><\/strong>       nous informe, quant \u00e0 elle, que ce jeune prisonnier, impliqu\u00e9 dans une       affaire de \u00ab terrorisme \u00bb, et d\u00e9tenu dans la prison de Borj El Amri, \u00e0 30       kms de Tunis, a fait l\u2019objet d\u2019une agression physique de la part du       gardien Khaled Essafi. Il se trouve aujourd\u2019hui confin\u00e9 dans une cellule       o\u00f9 sont entass\u00e9s des prisonniers atteints de la gale et ne peut recevoir       son avocat en t\u00eate-\u00e0-t\u00eate. Depuis le 5 juillet 2006,\u00a0 M. Fakraoui continue       sa gr\u00e8ve de la faim dans le but de d\u00e9noncer aussi bien son incarc\u00e9ration       que\u00a0 les effets des conditions de d\u00e9tention ill\u00e9gales\u00a0 et inhumaines sur       sa sant\u00e9. D\u2019un autre c\u00f4t\u00e9, sa famille s\u2019est vu refuser, \u00e0 plusieurs       reprises, le droit de visite.\u00a0               <strong><font>M. Ali Ramzi BETTIBI<\/font><\/strong>, 30       ans, condamn\u00e9 \u00e0 4 ans de prison pour un \u00ab crime \u00bb ayant un rapport avec       l\u2019usage d\u2019Internet,\u00a0 vient d\u2019\u00eatre transf\u00e9r\u00e9 dans la prison de Bizerte.       Alors qu\u2019il informait sa famille, qui lui rendait visite, le 13 juillet       06, des mauvais traitements dont il faisait l\u2019objet, il a \u00e9t\u00e9 physiquement       agress\u00e9 par les gardiens. Son fr\u00e8re n\u2019a pas \u00e9t\u00e9 \u00e9pargn\u00e9 : violemment       pouss\u00e9 hors de la pi\u00e8ce r\u00e9serv\u00e9e aux visites des parents, il a \u00e9t\u00e9 agress\u00e9       et publiquement humili\u00e9 par les gardiens.               Quant \u00e0 <strong><font>M. Abdellatif Bouhajila<\/font><\/strong>       qui purge une peine de 11 ans \u00e0 la prison civile de Tunis pour       appartenance au groupe islamiste Al An\u00e7ar, il est priv\u00e9 du droit de       recevoir sa famille depuis 3 semaines. Il est \u00e0 rappeler qu\u2019il a \u00e9t\u00e9, \u00e0       plusieurs reprises, priv\u00e9 de ce droit, par mesure de repr\u00e9sailles, chaque       fois qu\u2019il a os\u00e9 r\u00e9clamer ses droits. Sa situation est aggrav\u00e9e par le       fait qu\u2019il souffre d\u2019asthme et de maladies ayant rapport avec le c\u0153ur et       les reins, sans pouvoir b\u00e9n\u00e9ficier des soins n\u00e9cessit\u00e9s par son \u00e9tat de       sant\u00e9 d\u00e9fectueux. On comprend, alors, qu\u2019il ait recouru tant de fois \u00e0 la       seule arme qui lui restait, la gr\u00e8ve de la faim. L\u2019une d\u2019elles, qui a dur\u00e9       3 mois, a failli lui co\u00fbter la vie. Pour comprendre la profonde d\u00e9tresse       de ce prisonnier politique, il suffirait de savoir qu\u2019il a totalis\u00e9,       depuis son incarc\u00e9ration, en 1997, pas moins de 1000 jours de gr\u00e8ve de la       faim\u2026              Ce n\u2019est l\u00e0 qu\u2019un \u00e9chantillon des mauvais traitements auxquels sont       expos\u00e9s les prisonniers politiques en Tunisie, depuis la phase de       d\u00e9tention pr\u00e9ventive et tout au long de la vie en prison : atteintes \u00e0       leur int\u00e9grit\u00e9 physique et morale et privation des droits \u00e9l\u00e9mentaires.       Tout ceci, alors que les responsables de ces actes \u00e9chappent \u00e0 toute       poursuite et jouissent de l\u2019impunit\u00e9 totale.               <strong>Face \u00e0 cette situation, l\u2019ALTT :<\/strong>              1- Exige que les prisonniers politiques re\u00e7oivent enfin les soins ad\u00e9quats       auxquels ils ont droit, dans les h\u00f4pitaux, aupr\u00e8s de sp\u00e9cialistes. Tout       en\u00a0 consid\u00e9rant\u00a0 que les autorit\u00e9s responsables de l\u2019institution       p\u00e9nitentiaire sont responsables de cette situation, elle leur rappelle       qu\u2019ils ne peuvent continuer \u00e0 ignorer les droits \u00e9l\u00e9mentaires de       prisonniers que la maladie, les mauvaises\u00a0 conditions de d\u00e9tention et les       s\u00e9vices continuels exposent au danger de mort. \u00b4<\/div>\n<div align=\"justify\">             2- Ordonner une enqu\u00eate s\u00e9rieuse sur les agissements des responsables du       domaine p\u00e9nitentiaire, notamment les s\u00e9vices auxquels sont continuellement       expos\u00e9s les prisonniers politiques.    <\/div>\n<div align=\"justify\">             3- Rappelle le droit de tout prisonnier politique\u00a0 \u00e0 recevoir la visite       des membres de sa famille et de son avocat, sans pr\u00e9sence de tiers ; la       confidentialit\u00e9 des entretiens avec celui-ci \u00e9tant un droit inali\u00e9nable.\u00a0                    Tunis, le 25 juin 2006       <strong><font>\u00a0Pour l\u2019Association :       Radhia Nasraoui, pr\u00e9sidente. <\/font><\/strong> <\/div>\n<\/p><\/div>\n<div>\n<hr\/><\/div>\n<div>    \u00a0<\/div>\n<div>\n<p align=\"center\"> <b><span lang=\"FR-CH\"><font size=\"3\">    Gr\u00e8ves de la faim en s\u00e9rie dans les prisons tunisiennes, selon une     association<\/font><\/span><\/b><\/p>\n<p> <span lang=\"FR-CH\">\u00a0<\/span><\/p>\n<p> <span lang=\"FR-CH\">Associated     Press, le 27.07.06 \u00e0 19h54<\/span><\/p>\n<p> <span lang=\"FR-CH\">\u00a0<\/span><\/p>\n<p> <span lang=\"FR-CH\">TUNIS (AP) &#8212;     Plusieurs d\u00e9tenus, dont un opposant et un islamiste, observent depuis des     semaines une gr\u00e8ve de la faim pour protester contre leurs conditions de     d\u00e9tention, selon un communiqu\u00e9 diffus\u00e9 jeudi par l&rsquo;Association tunisienne de     lutte contre la torture (ATLT, non reconnue).<\/span><\/p>\n<p> <span lang=\"FR-CH\">\u00a0<\/span><\/p>\n<p> <span lang=\"FR-CH\">Se r\u00e9f\u00e9rant     aux t\u00e9moignages des familles des prisonniers, l&rsquo;association cite le cas de     l&rsquo;opposant et ex-PDG de l&rsquo;Office de l&rsquo;aviation civile et des a\u00e9roports, <b> <span>Abderrahmane Tlili.<\/span><\/b><\/span><\/p>\n<p> <span lang=\"FR-CH\">\u00a0<\/span><\/p>\n<p> <span lang=\"FR-CH\">Diab\u00e9tique,     cet ancien candidat \u00e0 l&rsquo;\u00e9lection pr\u00e9sidentielle de 1999 est en gr\u00e8ve depuis     le 6 juillet \u00ab\u00a0en protestation contre la privation de soins m\u00e9dicaux\u00a0\u00bb, selon     le communiqu\u00e9 qui fait \u00e9tat de \u00ab\u00a0l&rsquo;aggravation\u00a0\u00bb de son \u00e9tat de sant\u00e9.<\/span><\/p>\n<p> <span lang=\"FR-CH\">\u00a0<\/span><\/p>\n<p> <span lang=\"FR-CH\">Les autorit\u00e9s     tunisiennes assurent cependant que M. Tlili \u00ab\u00a0b\u00e9n\u00e9ficie durant son s\u00e9jour en     prison des soins et des m\u00e9dicaments n\u00e9cessaires prescrits par les m\u00e9decins     de l&rsquo;unit\u00e9 p\u00e9nitentiaire et ses m\u00e9decins priv\u00e9s\u00a0\u00bb.<\/span><\/p>\n<p> <span lang=\"FR-CH\">\u00a0<\/span><\/p>\n<p> <span lang=\"FR-CH\">Ag\u00e9 de 64     ans, M. Tlili a \u00e9t\u00e9 condamn\u00e9 en juin 2004 \u00e0 neuf ans de prison pour \u00ab\u00a0abus de     pouvoir, profit illicite et non d\u00e9claration de biens acquis \u00e0 l&rsquo;\u00e9tranger\u00a0\u00bb.<\/span><\/p>\n<p> <span lang=\"FR-CH\">\u00a0<\/span><\/p>\n<p> <span lang=\"FR-CH\">L&rsquo;association     qualifie par ailleurs de \u00ab\u00a0tr\u00e8s grave\u00a0\u00bb l&rsquo;\u00e9tat d&rsquo;un autre d\u00e9tenu <b> <span>Mohamed Akrout (54 ans)<\/span><\/b> qui purge     depuis 1992 une condamnation d&#8217;emprisonnement \u00e0 perp\u00e9tuit\u00e9, commu\u00e9e \u00e0 18 ans     d&rsquo;incarc\u00e9ration, pour des d\u00e9lits li\u00e9s \u00e0 son appartenance au mouvement     islamiste interdit \u00ab\u00a0Ennahdha\u00a0\u00bb.<\/span><\/p>\n<p> <span lang=\"FR-CH\">\u00a0<\/span><\/p>\n<p> <span lang=\"FR-CH\">Selon sa     famille, il a cess\u00e9 de se nourrir depuis le 6 juin dernier pour protester     contre \u00ab\u00a0le refus de l&rsquo;administration p\u00e9nitentiaire de lui assurer des soins     s\u00e9rieux\u00a0\u00bb. Outre des douleurs \u00e0 la poitrine, il souffre de cholest\u00e9rol et de     probl\u00e8mes dentaires qui lui occasionnent des saignements continus, d&rsquo;apr\u00e8s     ses proches.<\/span><\/p>\n<p> <span lang=\"FR-CH\">\u00a0<\/span><\/p>\n<p> <span lang=\"FR-CH\">L&rsquo;ATLT, que     pr\u00e9side l&rsquo;avocate Radhia Nasraoui, \u00e9num\u00e8re d&rsquo;autres cas de d\u00e9tenus en gr\u00e8ve     de la faim suite notamment \u00e0 des \u00ab\u00a0agressions physiques\u00a0\u00bb dont ils se disent     avoir \u00e9t\u00e9 victimes de la part d&rsquo;agents p\u00e9nitentiaires.<\/span><\/p>\n<p> <span lang=\"FR-CH\">\u00a0<\/span><\/p>\n<p> <span lang=\"FR-CH\">Elle cite     deux jeunes condamn\u00e9s pour des \u00ab\u00a0d\u00e9lits \u00e0 caract\u00e8re terroriste\u00a0\u00bb, <b> <span>Ziad Fakraoui et Ali Ramzi Bettibi, ainsi que     l&rsquo;islamiste Abdellatif Bouhajila<\/span><\/b> \u00ab\u00a0priv\u00e9 de visite familiale     depuis trois semaines\u00a0\u00bb. <\/span><\/p>\n<p> <span lang=\"FR-CH\">\u00a0<\/span><\/p>\n<p><b> <span lang=\"FR-CH\">Associated     Press <\/span><\/b><\/p>\n<hr\/>\n<p>\u00a0<\/p>\n<p> <span dir=\"rtl\" lang=\"AR-SA\">\u00a0<\/span><\/p>\n<p align=\"center\"> <b><span lang=\"FR-CH\"><font size=\"3\">    Le tribunal administratif rejette le r\u00e9f\u00e9r\u00e9-libert\u00e9 d&rsquo;un Tunisien menac\u00e9     d&rsquo;expulsion<\/font><\/span><\/b><\/p>\n<p><b> <span lang=\"FR-CH\">    Laetitia Van Eeckhout<\/span><\/b><\/p>\n<p><b> <span lang=\"FR-CH\"><font size=\"3\">\u00a0<\/font><\/span><\/b><\/p>\n<p> <span lang=\"FR-CH\">Le tribunal     administratif de Paris a rejet\u00e9, mercredi 26 juillet, la requ\u00eate en     r\u00e9f\u00e9r\u00e9-libert\u00e9 d\u00e9pos\u00e9e contre l&rsquo;expulsion <b><span>    d&rsquo;Adel Tebourski<\/span><\/b>, qui vient de purger une peine de cinq ans de     prison pour avoir apport\u00e9 de l&rsquo;aide aux assassins du commandant Massoud, tu\u00e9     le 9 septembre 2001 en Afghanistan.<\/span><\/p>\n<p> <span lang=\"FR-CH\">\u00a0<\/span><\/p>\n<p> <span lang=\"FR-CH\">Apr\u00e8s quatre     ans de d\u00e9tention provisoire, Adel Tebourski, Fran\u00e7ais d&rsquo;origine tunisienne,     a \u00e9t\u00e9 condamn\u00e9, en mai 2005, \u00e0 six ans d&#8217;emprisonnement pour \u00ab\u00a0association de     malfaiteurs li\u00e9e \u00e0 une entreprise terroriste\u00a0\u00bb.<\/span><\/p>\n<p> <span lang=\"FR-CH\">\u00a0<\/span><\/p>\n<p> <span lang=\"FR-CH\">B\u00e9n\u00e9ficiant     d&rsquo;une remise de peine, il est sorti de prison, samedi 22 juillet, mais, a     aussit\u00f4t \u00e9t\u00e9 d\u00e9chu de la nationalit\u00e9 fran\u00e7aise et envoy\u00e9, en vertu d&rsquo;un     arr\u00eat\u00e9 minist\u00e9riel d&rsquo;expulsion en \u00ab\u00a0urgence absolue\u00a0\u00bb, au centre de r\u00e9tention     du Mesnil-Amelot.<\/span><\/p>\n<p> <span lang=\"FR-CH\">\u00a0<\/span><\/p>\n<p> <span lang=\"FR-CH\">Mercredi,     devant le juge des r\u00e9f\u00e9r\u00e9s, ses avocats ont contest\u00e9 ce caract\u00e8re d'\u00a0\u00bburgence     absolue\u00a0\u00bb, qui emp\u00eache Adel Tebourski de b\u00e9n\u00e9ficier \u00ab\u00a0des d\u00e9lais de recours     normaux\u00a0\u00bb.<\/span><\/p>\n<p> <span lang=\"FR-CH\">\u00a0<\/span><\/p>\n<p> <span lang=\"FR-CH\">Le minist\u00e8re     de l&rsquo;int\u00e9rieur a pour sa part justifi\u00e9 sa d\u00e9cision par la gravit\u00e9 des faits     pour lesquels Adel Tebourski a \u00e9t\u00e9 condamn\u00e9.<\/span><\/p>\n<p> <span lang=\"FR-CH\">\u00a0<\/span><\/p>\n<p> <span lang=\"FR-CH\">Le tribunal     administratif doit encore se prononcer sur un r\u00e9f\u00e9r\u00e9-suspension, dans     \u00ab\u00a0l&rsquo;int\u00e9r\u00eat de (l&rsquo;) enfant\u00a0\u00bb de 10 ans d&rsquo;Adel Tebourski, ainsi qu&rsquo;en raison     des \u00ab\u00a0traitements inhumains et d\u00e9gradants\u00a0\u00bb qu&rsquo;il encourt, selon ses avocats,     s&rsquo;il est renvoy\u00e9 en Tunisie.<\/span><\/p>\n<p> <span lang=\"FR-CH\">\u00a0<\/span><\/p>\n<p> <span lang=\"FR-CH\">Mais, Adel     Tebourski risque d&rsquo;\u00eatre expuls\u00e9 avant que le tribunal ne se prononce, un     recours contre un arr\u00eat\u00e9 d&rsquo;expulsion n&rsquo;ayant pas de caract\u00e8re suspensif.<\/span><\/p>\n<p> <span lang=\"FR-CH\">\u00a0<\/span><\/p>\n<p> <span lang=\"FR-CH\">Mobilis\u00e9es     pour emp\u00eacher l&rsquo;expulsion, la Cimade et l&rsquo;Association chr\u00e9tienne pour     l&rsquo;abolition de la torture (ACAT) ont saisi, mardi, le Comit\u00e9 contre la     torture du Haut Commissariat aux droits de l&rsquo;homme des Nations unies, pour     qu&rsquo;il demande au gouvernement fran\u00e7ais de \u00ab\u00a0suspendre l&rsquo;arr\u00eat\u00e9 d&rsquo;expulsion     jusqu&rsquo;\u00e0 d\u00e9cision sur le fond de l&rsquo;affaire\u00a0\u00bb.<\/span><\/p>\n<p> <span lang=\"FR-CH\">\u00a0<\/span><\/p>\n<p> <span lang=\"FR-CH\">\u00ab\u00a0Cet arr\u00eat\u00e9     d&rsquo;expulsion dont M. Tebourski fait l&rsquo;objet constitue un risque de pr\u00e9judice     irr\u00e9parable\u00a0\u00bb, rel\u00e8vent les deux associations. Car, insistent-elles, \u00ab\u00a0M.     Tebourski risque de se voir \u00e0 nouveau condamn\u00e9 et emprisonn\u00e9 en raison des     m\u00eames actes pour lesquels il a purg\u00e9 une peine en France. (Or) la pratique     de la torture par les services du minist\u00e8re de l&rsquo;int\u00e9rieur (tunisien) est     courante.\u00a0\u00bb<\/span><\/p>\n<p> <span lang=\"FR-CH\">\u00a0<\/span><\/p>\n<p><b> <span lang=\"FR-CH\">    (Source\u00a0: \u00ab\u00a0Le Monde\u00a0\u00bb du 28 juillet 2006) <\/span><\/b><\/p>\n<hr\/>\n<p><b> <span dir=\"rtl\" lang=\"AR-SA\"> <font size=\"3\">\u00a0<\/font><\/span><\/b><\/p>\n<p align=\"center\"> <b><span lang=\"FR\"><font size=\"3\">    Pouss\u00e9e de fi\u00e8vre \u00e0 l\u2019Utica<\/font><\/span><\/b><\/p>\n<p><b> <span lang=\"FR\">par     RIDHA K\u00c9FI <\/span><\/b><\/p>\n<p> <span lang=\"FR\">\u00a0<\/span><\/p>\n<p><b> <span lang=\"FR\">Le syndicat     patronal pr\u00e9pare son prochain congr\u00e8s, au mois de novembre. Dans une     conjoncture difficile et sur fond de dissensions internes.<\/span><\/b><\/p>\n<p> <span lang=\"FR\">\u00a0<\/span><\/p>\n<p> <span lang=\"FR\">Interrog\u00e9 en     1995 par Jeune Afrique sur son \u00e9ventuelle candidature \u00e0 un troisi\u00e8me mandat     \u00e0 la t\u00eate de l\u2019Union tunisienne de l\u2019industrie, du commerce et de     l\u2019artisanat (Utica, syndicat patronal), H\u00e9di Djilani, son pr\u00e9sident,     affirmait : \u00ab [Ce bail] prendra fin en l\u2019an 2000. Ce sera le dernier. \u00bb    <\/span><\/p>\n<p> <span lang=\"FR\">\u00a0<\/span><\/p>\n<p> <span lang=\"FR\">Avant     d\u2019expliquer : \u00ab J\u2019aurai consacr\u00e9 douze des plus belles ann\u00e9es de ma vie \u00e0     l\u2019Utica. Je ne le regrette pas, mais j\u2019estime lui avoir assez donn\u00e9. Et puis     il y aura des jeunes qui voudront, l\u00e9gitimement, prendre la rel\u00e8ve. Mon     souhait est qu\u2019il y ait beaucoup de candidats d\u00e9sireux de prendre ma place.     \u00bb <\/span><\/p>\n<p> <span lang=\"FR\">\u00a0<\/span><\/p>\n<p> <span lang=\"FR\">Onze ans plus     tard &#8211; et dix-huit apr\u00e8s son accession \u00e0 la t\u00eate du patronat tunisien -, cet     homme du s\u00e9rail, qui a fait l\u2019essentiel de son parcours politique aux c\u00f4t\u00e9s     du pr\u00e9sident Ben Ali, est pourtant toujours l\u00e0, fid\u00e8le au poste. Et s\u2019il n\u2019a     pas encore officiellement annonc\u00e9 qu\u2019il briguerait un quatri\u00e8me mandat lors     du prochain congr\u00e8s de l\u2019organisation, les 21 et 22 novembre, il n\u2019en exclut     pas non plus la possibilit\u00e9\u2026 <\/span><\/p>\n<p> <span lang=\"FR\">\u00a0<\/span><\/p>\n<p> <span lang=\"FR\">\u00ab Seuls les     imb\u00e9ciles ne changent pas d\u2019avis \u00bb, dit l\u2019adage. Djilani se l\u2019est appropri\u00e9     sans complexe. Intelligent et excellent communicant, l\u2019homme sait entretenir     l\u2019ambigu\u00eft\u00e9. \u00c0 une question de l\u2019hebdomadaire R\u00e9alit\u00e9s du 26 janvier 2006 \u00e0     propos de son \u00e9ventuelle succession, il r\u00e9pondait, sibyllin : \u00ab Je ne suis     pas partisan d\u2019une candidature automatique. Cela d\u00e9pendra de plusieurs     facteurs. Suis-je encore l\u2019homme de la situation ? La base se     retrouve-t-elle dans mon action ? \u00bb Si ce n\u2019est pas l\u00e0 une offre de service,     cela y ressemble beaucoup. <\/span><\/p>\n<p> <span lang=\"FR\">\u00a0<\/span><\/p>\n<p> <span lang=\"FR\">En tout cas, ses     partisans n\u2019ont pas attendu de conna\u00eetre ses v\u00e9ritables intentions pour     s\u2019activer au sein de l\u2019appareil afin de lui ouvrir la voie d\u2019un nouveau     bail, jusqu\u2019en 2011. Il n\u2019aurait alors que 63 ans. On n\u2019en est pas encore     l\u00e0\u2026 <\/span><\/p>\n<p> <span lang=\"FR\">\u00a0<\/span><\/p>\n<p> <span lang=\"FR\">Mais pour se     faire \u00ab \u00e9lire \u00bb par acclamation &#8211; comme le veut la tradition &#8211; au prochain     congr\u00e8s national par les quelque deux mille participants repr\u00e9sentant toutes     les r\u00e9gions du pays, Djilani va devoir triompher, d\u00e9mocratiquement s\u2019entend,     des r\u00e9sistances qui s\u2019expriment d\u00e9sormais ouvertement au sein de l\u2019Utica \u00e0     propos de sa ligne politique. <\/span><\/p>\n<p> <span lang=\"FR\">\u00a0<\/span><\/p>\n<p> <span lang=\"FR\">Certains lui     reprochent, notamment, son autoritarisme. \u00ab Pour disqualifier ses     adversaires, il n\u2019h\u00e9site pas \u00e0 leur coller l\u2019\u00e9tiquette d\u2019opposant au r\u00e9gime     \u00bb, d\u00e9clare Rafik Moalla, un homme d\u2019affaires de Sfax. Dans une \u00ab Lettre     ouverte \u00e0 H\u00e9di Djilani \u00bb diffus\u00e9e sur Internet, ce dernier n\u2019a pas h\u00e9sit\u00e9 \u00e0     appeler le patron des patrons \u00e0 d\u00e9missionner de ses fonctions ! \u00ab     L\u2019Histoire, l\u2019Utica et les g\u00e9n\u00e9rations futures vous seront reconnaissantes     pour ce geste courageux \u00bb (sic), \u00e9crit notamment Moalla. <\/span><\/p>\n<p> <span lang=\"FR\">\u00a0<\/span><\/p>\n<p> <span lang=\"FR\">D\u2019autres, comme     Abdelwaheb Moalla, le p\u00e8re du pr\u00e9c\u00e9dent, l\u2019accusent d\u2019\u00eatre trop consensuel     et \u00ab plus soucieux de m\u00e9nager l\u2019Union g\u00e9n\u00e9rale tunisienne du travail (UGTT),     la puissante centrale syndicale, afin de pr\u00e9server la paix sociale, que de     d\u00e9fendre les int\u00e9r\u00eats des chefs d\u2019entreprise \u00bb. Membre de la Chambre     syndicale des libraires depuis cinquante ans, Moalla p\u00e8re pr\u00e9side le groupe     Le Progr\u00e8s, sp\u00e9cialis\u00e9 dans la papeterie. L\u2019une des unit\u00e9s du groupe, la     Manufacture tunisienne d\u2019articles de classement (MTAC), dont le si\u00e8ge est \u00e0     Sfax, est occup\u00e9e par ses ouvriers depuis le 21 juin 2005. <\/span><\/p>\n<p> <span lang=\"FR\">\u00a0<\/span><\/p>\n<p> <span lang=\"FR\">Djilani devra     aussi faire face \u00e0 la fronde de certaines unions r\u00e9gionales, comme celle de     Sfax. Ici, le report sine die du seizi\u00e8me congr\u00e8s local par d\u00e9cision non     motiv\u00e9e du bureau ex\u00e9cutif de Tunis, deux jours avant la date pr\u00e9vue pour sa     tenue (le 8 juillet), est tr\u00e8s mal pass\u00e9. D\u2019autant que la d\u00e9cision est     intervenue peu de temps apr\u00e8s le limogeage de Moncef Khemakhem,     l\u2019ex-pr\u00e9sident de l\u2019Union r\u00e9gionale de l\u2019Utica \u00e0 Sfax, et le gel de toutes     ses activit\u00e9s au sein de la centrale. <\/span><\/p>\n<p> <span lang=\"FR\">\u00a0<\/span><\/p>\n<p> <span lang=\"FR\">\u00c9lu en 1995     gr\u00e2ce au soutien de Djilani, ce dernier avait affich\u00e9 de grandes ambitions     pour sa r\u00e9gion. D\u2019o\u00f9 sa popularit\u00e9 aupr\u00e8s des chefs d\u2019entreprise locaux. \u00ab     Le seul reproche que l\u2019on puisse faire \u00e0 Khemakhem, outre sa popularit\u00e9,     c\u2019est son franc-parler. En le neutralisant dans son fief, on a voulu     l\u2019emp\u00eacher d\u2019acc\u00e9der \u00e0 une responsabilit\u00e9 nationale qui lui \u00e9tait promise \u00bb,     explique un Sfaxien qui tient \u00e0 garder l\u2019anonymat. Sauf nouveau coup de     th\u00e9\u00e2tre, le congr\u00e8s de l\u2019Union r\u00e9gionale de Sfax se tiendra finalement le 26     juillet. En l\u2019absence de Khemakhem, les d\u00e9bats risquent d\u2019\u00eatre tr\u00e8s anim\u00e9s\u2026    <\/span><\/p>\n<p> <span lang=\"FR\">\u00a0<\/span><\/p>\n<p> <span lang=\"FR\">La direction de     l\u2019Utica ne sera pas pour autant au bout de ses peines. Dans les deux mois \u00e0     venir, elle devra poursuivre les pr\u00e9paratifs de la grand-messe de novembre     (\u00e9laboration des documents, logistique, relations ext\u00e9rieures, etc.) et,     auparavant, mener \u00e0 bien les quelque 1 600 congr\u00e8s des chambres syndicales     (secteurs, m\u00e9tiers), unions r\u00e9gionales et unions locales. <\/span><\/p>\n<p> <span lang=\"FR\">\u00a0<\/span><\/p>\n<p> <span lang=\"FR\">D\u00e9but juillet, 1     450 structures avaient d\u00e9j\u00e0 \u00e9t\u00e9 en partie renouvel\u00e9es. Mais les op\u00e9rations     ont souvent \u00e9t\u00e9 houleuses. De nombreuses tensions sont apparues entre les     partisans de l\u2019actuel \u00ab patron des patrons \u00bb et les tenants du     renouvellement. <\/span><\/p>\n<p> <span lang=\"FR\">\u00a0<\/span><\/p>\n<p> <span lang=\"FR\">Les participants     se sont \u00e9galement inqui\u00e9t\u00e9s de la d\u00e9t\u00e9rioration du climat des affaires et     des obstacles qui handicapent le d\u00e9veloppement des entreprises. Ils ont     \u00e9voqu\u00e9, p\u00eale-m\u00eale, l\u2019\u00e9cart de d\u00e9veloppement entre les r\u00e9gions, le manque     d\u2019infrastructures dans les zones industrielles, l\u2019opacit\u00e9 des proc\u00e9dures     d\u2019octroi des march\u00e9s publics, l\u2019interventionnisme de l\u2019\u00c9tat, le     client\u00e9lisme, les pesanteurs bureaucratiques, le manque d\u2019engagement des     banques en faveur de l\u2019investissement, la concurrence d\u00e9loyale du commerce     parall\u00e8le &#8211; presque officiellement tol\u00e9r\u00e9 -, le rench\u00e9rissement des co\u00fbts de     production et, enfin, la r\u00e9duction des marges b\u00e9n\u00e9ficiaires. <\/span><\/p>\n<p> <span lang=\"FR\">\u00a0<\/span><\/p>\n<p> <span lang=\"FR\">Des probl\u00e8mes     que l\u2019on retrouvera \u00e9videmment lors du prochain congr\u00e8s national. En plus,     bien s\u00fbr, de la conjoncture difficile, li\u00e9e \u00e0 la hausse des prix de     l\u2019\u00e9nergie et aux effets n\u00e9gatifs du d\u00e9mant\u00e8lement des accords multifibres,     qui ont mis le textile local en concurrence directe avec les produits     asiatiques sur le march\u00e9 europ\u00e9en\u2026 <\/span><\/p>\n<p> <span lang=\"FR\">\u00a0<\/span><\/p>\n<p><b> <span lang=\"FR\">    (Source\u00a0: Jeune Afrique N\u00b0 2376 du 23 au 29 juillet 2006)<\/span><\/b><\/p>\n<p> <span lang=\"FR\">\u00a0<\/span><\/p>\n<p> <span lang=\"FR\"><\/span><\/p>\n<hr\/>\n<p>\u00a0<\/p>\n<p align=\"center\"> <b><span lang=\"FR\">    TUNISIE<\/span><\/b><\/p>\n<p align=\"center\"> <b><span lang=\"FR\"><font size=\"3\">    Corbeille de mariage<\/font><\/span><\/b><\/p>\n<p> <span lang=\"FR\">\u00a0<\/span><\/p>\n<p> <span lang=\"FR\">Les avoirs en     devises de la Banque centrale de Tunisie sont pass\u00e9s de 5,229 milliards de     dinars le 16 juillet \u00e0 8,212 milliards (environ 4,9 milliards d\u2019euros) le     lendemain. <\/span><\/p>\n<p> <span lang=\"FR\">\u00a0<\/span><\/p>\n<p> <span lang=\"FR\">Cette mont\u00e9e en     fl\u00e8che s\u2019explique par l\u2019acquisition de 35 % du capital de la compagnie     nationale Tunisie Telecom, pour un montant d\u2019un peu plus de 3 milliards de     dinars, par la compagnie \u00e9miratie Tecom\/Dig. Le produit de cette     privatisation partielle devrait \u00eatre utilis\u00e9 pour rembourser, avant terme,     une partie de la dette ext\u00e9rieure du pays, et financer la r\u00e9alisation de     projets d\u2019infrastructures (autoroutes, etc.). <\/span><\/p>\n<p> <span lang=\"FR\">\u00a0<\/span><\/p>\n<p> <span lang=\"FR\">En outre, le     contrat pr\u00e9voit que Tecom\/Dig pourrait devenir majoritaire dans le capital     de Tunisie Telecom d\u2019ici \u00e0 quatre ans. Mais elle participe d\u2019ores et d\u00e9j\u00e0 \u00e0     la gestion de la compagnie puisqu\u2019elle a d\u00e9sign\u00e9 le directeur central pour     les affaires commerciales et le marketing, Mickael Foley, ainsi que le     directeur central financier, Olivier Cantagrel.<\/span><\/p>\n<p> <span lang=\"FR\">\u00a0<\/span><\/p>\n<p><b> <span lang=\"FR\">    (Source\u00a0: Jeune Afrique N\u00b0 2376 du 23 au 29 juillet 2006)<\/span><\/b><\/p>\n<p> <span lang=\"FR\">\u00a0 <\/span><\/p>\n<hr\/>\n<p>\u00a0<\/p>\n<p align=\"center\"> <b><span lang=\"FR\"><font size=\"3\">    Culture sans fronti\u00e8res<\/font><\/span><\/b><\/p>\n<p><b> <span lang=\"FR\">par     DOMINIQUE MATAILLET <\/span><\/b><\/p>\n<p> <span lang=\"FR\">\u00a0<\/span><\/p>\n<p> <span lang=\"FR\">N\u00e9 en 1932 \u00e0     Sfax, en Tunisie, H\u00e9di Bouraoui est \u00e9tabli de longue date au Canada, o\u00f9 il a     enseign\u00e9 pendant plus de trente ans \u00e0 l\u2019universit\u00e9 de York \u00e0 Toronto. <\/span> <\/p>\n<p> <span lang=\"FR\">\u00a0<\/span><\/p>\n<p> <span lang=\"FR\">Entre essais,     romans et recueils de po\u00e9sie, il est l\u2019auteur d\u2019une \u0153uvre abondante et de     tout premier plan. <\/span><\/p>\n<p> <span lang=\"FR\">\u00a0<\/span><\/p>\n<p> <span lang=\"FR\">Son dernier     livre est constitu\u00e9 d\u2019une s\u00e9rie de r\u00e9flexions sur les questions d\u2019identit\u00e9,     de race, de culture telles qu\u2019elles ont \u00e9t\u00e9 pos\u00e9es au cours des cinq     d\u00e9cennies \u00e9coul\u00e9es. <\/span><\/p>\n<p> <span lang=\"FR\">\u00a0<\/span><\/p>\n<p> <span lang=\"FR\">L\u2019ouvrage, qui     offre \u00e9galement de nombreux \u00e9clairages sur la litt\u00e9rature fran\u00e7aise du     Canada ainsi que de l\u2019ensemble du monde francophone, s\u2019est vu d\u00e9cerner le     Prix du meilleur ouvrage d\u2019\u00e9rudition par l\u2019Association des professeurs de     fran\u00e7ais des universit\u00e9s et coll\u00e8ges canadiens. <\/span><\/p>\n<p> <span lang=\"FR\">\u00a0<\/span><\/p>\n<p><b> <span lang=\"FR\">    Transpo\u00e9tique. Eloge du nomadisme, de H\u00e9di Bouraoui, \u00e9ditions M\u00e9moire     d&rsquo;encrier (Montr\u00e9al, Canada), 170 pages, 16 euros. Dominique mataillet<\/span><\/b><\/p>\n<p> <span lang=\"FR\">\u00a0<\/span><\/p>\n<p><b> <span lang=\"FR\">    (Source\u00a0: Jeune Afrique N\u00b0 2376 du 23 au 29 juillet 2006) <\/span><\/b><\/p>\n<hr\/>\n<p> <span lang=\"FR\">\u00a0<\/span><\/p>\n<p align=\"center\"> <b><span lang=\"EN-GB\"><font size=\"3\">    Une Star Ac\u2019 made in Maghreb<\/font><\/span><\/b><\/p>\n<p><b> <span lang=\"FR\">par     OLIVIA MARSAUD <\/span><\/b><\/p>\n<p> <span lang=\"FR\">\u00a0<\/span><\/p>\n<p><b> <span lang=\"FR\">Une version     nord-africaine de la c\u00e9l\u00e8bre \u00e9mission d\u00e9barquera sur les \u00e9crans en octobre.     Avec un contenu \u00ab plus familial et exclusivement maghr\u00e9bin \u00bb.<\/span><\/b><\/p>\n<p> <span lang=\"FR\">\u00a0<\/span><\/p>\n<p> <span lang=\"FR\">Vous \u00eates \u00e2g\u00e9 de     18 \u00e0 30 ans, vous avez une belle voix et l\u2019envie de devenir la nouvelle star     de la chanson nord-africaine ? Alors, vous allez pouvoir tenter votre chance     avec la Star Academy 100 % maghr\u00e9bine qui sera lanc\u00e9e \u00e0 la fin du mois     d\u2019octobre en Tunisie. Cette \u00e9mission de t\u00e9l\u00e9-r\u00e9alit\u00e9 reprend le concept de     la Star Ac\u2019 fran\u00e7aise et de sa d\u00e9clinaison libanaise, qui a fait un carton     dans le monde arabe. Elle servira de tremplin \u00e0 des jeunes talents     marocains, alg\u00e9riens, tunisiens, libyens ou fran\u00e7ais originaires de ces     quatre pays. Les castings, annonc\u00e9s dans la presse, \u00e0 la radio, sur Internet     et par la distribution de flyers sur les plages ont d\u00e9j\u00e0 commenc\u00e9 \u00e0 Tunis,     Sousse et Sfax. Ils se poursuivront jusqu\u2019\u00e0 la fin de l\u2019\u00e9t\u00e9 au Maroc, \u00e0     Casablanca, F\u00e8s et Tanger, puis en Alg\u00e9rie \u00e0 Alger, Oran et Constantine.     Rendez-vous est pris \u00e0 la rentr\u00e9e \u00e0 Paris et peut-\u00eatre en Libye, si les     pourparlers engag\u00e9s par les organisateurs se concr\u00e9tisent. <\/span><\/p>\n<p> <span lang=\"FR\">\u00a0<\/span><\/p>\n<p> <span lang=\"FR\">C\u2019est le groupe     Karoui &amp; Karoui World, actif depuis plus de quinze ans dans diverses     branches du secteur de la communication dans les trois pays du Maghreb     central, qui a rachet\u00e9 \u00e0 Endemol les droits de production de l\u2019\u00e9mission. Si     le principe de cette derni\u00e8re reste le m\u00eame &#8211; 14 \u00ab acad\u00e9miciens \u00bb habitant     sous le m\u00eame toit, film\u00e9s 24 heures sur 24, avec trois mois et demi devant     eux pour convaincre le public de leur talent -, la soci\u00e9t\u00e9 tunisienne, \u00e0 qui     l\u2019on doit la r\u00e9cente publicit\u00e9 pour l\u2019op\u00e9rateur t\u00e9l\u00e9phonique alg\u00e9rien Nedjma     mettant en sc\u00e8ne Zin\u00e9dine Zidane, annonce toutefois que sa version se     diff\u00e9renciera de ses grandes s\u0153urs fran\u00e7aise et libanaise par un contenu \u00ab     plus familial et exclusivement maghr\u00e9bin \u00bb. <\/span><\/p>\n<p> <span lang=\"FR\">\u00a0<\/span><\/p>\n<p> <span lang=\"FR\">Les stars en     herbe seront install\u00e9es \u00e0 Tunis dans un b\u00e2timent de 2 700 m2 appel\u00e9 dar (\u00ab     la maison \u00bb), o\u00f9 ils prendront des cours de chant, de danse et de pr\u00e9sence     sc\u00e9nique sous la direction de professeurs tous nord-africains. \u00ab Nous avons     re\u00e7u un formidable soutien des autorit\u00e9s tunisiennes, explique un membre de     l\u2019\u00e9quipe. Par ailleurs, nos unit\u00e9s de production au Maroc, en Alg\u00e9rie et en     Libye sont sollicit\u00e9es pour filmer nos castings et r\u00e9aliser chaque semaine     des reportages sur les familles de nos \u00e9tudiants, leurs villes d\u2019origine,     etc. L\u00e0 encore, nous avons re\u00e7u un accueil tr\u00e8s favorable de la part des     autorit\u00e9s des pays concern\u00e9s. \u00bb <\/span><\/p>\n<p> <span lang=\"FR\">\u00a0<\/span><\/p>\n<p> <span lang=\"FR\">La soci\u00e9t\u00e9 a     d\u2019ores et d\u00e9j\u00e0 annonc\u00e9 avoir recrut\u00e9 350 collaborateurs directs pour     l\u2019occasion. Chaque vendredi, un prime time de 120 minutes sera retransmis en     direct : les apprentis chanteurs devront y montrer leurs progr\u00e8s en chantant     avec des artistes internationaux. C\u2019est lors de cette \u00e9mission phare du     programme que les \u00e9l\u00e8ves seront d\u00e9partag\u00e9s\u2026 et \u00e9limin\u00e9s. Chaque semaine,     trois d\u2019entre eux seront \u00ab nomin\u00e9s \u00bb pour quitter le concours, avant que le     vote du public d\u00e9cide de leur sort. Une \u00e9mission quotidienne de     cinquante-deux minutes reprendra aussi, en diff\u00e9r\u00e9, les moments forts de la     journ\u00e9e. Outre la notori\u00e9t\u00e9, le gagnant empochera un contrat pour     enregistrer un premier album. <\/span><\/p>\n<p> <span lang=\"FR\">\u00a0<\/span><\/p>\n<p> <span lang=\"FR\">Karoui &amp; Karoui     \u00e9value son public potentiel \u00e0 100 millions de t\u00e9l\u00e9spectateurs. Ces derniers     pourront voter pour leurs candidats favoris par SMS (messages surtax\u00e9s     envoy\u00e9s depuis les mobiles). Une manne pour les organisateurs : la soci\u00e9t\u00e9     affirme avoir g\u00e9r\u00e9, \u00e0 travers sa plate-forme interactive mise en place pour     la derni\u00e8re Star Ac\u2019 libanaise, un trafic de \u00ab plus de 7 millions de votes     via SMS et IVR (serveur vocal interactif) \u00bb. <\/span><\/p>\n<p> <span lang=\"FR\">\u00a0<\/span><\/p>\n<p> <span lang=\"FR\">Lors de la     saison 2005-2006, les Alg\u00e9riens ont ainsi sauv\u00e9 par deux fois de     l\u2019\u00e9limination leur compatriote Rym Ghazali, en multipliant les votes en sa     faveur. \u00ab Rym a comptabilis\u00e9 500 000 SMS uniquement en provenance d\u2019Alg\u00e9rie     \u00bb, expliquait en f\u00e9vrier dernier \u00e0 Jeune Afrique le responsable de Jeutel,     une soci\u00e9t\u00e9 priv\u00e9e sp\u00e9cialis\u00e9e dans la promotion des \u00e9missions de     t\u00e9l\u00e9vision. <\/span><\/p>\n<p> <span lang=\"FR\">\u00a0<\/span><\/p>\n<p> <span lang=\"FR\">Rebaptis\u00e9e Al     Academia au Liban, la version arabe de la Star Ac\u2019, lanc\u00e9e par la cha\u00eene     libanaise LBC (Lebanese Broadcasting Corporation), faisait participer des     jeunes de Tunisie, d\u2019Alg\u00e9rie, d\u2019Arabie saoudite, de Jordanie, du Kowe\u00eft,     d\u2019\u00c9gypte et du Liban. Elle a battu des records d\u2019audience et d\u00e9cha\u00een\u00e9 les     passions dans le monde arabe. Les parts de march\u00e9 de l\u2019\u00e9mission sur les     15-25 ans ont, en effet, flirt\u00e9 avec les 80 % <\/span><\/p>\n<p> <span lang=\"FR\">\u00a0<\/span><\/p>\n<p> <span lang=\"FR\">Pour autant, le     programme ne compte pas que des fans. Dans diff\u00e9rents pays, des voix &#8211;     religieuses surtout &#8211; se sont \u00e9lev\u00e9es pour d\u00e9noncer les tenues     vestimentaires l\u00e9g\u00e8res des filles, les discussions frivoles entre les     \u00e9l\u00e8ves, leurs comportements jug\u00e9s ind\u00e9cents ou tout simplement la mixit\u00e9 \u00e0     l\u2019int\u00e9rieur du \u00ab ch\u00e2teau \u00bb. En f\u00e9vrier dernier, sous la pression des     islamistes qui trouvaient que le programme incitait \u00e0 la d\u00e9bauche,     l\u2019\u00e9mission a \u00e9t\u00e9 retir\u00e9e de la t\u00e9l\u00e9vision nationale alg\u00e9rienne ENTV, deux     mois apr\u00e8s son lancement. Sans grand effet pourtant : les t\u00e9l\u00e9spectateurs     passionn\u00e9s par \u00ab la vie au ch\u00e2teau \u00bb se sont aussit\u00f4t report\u00e9s sur les     cha\u00eenes satellitaires\u2026 <\/span><\/p>\n<p> <span lang=\"FR\">\u00a0<\/span><\/p>\n<p> <span lang=\"FR\">Soucieux de ne     pas faire rena\u00eetre la pol\u00e9mique, Karoui &amp; Karoui indique ne pas envisager \u00ab     une diffusion sur les cha\u00eenes hertziennes nationales \u00bb. Avant d\u2019enfoncer le     clou : \u00ab Dans la mesure o\u00f9 notre \u00e9mission sera suivie par des millions de     t\u00e9l\u00e9spectateurs, il est tr\u00e8s clair qu\u2019il s\u2019agira d\u2019un programme familial, o\u00f9     nos valeurs et notre culture seront toujours pr\u00e9sentes. Nos \u00e9tudiants seront     par ailleurs suivis par une directrice logeant sur place. Enfin, au Maghreb,     nos enfants apprennent \u00e0 vivre dans la mixit\u00e9 d\u00e8s leur plus jeune \u00e2ge, sans     aucun probl\u00e8me. C\u2019est une habitude pour nous, avec des codes et des     barri\u00e8res invisibles que personne ne franchit. \u00bb <\/span><\/p>\n<p> <span lang=\"FR\">\u00a0<\/span><\/p>\n<p> <span lang=\"FR\">Le groupe     tunisien a d\u2019ores et d\u00e9j\u00e0 pr\u00e9vu de diffuser l\u2019\u00e9mission sur une \u00ab nouvelle     cha\u00eene priv\u00e9e g\u00e9n\u00e9raliste et de divertissement \u00bb, capt\u00e9e sur les satellites     Hot Bird et Nilesat. L\u2019un de ses collaborateurs explique : \u00ab Les jeunes     Maghr\u00e9bins aiment la chanson moyen-orientale mais ont aussi envie d\u2019entendre     les m\u00e9lodies de leurs pays. Le Maghreb est riche en genres musicaux et la     Star Academy Maghreb 1 sera l\u2019occasion de les offrir au public. Quant aux     autres t\u00e9l\u00e9spectateurs arabes, ils seront s\u00fbrement heureux de d\u00e9couvrir des     m\u00e9lodies qu\u2019ils n\u2019ont pas l\u2019habitude d\u2019entendre. La t\u00e9l\u00e9-\u00adr\u00e9alit\u00e9 au     Maghreb, m\u00eame si elle n\u2019en est qu\u2019\u00e0 ses d\u00e9buts, a le m\u00eame avenir qu\u2019en     Europe et au Moyen-Orient : des lendemains qui chantent ! \u00bb <\/span><\/p>\n<p> <span lang=\"FR\">\u00a0<\/span><\/p>\n<p> <span lang=\"FR\"> <strong>(Source\u00a0: Jeune Afrique N\u00b0 2376 du 23 au 29 juillet 2006)<\/strong><\/span><\/p>\n<p> <strong><\/strong><\/p>\n<hr\/>\n<p>\u00a0<\/p>\n<p> <font> <\/p>\n<div align=\"center\"> <b><span><font size=\"3\">Rien Ne       Bouge Dans Le Royaume De L\u2019ennui, R\u00e9ponse \u00e0 Asdrubal<o:p><\/o:p><\/font><\/span><\/b><\/div>\n<div> <b><span>Par\u00a0:       Ashraf ZAYD<o:p><\/o:p><\/span><\/b><\/div>\n<div> <span> <o:p>\u00a0<\/o:p><\/span><\/div>\n<div align=\"justify\"> <span>\u00c0 tous ceux qui croient       que la Tunisie souffre d\u2019un mal institutionnel\u2026 D\u00e9trompez-vous !<o:p><\/o:p><\/span><\/div>\n<div align=\"justify\"> <span> <o:p>\u00a0<\/o:p><\/span><\/div>\n<div align=\"justify\"> <span>Comme vous l\u2019affirmer       tr\u00e8s justement, tout a \u00e9t\u00e9 dit quant \u00e0 la nature dictatoriale,       oligarchique et mafieuse du r\u00e9gime tunisien. Les diagnostics sont rendus       et les bilans sont dress\u00e9s ; reste \u00e0 savoir comment sortir de cet \u00e9tat des       choses. Mais entre cette b\u00e9ate affirmation et \u00ab l\u2019arriv\u00e9e \u00e0 maturit\u00e9 des       conditions n\u00e9cessaires vers une transformation d\u2019envergure de la situation       politique tunisienne \u00bb puisque \u00ab de nombreux indices poussent \u00e0 croire que       nous sommes en phase de traverser ce type de p\u00e9riodes tr\u00e8s singuli\u00e8res       pr\u00e9c\u00e9dant les grands changements \u00bb se dresse un ab\u00eeme. En d\u2019autres termes,       rien n\u2019est moins \u00e9vident que ce que vous avancez ; et Dieu sait que je       suis de nature plut\u00f4t optimiste. C\u2019est qu\u2019en mati\u00e8re de grands -ou de       petits- bouleversements politiques, l\u2019on ne peut pas \u00e9riger \u00e9ternellement       nos espoirs, sur \u00ab une attitude g\u00e9n\u00e9rale d\u2019attentisme \u00bb et encore moins       sur quelques balbutiements syndicaux et associatifs, aussi courageux et       louables soient-ils. Le faire, nous condamne \u00e0 une errance absurde et sans       fin.<o:p><\/o:p><\/span><\/div>\n<div align=\"justify\"> <span> <o:p>\u00a0<\/o:p><\/span><\/div>\n<div align=\"justify\"> <span>\u00c0 vrai dire, les       v\u00e9ritables \u00ab occasions \u00bb annon\u00e7ant de grands bouleversements politiques,       sont extr\u00eamement rares dans l\u2019histoire d\u2019un peuple. Il faut qu\u2019un certain       nombre de conditions objectives se r\u00e9unissent. Autrement \u00ab dhra\u2019ek ya       \u2018allef ! \u00bb (<b><span dir=\"rtl\" lang=\"AR-SA\">\u0630\u0631\u0627\u0639\u0643 \u064a\u0627 \u0639\u0644\u0627\u0651\u0641<\/span><\/b>)       comme le dit si bien la sagesse populaire tunisienne. Je m\u2019explique : il       faut les \u00ab cr\u00e9er \u00bb, ces conditions objectives. Pour le cas de la Tunisie,       \u00ab l\u2019occasion \u00bb d\u2019un vrai bouleversement \u00ab instantan\u00e9 \u00bb, est d\u00e9j\u00e0 pass\u00e9e,       et ce depuis longtemps. Ce fut entre 1978 et 1987 ; ni avant, ni apr\u00e8s. Le       pire c\u2019est que cette \u00ab occasion \u00bb fut saisie ; et comment ? Un homme a eu,       \u00e0 ce moment-l\u00e0 &#8211; en plus de l\u2019appui ext\u00e9rieur certain (1) &#8211; la lucidit\u00e9,       l\u2019intelligence et le courage \u2013 qualit\u00e9s qui faisaient, pr\u00e9cis\u00e9ment d\u00e9faut       \u00e0 \u00ab l\u2019opposition d\u00e9mocratique \u00bb &#8211; de saisir l\u2019occasion \u00e0 la barbe et aux       moustaches de tous. La suite vous la connaissez.<o:p><\/o:p><\/span><\/div>\n<div align=\"justify\"> <span> <o:p>\u00a0<\/o:p><\/span><\/div>\n<div align=\"justify\"> <span>Vous affirmez ensuite,       que \u00ab les revendications d\u2019une d\u00e9mocratie et d\u2019un Etat de droit \u00bb sont       devenus \u00ab comble de la situation, une langue de bois verbeuse \u00bb, car       depuis plus de 20 ans \u00ab c\u2019est les m\u00eames discours et revendications \u2013 qui       ne veulent d\u2019ailleurs plus rien dire &#8211; que l\u2019on entend \u00bb. Il est donc       grand temps pour passer \u00ab au concret par des engagements \u00e9labor\u00e9s, \u00e9crits       noir sur blanc. Des engagements sur des r\u00e9formes claires qui \u00e9cartent le       doute concernant l\u2019avenir desdites institutions \u00bb. Pardonnez-moi, cher       ami, de vous dire que votre discours, aussi d\u00e9nonciateur soit-il \u00ab de la       langue de bois verbeuse \u00bb, n\u2019en constitue pas moins un pur chef-d\u2019\u0153uvre de       cette m\u00eame langue. Surtout, lorsque vous vous \u00e9talez, mais longuement, sur       des questions d\u2019ordre institutionnel.<o:p><\/o:p><\/span><\/div>\n<div align=\"justify\"> <span> <o:p>\u00a0<\/o:p><\/span><\/div>\n<div align=\"justify\"> <span>Ainsi, vous reprochez       aux \u00ab programmes parfaits \u00bb, \u00e9labor\u00e9s par \u00ab l\u2019opposition d\u00e9mocratique \u00bb       (2), de s\u2019attarder inutilement sur des d\u00e9tails sordides (les ch\u00eanes de       Tabarka, le lac Ichkel ou la sauvegarde des m\u00e9dinas\u2026) ; mais vous tombez       dans le m\u00eame panneau quand, pour \u00e9voquer \u00ab les m\u00e9canismes pr\u00e9conis\u00e9s pour       que cesse la dictature \u00bb ; vous dissertez longuement sur la r\u00e9forme du       Conseil Sup\u00e9rieur de la Magistrature, les mandats pr\u00e9sidentiels,       l\u2019\u00e9lection des wali\u2026 Pardonnez-moi de vous dire que c\u2019est quasiment du       m\u00eame ordre que de parler du lac d\u2019Ichkel ou du calibre du melon de B\u00e9ja.       Ce ne sont pas ces palabres savants et ces juridismes qui mobiliseraient       le peuple tunisien ou n\u2019importe quel peuple en vue de se d\u00e9barrasser d\u2019une       dictature. Ce sont l\u00e0 des sujets dignes d\u2019un d\u00e9bat au sein d\u2019une nouvelle       constituante (j\u2019entends post-dictature, et post-bouleversement).<o:p><\/o:p><\/span><\/div>\n<div align=\"justify\"> <span> <o:p>\u00a0<\/o:p><\/span><\/div>\n<div align=\"justify\"> <span>\u00c0 lire votre article, je       suis tent\u00e9 de croire, que le r\u00e9gime de Ben Ali a connu une certaine       d\u00e9rive, apr\u00e8s avoir suscit\u00e9 un formidable espoir. Mais que cette d\u00e9rive       est due au manque de collaboration de \u00ab l\u2019opposition d\u00e9mocratique \u00bb avec \u00ab       les enfants du syst\u00e8me \u00bb. Qui sont ces derniers ? \u00ab Des commis de l\u2019Etat,       bien form\u00e9s \u00bb, \u00ab des haut cadres de l\u2019administration et des services       publics \u00bb. Bref, des technocrates que \u00ab l\u2019opposition d\u00e9mocratique \u00bb n\u2019a       fait que \u00ab d\u00e9cevoir d\u2019une fa\u00e7on d\u00e9testable toutes les initiatives       audacieuses en n\u2019y participant pas \u00bb. Je suis curieux de savoir o\u00f9 est ce       que vous classez les Charfi, Chamari, Harmal et d\u2019autres encore : \u00ab       enfants du syst\u00e8me \u00bb ou \u00ab opposition d\u00e9mocratique \u00bb ? Ils \u00e9taient partout       n\u2019est-ce pas ? Dans une parfaite polyvalence. Et puis, Ben Ali lui-m\u00eame,       n\u2019\u00e9tait-il pas \u00ab un enfant du syst\u00e8me \u00bb bourguibien. Soyons s\u00e9rieux ; il       ne s\u2019agissait pas d\u2019une simple d\u00e9rive mais d\u2019un p\u00e9ch\u00e9 originel !<o:p><\/o:p><\/span><\/div>\n<div align=\"justify\"> <span> <o:p>\u00a0<\/o:p><\/span><\/div>\n<div align=\"justify\"> <span>Pendant que \u00ab ces       enfants du syst\u00e8me \u00bb faisaient le rafistolage juridique, que vous trouvez       si fascinant au point de pardonner les retournements de A. Amor, d\u2019autres       \u00ab enfants du syst\u00e8mes \u00bb travaillaient \u2013 et travaillent toujours &#8211; avec       acharnement et professionnalisme, arr\u00eatant, torturant et assassinant des       milliers de tunisiens. Et d\u2019autres \u00ab enfants du syst\u00e8mes \u00bb encore,       pillaient m\u00e9thodiquement \u2013 et pillent toujours &#8211; les richesses du pays.<o:p><\/o:p><\/span><\/div>\n<div align=\"justify\"> <span> <o:p>\u00a0<\/o:p><\/span><\/div>\n<div align=\"justify\"> <span>Quant \u00e0 M\u00b0 Yahyaoui, au       Dr. Marzouki, \u00e0 T. Ben Brik et \u00e0 d\u2019autres encore, je ne les consid\u00e8re pas       comme \u00ab enfants du syst\u00e8me \u00bb, et ce en d\u00e9pit de leurs statuts (Juge,       M\u00e9decin, journaliste\u2026) ; ils sont les \u00ab enfants de la Tunisie \u00bb, qui       reconna\u00eet en eux de braves gens intelligents, courageux, r\u00e9sistants et       par-dessus le march\u00e9 de bons citoyens !<o:p><\/o:p><\/span><\/div>\n<div align=\"justify\"> <span> <o:p>\u00a0<\/o:p><\/span><\/div>\n<div align=\"justify\"> <span>Vous dites que la       Tunisie (je pr\u00e9f\u00e8re dire le peuple tunisien), est \u00ab en attente d\u2019\u00eatre       mobilis\u00e9e. Elle est m\u00eame fatigu\u00e9e d\u2019attendre. Elle n\u2019aspire qu\u2019\u00e0 faire sa       \u00ab r\u00e9volution du jasmin \u00bb. (Quitte \u00e0 vous d\u00e9cevoir je vous rappelle que ce       titre si po\u00e9tique est d\u00e9j\u00e0 pris : c\u2019est l\u2019un des innombrables       qualificatifs du 7 novembre !). \u00ab Mais pour cela, encore faut-il lui       donner des gages pour qu\u2019elle sache vers o\u00f9 elle va. Que les gens (l\u00e0       aussi, je dirai, sans aucun complexe, le peuple !) sachent pr\u00e9cis\u00e9ment       pourquoi ils vont devoir descendre dans la rue\u2026 \u00bb. Mais c\u2019est pr\u00e9cis\u00e9ment       ce type de discours qui d\u00e9note une forte m\u00e9connaissance du peuple, de ses       aspirations et de sa psychologie. Vous \u00eates entrain de confondre le peuple       avec les \u00e9lites tunisiennes\u2026 ces \u00e9lites verbeuses, arrogantes,       calculatrices, m\u00e9fiantes \u00e0 l\u2019\u00e9gard des masses et coup\u00e9es d\u2019elles, car       bourgeoises de fait ou par aspiration\u2026 ces \u00e9lites de la culture et de la       politique \u00e9prouvent toujours un sentiment de grosse frayeur devant       l\u2019inconnu. Le peuple pour elle est un inconnu\u2026 la rue pour elle est un       inconnu\u2026 un bouleversement politique pour elle est un inconnu\u2026 et les       urnes sont pour elle un inconnu. Ces \u00e9lites pr\u00e9f\u00e8rent vivre dans le       confort de leurs certitudes, fussent-elles garanties par Ben Ali. Et apr\u00e8s       tout, ce dernier n\u2019est qu\u2019un pr\u00e9sident d\u2019un r\u00e9gime autoritaire ; alors que       mettre son sort entre les mains du peuple pourrait d\u00e9boucher sur une       catastrophe totalitaire !(3)<o:p><\/o:p><\/span><\/div>\n<div align=\"justify\"> <span> <o:p>\u00a0<\/o:p><\/span><\/div>\n<div align=\"justify\"> <span>Le peuple n\u2019a pas besoin       de gage pour savoir o\u00f9 il va. Je dirai m\u00eame, qu\u2019il n\u2019a pas besoin de       savoir o\u00f9 il va ; il sait tr\u00e8s bien qu\u2019il avance, et en avan\u00e7ant, il sait       pertinemment qu\u2019il s\u2019\u00e9loigne de tout ce qui faisait son malheur. Les       peuples, croyez-moi, se mobilisent plut\u00f4t contre ce dont ils veulent se       d\u00e9barrasser (la dictature, la faim, l\u2019humiliation quotidienne\u2026) que pour       ce \u00e0 quoi aspirent les \u00e9lites institutionnalis\u00e9es (\u00e9mancipation du Conseil       Sup\u00e9rieur de la Magistrature, limitation des mandats pr\u00e9sidentiels,       soumission du Pr\u00e9sident de la R\u00e9publique \u00e0 la loi comme tous les citoyens,       clarification des positions vis-\u00e0-vis de la Chambre des Conseillers,       soumission du chef de l\u2019ex\u00e9cutif \u00e0 une v\u00e9ritable responsabilit\u00e9 politique,       soumission de tous les actes r\u00e9glementaires au contr\u00f4le de la juridiction       administrative, un Conseil constitutionnel ind\u00e9pendant, l\u2019\u00e9lection des       wali par les maires et les conseillers municipaux, renforcement des       m\u00e9canismes de l\u2019immunit\u00e9 parlementaire, \u00e9quit\u00e9 dans l\u2019octroi des       fr\u00e9quences). Quel beau tapis, mais qui arrive, h\u00e9las, avant la b\u00e2tisse. La       sagesse populaire disait : \u00ab yhadhir fil hasira qbal el jami\u2019 \u00bb <b> <span dir=\"rtl\" lang=\"AR-SA\">\u064a\u062d\u0636\u0651\u0631 \u0641\u064a \u0627\u0644\u062d\u0635\u064a\u0631\u0629 \u0642\u0628\u0644 \u0627\u0644\u062c\u0627\u0645\u0639<\/span>.<\/b><o:p><\/o:p><\/span><\/div>\n<div align=\"justify\"> <span> <o:p>\u00a0<\/o:p><\/span><\/div>\n<div align=\"justify\"> <span>Et puis, ce beau       programme est-il destin\u00e9 \u00e0 \u00eatre appliqu\u00e9 par la version r\u00e9form\u00e9e du r\u00e9gime       actuel ? Ou c\u2019est pour l\u2019apr\u00e8s Ben Ali ? En tout \u00e9tat de cause, j\u2019ai       cherch\u00e9 dans l\u2019article \u00ab les m\u00e9canismes de la mis \u00e0 mort de la dictature       \u00bb, jusqu\u2019\u00e0 ce que je suis tomb\u00e9 sur la perle : \u00ab Ben Ali dispara\u00eetra t\u00f4t       ou tard \u00bb\u2026 une belle maxime qui a travers\u00e9 tout l\u2019\u00e9ventail de l\u2019opposition       tunisienne, faisant ainsi l\u2019unanimit\u00e9 et l\u2019union sacr\u00e9e, du POCT \u00e0 la       Nahdha. On continue de la sorte, \u00e0 miser sur les vicissitudes de l\u2019age ou       sur une hypoth\u00e9tique maladie, ou encore sur les possibles rayonnement du \u00ab       Nouveau Moyen-Orient \u00bb pr\u00e9conis\u00e9 par la bande \u00e0 Bush.<o:p><\/o:p><\/span><\/div>\n<div align=\"justify\"> <span> <o:p>\u00a0<\/o:p><\/span><\/div>\n<div align=\"justify\"> <span>\u00ab Ben Ali dispara\u00eetra       t\u00f4t ou tard \u00bb ! Apr\u00e8s cette sage sentence, tout est dit. \u00c0 quoi servent       alors, toute l\u2019agitation et les multiples appels \u00e0 la r\u00e9sistance et \u00e0 la       r\u00e9volte, surtout quand ils sont lanc\u00e9s de l\u2019\u00e9tranger. Il s\u2019agit-l\u00e0 d\u2019un       manque de responsabilit\u00e9, et d\u2019un esprit d\u2019aventure d\u00e9pourvu de tout       raisonnement. Ces mots ressemblent curieusement \u00e0 ceux employ\u00e9s r\u00e9cemment       par les r\u00e9gimes saoudien, jordanien et \u00e9gyptien pour qualifier la       r\u00e9sistance du Hezbollah, lequel Hezbollah a accept\u00e9 volontiers ces       accusations en revendiquant l\u2019aspect aventurier. Jadis, durant la p\u00e9riode       de la guerre froide, le monde arabe \u00e9tait divis\u00e9 entre les blocs de L\u2019Est       et de l\u2019Ouest ; aujourd\u2019hui la ligne de partage se situe entre ceux qui       raisonnent et ceux qui s\u2019aventure. Alors, vive l\u2019aventure ! Vive       l\u2019aventure !<o:p><\/o:p><\/span><\/div>\n<div align=\"justify\"> <span> <o:p>\u00a0<\/o:p><\/span><\/div>\n<div align=\"justify\"> <b> <span>      Ashraf Zayd<o:p><\/o:p><\/span><\/b><\/div>\n<div align=\"justify\"> <b> <span>      23 juillet 2006.<\/span><span><o:p><\/o:p><\/span><\/b><\/div>\n<div align=\"justify\"> <span> <o:p>\u00a0<\/o:p><\/span><\/div>\n<div align=\"justify\"> <span>(1) \u00ab Les       services du Premier Ministre \u00e0 Paris et le N. S. C. (Conseil National de       S\u00e9curit\u00e9 des U. S. A.) ont opt\u00e9 en faveur de Ben Ali, qui, de leur point       de vue, sera capable de maintenir la loi et l\u2019ordre pour permettre aussi       vite que possible une transition vers un Gouvernement d\u2019Unit\u00e9 National       lors de la disparition du Combattant Supr\u00eame.<o:p><\/o:p><\/span><\/div>\n<div align=\"justify\"> <span>(\u2026) Suivant       un rapport confidentiel du G\u00e9n\u00e9ral Vernon Walters au gouvernement f\u00e9d\u00e9ral       am\u00e9ricain \u00e0 l\u2019issue d\u2019une tourn\u00e9e en Afrique du Nord en mai dernier, le       G\u00e9n\u00e9ral Ben Ali est pr\u00e9sent\u00e9 comme \u00e9tant l\u2019homme capable de pr\u00e9parer       l\u2019av\u00e8nement d\u2019une \u00ab deuxi\u00e8me r\u00e9publique \u00bb. Cette derni\u00e8re devrait, selon       les termes m\u00eame du rapport, r\u00e9concilier les diff\u00e9rentes familles       politiques pro-occidentales existant en Tunisie.<o:p><\/o:p><\/span><\/div>\n<div align=\"justify\"> <span>Le rapport       sugg\u00e8re pour cette r\u00e9conciliation nationale les \u00e9tapes suivantes :<o:p><\/o:p><\/span><\/div>\n<div align=\"justify\"> <span>1.       Proclamation d\u2019une amnistie g\u00e9n\u00e9rale.<o:p><\/o:p><\/span><\/div>\n<div align=\"justify\"> <span>2.       Reconnaissance des formations et partis de l\u2019opposition non violente.<o:p><\/o:p><\/span><\/div>\n<div align=\"justify\"> <span>3. Le       retour des chefs de l\u2019opposition \u00e0 la vie politique (\u2026)\u00bb<o:p><\/o:p><\/span><\/div>\n<div align=\"justify\"> <span>(2) Je       n\u2019arrive pas \u00e0 comprendre la signification de l\u2019expression \u00ab opposition       d\u00e9mocratique \u00bb. Cela suppose-t-il l\u2019existence d\u2019une opposition       anti-d\u00e9mocratique ? Si oui laquelle ? \u00c0 moins que l\u2019auteur adopte la       classification, tr\u00e8s \u00e0 la mode dans les m\u00e9dias occidentaux et relay\u00e9e par       nos m\u00e9dias (y compris par de nombreux islamistes !), \u00e0 savoir l\u2019existence       d\u2019une opposition d\u00e9mocratique et d\u2019une opposition islamique !<o:p><\/o:p><\/span><\/div>\n<div align=\"justify\"> <span>(3) Voir       mon article : \u00ab Aux D\u00e9mocrates \u00e0 qui la d\u00e9mocratie fait peur \u00bb, publi\u00e9 sur      <\/span><span> <a href=\"http:\/\/www.nawaat.org\/\" target=\"_blank\" rel=\"noopener\">www.nawaat.org<\/a>.<o:p><\/o:p><\/span><\/div>\n<div align=\"justify\"> <span> <o:p>\u00a0<\/o:p><\/span><\/div>\n<div align=\"justify\"> <b><span>      (Source\u00a0: Forum \u00ab\u00a0Taht Essour\u00a0\u00bb de nawaat.org, le 27 juillet 2006 \u00e0 11h14       AM)<o:p><\/o:p><\/span><\/b><\/div>\n<div align=\"justify\"> <b><span>Lien\u00a0:<\/span><span> <a href=\"http:\/\/www.nawaat.org\/forums\/index.php?showtopic=11855\" target=\"_blank\" rel=\"noopener\">      http:\/\/www.nawaat.org\/forums\/index.php?showtopic=11855<\/a><o:p><\/o:p><\/span><\/b><\/div>\n<div> <span> <o:p>\u00a0<\/o:p><\/span> <\/p>\n<hr\/><\/div>\n<p> <\/font><\/div>\n<div>\n<div align=\"center\"> <strong><font>MARIAH CAREY       <\/font><\/p>\n<h2 style=\"color: red;\"><font size=\"3\">Tout y \u00e9tait, et pourtant\u2026<\/font><\/h2>\n<p><\/strong><\/div>\n<div align=\"justify\">             Apr\u00e8s plusieurs sp\u00e9culations sur \u00a0\u00bb viendra, viendra pas \u00ab\u00a0, les pri\u00e8res des       fans ont \u00e9t\u00e9 exhauss\u00e9es et Mariah Carey foula, enfin, le sol de la Tunisie.       Mat\u00e9riel impressionnant, jeux de lumi\u00e8re d\u00e9lirants et danseurs sautillants       : toutes les conditions \u00e9taient r\u00e9unies pour que le spectacle du samedi,       22 juillet 2006 se transforme en \u00e9v\u00e9nement qui donne le \u00a0\u00bb la \u00a0\u00bb en la       mati\u00e8re. Et pourtant\u2026              <strong><font>L\u2019attente<\/font><\/strong>              Vers le coup de 17 heures, les avenues autours de la Cit\u00e9 Sportive       d\u2019El-Menzah \u00e9taient d\u00e9j\u00e0 noires de monde. Pour le grand bonheur des       buvettes des alentours qui ont vu exploser leur chiffre d\u2019affaire.               Des sosies de Mimi, d\u2019une vingtaine d\u2019ann\u00e9es ses cadettes, ont commenc\u00e9 \u00e0       envahir gradins et pelouse. On voyait beaucoup de fillettes qui avaient       ramen\u00e9 leurs parents pour leur faire partager leur passion. Mais, \u00e0 propos       de passion, a quel point le public conna\u00eet-il son idole ?               Aussi surprenant que cela puisse para\u00eetre, qu\u2019ils soient Tunisiens,       Chinois, Belges, Fran\u00e7ais ou Saoudiens, l\u2019art de la star ne semblait pas       \u00eatre leur principale motivation pour casser la tire-lire. Ainsi, un       monsieur du plat pays s\u2019est dit attir\u00e9 surtout par les splendeurs       morphologiques de la chanteuse. Mais ne sombrons pas dans le pessimisme \u2013       beaucoup de jeunes filles se sont d\u00e9clar\u00e9es fans, m\u00eame si celles qui ont       \u00e9t\u00e9 capables de donner le titre d\u2019une chanson de Mariah \u00e9taient plut\u00f4t       rares. En tout cas, quelles que soient leurs raisons, tous les spectateurs       partageaient au moins une chose : l\u2019attente que la sc\u00e8ne s\u2019anime. Une       attente qui commen\u00e7ait \u00e0 s\u2019\u00e9terniser.               Vers 21h30, soit une demi-heure avant le d\u00e9but annonc\u00e9 du show, ceux qui       occupaient le haut des gradins ont commenc\u00e9 \u00e0 taper sur les parois       m\u00e9talliques. Il en r\u00e9sultait un bruit qui rappelait celui de l\u2019h\u00e9licopt\u00e8re.       Du coup, une partie de la foule a cru que Mimi allait atterrir au stade ce       qui a suscit\u00e9 une vague d\u2019acclamations. Mais il n\u2019en \u00e9tait rien\u2026 Il a       fallu attendre 22h45 pour que le rideau se l\u00e8ve, les six \u00e9crans s\u2019allument       et que Mariah Carey apparaisse enfin dans toute son \u00e9mancipation.              <strong><font>Un spectacle \u00a0\u00bb un peu excellent \u00ab\u00a0<\/font><\/strong>              Deux escaliers en demi-cercle et un muret de projecteurs \u2013 tel \u00e9tait le       d\u00e9cor principal servant de fond pour plusieurs tableaux, pr\u00e9sentant une       Mimi tant\u00f4t festive et dansante, tant\u00f4t pensive et sentimentale. Un       spectacle, certes, tr\u00e8s bien con\u00e7u mais qui, tel que nous l\u2019avons vu, nous       a paru un peu trop\u2026 distant.               Quand on va \u00e0 un concert, c\u2019est surtout pour s\u2019approcher des artistes,       pour avoir un moment de communion avec les personnes que l\u2019on v\u00e9n\u00e8re.       Chose pratiquement impossible, du moins pour ceux qui n\u2019avaient pas la       chance d\u2019\u00eatre pr\u00e8s de la sc\u00e8ne. Car tous les autres, y compris ceux qui       avaient pay\u00e9 le prix fort, ne voyaient que des personnages aux dimensions       microscopiques gigoter sur sc\u00e8ne. Le nombre des \u00e9crans n\u2019am\u00e9liorait pas la       situation : souvent, on y voyait des clips et non pas ce qui se passait       r\u00e9ellement sur la sc\u00e8ne. C\u2019est ainsi que certains passages, voir des       morceaux entiers, avaient tout l\u2019air d\u2019\u00eatre chant\u00e9s en play-back. Mais,       rassurez-vous, la plupart du public n\u2019y a vu que du feu : il \u00e9tait trop       impressionn\u00e9 par les effets sp\u00e9ciaux pour faire attention \u00e0 ce genre de       d\u00e9tails. Du moins au d\u00e9but\u2026               Vers minuit, angoiss\u00e9es par l\u2019id\u00e9e que la col\u00e8re du paternel attendant au       parking ne transforme la BM en citrouille, un tas de petites cendrillons       ont commenc\u00e9 \u00e0 d\u00e9serter les lieux. Un papa qui avait ramen\u00e9 sa fillette de       onze ans pour lui faire partager sa passion de jeunesse s\u2019est dit d\u00e9\u00e7u par       le retard de la diva et les dimensions des \u00e9crans qui, selon lui, \u00e9taient       plus petits que ceux du spectacle de Michael Jackson.               Pour Hager, enseignante de fran\u00e7ais, l\u2019\u00e9mancipation de Mimi ne l\u2019a pas \u00a0\u00bb       accroch\u00e9e \u00ab\u00a0. Trois dames saoudiennes, r\u00e9sidentes en Tunisie, ont trouv\u00e9       que la sc\u00e8ne \u00e9tait \u00a0\u00bb trop loin \u00a0\u00bb pour qu\u2019elles puissent appr\u00e9cier       pleinement le spectacle. Il y en avait aussi celles qui s\u2019attendaient \u00e0       voir\u2026 Shakira. Ou, du moins, qui auraient pr\u00e9f\u00e9r\u00e9 la voir. Comme Maroua et       Malek qui ont trouv\u00e9 le spectacle \u00a0\u00bb un peu excellent \u00a0\u00bb car sans surprise       aucune. Malek a dit qu\u2019elle voulait que Mariah Carey apparaisse sur sc\u00e8ne       \u00a0\u00bb d\u2019en bas \u00ab\u00a0, comme l\u2019aurait fait Shakira sur MTV.              Mais il y avait aussi ceux qui \u00e9taient enti\u00e8rement satisfaits. Ainsi, un       monsieur qui a pass\u00e9 une partie de sa vie en Allemagne nous a dit que le       show n\u2019avait rien \u00e0 envier \u00e0 tous ceux auxquels il avait assist\u00e9 en       Europe. Il a \u00e9galement soulign\u00e9 qu\u2019il fallait acheter le plus de billets       possible car, selon lui, les b\u00e9n\u00e9fices iraient pour des causes       humanitaires, notamment en Palestine.       Quant \u00e0 Mimi, elle \u00e9tait ravie. Du moins, d\u2019apr\u00e8s ce qu\u2019elle a dit. A un       d\u00e9tail pr\u00e8s : la fum\u00e9e. Elle n\u2019a pas rat\u00e9 la moindre occasion pour inviter       ses fans \u00e0 se d\u00e9barrasser d\u00e9finitivement des cigarettes et autres engins       fumants. Et, ne serait-ce que pour \u00e7a : chapeau, la diva.              <strong><font>(Source : \u00ab Tunis Hebdo \u00bb du 24 juillet       2006) <\/font><\/strong> <\/div>\n<\/p><\/div>\n<p> <\/font><\/div>\n<hr\/>\n<p align=\"center\"><b><a href=\"http:\/\/www.tunisnews.net\"><span>Home<\/span><span lang=\"FR-CH\"> &#8211; Accueil <\/span><span>&#8211; <\/span><span dir=\"rtl\" lang=\"AR-SA\">\u0627\u0644\u0631\u0626\u064a\u0633\u064a\u0629<\/span><\/a><\/b><\/p>\n<p align=\"center\">\u00a0<\/p>\n<p><\/body><\/body><\/html><\/p>\n","protected":false},"excerpt":{"rendered":"<p>Home &#8211; Accueil &#8211; \u0627\u0644\u0631\u0626\u064a\u0633\u064a\u0629 TUNISNEWS 7\u00a0\u00e8me\u00a0ann\u00e9e, N\u00b0\u00a02257 du 27.07.2006 \u00a0archives : www.tunisnews.net ALTT: Condition des prisonniers &#8211; Absence de soins\u00a0 et mauvais traitements AP: Gr\u00e8ves de la faim en s\u00e9rie dans les prisons tunisiennes, selon une association Le Monde: Le tribunal administratif rejette le r\u00e9f\u00e9r\u00e9-libert\u00e9 d&rsquo;un Tunisien menac\u00e9 d&rsquo;expulsion Jeune Afrique: Pouss\u00e9e de fi\u00e8vre [&hellip;]<\/p>\n","protected":false},"author":1,"featured_media":22040,"comment_status":"open","ping_status":"open","sticky":false,"template":"","format":"standard","meta":{"inline_featured_image":false,"site-sidebar-layout":"default","site-content-layout":"","ast-site-content-layout":"default","site-content-style":"default","site-sidebar-style":"default","ast-global-header-display":"","ast-banner-title-visibility":"","ast-main-header-display":"","ast-hfb-above-header-display":"","ast-hfb-below-header-display":"","ast-hfb-mobile-header-display":"","site-post-title":"","ast-breadcrumbs-content":"","ast-featured-img":"","footer-sml-layout":"","ast-disable-related-posts":"","theme-transparent-header-meta":"","adv-header-id-meta":"","stick-header-meta":"","header-above-stick-meta":"","header-main-stick-meta":"","header-below-stick-meta":"","astra-migrate-meta-layouts":"default","ast-page-background-enabled":"default","ast-page-background-meta":{"desktop":{"background-color":"","background-image":"","background-repeat":"repeat","background-position":"center center","background-size":"auto","background-attachment":"scroll","background-type":"","background-media":"","overlay-type":"","overlay-color":"","overlay-opacity":"","overlay-gradient":""},"tablet":{"background-color":"","background-image":"","background-repeat":"repeat","background-position":"center center","background-size":"auto","background-attachment":"scroll","background-type":"","background-media":"","overlay-type":"","overlay-color":"","overlay-opacity":"","overlay-gradient":""},"mobile":{"background-color":"","background-image":"","background-repeat":"repeat","background-position":"center center","background-size":"auto","background-attachment":"scroll","background-type":"","background-media":"","overlay-type":"","overlay-color":"","overlay-opacity":"","overlay-gradient":""}},"ast-content-background-meta":{"desktop":{"background-color":"var(--ast-global-color-5)","background-image":"","background-repeat":"repeat","background-position":"center center","background-size":"auto","background-attachment":"scroll","background-type":"","background-media":"","overlay-type":"","overlay-color":"","overlay-opacity":"","overlay-gradient":""},"tablet":{"background-color":"var(--ast-global-color-5)","background-image":"","background-repeat":"repeat","background-position":"center center","background-size":"auto","background-attachment":"scroll","background-type":"","background-media":"","overlay-type":"","overlay-color":"","overlay-opacity":"","overlay-gradient":""},"mobile":{"background-color":"var(--ast-global-color-5)","background-image":"","background-repeat":"repeat","background-position":"center center","background-size":"auto","background-attachment":"scroll","background-type":"","background-media":"","overlay-type":"","overlay-color":"","overlay-opacity":"","overlay-gradient":""}},"footnotes":""},"categories":[],"tags":[59,37,29],"class_list":["post-18633","post","type-post","status-publish","format-standard","has-post-thumbnail","hentry","tag-59","tag-37","tag-fr"],"_links":{"self":[{"href":"https:\/\/tunisnews.net\/ar\/wp-json\/wp\/v2\/posts\/18633","targetHints":{"allow":["GET"]}}],"collection":[{"href":"https:\/\/tunisnews.net\/ar\/wp-json\/wp\/v2\/posts"}],"about":[{"href":"https:\/\/tunisnews.net\/ar\/wp-json\/wp\/v2\/types\/post"}],"author":[{"embeddable":true,"href":"https:\/\/tunisnews.net\/ar\/wp-json\/wp\/v2\/users\/1"}],"replies":[{"embeddable":true,"href":"https:\/\/tunisnews.net\/ar\/wp-json\/wp\/v2\/comments?post=18633"}],"version-history":[{"count":0,"href":"https:\/\/tunisnews.net\/ar\/wp-json\/wp\/v2\/posts\/18633\/revisions"}],"wp:featuredmedia":[{"embeddable":true,"href":"https:\/\/tunisnews.net\/ar\/wp-json\/wp\/v2\/media\/22040"}],"wp:attachment":[{"href":"https:\/\/tunisnews.net\/ar\/wp-json\/wp\/v2\/media?parent=18633"}],"wp:term":[{"taxonomy":"category","embeddable":true,"href":"https:\/\/tunisnews.net\/ar\/wp-json\/wp\/v2\/categories?post=18633"},{"taxonomy":"post_tag","embeddable":true,"href":"https:\/\/tunisnews.net\/ar\/wp-json\/wp\/v2\/tags?post=18633"}],"curies":[{"name":"wp","href":"https:\/\/api.w.org\/{rel}","templated":true}]}}