{"id":18628,"date":"2008-05-01T00:00:00","date_gmt":"2008-05-01T00:00:00","guid":{"rendered":"https:\/\/tunisnews.net\/1-mai-2008\/"},"modified":"2008-05-01T00:00:00","modified_gmt":"2008-05-01T00:00:00","slug":"1-mai-2008","status":"publish","type":"post","link":"https:\/\/tunisnews.net\/ar\/1-mai-2008\/","title":{"rendered":"1 mai 2008"},"content":{"rendered":"<p><html><head><meta content=\"text\/html\" description=\"Pour le deuxi\u00e8me jour d\u2019affil\u00e9e, des agents de la police \n      politique de la cit\u00e9 Mellaha \u00e0 Ariana Sup\u00e9rieur, ont enlev\u00e9 trois \n      prisonniers politiques lib\u00e9r\u00e9s, Lassaad Mermech et les fr\u00e8res Ibrahim et \n      Ali Herzi. Les agents en civil se sont content\u00e9s d\u2019all\u00e9guer qu\u2019il \n      s\u2019agissait d\u2019 \u00ab une mesure de routine\u2026 \u00e0 l\u2019occasion de la visite du \n      pr\u00e9sident fran\u00e7ais \u00ab ! Leur enfermement a dur\u00e9 de 8 h 45 du matin \u00e0 13 \n      H40. Ces trois jeunes gens avaient d\u00e9j\u00e0 \u00e9t\u00e9 enferm\u00e9s arbitrairement hier \n      pendant 9 heures. L\u2019association a d\u00e9not\u00e9 une escalade dans la r\u00e9pression \n      de nombreux jeunes gens r\u00e9cemment lib\u00e9r\u00e9s, entre autres : des convocations \n      \u00e0 r\u00e9p\u00e9tition des fr\u00e8res Herzi et de Lassaad Mermech (L\u2019Ariana), d\u2019Achraf \n      Mza\u00efdi et Nizar Jema\u00ef, Taoufik Za\u00efri (\u00e0 Bou Salem) Hafedh Mezhoudi et Sami \n      Belgacem (Menzel Bourguiba) Anis Bena\u00efssa (Tunis) [\u2026]\" http-equiv=\"Content-Type\"\/><\/head><body><body><\/p>\n<p align=\"center\" dir=\"ltr\"><font face=\"Arial\" size=\"2\"><b><a href=\"http:\/\/www.tunisnews.net\"><span>Home<\/span><span lang=\"FR-CH\"> &#8211; Accueil <\/span><\/a><\/b><\/font><\/p>\n<p><font face=\"Arial\" size=\"2\"><\/p>\n<p dir=\"rtl\"><span dir=\"ltr\" lang=\"SV\">\u00a0<\/span><\/p>\n<div>\n<div>\n<div align=\"center\"> <font face=\"Arial\" size=\"3\"><strong><\/p>\n<p><font> <\/p>\n<div>  <\/div>\n<p> <span lang=\"FR\"> <\/p>\n<div align=\"center\" dir=\"ltr\"> <font size=\"7\"> <span lang=\"SV\">        TUNISNEWS<\/span> <\/font> <\/div>\n<div> <font size=\"2\"><span lang=\"FR\">8\u00a0\u00e8me\u00a0ann\u00e9e, N\u00b0 \u00a02900 du         01.05.2008<\/span><\/font><\/div>\n<div> <span><blink> <font size=\"2\">\u00a0archives : <\/font><a target=\"_blank\" rel=\"noopener\"> <font size=\"2\" target=\"_blank\">www.tunisnews.net<\/font><\/a><\/blink><\/span><font size=\"2\"> <\/font> <\/div>\n<p> <\/span><\/font><\/p>\n<p><\/strong><\/font> <\/div>\n<div align=\"center\" dir=\"ltr\"> <strong><font size=\"3\"><\/p>\n<hr\/>\n<p><\/font><\/strong> <\/div>\n<div align=\"left\" dir=\"ltr\">\n<p><font><font><strong><\/p>\n<p><font>      AISPP: :la police politique a enlev\u00e9 trois prisonniers politiques lib\u00e9r\u00e9s       <font>AISPP: la garde nationale de la r\u00e9gion de Borj       Ghammaz ont encercl\u00e9 le domicile d\u2019Achraf Mza\u00efdi<\/font>       CAUMED (Cercle d\u2019Amiti\u00e9 de l\u2019Union M\u00e9diterran\u00e9enne) :COMMUNIQUE DE PRESSE       <font>Luiza Toscane:Lib\u00e9ration d&rsquo;Amel Ben Amor<\/font>        AFP:Sarkozy persiste sur les Droits de l&rsquo;homme en Tunisie       <font>\u00a0?Larbi Guesmi: Sarkozy : \u00ab La libert\u00e9 a progress\u00e9       en Tunisie \u00bb! Mensonge ou ignorance<\/font>       Bayrem Zitouni: T\u00e9moignage sur la Tunisie de Ben Ali : Episode 1        <\/font><\/p>\n<p><font>Xinhua:La Tunisie et la France signent un       accord de coop\u00e9ration touristique<\/font><\/strong> <\/font> <\/font><\/p>\n<\/div>\n<p> <strong> <\/p>\n<div align=\"left\" dir=\"ltr\">\n<hr\/><\/div>\n<p> <\/strong> <\/p>\n<div align=\"center\" dir=\"ltr\"> <font face=\"Arial\" size=\"2\"><strong>Libert\u00e9 pour tous les       prisonniers politiques       Libert\u00e9 pour Abdallah Zouari, le journaliste exil\u00e9 dans son propre pays       \u00a0       Association Internationale de Soutien aux Prisonniers politiques       <\/strong><\/font><font><strong>43 Rue Eldjazira, Tunis       e-mail :        <\/strong> <a href=\"mailto:aispptunisie@yahoo.fr\" onclick=\"onClickUnsafeLink(event);\"> <strong>aispptunisie@yahoo.fr<\/strong><\/a><strong> <\/strong><\/font> <\/div>\n<div align=\"center\" dir=\"ltr\">\n<h2 style=\"color: red;\"><font face=\"Arial\" size=\"2\"><strong>la police politique a       enlev\u00e9 trois prisonniers politiques lib\u00e9r\u00e9s<\/strong><\/font><\/h2>\n<\/div>\n<div align=\"left\" dir=\"ltr\"> <font><strong>\u00a0       Tunis, le 29 avril 2008       \u00a0       <\/strong>Pour le deuxi\u00e8me jour d\u2019affil\u00e9e, des agents de la police       politique de la cit\u00e9 Mellaha \u00e0 Ariana Sup\u00e9rieur, ont enlev\u00e9 trois       prisonniers politiques lib\u00e9r\u00e9s, Lassaad Mermech et les fr\u00e8res Ibrahim et       Ali Herzi. Les agents en civil se sont content\u00e9s d\u2019all\u00e9guer qu\u2019il       s\u2019agissait d\u2019 \u00ab une mesure de routine\u2026 \u00e0 l\u2019occasion de la visite du       pr\u00e9sident fran\u00e7ais \u00ab ! Leur enfermement a dur\u00e9 de 8 h 45 du matin \u00e0 13       H40. Ces trois jeunes gens avaient d\u00e9j\u00e0 \u00e9t\u00e9 enferm\u00e9s arbitrairement hier       pendant 9 heures. L\u2019association a d\u00e9not\u00e9 une escalade dans la r\u00e9pression       de nombreux jeunes gens r\u00e9cemment lib\u00e9r\u00e9s, entre autres : des convocations       \u00e0 r\u00e9p\u00e9tition des fr\u00e8res Herzi et de Lassaad Mermech (L\u2019Ariana), d\u2019Achraf       Mza\u00efdi et Nizar Jema\u00ef, Taoufik Za\u00efri (\u00e0 Bou Salem) Hafedh Mezhoudi et Sami       Belgacem (Menzel Bourguiba) Anis Bena\u00efssa (Tunis) [\u2026]<\/font> <font face=\"Arial\" size=\"2\"><font>Pour l\u2019association       Le vice Pr\u00e9sident       Ma\u00eetre Abdelwahab Maatar<\/font> <\/font><font face=\"Arial\">(traduction d\u2019extraits ni revue       ni corrig\u00e9e par les auteurs de la version en arabe, LT)    <\/font><\/div>\n<div align=\"left\" dir=\"ltr\"> <strong><\/p>\n<hr\/>\n<p><\/strong> <\/div>\n<div align=\"center\"> <font><font>Libert\u00e9 pour tous les       prisonniers politiques       Libert\u00e9 pour Abdallah Zouari, le journaliste exil\u00e9 dans son propre pays       Association Internationale de Soutien aux Prisonniers politiques       <\/font><font><strong>43 Rue Eldjazira, Tunis       e-mail :        aispptunisie@yahoo.fr        Tunis, le 29 avril 2008<\/strong><\/font><\/font><\/div>\n<div align=\"center\" dir=\"ltr\">\n<h2 style=\"color: red;\"><font face=\"Arial\" size=\"2\"><strong>la garde nationale de       la r\u00e9gion de Borj Ghammaz ont encercl\u00e9 le domicile d\u2019Achraf Mza\u00efdi<\/strong><\/font><\/h2>\n<\/div>\n<div align=\"left\" dir=\"ltr\"> <font face=\"Arial\" size=\"2\">* Des agents de la garde nationale de la       r\u00e9gion de Borj Ghammaz dans la banlieue de Bizerte ont encercl\u00e9 dans       l\u2019apr\u00e8s midi du dimanche 27 avril 2008 le domicile d\u2019Achraf Mza\u00efdi, et ont       tent\u00e9 d\u2019y p\u00e9n\u00e9trer au pr\u00e9texte de v\u00e9rifier l\u2019identit\u00e9 d\u2019une personne \u00e0       l\u2019int\u00e9rieur. Face \u00e0 la mobilisation de nombreux militants de la r\u00e9gion,       notamment Ali Ben Salem et Khaled Boujemaa, qui s\u2019\u00e9taient rassembl\u00e9s       devant la maison, le chef de la brigade de la garde nationale a fait       machine arri\u00e8re et justifi\u00e9 sa pr\u00e9sence par des \u00ab consid\u00e9rations       s\u00e9curitaires \u00bb !       * La fille d\u2019un prisonnier politique ne peut obtenir son passeport !       Le chef du poste de la S\u00fbret\u00e9 de Raouabi \u00e0 Bizerte, Salem Ben Belgacem, a       refus\u00e9 de d\u00e9livrer un passeport \u00e0 la fille de l\u2019ex prisonnier politique       Fethi Fouchali si cette derni\u00e8re ne signait pas un engagement \u00e0 enlever       son voile !       [\u2026]       Pour la section de Bizerte       Othman Jmili       <font>(traduction d\u2019extraits ni revue ni corrig\u00e9e par les       auteurs de la version en arabe, LT)<\/font> \u00a0<\/font><strong><\/p>\n<hr\/>\n<p><\/strong> <\/div>\n<div align=\"center\" dir=\"ltr\"> <strong><font size=\"3\">CAUMED (Cercle d\u2019Amiti\u00e9 de l\u2019Union M\u00e9diterran\u00e9enne)<\/font><\/strong> \u00a0<\/div>\n<div align=\"center\" dir=\"ltr\"> <font face=\"Arial\"><strong><font>COMMUNIQUE DE PRESSE<\/font>       VISITE D\u2019ETAT DU PRESIDENT NICOLAS SARKOZY EN TUNISIE<\/strong><\/font><\/div>\n<div align=\"left\" dir=\"ltr\"> <font face=\"Arial\" size=\"2\"><font>Ly\u00e8s Ben Ch\u00e9dli       Pr\u00e9sident du CAUMED (Cercle d\u2019Amiti\u00e9 de l\u2019Union M\u00e9diterran\u00e9enne), ayant       pour but de favoriser le dialogue des cultures, le rapprochement des       civilisations, la gestion concert\u00e9e des flux migratoires ainsi que les       \u00e9changes \u00e9conomiques et commerciaux entre l\u2019Europe et les pays de la rive       Sud de la M\u00e9diterran\u00e9e, se f\u00e9licite de la pr\u00e9sence sur le sol national       Tunisien du Pr\u00e9sident de La R\u00e9publique Fran\u00e7aise Monsieur Nicolas Sarkozy       accompagn\u00e9 de son \u00e9pouse Madame Carla Sarkozy.              Au cours de cette visite, Le Pr\u00e9sident fran\u00e7ais a pu constater les       prouesses \u00e9conomiques de la Tunisie r\u00e9alis\u00e9es durant cette derni\u00e8re       d\u00e9cennie.               En effet, le Pr\u00e9sident Zine-El-Abidine Ben Ali a re\u00e7u en ami le Pr\u00e9sident       Sarkozy et ceci dans la continuit\u00e9 des relations fraternels et de       coop\u00e9ration qui existent entre les deux pays depuis l\u2019\u00e9poque du Pr\u00e9sident       Habib Bourguiba.              Ly\u00e8s Ben Ch\u00e9dli se r\u00e9jouit de la proposition de l\u2019installation du futur       si\u00e8ge \u00e0 Tunis du Secr\u00e9tariat Ex\u00e9cutif de l\u2019Union Pour la M\u00e9diterran\u00e9e.       Notre association \u0153uvre dans le sens de cette initiative accueillie avec       joie et fiert\u00e9 par les tunisiennes et les tunisiens.              Le CAUMED encourage le dialogue entre les tunisiens ainsi que l\u2019entreprise       d\u2019ouverture d\u00e9mocratique plus vaste annonc\u00e9e par le Pr\u00e9sident tunisien.<\/font> \u00a0<\/font><\/div>\n<div align=\"left\" dir=\"ltr\"> <font face=\"Arial\" size=\"2\"><strong><font><\/font><\/strong> <\/font>\u00a0<\/div>\n<div align=\"center\" dir=\"ltr\"> <font face=\"Arial\" size=\"2\"><font><strong><\/p>\n<hr\/>\n<p><\/strong> <\/font> <\/font><\/div>\n<div align=\"center\" dir=\"ltr\"> <font face=\"Arial\" size=\"2\"><strong><font>      Sarkozy persiste sur les Droits de l&rsquo;homme en Tunisie<\/font> <\/strong><\/font><strong><font>J.B. (lefigaro.fr) Avec AFP       et AP       30\/04\/2008 | Mise \u00e0 jour : 16:22 | Commentaires 47 <\/font><\/strong> <\/div>\n<div align=\"left\" dir=\"ltr\"> <font face=\"Arial\" size=\"2\">.Zine El Abidine Ben Ali       embrasse son homologue fran\u00e7ais, Nicolas Sarkozy, mercredi\u200a\u00e0 Tunis.       Cr\u00e9dits photo : AFP        \u00abTout n&rsquo;est pas parfait en Tunisie mais en France non plus\u00bb a simplement       expliqu\u00e9 le chef de l&rsquo;\u00c9tat apr\u00e8s la pol\u00e9mique suscit\u00e9e par ses premi\u00e8res       d\u00e9clarations sur le sujet.       \u00bb Nicolas Sarkozy vante \u00e0 Tunis l&rsquo;Union pour la M\u00e9diterran\u00e9e        \u00bb Carla, la premi\u00e8re dame en visite de bienfaisance        Les critiques de l&rsquo;opposition comme des ONG n&rsquo;y ont rien chang\u00e9. Nicolas       Sarkozy a une nouvelle fois salu\u00e9 mercredi les progr\u00e8s accomplis par la       Tunisie en mati\u00e8re de libert\u00e9 et de tol\u00e9rance, au cours d&rsquo;un discours       prononc\u00e9 \u00e0 l&rsquo;Institut national des sciences appliqu\u00e9es et de technologie (Insat)       de Tunis. \u00abTout n&rsquo;est pas parfait en Tunisie, certes. Tout n&rsquo;est pas       parfait en France non plus (&#8230;) mais je veux le dire aussi parce que je       le pense, quel pays peut s&rsquo;enorgueillir d&rsquo;avoir autant avanc\u00e9 en un demi       si\u00e8cle sur la voie du progr\u00e8s, sur la voie de la tol\u00e9rance, et sur la voie       de la raison ?\u00bb, s&rsquo;est exclam\u00e9 Nicolas Sarkozy au dernier jour de sa       visite d&rsquo;\u00c9tat.       En arrivant lundi soir en Tunisie, le chef de l&rsquo;\u00c9tat avait d\u00e9j\u00e0 affirm\u00e9       que \u00abl&rsquo;espace des libert\u00e9s progressait\u00bb en Tunisie, suscitant un toll\u00e9 de       la part des d\u00e9fenseurs des droits de l&rsquo;Homme mais aussi du Parti       socialiste et du Parti communiste. \u00abC&rsquo;est une contre-v\u00e9rit\u00e9 absolue que de       pr\u00e9tendre cela\u00bb, a affirm\u00e9 mercredi Pierre Moscovici. Mercredi toujours,       Amnesty international France a d\u00e9nonc\u00e9 une \u00abtriste continuit\u00e9 de la       politique fran\u00e7aise en Tunisie\u00bb. L&rsquo;organisation se demande si \u00abla libert\u00e9       progresse quand les associations qui d\u00e9plaisent ne peuvent se faire       enregistrer, quand les avocats aux dossiers sensibles sont sous constante       pression polici\u00e8re et s&rsquo;il existe une t\u00e9l\u00e9vision libre en Tunisie?\u00bb       Les droits de l&rsquo;homme, obsession pour Sarkozy        Autant de critiques qui ont fait monter au cr\u00e9neau plusieurs membres de la       majorit\u00e9, d\u00e9sireux de soutenir l&rsquo;engagement du chef de l&rsquo;\u00c9tat. Ainsi, le       secr\u00e9taire d&rsquo;Etat aux relations avec le Parlement, Roger Karoutchi, a       affirm\u00e9 mercredi sur Canal + que les droits de l&rsquo;homme sont \u00abune obsession\u00bb       pour Nicolas Sarkozy qui est \u00abtotalement p\u00e9n\u00e9tr\u00e9\u00bb par cette question. Il \u00abn&rsquo;a       pas besoin de le faire devant des cam\u00e9ras\u00bb, a-t-il ajout\u00e9. \u00abPendant que       certains censeurs parlent tr\u00e8s fort sans \u00e9couter personne ni rien faire       avancer, la diplomatie fran\u00e7aise, elle, dialogue, esp\u00e8re et progresse \u00e0       petits pas\u00bb, a \u00e9galement expliqu\u00e9 Patrick Devedjian. \u00abLa Tunisie n&rsquo;est pas       la Cor\u00e9e du Nord\u00bb, a ajout\u00e9 le secr\u00e9taire d&rsquo;Etat aux Affaires europ\u00e9ennes       Jean-Pierre Jouyet, en r\u00e9ponse \u00e0 Pierre Moscovici. \u00abNous n&rsquo;avons jamais       cach\u00e9 que la France souhaitait qu&rsquo;une \u00e9volution politique accompagne       maintenant les succ\u00e8s du d\u00e9veloppement \u00e9conomique st social\u00bb, mais \u00abcette       ouverture, c&rsquo;est aux Tunisiens eux-m\u00eames d&rsquo;en fixer le rythme, le contenu,       les modalit\u00e9s\u00bb, a-t-il ajout\u00e9. Et \u00abce n&rsquo;est pas en s&rsquo;\u00e9rigeant en donneur       de le\u00e7ons que l&rsquo;on fait avancer les choses\u00bb.        L&rsquo;attitude de Nicolas Sarkozy lui a \u00e9galement attir\u00e9 les railleries du       pr\u00e9sident du Front national, Jean-Marie Le Pen. Sur France Inter mercredi,       ce dernier a affirm\u00e9 \u00e0 propos de Nicolas Sarkozy : \u00ab\u00e7a le change des       habitudes\u00bb de ne pas \u00abdonner de le\u00e7ons au reste du monde\u00bb. Il a aussi       ajout\u00e9 \u00abEt s&rsquo;il fallait ne serrer la main qu&rsquo;aux d\u00e9mocrates dans le monde,       on n&rsquo;aurait pas souvent l&rsquo;occasion de sortir sa main de sa poche\u00bb.       Mardi, Nicolas Sarkozy avait annonc\u00e9, lors d&rsquo;une rencontre avec la presse,       avoir obtenu du pr\u00e9sident tunisien Zine El Abidine Ben Ali la lib\u00e9ration       d&rsquo;une Franco-Tunisienne, d\u00e9tenue en Tunisie pour un d\u00e9lit de droit commun.       Le cas de cette femme qui souffre de d\u00e9pression et qui a eu un       comportement exemplaire en prison, lui a \u00e9t\u00e9 signal\u00e9 par sa famille, a       expliqu\u00e9 l&rsquo;ambassadeur de France \u00e0 Tunis. Le pr\u00e9sident Fran\u00e7ais a en outre       eu des assurances de son h\u00f4te pour qu&rsquo;il se penche sur \u00ables cas tr\u00e8s       douloureux\u00bb d&rsquo;une vingtaine de Fran\u00e7aises mari\u00e9es \u00e0 des Tunisiens et qui       sont priv\u00e9es de voir leurs enfants en Tunisie, a-t-il pr\u00e9cis\u00e9.<\/font><\/div>\n<div align=\"left\" dir=\"ltr\">\n<hr\/><\/div>\n<div align=\"left\" dir=\"ltr\">\n<div align=\"center\" dir=\"ltr\"> <font face=\"Arial\" size=\"2\"><strong><\/p>\n<h2 style=\"color: red;\"><font size=\"3\">Lib\u00e9ration d&rsquo;Amel Ben Amor<\/font><\/h2>\n<p> <\/strong><\/font> <\/div>\n<div align=\"left\" dir=\"ltr\">        \u00a0<\/div>\n<div align=\"left\" dir=\"ltr\"> <font face=\"Arial\" size=\"2\"><font>\u00a0\u00ab\u00a0Mardi, Nicolas         Sarkozy avait annonc\u00e9, lors d&rsquo;une rencontre avec la presse, avoir obtenu         du pr\u00e9sident tunisien Zine El Abidine Ben Ali la lib\u00e9ration d&rsquo;une         Franco-Tunisienne, d\u00e9tenue en Tunisie pour un d\u00e9lit de droit commun. Le         cas de cette femme qui souffre de d\u00e9pression et qui a eu un comportement         exemplaire en prison, lui a \u00e9t\u00e9 signal\u00e9 par sa famille, a expliqu\u00e9         l&rsquo;ambassadeur de France \u00e0 Tunis.\u00a0\u00bb (1)         N&rsquo;eussent \u00e9t\u00e9 ces quelques lignes dans Le Figaro, la lib\u00e9ration d&rsquo;Amel         Ben Amor serait pass\u00e9e inaper\u00e7ue.          Amel Ben Amor avait \u00e9t\u00e9 arr\u00eat\u00e9e le 30 d\u00e9cembre 1997. Lors de son proc\u00e8s         en appel, le 19 novembre 1998, elle a \u00e9t\u00e9 condamn\u00e9e \u00e0 vingt ans         d\u2019emprisonnement. La cour de cassation a accept\u00e9 son pourvoi sur la         forme un an plus tard, mais l\u2019a refus\u00e9 sur le fonds, confirmant son         maintien en prison pour vingt longues ann\u00e9es. Amel Ben Amor avait         trente-trois ans quand elle a \u00e9t\u00e9 arr\u00eat\u00e9e. Elle \u00e9tait c\u00e9libataire,         vivait chez ses parents dans un quartier ais\u00e9 de Tunis, travaillait \u00e0         Tunis Air et n\u2019avait aucun ant\u00e9c\u00e9dent judiciaire.          Sa lib\u00e9ration, survenue au bout de dix ann\u00e9es pass\u00e9es \u00e0 la prison pour         femmes de La Mannouba, r\u00e9pond aux espoirs formul\u00e9s par les siens, par         tous celles et ceux qui se sont relay\u00e9s parfois de fa\u00e7on invisible pour         lui assurer une solidarit\u00e9 constante, par les associations qui sont         intervenues depuis de longues ann\u00e9es, au premier rang desquelles l&rsquo;ACAT         France.          <\/font><font><font><strong>Luiza Toscane<\/strong> <\/font>(1) \u00ab\u00a0Sarkozy persiste sur les droits de l&rsquo;homme en Tunisie\u00a0\u00bb, Le         Figaro, 30 avril 2008<\/font><\/font><\/div>\n<\/p><\/div>\n<\/p><\/div>\n<div> <font face=\"Arial\" size=\"2\"><strong><\/p>\n<hr\/>\n<p><\/strong><\/font> <\/div>\n<div>    \u00a0<\/div>\n<div>    \u00a0<\/div>\n<p><font face=\"Arial\" size=\"2\"><font> <\/p>\n<div align=\"center\">\n<h2 style=\"color: red;\"><font size=\"3\"><strong>Sarkozy : \u00ab La libert\u00e9 a progress\u00e9 en     Tunisie \u00bb!      Mensonge ou ignorance ?<\/strong> <\/font><\/h2>\n<p>\u00a0<\/p><\/div>\n<div align=\"left\">    \u00a0<\/div>\n<div align=\"left\">         M. Sarkozy ! La Tunisie n\u2019est pas votre p\u00e2turage et le peuple tunisien n\u2019est     pas votre staffe de serveurs et d\u2019esclaves. Vous venez faire affaire en     Tunisie faites-le tant que la Tunisie n\u2019est pas encore ind\u00e9pendante,     moquez-vous du gouvernement tunisien et non du peuple tunisien et     taisez-vous !!! Surtout taisez-vous, ne parlez pas des Droits de l\u2019Homme. Si     le silence est complice de la dictature, l\u2019\u00e9loge de celle-ci est pire que la     dictature elle-m\u00eame.      \u00a0     Vous vous \u00eates mobilis\u00e9s, en tant que pr\u00e9sident, pour lib\u00e9rer quelques     trafiquants de b\u00e9b\u00e9s, pr\u00e9tendant le b\u00e9n\u00e9volat au Tchad (l\u2019Arche de Zo\u00e9) et     vous venez pr\u00e9tendre que la libert\u00e9 a progress\u00e9 en Tunisie alors que ni     libert\u00e9 d\u2019organisation, ni libert\u00e9 d\u2019expression, ni dignit\u00e9 de la personne     humaine ne sont respect\u00e9es en Tunisie. Des prisonniers politiques     croupissent encore en prison depuis plus de 17 ans dans des conditions     lamentables. Les ex-prisonniers politiques, qui comptent par milliers, sont     confront\u00e9s \u00e0 toutes les difficult\u00e9s pour pouvoir int\u00e9grer la soci\u00e9t\u00e9 civile.     Ils sont priv\u00e9s de tous leurs droits civiques tels le travail, le soins et     le d\u00e9placement et souffrent de nombreuses maladies amass\u00e9es de la torture et     des longues ann\u00e9es d\u2019emprisonnement. De nombreux ex-prisonniers politiques     sont soumis au contr\u00f4le administratif et certains sont m\u00eame assign\u00e9s \u00e0     r\u00e9sidence surveill\u00e9e le plus souvent loin de leurs lieux de domicile.     Plusieurs milliers de jeunes sont arr\u00eat\u00e9s, tortur\u00e9s et condamn\u00e9s sous le     faux pr\u00e9texte de \u00ab lutte contre le terrorisme \u00bb, pr\u00e9tention faussaire des     forces imp\u00e9riales et coloniales pour mater nos peuples et les \u00e9craser sous     les bottes des dictatures que vous et vos semblables imposaient et     soutenaient depuis toujours par tous les moyens. Des t\u00e9moignages     d\u2019ex-prisonniers d\u00e9crivent la prison comme \u00e9tant \u00ab une ex\u00e9cution lente \u00bb du     prisonnier politique. Plusieurs prisonniers ont succomb\u00e9 \u00e0 la torture, aux     mauvais traitements et \u00e0 la privation des soins tels Abderraouf Laaribi,     Hechmi Makki, Mabrouk Zran, Souhnoun Jouhri&#8230; d\u2019autres, encore en prison,     tel Ridha Boukadi, Dr. Sadok Chourou &#8230; attendent une mort lente certaine.\u00a0         \u00a0\u00a0\u00a0\u00a0\u00a0\u00a0\u00a0\u00a0\u00a0\u00a0\u00a0\u00a0\u00a0\u00a0\u00a0\u00a0      M. Sarkozy, croyez-vous que le peuple tunisien n\u2019est pas digne de libert\u00e9 et     de d\u00e9mocratie autant que le peuple fran\u00e7ais et tous les autres peuples du     monde ? Croyez-vous que les 6 trafiquants de b\u00e9b\u00e9s m\u00e9ritent mieux que le     peuple tunisien qui a lutt\u00e9 contre la colonisation fran\u00e7aise pendant     plusieurs d\u00e9cennies pour arracher sa libert\u00e9 des mains de tes anc\u00eatres     sanguinaires ? Vous venez reprendre ce que le peuple tunisien a pay\u00e9 cher,     tr\u00e8s cher ! Vous pouvez r\u00eaver, le temps du colonialisme est en voie de     disparition et \u00e0 jamais.     Vous rendez-vous compte M. Sarkozy de l\u2019horreur de la maladresse et de     l\u2019insulte que vous avez adress\u00e9 au peuple tunisien alors que vous \u00eates en     territoire tunisien?     \u00a0     Si vous ne vous pr\u00e9occupez pas de la p\u00e9rilleuse situation des Droits de     l\u2019Homme en Tunisie faites vos affaires et taisez-vous.     \u00a0     APPRENEZ enfin M. Sarkozy, que les Droits de l\u2019Homme sont des conditions     vitales\u00a0 \u00e0 chaque humain. Ils sont universels, inali\u00e9nables et     indissociables. Les efforts d\u00e9ploy\u00e9s \u00e0 ce propos tout au long de l\u2019histoire     ont aboutit \u00e0 des r\u00e9sultats pr\u00e9cieux et ad\u00e9quats dans la mati\u00e8re, comme la     d\u00e9claration universelle des Droits de l\u2019Homme en 1948 \u00e0 l\u2018ONU. Le r\u00e9gime     dictatorial tunisien, pourtant signataire de cette d\u00e9claration universelle,     n\u2019a cess\u00e9 de bafouer et violer syst\u00e9matiquement les Droits de l\u2019Homme \u00e0     l\u2019encontre \u00e0 la fois des l\u00e9gislations tunisiennes, et des lois et instances     internationales tout en pr\u00f4nant leur respect. Votre devoir, s\u2019il y a devoir,     serait donc autre que de lui faire l\u2019\u00e9loge.     \u00a0     On ne veut plus de vous en Tunisie.     \u00a0     Vive la Tunisie libre et d\u00e9mocrate.     \u00a0\u00a0\u00a0\u00a0\u00a0\u00a0\u00a0\u00a0\u00a0\u00a0\u00a0\u00a0\u00a0\u00a0\u00a0\u00a0\u00a0\u00a0\u00a0\u00a0\u00a0\u00a0\u00a0<font>\u00a0\u00a0\u00a0\u00a0\u00a0\u00a0\u00a0\u00a0\u00a0\u00a0\u00a0\u00a0\u00a0\u00a0\u00a0\u00a0\u00a0\u00a0\u00a0\u00a0\u00a0\u00a0\u00a0\u00a0\u00a0\u00a0\u00a0\u00a0\u00a0\u00a0\u00a0\u00a0\u00a0\u00a0\u00a0\u00a0\u00a0\u00a0\u00a0\u00a0\u00a0\u00a0\u00a0\u00a0\u00a0\u00a0\u00a0\u00a0\u00a0\u00a0\u00a0\u00a0\u00a0\u00a0\u00a0\u00a0\u00a0\u00a0\u00a0\u00a0\u00a0\u00a0\u00a0\u00a0\u00a0\u00a0\u00a0\u00a0\u00a0\u00a0\u00a0\u00a0         <font>Larbi Guesmi<\/font>     Neuch\u00e2tel \u2013 La Suisse le 1 mai 2008<\/font><font><font face=\"Arial\" size=\"2\"><strong> \u00a0<\/strong><\/font><\/font><\/div>\n<div align=\"left\" dir=\"ltr\"> <strong><\/p>\n<hr\/>\n<p><\/strong> <\/div>\n<p> <\/font> <\/p>\n<div align=\"center\" dir=\"ltr\">\n<h2 style=\"color: red;\"><font face=\"Arial\"><strong>T\u00e9moignage sur la Tunisie de Ben     Ali : Episode 1<\/strong><\/font><\/h2>\n<\/div>\n<div align=\"left\" dir=\"ltr\">    \u00a0<\/div>\n<div align=\"left\" dir=\"ltr\"> <font face=\"Arial\" size=\"2\"><font>Ces derniers jours, un     groupe de touristes fran\u00e7ais a visit\u00e9 la Tunisie tout en \u00e9tant m\u00e9diatis\u00e9.     Mes deux pr\u00e9sidents se sont enfin rencontr\u00e9s en Tunisie sous un beau soleil     et leur entente fait plaisir \u00e0 voir : Sarkozy tombe sous le charme de Ben     Ali et va jusqu\u2019\u00e0 d\u00e9clarer qu\u2019il est venu \u00ab en ami \u00bb. Un ami ne peut pas     critiquer son h\u00f4te qui lui a offert le g\u00eete et le couvert ! On reconna\u00eet l\u00e0     une certaine vision :     exactement pareil, je ne peux me permettre en tant qu\u2019immigr\u00e9 tunisien, re\u00e7u     en\u00a0 \u00ab ami \u00bb, de critiquer la France\u2026          Tr\u00eave de plaisanterie, il est venu le moment pour moi de faire mon coming     out de Tunisien ayant v\u00e9cu sous une dictature. Depuis que j\u2019ai appris \u00e0     \u00e9crire, je n\u2019ai cess\u00e9 de penser \u00e0 ce t\u00e9moignage que je voulais     partager. Il \u00e9tait impossible pour moi de l\u2019\u00e9crire en Tunisie bien     \u00e9videmment puisqu\u2019il ne pouvait \u00eatre publi\u00e9 ni sur le net ni sur un     quelconque journal.          Je suis en France depuis 7 ans : pourquoi alors ne pas avoir pr\u00e9sent\u00e9 ce     t\u00e9moignage d\u00e8s mon arriv\u00e9e ?          D\u2019abord pour des raisons purement financi\u00e8res : je suis boursier du     gouvernement tunisien \u00e0 50% (je suis pass\u00e9 \u00e0 100% pour des raisons qui     seront expliqu\u00e9es plu tard \u2026). Je ne pouvais me permettre de perdre     cette bourse vis-\u00e0-vis de ma famille qui n\u2019avait pas les moyens de financer     mes \u00e9tudes \u00e0 l\u2019\u00e9tranger. Car, il ne faut pas se faire d\u2019illusion, critiquer     le r\u00e9gime vous vaut la suspension de votre bourse. Aujourd\u2019hui, je vais     acqu\u00e9rir mon ind\u00e9pendance financi\u00e8re et je peux enfin \u00ab acheter \u00bb ma libert\u00e9     d\u2019expression en tant que tunisien\u2026          Ensuite, tout simplement la peur : la peur de ne plus pouvoir rentrer en     Tunisie, la peur de d\u00e9cevoir des amis Tunisiens qui pr\u00e9f\u00e8rent ne pas en     parler en public, la peur de trahir la Tunisie et les tunisiens     en exposant publiquement cette critique\u2026 Cela peut para\u00eetre comme \u00e9tant de     la l\u00e2chet\u00e9 mais je vais me racheter avec ce t\u00e9moignage.          Un matin de 1987\u2026          J\u2019avais 5 ans \u00e0 l\u2019\u00e9poque. J\u2019\u00e9tais dans la chambre de mes parents quand notre     oncle a d\u00e9boul\u00e9 avec la nouvelle : \u00ab \u00e7a y est, Bourguiba a \u00e9t\u00e9 destitu\u00e9 \u00bb.     Je n\u2019ai pas compris ce que \u00e7a voulait dire sur le moment     mais je sentais que c\u2019\u00e9tait un \u00e9v\u00e9nement historique. J\u2019ai commenc\u00e9 alors \u00e0     crier ma fid\u00e9lit\u00e9 \u00e0 Bourguiba, puis cinq minutes plu tard \u00e0 Ben Ali : le     cheminement logique de tout tunisien en somme !          Bref, j\u2019\u00e9tais content de cette nouvelle m\u00eame si je ne savais pas ce qu\u2019elle     voulait dire !          Je me rappelle vaguement de ma m\u00e8re qui a vers\u00e9 des larmes et de mon p\u00e8re     qui la rassurait en lui disant que c\u2019\u00e9tait plut\u00f4t une bonne nouvelle.          Mon p\u00e8re est ing\u00e9nieur centralien qui a fait ses \u00e9tudes en France dans les     ann\u00e9es 70 (il a m\u00eame fait partie de Mai 68). Il est revenu en Tunisie \u00e0 la     fin de ses \u00e9tudes pour des raisons familiales et a occup\u00e9     des postes dignes de sa formation au d\u00e9part. Il \u00e9tait directeur \u00e0 la SNT (soci\u00e9t\u00e9     Nationale des transports). Il pouvait gravir les \u00e9chelons comme il l\u2019aurait     souhait\u00e9 s\u2019il avait pris la carte du parti unique au     pouvoir. Ainsi, il aurait assur\u00e9 son confort financier pendant des ann\u00e9es en     \u00e9tant un PDG d\u2019une grande entreprise nationale. Ou m\u00eame ministre pour trois     de ses coll\u00e8gues de la m\u00eame promotion de Centrale Paris.          Il a m\u00eame fait pire : en 1982, lors des \u00e9meutes du pain, il a pris parti     pour les ouvriers et s\u2019est fait condamn\u00e9 lors du proc\u00e8s des militants de la     gauche tunisienne. Depuis, ses rapports avec les autorit\u00e9s \u00e9taient     conflictuels. Il a toujours critiqu\u00e9 la fa\u00e7on dont \u00e9tait men\u00e9e la politique     \u00e9conomique dans la Tunisie de Bourguiba.          Peut-\u00eatre, qu\u2019il a vraiment cru en Novembre 1987, comme tous les tunisiens,     qu\u2019il pouvait exprimer ses id\u00e9es politiques sans que cela n\u2019interf\u00e8re avec     sa vie professionnelle comme cela a \u00e9t\u00e9 le cas dans la     Tunisie des ann\u00e9es 80.          A la radio, notre nouveau pr\u00e9sident nous promettait d\u00e9mocratie, pluralisme     et libert\u00e9 !          Les ann\u00e9es se succ\u00e8dent et se ressemblent          Les jours qui suivirent, je n\u2019arr\u00eatais pas de d\u00e9couper toutes les photos des     journaux de l\u2019\u00e9poque de notre nouveau pr\u00e9sident et de les coller aux murs de     ma chambre. J\u2019\u00e9tais vraiment heureux comme un enfant de 5     ans qui voulait s\u2019approprier un \u00e9v\u00e9nement qui lui \u00e9chappe.          A l\u2019\u00e9cole, j\u2019avais particip\u00e9 \u00e0 tous les concours de dessin qui mettaient en     gloire le 7 Novembre 1987. Le summum a \u00e9t\u00e9 atteint quand j\u2019avais 10 ans et     quand j\u2019avais appris par c\u0153ur le fameux discours de notre     pr\u00e9sident ! Quand je le r\u00e9citais, je le faisais m\u00eame en imitant la voie du     pr\u00e9sident devant ma m\u00e8re morte de rire ! Ce dont je me gardais de faire \u00e0     l\u2019\u00e9cole inconsciemment.                    Durant ce temps l\u00e0, mon p\u00e8re continuait \u00e0 travailler et esp\u00e9rait \u00eatre     reconnu \u00e0 sa juste valeur par les autorit\u00e9s. Car durant cette \u00e9poque, les     plus grandes entreprises \u00e9tait publiques et le gouvernement d\u00e9cidait des     nominations \u2026          Il voulait \u00eatre reconnu pour son travail (il a quand m\u00eame construit 15.000     logements sociaux). Une nouvelle proposition lui a \u00e9t\u00e9 faite d\u2019int\u00e9grer le     parti mais il a refus\u00e9. Il n\u2019acceptait de sacrifier ses id\u00e9es ni     de se mettre en veilleuse pour passer sous silence des affaires de     corruption \u2026          Entre temps, ses coll\u00e8gues de promotion furent r\u00e9compens\u00e9s puisqu\u2019ils ont     jur\u00e9 fid\u00e9lit\u00e9 au nouveau pr\u00e9sident. Mon p\u00e8re avait un salaire correct, nous     vivions dans un quartier tr\u00e8s hupp\u00e9 de la capitale (El     Manzah) et nous avons une belle et grande maison que mon p\u00e8re a finit de     rembourser au bout de 20 ans. Tout cela pour dire, que malgr\u00e9 tout, mon p\u00e8re     a r\u00e9ussit     son d\u00e9but de carri\u00e8re malgr\u00e9 les ennuis.           La travers\u00e9e du d\u00e9sert de mon p\u00e8re          A partir de 1994, le r\u00e9gime se crispe. Ben Ali a organis\u00e9 des \u00e9lections o\u00f9     il \u00e9tait le seul candidat. C\u2019\u00e9tait pour moi l\u2019heure de v\u00e9rit\u00e9 et de la     grande d\u00e9ception : je me rappelle qu\u2019on venait juste d\u2019installer la parabole     et qu\u2019en plus d\u2019Antenne 2 et Rai Uno, on pouvait acc\u00e9der \u00e0 des informations     libres ! Le premier reportage qui avait mis la puce \u00e0 l\u2019oreille au pr\u00e9ado     que j\u2019\u00e9tais devenu est celui de la cha\u00eene Euronews. Sur le ton de l\u2019ironie,     elle pr\u00e9sentait ces \u00e9lections \u00ab d\u00e9mocratiques \u00bb dans laquelle se pr\u00e9sentait     un seul candidat et qui a \u00e9t\u00e9 \u00e9lu \u00e0 99%\u2026          Mon p\u00e8re commence \u00e0 pointer du doigt des disfonctionnements qui \u00e9tait li\u00e9s \u00e0     la corruption au sein de la SPROLS (Soci\u00e9t\u00e9 de Promotion des logements     sociaux : la soci\u00e9t\u00e9 qui g\u00e8re les HLM tunisiennes).          Il n\u2019a cess\u00e9 de les d\u00e9noncer aupr\u00e8s de son PDG qui s\u2019av\u00e8re \u00eatre un proche du     r\u00e9gime et organisateur de ce grand mic mac !          A cause de ses gesticulations, mon p\u00e8re se fait muter \u00e0 l\u2019Office Nationale     de l\u2019Huile. L\u00e0 aussi, il n\u2019a pas les promotions qu\u2019il m\u00e9rite pour un     centralien. Un certain Tlili (candidat \u00e0 la pr\u00e9sidentielle de 1999)     \u00e9tait alors PDG et a tout fait pour bloquer l\u2019ascension de mon p\u00e8re. Je me     rappelle de cette anecdote. Une fois, lors d\u2019une confrontation, mon p\u00e8re lui     a dit que quoi qu\u2019il d\u00e9cide, \u00ab le destin sera du     c\u00f4t\u00e9 des bons \u00bb. Tlili lui a r\u00e9pondu : \u00ab Tu peux garder le destin de ton     c\u00f4t\u00e9, moi j\u2019ai Ben Ali avec moi ! \u00bb. Aujourd\u2019hui, il est en train de croupir     en prison apr\u00e8s que \u00ab son ami Ben Ali \u00bb ait d\u00e9cid\u00e9 de se     d\u00e9barrasser de lui \u2026          C\u2019est tout ce syst\u00e8me mis en place par les proches du r\u00e9gime et avec la     b\u00e9n\u00e9diction du pr\u00e9sident qui a co\u00fbt\u00e9 \u00e0 mon p\u00e8re sa carri\u00e8re d\u2019ing\u00e9nieur et     grand cadre du pays.          Il a \u00e9t\u00e9 bloqu\u00e9 dans sa carri\u00e8re et sa travers\u00e9e du d\u00e9sert commen\u00e7a pour     durer jusqu\u2019\u00e0 sa retraite en 2002.               M\u00eame si au niveau financier, notre famille n\u2019a pas eu le confort d\u2019un cadre     centralien, on avait bien v\u00e9cu et ses ressources financi\u00e8res nous ont permis     de manger \u00e0 notre faim (Oh le couscous de ma m\u00e8re !). Ma     m\u00e8re en a souffert m\u00eame si elle travaillait de son c\u00f4t\u00e9 en \u00e9duquant les     petits bambins au jardin d\u2019enfant. En fait, elle ne pouvait accepter qu\u2019\u00e0     comp\u00e9tences \u00e9gales, on n\u2019avaient pas le m\u00eame train de     vie que les coll\u00e8gues de mon p\u00e8re. Ceux l\u00e0 m\u00eame qui accumulait voitures et     chauffeurs ainsi que des vacances aux h\u00f4tels les plus hupp\u00e9s du pays. On     n\u2019avait pas les moyens de se les payer. Elle a reproch\u00e9 \u00e0 mon p\u00e8re sa     d\u00e9cision de ne pas rejoindre le parti mais elle l\u2019a toujours soutenu dans sa     d\u00e9marche.<\/font> <\/font><font face=\"Arial\" size=\"2\"><strong><font>Surdipl\u00f4m\u00e9     sous employ\u00e9     <\/font> <\/strong><font>Du coup, quelle carri\u00e8re a eu mon p\u00e8re ? Un     poste de directeur \u00ab conseiller \u00bb au sein de la SPROLS. En fait, les     autorit\u00e9s voulaient que mon p\u00e8re l\u00e2che prise et laisse tomber ses id\u00e9es pour     qu\u2019il rentre dans le     rang. Mais il n\u2019a pas l\u00e2ch\u00e9 et a tenu le coup pendant 10 ans.          Alors, que faisait mon p\u00e8re durant toutes ces ann\u00e9es au boulot ? Quasiment     rien ! Il partait au boulot \u00e0 10h et revenait \u00e0 midi. L\u2019apr\u00e8s midi, il n\u2019y     restait qu\u2019une heure au plus !          Quel g\u00e2chis ! Une fois il m\u2019a racont\u00e9 que comme on ne le laissait pas     travailler, la SPROLS patinait et des projets prenaient du retard \u00e0 cause     des personnes \u00ab encart\u00e9es \u00bb incomp\u00e9tentes, pourtant haut plac\u00e9es dans     l\u2019entreprise. \u00a0<\/font><\/font><\/div>\n<div align=\"left\" dir=\"ltr\"> <font face=\"Arial\" size=\"2\">Un exemple frappant \u00e9tait celui     d\u2019erreurs de conception d\u2019appartement de HLM qui faisait perdre des semaines     au projet. Il s\u2019y est pench\u00e9 en une apr\u00e8s midi et a fini de r\u00e9soudre ce     probl\u00e8me alors que les     autres y ont pass\u00e9s des semaines !          Le plus grand perdant dans cette histoire n\u2019est pas mon p\u00e8re mais la Tunisie.     Car en l\u2019emp\u00eachant de travailler, le pays ne progresse pas. Et je suis s\u00fbr     que le cas de mon p\u00e8re n\u2019est pas isol\u00e9. Si tous ceux     qui ont des responsabilit\u00e9s dans ce pays doivent \u00eatre encart\u00e9s, \u00e7a laisse de     c\u00f4t\u00e9 de nombreuses personnes surdipl\u00f4m\u00e9es et qui auraient fait passer la     croissance du pays de 6 points par an (officiellement) \u00e0 10 !          Car, avec toutes les affaires de corruption, de vol, de censure de tous les     talents de ce pays, la Tunisie r\u00e9ussit quand m\u00eame \u00e0 s\u2019en sortir     \u00e9conomiquement (du moins officiellement).          Quand \u00e0 la Tunisie de Ben Ali, elle te met au banc de la soci\u00e9t\u00e9 si tu n\u2019es     pas un fervent supporter du pr\u00e9sident et que tu ne fermes pas ta gueule. Les     journaux se sont mis au pas. Personne ne critique le     pr\u00e9sident. Le quotidien La Presse met toujours notre pr\u00e9sident sur sa une.     Tous ces gens n\u2019arr\u00eataient pas de nous expliquer que nous vivions dans une     d\u00e9mocratie formidable, que le pr\u00e9sident faisait progresser     l\u2019espace des libert\u00e9s alors que je voyais le contre exemple de mon p\u00e8re !          Ma m\u00e8re m\u2019a transmis son humour, mon p\u00e8re son amour de la libert\u00e9     d\u2019expression et du d\u00e9bat.          Cette soif de d\u00e9bat, de libert\u00e9 d\u2019expression, d\u2019id\u00e9es, je l\u2019ai assouvie en     suivant la vie politique \u2026 fran\u00e7aise ! Comme de nombreux tunisiens, j\u2019ai     d\u00e9plac\u00e9 cette envie de libert\u00e9 et ce vide d\u00e9mocratique vers la     France. Je ne comprenais pas pourquoi la Tunisie ne pouvait m\u2019offrir une     \u00e9mission des guignols comme celle de Canal plus !          Jacques Chirac, le pr\u00e9sident fran\u00e7ais aux guignols ! Cela me paraissait le     summum de la libert\u00e9 d\u2019expression !          Et pourquoi nous, on ne peut pas mettre Ben Ali dans nos guignols \u00e0 nous ?          Bien \u00e9videmment, la libert\u00e9 d\u2019expression ne s\u2019arr\u00eate pas l\u00e0. Car quand     j\u2019ouvrais le journal La Presse, il n\u2019y avait que la propagande officielle.     J\u2019ai alors noy\u00e9 mon chagrin dans le football o\u00f9 l\u2019espace     d\u2019expression \u00e9tait plus large \u2026          Pour conclure cet \u00e9pisode, j\u2019ai \u00e9norm\u00e9ment appris de mon p\u00e8re : quel     meilleur exemple d\u2019int\u00e9grit\u00e9 que celui d\u2019une personne qui refuse de fermer     les yeux au prix de son confort personnel ? De sa carri\u00e8re     professionnelle ? Je suis fier de mon p\u00e8re et de sa grande gueule !          Alors, quand Sarkozy d\u00e9barque en Tunisie pour nous dire que tout va bien     dans le meilleur du monde tunisien \u2026               <\/font><font face=\"Arial\" size=\"2\"><font>La suite dans le     prochain \u00e9pisode \u2026     <\/font><font><strong>Bayrem Zitouni<\/strong> <\/font><\/font> <\/div>\n<div align=\"center\" dir=\"ltr\">\n<div align=\"left\" dir=\"ltr\">\u00a0<\/div>\n<p> <font> <\/font><\/div>\n<div align=\"left\" dir=\"ltr\"> <font face=\"Arial\"><strong><\/p>\n<hr\/>\n<p><\/strong><\/font> <\/div>\n<div align=\"center\" dir=\"ltr\"> <font face=\"Arial\" size=\"2\"><strong><\/p>\n<h2 style=\"color: red;\"><font size=\"3\">La     Tunisie et la France signent un accord de coop\u00e9ration touristique<\/font><\/h2>\n<p><font> <\/font><\/strong> <\/font><\/div>\n<div align=\"left\" dir=\"ltr\"> <font>TUNIS, 30 avril (Xinhua)<\/font> &#8212;    <font>La Tunisie et la France ont sign\u00e9\u00a0 mercredi un accord     de coop\u00e9ration dans le domaine touristique ( 2008-2012), ax\u00e9 principalement     sur la formation professionnelle,\u00a0 la qualit\u00e9, le thermalisme et la     thalassoth\u00e9rapie.\u00a0      Cet accord sign\u00e9 dans le cadre de la visite d&rsquo;Etat du pr\u00e9sident Nicolas     Sarkozy en Tunisie, a \u00e9t\u00e9 paraph\u00e9 par Kh\u00e9lil Lajimi,\u00a0 ministre tunisien du     Tourisme et Herv\u00e9 Novelli, secr\u00e9taire d&rsquo;Etat\u00a0 fran\u00e7ais, charg\u00e9 du commerce,     de l&rsquo;artisanat, des PME, du tourisme et des services.\u00a0      \u00ab\u00a0Le secteur touristique peut constituer une locomotive pour le\u00a0 projet de     l&rsquo;Union pour la M\u00e9diterran\u00e9e (UPM)\u00a0\u00bb, a soulign\u00e9 le\u00a0 ministre tunisien du     Tourisme lors d&rsquo;une conf\u00e9rence de presse\u00a0 tenue \u00e0 cette occasion.\u00a0      Le secr\u00e9taire d&rsquo;Etat fran\u00e7ais Herv\u00e9 Novelli a pr\u00e9cis\u00e9 de son\u00a0 cot\u00e9 que cet     accord s&rsquo;int\u00e9ressera \u00e0 de nouveaux domaines, \u00e0 savoir le tourisme culturel,     nautique et de croisi\u00e8re.\u00a0      Il a annonc\u00e9 aussi que la 2\u00e9me conf\u00e9rence des ministres du\u00a0 Tourisme des     pays du groupe 5+5 qui se tiendra les 15 et 16 mai \u00e0\u00a0 Ajaccio (Corse),     constituera une occasion pour l&rsquo;\u00e9laboration d&rsquo;une strat\u00e9gie dans le domaine     touristique qui rev\u00eatira une importance\u00a0 particuli\u00e8re dans le cadre du     projet de l&rsquo;UMP<\/font><\/div>\n<p><\/font><\/p>\n<\/div>\n<p><\/font><\/p>\n<p align=\"left\" dir=\"ltr\">\u00a0<\/p>\n<p align=\"center\" dir=\"ltr\"><b><a href=\"http:\/\/www.tunisnews.net\"><font face=\"Arial\"><span><font size=\"2\">Home<\/font><\/span><font size=\"2\"><span lang=\"FR-CH\"> &#8211; Accueil <\/span><span>&#8211; <\/span><\/font><\/font><span dir=\"rtl\" lang=\"AR-SA\"><font size=\"2\">\u0627\u0644\u0631\u0626\u064a\u0633\u064a\u0629<\/font><\/span><\/a><\/b><\/p>\n<p><\/body><\/body><\/html><\/p>\n","protected":false},"excerpt":{"rendered":"<p>Home &#8211; Accueil \u00a0 TUNISNEWS 8\u00a0\u00e8me\u00a0ann\u00e9e, N\u00b0 \u00a02900 du 01.05.2008 \u00a0archives : www.tunisnews.net AISPP: :la police politique a enlev\u00e9 trois prisonniers politiques lib\u00e9r\u00e9s AISPP: la garde nationale de la r\u00e9gion de Borj Ghammaz ont encercl\u00e9 le domicile d\u2019Achraf Mza\u00efdi CAUMED (Cercle d\u2019Amiti\u00e9 de l\u2019Union M\u00e9diterran\u00e9enne) :COMMUNIQUE DE PRESSE Luiza Toscane:Lib\u00e9ration d&rsquo;Amel Ben Amor AFP:Sarkozy persiste [&hellip;]<\/p>\n","protected":false},"author":1,"featured_media":22040,"comment_status":"open","ping_status":"open","sticky":false,"template":"","format":"standard","meta":{"inline_featured_image":false,"site-sidebar-layout":"default","site-content-layout":"","ast-site-content-layout":"default","site-content-style":"default","site-sidebar-style":"default","ast-global-header-display":"","ast-banner-title-visibility":"","ast-main-header-display":"","ast-hfb-above-header-display":"","ast-hfb-below-header-display":"","ast-hfb-mobile-header-display":"","site-post-title":"","ast-breadcrumbs-content":"","ast-featured-img":"","footer-sml-layout":"","ast-disable-related-posts":"","theme-transparent-header-meta":"","adv-header-id-meta":"","stick-header-meta":"","header-above-stick-meta":"","header-main-stick-meta":"","header-below-stick-meta":"","astra-migrate-meta-layouts":"default","ast-page-background-enabled":"default","ast-page-background-meta":{"desktop":{"background-color":"","background-image":"","background-repeat":"repeat","background-position":"center center","background-size":"auto","background-attachment":"scroll","background-type":"","background-media":"","overlay-type":"","overlay-color":"","overlay-opacity":"","overlay-gradient":""},"tablet":{"background-color":"","background-image":"","background-repeat":"repeat","background-position":"center center","background-size":"auto","background-attachment":"scroll","background-type":"","background-media":"","overlay-type":"","overlay-color":"","overlay-opacity":"","overlay-gradient":""},"mobile":{"background-color":"","background-image":"","background-repeat":"repeat","background-position":"center center","background-size":"auto","background-attachment":"scroll","background-type":"","background-media":"","overlay-type":"","overlay-color":"","overlay-opacity":"","overlay-gradient":""}},"ast-content-background-meta":{"desktop":{"background-color":"var(--ast-global-color-5)","background-image":"","background-repeat":"repeat","background-position":"center center","background-size":"auto","background-attachment":"scroll","background-type":"","background-media":"","overlay-type":"","overlay-color":"","overlay-opacity":"","overlay-gradient":""},"tablet":{"background-color":"var(--ast-global-color-5)","background-image":"","background-repeat":"repeat","background-position":"center center","background-size":"auto","background-attachment":"scroll","background-type":"","background-media":"","overlay-type":"","overlay-color":"","overlay-opacity":"","overlay-gradient":""},"mobile":{"background-color":"var(--ast-global-color-5)","background-image":"","background-repeat":"repeat","background-position":"center center","background-size":"auto","background-attachment":"scroll","background-type":"","background-media":"","overlay-type":"","overlay-color":"","overlay-opacity":"","overlay-gradient":""}},"footnotes":""},"categories":[],"tags":[57,39,29],"class_list":["post-18628","post","type-post","status-publish","format-standard","has-post-thumbnail","hentry","tag-57","tag-39","tag-fr"],"_links":{"self":[{"href":"https:\/\/tunisnews.net\/ar\/wp-json\/wp\/v2\/posts\/18628","targetHints":{"allow":["GET"]}}],"collection":[{"href":"https:\/\/tunisnews.net\/ar\/wp-json\/wp\/v2\/posts"}],"about":[{"href":"https:\/\/tunisnews.net\/ar\/wp-json\/wp\/v2\/types\/post"}],"author":[{"embeddable":true,"href":"https:\/\/tunisnews.net\/ar\/wp-json\/wp\/v2\/users\/1"}],"replies":[{"embeddable":true,"href":"https:\/\/tunisnews.net\/ar\/wp-json\/wp\/v2\/comments?post=18628"}],"version-history":[{"count":0,"href":"https:\/\/tunisnews.net\/ar\/wp-json\/wp\/v2\/posts\/18628\/revisions"}],"wp:featuredmedia":[{"embeddable":true,"href":"https:\/\/tunisnews.net\/ar\/wp-json\/wp\/v2\/media\/22040"}],"wp:attachment":[{"href":"https:\/\/tunisnews.net\/ar\/wp-json\/wp\/v2\/media?parent=18628"}],"wp:term":[{"taxonomy":"category","embeddable":true,"href":"https:\/\/tunisnews.net\/ar\/wp-json\/wp\/v2\/categories?post=18628"},{"taxonomy":"post_tag","embeddable":true,"href":"https:\/\/tunisnews.net\/ar\/wp-json\/wp\/v2\/tags?post=18628"}],"curies":[{"name":"wp","href":"https:\/\/api.w.org\/{rel}","templated":true}]}}