{"id":18621,"date":"2011-09-21T00:00:00","date_gmt":"2011-09-21T00:00:00","guid":{"rendered":"https:\/\/tunisnews.net\/21-septembre-2011\/"},"modified":"2011-09-21T00:00:00","modified_gmt":"2011-09-21T00:00:00","slug":"21-septembre-2011","status":"publish","type":"post","link":"https:\/\/tunisnews.net\/ar\/21-septembre-2011\/","title":{"rendered":"21 septembre 2011"},"content":{"rendered":"<p><html><head><meta content=\"text\/html\" description=\"Les \n\t\t\t\t\t\t\t\t\t\t\t\t\t\t\t\t\t\tpartis \n\t\t\t\t\t\t\t\t\t\t\t\t\t\t\t\t\t\ttunisiens \n\t\t\t\t\t\t\t\t\t\t\t\t\t\t\t\t\t\t\u00e0 la \n\t\t\t\t\t\t\t\t\t\t\t\t\t\t\t\t\t\trencontre \n\t\t\t\t\t\t\t\t\t\t\t\t\t\t\t\t\t\tde la \n\t\t\t\t\t\t\t\t\t\t\t\t\t\t\t\t\t\tdiaspora \n\t\t\t\t\t\t\t\t\t\t\t\t\t\t\t\t\t\ten \n\t\t\t\t\t\t\t\t\t\t\t\t\t\t\t\t\t\tFrance\" http-equiv=\"Content-Type\"\/><\/head><body><body><\/p>\n<div>\n<div dir=\"ltr\">\n<div>\n<div>\n<div>\n<div>\n<div>\n<div>\n<div>\n<div>\n<div>\n<div>\n<div>\n<div>\n<div>\n<div>\n<div>\n<div dir=\"ltr\">\n<div>\n<div>\n<div>\n<div>\n<div>\n<div>\n<div>\n<div>\n<div>\n<div>\n<div>\n<div>\n<div dir=\"ltr\"><\/div>\n<div align=\"center\" dir=\"ltr\"><font face=\"Bookman Old Style\" size=\"7\"><strong>TUNISNEWS <\/strong><\/font><\/div>\n<div align=\"center\" dir=\"ltr\"><strong><font face=\"Arial\" size=\"2\">11 \u00e8me ann\u00e9e, N\u00b04101 du 21.09.2011<\/font><\/strong><\/div>\n<div align=\"center\" dir=\"ltr\"><font face=\"Arial\" size=\"2\"><strong>archives : <\/strong><\/font><a target=\"_blank\" rel=\"noopener\"><font face=\"Arial\" size=\"2\"><strong>www.tunisnews.net<\/strong><\/font><\/a><span lang=\"FR\"><strong><font face=\"Arial\" size=\"2\"> <\/font><\/strong><\/span><\/div>\n<p><font><\/p>\n<div dir=\"ltr\">\u00a0<\/div>\n<p><\/font><font><font><font size=\"2\"><font face=\"Arial\"><\/p>\n<div dir=\"ltr\"><strong><\/p>\n<hr\/>\n<p><\/strong><\/div>\n<p><\/font><\/font><\/font><\/font><\/p>\n<div dir=\"ltr\">\n<h2 style=\"color: red;\"><font face=\"Arial\" size=\"2\"><strong>Afrik: Les partis tunisiens \u00e0 la rencontre de la diaspora en France<\/strong><\/font><\/h2>\n<\/div>\n<div dir=\"ltr\"><font face=\"Arial\" size=\"2\"><strong>Afrik: \u00ab\u00a0La\u00efcit\u00e9 In\u2019chAllah\u00a0\u00bb mercredi dans les salles<\/strong><\/font><\/div>\n<div dir=\"ltr\">\n<h2 style=\"color: red;\"><font face=\"Arial\" size=\"2\"><strong>Le Monde.fr: \u00ab\u00a0La\u00efcit\u00e9 Inch Allah\u00a0\u00bb : un document utile \u00e0 la compr\u00e9hension du printemps arabe<\/strong><\/font><\/h2>\n<\/div>\n<div dir=\"ltr\"><font face=\"Arial\" size=\"2\"><strong>Le Nouvel Observateur: La la\u00efcit\u00e9 en Tunisie ? Inch&rsquo;Allah<\/strong><\/font><\/div>\n<div dir=\"ltr\">\n<h2 style=\"color: red;\"><font face=\"Arial\" size=\"2\"><strong>Investir en Tunisie: Tunisie : la sc\u00e8ne m\u00e9diatique en \u00e9bullition<\/strong><\/font><\/h2>\n<\/div>\n<div dir=\"ltr\"><font face=\"Arial\" size=\"2\"><strong>Atlantico: La myst\u00e9rieuse tentative de suicide de Le\u00efla Ben Ali-Trabelsi<\/strong><\/font><\/div>\n<div dir=\"ltr\">\n<h2 style=\"color: red;\"><font face=\"Arial\" size=\"2\"><strong>Rue 89: En Tunisie, Amami tabass\u00e9 par la police : \u00ab On a trop parl\u00e9 de moi \u00bb<\/strong><\/font><\/h2>\n<\/div>\n<div dir=\"ltr\"><font face=\"Arial\" size=\"2\"><strong>Marianne: Tunisie : la d\u00e9mocratie naissante se fait sans les Fran\u00e7ais<\/strong><\/font><\/div>\n<div dir=\"ltr\">\n<h2 style=\"color: red;\"><font size=\"2\"><strong><font face=\"Arial\">Luiza Toscane: <\/font><span lang=\"FR\"><font face=\"Arial\">Une Fran\u00e7aise victime des nervis de Bachar El Assad<\/font><\/span><\/strong><\/font><\/h2>\n<\/div>\n<\/div>\n<\/div>\n<\/div>\n<\/div>\n<\/div>\n<\/div>\n<\/div>\n<\/div>\n<\/div>\n<\/div>\n<\/div>\n<\/div>\n<\/div>\n<div>\n<h2 style=\"color: red;\"><font face=\"Arial\" size=\"2\"><strong><\/p>\n<div dir=\"ltr\">\n<hr\/>\n<\/div>\n<div align=\"center\" dir=\"ltr\"><\/div>\n<p><b><span lang=\"NO-BOK\"><\/p>\n<h2 style=\"color: red;\"><font face=\"Arial\">Les partis tunisiens \u00e0 la rencontre de la diaspora en France<\/font><\/h2>\n<p><\/span><\/b><\/strong><\/font><\/h2>\n<\/div>\n<div dir=\"ltr\">\n<hr\/>\n<\/div>\n<p align=\"justify\" dir=\"ltr\"><b><span lang=\"NO-BOK\"><font face=\"Arial\">Samedi 24 septembre, les repr\u00e9sentants de partis tunisiens en lice pour l\u2019\u00e9lection pour la Constituante du 23 octobre, vont aller \u00e0 la rencontre de la diaspora tunisienne en France, \u00e0 l\u2019occasion d\u2019une conf\u00e9rence-d\u00e9bat au Bourget. A un mois du scrutin, l\u2019enjeu est de taille : la communaut\u00e9 tunisienne de France, la plus importante \u00e0 l\u2019\u00e9tranger, rapportera 10 si\u00e8ges \u00e0 l\u2019Assembl\u00e9e Constituante tunisienne.<\/font><\/span><\/b><\/p>\n<p align=\"justify\" dir=\"ltr\"><font face=\"Arial\"><span lang=\"NO-BOK\"><font>La mairie du Bourget accueillera samedi, pour la seconde fois, une conf\u00e9rence-d\u00e9bat en pr\u00e9sence de repr\u00e9sentants des principaux partis tunisiens en lice pour l\u2019\u00e9lection de la Constituante du 23 octobre.<\/font><\/span><font><span lang=\"NO-BOK\"><i><span>\u00ab L\u2019id\u00e9e au d\u00e9part \u00e9tait de r\u00e9pondre \u00e0 une demande des Tunisiens de France, loin de leur pays, mais tout aussi inquiet que l\u2019ensemble des Tunisiens au sujet de l\u2019avenir du pays,<\/span><\/i><span>explique Aida Amri, membre de l\u2019association Actif (association des comp\u00e9tences tunisiennes innovantes de France).<\/span><\/span><i><span lang=\"EN-US\">C\u2019est une initiative citoyenne qui offre la possibilit\u00e9 aux Tunisiens de France, perdus devant le nombre impressionnants de partis en comp\u00e9tition (104), pour la premi\u00e8re \u00e9lection d\u00e9mocratique en Tunisie, d\u2019\u00e9changer avec des repr\u00e9sentants des principaux partis. \u00bb<\/span><\/i><\/font><span lang=\"EN-US\"><font><\/font><span><font>Du jamais vu pour la diaspora tunisienne : en l\u2019absence d\u2019\u00e9lections libres en Tunisie, les Tunisiens de France n\u2019ont jamais \u00e9t\u00e9 associ\u00e9s \u00e0 la vie politique tunisienne sous le r\u00e9gime de Ben Ali.<\/font><\/span><\/span><\/font><\/p>\n<p align=\"justify\" dir=\"ltr\"><b><span lang=\"EN-US\"><font face=\"Arial\">15 partis<\/font><\/span><\/b><\/p>\n<p align=\"justify\" dir=\"ltr\"><font face=\"Arial\"><span lang=\"EN-US\"><font>A l\u2019initiative d\u2019ACTIF (Association des Comp\u00e9tences Tunisiennes Innovantes de France), en partenariat avec des associations r\u00e9unies au sein d\u2019un collectif (le PACTE, le Pays vert et l\u2019Association de soutien au peuple tunisien), la manifestation r\u00e9unira15 formations politiques en comp\u00e9tition.<\/font><\/span><font><i><span lang=\"EN-US\"><span>\u00ab Des partis que nous avons contact\u00e9, d\u2019autres ont demand\u00e9 \u00e0 nous rejoindre sur Facebook. Aussi bien des grands partis que des petits partis, moins m\u00e9diatis\u00e9s. Pour cette \u00e9dition, la notion de liste s\u2019est ajout\u00e9e. Il y a des listes ind\u00e9pendantes, des coalitions. Contrairement \u00e0 la rencontre pr\u00e9c\u00e9dente o\u00f9 chacun \u00e9tait invit\u00e9 \u00e0 se pr\u00e9senter, cette fois, il s\u2019agira de tables-ronde, trois plus pr\u00e9cis\u00e9ment, avec cinq partis \u00e0 chaque fois, \u00e0 qui l\u2019on posera les m\u00eames questions, afin de permettre au public de comparer et d\u2019\u00e9tablir ce qui les distingue. \u00bb<\/span><\/span><\/i><span lang=\"EN-US\"><span>Le th\u00e8me principal \u00e9tant : les enjeux et les programmes pour la Constitution.<\/span><\/span><span lang=\"NO-BOK\">La forme du r\u00e9gime, la place de la religion, la s\u00e9paration des pouvoirs, l\u2019ind\u00e9pendance de la justice\u2026<\/span><span lang=\"EN-US\">Soit autant de points qui devraient \u00eatre abord\u00e9s samedi.<\/span><\/font><span lang=\"EN-US\"><font><i><span>\u00ab La premi\u00e8re fois, nous avions eu quelques probl\u00e8mes techniques, l\u00e0 nous serons mieux organis\u00e9s. Chacun candidat aura le m\u00eame temps de parole et les participants pourront poser les questions qu\u2019ils souhaitent. A un mois des \u00e9lections, les inqui\u00e9tudes sont nombreuses, le d\u00e9bat promet d\u2019\u00eatre int\u00e9ressant. \u00bb<\/span><\/i><\/font><span><font>Ces derniers mois, les leaders des principaux partis en comp\u00e9tition ont multipli\u00e9 les meetings dans la m\u00e9tropole. A un mois de l\u2019\u00e9lection, l\u2019enjeu est de taille : la future assembl\u00e9e comprendra 218 si\u00e8ges, dont 19 r\u00e9serv\u00e9s \u00e0 la diaspora tunisienne.<\/font><\/span><\/span><\/font><\/p>\n<p align=\"justify\" dir=\"ltr\"><span lang=\"EN-US\"><font face=\"Arial\">Quelque 1.600 listes candidates ont \u00e9t\u00e9 enregistr\u00e9es en Tunisie et une centaine \u00e0 l\u2019\u00e9tranger pour l\u2019\u00e9lection du 23 octobre, premier scrutin depuis la chute du r\u00e9gime Ben Ali en janvier. Au total, pr\u00e8s de 10.000 candidats ont \u00e9t\u00e9 enregistr\u00e9s.<\/font><\/span><\/p>\n<p align=\"justify\" dir=\"ltr\"><span lang=\"EN-US\"><font face=\"Arial\">Source: \u201dAfrik.com\u201d Le 20-09-2011<\/font><\/span><\/p>\n<p align=\"justify\" dir=\"ltr\"><font face=\"Arial\"><span lang=\"NO-BOK\"><font>Lien: <\/font><a href=\"http:\/\/www.afrik.com\/article23711.html\" target=\"_blank\" rel=\"noopener\"><font>http:\/\/www.afrik.com\/article23711.html<\/font><\/a><\/span><\/font><\/p>\n<p align=\"justify\" dir=\"ltr\">\u00a0<\/p>\n<p><font face=\"Arial\" size=\"2\"><strong><\/p>\n<div dir=\"ltr\">\n<hr\/>\n<\/div>\n<div align=\"center\" dir=\"ltr\"><b><span lang=\"NO-BOK\"><\/p>\n<h2 style=\"color: red;\"><font face=\"Arial\">\u00ab\u00a0La\u00efcit\u00e9 In\u2019chAllah\u00a0\u00bb mercredi dans les salles<\/font><\/h2>\n<p><\/span><\/b><\/div>\n<div dir=\"ltr\">\n<hr\/>\n<\/div>\n<p align=\"justify\" dir=\"ltr\"><b><span lang=\"NO-BOK\"><font face=\"Arial\">\u00ab\u00a0La\u00efcit\u00e9 Inch\u2019Allah\u00a0\u00bb, le film de Nadia El Fani, sort mercredi 21 septembre dans les salles de cin\u00e9ma fran\u00e7aises. A travers le regard de cette r\u00e9alisatrice franco-tunisienne, fille d\u2019un des fondateurs du Parti communiste tunisien, le public d\u00e9couvre une Tunisie tol\u00e9rante, ouverte, o\u00f9 la question de la la\u00efcit\u00e9 se pose plus que jamais, \u00e0 un mois des \u00e9lections pour l\u2019\u00e9laboration d\u2019une nouvelle Constitution.<\/font><\/span><\/b><\/p>\n<p align=\"justify\" dir=\"ltr\"><span lang=\"NO-BOK\"><font face=\"Arial\">Le film de<span><\/span><\/font><font><a href=\"http:\/\/www.afrik.com\/article22876.html\" target=\"_blank\" rel=\"noopener\"><b><span><font face=\"Arial\">Nadia El Fani<\/font><\/span><\/b><\/a><font face=\"Arial\">, \u00ab\u00a0La\u00efcit\u00e9 Inch\u2019Allah\u00a0\u00bb, sort mercredi 21 septembre dans les salles de cin\u00e9ma fran\u00e7aises. Tourn\u00e9 en ao\u00fbt 2010, en plein ramadan, rattrap\u00e9e par la r\u00e9volution tunisienne, le film pose la question de la la\u00efcit\u00e9 dans un pays \u00e0 majorit\u00e9 musulmane, o\u00f9 le premier article de la Constitution d\u00e9clare :<span><\/span><i>\u00ab la Tunisie est un Etat libre, ind\u00e9pendant et souverain : sa religion est l\u2019Islam, sa langue l\u2019arabe et son r\u00e9gime la r\u00e9publique. \u00bb<\/i><span><\/span><\/font><\/font><\/span><span lang=\"EN-US\"><font face=\"Arial\">Une question qui se pose plus que jamais depuis la chute de l\u2019ancien r\u00e9gime. Alors que les Tunisiens vont \u00e9lire, le 23 octobre, leurs repr\u00e9sentants charg\u00e9s de r\u00e9diger une nouvelle constitution, le d\u00e9bat sur la la\u00efcit\u00e9, une notion nouvelle, m\u00e9connue, parfois rejet\u00e9 parce que qualifi\u00e9e d\u2019occidentale, fait pol\u00e9mique. Ce qui a valu \u00e0 sa r\u00e9alisatrice un proc\u00e8s d\u2019intention. D\u00e8s le 1er mai, les cybernautes se d\u00e9cha\u00eenent, sur des comptes tels que \u00ab Pour qu\u2019il y ait dix millions de crachats sur la t\u00eate de cette truie chauve \u00bb qui comptait alors 35 000 signataires.<\/font><\/span><\/p>\n<p align=\"justify\" dir=\"ltr\"><span lang=\"EN-US\"><font face=\"Arial\">Quelle diffusion en Tunisie ?<\/font><\/span><\/p>\n<p align=\"justify\" dir=\"ltr\"><font face=\"Arial\"><span lang=\"EN-US\"><font>Le film, au d\u00e9part intitul\u00e9 \u00ab Ni Allah, ni ma\u00eetre \u00bb, deviendra \u00ab La\u00efcit\u00e9 Inch\u2019Allah \u00bb. Pourtant, \u00e0 travers le regard de Nadia El Fani, le public d\u00e9couvre une Tunisie ouverte, o\u00f9 chacun est libre de je\u00fbner ou non.<span><\/span><i>\u00ab Mon film d\u00e9fend la la\u00efcit\u00e9, qui est selon moi le d\u00e9bat central de notre r\u00e9volution,<\/i><span><\/span>a-t-elle d\u00e9clarait lors d\u2019une interview donn\u00e9 \u00e0 Afrik.com \u00e0 l\u2019occasion de la projection de son film au festival de Cannes.<i>\u00ab C\u2019est l\u2019un des premiers sujets d\u00e9battus (depuis) la chute de Ben Ali. Dans notre constitution, l\u2019article premier pr\u00e9cise que l\u2019Islam est notre religion. Or il existe une v\u00e9ritable hypocrisie sociale. Il faut d\u00e9fendre la libert\u00e9 de penser et donc d\u2019\u00eatre aussi des \u00ab la\u00efcards \u00bb comme nous appellent les islamistes. Maintenant que nous nous appr\u00eatons \u00e0 \u00e9lire notre assembl\u00e9e constituante en juillet prochain, il y a deux projets de soci\u00e9t\u00e9 possibles : un retour en arri\u00e8re ou un d\u00e9part vers la modernit\u00e9.<\/i><\/font><\/span><font><i><span lang=\"NO-BOK\">Et cette modernit\u00e9 passe par la la\u00efcit\u00e9. \u00bb<\/span><\/i><span><span lang=\"NO-BOK\"><\/span><\/span><span lang=\"NO-BOK\">Et donc par un film, le sien. Encore faut-il qu\u2019il puisse \u00eatre projet\u00e9 en Tunisie. Sa premi\u00e8re diffusion, le 24 avril \u00e0 Tunis, en cl\u00f4ture d\u2019un festival de documentaires, s\u2019\u00e9tait d\u00e9roul\u00e9e sans heurts.<\/span><\/font><span lang=\"EN-US\"><font>Depuis la situation s\u2019est d\u00e9t\u00e9rior\u00e9e. Lors d\u2019une autre projection, le 26 juin, une centaine de manifestants violents ont investi le cin\u00e9ma Africart \u00e0 Tunis o\u00f9 le film \u00e9tait projet\u00e9 et l\u2019ont saccag\u00e9.<\/font><\/span><\/font><\/p>\n<p align=\"justify\" dir=\"ltr\"><font face=\"Arial\"><span lang=\"EN-US\"><font>Lire \u00e9galement Nadia El Fani :<span><\/span><\/font><\/span><span lang=\"NO-BOK\"><a href=\"http:\/\/www.afrik.com\/article22876.html\" target=\"_blank\" rel=\"noopener\"><b><span lang=\"EN-US\"><font>\u00ab On s\u2019est mis debout, pas question d\u2019\u00eatre \u00e0 genoux \u00bb<\/font><\/span><\/b><\/a><\/span><\/font><\/p>\n<p align=\"justify\" dir=\"ltr\"><span lang=\"EN-US\"><font face=\"Arial\">Source: \u201cAfrik.com\u201d Le 20-09-2011<\/font><\/span><\/p>\n<p align=\"justify\" dir=\"ltr\"><font face=\"Arial\"><span lang=\"NO-BOK\"><font>Lien: <\/font><a href=\"http:\/\/www.afrik.com\/article23716.html\" target=\"_blank\" rel=\"noopener\"><font>http:\/\/www.afrik.com\/article23716.html<\/font><\/a><\/span><\/font><\/p>\n<p align=\"justify\" dir=\"ltr\">\u00a0<\/p>\n<p><font face=\"Arial\" size=\"2\"><strong><\/p>\n<div dir=\"ltr\">\n<hr\/>\n<\/div>\n<div align=\"center\" dir=\"ltr\"><b><span lang=\"EN-US\"><\/p>\n<h2 style=\"color: red;\"><font face=\"Arial\">\u00ab\u00a0La\u00efcit\u00e9 Inch Allah\u00a0\u00bb : un document utile \u00e0 la compr\u00e9hension du printemps arabe<\/font><\/h2>\n<p><\/span><\/b><\/div>\n<div dir=\"ltr\">\n<hr\/>\n<\/div>\n<p align=\"justify\" dir=\"ltr\"><font face=\"Arial\"><span><span lang=\"EN-US\"><font>A l&rsquo;\u00e9t\u00e9 2010, alors que le portrait du pr\u00e9sident<\/font><\/span><\/span><font><span><span lang=\"EN-US\"><\/span><\/span><span><span lang=\"NO-BOK\"><a href=\"http:\/\/www.lemonde.fr\/sujet\/26ed\/ben-ali.html\" target=\"_blank\" rel=\"noopener\"><span lang=\"EN-US\"><font>Ben Ali<\/font><\/span><\/a><\/span><\/span><span><span lang=\"EN-US\"><\/span><\/span><span><span lang=\"EN-US\">restait omnipr\u00e9sent sur les murs de Tunis (apr\u00e8s tout il lui restait encore un triomphe \u00e9lectoral \u00e0<\/span><\/span><span><span lang=\"EN-US\"><\/span><\/span><span><span lang=\"NO-BOK\"><a href=\"http:\/\/conjugaison.lemonde.fr\/conjugaison\/search?verb=venir\" target=\"_blank\" rel=\"noopener\"><span lang=\"EN-US\"><font>venir<\/font><\/span><\/a><\/span><span lang=\"EN-US\">), Nadia El Fani est venue<\/span><\/span><span><span lang=\"EN-US\"><\/span><\/span><span><span lang=\"NO-BOK\"><a href=\"http:\/\/conjugaison.lemonde.fr\/conjugaison\/search?verb=filmer\" target=\"_blank\" rel=\"noopener\"><span lang=\"EN-US\"><font>filmer<\/font><\/span><\/a><\/span><\/span><span><span lang=\"EN-US\"><\/span><\/span><span><span lang=\"EN-US\">sa ville et son pays pendant le mois de ramadan.<\/span><\/span><\/font><span><span lang=\"NO-BOK\"><font>Six mois plus tard, la Tunisie \u00e9tonnait le monde et le film de Nadia El Fani s&rsquo;en trouvait boulevers\u00e9.<\/font><\/span><\/span><\/font><\/p>\n<p align=\"justify\" dir=\"ltr\"><span lang=\"NO-BOK\"><font face=\"Arial\">Ce qui aurait sans doute \u00e9t\u00e9 une d\u00e9ploration de l&#8217;emprise de l&rsquo;islam sur la soci\u00e9t\u00e9, pouss\u00e9e par une intellectuelle qui revendique son ath\u00e9isme, est devenu un argument &#8211; voire une arme &#8211; dans le d\u00e9bat qui traverse la soci\u00e9t\u00e9 tunisienne.<\/font><\/span><\/p>\n<p align=\"justify\" dir=\"ltr\"><span lang=\"NO-BOK\"><font face=\"Arial\">Aux plans vol\u00e9s dans les caf\u00e9s aux vitrines aveugles o\u00f9 les hommes (les hommes seulement) se r\u00e9fugient pendant les journ\u00e9es de canicule pour<span><\/span><\/font><font><a href=\"http:\/\/conjugaison.lemonde.fr\/conjugaison\/search?verb=rompre\" target=\"_blank\" rel=\"noopener\"><font face=\"Arial\">rompre<\/font><\/a><\/font><font face=\"Arial\"><span><\/span>le je\u00fbne avant l&rsquo;heure se sont ajout\u00e9s des d\u00e9bats passionn\u00e9s autour de la notion de la\u00efcit\u00e9, des plans saisis dans les manifestations o\u00f9 f\u00e9ministes et islamistes s&rsquo;affrontent.<\/font><\/span><\/p>\n<p align=\"justify\" dir=\"ltr\"><span lang=\"NO-BOK\"><font face=\"Arial\">Le mat\u00e9riau est passionnant et par la vertu de l&rsquo;histoire,<span><\/span><em><span><a href=\"http:\/\/www.lemonde.fr\/sujet\/acbf\/laicite-inch.html\" target=\"_blank\" rel=\"noopener\"><font>La\u00efcit\u00e9 Inch<\/font><\/a><\/span><\/em><span><i><\/i><\/span><em><span>Allah<\/span><\/em><span><\/span>est un document utile \u00e0 la compr\u00e9hension du printemps arabe.<\/font><\/span><\/p>\n<p align=\"justify\" dir=\"ltr\"><font face=\"Arial\"><span lang=\"EN-US\"><font>Quant aux d\u00e9fauts du film, ce sont sans doute ceux de la r\u00e9alisatrice.<\/font><\/span><font><span lang=\"NO-BOK\">S\u00fbre de la justesse de sa cause, elle en fait essentiellement<span><\/span><a href=\"http:\/\/conjugaison.lemonde.fr\/conjugaison\/search?verb=intervenir\" target=\"_blank\" rel=\"noopener\"><font>intervenir<\/font><\/a><span><\/span>les partisans.<\/span><\/font><span lang=\"EN-US\"><font>On se rend compte que les la\u00efcs tunisiens ne sont pas issus du petit peuple et que leur moyenne d&rsquo;\u00e2ge est plut\u00f4t \u00e9lev\u00e9e.<\/font><\/span><\/font><\/p>\n<p align=\"justify\" dir=\"ltr\"><font face=\"Arial\"><span lang=\"EN-US\"><font>Nadia El Fani a l&rsquo;honn\u00eatet\u00e9 de ne pas<span><\/span><\/font><\/span><font><span lang=\"NO-BOK\"><a href=\"http:\/\/conjugaison.lemonde.fr\/conjugaison\/search?verb=cacher\" target=\"_blank\" rel=\"noopener\"><span lang=\"EN-US\"><font>cacher<\/font><\/span><\/a><\/span><span><span lang=\"EN-US\"><\/span><\/span><\/font><span lang=\"EN-US\"><font>cet \u00e9tat de fait, elle n&rsquo;en expose pas non plus la gen\u00e8se. Au d\u00e9tour d&rsquo;une s\u00e9quence de manifestation, une jeune journaliste explique comment elle a pris conscience, \u00e0 l&rsquo;occasion d&rsquo;un reportage dans un quartier populaire, de l&rsquo;influence pr\u00e9dominante de la religion sur la vie quotidienne des d\u00e9laiss\u00e9s de la croissance tunisienne.<\/font><\/span><\/font><\/p>\n<p align=\"justify\" dir=\"ltr\"><font face=\"Arial\"><span lang=\"EN-US\"><font>On voit aussi la patronne d&rsquo;un atelier de confection<span><\/span><\/font><\/span><font><span lang=\"NO-BOK\"><a href=\"http:\/\/conjugaison.lemonde.fr\/conjugaison\/search?verb=r%C3%A9pondre\" target=\"_blank\" rel=\"noopener\"><span lang=\"EN-US\"><font>r\u00e9pondre<\/font><\/span><\/a><\/span><span><span lang=\"EN-US\"><\/span><\/span><span lang=\"EN-US\">\u00e0 la r\u00e9alisatrice qui lui rappelle que Bourguiba conseillait de<span><\/span><\/span><span lang=\"NO-BOK\"><a href=\"http:\/\/conjugaison.lemonde.fr\/conjugaison\/search?verb=choisir\" target=\"_blank\" rel=\"noopener\"><span lang=\"EN-US\"><font>choisir<\/font><\/span><\/a><\/span><span><span lang=\"EN-US\"><\/span><\/span><span lang=\"EN-US\">le d\u00e9veloppement plut\u00f4t que le ramadan :<span><\/span><em><span>\u00ab\u00a0Mais ce n&rsquo;est pas Bourguiba qui nous fera<\/span><\/em><span><i><\/i><\/span><\/span><em><span lang=\"NO-BOK\"><a href=\"http:\/\/conjugaison.lemonde.fr\/conjugaison\/search?verb=entrer\" target=\"_blank\" rel=\"noopener\"><span lang=\"EN-US\"><font>entrer<\/font><\/span><\/a><\/span><\/em><span><i><span lang=\"EN-US\"><\/span><\/i><\/span><em><span lang=\"EN-US\">au paradis\u00a0\u00bb<\/span><\/em><span lang=\"EN-US\">. Ces fen\u00eatres qui s&rsquo;ouvrent sur d&rsquo;autres fa\u00e7ons de<span><\/span><\/span><span lang=\"NO-BOK\"><a href=\"http:\/\/conjugaison.lemonde.fr\/conjugaison\/search?verb=penser\" target=\"_blank\" rel=\"noopener\"><span lang=\"EN-US\"><font>penser<\/font><\/span><\/a><\/span><span><span lang=\"EN-US\"><\/span><\/span><span lang=\"EN-US\">se referment bien vite pour<\/span><span lang=\"NO-BOK\"><a href=\"http:\/\/conjugaison.lemonde.fr\/conjugaison\/search?verb=laisser\" target=\"_blank\" rel=\"noopener\"><span lang=\"EN-US\"><font>laisser<\/font><\/span><\/a><\/span><span><span lang=\"EN-US\"><\/span><\/span><\/font><span lang=\"EN-US\"><font>la place au discours passionn\u00e9 de la r\u00e9alisatrice.<\/font><\/span><\/font><\/p>\n<p align=\"justify\" dir=\"ltr\"><span lang=\"EN-US\"><font face=\"Arial\">Source:\u201dLe Monde.fr\u201d Le 20-09-2011<\/font><\/span><\/p>\n<p align=\"justify\" dir=\"ltr\"><font face=\"Arial\"><span lang=\"NO-BOK\"><font>Lien<b>: <\/b><\/font><a href=\"http:\/\/www.lemonde.fr\/cinema\/article\/2011\/09\/20\/laicite-inch-allah-un-document-utile-a-la-comprehension-du-printemps-arabe_1574515_3476.html\" target=\"_blank\" rel=\"noopener\"><font>http:\/\/www.lemonde.fr\/cinema\/article\/2011\/09\/20\/laicite-inch-allah-un-document-utile-a-la-comprehension-du-printemps-arabe_1574515_3476.html<\/font><\/a><\/span><\/font><\/p>\n<p align=\"justify\" dir=\"ltr\">\u00a0<\/p>\n<p><font face=\"Arial\" size=\"2\"><strong><\/p>\n<div dir=\"ltr\">\n<hr\/>\n<\/div>\n<div align=\"center\" dir=\"ltr\"><b><span lang=\"NO-BOK\"><\/p>\n<h3 style=\"color: blue;\"><font face=\"Arial\">La la\u00efcit\u00e9 en Tunisie ? Inch&rsquo;Allah<\/font><\/h3>\n<p><\/span><\/b><\/div>\n<div dir=\"ltr\">\n<hr\/>\n<\/div>\n<p align=\"justify\" dir=\"ltr\"><font face=\"Arial\"><span lang=\"EN-US\"><font>LE PLUS. D&rsquo;un c\u00f4t\u00e9, un documentaire pr\u00f4nant la la\u00efcit\u00e9.<\/font><\/span><span lang=\"NO-BOK\"><font>De l&rsquo;autre, un parti islamiste au centre du d\u00e9bat politique tunisien. Le combat entre les deux, et l&rsquo;analyse qu&rsquo;en fait S\u00e9verine Labat, chercheur au CNRS, rappelle que l&rsquo;obscurantisme religieux n&rsquo;est jamais loin et que le \u00ab\u00a0Printemps arabe\u00a0\u00bb a peut-\u00eatre m\u00eame permis le retour d&rsquo;un islam politique.<\/font><\/span><\/font><\/p>\n<p align=\"justify\" dir=\"ltr\"><span lang=\"NO-BOK\"><font face=\"Arial\"><font>\u00ab\u00a0<\/font><i><font>Ce n\u2019est pas moi le m\u00e9cr\u00e9ant, mais la faim qui est m\u00e9cr\u00e9ante,<\/font><\/i><\/font><\/span><\/p>\n<p align=\"justify\" dir=\"ltr\"><i><span lang=\"NO-BOK\"><font face=\"Arial\">Ce n\u2019est pas moi le m\u00e9cr\u00e9ant, mais la maladie qui est m\u00e9cr\u00e9ante,<\/font><\/span><\/i><\/p>\n<p align=\"justify\" dir=\"ltr\"><i><span lang=\"NO-BOK\"><font face=\"Arial\">Ce n\u2019est pas moi le m\u00e9cr\u00e9ant, mais la pauvret\u00e9 qui est m\u00e9cr\u00e9ante,<\/font><\/span><\/i><\/p>\n<p align=\"justify\" dir=\"ltr\"><i><span lang=\"EN-US\"><font face=\"Arial\">Et l&rsquo;humiliation est m\u00e9cr\u00e9ante.\u00a0\u00bb (\u00ab\u00a0Ana mosh kafir\u00a0\u00bb, Ziyad Rahbani)<\/font><\/span><\/i><\/p>\n<p align=\"justify\" dir=\"ltr\">\u00a0<\/p>\n<p align=\"justify\" dir=\"ltr\"><i><span lang=\"NO-BOK\"><font face=\"Arial\">\u00ab\u00a0Est-il en notre temps rien de plus odieux<\/font><\/span><\/i><\/p>\n<p align=\"justify\" dir=\"ltr\"><i><span lang=\"NO-BOK\"><font face=\"Arial\">De plus d\u00e9sesp\u00e9rant, que de n&rsquo;pas croire en Dieu ?<\/font><\/span><\/i><\/p>\n<p align=\"justify\" dir=\"ltr\"><i><span lang=\"NO-BOK\"><font face=\"Arial\">J&rsquo;voudrais avoir la foi, la foi d&rsquo;mon charbonnier<\/font><\/span><\/i><\/p>\n<p align=\"justify\" dir=\"ltr\"><i><span lang=\"EN-US\"><font face=\"Arial\">Qui est heureux comme un pape et con comme un panier<\/font><\/span><\/i><\/p>\n<p align=\"justify\" dir=\"ltr\"><i><span lang=\"EN-US\"><font face=\"Arial\">Mon voisin du dessus, un certain Blaise Pascal<\/font><\/span><\/i><\/p>\n<p align=\"justify\" dir=\"ltr\"><i><span lang=\"EN-US\"><font face=\"Arial\">M&rsquo;a gentiment donn\u00e9 ce conseil amical : &lsquo;Mettez-vous \u00e0 genoux, priez et implorez<\/font><\/span><\/i><\/p>\n<p align=\"justify\" dir=\"ltr\"><i><span lang=\"EN-US\"><font face=\"Arial\">Faites semblant de croire, et bient\u00f4t vous croirez.'\u00a0\u00bb (\u00ab\u00a0Le m\u00e9cr\u00e9ant\u00a0\u00bb, Georges Brassens)<\/font><\/span><\/i><\/p>\n<p align=\"justify\" dir=\"ltr\"><span lang=\"NO-BOK\"><font face=\"Arial\">Il n\u2019existe pas, \u00e0 proprement parler, de terme, dans la langue arabe, pour d\u00e9signer la la\u00efcit\u00e9. Tout au plus peut-on la signaler sous le vocable de \u2018ilmaniyya, d\u00e9rivation du mot \u2018ilm, la science, ou sous celui de \u2018almaniyya, issue du mot \u2018alm, renvoyant au monde s\u00e9culier.<\/font><\/span><\/p>\n<p align=\"justify\" dir=\"ltr\"><span lang=\"EN-US\"><font face=\"Arial\">Pour son nouveau film, qui sort en salles le 21 septembre, La\u00efcit\u00e9, Inch&rsquo;Allah[1], la cin\u00e9aste franco-tunisienne, Nadia El Fani, a opt\u00e9 pour la\u2019ikyya, traduction litt\u00e9rale de la la\u00efcit\u00e9 telle que nous la concevons en France.<\/font><\/span><\/p>\n<p align=\"justify\" dir=\"ltr\"><span lang=\"EN-US\"><font face=\"Arial\">Ayant d\u00e9but\u00e9 le tournage de son documentaire \u00e0 Tunis trois mois avant la chute de Ben Ali, Nadia El Fani a poursuivi sa qu\u00eate d\u2019une Tunisie o\u00f9 pourraient c\u0153xister libert\u00e9 de croyance et libert\u00e9 de non-croyance, aux lendemains de ce que d\u2019aucuns qualifient de \u00ab\u00a0Printemps arabe\u00a0\u00bb.<\/font><\/span><\/p>\n<p align=\"justify\" dir=\"ltr\"><font face=\"Arial\"><span lang=\"EN-US\"><font>Farouche partisane d\u2019une Constitution la\u00efque, o\u00f9 l\u2019article premier de l\u2019actuelle Loi Fondamentale, qui pose que \u00ab\u00a0la Tunisie est un \u00c9tat libre, ind\u00e9pendant et souverain, sa religion est l&rsquo;Islam, sa langue l&rsquo;arabe et son r\u00e9gime la r\u00e9publique\u00a0\u00bb, serait abrog\u00e9, la cin\u00e9aste a, depuis lors, fait l\u2019objet d\u2019attaques haineuses.<\/font><\/span><span lang=\"NO-BOK\"><font>En t\u00e9moignent les nombreuses pages Facebook lui promettant les flammes de l\u2019enfer.<\/font><\/span><\/font><\/p>\n<p align=\"justify\" dir=\"ltr\"><span lang=\"NO-BOK\"><font face=\"Arial\">L\u2019une des pages s\u2019intitule avec gr\u00e2ce \u00ab\u00a0Qu\u2019il y ait des milliers de crachats sur elle !\u00a0\u00bb et sa photo, d\u00e9form\u00e9e, la figure en diable, en singe, en porc, en cadavre, ou le cr\u00e2ne explos\u00e9.<\/font><\/span><\/p>\n<p align=\"justify\" dir=\"ltr\"><span lang=\"NO-BOK\"><font face=\"Arial\">Lors d\u2019une interview accord\u00e9e \u00e0 la cha\u00eene tunisienne Hannibal TV, cette derni\u00e8re fera d\u00e9filer un bandeau indiquant courageusement que le programme \u00ab\u00a0se d\u00e9solidarise des propos tenus contre l\u2019islam par Nadia El Fani\u00a0\u00bb\u2026<\/font><\/span><\/p>\n<p align=\"justify\" dir=\"ltr\"><span lang=\"NO-BOK\"><font face=\"Arial\">Lors de la projection du film, alors intitul\u00e9 Ni Allah, ni ma\u00eetre[2], \u00e0 la salle Africart, en plein centre de Tunis le 26 juin 2011, des islamistes se sont rassembl\u00e9s devant les lieux, proclamant que \u00ab\u00a0la Tunisie est un \u00c9tat islamique ou le peuple veut criminaliser la la\u00efcit\u00e9\u00a0\u00bb, avant de briser les portes en verre de la salle et de p\u00e9n\u00e9trer \u00e0 l&rsquo;int\u00e9rieur.<\/font><\/span><\/p>\n<p align=\"justify\" dir=\"ltr\"><span lang=\"NO-BOK\"><font face=\"Arial\">En proie \u00e0 ces attaques, en butte \u00e0 un cancer qui ne lui fait pourtant pas renoncer \u00e0 faire avancer ses convictions, Nadia El Fani s\u2019interroge : \u00ab\u00a0Comment dire, exprimer, le d\u00e9sarroi des ath\u00e9es, agnostiques ou autres &lsquo;irr\u00e9ligieux&rsquo;, qui sont si impuissants face \u00e0 l\u2019oppression religieuse ?\u00a0\u00bb<\/font><\/span><\/p>\n<p align=\"justify\" dir=\"ltr\"><span lang=\"NO-BOK\"><font face=\"Arial\">Et c\u2019est l\u00e0 que le film de Nadia El Fani r\u00e9sonne avec les d\u00e9bats qui agitent la Tunisie post-Ben Ali. En effet, dans cette Tunisie o\u00f9 nombre de d\u00e9mocrates, face \u00e0 la mont\u00e9e de l\u2019islamisme, se raccrochent \u00e0 l\u2019h\u00e9ritage bourguibien la\u00efcisant, singuli\u00e8rement en mati\u00e8re de libert\u00e9 de la femme, comment d\u00e9fendre la libert\u00e9 de conscience sans laquelle la Tunisie lib\u00e9r\u00e9e de son dictateur ne saurait \u00eatre pleinement d\u00e9mocratique ?<\/font><\/span><\/p>\n<p align=\"justify\" dir=\"ltr\"><span lang=\"NO-BOK\"><font face=\"Arial\">En imposant \u00e0 la soci\u00e9t\u00e9 tunisienne un d\u00e9bat tournant autour des valeurs dont il estime qu\u2019elles doivent \u00eatre les siennes, le parti islamiste En-Nahdha a remport\u00e9 une premi\u00e8re victoire en se pla\u00e7ant au centre du d\u00e9bat politique et en imposant aux partis d\u00e9mocrates de devoir se positionner par rapport \u00e0 lui.<\/font><\/span><\/p>\n<p align=\"justify\" dir=\"ltr\"><span lang=\"EN-US\"><font face=\"Arial\">Certains estiment qu\u2019il leur faut composer avec ce qui appara\u00eet, pour l\u2019heure, comme la premi\u00e8re force politique du pays. D\u2019autres jugent que l\u2019on ne peut transiger avec une mouvance qui consid\u00e8re la d\u00e9mocratie comme impie et ne l\u2019envisage que comme un moyen pour parvenir au pouvoir, \u00e0 d\u00e9faut d\u2019\u00eatre une fin.<\/font><\/span><\/p>\n<p align=\"justify\" dir=\"ltr\"><span lang=\"EN-US\"><font face=\"Arial\">Ce d\u00e9bat retentit curieusement avec celui qui, dans les ann\u00e9es 1990, avait mis aux prises, en Alg\u00e9rie, les tenants d\u2019une int\u00e9gration du FIS au jeu politique et les partisans de son exclusion, au motif que l\u2019islamisme est ontologiquement incompatible avec les principes d\u00e9mocratiques, avec le respect des libert\u00e9s individuelles, et, plus encore, avec la conception de l\u2019individualisme moderne. On conna\u00eet la suite\u2026<\/font><\/span><\/p>\n<p align=\"justify\" dir=\"ltr\"><span lang=\"EN-US\"><font face=\"Arial\">Rached Ghannouchi, le leader d\u2019En-Nahdha, n\u2019a-t-il pas, \u00e0 l\u2019occasion d\u2019une interview accord\u00e9e le 2 ao\u00fbt 2011 \u00e0 la premi\u00e8re cha\u00eene de t\u00e9l\u00e9vision \u00e9gyptienne lors de l\u2019\u00e9mission \u00ab\u00a0Sabah el kheir ya Masr\u00a0\u00bb, que l\u2019objectif ultime des musulmans \u00e9tait \u00ab\u00a0l\u2019instauration du Califat\u00a0\u00bb, qui, s\u2019il n\u2019\u00e9tait nullement atteignable \u00e0 court terme, n\u2019en demeurait pas moins une ambition ?<\/font><\/span><\/p>\n<p align=\"justify\" dir=\"ltr\"><span lang=\"EN-US\"><font face=\"Arial\">N\u2019en d\u00e9plaise aux \u00ab\u00a0proph\u00e8tes\u00a0\u00bb ayant annonc\u00e9 \u00ab\u00a0la mort de l\u2019islam politique\u00a0\u00bb, les pays occidentaux semblent, d\u2019ores et d\u00e9j\u00e0, avoir pris la mesure de l\u2019influence de l\u2019islam politique aux lendemains du \u00ab\u00a0Printemps arabe\u00a0\u00bb (selon l\u2019expression consacr\u00e9e). Ainsi, notre ministre des Affaires \u00e9trang\u00e8res, Alain Jupp\u00e9, a-t-il d\u00e9clar\u00e9, lors d\u2019une conf\u00e9rence \u00e0 l\u2019Institut du monde arabe de Paris, le 16 avril 2011, qu\u2019il esp\u00e9rait \u00ab\u00a0r\u00e9concilier l\u2019islamisme avec la la\u00efcit\u00e9\u00a0\u00bb\u2026<\/font><\/span><\/p>\n<p align=\"justify\" dir=\"ltr\"><span lang=\"EN-US\"><font face=\"Arial\">Comment, d\u00e8s lors, les d\u00e9mocrates tunisiens pourront-ils contrer efficacement le parti islamiste En-Nahdha, lequel pourra brandir cette d\u00e9claration hasardeuse \u00e0 l\u2019envi ?<\/font><\/span><\/p>\n<p align=\"justify\" dir=\"ltr\"><span lang=\"EN-US\"><font face=\"Arial\">Quant \u00e0 supprimer l\u2019article premier de la Constitution, comme y invite Nadia El Fani, voil\u00e0 ce que r\u00e9pond Rached Ghanouchi : \u00ab\u00a0La Tunisie, \u00e0 travers l\u2019article 1 de sa Constitution, est un \u00c9tat islamique et non pas un \u00c9tat la\u00efc. Toutes les \u00e9lites tunisiennes sont d\u2019accord pour conserver cet article. Pourquoi demander plus ?\u00a0\u00bb<\/font><\/span><\/p>\n<p align=\"justify\" dir=\"ltr\"><span lang=\"EN-US\"><font face=\"Arial\">Rached Ghanouchi a tout dit : il sait que toucher \u00e0 cet article consisterait, pour les d\u00e9mocrates, \u00e0 provoquer un casus belli avec, non seulement les islamistes, mais aussi avec les nationalistes arabes qui ont refait surface \u00e0 la faveur de la chute de Ben Ali. Mais ne serait-ce pas \u00e0 l\u2019honneur de la Tunisie, que de supprimer cet article, qui, de Djeddah \u00e0 Casablanca, pipe les d\u00e9s d\u2019une \u00e9ventuelle d\u00e9mocratisation ?<\/font><\/span><\/p>\n<p align=\"justify\" dir=\"ltr\"><span lang=\"EN-US\"><font face=\"Arial\">\u00c0 rebours des tenants du \u00ab\u00a0choc des civilisations\u00a0\u00bb, \u00e0 rebours du discours ang\u00e9lique concernant le \u00ab\u00a0Printemps arabe\u00a0\u00bb, il se peut que la fin des despotes arabes ouvre une phase d\u2019instabilit\u00e9 caract\u00e9ris\u00e9e par un \u00ab\u00a0choc des valeurs\u00a0\u00bb au sein m\u00eame des soci\u00e9t\u00e9s arabes et, par l\u00e0, au sein de la soci\u00e9t\u00e9 tunisienne.<\/font><\/span><\/p>\n<p align=\"justify\" dir=\"ltr\"><span lang=\"EN-US\"><font face=\"Arial\">La\u00efcit\u00e9 Inch&rsquo;Allah est un cri, lanc\u00e9 par Nadia El Fani. Pour l\u2019heure, nombreux sont ceux qui le chuchotent dans leur for int\u00e9rieur. C\u2019est \u00e0 nous, des deux c\u00f4t\u00e9s de la M\u00e9diterran\u00e9e, notre bien commun, de lui offrir un porte-voix afin que les soci\u00e9t\u00e9s arabes \u00e9chappent \u00e0 la mal\u00e9diction d\u2019un obscurantisme mortif\u00e8re auquel nous ne pouvons demeurer indiff\u00e9rents.<\/font><\/span><\/p>\n<p align=\"justify\" dir=\"ltr\"><span lang=\"EN-US\"><font face=\"Arial\">[1] Sous les diverses pressions qu\u2019elle a endur\u00e9es, Nadia El Fani a d\u00fb changer le titre de son film.<\/font><\/span><\/p>\n<p align=\"justify\" dir=\"ltr\"><span lang=\"EN-US\"><font face=\"Arial\">[2] Le film a re\u00e7u le Grand Prix International de la La\u00efcit\u00e9 en 2011<\/font><\/span><\/p>\n<p align=\"justify\" dir=\"ltr\"><span lang=\"EN-US\"><font face=\"Arial\">Source: \u201cLe Nouvel Observateur\u201d Le 20-09-2011<\/font><\/span><\/p>\n<p align=\"justify\" dir=\"ltr\"><font face=\"Arial\"><span lang=\"NO-BOK\"><font>Lien: <\/font><a href=\"http:\/\/leplus.nouvelobs.com\/contribution\/191941;la-laicite-en-tunisie-inch-allah.html\" target=\"_blank\" rel=\"noopener\"><font>http:\/\/leplus.nouvelobs.com\/contribution\/191941;la-laicite-en-tunisie-inch-allah.html<\/font><\/a><\/span><\/font><\/p>\n<p align=\"justify\" dir=\"ltr\">\u00a0<\/p>\n<p><font face=\"Arial\" size=\"2\"><strong><\/p>\n<div dir=\"ltr\">\n<hr\/>\n<\/div>\n<div align=\"center\" dir=\"ltr\"><b><span lang=\"NO-BOK\"><\/p>\n<h3 style=\"color: blue;\"><font face=\"Arial\">Tunisie : la sc\u00e8ne m\u00e9diatique en \u00e9bullition<\/font><\/h3>\n<p><\/span><\/b><\/div>\n<div dir=\"ltr\">\n<hr\/>\n<\/div>\n<p align=\"justify\" dir=\"ltr\"><span lang=\"NO-BOK\"><font face=\"Arial\">L&rsquo;Association des directeurs de journaux et le Syndicat tunisien des dirigeants de m\u00e9dias ont fait part de leur \u00ab\u00a0d\u00e9sagr\u00e9ment\u00a0\u00bb en raison de \u00ab\u00a0leur exclusion de l&rsquo;\u00e9laboration du projet du d\u00e9cret-loi relatif \u00e0 l&rsquo;organisation du secteur audio-visuel pr\u00e9par\u00e9 par l&rsquo;Instance nationale pour la r\u00e9forme de l&rsquo;information et de la communication\u00a0\u00bb.<\/font><\/span><\/p>\n<p align=\"justify\" dir=\"ltr\"><span lang=\"NO-BOK\"><font face=\"Arial\">Ils ont, \u00e9galement, d\u00e9nonc\u00e9 la cr\u00e9ation, pr\u00e9vue par ce projet, d&rsquo;une haute instance ind\u00e9pendante de la communication audiovisuelle ayant des pr\u00e9rogatives r\u00e9pressives l&rsquo;autorisant \u00e0 fermer une radio ou une t\u00e9l\u00e9vision\u00a0\u00bb. <\/font><\/span><span lang=\"EN-US\"><font face=\"Arial\">Dans une d\u00e9claration commune publi\u00e9e, lundi, les deux structures estiment que ce projet constitue une mesure \u00ab\u00a0privative de libert\u00e9s\u00a0\u00bb qui \u00ab\u00a0encha\u00eene les entreprises et an\u00e9antit les objectifs de la R\u00e9volution\u00a0\u00bb. Ils ont appel\u00e9 l&rsquo;INRIC \u00e0 renoncer \u00e0 ce projet et \u00e0 \u00e9laborer un nouveau projet auquel participent les diff\u00e9rentes parties, exprimant leur enti\u00e8re d\u00e9termination \u00e0 d\u00e9fendre leurs droits par tous les moyens pr\u00e9vus par la loi. Ils ont, en outre, appel\u00e9 \u00e0 ouvrir le dossier de l&rsquo;information de mani\u00e8re s\u00e9rieuse et \u00e0 examiner ses probl\u00e8mes, notamment, l&#8217;emploi, les salaires et les rapports avec le pouvoir. Ils ont appel\u00e9 les journalistes, \u00e0 travers leur syndicat, \u00ab\u00a0\u00e0 coordonner ensemble afin de d\u00e9fendre la profession contre les menaces qui peuvent lui porter atteinte.<\/font><\/span><\/p>\n<p align=\"justify\" dir=\"ltr\"><span lang=\"EN-US\"><font face=\"Arial\">ls ont exhort\u00e9 le gouvernement, les partis et la soci\u00e9t\u00e9 civile, \u00e0 \u00ab\u00a0assumer enti\u00e8rement leurs responsabilit\u00e9s et \u00e0 exprimer leurs positions \u00e0 l&rsquo;\u00e9gard de ces projets arbitraires attentatoires \u00e0 la libert\u00e9 d&rsquo;information et \u00e0 son avenir en Tunisie\u00a0\u00bb. L&rsquo;Association des directeurs de journaux et le Syndicat tunisien des dirigeants de m\u00e9dias ont fait part, \u00e9galement, de leur \u00ab\u00a0profond m\u00e9contentement de l&rsquo;atteinte port\u00e9e \u00e0 l&rsquo;image des chefs d&rsquo;entreprises de presse aupr\u00e8s de l&rsquo;opinion publique, en raison des d\u00e9clarations de d\u00e9nigrement d\u00e9lib\u00e9r\u00e9 faites par l&rsquo;Instance Nationale pour la r\u00e9forme de l&rsquo;information et de la Communication\u00a0\u00bb, consid\u00e9rant cette attitude comment \u00e9tant pr\u00e9judiciable aux entreprises de presse et \u00e0 leurs personnels. Le communiqu\u00e9 des deux structures patronales fait suite \u00e0 un communiqu\u00e9 commun publi\u00e9 par le Syndicat national des journalistes tunisiens (SNJT), le Syndicat g\u00e9n\u00e9ral de la culture et de l&rsquo;information relevant de l&rsquo;UGTT et l&rsquo;Instance nationale ind\u00e9pendante pour la r\u00e9forme de l&rsquo;information et de la communication (INRIC). Les trois structures ont d\u00e9nonc\u00e9, mardi 14 septembre 2011, \u00ab\u00a0les tentatives de putsch men\u00e9es actuellement contre des syndicats l\u00e9gitimes dans le secteur de la presse\u00a0\u00bb. Elles s&rsquo;indignent des restrictions exerc\u00e9es contre l&rsquo;activit\u00e9 syndicale au sein de certains organes d&rsquo;information, qualifi\u00e9es de \u00ab\u00a0violation de la l\u00e9gislation nationale et des conventions internationales\u00a0\u00bb. Elles \u00ab\u00a0fustigent toutes tentatives de putsch contre les structures syndicales l\u00e9gitimes et contre les syndicalistes de certaines entreprises de presse, dont notamment \u00ab\u00a0Dar El Anwar\u00a0\u00bb et la Soci\u00e9t\u00e9 SNIPE\u00a0\u00bb, r\u00e9affirmant leur attachement \u00e0 d\u00e9fendre l&rsquo;action syndicale au sein des entreprises d&rsquo;information et leur rejet cat\u00e9gorique de toutes les pratiques qui rappellent l&rsquo;ancien r\u00e9gime. Le SNJT, le syndicat g\u00e9n\u00e9ral et de la culture et de l&rsquo;information et l&rsquo;INRIC condamnent aussi fermement \u00ab\u00a0la campagne de diffamation et de calomnie dirig\u00e9e contre l&rsquo;INRIC par les caciques de l&rsquo;ancien r\u00e9gime qui suppliaient le pr\u00e9sident d\u00e9chu de postuler \u00e0 un nouveau mandat en 2014 et qui s&rsquo;opposent aujourd&rsquo;hui \u00e0 toute r\u00e9forme susceptible de les d\u00e9poss\u00e9der des privil\u00e8ges mal acquis sous le r\u00e9gime dictatorial, au premier rangs desquels figurent les responsables des cha\u00eenes Hannibal TV et Nessma\u00a0\u00bb. <\/font><\/span><span lang=\"NO-BOK\"><font face=\"Arial\">Elles appellent, en outre, le gouvernement de transition \u00e0 r\u00e9viser les crit\u00e8res de distribution de la publicit\u00e9 de l&rsquo;Etat et des abonnements contract\u00e9s par les entreprises et \u00e9tablissements publics, afin d&rsquo;accorder des chances \u00e9gales \u00e0 toutes les entreprises de presse et en particuliers aux nouvelles entreprises. Les trois instances exhortent le gouvernement \u00e0 veiller au respect des dispositions de la convention collective de la presse \u00e9crite, et qui privent toute entreprise contrevenante de publicit\u00e9 publique. Elles insistent, en outre, sur l&rsquo;imp\u00e9ratif de mettre un terme au vide juridique et d&rsquo;acc\u00e9l\u00e9rer la promulgation des textes l\u00e9gislatifs garantissant la protection de la libert\u00e9 de presse et d&rsquo;expression, et organisant le secteur de l&rsquo;information conform\u00e9ment aux l\u00e9gislations en vigueur dans les pays d\u00e9mocratiques.<\/font><\/span><\/p>\n<p align=\"justify\" dir=\"ltr\"><span lang=\"NO-BOK\"><font face=\"Arial\">Source: \u201dInvestir en Tunisie\u201d Le 20-09-2011<\/font><\/span><\/p>\n<p align=\"justify\" dir=\"ltr\"><font face=\"Arial\"><span lang=\"NO-BOK\"><font>Lien: <\/font><\/span><span lang=\"NO-BOK\"><a href=\"http:\/\/www.investir-en-tunisie.net\/index.php?option=com_content&amp;view=article&amp;id=11434\" target=\"_blank\" rel=\"noopener\"><font>http:\/\/www.investir-en-tunisie.net\/index.php?option=com_content&amp;view=article&amp;id=11434<\/font><\/a><\/span><\/font><\/p>\n<p><font face=\"Arial\" size=\"2\"><\/p>\n<div dir=\"ltr\"><strong><\/p>\n<hr\/>\n<p><\/strong><\/div>\n<div align=\"center\" dir=\"ltr\"><span lang=\"NO-BOK\"><\/p>\n<h3 style=\"color: blue;\"><font face=\"Arial\"><strong>La myst\u00e9rieuse tentative de suicide de Le\u00efla Ben Ali-Trabelsi<\/strong><\/font><\/h3>\n<p><\/span><\/div>\n<div dir=\"ltr\">\n<hr\/>\n<\/div>\n<p align=\"justify\" dir=\"ltr\"><strong><span lang=\"NO-BOK\"><font face=\"Arial\">La nouvelle n&rsquo;a \u00e9t\u00e9 publi\u00e9e que r\u00e9cemment : la femme de l&rsquo;ex-Pr\u00e9sident tunisien Ben Ali aujourd&rsquo;hui en exil en Arabie Saoudite aurait tent\u00e9 de se suicider cet \u00e9t\u00e9. Explications.<\/font><\/span><\/strong><\/p>\n<p align=\"justify\" dir=\"ltr\"><font face=\"Arial\"><font>La<span lang=\"NO-BOK\"><\/span><\/font><span lang=\"NO-BOK\"><font>deuxi\u00e8me semaine du mois d\u2019ao\u00fbt, la petite famille de l\u2019ancien dictateur est en vill\u00e9giature dans la ville d\u2019Abha, dans la province d\u2019Asir. Le prince Nayef Bin Abdelaziz, ministre de l\u2019Int\u00e9rieur et ami de longue date de Ben Ali, d\u00e9cide d\u2019accorder une faveur \u00e0 ce dernier en lui permettant de quitter la ville de Jeddah, suffocante et humide, pour Abha dont la temp\u00e9rature est plus cl\u00e9mente et l\u2019air plus sec.<\/font><\/span><\/font><\/p>\n<p align=\"justify\" dir=\"ltr\"><span lang=\"NO-BOK\"><font face=\"Arial\">Ben Ali, qui<span><\/span><\/font><font><a href=\"http:\/\/www.atlantico.fr\/decryptage\/tunisie-ben-ali-parti-revolution-jasmin-touristes-fuient-plages-tunisie-86157.html\" target=\"_blank\" rel=\"noopener\"><span><font face=\"Arial\">depuis sa fuite de Tunisie<\/font><\/span><\/a><font face=\"Arial\">, consacre le plus clair de son temps \u00e0 la lecture et \u00e0 la pri\u00e8re est content de quitter l\u2019ancien palais du roi Fahd pour une villa plus conviviale. Ce n\u2019est pas le cas de Le\u00efla Trabelsi. L\u2019ancienne coiffeuse devenue en vingt ans la \u00ab <\/font><a href=\"http:\/\/www.amazon.fr\/r\u00e9gente-Carthage-Nicolas-Beau\/dp\/2707152625\/ref=sr_1_1?ie=UTF8&amp;qid=1316427307&amp;sr=8-1\" target=\"_blank\" rel=\"noopener\"><span><font face=\"Arial\">r\u00e9gente de Carthage<\/font><\/span><\/a><\/font><font face=\"Arial\">\u00bb, ne se plait pas dans cette petite ville isol\u00e9e. En r\u00e9alit\u00e9, elle ne se pla\u00eet pas du tout en Arabie Saoudite o\u00f9 l\u2019aust\u00e9rit\u00e9 des m\u0153urs ne lui convient pas.<\/font><\/span><\/p>\n<p align=\"justify\" dir=\"ltr\"><span lang=\"EN-US\"><font face=\"Arial\"><font>Au d\u00e9part,<span><\/span><\/font><strong><span><font>Le\u00efla Trabelsi pensait que son s\u00e9jour saoudien n\u2019allait durer que quelques semaines. Selon ses proches, elle projetait \u00e0 l\u2019origine de s\u2019\u00e9tablir \u00e0 Duba\u00ef et d\u2019effectuer des allers-retours \u00e0 Tripoli en Libye d\u2019o\u00f9 elle aurait foment\u00e9 une contre r\u00e9volution avec l\u2019aide de Mouammar Kadhafi.<\/font><\/span><\/strong><\/font><\/span><\/p>\n<p align=\"justify\" dir=\"ltr\"><font face=\"Arial\"><span lang=\"EN-US\"><font>Une autre femme est venue contrecarrer ce plan :<span><b><span><\/span><\/b><\/span><strong><span>la princesse Haya de Jordanie, \u00e9pouse du Sheikh Rachid Bin Al Maktoum, \u00e9mir de Duba\u00ef a oppos\u00e9 son v\u00e9to cat\u00e9gorique \u00e0 la venue de l\u2019ex-premi\u00e8re dame de Tunisie dont la r\u00e9putation de \u00ab voleuse d\u2019hommes \u00bb est solidement \u00e9tablie<\/span><\/strong>.<\/font><\/span><font><span lang=\"NO-BOK\">Et comme un malheur n\u2019arrive jamais seul, une r\u00e9volte sanglante \u00e9clate dans la Jamahiriya et finit par affaiblir s\u00e9rieusement le guide la r\u00e9volution libyenne.<\/span><\/font><span lang=\"EN-US\"><font>Les plans de Le\u00efla tombent \u00e0 l\u2019eau.<\/font><\/span><\/font><\/p>\n<p align=\"justify\" dir=\"ltr\"><span lang=\"EN-US\"><font face=\"Arial\">Au sein de son couple, ses relations avec son mari se d\u00e9t\u00e9riorent rapidement. Zine El Abiddine n\u2019est plus ce mari docile et aimant. Il lui voue aujourd\u2019hui une telle haine qu\u2019il ne s\u2019emp\u00eache pas de la rabrouer et de l\u2019humilier, m\u00eame devant le personnel de maison ou les rares invit\u00e9s que le couple re\u00e7oit encore. En outre, les Ben Ali font chambre \u00e0 part depuis des mois. Et<span><\/span><strong><span>l\u2019ancien dictateur refuse de divorcer, malgr\u00e9 les injonctions de Le\u00efla qui aimerait tant retrouver sa libert\u00e9<\/span><\/strong><span><\/span>et se chercher un nouveau parti.<\/font><\/span><\/p>\n<p align=\"justify\" dir=\"ltr\"><span lang=\"EN-US\"><font face=\"Arial\">\u00abC\u2019est une v\u00e9ritable ambitieuse doubl\u00e9e d\u2019une bonne vivante. Elle ne se voit pas finir ses jours \u00e0 c\u00f4t\u00e9 d\u2019un ex-pr\u00e9sident vieillissant et s\u00e9nile, elle qui voulait devenir la premi\u00e8re pr\u00e9sidente au monde arabe \u00bb, avoue un membre du clan Trabelsi qui la conna\u00eet depuis une quarantaine d\u2019ann\u00e9es.<\/font><\/span><\/p>\n<p align=\"justify\" dir=\"ltr\"><span lang=\"NO-BOK\"><font face=\"Arial\">C\u2019est alors que, d\u2019apr\u00e8s la m\u00eame source,<span><\/span><strong><span>l\u2019id\u00e9e de tenter de se suicider germe dans sa t\u00eate.<\/span><\/strong><span><\/span>\u00ab Le\u00efla s\u2019aime trop pour attenter \u00e0 sa vie. Elle aurait seulement voulu importuner ses h\u00f4tes saoudiens et les obliger \u00e0 l\u2019expulser vers les Emirats arabes unis \u00bb, ajoute un proche de la famille.<\/font><\/span><\/p>\n<p align=\"justify\" dir=\"ltr\"><span lang=\"NO-BOK\"><font face=\"Arial\">D\u2019apr\u00e8s une source m\u00e9dicale saoudienne, la quantit\u00e9 de poison absorb\u00e9, ainsi que la nature du poison en lui-m\u00eame n\u2019auraient jamais pu tuer Le\u00efla Trabelsi. Gage de ses intentions, l\u2019ex premi\u00e8re dame n\u2019a pas attendu le soir pour mettre fin \u00e0 ses jours et<span><b><span><\/span><\/b><\/span><strong><span>elle aurait vraisemblablement attent\u00e9 \u00e0 sa vie pendant la journ\u00e9e et en pr\u00e9sence de plusieurs personnes.<\/span><\/strong><span><\/span>Ceci aurait permis de la transporter rapidement aux urgences.<\/font><\/span><\/p>\n<p align=\"justify\" dir=\"ltr\"><font face=\"Arial\"><span lang=\"NO-BOK\"><font>Les Saoudiens ont pu garder la chose secr\u00e8te pendant plus de quinze jours.<\/font><\/span><span lang=\"EN-US\"><font>Mais ils savent d\u00e9sormais que, contrairement \u00e0 un Zine El Abiddine Ben Ali r\u00e9sign\u00e9, sa femme risque d\u2019\u00eatre un h\u00f4te encombrant et une source d\u2019ennuis potentielle.<\/font><\/span><\/font><\/p>\n<p align=\"justify\" dir=\"ltr\"><span lang=\"EN-US\"><font face=\"Arial\">Source: \u201cAtlantico\u201d Le 20-09-2011<\/font><\/span><\/p>\n<p align=\"justify\" dir=\"ltr\"><font face=\"Arial\"><span lang=\"EN-US\"><font>Lien: <\/font><\/span><span lang=\"NO-BOK\"><a href=\"http:\/\/www.atlantico.fr\/decryptage\/leila-ben-ali-trabelsi-tentative-suicide-arabie-saoudite-tunisie-185517.html\" target=\"_blank\" rel=\"noopener\"><span lang=\"EN-US\"><font>http:\/\/www.atlantico.fr\/decryptage\/leila-ben-ali-trabelsi-tentative-suicide-arabie-saoudite-tunisie-185517.html<\/font><\/span><\/a><\/span><\/font><\/p>\n<p><font face=\"Arial\" size=\"2\"><strong><\/p>\n<div dir=\"ltr\">\n<hr\/>\n<\/div>\n<div align=\"center\" dir=\"ltr\"><span lang=\"NO-BOK\"><\/p>\n<h3 style=\"color: blue;\"><font face=\"Arial\"><strong>En Tunisie, Amami tabass\u00e9 par la police : \u00ab On a trop parl\u00e9 de moi \u00bb<\/strong><\/font><\/h3>\n<p><\/span><\/div>\n<div dir=\"ltr\">\n<hr\/>\n<\/div>\n<p align=\"justify\" dir=\"ltr\"><font face=\"Arial\"><em><span lang=\"NO-BOK\"><font>Mercredi dernier, le blogueur tunisien<\/font><\/span><\/em><font><span><i><span lang=\"NO-BOK\"><\/span><\/i><\/span><em><span lang=\"NO-BOK\"><a href=\"http:\/\/www.rue89.com\/2011\/09\/16\/tunisie-le-blogueur-azyz-amami-tabasse-pour-une-plaisanterie-222180\" target=\"_blank\" rel=\"noopener\"><b><font>Azyz Amami (@Azyyoz) a \u00e9t\u00e9 interpell\u00e9<\/font><\/b><\/a><\/span><\/em><span><i><span lang=\"NO-BOK\"><\/span><\/i><\/span><\/font><em><span lang=\"NO-BOK\"><font>et pass\u00e9 \u00e0 tabac par la police pour avoir racont\u00e9 une histoire dr\u00f4le de bananes en passant devant un poste de police, en r\u00e9f\u00e9rence \u00e0 un discours du Premier ministre qui avait d\u00e9clar\u00e9 quelques jours avant : \u00ab 97% des agents de la Garde nationale sont bons, et le reste sont des singes. \u00bb<\/font><\/span><\/em><\/font><\/p>\n<p align=\"justify\" dir=\"ltr\"><font face=\"Arial\"><em><span lang=\"EN-US\"><font>Azyz a \u00e9t\u00e9 rel\u00e2ch\u00e9.<\/font><\/span><\/em><font><span><i><span lang=\"EN-US\"><\/span><\/i><\/span><em><span lang=\"NO-BOK\"><a href=\"http:\/\/azyz405.blogspot.com\/2011\/09\/retour-sur-un-tabassage-la-blague.html\" target=\"_blank\" rel=\"noopener\"><b><span lang=\"EN-US\"><font>Il raconte<\/font><\/span><\/b><\/a><\/span><\/em><span><i><span lang=\"EN-US\"><\/span><\/i><\/span><em><span lang=\"EN-US\">ce passage au poste<\/span><\/em><span><i><span lang=\"EN-US\"><\/span><\/i><\/span><\/font><em><span lang=\"EN-US\"><font>et surtout d\u00e9nonce la poursuite des comportements policiers arbitraires et r\u00e9pressifs en Tunisie.<\/font><\/span><\/em><\/font><\/p>\n<p align=\"justify\" dir=\"ltr\"><font face=\"Arial\"><span lang=\"EN-US\"><font>Huit mois jour pour jour apr\u00e8s<span><\/span><\/font><\/span><font><span lang=\"NO-BOK\"><a href=\"http:\/\/www.rue89.com\/2011\/01\/14\/revolution-du-jasmin-ben-ali-a-quitte-le-pouvoir-et-la-tunisie-185659\" target=\"_blank\" rel=\"noopener\"><b><span lang=\"EN-US\"><font>le fameux 14 janvier<\/font><\/span><\/b><\/a><\/span><\/font><span lang=\"EN-US\"><font>, j&rsquo;ai \u00e9t\u00e9 ill\u00e9galement arr\u00eat\u00e9 et tabass\u00e9 (le pl\u00e9onasme est voulu, on ne peut \u00eatre l\u00e9galement tabass\u00e9) pendant quelques heures dans un poste de police. Gr\u00e2ce \u00e0 la vague d\u00e9ferlante de solidarit\u00e9, j&rsquo;ai pu \u00eatre vite lib\u00e9r\u00e9, excuses \u00e0 l&rsquo;appui.<\/font><\/span><\/font><\/p>\n<p align=\"justify\" dir=\"ltr\"><span lang=\"EN-US\"><font face=\"Arial\">Pendant trois jours, tout Internet (du moins celui visible en Tunisie) en parlait. C&rsquo;\u00e9tait le buzz du moment, une affaire de banane. Et depuis on ne cesse de me poser la question, que ce soit en public ou en priv\u00e9 : \u00ab Mais quelle a \u00e9t\u00e9 la blague ? \u00bb. Parce que le motif premier du d\u00e9foulement policier sur mon corps civil f\u00fbt bel et bien une blague.<\/font><\/span><\/p>\n<p align=\"justify\" dir=\"ltr\"><span lang=\"EN-US\"><font face=\"Arial\">C&rsquo;est d\u00e9cid\u00e9, je vous raconte tout. La blague qui a caus\u00e9 mon arrestation est : \u00ab On s&rsquo;en fout pas mal. \u00bb Enfants bananiers de r\u00e9publiques banani\u00e8res (n\u00e9o-ex-colons inclus), la main d&rsquo;un syst\u00e8me qui se d\u00e9bat pour survivre, n&rsquo;en est pas \u00e0 sa premi\u00e8re singerie.<\/font><\/span><\/p>\n<h3 align=\"justify\" dir=\"ltr\" style=\"color: blue;\"><span lang=\"EN-US\"><font face=\"Arial\">S&rsquo;indigner, mais pas par simple copinage<\/font><\/span><\/h3>\n<p align=\"justify\" dir=\"ltr\"><span lang=\"EN-US\"><font face=\"Arial\">Je remercie tous ceux qui se sont solidaris\u00e9s avec moi. Mais quitte \u00e0 s&rsquo;indigner, il faudrait que ce le soit par rapport \u00e0 la r\u00e9pression continue, non pas par simple copinage.<\/font><\/span><\/p>\n<p align=\"justify\" dir=\"ltr\"><span lang=\"EN-US\"><font face=\"Arial\">Le gouvernement actuel, h\u00e9ritier l\u00e9gitime de l&rsquo;autoritarisme ancestral, n&rsquo;a pas cess\u00e9 de montrer (avec une fiert\u00e9 in\u00e9gal\u00e9e) son ill\u00e9gitimit\u00e9, tant sur le plan du discours que sur le terrain.<\/font><\/span><\/p>\n<p align=\"justify\" dir=\"ltr\"><span lang=\"NO-BOK\"><a href=\"http:\/\/www.rue89.com\/2011\/02\/28\/tunisie-essebsi-un-premier-ministre-inoxydable-en-renfort-192707\" target=\"_blank\" rel=\"noopener\"><b><span lang=\"EN-US\"><font face=\"Arial\">BCE [Beji Caid Essebsi, ndlr]<\/font><\/span><\/b><\/a><\/span><span lang=\"EN-US\"><font face=\"Arial\">, Premier ministre valsant avec l&rsquo;ange de la mort, n&rsquo;avait-il pas r\u00e9p\u00e9t\u00e9 \u00e0 maintes reprises au peuple tunisien que \u00ab de toutes fa\u00e7ons, ce n&rsquo;est pas vous qui m&rsquo;avez mis ici, et je n&rsquo;ai de compte \u00e0 rendre \u00e0 personne \u00bb ?<\/font><\/span><\/p>\n<p align=\"justify\" dir=\"ltr\"><span lang=\"EN-US\"><font face=\"Arial\">De m\u00eame, la violence polici\u00e8re (toujours ill\u00e9gale) s&rsquo;est maintes fois manifest\u00e9e : le 28 janvier, ce furent les braves gars du sit-in de \u00ab Kasbah 1 \u00bb qui y gout\u00e8rent, pers\u00e9cut\u00e9s ruelle par ruelle toute une nuit, qui restera comme une nuit des plus effroyables dans les m\u00e9moires.<\/font><\/span><\/p>\n<h3 align=\"justify\" dir=\"ltr\" style=\"color: blue;\"><span lang=\"EN-US\"><font face=\"Arial\">La longue liste des victimes de la r\u00e9pression polici\u00e8re<\/font><\/span><\/h3>\n<p align=\"justify\" dir=\"ltr\"><font face=\"Arial\"><span lang=\"EN-US\"><font>Le dernier week-end de f\u00e9vrier, les manifestants anti-gouvernement eurent droit \u00e0 un lynchage, balles r\u00e9elles (<\/font><\/span><font><span lang=\"NO-BOK\"><a href=\"http:\/\/nawaat.org\/portail\/2011\/07\/04\/le-cas-mohamed-hanchi-et-lingratitude-de-letat\/\" target=\"_blank\" rel=\"noopener\"><b><span lang=\"EN-US\"><font>Mohamed Hanchi en a \u00e9t\u00e9 le martyr<\/font><\/span><\/b><\/a><\/span><\/font><span lang=\"EN-US\"><font>), des sc\u00e8nes de tabassage \u00e0 trente policiers contre un (ce qui montre un peu la valeur arithm\u00e9tique d&rsquo;un policier).<\/font><\/span><\/font><\/p>\n<p align=\"justify\" dir=\"ltr\"><span lang=\"EN-US\"><font face=\"Arial\">En avril, avec les \u00ab vendredis de violence noire \u00bb, quand des agents cagoul\u00e9s et des policiers arm\u00e9s de b\u00e2tons frapp\u00e8rent aveugl\u00e9ment les passants dans le centre-ville de Tunis.<\/font><\/span><\/p>\n<p align=\"justify\" dir=\"ltr\"><span lang=\"NO-BOK\"><font face=\"Arial\">Les \u00e9v\u00e9nements de Siliana, de Menzel Bourguiba et Sidi Bouzid, dont un jeune a trouv\u00e9 la mort par balles r\u00e9elles. Plein de jeunes leaders locaux de la r\u00e9volution ont \u00e9t\u00e9 arr\u00eat\u00e9s et tabass\u00e9s puis rel\u00e2ch\u00e9s, un par un.<\/font><\/span><\/p>\n<p align=\"justify\" dir=\"ltr\"><span lang=\"NO-BOK\"><font face=\"Arial\">Hed Zoghbi, militant de droits de l&rsquo;homme, est arr\u00eat\u00e9 depuis quatre mois sans accusation, et il en est \u00e0 sa troisi\u00e8me arrestation apr\u00e8s la dite r\u00e9volution.<\/font><\/span><\/p>\n<p align=\"justify\" dir=\"ltr\"><span lang=\"NO-BOK\"><font face=\"Arial\">Oussama Gaidi et Imed Aouidi, ont \u00e9t\u00e9 arr\u00eat\u00e9s et tabass\u00e9s le 24 avril par tous les services de police accessibles (dont le service antiterrorisme) pour avoir os\u00e9 avoir une cam\u00e9ra en pleine rue.<\/font><\/span><\/p>\n<p align=\"justify\" dir=\"ltr\"><span lang=\"NO-BOK\"><font face=\"Arial\">Le 15 ao\u00fbt , Refik Rezine \u2013 ressortissant alg\u00e9rien \u2013 a \u00e9t\u00e9 tabass\u00e9 de la pire fa\u00e7on, puis arr\u00eat\u00e9 des heures pour avoir os\u00e9 prendre des photos en pleine manifestation pour l&rsquo;ind\u00e9pendance de la justice.<\/font><\/span><\/p>\n<p align=\"justify\" dir=\"ltr\"><span lang=\"NO-BOK\"><font face=\"Arial\">Un professeur universitaire meurtri a \u00e9t\u00e9 laiss\u00e9 pour mort le m\u00eame jour en pleine rue.<\/font><\/span><\/p>\n<p align=\"justify\" dir=\"ltr\"><span lang=\"NO-BOK\"><font face=\"Arial\">Amine Rekik y est pass\u00e9 auparavant.<\/font><\/span><\/p>\n<p align=\"justify\" dir=\"ltr\"><span lang=\"NO-BOK\"><font face=\"Arial\">Taher Melliti, simple bachelier ayant eu une mention \u00ab tr\u00e8s bien \u00bb lors de son bac dans un quartier populaire, a trouv\u00e9 la mort d\u00e9but ao\u00fbt, apr\u00e8s avoir \u00e9t\u00e9 tabass\u00e9 par quatre policiers, \u00e0 mort.<\/font><\/span><\/p>\n<p align=\"justify\" dir=\"ltr\"><span lang=\"NO-BOK\"><font face=\"Arial\">Sans parler des violences extr\u00eames des manifestations de la fin mai, l\u00e0 o\u00f9<span><\/span><\/font><font><a href=\"http:\/\/www.mosaiquefm.net\/index\/a\/ActuDetail\/Element\/14272-Bassem-Bouguerra--Prot\u00e9gez-nous-d-abord-on-parlera-politique-apr\u00e8s--vid\u00e9o.html\" target=\"_blank\" rel=\"noopener\"><b><font face=\"Arial\">Bassem Bouguerra a failli laisser les bras<\/font><\/b><\/a><font face=\"Arial\">.<\/font><\/font><\/span><span lang=\"EN-US\"><font face=\"Arial\">Encore moins de cet ami avec lequel j&rsquo;ai pris des bi\u00e8res le lendemain de mon arrestation, et qui a \u00e9t\u00e9 tabass\u00e9 tout de suite apr\u00e8s que l&rsquo;on s&rsquo;est quitt\u00e9s.<\/font><\/span><\/p>\n<p align=\"justify\" dir=\"ltr\"><span lang=\"NO-BOK\"><font face=\"Arial\">Et j&rsquo;en passe de ces \u00ab cas \u00bb que je ne peux \u00e9num\u00e9rer, dont une grande partie est mentionn\u00e9e dans<span><\/span><\/font><font><a href=\"http:\/\/www.abdallah-kallel.com\/rapports\/2011_Tunisie_rapport_FIDH.php\" target=\"_blank\" rel=\"noopener\"><b><font face=\"Arial\">le rapport de la FIDH de 2011<\/font><\/b><\/a><font face=\"Arial\">.<\/font><\/font><\/span><span lang=\"EN-US\"><font face=\"Arial\">H\u00e9las, devant le traitement m\u00e9diatique, ce ne sont que des \u00ab cas \u00bb. La police, la violence institutionnalis\u00e9e, n&rsquo;est pas ind\u00e9pendante de la volont\u00e9 politique qui contr\u00f4le l&rsquo;appareil ex\u00e9cutif. Et on l&rsquo;a bien vu, les policiers ont beau gronder, ils se r\u00e9signent toujours aux ordres.<\/font><\/span><\/p>\n<h3 align=\"justify\" dir=\"ltr\" style=\"color: blue;\"><span lang=\"EN-US\"><font face=\"Arial\">On a trop parl\u00e9 de moi<\/font><\/span><\/h3>\n<p align=\"justify\" dir=\"ltr\"><span lang=\"EN-US\"><font face=\"Arial\">Je remercie encore de tout mon c\u0153ur ceux qui m&rsquo;ont support\u00e9. Mais, je ne peux que constater avec amertume que le \u00ab deux poids, deux mesures \u00bb est toujours l\u00e0. Les m\u00e9dias, de m\u00e8che dans le petit jeu de \u00ab construction de symboles \u00bb, y ont fortement contribu\u00e9. Ainsi que le jeu d&rsquo;influence qui en d\u00e9coule.<\/font><\/span><\/p>\n<p align=\"justify\" dir=\"ltr\"><span lang=\"EN-US\"><font face=\"Arial\">Jet\u00e9 sous les projos, on a trop parl\u00e9 de moi. Etant un \u00ab connu \u00bb relatif, mes amis se sont d\u00e9brouill\u00e9s, et le directeur de s\u00fbret\u00e9 nationale est intervenu pour que l&rsquo;on me rel\u00e2che, apr\u00e8s les pressions de la part de \u00ab connaissances \u00bb, voulues et moins voulues, et apr\u00e8s la campagne instantan\u00e9e d\u00e9clench\u00e9e sur Internet. En une seconde, les policiers se sont m\u00e9tamorphos\u00e9s apr\u00e8s ce coup de fil, et le loup a troqu\u00e9 sa peau contre celle d&rsquo;un agneau.<\/font><\/span><\/p>\n<p align=\"justify\" dir=\"ltr\"><font face=\"Arial\"><span lang=\"NO-BOK\"><font>Et bien que \u00e7a flatte mon \u00e9go, je ne peux m&rsquo;en r\u00e9jouir.<\/font><\/span><span lang=\"EN-US\"><font>Car ce n&rsquo;est en rien l&rsquo;acheminement logique des choses. Mes autres concitoyens n&rsquo;ont pas eu droit \u00e0 ce privil\u00e8ge, et c&rsquo;est l\u00e0 que je m&rsquo;effraie pour moi-m\u00eame, de peur que ces m\u00e9dias ne me biaisent. De peur que m\u00eame \u00e0 travers ma personne, une mini-corruption revienne.<\/font><\/span><\/font><\/p>\n<p align=\"justify\" dir=\"ltr\"><span lang=\"EN-US\"><font face=\"Arial\">Mes concitoyens n&rsquo;ont pas eu droit au privil\u00e8ge auquel j&rsquo;ai eu droit, et qui a fortement all\u00e9g\u00e9 ce qui aurait d\u00fb \u00eatre mon sort. Et \u00e7a me r\u00e9volte. Ce n&rsquo;est pas de leur faute qu&rsquo;ils ne s&rsquo;appellent pas \u00ab Azyz Amami \u00bb, encore moins de la mienne.<\/font><\/span><\/p>\n<p align=\"justify\" dir=\"ltr\"><span lang=\"EN-US\"><font face=\"Arial\">Citoyens, ils ont droit au respect, de la part de ceux qui sont cens\u00e9s \u00eatre les serviteurs des citoyens. Il ne devrait pas y avoir de diff\u00e9renciation, ou de r\u00e9pression, et l&rsquo;indignation devrait \u00eatre la m\u00eame pour tous. J&rsquo;aurais aim\u00e9 voir cette m\u00eame vague de solidarit\u00e9 avec Amine Rekik, Rafik Rezine, Sami Feriani, etc. Via les m\u00eames m\u00e9dias.<\/font><\/span><\/p>\n<p align=\"justify\" dir=\"ltr\"><span lang=\"EN-US\"><font face=\"Arial\">Pour finir, je dis que si nos policiers sont des singes, c&rsquo;est parce qu&rsquo;ils sont gouvern\u00e9s par des macaques. Il suffit de voir Caid Essebsi gouverner, comme s&rsquo;il \u00e9tait au dessus d&rsquo;un bananier.<\/font><\/span><\/p>\n<p align=\"justify\" dir=\"ltr\"><span lang=\"EN-US\"><font face=\"Arial\">Source: \u201cRue 89\u201d Le 20-09-2011<\/font><\/span><\/p>\n<p align=\"justify\" dir=\"ltr\"><font face=\"Arial\"><span lang=\"EN-US\"><font>Lien: <\/font><\/span><span lang=\"NO-BOK\"><a href=\"http:\/\/www.rue89.com\/2011\/09\/20\/en-tunisie-amami-tabasse-par-la-police-on-a-trop-parle-de-moi-222687\" target=\"_blank\" rel=\"noopener\"><span lang=\"EN-US\"><font>http:\/\/www.rue89.com\/2011\/09\/20\/en-tunisie-amami-tabasse-par-la-police-on-a-trop-parle-de-moi-222687<\/font><\/span><\/a><\/span><\/font><\/p>\n<p align=\"justify\" dir=\"ltr\">\u00a0<\/p>\n<p><font face=\"Arial\" size=\"2\"><strong><\/p>\n<div dir=\"ltr\">\n<hr\/>\n<\/div>\n<div align=\"center\" dir=\"ltr\"><b><span lang=\"NO-BOK\"><\/p>\n<h4 style=\"color: blue;\"><font face=\"Arial\">Tunisie : la d\u00e9mocratie naissante se fait sans les Fran\u00e7ais<\/font><\/h4>\n<p><\/span><\/b><\/div>\n<div dir=\"ltr\">\n<hr\/>\n<\/div>\n<p align=\"justify\" dir=\"ltr\"><span lang=\"EN-US\"><font face=\"Arial\">Alors que les premi\u00e8res \u00e9lections d\u00e9mocratiques tunisiennes auront lieu le 23 octobre prochain, Fatma Bouvet de la Maisonneuve, \u00e9lue PS, et Anne-Claire Jarry-Bouabid, ancienne \u00e9lue PS, nous font remarquer que la France est bien absente dans les moments cl\u00e9s que vit actuellement ce pays. G\u00e9rant de surcroit les r\u00e9fugi\u00e9s libyens, la Tunisie se d\u00e9bat toute seule pour mettre en place un processus d\u00e9mocratique.<\/font><\/span><\/p>\n<p align=\"justify\" dir=\"ltr\"><font face=\"Arial\"><span><span lang=\"EN-US\"><font>La Tunisie est en train d\u2019accoucher de la premi\u00e8re d\u00e9mocratie maghr\u00e9bine , et cela ne semble plus int\u00e9resser personne en France. Pourtant, tant de le\u00e7ons pourraient \u00eatre tir\u00e9es de ce qui s\u2019y d\u00e9roule. Plusieurs semaines pass\u00e9es en Tunisie nous ont montr\u00e9 ce que signifie une mise \u00e0 nu d\u2019une conscience politique, citoyenne et intellectuelle. Les esprits, d\u00e9cap\u00e9s du vernis Benaliste et tourment\u00e9s par l\u2019inconnu, font preuve d\u2019une prolixit\u00e9 sans tabous, oscillant parfois d\u2019une tendance vers une autre au gr\u00e9 des multiples d\u00e9bats t\u00e9l\u00e9vis\u00e9s qui ont remplac\u00e9 le foot et les feuilletons \u00e9gyptiens. On y trouve des radicalistes musulmans comme de fervents militants de la la\u00efcit\u00e9. Certaines femmes y m\u00e8nent des combats id\u00e9ologiques au p\u00e9ril de leurs vies : c\u2019est bien \u00e0 travers elles que la Tunisie ira vers le progr\u00e8s ou r\u00e9gressera. Mais quels rep\u00e8res, quels guides, quels conseils, quels \u00e9changes ? La colonne vert\u00e9brale administrative reste miraculeusement solide, malgr\u00e9 quelques gr\u00e8ves. Ce consensus tunisien durera-t-il longtemps ? N\u00e9anmoins, si lors du passage en douane la peur a disparu , la pratique du bakchich perdure. Malgr\u00e9 l\u2019augmentation des salaires des policiers, certains n\u2019ont pas repris le travail et l\u2019ins\u00e9curit\u00e9 et les incivilit\u00e9s augmentent.<\/font><\/span><\/span><font><span><span lang=\"NO-BOK\">L\u2019arm\u00e9e, tr\u00e8s respect\u00e9e, est aujourd\u2019hui garante de la stabilit\u00e9 du pays. Avec l\u2019\u00e9volution du conflit libyen, elle va pouvoir \u00ab quitter \u00bb la fronti\u00e8re sud-tunisienne et r\u00e9int\u00e9grer les villes.<\/span><span lang=\"EN-US\">Les Tunisiens ne comprennent pas certains verdicts de la justice, trop cl\u00e9ments \u00e0 leur go\u00fbt, rendus \u00e0 l&rsquo;encontre des anciens du r\u00e9gime dans une p\u00e9riode que d&rsquo;aucuns qualifient de \u00ab\u00a0transition opaque \u00bb. Sur le petit \u00e9cran, des spots didactiques pr\u00e9sent\u00e9s par des personnalit\u00e9s de la soci\u00e9t\u00e9 civile tunisienne ont incit\u00e9 tout l\u2019\u00e9t\u00e9 les citoyens \u00e0 s\u2019inscrire sur les listes \u00e9lectorales. Malgr\u00e9 les premi\u00e8res inqui\u00e9tudes, un nombre croissant de tunisiens, 52%, se sont rendus dans les mairies ouvertes tous les jours pour l\u2019occasion. Mais que se passera-t-il apr\u00e8s le 23 Octobre prochain et l\u2019\u00e9lection de l\u2019Assembl\u00e9e Constituante charg\u00e9e de d\u00e9finir la nouvelle constitution du pays? Les partis tentent un travail p\u00e9dagogique de fond, cependant ils sont plus de 100. Comment les Tunisiens vont-ils choisir? Et d\u2019ailleurs comment fonctionnent ces partis, comment sont-ils financ\u00e9s? Est venu se rajouter \u00e0 ce tohu-bohu g\u00e9n\u00e9ralis\u00e9 le conflit libyen. Apr\u00e8s avoir re\u00e7u des dizaines de milliers d\u2019Egyptiens, Sri lankais, Africains \u00e0 travers sa fronti\u00e8re de Ras Jdir au printemps dernier, la Tunisie a accept\u00e9 sans ciller un million de r\u00e9fugi\u00e9s libyens, des deux camps. Cela a pu entra\u00eener des diff\u00e9rends sur son sol entre pro et anti-Kadhafi dont la violence a parfois n\u00e9cessit\u00e9 l\u2019intervention des forces de l\u2019ordre tunisiennes. Mais la cohabitation s\u2019est globalement bien pass\u00e9e. Cette arriv\u00e9e massive s\u2019est \u00e9galement sold\u00e9e par des p\u00e9nuries ponctuelles et artificielles de produits aux prix administr\u00e9s (lait, sucre) que certains commer\u00e7ants n\u2019h\u00e9sitaient pas \u00e0 revendre au prix fort au march\u00e9 noir. L\u2019eau min\u00e9rale et l\u2019essence sont devenues rares, le carburant \u00e9tant en fait achemin\u00e9 par camions vers la Libye pour alimenter les bellig\u00e9rants. Les Tunisiens, pourtant peu coutumiers de ces faits, se sont pli\u00e9s au rationnement sans protester, par solidarit\u00e9 avec leurs voisins qui leur demanderont certainement demain de les aider \u00e0 reconstruire leur pays. Pourtant qui nous tient inform\u00e9s de ce qu\u2019est devenue la Tunisie depuis le 14 janvier et des premi\u00e8res \u00e9lections d\u00e9mocratiques, le 23 octobre prochain? La vie priv\u00e9e du pr\u00e9sident Sarkozy comme le retour de DSK n\u00e9cessitaient-il plus d\u2019attention qu\u2019un peuple qui \u00e9crit l\u2019Histoire de la r\u00e9gion pour leur consacrer autant de temps et d\u2019espace m\u00e9diatique?<\/span><span lang=\"NO-BOK\">Des semaines passent sans \u00e9ditorial ni tribune sur ce qui se passe \u00e0 nos portes, sur l\u2019autre versant de la M\u00e9diterran\u00e9e . Les Tunisiens, francophiles, ne demandent ni la charit\u00e9 ni qu\u2019on leur donne des le\u00e7ons. Ils cherchent un soutien et veulent gagner du temps pour ne pas tomber dans les m\u00eames \u00e9cueils que nos d\u00e9mocraties plus anciennes. Ils attendaient peut-\u00eatre des \u00e9changes de pratiques \u00e0 la fois sur le fonctionnement des partis, les campagnes de proximit\u00e9 ou la tenue des bureaux de votes. D\u2019autres sont venus leur en parler, pas tellement les Fran\u00e7ais.<\/span><span lang=\"EN-US\">Aujourd\u2019hui, la Tunisie se d\u00e9bat toute seule avec son pass\u00e9 et son avenir incertain. Toute seule, elle g\u00e8re localement les cons\u00e9quences du conflit Libyen. Toute seule, elle met en place un processus d\u00e9mocratique dont l\u2019enjeu principal \u00e0 nos yeux, en tant que d\u00e9mocrates progressistes, est de valoriser nos id\u00e9es pour faire barrage aux int\u00e9gristes islamistes, qui dans leur double discours ciblent surtout l\u2019int\u00e9grit\u00e9 du droit des femmes. Eux sont soutenus : ils nourrissent leurs r\u00e9seaux internationaux depuis de nombreuses ann\u00e9es et b\u00e9n\u00e9ficient d\u2019\u00e9changes pour optimiser leur campagne. En face, les d\u00e9mocrates sont ignor\u00e9s par les partis r\u00e9publicains fran\u00e7ais, et c\u2019est \u00e0 tort. Il semble que notre pays n\u2019ait pas encore pris la mesure de ce qui se passe l\u00e0-bas. A quoi bon alors cr\u00e9er une Union pour la M\u00e9diterran\u00e9e si nous sommes absents dans les moments cl\u00e9 que vivent ces pays ? Aujourd\u2019hui comme hier, il est toujours aussi difficile pour leurs ressortissants, y compris leurs \u00e9tudiants les plus brillants, d\u2019obtenir un visa pour la France. Avons-nous r\u00e9fl\u00e9chi aux \u00e9changes \u00e9quilibr\u00e9s que nous pourrions \u00e9tablir ensemble?<\/span><\/span><\/font><span><span lang=\"NO-BOK\"><font>Car c\u2019est bien en s\u2019alliant notamment \u00e0 la jeunesse d\u00e9mocrate tunisienne qu\u2019une partie de la stabilit\u00e9 dans la r\u00e9gion sera acquise, et ce dans l\u2019int\u00e9r\u00eat de tous. Non, le silence de la France est d\u00e9cid\u00e9ment incompr\u00e9hensible.<\/font><\/span><\/span><\/font><\/p>\n<p align=\"justify\" dir=\"ltr\"><span lang=\"EN-US\"><font face=\"Arial\">Source: \u201dMarianne\u201d Le 20-09-2011<\/font><\/span><\/p>\n<p align=\"justify\" dir=\"ltr\"><font face=\"Arial\"><span lang=\"EN-US\"><font>Lien: <\/font><\/span><span lang=\"NO-BOK\"><a href=\"http:\/\/www.marianne2.fr\/Tunisie-la-democratie-naissante-se-fait-sans-les-Francais_a210564.html\" target=\"_blank\" rel=\"noopener\"><span lang=\"EN-US\"><font>http:\/\/www.marianne2.fr\/Tunisie-la-democratie-naissante-se-fait-sans-les-Francais_a210564.html<\/font><\/span><\/a><\/span><\/font><\/p>\n<p><font face=\"Arial\" size=\"2\"><strong><\/p>\n<div dir=\"ltr\">\n<hr\/>\n<\/div>\n<div align=\"center\" dir=\"ltr\"><b><span lang=\"FR\"><\/p>\n<h4 style=\"color: blue;\"><font face=\"Arial\">Une Fran\u00e7aise victime des nervis de Bachar El Assad<\/font><\/h4>\n<p><\/span><\/b><\/div>\n<div dir=\"ltr\">\n<hr\/>\n<\/div>\n<p align=\"justify\" dir=\"ltr\"><b><span lang=\"FR\"><font face=\"Arial\">Entrevue avec Saadia Ali<\/font><\/span><\/b><\/p>\n<p align=\"justify\" dir=\"ltr\"><b><span lang=\"FR\"><font face=\"Arial\">Saadia Ali<\/font><font><a target=\"_blank\" title=\"\" rel=\"noopener\"><span><font face=\"Arial\">[1]<\/font><\/span><\/a><\/font><font face=\"Arial\"> vit \u00e0 Paris et a particip\u00e9 aux rassemblements de soutien aux r\u00e9volutions dans la r\u00e9gion arabe. Vendredi 26 ao\u00fbt, elle \u00e9tait pr\u00e9sente lorsque le rassemblement quotidien du Ch\u00e2telet en soutien au peuple syrien a \u00e9t\u00e9 infiltr\u00e9 puis attaqu\u00e9 par des sbires de Bachar El Assad dont il est av\u00e9r\u00e9 qu\u2019il s\u2019agissait pour l\u2019essentiel de membres du personnel diplomatique, prot\u00e9g\u00e9 par leur immunit\u00e9. Saadia Ali continue de manifester aux c\u00f4t\u00e9s des Syriens en lutte. C\u2019est lors d\u2019un rassemblement au Ch\u00e2telet qu\u2019elle a r\u00e9pondu \u00e0 nos questions.<\/font><\/span><\/b><\/p>\n<p align=\"justify\" dir=\"ltr\"><span lang=\"FR\"><font face=\"Symbol\">\u00b7<\/font><span><font face=\"Times New Roman\"><\/font><\/span><\/span><b><span lang=\"FR\"><font face=\"Arial\">Saadia Ali, vous \u00eates franco-tunisienne, pourquoi tenez-vous \u00e0 exprimer votre solidarit\u00e9 aux Syriens ?<\/font><\/span><\/b><\/p>\n<p align=\"justify\" dir=\"ltr\"><span lang=\"FR\"><font face=\"Arial\">Je manifeste avec les Syriens, mais aussi avec le monde entier, pour la libert\u00e9 et la dignit\u00e9 humaines.<\/font><\/span><\/p>\n<p align=\"justify\" dir=\"ltr\"><span lang=\"FR\"><font face=\"Symbol\">\u00b7<\/font><span><font face=\"Times New Roman\"><\/font><\/span><\/span><b><span lang=\"FR\"><font face=\"Arial\">Que s\u2019est-il pass\u00e9 le 26 ao\u00fbt exactement ?<\/font><\/span><\/b><\/p>\n<p align=\"justify\" dir=\"ltr\"><span lang=\"FR\"><font face=\"Arial\"><font>Ce jour-l\u00e0, lors du rassemblement place du Ch\u00e2telet, c\u2019est moi qui avais le micro, dans une main, et de l\u2019autre, je tenais un drapeau syrien. Je scandais des slogans. Jamais dans ma vie auparavant, je n\u2019ai particip\u00e9 \u00e0 la moindre bagarre. Une femme m\u2019a insult\u00e9e, avec des mots vulgaires. Elle m\u2019a trait\u00e9 en arabe de \u00ab sale pute \u00bb, m\u2019a accus\u00e9 de toucher de l\u2019argent pour venir manifester ! C\u2019\u00e9tait en arabe syrien et c\u2019est une autre manifestante qui m\u2019a traduit les insultes.<\/font><\/font><\/span><\/p>\n<p align=\"justify\" dir=\"ltr\"><span lang=\"FR\"><font face=\"Symbol\">\u00b7<\/font><span><font face=\"Times New Roman\"><\/font><\/span><\/span><b><span lang=\"FR\"><font face=\"Arial\">Qui \u00e9tait cette femme ?<\/font><\/span><\/b><\/p>\n<p align=\"justify\" dir=\"ltr\"><span lang=\"FR\"><font face=\"Arial\">Comme je l\u2019ai dit, j\u2019\u00e9tais tellement occup\u00e9e par les slogans que je n\u2019avais pas vu les nervis s\u2019infiltrer dans notre cercle. J\u2019ai soudain entendu des cris et tout le monde s\u2019est mis \u00e0 courir dans tous les sens. J\u2019ai voulu m\u2019enfuir, mais c\u2019est l\u00e0 que je me suis retrouv\u00e9e en face de cette nervis, une jeune femme vive et sportive, qui portait un pantalon et un blouson en jean et qui m\u2019a port\u00e9 plusieurs coups. Et moi, j\u2019ai cinquante-quatre ans. Je lui ai dit de me laisser, que j\u2019\u00e9tais malade et sans forces. Mais j\u2019ai perdu l\u2019\u00e9quilibre et j\u2019ai eu une entorse \u00e0 la cheville droite.<\/font><\/span><\/p>\n<p align=\"justify\" dir=\"ltr\"><span lang=\"FR\"><font face=\"Symbol\">\u00b7<\/font><span><font face=\"Times New Roman\"><\/font><\/span><\/span><font face=\"Arial\"><b><span lang=\"FR\"><font>Vous a-t-elle menac\u00e9e ? <\/font><\/span><\/b><span lang=\"FR\"><font>Oui, elle m\u2019a menac\u00e9e. Et parfois, j\u2019ai peur de la croiser dans la rue, qu\u2019elle m\u2019attaque \u00e0 nouveau, \u00e0 chaque fois que je viens aux rassemblements ou lorsque je rentre tard chez moi le soir. Quand je quitte les rassemblements, je m\u2019arrange pour prendre les transports en commun avec d\u2019autres manifestants et ne pas \u00eatre seule.<\/font><\/span><\/font><\/p>\n<p align=\"justify\" dir=\"ltr\"><span lang=\"FR\"><font face=\"Symbol\">\u00b7<\/font><span><font face=\"Times New Roman\"><\/font><\/span><\/span><b><span lang=\"FR\"><font face=\"Arial\">Avez-vous port\u00e9 plainte ?<\/font><\/span><\/b><\/p>\n<p align=\"justify\" dir=\"ltr\"><span lang=\"FR\"><font face=\"Arial\"><font>Apr\u00e8s la bagarre, j\u2019ai \u00e9t\u00e9 conduite aux urgences de l\u2019H\u00f4tel Dieu. J\u2019ai pass\u00e9 des radios qui ont d\u00e9tect\u00e9 une entorse et on m\u2019a donn\u00e9 un certificat m\u00e9dical attestant de la pr\u00e9sence d\u2019ecchymose au bras gauche. On m\u2019a pos\u00e9 une attelle au pied. Jusqu\u2019\u00e0 maintenant j\u2019ai du mal \u00e0 marcher. Quand je suis sortie de l\u2019h\u00f4pital, j\u2019ai \u00e9t\u00e9 au commissariat, mais comme il y avait trop de monde, c&rsquo;est-\u00e0-dire les manifestants contre Bachar et les nervis de Bachar, j\u2019ai d\u00fb revenir le<b><\/b>lundi 29 ao\u00fbt et l\u00e0 j\u2019ai d\u00e9pos\u00e9 plainte. Ensuite j\u2019ai pass\u00e9 un examen m\u00e9dical sur r\u00e9quisition judiciaire.<\/font><\/font><\/span><\/p>\n<p align=\"justify\" dir=\"ltr\"><span lang=\"FR\"><font face=\"Symbol\">\u00b7<\/font><span><font face=\"Times New Roman\"><\/font><\/span><\/span><b><span lang=\"FR\"><font face=\"Arial\">D\u00e8s le lendemain, vous avez tenu \u00e0 revenir manifester au Ch\u00e2telet\u2026<\/font><\/span><\/b><\/p>\n<p align=\"justify\" dir=\"ltr\"><span lang=\"FR\"><font face=\"Arial\">Oui, je reviens et je reviendrai manifester avec d\u2019autres victimes de l\u2019injustice. Je veux dire<i>Basta<\/i> \u00e0 tous les dictateurs et montrer qu\u2019on n\u2019a plus peur. Vive la libert\u00e9 et la d\u00e9mocratie. Car nous sommes tous n\u00e9s \u00e9gaux.<\/font><\/span><\/p>\n<p align=\"justify\" dir=\"ltr\"><b><span lang=\"FR\"> <font face=\"Arial\">Propos recueillis par Luiza Toscane le 10 septembre 2011<\/font><\/span><\/b><\/p>\n<div dir=\"ltr\"><br clear=\"all\"\/>\u00a0<\/p>\n<hr align=\"left\" size=\"1\" width=\"33%\"\/>\n<div>\n<p><a target=\"_blank\" title=\"\" rel=\"noopener\"><span><span lang=\"FR\"><font face=\"Arial\">[1]<\/font><\/span><\/span><\/a><span lang=\"FR\"><font><font face=\"Arial\"> Se reporter \u00e0 \u00ab Femmes victorieuses contre l\u2019impunit\u00e9 \u00bb, 5 janvier 2009,<\/font><a href=\"http:\/\/memorial98.overblog.com\/article-26463208.html\" target=\"_blank\" rel=\"noopener\"><font face=\"Arial\">http:\/\/memorial98.overblog.com\/article-26463208.html<\/font><\/a><\/font><\/span><\/p>\n<\/div>\n<\/div>\n<p><\/strong><\/font><\/p>\n<p><\/strong><\/font><\/p>\n<p><\/strong><\/font><\/p>\n<p><\/font><\/p>\n<p><\/strong><\/font><\/p>\n<p><\/strong><\/font><\/p>\n<p><\/strong><\/font><\/p>\n<p><\/strong><\/font><\/p>\n<\/div>\n<\/div>\n<\/div>\n<\/div>\n<\/div>\n<\/div>\n<\/div>\n<\/div>\n<\/div>\n<\/div>\n<\/div>\n<\/div>\n<\/div>\n<\/div>\n<\/div>\n<\/div>\n<\/div>\n<p><\/body><\/body><\/html><\/p>\n","protected":false},"excerpt":{"rendered":"<p>TUNISNEWS 11 \u00e8me ann\u00e9e, N\u00b04101 du 21.09.2011 archives : www.tunisnews.net \u00a0 Afrik: Les partis tunisiens \u00e0 la rencontre de la diaspora en France Afrik: \u00ab\u00a0La\u00efcit\u00e9 In\u2019chAllah\u00a0\u00bb mercredi dans les salles Le Monde.fr: \u00ab\u00a0La\u00efcit\u00e9 Inch Allah\u00a0\u00bb : un document utile \u00e0 la compr\u00e9hension du printemps arabe Le Nouvel Observateur: La la\u00efcit\u00e9 en Tunisie ? Inch&rsquo;Allah Investir [&hellip;]<\/p>\n","protected":false},"author":1,"featured_media":22040,"comment_status":"open","ping_status":"open","sticky":false,"template":"","format":"standard","meta":{"inline_featured_image":false,"site-sidebar-layout":"default","site-content-layout":"","ast-site-content-layout":"default","site-content-style":"default","site-sidebar-style":"default","ast-global-header-display":"","ast-banner-title-visibility":"","ast-main-header-display":"","ast-hfb-above-header-display":"","ast-hfb-below-header-display":"","ast-hfb-mobile-header-display":"","site-post-title":"","ast-breadcrumbs-content":"","ast-featured-img":"","footer-sml-layout":"","ast-disable-related-posts":"","theme-transparent-header-meta":"","adv-header-id-meta":"","stick-header-meta":"","header-above-stick-meta":"","header-main-stick-meta":"","header-below-stick-meta":"","astra-migrate-meta-layouts":"default","ast-page-background-enabled":"default","ast-page-background-meta":{"desktop":{"background-color":"","background-image":"","background-repeat":"repeat","background-position":"center center","background-size":"auto","background-attachment":"scroll","background-type":"","background-media":"","overlay-type":"","overlay-color":"","overlay-opacity":"","overlay-gradient":""},"tablet":{"background-color":"","background-image":"","background-repeat":"repeat","background-position":"center center","background-size":"auto","background-attachment":"scroll","background-type":"","background-media":"","overlay-type":"","overlay-color":"","overlay-opacity":"","overlay-gradient":""},"mobile":{"background-color":"","background-image":"","background-repeat":"repeat","background-position":"center center","background-size":"auto","background-attachment":"scroll","background-type":"","background-media":"","overlay-type":"","overlay-color":"","overlay-opacity":"","overlay-gradient":""}},"ast-content-background-meta":{"desktop":{"background-color":"var(--ast-global-color-5)","background-image":"","background-repeat":"repeat","background-position":"center center","background-size":"auto","background-attachment":"scroll","background-type":"","background-media":"","overlay-type":"","overlay-color":"","overlay-opacity":"","overlay-gradient":""},"tablet":{"background-color":"var(--ast-global-color-5)","background-image":"","background-repeat":"repeat","background-position":"center center","background-size":"auto","background-attachment":"scroll","background-type":"","background-media":"","overlay-type":"","overlay-color":"","overlay-opacity":"","overlay-gradient":""},"mobile":{"background-color":"var(--ast-global-color-5)","background-image":"","background-repeat":"repeat","background-position":"center center","background-size":"auto","background-attachment":"scroll","background-type":"","background-media":"","overlay-type":"","overlay-color":"","overlay-opacity":"","overlay-gradient":""}},"footnotes":""},"categories":[],"tags":[61,42,29],"class_list":["post-18621","post","type-post","status-publish","format-standard","has-post-thumbnail","hentry","tag-61","tag-42","tag-fr"],"_links":{"self":[{"href":"https:\/\/tunisnews.net\/ar\/wp-json\/wp\/v2\/posts\/18621","targetHints":{"allow":["GET"]}}],"collection":[{"href":"https:\/\/tunisnews.net\/ar\/wp-json\/wp\/v2\/posts"}],"about":[{"href":"https:\/\/tunisnews.net\/ar\/wp-json\/wp\/v2\/types\/post"}],"author":[{"embeddable":true,"href":"https:\/\/tunisnews.net\/ar\/wp-json\/wp\/v2\/users\/1"}],"replies":[{"embeddable":true,"href":"https:\/\/tunisnews.net\/ar\/wp-json\/wp\/v2\/comments?post=18621"}],"version-history":[{"count":0,"href":"https:\/\/tunisnews.net\/ar\/wp-json\/wp\/v2\/posts\/18621\/revisions"}],"wp:featuredmedia":[{"embeddable":true,"href":"https:\/\/tunisnews.net\/ar\/wp-json\/wp\/v2\/media\/22040"}],"wp:attachment":[{"href":"https:\/\/tunisnews.net\/ar\/wp-json\/wp\/v2\/media?parent=18621"}],"wp:term":[{"taxonomy":"category","embeddable":true,"href":"https:\/\/tunisnews.net\/ar\/wp-json\/wp\/v2\/categories?post=18621"},{"taxonomy":"post_tag","embeddable":true,"href":"https:\/\/tunisnews.net\/ar\/wp-json\/wp\/v2\/tags?post=18621"}],"curies":[{"name":"wp","href":"https:\/\/api.w.org\/{rel}","templated":true}]}}