{"id":18615,"date":"2008-11-28T00:00:00","date_gmt":"2008-11-28T00:00:00","guid":{"rendered":"https:\/\/tunisnews.net\/28-novembre-2008\/"},"modified":"2008-11-28T00:00:00","modified_gmt":"2008-11-28T00:00:00","slug":"28-novembre-2008","status":"publish","type":"post","link":"https:\/\/tunisnews.net\/ar\/28-novembre-2008\/","title":{"rendered":"28 novembre 2008"},"content":{"rendered":"<p><html><head><meta content=\"text\/html\" description=\"Un ancien prisonnier islamiste a cess\u00e9 \t\t\t\t\t\t\t\t\tvendredi une gr\u00e8ve de la faim qu'il \t\t\t\t\t\t\t\t\tobservait depuis le 2 octobre pour exiger \t\t\t\t\t\t\t\t\tdes soins et un passeport, \u00e0 la demande de \t\t\t\t\t\t\t\t\tmilitants fran\u00e7ais, a-t-on appris aupr\u00e8s de \t\t\t\t\t\t\t\t\tla Ligue tunisienne de d\u00e9fense des droits de \t\t\t\t\t\t\t\t\tl'Homme (LTDH). \" http-equiv=\"Content-Type\"\/><\/head><body><body><\/p>\n<p align=\"center\" dir=\"ltr\"><font face=\"Arial\" size=\"2\"><b><a href=\"https:\/\/tunisnews.net\/ar\/\"><span>Home<\/span><span lang=\"FR-CH\"> &#8211; Accueil<\/span><\/a><\/b><\/font><\/p>\n<div>\n<div>\n<div ca=\"imb_europe@hotmail.com\" cn=\"IMB EUROPE\" fa=\"Forward\" fid=\"00000000-0000-0000-0000-000000000001\" im=\"im\" mad=\"4|0|8CB1EF1ABBE8C70|\" mid=\"ad03bb21-63da-4a22-8dbd-eeb458463b47\" nr=\"nr\" ps=\"96691\" ra=\"Reply\" raa=\"ReplyAll\" rfu=\"EditMessageLight.aspx?ReadMessageId=ad03bb21-63da-4a22-8dbd-eeb458463b47&amp;FolderID=00000000-0000-0000-0000-000000000001&amp;CP=-1&amp;n=1442570214&amp;Action={0}&amp;AllowUnsafe={1}\" sb=\"sb\">\n<div>\n<div onclick=\"return Control.invoke('ReadingPane', '_onBodyClick', event);\">\n<div><font face=\"Arial\" size=\"2\"><\/p>\n<div align=\"justify\">\n<div><font face=\"Arial\"><\/font><\/div>\n<div><\/div>\n<p><font><span lang=\"FR\"><\/p>\n<div align=\"center\" dir=\"ltr\"><font size=\"2\"><span lang=\"SV\"><strong>TUNISNEWS<\/strong><\/span> <\/font><\/div>\n<div align=\"center\" dir=\"ltr\"><font><\/p>\n<div><strong><font size=\"2\">8\u00a0\u00e8me ann\u00e9e,<span lang=\"FR\">N\u00b0\u00a03111 du 28.11.2008 <\/span><\/font><\/strong><\/div>\n<p><\/font><\/div>\n<div align=\"center\" dir=\"ltr\"><span><font face=\"Arial\"><strong><font size=\"2\"><font>\u00a0archives<\/font> : <\/font><\/strong><\/font><a target=\"_blank\" rel=\"noopener\"><font face=\"Arial\" size=\"2\"><strong>www.tunisnews.net<\/strong><\/font><\/a><\/span><font size=\"2\"><font>\u00a0<\/font>\u00a0<\/font><\/div>\n<p dir=\"ltr\">\u00a0<\/p>\n<div><font size=\"2\"><\/p>\n<hr\/>\n<p><\/font><\/div>\n<div><span lang=\"FR\"><\/p>\n<div align=\"justify\">\n<div align=\"justify\"><span lang=\"FR\"><font><\/p>\n<div align=\"left\"><span lang=\"FR-CH\"><font><strong><\/p>\n<p><font>AFP: Un ex-d\u00e9tenu cesse une gr\u00e8ve de faim \u00e0 la demande de militants fran\u00e7ais <font>AP: Tunisie: un ex-d\u00e9tenu islamiste met fin \u00e0 une longue gr\u00e8ve de la faim<\/font> AP: Tunisie: des associations d\u00e9noncent la visite \u00ab\u00a0d&rsquo;activistes fran\u00e7ais\u00a0\u00bb <font>Mohamed Ettaieb: D\u00e9l\u00e9gation fran\u00e7aise en Tunisie : La r\u00e9ponse indirecte de Carthage<\/font> Kh\u00e9mais khayati: D\u00e9menti <font>Le Temps: Vie associative &#8211; Aujourd&rsquo;hui, 8\u00e8me congr\u00e8s de l&rsquo;Association des Femmes D\u00e9mocrates (ATFD)<\/font> Le Soir: Pourquoi les journalistes ne peuvent-ils plus entrer dans la bande de Gaza ?<\/font><\/p>\n<p><\/strong><\/font><\/span><\/div>\n<div align=\"justify\"><span lang=\"FR-CH\"><\/span><\/div>\n<div align=\"justify\">\n<hr\/>\n<\/div>\n<p><\/font><\/span><\/div>\n<\/div>\n<p><\/span><\/div>\n<p><font><\/p>\n<p align=\"center\">\u00a0<\/p>\n<p align=\"center\"><font><span><font><\/font><\/span><\/font><\/p>\n<div align=\"center\"><b><span lang=\"FR\">Liste actualis\u00e9e des signataires de l&rsquo;initiative du Droit de Retour : <\/span><span lang=\"FR\"><font><a href=\"http:\/\/www.manfiyoun.net\/fr\/listfr.htmlCelles\" target=\"_blank\" rel=\"noopener\">http:\/\/www.manfiyoun.net\/fr\/listfr.html<\/a><\/font><\/span><\/b><span lang=\"FR\"><strong> Celles et Ceux qui veulent signer cet appel sont invit\u00e9s \u00e0 envoyer leur: Nom, Pays de r\u00e9sidence et Ann\u00e9e de sortie de la Tunisie sur le m\u00e9l de l&rsquo;initiative : <\/strong><a href=\"mailto:manfiyoun@gmail.com\"><font><strong>manfiyoun@gmail.com<\/strong><\/font><\/a><\/span><\/div>\n<p>\u00a0<\/p>\n<div align=\"center\">\n<hr\/>\n<\/div>\n<div>\n<div align=\"center\"> <strong><\/p>\n<h2 style=\"color: red;\"><font size=\"3\">Un ex-d\u00e9tenu cesse une gr\u00e8ve de faim \u00e0 la demande de militants fran\u00e7ais<\/font><\/h2>\n<p><\/strong><\/div>\n<div align=\"justify\"> \u00a0AFP 28.11.08 | 15h12\u00a0  Un ancien prisonnier islamiste a cess\u00e9 vendredi une gr\u00e8ve de la faim qu&rsquo;il observait depuis le 2 octobre pour exiger des soins et un passeport, \u00e0 la demande de militants fran\u00e7ais, a-t-on appris aupr\u00e8s de la Ligue tunisienne de d\u00e9fense des droits de l&rsquo;Homme (LTDH).  Abdelatif Bouhjila, 34 ans, a arr\u00eat\u00e9 sa gr\u00e8ve \u00e0 la demande d&rsquo;associations tunisiennes et militants fran\u00e7ais qui se sont rendus \u00e0 son domicile \u00e0 Tunis, a indiqu\u00e9 \u00e0 l&rsquo;AFP Mokhtar Trifi, pr\u00e9sident de l&rsquo;association. \u00a0 \u00ab\u00a0Abdelatif a accept\u00e9 d&rsquo;arr\u00eater son je\u00fbne \u00e0 la demande insistante de l&rsquo;\u00e9v\u00eaque Monseigneur Jacques Gaillot et du m\u00e9decin Philippe Legrand, membre de la Ligue fran\u00e7aise des droits de l&rsquo;Homme (Nantes)\u00a0\u00bb, a pr\u00e9cis\u00e9 M. Trifi. \u00ab\u00a0Nous l&rsquo;avons assur\u00e9 de notre soutien et de notre d\u00e9termination \u00e0 d\u00e9fendre son droit \u00e0 des soins appropri\u00e9s et \u00e0 l&rsquo;obtention d&rsquo;un passeport\u00a0\u00bb, a-t-il dit. Lib\u00e9r\u00e9 sous condition en novembre 2006, Abdelatif Bouhjila avait \u00e9t\u00e9 condamn\u00e9 en juillet 2002 \u00e0 onze ans de prison et \u00e0 une peine compl\u00e9mentaire de surveillance administrative pour \u00ab\u00a0appartenance \u00e0 une organisation terroriste dite Al-Ansar\u00a0\u00bb, selon une source officielle tunisienne. Selon sa famille, cet ancien prisonnier atteint d&rsquo;affections cardiaques et r\u00e9nales, et souffrant d&rsquo;un handicap \u00e0 la jambe, demandait en vain des soins et un passeport pour se faire soigner \u00e0 l&rsquo;\u00e9tranger. Les autorit\u00e9s tunisiennes ont d\u00e9menti tout refus de soins et indiqu\u00e9 que l&rsquo;ancien prisonnier ne pouvait quitter le territoire tunisien en raison des modalit\u00e9s de sa lib\u00e9ration conditionnelle. Selon elles, \u00ab\u00a0il est suivi \u00e0 l&rsquo;h\u00f4pital +La Rabta+ depuis 2002, date \u00e0 laquelle il a \u00e9t\u00e9 op\u00e9r\u00e9, et depuis lors, y compris apr\u00e8s sa lib\u00e9ration conditionnelle en 2007, il a \u00e9t\u00e9 r\u00e9guli\u00e8rement pris en charge et convenablement soign\u00e9 dans divers services du m\u00eame h\u00f4pital\u00a0\u00bb. Les autorit\u00e9s affirment aussi que \u00ab\u00a0l&rsquo;interess\u00e9 a \u00e9t\u00e9 inform\u00e9 qu&rsquo;il ne pouvait quitter le territoire tunisien avant que sa lib\u00e9ration n&rsquo;acqui\u00e8re un caract\u00e8re d\u00e9finitif\u00a0\u00bb. Monseigneur Gaillot et Philippe Legrand font partie d&rsquo;une d\u00e9l\u00e9gation d&rsquo;\u00e9lus de la gauche et repr\u00e9sentants de la soci\u00e9t\u00e9 civile fran\u00e7aise ayant effectu\u00e9 une visite de trois jours en Tunisie. Certains de ses membres ont visit\u00e9 des familles de prisonniers dans la r\u00e9gion mini\u00e8re de Gafsa (350 km de Tunis), th\u00e9\u00e2tre de troubles sociaux en 2008. Le quotidien priv\u00e9 Assabah critiquait vendredi cette mission assimil\u00e9e \u00e0 un esprit \u00ab\u00a0colonialiste\u00a0\u00bb, alors que le Renouveau, organe du RCD (parti au pouvoir) d\u00e9non\u00e7ait \u00ab\u00a0la port\u00e9e opportuniste de cette orchestration politicienne\u00a0\u00bb. Pour l&rsquo;ambassadeur de France, Serge Degallaix, \u00ab\u00a0l&rsquo;Etat fran\u00e7ais n&rsquo;est pas partie prenante\u00a0\u00bb du p\u00e9riple entrepris \u00ab\u00a0de leur propre chef\u00a0\u00bb par un groupe d&rsquo;organisations politiques. \u00a0<\/div>\n<div>\n<hr\/>\n<\/div>\n<div align=\"center\">\n<h2 style=\"color: red;\"><font size=\"3\"><strong>Tunisie: un ex-d\u00e9tenu islamiste met fin \u00e0 une longue gr\u00e8ve de la faim<\/strong><\/font><\/h2>\n<p> \u00a0<\/p><\/div>\n<div> AP | 28.11.2008 | 19:04 En gr\u00e8ve de la faim depuis pr\u00e8s de deux mois pour r\u00e9clamer l&rsquo;acc\u00e8s aux soins et un passeport, un ancien prisonnier islamiste tunisien a mis fin vendredi \u00e0 son action de protestation, suite \u00e0 la sollicitation d&rsquo;associations locales et de personnalit\u00e9s fran\u00e7aises en visite en Tunisie, a-t-on appris aupr\u00e8s de la Ligue tunisienne des droits de l&rsquo;Homme (LTDH). Condamn\u00e9 en 2002 \u00e0 une peine de 11 ans de prison pour \u00ab\u00a0appartenance \u00e0 une organisation terroriste, Al Ansar\u00a0\u00bb, Abdellatif Bouhajila, 34 ans, a \u00e9t\u00e9 lib\u00e9r\u00e9 sous condition en novembre 2006. Souffrant de probl\u00e8mes de sant\u00e9, notamment cardiaques et r\u00e9naux, il se serait heurt\u00e9 \u00e0 l&rsquo;acc\u00e8s aux soins dans un h\u00f4pital de Tunis, selon des sources associatives qui d\u00e9plorent, en outre, le refus des autorit\u00e9s de lui d\u00e9livrer un passeport pour aller se soigner \u00e0 l&rsquo;\u00e9tranger. Le gouvernement, quant \u00e0 lui, assure que M. Bouhajila \u00ab\u00a0est r\u00e9guli\u00e8rement pris en charge \u00e0 l&rsquo;h\u00f4pital La Rabta (de Tunis) et convenablement soign\u00e9 dans divers services du m\u00eame h\u00f4pital\u00a0\u00bb. Cependant, pour les autorit\u00e9s, l&rsquo;ancien prisonnier ne peut pas quitter le territoire tunisien, \u00e9tant encore tenu par la r\u00e9glementation r\u00e9gissant la lib\u00e9ration conditionnelle. Selon le pr\u00e9sident de la LTDH, Me Mokhtar Trifi, M. Bouhajila a acc\u00e9d\u00e9 \u00e0 \u00ab\u00a0la demande insistante\u00a0\u00bb des repr\u00e9sentants de la soci\u00e9t\u00e9 civile tunisienne et de personnalit\u00e9s fran\u00e7aises qui lui ont rendu visite \u00e0 son domicile, dont Mgr Jacques Gaillot. Le Dr Jean-Robert Bradier a jug\u00e9 son \u00e9tat \u00ab\u00a0extr\u00eamement grave. Il risque d&rsquo;y passer\u00a0\u00bb, s&rsquo;est-il alarm\u00e9 apr\u00e8s l&rsquo;avoir examin\u00e9, selon les propos rapport\u00e9s \u00e0 l&rsquo;Associated Press par Me Trifi. \u00ab\u00a0Nous l&rsquo;avons assur\u00e9 de notre d\u00e9termination \u00e0 militer pour qu&rsquo;il acc\u00e8de aux soins n\u00e9cessaires et puisse voyager\u00a0\u00bb, a encore relat\u00e9 le pr\u00e9sident de la LTDH. AP \u00a0<\/div>\n<div>\n<hr\/>\n<\/div>\n<div align=\"center\"> <strong><\/p>\n<h2 style=\"color: red;\"><font size=\"3\">Tunisie: des associations d\u00e9noncent la visite \u00ab\u00a0d&rsquo;activistes fran\u00e7ais\u00a0\u00bb<\/font><\/h2>\n<p><\/strong><\/div>\n<div>\u00a0<\/div>\n<div> AP | 28.11.2008 | 20:09 Une vingtaine d&rsquo;associations tunisiennes et franco-tunisiennes ont d\u00e9nonc\u00e9 vendredi la mission que vient d&rsquo;effectuer en Tunisie un groupe de personnalit\u00e9s politiques de gauche et repr\u00e9sentants d&rsquo;associations fran\u00e7aises, en signe de soutien \u00e0 la population du bassin minier de Gafsa (centre-ouest tunisien) en proie \u00e0 une agitation sociale. Les militants fran\u00e7ais, dont les secr\u00e9taires nationales du parti communiste (PCF), et des Verts, Marie-Georges Buffet et C\u00e9cile Duflot ainsi que Mgr Jacques Gaillot, ont rendu visite \u00e0 des familles de d\u00e9tenus \u00e0 Redeyef, une des villes de cette r\u00e9gion riche en phosphates, qui a connu de violents troubles depuis janvier 2008. De nombreux manifestants interpell\u00e9s ont \u00e9t\u00e9 condamn\u00e9s r\u00e9cemment \u00e0 plusieurs mois de prison notamment pour \u00ab\u00a0troubles \u00e0 l&rsquo;ordre public et d\u00e9t\u00e9rioration de biens d&rsquo;autrui\u00a0\u00bb. D&rsquo;autres parmi lesquels figure le dirigeant syndicaliste Adnane Hajji, doivent \u00eatre jug\u00e9s incessamment. La d\u00e9l\u00e9gation fran\u00e7ais a aussi rencontr\u00e9 des repr\u00e9sentants de la soci\u00e9t\u00e9 civile et de partis d&rsquo;opposition au si\u00e8ge de la Ligue tunisienne des droits de l&rsquo;Homme (LTDH). \u00ab\u00a0J&rsquo;esp\u00e8re qu&rsquo;\u00e0 l&rsquo;avenir nos militants pourront acc\u00e9der aux locaux de la ligue sans probl\u00e8me, pas seulement \u00e0 l&rsquo;occasion de visites de d\u00e9l\u00e9gations \u00e9trang\u00e8res\u00a0\u00bb, a d\u00e9clar\u00e9 son pr\u00e9sident Me Mokhtar Trifi \u00e0 l&rsquo;Associated Press. Dans une d\u00e9claration transmise \u00e0 l&rsquo;AP, les associations tunisienne s&rsquo;\u00e9l\u00e8vent contre cette \u00ab\u00a0soi-disant mission de solidarit\u00e9\u00a0\u00bb, consid\u00e9r\u00e9e comme \u00ab\u00a0absolument d\u00e9pass\u00e9e et relevant d&rsquo;une \u00e9poque r\u00e9volue\u00a0\u00bb, la qualifiant \u00ab\u00a0d&rsquo;interventionnisme n\u00e9ocolonialiste\u00a0\u00bb. \u00ab\u00a0C&rsquo;est \u00e0 la soci\u00e9t\u00e9 civile tunisienne et non \u00e0 une d\u00e9l\u00e9gation d&rsquo;activistes \u00e9trangers, d&rsquo;ailleurs connus pour leurs partis pris contre la Tunisie, de venir &lsquo;\u00e9valuer&rsquo; la situation dans le pays\u00a0\u00bb, ajoute le communiqu\u00e9. Parmi les signataires figurent notamment l&rsquo;Association tunisienne des parlementaires tunisiens, l&rsquo;Union des \u00e9crivains tunisiens, la Ligue africaine des droits de l&rsquo;Homme (Paris-France), l&rsquo;Association tuniso-europ\u00e9enne des femmes d&rsquo;affaires (Paris-France). Ils les accusent de \u00ab\u00a0tenter d&rsquo;instrumentaliser &lsquo;la soi-disant situation dans le bassin minier&rsquo; alors m\u00eame que la situation dans cette r\u00e9gion est revenue \u00e0 la normale depuis belle lurette\u00a0\u00bb. Interrog\u00e9 sur cette mission lors d&rsquo;une rencontre vendredi avec la presse, l&rsquo;ambassadeur de France \u00e0 Tunis, Serge Degallaix, a fait valoir que \u00ab\u00a0l&rsquo;Etat fran\u00e7ais n&rsquo;est pas partie prenante dans ce voyage\u00a0\u00bb. AP \u00a0<\/div>\n<div>\n<hr\/>\n<\/div>\n<div align=\"center\"> <strong><\/p>\n<h2 style=\"color: red;\"><font size=\"3\">D\u00e9l\u00e9gation fran\u00e7aise en Tunisie : La r\u00e9ponse indirecte de Carthage<\/font><\/h2>\n<p><\/strong><\/div>\n<div>\u00a0<\/div>\n<div>28 novembre \u00e0 19h45   Si aucun responsable tunisien n\u2019a officiellement r\u00e9agi \u00e0 la visite de solidarit\u00e9 d\u2019une d\u00e9l\u00e9gation de la gauche fran\u00e7aise en Tunisie , Borhane Bsaies, porte-parole officieux de Ben Ali, vient de rectifier le tir. \u00a0 Dans Assabah \u2014 journal arabophone nagu\u00e8re ind\u00e9pendant \u2014 de ce vendredi 28 novembre, le \u00ab journaliste \u00bb Bsaies tacle s\u00e9v\u00e8rement ce \u00ab m\u00e9lange gauchisant qui lance le m\u00eame discours hautain pr\u00e9tendant poss\u00e9der la v\u00e9rit\u00e9 et qui est fier de donner des le\u00e7ons (\u2026). La Secr\u00e9taire nationale du Parti communiste fran\u00e7ais, le parti de Moscou, celui du paradis socialiste et de la d\u00e9funte Union sovi\u00e9tique, vient en Tunisie pour donner des le\u00e7ons de d\u00e9mocratie et de droits de l\u2019Homme !! \u00bb, s\u2019indigne Bsaies. On croirait presque lire un \u00e9ditorial du Figaro\u2026  \u00a0 Noyant le poisson et jouant habilement sur la fibre nationaliste arabe des Tunisiens, Bsaies conseille aux militants du pays du jasmin de \u00ab guider cette noble d\u00e9l\u00e9gation humanitaire et politique vers la vraie destination, soit \u00e0 Gaza, endroit o\u00f9 un peuple est affam\u00e9 sans qu\u2019un communiste, un socialiste ou un Vert fran\u00e7ais ne prenne la peine d\u2019adresser un semblant de lettre de protestation \u00e0 l\u2019ambassade isra\u00e9lienne de Paris \u00bb.  Bsaies : Une \u00e9toile qui monte  L\u2019\u00e9toile de Borhane Bsaies aupr\u00e8s de Carthage commence \u00e0 briller au d\u00e9but des ann\u00e9es 2000. Proche de l\u2019extr\u00eame-gauche durant sa p\u00e9riode \u00e9tudiante, Borhane tente un \u00e9ph\u00e9m\u00e8re rapprochement avec le parti centriste du Dr. Mustapha Ben J\u00e2afar, avant de r\u00e9aliser qu\u2019il y a un autre chemin pour atteindre le c\u0153ur du pouvoir.  Comme la plupart des ministres tunisiens ont une peur bleue des vrais m\u00e9dias, le champ est compl\u00e8tement libre devant cet enseignant en \u00ab \u00e9ducation civique \u00bb (\u00e7a ne s\u2019invente pas !) pour appara\u00eetre sur toutes les tribunes.  C\u2019est lui qu\u2019Al Jazeera invite, de plus en plus syst\u00e9matiquement, pour d\u00e9fendre les positions de Carthage. Bsaies, \u00e0 qui m\u00eame ses adversaires reconnaissent une certaine intelligence et un talent de tribun, d\u00e9fend le r\u00e9gime tunisien bec et ongles. Pourvu d\u2019un incroyable culot et d\u2019une bonne dose de mauvaise foi, il donne la r\u00e9plique aux \u00ab vendus \u00bb (lire les opposants) et apporte la bonne parole du palais pr\u00e9sidentiel.  Il est bien loin le temps o\u00f9 le jeune gauchiste Bsaies soulevait les foules de la mythique \u00ab Facult\u00e9 des lettres du 9 avril 1938 \u00bb\u2026  <font><strong>Mohamed Ettaieb  (Source : le blog \u00ab CHAKCHOUKA TUNISIENNE, UN BLOG PARFUM\u00c9 AU JASMIN \u00bb h\u00e9berg\u00e9 par \u00ab Bakchich \u00bb (Hebdomadaire satirique \u2013 France), le 28 novembre 2008)   \u00a0<\/strong><\/font><\/div>\n<div>\n<hr\/>\n<\/div>\n<div><strong><font>D\u00e9menti<\/font><\/strong>  Ai appris tout r\u00e9cemment avec col\u00e8re et consternation que certaines personnes de mon pays en mal de m\u00e9chancet\u00e9 gratuite et d\u00e9gueulasse, m\u2019ont accord\u00e9 la paternit\u00e9 d\u2019un texte en langue arabe intitul\u00e9 \u00ab Qalilun min al-Anafa \u00bb (Un peu d\u2019orgueil) comportant 432 mots dispatch\u00e9s en six paragraphes traitant de certains aspects de la sc\u00e8ne politique tunisienne et l\u2019ont adress\u00e9 \u00e0 \u00ab qui de droit \u00bb\u2026 Je d\u00e9clare sur l\u2019honneur que je ne suis pas l\u2019auteur de ce texte, qu\u2019il ne repr\u00e9sente nullement ni mes id\u00e9es ni mes id\u00e9aux et de ce fait, je trouve de telles pratiques indignes de citoyens d\u2019un m\u00eame pays. Tunis le 27\/11\/2008 <strong><font>Kh\u00e9mais khayati<\/font><\/strong>  \u00a0<\/div>\n<div>\n<hr\/>\n<\/div>\n<div align=\"center\"><strong><\/p>\n<p><font size=\"3\"><font size=\"2\">Vie associative &#8211; Aujourd&rsquo;hui, 8\u00e8me congr\u00e8s de l&rsquo;Association des Femmes D\u00e9mocrates (ATFD)<\/font> Pour une \u00e9galit\u00e9 effective entre femmes et hommes<\/font><\/p>\n<p><\/strong><\/div>\n<div>\u00a0<\/div>\n<div> \u2022 Mme Khadija Ch\u00e9rif ne briguera pas un second mandat \u00e0 la t\u00eate de l&rsquo;Association L&rsquo;Association Tunisienne des Femmes D\u00e9mocrates (ATFD) tient aujourd&rsquo;hui, demain et apr\u00e8s-demain son 8\u00e8me congr\u00e8s sous le th\u00e8me \u00ab\u00a0Egalit\u00e9 effective n\u00e9cessit\u00e9 vitale, \u00e9galit\u00e9 responsabilit\u00e9 de toutes et tous\u00a0\u00bb.  L&rsquo;ouverture des travaux du congr\u00e8s se fera \u00e0 15 heures \u00e0 l&rsquo;h\u00f4tel El Hana International de Tunis. Apr\u00e8s l&rsquo;allocution de la pr\u00e9sidente de l&rsquo;Association et celle des invit\u00e9s. Les congressistes qui seront au nombre d&rsquo;environ une centaine \u00e9liront la pr\u00e9sidente du congr\u00e8s et les membres du bureau de vote. Puis on proc\u00e8dera \u00e0 la lecture des rapports moral et financier qui seront discut\u00e9s et pass\u00e9s au vote par les congressistes. \u00a0 R\u00e9partition  Les travaux se poursuivront samedi et dimanche au si\u00e8ge de l&rsquo;ATFD avenue de la Libert\u00e9 \u00e0 Tunis par la pr\u00e9sentation des rapports des commissions et le d\u00e9bat g\u00e9n\u00e9ral. Le dimanche les congressistes \u00e9liront les 9 membres du comit\u00e9 directeur de l&rsquo;Association qui une fois \u00e9lus ils proc\u00e8deront \u00e0 l&rsquo;\u00e9lection de la pr\u00e9sidente et \u00e0 la r\u00e9partition des t\u00e2ches au sein du comit\u00e9. Plusieurs candidatures ont \u00e9t\u00e9 enregistr\u00e9es. Et comme signe de continuit\u00e9 une majorit\u00e9 des membres du comit\u00e9 sortant vont se pr\u00e9senter \u00e0 cette \u00e9lection. Mais la pr\u00e9sidente sortante a d\u00e9cid\u00e9 de ne pas briguer un second mandat \u00e0 la t\u00eate de l&rsquo;Association. \u00a0 Bilan Dans une interview publi\u00e9e \u00e0 l&rsquo;hebdomadaire l&rsquo;Expression dat\u00e9 d&rsquo;aujourd&rsquo;hui Mme Ch\u00e9rif explique sa d\u00e9cision. \u00ab\u00a0Il faut que l&rsquo;alternance se fasse, les comp\u00e9tences et l&rsquo;engagement sont l\u00e0 et il n&rsquo;y a aucune n\u00e9cessit\u00e9 \u00e0 poursuivre. Le congr\u00e8s est l&rsquo;occasion de dynamiser et enrichir par des m\u00e9thodes nouvelles que chaque bureau d\u00e9finit pour poursuivre les activit\u00e9s et les objectifs de l&rsquo;Association. Je ne quitte que la direction, je continue \u00e0 \u00eatre membre, \u00e0 m&rsquo;investir dans le travail des commissions, juste je me d\u00e9charge de la premi\u00e8re responsabilit\u00e9\u00a0\u00bb. Evoquant le bilan de son mandat la pr\u00e9sidente sortante souligne \u00ab\u00a0qu&rsquo;il s&rsquo;agit du mandat d&rsquo;un comit\u00e9 directeur, c&rsquo;est-\u00e0-dire d&rsquo;une \u00e9quipe. Quel que soit le bilan il est toujours mitig\u00e9, des satisfactions, mais aussi des frustrations. Comme j&rsquo;ai eu \u00e0 le dire nous pouvons \u00eatre satisfaites au vu de nombreuses activit\u00e9s&#8230; et du rayonnement de notre association&#8230; mais cela n&#8217;emp\u00eache pas de dire que rien n&rsquo;est parfait et qu&rsquo;on peut toujours mieux faire\u00a0\u00bb. N\u00e9jib SASSI \u00a0 \u00a0Les pr\u00e9sidentes de l&rsquo;Association depuis sa cr\u00e9ation le 6 ao\u00fbt 1989 Mme H\u00e9dia Jrad Mme Bochra Bel Haj Hamida Mme Hella Abdeljaoued Mme Ahlam Bel Haj Mme Khadija Ch\u00e9rif  <strong><font>(Source: \u00ab\u00a0Le Temps\u00a0\u00bb (Quotidien &#8211; Tunisie) le 28 novembre 2008)<\/font><\/strong><\/div>\n<\/div>\n<div>\n<div align=\"center\">\n<hr\/>\n<\/div>\n<div align=\"center\">\u00a0<\/div>\n<div align=\"center\"> <strong><\/p>\n<h2 style=\"color: red;\"><font size=\"3\">Pourquoi les journalistes ne peuvent-ils plus entrer dans la bande de Gaza ?<\/font><\/h2>\n<p><\/strong> <\/div>\n<div align=\"center\">\u00a0<\/div>\n<div align=\"justify\"> Beaucoup d\u2019Isra\u00e9liens consid\u00e8rent que la bataille \u00ab pour l\u2019image \u00bb est depuis longtemps gagn\u00e9e par les Palestiniens. Pour les plus pessimistes, l\u2019expression \u00ab le monde est de toute fa\u00e7on contre nous \u00bb r\u00e9sume la situation. Les autorit\u00e9s isra\u00e9liennes sont-elles gagn\u00e9es par ce pessimisme ? En tout cas, leur attitude dans le dossier du si\u00e8ge de Gaza le donne \u00e0 penser.  Depuis le 5 novembre, Isra\u00ebl impose un bouclage de la bande de Gaza bien plus strict que celui, d\u00e9j\u00e0 tr\u00e8s s\u00e9v\u00e8re, qui pr\u00e9vaut depuis plus d\u2019un an, depuis que les islamistes du Hamas ont fait main basse sur le pouvoir dans ce territoire d\u00e9sh\u00e9rit\u00e9. Mais, en plus des biens de premi\u00e8re n\u00e9cessit\u00e9 (\u00e0 l\u2019exception d\u2019un maigre convoi d\u2019une trentaine de camions lundi), les Isra\u00e9liens ont ajout\u00e9 une interdiction sans pr\u00e9c\u00e9dent, celle des journalistes \u00e9trangers. Circulez, y a rien \u00e0 voir ! en quelque sorte. L\u2019association des journalistes \u00e9trangers en Isra\u00ebl a protest\u00e9, \u00e9voquant \u00ab un bouclage qui va \u00e0 l\u2019encontre de la propre affirmation d\u2019Isra\u00ebl que c\u2019est une d\u00e9mocratie qui respecte la libert\u00e9 des m\u00e9dias \u00bb. En vain. Mercredi, les directeurs d\u2019une quinzaine des plus importants m\u00e9dias du monde, dont l\u2019AFP, Reuters, Associated Press, ABC, BBC, CNN ou le New York Times ont \u00e9crit au Premier ministre pour faire part de leur \u00ab grave inqui\u00e9tude \u00bb.  L\u2019interdit signifi\u00e9 \u00e0 la profession journalistique est expliqu\u00e9 par des raisons s\u00e9curitaires (les tirs de roquettes palestiniennes). Mais ces tirs, qui existent depuis des ann\u00e9es, n\u2019avaient jamais suscit\u00e9 une telle mesure.  Un porte-parole du minist\u00e8re isra\u00e9lien de la D\u00e9fense, Shlomo Dror, s\u2019est laiss\u00e9 aller \u00e0 des commentaires repris par l\u2019Associated Press mercredi : Isra\u00ebl, a-t-il dit en substance, est m\u00e9content de la couverture m\u00e9diatique internationale qui exag\u00e8re les souffrances palestiniennes et n\u2019indique pas clairement que les mesures isra\u00e9liennes sont une r\u00e9ponse aux violences palestiniennes. \u00ab Quand il s\u2019agit de Gaza, notre image sera toujours mauvaise \u00bb, a l\u00e2ch\u00e9 Shlomo Dror. L\u2019interdiction des m\u00e9dias peut-elle am\u00e9liorer l\u2019image d\u2019Isra\u00ebl ? Non. D\u2019autant que personne ne r\u00e9ussira jamais \u00e0 prohiber toute information. Ainsi, par exemple, ce jeudi, le bureau de l\u2019AFP de Gaza, a envoy\u00e9 une d\u00e9p\u00eache alarmante sur les probl\u00e8mes croissants des boulangers : \u00ab Toutes les boulangeries s\u2019arr\u00eateront d\u2019ici deux jours au plus tard si le blocus isra\u00e9lien se poursuit \u00bb, d\u00e9clarait le chef du syndicat des boulangers. Voil\u00e0 qui m\u00e8nera \u00e0 la description \u2013 exag\u00e9r\u00e9e ? \u2013 de nouvelles souffrances.<\/div>\n<div align=\"left\"><strong>BAUDOUIN LOOS<\/strong> <strong><font>(Source: \u00ab\u00a0Le Soir\u00a0\u00bb (quotidien &#8211; Belgique) le 21 novembre 2008)<\/font><\/strong><\/div>\n<\/div>\n<p>\u00a0<\/font><\/span><\/font><\/div>\n<p><\/font><\/div>\n<\/div>\n<\/div>\n<\/div>\n<\/div>\n<\/div>\n<p align=\"center\" dir=\"ltr\">\n<h2 style=\"color: red;\"><font face=\"Arial\" size=\"2\"><strong><b><a href=\"https:\/\/tunisnews.net\/ar\/\"><font face=\"Arial\"><span><font size=\"2\">Home<\/font><\/span><font size=\"2\"><span lang=\"FR-CH\"> &#8211; Accueil <\/span><span>&#8211; <\/span><\/font><\/font><span dir=\"rtl\" lang=\"AR-SA\"><font size=\"2\">\u0627\u0644\u0631\u0626\u064a\u0633\u064a\u0629<\/font><\/span><\/a><\/b><\/strong><\/font><\/h2>\n<\/p>\n<p><\/body><\/body><\/html><\/p>","protected":false},"excerpt":{"rendered":"<p>Home &#8211; Accueil TUNISNEWS 8\u00a0\u00e8me ann\u00e9e,N\u00b0\u00a03111 du 28.11.2008 \u00a0archives : www.tunisnews.net\u00a0\u00a0 \u00a0 AFP: Un ex-d\u00e9tenu cesse une gr\u00e8ve de faim \u00e0 la demande de militants fran\u00e7ais AP: Tunisie: un ex-d\u00e9tenu islamiste met fin \u00e0 une longue gr\u00e8ve de la faim AP: Tunisie: des associations d\u00e9noncent la visite \u00ab\u00a0d&rsquo;activistes fran\u00e7ais\u00a0\u00bb Mohamed Ettaieb: D\u00e9l\u00e9gation fran\u00e7aise en Tunisie [&hellip;]<\/p>\n","protected":false},"author":1,"featured_media":22040,"comment_status":"open","ping_status":"open","sticky":false,"template":"","format":"standard","meta":{"inline_featured_image":false,"site-sidebar-layout":"default","site-content-layout":"","ast-site-content-layout":"default","site-content-style":"default","site-sidebar-style":"default","ast-global-header-display":"","ast-banner-title-visibility":"","ast-main-header-display":"","ast-hfb-above-header-display":"","ast-hfb-below-header-display":"","ast-hfb-mobile-header-display":"","site-post-title":"","ast-breadcrumbs-content":"","ast-featured-img":"","footer-sml-layout":"","ast-disable-related-posts":"","theme-transparent-header-meta":"","adv-header-id-meta":"","stick-header-meta":"","header-above-stick-meta":"","header-main-stick-meta":"","header-below-stick-meta":"","astra-migrate-meta-layouts":"default","ast-page-background-enabled":"default","ast-page-background-meta":{"desktop":{"background-color":"","background-image":"","background-repeat":"repeat","background-position":"center center","background-size":"auto","background-attachment":"scroll","background-type":"","background-media":"","overlay-type":"","overlay-color":"","overlay-opacity":"","overlay-gradient":""},"tablet":{"background-color":"","background-image":"","background-repeat":"repeat","background-position":"center center","background-size":"auto","background-attachment":"scroll","background-type":"","background-media":"","overlay-type":"","overlay-color":"","overlay-opacity":"","overlay-gradient":""},"mobile":{"background-color":"","background-image":"","background-repeat":"repeat","background-position":"center center","background-size":"auto","background-attachment":"scroll","background-type":"","background-media":"","overlay-type":"","overlay-color":"","overlay-opacity":"","overlay-gradient":""}},"ast-content-background-meta":{"desktop":{"background-color":"var(--ast-global-color-5)","background-image":"","background-repeat":"repeat","background-position":"center center","background-size":"auto","background-attachment":"scroll","background-type":"","background-media":"","overlay-type":"","overlay-color":"","overlay-opacity":"","overlay-gradient":""},"tablet":{"background-color":"var(--ast-global-color-5)","background-image":"","background-repeat":"repeat","background-position":"center center","background-size":"auto","background-attachment":"scroll","background-type":"","background-media":"","overlay-type":"","overlay-color":"","overlay-opacity":"","overlay-gradient":""},"mobile":{"background-color":"var(--ast-global-color-5)","background-image":"","background-repeat":"repeat","background-position":"center center","background-size":"auto","background-attachment":"scroll","background-type":"","background-media":"","overlay-type":"","overlay-color":"","overlay-opacity":"","overlay-gradient":""}},"footnotes":""},"categories":[],"tags":[63,39,29],"class_list":["post-18615","post","type-post","status-publish","format-standard","has-post-thumbnail","hentry","tag-63","tag-39","tag-fr"],"_links":{"self":[{"href":"https:\/\/tunisnews.net\/ar\/wp-json\/wp\/v2\/posts\/18615","targetHints":{"allow":["GET"]}}],"collection":[{"href":"https:\/\/tunisnews.net\/ar\/wp-json\/wp\/v2\/posts"}],"about":[{"href":"https:\/\/tunisnews.net\/ar\/wp-json\/wp\/v2\/types\/post"}],"author":[{"embeddable":true,"href":"https:\/\/tunisnews.net\/ar\/wp-json\/wp\/v2\/users\/1"}],"replies":[{"embeddable":true,"href":"https:\/\/tunisnews.net\/ar\/wp-json\/wp\/v2\/comments?post=18615"}],"version-history":[{"count":0,"href":"https:\/\/tunisnews.net\/ar\/wp-json\/wp\/v2\/posts\/18615\/revisions"}],"wp:featuredmedia":[{"embeddable":true,"href":"https:\/\/tunisnews.net\/ar\/wp-json\/wp\/v2\/media\/22040"}],"wp:attachment":[{"href":"https:\/\/tunisnews.net\/ar\/wp-json\/wp\/v2\/media?parent=18615"}],"wp:term":[{"taxonomy":"category","embeddable":true,"href":"https:\/\/tunisnews.net\/ar\/wp-json\/wp\/v2\/categories?post=18615"},{"taxonomy":"post_tag","embeddable":true,"href":"https:\/\/tunisnews.net\/ar\/wp-json\/wp\/v2\/tags?post=18615"}],"curies":[{"name":"wp","href":"https:\/\/api.w.org\/{rel}","templated":true}]}}