{"id":18599,"date":"2011-02-26T00:00:00","date_gmt":"2011-02-26T00:00:00","guid":{"rendered":"https:\/\/tunisnews.net\/26-fevrier-2011\/"},"modified":"2011-02-26T00:00:00","modified_gmt":"2011-02-26T00:00:00","slug":"26-fevrier-2011","status":"publish","type":"post","link":"https:\/\/tunisnews.net\/ar\/26-fevrier-2011\/","title":{"rendered":"26 f\u00e9vrier 2011"},"content":{"rendered":"<p><html><head><meta content=\"text\/html\" description=\"&quot; On nereconnait plus notre Tunisie&quot;? Ce matin samedi, un spectacle ded\u00e9solation, avenue Bourguiban au centre de Tunis, o\u00f9 tout a \u00e9t\u00e9 saccag\u00e9. Descasseurs? des provocateurs? Ou des jeunes en col\u00e8re contre l'incapacit\u00e9 dupouvoir actuel \u00e0 prendre simplement la parole? Une certitude, les forces del'ordre n'ont pas fait dans le d\u00e9tail. Des jeunes se sont r\u00e9fugi\u00e9s, affol\u00e9s,dans les chambres d' h\u00f4tels. La peur \u00e9tait revenue.\" http-equiv=\"Content-Type\"\/><\/head><body><body lang=\"SV\" link=\"blue\" vlink=\"purple\"><\/p>\n<div>\n<p align=\"center\"><strong><u><spanstyle transparent=\"\"><a href=\"https:\/\/tunisnews.net\/ar\/\"><span>Home<\/span><spandir><span dir=\"RTL\"><span dir=\"RTL\"><\/span> <\/span><spanlang dir=\"RTL\">\u2013 <span lang=\"FR-CHstyle='font-weight:normal'\">Accueil-<\/span><span dir=\"RTLstyle='font-weight:normal'\" lang=\"AR-SA\">\u0627\u0644\u0631\u0626\u064a\u0633\u064a\u0629<\/span><\/spanlang><\/spandir><\/a><\/spanstyle><\/u><\/strong><\/p>\n<div align=\"right\">\n<table border=\"1\" cellpadding=\"0\" cellspacing=\"0\" dir=\"rtl\" width=\"100%\">\n<tr>\n<td>\n<p align=\"center\" dir=\"RTL\"><b><span lang=\"AR-SA\">\u0641\u064a<\/span><\/b><span dir=\"LTR\"><\/span><b><span dir=\"LTR\" lang=\"AR-SA\"><span dir=\"LTR\"><\/span> <\/span><\/b><b><span lang=\"AR-SA\">\u0643\u0644<\/span><\/b><span dir=\"LTR\"><\/span><b><span dir=\"LTR\" lang=\"AR-SA\"><span dir=\"LTR\"><\/span> <\/span><\/b><b><span lang=\"AR-SA\">\u064a\u0648\u0645<\/span><span lang=\"AR-SA\">\u060c<\/span><\/b><span dir=\"LTR\"><\/span><b><span dir=\"LTR\" lang=\"AR-SA\"><span dir=\"LTR\"><\/span> <\/span><\/b><b><span lang=\"AR-SA\">\u0646\u0633\u0627\u0647\u0645  \u0628\u062c\u0647\u062f\u0646\u0627 \u0641\u064a<\/span><\/b><span dir=\"LTR\"><\/span><b><span dir=\"LTR\" lang=\"AR-SA\"><span dir=\"LTR\"><\/span> <\/span><\/b><b><span lang=\"AR-SA\">\u062a\u0642\u062f\u064a\u0645<\/span><\/b><span dir=\"LTR\"><\/span><b><span dir=\"LTR\" lang=\"AR-SA\"><span dir=\"LTR\"><\/span> <\/span><\/b><b><span lang=\"AR-SA\">\u0625\u0639\u0644\u0627\u0645  \u0623\u0641\u0636\u0644 \u0648\u0623\u0631\u0642\u0649  \u0639\u0646<\/span><\/b><span dir=\"LTR\"><\/span><b><span dir=\"LTR\" lang=\"AR-SA\"><span dir=\"LTR\"><\/span> <\/span><\/b><b><span lang=\"AR-SA\">\u0628\u0644\u062f\u0646\u0627\u060c<\/span><\/b><span dir=\"LTR\"><\/span><b><span dir=\"LTR\" lang=\"AR-SA\"><span dir=\"LTR\"><\/span> <\/span><\/b><b><span lang=\"AR-SA\">\u062a\u0648\u0646\u0633<\/span><\/b><span dir=\"LTR\"><\/span><b><span dir=\"LTR\" lang=\"AR-SA\"><span dir=\"LTR\"><\/span> <\/span><\/b><\/p>\n<p align=\"center\" dir=\"RTL\"><b><span dir=\"LTR\" lang=\"EN-US\">Un effort quotidien pour une  information de qualit\u00e9 sur notre pays, la Tunisie.<\/span><\/b><span dir=\"LTR\" lang=\"EN-US\"> <\/span><b><span dir=\"LTR\" lang=\"EN-US\">Everyday, we contribute to a better information about our  country, Tunisia<\/span><\/b><\/p>\n<\/td>\n<\/tr>\n<\/table>\n<\/div>\n<p align=\"center\"><b><span lang=\"FRstyle='font-family:&quot;Bookman\" old=\"\">TUNIS<\/span><\/b><b><spanlang>TUNISNEWS<\/spanlang><\/b><span dir=\"RTL\"><\/span><b><spanlang dir=\"RTL\"><spandir> <\/spandir><\/spanlang><\/b><b><span lang=\"FR\">NEWS<\/span><\/b><span dir=\"RTL\"><\/span><b><span dir=\"RTLstyle='font-size:36.0pt;color:white'\" lang=\"FR\"><span dir=\"RTL\"><\/span> <\/span><spanlang dir=\"RTL\"> <\/spanlang><\/b><b><span dir=\"RTL\" lang=\"AR-SA\">10<\/span><\/b><b><span lang=\"FRstyle='font-size:13.5pt;font-family:&quot;Arial&quot;,&quot;sans-serif&quot;;color:blue'\">\u00e8me ann\u00e9e,N\u00b03931 du 26<\/span><\/b><b><span lang=\"EN-US\">.02.2011<\/span><\/b><\/p>\n<div align=\"center\" dir=\"RTL\"><b><span dir=\"LTR\"><\/p>\n<hr align=\"center\" size=\"2\" width=\"100%\"\/><\/span><\/b><\/div>\n<div>\n<h3 style=\"color: blue;\"><span lang=\"EN-US\">LE BLOG TUNISIEN DE NICOLAS BEAU: <\/span><span><ahref><span lang=\"EN-US\">Violentsincidents avenue Bourguiba<\/span><\/ahref><\/span><\/h3>\n<h3 style=\"color: blue;\"><span lang=\"EN-US\">LE BLOG TUNISIEN DENICOLAS BEAU: <\/span><span><ahref><span lang=\"EN-US\">Duchaud brulant sur MAM, suite<\/span><\/ahref><\/span><\/h3>\n<p><b><span lang=\"FR\">PPEL AUX TUNISIENNES ETAUX TUNISIENS\u00a0: La R\u00e9volution Tunisienne continue !<\/span><\/b><b><spanlang>\u00a0<\/spanlang><\/b><\/p>\n<\/div>\n<div align=\"center\" dir=\"RTL\"><b><span dir=\"LTR\"><\/p>\n<hr align=\"center\" size=\"2\" width=\"100%\"\/><\/span><\/b><\/div>\n<h3 align=\"center\" style=\"color: blue;\"><span dir=\"LTR\"><\/span><spanstyle><span dir=\"LTR\"><\/span>\u00a0LE BLOG TUNISIEN DENICOLAS BEAU<\/spanstyle><\/h3>\n<h3 align=\"center\" style=\"color: blue;\"><span><ahref><span lang=\"EN-US\">Violentsincidents avenue Bourguiba<\/span><\/ahref><\/span><\/h3>\n<div align=\"center\"><spanstyle><\/p>\n<hr align=\"center\" size=\"2\" width=\"100%\"\/><\/spanstyle><\/div>\n<p><span lang=\"EN-US\">\u00a0<\/span><\/p>\n<p><span lang=\"EN-USstyle='font-size:14.0pt;font-family:&quot;Arial&quot;,&quot;sans-serif&quot;'\">\u00a0\u00bb On nereconnait plus notre Tunisie\u00a0\u00bb? Ce matin samedi, un spectacle ded\u00e9solation, avenue Bourguiban au centre de Tunis, o\u00f9 tout a \u00e9t\u00e9 saccag\u00e9. Descasseurs? des provocateurs? Ou des jeunes en col\u00e8re contre l&rsquo;incapacit\u00e9 dupouvoir actuel \u00e0 prendre simplement la parole? Une certitude, les forces del&rsquo;ordre n&rsquo;ont pas fait dans le d\u00e9tail. Des jeunes se sont r\u00e9fugi\u00e9s, affol\u00e9s,dans les chambres d&rsquo; h\u00f4tels. La peur \u00e9tait revenue.<\/span><\/p>\n<p><span lang=\"EN-USstyle='font-size:14.0pt;font-family:&quot;Arial&quot;,&quot;sans-serif&quot;'\">On sentait, hier, unegrande f\u00e9brilit\u00e9 dans toute la ville. D\u00e8s le patin, des petits cort\u00e8ges danstoute la ville clamaient des slogans hostiles au Premier Ministre Ghannouchi,qui fut si longtemps, trop longtemps le chaouch de Ben Ali. Puis, des milliersde manifestants convergaient au centre ville, se massant devant le minist\u00e8re del&rsquo;Int\u00e9rieur, symbole de tous les errements du Pr\u00e9sident d\u00e9chu, comme on nommeici Ben Ali. \u00ab\u00a0Un nouveau 14 janvier\u00a0\u00bb, disaient certains. Le brusqued\u00e9part de Ben Ali et la transition \u00ab\u00a0constitutionnelle\u00a0\u00bb qui futimprovis\u00e9e ont frustr\u00e9 les Tunisiens de ces journ\u00e9es de liesse et de d\u00e9livrancequi accompagnent les R\u00e9volutions.<\/span><\/p>\n<p><span lang=\"EN-USstyle='font-size:14.0pt;font-family:&quot;Arial&quot;,&quot;sans-serif&quot;'\">Aujourd&rsquo;hui samedi,une manifestation est pr\u00e9vue devant l&rsquo;Ambassade de France, cern\u00e9e de barbel\u00e9s,comme celle de Libye. Le personnel diplomatique libyen participait, en d\u00e9but desemaine, aux manifestations contre Khadafi. A l&rsquo;\u00e9vidence, la France n&rsquo;est pasla Libye. On doute fort que l&rsquo;ambassadeur de France, pris pour cible par unegrand partie de l&rsquo;opinion tunisienne d\u00e9\u00e7ue par vingt cinq ann\u00e9es decomplaisance fran\u00e7aise, \u00a0soit dans la rue pour manifester contre le pouvoirfran\u00e7ais.\u00a0<\/span><\/p>\n<p><span lang=\"EN-USstyle='font-size:14.0pt;font-family:&quot;Arial&quot;,&quot;sans-serif&quot;'\">La marge de manoeuvrede Boris Boillon, apr\u00e8s le bouillon de la semaine derni\u00e8re, devient extr\u00eamement\u00e9troite face \u00e0 une soci\u00e9t\u00e9 qui l&rsquo;a pris en grippe, pour de bonnes ( sa totalemaladresse face \u00e0 la presse tunisienne) ou de mauvaises raisons (saresponsabilit\u00e9 dans les errements pass\u00e9s qui est nulle). \u00a0Laresponsabilit\u00e9 du conseiller diplomatique \u00e9lys\u00e9en, Jean David Levitte, qui estpass\u00e9 en force pour imposer Boris Boillon, dont le profil carr\u00e9 et lesr\u00e9parties brutales \u00e9taient plus en phase avec le pouvoir irakien qu&rsquo;avec labourgeoisie tunisoise, semble avoir agac\u00e9 jusqu&rsquo;\u00e0 Nicolas Sarkozy.\u00a0<\/span><\/p>\n<p><span lang=\"EN-USstyle='font-size:14.0pt;font-family:&quot;Arial&quot;,&quot;sans-serif&quot;'\">De toute fa\u00e7on, lesamiti\u00e9s de Levitte et de son \u00e9pouse avec le coeur de l&rsquo;ex pouvoir Benaliste nesont pas aujourd&rsquo;hui un atout pour la diplomatie fran\u00e7aise. \u00a0<\/span><\/p>\n<p><span lang=\"EN-USstyle='font-size:14.0pt;font-family:&quot;Arial&quot;,&quot;sans-serif&quot;'\">Etrangement, MAM quipasse ses vacances dans le fief de l&rsquo;ex ministre sanguinaire de l&rsquo;Int\u00e9rieur,re\u00e7ue dans le salon d&rsquo;honneur de Tabarka, par l&rsquo;ancien gouverneur de SidiBouzid (voir le post plus bas) n&rsquo;int\u00e9resse pas grand monde. <\/span><spanstyle>Comme si elle \u00e9taitd\u00e9ja pass\u00e9e \u00e0 la trappe de l&rsquo;histoire tunisienne.\u00a0<\/spanstyle><\/p>\n<p><span>Compte tenu des nouvelles venues de Paris, ilsemble bien en effet que MAM, plus proche de la porte que de l&rsquo;augmentation,pourrait \u00e9galement disparaitre du paysage fran\u00e7ais.<\/span><\/p>\n<p><span lang=\"FI\">A Tunis, on ne la regrettera pas.<\/span><\/p>\n<p><span>\u00a0<\/span><\/p>\n<p><span><a href=\"http:\/\/www.nicolasbeau@blogspot.com\" target=\"_blank\" rel=\"noopener\">www.nicolasbeau@blogspot.com<\/a><\/span><\/p>\n<div>\n<p><spanstyle>25\/02\/2011<\/spanstyle><\/p>\n<\/div>\n<h3 align=\"center\" style=\"color: blue;\"><span>LEBLOG TUNISIEN DE NICOLAS BEAU<\/span><\/h3>\n<h3 align=\"center\" style=\"color: blue;\"><span><ahref><span lang=\"EN-US\">Duchaud brulant sur MAM, suite<\/span><\/ahref><\/span><\/h3>\n<div align=\"center\"><b><spanstyle><\/p>\n<hr align=\"center\" size=\"2\" width=\"100%\"\/><\/spanstyle><\/b><\/div>\n<p><span lang=\"EN-US\">\u00a0<\/span><\/p>\n<p><span lang=\"EN-USstyle='font-size:14.0pt;font-family:&quot;Arial&quot;,&quot;sans-serif&quot;'\">MAM a toujourssoutenu qu&rsquo;elle \u00e9tait venue en vacances \u00e0 Tabaka, en ignorant tout ou presquesur les manifestations sanglantes que connaissait la Tunisie depuis d\u00e9cembre.Or cela est manifestement faux.<\/span><\/p>\n<p><span lang=\"EN-USstyle='font-size:14.0pt;font-family:&quot;Arial&quot;,&quot;sans-serif&quot;'\">Or lundi dernier, lemagazine \u00ab\u00a0Tunis Hebdo\u00a0\u00bb r\u00e9v\u00e9lait que MAM avait rencontr\u00e9 le 27d\u00e9cembre, lors de son s\u00e9jour \u00e0 Tabarka, le ministre de l&rsquo;Int\u00e9rieur, Rafiq HadjKacem, qui avait du d\u00e9missionner quelques jours auparavant apr\u00e8s avoir faittirer sur la foule, ainsi que que le g\u00e9n\u00e9ral Seriati, l&rsquo;homme des bassesmanoeuvres de Ben Ali. Ce que la ministre a d\u00e9menti.<\/span><\/p>\n<p><span lang=\"EN-USstyle='font-size:14.0pt;font-family:&quot;Arial&quot;,&quot;sans-serif&quot;'\">Or depuis, plusieurs\u00e9l\u00e9ments laissent \u00e0 penser que MAM s&rsquo;est bien rendu \u00e0 Tabarka, o\u00f9 elle nes\u00e9journait jamais, pour une r\u00e9union s\u00e9curitaire avec le noyau le plus r\u00e9pressifet sanguinaire de l&rsquo;entourage de Ben Ali.\u00a0<\/span><\/p>\n<p><span lang=\"EN-USstyle='font-size:14.0pt;font-family:&quot;Arial&quot;,&quot;sans-serif&quot;'\">1) Lorsque MAM arrive\u00e0 Tunis, Ben Ali donne des consignes pour qu&rsquo;elle soit re\u00e7ue avec les honneurs,comme pour un voyage officiel. D&rsquo;o\u00f9 le voyage en jet priv\u00e9 de Tunis \u00e0 Tabarkaavec l&rsquo;hotelier et proche du r\u00e9gime Aziz Miled.<\/span><\/p>\n<p><span lang=\"EN-USstyle='font-size:14.0pt;font-family:&quot;Arial&quot;,&quot;sans-serif&quot;'\">2) L&rsquo;ancien ministrede l&rsquo;Int\u00e9rieur de Ben Ali, Rafiq Hadj Kacem, qui a fait tirer\u00a0sur lesTunisiens est l&rsquo;homme fort de Beja, une ville importante situ\u00e9 \u00e0 l&rsquo;int\u00e9rieurdes terres et \u00e0 quarante kilom\u00e8tres de Tabarka, o\u00f9 s\u00e9journe justement MAM les27 et 28 d\u00e9cembre. Les ruines que MAM dit avoir visit\u00e9es le 28 d\u00e9cembre sontsitu\u00e9es non loin de Beja. Est ce qu&rsquo;en se rendant sur le site gallo romain ouen revenant, MAM se serait arr\u00eat\u00e9e \u00e0 Beja pour voir l&rsquo;ex ministre del&rsquo;Int\u00e9rieur? L&rsquo;hypoth\u00e8se para\u00eet plausible.\u00a0<\/span><\/p>\n<p><span lang=\"EN-USstyle='font-size:14.0pt;font-family:&quot;Arial&quot;,&quot;sans-serif&quot;'\">D&rsquo;autant que ce m\u00eame28 d\u00e9cembre, MAM devait d\u00e9commander une r\u00e9servation \u00e0 d\u00e9jeuner dans une auberged&rsquo;Ain Draaham, une jolie bourgade montagnarde situ\u00e9e elle aussi entre Beja etTabarka. Dans le r\u00e9cit fait \u00e0 Mediapart de son emploi du temps, la ministrepr\u00e9tend n\u00e9ammoins avoir visit\u00e9 Ain Drahaam.\u00a0<\/span><\/p>\n<p><span lang=\"EN-USstyle='font-size:14.0pt;font-family:&quot;Arial&quot;,&quot;sans-serif&quot;'\">3) En fin et surtout,lorsque MAM arrive \u00e0 Tabarka, transport\u00e9e par le jet priv\u00e9 d&rsquo;Aziz Miled, sonami qui vendra une villa \u00e0 son papa, elle est accueillie dans le salond&rsquo;honneur par Fawzi Ben Arab, le gouverneur de la ville de Jendouba dont d\u00e9pendla commune de Tabarka.\u00a0<\/span><\/p>\n<p><span lang=\"EN-USstyle='font-size:14.0pt;font-family:&quot;Arial&quot;,&quot;sans-serif&quot;'\">Or qui est cegouverneur ? <\/span><span>Ilest membre du comit\u00e9 central du RCD, le parti au pouvoir et l&rsquo;intime de RafiqHadj Kacem, alors ministre de l&rsquo;Int\u00e9rieur. Les deux hommes, issus de cette m\u00eamer\u00e9gion de Beja, ont \u00e9pous\u00e9 deux soeurs.<\/span><\/p>\n<p><span>Contact\u00e9 vendredi matin, Fawzi Ben Arabr\u00e9pond qu&rsquo;il ne se souvient de rien. \u00ab\u00a0Voyez, ajoute-t-il, l&rsquo;Office detourisme de Tabarka\u00a0\u00bb!!!\u00a0<\/span><\/p>\n<p><span>4) Avant d&rsquo;\u00eatre nomm\u00e9 \u00e0 Tabarka huit joursavant le d\u00e9but de la r\u00e9volution, Fawzi Ben Arab \u00e9tait gouverneur de SidiBouzid, cette ville d&rsquo;o\u00f9 tout est parti, apr\u00e8s l&rsquo;immolation d&rsquo;un jeune. <\/span><spanlang>Sar\u00e9putation y \u00e9tait excecrable et a contribu\u00e9 \u00e0 l&rsquo;exasp\u00e9ration de la populationlocalement. La r\u00e9volte gronde contre le gouverneur. C&rsquo;est pour cela que son amiRafiq Hadj Kacem, alors ministre de l&rsquo;Int\u00e9rieur, l&rsquo;ex filtre vers le governoratde Tabarka o\u00f9 il est amen\u00e9 \u00e0 recevoir MAM en quasi voyage officiel.<\/spanlang><\/p>\n<p><span>Pendant le s\u00e9jour de MAM, le pauvre Ben Arabsera contraint de donner sa d\u00e9mission. En effet, la situation se tend \u00e0 SidBouzid, son nom revient comme le symbole de la corruption. Ben Ali pr\u00e9f\u00e8re lesacrifier.<\/span><\/p>\n<p><span>\u00a0<\/span><\/p>\n<p><b><span>Il est impossible d\u00e9sormais pour MAM depr\u00e9tendre que rencontrant le gouverneur qui vient de quitter Sidi Bouzid, ellene lui aurait pas dit un mot sur la situation que vivait alors la Tunisie.<\/span><\/b><\/p>\n<p><span>5) A Tunis, chacun sait que l&rsquo;ex Pr\u00e9sidentavait un faible pour MAM Au sommet de Syrte en Libye en d\u00e9cembre dernier entreeurop\u00e9ens et africains, MAM est pr\u00e9sente et Ben Ali aussi. Et pendant lesommet, MAM va \u00eatre la seule ministre des affaires \u00e9trang\u00e8res que l&rsquo;exPr\u00e9sident re\u00e7oit pour un t\u00e8te \u00e0 t\u00eate.<\/span><\/p>\n<p><span><a href=\"http:\/\/www.nicolasbeau@blogspot.com\" target=\"_blank\" rel=\"noopener\">www.nicolasbeau@blogspot.com<\/a><\/span><\/p>\n<div>\n<p><spanlang>24\/02\/2011<\/spanlang><\/p>\n<\/div>\n<p align=\"center\"><span lang=\"FRstyle='font-size:14.0pt;font-family:&quot;Arial&quot;,&quot;sans-serif&quot;;color:red'\">APPEL AUXTUNISIENNES ET AUX TUNISIENS<\/span><\/p>\n<p align=\"center\"><span lang=\"FRstyle='font-size:14.0pt;font-family:&quot;Arial&quot;,&quot;sans-serif&quot;;color:red'\">LaR\u00e9volution Tunisienne continue !<\/span><b><span lang=\"FR\">\u00a0<\/span><\/b><\/p>\n<div align=\"center\"><b><spanstyle><\/p>\n<hr align=\"center\" size=\"2\" width=\"100%\"\/><\/spanstyle><\/b><\/div>\n<p align=\"center\"><span lang=\"FRstyle='font-size:14.0pt;font-family:&quot;Arial&quot;,&quot;sans-serif&quot;'\">\u00a0<\/span><\/p>\n<p><span lang=\"FR\">Appelpour l\u2019organisation des <\/span><\/p>\n<p><span lang=\"FR\">\u00ab<b>Assises de l\u2019immigration Tunisienne pour un cahier de dol\u00e9ances<\/b> \u00bb<\/span><\/p>\n<p><span lang=\"FR\">\u00a0<\/span><\/p>\n<p><span lang=\"FR\">Atous les Tunisien-nes, \u00e0 toutes les associations de Tunisiens \u00e0 l\u2019\u00e9tranger, \u00e0<\/span><\/p>\n<p><span lang=\"FR\">tousles comit\u00e9s, collectifs et groupes de Tunisiens qui se sont constitu\u00e9s en<\/span><\/p>\n<p><span lang=\"FR\">soutien\u00e0 la R\u00e9volution Tunisienne :<\/span><\/p>\n<p><b><span lang=\"FR\">Participez aux<\/span><\/b><\/p>\n<p><b><span lang=\"FR\">\u00ab Assises de l\u2019immigration Tunisienne \u00bb !<\/span><\/b><\/p>\n<p><span lang=\"FR\">Parvos \u00e9crits, vos r\u00e9flexions, vos questions et vos suggestions agissez :<\/span><\/p>\n<p><span lang=\"FR\">Participez\u00e0 la r\u00e9daction du \u00ab Cahier de dol\u00e9ances \u00bb !<\/span><\/p>\n<p><span lang=\"FR\">Aujourd\u2019huiun certain nombre d\u2019associations (de d\u00e9fense droits humains, de<\/span><\/p>\n<p><span lang=\"FR\">l\u2019immigrationtunisienne \u00e0 l\u2019\u00e9tranger ainsi que de nombreux comit\u00e9s et collectifs \u00e0<\/span><\/p>\n<p><span lang=\"FR\">Paris,en Provence, en Europe et dans le Monde) prennent l\u2019initiative d\u2019organiser les<\/span><\/p>\n<p><span lang=\"FR\">premi\u00e8res\u00ab Assises de l\u2019immigration Tunisienne en France et dans le monde\u00bb pour la<\/span><\/p>\n<p><span lang=\"FR\">r\u00e9dactiond\u2019un cahier de dol\u00e9ances des migrants tunisiens pour la d\u00e9fense de leurs<\/span><\/p>\n<p><span lang=\"FR\">int\u00e9r\u00eatset de la r\u00e9volution. Ce cahier de dol\u00e9ances sera pr\u00e9sent\u00e9 au nouveau pouvoir<\/span><\/p>\n<p><span lang=\"FR\">ex\u00e9cutiftunisien issu de la r\u00e9volution du 14 janvier 2011.<\/span><\/p>\n<p><span lang=\"FR\">L\u2019objectifde ces assises est de collecter toutes les propositions que nous inscrirons<\/span><\/p>\n<p><span lang=\"FR\">TOUSensembles dans le cahier de dol\u00e9ances des migrants tunisiens et de les adopter<\/span><\/p>\n<p><span lang=\"FR\">collectivementen avril \u2013 mai 2011 \u00e0 l\u2019occasion de la tenue d\u2019assises de l\u2019immigration<\/span><\/p>\n<p><span lang=\"FR\">tunisienne.<\/span><\/p>\n<p><span lang=\"FR\">Nousappelons Tous-tes les tunisiennes et tunisiens, tous les comit\u00e9s, collectifs ou<\/span><\/p>\n<p><span lang=\"FR\">associations\u00e0 prendre des initiatives pour organiser des r\u00e9unions dans toutes les<\/span><\/p>\n<p><span lang=\"FR\">villes,dans tous les pays o\u00f9 ils (elles) r\u00e9sident et travaillent&#8230;<\/span><\/p>\n<p><span lang=\"FR\">Regroupez-vous,agissez par vos \u00e9crits, vos r\u00e9flexions, vos questions ou suggestions&#8230;<\/span><\/p>\n<p><span lang=\"FR\">participez\u00e0 alimenter le contenu du cahier de dol\u00e9ances.<\/span><\/p>\n<p><span lang=\"FR\">Pourtous contact : <\/span><span><ahref target=\"_blank\"><span lang=\"FR\">Assises2011@yahoo.fr<\/span><\/ahref><\/span><\/p>\n<p><span lang=\"FR\">\u00a0<\/span><\/p>\n<p><span lang=\"FR\">Acc\u00e9der\u00e0 la page facebook : Assises De L\u2019immigration Tunisienne<span>\u00a0<\/span><\/span><\/p>\n<p align=\"right\" dir=\"RTL\"><b><span dir=\"LTR\" lang=\"FR\">Premiers<\/span><\/b><span dir=\"RTL\"><\/span><b><spanlang><spandir> <\/spandir><\/spanlang><\/b><b><span dir=\"LTR\" lang=\"FR\">Signataires<\/span><\/b><\/p>\n<p><span dir=\"LTR\"><\/span><b><span lang=\"FR\"><span dir=\"LTR\"><\/span>\u00a0ATF-Paris.<\/span><\/b><spanlang> 25, rueLantiez 75017 Paris &#8211; <span><ahref target=\"_blank\"><span lang=\"FR\">http:\/\/www.atf-paris.fr<\/span><\/ahref><\/span><spanlang> \u00a006 0661 85 79<\/spanlang><\/spanlang><\/p>\n<p><b><span lang=\"FR\">CRLDHT<\/span><\/b><spanlang>, 21ter rueVoltaire \u2013 FR-75011 PARIS- <span><a href=\"mailto:crldht@gmail.com\" target=\"_blank\" rel=\"noopener\"><spanlang>crldht@gmail.com<\/spanlang><\/a><\/span><span> <\/span><span><a href=\"http:\/\/www.crldht.info\" target=\"_blank\" rel=\"noopener\"><span lang=\"FR\">www.crldht.info<\/span><\/a><\/span><\/spanlang><\/p>\n<p><b><span lang=\"FR\">FTCR,<\/span><\/b><spanlang> 5 rue deNantes 75019 Paris \u2013 T\u00e9l. Fax : 01 40 34 18 15 <span><ahref target=\"_blank\"><span lang=\"FR\">contact@citoyensdesdeuxrives.eu<\/span><\/ahref><\/span><spanlang>&#8211; <span lang=\"FR\">\u00a00675036338- \u00a00615577914<\/span><\/spanlang><\/spanlang><\/p>\n<p><b><span lang=\"FR\">UTIT,<\/span><\/b><spanlang> 38, rueH\u00e9met 93\u00a0300 Aubervilliers T\u00e9l\/Fax. : 01 48 39 35 63 &#8211; M\u00e9l. : <spanstyle><ahref target=\"_blank\"><span lang=\"FR\">utit.net@gmail.com<\/span><\/ahref><\/spanstyle><\/spanlang><\/p>\n<p><b><span lang=\"FR\">UTAC<\/span><\/b><span lang=\"FR\">:5 rue de Nantes 75019Paris &#8211; 0686787865<\/span><\/p>\n<p><b><span lang=\"FR\">Citoyennesdes deux Rives<\/span><\/b><span lang=\"FR\"> : 5 rue de Nantes 75019 Paris . Email : <\/span><spanstyle><ahref target=\"_blank\"><span lang=\"FR\">femmesmed@yahoo.fr<\/span><\/ahref><\/spanstyle><\/p>\n<p><b><span lang=\"FR\">ATNF-Lilles<\/span><\/b><spanlang> : 10 All\u00e9edes cousins , 59650 Villeneuve d\u2019Ascq Tel 03 20 33 39 51. 06 74 38 72 36.<\/spanlang><\/p>\n<p><span lang=\"FR\">Email: <\/span><span><ahref target=\"_blank\"><span lang=\"FR\">atnf@wanadoo.fr<\/span><\/ahref><\/span><\/p>\n<p><b><span lang=\"FR\">CentreInter Culturel Franco-Maghr\u00e9bin( CICFM) Chalon sur Sa\u00f4ne <\/span><\/b><spanlang>7 bis rue del\u2019ancien coll\u00e8ge 71100 Chalon sur Soane : tel 03 85 48 08 44<\/spanlang><\/p>\n<p><b><span lang=\"FR\">ACDR-N\u00eemes<\/span><\/b><spanlang> 328 rueAndr\u00e9 Marqu\u00e8s 30000 N\u00eemes Tel 04 66 27 40 04 Email :ucdr-ex-utit@wanadoo.fr<\/spanlang><\/p>\n<p><b><span lang=\"FR\">CapM\u00e9diterran\u00e9e Marseille <\/span><\/b><span><a href=\"mailto:sassi.benmoussa@yahoo.fr\" target=\"_blank\" rel=\"noopener\"><spanlang>sassi.benmoussa@yahoo.fr<\/spanlang><\/a><\/span><span lang=\"FRstyle='font-size:14.0pt;font-family:&quot;Arial&quot;,&quot;sans-serif&quot;'\"> 0619.43.07.45<\/span><\/p>\n<p><b><span lang=\"FR\">AFM<\/span><\/b><span lang=\"FR\">,association francomaghr\u00e9bin . 39 rue George Courteline, 69100 <b>Villeurbanne <\/b>.Tel03 85 48 0844<\/span><\/p>\n<p><b><span lang=\"FR\">RISOM,<\/span><\/b><spanlang> 2 Parc de laMaiterie 93200St Denis &#8211; 06.87.75.74.84 <\/spanlang><\/p>\n<p><b><span lang=\"FR\">filigrane<\/span><\/b><span lang=\"FR\">:5 rue de Nantes 75019 Paris<\/span><\/p>\n<p><b><span lang=\"FR\">ACDR<\/span><\/b><spanlang> : 5 rue deNantes 75019 Paris <b>Zembra <\/b>: 5 rue de Nantes 75019 Paris 06.67.000.432<\/spanlang><\/p>\n<p><b><span lang=\"FR\">AvecLe soutien des associations de l\u2019ATMF <\/span><\/b><span lang=\"FRstyle='font-size:14.0pt;font-family:&quot;Arial&quot;,&quot;sans-serif&quot;'\">10, rue affre 75019Paris <\/span><span><ahref target=\"_blank\"><span lang=\"FR\">national@atmf.org<\/span><\/ahref><\/span><spanlang> 01 42 55 9182 &#8211; 0622504800<\/spanlang><\/p>\n<p align=\"center\" dir=\"RTL\"><span dir=\"LTR\">\u00a0<\/span><\/p>\n<p align=\"center\" dir=\"RTL\"><span lang=\"AR-SA\">\u00a0<\/span><\/p>\n<p align=\"center\" dir=\"RTL\"><span dir=\"LTR\">\u00a0<\/span><\/p>\n<p align=\"center\"><strong><u><spanstyle transparent=\"\"><a href=\"https:\/\/tunisnews.net\/ar\/\"><span>Home<\/span><spandir><span dir=\"RTL\"><span dir=\"RTL\"><\/span> <\/span><spanlang dir=\"RTL\">\u2013 <span lang=\"FR-CHstyle='font-weight:normal'\">Accueil-<\/span><span dir=\"RTLstyle='font-weight:normal'\" lang=\"AR-SA\">\u0627\u0644\u0631\u0626\u064a\u0633\u064a\u0629<\/span><\/spanlang><\/spandir><\/a><\/spanstyle><\/u><\/strong><\/p>\n<\/div>\n<p><\/body><\/body><\/html><\/p>","protected":false},"excerpt":{"rendered":"<p>Home \u2013 Accueil-\u0627\u0644\u0631\u0626\u064a\u0633\u064a\u0629 \u0641\u064a \u0643\u0644 \u064a\u0648\u0645\u060c \u0646\u0633\u0627\u0647\u0645 \u0628\u062c\u0647\u062f\u0646\u0627 \u0641\u064a \u062a\u0642\u062f\u064a\u0645 \u0625\u0639\u0644\u0627\u0645 \u0623\u0641\u0636\u0644 \u0648\u0623\u0631\u0642\u0649 \u0639\u0646 \u0628\u0644\u062f\u0646\u0627\u060c \u062a\u0648\u0646\u0633 Un effort quotidien pour une information de qualit\u00e9 sur notre pays, la Tunisie. Everyday, we contribute to a better information about our country, Tunisia TUNISTUNISNEWS NEWS 10\u00e8me ann\u00e9e,N\u00b03931 du 26.02.2011 LE BLOG TUNISIEN DE NICOLAS BEAU: Violentsincidents avenue Bourguiba [&hellip;]<\/p>\n","protected":false},"author":1,"featured_media":22040,"comment_status":"open","ping_status":"open","sticky":false,"template":"","format":"standard","meta":{"inline_featured_image":false,"site-sidebar-layout":"default","site-content-layout":"","ast-site-content-layout":"default","site-content-style":"default","site-sidebar-style":"default","ast-global-header-display":"","ast-banner-title-visibility":"","ast-main-header-display":"","ast-hfb-above-header-display":"","ast-hfb-below-header-display":"","ast-hfb-mobile-header-display":"","site-post-title":"","ast-breadcrumbs-content":"","ast-featured-img":"","footer-sml-layout":"","ast-disable-related-posts":"","theme-transparent-header-meta":"","adv-header-id-meta":"","stick-header-meta":"","header-above-stick-meta":"","header-main-stick-meta":"","header-below-stick-meta":"","astra-migrate-meta-layouts":"default","ast-page-background-enabled":"default","ast-page-background-meta":{"desktop":{"background-color":"","background-image":"","background-repeat":"repeat","background-position":"center center","background-size":"auto","background-attachment":"scroll","background-type":"","background-media":"","overlay-type":"","overlay-color":"","overlay-opacity":"","overlay-gradient":""},"tablet":{"background-color":"","background-image":"","background-repeat":"repeat","background-position":"center center","background-size":"auto","background-attachment":"scroll","background-type":"","background-media":"","overlay-type":"","overlay-color":"","overlay-opacity":"","overlay-gradient":""},"mobile":{"background-color":"","background-image":"","background-repeat":"repeat","background-position":"center center","background-size":"auto","background-attachment":"scroll","background-type":"","background-media":"","overlay-type":"","overlay-color":"","overlay-opacity":"","overlay-gradient":""}},"ast-content-background-meta":{"desktop":{"background-color":"var(--ast-global-color-5)","background-image":"","background-repeat":"repeat","background-position":"center center","background-size":"auto","background-attachment":"scroll","background-type":"","background-media":"","overlay-type":"","overlay-color":"","overlay-opacity":"","overlay-gradient":""},"tablet":{"background-color":"var(--ast-global-color-5)","background-image":"","background-repeat":"repeat","background-position":"center center","background-size":"auto","background-attachment":"scroll","background-type":"","background-media":"","overlay-type":"","overlay-color":"","overlay-opacity":"","overlay-gradient":""},"mobile":{"background-color":"var(--ast-global-color-5)","background-image":"","background-repeat":"repeat","background-position":"center center","background-size":"auto","background-attachment":"scroll","background-type":"","background-media":"","overlay-type":"","overlay-color":"","overlay-opacity":"","overlay-gradient":""}},"footnotes":""},"categories":[],"tags":[54,42,29],"class_list":["post-18599","post","type-post","status-publish","format-standard","has-post-thumbnail","hentry","tag-54","tag-42","tag-fr"],"_links":{"self":[{"href":"https:\/\/tunisnews.net\/ar\/wp-json\/wp\/v2\/posts\/18599","targetHints":{"allow":["GET"]}}],"collection":[{"href":"https:\/\/tunisnews.net\/ar\/wp-json\/wp\/v2\/posts"}],"about":[{"href":"https:\/\/tunisnews.net\/ar\/wp-json\/wp\/v2\/types\/post"}],"author":[{"embeddable":true,"href":"https:\/\/tunisnews.net\/ar\/wp-json\/wp\/v2\/users\/1"}],"replies":[{"embeddable":true,"href":"https:\/\/tunisnews.net\/ar\/wp-json\/wp\/v2\/comments?post=18599"}],"version-history":[{"count":0,"href":"https:\/\/tunisnews.net\/ar\/wp-json\/wp\/v2\/posts\/18599\/revisions"}],"wp:featuredmedia":[{"embeddable":true,"href":"https:\/\/tunisnews.net\/ar\/wp-json\/wp\/v2\/media\/22040"}],"wp:attachment":[{"href":"https:\/\/tunisnews.net\/ar\/wp-json\/wp\/v2\/media?parent=18599"}],"wp:term":[{"taxonomy":"category","embeddable":true,"href":"https:\/\/tunisnews.net\/ar\/wp-json\/wp\/v2\/categories?post=18599"},{"taxonomy":"post_tag","embeddable":true,"href":"https:\/\/tunisnews.net\/ar\/wp-json\/wp\/v2\/tags?post=18599"}],"curies":[{"name":"wp","href":"https:\/\/api.w.org\/{rel}","templated":true}]}}