{"id":18579,"date":"2010-03-15T00:00:00","date_gmt":"2010-03-15T00:00:00","guid":{"rendered":"https:\/\/tunisnews.net\/15-mars-2010\/"},"modified":"2010-03-15T00:00:00","modified_gmt":"2010-03-15T00:00:00","slug":"15-mars-2010","status":"publish","type":"post","link":"https:\/\/tunisnews.net\/ar\/15-mars-2010\/","title":{"rendered":"15 mars 2010"},"content":{"rendered":"<p><html><head><meta content=\"text\/html\" description=\"Amnesty International \t\t\t\t\t\t\t\t\ta appel\u00e9 le pr\u00e9sident tunisien \u00e0 mettre fin \t\t\t\t\t\t\t\t\tau harc\u00e8lement des anciens prisonniers \t\t\t\t\t\t\t\t\tpolitiques, alors que le pays s'appr\u00eate \u00e0 \t\t\t\t\t\t\t\t\tf\u00eater l'anniversaire de son ind\u00e9pendance \t\t\t\t\t\t\t\t\tnationale le 20\u00a0mars.\" http-equiv=\"Content-Type\"\/><\/head><body><body><\/p>\n<p align=\"center\" dir=\"ltr\"><font face=\"Arial\" size=\"2\"><b><a href=\"https:\/\/tunisnews.net\/ar\/\"><span>Home<\/span><span lang=\"FR-CH\"> &#8211; Accuei<\/span><\/a><span lang=\"FR-CH\">l<\/span><\/b><\/font><\/p>\n<div><font face=\"Arial\" size=\"2\"><\/p>\n<div align=\"justify\">\n<div>\n<div>\n<div>\n<div>\n<div dir=\"ltr\"><\/div>\n<div align=\"center\" dir=\"ltr\"><font size=\"7\"><strong>TUNISNEWS <\/strong><\/font><\/div>\n<div align=\"center\" dir=\"ltr\">\n<div><strong><font>9\u00a0\u00e8me ann\u00e9e,<span lang=\"FR\">N\u00b0\u00a03583 du 15.03.2010<\/span><\/font><\/strong><\/div>\n<\/div>\n<div align=\"center\" dir=\"ltr\"><span><font><strong>\u00a0archives : <\/strong><\/font><a target=\"_blank\" rel=\"noopener\"><font><strong>www.tunisnews.net<\/strong><\/font><\/a><\/span><font><strong>\u00a0<\/strong><\/font><span lang=\"FR\"><strong><\/strong><\/span><\/div>\n<div align=\"center\" dir=\"ltr\"><strong><\/p>\n<hr\/>\n<p><\/strong><\/div>\n<div align=\"left\" dir=\"ltr\">\u00a0<\/div>\n<div><font><strong><\/p>\n<p><font>Amnesty International: Le gouvernement tunisien doit mettre fin au harc\u00e8lement des anciens prisonniers politiques<\/font><\/p>\n<p><\/strong><\/font><\/div>\n<div><font><strong><\/p>\n<p><font><font>Amnesty International: Tunisia: Government must end harassment of former political prisoners<\/font> Assabilonline: Hassan Ben Abdallah, prisonnier du bassin minier, se plaint de ses conditions d\u2019incarc\u00e9ration <font>AFP: Thon rouge: Monaco inquiet du \u00ab\u00a0lobbying\u00a0\u00bb japonais et tunisien<\/font> AFP: Thon rouge: la Tunisie d\u00e9ment  <font>Taoufik BACHROUCH: D\u00e9mocratie et syndrome colonial<\/font> AFP: Alg\u00e9rie: \u00ab\u00a0conf\u00e9rence sur le terrorisme\u00a0\u00bb dans le Sahel mardi \u00e0 Alger  <font>AP: Quatre partis d&rsquo;opposition \u00e9gyptiens appellent \u00e0 des r\u00e9formes d\u00e9mocratiques<\/font> France Info: Egypte : la succession de Moubarak est ouverte<\/font><\/p>\n<p><\/strong> <\/font><\/div>\n<p><span lang=\"FR\"><font size=\"2\"><strong><\/p>\n<div align=\"left\" dir=\"ltr\">\n<hr\/>\n<\/div>\n<p><\/strong><\/font><\/p>\n<div align=\"left\" dir=\"ltr\">\n<div align=\"center\"><font face=\"Arial\" size=\"3\"><strong><font size=\"2\">Amnesty International<\/font><\/strong><\/font><\/div>\n<div align=\"center\"><font face=\"Arial\" size=\"2\"><\/p>\n<h2 style=\"color: red;\"><font size=\"3\"><strong>Le gouvernement tunisien doit mettre fin au harc\u00e8lement des anciens prisonniers politiques<\/strong><\/font><\/h2>\n<p><\/font><\/div>\n<div align=\"center\">\n<hr\/>\n<h2 align=\"justify\" class=\"ecxpane-title\" style=\"color: red;\"><font size=\"2\">15 mars 2010<\/font><\/h2>\n<div align=\"justify\"><font>Amnesty International a appel\u00e9 le pr\u00e9sident tunisien \u00e0 mettre fin au harc\u00e8lement des anciens prisonniers politiques, alors que le pays s&rsquo;appr\u00eate \u00e0 f\u00eater l&rsquo;anniversaire de son ind\u00e9pendance nationale le 20\u00a0mars.  Des centaines de militants politiques ont \u00e9t\u00e9 emprisonn\u00e9s en Tunisie depuis que le pr\u00e9sident Zine El Abidine Ben Ali est arriv\u00e9 au pouvoir en 1987. Il s&rsquo;agit notamment de prisonniers d&rsquo;opinion et de personnes condamn\u00e9es \u00e0 la suite de proc\u00e8s in\u00e9quitables. Cette situation refl\u00e8te l&rsquo;intol\u00e9rance des autorit\u00e9s vis-\u00e0-vis de la dissidence. Beaucoup de prisonniers ont \u00e9t\u00e9 lib\u00e9r\u00e9s de prison ces derniers jours en raison d&rsquo;une gr\u00e2ce pr\u00e9sidentielle.  Ces lib\u00e9rations sont g\u00e9n\u00e9ralement conditionnelles. Les anciens prisonniers sont soumis \u00e0 des restrictions tr\u00e8s s\u00e9v\u00e8res qui les emp\u00eachent d&rsquo;obtenir un emploi r\u00e9mun\u00e9r\u00e9 ou de mener une vie normale. Ils subissent \u00e9galement une surveillance intensive et un harc\u00e8lement de la part des responsables de la s\u00e9curit\u00e9.  \u00ab\u00a0Les d\u00e9tenus lib\u00e9r\u00e9s en vertu de la gr\u00e2ce pr\u00e9sidentielle ne doivent plus faire l&rsquo;objet de harc\u00e8lements et d&rsquo;intimidations, mais doivent \u00eatre autoris\u00e9s \u00e0 reprendre une vie normale\u00a0\u00bb, a d\u00e9clar\u00e9 Malcolm Smart, directeur du programme Afrique et Moyen-Orient chez Amnesty International.  Ceux qui ont enfreint les restrictions qui leur \u00e9taient impos\u00e9es, ou offens\u00e9 les autorit\u00e9s de toute autre fa\u00e7on, risquent d&rsquo;\u00eatre rapidement renvoy\u00e9s en prison.  Sadok Chourou, qui a pass\u00e9 18\u00a0ans en prison avant sa lib\u00e9ration conditionnelle en novembre\u00a02008, a \u00e9t\u00e9 r\u00e9-arr\u00eat\u00e9 un mois plus tard, apr\u00e8s avoir accord\u00e9 des entrevues aux m\u00e9dias pour parler de son exp\u00e9rience carc\u00e9rale et exprim\u00e9 son point de vue sur la situation politique tunisienne. Sa lib\u00e9ration conditionnelle a \u00e9t\u00e9 r\u00e9voqu\u00e9e. Il doit donc encore purger une ann\u00e9e de sa peine initiale, plus une ann\u00e9e suppl\u00e9mentaire d&#8217;emprisonnement. Il doit d\u00e9sormais \u00eatre lib\u00e9r\u00e9 en octobre 2010.  \u00ab\u00a0La finalit\u00e9 de la r\u00e9habilitation est menac\u00e9e quand d&rsquo;anciens d\u00e9tenus sont soumis \u00e0 une pareille oppression, qu&rsquo;ils sont incapables d&rsquo;obtenir un travail ou d&rsquo;exercer leurs droits \u00e0 la libert\u00e9 d&rsquo;expression et d&rsquo;association. Ce harc\u00e8lement des anciens prisonniers doit cesser.\u00a0\u00bb  Amnesty International vient de publier un document intitul\u00e9 <em>Lib\u00e9r\u00e9s mais pas libres\u00a0: Les anciens prisonniers politiques en Tunisie<\/em>, qui met en lumi\u00e8re le sort de ces personnes soumises \u00e0 de s\u00e9v\u00e8res restrictions et au harc\u00e8lement des autorit\u00e9s (surveillance polici\u00e8re constante, obligation de faire des rapports r\u00e9guliers \u00e0 la police et convocations multiples par la police pour interrogatoire, entre autres). On recense \u00e9galement divers cas de r\u00e9-arrestation apr\u00e8s la sortie de prison. Certains anciens prisonniers se sont aussi vu refuser l&rsquo;acc\u00e8s aux soins m\u00e9dicaux.  Beaucoup d&rsquo;entre eux ont aussi \u00e9t\u00e9 interdits de voyage hors du territoire tunisien et ne sont pas autoris\u00e9s \u00e0 circuler librement dans le pays.  Abdelkarim Harouni, qui a \u00e9t\u00e9 plac\u00e9 sous surveillance polici\u00e8re apr\u00e8s sa sortie de prison en novembre 2007, affirme que cette surveillance a eu un effet tr\u00e8s n\u00e9gatif sur son bien-\u00eatre et sur sa capacit\u00e9 d&rsquo;interaction avec d&rsquo;autres personnes:  \u00ab\u00a0La peur r\u00e8gne parmi les membres de ma famille, mes voisins et mes amis, qui n&rsquo;osent pas \u00e0 nous rendre visite\u00a0\u00bb, a d\u00e9clar\u00e9 Abdelkarim Harouni.  Abdellatif Bouhajila n&rsquo;a pas pu obtenir son dossier m\u00e9dical de l&rsquo;h\u00f4pital o\u00f9 il \u00e9tait trait\u00e9 en prison, et ses rendez-vous hospitaliers ont \u00e9t\u00e9 maintes fois annul\u00e9s, ce qui l&rsquo;a laiss\u00e9 sans traitement, alors qu&rsquo;il avait besoin de soins urgents pour des affections cardiaques et r\u00e9nales.  Amnesty International demande instamment au gouvernement tunisien de mettre fin au harc\u00e8lement et \u00e0 l&rsquo;intimidation des anciens prisonniers politiques, et de leur permettre de reprendre leur vie en tant que personnes libres.  L&rsquo;organisation demande \u00e9galement aux autorit\u00e9s tunisiennes de lib\u00e9rer imm\u00e9diatement et sans condition Sadok Chourou et tous les autres prisonniers d&rsquo;opinion \u2013 notamment le journaliste Toufik Ben Brik\u00a0\u2013 d\u00e9tenus pour avoir exerc\u00e9 pacifiquement leur droit \u00e0 la libert\u00e9 d&rsquo;expression.<\/font> \u00a0<\/div>\n<h4 align=\"justify\" class=\"title\" style=\"color: blue;\">Pour en savoir plus<\/h4>\n<p align=\"justify\"><a href=\"http:\/\/www.amnesty.org\/en\/library\/info\/MDE30\/003\/2010\/en\" rel=\"nofollow noopener\" target=\"_blank\"><strong>Tunisia: Freed but not free: Tunisia&rsquo;s former political prisoners<\/strong><\/a><\/p>\n<p align=\"justify\"><font><a href=\"http:\/\/www.amnesty.org\/en\/library\/asset\/MDE30\/003\/2010\/en\/11495e9c-da2b-4af1-98bc-67b5b7c97c76\/mde300032010en.pdf\" target=\"_blank\" rel=\"noopener\">http:\/\/www.amnesty.org\/en\/library\/asset\/MDE30\/003\/2010\/en\/11495e9c-da2b-4af1-98bc-67b5b7c97c76\/mde300032010en.pdf<\/a><\/font><\/p>\n<\/div>\n<div align=\"center\">\n<hr\/>\n<\/div>\n<div align=\"center\"><font size=\"2\"><font face=\"Arial\"><strong>AMNESTY INTERNATIONAL<\/strong><\/font><font face=\"Arial\"><strong> <\/strong>PRESS RELEASE   <b>15 March 2010<\/b> <b>PRE01\/092\/2010 <\/b><\/font> <\/p>\n<h2 style=\"color: red;\"><font face=\"Arial\" size=\"3\"><strong>Tunisia: Government must end harassment of former political prisoners<\/strong><\/font><\/h2>\n<p><\/font><\/div>\n<div align=\"center\"><font face=\"Arial\" size=\"2\"><\/p>\n<hr\/>\n<p><\/font><\/div>\n<div align=\"justify\"><font face=\"Arial\" size=\"2\">Amnesty International called on the Tunisian President to end the daily harassment of former political prisoners as the country celebrates its national independence day on 20 March.   Hundreds of political activists have been imprisoned in Tunisia since President Zine El Abidine Ben Ali came to power in 1987, including prisoners of conscience and others sentenced after unfair trials, reflecting the authorities\u2019 intolerance of dissent. Many have been released from prison on previous national days under presidential pardon.   Such releases are generally only conditional, with former prisoners made subject to stifling restrictions which prevent them from obtaining paid employment or leading normal lives, including intensive surveillance and harassment by security officials.   \u201cPrisoners released under presidential pardons should not be subjected to continuing harassment and intimidation, but should be allowed and enabled to resume their normal lives,\u201d said Malcolm Smart, Amnesty International\u2019s Middle East and North Africa director.   Those who overstep their restrictions or offend the authorities in other ways may be quickly returned to prison. \u00a0   Sadok Chourou, who spent 18 years in prison before he was conditionally released in November 2008, was re-detained a month later after he gave media interviews talking about his experiences in prison and expressed views about the political situation in Tunisia. His conditional release was revoked so that he has to complete one remaining year of his original sentence and he was given an additional one year prison term. He is now due to be released in October 2010.   \u201cThe whole purpose of the pardon is undermined when former prisoners are placed under such oppressive restrictions that they are unable to obtain work or exercise their rights to freedom of expression and association. This harassment of former prisoners must cease.\u201d   A briefing paper released by Amnesty International, <i>Freed but Not Free: Tunisia\u2019s Former Political Prisoners<\/i>, highlights the plight of former political prisoners who are subjected to severe restrictions and harassment by the security authorities. \u00a0These include oppressive police surveillance, being required to report regularly to the police and repeatedly called in for police questioning, and re-arrest \u2013 following their release from prison. Some have been denied access to medical care. <\/font><\/div>\n<p align=\"justify\"><font face=\"Arial\" size=\"2\">Many have also been banned from travelling outside Tunisia and are not permitted to move freely within the country. <\/font><\/p>\n<p align=\"justify\"><font size=\"2\"><font face=\"Arial\" size=\"2\">Abdelkarim Harouni, who was placed under oppressive police surveillance following release from prison in November 2007, says it has had a very detrimental effect on his well-being and ability to interact with other people:   \u201cThis harassment is an attempt to isolate me from society. There\u2019s a climate of fear among my family members, the neighbours and my friends, who do not dare to visit us,\u201d said Abdelkarim Harouni.   Abdellatif Bouhajila has been unable to obtain his medical files from the hospital where he was treated while in prison and his hospital appointments have been repeatedly cancelled leaving him without the medical treatment he urgently needs for heart and kidney ailments.   Amnesty International is urging the Tunisian government to cease the harassment and intimidation of former political prisoners and allow them to resume their lives as free individuals.   The organization is also calling on the Tunisian authorities to release Sadok Chourou and all other prisoners of conscience held for the peaceful exercise of their right to freedom of expression immediately and unconditionally, including journalist Taoufik Ben Brik. <\/font><\/font><\/p>\n<hr\/>\n<p> \u00a0<\/p>\n<p>\u00a0<\/p>\n<\/div>\n<p><\/span><\/div>\n<div align=\"center\"><strong><\/p>\n<h2 style=\"color: red;\"><font size=\"3\">Hassan Ben Abdallah, prisonnier du bassin minier, se plaint de ses conditions d\u2019incarc\u00e9ration<\/font><\/h2>\n<p><\/strong><\/div>\n<div align=\"justify\">\n<hr\/>\n<p> <strong><font>Assabilonline<\/font><\/strong>, Tunisie \u00a0 De source bien inform\u00e9e, nous avons appris que Hassen Ben Abdallah, prisonnier du bassin minier, membre du Comit\u00e9 national de d\u00e9fense des ch\u00f4meurs dipl\u00f4m\u00e9s de Gafsa, se plaignait de ses\u00a0 rudes conditions d\u2019incarc\u00e9ration. Tout au long des trois semaines pass\u00e9es, il a \u00e9t\u00e9 priv\u00e9 de lit et doit dormir \u00e0 m\u00eame l\u2019asphalte, au m\u00e9pris de toute hygi\u00e8ne alors qu\u2019il souffre d\u2019une allergie au niveau du nez et de la gorge due \u00e0 l\u2019humidit\u00e9 et au froid vigoureux, sans parler de la surpopulation dans les cellules de la prison. Sa famille lui a rendu visite \u00e0 la prison civile de Gafsa jeudi 11 mars. Il sera d\u00e9f\u00e9r\u00e9 le 17 mars prochain devant le Tribunal de Premi\u00e8re Instance de Gafsa \u00e0 la suite de son audience en instruction le 3 mars dernier. Un jugement par contumace le condamnant \u00e0 10 ans d\u2019emprisonnement \u00e0 \u00e9t\u00e9 prononc\u00e9 contre Hassan Ben Abdallah \u00e0 la suite des mouvements de protestation sociale dans la r\u00e9gion du bassin minier. Il a \u00e9t\u00e9 \u00e9crou\u00e9 bien que, le 23 f\u00e9vrier 2010, la Cour d\u2019Appel lui ait accord\u00e9 une lib\u00e9ration conditionnelle jusqu\u2019\u00e0 la tenue de son proc\u00e8s. 14-03-2010 <font>(Traduction ni revue ni corrig\u00e9e par les auteurs de la version en arabe, LT) <\/p>\n<hr\/>\n<p><\/font><\/div>\n<div align=\"justify\">\n<div align=\"center\"><font face=\"Arial\" size=\"2\"><\/p>\n<h2 style=\"color: red;\"><font size=\"3\"><strong>Thon rouge: Monaco inquiet du \u00ab\u00a0lobbying\u00a0\u00bb japonais et tunisien<\/strong><\/font><\/h2>\n<p><\/font><\/div>\n<div><font face=\"Arial\" size=\"2\"><\/p>\n<hr\/>\n<p><\/font><\/div>\n<div align=\"justify\"><font face=\"Arial\" size=\"2\">AFP \/ 15 mars 2010 10h25 DOHA &#8211; La principaut\u00e9 de Monaco, qui a d\u00e9pos\u00e9 une proposition visant \u00e0 suspendre le commerce international du thon rouge d&rsquo;Atlantique Est et de M\u00e9diterran\u00e9e, s&rsquo;inqui\u00e8te du \u00ab\u00a0lobbying\u00a0\u00bb du Japon et des efforts de la Tunisie pour rallier la Ligue arabe contre sa proposition. \u00ab\u00a0Rien n&rsquo;est jou\u00e9. Il y a beaucoup d&rsquo;agitation\u00a0\u00bb, a confi\u00e9 lundi \u00e0 l&rsquo;AFP Patrick Van Klaveren, ambassadeur de Monaco \u00e0 la conf\u00e9rence de la CITES, la Convention sur le commerce internationale des esp\u00e8ces sauvages menac\u00e9es, qui doit se prononcer d&rsquo;ici au 25 mars \u00e0 Doha sur cette mesure. \u00ab\u00a0La technique de lobbying du Japon est redoutable\u00a0\u00bb, indique l&rsquo;ambassadeur. \u00ab\u00a0Trois \u00e0 quatre personnes de la d\u00e9l\u00e9gation parcourent en permanence les salles de r\u00e9union, convoquent des r\u00e9unions. Elles s&rsquo;adressent aux pays en d\u00e9veloppement en leur faisant peur pour l&rsquo;avenir de leurs propres stocks, sur le mode: +votre tour viendra+\u00a0\u00bb, explique-t-il. \u00ab\u00a0Les \u00eeles du Pacifique et l&rsquo;Asie y sont assez sensibles\u00a0\u00bb, constate-t-il. M. Van Klaveren note aussi \u00ab\u00a0l&rsquo;activit\u00e9\u00a0\u00bb de la Tunisie, pays de p\u00eache, aupr\u00e8s des membres de la Ligue arabe pour les convaincre de s&rsquo;opposer \u00e0 la r\u00e9solution de Monaco. Face \u00e0 cette f\u00e9brilit\u00e9, le repr\u00e9sentant mon\u00e9gasque regrette l&rsquo;absence de manifestation de la part de l&rsquo;Union europ\u00e9enne, qui soutient l&rsquo;inscription du thon rouge \u00e0 l&rsquo;Annexe I de la CITES (interdiction des exportations), mais en demandant une mise en oeuvre diff\u00e9r\u00e9e jusqu&rsquo;\u00e0 la r\u00e9union du Comit\u00e9 scientifique de l&rsquo;ICCAT, la Commission internationale pour la Conservation des Thonid\u00e9s de l&rsquo;Atlantique, en novembre. \u00ab\u00a0L&rsquo;UE n&rsquo;est pas tellement active, elle est absorb\u00e9e par ses n\u00e9gociations internes\u00a0\u00bb, regrette-t-il.  L&rsquo;UE est actuellement pr\u00e9sid\u00e9e par l&rsquo;Espagne, une des trois principales nations europ\u00e9ennes impliqu\u00e9es dans la p\u00eache au thon en M\u00e9diterran\u00e9e, avec la France et l&rsquo;Italie. A ce jour, Monaco a re\u00e7u le soutien -outre les 27 pays de l&rsquo;UE- des Etats-Unis, de la Norv\u00e8ge, de la Suisse, de la Colombie, du Costa Rica, de l&rsquo;Equateur et de la Serbie, selon M. Van Klaveren.  La proposition mon\u00e9gasque doit \u00eatre examin\u00e9e \u00e0 partir de jeudi \u00e0 Doha. \u00a0<\/font><\/div>\n<\/div>\n<div align=\"justify\">\n<hr\/>\n<\/div>\n<div align=\"justify\">\n<div align=\"center\"><font face=\"Arial\" size=\"2\"><strong><\/p>\n<h2 style=\"color: red;\"><font size=\"3\">Thon rouge: la Tunisie d\u00e9ment<\/font><\/h2>\n<p><\/strong> <\/font><\/div>\n<div align=\"justify\"><font face=\"Arial\" size=\"2\"><\/p>\n<hr\/>\n<p> <font>AFP 15\/03\/2010 |  La Tunisie, hostile \u00e0 la suspension du commerce international du thon rouge d&rsquo;Atlantique Est et de M\u00e9diterran\u00e9e, a d\u00e9menti lundi tout activisme pour faire partager sa position et se dit \u00ab\u00a0choqu\u00e9e\u00a0\u00bb par les accusations de Monaco.  \u00ab\u00a0Je suis choqu\u00e9, tout le monde s&rsquo;active. Nous avons exprim\u00e9 notre position mais n&rsquo;avons rien fait pour la faire partager par d&rsquo;autres pays\u00a0\u00bb \u00e0 la conf\u00e9rence de la CITES, la Convention sur le commerce international des esp\u00e8ces menac\u00e9es, a assur\u00e9 \u00e0 l&rsquo;AFP le d\u00e9l\u00e9gu\u00e9 tunisien \u00e0 Doha, Khaled Zahlah.  Pour M. Zahlah, expert CITES en Tunisie, \u00ab\u00a0le thon rouge n&rsquo;est pas l&rsquo;affaire de la Convention mais celle de l&rsquo;ICCAT\u00a0\u00bb, la Commission internationale pour la Conservation des Thonid\u00e9s de l&rsquo;Atlantique.  \u00ab\u00a0La Tunisie s&rsquo;opposera \u00e0 toute inscription du thon \u00e0 l&rsquo;Annexe I ou \u00e0 l&rsquo;Annexe II\u00a0\u00bb de la Convention, signifiant pour la premi\u00e8re une interdiction du commerce international et pour la seconde, un commerce \u00e9troitement contr\u00f4l\u00e9.   \u00ab\u00a0C&rsquo;est pour nous d&rsquo;abord et avant tout une probl\u00e9matique \u00e9conomique et sociale. Notre position est difficilement n\u00e9gociable\u00a0\u00bb, a-t-il pr\u00e9venu.  La Tunisie dispose d&rsquo;un quota de 1.060 tonnes de thon rouge pour l&rsquo;ann\u00e9e 2010. Le repr\u00e9sentant de la principaut\u00e9 de Monaco, qui a d\u00e9pos\u00e9 une proposition visant \u00e0 inscrire le thon rouge \u00e0 l&rsquo;Annexe I de la CITES, avait indiqu\u00e9 s&rsquo;inqui\u00e9ter, lundi, du \u00ab\u00a0lobbying\u00a0\u00bb du Japon et des efforts de la Tunisie pour rallier la Ligue arabe contre sa proposition.<\/font><\/font><\/div>\n<\/div>\n<div align=\"justify\">\n<hr\/>\n<\/div>\n<div align=\"justify\"><font><\/p>\n<div align=\"center\"><strong><\/p>\n<h2 style=\"color: red;\"><font size=\"3\">D\u00e9mocratie et syndrome colonial<\/font><\/h2>\n<p><\/strong><\/div>\n<div align=\"justify\">\n<hr\/>\n<\/div>\n<div align=\"justify\">Prof. <strong><font>Taoufik BACHROUCH<\/font><\/strong> \u00a0 Enfin le mot a \u00e9t\u00e9 l\u00e2ch\u00e9. Improbable, inattendu, sacril\u00e8ge, profanatoire. Il a fait froid dans le dos de prime abord. Son extravagance a surpris \u00e0 chaud, mais \u00e0 moiti\u00e9 seulement, r\u00e9flexion faite. Un tabou est tomb\u00e9. La colonisation est sup\u00e9rieure \u00e0 l\u2019Ind\u00e9pendance. Le proc\u00e8s \u00e0 charge est connu. La g\u00e9n\u00e9ration post-coloniale a d\u00e9\u00e7u, comme en t\u00e9moigne son bilan, au point d\u2019inspirer des sentiments de frustration tels que l\u2019ordre colonial a pu para\u00eetre aux yeux de certains comme pr\u00e9f\u00e9rable, \u00e0 l\u2019essai, \u00e0 l\u2019ordre post colonial. A qui en est la responsabilit\u00e9 ?  \u00a0 Nos dirigeants sont tenus pour coupables d\u2019avoir chauss\u00e9 les bottes des anciens colonisateurs. L\u2019ind\u00e9pendance n\u2019a pas rim\u00e9 avec citoyennet\u00e9. Contre les colonisateurs ils ont brandi le droit naturel \u00e0 l\u2019\u00e9mancipation pour les besoins de leur cause. Une fois l\u2019ind\u00e9pendance acquise, ils ont fait l\u2019impasse sur les libert\u00e9s individuelles et ont pr\u00f4n\u00e9 l\u2019union nationale contre les opposants de l\u2019int\u00e9rieur, depuis les progressistes jusqu\u2019aux nationalistes arabes, en attendant les Islamistes, et ce au d\u00e9triment des Droits de l\u2019Homme.  \u00a0 A un moment o\u00f9 nous croyions que la chose coloniale a \u00e9t\u00e9 d\u00e9finitivement jug\u00e9e et class\u00e9e \u00e0 jamais, nous voil\u00e0 en butte \u00e0 l\u2019\u00e9mergence d\u2019une opinion r\u00e9visionniste et intransigeante. Pourvu qu\u2019elle ne fasse pas boule de neige. On devrait y r\u00e9fl\u00e9chir. La fibre patriotique s\u2019est us\u00e9e jusqu\u2019\u00e0 la corde, hors du domaine sportif s\u2019entend. Lorsque des jeunes n\u2019ont qu\u2019un seul et unique r\u00eave, celui de quitter le pays qui les a vu na\u00eetre pour rejoindre les pays qui ont domin\u00e9 leurs a\u00efeux, c\u2019est accablant et cela fait d\u00e9sordre. L\u2019opinion est en train d\u2019\u00e9voluer. La seule et unique r\u00e9ponse aux probl\u00e8mes qui se posent \u00e0 elle : s\u00e9curit\u00e9 d\u2019abord, s\u00e9curit\u00e9 ensuite et rien d\u2019autre enfin. La priorit\u00e9 est de tenir le pays. \u00a0 \u00a0 Notre classe dirigeante form\u00e9e \u00e0 l\u2019opposition politique anticoloniale n\u2019a pas \u00e9t\u00e9 \u00e0 la hauteur de ses nouvelles responsabilit\u00e9s \u00e9conomiques. Elle fit \u00e9voluer l\u2019\u00e9tat de chose ancien certes, sans atteindre le v\u00e9ritable d\u00e9veloppement pour autant. Les puissances coloniales coururent alors \u00e0 sa rescousse pour pr\u00e9server leur pr\u00e9 carr\u00e9. Elles offrirent l\u2019ind\u00e9pendance dans l\u2019interd\u00e9pendance comme substitut \u00e0 l\u2019ordre p\u00e9rim\u00e9. Les nationalistes s\u2019empress\u00e8rent d\u2019acquiescer. Aux liens francs de la colonisation se substitu\u00e8rent les liens sournois de la subordination structurelle. Cette classe n\u2019a pas \u00e9t\u00e9 capable de promouvoir par elles-m\u00eames la modernit\u00e9 dans ses ultimes manifestations, si ce n\u2019est en pr\u00e9tention et en paroles. En lieu et place de quoi elle s&rsquo;est content\u00e9e d\u2019une modernit\u00e9 d\u2019imitation, sur fond de client\u00e9lisme. Des hommes liges ont succ\u00e9d\u00e9 aux collaborateurs d\u2019antan. La colonisation s\u2019est mu\u00e9e en domination par \u00e9lites locales interpos\u00e9es. D\u00e8s qu\u2019un officier arabe dit libre s\u2019empare du pouvoir, il enferre son peuple pour d\u00e9fendre son r\u00e9gime.\u00a0  \u00a0 \u00a0 Face \u00e0 cette appr\u00e9ciation qu\u2019il tient pour d\u00e9faitiste, le contradicteur alg\u00e9rien, un ancien pr\u00e9sident de l\u2019Assembl\u00e9e du Peuple, admet du bout des l\u00e8vres que nos gouvernants sont mauvais, que leurs performances les accablent au plan de la forme et du fond, mais tient \u00e0 cette ind\u00e9pendance ch\u00e9rie, sans rien proposer pour l\u2019aggiornamento de peuples fatigu\u00e9s de leurs gouvernants. Il ne semble pas croire \u00e0 la vertu de la circulation des \u00e9lites. Les moujahidoun sont au pouvoir et ont vocation \u00e0 y rester ad vitam \u00e6ternam. J\u2019y suis et j\u2019y reste et ma porte reste close. \u00a0 Plac\u00e9 devant un tel dilemme, corn\u00e9lien s\u2019il en est, Sophocle aurait tir\u00e9 une trag\u00e9die, retentissante. Mais la grande tradition th\u00e9\u00e2trale nous est toujours \u00e9trang\u00e8re. Le scandaleux n\u2019est plus objet de scandale. On observe le regard vitreux et la bouche close. Sommes-nous \u00e0 ce point incapables de nous hisser au rang des peuples qui s\u2019illustrent par leurs performances performantes ? Les Am\u00e9rindiens ont retrouv\u00e9 la voie de leur r\u00e9demption : quelque chose s\u2019y passe de positif quand m\u00eame. On sent comme un fr\u00e9missement du c\u00f4t\u00e9 des Africains au sud du Sahara. Mandela s\u2019est content\u00e9 de deux mandats, puis a pass\u00e9 la main. Senghor a tir\u00e9 sa r\u00e9v\u00e9rence en bon grammairien, inspir\u00e9 par sa bonne muse de po\u00e8te. Mais nos ma\u00eetres ! Leur excuse est qu\u2019ils n\u2019ont pas fait leur classe de philosophie.\u00a0 Les fortun\u00e9s arabes continuent \u00e0 se complaire dans leur marigot dor\u00e9 : des chameliers mus par la gr\u00e2ce du p\u00e9trole en constructeurs de tours avant-gardistes pour la frime, \u00e0 la merci d\u2019un avion ivre.  \u00a0 \u00a0A un moment o\u00f9 les h\u00e9ritiers de la colonisation sont somm\u00e9s de reconna\u00eetre leur culpabilit\u00e9 et de se battre la coulpe, une voix s\u2019est donc lev\u00e9e pour soutenir que les r\u00e9gimes coloniaux sont r\u00e9trospectivement meilleurs que les pouvoirs dictatoriaux arabes issus de la d\u00e9colonisation. L\u2019enjeu de la pol\u00e9mique est crucial. C\u2019est sous le r\u00e9gime des libert\u00e9s coloniales que les mouvements de lib\u00e9ration ont pu pourtant se constituer, prosp\u00e9rer et finir par obtenir gain de cause. C\u2019est \u00e0 partir de l\u2019\u00e9cole coloniale que les nouvelles \u00e9lites ont \u00e9merg\u00e9 pour constituer une petite bourgeoisie, comme un sous-produit d\u00e9viant de la bourgeoisie fran\u00e7aise. Des dipl\u00f4m\u00e9s c\u2019est bien, mais la dipl\u00f4mite c\u2019est f\u00e2cheux. L\u2019appr\u00e9ciation critique de la responsabilit\u00e9 des dipl\u00f4m\u00e9s en mati\u00e8re d\u2019hypo d\u00e9veloppement attend son heure.\u00a0  \u00a0 Un rappel historique \u00e0 l\u2019intention de nos \u00e9lites qui ignoreraient les dessous de notre v\u00e9ritable histoire. Lorsque dans la foul\u00e9e du mouvement r\u00e9formiste \u00e0 ses d\u00e9buts, la France occupa Alger en 1830, les \u00e9lites du makhzen tunisien ne cach\u00e8rent pas leur jubilation face au sort funeste r\u00e9serv\u00e9 \u00e0 leurs homologues d\u2019alors. Le bey s\u2019empressa d\u00e8s lors de se pr\u00eater \u00e0 une double exigence : celle de soutenir l\u2019\u0153uvre de colonisation et de lui pr\u00eater main forte. Khayreddine fut commis d\u2019aller occuper militairement Oran pour le compte de la France avec des troupes tunisiennes. Et alors que l\u2019occupation n\u2019\u00e9tait que restreinte, il fut cr\u00e9e une nouvelle arm\u00e9e r\u00e9guli\u00e8re tunisienne, \u00e0 l\u2019instigation de la France, et ce pour aller occuper Constantine. Les d\u00e9veloppements que connut cette nouvelle arm\u00e9e furent \u00e0 l\u2019origine de la banqueroute financi\u00e8re du beylik. Le syndrome irakien \u00e9tait d\u00e9j\u00e0 en place avec un Tchelebi tunisien en prime, celui qui sera propuls\u00e9, ironie du sort, comme le h\u00e9ros de la lutte contre le despotisme, un Gorbatchev avant la lettre. Au vu de ce que l\u2019administration coloniale r\u00e9alisait en Alg\u00e9rie, le chroniqueur Ben Diaf crut devoir avertir que l\u2019opinion g\u00e9n\u00e9rale observait les bienfaits de la colonisation voisine et r\u00e9clamait quelque chose d\u2019analogue. Lorsqu\u2019un dignitaire crut devoir chercher refuge dans un consulat \u00e9tranger, comme opprim\u00e9 politique, l\u2019opinion d\u00e9signa le bey du doigt pour avoir oblig\u00e9 un sien de sujet \u00e0 confier sa s\u00e9curit\u00e9 \u00e0 une puissance \u00e9trang\u00e8re, chr\u00e9tienne de surcro\u00eet. Un grand faqih lui apporta son soutien. Une structure politico-mentale analogue continue \u00e0 pr\u00e9valoir en sourdine.  \u00a0 \u00a0La posture de d\u00e9pendance ne d\u00e9bouchera pas aujourd\u2019hui, rassurez-vous sur la colonisation directe. Certes les Occidentaux ne viendront plus nous occuper franchement, mais ils susciteront des gouvernants du cru qui se mettront volontiers \u00e0 leurs bottes. Lorsqu\u2019un chef d\u2019Etat vient d\u00e9clarer que les droits de l\u2019Homme sont en bonne voie, c\u2019est ce qui a \u00e9t\u00e9 dit auparavant \u00e0 propos d\u2019un ancien mouchir qui n\u2019a eu de mar\u00e9chal que le nom.  \u00a0 Sommes-nous en pr\u00e9sence d\u2019un conflit de g\u00e9n\u00e9ration ? D\u2019un c\u00f4t\u00e9 un apparatchik alg\u00e9rien, confortablement accol\u00e9 au mythe de sa r\u00e9volution que le temps patine, et qui se refuse \u00e0 se rendre \u00e0 l\u2019\u00e9vidence, mais qui finit par admettre du bout des l\u00e8vres que la situation g\u00e9n\u00e9rale du monde arabe est catastrophique. La langue de bois est ind\u00e9crottable. De l\u2019autre un exil\u00e9 libyen qui semble \u00eatre revenu de tout, et qui, ne se faisant plus d\u2019illusion sur les r\u00e9gimes arabes qui l\u2019oppressent, rejette tout et en bloc, en d\u00e9sespoir de cause. Entre un plus \u00e2g\u00e9 qui s\u2019accommode avec sa conscience et un moins vieux qui donne libre cours \u00e0 sa conscience malheureuse, l\u2019\u00e9mission t\u00e9l\u00e9vis\u00e9e de \u00ab A contre courant \u00bb d\u2019Al-Jazira offre le spectacle d\u00e9solant de l\u2019\u00eatre arabe qui s\u2019enfonce dans le cloaque de son pr\u00e9sent sans pouvoir s\u2019assumer.  \u00a0 Mustapha Kra\u00efm a rendu son verdict en sa qualit\u00e9 d\u2019historien avis\u00e9 et clairvoyant. Son denier livre, \u00ab Le monde arabe est sorti de l\u2019histoire \u00bb, sonne le glas de l\u2019entit\u00e9 arabe, une entit\u00e9 qui ne tient pas la comparaison avec les Turcs et les Iraniens, nations imp\u00e9riales. Convenons que la n\u00f4tre ne para\u00eet pas promise \u00e0 un bel avenir, au train o\u00f9 elle va. Bien que nos dirigeants soient dans l\u2019impasse, ils sont incapables de prendre l\u2019initiative supr\u00eame, n\u2019en ayant pas re\u00e7u la consigne.<\/div>\n<div align=\"justify\"> <strong><font>(Source: Mouatinoun &#8211; organe du FDTL-\u00a0 N\u00b0130 Mars 2010)<\/font><\/strong><\/div>\n<p><\/font><\/div>\n<div align=\"justify\">\u00a0<\/div>\n<div align=\"justify\">\n<hr\/>\n<\/div>\n<div align=\"justify\"><font><\/p>\n<div align=\"center\"><strong><\/p>\n<h2 style=\"color: red;\"><font size=\"3\">Alg\u00e9rie: \u00ab\u00a0conf\u00e9rence sur le terrorisme\u00a0\u00bb dans le Sahel mardi \u00e0 Alger<\/font><\/h2>\n<p><\/strong> <\/div>\n<div>\n<hr\/>\n<\/div>\n<div align=\"justify\">AFP \/ 13 mars 2010 15h11 ALGER &#8211; L&rsquo;Alg\u00e9rie accueillera mardi une conf\u00e9rence minist\u00e9rielle de coordination entre les pays de la r\u00e9gion sah\u00e9lo-saharienne sur \u00ab\u00a0la recrudescence du terrorisme\u00a0\u00bb, a indiqu\u00e9 samedi le minist\u00e8re alg\u00e9rien des Affaires \u00e9trang\u00e8res. Les ministres des Affaires \u00e9trang\u00e8res du Burkina Faso, de la Libye, du Mali, de la Mauritanie, du Niger et du Tchad prendront part \u00e0 cette rencontre, selon la m\u00eame source. La conf\u00e9rence sera consacr\u00e9e \u00ab\u00a0\u00e0 une \u00e9valuation de la situation qui pr\u00e9vaut dans la r\u00e9gion, en particulier sous l&rsquo;angle de la recrudescence des actes terroristes et de la menace que repr\u00e9sente ce fl\u00e9au et ses connexions avec le crime transnational organis\u00e9 et les trafics de tous genre, sur la paix, la s\u00e9curit\u00e9 et la stabilit\u00e9 de la r\u00e9gion\u00a0\u00bb, a pr\u00e9cis\u00e9 le minist\u00e8re dans un communiqu\u00e9, cit\u00e9 par l&rsquo;agence alg\u00e9rienne APS. La conf\u00e9rence doit permettre aux pays participants d'\u00a0\u00bbexaminer et arr\u00eater les mesures, au plan bilat\u00e9ral et r\u00e9gional, pour \u00e9radiquer ce fl\u00e9au ainsi que les voies et moyens de la relance du d\u00e9veloppement \u00e9conomique au profit des populations de cette r\u00e9gion\u00a0\u00bb, a ajout\u00e9 la m\u00eame source. La r\u00e9gion du Sahel conna\u00eet depuis quelques ann\u00e9es une recrudescence des activit\u00e9s des groupes islamistes qui se r\u00e9clament d&rsquo;Al-Qa\u00efda au Maghreb islamique (Aqmi). Ces groupes maintiennent une certaine pression sur les forces de s\u00e9curit\u00e9 alg\u00e9riennes, r\u00e9guli\u00e8rement vis\u00e9es par des attentats dans certaines zones du pays. Plusieurs ressortissants \u00e9trangers ont \u00e9galement \u00e9t\u00e9 enlev\u00e9s ou d\u00e9tenus au Mali et au Niger ces derniers mois, des actions revendiqu\u00e9es par Aqmi. Une otage espagnole Alicia Gamez a \u00e9t\u00e9 lib\u00e9r\u00e9e le 10 mars par un groupe d&rsquo;Aqmi mais quatre Europ\u00e9ens, deux de ses compatriotes et deux Italiens sont toujours d\u00e9tenus dans le Nord du Mali.  Un Fran\u00e7ais, Pierre Camatte a \u00e9galement \u00e9t\u00e9 lib\u00e9r\u00e9 le 23 f\u00e9vrier peu apr\u00e8s la remise en libert\u00e9 par le Mali de quatre hommes &#8211; deux Alg\u00e9riens recherch\u00e9s dans leur pays, un Mauritanien et un Burkinab\u00e9, soup\u00e7onn\u00e9s de terrorisme. Alger et Nouakchott avaient alors protest\u00e9 contre ces lib\u00e9ration, rappelant leur ambassadeur respectif pour consultations. Vendredi, le Rassemblement national d\u00e9mocratique (RND) du premier ministre alg\u00e9rien Ahmed Ouyahia a exprim\u00e9 son \u00ab\u00a0rejet de toute vell\u00e9it\u00e9 d&rsquo;ing\u00e9rence ext\u00e9rieure\u00a0\u00bb dans la r\u00e9gion africaine du Sahel. Le RND a \u00e9galement exprim\u00e9 sa \u00ab\u00a0profonde pr\u00e9occupation\u00a0\u00bb devant la propagation du danger terroriste dans la r\u00e9gion du Sahel, \u00ab\u00a0ph\u00e9nom\u00e8ne accompagn\u00e9 et nourri, par des trafics multiples, y compris le trafic de drogue\u00a0\u00bb. Cette r\u00e9gion du Sahel est \u00e9galement l&rsquo;objet de trafics et de contrebande en tous genres de la part de groupes relevant de la criminalit\u00e9 organis\u00e9e, d\u00e9nonce aussi r\u00e9guli\u00e8rement Alger. \u00a0<\/div>\n<p><\/font><\/div>\n<div align=\"justify\">\n<hr\/>\n<\/div>\n<div align=\"center\"><strong><\/p>\n<h2 style=\"color: red;\"><font size=\"3\">Quatre partis d&rsquo;opposition \u00e9gyptiens appellent \u00e0 des r\u00e9formes d\u00e9mocratiques<\/font><\/h2>\n<p><\/strong><\/div>\n<div>\n<hr\/>\n<p> ASSOCIATED PRESS (CP) \u2013 15 mars 2010  LE CAIRE \u2014 Quatre partis d&rsquo;opposition \u00e9gyptiens ont lanc\u00e9 lundi un appel \u00e0 de profondes r\u00e9formes constitutionnelles afin de garantir des \u00e9lections d\u00e9mocratiques et libres. Le Front d\u00e9mocratique, le Parti nass\u00e9rien, El Wafd et le Tagammu r\u00e9clament l&rsquo;abrogation de tous les amendements qui permettent la concentration des pouvoirs. Ils veulent l&rsquo;annulation des lois qui limitent les libert\u00e9s. Ils r\u00e9clament aussi la fin de l&rsquo;\u00e9tat d&rsquo;urgence. Le pr\u00e9sident Hosni Moubarak dirige l&rsquo;Egypte depuis pr\u00e8s de trois d\u00e9cennies. Pour la premi\u00e8re fois en 2005, plusieurs candidats ont pu se pr\u00e9senter \u00e0 la pr\u00e9sidentielle mais des conditions tr\u00e8s strictes restreignent la possibilit\u00e9 de se porter candidat. La prochaine pr\u00e9sidentielle doit avoir lieu en 2011 et Hosni Moubarak n&rsquo;a pas encore dit s&rsquo;il se pr\u00e9senterait.<\/p><\/div>\n<div>\n<hr\/>\n<\/div>\n<div>\n<div align=\"center\"><strong><\/p>\n<h3 style=\"color: blue;\"><font size=\"3\">Egypte : la succession de Moubarak est ouverte<\/font><\/h3>\n<p><\/strong> <\/div>\n<div align=\"justify\">\n<hr\/>\n<p> France Info &#8211; 15:49 En \u00c9gypte, les rumeurs sur la sant\u00e9 de Hosni Moubarak flambent. La semaine derni\u00e8re, \u00e0 la surprise g\u00e9n\u00e9rale, les \u00c9gyptiens ont appris l\u2019hospitalisation de leur pr\u00e9sident en Allemagne. Il a \u00e9t\u00e9 op\u00e9r\u00e9 de la v\u00e9sicule biliaire, et il a transf\u00e9r\u00e9 les pouvoirs \u00e0 son premier ministre Ahmed Nazif. \u00c2g\u00e9 de 81 ans, Moubarak est au pouvoir depuis la fin 1981. Une op\u00e9ration apparemment b\u00e9nigne, mais qui a relanc\u00e9 toutes les sp\u00e9culations quant \u00e0 sa succession&#8230; Et pour cause, car tout d\u2019abord, Hosni Moubarak n\u2019est pas de la premi\u00e8re jeunesse. Le pr\u00e9sident \u00e9gyptien a 81 ans, c\u2019est le doyen des chefs d\u2019\u00e9tat au proche orient et cela fait quand m\u00eame 29 ans qu\u2019il est au pouvoir. Et depuis des ann\u00e9es, on s\u2019interroge sur sa sant\u00e9. Qui est un secret absolu, un tabou total. Pour vous donner un exemple, le r\u00e9dacteur en chef d\u2019un journal d\u2019opposition, Ibrahim Eissa s\u2019est retrouv\u00e9 condamn\u00e9 \u00e0 deux mois de prison pour avoir \u00e9voqu\u00e9 de fa\u00e7on trop directe le sujet. Alors, ce n\u2019est pas la premi\u00e8re fois quand m\u00eame qu\u2019Hosni Moubarak transf\u00e8re les pouvoirs. Il l\u2019avait d\u00e9j\u00e0 fait en 2004, lors qu\u2019il s\u2019\u00e9tait fait op\u00e9rer du dos, d\u00e9j\u00e0 en Allemagne, \u00e0 Munich. A l\u2019\u00e9poque, cela avait stup\u00e9fait les \u00e9gyptiens, un peu moins cette fois ci. En revanche, ce qui inqui\u00e8te, c\u2019est l\u2019apparent effort de transparence m\u00e9dicale qui entoure cette fois l\u2019\u00e9v\u00e9nement. Car outre la v\u00e9sicule biliaire, les m\u00e9decins ont annonc\u00e9 avoir enlev\u00e9 un polype \u00e0 l\u2019intestin, un polype b\u00e9nin, avec des r\u00e9sultats d\u2019analyse n\u00e9gatifs. Mais cela \u00e9tonne les \u00e9gyptiens qui se demandent de plus en plus si on n\u2019est pas en train de les pr\u00e9parer\u2026<\/p><\/div>\n<\/div>\n<\/div>\n<div>\u00a0<\/div>\n<\/div>\n<\/div>\n<p> \u00a0<\/p>\n<\/div>\n<p><\/font><\/div>\n<div>\n<div align=\"justify\">\u00a0<\/div>\n<\/div>\n<p align=\"center\" dir=\"ltr\">\n<h3 style=\"color: blue;\"><font face=\"Arial\" size=\"2\"><strong><b><a href=\"https:\/\/tunisnews.net\/ar\/\"><font face=\"Arial\"><span><font size=\"2\">Home<\/font><\/span><font size=\"2\"><span lang=\"FR-CH\"> &#8211; Accueil <\/span><span>&#8211; <\/span><\/font><\/font><span dir=\"rtl\" lang=\"AR-SA\"><font size=\"2\">\u0627\u0644\u0631\u0626\u064a\u0633\u064a\u0629<\/font><\/span><\/a><\/b><\/strong><\/font><\/h3>\n<\/p>\n<p align=\"center\" dir=\"ltr\">\u00a0<\/p>\n<p><\/body><\/body><\/html><\/p>","protected":false},"excerpt":{"rendered":"<p>Home &#8211; Accueil TUNISNEWS 9\u00a0\u00e8me ann\u00e9e,N\u00b0\u00a03583 du 15.03.2010 \u00a0archives : www.tunisnews.net\u00a0 \u00a0 Amnesty International: Le gouvernement tunisien doit mettre fin au harc\u00e8lement des anciens prisonniers politiques Amnesty International: Tunisia: Government must end harassment of former political prisoners Assabilonline: Hassan Ben Abdallah, prisonnier du bassin minier, se plaint de ses conditions d\u2019incarc\u00e9ration AFP: Thon rouge: Monaco [&hellip;]<\/p>\n","protected":false},"author":1,"featured_media":22040,"comment_status":"open","ping_status":"open","sticky":false,"template":"","format":"standard","meta":{"inline_featured_image":false,"site-sidebar-layout":"default","site-content-layout":"","ast-site-content-layout":"default","site-content-style":"default","site-sidebar-style":"default","ast-global-header-display":"","ast-banner-title-visibility":"","ast-main-header-display":"","ast-hfb-above-header-display":"","ast-hfb-below-header-display":"","ast-hfb-mobile-header-display":"","site-post-title":"","ast-breadcrumbs-content":"","ast-featured-img":"","footer-sml-layout":"","ast-disable-related-posts":"","theme-transparent-header-meta":"","adv-header-id-meta":"","stick-header-meta":"","header-above-stick-meta":"","header-main-stick-meta":"","header-below-stick-meta":"","astra-migrate-meta-layouts":"default","ast-page-background-enabled":"default","ast-page-background-meta":{"desktop":{"background-color":"","background-image":"","background-repeat":"repeat","background-position":"center center","background-size":"auto","background-attachment":"scroll","background-type":"","background-media":"","overlay-type":"","overlay-color":"","overlay-opacity":"","overlay-gradient":""},"tablet":{"background-color":"","background-image":"","background-repeat":"repeat","background-position":"center center","background-size":"auto","background-attachment":"scroll","background-type":"","background-media":"","overlay-type":"","overlay-color":"","overlay-opacity":"","overlay-gradient":""},"mobile":{"background-color":"","background-image":"","background-repeat":"repeat","background-position":"center center","background-size":"auto","background-attachment":"scroll","background-type":"","background-media":"","overlay-type":"","overlay-color":"","overlay-opacity":"","overlay-gradient":""}},"ast-content-background-meta":{"desktop":{"background-color":"var(--ast-global-color-5)","background-image":"","background-repeat":"repeat","background-position":"center center","background-size":"auto","background-attachment":"scroll","background-type":"","background-media":"","overlay-type":"","overlay-color":"","overlay-opacity":"","overlay-gradient":""},"tablet":{"background-color":"var(--ast-global-color-5)","background-image":"","background-repeat":"repeat","background-position":"center center","background-size":"auto","background-attachment":"scroll","background-type":"","background-media":"","overlay-type":"","overlay-color":"","overlay-opacity":"","overlay-gradient":""},"mobile":{"background-color":"var(--ast-global-color-5)","background-image":"","background-repeat":"repeat","background-position":"center center","background-size":"auto","background-attachment":"scroll","background-type":"","background-media":"","overlay-type":"","overlay-color":"","overlay-opacity":"","overlay-gradient":""}},"footnotes":""},"categories":[],"tags":[55,41,29],"class_list":["post-18579","post","type-post","status-publish","format-standard","has-post-thumbnail","hentry","tag-55","tag-41","tag-fr"],"_links":{"self":[{"href":"https:\/\/tunisnews.net\/ar\/wp-json\/wp\/v2\/posts\/18579","targetHints":{"allow":["GET"]}}],"collection":[{"href":"https:\/\/tunisnews.net\/ar\/wp-json\/wp\/v2\/posts"}],"about":[{"href":"https:\/\/tunisnews.net\/ar\/wp-json\/wp\/v2\/types\/post"}],"author":[{"embeddable":true,"href":"https:\/\/tunisnews.net\/ar\/wp-json\/wp\/v2\/users\/1"}],"replies":[{"embeddable":true,"href":"https:\/\/tunisnews.net\/ar\/wp-json\/wp\/v2\/comments?post=18579"}],"version-history":[{"count":0,"href":"https:\/\/tunisnews.net\/ar\/wp-json\/wp\/v2\/posts\/18579\/revisions"}],"wp:featuredmedia":[{"embeddable":true,"href":"https:\/\/tunisnews.net\/ar\/wp-json\/wp\/v2\/media\/22040"}],"wp:attachment":[{"href":"https:\/\/tunisnews.net\/ar\/wp-json\/wp\/v2\/media?parent=18579"}],"wp:term":[{"taxonomy":"category","embeddable":true,"href":"https:\/\/tunisnews.net\/ar\/wp-json\/wp\/v2\/categories?post=18579"},{"taxonomy":"post_tag","embeddable":true,"href":"https:\/\/tunisnews.net\/ar\/wp-json\/wp\/v2\/tags?post=18579"}],"curies":[{"name":"wp","href":"https:\/\/api.w.org\/{rel}","templated":true}]}}