{"id":18558,"date":"2009-12-07T00:00:00","date_gmt":"2009-12-07T00:00:00","guid":{"rendered":"https:\/\/tunisnews.net\/7-decembre-2009\/"},"modified":"2009-12-07T00:00:00","modified_gmt":"2009-12-07T00:00:00","slug":"7-decembre-2009","status":"publish","type":"post","link":"https:\/\/tunisnews.net\/ar\/7-decembre-2009\/","title":{"rendered":"7 d\u00e9cembre 2009"},"content":{"rendered":"<p><html><head><meta content=\"text\/html\" description=\"En Afrique et dans le monde l\u2019\u00e9cologie est une pr\u00e9occupation \t\t\t\t\tmajeure pour les citoyens et les d\u00e9cideurs. Aucun \u00e9tat, \t\t\t\t\taucun gouvernement ne peut gouverner sans se r\u00e9f\u00e9rer aux \t\t\t\t\tprobl\u00e8mes \u00e9cologiques et particuli\u00e8rement le d\u00e9s\u00e9quilibre \t\t\t\t\tclimatique mondial et les gaz \u00e0 effet de serre (GES) \" http-equiv=\"Content-Type\"\/><\/head><body><body><\/p>\n<p align=\"center\" dir=\"ltr\"><font face=\"Arial\" size=\"2\"><b><a href=\"https:\/\/tunisnews.net\/ar\/\"><span>Home<\/span><span lang=\"FR-CH\"> &#8211; Accuei<\/span><\/a><span lang=\"FR-CH\">l<\/span><\/b><\/font><\/p>\n<div>\n<div>\n<div><font face=\"Arial\" size=\"2\"><\/p>\n<div>\n<div align=\"center\"><font face=\"Arial\" size=\"7\"><strong>TUNISNEWS<\/strong> <\/font><\/div>\n<div align=\"center\" dir=\"ltr\"><font><\/p>\n<div><strong><font face=\"Arial\">9\u00a0\u00e8me ann\u00e9e, <span lang=\"FR\">N\u00b0\u00a03485 du 07.12.2009<\/span><\/font><\/strong><\/div>\n<p><\/font><\/div>\n<div align=\"center\"><span><font><strong><font face=\"Arial\"><font>\u00a0archives<\/font> : <\/font><\/strong><\/font><a target=\"_blank\" rel=\"noopener\"><font face=\"Arial\"><strong>www.tunisnews.net<\/strong><\/font><\/a><\/span><font face=\"Arial\"><font>\u00a0<\/font>\u00a0<\/font><span lang=\"FR-CH\"><font face=\"Arial\"><span lang=\"FR-CH\"><font face=\"Arial\" size=\"3\"><span><font><span lang=\"FR\"><\/span><\/font><\/span><\/font><\/span><\/font><\/span><\/div>\n<p><font face=\"Arial\"><\/p>\n<div align=\"justify\">\u00a0<\/div>\n<div align=\"justify\">\n<hr\/>\n<\/div>\n<p><\/font><\/div>\n<p><\/font><\/div>\n<\/div>\n<div align=\"justify\"><font face=\"Arial\"><strong><\/p>\n<h2 style=\"color: red;\"><font>Parti \u00ab Tunisie Verte \u00bb: Manifeste pour l\u2019\u00e9cologie et les droits de l\u2019homme en Afrique<\/font><\/h2>\n<p><\/strong><\/font><\/div>\n<div align=\"justify\"><font><strong>Moncef Boushaki: Mettre fin \u00e0 son statut de r\u00e9fugi\u00e9: Droit et Cons\u00e9quences selon les lois fran\u00e7aises<\/strong><\/font><\/div>\n<div align=\"justify\"><span><font face=\"Arial\"><span lang=\"FR\"><font size=\"3\"><strong><\/p>\n<p><font><font size=\"2\"><font size=\"3\">Hend Harouni<\/font>:<\/font>aLa\u00a0 61 \u00e8me\u00a0 Comm\u00e9moration de la D\u00e9claration\u00a0 Universelle des Droits de l\u2019Homme\u00a0 en vertu\u00a0 de \u00ab l\u2019abolition \u00bb\u00a0 de la Suisse\u00a0 des\u00a0 minarets<\/font><\/p>\n<p><\/strong>\u00a0<\/font><\/span><\/font><\/span><\/div>\n<div align=\"justify\"><font face=\"Arial\"><strong>Reuters: Tunisia tourism revenue up 2 pct in 11 months to Nov<\/strong><\/font><\/div>\n<div align=\"justify\"><font face=\"Arial\"><strong><\/p>\n<h2 style=\"color: red;\"><font>Xinhua: Arab women meet in Tunisia to fight violence<\/font><\/h2>\n<p> <\/strong><\/font><\/div>\n<div align=\"justify\"><font face=\"Arial\"><strong>TAP: Mme Leila Ben Ali re\u00e7oit le Blason d&rsquo;or de l&rsquo;Union des comit\u00e9s nationaux olympiques arabes<\/strong><\/font><\/div>\n<div align=\"justify\"><font face=\"Arial\"><strong><\/p>\n<h2 style=\"color: red;\"><font>TAP: Mme Leila Ben Ali re\u00e7oit le Blason d&rsquo;or du Comit\u00e9 islamique du Croissant international<\/font><\/h2>\n<p>\u00a0\u00a0<\/strong><\/font><\/div>\n<div align=\"justify\"><font face=\"Arial\"><strong>Die Zeit: Tunesien &#8211; Im Reich des Ben Ali<\/strong><\/font><\/div>\n<div align=\"justify\">\n<h2 style=\"color: red;\"><font face=\"Arial\"><strong>AFP: PO\/UE: manifestation palestinienne en faveur du texte sur J\u00e9rusalem-est<\/strong><\/font><\/h2>\n<\/div>\n<div align=\"justify\"><font face=\"Arial\"><strong>AFP: PO\/UE: le projet de texte sur J\u00e9rusalem-Est est une \u00ab\u00a0erreur\u00a0\u00bb (Livni)<\/strong><\/font><\/div>\n<p><font face=\"Arial\" size=\"2\"><strong><\/p>\n<div align=\"center\">\n<hr\/>\n<\/div>\n<p><\/strong><\/p>\n<div align=\"center\">\n<div align=\"center\"><font face=\"Arial\" size=\"2\"><strong><font>La Section Tunisienne d\u2019Amnesty International<\/font> organise une <\/p>\n<h2 style=\"color: red;\"><font size=\"3\">conf\u00e9rence de presse<\/font><\/h2>\n<p> \u00e0 l\u2019occasion <font>du lancement de la campagne mondiale de lutte contre\u00a0 la pauvret\u00e9 sur le th\u00e8me<\/font> :  <font>La conf\u00e9rence aura lieu Mercredi 9 D\u00e9cembre 2009 \u00e0 11h00<\/font> au si\u00e8ge de la Section Tunisienne d\u2019Amnesty International (67, rue. Oum Kalthoum, 3\u00e8me Etage, Esc.B \u2013 Tunis)\u00a0 \u00a0 Vous \u00eates cordialement invit\u00e9s \u00e0 y assister.\u00a0  T\u00e9l. 71 353 417 \u2013 Fax : 71\u00a0 352 671 \u2013 E-mail : <\/strong><a href=\"mailto:admin-tn@amnesty.org\"><strong>admin-tn@amnesty.org<\/strong><\/a><\/font><\/div>\n<div align=\"center\"><strong><\/p>\n<hr\/>\n<p><\/strong><\/div>\n<div align=\"center\">\n<p><font face=\"Arial\" size=\"3\"><\/p>\n<p><font face=\"Arial\"><\/p>\n<div align=\"left\"><font size=\"2\"><\/p>\n<div align=\"center\">\n<h2 style=\"color: red;\"><font face=\"Arial\" size=\"3\"><strong><font>\u00a0Parti \u00ab Tunisie Verte \u00bb<\/font><\/strong> \u00a0<\/font><\/h2>\n<\/div>\n<div align=\"center\"><font face=\"Arial\" size=\"2\"><strong><\/p>\n<h2 style=\"color: red;\"><font size=\"3\">Manifeste pour l\u2019\u00e9cologie et les droits de l\u2019homme en Afrique<\/font><\/h2>\n<p><\/strong> \u00a0<\/font><\/div>\n<div align=\"justify\"> <strong>I-\/ Ecologie et la bonne gouvernance<\/strong>  En Afrique et dans le monde l\u2019\u00e9cologie est une pr\u00e9occupation majeure pour les citoyens et les d\u00e9cideurs. Aucun \u00e9tat, aucun gouvernement ne peut gouverner sans se r\u00e9f\u00e9rer aux probl\u00e8mes \u00e9cologiques et particuli\u00e8rement le d\u00e9s\u00e9quilibre climatique mondial et les gaz \u00e0 effet de serre (GES)  A la conf\u00e9rence mondiale de Kyoto (1997) plusieurs\u00a0 d\u00e9cisions ont \u00e9t\u00e9 prises pour ramener l\u2019\u00e9mission de GES\u00a0 \u00e0 un taux acceptable et limiter les impacts du changement climatique. Malheureusement les pays\u00a0 \u00e9metteurs des GES (Chine, Etats-Unis), ont refus\u00e9 l\u2019application\u00a0 de ces d\u00e9cisions ; malgr\u00e9 les pressions des milliers d\u2019associations et du mouvement politique \u00e9cologique et les Verts. Actuellement plusieurs pays refusent de mettre la bonne gouvernance\u00a0 au service du d\u00e9veloppement durable !  En Afrique, en Tunisie et au Ruanda les partis verts ne sont pas reconnus. La vie associative reste encore faible et menac\u00e9e par l\u2019ing\u00e9rence des gouvernements et les atteintes r\u00e9p\u00e9t\u00e9es aux droits de l\u2019homme ainsi que les d\u00e9cisions arbitraires. Pourtant la d\u00e9claration de l\u2019ONU du 6 juin 1997 confirme que \u00ab la d\u00e9mocratie, le respect des droits de l\u2019homme et toutes les libert\u00e9s fondamentales, y compris le droit\u00a0 au d\u00e9veloppement, la transparence et responsabilit\u00e9 dans la gouvernance, la participation\u00a0 effective de la soci\u00e9t\u00e9 civile comptent parmi les facteurs sans lesquels on ne saurait aboutir\u00a0 \u00e0 un d\u00e9veloppement durable \u00bb. Devant l\u2019\u00e9chec total de la dictature d\u2019isoler le premier parti \u00e9colo en Tunisie \u00ab Tunisie Verte \u00bbla reconnaissance de notre parti est une n\u00e9cessite politique\u00a0 urgente. Tous les \u00e9colos Tunisien sont appel\u00e9s \u00e0 s\u2019unir autour de leur parti, soutenu\u00a0 par la soci\u00e9t\u00e9 civile agissante, le parti vert\u00a0 europ\u00e9en\u00a0 et les Verts africains (confirm\u00e9 \u00e0 la rencontre de Cotonou et de Malm\u00f6) et de Global Greens. Nous demandons express\u00e9ment aux associations \u00e9colos de refuser l\u2019h\u00e9g\u00e9monie du parti au pouvoir et de d\u00e9fendre leur autonomie !  \u00a0 <strong>II-\/ Premi\u00e8re cons\u00e9quence du changement climatique : <\/strong>Rar\u00e9faction du potentiel hydrique tunisien : la Tunisie est un pays aride\u00a0 et semi aride. Il re\u00e7oit en moyenne 230 ml d\u2019eau \/an (pluviom\u00e9trie). Depuis 25 ans\u00a0 le pays est tributaire\u00a0 d\u2019un climat instable. La pluviom\u00e8tre\u00a0 nous indique\u00a0 aussi un grand d\u00e9s\u00e9quilibre entre le nord (1500 mm\/an ) le centre (300 mm) et le sud 150 mm. Plus de 77% des r\u00e9serves en eau\u00a0 (barrages) sont situ\u00e9s dans le nord, le centre et le cap bon.\u00a0 Aucune r\u00e9serve dans le sud. Le renouvellement des eaux souterraines demande des grands travaux co\u00fbteux. Le grand Tunis qui constitue une composante essentielle de l\u2019environnement du pays (33%) de la population\u00a0 y r\u00e9side), rejette 161 millions de m3 d\u2019eau de pluie accumul\u00e9es par les r\u00e9serves (Lac de Tunis et Sebkha) \u00e0 la mer.\u00a0 De m\u00eame pour les Sebkhas du\u00a0 sahel\u00a0 et du centre. La SONEDE (soci\u00e9t\u00e9 publique de distribution d\u2019eau potable). Enregistre 34 % de perte d\u2019eau par n\u00e9gligence. La consommation de l\u2019eau par touriste (personne) d\u00e9passe 550 litres par jour, neuf fois la consommation par\u00a0 personne dans les zones\u00a0 urbaines. Dans le sud, le centre et le nord\/est, plusieurs dizaines de villages ont soif. Des villages re\u00e7oivent une alimentation en eau pendant 1 ou 2 heures\u00a0 seulement 2\u00a0 fois par semaine.  Devant cette situation\u00a0 alarmante, le \u00ab conseil de l\u2019eau \u00e0 Marseille organisme de droit priv\u00e9 et \u00e9manation des lobbies fran\u00e7ais\u00a0 de l\u2019eau\u00a0 veut l\u00e9gif\u00e9rer la distribution\u00a0 et le partage\u00a0 de l\u2019eau \u00e0 l\u2019\u00e9chelle plan\u00e9taire. Cet organisme est l\u2019h\u00e9ritier de la conf\u00e9rence mondiale de l\u2019eau en Argentine (1977). Le parti Vert fran\u00e7ais \u00ab consid\u00e8re\u00a0 que ce conseil\u00a0 est un organisme priv\u00e9 au service d\u2019int\u00e9r\u00eats\u00a0 priv\u00e9s des multinationales de l\u2019eau \u00bb. Par ailleurs le changement climatique provoque chaque ann\u00e9e des inondations en Tunisie (Exemple Redayaf et le centre), en alg\u00e9rie et dans d\u2019autres pays m\u00e9diterran\u00e9ens. Ces inondations ont provoqu\u00e9 plusieurs pertes humaines et mat\u00e9rielles et des d\u00e9g\u00e2ts importants dans l\u2019infrastructure routi\u00e8re et \u00e9conomique.  <strong>III -\/ Le Oasis et le Vergers du Sud  <\/strong>Depuis des ann\u00e9es, des villes oasiennes du sud vivent\u00a0 sous le choc du\u00a0 drame de l\u2019eau. Les Oasis et leurs vergers sont menac\u00e9s par le tarissement de leur source. Leur biodiversit\u00e9 et patrimoine g\u00e9n\u00e9tique risque de dispara\u00eetre par la \u00ab monoculture \u00bb des dattes (Deglette Nour) au d\u00e9triment de 250 vari\u00e9t\u00e9s de dattes connues. Autre menace pour ces villes c\u2019est\u00a0\u00a0 l\u2019urbanisation sauvage. Ainsi avec le tarissement des sources, l\u2019histoire, le patrimoine et l\u2019\u00e9cosyst\u00e8me oasien de ses villes sont en train de dispara\u00eetre \u00e0 jamais.  Pourtant ces oasis sont consid\u00e9r\u00e9es par des instances internationales comme un grand patrimoine de l\u2019humanit\u00e9. Plusieurs peuples et leurs civilisations (berb\u00e8re, romaine, turque et arabe) y ont laiss\u00e9 leur emprunte, leur culture et leur g\u00e9nie scientifique. Actuellement les oasis de Gabes, K\u00e9bili et El Gettar (Gafsa) et leur population sont asphyxi\u00e9es par la pollution des usines chimiques du phosphate. Toutes les cultures dans ces oasis sont atteintes dans leur d\u00e9veloppement par le d\u00e9p\u00f4t du sel dans leur sol. Les maladies parasitaires de l\u2019oasis de Maghreb constituent une menace potentielle pour nos oasis. Mais actuellement la Tunisie est pr\u00e9serv\u00e9e.  \u00a0 <strong>IV -\/ La d\u00e9sertification :<\/strong>  Selon les experts tunisiens, le climat en Tunisie, subira des changements profonds et les sc\u00e9narios les plus probables consid\u00e8rent qu\u2019il s\u2019agit \u00ab d\u2019une translation du climat chaud et aride du sud vers le nord du pays \u00bb.  La d\u00e9sertification en Tunisie atteint\u00a0 78% dans tout le pays. Chaque ann\u00e9e notre pays perd 18.000 hectares de ces terres. Les efforts de lutte contre la d\u00e9sertification sont tr\u00e8s faibles, malgr\u00e9 le \u00abplan d\u2019action national \u00bb lanc\u00e9 depuis 1996. Mais depuis nous sommes encore en phase d\u2019\u00e9tude et projet pilote avec assistance technique \u00e9trang\u00e8re tr\u00e8s forte.  La d\u00e9gradation des ressources et de l\u2019\u00e9cosyst\u00e8me forestier est inqui\u00e9tante, alors qu\u2019on affiche un taux de reboisement de 12%, chiffre gonfl\u00e9 artificiellement. En r\u00e9alit\u00e9 la surexploitation des ressources foresti\u00e8res continue par manque d\u2019alternative pour les populations d\u00e9munies qui sont exclues de la propri\u00e9t\u00e9 de la terre. Autre inqui\u00e9tude, depuis 2006 plusieurs milliers d\u2019arbres (des fois centenaires) sont coup\u00e9s. Ce massacre forestier est organis\u00e9 par des soci\u00e9t\u00e9s autoris\u00e9es sous couvert de d\u00e9frichage et \u00e9limination du bois mort. Les incendies, les n\u00e9gligences et le manque de techniciens causent chaque ann\u00e9e des d\u00e9g\u00e2ts consid\u00e9rables dans nos for\u00eats, surtout pour le couvert v\u00e9g\u00e9tal.  <strong>V-\/ Les OGM<\/strong> Les OGM sont interdits par l\u2019ONU. La Tunisie a sign\u00e9 le protocole de Carthag\u00e8ne\u00a0 de biodiversit\u00e9 alimentaire Actuellement il est tr\u00e8s facile d\u2019acheter sans autorisation de mise \u00e0 la consommation, n\u2019importe quel produit alimentaire. Le mais et le soja OGM et leur produit sont distribu\u00e9s et vendus sans aucun contr\u00f4le. La connaissance du Public reste faible et m\u00eame inexistante, par manque\u00a0 d\u2019\u00e9tiquetage.  Dans un rapport de synth\u00e8se, d\u2019un atelier international sur Les OGM organis\u00e9 en 2002 \u00e0 Djerba par \u00ab l\u2019association de d\u00e9veloppement durable \u00bb et des organismes fran\u00e7ais il est dit \u00ab\u00a0 En Tunisie les biotechnologies prennent de l\u2019essor et les OGM deviennent peut \u00e0 peu une r\u00e9alit\u00e9 pour le consommateur et pour le monde agricole alors que les connaissances du public \u00e0 ce sujet restent toujours faibles, presque inexistantes \u00bb ce rapport signale encore en conclusion que tous les participants \u00e0 cet atelier ont lanc\u00e9 l\u2019appel de Djerba le 27 octobre 2002 qui affirme, la m\u00e9connaissance totale de la probl\u00e9matique pos\u00e9e par les OGM de la part des consommateurs, ainsi que l\u2019absence de l\u00e9gislation r\u00e9glementaire, aussi l\u2019augmentation graduelle des surfaces des cultures transg\u00e9niques dans le monde. Les participants recommandent\u00a0 \u00abafin de prot\u00e9ger la sant\u00e9 humaine et animale \u00bb plusieurs mesures, pour renforcer les capacit\u00e9s d\u2019analyse et de contr\u00f4le des produits OGM, pr\u00e9server la biodiversit\u00e9 et garantir les droits des communaut\u00e9s rurales ainsi que la participation de la soci\u00e9t\u00e9 civile.  <strong>VI-\/ Pollution atmosph\u00e9rique :<\/strong>  Une couche d\u2019air pollu\u00e9 de 30 \u00e0 50 cm s\u2019est install\u00e9e dans le ciel du grand Tunis (confirm\u00e9e par une association \u00e9cologique). La ville de Sfax a subi depuis 1959 une pollution sans pr\u00e9c\u00e9dant de l\u2019usine chimique des produits du phosphate de la \u00ab SIAP \u00bb. Cette usine a \u00e9t\u00e9 ferm\u00e9e le 07 Avril 2008. En effet il s\u2019agit d\u2019\u00e9loignement de quelques dizaines de km de la ville de Sfax. L\u2019association de sauvegarde de l\u2019environnement de Sfax a r\u00e9ussi malgr\u00e9 les contraintes administratives,\u00a0 la mobilisation de la population de cette ville pendant plus de 30 ans pour mettre fin \u00e0 cette grave atteinte des droits de l\u2019homme et de citoyens. Les ouvriers et toutes la population sfaxienne ont subi pendant des dizaines d\u2019ann\u00e9e les impacts destructeurs de cette usine, la pollution engendr\u00e9e chaque jour les d\u00e9gagements des gaz ont d\u00e9pass\u00e9 toutes les normes nationales et mondiales : des centaines de milliers de m3 de gaz par jour, 660 mille tonnes de phosphogypse par an. Le cadmium mati\u00e8re canc\u00e9rig\u00e8ne d\u00e9passe 620 fois les normes nationales et mondiales. Le fluor repr\u00e9sente 246 fois les normes nationales et mondiales.  La ville de Sfax enregistre le taux les plus \u00e9lev\u00e9 des malades atteints de cancer et d\u2019autres maladies graves. La Tunisie compte 10.000 nouveaux cas par an de cancer trait\u00e9 dans un seul centre hospitalier \u00e0 Tunis \u00ab L\u2019institut Salah Aziz \u00bb. \u00a0La ville de Gabes et le Skhira et derni\u00e8rement Gafsa subissent les m\u00eames impacts que la ville de Sfax apr\u00e8s l\u2019installation des usines chimiques de phosphate. La ville de Kasserine, dans les Steppes vit depuis 50 ans avec les rejets des d\u00e9chets chimiques de l\u2019usine de p\u00e2te \u00e0 papier \u00ab\u00a0 la cellulose \u00bb. Ces rejets sont vers\u00e9s directement dans le principal cours d\u2019eau de pluie de la ville. Ces rejets sont tr\u00e8s dangereux, il s\u2019agit de l\u2019acide chlorhydrique et du mercure qu\u2019on utilise pour traiter l\u2019Alpha, une plante des steppes, pour fabriquer le papier. Les riverains de l\u2019usine sont atteints de maladie respiratoire et du cancer. Toute la nappe d\u2019eau de la r\u00e9gion est pollu\u00e9e,  L\u2019utilisation massive depuis des dizaines d\u2019ann\u00e9es de l\u2019alpha ainsi que la pollution ont r\u00e9duit les espaces et le couvert v\u00e9g\u00e9tal de la steppe de Kasserine. Ainsi le p\u00e2turage et l\u2019\u00e9levage diminuent et la population s\u2019appauvrit constamment. La population de Kasserine s\u2019est soulev\u00e9e \u00e0 plusieurs reprises mais leur mouvement est vite \u00e9touff\u00e9 et r\u00e9prim\u00e9.  <strong>VIII Energie renouvelable et \u00e9nergie nucl\u00e9aire<\/strong> Le gouvernement tunisien a opt\u00e9 finalement pour l\u2019\u00e9nergie nucl\u00e9aire. Il a sign\u00e9 un contrat de formation avec le Canada pour la recherche et la France pour l\u2019achat d\u2019une centrale nucl\u00e9aire. Ainsi toute la politique d\u2019\u00e9conomie d\u2019\u00e9nergie et les recherches et travaux sur l\u2019\u00e9nergie renouvelable n\u2019ont plus de sens.  Le parti \u00ab Tunisie Verte \u00bb a d\u00e9nonc\u00e9 \u00e0 plusieurs reprises l\u2019adoption du nucl\u00e9aire en Tunisie. Dans nos d\u00e9clarations nous avons toujours demand\u00e9 au pouvoir l\u2019organisation d\u2019un r\u00e9f\u00e9rendum populaire au sujet de cette \u00e9nergie co\u00fbteuse et dangereuse.  La Steg (soci\u00e9t\u00e9 publique de distribution de l\u2019\u00e9lectricit\u00e9 et du gaz) constitue le noyau principal des lobbies nucl\u00e9aires et au lieu d\u2019\u00eatre le fer de lance de l\u2019\u00e9nergie nouvelle, et all\u00e9ger ces factures tr\u00e8s lourdes pour les citoyens. Les lobbies de nucl\u00e9aire sont soutenus et encourag\u00e9s par AREVA en France.  <strong>X -\/ Sauver la plan\u00e8te sauver l\u2019Afrique<\/strong>  Depuis \u00ab les ajustements structurels \u00bb impos\u00e9 par la Banque mondiale au pays pauvres et la Globalisation de l\u2019\u00e9conomie mondiale, les multinationales ont accentu\u00e9 leurs installations en Afrique, avec la main\u00a0 mise du grand capital sur l\u2019\u00e9conomie mondiale et le commerce des denr\u00e9es alimentaires et toute la production vivri\u00e8re agricole. Ainsi les USA, Le Canada, l\u2019Australie, et l\u2019Union Europ\u00e9enne\u00a0 accaparent 80% du commerce mondial des c\u00e9r\u00e9ales. Pendant de plus de 30 ans\u00a0 La Banque mondiale \u00e0 dissuad\u00e9 les pays pauvres en Afrique et dans le monde d\u2019investir dans la production agricole et surtout la c\u00e9r\u00e9aliculture pour vendre le surplus des pays riches. En Afrique la famine touche le 1\/3 de la population, 300 millions de pauvres. Ainsi la mondialisation a accentu\u00e9 les \u00e9carts entre le nord et le sud et ce sont les pauvres qui subissent les premiers les cons\u00e9quences de la d\u00e9gradation de l\u2019environnement et l\u2019\u00e9puisement des ressources naturelles Pire encore les maladies accompagnent la famine. D\u2019apr\u00e8s l\u2019OMS six maladies contagieuses font ravage en Afrique subsaharienne, le Sida le Paludisme, la Tuberculose, la pneumonie, la rougeole et les maladies diarrh\u00e9iques.  D\u2019autres maladies parasitaires sont \u00e0 l\u2019origine d\u2019une mortalit\u00e9 tr\u00e8s \u00e9lev\u00e9e A l\u2019heure de la r\u00e9union de Copenhague nous lan\u00e7ons notre appel Sauv\u00e9r l\u2019Afrique c\u2019est sauv\u00e9r la planete. \u00a0 Tunis 07 D\u00e9cembre 2009 <strong><font>Abdelkader Zitouni<\/font><\/strong> Coordinateur National du parti \u00ab Tunisie Verte \u00bb Membre du Parti Vert Europ\u00e9en, Membre de la f\u00e9d\u00e9ration des verts africains, Membre du comit\u00e9 du congr\u00e8s des verts africains Ouganda 2010 Membre de \u00ab\u00a0Global Greens\u00a0\u00bb. E- mail : tunisie.verte@gmail.com Tel : 00.216.98.510.596 Fax : 00.216.71.750.907 \u00a0<\/div>\n<p><\/font><\/div>\n<div align=\"center\">\n<hr\/>\n<\/div>\n<div align=\"center\"><font size=\"2\"><\/p>\n<div><font face=\"Arial\"><\/p>\n<p align=\"center\"><font size=\"2\"><strong><\/p>\n<h2 style=\"color: red;\"><font size=\"3\">Mettre fin \u00e0 son statut de r\u00e9fugi\u00e9: Droit et Cons\u00e9quences selon les lois fran\u00e7aises<\/font><\/h2>\n<p><\/strong><\/font><\/p>\n<p align=\"center\">\u00a0<\/p>\n<p align=\"left\"><font size=\"2\"><strong><font>Compilation: Moncef Boushaki<\/font><\/strong><\/font><\/p>\n<div>\u00a0<\/div>\n<div>\u00a0<\/div>\n<div align=\"justify\"><font size=\"2\">L&rsquo;<em>Office fran\u00e7ais pour la protection des r\u00e9ugi\u00e9s et apatrides<\/em> (OFPRA) met \u00e0 la disposition\u00a0du public\u00a0les informations\u00a0ci-apr\u00e8s concernant la Renonciation au statut de r\u00e9fugi\u00e9.<\/font><\/div>\n<div align=\"justify\">\u00a0<\/div>\n<div align=\"justify\"> <font size=\"2\"><strong>1\/Renonciation au statut :<\/strong> \u00a0<\/font><\/div>\n<p><\/font><\/p>\n<div align=\"justify\">\u00a0<\/div>\n<div align=\"justify\"><font size=\"2\">Un r\u00e9fugi\u00e9 peut \u00e0 tout moment renoncer \u00e0 son statut. <strong>Cependant, cette d\u00e9cision est d\u00e9finitive et entra\u00eene des cons\u00e9quences <\/strong>:<\/font><\/div>\n<div align=\"justify\">\u00a0<\/div>\n<div align=\"justify\"><font size=\"2\">-La cessation du statut de r\u00e9fugi\u00e9(e) de l&rsquo;\u00e9poux(se) ou concubin(e) de l&rsquo;int\u00e9ress\u00e9, si ce dernier a \u00e9t\u00e9 reconnu r\u00e9fugi\u00e9 sur le fondement du principe de l&rsquo;unit\u00e9 de famille. <\/font><\/div>\n<div align=\"justify\">\u00a0<\/div>\n<div align=\"justify\"><font size=\"2\">-La cessation de la protection des enfants de l&rsquo;int\u00e9ress\u00e9 dans le cas o\u00f9 le conjoint n&rsquo;est pas ou plus r\u00e9fugi\u00e9 et si ceux-ci ont b\u00e9n\u00e9fici\u00e9 de la qualit\u00e9 de r\u00e9fugi\u00e9 sur le fondement du principe de l&rsquo;unit\u00e9 de famille. <\/font><\/div>\n<div align=\"justify\">\u00a0<\/div>\n<div align=\"justify\"><font size=\"2\">-La non-reconnaissance par la loi du pays d&rsquo;origine des \u00e9v\u00e9nements personnels et familiaux survenus en France.<\/font><\/div>\n<div align=\"justify\">\u00a0<\/div>\n<div align=\"justify\"><font size=\"2\">Par ailleurs, <strong>l&rsquo;OFPRA se doit de prot\u00e9ger aussi toute personne juridiquement incapable<\/strong> (personnes sous tutelle, mineurs, etc &#8230;) et conseillera en cas de difficult\u00e9.<span>&#8230;<\/span><\/font><\/div>\n<div align=\"justify\"><span><\/span>\u00a0<\/div>\n<div align=\"justify\"><span><\/span>\u00a0<\/div>\n<div align=\"justify\"><span><strong><font size=\"2\">2\/ Pour renoncer :<\/font><\/strong><\/span><\/div>\n<div align=\"justify\">\u00a0<\/div>\n<div align=\"justify\"><font size=\"2\">-Il faut exposer par \u00e9crit les motivations personnelles qui fondent la renonciation au statut de r\u00e9fugi\u00e9. <\/font><\/div>\n<div align=\"justify\">\u00a0<\/div>\n<div align=\"justify\"><font size=\"2\">-Un r\u00e9dacteur examine ensuite la situation administrative et entend le r\u00e9fugi\u00e9 pour le conseiller au regard de ses motivations. Par ailleurs, il peut l&rsquo;informer plus pr\u00e9cis\u00e9ment des \u00e9ventuelles cons\u00e9quences de cette d\u00e9cision.   \u00a0<\/font><\/div>\n<div align=\"justify\"><font size=\"2\"><strong>ATTENTION: <\/strong> <em>La renonciation entra\u00eene la transformation du titre de s\u00e9jour d\u00e9livr\u00e9. L&rsquo;ex r\u00e9fugi\u00e9 devient un r\u00e9sident \u00e9tranger relevant du droit commun. Cette modification du titre de s\u00e9jour ne peut se faire que sur pr\u00e9sentation d&rsquo;un passeport national en cours de validit\u00e9 <\/em><\/font><\/div>\n<div align=\"justify\">\u00a0<\/div>\n<div align=\"justify\"><em><font size=\"2\">L&rsquo;int\u00e9ress\u00e9 peut se heurter au refus de son ambassade de lui d\u00e9livrer des documents.<\/font><\/em><\/div>\n<div align=\"justify\">\u00a0<\/div>\n<p><em><\/p>\n<div align=\"justify\"><font size=\"2\">Mis \u00e0 jour le 23\/06\/2009 \u00e0 14:07<\/font><\/div>\n<div align=\"justify\"> <font size=\"2\"><strong>Source:<\/strong> OFPRA <strong>Lien:<\/strong> <\/font><a href=\"http:\/\/www.ofpra.gouv.fr\/index.html?xml_id=67&amp;dtd_id=12\" rel=\"nofollow noopener\" target=\"_blank\"><font size=\"2\"><font>http:\/\/www.ofpra.gouv.fr\/i<span><\/span><\/font>ndex.html?xml_id=67&amp;dtd_id<span><\/span>=12<\/font><\/a><\/div>\n<div align=\"justify\">\u00a0<\/div>\n<div align=\"justify\">\u00a0<\/div>\n<div align=\"justify\"><font size=\"2\">Moncef Bouskahi<\/font><\/div>\n<div align=\"justify\"><a href=\"mailto:boushakimoncef@yahoo.fr\" rel=\"nofollow\"><font size=\"2\">boushakimoncef@yahoo.fr<\/font><\/a><\/div>\n<div><font size=\"2\"><\/p>\n<hr\/>\n<p><\/font><\/div>\n<div align=\"left\"><font size=\"2\"><\/p>\n<div align=\"center\"><font face=\"Arial\" size=\"2\"><font size=\"3\"><strong><\/p>\n<p><font>aLa\u00a0 61 \u00e8me\u00a0 Comm\u00e9moration de la D\u00e9claration\u00a0 Universelle des Droits de l\u2019Homme\u00a0 en vertu\u00a0 de \u00ab l\u2019abolition \u00bb\u00a0 de la Suisse\u00a0 des\u00a0 minarets\u00a0 au moment\u00a0 juste o\u00f9 les Musulmans viennent de\u00a0 c\u00e9l\u00e9brer la f\u00eate de \u00abA\u00efd El Idha\u00bb\u00a0 et\u00a0 d\u2019accomplir leur p\u00e8lerinage- Chose\u00a0 extr\u00eamement\u00a0 inadmissible!?&#8230;<\/font><\/p>\n<p><\/strong>\u00a0  <\/font> \u00a0<\/font><\/div>\n<p><\/font><\/p>\n<div><font face=\"Arial\" size=\"2\"><strong><font>Ecrit par Hend Harouni-Tunisie <\/font><\/strong> <strong><font>Tunis, le 1er D\u00e9cembre, 2009<\/font><\/strong>  Il\u00a0 y a un immense ressentiment parmi les Musulmans et les non-Musulmans, les d\u00e9fenseurs des droits de l&rsquo;homme et les opinions publiques : comment et pour qu\u2019elle raison\u00a0 la Suisse vient de prendre une telle mesure &#8230;?! Est-ce un message aux Musulmans: \u00abnous ne voulons pas de vous tels\u00a0 que vous \u00eates\u00bb. C\u2019est la premi\u00e8re fois que nous entendons parler d&rsquo;autre\u00a0 que la politique de d\u00e9fense des droits de l&rsquo;homme dans un pays qu\u2019on\u00a0 appelle\u00a0 celui\u00a0 des droits de l&rsquo;homme ; l\u00e0 o\u00f9 les conventions et les textes des droits de l\u2019homme sont n\u00e9s,\u00a0 essentiellement la Convention de Gen\u00e8ve. Toutefois le fait de toucher \u00e0 la libert\u00e9 de la religion repr\u00e9sente\u00a0 un\u00a0 conflit en soi.  De ce fait, actuellement\u00a0 et\u00a0 apr\u00e8s 61 ans depuis l&rsquo;appel pour la d\u00e9fense et la pratique des valeurs des droits de l&rsquo;homme partout dans le monde, \u00e0 notre surprise\u00a0 ce m\u00eame pays a pris la d\u00e9cision d\u2019une pratique p\u00e9jorative de non coexistence contre une communaut\u00e9 particuli\u00e8re: les Musulmans?! et concr\u00e8tement modifi\u00e9 la Constitution en vertu de pr\u00e8s de 57,5% de voix \u00ab\u00a0d&rsquo;acceptation\u00a0\u00bb comme r\u00e9sultat de vote d\u00e9clar\u00e9\u00a0 le 29 Novembre, 2009 pour l&rsquo;interdiction des minarets, suite \u00e0 une campagne lanc\u00e9e pour un r\u00e9f\u00e9rendum forc\u00e9 bas\u00e9\u00a0 sous\u00a0 condition de collecte de 100.000 signatures d&rsquo;\u00e9lecteurs \u00e0 compter du 1er Mai 2007 accentu\u00e9 par un groupe de politiciens d\u2019extr\u00eame droite principalement du Parti Populaire Suisse et\u00a0 de l&rsquo;Union D\u00e9mocratique F\u00e9d\u00e9rale, le premier \u00e9tant actuellement le plus grand\u00a0 parti\u00a0 au parlement Suisse. La Suisse dispose de 8 millions d&rsquo;habitants, dont pr\u00e8s de 400.000 Musulmans pratiquants. L&rsquo;Islam est la deuxi\u00e8me religion dans ce pays. Il n&rsquo;ya que quatre minarets dans les mosqu\u00e9es selon des informations recueillies.   Commencer par interdire les minarets, montre que ces initiateurs du plan de r\u00e9f\u00e9rendum irons jusqu\u2019\u00e0 aller plus loin au niveau des interdictions \u00e0 l\u2019encontre\u00a0 des Musulmans.  Comment\u00a0 est-ce qu\u2019un pays comme la Suisse qui se distingue comme \u00e9tant un pays de la \u00abpaix\u00bb fond\u00e9 sur la non-implication dans les conflits des\u00a0 autres\u00a0 pays et bien connu pour la stabilit\u00e9, l&rsquo;accueil\u00a0 et prometteur au niveau des conditions de vie malheureusement appelle \u00e0 une restriction\u00a0 aussi\u00a0 d\u00e9licate sur le plan de la libert\u00e9 religieuse des Musulmans : s&rsquo;attaquant \u00e0 la pratique de cette religion.  Une mosqu\u00e9e, par d\u00e9finition, et depuis notre existence\u00a0 a toujours \u00e9t\u00e9 construite avec un minaret pourquoi maintenant vous avez voulu l\u2019\u00ababolir\u00bb. Que ce soit en Suisse ou dans tout autre endroit dans le monde, les gens par la foi, la conviction vont \u00e0 la mosqu\u00e9e et non pas \u00e0 l&rsquo;\u00e9glise et c&rsquo;est leur droit l\u00e9gitime de choisir leur religion et ce droit est \u00e9gal \u00e0 la libert\u00e9 de religion. Pourquoi pensez-vous exprimer par une telle interdiction que vous avez \u00ab\u00a0n\u00e9gativement\u00a0\u00bb chang\u00e9\u00a0 votre traitement\u00a0 de la communaut\u00e9 Musulmane\u00a0 sans oublier qu&rsquo;elle comprend des\u00a0 citoyens Suisses Musulmans et dont le nombre g\u00eane \u00e9norm\u00e9ment l\u2019extr\u00eame droite. La foi est dans le\u00a0 c\u0153ur de l&rsquo;\u00eatre humain, de telle sorte que ni l&rsquo;interdiction des minarets, ni toute autre pratique ne va influencer cette foi de l&rsquo;Islam.  L\u2019interdiction en question signifie \u00abAccepter ou quitter\u00a0\u00bb ce qui est incompatible avec la libert\u00e9 et les droits de la coexistence, voire la tol\u00e9rance. Ils ne s&rsquo;arr\u00eateront\u00a0 pas \u00e0 ce stade, ainsi\u00a0 ces extr\u00e9mistes\u00a0 ont\u00a0 alert\u00e9 la guerre contre les Musulmans avant et apr\u00e8s cette question de minarets, \u00e9videmment il doit y avoir d&rsquo;autres violations en pleine croissance.  Le\u00a0 reproche est\u00a0 fortement adress\u00e9\u00a0 aux citoyens Suisses qui ont vot\u00e9 pour ce \u00abpi\u00e8ge \u00bb\u00a0 et ils sont appel\u00e9s \u00e0 revoir leur position et en ayant accept\u00e9\u00a0 d\u2019 \u00abinsulter\u00bb les Musulmans,\u00a0 de cette mani\u00e8re\u00a0 vous avez\u00a0 facilement donn\u00e9 \u00e0 vos extr\u00e9mistes\u00a0 plus de mauvaises chances\u00a0 pour\u00a0 d\u00e9truire l&rsquo;image r\u00e9put\u00e9e dont b\u00e9n\u00e9ficiait la Suisse\u00a0 chez\u00a0 les\u00a0 Musulmans partout dans le monde de m\u00eame que chez les consciences libres qui vraiment consid\u00e8rent que la libert\u00e9 de religion est une ligne rouge\u00a0 et qui \u00e9videmment sont choqu\u00e9s par l&rsquo;interdiction des minarets.   L&rsquo;une des personnes extr\u00e9mistes\u00a0 abusives est\u00a0 \u00a0\u00bb en parcours ininterrompu \u00bb contre les Musulmans et l&rsquo;Islam dans le monde, il s\u2019agit du d\u00e9put\u00e9 Hollandais d\u2019extr\u00eame\u00a0 droite\u00a0 Geert Wilders , qui n\u2019\u0153uvre que pour la division entre les peuples et l\u00e0 o\u00f9 les Musulmans puissent exister et parmi\u00a0 ses outils est la \u00abloi\u00bb, alors que la guerre qu\u2019il a d\u00e9clar\u00e9e contre la religion est en elle-m\u00eame une violation\u00a0 de la loi, voire de celle de toutes les nations, causant des traitements inhumains, ce qui renforce la haine et les conflits.  Dans ces quelques jours \u00e0\u00a0 venir, pr\u00e9cis\u00e9ment\u00a0 \u00e0 la 61\u00e8me comm\u00e9moration de la D\u00e9claration\u00a0 Universelle des droits de l&rsquo;homme, une question se pose : pourquoi au lieu de promouvoir et\u00a0 d\u2019encourager l&rsquo;int\u00e9gration\u00a0 des Musulmans en Suisse comme dans d&rsquo;autres pays, bien au contraire, vous provoquez un tel\u00a0 conflit aussi\u00a0 p\u00e9rilleux en vue d\u2019\u00e9largir les \u00e9carts entre les Non-Musulmans et les Musulmans ?. Pourquoi toucher \u00e0 l&rsquo;unit\u00e9 de notre mosqu\u00e9e par l&rsquo;interdiction des minarets dont vous connaissez bien l\u2019importance comme \u00e9tant les composantes requis de toute construction de mosqu\u00e9e ;\u00a0 forme architecturale\u00a0 et\u00a0 dont la fonction consiste en\u00a0 : l\u2019appel\u00a0 \u00e0 la pri\u00e8re \u00a0\u00bb Al Adhan\u00a0 pour Salat \u00ab\u00a0?.  Plusieurs organisations et associations des droits de l&rsquo;homme ont fait valoir que le r\u00e9f\u00e9rendum Suisse a viol\u00e9 la libert\u00e9 de religion\u00a0 et a \u00e9t\u00e9 une discrimination sur l&rsquo;appartenance raciale et religieuse.  Dans un tel contexte, nous nous r\u00e9f\u00e9rons au contenu de base de la D\u00e9claration Universelle des droits de l&rsquo;homme:  Pr\u00e9ambule Consid\u00e9rant que la reconnaissance de la dignit\u00e9 inh\u00e9rente \u00e0 tous les membres de la famille humaine et de leurs droits \u00e9gaux et inali\u00e9nables constitue le fondement de la libert\u00e9, de la justice et de la paix dans le monde. Consid\u00e9rant que la m\u00e9connaissance et le m\u00e9pris des droits de l&rsquo;homme ont conduit \u00e0 des actes de barbarie qui r\u00e9voltent la conscience de l&rsquo;humanit\u00e9 et que l&rsquo;av\u00e8nement d&rsquo;un monde o\u00f9 les \u00eatres humains seront libres de parler et de croire, lib\u00e9r\u00e9s de la terreur et de la mis\u00e8re, a \u00e9t\u00e9 proclam\u00e9 comme la plus haute aspiration de l&rsquo;homme. Consid\u00e9rant qu&rsquo;il est essentiel que les droits de l&rsquo;homme soient prot\u00e9g\u00e9s par un r\u00e9gime de droit pour que l&rsquo;homme ne soit pas contraint, en supr\u00eame recours, \u00e0 la r\u00e9volte contre la tyrannie et l&rsquo;oppression. Consid\u00e9rant qu&rsquo;il est essentiel d&rsquo;encourager le d\u00e9veloppement de relations amicales entre nations. Consid\u00e9rant que dans la Charte les peuples des Nations Unies ont proclam\u00e9 \u00e0 nouveau leur foi dans les droits fondamentaux de l&rsquo;homme, dans la dignit\u00e9 et la valeur de la personne humaine, dans l&rsquo;\u00e9galit\u00e9 des droits des hommes et des femmes, et qu&rsquo;ils se sont d\u00e9clar\u00e9s r\u00e9solus \u00e0 favoriser le progr\u00e8s social et \u00e0 instaurer de meilleures conditions de vie dans une libert\u00e9 plus grande. Consid\u00e9rant que les Etats Membres se sont engag\u00e9s \u00e0 assurer, en coop\u00e9ration avec l&rsquo;Organisation des Nations Unies, le respect universel et effectif des droits de l&rsquo;homme et des libert\u00e9s fondamentales. Consid\u00e9rant qu&rsquo;une conception commune de ces droits et libert\u00e9s est de la plus haute importance pour remplir pleinement cet engagement. L&rsquo;Assembl\u00e9e G\u00e9n\u00e9rale proclame la pr\u00e9sente D\u00e9claration universelle des droits de l&rsquo;homme comme l&rsquo;id\u00e9al commun \u00e0 atteindre par tous les peuples et toutes les nations afin que tous les individus et tous les organes de la soci\u00e9t\u00e9, ayant cette D\u00e9claration constamment \u00e0 l&rsquo;esprit, s&rsquo;efforcent, par l&rsquo;enseignement et l&rsquo;\u00e9ducation, de d\u00e9velopper le respect de ces droits et libert\u00e9s et d&rsquo;en assurer, par des mesures progressives d&rsquo;ordre national et international, la reconnaissance et l&rsquo;application universelles et effectives, tant parmi les populations des Etats Membres eux-m\u00eames que parmi celles des territoires plac\u00e9s sous leur juridiction. Article premier Tous les \u00eatres humains naissent libres et \u00e9gaux en dignit\u00e9 et en droits. Ils sont dou\u00e9s de raison et de conscience et doivent agir les uns envers les autres dans un esprit de fraternit\u00e9.  Article 2 1.Chacun peut se pr\u00e9valoir de tous les droits et de toutes les libert\u00e9s proclam\u00e9s dans la pr\u00e9sente D\u00e9claration, sans distinction aucune, notamment de race, de couleur, de sexe, de langue, de religion, d&rsquo;opinion politique ou de toute autre opinion, d&rsquo;origine nationale ou sociale, de fortune, de naissance ou de toute autre situation.  2.De plus, il ne sera fait aucune distinction fond\u00e9e sur le statut politique, juridique ou international du pays ou du territoire dont une personne est ressortissante, que ce pays ou territoire soit ind\u00e9pendant, sous tutelle, non autonome ou soumis \u00e0 une limitation quelconque de souverainet\u00e9. Article 18 Toute personne a droit \u00e0 la libert\u00e9 de pens\u00e9e, de conscience et de religion ; ce droit implique la libert\u00e9 de changer de religion ou de conviction ainsi que la libert\u00e9 de manifester sa religion ou sa conviction seule ou en commun, tant en public qu&rsquo;en priv\u00e9, par l&rsquo;enseignement, les pratiques, le culte et l&rsquo;accomplissement des rites. Article 22 Toute personne, en tant que membre de la soci\u00e9t\u00e9, a droit \u00e0 la s\u00e9curit\u00e9 sociale ; elle est fond\u00e9e \u00e0 obtenir la satisfaction des droits \u00e9conomiques, sociaux et culturels indispensables \u00e0 sa dignit\u00e9 et au libre d\u00e9veloppement de sa personnalit\u00e9, gr\u00e2ce \u00e0 l&rsquo;effort national et \u00e0 la coop\u00e9ration internationale, compte tenu de l&rsquo;organisation et des ressources de chaque pays. Article 26 2. L&rsquo;\u00e9ducation doit viser au plein \u00e9panouissement de la personnalit\u00e9 humaine et au renforcement du respect des droits de l&rsquo;homme et des libert\u00e9s fondamentales. Elle doit favoriser la compr\u00e9hension, la tol\u00e9rance et l&rsquo;amiti\u00e9 entre toutes les nations et tous les groupes raciaux ou religieux, ainsi que le d\u00e9veloppement des activit\u00e9s des Nations Unies pour le maintien de la paix.  3. Les parents ont, par priorit\u00e9, le droit de choisir le genre d&rsquo;\u00e9ducation \u00e0 donner \u00e0 leurs enfants.  Article 29 3. Ces droits et libert\u00e9s ne pourront, en aucun cas, s&rsquo;exercer contrairement aux buts et aux principes des Nations Unies.  Article 30 Aucune disposition de la pr\u00e9sente D\u00e9claration ne peut \u00eatre interpr\u00e9t\u00e9e comme impliquant pour un Etat, un groupement ou un individu un droit quelconque de se livrer \u00e0 une activit\u00e9 ou d&rsquo;accomplir un acte visant \u00e0 la destruction des droits et libert\u00e9s qui y sont \u00e9nonc\u00e9s.  Il semble que les interdictions\u00a0 r\u00e9alis\u00e9es en Suisse doivent \u00eatre prototyp\u00e9es dans d\u2019autres pays Non-Musulmans?.\u00a0 Les Musulmans ne diront jamais\u00a0 aux non-Musulmans qu&rsquo;ils vont interdire\u00a0 n\u2019importe qu\u2019elle partie de leurs \u00e9glises et ce, conform\u00e9ment\u00a0 \u00e0 notre religion Musulmane en plus de l&rsquo;engagement relatif aux conventions internationales relatives aux droits de l\u2019homme, nous respectons le droit aux pratiques religieuses des autres.  Avez-vous jamais entendu dans n\u2019importe quel pays Musulman\u00a0 le fait m\u00eame de parler d\u2019un tel\u00a0 amendement constitutionnel\u00a0 \u00e0 \u00eatre\u00a0 introduit pour les \u00e9glises : pas d&rsquo;\u00e9difices religieux touch\u00e9s \u00e0 cet \u00e9gard\u00a0 dans nos pays Musulmans.  Autre point : la libert\u00e9 de religion ne signifie nullement \u00ablibert\u00e9 limit\u00e9e par quotas dans les pays Chr\u00e9tiens au moment o\u00f9 le nombre de Musulmans augmente\u00a0 et celui des Chr\u00e9tiens diminue, tel qu\u2019est le cas ici, alors l&rsquo;approche politique est de mal influencer les gens par le biais de campagnes de haine et de peur envers les Musulmans en fonction des r\u00e8glements du droit local, une telle proc\u00e9dure n&rsquo;est pas conforme aux conventions internationales, voire aux textes relatifs aux droits de l&rsquo;homme, il y\u2019a lieu de rappeler qu\u2019 en tant que Musulmans nous respectons le droit d\u2019autrui\u00a0 \u00e0 leurs propres pratiques religieuses .  Alors, que faire concr\u00e8tement pour que ces mati\u00e8res internationales\u00a0 des droits de l\u2019homme soient pleinement respect\u00e9es?.  M\u00eame Allah, nous a cr\u00e9\u00e9s diff\u00e9rents, Il\u00a0 nous a montr\u00e9 la bonne voie et nous a laiss\u00e9 libres: de croire ou de ne pas croire, soit Il ne nous a pas forc\u00e9 et \u00e0 notre tour nous n\u2019avons pas forc\u00e9 les Non Musulmans \u00e0 devenir Musulmans \u2013 c\u2019est une question\u00a0 de foi et de choix par conviction , ainsi tout le monde doit prot\u00e9ger la libert\u00e9 de religion et\u00a0 ne pas emp\u00eacher et par tous les moyens d&rsquo;\u00e9tendre que\u00a0 l&rsquo;Islam\u00a0 progresse\u00a0 et\u00a0 que le nombre de Musulmans augmente partout dans le monde, chose qui n&rsquo;est pas en contradiction avec les droits de l&rsquo;homme et les libert\u00e9s fondamentales.  Au\u00a0 d\u00e9but, les choses ont\u00a0 ouvertement commenc\u00e9 par les\u00a0 horribles caricatures au\u00a0 pays du Danemark\u00a0 et en travaillant \u00e9galement sur des caricatures sataniques\u00a0 dans d\u2019autres pays comme\u00a0 sale\u00a0 tentative\u00a0 de diffamer notre Proph\u00e8te Sacr\u00e9 Mohamed la Pri\u00e8re et la Paix Soient sur Lui et l\u2019Islam\u00a0 en g\u00e9n\u00e9ral\u00a0 et\u00a0 pour qu\u2019ensuite\u00a0 Geert\u00a0 Wilders apparaisse\u00a0 avec son\u00a0 film catastrophique intitul\u00e9 \u00ab\u00a0Fitna\u00a0\u00bb pour attaquer notre Proph\u00e8te et\u00a0 notre religion de l&rsquo;Islam\u00a0 et\u00a0 tout ceci\u00a0 a \u00e9t\u00e9 r\u00e9alis\u00e9\u00a0 sous le mauvais pr\u00e9texte de la libert\u00e9 d&rsquo;expression. Pas si\u00a0 \u00e9trange\u00a0 de voir ce m\u00eame\u00a0 d\u00e9put\u00e9 d\u2019extr\u00eame droite exprimant aux m\u00e9dias sa\u00a0 satisfaction\u00a0 face \u00e0 cette\u00a0 interdiction des minarets en Suisse.  Cependant, toute campagne\u00a0 lanc\u00e9e contre l&rsquo;Islam et les Musulmans est en soi une annonce pr\u00e9vue d\u2019un plan ayant des objectifs nuisibles voulus et de mani\u00e8re implicite.  L&rsquo;Islam interdit l\u2019interdiction d\u2019une ou de plusieurs pi\u00e8ces de construction des lieux de culte, m\u00eame\u00a0 quand il ne s\u2019agit\u00a0 pas de mosqu\u00e9es et emp\u00eache la diffamation de\u00a0 tous les Proph\u00e8tes et\u00a0 Messagers et\u00a0 Allah\u00a0 est notre Cr\u00e9ateur et c\u2019est Lui qui nous a accord\u00e9 la v\u00e9ritable libert\u00e9 de religion et d\u2019expression\u00a0 et non vise versa.  On peut lire \u00e0 partir de ce chiffre approximatif de 57,5%\u00a0 des voix Suisses- ce qui suit:   1. que la moiti\u00e9 des citoyens Suisses sont aujourd&rsquo;hui contre la libert\u00e9 de religion, une r\u00e9alit\u00e9\u00a0 dangereuse pour un pays connu pour les libert\u00e9s, cependant\u00a0 il est important d&rsquo;avoir une id\u00e9e sur la nature des \u00e9lecteurs.  2.la 2\u00e8me moiti\u00e9 de la soci\u00e9t\u00e9\u00a0 Suisse repr\u00e9sente\u00a0 un certain \u00e9quilibre en mati\u00e8re de coexistence avec les Musulmans comme communaut\u00e9 et comme citoyens Suisses, ils ont refus\u00e9 \u00ab\u00a0l&rsquo;interdiction des minarets\u00a0\u00bb ; ils ont fait leur devoir et ils m\u00e9ritent notre respect.  D\u00e9duction: une telle interdiction des minarets a d\u00e9voil\u00e9 comment la soci\u00e9t\u00e9 Suisse a d\u00e9j\u00e0 \u00e9t\u00e9 divis\u00e9e\u00a0 \u00e0 cause de \u00ab non-stop \u00bb campagnes\u00a0 indirectes de tort\u00a0 et\u00a0 de provocation de haine, et et que s\u2019ils ne revoient pas leur grave position, il y aura beaucoup\u00a0 d\u2019autres plus lourdes \u00ab\u00a0interdictions\u00a0\u00bb contre les Musulmans.  \u00a0Maltraiter les Musulmans et restreindre leurs libert\u00e9s ne peuvent en aucun cas \u00eatre une solution pour la coexistence fond\u00e9e sur la tol\u00e9rance. Vous ne pouvez jamais insulter quelqu&rsquo;un et dire que vous ne voulez pas lui faire du mal\u00a0 ou\u00a0 que vous voulez trouver un moyen de pr\u00e9server votre pays ou prot\u00e9ger tout autre int\u00e9r\u00eat. Ce n&rsquo;est pas en attaquant les Musulmans que vous pouvez avoir un plus grand nombre de Chr\u00e9tiens ou\u00a0 une diminution du nombre de Musulmans, ceci\u00a0 n&rsquo;a aucun sens ;\u00a0 \u00e9tant\u00a0 \u00e0 la fois contre l&rsquo;humanit\u00e9 et contre la logique.  Toutefois,\u00a0 tous ceux qui ont rejet\u00e9 ce vote doivent travailler\u00a0 s\u00e9rieusement pour son annulation en tant que provocateur de la rancune et\u00a0 de l&rsquo;instabilit\u00e9 dans la soci\u00e9t\u00e9 Suisse d\u2019une part de m\u00eame qu\u2019 au niveau\u00a0 des relations du pays avec la nation Musulmane dans son ensemble d\u2019autre en plus d\u2019 \u00e9viter son \u00e9largissement dans d&rsquo;autres pays.  Il\u00a0 suffira de se rappeler que l&rsquo;interdiction des minarets en Suisse:  ne\u00a0 signifie pas la libert\u00e9 d&rsquo;expression ou la peur des Musulmans, mais les campagnes ill\u00e9gales de haine contre la dignit\u00e9 des Musulmans dont l&rsquo;objectif est d&rsquo;atteindre le but des partisans politiques; travailler sur la catastrophe\u00a0 de soulever cette\u00a0 d\u00e9testation\u00a0 entre Musulmans et Non Musulmans aussi\u00a0 bien dans le pays qu&rsquo;\u00e0 l&rsquo;ext\u00e9rieur. Ils exploitent la peur des citoyens afin de renforcer le sentiment de d\u00e9go\u00fbt envers les \u00e9trangers et parmi leurs outils est l&rsquo;extr\u00e9miste dangereux accusateur\u00a0 utilisant de diverses\u00a0 affiches et posters d\u2019incitation\u00a0 tel\u00a0 qu\u2019 exposant le minaret comme une roquette implant\u00e9e dans la carte g\u00e9ographique de la Suisse?! ; une incoh\u00e9rence incroyable, \u2026 nous savons que la roquette est\u00a0 utilis\u00e9e par la r\u00e9sistance l\u00e9gitime et de self d\u00e9fense en Palestine et \u00e0 Gaza en direction d&rsquo;un seul endroit en raison de la colonisation d&rsquo;Isra\u00ebl\u00a0 et des derniers g\u00e9nocides sionistes et crimes de guerre dans le territoire assi\u00e9g\u00e9 de Gaza; l&rsquo;holocauste phosphorique et qui n\u2019ont toujours pas r\u00e9cup\u00e9r\u00e9 leurs droits\u00a0 des institutions internationales officielles \u00e0 ce moment. Les roquettes n&rsquo;ont rien \u00e0 voir avec la Suisse en particulier surtout que la r\u00e8gle dit: \u00ab\u00a0comparer ce qui est comparable\u00a0\u00bb les choses doivent \u00eatre consid\u00e9r\u00e9es dans leur v\u00e9ritable contexte.  Mais les partisans du \u00ab refus \u00bb des minarets disent qu&rsquo;ils n&rsquo;ont aucune intention d&#8217;emp\u00eacher les Musulmans de pratiquer leur foi et qu&rsquo;ils n&rsquo;ont rien contre les Musulmans, alors\u00a0 pourquoi avoir ensuite exprim\u00e9 la haine envers eux dans vos campagnes d&rsquo;augmentation du nombre de voix de vote?. C&rsquo;est ce que nous appelons : faire un pr\u00e9judice \u00ab\u00a0sans laisser de trace\u00a0\u00bb la r\u00e9ponse est tr\u00e8s\u00a0 simple, \u00ab alors pourquoi ne pas les laisser en paix? \u00bb.  Les choses\u00a0 commencent de cette mani\u00e8re\u00a0 et finissent avec plus d&rsquo;exclusion envers les Musulmans &#8230;  Positions de d\u00e9sistement:  \u00ab\u00a0Je pense que les Musulmans Suisses seront en col\u00e8re et amertume\u00a0 envers\u00a0 ce qui passe, a d\u00e9clar\u00e9 Reinhard Schulze, Professeur d&rsquo;Etudes Islamiques \u00e0 l&rsquo;Universit\u00e9 de Berne. Il poursuit en disant : \u00abet nous savons que la col\u00e8re et l&rsquo;amertume parmi une communaut\u00e9 peut conduire \u00e0 la radicalisation, voire au militantisme\u00a0\u00bb. Les\u00a0 Suisses proc\u00e8dent\u00a0 \u00e0 l&rsquo;interdiction des minarets -.\u00a0\u00bb Swiss\u00a0 move to ban minarets- \/ Par Imogen Foulkes \/ BBC News, Berne \/ Derni\u00e8re mise \u00e0 jour: Lundi 28 Mai 2007, 09:03 GMT 10:03 UK.  \u00a0(*) Amnesty International\u00a0 a d\u00e9clar\u00e9 que l&rsquo;interdiction des minarets est une \u00ab\u00a0violation de la libert\u00e9 de religion, incompatible avec les conventions sign\u00e9es par la Suisse.\u00a0\u00bb  (**) Le Parti\u00a0 Ecologiste Suisse (Les Verts) a d\u00e9clar\u00e9 qu&rsquo;il envisageait de d\u00e9poser une plainte devant la Cour Europ\u00e9enne des Droits de l&rsquo;Homme \u00e0 Strasbourg pour violation de la libert\u00e9 de religion\u00a0 garantie par la Convention Europ\u00e9enne des droits de l&rsquo;homme.  (*) et (**): Global Nation \/ la Suisse vote\u00a0 pour l\u2019interdiction\u00a0 de nouveaux minarets &#8211; Switzerland votes to ban new minarets -\/ Par Hui-Min Neo \/ Agence France-Presse Post\u00e9 : 12:23:00 11\/30\/2009.<\/font><\/div>\n<\/div>\n<p><\/em><\/div>\n<p><\/font><\/div>\n<div align=\"center\"><strong><\/p>\n<hr\/>\n<p><\/strong><\/div>\n<p><\/font><\/p>\n<div align=\"center\">\u00a0<\/div>\n<div align=\"center\">\n<h3 style=\"color: blue;\"><font face=\"Arial\"><strong>Tunisia tourism revenue up 2 pct in 11 months to Nov<\/strong><\/font><\/h3>\n<\/div>\n<p><font face=\"Arial\" size=\"2\"><\/p>\n<div align=\"justify\"> <font>Mon Dec 7, 2009 6:16am GMT TUNIS (Reuters) &#8211; Tunisia&rsquo;s tourism revenue rose 2 percent to 3.21 billion dinars in the 11 months to November 30 despite the global slowdown, the state news agency quoted the country&rsquo;s tourism minister as saying on Sunday. Revenue from visitors is now the North African country&rsquo;s top foreign currency earner and the biggest employer after labour-intensive farming. Revenue from tourism reached a record 3.3 billion dinars in the January-November period in 2008 with 7 million tourists. Tunisia has a population of around 10 million. \u00ab\u00a0Sector revenues amounted to 3.21 billion dinars, an increase of 2 percent compared to (the same period in) 2008,\u00a0\u00bb the TAP news agency quoted Tourism Minister Khelil Lajimi as saying. \u00ab\u00a0The indices we have registered remain much better than the expectations of the World Tourism Organisation,\u00a0\u00bb he said. The number of tourists visiting Tunisia was 6.4 million in the year to November 30, down 2.6 percent from the first 11 months of 2008, said Lajimi. Tunisia has responded to lower consumer spending in Europe, its biggest tourism market, by trying to attract higher-spending tourists and by increasing spending on advertising. In an interview with Reuters in June, the tourism minister said Tunisia hoped that full-year tourism revenues for 2009 would be the same as last year.<\/font><\/div>\n<p><\/font><font face=\"Arial\" size=\"2\"><\/p>\n<p><font size=\"3\"><\/p>\n<div align=\"center\"><strong><\/p>\n<hr\/>\n<p><\/strong><\/div>\n<div align=\"center\"><strong>Arab women meet in Tunisia to fight violence<\/strong><strong><\/strong><\/div>\n<div align=\"justify\"><a href=\"http:\/\/www.chinaview.cn\/\" target=\"_blank\" rel=\"noopener\"><strong>www.chinaview.cn<\/strong><\/a><strong>\u00a0 2009-12-07 06:00:11\u00a0  <\/strong><font>\u00a0\u00a0\u00a0 TUNIS, Dec. 6 (Xinhua) &#8212; Women representatives from 16 Arab countries met on Sunday to shed more light on violence against women in the region and discuss ways to fight against the issue calling for wider role of women in the Arab states.  \u00a0\u00a0\u00a0 \u00ab\u00a0Tunisia is keen to unify Arab efforts to protect women from violence and improve their situation in a comprehensive approach to human rights in line with the various international agreements and conventions,\u00a0\u00bb Tunisian Minister of Women, Family and Children Sarra Kanoun Jarraya told reporters at the meeting&rsquo;s opening ceremony.  \u00a0\u00a0\u00a0 \u00ab\u00a0Violence is not limited to direct physical abuse, but extends to other forms such as preventing women from education and participation in public life,\u00a0\u00bb She added.  \u00a0\u00a0\u00a0 Jarraya stressed the need to forge a united action and exchange experiences to fight against such issue.  \u00a0\u00a0\u00a0 \u00ab\u00a0The aim of this meeting consists in defining efficacious procedures to eradicate violence against women and take benefit from the various Arab expertise and experiences,\u00a0\u00bb she said.  \u00a0\u00a0\u00a0 During the three-day meeting, representatives of member countries of the Arab Women Organization and civil society looked to identify a preventive and strategic approach and develop joint front to set concrete mechanisms to trim violence against women in Arab societies.  \u00a0\u00a0\u00a0 Workshops on women&rsquo;s rights in international conventions are on the agenda of this event. Participants will also discuss Arab women&rsquo;s rights and the legal definition of violence against women.<\/font>\u00a0 <\/div>\n<div align=\"justify\">\n<hr\/>\n<\/div>\n<div align=\"justify\">\u00a0<\/div>\n<div align=\"justify\"><font>\u00a0 <\/p>\n<div align=\"center\"><strong><\/p>\n<h3 style=\"color: blue;\"><font size=\"3\">Mme Leila Ben Ali re\u00e7oit le Blason d&rsquo;or de l&rsquo;Union des comit\u00e9s nationaux olympiques arabes<\/font><\/h3>\n<p><\/strong>\u00a0\u00a0<\/div>\n<div> TUNIS, 7 d\u00e9c 2009 (TAP)- Madame Leila Ben Ali a re\u00e7u, lors de sa pr\u00e9sidence, lundi, de la c\u00e9r\u00e9monie d&rsquo;ouverture de la conf\u00e9rence internationale sur la promotion de l&#8217;emploi des cat\u00e9gories \u00e0 besoins sp\u00e9cifiques, le blason d&rsquo;or de l&rsquo;Union des comit\u00e9s nationaux olympiques arabes, en t\u00e9moignage de reconnaissance pour ses efforts, ses r\u00e9alisations et ses initiatives avant-gardistes au service de la soci\u00e9t\u00e9. Dans l&rsquo;allocution adress\u00e9 par S.A. Sultan Bin Fahd Bin Abdul-Aziz Al-Saud, Pr\u00e9sident de l&rsquo;Union des Comit\u00e9s nationaux olympiques arabes, dont lecture a \u00e9t\u00e9 donn\u00e9e en son nom par son conseiller Pr. Othman Mohamed Al-Saad, l&rsquo;Emir a fait observer que la noble action de b\u00e9n\u00e9volat men\u00e9e par Madame Leila Ben Ali est un exemple \u00e0 suivre aussi bien dans les pays islamiques que dans les autres pays du monde. Il a, par ailleurs, salu\u00e9 les efforts qu&rsquo;elle d\u00e9ploie ainsi que son initiative en faveur de la cr\u00e9ation de l&rsquo;Association \u00ab\u00a0Basma\u00a0\u00bb pour la promotion de l&#8217;emploi des handicap\u00e9s, initiative qui refl\u00e8te le sens aigu qu&rsquo;elle a du r\u00f4le d\u00e9volu aux associations dans le soutien des efforts de l&rsquo;Etat en mati\u00e8re de protection des personnes \u00e0 besoins sp\u00e9cifiques et de leur aide \u00e0 s&rsquo;int\u00e9grer dans la vie publique. Il a indiqu\u00e9 que l&rsquo;oeuvre de l&rsquo;association \u00ab\u00a0Basma\u00a0\u00bb ne se limite pas seulement \u00e0 la garantie d&rsquo;un emploi et d&rsquo;une source de revenu \u00e0 ces cat\u00e9gories, mais consiste \u00e9galement \u00e0 veiller \u00e0 les aider \u00e0 lancer des projets \u00e9conomiques en leur assurant les pr\u00eats et l&rsquo;accompagnement n\u00e9cessaires, dans les diff\u00e9rentes phases de la cr\u00e9ation du projet. Il a \u00e9galement fait remarquer que la tenue de cette conf\u00e9rence en Tunisie illustre la place privil\u00e9gi\u00e9e qu&rsquo;occupe le pays et la grande estime dont elle b\u00e9n\u00e9ficie, \u00e0 l&rsquo;\u00e9chelle internationale, mettant l&rsquo;accent sur le d\u00e9veloppement global que la Tunisie a connu dans les divers domaines, \u00e0 la faveur de la clairvoyance du pr\u00e9sident Zine El Abidine Ben Ali, de sa politique r\u00e9aliste et de sa vision prospective. Le pr\u00e9sident de l&rsquo;Union des comit\u00e9s nationaux olympiques arabes a, d&rsquo;autre part, mis en relief le pari fait par le pr\u00e9sident Ben Ali sur les ressources humaines, ainsi que les politiques et programmes qu&rsquo;il a initi\u00e9s au profit des diff\u00e9rentes franges de la soci\u00e9t\u00e9 et, tout particuli\u00e8rement, les cat\u00e9gories \u00e0 besoins sp\u00e9cifiques auxquelles il accorde une sollicitude particuli\u00e8re. Il a, en conclusion, \u00e9voqu\u00e9 les activit\u00e9s soutenues men\u00e9es par l&rsquo;Organisation Islamique pour l&rsquo;Education, les Sciences et la Culture (ISESCO), se f\u00e9licitant de la diversit\u00e9 des questions \u00e9ducatives, scientifiques, culturelles, sociales et internationales qu&rsquo;elle traite et qui figurent parmi les principales pr\u00e9occupations de la Nations islamique.<\/div>\n<div> \u00a0<\/div>\n<div>\n<hr\/>\n<\/div>\n<div align=\"center\"> <strong><\/p>\n<h3 style=\"color: blue;\"><font size=\"3\">Mme Leila Ben Ali re\u00e7oit le Blason d&rsquo;or du Comit\u00e9 islamique du Croissant international<\/font><\/h3>\n<p><\/strong>\u00a0\u00a0<\/div>\n<div>\u00a0<\/div>\n<div>\u00a0 TUNIS, 7 d\u00e9c 2009 (TAP)- Mme Leila Ben Ali, \u00e9pouse du Pr\u00e9sident de la R\u00e9publique, pr\u00e9sidente de l&rsquo;Organisation de la Femme Arabe (OFA) et pr\u00e9sidente de l&rsquo;Association \u00ab\u00a0BASMA\u00a0\u00bb pour la promotion de l&#8217;emploi des handicap\u00e9s, a re\u00e7u le blason d&rsquo;or du Comit\u00e9 Islamique du Croissant International (CICI), repr\u00e9sent\u00e9 en la personne de son pr\u00e9sident, Dr. Ali Mahmoud Bouhedma, en signe de consid\u00e9ration pour ses initiatives avant-gardistes dans le champ social, et pour les services louables qu&rsquo;elle offre aux cat\u00e9gories \u00e0 besoins sp\u00e9cifiques, en vue d&rsquo;am\u00e9liorer leurs conditions de vie, d&rsquo;encourager leur emploi et de renforcer leur insertion dans la soci\u00e9t\u00e9. Dans une allocution prononc\u00e9e, au cours de la c\u00e9r\u00e9monie d&rsquo;ouverture de la Conf\u00e9rence internationale sur la promotion de l&#8217;emploi des cat\u00e9gories \u00e0 besoins sp\u00e9cifiques, M. Bouhedma a exprim\u00e9 sa profonde consid\u00e9ration et sa grande admiration pour le progr\u00e8s et l&rsquo;essor enregistr\u00e9s en Tunisie, et pour la s\u00e9curit\u00e9 et la stabilit\u00e9 dont jouit la soci\u00e9t\u00e9 tunisienne, sous la conduite \u00e9clair\u00e9e du Pr\u00e9sident Zine El Abidine Ben Ali. Il a, dans ce cadre, salu\u00e9 l&rsquo;attention particuli\u00e8re accord\u00e9e par le Pr\u00e9sident de la R\u00e9publique \u00e0 la protection sociale, attention qui s&rsquo;est illustr\u00e9e, a-t-il dit, en particulier, \u00e0 travers les r\u00e9alisations majeures accomplies par le pays ainsi qu&rsquo;\u00e0 travers les activit\u00e9s avant-gardistes men\u00e9es par l&rsquo;Association \u00ab\u00a0Basma\u00a0\u00bb. Il a, par ailleurs, affirm\u00e9 la conviction du CICI de l&rsquo;importance du r\u00f4le qu&rsquo;assument pareilles organisations et associations s\u00e9rieuses et dynamiques, dans la propagation du d\u00e9veloppement et de la prosp\u00e9rit\u00e9, ainsi que son aspiration \u00e0 ce que l&rsquo;ensemble des organisations de la soci\u00e9t\u00e9 civile b\u00e9n\u00e9ficient de l&rsquo;expertise et de l&rsquo;exp\u00e9rience pionni\u00e8re de l&rsquo;association \u00ab\u00a0Basma\u00a0\u00bb dans son domaine d&rsquo;intervention.<\/div>\n<p><\/font><\/div>\n<p><\/font><\/p>\n<p><\/font><\/font><\/p>\n<\/div>\n<\/div>\n<p><\/font><\/p>\n<div align=\"center\"><font face=\"Arial\" size=\"2\"><strong><font><\/p>\n<hr\/>\n<p>Tunesien<\/font><\/strong> <\/p>\n<h3 style=\"color: blue;\"><font size=\"3\"><strong>Im Reich des Ben Ali<\/strong><\/font><\/h3>\n<p><\/font><\/div>\n<div align=\"justify\"> Tunesien gilt als Urlaubsparadies mit langen Str\u00e4nden. Doch au\u00dferhalb der Touristenzentren herrscht der Machthaber mit eiserner Hand. Starr l\u00e4chelt der Mann auf sein Volk herab. Bilder des Pr\u00e4sidenten zieren Banner an den Stra\u00dfenlaternen. Sie prangen auf gro\u00dfen Plakatw\u00e4nden entlang der Hauptstra\u00dfen und auf Wimpeln, die vor Beh\u00f6rden im Wind flattern. In den R\u00e4umen von Schulen, \u00c4mtern und Hotels h\u00e4ngen meist gleich mehrere in Gold gerahmte Portr\u00e4ts des m\u00e4chtigsten Mannes im Staat. Zine El Abidine Ben Ali, der Machthaber Tunesiens, ist in dem nordafrikanischen Land allgegenw\u00e4rtig. Ben Ali tr\u00e4gt auf den Bildern stets volles schwarzes Haar und glatte, jugendhafte Haut zur Schau. Seine 73 Jahre sieht man dem Pr\u00e4sidenten Tunesiens nicht an. \u00ab\u00a0Angemalt, von oben bis unter ist er angemalt\u00a0\u00bb, fl\u00fcstert eine Tunesierin. Laut, vor Fremden auf der Stra\u00dfe, w\u00fcrde sie nicht \u00fcber den ewigen Pr\u00e4sidenten spotten. Der Geheimdienst soll seine Ohren \u00fcber all haben. Drei Prozent der Bev\u00f6lkerung seien beim Innenministerium angestellt, erz\u00e4hlt eine Europ\u00e4erin, die lange in Tunis lebt. Die Uniformierten der Polizei und der Nationalgarde stehen an jeder Kreuzung, vor jedem Staatsgeb\u00e4ude. Sie verk\u00f6rpern offen die Staatsmacht. Anzeige  Doch wer zu den Agenten des Geheimdienstes geh\u00f6re, sei schwer auszumachen, sagt die Europ\u00e4erin. Die Spitzel s\u00e4\u00dfen in Caf\u00e9s und Parks, h\u00f6rten zu, was die Menschen bereden. Ihren Namen will die Frau nicht ver\u00f6ffentlicht sehen. \u00ab\u00a0Vielleicht\u00a0\u00bb, sagt sie, \u00ab\u00a0gibt es beim Innenministerium auch eine Akte \u00fcber mich.\u00a0\u00bb Sie sagt das leicht dahin, es klingt wie ein Scherz, doch l\u00e4chelt die Europ\u00e4erin dabei nicht. Ein in Tunis lebender Deutscher berichtet, dass er beobachtet werde. Er sei sich sicher, dass jemand notiere, wann er das Haus verlasse, wann er zur\u00fcckkomme und wer ihn besuche. In jedem Viertel soll es einen Aufpasser der Beh\u00f6rden geben, der als Quartierwart \u00fcber die Ordnung wacht. In Tunesien wird die Macht von Ben Ali wird von niemanden offen herausgefordert, doch das Regime geht auf Nummer sicher. Seit 22 Jahren regiert Ben Ali nun schon Tunesien. 1987 l\u00f6ste er Habib Bourguiba mit einem Putsch ab. Er lie\u00df von \u00c4rzten feststellen, dass der Amtsinhaber nicht mehr regierungsf\u00e4hig sei. Ben Ali, damals Ministerpr\u00e4sident, \u00fcbernahm die Staatsgesch\u00e4fte. Seitdem herrscht Ben Ali und seine Familie \u00fcber das Land wie absolutistischer Monarch. Beamte beantworten Fragen nach ihrer Meinung gerne mit S\u00e4tzen wie: Der Pr\u00e4sident hat vergangene Woche entschieden, dass&#8230;.\u00a0\u00bb Eine eigene Sicht der Dinge ist nicht gefragt. Noch immer h\u00e4ngen die Wahlplakate des Pr\u00e4sidenten in vielen Orten, obwohl die Wahl schon Wochen zur\u00fcckliegt. Die B\u00fcrgermeister wetteifern darum, erz\u00e4hlt eine Einheimische, wer die Werbung am l\u00e4ngsten h\u00e4ngen lasse und damit die gr\u00f6\u00dfte Loyalit\u00e4t zeige. Kurz nachdem der Pr\u00e4sident verlauten lie\u00dfe, Tunesien solle bunter werden, ihm gefalle die Farbe violett, reagierten die Beh\u00f6rden mit der Aktion Pinsel. Gel\u00e4nder von Autobahnbr\u00fccken, Poller und Pfosten wurden fortan in der Farbe des Pr\u00e4sidenten gestrichen. Im Ausland preist Ben Ali die stabile Demokratie in seinem Land und die gro\u00dfe Bedeutung der Menschenrechte. Er gibt den gro\u00dfen Reformer, der Tunesien den Aufschwung gebracht hat. Doch bei allem wirtschaftlichen Fortschritt verharrt Tunesien politisch in der Despotie. Eine echte Opposition gibt es ebenso wenig wie eine freie Presse. Die tunesischen Zeitungen und Fernsehnachrichten verk\u00fcnden t\u00e4glich, was Ben Ali zur Kenntnis genommen hat und welche Wohltaten er plant. \u00dcber die Korruption der Elite, den ungeheuren Einfluss der Pr\u00e4sidentenfamilie auf die Privatwirtschaft oder die Polizeiwillk\u00fcr berichten sie nicht. Bis in die Privatwirtschaft reicht die Kontrolle. Hinter vorgehaltener Hand erz\u00e4hlt ein Tunesier, dass stets irgendein Verwandter des Pr\u00e4sidenten auftauche, sobald ein Gesch\u00e4ftsmann gute Gewinne macht. Dann verk\u00fcndet das Mitglied der Pr\u00e4sidentenfamilie, das es sich an dem Unternehmen beteiligen m\u00f6chte. Ein Angebot, das man nicht ablehnen k\u00f6nne. Ende Oktober siegte Ben Ali erneut bei der Pr\u00e4sidentenwahl. Das Ergebnis stand schon vorher fest, die hohe Wahlbeteiligung auch. \u00ab\u00a0Ich kenne niemanden, der zur Wahl gegangen ist\u00a0\u00bb, sagt ein Mann aus Tunis. Auch sein Name darf hier ebenso wenig stehen wie sein Alter und der Beruf. Im Reich des Ben Ali ist Kritik nicht erw\u00fcnscht. Wer den Herrscher tadelt, der wird von den Beh\u00f6rden eingesch\u00fcchtert und wenn das nicht reicht, um ihn zum Schweigen zu bringen, dann findet das Regime andere Methoden. So erging es auch Taoufik Ben Brik, einem regimekritischen Journalisten. Ende Oktober nahmen ihn Polizisten fest, angeblich, weil er eine Frau geschlagen habe. Reporter ohne Grenzen und andere Menschenrechtsgruppen sprechen von \u00ab\u00a0einer Farce\u00a0\u00bb und einer \u00ab\u00a0Inszenierung, um den kritischen Journalisten einzusch\u00fcchtern\u00a0\u00bb. Die Festnahme des bekannten Journalisten sorgte f\u00fcr \u00c4rger. Ben Ali erhielt nach seiner Wiederwahl zum Pr\u00e4sidenten aus Europa nicht nur Gl\u00fcckwunschsschreiben zugesandt, sondern bekam manches ernstes Wort zu h\u00f6ren. Das franz\u00f6sische Au\u00dfenministerium beklagte offiziell, wie schwach die Meinungsfreiheit in Tunesien sei, wie wenig hier die Menschenrechte gelten w\u00fcrden. Die tunesische Regierung wies das strikt zur\u00fcck. Ende November verurteilten die Richter Ben Brik zu sechs Monaten Haft ohne Bew\u00e4hrung. Der Prozess verlief schnell und unfair. Die Anw\u00e4lte des Regimekritikers durften ihn nicht besuchen und Beweise, etwa eine Unterschrift unter einem Polizeiprotokoll, sollen gef\u00e4lscht worden sein. \u00ab\u00a0Ich bin Opfer einer Falle der Sicherheitskr\u00e4fte geworden\u00a0\u00bb, kommentierte der Journalist seine Verurteilung. \u00ab\u00a0Ich bin die Geisel von Ben Ali.\u00a0\u00bb In einem anderen Fall sei ein Journalist Ende Oktober vor seiner Haust\u00fcr von Unbekannten entf\u00fchrt und dann zusammengeschlagen worden, teilte Reporter ohne Grenzen mit. Und als die franz\u00f6sische Tageszeitung Le Monde despektierlich \u00fcber die Frau des Pr\u00e4sidenten berichtete, verschwand sie \u00fcber Nacht aus den Kiosken. Der j\u00fcngste Fall liegt nur zwei Tage zur\u00fcck: Am Mittwoch wurde der regimekritische Journalist Zouhair Makhlouf wegen einer Videoreportage \u00fcber Umwelt- und Wirtschaftsprobleme zu drei Monaten Haft ohne Bew\u00e4hrung verurteilt. \u00ab\u00a0Wir haben hier eine gelenkte Presse\u00a0\u00bb, sagt ein Diplomat. \u00ab\u00a0Die Regierung kontrolliert alles.\u00a0\u00bb Auch der Chefredakteur des arabischen Fernsehsender Al-Dschasira, Ahmed al-Scheich, klagt, dass die Lage der Journalisten in Tunesien \u00e4hnlich schlecht sei wie in Saudi-Arabien. F\u00fcr Tunesier sind die Festnahmen von Kritikern, das Verbot von Zeitungen, der Ausschluss von Oppositionellen von Wahlen, l\u00e4ngst ein normaler Vorgang. Niemand \u00fcberrascht so etwas. Es regt die Mehrheit der Bev\u00f6lkerung auch nicht wirklich auf. Solange der Pr\u00e4sident dort oben in der Ferne, mich in Ruhe l\u00e4sst, sagt so mancher Tunesier, solange ist er mir egal. Volk und F\u00fchrung haben sich l\u00e4ngst voneinander entfremdet. Die Botschafter und Konsuln in Tunis r\u00e4tselten vor der Wahl, wie viel Prozent der Pr\u00e4sident diesmal wohl bekommen werde. 99 Prozent wie im Jahr 1994, oder doch nur 95 Prozent wie vor f\u00fcnf Jahren? Der Pr\u00e4sident m\u00fcsste gar nicht betr\u00fcgen, sagt der Diplomat. Er w\u00fcrde wohl auch so gewinnen. Er habe dem Land etwas gebracht, was die Menschen wollen: Sicherheit. Eine manchmal beklemmende, unheimliche Sicherheit. Aber Tunesien, so der Diplomat, sei das sicherste Land Nordafrikas, die Islamisten spielten keine Rolle. Die Polizei greife hart gegen radikale Muslime durch \u2013 die Gef\u00e4ngnisse seien voller Islamisten. Ben Ali dulde auch keine religi\u00f6se Macht neben ihn. Angestellte im Staatsdienst d\u00fcrfen kein Kopftuch tragen und Studentinnen, die sich verh\u00fcllen, werden immer mal wieder von den Seminaren ausgeschlossen. Frauen die nicht nur ein Kopftuch, sondern den Tschador, der Ganzk\u00f6rperschleier tragen, werden von Beamten auf der Stra\u00dfe angehalten und eingesch\u00fcchtert. In Tunis stehen zu jeder Uhrzeit Polizisten auf den gro\u00dfen Stra\u00dfen, in denen sich die Ministerien, Beh\u00f6rden und Kasernen befinden. Mit ihren wei\u00dfen Pistolentaschen und den Handschuhen sehen sie aus wie Beamte aus der Kolonialzeit, doch ihre Methoden haben sie der neuen Zeit angepasst. Ein Auto nach dem anderen winken sie aus dem Verkehr heraus an den Stra\u00dfenrand. \u00ab\u00a0Sie sind zu schnell gefahren\u00a0\u00bb, sagen die strengen H\u00fcter Ben Alis Sicherheit oft und stellen das ganz ohne Radarger\u00e4t fest. Wer ohne langwierige Kontrolle weiter fahren will, reicht einen Dinarschein diskret hinaus. Der Polizist greift zu, beendet die Kontrolle und h\u00e4lt schon bald den n\u00e4chsten Fahrer an. Unz\u00e4hlige Polizisten stehen an Kreuzungen, Kreiseln, lauern in H\u00e4uschen und auf Motorr\u00e4dern. Ihre Zahl nimmt stark zu, wenn der Pr\u00e4sident unterwegs ist. Dann stehen viele Uniformierte auf den B\u00fcrgersteigen und hinter ihnen beobachten breitschultrige M\u00e4nner in Zivil das Geschehen. Sie haben kleine Kopfh\u00f6rer im Ohr und kontrollieren, ob die Polizisten auch wachsam sind. Hinter den Aufpassern stehen einige wenige Anzugtr\u00e4ger, die Oberen des Geheimdienstes, die ihre Agenten \u00fcberwachen. \u00ab\u00a0Man kann am Stadtbild sehen, wo und ob der Pr\u00e4sident unterwegs ist\u00a0\u00bb, sagt ein Mann. Wenn der Pr\u00e4sident seinen Palast oder ein anderes Ziel erreicht hat, ziehen die Bewacher wieder ab. Die Polizei, Armee und der Geheimdienst sind dem Pr\u00e4sidenten treu ergeben &#8211; dass Ben Ali das gleiche Schicksal ereilt, wie seinen Vorg\u00e4nger, glaube daher keiner. Doch ewig wird er die Macht nicht in seinen H\u00e4nden halten k\u00f6nnen. Bei der n\u00e4chsten Wahl darf er nicht mehr kandidieren. Die Verfassung begrenzt das H\u00f6chstalter daf\u00fcr auf 75 Jahre. \u00ab\u00a0Ach, die Verfassung, die kann man \u00e4ndern\u00a0\u00bb, sagt ein Diplomat. \u00ab\u00a0Dann werde es hei\u00dfen, das Volk habe den gro\u00dfen Pr\u00e4sidenten gebeten, im Amt zu bleiben.\u00a0\u00bb Mancher Tunesier glaubt hingegen, dass der Schwiegersohn Ben Alis bereits zum Kronprinzen ernannt wurde. Wenn es so weit ist, wird Ben Ali seinem Volk verk\u00fcnden, wer seine Nachfolge antritt. Gew\u00e4hlt werden wird dann auch, denn der Machthaber wei\u00df, dass das Ausland darauf gro\u00dfen Wert legt. <font><strong>(Source: Die Zeit (Magazine \u2013 Allemagne), le 7 d\u00e9cembre 2009) Lien : <\/strong><a href=\"http:\/\/www.zeit.de\/politik\/ausland\/2009-12\/tunesien-ben-ali\" target=\"_blank\" rel=\"noopener\"><strong>http:\/\/www.zeit.de\/politik\/ausland\/2009-12\/tunesien-ben-ali<\/strong><\/a><\/font><\/div>\n<div align=\"justify\"><strong><\/p>\n<hr\/>\n<p><\/strong><\/div>\n<div align=\"justify\"><font><\/p>\n<div align=\"center\">\u00a0<\/div>\n<p><\/font><\/div>\n<hr\/>\n<div align=\"center\"><strong><\/p>\n<h3 style=\"color: blue;\"><font size=\"3\">PO\/UE: manifestation palestinienne en faveur du texte sur J\u00e9rusalem-est<\/font><\/h3>\n<p><\/strong><\/div>\n<div align=\"justify\">AFP, le 7 d\u00e9cembre 2009 \u00e0 12h49 JERUSALEM, 7 d\u00e9c 2009 (AFP) &#8211; Des es dizaines de Palestiniens ont manifest\u00e9 lundi devant des sections des consulats de France et de Su\u00e8de \u00e0 J\u00e9rusalem pour soutenir la proposition de la pr\u00e9sidence su\u00e9doise de l&rsquo;UE d&rsquo;un Etat palestinien avec J\u00e9rusalem-est pour capitale, a constat\u00e9 un journaliste de l&rsquo;AFP. Une d\u00e9l\u00e9gation a remis une lettre aux repr\u00e9sentants des deux consulats exprimant leur \u00ab\u00a0soutien \u00e0 la r\u00e9solution de la Su\u00e8de\u00a0\u00bb, qui occupe la pr\u00e9sidence tournante de l&rsquo;Union europ\u00e9enne, a d\u00e9clar\u00e9 \u00e0 l&rsquo;AFP Dimitri Deliani, porte-parole \u00e0 J\u00e9rusalem du Fatah, le mouvement du pr\u00e9sident de l&rsquo;Autorit\u00e9 palestinienne. Les manifestants brandissaient des pancartes proclamant \u00ab\u00a0J\u00e9rusalem, capitale de Palestine\u00a0\u00bb et d\u00e9non\u00e7ant les \u00ab\u00a0pressions isra\u00e9liennes\u00a0\u00bb pour amender cette proposition. Ce texte, qui doit encore \u00eatre discut\u00e9 par les 27, a d\u00e9clench\u00e9 une pol\u00e9mique entre l&rsquo;UE et Isra\u00ebl. Dans sa version originale, qui a fait l&rsquo;objet de fuites dans le quotidien isra\u00e9lien Haaretz, l&rsquo;UE se prononce en faveur \u00ab\u00a0d&rsquo;un Etat palestinien viable, comprenant la Cisjordanie et Gaza, avec J\u00e9rusalem-est comme capitale\u00a0\u00bb. Le minist\u00e8re isra\u00e9lien des Affaires \u00e9trang\u00e8res a regrett\u00e9 une proposition qui \u00ab\u00a0portait atteinte \u00e0 la capacit\u00e9 de l&rsquo;Union europ\u00e9enne \u00e0 prendre part, en tant qu&rsquo;un important m\u00e9diateur, dans le processus politique entre Isra\u00ebl et les Palestiniens\u00a0\u00bb. Le chef de la diplomatie fran\u00e7aise Bernard Kouchner doit faire conna\u00eetre mardi la position de la France, mais selon le porte-parole du Quai d&rsquo;Orsay, la \u00ab\u00a0priorit\u00e9\u00a0\u00bb de Paris est que les 27 aboutissent \u00e0 un texte favorisant une reprise des n\u00e9gociations entre Isra\u00e9liens et Palestiniens. AFP<\/div>\n<div align=\"center\"><strong><font size=\"3\"><\/p>\n<hr\/>\n<p><\/font><\/strong><\/div>\n<div align=\"center\"><strong><\/p>\n<h3 style=\"color: blue;\"><font size=\"3\">PO\/UE: le projet de texte sur J\u00e9rusalem-Est est une \u00ab\u00a0erreur\u00a0\u00bb (Livni)<\/font><\/h3>\n<p><\/strong><\/div>\n<div align=\"justify\">AFP, le 7 d\u00e9cembre 2009 \u00e0 10h05 PARIS, 7 d\u00e9c 2009 (AFP) &#8211; La dirigeante de l&rsquo;opposition centriste en Isra\u00ebl, Tzipi Livni, estime que le projet de texte de la pr\u00e9sidence su\u00e9doise de l&rsquo;UE en faveur d&rsquo;un Etat palestinien avec J\u00e9rusalem-Est pour capitale est \u00ab\u00a0une erreur\u00a0\u00bb qui nuit au r\u00e8glement de paix, dans un entretien publi\u00e9 lundi. \u00ab\u00a0Cette initiative ne va pas aider \u00e0 relancer les n\u00e9gociations de paix entre Isra\u00ebl et les Palestiniens. C&rsquo;est une erreur\u00a0\u00bb, d\u00e9clare l&rsquo;ex-ministre isra\u00e9lienne des Affaires \u00e9trang\u00e8res dans cet entretien publi\u00e9 par le journal Le Parisien. \u00ab\u00a0S&rsquo;il est de l&rsquo;int\u00e9r\u00eat des deux parties en cause \u00e0 reprendre le dialogue, c&rsquo;est \u00e0 elles deux de prendre les d\u00e9cisions, pas \u00e0 l&rsquo;Union europ\u00e9enne\u00a0\u00bb, ajoute Mme Livni, qui se trouvait ces derniers jours \u00e0 Paris. \u00ab\u00a0Cela n&rsquo;aide personne. Et c&rsquo;est tout simplement hors de question. Le statut de J\u00e9rusalem fait partie des n\u00e9gociations de paix\u00a0\u00bb, d\u00e9clare-t-elle encore. Dans la version originale du texte en cours d&rsquo;\u00e9laboration, l&rsquo;UE se prononce en faveur \u00ab\u00a0d&rsquo;un Etat palestinien viable, comprenant la Cisjordanie et Gaza, avec J\u00e9rusalem-Est comme capitale\u00a0\u00bb. Ce texte doit \u00eatre discut\u00e9 par les 27, certains estimant qu&rsquo;il va trop loin. Le minist\u00e8re isra\u00e9lien des Affaires \u00e9trang\u00e8res a estim\u00e9 que la proposition \u00ab\u00a0portait atteinte \u00e0 la capacit\u00e9 de l&rsquo;Union europ\u00e9enne \u00e0 prendre part en tant qu&rsquo;un important m\u00e9diateur dans le processus politique entre Isra\u00ebl et les Palestiniens\u00a0\u00bb. Le chef de la diplomatie fran\u00e7aise Bernard Kouchner fera conna\u00eetre mardi la position de la France \u00e0 Bruxelles, \u00e0 la suite de la r\u00e9union des ministres des Affaires \u00e9trang\u00e8res, a indiqu\u00e9 dimanche le secr\u00e9taire d&rsquo;Etat fran\u00e7ais aux Affaires europ\u00e9ennes, Pierre Lellouche.  AFP<\/div>\n<p> \u00a0<\/p><\/div>\n<p align=\"left\" dir=\"ltr\">\u00a0<\/p>\n<p align=\"center\" dir=\"ltr\">\u00a0<\/p>\n<p align=\"center\" dir=\"ltr\">\n<h3 style=\"color: blue;\"><font face=\"Arial\" size=\"2\"><strong><b><a href=\"https:\/\/tunisnews.net\/ar\/\"><font face=\"Arial\"><span><font size=\"2\">Home<\/font><\/span><font size=\"2\"><span lang=\"FR-CH\"> &#8211; Accueil <\/span><span>&#8211; <\/span><\/font><\/font><span dir=\"rtl\" lang=\"AR-SA\"><font size=\"2\">\u0627\u0644\u0631\u0626\u064a\u0633\u064a\u0629<\/font><\/span><\/a><\/b><\/strong><\/font><\/h3>\n<\/p>\n<p><\/body><\/body><\/html><\/p>","protected":false},"excerpt":{"rendered":"<p>Home &#8211; Accueil TUNISNEWS 9\u00a0\u00e8me ann\u00e9e, N\u00b0\u00a03485 du 07.12.2009 \u00a0archives : www.tunisnews.net\u00a0\u00a0 \u00a0 Parti \u00ab Tunisie Verte \u00bb: Manifeste pour l\u2019\u00e9cologie et les droits de l\u2019homme en Afrique Moncef Boushaki: Mettre fin \u00e0 son statut de r\u00e9fugi\u00e9: Droit et Cons\u00e9quences selon les lois fran\u00e7aises Hend Harouni:aLa\u00a0 61 \u00e8me\u00a0 Comm\u00e9moration de la D\u00e9claration\u00a0 Universelle des Droits [&hellip;]<\/p>\n","protected":false},"author":1,"featured_media":22040,"comment_status":"open","ping_status":"open","sticky":false,"template":"","format":"standard","meta":{"inline_featured_image":false,"site-sidebar-layout":"default","site-content-layout":"","ast-site-content-layout":"default","site-content-style":"default","site-sidebar-style":"default","ast-global-header-display":"","ast-banner-title-visibility":"","ast-main-header-display":"","ast-hfb-above-header-display":"","ast-hfb-below-header-display":"","ast-hfb-mobile-header-display":"","site-post-title":"","ast-breadcrumbs-content":"","ast-featured-img":"","footer-sml-layout":"","ast-disable-related-posts":"","theme-transparent-header-meta":"","adv-header-id-meta":"","stick-header-meta":"","header-above-stick-meta":"","header-main-stick-meta":"","header-below-stick-meta":"","astra-migrate-meta-layouts":"default","ast-page-background-enabled":"default","ast-page-background-meta":{"desktop":{"background-color":"","background-image":"","background-repeat":"repeat","background-position":"center center","background-size":"auto","background-attachment":"scroll","background-type":"","background-media":"","overlay-type":"","overlay-color":"","overlay-opacity":"","overlay-gradient":""},"tablet":{"background-color":"","background-image":"","background-repeat":"repeat","background-position":"center center","background-size":"auto","background-attachment":"scroll","background-type":"","background-media":"","overlay-type":"","overlay-color":"","overlay-opacity":"","overlay-gradient":""},"mobile":{"background-color":"","background-image":"","background-repeat":"repeat","background-position":"center center","background-size":"auto","background-attachment":"scroll","background-type":"","background-media":"","overlay-type":"","overlay-color":"","overlay-opacity":"","overlay-gradient":""}},"ast-content-background-meta":{"desktop":{"background-color":"var(--ast-global-color-5)","background-image":"","background-repeat":"repeat","background-position":"center center","background-size":"auto","background-attachment":"scroll","background-type":"","background-media":"","overlay-type":"","overlay-color":"","overlay-opacity":"","overlay-gradient":""},"tablet":{"background-color":"var(--ast-global-color-5)","background-image":"","background-repeat":"repeat","background-position":"center center","background-size":"auto","background-attachment":"scroll","background-type":"","background-media":"","overlay-type":"","overlay-color":"","overlay-opacity":"","overlay-gradient":""},"mobile":{"background-color":"var(--ast-global-color-5)","background-image":"","background-repeat":"repeat","background-position":"center center","background-size":"auto","background-attachment":"scroll","background-type":"","background-media":"","overlay-type":"","overlay-color":"","overlay-opacity":"","overlay-gradient":""}},"footnotes":""},"categories":[],"tags":[64,40,29],"class_list":["post-18558","post","type-post","status-publish","format-standard","has-post-thumbnail","hentry","tag-64","tag-40","tag-fr"],"_links":{"self":[{"href":"https:\/\/tunisnews.net\/ar\/wp-json\/wp\/v2\/posts\/18558","targetHints":{"allow":["GET"]}}],"collection":[{"href":"https:\/\/tunisnews.net\/ar\/wp-json\/wp\/v2\/posts"}],"about":[{"href":"https:\/\/tunisnews.net\/ar\/wp-json\/wp\/v2\/types\/post"}],"author":[{"embeddable":true,"href":"https:\/\/tunisnews.net\/ar\/wp-json\/wp\/v2\/users\/1"}],"replies":[{"embeddable":true,"href":"https:\/\/tunisnews.net\/ar\/wp-json\/wp\/v2\/comments?post=18558"}],"version-history":[{"count":0,"href":"https:\/\/tunisnews.net\/ar\/wp-json\/wp\/v2\/posts\/18558\/revisions"}],"wp:featuredmedia":[{"embeddable":true,"href":"https:\/\/tunisnews.net\/ar\/wp-json\/wp\/v2\/media\/22040"}],"wp:attachment":[{"href":"https:\/\/tunisnews.net\/ar\/wp-json\/wp\/v2\/media?parent=18558"}],"wp:term":[{"taxonomy":"category","embeddable":true,"href":"https:\/\/tunisnews.net\/ar\/wp-json\/wp\/v2\/categories?post=18558"},{"taxonomy":"post_tag","embeddable":true,"href":"https:\/\/tunisnews.net\/ar\/wp-json\/wp\/v2\/tags?post=18558"}],"curies":[{"name":"wp","href":"https:\/\/api.w.org\/{rel}","templated":true}]}}