{"id":18546,"date":"2011-08-30T00:00:00","date_gmt":"2011-08-30T00:00:00","guid":{"rendered":"https:\/\/tunisnews.net\/30-aout-2011\/"},"modified":"2011-08-30T00:00:00","modified_gmt":"2011-08-30T00:00:00","slug":"30-aout-2011","status":"publish","type":"post","link":"https:\/\/tunisnews.net\/ar\/30-aout-2011\/","title":{"rendered":"30 ao\u00fbt 2011"},"content":{"rendered":"<p><html><head><meta content=\"text\/html\" description=\"Un \u00e9lecteur sur deux s\u2019est inscrit sur les \t\tlistes \u00e9lectorales au terme d\u2019une importante campagne de communication \t\tqui a permis d\u2019\u00e9viter in extremis la catastrophe : un fort taux \t\td\u2019abstention qui aurait compl\u00e8tement paralys\u00e9 l\u2019op\u00e9ration de vote de \t\tl\u2019Assembl\u00e9e constituante du 23 octobre prochain. Le r\u00e9sultat reste tout \t\tde m\u00eame faible et inqui\u00e9tant; il ne met pas les prochaines \u00e9lections \u00e0 \t\tl\u2019abri des mauvaises surprises. Jusqu\u2019\u00e0 ce jour, bon nombre de Tunisiens \t\tne connaissent pas encore la grande majorit\u00e9 des 105 partis politiques, \t\tni leurs programmes, ni leurs leaders, ils doutent de certaines \t\tpersonnalit\u00e9s politiques, des d\u00e9cisions prises dans les murs des \t\tinstances et des commissions natives de la r\u00e9volution, voire de \t\tl\u2019op\u00e9ration de vote. \u00abNous sommes dans une situation de retrait social \t\tqui signifie en fait une volont\u00e9 de se prot\u00e9ger de quelque chose; ce \t\tph\u00e9nom\u00e8ne de retrait, nous le constatons \u00e9galement au niveau des partis \t\tet des associations qui connaissent de nombreux d\u00e9parts\u00bb, indique M. \t\tAbdelwahab Mahjoub, psychologue universitaire, qui a proc\u00e9d\u00e9, avec des \t\tpartenaires belges, \u00e0 l\u2019\u00e9tude de la psychologie sociale de la population \t\ttunisienne post-r\u00e9volution. Le psychologue pr\u00e9cise encore que \u00abl\u2019\u00e9tat \t\td\u2019inhibition dans lequel se trouve la soci\u00e9t\u00e9 tunisienne r\u00e9sulte d\u2019une \t\tambiance de contradiction entre le discours et le contre discours, entre \t\tl\u2019instruction (de vote, ndlr) et la contre instruction, de double \t\tlangage, de rumeurs, de d\u00e9sinformation, etc. Et ce n\u2019est l\u00e0 qu\u2019une \t\tpartie visible de l\u2019iceberg. M\u00e9fiants, d\u00e9\u00e7us et d\u00e9pass\u00e9s par les \t\t\u00e9v\u00e9nements, ces Tunisiens ont choisi de rester en retrait de tout ce qui \t\tse passe au risque de laisser le cours de l\u2019histoire prendre une voie \t\tqu\u2019ils pourraient regretter\u00bb.\" http-equiv=\"Content-Type\"\/><\/head><body><body><\/p>\n<div>\n<p align=\"center\"><font><strong><font face=\"Calibri\" size=\"2\"><span dir=\"rtl\" lang=\"AR-SA\"><font><\/font><\/span><\/font><\/strong><\/font><\/p>\n<table border=\"1\" cellpadding=\"0\" cellspacing=\"0\" dir=\"rtl\" width=\"100%\">\n<tr dir=\"rtl\">\n<td dir=\"rtl\">\n<p align=\"center\" dir=\"rtl\"><strong><font size=\"4\"><span dir=\"rtl\" lang=\"AR-SA\">\u0641\u064a<\/span><span lang=\"AR-SA\"><\/span><span dir=\"rtl\" lang=\"AR-SA\">\u0643\u0644<\/span><span lang=\"AR-SA\"><\/span><span dir=\"rtl\" lang=\"AR-SA\">\u064a\u0648\u0645<\/span><span dir=\"rtl\" lang=\"AR-SA\">\u060c<\/span><span lang=\"AR-SA\"><\/span><span dir=\"rtl\" lang=\"AR-SA\">\u0646\u0633\u0627\u0647\u0645 \u0628\u062c\u0647\u062f\u0646\u0627 \u0641\u064a<\/span><span lang=\"AR-SA\"><\/span><span dir=\"rtl\" lang=\"AR-SA\">\u062a\u0642\u062f\u064a\u0645<\/span><span lang=\"AR-SA\"><\/span><span dir=\"rtl\" lang=\"AR-SA\">\u0625\u0639\u0644\u0627\u0645 \u0623\u0641\u0636\u0644 \u0648\u0623\u0631\u0642\u0649 \u0639\u0646<\/span><span lang=\"AR-SA\"><\/span><span dir=\"rtl\" lang=\"AR-SA\">\u0628\u0644\u062f\u0646\u0627\u060c<\/span><span lang=\"AR-SA\"><\/span><span dir=\"rtl\" lang=\"AR-SA\">\u062a\u0648\u0646\u0633<\/span><span lang=\"AR-SA\"><\/span><\/font><\/strong><span> <\/span><span><strong><font size=\"4\">Un effort quotidien pour une information de qualit\u00e9 sur notre pays, la Tunisie.<\/font><\/strong><span> <\/span><\/span><span lang=\"EN-US\"><strong><font size=\"4\">Everyday, we contribute to a better information about our country, Tunisia<\/font><\/strong><\/span><\/p>\n<\/td>\n<\/tr>\n<\/table>\n<div align=\"center\" dir=\"ltr\"><font face=\"Bookman Old Style\" size=\"7\"><strong>TUNISNEWS <\/strong><\/font><\/div>\n<div align=\"center\" dir=\"ltr\"><strong><font face=\"Arial\" size=\"2\">11 \u00e8me ann\u00e9e, N\u00b04079 du 30.08.2011<\/font><\/strong><\/div>\n<div align=\"center\" dir=\"ltr\"><font face=\"Arial\" size=\"2\"><strong>archives : <\/strong><\/font><a target=\"_blank\" rel=\"noopener\"><font face=\"Arial\" size=\"2\"><strong>www.tunisnews.net<\/strong><\/font><\/a><span lang=\"FR\"><strong><font face=\"Arial\" size=\"2\"><\/font><\/strong><\/span><\/div>\n<p><font><\/font><font><font><font size=\"2\"><font face=\"Arial\"><\/p>\n<div dir=\"ltr\"><strong><\/p>\n<hr\/>\n<p><\/strong><\/div>\n<p><\/font><\/font><\/font><\/font><\/p>\n<div>\n<h2 style=\"color: red;\"><font face=\"Arial\" size=\"2\"><strong>La Presse: Pour qui voter ? R\u00e9ponses sur info@tunivote.net&#8230;<\/strong><\/font><\/h2>\n<\/div>\n<div><font face=\"Arial\" size=\"2\"><strong>Slate Afrique: \u00abFacebook en Tunisie, c&rsquo;est la contre-r\u00e9volution\u00bb<\/strong><\/font><\/div>\n<div>\n<h2 style=\"color: red;\"><font face=\"Arial\" size=\"2\"><strong>Global Net: Tunisie\/Slim Riahi : qui est ce fortun\u00e9 qui s\u2019investit en politique ?<\/strong><\/font><\/h2>\n<\/div>\n<div><font face=\"Arial\" size=\"2\"><strong>WMC: Tunisie &#8211; Politique &#8211; Notori\u00e9t\u00e9 : L&rsquo;UPL, 3\u00e8me derri\u00e8re Ennahdha et le PDP!!<\/strong><\/font><\/div>\n<div>\n<h2 style=\"color: red;\"><font face=\"Arial\" size=\"2\"><strong>Kapitalis: Tunisie. Le Pdp cherche des alliances, mais avec qui?<\/strong><\/font><\/h2>\n<\/div>\n<div><font face=\"Arial\" size=\"2\"><strong>Leaders: Ghannouchi: \u00abEnnahdha comptera bient\u00f4t 1 million d\u2019adh\u00e9rents\u00bb<\/strong><\/font><\/div>\n<div>\n<h2 style=\"color: red;\"><font face=\"Arial\" size=\"2\"><strong>Gnet: Le CPR sollicite les partis politiques pour un audit sur la dette<\/strong><\/font><\/h2>\n<\/div>\n<div><font face=\"Arial\" size=\"2\"><strong>Business News: Tunisie &#8211; Ali Seriati menace de tout d\u00e9voiler, lors de son proc\u00e8s, sur le 14 janvier<\/strong><\/font> <\/div>\n<div dir=\"ltr\">\n<hr\/>\n<\/div>\n<div align=\"center\" dir=\"ltr\"><font face=\"Arial\" size=\"2\"><\/p>\n<h2 style=\"color: red;\"><font size=\"3\"><strong>Pour qui voter ?<\/strong><\/font><\/h2>\n<p> <\/font><\/div>\n<div align=\"center\" dir=\"ltr\"><font face=\"Arial\"><strong>R\u00e9ponses sur<a href=\"mailto:info@tunivote.net\">info@tunivote.net<\/a>&#8230;<\/strong><\/font><\/div>\n<div align=\"center\" dir=\"ltr\">\n<hr\/>\n<\/div>\n<div dir=\"ltr\">\u00a0<\/div>\n<div dir=\"ltr\"><font face=\"Arial\" size=\"2\">Un \u00e9lecteur sur deux s\u2019est inscrit sur les listes \u00e9lectorales au terme d\u2019une importante campagne de communication qui a permis d\u2019\u00e9viter in extremis la catastrophe : un fort taux d\u2019abstention qui aurait compl\u00e8tement paralys\u00e9 l\u2019op\u00e9ration de vote de l\u2019Assembl\u00e9e constituante du 23 octobre prochain. Le r\u00e9sultat reste tout de m\u00eame faible et inqui\u00e9tant; il ne met pas les prochaines \u00e9lections \u00e0 l\u2019abri des mauvaises surprises. Jusqu\u2019\u00e0 ce jour, bon nombre de Tunisiens ne connaissent pas encore la grande majorit\u00e9 des 105 partis politiques, ni leurs programmes, ni leurs leaders, ils doutent de certaines personnalit\u00e9s politiques, des d\u00e9cisions prises dans les murs des instances et des commissions natives de la r\u00e9volution, voire de l\u2019op\u00e9ration de vote. \u00abNous sommes dans une situation de retrait social qui signifie en fait une volont\u00e9 de se prot\u00e9ger de quelque chose; ce ph\u00e9nom\u00e8ne de retrait, nous le constatons \u00e9galement au niveau des partis et des associations qui connaissent de nombreux d\u00e9parts\u00bb, indique M. Abdelwahab Mahjoub, psychologue universitaire, qui a proc\u00e9d\u00e9, avec des partenaires belges, \u00e0 l\u2019\u00e9tude de la psychologie sociale de la population tunisienne post-r\u00e9volution. Le psychologue pr\u00e9cise encore que \u00abl\u2019\u00e9tat d\u2019inhibition dans lequel se trouve la soci\u00e9t\u00e9 tunisienne r\u00e9sulte d\u2019une ambiance de contradiction entre le discours et le contre discours, entre l\u2019instruction (de vote, ndlr) et la contre instruction, de double langage, de rumeurs, de d\u00e9sinformation, etc. Et ce n\u2019est l\u00e0 qu\u2019une partie visible de l\u2019iceberg. M\u00e9fiants, d\u00e9\u00e7us et d\u00e9pass\u00e9s par les \u00e9v\u00e9nements, ces Tunisiens ont choisi de rester en retrait de tout ce qui se passe au risque de laisser le cours de l\u2019histoire prendre une voie qu\u2019ils pourraient regretter\u00bb.<\/font><\/div>\n<div dir=\"ltr\">\u00a0<\/div>\n<div dir=\"ltr\"><font face=\"Arial\" size=\"2\"><strong>Confrontation des r\u00e9ponses \u00e0 110 questions<\/strong><\/font><\/div>\n<div dir=\"ltr\">\u00a0<\/div>\n<div align=\"justify\" dir=\"ltr\"><font face=\"Arial\" size=\"2\">Au milieu de cette confusion g\u00e9n\u00e9rale, il est heureux de constater que d\u2019autres Tunisiens r\u00e9fl\u00e9chissent \u00e0 des solutions pour contribuer au d\u00e9blocage de la situation et rapprocher les partis politiques de leurs \u00e9lecteurs. Une de ces initiatives a abouti au lancement d\u2019un site web d\u2019aide au vote pour l\u2019\u00e9lecteur tunisien, info@tunivote.net, con\u00e7u et r\u00e9alis\u00e9 par Tunicomp, un r\u00e9seau de comp\u00e9tences tunisiennes ind\u00e9pendantes r\u00e9sidentes en Allemagne, avec la participation de l\u2019Association Nou-R et d\u2019experts dans diff\u00e9rents domaines. Pr\u00e9sent\u00e9 aux m\u00e9dias, samedi dernier, cette interface, qui veut jouer le r\u00f4le de trait d\u2019union entre les partis et les \u00e9lecteurs, a l\u2019ambition d\u2019am\u00e9liorer la lisibilit\u00e9 du paysage politique et de donner ainsi au Tunisien qui a acc\u00e8s \u00e0 Internet l\u2019information n\u00e9cessaire en vue de faire le meilleur choix possible lors des \u00e9lections. Le proc\u00e9d\u00e9 se base sur le principe de questions\/r\u00e9ponses, 110 en tout, relatives aux domaines politique, \u00e9conomique, social et culturel. Chaque r\u00e9ponse de l\u2019\u00e9lecteur \u00e9tant confront\u00e9e \u00e0 celles fournies par les partis. Ce proc\u00e9d\u00e9 peut ainsi identifier le ou les partis \u2014 les noms sont affich\u00e9s \u2014 qui ont donn\u00e9 la m\u00eame r\u00e9ponse, ou la plus proche. Selon ses concepteurs, le guide est utile autant pour les \u00e9lecteurs que pour les partis, surtout ceux qui n\u2019ont pas les moyens de financer de grandes campagnes de communication. Toutefois, comme l\u2019expliquent tour \u00e0 tour MM. Nacer Chaabane de Tunicomp, et Ka\u00efs Khanfir de l\u2019Association Nou-R, ce projet ne peut r\u00e9ussir que si les partis politiques y adh\u00e8rent et se pr\u00eatent aux r\u00e8gles techniques de cette sorte de quizz. Or, jusqu\u2019\u00e0 samedi dernier, 15 jours apr\u00e8s le lancement de l\u2019op\u00e9ration avec l\u2019envoi des e-mails \u00e0 tous les partis politiques, 10 d\u2019entre eux seulement ont jou\u00e9 le jeu et r\u00e9pondu aux questions, 38 ont accept\u00e9 d\u2019adh\u00e9rer et ont demand\u00e9, comme le veut la r\u00e8gle, un mot de passe pour acc\u00e9der au quizz et 57 autres ont seulement exprim\u00e9 leur intention de participer. On est tr\u00e8s loin du compte des 105 partis politiques. L\u2019exp\u00e9rience m\u00e9rite bien pourtant d\u2019\u00eatre essay\u00e9e, m\u00eame si le nombre des questions risque de d\u00e9courager certains, car l\u2019\u00e9lection de l\u2019Assembl\u00e9e constituante est un challenge qui vaut bien quelques sacrifices.<\/font><\/div>\n<div align=\"justify\" dir=\"ltr\"><font face=\"Arial\" size=\"2\"><strong>Auteur : Amel ZaIbi<\/strong><\/font><\/div>\n<div align=\"justify\" dir=\"ltr\">\u00a0<\/div>\n<div align=\"justify\" dir=\"ltr\"><font face=\"Arial\" size=\"2\"><strong>(Source: \u201cLa Presse\u201d (Quotidien \u2013 Tunisie) le 29 aout 2011)<\/strong><\/font><\/div>\n<div align=\"justify\" dir=\"ltr\"><font face=\"Arial\" size=\"2\"><strong>Lien: http:\/\/www.lapresse.tn\/29082011\/35795\/reponses-sur-infotunivote.net.html<\/strong><\/font><\/div>\n<p><strong><\/p>\n<div dir=\"ltr\">\n<hr\/>\n<\/div>\n<div align=\"center\" dir=\"ltr\"><span lang=\"FR\"><\/p>\n<h2 style=\"color: red;\"><font face=\"Arial\"><strong>\u00abFacebook en Tunisie, c&rsquo;est la contre-r\u00e9volution\u00bb<\/strong><\/font><\/h2>\n<p><\/span><\/div>\n<div dir=\"ltr\">\n<hr\/>\n<\/div>\n<p align=\"justify\" dir=\"ltr\"><span lang=\"FR\"><font face=\"Arial\">Erig\u00e9 comme une des armes de la r\u00e9volution tunisienne pour contrer la censure et la r\u00e9pression polici\u00e8re, Facebook n\u2019a plus la m\u00eame aura sept mois apr\u00e8s les \u00e9v\u00e9nements.<\/font><\/span><\/p>\n<p align=\"justify\" dir=\"ltr\"><span lang=\"FR\"><font face=\"Arial\">\u00abBen Ali est mort\u00bb cette fausse affirmation a eu le temps de faire le tour des r\u00e9seaux sociaux dans le week-end du 19 au 20 f\u00e9vrier 2011 avant que l\u2019information ne soit d\u00e9mentie. Suscitant les r\u00e9actions les plus diverses, le doute persistait car les m\u00e9dias traditionnels tardaient \u00e0 relayer la nouvelle. Et pourtant beaucoup y ont cru pendant quelques heures, tout comme les Tunisiens qui regardent les vid\u00e9os non dat\u00e9es chaque jour sur la toile et s\u2019informent de l\u2019actualit\u00e9 sur leur mur.<\/font><\/span><\/p>\n<p align=\"justify\" dir=\"ltr\"><span lang=\"FR\"><font face=\"Arial\">Aujourd\u2019hui, l\u2019usage quotidien du r\u00e9seau social ne fait plus penser \u00e0 une \u00abR\u00e9volution Facebook\u00bb mais plut\u00f4t \u00e0 un pot-pourri de la r\u00e9volution o\u00f9 chacun poste ce qui lui pla\u00eet. Une fois la vague r\u00e9volutionnaire tomb\u00e9e, qu&rsquo;en reste-t-il?<\/font><\/span><\/p>\n<p align=\"justify\" dir=\"ltr\"><span lang=\"FR\"><font face=\"Arial\">Apr\u00e8s l&rsquo;immolation de Mohamed Bouazizi le 17 d\u00e9cembre 2011, Facebook a permis une prise de conscience qui s\u2019est propag\u00e9e m\u00eame aux plus r\u00e9ticents. Chacun a chang\u00e9 progressivement sa photo de profil en mettant un drapeau tunisien, soutien symbolique \u00e0 la r\u00e9volte, puis chacun a partag\u00e9 des vid\u00e9os et s&rsquo;est indign\u00e9 sur son statut contre Ben Ali. Un ph\u00e9nom\u00e8ne de \u00abcontagion\u00bb, m\u00eame pour ceux qui craignent les repr\u00e9sailles, encourage \u00e0 aller manifester et cr\u00e9e un lien de solidarit\u00e9 face \u00e0 l\u2019\u00e9v\u00e8nement.<\/font><\/span><\/p>\n<p align=\"justify\" dir=\"ltr\"><span lang=\"FR\"><font face=\"Arial\">L\u2019autonomisation du Tunisien est ainsi pass\u00e9e par cette capacit\u00e9 \u00e0 se mobiliser sur le r\u00e9seau social sans avoir peur des retours de la censure. Mais la plupart des blogueurs s\u2019accorde aujourd\u2019hui sur un point, l&rsquo;incarnation de cet \u00e9lan virtuel dans le r\u00e9el de la rue:<\/font><\/span><\/p>\n<p align=\"justify\" dir=\"ltr\"><span lang=\"FR\"><font face=\"Arial\">\u00abM\u00eame s&rsquo;il ne faut pas sous-estimer les r\u00e9seaux sociaux, ce sont tous ceux qui sont sortis affronter le r\u00e9gime qui ont fait la r\u00e9volution, point barre! Ceux qui \u00e9taient \u00e0 Sidi Bouzid, Kasserine, Gafsa, et partout ailleurs en Tunisie\u00bb, insiste Sarra Grira, une journaliste tunisienne sur France 24.<\/font><\/span><\/p>\n<p align=\"justify\" dir=\"ltr\"><span lang=\"FR\"><font face=\"Arial\">Si le r\u00f4le positif des r\u00e9seaux sociaux dans la r\u00e9volution tunisienne semble donc av\u00e9r\u00e9 dans leur capacit\u00e9 de mobilisation et leur r\u00f4le de \u00abfacilitateur d\u2019informations\u00bb, sept mois apr\u00e8s, les avis sont plus partag\u00e9s.<\/font><\/span><\/p>\n<p align=\"justify\" dir=\"ltr\"><span lang=\"FR\"><font face=\"Arial\">Les d\u00e9\u00e7us de Facebook<\/font><\/span><\/p>\n<p align=\"justify\" dir=\"ltr\"><span lang=\"FR\"><font face=\"Arial\">D\u00e8s les premiers jours qui ont suivi la chute de Ben Ali, les limites de l\u2019information via Facebook et Twitter se sont fait sentir. La panique du chaos et des couvre-feux ne s\u2019est pas apais\u00e9e sur la toile qui a encha\u00een\u00e9 alertes, num\u00e9ros de t\u00e9l\u00e9phone \u00e0 appeler en cas d\u2019urgence ou fausses rumeurs sur d\u2019\u00e9ventuels pillages. Les vid\u00e9os arrivent par centaines, les informations non v\u00e9rifi\u00e9es, l\u2019intox ou les annonces d\u2019enl\u00e8vements qui se multiplient pendant la semaine suivant le 14 janvier. Le rapport \u00e0 Facebook est pourtant primordial pour suivre l\u2019\u00e9volution de la situation, surtout pour les Tunisiens \u00e0 l\u2019\u00e9tranger. Selon Henda Hendoud, blogueuse et journaliste freelance, c\u2019est \u00e0 ce moment que le lien de solidarit\u00e9 qui avait \u00e9merg\u00e9 avant la chute de Ben Ali, change:<\/font><\/span><\/p>\n<p align=\"justify\" dir=\"ltr\"><span lang=\"FR\"><font face=\"Arial\">\u00abApr\u00e8s le 14 janvier, on a subi sur Facebook des cyberattaques constantes qui ont dur\u00e9 des mois: des intox, des chasses aux sorci\u00e8res, de la propagande, des restes de censure et des faux profils &#8230; aujourd&rsquo;hui Facebook est toujours important mais il ne touche qu&rsquo;une petite partie de la population tunisienne. Il y a un d\u00e9go\u00fbt et une attaque m\u00e9diatique farouches contre Facebook puisque cet outil a prouv\u00e9 sa force et ses risques &#8230; Les exemples sont nombreux; comme les campagnes de lynchages contre des personnalit\u00e9s ou m\u00eame l&rsquo;exemple le plus fort le profil de Bouazizi dont l\u2019histoire a \u00e9t\u00e9 compl\u00e8tement r\u00e9\u00e9crite sur Facebook: il est pass\u00e9 d\u2019un \u00e9tudiant au ch\u00f4mage \u00e9rig\u00e9 en martyr \u00e0 un alcoolique qui n\u2019aurait pas d\u00fb provoquer les policiers.\u00bb <\/font><\/span><\/p>\n<p align=\"justify\" dir=\"ltr\"><span lang=\"FR\"><font face=\"Arial\">Aujourd\u2019hui, la mode consiste \u00e0 cr\u00e9er des pages \u00abanti\u00bb, \u00abanti-minist\u00e8re de l\u2019Int\u00e9rieur\u00bb par exemple, ou des pages \u00abD\u00e9gage\u00bb \u00e0 l\u2019encontre de certaines personnalit\u00e9s. Suite au scandale de l\u2019ambassadeur fran\u00e7ais Boris Boillon \u00e0 l\u2019encontre d\u2019une journaliste de Mosa\u00efque FM, une page \u00abD\u00e9gage Boris Boillon\u00bb a \u00e9t\u00e9 cr\u00e9\u00e9e et compte plus de 16.000 \u00ablikes\u00bb aujourd\u2019hui. Les insultes du site Takriz sur Twitter, le d\u00e9foulement dans les commentaires des internautes semblent \u00eatre la nouvelle donne contre le commentaire constructif. Face \u00e0 cette pluralit\u00e9 d\u2019informations et de \u00abcontre-informations\u00bb qui circulent, certains internautes ne parviennent plus \u00e0 faire le tri. Plus qu\u2019une lassitude face \u00e0 ce \u00abbruit\u00bb permanent, c\u2019est la relation au r\u00e9seau social qui change jusqu\u2019\u00e0 cr\u00e9er un rejet radical. C\u2019est le cas de Raoudha Kemmoun, internaute tunisienne, habitu\u00e9e \u00e0 d\u00e9battre ou discuter sur son profil, qui a ferm\u00e9 son compte le 30 juin 2011:<\/font><\/span><\/p>\n<p align=\"justify\" dir=\"ltr\"><span lang=\"FR\"><font face=\"Arial\">\u00abJe ne pouvais plus continuer de lire les commentaires et les statuts des uns et des autres pourtant j&rsquo;avais supprim\u00e9 ceux qui ne m&rsquo;int\u00e9ressaient pas mais m\u00eame avec une s\u00e9lection je lisais des commentaires et des points de vue d&rsquo;un autre si\u00e8cle et je commen\u00e7ais \u00e0 \u00eatre tr\u00e8s pessimiste. Bref, mon moral ne pouvait pas tenir le coup car non seulement je perdais des heures dessus mais je quittais mon profil tous les soirs avec les nerfs \u00e0 bout\u00bb.<\/font><\/span><\/p>\n<p align=\"justify\" dir=\"ltr\"><span lang=\"FR\"><font face=\"Arial\">Ce ph\u00e9nom\u00e8ne est aussi la cons\u00e9quence des langues qui se d\u00e9lient apr\u00e8s avoir \u00e9t\u00e9 trop longtemps musel\u00e9es. La conversation esp\u00e9r\u00e9e ou le d\u00e9bat d\u00e9mocratique sont ainsi vou\u00e9es \u00e0 l\u2019\u00e9chec et tournent \u00e0 l\u2019\u00e9change d\u2019insultes.<\/font><\/span><\/p>\n<p align=\"justify\" dir=\"ltr\"><span lang=\"FR\"><font face=\"Arial\">\u00abComme nous n&rsquo;avons jamais appris \u00e0 dialoguer, il est impossible de mener une discussion et un d\u00e9bat calmement car cela tourne au vinaigre tr\u00e8s vite.\u00bb rajoute Raoudha.<\/font><\/span><\/p>\n<p align=\"justify\" dir=\"ltr\"><span lang=\"FR\"><font face=\"Arial\">La \u00absecte du net\u00bb<\/font><\/span><\/p>\n<p align=\"justify\" dir=\"ltr\"><span lang=\"FR\"><font face=\"Arial\">Pour la blogueuse Emna Ben Jemaa, ce sont les administrateurs de certaines pages Facebook n\u00e9es apr\u00e8s la r\u00e9volution qui entretiennent la surench\u00e8re. Ces pages comme koora tunisie une fanpage consacr\u00e9e au foot avant la r\u00e9volution (koora pour \u00abballon\u00bb) et qui s\u2019est reconvertie apr\u00e8s le 14 janvier ou hakaek khafeya (les v\u00e9rit\u00e9s cach\u00e9es) n\u2019ont pas de ligne \u00e9ditoriale pr\u00e9cise m\u00e9langeant l\u2019information, l\u2019aspect participatif et le journalisme citoyen et les vid\u00e9os amateurs.<\/font><\/span><\/p>\n<p align=\"justify\" dir=\"ltr\"><span lang=\"FR\"><font face=\"Arial\">\u00abOn assiste \u00e0 l\u2019\u00e9closion de ces activistes anonymes qui n\u2019appartiennent pas forc\u00e9ment \u00e0 la blogosph\u00e8re, et qui ne sont plus dans la coop\u00e9ration ou le commentaire constructif, mais dans la revendication. Ils ne se donnent jamais la peine de v\u00e9rifier les informations qu\u2019ils mettent. C\u2019est un peu la secte du net et quand on voit qu\u2019ils ont plus de 100.000 fans, c\u2019est effrayant.\u00bb<\/font><\/span><\/p>\n<p align=\"justify\" dir=\"ltr\"><span lang=\"FR\"><font face=\"Arial\">L\u2019exemple le plus r\u00e9cent de ce m\u00e9lange d\u2019information et d\u2019intox remonte aux manifestations du lundi 15 ao\u00fbt avec deux vid\u00e9os contradictoiressur un fait-divers qui vient s\u2019opposer \u00e0 la version officielle des m\u00e9dias. Un homme mort en centre-ville s&rsquo;est suicid\u00e9 selon les autorit\u00e9s et un autre avec les m\u00eames v\u00eatements est pass\u00e9 \u00e0 tabac. Qui croire ?<\/font><\/span><\/p>\n<p align=\"justify\" dir=\"ltr\"><span lang=\"FR\"><font face=\"Arial\">L\u2019usage du r\u00e9seau d\u00e9rive ainsi \u00e0 une \u00abmanipulation de la communaut\u00e9 virtuelle\u00bb comme le montre la blogueuse Sarah Ben Hamadi dans un article publi\u00e9 sur nawaat.org. Et pourtant le r\u00e9seau social a toujours autant de connect\u00e9s en Tunisie si ce n\u2019est plus qu&rsquo;apr\u00e8s le 14 janvier. De 1.7 millions d\u2019utilisateurs il est pass\u00e9 \u00e0 2.6 millions. Le manque de confiance persiste dans les m\u00e9dias traditionnels qui ont encore l\u2019\u00e9tiquette \u00abm\u00e9dias de Ben Ali\u00bb. Le repli vers Facebook est un r\u00e9flexe pour beaucoup de tunisiens qui ont m\u00eame cr\u00e9\u00e9 des pages afin de d\u00e9noncer les \u00abmensonges\u00bb m\u00e9diatiques. Pour le journaliste web de Tunisie Haut d\u00e9bit, Welid Naffati, c\u2019est ce malentendu sur l\u2019usage de Facebook qui favorise ses d\u00e9rives. <\/font><\/span><\/p>\n<p align=\"justify\" dir=\"ltr\"><span lang=\"FR\"><font face=\"Arial\">\u00abLes Tunisiens \u00e9taient pr\u00e9dispos\u00e9s bien avant la r\u00e9volution \u00e0 croire et prendre au s\u00e9rieux le bouche \u00e0 oreille sur Facebook. Pire encore: \u00e0 l&rsquo;\u00e9poque, les Tunisiens mettaient syst\u00e9matiquement en doute toute information \u00ab\u00a0tranquillisante\u00a0\u00bb. Du coup, les gens donnent du cr\u00e9dit \u00e0 une intox alarmante et jamais \u00e0 une \u00ab\u00a0bonne\u00a0\u00bb info officielle.\u00bb<\/font><\/span><\/p>\n<p align=\"justify\" dir=\"ltr\"><span lang=\"FR\"><font face=\"Arial\">Mais, il insiste aussi sur le paradoxe de l&rsquo;internaute tunisien habitu\u00e9 au r\u00e9seau m\u00eame avant la r\u00e9volution.<\/font><\/span><\/p>\n<p align=\"justify\" dir=\"ltr\">\u00a0<\/p>\n<p align=\"justify\" dir=\"ltr\"><span lang=\"FR\"><font face=\"Arial\">\u00abEn fait, c&rsquo;est dans la nature du Tunisien, il doute beaucoup. M\u00eame s&rsquo;il remet en cause Facebook, il va aussi continuer d&rsquo;y aller par curiosit\u00e9, par habitude, et parce que tout le monde aime la pol\u00e9mique\u00bb.<\/font><\/span><\/p>\n<p align=\"justify\" dir=\"ltr\"><span lang=\"FR\"><font face=\"Arial\">Facebook et la propagande politique <\/font><\/span><\/p>\n<p align=\"justify\" dir=\"ltr\"><span lang=\"FR\"><font face=\"Arial\">Facebookratie, le titre d\u2019un r\u00e9cent article \u00e9crit par par le blogueur Maher Tekakya est r\u00e9v\u00e9lateur. L\u2019usage du r\u00e9seau par les partis politiques est bien bas\u00e9 sur la double place de m\u00e9dia et de r\u00e9seau social qu\u2019occupe Facebook dans le paysage m\u00e9diatique tunisien. Outre les fausses informations qui circulent, Facebook est aussi une plateforme de choix pour la communication et la propagande politique. Selon le blogueur S\u00e9lim, alias Carpe Diem, c\u2019est bien un double jeu qui se joue sur Facebook:<\/font><\/span><\/p>\n<p align=\"justify\" dir=\"ltr\"><span lang=\"FR\"><font face=\"Arial\">\u00abIl s\u2019av\u00e8re aujourd\u2019hui que, si ce ne sont pas des partis politiques qui t\u00e9l\u00e9guident ces pages pour tenter de manipuler l\u2019opinion, ce sont souvent d\u2019anciens caciques du r\u00e9gime Ben Ali ou des amateurs qui contribuent \u00e0 brouiller les messages et les informations sur la situation du pays. De fausses informations se propagent tous les jours sur des pr\u00e9sum\u00e9es attaques de salafistes ou l\u2019appartenance de X ou Y \u00e0 la franc-ma\u00e7onnerie!! Bref, toute cette cacophonie ne contribue gu\u00e8re \u00e0 faire \u00e9lever le d\u00e9bat\u00bb.<\/font><\/span><\/p>\n<p align=\"justify\" dir=\"ltr\"><span lang=\"FR\"><font face=\"Arial\">Quant aux partis politiques, leur fanpage sur Facebook n\u2019est pas en reste. C\u2019est le parti islamiste Ennahdha qui m\u00e8ne avec actuellement 63.788 like sur sa page officielle sans compter les pages annexes comme celle du leader Rached Ghannouchi (147 694 like). Le parti est suivi de loin par le PDP (Parti d\u00e9mocrate progressiste) par le parti du Congr\u00e8s pour la r\u00e9publique (CPR) (39 336 likes) et Moncef Marzouki (27 953 likes) le parti Ettakatol (24 580 likes) et son leader Mustapha Ben J\u00e2afar (19 274 likes). Pour Welid Naffati cette augmentation des adh\u00e9sions sur Facebook montre le risque de propagande men\u00e9e via les r\u00e9seaux sociaux:<\/font><\/span><\/p>\n<p align=\"justify\" dir=\"ltr\"><span lang=\"FR\"><font face=\"Arial\">\u00abTwitter et Facebook n&rsquo;ont servi que de support de contre-propagande durant les derniers jours de Ben Ali. Pas plus. Aujourd&rsquo;hui, c&rsquo;est devenu le m\u00e9dia de propagande par excellence. Facebook et Twitter c&rsquo;est la contre-r\u00e9volution!\u00bb.<\/font><\/span><\/p>\n<p align=\"justify\" dir=\"ltr\"><span lang=\"FR\"><font face=\"Arial\">Responsabiliser l&rsquo;usage de Facebook <\/font><\/span><\/p>\n<p align=\"justify\" dir=\"ltr\"><span lang=\"FR\"><font face=\"Arial\">Comment faire pour trier le vrai du faux apr\u00e8s la r\u00e9volution? Les blogueurs tunisiens mettent en avant la n\u00e9cessit\u00e9 de responsabiliser le citoyen qui se doit de recouper les informations qu\u2019il re\u00e7oit avec celles donn\u00e9es par les m\u00e9dias, tr\u00e8s pr\u00e9sents aussi sur le r\u00e9seau social. Faire relativement confiance aux m\u00e9dias et tenter de diversifier ses sources d\u2019informations serait aussi une solution pour contrer l\u2019intox. On peut voir d\u00e9j\u00e0 un ph\u00e9nom\u00e8ne de prise en charge citoyenne du probl\u00e8me avec des pages facebook qui tentent de recenser les rumeurs. Autre m\u00e9thode plus radicale: quitter d\u00e9finitivement le r\u00e9seau comme Raoudha Kamoun ou mod\u00e9rer son utilisation afin d\u2019\u00e9viter l\u2019addiction \u00e0 ce flot d\u2019informations permanent.<\/font><\/span><\/p>\n<p align=\"justify\" dir=\"ltr\"><span lang=\"FR\"><font face=\"Arial\">Cette attitude permet aussi de relativiser l\u2019importance donn\u00e9e au r\u00e9seau lors de la r\u00e9volution. Le chercheur Yves Gonzalez Quijano, sp\u00e9cialiste de la culture et de la politique arabes rappelle qu\u2019il s\u2019agit avant tout d\u2019un \u00abinstrument\u00bb, destin\u00e9 \u00e0 \u00e9voluer.<\/font><\/span><\/p>\n<p align=\"justify\" dir=\"ltr\"><span lang=\"FR\"><font face=\"Arial\">\u00abIl y a aujourd&rsquo;hui probablement une tendance apr\u00e8s tout assez naturelle \u00e0 \u00ab\u00a0gonfler\u00a0\u00bb l&rsquo;importance des m\u00e9dias sociaux. Apr\u00e8s les avoir ignor\u00e9s, c&rsquo;est comme si aujourd&rsquo;hui on se rattrapait en les cr\u00e9ditant de toutes les vertus. Mais il faut sans doute insister encore et encore sur le fait que ces m\u00e9dias sociaux ne sont que des instruments. Ce n&rsquo;est rien d&rsquo;autre apr\u00e8s tout qu&rsquo;une technique, qui vient se greffer sur un ensemble de donn\u00e9es, lesquelles se traduisent dans une formule politique. Il y a une temporalit\u00e9 dans toutes ses nouvelles technologies dont nous voyons l&rsquo;\u00e9closion. Les blogs ont jou\u00e9 un r\u00f4le \u00e0 un moment, les r\u00e9seaux sociaux sont sur le devant de la sc\u00e8ne aujourd&rsquo;hui, d&rsquo;autres techniques surgiront demain. En revanche, ce qui est commun \u00e0 tout cela, le pouvoir que ces nouvelles techniques ont de transformer les donn\u00e9es sociales et politiques d&rsquo;une soci\u00e9t\u00e9 donn\u00e9e, tout cela ne changera pas.\u00bb<\/font><\/span><\/p>\n<p align=\"justify\" dir=\"ltr\"><span lang=\"FR\"><font face=\"Arial\">Source : \u00ab Slate Afrique \u00bb Le 29-08-2011<\/font><\/span><\/p>\n<p align=\"justify\" dir=\"ltr\"><span lang=\"FR\"><font face=\"Arial\">Lien : <\/font><a href=\"http:\/\/www.slateafrique.com\/28259\/facebook-en-tunisie-la-contre-revolution\" target=\"_blank\" rel=\"noopener\"><font face=\"Arial\">http:\/\/www.slateafrique.com\/28259\/facebook-en-tunisie-la-contre-revolution<\/font><\/a><\/span><\/p>\n<div dir=\"ltr\"><strong><\/p>\n<hr\/>\n<p><\/strong><\/div>\n<div align=\"center\" dir=\"ltr\"><span lang=\"FR\"><\/p>\n<h2 style=\"color: red;\"><font face=\"Arial\"><strong>Tunisie\/Slim Riahi : qui est ce fortun\u00e9 qui s\u2019investit en politique ?<\/strong><\/font><\/h2>\n<p><\/span><\/div>\n<div dir=\"ltr\">\n<hr\/>\n<\/div>\n<p align=\"justify\" dir=\"ltr\"><strong><span lang=\"FR\"><font face=\"Arial\">La presse au grand complet attendait Slim Riahi, lors de la premi\u00e8re conf\u00e9rence de presse de l\u2019UPL, tenue aujourd\u2019hui au si\u00e8ge du parti, aux berges du Lac, mais le pr\u00e9sident de l\u2019Union patriotique libre ne s\u2019est pas pr\u00e9sent\u00e9 \u00ab\u00a0pour des engagements professionnels et li\u00e9s au parti en dehors de Tunis\u00a0\u00bb, explique Mohsen Hassan, membre du bureau ex\u00e9cutif de l\u2019UPL.<\/font><\/span><\/strong><font><span lang=\"FR\"> <\/span><span lang=\"EN-US\"><font face=\"Arial\">Il y a \u00e0 peine quelques semaines, personne ne connaissait Slim Riahi. Et voil\u00e0 que son parti, l\u2019UPL, investit en force le champ public et m\u00e9diatique par une vaste campagne de marketing, dont l\u2019ampleur laisse perplexe quant au personnage et aux fonds ayant servi \u00e0 la financer. \u00ab\u00a0Nous avons le droit de nous faire conna\u00eetre aupr\u00e8s de l\u2019opinion publique, dans ce foisonnement de partis, c\u2019est du marketing politique\u00a0\u00bb, r\u00e9pond Mohsen Hassan \u00e0 ceux qui reprochent \u00e0 l\u2019UPL de d\u00e9marrer sa campagne avant l\u2019heure. \u00ab\u00a0Lorsque la campagne \u00e9lectorale d\u00e9marrera, nous n\u2019y soumettrons et nous respecterons les lois en vigueur\u00a0\u00bb, ajoute-t-il. L\u2019UPL a des moyens qui proviennent de son pr\u00e9sident, reconnait-il, \u00ab\u00a0renvoyant les accusations \u00e0 ceux qui les prof\u00e8rent\u00a0\u00bb, et affichant les dispositions du parti \u00e0 toutes les formes de contr\u00f4le. Et le co\u00fbt de cette campagne : \u00ab\u00a0il sera rendu public lorsqu\u2019elle aura touch\u00e9 \u00e0 son terme\u00a0\u00bb, dit-il, faisant savoir qu&rsquo;elle a \u00e9t\u00e9 r\u00e9alis\u00e9e par une agence tunisienne, dont il a refus\u00e9 de donner le nom.   <strong><span>L&rsquo;UPL, 3\u00e8me en terme de notori\u00e9t\u00e9 apr\u00e8s Ennahdha et le PDP<\/span><\/strong> Le grand absent de cette rencontre avec les m\u00e9dias, dont le nom revenait avec r\u00e9currence, est donc Slim Riahi. Il n\u2019est autre qu\u2019un Tunisien de 39 ans, originaire d\u2019Enfidha, fils d\u2019un juge et d&rsquo;un militant politique, ayant \u00ab\u00a0fui la Tunisie et la r\u00e9pression du r\u00e9gime de Bourguiba dans les ann\u00e9es 80 pour s\u2019exiler en Libye\u00a0\u00bb. Slim Riahi a quitt\u00e9 la Tunisie \u00e0 l\u2019\u00e2ge de dix ans en direction de la Libye o\u00f9 il a poursuivi ses \u00e9tudes et y a plus tard fait fortune dans le domaine p\u00e9trolier. <\/font><\/span><span lang=\"NO-BOK\"><font face=\"Arial\">Le pr\u00e9sident de l\u2019UPL, fondateur du groupe industriel, Capital Gate, r\u00e9alise 70 % de son chiffre d\u2019affaires en Europe et dans le Golf et 30 % en Libye, souligne une note distribu\u00e9e aux m\u00e9dias.   Quelque mois apr\u00e8s le 14 Janvier, le jeune expatri\u00e9 retourne au bercail et d\u00e9cide de s\u2019investir en politique, en fondant l\u2019UPL, ayant obtenu son visa l\u00e9gal le 19 juin dernier, et qui en l\u2019espace de deux mois devient le troisi\u00e8me en termes de notori\u00e9t\u00e9 apr\u00e8s Ennahdha et le PDP, \u00e0 en croire Mohsen Hassan, citant une \u00e9tude r\u00e9alis\u00e9e par une agence mondiale de communication. <\/font><\/span><font face=\"Arial\"><span lang=\"EN-US\">C\u2019est ce quoi susciter des interrogations sur le personnage, ses origines, sa fortune, ses plans, a fortiori que des rumeurs persistantes circulent sur ses liens pr\u00e9sum\u00e9s avec la famille Kadhafi.   Les bruits enflent d\u2019autant plus \u00e0 son sujet, qu\u2019outre sa perc\u00e9e rapide sur la sc\u00e8ne politique, l\u2019homme fait des affaires, ach\u00e8te 5% de carthage Cements et s\u2019appr\u00eate \u00e0 acheter 20 % de Dar Assabah. <\/span><span lang=\"NO-BOK\">Est-ce un Berlusconi tunisien en devenir ? S\u2019interroge un journaliste. <\/span><span lang=\"EN-US\">Des questions auxquelles Mohsen Hassan n\u2019a pas voulu r\u00e9pondre : \u00ab\u00a0ce sont ces affaires, c\u2019est \u00e0 lui de d\u00e9cider d\u2019investir dans les secteurs qu\u2019il juge efficients\u00a0\u00bb. <\/span><\/font><span lang=\"NO-BOK\"><font face=\"Arial\">O\u00f9 est le mal si Slim Riahi investit en Tunisie, se demande-t-il, en faisant savoir, que ce dernier a transf\u00e9r\u00e9 son argent en Tunisie sous le contr\u00f4le de l\u2019appareil bancaire et financier tunisien, et a envie d\u2019investir en Tunisie d\u2019une mani\u00e8re transparente.   Quid de ses relations pr\u00e9sum\u00e9es \u00e9troites avec la famille Kadhafi ? \u00ab\u00a0Ses rapports avec le r\u00e9gime libyen ne d\u00e9passaient pas le cadre de son r\u00f4le d\u2019investisseur, qui \u00e9tait partenaire des soci\u00e9t\u00e9s p\u00e9troli\u00e8res \u00e9trang\u00e8res en Libye\u00a0\u00bb, r\u00e9pond-il laconique.   Mohsen Hassan a pr\u00e9sent\u00e9 en pr\u00e9ambule l\u2019UPL comme \u00e9tant \u00ab\u00a0un parti centriste, r\u00e9fusant les id\u00e9ologies et pr\u00f4nant la rupture totale avec le pass\u00e9 pour construire la Tunisie nouvelle\u00a0\u00bb. L\u2019UPL suit une d\u00e9marche r\u00e9aliste et rationnelle, en vue d\u2019aboutir \u00e0 un mod\u00e8le de d\u00e9veloppement purement tunisien, valable pour la Tunisie, mais pouvant aussi \u00eatre export\u00e9, indique-t-il.   L\u2019Union patriotique libre pr\u00f4ne la pr\u00e9servation de l\u2019identit\u00e9 arabo-musulmane de la Tunisie, tout en \u00e9tant attach\u00e9e \u00e0 la modernit\u00e9. Elle tient au respect des libert\u00e9s individuelles et collectives, et veut construire un Etat de droit et des institutions garantissant \u00e0 tous les Tunisiens leurs droits politiques et socio-\u00e9conomiques.  \u00ab\u00a0Le programme politique, \u00e9conomique et social de l\u2019UPL est pr\u00eat et sera d\u00e9voil\u00e9 bient\u00f4t lors d\u2019une conf\u00e9rence de presse\u00a0\u00bb, ainsi que les listes \u00e9lectorales, annonce-t-il, estimant que l\u2019UPL se pr\u00e9sentera dans toutes les circonscriptions \u00e9lectorales, avec de nouvelles figures\u00a0\u00bb.   Le mod\u00e8le de d\u00e9veloppement pr\u00f4n\u00e9 par l\u2019UPL est celui qui garantit le bien-\u00eatre aux Tunisiens, et se d\u00e9cline sous le nom plan d\u2019investissement \u00ab\u00a0Karama\u00a0\u00bb, (NDLR : dignit\u00e9) souligne-t-il. Il repose sur l\u2019\u00e9conomie de march\u00e9, fond\u00e9e sur la justice sociale, en garantissant le droit \u00e0 l&#8217;emploi et \u00e0 un d\u00e9veloppement r\u00e9gional \u00e9quitable. L\u2019Etat jouera son r\u00f4le de grand investisseur, et m\u00e8nera des projets dans les domaines de l\u2019infrastructure, l\u2019\u00e9ducation et l\u2019enseignement, le logement social, etc. L\u2019UPL pr\u00e9voit la cr\u00e9ation de fonds souverains g\u00e9r\u00e9s en commun par les secteurs public et priv\u00e9, et la promotion de banques et d\u2019institutions financi\u00e8res citoyennes. Entretemps, le parti d\u00e9cr\u00e8te l\u2019\u00e9tat d\u2019urgence \u00e9conomique.  Sur le plan politique, l\u2019UPL pr\u00f4ne un r\u00e9gime r\u00e9publicain avec s\u00e9paration entre les pouvoirs ; un r\u00e9gime pr\u00e9sidentiel amend\u00e9, limit\u00e9 \u00e0 deux mandats pour le pr\u00e9sident. Il pr\u00e9voit la s\u00e9paration entre les \u00e9lections pr\u00e9sidentielles et l\u00e9gislatives, la cr\u00e9ation d\u2019un tribunal constitutionnel, et appelle \u00e0 une charte d\u2019\u00e9thique r\u00e9gissant les rapports entre les partis.  S\u2019agissant de la position de l\u2019UPL envers Ennahdha, Mohsen Hassan indique que l\u2019Union respecte le militantisme et les symboles d\u2019Ennahdha qui ont beaucoup souffert sous Bourguiba et sous Ben Ali. \u00ab\u00a0Nous respectons Rached Ghannouchi et tous les symboles d\u2019Ennahdha, Slim Riahi n\u2019a pas voulu dire que Rached Ghannouchi \u00e9tait dictateur\u00a0\u00bb (en allusion aux propos tenus la veille sur Nesma par le num\u00e9ro un du parti), \u00ab\u00a0mais le style utilis\u00e9 par Rached Ghannouchi nous rappelle la dictature de Ben Ali, comme le fait qu\u2019il dise qu\u2019Ennahdha a un million d\u2019adh\u00e9rents, ou qu\u2019il annonce la victoire de son parti aux \u00e9lections avant m\u00eame la tenue du scrutin. Ces propos ne respectent ni les partis politiques, ni le peuple tunisien et encore moins la d\u00e9mocratie r\u00e9cente en Tunisie\u00a0\u00bb.  <\/font><\/span><\/font><span lang=\"EN-US\"><font face=\"Arial\">A en croire Mohsen Hassan, l\u2019UPL croule sous les demandes d\u2019adh\u00e9sion qui se comptent par milliers. Le nombre d\u2019adh\u00e9rents augmente par centaines chaque jour, et le parti dispose actuellement de 120 bureaux dans toutes les r\u00e9gions du pays. \u00ab\u00a0L\u2019UPL est partie des zones rurales et des r\u00e9gions int\u00e9rieures qui souffrent de marginalisation\u00a0\u00bb, c\u2019est l\u00e0 o\u00f9 il semble recruter le plus d\u2019adh\u00e9rents. Mohsen Hassan refuse, n\u00e9anmoins, de dire que son parti est en train de monnayer les adh\u00e9sions, tout en reconnaissant les aides sociales distribu\u00e9es dans les r\u00e9gions int\u00e9rieures. \u00ab\u00a0Il faut faire la distinction entre ces actions humanitaires et le fait d\u2019acheter les consciences\u00a0\u00bb.   S\u2019agissant des futures \u00e9ventuelles alliances de l\u2019UPL, ce membre du bureau ex\u00e9cutif r\u00e9torque que son parti refuse les orientations radicales de gauche ou de droite, mais demeure ouvert \u00e0 toute personne, ou tout parti croyant \u00e0 ses principes.<\/font><\/span><\/p>\n<p align=\"justify\" dir=\"ltr\"><span lang=\"EN-US\"><font face=\"Arial\">Source: \u201cGlobal Net\u201d Le 29-08-2011<\/font><\/span><\/p>\n<p align=\"justify\" dir=\"ltr\"><span lang=\"NO-BOK\"><font face=\"Arial\">Lien: <\/font><a href=\"http:\/\/www.gnet.tn\/temps-fort\/tunisie\/slim-riahi-qui-est-ce-fortune-qui-sinvestit-en-politique\/id-menu-325.html\" target=\"_blank\" rel=\"noopener\"><font face=\"Arial\">http:\/\/www.gnet.tn\/temps-fort\/tunisie\/slim-riahi-qui-est-ce-fortune-qui-sinvestit-en-politique\/id-menu-325.html<\/font><\/a><\/span><\/p>\n<p><strong><\/p>\n<div dir=\"ltr\">\n<hr\/>\n<\/div>\n<div align=\"center\" dir=\"ltr\"><b><span lang=\"NO-BOK\"><\/p>\n<h2 style=\"color: red;\"><font face=\"Arial\">Tunisie &#8211; Politique &#8211; Notori\u00e9t\u00e9 : L&rsquo;UPL, 3\u00e8me derri\u00e8re Ennahdha et le PDP!!<\/font><\/h2>\n<p><\/span><\/b><\/div>\n<div dir=\"ltr\">\n<hr\/>\n<\/div>\n<p align=\"justify\" dir=\"ltr\"><span lang=\"EN-US\"><font face=\"Symbol\">\u00b7<\/font><font face=\"Arial\">L\u2019Union Patriotique Libre (UPL) a enfin organis\u00e9 sa premi\u00e8re conf\u00e9rence de presse qui, \u00e0 l\u2019image du parti, n\u2019a pas manqu\u00e9 d\u2019\u00eatre houleuse. Depuis l\u2019obtention de son agr\u00e9ment au mois de juin 2011, la grande campagne publicitaire qu\u2019a lanc\u00e9e l\u2019UPL n\u2019a pas manqu\u00e9 de susciter des interrogations quant aux sources de financement du parti et \u00e0 la personne m\u00eame de son pr\u00e9sident Slim Riahi, d\u00e9crit comme \u00ab\u00e9nigmatique\u00bb, selon certains.  D\u2019ailleurs, M. Riahi \u00e9tait absent \u00e0 la conf\u00e9rence de presse et a laiss\u00e9 la place \u00e0 Mohsen Hassen, membre du bureau politique, pour r\u00e9pondre aux questions des journalistes. \u00abSlim Riahi a des engagements hors de Tunis et ne pouvait pas assister \u00e0 la conf\u00e9rence. <\/font><\/span><font><font face=\"Arial\"><span lang=\"NO-BOK\">Mais je vous dis que notre parti ne se repr\u00e9sente pas par une seule personne. Tous les membres du parti peuvent parler en son nom\u00bb, a-t-il tenu \u00e0 dire.   <\/span><b><span lang=\"EN-US\">D\u00e9ception\u2026<\/span><\/b><\/font><span lang=\"EN-US\"> <font face=\"Arial\">Cependant, les journalistes venus nombreux \u00e0 la conf\u00e9rence de presse s\u2019attendaient plut\u00f4t \u00e0 la pr\u00e9sence du pr\u00e9sident du parti puisque les questions le concernent directement. Son parcours, ses sources de financement, ses investissements \u00abM. Riahi est un homme d\u2019affaires qui a tenu \u00e0 investir son argent en Tunisie. Il est libre d\u2019investir o\u00f9 il veut. Ceci ne doit pas interf\u00e9rer dans les activit\u00e9s du parti. Ses investissements le concernent lui seulement et c\u2019est \u00e0 lui de vous r\u00e9pondre\u00bb, insiste M. Hassen.   Des questions rest\u00e9es sans r\u00e9ponse, donc, ou plut\u00f4t des questions auxquelles il a r\u00e9pondu en partie dans l\u2019interview qu\u2019il a accord\u00e9 \u00e0 Nessma TV et diffus\u00e9e hier soir, qui n\u2019a pas manqu\u00e9 de susciter des r\u00e9actions controvers\u00e9es\u2026 Bref, la conf\u00e9rence de presse semblait plut\u00f4t \u00eatre une occasion rat\u00e9e pour l\u2019UPL. <\/font><\/span><span lang=\"NO-BOK\"><font face=\"Arial\">Selon M. Hassen, son objectif \u00e9tait de pr\u00e9senter le parti et de rencontrer les m\u00e9dias pour la premi\u00e8re fois. Tr\u00e8s concis, il a daign\u00e9 nous indiquer les axes du programme \u00e9conomique et politique du parti, qui feront, en plus du programme social, l\u2019objet d\u2019une autre conf\u00e9rence de presse.   <b>Diagnostic \u00e9conomique\u2026 <\/b> Il a affirm\u00e9 qu\u2019un diagnostic a \u00e9t\u00e9 r\u00e9alis\u00e9 sur la situation \u00e9conomique en Tunisie, et a permis d&rsquo;\u00e9laborer un plan de d\u00e9veloppement qui s\u2019appuie essentiellement sur le renforcement du partenariat avec le secteur priv\u00e9. Ceci sera concr\u00e9tis\u00e9 par la mise en place de caisses d\u2019investissement pour le financement des projets \u00e0 haute employabilit\u00e9. Le plan comporte, \u00e9galement,des programmes r\u00e9gionaux visant surtout les r\u00e9gions int\u00e9rieures dans le cadre de la lutte contre la marginalisation. <\/font><\/span><font face=\"Arial\"><span lang=\"EN-US\">Le syst\u00e8me bancaire sera concern\u00e9. M. Hassen affirme qu\u2019il s\u2019agit de d\u00e9velopper des banques et institutions citoyennes, consacrant une partie de ses cr\u00e9dits (environs 20%) aux r\u00e9gions int\u00e9rieures.   Concernant son programme politique, le parti s\u2019engage essentiellement \u00e0 la s\u00e9paration entre les \u00e9lections pr\u00e9sidentielle et l\u00e9gislatives et la mise en place d\u2019une Cour constitutionnelle pour veiller \u00e0 la bonne gestion des structures de l\u2019Etat.   Pour ce qui est des activit\u00e9s sociales du parti, M. Hassen a affirm\u00e9 qu\u2019il n\u2019y a pas de mal \u00e0 distribuer des aides sociales pour des gens qui en ont besoin, tant que les moyens le permettent. <\/span><span lang=\"NO-BOK\">Des moyens qui proviennent seulement du pr\u00e9sident du parti, rassure-t-il. D\u2019ailleurs, toutes les activit\u00e9s du parti sont financ\u00e9es de la m\u00eame fa\u00e7on. <\/span><\/font><\/font><span lang=\"EN-US\"><font face=\"Arial\">\u00abJe d\u00e9fie quiconque qui t\u00e9moignerait qu\u2019il a re\u00e7u une aide en contrepartie de son adh\u00e9sion au parti. En tout cas, nous sommes pr\u00eats \u00e0 toute sorte de contr\u00f4le\u00bb, lance-t-il.  <\/font><font face=\"Arial\"><b>Conna\u00eetre le parti\u2026 <\/b> Le parti compte actuellement 120 bureaux. Le nombre d\u2019adh\u00e9rents n\u2019a pas \u00e9t\u00e9 annonc\u00e9, mais le responsable de l\u2019UPL pr\u00e9cise que des milliers de demandes d\u2019adh\u00e9sion ont \u00e9t\u00e9 re\u00e7ues. Selon lui, les chiffres exacts seront communiqu\u00e9s tr\u00e8s prochainement ainsi que les listes \u00e9lectorales.  En r\u00e9ponse aux accusations disant que le parti a d\u00e9j\u00e0 commenc\u00e9 sa campagne \u00e9lectorale en lan\u00e7ant une grande campagne de publicit\u00e9 politique, M. Hassen souligne qu\u2019il n\u2019en est rien. \u00abC\u2019est une campagne qui a \u00e9t\u00e9 lanc\u00e9e dans le but de mieux faire conna\u00eetre le parti, ni plus ni moins. Nous avons respect\u00e9 les principes essentiels du marketing politique. Notre campagne \u00e9lectorale sera lanc\u00e9e dans les d\u00e9lais impartis et respectera les r\u00e8gles\u00bb. D\u2019ailleurs, il explique que la campagne a \u00e9t\u00e9 con\u00e7ue par une agence tunisienne de communication. Son co\u00fbt sera annonc\u00e9 ult\u00e9rieurement \u00aben toute transparence\u00bb.  Il signale qu\u2019une bo\u00eete de communication internationale a class\u00e9 l\u2019UPL en troisi\u00e8me place, selon un sondage qui a concern\u00e9 la notori\u00e9t\u00e9 des parties politiques en Tunisie. Il serait devanc\u00e9 par Ennahdha et le PDP\u2026  De la conf\u00e9rence de presse, on est sorti plus avec des questions que des r\u00e9ponses. La transparence dont parlait M. Hassen n\u2019a pas \u00e9t\u00e9 tangible. L\u2019absence de Slim Riahi a constitu\u00e9 un coup dur pour cette premi\u00e8re sorti en public pour l\u2019UPL. Esp\u00e9rons que la prochaine conf\u00e9rence de presse promise, les interrogations trouveront des r\u00e9ponses de la part du pr\u00e9sident du parti lui-m\u00eame. <\/font><\/span><\/p>\n<p align=\"justify\" dir=\"ltr\"><span lang=\"EN-US\"><font face=\"Arial\">Source: \u201cwmc\u201d Le 29-08-2011<\/font><\/span><\/p>\n<p align=\"justify\" dir=\"ltr\"><font face=\"Arial\"><span lang=\"NO-BOK\"><font>Lien: <\/font><\/span><span lang=\"EN-US\"><a href=\"http:\/\/www.webmanagercenter.com\/management\/article-109668-tunisie-politique-notoriete-l-upl-3eme-derriere-ennahdha-et-le-pdp\" target=\"_blank\" rel=\"noopener\"><span lang=\"NO-BOK\"><font>http:\/\/www.webmanagercenter.com\/management\/article-109668-tunisie-politique-notoriete-l-upl-3eme-derriere-ennahdha-et-le-pd<\/font><\/span><\/a><\/span><\/font><\/p>\n<div dir=\"ltr\"><strong><\/p>\n<hr\/>\n<p><\/strong><\/div>\n<div align=\"center\" dir=\"ltr\"><span lang=\"FR\"><a href=\"http:\/\/www.kapitalis.com\/fokus\/62-national\/5625-tunisie-le-pdp-cherche-des-alliances-mais-avec-qui.html\" target=\"_blank\" rel=\"noopener\"><\/p>\n<h2 style=\"color: red;\"><font face=\"Arial\"><strong>Tunisie. Le Pdp cherche des alliances, mais avec qui?<\/strong><\/font><\/h2>\n<p><\/a><\/span><\/div>\n<div dir=\"ltr\">\n<hr\/>\n<\/div>\n<p align=\"justify\" dir=\"ltr\"><strong><span lang=\"FR\"><font face=\"Arial\">Par Imed bahri<\/font><\/span><\/strong><\/p>\n<p align=\"justify\" dir=\"ltr\"><strong><span lang=\"FR\"><font face=\"Arial\">Le loup islamiste dans le poulailler<\/font><\/span><\/strong><font><b><span lang=\"FR\"> <\/span><\/b><\/font><span lang=\"FR\"><font face=\"Arial\">La Secr\u00e9taire g\u00e9n\u00e9rale du Parti d\u00e9mocrate progressiste (Pdp) n\u2019a cependant pas jug\u00e9 utile d\u2019identifier ces \u00abennemis de la r\u00e9volution et des libert\u00e9s\u00bb. Seraient-ce les membres du Rassemblement constitutionnel d\u00e9mocratique (Rcd, dissous), qui se sont recycl\u00e9s dans les innombrables autres partis, nouveaux et anciens, y compris le Pdp? Seraient-ce plut\u00f4t les islamistes du parti Ennahdha? Il n\u2019est pas difficile d\u2019imaginer ce que le doigt de la dirigeante Pdpiste d\u00e9signe.<\/font><\/span><\/p>\n<p align=\"justify\" dir=\"ltr\"><span lang=\"FR\"><font face=\"Arial\">Cependant, comment contrer ces \u00abennemis de la r\u00e9volution et des libert\u00e9s\u00bb? R\u00e9ponse de Mme Jeribi: il faut \u00abun engagement r\u00e9solu \u00e0 assurer la r\u00e9ussite de l\u2019\u00e9lection de l\u2019Assembl\u00e9e constituante, le 23 octobre\u00bb. Il faut aussi, selon elle, \u00abune ferme volont\u00e9 de soutenir les initiatives pr\u00f4nant la modernit\u00e9 et d\u2019associer la femme et les jeunes \u00e0 la vie politique\u00bb.  Ahmed N\u00e9jib Chebbi, co-fondateur du Pdp et son leader attitr\u00e9, a affirm\u00e9, de son c\u00f4t\u00e9, que les membres de son parti sont dispos\u00e9s \u00e0 s\u2019\u00abengager dans une alliance avec les forces d\u00e9mocratiques et \u00e0 conclure un programme commun pour r\u00e9aliser les objectifs fix\u00e9s et instaurer une soci\u00e9t\u00e9 moderne et \u00e9quilibr\u00e9e\u00bb.<\/font><\/span><\/p>\n<p align=\"justify\" dir=\"ltr\"><b><span lang=\"FR\"><font face=\"Arial\">La solitude du coureur de fond  <\/font><\/span><\/b><span lang=\"FR\"><font face=\"Arial\">M. Chebbi a reconnu l\u2019existence d\u2019une forte opposition entre son parti et le mouvement Ennahdha, qu\u2019il a justifi\u00e9 par le fait que ce parti \u00abd\u00e9fend une approche qui risque de menacer les libert\u00e9s individuelles\u00bb. Il n\u2019a cependant pas indiqu\u00e9 avec quels autres partis le Pdp esp\u00e8re faire une alliance (Ettajdid ? Ettakatol ? Afek Tounes ? le P\u00f4le d\u00e9mocratique moderniste?), ni si cette alliance sera \u00e9lectorale (ce qui est peu probable) ou politique ou strat\u00e9gique.  Ce qui est s\u00fbr, en revanche, c\u2019est que le Pdp, qui a jusque l\u00e0 fait cavalier seul, rejetant tous les appels \u00e0 constituer une alliance des partis de centre-gauche, a chang\u00e9, semble-t-il, d\u2019avis. Se sent-il brusquement seul? Craint-il l\u2019effritement des voix de la gauche traditionnelle ? A-t-il besoin de s\u2019adosser \u00e0 une masse \u00e9lectorale plus importante que celle que lui attribuent aujourd\u2019hui les sondages?<\/font><\/span><\/p>\n<p align=\"justify\" dir=\"ltr\"><span lang=\"FR\"><font face=\"Arial\">Source : \u00ab Kapitalis \u00bb Le 28-08-2011<\/font><\/span><\/p>\n<p align=\"justify\" dir=\"ltr\"><span lang=\"FR\"><font face=\"Arial\">Lien : <\/font><a href=\"http:\/\/www.kapitalis.com\/fokus\/62-national\/5625-tunisie-le-pdp-cherche-des-alliances-mais-avec-qui.html\" target=\"_blank\" rel=\"noopener\"><font face=\"Arial\">http:\/\/www.kapitalis.com\/fokus\/62-national\/5625-tunisie-le-pdp-cherche-des-alliances-mais-avec-qui.html<\/font><\/a><\/span><\/p>\n<p><strong><\/p>\n<div dir=\"ltr\">\n<hr\/>\n<\/div>\n<p><\/strong><\/p>\n<div align=\"center\" dir=\"ltr\">\n<h2 style=\"color: red;\"><font face=\"Arial\"><strong>Ghannouchi: \u00abEnnahdha comptera bient\u00f4t 1 million d\u2019adh\u00e9rents\u00bb<\/strong><\/font><\/h2>\n<\/div>\n<div align=\"center\" dir=\"ltr\">\n<hr\/>\n<\/div>\n<div dir=\"ltr\">\u00a0<\/div>\n<div dir=\"ltr\">\u00a0<\/div>\n<div align=\"justify\" dir=\"ltr\"><font face=\"Arial\" size=\"2\">\u00abLe mouvement Ennahdha constitue aujourd\u2019hui, de l\u2019avis de tous, le plus grand mouvement, comptant 30 000 adh\u00e9rents parmi ses anciens membres qui cotisent chacun \u00e0 hauteur de 5% de son salaire, d\u2019o\u00f9 vient notre autofinancement. Maintenant que les gens n\u2019ont plus peur de rejoindre nos rangs et que nous ouvrons bient\u00f4t l\u2019adh\u00e9sion, nous compterons accueillir pas moins de 1 million de membres \u00bb. C\u2019est ce qu\u2019a affirm\u00e9 Rached Ghannouchi dans une longue interview accord\u00e9e \u00e0 notre confr\u00e8re Echourouk. R\u00e9pondant aux questions de Khaled Haddad, il s\u2019est oppos\u00e9 \u00e0 la tenue d\u2019un r\u00e9f\u00e9rendum et pr\u00e9cis\u00e9 les positions de son mouvement \u00e0 l\u2019\u00e9gard de la participation au gouvernement apr\u00e8s le 23 octobre, les anciens RCD, la r\u00e9conciliation, les d\u00e9bats internes, Cheikh Mourou et sa non-candidature \u00e0 la t\u00eate du mouvement. Extraits.<\/font><\/div>\n<div align=\"justify\" dir=\"ltr\">\u00a0<\/div>\n<div align=\"justify\" dir=\"ltr\"><font face=\"Arial\" size=\"2\">R\u00e9f\u00e9rendum : \u00ab L\u2019appel au r\u00e9f\u00e9rendum est une invite empoisonn\u00e9e adress\u00e9e \u00e0 l\u2019opinion publique par une certaine \u00e9lite qui met en doute la d\u00e9termination du peuple tunisien, sa maturit\u00e9 et sa capacit\u00e9 \u00e0 bien choisir ses \u00e9lus au sein de la premi\u00e8re institution repr\u00e9sentative dans l\u2019Etat ind\u00e9pendant. Celle-ci veut que l\u2019assembl\u00e9e constituante naisse poings li\u00e9s, suspecte dans sa capacit\u00e9 et ses pr\u00e9rogatives et c\u2019est pourquoi il n\u2019\u00e9tait pas surprenant que les partis re\u00e7us par le Premier ministre r\u00e9cemment, aient refus\u00e9 cette proposition \u00bb.<\/font><\/div>\n<div align=\"justify\" dir=\"ltr\">\u00a0<\/div>\n<div align=\"justify\" dir=\"ltr\"><font face=\"Arial\" size=\"2\">Gouvernement : \u00abNous ne d\u00e9cevrons pas les espoirs qui seront plac\u00e9s en nous. Nous pr\u00e9parons actuellement un shadow cabinet, comp\u00e9tent et pr\u00eat \u00e0 assumer les responsabilit\u00e9s qui lui seront confi\u00e9es, et en m\u00eame temps, nous cherchons une formule de consensus avec les autres, car nous consid\u00e9rons que pour les conq prochaines ann\u00e9es, la Tunisie ne saurait \u00eatre gouvern\u00e9e en dehors d\u2019un gouvernement de coalition\u2026 La situation du pays est beaucoup plus importante qu\u2019une seul parti puisse l\u2019endosser \u00e0 lui seul \u00bb.<\/font><\/div>\n<div align=\"justify\" dir=\"ltr\">\u00a0<\/div>\n<div align=\"justify\" dir=\"ltr\"><font face=\"Arial\" size=\"2\">Autres partis islamistes et les Salafistes : \u00abCe sont nos fr\u00e8res et nous essayons de dialoguer avec eux et de coop\u00e9rer sur la base de nos accords, en s\u2019excusant les uns des autres de ce qui peut constituer nos diff\u00e9rences \u00bb.<\/font><\/div>\n<div align=\"justify\" dir=\"ltr\">\u00a0<\/div>\n<div align=\"justify\" dir=\"ltr\"><font face=\"Arial\" size=\"2\">Les ex-RCD : \u00abNous ne devons condamner tous ceux qui \u00e9taient encart\u00e9s au sein de l\u2019ex-RCD. Il y a parmi eux ceux qui avaient \u00e9t\u00e9 induits en erreur. D\u2019autres, \u00e9taient oblig\u00e9s d\u2019y \u00eatre. La justice se prononcera quant aux symboles qui ont souill\u00e9 l\u2019histoire de la Tunisie, falsifi\u00e9 les \u00e9lections et opprim\u00e9 les libert\u00e9s \u00bb.<\/font><\/div>\n<div align=\"justify\" dir=\"ltr\">\u00a0<\/div>\n<div align=\"justify\" dir=\"ltr\"><font face=\"Arial\" size=\"2\">R\u00e9conciliation : \u00abElle est possible, loin de toute revanche, mais sur la base d\u2019explication, d\u2019excuses et d\u2019indemnisation des victimes\u2026Nous avons besoin d\u2019une r\u00e9conciliation profonde, sans \u00eatre fauss\u00e9e, en ouvrant les plaies et les ass\u00e9cher, puis cicatriser. \u00bb<\/font><\/div>\n<div align=\"justify\" dir=\"ltr\">\u00a0<\/div>\n<div align=\"justify\" dir=\"ltr\"><font face=\"Arial\" size=\"2\">Courants internes : \u00abIl n\u2019y a pas de luttes au sein d\u2019Ennahdha, entre ceux qui \u00e9taient au pays et les autres exil\u00e9s \u00e0 l\u2019\u00e9tranger, mais des d\u00e9bats profonds, ici et l\u00e0. Nous sortirons de notre prochain congr\u00e8s qui se tiendra, d\u00e9but de l\u2019ann\u00e9e prochaine, avec des positions consensuelles\u00bb.<\/font><\/div>\n<div dir=\"ltr\">\u00a0<\/div>\n<div dir=\"ltr\"><font face=\"Arial\" size=\"2\">Cheikh Mourou : \u00abC\u2019est l\u2019un des grands fondateurs du mouvement et y jouit de respect total. Il y a eu quelques divergences, mais nous esp\u00e9rons les surmonter\u00bb.<\/font><\/div>\n<div dir=\"ltr\">\u00a0<\/div>\n<div dir=\"ltr\"><font face=\"Arial\" size=\"2\">Rel\u00e8ve et nouvelle mission : \u00abJe ne changerai pas d\u2019avis, ni de conviction. J\u2019ai tellement servi qu\u2019il y a aujourd\u2019hui de nouvelles g\u00e9n\u00e9rations \u00e0 m\u00eame d\u2019acc\u00e9der au commadement. Je demeure \u00e0 la disposition de mes fr\u00e8res, et si je quitte mes fonctions, je ne quitte pas le mouvement\u2026 Mon r\u00f4le \u00e0 l\u2019avenir est en tant que vice-pr\u00e9sident de l\u2019Union des Savants Musulmans\u00bb.<\/font><\/div>\n<div dir=\"ltr\">\u00a0<\/div>\n<div dir=\"ltr\"><font face=\"Arial\" size=\"2\"><strong>(Source: \u201cLeaders\u201d le 29 aout 2011)<\/strong><\/font><\/div>\n<div><strong><font face=\"Arial\" size=\"2\">http:\/\/www.leaders.com.tn\/article\/ghannouchi-ennahdha-comptera-bientot-1-million-d-adherents?id=6187<\/font><\/p>\n<hr\/>\n<p><\/strong><\/div>\n<div dir=\"ltr\">\u00a0<\/div>\n<div align=\"center\">\n<h2 style=\"color: red;\"><font face=\"Arial\"><strong>Le CPR sollicite les partis politiques pour un audit sur la dette<\/strong><\/font><\/h2>\n<\/div>\n<div align=\"center\">\n<hr\/>\n<\/div>\n<div align=\"justify\"><font face=\"Arial\" size=\"2\">Publi\u00e9 le Lundi 29 Ao\u00fbt 2011 \u00e0 08:53 <\/font><\/div>\n<div align=\"justify\"><font face=\"Arial\" size=\"2\">Le Congr\u00e8s Pour la R\u00e9publique, membre du Collectif pour un audit des cr\u00e9ances fran\u00e7aises et europ\u00e9ennes envers la Tunisie qui regroupe diff\u00e9rentes associations, partis politiques et des ind\u00e9pendants tunisiens et fran\u00e7ais, appelle tous les partis politiques tunisiens \u00e0 rejoindre le Collectif en adh\u00e9rant \u00e0 la charte jointe en annexe de cette lettre (la proc\u00e9dure d\u2019adh\u00e9sion est explicit\u00e9e dans la charte). <\/font><\/div>\n<div align=\"justify\">\u00a0<\/div>\n<div align=\"justify\"><font face=\"Arial\" size=\"2\">L\u2019endettement est un des moyens exceptionnels de financement de l\u2019\u00e9conomie dont toutes les nations font usage. Ce moyen, que nous n\u2019appelons pas \u00e0 rejeter syst\u00e9matiquement, doit toutefois \u00eatre g\u00e9r\u00e9 dans le cadre d\u2019une bonne gouvernance. Sans la r\u00e9glementation et la rationalisation de ce moyen de financement, l\u2019endettement ne peut que nuire \u00e0 l\u2019\u00e9conomie des nations et cr\u00e9er une h\u00e9morragie des richesses des pays les plus pauvres vers les institutions financi\u00e8res et les pays les plus riches. C\u2019est le cas de la Tunisie dont le service de la dette lui co\u00fbte annuellement six fois le budget de la sant\u00e9. <\/font><\/div>\n<div align=\"justify\">\u00a0<\/div>\n<div align=\"justify\"><font face=\"Arial\" size=\"2\">L\u2019endettement est aussi une d\u00e9cision souveraine qui doit \u00eatre soumise \u00e0 la consultation nationale. En l\u2019absence de parlement et d\u2019institutions l\u00e9gitimes, les dettes contract\u00e9es par les gouvernements de transition en Tunisie depuis le 14 janvier, et qui s\u2019\u00e9l\u00e8vent au total \u00e0 4 milliards de dollars, ne peuvent relever d\u2019une d\u00e9cision souveraine. Dans une d\u00e9mocratie saine, des institutions r\u00e9publicaines ind\u00e9pendantes veillent au bon usage des emprunts qui doivent \u00eatre investis dans l\u2019int\u00e9r\u00eat du peuple, en l\u2019absence de cette condition on parle de dette ill\u00e9gitime ou dette odieuse. La dette odieuse a \u00e9t\u00e9 d\u00e9finie en droit comme \u00e9tant une dette contract\u00e9e par un r\u00e9gime non d\u00e9mocratique dont la finalit\u00e9 est autre que celle de b\u00e9n\u00e9ficier au d\u00e9veloppement des populations locales et ce, tout en connaissance de cause des cr\u00e9anciers.<\/font><\/div>\n<div align=\"justify\">\u00a0<\/div>\n<div align=\"justify\"><font face=\"Arial\" size=\"2\">Au vu de l\u2019augmentation vertigineuse de l\u2019endettement en Tunisie sous le r\u00e8gne du r\u00e9gime corrompu de Ben Ali, coupl\u00e9e \u00e0 une situation socio-\u00e9conomique qui n\u2019a cess\u00e9 de se d\u00e9t\u00e9riorer, le CPR consid\u00e8re qu\u2019il est de notre devoir envers la ch\u00e8re patrie d\u2019appeler \u00e0 un gel imm\u00e9diat des remboursements de la dette et de proc\u00e9der \u00e0 un audit afin d\u2019en distinguer la part odieuse de la part l\u00e9gitime. Nous avons besoin d\u2019un sursaut national pour garantir toutes les conditions n\u00e9cessaires pour que le peuple tunisien, qui aspire au progr\u00e8s et \u00e0 la prosp\u00e9rit\u00e9, puisse se lib\u00e9rer du fardeau handicapant de la dette.<\/font><\/div>\n<div align=\"justify\">\u00a0<\/div>\n<div align=\"justify\">\u00a0<\/div>\n<div align=\"justify\"><font face=\"Arial\" size=\"2\">Communiqu\u00e9<\/font><\/div>\n<div align=\"justify\"><font face=\"Arial\" size=\"2\"><strong>(Source: Gnet le 28 aout 2011)<\/strong><\/font><\/div>\n<div><strong><font face=\"Arial\" size=\"2\">http:\/\/www.gnet.tn\/revue-de-presse-nationale\/le-cpr-sollicite-les-partis-politiques-pour-un-audit-sur-la-dette\/id-menu-958.html<\/font><\/p>\n<hr\/>\n<p><\/strong><\/div>\n<div align=\"center\"><font face=\"Arial\" size=\"2\"><\/p>\n<h3 style=\"color: blue;\"><font size=\"3\"><strong>Tunisie &#8211; Ali Seriati menace de tout d\u00e9voiler, lors de son proc\u00e8s, sur le 14 janvier<\/strong><\/font><\/h3>\n<p> <\/font><\/div>\n<div align=\"center\">\n<hr\/>\n<\/div>\n<div align=\"justify\"><font face=\"Arial\" size=\"2\">28\/08\/2011 &#8211; 20 <\/font><\/div>\n<div align=\"justify\">\u00a0<\/div>\n<div align=\"justify\"><font face=\"Arial\" size=\"2\">Dans une interview accord\u00e9e, depuis sa prison, \u00e0 N\u00e9ji Za\u00efri du journal Echourouq dans sa livraison du samedi 27 ao\u00fbt 2011, le g\u00e9n\u00e9ral Ali Seriati, a \u00e9t\u00e9 plus explicite en promettant de prochaines r\u00e9v\u00e9lations fracassantes sur ce qui s\u2019est pass\u00e9 le 14 janvier 2011.<\/font><\/div>\n<div align=\"justify\">\u00a0<\/div>\n<div align=\"justify\"><font face=\"Arial\" size=\"2\">Ali Seriati s\u2019\u00e9tonne, d\u2019abord, du fait qu\u2019on le garde pendant plus de huit mois en d\u00e9tention sans qu\u2019on ne fixe la date de son proc\u00e8s avant de s\u2019interroger, sur un ton accusateur : qui a permis \u00e0 Ben Ali de quitter la Tunisie, qui a donn\u00e9 l\u2019ordre de permettre \u00e0 l\u2019ancien pr\u00e9sident d\u2019avoir acc\u00e8s \u00e0 l\u2019a\u00e9rodrome militaire et de lui ouvrir l\u2019espace a\u00e9rien ?<\/font><\/div>\n<div align=\"justify\"><font face=\"Arial\" size=\"2\">Le g\u00e9n\u00e9ral Seriati assure que certaines parties ne veulent pas qu\u2019il parle du 14 janvier, d\u2019o\u00f9 le report du proc\u00e8s, histoire de gagner du temps, selon ses dires, mais qu\u2019il dira tout le jour J devant le tribunal, qu\u2019il esp\u00e8re \u00eatre tr\u00e8s proche. Il r\u00e9v\u00e8le que le contenu de plusieurs communications t\u00e9l\u00e9phoniques durant les heures fatidiques du 14 janvier a \u00e9t\u00e9 effac\u00e9 parce que, justement, certaines parties veulent cacher la v\u00e9rit\u00e9, selon ses propres termes.<\/font><\/div>\n<div align=\"justify\">\u00a0<\/div>\n<div align=\"justify\"><font face=\"Arial\" size=\"2\">Ali Seriati, qui lance des interrogations accusatrices contre Ridha Grira, tout le long de son interview, r\u00e9clame des audiences publiques pour son proc\u00e8s et au cours desquelles il menace de tout d\u00e9voiler tout en r\u00e9it\u00e9rant qu\u2019il est innocent de l\u2019accusation de complot contre la s\u00fbret\u00e9 de l\u2019Etat, qu\u2019il d\u00e9tient les preuves de son innocence et que s\u2019il y a des snipers, il faut demander des \u00e9claircissements \u00e0\u2026 Ridha Grira !<\/font><\/div>\n<div align=\"justify\">\u00a0<\/div>\n<div align=\"justify\"><font face=\"Arial\" size=\"2\">N.H<\/font><\/div>\n<div align=\"justify\">\u00a0<\/div>\n<div align=\"justify\"><font face=\"Arial\" size=\"2\"><strong>(Source: \u201cBusiness News\u201d le 28 aout 2011)<\/strong><\/font><\/div>\n<div align=\"justify\"><font face=\"Arial\" size=\"2\"><strong>http:\/\/www.businessnews.com.tn\/details_article.php?a=26355&amp;temp=1&amp;lang=fr&amp;t=520<\/strong><\/font><\/div>\n<div><strong><\/p>\n<hr\/>\n<p><\/strong><\/div>\n<p><\/strong><\/strong><\/div>\n<p><\/body><\/body><\/html><\/p>","protected":false},"excerpt":{"rendered":"<p>\u0641\u064a\u0643\u0644\u064a\u0648\u0645\u060c\u0646\u0633\u0627\u0647\u0645 \u0628\u062c\u0647\u062f\u0646\u0627 \u0641\u064a\u062a\u0642\u062f\u064a\u0645\u0625\u0639\u0644\u0627\u0645 \u0623\u0641\u0636\u0644 \u0648\u0623\u0631\u0642\u0649 \u0639\u0646\u0628\u0644\u062f\u0646\u0627\u060c\u062a\u0648\u0646\u0633 Un effort quotidien pour une information de qualit\u00e9 sur notre pays, la Tunisie. Everyday, we contribute to a better information about our country, Tunisia TUNISNEWS 11 \u00e8me ann\u00e9e, N\u00b04079 du 30.08.2011 archives : www.tunisnews.net La Presse: Pour qui voter ? R\u00e9ponses sur info@tunivote.net&#8230; Slate Afrique: \u00abFacebook en Tunisie, c&rsquo;est [&hellip;]<\/p>\n","protected":false},"author":1,"featured_media":22040,"comment_status":"open","ping_status":"open","sticky":false,"template":"","format":"standard","meta":{"inline_featured_image":false,"site-sidebar-layout":"default","site-content-layout":"","ast-site-content-layout":"default","site-content-style":"default","site-sidebar-style":"default","ast-global-header-display":"","ast-banner-title-visibility":"","ast-main-header-display":"","ast-hfb-above-header-display":"","ast-hfb-below-header-display":"","ast-hfb-mobile-header-display":"","site-post-title":"","ast-breadcrumbs-content":"","ast-featured-img":"","footer-sml-layout":"","ast-disable-related-posts":"","theme-transparent-header-meta":"","adv-header-id-meta":"","stick-header-meta":"","header-above-stick-meta":"","header-main-stick-meta":"","header-below-stick-meta":"","astra-migrate-meta-layouts":"default","ast-page-background-enabled":"default","ast-page-background-meta":{"desktop":{"background-color":"","background-image":"","background-repeat":"repeat","background-position":"center center","background-size":"auto","background-attachment":"scroll","background-type":"","background-media":"","overlay-type":"","overlay-color":"","overlay-opacity":"","overlay-gradient":""},"tablet":{"background-color":"","background-image":"","background-repeat":"repeat","background-position":"center center","background-size":"auto","background-attachment":"scroll","background-type":"","background-media":"","overlay-type":"","overlay-color":"","overlay-opacity":"","overlay-gradient":""},"mobile":{"background-color":"","background-image":"","background-repeat":"repeat","background-position":"center center","background-size":"auto","background-attachment":"scroll","background-type":"","background-media":"","overlay-type":"","overlay-color":"","overlay-opacity":"","overlay-gradient":""}},"ast-content-background-meta":{"desktop":{"background-color":"var(--ast-global-color-5)","background-image":"","background-repeat":"repeat","background-position":"center center","background-size":"auto","background-attachment":"scroll","background-type":"","background-media":"","overlay-type":"","overlay-color":"","overlay-opacity":"","overlay-gradient":""},"tablet":{"background-color":"var(--ast-global-color-5)","background-image":"","background-repeat":"repeat","background-position":"center center","background-size":"auto","background-attachment":"scroll","background-type":"","background-media":"","overlay-type":"","overlay-color":"","overlay-opacity":"","overlay-gradient":""},"mobile":{"background-color":"var(--ast-global-color-5)","background-image":"","background-repeat":"repeat","background-position":"center center","background-size":"auto","background-attachment":"scroll","background-type":"","background-media":"","overlay-type":"","overlay-color":"","overlay-opacity":"","overlay-gradient":""}},"footnotes":""},"categories":[],"tags":[60,42,29],"class_list":["post-18546","post","type-post","status-publish","format-standard","has-post-thumbnail","hentry","tag-60","tag-42","tag-fr"],"_links":{"self":[{"href":"https:\/\/tunisnews.net\/ar\/wp-json\/wp\/v2\/posts\/18546","targetHints":{"allow":["GET"]}}],"collection":[{"href":"https:\/\/tunisnews.net\/ar\/wp-json\/wp\/v2\/posts"}],"about":[{"href":"https:\/\/tunisnews.net\/ar\/wp-json\/wp\/v2\/types\/post"}],"author":[{"embeddable":true,"href":"https:\/\/tunisnews.net\/ar\/wp-json\/wp\/v2\/users\/1"}],"replies":[{"embeddable":true,"href":"https:\/\/tunisnews.net\/ar\/wp-json\/wp\/v2\/comments?post=18546"}],"version-history":[{"count":0,"href":"https:\/\/tunisnews.net\/ar\/wp-json\/wp\/v2\/posts\/18546\/revisions"}],"wp:featuredmedia":[{"embeddable":true,"href":"https:\/\/tunisnews.net\/ar\/wp-json\/wp\/v2\/media\/22040"}],"wp:attachment":[{"href":"https:\/\/tunisnews.net\/ar\/wp-json\/wp\/v2\/media?parent=18546"}],"wp:term":[{"taxonomy":"category","embeddable":true,"href":"https:\/\/tunisnews.net\/ar\/wp-json\/wp\/v2\/categories?post=18546"},{"taxonomy":"post_tag","embeddable":true,"href":"https:\/\/tunisnews.net\/ar\/wp-json\/wp\/v2\/tags?post=18546"}],"curies":[{"name":"wp","href":"https:\/\/api.w.org\/{rel}","templated":true}]}}