{"id":18539,"date":"2012-01-29T00:00:00","date_gmt":"2012-01-29T00:00:00","guid":{"rendered":"https:\/\/tunisnews.net\/29-janvier-2012\/"},"modified":"2012-01-29T00:00:00","modified_gmt":"2012-01-29T00:00:00","slug":"29-janvier-2012","status":"publish","type":"post","link":"https:\/\/tunisnews.net\/ar\/29-janvier-2012\/","title":{"rendered":"29 janvier 2012"},"content":{"rendered":"<p><html><head><meta content=\"text\/html\" description=\"                                                                                                                                                                                                        \" http-equiv=\"Content-Type\"\/><\/head><body><body style=\"text-align: left\"><\/p>\n<div dir=\"ltr\">\n<div>\n<div>\n<div>\n<div>\n<div>\n<div>\n<div>\n<div>\n<div>\n<div>\n<div>\n<div>\n<div>\n<div>\n<div>\n<div>\n<div>\n<div>\n<div>\n<div>\n<div>\n<div>\n<div>\n<div>\n<div>\n<div dir=\"ltr\">\n<div>\n<div>\n<div dir=\"ltr\">\n<div>\n<div dir=\"ltr\">\n<div>\n<div>\n<div dir=\"ltr\">\n<div>\n<div>\n<div>\n<div>\n<div>\n<div>\n<div>\n<div>\n<div>\n<div>\n<div>\n<div>\n<div>\n<div>\n<div>\n<div>\n<div>\n<div>\n<div>\n<div>\n<div>\n<div>\n<div>\n<div>\n<div>\n<div>\n<div>\n<div>\n<div>\n<div>\n<div>\n<div>\n<div>\n<div>\n<div>\n<div>\n<div>\n<div>\n<div>\n<div>\n<div>\n<div>\n<div>\n<div>\n<div>\n<div>\n<div>\n<div>\n<div>\n<div>\n<div>\n<div>\n<div>\n<div>\n<div>\n<div>\n<div>\n<div>\n<div>\n<div>\n<div>\n<div>\n<div>\n<div>\n<div>\n<div>\n<div>\n<div>\n<div>\n<div>\n<div>\n<div>\n<div>\n<div>\n<div>\n<div>\n<div dir=\"ltr\">\n<div>\n<div>\n<div dir=\"ltr\">\n<div>\n<div dir=\"ltr\">\n<div>\n<div>\n<div dir=\"ltr\">\n<div>\n<div>\n<div>\n<div>\n<div>\n<div>\n<div>\n<div>\n<div>\n<div>\n<div>\n<div>\n<div>\n<div>\n<div>\n<div>\n<div>\n<div>\n<div>\n<div>\n<div>\n<div>\n<div>\n<div>\n<div>\n<div>\n<div>\n<div>\n<div>\n<div>\n<div>\n<div>\n<div>\n<div>\n<div>\n<div>\n<div>\n<div>\n<div>\n<div>\n<div>\n<div>\n<div>\n<div>\n<div>\n<div>\n<div>\n<div>\n<div>\n<div>\n<div>\n<div dir=\"ltr\">\n<div>\n<div>\n<div>\n<div>\n<div>\n<div>\n<div>\n<div>\n<div>\n<div>\n<div>\n<div>\n<div>\n<div>\n<div>\n<div>\n<div>\n<div>\n<div>\n<div>\n<div>\n<div>\n<div>\n<div>\n<div>\n<div dir=\"ltr\">\n<div>\n<div>\n<div dir=\"ltr\">\n<div>\n<div dir=\"ltr\">\n<div>\n<div>\n<div dir=\"ltr\">\n<div>\n<div>\n<div>\n<div>\n<div>\n<div>\n<div>\n<div>\n<div>\n<div>\n<div>\n<div>\n<div>\n<div>\n<div>\n<div>\n<div>\n<div>\n<div>\n<div>\n<div>\n<div>\n<div>\n<div>\n<div>\n<div>\n<div>\n<div>\n<div>\n<div>\n<div>\n<div>\n<div>\n<div>\n<div>\n<div>\n<div>\n<div>\n<div>\n<div>\n<div>\n<div>\n<div>\n<div>\n<div>\n<div>\n<div>\n<div>\n<div>\n<div>\n<div>\n<div dir=\"ltr\">\n<div>\n<div>\n<div>\n<div>\n<div>\n<div>\n<div>\n<div>\n<div>\n<div>\n<div>\n<div>\n<div>\n<div>\n<div>\n<div>\n<div>\n<div>\n<div>\n<div>\n<div>\n<div>\n<div>\n<div>\n<div>\n<div>\n<div dir=\"ltr\">\n<div>\n<div>\n<div dir=\"ltr\">\n<div>\n<div dir=\"ltr\">\n<div>\n<div>\n<div dir=\"ltr\">\n<div>\n<div>\n<div>\n<div>\n<div>\n<div>\n<div>\n<div>\n<div>\n<div>\n<div>\n<div>\n<div>\n<div>\n<div>\n<div>\n<div>\n<div>\n<div>\n<div>\n<div>\n<div>\n<div>\n<div>\n<div>\n<div>\n<div>\n<div>\n<div>\n<div>\n<div>\n<div>\n<div>\n<div>\n<div>\n<div>\n<div>\n<div>\n<div>\n<div>\n<div>\n<div>\n<div>\n<div>\n<div>\n<div>\n<div>\n<div>\n<div>\n<div>\n<div>\n<div>\n<div>\n<div>\n<div>\n<div>\n<div>\n<div>\n<div>\n<div>\n<div>\n<div>\n<div>\n<div>\n<div>\n<div>\n<div>\n<div>\n<div>\n<div>\n<div>\n<div>\n<div>\n<div>\n<div>\n<div>\n<div dir=\"ltr\">\n<div>\n<div>\n<div dir=\"ltr\">\n<div>\n<div dir=\"ltr\">\n<div>\n<div>\n<div dir=\"ltr\">\n<div>\n<div>\n<div>\n<div>\n<div>\n<div>\n<div>\n<div>\n<div>\n<div>\n<div>\n<div>\n<div>\n<div>\n<div>\n<div>\n<div>\n<div>\n<div>\n<div>\n<div>\n<div>\n<div>\n<div>\n<div>\n<div>\n<div>\n<div>\n<div>\n<div>\n<div>\n<div>\n<div>\n<div>\n<div>\n<div>\n<div>\n<div>\n<div>\n<div>\n<div>\n<div>\n<div>\n<div>\n<div>\n<div>\n<div>\n<div>\n<div>\n<div>\n<div>                                                                                                                                                                                                                                                                                                                                                                                                                                                                                                                                                                                                                                                                                                                                                                                                                                                                                          \u00a0<\/div>\n<\/p><\/div>\n<\/p><\/div>\n<\/p><\/div>\n<\/p><\/div>\n<\/p><\/div>\n<\/p><\/div>\n<\/p><\/div>\n<\/p><\/div>\n<\/p><\/div>\n<\/p><\/div>\n<\/p><\/div>\n<\/p><\/div>\n<\/p><\/div>\n<\/p><\/div>\n<\/p><\/div>\n<\/p><\/div>\n<\/p><\/div>\n<\/p><\/div>\n<\/p><\/div>\n<\/p><\/div>\n<\/p><\/div>\n<\/p><\/div>\n<\/p><\/div>\n<\/p><\/div>\n<\/p><\/div>\n<\/p><\/div>\n<\/p><\/div>\n<\/p><\/div>\n<\/p><\/div>\n<\/p><\/div>\n<\/p><\/div>\n<\/p><\/div>\n<\/p><\/div>\n<\/p><\/div>\n<\/p><\/div>\n<\/p><\/div>\n<\/p><\/div>\n<\/p><\/div>\n<\/p><\/div>\n<\/p><\/div>\n<\/p><\/div>\n<\/p><\/div>\n<\/p><\/div>\n<\/p><\/div>\n<\/p><\/div>\n<\/p><\/div>\n<\/p><\/div>\n<\/p><\/div>\n<\/p><\/div>\n<\/p><\/div>\n<\/p><\/div>\n<\/p><\/div>\n<\/p><\/div>\n<\/p><\/div>\n<\/p><\/div>\n<\/p><\/div>\n<\/p><\/div>\n<\/p><\/div>\n<\/p><\/div>\n<\/p><\/div>\n<\/p><\/div>\n<\/p><\/div>\n<\/p><\/div>\n<\/p><\/div>\n<\/p><\/div>\n<\/p><\/div>\n<\/p><\/div>\n<\/p><\/div>\n<\/p><\/div>\n<\/p><\/div>\n<\/p><\/div>\n<\/p><\/div>\n<\/p><\/div>\n<\/p><\/div>\n<\/p><\/div>\n<\/p><\/div>\n<\/p><\/div>\n<\/p><\/div>\n<\/p><\/div>\n<\/p><\/div>\n<\/p><\/div>\n<\/p><\/div>\n<\/p><\/div>\n<\/p><\/div>\n<p> <font face=\"Arial\" size=\"4\">  <\/p>\n<div align=\"center\" dir=\"rtl\"> <font face=\"Bookman Old Style\" size=\"7\"> <strong>TUNISNEWS <\/strong><\/font> <\/div>\n<div align=\"center\" dir=\"rtl\"> <strong><font face=\"Arial\" size=\"2\">11 \u00e8me ann\u00e9e,               N\u00b04230 du29.01.2012<\/font><\/strong><\/div>\n<div align=\"center\" dir=\"rtl\"> <font face=\"Arial\" size=\"2\"> <strong>archives : <\/strong><\/font><a target=\"_blank\" rel=\"noopener\"> <font face=\"Arial\" size=\"2\"> <strong>www.tunisnews.net<\/strong><\/font><\/a><strong><font face=\"Arial\" size=\"2\"><span lang=\"FR\"> <\/span> <\/font><\/strong> <\/div>\n<div align=\"center\"> <b><span><\/p>\n<hr align=\"center\" size=\"2\" width=\"100%\"\/><\/span><\/b> <\/div>\n<p><span lang=\"EN-US\"><font face=\"Times New Roman\" size=\"3\">\u00a0<\/font><\/span><b><span lang=\"EN-US\">La Croix: <\/span><span lang=\"NO-BOK\">\u00c0 Davos, les dirigeants marocains et tunisiens cherchent \u00e0 rassurer les investisseurs                                                                                                                                                                                                                                                                                                                                                                                                                                                                                                                                                                                                                                                                                                                 <\/span><span lang=\"EN-US\">Tunisie Numerique<\/span><span lang=\"NO-BOK\">: Tunisie: Jebali, Ghannouchi, Nabli et Abdessalam \u00e0 Davos, mais o\u00f9 est donc notre ministre des Finances ?<\/span><span lang=\"NO-BOK\"> <\/span><span lang=\"EN-US\">Mediapart<\/span><span lang=\"NO-BOK\">: Tunisie- les handicaps qui freinent la promotion de l\u2019export vers l\u2019Afrique                                                                                                                                                                                                                                                                                                                                                                                                                                                                                                                                                                                                                                                                                                                 <\/span><span lang=\"NO-BOK\">Le point: <a href=\"http:\/\/www.lepoint.fr\/monde\/tunisie-des-milliers-de-manifestants-pour-denoncer-la-pression-salafiste-28-01-2012-1424790_24.php\" target=\"_blank\" rel=\"noopener\"><span>Tunisie: des milliers de manifestants pour d\u00e9noncer la pression salafiste<\/span><\/a><\/span><span lang=\"NO-BOK\"> <\/span><\/b><span><b><span lang=\"EN-US\">Terrafemina<\/span><\/b><\/span><b><span lang=\"NO-BOK\">: Tunisie : les propos de Sadok Chourou font d\u00e9border le vase                                                                                                                                                                                                                                                                                                                                                                                                                                                                                                                                                                                                                                                                                                                 <\/span><span lang=\"NO-BOK\">Tunisie-Maroc: Les Islamistes se rebiffent<\/span><span lang=\"NO-BOK\"> <\/span><span lang=\"EN-US\">Business News: Khaled Chouket remplace Slim Riahi \u00e0 la t\u00eate de l\u2019UPL                                                                                                                                                                                                                                                                                                                                                                                                                                                                                                                                                                                                                                                                                                                 <\/span><span lang=\"EN-US\">Le Temps<\/span><\/b><span><b><span lang=\"NO-BOK\">: Le PDP suspend la parution d\u2019\u00abAl-Mawkef\u00bb<\/span><\/b><\/span><\/p>\n<div align=\"center\"> <b><span lang=\"NO-BOK\"><\/p>\n<hr align=\"center\" size=\"2\" width=\"100%\"\/><\/span><\/b> <\/div>\n<p align=\"center\"><b><span lang=\"NO-BOK\">Le matin du vendredi 27 janvier 2012, le forum de Davos a \u00e9cout\u00e9 tr\u00e9s attentivement le chef du gouvernement tunisien Hamadi Jebali.<\/span><\/b><\/p>\n<p align=\"center\"><b><span lang=\"NO-BOK\">Vid\u00e9o int\u00e9grale: <\/span><\/b><\/p>\n<p align=\"center\"><b><span lang=\"NO-BOK\"><a href=\"http:\/\/www.weforum.org\/videos\/future-tunisia-annual-meeting-2012\" target=\"_blank\" rel=\"noopener\"><font>http:\/\/www.weforum.org\/videos\/future-tunisia-annual-meeting-2012<\/font><\/a><\/span><\/b><\/p>\n<div align=\"center\"> <b><span lang=\"NO-BOK\"><\/p>\n<hr align=\"center\" size=\"2\" width=\"100%\"\/><\/span><\/b> <\/div>\n<h2 align=\"center\" style=\"color: red;\"><span lang=\"NO-BOK\"><a href=\"http:\/\/www.lepoint.fr\/monde\/tunisie-des-milliers-de-manifestants-pour-denoncer-la-pression-salafiste-28-01-2012-1424790_24.php\" target=\"_blank\" rel=\"noopener\"><span>Tunisie: des milliers de manifestants pour d\u00e9noncer la pression salafiste<\/span><\/a><\/span><\/h2>\n<p><span>A quelques m\u00e8tres, deux jeunes femmes s&rsquo;\u00e9poumonnent: \u00ab\u00a0La Tunisie est libre, non aux esprits arri\u00e9r\u00e9s!\u00a0\u00bb \u00ab\u00a0Ce n&rsquo;est pas parce qu&rsquo;on est musulman qu&rsquo;on est islamiste. J&rsquo;en ai assez que l&rsquo;islam soit utilis\u00e9 contre nous\u00a0\u00bb, explique Nadia, une jeune cadre voil\u00e9e.<\/span><\/p>\n<p><span>Des filles \u00e0 qui l&rsquo;on \u00ab\u00a0conseille\u00a0\u00bb de porter le foulard, des jeunes refoul\u00e9s d&rsquo;une mosqu\u00e9e, des enseignants anxieux de voir d\u00e9barquer \u00e0 leur cours une \u00e9tudiante en niqab&#8230; Ils ont manifest\u00e9 samedi \u00e0 Tunis leur inqui\u00e9tude face \u00e0 des incidents qui ont selon eux tendance \u00e0 se multiplier.<\/span><\/p>\n<p><span>Ce sont deux petites dames aux cheveux blancs, souriantes, agitant avec \u00e9nergie leur drapeau tunisien: Sarah Moalla et Oum Kalthoum Bradai, retrait\u00e9es. Elles sont venues participer au d\u00e9fil\u00e9 pour \u00ab\u00a0la d\u00e9fense des libert\u00e9s\u00a0\u00bb organis\u00e9 par des partis de gauche et des associations.<\/span><\/p>\n<p><span>\u00ab\u00a0On \u00e9tait enseignantes, on a pass\u00e9 notre vie \u00e0 \u00e9duquer. Et aujourd&rsquo;hui certains veulent nous ramener 14 si\u00e8cles en arri\u00e8re ?\u00a0\u00bb, dit l&rsquo;une des deux septuag\u00e9naires. \u00ab\u00a0Les salafistes sont bouch\u00e9s, ils ne comprennent rien\u00a0\u00bb, rench\u00e9rit son amie.<\/span><\/p>\n<p><span>La marche a \u00e9t\u00e9 organis\u00e9e apr\u00e8s une s\u00e9rie d&rsquo;incidents violents impliquant des radicaux de cette mouvance, tr\u00e8s minoritaire en Tunisie, mais qui ne cesse de faire parler d&rsquo;elle depuis la victoire des islamistes d&rsquo;Ennahda aux \u00e9lections.<\/span><\/p>\n<p><span>Dans des universit\u00e9s, o\u00f9 les partisans du port du niqab (voile islamique int\u00e9gral) font pression, jusqu&rsquo;\u00e0 entra\u00eener la fermeture d&rsquo;une fac. Devant la justice, o\u00f9 ils vouent aux g\u00e9monies une cha\u00eene de t\u00e9l\u00e9vision accus\u00e9e d&rsquo;avoir diffus\u00e9 un film blasph\u00e9matoire. Dans des manifestations, o\u00f9 des journalistes et militants ont \u00e9t\u00e9 pris \u00e0 partie, voire molest\u00e9s.<\/span><\/p>\n<p><span>Mais au-del\u00e0 de ces incidents spectaculaires, les enseignants, les \u00e9tudiantes, les artistes venus manifester \u00e9voquent des pressions insidieuses, des \u00e9v\u00e9nements anecdotiques mais qui se r\u00e9p\u00e8tent trop souvent \u00e0 leur go\u00fbt.<\/span><\/p>\n<p><span>\u00ab\u00a0L&rsquo;\u00e9picier m&rsquo;a dit l&rsquo;autre jour: vous ne me plaisez pas avec votre jean. Je lui ai r\u00e9torqu\u00e9 qu&rsquo;il ne me plaisait pas avec sa barbe\u00a0\u00bb, raconte Leila Katech, une anesth\u00e9siste \u00e0 la retraite, qui \u00ab\u00a0en a assez de voir la religion devenir la seule r\u00e9f\u00e9rence\u00a0\u00bb.<\/span><\/p>\n<p><span>A travers ce prisme, \u00ab\u00a0tout devient un probl\u00e8me: aller voir un gyn\u00e9cologue, parler, s&rsquo;habiller\u00a0\u00bb, d\u00e9plore-t-elle.<\/span><\/p>\n<p><span>A quelques m\u00e8tres, deux jeunes femmes s&rsquo;\u00e9poumonnent: \u00ab\u00a0La Tunisie est libre, non aux esprits arri\u00e9r\u00e9s!\u00a0\u00bb \u00ab\u00a0Ce n&rsquo;est pas parce qu&rsquo;on est musulman qu&rsquo;on est islamiste. J&rsquo;en ai assez que l&rsquo;islam soit utilis\u00e9 contre nous\u00a0\u00bb, explique Nadia, une jeune cadre voil\u00e9e.<\/span><\/p>\n<p><span>Rym, elle, est en cheveux, malgr\u00e9 son p\u00e8re, qui voudrait qu&rsquo;elle se couvre. \u00ab\u00a0Les barbus essayent de tout contr\u00f4ler\u00a0\u00bb, dit la jeune femme, qui a eu une altercation r\u00e9cente avec des salafistes alors qu&rsquo;elle voulait montrer \u00e0 des amis touristes une mosqu\u00e9e de la m\u00e9dina de Tunis.<\/span><\/p>\n<p><span>Les enseignants sont venus en nombre. Aslam Jelouli, professeur \u00e0 la facult\u00e9 des Sciences de Tunis, s&rsquo;angoisse \u00e0 l&rsquo;id\u00e9e qu&rsquo;une \u00e9tudiante rev\u00eatue du niqab vienne un jour \u00e0 son cours.<\/span><\/p>\n<p><span>\u00ab\u00a0Regardez ce qui s&rsquo;est pass\u00e9 \u00e0 la Manouba\u00a0\u00bb (une fac de Lettres pr\u00e8s de Tunis perturb\u00e9e pendant deux mois par des \u00e9tudiants et salafistes voulant imposer le port du niqab en cours).<\/span><\/p>\n<p><span>\u00ab\u00a0Le gouvernement n&rsquo;a rien fait, il a tent\u00e9 de m\u00e9nager la ch\u00e8vre et le chou, mais ce n&rsquo;est pas possible, on va finir par se faire manger\u00a0\u00bb, s&rsquo;\u00e9nerve-t-il.<\/span><\/p>\n<p><span>Tiraill\u00e9 entre ses propres faucons et ses colombes, soucieux de ne pas s&rsquo;ali\u00e9ner la partie radicale de sa base, le parti islamiste Ennahda, qui domine le gouvernement tunisien, a r\u00e9agi timidement aux incidents, voire est rest\u00e9 silencieux.<\/span><\/p>\n<p><span>\u00ab\u00a0Ce gouvernement n&rsquo;est pas complice, mais il est complaisant, \u00e0 tout le moins\u00a0\u00bb, d\u00e9nonce le fondateur du Parti D\u00e9mocrate Progressiste (PDP), Ahmed Nejib Chebbi, pr\u00e9sent \u00e0 la manifestation.<\/span><\/p>\n<p><span>\u00ab\u00a0Aujourd&rsquo;hui le poids des salafistes ne m&rsquo;inqui\u00e8te pas mais le ph\u00e9nom\u00e8ne peut se d\u00e9velopper \u00e0 la faveur de la crise sociale et de l&rsquo;instabilit\u00e9\u00a0\u00bb, met-il en garde.<\/span><\/p>\n<p><span>\u00ab\u00a0Ils peuvent devenir une menace r\u00e9elle si on ne les arr\u00eate pas\u00a0\u00bb, estime de son c\u00f4t\u00e9 le juriste Yadh Ben Achour, tandis que la chef du PDP, Maya Jribi, dit faire confiance au peuple tunisien, \u00ab\u00a0profond\u00e9ment mod\u00e9r\u00e9 et tol\u00e9rant\u00a0\u00bb.<\/span><\/p>\n<p><span>(<\/span><b><span>Source: Lepoin.fr le 28 janvier 2012)                                                                                                                                                                                                                                                                                                                                                                                                                                                                                                                                                                                                                                                                                                                 Lien: http:\/\/www.lepoint.fr\/monde\/tunisie-des-milliers-de-manifestants-pour-denoncer-la-pression-salafiste-28-01-2012-1424790_24.php<\/span><\/b><\/p>\n<div align=\"center\"> <b><span lang=\"NO-BOK\"><\/p>\n<hr align=\"center\" size=\"2\" width=\"100%\"\/><\/span><\/b> <\/div>\n<p align=\"center\"><b><span lang=\"NO-BOK\">\u00c0 Davos, les dirigeants marocains et tunisiens cherchent \u00e0 rassurer les investisseurs<\/span><\/b><\/p>\n<p><span lang=\"NO-BOK\">Assis c\u00f4te \u00e0 c\u00f4te \u00e0 la m\u00eame tribune, hier, au Forum \u00e9conomique de Davos (Suisse) le premier ministre tunisien Hamadi Jebali et son homologue marocain Abdelilah Benkirane ont lanc\u00e9 un appel \u00e0 la communaut\u00e9 \u00e9conomique et financi\u00e8re pour qu\u2019elle continue \u00e0 investir dans leurs pays. Hamadi Jebali a effectu\u00e9 dans la station des Alpes suisses son premier d\u00e9placement en Europe, depuis sa prise de fonction en d\u00e9cembre. Pour Abdelilah Benkirane, il s\u2019agit m\u00eame du premier voyage officiel \u00e0 l\u2019\u00e9tranger, depuis sa nomination fin novembre, comme chef du gouvernement. <\/span><span lang=\"EN-US\">C\u2019est dire, pour eux l\u2019importance rev\u00eatue par ce symposium, qui a rassembl\u00e9 cette ann\u00e9e, pour sa 42e \u00e9dition, plus de 1\u00a0600 d\u00e9cideurs \u00e9conomiques de la plan\u00e8te.<\/span><\/p>\n<p><span lang=\"EN-US\">Tous deux issus de partis islamistes mod\u00e9r\u00e9s, le parti Justice et d\u00e9veloppement (PJD) au Maroc, Ennahda en Tunisie, arriv\u00e9s largement en t\u00eate aux \u00e9lections, ils ont cherch\u00e9 \u00e0 rassurer les investisseurs, qui s\u2019inqui\u00e8tent de la r\u00e9elle avanc\u00e9e des transitions d\u00e9mocratiques op\u00e9r\u00e9es par ces pays. En Tunisie, plusieurs partis de gauche et des associations ont ainsi appel\u00e9 aujourd\u2019hui \u00e0 Tunis \u00e0 une \u00ab\u00a0marche pour la d\u00e9fense des libert\u00e9s\u00a0\u00bb afin de d\u00e9noncer \u00ab\u00a0la multiplication des agressions\u00a0\u00bb, le discours fondamentaliste extr\u00e9miste\u00a0\u00bb et la \u00ab\u00a0passivit\u00e9 des autorit\u00e9s\u00a0\u00bb alors que les incidents se multiplient depuis quelques mois, notamment dans les universit\u00e9s o\u00f9 les salafistes r\u00e9clament le port du voile int\u00e9gral.<\/span><\/p>\n<p><span lang=\"EN-US\">\u00a0La d\u00e9gradation de l\u2019\u00e9conomie tunisienne, entr\u00e9e en r\u00e9cession l\u2019an dernier avec un PIB en recul de 1,8\u00a0% et\u00a0800\u00a0000 ch\u00f4meurs, dont un quart de dipl\u00f4m\u00e9s, rend en effet la situation explosive et pousse \u00e0 de nouvelles revendications sociales, alors que les marges de man\u0153uvres financi\u00e8res du gouvernement sont limit\u00e9es. Le d\u00e9ficit budg\u00e9taire atteint d\u00e9j\u00e0 6\u00a0% du PIB. La Tunisie comme le Maroc d\u00e9pendent aussi fortement des pays europ\u00e9ens pour leurs \u00e9changes commerciaux et la crise de la zone euro les rend encore plus fragiles.\u00a0<\/span><\/p>\n<p><span lang=\"NO-BOK\">\u00ab\u00a0J\u2019en appelle ici \u00e0 Davos \u00e0 ceux qui nous \u00e9coutent. <\/span><span lang=\"EN-US\">Nous demandons un soutien pour nos efforts de d\u00e9veloppement, car nos propres moyens ne sont pas suffisants\u00a0\u00bb, a lanc\u00e9 Hamadi Jamali, en affirmant que la \u00ab\u00a0Tunisie est un pays ouvert et non pas un pays religieux et une terre d\u2019accueil pour les investissements \u00e9trangers\u00a0\u00bb.\u00a0Afin de ne plus miser uniquement sur le tourisme, le pays souhaite, par exemple, d\u00e9velopper des plates-formes pour les services financiers. Il cherche \u00e9galement \u00e0 modifier la l\u00e9gislation sur les investissements \u00e9trangers avec la mise en place de normes plus transparentes et conformes aux standards internationaux. En marge du Forum, le chef du gouvernement tunisien devait d\u2019ailleurs rencontrer plusieurs des patrons de multinationales ainsi que des repr\u00e9sentants de fonds d\u2019investissement, selon son entourage. <\/span><span lang=\"NO-BOK\">Avec les autorit\u00e9s helv\u00e9tiques, il devait \u00e9galement discuter du d\u00e9gel des avoirs du pr\u00e9sident d\u00e9chu Ben Ali et de sa famille, qui sont toujours bloqu\u00e9s en Suisse.<\/span><\/p>\n<p><span lang=\"NO-BOK\">Les investisseurs n\u2019ont pas \u00e0 s\u2019inqui\u00e9ter des partis islamistes, a affirm\u00e9, de son c\u00f4t\u00e9, Abdelilah Benkirane. \u00ab\u00a0Ils repr\u00e9sentent la population et sont ouverts. <\/span><span lang=\"EN-US\">En luttant activement contre la corruption, ils peuvent m\u00eame mieux garantir vos int\u00e9r\u00eats et vos investissements que les gouvernements pr\u00e9c\u00e9dents\u00a0\u00bb, a-t-il expliqu\u00e9. Le premier ministre tunisien s\u2019est voulu tout aussi rassurant, en expliquant que le projet de future constitution tunisienne, actuellement en discussion, devrait garantir l\u2019absence de discriminations. Selon lui, le texte \u00ab\u00a0<i>va garantir le respect des libert\u00e9s publiques et des droits de l\u2019homme, interdire la torture, garantir l\u2019ind\u00e9pendance de la justice, prot\u00e9ger la libert\u00e9 de la presse, garantir la libert\u00e9 de croyance, assurer l\u2019\u00e9galit\u00e9 des sexes et prot\u00e9ger les acquis des droits de la femme\u00a0\u00bb.<\/i><\/span><\/p>\n<p><span lang=\"EN-US\">\u00c0 Davos, les deux chefs de gouvernement ont donc martel\u00e9, avec insistance, le m\u00eame message. Les partis islamistes n\u2019ont rien contre l\u2019\u00e9conomie de march\u00e9 et leur arriv\u00e9e au pouvoir devrait m\u00eame les conduire \u00e0 se montrer tr\u00e8s pragmatiques dans la conduite des affaires, avec comme seule priorit\u00e9, la cr\u00e9ation d\u2019emplois. \u00ab\u00a0Les islamistes ne sont pas des cr\u00e9atures m\u00e9taphysiques. Ce sont<span>\u00a0<\/span><i>des acteurs politiques comme n\u2019importe quels autres, qui cherchent<\/i><span>\u00a0<\/span>d\u2019abord \u00e0 veiller \u00e0 l\u2019int\u00e9r\u00eat national\u00a0\u00bb, a soulign\u00e9 Rafik Abdessalem le ministre des affaires \u00e9trang\u00e8res de Tunisie.\u00a0<\/span><\/p>\n<p><span lang=\"EN-US\">Dans les couloirs du Forum \u00e9conomique mondial, plusieurs intervenants ne cachaient pas n\u00e9anmoins leur scepticisme sur ces propos, en citant notamment l\u2019exemple de l\u2019\u00c9gypte o\u00f9 les mouvements islamistes radicaux souhaiteraient modifier la r\u00e9glementation bancaire, pour la rendre plus compatible avec les principes de l\u2019islam.<\/span><\/p>\n<p><span lang=\"EN-US\">Source: \u201cLa Croix\u201d Le 28-01-2012<\/span><\/p>\n<p><span lang=\"NO-BOK\">Lien: <\/span><span lang=\"NO-BOK\"><a href=\"http:\/\/www.la-croix.com\/Actualite\/S-informer\/Monde\/A-Davos-les-dirigeants-marocains-et-tunisiens-cherchent-a-rassurer-les-investisseurs-_NG_-2012-01-28-763000\" target=\"_blank\" rel=\"noopener\"><font>http:\/\/www.la-croix.com\/Actualite\/S-informer\/Monde\/A-Davos-les-dirigeants-marocains-et-tunisiens-cherchent-a-rassurer-les-investisseurs-_NG_-2012-01-28-763000<\/font><\/a><\/span><\/p>\n<div align=\"center\"> <b><span lang=\"NO-BOK\"><\/p>\n<hr align=\"center\" size=\"2\" width=\"100%\"\/><\/span><\/b> <\/div>\n<p><span lang=\"NO-BOK\"><font face=\"Times New Roman\" size=\"3\">\u00a0<\/font><\/span><\/p>\n<p align=\"center\"><b><span lang=\"NO-BOK\"><font size=\"3\">Tunisie: Jebali, Ghannouchi, Nabli et Abdessalam \u00e0 Davos, mais o\u00f9 est donc notre ministre des Finances ?<\/font><\/span><\/b><\/p>\n<p><span lang=\"NO-BOK\"><font face=\"Times New Roman\" size=\"3\">\u00a0<\/font><\/span><\/p>\n<p><span lang=\"NO-BOK\">Houcine Dimassi, ministre des Finances a fait savoir qu\u2019il n\u2019a pas re\u00e7u d\u2019invitation de Hamadi Jebali, chef du Gouvernement pour assister \u00e0 la 42\u00e8me \u00e9dition du Forum \u00e9conomique mondial de Davos.<\/span><\/p>\n<p><span lang=\"NO-BOK\">Il a pr\u00e9cis\u00e9 que Jebali est celui qui a choisi la d\u00e9l\u00e9gation l\u2019accompagnant \u00e0 Davos et qu\u2019il a refus\u00e9 de donner de pr\u00e9cisions \u00e0 propos de son exclusion d\u2019un tel \u00e9v\u00e9nement marqu\u00e9 par la pr\u00e9sence de Chefs d\u2019\u00c9tats, Chefs de Gouvernements, des Gouverneurs de Banques Centrales, de ministres des Finances et des pr\u00e9sidents des Conseils d\u2019administrations de grandes soci\u00e9t\u00e9s internationales.<\/span><\/p>\n<p><span lang=\"NO-BOK\">L\u2019absence de Dimassi et sa relation avec le Chef du Gouvernement suscitent plusieurs interrogations. Des sources indiquent que sa nomination au poste de ministre des Finances \u00e9tait dans le but de combler la vacance dans ce poste notamment avec l\u2019accroissement de la pression populaire pour la constitution du gouvernement de la Tro\u00efka le plus vite possible.<\/span><\/p>\n<p><span lang=\"NO-BOK\">D\u2019autres sources soutiennent que sa d\u00e9signation \u00e9tait sous pression du parti Ettakatol suite \u00e0 des n\u00e9gociations houleuses, au sein de la Tro\u00efka \u00e0 propos de ce poste, une nomination qui ne semble pas plaire \u00e0 Hamadi Jeblai.<\/span><\/p>\n<p><span lang=\"NO-BOK\">Outre, Rafik Abdesselam, ministre des Affaires \u00c9trang\u00e8res, Mustapha Kamel Nabli, Gouverneur de la Banque Centrale de Tunisie (BCT), Ridha Sa\u00efdi ministre aupr\u00e8s du Chef du Gouvernement charg\u00e9 du dossier \u00e9conomique, Rached Ghannouchi, leader du mouvement Ennahdha a \u00e9t\u00e9 pr\u00e9sent au Forum.<\/span><\/p>\n<p><span lang=\"EN-US\">Une pr\u00e9sence qui a \u00e9t\u00e9 suscit\u00e9 des interrogations \u00e0 propos du statut de Cheikh Rached Ghannouchi pour assister \u00e0 un tel \u00e9v\u00e9nement \u00e9conomique mondial?<\/span><\/p>\n<p><span lang=\"EN-US\">Source: \u201cTunisie Numerique\u201d Le 28-01-2012<\/span><\/p>\n<p><span lang=\"NO-BOK\">Lien: <\/span><span lang=\"NO-BOK\"><a href=\"http:\/\/www.tunisienumerique.com\/tunisie-jebali-ghannouchi-nabli-et-abdessalam-a-davos-mais-ou-est-donc-notre-ministre-des-finances\/99906\" target=\"_blank\" rel=\"noopener\"><font>http:\/\/www.tunisienumerique.com\/tunisie-jebali-ghannouchi-nabli-et-abdessalam-a-davos-mais-ou-est-donc-notre-ministre-des-finances\/99906<\/font><\/a><\/span><\/p>\n<div align=\"center\"> <b><span lang=\"NO-BOK\"><\/p>\n<hr align=\"center\" size=\"2\" width=\"100%\"\/><\/span><\/b> <\/div>\n<h2 align=\"center\" style=\"color: red;\"><span lang=\"NO-BOK\">Tunisie- les handicaps qui freinent la promotion de l\u2019export vers l\u2019Afrique<\/span><\/h2>\n<p><span lang=\"EN-US\">L\u2019absence d\u2019une v\u00e9ritable volont\u00e9 politique.<\/span><\/p>\n<p><span lang=\"EN-US\"><font face=\"Times New Roman\" size=\"3\">\u00a0<\/font><\/span><\/p>\n<p><span lang=\"EN-US\">La faiblesse de nos exportations vers l\u2019Afrique subsaharienne trouve une partie de ses raisons profondes outre dans l\u2019attitude timor\u00e9e (\u00e0 des exceptions pr\u00e8s) de ses op\u00e9rateurs \u00e9conomiques pour diverses raisons dont l\u2019ignorance des potentialit\u00e9s, certains pr\u00e9jug\u00e9s, etc., dans les liens historiques qui orientent le flux traditionnel du sud au nord de l\u2019Europe (avec laquelle nous r\u00e9alisons 80 % de nos transactions) par soumission aux puissances tut\u00e9laires de l\u2019occident et bient\u00f4t du Moyen-Orient.<\/span><\/p>\n<p><span lang=\"EN-US\">D\u2019autres entraves tiennent \u00e0 la conjonction de handicaps et de facteurs d\u00e9favorables soulignant l\u2019absence -en d\u00e9pit des discours officiels- d\u2019une v\u00e9ritable volont\u00e9 politique se traduisant au niveau de la diplomatie, du transport et du secteur bancaire et d\u2019une cacophonie du triptyque\u00a0: Etat, chambres syndicales et agences d\u2019appui \u00e0 l\u2019exportation.<\/span><\/p>\n<p><span lang=\"EN-US\">A contrario, le premier ministre turc Erdogan ou le roi Mohamed VI agissent en v\u00e9ritables VRP quand on sait que ce dernier a fait appel \u00e0 environ 150 comp\u00e9tences de la diaspora install\u00e9es \u00e0 l\u2019\u00e9tranger en les dotant d\u2019immenses pr\u00e9rogatives d\u2019action et de moyens y compris des cartes de cr\u00e9dit personnelles plafonn\u00e9es \u00e0 100\u00a0000 $.<\/span><\/p>\n<p><span lang=\"EN-US\">En Tunisie, les diplomates en poste, les fonctionnaires de la Direction g\u00e9n\u00e9rale Afrique au Minist\u00e8re des Affaires Etrang\u00e8res et les responsables du\u00a0<span>\u00a0<\/span>CEPEX (Centre de Promotion des Exportations)<span>\u00a0<\/span>\u00a0et le FAMEX (Fonds de Promotion des Exportations) qui se d\u00e9m\u00e8nent comme ils peuvent pour encourager les missions de prospection, sont \u00e0 consid\u00e9rer comme de v\u00e9ritables militants eu \u00e9gard \u00e0 l\u2019indigence de leurs moyens.<\/span><\/p>\n<p><span lang=\"EN-US\">Sans nous hasarder \u00e0 comparer la Tunisie avec la puissance mondiale qu\u2019est la Chine ni avec la Turquie puissance \u00e9mergente, nous allons nous en tenir \u00e0 comparer les indicateurs caract\u00e9risant l\u2019exportation avec ceux du Maroc, qui certes est trois fois plus peupl\u00e9 que la Tunisie et dont la vocation africaine est davantage affirm\u00e9e \u00e0 travers son influence s\u00e9culaire au sud du Sahara.<\/span><\/p>\n<p><span lang=\"EN-US\">La faiblesse de la repr\u00e9sentation diplomatique en Afrique subsaharienne<\/span><\/p>\n<p><span lang=\"EN-US\">La majorit\u00e9 de nos diplomates, \u00e0 des exceptions pr\u00e8s -qui d\u00e8s la premi\u00e8re mission deviennent passionn\u00e9s de cette r\u00e9gion- ne sont pas enclins \u00e0 regarder vers l\u2019Afrique subsaharienne, par n\u00e9gligence, m\u00e9pris ou ignorance notamment de ses immenses potentialit\u00e9s \u00e9conomiques.<\/span><\/p>\n<p><span lang=\"EN-US\">La comparaison du nombre de repr\u00e9sentations diplomatiques n\u2019est pas significative en elle-m\u00eame car en effet c\u2019est le nombre de diplomates en exercice qui l\u2019est davantage car bien souvent, l\u2019effectif de nos ambassades est r\u00e9duit au chef de mission et \u00e0 un conseiller, quand certaines ambassades en occident regorgent d\u2019effectifs pl\u00e9thoriques (l\u2019ambassade \u00e0 Yaound\u00e9 couvre \u00e0 part le Cameroun quatre autres pays\u00a0: Le Tchad, le Gabon, la Guin\u00e9e Equatoriale et San Tom\u00e9 et Principe).<\/span><\/p>\n<p><span lang=\"EN-US\">Le handicap majeur r\u00e9side dans l\u2019absence d\u2019une volont\u00e9 politique pour r\u00e9orienter l\u2019effort international vers un march\u00e9 tr\u00e8s porteur o\u00f9 nos entreprises ont toutes les chances d\u2019agir en direct non en tant que sous-traitants d\u2019op\u00e9rateurs europ\u00e9ens\u00a0: notre diplomatie est en effet habitu\u00e9e aux circuits balis\u00e9s impos\u00e9s par la proximit\u00e9 g\u00e9ographique avec l\u2019Europe et bient\u00f4t vers des pays moyens orientaux qui n\u2019ont pas le m\u00eame sch\u00e9ma de consum\u00e9risme, de d\u00e9veloppement ou de collaboration.<\/span><\/p>\n<p><span lang=\"EN-US\">De profondes r\u00e9formes sont \u00e0 entreprendre en mati\u00e8re d\u2019organisation, de suivi et d\u2019efficience des commissions mixtes, de la n\u00e9gociation, signature et ratification des conventions de non double imposition, et des proc\u00e9dures de visa et facilit\u00e9s d\u2019entr\u00e9e non seulement pour faciliter le d\u00e9placement des comp\u00e9tences tunisiennes mais aussi des visiteurs africains des pays o\u00f9 il n\u2019 y a pas de repr\u00e9sentation diplomatique de notre pays.<\/span><\/p>\n<p><span lang=\"EN-US\">Si le CEPEX a fait une relative mise \u00e0 niveau qualitative de son portail d\u2019information on line on ne peut en dire autant du site du MAE qui comme toute administration- en attendant la mise en \u0153uvre d\u2019un hypoth\u00e9tique syst\u00e8me e-Gov- pr\u00e9sente un d\u00e9ficit informationnel (un parcours du site WEB montre des insuffisances sur les repr\u00e9sentations de notre pays et au niveau des accords bilat\u00e9raux o\u00f9 beaucoup de liens ne sont pas fonctionnels\u00a0: commissions mixtes , \u00e9changes, etc..)<\/span><\/p>\n<p><span lang=\"EN-US\">La faiblesse du pavillon national<\/span><\/p>\n<p><span lang=\"EN-US\">Le diff\u00e9rentiel qui explique l\u2019\u00e9cart du volume des affaires en Afrique subsaharienne avec celui r\u00e9alis\u00e9 par le Maroc tient aussi \u00e0 la couverture du r\u00e9seau de connexions a\u00e9riennes o\u00f9 la RAM (Royal Air Maroc) relie au hub de Casablanca 24 destinations selon cent fr\u00e9quences hebdomadaires (certains pays connaissent 5 fr\u00e9quences hebdomadaires), alors que Tunis Air ne relie que Nouakchott, Bamako , Dakar et Abidjan selon des fr\u00e9quences bi hebdomadaires.<\/span><\/p>\n<p><span lang=\"EN-US\">Cet \u00e9tat de fait<span>\u00a0<\/span>\u00a0p\u00e9nalise le d\u00e9placement des op\u00e9rateurs \u00e9conomiques tunisiens expliquant que pour des contingences d\u2019agenda, compte tenu de fr\u00e9quences plus favorables sur la RAM par rapport \u00e0 Tunis Air, on soit accul\u00e9 \u00e0 voyager de Tunis vers Dakar via Casablanca sous le pavillon marocain en d\u00e9pit de l\u2019existence d\u2019un vol direct sur le pavillon tunisien.<\/span><\/p>\n<p><span lang=\"EN-US\">Ce handicap est d\u00fb au manque de vision et d\u2019ambition de notre pavillon national, cartellis\u00e9 avec Air France, qui habitu\u00e9 \u00e0 une situation de rente que repr\u00e9sentent les lignes avec l \u2018Europe et la France en particulier, diff\u00e8re depuis dix ans l\u2019ouverture d\u2019une ligne vers l\u2019Afrique centrale (Douala) et<span>\u00a0<\/span>\u00a0l\u2019ouverture d\u2019une ligne vers le hub de Nairobi porte ouverte vers l\u2019Afrique de l\u2019est\u00a0<span>\u00a0<\/span>et du sud.<\/span><\/p>\n<p><span lang=\"EN-US\">Pour ce qui est du transport maritime, l\u2019absence de lignes maritimes et la faiblesse des flux de marchandises font qu\u2019un conteneur partant de Tunis vers l\u2019Afrique centrale transite par l\u2019Europe du nord et met plus de deux mois pour atteindre l\u2019Afrique centrale quand on sait que depuis des mill\u00e9naires, \u00e0 c\u00f4t\u00e9 de leurs conqu\u00eates terrestres, les Carthaginois ont sillonn\u00e9 les mers au-del\u00e0 de la M\u00e9diterran\u00e9e (en<span>\u00a0<\/span>\u00a0l\u2019an 450 avant J.-C. le Mont Cameroun, deuxi\u00e8me sommet d\u2019Afrique appel\u00e9 aussi char des dieux fut d\u00e9couvert par Hannon).<\/span><\/p>\n<p><span lang=\"EN-US\">L\u2019incurie de notre syst\u00e8me bancaire<\/span><\/p>\n<p><span lang=\"EN-US\">Notre syst\u00e8me bancaire souffre de plusieurs maux, attend une mise \u00e0 niveau longtemps diff\u00e9r\u00e9e et repr\u00e9sente d\u00e9j\u00e0 un frein au d\u00e9veloppement sur le plan national\u00a0apportant peu de support au tissu des entreprises locales et n\u2019a aucune strat\u00e9gie de croissance externe \u00e0 l\u2019international sans parler des dommages caus\u00e9s par la corruption qui ont plomb\u00e9 et d\u00e9natur\u00e9 son \u00e9volution pour le rendre asservi \u00e0 un clan mafieux\u00a0<span>\u00a0<\/span>davantage int\u00e9ress\u00e9 par l\u2019activit\u00e9 sp\u00e9culative.<\/span><\/p>\n<p><span lang=\"EN-US\">L\u2019autre facteur favorable aux op\u00e9rateurs marocains par rapport \u00e0 leurs homologues tunisiens est la pr\u00e9sence sur site d\u2019institutions bancaires notamment Attijari bank et la BMCE (Banque Marocaine du Commerce Ext\u00e9rieur) leur permettant une continuit\u00e9 de leurs flux d\u2019op\u00e9rations en mati\u00e8re de cautions, et de financement de leurs projets.<\/span><\/p>\n<p><span lang=\"EN-US\">Le plus singulier en la mati\u00e8re est qu\u2019une d\u00e9l\u00e9gation d\u2019hommes d\u2019affaires tunisiens vers le Burkina Faso et le Mali a \u00e9t\u00e9 accompagn\u00e9e par une comp\u00e9tence d\u2019Attijari Bank de Tunis pour leur proposer les services des filiales marocaines dans ces pays.<\/span><\/p>\n<p><span lang=\"EN-US\">De jour en jour, Ettijari Bank (avec dix agences africaines) et la BMCE\u00a0<span>\u00a0<\/span>avec trois filiales directes et dix \u00e0 travers la prise de participation dans la BOA (Bank of Africa) proc\u00e8dent \u00e0 une p\u00e9n\u00e9tration majoritaire pour agrandir leurs r\u00e9seaux quand nous Tunisiens, n\u2019avons pas trouv\u00e9 mieux qu\u2019une participation symbolique\u00a0<span>\u00a0<\/span>\u00e0 la BCH ( Banque Congolaise de l\u2019Habitat)\u00a0o\u00f9 un certain Imed Trabelsi est toujours actionnaire avec la complicit\u00e9 de la Banque de l\u2019Habitat en Tunisie (voir site<span>\u00a0<\/span>\u00a0<\/span><span lang=\"NO-BOK\"><a href=\"http:\/\/www.bch.cg\/principaux_actionnaire.htm\" target=\"_blank\" rel=\"noopener\"><span lang=\"EN-US\">http:\/\/www.bch.cg\/principaux_actionnaire.htm<\/span><\/a><\/span><span lang=\"EN-US\">).<\/span><\/p>\n<p><span lang=\"EN-US\">Quant au syst\u00e8me des assurances, que dire d\u2019autre sinon qu\u2019il n\u2019y a qu\u2019une compagnie qui assure \u00e0 l\u2019export pour ce qui est de la responsabilit\u00e9 civile professionnelle\u00a0exigible sur plusieurs march\u00e9s<\/span><\/p>\n<p><span lang=\"EN-US\">La cacophonie des structures en charge de l\u2019export<\/span><\/p>\n<p><span lang=\"EN-US\">Le CEPEX est sous tutelle du Minist\u00e8re du Commerce qui interf\u00e8re dans la majorit\u00e9 des d\u00e9cisions et n\u2019arrive pas \u00e0 s\u2019\u00e9manciper de son approche administrative et qui, habitu\u00e9 \u00e0 la coop\u00e9ration avec le Nord dans le cadre de march\u00e9s de sous-traitance, n\u2019a pas encore chang\u00e9 d\u2019approche pour appr\u00e9hender le march\u00e9 sp\u00e9cifique africain dont le\u00a0<span>\u00a0<\/span>mod\u00e8le \u00e9conomique est diff\u00e9rent et son efficacit\u00e9 est loin de celle du FAMEX qui gr\u00e2ce \u00e0 son autonomie est g\u00e9r\u00e9 comme une entreprise priv\u00e9e.<\/span><\/p>\n<p><span lang=\"EN-US\">En Afrique subsaharienne, son r\u00e9seau de repr\u00e9sentation est non seulement inexistant mais aussi non \u00e9toff\u00e9 en comp\u00e9tences puisqu\u2019il ne dispose que d\u2019une agence \u00e0 Abidjan ignorant dans la foul\u00e9e toute l\u2019Afrique anglophone.<\/span><\/p>\n<p><span lang=\"EN-US\">La faiblesse des chambres syndicales et le t\u00e9lescopage avec les diff\u00e9rentes chambres de commerce ne permettent pas d\u2019envisager une strat\u00e9gie d\u2019export coh\u00e9rente et efficiente.<\/span><\/p>\n<p><span lang=\"EN-US\">Les facteurs aggravants de promotion de l\u2019exportation en Afrique subsaharienne<\/span><\/p>\n<p><span lang=\"EN-US\">Le repli de la Tunisie en mati\u00e8re d\u2019octroi de bourses aux \u00e9tudiants africains (qui de retour au pays deviennent des fervents ambassadeurs de la Tunisie) est \u00e0 comparer \u00e0 la politique inverse du Maroc dont 70 % des 8\u00a0000 \u00e9tudiants \u00e9trangers sont africains et dont 85 % sont b\u00e9n\u00e9ficiaires de bourses du Royaume Ch\u00e9rifien.<\/span><\/p>\n<p><span lang=\"EN-US\">L\u2019autre handicap est l\u2019absence de lignes de cr\u00e9dit pour le financement conditionn\u00e9 des projets \u00e0 l\u2019instar de ce qui est pratiqu\u00e9 par les pays d\u00e9velopp\u00e9s, sans parler des IDE tunisiens (Investissements directs) quasiment absents ajoutant un facteur diff\u00e9rentiel n\u00e9gatif pour nos exportateurs.<\/span><\/p>\n<p><span lang=\"EN-US\">On peut y ajouter comme facteur p\u00e9nalisant le faible recours des exportateurs tunisiens aux accords commerciaux et tarifaires qu\u2019ils soient bilat\u00e9raux ou r\u00e9gionaux\u00a0: CEMAC,\u00a0COMESA, UEMOA.<\/span><\/p>\n<p><span lang=\"EN-US\">La Tunisie ne tire pas assez profit<span>\u00a0<\/span>\u00a0de sa position strat\u00e9gique de relais de comp\u00e9tence en Afrique subsaharienne avec l\u2019Europe d\u2019une part (fournisseur\u00a0<span>\u00a0<\/span>de capitaux et de technologie) et les riches pays arabes (dot\u00e9s de grandes capacit\u00e9s financi\u00e8res) d\u2019autre part, pour asseoir une v\u00e9ritable coop\u00e9ration triangulaire.<\/span><\/p>\n<p><span lang=\"EN-US\">Notre pays ne valorise<span>\u00a0<\/span>\u00a0pas assez son image de marque positive, le<span>\u00a0<\/span>\u00a0co\u00fbt comp\u00e9titif de ses produits et services et son expertise en ing\u00e9nierie reconnue dans une r\u00e9gion \u00e0 fort potentiel, qui tout en abritant 13 % de la population mondiale b\u00e9n\u00e9fice de moins de 2 % de l\u2019investissement international et du commerce mondial.<\/span><\/p>\n<p><span lang=\"EN-US\">On peut y ajouter le dumping des pays occidentaux qui \u00e0 travers les agences de coop\u00e9ration et de d\u00e9veloppement<span>\u00a0<\/span>\u00a0telle que la tr\u00e8s agressive ACDI (L&rsquo;Agence Canadienne de D\u00e9veloppement International) et de l\u2019AFD (Agence Fran\u00e7aise de D\u00e9veloppement),<span>\u00a0<\/span>voire directement de leurs ambassades octroient cr\u00e9dits et dons conditionn\u00e9s par le choix de leurs entreprises.<\/span><\/p>\n<p><span lang=\"EN-US\">Ainsi, les quelques op\u00e9rateurs tunisiens en Afrique luttent \u00e0 armes in\u00e9gales, agissent en \u00e9lectrons libres en dehors de toute strat\u00e9gie coh\u00e9rente et ont besoin de plus de soutiens institutionnels efficients.<\/span><\/p>\n<p><span lang=\"EN-US\">\u00a0<\/span><\/p>\n<p><span lang=\"NO-BOK\">Abderrazak LEJRI \u2013Responsable d\u2019une entreprise d\u2019ing\u00e9nierie totalement exportatrice<\/span><\/p>\n<p><span lang=\"NO-BOK\"><font face=\"Times New Roman\" size=\"3\">\u00a0<\/font><\/span><\/p>\n<p><span lang=\"EN-US\">Source: \u201dMediapart\u201d Le 28-01-2012<\/span><\/p>\n<p><span lang=\"EN-US\">Lien: <\/span><span lang=\"NO-BOK\"><a href=\"http:\/\/blogs.mediapart.fr\/blog\/abderrazak-lejri\/280112\/tunisie-les-handicaps-qui-freinent-la-promotion-de-l-export-vers-l\" target=\"_blank\" rel=\"noopener\"><span lang=\"EN-US\"><font>http:\/\/blogs.mediapart.fr\/blog\/abderrazak-lejri\/280112\/tunisie-les-handicaps-qui-freinent-la-promotion-de-l-export-vers-l<\/font><\/span><\/a><\/span><\/p>\n<div align=\"center\"> <b><span lang=\"NO-BOK\"><\/p>\n<hr align=\"center\" size=\"2\" width=\"100%\"\/><\/span><\/b> <\/div>\n<h2 align=\"center\" style=\"color: red;\"><span lang=\"NO-BOK\"><a href=\"http:\/\/www.lepoint.fr\/monde\/tunisie-des-milliers-de-manifestants-pour-denoncer-la-pression-salafiste-28-01-2012-1424790_24.php\" target=\"_blank\" rel=\"noopener\"><span>Tunisie: des milliers de manifestants pour d\u00e9noncer la pression salafiste<\/span><\/a><\/span><\/h2>\n<p><span>A quelques m\u00e8tres, deux jeunes femmes s&rsquo;\u00e9poumonnent: \u00ab\u00a0La Tunisie est libre, non aux esprits arri\u00e9r\u00e9s!\u00a0\u00bb \u00ab\u00a0Ce n&rsquo;est pas parce qu&rsquo;on est musulman qu&rsquo;on est islamiste. J&rsquo;en ai assez que l&rsquo;islam soit utilis\u00e9 contre nous\u00a0\u00bb, explique Nadia, une jeune cadre voil\u00e9e.<\/span><\/p>\n<p><span>Des filles \u00e0 qui l&rsquo;on \u00ab\u00a0conseille\u00a0\u00bb de porter le foulard, des jeunes refoul\u00e9s d&rsquo;une mosqu\u00e9e, des enseignants anxieux de voir d\u00e9barquer \u00e0 leur cours une \u00e9tudiante en niqab&#8230; Ils ont manifest\u00e9 samedi \u00e0 Tunis leur inqui\u00e9tude face \u00e0 des incidents qui ont selon eux tendance \u00e0 se multiplier.<\/span><\/p>\n<p><span>Ce sont deux petites dames aux cheveux blancs, souriantes, agitant avec \u00e9nergie leur drapeau tunisien: Sarah Moalla et Oum Kalthoum Bradai, retrait\u00e9es. Elles sont venues participer au d\u00e9fil\u00e9 pour \u00ab\u00a0la d\u00e9fense des libert\u00e9s\u00a0\u00bb organis\u00e9 par des partis de gauche et des associations.<\/span><\/p>\n<p><span>\u00ab\u00a0On \u00e9tait enseignantes, on a pass\u00e9 notre vie \u00e0 \u00e9duquer. Et aujourd&rsquo;hui certains veulent nous ramener 14 si\u00e8cles en arri\u00e8re ?\u00a0\u00bb, dit l&rsquo;une des deux septuag\u00e9naires. \u00ab\u00a0Les salafistes sont bouch\u00e9s, ils ne comprennent rien\u00a0\u00bb, rench\u00e9rit son amie.<\/span><\/p>\n<p><span>La marche a \u00e9t\u00e9 organis\u00e9e apr\u00e8s une s\u00e9rie d&rsquo;incidents violents impliquant des radicaux de cette mouvance, tr\u00e8s minoritaire en Tunisie, mais qui ne cesse de faire parler d&rsquo;elle depuis la victoire des islamistes d&rsquo;Ennahda aux \u00e9lections.<\/span><\/p>\n<p><span>Dans des universit\u00e9s, o\u00f9 les partisans du port du niqab (voile islamique int\u00e9gral) font pression, jusqu&rsquo;\u00e0 entra\u00eener la fermeture d&rsquo;une fac. Devant la justice, o\u00f9 ils vouent aux g\u00e9monies une cha\u00eene de t\u00e9l\u00e9vision accus\u00e9e d&rsquo;avoir diffus\u00e9 un film blasph\u00e9matoire. Dans des manifestations, o\u00f9 des journalistes et militants ont \u00e9t\u00e9 pris \u00e0 partie, voire molest\u00e9s.<\/span><\/p>\n<p><span>Mais au-del\u00e0 de ces incidents spectaculaires, les enseignants, les \u00e9tudiantes, les artistes venus manifester \u00e9voquent des pressions insidieuses, des \u00e9v\u00e9nements anecdotiques mais qui se r\u00e9p\u00e8tent trop souvent \u00e0 leur go\u00fbt.<\/span><\/p>\n<p><span>\u00ab\u00a0L&rsquo;\u00e9picier m&rsquo;a dit l&rsquo;autre jour: vous ne me plaisez pas avec votre jean. Je lui ai r\u00e9torqu\u00e9 qu&rsquo;il ne me plaisait pas avec sa barbe\u00a0\u00bb, raconte Leila Katech, une anesth\u00e9siste \u00e0 la retraite, qui \u00ab\u00a0en a assez de voir la religion devenir la seule r\u00e9f\u00e9rence\u00a0\u00bb.<\/span><\/p>\n<p><span>A travers ce prisme, \u00ab\u00a0tout devient un probl\u00e8me: aller voir un gyn\u00e9cologue, parler, s&rsquo;habiller\u00a0\u00bb, d\u00e9plore-t-elle.<\/span><\/p>\n<p><span>A quelques m\u00e8tres, deux jeunes femmes s&rsquo;\u00e9poumonnent: \u00ab\u00a0La Tunisie est libre, non aux esprits arri\u00e9r\u00e9s!\u00a0\u00bb \u00ab\u00a0Ce n&rsquo;est pas parce qu&rsquo;on est musulman qu&rsquo;on est islamiste. J&rsquo;en ai assez que l&rsquo;islam soit utilis\u00e9 contre nous\u00a0\u00bb, explique Nadia, une jeune cadre voil\u00e9e.<\/span><\/p>\n<p><span>Rym, elle, est en cheveux, malgr\u00e9 son p\u00e8re, qui voudrait qu&rsquo;elle se couvre. \u00ab\u00a0Les barbus essayent de tout contr\u00f4ler\u00a0\u00bb, dit la jeune femme, qui a eu une altercation r\u00e9cente avec des salafistes alors qu&rsquo;elle voulait montrer \u00e0 des amis touristes une mosqu\u00e9e de la m\u00e9dina de Tunis.<\/span><\/p>\n<p><span>Les enseignants sont venus en nombre. Aslam Jelouli, professeur \u00e0 la facult\u00e9 des Sciences de Tunis, s&rsquo;angoisse \u00e0 l&rsquo;id\u00e9e qu&rsquo;une \u00e9tudiante rev\u00eatue du niqab vienne un jour \u00e0 son cours.<\/span><\/p>\n<p><span>\u00ab\u00a0Regardez ce qui s&rsquo;est pass\u00e9 \u00e0 la Manouba\u00a0\u00bb (une fac de Lettres pr\u00e8s de Tunis perturb\u00e9e pendant deux mois par des \u00e9tudiants et salafistes voulant imposer le port du niqab en cours).<\/span><\/p>\n<p><span>\u00ab\u00a0Le gouvernement n&rsquo;a rien fait, il a tent\u00e9 de m\u00e9nager la ch\u00e8vre et le chou, mais ce n&rsquo;est pas possible, on va finir par se faire manger\u00a0\u00bb, s&rsquo;\u00e9nerve-t-il.<\/span><\/p>\n<p><span>Tiraill\u00e9 entre ses propres faucons et ses colombes, soucieux de ne pas s&rsquo;ali\u00e9ner la partie radicale de sa base, le parti islamiste Ennahda, qui domine le gouvernement tunisien, a r\u00e9agi timidement aux incidents, voire est rest\u00e9 silencieux.<\/span><\/p>\n<p><span>\u00ab\u00a0Ce gouvernement n&rsquo;est pas complice, mais il est complaisant, \u00e0 tout le moins\u00a0\u00bb, d\u00e9nonce le fondateur du Parti D\u00e9mocrate Progressiste (PDP), Ahmed Nejib Chebbi, pr\u00e9sent \u00e0 la manifestation.<\/span><\/p>\n<p><span>\u00ab\u00a0Aujourd&rsquo;hui le poids des salafistes ne m&rsquo;inqui\u00e8te pas mais le ph\u00e9nom\u00e8ne peut se d\u00e9velopper \u00e0 la faveur de la crise sociale et de l&rsquo;instabilit\u00e9\u00a0\u00bb, met-il en garde.<\/span><\/p>\n<p><span>\u00ab\u00a0Ils peuvent devenir une menace r\u00e9elle si on ne les arr\u00eate pas\u00a0\u00bb, estime de son c\u00f4t\u00e9 le juriste Yadh Ben Achour, tandis que la chef du PDP, Maya Jribi, dit faire confiance au peuple tunisien, \u00ab\u00a0profond\u00e9ment mod\u00e9r\u00e9 et tol\u00e9rant\u00a0\u00bb.<\/span><\/p>\n<p><span>(<\/span><b><span>Source: Lepoin.fr le 28 janvier 2012)                                                                                                                                                                                                                                                                                                                                                                                                                                                                                                                                                                                                                                                                                                                 Lien: http:\/\/www.lepoint.fr\/monde\/tunisie-des-milliers-de-manifestants-pour-denoncer-la-pression-salafiste-28-01-2012-1424790_24.php<\/span><\/b><\/p>\n<div align=\"center\"> <b><span lang=\"NO-BOK\"><\/p>\n<hr align=\"center\" size=\"2\" width=\"100%\"\/><\/span><\/b> <\/div>\n<h2 align=\"center\" style=\"color: red;\"><span lang=\"NO-BOK\">Tunisie : les propos de Sadok Chourou font d\u00e9border le vase<\/span><\/h2>\n<p><b><span lang=\"NO-BOK\">Un regroupement de partis de gauche appelle \u00e0 une \u00ab marche pacifiste pour la d\u00e9fense des libert\u00e9s \u00bb samedi \u00e0 Tunis, en r\u00e9action aux agressions multiples contre des citoyens et des journalistes, et suite aux discours extr\u00e9mistes tenus par le d\u00e9put\u00e9 Ennahda, Sadok Chourou.<\/span><\/b><\/p>\n<p><span lang=\"NO-BOK\">Face \u00e0 \u00ab la<span>\u00a0<\/span><strong><span>d\u00e9gradation de la situation des libert\u00e9s<\/span><\/strong><span><b>\u00a0<\/b><\/span>dans le pays \u00bb, plusieurs partis de gauche, dont le Parti d\u00e9mocratique progressiste (PDP), et le<span>\u00a0<\/span><\/span><span lang=\"NO-BOK\"><a href=\"http:\/\/www.terrafemina.com\/societe\/international\/articles\/5687-elections-en-tunisie--l-il-faut-mobiliser-les-femmes-r.html\" target=\"_blank\" title=\"\u00e9lections tunisie mobiliser femmes\" rel=\"noopener\"><b><span><font>p\u00f4le d\u00e9mocrate moderniste<\/font><\/span><\/b><\/a><span><span>\u00a0<\/span><\/span><span>(PDM), s\u2019associent pour organiser une \u00ab<strong><span>marche pour la d\u00e9fense des libert\u00e9s<\/span><\/strong><span>\u00a0<\/span>\u00bb ce samedi 28 janvier, \u00e0 Tunis. En cause, la recrudescence du<strong><span>discours int\u00e9griste<\/span><\/strong><span>\u00a0<\/span>dans le pays et les manifestations de violence \u00e0 l\u2019\u00e9gard de citoyens et de journalistes. D\u2019apr\u00e8s le communiqu\u00e9, massivement relay\u00e9 sur les r\u00e9seaux sociaux, cette manifestation pacifiste est aussi une r\u00e9action au \u00ab mutisme \u00bb et \u00e0 la \u00ab passivit\u00e9 du gouvernement et des autorit\u00e9s \u00bb.<\/span> <\/span><span lang=\"EN-US\">Plusieurs incidents se sont encha\u00een\u00e9s ces derniers mois, faisant craindre aux partisans de la d\u00e9mocratie un recul des libert\u00e9s. <\/span><span lang=\"NO-BOK\">La facult\u00e9 de lettres de la Manouba vient tout juste d\u2019\u00eatre \u00e9vacu\u00e9e. Depuis quelques temps elle \u00e9tait le th\u00e9\u00e2tre d\u2019un affrontement<span>\u00a0<\/span><strong><span>entre salafistes et contempteurs du<\/span><\/strong><span><b>\u00a0<\/b><\/span><\/span><span lang=\"NO-BOK\"><a href=\"http:\/\/www.terrafemina.com\/societe\/labo-didee\/articles\/6867-presidentielle-2012--une-femme-portant-le-niqab-candidate.html\" target=\"_blank\" title=\"pr\u00e9sidentielle femme niqab candidate\" rel=\"noopener\"><b><span><font>niqab<\/font><\/span><\/b><\/a><span><span>\u00a0<\/span><\/span><span>(le voile int\u00e9gral). Cette semaine, lors du proc\u00e8s de la cha\u00eene de<span>\u00a0<\/span><\/span><a href=\"http:\/\/www.terrafemina.com\/societe\/international\/articles\/7389-tunisie--une-chaine-de-television-attaquee-par-des-islamistes.html\" target=\"_blank\" title=\"tunisie cha\u00eene t\u00e9l\u00e9vision attaqu\u00e9e\" rel=\"noopener\"><b><span><font>t\u00e9l\u00e9vision Nessma<\/font><\/span><\/b><\/a><span>, poursuivie pour avoir projet\u00e9 \u00ab Persepolis \u00bb de Marjane Satrapi, un film jug\u00e9 blasph\u00e9matoire, un journaliste et un juriste ont \u00e9t\u00e9 agress\u00e9s devant le tribunal par des membres du mouvement<span>\u00a0<\/span><\/span><a href=\"http:\/\/www.terrafemina.com\/societe\/international\/articles\/9263-egypte--salafistes-contre-freres-musulmans-pour-le-2e-tour-des-legislatives.html\" target=\"_blank\" title=\"egypte salafistes fr\u00e8res musulmans\" rel=\"noopener\"><b><span><font>salafiste<\/font><\/span><\/b><\/a><span>.<\/span> <span>Mais c\u2019est le d\u00e9put\u00e9<span>\u00a0<\/span><\/span><a href=\"http:\/\/www.terrafemina.com\/societe\/international\/articles\/7985-tunisie--ennahda-premiere-force-politique-du-pays.html\" target=\"_blank\" title=\"Tunisie Ennahda force politique\" rel=\"noopener\"><b><span><font>Ennahda<\/font><\/span><\/b><\/a><span><span>\u00a0<\/span><\/span><strong><span>Sadok Chourou<\/span><\/strong><span><span>\u00a0<\/span><\/span><span>qui a provoqu\u00e9 un toll\u00e9 g\u00e9n\u00e9ral par ses d\u00e9clarations lundi, en pleine Assembl\u00e9e constituante. Cet \u00e9lu a \u00e9voqu\u00e9 les \u00ab sit-inneurs \u00bb, soit les responsables des blocages d\u2019usines ou de routes dans le pays, et appel\u00e9 \u00e0 des<span>\u00a0<\/span><strong><span>punitions inspir\u00e9es d\u2019un verset du Coran<\/span><\/strong><span>\u00a0<\/span>d\u00e9fendant le d\u00e9membrement, la crucifixion et le bannissement. Invit\u00e9 \u00e0 s\u2019expliquer sur une radio locale le lendemain, le d\u00e9put\u00e9 a insist\u00e9, estimant qu\u2019il ne fallait pas voir dans ses propos un \u00ab appel \u00e0 la haine mais un appel \u00e0 mettre fin \u00e0 ces faits qui sont un crime envers le peuple et m\u00e9ritent un ch\u00e2timent des plus s\u00e9v\u00e8res. \u00bb<span>\u00a0<\/span><\/span> <\/span><span lang=\"EN-US\">Sur Facebook, une p\u00e9tition circule \u00ab Pour que Chourou soit destitu\u00e9 de son poste \u00e0 la Constituante et qu\u2019il soit banni de son parti \u00bb, tandis que l\u2019appel \u00e0 la marche a recueilli pr\u00e8s de 4000 promesses de participation.<span>\u00a0<\/span><\/span><span lang=\"EN-US\"> <span>Il y a un an, la<span>\u00a0<\/span><\/span><\/span><span lang=\"NO-BOK\"><a href=\"http:\/\/www.terrafemina.com\/dossiers\/dossier\/tunisie\" target=\"_blank\" title=\"dossier Tunisie\" rel=\"noopener\"><b><span lang=\"EN-US\"><font>Tunisie<\/font><\/span><\/b><\/a><\/span><span><span lang=\"EN-US\">\u00a0<\/span><\/span><span lang=\"EN-US\">\u00e9tait le th\u00e9\u00e2tre d\u2019un mouvement populaire sans pr\u00e9c\u00e9dent, provoquant le d\u00e9part du pr\u00e9sident<span>\u00a0<\/span><\/span><span lang=\"NO-BOK\"><a href=\"http:\/\/www.terrafemina.com\/societe\/international\/articles\/5036-tunisie--le-proces-de-ben-ali-souvre-sans-linteresse.html\" target=\"_blank\" title=\"proc\u00e8s ben Ali\" rel=\"noopener\"><b><span lang=\"EN-US\"><font>Ben Ali<\/font><\/span><\/b><\/a><\/span><span><span lang=\"EN-US\">\u00a0<\/span><\/span><span lang=\"EN-US\">le 14 janvier 2011. Le parti islamiste<span>\u00a0<\/span><\/span><span lang=\"NO-BOK\"><a href=\"http:\/\/www.terrafemina.com\/societe\/international\/articles\/8078-tunisie--l-la-societe-civile-doit-etre-le-moderateur-face-a-ennahda-r.html\" target=\"_blank\" title=\"Ennahda peuple mod\u00e9rateur\" rel=\"noopener\"><b><span lang=\"EN-US\"><font>Ennahda<\/font><\/span><\/b><\/a><\/span><span><span lang=\"EN-US\">\u00a0<\/span><\/span><span lang=\"EN-US\">a obtenu 41% des si\u00e8ges de l\u2019Assembl\u00e9e constituante \u00e9lue en octobre dernier, tandis que le PDP et le PDM, partis d\u00e9mocratiques de gauche, n\u2019ont obtenu \u00e0 eux deux que 22 si\u00e8ges.<span>\u00a0<\/span><\/span><\/p>\n<p><span><span lang=\"EN-US\">Source: \u201cTerrafemina\u201d Le 28-01-2012<\/span><\/span><\/p>\n<p align=\"center\"><span><span lang=\"EN-US\">Lien: <\/span><\/span><span lang=\"NO-BOK\"><a href=\"http:\/\/www.terrafemina.com\/societe\/international\/articles\/10589-tunisie--les-propos-de-sadok-chourou-font-deborder-le-vase.html\" target=\"_blank\" rel=\"noopener\"><span lang=\"EN-US\"><font>http:\/\/www.terrafemina.com\/societe\/international\/articles\/10589-tunisie&#8211;les-propos-de-sadok-chourou-font-deborder-le-vase.html<\/font><\/span><\/a><\/span><\/p>\n<div align=\"center\"> <b><span lang=\"NO-BOK\"><\/p>\n<hr align=\"center\" size=\"2\" width=\"100%\"\/><\/span><\/b> <\/div>\n<p><span lang=\"NO-BOK\"><font face=\"Times New Roman\" size=\"3\">\u00a0<\/font><\/span><\/p>\n<h2 align=\"center\" style=\"color: red;\"><span lang=\"NO-BOK\">Tunisie-Maroc: Les Islamistes se rebiffent<\/span><\/h2>\n<p><b><span lang=\"EN-US\">Aussit\u00f4t install\u00e9s au pouvoir, les Islamistes d\u2019Ennahdha (Tunisie) et ceux du<span>\u00a0<\/span><\/span><\/b><span lang=\"NO-BOK\"><a href=\"http:\/\/directinfo.webmanagercenter.com\/2011\/11\/26\/maroc-\u00e2??-legislatives-les-islamistes-du-pjd-vont-ils-avoir-la-majorite\/\" target=\"_blank\" rel=\"noopener\"><span lang=\"EN-US\">PJD<\/span><\/a><\/span><b><span lang=\"EN-US\">(Maroc) font face \u00e0 une acc\u00e9l\u00e9ration des revendications violentes. <\/span><span lang=\"NO-BOK\">Ici et l\u00e0, les r\u00e9actions ne se sont pas fait attendre: Assez. Les v\u00e9cus tunisien et marocain comptent du reste d\u2019\u00e9videntes ressemblances.<\/span><\/b><\/p>\n<p><span lang=\"NO-BOK\">L\u2019ensemble de la presse marocaine a fait \u00e9tat du d\u00e9c\u00e8s, mardi 24 janvier 2012, d\u2019Abdelwahab Zeidoun, 27 ans, qui s&rsquo;\u00e9tait asperg\u00e9 d&rsquo;essence, \u00e0 Rabat, le mercredi 18 janvier. Ce dernier voulait, dans un acte de d\u00e9sespoir, protester contre sa situation de ch\u00f4meur. Titulaire d&rsquo;un master en documentation de l&rsquo;universit\u00e9 de F\u00e8s (centre), ce jeune ch\u00f4meur avait particip\u00e9 avec un groupe de dipl\u00f4m\u00e9s du sup\u00e9rieur \u00e0 un sit-in dans une annexe du minist\u00e8re de l&rsquo;Education dans la capitale marocaine afin d&rsquo;obtenir un emploi dans la fonction publique.<\/span><\/p>\n<p><span lang=\"NO-BOK\">La presse marocaine a \u00e9galement rapport\u00e9 que 70 jeunes ont menac\u00e9, vendredi 20 janvier 2012, dans la ville de Benguerir (sud du Maroc), de commettre un \u00absuicide collectif\u00bb exigeant d\u2019\u00eatre embauch\u00e9s par l\u2019Office Ch\u00e9rifien des Phosphates (OCP), une des plus importantes entreprises du pays, sinon la plus importante.<\/span><\/p>\n<p><strong><span lang=\"NO-BOK\">Comme s\u2019il balayait une salet\u00e9<\/span><\/strong><\/p>\n<p><span lang=\"NO-BOK\">La presse marocaine a encore fait \u00e9tat du \u00ab D\u00e9gage \u00bb signifi\u00e9 par le premier ministre install\u00e9 \u00e0 la t\u00eate du gouvernement marocain, apr\u00e8s les l\u00e9gislatives du 20 novembre 2011, l\u2019islamiste Abdel Illah Benkirane, patron du PJD (parti de la Justice et du D\u00e9veloppement) \u00e0 un jeune ch\u00f4meur qui l\u2019avait interpell\u00e9, le vendredi 20 janvier 2012, dans une rue de Rabat. <\/span><span lang=\"EN-US\">Apr\u00e8s avoir essay\u00e9 de le raisonner, le Premier ministre a esquiss\u00e9 \u00e0 son \u00e9gard un geste r\u00e9pulsif comme s\u2019il balayait une salet\u00e9.<\/span><\/p>\n<p><span lang=\"EN-US\">La presse n\u2019a pas manqu\u00e9 de voir dans le premier fait une ressemblance avec le v\u00e9cu tunisien. L\u2019immolation d\u2019Abdelwahab Zeidoun rappelle le martyr de Mohamed Bouazizi. Ici et l\u00e0, l\u2019acte d\u2019immolation a abouti \u00e0 un d\u00e9c\u00e8s; ici et l\u00e0, il s\u2019agit d\u2019une illustration du d\u00e9sespoir qui gagne une partie de la jeunesse arabe; ici et l\u00e0, c\u2019est un \u00e9pisode de ce printemps arabe qui a focalis\u00e9 l\u2019int\u00e9r\u00eat de l\u2019opinion internationale.<\/span><\/p>\n<p><span lang=\"EN-US\">Ne pouvons-nous pas trouver d\u2019autres ressemblances? Une analyse des faits permettrait sans doute de trouver des points communs entre l\u2019actualit\u00e9 dans les deux pays. Au moins \u00e0 trois niveaux.<\/span><\/p>\n<p><span lang=\"EN-US\">Premi\u00e8rement, l\u2019OCP ressemble comme deux gouttes d\u2019eau \u00e0 la<span>\u00a0<\/span><\/span><span lang=\"NO-BOK\"><a href=\"http:\/\/directinfo.webmanagercenter.com\/2012\/01\/03\/le-gouverneur-de-gafsa-sequestre-par-des-cadres-de-la-cpg\/\" target=\"_blank\" rel=\"noopener\"><span lang=\"EN-US\">CPG<\/span><\/a><\/span><span><span lang=\"EN-US\">\u00a0<\/span><\/span><span lang=\"EN-US\">(Compagnie des phosphates de Gafsa). <\/span><span lang=\"NO-BOK\">Toutes deux sont deux grandes entreprises. Qui attirent, ici et l\u00e0, la grande foule des ch\u00f4meurs. Ces entreprises versent des salaires \u00e9lev\u00e9s avec de grandes possibilit\u00e9s d\u2019accueil eu \u00e9gard du moins \u00e0 leur effectif: 18.000 pour l\u2019OCP et 5.292 pour la CPG). Avec une activit\u00e9 de longue date datant de la p\u00e9riode coloniale et des plus solides (l\u2019extraction des mati\u00e8res premi\u00e8res), qui assure une s\u00e9curit\u00e9 de l\u2019emploi \u00e9tant donn\u00e9 la demande internationale pour le produit des deux entreprises, le phosphate.<\/span><\/p>\n<p><strong><span lang=\"EN-US\">Ennahdha et le PJD ont-ils trop promis?<\/span><\/strong><\/p>\n<p><span lang=\"EN-US\">Deuxi\u00e8me ressemblance, l\u2019arriv\u00e9e des Islamistes au pouvoir attis\u00e9 la contestation sociale et l\u2019expression des revendications. Est-ce d\u00fb au fait qu\u2019<\/span><span lang=\"NO-BOK\"><a href=\"http:\/\/politik.webmanagercenter.com\/2012\/01\/25\/tunisie-la-bataille-dennahdha-contre-les-salafistes-aura-bel-et-bien-lieu\/\" target=\"_blank\" rel=\"noopener\"><span lang=\"EN-US\">Ennahdha<\/span><\/a><\/span><span><span lang=\"EN-US\">\u00a0<\/span><\/span><span lang=\"EN-US\">(Tunisie) et le PJD (Maroc) ont trop promis? La presse marocaine n\u2019a pas cach\u00e9 que les promesses \u00e9lectorales du PJD sont irr\u00e9alisables. <\/span><span lang=\"NO-BOK\">On se souvient qu\u2019en Tunisie le programme du gouvernement de Hamadi Jebali avait \u00e9t\u00e9 jug\u00e9 comme comportant des intentions et non de r\u00e9elles r\u00e9formes. Est-ce \u00e9galement au fait que la grande masse des Tunisiens et de Marocains nourrissent beaucoup d\u2019espoir \u00e0 l\u2019\u00e9gard des Islamistes, jug\u00e9s beaucoup plus proches du peuple, et donnant l\u2019impression de pouvoir renverser tr\u00e8s rapidement toutes les vapeurs? <\/span><span lang=\"EN-US\">Peut-\u00eatre! Est-ce d\u00fb au fait que les Tunisiens et les Marocains n\u2019ont que trop attendu? Peut-\u00eatre aussi. Certainement diront les observateurs.<\/span><\/p>\n<p><span lang=\"EN-US\">Toujours est-il que la rue semble exercer une pression pour que les Islamistes au pouvoir se d\u00e9carcassent, pour qu\u2019ils aillent plus vite. Les revendications violentes ont certes toujours accompagn\u00e9 aussi bien au Maroc comme en Tunisie le d\u00e9clenchement du printemps arabe. Mais ces derni\u00e8res se sont toutefois acc\u00e9l\u00e9r\u00e9es depuis l\u2019installation des gouvernements islamistes pour atteindre des niveaux d\u2019exag\u00e9ration jamais atteints. Avec des demandes de s\u00e9cession et une attaque en bonne et due forme humiliante de repr\u00e9sentants de l\u2019Etat (Tunisie) et une augmentation assez sensible des tentatives d\u2019immolation (Maroc).<\/span><\/p>\n<p><span lang=\"EN-US\">Derni\u00e8re ressemblance, la r\u00e9action du Premier ministre marocain ne rappelle-t-elle pas celle du d\u00e9put\u00e9<span>\u00a0<\/span><\/span><span lang=\"NO-BOK\"><a href=\"http:\/\/www.webmanagercenter.com\/management\/article-115292-tunisie-social-sortir-de-la-paranoia\" target=\"_blank\" rel=\"noopener\"><span lang=\"EN-US\">Sadok Chourou<\/span><span><span lang=\"EN-US\">\u00a0<\/span><\/span><\/a><\/span><span lang=\"EN-US\">qui a affirm\u00e9 dans une intervention, lundi 23 janvier 2012, devant ses coll\u00e8ges de la Constituante, que \u00abceux dont l&rsquo;action entrave la bonne marche du pays\u00bb -entendez les gr\u00e9vistes, sit-inneurs et autres personnes qui coupent les routes- qu\u2019il a qualifi\u00e9 d'\u00a0\u00bbennemis du peuple\u00a0\u00bb \u00abm\u00e9ritent la punition annonc\u00e9e dans la sourate 5 verset 33 et qui requiert que l&rsquo;on coupe les mains et les pieds \u00e0 ceux qui font la guerre contre Allah et Son Messager\u00bb?<\/span><\/p>\n<p><span lang=\"EN-US\">Le d\u00e9put\u00e9 Sadok Chourou s\u2019est-il emport\u00e9 au vu des dangers qui guettent le pays? Sans doute. Mais, l\u2019essentiel est ailleurs, les Islamistes en ont assez de ces emp\u00eacheurs de tourner en rond. Les d\u00e9clarations r\u00e9p\u00e9t\u00e9es, ces derniers jours, de membres du gouvernement et d\u2019Ennahdha sur la n\u00e9cessit\u00e9 d\u2019appliquer la loi ne participent-t-elles de cette logique?<\/span><\/p>\n<p><span lang=\"EN-US\">Source: \u201cWMC\u201d Le 28-01-2012<\/span><\/p>\n<p><span lang=\"EN-US\">Lien: <\/span><span lang=\"NO-BOK\"><a href=\"http:\/\/www.webmanagercenter.com\/management\/article-115462-tunisie-maroc-les-islamistes-se-rebiffent\" target=\"_blank\" rel=\"noopener\"><span lang=\"EN-US\"><font>http:\/\/www.webmanagercenter.com\/management\/article-115462-tunisie-maroc-les-islamistes-se-rebiffent<\/font><\/span><\/a><\/span><\/p>\n<div align=\"center\"> <b><span lang=\"NO-BOK\"><\/p>\n<hr align=\"center\" size=\"2\" width=\"100%\"\/><\/span><\/b> <\/div>\n<h2 align=\"center\" style=\"color: red;\"><span lang=\"EN-US\">Khaled Chouket remplace Slim Riahi \u00e0 la t\u00eate de l\u2019UPL<\/span><\/h2>\n<p><span lang=\"EN-US\">Slim Riahi c\u00e8de son poste de secr\u00e9taire g\u00e9n\u00e9ral de l\u2019UPL \u00e0 Khaled Chouket.<span>\u00a0<\/span>                                                                                                                                                                                                                                                                                                                                                                                                                                                                                                                                                                                                                                                                                                                                                                                                                                                                                                                                                                                                                                                                                                                                                                                                                                                                                                                                                                                                                                  L\u2019enfant terrible de la politique tunisienne, apr\u00e8s une entr\u00e9e fracassante sur la sc\u00e8ne m\u00e9diatique et une non moins spectaculaire d\u00e9culott\u00e9e aux \u00e9lections du 23 octobre, a d\u00e9cid\u00e9 de prendre du recul.<span>\u00a0<\/span> <\/span><span lang=\"NO-BOK\">Slim Riahi se contentera d\u2019un poste de pr\u00e9sident de parti. <\/span><span lang=\"EN-US\">Un poste honorifique pour trouver plus de temps de s\u2019occuper de ses affaires. Activit\u00e9s certainement plus lucratives surtout quand on se rappelle que le si\u00e8ge glan\u00e9 lui a co\u00fbt\u00e9 3 MD.<span>\u00a0<\/span>                                                                                                                                                                                                                                                                                                                                                                                                                                                                                                                                                                                                                                                                                                                                                                                                                                                                                                                                                                                                                                                                                                                                                                                                                                                                                                                                                                                                                                  Ou peut-\u00eatre que Slim Riahi marche sur les pas de Rached Ghannouchi. Se sentant au dessus des mesquineries politiques, il prendra une posture de guide supr\u00eame qui remettra la Tunisie \u00e9ternelle sur le droit chemin\u2026<\/span><\/p>\n<h2 style=\"color: red;\"><span lang=\"EN-US\">Source: \u201cBusiness News\u201d Le 27-01-2012<\/span><\/h2>\n<p><span lang=\"NO-BOK\">Lien: <\/span><span lang=\"NO-BOK\"><a href=\"http:\/\/www.businessnews.com.tn\/Khaled-Chouket-remplace-Slim-Riahi-\u00c3\u00a0-la-t\u00c3\u00aate-de-l\u00e2??UPL-,520,29021,3\" target=\"_blank\" rel=\"noopener\"><span><font>http:\/\/www.businessnews.com.tn\/Khaled-Chouket-remplace-Slim-Riahi-%C3%A0-la-t%C3%AAte-de-l%E2%80%99UPL-,520,29021,3<\/font><\/span><\/a><\/span><\/p>\n<div align=\"center\"> <b><span lang=\"NO-BOK\"><\/p>\n<hr align=\"center\" size=\"2\" width=\"100%\"\/><\/span><\/b> <\/div>\n<p align=\"center\"><span><b><span lang=\"NO-BOK\">Le PDP suspend la parution d\u2019\u00abAl-Mawkef\u00bb<\/span><\/b><\/span><\/p>\n<p><span><b><span lang=\"NO-BOK\"><font face=\"Times New Roman\" size=\"3\">\u00a0<\/font><\/span><\/b><\/span><\/p>\n<p><span lang=\"NO-BOK\">La direction du Parti D\u00e9mocrate Progressiste (PDP) a d\u00e9cid\u00e9 r\u00e9cemment de suspendre\u00a0<span>\u00a0<\/span>sans pr\u00e9avis la parution de son organe de presse, en l\u2019occurrence le journal arabophone \u00ab Al-Mawkif\u00bb (La position en fran\u00e7ais). Cette d\u00e9cision, qui fait suite \u00e0 la fusion du PDP avec deux autres partis centristes, en l\u2019occurrence Afek Tounes et le Parti r\u00e9publicain,\u00a0<span>\u00a0<\/span>a inqui\u00e9t\u00e9 les journalistes exer\u00e7ant au sein de cet hebdomadaire\u00a0<span>\u00a0<\/span>qui paraissait tous les jeudis sous format tablo\u00efd.<\/span><\/p>\n<p><span><span lang=\"NO-BOK\"><font face=\"Times New Roman\" size=\"3\">\u00a0<\/font><\/span><\/span><\/p>\n<p><span><span lang=\"NO-BOK\">\u00abIl est regrettable de voir l\u2019un des rares journaux qui ont os\u00e9 s\u2019opposer frontalement \u00e0 la dictature de Ben Ali dispara\u00eetre du paysage m\u00e9diatique\u00bb, a d\u00e9plor\u00e9 Mekki Ouni, l\u2019un des journalistes d\u2019Al-Mawkif.<\/span><\/span><\/p>\n<p><span lang=\"NO-BOK\">Mongi Ellouze, directeur de la r\u00e9daction du journal a, toutefois, pr\u00e9cis\u00e9 qu\u2019il s\u2019agit d\u2019une \u00ab suspension provisoire motiv\u00e9e par la restructuration du journal qui pourrait changer\u00a0<span>\u00a0<\/span>bient\u00f4t de p\u00e9riodicit\u00e9 pour devenir quotidien\u00bb.<\/span><\/p>\n<p><span lang=\"NO-BOK\">Fond\u00e9 le 12 mai 1984, Al-Mawkef r\u00e9unissait du temps de Ben Ali une belle brochette de plumes libres. <\/span><span lang=\"EN-US\">Priv\u00e9 de publicit\u00e9, il \u00e9tait l\u2019un des rares supports \u00e0 avoir adopt\u00e9 un ton tr\u00e8s critique \u00e0 l\u2019\u00e9gard de l\u2019ancien r\u00e9gime.<\/span><\/p>\n<p><span lang=\"EN-US\">L\u2019hebdomadaire avait souvent fait l\u2019objet de plusieurs mesures de saisies et de censure d\u00e9guis\u00e9e.\u00a0<span>\u00a0<\/span>En 2008, le r\u00e9dacteur en chef et le directeur de r\u00e9daction du journal ont m\u00eame \u00e9t\u00e9 poursuivis en justice suite \u00e0 la publication d\u2019un article sur la distribution d\u2019une huile frelat\u00e9e et qui citait un rapport des autorit\u00e9s alg\u00e9riennes interdisant l\u2019importation des huiles tunisiennes.<\/span><\/p>\n<h2 style=\"color: red;\"><span lang=\"EN-US\">Source: \u201cLe Temps\u201d Le 28-01-2012<\/span><\/h2>\n<h3 style=\"color: blue;\"><span lang=\"NO-BOK\">Lien: <\/span><span lang=\"NO-BOK\"><a href=\"http:\/\/www.letemps.com.tn\/article-62937.html\" target=\"_blank\" rel=\"noopener\"><span><font>http:\/\/www.letemps.com.tn\/article-62937.html<\/font><\/span><\/a><\/span><\/h3>\n<p><span lang=\"NO-BOK\"><font face=\"Times New Roman\" size=\"3\">\u00a0<\/font><\/span><\/p>\n<p>  <\/font><\/div>\n<\/p><\/div>\n<\/p><\/div>\n<\/p><\/div>\n<\/p><\/div>\n<\/p><\/div>\n<\/p><\/div>\n<\/p><\/div>\n<\/p><\/div>\n<\/p><\/div>\n<\/p><\/div>\n<\/p><\/div>\n<\/p><\/div>\n<\/p><\/div>\n<\/p><\/div>\n<\/p><\/div>\n<\/p><\/div>\n<\/p><\/div>\n<\/p><\/div>\n<\/p><\/div>\n<\/p><\/div>\n<\/p><\/div>\n<\/p><\/div>\n<\/p><\/div>\n<\/p><\/div>\n<\/p><\/div>\n<\/p><\/div>\n<\/p><\/div>\n<\/p><\/div>\n<\/p><\/div>\n<\/p><\/div>\n<\/p><\/div>\n<\/p><\/div>\n<\/p><\/div>\n<\/p><\/div>\n<\/p><\/div>\n<\/p><\/div>\n<\/p><\/div>\n<\/p><\/div>\n<\/p><\/div>\n<\/p><\/div>\n<\/p><\/div>\n<\/p><\/div>\n<\/p><\/div>\n<\/p><\/div>\n<\/p><\/div>\n<\/p><\/div>\n<\/p><\/div>\n<\/p><\/div>\n<\/p><\/div>\n<\/p><\/div>\n<\/p><\/div>\n<\/p><\/div>\n<\/p><\/div>\n<\/p><\/div>\n<\/p><\/div>\n<\/p><\/div>\n<\/p><\/div>\n<\/p><\/div>\n<\/p><\/div>\n<\/p><\/div>\n<\/p><\/div>\n<\/p><\/div>\n<\/p><\/div>\n<\/p><\/div>\n<\/p><\/div>\n<\/p><\/div>\n<\/p><\/div>\n<\/p><\/div>\n<\/p><\/div>\n<\/p><\/div>\n<\/p><\/div>\n<\/p><\/div>\n<\/p><\/div>\n<\/p><\/div>\n<\/p><\/div>\n<\/p><\/div>\n<\/p><\/div>\n<\/p><\/div>\n<\/p><\/div>\n<\/p><\/div>\n<\/p><\/div>\n<\/p><\/div>\n<\/p><\/div>\n<\/p><\/div>\n<\/p><\/div>\n<\/p><\/div>\n<\/p><\/div>\n<\/p><\/div>\n<\/p><\/div>\n<\/p><\/div>\n<\/p><\/div>\n<\/p><\/div>\n<\/p><\/div>\n<\/p><\/div>\n<\/p><\/div>\n<\/p><\/div>\n<\/p><\/div>\n<\/p><\/div>\n<\/p><\/div>\n<\/p><\/div>\n<\/p><\/div>\n<\/p><\/div>\n<\/p><\/div>\n<\/p><\/div>\n<\/p><\/div>\n<\/p><\/div>\n<\/p><\/div>\n<\/p><\/div>\n<\/p><\/div>\n<\/p><\/div>\n<\/p><\/div>\n<\/p><\/div>\n<\/p><\/div>\n<\/p><\/div>\n<\/p><\/div>\n<\/p><\/div>\n<\/p><\/div>\n<\/p><\/div>\n<\/p><\/div>\n<\/p><\/div>\n<\/p><\/div>\n<\/p><\/div>\n<\/p><\/div>\n<\/p><\/div>\n<\/p><\/div>\n<\/p><\/div>\n<\/p><\/div>\n<\/p><\/div>\n<\/p><\/div>\n<\/p><\/div>\n<\/p><\/div>\n<\/p><\/div>\n<\/p><\/div>\n<\/p><\/div>\n<\/p><\/div>\n<\/p><\/div>\n<\/p><\/div>\n<\/p><\/div>\n<\/p><\/div>\n<\/p><\/div>\n<\/p><\/div>\n<\/p><\/div>\n<\/p><\/div>\n<\/p><\/div>\n<\/p><\/div>\n<\/p><\/div>\n<\/p><\/div>\n<\/p><\/div>\n<\/p><\/div>\n<\/p><\/div>\n<\/p><\/div>\n<\/p><\/div>\n<\/p><\/div>\n<\/p><\/div>\n<\/p><\/div>\n<\/p><\/div>\n<\/p><\/div>\n<\/p><\/div>\n<\/p><\/div>\n<\/p><\/div>\n<\/p><\/div>\n<\/p><\/div>\n<\/p><\/div>\n<\/p><\/div>\n<\/p><\/div>\n<\/p><\/div>\n<\/p><\/div>\n<\/p><\/div>\n<\/p><\/div>\n<\/p><\/div>\n<\/p><\/div>\n<\/p><\/div>\n<\/p><\/div>\n<\/p><\/div>\n<\/p><\/div>\n<\/p><\/div>\n<\/p><\/div>\n<\/p><\/div>\n<\/p><\/div>\n<\/p><\/div>\n<\/p><\/div>\n<\/p><\/div>\n<\/p><\/div>\n<\/p><\/div>\n<\/p><\/div>\n<\/p><\/div>\n<\/p><\/div>\n<\/p><\/div>\n<\/p><\/div>\n<\/p><\/div>\n<\/p><\/div>\n<\/p><\/div>\n<\/p><\/div>\n<\/p><\/div>\n<\/p><\/div>\n<\/p><\/div>\n<\/p><\/div>\n<\/p><\/div>\n<\/p><\/div>\n<\/p><\/div>\n<\/p><\/div>\n<\/p><\/div>\n<\/p><\/div>\n<\/p><\/div>\n<\/p><\/div>\n<\/p><\/div>\n<\/p><\/div>\n<\/p><\/div>\n<\/p><\/div>\n<\/p><\/div>\n<\/p><\/div>\n<\/p><\/div>\n<\/p><\/div>\n<\/p><\/div>\n<\/p><\/div>\n<\/p><\/div>\n<\/p><\/div>\n<\/p><\/div>\n<\/p><\/div>\n<\/p><\/div>\n<\/p><\/div>\n<\/p><\/div>\n<\/p><\/div>\n<\/p><\/div>\n<\/p><\/div>\n<\/p><\/div>\n<\/p><\/div>\n<\/p><\/div>\n<\/p><\/div>\n<\/p><\/div>\n<\/p><\/div>\n<\/p><\/div>\n<\/p><\/div>\n<\/p><\/div>\n<\/p><\/div>\n<\/p><\/div>\n<\/p><\/div>\n<\/p><\/div>\n<\/p><\/div>\n<\/p><\/div>\n<\/p><\/div>\n<\/p><\/div>\n<\/p><\/div>\n<\/p><\/div>\n<\/p><\/div>\n<\/p><\/div>\n<\/p><\/div>\n<\/p><\/div>\n<\/p><\/div>\n<\/p><\/div>\n<\/p><\/div>\n<\/p><\/div>\n<\/p><\/div>\n<\/p><\/div>\n<\/p><\/div>\n<\/p><\/div>\n<\/p><\/div>\n<\/p><\/div>\n<\/p><\/div>\n<\/p><\/div>\n<\/p><\/div>\n<\/p><\/div>\n<\/p><\/div>\n<\/p><\/div>\n<\/p><\/div>\n<\/p><\/div>\n<\/p><\/div>\n<\/p><\/div>\n<\/p><\/div>\n<\/p><\/div>\n<\/p><\/div>\n<\/p><\/div>\n<\/p><\/div>\n<\/p><\/div>\n<\/p><\/div>\n<\/p><\/div>\n<\/p><\/div>\n<\/p><\/div>\n<\/p><\/div>\n<\/p><\/div>\n<\/p><\/div>\n<\/p><\/div>\n<\/p><\/div>\n<\/p><\/div>\n<\/p><\/div>\n<\/p><\/div>\n<\/p><\/div>\n<\/p><\/div>\n<\/p><\/div>\n<\/p><\/div>\n<\/p><\/div>\n<\/p><\/div>\n<\/p><\/div>\n<\/p><\/div>\n<\/p><\/div>\n<\/p><\/div>\n<\/p><\/div>\n<\/p><\/div>\n<\/p><\/div>\n<\/p><\/div>\n<\/p><\/div>\n<\/p><\/div>\n<\/p><\/div>\n<\/p><\/div>\n<\/p><\/div>\n<\/p><\/div>\n<\/p><\/div>\n<\/p><\/div>\n<\/p><\/div>\n<\/p><\/div>\n<\/p><\/div>\n<\/p><\/div>\n<\/p><\/div>\n<\/p><\/div>\n<\/p><\/div>\n<\/p><\/div>\n<\/p><\/div>\n<\/p><\/div>\n<\/p><\/div>\n<\/p><\/div>\n<\/p><\/div>\n<\/p><\/div>\n<\/p><\/div>\n<\/p><\/div>\n<\/p><\/div>\n<\/p><\/div>\n<\/p><\/div>\n<\/p><\/div>\n<\/p><\/div>\n<\/p><\/div>\n<\/p><\/div>\n<\/p><\/div>\n<\/p><\/div>\n<\/p><\/div>\n<\/p><\/div>\n<\/p><\/div>\n<\/p><\/div>\n<\/p><\/div>\n<\/p><\/div>\n<\/p><\/div>\n<\/p><\/div>\n<\/p><\/div>\n<\/div>\n<p><\/body><\/body><\/html><\/p>","protected":false},"excerpt":{"rendered":"<p>\u00a0 TUNISNEWS 11 \u00e8me ann\u00e9e, N\u00b04230 du29.01.2012 archives : www.tunisnews.net \u00a0La Croix: \u00c0 Davos, les dirigeants marocains et tunisiens cherchent \u00e0 rassurer les investisseurs Tunisie Numerique: Tunisie: Jebali, Ghannouchi, Nabli et Abdessalam \u00e0 Davos, mais o\u00f9 est donc notre ministre des Finances ? Mediapart: Tunisie- les handicaps qui freinent la promotion de l\u2019export vers l\u2019Afrique [&hellip;]<\/p>\n","protected":false},"author":1,"featured_media":22040,"comment_status":"open","ping_status":"open","sticky":false,"template":"","format":"standard","meta":{"inline_featured_image":false,"site-sidebar-layout":"default","site-content-layout":"","ast-site-content-layout":"default","site-content-style":"default","site-sidebar-style":"default","ast-global-header-display":"","ast-banner-title-visibility":"","ast-main-header-display":"","ast-hfb-above-header-display":"","ast-hfb-below-header-display":"","ast-hfb-mobile-header-display":"","site-post-title":"","ast-breadcrumbs-content":"","ast-featured-img":"","footer-sml-layout":"","ast-disable-related-posts":"","theme-transparent-header-meta":"","adv-header-id-meta":"","stick-header-meta":"","header-above-stick-meta":"","header-main-stick-meta":"","header-below-stick-meta":"","astra-migrate-meta-layouts":"default","ast-page-background-enabled":"default","ast-page-background-meta":{"desktop":{"background-color":"","background-image":"","background-repeat":"repeat","background-position":"center center","background-size":"auto","background-attachment":"scroll","background-type":"","background-media":"","overlay-type":"","overlay-color":"","overlay-opacity":"","overlay-gradient":""},"tablet":{"background-color":"","background-image":"","background-repeat":"repeat","background-position":"center center","background-size":"auto","background-attachment":"scroll","background-type":"","background-media":"","overlay-type":"","overlay-color":"","overlay-opacity":"","overlay-gradient":""},"mobile":{"background-color":"","background-image":"","background-repeat":"repeat","background-position":"center center","background-size":"auto","background-attachment":"scroll","background-type":"","background-media":"","overlay-type":"","overlay-color":"","overlay-opacity":"","overlay-gradient":""}},"ast-content-background-meta":{"desktop":{"background-color":"var(--ast-global-color-5)","background-image":"","background-repeat":"repeat","background-position":"center center","background-size":"auto","background-attachment":"scroll","background-type":"","background-media":"","overlay-type":"","overlay-color":"","overlay-opacity":"","overlay-gradient":""},"tablet":{"background-color":"var(--ast-global-color-5)","background-image":"","background-repeat":"repeat","background-position":"center center","background-size":"auto","background-attachment":"scroll","background-type":"","background-media":"","overlay-type":"","overlay-color":"","overlay-opacity":"","overlay-gradient":""},"mobile":{"background-color":"var(--ast-global-color-5)","background-image":"","background-repeat":"repeat","background-position":"center center","background-size":"auto","background-attachment":"scroll","background-type":"","background-media":"","overlay-type":"","overlay-color":"","overlay-opacity":"","overlay-gradient":""}},"footnotes":""},"categories":[],"tags":[53,43,29],"class_list":["post-18539","post","type-post","status-publish","format-standard","has-post-thumbnail","hentry","tag-53","tag-43","tag-fr"],"_links":{"self":[{"href":"https:\/\/tunisnews.net\/ar\/wp-json\/wp\/v2\/posts\/18539","targetHints":{"allow":["GET"]}}],"collection":[{"href":"https:\/\/tunisnews.net\/ar\/wp-json\/wp\/v2\/posts"}],"about":[{"href":"https:\/\/tunisnews.net\/ar\/wp-json\/wp\/v2\/types\/post"}],"author":[{"embeddable":true,"href":"https:\/\/tunisnews.net\/ar\/wp-json\/wp\/v2\/users\/1"}],"replies":[{"embeddable":true,"href":"https:\/\/tunisnews.net\/ar\/wp-json\/wp\/v2\/comments?post=18539"}],"version-history":[{"count":0,"href":"https:\/\/tunisnews.net\/ar\/wp-json\/wp\/v2\/posts\/18539\/revisions"}],"wp:featuredmedia":[{"embeddable":true,"href":"https:\/\/tunisnews.net\/ar\/wp-json\/wp\/v2\/media\/22040"}],"wp:attachment":[{"href":"https:\/\/tunisnews.net\/ar\/wp-json\/wp\/v2\/media?parent=18539"}],"wp:term":[{"taxonomy":"category","embeddable":true,"href":"https:\/\/tunisnews.net\/ar\/wp-json\/wp\/v2\/categories?post=18539"},{"taxonomy":"post_tag","embeddable":true,"href":"https:\/\/tunisnews.net\/ar\/wp-json\/wp\/v2\/tags?post=18539"}],"curies":[{"name":"wp","href":"https:\/\/api.w.org\/{rel}","templated":true}]}}