{"id":18519,"date":"2011-05-01T00:00:00","date_gmt":"2011-05-01T00:00:00","guid":{"rendered":"https:\/\/tunisnews.net\/1-mai-2011\/"},"modified":"2011-05-01T00:00:00","modified_gmt":"2011-05-01T00:00:00","slug":"1-mai-2011","status":"publish","type":"post","link":"https:\/\/tunisnews.net\/ar\/1-mai-2011\/","title":{"rendered":"1 mai 2011"},"content":{"rendered":"<p><html><head><meta content=\"text\/html\" description=\"DEHIBA - L'arm\u00e9e tunisienne d\u00e9ploy\u00e9e pr\u00e9s de \n\t\tla fronti\u00e8re avec la Libye dans le secteur de Dehiba a \u00e9vacu\u00e9 trois \n\t\tpositions apr\u00e9s l'explosion d'un obus tir\u00e9 de la Libye, selon un \n\t\tjournaliste de l'AFP. \" http-equiv=\"Content-Type\"\/><\/head><body><body><\/p>\n<div>\n<div align=\"center\" dir=\"ltr\"><font face=\"Bookman Old Style\" size=\"7\"><strong>TUNISNEWS <\/strong><\/font><\/div>\n<div align=\"center\" dir=\"ltr\"><strong><font face=\"Arial\" size=\"2\">11 \u00e8me ann\u00e9e, N\u00b03995 du 01.05.2011<\/font><\/strong><\/div>\n<div align=\"center\" dir=\"ltr\"><font face=\"Arial\" size=\"2\"><strong>archives : <\/strong><\/font><a target=\"_blank\" rel=\"noopener\"><font face=\"Arial\" size=\"2\"><strong>www.tunisnews.net<\/strong><\/font><\/a><span lang=\"FR\"><strong><font face=\"Arial\" size=\"2\"><\/font><\/strong><\/span><\/div>\n<p><span lang=\"FR\"><\/p>\n<p><font><\/p>\n<div align=\"center\" dir=\"ltr\"><font face=\"Arial\" size=\"2\"><\/p>\n<hr\/>\n<p><\/font><\/div>\n<div>\n<h2 style=\"color: red;\"><font face=\"Arial\" size=\"2\"><strong>AFP: Tunisie-Libye: l&rsquo;arm\u00e9e tunisienne \u00e9vacue trois positions \u00e0 la fronti\u00e8re<\/strong><\/font><\/h2>\n<\/div>\n<div><font face=\"Arial\" size=\"2\"><strong>AFP: Les r\u00e9fugi\u00e9s libyens continuent d&rsquo;affluer en Tunisie\u00b4<\/strong><\/font><\/div>\n<div>\n<h2 style=\"color: red;\"><font face=\"Arial\" size=\"2\"><strong>AP: Tunisie: des centaines de manifestants d\u00e9filent \u00e0 Tunis pour le 1er mai<\/strong><\/font><\/h2>\n<\/div>\n<div><font face=\"Arial\"><strong><font size=\"2\"><font face=\"Arial\"><span lang=\"FR-CA\"><strong><font>Abdallah Rihani: <\/font><\/strong><\/span><\/font><span lang=\"FR-CA\"><strong><font face=\"Arial\">Consolider la R\u00e9volution tunisienne, assurer sa protection, la pr\u00e9munir contre les menaces<\/font><\/strong><\/span><\/font><\/strong><\/font><\/div>\n<p><\/font><\/p>\n<p><\/span><\/p>\n<div>\n<hr\/>\n<\/div>\n<div><font face=\"Arial\" size=\"4\"><strong>REVUE DE PRESSE<\/strong><\/font> <\/div>\n<hr\/>\n<div align=\"center\">\u00a0<\/div>\n<div align=\"center\">\n<h2 style=\"color: red;\"><font face=\"Arial\"><strong>Tunisie-Libye: l&rsquo;arm\u00e9e tunisienne \u00e9vacue trois positions \u00e0 la fronti\u00e8re<\/strong><\/font><\/h2>\n<\/div>\n<div align=\"center\">\n<hr\/>\n<\/div>\n<div><font face=\"Arial\" size=\"2\">AFP \/ 01 mai 2011 19h27<\/font><\/div>\n<div><font face=\"Arial\" size=\"2\">DEHIBA &#8211; L&rsquo;arm\u00e9e tunisienne d\u00e9ploy\u00e9e pr\u00e9s de la fronti\u00e8re avec la Libye dans le secteur de Dehiba a \u00e9vacu\u00e9 trois positions apr\u00e9s l&rsquo;explosion d&rsquo;un obus tir\u00e9 de la Libye, selon un journaliste de l&rsquo;AFP. <\/font><\/div>\n<div><font face=\"Arial\" size=\"2\">Le projectile est tomb\u00e9 \u00e0 quelque 1.500 m\u00e8tres du poste fronti\u00e8re de Dehiba en fin d&rsquo;apr\u00e9s-midi sans faire de victime. <\/font><\/div>\n<div><font face=\"Arial\" size=\"2\">Selon un combattant de la r\u00e9bellion libyenne dans le secteur, des combats opposent les insurg\u00e9s et les forces loyales au colonel Mouammar Kadhafi pour le contr\u00f4le de la route strat\u00e9gique Dehiba-Nalout en Libye, \u00e0 une dizaine de km de la fronti\u00e8re.<\/font><\/div>\n<div><font face=\"Arial\" size=\"2\">Auparavant, des obus avaient explos\u00e9 en territoire tunisien \u00e0 300 m\u00e8tres de la fronti\u00e8re, dans le m\u00eame secteur, selon des t\u00e9moins. <\/font><\/div>\n<div><font face=\"Arial\" size=\"2\">Selon l&rsquo;agence officielle TAP, la garde nationale tunisienne d\u00e9ploy\u00e9e a \u00e9galement pr\u00e9venu une infiltration de combattants fid\u00e8les au colonel Kadhafi. <\/font><\/div>\n<div><font face=\"Arial\" size=\"2\">Le poste fronti\u00e8re de Dehiba est situ\u00e9 \u00e0 quelques 200 kilom\u00e8tres au sud de Ras Jdir, le principal point de passage entre la Libye et la Tunisie. <\/font><\/div>\n<div><font face=\"Arial\" size=\"2\">Le c\u00f4t\u00e9 libyen de Dehiba est l&rsquo;objet de combats depuis le 21 avril, lorsqu&rsquo;il a \u00e9t\u00e9 pris par les insurg\u00e9s. Il avait \u00e9t\u00e9 repris par les loyalistes le 28 avril, pour repasser quelques heures plus tard sous le contr\u00f4le des rebelles. <\/font><\/div>\n<div><font face=\"Arial\" size=\"2\">Ces combats ont inqui\u00e9t\u00e9 la Tunisie qui d\u00e9nonc\u00e9 une dangereuse escalade militaire et mis en garde contre une violation de l&rsquo;int\u00e9grit\u00e9 territoriale tunisienne.<\/font><\/div>\n<hr\/>\n<div align=\"center\">\n<h2 style=\"color: red;\"><font face=\"Arial\"><strong>Les r\u00e9fugi\u00e9s libyens continuent d&rsquo;affluer en Tunisie<\/strong><\/font><\/h2>\n<\/div>\n<div align=\"center\">\n<hr\/>\n<\/div>\n<div align=\"justify\"><font face=\"Arial\" size=\"2\">1\/5\/11 &#8211; 14 h 30 AFP &#8211; <\/font><\/div>\n<div align=\"justify\">\u00a0<\/div>\n<div align=\"justify\"><font face=\"Arial\" size=\"2\">Au poste-fronti\u00e8re de Dehiba, dans le sud de la Tunisie, le flot de r\u00e9fugi\u00e9s libyens ne tarissait pas dimanche matin, la police tunisienne ayant enregistr\u00e9 la veille le chiffre record de 4.970 personnes en une journ\u00e9e.<\/font><\/div>\n<div align=\"justify\">\u00a0<\/div>\n<div align=\"justify\"><font face=\"Arial\" size=\"2\">En milieu de matin\u00e9e, des dizaines de v\u00e9hicules aux plaques d&rsquo;immatriculation libyennes patientaient au poste-fronti\u00e8re de Dehiba, l&rsquo;un des principaux points de passage entre les deux pays avec celui de Ras Djir \u00e0 200 km au nord.<\/font><\/div>\n<div align=\"justify\">\u00a0<\/div>\n<div align=\"justify\"><font face=\"Arial\" size=\"2\">C\u00f4t\u00e9 libyen, un des soldats rebelles qui tient le poste, surmont\u00e9 du drapeau aux trois couleurs rouge noire et verte adopt\u00e9 par les insurg\u00e9s, rel\u00e8ve sur un grand cahier le nom de chaque personne qui quitte le pays. La guerre n&rsquo;est pas loin. Selon des rebelles, des combats les ont oppos\u00e9s aux forces kadhafistes dans la nuit de samedi \u00e0 dimanche \u00e0 7 kilom\u00e8tres de l\u00e0, dans la montagne.<\/font><\/div>\n<div align=\"justify\">\u00a0<\/div>\n<div align=\"justify\"><font face=\"Arial\" size=\"2\">Jeudi, des soldats de l&rsquo;arme r\u00e9guli\u00e8re avaient men\u00e9 un violent raid contre les rebelles sur le poste-fronti\u00e8re, p\u00e9n\u00e9trant m\u00eame en Tunisie de quelques kilom\u00e8tres et suscitant une vive protestation de Tunis.<\/font><\/div>\n<div align=\"justify\">\u00a0<\/div>\n<div align=\"justify\"><font face=\"Arial\" size=\"2\">Depuis, l&rsquo;arm\u00e9e tunisienne s&rsquo;est d\u00e9ploy\u00e9e \u00e0 quelques centaines de m\u00e8tres de la fronti\u00e8re en installant des postes de combat \u00e0 l&rsquo;abri de murets de pierres s\u00e8ches improvis\u00e9s et diss\u00e9min\u00e9s dans un paysage min\u00e9ral.<\/font><\/div>\n<div align=\"justify\">\u00a0<\/div>\n<div align=\"justify\"><font face=\"Arial\" size=\"2\">Malgr\u00e9 l&rsquo;attaque de jeudi, la vingtaine de rebelles arm\u00e9s de fusils d&rsquo;assaut kalachnikov et appuy\u00e9s par un seul pick-up portant un canon bi-tube de 20 mm ne semblent pas inquiets. \u00ab\u00a0Ce n&rsquo;est pas la peine d&rsquo;\u00eatre trop nombreux ici, confie l&rsquo;un d&rsquo;eux \u00e0 l&rsquo;AFP, il vaut mieux s&rsquo;opposer \u00e0 eux plus loin chez nous\u00a0\u00bb.<\/font><\/div>\n<div align=\"justify\">\u00a0<\/div>\n<div align=\"justify\"><font face=\"Arial\" size=\"2\">Une fois pass\u00e9 le contr\u00f4le sommaire des rebelles, les r\u00e9fugi\u00e9s sont pris en charge par la police tunisienne. Dans les breaks ou les voitures surcharg\u00e9es o\u00f9 s&rsquo;entassent souvent des familles d&rsquo;une dizaine de personnes, chacun attend patiemment le contr\u00f4le des papiers que le p\u00e8re de famille pr\u00e9sente aux policiers.<\/font><\/div>\n<div align=\"justify\">\u00a0<\/div>\n<div align=\"justify\"><font face=\"Arial\" size=\"2\">Une dizaine de minutes plus tard, les v\u00e9hicules avancent de quelques m\u00e8tres vers les douaniers. La plupart du temps, ceux-ci jettent un coup d&rsquo;oeil sur les valises et les paquets et font signe de passer. De temps \u00e0 autre, un chien de l&rsquo;arm\u00e9e vient flairer l&rsquo;int\u00e9rieur d&rsquo;une voiture \u00e0 la recherche d&rsquo;armes ou de munitions.<\/font><\/div>\n<div align=\"justify\">\u00a0<\/div>\n<div align=\"justify\"><font face=\"Arial\" size=\"2\">Quelques m\u00e8tres plus loin, des membres de la Protection civile tunisienne attendent les bless\u00e9s du conflit. Ils peuvent leur donner les premiers soins sur place avant de les \u00e9vacuer vers les h\u00f4pitaux de Dehiba \u00e0 4 km de l\u00e0 et de Tataouine \u00e0 130 km, pour les plus touch\u00e9s, explique un sous-officier.<\/font><\/div>\n<div align=\"justify\">\u00a0<\/div>\n<div align=\"justify\"><font face=\"Arial\" size=\"2\">Quant aux r\u00e9fugi\u00e9s sans ressources et sans logement, ils sont accueillis dans le tout premier camp de r\u00e9fugi\u00e9s apr\u00e8s la fronti\u00e8re, install\u00e9 dans la ville de Dehiba. Dimanche matin, 1.277 r\u00e9fugi\u00e9s y \u00e9taient recens\u00e9s, selon ce sous-officier de la Protection civile. Deux autres camps sont install\u00e9s sur la route vers le nord \u00e0 Remada et \u00e0 Tataouine.<\/font><\/div>\n<hr\/>\n<p align=\"center\">\u00a0<\/p>\n<div align=\"center\">\n<h2 style=\"color: red;\"><font face=\"Arial\"><strong>Tunisie: des centaines de manifestants d\u00e9filent \u00e0 Tunis pour le 1er mai<\/strong><\/font><\/h2>\n<\/div>\n<div align=\"center\">\n<hr\/>\n<\/div>\n<div align=\"justify\"><font face=\"Arial\" size=\"2\">AP 01\/05\/2011 \u00e0 15:56 <\/font><\/div>\n<div align=\"justify\">\u00a0<\/div>\n<div align=\"justify\"><font face=\"Arial\" size=\"2\">Des centaines de manifestants ont d\u00e9fil\u00e9 dimanche sur l&rsquo;art\u00e8re principale de Tunis, l&rsquo;Avenue Habib Bourguiba, avant de passer devant le minist\u00e8re de l&rsquo;Int\u00e9rieur r\u00e9clamant \u00abtravail, dignit\u00e9 et libert\u00e9\u00bb, a constat\u00e9 l&rsquo;AFP.<\/font><\/div>\n<div align=\"justify\">\u00a0<\/div>\n<div align=\"justify\"><font face=\"Arial\" size=\"2\">\u00abTravailleurs, vous pr\u00e9parez le pain mais vous vivez avec les miettes!\u00bb, scandaient ces manifestants en col\u00e8re contre le gouvernement de transition.<\/font><\/div>\n<div align=\"justify\">\u00a0<\/div>\n<div align=\"justify\"><font face=\"Arial\" size=\"2\">\u00abNous voulons une autre r\u00e9volution\u00bb, \u00abLe peuple veut faire tomber le gouvernement de B\u00e9ji Ca\u00efd Essebsi\u00bb, \u00abOui nous allons mourir mais apr\u00e8s avoir d\u00e9racin\u00e9 l&rsquo;oppression\u00bb, pouvait-on lire sur de grandes banderoles.<\/font><\/div>\n<div align=\"justify\">\u00a0<\/div>\n<div align=\"justify\"><font face=\"Arial\" size=\"2\">\u00abEn cette journ\u00e9e mondiale de travail, nous voulons transmettre un message aux membres de ce gouvernement: ils n&rsquo;ont rien fait pour ce peuple qui n&rsquo;a pas besoin de mises en sc\u00e8nes mais plut\u00f4t d&rsquo;une vie digne et d&rsquo;une vraie libert\u00e9\u00bb, a lanc\u00e9 A\u00efcha, 45 ans, parmi les manifestants.<\/font><\/div>\n<div align=\"justify\">\u00a0<\/div>\n<div align=\"justify\"><font face=\"Arial\" size=\"2\">\u00abNous n&rsquo;avons pas avanc\u00e9 depuis la r\u00e9volution de 14 janvier et les revendications du peuple n&rsquo;ont pas \u00e9t\u00e9 r\u00e9alis\u00e9es. C&rsquo;est la m\u00eame chose et rien n&rsquo;a chang\u00e9\u00bb, a rench\u00e9ri Majdi, 20 ans, \u00e9tudiant.<\/font><\/div>\n<div align=\"justify\">\u00a0<\/div>\n<div align=\"justify\"><font face=\"Arial\" size=\"2\">Le 14 janvier, le pr\u00e9sident tunisien Ben Ali a fui son pays sous la pression de la rue et un mois de r\u00e9voltes populaires. Depuis, des jeunes manifestent quasi quotidiennement dans le centre de Tunis, et des gr\u00e8ves et sit-in se sont multipli\u00e9s dans plusieurs entreprises du pays pour des augmentations de salaires et des titularisations.<\/font><\/div>\n<div align=\"justify\">\u00a0<\/div>\n<div align=\"justify\"><font face=\"Arial\" size=\"2\">Mardi, le Premier ministre B\u00e9ji Ca\u00efd Essebsi a tir\u00e9 la sonnette d&rsquo;alarme en d\u00e9non\u00e7ant des \u00abd\u00e9bordements inacceptables\u00bb, citant entre autres les manifestations trop fr\u00e9quentes.<\/font><\/div>\n<hr\/>\n<div>\n<p align=\"center\"><span lang=\"FR-CA\"><strong><\/p>\n<h2 style=\"color: red;\"><font face=\"Arial\">Consolider la R\u00e9volution tunisienne, assurer sa protection, la pr\u00e9munir contre les menaces<\/font><\/h2>\n<p><\/strong><\/span><\/p>\n<hr\/>\n<p>\u00a0<\/p><\/div>\n<p align=\"justify\">\u00a0<\/p>\n<p align=\"justify\"><font face=\"Arial\" size=\"2\"><span lang=\"FR-CA\">Par : <strong><font>Abdallah Rihani<\/font><\/strong><\/span><\/font><\/p>\n<p align=\"justify\"><span lang=\"FR-CA\"><a href=\"mailto:Abdallah.rihani@umontreal.ca\" rel=\"nofollow\"><font face=\"Arial\" size=\"2\">Abdallah.rihani@umontreal.ca<\/font><\/a><\/span><font face=\"Arial\" size=\"2\"><\/font><\/p>\n<p align=\"justify\">\u00a0<\/p>\n<p align=\"justify\">\u00a0<\/p>\n<p align=\"justify\"><font face=\"Arial\" size=\"2\"><b><span lang=\"FR-CA\">1- Questions br\u00fblantes sur un pass\u00e9 proche<\/span><\/b><\/font><\/p>\n<p align=\"justify\">\u00a0<\/p>\n<p align=\"justify\"><font face=\"Arial\" size=\"2\"><span lang=\"FR-CA\">De nos jours les Rc\u00e9distes, (membres de l\u2019ancien parti RCD), cherchent \u00e0 retrouver une nouvelle prise sur la soci\u00e9t\u00e9 tunisienne pour la ramener \u00e0 la docilit\u00e9 de jadis, celle qui leur laissait le champ libre pour piller et opprimer. Maintenant que leur organisation est interdite, certains d\u2019entre eux se mobilisent pour r\u00e9clamer le droit des militants \u00abpropres\u00bb de se r\u00e9organiser et de participer de nouveau, d\u00e8s \u00e0 pr\u00e9sent, \u00e0 la vie politique du pays, aux \u00e9lections prochaines, comme si de rien n\u2019\u00e9tait. C\u2019est un probl\u00e8me grave qu\u2019il est important de d\u00e9battre surtout qu\u2019une partie du courant progressiste, sous pr\u00e9texte de conciliation et de pardon, s\u2019empresse d\u2019adopter une position \u00e0 la fois grave et risqu\u00e9e, oublieuse du pass\u00e9 proche du Destour et du RCD, ne tenant plus compte des traditions \u00e9tablies et bien connues des militants qui formaient les rangs de ces organisatins.<\/span> <\/font><\/p>\n<p align=\"justify\">\u00a0<\/p>\n<p align=\"justify\"><font face=\"Arial\" size=\"2\"><span lang=\"FR-CA\">\u00c0 cet \u00e9gard, ne faut-il pas rappeler, de nouveau, que la domination despotique et dictatoriale de la Tunisie par deux hommes, Bourguiba puis Ben Ali, ne s\u2019\u00e9tait pas faite toute seule. Non plus que le quadrillage du pays par le parti unique (version I et version II), n\u2019a pas \u00e9t\u00e9 le fait des seuls dirigeants mais impliquait une faune particuli\u00e8re de miliciens, membres des cellules, d\u00e9lateurs, gros bras, automates applaudisseurs et bien d\u2019autres dont la caract\u00e9ristique commune est une indiff\u00e9rence crasse envers l\u2019int\u00e9r\u00eat g\u00e9n\u00e9ral du pays. Pas \u00e9tonnant, par exemple, que les habitants de Tabarka entrent dans une grande col\u00e8re lorsqu\u2019ils constatent que le rc\u00e9diste d\u2019hier veut se faire passer pour un r\u00e9volutionnaire aujourd\u2019hui.<\/span> <\/font><\/p>\n<p align=\"justify\">\u00a0<\/p>\n<p><span lang=\"FR-CA\"><font face=\"Arial\" size=\"2\">La R\u00e9volution populaire s\u2019est clairement prononc\u00e9e contre les m\u0153urs mafieuses et l\u2019esprit de bandits des Rc\u00e9distes. Les nouvelles fondations de la vie politique que la R\u00e9volution vient d\u2019\u00e9tablir seront en danger si la mentalit\u00e9 des rc\u00e9distes se greffe dans de nouvelles niches et contamine les m\u0153urs politiques pour nuire aux libert\u00e9s et \u00e0 la d\u00e9mocratie. Il faut cependant examiner leurs cas froidement, sans \u00e9motion, en tenant compte de l\u2019int\u00e9r\u00eat g\u00e9n\u00e9ral et en appliquant la justice. Ce moyen, la justice, pr\u00e9serve la soci\u00e9t\u00e9 de toute tomb\u00e9e dans les climats de terreur, propres aux dictatures. En appliquant les lois avec rigueur contre ceux qui les ont bafou\u00e9es, elle apaisera les craintes et d\u00e9couragera les perturbateurs tout en prot\u00e9geant la R\u00e9volution du 14 janvier 2011 contre ses ennemis et d\u00e9tracteurs. <\/font><\/span><\/p>\n<p>\u00a0<\/p>\n<p><font face=\"Arial\" size=\"2\"><span lang=\"FR-CA\">Ceux qui veulent le salut de la Tunisie doivent tout entreprendre pour rendre d\u00e9finitive la rupture avec les m\u0153urs anciennes. Toutes les tentatives de retour en arri\u00e8re seront vaines, d\u00e9pourvues de sens et de valeur. Elles seront contrecarr\u00e9es par le peuple et la jeunesse tunisienne dont l\u2019action s\u2019inscrit pleinement dans le sens des progr\u00e8s de la conscience de la libert\u00e9 dans le monde. Vu les situations d\u00e9sastreuses auxquelles la R\u00e9volution vient d\u2019arracher la Tunisie, et dans sa suite les autres pays arabes, le peuple est l\u00e9gitim\u00e9 de la prot\u00e8ger et de la consolider, tel un nouveau-n\u00e9, jusqu\u2019\u00e0 la r\u00e9alisation de ses nobles objectifs d\u2019une vie libre et digne, \u00e0 transmettre en h\u00e9ritage aux g\u00e9n\u00e9rations futures.<\/span> <\/font><\/p>\n<p align=\"justify\">\u00a0<\/p>\n<p align=\"justify\"><font face=\"Arial\" size=\"2\"><span lang=\"FR-CA\">Nul ne peut crier \u00e0 l\u2019injustice ni parler de pers\u00e9cution lorsque la soci\u00e9t\u00e9 confronte les menaces \u00e0 sa survie et lorsqu\u2019elle se donne les moyens d\u2019\u00e9viter les d\u00e9rives ou la d\u00e9perdition. Un bref rappel de l\u2019histoire des Destouriens et Rc\u00e9distes permet de faire ressortir une continuit\u00e9 parlante, des v\u00e9rit\u00e9s \u00e0 reconvoquer pour tirer les le\u00e7ons quant \u00e0 vouloir ramener par les fen\u00eatres, avec pr\u00e9cipitation, ce que le peuple a chass\u00e9 par la porte apr\u00e8s 23 ans de souffrance.<\/span> <\/font><\/p>\n<p align=\"justify\">\u00a0<\/p>\n<p align=\"justify\"><font face=\"Arial\" size=\"2\"><span lang=\"FR-CA\">De nombreuses questions se posent \u00e0 cet \u00e9gard. Peut-on, \u00e0 l\u2019heure actuelle, croire et faire croire que le pays, le peuple et la R\u00e9volution sont \u00e0 l\u2019abri du retour de l\u2019oppression, de ses agents, leurs complices et associ\u00e9s? Qui est en mesure d\u2019affirmer maintenant que les forces de la noirceur et de la pr\u00e9dation ont \u00e9t\u00e9 neutralis\u00e9es, mises hors d\u2019\u00e9tat de nuire? Comment passer \u00e0 l\u2019\u00e9tape de la r\u00e9conciliation et du pardon si la r\u00e9ponse \u00e0 la question pr\u00e9c\u00e9dante ne se fonde que sur les impressions ou sur les calculs \u00e9lectoralistes, politiciens? Oublier les horreurs de la dictature et du despotisme, trois mois apr\u00e8s la fuite du dictateur, ne revient-il pas \u00e0 engager la Tunisie, sans autre pr\u00e9caution, sur une voie dangereuse, pleine de risques pour le pr\u00e9sent et le futur? O\u00f9 sont pass\u00e9es les le\u00e7ons de la crise de novembre 1987 et de ses suites?<\/span> <\/font><\/p>\n<p align=\"justify\">\u00a0<\/p>\n<p align=\"justify\"><b><span lang=\"FR-CA\"><font face=\"Arial\" size=\"2\">2- De Bourguiba \u00e0 Ben Ali, un sentier trac\u00e9<\/font><\/span><\/b><\/p>\n<p align=\"justify\">\u00a0<\/p>\n<p align=\"justify\"><span lang=\"FR-CA\"><font face=\"Arial\" size=\"2\">Comment oublier que sous Bourguiba les Tunisiens ont souffert politiquement de l\u2019absence de libert\u00e9s et \u00e9conomiquement d\u2019un ch\u00f4mage et d\u2019une pauvret\u00e9 qui ne se sont jamais all\u00e9g\u00e9s? C\u2019est ainsi que le renversement du \u00ab<i>combattant supr\u00eame<\/i>\u00bb, fut v\u00e9cu comme un grand soulagement. Le coup d\u2019\u00c9tat m\u00e9dical et la fameuse d\u00e9claration lue \u00e0 la radio, avaient \u00e9t\u00e9 une surprise plut\u00f4t agr\u00e9able \u00e0 l\u2019\u00e9poque, un d\u00e9nouement sans heurts qui a soulag\u00e9 tout le monde. <\/font><\/span><\/p>\n<p align=\"justify\">\u00a0<\/p>\n<p align=\"justify\"><font face=\"Arial\" size=\"2\"><span lang=\"FR-CA\">Cependant et de fait, dans un pays o\u00f9 jamais l\u2019on avait eu la possibilit\u00e9 de changer de chef d\u2019\u00c9tat, l\u2019occasion \u00e9tait belle, comme moment historique cl\u00e9 et fen\u00eatre d\u2019opportunit\u00e9, pour r\u00e9aliser une rupture avec le syst\u00e8me et les m\u00e9thodes de domination despotique que le vieillard avait maintenues et renforc\u00e9 tout au long de son r\u00e8gne. L\u2019occasion n\u2019a pas \u00e9t\u00e9 saisie par les forces d\u00e9mocratiques et progressistes, la chance perdue ne reviendra qu\u2019apr\u00e8s 23 ann\u00e9es infernales. Un passage \u00e0 vide dont avait profit\u00e9 Ben Ali et sa horde pour transformer son r\u00e9gime en une dictature des plus sanguinaires sur terre.<\/span> <\/font><\/p>\n<p align=\"justify\">\u00a0<\/p>\n<p align=\"justify\"><span lang=\"FR-CA\"><font face=\"Arial\" size=\"2\">\u00c0 cette \u00e9poque les rangs de la r\u00e9sistance \u00e9taient dispers\u00e9s, la pente \u00e0 remonter \u00e9tait raide. Il a fallut le travail patient et acharn\u00e9 de militants et militantes de tr\u00e8s grande valeur qui ont construit les outils qui feront \u00e9chouer la propagande et les mensonges du r\u00e9gime. Ils vont diffuser l\u2019information cr\u00e9dible et entretenir les d\u00e9bats qui vont \u00e9veiller les consciences, mettre les militants en relation et renforcer le r\u00e9seau des opposants \u00e0 la dictature. Ces derniers, \u00e0 leur tour, vont d\u00e9couvrir qu\u2019ils \u00e9taient plus proches les uns des autres quant \u00e0 l\u2019objectif commun vis\u00e9 et les moyens de s\u2019en approcher. <\/font><\/span><\/p>\n<p align=\"justify\">\u00a0<\/p>\n<p align=\"justify\"><span lang=\"FR-CA\"><font face=\"Arial\" size=\"2\">Des sites d\u2019information sont apparus pour consolider la mouvance, ils vont bouleverser compl\u00e8tement la donne contre le r\u00e9gime dictatorial<i>. TuniZane, Tunisnews, Nawaat<\/i> et les autres sites internet sont devenus des espaces de libert\u00e9 et de r\u00e9sistance contre la tyrannie. Ensuite s\u2019est ajout\u00e9e la cha\u00eene <i>Al Jazzira<\/i> avec une information de grande qualit\u00e9, accessible au plus grand nombre. Une v\u00e9ritable \u00e9pine aux pieds des dictateurs arabes et de leurs appuis \u00e9trangers. Tout ce qui a manqu\u00e9 \u00e0 la soci\u00e9t\u00e9 civile \u00e0 l\u2019\u00e9poque du coup d\u2019\u00c9tat en novembre1987, la jeunesse tunisienne, en d\u00e9bats continuels avec les opposants connus ou non, va le conqu\u00e9rir. Elle construira des espaces de libert\u00e9 que la dictature tentera de saboter de mille fa\u00e7ons avec f\u00e9rocit\u00e9 sans jamais d\u00e9courager la jeunesse qui finit par reconqu\u00e9rir tout site sabot\u00e9 ou espace perdu. Elle poursuivra son combat contre la dictature par le d\u00e9bat, la clarification des id\u00e9es et la fixation des enjeux. <\/font><\/span><\/p>\n<p align=\"justify\">\u00a0<\/p>\n<p align=\"justify\"><font face=\"Arial\" size=\"2\"><b><span lang=\"FR-CA\">3 &#8211; Les co\u00fbteuses erreurs du pass\u00e9<\/span><\/b> <\/font><\/p>\n<p align=\"justify\">\u00a0<\/p>\n<p align=\"justify\"><span lang=\"FR-CA\"><font face=\"Arial\" size=\"2\">La dictature et la chute dans le vide, subies par le peuple et le pays, \u00e9taient-elles n\u00e9cessaires et in\u00e9vitables? Si oui, est-ce que cela veut dire que la m\u00eame descente aux enfers peut encore survenir en Tunisie dans le futur sans que personne ne pourra rien emp\u00eacher?<\/font><\/span><\/p>\n<p align=\"justify\">\u00a0<\/p>\n<p align=\"justify\"><span lang=\"FR-CA\"><font face=\"Arial\" size=\"2\">Ces questions s\u2019imposent car en novembre 1987 le jeu politique n\u2019\u00e9tait pas cristallis\u00e9 ni fig\u00e9 et il ne le deviendra que plus tard apr\u00e8s plus de 18 mois environ. Durant cette premi\u00e8re p\u00e9riode tout le monde \u00e9tait tomb\u00e9 dans la liesse, les hommes politiques en particulier n\u2019avaient pas saisi l\u2019opportunit\u00e9 pour faire le travail pour lequel ils sont g\u00e9n\u00e9ralement choisis, \u00e9lus. Ce travail consiste \u00e0 n\u00e9gocier au nom des groupes ou des associations pour soutirer des concessions, r\u00e9aliser des gains et se donner des garanties contre les volte-face et les manipulations. \u00c0 cet \u00e9gard, les forces vives du pays n\u2019avaient-elles pas fait montre d\u2019incons\u00e9quence politique et de faiblesse grave d\u2019\u00e9valuation et de vision en 1987? La r\u00e9ponse est claire ici puisque ces forces n\u2019avaient pas montr\u00e9 une grande volont\u00e9 de changement ou la conviction ferme de mettre un terme aux habitudes non d\u00e9mocratiques et despotiques impos\u00e9es par Bourguiba et<b> <\/b>les Destouriens peu de temps apr\u00e8s l\u2019ind\u00e9pendance. <\/font><\/span><\/p>\n<p align=\"justify\">\u00a0<\/p>\n<p align=\"justify\"><font face=\"Arial\" size=\"2\"><span lang=\"FR-CA\">Le syndicat UGTT, certes toujours surveill\u00e9, toujours r\u00e9prim\u00e9, n\u2019\u00e9tait pas en position de requ\u00e9rir quelque garantie que ce soit contre le retour des compagnes sanglantes et des machinations dont il \u00e9tait r\u00e9guli\u00e8rement l\u2019objet. Mais le syndicat national n\u2019\u00e9tait pas le seul \u00e0 se rallier en 1987 sans gain substantiel, toutes les formations de l\u2019opposition politique tunisienne s\u2019\u00e9taient montr\u00e9es optimistes, bien dispos\u00e9es envers Ben Ali, pourtant reconnu pour \u00eatre le responsable de la boucherie sanglante du 26 janvier 1978. Ces forces n\u2019avaient montr\u00e9 aucune m\u00e9fiance envers le successeur autoproclam\u00e9 de Bourguiba et ses complices conspirateurs. Cela aussi malgr\u00e9 le fait que les moyens utilis\u00e9s par le trio Baccouche-Ammar-Ben Ali, \u00e9taient des moyens ill\u00e9gaux, violent les lois et passibles de peines tr\u00e8s s\u00e9v\u00e8res. Tout avait \u00e9t\u00e9 accept\u00e9.<\/span> <\/font><\/p>\n<p align=\"justify\">\u00a0<\/p>\n<p align=\"justify\"><span lang=\"FR-CA\"><font face=\"Arial\" size=\"2\">Moins que tout le monde, en novembre 1987, les Destouriens n\u2019avaient montr\u00e9 aucune r\u00e9ticence envers les actes pos\u00e9s et aucune m\u00e9fiance envers les possibles d\u00e9rives du nouveau chef qui s\u2019\u00e9tait impos\u00e9. Ce point est important \u00e0 souligner car il permet de rappeller que les coups de force et les conspirations sont des traits associ\u00e9s \u00e0 la pratique historique du Destour depuis bien avant l\u2019ind\u00e9pendance de 1956. Pas \u00e9tonnant alors que ses membres, en 1987, n\u2019aient rien trouv\u00e9 d\u2019anormal au m\u00e9pris des lois pour ensuite accepter aussi l\u2019usage \u00e9tendu et abusif de la force et de la torture contre les citoyens et comme moyens valables pour atteindre des objectifs politiques contest\u00e9s par la soci\u00e9t\u00e9. <\/font><\/span><\/p>\n<p align=\"justify\">\u00a0<\/p>\n<p align=\"justify\"><font face=\"Arial\" size=\"2\"><span lang=\"FR-CA\">Il faut aussi rappeler que le Destour a toujours dispos\u00e9 d\u2019une milice aux ordres capable de violenter les \u00e9tudiants, de briser les gr\u00e8ves, d\u2019agresser les opposants, leurs enfants, conjoints, proches et voisins. En novembre 1987 la fameuse d\u00e9claration programme (le mensonge) lue par Ben Ali, avait caus\u00e9 une joie que le peuple, d\u00e9barrass\u00e9 du spectacle quotidien d\u2019agonie que projetait Bourguiba, n\u2019avait pas cherch\u00e9 \u00e0 g\u00e2cher. Il, le peuple, n\u2019a pas r\u00e9clam\u00e9, et les \u00e9lites avec lui, de garanties pour une v\u00e9ritable vie d\u00e9mocratique et une rupture, v\u00e9ritable et d\u00e9finitive, avec les pratiques d\u00e9faillantes du pass\u00e9. Tout le monde doit tirer les le\u00e7ons pour le temps pr\u00e9sent, avril 2011, trois mois apr\u00e8s la R\u00e9volution du 14 janvier 2011.<\/span> <\/font><\/p>\n<p align=\"justify\">\u00a0<\/p>\n<p><font face=\"Arial\" size=\"2\"><span lang=\"FR-CA\">Bien s\u00fbr le contexte \u00e9tait particulier, nul ne peut oublier qu\u2019en 1987 les conditions politiques et sociales \u00e9taient difficiles, incomparables avec celles de 2010-2011. Il faut cependant rester lucide et se dire, comme notre pass\u00e9 l\u2019illustre bien, que le rempla\u00e7ant d\u2019un tyran ou d\u2019un dictateur ne sera pas forc\u00e9ment un d\u00e9mocrate acquis \u00e0 l\u2019ouverture et immunis\u00e9 contre les d\u00e9rives autoritaires. Il faut esp\u00e9rer le meilleur mais rester pr\u00e9parer \u00e0 affronter le pire s\u2019il se pr\u00e9sente.<\/span> <\/font><\/p>\n<p align=\"justify\">\u00a0<\/p>\n<p align=\"justify\"><span lang=\"FR-CA\"><font face=\"Arial\" size=\"2\">Notre propos veut souligner ce qui suit : toutes les garanties qu\u2019un peuple peut se donner contre les d\u00e9rives autoritaires et dictatoriales sont des garanties l\u00e9gitimes, beaucoup moins regrettables et beaucoup moins dommageables pour la collectivit\u00e9 et les individus que les malheurs et la terreur que l\u2019absence de ces garanties peut occasionner. Le 7 novembre 1987, le Parti-\u00c9tat Destour croyait avoir trouv\u00e9 un sauveur, disait-on, il a fallu peu de temps pour que le pays d\u00e9couvre le dictateur sanguinaire qui se cachait derri\u00e8re. Il faut rappeler ces faits pour que la m\u00eame erreur ne sera pas r\u00e9p\u00e9t\u00e9e aujourd\u2019hui, surtout que nous voulons changer v\u00e9ritablement de si\u00e8cle, devenir et rester un peuple libre de ses choix et de son destin. <\/font><\/span><\/p>\n<h2 align=\"justify\" style=\"color: red;\"><span lang=\"FR-CA\"><font face=\"Arial\" size=\"2\">3- Les m\u00e9dias, la dictature et la contre-r\u00e9volution<\/font><\/span><\/h2>\n<p align=\"justify\">\u00a0<\/p>\n<p align=\"justify\"><font face=\"Arial\" size=\"2\"><span lang=\"FR-CA\">L\u2019affirmation de Ben Ali comme dictateur a \u00e9t\u00e9 rapide et ceux qui ont facilit\u00e9 sa mue mal\u00e9fique d\u00e8s sa prise du pouvoir sont les \u00e9lites. Rapidement, les bien pensants de l\u2019\u00e9poque se sont soumis, journalistes, \u00e9crivains, acad\u00e9miciens, commentateurs, conseillers et autres intervenants des m\u00e9dias se sont mis \u00e0 plat ventre devant lui. Les habitudes \u00e9tablies sous Bourguiba ont \u00e9t\u00e9 reconduites et renforc\u00e9es avec le nouvel homme fort du Destour. Les journalistes ne posaient pas de questions g\u00eanantes, ni au dictateur ni \u00e0 ses collaborateurs, ils ignoraient les arguments d\u00e9rangeants et se taisaient surtout, au lieu de relever les mensonges ou de d\u00e9noncer les abus. Cela alors que les membres du RCD, au gouvernement comme ailleurs, devenaient les champions mondiaux de la d\u00e9magogie et d\u2019une langue de bois digne des pires dictatures de l\u2019ancienne Europe de l\u2019Est stalinienne. L\u2019autocensure s\u2019est install\u00e9e pour devenir, petit \u00e0 petit, la r\u00e8gle. Les honn\u00eates gens devenaient incapables de travailler dans de telles conditions, se sont fait discrets ou se sont retir\u00e9s de la place publique la c\u00e9dant, toute enti\u00e8re, aux m\u00e9diocres.<\/span><\/font><\/p>\n<p align=\"justify\">\u00a0<\/p>\n<p align=\"justify\"><span lang=\"FR-CA\"><font face=\"Arial\" size=\"2\">Ce sont ces derniers qui vont profiter de l\u2019occasion pour devenir les seuls \u00e0 parler au nom du pays, \u00e0 le repr\u00e9senter \u00e0 travers le monde et pour s\u2019allier \u00e0 des puissances \u00e9trang\u00e8res. Parmi celles-ci, certaines haineuses, \u00e9taient bien satisfaites de voir que la Tunisie et son peuple devenaient une entit\u00e9 sans \u00e2me, un corps sans vie disponible pour toutes les manipulations et toutes les machinations hostiles \u00e0 son autonomie, ses attaches, son histoire, sa religion, sa culture et son aspiration \u00e0 l\u2019unit\u00e9 arabe. Avec la dictature, le loup s\u2019\u00e9tait install\u00e9 dans la bergerie et le berger lui donnait un coup de main. <\/font><\/span><\/p>\n<p align=\"justify\">\u00a0<\/p>\n<p align=\"justify\"><font face=\"Arial\" size=\"2\"><span lang=\"FR-CA\">Quoi que disent les tenants de la r\u00e9conciliation press\u00e9e d\u2019aujourd\u2019hui, l\u2019univers de plomb instaur\u00e9 par Ben Ali n\u2019a pas rebut\u00e9 les destouriens rc\u00e9distes, bourguibistes ou non. Aucune indignation notable, aucune sortie des rangs notable \u00e0 laquelle ils peuvent s\u2019accrocher. Tout indique, h\u00e9las, que les avantages tir\u00e9s par ces individus et leurs familles les rendaient aveugles et insensibles envers ce qui accablait le reste de la population. Apr\u00e8s 52 ans de r\u00e8gne sans partage, leur sortie d\u2019une telle bulle ne pouvait qu\u2019\u00eatre brutale. Ils vivent la R\u00e9volution du 14 janvier 2011 comme une catastrophe sans pareille, un d\u00e9sastre auquel ils ne s\u2019attendaient pas. Ils ne pouvaient imaginer que leur dictateur serait chass\u00e9 et que le syst\u00e8me tentaculaire, qu\u2019ils ont cr\u00e9e avec lui, allait s\u2019effondrer et serait neutralis\u00e9 sans recours \u00e0 la violence, par un peuple aux mains nues, sans complot ni aide d\u2019\u00e9trangers tirant les ficelles, sans revanches ni expressions de haine.<\/span> <\/font><\/p>\n<p align=\"justify\">\u00a0<\/p>\n<p align=\"justify\"><span lang=\"FR-CA\"><font face=\"Arial\" size=\"2\">Il est temps de tenir ces figures de l\u2019\u00e9chec, loin des centres de d\u00e9cision et d\u2019influence sur la vie politique du pays. Ils ont des comp\u00e9tences dites-vous, rien ne les emp\u00eache de les exercer pour participer au d\u00e9veloppement et \u00e0 la diffusion de la prosp\u00e9rit\u00e9 et des bonnes conditions de vie l\u00e0 o\u00f9 ils se trouvent sans chercher \u00e0 tout corrompre ni \u00e0 tout contr\u00f4ler de la vie de leurs concitoyens. <\/font><\/span><\/p>\n<p align=\"justify\">\u00a0<\/p>\n<h2 style=\"color: red;\"><span lang=\"FR-CA\"><font face=\"Arial\" size=\"2\">Montr\u00e9al, le 25 avril 2011<\/font><\/span><\/h2>\n<p align=\"center\">\u00a0<\/p>\n<p align=\"center\">\u00a0<\/p>\n<hr\/>\n<p align=\"center\"><b><span lang=\"FR\"><\/p>\n<h2 style=\"color: red;\"><font face=\"Arial\">Nouveaux combats \u00e0 la fronti\u00e8re entre la Tunisie et la Libye<\/font><\/h2>\n<p> <\/span><\/b><\/p>\n<hr\/>\n<p>\u00a0<\/p>\n<p align=\"justify\"><span lang=\"FR\"><font face=\"Arial\">De nouveaux combats ont \u00e9clat\u00e9 dimanche entre les forces r\u00e9guli\u00e8res libyennes et les rebelles pr\u00e8s de la ville de Wazin, \u00e0 la fronti\u00e8re avec la Tunisie. Un journaliste de l&rsquo;agence Reuters se trouvant \u00e0 Dehiba, du c\u00f4t\u00e9 tunisien de la fronti\u00e8re, a fait \u00e9tat de tirs d&rsquo;artillerie et d&rsquo;affrontements \u00e0 l&rsquo;arme l\u00e9g\u00e8re. Selon des rebelles, des combats les ont oppos\u00e9s aux forces kadhafistes dans la nuit de samedi \u00e0 dimanche \u00e0 7 kilom\u00e8tres de l\u00e0, dans la montagne.<\/font><\/span><\/p>\n<p align=\"justify\"><span lang=\"FR\"><font face=\"Arial\">Dehiba se trouve \u00e0 l&rsquo;int\u00e9rieur des terres, \u00e0 150 kilom\u00e8tres environ de la c\u00f4te m\u00e9diterran\u00e9enne. Les autorit\u00e9s tunisiennes ont d\u00e9nonc\u00e9 cette semaine des violations de la fronti\u00e8re par les forces kadhafistes.<\/font><\/span><\/p>\n<p align=\"justify\"><span lang=\"FR\"><font face=\"Arial\">Au poste-fronti\u00e8re, le flot de r\u00e9fugi\u00e9s libyens ne tarissait pas dimanche matin, la police tunisienne ayant enregistr\u00e9 la veille le chiffre record de 4 970 personnes en une journ\u00e9e. En milieu de matin\u00e9e, des dizaines de v\u00e9hicules aux plaques d&rsquo;immatriculation libyennes patientaient au poste-fronti\u00e8re. C\u00f4t\u00e9 libyen, un des soldats rebelles qui tient le poste, surmont\u00e9 du drapeau aux trois couleurs rouge noire et verte adopt\u00e9 par les insurg\u00e9s, rel\u00e8ve sur un grand cahier le nom de chaque personne qui quitte le pays.<\/font><\/span><\/p>\n<p align=\"justify\"><span lang=\"FR\"><font face=\"Arial\">Les incidents frontaliers de ces derniers jours trouvent leur origine dans la traque que m\u00e8nent les troupes kadhafistes contre les rebelles du djebel Nafoussa, massif montagneux \u00e0 la population principalement berb\u00e8re situ\u00e9 au sud-ouest de Tripoli.<\/font><\/span><\/p>\n<p align=\"justify\"><span lang=\"FR\"><font face=\"Arial\">Source : \u00ab Le Monde.fr \u00bb Le 01-05-2011<\/font><\/span><\/p>\n<div>\n<p align=\"justify\"><span lang=\"FR\"><font face=\"Arial\">Lien : <\/font><a href=\"http:\/\/www.lemonde.fr\/libye\/article\/2011\/05\/01\/nouveaux-combats-a-la-frontiere-entre-la-tunisie-et-la-libye_1515373_1496980.html\" target=\"_blank\" rel=\"noopener\"><font face=\"Arial\">http:\/\/www.lemonde.fr\/libye\/article\/2011\/05\/01\/nouveaux-combats-a-la-frontiere-entre-la-tunisie-et-la-libye_1515373_1496980.html<\/font><\/a><\/span><\/p>\n<\/div>\n<h2 align=\"center\" style=\"color: red;\"><span lang=\"NO-BOK\"><a href=\"http:\/\/www.kapitalis.com\/fokus\/62-national\/3743-le-climat-dinsecurite-persiste-en-tunisie.html\" target=\"_blank\" rel=\"noopener\"><span lang=\"FR\"><\/p>\n<h3 style=\"color: blue;\"><font face=\"Arial\">Le climat d\u2019ins\u00e9curit\u00e9 persiste en Tunisie<\/font><\/h3>\n<p><\/span><\/a> <\/span><\/h2>\n<hr\/>\n<p align=\"justify\"><span lang=\"FR\"><font face=\"Arial\">Pas moins de 1.100 prisonniers se sont \u00e9vad\u00e9s, vendredi, des prisons de Kasserine et Gafsa (sud-ouest). Ces op\u00e9rations synchronis\u00e9es laissent perplexes et alimentent l\u2019inqui\u00e9tude des Tunisiens. <\/font><\/span><\/p>\n<p align=\"justify\"><span lang=\"FR\"><font face=\"Arial\">Les fuyards seraient 800 \u00e0 Kasserine, \u00e9vad\u00e9s vendredi matin \u00e0 la suite d\u2019une mise \u00e0 feu des matelas et des lits dans un pavillon de la prison locale, et 300 \u00e0 Gafsa, \u00e9vad\u00e9s aussi apr\u00e8s un incendie qui s\u2019\u00e9tait d\u00e9clar\u00e9 dans une cellule. Dans les deux cas, l\u2019arm\u00e9e a d\u00fb ouvrir les portes de la prison pour prot\u00e9ger et les gardiens et les d\u00e9tenus. Ces derniers en ont alors profit\u00e9 pour s\u2019enfuir.  D\u2019autres tentatives d\u2019\u00e9vasion ont \u00e9t\u00e9 enregistr\u00e9es dans d\u2019autres prisons du pays, notamment \u00e0 Borj Erroumi, pr\u00e8s de Bizerte.<\/font><\/span><\/p>\n<p align=\"justify\">\u00a0<\/p>\n<p align=\"justify\"><strong><span lang=\"FR\"><font face=\"Arial\">Des mouvements synchronis\u00e9s <\/font><\/span><\/strong><font><b><span lang=\"FR\"> <\/span><\/b><\/font><span lang=\"FR\"><font face=\"Arial\">La synchronisation de ces mouvements laisse perplexe. Et alimente les inqui\u00e9tudes des Tunisiens, qui craignent la recrudescence des actes criminels, d\u2019autant que Tunis, Nabeul, Sousse et Sfax, entre autres grandes villes, qui donnent l\u2019impression d\u2019\u00eatre relativement calmes, sont, depuis quelque temps, le th\u00e9\u00e2tre d\u2019agressions et de braquages, commis par des d\u00e9linquants.  Cette s\u00e9rie d\u2019\u00e9vasions, qui intervient \u00e0 deux mois des \u00e9lections de l\u2019assembl\u00e9e constituante, montre que la s\u00e9curit\u00e9 est loin d\u2019\u00eatre r\u00e9tablie dans le pays, surtout dans les zones sensibles et les r\u00e9gions d\u00e9favoris\u00e9es. Sans aller jusqu\u2019\u00e0 imaginer des complicit\u00e9s de la part des agents de maintien de l\u2019ordre, les Tunisiens sont en droit de se poser des questions sur les causes de ces ph\u00e9nom\u00e8nes jusque l\u00e0 inconnus dans le pays. Et s\u2019il s\u2019agissait d\u2019actes de sabotage pr\u00e9m\u00e9dit\u00e9s? Si c\u2019\u00e9tait le cas, \u00e0 qui profiteraient-ils? Doit-on craindre une recrudescence des mutineries dans les prisons?  Rappelons qu\u2019en janvier, quelque 11.000 d\u00e9tenus s\u2019\u00e9taient \u00e9vad\u00e9s de plusieurs prisons tunisiennes dont plusieurs milliers ont \u00e9t\u00e9 arr\u00eat\u00e9s par vagues successives depuis. Les portes des prisons avaient alors \u00e9t\u00e9 ouvertes sciemment par des responsables impliqu\u00e9s dans le complot mis en route par le g\u00e9n\u00e9ral Ali Seriati et les gardes pr\u00e9sidentiels. Mais aujourd\u2019hui?  Samedi, un communiqu\u00e9 du minist\u00e8re de l\u2019Int\u00e9rieur annon\u00e7ait l\u2019arrestation 125 parmi les \u00e9vad\u00e9s des prisons de Kasserine et de Gafsa, gr\u00e2ce aux \u00abefforts conjoints d\u00e9ploy\u00e9s par les unit\u00e9s de la s\u00e9curit\u00e9 int\u00e9rieure, de la garde nationale et de l\u2019arm\u00e9e\u00bb. Quelques dizaines d\u2019autres prisonniers seront sans doute arr\u00eat\u00e9s au cours des prochains jours. Mais pour un prisonnier en fuite arr\u00eat\u00e9 combien resteront dans la nature et feront peser des menace contre la s\u00e9curit\u00e9.<\/font><\/span><\/p>\n<p align=\"justify\"><span lang=\"FR\"><font face=\"Arial\">Source : \u00ab Kapitalis \u00bb Le 01-05-2011<\/font><\/span><\/p>\n<div>\n<p align=\"justify\"><span lang=\"FR\"><font face=\"Arial\">Lien : <\/font><a href=\"http:\/\/www.kapitalis.com\/fokus\/62-national\/3743-le-climat-dinsecurite-persiste-en-tunisie.html\" target=\"_blank\" rel=\"noopener\"><font face=\"Arial\">http:\/\/www.kapitalis.com\/fokus\/62-national\/3743-le-climat-dinsecurite-persiste-en-tunisie.html<\/font><\/a><\/span><\/p>\n<\/div>\n<p align=\"center\"><b><span lang=\"FR\"><\/p>\n<h3 style=\"color: blue;\"><font face=\"Arial\">Tunisie : les \u00e9vasions de prison continuent.<\/font><\/h3>\n<p> <\/span><\/b><\/p>\n<hr\/>\n<p>\u00a0<\/p>\n<p align=\"justify\"><span lang=\"FR\"><font face=\"Arial\">Ce n\u2019est pas moins de 1100 prisonniers qui se sont \u00e9vad\u00e9s ces derniers jours en Tunisie. Principalement \u00e0 Kasserine et \u00e0 Gafsa. Les chiffres avanc\u00e9s seraient de 800 prisonniers \u00e0 Kasserine et de 300 \u00e0 Gafsa. A deux mois des \u00e9lections de l\u2019assembl\u00e9e constituante, force est de reconnaitre qu\u2019il y\u2019a toujours un probl\u00e8me de s\u00e9curit\u00e9 dans certaines localit\u00e9s. Si Tunis et certaines grandes m\u00e9tropoles de la Tunisie telles que Sfax et Sousse sont relativement calmes depuis un certain moment, on ne peut pas en dire autant des zones sensibles et les r\u00e9gions d\u00e9favoris\u00e9es. <\/font><\/span><\/p>\n<p align=\"justify\">\u00a0<\/p>\n<p align=\"justify\"><span lang=\"FR\"><font face=\"Arial\">Donc c\u2019est plus de 800 prisonniers qui se sont \u00e9vad\u00e9s de la prison de Kasserine ce vendredi 29 Avril vers le matin. Les premi\u00e8res informations \u00e9voquent un mouvement de panique qui s\u2019\u00e9tait empar\u00e9 des prisonniers \u00e0 la suite d\u2019une mise \u00e0 feu des matelas et des lits dans un pavillon de la prison r\u00e9serv\u00e9e aux femmes. Quelques instants apr\u00e8s c\u2019\u00e9tait au tour du pavillon des hommes de prendre aussi feu. L\u2019arm\u00e9e avait alors intervenue, ouvrant les portes de la prison pour prot\u00e9ger et les gardiens et les d\u00e9tenus. Ces derniers vont alors profiter de cette belle occasion pour prendre la poudre d\u2019escampette. Cependant certains prisonniers \u00e9taient rest\u00e9s dans leurs cellules et notamment ceux qui n\u2019avaient plus que quelques mois \u00e0 purger et les meurtriers par peur de repr\u00e9sailles et de lynchage de la part des familles de leur victimes. <\/font><\/span><\/p>\n<p align=\"justify\"><span lang=\"FR\"><font face=\"Arial\">Outre Kasserine, plus de trois cents autres prisonniers se sont \u00e9vad\u00e9s de la prison de Gafsa le m\u00eame jour. C\u2019est \u00e0 croire qu\u2019il y avait une synchronisation entre ces \u00e9v\u00e9nements. Selon une source militaire cit\u00e9e par l\u2019Agence Tunis Afrique Presse, cette \u00e9vasion aurait aussi pour cause un incendie qui s\u2019\u00e9tait d\u00e9clar\u00e9 dans une cellule.<\/font><\/span><\/p>\n<p align=\"justify\"><span lang=\"FR\"><font face=\"Arial\">Des unit\u00e9s de l&rsquo;arm\u00e9e et des services de s\u00e9curit\u00e9 se sont d\u00e9ploy\u00e9es \u00e0 travers les art\u00e8res de la ville ainsi que dans les gares routi\u00e8res pour tenter d\u2019appr\u00e9hender les \u00e9vad\u00e9s. Des renforts appartenant aux unit\u00e9s des forces de s\u00e9curit\u00e9 se sont \u00e9galement d\u00e9ploy\u00e9s aux diff\u00e9rents points d&rsquo;entr\u00e9e et de sortie de la ville pour tenter d&rsquo;arr\u00eater les prisonniers . Des sources militaires ont indiqu\u00e9 que les op\u00e9rations de ratissage qui ont \u00e9t\u00e9 effectu\u00e9es ont permis d&rsquo;arr\u00eater 35 prisonniers \u00e9vad\u00e9s et que les efforts se poursuivent pour mettre fin \u00e0 la cavale des autres prisonniers selon une d\u00e9p\u00eache de Business news. <\/font><\/span><\/p>\n<p align=\"justify\"><span lang=\"FR\"><font face=\"Arial\">Rappelons qu\u2019en janvier, quelque 11.000 d\u00e9tenus s\u2019\u00e9taient \u00e9vad\u00e9s de plusieurs prisons tunisiennes dont plusieurs milliers ont \u00e9t\u00e9 arr\u00eat\u00e9s par vagues successives depuis. Le minist\u00e8re de l\u2019int\u00e9rieur, dans un communiqu\u00e9, a annonc\u00e9 l\u2019arrestation de 125 prisonniers. <\/font><\/span><\/p>\n<p align=\"justify\"><span lang=\"FR\"><font face=\"Arial\">Le sentiment d\u2019ins\u00e9curit\u00e9 ne cessent de croitre et ce n\u2019est s\u00fbrement pas une co\u00efncidence que ces \u00e9vasions se soient d\u00e9roul\u00e9es au m\u00eame moment. Y\u2019a-t-il des complicit\u00e9s de la part des agents de maintien de l\u2019ordre ? <\/font><\/span><\/p>\n<p align=\"justify\"><span lang=\"FR\"><font face=\"Arial\">Au moment o\u00f9 la chasse aux sorci\u00e8res est plus que jamais d\u2019actualit\u00e9 en Tunisie, je ne donne pas cher de la peau des directeurs de ces prisons qui vont devoir payer pour des erreurs qu\u2019ils n\u2019ont peut \u00eatre pas commises. Oui la population tunisienne est optimiste mais ces incidents montrant une d\u00e9faillance s\u00e9curitaire sans pr\u00e9c\u00e9dent provoque aujourd\u2019hui un retour in\u00e9luctable \u00e0 la psychose qui s\u2019\u00e9tait empar\u00e9e de la population au lendemain de la r\u00e9volution. <\/font><\/span><\/p>\n<p align=\"justify\"><span lang=\"FR\"><font face=\"Arial\">Aujourd\u2019hui plus que jamais, la population a besoin d\u2019\u00eatre rassur\u00e9e et ceci doit passer par une remise en prison des tous ces prisonniers et veiller \u00e0 l\u2019avenir \u00e0 ce que de tels incidents ne se reproduisent plus. Avec les gr\u00e8ves qu\u2019on voit tous les jours partout dans le pays, autant dans le secteur priv\u00e9 que public, il va de soi que l\u2019espoir d\u2019un retour \u00e0 la normale au plus vite est de plus en menac\u00e9.<\/font><\/span><\/p>\n<p align=\"justify\"><span lang=\"FR\"><font face=\"Arial\">Source : \u00ab cpme4news \u00bb Le 01-05-2011<\/font><\/span><\/p>\n<div>\n<p align=\"justify\"><span lang=\"FR\"><font face=\"Arial\">Lien : <\/font><a href=\"http:\/\/www.come4news.com\/tunisie-les-evasions-de-prison-continuent-627145\" target=\"_blank\" rel=\"noopener\"><font face=\"Arial\">http:\/\/www.come4news.com\/tunisie-les-evasions-de-prison-continuent-627145<\/font><\/a><\/span><\/p>\n<\/div>\n<p align=\"center\"><b><span lang=\"FR\"><\/p>\n<h3 style=\"color: blue;\"><font face=\"Arial\">Delano\u00eb: \u00ab\u00a0propos irresponsables<\/font><\/h3>\n<p> <\/span><\/b><\/p>\n<hr\/>\n<p>\u00a0<\/p>\n<p align=\"justify\"><span lang=\"FR\"><font face=\"Arial\">Le collectif de la Droite populaire (une cinquantaine de d\u00e9put\u00e9s UMP) a d\u00e9nonc\u00e9 les propos \u00ab\u00a0irresponsables\u00a0\u00bb du maire socialiste de Paris, Bertrand Delano\u00eb, concernant les r\u00e9fugi\u00e9s tunisiens en France.  \u00ab\u00a0La gauche persiste \u00e0 refuser les expulsions des \u00e9trangers ill\u00e9gaux, pourtant men\u00e9es en application de nos lois\u00a0\u00bb, selon le communiqu\u00e9. \u00ab\u00a0L&rsquo;ang\u00e9lisme habituel de la gauche menace ainsi toujours l&rsquo;int\u00e9grit\u00e9 territoriale de la France et la s\u00e9curit\u00e9 des Fran\u00e7ais\u00a0\u00bb, d\u00e9clarent les d\u00e9put\u00e9s UMP, qui r\u00e9affirment leur \u00ab\u00a0soutien\u00a0\u00bb \u00e0 l&rsquo;action du ministre de l&rsquo;Int\u00e9rieur, Claude Gu\u00e9ant, \u00ab\u00a0pour faire respecter notre \u00c9tat de droit\u00a0\u00bb.  Le maire de Paris Bertrand Delano\u00eb (PS) a invit\u00e9 mardi l&rsquo;Europe et la France \u00e0 traiter avec <\/font><font><a href=\"http:\/\/www.lefigaro.fr\/flash-actu\/2011\/04\/26\/97001-20110426FILWWW00585-immigres-tunisiens-delanoe-indigne.php\" target=\"_blank\" rel=\"noopener\"><b><font face=\"Arial\">\u00ab\u00a0humanit\u00e9 et dignit\u00e9\u00a0\u00bb<\/font><\/b><\/a><\/font><font face=\"Arial\"> les immigr\u00e9s tunisiens qui ont fui leur pays, dont certains se trouvent \u00e0 Paris, dans un communiqu\u00e9 o\u00f9 il exprime son \u00ab\u00a0\u00e9motion\u00a0\u00bb et son \u00ab\u00a0indignation\u00a0\u00bb. Selon le maire de Paris, pour \u00ab\u00a0les 20.000 migrants\u00a0\u00bb de ces derni\u00e8res semaines, des \u00ab\u00a0solutions raisonnables et r\u00e9alistes peuvent \u00eatre trouv\u00e9es\u00a0\u00bb.  Il sugg\u00e8re notamment de mettre en place \u00ab\u00a0une v\u00e9ritable logique de partenariat\u00a0\u00bb avec la Tunisie, par exemple en accueillant de jeunes dipl\u00f4m\u00e9s tunisiens qui manquent de d\u00e9bouch\u00e9s \u00e0 la fin de leurs \u00e9tudes, comme le pr\u00e9voit un accord de coop\u00e9ration sign\u00e9 le 28 avril 2008 entre les deux pays.<\/font><\/span><\/p>\n<p align=\"justify\"><span lang=\"FR\"><font face=\"Arial\">Source : \u00ab Le Figaro \u00bb Le 01-05-2011<\/font><\/span><\/p>\n<div>\n<p align=\"justify\"><span lang=\"FR\"><font face=\"Arial\">Lien : <\/font><a href=\"http:\/\/www.lefigaro.fr\/flash-actu\/2011\/04\/29\/97001-20110429FILWWW00676-tunisiensdelanoe-propos-irresponsables.php\" target=\"_blank\" rel=\"noopener\"><font face=\"Arial\">http:\/\/www.lefigaro.fr\/flash-actu\/2011\/04\/29\/97001-20110429FILWWW00676-tunisiensdelanoe-propos-irresponsables.php<\/font><\/a><\/span><\/p>\n<\/div>\n<p align=\"center\"><b><span lang=\"FR\"><\/p>\n<h3 style=\"color: blue;\"><font face=\"Arial\">Yassine Brahim : \u00ab\u00a0L&rsquo;id\u00e9e d&rsquo;un plan Marshall pour la Tunisie n&rsquo;est pas abandonn\u00e9e\u00a0\u00bb<\/font><\/h3>\n<p> <\/span><\/b><\/p>\n<hr\/>\n<p>\u00a0<\/p>\n<p align=\"justify\"><b><span lang=\"FR\"><font face=\"Arial\">De passage \u00e0 Paris \u00e0 l\u2019invitation du patronat fran\u00e7ais, Yassine Brahim, 45 ans, en charge du Transport et de l\u2019\u00c9quipement au sein du gouvernement de transition tunisien, revient pour jeuneafrique.com sur les dossiers br\u00fblants de son minist\u00e8re. Dont la construction de deux nouveaux quais au port de Gab\u00e8s, le d\u00e9veloppement du r\u00e9seau tunisien de pistes rurales et la r\u00e9solution des difficult\u00e9s de Tunisair, entre autres&#8230; <\/font><\/span><\/b><\/p>\n<p align=\"justify\"><b><span lang=\"FR\"><font face=\"Arial\">Jeuneafrique.com : Il y a eu beaucoup de changements ces derni\u00e8res semaines au sein de votre minist\u00e8re. \u00c9tait-ce n\u00e9cessaire ? <\/font><\/span><\/b><\/p>\n<p align=\"justify\"><b><span lang=\"FR\"><a href=\"http:\/\/www.jeuneafrique.com\/Article\/ARTJAJA2613p088-090.xml1\/\" target=\"_blank\" rel=\"noopener\"><font face=\"Arial\">Yassine Brahim <\/font><\/a><\/span><\/b><span lang=\"FR\"><font><font face=\"Arial\">: Notre mission est d\u2019instaurer une gouvernance qui inspire la confiance. Cela passe par un renouvellement des \u00e9quipes. Environ vingt dirigeants des entreprises publiques, des offices et des directions centrales ont \u00e9t\u00e9 chang\u00e9s depuis la r\u00e9volution. Toutes les personnes remerci\u00e9es n\u2019\u00e9taient pas forc\u00e9ment corrompues, mais elles n\u2019incarnaient pas la nouvelle orientation prise par la <\/font><a href=\"http:\/\/www.jeuneafrique.com\/pays\/tunisie\/tunisie.asp\" target=\"_blank\" rel=\"noopener\"><font face=\"Arial\">Tunisie<\/font><\/a><\/font><font face=\"Arial\">. L\u2019autre marque de ce changement concerne les relations entre les services du minist\u00e8re et le secteur priv\u00e9. Venant du monde de l\u2019entreprise, j&rsquo;aspire \u00e0 ce que l\u2019administration soit plus en phase avec les besoins des soci\u00e9t\u00e9s. Pour leur permettre de se d\u00e9velopper et de cr\u00e9er des emplois, les proc\u00e9dures doivent \u00eatre plus transparentes et plus fluides. <\/font><\/span><\/p>\n<p align=\"justify\"><b><span lang=\"FR\"><font face=\"Arial\">Quelle \u00e9tait la premi\u00e8re urgence apr\u00e8s la r\u00e9volution ? <\/font><\/span><\/b><\/p>\n<p align=\"justify\"><span lang=\"FR\"><font face=\"Arial\">Ce qui \u00e9tait important, c\u2019est que<\/font><font><a href=\"http:\/\/www.jeuneafrique.com\/Article\/ARTJAWEB20110120113451\/\" target=\"_blank\" rel=\"noopener\"><font face=\"Arial\">les entreprises red\u00e9marrent<\/font><\/a><\/font><font face=\"Arial\">, car m\u00eame pour atteindre 1% de croissance [pr\u00e9vision du gouvernement pour 2011, NDLR] il faut travailler. Au moment de la r\u00e9volution, tous nos chantiers se sont arr\u00eat\u00e9s. La s\u00e9curit\u00e9 n\u2019\u00e9tait pas suffisante, les entreprises avaient peur pour leur mat\u00e9riel. Il y avait une confusion g\u00e9n\u00e9rale. Notre priorit\u00e9 a donc \u00e9t\u00e9 d\u2019assurer les conditions de la reprise. Les probl\u00e8mes rencontr\u00e9s apr\u00e8s le 14 janvier \u00e9taient divers. L\u2019exploitation de plusieurs carri\u00e8res a \u00e9t\u00e9 arr\u00eat\u00e9e parce qu\u2019elles ne respectaient pas la loi. Les habitants qui subissaient des nuisances et auparavant se taisaient, se sont mis \u00e0 bloquer leur exploitation. D\u2019autres entreprises ont connu des d\u00e9gradations. F\u00e9vrier et mars ont \u00e9t\u00e9 les mois les plus difficiles<\/font><\/span><\/p>\n<p align=\"justify\"><b><span lang=\"FR\"><font face=\"Arial\">Les gr\u00e8ves au port de Rad\u00e8s ont-elles pos\u00e9 beaucoup de probl\u00e8mes aux entreprises importatrices et exportatrices ?<\/font><\/span><\/b><\/p>\n<p align=\"justify\"><span lang=\"FR\"><font face=\"Arial\">Effectivement, il y a eu des mouvements sociaux au sein de la STAM (Soci\u00e9t\u00e9 tunisienne d\u2019aconage et de manutention) qui est en situation de monopole. Le port de Rad\u00e8s centralise 75% du flux de marchandises en Tunisie et d\u00e8s qu&rsquo;il y a un probl\u00e8me, m\u00eame pendant deux ou trois jours, les entreprises le ressentent. Aux difficult\u00e9s sociales se sont ajout\u00e9es des pannes mat\u00e9rielles. Sur les sept grues du port, trois ont connu des pannes. Depuis plusieurs semaines, nous publions r\u00e9guli\u00e8rement des informations sur notre page Facebook qui permettent aux op\u00e9rateurs d&rsquo;anticiper pour \u00e9ventuellement d\u00e9tourner leurs marchandises vers d\u2019autres ports tunisiens comme Sfax ou Sousse, si Rad\u00e8s est trop encombr\u00e9<\/font><\/span><\/p>\n<p align=\"justify\"><b><span lang=\"FR\"><font face=\"Arial\">Le port de Rad\u00e8s est-il sous-dimensionn\u00e9 ?<\/font><\/span><\/b><\/p>\n<p align=\"justify\"><span lang=\"FR\"><font face=\"Arial\">Historiquement, ce n\u2019\u00e9tait pas un port \u00e0 conteneurs. La construction de deux nouveaux quais est \u00e9voqu\u00e9e de longue date, mais a toujours \u00e9t\u00e9 retard\u00e9e en raison du projet de port en eau profonde d&rsquo;Enfidha. Reste que le projet d\u2019Enfidha a \u00e9t\u00e9 stopp\u00e9 pour des raisons environnementales et que les installations de Rad\u00e8s connaissent un surr\u00e9gime avec une augmentation des volumes de 10% par an depuis plusieurs ann\u00e9es.<\/font><\/span><\/p>\n<p align=\"justify\"><span lang=\"FR\"><font face=\"Arial\">Pour d\u00e9bloquer la situation, nous allons probablement financer sans attendre la construction des deux nouveaux quais dont le co\u00fbt ne devrait pas exc\u00e9der quelques dizaines de millions de dinars. Sousse et Sfax vont aussi b\u00e9n\u00e9ficier de quelques am\u00e9liorations. Le projet d\u2019Enfidha, qui doit permettre de d\u00e9senclaver le pays, va quant \u00e0 lui \u00eatre r\u00e9examin\u00e9.<\/font><\/span><\/p>\n<p align=\"justify\"><b><span lang=\"FR\"><font face=\"Arial\">Les r\u00e9gions int\u00e9rieures ont \u00e9t\u00e9 abandonn\u00e9es par Ben Ali, qu&rsquo;allez-vous faire pour elles \u00e0 court terme ?<\/font><\/span><\/b><\/p>\n<p align=\"justify\"><span lang=\"FR\"><font face=\"Arial\">Nous disposons cette ann\u00e9e d&rsquo;un milliard de dinars pour les investissements en mati\u00e8re d\u2019\u00e9quipements (routes, autoroutes, routes rurales\u2026) avec une r\u00e9partition largement en faveur des r\u00e9gions (70% contre 30% pour Tunis et la c\u00f4te). \u00c0 ma grande surprise, j\u2019ai constat\u00e9 que les budgets pr\u00e9c\u00e9dents ne correspondaient pas aux priorit\u00e9s des r\u00e9gions car le processus \u00e9tait tr\u00e8s centralis\u00e9. Il \u00e9tait notamment tr\u00e8s insuffisant au niveau des pistes rurales.<\/font><\/span><\/p>\n<p align=\"justify\"><span lang=\"FR\"><font face=\"Arial\">Gr\u00e2ce \u00e0 une ligne suppl\u00e9mentaire de la BAD, nous allons pouvoir tripler les r\u00e9alisations pr\u00e9vues et construire 1 750 kilom\u00e8tres de pistes rurales et en r\u00e9parer 500 autres. Nous allons aussi profiter du report de certains travaux \u00e0 Tunis et sur la c\u00f4te pour am\u00e9liorer certains grands axes dans le gouvernorat de Sidi Bouzid. Tous ces projets de routes passent par des commissions de march\u00e9 qui sont habituellement assez lentes. Comme nous voulons que les gens travaillent au plus t\u00f4t, nous avons acc\u00e9l\u00e9r\u00e9 les proc\u00e9dures avec l\u2019accord du Premier ministre.<\/font><\/span><\/p>\n<p align=\"justify\"><b><span lang=\"FR\"><font face=\"Arial\">Est-ce que vous avez estim\u00e9 le nombre d&#8217;emploi qui vont ainsi \u00eatre cr\u00e9\u00e9s ?<\/font><\/span><\/b><\/p>\n<p align=\"justify\"><span lang=\"FR\"><font face=\"Arial\">Nous sommes en train de le mesurer, mais nous ne voulons pas en communiquant cr\u00e9er des attentes trop importantes. Aujourd\u2019hui, le chantier de l\u2019autoroute entre Sfax et Gab\u00e8s est \u00e0 l\u2019arr\u00eat car les entreprises sont assaillies par les demandeurs d\u2019emploi. Deux cents postes sont \u00e0 pourvoir mais 2 000 candidats d\u00e9sesp\u00e9r\u00e9s se pr\u00e9sentent. La pression pour respecter des \u00e9quilibres tribaux est si forte qu&rsquo;elle rend la s\u00e9lection impossible. Tout cela dans un contexte tr\u00e8s sensible, le pays compte 600 000 ch\u00f4meurs. Au final, ce sont de nouveaux emplois qui sont menac\u00e9s. La construction de l\u2019autoroute repr\u00e9sente 2 000 emplois directs et 5 000 indirects.<\/font><\/span><\/p>\n<p align=\"justify\"><b><span lang=\"FR\"><font face=\"Arial\">Au-del\u00e0 de la relance, quelle orientation doit prendre le pays en mati\u00e8re d&rsquo;\u00e9quipement ?<\/font><\/span><\/b><\/p>\n<p align=\"justify\"><span lang=\"FR\"><font face=\"Arial\">Vu notre emplacement g\u00e9ographique, la Tunisie devrait \u00eatre bien plac\u00e9e pour faire le lien entre l&rsquo;Europe, l&rsquo;Asie et l&rsquo;Afrique. Pour le moment, les \u00e9tudes qui ont \u00e9t\u00e9 men\u00e9es avec la Banque mondiale montre que nous sommes en retard. Nous n&rsquo;avons pratiquement pas de plateforme logistique et la plupart des camions \u00e0 l&rsquo;int\u00e9rieur du pays roulent \u00e0 moiti\u00e9 vide ce qui n&rsquo;est bon ni pour l&rsquo;environnement, ni pour l&rsquo;efficience des entreprises. En Tunisie, le co\u00fbt logistique atteint 20 % du PIB quand les pays europ\u00e9ens sont \u00e0 5 % et le Maroc \u00e0 15 %. Nous avons donc une marge de progression \u00e0 condition d&rsquo;avoir des r\u00e9seaux routiers et ferr\u00e9s bien distribu\u00e9s et des ports et des a\u00e9roports \u00e0 proximit\u00e9.<\/font><\/span><\/p>\n<p align=\"justify\"><b><span lang=\"FR\"><font face=\"Arial\">Concr\u00e8tement, quelles seront les grands chantiers du gouvernement ?<\/font><\/span><\/b><\/p>\n<p align=\"justify\"><span lang=\"FR\"><font face=\"Arial\">En tant que gouvernement de transition, nous ne pouvons pas prendre la d\u00e9cision de mettre 500 millions d&rsquo;euros pour construire un port en eau profonde ou une autoroute jusqu&rsquo;en<\/font><font><a href=\"http:\/\/www.jeuneafrique.com\/pays\/libye\/libye.asp\" target=\"_blank\" rel=\"noopener\"><font face=\"Arial\">Libye<\/font><\/a><\/font><font face=\"Arial\">. Mais nous avons d\u00e9cid\u00e9 d&rsquo;organiser une conf\u00e9rence sur la logistique le 14 juin, qui pr\u00e9sentera tous les projets en la mati\u00e8re.<\/font><\/span><\/p>\n<p align=\"justify\"><span lang=\"FR\"><font face=\"Arial\">Qu&rsquo;ils soient en cours de r\u00e9alisation, d\u00e9j\u00e0 financ\u00e9s ou qu&rsquo;ils aient seulement \u00e9t\u00e9 \u00e9tudi\u00e9s. L&rsquo;objectif sera de sensibiliser les bailleurs au potentiel du pays, mais aussi d&rsquo;informer les partis politiques qui, demain, seront au pouvoir.<\/font><\/span><\/p>\n<p align=\"justify\"><b><span lang=\"FR\"><font face=\"Arial\">Pourquoi avoir renonc\u00e9 \u00e0 la conf\u00e9rence de Carthage, elle aurait pu jouer ce r\u00f4le ?<\/font><\/span><\/b><\/p>\n<p align=\"justify\"><span lang=\"FR\"><font face=\"Arial\">Le gouvernement a privil\u00e9gi\u00e9 des discussions bilat\u00e9rales que ce soit avec la Banque mondiale, la BAD ou des pays comme la France. Principalement parce que nous n\u2019aurions pas \u00e9t\u00e9 en mesure d\u2019engager de grosses d\u00e9penses tr\u00e8s rapidement. C\u2019est aussi le cas des bailleurs qui ont besoin de temps pour \u00e9tudier les projets avant de d\u00e9bloquer les fonds. Cela ne veut pas dire que l&rsquo;id\u00e9e de plan Marshall pour la Tunisie est abandonn\u00e9e. Plusieurs \u00e9conomistes dont <\/font><font><a href=\"http:\/\/www.jeuneafrique.com\/actu\/20110307T152107Z20110307T151840Z\/\" target=\"_blank\" rel=\"noopener\"><font face=\"Arial\">Elyes Jouini (ex-ministre aux R\u00e9formes \u00e9conomiques et sociales du gouvernement de Mohamed Ghannouchi<\/font><\/a><\/font><font face=\"Arial\">, NDLR) travaille sur ce projet. Reste \u00e0 savoir \u00e0 quel moment les bailleurs auront la confiance n\u00e9cessaire pour s\u2019engager dans ce processus.<\/font><\/span><\/p>\n<p align=\"justify\"><b><span lang=\"FR\"><font face=\"Arial\">L\u2019actualit\u00e9, c\u2019est aussi les difficult\u00e9s de la compagnie Tunisair ?<\/font><\/span><\/b><\/p>\n<p align=\"justify\"><span lang=\"FR\"><font face=\"Arial\">La compagnie \u00e9volue dans un secteur concurrentiel important et des r\u00e9formes de fonds doivent \u00eatre engag\u00e9es. Son lien avec l\u2019\u00c9tat, et avant le 14 janvier avec le parti et la famille de Zine el-Abidine Ben Ali font que les solutions ne sont pas juste op\u00e9rationnelles, mais \u00e9minemment politiques, suivant qu\u2019on d\u00e9cide de privatiser ou de nationaliser. Toutefois, il y a aussi des questions concernant la gestion technique et commerciale de Tunisair sur lesquelles nous travaillons avec le management.<\/font><\/span><\/p>\n<p align=\"justify\"><b><span lang=\"FR\"><font face=\"Arial\">Tunisair est-elle en faillite ?<\/font><\/span><\/b><\/p>\n<p align=\"justify\"><span lang=\"FR\"><font face=\"Arial\">La compagnie est en situation difficile, faillite non car elle a gagn\u00e9 de l\u2019argent jusqu\u2019\u00e0 l\u2019an dernier. Toutefois, elle a accumul\u00e9 beaucoup de pertes depuis le d\u00e9but de l\u2019ann\u00e9e. Comme c&rsquo;est une soci\u00e9t\u00e9 cot\u00e9e, je ne peux pas communiquer de chiffres avant l\u2019assembl\u00e9e g\u00e9n\u00e9rale pr\u00e9vue d\u00e9but mai. La situation financi\u00e8re devrait n\u00e9anmoins rester g\u00e9rable en vendant quelques appareils et en retardant le renouvellement de sa flotte. Au plan social, nous discutons avec les syndicats pour \u00e9taler la r\u00e9int\u00e9gration de certaines entit\u00e9s qui vont ajouter de nouvelles charges pour la soci\u00e9t\u00e9. La filialisation de la compagnie (entam\u00e9 par l\u2019ancien r\u00e9gime, NDLR) a g\u00e9n\u00e9r\u00e9 un certain nombre de drames sociaux qu\u2019il faut r\u00e9parer pour remotiver les \u00e9quipes.<\/font><\/span><\/p>\n<p align=\"justify\"><b><span lang=\"FR\"><font face=\"Arial\">L\u2019autre dossier br\u00fblant dans l\u2019a\u00e9rien concerne TAV, le concessionnaire des a\u00e9roports de Monastir et d\u2019Enfidha ?<\/font><\/span><\/b><\/p>\n<p align=\"justify\"><span lang=\"FR\"><font face=\"Arial\">La situation sociale \u00e0 l\u2019a\u00e9roport de Monastir est tendue car les salari\u00e9s reprochent au concessionnaire TAV sa mauvaise gestion, et en particulier de vouloir transf\u00e9rer une partie des<\/font><font><a href=\"http:\/\/www.jeuneafrique.com\/Article\/ARTJA091.xml0\/\" target=\"_blank\" rel=\"noopener\"><font face=\"Arial\">vols sur Enfidha<\/font><\/a><\/font><font face=\"Arial\">, plus rentable pour lui. Sur ces deux a\u00e9roports, le trafic a baiss\u00e9 de 50 % au cours des trois derniers mois. Des difficult\u00e9s qui s\u2019ajoutent aux mauvais r\u00e9sultats enregistr\u00e9s en 2009 et 2010 du fait de la crise mondiale. Nous avons lanc\u00e9 un audit pour \u00e9valuer la situation et par mesure pr\u00e9caution nous avons aussi mis en place une task force juridique si nous devons aller en justice.<\/font><\/span><\/p>\n<p align=\"justify\"><span lang=\"FR\"><font face=\"Arial\">Source : \u00ab Jeune afrique \u00bb Le 01-05-2011<\/font><\/span><\/p>\n<div>\n<p align=\"justify\"><span lang=\"FR\"><font face=\"Arial\">Lien : <\/font><a href=\"http:\/\/www.jeuneafrique.com\/Article\/ARTJAWEB20110501152632\/gouvernement-transport-tunisie-tunisairyassine-brahim-l-idee-d-un-plan-marshall-pour-la-tunisie-n-est-pas-abandonnee.html\" target=\"_blank\" rel=\"noopener\"><font face=\"Arial\">http:\/\/www.jeuneafrique.com\/Article\/ARTJAWEB20110501152632\/gouvernement-transport-tunisie-tunisairyassine-brahim-l-idee-d-un-plan-marshall-pour-la-tunisie-n-est-pas-abandonnee.html<\/font><\/a><\/span><\/p>\n<\/div>\n<p align=\"center\"><b><span lang=\"FR\"><\/p>\n<h3 style=\"color: blue;\"><font face=\"Arial\">Yamen Koubaa. Tunisie: \u00abUn contr\u00f4le populaire\u00bb<\/font><\/h3>\n<p> <\/span><\/b><\/p>\n<hr\/>\n<p>\u00a0<\/p>\n<p align=\"justify\"><b><span lang=\"FR\"><font face=\"Arial\">Le Tunisien Yamen Koubaa enseigne \u00e0 l&rsquo;\u00e9cole sup\u00e9rieure de commerce de Brest. Il commentera, jeudi \u00e0 Quimper, les r\u00e9volutions arabes, \u00e0 l&rsquo;invitation de la Libert\u00e9 de l&rsquo;esprit. Il d\u00e9crit ici sa vision de l&rsquo;avenir de son pays.<\/font><\/span><\/b><span lang=\"FR\"><font> <\/font><font face=\"Arial\"><b>Comment voyez-vous l&rsquo;avenir de la Tunisie? <\/b> Si certaines personnes, qui ont un poids important dans la soci\u00e9t\u00e9, investissent d\u00e8s maintenant dans l&rsquo;\u00e9ducation du peuple pour r\u00e9ussir l&rsquo;exp\u00e9rience d\u00e9mocratique, \u00e0 travers les m\u00e9dias, des s\u00e9minaires et conf\u00e9rences, je pense que d&rsquo;ici \u00e0 trois, cinq ou dix ans, on peut parvenir \u00e0 une Tunisie d\u00e9mocratique.   <b>Vous pensez \u00e0 des responsables politiques? <\/b> Pas exactement. On peut, parexemple, d\u00e9marrer avec des avocats tr\u00e8s connus qui ont dirig\u00e9 la r\u00e9volution et sont respect\u00e9s. Je pense aussi aux imamsdes mosqu\u00e9es qui ont unegrande influence sur la soci\u00e9t\u00e9, \u00e0 condition de bien les former\u00e0 la responsabilit\u00e9 politiquede l&rsquo;\u00e9ducation des gens.   <b>L&rsquo;apprentissage de la d\u00e9mocratie prendra du temps?<\/b> Oui. La prochaine \u00e9lection, c&rsquo;est le 24juillet, le 25 on n&rsquo;aura pas une Tunisie compl\u00e8tement d\u00e9mocratique. C&rsquo;est pourquoi on doit investir dans l&rsquo;\u00e9ducation des jeunes et de tout le peuple. On doit passer par une p\u00e9riode de deux-trois ans de \u00abr\u00e9\u00e9ducation\u00bb de la soci\u00e9t\u00e9, parce que pendant 25-30ans il n&rsquo;y a pas eu de d\u00e9bats politiques en Tunisie.   <b>Mais il faut que les gens vivent. \u00c7a pose la question de la reconstruction \u00e9conomique et sociale du pays.<\/b> Un chantier difficile. La Tunisie d\u00e9pend beaucoup du tourisme, des investissements \u00e9trangers. On vit une p\u00e9riode \u00abinstable\u00bb parce qu&rsquo;il y a des gr\u00e8ves, des manifestations partout. Beaucoup de gens commencent cependant \u00e0 r\u00e9aliser qu&rsquo;il y a un risque de faillite pour le pays, \u00e0 se dire qu&rsquo;il faut recommencer \u00e0 travailler maintenant pour en r\u00e9colter les fruits dans l&rsquo;avenir. Car il existe des solutions \u00e9conomiques pour la Tunisie.   <b>Lesquelles? <\/b> On n&rsquo;a pas des ressources naturelles immenses mais on a un peuple \u00e9duqu\u00e9. Avec un peu de stabilit\u00e9 politique, on peut peut-\u00eatre inciter les investisseurs \u00e9trangers, notamment du Moyen-Orient, o\u00f9 il y a beaucoup d&rsquo;argent, et d&rsquo;Europe aussi, notre premier partenaire. Il faut relancer le secteur du tourisme avec une nouvelle strat\u00e9gie: aller plus loin en Asie, au Moyen-Orient, \u00e9largir nos prospections en Europe, en Am\u00e9rique du Nord. Il faut aussi privil\u00e9gier les technologies de l&rsquo;information, l&rsquo;\u00e9ducation, les investissements dans les PME.   <b>Les \u00e9lections vont-elles apporter cette stabilit\u00e9? <\/b> Une partie seulement. Tout d\u00e9pend de ce qui va sortir de la p\u00e9riode actuelle o\u00f9 se d\u00e9cident les conditions de l&rsquo;\u00e9lection, si les acteurs arrivent \u00e0 s&rsquo;entendre sur une m\u00e9thode de campagne et de scrutin convenables. Ensuite, tout d\u00e9pend de l&rsquo;assembl\u00e9e constituante qui sera form\u00e9e et de la capacit\u00e9 de ses membres \u00e0 trouver une voie pour offrir au peuple de meilleures conditions sociales et \u00e9conomiques.   <b>Quel r\u00e9gime politique irait le mieux \u00e0 la Tunisie? <\/b> Si on va vers un r\u00e9gime parlementaire, il y a des risques parce qu&rsquo;en Tunisie il n&rsquo;y a pas de parti majoritaire. La diversit\u00e9 des minorit\u00e9s politiques poserait un probl\u00e8me pour le choix du pr\u00e9sident. Autrement dit, on se retrouverait dans la situation actuelle: on n&rsquo;arrive pas \u00e0 former un gouvernement depuis trois mois. Si on va vers un r\u00e9gime pr\u00e9sidentiel, on risque d&rsquo;avoir quelqu&rsquo;un qui va nous r\u00e9p\u00e9ter la m\u00eame histoire que Ben Ali. L&rsquo;important c&rsquo;est de d\u00e9finir des m\u00e9canismes qui permettent un contr\u00f4le populaire sur le pouvoir. Que le peuple puisse \u00e0 tout moment r\u00e9clamer la justice et v\u00e9rifier que les institutions fonctionnent convenablement. <i>Pratique Conf\u00e9rence-d\u00e9bat, jeudi, \u00e0 20h, salle du Chapeau-Rouge, \u00e0 Quimper. Tarifs: de 3 \u00e0 8 \u20ac.<\/i> <\/font><\/span><\/p>\n<p align=\"justify\"><span lang=\"FR\"><font face=\"Arial\">Source : \u00ab Le Telegramme \u00bb Le 01-05-2011<\/font><\/span><\/p>\n<div>\n<p align=\"justify\"><span lang=\"FR\"><font face=\"Arial\">Lien : <\/font><a href=\"http:\/\/quimper.letelegramme.com\/local\/finistere-sud\/quimper\/ville\/yamen-koubaa-tunisie-un-controle-populaire-30-04-2011-1286708.php\" target=\"_blank\" rel=\"noopener\"><font face=\"Arial\">http:\/\/quimper.letelegramme.com\/local\/finistere-sud\/quimper\/ville\/yamen-koubaa-tunisie-un-controle-populaire-30-04-2011-1286708.php<\/font><\/a><\/span><\/p>\n<\/div>\n<h3 align=\"center\" style=\"color: blue;\"><span lang=\"FR\"><\/p>\n<h3 style=\"color: blue;\"><font face=\"Arial\">Isma\u00efl Sahbani cr\u00e9e un nouveau syndicat et d\u00e9nonce les revendications sauvages<\/font><\/h3>\n<p> <\/span><\/h3>\n<hr\/>\n<p align=\"justify\"><span lang=\"FR\"><font face=\"Arial\">Isma\u00efl Sahbani, ancien secr\u00e9taire g\u00e9n\u00e9ral de l\u2019UGTT, a annonc\u00e9, \u00e0 l\u2019occasion de la f\u00eate du Travail du 1er mai, la cr\u00e9ation d\u2019un nouveau syndicat, l\u2019Union des Travailleurs de Tunisie (UTT), qui se d\u00e9finit comme une organisation libre, d\u00e9mocratique, progressiste et ind\u00e9pendante.  Dans son allocution prononc\u00e9e devant ses partisans, puis en r\u00e9pondant aux questions des journalistes, M. Sahbani s\u2019est voulu rassurant en tenant un discours apaisant. L\u2019UTT est un partenaire social parmi d\u2019autres. Il participera \u00e0 la construction d\u2019une \u00e9conomie nationale prosp\u00e8re avec l\u2019UTICA et l\u2019UGTT dans une logique de compromis, jamais de confrontation ou de concurrence. Pas d\u2019entreprise sans travailleurs, et le patron n\u2019est pas leur ennemi, pr\u00e9cise Isma\u00efl Sahbani.  Le dialogue social est l\u2019unique issue pour que l\u2019\u00e9conomie s\u2019en sorte dans une conjoncture nationale et internationale difficile. Le secr\u00e9taire g\u00e9n\u00e9ral dans la nouvelle centrale syndicale n\u2019a pas manqu\u00e9 de d\u00e9noncer les revendications sauvages et \u00ab l\u2019opportunisme \u00bb qui r\u00e8gnent actuellement. Des pratiques inacceptables, juge-t-il. Bloquer l\u2019entreprise, c\u2019est bloquer les travailleurs et la sauver est un devoir national. En contrepartie le travailleur ne devra plus \u00eatre exploit\u00e9 apr\u00e8s la r\u00e9volution du 14 janvier et il a le droit ind\u00e9niable d\u2019acc\u00e9der \u00e0 la richesse nationale. Une nouvelle \u00e8re que M. Sahbani r\u00eave comme une nouvelle \u00e8re pour le travailleur. Ce dernier aura, d\u00e9sormais, son mot \u00e0 dire dans l\u2019int\u00e9r\u00eat de la dynamique politique nationale. Le temps o\u00f9 l\u2019on disait au travailleur \u00ab prends ton salaire et tire toi \u00bb est r\u00e9volu. Interrog\u00e9 sur ses rapports avec le syndicalisme international, M. Sahbani a \u00e9voqu\u00e9 son admiration pour le mod\u00e8le social et l\u2019\u00e9conomie allemande, qu\u2019il estime solide, structur\u00e9e et tr\u00e8s organis\u00e9e. Il a, \u00e9galement, pr\u00e9cis\u00e9 que l\u2019UTT est une centrale ind\u00e9pendante des partis politiques et du gouvernement et qui est autofinanc\u00e9e \u00e0 travers les cotisations de ses adh\u00e9rents.<\/font><\/span><\/p>\n<p align=\"justify\"><span lang=\"FR\"><font face=\"Arial\">Source : \u00ab Business News \u00bb Le 01-05-2011<\/font><\/span><\/p>\n<div>\n<p align=\"justify\"><span lang=\"FR\"><font face=\"Arial\">Lien : <\/font><a href=\"http:\/\/www.businessnews.com.tn\/Tunisie---Isma\u00efl-Sahbani-cr\u00e9e-un-nouveau-syndicat-et-d\u00e9nonce-les-revendications-sauvages,520,24578,1\" target=\"_blank\" rel=\"noopener\"><font face=\"Arial\">http:\/\/www.businessnews.com.tn\/Tunisie&#8212;Isma%C3%AFl-Sahbani-cr%C3%A9e-un-nouveau-syndicat-et-d%C3%A9nonce-les-revendications-sauvages,520,24578,1<\/font><\/a><\/span><\/p>\n<\/div>\n<p align=\"center\"><b><span lang=\"FR\"><\/p>\n<h3 style=\"color: blue;\"><font face=\"Arial\">Situation \u00e9conomique et sociale, les Tunisiens entre pessimisme et espoir<\/font><\/h3>\n<p> <\/span><\/b><\/p>\n<hr\/>\n<p>\u00a0<\/p>\n<p align=\"justify\"><span lang=\"FR\"><font face=\"Arial\">Au mois d\u2019avril 2011, SIGMA a r\u00e9alis\u00e9 un sondage d\u2019opinion portant sur le climat \u00e9conomique, politique et social, tel que per\u00e7u par la population tunisienne, apr\u00e8s la r\u00e9volution. <\/font><\/span><\/p>\n<p align=\"justify\">\u00a0<\/p>\n<p align=\"justify\"><span lang=\"FR\"><font face=\"Arial\">Il en ressort que 66.2% des Tunisiens per\u00e7oivent le climat \u00e9conomique comme d\u00e9favorable en Tunisie, contre uniquement 5.9% qui l\u2019estiment favorable. La classe ais\u00e9e est la plus touch\u00e9e par ce pessimisme, qui concerne \u00e9galement leur vision de l\u2019ann\u00e9e 2011. 68.2% de la population estime que dans 1 an et plus, l\u2019\u00e9conomie tunisienne, reviendrait \u00e0 son \u00e9tat de l\u2019avant-r\u00e9volution. La situation du tourisme en 2012 sera mieux que d\u2019habitude pour 72.5% des interrog\u00e9s, d&rsquo;apr\u00e8s les r\u00e9sultats de ce sondage qui port\u00e9 sur un \u00e9chantillon de 800 personnes \u00e2g\u00e9es de 18 ans et plus.<\/font><\/span><\/p>\n<p align=\"justify\">\u00a0<\/p>\n<p align=\"justify\"><span lang=\"FR\"><font face=\"Arial\">Sur le plan politique, la population est partag\u00e9e entre satisfaction et attentes insatisfaites quant aux mesures prises par le gouvernement de transition. 41.1% des sond\u00e9s estiment que les mesures prises pour relancer l\u2019\u00e9conomie restent insuffisantes, alors que le quart des Tunisiens se dit incapable de mesurer ces mesures, \u00ab l\u2019autre quart per\u00e7oit l\u2019effort du gouvernement actuel, pour diminuer le ch\u00f4mage, comme \u00e9tant minime \u00bb, selon le r\u00e9sultats du du gsondage.<\/font><\/span><\/p>\n<p align=\"justify\">\u00a0<\/p>\n<p align=\"justify\"><span lang=\"FR\"><font face=\"Arial\">Par ailleurs, le peuple tunisien aspire \u00e0 un nombre de r\u00e9formes sociales, qui traduiraient son d\u00e9sir de dignit\u00e9. En effet, 67% des sond\u00e9s esp\u00e8rent une diminution du ch\u00f4mage. D\u2019ailleurs, 49.9 % estiment que le ch\u00f4mage des dipl\u00f4m\u00e9s va diminuer l\u00e9g\u00e8rement dont 67.4% des sond\u00e9s du centre ouest du pays.<\/font><\/span><\/p>\n<p align=\"justify\"><span lang=\"FR\"><font face=\"Arial\">Toujours concernant les aspirations futures du peuple, 37% d\u00e9sirent l\u2019instauration de la s\u00e9curit\u00e9 et de la stabilit\u00e9, 20.4% d\u00e9sirent une orientation des investissements vers les zones int\u00e9rieures du pays et 16.1% esp\u00e8rent l\u2019am\u00e9lioration du pouvoir d\u2019achat. <\/font><\/span><\/p>\n<p align=\"justify\">\u00a0<\/p>\n<p align=\"justify\"><span lang=\"FR\"><font face=\"Arial\">Trois mois apr\u00e8s le 14 janvier, le moral des Tunisiens n\u2019est pas encore au beau fixe, les attentes sont multiples et leur confiance en l\u2019avenir n\u2019est pas tout \u00e0 fait r\u00e9tablie.<\/font><\/span><\/p>\n<p align=\"justify\"><span lang=\"FR\"><font face=\"Arial\">Source : \u00ab GlobalNet \u00bb Le 01-05-2011<\/font><\/span><\/p>\n<div>\n<p align=\"justify\"><span lang=\"FR\"><font face=\"Arial\">Lien : <\/font><a href=\"http:\/\/www.gnet.tn\/temps-fort\/situation-economique-et-sociale-les-tunisiens-entre-pessimisme-et-espoir\/id-menu-325.html\" target=\"_blank\" rel=\"noopener\"><font face=\"Arial\">http:\/\/www.gnet.tn\/temps-fort\/situation-economique-et-sociale-les-tunisiens-entre-pessimisme-et-espoir\/id-menu-325.html<\/font><\/a><\/span><\/p>\n<\/div>\n<h3 align=\"center\" style=\"color: blue;\"><span lang=\"NO-BOK\"><a href=\"http:\/\/www.kapitalis.com\/fokus\/62-national\/3744-tunisie-tous-les-coups-sont-ils-permis-contre-les-islamistes.html\" target=\"_blank\" rel=\"noopener\"><span lang=\"FR\"><\/p>\n<h3 style=\"color: blue;\"><font face=\"Arial\">Tunisie. Tous les coups sont-ils permis contre les islamistes?<\/font><\/h3>\n<p><\/span><\/a><\/span><\/h3>\n<hr\/>\n<p align=\"justify\">\u00a0<\/p>\n<p align=\"justify\"><span lang=\"FR\"><font face=\"Arial\">Des affrontements ont eu lieu, samedi \u00e0 Monastir, entre des militants du parti islamistes Ennahdha et certains de leurs adversaires. Qui faut-il bl\u00e2mer? L\u2019activisme des uns ou l\u2019intol\u00e9rance des autres? <\/font><\/span><\/p>\n<p align=\"justify\"><span lang=\"FR\"><font face=\"Arial\">Mais d\u2019abord les faits : samedi, Ennahdha avait programm\u00e9 une manifestation au Centre culturel de Monastir. La manifestation devait \u00eatre pr\u00e9sid\u00e9e par le secr\u00e9taire g\u00e9n\u00e9ral du mouvement islamiste tunisien, Hammadi Jebali, qui n\u2019a pu finalement faire le d\u00e9placement. Un membre du mouvement a affirm\u00e9 \u00e0 l\u2019agence Tap que \u00abla manifestation n\u2019a pu avoir lieu, \u00e0 cause de l\u2019insistance de certaines parties \u00e0 exiger son annulation en mena\u00e7ant d\u2019incendier le complexe\u00bb. Des affrontements ont alors eu lieu entre les deux parties. D\u2019importants d\u00e9g\u00e2ts ont \u00e9t\u00e9 enregistr\u00e9s: vitres bris\u00e9es, portes saccag\u00e9es, employ\u00e9s agress\u00e9s\u2026 Le groupe des assaillants a scand\u00e9 des slogans hostiles au mouvement islamiste et d\u00e9nonc\u00e9 sa pr\u00e9sence \u00e0 Monastir.  Compos\u00e9 de jeunes et d\u2019adultes, ce groupe a affirm\u00e9 ne repr\u00e9senter aucun parti politique. Ce qui est doublement inqui\u00e9tant. Car, au moment o\u00f9 la vie politique se lib\u00e8re et o\u00f9 le nombre de partis approche la soixantaine, il est tout de m\u00eame \u00e9tonnant de voir des activistes politiques aussi d\u00e9termin\u00e9s puissent continuer d\u2019agir en dehors de tout encadrement partisan.  Sur un autre plan, ceux qui craignent les islamistes et les consid\u00e8rent comme une menace pour la d\u00e9mocratie ne s\u2019honorent pas, ni n\u2019honorent leur cause, en recourant, comme ils l\u2019ont fait samedi \u00e0 Monastir, \u00e0 ses pratiques antid\u00e9mocratiques.<\/font><\/span><\/p>\n<p align=\"justify\"><span lang=\"FR\"><font face=\"Arial\">Source : \u00ab Kapitalis \u00bb Le 01-05-2011<\/font><\/span><\/p>\n<div>\n<p align=\"justify\"><span lang=\"FR\"><font face=\"Arial\">Lien. <\/font><a href=\"http:\/\/www.kapitalis.com\/fokus\/62-national\/3744-tunisie-tous-les-coups-sont-ils-permis-contre-les-islamistes.html\" target=\"_blank\" rel=\"noopener\"><font face=\"Arial\">http:\/\/www.kapitalis.com\/fokus\/62-national\/3744-tunisie-tous-les-coups-sont-ils-permis-contre-les-islamistes.html<\/font><\/a><\/span><\/p>\n<\/div>\n<p align=\"center\"><b><span lang=\"FR\"><\/p>\n<h3 style=\"color: blue;\"><font face=\"Arial\">Tunisie : H\u00e9l\u00e9 B\u00e9ji privil\u00e9gie la cohabitation entre islamistes et gauchistes<\/font><\/h3>\n<p> <\/span><\/b><\/p>\n<hr\/>\n<p>\u00a0<\/p>\n<p align=\"justify\"><span lang=\"FR\"><font face=\"Arial\">Religion et politique, deux termes qui d\u00e9partagent actuellement la population tunisienne. Certains pensent qu\u2019on doit islamiser la politique dans la nouvelle Tunisie, d\u2019autres s\u2019accordent \u00e0 dire que la la\u00efcit\u00e9 est la seule issue pour une Tunisie moderne et \u00e9volutive. Une situation assez floue et incompr\u00e9hensible pour la plupart des Tunisiens qui se trouvent confront\u00e9s \u00e0 deux p\u00f4les totalement oppos\u00e9s, r\u00e9clamant de part et d\u2019autre des libert\u00e9s qui seraient, peut-\u00eatre, contre une d\u00e9mocratie tant esp\u00e9r\u00e9e.  Expliquant la gen\u00e8se et sp\u00e9cificit\u00e9s de la r\u00e9volution tunisienne, H\u00e9l\u00e9 B\u00e9ji, professeur et \u00e9crivaine tunisienne, s\u2019est accord\u00e9e une jolie valse entre la d\u00e9fense des islamistes et la motivation des progressistes, sous une casquette de tol\u00e9rance qui, avouons-le, lui va assez bien. Selon la fondatrice et pr\u00e9sidente du Coll\u00e8ge international de Tunis, qui a particip\u00e9 au forum international R\u00e9alit\u00e9s, le peuple tunisien est sujet \u00e0 une inversion brusque de l\u2019ancienne parano\u00efa du pouvoir en parano\u00efa de la libert\u00e9, contre toute forme de pouvoir. En effet, \u00ab la disparition du pouvoir a cr\u00e9\u00e9 un vide sur le plan politique, ce qui a caus\u00e9 le changement radical des comportements des citoyens. Et la brusquerie de ce passage plonge le Tunisien dans un vertige o\u00f9 il n\u2019a pas encore trouv\u00e9 son \u00e9quilibre. On assiste \u00e0 une vraie mutation du concept de la citoyennet\u00e9 qui devient sacr\u00e9e. \u00bb Ajoute-t-elle.  En effet, \u00ab la temp\u00e9rance n\u2019est pas encore entr\u00e9e dans nos meurs \u00bb, et cela se remarque davantage au niveau des m\u00e9dias. Selon H\u00e9l\u00e9 B\u00e9ji, les m\u00e9dias, notamment t\u00e9l\u00e9vis\u00e9s, qui ont un impact important dans l\u2019influence sur la conception des faits par le public, font des \u00ab mises en sc\u00e8ne t\u00e9l\u00e9visuelles qui poussent \u00e0 un flou et une incompr\u00e9hension g\u00e9n\u00e9raux\u00bb. Une accusation qui p\u00e8se lourd surtout si on se fie aux r\u00e9cents sondages \u00e9labor\u00e9s notamment par Sigma Conseil et qui d\u00e9montrent qu\u2019apr\u00e8s la r\u00e9volution, l\u2019audience pour les cha\u00eenes tunisiennes a connu une importante croissance.  D\u2019autre part, traitant de la probl\u00e9matique la plus actuelle, \u00e0 savoir la confrontation entre la politique et la religion, opposant l\u2019extr\u00eame droite \u00e0 l\u2019extr\u00eame gauche tunisiennes, Mme B\u00e9ji d\u00e9nonce la \u00ab grande dose d\u2019intol\u00e9rance, parfois violente, des progressistes tunisiens par rapport aux religieux \u00bb, se demandant si ces contres-pratiques religieuses font r\u00e9ellement partie de la d\u00e9mocratie ? En effet, si on appelle \u00e0 un Etat d\u00e9mocrate et libre, on doit apprendre \u00e0 accepter les id\u00e9es qui s\u2019opposent aux n\u00f4tres. \u00ab On va devoir vivre avec les islamistes tr\u00e8s longtemps, on doit donc les accepter, respecter leurs id\u00e9es afin de pouvoir discuter et \u00e9changer avec eux de la mani\u00e8re la plus civilis\u00e9e \u00bb.  L\u2019\u00e9crivaine, qui critique et s\u2019oppose au voile, se d\u00e9clare en contre partie comme l\u2019avocate des femmes voil\u00e9es, se basant sur le principe de libre arbitre. \u00ab A chacun son choix !\u00bb insiste-t-elle. \u00ab Et m\u00eame si je suis contre le port de la Burqa, je suis aussi contre l\u2019exclusion de la culture musulmane, notamment \u00e0 travers la loi fran\u00e7aise contre le voile int\u00e9gral \u00bb, consid\u00e9rant cela comme une atteinte \u00e0 la libert\u00e9 de la femme.<\/font><\/span><\/p>\n<p align=\"justify\"><span lang=\"FR\"><font face=\"Arial\">Source : \u00ab Business News \u00bb Le 01-05-2011<\/font><\/span><\/p>\n<div>\n<p align=\"justify\"><span lang=\"FR\"><font face=\"Arial\">Lien : <\/font><a href=\"http:\/\/www.businessnews.com.tn\/Tunisie--H\u00e9l\u00e9-B\u00e9ji-privil\u00e9gie-la-cohabitation-entre-islamistes-et-gauchistes,520,24576,1\" target=\"_blank\" rel=\"noopener\"><font face=\"Arial\">http:\/\/www.businessnews.com.tn\/Tunisie&#8211;H%C3%A9l%C3%A9-B%C3%A9ji-privil%C3%A9gie-la-cohabitation-entre-islamistes-et-gauchistes,520,24576,1<\/font><\/a><\/span><\/p>\n<\/div>\n<p align=\"center\"><b><span lang=\"FR\"><\/p>\n<h4 style=\"color: blue;\"><font face=\"Arial\">Immigrants venant de Tunisie : \u00e9l\u00e9ments \u00e0 ne pas n\u00e9gliger.<\/font><\/h4>\n<p> <\/span><\/b><\/p>\n<hr\/>\n<p>\u00a0<\/p>\n<p align=\"justify\"><span lang=\"FR\"><font face=\"Arial\">C&rsquo;est juste des \u00e9l\u00e9ments que je regrette de ne pas ou plus lire sur le sujet :  &#8211; la Tunisie est un pays de 10 millions d&rsquo;habitants. &#8211; Ce pays fait face \u00e0 une immigration venant de Libye comprenant des centaintes de milliers de r\u00e9fugiers, venant de nombreux pays. &#8211; L&rsquo;Italie est un pays concern\u00e9, puisque pour rappel la Libye est une ancienne colonie Italienne (la ressamblance Tripoli &#8211; Napoli, tripolitaine &#8211; napolitaine, ce n&rsquo;est pas un hasard).  Ensuite tout le monde peut y r\u00e9frl\u00e9chir, mais ne pas prendre en compte tous les \u00e9l\u00e9ments, c&rsquo;est se prendre des d\u00e9cisions pour le moins hasardeuses.<\/font><\/span><\/p>\n<p align=\"justify\"><span lang=\"FR\"><font face=\"Arial\">Source : \u00ab Le Parisien \u00bb Le 01-05-2011<\/font><\/span><\/p>\n<div>\n<p align=\"justify\"><span lang=\"FR\"><font face=\"Arial\">Lien : <\/font><a href=\"http:\/\/you.leparisien.fr\/youx\/2011\/04\/30\/immigrants-venant-de-tunisie-elements-a-ne-pas-negliger-8089.html\" target=\"_blank\" rel=\"noopener\"><font face=\"Arial\">http:\/\/you.leparisien.fr\/youx\/2011\/04\/30\/immigrants-venant-de-tunisie-elements-a-ne-pas-negliger-8089.html<\/font><\/a><\/span><\/p>\n<\/div>\n<h4 align=\"center\" style=\"color: blue;\"><span lang=\"FR\"><\/p>\n<h4 style=\"color: blue;\"><font face=\"Arial\">Tunisie &#8211; \u00ab\u00a0Al Amana\u00a0\u00bb, le nouveau parti d\u2019Abdelfattah Mourou<\/font><\/h4>\n<p> <\/span><\/h4>\n<hr\/>\n<p align=\"justify\"><span lang=\"FR\"><font face=\"Arial\">Abdelfattah Mourou, le charismatique avocat islamiste, a officiellement rompu avec Ennahdha et fait, d\u00e9sormais, cavalier seul, apr\u00e8s avoir longtemps fait planer le doute sur sa r\u00e9int\u00e9gration \u00e0 ce parti islamiste, dont il \u00e9tait le num\u00e9ro 2. Il vient, en effet, de d\u00e9poser une demande de visa pour un nouveau parti politique \u00ab\u00a0Al Amana\u00a0\u00bb, selon plusieurs m\u00e9dias de la place. Plusieurs questions se posent : s\u2019agit-il d\u2019un parti compl\u00e9mentaire et d\u2019appui \u00e0 Ennahdha ou d\u2019un parti rival ? Le moment venu, conclura t-il une coalition avec ce fr\u00e8re ennemi ? Ou bien les deux partis se partageront-ils les r\u00f4les en s\u2019investissant, l\u2019un, dans les l\u00e9gislatives, et l\u2019autre, dans la pr\u00e9sidentielle ?<\/font><\/span><\/p>\n<p align=\"justify\"><span lang=\"FR\"><font face=\"Arial\">Source. \u00ab Business News \u00bb Le 01-05-2011<\/font><\/span><\/p>\n<div>\n<p align=\"justify\"><span lang=\"FR\"><font face=\"Arial\">Lien : <\/font><a href=\"http:\/\/www.businessnews.com.tn\/Tunisie----Al-Amana-,-le-nouveau-parti-d\u2019Abdelfattah-Mourou,520,24569,1\" target=\"_blank\" rel=\"noopener\"><font face=\"Arial\">http:\/\/www.businessnews.com.tn\/Tunisie&#8212;-Al-Amana-,-le-nouveau-parti-d%E2%80%99Abdelfattah-Mourou,520,24569,1<\/font><\/a><\/span><\/p>\n<\/div>\n<p align=\"center\"><b><span lang=\"FR\"><font face=\"Arial\">\u2019Cyber R\u00e9volution\u2019\u2019<\/font><\/span><\/b><\/p>\n<p align=\"center\"><b><span lang=\"FR\"><\/p>\n<h4 style=\"color: blue;\"><font face=\"Arial\">Ammar 404 fait de la r\u00e9sistance !<\/font><\/h4>\n<p><\/span><\/b><\/p>\n<hr\/>\n<p>\u00a0<\/p>\n<p align=\"justify\">\u00a0<\/p>\n<p align=\"justify\"><span lang=\"FR\"><font face=\"Arial\">N\u00e9cessit\u00e9 d\u2019un audit \u00e0 Tunisie T\u00e9l\u00e9com, l\u00e0 o\u00f9 se trouve le premier n\u0153ud de la censure &#8211; Ah, Ammar 404 ! On en a bav\u00e9. Aujourd\u2019hui, R\u00e9volution oblige, on fait son proc\u00e8s posthume m\u00eame si son spectre r\u00f4de toujours dans nos cieux. Serait-ce la fin de la censure ? Et bien, que Nenni, La censure existe toujours. Reste \u00e0 savoir comment la contourner d\u00e9sormais et surtout comment d\u00e9noncer les vrais responsables d\u2019un r\u00e9seau qu\u2019on n\u2019a pas encore d\u00e9mantel\u00e9. <\/font><\/span><\/p>\n<p align=\"justify\">\u00a0<\/p>\n<p align=\"justify\"><span lang=\"FR\"><font face=\"Arial\">A l\u2019INSAT( Institut national des sciences appliqu\u00e9es et de technologie) les \u00e9tudiants brisent les cha\u00eenes de la censure pour que Ammar sorte \u00e0 visage d\u00e9couvert. C\u2019\u00e9tait hier lors de la journ\u00e9e de la Cyber R\u00e9volution organis\u00e9e par le club de la s\u00e9curit\u00e9 informatique de l\u2019INSAT, \u2018\u2019securinets\u2019\u2019. Le but \u00e9tant de traquer les cybers malfaiteurs qui sont derri\u00e8re Ammar 404 mais aussi de savoir quelle forme prend la censure aujourd\u2019hui et quelle est son r\u00f4le.<\/font><\/span><\/p>\n<p align=\"justify\">\u00a0<\/p>\n<p align=\"justify\"><b><span lang=\"FR\"><font face=\"Arial\">Quand Ammar sort \u00e0 d\u00e9couvert<\/font><\/span><\/b><\/p>\n<p align=\"justify\">\u00a0<\/p>\n<p align=\"justify\"><span lang=\"FR\"><font face=\"Arial\">Si Ammar \u00e9tait un homme on lui aurait attribu\u00e9 le visage d\u2019un homme mortifi\u00e9. On jouait \u00e0 la d\u00e9rision en fait en parlant de la censure. C\u2019est pour faire rire, bien entendu, mais aussi pour donner \u00e0 r\u00e9fl\u00e9chir. <\/font><\/span><\/p>\n<p align=\"justify\">\u00a0<\/p>\n<p align=\"justify\"><span lang=\"FR\"><font face=\"Arial\">On se souvient de la manifestation \u2018\u2019N\u2019har Ala Ammar\u2019\u2019 \u00e0 la quelle on a r\u00e9pondu par un franc sourire. L\u2019un de ses initiateurs, Slim Amamou, le blogueur et activiste qui a bien r\u00e9sist\u00e9 \u00e0 la censure du temps de Ben Ali. Le Secr\u00e9taire d\u2019Etat aupr\u00e8s du Ministre du sport et de la jeunesse garde toujours son ton enj\u00f4leur et moqueur pour remarquer au d\u00e9but de sa communication qu\u2019il a invit\u00e9 des responsables du minist\u00e8re de l\u2019int\u00e9rieur mais n\u2019ont pas r\u00e9pondu \u00e0 son invitation pour venir percer le secret Ammar 404 \u00ab Je salue quand m\u00eame nos invit\u00e9s du minist\u00e8re de l\u2019int\u00e9rieur qui sont parmi nous \u00bb dit \u2013il d\u2019un ton ironique. Le franc parler \u00e9tait de mise lors de cette rencontre o\u00f9 l\u2019on a parl\u00e9 de bien de pratiques que seuls les connaisseurs en informatique appr\u00e9hendent du genre le \u2018\u2019fishing\u2019\u2019 qui consiste \u00e0 pirater le mot de passe de tous les internautes qui transitent par yahoo, google, facebook, gmail, etc. pour faire main basse sur la couche r\u00e9seau Internet !Les sp\u00e9cialistes pr\u00e9sents ont montr\u00e9 que les censeurs ont cr\u00e9e une fausse page \u00ab error 404 page not found \u00bb qui fait croire que la page recherch\u00e9e n\u2019a pas \u00e9t\u00e9 trouv\u00e9 alors qu\u2019en r\u00e9alit\u00e9 elle a \u00e9t\u00e9 censur\u00e9e. <\/font><\/span><\/p>\n<p align=\"justify\">\u00a0<\/p>\n<p align=\"justify\"><span lang=\"FR\"><font face=\"Arial\">Haithem Mekki, encore un nom de blogueur qui n\u2019a pas non plus la langue dans la poche fait remarquer qu\u2019il s\u2019agit en fait de tout un r\u00e9seau \u00e0 d\u00e9manteler. \u00ab J\u2019appelle \u00e0 un audit \u00e0 Tunisie T\u00e9l\u00e9com, l\u00e0 o\u00f9 le premier n\u0153ud de la censure s\u2019y op\u00e8re. Aujourd\u2019hui on veut incriminer l\u2019Agence tunisienne de l\u2019internet alors que le v\u00e9ritable jeu se fait du c\u00f4t\u00e9 du minist\u00e8re de l\u2019int\u00e9rieur de l\u2019Agence tunisienne de communication ext\u00e9rieure et au Palais pr\u00e9sidentiel de Ben Ali. Les autres institutions ex\u00e9cutaient ce qu\u2019on leur demandait. Les cellules de la censure doivent \u00eatre identifi\u00e9es autrement Ammar 404 reprendra de plus belle ses activit\u00e9s de l\u2019avant R\u00e9volution. \u00bb dit-il.<\/font><\/span><\/p>\n<p align=\"justify\">\u00a0<\/p>\n<p align=\"justify\"><b><span lang=\"FR\"><font face=\"Arial\">\u00aberror 404 page not found\u00bb<\/font><\/span><\/b><\/p>\n<p align=\"justify\">\u00a0<\/p>\n<p align=\"justify\"><span lang=\"FR\"><font face=\"Arial\">Belhassen Zouari, universitaire et ancien PDG de l\u2019Agence nationale de la s\u00e9curit\u00e9 informatique (ANSI) a expliqu\u00e9 les faits en distinguant entre ex\u00e9cutants et responsables de la censure. Celle-ci requiert des connaisseurs en politique, des techniques polici\u00e8res et des techniciens de l\u2019informatique. Les attaques peuvent se faire de l\u2019ext\u00e9rieur par des cybers mercenaires qui piratent les sites des opposants ou de l\u2019int\u00e9rieur. L\u2019Agence tunisienne d\u2019informatique (ATI) ou l\u2019ANSI sont tout simplement des vitrines de la censure qui se joue ailleurs, fait-il comprendre. Moez Chakchouk le PDG de l\u2019ATI a, de son c\u00f4t\u00e9, montr\u00e9 que l\u2019ATI n\u2019est pas le v\u00e9ritable censeur qu\u2019on craint. \u00ab L\u2019Internet a fait son entr\u00e9e en Tunisie en 1996. L\u2019ATI a du bon, puisqu\u2019on a en Tunisie un seul point d\u2019\u00e9change du trafic Internet servi par cette institution. Le trafic transite \u00e0 travers des routeurs et tout est analys\u00e9 \u00e0 travers des \u00e9quipements qui savent filtrer des sites de p\u00e9dophilie, de terrorisme, etc. Mais on n\u2019a pas d\u2019\u00e9quipements qui peuvent informer des sites ou des pages o\u00f9 l\u2019on critique Ben Ali, son r\u00e9gime ou sa famille. Il ya donc une intervention humaine dans ce cheminement qui nous d\u00e9passe. Je peux vous dire qu\u2019aujourd\u2019hui personne ne contr\u00f4le nos \u00e9quipements. Mais le probl\u00e8me est que tout a \u00e9t\u00e9 effac\u00e9 \u00e0 distance et on ne dispose d\u2019aucune trace qui pourrait incriminer des parties. La chose dont je suis s\u00fbre est qu\u2019il ya plusieurs Ammar et non pas un seul 404.\u00bb avance-t-il. <\/font><\/span><\/p>\n<p align=\"justify\"><span lang=\"FR\"><font face=\"Arial\">Et si la censure a s\u00e9vi c\u2019est qu\u2019on sait que l\u2019information informatique est un enjeu de pouvoir. Mais ce que les anciens censeurs savent moins est que l\u2019information b\u00e2illonn\u00e9e a plus d\u2019impact que celle \u00e0 la port\u00e9e de tous. Et si Ammar existe toujours, c\u2019est pour dire, par ailleurs, que la libert\u00e9 d\u2019expression est un combat permanent et non un confort acquis.<\/font><\/span><\/p>\n<p align=\"justify\"><span lang=\"FR\"><font face=\"Arial\">&#8212;&#8212;&#8212;&#8212;-<\/font><\/span><\/p>\n<p align=\"justify\">\u00a0<\/p>\n<p align=\"justify\"><b><span lang=\"FR\"><font face=\"Arial\">Ind\u00e9pendance de la Justice<\/font><\/span><\/b><\/p>\n<p align=\"justify\"><span lang=\"FR\"><font face=\"Arial\">\u00abD\u2019abord assainir l\u2019appareil judiciaire !\u00bb<\/font><\/span><\/p>\n<p align=\"justify\"><span lang=\"FR\"><font face=\"Arial\">En fait, c\u2019est \u00abl\u2019homme malade\u00bb &#8211; L\u2019ind\u00e9pendance de la Justice restera un v\u0153ux pieux tant que la structure judicaire dans sa totalit\u00e9 n\u2019a pas \u00e9t\u00e9 assainie . <\/font><\/span><\/p>\n<p align=\"justify\"><span lang=\"FR\"><font face=\"Arial\">C\u2019est en effet, dans le cadre d\u2019un syst\u00e8me judicaire sain, et qui n\u2019est entach\u00e9 d\u2019aucune anomalie susceptible de porter atteinte aux droits de l\u2019Homme, qu\u2019on peut parler d\u2019une r\u00e9elle ind\u00e9pendance de la Justice, pour consolider davantage ces droits et par l\u00e0 m\u00eame une r\u00e9elle d\u00e9mocratie o\u00f9 chacun se sent libre, mais aussi prot\u00e9g\u00e9, la libert\u00e9 \u00e9tant cette attitude responsable, o\u00f9 chacun tient compte, de l\u2019int\u00e9r\u00eat de son prochains \u00e0 c\u00f4t\u00e9 du sien.<\/font><\/span><\/p>\n<p align=\"justify\"><span lang=\"FR\"><font face=\"Arial\">A l\u2019\u00e8re de la R\u00e9volution il importe donc de penser \u00e0 une r\u00e9forme judicaire qui tienne compte de tous ces \u00e9l\u00e9ments afin de parvenir au but escompt\u00e9 \u00e0 savoir un Etat de d\u00e9mocratie, o\u00f9 tous les citoyens sont trait\u00e9s sur un pied d\u2019\u00e9galit\u00e9, loin des favoritismes ou du syst\u00e8me des deux poids deux mesures, qui m\u00e8neraient aux abus et aux malversations de toutes sortes.<\/font><\/span><\/p>\n<p align=\"justify\"><span lang=\"FR\"><font face=\"Arial\">C\u2019est autour de ces th\u00e8mes qu\u2019une rencontre a eu lieu, dans un h\u00f4tel \u00e0 El Menzah entre des juristes, magistrats, avocats professeurs d\u2019universit\u00e9s, les vendredi et samedi derniers , 29 et 30 avril, organis\u00e9e par l\u2019Institut Arabe des Droits de l\u2019Homme, et l\u2019Organisation Internationale pour la r\u00e9forme p\u00e9nale.<\/font><\/span><\/p>\n<p align=\"justify\"><span lang=\"FR\"><font face=\"Arial\">Le pr\u00e9sident de s\u00e9ance, Slaheddine Jourchi, vice pr\u00e9sident de la Ligue des Droits de l\u2019Homme, a fait remarquer que l\u2019ind\u00e9pendance de la Justice, n\u2019a pas \u00e9t\u00e9 r\u00e9alis\u00e9e sous le r\u00e9gime de Bourguiba , et encore moins sous le r\u00e9gime du pr\u00e9sident d\u00e9chu, puisqu\u2019il y a toujours eu une pr\u00e9dominance de l\u2019ex\u00e9cutif sur le judiciaire. <\/font><\/span><\/p>\n<p align=\"justify\"><span lang=\"FR\"><font face=\"Arial\">Dans son expos\u00e9 sur l\u2019ind\u00e9pendance judiciaire, Ahmed Rahmouni, pr\u00e9sident de l\u2019Association des magistrats a surtout mis l\u2019accent sur la n\u00e9cessit\u00e9 d\u2019une rupture avec le pass\u00e9, et le syst\u00e8me de l\u2019ancien r\u00e9gime en g\u00e9n\u00e9ral.<\/font><\/span><\/p>\n<p align=\"justify\"><span lang=\"FR\"><font face=\"Arial\">Source : \u00ab Le Temps \u00bb Le 01-05-2011<\/font><\/span><\/p>\n<div>\n<p align=\"justify\"><span lang=\"FR\"><font face=\"Arial\">Lien : <\/font><a href=\"http:\/\/www.letemps.com.tn\/article-55555.html\" target=\"_blank\" rel=\"noopener\"><font face=\"Arial\">http:\/\/www.letemps.com.tn\/article-55555.html<\/font><\/a><\/span><\/p>\n<\/div>\n<h4 align=\"center\" style=\"color: blue;\"><span lang=\"FR\"><\/p>\n<h4 style=\"color: blue;\"><font face=\"Arial\">Sfax : Bloqu\u00e9 par le Sit-in de Sidi Salah, un jeune gar\u00e7on meurt dans l\u2019ambulance<\/font><\/h4>\n<p><\/span><\/h4>\n<p align=\"center\"><b><span lang=\"FR\"><\/p>\n<h4 style=\"color: blue;\"><font face=\"Arial\">\u00ab Et dire que la r\u00e9volution a \u00e9t\u00e9 faite pour le respect et la dignit\u00e9 !!! \u00bb<\/font><\/h4>\n<p><\/span><\/b><\/p>\n<p><b><span lang=\"FR\"><\/p>\n<hr\/>\n<p><\/span><\/b>\u00a0<\/p>\n<p align=\"justify\"><font face=\"Arial\"><span lang=\"FR\"><font>Un \u00e9l\u00e8ve en 8\u00e8me ann\u00e9e de l\u2019\u00e9cole de base d\u2019El Ghraba situ\u00e9 \u00e0 environ 20 km au nord de la ville de Sfax, est mort dans l\u2019ambulance qui le transportait \u00e0 l\u2019h\u00f4pital de Sfax afin d\u2019\u00eatre secouru, suite \u00e0 une attaque cardiaque qu\u2019il avait eu \u00e0 9h30 du matin, le jeudi 28 avril.  La route \u00e9tant bloqu\u00e9e par des manifestants qui observaient un sit-in au niveau de Sidi Salah, ces derniers n\u2019ont pas voulu laisser l\u2019ambulance passer \u00e0 temps et l\u2019ont m\u00eame retard\u00e9e.  Le jeune gar\u00e7on se nomme Adem Ghribi, il avait \u00e0 peine 14 ans.  Les cours ont \u00e9t\u00e9 aussit\u00f4t suspendus durant le reste de la journ\u00e9e \u00e0 cause de ce drame.  <\/font><\/span><span lang=\"NO-BOK\"><font>Voil\u00e0 o\u00f9 nous en sommes\u2026<\/font><\/span><\/font><\/p>\n<p align=\"justify\"><span lang=\"FR\"><font face=\"Arial\">Source: \u201dLe Temps\u201d Le 01-05-2011<\/font><\/span><\/p>\n<div>\n<p align=\"justify\"><span lang=\"FR\"><font face=\"Arial\">Lien: <\/font><a href=\"http:\/\/www.tunivisions.net\/sfax-bloque-par-le-sit-in-de-sidi-salah-un-jeune-garcon-meurt-dans-l-ambulance,12088.html\" target=\"_blank\" rel=\"noopener\"><font face=\"Arial\">http:\/\/www.tunivisions.net\/sfax-bloque-par-le-sit-in-de-sidi-salah-un-jeune-garcon-meurt-dans-l-ambulance,12088.html<\/font><\/a><\/span><\/p>\n<\/div>\n<p align=\"justify\">\u00a0<\/p>\n<p align=\"justify\">\u00a0<\/p>\n<\/div>\n<p><\/body><\/body><\/html><\/p>\n","protected":false},"excerpt":{"rendered":"<p>TUNISNEWS 11 \u00e8me ann\u00e9e, N\u00b03995 du 01.05.2011 archives : www.tunisnews.net AFP: Tunisie-Libye: l&rsquo;arm\u00e9e tunisienne \u00e9vacue trois positions \u00e0 la fronti\u00e8re AFP: Les r\u00e9fugi\u00e9s libyens continuent d&rsquo;affluer en Tunisie\u00b4 AP: Tunisie: des centaines de manifestants d\u00e9filent \u00e0 Tunis pour le 1er mai Abdallah Rihani: Consolider la R\u00e9volution tunisienne, assurer sa protection, la pr\u00e9munir contre les menaces [&hellip;]<\/p>\n","protected":false},"author":1,"featured_media":22040,"comment_status":"open","ping_status":"open","sticky":false,"template":"","format":"standard","meta":{"inline_featured_image":false,"site-sidebar-layout":"default","site-content-layout":"","ast-site-content-layout":"default","site-content-style":"default","site-sidebar-style":"default","ast-global-header-display":"","ast-banner-title-visibility":"","ast-main-header-display":"","ast-hfb-above-header-display":"","ast-hfb-below-header-display":"","ast-hfb-mobile-header-display":"","site-post-title":"","ast-breadcrumbs-content":"","ast-featured-img":"","footer-sml-layout":"","ast-disable-related-posts":"","theme-transparent-header-meta":"","adv-header-id-meta":"","stick-header-meta":"","header-above-stick-meta":"","header-main-stick-meta":"","header-below-stick-meta":"","astra-migrate-meta-layouts":"default","ast-page-background-enabled":"default","ast-page-background-meta":{"desktop":{"background-color":"","background-image":"","background-repeat":"repeat","background-position":"center center","background-size":"auto","background-attachment":"scroll","background-type":"","background-media":"","overlay-type":"","overlay-color":"","overlay-opacity":"","overlay-gradient":""},"tablet":{"background-color":"","background-image":"","background-repeat":"repeat","background-position":"center center","background-size":"auto","background-attachment":"scroll","background-type":"","background-media":"","overlay-type":"","overlay-color":"","overlay-opacity":"","overlay-gradient":""},"mobile":{"background-color":"","background-image":"","background-repeat":"repeat","background-position":"center center","background-size":"auto","background-attachment":"scroll","background-type":"","background-media":"","overlay-type":"","overlay-color":"","overlay-opacity":"","overlay-gradient":""}},"ast-content-background-meta":{"desktop":{"background-color":"var(--ast-global-color-5)","background-image":"","background-repeat":"repeat","background-position":"center center","background-size":"auto","background-attachment":"scroll","background-type":"","background-media":"","overlay-type":"","overlay-color":"","overlay-opacity":"","overlay-gradient":""},"tablet":{"background-color":"var(--ast-global-color-5)","background-image":"","background-repeat":"repeat","background-position":"center center","background-size":"auto","background-attachment":"scroll","background-type":"","background-media":"","overlay-type":"","overlay-color":"","overlay-opacity":"","overlay-gradient":""},"mobile":{"background-color":"var(--ast-global-color-5)","background-image":"","background-repeat":"repeat","background-position":"center center","background-size":"auto","background-attachment":"scroll","background-type":"","background-media":"","overlay-type":"","overlay-color":"","overlay-opacity":"","overlay-gradient":""}},"footnotes":""},"categories":[],"tags":[57,42,29],"class_list":["post-18519","post","type-post","status-publish","format-standard","has-post-thumbnail","hentry","tag-57","tag-42","tag-fr"],"_links":{"self":[{"href":"https:\/\/tunisnews.net\/ar\/wp-json\/wp\/v2\/posts\/18519","targetHints":{"allow":["GET"]}}],"collection":[{"href":"https:\/\/tunisnews.net\/ar\/wp-json\/wp\/v2\/posts"}],"about":[{"href":"https:\/\/tunisnews.net\/ar\/wp-json\/wp\/v2\/types\/post"}],"author":[{"embeddable":true,"href":"https:\/\/tunisnews.net\/ar\/wp-json\/wp\/v2\/users\/1"}],"replies":[{"embeddable":true,"href":"https:\/\/tunisnews.net\/ar\/wp-json\/wp\/v2\/comments?post=18519"}],"version-history":[{"count":0,"href":"https:\/\/tunisnews.net\/ar\/wp-json\/wp\/v2\/posts\/18519\/revisions"}],"wp:featuredmedia":[{"embeddable":true,"href":"https:\/\/tunisnews.net\/ar\/wp-json\/wp\/v2\/media\/22040"}],"wp:attachment":[{"href":"https:\/\/tunisnews.net\/ar\/wp-json\/wp\/v2\/media?parent=18519"}],"wp:term":[{"taxonomy":"category","embeddable":true,"href":"https:\/\/tunisnews.net\/ar\/wp-json\/wp\/v2\/categories?post=18519"},{"taxonomy":"post_tag","embeddable":true,"href":"https:\/\/tunisnews.net\/ar\/wp-json\/wp\/v2\/tags?post=18519"}],"curies":[{"name":"wp","href":"https:\/\/api.w.org\/{rel}","templated":true}]}}