{"id":18517,"date":"2007-12-23T00:00:00","date_gmt":"2007-12-23T00:00:00","guid":{"rendered":"https:\/\/tunisnews.net\/23-decembre-2007\/"},"modified":"2007-12-23T00:00:00","modified_gmt":"2007-12-23T00:00:00","slug":"23-decembre-2007","status":"publish","type":"post","link":"https:\/\/tunisnews.net\/ar\/23-decembre-2007\/","title":{"rendered":"23 d\u00e9cembre 2007"},"content":{"rendered":"<p><html><head><meta content=\"text\/html\" description=\"            (New York, le 18 d\u00e9cembre 2007) \u2013 Les autorit\u00e9s tunisiennes devrait \n            cesser imm\u00e9diatement leur harc\u00e8lement syst\u00e9matique d\u2019une association \n            ind\u00e9pendante de d\u00e9fense des droits humains, sous le pr\u00e9texte qu\u2019elle \n            n\u2019a pas de statut l\u00e9gal, a d\u00e9clar\u00e9 Human Rights Watch dans une \n            lettre adress\u00e9e au Pr\u00e9sident Zine el-Abidine Ben Ali.\u00a0 \" http-equiv=\"Content-Type\"\/><\/head><body><body><\/p>\n<p align=\"center\" dir=\"ltr\"><b><a href=\"http:\/\/www.tunisnews.net\"><span>Home<\/span><span lang=\"FR-CH\"> &#8211; Accueil <\/span><span>&#8211;<\/span><\/a><\/b><\/p>\n<p> <font face=\"Arial\" size=\"2\"><\/p>\n<div align=\"center\">\n<div align=\"justify\"> <font size=\"2\"> <\/p>\n<div> <font face=\"Arial\" size=\"2\"> <\/p>\n<div align=\"center\">  <\/div>\n<p> <span lang=\"FR\"> <\/p>\n<div align=\"center\" dir=\"ltr\"> <font size=\"7\"> <span lang=\"SV\"> <strong>TUNISNEWS<\/strong><\/span> <\/font> <\/div>\n<div align=\"center\" dir=\"ltr\"> <strong><font size=\"2\">8\u00a0\u00e8me\u00a0ann\u00e9e, <span lang=\"FR\">        N\u00b05\u00a02769 du 23.12.2007<\/span><\/font><\/strong><\/div>\n<p> <strong> <\/p>\n<div align=\"center\" dir=\"ltr\"> <b><span><blink> <font size=\"2\">\u00a0archives : <\/font> <a href=\"\" target=\"_blank\" rel=\"noopener\"><font size=\"2\" target=\"_blank\">        www.tunisnews.net<\/font><\/a><\/blink><\/span><\/b><font size=\"2\"> <\/font> <span lang=\"FR-CH\"> <span lang=\"FR\"> <span dir=\"rtl\" lang=\"FR\"> <span lang=\"FR-CH\"><font><font> <font><strong><font> <\/font><\/strong><\/font><\/font><\/font><\/span><\/span><\/span><\/span><\/div>\n<div align=\"center\" dir=\"ltr\">\n<hr\/><\/div>\n<p> <\/strong><\/span><\/font> <\/p>\n<div align=\"left\" dir=\"ltr\">\n<p><font> <span dir=\"rtl\" lang=\"AR-SA\"> <\/p>\n<p><font> <span dir=\"rtl\" lang=\"AR-SA\"> <\/p>\n<p><font size=\"2\"><span dir=\"rtl\" lang=\"AR-SA\"><strong>        Human Rights Watch: Le gouvernement doit cesser de harceler des groupes         \u00ab non reconnus \u00bb de d\u00e9fense des droits humains          <font>Human Rights Watch : Letter to Tunisian President         Zine el-Abidine Ben Ali on the Detention of Samir Ben Amor<\/font>         Abdo Maalaoui: Tunisnews : c\u2019est notre station, c\u2019est notre canal&#8230;         <font>Le Temps: Plus de 40 avocats pour plaider dans         l&rsquo;affaire de la bande arm\u00e9e \u00e0 Soliman<\/font><\/strong><\/span><\/font><\/p>\n<p><\/span><\/font><\/p>\n<p><\/span><\/font><\/p>\n<\/div>\n<div align=\"left\" dir=\"ltr\">\n<p><font> <span dir=\"rtl\" lang=\"AR-SA\"> <\/p>\n<p><font> <span dir=\"rtl\" lang=\"AR-SA\"> <\/p>\n<p><font size=\"2\"><span dir=\"rtl\" lang=\"AR-SA\"><strong>Le         Temps\u00a0: Sant\u00e9 infantile &#8211; La malnutrition, un probl\u00e8me qui se pose avec         acuit\u00e9 dans le Sud-Ouest         <font>AP: France &#8211; Deux personnes soup\u00e7onn\u00e9es d&rsquo;\u00eatre         li\u00e9es \u00e0 Al-Qa\u00efda mises en examen<\/font><\/strong><\/span><\/font><\/p>\n<p><\/span><\/font><\/p>\n<p><\/span><\/font><\/p>\n<p><font size=\"2\"><\/font><\/div>\n<div align=\"justify\">\n<div>\n<div align=\"center\"> <strong><\/p>\n<hr\/>\n<p><font size=\"3\">HUMAN RIGHTS WATCH<\/font><\/p>\n<p><\/strong> <strong><\/p>\n<p><font size=\"3\">Tunisie : Le gouvernement             doit cesser de harceler des groupes \u00ab non reconnus \u00bb de d\u00e9fense des             droits humains<\/font><\/p>\n<p><\/strong> <\/div>\n<p> <font face=\"Arial\" size=\"2\"> <\/p>\n<div align=\"center\"> <font><strong>La police avertit un avocat de ne pas             travailler pour une association de soutien aux prisonniers             politiques <\/strong><\/font> <\/div>\n<div>                         (New York, le 18 d\u00e9cembre 2007) \u2013 Les autorit\u00e9s tunisiennes devrait             cesser imm\u00e9diatement leur harc\u00e8lement syst\u00e9matique d\u2019une association             ind\u00e9pendante de d\u00e9fense des droits humains, sous le pr\u00e9texte qu\u2019elle             n\u2019a pas de statut l\u00e9gal, a d\u00e9clar\u00e9 Human Rights Watch dans une             lettre adress\u00e9e au Pr\u00e9sident Zine el-Abidine Ben Ali.\u00a0                           Cette lettre s\u2019\u00e9l\u00e8ve contre l\u2019arrestation par la police le 7             d\u00e9cembre de l\u2019avocat Samir Ben Amor, qui est un cofondateur et             membre du comit\u00e9 d\u2019organisation de l\u2019Association internationale de             soutien aux prisonniers politiques bas\u00e9e \u00e0 Tunis (AISPP). La police             a rel\u00e2ch\u00e9 Ben Amor apr\u00e8s l\u2019avoir averti de cesser ses activit\u00e9s au             sein de l\u2019AISPP, une organisation que les autorit\u00e9s ont refus\u00e9 de             reconna\u00eetre l\u00e9galement, depuis sa cr\u00e9ation il y a cinq ans. Le droit             tunisien pr\u00e9voit des peines d\u2019emprisonnement et des amendes pour les             personnes actives dans des associations \u00ab non reconnues \u00bb.\u00a0              \u00a0             \u00ab Cela en dit long que les autorit\u00e9s tunisiennes aient justifi\u00e9 leur             refus de l\u00e9galiser l\u2019AISPP, parce que son nom impliquait que la             Tunisie a des prisonniers politiques, \u00bb a d\u00e9clar\u00e9 Sarah Leah Whitson,             directrice pour le Moyen Orient et l\u2019Afrique du Nord \u00e0 Human Rights             Watch. \u00ab Cette tentative de r\u00e9duire Samir Ben Amor au silence ne             fait que souligner le fait que les autorit\u00e9s harc\u00e8lent les Tunisiens             qui font remarquer que le gouvernement d\u00e9tient des prisonniers             politiques. \u00bb\u00a0\u00a0             \u00a0             \u00a0             Pour consulter la lettre de Human Rights Watch au Pr\u00e9sident Ben Ali,             veuillez aller \u00e0 :\u00a0              <a href=\"http:\/\/hrw.org\/english\/docs\/2007\/12\/18\/tunisi17578.htm\" target=\"_blank\" rel=\"noopener\"><u> <strong>http:\/\/hrw.org\/english\/docs\/2007\/12\/18\/tunisi17578.htm<\/strong><\/u><\/a> <\/div>\n<div>            \u00a0<\/div>\n<div>\n<hr\/><\/div>\n<div align=\"center\"> <a href=\"http:\/\/hrw.org\/\" target=\"_blank\" rel=\"noopener\"><font size=\"3\"><strong>HUMAN RIGHTS WATCH<\/strong><\/font><\/a><\/div>\n<p align=\"center\">\n<p><font size=\"3\">Human Rights Watch letter to Tunisian President Zine el-Abidine Ben           Ali on the Detention of Samir Ben Amor<\/font><\/p>\n<\/p>\n<p>December 18, 2007 \u00a0           \u00a0           President Zine el-Abidine Ben Ali \u00a0           Palais Pr\u00e9sidentiel \u00a0           Carthage, Tunisia \u00a0           \u00a0           Dear Mr. President: \u00a0           \u00a0           Human Rights Watch is writing to protest the detention by police of           human rights attorney Samir Ben Amor on December 7. We regard this           detention as an effort to intimidate Ben Amor and other members of the           International Association in Support of Political Prisoners           (Association Internationale de Soutien aux Prisonniers Politiques,           AISPP), a five-year-old independent, Tunis-based human rights           organization. \u00a0 \u00a0<\/p>\n<div>            At about 9 a.m. that day, three plainclothes police visited the             Tunis law office of Ben Amor and asked that he accompany them to the             police station in Sidi B\u00e9chir, the Tunis neighborhood in which his             parents reside. He refused on the grounds that they lacked a written             summons as required by the law. The policemen then left. \u00a0             \u00a0             At about 10 a.m., Ben Amor left his office and began walking down on             al-Jazira Street. Three plainclothes policemen intercepted him and             directed him into a waiting vehicle. The men used no force because             Ben Amor made no effort to resist. He later told Human Rights Watch             he did not resist because he felt he had no choice but to go along.             \u00a0             \u00a0             The plainclothesmen transported Ben Amor to the Sidi B\u00e9chir police             station. There, the station commander informed him that Ben Amor had             been holding meetings in his office. The commander did not specify             to Ben Amor which meetings he was referring to, but stated that Ben             Amor\u2019s activities on behalf of the AISPP were illegal, since the             AISPP was an \u201cunrecognized\u201d association. Tunisia\u2019s Law on             Associations provides prison terms and fines for persons who conduct             activities on behalf of an \u201cunrecognized\u201d association. \u00a0             \u00a0             Ben Amor replied that he considered the AISPP a legal organization             since under the law, an association obtains tacit legalization if it             submits its founding papers to the interior ministry and gets no             formal refusal within ninety days, as happened with the AISPP in             2002 \u2013 2003. \u00a0             \u00a0             According to Ben Amor, the police commander replied that this is a             matter for the courts to decide, but that he merely wished to warn             Ben Amor to cease holding meetings in his office and to stop his             activities on behalf of the AISPP. The police presented Ben Amor a             statement for signature describing the conversation. He refused to             sign it and left the station. \u00a0             \u00a0             In a December 11 e-mail, Tunisian official sources confirmed to             Human Rights Watch the reason for the summons but denied that the             police had taken Ben Amor by force: \u00a0 \u00a0<\/div>\n<blockquote>\n<p><strong>Mr Ben Amor was never \u00ab\u00a0taken\u00a0\u00bb to any police station much             less \u00ab\u00a0kidnapped\u00a0\u00bb. He was simply asked to come the police station to             be told that the so-called Association Internationale de Soutien aux             Prisonniers Politiques is not a legal association. He had accepted             to come and did come on his own volition. It all took place in             normal circumstances. He left after the notification.<\/strong><\/p>\n<\/blockquote>\n<div>                         Human Rights Watch believes that contrary to this statement, the             detention of Ben Amor appears to have been illegal and conducted             with an implicit threat of force. Ben Amor had just one hour earlier             told plainclothes police he would not obey their request to go to             the station without the legally required written summons.             Nevertheless, agents confronted him on the street an hour later and             told him to get into a vehicle with them. He \u201caccepted to come\u201d only             in the sense that he had reason to believe that the agents would use             force if he disobeyed. At no time did they show a written summons             that would authorize his detention. \u00a0             \u00a0             Second, regarding the substance of his summons, we believe that the             AISPP has every right to operate as a human rights organization and             that the authorities\u2019 refusal to consider it legal is nothing more             than an effort to silence persons who document and expose human             rights conditions in Tunisia. It speaks volumes that among the             reasons authorities gave for refusing legal recognition to the AISPP             during the appeal of their refusal was the fact that its name             implied the existence of political prisoners in Tunisia. \u00a0             \u00a0             Moreover, Mr. Ben Amor has every right to pursue his peaceful work             for the AISPP or any other human rights cause, including by hosting             meetings in his office. \u00a0             \u00a0             The authorities\u2019 efforts to intimidate Mr. Ben Amor because of his             human rights activity, and through him, other human rights defenders             are an interference in their right to freedom of expression and of             association, as guaranteed by the International Covenant on Civil             and Political Rights, which Tunisia has ratified. Tunisia\u2019s             Constitution guarantees these rights in Article 8. \u00a0             \u00a0             We therefore urge your government to cease all measures designed to             hamper the human rights activities of the AISPP and its members. We             are also concerned that the police carried out Mr. Ben Amor\u2019s             detention on December 7 in an illegal manner and welcome any             information you provide to demonstrate it was carried out in             conformity with the law. \u00a0             \u00a0             We thank you for your consideration and welcome your response. \u00a0             \u00a0             Sincerely yours, \u00a0             \u00a0             \/s\/ \u00a0             \u00a0             <font><strong>Sarah Leah Whitson \u00a0             Executive Director \u00a0             Middle East and North Africa division \u00a0             \u00a0             Cc: Ambassador Mohamed Nejib Hachana, Embassy of Tunisia,             Washington, DC \u00a0<\/strong><\/font><\/div>\n<div>\n<hr\/><\/div>\n<div align=\"center\">\n<h2 style=\"color: red;\"><font>Voici le numero 87 d&rsquo;ELKHADRA.Bonne lecture et             bonnes f\u00eates.<\/font><\/h2>\n<p> <a href=\"http:\/\/elkhadra.over-blog.com\/\" onclick=\"return top.js.OpenExtLink(window,event,this)\" target=\"_blank\" rel=\"noopener\"> <font><u>http:\/\/elkhadra.over-blog.com\/<\/u><\/font><\/a> <a href=\"mailto:elkhadra@hotmail.com\" onclick=\"return top.js.OpenExtLink(window,event,this)\" target=\"_blank\" rel=\"noopener\"> <u><font>elkhadra@hotmail.com<\/font><\/u><\/a>                          ******************************<wbr\/>******************** \u00a0<\/div>\n<div>\n<ul>\n<li> <a href=\"http:\/\/elkhadra.over-blog.com\/article-14885262.html\" onclick=\"return top.js.OpenExtLink(window,event,this)\" target=\"_blank\" rel=\"noopener\"> <u><font>L&rsquo;ANNEE PROCHAINE SANS BEN ALI<\/font><\/u><\/a>\u00a0              <\/li>\n<li> <a href=\"http:\/\/elkhadra.over-blog.com\/article-14884678.html\" onclick=\"return top.js.OpenExtLink(window,event,this)\" target=\"_blank\" rel=\"noopener\"> <u><font>LE R\u00caVE EST LA REALITE<\/font><\/u><\/a>  \u00a0\n<div>                .              <\/div>\n<\/li>\n<li> <a href=\"http:\/\/elkhadra.over-blog.com\/article-14884665.html\" onclick=\"return top.js.OpenExtLink(window,event,this)\" target=\"_blank\" rel=\"noopener\"> <u><font>LE R\u00caVE EST LA REALITE<\/font><\/u><\/a>\u00a0              <\/li>\n<li> <a href=\"http:\/\/elkhadra.over-blog.com\/article-14883140.html\" onclick=\"return top.js.OpenExtLink(window,event,this)\" target=\"_blank\" rel=\"noopener\"> <u><font>Des milliards pour liquider la r\u00e9sistance<\/font><\/u><\/a>\u00a0              <\/li>\n<li> <a href=\"http:\/\/elkhadra.over-blog.com\/article-14874040.html\" onclick=\"return top.js.OpenExtLink(window,event,this)\" target=\"_blank\" rel=\"noopener\"> <u><font>BIG TRAOULI<\/font><\/u><\/a> <a href=\"http:\/\/elkhadra.over-blog.com\/article-14873897.html\" onclick=\"return top.js.OpenExtLink(window,event,this)\" target=\"_blank\" rel=\"noopener\"> <u><font>UN DES ALLIES OBJECTIFS DE BEN ALI<\/font><\/u><\/a>               ( <\/li>\n<li> <a href=\"http:\/\/elkhadra.over-blog.com\/article-14873604.html\" onclick=\"return top.js.OpenExtLink(window,event,this)\" target=\"_blank\" rel=\"noopener\"> <u><font>ANTISIONISTE..\u0627\u0644\u0645\u062a\u0627\u0647\u0627\u062a \u0648\u0627\u0644\u0628\u062f\u0627\u064a\u0627\u062a \u0627\u0644\u0635\u062d\u064a\u062d\u0629<\/font><\/u><\/a>\u00a0              <\/li>\n<li> <a href=\"http:\/\/elkhadra.over-blog.com\/article-14873588.html\" onclick=\"return top.js.OpenExtLink(window,event,this)\" target=\"_blank\" rel=\"noopener\"> <u><font>ANTISIONISTE&#8230;\u0627\u0644\u0645\u062a\u0627\u0647\u0627\u062a \u0648\u0627\u0644\u0628\u062f\u0627\u064a\u0627\u062a \u0627\u0644\u0635\u062d\u064a\u062d\u0629<\/font><\/u><\/a>               \u00a0\n<div>                &#8230;              <\/div>\n<\/li>\n<li> <a href=\"http:\/\/elkhadra.over-blog.com\/article-14873281.html\" onclick=\"return top.js.OpenExtLink(window,event,this)\" target=\"_blank\" rel=\"noopener\"> <u><font>VOTRE PETROLE VAUT MOINS CHER QUE LE               COCA-COLA<\/font><\/u><\/a>  \u00a0\n<div>                &#8230;              <\/div>\n<\/li>\n<li> <a href=\"http:\/\/elkhadra.over-blog.com\/article-14873263.html\" onclick=\"return top.js.OpenExtLink(window,event,this)\" target=\"_blank\" rel=\"noopener\"> <u><font>VOTRE PETROLE VAUT MOINS CHER QUE LE               COCA-COLA<\/font><\/u><\/a>\u00a0 <\/li>\n<li> <a href=\"http:\/\/elkhadra.over-blog.com\/article-14792996.html\" onclick=\"return top.js.OpenExtLink(window,event,this)\" target=\"_blank\" rel=\"noopener\"> <u><font>BEN ALI AUSSI EST UN Taw\u00e2f<\/font><\/u><\/a>\u00a0              <\/li>\n<li> <a href=\"http:\/\/elkhadra.over-blog.com\/article-14783817.html\" onclick=\"return top.js.OpenExtLink(window,event,this)\" target=\"_blank\" rel=\"noopener\"> <u><font>Un Etat, deux Etats en Palestine : le               faux d\u00e9bat<\/font><\/u><\/a>\u00a0 <\/li>\n<li> <a href=\"http:\/\/elkhadra.over-blog.com\/article-14763156.html\" onclick=\"return top.js.OpenExtLink(window,event,this)\" target=\"_blank\" rel=\"noopener\"> <u><font>BEN ALI PASQUA<\/font><\/u><\/a>\u00a0 <\/li>\n<li> <a href=\"http:\/\/elkhadra.over-blog.com\/article-14762840.html\" onclick=\"return top.js.OpenExtLink(window,event,this)\" target=\"_blank\" rel=\"noopener\"> <u><font>Tunisie : Un r\u00e9f\u00e9rendum, une dictature et               des profits<\/font><\/u><\/a>\u00a0 <\/li>\n<li> <a href=\"http:\/\/elkhadra.over-blog.com\/article-14722484.html\" onclick=\"return top.js.OpenExtLink(window,event,this)\" target=\"_blank\" rel=\"noopener\"> <u><font>TARIQ RAMADAN<\/font><\/u><\/a>\u00a0 <\/li>\n<li> <a href=\"http:\/\/elkhadra.over-blog.com\/article-14702077.html\" onclick=\"return top.js.OpenExtLink(window,event,this)\" target=\"_blank\" rel=\"noopener\"> <u><font>Georges Corm (suite, premi\u00e9re partie sur               le num\u00e9ro 86)<\/font><\/u><\/a>  \u00a0<\/li>\n<\/ul><\/div>\n<p> <\/font> <\/p>\n<div>\n<hr\/><\/div>\n<div>            \u00a0<\/div>\n<div>\n<div>\n<div align=\"center\">\n<p><font><font size=\"3\"><strong>Tunisnews\u00a0: c\u2019est                 notre station, c\u2019est notre canal, c\u2019est notre outil de                 communication et c\u2019est notre arme de lib\u00e9ration !<\/strong><\/font><\/font><\/p>\n<\/div>\n<div>                \u00a0<\/div>\n<div>                \u00a0<\/div>\n<div> <font><strong>Abdo Maalaoui<\/strong><\/font><\/div>\n<div> <font><strong>Montr\u00e9al \/ Canada<\/strong><\/font><\/div>\n<div>                \u00a0<\/div>\n<div>                C\u2019est un honneur fr\u00e8re Tahar Labidi\u00a0d\u2019avoir fait votre                 connaissance par l\u2019interm\u00e9diaire de Tunisnews, vous me demandez                 mon avis sur la\u00a0requ\u00eate de l\u2019\u00e9quipe de Tunisnews de ne plus                 pouvoir offrir le service qu\u2019elle nous offre depuis bient\u00f4t huit                 ans\u00a0!              <\/div>\n<div>                \u00a0<\/div>\n<div>                Mon avis est le m\u00eame, l\u2019\u00e9quipe de Tunisnews a contribu\u00e9                 historiquement dans la lutte pour la d\u00e9mocratie en Tunisie. Les                 membres de cette \u00e9quipe ont fait beaucoup de sacrifices                 politiques et personnels\u00a0! Ils ont effectu\u00e9 un travail b\u00e9n\u00e9vole                 jour et nuit pendant presque huit ans\u00a0! Je ne peux m\u00eame pas me                 permettre de douter de leur sinc\u00e9rit\u00e9, de leur courage et de                 leur t\u00e9nacit\u00e9. \u00c0 aucun moment, n\u2019ont voulu capitaliser de cet                 outil qui est Tunisnews pour chercher des honneurs ou des \u00a0reconnaissances                 personnelles ou de groupe. Je reste \u00e9ternellement reconnaissant                 envers eux de ce qu\u2019ils ont fait.              <\/div>\n<div>                \u00a0                <script><!--D([\"mb\",\"\\u003c\/span\\>\\u003c\/div\\>  \\u003cdiv style\\u003d\\\"margin:0cm 0cm 0pt\\\"\\>\\u003cspan\\>\\u003cfont size\\u003d\\\"3\\\"\\>\\u003cfont face\\u003d\\\"Trebuchet MS\\\"\\>Tunisnews n\u2019est plus la propri\u00e9t\u00e9 de quelqu\u2019un, elle est la volont\u00e9 d\u2019un groupe, Tunisnews\\n est devenue \\u003cspan\\>\u00a0\\u003c\/span\\>le canal de ceux qui n\u2019ont pas de voix. \u00c7a fait bient\u00f4t huit ans que moi aussi, je suis interdit de s\u00e9jour en Tunis, suite \u00e0 mes centaines \\u003cspan\\>\u00a0\\u003c\/span\\>d\u2019articles que j\u2019ai publi\u00e9s sur Tunisnews. Je n\u2019ai jamais pens\u00e9 que c\u2019est Tunisnews qui m\u2019a foutu dans les eaux troubles avec le r\u00e9gime en place en Tunisie, au contraire Tunisnews m\u2019a permis d\u2019exprimer \u00e0 haute voix ce que des milliers de Tunisiens n\u2019ont pas os\u00e9 le dire, \u00e7a m\u2019a permet de d\u00e9noncer les arnaqueurs et les ripoux de la R\u00e9publique, combien de fois, j\u2019ai traqu\u00e9 des faux projets de d\u00e9veloppement en Tunisie pourtant tout le monde le sait que c\u2019est une simple arnaque financi\u00e8re !\\u003c\/font\\>\\u003c\/font\\>\\u003c\/span\\>\\u003c\/div\\>  \\u003cdiv style\\u003d\\\"margin:0cm 0cm 0pt\\\"\\>\\u003cspan\\>\\u003cfont face\\u003d\\\"Trebuchet MS\\\" size\\u003d\\\"3\\\"\\>\u00a0\\u003c\/font\\>\\u003c\/span\\>\\u003c\/div\\>  \\u003cdiv style\\u003d\\\"margin:0cm 0cm 0pt\\\"\\>\\u003cspan\\>\\u003cfont size\\u003d\\\"3\\\"\\>\\u003cfont face\\u003d\\\"Trebuchet MS\\\"\\>Nous sommes au Canada, nous militons diff\u00e9remment par rapport \u00e0 nos fr\u00e8res et soeurs qui sont en France, nous ne vivons pas la m\u00eame situation, malgr\u00e9 que vous \u00eates en France nous comprenons que vous vivez\\u003cspan\\>\u00a0 \\u003c\/span\\>de temps \u00e0 autre la t\u00e9l\u00e9r\u00e9pression. Au Canada, le RCD et ces supp\u00f4ts sont agonisants et moribonds. De temps \u00e0 autre, ils font une \u00absortie-hadrat Sidi Mansour\u00bb pour brailler, aboyer, glorifier et montrer \u00e0 leurs maitres-commanditaires qu\u2019ils ont bien hurl\u00e9 lors d\u2019une simple visite d\u2019un(e) opposant(e) chez nous \u00e0 Montr\u00e9al\u00a0! \\u003cspan\\>\u00a0\\u003c\/span\\>\\u003c\/font\\>\\u003c\/font\\>\\u003c\/span\\>\\u003c\/div\\>  \\u003cdiv style\\u003d\\\"margin:0cm 0cm 0pt\\\"\\>\\u003cspan\\>\\u003cfont face\\u003d\\\"Trebuchet MS\\\" size\\u003d\\\"3\\\"\\>\u00a0\\u003c\/font\\>\\u003c\/span\\>\\u003c\/div\\>  \\u003cdiv style\\u003d\\\"margin:0cm 0cm 0pt\\\"\\>\\u003cspan\\>\\u003cfont size\\u003d\\\"3\\\"\\>\\u003cfont face\\u003d\\\"Trebuchet MS\\\"\\>Nous sommes loin de vos probl\u00e8mes personnels interopposants et en plus \u00e7a ne nous regarde pas, parce que \u00e7a ne peut que nous affaiblir\u00a0! Nous ne faisons pas la politique pour montrer aux autres, nous faisons la politique parce que nous voyons les chemins et le but diff\u00e9remment que ceux qui nous gouvernent actuellement\u00a0! \",1]);\/\/--><\/script> <\/div>\n<div>                Tunisnews n\u2019est plus la propri\u00e9t\u00e9 de quelqu\u2019un, elle est la                 volont\u00e9 d\u2019un groupe, Tunisnews est devenue \u00a0le canal de ceux qui                 n\u2019ont pas de voix. \u00c7a fait bient\u00f4t huit ans que moi aussi, je                 suis interdit de s\u00e9jour en Tunis, suite \u00e0 mes centaines \u00a0d\u2019articles                 que j\u2019ai publi\u00e9s sur Tunisnews. Je n\u2019ai jamais pens\u00e9 que c\u2019est                 Tunisnews qui m\u2019a foutu dans les eaux troubles avec le r\u00e9gime en                 place en Tunisie, au contraire Tunisnews m\u2019a permis d\u2019exprimer \u00e0                 haute voix ce que des milliers de Tunisiens n\u2019ont pas os\u00e9 le                 dire, \u00e7a m\u2019a permet de d\u00e9noncer les arnaqueurs et les ripoux de                 la R\u00e9publique, combien de fois, j\u2019ai traqu\u00e9 des faux projets de                 d\u00e9veloppement en Tunisie pourtant tout le monde le sait que                 c\u2019est une simple arnaque financi\u00e8re !<\/div>\n<div>                \u00a0<\/div>\n<div>                Nous sommes au Canada, nous militons diff\u00e9remment par rapport \u00e0                 nos fr\u00e8res et soeurs qui sont en France, nous ne vivons pas la                 m\u00eame situation, malgr\u00e9 que vous \u00eates en France nous comprenons                 que vous vivez\u00a0 de temps \u00e0 autre la t\u00e9l\u00e9r\u00e9pression. Au Canada,                 le RCD et ces supp\u00f4ts sont agonisants et moribonds. De temps \u00e0                 autre, ils font une \u00absortie-hadrat Sidi Mansour\u00bb pour brailler,                 aboyer, glorifier et montrer \u00e0 leurs maitres-commanditaires                 qu\u2019ils ont bien hurl\u00e9 lors d\u2019une simple visite d\u2019un(e)                 opposant(e) chez nous \u00e0 Montr\u00e9al\u00a0! \u00a0<\/div>\n<div>                \u00a0<\/div>\n<div>                Nous sommes loin de vos probl\u00e8mes personnels interopposants et                 en plus \u00e7a ne nous regarde pas, parce que \u00e7a ne peut que nous                 affaiblir\u00a0! Nous ne faisons pas la politique pour montrer aux                 autres, nous faisons la politique parce que nous voyons les                 chemins et le but diff\u00e9remment que ceux qui nous gouvernent                 actuellement\u00a0!                <script><!--D([\"mb\",\"\\u003cspan\\>\u00a0\\u003c\/span\\>\\u003c\/font\\>\\u003c\/font\\>\\u003c\/span\\>\\u003c\/div\\>  \\u003cdiv style\\u003d\\\"margin:0cm 0cm 0pt\\\"\\>\\u003cspan\\>\\u003cfont face\\u003d\\\"Trebuchet MS\\\" size\\u003d\\\"3\\\"\\>\u00a0\\u003c\/font\\>\\u003c\/span\\>\\u003c\/div\\>  \\u003cdiv style\\u003d\\\"margin:0cm 0cm 0pt\\\"\\>\\u003cspan\\>\\u003cfont size\\u003d\\\"3\\\"\\>\\u003cfont face\\u003d\\\"Trebuchet MS\\\"\\>Huit ans apr\u00e8s, NOUS, les opposants de longue date, nous n\u2019avons pas compris que \\u003cb\\>Tunisnews\\u003c\/b\\> est devenue un \\u003cb\\>patrimoine national\\u003c\/b\\> \\u003cspan\\>\u00a0\\u003c\/span\\>des\\u003cspan\\>\u00a0 \\u003c\/span\\>Tunisiens de toutes les tendances \\u003cb\\>ET\\u003c\/b\\> si une \u00e9quipe est fatigu\u00e9e, il est temps de la remplacer par une autre \u00e9quipe sans toujours vouloir cracher sur ceux qui nous ont pr\u00e9par\u00e9 le trac\u00e9 de la dure route \u00e0 emprunter.\\u003c\/font\\>\\u003c\/font\\>\\u003c\/span\\>\\u003c\/div\\>  \\u003cdiv style\\u003d\\\"margin:0cm 0cm 0pt\\\"\\>\\u003cspan\\>\\u003cfont face\\u003d\\\"Trebuchet MS\\\" size\\u003d\\\"3\\\"\\>\u00a0\\u003c\/font\\>\\u003c\/span\\>\\u003c\/div\\>  \\u003cdiv style\\u003d\\\"margin:0cm 0cm 0pt\\\"\\>\\u003cspan\\>\\u003cfont size\\u003d\\\"3\\\"\\>\\u003cfont face\\u003d\\\"Trebuchet MS\\\"\\>Je peux me tromper encore\u00a0! Mais je suis convaincu que l\u2019\u00e9quipe de Tunisnews nous a lanc\u00e9 un crie de secours pour les aider afin que cette \u0153uvre continue, je sois convaincu qu\u2019ils ne d\u00e9sirent pas laisser tomber au jour lendemain ce qu\u2019ils ont construit durant des ann\u00e9es au prix de leur sang, de leur \u00e2me, de leur \u00e9nergie et de la\\n pauvret\u00e9 !\u00a0\\u003c\/font\\>\\u003c\/font\\>\\u003c\/span\\>\\u003c\/div\\>  \\u003cdiv style\\u003d\\\"margin:0cm 0cm 0pt\\\"\\>\\u003cspan\\>\\u003cfont face\\u003d\\\"Trebuchet MS\\\" size\\u003d\\\"3\\\"\\>\u00a0\\u003c\/font\\>\\u003c\/span\\>\\u003c\/div\\>  \\u003cdiv style\\u003d\\\"margin:0cm 0cm 0pt\\\"\\>\\u003cspan\\>\\u003cfont size\\u003d\\\"3\\\"\\>\\u003cfont face\\u003d\\\"Trebuchet MS\\\"\\>L\u2019\u00e9quipe de Tunisnews nous raidit la main pour la secourir, il faut arr\u00eater de sp\u00e9culer. La question est simple aujourd\u2019hui, est-ce que nous sommes capables de nous mobiliser pour savoir ce qu\u2019on doit faire pour les soutenir et continuer l&#39;oeuvre \u00e0 achever\u00a0!\\u003c\/font\\>\\u003c\/font\\>\\u003c\/span\\>\\u003c\/div\\>  \\u003cdiv style\\u003d\\\"margin:0cm 0cm 0pt\\\"\\>\\u003cspan\\>\\u003cfont face\\u003d\\\"Trebuchet MS\\\" size\\u003d\\\"3\\\"\\>\u00a0\\u003c\/font\\>\\u003c\/span\\>\\u003c\/div\\>  \\u003cdiv style\\u003d\\\"margin:0cm 0cm 0pt\\\"\\>\\u003cspan\\>\\u003cfont face\\u003d\\\"Trebuchet MS\\\" size\\u003d\\\"3\\\"\\>\\u003c\/font\\>\\u003c\/span\\>\\u003c\/div\\>  \\u003cdiv style\\u003d\\\"margin:0cm 0cm 0pt\\\"\\>\\u003cspan\\>\\u003cfont size\\u003d\\\"3\\\"\\>\\u003cfont face\\u003d\\\"Trebuchet MS\\\"\\>Nous avons vite oubli\u00e9 que gr\u00e2ce \u00e0 Tunisnews des milliers de nos fr\u00e8res et s\u0153urs ont \u00e9t\u00e9 lib\u00e9r\u00e9s. Nous avons oubli\u00e9 que gr\u00e2ce \u00e0 Tunisnews que Dr Sahbi Amri a \u00e9chapp\u00e9 \u00e0 plusieurs tentatives de meurtre, aujourd\u2019hui, le pouvoir a compris, mais Dr Sahbi est seul hospitalis\u00e9 et amput\u00e9\u00a0! Gr\u00e2ce \u00e0 Tunisnews que Me Sihem Bensedrine est libre aujourd\u2019hui apr\u00e8s les mille coups que son fr\u00eale corps \u00e0 encaisser\u00a0! Gr\u00e2ce \u00e0 Tunisnews que le pouvoir a compris qu\u2019il ne peut plus gouverner seul en Tunisie, ce n\u2019est pas les conf\u00e9rences de \u00abBen machins\u00bb \u00e0 Paris, Montr\u00e9al, New York ou dans les \u00celes Mokmoks, ou des rencontres avec Sarko, Bush ou Ben Tahan qui ont pouss\u00e9 le pouvoir \u00e0 changer d\u2019agissements\u00a0?\u00a0 \",1]);\/\/--><\/script>                \u00a0<\/div>\n<div>                \u00a0<\/div>\n<div>                Huit ans apr\u00e8s, NOUS, les opposants de longue date, nous n\u2019avons                 pas compris que <b>Tunisnews<\/b> est devenue un <b>patrimoine                 national<\/b> \u00a0des\u00a0 Tunisiens de toutes les tendances <b>ET<\/b>                 si une \u00e9quipe est fatigu\u00e9e, il est temps de la remplacer par une                 autre \u00e9quipe sans toujours vouloir cracher sur ceux qui nous ont                 pr\u00e9par\u00e9 le trac\u00e9 de la dure route \u00e0 emprunter.<\/div>\n<div>                \u00a0<\/div>\n<div>                Je peux me tromper encore\u00a0! Mais je suis convaincu que l\u2019\u00e9quipe                 de Tunisnews nous a lanc\u00e9 un crie de secours pour les aider afin                 que cette \u0153uvre continue, je sois convaincu qu\u2019ils ne d\u00e9sirent                 pas laisser tomber au jour lendemain ce qu\u2019ils ont construit                 durant des ann\u00e9es au prix de leur sang, de leur \u00e2me, de leur                 \u00e9nergie et de la pauvret\u00e9 !\u00a0<\/div>\n<div>                \u00a0<\/div>\n<div>                L\u2019\u00e9quipe de Tunisnews nous raidit la main pour la secourir, il                 faut arr\u00eater de sp\u00e9culer. La question est simple aujourd\u2019hui,                 est-ce que nous sommes capables de nous mobiliser pour savoir ce                 qu\u2019on doit faire pour les soutenir et continuer l&rsquo;oeuvre \u00e0                 achever\u00a0!<\/div>\n<div>                \u00a0<\/div>\n<div>\u00a0<\/div>\n<div>                Nous avons vite oubli\u00e9 que gr\u00e2ce \u00e0 Tunisnews des milliers de nos                 fr\u00e8res et s\u0153urs ont \u00e9t\u00e9 lib\u00e9r\u00e9s. Nous avons oubli\u00e9 que gr\u00e2ce \u00e0                 Tunisnews que Dr Sahbi Amri a \u00e9chapp\u00e9 \u00e0 plusieurs tentatives de                 meurtre, aujourd\u2019hui, le pouvoir a compris, mais Dr Sahbi est                 seul hospitalis\u00e9 et amput\u00e9\u00a0! Gr\u00e2ce \u00e0 Tunisnews que Me Sihem                 Bensedrine est libre aujourd\u2019hui apr\u00e8s les mille coups que son                 fr\u00eale corps \u00e0 encaisser\u00a0! Gr\u00e2ce \u00e0 Tunisnews que le pouvoir a                 compris qu\u2019il ne peut plus gouverner seul en Tunisie, ce n\u2019est                 pas les conf\u00e9rences de \u00abBen machins\u00bb \u00e0 Paris, Montr\u00e9al, New York                 ou dans les \u00celes Mokmoks, ou des rencontres avec Sarko, Bush ou                 Ben Tahan qui ont pouss\u00e9 le pouvoir \u00e0 changer d\u2019agissements\u00a0?\u00a0                <script><!--D([\"mb\",\"\\u003c\/font\\>\\u003c\/font\\>\\u003c\/span\\>\\u003c\/div\\>  \\u003cdiv style\\u003d\\\"margin:0cm 0cm 0pt\\\"\\>\\u003cspan\\>\\u003cfont face\\u003d\\\"Trebuchet MS\\\" size\\u003d\\\"3\\\"\\>\u00a0\\u003c\/font\\>\\u003c\/span\\>\\u003c\/div\\>  \\u003cdiv style\\u003d\\\"margin:0cm 0cm 0pt\\\"\\>\\u003cspan\\>\\u003cfont size\\u003d\\\"3\\\"\\>\\u003cfont face\\u003d\\\"Trebuchet MS\\\"\\>Si vous voulez devenir une autre fois ORPHELIN\\u003cspan\\>\u00a0 \\u003c\/span\\>et que vous voulez que votre voix s\u2019\u00e9teigne \u2026. Ne faites rien\u00a0! Et laisser \\u003cb\\>Tunisnews\\u003c\/b\\> mourir en douce et avec honneur \\u003cspan\\>\u00a0\\u003c\/span\\>comme un soldat mort sur le champ de l\u2019oubli\u00a0!\\u003c\/font\\>\\u003c\/font\\>\\u003c\/span\\>\\u003c\/div\\>  \\u003cdiv style\\u003d\\\"margin:0cm 0cm 0pt\\\"\\>\\u003cspan\\>\\u003cfont face\\u003d\\\"Trebuchet MS\\\" size\\u003d\\\"3\\\"\\>\u00a0\\u003c\/font\\>\\u003c\/span\\>\\u003c\/div\\>  \\u003cdiv style\\u003d\\\"margin:0cm 0cm 0pt\\\"\\>\\u003cspan\\>\\u003cfont size\\u003d\\\"3\\\"\\>\\u003cfont face\\u003d\\\"Trebuchet MS\\\"\\>Mais je prie Dieu que la conscience politique de chaque Tunisien (ne) se disant \u00abopposant\u00bb restera perturb\u00e9e jusqu\u2019\u00e0 la lib\u00e9ration du dernier\\n prisonnier politique en Tunisie, jusqu\u2019au retour du dernier exil\u00e9 \u00e0 la m\u00e8re patrie\u00a0! \\u003c\/font\\>\\u003c\/font\\>\\u003c\/span\\>\\u003c\/div\\>  \\u003cdiv style\\u003d\\\"margin:0cm 0cm 0pt\\\"\\>\\u003cspan\\>\\u003cfont face\\u003d\\\"Trebuchet MS\\\" size\\u003d\\\"3\\\"\\>\u00a0\\u003c\/font\\>\\u003c\/span\\>\\u003c\/div\\>  \\u003cdiv style\\u003d\\\"margin:0cm 0cm 0pt\\\"\\>\\u003cspan\\>\\u003cfont size\\u003d\\\"3\\\"\\>\\u003cfont face\\u003d\\\"Trebuchet MS\\\"\\>Je demande \u00e0 l\u2019\u00e9quipe de Tunisnews de publier ma lettre pour susciter le d\u00e9bat et nous permettre de nous parler et de dire les diverses v\u00e9rit\u00e9s pour mieux avancer dans la bataille pour le respect de notre dignit\u00e9\u00a0! \\u003c\/font\\>\\u003c\/font\\>\\u003c\/span\\>\\u003c\/div\\>  \\u003cdiv style\\u003d\\\"margin:0cm 0cm 0pt\\\"\\>\\u003cspan\\>\\u003cfont face\\u003d\\\"Trebuchet MS\\\" size\\u003d\\\"3\\\"\\>\u00a0\\u003c\/font\\>\\u003c\/span\\>\\u003c\/div\\>  \\u003cdiv style\\u003d\\\"margin:0cm 0cm 0pt\\\"\\>\\u003cspan\\>\\u003cfont size\\u003d\\\"3\\\"\\>\\u003cfont face\\u003d\\\"Trebuchet MS\\\"\\>Tunisnews\u00a0: c\u2019est notre\\n station, c\u2019est notre canal, c\u2019est notre outil de communication et c\u2019est notre arme de lib\u00e9ration \u2026 Il nous appartient \u2026 Il vous appartient \u2026. Pouvez-vous manifester votre d\u00e9sir de l\u2019aider, de le soutenir et de le ch\u00e9rir \u2026. \u00abShame \/Honte \/Hchoma\u00bb \u00e0 ceux et celles qui attendent la mise \u00e0 mort\u00a0!\u00a0\\u003cspan\\>\u00a0\\u003c\/span\\>\\u003c\/font\\>\\u003c\/font\\>\\u003c\/span\\>\\u003c\/div\\>  \\u003cdiv style\\u003d\\\"margin:0cm 0cm 0pt\\\"\\>\\u003cspan\\>\\u003cfont size\\u003d\\\"3\\\"\\>\\u003cfont face\\u003d\\\"Trebuchet MS\\\"\\>\\u003cspan\\>\\u003c\/span\\>\\u003c\/font\\>\\u003c\/font\\>\\u003c\/span\\>\u00a0\\u003c\/div\\>  \\u003cdiv style\\u003d\\\"margin:0cm 0cm 0pt\\\"\\>\\u003cspan\\>\\u003cfont size\\u003d\\\"3\\\"\\>\\u003cfont face\\u003d\\\"Trebuchet MS\\\"\\>\",1]);\/\/--><\/script> <\/div>\n<div>                \u00a0<\/div>\n<div>                Si vous voulez devenir une autre fois ORPHELIN\u00a0 et que vous                 voulez que votre voix s\u2019\u00e9teigne \u2026. Ne faites rien\u00a0! Et laisser                <b>Tunisnews<\/b> mourir en douce et avec honneur \u00a0comme un                 soldat mort sur le champ de l\u2019oubli\u00a0!<\/div>\n<div>                \u00a0<\/div>\n<div>                Mais je prie Dieu que la conscience politique de chaque Tunisien                 (ne) se disant \u00abopposant\u00bb restera perturb\u00e9e jusqu\u2019\u00e0 la                 lib\u00e9ration du dernier prisonnier politique en Tunisie, jusqu\u2019au                 retour du dernier exil\u00e9 \u00e0 la m\u00e8re patrie\u00a0!              <\/div>\n<div>                \u00a0<\/div>\n<div>                Je demande \u00e0 l\u2019\u00e9quipe de Tunisnews de publier ma lettre pour                 susciter le d\u00e9bat et nous permettre de nous parler et de dire                 les diverses v\u00e9rit\u00e9s pour mieux avancer dans la bataille pour le                 respect de notre dignit\u00e9\u00a0!              <\/div>\n<div>                \u00a0<\/div>\n<div>                Tunisnews\u00a0: c\u2019est notre station, c\u2019est notre canal, c\u2019est notre                 outil de communication et c\u2019est notre arme de lib\u00e9ration \u2026 Il                 nous appartient \u2026 Il vous appartient \u2026. Pouvez-vous manifester                 votre d\u00e9sir de l\u2019aider, de le soutenir et de le ch\u00e9rir \u2026. \u00abShame                 \/Honte \/Hchoma\u00bb \u00e0 ceux et celles qui attendent la mise \u00e0 mort\u00a0!\u00a0\u00a0<\/div>\n<div>                \u00a0<\/div>\n<div> <script><!--D([\"mb\",\"\\u003cspan\\>Abdo Maalaoui\\u003c\/span\\>\\u003c\/font\\>\\u003c\/font\\>\\u003c\/span\\>\\u003c\/div\\>  \\u003cdiv style\\u003d\\\"margin:0cm 0cm 0pt\\\"\\>\\u003cspan\\>\\u003cfont size\\u003d\\\"3\\\"\\>\\u003cfont face\\u003d\\\"Trebuchet MS\\\"\\>\\u003cspan\\>Montr\u00e9al \/\\n Canada\\u003c\/span\\>\\u003c\/font\\>\\u003c\/font\\>\\u003c\/span\\>\\u003c\/div\\>  \\u003cdiv style\\u003d\\\"margin:0cm 0cm 0pt\\\"\\>\\u003cspan\\>\\u003cfont size\\u003d\\\"3\\\"\\>\\u003cfont face\\u003d\\\"Trebuchet MS\\\"\\>\\u003cspan\\>\\u003ca href\\u003d\\\"mailto:maalaoui@yahoo.com\\\" target\\u003d\\\"_blank\\\" onclick\\u003d\\\"return top.js.OpenExtLink(window,event,this)\\\"\\>maalaoui@yahoo.com\\u003c\/a\\>\\u003c\/span\\>\\u003c\/font\\>\\u003c\/font\\>\\u003c\/span\\>\\u003c\/div\\>\",1]);D([\"mb\",\"\\u003cspan class\\u003dad\\>\\u003cp\\> \\n      \\n\\n      \\u003chr size\\u003d\\\"1\\\"\\> \\nNe gardez plus qu&#39;une seule adresse mail ! \\u003ca href\\u003d\\\"http:\/\/fr.rd.yahoo.com\/mail\/mail_taglines\/trueswitch\/*http:\/\/www.trueswitch.com\/yahoo-fr\/\\\" target\\u003d\\\"_blank\\\" onclick\\u003d\\\"return top.js.OpenExtLink(window,event,this)\\\"\\>Copiez vos mails\\u003c\/a\\> vers Yahoo! Mail \\u003c\/p\\>\\u003c\/span\\>\",0]);D([\"ce\"]);\/\/--><\/script> <\/p>\n<p><strong><font>Abdo Maalaoui<\/font><\/strong><\/p>\n<\/div>\n<div> <strong><font>Montr\u00e9al \/ Canada<\/font><\/strong><\/div>\n<div> <font face=\"Trebuchet MS\" size=\"3\"> <a href=\"mailto:maalaoui@yahoo.com\" onclick=\"return top.js.OpenExtLink(window,event,this)\" target=\"_blank\" rel=\"noopener\"> <u><font face=\"Arial\" size=\"2\">                maalaoui@yahoo.com<\/font><\/u><\/a> <\/p>\n<hr\/>\n<p><\/font> <\/div>\n<div>                \u00a0<\/div>\n<div> <font face=\"Trebuchet MS\" size=\"3\"><font face=\"Arial\" size=\"2\"> <\/p>\n<table border=\"0\" bordercolor=\"#111111\" cellpadding=\"0\" cellspacing=\"0\" width=\"100%\">\n<tr>\n<td>\n<p align=\"center\">\n<p><font size=\"3\">Plus de 40                     avocats pour plaider dans l&rsquo;affaire de la bande arm\u00e9e \u00e0                     Soliman<\/font><\/p>\n<\/p>\n<h3 align=\"center\" style=\"color: blue;\"><font size=\"3\">Ultime                     renvoi au 29 d\u00e9cembre 2007<\/font><\/h3>\n<p>   <script language=\"JavaScript\">\/\/<!-- start Javascript_editor_url = \"\";                     \/\/ URL to htmlarea filesvar win_ie_ver = parseFloat(navigator.appVersion.split(\"MSIE\")[1]);if (navigator.userAgent.indexOf('Mac')       >= 0) { win_ie_ver = 0; }if (navigator.userAgent.indexOf('Windows CE')>= 0) { win_ie_ver = 0; }if (navigator.userAgent.indexOf('Opera')     >= 0) { win_ie_ver = 0; }if (win_ie_ver>= 5.5) {  document.write('<scr' + 'ipt src=\"' +_editor_url+ 'editor.js\" language=\"Javascript\"><\/scr' + 'ipt>');} \/\/ end JavaScript -->                    <\/script> <script language=\"Javascript\" src=\"mhtml:mid:\/\/00000004\/editor.js\"> <\/script> <\/p>\n<p> <span>Tunis le                     Temps\u00a0: Les d\u00e9bats ont repris hier, dans l&rsquo;affaire de la                     bande arm\u00e9e \u00e0 Soliman, devant la quatri\u00e8me chambre                     criminelle pr\u00e8s le tribunal de premi\u00e8re instance de Tunis.<\/span> \u00a0<\/p>\n<p> <span>                    Rappelons que dans cette affaire, dont nous avons relat\u00e9 les                     p\u00e9rip\u00e9ties auparavant, les 30 personnes qui sont impliqu\u00e9es                     sont \u00e2g\u00e9es de 22 \u00e0 42 ans et sont originaires de plusieurs                     villes de la R\u00e9publique dont Sousse, Sidi Bouzid, Bizerte,                     Nabeul, Kasserine, Gab\u00e8s et Tunis.<\/span><\/p>\n<\/td>\n<\/tr>\n<\/table>\n<p> <script language=\"JavaScript\">\/\/<!-- start Javascript_editor_url = \"\";                     \/\/ URL to htmlarea filesvar win_ie_ver = parseFloat(navigator.appVersion.split(\"MSIE\")[1]);if (navigator.userAgent.indexOf('Mac')       >= 0) { win_ie_ver = 0; }if (navigator.userAgent.indexOf('Windows CE')>= 0) { win_ie_ver = 0; }if (navigator.userAgent.indexOf('Opera')     >= 0) { win_ie_ver = 0; }if (win_ie_ver>= 5.5) {  document.write('<scr' + 'ipt src=\"' +_editor_url+ 'editor.js\" language=\"Javascript\"><\/scr' + 'ipt>');}\/\/ end JavaScript -->                <\/script> <script language=\"Javascript\" src=\"mhtml:mid:\/\/00000004\/editor.js\"> <\/script> <\/p>\n<p> <span>\u00a0Ils                 appartiennent \u00e0 toutes les couches sociales, dont notamment des                 fonctionnaires, des \u00e9tudiants et des commer\u00e7ants, outre des sans                 emplois.<\/span> \u00a0<\/p>\n<p> <span>En vertu de                 l&rsquo;arr\u00eat de la chambre d&rsquo;accusation, les chefs d&rsquo;inculpation pour                 lesquels ils sont poursuivis sont les crimes de terrorisme et de                 complot contre la s\u00fbret\u00e9 de l&rsquo;Etat,le trouble \u00e0 l&rsquo;ordre public                 et l&rsquo;incitation \u00e0 la r\u00e9bellion et \u00e0 l&rsquo;insurrection arm\u00e9e, ainsi                 que l&rsquo;atteinte \u00e0 l&rsquo;int\u00e9grit\u00e9 physique\u00a0 l&rsquo;outrage aux agents de                 l&rsquo;Etat pendant l&rsquo;exercice de leur fonction, l&rsquo;homicide                 volontaire et l&rsquo;introduction,le port et l&rsquo;usage prohib\u00e9s d&rsquo;armes                 au sein du territoire.<\/span><\/p>\n<p> <span>Les faits                 remontent au mois de d\u00e9cembre 2006, quand les autorit\u00e9s de                 police ont pu d\u00e9couvrir, apr\u00e8s arrestation des accus\u00e9s, que des                 individus se sont infiltr\u00e9s en Tunisie \u00e0 partir de\u00a0 la fronti\u00e8re                 alg\u00e9rienne, pour introduire un certain nombre d&rsquo;armes de toutes                 sortes, dont des explosifs, et prendre contact avec des groupes                 install\u00e9s \u00e0 Sousse et \u00e0 Tunis, dans le dessein de fabriquer des                 explosifs et de rassembler des \u00e9l\u00e9ments salafistes, pr\u00eats \u00e0                 s&rsquo;engager dans des op\u00e9rations terroristes en vue de l&rsquo;atteinte                 aux personnes et aux biens.<\/span><\/p>\n<p> <span>Rassembl\u00e9s \u00e0                 Djebel T\u00e9bournouK , ils y am\u00e9nag\u00e8rent un camp destin\u00e9 aux                 entra\u00eenements \u00e0 cet effet et s&rsquo;install\u00e8rent dans une grotte dans                 cette montagne.<\/span><\/p>\n<p> <span>Cern\u00e9s par                 la police, ils commenc\u00e8rent \u00e0 ouvrir le feu, obligeant les                 forces de l&rsquo;ordre \u00e0 la riposte.La fusillade\u00a0 se solda par la                 mort de 12 terroristes. Plusieurs agents de l&rsquo;ordre ont \u00e9t\u00e9                 atteints, dont un capitaine bless\u00e9 \u00e0 la cuisse et un agent                 touch\u00e9 \u00e0 la poitrine.<\/span><\/p>\n<p> <span>\u00a0Arr\u00eat\u00e9s,                 les 30 accus\u00e9s qui ont fait l&rsquo;objet de mandat de d\u00e9p\u00f4t ont                 reconnu lors de leur comparution devant le juge d&rsquo;instruction,                 les faits incrimin\u00e9s dont, la constitution d&rsquo;une bande arm\u00e9e                 baptis\u00e9e \u00a0\u00bb les soldats de Assad Ibn Al Fourat \u00a0\u00bb et dont les                 membres ont \u00e9t\u00e9 soumis aux entra\u00eenements n\u00e9cessaires en vue de                 se pr\u00e9parer \u00e0 de multiples op\u00e9rations terroristes.<\/span><\/p>\n<p> <span>A l&rsquo;audience                 du 15 d\u00e9cembre dernier, les avocats de la d\u00e9fense avaient                 demand\u00e9 le renvoi de l&rsquo;affaire. Cependant le pr\u00e9sident du                 tribunal avait proc\u00e9d\u00e9 \u00e0 la lecture de l&rsquo;arr\u00eat de la chambre                 d&rsquo;accusation, et \u00e0 l&rsquo;interrogatoire de 5 parmi les accus\u00e9s, les                 25 restant ayant refus\u00e9 de quitter la ge\u00f4le pour ne pas assister                 \u00e0 l&rsquo;audience. Ce qui a \u00e9t\u00e9 consid\u00e9r\u00e9 par le tribunal comme \u00e9tant                 un refus de se soumettre \u00e0 l&rsquo;interrogatoire.<\/span><\/p>\n<p> <span>A l&rsquo;audience                 d&rsquo;hier, les 7 avocats de la partie civile qui repr\u00e9sentent les                 h\u00e9ritiers des victimes, qui sont un capitaine et un agent de la                 s\u00fbret\u00e9 nationale, d\u00e9clar\u00e8rent qu&rsquo;ils \u00e9taient pr\u00eats \u00e0 plaider                 pour leurs clients.<\/span><\/p>\n<p> <span>Par ailleurs                 les 36 avocats repr\u00e9sentant les accus\u00e9s ont demand\u00e9 le renvoi de                 l&rsquo;affaire afin de pr\u00e9parer les moyens de leur d\u00e9fense.<\/span><\/p>\n<p> <span>Le b\u00e2tonnier                 de l&rsquo;ordre des avocats , a pr\u00e9sent\u00e9 au tribunal un certain                 nombre de demandes , dont notamment le renvoi de l&rsquo;affaire \u00e0 un                 d\u00e9lai suffisant afin de permettre \u00e0 ses confr\u00e8res de consulter                 les documents du dossier et de pr\u00e9parer les moyens de leur                 d\u00e9fense comme il se doit, ainsi que de pouvoir visiter leurs                 clients en prison.<\/span><\/p>\n<p> <span>Le pr\u00e9sident                 du tribunal fit remarquer qu&rsquo;il y a plusieurs copies du dossier,                 que les avocats peuvent consulter \u00e0 leur guise aupr\u00e8s du greffe                 du tribunal et que par ailleurs 8 avocats ont pu visiter les                 accus\u00e9s en prison.<\/span><\/p>\n<p> <span>Quant au                 substitut du procureur, il s&rsquo;opposa au renvoi de l&rsquo;affaire,                 demand\u00e9 par la d\u00e9fense.<\/span><\/p>\n<p> <span>Apr\u00e8s                 d\u00e9lib\u00e9rations, le tribunal a d\u00e9cid\u00e9 un ultime renvoi de                 l&rsquo;affaire au 29 d\u00e9cembre courant.<\/span><\/p>\n<p> <b><span>M.G<\/span><\/b><\/p>\n<p>                \u00a0<\/p>\n<p> <b> <span lang=\"FR\"> <strong><font face=\"Arial\">(Source\u00a0: \u00ab\u00a0Le Temps\u00a0\u00bb (Quotidien \u2013                 Tunis), le\u00a023 d\u00e9cembre 2007)<\/font><\/strong><\/span><\/b><\/p>\n<p> <span lang=\"FR\"> <\/p>\n<p> <strong><\/strong><\/p>\n<hr\/>\n<p>\u00a0<\/p>\n<p> <font face=\"Arial\"> <\/p>\n<div align=\"center\">\n<p><font face=\"Arial\"><strong> <font>Sant\u00e9 infantile<\/font>                   La malnutrition, un probl\u00e8me qui se pose avec acuit\u00e9 dans le                   Sud-Ouest<\/strong><\/font><\/p>\n<\/div>\n<p> <font face=\"Arial\" size=\"2\"> <\/p>\n<div align=\"justify\"> <font>La prise en charge de la sant\u00e9 des                   enfants est l&rsquo;une des priorit\u00e9s de notre pays. La Tunisie a,                   en fait, r\u00e9ussi d&rsquo;\u00e9radiquer des maladies dangereuses aupr\u00e8s de                   la tranche d&rsquo;\u00e2ge de moins de cinq ans gr\u00e2ce \u00e0 la vaccination.                   La bonne nutrition de cette population demeure actuellement                   l&rsquo;une de nos priorit\u00e9s et ce \u00e0 travers l&rsquo;adoption d&rsquo;un                   comportement sain et \u00e9quilibr\u00e9 d\u00e8s le jeune \u00e2ge.                   \u00a0En d\u00e9pit des r\u00e9sultats enregistr\u00e9s dans ce cadre, beaucoup                   reste \u00e0 faire, selon le rapport du recensement aux indicateurs                   multiples conduit l&rsquo;ann\u00e9e derni\u00e8re par l&rsquo;ONFP en collaboration                   avec l&rsquo;UNICEF et le Projet Pan Arabe sur la Sant\u00e9 de la                   Famille sous la houlette de la Ligue Arabe (PAPFAM). Les                   indicateurs d\u00e9montrent que le probl\u00e8me de malnutrition se pose                   dans les zones rurales et de mani\u00e8re accrue dans la r\u00e9gion du                   Sud-Ouest. A signaler que la majorit\u00e9 des enfants \u00e2g\u00e9s de                   moins de cinq ans sont d&rsquo;origine rurale soit 7,3 % contre 6,7                   % qui r\u00e9sident dans les zones urbaines.                    Les orientations du gouvernement doivent \u00eatre concentr\u00e9es sur                   cette population car c&rsquo;est l\u00e0 o\u00f9 le b\u00e2t blesse.                    En Tunisie, nous parlons de plus en plus du probl\u00e8me d&rsquo;ob\u00e9sit\u00e9                   et du comportement alimentaire non di\u00e9t\u00e9tique adopt\u00e9 par la                   population. D&rsquo;ailleurs, l&rsquo;Institut National de Nutrition                   lancera dans quelques jours une strat\u00e9gie nationale pour                   lutter contre ce ph\u00e9nom\u00e8ne qui ne cesse de gagner du terrain                   d&rsquo;o\u00f9 le risque de faire appara\u00eetre des maladies aux                   cons\u00e9quences lourdes comme l&rsquo;hypertension, les maladies                   cardiovasculaires et le diab\u00e8te&#8230; En faisant une petite                   lecture de cette information, nous constatons que le probl\u00e8me                   de nutrition ne se pose plus dans notre pays. Les sp\u00e9cialistes                   parlent m\u00eame de surconsommation.                    Toutefois, nous continuons \u00e0 enregistrer des probl\u00e8mes de                   nutrition, voire la malnutrition aupr\u00e8s d&rsquo;une population tr\u00e8s                   jeune et fragile, celle qui est \u00e2g\u00e9e de moins cinq ans. Le                   rapport du recensement aux indicateurs multiples sur la                   population tunisienne, r\u00e9alis\u00e9 par l&rsquo;ONFP en collaboration                   avec l&rsquo;UNCEF et le PAPFAM a r\u00e9v\u00e9l\u00e9 que 3 % des enfants \u00e2g\u00e9s de                   moins de cinq ans souffrent d&rsquo;une baisse au niveau du poids                   alors que ceux qui ont une baisse aigu\u00eb, sont de l&rsquo;ordre de                   0,3 %. Ce taux se pose le plus pour les enfants issus des                   zones rurales car 4,7 % d&rsquo;entre eux souffrent du premier                   probl\u00e8me et 2,1 % ont une chute tr\u00e8s aigu\u00eb du poids. Mais le                   talon d&rsquo;Achille, demeurent les r\u00e9gions du Sud-Ouest avec 6,5                   %. A signaler dans ce cadre que la majorit\u00e9 de cette                   population vit dans les zones rurales avec 7,3 % contre 6,7 %                   dans les r\u00e9gions urbaines. Accorder plus d&rsquo;attention \u00e0 cette                   frange de la soci\u00e9t\u00e9 est ainsi primordial.                   \u00a0                   <strong>Probl\u00e8me de croissance<\/strong>                   Toujours dans le m\u00eame contexte, le rapport a \u00e9tudi\u00e9 une autre                   question ; le retard de la croissance ou la proportion de la                   longueur par rapport \u00e0 l&rsquo;\u00e2ge. Plus de 6 % des enfants ne se                   d\u00e9veloppement pas de fa\u00e7on ordinaire. Le rapport soul\u00e8ve que                   le probl\u00e8me est localis\u00e9 de mani\u00e8re accrue aupr\u00e8s de 1,2 % des                   \u00e2g\u00e9s de moins de cinq ans. Idem pour les enfants des r\u00e9gions                   du Sud-Ouest qui sont les plus touch\u00e9s, viennent, tout juste                   apr\u00e8s ceux qui sont issus du Nord-Ouest. Cependant, les                   enfants de Kasserine ne se d\u00e9veloppement pas normalement, soit                   13,6 % font face \u00e0 cette tare. Quant \u00e0 la minceur, le poids                   par rapport \u00e0 la longueur, elle est de l&rsquo;ordre de 2,1 %. La                   minceur aigu\u00eb est remarqu\u00e9e 0,3 % des enfants, toujours                   d&rsquo;apr\u00e8s les r\u00e9sultats du rapport qui a pr\u00e9cis\u00e9 que les                   indicateurs se sont am\u00e9lior\u00e9s en comparaison par rapport \u00e0                   d&rsquo;autres p\u00e9riodes. Il insiste parall\u00e8lement sur l&rsquo;importance                   de multiplier les efforts dans le domaine et ce en offrant la                   nourriture n\u00e9cessaire \u00e0 cette population. Il est \u00e9galement                   primordial d&rsquo;assurer l&rsquo;eau potable \u00e0 cette frange de la                   population et d&rsquo;am\u00e9liorer les r\u00e9seaux d&rsquo;assainissement pour                   am\u00e9liorer les indicateurs de la sant\u00e9 des enfants.                   L&rsquo;allaitement naturel est parmi les solutions recommand\u00e9es                   outre la sensibilisation des parents sur la culture du                   comportement alimentaire. Mais serions-nous capables                   d&rsquo;enraciner cette notion aupr\u00e8s des m\u00e8res qui sont en leur                   majorit\u00e9 de formation primaire avec 37,6 % ou carr\u00e9ment                   analphab\u00e8tes, soit 29,6 % ? pour ce qui est du taux des m\u00e8res                   de formation universitaire, il ne d\u00e9passe pas les 5,8 %. La                   t\u00e2che sera tr\u00e8s difficile tout en sachant que 18, 4 des mamans                   travaillent et qu&rsquo;elles confient leur prog\u00e9niture aux cr\u00e8ches                   et aux garderies. La nutrition dans ces \u00e9tablissements                   r\u00e9pond-t-elle vraiment aux crit\u00e8res sanitaires ? Est-elle                   \u00e9quilibr\u00e9e ?<\/font> <font><strong>Sana FARHAT<\/strong><\/font><\/div>\n<div align=\"justify\">                  \u00a0<\/div>\n<div align=\"justify\"> <span lang=\"FR\"> <strong><font face=\"Arial\">(Source\u00a0: \u00ab\u00a0Le Temps\u00a0\u00bb (Quotidien \u2013                   Tunis), le\u00a023 d\u00e9cembre 2007)<\/font><\/strong><\/span><\/div>\n<p> <\/font><\/font><\/span><\/font> <\/font><\/div>\n<div>\n<hr\/>\n<div align=\"center\">\n<h3 style=\"color: blue;\"><font face=\"Arial\"><strong>Deux personnes                   soup\u00e7onn\u00e9es d&rsquo;\u00eatre li\u00e9es \u00e0 Al-Qa\u00efda mises en examen<\/strong><\/font><\/h3>\n<\/div>\n<div align=\"justify\"> <font face=\"Arial\" size=\"2\">AP | 22.12.2007 | 19:54                   Un Fran\u00e7ais et un Alg\u00e9rien, soup\u00e7onn\u00e9s d&rsquo;\u00eatre proches de la                   branche d&rsquo;Al-Qa\u00efda au Maghreb islamique (AQMI, ex-GSPC                   alg\u00e9rien), ont \u00e9t\u00e9 mis en examen samedi pour association de                   malfaiteurs en relation avec une entreprise terroriste et                   \u00e9crou\u00e9s en r\u00e9gion parisienne, a-t-on appris de source                   judiciaire.                   Trois autres personnes, qui avaient \u00e9t\u00e9 plac\u00e9es en garde \u00e0 vue                   avec ces deux hommes plus t\u00f4t cette semaine \u00e0 la Direction de                   la surveillance du territoire (DST), ont \u00e9t\u00e9 lib\u00e9r\u00e9es. Trois                   autres personnes interpell\u00e9es avec eux mardi en r\u00e9gion                   parisienne et pr\u00e8s de Rouen avaient d\u00e9j\u00e0 \u00e9t\u00e9 remises en                   libert\u00e9.                   Les enqu\u00eateurs de la DST agissaient dans le cadre d&rsquo;une                   commission rogatoire d&rsquo;un juge antiterroriste, qui soup\u00e7onnait                   ce groupe compos\u00e9 de Fran\u00e7ais et de Maghr\u00e9bins de fournir du                   mat\u00e9riel informatique et de t\u00e9l\u00e9communications \u00e0 des membres                   de l&rsquo;organisation en Alg\u00e9rie. Des ordinateurs ont \u00e9t\u00e9 saisis                   au domicile des suspects. <\/font> <\/div>\n<div align=\"justify\"> <b><font face=\"Arial\" size=\"2\">AP<\/font><\/b><\/div>\n<p> <font face=\"Arial\" size=\"2\"> <\/font><\/div>\n<\/p><\/div>\n<\/p><\/div>\n<\/p><\/div>\n<\/p><\/div>\n<p>       \u00a0<\/p>\n<\/div>\n<p> <\/font><\/div>\n<\/div>\n<p><\/font><\/p>\n<hr\/>\n<p align=\"center\">\u00a0<\/p>\n<p align=\"center\"><b><a href=\"http:\/\/www.tunisnews.net\"><span>Home<\/span><span lang=\"FR-CH\"> &#8211; Accueil <\/span><span>&#8211; <\/span><span dir=\"rtl\" lang=\"AR-SA\">\u0627\u0644\u0631\u0626\u064a\u0633\u064a\u0629<\/span><\/a><\/b><\/p>\n<p align=\"center\"><b><span dir=\"rtl\" lang=\"AR-SA\">\u00a0<\/span><\/b><\/p>\n<p><\/body><\/body><\/html><\/p>\n","protected":false},"excerpt":{"rendered":"<p>Home &#8211; Accueil &#8211; TUNISNEWS 8\u00a0\u00e8me\u00a0ann\u00e9e, N\u00b05\u00a02769 du 23.12.2007 \u00a0archives : www.tunisnews.net Human Rights Watch: Le gouvernement doit cesser de harceler des groupes \u00ab non reconnus \u00bb de d\u00e9fense des droits humains Human Rights Watch : Letter to Tunisian President Zine el-Abidine Ben Ali on the Detention of Samir Ben Amor Abdo Maalaoui: Tunisnews : [&hellip;]<\/p>\n","protected":false},"author":1,"featured_media":22040,"comment_status":"open","ping_status":"open","sticky":false,"template":"","format":"standard","meta":{"inline_featured_image":false,"site-sidebar-layout":"default","site-content-layout":"","ast-site-content-layout":"default","site-content-style":"default","site-sidebar-style":"default","ast-global-header-display":"","ast-banner-title-visibility":"","ast-main-header-display":"","ast-hfb-above-header-display":"","ast-hfb-below-header-display":"","ast-hfb-mobile-header-display":"","site-post-title":"","ast-breadcrumbs-content":"","ast-featured-img":"","footer-sml-layout":"","ast-disable-related-posts":"","theme-transparent-header-meta":"","adv-header-id-meta":"","stick-header-meta":"","header-above-stick-meta":"","header-main-stick-meta":"","header-below-stick-meta":"","astra-migrate-meta-layouts":"default","ast-page-background-enabled":"default","ast-page-background-meta":{"desktop":{"background-color":"","background-image":"","background-repeat":"repeat","background-position":"center center","background-size":"auto","background-attachment":"scroll","background-type":"","background-media":"","overlay-type":"","overlay-color":"","overlay-opacity":"","overlay-gradient":""},"tablet":{"background-color":"","background-image":"","background-repeat":"repeat","background-position":"center center","background-size":"auto","background-attachment":"scroll","background-type":"","background-media":"","overlay-type":"","overlay-color":"","overlay-opacity":"","overlay-gradient":""},"mobile":{"background-color":"","background-image":"","background-repeat":"repeat","background-position":"center center","background-size":"auto","background-attachment":"scroll","background-type":"","background-media":"","overlay-type":"","overlay-color":"","overlay-opacity":"","overlay-gradient":""}},"ast-content-background-meta":{"desktop":{"background-color":"var(--ast-global-color-5)","background-image":"","background-repeat":"repeat","background-position":"center center","background-size":"auto","background-attachment":"scroll","background-type":"","background-media":"","overlay-type":"","overlay-color":"","overlay-opacity":"","overlay-gradient":""},"tablet":{"background-color":"var(--ast-global-color-5)","background-image":"","background-repeat":"repeat","background-position":"center center","background-size":"auto","background-attachment":"scroll","background-type":"","background-media":"","overlay-type":"","overlay-color":"","overlay-opacity":"","overlay-gradient":""},"mobile":{"background-color":"var(--ast-global-color-5)","background-image":"","background-repeat":"repeat","background-position":"center center","background-size":"auto","background-attachment":"scroll","background-type":"","background-media":"","overlay-type":"","overlay-color":"","overlay-opacity":"","overlay-gradient":""}},"footnotes":""},"categories":[],"tags":[64,38,29],"class_list":["post-18517","post","type-post","status-publish","format-standard","has-post-thumbnail","hentry","tag-64","tag-38","tag-fr"],"_links":{"self":[{"href":"https:\/\/tunisnews.net\/ar\/wp-json\/wp\/v2\/posts\/18517","targetHints":{"allow":["GET"]}}],"collection":[{"href":"https:\/\/tunisnews.net\/ar\/wp-json\/wp\/v2\/posts"}],"about":[{"href":"https:\/\/tunisnews.net\/ar\/wp-json\/wp\/v2\/types\/post"}],"author":[{"embeddable":true,"href":"https:\/\/tunisnews.net\/ar\/wp-json\/wp\/v2\/users\/1"}],"replies":[{"embeddable":true,"href":"https:\/\/tunisnews.net\/ar\/wp-json\/wp\/v2\/comments?post=18517"}],"version-history":[{"count":0,"href":"https:\/\/tunisnews.net\/ar\/wp-json\/wp\/v2\/posts\/18517\/revisions"}],"wp:featuredmedia":[{"embeddable":true,"href":"https:\/\/tunisnews.net\/ar\/wp-json\/wp\/v2\/media\/22040"}],"wp:attachment":[{"href":"https:\/\/tunisnews.net\/ar\/wp-json\/wp\/v2\/media?parent=18517"}],"wp:term":[{"taxonomy":"category","embeddable":true,"href":"https:\/\/tunisnews.net\/ar\/wp-json\/wp\/v2\/categories?post=18517"},{"taxonomy":"post_tag","embeddable":true,"href":"https:\/\/tunisnews.net\/ar\/wp-json\/wp\/v2\/tags?post=18517"}],"curies":[{"name":"wp","href":"https:\/\/api.w.org\/{rel}","templated":true}]}}