{"id":18491,"date":"2006-09-22T00:00:00","date_gmt":"2006-09-22T00:00:00","guid":{"rendered":"https:\/\/tunisnews.net\/22-septembre-2006\/"},"modified":"2006-09-22T00:00:00","modified_gmt":"2006-09-22T00:00:00","slug":"22-septembre-2006","status":"publish","type":"post","link":"https:\/\/tunisnews.net\/ar\/22-septembre-2006\/","title":{"rendered":"22 septembre 2006"},"content":{"rendered":"<p><html><head><meta content=\"text\/html\" description=\"    L'observation du croissant de lune qui fixe le d\u00e9but du mois musulman n'a     pas \u00e9t\u00e9 possible en Tunisie au cr\u00e9puscule de vendredi, ce qui renvoie le     d\u00e9but du je\u00fbne \u00e0 dimanche, a indiqu\u00e9 le mufti.\" http-equiv=\"Content-Type\"\/><\/head><body><body style=\"text-align: justify\"><font face=\"Arial\" size=\"2\"><\/p>\n<div>  \u00a0<\/div>\n<p><\/font><\/p>\n<p><b><a href=\"https:\/\/tunisnews.net\/ar\/\"><span>Home<\/span><span lang=\"FR-CH\"> &#8211; Accueil <\/span><span>&#8211; <\/span><span dir=\"rtl\" lang=\"AR-SA\">\u0627\u0644\u0631\u0626\u064a\u0633\u064a\u0629<\/span><\/a><\/b><\/p>\n<p><font face=\"Arial\" size=\"2\"><\/p>\n<div>\n<table border=\"1\" width=\"100%\">\n<tr>\n<td bgcolor=\"#efefef\" width=\"100%\"> <span lang=\"AR-SA\"> <\/p>\n<div align=\"left\">  <\/div>\n<div> <span lang=\"FR\"> <\/p>\n<div align=\"center\" dir=\"ltr\"> <font face=\"Arial\"><font size=\"2\"> <span lang=\"SV\"> <strong>TUNISNEWS<\/strong><\/span> <\/font><\/font> <\/div>\n<div align=\"center\" dir=\"ltr\"> <strong><font face=\"Arial\"><font size=\"2\">7\u00a0\u00e8me\u00a0ann\u00e9e,          <span lang=\"FR\">N\u00b0\u00a02314 du 22.09.2006<\/span><\/font><\/font><\/strong><\/div>\n<div align=\"center\" dir=\"ltr\"> <strong> <\/p>\n<div align=\"center\"> <b><span><blink> <font face=\"Arial\" size=\"2\">\u00a0archives : <\/font> <a href=\"https:\/\/tunisnews.net\/ar\/\" target=\"_blank\" rel=\"noopener\"> <font face=\"Arial\" size=\"2\" target=\"_blank\">            www.tunisnews.net<\/font><\/a><\/blink><\/span><\/b><font face=\"Arial\" size=\"2\"> <\/font> <\/div>\n<p> <\/strong><\/div>\n<p> <\/span><\/div>\n<p> <font face=\"Arial\"> <\/p>\n<div align=\"left\" dir=\"ltr\"> <font size=\"2\"><\/p>\n<hr noshade=\"\" size=\"8\"\/> <\/font> <\/div>\n<div align=\"left\" dir=\"ltr\"> <font size=\"2\"> <span lang=\"FR\"> <\/p>\n<div align=\"left\"> <span lang=\"FR\"><font size=\"3\"> <\/p>\n<div> <font size=\"2\"> <\/p>\n<div> <font face=\"Arial\" size=\"2\"> <\/p>\n<div>\n<p><font> <\/p>\n<div> <strong>AP: Le mois de je\u00fbne commence dimanche en Tunisie                   <font>Le Monde: Portrait &#8211; Mohamed Talbi,                   libre penseur de l&rsquo;Islam<\/font>                   AFP:AIEA: les Etats arabes poussent leur r\u00e9solution contre                   Isra\u00ebl                   <font>Associated Press:Des milliers de                   Palestiniens manifestent contre le pape<\/font><\/strong> <font face=\"Arial\"> <o:p><font> <\/font><\/o:p><\/font><\/div>\n<p> <\/font><\/p>\n<\/div>\n<p> <\/font><\/div>\n<p> <\/font><\/div>\n<p> <\/font><\/span><\/div>\n<p> <\/span><\/font><\/div>\n<p> <\/font> <\/span><\/td>\n<\/tr>\n<\/table>\n<\/div>\n<div> <font><\/font>\u00a0<\/div>\n<div align=\"center\" dir=\"ltr\">  \u00a0<\/p>\n<p><font><a href=\"http:\/\/www.nawaat.org\/forums\/index.php?showtopic=11741\" target=\"_blank\" rel=\"noopener\"><strong>Cliquez   ici<\/strong><\/a><strong> pour acc\u00e9der au reportage exceptionnel de l&rsquo;AISPP sur   la catastrophe humanitaire   des prisonniers politiques Tunisiens<\/strong>\u00a0<\/font><\/p>\n<\/div>\n<p><font><\/p>\n<div align=\"left\" dir=\"ltr\">\n<hr\/>\n<\/div>\n<div align=\"left\" dir=\"ltr\">  \u00a0  <\/p>\n<div align=\"center\">\n<h2 style=\"color: red;\"><font size=\"3\"><strong>Le mois de je\u00fbne commence dimanche en     Tunisie<\/strong><\/font><\/h2>\n<p> \u00a0<\/p><\/div>\n<div align=\"center\">    \u00a0<\/div>\n<div align=\"justify\" dir=\"ltr\">    TUNIS, 22 sept 2006 (AFP) &#8211;      Le mois de je\u00fbne musulman du ramadan d\u00e9butera dimanche en Tunisie, a annonc\u00e9     vendredi soir le mufti de la R\u00e9publique, Kameleddine Jaiet cit\u00e9 par la     t\u00e9l\u00e9vision tunisienne.     L&rsquo;observation du croissant de lune qui fixe le d\u00e9but du mois musulman n&rsquo;a     pas \u00e9t\u00e9 possible en Tunisie au cr\u00e9puscule de vendredi, ce qui renvoie le     d\u00e9but du je\u00fbne \u00e0 dimanche, a indiqu\u00e9 le mufti.     Pendant le mois de Ramadan comm\u00e9morant la r\u00e9v\u00e9lation du Coran \u00e0 Mahomet, les     croyants doivent, du lever au coucher du soleil, s&rsquo;abstenir de manger, de     boire, de fumer et d&rsquo;avoir des relations sexuelles.<\/div>\n<\/div>\n<div align=\"left\" dir=\"ltr\">\n<hr\/>\n<\/div>\n<div align=\"left\" dir=\"ltr\">\n<div align=\"center\"> <font size=\"3\"><strong>Mariages mixtes<\/strong><\/font><\/div>\n<div>    \u00a0<\/div>\n<div align=\"justify\">         \u00a0Prenant de moins en moins les allures d&rsquo;une h\u00e9r\u00e9sie, le mariage des     Tunisiennes avec des conjoints de religion diff\u00e9rente, notamment chr\u00e9tienne,     sans \u00eatre totalement accept\u00e9 par les parents, n&rsquo;en fait pas moins\u00a0 des     \u00e9mules parmi notre gente f\u00e9minine.     \u00a0     Au hit parade des \u00e9poux ainsi choisis, figurent les Fran\u00e7ais, suivis des     Italiens, puis des Belges, des Suisses, des Hollandais&#8230; \u00e9tant not\u00e9 que,     entre l&rsquo;ann\u00e9e 2000 et Septembre 2006 , pas moins de 2364 d&rsquo;entre eux se sont     convertis \u00e0 l&rsquo;Islam pour pouvoir convoler en justes noces .     \u00a0     <font><strong>(Source : \u00ab le Temps \u00bb du 22 septembre 2006)<\/strong><\/font><\/div>\n<div align=\"justify\">\n<hr\/><\/div>\n<div align=\"justify\">    \u00a0<\/div>\n<div align=\"justify\"> <font> <\/p>\n<div align=\"center\"> <strong><font>Portrait<\/font><\/strong> <strong><\/p>\n<h2 style=\"color: red;\"><font size=\"3\">Mohamed Talbi, libre penseur de       l&rsquo;Islam<\/font><\/h2>\n<p><\/strong><\/div>\n<div align=\"justify\">             LE MONDE | 22.09.06 | 15h29\u00a0 \u2022\u00a0 Mis \u00e0 jour le 22.09.06 | 15h29              Beno\u00eet XVI a le droit, \u00ab\u00a0comme tout le monde\u00a0\u00bb, de s&rsquo;exprimer. Mohamed Talbi       n&rsquo;a d&rsquo;ailleurs pas \u00e9t\u00e9 vraiment surpris par les propos du pape \u00e0       Ratisbonne. \u00ab\u00a0Je connaissais les \u00e9crits de celui qui a \u00e9t\u00e9 le cardinal       Ratzinger. Je savais que, pour lui, comme pour beaucoup d&rsquo;Occidentaux,       l&rsquo;islam est synonyme de violence, et je le d\u00e9plore, dit-il tranquillement.       Mais la libert\u00e9 ne se divise pas. Le pape a eu raison de donner son       opinion sur l&rsquo;islam, avec franchise et sinc\u00e9rit\u00e9.\u00a0\u00bb\u00a0       \u00a0       En mati\u00e8re de libert\u00e9, Mohamed Talbi ne fait pas dans la demi-mesure. A 85       ans, l&rsquo;homme est un curieux m\u00e9lange d&rsquo;intransigeance et de tol\u00e9rance. On       le dit de plus en plus radical. Peut-\u00eatre est-ce plut\u00f4t qu&rsquo;il ne fait plus       la moindre concession. L&rsquo;historien a attendu d&rsquo;\u00eatre au soir de sa vie pour       entrer en dissidence. \u00ab\u00a0Pas de politique\u00a0\u00bb a \u00e9t\u00e9 sa profession de foi       pendant des ann\u00e9es. Mais comment respecter ce credo lorsqu&rsquo;on est un homme       de foi et de conviction ?       Longtemps, cet agr\u00e9g\u00e9 d&rsquo;arabe, sp\u00e9cialiste du Moyen Age au Maghreb, a cru       pouvoir composer avec le pouvoir, au motif qu&rsquo;il \u00e9tait un serviteur de       l&rsquo;Etat. En 1989, il chavire. Ce qu&rsquo;il avait support\u00e9 d&rsquo;Habib Bourguiba, le       lib\u00e9rateur de la nation devenu un dictateur, Mohamed Talbi ne le supporte       plus de son successeur, Zine El-Abidine Ben Ali, pr\u00e9sident de la       R\u00e9publique depuis 1987.       Lorsqu&rsquo;on lui refuse le droit de lancer une revue consacr\u00e9e \u00e0 une       interpr\u00e9tation moderne de l&rsquo;islam, puis qu&rsquo;on interdit en Tunisie l&rsquo;un de       ses ouvrages, Iyal Allah (La Famille de Dieu), l&rsquo;universitaire admet qu&rsquo;il       ne peut plus continuer \u00e0 dresser des barri\u00e8res entre son travail de       chercheur et la vie de la cit\u00e9. En 1993, il abandonne la derni\u00e8re des       fonctions officielles qu&rsquo;il d\u00e9tenait encore, celle de pr\u00e9sident du Comit\u00e9       culturel national. \u00ab\u00a0J&rsquo;ai vir\u00e9 et on m&rsquo;a vir\u00e9\u00a0\u00bb, r\u00e9sume-t-il, assis dans son       salon aux murs couverts de livres, dans le quartier du Bardo, \u00e0 Tunis. En       1995, il entre au Conseil national pour les libert\u00e9s en Tunisie (CNLT, non       reconnu). Une association, pas un parti. \u00ab\u00a0Je n&rsquo;ai jamais adh\u00e9r\u00e9 \u00e0 un       parti, dit-il. La libert\u00e9 est la dimension structurante de ma pens\u00e9e.\u00a0\u00bb       Mohamed Talbi va alors consacrer sa vie aux libert\u00e9s, sans renoncer \u00e0 sa       sp\u00e9cificit\u00e9 : la r\u00e9novation de la pens\u00e9e musulmane. Si le pouvoir tunisien       l&rsquo;a dans le collimateur, il ne le harc\u00e8le pas. L&rsquo;historien est surveill\u00e9,       mais il n&rsquo;est ni jet\u00e9 en prison ni rudoy\u00e9 par la police. On se contente       d&rsquo;\u00e9touffer sa voix et d&rsquo;interdire ceux de ses livres qui paraissent trop       audacieux, comme Penseur libre en Islam (Albin Michel, 2002), analyse de       l&rsquo;\u00e9chec de la d\u00e9mocratie dans le monde arabe et d\u00e9nonciation du r\u00e9gime Ben       Ali. Beaucoup, en Tunisie, d\u00e9plorent que des r\u00e9formateurs tels que lui,       Hichem Ja\u00eft, Abdelmajid Charfi, ou encore H&rsquo;Mida En-Nayfer, soient \u00e9cart\u00e9s       par le pouvoir. Plut\u00f4t que de mener, depuis maintenant plus de quinze ans,       la chasse aux islamistes, pourquoi ne pas tenter un travail en profondeur       avec ces partisans de l&rsquo;islam des Lumi\u00e8res ? \u00ab\u00a0Parce que les autorit\u00e9s       tunisiennes se m\u00e9fient de personnalit\u00e9s aussi autonomes\u00a0\u00bb, r\u00e9pond       l&rsquo;universitaire Sana Ben Achour.       En Europe, ce pionnier du dialogue interreligieux a \u00e9t\u00e9 tr\u00e8s en vue dans       les ann\u00e9es 1970 avant de tomber dans l&rsquo;oubli. Ses positions ont fini par       indisposer. Il \u00e9tait de plus en plus pol\u00e9mique \u00e0 l&rsquo;\u00e9gard des chr\u00e9tiens,       auxquels il reproche de ne pas pousser assez loin leur r\u00e9flexion sur       l&rsquo;islam. \u00ab\u00a0Je comprends les r\u00e9actions de Talbi, m\u00eame si je ne les partage       pas toujours. Son sens de la justice et sa qu\u00eate de la v\u00e9rit\u00e9 le       conduisent parfois \u00e0 des jugements excessifs. Mais c&rsquo;est un homme sinc\u00e8re,       fondamentalement croyant et profond\u00e9ment attach\u00e9 au message du Coran\u00a0\u00bb,       souligne l&rsquo;un de ses amis, le P\u00e8re Michel Lelong.       Mohamed Talbi est aujourd&rsquo;hui ignor\u00e9 du grand public, en France comme en       Tunisie. Seul ou presque, l&rsquo;hebdomadaire Jeune Afrique n&rsquo;a de cesse de       faire conna\u00eetre ses id\u00e9es. Lui finit en ce moment m\u00eame de r\u00e9diger ce qui       sera un peu son testament spirituel. Dans cet ouvrage de 400 pages, il       clame une fois encore que \u00ab\u00a0l&rsquo;islam est libert\u00e9\u00a0\u00bb et qu&rsquo;il est \u00ab\u00a0tout \u00e0 fait       compatible\u00a0\u00bb avec la d\u00e9mocratie et la modernit\u00e9. La charia (loi islamique)       est une \u00ab\u00a0production humaine\u00a0\u00bb qui n&rsquo;a \u00ab\u00a0rien \u00e0 voir\u00a0\u00bb avec l&rsquo;islam,       mart\u00e8le-t-il. Les musulmans doivent \u00ab\u00a0se d\u00e9livrer\u00a0\u00bb de ces textes juridiques       apparus deux si\u00e8cles apr\u00e8s le Proph\u00e8te et qui donnent de leur religion une       image d&rsquo;\u00e9pouvante. Jamais le Livre saint n&rsquo;a recommand\u00e9 de couper la main       des voleurs ou de lapider les femmes adult\u00e8res ! \u00ab\u00a0Seul, le Coran oblige\u00a0\u00bb,       r\u00e9p\u00e8te-t-il inlassablement.       Si l&rsquo;islamologue tunisien s&rsquo;oppose avec force \u00e0 toutes les interpr\u00e9tations       pass\u00e9istes de l&rsquo;islam &#8211; le salafisme, le wahhabisme, en particulier -, il       combat avec autant d&rsquo;\u00e9nergie la d\u00e9sacralisation du Coran. R\u00e9nover la       pens\u00e9e musulmane, ce n&rsquo;est pas pr\u00f4ner \u00ab\u00a0un islam la\u00efque, un islam sans Dieu\u00a0\u00bb,       insiste-t-il. Mohamed Talbi n&rsquo;est pas tendre envers ces \u00ab\u00a0d\u00e9sislamis\u00e9s\u00a0\u00bb qui       pr\u00f4nent \u00ab\u00a0un islam commode\u00a0\u00bb, purement identitaire. \u00ab\u00a0La religion n&rsquo;est ni       une identit\u00e9, ni une culture, ni une nation. C&rsquo;est une relation       personnelle \u00e0 Dieu, une voie vers lui. On peut \u00eatre musulman et de culture       hollandaise, fran\u00e7aise ou chinoise\u00a0\u00bb, explique-t-il avec force.       A ses c\u00f4t\u00e9s, une femme longue et blonde, aux yeux bleus, l&rsquo;\u00e9coute avec       attention. C&rsquo;est Irmgard, sa femme, d&rsquo;origine allemande, rencontr\u00e9e \u00e0       Paris il y a tout juste cinquante ans. Irmgard ne s&rsquo;est convertie \u00e0       l&rsquo;islam qu&rsquo;en 1996, au terme d&rsquo;un long cheminement. Ils ont deux fils et       deux petits-enfants. Ceux-ci suivent-ils le chemin de leur p\u00e8re et       grand-p\u00e8re ? M. Talbi sourit. \u00ab\u00a0Je ne sais pas. Je ne leur pose pas la       question et je ne leur offre m\u00eame pas mes livres. Si je le faisais, cela       reviendrait \u00e0 dire : \u00ab\u00a0Lisez-moi\u00a0\u00bb. Je m&rsquo;y refuse.\u00a0\u00bb       C&rsquo;est dans le m\u00eame esprit que Mohamed Talbi reconna\u00eet aux caricaturistes       le droit de brocarder le proph\u00e8te Mahomet et \u00e0 Michel Houellebecq &#8211; \u00ab\u00a0un       gar\u00e7on sympathique\u00a0\u00bb &#8211; le droit de dire et d&rsquo;\u00e9crire que l&rsquo;islam est la       religion \u00ab\u00a0la plus con du monde\u00a0\u00bb. La religion, quelle qu&rsquo;elle soit, ne doit       pas \u00eatre une contrainte. \u00ab\u00a0Je veux d\u00e9crisper les gens, et je veux le faire       au nom du Coran. La foi est un choix, souffle-t-il de sa voix \u00e0 la fois       fluette et ferme. Je ne cesserai jamais de dire que l&rsquo;islam nous donne la       libert\u00e9, y compris celle d&rsquo;insulter Dieu&#8230;\u00a0\u00bb                      <strong><font>Florence Beaug\u00e9<\/font><\/strong> <strong><font>Parcours<\/font><\/strong> <strong>1921       Naissance \u00e0 Tunis.<\/strong><\/div>\n<p> <strong> <\/p>\n<div align=\"justify\">             1955       Premier doyen de la facult\u00e9 des lettres de Tunis.<\/div>\n<div align=\"justify\">             1968       Soutient \u00e0 la Sorbonne sa th\u00e8se de doctorat d&rsquo;histoire sur les Aghlabides.<\/div>\n<div align=\"justify\">             1995       Entre au Conseil national pour les libert\u00e9s en Tunisie (CNLT, non reconnu).<\/div>\n<div align=\"justify\">             1998       Parution de \u00ab\u00a0Plaidoyer pour un islam moderne\u00a0\u00bb (Descl\u00e9e de Brouwer).<\/div>\n<div align=\"justify\">             2006       R\u00e9dige son testament spirituel, 400 pages sur islam et libert\u00e9.                     <strong><font>(Source: Le journal \u00ab\u00a0Le Monde\u00a0\u00bb\u00a0du \u00a023.09.06)<\/font><\/strong><\/div>\n<div align=\"justify\">      \u00a0<\/div>\n<p> <\/strong><\/font> <\/div>\n<div align=\"justify\">     \u00a0<\/div>\n<div align=\"center\">\n<hr\/><\/div>\n<div align=\"center\">\n<h2 style=\"color: red;\"><font size=\"3\"><strong>AIEA: les Etats arabes poussent leur     r\u00e9solution contre Isra\u00ebl<\/strong><\/font><\/h2>\n<\/div>\n<div>    AFP, le 22 septembre 2006 \u00e0 15h10<\/div>\n<div>         \u00a0<font>VIENNE, 22 sept 2006 (AFP)<\/font> &#8211; Les Etats arabes     ont formellement d\u00e9cid\u00e9 de faire voter vendredi par l&rsquo;Agence internationale     de l&rsquo;\u00e9nergie atomique (AIEA) un projet de r\u00e9solution mettant en cause les     activit\u00e9s nucl\u00e9aires d&rsquo;Isra\u00ebl, une premi\u00e8re depuis 1991, ont indiqu\u00e9 des     sources diplomatiques.     \u00a0     \u00ab\u00a0Cette d\u00e9cision figure \u00e0 l&rsquo;ordre du jour\u00a0\u00bb de l&rsquo;assembl\u00e9e g\u00e9n\u00e9rale de l&rsquo;AIEA     \u00e0 Vienne \u00ab\u00a0et la Ligue arabe a pris ce matin la d\u00e9cision ferme d&rsquo;aller     jusqu&rsquo;au bout\u00a0\u00bb, a indiqu\u00e9 \u00e0 l&rsquo;AFP un haut diplomate d&rsquo;un pays de cette     organisation.     \u00a0     15 Etats membres de la Ligue arabe ont pr\u00e9sent\u00e9 un projet de r\u00e9solution sur     \u00ab\u00a0les capacit\u00e9s et la menace nucl\u00e9aires d&rsquo;Isra\u00ebl\u00a0\u00bb.     \u00a0     Par le pass\u00e9, des projets similaires avaient \u00e9t\u00e9 \u00e9voqu\u00e9s mais n&rsquo;avaient pas     \u00e9t\u00e9 formellement mis \u00e0 l&rsquo;ordre du jour, car en \u00e9change les Isra\u00e9liens     soutenaient un appel en faveur d&rsquo;un Proche-Orient sans armes nucl\u00e9aires     propos\u00e9 par l&rsquo;Egypte.     \u00a0     Mais les r\u00e9cents bombardements isra\u00e9liens au Liban et la pression croissante     sur l&rsquo;Iran au sujet de son programme nucl\u00e9aire ont donn\u00e9 un nouveau souffle     \u00e0 l&rsquo;initiative contre Isra\u00ebl, lequel, \u00e0 la diff\u00e9rence de l&rsquo;Iran, n&rsquo;est pas     signataire du Trait\u00e9 de non-prolif\u00e9ration nucl\u00e9aire (TNP).     \u00a0     Isra\u00ebl, qui ne reconna\u00eet pas officiellement avoir l&rsquo;arme nucl\u00e9aire, poss\u00e8de     selon une majorit\u00e9 d&rsquo;experts au moins 200 bombes atomiques.     \u00a0     L&rsquo;Etat h\u00e9breu n&rsquo;avait plus \u00e9t\u00e9 formellement mis en cause par l&rsquo;AIEA depuis     1991, date d&rsquo;une pr\u00e9c\u00e9dente r\u00e9solution initi\u00e9e par les pays arabes.     \u00a0     Un vote sur une telle r\u00e9solution repr\u00e9sente une source d&#8217;embarras pour les     pays occidentaux, qui ont fait adopter en d\u00e9but d&rsquo;ann\u00e9e une condamnation du     programme nucl\u00e9aire iranien, mais qui ne souhaitent toutefois pas     stigmatiser Isra\u00ebl.     \u00a0     Craignant un feu de barrage proc\u00e9dural et une s\u00e9ance marathon en cl\u00f4ture de     l&rsquo;assembl\u00e9e g\u00e9n\u00e9rale ce vendredi, le pr\u00e9sident de s\u00e9ance,     le Sud-Africain Abdul Minty, a appel\u00e9 vendredi les parties prenantes \u00e0 \u00ab\u00a0intensifier     les consultations\u00a0\u00bb pour parvenir \u00e0 un compromis et clore les d\u00e9bats \u00ab\u00a0dans la     dignit\u00e9\u00a0\u00bb.     \u00a0     La liste des pays signataires du texte s&rsquo;est allong\u00e9e vendredi: outre les     quinze pays arabes, l&rsquo;Iran et l&rsquo;Indon\u00e9sie, elle comprend d\u00e9sormais aussi     Cuba, la Malaisie et le Venezuela, rendant tout amendement, et a fortiori     tout retrait, difficile.     \u00a0     <font>AFP<\/font><\/div>\n<div>\n<hr\/><\/div>\n<div align=\"center\"> <font> <\/font><\/p>\n<h2 style=\"color: red;\"><font size=\"3\"><strong>Des milliers de Palestiniens     manifestent contre le pape<\/strong><\/font><\/h2>\n<\/div>\n<div>         \u00a0Associated Press, le 22 septembre 2006 \u00e0 15h14     <font>JERUSALEM (AP) &#8212;<\/font> Des milliers de musulmans ont     organis\u00e9 des manifestations contre le pape \u00e0 J\u00e9rusalem, en Cisjordanie et     dans     la Bande de Gaza, brandissant des banni\u00e8res vertes du Hamas.     \u00a0     Sur l&rsquo;esplanade des mosqu\u00e9es \u00e0 J\u00e9rusalem, troisi\u00e8me lieu saint de l&rsquo;islam,     des centaines de fid\u00e8les ont brandi des drapeaux noirs et des banni\u00e8res sur     lesquelles ont pouvait lire \u00ab\u00a0La conqu\u00eate de Rome est la solution\u00a0\u00bb, scandant     \u00ab\u00a0l&rsquo;arm\u00e9e de l&rsquo;islam reviendra\u00a0\u00bb. La manifestation s&rsquo;est ensuite dispers\u00e9e     dans le calme.     \u00a0     A Naplouse en Cisjordanie, les partisans du Hamas sont descendus dans la rue     apr\u00e8s la pri\u00e8re, plus de 2.000 personnes chantant: \u00ab\u00a0Nous supportons la faim,     la d\u00e9tention et l&rsquo;occupation, mais nous ne supporterons pas l&rsquo;offense faite     au Proph\u00e8te\u00a0\u00bb. Ils ont aussi qualifi\u00e9 Beno\u00eet XVI de \u00ab\u00a0couard et agent des     Am\u00e9ricains\u00a0\u00bb.     \u00a0     Dans le nord de Gaza, plus d&rsquo;un millier de partisans du Jihad islamique ont     \u00e9galement d\u00e9fil\u00e9 contre le pape, ainsi que des centaines de sympathisants du     Hamas \u00e0 Ramallah, en Cisjordanie.     \u00a0     La semaine derni\u00e8re en Allemagne, le pape avait \u00e9voqu\u00e9 un ouvrage rapportant     un dialogue entre l&#8217;empereur byzantin du XIVe si\u00e8cle     Manuel II Pal\u00e9ologue et un \u00e9rudit perse qualifiant les actions du proph\u00e8te     Mahomet de \u00ab\u00a0diaboliques et inhumaines\u00a0\u00bb.      \u00a0     Des propos qui ont d\u00e9clench\u00e9 la col\u00e8re dans le monde musulman,\u00a0bien que le     pape ait ensuite r\u00e9affirm\u00e9 son \u00ab\u00a0profond respect\u00a0\u00bb pour l&rsquo;islam      et se soit dit \u00ab\u00a0vivement attrist\u00e9\u00a0\u00bb par les r\u00e9actions.      \u00a0     <font>Associated Press<\/font><\/div>\n<\/div>\n<p><\/font><\/p>\n<p>\u00a0<\/p>\n<p align=\"center\"><b><a href=\"https:\/\/tunisnews.net\/ar\/\"><span>Home<\/span><span lang=\"FR-CH\"> &#8211; Accueil <\/span><span>&#8211; <\/span><span dir=\"rtl\" lang=\"AR-SA\">\u0627\u0644\u0631\u0626\u064a\u0633\u064a\u0629<\/span><\/a><\/b><\/p>\n<p align=\"center\">\u00a0<\/p>\n<p><\/font><\/body><\/body><\/html><\/p>","protected":false},"excerpt":{"rendered":"<p>\u00a0 Home &#8211; Accueil &#8211; \u0627\u0644\u0631\u0626\u064a\u0633\u064a\u0629 TUNISNEWS 7\u00a0\u00e8me\u00a0ann\u00e9e, N\u00b0\u00a02314 du 22.09.2006 \u00a0archives : www.tunisnews.net AP: Le mois de je\u00fbne commence dimanche en Tunisie Le Monde: Portrait &#8211; Mohamed Talbi, libre penseur de l&rsquo;Islam AFP:AIEA: les Etats arabes poussent leur r\u00e9solution contre Isra\u00ebl Associated Press:Des milliers de Palestiniens manifestent contre le pape \u00a0 \u00a0 Cliquez ici [&hellip;]<\/p>\n","protected":false},"author":1,"featured_media":22040,"comment_status":"open","ping_status":"open","sticky":false,"template":"","format":"standard","meta":{"inline_featured_image":false,"site-sidebar-layout":"default","site-content-layout":"","ast-site-content-layout":"default","site-content-style":"default","site-sidebar-style":"default","ast-global-header-display":"","ast-banner-title-visibility":"","ast-main-header-display":"","ast-hfb-above-header-display":"","ast-hfb-below-header-display":"","ast-hfb-mobile-header-display":"","site-post-title":"","ast-breadcrumbs-content":"","ast-featured-img":"","footer-sml-layout":"","ast-disable-related-posts":"","theme-transparent-header-meta":"","adv-header-id-meta":"","stick-header-meta":"","header-above-stick-meta":"","header-main-stick-meta":"","header-below-stick-meta":"","astra-migrate-meta-layouts":"default","ast-page-background-enabled":"default","ast-page-background-meta":{"desktop":{"background-color":"","background-image":"","background-repeat":"repeat","background-position":"center center","background-size":"auto","background-attachment":"scroll","background-type":"","background-media":"","overlay-type":"","overlay-color":"","overlay-opacity":"","overlay-gradient":""},"tablet":{"background-color":"","background-image":"","background-repeat":"repeat","background-position":"center center","background-size":"auto","background-attachment":"scroll","background-type":"","background-media":"","overlay-type":"","overlay-color":"","overlay-opacity":"","overlay-gradient":""},"mobile":{"background-color":"","background-image":"","background-repeat":"repeat","background-position":"center center","background-size":"auto","background-attachment":"scroll","background-type":"","background-media":"","overlay-type":"","overlay-color":"","overlay-opacity":"","overlay-gradient":""}},"ast-content-background-meta":{"desktop":{"background-color":"var(--ast-global-color-5)","background-image":"","background-repeat":"repeat","background-position":"center center","background-size":"auto","background-attachment":"scroll","background-type":"","background-media":"","overlay-type":"","overlay-color":"","overlay-opacity":"","overlay-gradient":""},"tablet":{"background-color":"var(--ast-global-color-5)","background-image":"","background-repeat":"repeat","background-position":"center center","background-size":"auto","background-attachment":"scroll","background-type":"","background-media":"","overlay-type":"","overlay-color":"","overlay-opacity":"","overlay-gradient":""},"mobile":{"background-color":"var(--ast-global-color-5)","background-image":"","background-repeat":"repeat","background-position":"center center","background-size":"auto","background-attachment":"scroll","background-type":"","background-media":"","overlay-type":"","overlay-color":"","overlay-opacity":"","overlay-gradient":""}},"footnotes":""},"categories":[],"tags":[61,37,29],"class_list":["post-18491","post","type-post","status-publish","format-standard","has-post-thumbnail","hentry","tag-61","tag-37","tag-fr"],"_links":{"self":[{"href":"https:\/\/tunisnews.net\/ar\/wp-json\/wp\/v2\/posts\/18491","targetHints":{"allow":["GET"]}}],"collection":[{"href":"https:\/\/tunisnews.net\/ar\/wp-json\/wp\/v2\/posts"}],"about":[{"href":"https:\/\/tunisnews.net\/ar\/wp-json\/wp\/v2\/types\/post"}],"author":[{"embeddable":true,"href":"https:\/\/tunisnews.net\/ar\/wp-json\/wp\/v2\/users\/1"}],"replies":[{"embeddable":true,"href":"https:\/\/tunisnews.net\/ar\/wp-json\/wp\/v2\/comments?post=18491"}],"version-history":[{"count":0,"href":"https:\/\/tunisnews.net\/ar\/wp-json\/wp\/v2\/posts\/18491\/revisions"}],"wp:featuredmedia":[{"embeddable":true,"href":"https:\/\/tunisnews.net\/ar\/wp-json\/wp\/v2\/media\/22040"}],"wp:attachment":[{"href":"https:\/\/tunisnews.net\/ar\/wp-json\/wp\/v2\/media?parent=18491"}],"wp:term":[{"taxonomy":"category","embeddable":true,"href":"https:\/\/tunisnews.net\/ar\/wp-json\/wp\/v2\/categories?post=18491"},{"taxonomy":"post_tag","embeddable":true,"href":"https:\/\/tunisnews.net\/ar\/wp-json\/wp\/v2\/tags?post=18491"}],"curies":[{"name":"wp","href":"https:\/\/api.w.org\/{rel}","templated":true}]}}