{"id":18464,"date":"2007-06-23T00:00:00","date_gmt":"2007-06-23T00:00:00","guid":{"rendered":"https:\/\/tunisnews.net\/23-juin-2007\/"},"modified":"2007-06-23T00:00:00","modified_gmt":"2007-06-23T00:00:00","slug":"23-juin-2007","status":"publish","type":"post","link":"https:\/\/tunisnews.net\/ar\/23-juin-2007\/","title":{"rendered":"23 juin 2007"},"content":{"rendered":"<p><html><head><meta content=\"text\/html\" description=\"\u00ab J\u2019ai entam\u00e9 une gr\u00e8ve de la faim car j\u2019ai \n    perdu tout espoir d\u2019attirer l\u2019attention des voies juridiques, m\u00e9diatiques et \n    des responsables politiques et administratifs sur la situation de mon fils \n    \u00bb. BOURAOUI Fatima\" http-equiv=\"Content-Type\"\/><\/head><body><body><\/p>\n<p align=\"center\"><b><a href=\"http:\/\/www.tunisnews.net\"><span><font>Home<\/font><\/span><font><span lang=\"FR-CH\"> &#8211; Accueil <\/span><span>&#8211; <\/span><\/font><span dir=\"rtl\" lang=\"AR-SA\"><font>\u0627\u0644\u0631\u0626\u064a\u0633\u064a\u0629<\/font><\/span><\/a><\/b><\/p>\n<p> <font face=\"Arial\" size=\"2\"><\/font><\/p>\n<div> <font face=\"Arial\" size=\"2\"> <\/p>\n<div>  <\/div>\n<p> <span lang=\"FR\"> <\/p>\n<div align=\"center\" dir=\"ltr\"> <font size=\"2\"> <span lang=\"SV\"> <strong>TUNISNEWS<\/strong><\/span> <\/font> <\/div>\n<div align=\"center\" dir=\"ltr\"> <strong><font size=\"2\">8\u00a0\u00e8me\u00a0ann\u00e9e, <span lang=\"FR\">    N\u00b0\u00a02587\u00a0du 23.06.2007<\/span><\/font><\/strong><\/div>\n<p> <strong> <\/p>\n<div align=\"center\" dir=\"ltr\"> <b><span><blink> <font size=\"2\">\u00a0archives : <\/font><a href=\"\" target=\"_blank\" rel=\"noopener\"> <font size=\"2\" target=\"_blank\">www.tunisnews.net<\/font><\/a><\/blink><\/span><\/b><font size=\"2\"> <\/font><font> <span lang=\"FR\"><strong> <\/strong><\/span><\/font><\/div>\n<p> <\/strong><\/span><\/font><font face=\"Times New Roman\"> <span lang=\"FR\"> <font><\/font><\/span><\/font> <\/p>\n<div align=\"left\" dir=\"ltr\">\n<hr\/>\n<p><span lang=\"EN-GB\"> <span lang=\"FR\"> <font><strong> <\/strong><\/font><\/span><\/span><\/div>\n<div align=\"left\" dir=\"ltr\"> <font><font><font> <span lang=\"FR\"><font> <span lang=\"FR-CH\"> <font> <span lang=\"FR\"> <font> <\/font><\/span><\/font><\/span><\/font><\/span><\/font><\/font><\/font><\/div>\n<div align=\"justify\">\u00a0<\/div>\n<div>\n<div>\n<div>\u00a0<\/div>\n<\/p><\/div>\n<div align=\"justify\"> <strong><\/p>\n<p><font>Le bureau juridique et d\u2019information de       l\u2019association Ez-Zeitouna: Communiqu\u00e9 juridique:Tortur\u00e9 jusqu\u2019\u00e0 perdre la       raison        <font>Ahmed Ouerghemi:\u00a0 A ceux qui peuvent\u00a0 m&rsquo;aider\u2026:Objet       : demande de visa pour mes enfants<\/font>       Emmanuel Rollinde: Rencontre avec le comit\u00e9 du 18 octobre. Tunisie       <font>AFP:Tunisie: un vol int\u00e9rieur fait demi-tour peu       apr\u00e8s son d\u00e9collage de Djerba<\/font>       Le Temps:Prochaines \u00e9lections du Conseil de l&rsquo;Ordre des avocats:\u00ab       L&rsquo;amalgame entre profession et politique a rendu difficile la t\u00e2che des       avocats       <font>Nabil Azzouz: Humeur<\/font>       R\u00e9alit\u00e9s: LE PROJET DU SIECLE : Un nouveau Duba\u00ef \u00e0 Tunis       <\/font><\/p>\n<p>Robert Fisk: Bienvenue en Palestine!<\/strong> <font> <font> <\/font><\/font><\/div>\n<div align=\"justify\"> <strong><\/p>\n<hr\/>\n<p><\/strong> <\/div>\n<\/p><\/div>\n<div>    \u00a0<\/div>\n<div align=\"center\">\n<p><font> <span lang=\"FR\"> <font><font><strong>Censure<\/strong> <\/font><font>\u00a0Le journal ElMawkif No 411 a \u00e9t\u00e9 ramass\u00e9 par     la police politique vendredi 22 juin. Le seul moyen de lire les iformations     qui ont g\u00e9n\u00e9 le pouvoir reste le site web du PDP: <\/font><\/font><\/span> <\/font><\/p>\n<\/p><\/div>\n<div align=\"center\"> <font> <span lang=\"FR\"> <font size=\"2\"><a href=\"http:\/\/www.pdp.org.tn\/\" target=\"_blank\" rel=\"noopener\"><strong>    http:\/\/www.pdp.org.tn\/<\/strong><\/a><\/font><\/span><\/font><\/div>\n<div align=\"center\">\n<hr\/><\/div>\n<div align=\"center\"> <font size=\"2\"><strong>Le bureau juridique et d\u2019information     de l\u2019association Ez-Zeitouna<\/strong><\/font><\/div>\n<div align=\"center\"> <font><font size=\"3\"><font><strong> <font size=\"2\">Communiqu\u00e9 juridique<\/font><\/strong> <\/font><\/p>\n<h2 style=\"color: red;\"><font><strong>Tortur\u00e9 jusqu\u2019\u00e0 perdre la raison<\/strong><\/font><\/h2>\n<p><\/font><\/font><\/div>\n<div align=\"justify\">    \u00a0<\/div>\n<div align=\"justify\"> <font size=\"3\">\u00ab J\u2019ai entam\u00e9 une gr\u00e8ve de la faim car j\u2019ai     perdu tout espoir d\u2019attirer l\u2019attention des voies juridiques, m\u00e9diatiques et     des responsables politiques et administratifs sur la situation de mon fils     \u00bb. BOURAOUI Fatima<\/font>          \u00a0\u00a0\u00a0\u00a0\u00a0 Au moment o\u00f9 le monde c\u00e9l\u00e8bre la journ\u00e9e internationale de soutien aux     victimes de la torture, les m\u00e9dias officiels tunisiens se vantent toujours     du \u00ab respect des Droits de l\u2019Homme \u00bb et nient compl\u00e8tement que les autorit\u00e9s     pratiquent, dans un total mutisme et dans un silence m\u00e9diatique d\u00e9cr\u00e9t\u00e9,     toutes les formes de tortures physiques et psychologiques sur de nombreuses     couches de la soci\u00e9t\u00e9 tunisienne : journalistes, juristes, professeurs,     enseignants, \u00e9l\u00e8ves, \u00e9tudiants, etc.     A l\u2019\u00e9laboration de ce communiqu\u00e9, l\u2019ing\u00e9nieur Walid LAYOUNI croupit encore     dans les prisons tunisiennes. Ayant perdu la raison suite \u00e0 la torture     sauvage subie, il a \u00e9t\u00e9 incapable de reconna\u00eetre sa femme et sa m\u00e8re. Cette     derni\u00e8re a du reste \u00e9puis\u00e9 toute voie juridique, m\u00e9diatique et     administrative possible et a entam\u00e9 une gr\u00e8ve de la faim pour la lib\u00e9ration     de son fils.     Le bureau juridique et d\u2019information de l\u2019association Ez-Zeitouna constate     que le cas de M. LAYOUNI est un cas parmi tant d\u2019autres o\u00f9 les atteintes     graves aux Droits de l\u2019Homme dans notre pays la Tunisie ne sont pas     exceptionnelles.      Le bureau affirme \u00e9galement sa solidarit\u00e9 aux victimes de la torture, \u00e0     leurs familles, en particulier \u00e0 leurs m\u00e8res et \u00e0 toutes les voix qui     s\u2019\u00e9l\u00e8vent contre ces pratiques alarmantes.     Le bureau d\u00e9nonce ces pratiques et cette situation inhumaine et demande aux     autorit\u00e9s tunisiennes de:     <font>1. Lib\u00e9rer imm\u00e9diatement le prisonnier politique Walid     LAYOUNI et tous les prisonniers d\u2019opinion en Tunisie.     2.\u00a0Arr\u00eater toute forme de torture que pratique le r\u00e9gime tunisien contre ses     citoyens innocents.     3. Lever le si\u00e8ge sur les organisations de la soci\u00e9t\u00e9 civile et leur donner     la possibilit\u00e9 de poursuivre leurs activit\u00e9s librement.     4. Arr\u00eater le harc\u00e8lement des militants, des juristes et des journalistes et     arr\u00eater les violations physiques et psychologiques qui leurs sont impos\u00e9es.     <\/font> <font>Suisse, le 22 juin 2007<\/font><\/div>\n<div align=\"center\">    \u00a0<\/div>\n<p> <font size=\"2\"> <\/p>\n<div> <strong><\/p>\n<hr\/>\n<p><\/strong> <\/div>\n<div>    \u00a0<\/div>\n<div> <font> <\/p>\n<p align=\"center\"> <b> <span lang=\"FR-CH\">    A ceux qui peuvent\u00a0 m&rsquo;aider\u2026<\/span><\/b><\/p>\n<p> <b> <span lang=\"FR-CH\">    Objet : demande de visa pour mes enfants<\/span><\/b><\/p>\n<p> <b> <span lang=\"FR-CH\">    Demande d&rsquo;aide pour que mes enfants aient le droit de revoir leur papa<\/span><\/b><\/p>\n<p> <span lang=\"FR-CH\">    Apr\u00e8s dix ans de lutte p\u00e9nible j&rsquo;ai obtenu le 4 f\u00e9vrier 2005 de l&rsquo;Ofpra une     protection administrative qui me laisse sans possibilit\u00e9 d&rsquo;avoir droit au     travail ni d&rsquo;avoir un permis de s\u00e9jour.<\/span><\/p>\n<p> <span lang=\"FR-CH\">    Mais ce qui est le plus p\u00e9nible pour moi c&rsquo;est de n&rsquo;avoir pas vu mes enfants     depuis plus de treize ann\u00e9es. En effet, c&rsquo;est en 1993 que j&rsquo;ai vu pour la     derni\u00e8re fois Intissar n\u00e9e le 7 juillet 1982 maintenant \u00e2g\u00e9e de vingt cinq     ans; ni Abdelhafidh n\u00e9 le 6 janvier 1986 (21 ans) ou encore Ayadi n\u00e9 le 4     f\u00e9vrier 1987 (20 ans).<\/span><\/p>\n<p> <span lang=\"FR-CH\">    C&rsquo;est surtout ma toute petite fille Kawthar n\u00e9e le 16 mars 1993 \u00e0 Paris. Je     ne l&rsquo;ai plus revue depuis 1994 alors qu&rsquo;elle avait \u00e0 peine un an, alors     qu&rsquo;elle a maintenant 14 ans.<\/span><\/p>\n<p> <span lang=\"FR-CH\">    J&rsquo;avais essay\u00e9 vers la fin des ann\u00e9es 90 de revoir Kawthar et sa m\u00e8re a     pr\u00e9sent\u00e9 une demande de visa pour les deux mais le Consulat \u00e0 Tunis l&rsquo;a     refus\u00e9e.<\/span><\/p>\n<p> <span lang=\"FR-CH\">    C&rsquo;est pourquoi avec l&rsquo;aide d&rsquo;un ami, j&rsquo;ai tent\u00e9 de les revoir en Allemagne.     Il m&rsquo;a fourni un certificat d&rsquo;h\u00e9bergement pour elles en Allemagne mais le     Consulat d&rsquo;Allemagne \u00e0 Tunis a refus\u00e9 de donner le visa.<\/span><\/p>\n<p> <span lang=\"FR-CH\">    Aujourd&rsquo;hui, je suis \u00e2g\u00e9 de cinquante ans et je n&rsquo;ai pas vu mes enfants     grandir \u00e0 cause de mon engagement contre la politique dictatoriale du     G\u00e9n\u00e9ral Ben Ali et refus de la France de comprendre ma situation : non     seulement je ne peux vivre dignement, mais aussi je n&rsquo;ai pas le droit de     voir mes enfants m\u00eame apr\u00e8s une s\u00e9paration de quatorze ann\u00e9es. Mes enfants     ne comprennent pas non plus pourquoi ils n&rsquo;ont pas le droit de voir leur     papa qu&rsquo;ils ne reconnaissent plus physiquement surtout pour les plus jeunes.     Mes enfants en souffrent beaucoup et moi avec eux. M\u00eame les pires criminels     ont le droit de voir leurs enfants, mais moi qui n&rsquo;ai rien fait et qui plus     est je lutte contre la dictature je n&rsquo;ai pas le droit de voir mes enfants     m\u00eame pas pour leurs vacances scolaires.<\/span><\/p>\n<p> <span lang=\"FR-CH\">    Je vous prie de m&rsquo;aider \u00e0 obtenir pour mes enfants Intissar, Abdelhafidh,     Ayadi et Kawthar un visa de tourisme pour qu&rsquo;ils puissent revoir leur p\u00e8re.<\/span><\/p>\n<p> <b> <span lang=\"FR-CH\">    Ahmed Ouerghemi,<\/span><\/b><\/p>\n<p> <b> <span lang=\"FR-CH\">    49 bis, rue Charles Schmidt, 93400 Saint Ouen &#8211; T\u00e9l : 06 50 62 44 69<\/span><\/b><\/p>\n<p> <a href=\"mailto:a_ouerghemi@yahoo.fr\"><strong>a_ouerghemi@yahoo.fr<\/strong><\/a><\/p>\n<p> <strong><\/strong><\/p>\n<hr\/>\n<p>\u00a0<\/p>\n<p align=\"center\"> <strong><span lang=\"FR\"> <font size=\"3\">Rencontre avec le comit\u00e9 du 18 octobre. Tunisie<\/font><\/span><\/strong><\/p>\n<p align=\"center\"> <font size=\"2\"><font>\u00ab\u00a0J&rsquo;ai assiste hier a une reunion tres     importante sur la Tunisie.Tres importante pour Re-So comme pour chacun     d&rsquo;entre nous&#8230;<\/font> <\/font><font>Le\u00a0 comite du 18 octobre a ete cr\u00e9e en Tunisie     et a Paris, a la suite de la greve de la faim de huit personnalites     politiques tunisiennes en octobre 2005. Il est compose a Paris de     personnalites, d&rsquo;associations (Comite pour le respect des libertes et des     droits de lhomme en Tunisie- CRLDHT, Solidarite Tunisienne, Voix libre&#8230;)     et de partis politiques (Parti communiste des ouvriers de Tunisie -PCOT     -Congres pour la republique- CPR &#8211; Parti democrate progressiste -PDP     -EN-NAHDHA &#8211; Unionistes &#8211; UN &#8211; Forum democratique pour le travail et la     liberte- FDTL.) 4 des 8 tunisiens qui ont particip\u00e9 a cette greve de la     faim\u00a0 sont venus a Paris, invites par le comite. C&rsquo;est aussi le 50 eme     anniversaire de la republique tunisienne (proclamee juste apres     l&rsquo;independance)          <\/font>Ils ont fait un resume historique de la situation en Tunisie :la     republique n&rsquo;a de republique que le nom : en 50 ans, deux presidents se sont     succedes : Bourguiba et Ben Ali. Les pouvoirs executifs, legislatifs et     judiciaires sont tous dans la main du president. Ce, a travers la     constitution qui donne au president les pouvoirs du 1er ministre, puis a     travers une repression de plus en plus grande.     En d&rsquo;autres termes, Bourguiba puis Ben Ali representent un regime     personnifie, autoritaire, dans lequel la police politique a un pouvoir fort     (plus que l&rsquo;armee, et sur les mouvement d&rsquo;oposition comme sur les mouvements     sociaux), accompagne d&rsquo;une repression physique (prison avec peines de     plusieurs dizaines d&rsquo;annee pour des delits d&rsquo;opinion,     pratique courante de la torture, intimidation des familles etc&#8230;). C&rsquo;est     donc une dictature (si, si &#8230;)     Ils ont ensuite insiste sur la degradation actuelle, car la violence du     pouvoir est de plus en plus forte. Une raison etant justement que la societe     civile a l&rsquo;air de se reveiller.     Il est donc temps selon eux de reunir, au dela des differences, d&rsquo;une part     les differents mouvements politiques d&rsquo;opposition (le Parti Communiste     Ouvrier Tunisien et le parti islamiste se sont mis d&rsquo;accord pour revendiquer     ensemble la liberte de la presse et la liberation des prisonniers&#8230; et ont     donc fait cette greve de la faim ensemble !) et d&rsquo;autre part le mouvement     politique avec le mouvement syndical (le pouvoir a toujours tout fait pour     separer ces deux mouvements) &#8212; peut etre un enseignement utile pour nous&#8230;          \u00a0Ces dirigeant politiques ou associatifs (dont de nombreux avocats) posent     des questions claires sur l&rsquo;organisation politique\u00a0 et ont fait des progres     enormes en terme d&rsquo;ouverture, malgre des annees de prison.     Par contre, il est clair pour eux qu&rsquo;il est hors de question de parler de     reconciliation avec le pouvoir (qui refuse de son cote de discuter). Cette     question est apparue, et apparait periodiquement lorsque le pouvoir sent des     periodes de crise&#8230;          La question de la religion n&rsquo;est bien sur pas encore claire malgre quelques     prises de position commune, mais il faut savoir que la Tunisie est tout sauf     un regime laic&#8230; Bourguiba se considerait comme un roi, donc investi d&rsquo;un     pouvoir religieux. La religion est traitee par l&rsquo;Etat, et l&rsquo;Islam est la     religion officielle du pays. Ben Ali, lui veut securiser la religion. Il     prefere developper toutes superstitions et autres pour eviter qu&rsquo;un     mouvement religieux ne prenne trop d&rsquo;importance (au besoin, il met tout les     islamistes trop derangeant en prison&#8230;). C&rsquo;est une question complexe,mais     en ce qui nous concerne, il est absurde de dire que la Tunisie est un     rempart qui protege la laicite contre l&rsquo;islamisme !          En fait, cette dictature profite aux familles proche de Ben Ali (qui     deviennent une vrai mafia) et aux entreprises occidentales (qui rachetent     petit a petit les entreprises tunisiennes) !          A la fin de cette rencontre, je suis certain que nous avons beaucoup a     apprendre de ces futurs dirigeants     \u00a0qui ont connu une repression terrible et qui veulent seulement retrouver un     pays libre et democratique !          <font><strong>Emmanuel Rollinde     Membre de ReSo (R\u00e9formistes et solidaires) site :    <a href=\"http:\/\/www.re-so.net\" target=\"_blank\" rel=\"noopener\">www.re-so.net<\/a><\/strong><\/font><\/p>\n<div>      \u00a0<\/div>\n<div> <font><strong>(Source: Message poste&rsquo; par\u00a0Marguerite       Rollinde\u00a0le 22 juin 2007 sur la\u00a0 Liste de discussion et d\\&rsquo;information sur       les droits humains au Maghreb)<\/strong><\/font><\/div>\n<div> <strong><\/p>\n<hr\/>\n<p><\/strong> <\/div>\n<div>      \u00a0<\/div>\n<div> <font> <\/p>\n<p>      \u00a0<\/p>\n<p> <font face=\"Arial\" size=\"2\"> <\/p>\n<p> <span lang=\"FR-CH\"> <strong>Tunisie: un vol int\u00e9rieur fait demi-tour peu apr\u00e8s son d\u00e9collage       de Djerba<\/strong><\/span><\/p>\n<p> <span lang=\"FR-CH\"> <font>AFP, vendredi 22 juin 2007<\/font><\/span><\/p>\n<p> <span lang=\"FR-CH\">      TUNIS &#8211; Un vol int\u00e9rieur de la compagnie Tuninter a fait-demi tour       vendredi quinze minutes apr\u00e8s avoir d\u00e9coll\u00e9 de l&rsquo;a\u00e9roport de Djerba (sud)       \u00e0 destination de Tunis, a-t-on appris de source a\u00e9ronautique.<\/span><\/p>\n<p> <span lang=\"FR-CH\">      L&rsquo;appareil de type ATR-72 effectuant la liaison Djerba-Tunis a eu \u00ab\u00a0un       \u00e9touffement\u00a0\u00bb de l&rsquo;un de ses moteurs (BIEN: moteurs) apr\u00e8s son d\u00e9collage \u00e0       09H50 locales (07H50 GMT) et a d\u00fb faire demi-tour, a-t-on indiqu\u00e9 \u00e0 l&rsquo;AFP.<\/span><\/p>\n<p> <span lang=\"FR-CH\">      Tuninter a indiqu\u00e9 de son c\u00f4t\u00e9 que l&rsquo;un de ses appareils \u00ab\u00a0a enregistr\u00e9 une       d\u00e9faillance de l&rsquo;un de ses deux moteurs et a du retourner \u00e0 Djerba, quinze       minutes apr\u00e8s son d\u00e9collage\u00a0\u00bb.<\/span><\/p>\n<p> <span lang=\"FR-CH\">      L&rsquo;avion avait une quarantaine de passagers \u00e0 bord, parmi lesquels certains       devaient faire escale \u00e0 Tunis pour prendre un vol \u00e0 destination de Paris.<\/span><\/p>\n<p> <span lang=\"FR-CH\">      Une personne en contact avec un passager depuis Paris a rapport\u00e9 \u00e0 l&rsquo;AFP       que l&rsquo;incident avait \u00ab\u00a0provoqu\u00e9 la panique \u00e0 bord, des h\u00f4tesses en pleurs       et des passagers en \u00e9tat de choc\u00a0\u00bb.<\/span><\/p>\n<p> <span lang=\"FR-CH\">      \u00ab\u00a0C&rsquo;est le commandant qui a sauv\u00e9 l&rsquo;avion\u00a0\u00bb, a racont\u00e9 sous couvert de       l&rsquo;anonymat ce t\u00e9moin se pr\u00e9sentant comme \u00e9tant la s\u0153ur d&rsquo;un passager.<\/span><\/p>\n<p> <span lang=\"FR-CH\">      Un repr\u00e9sentant de Tuninter a indiqu\u00e9 \u00e0 l&rsquo;AFP que la compagnie et les       autorit\u00e9s portuaires avaient \u00ab\u00a0totalement pris en charge les passagers d\u00e8s       leur retour \u00e0 Djerba\u00a0\u00bb.<\/span><\/p>\n<p> <span lang=\"FR-CH\">      \u00ab\u00a0On a veill\u00e9 au transit de ceux qui le souhaitaient, durant la journ\u00e9e,       vers d&rsquo;autres destinations, ceux qui ne souhaitaient pas repartir aussit\u00f4t       ont \u00e9t\u00e9 relog\u00e9s dans les h\u00f4tels de Djerba\u00a0\u00bb a-t-il ajout\u00e9.<\/span><\/p>\n<p> <span lang=\"FR-CH\">      \u00ab\u00a0C&rsquo;est une panne de moteur mais le commandant, un des plus chevronn\u00e9s a       r\u00e9ussi \u00e0 faire atterrir l&rsquo;avion sans d\u00e9g\u00e2ts\u00a0\u00bb, a racont\u00e9 un technicien       joint par t\u00e9l\u00e9phone \u00e0 Djerba.<\/span><\/p>\n<p> <span lang=\"FR-CH\">      Filiale charter de Tunisair, Tuninter a annonc\u00e9 en mai l&rsquo;achat de deux       appareils de type ATR 72-500 dont le premier, d&rsquo;une capacit\u00e9 de 70 \u00e0 100       places, devait \u00eatre livr\u00e9 en juin.<\/span><\/p>\n<p> <span lang=\"FR-CH\">      En plus de vols int\u00e9rieurs, la compagnie dessert les destinations \u00e0       proximit\u00e9 de Malte et en Italie.<\/span><\/p>\n<p> <span lang=\"FR-CH\">      En ao\u00fbt 2005, un de ses appareils, un ATR-72 s&rsquo;\u00e9tait ab\u00eem\u00e9 au large de la       Sicile, provoquant la mort de 16 personnes suite \u00e0 une panne de jauge de       carburant.<\/span><\/p>\n<p> <font> <span lang=\"FR-CH\">      AFP<\/span><\/font><\/p>\n<p><\/font><\/font><\/div>\n<p> <\/font> <\/div>\n<div>\n<hr\/><\/div>\n<div> <font> <\/p>\n<p> <b> <span lang=\"FR-CH\">    Prochaines \u00e9lections du Conseil de l&rsquo;Ordre des avocats<\/span><\/b><\/p>\n<p> <b> <span lang=\"FR-CH\">    \u00ab L&rsquo;amalgame entre profession et politique a rendu difficile la t\u00e2che des     avocats<\/span><\/b><\/p>\n<p>    \u00a0<\/p>\n<p> <b> <span lang=\"FR-CH\">    *Me Abderrahman Krayem, brasse un tableau plut\u00f4t sombre de la situation     actuelle de la profession et propose des rem\u00e8des<\/span><\/b><\/p>\n<p>    \u00a0<\/p>\n<p> <font> <span lang=\"FR-CH\">    Ag\u00e9 de 58 ans, Me Abderrahman Krayem est candidat au Conseil de l&rsquo;Ordre des     avocats dont les \u00e9lections se tiendront le 1er juillet prochain. Il a occup\u00e9     le poste de magistrat en 1973. Il est ancien membre de l&rsquo;association des     jeunes magistrats.<\/span><\/font><\/p>\n<p> <font> <span lang=\"FR-CH\">    Il est entr\u00e9 \u00e0 la profession d&rsquo;avocat en 1978. Il \u00e9tait membre de     l&rsquo;association des jeunes avocats, ancien vice-pr\u00e9sident de la Ligue     tunisienne pour la d\u00e9fense des droits de l&rsquo;homme et ex pr\u00e9sident de la     commission des libert\u00e9s au sein de la LTDH. Il est actuellement membre du     conseil sup\u00e9rieur de la Communication.<\/span><\/font><\/p>\n<p> <font> <span lang=\"FR-CH\">    Me Krayem se pr\u00e9sente avec un esprit combatif et un espoir de r\u00e9ussir.     Interview.<\/span><\/font><\/p>\n<p>    \u00a0<\/p>\n<p> <font><b> <span lang=\"FR-CH\">    Le Temps : Comment \u00e9valuez-vous la situation actuelle des avocats ?<\/span><\/b><\/font><\/p>\n<p>    \u00a0<\/p>\n<p> <span lang=\"FR-CH\">    Me Abderrahman Krayem : Certains ont qualifi\u00e9 la situation de crise,     d&rsquo;autres parlent de profession qui agonise et quels que soient les     qualificatifs c&rsquo;est une situation critique et grave qui n\u00e9cessite une     intervention urgente et g\u00e9n\u00e9ralis\u00e9e. La situation actuelle ne peut suivre le     rythme croissant du nombre des nouveaux venus. On compte 800 avocats par an.     Les 6000 avocats que compte le pays font vivre en moyenne entre 80 et 100     mille personnes.<\/span><\/p>\n<p> <font><b> <span lang=\"FR-CH\">    Quelles sont d&rsquo;apr\u00e8s vous les causes qui ont provoqu\u00e9 cette situation de     crise ?<\/span><\/b><\/font><\/p>\n<p> <span lang=\"FR-CH\">    Je consid\u00e8re que les causes sont multiples. D&rsquo;abord\u00a0 l&rsquo;entr\u00e9e dans la     profession n&rsquo;est plus tributaire du seul d\u00e9vouement personnel qui mobilisait     auparavant les candidats \u00e0 la profession. Le nombre d&rsquo;avocats s&rsquo;est accru     d&rsquo;une mani\u00e8re d\u00e9s\u00e9quilibr\u00e9e. Cette profession n&rsquo;a pas, non plus, suivi les     mutations \u00e9conomiques et le grand d\u00e9veloppement de la vie sociale. Ceci     n\u00e9cessite une sp\u00e9cialisation et exige de l&rsquo;avocat des connaissances de plus     en plus pointues dans de divers domaines afin de r\u00e9pondre aux attentes du     march\u00e9 et \u00e0 la concurrence internationale. Cette sp\u00e9cialisation et cette     mise \u00e0 niveau peuvent se faire dans le cadre de l&rsquo;Institut sup\u00e9rieur des     avocats, cr\u00e9\u00e9 par la loi du 15 mai 2006 et qui stipule que l&rsquo;Institut peut     organiser des sessions de formation pour parachever l&rsquo;exp\u00e9rience des avocats     en exercice.<\/span><\/p>\n<p> <span lang=\"FR-CH\">    Deuxi\u00e8mement, il convient de noter que la profession d&rsquo;avocat n&rsquo;a pas \u00e9t\u00e9     bien comprise. L&rsquo;amalgame entre professionnel et politique a rendu difficile     la t\u00e2che des avocats. Cette profession repose sur le principe de     l&rsquo;ind\u00e9pendance. Une ind\u00e9pendance sacr\u00e9e aux yeux des avocats. Ce m\u00e9tier     r\u00e8gle ses affaires entre pairs. Les structures des avocats sont les seules     comp\u00e9tentes \u00e0 g\u00e9rer la profession \u00e0 tous les niveaux : l&rsquo;entr\u00e9e \u00e0 la     profession, les mesures disciplinaires et le r\u00e9gime des retraites.<\/span><\/p>\n<p> <span lang=\"FR-CH\">    De par son ind\u00e9pendance, l&rsquo;avocat est dot\u00e9 de tous les pouvoirs pour trouver     sa strat\u00e9gie de d\u00e9fense. Il n&rsquo;est soumis \u00e0 aucun contr\u00f4le exerc\u00e9 ni par un     pouvoir hi\u00e9rarchique ni par un pouvoir de tutelle.<\/span><\/p>\n<p> <span lang=\"FR-CH\">    Son r\u00f4le le plus important consiste \u00e0 \u00e9tablir l&rsquo;\u00e9quilibre fonctionnel,     op\u00e9rationnel et structurel entre les justiciables parfois de forces     ill\u00e9gales et de d\u00e9tenteurs d&rsquo;outils juridiques in\u00e9gaux. En effet, le proc\u00e8s     judiciaire devient du fait de la pr\u00e9sence des avocats un proc\u00e8s \u00e9quitable     puisque l&rsquo;avocat donne une \u00e9galit\u00e9 des chances aux parties. Cette finalit\u00e9     est rendue de plus en plus pressante du fait de la neutralit\u00e9 du juge en     mati\u00e8re civile. Sur le plan p\u00e9nal, la pr\u00e9sence de l&rsquo;avocat garantit le     proc\u00e8s \u00e9quitable. Il est donc le d\u00e9fenseur des libert\u00e9s, des droits de     l&rsquo;homme et de l&rsquo;\u00e9galit\u00e9.<\/span><\/p>\n<p> <span lang=\"FR-CH\">    Vu ce r\u00f4le tr\u00e8s important, certains estiment que la profession n&rsquo;est soumise     \u00e0 aucune limite. Par ailleurs, ils pensent que les plaidoiries dans certains     proc\u00e8s politiques ou dits sp\u00e9ciaux sont caract\u00e9ris\u00e9es par une motivation     exag\u00e9r\u00e9e et une politisation du m\u00e9tier d&rsquo;avocat.<\/span><\/p>\n<p> <span lang=\"FR-CH\">    C&rsquo;est pourquoi il est important de faire la distinction entre l&rsquo;avocat et     son client pour \u00e9liminer et mettre fin \u00e0 toute \u00e9quivoque. En plaidant une     affaire dite \u00ab politique \u00bb l&rsquo;avocat ne se consid\u00e8re pas comme l&rsquo;opposant du     r\u00e9gime mais le d\u00e9fenseur de son client par les moyens professionnels     juridiques et de droit. De ce fait, la \u00ab politisation \u00bb de la profession est     un faux probl\u00e8me car la profession d&rsquo;avocat ne peut \u00eatre politis\u00e9e.<\/span><\/p>\n<p> <span lang=\"FR-CH\">    Ceux qui le sont, et c&rsquo;est leur droit, ce sont des avocats qui ont \u00e9t\u00e9 de     tout temps des militants pour l&rsquo;ind\u00e9pendance du pays, des militants au sein     des partis politiques, des militants des droits de l&rsquo;homme et des militants     pour les valeurs de la R\u00e9publique. La plaidoirie est un travail de     professionnel et non de politique. S&rsquo;il a une mission \u00e0 faire valoir,     l&rsquo;avocat ne peut que consolider l&rsquo;\u00e9tat de droit, les principes humanitaires     et la d\u00e9fense d&rsquo;un projet de soci\u00e9t\u00e9 dans le cadre d&rsquo;une approche plus     r\u00e9elle et d\u00e9mocratique. Le choix politique est donc un choix personnel de     structures militantes nationales qui n&rsquo;a rien \u00e0 voir avec le choix     professionnel impartial et neutre.<\/span><\/p>\n<p> <font><b> <span lang=\"FR-CH\">    Quelles solutions proposez-vous pour rem\u00e9dier \u00e0 cette situation ?<\/span><\/b><\/font><\/p>\n<p> <span lang=\"FR-CH\">    Il est n\u00e9cessaire de concevoir une r\u00e9forme qui peut se faire sur la base de     l&rsquo;\u00e9tendue du champ d&rsquo;intervention des avocats \u00e0 de nouveaux domaines : la     couverture sociale g\u00e9n\u00e9ralis\u00e9e pour tous les avocats et des mesures visant \u00e0     permettre aux jeunes avocats et stagiaires d&rsquo;effectuer la p\u00e9riode de stage     dans les meilleures conditions. Et afin de faciliter la t\u00e2che quotidienne     des avocats, il est important de rationaliser les mesures permettant     d&rsquo;arriver \u00e0 ce but.<\/span><\/p>\n<p> <span lang=\"FR-CH\">    Il est aussi n\u00e9cessaire de cr\u00e9er de nouvelles sections dans le ressort de     toutes les cours d&rsquo;appel ainsi que d&rsquo;instaurer des m\u00e9canismes visant le     maniement des fonds par les avocats.<\/span><\/p>\n<p> <span lang=\"FR-CH\">    Il s&rsquo;agit donc de proposer trois s\u00e9ries de mesures : d\u00e9ontologiques,     l\u00e9gislatives et psychologiques.<\/span><\/p>\n<p> <span lang=\"FR-CH\">    Les mesures d\u00e9ontologiques visent \u00e0 assainir la relation entre confr\u00e8res et     \u00e0 instaurer un code de d\u00e9ontologie dans un cadre de r\u00e8glement int\u00e9rieur.     Celui-ci a \u00e9t\u00e9 malheureusement rejet\u00e9 lors de l&rsquo;assembl\u00e9e g\u00e9n\u00e9rale     extraordinaire tenue le 11 f\u00e9vrier 2007. J&rsquo;esp\u00e8re que l&rsquo;une des mesures     urgentes qui doit \u00eatre prise par le nouveau conseil est d&rsquo;approfondir le     projet du r\u00e8glement.<\/span><\/p>\n<p> <span lang=\"FR-CH\">    La deuxi\u00e8me s\u00e9rie de mesures est d&rsquo;une nature l\u00e9gislative et r\u00e9glementaire     et elle concerne les modalit\u00e9s d&rsquo;application de la loi organisant la     profession d&rsquo;avocat le 15 mai 2006 et stipulant la cr\u00e9ation de l&rsquo;Institut     sup\u00e9rieur des avocats. La pr\u00e9sence du Conseil de l&rsquo;ordre dans le d\u00e9roulement     et le fonctionnement de cet institut doit \u00eatre plus importante.<\/span><\/p>\n<p> <span lang=\"FR-CH\">    Il convient aussi d&rsquo;amender l&rsquo;article 46 de la loi de 1989. Dans cet article     bien que conf\u00e9rant \u00e0 l&rsquo;avocat une sorte d&rsquo;immunit\u00e9, cette garantie s&rsquo;av\u00e8re     insuffisante puisque les paragraphes deux et trois du m\u00eame article annoncent     que l&rsquo;avocat pourrait faire l&rsquo;objet de poursuites pendant l&rsquo;exercice de sa     profession. C&rsquo;est pour cela que nous appelons \u00e0 revoir cet article et \u00e0     consolider l&rsquo;immunit\u00e9 de l&rsquo;avocat afin qu&rsquo;il puisse accomplir son r\u00f4le sans     risque aucun.<\/span><\/p>\n<p> <span lang=\"FR-CH\">    Les mesures pr\u00e9sidentielles prises le 7 novembre 2002 n\u00e9cessitent de leur     part une affirmation l\u00e9gislative qui est de nature \u00e0 positiver leur ampleur     au sein du corps des avocats.<\/span><\/p>\n<p> <span lang=\"FR-CH\">    La troisi\u00e8me s\u00e9rie de mesures est d&rsquo;ordre psychologique. Aux yeux de     l&rsquo;opinion publique, la profession d&rsquo;avocat doit \u00eatre bien comprise. Il est     donc important que les m\u00e9dias redonnent au barreau sa place dans la soci\u00e9t\u00e9     comme \u00e9tant une profession g\u00e9n\u00e9reuse qui d\u00e9fend les libert\u00e9s et les droits     de l&rsquo;homme et garantit l&rsquo;\u00e9quit\u00e9 et la justice.<\/span><\/p>\n<p> <span lang=\"FR-CH\">    Pour ce qui est de la couverture sociale, les avocats ont \u00e0 choisir entre le     r\u00e9gime actuel de la retraite fourni par la Caisse sp\u00e9ciale des avocats ou     bien l&rsquo;adh\u00e9sion \u00e0 la Caisse de s\u00e9curit\u00e9 sociale qui a une couverture     \u00e9largie. Il n&rsquo;en reste pas moins que je consid\u00e8re que l&rsquo;adh\u00e9sion \u00e0 une     caisse nationale ne peut enfreindre en aucun cas \u00e0 l&rsquo;ind\u00e9pendance du     barreau.<\/span><\/p>\n<p> <font><b> <span lang=\"FR-CH\">    A votre avis, qu&rsquo;est-ce qui a emp\u00each\u00e9 le conseil sortant \u00e0 d\u00e9passer la crise     ? et qu&rsquo;attendez vous du nouveau conseil ?<\/span><\/b><\/font><\/p>\n<p> <span lang=\"FR-CH\">    Le conseil sortant n&rsquo;a pas \u00e9t\u00e9 bien compris. Il n&rsquo;a pas suivi une strat\u00e9gie     bien d\u00e9termin\u00e9e. Les membres du conseil sortant ont \u00e9t\u00e9 pris de cours par     certains \u00e9v\u00e9nements qui ont frein\u00e9 leurs actions revendicatives. Ils \u00e9taient     contraints.<\/span><\/p>\n<p> <span lang=\"FR-CH\">    Quant au nouveau Conseil, personnellement je me pr\u00e9sente cette fois et je     suis plein d&rsquo;espoir avec un esprit combatif et professionnel. Je pense que     le nouveau conseil peut arriver par le dialogue institutionnel \u00e0 atteindre     des r\u00e9sultats tr\u00e8s positifs.<\/span><\/p>\n<p> <span lang=\"FR-CH\">    Pour l&rsquo;avocat, il n&rsquo;y a pas d&rsquo;affaires perdues, toutes les affaires peuvent     \u00eatre gagn\u00e9es.<\/span><\/p>\n<p> <font><b> <span lang=\"FR-CH\">    Interview r\u00e9alis\u00e9e par Afef BEN ABDELJELIL<\/span><\/b><\/font><\/p>\n<p> <b> <span lang=\"FR-CH\">    (Source\u00a0: \u00ab\u00a0Le Temps\u00a0\u00bb (Quotidien \u2013 Tunis), le 23 juin 2007)<\/span><\/b><\/p>\n<hr\/>\n<p><\/font> <\/div>\n<div> <strong><\/p>\n<hr\/>\n<p><\/strong> <\/p>\n<p><font><font size=\"3\"><strong>Humeur<\/strong><\/font><\/font><\/p>\n<\/div>\n<div align=\"justify\">    \u00a0<\/div>\n<div align=\"justify\">    \u00a0\u00a0\u00a0\u00a0\u00a0\u00a0\u00a0\u00a0\u00a0\u00a0\u00a0\u00a0\u00a0\u00a0\u00a0\u00a0\u00a0\u00a0\u00a0\u00a0\u00a0\u00a0\u00a0\u00a0\u00a0\u00a0\u00a0\u00a0\u00a0\u00a0\u00a0\u00a0\u00a0\u00a0\u00a0\u00a0\u00a0\u00a0\u00a0\u00a0\u00a0\u00a0\u00a0\u00a0\u00a0\u00a0\u00a0\u00a0\u00a0\u00a0\u00a0\u00a0\u00a0\u00a0\u00a0\u00a0\u00a0\u00a0\u00a0\u00a0\u00a0\u00a0\u00a0\u00a0\u00a0\u00a0\u00a0\u00a0\u00a0\u00a0\u00a0\u00a0\u00a0\u00a0\u00a0\u00a0\u00a0\u00a0\u00a0\u00a0\u00a0\u00a0\u00a0\u00a0\u00a0\u00a0\u00a0\u00a0\u00a0\u00a0\u00a0\u00a0\u00a0\u00a0\u00a0\u00a0\u00a0\u00a0\u00a0\u00a0\u00a0\u00a0\u00a0\u00a0\u00a0\u00a0\u00a0\u00a0\u00a0\u00a0\u00a0\u00a0<\/div>\n<div align=\"justify\"> <font><strong><font>\u00a0Nabil Azzouz<\/font><\/strong> <\/font> <strong>Intox<\/strong>\u00a0      Certains\u00a0\u00a0 journaux ont glos\u00e9 derni\u00e8rement sur les \u00e9v\u00e8nements r\u00e9cents de     Turquie (lire surtout Al-Maoukif du 4 et du 25 mai). Ils voulaient r\u00e9gler     leur compte \u00e0 la la\u00efcit\u00e9 en montrant que le gouvernement actuel\u00a0 dirig\u00e9 par     l\u2019islamiste Recep Tayyip Erdogan ne cesse de faire des miracles sur le plan     \u00e9conomique et que l\u2019opposition, entendre de gauche, s\u2019est d\u00e9shonor\u00e9e en     s\u2019alliant avec l\u2019arm\u00e9e. Faux. Tout d\u2019abord, on oublie de dire que l\u2019\u00e9conomie     turque est dump\u00e9e par les aides et les largesses am\u00e9ricaines (Il ne faut pas     oublier que ce pays est un alli\u00e9 strat\u00e9gique des am\u00e9ricains et grand ami de     l\u2019Etat d\u2019Isra\u00ebl) et que\u00a0 les laiss\u00e9s pour compte du miracle capitaliste et     tr\u00e8s lib\u00e9ral turque qui subjugue nos amis, sont l\u00e9gion. Ensuite, et l\u00e0 est     la v\u00e9ritable intox, nos amis ont vite fait de discr\u00e9diter l\u2019opposition     la\u00efque turque en l\u2019accusant de s\u2019\u00eatre fourvoy\u00e9e avec l\u2019arm\u00e9e et d\u2019\u00eatre m\u00eame,     tenez-vous bien, un \u00ab danger pour la d\u00e9mocratie dans le monde islamique \u00bb     (on est encore dans la politique des clins d\u2019\u0153il pour des lendemains qui     chantent). Simple question : si effectivement par le pass\u00e9 l\u2019arm\u00e9e turque a     d\u00fb intervenir pour sauver la la\u00efcit\u00e9 face aux islamistes, qu\u2019est-ce-qui l\u2019en     a emp\u00each\u00e9 cette fois-ci ? Si on avait bien lu, vu et entendu les slogans des     manifestants, descendus par millions d\u2019Ankara \u00e0 Istanbul, on aurait     peut-\u00eatre compris pourquoi l\u2019arm\u00e9e turque est rest\u00e9e finalement tr\u00e8s     discr\u00e8te et cloitr\u00e9e dans ses casernes. Cette soci\u00e9t\u00e9 civile de composantes     diverses, mais unie sous la banni\u00e8re de la la\u00efcit\u00e9 avait pour slogan : \u00ab ni     k\u00e9pi, ni turban \u00bb avec un autre qui revenait sans cesse \u00ab ni charia, ni coup     d\u2019Etat \u00bb. C&rsquo;est-\u00e0-dire que ce mouvement r\u00e9cuse \u00e0 la fois l\u2019arm\u00e9e et les     islamistes\u2026Un vent nouveau souffle sur la Turquie qui s\u2019enracine de plus en     plus dans la d\u00e9mocratie, mais qui h\u00e9las, sans vouloir attrister nos amis,     regarde plut\u00f4t vers Bruxelles que vers la Mecque.<\/div>\n<div align=\"justify\"> <strong>Glacial<\/strong>      Ras-Poutine et Dobeliou Bush, ont d\u00e9cid\u00e9 de nous faire peur et de nous     rejouer la tristement c\u00e9l\u00e8bre Guerre Froide. Ils n\u2019arr\u00eatent pas ces derniers     temps de s\u2019invectiver mutuellement pour quelques missiles de plus. Dans ces     \u00e9bats entre les deux grands qui ne font rire personne, mais qui risquent     surtout de faire disparaitre les six milliards et demi d\u2019individus (sans     compter la faune et la flore) qui peuplent la terre, c\u2019est le Cow-boy du     Texas qui a commenc\u00e9. Des gamins, j\u2019vous dis !! Ce dernier compte installer     en R\u00e9publique Tch\u00e8que et en Pologne ; donc aux portes de la Russie, un     bouclier anti-missiles pour faire face, dit-il, au terrible danger que     repr\u00e9sentent d\u00e9sormais les deux stars de l\u2019axe du mal, l\u2019Iran et la Cor\u00e9e du     Nord. On conna\u00eet tous les bourdes et les visions de strat\u00e8ge (voyez le     bourbier irakien) de l\u2019h\u00f4te de la Maison Blanche. Mais l\u00e0, ou ce type est un     na\u00eff illumin\u00e9, et donc dangereux, ou il nous prend vraiment tous pour des     zozos et c\u2019est encore plus grave. Ami(e)s lecteurs et lectrices, sortons une     mappemonde et regardons ensemble la distance qui s\u00e9pare la Tch\u00e9quie et la     Pologne de l\u2019Iran et de la Cor\u00e9e des Kim !? Ensuite, imaginons par exemple     que la Tunisie, voulant se d\u00e9fendre contre le Burne\u00ef\u00a0 devenu subitement     notre pire ennemi, aille installer une rampe de missiles \u00e0 t\u00eates nucl\u00e9aires     \u00e0 Cuba, chez notre ami Fidel. D\u2019abord, mesurez les distances en pensant \u00e0 \u00ab     l\u2019histoire de l\u2019oreille \u00bb bien de chez nous et je vous laisse bien s\u00fbr     imaginer la r\u00e9action de Bush Jr\u2026  <\/div>\n<div align=\"justify\"> <strong>Chaud, devant\u2026     <\/strong>Le camp de r\u00e9fugi\u00e9s palestiniens de Nahr Al Bared au nord du Liban     (plut\u00f4t un sordide bidonville), n\u2019a jamais aussi mal port\u00e9 son nom\u2026 Depuis     le 20 mai ce \u00ab Nahr Al Dam \u00bb vit sous la terreur de quelques centaines de     barbus tr\u00e8s fortement \u00ab benladenistes \u00bb ,et dont le leader ,l\u2019autre jour \u00e0     la T\u00e9l\u00e9vision, n\u2019h\u00e9sitait pas \u00e0 rappeler aux Musulmans \u00ab\u00a0 leur devoir :celui     de tuer les m\u00e9cr\u00e9ants \u00bb .Pour l\u2019instant ,ce sont 30 soldats libanais qui ont     perdu la vie. Mais ce sont encore une fois les \u00e9ternels r\u00e9fugi\u00e9s     palestiniens qui font les frais de cette folie : d\u00e9j\u00e0 plusieurs dizaines de     victimes civiles , et le toujours dramatique exode des palestiniens     poursuivis par la \u00ab Nakba \u00bb\u2026<\/div>\n<div align=\"justify\"> <strong>Rainbow<\/strong>     Il \u00e9tait une fois un 18 octobre qui avait donn\u00e9 \u00e0 certains beaucoup     d\u2019espoir. Ce jour-l\u00e0 un arc-en-ciel, comme apr\u00e8s les temp\u00eates, est apparu     faisant croire \u00e0 un avenir des plus radieux. Mais en regardant de plus pr\u00e8s,     ses couleurs n\u2019\u00e9taient pas com\u2019d\u2019hab. Il y avait un m\u00e9lange d\u00e9tonnant de     rouge, de vert, de gris, de jaune, de noir et de blanc !? Bon, le 18 octobre     c\u2019est du pass\u00e9, puisque nous sommes le 18 juin et que c\u2019est le calme plat.<\/div>\n<div align=\"justify\"> <strong>C\u00e9.ta.c\u00e9 !<\/strong>     Mes amis, si un jour en passant vous entendez le rire de la baleine qui     voulait devenir pr\u00e9sidente, je vous en prie, arr\u00eatez-vous et dite lui qu\u2019on     l\u2019aime et qu\u2019elle nous manque\u2026 Dites- lui de sortir de son silence qui n\u2019a     que trop dur\u00e9 (c\u2019est assez !)\u2026 Dites- lui que ses mots sont grav\u00e9s dans la     roche\u2026et que chez nous \u00ab El Mr\u00e2a el Ghodhbana \u00bb pardonne toujours au bout\u2026     d\u2019un certain temps.     Ya Banania\u2026 !!     Une Centrale de l\u2019Electrom\u00e9nager, bas\u00e9e \u00e0 la Soukra, a envahi nos boites aux     lettres afin de nous inciter \u00e0 acheter ; ce qui est l\u00e9gitime. En premi\u00e8re     page de leur Pub, il y la photo d\u2019un beau gar\u00e7on apparemment d\u2019origine     africaine, ce qui est un grand signe d\u2019ouverture, voire de nouveau chez     nous. Mais l\u00e0 ou le b\u00e2t blesse, c\u2019est le slogan utilis\u00e9 par la L.C.E : \u00ab     Quand Mamadou aime, Mamadou ach\u00e8te \u00bb. C\u2019est vraiment d\u2019un mauvais go\u00fbt, qui     sent le colonialisme. Sous d\u2019autres cieux on taxe cela de racisme !!<\/div>\n<div align=\"justify\">    \u00a0<\/div>\n<div align=\"justify\"> <strong><font>(Source: \u00ab\u00a0Attariq Al Jadid\u00a0\u00bb nr 61 juin 2007)<\/font><\/strong><\/div>\n<p> <\/font> <\/p>\n<div>\n<hr\/><\/div>\n<div>    \u00a0<\/div>\n<div>    \u00a0<\/div>\n<div>\n<hr\/><\/div>\n<\/p><\/div>\n<div align=\"center\"> <font face=\"Arial\" size=\"2\"><\/p>\n<h2 style=\"color: red;\"><font size=\"3\"><strong>LE PROJET   DU SIECLE : Un nouveau Duba\u00ef \u00e0 Tunis<\/strong><\/font><\/h2>\n<p><\/font><\/div>\n<div align=\"justify\">  \u00a0<\/div>\n<div align=\"justify\">     Des gratte-ciel de plus de soixante \u00e9tages\u2026 des m\u00e9ga-centres commerciaux\u2026 des   r\u00e9sidences au luxe f\u00e9erique\u2026 des espaces sportifs et culturels\u2026 des caf\u00e9s et   restaurants \u00e0 faire p\u00e2lir les grandes m\u00e9tropoles europ\u00e9ennes\u2026 une belle marina   et un port de plaisance\u2026      Ce n\u2019est pas vous qui irez \u00e0 Duba\u00ef, mais c\u2019est Duba\u00ef qui viendra aux portes de   Tunis.      <font>Focus sur le projet du si\u00e8cle sur les berges du Lac-Sud   de Tunis.<\/font>      Si les berges du Lac-Nord ont beaucoup chang\u00e9 la face de Tunis, ceux du   Lac-Sud la m\u00e9tamorphoseront radicalement en la plongeant dans quelques ann\u00e9es   dans un futurisme \u00e9blouissant. Ce r\u00eave deviendra r\u00e9alit\u00e9 dans dix ou quinze   ans gr\u00e2ce aux conventions sign\u00e9es avec diff\u00e9rents investisseurs \u00e9miratis qui   se proposent de r\u00e9aliser de m\u00e9ga-projets, pratiquement des villes nouvelles   int\u00e9gr\u00e9es avec des programmes d\u2019am\u00e9nagement et de constructions immobili\u00e8res \u00e0   caract\u00e8re r\u00e9sidentiel, touristique et commercial qui vont transformer   totalement le paysage urbain qui va prendre des allures futuristes et impulser   un processus de d\u00e9veloppement ouvert sur l\u2019ext\u00e9rieur tendant \u00e0 concr\u00e9tiser la   vision et l\u2019ambition du Pr\u00e9sident de la R\u00e9publique de faire de Tunis un centre   r\u00e9gional d\u2019affaires et de services.      Les impacts positifs seront multiples \u00e0 diff\u00e9rents niveaux : local et   r\u00e9gional, national et international, d\u2019ordre technologique, \u00e9conomique   financier et humain.      <font>De vastes terrains mar\u00e9cageux et pollu\u00e9s : est-ce un   cadeau ?<\/font>      Les pouvoirs publics tunisiens, selon la convention sign\u00e9e avec Sama Duba\u00ef,   ont c\u00e9d\u00e9 836 hectares de terrains pour un dinar symbolique. De quoi s\u2019agit-il   en fait ?      Pour un esprit mal intentionn\u00e9, cela pourrait ressembler \u00e0 un bradage. En fait   il n\u2019en est rien. M\u00eame si le site est strat\u00e9gique, aux portes de Tunis, avec   une fa\u00e7ade maritime, ce qui est exceptionnel pour une capitale politique et   \u00e9conomique en pleine croissance, les terrains c\u00e9d\u00e9s sont en r\u00e9alit\u00e9   mar\u00e9cageux, vaseux, pollu\u00e9s, incultes et d\u00e9saffect\u00e9s depuis toujours.      Certes le Lac Sud , qui d\u00e9gageait des odeurs naus\u00e9abondes en \u00e9t\u00e9 et qui a \u00e9t\u00e9   longtemps le r\u00e9ceptacle des rejets polluants et toxiques des 200 entreprises   industrielles de la banlieue Sud, a bien \u00e9t\u00e9 assaini avec dragage du fond du   Lac, des berges rectifi\u00e9es et am\u00e9nag\u00e9es afin d\u2019assurer la circulation de l\u2019eau   et un remblaiement portant sur 700 ha pour un investissement de 100MDT.      Mais en fait il est peu profond (2 m\u00e8tres) donc peu navigable et peu propice   en l\u2019\u00e9tat actuel \u00e0 la navigation et \u00e0 une mise en valeur facile et peu   co\u00fbteuse.      Il ne s\u2019agit ni d\u2019un cadeau ni d\u2019une cession gratuite car elle implique de   multiples obligations, contraintes engagements et responsabilit\u00e9s. Car pour   \u00e9difier des tours de 20 ou 60 \u00e9tages sur une lagune, il faudra creuser   profond\u00e9ment le sol pour des fondations de 80 \u00e0 110 m et injecter des piliers   de b\u00e9ton sous pression pour s\u00e9curiser les fondations. Tout est donc \u00e0 faire \u00e0   partir d\u2019une nature ingrate : infrastructures et b\u00e2timents, une technologie de   pointe, co\u00fbteuse et complexe, parfois risqu\u00e9e.      <font>Une injection impressionnante d\u2019investissements \u00e0 forte   dose<\/font>      Afin de mieux positionner les ordres de grandeur, relatifs aux investissements   en jeu, faisons quelques comparaisons utiles. Le processus de privatisation   des entreprises publiques, qui court depuis pr\u00e8s de vingt ans, a engendr\u00e9 4   milliards de dinars de recettes pour le budget de l\u2019Etat. Pour ce qui est du   stock global des investissements ext\u00e9rieurs, hors hydrocarbures, depuis   plusieurs d\u00e9cennies en Tunisie, le total est de 6 milliards de dinars. Si l\u2019on   inclut les hydrocarbures, on atteint 9 milliards de DT, alors que pour le Lac   Sud il s\u2019agit de 18 milliards de DT \u00e0 r\u00e9aliser sur quinze ans, ce qui signifie   1.200 millions de DT par an. Il s\u2019agit donc d\u2019un investissement   impressionnant, qui plus est en devises, \u00e0 la charge d\u2019un puissant et riche   investisseur \u00e9tranger.      C\u2019est pratiquement le double du stock total des IDE, r\u00e9alis\u00e9s depuis toujours   dans la Tunisie ind\u00e9pendante, notamment les projets induits par la loi de 72   sur les industries exportatrices, y compris la recherche et l\u2019exploration   p\u00e9troli\u00e8re. Il s\u2019agit d\u2019un m\u00e9ga-projet de grande ampleur par des entreprises   qui ont fait leurs preuves ailleurs. Ce qui est encore plus int\u00e9ressant, c\u2019est   que la presque totalit\u00e9 des financements seront ext\u00e9rieurs, \u00e0 concurrence de   90%, donc pas de risque de crash pour notre syst\u00e8me bancaire. Cependant 10% du   financement de ces investissement ont \u00e9t\u00e9 laiss\u00e9s \u00e0 la discr\u00e9tion des banques   implant\u00e9es en Tunisie pour ne pas les priver totalement d\u2019une manne qui a de   fortes chances de s\u2019av\u00e9rer fructueuse.      <font>Gestion des projets immobiliers : cr\u00e9ation d\u2019une soci\u00e9t\u00e9   mixte Sama-Duba\u00ef-AC HARIS<\/font>      Sama Duba\u00ef est la filiale du Groupe Duba\u00ef Holding, elle est sp\u00e9cialis\u00e9e dans   l\u2019investissement et le d\u00e9veloppement de projets immobiliers et vient   d\u2019annoncer la cr\u00e9ation d\u2019une soci\u00e9t\u00e9 int\u00e9gr\u00e9e pour la gestion des projets   immobiliers en partenariat avec AC-HARIS, celui-ci \u00e9tant consid\u00e9r\u00e9 comme le   leader mondial du conseil et du suivi des projets immobiliers, infrastructures   et installations.      Sama Duba\u00ef compte plus de 200 cadres et employ\u00e9s et le partenariat avec   AC-Haris, riche d\u2019une exp\u00e9rience de 90 ans en mati\u00e8re de conseil de gestion de   projets immobiliers, est susceptible d\u2019engendrer des synergies en mati\u00e8re de   comp\u00e9tences techniques qualitatives pour le pilotage des grands projets   immobiliers. Il s\u2019agit en fait d\u2019un partenariat strat\u00e9gique avec une valeur   ajout\u00e9e certaine pour les projets de Sama Duba\u00ef, qui ambitionne d\u2019atteindre   l\u2019excellence pour ses projets afin de satisfaire les attentes de sa client\u00e8le   d\u2019investisseurs et de propri\u00e9taires immobiliers, confirme son pr\u00e9sident du   Conseil d\u2019Administration, M. Farhane Fredoni. L\u2019\u00e9quipe de gestion des projets   immobiliers de Sama Duba\u00ef a pr\u00e9par\u00e9 le terrain avec succ\u00e8s pour la cr\u00e9ation de   la nouvelle soci\u00e9t\u00e9 tout en respectant les normes internationales les plus   strictes.      On s\u2019attend donc \u00e0 un impact positif gr\u00e2ce \u00e0 l\u2019enrichissement et au   d\u00e9veloppement des comp\u00e9tences humaines et techniques et aux perspectives de   carri\u00e8res prometteuses dans la gestion des projets.      Il faut dire que Sama Duba\u00ef aspire \u00e0 occuper une place de leader en mati\u00e8re de   promotion immobili\u00e8re dans la r\u00e9gion Afrique-Moyen-Orient, tout en \u00e9tant parmi   les cinq premiers dans le monde. Les projets actuellement en cours sont   implant\u00e9s aux Emirats arabes Unis, au Sultanat d\u2019Oman, au Qatar, \u00e0 Bahre\u00efn, en   Turquie et au Maroc.      De son c\u00f4t\u00e9 Richard Clear, pr\u00e9sident d\u2019AC-Haris, affirme : \u00able partenariat   avec Sama Duba\u00ef consiste \u00e0 consacrer sa place d\u2019acteur majeur au niveau   international. Ce partenariat strat\u00e9gique nous permettra de consacrer de   nouvelles normes en mati\u00e8re de services de gestion de projets immobiliers dans   le Monde\u00bb. Une s\u00e9rie de projets immobiliers de grande envergure seront lanc\u00e9s   par Sama Duba\u00ef et b\u00e9n\u00e9ficieront des riches expertises et comp\u00e9tences   professionnelles et techniques d\u2019AC-Haris.      Il y a lieu de mentionner que, fond\u00e9e en 1911, AC-Haris emploie 3.000 cadres   et techniciens ; le si\u00e8ge social est \u00e0 Londres alors que la compagnie dispose   de 43 bureaux r\u00e9gionaux. Elle est sp\u00e9cialis\u00e9e dans le d\u00e9veloppement des   syst\u00e8mes modernes de gestion des projets immobiliers et dispose de r\u00e9f\u00e9rences   de premier plan \u00e0 son actif : l\u2019A\u00e9roport n\u00b05, le stade des Emirats, Duba\u00ef   Marina, les tours des Chambres de commerce de Duba\u00ef.      <font>Une nouvelle ville int\u00e9gr\u00e9e \u00e0 la Capitale   <\/font>   Les berges du Lac Sud ne seront pas une ville dans la ville, ni un ghetto   futuriste et luxueux \u00e9tanche vis-\u00e0-vis du reste de la Capitale ou un appendice   de la Capitale, mais une ville nouvelle tout \u00e0 fait int\u00e9gr\u00e9e avec des   transitions \u00e9l\u00e9gantes n\u00e9goci\u00e9es avec le tissu urbain environnant, notamment le   quartier de la Petite Sicile attenant, appel\u00e9 \u00e0 une totale   restructuration-r\u00e9novation urbaine.      <font>Sauvegarder les attributs de la souverainet\u00e9<\/font>      Il est \u00e9vident que la ville nouvelle sera soumise aux lois et r\u00e9glementations   de la R\u00e9publique Tunisienne, m\u00eame si les terrains ont \u00e9t\u00e9 vendus au promoteur   \u00e9mirati et que celui-ci prendra \u00e0 sa charge \u00e0 l\u2019int\u00e9rieur du p\u00e9rim\u00e8tre la   construction des routes, l\u2019am\u00e9nagement des infrastructures : adduction d\u2019eau,   alimentation en eau et gaz, r\u00e9seau d\u2019assainissement et bien s\u00fbr l\u2019\u00e9dification   des centre de protection civile. C\u2019est ainsi que la s\u00e9curit\u00e9, la justice, la   sant\u00e9 et l\u2019\u00e9ducation seront du ressort des autorit\u00e9s tunisiennes.      Il y a donc lieu d\u2019insister sur ce fait, m\u00eame s\u2019il va de soi : tous les   attributs de la souverainet\u00e9 nationale sont pr\u00e9serv\u00e9s. La nouvelle ville   n\u2019\u00e9chappe pas \u00e0 l\u2019exercice du pouvoir par les autorit\u00e9s tunisiennes. Elle sera   soumise \u00e0 la l\u00e9gislation tunisienne.      <font>Le site investissement Tunisie confort\u00e9 et pl\u00e9biscit\u00e9   <\/font>   Notre pays vient d\u2019acc\u00e9der \u00e0 un palier sup\u00e9rieur d\u2019attractivit\u00e9 vis-\u00e0-vis des   IDE : il a \u00e9t\u00e9 pl\u00e9biscit\u00e9 par plusieurs promoteurs de Kowe\u00eft, Qatar, Emirats   Arabes Unis\u2026 Ce n\u2019est pas un hasard car les ingr\u00e9dients ne manquent pas. Il   est dor\u00e9navant \u00e9ligible aux m\u00e9ga-projets, lourds en investissements avec des   investisseurs exigeants et comportant toujours une prise de risques. D\u2019autant   plus que les investisseurs ont l\u2019embarras du choix car les candidats \u00e0   l\u2019accueil pour ce genre d\u2019investissements ne manquent pas en Asie,   Afrique-M\u00e9diterran\u00e9e, Moyen-Orient et ailleurs. Il est \u00e9vident que le Che\u00efkh   Mhamed Ibn Maktoum, propri\u00e9taire de Duba\u00ef Holding, jouit d\u2019un prestige   particulier parmi les promoteurs \u00e9miratis, d\u2019o\u00f9 l\u2019effet d\u2019entra\u00eenement que ce   projet a et aura sur les autres investisseurs Moyen-Orient dop\u00e9s par les prix   du p\u00e9trole.      <font>Les composantes du projet<\/font>      La nouvelle ville aura une configuration d\u2019urbanisme futuriste au centre avec   des tours de plusieurs dizaines d\u2019\u00e9tages, consacr\u00e9es aussi bien aux bureaux et   si\u00e8ges sociaux d\u2019entreprises off-shore qu\u2019aux r\u00e9sidences de luxe avec des   m\u00e9ga-centres commerciaux et un ou deux h\u00f4tels prestigieux. Au c\u0153ur du projet   il y aura une belle marina, avec autour du port de plaisance, des locaux   r\u00e9sidentiels luxueux et des \u00e9tablissements touristiques et de loisirs   distingu\u00e9s : restaurants, caf\u00e9s\u2026      Au del\u00e0 du centre et en allant vers le Sud, la zone sera am\u00e9nag\u00e9e sous forme   de r\u00e9sidences luxueuses, d\u2019espaces culturels et sportifs noy\u00e9s dans la   verdure.      L\u2019objectif ultime est de faire de la Capitale une plate-forme \u00e9conomique   active \u00e0 vocation r\u00e9gionale, un centre financier et de service haut de gamme   actif et prosp\u00e8re, une destination privil\u00e9gi\u00e9e pour le tourisme de congr\u00e8s, le   tourisme m\u00e9dical, et une plaque tournante entre l\u2019Europe, le Moyen-Orient et   l\u2019Afrique.      <font>Les impacts en mati\u00e8re de croissance<\/font>      L\u2019\u00e9dification d\u2019une ville moderne de cette ampleur, disposant de toutes les   commodit\u00e9s technologiques nouvelles et de tous les attributs du haut standing,   conforme aux normes internationales, \u00e0 cinquante ou soixante minutes par avion   de l\u2019Europe ancr\u00e9e \u00e0 la Tunisie et tourn\u00e9e vers l\u2019ext\u00e9rieur ne manquera pas   d\u2019avoir plusieurs retomb\u00e9es positives sur la croissance du pays.      Durant les travaux sur les chantiers relatifs \u00e0 l\u2019\u00e9dification de cette ville,   qui dureront au minimum dix ans, au bout de deux ann\u00e9es d\u2019\u00e9tudes techniques et   \u00e9conomiques, il y aura au minimum cr\u00e9ation de 8000 \u00e0 9000 emplois. Une fois   que la ville sera op\u00e9rationnelle, on escompte 130.000 emplois permanents,   directs et indirects. Les \u00e9conomistes tablent sur une croissance   suppl\u00e9mentaire de 0,6% du PIB par an d\u00e9coulant de ce programme, soit une   contribution de 10% des pr\u00e9visions \u00e9tablies pour le 11\u00e8me Plan (6% de   croissance annuelle du PIB).      Les projets relatifs \u00e0 la construction de l\u2019ensemble de cette ville consistent   en 26 millions de m\u00e8tres carr\u00e9s couverts, soit une moyenne de 2,6 millions de   m2 couverts par an. Actuellement, il se construit 5 millions de m\u00e8tres carr\u00e9s   de logements par an. Ce projet va donc majorer de 50% l\u2019effort national dans   ce secteur. Cela implique donc d\u2019accro\u00eetre de 50% notre potentiel de   production industrielle en mati\u00e8re de mat\u00e9riaux de construction. A ce propos   il importe d\u2019anticiper sur l\u2019avenir car une briqueterie, une cimenterie ou une   usine sid\u00e9rurgique, \u00e7a ne s\u2019improvise pas en quelques mois ; il faudrait trois   ou quatre ans minimum entre \u00e9tudes, recherche de financement et r\u00e9alisations   pour un projet de ce type pour arriver au stade de la production.      <font>Impulser une dynamique de d\u00e9veloppement tourn\u00e9e vers   l\u2019ext\u00e9rieur   <\/font>   Les secteurs des mat\u00e9riaux de construction, du b\u00e2timent et des travaux publics   ne seront pas les seuls b\u00e9n\u00e9ficiaires de ce projet. Loin de l\u00e0. La Capitale ne   sera pas la seule ville \u00e0 enregistrer des gains de croissance et des avantages   sociaux d\u00e9coulant de l\u2019implantation de cette ville nouvelle. Toute l\u2019\u00e9conomie   tunisienne ainsi que toutes les r\u00e9gions du pays r\u00e9colteront les fruits de ce   projet.      En effet il est pr\u00e9vu que ce projet abrite entre 300 \u00e0 400.000 habitants entre   \u00e9trangers et Tunisiens, entre hommes d\u2019affaires, dirigeants, cadres et   personnels des entreprises h\u00e9berg\u00e9es, r\u00e9sidents permanents ou provisoires,   touristes\u2026      Cela implique une consommation alimentaire quotidienne, des achats de   v\u00eatements, des d\u00e9penses de culture, de loisirs, de tourisme, des frais   professionnels etc. Les centres commerciaux exposeront parmi les produits de   luxe import\u00e9s les produits tunisiens : ce sera la promotion du made in   Tunisia, une exportation sur place.      Toutes les structures \u00e9conomiques ainsi que les institutions publiques vont   \u00eatre dynamis\u00e9es par ce projet.      <font>Les concessions obtenues en faveur de notre pays   <\/font>   Les autorit\u00e9s tunisiennes ont obtenu de la part des promoteurs de Sama Duba\u00ef   plusieurs concessions, parmi lesquelles la prise en charge totale de la part   des Emiratis de plusieurs b\u00e2timents et \u00e9quipements socio-collectifs d\u2019une   superficie de 35.000m2 destin\u00e9s \u00e0 abriter les services de police, de   protection civile et de sant\u00e9 publique, dont un centre administratif   ultra-moderne qui sera pris en charge (mat\u00e9riel et personnel, salaires et   charges sociales) durant dix ans par les promoteurs \u00e9miratis selon le m\u00eame   standing que celui des autres b\u00e2timents de la nouvelle ville. C\u2019est bon \u00e0   prendre !      <font>Avantages accord\u00e9s : un package fiscal   <\/font>   Un package fiscal a \u00e9t\u00e9 conc\u00e9d\u00e9 aux investisseurs \u00e9miratis, il est pr\u00e9vu au   Code des investissements, c\u2019est le prix \u00e0 payer pour voir de gros   investisseurs s\u2019implanter chez nous car ils savent prendre des risques   raisonnables et ma\u00eetrisent les moyens de financement. Ils apportent un   know-how dans l\u2019am\u00e9nagement de l\u2019espace que nous ne ma\u00eetrisons pas, la   cr\u00e9ation de la valeur, une valeur ajout\u00e9e b\u00e9n\u00e9fique pour le pays susceptible   de nous projeter imm\u00e9diatement dans la mondialisation et de servir d\u2019effet de   levier pour le processus de croissance, c\u2019est ainsi que si les promoteurs   immobiliers \u00e9miratis b\u00e9n\u00e9ficient d\u2019une exon\u00e9ration d\u2019imp\u00f4ts \u00e0 vie, les   entreprises qui s\u2019installent dans la zone et sont totalement exportatrices   b\u00e9n\u00e9ficieront d\u2019une exon\u00e9ration fiscale de trente ans.      <font>Des obligations \u00e0 la charge de l\u2019Etat   <\/font>   L\u2019Etat aura pour charge d\u2019amener \u00e0 la limite du terrain c\u00e9d\u00e9 toutes les   infrastructures et viabilit\u00e9s n\u00e9cessaires \u00e0 l\u2019am\u00e9nagement et au fonctionnement   de la nouvelle ville : r\u00e9seau d\u2019adduction d\u2019eau, r\u00e9seau d\u2019assainissement,   r\u00e9seau d\u2019alimentation en \u00e9lectricit\u00e9, connexion au r\u00e9seau routier.      Ces travaux et am\u00e9nagements sont certes co\u00fbteux mais sont n\u00e9cessaires de toute   fa\u00e7on, peu importe la nature ou la nationalit\u00e9 de l\u2019investisseur. Ils sont   d\u2019ailleurs conformes aux dispositions au Code des investissements qui implique   des incitations en faveur des promoteurs.      <font>Propulser notre pays dans l\u2019innovation et la   mondialisation<\/font>      Il nous appartient d\u2019optimiser et de maximiser l\u2019impact de la ville nouvelle   sur notre \u00e9conomie et notre soci\u00e9t\u00e9. En effet nous devons b\u00e9n\u00e9ficier de   transferts de technologie multiples, par exemple le recours au pr\u00e9fabriqu\u00e9   dans le b\u00e2timent pour construire vite et bien un co\u00fbt \u00e9conomique.   L\u2019implantation de la ville de l\u2019Internet donnera un nouveau souffle \u00e0 nos TIC,   et en m\u00eame temps un d\u00e9bouch\u00e9 pour l\u2019emploi de nos dipl\u00f4m\u00e9s du Sup\u00e9rieur en   Informatique. D\u2019autres activit\u00e9s dans les services haut de gamme (M\u00e9dical) qui   vont s\u2019implanter dans la foul\u00e9e vont propulser notre pays dans la   mondialisation; c\u2019est gr\u00e2ce \u00e0 ce projet que certains obstacles ont l\u00e9galement   \u201csaut\u00e9\u201d. En effet il n\u2019y aura pas d\u2019autorisation pour les \u00e9trangers pour \u00eatre   propri\u00e9taire d\u2019un terrain ou d\u2019un appartement par exemple. Ce projet est en   fait une premi\u00e8re sur tous les plans.      <font>R\u00e9concilier Tunis avec sa fa\u00e7ade maritime   <\/font>   Les Tunisois ont de tout temps \u00e9t\u00e9 frustr\u00e9s de ne pas avoir une plage de sable   fin des loisirs maritimes, ou encore un port de p\u00eache ou de plaisance \u00e0   proximit\u00e9 imm\u00e9diate du centre ville alors que la Capitale est au bord de   l\u2019eau.      Voir des voiliers naviguer sur le Lac Nord ou Sud, faire du ski nautique,   d\u00e9ambuler sur les quais \u00e0 l\u2019ombre des palmiers ou encore parcourir des   promenades sur un front de mer parsem\u00e9 de terrasses de caf\u00e9s ou de   restaurants, ou bien amarrer son bateau \u00e0 l\u2019un des 250 anneaux pr\u00e9vus en   premi\u00e8re tranche \u00e0 la Marina de Tunis ne sera plus un r\u00eave mais une r\u00e9alit\u00e9   concr\u00e8te dans dix ou quinze ans.      Le Lac Sud a d\u00e9j\u00e0 au moins deux voies d\u2019acc\u00e8s et de circulation avec la haute   mer du Golfe de Tunis : il suffira de draguer le fond du lac pour m\u00e9nager des   chenaux et voies de circulation pour les yachts qui veulent accoster cot\u00e9 sud.      Pour l\u2019am\u00e9nagement de l\u2019ancien port de commerce de Tunis en port de plaisance,   il n\u2019y a aucun probl\u00e8me puisque le canal Goulette-Tunis a un tirant d\u2019eau de   8m et que le pont suspendu en cours de construction pr\u00e9voit le passage des   bateaux avec des mats de 10 m de hauteurs.      Une r\u00e9partition rationnelle et \u00e9quilibr\u00e9e des espaces      La nouvelle ville qui sera \u00e9difi\u00e9e sur les berges du Lac Sud de Tunis sera une   ville int\u00e9gr\u00e9e avec une r\u00e9partition rationnelle et \u00e9quilibr\u00e9e des espaces   entre les diff\u00e9rentes fonctions urbaines. C\u2019est ainsi que la part r\u00e9serv\u00e9e aux   \u00e9quipements de base et aux services socio &#8211; culturels sera de l\u2019ordre de 50   ha, tandis que les quartiers r\u00e9sidentiels occuperont une superficie de 270 ha   environ.      La zone r\u00e9serv\u00e9e aux activit\u00e9s industrielles et commerciales non polluantes   sera de 90 ha.      Les espaces verts am\u00e9nag\u00e9s et les terrains de sport occuperont un espace de   280 ha. Il s\u2019agit bien s\u00fbr des surfaces nettes, hors infrastructures de base.      <font>Qui est Sama Duba\u00ef ?   <\/font>   Soci\u00e9t\u00e9 priv\u00e9e appartenant \u00e0 Duba\u00ef Holding. Activit\u00e9 principale :   investissement immobilier local, r\u00e9gional et international ainsi que les   secteurs li\u00e9s.      Le portefeuille d\u2019investissement de Sama Duba\u00ef consiste en des partenaires   mondiaux, des investissements de premier plan et des projets immobiliers de   grand standing : sites touristiques renomm\u00e9s :      &#8211; label SALAM, M\u00e9ga-centres commerciaux avec de grandes enseignes et tours   impressionnantes ;      &#8211; label Duba\u00ef Towers, les r\u00e9alisations les plus connues sont : Duba\u00ef Towers \u00e0   Doha (Qatar), \u00e0 Istanbul (Turquie) et \u00e0 Casablanca (Maroc), Amwaj \u00e0 Rabat,   Kheirane \u00e0 Duba\u00ef, Marina de Casablanca, Salam Resort \u00e0 Bahre\u00efn et Oman.      <font><strong>(Source : \u00ab \u064cR\u00e9alit\u00e9s \u00bb (Magazine Hebdomadaire \u2013   Tunis), N\u00b0 1121 du 21 juin 2007)<\/strong><\/font><\/div>\n<div>  \u00a0<\/div>\n<div>\n<hr\/>\n<\/div>\n<div align=\"center\"> <font face=\"Arial\" size=\"2\"><\/p>\n<h2 style=\"color: red;\"><font size=\"3\"><strong>Bienvenue   en Palestine!<\/strong><\/font><\/h2>\n<p><\/font><\/div>\n<div>  \u00a0<\/div>\n<div align=\"justify\"> <font><strong>Par Robert Fisk<\/strong> <\/font>   Ah ! Les Musulmans au Proche-Orient ! Comme ils peuvent \u00eatre p\u00e9nibles ! Pour   commencer, nous exigeons des Palestiniens qu\u2019ils \u00e9pousent la d\u00e9mocratie. Mais   eux, ensuite, ils \u00e9lisent le mauvais parti &#8211; le Hamas &#8211; et apr\u00e8s cela celui-ci   remporte une mini guerre civile et pr\u00e9side sur la Bande de Gaza. Et nous, les   Occidentaux, voulons toujours n\u00e9gocier avec le pr\u00e9sident discr\u00e9dit\u00e9 [de   l\u2019Autorit\u00e9 Palestinienne], Mahmoud Abbas. La \u00ab\u00a0Palestine\u00a0\u00bb d\u2019aujourd\u2019hui &#8211; et   laissons ses guillemets \u00e0 leur place ! &#8211; a deux Premiers ministres. Bienvenue   au Proche-Orient !   \u00a0   Avec qui pouvons-nous n\u00e9gocier ? A qui nous adressons-nous ? Oui, bien s\u00fbr,   nous aurions d\u00fb parler au Hamas depuis des mois. Mais nous n\u2019aimions pas ce   gouvernement d\u00e9mocratiquement \u00e9lu par les Palestiniens. Ces Palestiniens qui   \u00e9taient cens\u00e9s voter pour le Fatah et sa direction corrompue. Mais c\u2019est pour   le Hamas qu\u2019ils ont vot\u00e9. Le Hamas qui refuse de reconna\u00eetre Isra\u00ebl ou de   respecter l\u2019Accord d\u2019Oslo totalement discr\u00e9dit\u00e9.   \u00a0   Personne n\u2019a demand\u00e9 &#8211; dans notre camp &#8211; quel Isra\u00ebl particulier le Hamas   \u00e9tait suppos\u00e9 reconna\u00eetre. Isra\u00ebl de 1948 ? Isra\u00ebl des fronti\u00e8res d\u2019apr\u00e8s 1697   ? Isra\u00ebl qui construit &#8211; et continue de construire &#8211; de vastes colonies pour   les Juifs et seulement les Juifs sur la terre arabe, avalant encore plus des   22% de la \u00ab\u00a0Palestine\u00a0\u00bb qui restent \u00e0 n\u00e9gocier ?   \u00a0   Et c\u2019est pourquoi, aujourd\u2019hui, nous sommes cens\u00e9s discuter avec notre loyal   policier, M. Abbas, le dirigeant palestinien \u00ab\u00a0mod\u00e9r\u00e9\u00a0\u00bb. (C\u2019est ce qu\u2019en disent   la BBC, CNN et Fox News). Un homme qui a \u00e9crit un livre de 600 pages sur [le   processus d\u2019] Oslo sans mentionner une seule fois le mot \u00ab\u00a0occupation\u00a0\u00bb. Un   homme qui a toujours parl\u00e9 du \u00ab\u00a0red\u00e9ploiement\u00a0\u00bb isra\u00e9lien plut\u00f4t que du   \u00ab\u00a0retrait\u00a0\u00bb. Un \u00ab\u00a0dirigeant\u00a0\u00bb en qui nous pouvons avoir confiance parce qu\u2019il   porte une cravate, se rend \u00e0 la Maison Blanche et dit toutes les choses qu\u2019il   faut dire. Ce n\u2019est pas parce qu\u2019ils voulaient une r\u00e9publique islamique que   les Palestiniens ont vot\u00e9 pour le Hamas &#8211; mais c\u2019est ce qu\u2019on dira apr\u00e8s leur   sanglante victoire -, Ils ont vot\u00e9 pour le Hamas parce qu\u2019ils en avaient marre   de la corruption du Fatah, le parti de M. Abbas, et de la nature pourrie de l\u2019   \u00ab\u00a0Autorit\u00e9 Palestinienne\u00a0\u00bb.   \u00a0   Je me souviens avoir \u00e9t\u00e9 convoqu\u00e9, il y a des ann\u00e9es, chez un officiel de   l\u2019Autorit\u00e9 Palestinienne dont les murs venaient juste d\u2019\u00eatre crev\u00e9s par l\u2019obus   d\u2019un char isra\u00e9lien. V\u00e9ridique. Mais ce qui me frappa, c\u2019\u00e9tait les robinets   plaqu\u00e9s-or dans sa salle de bain. Ce sont ces robinets &#8211; ou les choses de cet   acabit &#8211; qui ont co\u00fbt\u00e9 au Fatah son \u00e9lection. Les Palestiniens voulaient la   fin de la corruption &#8211; le cancer du monde arabe &#8211; et c\u2019est pourquoi ils ont   vot\u00e9 pour le Hamas. Et alors, nous, l\u2019Occident si sage et si bon, avons d\u00e9cid\u00e9   de les sanctionner, de les affamer et de les maltraiter pour avoir vot\u00e9   librement. Peut-\u00eatre devrions-nous offrir la qualit\u00e9 de membre de l\u2019Union   Europ\u00e9enne \u00e0 la \u00ab\u00a0Palestine\u00a0\u00bb si elle avait la gr\u00e2ce de voter pour les bonnes   personnes ?   \u00a0   <font>Au Proche-Orient, c\u2019est partout la m\u00eame chose.<\/font>   \u00a0   En Afghanistan, nous soutenons Hamid Karzai, m\u00eame s\u2019il garde des chefs de   guerre et des barons de la drogue dans son gouvernement. (Et, soit dit en   passant, nous sommes vraiment d\u00e9sol\u00e9s pour tous ces civils afghans innocents   que nous tuons dans notre \u00ab\u00a0guerre contre la terreur\u00a0\u00bb sur les terres   abandonn\u00e9es de la province du Helmand).   \u00a0   Nous aimons l\u2019Egyptien Hosni Moubarak. Ses tortionnaires n\u2019en ont pas encore   fini avec les politiciens des Fr\u00e8res Musulmans, arr\u00eat\u00e9s r\u00e9cemment \u00e0   l\u2019ext\u00e9rieur du Caire. Sa pr\u00e9sidence a re\u00e7u le soutien chaleureux de Mme &#8211; oui,   Mme &#8211; George W. Bush &#8211; et dont la succession passera presque certainement \u00e0   son fils, Gamal.   \u00a0   Nous adorons Muammar Kadhafi, le dictateur fou de la Libye. Ses loups-garous   ont assassin\u00e9 ses opposants \u00e0 l\u2019\u00e9tranger. Son complot pour assassiner le Roi   Abdallah d\u2019Arabie Saoudite a pr\u00e9c\u00e9d\u00e9 la r\u00e9cente visite de Tony Blair \u00e0   Tripoli. Le colonel Kadhafi, devrait-on se souvenir, a \u00e9t\u00e9 appel\u00e9 \u00ab\u00a0homme   d\u2019Etat\u00a0\u00bb par Jack Straw pour avoir abandonn\u00e9 ses ambitions nucl\u00e9aires qui   n\u2019existaient pas. Et sa \u00ab\u00a0d\u00e9mocratie\u00a0\u00bb nous est parfaitement acceptable parce   qu\u2019il est de notre c\u00f4t\u00e9 dans la \u00ab\u00a0guerre contre la terreur\u00a0\u00bb.   \u00a0   Oui, nous aimons la monarchie du Roi Abdallah en Jordanie et tous les princes   et les \u00e9mirs du Golfe, en particulier ceux qui re\u00e7oivent des pots-de-vin si   gros de nos soci\u00e9t\u00e9s d\u2019armement que m\u00eame Scotland Yard doit clore ses   investigations sur les ordres de notre Premier ministre &#8211; et oui, je peux tr\u00e8s   bien voir pourquoi il n\u2019aime pas la mani\u00e8re dont The Independent couvre ce   qu\u2019il appelle de fa\u00e7on pittoresque le \u00ab\u00a0Moyen-Orient\u00a0\u00bb. Si seulement les Arabes   &#8211; et les Iraniens &#8211; pouvaient soutenir nos rois, nos shahs et nos princes,   dont les fils et les filles sont \u00e9duqu\u00e9s \u00e0 Oxford et \u00e0 Harvard, comme le   \u00ab\u00a0Moyen-Orient\u00a0\u00bb serait plus facile \u00e0 contr\u00f4ler !   \u00a0   Il s\u2019agit bien de cela &#8211; du contr\u00f4le &#8211; et c\u2019est pourquoi nous tenons bon et   que nous retirons nos faveurs \u00e0 leurs dirigeants. Maintenant que Gaza   appartient au Hamas, que vont faire nos propres dirigeants \u00e9lus ? Tous nos   dogmatiques de l\u2019UE, de l\u2019ONU, de Washington et de Moscou doivent-ils   d\u00e9sormais parler \u00e0 ces gens mis\u00e9rables et ingrats (je crains que non,   puisqu\u2019ils ne seront pas capables de leur serrer la main) ou devront-ils   reconna\u00eetre la version cisjordanienne de la Palestine (Abbas, la paire de bras   sans danger), tout en ignorant le Hamas \u00e9lu et militairement victorieux \u00e0 Gaza   ?   \u00a0   C\u2019est facile, bien s\u00fbr, d\u2019appeler la mal\u00e9diction sur chacune de leurs maisons.   Mais c\u2019est ce que nous disons de tout le Proche-Orient. Si seulement Bashar   al-Assad n\u2019\u00e9tait pas le Pr\u00e9sident de la Syrie (Dieu seul sait quelle serait   l\u2019alternative !) ou si le Pr\u00e9sident cingl\u00e9 Mahmoud Ahmadinejad n\u2019\u00e9tait pas aux   manettes de l\u2019Iran (m\u00eame s\u2019il ne sait qu\u2019approximativement ce qu\u2019est un   missile nucl\u00e9aire). Si seulement le Liban \u00e9tait une d\u00e9mocratie bien de chez   nous comme nos petits pays de derri\u00e8re les fagots &#8211; la Belgique, par exemple,   ou le Luxembourg. Mais non ! Ces satan\u00e9s Proche-Orientaux votent pour les   mauvaises personnes, soutiennent les mauvaises personnes, ne se comportent pas   comme nous, les Occidentaux civilis\u00e9s.   \u00a0   Alors, qu\u2019allons-nous faire ? Soutenir la r\u00e9occupation de Gaza, peut-\u00eatre ?   Nous ne critiquerons certainement pas Isra\u00ebl. Et nous continuerons de donner   notre affection aux rois et aux princes &#8211; et aux pr\u00e9sidents disgracieux &#8211; du   Proche-Orient, jusqu\u2019\u00e0 ce que toute la r\u00e9gion nous p\u00e8te \u00e0 la figure. Et,   ensuite, nous dirons &#8211; comme nous le disons d\u00e9j\u00e0 aux Irakiens &#8211; qu\u2019ils ne   m\u00e9ritent pas notre sacrifice et notre amour.   \u00a0   Comment traitons-nous un coup d\u2019Etat fait par un gouvernement \u00e9lu ?<\/div>\n<div align=\"justify\">  \u00a0<\/div>\n<div align=\"justify\"> <strong><font>(Source: The Independent, le 16 juin 2007)   \u00a0   [article original : \u00ab\u00a0Robert Fisk : Welcome to \u2019Palestine\u2019\u00a0\u00bb]<\/font><\/strong><\/div>\n<p align=\"center\" dir=\"ltr\">\u00a0<\/p>\n<p align=\"center\"><b><a href=\"http:\/\/www.tunisnews.net\"><span><font>Home<\/font><\/span><font><span lang=\"FR-CH\"> &#8211; Accueil <\/span><span>&#8211; <\/span><\/font><span dir=\"rtl\" lang=\"AR-SA\"><font>\u0627\u0644\u0631\u0626\u064a\u0633\u064a\u0629<\/font><\/span><\/a><\/b><\/p>\n<p><\/body><\/body><\/html><\/p>\n","protected":false},"excerpt":{"rendered":"<p>Home &#8211; Accueil &#8211; \u0627\u0644\u0631\u0626\u064a\u0633\u064a\u0629 TUNISNEWS 8\u00a0\u00e8me\u00a0ann\u00e9e, N\u00b0\u00a02587\u00a0du 23.06.2007 \u00a0archives : www.tunisnews.net \u00a0 \u00a0 Le bureau juridique et d\u2019information de l\u2019association Ez-Zeitouna: Communiqu\u00e9 juridique:Tortur\u00e9 jusqu\u2019\u00e0 perdre la raison Ahmed Ouerghemi:\u00a0 A ceux qui peuvent\u00a0 m&rsquo;aider\u2026:Objet : demande de visa pour mes enfants Emmanuel Rollinde: Rencontre avec le comit\u00e9 du 18 octobre. Tunisie AFP:Tunisie: un vol [&hellip;]<\/p>\n","protected":false},"author":1,"featured_media":22040,"comment_status":"open","ping_status":"open","sticky":false,"template":"","format":"standard","meta":{"inline_featured_image":false,"site-sidebar-layout":"default","site-content-layout":"","ast-site-content-layout":"default","site-content-style":"default","site-sidebar-style":"default","ast-global-header-display":"","ast-banner-title-visibility":"","ast-main-header-display":"","ast-hfb-above-header-display":"","ast-hfb-below-header-display":"","ast-hfb-mobile-header-display":"","site-post-title":"","ast-breadcrumbs-content":"","ast-featured-img":"","footer-sml-layout":"","ast-disable-related-posts":"","theme-transparent-header-meta":"","adv-header-id-meta":"","stick-header-meta":"","header-above-stick-meta":"","header-main-stick-meta":"","header-below-stick-meta":"","astra-migrate-meta-layouts":"default","ast-page-background-enabled":"default","ast-page-background-meta":{"desktop":{"background-color":"","background-image":"","background-repeat":"repeat","background-position":"center center","background-size":"auto","background-attachment":"scroll","background-type":"","background-media":"","overlay-type":"","overlay-color":"","overlay-opacity":"","overlay-gradient":""},"tablet":{"background-color":"","background-image":"","background-repeat":"repeat","background-position":"center center","background-size":"auto","background-attachment":"scroll","background-type":"","background-media":"","overlay-type":"","overlay-color":"","overlay-opacity":"","overlay-gradient":""},"mobile":{"background-color":"","background-image":"","background-repeat":"repeat","background-position":"center center","background-size":"auto","background-attachment":"scroll","background-type":"","background-media":"","overlay-type":"","overlay-color":"","overlay-opacity":"","overlay-gradient":""}},"ast-content-background-meta":{"desktop":{"background-color":"var(--ast-global-color-5)","background-image":"","background-repeat":"repeat","background-position":"center center","background-size":"auto","background-attachment":"scroll","background-type":"","background-media":"","overlay-type":"","overlay-color":"","overlay-opacity":"","overlay-gradient":""},"tablet":{"background-color":"var(--ast-global-color-5)","background-image":"","background-repeat":"repeat","background-position":"center center","background-size":"auto","background-attachment":"scroll","background-type":"","background-media":"","overlay-type":"","overlay-color":"","overlay-opacity":"","overlay-gradient":""},"mobile":{"background-color":"var(--ast-global-color-5)","background-image":"","background-repeat":"repeat","background-position":"center center","background-size":"auto","background-attachment":"scroll","background-type":"","background-media":"","overlay-type":"","overlay-color":"","overlay-opacity":"","overlay-gradient":""}},"footnotes":""},"categories":[],"tags":[58,38,29],"class_list":["post-18464","post","type-post","status-publish","format-standard","has-post-thumbnail","hentry","tag-58","tag-38","tag-fr"],"_links":{"self":[{"href":"https:\/\/tunisnews.net\/ar\/wp-json\/wp\/v2\/posts\/18464","targetHints":{"allow":["GET"]}}],"collection":[{"href":"https:\/\/tunisnews.net\/ar\/wp-json\/wp\/v2\/posts"}],"about":[{"href":"https:\/\/tunisnews.net\/ar\/wp-json\/wp\/v2\/types\/post"}],"author":[{"embeddable":true,"href":"https:\/\/tunisnews.net\/ar\/wp-json\/wp\/v2\/users\/1"}],"replies":[{"embeddable":true,"href":"https:\/\/tunisnews.net\/ar\/wp-json\/wp\/v2\/comments?post=18464"}],"version-history":[{"count":0,"href":"https:\/\/tunisnews.net\/ar\/wp-json\/wp\/v2\/posts\/18464\/revisions"}],"wp:featuredmedia":[{"embeddable":true,"href":"https:\/\/tunisnews.net\/ar\/wp-json\/wp\/v2\/media\/22040"}],"wp:attachment":[{"href":"https:\/\/tunisnews.net\/ar\/wp-json\/wp\/v2\/media?parent=18464"}],"wp:term":[{"taxonomy":"category","embeddable":true,"href":"https:\/\/tunisnews.net\/ar\/wp-json\/wp\/v2\/categories?post=18464"},{"taxonomy":"post_tag","embeddable":true,"href":"https:\/\/tunisnews.net\/ar\/wp-json\/wp\/v2\/tags?post=18464"}],"curies":[{"name":"wp","href":"https:\/\/api.w.org\/{rel}","templated":true}]}}