{"id":18385,"date":"2009-08-05T00:00:00","date_gmt":"2009-08-05T00:00:00","guid":{"rendered":"https:\/\/tunisnews.net\/5-aout-2009\/"},"modified":"2009-08-05T00:00:00","modified_gmt":"2009-08-05T00:00:00","slug":"5-aout-2009","status":"publish","type":"post","link":"https:\/\/tunisnews.net\/ar\/5-aout-2009\/","title":{"rendered":"5 ao\u00fbt 2009"},"content":{"rendered":"<p><html><head><meta content=\"text\/html\" description=\"FIDH &amp; \t\t\t\t\t\t\t\t\t\t\t\t\t\t\t\t\t\tCCPR: \t\t\t\t\t\t\t\t\t\t\t\t\t\t\t\t\t\tPlus \t\t\t\t\t\t\t\t\t\t\t\t\t\t\t\t\t\td'un an \t\t\t\t\t\t\t\t\t\t\t\t\t\t\t\t\t\tapr\u00e8s le \t\t\t\t\t\t\t\t\t\t\t\t\t\t\t\t\t\tconstat \t\t\t\t\t\t\t\t\t\t\t\t\t\t\t\t\t\talarmant \t\t\t\t\t\t\t\t\t\t\t\t\t\t\t\t\t\tdress\u00e9 \t\t\t\t\t\t\t\t\t\t\t\t\t\t\t\t\t\tpar le \t\t\t\t\t\t\t\t\t\t\t\t\t\t\t\t\t\tComit\u00e9 \t\t\t\t\t\t\t\t\t\t\t\t\t\t\t\t\t\tdes \t\t\t\t\t\t\t\t\t\t\t\t\t\t\t\t\t\tdroits \t\t\t\t\t\t\t\t\t\t\t\t\t\t\t\t\t\tde \t\t\t\t\t\t\t\t\t\t\t\t\t\t\t\t\t\tl'Homme, \t\t\t\t\t\t\t\t\t\t\t\t\t\t\t\t\t\tla \t\t\t\t\t\t\t\t\t\t\t\t\t\t\t\t\t\tTunisie \t\t\t\t\t\t\t\t\t\t\t\t\t\t\t\t\t\tcontinue \t\t\t\t\t\t\t\t\t\t\t\t\t\t\t\t\t\tde \t\t\t\t\t\t\t\t\t\t\t\t\t\t\t\t\t\tvioler \t\t\t\t\t\t\t\t\t\t\t\t\t\t\t\t\t\tles \t\t\t\t\t\t\t\t\t\t\t\t\t\t\t\t\t\tdroits \t\t\t\t\t\t\t\t\t\t\t\t\t\t\t\t\t\tcivils \t\t\t\t\t\t\t\t\t\t\t\t\t\t\t\t\t\tet \t\t\t\t\t\t\t\t\t\t\t\t\t\t\t\t\t\tpolitiques \t\t\t\t\t\t\t\t\t\t\t\t\t\t\t\t\t\tde ses \t\t\t\t\t\t\t\t\t\t\t\t\t\t\t\t\t\tcitoyens\" http-equiv=\"Content-Type\"\/><\/head><body><body><\/p>\n<p align=\"center\" dir=\"ltr\"><font face=\"Arial\" size=\"2\"><b><a href=\"https:\/\/tunisnews.net\/ar\/\"><span>Home<\/span><span lang=\"FR-CH\"> &#8211; Accuei<\/span><\/a><span lang=\"FR-CH\">l<\/span><\/b><\/font><\/p>\n<div>\n<div>\n<div><font face=\"Arial\" size=\"2\"><\/p>\n<div align=\"justify\">\n<div><font size=\"2\"><\/p>\n<div align=\"justify\">\n<div>\n<div onclick=\"return Control.invoke('ReadingPane', '_onBodyClick', event);\">\n<div>\n<div>\n<div>\n<div>\n<div>\n<div><font face=\"Arial\" size=\"2\"><\/p>\n<div>\n<div align=\"justify\">\n<div>\u00a0<meta content=\"Microsoft SafeHTML\"\/><\/p>\n<style>.ExternalClass .EC_hmmessage P{padding:0px;}.ExternalClass body.EC_hmmessage{font-size:10pt;font-family:Verdana;}<\/style>\n<div><font face=\"Arial\" size=\"2\"><\/p>\n<div><\/div>\n<div align=\"center\"><font size=\"7\"><strong>TUNISNEWS<\/strong><\/font><\/div>\n<div align=\"center\" dir=\"ltr\"><font><\/p>\n<div><strong>9\u00a0\u00e8me ann\u00e9e, <span lang=\"FR\">N\u00b0\u00a03361 du 05.08.2009<\/span><\/strong><\/div>\n<p><\/font><\/div>\n<div align=\"center\"><span><font><strong><font>\u00a0archives<\/font> :<\/strong><\/font><a target=\"_blank\" rel=\"noopener\"><font><strong>www.tunisnews.net<\/strong><\/font><\/a><\/span><font>\u00a0<\/font>\u00a0 <\/div>\n<p><font><\/p>\n<div>\n<hr\/>\n<\/div>\n<p><\/font><\/font><\/div>\n<div><font face=\"Arial\" size=\"2\"><strong><\/p>\n<p><font>Amnesty International: Tunisian detained after forcible return <font>FIDH &amp; CCPR: Plus d&rsquo;un an apr\u00e8s le constat alarmant dress\u00e9 par le Comit\u00e9 des droits de l&rsquo;Homme, la Tunisie continue de violer les droits civils et politiques de ses citoyens<\/font> Comit\u00e9 de D\u00e9fense du Professeur Moncef Ben Salem: Communiqu\u00e9 <font>Slim Bagga: Allo Imed,\u00a0 pourquoi tu n \u00e9ternues plus\u2026 ?<\/font> Globalnet: Alg\u00e9riens en Tunisie : \u00ab\u00a0La poule aux \u0153ufs d\u2019or\u00a0\u00bb <font>AFP: Alg\u00e9rie: calme pr\u00e9caire dans un quartier th\u00e9\u00e2tre d&rsquo;affrontements entre Chinois et Alg\u00e9riens<\/font> Jeune Afrique: Alg\u00e9rie: Les Pieds Nickel\u00e9s \u00e0 El-Tarf <font>AFP: Mauritanie: le g\u00e9n\u00e9ral Aziz investi pr\u00e9sident un an apr\u00e8s son coup d&rsquo;Etat<\/font> Liberation.fr: Ahmed Benchemsi \u00abIl y a une libert\u00e9 d&rsquo;expression r\u00e9elle au Maroc, mais elle n&rsquo;est pas garantie\u00bb <font>AFP: Congr\u00e8s du Fatah: querelles entre d\u00e9l\u00e9gu\u00e9s et direction du parti palestinien<\/font> Reuters: La vieille garde du Fatah accus\u00e9e de \u00ab\u00a0d\u00e9tourner\u00a0\u00bb son congr\u00e8s <font>AFP: Erdogan optimiste apr\u00e8s une rencontre avec le chef du principal parti kurde<\/font> AFP: Iran: Ahmadinejad investi, Moussavi promet la poursuite du mouvement<\/font><\/p>\n<p><\/strong><\/font><\/div>\n<div>\n<hr\/>\n<\/div>\n<div><font face=\"Arial\" size=\"2\"><\/p>\n<p align=\"center\">URGENT ACTION<\/p>\n<p align=\"center\"><span><span lang=\"EN-GB\"><strong><\/p>\n<h2 style=\"color: red;\"><font size=\"3\">TUNISIAN DETAINED AFTER FORCIBLE RETURN<\/font><\/h2>\n<p><\/strong><\/span><\/span><\/p>\n<p><span lang=\"EN-GB\"><strong>Tunisian national Ali Ben Sassi Toumi has been held incommunicado since being forcibly returned from Italy on 2 August. His relatives have not been informed of his whereabouts, and he is at risk of torture and other ill-treatment.<\/strong><\/span><\/p>\n<p><strong>Ali Ben Sassi Toumi<\/strong>, aged 44, was arrested at the airport<b><\/b>in the Tunisian capital, Tunis, following his forcible return from Italy. He sent an SMS (text) message to his wife in Italy to say that he had arrived, but he did not meet a friend who was waiting for him at the airport, and his family has not heard from him since. He is believed to be held at the Department of State Security (DSS) of the Ministry of Interior in Tunis. Detainees held incommunicado there are at risk of torture and other ill-treatment.<\/p>\n<p><span lang=\"EN-GB\">The Tunisian authorities have not informed any of Ali Ben Sassi Toumi\u2019s immediate relatives in Tunisia about the reasons for and place of his detention, as required under Tunisian law, despite inquiries from his lawyer.<\/span><\/p>\n<p><span lang=\"EN-GB\">Ali Ben Sassi Toumi was released from prison in Benevento, Italy, on 18 May, after serving four years of a six-year sentence on charges of belonging to a terrorist cell in Italy and recruiting fighters for the insurgency in Iraq. He applied for asylum in Italy, but his claim was rejected on the basis that he had been convicted of committing a \u201cserious crime\u201d. He had been held in an immigration detention centre known as an Identification and Expulsion Centre (<i>Centro di identificazione ed espulsione<\/i>) in Isola di Capo Rizzuto in the Province of Crotone, south-east Italy, since his release from prison. He was forcibly returned despite the European Court of Human Rights calling three times on the Italian authorities to stay the deportation, on the grounds that he was at risk of torture and other ill-treatment in Tunisia.<\/span><\/p>\n<p><span lang=\"EN-GB\"><strong>PLEASE WRITE IMMEDIATELY in English, Arabic or your own language:<\/strong><\/span><\/p>\n<p><span lang=\"EN-GB\">n<span>\u00a0\u00a0\u00a0\u00a0\u00a0<\/span><\/span><span dir=\"ltr\" lang=\"EN-GB\">urging the authorities to disclose Ali Ben Sassi Toumi\u2019s whereabouts immediately, and give him access to a lawyer of his choice, his family and any medical attention he may require;<\/span><\/p>\n<p><span lang=\"EN-GB\">n<span>\u00a0\u00a0\u00a0\u00a0\u00a0<\/span><\/span><span dir=\"ltr\" lang=\"EN-GB\">urging them to ensure that he is not tortured or otherwise ill-treated;<\/span><\/p>\n<p><span lang=\"EN-GB\">n<span>\u00a0\u00a0\u00a0\u00a0\u00a0<\/span><\/span><span dir=\"ltr\" lang=\"EN-GB\">urging them to release Ali Ben Sassi Toumi immediately and unconditionally, unless he is promptly charged with a recognizably criminal offence and brought to trial in proceedings that meet international standards for fair trial.<\/span><\/p>\n<p>\u00a0<\/p>\n<p><span lang=\"EN-GB\"><strong>PLEASE SEND APPEALS BEFORE 16 SEPTEMBER 2009 TO:<\/strong><\/span><\/p>\n<p><span lang=\"EN-GB\"><br clear=\"all\"\/>\u00a0<\/span><\/p>\n<div>\n<p><span lang=\"EN-GB\">Minster of Interior<\/span><\/p>\n<\/div>\n<p><span lang=\"FR\"><br clear=\"all\"\/>\u00a0<\/span><\/p>\n<div>\n<p><span lang=\"FR\">Rafik Haj Kacem<\/span><\/p>\n<p><span lang=\"FR\">Ministry of Interior\u00a0\u00a0\u00a0\u00a0<\/span><\/p>\n<p><span lang=\"FR\">Avenue Habib Bourguiba<\/span><\/p>\n<p><span lang=\"FR\">1000 Tunis<\/span><\/p>\n<p><span lang=\"FR\">Tunisia<\/span><\/p>\n<p><b><span lang=\"FR\">Fax: \u00a0 + 216 71 340 888<\/span><\/b><\/p>\n<p><span lang=\"EN-GB\"><strong>Salutation: Your Excellency<u><\/u><\/strong><\/span><\/p>\n<p>\u00a0<\/p>\n<p>\u00a0<\/p>\n<p>\u00a0<\/p>\n<p><a target=\"_blank\" rel=\"noopener\"><span lang=\"EN-GB\"><font>Minister of Justice and Human Rights<\/font><\/span><\/a><\/p>\n<p><span lang=\"EN-GB\">B\u00e9chir Tekkari<\/span><\/p>\n<p><span lang=\"EN-GB\">Ministry of Justice and Human Rights<\/span><\/p>\n<p><span lang=\"EN-GB\">31 Boulevard Bab Benat<\/span><\/p>\n<p><span lang=\"EN-GB\">1006 Tunis &#8211; La Kasbah<\/span><\/p>\n<p><span lang=\"EN-GB\">Tunisia<\/span><\/p>\n<p><b><span lang=\"EN-GB\">Fax: + 216 71 568 106<\/span><\/b><\/p>\n<p><b><span lang=\"EN-GB\">Salutation: Your Excellency<u><\/u><\/span><\/b><\/p>\n<p>\u00a0<\/p>\n<p><span lang=\"EN-GB\"><strong>And copies to:<\/strong><\/span><\/p>\n<p><a target=\"_blank\" rel=\"noopener\"><span lang=\"EN-GB\"><font>Ridha Khemakhem<\/font><\/span><\/a><\/p>\n<p><span lang=\"EN-GB\">General Coordinator for Human Rights<\/span><\/p>\n<p><span lang=\"EN-GB\">Ministry of Justice and Human Rights<\/span><\/p>\n<p><span lang=\"FR\">31 Boulevard Bab Benat<\/span><\/p>\n<p><span lang=\"FR\">1006 Tunis &#8211; La Kasbah<\/span><\/p>\n<p><span lang=\"FR\">Tunisia<\/span><\/p>\n<p><b><span lang=\"EN-GB\">Salutation: Dear Sir<u><\/u><\/span><\/b><\/p>\n<\/div>\n<p><b><span lang=\"EN-GB\"><br clear=\"all\"\/>\u00a0<\/span><\/b><\/p>\n<p>\u00a0<\/p>\n<p><b><span lang=\"EN-GB\">Also send copies to diplomatic representatives accredited to your country.<\/span><\/b><span lang=\"EN-GB\">Please check with your section office if sending appeals after the above date.<span><\/span><\/span><\/p>\n<p>\u00a0<\/p>\n<p><span><\/span><\/p>\n<h2 style=\"color: red;\"><span lang=\"EN-GB\">ADditional Information<\/span><\/h2>\n<p><span lang=\"EN-GB\">Over the years, Amnesty International has received numerous reports of torture and other ill-treatment by the Tunisian security forces. In virtually all cases, allegations of torture are not investigated and the perpetrators are not brought to justice. Individuals are most at risk of torture when in incommunicado detention. The most commonly reported methods of torture are beatings on the body, especially the soles of the feet; suspension by the ankles or in contorted positions; electric shocks; and burning with cigarettes. There are also reports of mock executions, sexual abuse, including rape with bottles and sticks, and threats of sexual abuse of female relatives.<\/span><\/p>\n<p><span lang=\"EN-GB\">As a state party to the Convention against Torture and Other Cruel, Inhuman or Degrading Treatment or Punishment, Tunisia is under an obligation to prevent torture and to \u201censure that its competent authorities proceed to a prompt and impartial investigation, wherever there is reasonable ground to believe that an act of torture has been committed in any territory under its jurisdiction\u201d.<\/span><\/p>\n<p><span lang=\"EN-GB\">UA: 210\/09 Index: MDE 30\/009\/2009 Issue Date: 05 August 2009<\/span><\/p>\n<div>\n<hr\/>\n<p>\u00a0<\/p><\/div>\n<div align=\"center\"><strong><font>COMMUNIQUE DE PRESSE<\/font><\/strong><\/div>\n<div align=\"center\">\u00a0<\/div>\n<div align=\"center\"><strong><\/p>\n<p><font size=\"3\">Plus d&rsquo;un an apr\u00e8s le constat alarmant dress\u00e9 par le Comit\u00e9 des droits de l&rsquo;Homme, la Tunisie continue de violer les droits civils et politiques de ses citoyens<\/font><\/p>\n<p><\/strong><\/div>\n<div align=\"justify\"> Gen\u00e8ve\u2010Tunis, le 3 ao\u00fbt 2009 : Dans le cadre du suivi des recommandations adress\u00e9es \u00e0 la Tunisie par le Comit\u00e9 des droits de l&rsquo;Homme, le Conseil national pour les libert\u00e9s en Tunisie (CNLT), la Ligue tunisienne pour la d\u00e9fense des droits de l\u2019Homme (LTDH), la F\u00e9d\u00e9ration internationale des ligues droits de l\u2019Homme (FIDH) et le Centre pour les droits civils et politiques (Centre CCPR) constatent dans un rapport de suivi1 adress\u00e9 au Comit\u00e9 que la situation des droits civils et politiques en Tunisie ne cesse de se d\u00e9t\u00e9riorer. En d\u00e9pit de l&rsquo;engagement pris par la Tunisie lors de l&rsquo;Examen p\u00e9riodique universel (EPU) en mai 2008, de collaborer avec les organes internationaux de surveillance des droits de l&rsquo;Homme, la Tunisie n&rsquo;a mis en oeuvre aucune des recommandations majeures qui lui ont \u00e9t\u00e9 adress\u00e9es par le Comit\u00e9 des droits de l&rsquo;Homme des Nations unies lors de sa 92e session de mars 20082 . En mars 2008, le Comit\u00e9 des droits de l\u2019Homme avait en effet identifi\u00e9 plusieurs recommandations qui devaient faire l\u2019objet de mesures d\u2019urgence de la part des autorit\u00e9s tunisiennes. Le Comit\u00e9 a en particulier insist\u00e9 sur la n\u00e9cessit\u00e9 de mener des enqu\u00eates suite \u00e0 toute all\u00e9gation de torture et de traitements cruels, inhumains ou d\u00e9gradants ainsi que de mettre fin aux actes d\u2019intimidation ou de harc\u00e8lement \u00e0 l\u2019encontre des d\u00e9fenseurs des droits de l\u2019Homme. Nos organisations rel\u00e8vent qu\u2019en d\u00e9pit des informations transmises par le gouvernement tunisien au comit\u00e9 en mars 20093, aucun progr\u00e8s n\u2019a \u00e9t\u00e9 constat\u00e9 dans ces domaines depuis mars 2008. La situation s\u2019est m\u00eame sensiblement d\u00e9t\u00e9rior\u00e9e. Alors que de nouvelles all\u00e9gations de torture et \/ ou de mauvais traitements ont \u00e9t\u00e9 enregistr\u00e9es par les organisations de d\u00e9fense des droits de l&rsquo;Homme en Tunisie , aucune enqu\u00eate n&rsquo;a \u00e9t\u00e9 diligent\u00e9e sur ces cas et de ce fait, aucune pours ite n&rsquo;a \u00e9t\u00e9 entam\u00e9e. Par ailleurs, la r\u00e9pression \u00e0 l\u2019encontre des d\u00e9fenseurs des droits de l\u2019homme, s&rsquo;est accrue au cours des derniers mois. Intimidation, harc\u00e8lement, entr\u00e2ves \u00e0 la libert\u00e9 de mouvement, de rassemblement pacifique et d&rsquo;association sont le lot quotidien des militants des droits de l&rsquo;Homme en Tunisie. Au regard du bilan r\u00e9alis\u00e9 par nos organisations pr\u00e8s de 18 mois apr\u00e8s l&rsquo;examen du Comit\u00e9, la Tunisie ne semble pas soucieuse de se conformer \u00e0 ses engagements internationaux en mati\u00e8re de respect des droits de l&rsquo;Homme. Nos organisations r\u00e9it\u00e8rent leur appel pour que le gouvernement tunisien mette en oeuvre sans plus de d\u00e9lais ses obligations internationales en mati\u00e8re de droits civils et politiques, et notamment l&rsquo;ensemble des recommandations formul\u00e9es par le Comit\u00e9 des droits de l\u2019homme , ainsi que les engagements pris lors de l&rsquo;EPU en mai 2008. Contact : <strong>Julie Gromellon, Repr\u00e9sentante aupr\u00e8s des Nations unies de la FIDH, jgromellon@fidh.org, +41 79331 24 50 Patrick Mutzenberg, Directeur du Centre pour les droits civils et politiques,<\/strong>pmutzenberg@ccprcentre.org, +41(0)22 \/ 594 3803\u00a0 1 http:\/\/www.ccprcentre.org\/doc\/CCPR\/FU\/Tunisia.pdf 2 CCPR\/C\/TUN\/CO\/5 3 CCPR\/C\/TUN\/CO\/5\/Add.1<\/div>\n<div>\n<hr\/>\n<\/div>\n<div>\u00a0<\/div>\n<div>\u00a0 <\/p>\n<p align=\"center\"><b><span lang=\"FR\"><font>Comit\u00e9 de D\u00e9fense du Professeur Moncef Ben Salem<\/font><\/span><span lang=\"FR\"><\/span><\/b><\/p>\n<p align=\"center\"><strong><u><span lang=\"FR\">C.D.P.M.B<\/span><\/u><\/strong><\/p>\n<p align=\"center\"><strong><span lang=\"FR\">Comit\u00e9 cr\u00e9e avec le soutien du professeur Laurent SCHWARTZ<\/span><\/strong><\/p>\n<p align=\"center\"><span lang=\"FR\"><strong>Ancien Prof Acad\u00e9mique en math\u00e9matique et Membre de l\u2019Acad\u00e9mie des sciences -France<\/strong><\/span><\/p>\n<p align=\"right\">\u00a0<\/p>\n<p><i><u><span lang=\"FR\">Paris le 04\/08\/2009<\/span><\/u><\/i><\/p>\n<p align=\"center\"><b><span lang=\"FR\"><font size=\"3\">Communiqu\u00e9<\/font><\/span><\/b><\/p>\n<p><span lang=\"FR\">Le comit\u00e9 a appris avec une grande inqui\u00e9tude la d\u00e9t\u00e9rioration de l\u2019\u00e9tat de sant\u00e9 du professeur Moncef BEN SALEM.<\/span><\/p>\n<p><span lang=\"FR\">Depuis vingt deux ann\u00e9es successives, le professeur Moncef Ben Salem, a subi, apr\u00e8s la prison, le harc\u00e8lement continu\u00a0et la violation de ses droits les plus \u00e9l\u00e9mentaires. Il est priv\u00e9 de travail,\u00a0 isol\u00e9 du reste du monde et fait l\u2019objet d\u2019une pers\u00e9cution syst\u00e9matique et impitoyable de la part des autorit\u00e9s tunisiennes.<\/span><\/p>\n<p><span lang=\"FR\">Il a \u00e9t\u00e9 hospitalis\u00e9 pour des soins ophtalmologiques dont l\u2019\u00e9tat g\u00e9n\u00e9ral de sant\u00e9 n\u2019a pas permis de les accomplir.<\/span><\/p>\n<p><span lang=\"FR\">Le diab\u00e8te est d\u00e9s\u00e9quilibr\u00e9 et a atteint des degr\u00e9s tr\u00e8s \u00e9lev\u00e9s. Il souffre d\u2019une hypertension et l\u2019examen cardiologique a montr\u00e9 des anomalies.<\/span><\/p>\n<p><span lang=\"FR\">Il a re\u00e7u derni\u00e8rement un appel lui demandant de r\u00e9silier son abonnement d\u2019Internet\u00a0en insistant que cela est li\u00e9 \u00e0 des raisons qu\u2019il conna\u00eet d\u00e9j\u00e0\u00a0! Et malgr\u00e9 son refus de r\u00e9siliation, ils ont mis fin \u00e0 son acc\u00e8s.<\/span><\/p>\n<p><span lang=\"FR\">Concernant sa demande de<u>d\u00e9livrance de passeport<\/u>, d\u00e9pos\u00e9e depuis 18 avril 2006,\u00a0 rappelons que le<u>tribunal lui a donn\u00e9 raison le 15 juillet 2009,<\/u>mais les autorit\u00e9s ne lui ont pas d\u00e9livr\u00e9 son titre de voyage. , et l\u2019ont pour la \u00e9ni\u00e8me fois priv\u00e9 de l\u2019un de ces droits les plus \u00e9l\u00e9mentaires.<\/span><\/p>\n<p><span lang=\"FR\">Rappelons que le professeur Moncef Ben Salem est chercheur math\u00e9maticien de renomm\u00e9e internationale, i<span>ng\u00e9nieur dipl\u00f4m\u00e9 des Ecoles de Paris Docteur de sp\u00e9cialit\u00e9, Docteur d\u2019Etat en Math\u00e9matiques, fondateur X.directeur du d\u00e9partement de math de L\u2019Universit\u00e9 de Sfax, r\u00e9f\u00e9rant\u00a0 Math\u00e9maticien a la Review Michigan , et at Zentralblatt fur Math Berlin, associ\u00e9 actif \u00e0 ICTP Trieste, KEFAS Kuwait.<\/span><\/span><\/p>\n<p><span lang=\"FR\">Le Comit\u00e9 de d\u00e9fense du professeur Ben Salem lance un appel urgent \u00e0 tous les chercheurs, universitaires et intellectuels, et tous les d\u00e9fenseurs des droits de l\u2019Homme, afin qu\u2019ils se mobilisent et qu\u2019ils agissent en faveur du Pr. Moncef ben Salem pour\u00a0 lui permettre de recouvrer ses droits fondamentaux et notamment ceux permettant de travailler et de circuler librement.<\/span><\/p>\n<p align=\"center\"><span lang=\"FR\">Pour le Comit\u00e9 de Soutien du professeur ben Salem<\/span><\/p>\n<p align=\"center\"><b><span lang=\"FR\">Dr. Ahmed AMRI<\/span><\/b><\/p>\n<div align=\"center\">\u00a0<\/div>\n<p><span lang=\"FR\">Tel\u00a0: (33) 1 47 06 15 53. Portable\u00a0: 06 11 59 13 74\u00a0\u00a0<\/span><\/p>\n<p><span lang=\"FR\">Email\u00a0:<\/span><span lang=\"FR\"><a href=\"mailto:comite.prof.bensalem@gmail.com\"><b><span>comite.prof.bensalem@gmail.com<\/span><\/b><\/a><\/span><\/p>\n<p><span lang=\"FR\">Tel du Professeur\u00a0 Moncef BEN SALEM\u00a0: 00\u00a0216 97\u00a0856 447<\/span><\/p>\n<p><a href=\"http:\/\/www.ben-salem.netmmmmmm\/\" target=\"_blank\" rel=\"noopener\"><font><strong>www.ben-salem.net<\/strong> \u00a0<\/font><\/a><strong><\/p>\n<hr\/>\n<p><\/strong><\/p>\n<p> \u00a0<\/p>\n<div align=\"center\"><strong><\/p>\n<h2 style=\"color: red;\"><font size=\"3\">Allo Imed,\u00a0 pourquoi tu n \u00e9ternues plus\u2026 ?<\/font><\/h2>\n<p><\/strong><\/div>\n<div align=\"justify\"> \u00a0par\u00a0 <strong><font>Slim Bagga<\/font><\/strong>  C est un dr\u00f4le de bourbier qu\u2019aura vraisemblablement \u00e0 g\u00e9rer Carthage dans les mois voire m\u00eame les semaines \u00e0 venir. Et, co\u00efncidant avec la tenue de la parodie \u00e9lectorale du 25 octobre 2009, date o\u00f9 les yeux de l\u2019opinion internationale seront tourn\u00e9s vers Tunis, cela ne pourra \u00eatre que du meilleur effet pour l\u2019image de marque du pays de \u00ab Ben Ali Baba et les cent voleurs \u00bb.  Les choses ont commenc\u00e9 \u00e0 se corser avec le scandale des G\u00e9n\u00e9raux\u00a0 \u00e9clat\u00e9 au Maroc fin 2007, dans lequel ils se trouv\u00e8rent impliqu\u00e9s dans un gigantesque trafic de drogue, notamment de la coca\u00efne ou \u00ab blanche \u00bb pour les initi\u00e9s. Selon l\u2019Observatoire international des stup\u00e9fiants, ce trafic \u00e9valu\u00e9 \u00e0 des milliards d\u2019euros, a connu une nette augmentation de 27% ces derni\u00e8res ann\u00e9es, gr\u00e2ce \u00e0 une \u00e9volution crescendo du volume des drogues dites dures transitant par les pays du Maghreb, trouvant leur point de d\u00e9part dans le Triangle d\u2019or allant du Mexique au V\u00e9n\u00e9zuela, et leur chute en Europe, notamment en Espagne et en Italie\u2026  Sur ces gros volumes qu\u2019acheminent via la Tunisie les passeurs, bon nombre de kilos \u00ab tombent du camion \u00bb, selon le terme usag\u00e9 au profit de trois noms c\u00e9l\u00e8bres : Imed Trabelsi, fils de Madame ; Moez Trabelsi, neveu de Madame ; Mourad Trabelsi, fr\u00e8re de Madame.  Apr\u00e8s la tristement c\u00e9l\u00e8bre affaire de Moncef Ben Ali en 1992, connue en France sous le nom de \u00ab Couscous Connection \u00bb, les Trabelsi raflent donc le Jackpot .\u00a0 Autre si\u00e8cle, autres m\u0153urs, en effet !  Si le Tout-Tunis \u00e9voque encore l\u2019overdose qui a failli emporter Mourad Trabelsi il y a quelques ann\u00e9es, overdose \u00e0 la suite de laquelle Le\u00efla Ben Ali a ordonn\u00e9 un coup de pied dans la fourmili\u00e8re, faisant arr\u00eater des fils de notables dont la fille de son gyn\u00e9cologue Ben Amor ou encore une ancienne ma\u00eetresse de Slim Chiboub, Coucou Mami, ce n\u2019\u00e9tait pas dans le cadre d\u2019une quelconque lutte contre le trafic ni la consommation de la drogue, loin s\u2019en faut, mais parce que son fr\u00e8re en avait abus\u00e9 ce jour-l\u00e0 sans que personne ne lui mette un frein.  Comme s\u2019il \u00e9tait ais\u00e9 de mettre un frein aux abus d\u2019un bonnet de la drogue, mais passons ! Car en Tunisie, le fr\u00e8re de Le\u00efla Ben Ali a le droit d\u2019empoisonner des consommateurs, consommateurs qui n\u2019ont que le devoir que de veiller sur lui. Vous avez compris le raisonnement ? Non ? Eh bien moi non plus !  Jusque-l\u00e0, tout le monde pensait que Imed Ben Le\u00efla n\u2019\u00e9tait qu\u2019un escroc, un apprenti-homme d\u2019affaires soucieux brusquement de son image de marque, surtout depuis l\u2019affaire du yacht vol\u00e9 au banquier fran\u00e7ais Bruno Roger, et pour lequel il est renvoy\u00e9 en correctionnelle en France.  Mais en fait, il n\u2019est pas que cela puisque les t\u00e9moins proches de son \u00e9pouse Sarra Bouaouina, racontent que cette derni\u00e8re a tent\u00e9 plus d\u2019une fois de mettre en garde Ben Ali lui-m\u00eame . \u00ab Je crains surtout pour sa sant\u00e9 \u00bb, dit-elle \u00e0 qui veut l\u2019entendre. Sous-entendu, le trafic, elle ne s\u2019en m\u00eale pas !!!  Ces informations seraient corrobor\u00e9es par les services de lutte contre le trafic de stup\u00e9fiants qui s\u2019int\u00e9ressent \u00e0 lui de tr\u00e8s pr\u00e8s. A ce titre, une bo\u00eete de nuit du nom de Calypso situ\u00e9e \u00e0 Hammamet ferait aussi l\u2019objet d\u2019une surveillance particuli\u00e8re des services d\u2019Interpol. Son g\u00e9rant, M. Aloulou, se trouverait entre le marteau et l\u2019enclume : se venger suite \u00e0 son incarc\u00e9ration dans l\u2019affaire de l\u2019overdose de Mourad Trabelsi ou alors gagner la protection de la famille r\u00e9gnante pour faire prosp\u00e9rer son commerce en n\u2019ignorant pas qu\u2019il est devenu un des hauts lieux o\u00f9 la coca\u00efne s\u2019\u00e9change et se renifle.   <strong>Jamais sans ses kleenex  <\/strong>Pour revenir \u00e0 Imed Ben Leila, tous ceux qui le rencontrent de pr\u00e8s sont unanimes : cet enfant g\u00e2t\u00e9 \u00e9ternue sans discontinuer et ne se s\u00e9pare jamais de ses kleenex dans lesquels il souffle \u00e0 y laisser ses cloisons nasales. Sa nervosit\u00e9 empire, son anxi\u00e9t\u00e9 se rapproche inexorablement de l\u2019\u00e9tat d\u2019un coca\u00efnomane et ses insomnies chroniques. En t\u00e9moignent ses appels t\u00e9l\u00e9phoniques \u00e0 des heures indues o\u00f9 dans un langage ind\u00e9chiffrable, il cherche de la compagnie.  De peur d\u2019\u00e9viter le scandale de son \u00e9pouse Sarra, il a d\u00fb renoncer \u00e0 sa suite \u00e0 l\u2019h\u00f4tel Acropole, sur les berges du Lac de Tunis o\u00f9 il passait ses apr\u00e8s-midis en charmante compagnie au cours desquels la drogue essaie en vain de se conjuguer au sexe.  Nous y reviendrons dans un instant.  Imed Ben Le\u00efla a donc quitt\u00e9 sa suite pour installer sa vie secondaire (plut\u00f4t premi\u00e8re dans le cas de l\u2019esp\u00e8ce) dans un appartement, \u00e0 la R\u00e9sidence Tanit, en face du supermarch\u00e9 Carrefour.\u00a0  <strong>La pilule Cialis, vous connaissez ?<\/strong>  Mais comme chacun sait, enfin comme doit le savoir chaque \u00eatre normalement constitu\u00e9, l\u2019inhalation r\u00e9guli\u00e8re de coca\u00efne cause des dommages tr\u00e8s importants dont l\u2019inflammation et la perforation des parois nasales. A moyen terme, cela provoque une r\u00e9duction de la performance sexuelle, provoquant de fait l\u2019\u00e9tat nerveux. El\u00e9mentaire, mon cher Watson !!!  C\u2019est ainsi que le sieur Imed Ben Le\u00efla, se fit domicilier ses ordonnances\u00a0 dans une pharmacie des Champs Elys\u00e9es, sous le faux nom de\u00a0 M. Omrane\u00a0 afin de suivre un traitement \u00e0 la pilule Cialis. Le nez dans la farine, mais rien de bien grave : le cialis est juste pilule concurrente du viagra.  Allo, Imed. Pourquoi tu n\u2019\u00e9ternues plus ?!!!  PS : Nous tiendrons au courant nos lecteurs de l\u2019\u00e9volution de l\u2019enqu\u00eate <\/div>\n<p><strong><\/p>\n<hr\/>\n<p><\/strong><\/p>\n<p> \u00a0<\/p>\n<div align=\"center\">\n<h2 style=\"color: red;\"><font size=\"3\"><strong>Alg\u00e9riens en Tunisie : \u00ab\u00a0La poule aux \u0153ufs d\u2019or\u00a0\u00bb<\/strong><\/font><\/h2>\n<\/div>\n<div align=\"justify\"> Publi\u00e9 le mercredi 05 ao\u00fbt 2009 \u00a0 Les Alg\u00e9riens, nos braves sauveurs. A l\u2019heure o\u00f9 le tourisme europ\u00e9en semble marquer le pas, nos voisins alg\u00e9riens, fid\u00e8les \u00e0 leurs habitudes, confirment leur engouement pour la destination Tunisie, l\u00e0 o\u00f9 ils aiment bien se payer du bon temps et se d\u00e9lecter de la beaut\u00e9 et de la qui\u00e9tude de nos stations baln\u00e9aires, qu\u2019ils ont l&rsquo;air appr\u00e9cier profond\u00e9ment. \u00a0 Les familles alg\u00e9riennes qui ont visit\u00e9 la Tunisie au cours du mois de juillet ont d\u00e9pens\u00e9 42 millions d\u2019euros, rapporte le journal alg\u00e9rien al-khabar, se basant sur les donn\u00e9es des services de change alg\u00e9riens. Ce qui a valu \u00ab\u00a0une vive embellie \u00e0 la bourse des valeurs touristiques tunisienne\u00a0\u00bb, comme l\u2019a rapport\u00e9 une radio frontali\u00e8re, cit\u00e9e par le journal. L\u2019activit\u00e9 bat, de ce fait, son plein au niveau des postes frontaliers. Les derni\u00e8res statistiques des services de la police des fronti\u00e8res et de douane alg\u00e9riens, r\u00e9v\u00e8lent le transit de 186 mille touristes en direction de la Tunisie au cours du mois de juillet, au niveau des postes frontaliers Oum Teboul et Al-Oyoun dans la wilaya d&rsquo;El-Tarf, sur un total de 310 mille touristes ayant transit\u00e9 dans les deux sens, soit une moyenne de 10 mille touristes par jour.  Quelque 47 mille familles alg\u00e9riennes en provenance des diff\u00e9rentes r\u00e9gions d\u2019Alg\u00e9rie ont pass\u00e9 en juillet leurs vacances dans nos stations baln\u00e9aires. Une manne pour la tr\u00e9sorerie tunisienne que le journal ne manque pas de souligner.  Selon les services financiers alg\u00e9riens, les familles alg\u00e9riennes, regagnant la Tunisie via les points de transit pr\u00e9cit\u00e9s, ont d\u00e9pens\u00e9 au total 20 millions d\u2019euros. Par ailleurs, 11 mille familles alg\u00e9riennes de l\u2019\u00e9tranger ont mis le cap sur la Tunisie, via les ports tunisiens ou par voie terrestre, faisant engranger \u00e0 la Tunisie des revenus de 22 millions d\u2019euros.  Il est attendu que les recettes en devises de la Tunisie atteignent 100 millions d\u2019euros \u00e0 la fin de ce mois d\u2019ao\u00fbt, o\u00f9 le mouvement de transit journalier redouble d\u2019intensit\u00e9, fr\u00f4lant les mercredis et jeudis 14 mille personnes.   Interrog\u00e9es par al-Khabar, les familles alg\u00e9riennes de l\u2019int\u00e9rieur et de l\u2019\u00e9tranger n\u2019ont pas manqu\u00e9 d\u2019exprimer \u00ab\u00a0leur coup de foudre\u00a0\u00bb pour les stations touristiques tunisiennes, o\u00f9 les conditions propices de s\u00e9curit\u00e9, de tranquillit\u00e9 et de qui\u00e9tude sont r\u00e9unies. A les entendre, nos voisins alg\u00e9riens semblent trouver chez nous, ce qui leur fait d\u00e9faut intra-muros. Ils sont, en effet, heureux de passer dans nos contr\u00e9es des vacances sans casse-t\u00eate.  Les Alg\u00e9riens de l\u2019\u00e9tranger ne sont pas moins attach\u00e9s \u00e0 la Tunisie, d\u2019autant qu\u2019ils se disent gagnants au change. Rejoindre les ports tunisiens \u00e0 partir des ports fran\u00e7ais, leur fait \u00e9conomiser 10 mille euros, en comparaison aux tarifs des lignes maritimes entre les ports fran\u00e7ais et les ports alg\u00e9riens. C\u2019est ce qui motive leur choix pour la Tunisie, dont les services touristiques jouissent, se plaisent-ils \u00e0 souligner, d\u2019une notori\u00e9t\u00e9 mondiale. \u00a0 <font><strong>Gnet (Source: \u00ab\u00a0Globalnet\u00a0\u00bb le 05 ao\u00fbt 09) Lien: http:\/\/www.gnet.tn\/temps-fort\/algeriens-en-tunisie-la-poule-aux-oeufs-dor-\/id-menu-325.html<\/strong><\/font><\/div>\n<div align=\"justify\"><strong><\/p>\n<hr\/>\n<p>\u00a0 <\/p>\n<hr\/>\n<p><\/strong><\/div>\n<div align=\"center\"> <strong><\/p>\n<h2 style=\"color: red;\"><font size=\"3\">Alg\u00e9rie: calme pr\u00e9caire dans un quartier th\u00e9\u00e2tre d&rsquo;affrontements entre Chinois et Alg\u00e9riens<\/font><\/h2>\n<p><\/strong><\/div>\n<div align=\"center\">\u00a0<\/div>\n<div align=\"justify\"><font>2009-08-05\u00a0 | AFP Rues d\u00e9sertes, rideaux des magasins baiss\u00e9s: la tension \u00e9tait perceptible mercredi \u00e0 Bab Ezzouar, quartier d&rsquo;Alger o\u00f9 de brefs affrontements ont \u00e9clat\u00e9 lundi entre Alg\u00e9riens et Chinois, un \u00ab\u00a0incident isol\u00e9\u00a0\u00bb selon l&rsquo;ambassade de Chine en Alg\u00e9rie.  \u00ab\u00a0Je croyais que j&rsquo;allais mourir. J&rsquo;ai m\u00eame r\u00e9cit\u00e9 la chahada\u00a0\u00bb (formule prononc\u00e9e par les musulmans avant de mourir), affirme \u00e0 un journaliste de l&rsquo;AFP Abdelkrim Salaouda, principale victime des affrontements.  V\u00eatu d&rsquo;un \u00ab\u00a0kamis\u00a0\u00bb (longue robe blanche port\u00e9e par les islamistes) et portant la barbe fournie, Abdelkrim, assis sur une chaise devant son magasin de produits \u00e9lectrom\u00e9nagers, para\u00eet encore sous le choc.  Les Chinois ont ouvert dans ce quartier plus de 200 boutiques de v\u00eatements \u00ab\u00a0bon march\u00e9\u00a0\u00bb notamment, affirme Mounir, un de ses employ\u00e9s.  Selon Abdelkrim Salaouda, les affrontements ont \u00e9clat\u00e9 apr\u00e8s une altercation entre un Chinois et un jeune homme \u00e0 qui il reprochait d&rsquo;avoir gar\u00e9 sa voiture pr\u00e8s de son magasin et dont le fr\u00e8re est venu \u00e0 son secours.  Une cinquantaine de Chinois, arm\u00e9s de sabres, de couteaux et de barres de fer, sont ensuite arriv\u00e9s sur les lieux pour porter main forte \u00e0 leur compatriote, racontent plusieurs r\u00e9sidents.  \u00ab\u00a0J&rsquo;\u00e9tais en train de m&rsquo;approcher du magasin de mon voisin lorsque un groupe de Chinois m&rsquo;ont attaqu\u00e9 et m&rsquo;ont rou\u00e9 de coups\u00a0\u00bb, affirme Abdelkrim dont la t\u00eate est envelopp\u00e9 dans un bandage.  \u00ab\u00a0A l&rsquo;h\u00f4pital, j&rsquo;ai d\u00fb me faire poser sept points de suture\u00a0\u00bb , dit-il.  \u00ab\u00a0Les Chinois ont abus\u00e9 de la gentillesse des Alg\u00e9riens. On les a accept\u00e9 malgr\u00e9 leurs d\u00e9fauts, aujourd&rsquo;hui ils nous agressent chez nous\u00a0\u00bb, d\u00e9clarae Mounir, qui se tient aupr\u00e8s du bless\u00e9 avec une dizaine de personnes dont la plupart portent la barbe et des kamis.  \u00ab\u00a0Ils boivent de l&rsquo;alcool devant leurs boutiques au vu et au su des Alg\u00e9riens et s&rsquo;exhibent parfois en short dans le quartier. Ce sont des comportements contraires \u00e0 notre religion et notre culture\u00a0\u00bb, s&rsquo;\u00e9crie Abdellah, un autre habitant du quartier.  Depuis lundi, des v\u00e9hicules de la police effectuent des patrouilles dans le quartier alors que des policiers en civil surveillent de pr\u00e8s la ruelle o\u00f9 les affrontements ont eu lieu.  Abdelkrim Salaouda estime que les Chinois semblent regretter leur comportement car ils ont demand\u00e9 \u00e0 des Alg\u00e9riens de \u00ab\u00a0mener une m\u00e9diation afin de r\u00e9gler le diff\u00e9rend \u00e0 l&rsquo;amiable\u00a0\u00bb. \u00ab\u00a0Nous, nous ne voulons plus d&rsquo;eux ici, ils n&rsquo;ont qu&rsquo;\u00e0 retourner chez eux, en Chine\u00a0\u00bb, lance-t-il, devant une dizaine de voisins qui approuvent.  Les habitants ont d&rsquo;ailleurs adress\u00e9 une p\u00e9tition aux autorit\u00e9s pour demander le d\u00e9part de tous les Chinois, selon Salaouda.  Le quartier habituellement tr\u00e8s anim\u00e9 \u00e9tait d\u00e9sert mercredi.  Toutes les boutiques des commer\u00e7ants chinois sont ferm\u00e9es et aucun d&rsquo;entre eux n&rsquo;est apparu en public depuis les incidents de lundi, selon des habitants.  \u00ab\u00a0C&rsquo;est normal, ils ont peur d&rsquo;\u00e9ventielles repr\u00e9sailles. Lundi soir des jeunes venus de quartiers populaires voisins ont attaqu\u00e9 quatre ou cinq magasins appartenant \u00e0 des Chinois\u00a0\u00bb, affirme un quinquag\u00e9naire qui a souhait\u00e9 conserver l&rsquo;anonymat. Les forces de l&rsquo;ordre ont du intervenir tard dans la soir\u00e9e, ajoute-t-il.  L&rsquo;ambassade de Chine \u00e0 Alger a qualifi\u00e9 ces affrontements d'\u00a0\u00bbincident isol\u00e9\u00a0\u00bb qui ne \u00ab\u00a0refl\u00e8te pas les relations existant entre les deux peuples\u00a0\u00bb.  Environ 25. 000 Chinois vivent en Alg\u00e9rie, selon la presse locale. Ils sont notamment pr\u00e9sents dans le commerce, les t\u00e9l\u00e9communications, le b\u00e2timent et les hydrocarbures.<\/font> <\/p>\n<hr\/>\n<\/div>\n<div align=\"center\">\n<h2 style=\"color: red;\"><font size=\"3\"><strong>Alg\u00e9rie: Les Pieds Nickel\u00e9s \u00e0 El-Tarf<\/strong><\/font><\/h2>\n<\/div>\n<div align=\"justify\"> 05\/08\/2009\u00a0 | Jeune Afrique- Par : Cherif Ouazani |  Les relations alg\u00e9ro-fran\u00e7aises n\u2019avaient pas besoin de cela. Une affaire d\u2019espionnage r\u00e9v\u00e9l\u00e9e par le quotidien arabophone El Khabar risque d\u2019alourdir le contentieux entre Alger et Paris. Dans son \u00e9dition du 21 juillet, le journal alg\u00e9rois affirme que les services de s\u00e9curit\u00e9 d\u2019El-Tarf, dans l\u2019extr\u00eame est du pays, ont d\u00e9mantel\u00e9 une cellule de quatre personnes, dont une femme, espionnant pour le compte du\u2026 consulat de France \u00e0 Annaba. Le groupe a \u00e9t\u00e9 interpell\u00e9 alors qu\u2019il prenait des photos d\u2019\u00e9tablissements administratifs. La perquisition aux domiciles des suspects a permis de d\u00e9couvrir des photos num\u00e9riques de sites industriels et militaires ainsi qu\u2019un \u00e9change de correspondance avec le vice-consul de France \u00e0 Annaba. Selon les aveux des personnes arr\u00eat\u00e9es, reproduits par El Khabar, leur mission consistait \u00e0 r\u00e9unir le plus possible d\u2019informations sur le complexe p\u00e9trochimique de Skikda, l\u2019installation nucl\u00e9aire (en fait un minir\u00e9acteur exp\u00e9rimental de 2 m\u00e9gawatts) d\u2019Ain Oussera, dans la wilaya de Djelfa (\u00e0 200 km au sud d\u2019Alger), ainsi que sur le dispositif militaire de l\u2019arm\u00e9e alg\u00e9rienne sur le littoral oriental du pays. Ces Pieds Nickel\u00e9s, \u00e2g\u00e9s entre 26 et 35 ans, \u00e9taient dirig\u00e9s par un ancien militaire. Inculp\u00e9s d\u2019espionnage au profit d\u2019une puissance \u00e9trang\u00e8re, trois des pr\u00e9sum\u00e9s espions ont \u00e9t\u00e9 plac\u00e9s en garde \u00e0 vue. Inculp\u00e9e \u00e9galement, la femme a \u00e9t\u00e9 laiss\u00e9e en libert\u00e9, mais sous contr\u00f4le judiciaire. <font><strong>Lien: http:\/\/www.jeuneafrique.com\/Article\/ARTJAJA2533p044-045.xml3\/-France-espionnage-Les-Pieds-Nickeles-a-El-Tarf.html<\/strong><\/font><\/div>\n<p><font face=\"Arial\" size=\"3\"><strong><\/p>\n<div>\n<hr\/>\n<\/div>\n<div align=\"center\">Mauritanie: le g\u00e9n\u00e9ral Aziz investi pr\u00e9sident un an apr\u00e8s son coup d&rsquo;Etat \u00a0<\/div>\n<div align=\"center\">\u00a0<\/div>\n<div align=\"justify\">AFP, le 5 ao\u00fbt 2009 \u00e0 11h54  NOUAKCHOTT (AFP) &#8211; Mohamed Ould Abdel Aziz, \u00e9lu pr\u00e9sident de la Mauritanie le 18 juillet, devait \u00eatre officiellement investi mercredi en grande pompe, au cours d&rsquo;une c\u00e9r\u00e9monie dans le stade olympique de Nouakchott, \u00e0 la veille de l&rsquo;anniversaire du coup d&rsquo;Etat qu&rsquo;il a lui-m\u00eame men\u00e9. Ce g\u00e9n\u00e9ral de 53 ans, qui a renvers\u00e9 le 6 ao\u00fbt 2008 le pr\u00e9sident civil Sidi Ould Cheikh Abdallahi, a \u00e9t\u00e9 \u00e9lu avec plus de 52% des suffrages, d\u00e8s le premier tour de la pr\u00e9sidentielle dont les r\u00e9sultats ont \u00e9t\u00e9 rapidement valid\u00e9s par le Conseil constitutionnel, en d\u00e9pit des contestations de l&rsquo;opposition.   Aziz doit pr\u00eater serment en tant que quatri\u00e8me pr\u00e9sident de la R\u00e9publique islamique de Mauritanie, ex-colonie fran\u00e7aise, ind\u00e9pendante depuis 1960.   Pour cette c\u00e9r\u00e9monie, pr\u00e9vue \u00e0 partir de 16H00 (locales et GMT), deux dirigeants de pays voisins sont attendus: le Malien Amadou Toumani Tour\u00e9 et le S\u00e9n\u00e9galais Abdoulaye Wade qui avait favoris\u00e9 la signature, en juin, d&rsquo;un accord de sortie de crise politique en Mauritanie.   \u00ab\u00a0Bien s\u00fbr, sont aussi invit\u00e9s les candidats, anciens adversaires du pr\u00e9sident \u00e9lu\u00a0\u00bb, a fait valoir le porte-parole du nouveau chef d&rsquo;Etat, Ba Adama Moussa.   Les deux principaux candidats de l&rsquo;opposition &#8211; Messaoud Ould Boulkheir et Ahmed Ould Daddah &#8211; ont r\u00e9clam\u00e9 une enqu\u00eate sur des \u00ab\u00a0fraudes massives\u00a0\u00bb ayant entach\u00e9 selon eux la sinc\u00e9rit\u00e9 du scrutin.   Si l?Union europ\u00e9enne a exig\u00e9, en vain, une enqu\u00eate ind\u00e9pendante sur ces all\u00e9gations de fraude et de manipulation, la France et les Etats-Unis ont rapidement f\u00e9licit\u00e9 le nouveau chef d&rsquo;Etat.   \u00ab\u00a0Nous avons h\u00e2te de travailler avec le pr\u00e9sident \u00e9lu Aziz et avec son gouvernement sur les multiples d\u00e9fis auxquels fait face son pays\u00a0\u00bb, avait d\u00e9clar\u00e9 l&rsquo;ambassade des Etats-Unis \u00e0 Nouakchott aussit\u00f4t apr\u00e8s le scrutin.   Washington se pr\u00e9occupe en particulier du d\u00e9veloppement des actions de la branche maghr\u00e9bine d&rsquo;Al-Qa\u00efda, qui a revendiqu\u00e9 l&rsquo;assassinat en plein jour, en juin, d&rsquo;un Am\u00e9ricain \u00e0 Nouakchott.   La France sera repr\u00e9sent\u00e9e \u00e0 la c\u00e9r\u00e9monie par son secr\u00e9taire d&rsquo;Etat \u00e0 la Coop\u00e9ration Alain Joyandet.   \u00ab\u00a0Ma pr\u00e9sence est significative. Cela veut dire que le pr\u00e9sident Nicolas Sarkozy souhaite adresser un message d&rsquo;amiti\u00e9 et de solidarit\u00e9 au peuple mauritanien\u00a0\u00bb, a d\u00e9clar\u00e9 mardi soir M. Joyandet. Il veut aussi \u00ab\u00a0se r\u00e9jouir qu&rsquo;un nouveau pouvoir officiel soit en place pour enclencher une nouvelle p\u00e9riode de coop\u00e9ration entre la France et la Mauritanie, que nous souhaitons intense avec ce pays ami de toujours\u00a0\u00bb, a ajout\u00e9 l&rsquo;\u00e9missaire fran\u00e7ais.   A Paris, l&rsquo;association Survie s&rsquo;est \u00e9tonn\u00e9e que la France puisse parler de \u00ab\u00a0retour de la d\u00e9mocratie \u00e0 l&rsquo;occasion de l&rsquo;arriv\u00e9e au pouvoir d&rsquo;un g\u00e9n\u00e9ral putschiste par une \u00e9lection contest\u00e9e\u00a0\u00bb.   \u00ab\u00a0La +doctrine+ internationale qui pr\u00e9valait ces derniers temps en mati\u00e8re de coup d&rsquo;\u00c9tat \u00e9tait d&rsquo;ailleurs que les putschistes ne devaient pas se pr\u00e9senter \u00e0 une quelconque \u00e9lection de transition\u00a0\u00bb a-t-elle soulign\u00e9.   L&rsquo;investiture aura lieu dans un stade de 20.000 places. Le porte-parole d&rsquo;Aziz assure que \u00ab\u00a0ce choix du grand stade \u00e9mane du fait que le pr\u00e9sident \u00e9lu\u00a0\u00bb veut notamment \u00ab\u00a0savourer sa victoire avec le petit peuple\u00a0\u00bb.   Revenant sur sa victoire surprise d\u00e8s le premier tour, l&rsquo;hebdomadaire ind\u00e9pendant Le Calame a \u00e9voqu\u00e9 \u00ab\u00a0sa campagne \u00e9lectorale \u00e9tal\u00e9e sur une ann\u00e9e\u00a0\u00bb, ses \u00ab\u00a0discours populistes\u00a0\u00bb, ou encore des mesures annonc\u00e9es \u00ab\u00a0en faveur des couches les plus faibles\u00a0\u00bb et des \u00ab\u00a0ayant-droits des victimes\u00a0\u00bb n\u00e9gro-mauritaniennes des tueries de 1990-1991. <\/div>\n<div align=\"justify\">\n<hr\/>\n<\/div>\n<div align=\"center\"><strong><\/p>\n<h2 style=\"color: red;\"><font size=\"3\">\u00abIl y a une libert\u00e9 d&rsquo;expression r\u00e9elle au Maroc, mais elle n&rsquo;est pas garantie\u00bb<\/font><\/h2>\n<p><\/strong><\/div>\n<div align=\"justify\"> Ahmed Benchemsi, le directeur de TelQuel, dont le dernier num\u00e9ro a \u00e9t\u00e9 saisi et d\u00e9truit au Maroc, revient sur cette affaire. S&rsquo;il a \u00e9t\u00e9 surpris de la r\u00e9action du pouvoir, il ne d\u00e9sesp\u00e8re pas non plus de la situation de la presse dans le royaume. Recueilli par SYLVAIN MOUILLARD Epilogue de l&rsquo;affaire TelQuel et du sondage sur le Roi Mohammed VI. Le tribunal administratif de Casablanca a rejet\u00e9 hier la requ\u00eate du groupe, qui d\u00e9non\u00e7ait la saisie de ses deux num\u00e9ros en la qualifiant d&rsquo;\u00abill\u00e9gale\u00bb. Ahmed Benchemsi, le directeur de TelQuel, revient sur cette d\u00e9cision dans un entretien par t\u00e9l\u00e9phone \u00e0 Lib\u00e9ration.fr Le tribunal administratif a rejet\u00e9 hier soir la requ\u00eate de votre groupe r\u00e9clamant l&rsquo;annulation de la saisie des deux derniers num\u00e9ros de TelQuel et Nichane. Qu&rsquo;en pensez-vous? Ce n&rsquo;est pas une surprise. Cela m&rsquo;aurait beaucoup \u00e9tonn\u00e9 que la justice aille dans le sens contraire du gouvernement. L&rsquo;Etat avait montr\u00e9 clairement ses intentions. Aujourd&rsquo;hui, on r\u00e9imprime donc TelQuel et Nichane sans les sondages. Au total, cette affaire aura vraisemblablement co\u00fbt\u00e9 au groupe pr\u00e8s de 100.000 euros. Soup\u00e7onniez-vous une telle r\u00e9action? Absolument pas. Quand j&rsquo;ai command\u00e9 le sondage, je me suis dit que c&rsquo;\u00e9tait risqu\u00e9 si les r\u00e9sultats n&rsquo;\u00e9taient pas bons. Mais quand j&rsquo;ai vu que le Roi \u00e9tait pl\u00e9biscit\u00e9, j&rsquo;ai pens\u00e9 que cela passerait sans probl\u00e8me. Je me suis totalement plant\u00e9. Comment interpr\u00e9tez-vous cette affaire? La vie de la presse est faite d&rsquo;avanc\u00e9es et de reculs. L\u00e0, c&rsquo;est un revers. Mais \u00e7a ne faut pas dire pour autant qu&rsquo;on va rester fig\u00e9 \u00e0 ce stade. Souvent, quand il y a une saisie de journaux au Maroc, les m\u00e9dias occidentaux l&rsquo;interpr\u00e8tent comme une absence de libert\u00e9 de la presse. Or, il y a une libert\u00e9 d&rsquo;expression r\u00e9elle au Maroc, mais elle n&rsquo;est pas garantie. Les journalistes de TelQuel l&rsquo;exercent toutes les semaines et ils continueront \u00e0 le faire. Pour preuve, nous avons publi\u00e9 r\u00e9cemment quatre num\u00e9ros de d\u00e9cryptage sur le Roi, sa fortune, sa pratique du pouvoir. Leur ton \u00e9tait critique, et pourtant, on nous a laiss\u00e9 para\u00eetre. Qu&rsquo;on m&rsquo;explique donc cette logique d&rsquo;interdire un sondage favorable \u00e0 Mohammed VI ! Je ne la comprends pas. Quelle a \u00e9t\u00e9 la r\u00e9action de la presse et de la classe politique au Maroc? La presse, en g\u00e9n\u00e9ral, nous soutient. J&rsquo;ai \u00e9galement not\u00e9 la r\u00e9action tr\u00e8s dr\u00f4le du chef de l&rsquo;ex-parti communiste, Ismail Alaoui. Il a dit, en substance, que ce n&rsquo;\u00e9tait pas bien de saisir le journal. Mais aussi que \u00ables sondages ne sont pas une science exacte\u00bb et \u00abque tout le monde sait que la population soutient le Roi \u00e0 99%\u00bb. D&rsquo;o\u00f9 vient ce chiffre? Et pourquoi pas 100% (rires)? Je remarque aussi qu&rsquo;Internet est comme souvent \u00e0 la pointe de la d\u00e9fense de la libert\u00e9 de la presse. Sur Facebook, un groupe intitul\u00e9 \u00abJe suis un 9%\u00bb s&rsquo;est cr\u00e9\u00e9, en r\u00e9f\u00e9rence aux 9% de personnes, qui, selon notre sondage, ne jugent pas le bilan du r\u00e8gne de Mohammed VI \u00abpositif\u00bb. <strong><font>(Source: \u00ab\u00a0Liberation.fr\u00a0\u00bb (Blog de Lib\u00e9ration- Quotidien \u2013 France) le 05 ao\u00fbt 09) Lien: <a href=\"http:\/\/www.liberation.fr\/monde\/0101583820-il-y-a-une-liberte-d-expression-reelle-au-maroc-mais-elle-n-est-pas-garantie\" target=\"_blank\" rel=\"noopener\"><font>http:\/\/www.liberation.fr\/monde\/0101583820-il-y-a-une-liberte-d-expression-reelle-au-maroc-mais-elle-n-est-pas-garantie<\/font><\/a><\/font><\/strong> \u00a0<\/div>\n<div align=\"justify\"><font><\/p>\n<hr\/>\n<p><\/font><\/div>\n<div align=\"center\"><strong><\/p>\n<h2 style=\"color: red;\"><font size=\"3\">Congr\u00e8s du Fatah: querelles entre d\u00e9l\u00e9gu\u00e9s et direction du parti palestinien<\/font><\/h2>\n<p><\/strong><\/div>\n<div align=\"justify\">\u00a0<\/div>\n<div align=\"justify\">(AFP) \u2013 05 ao\u00fbt 09 BETHLEEM, Cisjordanie \u2014 Des querelles ont \u00e9clat\u00e9 mercredi, au deuxi\u00e8me jour du Congr\u00e8s du Fatah, le parti du pr\u00e9sident palestinien Mahmoud Abbas, entre sa direction et des d\u00e9l\u00e9gu\u00e9s r\u00e9clamant des rapports sur la gestion du mouvement, ont indiqu\u00e9 des participants. Des centaines de d\u00e9l\u00e9gu\u00e9s ont protest\u00e9 contre l&rsquo;absence de bilans administratif et financier sur la gestion du Fatah depuis son dernier Congr\u00e8s en 1989. Ils ont rejet\u00e9 les explications des instances dirigeantes du parti, le Comit\u00e9 central et le Conseil r\u00e9volutionnaire, selon lesquels le discours prononc\u00e9 mardi par M. Abbas \u00e0 l&rsquo;ouverture du Congr\u00e8s \u00e0 Bethl\u00e9em en Cisjordanie faisait office de bilan de la gestion du Fatah lors des 20 derni\u00e8res ann\u00e9es. Les d\u00e9l\u00e9gu\u00e9s m\u00e9contents ont interrompu une allocution du num\u00e9ro deux du Comit\u00e9 central, Ahmad Ghneim (Abou Maher), qui, furieux, a quitt\u00e9 la tribune. Cet incident a n\u00e9cessit\u00e9 la venue dans la salle de M. Abbas, qui n&rsquo;assisstait pas aux d\u00e9bats, pour tenter des les apaiser. \u00ab\u00a0Je reconnais que nous avons commis des erreurs, m\u00eame des p\u00e9ch\u00e9s, mais rendre des comptes doit se faire lors des r\u00e9unions de commissions et non pas \u00e0 travers des interventions anarchiques\u00a0\u00bb, leur a-t-il dit. M. Abbas a lui-m\u00eame \u00e9t\u00e9 interrompu par des d\u00e9l\u00e9gu\u00e9s. Le service de l&rsquo;ordre est bri\u00e8vement intervenu lorsque un d\u00e9l\u00e9gu\u00e9 que M. Abbas a expuls\u00e9 a refus\u00e9 de quitter la salle. D&rsquo;autres d\u00e9l\u00e9gu\u00e9s sont intervenus pour calmer les esprits et l&rsquo;homme a pu finalement rester dans la salle. \u00ab\u00a0Nous sommes ici pour remettre le Fatah sur le droit chemin et non pas pour r\u00e9gler des comptes\u00a0\u00bb, a-t-il ajout\u00e9. Le Congr\u00e8s en cours doit adopter un nouveau programme politique et renouveler les instances dirigeantes du parti. Pr\u00e9vu de s&rsquo;achever jeudi, il pourrait \u00eatre cependant prolong\u00e9 d'\u00a0\u00bbun ou deux jours\u00a0\u00bb en raison des divergences, selon des participants. Le Fatah, qui exer\u00e7ait jusqu&rsquo;alors un contr\u00f4le sans partage sur l&rsquo;Autorit\u00e9 palestinienne, avait \u00e9t\u00e9 battu en 2006 aux \u00e9lections par le Hamas, avant d&rsquo;\u00eatre violemment d\u00e9log\u00e9 par le mouvement islamiste 18 mois plus tard par la force de la bande de Gaza. Affaibli par ces revers, min\u00e9 par les luttes de clans et terni par des accusations de corruption, le Fatah a connu ces derni\u00e8res ann\u00e9es un d\u00e9clin qui s&rsquo;est acc\u00e9l\u00e9r\u00e9 depuis la mort de son fondateur et chef historique Yasser Arafat en 2004. Dans son discours mardi, M. Abbas a reconnu que le parti avait commis des \u00ab\u00a0erreurs\u00a0\u00bb s&rsquo;\u00e9tant sold\u00e9es par sa d\u00e9route face aux islamistes du Hamas, et a exhort\u00e9 ses d\u00e9l\u00e9gu\u00e9s \u00e0 \u00ab\u00a0en tirer la le\u00e7on\u00a0\u00bb pour se relancer. Pour leur part, les d\u00e9l\u00e9gu\u00e9s du Fatah \u00e0 Gaza, emp\u00each\u00e9s par le Hamas de se rendre \u00e0 Bethl\u00e9em, ont demand\u00e9 dans une lettre \u00e0 la direction du parti un quota pour Gaza au sein des instances dirigeantes et d&rsquo;y \u00e9lire ses repr\u00e9sentants \u00ab\u00a0dans un d\u00e9lai de quatre semaines\u00a0\u00bb faute de pouvoir voter en m\u00eame temps que leurs coll\u00e8gues r\u00e9unis en Cisjordanie, selon des participants. \u00ab\u00a0Gaza aura son poids\u00a0\u00bb dans les instances dirigeantes, s&rsquo;est content\u00e9 de commenter le porte-parole du Congr\u00e8s, Nabil Amr, se refusant toutefois de parler de \u00ab\u00a0quota\u00a0\u00bb. 2009 AFP<\/div>\n<div align=\"justify\">\n<hr\/>\n<\/div>\n<div align=\"center\"><strong><\/p>\n<h3 style=\"color: blue;\"><font size=\"3\">La vieille garde du Fatah accus\u00e9e de \u00ab\u00a0d\u00e9tourner\u00a0\u00bb son congr\u00e8s<\/font><\/h3>\n<p><\/strong><\/div>\n<div align=\"center\">\u00a0<\/div>\n<div align=\"justify\">Par Reuters, publi\u00e9 le 05\/08\/2009 BETHLEEM, Cisjordanie &#8211; Le premier congr\u00e8s du Fatah depuis 20 ans s&rsquo;est poursuivi \u00e0 huis clos mercredi \u00e0 Bethl\u00e9em, au lendemain de son ouverture par le pr\u00e9sident palestinien Mahmoud Abbas. \u00a0 Ce dernier souhaite faire \u00e9merger une nouvelle g\u00e9n\u00e9ration issue du terrain \u00e0 la t\u00eate du mouvement nationaliste par le biais du renouvellement de son comit\u00e9 central. Mais la \u00ab\u00a0vieille garde\u00a0\u00bb, dont nombre d&rsquo;\u00e9l\u00e9ments ont pass\u00e9 des ann\u00e9es en exil, semble faire de la r\u00e9sistance, aussi les r\u00e9formistes se montraient-ils pessimistes sur l&rsquo;issue de la r\u00e9union, la premi\u00e8re \u00e0 se tenir en territoire occup\u00e9. Le dernier congr\u00e8s du Fatah, le Ve, remonte \u00e0 l&rsquo;ann\u00e9e 1989 \u00e0 Tunis, o\u00f9 s&rsquo;\u00e9tait install\u00e9e la direction du mouvement apr\u00e8s son expulsion de Beyrouth, en 1982, et avant les accords d&rsquo;autonomie conclus \u00e0 Oslo en 1993. La direction en place depuis cette \u00e9poque est de longue date accus\u00e9e de corruption, d&rsquo;imp\u00e9ritie, de suffisance et d&rsquo;absence de transparence par les \u00ab\u00a0jeunes loups\u00a0\u00bb du mouvement. Cette fois, le comit\u00e9 central du mouvement se voit reprocher de tenter de fausser le congr\u00e8s par l&rsquo;ajout de 700 d\u00e9l\u00e9gu\u00e9s non pr\u00e9vus \u00e0 la liste initiale de 1.550 congressistes. Selon Mansour al Sadi, un des repr\u00e9sentants de la nouvelle g\u00e9n\u00e9ration qui souhaite avoir son mot \u00e0 dire dans la conduite du mouvement, cette \u00ab\u00a0tentative de d\u00e9tournement\u00a0\u00bb vise \u00e0 maintenir le statu quo. \u00ab\u00a0Nous r\u00e9clamions la tenue de ce congr\u00e8s depuis de nombreuses ann\u00e9es mais ceci n&rsquo;est pas le congr\u00e8s dont nous avions r\u00eav\u00e9\u00a0\u00bb, s&rsquo;est plaint de son c\u00f4t\u00e9 un autre d\u00e9l\u00e9gu\u00e9 r\u00e9formiste, Kaddoura Far\u00e8s. \u00a0 LA \u00ab\u00a0R\u00c9SISTANCE\u00a0\u00bb RESTE UNE OPTION, DIT ABBAS De source proche du Fatah, on exclut pourtant toute scission au sein du mouvement nationaliste, affaibli depuis le coup de force de son rival islamiste Hamas \u00e0 Gaza \u00e0 la mi-juin 2007. Si les d\u00e9l\u00e9gu\u00e9s d\u00e9battent du programme politique du Fatah, sa charte fondatrice, qui continue \u00e0 pr\u00f4ner la destruction d&rsquo;Isra\u00ebl, n&rsquo;est pas remise en cause. Lors de son discours d&rsquo;ouverture, mardi, Mahmoud Abbas a d\u00e9clar\u00e9 que le mouvement \u00e9tait vou\u00e9 \u00e0 cr\u00e9er un Etat palestinien et \u00e0 faire la paix avec Isra\u00ebl mais que la \u00ab\u00a0r\u00e9sistance\u00a0\u00bb demeurait une de ses options. Il n&rsquo;a pas pr\u00e9cis\u00e9 quelles formes celle-ci pourrait prendre, mais les d\u00e9l\u00e9gu\u00e9s discutent de nouvelles formes d&rsquo;action contre la colonisation isra\u00e9lienne, comme la d\u00e9sob\u00e9issance civile. Certains d\u00e9l\u00e9gu\u00e9s ont r\u00e9clam\u00e9 des comptes sur la d\u00e9faite du Fatah face au Hamas lors des l\u00e9gislatives de 2006, mais d&rsquo;autres ont pr\u00e9f\u00e9r\u00e9 regarder devant eux en faisant valoir que la tenue m\u00eame de ce VIe congr\u00e8s \u00e9tait un succ\u00e8s, m\u00eame si les islamistes de Gaza ont emp\u00each\u00e9 400 d\u00e9l\u00e9gu\u00e9s du Fatah de s&rsquo;y rendre. Les statuts du Fatah pr\u00e9voient un congr\u00e8s tous les cinq ans, mais le d\u00e9funt Yasser Arafat s&rsquo;\u00e9tait arrang\u00e9 pour diff\u00e9rer le VIe afin d&rsquo;\u00e9viter toute remise en cause de son autorit\u00e9. Ce VIe congr\u00e8s, qui pourrait se prolonger jusqu&rsquo;au week-end prochain, doit \u00e9lire 18 membres du comit\u00e9 central parmi 80 candidats et 120 membres du Conseil de la r\u00e9volution parmi des centaines de pr\u00e9tendants.<\/div>\n<div align=\"justify\"> \u00a0<\/div>\n<div align=\"justify\">\n<hr\/>\n<\/div>\n<div align=\"center\"> <strong><\/p>\n<h3 style=\"color: blue;\"><font size=\"3\">Erdogan optimiste apr\u00e8s une rencontre avec le chef du principal parti kurde<\/font><\/h3>\n<p><\/strong>  \u00a0<\/div>\n<div align=\"justify\">AFP, le 5 ao\u00fbt 2009 \u00e0 14h01  ANKARA, 5 ao\u00fbt 2009 (AFP) \u2014 Le Premier ministre turc Recep Tayyip Erdogan a affich\u00e9 son optimisme mercredi apr\u00e8s une rencontre avec le chef du principal parti kurde de Turquie, ax\u00e9e sur les efforts pour mettre un terme \u00e0 l\u2019insurrection kurde dans le sud-est du pays.  \u201cNous avons eu aujourd\u2019hui une rencontre vraiment importante\u201d, a d\u00e9clar\u00e9 \u00e0 la presse M. Erdogan au terme d\u2019un entretien d\u2019une heure avec Ahmet T\u00fcrk, le pr\u00e9sident du Parti pour une soci\u00e9t\u00e9 d\u00e9mocratique (DTP), une formation dont le Premier ministre refusait de rencontrer les dirigeants depuis deux ans. \u201cJe suis convaincu qu\u2019avec notre rencontre, nos espoirs pour le futur ont augment\u00e9\u201d, a-t-il ajout\u00e9. \u201cNous avons tous les deux tir\u00e9 profit de notre entrevue et je crois que ces rencontres vont constituer des pas positifs vers la confiance.\u201d M. Erdogan a rejet\u00e9 pendant deux ans les demandes d\u2019entretiens \u00e9manant du DTP au motif que celui-ci refusait de qualifier le Parti des travailleurs du Kurdistan (PKK) d\u2019organisation terroriste, un terme adopt\u00e9 par Ankara et de nombreux pays pour d\u00e9signer le groupe s\u00e9paratiste kurde de Turquie. Le chef du gouvernement est cependant revenu sur ses positions, affirmant qu\u2019il ne fallait pas \u201cmettre le DTP dans le m\u00eame panier\u201d que le PKK. M. T\u00fcrk s\u2019est, pour sa part, d\u00e9clar\u00e9 \u201cheureux et plein d\u2019espoir qu\u2019une atmosph\u00e8re de dialogue ait \u00e9t\u00e9 \u00e9tablie\u201d. La rencontre intervient une semaine apr\u00e8s l\u2019annonce par le gouvernement de travaux en vue d\u2019une r\u00e9forme renfor\u00e7ant les droits des Kurdes et encourageant les rebelles du PKK \u00e0 d\u00e9poser les armes, et alors que l\u2019ex\u00e9cutif a lanc\u00e9 une campagne de consultation de figures de la soci\u00e9t\u00e9 civile sur la question kurde. Les efforts d\u2019Ankara co\u00efncident avec l\u2019annonce attendue pour la mi-ao\u00fbt d\u2019une feuille de route pour une sortie du conflit, mise au point par le chef emprisonn\u00e9 des rebelles, Abdullah \u00d6calan, dont le parti a par ailleurs prolong\u00e9 un cessez-le-feu unilat\u00e9ral jusqu\u2019au 1er septembre. Le PKK se bat depuis 1984 pour l\u2019autonomie du sud-est anatolien, dont la population est en majorit\u00e9 kurde. Le conflit a fait pr\u00e8s de 45.000 morts, selon l\u2019arm\u00e9e turque.<\/div>\n<p><strong><\/strong><\/p>\n<hr\/>\n<p><\/strong> \u00a0<\/font><\/p>\n<\/div>\n<div align=\"center\"><strong><\/p>\n<h3 style=\"color: blue;\"><font size=\"3\">Iran: Ahmadinejad investi, Moussavi promet la poursuite du mouvement<\/font><\/h3>\n<p><\/strong><\/div>\n<div align=\"center\">\u00a0<\/div>\n<div align=\"justify\">De Farhad POULADI (AFP) \u2013 O5 ao\u00fbt 2009 TEHERAN \u2014 Le pr\u00e9sident iranien Mahmoud Ahmadinejad a promis mercredi des \u00ab\u00a0changements importants\u00a0\u00bb en Iran lors de son discours d&rsquo;investiture, alors que le chef de l&rsquo;opposition Mir Hossein Moussavi annon\u00e7ait la poursuite de son mouvement, malgr\u00e9 les arrestations dans ses rangs. \u00ab\u00a0L&rsquo;\u00e9pop\u00e9e de l&rsquo;\u00e9lection pr\u00e9sidentielle du 12 juin est le d\u00e9but de changements importants en Iran et dans le monde\u00a0\u00bb, a d\u00e9clar\u00e9 le pr\u00e9sident ultraconservateur \u00e0 la c\u00e9r\u00e9monie de prestation de serment boycott\u00e9e par de nombreuses personnalit\u00e9s de l&rsquo;opposition qui l&rsquo;accuse de fraude. \u00ab\u00a0Nous r\u00e9sisterons face aux (pays) oppresseurs et nous continuerons d&rsquo;agir pour changer les m\u00e9canismes discriminatoires dans le monde\u00a0\u00bb, a-t-il dit devant le Parlement. La plupart des diplomates \u00e9trangers, dont les ambassadeurs fran\u00e7ais, britannique et su\u00e9dois, ont assist\u00e9 \u00e0 la c\u00e9r\u00e9monie. Paris et Londres n&rsquo;ont cependant pas adress\u00e9 de message de f\u00e9licitations au pr\u00e9sident r\u00e9\u00e9lu, \u00e0 l&rsquo;instar des Etats-Unis. \u00ab\u00a0Sachez qu&rsquo;en Iran, personne n&rsquo;attend vos messages de f\u00e9licitations\u00a0\u00bb, a r\u00e9torqu\u00e9 M. Ahmadinejad, 52 ans, dont la r\u00e9\u00e9lection pour un nouveau mandat de quatre ans a plong\u00e9 la R\u00e9publique islamique dans sa plus grave crise politique. La secr\u00e9taire d&rsquo;Etat am\u00e9ricaine, Hillary Clinton, a cependant assur\u00e9 que Washington maintenait toujours son offre de dialogue avec T\u00e9h\u00e9ran tout en affirmant \u00ab\u00a0admirer les efforts des r\u00e9formateurs pour les changements\u00a0\u00bb en Iran. \u00ab\u00a0La personne qui a \u00e9t\u00e9 investie aujourd&rsquo;hui sera consid\u00e9r\u00e9e comme le pr\u00e9sident\u00a0\u00bb par Washington, a-t-elle confirm\u00e9. \u00ab\u00a0Mais nous (&#8230;) admirons la r\u00e9sistance continue et les efforts en cours des r\u00e9formateurs pour faire les changements que le peuple iranien m\u00e9rite\u00a0\u00bb. \u00ab\u00a0Notre politique demeure claire: l&rsquo;offre de dialogue (am\u00e9ricaine) est sur la table pour les Iraniens\u00a0\u00bb, a-t-elle dit. Plusieurs personnalit\u00e9s importantes du r\u00e9gime n&rsquo;ont pas assist\u00e9 \u00e0 l&rsquo;investiture du pr\u00e9sident Ahmadinejad, dont l&rsquo;ex-pr\u00e9sident Akbar Hach\u00e9mi Rafsandjani, \u00e0 la t\u00eate de deux institutions cl\u00e9s du pouvoir. Les deux candidats malheureux \u00e0 la pr\u00e9sidentielle, le r\u00e9formateur Mehdi Karoubi et le chef du mouvement de contestation, le conservateur mod\u00e9r\u00e9 Mir Hossein Moussavi \u00e9taient \u00e9galement absents ainsi que l&rsquo;ancien pr\u00e9sident r\u00e9formateur Mohammad Khatami. MM. Karoubi et Moussavi r\u00e9clament toujours un nouveau scrutin pr\u00e9sidentiel. M. Moussavi a affirm\u00e9 mercredi que les arrestations de manifestants n&#8217;emp\u00eacheraient pas la poursuite de la contestation. \u00ab\u00a0J&rsquo;ai vu la naissance, dans la foul\u00e9e de l&rsquo;\u00e9lection, d&rsquo;un fort sentiment national (&#8230;) qui a rassembl\u00e9 diff\u00e9rents groupes de la soci\u00e9t\u00e9\u00a0\u00bb. \u00ab\u00a0Certains ont pens\u00e9 qu&rsquo;en arr\u00eatant des gens qu&rsquo;ils pensent \u00eatre les meneurs de la protestation, la question sera r\u00e9gl\u00e9e. Mais le fait est que le mouvement a continu\u00e9 dans le pays et a d\u00e9montr\u00e9 que les arrestations seront sans effet\u00a0\u00bb, a-t-il dit sur son site Ghalamnews. Environ 2.000 personnes ont \u00e9t\u00e9 arr\u00eat\u00e9es lors des manifestations contre la r\u00e9\u00e9lection de M. Ahmadinejad, dont la majorit\u00e9 ont \u00e9t\u00e9 lib\u00e9r\u00e9es, et plus d&rsquo;une centaine sont jug\u00e9es par un tribunal r\u00e9volutionnaire. M. Moussavi a en outre rejet\u00e9 les accusations \u00ab\u00a0sans fondement\u00a0\u00bb de conservateurs selon lesquelles l&rsquo;opposition cherche \u00e0 mener une \u00ab\u00a0r\u00e9volution de velours\u00a0\u00bb. A l&rsquo;ext\u00e9rieur du Parlement, des policiers anti-\u00e9meutes et des miliciens islamistes ont dispers\u00e9 avec des gaz lacrymog\u00e8nes plusieurs centaines d&rsquo;opposants et arr\u00eat\u00e9 plusieurs d&rsquo;entre eux, selon des t\u00e9moins. En fin d&rsquo;apr\u00e8s-midi, les forces de s\u00e9curit\u00e9 se sont de nouveau d\u00e9ploy\u00e9es dans le centre de T\u00e9h\u00e9ran pour pr\u00e9venir de nouvelles manifestations, selon un t\u00e9moin. \u00ab\u00a0La pr\u00e9sence de policiers et de miliciens emp\u00eache les protestataires de se rassembler\u00a0\u00bb, a dit un autre t\u00e9moin. Le pr\u00e9sident dispose d\u00e9sormais de deux semaines pour pr\u00e9senter son nouveau gouvernement aux d\u00e9put\u00e9s en vue du vote de confiance.<\/div>\n<p><\/font><\/div>\n<\/div>\n<p>\u00a0<\/p><\/div>\n<\/div>\n<p><\/font><\/div>\n<p>\u00a0<\/p><\/div>\n<\/div>\n<\/div>\n<\/div>\n<\/div>\n<\/div>\n<\/div>\n<\/div>\n<p><\/font><\/div>\n<\/div>\n<p><\/font><\/div>\n<\/div>\n<\/div>\n<p align=\"center\" dir=\"ltr\">\n<h3 style=\"color: blue;\"><font face=\"Arial\" size=\"2\"><strong><b><a href=\"https:\/\/tunisnews.net\/ar\/\"><font face=\"Arial\"><span><font size=\"2\">Home<\/font><\/span><font size=\"2\"><span lang=\"FR-CH\"> &#8211; Accueil <\/span><span>&#8211; <\/span><\/font><\/font><span dir=\"rtl\" lang=\"AR-SA\"><font size=\"2\">\u0627\u0644\u0631\u0626\u064a\u0633\u064a\u0629<\/font><\/span><\/a><\/b><\/strong><\/font><\/h3>\n<\/p>\n<p><\/body><\/body><\/html><\/p>","protected":false},"excerpt":{"rendered":"<p>Home &#8211; Accueil \u00a0 TUNISNEWS 9\u00a0\u00e8me ann\u00e9e, N\u00b0\u00a03361 du 05.08.2009 \u00a0archives :www.tunisnews.net\u00a0\u00a0 Amnesty International: Tunisian detained after forcible return FIDH &amp; CCPR: Plus d&rsquo;un an apr\u00e8s le constat alarmant dress\u00e9 par le Comit\u00e9 des droits de l&rsquo;Homme, la Tunisie continue de violer les droits civils et politiques de ses citoyens Comit\u00e9 de D\u00e9fense du Professeur [&hellip;]<\/p>\n","protected":false},"author":1,"featured_media":22040,"comment_status":"open","ping_status":"open","sticky":false,"template":"","format":"standard","meta":{"inline_featured_image":false,"site-sidebar-layout":"default","site-content-layout":"","ast-site-content-layout":"default","site-content-style":"default","site-sidebar-style":"default","ast-global-header-display":"","ast-banner-title-visibility":"","ast-main-header-display":"","ast-hfb-above-header-display":"","ast-hfb-below-header-display":"","ast-hfb-mobile-header-display":"","site-post-title":"","ast-breadcrumbs-content":"","ast-featured-img":"","footer-sml-layout":"","ast-disable-related-posts":"","theme-transparent-header-meta":"","adv-header-id-meta":"","stick-header-meta":"","header-above-stick-meta":"","header-main-stick-meta":"","header-below-stick-meta":"","astra-migrate-meta-layouts":"default","ast-page-background-enabled":"default","ast-page-background-meta":{"desktop":{"background-color":"","background-image":"","background-repeat":"repeat","background-position":"center center","background-size":"auto","background-attachment":"scroll","background-type":"","background-media":"","overlay-type":"","overlay-color":"","overlay-opacity":"","overlay-gradient":""},"tablet":{"background-color":"","background-image":"","background-repeat":"repeat","background-position":"center center","background-size":"auto","background-attachment":"scroll","background-type":"","background-media":"","overlay-type":"","overlay-color":"","overlay-opacity":"","overlay-gradient":""},"mobile":{"background-color":"","background-image":"","background-repeat":"repeat","background-position":"center center","background-size":"auto","background-attachment":"scroll","background-type":"","background-media":"","overlay-type":"","overlay-color":"","overlay-opacity":"","overlay-gradient":""}},"ast-content-background-meta":{"desktop":{"background-color":"var(--ast-global-color-5)","background-image":"","background-repeat":"repeat","background-position":"center center","background-size":"auto","background-attachment":"scroll","background-type":"","background-media":"","overlay-type":"","overlay-color":"","overlay-opacity":"","overlay-gradient":""},"tablet":{"background-color":"var(--ast-global-color-5)","background-image":"","background-repeat":"repeat","background-position":"center center","background-size":"auto","background-attachment":"scroll","background-type":"","background-media":"","overlay-type":"","overlay-color":"","overlay-opacity":"","overlay-gradient":""},"mobile":{"background-color":"var(--ast-global-color-5)","background-image":"","background-repeat":"repeat","background-position":"center center","background-size":"auto","background-attachment":"scroll","background-type":"","background-media":"","overlay-type":"","overlay-color":"","overlay-opacity":"","overlay-gradient":""}},"footnotes":""},"categories":[],"tags":[60,40,29],"class_list":["post-18385","post","type-post","status-publish","format-standard","has-post-thumbnail","hentry","tag-60","tag-40","tag-fr"],"_links":{"self":[{"href":"https:\/\/tunisnews.net\/ar\/wp-json\/wp\/v2\/posts\/18385","targetHints":{"allow":["GET"]}}],"collection":[{"href":"https:\/\/tunisnews.net\/ar\/wp-json\/wp\/v2\/posts"}],"about":[{"href":"https:\/\/tunisnews.net\/ar\/wp-json\/wp\/v2\/types\/post"}],"author":[{"embeddable":true,"href":"https:\/\/tunisnews.net\/ar\/wp-json\/wp\/v2\/users\/1"}],"replies":[{"embeddable":true,"href":"https:\/\/tunisnews.net\/ar\/wp-json\/wp\/v2\/comments?post=18385"}],"version-history":[{"count":0,"href":"https:\/\/tunisnews.net\/ar\/wp-json\/wp\/v2\/posts\/18385\/revisions"}],"wp:featuredmedia":[{"embeddable":true,"href":"https:\/\/tunisnews.net\/ar\/wp-json\/wp\/v2\/media\/22040"}],"wp:attachment":[{"href":"https:\/\/tunisnews.net\/ar\/wp-json\/wp\/v2\/media?parent=18385"}],"wp:term":[{"taxonomy":"category","embeddable":true,"href":"https:\/\/tunisnews.net\/ar\/wp-json\/wp\/v2\/categories?post=18385"},{"taxonomy":"post_tag","embeddable":true,"href":"https:\/\/tunisnews.net\/ar\/wp-json\/wp\/v2\/tags?post=18385"}],"curies":[{"name":"wp","href":"https:\/\/api.w.org\/{rel}","templated":true}]}}