{"id":18381,"date":"2009-06-03T00:00:00","date_gmt":"2009-06-03T00:00:00","guid":{"rendered":"https:\/\/tunisnews.net\/3-juin-2009\/"},"modified":"2009-06-03T00:00:00","modified_gmt":"2009-06-03T00:00:00","slug":"3-juin-2009","status":"publish","type":"post","link":"https:\/\/tunisnews.net\/ar\/3-juin-2009\/","title":{"rendered":"3 juin 2009"},"content":{"rendered":"<p><html><head><meta content=\"text\/html\" description=\"Le taux de croissance du secteur TIC (Technique d'Information et de \n\tCommunication) a effleur\u00e9 les 17,8%\u00a0 au titre de l'ann\u00e9e 2008. Une \n\tcroissance qui se traduit par une hausse de la contribution du secteur dans \n\tle PIB, pass\u00e9e de 9% en 2007 \u00e0 10% en 2008.\" http-equiv=\"Content-Type\"\/><\/head><body><body><\/p>\n<p align=\"center\" dir=\"ltr\"><font face=\"Arial\" size=\"2\"><b><a href=\"http:\/\/www.tunisnews.net\/\"><span>Home<\/span><span lang=\"FR-CH\"> &#8211; Accuei<\/span><\/a><span lang=\"FR-CH\">l<\/span><\/b><\/font><\/p>\n<div><font face=\"Arial\" size=\"2\">\u00a0 <\/p>\n<div>\n<div>\n<div>\n<div><\/div>\n<div align=\"center\"><strong><font size=\"7\">TUNISNEWS <\/font><\/strong><\/div>\n<div align=\"center\" dir=\"ltr\"><font><\/p>\n<div><strong>9\u00a0\u00e8me ann\u00e9e, <span lang=\"FR\">N\u00b0\u00a03298 du 03.06.2009<\/span><\/strong><\/div>\n<p><\/font><\/div>\n<div align=\"center\"><span><font><strong><font>\u00a0archives<\/font> : <\/strong><\/font><a target=\"_blank\" rel=\"noopener\"><font><strong>www.tunisnews.net<\/strong><\/font><\/a><\/span><font>\u00a0<\/font>\u00a0 <\/div>\n<div><strong><\/p>\n<hr\/>\n<p><\/strong><\/div>\n<\/div>\n<\/div>\n<\/div>\n<div><span lang=\"FR\"><strong>Le Temps: TIC en Tunisie : Boom spectaculaire <font>Le Quotidien: Les Tunisiens sont-ils \u00e9colos?<\/font> AFP: La branche maghr\u00e9bine d&rsquo;Al-Qa\u00efda a assassin\u00e9 un otage britannique <font>Reuters: Satisfaction apr\u00e8s le report de l&rsquo;\u00e9lection mauritaniennne<\/font> AFP: Le Hamas appelle Obama \u00e0 joindre l&rsquo;acte \u00e0 la parole <font>AFP: Ben Laden accuse Obama d&rsquo;\u00eatre aussi hostile aux musulmans que Bush<\/font> Le Monde: Les attentes des pays arabes \u00e0 la veille du discours de Barack Obama <font>Lepoint.fr: Obama tend une nouvelle fois la main aux musulmans<\/font> Guysen International News: Obama et l\u2019opinion arabe<\/strong><\/span><\/div>\n<div>\n<div>\n<hr\/>\n<\/div>\n<\/div>\n<div>\n<div align=\"center\"><b><span lang=\"FR\">Liste actualis\u00e9e des signataires de l&rsquo;initiative du Droit de Retour : <\/span><span lang=\"FR\"><font><a>http:\/\/www.manfiyoun.net\/fr\/listfr.html<\/a><\/font><\/span><\/b><span lang=\"FR\"> <strong>Celles et Ceux qui veulent signer cet appel sont invit\u00e9s \u00e0 envoyer leur: Nom, Pays de r\u00e9sidence et Ann\u00e9e de sortie de la Tunisie sur le m\u00e9l de l&rsquo;initiative : <\/strong><a><font><strong>manfiyoun@gmail.com<\/strong><\/font><\/a><\/span> <\/div>\n<\/div>\n<p><font face=\"Arial\"><\/p>\n<div>\n<hr\/>\n<\/div>\n<p><\/font><\/font><\/div>\n<div>\u00a0<\/div>\n<div>\u00a0<\/div>\n<p><font face=\"Arial\" size=\"2\"><\/p>\n<div align=\"center\"><strong><\/p>\n<h2 style=\"color: red;\"><font size=\"3\">TIC en Tunisie : Boom spectaculaire<\/font><\/h2>\n<p><\/strong> \u00a0<\/div>\n<div> Le taux de croissance du secteur TIC (Technique d&rsquo;Information et de Communication) a effleur\u00e9 les 17,8%\u00a0 au titre de l&rsquo;ann\u00e9e 2008. Une croissance qui se traduit par une hausse de la contribution du secteur dans le PIB, pass\u00e9e de 9% en 2007 \u00e0 10% en 2008.  Cette \u00e9volution, plut\u00f4t moyenne, est due principalement \u00e0 l&rsquo;augmentation des abonn\u00e9s au r\u00e9seau de t\u00e9l\u00e9phonie mobile aux environs des 8,7 millions vers la fin de 2008, et l&rsquo;accroissement du nombre des internautes en \u00e9volution permanente atteignant les 2,8 millions pour la m\u00eame p\u00e9riode. En fait, en l&rsquo;espace d&rsquo;un an, il y a eu une progression quasi spectaculaire du nombre des utilisateurs de la toile de l&rsquo;ordre de 60%.   Depuis l&rsquo;introduction de l&rsquo;ADSL (Internet \u00e0 haut d\u00e9bit)\u00a0 en Tunisie, la pr\u00e9sence des FAI (Fournisseurs d&rsquo;Acc\u00e8s Internet) s&rsquo;est remarquablement d\u00e9velopp\u00e9e. Le nombre des abonn\u00e9s au r\u00e9seau ADSL a en effet fr\u00f4l\u00e9 les 212 500 au titre de l&rsquo;ann\u00e9e 2008 alors qu&rsquo;il n&rsquo;\u00e9tait que 114 200 en 2007, dont 46% disposent d&rsquo;un d\u00e9bit d&rsquo;au-del\u00e0 de 512 kilobits \u00e0 la seconde. La progression de ce nombre est de 86%. En raison de l&rsquo;importance de ce genre de service qui nous lie en fait au quatre coins du monde, les abonn\u00e9s disposant d&rsquo;un d\u00e9bit d&rsquo;un m\u00e9gabits et plus s&rsquo;est multipli\u00e9 par quatre sur une p\u00e9riode d&rsquo;un an pour passer de 7800 en 2007 \u00e0 36 000 en 2008. De m\u00eame, le nombre des sites web a augment\u00e9 de 12% passant de 5796 en 2007 \u00e0 6467 en d\u00e9cembre 2008.  Par ailleurs, au niveau des soci\u00e9t\u00e9s, principalement celles exportatrices de logiciels et des syst\u00e8mes informatiques et des centres d&rsquo;appels, le nombre des abonn\u00e9s au r\u00e9seau de transmission a enregistr\u00e9 une hausse le situant \u00e0 plus de 420 soci\u00e9t\u00e9s. En outre, l&rsquo;\u00e9volution du parc informatique en Tunisie a pris une courbe ascendante marquant une progression d&rsquo;environ 30% sur la p\u00e9riode d&rsquo;un an et passant de 767 500 unit\u00e9s en 2007 \u00e0 v997 000 unit\u00e9s \u00e0 la fin 2008. Ces indicateurs refl\u00e8tent le degr\u00e9 d&rsquo;int\u00e9gration et d&rsquo;adh\u00e9sion de l&rsquo;entreprise tunisienne au processus de la soci\u00e9t\u00e9 num\u00e9rique. Sur un autre plan, l&rsquo;objectif d&rsquo;un million de PC pour \u00e9quiper les m\u00e9nages d&rsquo;ici la fin de l&rsquo;ann\u00e9e courante est incontournable. Quant aux services \u00e9lectroniques \u00e0 distance dans le cadre du commerce \u00e9lectronique, le nombre des certificats de signature \u00e9lectronique est pass\u00e9 du simple au double avec 2917 certificats contre 1512 en 2007.\u00a0   Pour revenir au secteur de la t\u00e9l\u00e9phonie mobile, il est pr\u00e9vu l&rsquo;entr\u00e9e sur le march\u00e9 d&rsquo;un troisi\u00e8me op\u00e9rateur priv\u00e9 \u00e0 la suite d&rsquo;un appel d&rsquo;offre. Cette nouvelle introduction sera l&rsquo;occasion de d\u00e9velopper davantage les produits et services Internet de haut d\u00e9bit, en l&rsquo;occurrence ceux destin\u00e9s aux entreprises. De plus, la diversification de l&rsquo;offre, la r\u00e9duction des co\u00fbts, l&rsquo;accroissement de la concurrence et le d\u00e9veloppement des contenus num\u00e9riques constituent autant d&rsquo;objectifs vis\u00e9s par l&rsquo;installation du troisi\u00e8me op\u00e9rateur. Dans un cadre plus g\u00e9n\u00e9ral, l&rsquo;intensification du rythme de cr\u00e9ation d&rsquo;entreprises et la promotion de l&#8217;emploi font partie du programme.\u00a0   Au regard de ce qui pr\u00e9c\u00e8de, le secteur des TIC contribue de fa\u00e7on distinguer \u00e0 la cr\u00e9ation d&#8217;emploi surtout dans les r\u00e9gions du pays. Cela se fait notamment par le biais de la promotion de projets \u00e0 caract\u00e8re innovant et \u00e0 fort contenu technologique.   Nadya B&rsquo;CHIR LOUATI.  &#8212;&#8212;&#8212;&#8212;&#8212;&#8212;&#8212;&#8212;&#8212;&#8212;&#8212;&#8212;  <font>Les chiffres  -Taux de croissance du secteur TIC (ann\u00e9e 2008) : 17,8 pc   -Contribution dans le PIB (2008): 10 pc du PIB contre 3,9 en 2001   -Nombre total des abonn\u00e9s aux r\u00e9seaux de t\u00e9l\u00e9phonie fixe et mobiles &#8211; lignes en service (Mars 2009) : 9,84 Millions d&rsquo;abonn\u00e9s   -Densit\u00e9 t\u00e9l\u00e9phonique fixe et mobile (f\u00e9vrier 2009) : 94,6 lignes pour 100 habitants   -Nombre total des abonn\u00e9s aux r\u00e9seaux mobiles &#8211; lignes en service (Mars 2009) : 8,59 Millions d&rsquo;abonn\u00e9s   -Parc d&rsquo;ordinateurs PC (janvier 2009) : 1 015 580 ordinateurs contre 767 500 \u00e0 fin 2007   -Nombre d&rsquo;utilisateurs d&rsquo;Internet (Mars 2009) : 2,83 Millions, soit un taux d&rsquo;\u00e9volution de 62 pc par rapport \u00e0 la m\u00eame p\u00e9riode de l&rsquo;ann\u00e9e 2008.<\/font> <strong><font>(Source : \u00ab Le Temps \u00bb (Quotidien \u2013 Tunis), le 3 juin 2009)<\/font><\/strong><\/div>\n<div>\n<hr\/>\n<\/div>\n<div>\u00a0<\/div>\n<p><\/font><\/p>\n<div>\n<div align=\"center\"><strong><\/p>\n<h2 style=\"color: red;\"><font size=\"3\">1 question, 3 r\u00e9ponses Les Tunisiens sont-ils \u00e9colos?<\/font><\/h2>\n<p><\/strong><\/div>\n<div align=\"justify\"> Apr\u00e8s-demain, la Tunisie f\u00eate l&rsquo;environnement. D\u00e9clar\u00e9e depuis 1972 par l&rsquo;Organisation des Nations Unies (ONU), la Journ\u00e9e internationale de l&rsquo;environnement a lieu tous les ans, le 5 juin. L&rsquo;objectif \u00e9tant de sensibiliser \u00e0 la protection de l&rsquo;environnement, donner un visage humain aux probl\u00e8mes environnementaux et amener les citoyens dans le monde \u00e0 devenir des agents actifs dans la protection de l&rsquo;environnement. Les Tunisiens font-ils des efforts pour pr\u00e9server leur environnement ? Sont-ils \u00e9colos?<\/div>\n<div align=\"justify\"> <strong><font>* Ramzi Khriss (Infographiste) : \u00ab\u00a0C&rsquo;est compliqu\u00e9!\u00a0\u00bb<\/font><\/strong>  \u00ab\u00a0Je crois qu&rsquo;ils sont peu nombreux ceux parmi les Tunisiens qui se soucient de l&rsquo;environnement. La majorit\u00e9 ne s&rsquo;occupe que de son environnement priv\u00e9 et tr\u00e8s restreint. Celui de leur int\u00e9rieur! Moi, j&rsquo;habite dans un quartier populaire de la capitale. Je ne vous dis pas comment est l&rsquo;\u00e9tat du quartier. Les souillures sont partout et le d\u00e9sint\u00e9r\u00eat des habitants est absolu. Le probl\u00e8me, c&rsquo;est que dans mon quartier, m\u00eame les gens qui ont fait des \u00e9tudes sup\u00e9rieures et occupent aujourd&rsquo;hui des postes prestigieux, ne se g\u00eanent point de jeter leurs poubelles n&rsquo;importe o\u00f9. Je crois que cela est d\u00fb \u00e0 une sorte de contagion. Les individus tendent \u00e0 imiter le comportement de la majorit\u00e9. Quand la masse fait fi aux probl\u00e9matiques de l&rsquo;environnement, la minorit\u00e9 ne peut rien faire. Changer le comportement des individus, cela n\u00e9cessite beaucoup de temps et \u00e9norm\u00e9ment d&rsquo;efforts de la part des autorit\u00e9s. Le r\u00e9sultat tardera \u00e0 venir, certes, mais les gens finiront t\u00f4t ou tard par adh\u00e9rer \u00e0 la cause environnementale\u00a0\u00bb.  \u00a0 <strong><font>* Azzouz Najjar (Expert) : \u2018\u2018Les Tunisiens en sont sensibles\u2019\u2019<\/font><\/strong>  \u00ab\u00a0Ayant une formation en biologie et d&rsquo;apr\u00e8s mon exp\u00e9rience professionnelle je peux dire que oui, l&rsquo;environnement dans notre pays b\u00e9n\u00e9ficie d&rsquo;une attention tr\u00e8s soutenue de la part des autorit\u00e9s mais aussi des citoyens qui sont de plus en plus sensibles \u00e0 la question de la propret\u00e9 et de l&rsquo;environnement en g\u00e9n\u00e9ral. Souvent quand on traite de la question de l&rsquo;environnement on \u00e9voque le probl\u00e8me de la pollution. A ce niveau exactement, je pense qu&rsquo;il faut se mettre d&rsquo;accord sur une chose: c&rsquo;est que le probl\u00e8me de la pollution est plan\u00e9taire. Et le cas de la Tunisie est tr\u00e8s infime compar\u00e9 aux pays industrialis\u00e9s. A l&rsquo;\u00e9chelle plan\u00e9taire, qu&rsquo;on le veuille ou non, il y a aujourd&rsquo;hui de grands int\u00e9r\u00eats \u00e9conomiques qui font contrepoids \u00e0 la volont\u00e9 de pr\u00e9server l&rsquo;environnement dans le monde. C&rsquo;est pareil dans certaines zones industrielles du pays. Il y a des industriels qui font tout pour d\u00e9tourner les dispositifs de surveillance et laisser \u00e9chapper des polluants toxiques dans la nature. Parfois on travaille contre l&rsquo;environnement sans le savoir\u00a0\u00bb.  \u00a0 <strong><font>* Ettayeb Ben H&rsquo;med (Fonctionnaire) : \u00ab\u00a0Oui, mais!\u00a0\u00bb<\/font><\/strong>  \u00ab\u00a0Oui, les Tunisiens sont des citoyens qui s&rsquo;int\u00e9ressent \u00e0 l&rsquo;environnement. Pourtant, il y a beaucoup de gens qui pensent le contraire. Pour \u00e9mettre un jugement, il faut faire la comparaison avec des pays de m\u00eame niveau de d\u00e9veloppement que le n\u00f4tre. Moi, je parle en connaissance de cause. J&rsquo;ai visit\u00e9 beaucoup de pays. Il faut \u00eatre satisfait du comportement des Tunisiens vis-\u00e0-vis leur environnement. Je ne veux pas dire que nous avons atteint l&rsquo;id\u00e9al mais nous pouvons nous f\u00e9liciter de nos acquis. Il faut continuer pour tenter de rattraper les autres peuples qui nous devancent en la mati\u00e8re\u00a0\u00bb.  Propos recueillis par H.G. <strong><font>(Source: \u00ab\u00a0Le Quotidien\u00a0\u00bb (Quotidien- Tunisie) Le 3 juin 2009)  Lien: http:\/\/www.lequotidien-tn.com\/detailarticle.asp<\/font><\/strong><\/div>\n<p> \u00a0<\/p><\/div>\n<div>\n<hr\/>\n<\/div>\n<div>\u00a0<\/div>\n<div align=\"center\"><strong><\/p>\n<h2 style=\"color: red;\"><font size=\"3\">La branche maghr\u00e9bine d&rsquo;Al-Qa\u00efda a assassin\u00e9 un otage britannique<\/font><\/h2>\n<p><\/strong><\/div>\n<div align=\"justify\">AFP le 3 juin 2009 \u00a0<\/div>\n<div align=\"justify\">BAMAKO (AFP) \u2014 Al-Qa\u00efda au Maghreb islamique (Aqmi) a annonc\u00e9 mercredi pour la premi\u00e8re fois avoir tu\u00e9 un otage occidental, le touriste britannique Edwin Dyer qu&rsquo;elle d\u00e9tenait depuis janvier, un assassinat condamn\u00e9 par le gouvernement britannique comme un acte de terrorisme \u00ab\u00a0barbare\u00a0\u00bb. La mort de l&rsquo;otage a \u00e9t\u00e9 annonc\u00e9e dans un communiqu\u00e9 mis en ligne sur un site islamiste. Ce texte a \u00e9t\u00e9 partiellement reproduit par SITE, un centre am\u00e9ricain sp\u00e9cialis\u00e9 dans l&rsquo;\u00e9tude des sites islamistes. Selon les observateurs, c&rsquo;est la premi\u00e8re fois qu&rsquo;Aqmi ex\u00e9cute un otage occidental. A Londres, le Premier ministre Gordon Brown a affirm\u00e9 avoir \u00ab\u00a0de fortes raisons de croire qu&rsquo;un citoyen britannique, Edwin Dyer, (avait) \u00e9t\u00e9 assassin\u00e9 par une cellule d&rsquo;Al-Qa\u00efda au Mali\u00a0\u00bb et a condamn\u00e9 \u00ab\u00a0de la fa\u00e7on la plus ferme cet acte de terrorisme \u00e9pouvantable et barbare\u00a0\u00bb. Cette r\u00e9action constitue la premi\u00e8re confirmation de l&rsquo;authenticit\u00e9 du communiqu\u00e9 de la branche nord-africaine du r\u00e9seau Al-Qa\u00efda, qui affirme que l&rsquo;otage a \u00e9t\u00e9 tu\u00e9 le 31 mai sans pr\u00e9ciser de quelle mani\u00e8re. Ce texte, selon SITE, ne dit rien du sort d&rsquo;un autre touriste enlev\u00e9 au Niger en m\u00eame temps qu&rsquo;Edwin Dyer et otage du m\u00eame groupe, le Suisse Werner Greiner. La Suisse s&rsquo;est dite \u00ab\u00a0boulevers\u00e9e\u00a0\u00bb par la nouvelle, mais a assur\u00e9 que cet \u00ab\u00a0acte barbare\u00a0\u00bb n&#8217;emp\u00eacherait pas ses \u00ab\u00a0efforts intenses\u00a0\u00bb pour obtenir la lib\u00e9ration de l&rsquo;otage suisse. Dans son communiqu\u00e9, Aqmi dit avoir tu\u00e9 l&rsquo;otage parce que le gouvernement britannique ne r\u00e9pondait pas \u00e0 ses exigences. Le groupe extr\u00e9miste demandait que Londres remette en libert\u00e9 l&rsquo;islamiste radical Abou Qatada \u00ab\u00a0Al-Filistini\u00a0\u00bb (le Palestinien), pr\u00e9sent\u00e9 par les autorit\u00e9s britanniques comme l&rsquo;un des membres les plus dangereux du \u00ab\u00a0Londonistan\u00a0\u00bb, la mouvance islamiste radicale implant\u00e9e dans la capitale britannique. \u00ab\u00a0Cette trag\u00e9die renforce notre engagement \u00e0 combattre le terrorisme\u00a0\u00bb et \u00ab\u00a0renforce notre d\u00e9termination \u00e0 ne jamais accepter les demandes des terroristes ou \u00e0 payer des ran\u00e7ons\u00a0\u00bb, a soulign\u00e9 M. Brown. \u00ab\u00a0Je veux que ceux qui voudraient utiliser le terrorisme contre les citoyens britanniques sachent (&#8230;) que nous et nos alli\u00e9s les pourchasserons sans rel\u00e2che et qu&rsquo;ils feront face \u00e0 la justice comme ils le m\u00e9ritent\u00a0\u00bb, a-t-il dit. Gordon Brown a ensuite affirm\u00e9 devant la Chambre des Communes s&rsquo;\u00eatre entretenu avec le pr\u00e9sident malien Amadou Toumani Tour\u00e9. \u00ab\u00a0Il sait qu&rsquo;il pourra compter sur tout le soutien n\u00e9cessaire pour \u00e9radiquer Al-Qa\u00efda de son pays\u00a0\u00bb, a-t-il lanc\u00e9. Un responsable malien qui a pris part aux n\u00e9gociations a dit \u00e0 l&rsquo;AFP qu&rsquo;Edwin Dyer avait \u00e9t\u00e9 d\u00e9tenu par un \u00ab\u00a0islamiste violent et brutal\u00a0\u00bb, Abdelhamid Abou Ze\u00efd. Ze\u00efd, de nationalit\u00e9 alg\u00e9rienne, est d\u00e9crit par les sp\u00e9cialistes des r\u00e9seaux islamistes comme \u00e9tant un ex-lieutenant d&rsquo;Abdelrazack, alias El Para, ancien \u00e9mir du Groupe salafiste pour la pr\u00e9dication et le combat (GSPC) pour le sud alg\u00e9rien. L&rsquo;Alg\u00e9rie a condamn\u00e9 avec \u00ab\u00a0la plus grande fermet\u00e9\u00a0\u00bb l&rsquo;assassinat, appelant \u00e0 \u00ab\u00a0l&rsquo;intensification de la coop\u00e9ration internationale pour \u00e9radiquer le terrorisme\u00a0\u00bb. Edwin Dyer faisait partie d&rsquo;un groupe de quatre touristes europ\u00e9ens captur\u00e9s le 22 janvier au Niger, \u00e0 la fronti\u00e8re avec le Mali, par la branche maghr\u00e9bine d&rsquo;Al-Qa\u00efda qui avait aussi enlev\u00e9 deux diplomates canadiens, Robert Fowler et Louis Guay. Ces deux diplomates et deux des touristes, l&rsquo;Allemande Marianne Petzold et la Suissesse Gabriella Burco, l&rsquo;\u00e9pouse de M. Greiner, avaient \u00e9t\u00e9 lib\u00e9r\u00e9es le 22 avril dans le nord du Mali. Les ravisseurs avaient alors affirm\u00e9 que ces lib\u00e9rations s&rsquo;\u00e9taient faites en \u00e9change de quatre de leurs combattants. Le mouvement avait alors menac\u00e9 d&rsquo;ex\u00e9cuter Edwin Dyer si Londres ne r\u00e9pondait pas \u00e0 sa demande dans un d\u00e9lai de 20 jours. Le 20 mai, il avait prolong\u00e9 son ultimatum de 15 jours. Copyright \u00a9 2009 AFP<\/div>\n<div>\n<hr\/>\n<\/div>\n<div align=\"center\"><font face=\"Arial\" size=\"2\"><\/p>\n<h2 style=\"color: red;\"><font size=\"3\"><strong>Satisfaction apr\u00e8s le report de l&rsquo;\u00e9lection mauritaniennne<\/strong><\/font><\/h2>\n<p><\/font><\/div>\n<div align=\"justify\">Reuters, le 3 juin 2009 \u00e0 17h22  par Vincent Fertey  NOUAKCHOTT, 3 juin (Reuters) &#8211; Des instances internationales et des hommes politiques mauritaniens ont salu\u00e9 mercredi la d\u00e9cision de la junte de reporter l&rsquo;\u00e9lection pr\u00e9sidentielle du 6 juin au 18 juillet et de mettre en place une administration provisoire pour sortir de l&rsquo;impasse politique.  La formation d&rsquo;un gouvernement de transition et une plus large participation au scrutin report\u00e9 sont consid\u00e9r\u00e9s comme de premiers pas vers une sortie de l&rsquo;isolement dans lequel se trouve la Mauritanie depuis le renversement, en ao\u00fbt dernier, du premier chef d&rsquo;Etat librement \u00e9lu par le g\u00e9n\u00e9ral Mohamed Ould Abdel Aziz.  Les partis d&rsquo;opposition mauritaniens avaient rejet\u00e9 la date du 6 juin parce qu&rsquo;elle avait \u00e9t\u00e9 impos\u00e9e sans consultation par la junte. Des diplomates et des observateurs estimaient qu&rsquo;un scrutin boycott\u00e9 par l&rsquo;opposition ne repr\u00e9senterait pas un retour \u00e0 l&rsquo;ordre constitutionnel r\u00e9clam\u00e9 par la communaut\u00e9 internationale.  Dans le cadre d&rsquo;un accord conclu \u00e0 Dakar, un gouvernement de transition dont les 26 postes seront r\u00e9partis \u00e0 parts \u00e9gales entre des personnalit\u00e9s d\u00e9sign\u00e9es par la junte et des hommes politiques d&rsquo;opposition sera form\u00e9.  \u00ab\u00a0C&rsquo;est une sortie honorable de la crise qui met en place un cadre politique\u00a0\u00bb, a relev\u00e9 un diplomate occidental.  Dans le cadre de l&rsquo;accord conclu mardi soir dans la capitale s\u00e9n\u00e9galaise, l&rsquo;Union africaine, l&rsquo;Onu, l&rsquo;Union europ\u00e9enne et d&rsquo;autres instances internationales se sont d\u00e9clar\u00e9es pr\u00eates \u00e0 apporter leur aide pour le scrutin du 18 juillet qui sera suivi, si n\u00e9cessaire, d&rsquo;un second tour le 1er ao\u00fbt.  \u00ab\u00a0ELECTION OUVERTE\u00a0\u00bb  \u00ab\u00a0Le d\u00e9lai est tr\u00e8s court et il faut esp\u00e9rer que les dirigeants continueront de faire preuve de leur intention de respecter le calendrier\u00a0\u00bb, a remarqu\u00e9 le diplomate occidental.  La communaut\u00e9 internationale a critiqu\u00e9 le putsch d&rsquo;Abdel Aziz. L&rsquo;UA a impos\u00e9 des sanctions en f\u00e9vrier et l&rsquo;UE a annonc\u00e9 en avril qu&rsquo;elle ne pouvait coop\u00e9rer avec un gouvernement militaire et qu&rsquo;elle suspendrait son aide pendant deux ans.  En parvenant \u00e0 un accord sous l&rsquo;\u00e9gide du pr\u00e9sident s\u00e9n\u00e9galais Abdoulaye Wade, les dirigeants politiques mauritaniens ont manifest\u00e9 leur intention d&rsquo;assurer le retour rapide \u00e0 l&rsquo;ordre constitutionnel, s&rsquo;est r\u00e9jouie dans un communiqu\u00e9 la France, ancienne puissance coloniale.  Bien qu&rsquo;ils ne l&rsquo;aient pas encore confirm\u00e9, il semble que les partis d&rsquo;opposition soient d\u00e9sormais pr\u00eats \u00e0 participer au scrutin reprogramm\u00e9.  \u00ab\u00a0Le parti se r\u00e9unira avant de prendre une d\u00e9cision\u00a0\u00bb, a r\u00e9pondu Ahmed Ould Daddah, pr\u00e9sident du Rassemblement des forces d\u00e9mocratiques (RFD) \u00e0 des journalistes qui lui demandaient si son parti d\u00e9signerait un candidat.  Le Front national pour la D\u00e9fense de la D\u00e9mocratie, une coalition oppos\u00e9e \u00e0 la jute repr\u00e9sent\u00e9e aux discussions de Dakar par Mohamed Ould Maouloud, a laiss\u00e9 entendre qu&rsquo;elle \u00e9tait pr\u00eate \u00e0 participer \u00e0 l&rsquo;\u00e9lection.  \u00ab\u00a0Pr\u00e9senter un candidat du FNDD n&rsquo;est pas notre priorit\u00e9 essentielle, mais en m\u00eame temps, c&rsquo;est un souhait personnel qu&rsquo;il y ait un candidat\u00a0\u00bb, a-t-il dit.  Les observateurs s&rsquo;attendaient \u00e0 ce qu&rsquo;en cas de scrutin le 6 juin, Abdel Aziz remporte la victoire en l&rsquo;absence d&rsquo;opposition s\u00e9rieuse, mais ses partisans esp\u00e8rent que sa d\u00e9cision de reporter l&rsquo;\u00e9lection jouera en sa faveur.  \u00ab\u00a0L&rsquo;\u00e9lection est ouverte et cela ne nous fait pas peur\u00a0\u00bb, a d\u00e9clar\u00e9 Mohamed Ali Cherif, membre du parlement et partisan d&rsquo;Abdel Aziz. \u00ab\u00a0Aziz a montr\u00e9 sa capacit\u00e9 d&rsquo;ouverture et d&rsquo;\u00e9coute, ce qui est tout \u00e0 son avantage\u00a0\u00bb.  REUTERS <\/p>\n<hr\/>\n<\/div>\n<div align=\"center\"> <strong><\/p>\n<h2 style=\"color: red;\"><font><font face=\"Arial\" size=\"3\">Le Hamas appelle Obama \u00e0 joindre l&rsquo;acte \u00e0 la parole<\/font> \u00a0<\/font><\/h2>\n<p><\/strong><\/div>\n<div align=\"justify\"> AFP le 3 juin 2009 Gaza Le mouvement Hamas, qui contr\u00f4le Gaza, a appel\u00e9 mercredi le pr\u00e9sident am\u00e9ricain Barack Obama \u00e0 joindre l&rsquo;acte \u00e0 la parole en exer\u00e7ant \u00abune r\u00e9elle pression\u00bb sur Isra\u00ebl, lors de sa visite dans la r\u00e9gion o\u00f9 il doit prononcer un discours de r\u00e9conciliation \u00e0 l&rsquo;adresse des musulmans. \u00abNous allons juger cette visite sur la base de ce qu&rsquo;il va dire et de mesures concr\u00e8tes qu&rsquo;il va prendre\u00bb, a d\u00e9clar\u00e9 \u00e0 l&rsquo;AFP le porte-parole du mouvement islamiste palestinien, Fawzi Barhoum.\u00abNous esp\u00e9rons voir des mesures concr\u00e8tes de l&rsquo;administartion am\u00e9ricaine sous forme de r\u00e9elle pression contre l&rsquo;ennemi sioniste pour qu&rsquo;il l\u00e8ve le blocus de Gaza, mette fin \u00e0 l&rsquo;agression et arr\u00eate la colonisation\u00bb, a-t-il ajout\u00e9. Selon lui, \u00abcette visite sera \u00e0 cet \u00e9gard un r\u00e9el test pour Obama\u00bb. Le pr\u00e9sident am\u00e9ricain a hauss\u00e9 le ton contre Isra\u00ebl ces derni\u00e8res semaines pour qu&rsquo;il accepte un r\u00e8glement bas\u00e9 sur la cr\u00e9ation d&rsquo;un \u00c9tat palestinien et g\u00e8le totalement la colonisation en Cisjordanie occup\u00e9e, ce qui a suscit\u00e9 des tensions entre les deux alli\u00e9s. Le Hamas, consid\u00e9r\u00e9 comme une organisation terroriste par Isra\u00ebl, les \u00c9tats-Unis et l&rsquo;Europe, a pris le contr\u00f4le de la bande de Gaza en juin 2007 au d\u00e9triment de l&rsquo;Autorit\u00e9 palestinienne de Mahmoud Abbas, un alli\u00e9 de Washington. M. Obama entame mercredi en Arabie saoudite une visite dans la r\u00e9gion avec le double objectif d&rsquo;obtenir le soutien des pays arabes \u00e0 la paix au Proche-Orient et de tendre la main au monde musulman. Le point d&rsquo;orgue de sa mission de paix sera son discours de r\u00e9conciliation \u00e0 l&rsquo;adresse du monde musulman jeudi en \u00c9gypte. Isra\u00ebl s&rsquo;inqui\u00e8te de la possibilit\u00e9 qu&rsquo;une telle ouverture se fasse \u00e0 ses d\u00e9pens. \u00abLe pr\u00e9sident am\u00e9ricain a le droit de tenter de se r\u00e9concilier avec le monde musulman et faire concurrence \u00e0 Al-Qaeda ou l&rsquo;Iran pour conqu\u00e9rir son coeur; pour notre part nous devons v\u00e9rifier que ce cela ne portera pas atteinte \u00e0 nos int\u00e9r\u00eats communs\u00bb avec les Am\u00e9ricains, a d\u00e9clar\u00e9 mercredi le ministre des Transports Isra\u00ebl Katz.<\/div>\n<div align=\"justify\">\n<hr\/>\n<\/div>\n<div align=\"center\"><strong><\/p>\n<h2 style=\"color: red;\"><font size=\"3\">Ben Laden accuse Obama d&rsquo;\u00eatre aussi hostile aux musulmans que Bush<\/font><\/h2>\n<p><\/strong><\/div>\n<div align=\"justify\"> AFP le 3 juin 2009<\/div>\n<div align=\"justify\">DUBAI (AFP) \u2014 Le chef d&rsquo;Al-Qa\u00efda Oussama ben Laden a accus\u00e9 le pr\u00e9sident am\u00e9ricain Barack Obama de \u00ab\u00a0suivre la m\u00eame politique d&rsquo;hostilit\u00e9\u00a0\u00bb \u00e0 l&rsquo;\u00e9gard des musulmans que son pr\u00e9d\u00e9cesseur George W. Bush, dans un enregistrement sonore diffus\u00e9 mercredi par la cha\u00eene TV Al-Jazira du Qatar. \u00ab\u00a0Obama suit les pas de son pr\u00e9d\u00e9cesseur dans sa politique d&rsquo;hostilit\u00e9 \u00e0 l&rsquo;\u00e9gard des musulmans (&#8230;) il pose ainsi les fondements \u00e0 des guerres de longue dur\u00e9e\u00a0\u00bb, a d\u00e9clar\u00e9 le chef d&rsquo;Al-Qa\u00efda dans les extraits de son message diffus\u00e9s par Al-Jazira. Dans l&rsquo;enregistrement diffus\u00e9 peu apr\u00e8s l&rsquo;arriv\u00e9e \u00e0 Ryad du pr\u00e9sident am\u00e9ricain et \u00e0 la veille de son discours de r\u00e9conciliation aux musulmans jeudi au Caire, Oussama ben Laden a affirm\u00e9 que Barack \u00ab\u00a0Obama et son administration ont jet\u00e9 les semences pour plus de haine et de volont\u00e9 de revanche contre l&rsquo;Am\u00e9rique\u00a0\u00bb. Il en a donn\u00e9 comme exemple l&rsquo;offensive men\u00e9e par l&rsquo;arm\u00e9e pakistanaise contre les talibans dans la vall\u00e9e de Swat. \u00ab\u00a0Le nombre de ces semences \u00e9quivaut celui de ceux qui ont souffert et de ceux qui ont \u00e9t\u00e9 d\u00e9plac\u00e9s de la vall\u00e9e de Swat\u00a0\u00bb, a-t-il dit. L&rsquo;arm\u00e9e a lanc\u00e9 il y a cinq semaines une vaste offensive contre les talibans dans la vall\u00e9e de Swat et ses environs, dans le nord-ouest du Pakistan, assurant avoir tu\u00e9 plus de 1.300 insurg\u00e9s. Selon l&rsquo;ONU, pr\u00e8s de 2,5 millions de civils ont \u00e9t\u00e9 d\u00e9plac\u00e9s par les combats. \u00ab\u00a0Que le peuple am\u00e9ricain se pr\u00e9pare \u00e0 continuer \u00e0 cueillir les fruits de ce qui a \u00e9t\u00e9 sem\u00e9 par les dirigeants de la Maison Blanche pendant les ann\u00e9es et les d\u00e9cennies \u00e0 venir\u00a0\u00bb, a-t-il dit. Le chef d&rsquo;Al-Qa\u00efda a \u00e9galement reproch\u00e9 au pr\u00e9sident pakistanais Asif Ali Zardari d&rsquo;avoir \u00ab\u00a0re\u00e7u avec son arm\u00e9e les ordres d&rsquo;Obama pour emp\u00eacher les habitants de Swat d&rsquo;appliquer la charia\u00a0\u00bb, la loi islamique. R\u00e9agissant \u00e0 l&rsquo;enregistrement, un responsable saoudien a estim\u00e9 qu&rsquo;il s&rsquo;agissait d&rsquo;un \u00ab\u00a0acte de d\u00e9sespoir\u00a0\u00bb d&rsquo;Oussama ben Laden, qui a \u00e9t\u00e9 d\u00e9chu de sa nationalit\u00e9 saoudienne. \u00ab\u00a0C&rsquo;est un acte de d\u00e9sespoir\u00a0\u00bb, a d\u00e9clar\u00e9 \u00e0 l&rsquo;AFP Nial al-Jubeir, un responsable du minist\u00e8re de l&rsquo;Information, ajoutant que les dirigeants d&rsquo;Al-Qa\u00efda \u00ab\u00a0continuent de faire leurs d\u00e9clarations en se cachant dans une grotte\u00a0\u00bb. Ce message est le deuxi\u00e8me en 24 heures du r\u00e9seau extr\u00e9miste. Le N.2 d&rsquo;Al-Qa\u00efda, Ayman al-Zawahiri, a estim\u00e9 mardi que le discours pr\u00e9vu au Caire du pr\u00e9sident am\u00e9ricain \u00e9tait une \u00ab\u00a0op\u00e9ration de relations publiques\u00a0\u00bb. Le dernier message d&rsquo;Oussama ben Laden remonte au 19 mars, quand il avait appel\u00e9 les radicaux islamistes en Somalie \u00e0 renverser et \u00e0 combattre le pr\u00e9sident Sharif Cheikh Ahmed, un islamiste mod\u00e9r\u00e9 \u00e9lu fin janvier \u00e0 la t\u00eate de ce pays en guerre. Il s&rsquo;agit du quatri\u00e8me enregistrement audio de Ben Laden depuis le d\u00e9but de l&rsquo;ann\u00e9e. Traqu\u00e9 mais \u00e0 ce jour introuvable, Oussama ben Laden, dont la t\u00eate est mise \u00e0 prix pour 25 millions de dollars par les Etats-Unis, a revendiqu\u00e9 la responsabilit\u00e9 des attentats du 11-Septembre 2001. Il se cacherait dans les zones difficilement accessibles aux confins de l&rsquo;Afghanistan et du Pakistan.<\/div>\n<div>\n<hr\/>\n<\/div>\n<div>\u00a0<\/div>\n<div>\n<p align=\"center\"><b><span lang=\"FR\">Les attentes des pays arabes \u00e0 la veille du discours de Barack Obama<\/span><\/b><\/p>\n<p><span lang=\"FR\">\u00a0<\/span><\/p>\n<p><b><span lang=\"FR\">LE CAIRE ENVOY\u00c9 SP\u00c9CIAL<\/span><\/b><\/p>\n<p><span lang=\"FR\">\u00a0<\/span><\/p>\n<p><span><span lang=\"FR\"><strong><font>U<\/font><\/strong><\/span><\/span><span lang=\"FR\">n nouveau chapitre, une nouvelle page, une approche diff\u00e9rente, peut-\u00eatre m\u00eame une rupture historique dans les rapports des Etats-Unis avec l&rsquo;islam. A la veille de la grande \u00ab\u00a0adresse au monde musulman\u00a0\u00bb que le pr\u00e9sident am\u00e9ricain,<a href=\"http:\/\/www.lemonde.fr\/sujet\/d309\/barack-obama.html\" target=\"_blank\" rel=\"noopener\"><span>Barack Obama<\/span><\/a>, devait prononcer jeudi 4 juin \u00e0 l&rsquo;universit\u00e9 du Caire,<a href=\"http:\/\/www.lemonde.fr\/sujet\/26bd\/abdel-monem.html\" target=\"_blank\" rel=\"noopener\"><span>Abdel Monem<\/span><\/a><a href=\"http:\/\/www.lemonde.fr\/sujet\/d6d5\/said-ali.html\" target=\"_blank\" rel=\"noopener\"><span>Sa\u00efd Ali<\/span><\/a>, le directeur du prestigieux Centre Al Ahram d&rsquo;\u00e9tudes politiques et strat\u00e9giques d&rsquo;Egypte, en est certain :<i> \u00ab\u00a0Ce discours peut repr\u00e9senter, en termes de rupture avec l&rsquo;\u00e8re post-11 septembre 2001, l&rsquo;\u00e9quivalent du voyage de Sadate \u00e0 J\u00e9rusalem ou celui de Nixon en Chine.\u00a0\u00bb<\/i> Un authentique bouleversement.<\/span><\/p>\n<p><span lang=\"FR\">\u00a0<\/span><\/p>\n<p><span lang=\"FR\">Bien s\u00fbr, en Egypte, tout le monde n&rsquo;a pas l&rsquo;heur d&rsquo;\u00eatre un confident du ra\u00efs <a href=\"http:\/\/www.lemonde.fr\/sujet\/a6bc\/hosni-moubarak.html\" target=\"_blank\" rel=\"noopener\"><span>Hosni Moubarak<\/span><\/a>. Et tous les musulmans ne sont pas sur la ligne optimiste du politologue \u00e9gyptien. <i>\u00ab\u00a0Assez de paroles, nous attendons des actes\u00a0\u00bb<\/i>, r\u00e9p\u00e8tent un peu partout les opposants, islamistes et \u00ab\u00a0la\u00efcs\u00a0\u00bb, aux r\u00e9gimes en place. M. Obama lui-m\u00eame l&rsquo;a reconnu mardi dans un entretien \u00e0 la BBC : <i>\u00ab\u00a0Un discours ne r\u00e9soudra pas tous les probl\u00e8mes.\u00a0\u00bb<\/i><\/span><\/p>\n<p><span lang=\"FR\">Mais \u00e0 quelques heures de l&rsquo;\u00e9v\u00e9nement, si nul ne conna\u00eet le contenu du discours pr\u00e9sidentiel, chacun sait ce que ceux \u00e0 qui il s&rsquo;adresse esp\u00e8rent entendre. D&rsquo;abord, du respect. Pour les musulmans en g\u00e9n\u00e9ral et pour les Arabes en particulier, c&rsquo;est le mot clef qui doit pr\u00e9sider, apr\u00e8s huit ann\u00e9es d&rsquo;administration Bush, \u00e0 la tentative de r\u00e9conciliation entreprise par M. Obama. Respect pour la religion adopt\u00e9e par 1,2 milliard d&rsquo;\u00eatres humains \u00e0 travers le monde &#8211; dont 350 millions d&rsquo;Arabes -, respect pour ses fid\u00e8les et leurs traditions, respect, aussi, pour leurs choix de gouvernance et de d\u00e9veloppement.<\/span><\/p>\n<p><b><span lang=\"FR\">\u00ab\u00a0MENACE\u00a0\u00bb IRANIENNE<\/span><\/b><\/p>\n<p><span lang=\"FR\">La seconde attente, capitale, concerne \u00e9videmment le conflit isra\u00e9lo-palestinien, le coeur m\u00eame des incompr\u00e9hensions entre Orient et Occident. Pour M. Sa\u00efd Ali, <i>\u00ab\u00a0c&rsquo;est \u00ab\u00a0la\u00a0\u00bb question qui relie tous les musulmans entre eux. On peut diverger sur l&rsquo;Irak, l&rsquo;Iran ou d&rsquo;autres sujets. Mais pour beaucoup, la question palestinienne est pratiquement devenue comme la sixi\u00e8me pri\u00e8re quotidienne. Certains se contentent d&rsquo;en parler sans jamais agir. Mais chacun est concern\u00e9 par l&rsquo;injustice qui se joue depuis si longtemps l\u00e0-bas.\u00a0\u00bb<\/i><\/span><\/p>\n<p><span lang=\"FR\">Barack Obama s&rsquo;est d\u00e9j\u00e0 beaucoup avanc\u00e9 en r\u00e9clamant notamment de son alli\u00e9 isra\u00e9lien qu&rsquo;il cesse de coloniser \u00e0 tout va les 22 % de la Palestine mandataire qui restent aux six millions de Palestiniens pour construire leur Etat. Ce qui est attendu de lui le 4 juin, ce sont des pr\u00e9cisions sur son plan de paix, sa certitude, r\u00e9it\u00e9r\u00e9e mardi \u00e0 la BBC, que l&rsquo;Am\u00e9rique <i>\u00ab\u00a0va pouvoir remettre un train de n\u00e9gociations s\u00e9rieuses sur les rails\u00a0\u00bb<\/i>, parce que l&rsquo;\u00e9mergence d&rsquo;un Etat palestinien en Cisjordanie et \u00e0 Gaza <i>\u00ab\u00a0n&rsquo;est pas seulement dans l&rsquo;int\u00e9r\u00eat des Palestiniens, mais dans celui des Isra\u00e9liens\u00a0\u00bb<\/i>.<\/span><\/p>\n<p><span lang=\"FR\">Dans <i>\u00ab\u00a0l&rsquo;int\u00e9r\u00eat, aussi, de l&rsquo;Am\u00e9rique\u00a0\u00bb<\/i>, aujourd&rsquo;hui convaincue que l&rsquo;un des moyens de faire reculer la \u00ab\u00a0menace\u00a0\u00bb iranienne potentielle est de r\u00e9gler ce conflit. L&rsquo;\u00e9tape saoudienne inattendue du voyage pr\u00e9sidentiel, mercredi \u00e0 Riyad, viserait \u00e0 obtenir du roi Abdallah qu&rsquo;il r\u00e9it\u00e8re et pr\u00e9cise l&rsquo;offre faite en 2002 de <i>\u00ab\u00a0normaliser compl\u00e8tement et totalement\u00a0\u00bb<\/i> les relations des pays arabes avec Isra\u00ebl en \u00e9change d&rsquo;un <i>\u00ab\u00a0retrait complet et total\u00a0\u00bb <\/i>des territoires occup\u00e9s par l&rsquo;Etat juif depuis juin 1967. Cette offre n&rsquo;a jamais \u00e9t\u00e9 s\u00e9rieusement \u00e9tudi\u00e9e par Isra\u00ebl.<\/span><\/p>\n<p><b><span lang=\"FR\">PRESSION SUR ISRA\u00cbL<\/span><\/b><\/p>\n<p><span lang=\"FR\">Comment obtenir un changement d&rsquo;attitude ? C&rsquo;est toute la question, pos\u00e9e par les commentateurs \u00e9gyptiens. Au vu des r\u00e9actions fort n\u00e9gatives du gouvernement isra\u00e9lien, jusqu&rsquo;\u00e0 quel point la nouvelle administration serait-elle pr\u00eate, se demandent-ils, \u00e0 faire pression sur son alli\u00e9. Selon le directeur du Centre Al Ahram, qui rentre d&rsquo;une tourn\u00e9e aux Etats-Unis, <i>\u00ab\u00a0il ira plus loin que Bush senior\u00a0\u00bb<\/i>, qui avait appliqu\u00e9 des sanctions financi\u00e8res sur Isra\u00ebl pour protester contre le d\u00e9veloppement de la colonisation.<\/span><\/p>\n<p><span lang=\"FR\">Mardi, dans les rues et les caf\u00e9s ensoleill\u00e9s du Caire, on se montrait beaucoup moins optimiste. <i>\u00ab\u00a0Obama est sans doute un brave type,<\/i> nous disait Mohammed Al Gheit, un fonctionnaire barbu de 27 ans, <i>mais il est d&rsquo;abord le chef des Am\u00e9ricains. Il s&rsquo;en prendra aux musulmans si cela fait l&rsquo;affaire d&rsquo;Isra\u00ebl&#8230;\u00a0\u00bb<\/i> Dans le pays arabe le plus peupl\u00e9 (80 millions d&rsquo;\u00e2mes), il serait erron\u00e9 de croire que M. Obama est attendu comme le messie.<\/span><\/p>\n<p><span lang=\"FR\">Ici comme dans d&rsquo;autres autocraties ou dictatures arabes, on rend volontiers l&rsquo;Am\u00e9rique, et plus g\u00e9n\u00e9ralement l&rsquo;Occident qui les soutient et les cajole, responsable du maintien de ces r\u00e9gimes. Des organisations de d\u00e9fense des droits de l&rsquo;homme ont appel\u00e9 le pr\u00e9sident am\u00e9ricain \u00e0 obtenir de M. Moubarak<i>\u00ab\u00a0qu&rsquo;il respecte les droits et les libert\u00e9s\u00a0\u00bb<\/i>. Sans grande illusion. Pour M. Obama, le ra\u00efs <i>\u00ab\u00a0est une force de stabilit\u00e9 et de mod\u00e9ration\u00a0\u00bb<\/i> dans une zone g\u00e9ographique qui en manque singuli\u00e8rement.<\/span><\/p>\n<p><b><span lang=\"FR\">Patrice Claude<\/span><\/b><\/p>\n<p><span lang=\"FR\">\u00a0<\/span><\/p>\n<p><b><span lang=\"FR\">(Source: \u00ab\u00a0Le Monde\u00a0\u00bb (Quotidien- France)\u00a0 le 04 juin 2009)<\/span><\/b><\/p>\n<p><b><span lang=\"FR\">Lien:<\/span><span lang=\"FR\"><a href=\"http:\/\/www.lemonde.fr\/proche-orient\/article\/2009\/06\/03\/les-attentes-des-pays-arabes-a-la-veille-du-discours-de-barack-obama_1201690_3218.html\" target=\"_blank\" rel=\"noopener\"><font>http:\/\/www.lemonde.fr\/proche-orient\/article\/2009\/06\/03\/les-attentes-des-pays-arabes-a-la-veille-du-discours-de-barack-obama_1201690_3218.html<\/font><\/a><\/span><\/b><\/p>\n<hr\/>\n<\/div>\n<div><font face=\"Arial\" size=\"2\"><\/p>\n<p align=\"center\"><b><span lang=\"FR\"><font size=\"3\">VOYAGE AU PROCHE-ORIENT \u2013 <\/font><\/span><\/b><\/p>\n<p align=\"center\"><b><span lang=\"FR\"><font size=\"3\">Obama tend une nouvelle fois la main aux musulmans<\/font><\/span><\/b><\/p>\n<div>\n<p><span><span lang=\"FR\">Publi\u00e9 le 03\/06\/2009 \u00e0 13:27 &#8211; Modifi\u00e9 le 03\/06\/2009 \u00e0 16:05 <\/span><\/span><span><span lang=\"FR\"><strong>Le Point.fr<\/strong><\/span><\/span><span lang=\"FR\"><\/span><\/p>\n<\/div>\n<p><span lang=\"FR\">Avec agence<\/span><\/p>\n<p><span lang=\"FR\"><font face=\"Times New Roman\" size=\"3\">\u00a0<\/font><\/span><\/p>\n<p><span lang=\"FR\">Avant son voyage sur le Vieux Continent, o\u00f9 le pr\u00e9sident am\u00e9ricain doit se rendre en Allemagne, puis, samedi, en France, Barack Obama est parti mardi pour le Proche-Orient. Il est arriv\u00e9 en Arabie saoudite pour un entretien avec le roi Abdallah avant de prononcer au Caire un important discours de r\u00e9conciliation au monde musulman. Le pr\u00e9sident am\u00e9ricain souhaite ainsi tendre la main aux musulmans et cherche le soutien arabe \u00e0 l&rsquo;entreprise de paix entre Isra\u00e9liens et Palestiniens, une paix sans laquelle les probl\u00e8mes de la r\u00e9gion ne seront r\u00e9solus, selon lui. Dans<a href=\"http:\/\/www.lepoint.fr\/actualites-medias\/2009-06-02\/television-barack-obama-sur-canal-les-dessous-d-une-interview\/1253\/0\/348691\" target=\"_blank\" rel=\"noopener\"><b><span>un entretien accord\u00e9 \u00e0 Canal+<\/span><\/b><font><\/font><\/a>, Obama explique sa d\u00e9marche.<\/span><\/p>\n<p><span lang=\"FR\">\u00a0<\/span><\/p>\n<p><span lang=\"FR\">Ce que j&rsquo;essaie de faire, c&rsquo;est de cr\u00e9er un meilleur dialogue pour que le monde musulman puisse mieux comprendre comment les \u00c9tats-Unis, mais plus g\u00e9n\u00e9ralement le monde occidental, con\u00e7oivent certains probl\u00e8mes difficiles tels que le terrorisme ou la d\u00e9mocratie. Pour que nous puissions parler du contexte autour des \u00e9v\u00e9nements en Irak et en Afghanistan, de notre tentative d&rsquo;ouverture vers l&rsquo;Iran, mais \u00e9galement pour pr\u00e9senter la fa\u00e7on dont nous voyons les perspectives de paix entre les Isra\u00e9liens et les Palestiniens. Inversement, les \u00c9tats-Unis et le monde occidental doivent apprendre \u00e0 mieux conna\u00eetre l&rsquo;islam. D&rsquo;ailleurs, si l&rsquo;on compte le nombre d&rsquo;Am\u00e9ricains musulmans, on voit que les \u00c9tats-Unis sont l&rsquo;un des plus grands pays musulmans de la plan\u00e8te. Il faut \u00e9tablir un meilleur dialogue, une meilleure compr\u00e9hension entre ces deux peuples.\u00a0\u00bb   <b>\u00ab\u00a0Ce sont ceux qui construisent qui laissent derri\u00e8re eux un h\u00e9ritage durable\u00a0\u00bb<\/b>   \u00ab\u00a0Quelle que soit leur confession, ce sont ceux qui construisent et non ceux qui d\u00e9truisent qui laissent derri\u00e8re eux un h\u00e9ritage durable\u00a0\u00bb, a-t-il poursuivi. \u00ab\u00a0Je pense qu&rsquo;il y a un v\u00e9ritable conflit actuellement entre ceux qui soutiennent que l&rsquo;islam est irr\u00e9conciliable avec la vie moderne et ceux qui pensent qu&rsquo;au contraire, l&rsquo;islam a toujours su \u00e9voluer en m\u00eame temps que le progr\u00e8s\u00a0\u00bb, a-t-il ajout\u00e9. Lors de son voyage en Turquie, en avril, Barack Obama avait d\u00e9j\u00e0 formul\u00e9 le voeu de \u00a0\u00bb <b><a href=\"http:\/\/www.lepoint.fr\/presidentielle-americaine\/2009-04-07\/diplomatie-obama-souhaite-forger-un-partenariat-a-travers-le-monde-musulman\/1781\/0\/332992\" target=\"_blank\" rel=\"noopener\"><font>forger un partenariat \u00e0 travers le monde musulman<\/font><\/a><\/b>\u00ab\u00a0.   Il est \u00e9galement revenu sur le dossier afghan. \u00ab\u00a0Ce que nous souhaitons voir, c&rsquo;est un gouvernement afghan capable d&rsquo;assurer sa propre s\u00e9curit\u00e9, tout en garantissant que l&rsquo;Afghanistan ne devienne pas un sanctuaire pour les terroristes. D\u00e8s que nous parviendrons \u00e0 ce r\u00e9sultat, nous n&rsquo;aurons d&rsquo;autre souhait que de quitter le terrain le plus rapidement possible. Mais, en attendant, il faut apporter un soutien militaire \u00e0 la tenue des \u00e9lections, au maintien de la s\u00e9curit\u00e9 dans bien des villages afghans. Nous avons envoy\u00e9 des troupes en grand nombre, et nous attendons de nos partenaires de l&rsquo;Otan qu&rsquo;ils participent \u00e0 cet effort.\u00a0\u00bb<\/span><\/p>\n<p><span lang=\"FR\">\u00a0<\/span><\/p>\n<p><b><span lang=\"FR\">(Source: \u00ab\u00a0Lepoint.fr\u00a0\u00bb (Revue- France) Le 03 juin 2009) <\/span><\/b><\/p>\n<p><b><span lang=\"FR\">Lien:<\/span><span lang=\"FR\"><a href=\"http:\/\/www.lepoint.fr\/presidentielle-americaine\/2009-06-03\/voyage-au-proche-orient-obama-tend-une-nouvelle-fois-la-main-aux-musulmans\/1781\/0\/348984\" target=\"_blank\" rel=\"noopener\"><font>http:\/\/www.lepoint.fr\/presidentielle-americaine\/2009-06-03\/voyage-au-proche-orient-obama-tend-une-nouvelle-fois-la-main-aux-musulmans\/1781\/0\/348984<\/font><\/a><\/span><\/b><\/p>\n<p><\/font><\/div>\n<div>\n<hr\/>\n<\/div>\n<div><font face=\"Arial\" size=\"2\"><\/p>\n<p align=\"center\"><b><span lang=\"FR\"><font size=\"3\">Obama et l\u2019opinion arabe<\/font><\/span><\/b><\/p>\n<p><b><span lang=\"FR\">\u00a0<\/span><\/b><\/p>\n<p><b><span lang=\"FR\">Par Antony Drugeon pour Guysen International News<\/span><\/b><\/p>\n<p><b><span lang=\"FR\">Mardi 2 juin 2009 \u00e0 20:06<\/span><\/b><\/p>\n<p><span lang=\"FR\">\u00a0<\/span><\/p>\n<p><b><span lang=\"FR\">A l\u2019approche du discours de Barack Obama jeudi au Caire, o\u00f9 le pr\u00e9sident am\u00e9ricain s\u2019adressera au monde musulman, un sondage pourrait conforter le pr\u00e9sident am\u00e9ricain dans sa strat\u00e9gie de main tendue \u00e0 une r\u00e9gion que son pr\u00e9d\u00e9cesseur avait pour le moins irrit\u00e9. Selon un sondage de l\u2019institut am\u00e9ricain Gallup, la rue arabe ne serait pas insensible \u00e0 la nouvelle orientation de la diplomatie am\u00e9ricaine. Un \u00ab\u00a0effet Obama\u00a0\u00bb se mesure dans tous les pays arabes, \u00e0 l\u2019exception notable des Palestiniens en Jud\u00e9e-Samarie.<\/span><\/b><\/p>\n<p><span lang=\"FR\">La c\u00f4te d\u2019approbation des dirigeants am\u00e9ricains de la nouvelle administration se redresse dans l\u2019ensemble du monde arabe, mais les Palestiniens demeurent sceptiques.<\/span><\/p>\n<p><span lang=\"FR\">C&rsquo;est ce qui ressort de l\u2019\u00e9tude de l\u2019institut am\u00e9ricain Gallup, men\u00e9e en f\u00e9vrier et mars aupr\u00e8s de 1.000 Arabes adultes \u00e0 travers dix pays arabes ainsi que la Jud\u00e9e-Samarie, r\u00e9actualisant une enqu\u00eate similaire r\u00e9alis\u00e9e en juin 2008, avant l\u2019\u00e9lection du nouveau pr\u00e9sident am\u00e9ricain.<\/span><\/p>\n<p><span lang=\"FR\">\u00a0<\/span><\/p>\n<p><span lang=\"FR\">C&rsquo;est en particulier au Maghreb que s\u2019enregistrent les hausses les plus notables. De juin 2008 \u00e0 mars 2009, l\u2019approbation de l\u2019administration am\u00e9ricaine de la part des Tunisiens a grimp\u00e9 de 14% \u00e0 37%, tandis que celle des Alg\u00e9riens est pass\u00e9e de 25% \u00e0 47%.<\/span><\/p>\n<p><span lang=\"FR\">L\u2019Egypte, partenaire clef des Etats-Unis au Moyen-Orient, sur le point d\u2019accueillir jeudi 4 juin Barack Obama pour un discours pr\u00e9sent\u00e9 comme une main tendue au monde musulman, enregistre une hausse majeure, de 6% d\u2019approbation \u00e0 22%.<\/span><\/p>\n<p><span lang=\"FR\">Les pays p\u00e9troliers du golfe, dont l\u2019approvisionnement am\u00e9ricain en p\u00e9trole demeure d\u00e9pendant, ne sont pas en reste. Ainsi l\u2019Arabie Saoudite voit le taux d\u2019approbation de l\u2019administration am\u00e9ricaine passer de 12% \u00e0 29%\u00a0; sur seulement deux mois, le Qatar a vu le m\u00eame indicateur passer de 8% \u00e0 22%, de janvier \u00e0 mars 2009.<\/span><\/p>\n<p><span lang=\"FR\">M\u00eame la Syrie, aux relations difficiles avec Washington, enregistre une hausse, de 4% \u00e0 15% avec le nouveau sondage.<\/span><\/p>\n<p><span lang=\"FR\">Ces chiffres demeurent donc bas, mais t\u00e9moignent d\u2019une tendance g\u00e9n\u00e9rale. L\u2019hostilit\u00e9 \u00e0 l\u2019\u00e9gard des Etats-Unis recule d\u2019autant plus que le pourcentage de personnes r\u00e9pondant ne pas savoir ou refusant de r\u00e9pondre a plus que doubl\u00e9, atteignant ainsi 19% en Arabie Saoudite.<\/span><\/p>\n<p><span lang=\"FR\">\u00a0<\/span><\/p>\n<p><span lang=\"FR\">L\u2019institut Gallup explique notamment cette \u00e9volution par l\u2019annonce de la fermeture du camp de Guantanamo (base am\u00e9ricaine o\u00f9 sont d\u00e9tenus des prisonniers de guerre captur\u00e9s en Afghanistan) et du retrait am\u00e9ricain d\u2019Irak.<\/span><\/p>\n<p><span lang=\"FR\">Toutefois, le Liban et les Territoires Palestiniens se distinguent par une faible r\u00e9ceptivit\u00e9 aux gestes de la diplomatie am\u00e9ricaine. La c\u00f4te d\u2019approbation de l\u2019administration am\u00e9ricaine connait une baisse de 3 points au Liban, passant de 25% \u00e0 22%.<\/span><\/p>\n<p><span lang=\"FR\">C&rsquo;est surtout parmi les Palestiniens que le d\u00e9calage est le plus prononc\u00e9, malgr\u00e9 les appels du pr\u00e9sident am\u00e9ricain et de son administration \u00e0 voir Isra\u00ebl geler ses implantations en Jud\u00e9e-Samarie. Le taux d\u2019approbation est presque divis\u00e9 par deux, passant ainsi de 13% \u00e0 7%. \u00ab\u00a0<i>Je ne suis pas du tout surpris<\/i>\u00a0\u00bb, t\u00e9moigne Younis Hamoudi, responsable au sein du d\u00e9partement juridique de l\u2019Universit\u00e9 palestinienne de Bir Zeit (Ramallah), contact\u00e9 par Guysen.<\/span><\/p>\n<p><span lang=\"FR\">\u00a0<\/span><\/p>\n<p><span lang=\"FR\">L\u2019opinion publique palestinienne affiche ainsi son scepticime vis-\u00e0-vis des Etats-Unis. Un pr\u00e9c\u00e9dent sondage de l\u2019institut Gallup r\u00e9v\u00e9lait en 2008, durant la confrontation entre le d\u00e9mocrate Barack Obama et le r\u00e9publicain John Mac Cain que 72% des Palestiniens consid\u00e9raient que cela ne ferait aucune diff\u00e9rence qu\u2019un des deux candidats l\u2019emporte sur l\u2019autre.<\/span><\/p>\n<p><span lang=\"FR\">Une certaine lassitude palestinienne accueille avec indiff\u00e9rence les discours de Barack Obama, selon Younis Hamoudi. \u00ab\u00a0<i>On a beaucoup esp\u00e9r\u00e9 \u00e0 l\u2019\u00e9poque de Clinton [pr\u00e9sident am\u00e9ricain d\u00e9mocrate, de 1992 \u00e0 2000, ndlr], avec les accords d\u2019Oslo, mais aussi en termes de paix, de prosp\u00e9rit\u00e9<\/i>\u00a0\u00bb, explique-t-il, ajoutant \u00ab\u00a0<i>mais rien n\u2019est arriv\u00e9, finalement<\/i>\u00a0\u00bb.<\/span><\/p>\n<p><span lang=\"FR\">\u00a0<\/span><\/p>\n<p><span lang=\"FR\">Le discours de Barack Obama jeudi 4 juin aura donc fort \u00e0 faire pour trouver gr\u00e2ce aupr\u00e8s des Palestiniens. \u00ab\u00a0<i>Seuls les changements peuvent faire changer d\u2019avis les Palestiniens, aucun mot ne le peut plus<\/i>\u00a0\u00bb, mart\u00e8le Younis Hamoudi, qui ajoute\u00a0: \u00ab\u00a0<i>quand je pourrai aller de Ramallah \u00e0 Naplouse sans rencontrer de check-points, alors les gens changeront d\u2019avis\u00a0<\/i>\u00bb.<\/span><\/p>\n<p><span lang=\"FR\">Le sondage s\u2019est toutefois cantonn\u00e9 aux seuls Palestiniens de Jud\u00e9e-Samarie, et a \u00e9t\u00e9 r\u00e9alis\u00e9 en grande partie avant la destruction des avant-postes ill\u00e9gaux cons\u00e9cutifs aux pressions am\u00e9ricaines du mois de mai.<\/span><\/p>\n<p><span lang=\"FR\">\u00a0<\/span><\/p>\n<p><span lang=\"FR\">La d\u00e9sapprobation de l\u2019administration am\u00e9ricaine qui a gagn\u00e9 Isra\u00ebl \u00e0 la faveur de ces pressions est donc loin d\u2019\u00eatre compens\u00e9e par un regain de soutien du c\u00f4t\u00e9 palestinien.<\/span><\/p>\n<p><span lang=\"FR\">Un contexte de nature \u00e0 rendre d\u2019autant plus d\u00e9licate une \u00e9ventuelle visite de Barack Obama en Isra\u00ebl et dans les Territoires Palestiniens.<\/span><\/p>\n<p><span><b><span lang=\"FR\"><font>\u00a0<\/font><\/span><\/b><\/span><\/p>\n<p><span><b><span lang=\"FR\">Source:<\/span><\/b><span lang=\"FR\"><\/span><\/span><b><span lang=\"FR\">Guysen International News<\/span><\/b><\/p>\n<p><b><span lang=\"FR\">Lien: <\/span><span lang=\"FR\"><a href=\"http:\/\/www.guysen.com\/articles.php?sid=10031\" target=\"_blank\" rel=\"noopener\"><font>http:\/\/www.guysen.com\/articles.php?sid=10031<\/font><\/a><\/span><\/b><\/p>\n<p><\/font><\/div>\n<div>\u00a0<\/div>\n<div>\u00a0<\/div>\n<p align=\"center\" dir=\"ltr\">\u00a0<\/p>\n<p align=\"center\" dir=\"ltr\">\u00a0<\/p>\n<p align=\"center\" dir=\"ltr\">\n<h2 style=\"color: red;\"><font face=\"Arial\" size=\"2\"><strong><b><a href=\"http:\/\/www.tunisnews.net\/\"><font face=\"Arial\"><span><font size=\"2\">Home<\/font><\/span><font size=\"2\"><span lang=\"FR-CH\"> &#8211; Accueil <\/span><span>&#8211; <\/span><\/font><\/font><span dir=\"rtl\" lang=\"AR-SA\"><font size=\"2\">\u0627\u0644\u0631\u0626\u064a\u0633\u064a\u0629<\/font><\/span><\/a><\/b><\/strong><\/font><\/h2>\n<\/p>\n<p><\/body><\/body><\/html><\/p>\n","protected":false},"excerpt":{"rendered":"<p>Home &#8211; Accueil \u00a0 TUNISNEWS 9\u00a0\u00e8me ann\u00e9e, N\u00b0\u00a03298 du 03.06.2009 \u00a0archives : www.tunisnews.net\u00a0\u00a0 Le Temps: TIC en Tunisie : Boom spectaculaire Le Quotidien: Les Tunisiens sont-ils \u00e9colos? AFP: La branche maghr\u00e9bine d&rsquo;Al-Qa\u00efda a assassin\u00e9 un otage britannique Reuters: Satisfaction apr\u00e8s le report de l&rsquo;\u00e9lection mauritaniennne AFP: Le Hamas appelle Obama \u00e0 joindre l&rsquo;acte \u00e0 la [&hellip;]<\/p>\n","protected":false},"author":1,"featured_media":22040,"comment_status":"open","ping_status":"open","sticky":false,"template":"","format":"standard","meta":{"inline_featured_image":false,"site-sidebar-layout":"default","site-content-layout":"","ast-site-content-layout":"default","site-content-style":"default","site-sidebar-style":"default","ast-global-header-display":"","ast-banner-title-visibility":"","ast-main-header-display":"","ast-hfb-above-header-display":"","ast-hfb-below-header-display":"","ast-hfb-mobile-header-display":"","site-post-title":"","ast-breadcrumbs-content":"","ast-featured-img":"","footer-sml-layout":"","ast-disable-related-posts":"","theme-transparent-header-meta":"","adv-header-id-meta":"","stick-header-meta":"","header-above-stick-meta":"","header-main-stick-meta":"","header-below-stick-meta":"","astra-migrate-meta-layouts":"default","ast-page-background-enabled":"default","ast-page-background-meta":{"desktop":{"background-color":"","background-image":"","background-repeat":"repeat","background-position":"center center","background-size":"auto","background-attachment":"scroll","background-type":"","background-media":"","overlay-type":"","overlay-color":"","overlay-opacity":"","overlay-gradient":""},"tablet":{"background-color":"","background-image":"","background-repeat":"repeat","background-position":"center center","background-size":"auto","background-attachment":"scroll","background-type":"","background-media":"","overlay-type":"","overlay-color":"","overlay-opacity":"","overlay-gradient":""},"mobile":{"background-color":"","background-image":"","background-repeat":"repeat","background-position":"center center","background-size":"auto","background-attachment":"scroll","background-type":"","background-media":"","overlay-type":"","overlay-color":"","overlay-opacity":"","overlay-gradient":""}},"ast-content-background-meta":{"desktop":{"background-color":"var(--ast-global-color-5)","background-image":"","background-repeat":"repeat","background-position":"center center","background-size":"auto","background-attachment":"scroll","background-type":"","background-media":"","overlay-type":"","overlay-color":"","overlay-opacity":"","overlay-gradient":""},"tablet":{"background-color":"var(--ast-global-color-5)","background-image":"","background-repeat":"repeat","background-position":"center center","background-size":"auto","background-attachment":"scroll","background-type":"","background-media":"","overlay-type":"","overlay-color":"","overlay-opacity":"","overlay-gradient":""},"mobile":{"background-color":"var(--ast-global-color-5)","background-image":"","background-repeat":"repeat","background-position":"center center","background-size":"auto","background-attachment":"scroll","background-type":"","background-media":"","overlay-type":"","overlay-color":"","overlay-opacity":"","overlay-gradient":""}},"footnotes":""},"categories":[],"tags":[58,40,29],"class_list":["post-18381","post","type-post","status-publish","format-standard","has-post-thumbnail","hentry","tag-58","tag-40","tag-fr"],"_links":{"self":[{"href":"https:\/\/tunisnews.net\/ar\/wp-json\/wp\/v2\/posts\/18381","targetHints":{"allow":["GET"]}}],"collection":[{"href":"https:\/\/tunisnews.net\/ar\/wp-json\/wp\/v2\/posts"}],"about":[{"href":"https:\/\/tunisnews.net\/ar\/wp-json\/wp\/v2\/types\/post"}],"author":[{"embeddable":true,"href":"https:\/\/tunisnews.net\/ar\/wp-json\/wp\/v2\/users\/1"}],"replies":[{"embeddable":true,"href":"https:\/\/tunisnews.net\/ar\/wp-json\/wp\/v2\/comments?post=18381"}],"version-history":[{"count":0,"href":"https:\/\/tunisnews.net\/ar\/wp-json\/wp\/v2\/posts\/18381\/revisions"}],"wp:featuredmedia":[{"embeddable":true,"href":"https:\/\/tunisnews.net\/ar\/wp-json\/wp\/v2\/media\/22040"}],"wp:attachment":[{"href":"https:\/\/tunisnews.net\/ar\/wp-json\/wp\/v2\/media?parent=18381"}],"wp:term":[{"taxonomy":"category","embeddable":true,"href":"https:\/\/tunisnews.net\/ar\/wp-json\/wp\/v2\/categories?post=18381"},{"taxonomy":"post_tag","embeddable":true,"href":"https:\/\/tunisnews.net\/ar\/wp-json\/wp\/v2\/tags?post=18381"}],"curies":[{"name":"wp","href":"https:\/\/api.w.org\/{rel}","templated":true}]}}