{"id":18288,"date":"2011-12-23T00:00:00","date_gmt":"2011-12-23T00:00:00","guid":{"rendered":"https:\/\/tunisnews.net\/23-decembre-2011\/"},"modified":"2011-12-23T00:00:00","modified_gmt":"2011-12-23T00:00:00","slug":"23-decembre-2011","status":"publish","type":"post","link":"https:\/\/tunisnews.net\/ar\/23-decembre-2011\/","title":{"rendered":"23 d\u00e9cembre 2011"},"content":{"rendered":"<p><html><head><meta content=\"text\/html\" description=\"                                                                                                                                                                                                        \" http-equiv=\"Content-Type\"\/><\/head><body><body><\/p>\n<div>\n<div>\n<div>\n<div dir=\"ltr\">\n<div>\n<div>\n<div dir=\"ltr\">\n<div>\n<div dir=\"ltr\">\n<div>\n<div>\n<div dir=\"ltr\">\n<div>\n<div>\n<div>\n<div>\n<div>\n<div>\n<div>\n<div>\n<div>\n<div>\n<div>\n<div>\n<div>\n<div>\n<div>\n<div>\n<div>\n<div>\n<div>\n<div>\n<div>\n<div>\n<div>\n<div>\n<div>\n<div>\n<div>\n<div>\n<div>\n<div>\n<div>\n<div>\n<div>\n<div>\n<div>\n<div>\n<div>\n<div>\n<div>\n<div>\n<div>\n<div>\n<div>\n<div>\n<div>\n<div>\n<div>\n<div>\n<div>\n<div>\n<div dir=\"ltr\">                                                                                                                              \u00a0<\/div>\n<\/p><\/div>\n<\/p><\/div>\n<\/p><\/div>\n<\/p><\/div>\n<\/p><\/div>\n<\/p><\/div>\n<\/p><\/div>\n<\/p><\/div>\n<\/p><\/div>\n<\/p><\/div>\n<\/p><\/div>\n<\/p><\/div>\n<\/p><\/div>\n<\/p><\/div>\n<\/p><\/div>\n<\/p><\/div>\n<\/p><\/div>\n<\/p><\/div>\n<\/p><\/div>\n<\/p><\/div>\n<\/p><\/div>\n<\/p><\/div>\n<\/p><\/div>\n<\/p><\/div>\n<\/p><\/div>\n<\/p><\/div>\n<\/p><\/div>\n<\/p><\/div>\n<\/p><\/div>\n<\/p><\/div>\n<\/p><\/div>\n<\/p><\/div>\n<\/p><\/div>\n<\/p><\/div>\n<\/p><\/div>\n<\/p><\/div>\n<\/p><\/div>\n<\/p><\/div>\n<\/p><\/div>\n<\/p><\/div>\n<\/p><\/div>\n<\/p><\/div>\n<\/p><\/div>\n<\/p><\/div>\n<\/p><\/div>\n<\/p><\/div>\n<\/p><\/div>\n<\/p><\/div>\n<\/p><\/div>\n<\/p><\/div>\n<\/p><\/div>\n<\/p><\/div>\n<\/p><\/div>\n<\/p><\/div>\n<\/p><\/div>\n<\/p><\/div>\n<\/p><\/div>\n<\/p><\/div>\n<\/p><\/div>\n<\/p><\/div>\n<\/p><\/div>\n<div>\n<div>\n<div>\n<div dir=\"ltr\">\n<div>\n<div>\n<div dir=\"ltr\">\n<div>\n<div dir=\"ltr\">\n<div>\n<div>\n<div dir=\"ltr\">\n<div>\n<div>\n<div>\n<div>\n<div>\n<div>\n<div>\n<div>\n<div>\n<div>\n<div>\n<div>\n<div>\n<div>\n<div>\n<div>\n<div>\n<div>\n<div>\n<div>\n<div>\n<div>\n<div>\n<div>\n<div>\n<div>\n<div>\n<div>\n<div>\n<div>\n<div>\n<div>\n<div>\n<div>\n<div>\n<div>\n<div>\n<div>\n<div>\n<div>\n<div>\n<div>\n<div>\n<div>\n<div>\n<div>\n<div>\n<div>\n<div>\n<div>\n<div dir=\"ltr\">                                                                                                                                \u00a0<\/div>\n<\/p><\/div>\n<\/p><\/div>\n<\/p><\/div>\n<\/p><\/div>\n<\/p><\/div>\n<\/p><\/div>\n<\/p><\/div>\n<\/p><\/div>\n<\/p><\/div>\n<\/p><\/div>\n<\/p><\/div>\n<\/p><\/div>\n<\/p><\/div>\n<\/p><\/div>\n<\/p><\/div>\n<\/p><\/div>\n<\/p><\/div>\n<\/p><\/div>\n<\/p><\/div>\n<\/p><\/div>\n<\/p><\/div>\n<\/p><\/div>\n<\/p><\/div>\n<\/p><\/div>\n<\/p><\/div>\n<\/p><\/div>\n<\/p><\/div>\n<\/p><\/div>\n<\/p><\/div>\n<\/p><\/div>\n<\/p><\/div>\n<\/p><\/div>\n<\/p><\/div>\n<\/p><\/div>\n<\/p><\/div>\n<\/p><\/div>\n<\/p><\/div>\n<\/p><\/div>\n<\/p><\/div>\n<\/p><\/div>\n<\/p><\/div>\n<\/p><\/div>\n<\/p><\/div>\n<\/p><\/div>\n<\/p><\/div>\n<\/p><\/div>\n<\/p><\/div>\n<\/p><\/div>\n<\/p><\/div>\n<\/p><\/div>\n<\/p><\/div>\n<\/p><\/div>\n<\/p><\/div>\n<\/p><\/div>\n<\/p><\/div>\n<\/p><\/div>\n<\/p><\/div>\n<\/p><\/div>\n<\/p><\/div>\n<\/p><\/div>\n<\/p><\/div>\n<div>\n<div dir=\"ltr\">\n<div>\n<div>\n<div dir=\"ltr\">\n<div>\n<div dir=\"ltr\">\n<div>\n<div>\n<div dir=\"ltr\">\n<div>\n<div>\n<div>\n<div>\n<div>\n<div>\n<div>\n<div>\n<div>\n<div>\n<div>\n<div>\n<div>\n<div>\n<div>\n<div>\n<div>\n<div>\n<div>\n<div>\n<div>\n<div>\n<div>\n<div>\n<div>\n<div>\n<div>\n<div>\n<div>\n<div>\n<div>\n<div>\n<div>\n<div>\n<div>\n<div>\n<div>\n<div>\n<div>\n<div>\n<div>\n<div>\n<div>\n<div>\n<div>\n<div>\n<div>\n<div>\n<div>\n<div>\n<div dir=\"ltr\">\n<div>\n<div dir=\"ltr\">\n<div>\n<div>\n<div dir=\"ltr\">\n<div>\n<div dir=\"ltr\">\n<div>\n<div>\n<div dir=\"ltr\">\n<div>\n<div>\n<div>\n<div>\n<div>\n<div>\n<div>\n<div>\n<div>\n<div>\n<div>\n<div>\n<div>\n<div>\n<div>\n<div>\n<div>\n<div>\n<div>\n<div>\n<div>\n<div>\n<div>\n<div>\n<div>\n<div>\n<div>\n<div>\n<div>\n<div>\n<div>\n<div>\n<div>\n<div>\n<div>\n<div>\n<div>\n<div>\n<div>\n<div>\n<div>\n<div>\n<div>\n<div>\n<div>\n<div>\n<div>\n<div>\n<div>\n<div>\n<div dir=\"ltr\">\n<div dir=\"ltr\">\n<div>\n<div>\n<div dir=\"ltr\">\n<div>\n<div>\n<div>\n<div>\n<div>\n<div>\n<div>\n<div>\n<div>\n<div>\n<div dir=\"ltr\">\n<div>\n<div>\n<div dir=\"ltr\">\n<div>\n<div dir=\"ltr\">\n<div>\n<div>\n<div dir=\"ltr\">\n<div>\n<div>\n<div>\n<div>\n<div>\n<div>\n<div>\n<div>\n<div>\n<div>\n<div>\n<div>\n<div>\n<div>\n<div>\n<div>\n<div>\n<div>\n<div>\n<div>\n<div>\n<div>\n<div>\n<div>\n<div>\n<div>\n<div>\n<div>\n<div>\n<div>\n<div>\n<div>\n<div>\n<div>\n<div>\n<div>\n<div>\n<div>\n<div>\n<div>\n<div>\n<div>\n<div>\n<div>\n<div>\n<div>\n<div>\n<div>\n<div>\n<div>\n<div dir=\"ltr\">  <\/div>\n<div align=\"center\" dir=\"ltr\"> <font face=\"Bookman Old Style\" size=\"7\"><strong>TUNISNEWS <\/strong><\/font> <\/div>\n<div align=\"center\" dir=\"ltr\"> <strong><font face=\"Arial\" size=\"2\">11 \u00e8me ann\u00e9e, N\u00b04194 du 23.12.2011<\/font><\/strong><\/div>\n<div align=\"center\" dir=\"ltr\"> <font face=\"Arial\" size=\"2\"><strong>archives : <\/strong><\/font><a target=\"_blank\" rel=\"noopener\"><font face=\"Arial\" size=\"2\"><strong>www.tunisnews.net<\/strong><\/font><\/a><span lang=\"FR\"><strong><font face=\"Arial\" size=\"2\"> <\/font><\/strong><\/span> <\/div>\n<p> <font> <\/p>\n<div dir=\"ltr\">\u00a0<\/div>\n<p> <\/font><font><font><font face=\"Arial\" size=\"2\"> <\/p>\n<div dir=\"ltr\"> <strong><\/p>\n<hr\/>\n<p><\/strong> <\/div>\n<p> <\/font><\/font><\/font> <\/div>\n<\/p><\/div>\n<\/p><\/div>\n<\/p><\/div>\n<\/p><\/div>\n<\/p><\/div>\n<\/p><\/div>\n<\/p><\/div>\n<\/p><\/div>\n<\/p><\/div>\n<\/p><\/div>\n<\/p><\/div>\n<\/p><\/div>\n<\/p><\/div>\n<\/p><\/div>\n<\/p><\/div>\n<\/p><\/div>\n<\/p><\/div>\n<\/p><\/div>\n<\/p><\/div>\n<\/p><\/div>\n<\/p><\/div>\n<\/p><\/div>\n<\/p><\/div>\n<\/p><\/div>\n<\/p><\/div>\n<\/p><\/div>\n<\/p><\/div>\n<\/p><\/div>\n<\/p><\/div>\n<\/p><\/div>\n<\/p><\/div>\n<\/p><\/div>\n<\/p><\/div>\n<\/p><\/div>\n<\/p><\/div>\n<\/p><\/div>\n<\/p><\/div>\n<\/p><\/div>\n<\/p><\/div>\n<\/p><\/div>\n<\/p><\/div>\n<\/p><\/div>\n<\/p><\/div>\n<\/p><\/div>\n<\/p><\/div>\n<\/p><\/div>\n<\/p><\/div>\n<\/p><\/div>\n<\/p><\/div>\n<\/p><\/div>\n<\/p><\/div>\n<\/p><\/div>\n<\/p><\/div>\n<\/p><\/div>\n<\/p><\/div>\n<\/p><\/div>\n<\/p><\/div>\n<\/p><\/div>\n<\/p><\/div>\n<p><font face=\"Arial\" size=\"2\"> <\/p>\n<div> <strong><\/p>\n<h2 style=\"color: red;\"><font>Nouvel Obs: Tunisie: un nouveau gouvernement domin\u00e9 par Ennahdha<\/font><\/h2>\n<p><\/strong><\/div>\n<div> <strong><font>Alternatives citoyennes: L&rsquo;affligeant accouchement au forceps d&rsquo;un gouvernement hydroc\u00e9phale<\/font><\/strong><\/div>\n<div> <strong><\/p>\n<h2 style=\"color: red;\"><font>La Croix: En Tunisie, Captain Khobza garde la transition d\u00e9mocratique \u00e0 l\u2019\u0153il<\/font><\/h2>\n<p><\/strong><\/div>\n<div> <strong><font>Investir en Tunisie: Chercher le coupable de la fermeture de Yazaki<\/font><\/strong><\/div>\n<div> <strong><\/p>\n<h2 style=\"color: red;\"><font>Jeune Afrique: Tunisie : la mauvaise foi des int\u00e9gristes<\/font><\/h2>\n<p><\/strong><\/div>\n<div> <strong><font>Business News: Un journaliste et un syndicaliste devant la justice<\/font><\/strong><\/div>\n<div> <strong><\/p>\n<h2 style=\"color: red;\"><font>Investir en Tunisie: 2 questions \u00e0 Maroun Lahham, Archev\u00eaque de Tunis<\/font><\/h2>\n<p><\/strong><\/div>\n<div> <strong><font>Kapitalis: Y a-t-il deux Islam en Tunisie?<\/font><\/strong><\/div>\n<div> <font face=\"Calibri\"><\/p>\n<h2 style=\"color: red;\"><font face=\"Arial\"><strong>WMC: Nouvelles radios priv\u00e9es: En attendant Godot!<\/strong><\/font><\/h2>\n<p> <\/font> <\/div>\n<hr\/>\n<h2 align=\"center\" class=\"ecxobs-article-title\" id=\"ecxobs-article-title\" style=\"color: red;\">\n<h2 style=\"color: red;\"><font face=\"Arial\" size=\"3\">Tunisie: un nouveau gouvernement domin\u00e9 par Ennahdha<\/font><\/h2>\n<\/h2>\n<div align=\"justify\"> <font face=\"Arial\" size=\"2\"><font>Apr\u00e8s de longues tractations et des tiraillements internes au sein des trois partis majoritaires, le premier gouvernement tunisien de l&rsquo;apr\u00e8s-Ben Ali doit \u00eatre soumis jeudi apr\u00e8s-midi \u00e0 l&rsquo;approbation de l&rsquo;assembl\u00e9e nationale constituante (ANC) pour un vote de confiance.Dirig\u00e9 par le No2 d&rsquo;Ennahdha, Hamadi Jebali, le nouveau gouvernement, dont la composition a \u00e9t\u00e9 d\u00e9voil\u00e9e par la radio priv\u00e9e Mosa\u00efque FM, est domin\u00e9 par ce mouvement islamiste, grand vainqueur des \u00e9lections d&rsquo;octobre. Mohamed Bennour, porte-parole du mouvement Ettakatol, a confirm\u00e9 \u00e0 l&rsquo;AP la composition de ce gouvernement.                                                                                                                                                                                                                                                                                     Le parti Ennahda de l&rsquo;ancien exil\u00e9 \u00e0 Londres, cheikh Rached Ghannouchi, s&rsquo;accapare les minist\u00e8res r\u00e9galiens et plusieurs autres portefeuilles, \u00e0 l&rsquo;exception du minist\u00e8re de la D\u00e9fense. Ce dernier reste aux mains d&rsquo;Abdelkrim Zbidi, seul membre du gouvernement sortant de B\u00e9ji Ca\u00efd Essebsi \u00e0 \u00eatre reconduit.                                                                                                                                                                                                                                                                                     Le minist\u00e8re des Affaires \u00e9trang\u00e8res est, lui, revenu au gendre du chef d&rsquo;Ennahdha Rafik Abdessalem.                                                                                                                                                                                                                                                                                     Les deux autres partenaires au sein de la \u00ab\u00a0Tro\u00efka\u00a0\u00bb, le Congr\u00e8s pour la R\u00e9publique (CPR) et Ettakatol ou Forum d\u00e9mocratique pour le travail et les libert\u00e9s (FDTL), se partagent les minist\u00e8res restants aux c\u00f4t\u00e9s de plusieurs ind\u00e9pendants dont l&rsquo;ancienne star du football tunisien Tarek Dhiab, qui sera charg\u00e9 de la Jeunesse et du Sport.                                                                                                                                                                                                                                                                                     Leurs leaders se sont vu attribuer, pour le premier Moncef Marzouki (CPR), la pr\u00e9sidence de la R\u00e9publique, pour le second Mustapha Ben Ja\u00e2far (Ettakatol), la pr\u00e9sidence de l&rsquo;ANC.                                                                                                                                                                                                                                                                                     Compos\u00e9 initialement de 51 portefeuilles selon des fuites parues dans la presse locale, le gouvernement a \u00e9t\u00e9 revu \u00e0 la baisse pour \u00eatre finalement r\u00e9duit \u00e0 41 membres sous la pression des m\u00e9dias et de la rue qui l&rsquo;ont jug\u00e9 pl\u00e9thorique et co\u00fbteux pour le budget de l&rsquo;Etat en difficult\u00e9. Des d\u00e9partements ont \u00e9t\u00e9 fusionn\u00e9s tandis que nombre de fonctions de ministres d\u00e9l\u00e9gu\u00e9s aupr\u00e8s du chef du gouvernement et de secr\u00e9tariats d&rsquo;Etat ont \u00e9t\u00e9 supprim\u00e9es. Y figurent seulement trois femmes.                                                                                                                                                                                                                                                                                     Interrog\u00e9 sur le nouveau ministre des Affaires \u00e9trang\u00e8res Rafik Abdessalem, le mod\u00e9rateur du mouvement islamique Samir Dilou a \u00e9cart\u00e9 tout relent de n\u00e9potisme. Docteur en sciences politiques, dipl\u00f4m\u00e9 de l&rsquo;universit\u00e9 londonienne de Westminster et ancien chef du d\u00e9partement de recherches au centre d&rsquo;\u00e9tudes de la cha\u00eene qatarie Al-Jazira, Rafik Abdessalem se pr\u00e9vaut des comp\u00e9tences requises pour mener \u00e0 bien la diplomatie tunisienne.                                                                                                                                                                                                                                                                                     Selon le journal \u00e9lectronique \u00ab\u00a0Leaders\u00a0\u00bb, c&rsquo;est dans la capitale britannique o\u00f9 il a \u00e9t\u00e9 contraint de se r\u00e9fugier en 1993 en raison de son militantisme, au sein de l&rsquo;organisation estudiantine islamiste tunisienne UGTE, qu&rsquo;il a connu la fille du cheikh Rached Ghannouchi, Intissar. Cette \u00e9ditorialiste au quotidien \u00ab\u00a0The Guardian\u00a0\u00bb deviendra son \u00e9pouse et lui donnera deux enfants.                                                                                                                                                                                                                                                                                     Sans vouloir faire table rase de ce qui existe, il projette de \u00ab\u00a0renforcer et adapter le dispositif diplomatique tunisien au nouveau contexte, pour aller de l&rsquo;avant et assurer le rayonnement international de la Tunisie\u00a0\u00bb.                                                                                                                                                                                                                                                                                     \u00ab\u00a0La r\u00e9volution est venue hisser la Tunisie \u00e0 une place tr\u00e8s respect\u00e9e que nous devons mettre \u00e0 profit pour d\u00e9velopper nos relations ext\u00e9rieures \u00e0 commencer avec les pays fr\u00e8res dans la r\u00e9gion, avec l&rsquo;Europe et les nouvelles forces \u00e9mergentes et explorer de nouveaux horizons\u00a0\u00bb, ambitionne-t-il.                                                                                                                                                                                                                                                                                     Parmi ce que le pr\u00e9sident Marzouki appelle le \u00ab\u00a0tsunami de dossiers urgents\u00a0\u00bb qui attendent le nouvel ex\u00e9cutif, figure le taux de ch\u00f4mage qui affecte plus de 700.000 personnes, dont quelque 200.000 dipl\u00f4m\u00e9s des universit\u00e9s. Bon nombre d&rsquo;entre eux v\u00e9g\u00e8tent depuis des ann\u00e9es dans l&rsquo;espoir de trouver un emploi.                                                                                                                                                                                                                                                                                     Aggrav\u00e9 par les gr\u00e8ves et les sit-in qui perdurent depuis pr\u00e8s d&rsquo;un an, le ch\u00f4mage est pass\u00e9 de 13 \u00e0 18% de la population active.                                                                                                                                                                                                                                                                                     La t\u00e2che est d&rsquo;autant plus ardue que la Banque centrale de Tunisie (BCT) pr\u00e9voit une croissance nulle pour 2011.                                                                                                                                                                                                                                                                                     Pour avoir r\u00e9sist\u00e9 plus de 16 ans dans les ge\u00f4les de Ben Ali, le nouveau Premier ministre Hamadi Jebali affiche un optimisme mesur\u00e9 et une d\u00e9termination \u00e0 relever le d\u00e9fi. Les membres du prochain gouvernement sont \u00ab\u00a0des militants b\u00e9n\u00e9voles\u00a0\u00bb dont plusieurs \u00ab\u00a0surprendront les Tunisiens en renon\u00e7ant \u00e0 une partie de leurs salaires\u00a0\u00bb, mart\u00e8le-t-il.                                                                                                                                                                                                                                                                                     Signe d&rsquo;une volont\u00e9 de rompre avec les pratiques de l&rsquo;ancien r\u00e9gime, il assure que son cabinet \u00ab\u00a0veillera \u00e0 consacrer la transparence et l&rsquo;honn\u00eatet\u00e9 dans ses rapports avec le peuple et fera montre d&rsquo;aust\u00e9rit\u00e9 pour pr\u00e9server l&rsquo;argent public\u00a0\u00bb. Le gouvernement s&rsquo;attachera \u00e0 lutter contre \u00ab\u00a0la corruption qui a gangren\u00e9 ce secteur envahi par le clan (du pr\u00e9sident d\u00e9chu) Ben Ali et ses proches\u00a0\u00bb, dit-il.                                                                                                                                                                                                                                                                                     Face aux appr\u00e9hensions qui ont suivi l&rsquo;arriv\u00e9e des islamistes au pouvoir, il semble, par ailleurs, vouloir rassurer en r\u00e9servant un minist\u00e8re aux Droits de l&rsquo;Homme.                                                                                                                                                                                                                                                                                     Reste \u00e0 savoir si les 12 \u00e0 18 mois, que devrait durer normalement la deuxi\u00e8me p\u00e9riode transitoire, seront suffisants pour r\u00e9pondre aux attentes d&rsquo;une population impatiente de voir le bout du tunnel.<\/font> <\/font><font><font face=\"Arial\">Source: \u00ab\u00a0Le Nouvel Observateur\u00a0\u00bb Le 22-12-2011                                                                                                                                                                                                                                                                                     <\/font><font><font face=\"Arial\">Lien: <\/font><a href=\"http:\/\/tempsreel.nouvelobs.com\/monde\/20111222.FAP9191\/tunisie-un-nouveau-gouvernement-domine-par-ennahdha.html\" target=\"_blank\" rel=\"noopener\"><font face=\"Arial\">http:\/\/tempsreel.nouvelobs.com\/monde\/20111222.FAP9191\/tunisie-un-nouveau-gouvernement-domine-par-ennahdha.html<\/font><\/a><\/font><\/font><\/div>\n<p> <\/font><\/p>\n<\/p><\/div>\n<\/p><\/div>\n<\/p><\/div>\n<\/p><\/div>\n<\/p><\/div>\n<\/p><\/div>\n<\/p><\/div>\n<\/p><\/div>\n<\/p><\/div>\n<\/p><\/div>\n<div>\n<div>\n<div>\n<div>\n<div>\n<div>\n<div>\n<div>\n<div>\u00a0<\/div>\n<\/p><\/div>\n<\/p><\/div>\n<\/p><\/div>\n<\/p><\/div>\n<\/p><\/div>\n<\/p><\/div>\n<\/p><\/div>\n<\/p><\/div>\n<\/p><\/div>\n<\/p><\/div>\n<\/p><\/div>\n<div dir=\"ltr\">\n<div>\n<div>\n<div>\n<div>\n<div>\n<div>\n<div>\n<div>\n<div>\n<div>\n<div>\n<p><font face=\"Arial\" size=\"2\"><font><\/p>\n<hr\/>\n<p><\/font><font><font face=\"Calibri\" size=\"3\"> <\/p>\n<div align=\"justify\">\u00a0<\/div>\n<p> <\/font> <\/p>\n<div align=\"center\"> <b><font face=\"Arial\"><font>Alternatives citoyennes<\/font><\/font><\/b><\/div>\n<div align=\"center\"> <b><font face=\"Arial\"><font>Des Tunisiens, ici et ailleurs, pour reb\u00e2tir ensemble un avenir<\/font><\/font><\/b><\/div>\n<div align=\"center\"> <b><font face=\"Arial\"><font>D\u00e9cembre 2011<\/font><\/font><\/b><\/div>\n<div align=\"center\"> <b> \u00a0<\/b><\/div>\n<div align=\"center\"> <b><font face=\"Arial\"><\/p>\n<h2 style=\"color: red;\"><font>L&rsquo;affligeant accouchement au forceps d&rsquo;un gouvernement hydroc\u00e9phale<\/font><\/h2>\n<p><\/font><\/b><\/div>\n<div align=\"center\"> <a href=\"http:\/\/www.alternatives-citoyennes.sgdg.org\/2011-12\/221211-w.html\" rel=\"nofollow noopener\" target=\"_blank\"><font face=\"Arial\"><font>http:\/\/www.alternatives-citoyennes.sgdg.org\/2011-12\/221211-w.html<\/font><\/font><\/a><\/div>\n<div>\n<div align=\"center\">\u00a0<\/div>\n<div>\n<div align=\"justify\"> <font face=\"Arial\"><font>C&rsquo;est un bien triste spectacle que vient de donner \u00e0 la nation la classe politique majoritaire dite Tro\u00efka. Les citoyens ahuris et constern\u00e9s, dans l&rsquo;attente depuis deux mois de sortir d&rsquo;une crise gravissime, viennent d&rsquo;assister finalement \u00e0 l&rsquo;accouchement au forceps d&rsquo;un gouvernement hydroc\u00e9phale. Ils d\u00e9couvrent par anticipation les d\u00e9lices de l&rsquo;instabilit\u00e9 inscrite dans notre futur r\u00e9gime parlementaire avec les portes ouvertes \u00e0 tous vents puis qui claquent dans le chahut et dans la pagaille. Mais les derniers jours de cette douloureuse grossesse ont \u00e9t\u00e9 si d\u00e9solants que nos nouveaux responsables en sortent d\u00e9j\u00e0 d\u00e9cr\u00e9dibilis\u00e9s.<\/font><\/font><\/div>\n<div align=\"justify\">\u00a0<\/div>\n<div align=\"justify\"> <font face=\"Arial\"><font>D&rsquo;abord le pr\u00e9sident de la R\u00e9publique, dont \u00ab l&rsquo;\u00e9lection \u00bb au fauteuil supr\u00eame n&rsquo;a emport\u00e9 l&rsquo;adh\u00e9sion que par \u00e9gard \u00e0 son parcours, commence \u00e0 surprendre, pas toujours favorablement et pas seulement aupr\u00e8s de ses opposants. Sa d\u00e9cision g\u00e9n\u00e9reuse mais unilat\u00e9rale de vendre les palais de la R\u00e9publique pose avec raison probl\u00e8me aux citoyens et aux juristes ; mais sur les ondes de Shems FM, lundi 19 d\u00e9cembre, le porte parole d&rsquo;Ennahdha Samir Dilou, pourtant habitu\u00e9 \u00e0 plus de tact, r\u00e9sumait effront\u00e9ment cette initiative : \u00ab rass melkou ?! \u00bb (est-ce sa propri\u00e9t\u00e9 ?), un commentaire plut\u00f4t irrespectueux pour le chef de l&rsquo;\u00c9tat, alli\u00e9 d&rsquo;Ennahdha.<\/font><\/font><\/div>\n<div align=\"justify\">\u00a0<\/div>\n<div align=\"justify\"> <font face=\"Arial\"><font>Le pr\u00e9sident Marzouki semble aussi faire l&rsquo;objet de rappel \u00e0 l&rsquo;ordre pour ses interventions dans ce qu&rsquo;on croyait \u00eatre son domaine r\u00e9serv\u00e9, les affaires \u00e9trang\u00e8res. Aucune r\u00e9action officielle n&rsquo;a filtr\u00e9 quant \u00e0 sa revendication d&rsquo;une demande d&rsquo;extradition de Ben Ali au Royaume d&rsquo;Arabie saoudite, id\u00e9e qui avait pr\u00e9alablement sembl\u00e9 embarrasser Hamadi Jebali.<\/font><\/font><\/div>\n<div align=\"justify\">\u00a0<\/div>\n<div align=\"justify\"> <font face=\"Arial\"><font>D&rsquo;autre part, court dans les m\u00e9dias une inqui\u00e9tude \u00e0 propos des risques suscit\u00e9s pour nos ressortissants en Syrie, par les belles accolades distribu\u00e9es par le pr\u00e9sident Marzouki aux opposants syriens en conclave \u00e0 Tunis ainsi que par ses d\u00e9clarations \u00e0 France 24.<\/font><\/font><\/div>\n<div align=\"justify\">\u00a0<\/div>\n<div align=\"justify\"> <font face=\"Arial\"><font>Dans le m\u00eame domaine international, tout en notant sa bonne disposition \u00e0 prodiguer des interviews \u00e0 des m\u00e9dias fran\u00e7ais, on peut s&rsquo;interroger sur sa d\u00e9nonciation d&rsquo;un \u00ab n\u00e9o-colonialisme \u00bb fran\u00e7ais, tout \u00e0 fait ingrate &#8211; eu \u00e9gard \u00e0 la propre histoire de Moncef Marzouki &#8211; et inappropri\u00e9e, inopportune quand on sait combien l&rsquo;\u00e9conomie tunisienne est pr\u00e9caris\u00e9e, dans la hantise de perdre des investisseurs ou des dons et des pr\u00eats escompt\u00e9s. Cela semble d&rsquo;ailleurs l&rsquo;avis de Hamadi Jebali.<\/font><\/font><\/div>\n<div align=\"justify\">\u00a0<\/div>\n<div align=\"justify\"> <font face=\"Arial\"><font>Aussi, le pr\u00e9sident Marzouki devrait montrer plus de retenue dans ses d\u00e9clarations : personne ne lui demande de se coucher devant une domination internationale, mais pour jouer au Boumediene ou au Kadhafi d&rsquo;un autre temps ou au Ahmadinejad d&rsquo;aujourd&rsquo;hui, encore faut-il avoir les moyens de sa souverainet\u00e9 ! Dignit\u00e9 n&rsquo;est pas provocation.<\/font><\/font><\/div>\n<div align=\"justify\">\u00a0<\/div>\n<div align=\"justify\"> <font face=\"Arial\"><font>Ces improvisations m\u00e2les venues du pr\u00e9sident Marzouki doivent d&rsquo;autant plus d\u00e9ranger son tout puissant alli\u00e9 que, ce dernier l&rsquo;ayant d\u00e9j\u00e0 d\u00e9pouill\u00e9 de l&rsquo;essentiel de ses pouvoirs, entend bien le marginaliser dans un espace politique confin\u00e9 ; tout ce brouhaha autour de Moncef Marzouki devient davantage ennuyeux relay\u00e9 par les inf\u00e2mes borborygmes qui montent du ventre de son parti, se vomissent sur la place publique et entachent forc\u00e9ment de leurs \u00e9claboussures l&rsquo;ex-chef du CPR, nouveau pr\u00e9sident de la R\u00e9publique.<\/font><\/font><\/div>\n<div align=\"justify\">\u00a0<\/div>\n<div align=\"justify\"> <font face=\"Arial\"><font>Hamadi Jebali ne doit pas savoir \u00e0 quelle sainte liste de candidats se vouer. La confusion est encore totale en ce mercredi matin, o\u00f9 seule est claire l&rsquo;\u00e2pret\u00e9 d&rsquo;\u00e9lus du CPR \u00e0 vouloir occuper des fauteuils minist\u00e9riels. Quel beau sens du service public ! Avec des \u00e9clats \u00e9quivalents \u00e0 Ettakatol, on en vient \u00e0 plaindre le chef du gouvernement, condamn\u00e9 \u00e0 tra\u00eener ces deux formations faites de bric et de broc et tirant \u00e0 hue et \u00e0 dia, port\u00e9es au pouvoir par le coup de main d&rsquo;Ennahdha, faiseur de rois non par philanthropie mais pour devenir, par ces renforts \u00ab mod\u00e9r\u00e9s \u00bb, plus pr\u00e9sentable \u00e0 l&rsquo;opinion internationale.<\/font><\/font><\/div>\n<div align=\"justify\">\u00a0<\/div>\n<div align=\"justify\"> <font face=\"Arial\"><font>Car l&rsquo;ancien candidat d&rsquo;Ettakatol pour le minist\u00e8re des finances, Khayam Turki, a d\u00fb se d\u00e9sister sous la menace d&rsquo;obscures poursuites en provenance des \u00c9mirats o\u00f9 il animait un fond souverain actif dans l&rsquo;achat des entreprises \u00e0 l&rsquo;\u00e9tranger ou des parts de march\u00e9. Selon le remuant Khemais Ksila, nouveau venu \u00e0 Ettakatol, \u00e0 ce minist\u00e8re Khayam Turki &#8211; d\u00e9cr\u00e9t\u00e9 \u00ab homme propre \u00bb par Ksila (qui aujourd&rsquo;hui se met \u00e0 d\u00e9cerner des brevets ! C&rsquo;est le comble !) &#8211; aurait pu mettre la main sur des dossiers compromettants de Sama Dubai et Tunisie Telecom, engageant des int\u00e9r\u00eats dans les \u00c9mirats et dans un milieu interlope de la finance tunisienne !<\/font><\/font><\/div>\n<div align=\"justify\">\u00a0<\/div>\n<div align=\"justify\"> <font face=\"Arial\">In extremis, alors que visiblement Hamadi Jebali montrait un fort d\u00e9sagr\u00e9ment de ce dernier couac, un chevalier blanc survient en remplacement du lib\u00e9ral Khayam Turki : l&rsquo;\u00e9conomiste progressiste Hassine Dimassi, proche de l&rsquo;UGTT, homme de parler vrai et d&rsquo;honneur (comme en t\u00e9moignent ses <\/font><font><a href=\"http:\/\/www.google.com\/search?q=dimassi&amp;hl=fr&amp;as_sitesearch=www.alternatives-citoyennes.sgdg.org\" rel=\"nofollow noopener\" target=\"_blank\"><font face=\"Arial\">nombreuses contributions et interviews<\/font><\/a><\/font><font face=\"Arial\"><font> publi\u00e9es sur notre site entre 2002 et 2008), sauve la face \u00e0 Mustapha Ben Jaafar chef d&rsquo;Ettakatol. Ce talentueux expert qui eut longtemps une vision strat\u00e9gique globale de l&rsquo;\u00e9conomie tunisienne dans une institution ad hoc, a-t-il c\u00e9d\u00e9 \u00e0 son amiti\u00e9 pour le Dr Ben Jaafar, au sens de l&rsquo;int\u00e9r\u00eat national ou \u00e0 une petite tentation de pouvoir lui aussi ? Arriv\u00e9 au minist\u00e8re des finances \u00e0 son heure la plus cruciale depuis l&rsquo;ind\u00e9pendance, nous esp\u00e9rons pour lui qu&rsquo;il saura n\u00e9gocier au mieux avec un parti dominant dont il s&rsquo;est toujours tenu \u00e0 distance, et qu&rsquo;il n&rsquo;en sortira pas diminu\u00e9 !<\/font><\/font><\/div>\n<div align=\"justify\">\u00a0<\/div>\n<div align=\"justify\"> <font face=\"Arial\"><font>Enfin le toujours fort en gueule Ksila bloque aussi sur le contentieux torturant du minist\u00e8re de l&rsquo;int\u00e9rieur o\u00f9 il d\u00e9clare qu&rsquo;Ali Larayedh (Ennahdha) le marquerait trop fortement de son appartenance et que Habib Essid devrait y poursuivre sa besogne. \u00c0 cette seule \u00e9ventualit\u00e9 le CPR s&rsquo;insurge, tant Habib Essid est d\u00e9sign\u00e9 comme responsable de faits peu glorieux, particuli\u00e8rement la Kasbah 3, par Moncef Marzouki lui m\u00eame : il ne reste plus qu&rsquo;\u00e0 ces deux turbulentes personnalit\u00e9s que sont Moncef Marzouki et Khemais Ksila \u00e0 accorder leurs violons en remontant aussi jusqu&rsquo;au complot de f\u00e9vrier 1994 qui chassa Moncef Marzouki de la pr\u00e9sidence de la Ligue tunisienne des droits de l&rsquo;homme pour le projeter dans les ge\u00f4les de Ben Ali.<\/font><\/font><\/div>\n<div align=\"justify\">\u00a0<\/div>\n<div align=\"justify\"> <font face=\"Arial\"><font>Quelle histoire ! Aujourd&rsquo;hui jeudi 22 d\u00e9cembre Inchallah, l&rsquo;Assembl\u00e9e constituante adoubera un gouvernement pl\u00e9thorique, \u00e0 peine ramen\u00e9 de 51 personnes (ce qui nous faisait ressembler \u00e0 la Centrafrique !) au nombre encore respectable et co\u00fbteux de 41 ministres, secr\u00e9taires d&rsquo;\u00c9tat et conseillers.<\/font><\/font><\/div>\n<div align=\"justify\">\u00a0<\/div>\n<div align=\"justify\"> <font face=\"Arial\"><font>C&rsquo;est pour l&rsquo;essentiel un nouveau personnel politique dont nous attendons les CV, le programme ainsi que la d\u00e9monstration de leurs comp\u00e9tences \u00ab d&rsquo;hommes qu&rsquo;il faut \u00e0 la place qu&rsquo;il faut \u00bb. Les priorit\u00e9s n&rsquo;ont m\u00eame plus \u00e0 \u00eatre identifi\u00e9es : les gr\u00e8ves partout et souvent ill\u00e9gales (derni\u00e8rement \u00e0 Tunisair et dans l&rsquo;h\u00f4tellerie, aux entreprises chimiques de La Skhira, \u00e0 l&rsquo;a\u00e9roport d&rsquo;Enfidha et l&rsquo;entreprise japonaise Yazaki qui vient de mettre la clef sous la porte \u00e0 Metlaoui et Om Larayes), les assauts contre des QG d&rsquo;entreprises (encore dans les mines de Gafsa) ou contre des camions de bouteilles de gaz toujours en p\u00e9nurie (alors que le Nord-ouest grelotte), les innombrables barrages de routes (vers le centre industriel de Bir Mchargua), les agressions contre les douaniers et les policiers qui leur font porter le brassard rouge de protestation etc. etc. etc., donnent le sentiment d&rsquo;un d\u00e9sordre permanent n&rsquo;engageant ni investisseur ni touriste \u00e0 venir chez nous. Peut-\u00eatre ceux-la m\u00eames qui avaient ouvert dans les premiers mois de la r\u00e9volution cette bo\u00eete de Pandore d&rsquo;une irr\u00e9pressible agitation revendicatrice port\u00e9e \u00e0 la loi de la jungle voient ce pi\u00e8ge se refermer sur eux&#8230;<\/font><\/font><\/div>\n<div align=\"justify\">\u00a0<\/div>\n<div align=\"justify\"> <font face=\"Arial\"><font>\u00c0 moins que par un miracle d\u00e9j\u00e0 survenu sur la foi de quelque deal obscur, tout s&rsquo;apaise subitement \u00e0 la prise de fonction du gouvernement. Toute querelle cessante, n&rsquo;est-ce pas ce que nous pouvons souhaiter de mieux pour notre pays \u00e0 quelques jours d&rsquo;une nouvelle ann\u00e9e ?<\/font><\/font><\/div>\n<div>\u00a0<\/div>\n<div align=\"right\"> <b><font face=\"Arial\"><font>Nadia Omrane<\/font><\/font><\/b><\/div>\n<div align=\"right\"> <b><font> \u00a0<\/font><\/b><\/div>\n<\/p><\/div>\n<div>\n<div align=\"center\"> <b><font><a href=\"http:\/\/www.alternatives-citoyennes.sgdg.org\/\" rel=\"nofollow noopener\" target=\"_blank\"><font face=\"Arial\">www.alternatives-citoyennes.sgdg.org<\/font><\/a><font face=\"Arial\"> <\/font><\/font><\/b> <\/div>\n<div align=\"center\"> <b><font face=\"Arial\"><a href=\"mailto:redaction@alternatives-citoyennes.sgdg.org\" rel=\"nofollow noopener\" target=\"_blank\" ymailto=\"mailto:redaction@alternatives-citoyennes.sgdg.org\"><font>redaction@alternatives-citoyennes.sgdg.org<\/font><\/a><\/font><\/b><\/div>\n<\/p><\/div>\n<\/p><\/div>\n<hr\/>\n<div>\n<p align=\"center\"><font face=\"Arial\" size=\"2\"><strong>Association des Tunisiens enFrance UGET-France<\/strong><\/font><\/p>\n<\/div>\n<div>\n<p align=\"center\"><font face=\"Calibri\"><strong><\/p>\n<h2 style=\"color: red;\"><font>Rencontre avec Monsieur Habib KAZDAGHLI, Doyen de la Facult\u00e9 des Lettres et des Humanit\u00e9s<\/font><\/h2>\n<p><\/strong><font> <\/font><\/font> <\/p>\n<\/div>\n<div>\u00a0<\/div>\n<div> <font face=\"Arial\" size=\"2\">L\u2019ATF et l\u2019UGET-Franceont le plaisir de vous inviter \u00e0 assister \u00e0 une rencontre <\/font> <\/div>\n<div> <font face=\"Arial\" size=\"2\">avec Monsieur Habib KAZDAGHLI, Doyende la Facult\u00e9 des Lettres et des Humanit\u00e9s de la Mannouba <\/font> <\/div>\n<div> <font face=\"Arial\" size=\"2\">suite aux \u00e9v\u00e9nements provoqu\u00e9 pardes groupes salafistes pour imposer le Niquab et la s\u00e9parations des genres.<\/font><\/div>\n<div>\u00a0<\/div>\n<div> <font face=\"Arial\" size=\"2\">Le 23 d\u00e9cembre 2011 \u00e0 19H00<\/font><\/div>\n<div>\u00a0<\/div>\n<div> <font face=\"Arial\" size=\"2\">A l\u2019Espace Farabi<\/font><\/div>\n<div> <font face=\"Arial\" size=\"2\">3-5, rue Loui\u00e7s Blanc,<\/font><\/div>\n<div> <font face=\"Arial\" size=\"2\">75010 Paris<\/font><\/div>\n<div>\u00a0<\/div>\n<div> <font face=\"Arial\" size=\"2\">M\u00b0 Colonel Farabi<\/font><\/div>\n<div> <font face=\"Arial\" size=\"2\">Tel0145960406 e-mail : atf.bn@wanadoo.fr<\/font><\/div>\n<div>\u00a0<\/div>\n<div> <font face=\"Arial\" size=\"2\">LePr\u00e9sident del\u2019UGET-Frace Le Pr\u00e9sident de l\u2019ATF<\/font><\/div>\n<div> <font face=\"Arial\" size=\"2\">AymanBELHOUJ Moahmed-Lakhdar ELLALA <\/font> <\/div>\n<p> <\/font> <\/p>\n<div dir=\"ltr\">\n<hr\/><\/div>\n<div align=\"center\" dir=\"ltr\"> <font face=\"Arial\" size=\"2\"><b><\/p>\n<h3 style=\"color: blue;\"><font size=\"3\">En Tunisie, Captain Khobza garde la transition d\u00e9mocratique \u00e0 l\u2019\u0153il<\/font><\/h3>\n<p><\/b> \u00a0<\/font><\/div>\n<p> <font face=\"Arial\"><font size=\"2\"> <\/p>\n<div align=\"justify\" dir=\"ltr\"> <font>l est de cette g\u00e9n\u00e9ration qui a grandi sous le r\u00e9gime autoritaire de Zine El Abidine Ben Ali et a appris \u00e0 v\u00e9n\u00e9rer le pr\u00e9sident sur les bancs de l\u2019\u00e9cole. <i>\u00ab Nous vivions dans une prison \u00e0 ciel ouvert \u00bb,<\/i>dit Mehdi. qui a t\u00f4t fait de r\u00e9aliser <i>\u00ab que quelque chose n\u2019allait pas \u00bb<\/i>. Alors, en janvier dernier, cet entrepreneur de 33 ans, dont le bureau dit la r\u00e9ussite, est sorti dans la rue. <i>\u00ab Mon p\u00e8re a tent\u00e9 de m\u2019en emp\u00eacher \u00bb,<\/i>raconte-t-il. Mais le moment \u00e9tait venu d\u2019exiger la dignit\u00e9. De lib\u00e9rer une cr\u00e9ativit\u00e9 longtemps censur\u00e9e, aussi.Mehdi va trouver l\u2019inspiration dans l\u2019une des photos les plus c\u00e9l\u00e8bres de la r\u00e9volution : celle d\u2019un homme, une baguette de pain en guise de mitraillette, visant les policiers anti-\u00e9meutes. <i>\u00ab Cet homme, c\u2019est le Tunisien qui n\u2019a pas peur,<\/i> estime Mehdi. <i>C\u2019est l\u2019exemple \u00e0 suivre. \u00bb<\/i>Quand les premi\u00e8res affiches de campagne, en juin, campent des chefs de parti dominant le petit peuple, il d\u00e9cide de <i>\u00ab faire parler cet homme \u00bb.<\/i><\/font><\/div>\n<p> <\/font> <\/p>\n<div align=\"justify\" dir=\"ltr\">\u00a0<\/div>\n<p> <\/font> <\/p>\n<div align=\"justify\" dir=\"ltr\">\u00a0<\/div>\n<div align=\"justify\" dir=\"ltr\">\u00a0<\/div>\n<div align=\"justify\" dir=\"ltr\"> <font face=\"Arial\" size=\"2\"><font>Il cr\u00e9e alors Captain Khobza (\u00ab pain \u00bb, en arabe). Un personnage d\u2019animation v\u00eatu du drapeau tunisien, portant sur la t\u00eate une ch\u00e9chia, qui livre une vision impertinente de l\u2019actualit\u00e9 tunisienne dans des<\/font><u><font><a href=\"https:\/\/www.facebook.com\/captain5obza\" target=\"_blank\" rel=\"noopener\"><font> <\/font><\/a><\/font><\/u><font><a href=\"https:\/\/www.facebook.com\/captain5obza\" target=\"_blank\" rel=\"noopener\"><font>\u00e9pisodes de quelques minutes diffus\u00e9s sur Facebook<\/font><\/a>. \u00c9norme succ\u00e8s : sa page Facebook compte aujourd\u2019hui 210 000 fans et 64,5 millions de \u00ab vus \u00bb. Mehdi s\u2019en \u00e9tonne encore : <i>\u00ab Nous n\u2019avions jamais imagin\u00e9 que \u00e7a prendrait une telle ampleur. \u00bb<\/i><\/font><\/font><\/div>\n<h3 align=\"justify\" dir=\"ltr\" style=\"color: blue;\"><font face=\"Arial\" size=\"2\">Ind\u00e9pendance jalousement gard\u00e9e<\/font><\/h3>\n<div align=\"justify\" dir=\"ltr\"> <font face=\"Arial\" size=\"2\"><font>Le jeune homme parle au pluriel, car il a entra\u00een\u00e9 dans l\u2019aventure la quinzaine de salari\u00e9s que compte son entreprise de nouvelles technologies. Exalt\u00e9s par la r\u00e9volution, ils passent d\u2019abord <i>\u00ab les soir\u00e9es et une partie des nuits \u00bb<\/i>\u00e0 imaginer de nouveaux \u00e9pisodes. <i>\u00ab Les Tunisiens ont commenc\u00e9 \u00e0 s\u2019approprier la d\u00e9mocratie naissante en riant des nouveaux dirigeants \u00bb<\/i>, dit Mehdi, qui investit l\u2019argent et le mat\u00e9riel de la soci\u00e9t\u00e9, car la s\u00e9rie ne rapporte <i>\u00ab pas un millime \u00bb.<\/i><\/font> <font>Il a failli mettre en danger son entreprise. Depuis, il tente de <i>\u00ab trouver un juste milieu \u00bb<\/i>. L\u2019\u00e9quipe a mis entre parenth\u00e8ses la webs\u00e9rie pour travailler \u00e0 la r\u00e9alisation d\u2019un long m\u00e9trage, pas encore diffus\u00e9. Il r\u00eave \u00e0 un Captain Khobza <i>\u00ab juste rentable \u00bb<\/i>pour pouvoir y d\u00e9l\u00e9guer quelques salari\u00e9s de l\u2019entreprise. Des cha\u00eenes de t\u00e9l\u00e9vision ont propos\u00e9 des contrats, mais l\u2019\u00e9quipe est jalouse de son ind\u00e9pendance. <i>\u00ab J\u2019ai pos\u00e9 des conditions,<\/i> explique Mehdi. <i>La cha\u00eene ne doit avoir aucun droit de regard sur le contenu de nos cr\u00e9ations. \u00bb<\/i><\/font> <font>Au groupe saoudien qui lui faisait les yeux doux, il a claqu\u00e9 la porte. <i>\u00ab Ils voulaient \u201cacheter le symbole de la r\u00e9volution\u201d. Captain Khobza appartient aux Tunisiens. \u00bb<\/i>Mehdi prot\u00e8ge sa cr\u00e9ation, car il croit qu\u2019elle peut <i>\u00ab aider \u00e0 la naissance d\u2019une responsabilit\u00e9 citoyenne \u00bb,<\/i>comme <i>\u00ab d\u2019autres projets d\u00e9bordant de cr\u00e9ativit\u00e9 \u00bb<\/i>, n\u00e9s apr\u00e8s la r\u00e9volution et pour lesquels il dit son admiration.<\/font> \u00a0<\/font><\/div>\n<h3 align=\"justify\" dir=\"ltr\" style=\"color: blue;\"><font face=\"Arial\" size=\"2\">\u00abL\u2019\u00e9mergence d\u2019une dictature culturelle\u00bb<\/font><\/h3>\n<div align=\"justify\" dir=\"ltr\"> <font face=\"Arial\" size=\"2\"><font>Il porte un regard sans concession sur la transition d\u00e9mocratique en cours, fustigeant <i>\u00ab l\u2019\u00e9mergence d\u2019une dictature culturelle \u00bb. \u00ab Avant, on pouvait parler de tout, sauf de politique,<\/i> dit-il. <i>Maintenant, on se dirige vers une situation inverse. \u00bb<\/i>En ligne de mire, l\u2019attitude virulente, voire violente, des extr\u00e9mistes religieux. Les quelques \u00e9pisodes de <i>Captain Khobza<\/i> \u00e9voquant la religion ou les islamistes lui ont d\u2019ailleurs valu <i>\u00ab insultes et menaces \u00bb<\/i>.<\/font> <font>Qu\u2019importe. Mehdi pr\u00e9pare d\u00e9j\u00e0 la deuxi\u00e8me saison de <i>Captain Khobza,<\/i> dont le premier \u00e9pisode devrait sortir sous peu. Il promet de suivre les faits et gestes de l\u2019Assembl\u00e9e constituante, pour <i>\u00ab montrer l\u2019envers du d\u00e9cor \u00bb<\/i>.<\/font> <font>Source: \u00ab\u00a0La Croix\u00a0\u00bb Le 22-12-2011<\/font> <font><font>Lien: <a href=\"http:\/\/www.la-croix.com\/Actualite\/S-informer\/Monde\/En-Tunisie-Captain-Khobza-garde-la-transition-democratique-a-l-aeil-_EG_-2011-12-22-749961\" target=\"_blank\" rel=\"noopener\">http:\/\/www.la-croix.com\/Actualite\/S-informer\/Monde\/En-Tunisie-Captain-Khobza-garde-la-transition-democratique-a-l-aeil-_EG_-2011-12-22-749961<\/a><\/font><\/font> \u00a0<\/font><\/div>\n<div align=\"justify\" dir=\"ltr\">                                                                                                                                                                                                                                                                                   \u00a0<\/div>\n<div dir=\"ltr\">\n<hr\/><\/div>\n<h3 align=\"center\" class=\"ecxcontentheading\" dir=\"ltr\" style=\"color: blue;\">\n<h3 style=\"color: blue;\"><font face=\"Arial\" size=\"3\">Chercher le coupable de la fermeture de Yazaki<\/font><\/h3>\n<\/h3>\n<div align=\"justify\" dir=\"ltr\"> <font face=\"Arial\" size=\"2\">L\u2019affaire a \u00e9t\u00e9 confirm\u00e9e. Les Tunisiennes et Tunisiens ont subi le choc ! La c\u00e2blerie d&rsquo;Om La\u00e2rayes a ferm\u00e9 d\u00e9finitivement ses portes mercredi 21 d\u00e9cembre 2011. D\u00e8s lors, une forte protestation s\u2019est d\u00e9clench\u00e9e sur les r\u00e9seaux sociaux contre les gr\u00e9vistes. Cependant, il semble \u00e9vident de r\u00e9fl\u00e9chir avant de juger tel ou tel comportement. <\/font> <\/div>\n<p align=\"justify\" dir=\"ltr\"><font face=\"Arial\" size=\"2\">Il est l\u00e9gitime de s\u2019interroger sur cet arr\u00eat brutal? A qui incombe la faute ? Doit-on bl\u00e2mer les gr\u00e9vistes ? A vrai dire, la manifestation des salari\u00e9s n\u2019a pris que 2 heures et sans m\u00eame interrompre le travail.                                                                                                                                                                                                                                                                                  Contact\u00e9, M. Mohamed Arfa, directeur r\u00e9gional de l\u2019API, a indiqu\u00e9 qu\u2019il avait \u00e9t\u00e9 inform\u00e9 par les ouvriers qu\u2019il n\u2019a jamais \u00e9t\u00e9 question de 13\u00e8me mois : \u00ab On n\u2019a demand\u00e9 qu\u2019une meilleure communication et \u00e9coute de la part de la direction g\u00e9n\u00e9rale \u00bb. Cependant, le groupe a justifi\u00e9 cet arr\u00eat par les impacts des \u00ab gr\u00e8ves irr\u00e9guli\u00e8res \u00bb, observ\u00e9es les 15 et 16 d\u00e9cembre.                                                                                                                                                                                                                                                                                  Oui ! Une d\u00e9cision choquante pour tous. Yazaki n\u2019a m\u00eame pas averti le personnel. Pire ! Le c\u00e2bleur n\u2019a m\u00eame pas appel\u00e9 au dialogue pour trouver des solutions. Selon le personnel, aucune discussion n\u2019a \u00e9t\u00e9 engag\u00e9e entre la soci\u00e9t\u00e9 et les employ\u00e9s concernant la fermeture du site. Une affaire qui laisse penser que la d\u00e9cision d\u2019arr\u00eat a \u00e9t\u00e9 d\u00e9j\u00e0 prise depuis une p\u00e9riode.                                                                                                                                                                                                                                                                                  \u00ab Cette unit\u00e9 qui employait 438 personnes a \u00e9t\u00e9 farouchement prot\u00e9g\u00e9e par son personnel au cours de la R\u00e9volution \u00bb, a indiqu\u00e9 Mohamed Esseghaier Miraoui, secr\u00e9taire g\u00e9n\u00e9ral de l&rsquo;Union r\u00e9gionale du travail \u00e0 Gafsa.                                                                                                                                                                                                                                                                                 Dans un communiqu\u00e9, M. Miraoui a accus\u00e9 la soci\u00e9t\u00e9 Yazaki d&rsquo;avoir pr\u00e9m\u00e9dit\u00e9 la fermeture de son unit\u00e9 : \u00ab la soci\u00e9t\u00e9 a d\u00e9j\u00e0 vir\u00e9 600 employ\u00e9s de son unit\u00e9 de Metlaoui. Les employ\u00e9s ont simplement manifest\u00e9 leur m\u00e9contentent sans interrompre le travail \u00bb. Or, selon le groupe, \u00ab de longues n\u00e9gociations ont \u00e9t\u00e9 effectu\u00e9es avec les employ\u00e9s afin de les convaincre de reprendre le travail. Mais les employ\u00e9s n&rsquo;ont pas accept\u00e9 de rejoindre leurs postes \u00bb.                                                                                                                                                                                                                                                                                  Ind\u00e9pendamment de ce qui ce passe avec l\u2019investisseur \u00e9tranger, Yazaki, les Tunisiennes et les Tunisiens ont en marre de l\u2019exploitation du patron. La R\u00e9volution a r\u00e9veill\u00e9 chez eux le sentiment de d\u00e9fendre leurs droits qu\u2019ils estiment l\u00e9gitimes. La gr\u00e8ve semble \u00eatre la solution la plus ad\u00e9quate pour obtenir leurs demandes. Or, la situation par laquelle passe notre pays nous oblige \u00e0 \u00eatre plus conscients et plus responsables. L&rsquo;accroissement des revendications sociales ne peut que nuire \u00e0 l\u2019\u00e9conomie du pays voire bloquer la machine productive. Et \u00e7a continue encore ! Un nouveau coup dur pour l\u2019\u00e9conomie tunisienne.                                                                                                                                                                                                                                                                                  Le groupe \u00ab British Gaz \u00bb a ainsi l&rsquo;intention de fermer leurs filiales dans les r\u00e9gions tunisiennes. Plus encore, une soci\u00e9t\u00e9 fran\u00e7aise de production de fourrages \u00e0 partir du phosphate bicalcique produit par le Groupe chimique tunisien (GCT) a d\u00e9cid\u00e9 de fermer d\u00e9finitivement ses portes \u00e0 cause du sit-in \u00e0 la GCT.<\/font><\/p>\n<p align=\"justify\" dir=\"ltr\"><font face=\"Arial\" size=\"2\">Source: \u00ab\u00a0Investir en Tunisie\u00a0\u00bb Le 22-12-2011<\/font><\/p>\n<p align=\"justify\" dir=\"ltr\"><font face=\"Arial\" size=\"2\">Lien: http:\/\/www.investir-en-tunisie.net\/index.php?option=com_content&amp;view=article&amp;id=12630<\/font><\/p>\n<p align=\"justify\" dir=\"ltr\">\u00a0<\/p>\n<div dir=\"ltr\">\n<hr\/><\/div>\n<h3 align=\"center\" dir=\"ltr\" style=\"color: blue;\"><u><a href=\"http:\/\/www.jeuneafrique.com\/Article\/ARTJAJA2657p040-045.xml4\/tunisie-islamistes-islam-niqabtunisie-la-mauvaise-foi-des-integristes.html\" target=\"_blank\" rel=\"noopener\"><\/p>\n<h3 style=\"color: blue;\"><font face=\"Arial\" size=\"3\">Tunisie : la mauvaise foi des int\u00e9gristes<\/font><\/h3>\n<p><\/a><\/u><\/h3>\n<p align=\"justify\" dir=\"ltr\"><font face=\"Arial\" size=\"2\">Ouvertement antid\u00e9mocrates, les islamismes radicaux tunisiens n\u2019en invoquent pas moins la libert\u00e9 de conscience\u2026 pour mieux la d\u00e9nier aux autres.<\/font><\/p>\n<div align=\"justify\" dir=\"ltr\"> <font face=\"Arial\" size=\"2\">La visibilit\u00e9 de la <\/font><a href=\"http:\/\/www.jeuneafrique.com\/actu\/20110313T185614Z20110313T185606Z\/\" target=\"_blank\" rel=\"noopener\"><font face=\"Arial\" size=\"2\">mouvance salafiste<\/font><\/a><font face=\"Arial\" size=\"2\"> en <\/font><a href=\"http:\/\/www.jeuneafrique.com\/pays\/tunisie\/tunisie.asp\" target=\"_blank\" rel=\"noopener\"><font face=\"Arial\" size=\"2\">Tunisie<\/font><\/a><font face=\"Arial\" size=\"2\">est un ph\u00e9nom\u00e8ne nouveau surgi dans le sillage de la r\u00e9volution. Apr\u00e8s de timides provocations lors de manifestations pour la d\u00e9fense des droits de la femme ou de la modernit\u00e9, ses membres ont fait monter la tension de plusieurs crans en provoquant la fermeture de bars, en saccageant le cin\u00e9ma Afric\u2019Art, <\/font><a href=\"http:\/\/www.jeuneafrique.com\/Articles\/Dossier\/ARTJAJA2650p026-029.xml0\/islamistes-medias-liberte-d-expression-liberte-de-la-pressetunisie-journalistes-sur-le-fil-du-rasoir.html\" target=\"_blank\" rel=\"noopener\"><font face=\"Arial\" size=\"2\">en attaquant Nessma TV<\/font><\/a><font face=\"Arial\" size=\"2\"><font>et le domicile de son patron, et, plus r\u00e9cemment, en s\u2019invitant dans les universit\u00e9s, devenues leur terrain de pr\u00e9dilection. Leurs revendications, exprim\u00e9es dans la fureur, sont toujours les m\u00eames\u2009: abrogation de la mixit\u00e9 et autorisation du port du niqab. Malgr\u00e9 ce marquage de territoire, les islamistes radicaux, dont les drapeaux noirs, les tuniques afghanes et les appels au djihad semblent venus d\u2019un autre temps, demeurent une mouvance assez obscure.<\/font> \u00a0<\/font><\/div>\n<div align=\"justify\" dir=\"ltr\"> <font face=\"Arial\" size=\"2\"><strong>R\u00e9seau<\/strong><\/font><\/div>\n<div align=\"justify\" dir=\"ltr\">                                                                                                                                                                                                                                                                                   \u00a0<\/div>\n<div align=\"justify\" dir=\"ltr\"> <font face=\"Arial\" size=\"2\">Leur \u00e9manation politique, Hizb al-Tahrir (Parti de la lib\u00e9ration), pr\u00f4ne \u00ab la souverainet\u00e9 de la Oumma \u00bb et rejette la d\u00e9mocratie. \u00ab Le retour de l\u2019islam dans notre vie ne sera pas assur\u00e9 par un simple article de la Constitution stipulant que la religion officielle de l\u2019\u00c9tat est l\u2019islam. Cet article \u00e0 port\u00e9e symbolique n\u2019aurait aucune valeur, puisque les gouvernants y recourent par hypocrisie, par ruse et pour faire taire les masses. Le retour de l\u2019islam dans la vie, la bonne gouvernance et la souverainet\u00e9 ne sauraient se r\u00e9aliser sans un \u00c9tat qui mette la foi \u00e0 la base m\u00eame de la Constitution et des lois \u00bb,peut-on lire sur leurs tracts. Ridha Belhaj, porte-parole du mouvement, affirme m\u00eame qu\u2019il est inutile d\u2019\u00e9laborer une Constitution, puisqu\u2019elle est d\u00e9j\u00e0 inscrite dans le Coran, et consid\u00e8re que la d\u00e9mocratie n\u2019est qu\u2019un moyen d\u2019acc\u00e9der au pouvoir. Le programme du Hizb al-Tahrir est succinct\u2009: restauration du califat et stricte application de la charia. Corollaires de ces objectifs\u2009: interdiction des partis politiques et remplacement de l\u2019\u00e9toile et du croissant sur le drapeau tunisien par la chahada (profession de foi). Si le parti ne compte que quelque deux mille adh\u00e9rents, il n\u2019en contr\u00f4le pas moins quelques mosqu\u00e9es et profite d\u2019un r\u00e9seau international de cinquante pays. Belhaj discute d\u2019ailleurs avec ses homologues libyens d\u2019un projet d\u2019union.<\/font> <font face=\"Arial\" size=\"2\">Approch\u00e9 par des dirigeants d\u2019<\/font><a href=\"http:\/\/www.jeuneafrique.com\/Article\/ARTJAJA2657p047.xml0\/pauvrete-tunisie-islamistes-premier-ministretunisie-de-la-kasbah-au-bardo.html\" target=\"_blank\" rel=\"noopener\"><font face=\"Arial\" size=\"2\">Ennah\u00addha<\/font><\/a><font face=\"Arial\" size=\"2\"> en vue des <\/font><a href=\"http:\/\/www.jeuneafrique.com\/Article\/ARTJAWEB20111221085649\/tunisie-ennahdha-rached-ghannouchi-moncef-marzoukitunisie-hamadi-jebali-a-presente-sa-nouvelle-equipe-gouvernementale-a-moncef-marzouki.html\" target=\"_blank\" rel=\"noopener\"><font face=\"Arial\" size=\"2\">\u00e9lections du 23 octobre<\/font><\/a><font face=\"Arial\" size=\"2\">, le pr\u00e9sident du bureau politique d\u2019Al-Tahrir, Abdelmajid Habibi, avait appel\u00e9 au boycott du scrutin\u2009: \u00ab On ne peut \u00e9lire des personnes qui permettent ce que Dieu a interdit et interdisent ce que Dieu autorise. \u00bb Ahmed Gaaloul, d\u2019Ennahdha, confirme cette \u00ab diff\u00e9rence de perception de l\u2019islam et des objectifs sociaux \u00bb.<\/font><\/div>\n<div align=\"justify\" dir=\"ltr\">                                                                                                                                                                                                                                                                                   \u00a0<\/div>\n<div align=\"justify\" dir=\"ltr\"> <font face=\"Arial\" size=\"2\"><strong>N\u00e9buleuse<\/strong><\/font><\/div>\n<div align=\"justify\" dir=\"ltr\">                                                                                                                                                                                                                                                                                   \u00a0<\/div>\n<div align=\"justify\" dir=\"ltr\"> <a href=\"http:\/\/www.jeuneafrique.com\/Article\/ARTJAWEB20111212180259\/maroc-tunisie-islamistes-islamismebernard-rougier-le-salafisme-rejette-l-exercice-de-la-raison-dans-l-interpretation-des-textes-sacres.html\" target=\"_blank\" rel=\"noopener\"><font face=\"Arial\" size=\"2\">La mouvance regroupe plusieurs autres tendances<\/font><\/a><font face=\"Arial\" size=\"2\">\u2009 : la salafiya djihadiya, la salafiya ilmiya (charg\u00e9e de purifier l\u2019id\u00e9ologie islamiste), Al-Daawa wa Al-Tabligh, sorte de secte d\u00e9di\u00e9e au pr\u00eache, et Al-Takfir wa Al-Hijra, en rupture totale avec la soci\u00e9t\u00e9, qu\u2019il juge m\u00e9cr\u00e9ante. Tous \u0153uvrent dans les quartiers pauvres pour enraciner leur id\u00e9ologie. Ils exercent un contr\u00f4le sur plus de 400 mosqu\u00e9es, ont fond\u00e9 une \u00e9cole coranique \u00e0 Sidi el-Bokri, sur la route de Bizerte, et ont pour chefs Abou Ayoub, pr\u00eacheur \u00e0 Oued Ellil, et Abou Iyadh, figure connue de la cit\u00e9 populaire d\u2019Ettadhamen. Ils sont \u00e9galement nombreux \u00e0 s\u00e9vir dans les r\u00e9gions fragilis\u00e9es par la r\u00e9volution. \u00c0 <\/font><a href=\"http:\/\/www.jeuneafrique.com\/Article\/DEPAFP20111217164601\/president-tunis-zine-el-abidine-ben-ali-commemorationdes-milliers-de-tunisiens-commemorent-le-debut-de-la-revolution-a-sidi-bouzid.html\" target=\"_blank\" rel=\"noopener\"><font face=\"Arial\" size=\"2\">Sidi Bouzid<\/font><\/a><font face=\"Arial\" size=\"2\">, Gafsa ou Kasserine, les salafistes tentent d\u2019imposer une mutation sociale selon les normes fondamentalistes d\u2019un pouvoir islamiste. On estime le nombre de leurs partisans \u00e0 3\u2009000, scind\u00e9s en une centaine de groupuscules.<\/font><\/div>\n<div align=\"justify\" dir=\"ltr\">                                                                                                                                                                                                                                                                                   \u00a0<\/div>\n<div align=\"justify\" dir=\"ltr\"> <font face=\"Arial\" size=\"2\">Pourtant, ces salafistes-l\u00e0 sont d\u00e9nu\u00e9s d\u2019objectifs politiques. Nabil Mana\u00ef, un ancien de Hizb al-Tahrir, les d\u00e9crit comme \u00ab des franges sans cause d\u00e9finie, facilement manipulables faute d\u2019encadrement r\u00e9el. Ils r\u00e9clament le port du niqab, mais c\u2019est un objectif bien mince, sans impact. Ils contribuent \u00e0 soutenir Ennahdha, car ils appr\u00e9cient les d\u00e9monstrations publiques, ce sont des agitateurs et des agit\u00e9s \u00bb. Le chercheur fran\u00e7ais Vincent Geisser affirme que \u00ab ces groupes b\u00e9n\u00e9ficient d\u2019aides secr\u00e8tes de la part de certains milieux du Golfe dont le r\u00eave est de casser la \u00ab petite d\u00e9mocratie tunisienne \u00bb \u00bb.<\/font> \u00a0<\/div>\n<p> <font face=\"Arial\" size=\"2\"> <\/p>\n<div align=\"justify\" dir=\"ltr\">\u00a0<\/div>\n<p> <\/font> <\/p>\n<div align=\"justify\" dir=\"ltr\">                                                                                                                                                                                                                                                                                   \u00a0<\/div>\n<div align=\"justify\" dir=\"ltr\"> <font face=\"Arial\" size=\"2\"><font>Source: \u00ab\u00a0Jeune Afrique\u00a0\u00bb Le 22-12-2011                                                                                                                                                                                                                                                                                   <\/font><font>Lien: <a href=\"http:\/\/www.jeuneafrique.com\/Article\/ARTJAJA2657p040-045.xml4\/tunisie-islamistes-islam-niqabtunisie-la-mauvaise-foi-des-integristes.html\" target=\"_blank\" rel=\"noopener\">http:\/\/www.jeuneafrique.com\/Article\/ARTJAJA2657p040-045.xml4\/tunisie-islamistes-islam-niqabtunisie-la-mauvaise-foi-des-integristes.html<\/a><\/font><\/font><font> \u00a0<\/font><\/div>\n<p> <font><\/font> <\/p>\n<div dir=\"ltr\">\n<hr\/><\/div>\n<h3 align=\"center\" dir=\"ltr\" style=\"color: blue;\">\n<h3 style=\"color: blue;\"><font face=\"Arial\" size=\"3\">Un journaliste et un syndicaliste devant la justice<\/font><\/h3>\n<\/h3>\n<div align=\"justify\" dir=\"ltr\"> <font face=\"Arial\" size=\"2\"><font>Un rassemblement de soutien des enseignants de l&rsquo;enseignement secondaire, s\u2019est tenu, jeudi 22 d\u00e9cembre 2011, devant le Tribunal de premi\u00e8re instance de Tunis, pour soutenir Hassen Ksibi, journaliste, et Sami Tahri, secr\u00e9taire g\u00e9n\u00e9ral du Syndicat de l&rsquo;enseignement secondaire, qui sont poursuivis devant la justice et dont le proc\u00e8s a \u00e9t\u00e9 ouvert aujourd\u2019hui, suite \u00e0 la publication d&rsquo;un article concernant la corruption administrative dans le minist\u00e8re l\u2019Education.                                                                                                                                                                                                                                                                                                                                                                                                                                                                                                                                                                      M. Ksibi a expliqu\u00e9, dans une d\u00e9claration \u00e0 Shems Fm, que la plainte pour diffamation a \u00e9t\u00e9 d\u00e9pos\u00e9e par le directeur g\u00e9n\u00e9ral des affaires juridiques au sein du minist\u00e8re de l\u2019Education, suite \u00e0 la publication d\u2019un de ses articles rapportant un communiqu\u00e9 du Syndicat de l&rsquo;enseignement secondaire d\u00e9non\u00e7ant la corruption administrative au sein du minist\u00e8re, notamment celle de cet individu connu pour \u00eatre proche de Sadok Korbi, ancien ministre de l&rsquo;Education.                                                                                                                                                                                                                                                                                   Pour le journaliste, ce proc\u00e8s est une atteinte \u00e0 la libert\u00e9 de la presse et celle du syndicalisme. Mais, il reste optimiste et confiant dans la justice tunisienne.                                                                                                                                                                                                                                                                                                                                                                                                                                                                                                                                                                       Notons que la cour a d\u00e9cid\u00e9 de reporter le proc\u00e8s au 5 janvier 2012.pour d\u00e9lib\u00e9rations avant de prononcer son verdict.<\/font>                                                                                                                                                                                                                                                                                    \u00a0<\/font><\/div>\n<div align=\"justify\" dir=\"ltr\"> <font face=\"Arial\" size=\"2\">Source: \u00ab\u00a0Business News\u00a0\u00bb Le 22-12-2011<\/font><font> <\/font><font face=\"Arial\" size=\"2\">Lien: <a href=\"http:\/\/www.businessnews.com.tn\/Tunisie---Un-journaliste-et-un-syndicaliste-devant-la-justice,520,28344,3\" target=\"_blank\" rel=\"noopener\">http:\/\/www.businessnews.com.tn\/Tunisie&#8212;Un-journaliste-et-un-syndicaliste-devant-la-justice,520,28344,3<\/a><\/font><\/div>\n<div dir=\"ltr\">\n<hr\/><\/div>\n<h3 align=\"center\" class=\"ecxcontentheading\" dir=\"ltr\" style=\"color: blue;\">\n<h3 style=\"color: blue;\"><font face=\"Arial\" size=\"3\">2 questions \u00e0 Maroun Lahham, Archev\u00eaque de Tunis<\/font><\/h3>\n<\/h3>\n<div align=\"justify\" dir=\"ltr\"> <font face=\"Arial\" size=\"2\">En marge du quatri\u00e8me colloque international en 2011 sur le th\u00e8me \u00ab O\u00f9 va le printemps arabe ? \u00bborganis\u00e9 par l\u2019Observatoire arabe des religions et des libert\u00e9s, les 21 et 22 d\u00e9cembre \u00e0 Tunis, Investir en Tunisie a rencontr\u00e9 Mon Seigneur Maroun Lahham, Archev\u00eaque de Tunis. <\/font> <\/div>\n<p align=\"justify\" dir=\"ltr\"><font face=\"Arial\" size=\"2\"><font><b>Investir en Tunisie : Quel avenir pour les chr\u00e9tiens dans le monde arabe ?<\/b> <b>Maroun Lahham :<\/b> L\u2019avenir des Chr\u00e9tiens est diff\u00e9rent selon les pays. La situation dans l\u2019Occident arabe n\u2019est pas la m\u00eame dans les pays de l\u2019Orient. Dans le premier cas, les Chr\u00e9tiens sont dans la majorit\u00e9 des \u00e9trangers ce qui a mis en place une harmonie entre les religions. Dans le Maghreb, on accepte souvent qu\u2019un \u00e9tranger ait des croyances, des traditions et des religions diff\u00e9rentes, ce qui n\u2019est pas le cas dans l\u2019Orient o\u00f9 les Chr\u00e9tiens sont des Arabes. Il faut dire que la question de la minorit\u00e9 chr\u00e9tienne est y plus profonde.                                                                                                                                                                                                                                                                                  <b>Que pr\u00e9conisez-vous afin de mener \u00e0 bien la vie en paix entre Musulmans et Chr\u00e9tiens ?<\/b>                                                                                                                                                                                                                                                                                 Il faut avant tout que les nouveaux gouvernements nous traitent comme des citoyens de premier degr\u00e9. Nous somme tunisiens, \u00e9gyptiens, syriens avec les m\u00eames droits et devoirs que les Musulmans\u2026 Nous voulons une citoyennet\u00e9 active et compl\u00e8te. Les nouvelles constitutions doivent stipuler une v\u00e9ritable \u00e9galit\u00e9 et une participation active des Chr\u00e9tiens dans la vie politique et sociale. Il nous manque un message officiel de la part des nouveaux gouvernements qui met en valeur la fraternit\u00e9 et l\u2019\u00e9galit\u00e9 entre les deux croyances. La famille, l\u2019\u00e9cole et les maisons de culte, ont ainsi un r\u00f4le majeur dans l\u2019instauration d\u2019une culture de tol\u00e9rance.<\/font><\/font><\/p>\n<p align=\"justify\" dir=\"ltr\"><font face=\"Arial\" size=\"2\">Source: \u00ab\u00a0Investir en Tunisie\u00a0\u00bb Le 22-12-2011<\/font><font face=\"Arial\" size=\"2\"> \u00a0<\/font><\/p>\n<div align=\"justify\" dir=\"ltr\"> <font face=\"Arial\" size=\"2\"><font>Lien: <a href=\"http:\/\/www.investir-en-tunisie.net\/index.php?option=com_content&amp;view=article&amp;id=12626\" target=\"_blank\" rel=\"noopener\">http:\/\/www.investir-en-tunisie.net\/index.php?option=com_content&amp;view=article&amp;id=12626<\/a><\/font> \u00a0<\/font><\/div>\n<div align=\"justify\" dir=\"ltr\">\u00a0<\/div>\n<div align=\"justify\" dir=\"ltr\">\u00a0<\/div>\n<div align=\"center\" dir=\"ltr\">                                                                                                                                                                                                                                                                                   \u00a0<\/div>\n<div dir=\"ltr\">\n<hr\/><\/div>\n<div align=\"center\" dir=\"ltr\"> <a href=\"http:\/\/www.kapitalis.com\/afkar\/68-tribune\/7457-y-a-t-il-deux-islam-en-tunisie.html\" target=\"_blank\" rel=\"noopener\"><\/p>\n<h4 style=\"color: blue;\"><font face=\"Arial\"><strong><font>Y a-t-il deux Islam en Tunisie?<\/font><\/strong><\/font><\/h4>\n<p><\/a> \u00a0<\/div>\n<div align=\"justify\" dir=\"ltr\"> <font face=\"Arial\" size=\"2\"><span>L\u2019auteur met les pieds dans le \u00abtebsi\u00bb, comme il dit, en posant la question qui risque de f\u00e2cher : Y a-t-il plusieurs islams en Tunisie ? <\/span><\/font> <\/div>\n<div align=\"justify\" dir=\"ltr\"> <font face=\"Arial\" size=\"2\"><\/p>\n<hr width=\"160\"\/><\/font> <\/div>\n<div align=\"justify\" dir=\"ltr\"> <font face=\"Arial\" size=\"2\">C\u2019est une question simple et b\u00eate, peut \u00eatre non avenue et choquante pour certains, mais elle vaut bien une p\u00e9r\u00e9grination intellectuelle dont voici la teneur.                                                                                                                                                                                                                                                                                   Les sociologues aiment \u00e0 distinguer entre des cat\u00e9gories dans la soci\u00e9t\u00e9 et aiment par-dessus tout identifier autour de ces cat\u00e9gories des processus qui les font entrer en conflit. La soci\u00e9t\u00e9 \u00e9volue au gr\u00e9 du jeu de ces confrontations.                                                                                                                                                                                                                                                                                   <\/font><font face=\"Arial\" size=\"2\"><font><strong>La religion dans la vie politique                                                                                                                                                                                                                                                                                    <\/strong>                                                                                                                                                                                                                                                                                   S\u2019agissant de la Tunisie, le d\u00e9bat qui agite aujourd\u2019hui une frange de la population se cristallise autour de la place et du poids de la religion dans la vie politique et essentiellement dans la d\u00e9finition des libert\u00e9s individuelles.                                                                                                                                                                                                                                                                                   Apr\u00e8s le 14 janvier, les mouvements islamistes sont sortis de la clandestinit\u00e9 et sont devenus en un temps record une, sinon, la force politique importante en Tunisie. En face, l\u2019establishment universitaire, culturel et l\u2019intelligentsia de salon voient rouge ou plut\u00f4t vert. Ils craignent le r\u00e9veil d\u2019anciens atavismes de la soci\u00e9t\u00e9 tunisienne.                                                                                                                                                                                                                                                                                   Ce qui fait peur c\u2019est un retour de l\u2019institution des ul\u00e9mas et des savants-intellectuels religieux dans le champ juridique, universitaire et politique. S\u2019en suivrait alors une marche \u00e0 reculons qui ravagerait sur son passage beaucoup d\u2019acquis constituant le socle de la Tunisie moderne tels que le Code du statut personnel et tout ce qu\u2019il apporte en mati\u00e8re d\u2019\u00e9mancipation de la femme et le caract\u00e8re civil de l\u2019institution judiciaire, de l\u2019\u00e9cole, de l\u2019h\u00f4pital et de l\u2019universit\u00e9.                                                                                                                                                                                                                                                                                   Certains diraient nous revoil\u00e0 plong\u00e9s dans un d\u00e9bat entre le modernisme r\u00e9formateur versus le traditionalisme conservateur qui a \u00e9t\u00e9 une ligne de clivage importante des forces vives ayant men\u00e9 la lutte pour la lib\u00e9ration de la Tunisie et pour la construction de l\u2019Etat tunisien ind\u00e9pendant.                                                                                                                                                                                                                                                                                   La distinction entre ces deux cat\u00e9gories, modernisme r\u00e9formateur d\u2019un c\u00f4t\u00e9 et traditionalisme conservateur de l\u2019autre, va dans le sens d\u2019une certaine lecture de l\u2019histoire de la Tunisie. Il est vrai qu\u2019\u00e0 l\u2019initiative du Grand Vizir Kheireddine, une br\u00e8che s\u2019est ouverte dans la mainmise de la religion sur les institutions judiciaires et sur l\u2019enseignement (surtout avec la cr\u00e9ation du coll\u00e8ge Sadiki).                                                                                                                                                                                                                                                                                   Cette cat\u00e9gorisation est-elle toujours d\u2019actualit\u00e9 apr\u00e8s le 14 Janvier ? Est-ce encore une lecture pertinente pour comprendre la dynamique du jeu politique et des processus en \u0153uvre qui influenceront l\u2019\u00e9volution de la soci\u00e9t\u00e9 tunisienne ?                                                                                                                                                                                                                                                                                   <\/font><\/font><font face=\"Arial\" size=\"2\"><font><strong>La d\u00e9faite des intellectuels                                                                                                                                                                                                                                                                                    <\/strong>                                                                                                                                                                                                                                                                                   Certains signaux poussent \u00e0 nuancer le poids de la lutte entre modernisme r\u00e9formateur et traditionalisme conservateur. En effet, si le traditionalisme conservateur galvanise encore les foules, le modernisme r\u00e9formateur a perdu de son brio. Ce dernier est incarn\u00e9 aujourd\u2019hui par une \u00e9lite de plus en plus distante du peuple. La r\u00e9volution du 14 janvier n\u2019a fait qu\u2019aggraver l\u2019ab\u00eeme.                                                                                                                                                                                                                                                                                   Ma perception de la Tunisie d\u2019aujourd\u2019hui me laisse penser que la rue est moins port\u00e9e sur les d\u00e9bats id\u00e9ologiques et peu encline \u00e0 l\u2019intellectualisation des enjeux sociaux. Pour dire vrai, les Tunisiens ne tiennent pas les intellectuels en affection, il suffit de revoir l\u2019accueil r\u00e9serv\u00e9 \u00e0 des Mohammed Talbi, Youssef Seddik ou encore \u00e0 Abouya\u00e2reb Marzouki. Le leitmotiv de la rue demeure le \u00abreal\u00bb, le concret, l\u2019imm\u00e9diat et non les d\u00e9bats sans fin. C\u2019est pour cette raison que l\u2019\u00e9lite tunisienne issue de l\u2019establishment universitaire et le monde de la culture, qui s\u2019est intronis\u00e9e gardienne du temple du modernisme r\u00e9formateur dans lequel g\u00eet le bourguibisme, sont en train de p\u00e9ricliter.                                                                                                                                                                                                                                                                                   Je ne suis pas adepte de la th\u00e8se de la fin des id\u00e9ologies et de la fin de l\u2019Histoire pr\u00e9cipit\u00e9e par la chute du bloc sovi\u00e9tique. Je pense plut\u00f4t que le monde d\u2019aujourd\u2019hui ne carbure plus \u00e0 l\u2019id\u00e9ologie et aux utopies mais davantage \u00e0 la qu\u00eate de sens.                                                                                                                                                                                                                                                                                   Quelles sont alors les cat\u00e9gories agissantes dans la Tunisie actuelle ? J\u2019en vois d\u00e9sormais deux. Il ne s\u2019agit pas de classer tous les Tunisiens dans ces deux cat\u00e9gories. Certains ne s\u2019y reconna\u00eetront pas et ils auront raison. N\u00e9anmoins, je pense qu\u2019elles sont agissantes et influentes et d\u00e9sormais d\u00e9terminantes dans la dynamique de continuit\u00e9 et de changement dans la Tunisie de demain. Il s\u2019agit de deux conceptions et de pratiques de l\u2019islam m\u00eal\u00e9es \u00e0 des dimensions sociales culturelles et \u00e9conomiques.                                                                                                                                                                                                                                                                                   <\/font><\/font><font face=\"Arial\" size=\"2\"><font><strong>Islam citadin et islam rural                                                                                                                                                                                                                                                                                    <\/strong>                                                                                                                                                                                                                                                                                   Ma conception est qu\u2019il existe aujourd\u2019hui en Tunisie une tension entre deux islams et donc deux cat\u00e9gories : un islam citadin et bourgeois versus un islam rural et populaire.                                                                                                                                                                                                                                                                                   L\u2019islam citadin et bourgeois met l\u2019accent sur la pi\u00e9t\u00e9 et sur la vertu. La cit\u00e9 adoucit le temp\u00e9rament de l\u2019individu et l\u00e9nifie le lien social. L\u2019anxi\u00e9t\u00e9 sociale est de ce fait moins forte. La prosp\u00e9rit\u00e9 \u00e9conomique, le bien-\u00eatre et le confort mat\u00e9riel qui en d\u00e9coulent caract\u00e9risent la cit\u00e9. Elles changent le regard de l\u2019individu sur le monde et sur lui-m\u00eame. Le citadin est donc plus ouvert et plus enclin au dialogue et \u00e0 la n\u00e9gociation dans ses \u00e9changes du quotidien. Il vit sa foi plut\u00f4t dans son for int\u00e9rieur et il est plus \u00e0 m\u00eame de composer avec la diff\u00e9rence. Il est pieux et vertueux et il a une conception de l\u2019islam aussi bien cultuelle qu\u2019intellectuelle.                                                                                                                                                                                                                                                                                   De l\u2019autre c\u00f4t\u00e9, l\u2019islam rural et populaire est plus rigoriste et communautaire. Le lien social demeure fort et les m\u00e9canismes de solidarit\u00e9 agnatique sont encore structurants. Les soci\u00e9t\u00e9s sont plus norm\u00e9es et les codes sociaux encore pr\u00e9gnants. Ceci augmente l\u2019anxi\u00e9t\u00e9 sociale chez les individus et les rend moins tol\u00e9rants \u00e0 la diff\u00e9rence. La d\u00e9viance est lourdement sanctionn\u00e9e par l\u2019exclusion du groupe. Les rapports homme-femme sont aussi complexes et plus marqu\u00e9s par la domination masculine. L\u2019instruction et la culture sont r\u00e9duites \u00e0 la portion congrue dans les soci\u00e9t\u00e9s rurales conf\u00e9rant \u00e0 la religion et aux traditions un poids consid\u00e9rable. L\u2019islam est v\u00e9cu d\u2019une mani\u00e8re int\u00e9grale, comme le dit Ben Achour. Il est sanctuaris\u00e9. Sa lecture ne supporte ni doute ni renouveau. S\u2019ajoute \u00e0 ces caract\u00e9ristiques le sentiment d\u2019injustice m\u00e2tin\u00e9 d\u2019une ranc\u0153ur contre les citadins et les bourgeois de la part des classes rurales et populaires. Un sentiment h\u00e9rit\u00e9 des cinq derni\u00e8res d\u00e9cades et qui pourrait amener \u00e0 voir dans l\u2019islam rigoriste une porte de salut amenant justice et \u00e9galit\u00e9.                                                                                                                                                                                                                                                                                   Pour participer au d\u00e9bat politique en Tunisie, il faut d\u00e9sormais montrer patte blanche et commencer par affirmer son islam. Le d\u00e9bat se d\u00e9roulera alors entre musulmans qui s\u2019affirment en tant que tels et qui le montrent sans ombrages.                                                                                                                                                                                                                                                                                   Le d\u00e9bat sera celui entre l\u2019islam tol\u00e9rant, conciliateur et qui am\u00e9nage une place dans l\u2019ombre pour quelques libert\u00e9s individuelles et un islam rigoriste, total, tourn\u00e9 vers la tradition plut\u00f4t que les probl\u00e8mes de la soci\u00e9t\u00e9 et qui va rogner s\u00e9v\u00e8rement sur les libert\u00e9s individuelles.                                                                                                                                                                                                                                                                                   Pour les musulmans citadins, il existe des probl\u00e8mes et des enjeux sociaux avec des dimensions religieuses qu\u2019il conviendra peu ou prou de concilier. Pour l\u2019islam rural il n\u2019existe que des dimensions religieuses et doctrinales dont on ne peut d\u00e9roger sous aucun pr\u00e9texte car elles constituent l\u2019esprit de l\u2019islam.                                                                                                                                                                                                                                                                                   Aujourd\u2019hui ce sont les deux cat\u00e9gories qui structurent la soci\u00e9t\u00e9 tunisienne. Leur opposition fera \u00e9voluer la soci\u00e9t\u00e9 tunisienne vers un sens ou vers l\u2019autre. Il est \u00e9vident que, dans un tel d\u00e9bat, les \u00e9lites tunisiennes n\u2019auront plus droit au chapitre sauf si elles se muent en musulmans qui s\u2019affirment et en modernes. Elles doivent aussi admettre et reconna\u00eetre le caract\u00e8re sacr\u00e9 de tout ce qui a trait \u00e0 la religion. Il va sans dire que revendiquer son ath\u00e9isme ou toute autre id\u00e9ologie anti ou multi religieuse exclut de facto son tenant du champ politique. Ceci est n\u00e9anmoins tr\u00e8s regrettable.<\/font> <font>Source: \u00ab\u00a0Kapitalis\u00a0\u00bb Le 22-12-2011<\/font>                                                                                                                                                                                                                                                                                    \u00a0<\/font><\/div>\n<p align=\"justify\" dir=\"ltr\"><font face=\"Arial\" size=\"2\">Lien: http:\/\/www.kapitalis.com\/afkar\/68-tribune\/7457-y-a-t-il-deux-islam-en-tunisie.html<\/font><\/p>\n<p align=\"justify\" dir=\"ltr\">\u00a0<\/p>\n<div dir=\"ltr\">\n<hr\/><\/div>\n<h4 align=\"center\" class=\"ecxcontentheading\" dir=\"ltr\" style=\"color: blue;\"><font size=\"3\">Une seconde R\u00e9volution, pr\u00e9vient Hamma Hammami !<\/font> <\/h4>\n<div align=\"justify\" dir=\"ltr\"> <font face=\"Arial\" size=\"2\">Hamma Hammami, secr\u00e9taire g\u00e9n\u00e9ral du PCOT (Parti communiste des ouvriers de Tunisie) sort de ses gonds : \u00abIl est d\u00e9sormais clair que l&rsquo;alliance entre Ennahdha, le Congr\u00e8s pour la R\u00e9publique et Ettakatol repose sur une logique de partage du g\u00e2teau\u00bb. <\/font> <\/div>\n<p align=\"justify\" dir=\"ltr\"><font face=\"Arial\" size=\"2\">Dans une interview accord\u00e9e au quotidien \u00ab Le Temps \u00bb, M. Hammami a pr\u00e9cis\u00e9 que ces partis tentent aussi de r\u00e9compenser leurs militants par des postes minist\u00e9riels sans se soucier de l&rsquo;int\u00e9r\u00eat national : \u00ab La tro\u00efka sera confront\u00e9e \u00e0 plusieurs difficult\u00e9s d&rsquo;autant plus qu&rsquo;elle n&rsquo;a pas \u00e9t\u00e9 constitu\u00e9e sur la base d&rsquo;un programme \u00e9conomique et social commun mais sur la base d&rsquo;int\u00e9r\u00eats partisans \u00bb.                                                                                                                                                                                                                                                                                 Selon le secr\u00e9taire g\u00e9n\u00e9ral du PCOT, la Tunisie aurait mieux fait par ces temps difficiles d\u2019opter pour un gouvernement restreint pour r\u00e9duire les d\u00e9penses publiques, mais aussi pour assurer l&rsquo;efficience de l&rsquo;action gouvernementale.                                                                                                                                                                                                                                                                                 Quant au programme \u00e9conomique du mouvement Ennahdha, H.Hammami a indiqu\u00e9 que ce mouvement a un programme \u00e9conomique ultra-lib\u00e9ral qui n&rsquo;est pas diff\u00e9rent de celui appliqu\u00e9 par le r\u00e9gime de Ben Ali : \u00abL&rsquo;application de ce programme dans le cadre d&rsquo;une conjoncture \u00e9conomique mondiale tr\u00e8s difficile, marqu\u00e9e par la contraction de la demande europ\u00e9enne sous l&rsquo;effet d&rsquo;une grave crise de la dette pourrait mener le pays \u00e0 une seconde R\u00e9volution. La Tunisie a aujourd&rsquo;hui besoin de rompre avec le lib\u00e9ralisme sauvage et de s&rsquo;orienter vers une \u00e9conomie au service de la population \u00bb.                                                                                                                                                                                                                                                                                 En ce qui concerne l\u2019appel de M. Moncef Marzouki, pr\u00e9sident de la R\u00e9publique, \u00e0 une tr\u00eave politique et sociale pendant six mois, Hammami juge cet appel \u00ab insens\u00e9 \u00bb : \u00ab Le gouvernement doit d&rsquo;abord reconna\u00eetre l&rsquo;existence d&rsquo;un grand malaise social. Le ch\u00f4mage end\u00e9mique, la chert\u00e9 de la vie et la d\u00e9t\u00e9rioration des services sociaux sont autant de fl\u00e9aux qui p\u00e8sent lourd sur de larges franges de la soci\u00e9t\u00e9 tunisienne. Le gouvernement de transition de B\u00e9ji Ca\u00efd Essebsi a ferm\u00e9 les yeux sur tous ces probl\u00e8mes sociaux dont l&rsquo;intensit\u00e9 a, par cons\u00e9quent, augment\u00e9 au fil des mois. Au lieu d&rsquo;appeler \u00e0 une tr\u00eave sociale, le nouvel ex\u00e9cutif aurait d\u00fb s&rsquo;atteler \u00e0 prendre des mesures urgentes pour all\u00e9ger la souffrance des classes ouvri\u00e8res, des laiss\u00e9s pour compte et des oubli\u00e9s du pseudo-miracle \u00e9conomique tunisien, qui avait longtemps servi de faux bouclier au r\u00e9gime de Ben Ali face aux attaques sur les atteintes aux libert\u00e9s et aux droits de l&rsquo;Homme \u00bb.<\/font><\/p>\n<p align=\"justify\" dir=\"ltr\"><font face=\"Arial\" size=\"2\">Source: \u00ab\u00a0Investir en Tunisie\u00a0\u00bb Le 22-12-2011<\/font><\/p>\n<p align=\"justify\" dir=\"ltr\"><font face=\"Arial\" size=\"2\">Lien: http:\/\/www.investir-en-tunisie.net\/index.php?option=com_content&amp;view=article&amp;id=12628<\/font><\/p>\n<p align=\"justify\" dir=\"ltr\">\u00a0<\/p>\n<div dir=\"ltr\">\n<hr\/><\/div>\n<h4 align=\"center\" class=\"ecxtitre\" dir=\"ltr\" style=\"color: blue;\"><font size=\"3\">Nouvelles radios priv\u00e9es: En attendant Godot!<\/font> <\/h4>\n<div align=\"justify\" dir=\"ltr\"> <font face=\"Arial\" size=\"2\">Un s\u00e9minaire a \u00e9t\u00e9 organis\u00e9, \u00e0 Tunis, les 19, 20 et 21 d\u00e9cembre 2011, pour aider les nouvelles radios priv\u00e9es de la bande FM, autoris\u00e9es en juin 2011, \u00e0 entamer une r\u00e9flexion approfondie pour mieux saisir les tenants et les aboutissants d\u2019un projet de radio. Mais les projets au nombre de 12 ont des difficult\u00e9s \u00e0 d\u00e9marrer. Et les conventions pr\u00e9cisant leurs droits et devoirs n\u2019ont pas encore \u00e9t\u00e9 \u00e9tablies.Cr\u00e9er une <\/font><a href=\"http:\/\/directinfo.webmanagercenter.com\/2011\/05\/30\/tunisie-medias-des-demandes-pour-le-lancement-de-32-radios\/\" target=\"_blank\" rel=\"noopener\"><font face=\"Arial\" size=\"2\">radio FM<\/font><\/a><font face=\"Arial\" size=\"2\">: savoir ce que l\u2019on veut et pour qui? L\u2019information radio: comment la rendre proche des citoyens? Comment diriger et animer l\u2019\u00e9quipe d\u2019une jeune station? C\u2019est \u00e0 ces trois grandes questions qu\u2019un s\u00e9minaire, organis\u00e9 par le CAPJC (Centre africain de perfectionnement des journalistes et communicateurs), l<\/font><a href=\"http:\/\/directinfo.webmanagercenter.com\/2011\/09\/25\/medias-ce-que-recommande-linric-pour-soigner-le-secteur\/\" target=\"_blank\" rel=\"noopener\"><font face=\"Arial\" size=\"2\">\u2019INRIC<\/font><\/a><font size=\"2\"><font face=\"Arial\">(Instance nationale de r\u00e9forme de l\u2019information et de la communication) et RFI (Radio France Internationale), les 19, 20 et 21 d\u00e9cembre 2011, a tent\u00e9 de r\u00e9pondre.                                                                                                                                                                                                                                                                                   Le s\u00e9minaire, destin\u00e9 aux promoteurs des radios priv\u00e9es, au nombre de 12, qui ont \u00e9t\u00e9 autoris\u00e9es le 29 juin 2011 \u00e0 \u00e9mettre, s\u2019est voulu un moment de profonde r\u00e9flexion pour mieux saisir les tenants et les aboutissants d\u2019un projet de radio.                                                                                                                                                                                                                                                                                   Il a essay\u00e9 aux travers des s\u00e9ances pl\u00e9ni\u00e8res et ateliers anim\u00e9s par des consultants qui se recrutent pour l\u2019essentiel dans les rangs de deux radios fran\u00e7aises, RFI et de Monte Carlo Doualiya (en langue arabe), de mieux faire saisir \u00e0 la vingtaine de participants \u00e0 cette rencontre des aspects aussi diff\u00e9rents que ceux relatifs \u00e0 la formulation des objectifs organisationnels et sectoriels d\u2019une radio ou encore au d\u00e9veloppement d\u2019une information cr\u00e9dible et de proximit\u00e9 en passant par la d\u00e9finition d\u2019une ligne \u00e9ditoriale ou d\u2019un plan marketing en vue de mieux fid\u00e9liser la client\u00e8le.                                                                                                                                                                                                                                                                                   <strong>Au niveau des \u00abbalbutiements\u00bb<\/strong>                                                                                                                                                                                                                                                                                   Ce s\u00e9minaire semble arriver au bon moment. En effet, sur les 12 radios autoris\u00e9es, 2 seulement ont commenc\u00e9 \u00e0 \u00e9mettre. Il s\u2019agit de Radio 6 et la Radio Oxyg\u00e8ne. La premi\u00e8re est install\u00e9e \u00e0 Tunis, la seconde \u00e0 Menzel Bourguiba (gouvernorat de Bizerte).                                                                                                                                                                                                                                                                                   Pourquoi? De nombreuses explications sont donn\u00e9es par les promoteurs, dont certains semblent un peu plus avanc\u00e9s que d\u2019autres. Ainsi, si certains sont au niveau des essais, d\u2019autres ne sont qu\u2019au niveau des \u00abbalbutiements\u00bb, \u00e0 en croire une source proche du dossier de ces radios.                                                                                                                                                                                                                                                                                   Certains invoquent les frais \u00abexorbitants\u00bb exig\u00e9s pour la t\u00e9l\u00e9diffusion -comprenez l\u2019ONT (Office national de t\u00e9l\u00e9diffusion), qui demande \u00e0 \u00eatre pay\u00e9 rubis sur l\u2019ongle-, d\u2019autres \u00e9voquent la chert\u00e9 du mat\u00e9riel \u00e0 acqu\u00e9rir, d\u2019autres encore sont \u00e0 court de \u00abfrais de fonctionnement\u00bb qui vont leur permettre de pouvoir r\u00e9sister pendant un certain temps (4 \u00e0 5 mois), le temps de pouvoir gagner de l\u2019argent, ou sont en train d\u2019\u00e9tablir des contrats publicitaires pour pouvoir d\u00e9marrer du bon pied.                                                                                                                                                                                                                                                                                   <strong>En de\u00e7\u00e0 des attentes du march\u00e9 m\u00e9diatique<\/strong>                                                                                                                                                                                                                                                                                   Quoi qu\u2019il en soit, tous se pr\u00e9occupent du financement de leur projet et notamment des ressources publicitaires. D\u2019une part, parce que le march\u00e9 ne pr\u00e9sente pas, pour l\u2019heure, des signes encourageants du fait de la r\u00e9cession que vit le pays. D\u2019autre part, parce que les ressources publicitaires sont bien en de\u00e7\u00e0 des attentes du march\u00e9 m\u00e9diatique.                                                                                                                                                                                                                                                                                   Ainsi et \u00e0 en croire les chiffres fournis par le cabinet Sygma Conseil, les radios n\u2019ont b\u00e9n\u00e9fici\u00e9, en 2010, que de 33,6 millions de dinars de recettes publicitaires, soit 20 % du chiffre d\u2019affaires global de la publicit\u00e9: 164 millions de dinars. Un chiffre jug\u00e9, \u00e0 juste titre, th\u00e9orique ne prenant pas en compte les 3 R (Remises, Ristournes et Rabais). Ce qui veut dire, en r\u00e9alit\u00e9, que ce chiffre ne d\u00e9passerait pas 120 millions de dinars.                                                                                                                                                                                                                                                                                   Une autre zone d\u2019ombre, pour ainsi dire, au tableau: le Premier minist\u00e8re, qui a pris en charge les attributions communicationnelles de l\u2019Etat, assur\u00e9es auparavant par le d\u00e9funt minist\u00e8re de la Communication, du moins certains d\u2019entre elles, du reste n\u00e9cessaires dans tout Etat d\u00e9mocratique, n\u2019a pas encore \u00e9tabli les textes des conventions qui doivent pr\u00e9ciser pour les promoteurs leurs droits et devoirs.                                                                                                                                                                                                                                                                                   Ces conventions, qui sont en fait des contrats, doivent \u00eatre sign\u00e9s par les promoteurs avec une instance de r\u00e9gulation de l\u2019audiovisuel, qui se doit de jouer le r\u00f4le de \u00abpolicier\u00bb de l\u2019audiovisuel, veillant \u00e0 l\u2019application des textes des conventions et de la d\u00e9ontologie.                                                                                                                                                                                                                                                                                   Annonc\u00e9e au d\u00e9but de l\u2019\u00e9t\u00e9 dernier, cette instance n\u2019est toujours pas cr\u00e9\u00e9e, et le projet de texte la concernant, pr\u00e9par\u00e9 par le gouvernement de B\u00e9ji Ca\u00efd Essebsi, doit \u00eatre examin\u00e9 par la Constituante.                                                                                                                                                                                                                                                                                   Pourtant, toute la proc\u00e9dure en vue du d\u00e9marrage des nouvelles radios priv\u00e9es, autoris\u00e9es \u00e0 \u00e9mettre, donc, en juin 2011, ne devait pas prendre plus que six mois! <\/font> <\/font><font face=\"Arial\" size=\"2\"><font>Source: \u00ab\u00a0WMC\u00a0\u00bb Le 22-12-2011<\/font> <font>Lien: <a href=\"http:\/\/www.webmanagercenter.com\/management\/article-114117-tunisie-nouvelles-radios-privees-en-attendant-godot\" target=\"_blank\" rel=\"noopener\">http:\/\/www.webmanagercenter.com\/management\/article-114117-tunisie-nouvelles-radios-privees-en-attendant-godot<\/a><\/font> \u00a0<\/font><\/div>\n<p> <\/font><\/p>\n<\/p><\/div>\n<\/p><\/div>\n<\/p><\/div>\n<\/p><\/div>\n<\/p><\/div>\n<\/p><\/div>\n<\/p><\/div>\n<\/p><\/div>\n<\/p><\/div>\n<\/p><\/div>\n<\/p><\/div>\n<\/p><\/div>\n<\/p><\/div>\n<\/p><\/div>\n<\/p><\/div>\n<\/p><\/div>\n<\/p><\/div>\n<\/p><\/div>\n<\/p><\/div>\n<\/p><\/div>\n<\/p><\/div>\n<\/p><\/div>\n<\/p><\/div>\n<\/p><\/div>\n<\/p><\/div>\n<\/p><\/div>\n<\/p><\/div>\n<\/p><\/div>\n<\/p><\/div>\n<\/p><\/div>\n<\/p><\/div>\n<\/p><\/div>\n<\/p><\/div>\n<\/p><\/div>\n<\/p><\/div>\n<\/p><\/div>\n<\/p><\/div>\n<\/p><\/div>\n<\/p><\/div>\n<\/p><\/div>\n<\/p><\/div>\n<\/p><\/div>\n<\/p><\/div>\n<\/p><\/div>\n<\/p><\/div>\n<\/p><\/div>\n<\/p><\/div>\n<\/p><\/div>\n<\/p><\/div>\n<\/p><\/div>\n<\/p><\/div>\n<\/p><\/div>\n<\/p><\/div>\n<\/p><\/div>\n<\/p><\/div>\n<\/p><\/div>\n<\/p><\/div>\n<\/p><\/div>\n<\/p><\/div>\n<\/p><\/div>\n<\/p><\/div>\n<\/p><\/div>\n<\/p><\/div>\n<\/p><\/div>\n<\/p><\/div>\n<\/p><\/div>\n<\/p><\/div>\n<\/p><\/div>\n<\/p><\/div>\n<\/p><\/div>\n<\/p><\/div>\n<\/p><\/div>\n<\/p><\/div>\n<\/p><\/div>\n<\/p><\/div>\n<\/p><\/div>\n<\/p><\/div>\n<\/p><\/div>\n<\/p><\/div>\n<\/p><\/div>\n<\/p><\/div>\n<\/p><\/div>\n<\/p><\/div>\n<\/p><\/div>\n<\/p><\/div>\n<\/p><\/div>\n<\/p><\/div>\n<\/p><\/div>\n<\/p><\/div>\n<\/p><\/div>\n<\/p><\/div>\n<\/p><\/div>\n<\/p><\/div>\n<\/p><\/div>\n<\/p><\/div>\n<\/p><\/div>\n<\/p><\/div>\n<\/p><\/div>\n<\/p><\/div>\n<\/p><\/div>\n<\/p><\/div>\n<\/p><\/div>\n<\/p><\/div>\n<\/p><\/div>\n<\/p><\/div>\n<\/p><\/div>\n<\/p><\/div>\n<\/p><\/div>\n<\/p><\/div>\n<\/p><\/div>\n<\/p><\/div>\n<\/p><\/div>\n<\/p><\/div>\n<\/p><\/div>\n<\/p><\/div>\n<\/p><\/div>\n<\/p><\/div>\n<\/p><\/div>\n<\/p><\/div>\n<\/p><\/div>\n<\/p><\/div>\n<\/p><\/div>\n<\/p><\/div>\n<\/p><\/div>\n<\/p><\/div>\n<\/p><\/div>\n<\/p><\/div>\n<\/p><\/div>\n<\/p><\/div>\n<\/p><\/div>\n<\/p><\/div>\n<\/p><\/div>\n<\/p><\/div>\n<\/p><\/div>\n<\/p><\/div>\n<p align=\"justify\"> <span lang=\"NO-BOK\"> <font face=\"Arial\"><\/font><\/span><\/p>\n<\/div>\n<p><\/body><\/body><\/html><\/p>","protected":false},"excerpt":{"rendered":"<p>\u00a0 \u00a0 TUNISNEWS 11 \u00e8me ann\u00e9e, N\u00b04194 du 23.12.2011 archives : www.tunisnews.net \u00a0 Nouvel Obs: Tunisie: un nouveau gouvernement domin\u00e9 par Ennahdha Alternatives citoyennes: L&rsquo;affligeant accouchement au forceps d&rsquo;un gouvernement hydroc\u00e9phale La Croix: En Tunisie, Captain Khobza garde la transition d\u00e9mocratique \u00e0 l\u2019\u0153il Investir en Tunisie: Chercher le coupable de la fermeture de Yazaki Jeune [&hellip;]<\/p>\n","protected":false},"author":1,"featured_media":22040,"comment_status":"open","ping_status":"open","sticky":false,"template":"","format":"standard","meta":{"inline_featured_image":false,"site-sidebar-layout":"default","site-content-layout":"","ast-site-content-layout":"default","site-content-style":"default","site-sidebar-style":"default","ast-global-header-display":"","ast-banner-title-visibility":"","ast-main-header-display":"","ast-hfb-above-header-display":"","ast-hfb-below-header-display":"","ast-hfb-mobile-header-display":"","site-post-title":"","ast-breadcrumbs-content":"","ast-featured-img":"","footer-sml-layout":"","ast-disable-related-posts":"","theme-transparent-header-meta":"","adv-header-id-meta":"","stick-header-meta":"","header-above-stick-meta":"","header-main-stick-meta":"","header-below-stick-meta":"","astra-migrate-meta-layouts":"default","ast-page-background-enabled":"default","ast-page-background-meta":{"desktop":{"background-color":"","background-image":"","background-repeat":"repeat","background-position":"center center","background-size":"auto","background-attachment":"scroll","background-type":"","background-media":"","overlay-type":"","overlay-color":"","overlay-opacity":"","overlay-gradient":""},"tablet":{"background-color":"","background-image":"","background-repeat":"repeat","background-position":"center center","background-size":"auto","background-attachment":"scroll","background-type":"","background-media":"","overlay-type":"","overlay-color":"","overlay-opacity":"","overlay-gradient":""},"mobile":{"background-color":"","background-image":"","background-repeat":"repeat","background-position":"center center","background-size":"auto","background-attachment":"scroll","background-type":"","background-media":"","overlay-type":"","overlay-color":"","overlay-opacity":"","overlay-gradient":""}},"ast-content-background-meta":{"desktop":{"background-color":"var(--ast-global-color-5)","background-image":"","background-repeat":"repeat","background-position":"center center","background-size":"auto","background-attachment":"scroll","background-type":"","background-media":"","overlay-type":"","overlay-color":"","overlay-opacity":"","overlay-gradient":""},"tablet":{"background-color":"var(--ast-global-color-5)","background-image":"","background-repeat":"repeat","background-position":"center center","background-size":"auto","background-attachment":"scroll","background-type":"","background-media":"","overlay-type":"","overlay-color":"","overlay-opacity":"","overlay-gradient":""},"mobile":{"background-color":"var(--ast-global-color-5)","background-image":"","background-repeat":"repeat","background-position":"center center","background-size":"auto","background-attachment":"scroll","background-type":"","background-media":"","overlay-type":"","overlay-color":"","overlay-opacity":"","overlay-gradient":""}},"footnotes":""},"categories":[],"tags":[64,42,29],"class_list":["post-18288","post","type-post","status-publish","format-standard","has-post-thumbnail","hentry","tag-64","tag-42","tag-fr"],"_links":{"self":[{"href":"https:\/\/tunisnews.net\/ar\/wp-json\/wp\/v2\/posts\/18288","targetHints":{"allow":["GET"]}}],"collection":[{"href":"https:\/\/tunisnews.net\/ar\/wp-json\/wp\/v2\/posts"}],"about":[{"href":"https:\/\/tunisnews.net\/ar\/wp-json\/wp\/v2\/types\/post"}],"author":[{"embeddable":true,"href":"https:\/\/tunisnews.net\/ar\/wp-json\/wp\/v2\/users\/1"}],"replies":[{"embeddable":true,"href":"https:\/\/tunisnews.net\/ar\/wp-json\/wp\/v2\/comments?post=18288"}],"version-history":[{"count":0,"href":"https:\/\/tunisnews.net\/ar\/wp-json\/wp\/v2\/posts\/18288\/revisions"}],"wp:featuredmedia":[{"embeddable":true,"href":"https:\/\/tunisnews.net\/ar\/wp-json\/wp\/v2\/media\/22040"}],"wp:attachment":[{"href":"https:\/\/tunisnews.net\/ar\/wp-json\/wp\/v2\/media?parent=18288"}],"wp:term":[{"taxonomy":"category","embeddable":true,"href":"https:\/\/tunisnews.net\/ar\/wp-json\/wp\/v2\/categories?post=18288"},{"taxonomy":"post_tag","embeddable":true,"href":"https:\/\/tunisnews.net\/ar\/wp-json\/wp\/v2\/tags?post=18288"}],"curies":[{"name":"wp","href":"https:\/\/api.w.org\/{rel}","templated":true}]}}